{"id":9399,"date":"2022-08-15T09:15:03","date_gmt":"2022-08-15T07:15:03","guid":{"rendered":"https:\/\/www.backwinkel.de\/blog\/?p=9399"},"modified":"2026-04-22T16:18:42","modified_gmt":"2026-04-22T14:18:42","slug":"gelungener-auftritt","status":"publish","type":"post","link":"https:\/\/www.backwinkel.de\/blog\/gelungener-auftritt\/","title":{"rendered":"Gelungener Auftritt:"},"content":{"rendered":"\n<style type=\"text\/css\" data-created_by=\"avia_inline_auto\" id=\"style-css-av-3e38q3r-e99c73ebed710c30d146d5fa3f98ce3b\">\n.flex_column.av-3e38q3r-e99c73ebed710c30d146d5fa3f98ce3b{\nborder-radius:0px 0px 0px 0px;\npadding:0px 0px 0px 0px;\n}\n<\/style>\n<div  class='flex_column av-3e38q3r-e99c73ebed710c30d146d5fa3f98ce3b av_one_full  avia-builder-el-0  el_before_av_three_fifth  avia-builder-el-first  first flex_column_div av-zero-column-padding  '     ><p>\n<style type=\"text\/css\" data-created_by=\"avia_inline_auto\" id=\"style-css-av-c2jmtz-d4a681fd803a2afd2623c222644a6880\">\n#top .hr.hr-invisible.av-c2jmtz-d4a681fd803a2afd2623c222644a6880{\nmargin-top:0px;\nheight:1px;\n}\n<\/style>\n<div  class='hr av-c2jmtz-d4a681fd803a2afd2623c222644a6880 hr-invisible  avia-builder-el-1  el_before_av_heading  avia-builder-el-first '><span class='hr-inner '><span class=\"hr-inner-style\"><\/span><\/span><\/div><br \/>\n\n<style type=\"text\/css\" data-created_by=\"avia_inline_auto\" id=\"style-css-av-l669ftmc-9a405d51db7c5f1f98bd210cdf5f2526\">\n#top .av-special-heading.av-l669ftmc-9a405d51db7c5f1f98bd210cdf5f2526{\npadding-bottom:10px;\n}\nbody .av-special-heading.av-l669ftmc-9a405d51db7c5f1f98bd210cdf5f2526 .av-special-heading-tag .heading-char{\nfont-size:25px;\n}\n.av-special-heading.av-l669ftmc-9a405d51db7c5f1f98bd210cdf5f2526 .av-subheading{\nfont-size:15px;\n}\n<\/style>\n<div  class='av-special-heading av-l669ftmc-9a405d51db7c5f1f98bd210cdf5f2526 av-special-heading-h1 blockquote modern-quote  avia-builder-el-2  el_after_av_hr  el_before_av_post_metadata  av-linked-heading'><h1 class='av-special-heading-tag '  >Gelungener Auftritt: So schafft K\u00f6rpersprache mehr Selbstbewusstsein <\/h1><div class='av-subheading av-subheading_below'><p class=\"autorenname\">Elisa Morel<\/p>\n<\/div><div class=\"special-heading-border\"><div class=\"special-heading-inner-border\"><\/div><\/div><\/div><br \/>\n\n<style type=\"text\/css\" data-created_by=\"avia_inline_auto\" id=\"style-css-av-6fhj93-7bd5d8ee06ae7ccf8cb126b8afd9f38f\">\n#top .av-post-metadata-container.av-6fhj93-7bd5d8ee06ae7ccf8cb126b8afd9f38f{\nfont-size:12px;\n}\n#top .av-post-metadata-container.av-6fhj93-7bd5d8ee06ae7ccf8cb126b8afd9f38f .av-post-metadata-container-inner{\nfont-size:12px;\n}\n<\/style>\n<div  class='av-post-metadata-container av-6fhj93-7bd5d8ee06ae7ccf8cb126b8afd9f38f av-metadata-container-align-left  avia-builder-el-3  el_after_av_heading  el_before_av_textblock  av-metadata-container-1'><div class='av-post-metadata-container-inner'><span class=\"av-post-metadata-content av-post-metadata-meta-content\"><span class=\"av-post-metadata-content av-post-metadata-modified\"><span class=\"av-metadata-before av-metadata-before-modified\">Aktualisiert:<\/span><span class=\"av-post-metadata-modified-date\" >22. April 2026<\/span><\/span><span class=\"av-post-metadata-content av-post-metadata-separator\">\/<\/span><span class=\"av-post-metadata-content av-post-metadata-modified\"><span class=\"av-metadata-before av-metadata-before-modified\">Zuletzt aktualisiert:<\/span><span class=\"av-post-metadata-modified-date\" >22. April 2026<\/span><\/span><\/span><\/div><\/div><br \/>\n\n<style type=\"text\/css\" data-created_by=\"avia_inline_auto\" id=\"style-css-av-3ahkxzb-d298ebc7f1352f28ab4eaa86c139feca\">\n#top .av_textblock_section.av-3ahkxzb-d298ebc7f1352f28ab4eaa86c139feca .avia_textblock{\nfont-size:20px;\n}\n<\/style>\n<section  class='av_textblock_section av-3ahkxzb-d298ebc7f1352f28ab4eaa86c139feca '  ><div class='avia_textblock' ><p>Ein gesundes Selbstbewusstsein ist unerl\u00e4sslich \u2013 zumindest, wenn man den Medien glaubt. Und es stimmt, dass Menschen mit einem gesunden Selbstbewusstsein gl\u00fccklicher sind. Auch im Internet wimmelt es von Coachings, \u00dcbungen und Tipps f\u00fcr ein selbstsichereres Auftreten, oft im Hinblick auf die K\u00f6rpersprache.<\/p>\n<\/div><\/section><br \/>\n\n<style type=\"text\/css\" data-created_by=\"avia_inline_auto\" id=\"style-css-av-396qzjb-ede1f8a7d2caff4dbbf9a7b19aa5b823\">\n.avia-image-container.av-396qzjb-ede1f8a7d2caff4dbbf9a7b19aa5b823 img.avia_image{\nbox-shadow:none;\n}\n.avia-image-container.av-396qzjb-ede1f8a7d2caff4dbbf9a7b19aa5b823 .av-image-caption-overlay-center{\ncolor:#ffffff;\n}\n<\/style>\n<div  class='avia-image-container av-396qzjb-ede1f8a7d2caff4dbbf9a7b19aa5b823 av-styling- avia-align-center  avia-builder-el-5  el_after_av_textblock  el_before_av_hr '  ><div class=\"avia-image-container-inner\"><div class=\"avia-image-overlay-wrap\"><img decoding=\"async\" fetchpriority=\"high\" class='wp-image-9402 avia-img-lazy-loading-not-9402 avia_image ' src=\"https:\/\/www.backwinkel.de\/blog\/wp-content\/uploads\/2022\/07\/backwinkel-blog-gelungener-auftritt-schule-anteasern.jpg\" alt='' title='backwinkel-blog-gelungener-auftritt-schule-anteasern'  height=\"628\" width=\"1200\"  \/><\/div><\/div><\/div><br \/>\n\n<style type=\"text\/css\" data-created_by=\"avia_inline_auto\" id=\"style-css-av-37okbrr-ea641503681a5f4ce2cee0c0d640326e\">\n#top .hr.hr-invisible.av-37okbrr-ea641503681a5f4ce2cee0c0d640326e{\nheight:5px;\n}\n<\/style>\n<div  class='hr av-37okbrr-ea641503681a5f4ce2cee0c0d640326e hr-invisible  avia-builder-el-6  el_after_av_image  el_before_av_textblock '><span class='hr-inner '><span class=\"hr-inner-style\"><\/span><\/span><\/div><br \/>\n\n<style type=\"text\/css\" data-created_by=\"avia_inline_auto\" id=\"style-css-av-35ned8n-98b0781abfbac8e23b84968d944d74cb\">\n#top .av_textblock_section.av-35ned8n-98b0781abfbac8e23b84968d944d74cb .avia_textblock{\nfont-size:10px;\n}\n<\/style>\n<section  class='av_textblock_section av-35ned8n-98b0781abfbac8e23b84968d944d74cb '  ><div class='avia_textblock' ><p class=\"bildnennung-beitrag\" style=\"text-align: left;\">\u00a9 STUDIO GRAND WEB, Adobestock.com<\/p>\n<\/div><\/section><br \/>\n\n<style type=\"text\/css\" data-created_by=\"avia_inline_auto\" id=\"style-css-av-341p907-edc552b6aba5f9b418a7f126d274553d\">\n#top .hr.hr-invisible.av-341p907-edc552b6aba5f9b418a7f126d274553d{\nheight:20px;\n}\n<\/style>\n<div  class='hr av-341p907-edc552b6aba5f9b418a7f126d274553d hr-invisible  avia-builder-el-8  el_after_av_textblock  el_before_av_textblock '><span class='hr-inner '><span class=\"hr-inner-style\"><\/span><\/span><\/div><br \/>\n\n<style type=\"text\/css\" data-created_by=\"avia_inline_auto\" id=\"style-css-av-32fx4qv-c81d2fbb2e6cafe4767aeb4f3d25d4db\">\n#top .av_textblock_section.av-32fx4qv-c81d2fbb2e6cafe4767aeb4f3d25d4db .avia_textblock{\nfont-size:20px;\n}\n<\/style>\n<section  class='av_textblock_section av-32fx4qv-c81d2fbb2e6cafe4767aeb4f3d25d4db '  ><div class='avia_textblock' ><p>So weit sind Ihre Kinder selbstverst\u00e4ndlich noch nicht, und sie haben auch noch viel Zeit, alles \u00fcber K\u00f6rpersprache zu lernen. In diesem Artikel erfahren Sie, wie Sie Ihren Kindern die Welt der nonverbalen Kommunikation spielerisch n\u00e4herbringen und so ihr Bewusstsein f\u00fcr die eigenen Signale sch\u00e4rfen.<\/p>\n<\/div><\/section><\/p><\/div>\n<style type=\"text\/css\" data-created_by=\"avia_inline_auto\" id=\"style-css-av-au79p3-543305da4cbf939fb0169d73e3d6acf1\">\n.flex_column.av-au79p3-543305da4cbf939fb0169d73e3d6acf1{\nborder-radius:0px 0px 0px 0px;\npadding:20px 20px 20px 20px;\nbackground-color:#f2f2f2;\n}\n<\/style>\n<div  class='flex_column av-au79p3-543305da4cbf939fb0169d73e3d6acf1 av_three_fifth  avia-builder-el-10  el_after_av_one_full  el_before_av_two_fifth  first flex_column_div  column-top-margin'     ><style type=\"text\/css\" data-created_by=\"avia_inline_auto\" id=\"style-css-av-2z0b44n-ae5443e309e6f128fc49ffc40e442bc9\">\n#top .av_textblock_section.av-2z0b44n-ae5443e309e6f128fc49ffc40e442bc9 .avia_textblock{\nfont-size:14px;\n}\n<\/style>\n<section  class='av_textblock_section av-2z0b44n-ae5443e309e6f128fc49ffc40e442bc9 '  ><div class='avia_textblock' ><p><strong>Inhalt<\/strong><\/p>\n<p><strong><a href=\"#1\">1. Die Bedeutung unserer K\u00f6rpersprache<\/a><\/strong><br \/>\n1.1. K\u00f6rpersprache und K\u00f6rperbewusstsein<br \/>\n1.2. K\u00f6rpersprache und Selbstbewusstsein<\/p>\n<p><strong><a href=\"#2\">2. \u00dcbungen zur bewussten K\u00f6rpersprache <\/a><br \/>\n<\/strong>2.1. Standbilder<br \/>\n2.2. Gef\u00fchls-Pantomime<br \/>\n2.3. Spiegelbild<br \/>\n2.4. Power Posing<\/p>\n<\/div><\/section><\/div><\/p>\n\n<style type=\"text\/css\" data-created_by=\"avia_inline_auto\" id=\"style-css-av-2wqwavb-8c46175c2267db2f96e7f4caa6933e75\">\n.flex_column.av-2wqwavb-8c46175c2267db2f96e7f4caa6933e75{\nborder-radius:0px 0px 0px 0px;\npadding:0 0 0 0;\n}\n<\/style>\n<div  class='flex_column av-2wqwavb-8c46175c2267db2f96e7f4caa6933e75 av_two_fifth  avia-builder-el-12  el_after_av_three_fifth  el_before_av_sidebar  flex_column_div av-zero-column-padding  column-top-margin'     ><\/div>\n<div  class='avia-builder-widget-area clearfix  avia-builder-el-13  el_after_av_two_fifth  el_before_av_one_full '><div id=\"text-34\" class=\"widget clearfix widget_text\">\t\t\t<div class=\"textwidget\"><p><a href=\"https:\/\/www.backwinkel.de\/nachhaltig-denken\/\" target=\"\\_blank\" rel=\"noopener\"><br \/>\n<img decoding=\"async\" class=\"werbung-desktop alignnone wp-image-4186 size-full\" src=\"https:\/\/www.backwinkel.de\/blog\/wp-content\/uploads\/2026\/04\/Backwinkel-blog-werbebanner-shop-schule_desktop.jpg\" alt=\"\" width=\"1251\" height=\"201\" \/><br \/>\n<\/a><br \/>\n<a href=\"https:\/\/www.backwinkel.de\/nachhaltig-denken\/\" target=\"\\_blank\" rel=\"noopener\"><br \/>\n<img decoding=\"async\" class=\"werbung-mobile alignnone wp-image-4187 size-full\" src=\"https:\/\/www.backwinkel.de\/blog\/wp-content\/uploads\/2026\/04\/Backwinkel-blog-werbebanner-shop-schule_mobile.jpg\" alt=\"\" width=\"550\" height=\"500\" \/><br \/>\n<\/a><\/p>\n<\/div>\n\t\t<\/div><\/div>\n\n<style type=\"text\/css\" data-created_by=\"avia_inline_auto\" id=\"style-css-av-2to0bg7-0a985a4f2f6c796ea61874ec1d90ac94\">\n.flex_column.av-2to0bg7-0a985a4f2f6c796ea61874ec1d90ac94{\nborder-radius:0px 0px 0px 0px;\npadding:0px 0px 0px 0px;\n}\n<\/style>\n<div  class='flex_column av-2to0bg7-0a985a4f2f6c796ea61874ec1d90ac94 av_one_full  avia-builder-el-14  el_after_av_sidebar  el_before_av_one_full  first flex_column_div av-zero-column-padding  '     ><section  class='av_textblock_section av-2rgjdmf-6d61c0d243803e5ceba63da896124be3 '  ><div class='avia_textblock' >\n<style type=\"text\/css\" data-created_by=\"avia_inline_auto\" id=\"style-css-av-2qtq1pz-d3d47e6094d03d0c17e4c389dc3206ff\">\n#top .hr.hr-invisible.av-2qtq1pz-d3d47e6094d03d0c17e4c389dc3206ff{\nheight:20px;\n}\n<\/style>\n<div  class='hr av-2qtq1pz-d3d47e6094d03d0c17e4c389dc3206ff hr-invisible  avia-builder-el-16  avia-builder-el-no-sibling '><span class='hr-inner '><span class=\"hr-inner-style\"><\/span><\/span><\/div>\n<h2 id=\"1\" class=\"position\"><strong>Die Bedeutung unserer K\u00f6rpersprache <\/strong><\/h2>\n<p>Lange, bevor wir sprechen k\u00f6nnen, kommunizieren wir bereits \u00fcber Gestik und Mimik. Mit ein wenig \u00dcbung gelingt es daher Eltern, ihren Nachwuchs auch ohne Worte zu verstehen. Dabei reagieren Babys weltweit \u00e4hnlich und werden so auch \u00fcberall verstanden.<\/p>\n<p>Daher ist es nicht verwunderlich, dass auch im Erwachsenenalter die K\u00f6rpersprache den L\u00f6wenanteil unserer Kommunikation ausmacht. Wir sind in allen Situationen des Alltags daran gew\u00f6hnt, unser Gegen\u00fcber anhand der K\u00f6rpersprache einzusch\u00e4tzen, noch ehe es den Mund aufmacht. Auf diese Weise identifizieren Personaler ihre Bewerber, Promoter in der Fu\u00dfg\u00e4ngerzone spendenwillige Passanten, flirtbereite Menschen ihre Interaktionspartner, Gewaltt\u00e4ter ihre Opfer usw.<\/p>\n<p>In den meisten F\u00e4llen helfen Gestik und Mimik dabei, das Gesagte und Gef\u00fchlte zu unterstreichen, und so sollte es bis auf wenige Ausnahmen, z. B. in einer Gefahrensituation durch einen Angreifer, auch sein. Schwierig wird es nur, wenn sich K\u00f6rpersprache und gesprochene Nachricht widersprechen, z. B. wenn man l\u00fcgt. Dieser Widerspruch zwischen Verhalten und Worten macht es erst so einfach, Menschen beim L\u00fcgen zu ertappen.<\/p>\n<p>Abgesehen von dieser Ausnahme decken sich bei Kindern die nonverbalen Signale meistens mit dem, was sie durch Worte \u00e4u\u00dfern \u2013 es sei denn, sie erfahren durch ihre Bezugspersonen Doppelbotschaften, was dazu f\u00fchren kann, dass auch sie selbst widerspr\u00fcchlich kommunizieren. Wie Sie widerspr\u00fcchliche Botschaften erkennen und vermeiden, lesen Sie in unserem Blog-Beitrag zum Thema <a href=\"https:\/\/www.backwinkel.de\/blog\/falle-double-bind\/\" target=\"_blank\" rel=\"noopener\">Double-Binding<\/a>.<\/p>\n<p><strong>K\u00f6rpersprache und K\u00f6rperbewusstsein <\/strong><\/p>\n<p>Kinder m\u00fcssen erst lernen, ein K\u00f6rperbewusstsein zu entwickeln. Ihre Motorik ist noch nicht ausgereift, ihr K\u00f6rper w\u00e4chst und ver\u00e4ndert sich. Auch deswegen tragen Kinder \u00f6fter kleine Blessuren davon als Erwachsene oder gelten als tollpatschig. Sich seiner eigenen k\u00f6rperlichen Signale bewusst zu sein, hilft daher auch, seinen K\u00f6rper besser zu sp\u00fcren und kennenzulernen. Und nat\u00fcrlich ist es auch ein Vorteil, K\u00f6rpersprache zu verstehen und somit erfolgreicher mit dem Gegen\u00fcber zu kommunizieren.<\/p>\n<p>Gehen Sie daher mit gutem Beispiel voran und reflektieren Sie Ihre eigene K\u00f6rperwahrnehmung und K\u00f6rpersprache, vor allem gegen\u00fcber Ihren Kindern. Bitten Sie auch gern Freunde oder Familienmitglieder, Ihnen Feedback zu Ihrer K\u00f6rpersprache zu geben: Stimmt Sie mit Ihren Worten \u00fcberein? Haben Sie generell eine eher offene oder abweisende K\u00f6rpersprache?<\/p>\n<p>Eine weitere Methode ist es, sich selbst w\u00e4hrend eines (fiktiven) Vortags zu filmen und anschlie\u00dfend anzusehen. Gibt es \u00dcberraschungen? M\u00f6chten Sie etwas an Ihrem Auftreten \u00e4ndern, und wenn ja, was und weswegen?<\/p>\n<p>Und auch, sich selbst beim Telefonieren vor dem Spiegel zu beobachten, kann erhellend sein \u2013 vor allem, weil Sie wahrscheinlich feststellen werden, dass Sie Ihre K\u00f6rpersprache intuitiv ver\u00e4ndern, sobald Sie sich live erleben und ohne Zeitverz\u00f6gerung den Unterschied bemerken.<\/p>\n<p><strong>K\u00f6rpersprache und Selbstbewusstsein <\/strong><\/p>\n<p>Wer seinen K\u00f6rper mag und sich gut f\u00fchlt, \u00e4u\u00dfert andere nonverbale Signale als jemand, der sich verunsichert oder \u00e4ngstlich f\u00fchlt. Da ein ausgepr\u00e4gtes Selbstbewusstsein bei vielen Kindern (noch) nicht vorhanden ist, ist der Schulalltag eine tolle Gelegenheit, sie auf dem Weg zu einer klaren K\u00f6rpersprache zu unterst\u00fctzen.<\/p>\n<p>Achten Sie auf die nonverbalen Signale Ihrer SuS: \u00c4u\u00dfert ein Kind Angst auf dem Weg zur Tafel oder vor dem Sportunterricht? Gibt es extreme Anzeichen von Nervosit\u00e4t bei Klassenarbeiten oder schlechten Noten? Oder f\u00e4llt Ihnen sogar ein Kind auf, dessen K\u00f6rpersprache durchgehend eher Angst oder andere negative Gef\u00fchle ausdr\u00fcckt? Sprechen Sie das Kind anschlie\u00dfend unter vier Augen auf die Situation an und lassen Sie es \u00fcber seine Gef\u00fchle sprechen. So finden Sie heraus, welche Probleme eventuell bestehen und wie Sie dem Kind am besten helfen k\u00f6nnen.<\/p>\n<\/div><\/section><\/div>\n\n<style type=\"text\/css\" data-created_by=\"avia_inline_auto\" id=\"style-css-av-2p54rhj-976328260dc43b24af841291823a085b\">\n.flex_column.av-2p54rhj-976328260dc43b24af841291823a085b{\nborder-radius:0px 0px 0px 0px;\npadding:0px 0px 0px 0px;\n}\n<\/style>\n<div  class='flex_column av-2p54rhj-976328260dc43b24af841291823a085b av_one_full  avia-builder-el-17  el_after_av_one_full  el_before_av_hr  first flex_column_div av-zero-column-padding  column-top-margin'     ><section  class='av_textblock_section av-2nucirr-9c4665dee0b4b4eff2ce1f5bf2e24083 '  ><div class='avia_textblock' >\n<style type=\"text\/css\" data-created_by=\"avia_inline_auto\" id=\"style-css-av-2lbtk8n-e5c04fd3cb8ff54a80a01a7e332353d6\">\n#top .hr.hr-invisible.av-2lbtk8n-e5c04fd3cb8ff54a80a01a7e332353d6{\nheight:20px;\n}\n<\/style>\n<div  class='hr av-2lbtk8n-e5c04fd3cb8ff54a80a01a7e332353d6 hr-invisible  avia-builder-el-19  avia-builder-el-no-sibling '><span class='hr-inner '><span class=\"hr-inner-style\"><\/span><\/span><\/div>\n<h2 id=\"2\" class=\"position\"><strong>\u00dcbungen zur bewussten K\u00f6rpersprache <\/strong><\/h2>\n<p>Auch die meisten Erwachsenen sind sich ihrer K\u00f6rpersprache selten bewusst. Deswegen ist der erste wichtige Schritt auf dem Weg zu einem besseren Verst\u00e4ndnis nonverbaler Interaktion das Bewusst-machen und -werden. Im Folgenden haben wir ein paar praktische Anregungen f\u00fcr Sie, wie Sie gemeinsam mit Ihren SuS K\u00f6rpersprache besser deuten und auch einsetzen k\u00f6nnen.<\/p>\n<p><strong>Standbilder <\/strong><\/p>\n<p>Standbilder sind eine tolle M\u00f6glichkeit, den Fokus auf nonverbale Signale zu legen. Der Unterschied zu Pantomime besteht darin, dass die Darsteller eines Standbildes v\u00f6llig ohne Bewegungen auskommen \u2013 sie versteinern also in einer bestimmten Position, z. B. f\u00fcr 30 Sekunden, je nachdem, wie anstrengend die jeweilige K\u00f6rperhaltung ist.<\/p>\n<p>Geben Sie Ihren Kindern in Kleingruppen Situation vor, die sie dann nonverbal ausdr\u00fccken. Der Rest der Klasse r\u00e4t, welche Emotionen die kleinen Schauspieler ausdr\u00fccken, in welcher Beziehung sie zueinander stehen und welche Ereignisse der dargestellten Szene vorausgegangen sein k\u00f6nnten. Anschlie\u00dfend analysieren Sie gemeinsam, welche nonverbalen Signale den Kindern dabei geholfen haben, Kontext und Botschaft auch ohne Worte zu verstehen.<\/p>\n<p>Inwiefern Sie dar\u00fcber hinaus kreativ werden, ist Ihnen \u00fcberlassen. Sie k\u00f6nnen z. B. f\u00fcr den Anfang einzelne Szenen aus bekannten Geschichten darstellen oder auch neue Szenen vorgeben, zu denen die Kinder ihre eigenen Geschichten schreiben.<\/p>\n<p><strong>Gef\u00fchls-Pantomime <\/strong><\/p>\n<p>Hier ist Bewegung erlaubt. Variieren Sie je nach Alter oder Erfahrung mit solchen \u00dcbungen den Schwierigkeitsgrad. F\u00fcr den Anfang mag es herausfordernd genug sein, bekannte Gef\u00fchle wie Wut, Angst, Freude, Schmerz, Hunger, Durst und M\u00fcdigkeit nonverbal darzustellen, denn die Kinder sind seit vielen Jahren daran gew\u00f6hnt, einfach sprechen zu k\u00f6nnen und betrachten sich in der Regel auch nicht im Spiegel, w\u00e4hrend sie Gef\u00fchle ausdr\u00fccken.<\/p>\n<p>Ihre Kinder verstehen komplexere Gef\u00fchle oder Gef\u00fchlsabstufungen durch eine kleine Vorentlastung einfacher. Sammeln Sie daf\u00fcr z. B. vorher gemeinsam an der Tafel verwandte Gef\u00fchle, besprechen Sie die Unterschiede und finden Sie Situationen, in denen die Kinder diese Gef\u00fchle vielleicht schon versp\u00fcrt haben. Beispiele daf\u00fcr sind:<\/p>\n<ul>\n<li>Trauer, Entt\u00e4uschung, Verzweiflung, Hoffnungslosigkeit, Zweifel, Unsicherheit, Scham, Heimweh<\/li>\n<li>Gl\u00fcck, Freude, Zufriedenheit, Vorfreude, Genuss, Spa\u00df, \u00dcbermut, Z\u00e4rtlichkeit, Interesse, Liebe, \u00dcberraschung<\/li>\n<li>Hass, Wut, Rache, Reue, Misstrauen, Neid, Abneigung, Ekel<\/li>\n<li>Mut, Selbstbewusstsein, Stolz, Erleichterung, Entspannung, Sympathie, Neugierde, Triumph<\/li>\n<\/ul>\n<p>Auch im Internet finden Sie selbstverst\u00e4ndlich zahlreiche Listen zu Gef\u00fchls-Adjektiven f\u00fcr weitere Inspiration. So l\u00e4sst sich auch der Sprachschatz der Kinder nebenher aufpeppen, was im besten Fall sp\u00e4ter in ansprechend geschriebenen Geschichten resultiert.<\/p>\n<p>Und von Gef\u00fchls-Pantomime ist es auch nur noch ein kleiner Schritt hin zu ersten kleinen Theaterszenen oder vielleicht sogar einem eigenen kleinen Theaterst\u00fcck.<\/p>\n<p><strong>Spiegelbild <\/strong><\/p>\n<p>Als kleine Abwandlung der Gef\u00fchls-Pantomime stellen sich zwei Kinder einander gegen\u00fcber. Ein Kind bekommt ein K\u00e4rtchen mit einem Gef\u00fchl, das es darstellt, das andere versucht, dessen Mimik und Gestik nachzuahmen, ohne zu wissen, um welches Gef\u00fchl es sich handelt. Diskutieren Sie anschlie\u00dfend gemeinsam die Ergebnisse:<\/p>\n<ul>\n<li>Wie gut klappt das bei den beiden SuS im Vergleich?<\/li>\n<li>F\u00e4llt eine \u00fcberzeugende, eindeutige K\u00f6rpersprache leichter, wenn man selbst etwas dabei f\u00fchlt oder damit assoziiert?<\/li>\n<li>Woran denken die Kinder, wenn sie den Begriff auf dem K\u00e4rtchen lesen?<\/li>\n<li>Erraten die anderen Kinder das Gef\u00fchl auch, wenn sie nur den Sch\u00fcler betrachten, der nachahmt?<\/li>\n<\/ul>\n<p><strong>Power Posing <\/strong><\/p>\n<p>Power Posing geh\u00f6rt auch zur Selbstbehauptung. Mehr dar\u00fcber lesen Sie ausf\u00fchrlich in unserem Beitrag \u00bb<a href=\"https:\/\/www.backwinkel.de\/blog\/selbstbehauptung\/\">Grenzen ziehen und Selbstbehauptung lernen: So machen Sie Ihre Kinder stark<\/a>\u00ab. Hier greifen wir das Thema in Form einer kurzen Zusammenfassung auf:<\/p>\n<p>Die amerikanische Sozialpsychologin Amy Cuddy vertritt spannende Thesen zum Thema K\u00f6rpersprache. Sie unterscheidet zwischen High Power Poses (starke Machtposen) und Low Power Poses (schwache Machtposen), die sie in ihren Vortr\u00e4gen auf YouTube kurzweilig und anschaulich erkl\u00e4rt, z. B. anhand von Beispielen aus dem Tierreich oder der K\u00f6rpersprache ber\u00fchmter Pers\u00f6nlichkeiten.<\/p>\n<p>High Power Poses signalisieren Macht und zeichnen sich dadurch aus, dass man sich gro\u00df macht: durch breitbeiniges Stehen oder Sitzen, Ausstrecken der Arme oder einen erhobenen Kopf. Low Power Poses hingegen bezeichnet K\u00f6rperhaltungen, bei denen man sich zusammenkauert oder klein macht \u2013 etwa, wenn man sich unwohl f\u00fchlt oder Angst hat, was ja in manchen Situationen auch v\u00f6llig okay und nachvollziehbar ist.<\/p>\n<p>Das Interessanteste an Cuddys Ansatz ist ihre Beobachtung, dass sich beide Arten der K\u00f6rperhaltung auch auf den Hormonspiegel auswirken k\u00f6nnen: Man wird also durch die vermehrte Aussch\u00fcttung von Testosteron, wenn man eine raumeinnehmende Position einnimmt, automatisch selbstbewusster. Umgekehrt steigt das Stresshormon Cortisol durch Low Power Poses und man f\u00fchlt sich noch weniger souver\u00e4n.<\/p>\n<p>Wie viel Wahrheit auch in Cuddys Theorien stecken mag: Fakt ist, dass eine offene, raumfordernde K\u00f6rperhaltung positiver auf das Umfeld wirkt, da wir sie mit Selbstbewusstsein assoziieren, w\u00e4hrend beispielsweise Gewaltt\u00e4ter sich f\u00fcr Personen als Opfer entscheiden, die ihnen durch Low Power Poses Schw\u00e4che signalisieren.<\/p>\n<p>Und auch, wenn man von keinem Grundsch\u00fcler erwarten wird (und es vielleicht eher ein wenig verst\u00f6rend wirken mag), wenn er in Manier eines erfolgreichen Rappers breitbeinig zur Tafel stolziert: Amy Cuddys Beispiele eignen sich super dazu, Kindern ein besseres Verst\u00e4ndnis f\u00fcr nonverbale Kommunikation zu vermitteln. Sie k\u00f6nnen z. B. ein paar ihrer Bildbeispiele verwenden, um ihre Sch\u00fcler raten zu lassen, wie sich die abgebildeten Personen gerade f\u00fchlen. Nat\u00fcrlich k\u00f6nnen Sie auch einfach die Bildersuche im Internet nutzen, um pr\u00e4gnante Beispiele f\u00fcr verschiedene K\u00f6rperhaltungen zu finden. Haben Sie viel Spa\u00df beim gemeinsamen Erkenntnisgewinn.<\/p>\n<\/div><\/section><\/div>\n\n<style type=\"text\/css\" data-created_by=\"avia_inline_auto\" id=\"style-css-av-29urvlj-b84f9a403a4dd0abb23bca77a3ffcd1d\">\n#top .hr.av-29urvlj-b84f9a403a4dd0abb23bca77a3ffcd1d{\nmargin-top:10px;\nmargin-bottom:10px;\n}\n.hr.av-29urvlj-b84f9a403a4dd0abb23bca77a3ffcd1d .hr-inner{\nwidth:500;\n}\n<\/style>\n<div  class='hr av-29urvlj-b84f9a403a4dd0abb23bca77a3ffcd1d hr-custom  avia-builder-el-20  el_after_av_one_full  el_before_av_one_full  hr-left hr-icon-no'><span class='hr-inner inner-border-av-border-none'><span class=\"hr-inner-style\"><\/span><\/span><\/div>\n\n<style type=\"text\/css\" data-created_by=\"avia_inline_auto\" id=\"style-css-av-28yer5j-f73707d5ab3a51263fad4fa82c4d5484\">\n.flex_column.av-28yer5j-f73707d5ab3a51263fad4fa82c4d5484{\nborder-radius:0px 0px 0px 0px;\npadding:10px 10px 10px 10px;\nbackground-color:#f2f2f2;\n}\n<\/style>\n<div  class='flex_column av-28yer5j-f73707d5ab3a51263fad4fa82c4d5484 av_one_full  avia-builder-el-21  el_after_av_hr  el_before_av_one_full  first flex_column_div  '     ><section  class='av_textblock_section av-26ymy6f-6d630624ccb943e009fcd14f237b2daa '  ><div class='avia_textblock' ><p class=\"fussnoten-quellen\"><strong>Lesen Sie mehr: <\/strong><\/p>\n<p>Cuddy, Amy: Ihre K\u00f6rpersprache beeinflusst, wer Sie sind (Video mit deutschen Untertiteln), 1.10.2012:<br \/>\n<a href=\"https:\/\/www.youtube.com\/watch?v=Ks-_Mh1QhMc\" target=\"_blank\" rel=\"noopener\">https:\/\/www.youtube.com\/watch?v=Ks-_Mh1QhMc<\/a><\/p>\n<p>Jarosz, Daniela: Was Ihnen Ihr Kind nicht sagt \u2013 K\u00f6rpersprache richtig deuten, apomio.de, 20.8.2020:<br \/>\n<a href=\"https:\/\/www.apomio.de\/blog\/artikel\/was-ihnen-ihr-kind-nicht-sagt-korpersprache-richtig-deuten\">https:\/\/www.apomio.de\/blog\/artikel\/was-ihnen-ihr-kind-nicht-sagt-korpersprache-richtig-deuten<\/a><\/p>\n<p class=\"fussnoten-quellen\">Mai, Jochen: Nonverbale Kommunikation: Was wir ohne Sprache ausdr\u00fccken, karrierebibel.de, 25.11.2021:<br \/>\n<a href=\"https:\/\/karrierebibel.de\/nonverbale-kommunikation\/\" target=\"_blank\" rel=\"noopener\">https:\/\/karrierebibel.de\/nonverbale-kommunikation\/<\/a><\/p>\n<p>Gef\u00fchle mit Adjektiven beschreiben \u2013 Wortliste, medienwerkstatt:<br \/>\n<a href=\"https:\/\/medienwerkstatt-online.de\/lws_wissen\/vorlagen\/showcard.php?id=19088\" target=\"_blank\" rel=\"noopener\">https:\/\/medienwerkstatt-online.de\/lws_wissen\/vorlagen\/showcard.php?id=19088<\/a><\/p>\n<\/div><\/section><\/div>\n\n<style type=\"text\/css\" data-created_by=\"avia_inline_auto\" id=\"style-css-av-24fx4qf-ef4112aa7b9930670e3b510c40031279\">\n.flex_column.av-24fx4qf-ef4112aa7b9930670e3b510c40031279{\nborder-radius:0px 0px 0px 0px;\npadding:10px 10px 10px 10px;\n}\n<\/style>\n<div  class='flex_column av-24fx4qf-ef4112aa7b9930670e3b510c40031279 av_one_full  avia-builder-el-23  el_after_av_one_full  el_before_av_one_full  first flex_column_div  column-top-margin'     ><section  class='av_textblock_section av-238e4p3-fd140d50aaaca0e4e5378bf50de1df95 '  ><div class='avia_textblock' ><p class=\"copyright\"><strong>\u00a9 Copyright \u2013 Urheberrechtshinweis<\/strong><br \/>\nAlle Inhalte auf www.backwinkel.de sowie www.backwinkel.de\/blog, insbesondere Texte, Fotografien und Grafiken, sind urheberrechtlich gesch\u00fctzt.<br \/>\nDas Urheberrecht liegt, soweit nicht ausdr\u00fccklich anders gekennzeichnet, bei der BACKWINKEL GmbH. Bitte fragen Sie uns, falls Sie die Inhalte dieses Internetangebotes verwenden m\u00f6chten.<br \/>\nWer gegen das Urheberrecht verst\u00f6\u00dft (z. B. Bilder oder Texte unerlaubt kopiert), macht sich gem. \u00a7\u00a7 106 ff UrhG strafbar, wird zudem kostenpflichtig abgemahnt und muss Schadensersatz leisten (\u00a7 97 UrhG).<\/p>\n<\/div><\/section><\/div>\n\n<style type=\"text\/css\" data-created_by=\"avia_inline_auto\" id=\"style-css-av-21gme3b-99d679b5a30e8848f2c6521d4e7513f7\">\n.flex_column.av-21gme3b-99d679b5a30e8848f2c6521d4e7513f7{\nborder-radius:0px 0px 0px 0px;\npadding:0px 0px 0px 0px;\n}\n<\/style>\n<div  class='flex_column av-21gme3b-99d679b5a30e8848f2c6521d4e7513f7 av_one_full  avia-builder-el-25  el_after_av_one_full  avia-builder-el-last  first flex_column_div av-zero-column-padding  column-top-margin'     ><p><section  class='av_textblock_section av-1zyq0p3-12d6649ea14a3eb5a11d42872067f9df '  ><div class='avia_textblock' ><div class=\"shariff shariff-align-left shariff-widget-align-left\"><ul class=\"shariff-buttons theme-color orientation-horizontal buttonsize-medium\"><li class=\"shariff-button whatsapp shariff-nocustomcolor\" style=\"background-color:#5cbe4a\"><a href=\"https:\/\/api.whatsapp.com\/send?text=https%3A%2F%2Fwww.backwinkel.de%2Fblog%2Fgelungener-auftritt%2F%20Gelungener%20Auftritt%3A\" title=\"Bei Whatsapp teilen\" aria-label=\"Bei Whatsapp teilen\" role=\"button\" rel=\"noopener nofollow\" class=\"shariff-link\" style=\"; background-color:#34af23; color:#fff\" target=\"_blank\"><span class=\"shariff-icon\" style=\"\"><svg width=\"32px\" height=\"20px\" xmlns=\"http:\/\/www.w3.org\/2000\/svg\" viewBox=\"0 0 32 32\"><path fill=\"#34af23\" d=\"M17.6 17.4q0.2 0 1.7 0.8t1.6 0.9q0 0.1 0 0.3 0 0.6-0.3 1.4-0.3 0.7-1.3 1.2t-1.8 0.5q-1 0-3.4-1.1-1.7-0.8-3-2.1t-2.6-3.3q-1.3-1.9-1.3-3.5v-0.1q0.1-1.6 1.3-2.8 0.4-0.4 0.9-0.4 0.1 0 0.3 0t0.3 0q0.3 0 0.5 0.1t0.3 0.5q0.1 0.4 0.6 1.6t0.4 1.3q0 0.4-0.6 1t-0.6 0.8q0 0.1 0.1 0.3 0.6 1.3 1.8 2.4 1 0.9 2.7 1.8 0.2 0.1 0.4 0.1 0.3 0 1-0.9t0.9-0.9zM14 26.9q2.3 0 4.3-0.9t3.6-2.4 2.4-3.6 0.9-4.3-0.9-4.3-2.4-3.6-3.6-2.4-4.3-0.9-4.3 0.9-3.6 2.4-2.4 3.6-0.9 4.3q0 3.6 2.1 6.6l-1.4 4.2 4.3-1.4q2.8 1.9 6.2 1.9zM14 2.2q2.7 0 5.2 1.1t4.3 2.9 2.9 4.3 1.1 5.2-1.1 5.2-2.9 4.3-4.3 2.9-5.2 1.1q-3.5 0-6.5-1.7l-7.4 2.4 2.4-7.2q-1.9-3.2-1.9-6.9 0-2.7 1.1-5.2t2.9-4.3 4.3-2.9 5.2-1.1z\"\/><\/svg><\/span><span class=\"shariff-text\">teilen<\/span>&nbsp;<\/a><\/li><li class=\"shariff-button facebook shariff-nocustomcolor\" style=\"background-color:#4273c8\"><a href=\"https:\/\/www.facebook.com\/sharer\/sharer.php?u=https%3A%2F%2Fwww.backwinkel.de%2Fblog%2Fgelungener-auftritt%2F\" title=\"Bei Facebook teilen\" aria-label=\"Bei Facebook teilen\" role=\"button\" rel=\"nofollow\" class=\"shariff-link\" style=\"; background-color:#3b5998; color:#fff\" target=\"_blank\"><span class=\"shariff-icon\" style=\"\"><svg width=\"32px\" height=\"20px\" xmlns=\"http:\/\/www.w3.org\/2000\/svg\" viewBox=\"0 0 18 32\"><path fill=\"#3b5998\" d=\"M17.1 0.2v4.7h-2.8q-1.5 0-2.1 0.6t-0.5 1.9v3.4h5.2l-0.7 5.3h-4.5v13.6h-5.5v-13.6h-4.5v-5.3h4.5v-3.9q0-3.3 1.9-5.2t5-1.8q2.6 0 4.1 0.2z\"\/><\/svg><\/span><span class=\"shariff-text\">teilen<\/span>&nbsp;<\/a><\/li><li class=\"shariff-button twitter shariff-nocustomcolor\" style=\"background-color:#595959\"><a href=\"https:\/\/twitter.com\/share?url=https%3A%2F%2Fwww.backwinkel.de%2Fblog%2Fgelungener-auftritt%2F&text=Gelungener%20Auftritt%3A\" title=\"Bei X teilen\" aria-label=\"Bei X teilen\" role=\"button\" rel=\"noopener nofollow\" class=\"shariff-link\" style=\"; background-color:#000; color:#fff\" target=\"_blank\"><span class=\"shariff-icon\" style=\"\"><svg width=\"32px\" height=\"20px\" xmlns=\"http:\/\/www.w3.org\/2000\/svg\" viewBox=\"0 0 24 24\"><path fill=\"#000\" d=\"M14.258 10.152L23.176 0h-2.113l-7.747 8.813L7.133 0H0l9.352 13.328L0 23.973h2.113l8.176-9.309 6.531 9.309h7.133zm-2.895 3.293l-.949-1.328L2.875 1.56h3.246l6.086 8.523.945 1.328 7.91 11.078h-3.246zm0 0\"\/><\/svg><\/span><span class=\"shariff-text\">teilen<\/span>&nbsp;<\/a><\/li><li class=\"shariff-button pinterest shariff-nocustomcolor\" style=\"background-color:#e70f18\"><a href=\"https:\/\/www.pinterest.com\/pin\/create\/link\/?url=https%3A%2F%2Fwww.backwinkel.de%2Fblog%2Fgelungener-auftritt%2F&media=https%3A%2F%2Fwww.backwinkel.de%2Fblog%2Fwp-content%2Fuploads%2F2022%2F07%2Fbackwinkel-blog-gelungener-auftritt-schule-anteasern.jpg&description=Gelungener%20Auftritt%3A\" title=\"Bei Pinterest pinnen\" aria-label=\"Bei Pinterest pinnen\" role=\"button\" rel=\"noopener nofollow\" class=\"shariff-link\" style=\"; background-color:#cb2027; color:#fff\" target=\"_blank\"><span class=\"shariff-icon\" style=\"\"><svg width=\"32px\" height=\"20px\" xmlns=\"http:\/\/www.w3.org\/2000\/svg\" viewBox=\"0 0 27 32\"><path fill=\"#cb2027\" d=\"M27.4 16q0 3.7-1.8 6.9t-5 5-6.9 1.9q-2 0-3.9-0.6 1.1-1.7 1.4-2.9 0.2-0.6 1-3.8 0.4 0.7 1.3 1.2t2 0.5q2.1 0 3.8-1.2t2.7-3.4 0.9-4.8q0-2-1.1-3.8t-3.1-2.9-4.5-1.2q-1.9 0-3.5 0.5t-2.8 1.4-2 2-1.2 2.3-0.4 2.4q0 1.9 0.7 3.3t2.1 2q0.5 0.2 0.7-0.4 0-0.1 0.1-0.5t0.2-0.5q0.1-0.4-0.2-0.8-0.9-1.1-0.9-2.7 0-2.7 1.9-4.6t4.9-2q2.7 0 4.2 1.5t1.5 3.8q0 3-1.2 5.2t-3.1 2.1q-1.1 0-1.7-0.8t-0.4-1.9q0.1-0.6 0.5-1.7t0.5-1.8 0.2-1.4q0-0.9-0.5-1.5t-1.4-0.6q-1.1 0-1.9 1t-0.8 2.6q0 1.3 0.4 2.2l-1.8 7.5q-0.3 1.2-0.2 3.2-3.7-1.6-6-5t-2.3-7.6q0-3.7 1.9-6.9t5-5 6.9-1.9 6.9 1.9 5 5 1.8 6.9z\"\/><\/svg><\/span><span class=\"shariff-text\">merken<\/span>&nbsp;<\/a><\/li><li class=\"shariff-button mailto shariff-nocustomcolor\" style=\"background-color:#a8a8a8\"><a href=\"mailto:?body=https%3A%2F%2Fwww.backwinkel.de%2Fblog%2Fgelungener-auftritt%2F&subject=Gelungener%20Auftritt%3A\" title=\"Per E-Mail versenden\" aria-label=\"Per E-Mail versenden\" role=\"button\" rel=\"noopener nofollow\" class=\"shariff-link\" style=\"; background-color:#999; color:#fff\"><span class=\"shariff-icon\" style=\"\"><svg width=\"32px\" height=\"20px\" xmlns=\"http:\/\/www.w3.org\/2000\/svg\" viewBox=\"0 0 32 32\"><path fill=\"#999\" d=\"M32 12.7v14.2q0 1.2-0.8 2t-2 0.9h-26.3q-1.2 0-2-0.9t-0.8-2v-14.2q0.8 0.9 1.8 1.6 6.5 4.4 8.9 6.1 1 0.8 1.6 1.2t1.7 0.9 2 0.4h0.1q0.9 0 2-0.4t1.7-0.9 1.6-1.2q3-2.2 8.9-6.1 1-0.7 1.8-1.6zM32 7.4q0 1.4-0.9 2.7t-2.2 2.2q-6.7 4.7-8.4 5.8-0.2 0.1-0.7 0.5t-1 0.7-0.9 0.6-1.1 0.5-0.9 0.2h-0.1q-0.4 0-0.9-0.2t-1.1-0.5-0.9-0.6-1-0.7-0.7-0.5q-1.6-1.1-4.7-3.2t-3.6-2.6q-1.1-0.7-2.1-2t-1-2.5q0-1.4 0.7-2.3t2.1-0.9h26.3q1.2 0 2 0.8t0.9 2z\"\/><\/svg><\/span><span class=\"shariff-text\">E-Mail<\/span>&nbsp;<\/a><\/li><\/ul><\/div>\n<\/div><\/section><br \/>\n<div  class='tabcontainer av-1yen787-83ff3de9b892e0d175b14d1672c14ba9 top_tab  avia-builder-el-27  el_after_av_textblock  el_before_av_hr '>\n<section class='av_tab_section av_tab_section av-1w6ked3-b9d2b9a15cff84ee1f3db473b9b2265f' ><div id='tab-id-1-tab' class='tab active_tab' role='tab' aria-selected=\"true\" tabindex=\"0\" data-fake-id='#tab-id-1' aria-controls='tab-id-1-content' >Das BACKWINKEL-Blog-Team:<\/div><div id='tab-id-1-content' class='tab_content active_tab_content' role='tabpanel' aria-labelledby='tab-id-1-tab' aria-hidden=\"false\"><div class='tab_inner_content invers-color' ><p><img decoding=\"async\" class=\"wp-image-1768 alignleft\" title=\"BACKWINKEL-Blog \u2013 Das Team\" src=\"https:\/\/blog.backwinkel.de\/wp-content\/uploads\/2018\/10\/backwinkel-blog-autorenbox-intern_preview-300x198.jpg\" alt=\"\" width=\"300\" height=\"198\" \/>Gibts auch ein Gesicht hinter dem BACKWINKEL-Blog? Ja. Vier ? Drei davon sogar mit Foto.<\/p>\n<p><span style=\"font-style: inherit !important; font-weight: inherit !important;\">Wir \u2013 Lukas, Tatjana, Stefan und Christine \u2013 bespielen unseren Blog unter dem Motto LACHEN LESEN LERNEN. <\/span><\/p>\n<p><span style=\"font-style: inherit !important; font-weight: inherit !important;\">Lukas kennt sich online so gut aus wie in seiner Westentasche und findet immer spannende Themen, w\u00e4hrend Stefan unseren Beitr\u00e4gen den passenden gestalterischen Rahmen gibt und Tatjana mit dem gr\u00fcnen Korrekturstift alles pr\u00fcfend be\u00e4ugt, was unsere Autorin Christine (und gern auch Gastautoren) f\u00fcr den BACKWINKEL-Blog nach ordentlicher Recherche schreibt.<\/span><\/p>\n<p>Gemeinsam suchen wir st\u00e4ndig nach neuen, aufregenden Themen rund um das Thema Bildung im Kiga, der Schule und zu Hause. Und weil Sie da an der Quelle sitzen, freuen wir uns auf Ihre konstruktiven R\u00fcckmeldungen und Anregungen an <a href=\"mailto:blog@backwinkel.de\" target=\"_blank\" rel=\"noopener\">blog@backwinkel.de<\/a><\/p>\n<p>Viel Spa\u00df beim LACHEN LESEN LERNEN!<\/p>\n<\/div><\/div><\/section>\n<\/div><br \/>\n\n<style type=\"text\/css\" data-created_by=\"avia_inline_auto\" id=\"style-css-av-1vojtlj-a972e6f4123a12a3f816778186fbee7d\">\n#top .hr.av-1vojtlj-a972e6f4123a12a3f816778186fbee7d{\nmargin-top:10px;\nmargin-bottom:10px;\n}\n.hr.av-1vojtlj-a972e6f4123a12a3f816778186fbee7d .hr-inner{\nwidth:500;\n}\n<\/style>\n<div  class='hr av-1vojtlj-a972e6f4123a12a3f816778186fbee7d hr-custom  avia-builder-el-28  el_after_av_tab_container  el_before_av_heading  hr-left hr-icon-no'><span class='hr-inner inner-border-av-border-thin'><span class=\"hr-inner-style\"><\/span><\/span><\/div><br \/>\n\n<style type=\"text\/css\" data-created_by=\"avia_inline_auto\" id=\"style-css-av-1tbprlz-25a61261b688443d86bc200f4d38b6bf\">\n#top .av-special-heading.av-1tbprlz-25a61261b688443d86bc200f4d38b6bf{\npadding-bottom:10px;\n}\nbody .av-special-heading.av-1tbprlz-25a61261b688443d86bc200f4d38b6bf .av-special-heading-tag .heading-char{\nfont-size:25px;\n}\n.av-special-heading.av-1tbprlz-25a61261b688443d86bc200f4d38b6bf .av-subheading{\nfont-size:15px;\n}\n<\/style>\n<div  class='av-special-heading av-1tbprlz-25a61261b688443d86bc200f4d38b6bf av-special-heading-h3 blockquote modern-quote  avia-builder-el-29  el_after_av_hr  el_before_av_blog '><h3 class='av-special-heading-tag '  >PASSENDE BEITR\u00c4GE<\/h3><div class=\"special-heading-border\"><div class=\"special-heading-inner-border\"><\/div><\/div><\/div><br \/>\n<div  data-slideshow-options=\"{&quot;animation&quot;:&quot;fade&quot;,&quot;autoplay&quot;:false,&quot;loop_autoplay&quot;:&quot;once&quot;,&quot;interval&quot;:5,&quot;loop_manual&quot;:&quot;manual-endless&quot;,&quot;autoplay_stopper&quot;:false,&quot;noNavigation&quot;:false,&quot;show_slide_delay&quot;:90}\" class='avia-content-slider avia-content-grid-active avia-content-slider1 avia-content-slider-odd  avia-builder-el-30  el_after_av_heading  avia-builder-el-last  av-slideshow-ui av-control-default   av-no-slider-navigation av-slideshow-manual av-loop-once av-loop-manual-endless ' ><div class=\"avia-content-slider-inner\"><div class=\"slide-entry-wrap\"><article class='slide-entry flex_column  post-entry post-entry-18633 slide-entry-overview slide-loop-1 slide-parity-odd  av_one_third first real-thumbnail posttype-post post-format-standard' ><a href='https:\/\/www.backwinkel.de\/blog\/plastik-recyceln\/' data-rel='slide-1' class='slide-image' title='Plastik recyceln'><img decoding=\"async\" fetchpriority=\"high\" width=\"1200\" height=\"628\" src=\"https:\/\/www.backwinkel.de\/blog\/wp-content\/uploads\/2026\/04\/04_Kiga_Plastik_nachhaltig_nutzen.jpg\" class=\"wp-image-18713 avia-img-lazy-loading-not-18713 attachment-no scaling size-no scaling wp-post-image\" alt=\"\" \/><\/a><div class=\"slide-content\"><header class=\"entry-content-header\" aria-label=\"Slide: Plastik recyceln\"><h3 class='slide-entry-title entry-title ' ><a href='https:\/\/www.backwinkel.de\/blog\/plastik-recyceln\/' title='Plastik recyceln'>Plastik recyceln<\/a><\/h3><span class=\"blog-categories minor-meta\"><a href=\"https:\/\/www.backwinkel.de\/blog\/category\/kindergarten-kita\/\" rel=\"tag\">Kindergarten<\/a> <\/span><span class=\"av-vertical-delimiter\"><\/span><\/header><div class='slide-entry-excerpt entry-content' >Biokunststoff f\u00fcr St\u00fchle, Materialboxen, Spielzeug und Rucks\u00e4cke<\/div><\/div><footer class=\"entry-footer\"><div class=\"slide-meta\"><time class='slide-meta-time updated' >14. April 2026<\/time><\/div><\/footer><\/article><article class='slide-entry flex_column  post-entry post-entry-18716 slide-entry-overview slide-loop-2 slide-parity-even  av_one_third  real-thumbnail posttype-post post-format-standard' ><a href='https:\/\/www.backwinkel.de\/blog\/rechnen-im-anfangsunterricht\/' data-rel='slide-1' class='slide-image' title='Rechnen im Anfangsunterricht'><img decoding=\"async\" fetchpriority=\"high\" width=\"1200\" height=\"628\" src=\"https:\/\/www.backwinkel.de\/blog\/wp-content\/uploads\/2026\/04\/04_Schule_Rechnen_anfangsunterricht.jpg\" class=\"wp-image-18748 avia-img-lazy-loading-not-18748 attachment-no scaling size-no scaling wp-post-image\" alt=\"\" \/><\/a><div class=\"slide-content\"><header class=\"entry-content-header\" aria-label=\"Slide: Rechnen im Anfangsunterricht\"><h3 class='slide-entry-title entry-title ' ><a href='https:\/\/www.backwinkel.de\/blog\/rechnen-im-anfangsunterricht\/' title='Rechnen im Anfangsunterricht'>Rechnen im Anfangsunterricht<\/a><\/h3><span class=\"blog-categories minor-meta\"><a href=\"https:\/\/www.backwinkel.de\/blog\/category\/schule-grundschule\/\" rel=\"tag\">Schule<\/a> <\/span><span class=\"av-vertical-delimiter\"><\/span><\/header><div class='slide-entry-excerpt entry-content' >Das Klassenzimmer als Lernlandschaft<\/div><\/div><footer class=\"entry-footer\"><div class=\"slide-meta\"><time class='slide-meta-time updated' >14. April 2026<\/time><\/div><\/footer><\/article><article class='slide-entry flex_column  post-entry post-entry-18372 slide-entry-overview slide-loop-3 slide-parity-odd  post-entry-last  av_one_third  real-thumbnail posttype-post post-format-standard' ><a href='https:\/\/www.backwinkel.de\/blog\/kranke-kinder-im-kindergarten\/' data-rel='slide-1' class='slide-image' title='Kranke Kinder im Kindergarten'><img decoding=\"async\" fetchpriority=\"high\" width=\"1200\" height=\"628\" src=\"https:\/\/www.backwinkel.de\/blog\/wp-content\/uploads\/2026\/03\/03_Kiga_Kranke_Kinder.jpg\" class=\"wp-image-18451 avia-img-lazy-loading-not-18451 attachment-no scaling size-no scaling wp-post-image\" alt=\"Thema: Kranke Kinder. Auf dem Bild ist ein krankes kleines M\u00e4dchen zu sehen. Eine Frau mit einem Fieberthermometer in der Hand sitzt neben ihr und hat die Hand auf der Stirn des M\u00e4dchens.\" \/><\/a><div class=\"slide-content\"><header class=\"entry-content-header\" aria-label=\"Slide: Kranke Kinder im Kindergarten\"><h3 class='slide-entry-title entry-title ' ><a href='https:\/\/www.backwinkel.de\/blog\/kranke-kinder-im-kindergarten\/' title='Kranke Kinder im Kindergarten'>Kranke Kinder im Kindergarten<\/a><\/h3><span class=\"blog-categories minor-meta\"><a href=\"https:\/\/www.backwinkel.de\/blog\/category\/kindergarten-kita\/\" rel=\"tag\">Kindergarten<\/a> <\/span><span class=\"av-vertical-delimiter\"><\/span><\/header><div class='slide-entry-excerpt entry-content' >Auswirkungen f\u00fcr Kinder, Eltern und Fachkr\u00e4fte<\/div><\/div><footer class=\"entry-footer\"><div class=\"slide-meta\"><time class='slide-meta-time updated' >9. M\u00e4rz 2026<\/time><\/div><\/footer><\/article><\/div><\/div><\/div><\/p><\/div>\n","protected":false},"excerpt":{"rendered":"<p>So schafft K\u00f6rpersprache mehr Selbstbewusstsein <\/p>\n","protected":false},"author":1,"featured_media":9402,"comment_status":"closed","ping_status":"closed","sticky":false,"template":"","format":"standard","meta":{"inline_featured_image":false,"footnotes":""},"categories":[6],"tags":[],"class_list":["post-9399","post","type-post","status-publish","format-standard","has-post-thumbnail","hentry","category-schule-grundschule"],"yoast_head":"<!-- This site is optimized with the Yoast SEO plugin v27.4 - https:\/\/yoast.com\/product\/yoast-seo-wordpress\/ -->\n<title>K\u00f6rpersprache: Tipps &amp; \u00dcbungen f\u00fcr mehr Selbstbewusstsein | BACKWINKEL Blog<\/title>\n<meta name=\"description\" content=\"Tipps und \u00dcbungen f\u00fcr eine K\u00f6rpersprache mit der Sie Ihr Selbstbewusstsein oder das Ihrer Kinder st\u00e4rken \u2713 Jetzt den ganzen Beitrag lesen!\" \/>\n<meta name=\"robots\" content=\"index, follow, max-snippet:-1, max-image-preview:large, max-video-preview:-1\" \/>\n<link rel=\"canonical\" href=\"https:\/\/www.backwinkel.de\/blog\/gelungener-auftritt\/\" \/>\n<meta property=\"og:locale\" content=\"de_DE\" \/>\n<meta property=\"og:type\" content=\"article\" \/>\n<meta property=\"og:title\" content=\"K\u00f6rpersprache: Tipps &amp; \u00dcbungen f\u00fcr mehr Selbstbewusstsein | BACKWINKEL Blog\" \/>\n<meta property=\"og:description\" content=\"Tipps und \u00dcbungen f\u00fcr eine K\u00f6rpersprache mit der Sie Ihr Selbstbewusstsein oder das Ihrer Kinder st\u00e4rken \u2713 Jetzt den ganzen Beitrag lesen!\" \/>\n<meta property=\"og:url\" content=\"https:\/\/www.backwinkel.de\/blog\/gelungener-auftritt\/\" \/>\n<meta property=\"og:site_name\" content=\"BACKWINKEL Blog\" \/>\n<meta property=\"article:published_time\" content=\"2022-08-15T07:15:03+00:00\" \/>\n<meta property=\"article:modified_time\" content=\"2026-04-22T14:18:42+00:00\" \/>\n<meta property=\"og:image\" content=\"https:\/\/www.backwinkel.de\/blog\/wp-content\/uploads\/2022\/07\/backwinkel-blog-gelungener-auftritt-schule-anteasern.jpg\" \/>\n\t<meta property=\"og:image:width\" content=\"1200\" \/>\n\t<meta property=\"og:image:height\" content=\"628\" \/>\n\t<meta property=\"og:image:type\" content=\"image\/jpeg\" \/>\n<meta name=\"author\" content=\"admin_backwinkel\" \/>\n<meta name=\"twitter:card\" content=\"summary_large_image\" \/>\n<meta name=\"twitter:label1\" content=\"Verfasst von\" \/>\n\t<meta name=\"twitter:data1\" content=\"admin_backwinkel\" \/>\n\t<meta name=\"twitter:label2\" content=\"Gesch\u00e4tzte Lesezeit\" \/>\n\t<meta name=\"twitter:data2\" content=\"12\u00a0Minuten\" \/>\n<script type=\"application\/ld+json\" class=\"yoast-schema-graph\">{\"@context\":\"https:\\\/\\\/schema.org\",\"@graph\":[{\"@type\":\"Article\",\"@id\":\"https:\\\/\\\/www.backwinkel.de\\\/blog\\\/gelungener-auftritt\\\/#article\",\"isPartOf\":{\"@id\":\"https:\\\/\\\/www.backwinkel.de\\\/blog\\\/gelungener-auftritt\\\/\"},\"author\":{\"name\":\"admin_backwinkel\",\"@id\":\"https:\\\/\\\/www.backwinkel.de\\\/blog\\\/#\\\/schema\\\/person\\\/88b842297c0e471020a66f4476633cf2\"},\"headline\":\"Gelungener Auftritt:\",\"datePublished\":\"2022-08-15T07:15:03+00:00\",\"dateModified\":\"2026-04-22T14:18:42+00:00\",\"mainEntityOfPage\":{\"@id\":\"https:\\\/\\\/www.backwinkel.de\\\/blog\\\/gelungener-auftritt\\\/\"},\"wordCount\":3781,\"image\":{\"@id\":\"https:\\\/\\\/www.backwinkel.de\\\/blog\\\/gelungener-auftritt\\\/#primaryimage\"},\"thumbnailUrl\":\"https:\\\/\\\/www.backwinkel.de\\\/blog\\\/wp-content\\\/uploads\\\/2022\\\/07\\\/backwinkel-blog-gelungener-auftritt-schule-anteasern.jpg\",\"articleSection\":[\"Schule\"],\"inLanguage\":\"de\"},{\"@type\":\"WebPage\",\"@id\":\"https:\\\/\\\/www.backwinkel.de\\\/blog\\\/gelungener-auftritt\\\/\",\"url\":\"https:\\\/\\\/www.backwinkel.de\\\/blog\\\/gelungener-auftritt\\\/\",\"name\":\"K\u00f6rpersprache: Tipps & \u00dcbungen f\u00fcr mehr Selbstbewusstsein | BACKWINKEL Blog\",\"isPartOf\":{\"@id\":\"https:\\\/\\\/www.backwinkel.de\\\/blog\\\/#website\"},\"primaryImageOfPage\":{\"@id\":\"https:\\\/\\\/www.backwinkel.de\\\/blog\\\/gelungener-auftritt\\\/#primaryimage\"},\"image\":{\"@id\":\"https:\\\/\\\/www.backwinkel.de\\\/blog\\\/gelungener-auftritt\\\/#primaryimage\"},\"thumbnailUrl\":\"https:\\\/\\\/www.backwinkel.de\\\/blog\\\/wp-content\\\/uploads\\\/2022\\\/07\\\/backwinkel-blog-gelungener-auftritt-schule-anteasern.jpg\",\"datePublished\":\"2022-08-15T07:15:03+00:00\",\"dateModified\":\"2026-04-22T14:18:42+00:00\",\"author\":{\"@id\":\"https:\\\/\\\/www.backwinkel.de\\\/blog\\\/#\\\/schema\\\/person\\\/88b842297c0e471020a66f4476633cf2\"},\"description\":\"Tipps und \u00dcbungen f\u00fcr eine K\u00f6rpersprache mit der Sie Ihr Selbstbewusstsein oder das Ihrer Kinder st\u00e4rken \u2713 Jetzt den ganzen Beitrag lesen!\",\"breadcrumb\":{\"@id\":\"https:\\\/\\\/www.backwinkel.de\\\/blog\\\/gelungener-auftritt\\\/#breadcrumb\"},\"inLanguage\":\"de\",\"potentialAction\":[{\"@type\":\"ReadAction\",\"target\":[\"https:\\\/\\\/www.backwinkel.de\\\/blog\\\/gelungener-auftritt\\\/\"]}]},{\"@type\":\"ImageObject\",\"inLanguage\":\"de\",\"@id\":\"https:\\\/\\\/www.backwinkel.de\\\/blog\\\/gelungener-auftritt\\\/#primaryimage\",\"url\":\"https:\\\/\\\/www.backwinkel.de\\\/blog\\\/wp-content\\\/uploads\\\/2022\\\/07\\\/backwinkel-blog-gelungener-auftritt-schule-anteasern.jpg\",\"contentUrl\":\"https:\\\/\\\/www.backwinkel.de\\\/blog\\\/wp-content\\\/uploads\\\/2022\\\/07\\\/backwinkel-blog-gelungener-auftritt-schule-anteasern.jpg\",\"width\":1200,\"height\":628},{\"@type\":\"BreadcrumbList\",\"@id\":\"https:\\\/\\\/www.backwinkel.de\\\/blog\\\/gelungener-auftritt\\\/#breadcrumb\",\"itemListElement\":[{\"@type\":\"ListItem\",\"position\":1,\"name\":\"Startseite\",\"item\":\"https:\\\/\\\/blog.backwinkel.de\\\/aktuelles\\\/\"},{\"@type\":\"ListItem\",\"position\":2,\"name\":\"Gelungener Auftritt:\"}]},{\"@type\":\"WebSite\",\"@id\":\"https:\\\/\\\/www.backwinkel.de\\\/blog\\\/#website\",\"url\":\"https:\\\/\\\/www.backwinkel.de\\\/blog\\\/\",\"name\":\"BACKWINKEL Blog\",\"description\":\"f\u00fcr Lehrer, Erzieher und Eltern\",\"potentialAction\":[{\"@type\":\"SearchAction\",\"target\":{\"@type\":\"EntryPoint\",\"urlTemplate\":\"https:\\\/\\\/www.backwinkel.de\\\/blog\\\/?s={search_term_string}\"},\"query-input\":{\"@type\":\"PropertyValueSpecification\",\"valueRequired\":true,\"valueName\":\"search_term_string\"}}],\"inLanguage\":\"de\"},{\"@type\":\"Person\",\"@id\":\"https:\\\/\\\/www.backwinkel.de\\\/blog\\\/#\\\/schema\\\/person\\\/88b842297c0e471020a66f4476633cf2\",\"name\":\"admin_backwinkel\",\"url\":\"https:\\\/\\\/www.backwinkel.de\\\/blog\\\/author\\\/admin_backwinkel\\\/\"}]}<\/script>\n<!-- \/ Yoast SEO plugin. -->","yoast_head_json":{"title":"K\u00f6rpersprache: Tipps & \u00dcbungen f\u00fcr mehr Selbstbewusstsein | BACKWINKEL Blog","description":"Tipps und \u00dcbungen f\u00fcr eine K\u00f6rpersprache mit der Sie Ihr Selbstbewusstsein oder das Ihrer Kinder st\u00e4rken \u2713 Jetzt den ganzen Beitrag lesen!","robots":{"index":"index","follow":"follow","max-snippet":"max-snippet:-1","max-image-preview":"max-image-preview:large","max-video-preview":"max-video-preview:-1"},"canonical":"https:\/\/www.backwinkel.de\/blog\/gelungener-auftritt\/","og_locale":"de_DE","og_type":"article","og_title":"K\u00f6rpersprache: Tipps & \u00dcbungen f\u00fcr mehr Selbstbewusstsein | BACKWINKEL Blog","og_description":"Tipps und \u00dcbungen f\u00fcr eine K\u00f6rpersprache mit der Sie Ihr Selbstbewusstsein oder das Ihrer Kinder st\u00e4rken \u2713 Jetzt den ganzen Beitrag lesen!","og_url":"https:\/\/www.backwinkel.de\/blog\/gelungener-auftritt\/","og_site_name":"BACKWINKEL Blog","article_published_time":"2022-08-15T07:15:03+00:00","article_modified_time":"2026-04-22T14:18:42+00:00","og_image":[{"width":1200,"height":628,"url":"https:\/\/www.backwinkel.de\/blog\/wp-content\/uploads\/2022\/07\/backwinkel-blog-gelungener-auftritt-schule-anteasern.jpg","type":"image\/jpeg"}],"author":"admin_backwinkel","twitter_card":"summary_large_image","twitter_misc":{"Verfasst von":"admin_backwinkel","Gesch\u00e4tzte Lesezeit":"12\u00a0Minuten"},"schema":{"@context":"https:\/\/schema.org","@graph":[{"@type":"Article","@id":"https:\/\/www.backwinkel.de\/blog\/gelungener-auftritt\/#article","isPartOf":{"@id":"https:\/\/www.backwinkel.de\/blog\/gelungener-auftritt\/"},"author":{"name":"admin_backwinkel","@id":"https:\/\/www.backwinkel.de\/blog\/#\/schema\/person\/88b842297c0e471020a66f4476633cf2"},"headline":"Gelungener Auftritt:","datePublished":"2022-08-15T07:15:03+00:00","dateModified":"2026-04-22T14:18:42+00:00","mainEntityOfPage":{"@id":"https:\/\/www.backwinkel.de\/blog\/gelungener-auftritt\/"},"wordCount":3781,"image":{"@id":"https:\/\/www.backwinkel.de\/blog\/gelungener-auftritt\/#primaryimage"},"thumbnailUrl":"https:\/\/www.backwinkel.de\/blog\/wp-content\/uploads\/2022\/07\/backwinkel-blog-gelungener-auftritt-schule-anteasern.jpg","articleSection":["Schule"],"inLanguage":"de"},{"@type":"WebPage","@id":"https:\/\/www.backwinkel.de\/blog\/gelungener-auftritt\/","url":"https:\/\/www.backwinkel.de\/blog\/gelungener-auftritt\/","name":"K\u00f6rpersprache: Tipps & \u00dcbungen f\u00fcr mehr Selbstbewusstsein | BACKWINKEL Blog","isPartOf":{"@id":"https:\/\/www.backwinkel.de\/blog\/#website"},"primaryImageOfPage":{"@id":"https:\/\/www.backwinkel.de\/blog\/gelungener-auftritt\/#primaryimage"},"image":{"@id":"https:\/\/www.backwinkel.de\/blog\/gelungener-auftritt\/#primaryimage"},"thumbnailUrl":"https:\/\/www.backwinkel.de\/blog\/wp-content\/uploads\/2022\/07\/backwinkel-blog-gelungener-auftritt-schule-anteasern.jpg","datePublished":"2022-08-15T07:15:03+00:00","dateModified":"2026-04-22T14:18:42+00:00","author":{"@id":"https:\/\/www.backwinkel.de\/blog\/#\/schema\/person\/88b842297c0e471020a66f4476633cf2"},"description":"Tipps und \u00dcbungen f\u00fcr eine K\u00f6rpersprache mit der Sie Ihr Selbstbewusstsein oder das Ihrer Kinder st\u00e4rken \u2713 Jetzt den ganzen Beitrag lesen!","breadcrumb":{"@id":"https:\/\/www.backwinkel.de\/blog\/gelungener-auftritt\/#breadcrumb"},"inLanguage":"de","potentialAction":[{"@type":"ReadAction","target":["https:\/\/www.backwinkel.de\/blog\/gelungener-auftritt\/"]}]},{"@type":"ImageObject","inLanguage":"de","@id":"https:\/\/www.backwinkel.de\/blog\/gelungener-auftritt\/#primaryimage","url":"https:\/\/www.backwinkel.de\/blog\/wp-content\/uploads\/2022\/07\/backwinkel-blog-gelungener-auftritt-schule-anteasern.jpg","contentUrl":"https:\/\/www.backwinkel.de\/blog\/wp-content\/uploads\/2022\/07\/backwinkel-blog-gelungener-auftritt-schule-anteasern.jpg","width":1200,"height":628},{"@type":"BreadcrumbList","@id":"https:\/\/www.backwinkel.de\/blog\/gelungener-auftritt\/#breadcrumb","itemListElement":[{"@type":"ListItem","position":1,"name":"Startseite","item":"https:\/\/blog.backwinkel.de\/aktuelles\/"},{"@type":"ListItem","position":2,"name":"Gelungener Auftritt:"}]},{"@type":"WebSite","@id":"https:\/\/www.backwinkel.de\/blog\/#website","url":"https:\/\/www.backwinkel.de\/blog\/","name":"BACKWINKEL Blog","description":"f\u00fcr Lehrer, Erzieher und Eltern","potentialAction":[{"@type":"SearchAction","target":{"@type":"EntryPoint","urlTemplate":"https:\/\/www.backwinkel.de\/blog\/?s={search_term_string}"},"query-input":{"@type":"PropertyValueSpecification","valueRequired":true,"valueName":"search_term_string"}}],"inLanguage":"de"},{"@type":"Person","@id":"https:\/\/www.backwinkel.de\/blog\/#\/schema\/person\/88b842297c0e471020a66f4476633cf2","name":"admin_backwinkel","url":"https:\/\/www.backwinkel.de\/blog\/author\/admin_backwinkel\/"}]}},"_links":{"self":[{"href":"https:\/\/www.backwinkel.de\/blog\/wp-json\/wp\/v2\/posts\/9399","targetHints":{"allow":["GET"]}}],"collection":[{"href":"https:\/\/www.backwinkel.de\/blog\/wp-json\/wp\/v2\/posts"}],"about":[{"href":"https:\/\/www.backwinkel.de\/blog\/wp-json\/wp\/v2\/types\/post"}],"author":[{"embeddable":true,"href":"https:\/\/www.backwinkel.de\/blog\/wp-json\/wp\/v2\/users\/1"}],"replies":[{"embeddable":true,"href":"https:\/\/www.backwinkel.de\/blog\/wp-json\/wp\/v2\/comments?post=9399"}],"version-history":[{"count":2,"href":"https:\/\/www.backwinkel.de\/blog\/wp-json\/wp\/v2\/posts\/9399\/revisions"}],"predecessor-version":[{"id":18966,"href":"https:\/\/www.backwinkel.de\/blog\/wp-json\/wp\/v2\/posts\/9399\/revisions\/18966"}],"wp:featuredmedia":[{"embeddable":true,"href":"https:\/\/www.backwinkel.de\/blog\/wp-json\/wp\/v2\/media\/9402"}],"wp:attachment":[{"href":"https:\/\/www.backwinkel.de\/blog\/wp-json\/wp\/v2\/media?parent=9399"}],"wp:term":[{"taxonomy":"category","embeddable":true,"href":"https:\/\/www.backwinkel.de\/blog\/wp-json\/wp\/v2\/categories?post=9399"},{"taxonomy":"post_tag","embeddable":true,"href":"https:\/\/www.backwinkel.de\/blog\/wp-json\/wp\/v2\/tags?post=9399"}],"curies":[{"name":"wp","href":"https:\/\/api.w.org\/{rel}","templated":true}]}}