{"id":8910,"date":"2022-04-04T09:10:15","date_gmt":"2022-04-04T07:10:15","guid":{"rendered":"https:\/\/www.backwinkel.de\/blog\/?p=8910"},"modified":"2026-04-22T15:58:39","modified_gmt":"2026-04-22T13:58:39","slug":"geburtstag-im-kindergarten","status":"publish","type":"post","link":"https:\/\/www.backwinkel.de\/blog\/geburtstag-im-kindergarten\/","title":{"rendered":"So sch\u00f6n, dass du geboren bist:"},"content":{"rendered":"\n<style type=\"text\/css\" data-created_by=\"avia_inline_auto\" id=\"style-css-av-13mni26-3579f9caa1e47aa6c11ec48f47f48ec9\">\n.flex_column.av-13mni26-3579f9caa1e47aa6c11ec48f47f48ec9{\nborder-radius:0px 0px 0px 0px;\npadding:0px 0px 0px 0px;\n}\n<\/style>\n<div  class='flex_column av-13mni26-3579f9caa1e47aa6c11ec48f47f48ec9 av_one_full  avia-builder-el-0  el_before_av_three_fifth  avia-builder-el-first  first flex_column_div av-zero-column-padding  '     ><p>\n<style type=\"text\/css\" data-created_by=\"avia_inline_auto\" id=\"style-css-av-10l93ni-b4fde993d58b48bbc21a9d009b6b5d84\">\n#top .hr.hr-invisible.av-10l93ni-b4fde993d58b48bbc21a9d009b6b5d84{\nmargin-top:0px;\nheight:1px;\n}\n<\/style>\n<div  class='hr av-10l93ni-b4fde993d58b48bbc21a9d009b6b5d84 hr-invisible  avia-builder-el-1  el_before_av_heading  avia-builder-el-first '><span class='hr-inner '><span class=\"hr-inner-style\"><\/span><\/span><\/div><br \/>\n\n<style type=\"text\/css\" data-created_by=\"avia_inline_auto\" id=\"style-css-av-l1n7wfwi-660f8a0daadb3e442b6b8243245b4704\">\n#top .av-special-heading.av-l1n7wfwi-660f8a0daadb3e442b6b8243245b4704{\npadding-bottom:10px;\n}\nbody .av-special-heading.av-l1n7wfwi-660f8a0daadb3e442b6b8243245b4704 .av-special-heading-tag .heading-char{\nfont-size:25px;\n}\n.av-special-heading.av-l1n7wfwi-660f8a0daadb3e442b6b8243245b4704 .av-subheading{\nfont-size:15px;\n}\n<\/style>\n<div  class='av-special-heading av-l1n7wfwi-660f8a0daadb3e442b6b8243245b4704 av-special-heading-h1 blockquote modern-quote  avia-builder-el-2  el_after_av_hr  el_before_av_post_metadata  av-linked-heading'><h1 class='av-special-heading-tag '  >So sch\u00f6n, dass du geboren bist: Ideen f\u00fcr tolle Geburtstage im Kindergarten<\/h1><div class='av-subheading av-subheading_below'><p class=\"autorenname\">Elisa Morel<\/p>\n<\/div><div class=\"special-heading-border\"><div class=\"special-heading-inner-border\"><\/div><\/div><\/div><br \/>\n\n<style type=\"text\/css\" data-created_by=\"avia_inline_auto\" id=\"style-css-av-5ixbsu-196efa3e77b58acfc7fe0e341a7f8c78\">\n#top .av-post-metadata-container.av-5ixbsu-196efa3e77b58acfc7fe0e341a7f8c78{\nfont-size:12px;\n}\n#top .av-post-metadata-container.av-5ixbsu-196efa3e77b58acfc7fe0e341a7f8c78 .av-post-metadata-container-inner{\nfont-size:12px;\n}\n<\/style>\n<div  class='av-post-metadata-container av-5ixbsu-196efa3e77b58acfc7fe0e341a7f8c78 av-metadata-container-align-left  avia-builder-el-3  el_after_av_heading  el_before_av_textblock  av-metadata-container-1'><div class='av-post-metadata-container-inner'><span class=\"av-post-metadata-content av-post-metadata-meta-content\"><span class=\"av-post-metadata-content av-post-metadata-modified\"><span class=\"av-metadata-before av-metadata-before-modified\">Aktualisiert:<\/span><span class=\"av-post-metadata-modified-date\" >22. April 2026<\/span><\/span><span class=\"av-post-metadata-content av-post-metadata-separator\">\/<\/span><span class=\"av-post-metadata-content av-post-metadata-modified\"><span class=\"av-metadata-before av-metadata-before-modified\">Zuletzt aktualisiert:<\/span><span class=\"av-post-metadata-modified-date\" >22. April 2026<\/span><\/span><\/span><\/div><\/div><br \/>\n\n<style type=\"text\/css\" data-created_by=\"avia_inline_auto\" id=\"style-css-av-l1n7wv6k-23010746ab3805726988eae925f58683\">\n#top .av_textblock_section.av-l1n7wv6k-23010746ab3805726988eae925f58683 .avia_textblock{\nfont-size:20px;\n}\n<\/style>\n<section  class='av_textblock_section av-l1n7wv6k-23010746ab3805726988eae925f58683 '  ><div class='avia_textblock' ><p>Einmal im Jahr kommen sogar die meisten Erwachsenen nicht an ihrem Geburtstag vorbei, auch wenn man sich im Alter oft weniger aus diesem Tag macht. F\u00fcr Kinder ist der eigene Geburtstag immer ein Highlight, auf das sie sich schon Wochen vorher freuen und vorbereiten.<br \/>\nEin paar kreative Ideen f\u00fcr coole Geburtstagspartys im Kindergarten stellen wir Ihnen im Folgenden vor. Lassen Sie sich inspirieren und bereiten Sie Ihren Kindern einen unvergesslichen Tag.<\/p>\n<\/div><\/section><br \/>\n\n<style type=\"text\/css\" data-created_by=\"avia_inline_auto\" id=\"style-css-av-l1n8uvnf-4b7d67e89d93e8535965375960b4cd7b\">\n.avia-image-container.av-l1n8uvnf-4b7d67e89d93e8535965375960b4cd7b img.avia_image{\nbox-shadow:none;\n}\n.avia-image-container.av-l1n8uvnf-4b7d67e89d93e8535965375960b4cd7b .av-image-caption-overlay-center{\ncolor:#ffffff;\n}\n<\/style>\n<div  class='avia-image-container av-l1n8uvnf-4b7d67e89d93e8535965375960b4cd7b av-styling- avia-align-center  avia-builder-el-5  el_after_av_textblock  el_before_av_hr '  ><div class=\"avia-image-container-inner\"><div class=\"avia-image-overlay-wrap\"><img decoding=\"async\" fetchpriority=\"high\" class='wp-image-8911 avia-img-lazy-loading-not-8911 avia_image ' src=\"https:\/\/www.backwinkel.de\/blog\/wp-content\/uploads\/2022\/04\/backwinkel-blog-geburtstage-im-kindergarten-heroimage.jpg\" alt='' title='backwinkel-blog-geburtstage-im-kindergarten-heroimage'  height=\"628\" width=\"1200\"  \/><\/div><\/div><\/div><br \/>\n\n<style type=\"text\/css\" data-created_by=\"avia_inline_auto\" id=\"style-css-av-z428gu-562dca9fb4b33ebca7f3ad43c60e6e00\">\n#top .hr.hr-invisible.av-z428gu-562dca9fb4b33ebca7f3ad43c60e6e00{\nheight:5px;\n}\n<\/style>\n<div  class='hr av-z428gu-562dca9fb4b33ebca7f3ad43c60e6e00 hr-invisible  avia-builder-el-6  el_after_av_image  el_before_av_textblock '><span class='hr-inner '><span class=\"hr-inner-style\"><\/span><\/span><\/div><br \/>\n\n<style type=\"text\/css\" data-created_by=\"avia_inline_auto\" id=\"style-css-av-l1n895qp-5ec2cff363a28156329fb6c1b384e237\">\n#top .av_textblock_section.av-l1n895qp-5ec2cff363a28156329fb6c1b384e237 .avia_textblock{\nfont-size:10px;\n}\n<\/style>\n<section  class='av_textblock_section av-l1n895qp-5ec2cff363a28156329fb6c1b384e237 '  ><div class='avia_textblock' ><p class=\"bildnennung-beitrag\" style=\"text-align: left;\">\u00a9 Photographee.eu, Adobestock.com<\/p>\n<\/div><\/section><\/p><\/div>\n<style type=\"text\/css\" data-created_by=\"avia_inline_auto\" id=\"style-css-av-y430dq-773b5e3932a879d6b63d09854b272760\">\n.flex_column.av-y430dq-773b5e3932a879d6b63d09854b272760{\nborder-radius:0px 0px 0px 0px;\npadding:20px 20px 20px 20px;\nbackground-color:#f2f2f2;\n}\n<\/style>\n<div  class='flex_column av-y430dq-773b5e3932a879d6b63d09854b272760 av_three_fifth  avia-builder-el-8  el_after_av_one_full  el_before_av_two_fifth  first flex_column_div  column-top-margin'     ><style type=\"text\/css\" data-created_by=\"avia_inline_auto\" id=\"style-css-av-l1n8xg6h-3044659e399472c246946544e9e2f03c\">\n#top .av_textblock_section.av-l1n8xg6h-3044659e399472c246946544e9e2f03c .avia_textblock{\nfont-size:14px;\n}\n<\/style>\n<section  class='av_textblock_section av-l1n8xg6h-3044659e399472c246946544e9e2f03c '  ><div class='avia_textblock' ><p><strong>Inhalt<\/strong><\/p>\n<p><strong><a href=\"#1\">1. Warum feiern wir eigentlich Geburtstag?<\/a><\/strong><\/p>\n<p><strong><a href=\"#2\">2. Die Bedeutung von Ritualen f\u00fcr Kinder<\/a><\/strong><\/p>\n<p><strong><a href=\"#3\">3. Kreative Ideen f\u00fcr einen gelungenen Geburtstag<\/a><\/strong><br \/>\n3.1. Die Klassiker an Kindergeburtstagen<br \/>\n3.2. King \/ Queen for a day<br \/>\n3.3. Wunschessen<\/p>\n<p><strong><a href=\"#4\">4. Tipps und Tricks f\u00fcr eine gelungene Organisation<\/a><\/strong><br \/>\n4.1. Mehrere Geburtstage zusammen feiern<br \/>\n4.2. Themenpartys<\/p>\n<\/div><\/section><\/div><\/p>\n\n<style type=\"text\/css\" data-created_by=\"avia_inline_auto\" id=\"style-css-av-vtumb2-1f8a474615e4fd6e9fac4595bec97cdb\">\n.flex_column.av-vtumb2-1f8a474615e4fd6e9fac4595bec97cdb{\nborder-radius:0px 0px 0px 0px;\npadding:0 0 0 0;\n}\n<\/style>\n<div  class='flex_column av-vtumb2-1f8a474615e4fd6e9fac4595bec97cdb av_two_fifth  avia-builder-el-10  el_after_av_three_fifth  el_before_av_sidebar  flex_column_div av-zero-column-padding  column-top-margin'     ><\/div>\n<div  class='avia-builder-widget-area clearfix  avia-builder-el-11  el_after_av_two_fifth  el_before_av_one_full '><div id=\"text-33\" class=\"widget clearfix widget_text\">\t\t\t<div class=\"textwidget\"><p><a href=\"https:\/\/www.backwinkel.de\/nachhaltig-denken\/\" target=\"\\_blank\" rel=\"noopener\"><br \/>\n<img decoding=\"async\" class=\"werbung-desktop alignnone wp-image-4186 size-full\" src=\"https:\/\/www.backwinkel.de\/blog\/wp-content\/uploads\/2026\/04\/Backwinkel-blog-werbebanner-shop-kita-schule_desktop.jpg\" alt=\"\" width=\"1251\" height=\"201\" \/><br \/>\n<\/a><br \/>\n<a href=\"https:\/\/www.backwinkel.de\/nachhaltig-denken\/\" target=\"\\_blank\" rel=\"noopener\"><br \/>\n<img decoding=\"async\" class=\"werbung-mobile alignnone wp-image-4187 size-full\" src=\"https:\/\/www.backwinkel.de\/blog\/wp-content\/uploads\/2026\/04\/Backwinkel-blog-werbebanner-shop-kiga-schule_mobile.jpg\" alt=\"\" width=\"550\" height=\"500\" \/><br \/>\n<\/a><\/p>\n<\/div>\n\t\t<\/div><\/div>\n\n<style type=\"text\/css\" data-created_by=\"avia_inline_auto\" id=\"style-css-av-sje02m-2b70b3232dc8d889bcc78b59b3dc4a1e\">\n.flex_column.av-sje02m-2b70b3232dc8d889bcc78b59b3dc4a1e{\nborder-radius:0px 0px 0px 0px;\npadding:0px 0px 0px 0px;\n}\n<\/style>\n<div  class='flex_column av-sje02m-2b70b3232dc8d889bcc78b59b3dc4a1e av_one_full  avia-builder-el-12  el_after_av_sidebar  el_before_av_one_full  first flex_column_div av-zero-column-padding  '     ><section  class='av_textblock_section av-l1n8y7pn-36fce60d850c0bf8e7e0c2ae3cac4a66 '  ><div class='avia_textblock' >\n<style type=\"text\/css\" data-created_by=\"avia_inline_auto\" id=\"style-css-av-r6oyi6-014bc8eca4640371f1093b431fe3b6f9\">\n#top .hr.hr-invisible.av-r6oyi6-014bc8eca4640371f1093b431fe3b6f9{\nheight:20px;\n}\n<\/style>\n<div  class='hr av-r6oyi6-014bc8eca4640371f1093b431fe3b6f9 hr-invisible  avia-builder-el-14  avia-builder-el-no-sibling '><span class='hr-inner '><span class=\"hr-inner-style\"><\/span><\/span><\/div>\n<h2 id=\"1\" class=\"position\">Warum feiern wir eigentlich Geburtstag?<\/h2>\n<p>Schon in der Antike feierten die alten R\u00f6mer, Griechen und \u00c4gypter Geburtstage \u2013 allerdings nicht alle und anders als wir heute. Man widmete diesen Tag eher dem Pharao \/ Herrscher oder Gottheiten als dem Geburtstagskind selbst.<\/p>\n<p>Bis ins 19. Jahrhundert waren auch im Christentum private Geburtstagsfeiern eher un\u00fcblich und vor allem in h\u00f6heren Gesellschaftsschichten anzutreffen und f\u00fcr Katholiken galt dar\u00fcber hinaus der Namenstag als noch wichtiger.<\/p>\n<p>Im Judentum stehen Bar Mizwa und Bat Mizwa mit dem Geburtsdatum der Jungen und M\u00e4dchen in Zusammenhang, w\u00e4hrend das klassische Feiern des j\u00e4hrlichen Geburtstags traditionell nicht verankert ist.<\/p>\n<p>In einigen Kulturen ist es nicht \u00fcblich, den genauen Tag der Geburt festzuhalten, sodass nur das Geburtsjahr bekannt ist. Da in Deutschland viele rechtliche Dinge vom Geburtsdatum abh\u00e4ngen (Strafm\u00fcndigkeit, F\u00fchrerschein, Wahlalter etc.), setzen deutsche Beh\u00f6rden den Geburtstag auf den 1. Januar fest, wenn nur das Geburtsjahr bekannt ist, z. B. bei Kindern von Gefl\u00fcchteten.<\/p>\n<p>Manche Religionsgemeinschaften feiern keinen Geburtstag, z. B. die Zeugen Jehovas. Im Islam wird oft die Geburt gefeiert, aber au\u00dfer diesem ersten Geburtstag kein weiterer. In anderen Kulturen beschenken Kinder eher ihre Eltern oder ihre Mutter, um ihnen f\u00fcr das Geschenk des Lebens zu danken.<\/p>\n<p>Unabh\u00e4ngig von ihrer Religion finden es Kinder heutzutage in der Regel toll, an ihrem besonderen Tag ein bisschen gefeiert zu werden. In Absprache mit den Eltern, z. B. nach Anmeldung der Kinder in der Einrichtung, steht einem gelungenen Geburtstagsfest f\u00fcr die kleinen Ehreng\u00e4ste also nichts im Weg.<\/p>\n<\/div><\/section><\/div>\n\n<style type=\"text\/css\" data-created_by=\"avia_inline_auto\" id=\"style-css-av-p6t2xa-609bdcfbcae0beca20996d4b688b52e5\">\n.flex_column.av-p6t2xa-609bdcfbcae0beca20996d4b688b52e5{\nborder-radius:0px 0px 0px 0px;\npadding:0px 0px 0px 0px;\n}\n<\/style>\n<div  class='flex_column av-p6t2xa-609bdcfbcae0beca20996d4b688b52e5 av_one_full  avia-builder-el-15  el_after_av_one_full  el_before_av_one_full  first flex_column_div av-zero-column-padding  column-top-margin'     ><section  class='av_textblock_section av-nu71dq-9ca3e166bae34b13fc911045e573aa75 '  ><div class='avia_textblock' >\n<style type=\"text\/css\" data-created_by=\"avia_inline_auto\" id=\"style-css-av-mks3cu-417f46ed822b951463536e103844ee84\">\n#top .hr.hr-invisible.av-mks3cu-417f46ed822b951463536e103844ee84{\nheight:20px;\n}\n<\/style>\n<div  class='hr av-mks3cu-417f46ed822b951463536e103844ee84 hr-invisible  avia-builder-el-17  avia-builder-el-no-sibling '><span class='hr-inner '><span class=\"hr-inner-style\"><\/span><\/span><\/div>\n<h2 id=\"2\" class=\"position\">Die Bedeutung von Ritualen f\u00fcr Kinder<\/h2>\n<p>Rituale sind Fixpunkte im Alltag, auch wenn es mal drunter und dr\u00fcber geht. Sie bieten Kindern (und auch Erwachsenen) Sicherheit \u2013 man kann sich einfach auf sie verlassen. Auch in Krisenzeiten helfen Rituale bei der Bew\u00e4ltigung, z. B. beim Abschied von einem verstorbenen Haustier. Aber vor allem sch\u00f6ne Rituale wie gemeinsames Feiern sind etwas, auf das Kinder sich oft schon Monate im Voraus freuen.<\/p>\n<p>Zeit ist vor allem f\u00fcr Kinder abstrakt. Rituale unterst\u00fctzen sie dabei, sich in Tages-, Wochen- und Jahresstruktur zu orientieren: Zu einer festen Uhrzeit bringen die Eltern ihre Kinder in die Kita und holen sie wieder ab, am Wochenende geht man nicht in die Kita und Weihnachten feiert man jeden Winter. So bekommen die Kinder ein besseres Gef\u00fchl f\u00fcr Zeitr\u00e4ume, Jahreszeiten, Termine und besondere Ereignisse.<\/p>\n<\/div><\/section><\/div>\n\n<style type=\"text\/css\" data-created_by=\"avia_inline_auto\" id=\"style-css-av-7caq0u-08f2c138515f527ae62a4e786bb7cf79\">\n.flex_column.av-7caq0u-08f2c138515f527ae62a4e786bb7cf79{\nborder-radius:0px 0px 0px 0px;\npadding:0px 0px 0px 0px;\n}\n<\/style>\n<div  class='flex_column av-7caq0u-08f2c138515f527ae62a4e786bb7cf79 av_one_full  avia-builder-el-18  el_after_av_one_full  el_before_av_one_full  first flex_column_div av-zero-column-padding  column-top-margin'     ><section  class='av_textblock_section av-l1n90n4e-f51d296320b707ff7c820f37b9eee0db '  ><div class='avia_textblock' >\n<style type=\"text\/css\" data-created_by=\"avia_inline_auto\" id=\"style-css-av-5sp9jy-224cd7dc54bb4b35cfb48e1f42d43319\">\n#top .hr.hr-invisible.av-5sp9jy-224cd7dc54bb4b35cfb48e1f42d43319{\nheight:20px;\n}\n<\/style>\n<div  class='hr av-5sp9jy-224cd7dc54bb4b35cfb48e1f42d43319 hr-invisible  avia-builder-el-20  avia-builder-el-no-sibling '><span class='hr-inner '><span class=\"hr-inner-style\"><\/span><\/span><\/div>\n<h2 id=\"3\" class=\"position\">Kreative Ideen f\u00fcr einen gelungenen Geburtstag<\/h2>\n<p>Organisation ist alles: Bestimmt haben Sie in Ihrer Einrichtung bereits eine feste Struktur f\u00fcr den Ablauf von Kindergeburtstagen. Anders lassen sich solche Feiern auch nicht stressfrei und reibungslos bew\u00e4ltigen. Und selbst, wenn Sie Lust auf Ver\u00e4nderungen oder neue Ideen haben, ist es vorteilhaft, einen Vorlauf f\u00fcr Planung und Einf\u00fchrung zu haben.<\/p>\n<p>Mit unseren Ideen m\u00f6chten wir sie inspirieren, die Geburtstage im Kindergarten vielleicht noch ein wenig bunter zu gestalten oder einfach mal was Neues auszuprobieren. Doch kommen wir erst einmal zu den Klassikern.<\/p>\n<h3>Die Klassiker an Kindergeburtstagen<\/h3>\n<p>Anerkennung ist wichtig und jedes Kind sollte sie regelm\u00e4\u00dfig erfahren. Daf\u00fcr ist der Geburtstag die perfekte Gelegenheit: Durch wenig Aufwand und kleine Gesten vermitteln Sie dem Geburtstagskind, dass es etwas ganz Besonderes ist und sich an diesem Tag \u00fcber ein bisschen Aufmerksamkeit von allen Seiten freuen darf.<\/p>\n<p><strong>Jahresuhr<br \/>\n<\/strong>Eine Jahresuhr verschafft den Kindern einen \u00dcberblick dar\u00fcber, wann welcher Geburtstag ansteht. Lassen Sie Ihrer Kreativit\u00e4t bzgl. der Ideen freien Lauf: Ihre Kinder k\u00f6nnen z. B. ihren eigenen Papp-Waggon f\u00fcr einen an die Wand geklebten Zug individuell gestalten, mit Bild, Geburtsdatum und Namen. Die verschiedenen Stationen (Fr\u00fchling, Sommer, Herbst und Winter) kleben Sie einfach dar\u00fcber.<\/p>\n<p>Eine runde Jahresuhr mit Zeiger ist \u00fcbersichtlich und verbildlicht den Kleinsten das Verstreichen der Zeit. Die Kinder verzieren, bemalen oder bekleben ihr eigenes Feld und drehen den Zeiger an ihrem Ehrentag auf ihr Geburtsdatum.<\/p>\n<p>Wenn Sie es ein wenig detailreicher m\u00f6gen, gibt es Varianten, die auch das Verstreichen von einzelnen Monaten anzeigen. So bekommt jedes Kind beispielsweise eine Kette, auf die es verschiedenfarbige Perlen auff\u00e4delt. Dabei stehen die roten Perlen f\u00fcr die Jahre und blaue f\u00fcr die Monate o. \u00c4. Im Internet finden Sie viele zus\u00e4tzliche Inspirationen f\u00fcr ansprechend gestaltete Jahres- oder Geburtstagsuhren.<\/p>\n<p><strong>\u00dcberraschungskiste<br \/>\n<\/strong>So einfach sind die kleinen Freuden: F\u00fcllen Sie einfach eine Kiste mit verschiedenen eingepackten Kleinigkeiten.<\/p>\n<p>Daf\u00fcr eignen sich z. B.:<\/p>\n<ul>\n<li>Stempel, Stifte, Sticker oder Washi-Tape<\/li>\n<li>Pixi-B\u00fccher<\/li>\n<li>(haltbare) S\u00fc\u00dfigkeiten wie Lutscher<\/li>\n<li>Jojos, Flummis, Seifenblasen oder Mini-Spiele<\/li>\n<li>Murmeln, Edelsteine oder Handschmeichler<\/li>\n<\/ul>\n<p>So sind Sie immer bestens vorbereitet und niemand geht leer aus \u2013 auch wenn das Geburtstagskind vielleicht keinen besten Freund in der Gruppe hat oder es in der Familie aus finanziellen Gr\u00fcnden keine Geschenke geben sollte.<\/p>\n<p><strong>Morgenkreis und Geburtstagslieder<br \/>\n<\/strong>Tolle Stimmung kommt auf, wenn alle sich im Morgenkreis versammeln und gemeinsam das Geburtstagslied anstimmen, das der Ehrengast sich w\u00fcnscht. Das Geburtstagskind sp\u00fcrt, dass heute sein besonderer Tag ist, und genie\u00dft die Aufmerksamkeit, wenn es daf\u00fcr nicht zu sch\u00fcchtern oder bescheiden ist.<\/p>\n<p>Sie k\u00f6nnen den Morgenkreis mit einer W\u00fcnsche- oder Komplimente-Runde verbinden: Was w\u00fcnscht sich das Kind f\u00fcr sein neues Lebensjahr, was w\u00fcnschen ihm die anderen? Was ist an diesem Kind besonders toll, was kann es richtig gut? Nat\u00fcrlich kann der Schuss nach hinten losgehen, z. B. bei Kindern, die nicht so beliebt bzw. nicht in die Gruppe integriert sind. Und bevor ein Kind von niemandem aus der Gruppe Komplimente oder gute W\u00fcnsche bekommt, verzichten Sie lieber auf diese Variation.<\/p>\n<p><strong>Er \/ sie lebe hoch!<br \/>\n<\/strong>Ein so simpler Brauch, der nach einer halben Minute erledigt ist, und doch eine Attraktion f\u00fcr viele Kinder: Das Geburtstagskind setzt sich auf einen Stuhl und wird von den Erziehenden unter Hochrufen dreimal in die Luft gehoben \u2013 ein ziemlich erhebendes Gef\u00fchl.<\/p>\n<p><strong>King \/ Queen for a day<br \/>\n<\/strong>Vielleicht haben Sie in Ihrem Kindergarten schon Geburtstagskronen, vielleicht basteln Ihre Kinder sich morgens selbst eine (nach Vorlage). Es muss auch nicht immer eine Krone, K\u00f6nig oder K\u00f6nigin sein. Auch ein selbst gestaltetes T-Shirt, Armband oder ein Geburtstagsluftballon signalisiert: Heute ist mein Tag, heute bin ich (noch) wichtig(er).<\/p>\n<p><strong>Wunschessen<br \/>\n<\/strong>Ein gesundes Fr\u00fchst\u00fcck, Rohkost als Fingerfood oder doch der klassische Geburtstagskuchen: Bringen Sie ruhig Abwechslung in den besonderen Tag. Bestimmt sind Ihre Kinder Feuer und Flamme f\u00fcr buntes Gem\u00fcse mit (selbst gemachtem) Dip, wenn daraus farbenfrohe Tiere oder lustige Gesichter entstehen. Auch eine M\u00fcsli-Bar mit vielen verschiedenen (frischen) Zutaten zum Selbstmischen ist f\u00fcr viele Kinder spannender als ein St\u00fcck Kuchen auf dem Teller. Und Popcorn k\u00f6nnen die Kinder ohne gro\u00dfen Aufwand selbst machen, egal ob s\u00fc\u00df oder salzig.<\/p>\n<\/div><\/section><\/div>\n\n<style type=\"text\/css\" data-created_by=\"avia_inline_auto\" id=\"style-css-av-3u6wdq-dad9c3af887f2d1f6ec3c80f561bcbf5\">\n.flex_column.av-3u6wdq-dad9c3af887f2d1f6ec3c80f561bcbf5{\nborder-radius:0px 0px 0px 0px;\npadding:0px 0px 0px 0px;\n}\n<\/style>\n<div  class='flex_column av-3u6wdq-dad9c3af887f2d1f6ec3c80f561bcbf5 av_one_full  avia-builder-el-21  el_after_av_one_full  el_before_av_one_third  first flex_column_div av-zero-column-padding  column-top-margin'     ><section  class='av_textblock_section av-l1n948dk-f21abcdfd384a4bfc15441ce59c32097 '  ><div class='avia_textblock' >\n<style type=\"text\/css\" data-created_by=\"avia_inline_auto\" id=\"style-css-av-366p9q-59b48b095f298998e707fc000d15d2d7\">\n#top .hr.hr-invisible.av-366p9q-59b48b095f298998e707fc000d15d2d7{\nheight:20px;\n}\n<\/style>\n<div  class='hr av-366p9q-59b48b095f298998e707fc000d15d2d7 hr-invisible  avia-builder-el-23  avia-builder-el-no-sibling '><span class='hr-inner '><span class=\"hr-inner-style\"><\/span><\/span><\/div>\n<h2 id=\"4\" class=\"position\">Tipps und Tricks f\u00fcr eine gelungene Organisation<\/h2>\n<p>Besprechen Sie generell alle Pl\u00e4ne vorab mit den Eltern, damit es weder Unstimmigkeiten noch Missverst\u00e4ndnisse gibt. Sie k\u00f6nnen Ihre Geburtstagsrituale schon bei den ersten Kennenlern-Terminen vorstellen und u. a. folgende Fragen kl\u00e4ren:<\/p>\n<ul>\n<li>Gibt es Allergien oder Lebensmittel, die ein Kind nicht mag oder aus religi\u00f6sen Gr\u00fcnden nicht isst?<\/li>\n<li>Gibt es Kinder, die keinen Geburtstag feiern?<\/li>\n<li>Wie teuer d\u00fcrfen Geschenke sein, die die Kinder sich vielleicht untereinander schenken?<\/li>\n<li>Gibt es S\u00fc\u00dfigkeiten zu jedem Geburtstag oder sind gesunde Alternativen erw\u00fcnscht?<\/li>\n<li>Sind alle damit einverstanden, dass Fotos gemacht werden?<\/li>\n<\/ul>\n<h3>Mehrere Geburtstage zusammen feiern<\/h3>\n<p>Nachfeiern nach den Ferien oder einfach alle Oktober-Kinder auf einen Streich: \u00dcberlegen Sie, was am besten in Ihren Berufsalltag passt. Wenn Ihre Kinder sich daf\u00fcr begeistern k\u00f6nnen, gemeinsam mit anderen eine monatliche Party zu veranstalten, ist dieser Ablauf f\u00fcr Sie vielleicht angenehmer, falls Sie z. B. viele Kinder in Ihrer Einrichtung haben und \/ oder ein offenes Raumkonzept ohne feste Gruppen-R\u00e4ume haben.<\/p>\n<h3>Themenpartys<\/h3>\n<p>Vielleicht haben Sie Lust, unterschiedliche Themenideen f\u00fcr Geburtstage in Ihrer Einrichtung zu entwerfen. Sie k\u00f6nnen die Themen auf K\u00e4rtchen schreiben und den Kindern vorstellen. Eine Woche vor dem eigenen Geburtstag k\u00f6nnen die Kinder sich dann z. B. f\u00fcr ein K\u00e4rtchen entscheiden. Die Umsetzung der Ideen sollte nat\u00fcrlich auch den Aufwand rechtfertigen: Feiern beispielsweise nach den Sommerferien im August acht Kinder ihren Geburtstag nach, ist vielleicht sogar eine kleine Grillparty im Rahmen. Feiern aber alle Kinder einzeln, bieten sich eher ein gemeinsames Fr\u00fchst\u00fcck oder mitgebrachte Pl\u00e4tzchen an.<\/p>\n<p><strong>Einige Themenvorschl\u00e4ge stellen wir Ihnen jetzt vor<\/strong>:<\/p>\n<p><strong>\u2022 Kreativ-Tag<br \/>\n<\/strong>Wenn Sie sowieso Ideen haben, die Sie mit Ihren Kindern umsetzen wollen, k\u00f6nnen Sie diese Aktivit\u00e4ten zur Auswahl stellen, z. B. Kleistern, T\u00f6pfern, Filzen, Musizieren, Mosaike legen, Kleidung batiken, eigenen Schmuck herstellen oder ein Insektenhotel bauen. Solche Aktionen sind zeitintensiver und brauchen auch mehr Vorbereitung als Prickeln oder Ausmalen. Abh\u00e4ngig vom Wetter k\u00f6nnen Sie auch aufwendigere Angebote f\u00fcr drau\u00dfen anbieten, z. B. den Aufbau eines eigenen Wasserspielplatzes mit Matsch-Tisch und Planschbecken.<\/p>\n<p><strong>\u2022 Ausflug<br \/>\n<\/strong>Es muss ja nicht gleich ein Abenteuerspielplatz oder Zoobesuch sein. F\u00fcr Kinder sind auch unspektakul\u00e4rere Ausfl\u00fcge ein Highlight. Sie k\u00f6nnen z. B. einen Wochenmarkt besuchen oder einen Waldspaziergang mit Picknick planen.<\/p>\n<p>Manchmal ergeben sich auf zuf\u00e4llig passende Gelegenheiten, z. B. das Fest der Freiwilligen Feuerwehr im selben Stadtteil oder ein \u00f6kumenischer Kindergottesdienst um die Ecke.<\/p>\n<p><strong>\u2022 Geburtstagsgast<br \/>\n<\/strong>Kann vielleicht der Onkel des Geburtstagskindes zaubern oder hat dessen Familie einen gut erzogenen Hund? Interessiert sich das Geburtstagskind f\u00fcr den Beruf des Polizisten oder des Tierpflegers? Gibt es gerade p\u00e4dagogische Angebote von Externen, die Sie in Ihrer Einrichtung besuchen kommen und mit den Kindern aktiv werden, z. B. einen Theater-, Zirkus-, Sport- oder Tanz-Workshop?<\/p>\n<p>Laden Sie einfach einen geeigneten Gast ein und machen Sie so den Geburtstag eines Kindes zu einem besonderen Erlebnis, von dem alle profitieren. Viele dieser Ideen lassen sich nat\u00fcrlich schlecht spontan aus dem \u00c4rmel sch\u00fctteln, doch vielleicht etablieren Sie \u00fcber die Jahre ein paar fixe Angebote \u00fcber pers\u00f6nliche Ansprechpartner, auf die Sie jedes Jahr zur\u00fcckkommen k\u00f6nnen.<\/p>\n<p><strong>\u2022 Lieblingsspiel \/ Lieblings-CD<br \/>\n<\/strong>Hat Ihr Geburtstagskind ein Lieblingsspiel, das es gerne den anderen Kindern vorstellen m\u00f6chte? Dann ist der Geburtstag eine tolle Gelegenheit, es einfach mal mitzubringen. Manche Brett- und W\u00fcrfelspiele kann man super in einer kleinen Gruppe spielen, Bewegungsspiele k\u00f6nnen alle Kinder mitmachen. Und auch ein H\u00f6rspiel oder Kinderlieder machen bei wenig Aufwand allen auf einmal Spa\u00df.<\/p>\n<p><strong>\u2022 Kulinarische Gen\u00fcsse<br \/>\n<\/strong>Gemeinsames Kochen und Backen macht den meisten Kindern Spa\u00df. Backen Sie z. B. gemeinsam Pl\u00e4tzchen und verzieren Sie diese zusammen vielf\u00e4ltig. Probieren Sie neue Gerichte aus, kochen Sie gemeinsam Marmelade ein, schnippeln Sie einen exotischen Obstsalat oder kreieren Sie zusammen fruchtige Cocktails. Lerneffekte inklusive: Wie isst man einen Granatapfel, was ist eine Nashi-Birne, wer erkennt die Mango am Geschmack und die Sternfrucht an ihrer Form?<\/p>\n<p><strong>\u2022 Kost\u00fcmparty<br \/>\n<\/strong>Falls Sie bereits eine Verkleidungskiste in Ihrer Einrichtung haben (oder bald haben m\u00f6chten), ist Verkleiden nat\u00fcrlich auch eine super Party-Idee. Ob Sie das mit kleinen Rollenspielen verbinden und auch Theaterschminke anbieten, bleibt Ihnen \u00fcberlassen \u2013 wie immer sollte der Aufwand gerechtfertigt sein und Kinder sind oft recht anspruchslos, wenn es darum geht, Spa\u00df zu haben und etwas Neues auszuprobieren.<\/p>\n<p><strong>\u2022 Schnitzeljagd \/ Schatzsuche<br \/>\n<\/strong>Wenn Sie einige Jahre lang die Mu\u00dfe aufbringen, ein paar verschiedene Schatzsuchen samt Karten zu erfinden, ist diese Aktion bald ein Selbstl\u00e4ufer: Verstecken Sie eine kleine Schatzkiste mit ein paar \u00dcberraschungen auf dem Gel\u00e4nde oder in einem Raum und schicken Sie den \/ die Schatzj\u00e4ger mithilfe von Karten, R\u00e4tseln und Hinweisen auf die Suche. Vielleicht will Ihr Geburtstagskind selbst ein Team ausw\u00e4hlen und den Schatz gemeinsam heben.<\/p>\n<p><strong>\u2022 Olympiade<br \/>\n<\/strong>Kombinieren Sie unterschiedliche Spiele, die die Kinder dann an verschiedenen Stationen ausprobieren. Sie k\u00f6nnen, m\u00fcssen aber keine Punkte vergeben, denn nat\u00fcrlich steht der Spa\u00df im Vordergrund.<\/p>\n<p>Geeignete Spiele sind z. B.:<\/p>\n<ul>\n<li>Klammertanz<\/li>\n<li>Dosenwerfen<\/li>\n<li>Sackh\u00fcpfen<\/li>\n<li>Eierlaufen<\/li>\n<li>Hei\u00dfer Draht<\/li>\n<li>H\u00fcpfk\u00e4stchen<\/li>\n<li>Hindernis-Parcours<\/li>\n<li>Seilspringen<\/li>\n<li>Trampolinspringen<\/li>\n<li>Topfschlagen<\/li>\n<li>Lieder- oder Tierstimmen-Raten<\/li>\n<li>Balancieren<\/li>\n<li>Muster legen \/ Tangram<\/li>\n<\/ul>\n<p>Wir w\u00fcnschen Ihnen viele spa\u00dfige Kindergeburtstage. Vielleicht haben Sie ja auch Lust bekommen, einige der Ideen au\u00dferhalb von Geburtstagen umzusetzen.<\/p>\n<\/div><\/section><\/div>\n<div class='flex_column_table av-jxcy3x4s-fc5d4ad95756edaabc2bc972666892fb sc-av_one_third av-equal-height-column-flextable'>\n<style type=\"text\/css\" data-created_by=\"avia_inline_auto\" id=\"style-css-av-jxcy3x4s-fc5d4ad95756edaabc2bc972666892fb\">\n.flex_column.av-jxcy3x4s-fc5d4ad95756edaabc2bc972666892fb{\nborder-width:1px;\nborder-color:#ebebeb;\nborder-style:solid;\nborder-radius:0px 0px 0px 0px;\npadding:10px 10px 10px 10px;\n}\n<\/style>\n<div  class='flex_column av-jxcy3x4s-fc5d4ad95756edaabc2bc972666892fb av_one_third  avia-builder-el-24  el_after_av_one_full  el_before_av_one_third  first flex_column_table_cell av-equal-height-column av-align-top  column-top-margin'     ><p><section  class='av_textblock_section av-jxcz48fa-f3c91918a7bd9670e308dba71459424b '  ><div class='avia_textblock' ><p><a href=\"https:\/\/www.backwinkel.de\/geburtstagszug-16-teilig.html\" target=\"_blank\" rel=\"noopener\"><img decoding=\"async\" class=\"alignnone wp-image-8914 size-full\" src=\"https:\/\/blog.backwinkel.de\/wp-content\/uploads\/2022\/04\/23559_geburtstagszug.jpg\" alt=\"\" width=\"500\" height=\"350\" \/><\/a><\/p>\n<p style=\"font-size: 20px; font-family: urw_grotesk_extra_narrowrg; text-align: left;\">Geburtstagszug, 16-teilig<\/p>\n<p style=\"text-align: left;\"><div  class='avia-button-wrap av-8ssthn-3c229033c028991ef507ce93aee6a233-wrap avia-button-center  avia-builder-el-26  avia-builder-el-no-sibling '><a href='https:\/\/www.backwinkel.de\/geburtstagszug-16-teilig.html'  class='avia-button av-8ssthn-3c229033c028991ef507ce93aee6a233 av-link-btn avia-icon_select-no avia-size-medium avia-position-center avia-color-theme-color'  target=\"_blank\"  rel=\"noopener noreferrer\"  aria-label=\"zum Produkt\"><span class='avia_iconbox_title' >zum Produkt<\/span><\/a><\/div><\/p>\n<\/div><\/section><br \/>\n\n<style type=\"text\/css\" data-created_by=\"avia_inline_auto\" id=\"style-css-av-jkuvdh82-4f37b1a2f5bf0c7f14df31e178d6014c\">\n#top .hr.hr-invisible.av-jkuvdh82-4f37b1a2f5bf0c7f14df31e178d6014c{\nheight:20px;\n}\n<\/style>\n<div  class='hr av-jkuvdh82-4f37b1a2f5bf0c7f14df31e178d6014c hr-invisible  avia-builder-el-27  el_after_av_textblock  avia-builder-el-last '><span class='hr-inner '><span class=\"hr-inner-style\"><\/span><\/span><\/div><\/p><\/div>\n<div class='av-flex-placeholder'><\/div>\n<style type=\"text\/css\" data-created_by=\"avia_inline_auto\" id=\"style-css-av-aq9l0e-a8d75267ec008fcae1439456a2f38eaf\">\n.flex_column.av-aq9l0e-a8d75267ec008fcae1439456a2f38eaf{\nborder-width:1px;\nborder-color:#ebebeb;\nborder-style:solid;\nborder-radius:0px 0px 0px 0px;\npadding:10px 10px 10px 10px;\n}\n<\/style>\n<div  class='flex_column av-aq9l0e-a8d75267ec008fcae1439456a2f38eaf av_one_third  avia-builder-el-28  el_after_av_one_third  el_before_av_one_third  flex_column_table_cell av-equal-height-column av-align-top  column-top-margin'     ><p><section  class='av_textblock_section av-l1n9e497-abbf7427f2ec3b9069041f84c3a2d773 '  ><div class='avia_textblock' ><p><a href=\"https:\/\/www.backwinkel.de\/prod\/geburtstagskranz-aus-holz.html\" target=\"_blank\" rel=\"noopener\"><img decoding=\"async\" class=\"alignnone wp-image-8916 size-full\" src=\"https:\/\/blog.backwinkel.de\/wp-content\/uploads\/2022\/04\/55367_geburtstagskranz.jpg\" alt=\"\" width=\"500\" height=\"350\" \/><\/a><\/p>\n<p style=\"font-size: 20px; font-family: urw_grotesk_extra_narrowrg; text-align: left;\">Geburtstagskranz<\/p>\n<p style=\"text-align: left;\"><div  class='avia-button-wrap av-9729su-5bb7c2d0b003b1d83a09eff36a2b2c45-wrap avia-button-center  avia-builder-el-30  avia-builder-el-no-sibling '><a href='https:\/\/www.backwinkel.de\/prod\/geburtstagskranz-aus-holz.html'  class='avia-button av-9729su-5bb7c2d0b003b1d83a09eff36a2b2c45 av-link-btn avia-icon_select-no avia-size-medium avia-position-center avia-color-theme-color'  target=\"_blank\"  rel=\"noopener noreferrer\"  aria-label=\"zum Produkt\"><span class='avia_iconbox_title' >zum Produkt<\/span><\/a><\/div><\/p>\n<\/div><\/section><br \/>\n\n<style type=\"text\/css\" data-created_by=\"avia_inline_auto\" id=\"style-css-av-7eaqm6-a3fcf411e0902227f5c3687f59583a14\">\n#top .hr.hr-invisible.av-7eaqm6-a3fcf411e0902227f5c3687f59583a14{\nheight:20px;\n}\n<\/style>\n<div  class='hr av-7eaqm6-a3fcf411e0902227f5c3687f59583a14 hr-invisible  avia-builder-el-31  el_after_av_textblock  avia-builder-el-last '><span class='hr-inner '><span class=\"hr-inner-style\"><\/span><\/span><\/div><\/p><\/div>\n<div class='av-flex-placeholder'><\/div>\n<style type=\"text\/css\" data-created_by=\"avia_inline_auto\" id=\"style-css-av-676izi-89f253dc0ccbc47c36c22ecd61b06354\">\n.flex_column.av-676izi-89f253dc0ccbc47c36c22ecd61b06354{\nborder-width:1px;\nborder-color:#ebebeb;\nborder-style:solid;\nborder-radius:0px 0px 0px 0px;\npadding:10px 10px 10px 10px;\n}\n<\/style>\n<div  class='flex_column av-676izi-89f253dc0ccbc47c36c22ecd61b06354 av_one_third  avia-builder-el-32  el_after_av_one_third  el_before_av_hr  flex_column_table_cell av-equal-height-column av-align-top  column-top-margin'     ><p><section  class='av_textblock_section av-l1n9g1oo-10f3d9938351d3196c830373c367d3bf '  ><div class='avia_textblock' ><p><a href=\"https:\/\/www.backwinkel.de\/t-shirts-bemalen-groesse-110-116-fuer-kinder-bis-ca-4-jahre.html\" target=\"_blank\" rel=\"noopener\"><img decoding=\"async\" class=\"alignnone wp-image-8915 size-full\" src=\"https:\/\/blog.backwinkel.de\/wp-content\/uploads\/2022\/04\/55069_t-shirt-malset.jpg\" alt=\"\" width=\"500\" height=\"350\" \/><\/a><\/p>\n<p style=\"font-size: 20px; font-family: urw_grotesk_extra_narrowrg; text-align: left;\">T-Shirts bemalen<\/p>\n<p style=\"text-align: left;\"><div  class='avia-button-wrap av-47xsqm-d0e8439548c95fa9b99ca1d37311139b-wrap avia-button-center  avia-builder-el-34  avia-builder-el-no-sibling '><a href='https:\/\/www.backwinkel.de\/t-shirts-bemalen-groesse-110-116-fuer-kinder-bis-ca-4-jahre.html'  class='avia-button av-47xsqm-d0e8439548c95fa9b99ca1d37311139b av-link-btn avia-icon_select-no avia-size-medium avia-position-center avia-color-theme-color'  target=\"_blank\"  rel=\"noopener noreferrer\"  aria-label=\"zum Produkt\"><span class='avia_iconbox_title' >zum Produkt<\/span><\/a><\/div><\/p>\n<\/div><\/section><br \/>\n\n<style type=\"text\/css\" data-created_by=\"avia_inline_auto\" id=\"style-css-av-apkby-67bc053d1a079e7564fa87d316caa63e\">\n#top .hr.hr-invisible.av-apkby-67bc053d1a079e7564fa87d316caa63e{\nheight:20px;\n}\n<\/style>\n<div  class='hr av-apkby-67bc053d1a079e7564fa87d316caa63e hr-invisible  avia-builder-el-35  el_after_av_textblock  avia-builder-el-last '><span class='hr-inner '><span class=\"hr-inner-style\"><\/span><\/span><\/div><\/p><\/div><\/div><!--close column table wrapper. Autoclose: 1 -->\n\n<style type=\"text\/css\" data-created_by=\"avia_inline_auto\" id=\"style-css-av-l7djku-5f2c4db7184e7550c5291c96327b2f22\">\n#top .hr.av-l7djku-5f2c4db7184e7550c5291c96327b2f22{\nmargin-top:10px;\nmargin-bottom:10px;\n}\n.hr.av-l7djku-5f2c4db7184e7550c5291c96327b2f22 .hr-inner{\nwidth:500;\n}\n<\/style>\n<div  class='hr av-l7djku-5f2c4db7184e7550c5291c96327b2f22 hr-custom  avia-builder-el-36  el_after_av_one_third  el_before_av_one_full  hr-left hr-icon-no'><span class='hr-inner inner-border-av-border-none'><span class=\"hr-inner-style\"><\/span><\/span><\/div>\n\n<style type=\"text\/css\" data-created_by=\"avia_inline_auto\" id=\"style-css-av-izybha-3ba41587c57437c7f16b614abb618e7a\">\n.flex_column.av-izybha-3ba41587c57437c7f16b614abb618e7a{\nborder-radius:0px 0px 0px 0px;\npadding:10px 10px 10px 10px;\nbackground-color:#f2f2f2;\n}\n<\/style>\n<div  class='flex_column av-izybha-3ba41587c57437c7f16b614abb618e7a av_one_full  avia-builder-el-37  el_after_av_hr  el_before_av_one_full  first flex_column_div  '     ><section  class='av_textblock_section av-hzulcu-2ef2f3b82501afb9f5387e314efe047a '  ><div class='avia_textblock' ><p class=\"fussnoten-quellen\">Ostmann, Sabine: Kleine Rituale mit Kindern: Ruhepole und Erziehungshelfer, 17.12.2021:<br \/>\n<a href=\"https:\/\/www.kidslife-magazin.de\/allgemein\/rituale-mit-kindern\/\" target=\"_blank\" rel=\"noopener\">https:\/\/www.kidslife-magazin.de\/allgemein\/rituale-mit-kindern\/<\/a><\/p>\n<p class=\"fussnoten-quellen\">Tolle Ideen f\u00fcr die (nachhaltige) Geschenkekiste:<br \/>\n<a href=\"https:\/\/www.smarticular.net\/sinnvolle-migebsel-kindergeburtsag-selbermachen-oder-nachhaltig-kaufen\/\" target=\"_blank\" rel=\"noopener\">https:\/\/www.smarticular.net\/sinnvolle-migebsel-kindergeburtsag-selbermachen-oder-nachhaltig-kaufen\/<\/a><\/p>\n<p class=\"fussnoten-quellen\">Eine Sammlung von Spielen f\u00fcr den Kindergarten:<br \/>\n<a href=\"https:\/\/schnitzeljagd-ideen.de\/kindergarten-spiele\/\" target=\"_blank\" rel=\"noopener\">https:\/\/schnitzeljagd-ideen.de\/kindergarten-spiele\/<\/a><\/p>\n<p class=\"fussnoten-quellen\">Bewegungsspiele f\u00fcr den Kindergarten:<br \/>\n<a href=\"https:\/\/www.backwinkel.de\/blog\/bewegungsspiele\/\" target=\"_blank\" rel=\"noopener\">https:\/\/www.backwinkel.de\/blog\/bewegungsspiele\/<\/a><\/p>\n<p class=\"fussnoten-quellen\">Kreisspiele im Kindergarten:<br \/>\n<a href=\"https:\/\/www.backwinkel.de\/blog\/kreisspiele\/\" target=\"_blank\" rel=\"noopener\">https:\/\/www.backwinkel.de\/blog\/kreisspiele\/<\/a><\/p>\n<p class=\"fussnoten-quellen\">Spa\u00dfige Kennenlernspiele:<br \/>\n<a href=\"https:\/\/www.backwinkel.de\/blog\/kennenlernspiele\/\" target=\"_blank\" rel=\"noopener\">https:\/\/www.backwinkel.de\/blog\/kennenlernspiele\/<\/a><\/p>\n<p class=\"fussnoten-quellen\">Stibbe, Jeanette: H\u00fcpfk\u00e4stchen \u2013 das beliebte Schulhofspiel, 30.08.2021:<br \/>\n<a href=\"https:\/\/www.sport-thieme.de\/blog\/spiele\/huepfkaestchen-das-beliebte-schulhofspiel\" target=\"_blank\" rel=\"noopener\">https:\/\/www.sport-thieme.de\/blog\/spiele\/huepfkaestchen-das-beliebte-schulhofspiel<\/a><\/p>\n<p class=\"fussnoten-quellen\">https:\/\/de.wikipedia.org\/wiki\/Geburtstag<\/p>\n<\/div><\/section><\/div>\n\n<style type=\"text\/css\" data-created_by=\"avia_inline_auto\" id=\"style-css-av-g3b672-1d61d39c6df208c07f6d6429cce2295a\">\n.flex_column.av-g3b672-1d61d39c6df208c07f6d6429cce2295a{\nborder-radius:0px 0px 0px 0px;\npadding:10px 10px 10px 10px;\n}\n<\/style>\n<div  class='flex_column av-g3b672-1d61d39c6df208c07f6d6429cce2295a av_one_full  avia-builder-el-39  el_after_av_one_full  el_before_av_one_full  first flex_column_div  column-top-margin'     ><section  class='av_textblock_section av-erkf72-e581872591357e743fdcfb3c7c2560af '  ><div class='avia_textblock' ><p class=\"copyright\"><strong>\u00a9 Copyright \u2013 Urheberrechtshinweis<\/strong><br \/>\nAlle Inhalte auf www.backwinkel.de sowie www.backwinkel.de\/blog, insbesondere Texte, Fotografien und Grafiken, sind urheberrechtlich gesch\u00fctzt.<br \/>\nDas Urheberrecht liegt, soweit nicht ausdr\u00fccklich anders gekennzeichnet, bei der BACKWINKEL GmbH. Bitte fragen Sie uns, falls Sie die Inhalte dieses Internetangebotes verwenden m\u00f6chten.<br \/>\nWer gegen das Urheberrecht verst\u00f6\u00dft (z. B. Bilder oder Texte unerlaubt kopiert), macht sich gem. \u00a7\u00a7 106 ff UrhG strafbar, wird zudem kostenpflichtig abgemahnt und muss Schadensersatz leisten (\u00a7 97 UrhG).<\/p>\n<\/div><\/section><\/div>\n\n<style type=\"text\/css\" data-created_by=\"avia_inline_auto\" id=\"style-css-av-d7vbjy-59045364ae994221b098206c673e256b\">\n.flex_column.av-d7vbjy-59045364ae994221b098206c673e256b{\nborder-radius:0px 0px 0px 0px;\npadding:0px 0px 0px 0px;\n}\n<\/style>\n<div  class='flex_column av-d7vbjy-59045364ae994221b098206c673e256b av_one_full  avia-builder-el-41  el_after_av_one_full  avia-builder-el-last  first flex_column_div av-zero-column-padding  column-top-margin'     ><p><section  class='av_textblock_section av-big12m-6dd6a6f0d5fd1ec69a319d8ff690bf9e '  ><div class='avia_textblock' ><div class=\"shariff shariff-align-left shariff-widget-align-left\"><ul class=\"shariff-buttons theme-color orientation-horizontal buttonsize-medium\"><li class=\"shariff-button whatsapp shariff-nocustomcolor\" style=\"background-color:#5cbe4a\"><a href=\"https:\/\/api.whatsapp.com\/send?text=https%3A%2F%2Fwww.backwinkel.de%2Fblog%2Fgeburtstag-im-kindergarten%2F%20So%20sch%C3%B6n%2C%20dass%20du%20geboren%20bist%3A\" title=\"Bei Whatsapp teilen\" aria-label=\"Bei Whatsapp teilen\" role=\"button\" rel=\"noopener nofollow\" class=\"shariff-link\" style=\"; background-color:#34af23; color:#fff\" target=\"_blank\"><span class=\"shariff-icon\" style=\"\"><svg width=\"32px\" height=\"20px\" xmlns=\"http:\/\/www.w3.org\/2000\/svg\" viewBox=\"0 0 32 32\"><path fill=\"#34af23\" d=\"M17.6 17.4q0.2 0 1.7 0.8t1.6 0.9q0 0.1 0 0.3 0 0.6-0.3 1.4-0.3 0.7-1.3 1.2t-1.8 0.5q-1 0-3.4-1.1-1.7-0.8-3-2.1t-2.6-3.3q-1.3-1.9-1.3-3.5v-0.1q0.1-1.6 1.3-2.8 0.4-0.4 0.9-0.4 0.1 0 0.3 0t0.3 0q0.3 0 0.5 0.1t0.3 0.5q0.1 0.4 0.6 1.6t0.4 1.3q0 0.4-0.6 1t-0.6 0.8q0 0.1 0.1 0.3 0.6 1.3 1.8 2.4 1 0.9 2.7 1.8 0.2 0.1 0.4 0.1 0.3 0 1-0.9t0.9-0.9zM14 26.9q2.3 0 4.3-0.9t3.6-2.4 2.4-3.6 0.9-4.3-0.9-4.3-2.4-3.6-3.6-2.4-4.3-0.9-4.3 0.9-3.6 2.4-2.4 3.6-0.9 4.3q0 3.6 2.1 6.6l-1.4 4.2 4.3-1.4q2.8 1.9 6.2 1.9zM14 2.2q2.7 0 5.2 1.1t4.3 2.9 2.9 4.3 1.1 5.2-1.1 5.2-2.9 4.3-4.3 2.9-5.2 1.1q-3.5 0-6.5-1.7l-7.4 2.4 2.4-7.2q-1.9-3.2-1.9-6.9 0-2.7 1.1-5.2t2.9-4.3 4.3-2.9 5.2-1.1z\"\/><\/svg><\/span><span class=\"shariff-text\">teilen<\/span>&nbsp;<\/a><\/li><li class=\"shariff-button facebook shariff-nocustomcolor\" style=\"background-color:#4273c8\"><a href=\"https:\/\/www.facebook.com\/sharer\/sharer.php?u=https%3A%2F%2Fwww.backwinkel.de%2Fblog%2Fgeburtstag-im-kindergarten%2F\" title=\"Bei Facebook teilen\" aria-label=\"Bei Facebook teilen\" role=\"button\" rel=\"nofollow\" class=\"shariff-link\" style=\"; background-color:#3b5998; color:#fff\" target=\"_blank\"><span class=\"shariff-icon\" style=\"\"><svg width=\"32px\" height=\"20px\" xmlns=\"http:\/\/www.w3.org\/2000\/svg\" viewBox=\"0 0 18 32\"><path fill=\"#3b5998\" d=\"M17.1 0.2v4.7h-2.8q-1.5 0-2.1 0.6t-0.5 1.9v3.4h5.2l-0.7 5.3h-4.5v13.6h-5.5v-13.6h-4.5v-5.3h4.5v-3.9q0-3.3 1.9-5.2t5-1.8q2.6 0 4.1 0.2z\"\/><\/svg><\/span><span class=\"shariff-text\">teilen<\/span>&nbsp;<\/a><\/li><li class=\"shariff-button twitter shariff-nocustomcolor\" style=\"background-color:#595959\"><a href=\"https:\/\/twitter.com\/share?url=https%3A%2F%2Fwww.backwinkel.de%2Fblog%2Fgeburtstag-im-kindergarten%2F&text=So%20sch%C3%B6n%2C%20dass%20du%20geboren%20bist%3A\" title=\"Bei X teilen\" aria-label=\"Bei X teilen\" role=\"button\" rel=\"noopener nofollow\" class=\"shariff-link\" style=\"; background-color:#000; color:#fff\" target=\"_blank\"><span class=\"shariff-icon\" style=\"\"><svg width=\"32px\" height=\"20px\" xmlns=\"http:\/\/www.w3.org\/2000\/svg\" viewBox=\"0 0 24 24\"><path fill=\"#000\" d=\"M14.258 10.152L23.176 0h-2.113l-7.747 8.813L7.133 0H0l9.352 13.328L0 23.973h2.113l8.176-9.309 6.531 9.309h7.133zm-2.895 3.293l-.949-1.328L2.875 1.56h3.246l6.086 8.523.945 1.328 7.91 11.078h-3.246zm0 0\"\/><\/svg><\/span><span class=\"shariff-text\">teilen<\/span>&nbsp;<\/a><\/li><li class=\"shariff-button pinterest shariff-nocustomcolor\" style=\"background-color:#e70f18\"><a href=\"https:\/\/www.pinterest.com\/pin\/create\/link\/?url=https%3A%2F%2Fwww.backwinkel.de%2Fblog%2Fgeburtstag-im-kindergarten%2F&media=https%3A%2F%2Fwww.backwinkel.de%2Fblog%2Fwp-content%2Fuploads%2F2022%2F04%2Fbackwinkel-blog-geburtstage-im-kindergarten-heroimage.jpg&description=So%20sch%C3%B6n%2C%20dass%20du%20geboren%20bist%3A\" title=\"Bei Pinterest pinnen\" aria-label=\"Bei Pinterest pinnen\" role=\"button\" rel=\"noopener nofollow\" class=\"shariff-link\" style=\"; background-color:#cb2027; color:#fff\" target=\"_blank\"><span class=\"shariff-icon\" style=\"\"><svg width=\"32px\" height=\"20px\" xmlns=\"http:\/\/www.w3.org\/2000\/svg\" viewBox=\"0 0 27 32\"><path fill=\"#cb2027\" d=\"M27.4 16q0 3.7-1.8 6.9t-5 5-6.9 1.9q-2 0-3.9-0.6 1.1-1.7 1.4-2.9 0.2-0.6 1-3.8 0.4 0.7 1.3 1.2t2 0.5q2.1 0 3.8-1.2t2.7-3.4 0.9-4.8q0-2-1.1-3.8t-3.1-2.9-4.5-1.2q-1.9 0-3.5 0.5t-2.8 1.4-2 2-1.2 2.3-0.4 2.4q0 1.9 0.7 3.3t2.1 2q0.5 0.2 0.7-0.4 0-0.1 0.1-0.5t0.2-0.5q0.1-0.4-0.2-0.8-0.9-1.1-0.9-2.7 0-2.7 1.9-4.6t4.9-2q2.7 0 4.2 1.5t1.5 3.8q0 3-1.2 5.2t-3.1 2.1q-1.1 0-1.7-0.8t-0.4-1.9q0.1-0.6 0.5-1.7t0.5-1.8 0.2-1.4q0-0.9-0.5-1.5t-1.4-0.6q-1.1 0-1.9 1t-0.8 2.6q0 1.3 0.4 2.2l-1.8 7.5q-0.3 1.2-0.2 3.2-3.7-1.6-6-5t-2.3-7.6q0-3.7 1.9-6.9t5-5 6.9-1.9 6.9 1.9 5 5 1.8 6.9z\"\/><\/svg><\/span><span class=\"shariff-text\">merken<\/span>&nbsp;<\/a><\/li><li class=\"shariff-button mailto shariff-nocustomcolor\" style=\"background-color:#a8a8a8\"><a href=\"mailto:?body=https%3A%2F%2Fwww.backwinkel.de%2Fblog%2Fgeburtstag-im-kindergarten%2F&subject=So%20sch%C3%B6n%2C%20dass%20du%20geboren%20bist%3A\" title=\"Per E-Mail versenden\" aria-label=\"Per E-Mail versenden\" role=\"button\" rel=\"noopener nofollow\" class=\"shariff-link\" style=\"; background-color:#999; color:#fff\"><span class=\"shariff-icon\" style=\"\"><svg width=\"32px\" height=\"20px\" xmlns=\"http:\/\/www.w3.org\/2000\/svg\" viewBox=\"0 0 32 32\"><path fill=\"#999\" d=\"M32 12.7v14.2q0 1.2-0.8 2t-2 0.9h-26.3q-1.2 0-2-0.9t-0.8-2v-14.2q0.8 0.9 1.8 1.6 6.5 4.4 8.9 6.1 1 0.8 1.6 1.2t1.7 0.9 2 0.4h0.1q0.9 0 2-0.4t1.7-0.9 1.6-1.2q3-2.2 8.9-6.1 1-0.7 1.8-1.6zM32 7.4q0 1.4-0.9 2.7t-2.2 2.2q-6.7 4.7-8.4 5.8-0.2 0.1-0.7 0.5t-1 0.7-0.9 0.6-1.1 0.5-0.9 0.2h-0.1q-0.4 0-0.9-0.2t-1.1-0.5-0.9-0.6-1-0.7-0.7-0.5q-1.6-1.1-4.7-3.2t-3.6-2.6q-1.1-0.7-2.1-2t-1-2.5q0-1.4 0.7-2.3t2.1-0.9h26.3q1.2 0 2 0.8t0.9 2z\"\/><\/svg><\/span><span class=\"shariff-text\">E-Mail<\/span>&nbsp;<\/a><\/li><\/ul><\/div>\n<\/div><\/section><br \/>\n<div  class='tabcontainer av-9tj666-cc69c0224258bdc350526b0ceced2d47 top_tab  avia-builder-el-43  el_after_av_textblock  el_before_av_hr '>\n<section class='av_tab_section av_tab_section av-87rhce-822543a536e46841f40b609a6a8a231d' ><div id='tab-id-1-tab' class='tab active_tab' role='tab' aria-selected=\"true\" tabindex=\"0\" data-fake-id='#tab-id-1' aria-controls='tab-id-1-content' >Das BACKWINKEL-Blog-Team:<\/div><div id='tab-id-1-content' class='tab_content active_tab_content' role='tabpanel' aria-labelledby='tab-id-1-tab' aria-hidden=\"false\"><div class='tab_inner_content invers-color' ><p><img decoding=\"async\" class=\"wp-image-1768 alignleft\" title=\"BACKWINKEL-Blog \u2013 Das Team\" src=\"https:\/\/blog.backwinkel.de\/wp-content\/uploads\/2018\/10\/backwinkel-blog-autorenbox-intern_preview-300x198.jpg\" alt=\"\" width=\"300\" height=\"198\" \/>Gibts auch ein Gesicht hinter dem BACKWINKEL-Blog? Ja. Vier ?. Drei davon sogar mit Foto.<\/p>\n<p><span style=\"font-style: inherit !important; font-weight: inherit !important;\">Wir \u2013 Lukas, Tatjana, Stefan und Christine \u2013 bespielen unseren Blog unter dem Motto LACHEN LESEN LERNEN. <\/span><\/p>\n<p><span style=\"font-style: inherit !important; font-weight: inherit !important;\">Lukas kennt sich online so gut aus wie in seiner Westentasche und findet immer spannende Themen, w\u00e4hrend Stefan unseren Beitr\u00e4gen den passenden gestalterischen Rahmen gibt und Tatjana mit dem gr\u00fcnen Korrekturstift alles pr\u00fcfend be\u00e4ugt, was unsere Autorin Christine (und gern auch Gastautoren) f\u00fcr den BACKWINKEL-Blog nach ordentlicher Recherche schreibt.<\/span><\/p>\n<p>Gemeinsam suchen wir st\u00e4ndig nach neuen, aufregenden Themen rund um das Thema Bildung im Kiga, der Schule und zu Hause. Und weil Sie da an der Quelle sitzen, freuen wir uns auf Ihre konstruktiven R\u00fcckmeldungen und Anregungen an <a href=\"mailto:blog@backwinkel.de\">blog@backwinkel.de<\/a><\/p>\n<p>Viel Spa\u00df beim LACHEN LESEN LERNEN!<\/p>\n<\/div><\/div><\/section>\n<\/div><br \/>\n\n<style type=\"text\/css\" data-created_by=\"avia_inline_auto\" id=\"style-css-av-5scu0u-697bcce9e2151045fd12b160bfa8f3bf\">\n#top .hr.av-5scu0u-697bcce9e2151045fd12b160bfa8f3bf{\nmargin-top:10px;\nmargin-bottom:10px;\n}\n.hr.av-5scu0u-697bcce9e2151045fd12b160bfa8f3bf .hr-inner{\nwidth:500;\n}\n<\/style>\n<div  class='hr av-5scu0u-697bcce9e2151045fd12b160bfa8f3bf hr-custom  avia-builder-el-44  el_after_av_tab_container  el_before_av_heading  hr-left hr-icon-no'><span class='hr-inner inner-border-av-border-thin'><span class=\"hr-inner-style\"><\/span><\/span><\/div><br \/>\n\n<style type=\"text\/css\" data-created_by=\"avia_inline_auto\" id=\"style-css-av-468xdq-035be7bfdc4d5c53917d8f362ce8ff23\">\n#top .av-special-heading.av-468xdq-035be7bfdc4d5c53917d8f362ce8ff23{\npadding-bottom:10px;\n}\nbody .av-special-heading.av-468xdq-035be7bfdc4d5c53917d8f362ce8ff23 .av-special-heading-tag .heading-char{\nfont-size:25px;\n}\n.av-special-heading.av-468xdq-035be7bfdc4d5c53917d8f362ce8ff23 .av-subheading{\nfont-size:15px;\n}\n<\/style>\n<div  class='av-special-heading av-468xdq-035be7bfdc4d5c53917d8f362ce8ff23 av-special-heading-h3 blockquote modern-quote  avia-builder-el-45  el_after_av_hr  el_before_av_blog '><h3 class='av-special-heading-tag '  >PASSENDE BEITR\u00c4GE<\/h3><div class=\"special-heading-border\"><div class=\"special-heading-inner-border\"><\/div><\/div><\/div><br \/>\n<div  data-slideshow-options=\"{&quot;animation&quot;:&quot;fade&quot;,&quot;autoplay&quot;:false,&quot;loop_autoplay&quot;:&quot;once&quot;,&quot;interval&quot;:5,&quot;loop_manual&quot;:&quot;manual-endless&quot;,&quot;autoplay_stopper&quot;:false,&quot;noNavigation&quot;:false,&quot;show_slide_delay&quot;:90}\" class='avia-content-slider avia-content-grid-active avia-content-slider1 avia-content-slider-odd  avia-builder-el-46  el_after_av_heading  avia-builder-el-last  av-slideshow-ui av-control-default   av-no-slider-navigation av-slideshow-manual av-loop-once av-loop-manual-endless ' ><div class=\"avia-content-slider-inner\"><div class=\"slide-entry-wrap\"><article class='slide-entry flex_column  post-entry post-entry-18633 slide-entry-overview slide-loop-1 slide-parity-odd  av_one_third first real-thumbnail posttype-post post-format-standard' ><a href='https:\/\/www.backwinkel.de\/blog\/plastik-recyceln\/' data-rel='slide-1' class='slide-image' title='Plastik recyceln'><img decoding=\"async\" fetchpriority=\"high\" width=\"1200\" height=\"628\" src=\"https:\/\/www.backwinkel.de\/blog\/wp-content\/uploads\/2026\/04\/04_Kiga_Plastik_nachhaltig_nutzen.jpg\" class=\"wp-image-18713 avia-img-lazy-loading-not-18713 attachment-no scaling size-no scaling wp-post-image\" alt=\"\" \/><\/a><div class=\"slide-content\"><header class=\"entry-content-header\" aria-label=\"Slide: Plastik recyceln\"><h3 class='slide-entry-title entry-title ' ><a href='https:\/\/www.backwinkel.de\/blog\/plastik-recyceln\/' title='Plastik recyceln'>Plastik recyceln<\/a><\/h3><span class=\"blog-categories minor-meta\"><a href=\"https:\/\/www.backwinkel.de\/blog\/category\/kindergarten-kita\/\" rel=\"tag\">Kindergarten<\/a> <\/span><span class=\"av-vertical-delimiter\"><\/span><\/header><div class='slide-entry-excerpt entry-content' >Biokunststoff f\u00fcr St\u00fchle, Materialboxen, Spielzeug und Rucks\u00e4cke<\/div><\/div><footer class=\"entry-footer\"><div class=\"slide-meta\"><time class='slide-meta-time updated' >14. April 2026<\/time><\/div><\/footer><\/article><article class='slide-entry flex_column  post-entry post-entry-18716 slide-entry-overview slide-loop-2 slide-parity-even  av_one_third  real-thumbnail posttype-post post-format-standard' ><a href='https:\/\/www.backwinkel.de\/blog\/rechnen-im-anfangsunterricht\/' data-rel='slide-1' class='slide-image' title='Rechnen im Anfangsunterricht'><img decoding=\"async\" fetchpriority=\"high\" width=\"1200\" height=\"628\" src=\"https:\/\/www.backwinkel.de\/blog\/wp-content\/uploads\/2026\/04\/04_Schule_Rechnen_anfangsunterricht.jpg\" class=\"wp-image-18748 avia-img-lazy-loading-not-18748 attachment-no scaling size-no scaling wp-post-image\" alt=\"\" \/><\/a><div class=\"slide-content\"><header class=\"entry-content-header\" aria-label=\"Slide: Rechnen im Anfangsunterricht\"><h3 class='slide-entry-title entry-title ' ><a href='https:\/\/www.backwinkel.de\/blog\/rechnen-im-anfangsunterricht\/' title='Rechnen im Anfangsunterricht'>Rechnen im Anfangsunterricht<\/a><\/h3><span class=\"blog-categories minor-meta\"><a href=\"https:\/\/www.backwinkel.de\/blog\/category\/schule-grundschule\/\" rel=\"tag\">Schule<\/a> <\/span><span class=\"av-vertical-delimiter\"><\/span><\/header><div class='slide-entry-excerpt entry-content' >Das Klassenzimmer als Lernlandschaft<\/div><\/div><footer class=\"entry-footer\"><div class=\"slide-meta\"><time class='slide-meta-time updated' >14. April 2026<\/time><\/div><\/footer><\/article><article class='slide-entry flex_column  post-entry post-entry-18372 slide-entry-overview slide-loop-3 slide-parity-odd  post-entry-last  av_one_third  real-thumbnail posttype-post post-format-standard' ><a href='https:\/\/www.backwinkel.de\/blog\/kranke-kinder-im-kindergarten\/' data-rel='slide-1' class='slide-image' title='Kranke Kinder im Kindergarten'><img decoding=\"async\" fetchpriority=\"high\" width=\"1200\" height=\"628\" src=\"https:\/\/www.backwinkel.de\/blog\/wp-content\/uploads\/2026\/03\/03_Kiga_Kranke_Kinder.jpg\" class=\"wp-image-18451 avia-img-lazy-loading-not-18451 attachment-no scaling size-no scaling wp-post-image\" alt=\"Thema: Kranke Kinder. Auf dem Bild ist ein krankes kleines M\u00e4dchen zu sehen. Eine Frau mit einem Fieberthermometer in der Hand sitzt neben ihr und hat die Hand auf der Stirn des M\u00e4dchens.\" \/><\/a><div class=\"slide-content\"><header class=\"entry-content-header\" aria-label=\"Slide: Kranke Kinder im Kindergarten\"><h3 class='slide-entry-title entry-title ' ><a href='https:\/\/www.backwinkel.de\/blog\/kranke-kinder-im-kindergarten\/' title='Kranke Kinder im Kindergarten'>Kranke Kinder im Kindergarten<\/a><\/h3><span class=\"blog-categories minor-meta\"><a href=\"https:\/\/www.backwinkel.de\/blog\/category\/kindergarten-kita\/\" rel=\"tag\">Kindergarten<\/a> <\/span><span class=\"av-vertical-delimiter\"><\/span><\/header><div class='slide-entry-excerpt entry-content' >Auswirkungen f\u00fcr Kinder, Eltern und Fachkr\u00e4fte<\/div><\/div><footer class=\"entry-footer\"><div class=\"slide-meta\"><time class='slide-meta-time updated' >9. M\u00e4rz 2026<\/time><\/div><\/footer><\/article><\/div><\/div><\/div><\/p><\/div>\n","protected":false},"excerpt":{"rendered":"<p>Ideen f\u00fcr tolle Geburtstage im Kindergarten<\/p>\n","protected":false},"author":3,"featured_media":8911,"comment_status":"closed","ping_status":"closed","sticky":false,"template":"","format":"standard","meta":{"inline_featured_image":false,"footnotes":""},"categories":[5],"tags":[],"class_list":["post-8910","post","type-post","status-publish","format-standard","has-post-thumbnail","hentry","category-kindergarten-kita"],"yoast_head":"<!-- This site is optimized with the Yoast SEO plugin v27.4 - https:\/\/yoast.com\/product\/yoast-seo-wordpress\/ -->\n<title>Geburtstag im Kindergarten feiern: Ideen, Tipps &amp; Tricks | BACKWINKEL Blog<\/title>\n<meta name=\"description\" content=\"Kreative Ideen f\u00fcr einen gelungenen Geburtstag im Kindergarten \u2713 sowie hilfreiche Tipps und Tricks f\u00fcr eine gelungene Organisation \u2713 Jetzt lesen!\" \/>\n<meta name=\"robots\" content=\"index, follow, max-snippet:-1, max-image-preview:large, max-video-preview:-1\" \/>\n<link rel=\"canonical\" href=\"https:\/\/www.backwinkel.de\/blog\/geburtstag-im-kindergarten\/\" \/>\n<meta property=\"og:locale\" content=\"de_DE\" \/>\n<meta property=\"og:type\" content=\"article\" \/>\n<meta property=\"og:title\" content=\"Geburtstag im Kindergarten feiern: Ideen, Tipps &amp; Tricks | BACKWINKEL Blog\" \/>\n<meta property=\"og:description\" content=\"Kreative Ideen f\u00fcr einen gelungenen Geburtstag im Kindergarten \u2713 sowie hilfreiche Tipps und Tricks f\u00fcr eine gelungene Organisation \u2713 Jetzt lesen!\" \/>\n<meta property=\"og:url\" content=\"https:\/\/www.backwinkel.de\/blog\/geburtstag-im-kindergarten\/\" \/>\n<meta property=\"og:site_name\" content=\"BACKWINKEL Blog\" \/>\n<meta property=\"article:published_time\" content=\"2022-04-04T07:10:15+00:00\" \/>\n<meta property=\"article:modified_time\" content=\"2026-04-22T13:58:39+00:00\" \/>\n<meta property=\"og:image\" content=\"https:\/\/www.backwinkel.de\/blog\/wp-content\/uploads\/2022\/04\/backwinkel-blog-geburtstage-im-kindergarten-heroimage.jpg\" \/>\n\t<meta property=\"og:image:width\" content=\"1200\" \/>\n\t<meta property=\"og:image:height\" content=\"628\" \/>\n\t<meta property=\"og:image:type\" content=\"image\/jpeg\" \/>\n<meta name=\"author\" content=\"BACKWINKEL\" \/>\n<meta name=\"twitter:card\" content=\"summary_large_image\" \/>\n<meta name=\"twitter:label1\" content=\"Verfasst von\" \/>\n\t<meta name=\"twitter:data1\" content=\"BACKWINKEL\" \/>\n\t<meta name=\"twitter:label2\" content=\"Gesch\u00e4tzte Lesezeit\" \/>\n\t<meta name=\"twitter:data2\" content=\"15\u00a0Minuten\" \/>\n<script type=\"application\/ld+json\" class=\"yoast-schema-graph\">{\"@context\":\"https:\\\/\\\/schema.org\",\"@graph\":[{\"@type\":\"Article\",\"@id\":\"https:\\\/\\\/www.backwinkel.de\\\/blog\\\/geburtstag-im-kindergarten\\\/#article\",\"isPartOf\":{\"@id\":\"https:\\\/\\\/www.backwinkel.de\\\/blog\\\/geburtstag-im-kindergarten\\\/\"},\"author\":{\"name\":\"BACKWINKEL\",\"@id\":\"https:\\\/\\\/www.backwinkel.de\\\/blog\\\/#\\\/schema\\\/person\\\/3d64575316540d25f7866264a4b7cd24\"},\"headline\":\"So sch\u00f6n, dass du geboren bist:\",\"datePublished\":\"2022-04-04T07:10:15+00:00\",\"dateModified\":\"2026-04-22T13:58:39+00:00\",\"mainEntityOfPage\":{\"@id\":\"https:\\\/\\\/www.backwinkel.de\\\/blog\\\/geburtstag-im-kindergarten\\\/\"},\"wordCount\":4928,\"image\":{\"@id\":\"https:\\\/\\\/www.backwinkel.de\\\/blog\\\/geburtstag-im-kindergarten\\\/#primaryimage\"},\"thumbnailUrl\":\"https:\\\/\\\/www.backwinkel.de\\\/blog\\\/wp-content\\\/uploads\\\/2022\\\/04\\\/backwinkel-blog-geburtstage-im-kindergarten-heroimage.jpg\",\"articleSection\":[\"Kindergarten\"],\"inLanguage\":\"de\"},{\"@type\":\"WebPage\",\"@id\":\"https:\\\/\\\/www.backwinkel.de\\\/blog\\\/geburtstag-im-kindergarten\\\/\",\"url\":\"https:\\\/\\\/www.backwinkel.de\\\/blog\\\/geburtstag-im-kindergarten\\\/\",\"name\":\"Geburtstag im Kindergarten feiern: Ideen, Tipps & Tricks | BACKWINKEL Blog\",\"isPartOf\":{\"@id\":\"https:\\\/\\\/www.backwinkel.de\\\/blog\\\/#website\"},\"primaryImageOfPage\":{\"@id\":\"https:\\\/\\\/www.backwinkel.de\\\/blog\\\/geburtstag-im-kindergarten\\\/#primaryimage\"},\"image\":{\"@id\":\"https:\\\/\\\/www.backwinkel.de\\\/blog\\\/geburtstag-im-kindergarten\\\/#primaryimage\"},\"thumbnailUrl\":\"https:\\\/\\\/www.backwinkel.de\\\/blog\\\/wp-content\\\/uploads\\\/2022\\\/04\\\/backwinkel-blog-geburtstage-im-kindergarten-heroimage.jpg\",\"datePublished\":\"2022-04-04T07:10:15+00:00\",\"dateModified\":\"2026-04-22T13:58:39+00:00\",\"author\":{\"@id\":\"https:\\\/\\\/www.backwinkel.de\\\/blog\\\/#\\\/schema\\\/person\\\/3d64575316540d25f7866264a4b7cd24\"},\"description\":\"Kreative Ideen f\u00fcr einen gelungenen Geburtstag im Kindergarten \u2713 sowie hilfreiche Tipps und Tricks f\u00fcr eine gelungene Organisation \u2713 Jetzt lesen!\",\"breadcrumb\":{\"@id\":\"https:\\\/\\\/www.backwinkel.de\\\/blog\\\/geburtstag-im-kindergarten\\\/#breadcrumb\"},\"inLanguage\":\"de\",\"potentialAction\":[{\"@type\":\"ReadAction\",\"target\":[\"https:\\\/\\\/www.backwinkel.de\\\/blog\\\/geburtstag-im-kindergarten\\\/\"]}]},{\"@type\":\"ImageObject\",\"inLanguage\":\"de\",\"@id\":\"https:\\\/\\\/www.backwinkel.de\\\/blog\\\/geburtstag-im-kindergarten\\\/#primaryimage\",\"url\":\"https:\\\/\\\/www.backwinkel.de\\\/blog\\\/wp-content\\\/uploads\\\/2022\\\/04\\\/backwinkel-blog-geburtstage-im-kindergarten-heroimage.jpg\",\"contentUrl\":\"https:\\\/\\\/www.backwinkel.de\\\/blog\\\/wp-content\\\/uploads\\\/2022\\\/04\\\/backwinkel-blog-geburtstage-im-kindergarten-heroimage.jpg\",\"width\":1200,\"height\":628},{\"@type\":\"BreadcrumbList\",\"@id\":\"https:\\\/\\\/www.backwinkel.de\\\/blog\\\/geburtstag-im-kindergarten\\\/#breadcrumb\",\"itemListElement\":[{\"@type\":\"ListItem\",\"position\":1,\"name\":\"Startseite\",\"item\":\"https:\\\/\\\/blog.backwinkel.de\\\/aktuelles\\\/\"},{\"@type\":\"ListItem\",\"position\":2,\"name\":\"So sch\u00f6n, dass du geboren bist:\"}]},{\"@type\":\"WebSite\",\"@id\":\"https:\\\/\\\/www.backwinkel.de\\\/blog\\\/#website\",\"url\":\"https:\\\/\\\/www.backwinkel.de\\\/blog\\\/\",\"name\":\"BACKWINKEL Blog\",\"description\":\"f\u00fcr Lehrer, Erzieher und Eltern\",\"potentialAction\":[{\"@type\":\"SearchAction\",\"target\":{\"@type\":\"EntryPoint\",\"urlTemplate\":\"https:\\\/\\\/www.backwinkel.de\\\/blog\\\/?s={search_term_string}\"},\"query-input\":{\"@type\":\"PropertyValueSpecification\",\"valueRequired\":true,\"valueName\":\"search_term_string\"}}],\"inLanguage\":\"de\"},{\"@type\":\"Person\",\"@id\":\"https:\\\/\\\/www.backwinkel.de\\\/blog\\\/#\\\/schema\\\/person\\\/3d64575316540d25f7866264a4b7cd24\",\"name\":\"BACKWINKEL\",\"sameAs\":[\"http:\\\/\\\/www.backwinkel.de\"],\"url\":\"https:\\\/\\\/www.backwinkel.de\\\/blog\\\/author\\\/backwinkel\\\/\"}]}<\/script>\n<!-- \/ Yoast SEO plugin. -->","yoast_head_json":{"title":"Geburtstag im Kindergarten feiern: Ideen, Tipps & Tricks | BACKWINKEL Blog","description":"Kreative Ideen f\u00fcr einen gelungenen Geburtstag im Kindergarten \u2713 sowie hilfreiche Tipps und Tricks f\u00fcr eine gelungene Organisation \u2713 Jetzt lesen!","robots":{"index":"index","follow":"follow","max-snippet":"max-snippet:-1","max-image-preview":"max-image-preview:large","max-video-preview":"max-video-preview:-1"},"canonical":"https:\/\/www.backwinkel.de\/blog\/geburtstag-im-kindergarten\/","og_locale":"de_DE","og_type":"article","og_title":"Geburtstag im Kindergarten feiern: Ideen, Tipps & Tricks | BACKWINKEL Blog","og_description":"Kreative Ideen f\u00fcr einen gelungenen Geburtstag im Kindergarten \u2713 sowie hilfreiche Tipps und Tricks f\u00fcr eine gelungene Organisation \u2713 Jetzt lesen!","og_url":"https:\/\/www.backwinkel.de\/blog\/geburtstag-im-kindergarten\/","og_site_name":"BACKWINKEL Blog","article_published_time":"2022-04-04T07:10:15+00:00","article_modified_time":"2026-04-22T13:58:39+00:00","og_image":[{"width":1200,"height":628,"url":"https:\/\/www.backwinkel.de\/blog\/wp-content\/uploads\/2022\/04\/backwinkel-blog-geburtstage-im-kindergarten-heroimage.jpg","type":"image\/jpeg"}],"author":"BACKWINKEL","twitter_card":"summary_large_image","twitter_misc":{"Verfasst von":"BACKWINKEL","Gesch\u00e4tzte Lesezeit":"15\u00a0Minuten"},"schema":{"@context":"https:\/\/schema.org","@graph":[{"@type":"Article","@id":"https:\/\/www.backwinkel.de\/blog\/geburtstag-im-kindergarten\/#article","isPartOf":{"@id":"https:\/\/www.backwinkel.de\/blog\/geburtstag-im-kindergarten\/"},"author":{"name":"BACKWINKEL","@id":"https:\/\/www.backwinkel.de\/blog\/#\/schema\/person\/3d64575316540d25f7866264a4b7cd24"},"headline":"So sch\u00f6n, dass du geboren bist:","datePublished":"2022-04-04T07:10:15+00:00","dateModified":"2026-04-22T13:58:39+00:00","mainEntityOfPage":{"@id":"https:\/\/www.backwinkel.de\/blog\/geburtstag-im-kindergarten\/"},"wordCount":4928,"image":{"@id":"https:\/\/www.backwinkel.de\/blog\/geburtstag-im-kindergarten\/#primaryimage"},"thumbnailUrl":"https:\/\/www.backwinkel.de\/blog\/wp-content\/uploads\/2022\/04\/backwinkel-blog-geburtstage-im-kindergarten-heroimage.jpg","articleSection":["Kindergarten"],"inLanguage":"de"},{"@type":"WebPage","@id":"https:\/\/www.backwinkel.de\/blog\/geburtstag-im-kindergarten\/","url":"https:\/\/www.backwinkel.de\/blog\/geburtstag-im-kindergarten\/","name":"Geburtstag im Kindergarten feiern: Ideen, Tipps & Tricks | BACKWINKEL Blog","isPartOf":{"@id":"https:\/\/www.backwinkel.de\/blog\/#website"},"primaryImageOfPage":{"@id":"https:\/\/www.backwinkel.de\/blog\/geburtstag-im-kindergarten\/#primaryimage"},"image":{"@id":"https:\/\/www.backwinkel.de\/blog\/geburtstag-im-kindergarten\/#primaryimage"},"thumbnailUrl":"https:\/\/www.backwinkel.de\/blog\/wp-content\/uploads\/2022\/04\/backwinkel-blog-geburtstage-im-kindergarten-heroimage.jpg","datePublished":"2022-04-04T07:10:15+00:00","dateModified":"2026-04-22T13:58:39+00:00","author":{"@id":"https:\/\/www.backwinkel.de\/blog\/#\/schema\/person\/3d64575316540d25f7866264a4b7cd24"},"description":"Kreative Ideen f\u00fcr einen gelungenen Geburtstag im Kindergarten \u2713 sowie hilfreiche Tipps und Tricks f\u00fcr eine gelungene Organisation \u2713 Jetzt lesen!","breadcrumb":{"@id":"https:\/\/www.backwinkel.de\/blog\/geburtstag-im-kindergarten\/#breadcrumb"},"inLanguage":"de","potentialAction":[{"@type":"ReadAction","target":["https:\/\/www.backwinkel.de\/blog\/geburtstag-im-kindergarten\/"]}]},{"@type":"ImageObject","inLanguage":"de","@id":"https:\/\/www.backwinkel.de\/blog\/geburtstag-im-kindergarten\/#primaryimage","url":"https:\/\/www.backwinkel.de\/blog\/wp-content\/uploads\/2022\/04\/backwinkel-blog-geburtstage-im-kindergarten-heroimage.jpg","contentUrl":"https:\/\/www.backwinkel.de\/blog\/wp-content\/uploads\/2022\/04\/backwinkel-blog-geburtstage-im-kindergarten-heroimage.jpg","width":1200,"height":628},{"@type":"BreadcrumbList","@id":"https:\/\/www.backwinkel.de\/blog\/geburtstag-im-kindergarten\/#breadcrumb","itemListElement":[{"@type":"ListItem","position":1,"name":"Startseite","item":"https:\/\/blog.backwinkel.de\/aktuelles\/"},{"@type":"ListItem","position":2,"name":"So sch\u00f6n, dass du geboren bist:"}]},{"@type":"WebSite","@id":"https:\/\/www.backwinkel.de\/blog\/#website","url":"https:\/\/www.backwinkel.de\/blog\/","name":"BACKWINKEL Blog","description":"f\u00fcr Lehrer, Erzieher und Eltern","potentialAction":[{"@type":"SearchAction","target":{"@type":"EntryPoint","urlTemplate":"https:\/\/www.backwinkel.de\/blog\/?s={search_term_string}"},"query-input":{"@type":"PropertyValueSpecification","valueRequired":true,"valueName":"search_term_string"}}],"inLanguage":"de"},{"@type":"Person","@id":"https:\/\/www.backwinkel.de\/blog\/#\/schema\/person\/3d64575316540d25f7866264a4b7cd24","name":"BACKWINKEL","sameAs":["http:\/\/www.backwinkel.de"],"url":"https:\/\/www.backwinkel.de\/blog\/author\/backwinkel\/"}]}},"_links":{"self":[{"href":"https:\/\/www.backwinkel.de\/blog\/wp-json\/wp\/v2\/posts\/8910","targetHints":{"allow":["GET"]}}],"collection":[{"href":"https:\/\/www.backwinkel.de\/blog\/wp-json\/wp\/v2\/posts"}],"about":[{"href":"https:\/\/www.backwinkel.de\/blog\/wp-json\/wp\/v2\/types\/post"}],"author":[{"embeddable":true,"href":"https:\/\/www.backwinkel.de\/blog\/wp-json\/wp\/v2\/users\/3"}],"replies":[{"embeddable":true,"href":"https:\/\/www.backwinkel.de\/blog\/wp-json\/wp\/v2\/comments?post=8910"}],"version-history":[{"count":3,"href":"https:\/\/www.backwinkel.de\/blog\/wp-json\/wp\/v2\/posts\/8910\/revisions"}],"predecessor-version":[{"id":18953,"href":"https:\/\/www.backwinkel.de\/blog\/wp-json\/wp\/v2\/posts\/8910\/revisions\/18953"}],"wp:featuredmedia":[{"embeddable":true,"href":"https:\/\/www.backwinkel.de\/blog\/wp-json\/wp\/v2\/media\/8911"}],"wp:attachment":[{"href":"https:\/\/www.backwinkel.de\/blog\/wp-json\/wp\/v2\/media?parent=8910"}],"wp:term":[{"taxonomy":"category","embeddable":true,"href":"https:\/\/www.backwinkel.de\/blog\/wp-json\/wp\/v2\/categories?post=8910"},{"taxonomy":"post_tag","embeddable":true,"href":"https:\/\/www.backwinkel.de\/blog\/wp-json\/wp\/v2\/tags?post=8910"}],"curies":[{"name":"wp","href":"https:\/\/api.w.org\/{rel}","templated":true}]}}