{"id":8846,"date":"2022-03-21T10:00:30","date_gmt":"2022-03-21T09:00:30","guid":{"rendered":"https:\/\/www.backwinkel.de\/blog\/?p=8846"},"modified":"2026-04-22T15:56:31","modified_gmt":"2026-04-22T13:56:31","slug":"legasthenie","status":"publish","type":"post","link":"https:\/\/www.backwinkel.de\/blog\/legasthenie\/","title":{"rendered":"Ist das schon Legasthenie?"},"content":{"rendered":"\n<style type=\"text\/css\" data-created_by=\"avia_inline_auto\" id=\"style-css-av-1a7ey5a-44c28889c4780b158a8f056ae38cd8cc\">\n.flex_column.av-1a7ey5a-44c28889c4780b158a8f056ae38cd8cc{\nborder-radius:0px 0px 0px 0px;\npadding:0px 0px 0px 0px;\n}\n<\/style>\n<div  class='flex_column av-1a7ey5a-44c28889c4780b158a8f056ae38cd8cc av_one_full  avia-builder-el-0  el_before_av_three_fifth  avia-builder-el-first  first flex_column_div av-zero-column-padding  '     ><p>\n<style type=\"text\/css\" data-created_by=\"avia_inline_auto\" id=\"style-css-av-17mnedq-706f82130ab275af16827c2909c1b5b0\">\n#top .hr.hr-invisible.av-17mnedq-706f82130ab275af16827c2909c1b5b0{\nmargin-top:0px;\nheight:1px;\n}\n<\/style>\n<div  class='hr av-17mnedq-706f82130ab275af16827c2909c1b5b0 hr-invisible  avia-builder-el-1  el_before_av_heading  avia-builder-el-first '><span class='hr-inner '><span class=\"hr-inner-style\"><\/span><\/span><\/div><br \/>\n\n<style type=\"text\/css\" data-created_by=\"avia_inline_auto\" id=\"style-css-av-l10j6qug-0bb55eefc62e9104d7849c2f2ec9741d\">\n#top .av-special-heading.av-l10j6qug-0bb55eefc62e9104d7849c2f2ec9741d{\npadding-bottom:10px;\n}\nbody .av-special-heading.av-l10j6qug-0bb55eefc62e9104d7849c2f2ec9741d .av-special-heading-tag .heading-char{\nfont-size:25px;\n}\n.av-special-heading.av-l10j6qug-0bb55eefc62e9104d7849c2f2ec9741d .av-subheading{\nfont-size:15px;\n}\n<\/style>\n<div  class='av-special-heading av-l10j6qug-0bb55eefc62e9104d7849c2f2ec9741d av-special-heading-h1 blockquote modern-quote  avia-builder-el-2  el_after_av_hr  el_before_av_post_metadata  av-linked-heading'><h1 class='av-special-heading-tag '  >Ist das schon Legasthenie? So erkennen Sie Lese-Rechtschreibschw\u00e4chen und andere m\u00f6gliche Ursachen f\u00fcr fehlerhaftes Schreiben<\/h1><div class='av-subheading av-subheading_below'><p class=\"autorenname\">Elisa Morel<\/p>\n<\/div><div class=\"special-heading-border\"><div class=\"special-heading-inner-border\"><\/div><\/div><\/div><br \/>\n\n<style type=\"text\/css\" data-created_by=\"avia_inline_auto\" id=\"style-css-av-579nq6-bfbc0f44e92989df248b5e0c51b85a98\">\n#top .av-post-metadata-container.av-579nq6-bfbc0f44e92989df248b5e0c51b85a98{\nfont-size:12px;\n}\n#top .av-post-metadata-container.av-579nq6-bfbc0f44e92989df248b5e0c51b85a98 .av-post-metadata-container-inner{\nfont-size:12px;\n}\n<\/style>\n<div  class='av-post-metadata-container av-579nq6-bfbc0f44e92989df248b5e0c51b85a98 av-metadata-container-align-left  avia-builder-el-3  el_after_av_heading  el_before_av_textblock  av-metadata-container-1'><div class='av-post-metadata-container-inner'><span class=\"av-post-metadata-content av-post-metadata-meta-content\"><span class=\"av-post-metadata-content av-post-metadata-modified\"><span class=\"av-metadata-before av-metadata-before-modified\">Aktualisiert:<\/span><span class=\"av-post-metadata-modified-date\" >22. April 2026<\/span><\/span><span class=\"av-post-metadata-content av-post-metadata-separator\">\/<\/span><span class=\"av-post-metadata-content av-post-metadata-modified\"><span class=\"av-metadata-before av-metadata-before-modified\">Zuletzt aktualisiert:<\/span><span class=\"av-post-metadata-modified-date\" >22. April 2026<\/span><\/span><\/span><\/div><\/div><br \/>\n\n<style type=\"text\/css\" data-created_by=\"avia_inline_auto\" id=\"style-css-av-l10j76ef-aea7de082e7fcc963f579ab5c9edf81d\">\n#top .av_textblock_section.av-l10j76ef-aea7de082e7fcc963f579ab5c9edf81d .avia_textblock{\nfont-size:20px;\n}\n<\/style>\n<section  class='av_textblock_section av-l10j76ef-aea7de082e7fcc963f579ab5c9edf81d '  ><div class='avia_textblock' ><p>Sch\u00e4tzungsweise haben 4 % aller Sch\u00fclerinnen und Sch\u00fcler in Deutschland Legasthenie, manchmal findet man auch h\u00f6here Zahlen. Je fr\u00fcher die Veranlagung erkannt wird, umso h\u00f6her stehen die Chancen, mittels einer gezielten Therapie die durch Legasthenie verursachten Probleme zu kompensieren.<\/p>\n<\/div><\/section><br \/>\n\n<style type=\"text\/css\" data-created_by=\"avia_inline_auto\" id=\"style-css-av-l10j8pg3-4f7b4aeec0b0e4106aa72e7c0e049b49\">\n.avia-image-container.av-l10j8pg3-4f7b4aeec0b0e4106aa72e7c0e049b49 img.avia_image{\nbox-shadow:none;\n}\n.avia-image-container.av-l10j8pg3-4f7b4aeec0b0e4106aa72e7c0e049b49 .av-image-caption-overlay-center{\ncolor:#ffffff;\n}\n<\/style>\n<div  class='avia-image-container av-l10j8pg3-4f7b4aeec0b0e4106aa72e7c0e049b49 av-styling- avia-align-center  avia-builder-el-5  el_after_av_textblock  el_before_av_hr '  ><div class=\"avia-image-container-inner\"><div class=\"avia-image-overlay-wrap\"><img decoding=\"async\" fetchpriority=\"high\" class='wp-image-8847 avia-img-lazy-loading-not-8847 avia_image ' src=\"https:\/\/www.backwinkel.de\/blog\/wp-content\/uploads\/2022\/03\/backwinkel-blog-legasthenie-heroimage.jpg\" alt='' title='backwinkel-blog-legasthenie-heroimage'  height=\"628\" width=\"1200\"  \/><\/div><\/div><\/div><br \/>\n\n<style type=\"text\/css\" data-created_by=\"avia_inline_auto\" id=\"style-css-av-16i3cni-aa2467542ec5c160453001abe84ef43e\">\n#top .hr.hr-invisible.av-16i3cni-aa2467542ec5c160453001abe84ef43e{\nheight:5px;\n}\n<\/style>\n<div  class='hr av-16i3cni-aa2467542ec5c160453001abe84ef43e hr-invisible  avia-builder-el-6  el_after_av_image  el_before_av_textblock '><span class='hr-inner '><span class=\"hr-inner-style\"><\/span><\/span><\/div><br \/>\n\n<style type=\"text\/css\" data-created_by=\"avia_inline_auto\" id=\"style-css-av-14g2qq6-3b881b35f84777a510f4bc1a2749e225\">\n#top .av_textblock_section.av-14g2qq6-3b881b35f84777a510f4bc1a2749e225 .avia_textblock{\nfont-size:10px;\n}\n<\/style>\n<section  class='av_textblock_section av-14g2qq6-3b881b35f84777a510f4bc1a2749e225 '  ><div class='avia_textblock' ><p class=\"bildnennung-beitrag\" style=\"text-align: left;\">\u00a9 photophonie, Adobestock.com<\/p>\n<\/div><\/section><br \/>\n\n<style type=\"text\/css\" data-created_by=\"avia_inline_auto\" id=\"style-css-av-12blm2m-380f1c475d3a8a61a35d2582a901bdb4\">\n#top .hr.hr-invisible.av-12blm2m-380f1c475d3a8a61a35d2582a901bdb4{\nheight:20px;\n}\n<\/style>\n<div  class='hr av-12blm2m-380f1c475d3a8a61a35d2582a901bdb4 hr-invisible  avia-builder-el-8  el_after_av_textblock  el_before_av_textblock '><span class='hr-inner '><span class=\"hr-inner-style\"><\/span><\/span><\/div><br \/>\n\n<style type=\"text\/css\" data-created_by=\"avia_inline_auto\" id=\"style-css-av-l10j7om5-9b76ec14ed7c6ad3e3f14e5f0eef3fd0\">\n#top .av_textblock_section.av-l10j7om5-9b76ec14ed7c6ad3e3f14e5f0eef3fd0 .avia_textblock{\nfont-size:20px;\n}\n<\/style>\n<section  class='av_textblock_section av-l10j7om5-9b76ec14ed7c6ad3e3f14e5f0eef3fd0 '  ><div class='avia_textblock' ><p>In diesem Beitrag erfahren Sie, woran Sie eine Lese-Rechtschreibschw\u00e4che erkennen und welche anderen Ursachen f\u00fcr fehlerhaftes Schreiben infrage kommen k\u00f6nnen.<\/p>\n<\/div><\/section><\/p><\/div>\n<style type=\"text\/css\" data-created_by=\"avia_inline_auto\" id=\"style-css-av-11tc8y6-eb2b9be621a4a091541fae75f4b0c3bc\">\n.flex_column.av-11tc8y6-eb2b9be621a4a091541fae75f4b0c3bc{\nborder-radius:0px 0px 0px 0px;\npadding:20px 20px 20px 20px;\nbackground-color:#f2f2f2;\n}\n<\/style>\n<div  class='flex_column av-11tc8y6-eb2b9be621a4a091541fae75f4b0c3bc av_three_fifth  avia-builder-el-10  el_after_av_one_full  el_before_av_two_fifth  first flex_column_div  column-top-margin'     ><style type=\"text\/css\" data-created_by=\"avia_inline_auto\" id=\"style-css-av-zqef1a-e49660db6177eb174200d7336f11fdd4\">\n#top .av_textblock_section.av-zqef1a-e49660db6177eb174200d7336f11fdd4 .avia_textblock{\nfont-size:14px;\n}\n<\/style>\n<section  class='av_textblock_section av-zqef1a-e49660db6177eb174200d7336f11fdd4 '  ><div class='avia_textblock' ><p><strong>Inhalt<\/strong><\/p>\n<p><strong><a href=\"#1\">1. Was ist Legasthenie?<\/a><\/strong><br \/>\n1.1. Merkmale von Legasthenie<br \/>\n1.2. Beispiele f\u00fcr Rechtschreibfehler bei Legasthenie<br \/>\n1.3. Legasthenie im Alltag<\/p>\n<p><strong><a href=\"#2\">2. Andere Ursachen f\u00fcr fehlerhaftes Schreiben<\/a><\/strong><\/p>\n<p><strong><a href=\"#3\">3. Was tue ich bei Verdacht auf Legasthenie?<\/a><\/strong><br \/>\n3.1. \u00dcbungen bei Legasthenie<br \/>\n3.2. N\u00fctzliche Hilfsmittel bei Legasthenie<\/p>\n<\/div><\/section><\/div><\/p>\n\n<style type=\"text\/css\" data-created_by=\"avia_inline_auto\" id=\"style-css-av-xap9mm-6b12a8e6d15c728102f11867f395aec8\">\n.flex_column.av-xap9mm-6b12a8e6d15c728102f11867f395aec8{\nborder-radius:0px 0px 0px 0px;\npadding:0 0 0 0;\n}\n<\/style>\n<div  class='flex_column av-xap9mm-6b12a8e6d15c728102f11867f395aec8 av_two_fifth  avia-builder-el-12  el_after_av_three_fifth  el_before_av_sidebar  flex_column_div av-zero-column-padding  column-top-margin'     ><\/div>\n<div  class='avia-builder-widget-area clearfix  avia-builder-el-13  el_after_av_two_fifth  el_before_av_one_full '><div id=\"text-34\" class=\"widget clearfix widget_text\">\t\t\t<div class=\"textwidget\"><p><a href=\"https:\/\/www.backwinkel.de\/nachhaltig-denken\/\" target=\"\\_blank\" rel=\"noopener\"><br \/>\n<img decoding=\"async\" class=\"werbung-desktop alignnone wp-image-4186 size-full\" src=\"https:\/\/www.backwinkel.de\/blog\/wp-content\/uploads\/2026\/04\/Backwinkel-blog-werbebanner-shop-schule_desktop.jpg\" alt=\"\" width=\"1251\" height=\"201\" \/><br \/>\n<\/a><br \/>\n<a href=\"https:\/\/www.backwinkel.de\/nachhaltig-denken\/\" target=\"\\_blank\" rel=\"noopener\"><br \/>\n<img decoding=\"async\" class=\"werbung-mobile alignnone wp-image-4187 size-full\" src=\"https:\/\/www.backwinkel.de\/blog\/wp-content\/uploads\/2026\/04\/Backwinkel-blog-werbebanner-shop-schule_mobile.jpg\" alt=\"\" width=\"550\" height=\"500\" \/><br \/>\n<\/a><\/p>\n<\/div>\n\t\t<\/div><\/div>\n\n<style type=\"text\/css\" data-created_by=\"avia_inline_auto\" id=\"style-css-av-v0p0ri-4c9c7ba5d1f30fb51f5e90b2e020d044\">\n.flex_column.av-v0p0ri-4c9c7ba5d1f30fb51f5e90b2e020d044{\nborder-radius:0px 0px 0px 0px;\npadding:0px 0px 0px 0px;\n}\n<\/style>\n<div  class='flex_column av-v0p0ri-4c9c7ba5d1f30fb51f5e90b2e020d044 av_one_full  avia-builder-el-14  el_after_av_sidebar  el_before_av_one_full  first flex_column_div av-zero-column-padding  '     ><section  class='av_textblock_section av-tcr3ku-0c25dd05b657c0ceefe5e82eec4fb47a '  ><div class='avia_textblock' >\n<style type=\"text\/css\" data-created_by=\"avia_inline_auto\" id=\"style-css-av-r12u7y-4f91842af3772e9036541e48f4009947\">\n#top .hr.hr-invisible.av-r12u7y-4f91842af3772e9036541e48f4009947{\nheight:20px;\n}\n<\/style>\n<div  class='hr av-r12u7y-4f91842af3772e9036541e48f4009947 hr-invisible  avia-builder-el-16  avia-builder-el-no-sibling '><span class='hr-inner '><span class=\"hr-inner-style\"><\/span><\/span><\/div>\n<h2 id=\"1\" class=\"position\">Was ist Legasthenie?<\/h2>\n<p>Als Lese-Rechtschreibst\u00f6rung (LRS) oder Legasthenie bezeichnet man laut Wikipedia \u201edie massive und lang andauernde St\u00f6rung des Erwerbs der Schriftsprache\u201c. Im Volksmund wie auch bei Wikipedia werden die Begriffe Legasthenie und LRS als Abk\u00fcrzung f\u00fcr Lese-Rechtschreibst\u00f6rung synonym verwendet.<\/p>\n<p>Im p\u00e4dagogischen Bereich wird das K\u00fcrzel LRS allerdings f\u00fcr den Begriff Lese-Rechtschreibschwierigkeiten verwendet \u2013 und das ist ein deutlich breiteres Feld, denn viele Kinder haben Probleme mit der richtigen Rechtschreibung. In vielen F\u00e4llen verschwinden die Fehler durch ausreichend \u00dcbung. Bei Legasthenie ist das nicht der Fall.<\/p>\n<p>Legasthenie ist keine Behinderung oder Krankheit, sondern eine Abweichung in der Wahrnehmung. Die Ursachen sind bis heute nicht eindeutig feststellbar. Menschen mit Legasthenie bestechen h\u00e4ufig durch ihre Kreativit\u00e4t, ihren Charme oder ihre Intelligenz und Pers\u00f6nlichkeiten wie Walt Disney oder Bill Gates haben bewiesen, dass man es trotz oder vielleicht sogar dank Legasthenie weit bringen kann.<\/p>\n<p>Allgemein zeichnet sich Legasthenie durch eine hohe Fehleranzahl beim Schreiben aus, die sich auch durch \u00dcben und Wiederholen nicht verringert. Das ist fatal f\u00fcr Kinder, denn in der (Grund-)Schule kommt es nicht nur bei Diktaten auf fehlerfreies Schreiben an. W\u00e4hrend wir uns als Erwachsene ganz legitim zahlreicher Hilfsmittel bedienen (k\u00f6nnen), um Fehler zu verringern, kann kein Kind in der Schule beispielsweise die Autokorrektur einschalten.<\/p>\n<h3>Merkmale von Legasthenie<\/h3>\n<p>Wenn Kinder \u2013 oder auch Erwachsene \u2013 Neues lernen, machen sie Fehler. Das ist normal und erledigt sich mit ausreichender \u00dcbung. So ist es v\u00f6llig normal, wenn Kinder in der Grundschule Rechtschreibfehler machen. Legasthenie \u00e4u\u00dfert sich in vielen verschiedenen Facetten und geht weit \u00fcber dauerhaftes, fehlerhaftes Schreiben hinaus.<\/p>\n<p>Damit die Diagnose Legasthenie gestellt werden kann, muss zuerst sichergestellt werden, dass:<\/p>\n<ul>\n<li>keine Intelligenzminderung vorliegt.<\/li>\n<li>ausreichend Unterricht bzw. M\u00f6glichkeit zum \u00dcben besteht \/ bestanden hat.<\/li>\n<\/ul>\n<p>Legasthenie manifestiert sich in unterschiedlichen Charakteristika, \u00e4u\u00dfert sich allerdings nicht bei allen Betroffenen gleich. Manche Kinder weisen nur einen Teil der Merkmale auf und auch die Auspr\u00e4gung kann stark variieren.<\/p>\n<p><strong>Wir haben die auff\u00e4lligsten Merkmale hier f\u00fcr Sie zusammengefasst:<\/strong><\/p>\n<ul>\n<li>unleserliche Schrift, angestrengtes Schreiben<\/li>\n<li>hohe Fehleranzahl, die sich nicht durch \u00dcben verringert<\/li>\n<li>starke Varianz der Fehler, oft auch bezogen auf ein einziges Wort (z. B. fert, Pf\u00e4rt und f\u00e4rd innerhalb eines Textes)<\/li>\n<li>Buchstabendreher, auch bei Diphthongen \/ Einsetz\u00fcbungen, obwohl sich die Laute deutlich voneinander unterscheiden (z. B. Keiselstien)<\/li>\n<li>Weglassen oder Hinzuf\u00fcgen von Silben bei geschriebenen W\u00f6rtern, die i. d. R. auch nicht von den Kindern bemerkt werden, wenn sie das Wort laut vorlesen (z. B. gegegangen, verlorn \/ ferlorn)<\/li>\n<li>langsames \/ stockendes Lesen<\/li>\n<li>Raten mancher W\u00f6rter beim Vorlesen<\/li>\n<li>Unf\u00e4higkeit, die eigenen Fehler zu finden und zu beheben, auch mit Hilfestellungen<\/li>\n<li>Schreiben nach Geh\u00f6r statt nach Rechtschreibregeln (Beume, l\u00fcgn, feraten)<\/li>\n<li>kein oder geringes Textverst\u00e4ndnis beim (lauten) Lesen<\/li>\n<li>Konzentrationsschwierigkeiten (auch AD(H)S etc.)<\/li>\n<li>gelegentlich Linksh\u00e4ndigkeit<\/li>\n<li>gelegentlich verwaschene, ungenaue Aussprache<\/li>\n<li>gelegentlich Fehler auch beim Abschreiben<\/li>\n<li>Kreativit\u00e4t<\/li>\n<li>gutes Ged\u00e4chtnis, z. B. beim Auswendiglernen (Eine F\u00e4higkeit, die Legasthenie oft gut kompensiert, oft so gut, dass die Schw\u00e4che in den ersten Jahren nicht einmal den Lehrenden auff\u00e4llt.)<\/li>\n<\/ul>\n<h3>Beispiele f\u00fcr Rechtschreibfehler bei Legasthenie<\/h3>\n<p>Raturn, z\u00fcrchatri, schtercker, gewek: Nicht immer sind legastheniebedingte Rechtschreibfehler so gravierend, dass man ohne Kontext schlecht auf die Bedeutung schlie\u00dfen kann (hier: Radtouren, Psychiatrie, st\u00e4rker, Gehweg). Doch auff\u00e4llig ist, dass legasthene Kinder ein und dasselbe Wort sehr selten auf dieselbe Art falsch schreiben. So kann das Wort Kissen innerhalb eines Textes als kisen, Kiessn und kiesen auftauchen.<\/p>\n<p>Gerade Fremdw\u00f6rter werden oft nach Geh\u00f6r geschrieben: Ein y klingt eben oft wie ein \u00fc .Und st oder sp h\u00f6ren sich an, als k\u00f6nnten sie noch ein ch dazwischen haben. So schreiben die Kinder auch im Fremdsprachenunterricht oft nach deutschen Lautregeln, die sie nach ein paar Jahren immerhin einigerma\u00dfen kennen. Aus dog wird dock, house wird wie die deutsche Entsprechung geschrieben und stumme Buchstaben tauchen in den Worten meistens nicht auf (haf statt half, neif statt knife usw.)<\/p>\n<p>Typische Rechtschreibfehler bei Legasthenie gibt es nicht, sie sind sehr individuell und daher bei allen Betroffenen anders. W\u00e4hrend manche Kinder eher Probleme mit Auslauten haben (Hant statt Hand, mak statt mag), ersetzen andere die Kombination qu konsequent durch kw.<\/p>\n<p>H\u00e4ufig f\u00e4llt zudem auf, dass die \u00fcblichen Eselsbr\u00fccken den Kindern nicht dabei helfen, ihre Fehler k\u00fcnftig zu vermeiden oder selbstst\u00e4ndig zu korrigieren: Das \u00bbVerl\u00e4ngern\u00ab der Worte (H\u00e4nde, m\u00f6gen) f\u00fchrt nicht dazu, dass sie die Wortenden korrekt schreiben. Auch die Transferleistung, dass H\u00e4nde von Hand kommt und daher nicht mit einem E geschrieben werden kann, erfolgt oft nicht.<\/p>\n<p>Daher halten die Fehler sich hartn\u00e4ckig, egal wie oft und lange die Kinder \u00fcben. Das kann sehr frustrierend sein \u2013 nicht nur f\u00fcr Eltern und Lehrende, sondern nat\u00fcrlich vor allem f\u00fcr die Kinder selbst. Das Gef\u00fchl, zu versagen, kann sich in einem negativen Selbstbild bis hin zu Depressionen manifestieren. Umso wichtiger ist es, den Kindern durch die Vorstellung bei einem Experten zu helfen, bis die Ursache gefunden ist. Denn wenn man wei\u00df, was es ist, kann man etwas dagegen tun.<\/p>\n<h3>Legasthenie im Alltag<\/h3>\n<p>Da Legasthenie nicht immer im Kindesalter erkannt und erfolgreich therapiert wird, gibt es nat\u00fcrlich auch legasthene Erwachsene. Genaue Zahlen lassen sich schwer in Erfahrung bringen, doch auch hier liegen die Sch\u00e4tzungen bei ca. 5 %.<\/p>\n<p>Sprache ist \u00fcberall um uns herum und lesen m\u00fcssen wir dauernd, auch wenn wir nicht mehr zur Schule gehen: Speisekarten, Zeitungsartikel, Packungsbeilagen, Kochrezepte, F\u00fchrerschein- und sonstige Pr\u00fcfungen oder Untertitel in Serien und Interviews sind nur einige allt\u00e4gliche Beispiele. Menschen mit Legasthenie brauchen beim Lesen, Schreiben und Verstehen von Texten l\u00e4nger und stehen so in unserer Gesellschaft regelm\u00e4\u00dfig vor Schwierigkeiten.<\/p>\n<p>Gleichzeitig geht Legasthenie auch gelegentlich mit motorischen Problemen, Schwierigkeiten im mathematischen Bereich oder Konzentrationsschw\u00e4chen einher. Daher ist es wichtig, zu verstehen, dass Legasthenie nicht einfach nur bedeutet, \u00bbnicht richtig schreiben\u00ab zu k\u00f6nnen \u2013 und auf keinen Fall mit Faulheit oder mangelnder M\u00fche zu tun hat. Menschen mit Legasthenie nehmen die Welt anders wahr und lernen mit den Jahren oft, sich mit ihrer Disposition zu arrangieren. Doch gerade legasthene Erwachsene sind oft von seelischen Erkrankungen betroffen, z. B. verursacht durch Mobbing, Minderwertigkeitskomplexe, Versagensangst oder Scham.<\/p>\n<\/div><\/section><\/div>\n\n<style type=\"text\/css\" data-created_by=\"avia_inline_auto\" id=\"style-css-av-q0h3y6-4bd840eba03d0ef914e7d5e9271abd61\">\n.flex_column.av-q0h3y6-4bd840eba03d0ef914e7d5e9271abd61{\nborder-radius:0px 0px 0px 0px;\npadding:0px 0px 0px 0px;\n}\n<\/style>\n<div  class='flex_column av-q0h3y6-4bd840eba03d0ef914e7d5e9271abd61 av_one_full  avia-builder-el-17  el_after_av_one_full  el_before_av_one_full  first flex_column_div av-zero-column-padding  column-top-margin'     ><section  class='av_textblock_section av-nki3lq-ba3f0305a366ee86dc536f0199d3f138 '  ><div class='avia_textblock' >\n<style type=\"text\/css\" data-created_by=\"avia_inline_auto\" id=\"style-css-av-miffgu-e1564e0bab50aa9cb7595bb5a0c8e654\">\n#top .hr.hr-invisible.av-miffgu-e1564e0bab50aa9cb7595bb5a0c8e654{\nheight:20px;\n}\n<\/style>\n<div  class='hr av-miffgu-e1564e0bab50aa9cb7595bb5a0c8e654 hr-invisible  avia-builder-el-19  avia-builder-el-no-sibling '><span class='hr-inner '><span class=\"hr-inner-style\"><\/span><\/span><\/div>\n<h2 id=\"2\" class=\"position\">Andere Ursachen f\u00fcr fehlerhaftes Schreiben<\/h2>\n<p>Nicht jedes Kind, das \u00fcberdurchschnittlich viele Fehler beim Schreiben macht, hat Legasthenie. Die Ursachen k\u00f6nnen vielf\u00e4ltig sein und auch eine generelle Entwicklungsverz\u00f6gerung kommt infrage. Ein paar andere Ursachen stellen wir Ihnen kurz vor:<\/p>\n<p><strong>KiSS-Syndrom <\/strong><\/p>\n<p>Die <strong>K<\/strong>opfgelenk-<strong>i<\/strong>nduzierte <strong>S<\/strong>ymmetrie-<strong>S<\/strong>t\u00f6rung bezeichnet eine Fehlstellung im Bereich der oberen Halswirbels\u00e4ule. Bereits Babys, die an dieser St\u00f6rung leiden, zeigen u. a. Symptome beim Stillen, Trinken oder in der Haltung, aber nicht immer erfolgt eine Diagnose. Bei Betroffenen sind z. B. die Hand-Augen-Koordination und das Gleichgewicht gest\u00f6rt und auch ADS, ADHD und ADHDS k\u00f6nnen auftreten. Da Aufmerksamkeitsst\u00f6rungen auch oft mit Legasthenie einhergehen, lohnt sich der Besuch beim Kinderarzt oder Orthop\u00e4den, um Klarheit zu gewinnen.<\/p>\n<p><strong>Ohrenprobleme<\/strong><\/p>\n<p>Wer Laute nicht h\u00f6ren kann, hat nat\u00fcrlich auch Probleme, sie richtig zu schreiben. Wenn Sie und \/ oder die Eltern des Kindes den Verdacht haben, dass das H\u00f6ren beeintr\u00e4chtigt sein k\u00f6nnte, beispielsweise weil das Kind nicht reagiert, wenn es leise gerufen wird, kann ein Besuch beim HNO-Arzt f\u00fcr Klarheit sorgen. Vielleicht sind die Ohren auch nur verstopft, sei es durch eine Entz\u00fcndung oder Ohrenschmalz. Jeder Verdacht, den Sie ausschlie\u00dfen k\u00f6nnen, bedeutet, einen Schritt n\u00e4her an der L\u00f6sung des Problems zu sein.<\/p>\n<p><strong>Sehschw\u00e4che<\/strong><\/p>\n<p>Nat\u00fcrlich kann auch schlechtes Sehen daf\u00fcr sorgen, dass Kinder nicht fehlerfrei schreiben: Sei es beim Abschreiben von der Tafel bei Kurzsichtigkeit oder beim Schreiben ins Heft bei Weitsichtigkeit oder Schielen. Liegen die Probleme hierin begr\u00fcndet, er\u00fcbrigen sich mit der korrekten Diagnose vielleicht auch Kopfschmerzen, Konzentrationsschwierigkeiten und Gleichgewichtsst\u00f6rungen.<\/p>\n<p><strong>Allgemeiner Lernr\u00fcckstand <\/strong><\/p>\n<p>Und nat\u00fcrlich kann es auch einfach sein, dass Kinder durch Unterrichtsausfall, Krankheit, h\u00e4ufige Lehrerwechsel oder famili\u00e4re Probleme eine hohe Fehleranzahl an den Tag legen. Daher ist es wichtig, auch die Biografie der Kinder miteinzubeziehen und keine voreiligen Schl\u00fcsse zu ziehen. Kinder, die aus den oben genannten Gr\u00fcnden Lese- oder Rechtschreibschwierigkeiten aufweisen, k\u00f6nnen sie meistens durch gezielte F\u00f6rderung beheben. Au\u00dferdem k\u00f6nnen sich allgemeine Schwierigkeiten im Sprachbereich auch einfach auswachsen \u2013 Legasthenie nicht.<\/p>\n<\/div><\/section><\/div>\n\n<style type=\"text\/css\" data-created_by=\"avia_inline_auto\" id=\"style-css-av-43w1ry-232863bff0431dcaf50eb4d3ca14aa4b\">\n.flex_column.av-43w1ry-232863bff0431dcaf50eb4d3ca14aa4b{\nborder-radius:0px 0px 0px 0px;\npadding:0px 0px 0px 0px;\n}\n<\/style>\n<div  class='flex_column av-43w1ry-232863bff0431dcaf50eb4d3ca14aa4b av_one_full  avia-builder-el-20  el_after_av_one_full  el_before_av_hr  first flex_column_div av-zero-column-padding  column-top-margin'     ><section  class='av_textblock_section av-l10jidoa-2810862a1d2ccab8fa2e2553e794cf23 '  ><div class='avia_textblock' >\n<style type=\"text\/css\" data-created_by=\"avia_inline_auto\" id=\"style-css-av-30sq72-b5b446cf2ac2712a086011613f1a2733\">\n#top .hr.hr-invisible.av-30sq72-b5b446cf2ac2712a086011613f1a2733{\nheight:20px;\n}\n<\/style>\n<div  class='hr av-30sq72-b5b446cf2ac2712a086011613f1a2733 hr-invisible  avia-builder-el-22  avia-builder-el-no-sibling '><span class='hr-inner '><span class=\"hr-inner-style\"><\/span><\/span><\/div>\n<h2 id=\"3\" class=\"position\">Was tue ich bei Verdacht auf Legasthenie?<\/h2>\n<p>Wenn Sie den Verdacht haben, eines Ihrer Kinder habe Legasthenie, reden Sie mit den Eltern und legen Sie ihnen nah, einen Experten aufzusuchen. In Deutschland wird Legasthenie von Psychotherapeuten diagnostiziert \u2013 meistens im Bereich der Kinder- und Jugendpsychiatrie. Dieser Umstand tr\u00e4gt nat\u00fcrlich nicht dazu bei, Legasthenie zu entstigmatisieren. Doch ist es nicht nur f\u00fcr die Kinder, sondern auch f\u00fcr die Eltern eine gro\u00dfe Erleichterung, die Ursache der Probleme beim Namen zu nennen und fortan etwas dagegen zu tun.<\/p>\n<p>Mit dieser Diagnose k\u00f6nnen Kinder nicht nur eine individuelle F\u00f6rderung erhalten. Sie k\u00f6nnen sogar erwirken, dass ihre Rechtschreibleistung in der Schule nicht bewertet wird. Das nimmt den Kindern eine Menge Druck. In einer Therapie erlernen die Kinder au\u00dferdem Strategien, um ihre Fehler zu minimieren, z. B., indem sie sich den Zusammenhang zwischen Phonemen (gesprochene Laute) und Graphemen (verschriftlichte Darstellung) durch motorische \u00dcbungen einpr\u00e4gen.<\/p>\n<p>Generell gilt: Je fr\u00fcher Legasthenie erkannt und behandelt wird, umso restloser kann sie behoben werden. Bei einem Verdacht lohnt es sich daher, bereits in der ersten Klasse einen Experten zurate zu ziehen, statt bis zur vierten Klasse zu warten.<\/p>\n<h3>\u00dcbungen bei Legasthenie<\/h3>\n<p>Kinder, die die Diagnose Legasthenie erhalten, k\u00f6nnen und sollten eine Therapie (z. B. Logop\u00e4die und \/ oder Ergotherapie) machen. Leider gibt es kein anerkanntes Berufsbild oder definierte Anforderungsprofile f\u00fcr Therapeuten. Um den richtigen Therapeuten zu finden, hilft eine seri\u00f6se Therapeutensuche im Internet, z. B. \u00fcber einen Link, den Sie am Ende des Artikels finden.<\/p>\n<p>Wichtig ist in jedem Fall, dass die Kinder sich nicht ausgegrenzt und wohl mit ihrer Therapie f\u00fchlen. Wenn die Chemie zwischen Kind und Therapeutin bzw. Therapeut <strong>nicht<\/strong> stimmt, wird keine noch so gute \u00dcbung Fr\u00fcchte tragen. Dann ist es ratsam, eine andere Person zu suchen. Gruppenunterricht oder -therapie ist nur <strong>selten<\/strong> erfolgreich, da die Betroffenen individuelle Fehler und Wahrnehmungen aufweisen.<\/p>\n<p>Im Schulalltag helfen Lautlese\u00fcbungen, Silbenlesen und k\u00f6rperliche Bewegung gepaart mit kognitiver Leistung nicht nur Kindern mit Legasthenie. Die Therapie als solche kann im Schulalltag jedoch nicht umgesetzt werden, da sie zu zeitintensiv und individuell ist.<\/p>\n<p><strong>N\u00fctzliche Hilfsmittel bei Legasthenie <\/strong><\/p>\n<p>Wie eingangs erw\u00e4hnt, stehen Kindern weitaus weniger (technische) Hilfsmittel zur Verf\u00fcgung wie Erwachsenen, um ihre Fehleranzahl zu verringern. Allerdings k\u00f6nnen Sie mit ein paar einfachen Kniffen Ihre Unterrichtsmaterialien barrierefreier gestalten:<\/p>\n<ul>\n<li>Nutzen Sie eine serifenlose Schriftart, mindestens 14 Punkt Schriftgr\u00f6\u00dfe und einen gr\u00f6\u00dferen Zeilenabstand.<\/li>\n<li>Vermeiden Sie Flattersatz und Buchstabentrennung.<\/li>\n<li>Gestalten Sie Ihre Unterrichtsmaterialien allgemein \u00fcbersichtlich.<\/li>\n<li>Stellen Sie den Kindern bei Bedarf f\u00fcrs Lesen Schablonen, Lesest\u00e4be oder auch Lupen zur Verf\u00fcgung.<\/li>\n<li>Bieten Sie den Kindern zum Schreiben Stifthalter, Griffverdickungen oder Gripper an.<\/li>\n<\/ul>\n<p>Au\u00dferdem ist es f\u00fcr betroffene Kinder hilfreich, weder unter Zeitdruck zu stehen noch vor der Klasse laut lesen zu m\u00fcssen oder gar vorgef\u00fchrt zu werden. Sie k\u00f6nnen den Text stattdessen selbst laut vorlesen oder ein Kind, das fl\u00fcssig und gerne liest, vorlesen lassen, um jenen Kindern mit Legasthenie den Zugang zu geschriebenen Texten zu erleichtern.<\/p>\n<\/div><\/section><\/div>\n\n<style type=\"text\/css\" data-created_by=\"avia_inline_auto\" id=\"style-css-av-l30fny-1ce2901bacb970d4d0cad453135735a0\">\n#top .hr.av-l30fny-1ce2901bacb970d4d0cad453135735a0{\nmargin-top:10px;\nmargin-bottom:10px;\n}\n.hr.av-l30fny-1ce2901bacb970d4d0cad453135735a0 .hr-inner{\nwidth:500;\n}\n<\/style>\n<div  class='hr av-l30fny-1ce2901bacb970d4d0cad453135735a0 hr-custom  avia-builder-el-23  el_after_av_one_full  el_before_av_one_full  hr-left hr-icon-no'><span class='hr-inner inner-border-av-border-none'><span class=\"hr-inner-style\"><\/span><\/span><\/div>\n\n<style type=\"text\/css\" data-created_by=\"avia_inline_auto\" id=\"style-css-av-jt923y-fe14578bb5d586c174e82f3973afec58\">\n.flex_column.av-jt923y-fe14578bb5d586c174e82f3973afec58{\nborder-radius:0px 0px 0px 0px;\npadding:10px 10px 10px 10px;\nbackground-color:#f2f2f2;\n}\n<\/style>\n<div  class='flex_column av-jt923y-fe14578bb5d586c174e82f3973afec58 av_one_full  avia-builder-el-24  el_after_av_hr  el_before_av_one_full  first flex_column_div  '     ><section  class='av_textblock_section av-hrwgdq-91630ef73cecbb2e8e4a5a6f7f9af879 '  ><div class='avia_textblock' ><p class=\"fussnoten-quellen\"><strong>Lesen Sie mehr: <\/strong><\/p>\n<p class=\"fussnoten-quellen\">Ratgeber Legasthenie und Dyskalkulie im Erwachsenenalter des Bundesverbandes Legasthenie und Dyskalkulie e. V., 2018:<br \/>\n<a href=\"https:\/\/www.bvl-legasthenie.de\/images\/static\/pdfs\/bvl\/7_Ratgeber_Erwachsene_barrierefrei.pdf\" target=\"_blank\" rel=\"noopener\">https:\/\/www.bvl-legasthenie.de\/images\/static\/pdfs\/bvl\/7_Ratgeber_Erwachsene_barrierefrei.pdf<\/a><\/p>\n<p class=\"fussnoten-quellen\">Datenbank zur Therapeutensuche bei Legasthenie:<br \/>\n<a href=\"https:\/\/www.bvl-legasthenie.de\/service\/therapeutensuche.html\" target=\"_blank\" rel=\"noopener\">https:\/\/www.bvl-legasthenie.de\/service\/therapeutensuche.html<\/a><\/p>\n<p class=\"fussnoten-quellen\">Davis, Ronald: Die 37 Merkmale von Legasthenie, 1992:<br \/>\n<a href=\"https:\/\/www.legasthenie-adhs-dyskalkulie.com\/artikel\/die-37-merkmale-von-legasthenie\/\" target=\"_blank\" rel=\"noopener\">https:\/\/www.legasthenie-adhs-dyskalkulie.com\/artikel\/die-37-merkmale-von-legasthenie\/<\/a><\/p>\n<p class=\"fussnoten-quellen\">Artikel \u00fcber Ursachen und Symptome des KiSS-Syndroms bei Babys, Kindern und Erwachsenen:<br \/>\n<a href=\"https:\/\/www.gesundheit.de\/krankheiten\/knochen-und-gelenke\/ruecken-und-wirbelsaeule\/kiss-kinder-hilfe-bei-symmetriestoerung\" target=\"_blank\" rel=\"noopener\">https:\/\/www.gesundheit.de\/krankheiten\/knochen-und-gelenke\/ruecken-und-wirbelsaeule\/kiss-kinder-hilfe-bei-symmetriestoerung<\/a><\/p>\n<p class=\"fussnoten-quellen\">Informationen und Erfahrungsberichte rund um das KiSS-Syndrom:<br \/>\n<a href=\"http:\/\/www.kisssyndrom.de\" target=\"_blank\" rel=\"noopener\">http:\/\/www.kisssyndrom.de<\/a><\/p>\n<p class=\"fussnoten-quellen\">Artikel \u00fcber Weitsichtigkeit bei Kindern, 4.3.2021:<br \/>\n<a href=\"https:\/\/www.lasikon.de\/auge\/weitsichtigkeit\/weitsichtigkeit-bei-kindern\/\" target=\"_blank\" rel=\"noopener\">https:\/\/www.lasikon.de\/auge\/weitsichtigkeit\/weitsichtigkeit-bei-kindern\/<\/a><\/p>\n<p class=\"fussnoten-quellen\">Ein kleiner Einblick in Diagnose und Therapie von Legasthenie:<br \/>\n<a href=\"https:\/\/www.lernfoerderung.de\/legasthenie\/legasthenie-therapie\/\" target=\"_blank\" rel=\"noopener\">https:\/\/www.lernfoerderung.de\/legasthenie\/legasthenie-therapie\/<\/a><\/p>\n<p class=\"fussnoten-quellen\">Liste der 100 h\u00e4ufigsten Fehlerw\u00f6rter beim Spracherwerb von Schulkindern samt Lernmethoden:<br \/>\n<a href=\"https:\/\/www.lernfoerderung.de\/schreiben\/100-haeufigste-fehlerwoerter\/\" target=\"_blank\" rel=\"noopener\">https:\/\/www.lernfoerderung.de\/schreiben\/100-haeufigste-fehlerwoerter\/<\/a><\/p>\n<p class=\"fussnoten-quellen\">Interview Lutz, Juliane: \u201eLegastheniker sind ehrlicher\u201c, 17.5.2010:<br \/>\n<a href=\"https:\/\/www.sueddeutsche.de\/karriere\/interview-legastheniker-sind-ehrlicher-1.195018\" target=\"_blank\" rel=\"noopener\">https:\/\/www.sueddeutsche.de\/karriere\/interview-legastheniker-sind-ehrlicher-1.195018<\/a><\/p>\n<p class=\"fussnoten-quellen\">Rackow-Freitag, Bettina: Schreibschw\u00e4che bei Erwachsenen, 8.1.2020:<br \/>\n<a href=\"https:\/\/www.apotheken-umschau.de\/weitere-themen\/schreibschwaeche-bei-erwachsenen-722457.html\" target=\"_blank\" rel=\"noopener\">https:\/\/www.apotheken-umschau.de\/weitere-themen\/schreibschwaeche-bei-erwachsenen-722457.html<\/a><\/p>\n<p class=\"fussnoten-quellen\">Liste mit Hilfsmitteln f\u00fcr Legasthenikerinnen und Legastheniker (eher f\u00fcr Erwachsene geeignet):<br \/>\n<a href=\"https:\/\/www.verband-dyslexie.ch\/files\/Dokumente\/Shop\/Info%20Blaetter\/Infoblatt-Hilfsmittel_Legasthenie_Version_1-0_2017-12-23.docx.pdf\" target=\"_blank\" rel=\"noopener\">https:\/\/www.verband-dyslexie.ch\/files\/Dokumente\/Shop\/Info%20Blaetter\/Infoblatt-Hilfsmittel_Legasthenie_Version_1-0_2017-12-23.docx.pdf<\/a><\/p>\n<\/div><\/section><\/div>\n\n<style type=\"text\/css\" data-created_by=\"avia_inline_auto\" id=\"style-css-av-g68u5q-78956e91aea4c1f851e214a498687fdd\">\n.flex_column.av-g68u5q-78956e91aea4c1f851e214a498687fdd{\nborder-radius:0px 0px 0px 0px;\npadding:10px 10px 10px 10px;\n}\n<\/style>\n<div  class='flex_column av-g68u5q-78956e91aea4c1f851e214a498687fdd av_one_full  avia-builder-el-26  el_after_av_one_full  el_before_av_one_full  first flex_column_div  column-top-margin'     ><section  class='av_textblock_section av-dw98fy-7c2a0ee06d7677841535d0c566e44e73 '  ><div class='avia_textblock' ><p class=\"copyright\"><strong>\u00a9 Copyright \u2013 Urheberrechtshinweis<\/strong><br \/>\nAlle Inhalte auf www.backwinkel.de sowie www.backwinkel.de\/blog, insbesondere Texte, Fotografien und Grafiken, sind urheberrechtlich gesch\u00fctzt.<br \/>\nDas Urheberrecht liegt, soweit nicht ausdr\u00fccklich anders gekennzeichnet, bei der BACKWINKEL GmbH. Bitte fragen Sie uns, falls Sie die Inhalte dieses Internetangebotes verwenden m\u00f6chten.<br \/>\nWer gegen das Urheberrecht verst\u00f6\u00dft (z. B. Bilder oder Texte unerlaubt kopiert), macht sich gem. \u00a7\u00a7 106 ff UrhG strafbar, wird zudem kostenpflichtig abgemahnt und muss Schadensersatz leisten (\u00a7 97 UrhG).<\/p>\n<\/div><\/section><\/div>\n\n<style type=\"text\/css\" data-created_by=\"avia_inline_auto\" id=\"style-css-av-ch4yfy-e81c169c6c1cfcd494f85cbdfdcb8163\">\n.flex_column.av-ch4yfy-e81c169c6c1cfcd494f85cbdfdcb8163{\nborder-radius:0px 0px 0px 0px;\npadding:0px 0px 0px 0px;\n}\n<\/style>\n<div  class='flex_column av-ch4yfy-e81c169c6c1cfcd494f85cbdfdcb8163 av_one_full  avia-builder-el-28  el_after_av_one_full  avia-builder-el-last  first flex_column_div av-zero-column-padding  column-top-margin'     ><p><section  class='av_textblock_section av-bcaemm-075cf9d2b9bc0739b8ad094f177d3c05 '  ><div class='avia_textblock' ><div class=\"shariff shariff-align-left shariff-widget-align-left\"><ul class=\"shariff-buttons theme-color orientation-horizontal buttonsize-medium\"><li class=\"shariff-button whatsapp shariff-nocustomcolor\" style=\"background-color:#5cbe4a\"><a href=\"https:\/\/api.whatsapp.com\/send?text=https%3A%2F%2Fwww.backwinkel.de%2Fblog%2Flegasthenie%2F%20Ist%20das%20schon%20Legasthenie%3F\" title=\"Bei Whatsapp teilen\" aria-label=\"Bei Whatsapp teilen\" role=\"button\" rel=\"noopener nofollow\" class=\"shariff-link\" style=\"; background-color:#34af23; color:#fff\" target=\"_blank\"><span class=\"shariff-icon\" style=\"\"><svg width=\"32px\" height=\"20px\" xmlns=\"http:\/\/www.w3.org\/2000\/svg\" viewBox=\"0 0 32 32\"><path fill=\"#34af23\" d=\"M17.6 17.4q0.2 0 1.7 0.8t1.6 0.9q0 0.1 0 0.3 0 0.6-0.3 1.4-0.3 0.7-1.3 1.2t-1.8 0.5q-1 0-3.4-1.1-1.7-0.8-3-2.1t-2.6-3.3q-1.3-1.9-1.3-3.5v-0.1q0.1-1.6 1.3-2.8 0.4-0.4 0.9-0.4 0.1 0 0.3 0t0.3 0q0.3 0 0.5 0.1t0.3 0.5q0.1 0.4 0.6 1.6t0.4 1.3q0 0.4-0.6 1t-0.6 0.8q0 0.1 0.1 0.3 0.6 1.3 1.8 2.4 1 0.9 2.7 1.8 0.2 0.1 0.4 0.1 0.3 0 1-0.9t0.9-0.9zM14 26.9q2.3 0 4.3-0.9t3.6-2.4 2.4-3.6 0.9-4.3-0.9-4.3-2.4-3.6-3.6-2.4-4.3-0.9-4.3 0.9-3.6 2.4-2.4 3.6-0.9 4.3q0 3.6 2.1 6.6l-1.4 4.2 4.3-1.4q2.8 1.9 6.2 1.9zM14 2.2q2.7 0 5.2 1.1t4.3 2.9 2.9 4.3 1.1 5.2-1.1 5.2-2.9 4.3-4.3 2.9-5.2 1.1q-3.5 0-6.5-1.7l-7.4 2.4 2.4-7.2q-1.9-3.2-1.9-6.9 0-2.7 1.1-5.2t2.9-4.3 4.3-2.9 5.2-1.1z\"\/><\/svg><\/span><span class=\"shariff-text\">teilen<\/span>&nbsp;<\/a><\/li><li class=\"shariff-button facebook shariff-nocustomcolor\" style=\"background-color:#4273c8\"><a href=\"https:\/\/www.facebook.com\/sharer\/sharer.php?u=https%3A%2F%2Fwww.backwinkel.de%2Fblog%2Flegasthenie%2F\" title=\"Bei Facebook teilen\" aria-label=\"Bei Facebook teilen\" role=\"button\" rel=\"nofollow\" class=\"shariff-link\" style=\"; background-color:#3b5998; color:#fff\" target=\"_blank\"><span class=\"shariff-icon\" style=\"\"><svg width=\"32px\" height=\"20px\" xmlns=\"http:\/\/www.w3.org\/2000\/svg\" viewBox=\"0 0 18 32\"><path fill=\"#3b5998\" d=\"M17.1 0.2v4.7h-2.8q-1.5 0-2.1 0.6t-0.5 1.9v3.4h5.2l-0.7 5.3h-4.5v13.6h-5.5v-13.6h-4.5v-5.3h4.5v-3.9q0-3.3 1.9-5.2t5-1.8q2.6 0 4.1 0.2z\"\/><\/svg><\/span><span class=\"shariff-text\">teilen<\/span>&nbsp;<\/a><\/li><li class=\"shariff-button twitter shariff-nocustomcolor\" style=\"background-color:#595959\"><a href=\"https:\/\/twitter.com\/share?url=https%3A%2F%2Fwww.backwinkel.de%2Fblog%2Flegasthenie%2F&text=Ist%20das%20schon%20Legasthenie%3F\" title=\"Bei X teilen\" aria-label=\"Bei X teilen\" role=\"button\" rel=\"noopener nofollow\" class=\"shariff-link\" style=\"; background-color:#000; color:#fff\" target=\"_blank\"><span class=\"shariff-icon\" style=\"\"><svg width=\"32px\" height=\"20px\" xmlns=\"http:\/\/www.w3.org\/2000\/svg\" viewBox=\"0 0 24 24\"><path fill=\"#000\" d=\"M14.258 10.152L23.176 0h-2.113l-7.747 8.813L7.133 0H0l9.352 13.328L0 23.973h2.113l8.176-9.309 6.531 9.309h7.133zm-2.895 3.293l-.949-1.328L2.875 1.56h3.246l6.086 8.523.945 1.328 7.91 11.078h-3.246zm0 0\"\/><\/svg><\/span><span class=\"shariff-text\">teilen<\/span>&nbsp;<\/a><\/li><li class=\"shariff-button pinterest shariff-nocustomcolor\" style=\"background-color:#e70f18\"><a href=\"https:\/\/www.pinterest.com\/pin\/create\/link\/?url=https%3A%2F%2Fwww.backwinkel.de%2Fblog%2Flegasthenie%2F&media=https%3A%2F%2Fwww.backwinkel.de%2Fblog%2Fwp-content%2Fuploads%2F2022%2F03%2Fbackwinkel-blog-legasthenie-heroimage.jpg&description=Ist%20das%20schon%20Legasthenie%3F\" title=\"Bei Pinterest pinnen\" aria-label=\"Bei Pinterest pinnen\" role=\"button\" rel=\"noopener nofollow\" class=\"shariff-link\" style=\"; background-color:#cb2027; color:#fff\" target=\"_blank\"><span class=\"shariff-icon\" style=\"\"><svg width=\"32px\" height=\"20px\" xmlns=\"http:\/\/www.w3.org\/2000\/svg\" viewBox=\"0 0 27 32\"><path fill=\"#cb2027\" d=\"M27.4 16q0 3.7-1.8 6.9t-5 5-6.9 1.9q-2 0-3.9-0.6 1.1-1.7 1.4-2.9 0.2-0.6 1-3.8 0.4 0.7 1.3 1.2t2 0.5q2.1 0 3.8-1.2t2.7-3.4 0.9-4.8q0-2-1.1-3.8t-3.1-2.9-4.5-1.2q-1.9 0-3.5 0.5t-2.8 1.4-2 2-1.2 2.3-0.4 2.4q0 1.9 0.7 3.3t2.1 2q0.5 0.2 0.7-0.4 0-0.1 0.1-0.5t0.2-0.5q0.1-0.4-0.2-0.8-0.9-1.1-0.9-2.7 0-2.7 1.9-4.6t4.9-2q2.7 0 4.2 1.5t1.5 3.8q0 3-1.2 5.2t-3.1 2.1q-1.1 0-1.7-0.8t-0.4-1.9q0.1-0.6 0.5-1.7t0.5-1.8 0.2-1.4q0-0.9-0.5-1.5t-1.4-0.6q-1.1 0-1.9 1t-0.8 2.6q0 1.3 0.4 2.2l-1.8 7.5q-0.3 1.2-0.2 3.2-3.7-1.6-6-5t-2.3-7.6q0-3.7 1.9-6.9t5-5 6.9-1.9 6.9 1.9 5 5 1.8 6.9z\"\/><\/svg><\/span><span class=\"shariff-text\">merken<\/span>&nbsp;<\/a><\/li><li class=\"shariff-button mailto shariff-nocustomcolor\" style=\"background-color:#a8a8a8\"><a href=\"mailto:?body=https%3A%2F%2Fwww.backwinkel.de%2Fblog%2Flegasthenie%2F&subject=Ist%20das%20schon%20Legasthenie%3F\" title=\"Per E-Mail versenden\" aria-label=\"Per E-Mail versenden\" role=\"button\" rel=\"noopener nofollow\" class=\"shariff-link\" style=\"; background-color:#999; color:#fff\"><span class=\"shariff-icon\" style=\"\"><svg width=\"32px\" height=\"20px\" xmlns=\"http:\/\/www.w3.org\/2000\/svg\" viewBox=\"0 0 32 32\"><path fill=\"#999\" d=\"M32 12.7v14.2q0 1.2-0.8 2t-2 0.9h-26.3q-1.2 0-2-0.9t-0.8-2v-14.2q0.8 0.9 1.8 1.6 6.5 4.4 8.9 6.1 1 0.8 1.6 1.2t1.7 0.9 2 0.4h0.1q0.9 0 2-0.4t1.7-0.9 1.6-1.2q3-2.2 8.9-6.1 1-0.7 1.8-1.6zM32 7.4q0 1.4-0.9 2.7t-2.2 2.2q-6.7 4.7-8.4 5.8-0.2 0.1-0.7 0.5t-1 0.7-0.9 0.6-1.1 0.5-0.9 0.2h-0.1q-0.4 0-0.9-0.2t-1.1-0.5-0.9-0.6-1-0.7-0.7-0.5q-1.6-1.1-4.7-3.2t-3.6-2.6q-1.1-0.7-2.1-2t-1-2.5q0-1.4 0.7-2.3t2.1-0.9h26.3q1.2 0 2 0.8t0.9 2z\"\/><\/svg><\/span><span class=\"shariff-text\">E-Mail<\/span>&nbsp;<\/a><\/li><\/ul><\/div>\n<\/div><\/section><br \/>\n<div  class='tabcontainer av-9eb46m-9662f9bf0303f02b34e20dac7f5d925a top_tab  avia-builder-el-30  el_after_av_textblock  el_before_av_hr '>\n<section class='av_tab_section av_tab_section av-86ajfi-72f250237fab7b4747e1646ae585226e' ><div id='tab-id-1-tab' class='tab active_tab' role='tab' aria-selected=\"true\" tabindex=\"0\" data-fake-id='#tab-id-1' aria-controls='tab-id-1-content' >Das BACKWINKEL-Blog-Team:<\/div><div id='tab-id-1-content' class='tab_content active_tab_content' role='tabpanel' aria-labelledby='tab-id-1-tab' aria-hidden=\"false\"><div class='tab_inner_content invers-color' ><p><img decoding=\"async\" class=\"wp-image-1768 alignleft\" title=\"BACKWINKEL-Blog \u2013 Das Team\" src=\"https:\/\/blog.backwinkel.de\/wp-content\/uploads\/2018\/10\/backwinkel-blog-autorenbox-intern_preview-300x198.jpg\" alt=\"\" width=\"300\" height=\"198\" \/>Gibts auch ein Gesicht hinter dem BACKWINKEL-Blog? Ja. Vier ?. Drei davon sogar mit Foto.<\/p>\n<p><span style=\"font-style: inherit !important; font-weight: inherit !important;\">Wir \u2013 Lukas, Tatjana, Stefan und Christine \u2013 bespielen unseren Blog unter dem Motto LACHEN LESEN LERNEN. <\/span><\/p>\n<p><span style=\"font-style: inherit !important; font-weight: inherit !important;\">Lukas kennt sich online so gut aus wie in seiner Westentasche und findet immer spannende Themen, w\u00e4hrend Stefan unseren Beitr\u00e4gen den passenden gestalterischen Rahmen gibt und Tatjana mit dem gr\u00fcnen Korrekturstift alles pr\u00fcfend be\u00e4ugt, was unsere Autorin Christine (und gern auch Gastautoren) f\u00fcr den BACKWINKEL-Blog nach ordentlicher Recherche schreibt.<\/span><\/p>\n<p>Gemeinsam suchen wir st\u00e4ndig nach neuen, aufregenden Themen rund um das Thema Bildung im Kiga, der Schule und zu Hause. Und weil Sie da an der Quelle sitzen, freuen wir uns auf Ihre konstruktiven R\u00fcckmeldungen und Anregungen an <a href=\"mailto:blog@backwinkel.de\">blog@backwinkel.de<\/a><\/p>\n<p>Viel Spa\u00df beim LACHEN LESEN LERNEN!<\/p>\n<\/div><\/div><\/section>\n<\/div><br \/>\n\n<style type=\"text\/css\" data-created_by=\"avia_inline_auto\" id=\"style-css-av-5ciwzy-cfc345d9eec961fb6d581b9040439490\">\n#top .hr.av-5ciwzy-cfc345d9eec961fb6d581b9040439490{\nmargin-top:10px;\nmargin-bottom:10px;\n}\n.hr.av-5ciwzy-cfc345d9eec961fb6d581b9040439490 .hr-inner{\nwidth:500;\n}\n<\/style>\n<div  class='hr av-5ciwzy-cfc345d9eec961fb6d581b9040439490 hr-custom  avia-builder-el-31  el_after_av_tab_container  el_before_av_heading  hr-left hr-icon-no'><span class='hr-inner inner-border-av-border-thin'><span class=\"hr-inner-style\"><\/span><\/span><\/div><br \/>\n\n<style type=\"text\/css\" data-created_by=\"avia_inline_auto\" id=\"style-css-av-43ijny-1318d233671c1e1fa6d451cc5ea32741\">\n#top .av-special-heading.av-43ijny-1318d233671c1e1fa6d451cc5ea32741{\npadding-bottom:10px;\n}\nbody .av-special-heading.av-43ijny-1318d233671c1e1fa6d451cc5ea32741 .av-special-heading-tag .heading-char{\nfont-size:25px;\n}\n.av-special-heading.av-43ijny-1318d233671c1e1fa6d451cc5ea32741 .av-subheading{\nfont-size:15px;\n}\n<\/style>\n<div  class='av-special-heading av-43ijny-1318d233671c1e1fa6d451cc5ea32741 av-special-heading-h3 blockquote modern-quote  avia-builder-el-32  el_after_av_hr  el_before_av_blog '><h3 class='av-special-heading-tag '  >PASSENDE BEITR\u00c4GE<\/h3><div class=\"special-heading-border\"><div class=\"special-heading-inner-border\"><\/div><\/div><\/div><br \/>\n<div  data-slideshow-options=\"{&quot;animation&quot;:&quot;fade&quot;,&quot;autoplay&quot;:false,&quot;loop_autoplay&quot;:&quot;once&quot;,&quot;interval&quot;:5,&quot;loop_manual&quot;:&quot;manual-endless&quot;,&quot;autoplay_stopper&quot;:false,&quot;noNavigation&quot;:false,&quot;show_slide_delay&quot;:90}\" class='avia-content-slider avia-content-grid-active avia-content-slider1 avia-content-slider-odd  avia-builder-el-33  el_after_av_heading  avia-builder-el-last  av-slideshow-ui av-control-default   av-no-slider-navigation av-slideshow-manual av-loop-once av-loop-manual-endless ' ><div class=\"avia-content-slider-inner\"><div class=\"slide-entry-wrap\"><article class='slide-entry flex_column  post-entry post-entry-18633 slide-entry-overview slide-loop-1 slide-parity-odd  av_one_third first real-thumbnail posttype-post post-format-standard' ><a href='https:\/\/www.backwinkel.de\/blog\/plastik-recyceln\/' data-rel='slide-1' class='slide-image' title='Plastik recyceln'><img decoding=\"async\" fetchpriority=\"high\" width=\"1200\" height=\"628\" src=\"https:\/\/www.backwinkel.de\/blog\/wp-content\/uploads\/2026\/04\/04_Kiga_Plastik_nachhaltig_nutzen.jpg\" class=\"wp-image-18713 avia-img-lazy-loading-not-18713 attachment-no scaling size-no scaling wp-post-image\" alt=\"\" \/><\/a><div class=\"slide-content\"><header class=\"entry-content-header\" aria-label=\"Slide: Plastik recyceln\"><h3 class='slide-entry-title entry-title ' ><a href='https:\/\/www.backwinkel.de\/blog\/plastik-recyceln\/' title='Plastik recyceln'>Plastik recyceln<\/a><\/h3><span class=\"blog-categories minor-meta\"><a href=\"https:\/\/www.backwinkel.de\/blog\/category\/kindergarten-kita\/\" rel=\"tag\">Kindergarten<\/a> <\/span><span class=\"av-vertical-delimiter\"><\/span><\/header><div class='slide-entry-excerpt entry-content' >Biokunststoff f\u00fcr St\u00fchle, Materialboxen, Spielzeug und Rucks\u00e4cke<\/div><\/div><footer class=\"entry-footer\"><div class=\"slide-meta\"><time class='slide-meta-time updated' >14. April 2026<\/time><\/div><\/footer><\/article><article class='slide-entry flex_column  post-entry post-entry-18716 slide-entry-overview slide-loop-2 slide-parity-even  av_one_third  real-thumbnail posttype-post post-format-standard' ><a href='https:\/\/www.backwinkel.de\/blog\/rechnen-im-anfangsunterricht\/' data-rel='slide-1' class='slide-image' title='Rechnen im Anfangsunterricht'><img decoding=\"async\" fetchpriority=\"high\" width=\"1200\" height=\"628\" src=\"https:\/\/www.backwinkel.de\/blog\/wp-content\/uploads\/2026\/04\/04_Schule_Rechnen_anfangsunterricht.jpg\" class=\"wp-image-18748 avia-img-lazy-loading-not-18748 attachment-no scaling size-no scaling wp-post-image\" alt=\"\" \/><\/a><div class=\"slide-content\"><header class=\"entry-content-header\" aria-label=\"Slide: Rechnen im Anfangsunterricht\"><h3 class='slide-entry-title entry-title ' ><a href='https:\/\/www.backwinkel.de\/blog\/rechnen-im-anfangsunterricht\/' title='Rechnen im Anfangsunterricht'>Rechnen im Anfangsunterricht<\/a><\/h3><span class=\"blog-categories minor-meta\"><a href=\"https:\/\/www.backwinkel.de\/blog\/category\/schule-grundschule\/\" rel=\"tag\">Schule<\/a> <\/span><span class=\"av-vertical-delimiter\"><\/span><\/header><div class='slide-entry-excerpt entry-content' >Das Klassenzimmer als Lernlandschaft<\/div><\/div><footer class=\"entry-footer\"><div class=\"slide-meta\"><time class='slide-meta-time updated' >14. April 2026<\/time><\/div><\/footer><\/article><article class='slide-entry flex_column  post-entry post-entry-18372 slide-entry-overview slide-loop-3 slide-parity-odd  post-entry-last  av_one_third  real-thumbnail posttype-post post-format-standard' ><a href='https:\/\/www.backwinkel.de\/blog\/kranke-kinder-im-kindergarten\/' data-rel='slide-1' class='slide-image' title='Kranke Kinder im Kindergarten'><img decoding=\"async\" fetchpriority=\"high\" width=\"1200\" height=\"628\" src=\"https:\/\/www.backwinkel.de\/blog\/wp-content\/uploads\/2026\/03\/03_Kiga_Kranke_Kinder.jpg\" class=\"wp-image-18451 avia-img-lazy-loading-not-18451 attachment-no scaling size-no scaling wp-post-image\" alt=\"Thema: Kranke Kinder. Auf dem Bild ist ein krankes kleines M\u00e4dchen zu sehen. Eine Frau mit einem Fieberthermometer in der Hand sitzt neben ihr und hat die Hand auf der Stirn des M\u00e4dchens.\" \/><\/a><div class=\"slide-content\"><header class=\"entry-content-header\" aria-label=\"Slide: Kranke Kinder im Kindergarten\"><h3 class='slide-entry-title entry-title ' ><a href='https:\/\/www.backwinkel.de\/blog\/kranke-kinder-im-kindergarten\/' title='Kranke Kinder im Kindergarten'>Kranke Kinder im Kindergarten<\/a><\/h3><span class=\"blog-categories minor-meta\"><a href=\"https:\/\/www.backwinkel.de\/blog\/category\/kindergarten-kita\/\" rel=\"tag\">Kindergarten<\/a> <\/span><span class=\"av-vertical-delimiter\"><\/span><\/header><div class='slide-entry-excerpt entry-content' >Auswirkungen f\u00fcr Kinder, Eltern und Fachkr\u00e4fte<\/div><\/div><footer class=\"entry-footer\"><div class=\"slide-meta\"><time class='slide-meta-time updated' >9. M\u00e4rz 2026<\/time><\/div><\/footer><\/article><\/div><\/div><\/div><\/p><\/div>\n","protected":false},"excerpt":{"rendered":"<p>So erkennen Sie Lese-Rechtschreibschw\u00e4chen und andere m\u00f6gliche Ursachen f\u00fcr fehlerhaftes Schreiben <\/p>\n","protected":false},"author":1,"featured_media":8847,"comment_status":"closed","ping_status":"closed","sticky":false,"template":"","format":"standard","meta":{"inline_featured_image":false,"footnotes":""},"categories":[6],"tags":[],"class_list":["post-8846","post","type-post","status-publish","format-standard","has-post-thumbnail","hentry","category-schule-grundschule"],"yoast_head":"<!-- This site is optimized with the Yoast SEO plugin v27.5 - https:\/\/yoast.com\/product\/yoast-seo-wordpress\/ -->\n<title>Legasthenie \u00bb Wie Sie Lese-Rechtschreibschw\u00e4chen erkennen | BACKWINKEL Blog<\/title>\n<meta name=\"description\" content=\"Ist das schon Legasthenie? So erkennen Sie Lese-Rechtschreibschw\u00e4chen und andere m\u00f6gliche Ursachen f\u00fcr fehlerhaftes Schreiben. \u2713 Jetzt lesen!\" \/>\n<meta name=\"robots\" content=\"index, follow, max-snippet:-1, max-image-preview:large, max-video-preview:-1\" \/>\n<link rel=\"canonical\" href=\"https:\/\/www.backwinkel.de\/blog\/legasthenie\/\" \/>\n<meta property=\"og:locale\" content=\"de_DE\" \/>\n<meta property=\"og:type\" content=\"article\" \/>\n<meta property=\"og:title\" content=\"Legasthenie \u00bb Wie Sie Lese-Rechtschreibschw\u00e4chen erkennen | BACKWINKEL Blog\" \/>\n<meta property=\"og:description\" content=\"Ist das schon Legasthenie? So erkennen Sie Lese-Rechtschreibschw\u00e4chen und andere m\u00f6gliche Ursachen f\u00fcr fehlerhaftes Schreiben. \u2713 Jetzt lesen!\" \/>\n<meta property=\"og:url\" content=\"https:\/\/www.backwinkel.de\/blog\/legasthenie\/\" \/>\n<meta property=\"og:site_name\" content=\"BACKWINKEL Blog\" \/>\n<meta property=\"article:published_time\" content=\"2022-03-21T09:00:30+00:00\" \/>\n<meta property=\"article:modified_time\" content=\"2026-04-22T13:56:31+00:00\" \/>\n<meta property=\"og:image\" content=\"https:\/\/www.backwinkel.de\/blog\/wp-content\/uploads\/2022\/03\/backwinkel-blog-legasthenie-heroimage.jpg\" \/>\n\t<meta property=\"og:image:width\" content=\"1200\" \/>\n\t<meta property=\"og:image:height\" content=\"628\" \/>\n\t<meta property=\"og:image:type\" content=\"image\/jpeg\" \/>\n<meta name=\"author\" content=\"admin_backwinkel\" \/>\n<meta name=\"twitter:card\" content=\"summary_large_image\" \/>\n<meta name=\"twitter:label1\" content=\"Verfasst von\" \/>\n\t<meta name=\"twitter:data1\" content=\"admin_backwinkel\" \/>\n\t<meta name=\"twitter:label2\" content=\"Gesch\u00e4tzte Lesezeit\" \/>\n\t<meta name=\"twitter:data2\" content=\"14\u00a0Minuten\" \/>\n<script type=\"application\/ld+json\" class=\"yoast-schema-graph\">{\"@context\":\"https:\\\/\\\/schema.org\",\"@graph\":[{\"@type\":\"Article\",\"@id\":\"https:\\\/\\\/www.backwinkel.de\\\/blog\\\/legasthenie\\\/#article\",\"isPartOf\":{\"@id\":\"https:\\\/\\\/www.backwinkel.de\\\/blog\\\/legasthenie\\\/\"},\"author\":{\"name\":\"admin_backwinkel\",\"@id\":\"https:\\\/\\\/www.backwinkel.de\\\/blog\\\/#\\\/schema\\\/person\\\/88b842297c0e471020a66f4476633cf2\"},\"headline\":\"Ist das schon Legasthenie?\",\"datePublished\":\"2022-03-21T09:00:30+00:00\",\"dateModified\":\"2026-04-22T13:56:31+00:00\",\"mainEntityOfPage\":{\"@id\":\"https:\\\/\\\/www.backwinkel.de\\\/blog\\\/legasthenie\\\/\"},\"wordCount\":4126,\"image\":{\"@id\":\"https:\\\/\\\/www.backwinkel.de\\\/blog\\\/legasthenie\\\/#primaryimage\"},\"thumbnailUrl\":\"https:\\\/\\\/www.backwinkel.de\\\/blog\\\/wp-content\\\/uploads\\\/2022\\\/03\\\/backwinkel-blog-legasthenie-heroimage.jpg\",\"articleSection\":[\"Schule\"],\"inLanguage\":\"de\"},{\"@type\":\"WebPage\",\"@id\":\"https:\\\/\\\/www.backwinkel.de\\\/blog\\\/legasthenie\\\/\",\"url\":\"https:\\\/\\\/www.backwinkel.de\\\/blog\\\/legasthenie\\\/\",\"name\":\"Legasthenie \u00bb Wie Sie Lese-Rechtschreibschw\u00e4chen erkennen | BACKWINKEL Blog\",\"isPartOf\":{\"@id\":\"https:\\\/\\\/www.backwinkel.de\\\/blog\\\/#website\"},\"primaryImageOfPage\":{\"@id\":\"https:\\\/\\\/www.backwinkel.de\\\/blog\\\/legasthenie\\\/#primaryimage\"},\"image\":{\"@id\":\"https:\\\/\\\/www.backwinkel.de\\\/blog\\\/legasthenie\\\/#primaryimage\"},\"thumbnailUrl\":\"https:\\\/\\\/www.backwinkel.de\\\/blog\\\/wp-content\\\/uploads\\\/2022\\\/03\\\/backwinkel-blog-legasthenie-heroimage.jpg\",\"datePublished\":\"2022-03-21T09:00:30+00:00\",\"dateModified\":\"2026-04-22T13:56:31+00:00\",\"author\":{\"@id\":\"https:\\\/\\\/www.backwinkel.de\\\/blog\\\/#\\\/schema\\\/person\\\/88b842297c0e471020a66f4476633cf2\"},\"description\":\"Ist das schon Legasthenie? So erkennen Sie Lese-Rechtschreibschw\u00e4chen und andere m\u00f6gliche Ursachen f\u00fcr fehlerhaftes Schreiben. \u2713 Jetzt lesen!\",\"breadcrumb\":{\"@id\":\"https:\\\/\\\/www.backwinkel.de\\\/blog\\\/legasthenie\\\/#breadcrumb\"},\"inLanguage\":\"de\",\"potentialAction\":[{\"@type\":\"ReadAction\",\"target\":[\"https:\\\/\\\/www.backwinkel.de\\\/blog\\\/legasthenie\\\/\"]}]},{\"@type\":\"ImageObject\",\"inLanguage\":\"de\",\"@id\":\"https:\\\/\\\/www.backwinkel.de\\\/blog\\\/legasthenie\\\/#primaryimage\",\"url\":\"https:\\\/\\\/www.backwinkel.de\\\/blog\\\/wp-content\\\/uploads\\\/2022\\\/03\\\/backwinkel-blog-legasthenie-heroimage.jpg\",\"contentUrl\":\"https:\\\/\\\/www.backwinkel.de\\\/blog\\\/wp-content\\\/uploads\\\/2022\\\/03\\\/backwinkel-blog-legasthenie-heroimage.jpg\",\"width\":1200,\"height\":628},{\"@type\":\"BreadcrumbList\",\"@id\":\"https:\\\/\\\/www.backwinkel.de\\\/blog\\\/legasthenie\\\/#breadcrumb\",\"itemListElement\":[{\"@type\":\"ListItem\",\"position\":1,\"name\":\"Startseite\",\"item\":\"https:\\\/\\\/blog.backwinkel.de\\\/aktuelles\\\/\"},{\"@type\":\"ListItem\",\"position\":2,\"name\":\"Ist das schon Legasthenie?\"}]},{\"@type\":\"WebSite\",\"@id\":\"https:\\\/\\\/www.backwinkel.de\\\/blog\\\/#website\",\"url\":\"https:\\\/\\\/www.backwinkel.de\\\/blog\\\/\",\"name\":\"BACKWINKEL Blog\",\"description\":\"f\u00fcr Lehrer, Erzieher und Eltern\",\"potentialAction\":[{\"@type\":\"SearchAction\",\"target\":{\"@type\":\"EntryPoint\",\"urlTemplate\":\"https:\\\/\\\/www.backwinkel.de\\\/blog\\\/?s={search_term_string}\"},\"query-input\":{\"@type\":\"PropertyValueSpecification\",\"valueRequired\":true,\"valueName\":\"search_term_string\"}}],\"inLanguage\":\"de\"},{\"@type\":\"Person\",\"@id\":\"https:\\\/\\\/www.backwinkel.de\\\/blog\\\/#\\\/schema\\\/person\\\/88b842297c0e471020a66f4476633cf2\",\"name\":\"admin_backwinkel\",\"url\":\"https:\\\/\\\/www.backwinkel.de\\\/blog\\\/author\\\/admin_backwinkel\\\/\"}]}<\/script>\n<!-- \/ Yoast SEO plugin. -->","yoast_head_json":{"title":"Legasthenie \u00bb Wie Sie Lese-Rechtschreibschw\u00e4chen erkennen | BACKWINKEL Blog","description":"Ist das schon Legasthenie? So erkennen Sie Lese-Rechtschreibschw\u00e4chen und andere m\u00f6gliche Ursachen f\u00fcr fehlerhaftes Schreiben. \u2713 Jetzt lesen!","robots":{"index":"index","follow":"follow","max-snippet":"max-snippet:-1","max-image-preview":"max-image-preview:large","max-video-preview":"max-video-preview:-1"},"canonical":"https:\/\/www.backwinkel.de\/blog\/legasthenie\/","og_locale":"de_DE","og_type":"article","og_title":"Legasthenie \u00bb Wie Sie Lese-Rechtschreibschw\u00e4chen erkennen | BACKWINKEL Blog","og_description":"Ist das schon Legasthenie? So erkennen Sie Lese-Rechtschreibschw\u00e4chen und andere m\u00f6gliche Ursachen f\u00fcr fehlerhaftes Schreiben. \u2713 Jetzt lesen!","og_url":"https:\/\/www.backwinkel.de\/blog\/legasthenie\/","og_site_name":"BACKWINKEL Blog","article_published_time":"2022-03-21T09:00:30+00:00","article_modified_time":"2026-04-22T13:56:31+00:00","og_image":[{"width":1200,"height":628,"url":"https:\/\/www.backwinkel.de\/blog\/wp-content\/uploads\/2022\/03\/backwinkel-blog-legasthenie-heroimage.jpg","type":"image\/jpeg"}],"author":"admin_backwinkel","twitter_card":"summary_large_image","twitter_misc":{"Verfasst von":"admin_backwinkel","Gesch\u00e4tzte Lesezeit":"14\u00a0Minuten"},"schema":{"@context":"https:\/\/schema.org","@graph":[{"@type":"Article","@id":"https:\/\/www.backwinkel.de\/blog\/legasthenie\/#article","isPartOf":{"@id":"https:\/\/www.backwinkel.de\/blog\/legasthenie\/"},"author":{"name":"admin_backwinkel","@id":"https:\/\/www.backwinkel.de\/blog\/#\/schema\/person\/88b842297c0e471020a66f4476633cf2"},"headline":"Ist das schon Legasthenie?","datePublished":"2022-03-21T09:00:30+00:00","dateModified":"2026-04-22T13:56:31+00:00","mainEntityOfPage":{"@id":"https:\/\/www.backwinkel.de\/blog\/legasthenie\/"},"wordCount":4126,"image":{"@id":"https:\/\/www.backwinkel.de\/blog\/legasthenie\/#primaryimage"},"thumbnailUrl":"https:\/\/www.backwinkel.de\/blog\/wp-content\/uploads\/2022\/03\/backwinkel-blog-legasthenie-heroimage.jpg","articleSection":["Schule"],"inLanguage":"de"},{"@type":"WebPage","@id":"https:\/\/www.backwinkel.de\/blog\/legasthenie\/","url":"https:\/\/www.backwinkel.de\/blog\/legasthenie\/","name":"Legasthenie \u00bb Wie Sie Lese-Rechtschreibschw\u00e4chen erkennen | BACKWINKEL Blog","isPartOf":{"@id":"https:\/\/www.backwinkel.de\/blog\/#website"},"primaryImageOfPage":{"@id":"https:\/\/www.backwinkel.de\/blog\/legasthenie\/#primaryimage"},"image":{"@id":"https:\/\/www.backwinkel.de\/blog\/legasthenie\/#primaryimage"},"thumbnailUrl":"https:\/\/www.backwinkel.de\/blog\/wp-content\/uploads\/2022\/03\/backwinkel-blog-legasthenie-heroimage.jpg","datePublished":"2022-03-21T09:00:30+00:00","dateModified":"2026-04-22T13:56:31+00:00","author":{"@id":"https:\/\/www.backwinkel.de\/blog\/#\/schema\/person\/88b842297c0e471020a66f4476633cf2"},"description":"Ist das schon Legasthenie? So erkennen Sie Lese-Rechtschreibschw\u00e4chen und andere m\u00f6gliche Ursachen f\u00fcr fehlerhaftes Schreiben. \u2713 Jetzt lesen!","breadcrumb":{"@id":"https:\/\/www.backwinkel.de\/blog\/legasthenie\/#breadcrumb"},"inLanguage":"de","potentialAction":[{"@type":"ReadAction","target":["https:\/\/www.backwinkel.de\/blog\/legasthenie\/"]}]},{"@type":"ImageObject","inLanguage":"de","@id":"https:\/\/www.backwinkel.de\/blog\/legasthenie\/#primaryimage","url":"https:\/\/www.backwinkel.de\/blog\/wp-content\/uploads\/2022\/03\/backwinkel-blog-legasthenie-heroimage.jpg","contentUrl":"https:\/\/www.backwinkel.de\/blog\/wp-content\/uploads\/2022\/03\/backwinkel-blog-legasthenie-heroimage.jpg","width":1200,"height":628},{"@type":"BreadcrumbList","@id":"https:\/\/www.backwinkel.de\/blog\/legasthenie\/#breadcrumb","itemListElement":[{"@type":"ListItem","position":1,"name":"Startseite","item":"https:\/\/blog.backwinkel.de\/aktuelles\/"},{"@type":"ListItem","position":2,"name":"Ist das schon Legasthenie?"}]},{"@type":"WebSite","@id":"https:\/\/www.backwinkel.de\/blog\/#website","url":"https:\/\/www.backwinkel.de\/blog\/","name":"BACKWINKEL Blog","description":"f\u00fcr Lehrer, Erzieher und Eltern","potentialAction":[{"@type":"SearchAction","target":{"@type":"EntryPoint","urlTemplate":"https:\/\/www.backwinkel.de\/blog\/?s={search_term_string}"},"query-input":{"@type":"PropertyValueSpecification","valueRequired":true,"valueName":"search_term_string"}}],"inLanguage":"de"},{"@type":"Person","@id":"https:\/\/www.backwinkel.de\/blog\/#\/schema\/person\/88b842297c0e471020a66f4476633cf2","name":"admin_backwinkel","url":"https:\/\/www.backwinkel.de\/blog\/author\/admin_backwinkel\/"}]}},"_links":{"self":[{"href":"https:\/\/www.backwinkel.de\/blog\/wp-json\/wp\/v2\/posts\/8846","targetHints":{"allow":["GET"]}}],"collection":[{"href":"https:\/\/www.backwinkel.de\/blog\/wp-json\/wp\/v2\/posts"}],"about":[{"href":"https:\/\/www.backwinkel.de\/blog\/wp-json\/wp\/v2\/types\/post"}],"author":[{"embeddable":true,"href":"https:\/\/www.backwinkel.de\/blog\/wp-json\/wp\/v2\/users\/1"}],"replies":[{"embeddable":true,"href":"https:\/\/www.backwinkel.de\/blog\/wp-json\/wp\/v2\/comments?post=8846"}],"version-history":[{"count":2,"href":"https:\/\/www.backwinkel.de\/blog\/wp-json\/wp\/v2\/posts\/8846\/revisions"}],"predecessor-version":[{"id":18952,"href":"https:\/\/www.backwinkel.de\/blog\/wp-json\/wp\/v2\/posts\/8846\/revisions\/18952"}],"wp:featuredmedia":[{"embeddable":true,"href":"https:\/\/www.backwinkel.de\/blog\/wp-json\/wp\/v2\/media\/8847"}],"wp:attachment":[{"href":"https:\/\/www.backwinkel.de\/blog\/wp-json\/wp\/v2\/media?parent=8846"}],"wp:term":[{"taxonomy":"category","embeddable":true,"href":"https:\/\/www.backwinkel.de\/blog\/wp-json\/wp\/v2\/categories?post=8846"},{"taxonomy":"post_tag","embeddable":true,"href":"https:\/\/www.backwinkel.de\/blog\/wp-json\/wp\/v2\/tags?post=8846"}],"curies":[{"name":"wp","href":"https:\/\/api.w.org\/{rel}","templated":true}]}}