{"id":8774,"date":"2022-03-07T09:45:59","date_gmt":"2022-03-07T08:45:59","guid":{"rendered":"https:\/\/www.backwinkel.de\/blog\/?p=8774"},"modified":"2026-04-22T15:55:12","modified_gmt":"2026-04-22T13:55:12","slug":"kita-garten","status":"publish","type":"post","link":"https:\/\/www.backwinkel.de\/blog\/kita-garten\/","title":{"rendered":"Ein Garten f\u00fcr den Kindergarten:"},"content":{"rendered":"\n<style type=\"text\/css\" data-created_by=\"avia_inline_auto\" id=\"style-css-av-1cb8hza-a8b6db09857717fad4b53247631ee838\">\n.flex_column.av-1cb8hza-a8b6db09857717fad4b53247631ee838{\nborder-radius:0px 0px 0px 0px;\npadding:0px 0px 0px 0px;\n}\n<\/style>\n<div  class='flex_column av-1cb8hza-a8b6db09857717fad4b53247631ee838 av_one_full  avia-builder-el-0  el_before_av_three_fifth  avia-builder-el-first  first flex_column_div av-zero-column-padding  '     ><p>\n<style type=\"text\/css\" data-created_by=\"avia_inline_auto\" id=\"style-css-av-1bwovo6-dec8640f6d0c7d66b3db71709b0f6bca\">\n#top .hr.hr-invisible.av-1bwovo6-dec8640f6d0c7d66b3db71709b0f6bca{\nmargin-top:0px;\nheight:1px;\n}\n<\/style>\n<div  class='hr av-1bwovo6-dec8640f6d0c7d66b3db71709b0f6bca hr-invisible  avia-builder-el-1  el_before_av_heading  avia-builder-el-first '><span class='hr-inner '><span class=\"hr-inner-style\"><\/span><\/span><\/div><br \/>\n\n<style type=\"text\/css\" data-created_by=\"avia_inline_auto\" id=\"style-css-av-l0c58tqb-e081989a69510c2a63aa441eb0ad5ca3\">\n#top .av-special-heading.av-l0c58tqb-e081989a69510c2a63aa441eb0ad5ca3{\npadding-bottom:10px;\n}\nbody .av-special-heading.av-l0c58tqb-e081989a69510c2a63aa441eb0ad5ca3 .av-special-heading-tag .heading-char{\nfont-size:25px;\n}\n.av-special-heading.av-l0c58tqb-e081989a69510c2a63aa441eb0ad5ca3 .av-subheading{\nfont-size:15px;\n}\n<\/style>\n<div  class='av-special-heading av-l0c58tqb-e081989a69510c2a63aa441eb0ad5ca3 av-special-heading-h1 blockquote modern-quote  avia-builder-el-2  el_after_av_hr  el_before_av_post_metadata  av-linked-heading'><h1 class='av-special-heading-tag '  >Ein Garten f\u00fcr den Kindergarten: So machen Sie Ihre Kinder zu kleinen G\u00e4rtnern <\/h1><div class='av-subheading av-subheading_below'><p class=\"autorenname\">Elisa Morel<\/p>\n<\/div><div class=\"special-heading-border\"><div class=\"special-heading-inner-border\"><\/div><\/div><\/div><br \/>\n\n<style type=\"text\/css\" data-created_by=\"avia_inline_auto\" id=\"style-css-av-5zfw0m-d0c4105e0022f6f90a068fd4250f7335\">\n#top .av-post-metadata-container.av-5zfw0m-d0c4105e0022f6f90a068fd4250f7335{\nfont-size:12px;\n}\n#top .av-post-metadata-container.av-5zfw0m-d0c4105e0022f6f90a068fd4250f7335 .av-post-metadata-container-inner{\nfont-size:12px;\n}\n<\/style>\n<div  class='av-post-metadata-container av-5zfw0m-d0c4105e0022f6f90a068fd4250f7335 av-metadata-container-align-left  avia-builder-el-3  el_after_av_heading  el_before_av_textblock  av-metadata-container-1'><div class='av-post-metadata-container-inner'><span class=\"av-post-metadata-content av-post-metadata-meta-content\"><span class=\"av-post-metadata-content av-post-metadata-modified\"><span class=\"av-metadata-before av-metadata-before-modified\">Aktualisiert:<\/span><span class=\"av-post-metadata-modified-date\" >22. April 2026<\/span><\/span><span class=\"av-post-metadata-content av-post-metadata-separator\">\/<\/span><span class=\"av-post-metadata-content av-post-metadata-modified\"><span class=\"av-metadata-before av-metadata-before-modified\">Zuletzt aktualisiert:<\/span><span class=\"av-post-metadata-modified-date\" >22. April 2026<\/span><\/span><\/span><\/div><\/div><br \/>\n\n<style type=\"text\/css\" data-created_by=\"avia_inline_auto\" id=\"style-css-av-19qdqh2-394babcc27fb17f1658e9bde351286eb\">\n#top .av_textblock_section.av-19qdqh2-394babcc27fb17f1658e9bde351286eb .avia_textblock{\nfont-size:20px;\n}\n<\/style>\n<section  class='av_textblock_section av-19qdqh2-394babcc27fb17f1658e9bde351286eb '  ><div class='avia_textblock' ><p>Naturerfahrungen sind f\u00fcr Kinder immer eine gute Idee. Umso besser, wenn dieses Erleben im Kita-Alltag m\u00f6glich ist. Mittlerweile gibt es viele Projekte und Vereine, die Kinderg\u00e4rten dabei unterst\u00fctzen, Garten-Kita zu werden.<\/p>\n<p>In diesem Beitrag erfahren Sie, wie Sie in Ihrer Einrichtung einen Garten gestalten und was Ihre Kinder davon haben. Zum Thema Bienenhaltung und Insektenhotels kommt ein Experte zu Wort: Sebastian, p\u00e4dagogische Fachkraft und Hobbyimker, der in einer Garten-Kita arbeitet.<\/p>\n<\/div><\/section><br \/>\n\n<style type=\"text\/css\" data-created_by=\"avia_inline_auto\" id=\"style-css-av-l0c5a29l-6cf7d1a4c9cb853237003222664caa9c\">\n.avia-image-container.av-l0c5a29l-6cf7d1a4c9cb853237003222664caa9c img.avia_image{\nbox-shadow:none;\n}\n.avia-image-container.av-l0c5a29l-6cf7d1a4c9cb853237003222664caa9c .av-image-caption-overlay-center{\ncolor:#ffffff;\n}\n<\/style>\n<div  class='avia-image-container av-l0c5a29l-6cf7d1a4c9cb853237003222664caa9c av-styling- avia-align-center  avia-builder-el-5  el_after_av_textblock  el_before_av_hr '  ><div class=\"avia-image-container-inner\"><div class=\"avia-image-overlay-wrap\"><img decoding=\"async\" fetchpriority=\"high\" class='wp-image-8775 avia-img-lazy-loading-not-8775 avia_image ' src=\"https:\/\/www.backwinkel.de\/blog\/wp-content\/uploads\/2022\/03\/backwinkel-blog-ein-garten-fuer-den-kindergarten.jpg\" alt='' title='backwinkel-blog-ein-garten-fuer-den-kindergarten'  height=\"628\" width=\"1200\"  \/><\/div><\/div><\/div><br \/>\n\n<style type=\"text\/css\" data-created_by=\"avia_inline_auto\" id=\"style-css-av-17p99ye-e850b3adf6a479d0a73c59e85fdb3ac3\">\n#top .hr.hr-invisible.av-17p99ye-e850b3adf6a479d0a73c59e85fdb3ac3{\nheight:5px;\n}\n<\/style>\n<div  class='hr av-17p99ye-e850b3adf6a479d0a73c59e85fdb3ac3 hr-invisible  avia-builder-el-6  el_after_av_image  el_before_av_textblock '><span class='hr-inner '><span class=\"hr-inner-style\"><\/span><\/span><\/div><br \/>\n\n<style type=\"text\/css\" data-created_by=\"avia_inline_auto\" id=\"style-css-av-15uoddi-0d4aad470360f33222513da2763862bd\">\n#top .av_textblock_section.av-15uoddi-0d4aad470360f33222513da2763862bd .avia_textblock{\nfont-size:10px;\n}\n<\/style>\n<section  class='av_textblock_section av-15uoddi-0d4aad470360f33222513da2763862bd '  ><div class='avia_textblock' ><p class=\"bildnennung-beitrag\" style=\"text-align: left;\">\u00a9 Halfpoint, Adobestock.com<\/p>\n<\/div><\/section><br \/>\n\n<style type=\"text\/css\" data-created_by=\"avia_inline_auto\" id=\"style-css-av-14ei5mu-4981c0b02640019dbb2843474bab1172\">\n#top .hr.hr-invisible.av-14ei5mu-4981c0b02640019dbb2843474bab1172{\nheight:20px;\n}\n<\/style>\n<div  class='hr av-14ei5mu-4981c0b02640019dbb2843474bab1172 hr-invisible  avia-builder-el-8  el_after_av_textblock  avia-builder-el-last '><span class='hr-inner '><span class=\"hr-inner-style\"><\/span><\/span><\/div><\/p><\/div>\n<style type=\"text\/css\" data-created_by=\"avia_inline_auto\" id=\"style-css-av-11h8ag6-9529dd58218add6e1599615de6dc49e9\">\n.flex_column.av-11h8ag6-9529dd58218add6e1599615de6dc49e9{\nborder-radius:0px 0px 0px 0px;\npadding:20px 20px 20px 20px;\nbackground-color:#f2f2f2;\n}\n<\/style>\n<div  class='flex_column av-11h8ag6-9529dd58218add6e1599615de6dc49e9 av_three_fifth  avia-builder-el-9  el_after_av_one_full  el_before_av_two_fifth  first flex_column_div  column-top-margin'     ><style type=\"text\/css\" data-created_by=\"avia_inline_auto\" id=\"style-css-av-zpyzfa-7e4575ebb871846e6a784efe7970740a\">\n#top .av_textblock_section.av-zpyzfa-7e4575ebb871846e6a784efe7970740a .avia_textblock{\nfont-size:14px;\n}\n<\/style>\n<section  class='av_textblock_section av-zpyzfa-7e4575ebb871846e6a784efe7970740a '  ><div class='avia_textblock' ><p><strong>Inhalt<\/strong><\/p>\n<p><strong><a href=\"#1\">1. Kinder und Natur <\/a><\/strong><\/p>\n<p><strong><a href=\"#2\">2. Einen Garten anlegen<\/a><\/strong><\/p>\n<p><strong><a href=\"#3\">3. Pflanzen f\u00fcr den Garten<\/a><\/strong><br \/>\n3.1. Kr\u00e4uter<br \/>\n3.2. Blumen<br \/>\n3.3. Gem\u00fcse<br \/>\n3.4. Obst<\/p>\n<p><strong><a href=\"#4\">4. Interview mit Erzieher Sebastian \u00fcber Bienenhaltung und Insektenhotels<\/a><\/strong><\/p>\n<\/div><\/section><\/div><\/p>\n\n<style type=\"text\/css\" data-created_by=\"avia_inline_auto\" id=\"style-css-av-xkjchi-32ac64dd539825882ef0e32d49d0471f\">\n.flex_column.av-xkjchi-32ac64dd539825882ef0e32d49d0471f{\nborder-radius:0px 0px 0px 0px;\npadding:0 0 0 0;\n}\n<\/style>\n<div  class='flex_column av-xkjchi-32ac64dd539825882ef0e32d49d0471f av_two_fifth  avia-builder-el-11  el_after_av_three_fifth  el_before_av_sidebar  flex_column_div av-zero-column-padding  column-top-margin'     ><\/div>\n<div  class='avia-builder-widget-area clearfix  avia-builder-el-12  el_after_av_two_fifth  el_before_av_one_full '><div id=\"text-33\" class=\"widget clearfix widget_text\">\t\t\t<div class=\"textwidget\"><p><a href=\"https:\/\/www.backwinkel.de\/nachhaltig-denken\/\" target=\"\\_blank\" rel=\"noopener\"><br \/>\n<img decoding=\"async\" class=\"werbung-desktop alignnone wp-image-4186 size-full\" src=\"https:\/\/www.backwinkel.de\/blog\/wp-content\/uploads\/2026\/04\/Backwinkel-blog-werbebanner-shop-kita-schule_desktop.jpg\" alt=\"\" width=\"1251\" height=\"201\" \/><br \/>\n<\/a><br \/>\n<a href=\"https:\/\/www.backwinkel.de\/nachhaltig-denken\/\" target=\"\\_blank\" rel=\"noopener\"><br \/>\n<img decoding=\"async\" class=\"werbung-mobile alignnone wp-image-4187 size-full\" src=\"https:\/\/www.backwinkel.de\/blog\/wp-content\/uploads\/2026\/04\/Backwinkel-blog-werbebanner-shop-kiga-schule_mobile.jpg\" alt=\"\" width=\"550\" height=\"500\" \/><br \/>\n<\/a><\/p>\n<\/div>\n\t\t<\/div><\/div>\n\n<style type=\"text\/css\" data-created_by=\"avia_inline_auto\" id=\"style-css-av-305d3a-6f7ee9178c91940314270aba7441bc44\">\n.flex_column.av-305d3a-6f7ee9178c91940314270aba7441bc44{\nborder-radius:0px 0px 0px 0px;\npadding:0px 0px 0px 0px;\n}\n<\/style>\n<div  class='flex_column av-305d3a-6f7ee9178c91940314270aba7441bc44 av_one_full  avia-builder-el-13  el_after_av_sidebar  el_before_av_one_full  first flex_column_div av-zero-column-padding  '     ><section  class='av_textblock_section av-tf3bxi-d99fb91845be19afe83dba6179ba2f80 '  ><div class='avia_textblock' >\n<style type=\"text\/css\" data-created_by=\"avia_inline_auto\" id=\"style-css-av-qtuuli-df27e7f1bbf0bdf8a61dffa969d0731c\">\n#top .hr.hr-invisible.av-qtuuli-df27e7f1bbf0bdf8a61dffa969d0731c{\nheight:20px;\n}\n<\/style>\n<div  class='hr av-qtuuli-df27e7f1bbf0bdf8a61dffa969d0731c hr-invisible  avia-builder-el-15  avia-builder-el-no-sibling '><span class='hr-inner '><span class=\"hr-inner-style\"><\/span><\/span><\/div>\n<h2 id=\"1\" class=\"position\">Kinder und Natur<\/h2>\n<p>Wie wichtig Naturerfahrungen schon f\u00fcr die Kleinsten sind, k\u00f6nnen Sie in vielen Studien und auch einigen unserer Blogbeitr\u00e4ge nachlesen. Was liegt also noch n\u00e4her, als Kinder in die Natur zu bringen? Richtig \u2013 die Natur zu den Kindern zu holen.<\/p>\n<p>Und auch, wenn man sich nicht direkt einen eigenen Zoo anschaffen will und kann, gibt es viele Alternativen, um Kindern im Kita-Alltag viel Kontakt mit der Natur zu erm\u00f6glichen. Schon durch die Anlage eines kleinen Beetes k\u00f6nnen die Kinder viel lernen und au\u00dferdem selbstwirksam aktiv werden. Umso sch\u00f6ner, wenn es dann auch sp\u00e4ter etwas zu ernten gibt, das man entweder direkt probieren oder weiterverarbeiten kann.<\/p>\n<\/div><\/section><\/div>\n\n<style type=\"text\/css\" data-created_by=\"avia_inline_auto\" id=\"style-css-av-pwr5d2-f023e3daeabfb3d13c20d8f70e90ccb3\">\n.flex_column.av-pwr5d2-f023e3daeabfb3d13c20d8f70e90ccb3{\nborder-radius:0px 0px 0px 0px;\npadding:0px 0px 0px 0px;\n}\n<\/style>\n<div  class='flex_column av-pwr5d2-f023e3daeabfb3d13c20d8f70e90ccb3 av_one_full  avia-builder-el-16  el_after_av_one_full  el_before_av_one_full  first flex_column_div av-zero-column-padding  column-top-margin'     ><section  class='av_textblock_section av-nvez2e-1faae6650e333959b34d6006d4158537 '  ><div class='avia_textblock' >\n<style type=\"text\/css\" data-created_by=\"avia_inline_auto\" id=\"style-css-av-mv93s6-500ad8115bbd84a8ed0c8edb52444f5e\">\n#top .hr.hr-invisible.av-mv93s6-500ad8115bbd84a8ed0c8edb52444f5e{\nheight:20px;\n}\n<\/style>\n<div  class='hr av-mv93s6-500ad8115bbd84a8ed0c8edb52444f5e hr-invisible  avia-builder-el-18  avia-builder-el-no-sibling '><span class='hr-inner '><span class=\"hr-inner-style\"><\/span><\/span><\/div>\n<h2 id=\"2\" class=\"position\">Einen Garten anlegen<\/h2>\n<p>Ein guter Garten will nat\u00fcrlich geplant sein. Legen Sie daher zuerst Standort und Gr\u00f6\u00dfe sowie Budget fest. Davon ausgehend kommen Sie dann zu den Details der weiteren Gestaltung:<\/p>\n<ul>\n<li>F\u00fcr wie viele Beete ist Platz bzw. wie gro\u00df sollen die einzelnen Beete sein?<\/li>\n<li>Reicht der Platz f\u00fcr eine Naschhecke?<\/li>\n<li>Wollen wir auch einen Kompost anlegen, damit wir unseren eigenen nat\u00fcrlichen D\u00fcnger haben?<\/li>\n<li>K\u00f6nnen wir auch noch einen Baum pflanzen?<\/li>\n<li>Wollen wir nur Essbares f\u00fcr uns oder auch f\u00fcr Insekten und V\u00f6gel?<\/li>\n<\/ul>\n<p>Wie auch immer Sie sich entscheiden: Es muss nicht perfekt sein. Und kein Plan ist in Stein gemei\u00dfelt. Wenn Sie entscheiden, 10 kleine Beete mit genauso vielen Gem\u00fcsesorten anzulegen und nach ein paar Wochen merken, dass der Arbeitsaufwand gr\u00f6\u00dfer ist als gedacht oder manche Gem\u00fcsesorten aus irgendwelchen Gr\u00fcnden nicht der Renner sind, haben Sie im Folgejahr eben mehr Platz f\u00fcr eine Wildblumenwiese. Nat\u00fcrlich m\u00fcssen Sie auch nicht direkt alles umsetzen, was die Kinder und Sie selbst sich vielleicht vorstellen: Im Winter haben Sie genug Zeit, um beispielsweise mit den Kindern ein Insektenhotel zu bauen, das Sie dann gemeinsam im Fr\u00fchling einweihen.<\/p>\n<p>Erlaubt ist, was gef\u00e4llt. Verzichten Sie jedoch auf giftige Pflanzen und Pestizide \/ Herbizide. Ja, Brombeeren haben Stacheln und wachsen wie Unkraut. Lecker sind sie trotzdem, auch wenn eine Himbeerhecke schlauer sein mag. Und dass Kakteen und Disteln vielleicht nicht die kindgerechteste Wahl sind, wissen Sie selbst. Fangen Sie also einfach an, wenn Sie schon l\u00e4nger mit dem Gedanken an einen Kindergarten-Garten lieb\u00e4ugeln. Ausbauen und umstrukturieren k\u00f6nnen Sie sp\u00e4ter immer noch.<\/p>\n<\/div><\/section><\/div>\n\n<style type=\"text\/css\" data-created_by=\"avia_inline_auto\" id=\"style-css-av-2vhwm-76c92d1eeb6f479afbc51ba58215476a\">\n.flex_column.av-2vhwm-76c92d1eeb6f479afbc51ba58215476a{\nborder-radius:0px 0px 0px 0px;\npadding:0px 0px 0px 0px;\n}\n<\/style>\n<div  class='flex_column av-2vhwm-76c92d1eeb6f479afbc51ba58215476a av_one_full  avia-builder-el-19  el_after_av_one_full  el_before_av_one_full  first flex_column_div av-zero-column-padding  column-top-margin'     ><section  class='av_textblock_section av-l0c5tbm2-bdd8f1249dc09d5cf35bbde8216ccf19 '  ><div class='avia_textblock' >\n<style type=\"text\/css\" data-created_by=\"avia_inline_auto\" id=\"style-css-av-5tpww6-6d72e8967fc9ddcfc7515fb9cfec0fb3\">\n#top .hr.hr-invisible.av-5tpww6-6d72e8967fc9ddcfc7515fb9cfec0fb3{\nheight:20px;\n}\n<\/style>\n<div  class='hr av-5tpww6-6d72e8967fc9ddcfc7515fb9cfec0fb3 hr-invisible  avia-builder-el-21  avia-builder-el-no-sibling '><span class='hr-inner '><span class=\"hr-inner-style\"><\/span><\/span><\/div>\n<h2 id=\"3\" class=\"position\">Pflanzen f\u00fcr den Garten<\/h2>\n<p>Prinzipiell k\u00f6nnen Sie in Ihrem Kita-Garten nat\u00fcrlich alles anbauen, was auch in einem Schrebergarten oder auf einem Feld m\u00f6glich ist. Besonders viel Spa\u00df macht das Ganze, wenn die Kinder die Fr\u00fcchte ihrer Arbeit anschlie\u00dfend auch verzehren k\u00f6nnen. So bekommen sie gleichzeitig einen besseren Zugang zum Thema Ern\u00e4hrung und Herkunft von Lebensmitteln und gleichzeitig die eine oder andere gesunde Mahlzeit.<\/p>\n<p>Generell sind anspruchslosere Pflanzen nat\u00fcrlich pflegeleichter. Au\u00dferdem ist es toll, wenn die Kinder regelm\u00e4\u00dfig Verschiedenes ernten k\u00f6nnen und z. B. nicht nur einmal j\u00e4hrlich Kartoffeln ausgraben k\u00f6nnen, in die man dann auch nicht sofort genussvoll bei\u00dfen kann wie in Erdbeeren oder Himbeeren.<\/p>\n<p>Machen Sie sich daher vorher schlau \u00fcber Pflege und Wachstumszeit. Wie vielf\u00e4ltig Sie Ihre Pflanzenauswahl gestalten, kann nat\u00fcrlich auch von Jahr zu Jahr variieren. Das ist nicht nur f\u00fcr den Boden gut, sondern auch spannend f\u00fcr die Kinder.<\/p>\n<p>Sammeln Sie vorher gemeinsam Ideen: Was w\u00fcnschen sich die Kinder, was eher nicht? Haben sie auch Gr\u00fcnde daf\u00fcr? Damit die Kleinen und Kleinsten Spa\u00df am G\u00e4rtnern haben, sollten Sie ihre W\u00fcnsche nat\u00fcrlich ber\u00fccksichtigen.<\/p>\n<p>Trotzdem k\u00f6nnen Sie zus\u00e4tzlich eine \u00dcberraschungsecke anlegen und nicht verraten, was dort gepflanzt wird. Vielleicht erraten die Kinder es ja, bevor die Frucht reif ist? So k\u00f6nnen Sie es z. B. auch zum Ritual machen, regelm\u00e4\u00dfig die (noch oder allgemein) unbekannten Pflanzen zu besuchen und mit den Kindern nach Anhaltspunkten und Ver\u00e4nderungen zu suchen.<\/p>\n<p>Daf\u00fcr eignen sich nicht nur Kindern eher unbekannte Pflanzen wie Artischocken und Meerrettich, sondern auch Klassiker, die die wenigsten in ihrem nat\u00fcrlichen Zustand kennen. Gem\u00fcse wie Wei\u00dfkohl und Rote Bete haben die meisten Kinder schon gegessen \u2013 allerdings eher als Sauerkraut \/ Krautsalat oder rote Kugeln und geriffelte Scheiben im Glas. Umso interessanter ist es, herauszufinden, wie durch Weiterverarbeitungsprozesse aus dem urspr\u00fcnglichen Gem\u00fcse das wird, was wir im Supermarkt als Konserve kaufen.<\/p>\n<h3>Kr\u00e4uter<\/h3>\n<p>Petersilie, Schnittlauch, Basilikum, Thymian, Rosmarin, Minze und noch viel mehr: Kr\u00e4uter sind schnell erntebereit und das Highlight f\u00fcr viele verschiedene frische Snacks. Nat\u00fcrlich eignen sie sich auch f\u00fcr Spiele zur Wahrnehmungsf\u00f6rderung: Wer erkennt welche Pflanze durch Tasten, Riechen oder Schmecken?<\/p>\n<p>Da Kr\u00e4uter auch auf kleiner Fl\u00e4che angebaut werden k\u00f6nnen und nicht unbedingt ein Pl\u00e4tzchen im Garten brauchen, k\u00f6nnen Sie nat\u00fcrlich auch Blumenk\u00e4sten oder T\u00f6pfe auf Fensterb\u00e4nken in kleine Kr\u00e4uterparadiese verwandeln.<\/p>\n<h3>Blumen<\/h3>\n<p>Wildblumenwiesen werden gl\u00fccklicherweise immer popul\u00e4rer, denn sie f\u00f6rdern die Biodiversit\u00e4t und k\u00f6nnen dem Insektensterben entgegenwirken. Wenn sie in Ihrem Garten also ein Eckchen \u00fcbrig haben, s\u00e4en Sie einfach Wildblumen aus und warten ab, welche Besucher sich einstellen.<\/p>\n<p>Kinder haben viel Vergn\u00fcgen daran, Tiere zu beobachten \u2013 auch Schmetterlinge oder Kellerasseln. In einer Wildblumenwiese gibt es eine Menge zu entdecken, von Insekten \u00fcber Amphibien hin zu unterirdischen Lebewesen.<\/p>\n<p>Und auch Hagebutten kennen heutzutage viele Menschen nur noch aus aromatisierten Teebeuteln. Wenn Sie sich dazu entscheiden, ein paar dieser Str\u00e4ucher zu pflanzen, k\u00f6nnen Sie die Fr\u00fcchte gemeinsam zu Marmelade verarbeiten oder mal ausprobieren, wie so ein Tee aus Hagebutten eigentlich schmecken kann.<\/p>\n<p>Auch L\u00f6wenzahn und Sauerampfer sind essbar und gesund, auch wenn das heutzutage viele j\u00fcngere Menschen nicht mehr wissen. Und die Pflanzen, die sich weder zu Tee verarbeiten noch in irgendeiner Form essen lassen, k\u00f6nnen Ihre Kinder immer noch sammeln, abmalen, pressen, mittels der Durchreibetechnik zu Papier bringen oder verbasteln, z. B. zu Collagen, dekorativen Str\u00e4u\u00dfchen oder laminierten Platzdeckchen.<\/p>\n<h3>Gem\u00fcse<\/h3>\n<p>Auch hier sind der Fantasie kaum Grenzen gesetzt: In unseren Breitengraden gedeiht eine Vielzahl an Gem\u00fcsesorten. Ein eigener Garten ist eine prima Gelegenheit f\u00fcr Kinder, um Gem\u00fcse kennenzulernen, das entweder weniger bekannt oder bereits in Vergessenheit geraten ist (z. B. Mangold).<\/p>\n<p>Auch f\u00fcr vermeintlich unbeliebtere Sorten wie Kohlrabi oder Rosenkohl gibt es schmackhafte Gerichte. Und wenn man manches auch nicht essen mag, so macht es doch immer Spa\u00df, es wachsen zu sehen und mehr dar\u00fcber zu lernen.<\/p>\n<h3>Obst<\/h3>\n<p>Probieren Sie mit Ihren Kindern diesen Fr\u00fchling mal was Neues: Bananenstauden, Granat\u00e4pfel und Feigen wachsen auch in Nordeuropa und Beerenstr\u00e4ucher sind schneller erntebereit als ein frisch gepflanzter Kirsch- oder Apfelbaum.<\/p>\n<p>Damit die Kinder schneller Erfolge feiern k\u00f6nnen, lohnt sich ein Besuch in der G\u00e4rtnerei oder auch im Baumarkt. Dort k\u00f6nnen Sie sich nicht nur beraten lassen (u. a. auch dar\u00fcber, wann Sie zum ersten Mal ernten k\u00f6nnen), sondern auch gleich ein paar kleine B\u00e4umchen mitnehmen, anstatt die Samen selbst zu pflanzen. Manche der B\u00e4ume wachsen auch im K\u00fcbel, so dass Sie nicht \u00fcber Unmengen an Platz verf\u00fcgen m\u00fcssen, um Ihren Kindern gesunde Nascherei direkt vom Baum oder Strauch zu bieten.<\/p>\n<\/div><\/section><\/div>\n\n<style type=\"text\/css\" data-created_by=\"avia_inline_auto\" id=\"style-css-av-3lfe92-05d6d1f3a56b3577bf51fa9786506f80\">\n.flex_column.av-3lfe92-05d6d1f3a56b3577bf51fa9786506f80{\nborder-radius:0px 0px 0px 0px;\npadding:0px 0px 0px 0px;\n}\n<\/style>\n<div  class='flex_column av-3lfe92-05d6d1f3a56b3577bf51fa9786506f80 av_one_full  avia-builder-el-22  el_after_av_one_full  el_before_av_hr  first flex_column_div av-zero-column-padding  column-top-margin'     ><section  class='av_textblock_section av-l0c5uvcl-9f99ce396c9a17638f0a797e0dcef174 '  ><div class='avia_textblock' >\n<style type=\"text\/css\" data-created_by=\"avia_inline_auto\" id=\"style-css-av-200s3q-8b5c50705bd0b2f9344993719ae93e98\">\n#top .hr.hr-invisible.av-200s3q-8b5c50705bd0b2f9344993719ae93e98{\nheight:20px;\n}\n<\/style>\n<div  class='hr av-200s3q-8b5c50705bd0b2f9344993719ae93e98 hr-invisible  avia-builder-el-24  avia-builder-el-no-sibling '><span class='hr-inner '><span class=\"hr-inner-style\"><\/span><\/span><\/div>\n<h2 id=\"4\" class=\"position\">Interview mit Erzieher Sebastian \u00fcber Bienenhaltung und Insektenhotels<\/h2>\n<p>Gl\u00fccklicherweise k\u00f6nnen wir zum Thema Bienenhaltung und Insektenhotels auf einen Experten zur\u00fcckgreifen und eine ganze Menge von ihm lernen \u2013 z. B., dass Bienenhaltung als Laie nur in Kooperation mit Imkern eine gute Idee ist. Sebastian ist p\u00e4dagogische Fachkraft in einem Kindergarten in Bochum und erz\u00e4hlt von seinen Erfahrungen in der Garten-Kita. Lesen Sie im Folgenden das komplette Interview.<\/p>\n<p><strong>Wie seid ihr auf die Idee gekommen, Garten-Kita zu werden? <\/strong><\/p>\n<p>Wir hatten schon davon geh\u00f6rt, haben dann abgestimmt und alle im Team waren daf\u00fcr. Gl\u00fccklicherweise haben wir von einem Elternteil geh\u00f6rt, dass ein bekanntes, in Bochum ans\u00e4ssiges Wohnungsunternehmen anbietet, Bildungseinrichtungen zu sponsern, die solche Projekte umsetzen wollen. Es gibt da z. B. ein ganz tolles Bildungsprogramm von Acker e. V., die Gem\u00fcseAckerdemie, um Kindern die Natur n\u00e4herzubringen, damit sie lernen, wo unsere Nahrung herkommt.<\/p>\n<p><strong>Welche Pflanzen baut ihr an und wie finden die Kinder das? <\/strong><\/p>\n<p>Bei uns gibt es Tomaten, Mais, Zwiebeln, K\u00fcrbis, verschiedene Salat- und Kartoffelsorten. Den Kindern gef\u00e4llt das G\u00e4rtnern sehr. Schon die Kleinsten mulchen, die Gr\u00f6\u00dferen harken, pflanzen ein und ernten. Nat\u00fcrlich haben wir so auch direkten Zugang zu gesundem Essen, das wir gemeinsam zubereiten.<\/p>\n<p><strong>Gibts bei euch auch Tiere? <\/strong><\/p>\n<p>Wir haben Bienen! Ich bin seit Jahren Hobbyimker und war schon l\u00e4nger daf\u00fcr, auch f\u00fcr die Kita Bienen anzuschaffen. Mittlerweile sind wir in der zweiten Saison und die Vorschulkinder machen bei mir den \u00bbKleinen Bienenf\u00fchrerschein\u00ab, nachdem sie den richtigen Umgang mit den Tierchen gelernt haben \u2013 nat\u00fcrlich in Schutzausr\u00fcstung.<\/p>\n<p>Wir haben mit einem Volk angefangen, dieses Jahr kommt ein zweites hinzu. Somit habe ich mittlerweile einen zweiten Standort f\u00fcr meine Bienen und die Kinder haben Spa\u00df.<\/p>\n<p><strong>Gab es bei den Eltern Vorbehalte gegen die Anschaffung der Bienen? <\/strong><\/p>\n<p>Wenig, aber klar, Vorbehalte gibt es meistens. Die gr\u00f6\u00dfte Sorge ist immer, dass die Bienen die Kinder stechen. Aber erstens sind Bienen friedliche Tiere, zweitens lernen die Kinder den richtigen Umgang mit ihnen, drittens stehen die Bienen ein wenig abseits drau\u00dfen und ihre Einflugschneise liegt nicht im Spielbereich der Kinder, viertens tragen die Kinder Schutzausr\u00fcstung und n\u00e4hern sich f\u00fcnftens dem Bienenstock nicht unbeaufsichtigt.<\/p>\n<p>Bei uns wurde noch kein Kind gestochen. Und wenn das doch mal passieren sollte, sind die Kinder bei uns nat\u00fcrlich in den besten H\u00e4nden und werden optimal versorgt \u2013 auch, wenn sie allergisch sein sollten, ohne dass das vorher bekannt war.<\/p>\n<p>\u00dcbrigens sind nur 1 \u2013 5 % der Bev\u00f6lkerung allergisch gegen Bienengift. Die Angst vor stechenden Bienen ist in der Regel unbegr\u00fcndet, das sind ja keine Wespen. Manchmal, wenn ich mit solchen Bedenken konfrontiert werde, frage ich mich: Wie haben wir fr\u00fcher blo\u00df \u00fcberlebt?<\/p>\n<p><strong>Wie hast du die Kinder auf den Umgang mit den Bienen vorbereitet? <\/strong><\/p>\n<p>Na ja, die Biene Maja kennen fast alle. Ich habe \u00fcbrigens die Erfahrung gemacht, dass kleine Kinder zu allen fliegenden Insekten erstmal \u00bbBiene\u00ab sagen, auch wenn es eine Fliege oder Wespe ist. Und leider haben viele Kinder Angst vor Bienen, weil sie glauben, dass sie gestochen werden. Diese Angst ist ja auch evolution\u00e4r bedingt und hat somit ihren Sinn. Also geht es erstmal darum, den Kindern ihre irrationale Angst zu nehmen. In der Regel lernen sie schnell, dass Bienen etwas anderes als Wespen und nicht aggressiv sind. Wenn Kinder aber partout nicht mit den Bienen umgehen wollen, m\u00fcssen sie das nat\u00fcrlich auch nicht.<\/p>\n<p>Es gibt auch viele tolle B\u00fccher rund um die Biene, z. B. \u00bbDas Buch der Biene\u00ab von Charlotte Miller. So k\u00f6nnen die Kinder die Biene erstmal n\u00e4her kennenlernen, ohne direkten Kontakt mit dem Bienenvolk zu haben.<\/p>\n<p>Bei uns stehen die Bienen hinter einer Absperrung mit ungef\u00e4hr zwei Meter Abstand. Ich habe zum Einstieg alle Kinder, auch die ganz Kleinen, zu den Bienen mitgenommen und ihnen gesagt, dass sie hinter dieser Absperrung bleiben m\u00fcssen, weil die Bienen sonst vielleicht Angst bekommen und stechen. N\u00e4her dran d\u00fcrfen sie nur im Schutzanzug mit mir zusammen und auch das nur in kleinen Gruppen von maximal drei Kindern. Und dann habe ich einen Rahmen aus dem Stock geholt und den Kindern gezeigt. Das fanden sie nat\u00fcrlich ganz spannend, allein schon, weil sie nicht mit so vielen Tieren gerechnet h\u00e4tten und die Waben erkennen konnten. Und das Summen finden sie alle sch\u00f6n. Eigentlich hilft mir die nat\u00fcrliche Neugier der Kinder am meisten dabei, sie zu Bienenfreunden zu machen.<\/p>\n<p><strong>Welche Verhaltensregeln sind im Umgang mit Bienen wichtig? <\/strong><\/p>\n<p>Ruhe und Respekt bewahren und nicht in den Bienenstock atmen, denn neben Wespen sind Warmbl\u00fcter die gr\u00f6\u00dften Feinde der Bienen. Starke Ger\u00fcche wie Parf\u00fcm und Schwei\u00df m\u00f6gen Bienen auch nicht besonders. Und wenn man am Bienenstock arbeitet, braucht man auch ein wenig Fingerspitzengef\u00fchl, um die Tiere nicht zu verletzen. Das mache ich daher nur mit unseren \u00e4ltesten Kindern. Mit der Zeit lernt man selbstverst\u00e4ndlich auch, das Verhalten der Bienen zu verstehen.<\/p>\n<p><strong>Welche Genehmigungen oder Zertifikate braucht man f\u00fcr die Bienenhaltung? <\/strong><\/p>\n<p>Honigbienen stehen zwar unter Artenschutz, aber man braucht keine speziellen Genehmigungen. Bienen d\u00fcrfen \u00fcberall stehen. An \u00f6ffentlichen Pl\u00e4tzen kann die Stadt gewisse Vorgaben machen, z. B. bez\u00fcglich Haltung oder Rasse. Nat\u00fcrlich muss man wegen des Seuchenschutzes den Standort der Bienen anmelden. Ich empfehle immer, sich vorher beim ortsans\u00e4ssigen Imkerverein zu informieren und eine Kooperation anzustreben.<\/p>\n<p><strong>Ich kann mir vorstellen, dass die Ausr\u00fcstung recht umfangreich und teuer ist. Stimmt das? <\/strong><\/p>\n<p>Ja. Wenn man sich wirklich \u00fcber Jahre um ein Bienenvolk oder sogar mehrere k\u00fcmmert, braucht man einiges an Ausr\u00fcstung. So ein Bienenvolk kann hundert Jahre alt werden, weil es sich st\u00e4ndig reproduziert, aber daf\u00fcr muss man viel wissen und tun. Ich habe in meiner ersten Saison ca. 2.500 \u20ac Kosten gehabt, und das nur f\u00fcr das elementare Zubeh\u00f6r. Honigt\u00f6pfe, Honigschleudern, Honigeimer, R\u00fchrer, Entdeckler usw. habe ich mir noch gar nicht angeschafft.<\/p>\n<p>Auf jeden Fall braucht man eine Beute, also einen Bienenstock oder -korb. Dazu Ableger, um ein neues Volk zu gr\u00fcnden. In den Beuten sind B\u00f6den, Zargen und R\u00e4hmchen, au\u00dferdem braucht man einen Innen- und einen Au\u00dfendeckel. Zus\u00e4tzlich Stroh, Styropor oder Kunststoff, um den Kasten zu d\u00e4mmen, und man muss zuf\u00fcttern. Daf\u00fcr braucht man spezielle Zuckerl\u00f6sungen und Futtertaschen oder Futterzargen. Au\u00dferdem muss man dreimal j\u00e4hrlich mithilfe organischer S\u00e4uren die Varroa-Behandlungen gegen Milben durchf\u00fchren. Einen Untersatz braucht man auch, damit die St\u00f6cke bel\u00fcftet sind. Ich nutze daf\u00fcr Paletten. Dann braucht man einen Smoker (eine Art Dose mit Blasebalg) f\u00fcr die Arbeit am Stock, und nat\u00fcrlich Schutzanz\u00fcge: einen Hut mit Netz, Handschuhe. Ein Stockmei\u00dfel ist n\u00fctzlich, um z. B. die R\u00e4hmchen vorsichtig zu l\u00f6sen, das geht aber notfalls auch mit einem Schraubendreher.<\/p>\n<p><strong>Erntet ihr auch Honig? <\/strong><\/p>\n<p>Daf\u00fcr m\u00fcssen die Bienen erst mal gut \u00fcber den Winter kommen. Generell kann man zweimal im Jahr ernten, Fr\u00fchtracht und Sp\u00e4ttracht. Viele Imker machen das nur noch einmal j\u00e4hrlich, um die Bienen urspr\u00fcnglicher zu halten und ihnen nicht so viel von ihren Vorr\u00e4ten zu nehmen. Daf\u00fcr braucht man nat\u00fcrlich auch das n\u00f6tige Werkzeug. Den Honig kann man essen oder aufgrund seiner antibiotischen und antimykotischen Wirkung auf kleine Kratzer schmieren, um die Wundheilung nat\u00fcrlich zu unterst\u00fctzen.<\/p>\n<p>Wir ernten au\u00dferdem einmal im Jahr Wachs. Das ist anfangs nur wenig, aber es reicht schon f\u00fcr ein paar selbstgemachte Teelichter. Und auch Propolis kann man ernten, das ist auch recht beliebt in der Kosmetikbranche und wird von den Bienen als Baumaterial produziert.<\/p>\n<p><strong>Was lernen die Kinder durch den Umgang mit den Bienen? <\/strong><\/p>\n<p>Eine ganze Menge! Den richtigen und ruhigen Umgang mit Wildtieren zum Beispiel. Sie lernen, dass sie keine Angst haben m\u00fcssen, aber auch nicht den Respekt verlieren d\u00fcrfen. Au\u00dferdem erleben sie quasi live, wie Wachs und Honig produziert werden.<\/p>\n<p>Und auch der Jahresrhythmus mit allen saisonalen Unterschieden l\u00e4sst sich gut anhand eines Bienenvolks verfolgen: Wenn die Bienen fliegen, ist der Fr\u00fchling gekommen. Wenn der Honig fertig ist, haben wir Sommer. Wenn weniger Bienen fliegen, wird es Herbst. Und wenn man keine Bienen mehr fliegen sieht, ist es Winter, denn dann sind alle drinnen und kuscheln.<\/p>\n<p>Dar\u00fcber hinaus lernen die Kinder nat\u00fcrlich, wie wichtig Bienen f\u00fcr das \u00d6kosystem und auch f\u00fcr unsere Nahrung sind, weil sie Pflanzen best\u00e4uben. Und die Kinder sind hellauf begeistert von den Bienen, fragen mich dauernd, ob ich mit ihnen nach drau\u00dfen zu den Tieren gehe, lauschen dem Summen, beobachten. Unser Bienenvolk ist quasi ein Aquarium ohne Wasser und f\u00fcr die Kinder ein tolles Erlebnis. Wie viele Kinder haben schon das Gl\u00fcck, mit Bienen in Kontakt zu kommen?<\/p>\n<p><strong>Wie viel Arbeit macht so ein Bienenvolk? <\/strong><\/p>\n<p>Im Alltag wenig. In der Regel eine Kontrolle w\u00f6chentlich, ob alles okay ist. Dann gibt es nat\u00fcrlich die Varroa-Behandlungen gegen Milben, die Honigernte, das Zuf\u00fcttern, die Vorbereitungen zum \u00dcberwintern. Dabei k\u00f6nnen ans\u00e4ssige Imker helfen, denn die haben die n\u00f6tige Ausr\u00fcstung und das Fachwissen. Selbst, wenn man keinen Honig ernten will, muss man das Bienenvolk hegen. Man kann diese domestizierten Tiere nicht einfach sich selbst \u00fcberlassen. Das \u00fcberleben sie nicht.<\/p>\n<p><strong>Was r\u00e4tst du Einrichtungen, die \u00fcberlegen, sich selbst ein Bienenvolk anzuschaffen? Wahrscheinlich sind die wenigsten Erziehenden nebenbei Imker wie du. <\/strong><\/p>\n<p>Ich rate jedem, mit dem Imkerverein vor Ort zusammenzuarbeiten. Das sind Profis, die in der Regel auch gerne bereit sind, eines ihrer V\u00f6lker auf das Gel\u00e4nde der Kita zu stellen, denn prinzipiell darf man \u00fcberall Bienen halten, allein schon aus Artenschutzgr\u00fcnden. Da kann man also einfach mal anfragen, wie eine Zusammenarbeit aussehen k\u00f6nnte. Auch die Videos von Dr. Pia Aumeier sind hilfreich, um sich dem Thema erst mal anzun\u00e4hern. Wie viele andere Imker und Hobbyimker bietet sie auch Seminare an, in denen man sein eigenes Bienenvolk aufbaut.<\/p>\n<p>Bienenhaltung ist sehr komplex und auch wenn man alles richtig macht, kann es sein, dass das Volk stirbt, z. B. aufgrund von Milben oder Schimmel. Das ist nat\u00fcrlich keine sch\u00f6ne Erfahrung. Man braucht also Vorwissen oder einen Fachmann, eine Fachfrau an Bord. Au\u00dferdem k\u00f6nnen sich die Imker auch in den Ferien um die Tiere k\u00fcmmern und den besten Standort auf dem Gel\u00e4nde bestimmen. Der sollte n\u00e4mlich z. B. weder zu schattig noch zu sonnig sein, und auch nicht ganz windstill. Und nat\u00fcrlich m\u00fcssen die Bienen auch frei fliegen k\u00f6nnen, ohne ihre Einflugschneise z. B. direkt \u00fcber dem Sandkasten zu haben. Generell rate ich auch davon ab, sich f\u00fcr teures Geld ein Bienenvolk zu mieten. Die meisten Imker freuen sich einfach, einen zus\u00e4tzlichen Standplatz f\u00fcr ihre V\u00f6lker zu haben und teilen gern ihr Wissen.<\/p>\n<p>Nat\u00fcrlich muss man auch die Eltern miteinbeziehen, um eventuelle Vorbehalte zu zerstreuen. Und man muss sich dar\u00fcber im Klaren sein, dass Bienenhaltung ein Langzeitprojekt ist: Bis man wirklich Honig und Wachs ernten kann, vergehen ein paar Jahre, und es kann immer etwas schiefgehen. Auch erfahrene Imker verlieren immer wieder Bienenv\u00f6lker, z. B. durch die Amerikanische Faulbrut oder den schon erw\u00e4hnten Milbenbefall oder Schimmel.<\/p>\n<p><strong>Hast du vielleicht auch Tipps zum Bau eines Insektenhotels, wenn man nicht direkt mit einem Bienenstock loslegen will? <\/strong><\/p>\n<p>Ja, ich habe auch schon selbst welche gebaut. Da gibt es ja ganz viele unterschiedliche Varianten. Ich bin pers\u00f6nlich der Meinung, dass jeder Garten ein Insektenhotel braucht, und dass man Schotterg\u00e4rten verbieten sollte.<\/p>\n<p>Am einfachsten ist es, wenn man zuf\u00e4llig einen Baum auf dem Gel\u00e4nde f\u00e4llt oder schon gef\u00e4llt hat, den Stumpf nicht auszugraben, sondern ca. einen Meter stehenzulassen. Da kann man dann mit der Bohrmaschine in einem Winkel von ein bisschen weniger als 90 Grad L\u00f6cher leicht schr\u00e4g nach oben bohren, bis fast zur Baummitte. So k\u00f6nnen die L\u00f6cher nicht mit Regenwasser volllaufen. An einer Seite kann man die Rinde entfernen. Dort siedeln sich dann Bienen an, an der Rindenseite andere Tierchen wie Ohrenkneifer \u2013 sch\u00f6n r\u00e4umlich getrennt, damit sie nicht die Puppen der Bienen fressen.<\/p>\n<p>Man bohrt generell immer von au\u00dfen nach innen, also immer gegen die Maserung, niemals l\u00e4ngs in den Stamm. Das gilt auch f\u00fcr andere Varianten. Denn sonst splittert das Holz und die Insekten bleiben mit ihren Fl\u00fcgeln daran h\u00e4ngen oder es dringt Feuchtigkeit ein und das Ganze schimmelt.<\/p>\n<p>Ich habe z. B. Paletten aufeinandergestellt und nach und nach mit Reisig und Stroh bef\u00fcllt. Am besten nimmt man neue Paletten, von denen man wei\u00df, woher sie kommen, also dass sie nicht mit Chemikalien oder Teer in Ber\u00fchrung gekommen sind.<\/p>\n<p>Man kann aber auch Tonr\u00f6hrchen basteln, was wirklich viel Arbeit ist. Meine R\u00f6hrchen sind mindestens 14 cm lang, haben ein Loch mit einem Durchmesser zwischen 3 und 9 Millimetern und sind am Ende geschlossen. Da gibt es ganz viele M\u00f6glichkeiten. Ich finde, Kinder haben auch ein Recht zu experimentieren. Wir probieren dieses Jahr mal ein Insektenhotel aus unterschiedlichen Strohhalmen aus und schauen dann mal, ob es bewohnt wird. Denn Insekten und Bienen f\u00fchlen sich ja z. B. auch in Fensterk\u00e4sten aus Plastik wohl.<\/p>\n<p>Ziegelsteine mit vorgebohrten L\u00f6chern bringen nichts, die werden von den Insekten nicht angenommen. Da kann man die Ziegel besser selbst anbohren, sodass die L\u00f6cher am hinteren Ende geschlossen bleiben. Ich w\u00fcrde auch nie ein fertiges Insektenhotel im Baumarkt kaufen. Viele dieser Hotels erf\u00fcllen nicht die Voraussetzungen, um von Insekten bewohnt zu werden, sondern z. B. eher die \u00e4sthetischen Erwartungen der Menschen. DIY ist au\u00dferdem billiger und man kann gemeinsam mit den Kindern basteln und werken.<\/p>\n<p><strong>Habt ihr weitere Pl\u00e4ne f\u00fcr eure Garten-Kita? <\/strong><\/p>\n<p>Auf jeden Fall! Wir wollen uns am liebsten bald H\u00fchner und Wachteln anschaffen. Und wir hoffen nat\u00fcrlich, dass unsere Bienen wachsen und gedeihen.<\/p>\n<p>Herzlichen Dank f\u00fcr das ausf\u00fchrliche Interview und die umfassenden Informationen.<\/p>\n<\/div><\/section><\/div>\n\n<style type=\"text\/css\" data-created_by=\"avia_inline_auto\" id=\"style-css-av-k0ujqe-c8afca377bd2ab9be8a343add97d1808\">\n#top .hr.av-k0ujqe-c8afca377bd2ab9be8a343add97d1808{\nmargin-top:10px;\nmargin-bottom:10px;\n}\n.hr.av-k0ujqe-c8afca377bd2ab9be8a343add97d1808 .hr-inner{\nwidth:500;\n}\n<\/style>\n<div  class='hr av-k0ujqe-c8afca377bd2ab9be8a343add97d1808 hr-custom  avia-builder-el-25  el_after_av_one_full  el_before_av_one_full  hr-left hr-icon-no'><span class='hr-inner inner-border-av-border-none'><span class=\"hr-inner-style\"><\/span><\/span><\/div>\n\n<style type=\"text\/css\" data-created_by=\"avia_inline_auto\" id=\"style-css-av-imo4va-c716038b943bf677525397ddf365e637\">\n.flex_column.av-imo4va-c716038b943bf677525397ddf365e637{\nborder-radius:0px 0px 0px 0px;\npadding:10px 10px 10px 10px;\nbackground-color:#f2f2f2;\n}\n<\/style>\n<div  class='flex_column av-imo4va-c716038b943bf677525397ddf365e637 av_one_full  avia-builder-el-26  el_after_av_hr  el_before_av_one_full  first flex_column_div  '     ><section  class='av_textblock_section av-hi6vg6-48cfb0f14b012c03cd2e3814a298382d '  ><div class='avia_textblock' ><p class=\"fussnoten-quellen\"><strong>Lesen Sie mehr: <\/strong><\/p>\n<p class=\"fussnoten-quellen\">Informationen \u00fcber das Programm Gem\u00fcseAckerdemie von Acker e.V.:<br \/>\n<a href=\"https:\/\/www.acker.co\/gemueseackerdemie\" target=\"_blank\" rel=\"noopener\">https:\/\/www.acker.co\/gemueseackerdemie<\/a><\/p>\n<p class=\"fussnoten-quellen\">Kinder im Garten: 7 Ideen, um Kinder f\u00fcr die Gartenarbeit zu begeistern:<br \/>\n<a href=\"https:\/\/www.heimwerker.de\/kinder-im-garten\/\" target=\"_blank\" rel=\"noopener\">https:\/\/www.heimwerker.de\/kinder-im-garten\/<\/a><\/p>\n<p class=\"fussnoten-quellen\">Becker-Textor, Ingeborg: Mit Kindern die Natur entdecken (leicht bearbeitete Fassung), Aus: Becker-Textor, Ingeborg: Mit Kinderaugen sehen. Wahrnehmungserziehung im Kindergarten. Freiburg, Basel, Wien: Herder 1992, S. 73 \u2013 96.<br \/>\n<a href=\"https:\/\/www.kindergartenpaedagogik.de\/fachartikel\/bildungsbereiche-erziehungsfelder\/naturwissenschaftliche-und-technische-bildung-umweltbildung\/1030\/\" target=\"_blank\" rel=\"noopener\">https:\/\/www.kindergartenpaedagogik.de\/fachartikel\/bildungsbereiche-erziehungsfelder\/naturwissenschaftliche-und-technische-bildung-umweltbildung\/1030\/<\/a><\/p>\n<p class=\"fussnoten-quellen\">Kr\u00e4uterg\u00e4rten im Kindergarten:<br \/>\n<a href=\"https:\/\/www.kneippbund.de\/fileadmin\/user_upload\/kneipp-bund\/dokumente\/sebastian-kneipp-tag\/2014\/SK-Tag__2014_Kraeutergarten_im_Kindergarten.pdf\" target=\"_blank\" rel=\"noopener\">https:\/\/www.kneippbund.de\/fileadmin\/user_upload\/kneipp-bund\/dokumente\/sebastian-kneipp-tag\/2014\/SK-Tag__2014_Kraeutergarten_im_Kindergarten.pdf<\/a><\/p>\n<p class=\"fussnoten-quellen\">Meyer, Christine, \u201eGestaltung des Aussengel\u00e4ndes\u201c:<br \/>\n<a href=\"https:\/\/www.kita-fachtexte.de\/fileadmin\/Redaktion\/Publikationen\/KiTaFT_Meyer_2014.pdf\" target=\"_blank\" rel=\"noopener\">https:\/\/www.kita-fachtexte.de\/fileadmin\/Redaktion\/Publikationen\/KiTaFT_Meyer_2014.pdf<\/a><\/p>\n<p class=\"fussnoten-quellen\">Brosch\u00fcre \u00fcber das Anlegen einer Wildblumenwiese mit zahlreichen Ideen f\u00fcr kleine Forscher:<br \/>\n<a href=\"https:\/\/www.nua.nrw.de\/fileadmin\/user_upload\/NUA\/Publikationen\/Material_Bildungsarbeit\/Bildungsordner\/Broschueren\/Natur-Kinder-Garten\/03.pdf\" target=\"_blank\" rel=\"noopener\">https:\/\/www.nua.nrw.de\/fileadmin\/user_upload\/NUA\/Publikationen\/Material_Bildungsarbeit\/Bildungsordner\/Broschueren\/Natur-Kinder-Garten\/03.pdf<\/a><\/p>\n<p class=\"fussnoten-quellen\">Magazin Gr\u00fcnes Leben: G\u00e4rtnern mit Kindern: P\u00e4dagogisch wertvolle Tipps<br \/>\n<a href=\"https:\/\/www.plantura.garden\/gruenes-leben\/gaertnern-mit-kindern-paedagogisch-wertvolle-tipps\" target=\"_blank\" rel=\"noopener\">https:\/\/www.plantura.garden\/gruenes-leben\/gaertnern-mit-kindern-paedagogisch-wertvolle-tipps<\/a><\/p>\n<p class=\"fussnoten-quellen\">Links zu weiterf\u00fchrenden Materialien zur Bienenhaltung von Pia Aumeier auf Ruhrstadt-Imker.de:<br \/>\n<a href=\"https:\/\/ruhrstadt-imker.de\/einfach-imkern\/pia-aumeier-dropbox\/index.html\" target=\"_blank\" rel=\"noopener\">https:\/\/ruhrstadt-imker.de\/einfach-imkern\/pia-aumeier-dropbox\/index.html<\/a><\/p>\n<p class=\"fussnoten-quellen\">Insektenhotel richtig bauen \u2013 nicht nur Deko, sondern Hilfe f\u00fcr N\u00fctzlinge<br \/>\n<a href=\"https:\/\/www.smarticular.net\/insektenhotel-selber-bauen-einfach-kinder-anleitung\/\" target=\"_blank\" rel=\"noopener\">https:\/\/www.smarticular.net\/insektenhotel-selber-bauen-einfach-kinder-anleitung\/<\/a><\/p>\n<\/div><\/section><\/div>\n\n<style type=\"text\/css\" data-created_by=\"avia_inline_auto\" id=\"style-css-av-1jqsfa-9b941bfac99a3f0c1638bf560410cad1\">\n.flex_column.av-1jqsfa-9b941bfac99a3f0c1638bf560410cad1{\nborder-radius:0px 0px 0px 0px;\npadding:10px 10px 10px 10px;\n}\n<\/style>\n<div  class='flex_column av-1jqsfa-9b941bfac99a3f0c1638bf560410cad1 av_one_full  avia-builder-el-28  el_after_av_one_full  el_before_av_one_full  first flex_column_div  column-top-margin'     ><section  class='av_textblock_section av-emndmu-2278aed7e78bfa840a9eb08f8c280719 '  ><div class='avia_textblock' ><p class=\"copyright\"><strong>\u00a9 Copyright \u2013 Urheberrechtshinweis<\/strong><br \/>\nAlle Inhalte auf www.backwinkel.de sowie www.backwinkel.de\/blog, insbesondere Texte, Fotografien und Grafiken, sind urheberrechtlich gesch\u00fctzt.<br \/>\nDas Urheberrecht liegt, soweit nicht ausdr\u00fccklich anders gekennzeichnet, bei der BACKWINKEL GmbH. Bitte fragen Sie uns, falls Sie die Inhalte dieses Internetangebotes verwenden m\u00f6chten.<br \/>\nWer gegen das Urheberrecht verst\u00f6\u00dft (z. B. Bilder oder Texte unerlaubt kopiert), macht sich gem. \u00a7\u00a7 106 ff UrhG strafbar, wird zudem kostenpflichtig abgemahnt und muss Schadensersatz leisten (\u00a7 97 UrhG).<\/p>\n<\/div><\/section><\/div>\n\n<style type=\"text\/css\" data-created_by=\"avia_inline_auto\" id=\"style-css-av-cbphcm-585130238d392618783b8f71462b9082\">\n.flex_column.av-cbphcm-585130238d392618783b8f71462b9082{\nborder-radius:0px 0px 0px 0px;\npadding:0px 0px 0px 0px;\n}\n<\/style>\n<div  class='flex_column av-cbphcm-585130238d392618783b8f71462b9082 av_one_full  avia-builder-el-30  el_after_av_one_full  avia-builder-el-last  first flex_column_div av-zero-column-padding  column-top-margin'     ><p><section  class='av_textblock_section av-bipo6u-8f950894cce7e08094ef6e53ea811591 '  ><div class='avia_textblock' ><div class=\"shariff shariff-align-left shariff-widget-align-left\"><ul class=\"shariff-buttons theme-color orientation-horizontal buttonsize-medium\"><li class=\"shariff-button whatsapp shariff-nocustomcolor\" style=\"background-color:#5cbe4a\"><a href=\"https:\/\/api.whatsapp.com\/send?text=https%3A%2F%2Fwww.backwinkel.de%2Fblog%2Fkita-garten%2F%20Ein%20Garten%20f%C3%BCr%20den%20Kindergarten%3A\" title=\"Bei Whatsapp teilen\" aria-label=\"Bei Whatsapp teilen\" role=\"button\" rel=\"noopener nofollow\" class=\"shariff-link\" style=\"; background-color:#34af23; color:#fff\" target=\"_blank\"><span class=\"shariff-icon\" style=\"\"><svg width=\"32px\" height=\"20px\" xmlns=\"http:\/\/www.w3.org\/2000\/svg\" viewBox=\"0 0 32 32\"><path fill=\"#34af23\" d=\"M17.6 17.4q0.2 0 1.7 0.8t1.6 0.9q0 0.1 0 0.3 0 0.6-0.3 1.4-0.3 0.7-1.3 1.2t-1.8 0.5q-1 0-3.4-1.1-1.7-0.8-3-2.1t-2.6-3.3q-1.3-1.9-1.3-3.5v-0.1q0.1-1.6 1.3-2.8 0.4-0.4 0.9-0.4 0.1 0 0.3 0t0.3 0q0.3 0 0.5 0.1t0.3 0.5q0.1 0.4 0.6 1.6t0.4 1.3q0 0.4-0.6 1t-0.6 0.8q0 0.1 0.1 0.3 0.6 1.3 1.8 2.4 1 0.9 2.7 1.8 0.2 0.1 0.4 0.1 0.3 0 1-0.9t0.9-0.9zM14 26.9q2.3 0 4.3-0.9t3.6-2.4 2.4-3.6 0.9-4.3-0.9-4.3-2.4-3.6-3.6-2.4-4.3-0.9-4.3 0.9-3.6 2.4-2.4 3.6-0.9 4.3q0 3.6 2.1 6.6l-1.4 4.2 4.3-1.4q2.8 1.9 6.2 1.9zM14 2.2q2.7 0 5.2 1.1t4.3 2.9 2.9 4.3 1.1 5.2-1.1 5.2-2.9 4.3-4.3 2.9-5.2 1.1q-3.5 0-6.5-1.7l-7.4 2.4 2.4-7.2q-1.9-3.2-1.9-6.9 0-2.7 1.1-5.2t2.9-4.3 4.3-2.9 5.2-1.1z\"\/><\/svg><\/span><span class=\"shariff-text\">teilen<\/span>&nbsp;<\/a><\/li><li class=\"shariff-button facebook shariff-nocustomcolor\" style=\"background-color:#4273c8\"><a href=\"https:\/\/www.facebook.com\/sharer\/sharer.php?u=https%3A%2F%2Fwww.backwinkel.de%2Fblog%2Fkita-garten%2F\" title=\"Bei Facebook teilen\" aria-label=\"Bei Facebook teilen\" role=\"button\" rel=\"nofollow\" class=\"shariff-link\" style=\"; background-color:#3b5998; color:#fff\" target=\"_blank\"><span class=\"shariff-icon\" style=\"\"><svg width=\"32px\" height=\"20px\" xmlns=\"http:\/\/www.w3.org\/2000\/svg\" viewBox=\"0 0 18 32\"><path fill=\"#3b5998\" d=\"M17.1 0.2v4.7h-2.8q-1.5 0-2.1 0.6t-0.5 1.9v3.4h5.2l-0.7 5.3h-4.5v13.6h-5.5v-13.6h-4.5v-5.3h4.5v-3.9q0-3.3 1.9-5.2t5-1.8q2.6 0 4.1 0.2z\"\/><\/svg><\/span><span class=\"shariff-text\">teilen<\/span>&nbsp;<\/a><\/li><li class=\"shariff-button twitter shariff-nocustomcolor\" style=\"background-color:#595959\"><a href=\"https:\/\/twitter.com\/share?url=https%3A%2F%2Fwww.backwinkel.de%2Fblog%2Fkita-garten%2F&text=Ein%20Garten%20f%C3%BCr%20den%20Kindergarten%3A\" title=\"Bei X teilen\" aria-label=\"Bei X teilen\" role=\"button\" rel=\"noopener nofollow\" class=\"shariff-link\" style=\"; background-color:#000; color:#fff\" target=\"_blank\"><span class=\"shariff-icon\" style=\"\"><svg width=\"32px\" height=\"20px\" xmlns=\"http:\/\/www.w3.org\/2000\/svg\" viewBox=\"0 0 24 24\"><path fill=\"#000\" d=\"M14.258 10.152L23.176 0h-2.113l-7.747 8.813L7.133 0H0l9.352 13.328L0 23.973h2.113l8.176-9.309 6.531 9.309h7.133zm-2.895 3.293l-.949-1.328L2.875 1.56h3.246l6.086 8.523.945 1.328 7.91 11.078h-3.246zm0 0\"\/><\/svg><\/span><span class=\"shariff-text\">teilen<\/span>&nbsp;<\/a><\/li><li class=\"shariff-button pinterest shariff-nocustomcolor\" style=\"background-color:#e70f18\"><a href=\"https:\/\/www.pinterest.com\/pin\/create\/link\/?url=https%3A%2F%2Fwww.backwinkel.de%2Fblog%2Fkita-garten%2F&media=https%3A%2F%2Fwww.backwinkel.de%2Fblog%2Fwp-content%2Fuploads%2F2022%2F03%2Fbackwinkel-blog-ein-garten-fuer-den-kindergarten.jpg&description=Ein%20Garten%20f%C3%BCr%20den%20Kindergarten%3A\" title=\"Bei Pinterest pinnen\" aria-label=\"Bei Pinterest pinnen\" role=\"button\" rel=\"noopener nofollow\" class=\"shariff-link\" style=\"; background-color:#cb2027; color:#fff\" target=\"_blank\"><span class=\"shariff-icon\" style=\"\"><svg width=\"32px\" height=\"20px\" xmlns=\"http:\/\/www.w3.org\/2000\/svg\" viewBox=\"0 0 27 32\"><path fill=\"#cb2027\" d=\"M27.4 16q0 3.7-1.8 6.9t-5 5-6.9 1.9q-2 0-3.9-0.6 1.1-1.7 1.4-2.9 0.2-0.6 1-3.8 0.4 0.7 1.3 1.2t2 0.5q2.1 0 3.8-1.2t2.7-3.4 0.9-4.8q0-2-1.1-3.8t-3.1-2.9-4.5-1.2q-1.9 0-3.5 0.5t-2.8 1.4-2 2-1.2 2.3-0.4 2.4q0 1.9 0.7 3.3t2.1 2q0.5 0.2 0.7-0.4 0-0.1 0.1-0.5t0.2-0.5q0.1-0.4-0.2-0.8-0.9-1.1-0.9-2.7 0-2.7 1.9-4.6t4.9-2q2.7 0 4.2 1.5t1.5 3.8q0 3-1.2 5.2t-3.1 2.1q-1.1 0-1.7-0.8t-0.4-1.9q0.1-0.6 0.5-1.7t0.5-1.8 0.2-1.4q0-0.9-0.5-1.5t-1.4-0.6q-1.1 0-1.9 1t-0.8 2.6q0 1.3 0.4 2.2l-1.8 7.5q-0.3 1.2-0.2 3.2-3.7-1.6-6-5t-2.3-7.6q0-3.7 1.9-6.9t5-5 6.9-1.9 6.9 1.9 5 5 1.8 6.9z\"\/><\/svg><\/span><span class=\"shariff-text\">merken<\/span>&nbsp;<\/a><\/li><li class=\"shariff-button mailto shariff-nocustomcolor\" style=\"background-color:#a8a8a8\"><a href=\"mailto:?body=https%3A%2F%2Fwww.backwinkel.de%2Fblog%2Fkita-garten%2F&subject=Ein%20Garten%20f%C3%BCr%20den%20Kindergarten%3A\" title=\"Per E-Mail versenden\" aria-label=\"Per E-Mail versenden\" role=\"button\" rel=\"noopener nofollow\" class=\"shariff-link\" style=\"; background-color:#999; color:#fff\"><span class=\"shariff-icon\" style=\"\"><svg width=\"32px\" height=\"20px\" xmlns=\"http:\/\/www.w3.org\/2000\/svg\" viewBox=\"0 0 32 32\"><path fill=\"#999\" d=\"M32 12.7v14.2q0 1.2-0.8 2t-2 0.9h-26.3q-1.2 0-2-0.9t-0.8-2v-14.2q0.8 0.9 1.8 1.6 6.5 4.4 8.9 6.1 1 0.8 1.6 1.2t1.7 0.9 2 0.4h0.1q0.9 0 2-0.4t1.7-0.9 1.6-1.2q3-2.2 8.9-6.1 1-0.7 1.8-1.6zM32 7.4q0 1.4-0.9 2.7t-2.2 2.2q-6.7 4.7-8.4 5.8-0.2 0.1-0.7 0.5t-1 0.7-0.9 0.6-1.1 0.5-0.9 0.2h-0.1q-0.4 0-0.9-0.2t-1.1-0.5-0.9-0.6-1-0.7-0.7-0.5q-1.6-1.1-4.7-3.2t-3.6-2.6q-1.1-0.7-2.1-2t-1-2.5q0-1.4 0.7-2.3t2.1-0.9h26.3q1.2 0 2 0.8t0.9 2z\"\/><\/svg><\/span><span class=\"shariff-text\">E-Mail<\/span>&nbsp;<\/a><\/li><\/ul><\/div>\n<\/div><\/section><br \/>\n<div  class='tabcontainer av-8iqpmu-d7eab38c1395458186ff4fdb334f21ff top_tab  avia-builder-el-32  el_after_av_textblock  el_before_av_hr '>\n<section class='av_tab_section av_tab_section av-7etdt2-cc693c93394f6c2d5c88a8594fd70d06' ><div id='tab-id-1-tab' class='tab active_tab' role='tab' aria-selected=\"true\" tabindex=\"0\" data-fake-id='#tab-id-1' aria-controls='tab-id-1-content' >Das BACKWINKEL-Blog-Team:<\/div><div id='tab-id-1-content' class='tab_content active_tab_content' role='tabpanel' aria-labelledby='tab-id-1-tab' aria-hidden=\"false\"><div class='tab_inner_content invers-color' ><p><img decoding=\"async\" class=\"wp-image-1768 alignleft\" title=\"BACKWINKEL-Blog \u2013 Das Team\" src=\"https:\/\/blog.backwinkel.de\/wp-content\/uploads\/2018\/10\/backwinkel-blog-autorenbox-intern_preview-300x198.jpg\" alt=\"\" width=\"300\" height=\"198\" \/>Gibts auch ein Gesicht hinter dem BACKWINKEL-Blog? Ja. Vier ?. Drei davon sogar mit Foto.<\/p>\n<p><span style=\"font-style: inherit !important; font-weight: inherit !important;\">Wir \u2013 Lukas, Tatjana, Stefan und Christine \u2013 bespielen unseren Blog unter dem Motto LACHEN LESEN LERNEN. <\/span><\/p>\n<p><span style=\"font-style: inherit !important; font-weight: inherit !important;\">Lukas kennt sich online so gut aus wie in seiner Westentasche und findet immer spannende Themen, w\u00e4hrend Stefan unseren Beitr\u00e4gen den passenden gestalterischen Rahmen gibt und Tatjana mit dem gr\u00fcnen Korrekturstift alles pr\u00fcfend be\u00e4ugt, was unsere Autorin Christine (und gern auch Gastautoren) f\u00fcr den BACKWINKEL-Blog nach ordentlicher Recherche schreibt.<\/span><\/p>\n<p>Gemeinsam suchen wir st\u00e4ndig nach neuen, aufregenden Themen rund um das Thema Bildung im Kiga, der Schule und zu Hause. Und weil Sie da an der Quelle sitzen, freuen wir uns auf Ihre konstruktiven R\u00fcckmeldungen und Anregungen an <a href=\"mailto:blog@backwinkel.de\">blog@backwinkel.de<\/a><\/p>\n<p>Viel Spa\u00df beim LACHEN LESEN LERNEN!<\/p>\n<\/div><\/div><\/section>\n<\/div><br \/>\n\n<style type=\"text\/css\" data-created_by=\"avia_inline_auto\" id=\"style-css-av-5r3tjq-cb88447ede40bfe1acf691a8941f2c63\">\n#top .hr.av-5r3tjq-cb88447ede40bfe1acf691a8941f2c63{\nmargin-top:10px;\nmargin-bottom:10px;\n}\n.hr.av-5r3tjq-cb88447ede40bfe1acf691a8941f2c63 .hr-inner{\nwidth:500;\n}\n<\/style>\n<div  class='hr av-5r3tjq-cb88447ede40bfe1acf691a8941f2c63 hr-custom  avia-builder-el-33  el_after_av_tab_container  el_before_av_heading  hr-left hr-icon-no'><span class='hr-inner inner-border-av-border-thin'><span class=\"hr-inner-style\"><\/span><\/span><\/div><br \/>\n\n<style type=\"text\/css\" data-created_by=\"avia_inline_auto\" id=\"style-css-av-4f1hvq-5c0e19c88d72a2821f8a0158e1a9118d\">\n#top .av-special-heading.av-4f1hvq-5c0e19c88d72a2821f8a0158e1a9118d{\npadding-bottom:10px;\n}\nbody .av-special-heading.av-4f1hvq-5c0e19c88d72a2821f8a0158e1a9118d .av-special-heading-tag .heading-char{\nfont-size:25px;\n}\n.av-special-heading.av-4f1hvq-5c0e19c88d72a2821f8a0158e1a9118d .av-subheading{\nfont-size:15px;\n}\n<\/style>\n<div  class='av-special-heading av-4f1hvq-5c0e19c88d72a2821f8a0158e1a9118d av-special-heading-h3 blockquote modern-quote  avia-builder-el-34  el_after_av_hr  el_before_av_blog '><h3 class='av-special-heading-tag '  >PASSENDE BEITR\u00c4GE<\/h3><div class=\"special-heading-border\"><div class=\"special-heading-inner-border\"><\/div><\/div><\/div><br \/>\n<div  data-slideshow-options=\"{&quot;animation&quot;:&quot;fade&quot;,&quot;autoplay&quot;:false,&quot;loop_autoplay&quot;:&quot;once&quot;,&quot;interval&quot;:5,&quot;loop_manual&quot;:&quot;manual-endless&quot;,&quot;autoplay_stopper&quot;:false,&quot;noNavigation&quot;:false,&quot;show_slide_delay&quot;:90}\" class='avia-content-slider avia-content-grid-active avia-content-slider1 avia-content-slider-odd  avia-builder-el-35  el_after_av_heading  avia-builder-el-last  av-slideshow-ui av-control-default   av-no-slider-navigation av-slideshow-manual av-loop-once av-loop-manual-endless ' ><div class=\"avia-content-slider-inner\"><div class=\"slide-entry-wrap\"><article class='slide-entry flex_column  post-entry post-entry-18633 slide-entry-overview slide-loop-1 slide-parity-odd  av_one_third first real-thumbnail posttype-post post-format-standard' ><a href='https:\/\/www.backwinkel.de\/blog\/plastik-recyceln\/' data-rel='slide-1' class='slide-image' title='Plastik recyceln'><img decoding=\"async\" fetchpriority=\"high\" width=\"1200\" height=\"628\" src=\"https:\/\/www.backwinkel.de\/blog\/wp-content\/uploads\/2026\/04\/04_Kiga_Plastik_nachhaltig_nutzen.jpg\" class=\"wp-image-18713 avia-img-lazy-loading-not-18713 attachment-no scaling size-no scaling wp-post-image\" alt=\"\" \/><\/a><div class=\"slide-content\"><header class=\"entry-content-header\" aria-label=\"Slide: Plastik recyceln\"><h3 class='slide-entry-title entry-title ' ><a href='https:\/\/www.backwinkel.de\/blog\/plastik-recyceln\/' title='Plastik recyceln'>Plastik recyceln<\/a><\/h3><span class=\"blog-categories minor-meta\"><a href=\"https:\/\/www.backwinkel.de\/blog\/category\/kindergarten-kita\/\" rel=\"tag\">Kindergarten<\/a> <\/span><span class=\"av-vertical-delimiter\"><\/span><\/header><div class='slide-entry-excerpt entry-content' >Biokunststoff f\u00fcr St\u00fchle, Materialboxen, Spielzeug und Rucks\u00e4cke<\/div><\/div><footer class=\"entry-footer\"><div class=\"slide-meta\"><time class='slide-meta-time updated' >14. April 2026<\/time><\/div><\/footer><\/article><article class='slide-entry flex_column  post-entry post-entry-18716 slide-entry-overview slide-loop-2 slide-parity-even  av_one_third  real-thumbnail posttype-post post-format-standard' ><a href='https:\/\/www.backwinkel.de\/blog\/rechnen-im-anfangsunterricht\/' data-rel='slide-1' class='slide-image' title='Rechnen im Anfangsunterricht'><img decoding=\"async\" fetchpriority=\"high\" width=\"1200\" height=\"628\" src=\"https:\/\/www.backwinkel.de\/blog\/wp-content\/uploads\/2026\/04\/04_Schule_Rechnen_anfangsunterricht.jpg\" class=\"wp-image-18748 avia-img-lazy-loading-not-18748 attachment-no scaling size-no scaling wp-post-image\" alt=\"\" \/><\/a><div class=\"slide-content\"><header class=\"entry-content-header\" aria-label=\"Slide: Rechnen im Anfangsunterricht\"><h3 class='slide-entry-title entry-title ' ><a href='https:\/\/www.backwinkel.de\/blog\/rechnen-im-anfangsunterricht\/' title='Rechnen im Anfangsunterricht'>Rechnen im Anfangsunterricht<\/a><\/h3><span class=\"blog-categories minor-meta\"><a href=\"https:\/\/www.backwinkel.de\/blog\/category\/schule-grundschule\/\" rel=\"tag\">Schule<\/a> <\/span><span class=\"av-vertical-delimiter\"><\/span><\/header><div class='slide-entry-excerpt entry-content' >Das Klassenzimmer als Lernlandschaft<\/div><\/div><footer class=\"entry-footer\"><div class=\"slide-meta\"><time class='slide-meta-time updated' >14. April 2026<\/time><\/div><\/footer><\/article><article class='slide-entry flex_column  post-entry post-entry-18372 slide-entry-overview slide-loop-3 slide-parity-odd  post-entry-last  av_one_third  real-thumbnail posttype-post post-format-standard' ><a href='https:\/\/www.backwinkel.de\/blog\/kranke-kinder-im-kindergarten\/' data-rel='slide-1' class='slide-image' title='Kranke Kinder im Kindergarten'><img decoding=\"async\" fetchpriority=\"high\" width=\"1200\" height=\"628\" src=\"https:\/\/www.backwinkel.de\/blog\/wp-content\/uploads\/2026\/03\/03_Kiga_Kranke_Kinder.jpg\" class=\"wp-image-18451 avia-img-lazy-loading-not-18451 attachment-no scaling size-no scaling wp-post-image\" alt=\"Thema: Kranke Kinder. Auf dem Bild ist ein krankes kleines M\u00e4dchen zu sehen. Eine Frau mit einem Fieberthermometer in der Hand sitzt neben ihr und hat die Hand auf der Stirn des M\u00e4dchens.\" \/><\/a><div class=\"slide-content\"><header class=\"entry-content-header\" aria-label=\"Slide: Kranke Kinder im Kindergarten\"><h3 class='slide-entry-title entry-title ' ><a href='https:\/\/www.backwinkel.de\/blog\/kranke-kinder-im-kindergarten\/' title='Kranke Kinder im Kindergarten'>Kranke Kinder im Kindergarten<\/a><\/h3><span class=\"blog-categories minor-meta\"><a href=\"https:\/\/www.backwinkel.de\/blog\/category\/kindergarten-kita\/\" rel=\"tag\">Kindergarten<\/a> <\/span><span class=\"av-vertical-delimiter\"><\/span><\/header><div class='slide-entry-excerpt entry-content' >Auswirkungen f\u00fcr Kinder, Eltern und Fachkr\u00e4fte<\/div><\/div><footer class=\"entry-footer\"><div class=\"slide-meta\"><time class='slide-meta-time updated' >9. M\u00e4rz 2026<\/time><\/div><\/footer><\/article><\/div><\/div><\/div><\/p><\/div>\n","protected":false},"excerpt":{"rendered":"<p>So machen Sie Ihre Kinder zu kleinen G\u00e4rtnern <\/p>\n","protected":false},"author":3,"featured_media":8775,"comment_status":"closed","ping_status":"closed","sticky":false,"template":"","format":"standard","meta":{"inline_featured_image":false,"footnotes":""},"categories":[5],"tags":[],"class_list":["post-8774","post","type-post","status-publish","format-standard","has-post-thumbnail","hentry","category-kindergarten-kita"],"yoast_head":"<!-- This site is optimized with the Yoast SEO plugin v27.4 - https:\/\/yoast.com\/product\/yoast-seo-wordpress\/ -->\n<title>Ein Garten f\u00fcr den Kindergarten \u00bb Infos &amp; Praxis-Tipps | BACKWINKEL Blog<\/title>\n<meta name=\"description\" content=\"Durchdachte Ideen &amp; Tipps, um einen Garten in Ihrem Kindergarten \/ Ihrer Kita zu gestalten. \u2713 Inkl. Experten-Interview zum Thema Bienenhaltung. \u2713 Jetzt lesen!\" \/>\n<meta name=\"robots\" content=\"index, follow, max-snippet:-1, max-image-preview:large, max-video-preview:-1\" \/>\n<link rel=\"canonical\" href=\"https:\/\/www.backwinkel.de\/blog\/kita-garten\/\" \/>\n<meta property=\"og:locale\" content=\"de_DE\" \/>\n<meta property=\"og:type\" content=\"article\" \/>\n<meta property=\"og:title\" content=\"Ein Garten f\u00fcr den Kindergarten \u00bb Infos &amp; Praxis-Tipps | BACKWINKEL Blog\" \/>\n<meta property=\"og:description\" content=\"Durchdachte Ideen &amp; Tipps, um einen Garten in Ihrem Kindergarten \/ Ihrer Kita zu gestalten. \u2713 Inkl. Experten-Interview zum Thema Bienenhaltung. \u2713 Jetzt lesen!\" \/>\n<meta property=\"og:url\" content=\"https:\/\/www.backwinkel.de\/blog\/kita-garten\/\" \/>\n<meta property=\"og:site_name\" content=\"BACKWINKEL Blog\" \/>\n<meta property=\"article:published_time\" content=\"2022-03-07T08:45:59+00:00\" \/>\n<meta property=\"article:modified_time\" content=\"2026-04-22T13:55:12+00:00\" \/>\n<meta property=\"og:image\" content=\"https:\/\/www.backwinkel.de\/blog\/wp-content\/uploads\/2022\/03\/backwinkel-blog-ein-garten-fuer-den-kindergarten.jpg\" \/>\n\t<meta property=\"og:image:width\" content=\"1200\" \/>\n\t<meta property=\"og:image:height\" content=\"628\" \/>\n\t<meta property=\"og:image:type\" content=\"image\/jpeg\" \/>\n<meta name=\"author\" content=\"BACKWINKEL\" \/>\n<meta name=\"twitter:card\" content=\"summary_large_image\" \/>\n<meta name=\"twitter:label1\" content=\"Verfasst von\" \/>\n\t<meta name=\"twitter:data1\" content=\"BACKWINKEL\" \/>\n\t<meta name=\"twitter:label2\" content=\"Gesch\u00e4tzte Lesezeit\" \/>\n\t<meta name=\"twitter:data2\" content=\"23\u00a0Minuten\" \/>\n<script type=\"application\/ld+json\" class=\"yoast-schema-graph\">{\"@context\":\"https:\\\/\\\/schema.org\",\"@graph\":[{\"@type\":\"Article\",\"@id\":\"https:\\\/\\\/www.backwinkel.de\\\/blog\\\/kita-garten\\\/#article\",\"isPartOf\":{\"@id\":\"https:\\\/\\\/www.backwinkel.de\\\/blog\\\/kita-garten\\\/\"},\"author\":{\"name\":\"BACKWINKEL\",\"@id\":\"https:\\\/\\\/www.backwinkel.de\\\/blog\\\/#\\\/schema\\\/person\\\/3d64575316540d25f7866264a4b7cd24\"},\"headline\":\"Ein Garten f\u00fcr den Kindergarten:\",\"datePublished\":\"2022-03-07T08:45:59+00:00\",\"dateModified\":\"2026-04-22T13:55:12+00:00\",\"mainEntityOfPage\":{\"@id\":\"https:\\\/\\\/www.backwinkel.de\\\/blog\\\/kita-garten\\\/\"},\"wordCount\":5882,\"image\":{\"@id\":\"https:\\\/\\\/www.backwinkel.de\\\/blog\\\/kita-garten\\\/#primaryimage\"},\"thumbnailUrl\":\"https:\\\/\\\/www.backwinkel.de\\\/blog\\\/wp-content\\\/uploads\\\/2022\\\/03\\\/backwinkel-blog-ein-garten-fuer-den-kindergarten.jpg\",\"articleSection\":[\"Kindergarten\"],\"inLanguage\":\"de\"},{\"@type\":\"WebPage\",\"@id\":\"https:\\\/\\\/www.backwinkel.de\\\/blog\\\/kita-garten\\\/\",\"url\":\"https:\\\/\\\/www.backwinkel.de\\\/blog\\\/kita-garten\\\/\",\"name\":\"Ein Garten f\u00fcr den Kindergarten \u00bb Infos & Praxis-Tipps | BACKWINKEL Blog\",\"isPartOf\":{\"@id\":\"https:\\\/\\\/www.backwinkel.de\\\/blog\\\/#website\"},\"primaryImageOfPage\":{\"@id\":\"https:\\\/\\\/www.backwinkel.de\\\/blog\\\/kita-garten\\\/#primaryimage\"},\"image\":{\"@id\":\"https:\\\/\\\/www.backwinkel.de\\\/blog\\\/kita-garten\\\/#primaryimage\"},\"thumbnailUrl\":\"https:\\\/\\\/www.backwinkel.de\\\/blog\\\/wp-content\\\/uploads\\\/2022\\\/03\\\/backwinkel-blog-ein-garten-fuer-den-kindergarten.jpg\",\"datePublished\":\"2022-03-07T08:45:59+00:00\",\"dateModified\":\"2026-04-22T13:55:12+00:00\",\"author\":{\"@id\":\"https:\\\/\\\/www.backwinkel.de\\\/blog\\\/#\\\/schema\\\/person\\\/3d64575316540d25f7866264a4b7cd24\"},\"description\":\"Durchdachte Ideen & Tipps, um einen Garten in Ihrem Kindergarten \\\/ Ihrer Kita zu gestalten. \u2713 Inkl. Experten-Interview zum Thema Bienenhaltung. \u2713 Jetzt lesen!\",\"breadcrumb\":{\"@id\":\"https:\\\/\\\/www.backwinkel.de\\\/blog\\\/kita-garten\\\/#breadcrumb\"},\"inLanguage\":\"de\",\"potentialAction\":[{\"@type\":\"ReadAction\",\"target\":[\"https:\\\/\\\/www.backwinkel.de\\\/blog\\\/kita-garten\\\/\"]}]},{\"@type\":\"ImageObject\",\"inLanguage\":\"de\",\"@id\":\"https:\\\/\\\/www.backwinkel.de\\\/blog\\\/kita-garten\\\/#primaryimage\",\"url\":\"https:\\\/\\\/www.backwinkel.de\\\/blog\\\/wp-content\\\/uploads\\\/2022\\\/03\\\/backwinkel-blog-ein-garten-fuer-den-kindergarten.jpg\",\"contentUrl\":\"https:\\\/\\\/www.backwinkel.de\\\/blog\\\/wp-content\\\/uploads\\\/2022\\\/03\\\/backwinkel-blog-ein-garten-fuer-den-kindergarten.jpg\",\"width\":1200,\"height\":628},{\"@type\":\"BreadcrumbList\",\"@id\":\"https:\\\/\\\/www.backwinkel.de\\\/blog\\\/kita-garten\\\/#breadcrumb\",\"itemListElement\":[{\"@type\":\"ListItem\",\"position\":1,\"name\":\"Startseite\",\"item\":\"https:\\\/\\\/blog.backwinkel.de\\\/aktuelles\\\/\"},{\"@type\":\"ListItem\",\"position\":2,\"name\":\"Ein Garten f\u00fcr den Kindergarten:\"}]},{\"@type\":\"WebSite\",\"@id\":\"https:\\\/\\\/www.backwinkel.de\\\/blog\\\/#website\",\"url\":\"https:\\\/\\\/www.backwinkel.de\\\/blog\\\/\",\"name\":\"BACKWINKEL Blog\",\"description\":\"f\u00fcr Lehrer, Erzieher und Eltern\",\"potentialAction\":[{\"@type\":\"SearchAction\",\"target\":{\"@type\":\"EntryPoint\",\"urlTemplate\":\"https:\\\/\\\/www.backwinkel.de\\\/blog\\\/?s={search_term_string}\"},\"query-input\":{\"@type\":\"PropertyValueSpecification\",\"valueRequired\":true,\"valueName\":\"search_term_string\"}}],\"inLanguage\":\"de\"},{\"@type\":\"Person\",\"@id\":\"https:\\\/\\\/www.backwinkel.de\\\/blog\\\/#\\\/schema\\\/person\\\/3d64575316540d25f7866264a4b7cd24\",\"name\":\"BACKWINKEL\",\"sameAs\":[\"http:\\\/\\\/www.backwinkel.de\"],\"url\":\"https:\\\/\\\/www.backwinkel.de\\\/blog\\\/author\\\/backwinkel\\\/\"}]}<\/script>\n<!-- \/ Yoast SEO plugin. -->","yoast_head_json":{"title":"Ein Garten f\u00fcr den Kindergarten \u00bb Infos & Praxis-Tipps | BACKWINKEL Blog","description":"Durchdachte Ideen & Tipps, um einen Garten in Ihrem Kindergarten \/ Ihrer Kita zu gestalten. \u2713 Inkl. Experten-Interview zum Thema Bienenhaltung. \u2713 Jetzt lesen!","robots":{"index":"index","follow":"follow","max-snippet":"max-snippet:-1","max-image-preview":"max-image-preview:large","max-video-preview":"max-video-preview:-1"},"canonical":"https:\/\/www.backwinkel.de\/blog\/kita-garten\/","og_locale":"de_DE","og_type":"article","og_title":"Ein Garten f\u00fcr den Kindergarten \u00bb Infos & Praxis-Tipps | BACKWINKEL Blog","og_description":"Durchdachte Ideen & Tipps, um einen Garten in Ihrem Kindergarten \/ Ihrer Kita zu gestalten. \u2713 Inkl. Experten-Interview zum Thema Bienenhaltung. \u2713 Jetzt lesen!","og_url":"https:\/\/www.backwinkel.de\/blog\/kita-garten\/","og_site_name":"BACKWINKEL Blog","article_published_time":"2022-03-07T08:45:59+00:00","article_modified_time":"2026-04-22T13:55:12+00:00","og_image":[{"width":1200,"height":628,"url":"https:\/\/www.backwinkel.de\/blog\/wp-content\/uploads\/2022\/03\/backwinkel-blog-ein-garten-fuer-den-kindergarten.jpg","type":"image\/jpeg"}],"author":"BACKWINKEL","twitter_card":"summary_large_image","twitter_misc":{"Verfasst von":"BACKWINKEL","Gesch\u00e4tzte Lesezeit":"23\u00a0Minuten"},"schema":{"@context":"https:\/\/schema.org","@graph":[{"@type":"Article","@id":"https:\/\/www.backwinkel.de\/blog\/kita-garten\/#article","isPartOf":{"@id":"https:\/\/www.backwinkel.de\/blog\/kita-garten\/"},"author":{"name":"BACKWINKEL","@id":"https:\/\/www.backwinkel.de\/blog\/#\/schema\/person\/3d64575316540d25f7866264a4b7cd24"},"headline":"Ein Garten f\u00fcr den Kindergarten:","datePublished":"2022-03-07T08:45:59+00:00","dateModified":"2026-04-22T13:55:12+00:00","mainEntityOfPage":{"@id":"https:\/\/www.backwinkel.de\/blog\/kita-garten\/"},"wordCount":5882,"image":{"@id":"https:\/\/www.backwinkel.de\/blog\/kita-garten\/#primaryimage"},"thumbnailUrl":"https:\/\/www.backwinkel.de\/blog\/wp-content\/uploads\/2022\/03\/backwinkel-blog-ein-garten-fuer-den-kindergarten.jpg","articleSection":["Kindergarten"],"inLanguage":"de"},{"@type":"WebPage","@id":"https:\/\/www.backwinkel.de\/blog\/kita-garten\/","url":"https:\/\/www.backwinkel.de\/blog\/kita-garten\/","name":"Ein Garten f\u00fcr den Kindergarten \u00bb Infos & Praxis-Tipps | BACKWINKEL Blog","isPartOf":{"@id":"https:\/\/www.backwinkel.de\/blog\/#website"},"primaryImageOfPage":{"@id":"https:\/\/www.backwinkel.de\/blog\/kita-garten\/#primaryimage"},"image":{"@id":"https:\/\/www.backwinkel.de\/blog\/kita-garten\/#primaryimage"},"thumbnailUrl":"https:\/\/www.backwinkel.de\/blog\/wp-content\/uploads\/2022\/03\/backwinkel-blog-ein-garten-fuer-den-kindergarten.jpg","datePublished":"2022-03-07T08:45:59+00:00","dateModified":"2026-04-22T13:55:12+00:00","author":{"@id":"https:\/\/www.backwinkel.de\/blog\/#\/schema\/person\/3d64575316540d25f7866264a4b7cd24"},"description":"Durchdachte Ideen & Tipps, um einen Garten in Ihrem Kindergarten \/ Ihrer Kita zu gestalten. \u2713 Inkl. Experten-Interview zum Thema Bienenhaltung. \u2713 Jetzt lesen!","breadcrumb":{"@id":"https:\/\/www.backwinkel.de\/blog\/kita-garten\/#breadcrumb"},"inLanguage":"de","potentialAction":[{"@type":"ReadAction","target":["https:\/\/www.backwinkel.de\/blog\/kita-garten\/"]}]},{"@type":"ImageObject","inLanguage":"de","@id":"https:\/\/www.backwinkel.de\/blog\/kita-garten\/#primaryimage","url":"https:\/\/www.backwinkel.de\/blog\/wp-content\/uploads\/2022\/03\/backwinkel-blog-ein-garten-fuer-den-kindergarten.jpg","contentUrl":"https:\/\/www.backwinkel.de\/blog\/wp-content\/uploads\/2022\/03\/backwinkel-blog-ein-garten-fuer-den-kindergarten.jpg","width":1200,"height":628},{"@type":"BreadcrumbList","@id":"https:\/\/www.backwinkel.de\/blog\/kita-garten\/#breadcrumb","itemListElement":[{"@type":"ListItem","position":1,"name":"Startseite","item":"https:\/\/blog.backwinkel.de\/aktuelles\/"},{"@type":"ListItem","position":2,"name":"Ein Garten f\u00fcr den Kindergarten:"}]},{"@type":"WebSite","@id":"https:\/\/www.backwinkel.de\/blog\/#website","url":"https:\/\/www.backwinkel.de\/blog\/","name":"BACKWINKEL Blog","description":"f\u00fcr Lehrer, Erzieher und Eltern","potentialAction":[{"@type":"SearchAction","target":{"@type":"EntryPoint","urlTemplate":"https:\/\/www.backwinkel.de\/blog\/?s={search_term_string}"},"query-input":{"@type":"PropertyValueSpecification","valueRequired":true,"valueName":"search_term_string"}}],"inLanguage":"de"},{"@type":"Person","@id":"https:\/\/www.backwinkel.de\/blog\/#\/schema\/person\/3d64575316540d25f7866264a4b7cd24","name":"BACKWINKEL","sameAs":["http:\/\/www.backwinkel.de"],"url":"https:\/\/www.backwinkel.de\/blog\/author\/backwinkel\/"}]}},"_links":{"self":[{"href":"https:\/\/www.backwinkel.de\/blog\/wp-json\/wp\/v2\/posts\/8774","targetHints":{"allow":["GET"]}}],"collection":[{"href":"https:\/\/www.backwinkel.de\/blog\/wp-json\/wp\/v2\/posts"}],"about":[{"href":"https:\/\/www.backwinkel.de\/blog\/wp-json\/wp\/v2\/types\/post"}],"author":[{"embeddable":true,"href":"https:\/\/www.backwinkel.de\/blog\/wp-json\/wp\/v2\/users\/3"}],"replies":[{"embeddable":true,"href":"https:\/\/www.backwinkel.de\/blog\/wp-json\/wp\/v2\/comments?post=8774"}],"version-history":[{"count":2,"href":"https:\/\/www.backwinkel.de\/blog\/wp-json\/wp\/v2\/posts\/8774\/revisions"}],"predecessor-version":[{"id":18950,"href":"https:\/\/www.backwinkel.de\/blog\/wp-json\/wp\/v2\/posts\/8774\/revisions\/18950"}],"wp:featuredmedia":[{"embeddable":true,"href":"https:\/\/www.backwinkel.de\/blog\/wp-json\/wp\/v2\/media\/8775"}],"wp:attachment":[{"href":"https:\/\/www.backwinkel.de\/blog\/wp-json\/wp\/v2\/media?parent=8774"}],"wp:term":[{"taxonomy":"category","embeddable":true,"href":"https:\/\/www.backwinkel.de\/blog\/wp-json\/wp\/v2\/categories?post=8774"},{"taxonomy":"post_tag","embeddable":true,"href":"https:\/\/www.backwinkel.de\/blog\/wp-json\/wp\/v2\/tags?post=8774"}],"curies":[{"name":"wp","href":"https:\/\/api.w.org\/{rel}","templated":true}]}}