{"id":8768,"date":"2022-03-07T10:00:40","date_gmt":"2022-03-07T09:00:40","guid":{"rendered":"https:\/\/www.backwinkel.de\/blog\/?p=8768"},"modified":"2026-04-22T15:55:42","modified_gmt":"2026-04-22T13:55:42","slug":"eid-mubarak","status":"publish","type":"post","link":"https:\/\/www.backwinkel.de\/blog\/eid-mubarak\/","title":{"rendered":"Eid Mubarak"},"content":{"rendered":"\n<style type=\"text\/css\" data-created_by=\"avia_inline_auto\" id=\"style-css-av-17e41i8-0b7ca4fcc85af3543be2f1c214f5a7ec\">\n.flex_column.av-17e41i8-0b7ca4fcc85af3543be2f1c214f5a7ec{\nborder-radius:0px 0px 0px 0px;\npadding:0px 0px 0px 0px;\n}\n<\/style>\n<div  class='flex_column av-17e41i8-0b7ca4fcc85af3543be2f1c214f5a7ec av_one_full  avia-builder-el-0  el_before_av_three_fifth  avia-builder-el-first  first flex_column_div av-zero-column-padding  '     ><p>\n<style type=\"text\/css\" data-created_by=\"avia_inline_auto\" id=\"style-css-av-16cng4g-c1cd4bdca80b2bccbc90b680c6e3b35f\">\n#top .hr.hr-invisible.av-16cng4g-c1cd4bdca80b2bccbc90b680c6e3b35f{\nmargin-top:0px;\nheight:1px;\n}\n<\/style>\n<div  class='hr av-16cng4g-c1cd4bdca80b2bccbc90b680c6e3b35f hr-invisible  avia-builder-el-1  el_before_av_heading  avia-builder-el-first '><span class='hr-inner '><span class=\"hr-inner-style\"><\/span><\/span><\/div><br \/>\n\n<style type=\"text\/css\" data-created_by=\"avia_inline_auto\" id=\"style-css-av-l0c3y8xy-1677cc600e77bd5844121a6a39f62a0a\">\n#top .av-special-heading.av-l0c3y8xy-1677cc600e77bd5844121a6a39f62a0a{\npadding-bottom:10px;\n}\nbody .av-special-heading.av-l0c3y8xy-1677cc600e77bd5844121a6a39f62a0a .av-special-heading-tag .heading-char{\nfont-size:25px;\n}\n.av-special-heading.av-l0c3y8xy-1677cc600e77bd5844121a6a39f62a0a .av-subheading{\nfont-size:15px;\n}\n<\/style>\n<div  class='av-special-heading av-l0c3y8xy-1677cc600e77bd5844121a6a39f62a0a av-special-heading-h1 blockquote modern-quote  avia-builder-el-2  el_after_av_hr  el_before_av_post_metadata  av-linked-heading'><h1 class='av-special-heading-tag '  >Eid Mubarak \u2013 alles \u00fcber Ramadan und Fastenbrechen<\/h1><div class='av-subheading av-subheading_below'><p class=\"autorenname\">Elisa Morel<\/p>\n<\/div><div class=\"special-heading-border\"><div class=\"special-heading-inner-border\"><\/div><\/div><\/div><br \/>\n\n<style type=\"text\/css\" data-created_by=\"avia_inline_auto\" id=\"style-css-av-5hiqpc-92dbf45aa9ddd6e8da38d68f68a010ae\">\n#top .av-post-metadata-container.av-5hiqpc-92dbf45aa9ddd6e8da38d68f68a010ae{\nfont-size:12px;\n}\n#top .av-post-metadata-container.av-5hiqpc-92dbf45aa9ddd6e8da38d68f68a010ae .av-post-metadata-container-inner{\nfont-size:12px;\n}\n<\/style>\n<div  class='av-post-metadata-container av-5hiqpc-92dbf45aa9ddd6e8da38d68f68a010ae av-metadata-container-align-left  avia-builder-el-3  el_after_av_heading  el_before_av_textblock  av-metadata-container-1'><div class='av-post-metadata-container-inner'><span class=\"av-post-metadata-content av-post-metadata-meta-content\"><span class=\"av-post-metadata-content av-post-metadata-modified\"><span class=\"av-metadata-before av-metadata-before-modified\">Aktualisiert:<\/span><span class=\"av-post-metadata-modified-date\" >22. April 2026<\/span><\/span><span class=\"av-post-metadata-content av-post-metadata-separator\">\/<\/span><span class=\"av-post-metadata-content av-post-metadata-modified\"><span class=\"av-metadata-before av-metadata-before-modified\">Zuletzt aktualisiert:<\/span><span class=\"av-post-metadata-modified-date\" >22. April 2026<\/span><\/span><\/span><\/div><\/div><br \/>\n\n<style type=\"text\/css\" data-created_by=\"avia_inline_auto\" id=\"style-css-av-l0c3yk4z-5a3108e877f0e8a268976eac5846e127\">\n#top .av_textblock_section.av-l0c3yk4z-5a3108e877f0e8a268976eac5846e127 .avia_textblock{\nfont-size:20px;\n}\n<\/style>\n<section  class='av_textblock_section av-l0c3yk4z-5a3108e877f0e8a268976eac5846e127 '  ><div class='avia_textblock' ><p>\u00bbEid Mubarak\u00ab ist ein weltweit verbreiteter Festtagsgru\u00df in der islamischen Welt und bedeutet sinngem\u00e4\u00df \u00bbGesegnetes Fest\u00ab. F\u00fcr Muslime gibt es zwei wichtige Feste im Jahr: Das Opferfest als H\u00f6hepunkt der Wallfahrt nach Mekka und das Zuckerfest am Ende des Fastenmonats Ramadan. 2022 begann der Ramadan am 2. April.<\/p>\n<\/div><\/section><br \/>\n\n<style type=\"text\/css\" data-created_by=\"avia_inline_auto\" id=\"style-css-av-151w29s-e422c793bbddfa88ff8c5e99cde07c02\">\n.avia-image-container.av-151w29s-e422c793bbddfa88ff8c5e99cde07c02 img.avia_image{\nbox-shadow:none;\n}\n.avia-image-container.av-151w29s-e422c793bbddfa88ff8c5e99cde07c02 .av-image-caption-overlay-center{\ncolor:#ffffff;\n}\n<\/style>\n<div  class='avia-image-container av-151w29s-e422c793bbddfa88ff8c5e99cde07c02 av-styling- avia-align-center  avia-builder-el-5  el_after_av_textblock  el_before_av_hr '  ><div class=\"avia-image-container-inner\"><div class=\"avia-image-overlay-wrap\"><img decoding=\"async\" fetchpriority=\"high\" class='wp-image-8772 avia-img-lazy-loading-not-8772 avia_image ' src=\"https:\/\/www.backwinkel.de\/blog\/wp-content\/uploads\/2022\/03\/backwinkel-blog-eid-mubarak-schule.jpg\" alt='' title='backwinkel-blog-eid-mubarak-schule'  height=\"628\" width=\"1200\"  \/><\/div><\/div><\/div><br \/>\n\n<style type=\"text\/css\" data-created_by=\"avia_inline_auto\" id=\"style-css-av-13512g0-9f01068222cd929c8fde8e4c8e58f2b9\">\n#top .hr.hr-invisible.av-13512g0-9f01068222cd929c8fde8e4c8e58f2b9{\nheight:5px;\n}\n<\/style>\n<div  class='hr av-13512g0-9f01068222cd929c8fde8e4c8e58f2b9 hr-invisible  avia-builder-el-6  el_after_av_image  el_before_av_textblock '><span class='hr-inner '><span class=\"hr-inner-style\"><\/span><\/span><\/div><br \/>\n\n<style type=\"text\/css\" data-created_by=\"avia_inline_auto\" id=\"style-css-av-11oghq8-171d18057ee2594148cbc852db0a8484\">\n#top .av_textblock_section.av-11oghq8-171d18057ee2594148cbc852db0a8484 .avia_textblock{\nfont-size:10px;\n}\n<\/style>\n<section  class='av_textblock_section av-11oghq8-171d18057ee2594148cbc852db0a8484 '  ><div class='avia_textblock' ><p class=\"bildnennung-beitrag\" style=\"text-align: left;\">\u00a9 stefano, Adobestock.com<\/p>\n<\/div><\/section><br \/>\n\n<style type=\"text\/css\" data-created_by=\"avia_inline_auto\" id=\"style-css-av-101d080-f2bc5c38be17af4903c42f6c14a31548\">\n#top .hr.hr-invisible.av-101d080-f2bc5c38be17af4903c42f6c14a31548{\nheight:20px;\n}\n<\/style>\n<div  class='hr av-101d080-f2bc5c38be17af4903c42f6c14a31548 hr-invisible  avia-builder-el-8  el_after_av_textblock  el_before_av_textblock '><span class='hr-inner '><span class=\"hr-inner-style\"><\/span><\/span><\/div><br \/>\n\n<style type=\"text\/css\" data-created_by=\"avia_inline_auto\" id=\"style-css-av-l0c3ytkb-6a8ede8b9e930c50b70152571655614d\">\n#top .av_textblock_section.av-l0c3ytkb-6a8ede8b9e930c50b70152571655614d .avia_textblock{\nfont-size:20px;\n}\n<\/style>\n<section  class='av_textblock_section av-l0c3ytkb-6a8ede8b9e930c50b70152571655614d '  ><div class='avia_textblock' ><p>In diesem Beitrag erfahren Sie, welche Bedeutung dem Fastenmonat und dem Fastenbrechen zukommt und wie Sie mit Ihren Sch\u00fclerinnen und Sch\u00fclern den Ramadan kreativ und lecker erlebbar machen k\u00f6nnen \u2013 interkulturelle Kompetenz inbegriffen.<\/p>\n<\/div><\/section><\/p><\/div>\n<style type=\"text\/css\" data-created_by=\"avia_inline_auto\" id=\"style-css-av-3cr3yo-41e171fc2b04301239c6645c8d3bf693\">\n.flex_column.av-3cr3yo-41e171fc2b04301239c6645c8d3bf693{\nborder-radius:0px 0px 0px 0px;\npadding:20px 20px 20px 20px;\nbackground-color:#f2f2f2;\n}\n<\/style>\n<div  class='flex_column av-3cr3yo-41e171fc2b04301239c6645c8d3bf693 av_three_fifth  avia-builder-el-10  el_after_av_one_full  el_before_av_two_fifth  first flex_column_div  column-top-margin'     ><style type=\"text\/css\" data-created_by=\"avia_inline_auto\" id=\"style-css-av-l0c4001f-e265af27fcce091d0933a94b2195f559\">\n#top .av_textblock_section.av-l0c4001f-e265af27fcce091d0933a94b2195f559 .avia_textblock{\nfont-size:14px;\n}\n<\/style>\n<section  class='av_textblock_section av-l0c4001f-e265af27fcce091d0933a94b2195f559 '  ><div class='avia_textblock' ><p><strong>Inhalt<\/strong><\/p>\n<p><strong><a href=\"#1\">1. Die Bedeutung des Ramadan<\/a><\/strong><\/p>\n<p><strong><a href=\"#2\">2. Ramadan im Grundschulalltag<\/a><\/strong><br \/>\n2.1. Br\u00e4uche kennenlernen<br \/>\n2.2. Gemeinsames Fastenbrechen<br \/>\n2.3. Ramadankalender oder Ramadanlaterne basteln<br \/>\n2.4. Leckere Snacks (nicht nur) zum Fastenbrechen<\/p>\n<\/div><\/section><\/div><\/p>\n\n<style type=\"text\/css\" data-created_by=\"avia_inline_auto\" id=\"style-css-av-vyrvdc-ac64612b225e371d89def3a036002405\">\n.flex_column.av-vyrvdc-ac64612b225e371d89def3a036002405{\nborder-radius:0px 0px 0px 0px;\npadding:0 0 0 0;\n}\n<\/style>\n<div  class='flex_column av-vyrvdc-ac64612b225e371d89def3a036002405 av_two_fifth  avia-builder-el-12  el_after_av_three_fifth  el_before_av_sidebar  flex_column_div av-zero-column-padding  column-top-margin'     ><\/div>\n<div  class='avia-builder-widget-area clearfix  avia-builder-el-13  el_after_av_two_fifth  el_before_av_one_full '><div id=\"text-34\" class=\"widget clearfix widget_text\">\t\t\t<div class=\"textwidget\"><p><a href=\"https:\/\/www.backwinkel.de\/nachhaltig-denken\/\" target=\"\\_blank\" rel=\"noopener\"><br \/>\n<img decoding=\"async\" class=\"werbung-desktop alignnone wp-image-4186 size-full\" src=\"https:\/\/www.backwinkel.de\/blog\/wp-content\/uploads\/2026\/04\/Backwinkel-blog-werbebanner-shop-schule_desktop.jpg\" alt=\"\" width=\"1251\" height=\"201\" \/><br \/>\n<\/a><br \/>\n<a href=\"https:\/\/www.backwinkel.de\/nachhaltig-denken\/\" target=\"\\_blank\" rel=\"noopener\"><br \/>\n<img decoding=\"async\" class=\"werbung-mobile alignnone wp-image-4187 size-full\" src=\"https:\/\/www.backwinkel.de\/blog\/wp-content\/uploads\/2026\/04\/Backwinkel-blog-werbebanner-shop-schule_mobile.jpg\" alt=\"\" width=\"550\" height=\"500\" \/><br \/>\n<\/a><\/p>\n<\/div>\n\t\t<\/div><\/div>\n\n<style type=\"text\/css\" data-created_by=\"avia_inline_auto\" id=\"style-css-av-t9ui34-ce8bc91d05f21937c9c4eeac10b55940\">\n.flex_column.av-t9ui34-ce8bc91d05f21937c9c4eeac10b55940{\nborder-radius:0px 0px 0px 0px;\npadding:0px 0px 0px 0px;\n}\n<\/style>\n<div  class='flex_column av-t9ui34-ce8bc91d05f21937c9c4eeac10b55940 av_one_full  avia-builder-el-14  el_after_av_sidebar  el_before_av_one_full  first flex_column_div av-zero-column-padding  '     ><section  class='av_textblock_section av-l0c40vio-a18d4510e9ac331db8bac52b9b97d4cf '  ><div class='avia_textblock' >\n<style type=\"text\/css\" data-created_by=\"avia_inline_auto\" id=\"style-css-av-rphe8w-6525d425fc1daefba8019f230543e05f\">\n#top .hr.hr-invisible.av-rphe8w-6525d425fc1daefba8019f230543e05f{\nheight:20px;\n}\n<\/style>\n<div  class='hr av-rphe8w-6525d425fc1daefba8019f230543e05f hr-invisible  avia-builder-el-16  el_before_av_button  avia-builder-el-first '><span class='hr-inner '><span class=\"hr-inner-style\"><\/span><\/span><\/div>\n<h2 id=\"1\" class=\"position\">Die Bedeutung des Ramadan<\/h2>\n<p>Der Islam ist mit knapp 2 Milliarden Anh\u00e4ngern nach dem Christentum die gr\u00f6\u00dfte Glaubensgemeinschaft, \u2013nicht nur weltweit, sondern auch in Deutschland, wo nach Sch\u00e4tzungen ca. 5,5 Millionen Muslime leben. Ungef\u00e4hr die H\u00e4lfte der in Deutschland lebenden Muslime hat einen t\u00fcrkischen Migrationshintergrund. \u00dcber 70 Prozent aller in Deutschland lebenden Muslime geh\u00f6ren zur Glaubensgemeinschaft der Sunniten. Die Sunniten bilden weltweit im Islam die gr\u00f6\u00dfte Glaubensgemeinschaft.<\/p>\n<p>Das Fasten im Ramadan von Sonnenauf- bis Sonnenuntergang ist neben Glauben, Gebet, Almosen und der Pilgerfahrt nach Mekka eine der f\u00fcnf S\u00e4ulen des Islams und wird daher in den meisten muslimischen Familien gefeiert. Jedes Jahr verschiebt sich der Fastenmonat um einige Tage nach vorne. Allgemein beginnt der Fastenmonat (als neunter Monat des islamischen Jahres) mit der Sichtung der neuen Mondsichel in der letzten Nacht des Monats Scha\u2019ban. Alternativ gibt es astronomische Berechnungen.<\/p>\n<p>Da der Islam wie jede Religion viele verschiedene Glaubensrichtungen und Rechtsschulen hat, variieren auch einzelne Br\u00e4uche voneinander, doch der Grundgedanke beruht immer auf Enthaltsamkeit und Gemeinschaft. Dabei sollen die Gl\u00e4ubigen nicht nur auf Essen und Trinken am Tag verzichten, sondern auch auf Drogen, Sex, L\u00fcgen, Beleidigungen usw.<\/p>\n<p>Am Ende des Fastenmonats wird drei Tage lang Eid al-Fitr gefeiert, das Fest des Fastenbrechens. Zur Vorbereitung geh\u00f6ren die S\u00e4uberung des Hauses und die Gabe von Almosen. Nat\u00fcrlich wird auch flei\u00dfig gekocht, gebacken oder eingekauft, sowohl S\u00fc\u00dfes als auch andere Speisen. Der erste Tag des Festes beginnt mit einer rituellen Waschung und dem anschlie\u00dfenden Festgebet in der Gemeinschaft. Nach dem Besuch in der Moschee oder auf einem Gebetstag verbringt man den Tag traditionell mit seiner Familie, oft beim \u00e4ltesten Mitglied der Verwandtschaft. Man isst gemeinsam und verbringt Zeit miteinander.<\/p>\n<p>Wie das gemeinsame Fest des Fastenbrechens abl\u00e4uft und welch gro\u00dfe Rolle das Gemeinschaftsgef\u00fchl dabei spielt, lesen Sie im Erfahrungsbericht meines Nachbarn Enes.<\/p>\n<p><a href=\"https:\/\/blog.backwinkel.de\/wp-content\/uploads\/2022\/03\/backwinkel-blog-ramadan-familie-und-gemeinschaft.jpg\"><img decoding=\"async\" class=\"alignnone wp-image-8771\" src=\"https:\/\/blog.backwinkel.de\/wp-content\/uploads\/2022\/03\/backwinkel-blog-ramadan-familie-und-gemeinschaft.jpg\" alt=\"\" width=\"364\" height=\"515\" \/><\/a><\/p>\n<div  class='avia-button-wrap av-1azpdb-b550f41228a939059ee8ac880025e268-wrap avia-button-left  avia-builder-el-17  el_after_av_hr  avia-builder-el-last '><a href='https:\/\/www.backwinkel.de\/downloads\/backwinkel-blog-ramadan-familie-und-gemeinschaft.pdf'  class='avia-button av-1azpdb-b550f41228a939059ee8ac880025e268 av-link-btn avia-icon_select-no avia-size-medium avia-position-left avia-color-theme-color'  target=\"_blank\"  rel=\"noopener noreferrer\"  aria-label=\"Download: Erfahrungsbericht\"><span class='avia_iconbox_title' >Download: Erfahrungsbericht<\/span><\/a><\/div>\n<\/div><\/section><\/div>\n\n<style type=\"text\/css\" data-created_by=\"avia_inline_auto\" id=\"style-css-av-3mhjpc-57305d25fa04bfadeecf30654c50668f\">\n.flex_column.av-3mhjpc-57305d25fa04bfadeecf30654c50668f{\nborder-radius:0px 0px 0px 0px;\npadding:0px 0px 0px 0px;\n}\n<\/style>\n<div  class='flex_column av-3mhjpc-57305d25fa04bfadeecf30654c50668f av_one_full  avia-builder-el-18  el_after_av_one_full  el_before_av_one_full  first flex_column_div av-zero-column-padding  column-top-margin'     ><\/div>\n\n<style type=\"text\/css\" data-created_by=\"avia_inline_auto\" id=\"style-css-av-por2zk-62e8b5ccc0c78955268613e081327de7\">\n.flex_column.av-por2zk-62e8b5ccc0c78955268613e081327de7{\nborder-radius:0px 0px 0px 0px;\npadding:0px 0px 0px 0px;\n}\n<\/style>\n<div  class='flex_column av-por2zk-62e8b5ccc0c78955268613e081327de7 av_one_full  avia-builder-el-19  el_after_av_one_full  el_before_av_textblock  first flex_column_div av-zero-column-padding  column-top-margin'     ><section  class='av_textblock_section av-ohe300-720d330c12279c4595eb454b663be15b '  ><div class='avia_textblock' >\n<style type=\"text\/css\" data-created_by=\"avia_inline_auto\" id=\"style-css-av-mpxpcg-c47021d1975704848c4d3ac77ee267ca\">\n#top .hr.hr-invisible.av-mpxpcg-c47021d1975704848c4d3ac77ee267ca{\nheight:20px;\n}\n<\/style>\n<div  class='hr av-mpxpcg-c47021d1975704848c4d3ac77ee267ca hr-invisible  avia-builder-el-21  avia-builder-el-no-sibling '><span class='hr-inner '><span class=\"hr-inner-style\"><\/span><\/span><\/div>\n<h2 id=\"2\" class=\"position\">Ramadan im Grundschulalltag<\/h2>\n<p>Kinder sind vom Fasten ausgenommen. Erst mit Eintritt in die Pubert\u00e4t gilt das Gebot des Fastens auch f\u00fcr sie. Manche Kinder m\u00f6chten trotzdem fasten, weil es die Erwachsenen ja auch tun. So fasten manche Kinder ein paar Stunden am Tag oder verzichten auf S\u00fc\u00dfes. Nat\u00fcrlich steht die Gesundheit der Kinder dabei immer im Vordergrund.<\/p>\n<p>Aber auch, wenn Kinder nicht fasten, ist der Ramadan ein wichtiger Monat und das gemeinsame Fastenbrechen (Iftar) mit Freunden und Familie ein tolles Erlebnis. Die Kinder bekommen au\u00dferdem in ihren Familien von klein auf mit, dass die Tagesstruktur w\u00e4hrend des Ramadans ver\u00e4ndert ist: Man steht vor Sonnenaufgang auf und fr\u00fchst\u00fcckt gemeinsam, fastet tags\u00fcber und isst nach Sonnenuntergang in der Gemeinschaft. Und das Fest des Fastenbrechens ist f\u00fcr Kinder nat\u00fcrlich sowieso ein Highlight: Sie werden oft beschenkt, verbringen Zeit mit Familie, Verwandtschaft und Freunden und es gibt unz\u00e4hlige Leckereien. Daher haben muslimische Kinder am ersten Tag des Festes in fast allen Bundesl\u00e4ndern Deutschlands schulfrei.<\/p>\n<p>Nutzen Sie also die Gelegenheit, um mit Ihren Kindern \u00fcber den Ramadan zu sprechen. Bestimmt haben Sie auch ein paar Experten in Ihrer Klasse, die den anderen erz\u00e4hlen m\u00f6chten, was dieser Monat oder das Fest ihnen bedeutet und wie sie feiern. Vielleicht bietet sich auch ein Elternteil an, Ihrer Klasse den Ramadan n\u00e4herzubringen.<\/p>\n<\/div><\/section><\/div>\n<section  class='av_textblock_section av-mkmaa5x8-d0393e99e4831ddcf4cb652d7a729411 '  ><div class='avia_textblock' ><p><a href=\"https:\/\/blog.backwinkel.de\/wp-content\/uploads\/2022\/03\/BACKWINKEL_Laterne-Ramadan-1.pdf\"><img decoding=\"async\" class=\"alignnone wp-image-17981 \" src=\"https:\/\/blog.backwinkel.de\/wp-content\/uploads\/2022\/03\/BACKWINKEL_Laterne-Ramadan-1-pdf.jpg\" alt=\"\" width=\"477\" height=\"675\" \/><\/a><\/p>\n<\/div><\/section>\n\n<style type=\"text\/css\" data-created_by=\"avia_inline_auto\" id=\"style-css-av-2qs00w-56fd39513fb729a5e5d5306288fe1faa\">\n.flex_column.av-2qs00w-56fd39513fb729a5e5d5306288fe1faa{\nborder-radius:0px 0px 0px 0px;\npadding:0px 0px 0px 0px;\n}\n<\/style>\n<div  class='flex_column av-2qs00w-56fd39513fb729a5e5d5306288fe1faa av_one_full  avia-builder-el-23  el_after_av_textblock  el_before_av_hr  first flex_column_div av-zero-column-padding  column-top-margin'     ><section  class='av_textblock_section av-mkma7fr7-ea7ae07d1598ee701a569d2af0033d28 '  ><div class='avia_textblock' ><h3>Br\u00e4uche kennenlernen<\/h3>\n<p>Ob Kamishibai, Film, Buch oder Vortrag: Als Einstieg eignen sich viele verschiedene Medien. Auch das Sammeln von Fragen im Klassenverband ist super, denn so ergibt sich durch das anschlie\u00dfende Erarbeiten der Antworten automatisch ein roter Faden:<\/p>\n<ul>\n<li>Was wird zum Fest gegessen? (Erz\u00e4hlungen, Rezepte, gemeinsames Kochen \/ Backen und \/ oder Fastenbrechen, Mitbringen von Spezialit\u00e4ten)<\/li>\n<li>Wie wird das Fest gefeiert? (Erz\u00e4hlungen, Besuch einer Moschee, Kamishibai und B\u00fccher, Kennenlernen des Gebets)<\/li>\n<li>M\u00fcssen alle Muslime fasten? (Erz\u00e4hlungen, gemeinsam \u00fcberlegen, welche Regeln gelten k\u00f6nnten, Ausnahmen kennenlernen, Selbstreflexion: K\u00f6nnte ich das einen ganzen Tag durchhalten?)<\/li>\n<li>Was ist im Ramadan au\u00dfer Fasten wichtig? (Erz\u00e4hlungen, Kamishibai und B\u00fccher, Filme, Kennenlernen der 5 S\u00e4ulen des Islams)<\/li>\n<li>Welche Geschenke und Dekorationen gibt es? (Erz\u00e4hlungen, Mitbringen von Gegenst\u00e4nden, gemeinsames Malen, Basteln)<\/li>\n<li>Welche Gemeinsamkeiten und Unterschiede gibt es zu christlichen oder anderen religi\u00f6sen Festen? (Partnerinterviews, Malen, Basteln, Rezepte)<\/li>\n<\/ul>\n<p>Und wenn Ihre Sch\u00fclerinnen und Sch\u00fcler Ramadan-Experten geworden sind, ist auch ein Quiz eine tolle Idee \u2013 nicht nur innerhalb der Gruppe, sondern vielleicht auch gemeinsam mit anderen Klassen. Vielleicht gestalten die SuS auch Plakate oder stellen ein Kochbuch zusammen.<\/p>\n<p>Ein kleiner Hinweis noch: Leider gibt es einige Kinderb\u00fccher \u00fcber den Ramadan, die nicht ohne Vorurteile und Falschinformationen auskommen. Im Internet finden Sie mehrere Rezensionen, sowohl als Text als auch als Videos, die Ihnen bei der Entscheidung helfen, welche B\u00fccher Sie einsetzen wollen.<\/p>\n<h3>Gemeinsames Fastenbrechen<\/h3>\n<p>Eine der besten M\u00f6glichkeiten, die Delikatessen der verschiedenen muslimischen K\u00fcchen kennenzulernen, ist ein gemeinsames Fastenbrechen, zu dem die SuS Speisen mitbringen. Das bedarf nat\u00fcrlich ein wenig Planung und Absprache. Sie sollten weder die Tage des Festes noch einen Freitag w\u00e4hlen, da das Freitagsgebet nicht nur im Ramadan das wichtigste der Woche ist.<\/p>\n<p>Wenn Sie sich mit allen Beteiligten auf einen Tag geeinigt haben, k\u00f6nnen Sie sich gemeinsam kurz vor Sonnenuntergang in der Schule oder auch in einer Moschee treffen, wenn die M\u00f6glichkeit besteht. Vielleicht haben auch die Eltern der SuS Lust, am Fastenbrechen teilzunehmen.<\/p>\n<h3>Ramadankalender oder Ramadanlaterne basteln<\/h3>\n<p>Der christliche Adventskalender ist f\u00fcr Kinder so eine Art Countdown bis zum Fest. Mittlerweile gibt es \u00e4hnliche Variationen f\u00fcr Ramadankalender, nur eben mit ein paar T\u00fcrchen oder Feldern mehr. Der Fokus liegt darauf, die Tage bewusst zu genie\u00dfen und wird erst abends zum Fastenbrechen ge\u00f6ffnet. Es gibt nat\u00fcrlich eine Vielzahl von Gestaltungsm\u00f6glichkeiten: Mondkalender, T\u00fcrchen mit Spr\u00fcchen oder Bildern dahinter, Kalender mit kleinen Geschenkes\u00e4ckchen usw. Die meisten Varianten lassen sich prima selbst gestalten. F\u00fcr die Klasse bietet sich z. B. der Mondkalender in Form einer Uhr an. Jeden Tag schieben die SuS den Zeiger ein St\u00fcckchen weiter.<\/p>\n<p>Auch eine farbenfrohe Ramadanlaterne ist eine tolle Dekoration. Der Ursprung dieser Laternen wird in \u00c4gypten vermutet. Heutzutage ist sie in mehreren islamischen L\u00e4ndern verbreitet. Es gibt sie in verschiedenen Variationen, z. B. auch als kleine Windlichter. Abgesehen davon gibt es viele Mandalas, Ausmalbilder sowie andere Bastel- und Mal-Ideen rund ums Thema. Es lohnt sich, ein wenig im Internet zu st\u00f6bern.<\/p>\n<h3>Leckere Snacks (nicht nur) zum Fastenbrechen<\/h3>\n<p>Traditionell wird das Fasten am Abend mit Datteln und Wasser oder Milch gebrochen \u2013 zumindest zum Einstieg. Danach gibt es je nach Region oder Land eine Vielzahl leckerer Gerichte, denn meistens ist beim gemeinsamen Fastenbrechen Abwechslung Trumpf. F\u00fcr alle, die nicht backen oder kochen wollen, lohnt sich z. B. ein Besuch in einem t\u00fcrkischen oder arabischen Supermarkt. Dort gibt es auch getrocknete Datteln. Frische Datteln sind hierzulande schwieriger zu bekommen. Online gibt es einige Anbieter.<\/p>\n<p>Orientalische Superm\u00e4rkte bieten zahlreiche S\u00fc\u00dfigkeiten und Snacks wie Sesam- oder Nussriegel, Knabbermischungen, Kekse und Kuchen an. Auch die Obstauswahl ist gro\u00df und weicht von deutschen Superm\u00e4rkten ab \u2013 die perfekte Gelegenheit, sich mit ihren SuS gesund durchs Sortiment zu futtern. (In Somalia werden s\u00fc\u00dfe Fr\u00fcchte \u00fcbrigens einfach auf einen Stiel gesteckt und eingefroren \u2013 fertig ist das Fruchteis.) Auch ein t\u00fcrkischer oder arabischer B\u00e4cker ist eine gute Anlaufstelle f\u00fcr s\u00fc\u00dfe und herzhafte Spezialit\u00e4ten.<\/p>\n<p>Mant\u0131, Kebab, Baklava, orientalische Linsensuppe, gef\u00fclltes Fladenbrot, Aufl\u00e4ufe, Reisgerichte \u2013 es gibt tausende leckere Gerichte aus den verschiedenen muslimischen L\u00e4ndern. Zum gemeinsamen Kochen oder Fastenbrechen mit Ihren Kindern eignen sich am besten Snacks und Fingerfood.<\/p>\n<p>Ein paar Ideen haben wir hier f\u00fcr Sie gesammelt. Die entsprechenden Rezepte finden Sie im Nu online, wenn Sie den Namen des jeweiligen Snacks in eine Suchmaschine Ihrer Wahl eingeben und aufrufen.<\/p>\n<p><strong>Sigara b\u00f6re\u011fi<\/strong> (t\u00fcrkisch)<br \/>\nIn Form und Gr\u00f6\u00dfe \u00e4hnelt dieses Fingerfood einer Zigarre (sigara). Diese gef\u00fcllten Teigr\u00f6llchen werden oft mit Salzlakenk\u00e4se gef\u00fcllt, aber erlaubt ist alles, was gef\u00e4llt: Kartoffeln, gebratenes Gem\u00fcse oder Fleisch sind beliebte Alternativen. In vielen t\u00fcrkischen Lebensmittelgesch\u00e4ften gibt es die R\u00f6llchen \u00fcbrigens vorbereitet zum Fertigbacken.<\/p>\n<p><strong>Lahmeh Bi-Karaz<\/strong> (syrisch)<br \/>\nWer es ein wenig exotischer mag, ist mit diesem Gericht bestens beraten: Die Hackfleischb\u00e4llchen mit Sauerkirschso\u00dfe sind ein besonderes Geschmackserlebnis. Die B\u00e4llchen lassen sich super mit Zahnstochern aufpiksen. Fladenbrot ist sehr lecker dazu.<\/p>\n<p><strong>Falafel<\/strong> (wahrscheinlich \u00e4gyptischen Ursprungs)<br \/>\nDie Kichererbsenb\u00e4llchen sind heutzutage in der orientalischen K\u00fcche weit verbreitet und auch bei uns bekannt. Au\u00dferdem gelten sie in Israel als Nationalgericht. Als vegetarische Variante zu Fleischb\u00e4llchen sind sie ein Genuss f\u00fcr zwischendurch und schmecken fantastisch mit unterschiedlichen So\u00dfen oder Joghurt.<\/p>\n<p><strong>Briouates<\/strong> (marokkanisch)<br \/>\nS\u00fc\u00df oder auch herzhaft gef\u00fcllt machen sich die Bl\u00e4tterteigtaschen super auf dem B\u00fcfett. F\u00fcr s\u00fc\u00dfe F\u00fcllungen eignen sich z. B. Trockenobst, N\u00fcsse oder Erdnussbutter. Auch mit Fleisch, Gem\u00fcse oder K\u00e4se gef\u00fcllt sind die Snacks ein leckerer herzhafter Genuss.<\/p>\n<p><strong>Bolani<\/strong> (afghanisch)<br \/>\nDie gef\u00fcllten Fladenbrote erfreuen sich in Afghanistan gro\u00dfer Beliebtheit. Traditionell werden sie mit Kartoffeln und Zwiebeln, K\u00fcrbis und Zwiebeln oder auch mit Porree gef\u00fcllt. Somit sind sie ein weiterer perfekter vegetarischer Snack, der Lust auf mehr macht. Aber nat\u00fcrlich gilt auch hier: Erlaubt ist, was gef\u00e4llt. Dazu passt Joghurt- oder Knoblauchso\u00dfe.<\/p>\n<p>Viel Vergn\u00fcgen beim Kennenlernen, Zubereiten sowie Genie\u00dfen neuer K\u00f6stlichkeiten und guten Appetit.<\/p>\n<\/div><\/section><\/div>\n\n<style type=\"text\/css\" data-created_by=\"avia_inline_auto\" id=\"style-css-av-lfrjds-176970d846613705dfc81ae7c9736503\">\n#top .hr.av-lfrjds-176970d846613705dfc81ae7c9736503{\nmargin-top:10px;\nmargin-bottom:10px;\n}\n.hr.av-lfrjds-176970d846613705dfc81ae7c9736503 .hr-inner{\nwidth:500;\n}\n<\/style>\n<div  class='hr av-lfrjds-176970d846613705dfc81ae7c9736503 hr-custom  avia-builder-el-25  el_after_av_one_full  el_before_av_one_full  hr-left hr-icon-no'><span class='hr-inner inner-border-av-border-none'><span class=\"hr-inner-style\"><\/span><\/span><\/div>\n\n<style type=\"text\/css\" data-created_by=\"avia_inline_auto\" id=\"style-css-av-j37k1s-ac5e5d5b79cf3592d0626d77a268fdf8\">\n.flex_column.av-j37k1s-ac5e5d5b79cf3592d0626d77a268fdf8{\nborder-radius:0px 0px 0px 0px;\npadding:10px 10px 10px 10px;\nbackground-color:#f2f2f2;\n}\n<\/style>\n<div  class='flex_column av-j37k1s-ac5e5d5b79cf3592d0626d77a268fdf8 av_one_full  avia-builder-el-26  el_after_av_hr  el_before_av_one_full  first flex_column_div  '     ><section  class='av_textblock_section av-gxemps-dad44d52e8421ce723ae2dbf28a05509 '  ><div class='avia_textblock' ><p class=\"fussnoten-quellen\"><strong>Lesen Sie mehr: <\/strong><\/p>\n<p class=\"fussnoten-quellen\">Tolle DIY-Ideen zum Thema Ramadan:<br \/>\n<a href=\"https:\/\/www.dattelbeere.de\/category\/anlass\/ramadan\/\" target=\"_blank\" rel=\"noopener\">https:\/\/www.dattelbeere.de\/category\/anlass\/ramadan\/<\/a><\/p>\n<p class=\"fussnoten-quellen\">Bastelideen zum Ramadan:<br \/>\n<a href=\"https:\/\/www.heimwerker.de\/basteln-fuer-ramadan\/\" target=\"_blank\" rel=\"noopener\">https:\/\/www.heimwerker.de\/basteln-fuer-ramadan\/<\/a><\/p>\n<p class=\"fussnoten-quellen\">Wissenswertes zu Ramadankalendern:<br \/>\n<a href=\"https:\/\/www.kandil.de\/mitteilung\/was-sind-ramadankalender-ramadankalender.de\" target=\"_blank\" rel=\"noopener\">https:\/\/www.kandil.de\/mitteilung\/was-sind-ramadankalender-ramadankalender.de<\/a><\/p>\n<p class=\"fussnoten-quellen\">Unterrichtsmaterialien rund um Ramadan und Zuckerfest:<br \/>\n<a href=\"https:\/\/www.lehrer24.de\/material\/ramadan.html\" target=\"_blank\" rel=\"noopener\">https:\/\/www.lehrer24.de\/material\/ramadan.html<\/a><\/p>\n<p class=\"fussnoten-quellen\">Informationen und Aktionen der Kooperationsplattform dialog-NRW zum Thema Ramadan:<br \/>\n<a href=\"https:\/\/www.ramadan-nrw.de\/ueber-uns\/\" target=\"_blank\" rel=\"noopener\">https:\/\/www.ramadan-nrw.de\/ueber-uns\/<\/a><\/p>\n<p class=\"fussnoten-quellen\">Eine tolle Seite f\u00fcr Kinder \u00fcber verschiedene Religionen mit (Quiz-)Fragen:<br \/>\n<a href=\"https:\/\/www.religionen-entdecken.de\/lexikon\/i\/islam\" target=\"_blank\" rel=\"noopener\">https:\/\/www.religionen-entdecken.de\/lexikon\/i\/islam<\/a><\/p>\n<p class=\"fussnoten-quellen\">https:\/\/de.wikipedia.org\/wiki\/Islam_in_Deutschland<\/p>\n<\/div><\/section><\/div>\n\n<style type=\"text\/css\" data-created_by=\"avia_inline_auto\" id=\"style-css-av-f2wq5s-0d8fd0ffc42f18d8599ae7c08fb21f90\">\n.flex_column.av-f2wq5s-0d8fd0ffc42f18d8599ae7c08fb21f90{\nborder-radius:0px 0px 0px 0px;\npadding:10px 10px 10px 10px;\n}\n<\/style>\n<div  class='flex_column av-f2wq5s-0d8fd0ffc42f18d8599ae7c08fb21f90 av_one_full  avia-builder-el-28  el_after_av_one_full  el_before_av_one_full  first flex_column_div  column-top-margin'     ><section  class='av_textblock_section av-1didps-25d20178932b0c59ab200c774b9b663b '  ><div class='avia_textblock' ><p class=\"copyright\"><strong>\u00a9 Copyright \u2013 Urheberrechtshinweis<\/strong><br \/>\nAlle Inhalte auf www.backwinkel.de sowie www.backwinkel.de\/blog, insbesondere Texte, Fotografien und Grafiken, sind urheberrechtlich gesch\u00fctzt.<br \/>\nDas Urheberrecht liegt, soweit nicht ausdr\u00fccklich anders gekennzeichnet, bei der BACKWINKEL GmbH. Bitte fragen Sie uns, falls Sie die Inhalte dieses Internetangebotes verwenden m\u00f6chten.<br \/>\nWer gegen das Urheberrecht verst\u00f6\u00dft (z. B. Bilder oder Texte unerlaubt kopiert), macht sich gem. \u00a7\u00a7 106 ff UrhG strafbar, wird zudem kostenpflichtig abgemahnt und muss Schadensersatz leisten (\u00a7 97 UrhG).<\/p>\n<\/div><\/section><\/div>\n\n<style type=\"text\/css\" data-created_by=\"avia_inline_auto\" id=\"style-css-av-1a0cog-a9b6a4e65a464c4ca9eb50c66abdd604\">\n.flex_column.av-1a0cog-a9b6a4e65a464c4ca9eb50c66abdd604{\nborder-radius:0px 0px 0px 0px;\npadding:0px 0px 0px 0px;\n}\n<\/style>\n<div  class='flex_column av-1a0cog-a9b6a4e65a464c4ca9eb50c66abdd604 av_one_full  avia-builder-el-30  el_after_av_one_full  avia-builder-el-last  first flex_column_div av-zero-column-padding  column-top-margin'     ><p><section  class='av_textblock_section av-aeh74g-a5cca34103d4bf4526ed5f7209a5bbff '  ><div class='avia_textblock' ><div class=\"shariff shariff-align-left shariff-widget-align-left\"><ul class=\"shariff-buttons theme-color orientation-horizontal buttonsize-medium\"><li class=\"shariff-button whatsapp shariff-nocustomcolor\" style=\"background-color:#5cbe4a\"><a href=\"https:\/\/api.whatsapp.com\/send?text=https%3A%2F%2Fwww.backwinkel.de%2Fblog%2Feid-mubarak%2F%20Eid%20Mubarak\" title=\"Bei Whatsapp teilen\" aria-label=\"Bei Whatsapp teilen\" role=\"button\" rel=\"noopener nofollow\" class=\"shariff-link\" style=\"; background-color:#34af23; color:#fff\" target=\"_blank\"><span class=\"shariff-icon\" style=\"\"><svg width=\"32px\" height=\"20px\" xmlns=\"http:\/\/www.w3.org\/2000\/svg\" viewBox=\"0 0 32 32\"><path fill=\"#34af23\" d=\"M17.6 17.4q0.2 0 1.7 0.8t1.6 0.9q0 0.1 0 0.3 0 0.6-0.3 1.4-0.3 0.7-1.3 1.2t-1.8 0.5q-1 0-3.4-1.1-1.7-0.8-3-2.1t-2.6-3.3q-1.3-1.9-1.3-3.5v-0.1q0.1-1.6 1.3-2.8 0.4-0.4 0.9-0.4 0.1 0 0.3 0t0.3 0q0.3 0 0.5 0.1t0.3 0.5q0.1 0.4 0.6 1.6t0.4 1.3q0 0.4-0.6 1t-0.6 0.8q0 0.1 0.1 0.3 0.6 1.3 1.8 2.4 1 0.9 2.7 1.8 0.2 0.1 0.4 0.1 0.3 0 1-0.9t0.9-0.9zM14 26.9q2.3 0 4.3-0.9t3.6-2.4 2.4-3.6 0.9-4.3-0.9-4.3-2.4-3.6-3.6-2.4-4.3-0.9-4.3 0.9-3.6 2.4-2.4 3.6-0.9 4.3q0 3.6 2.1 6.6l-1.4 4.2 4.3-1.4q2.8 1.9 6.2 1.9zM14 2.2q2.7 0 5.2 1.1t4.3 2.9 2.9 4.3 1.1 5.2-1.1 5.2-2.9 4.3-4.3 2.9-5.2 1.1q-3.5 0-6.5-1.7l-7.4 2.4 2.4-7.2q-1.9-3.2-1.9-6.9 0-2.7 1.1-5.2t2.9-4.3 4.3-2.9 5.2-1.1z\"\/><\/svg><\/span><span class=\"shariff-text\">teilen<\/span>&nbsp;<\/a><\/li><li class=\"shariff-button facebook shariff-nocustomcolor\" style=\"background-color:#4273c8\"><a href=\"https:\/\/www.facebook.com\/sharer\/sharer.php?u=https%3A%2F%2Fwww.backwinkel.de%2Fblog%2Feid-mubarak%2F\" title=\"Bei Facebook teilen\" aria-label=\"Bei Facebook teilen\" role=\"button\" rel=\"nofollow\" class=\"shariff-link\" style=\"; background-color:#3b5998; color:#fff\" target=\"_blank\"><span class=\"shariff-icon\" style=\"\"><svg width=\"32px\" height=\"20px\" xmlns=\"http:\/\/www.w3.org\/2000\/svg\" viewBox=\"0 0 18 32\"><path fill=\"#3b5998\" d=\"M17.1 0.2v4.7h-2.8q-1.5 0-2.1 0.6t-0.5 1.9v3.4h5.2l-0.7 5.3h-4.5v13.6h-5.5v-13.6h-4.5v-5.3h4.5v-3.9q0-3.3 1.9-5.2t5-1.8q2.6 0 4.1 0.2z\"\/><\/svg><\/span><span class=\"shariff-text\">teilen<\/span>&nbsp;<\/a><\/li><li class=\"shariff-button twitter shariff-nocustomcolor\" style=\"background-color:#595959\"><a href=\"https:\/\/twitter.com\/share?url=https%3A%2F%2Fwww.backwinkel.de%2Fblog%2Feid-mubarak%2F&text=Eid%20Mubarak\" title=\"Bei X teilen\" aria-label=\"Bei X teilen\" role=\"button\" rel=\"noopener nofollow\" class=\"shariff-link\" style=\"; background-color:#000; color:#fff\" target=\"_blank\"><span class=\"shariff-icon\" style=\"\"><svg width=\"32px\" height=\"20px\" xmlns=\"http:\/\/www.w3.org\/2000\/svg\" viewBox=\"0 0 24 24\"><path fill=\"#000\" d=\"M14.258 10.152L23.176 0h-2.113l-7.747 8.813L7.133 0H0l9.352 13.328L0 23.973h2.113l8.176-9.309 6.531 9.309h7.133zm-2.895 3.293l-.949-1.328L2.875 1.56h3.246l6.086 8.523.945 1.328 7.91 11.078h-3.246zm0 0\"\/><\/svg><\/span><span class=\"shariff-text\">teilen<\/span>&nbsp;<\/a><\/li><li class=\"shariff-button pinterest shariff-nocustomcolor\" style=\"background-color:#e70f18\"><a href=\"https:\/\/www.pinterest.com\/pin\/create\/link\/?url=https%3A%2F%2Fwww.backwinkel.de%2Fblog%2Feid-mubarak%2F&media=https%3A%2F%2Fwww.backwinkel.de%2Fblog%2Fwp-content%2Fuploads%2F2022%2F03%2Fbackwinkel-blog-eid-mubarak-schule.jpg&description=Eid%20Mubarak\" title=\"Bei Pinterest pinnen\" aria-label=\"Bei Pinterest pinnen\" role=\"button\" rel=\"noopener nofollow\" class=\"shariff-link\" style=\"; background-color:#cb2027; color:#fff\" target=\"_blank\"><span class=\"shariff-icon\" style=\"\"><svg width=\"32px\" height=\"20px\" xmlns=\"http:\/\/www.w3.org\/2000\/svg\" viewBox=\"0 0 27 32\"><path fill=\"#cb2027\" d=\"M27.4 16q0 3.7-1.8 6.9t-5 5-6.9 1.9q-2 0-3.9-0.6 1.1-1.7 1.4-2.9 0.2-0.6 1-3.8 0.4 0.7 1.3 1.2t2 0.5q2.1 0 3.8-1.2t2.7-3.4 0.9-4.8q0-2-1.1-3.8t-3.1-2.9-4.5-1.2q-1.9 0-3.5 0.5t-2.8 1.4-2 2-1.2 2.3-0.4 2.4q0 1.9 0.7 3.3t2.1 2q0.5 0.2 0.7-0.4 0-0.1 0.1-0.5t0.2-0.5q0.1-0.4-0.2-0.8-0.9-1.1-0.9-2.7 0-2.7 1.9-4.6t4.9-2q2.7 0 4.2 1.5t1.5 3.8q0 3-1.2 5.2t-3.1 2.1q-1.1 0-1.7-0.8t-0.4-1.9q0.1-0.6 0.5-1.7t0.5-1.8 0.2-1.4q0-0.9-0.5-1.5t-1.4-0.6q-1.1 0-1.9 1t-0.8 2.6q0 1.3 0.4 2.2l-1.8 7.5q-0.3 1.2-0.2 3.2-3.7-1.6-6-5t-2.3-7.6q0-3.7 1.9-6.9t5-5 6.9-1.9 6.9 1.9 5 5 1.8 6.9z\"\/><\/svg><\/span><span class=\"shariff-text\">merken<\/span>&nbsp;<\/a><\/li><li class=\"shariff-button mailto shariff-nocustomcolor\" style=\"background-color:#a8a8a8\"><a href=\"mailto:?body=https%3A%2F%2Fwww.backwinkel.de%2Fblog%2Feid-mubarak%2F&subject=Eid%20Mubarak\" title=\"Per E-Mail versenden\" aria-label=\"Per E-Mail versenden\" role=\"button\" rel=\"noopener nofollow\" class=\"shariff-link\" style=\"; background-color:#999; color:#fff\"><span class=\"shariff-icon\" style=\"\"><svg width=\"32px\" height=\"20px\" xmlns=\"http:\/\/www.w3.org\/2000\/svg\" viewBox=\"0 0 32 32\"><path fill=\"#999\" d=\"M32 12.7v14.2q0 1.2-0.8 2t-2 0.9h-26.3q-1.2 0-2-0.9t-0.8-2v-14.2q0.8 0.9 1.8 1.6 6.5 4.4 8.9 6.1 1 0.8 1.6 1.2t1.7 0.9 2 0.4h0.1q0.9 0 2-0.4t1.7-0.9 1.6-1.2q3-2.2 8.9-6.1 1-0.7 1.8-1.6zM32 7.4q0 1.4-0.9 2.7t-2.2 2.2q-6.7 4.7-8.4 5.8-0.2 0.1-0.7 0.5t-1 0.7-0.9 0.6-1.1 0.5-0.9 0.2h-0.1q-0.4 0-0.9-0.2t-1.1-0.5-0.9-0.6-1-0.7-0.7-0.5q-1.6-1.1-4.7-3.2t-3.6-2.6q-1.1-0.7-2.1-2t-1-2.5q0-1.4 0.7-2.3t2.1-0.9h26.3q1.2 0 2 0.8t0.9 2z\"\/><\/svg><\/span><span class=\"shariff-text\">E-Mail<\/span>&nbsp;<\/a><\/li><\/ul><\/div>\n<\/div><\/section><br \/>\n<div  class='tabcontainer av-8it2i8-cb2df4a2fcefbf035e7491f90cd600f6 top_tab  avia-builder-el-32  el_after_av_textblock  el_before_av_hr '>\n<section class='av_tab_section av_tab_section av-7i14gw-b61ccc078d3b6db098f9e3a7d4c44e95' ><div id='tab-id-1-tab' class='tab active_tab' role='tab' aria-selected=\"true\" tabindex=\"0\" data-fake-id='#tab-id-1' aria-controls='tab-id-1-content' >Das BACKWINKEL-Blog-Team:<\/div><div id='tab-id-1-content' class='tab_content active_tab_content' role='tabpanel' aria-labelledby='tab-id-1-tab' aria-hidden=\"false\"><div class='tab_inner_content invers-color' ><p><img decoding=\"async\" class=\"wp-image-1768 alignleft\" title=\"BACKWINKEL-Blog \u2013 Das Team\" src=\"https:\/\/blog.backwinkel.de\/wp-content\/uploads\/2018\/10\/backwinkel-blog-autorenbox-intern_preview-300x198.jpg\" alt=\"\" width=\"300\" height=\"198\" \/>Gibts auch ein Gesicht hinter dem BACKWINKEL-Blog? Ja. Vier ?. Drei davon sogar mit Foto.<\/p>\n<p><span style=\"font-style: inherit !important; font-weight: inherit !important;\">Wir \u2013 Lukas, Tatjana, Stefan und Christine \u2013 bespielen unseren Blog unter dem Motto LACHEN LESEN LERNEN. <\/span><\/p>\n<p><span style=\"font-style: inherit !important; font-weight: inherit !important;\">Lukas kennt sich online so gut aus wie in seiner Westentasche und findet immer spannende Themen, w\u00e4hrend Stefan unseren Beitr\u00e4gen den passenden gestalterischen Rahmen gibt und Tatjana mit dem gr\u00fcnen Korrekturstift alles pr\u00fcfend be\u00e4ugt, was unsere Autorin Christine (und gern auch Gastautoren) f\u00fcr den BACKWINKEL-Blog nach ordentlicher Recherche schreibt.<\/span><\/p>\n<p>Gemeinsam suchen wir st\u00e4ndig nach neuen, aufregenden Themen rund um das Thema Bildung im Kiga, der Schule und zu Hause. Und weil Sie da an der Quelle sitzen, freuen wir uns auf Ihre konstruktiven R\u00fcckmeldungen und Anregungen an <a href=\"mailto:blog@backwinkel.de\">blog@backwinkel.de<\/a><\/p>\n<p>Viel Spa\u00df beim LACHEN LESEN LERNEN!<\/p>\n<\/div><\/div><\/section>\n<\/div><br \/>\n\n<style type=\"text\/css\" data-created_by=\"avia_inline_auto\" id=\"style-css-av-5pulgg-44e2b5cfe4b0eb5891f0541e15ceefae\">\n#top .hr.av-5pulgg-44e2b5cfe4b0eb5891f0541e15ceefae{\nmargin-top:10px;\nmargin-bottom:10px;\n}\n.hr.av-5pulgg-44e2b5cfe4b0eb5891f0541e15ceefae .hr-inner{\nwidth:500;\n}\n<\/style>\n<div  class='hr av-5pulgg-44e2b5cfe4b0eb5891f0541e15ceefae hr-custom  avia-builder-el-33  el_after_av_tab_container  el_before_av_heading  hr-left hr-icon-no'><span class='hr-inner inner-border-av-border-thin'><span class=\"hr-inner-style\"><\/span><\/span><\/div><br \/>\n\n<style type=\"text\/css\" data-created_by=\"avia_inline_auto\" id=\"style-css-av-4m875c-718aec83868bee772ede3cb7717fc4d0\">\n#top .av-special-heading.av-4m875c-718aec83868bee772ede3cb7717fc4d0{\npadding-bottom:10px;\n}\nbody .av-special-heading.av-4m875c-718aec83868bee772ede3cb7717fc4d0 .av-special-heading-tag .heading-char{\nfont-size:25px;\n}\n.av-special-heading.av-4m875c-718aec83868bee772ede3cb7717fc4d0 .av-subheading{\nfont-size:15px;\n}\n<\/style>\n<div  class='av-special-heading av-4m875c-718aec83868bee772ede3cb7717fc4d0 av-special-heading-h3 blockquote modern-quote  avia-builder-el-34  el_after_av_hr  el_before_av_blog '><h3 class='av-special-heading-tag '  >PASSENDE BEITR\u00c4GE<\/h3><div class=\"special-heading-border\"><div class=\"special-heading-inner-border\"><\/div><\/div><\/div><br \/>\n<div  data-slideshow-options=\"{&quot;animation&quot;:&quot;fade&quot;,&quot;autoplay&quot;:false,&quot;loop_autoplay&quot;:&quot;once&quot;,&quot;interval&quot;:5,&quot;loop_manual&quot;:&quot;manual-endless&quot;,&quot;autoplay_stopper&quot;:false,&quot;noNavigation&quot;:false,&quot;show_slide_delay&quot;:90}\" class='avia-content-slider avia-content-grid-active avia-content-slider1 avia-content-slider-odd  avia-builder-el-35  el_after_av_heading  avia-builder-el-last  av-slideshow-ui av-control-default   av-no-slider-navigation av-slideshow-manual av-loop-once av-loop-manual-endless ' ><div class=\"avia-content-slider-inner\"><div class=\"slide-entry-wrap\"><article class='slide-entry flex_column  post-entry post-entry-18633 slide-entry-overview slide-loop-1 slide-parity-odd  av_one_third first real-thumbnail posttype-post post-format-standard' ><a href='https:\/\/www.backwinkel.de\/blog\/plastik-recyceln\/' data-rel='slide-1' class='slide-image' title='Plastik recyceln'><img decoding=\"async\" fetchpriority=\"high\" width=\"1200\" height=\"628\" src=\"https:\/\/www.backwinkel.de\/blog\/wp-content\/uploads\/2026\/04\/04_Kiga_Plastik_nachhaltig_nutzen.jpg\" class=\"wp-image-18713 avia-img-lazy-loading-not-18713 attachment-no scaling size-no scaling wp-post-image\" alt=\"\" \/><\/a><div class=\"slide-content\"><header class=\"entry-content-header\" aria-label=\"Slide: Plastik recyceln\"><h3 class='slide-entry-title entry-title ' ><a href='https:\/\/www.backwinkel.de\/blog\/plastik-recyceln\/' title='Plastik recyceln'>Plastik recyceln<\/a><\/h3><span class=\"blog-categories minor-meta\"><a href=\"https:\/\/www.backwinkel.de\/blog\/category\/kindergarten-kita\/\" rel=\"tag\">Kindergarten<\/a> <\/span><span class=\"av-vertical-delimiter\"><\/span><\/header><div class='slide-entry-excerpt entry-content' >Biokunststoff f\u00fcr St\u00fchle, Materialboxen, Spielzeug und Rucks\u00e4cke<\/div><\/div><footer class=\"entry-footer\"><div class=\"slide-meta\"><time class='slide-meta-time updated' >14. April 2026<\/time><\/div><\/footer><\/article><article class='slide-entry flex_column  post-entry post-entry-18716 slide-entry-overview slide-loop-2 slide-parity-even  av_one_third  real-thumbnail posttype-post post-format-standard' ><a href='https:\/\/www.backwinkel.de\/blog\/rechnen-im-anfangsunterricht\/' data-rel='slide-1' class='slide-image' title='Rechnen im Anfangsunterricht'><img decoding=\"async\" fetchpriority=\"high\" width=\"1200\" height=\"628\" src=\"https:\/\/www.backwinkel.de\/blog\/wp-content\/uploads\/2026\/04\/04_Schule_Rechnen_anfangsunterricht.jpg\" class=\"wp-image-18748 avia-img-lazy-loading-not-18748 attachment-no scaling size-no scaling wp-post-image\" alt=\"\" \/><\/a><div class=\"slide-content\"><header class=\"entry-content-header\" aria-label=\"Slide: Rechnen im Anfangsunterricht\"><h3 class='slide-entry-title entry-title ' ><a href='https:\/\/www.backwinkel.de\/blog\/rechnen-im-anfangsunterricht\/' title='Rechnen im Anfangsunterricht'>Rechnen im Anfangsunterricht<\/a><\/h3><span class=\"blog-categories minor-meta\"><a href=\"https:\/\/www.backwinkel.de\/blog\/category\/schule-grundschule\/\" rel=\"tag\">Schule<\/a> <\/span><span class=\"av-vertical-delimiter\"><\/span><\/header><div class='slide-entry-excerpt entry-content' >Das Klassenzimmer als Lernlandschaft<\/div><\/div><footer class=\"entry-footer\"><div class=\"slide-meta\"><time class='slide-meta-time updated' >14. April 2026<\/time><\/div><\/footer><\/article><article class='slide-entry flex_column  post-entry post-entry-18372 slide-entry-overview slide-loop-3 slide-parity-odd  post-entry-last  av_one_third  real-thumbnail posttype-post post-format-standard' ><a href='https:\/\/www.backwinkel.de\/blog\/kranke-kinder-im-kindergarten\/' data-rel='slide-1' class='slide-image' title='Kranke Kinder im Kindergarten'><img decoding=\"async\" fetchpriority=\"high\" width=\"1200\" height=\"628\" src=\"https:\/\/www.backwinkel.de\/blog\/wp-content\/uploads\/2026\/03\/03_Kiga_Kranke_Kinder.jpg\" class=\"wp-image-18451 avia-img-lazy-loading-not-18451 attachment-no scaling size-no scaling wp-post-image\" alt=\"Thema: Kranke Kinder. Auf dem Bild ist ein krankes kleines M\u00e4dchen zu sehen. Eine Frau mit einem Fieberthermometer in der Hand sitzt neben ihr und hat die Hand auf der Stirn des M\u00e4dchens.\" \/><\/a><div class=\"slide-content\"><header class=\"entry-content-header\" aria-label=\"Slide: Kranke Kinder im Kindergarten\"><h3 class='slide-entry-title entry-title ' ><a href='https:\/\/www.backwinkel.de\/blog\/kranke-kinder-im-kindergarten\/' title='Kranke Kinder im Kindergarten'>Kranke Kinder im Kindergarten<\/a><\/h3><span class=\"blog-categories minor-meta\"><a href=\"https:\/\/www.backwinkel.de\/blog\/category\/kindergarten-kita\/\" rel=\"tag\">Kindergarten<\/a> <\/span><span class=\"av-vertical-delimiter\"><\/span><\/header><div class='slide-entry-excerpt entry-content' >Auswirkungen f\u00fcr Kinder, Eltern und Fachkr\u00e4fte<\/div><\/div><footer class=\"entry-footer\"><div class=\"slide-meta\"><time class='slide-meta-time updated' >9. M\u00e4rz 2026<\/time><\/div><\/footer><\/article><\/div><\/div><\/div><\/p><\/div>\n","protected":false},"excerpt":{"rendered":"<p>alles \u00fcber Ramadan und Fastenbrechen <\/p>\n","protected":false},"author":3,"featured_media":8772,"comment_status":"closed","ping_status":"closed","sticky":false,"template":"","format":"standard","meta":{"inline_featured_image":false,"footnotes":""},"categories":[6],"tags":[],"class_list":["post-8768","post","type-post","status-publish","format-standard","has-post-thumbnail","hentry","category-schule-grundschule"],"yoast_head":"<!-- This site is optimized with the Yoast SEO plugin v27.4 - https:\/\/yoast.com\/product\/yoast-seo-wordpress\/ -->\n<title>Eid Mubarak \u00bb Alles \u00fcber Ramadan und Fastenbrechen | BACKWINKEL Blog<\/title>\n<meta name=\"description\" content=\"Eid Mubarak \u00bb Erfahren Sie, welche Bedeutung dem Fastenbrechen zukommt und wie Sie mit Ihren SuS den Ramadan erlebbar machen \u2013 interkulturelle Kompetenz inbegriffen.\" \/>\n<meta name=\"robots\" content=\"index, follow, max-snippet:-1, max-image-preview:large, max-video-preview:-1\" \/>\n<link rel=\"canonical\" href=\"https:\/\/www.backwinkel.de\/blog\/eid-mubarak\/\" \/>\n<meta property=\"og:locale\" content=\"de_DE\" \/>\n<meta property=\"og:type\" content=\"article\" \/>\n<meta property=\"og:title\" content=\"Eid Mubarak \u00bb Alles \u00fcber Ramadan und Fastenbrechen | BACKWINKEL Blog\" \/>\n<meta property=\"og:description\" content=\"Eid Mubarak \u00bb Erfahren Sie, welche Bedeutung dem Fastenbrechen zukommt und wie Sie mit Ihren SuS den Ramadan erlebbar machen \u2013 interkulturelle Kompetenz inbegriffen.\" \/>\n<meta property=\"og:url\" content=\"https:\/\/www.backwinkel.de\/blog\/eid-mubarak\/\" \/>\n<meta property=\"og:site_name\" content=\"BACKWINKEL Blog\" \/>\n<meta property=\"article:published_time\" content=\"2022-03-07T09:00:40+00:00\" \/>\n<meta property=\"article:modified_time\" content=\"2026-04-22T13:55:42+00:00\" \/>\n<meta property=\"og:image\" content=\"https:\/\/www.backwinkel.de\/blog\/wp-content\/uploads\/2022\/03\/backwinkel-blog-eid-mubarak-schule.jpg\" \/>\n\t<meta property=\"og:image:width\" content=\"1200\" \/>\n\t<meta property=\"og:image:height\" content=\"628\" \/>\n\t<meta property=\"og:image:type\" content=\"image\/jpeg\" \/>\n<meta name=\"author\" content=\"BACKWINKEL\" \/>\n<meta name=\"twitter:card\" content=\"summary_large_image\" \/>\n<meta name=\"twitter:label1\" content=\"Verfasst von\" \/>\n\t<meta name=\"twitter:data1\" content=\"BACKWINKEL\" \/>\n\t<meta name=\"twitter:label2\" content=\"Gesch\u00e4tzte Lesezeit\" \/>\n\t<meta name=\"twitter:data2\" content=\"13\u00a0Minuten\" \/>\n<script type=\"application\/ld+json\" class=\"yoast-schema-graph\">{\"@context\":\"https:\\\/\\\/schema.org\",\"@graph\":[{\"@type\":\"Article\",\"@id\":\"https:\\\/\\\/www.backwinkel.de\\\/blog\\\/eid-mubarak\\\/#article\",\"isPartOf\":{\"@id\":\"https:\\\/\\\/www.backwinkel.de\\\/blog\\\/eid-mubarak\\\/\"},\"author\":{\"name\":\"BACKWINKEL\",\"@id\":\"https:\\\/\\\/www.backwinkel.de\\\/blog\\\/#\\\/schema\\\/person\\\/3d64575316540d25f7866264a4b7cd24\"},\"headline\":\"Eid Mubarak\",\"datePublished\":\"2022-03-07T09:00:40+00:00\",\"dateModified\":\"2026-04-22T13:55:42+00:00\",\"mainEntityOfPage\":{\"@id\":\"https:\\\/\\\/www.backwinkel.de\\\/blog\\\/eid-mubarak\\\/\"},\"wordCount\":4039,\"image\":{\"@id\":\"https:\\\/\\\/www.backwinkel.de\\\/blog\\\/eid-mubarak\\\/#primaryimage\"},\"thumbnailUrl\":\"https:\\\/\\\/www.backwinkel.de\\\/blog\\\/wp-content\\\/uploads\\\/2022\\\/03\\\/backwinkel-blog-eid-mubarak-schule.jpg\",\"articleSection\":[\"Schule\"],\"inLanguage\":\"de\"},{\"@type\":\"WebPage\",\"@id\":\"https:\\\/\\\/www.backwinkel.de\\\/blog\\\/eid-mubarak\\\/\",\"url\":\"https:\\\/\\\/www.backwinkel.de\\\/blog\\\/eid-mubarak\\\/\",\"name\":\"Eid Mubarak \u00bb Alles \u00fcber Ramadan und Fastenbrechen | BACKWINKEL Blog\",\"isPartOf\":{\"@id\":\"https:\\\/\\\/www.backwinkel.de\\\/blog\\\/#website\"},\"primaryImageOfPage\":{\"@id\":\"https:\\\/\\\/www.backwinkel.de\\\/blog\\\/eid-mubarak\\\/#primaryimage\"},\"image\":{\"@id\":\"https:\\\/\\\/www.backwinkel.de\\\/blog\\\/eid-mubarak\\\/#primaryimage\"},\"thumbnailUrl\":\"https:\\\/\\\/www.backwinkel.de\\\/blog\\\/wp-content\\\/uploads\\\/2022\\\/03\\\/backwinkel-blog-eid-mubarak-schule.jpg\",\"datePublished\":\"2022-03-07T09:00:40+00:00\",\"dateModified\":\"2026-04-22T13:55:42+00:00\",\"author\":{\"@id\":\"https:\\\/\\\/www.backwinkel.de\\\/blog\\\/#\\\/schema\\\/person\\\/3d64575316540d25f7866264a4b7cd24\"},\"description\":\"Eid Mubarak \u00bb Erfahren Sie, welche Bedeutung dem Fastenbrechen zukommt und wie Sie mit Ihren SuS den Ramadan erlebbar machen \u2013 interkulturelle Kompetenz inbegriffen.\",\"breadcrumb\":{\"@id\":\"https:\\\/\\\/www.backwinkel.de\\\/blog\\\/eid-mubarak\\\/#breadcrumb\"},\"inLanguage\":\"de\",\"potentialAction\":[{\"@type\":\"ReadAction\",\"target\":[\"https:\\\/\\\/www.backwinkel.de\\\/blog\\\/eid-mubarak\\\/\"]}]},{\"@type\":\"ImageObject\",\"inLanguage\":\"de\",\"@id\":\"https:\\\/\\\/www.backwinkel.de\\\/blog\\\/eid-mubarak\\\/#primaryimage\",\"url\":\"https:\\\/\\\/www.backwinkel.de\\\/blog\\\/wp-content\\\/uploads\\\/2022\\\/03\\\/backwinkel-blog-eid-mubarak-schule.jpg\",\"contentUrl\":\"https:\\\/\\\/www.backwinkel.de\\\/blog\\\/wp-content\\\/uploads\\\/2022\\\/03\\\/backwinkel-blog-eid-mubarak-schule.jpg\",\"width\":1200,\"height\":628},{\"@type\":\"BreadcrumbList\",\"@id\":\"https:\\\/\\\/www.backwinkel.de\\\/blog\\\/eid-mubarak\\\/#breadcrumb\",\"itemListElement\":[{\"@type\":\"ListItem\",\"position\":1,\"name\":\"Startseite\",\"item\":\"https:\\\/\\\/blog.backwinkel.de\\\/aktuelles\\\/\"},{\"@type\":\"ListItem\",\"position\":2,\"name\":\"Eid Mubarak\"}]},{\"@type\":\"WebSite\",\"@id\":\"https:\\\/\\\/www.backwinkel.de\\\/blog\\\/#website\",\"url\":\"https:\\\/\\\/www.backwinkel.de\\\/blog\\\/\",\"name\":\"BACKWINKEL Blog\",\"description\":\"f\u00fcr Lehrer, Erzieher und Eltern\",\"potentialAction\":[{\"@type\":\"SearchAction\",\"target\":{\"@type\":\"EntryPoint\",\"urlTemplate\":\"https:\\\/\\\/www.backwinkel.de\\\/blog\\\/?s={search_term_string}\"},\"query-input\":{\"@type\":\"PropertyValueSpecification\",\"valueRequired\":true,\"valueName\":\"search_term_string\"}}],\"inLanguage\":\"de\"},{\"@type\":\"Person\",\"@id\":\"https:\\\/\\\/www.backwinkel.de\\\/blog\\\/#\\\/schema\\\/person\\\/3d64575316540d25f7866264a4b7cd24\",\"name\":\"BACKWINKEL\",\"sameAs\":[\"http:\\\/\\\/www.backwinkel.de\"],\"url\":\"https:\\\/\\\/www.backwinkel.de\\\/blog\\\/author\\\/backwinkel\\\/\"}]}<\/script>\n<!-- \/ Yoast SEO plugin. -->","yoast_head_json":{"title":"Eid Mubarak \u00bb Alles \u00fcber Ramadan und Fastenbrechen | BACKWINKEL Blog","description":"Eid Mubarak \u00bb Erfahren Sie, welche Bedeutung dem Fastenbrechen zukommt und wie Sie mit Ihren SuS den Ramadan erlebbar machen \u2013 interkulturelle Kompetenz inbegriffen.","robots":{"index":"index","follow":"follow","max-snippet":"max-snippet:-1","max-image-preview":"max-image-preview:large","max-video-preview":"max-video-preview:-1"},"canonical":"https:\/\/www.backwinkel.de\/blog\/eid-mubarak\/","og_locale":"de_DE","og_type":"article","og_title":"Eid Mubarak \u00bb Alles \u00fcber Ramadan und Fastenbrechen | BACKWINKEL Blog","og_description":"Eid Mubarak \u00bb Erfahren Sie, welche Bedeutung dem Fastenbrechen zukommt und wie Sie mit Ihren SuS den Ramadan erlebbar machen \u2013 interkulturelle Kompetenz inbegriffen.","og_url":"https:\/\/www.backwinkel.de\/blog\/eid-mubarak\/","og_site_name":"BACKWINKEL Blog","article_published_time":"2022-03-07T09:00:40+00:00","article_modified_time":"2026-04-22T13:55:42+00:00","og_image":[{"width":1200,"height":628,"url":"https:\/\/www.backwinkel.de\/blog\/wp-content\/uploads\/2022\/03\/backwinkel-blog-eid-mubarak-schule.jpg","type":"image\/jpeg"}],"author":"BACKWINKEL","twitter_card":"summary_large_image","twitter_misc":{"Verfasst von":"BACKWINKEL","Gesch\u00e4tzte Lesezeit":"13\u00a0Minuten"},"schema":{"@context":"https:\/\/schema.org","@graph":[{"@type":"Article","@id":"https:\/\/www.backwinkel.de\/blog\/eid-mubarak\/#article","isPartOf":{"@id":"https:\/\/www.backwinkel.de\/blog\/eid-mubarak\/"},"author":{"name":"BACKWINKEL","@id":"https:\/\/www.backwinkel.de\/blog\/#\/schema\/person\/3d64575316540d25f7866264a4b7cd24"},"headline":"Eid Mubarak","datePublished":"2022-03-07T09:00:40+00:00","dateModified":"2026-04-22T13:55:42+00:00","mainEntityOfPage":{"@id":"https:\/\/www.backwinkel.de\/blog\/eid-mubarak\/"},"wordCount":4039,"image":{"@id":"https:\/\/www.backwinkel.de\/blog\/eid-mubarak\/#primaryimage"},"thumbnailUrl":"https:\/\/www.backwinkel.de\/blog\/wp-content\/uploads\/2022\/03\/backwinkel-blog-eid-mubarak-schule.jpg","articleSection":["Schule"],"inLanguage":"de"},{"@type":"WebPage","@id":"https:\/\/www.backwinkel.de\/blog\/eid-mubarak\/","url":"https:\/\/www.backwinkel.de\/blog\/eid-mubarak\/","name":"Eid Mubarak \u00bb Alles \u00fcber Ramadan und Fastenbrechen | BACKWINKEL Blog","isPartOf":{"@id":"https:\/\/www.backwinkel.de\/blog\/#website"},"primaryImageOfPage":{"@id":"https:\/\/www.backwinkel.de\/blog\/eid-mubarak\/#primaryimage"},"image":{"@id":"https:\/\/www.backwinkel.de\/blog\/eid-mubarak\/#primaryimage"},"thumbnailUrl":"https:\/\/www.backwinkel.de\/blog\/wp-content\/uploads\/2022\/03\/backwinkel-blog-eid-mubarak-schule.jpg","datePublished":"2022-03-07T09:00:40+00:00","dateModified":"2026-04-22T13:55:42+00:00","author":{"@id":"https:\/\/www.backwinkel.de\/blog\/#\/schema\/person\/3d64575316540d25f7866264a4b7cd24"},"description":"Eid Mubarak \u00bb Erfahren Sie, welche Bedeutung dem Fastenbrechen zukommt und wie Sie mit Ihren SuS den Ramadan erlebbar machen \u2013 interkulturelle Kompetenz inbegriffen.","breadcrumb":{"@id":"https:\/\/www.backwinkel.de\/blog\/eid-mubarak\/#breadcrumb"},"inLanguage":"de","potentialAction":[{"@type":"ReadAction","target":["https:\/\/www.backwinkel.de\/blog\/eid-mubarak\/"]}]},{"@type":"ImageObject","inLanguage":"de","@id":"https:\/\/www.backwinkel.de\/blog\/eid-mubarak\/#primaryimage","url":"https:\/\/www.backwinkel.de\/blog\/wp-content\/uploads\/2022\/03\/backwinkel-blog-eid-mubarak-schule.jpg","contentUrl":"https:\/\/www.backwinkel.de\/blog\/wp-content\/uploads\/2022\/03\/backwinkel-blog-eid-mubarak-schule.jpg","width":1200,"height":628},{"@type":"BreadcrumbList","@id":"https:\/\/www.backwinkel.de\/blog\/eid-mubarak\/#breadcrumb","itemListElement":[{"@type":"ListItem","position":1,"name":"Startseite","item":"https:\/\/blog.backwinkel.de\/aktuelles\/"},{"@type":"ListItem","position":2,"name":"Eid Mubarak"}]},{"@type":"WebSite","@id":"https:\/\/www.backwinkel.de\/blog\/#website","url":"https:\/\/www.backwinkel.de\/blog\/","name":"BACKWINKEL Blog","description":"f\u00fcr Lehrer, Erzieher und Eltern","potentialAction":[{"@type":"SearchAction","target":{"@type":"EntryPoint","urlTemplate":"https:\/\/www.backwinkel.de\/blog\/?s={search_term_string}"},"query-input":{"@type":"PropertyValueSpecification","valueRequired":true,"valueName":"search_term_string"}}],"inLanguage":"de"},{"@type":"Person","@id":"https:\/\/www.backwinkel.de\/blog\/#\/schema\/person\/3d64575316540d25f7866264a4b7cd24","name":"BACKWINKEL","sameAs":["http:\/\/www.backwinkel.de"],"url":"https:\/\/www.backwinkel.de\/blog\/author\/backwinkel\/"}]}},"_links":{"self":[{"href":"https:\/\/www.backwinkel.de\/blog\/wp-json\/wp\/v2\/posts\/8768","targetHints":{"allow":["GET"]}}],"collection":[{"href":"https:\/\/www.backwinkel.de\/blog\/wp-json\/wp\/v2\/posts"}],"about":[{"href":"https:\/\/www.backwinkel.de\/blog\/wp-json\/wp\/v2\/types\/post"}],"author":[{"embeddable":true,"href":"https:\/\/www.backwinkel.de\/blog\/wp-json\/wp\/v2\/users\/3"}],"replies":[{"embeddable":true,"href":"https:\/\/www.backwinkel.de\/blog\/wp-json\/wp\/v2\/comments?post=8768"}],"version-history":[{"count":5,"href":"https:\/\/www.backwinkel.de\/blog\/wp-json\/wp\/v2\/posts\/8768\/revisions"}],"predecessor-version":[{"id":18951,"href":"https:\/\/www.backwinkel.de\/blog\/wp-json\/wp\/v2\/posts\/8768\/revisions\/18951"}],"wp:featuredmedia":[{"embeddable":true,"href":"https:\/\/www.backwinkel.de\/blog\/wp-json\/wp\/v2\/media\/8772"}],"wp:attachment":[{"href":"https:\/\/www.backwinkel.de\/blog\/wp-json\/wp\/v2\/media?parent=8768"}],"wp:term":[{"taxonomy":"category","embeddable":true,"href":"https:\/\/www.backwinkel.de\/blog\/wp-json\/wp\/v2\/categories?post=8768"},{"taxonomy":"post_tag","embeddable":true,"href":"https:\/\/www.backwinkel.de\/blog\/wp-json\/wp\/v2\/tags?post=8768"}],"curies":[{"name":"wp","href":"https:\/\/api.w.org\/{rel}","templated":true}]}}