{"id":8441,"date":"2022-01-03T09:20:29","date_gmt":"2022-01-03T08:20:29","guid":{"rendered":"https:\/\/www.backwinkel.de\/blog\/?p=8441"},"modified":"2026-04-22T15:46:06","modified_gmt":"2026-04-22T13:46:06","slug":"fasching","status":"publish","type":"post","link":"https:\/\/www.backwinkel.de\/blog\/fasching\/","title":{"rendered":"Karneval, Fasching, Fasnacht"},"content":{"rendered":"\n<style type=\"text\/css\" data-created_by=\"avia_inline_auto\" id=\"style-css-av-17h7hl2-9049c2bb33e744fbd215e864ea6973c3\">\n.flex_column.av-17h7hl2-9049c2bb33e744fbd215e864ea6973c3{\nborder-radius:0px 0px 0px 0px;\npadding:0px 0px 0px 0px;\n}\n<\/style>\n<div  class='flex_column av-17h7hl2-9049c2bb33e744fbd215e864ea6973c3 av_one_full  avia-builder-el-0  el_before_av_three_fifth  avia-builder-el-first  first flex_column_div av-zero-column-padding  '     ><p>\n<style type=\"text\/css\" data-created_by=\"avia_inline_auto\" id=\"style-css-av-16jkxc6-c75afa465a28742a6b24c78ed51e40fb\">\n#top .hr.hr-invisible.av-16jkxc6-c75afa465a28742a6b24c78ed51e40fb{\nmargin-top:0px;\nheight:1px;\n}\n<\/style>\n<div  class='hr av-16jkxc6-c75afa465a28742a6b24c78ed51e40fb hr-invisible  avia-builder-el-1  el_before_av_heading  avia-builder-el-first '><span class='hr-inner '><span class=\"hr-inner-style\"><\/span><\/span><\/div><br \/>\n\n<style type=\"text\/css\" data-created_by=\"avia_inline_auto\" id=\"style-css-av-kxsr6auw-a52f0769bcb9794a96709d2cf6209c28\">\n#top .av-special-heading.av-kxsr6auw-a52f0769bcb9794a96709d2cf6209c28{\npadding-bottom:10px;\n}\nbody .av-special-heading.av-kxsr6auw-a52f0769bcb9794a96709d2cf6209c28 .av-special-heading-tag .heading-char{\nfont-size:25px;\n}\n.av-special-heading.av-kxsr6auw-a52f0769bcb9794a96709d2cf6209c28 .av-subheading{\nfont-size:15px;\n}\n<\/style>\n<div  class='av-special-heading av-kxsr6auw-a52f0769bcb9794a96709d2cf6209c28 av-special-heading-h1 blockquote modern-quote  avia-builder-el-2  el_after_av_hr  el_before_av_post_metadata  av-linked-heading'><h1 class='av-special-heading-tag '  >Karneval, Fasching, Fasnacht \u2013 darum verkleiden Kinder sich so gerne<\/h1><div class='av-subheading av-subheading_below'><p class=\"autorenname\">Elisa Morel<\/p>\n<\/div><div class=\"special-heading-border\"><div class=\"special-heading-inner-border\"><\/div><\/div><\/div><br \/>\n\n<style type=\"text\/css\" data-created_by=\"avia_inline_auto\" id=\"style-css-av-6fa861-b3da511bb068a68541269617d46c076f\">\n#top .av-post-metadata-container.av-6fa861-b3da511bb068a68541269617d46c076f{\nfont-size:12px;\n}\n#top .av-post-metadata-container.av-6fa861-b3da511bb068a68541269617d46c076f .av-post-metadata-container-inner{\nfont-size:12px;\n}\n<\/style>\n<div  class='av-post-metadata-container av-6fa861-b3da511bb068a68541269617d46c076f av-metadata-container-align-left  avia-builder-el-3  el_after_av_heading  el_before_av_textblock  av-metadata-container-1'><div class='av-post-metadata-container-inner'><span class=\"av-post-metadata-content av-post-metadata-meta-content\"><span class=\"av-post-metadata-content av-post-metadata-modified\"><span class=\"av-metadata-before av-metadata-before-modified\">Aktualisiert:<\/span><span class=\"av-post-metadata-modified-date\" >22. April 2026<\/span><\/span><span class=\"av-post-metadata-content av-post-metadata-separator\">\/<\/span><span class=\"av-post-metadata-content av-post-metadata-modified\"><span class=\"av-metadata-before av-metadata-before-modified\">Zuletzt aktualisiert:<\/span><span class=\"av-post-metadata-modified-date\" >22. April 2026<\/span><\/span><\/span><\/div><\/div><br \/>\n\n<style type=\"text\/css\" data-created_by=\"avia_inline_auto\" id=\"style-css-av-kxsr6gzf-ef458cf4fee568b2a69192bdc6e594d9\">\n#top .av_textblock_section.av-kxsr6gzf-ef458cf4fee568b2a69192bdc6e594d9 .avia_textblock{\nfont-size:20px;\n}\n<\/style>\n<section  class='av_textblock_section av-kxsr6gzf-ef458cf4fee568b2a69192bdc6e594d9 '  ><div class='avia_textblock' ><p>Die 5. Jahreszeit wird in Deutschland regional recht unterschiedlich gefeiert und ist in vielen L\u00e4ndern der Welt ein Ereignis. Freude und Verkleidung stehen dabei im Vordergrund \u2013 und auch der Gedanke, dass man mit Tabus brechen kann, indem man aus seiner allt\u00e4glichen Rolle ausbricht.<\/p>\n<\/div><\/section><br \/>\n\n<style type=\"text\/css\" data-created_by=\"avia_inline_auto\" id=\"style-css-av-kxsrdjoo-0591aafb58b034789c1fb01a31f1a11e\">\n.avia-image-container.av-kxsrdjoo-0591aafb58b034789c1fb01a31f1a11e img.avia_image{\nbox-shadow:none;\n}\n.avia-image-container.av-kxsrdjoo-0591aafb58b034789c1fb01a31f1a11e .av-image-caption-overlay-center{\ncolor:#ffffff;\n}\n<\/style>\n<div  class='avia-image-container av-kxsrdjoo-0591aafb58b034789c1fb01a31f1a11e av-styling- avia-align-center  avia-builder-el-5  el_after_av_textblock  el_before_av_hr '  ><div class=\"avia-image-container-inner\"><div class=\"avia-image-overlay-wrap\"><img decoding=\"async\" fetchpriority=\"high\" class='wp-image-8425 avia-img-lazy-loading-not-8425 avia_image ' src=\"https:\/\/www.backwinkel.de\/blog\/wp-content\/uploads\/2021\/12\/backwinkel-blog-karneval-heroimage.jpg\" alt='' title='backwinkel-blog-karneval-heroimage'  height=\"628\" width=\"1200\"  \/><\/div><\/div><\/div><br \/>\n\n<style type=\"text\/css\" data-created_by=\"avia_inline_auto\" id=\"style-css-av-15cdpom-c0e105a58d6ed13f7c758a9e872f9d1d\">\n#top .hr.hr-invisible.av-15cdpom-c0e105a58d6ed13f7c758a9e872f9d1d{\nheight:5px;\n}\n<\/style>\n<div  class='hr av-15cdpom-c0e105a58d6ed13f7c758a9e872f9d1d hr-invisible  avia-builder-el-6  el_after_av_image  el_before_av_textblock '><span class='hr-inner '><span class=\"hr-inner-style\"><\/span><\/span><\/div><br \/>\n\n<style type=\"text\/css\" data-created_by=\"avia_inline_auto\" id=\"style-css-av-kxsr7mao-23579f56164ddc95eeea90f26ae47215\">\n#top .av_textblock_section.av-kxsr7mao-23579f56164ddc95eeea90f26ae47215 .avia_textblock{\nfont-size:10px;\n}\n<\/style>\n<section  class='av_textblock_section av-kxsr7mao-23579f56164ddc95eeea90f26ae47215 '  ><div class='avia_textblock' ><p class=\"bildnennung-beitrag\" style=\"text-align: left;\">\u00a9 photophonie, Adobestock.com<\/p>\n<\/div><\/section><br \/>\n\n<style type=\"text\/css\" data-created_by=\"avia_inline_auto\" id=\"style-css-av-12krw6e-33050091bae7c995fd5bd01ad8c2ed16\">\n#top .hr.hr-invisible.av-12krw6e-33050091bae7c995fd5bd01ad8c2ed16{\nheight:20px;\n}\n<\/style>\n<div  class='hr av-12krw6e-33050091bae7c995fd5bd01ad8c2ed16 hr-invisible  avia-builder-el-8  el_after_av_textblock  el_before_av_textblock '><span class='hr-inner '><span class=\"hr-inner-style\"><\/span><\/span><\/div><br \/>\n\n<style type=\"text\/css\" data-created_by=\"avia_inline_auto\" id=\"style-css-av-kxsr6oh9-5316c9d44c8260e822416e55cea8262a\">\n#top .av_textblock_section.av-kxsr6oh9-5316c9d44c8260e822416e55cea8262a .avia_textblock{\nfont-size:20px;\n}\n<\/style>\n<section  class='av_textblock_section av-kxsr6oh9-5316c9d44c8260e822416e55cea8262a '  ><div class='avia_textblock' ><p>Somit ist Fasching eine tolle Gelegenheit f\u00fcr Kinder, um sich f\u00fcr kurze Zeit in ihr gr\u00f6\u00dftes Vorbild zu verwandeln. Oft fiebern sie schon Wochen im Voraus auf dieses Ereignis hin. Daher erz\u00e4hlen wir Ihnen in diesem Beitrag, warum Verkleiden f\u00fcr Kinder nicht nur toll, sondern auch wichtig ist und haben ein paar Tipps f\u00fcr eine gelungene Kost\u00fcmwahl.<\/p>\n<\/div><\/section><\/p><\/div>\n<style type=\"text\/css\" data-created_by=\"avia_inline_auto\" id=\"style-css-av-dkndi-1bc88429bb2482bf73e7903081d0147a\">\n.flex_column.av-dkndi-1bc88429bb2482bf73e7903081d0147a{\nborder-radius:0px 0px 0px 0px;\npadding:20px 20px 20px 20px;\nbackground-color:#f2f2f2;\n}\n<\/style>\n<div  class='flex_column av-dkndi-1bc88429bb2482bf73e7903081d0147a av_three_fifth  avia-builder-el-10  el_after_av_one_full  el_before_av_two_fifth  first flex_column_div  column-top-margin'     ><style type=\"text\/css\" data-created_by=\"avia_inline_auto\" id=\"style-css-av-zgz47a-466d23bb2f29707d898017551e542b22\">\n#top .av_textblock_section.av-zgz47a-466d23bb2f29707d898017551e542b22 .avia_textblock{\nfont-size:14px;\n}\n<\/style>\n<section  class='av_textblock_section av-zgz47a-466d23bb2f29707d898017551e542b22 '  ><div class='avia_textblock' ><p><strong>Inhalt<\/strong><\/p>\n<p><strong><a href=\"#1\">1. Kinder, Verkleiden und Rollenspiele<\/a><\/strong><br \/>\n1.1. Warum Kinder sich gerne verkleiden<br \/>\n1.2. Was Kinder durchs Verkleiden lernen<\/p>\n<p><strong><a href=\"#2\">2. Karneval im Kindergarten<\/a><\/strong><br \/>\n2.1. Beliebte Kost\u00fcme bei Kindern<br \/>\n2.2. Verkleidungskiste<br \/>\n2.3. Kost\u00fcme selbst basteln<\/p>\n<\/div><\/section><\/div><\/p>\n\n<style type=\"text\/css\" data-created_by=\"avia_inline_auto\" id=\"style-css-av-y4td2u-b8dd6bdfc13535aadc77662482fdd218\">\n.flex_column.av-y4td2u-b8dd6bdfc13535aadc77662482fdd218{\nborder-radius:0px 0px 0px 0px;\npadding:0 0 0 0;\n}\n<\/style>\n<div  class='flex_column av-y4td2u-b8dd6bdfc13535aadc77662482fdd218 av_two_fifth  avia-builder-el-12  el_after_av_three_fifth  el_before_av_sidebar  flex_column_div av-zero-column-padding  column-top-margin'     ><\/div>\n<div  class='avia-builder-widget-area clearfix  avia-builder-el-13  el_after_av_two_fifth  el_before_av_one_full '><div id=\"text-33\" class=\"widget clearfix widget_text\">\t\t\t<div class=\"textwidget\"><p><a href=\"https:\/\/www.backwinkel.de\/nachhaltig-denken\/\" target=\"\\_blank\" rel=\"noopener\"><br \/>\n<img decoding=\"async\" class=\"werbung-desktop alignnone wp-image-4186 size-full\" src=\"https:\/\/www.backwinkel.de\/blog\/wp-content\/uploads\/2026\/04\/Backwinkel-blog-werbebanner-shop-kita-schule_desktop.jpg\" alt=\"\" width=\"1251\" height=\"201\" \/><br \/>\n<\/a><br \/>\n<a href=\"https:\/\/www.backwinkel.de\/nachhaltig-denken\/\" target=\"\\_blank\" rel=\"noopener\"><br \/>\n<img decoding=\"async\" class=\"werbung-mobile alignnone wp-image-4187 size-full\" src=\"https:\/\/www.backwinkel.de\/blog\/wp-content\/uploads\/2026\/04\/Backwinkel-blog-werbebanner-shop-kiga-schule_mobile.jpg\" alt=\"\" width=\"550\" height=\"500\" \/><br \/>\n<\/a><\/p>\n<\/div>\n\t\t<\/div><\/div>\n\n<style type=\"text\/css\" data-created_by=\"avia_inline_auto\" id=\"style-css-av-u3vduu-4e0e3dc52dc18f3c41e9b47633f8df52\">\n.flex_column.av-u3vduu-4e0e3dc52dc18f3c41e9b47633f8df52{\nborder-radius:0px 0px 0px 0px;\npadding:0px 0px 0px 0px;\n}\n<\/style>\n<div  class='flex_column av-u3vduu-4e0e3dc52dc18f3c41e9b47633f8df52 av_one_full  avia-builder-el-14  el_after_av_sidebar  el_before_av_one_full  first flex_column_div av-zero-column-padding  '     ><p><section  class='av_textblock_section av-tpp1xy-1801a830ee7a9eb1b31c033f06bb4e9c '  ><div class='avia_textblock' >\n<style type=\"text\/css\" data-created_by=\"avia_inline_auto\" id=\"style-css-av-qqkyhy-06de7e162b1be36baad04165f759e492\">\n#top .hr.hr-invisible.av-qqkyhy-06de7e162b1be36baad04165f759e492{\nheight:20px;\n}\n<\/style>\n<div  class='hr av-qqkyhy-06de7e162b1be36baad04165f759e492 hr-invisible  avia-builder-el-16  avia-builder-el-no-sibling '><span class='hr-inner '><span class=\"hr-inner-style\"><\/span><\/span><\/div>\n<h2 id=\"1\" class=\"position\">Kinder, Verkleiden und Rollenspiele<\/h2>\n<p>Kinder entwickeln meist ab etwa 3 Jahren, Spa\u00df an Verkleidungen zu entwickeln. Sie genie\u00dfen das Kost\u00fcmieren erst, wenn sie es als solches wahrnehmen k\u00f6nnen \u2013 sowohl bei sich selbst als auch bei anderen. Wenn dem Kind bewusst ist, dass in dem Froschkost\u00fcm noch immer der beste Freund steckt, w\u00e4hrend es selbst gerade eine Fee ist, werden Kinder durch Kost\u00fcmierungen nicht verunsichert, sondern k\u00f6nnen von allen Aspekten der Verkleidung und dem damit verbundenen Rollentausch profitieren.<\/p>\n<p>Dann schl\u00fcpfen sie gern in fremde oder neue Rollen. Dabei k\u00f6nnen sie genau zwischen Rolle und Realit\u00e4t unterscheiden, auch wenn sie noch so gerne als m\u00e4chtiger Power-Ninja durch die Gegend h\u00fcpfen. Gerade dieser Gegensatz zwischen der realen eigenen Rolle und der gew\u00e4hlten Fantasiefigur macht den Reiz f\u00fcr die Kinder aus \u2013 mal kurz ein anderes Wesen sein und aus dem Alltag ausbrechen d\u00fcrfen.<\/p>\n<h3>Warum Kinder sich gerne verkleiden<\/h3>\n<p>Einfach mal jemand anderes sein \u2013 gerade Kinder genie\u00dfen das sehr. Durch das Verkleiden k\u00f6nnen sie sich ihren Lieblingshelden nah f\u00fchlen, und deren Eigenschaften gehen auf das Kind \u00fcber. So k\u00f6nnen die Kinder selbst mal so stark sein wie Pippi Langstrumpf, so mutig wie ein Ritter, so m\u00e4chtig wie ein Zauberer oder so frei wie ein Wildpferd.<\/p>\n<p>Auch die Nachahmung spielt eine Rolle: Viele Kinder beobachten bei ihren Eltern, dass diese je nach Anlass in unterschiedliche \u00bbKost\u00fcme\u00ab schl\u00fcpfen, vom Business-Dress \u00fcber die Sportkleidung bis hin zum Ausgeh-Outfit. Nat\u00fcrlich m\u00f6chten sie dies nachstellen und f\u00fcr sich selbst ausprobieren, wie sich die verschiedenen Verkleidungen und Rollen anf\u00fchlen.<\/p>\n<p>Auch im weiteren Umfeld der Kinder gibt es viele Erwachsene in Berufskleidung, von der \u00c4rztin \u00fcber den Supermarktkassierer bis hin zu Stadtreinigung und Polizei. Viele Berufsbilder samt ihrer Kleidung kennen die Kinder zudem aus ihren Bilderb\u00fcchern und m\u00f6chten dementsprechend selbst einmal Feuerwehrmann oder Astronautin sein.<\/p>\n<p>Fasching ist also der perfekte Anlass, um in die Lieblingsrolle zu schl\u00fcpfen \u2013 aber nat\u00fcrlich eignen sich auch Motto-Partys super zum Verkleiden.<\/p>\n<h3>Was Kinder durchs Verkleiden lernen<\/h3>\n<p>Kost\u00fcmierungen und die damit einhergehenden Rollenspiele bieten viele Vorteile f\u00fcr die kindliche Entwicklung. Zahlreiche Aspekte der Pers\u00f6nlichkeitsbildung werden spielerisch gef\u00f6rdert:<\/p>\n<ul>\n<li>Empathie: Wie verh\u00e4lt sich wohl ein m\u00e4chtiger Zauberer und wie ein kleines K\u00e4tzchen? Die Kinder f\u00fchlen sich in die gew\u00e4hlte Rolle hinein (und haben ihre Rolle ja auch gew\u00e4hlt, weil sie einen pers\u00f6nlichen Bezug zu der jeweiligen Figur f\u00fchlen) und testen sich aus.<\/li>\n<li>Kreativit\u00e4t: Die Kinder spielen nicht nur nach, was sie beobachtet haben oder aus Geschichten kennen, sondern erweitern ihre Rollen und erz\u00e4hlen so ganz neue Geschichten.<\/li>\n<li>Kompensation von Gef\u00fchlen, \u00c4ngsten, W\u00fcnschen: Indem Kinder in andere Rollen schl\u00fcpfen und jemand anders sein k\u00f6nnen, d\u00fcrfen sie auch innerhalb ihrer gew\u00e4hlten Rolle aus ihrer eigenen Rolle ausbrechen: Der Zauberer l\u00e4sst Ungeliebtes einfach verschwinden, der Pirat darf fluchen und wer selbst eine Hexe ist, muss keine Angst mehr vor Hexen haben. Durch das Nachstellen verunsichernder Situationen wie Arztbesuche oder Streits k\u00f6nnen \u00c4ngste kompensiert werden. Gleichzeitig bekommen Sie als Beobachtende einen Einblick, was das Kind aktuell bewegt, wie es sich wahrnimmt, wie es vielleicht gern sein m\u00f6chte.<\/li>\n<li>Selbstsicherheit: Durch Kost\u00fcme k\u00f6nnen Kinder sich in Helden verwandeln und ganz anders auftreten. Sie schauspielern, werden beachtet und f\u00fchlen sich als L\u00f6we oder R\u00e4uber pl\u00f6tzlich mutiger als zuvor. Somit sind sie manchmal auch in der Lage, Dinge zu schaffen, die sie sich vorher nicht zugetraut haben \u2013 der Perspektivwechsel macht es m\u00f6glich.<\/li>\n<li>Kommunikationsf\u00e4higkeit: Indem Kinder das Sprachregister ihrer Figur nachahmen, bildet sich nicht nur ihr Wortschatz aus. Aus der ungewohnten Rolle heraus ergeben sich auch ganz neue Kommunikationsanl\u00e4sse: Wie reagiert die Maus aufs K\u00e4tzchen und umgekehrt? Kann die Fee die Hexe verwandeln und umgekehrt? Muss man Feinde sein oder darf man sich als Cowboy auch mit dem Indianer anfreunden? Somit wird gleichzeitig die Konfliktf\u00e4higkeit gef\u00f6rdert und die Kinder lernen neue Ans\u00e4tze zum Probleml\u00f6sen.<\/li>\n<li>Das Erwachsensein ausprobieren: Wenn Kinder in verschiedene Rollen schl\u00fcpfen, verlassen sie gleichzeitig ihre eigene Perspektive. Sie k\u00f6nnen Erlebtes nachstellen, abwandeln, beeinflussen und setzen sich auch in ihren Rollen als Ritter oder Meerjungfrau oft mit der realen Welt auseinander. Wenn der Ritter am Morgen nichts essen will, weil er gleich zu einem Festmahl auf der Burg eingeladen ist und die Meerjungfrau l\u00e4nger badet, weil Meerjungfrauen sich eben im Wasser am wohlsten f\u00fchlen, lassen sich W\u00fcnsche der Kinder erkennen, die sie im Alltag ohne Ausbruch aus ihrer gewohnten Perspektive vielleicht nicht ge\u00e4u\u00dfert h\u00e4tten. Somit k\u00f6nnen Kost\u00fcmierungen auch die Selbstbestimmung und das Bewusstmachen eigener Bed\u00fcrfnisse f\u00f6rdern.<\/li>\n<\/ul>\n<\/div><\/section><br \/>\n<section  class='av_textblock_section av-kxsrhgi7-ec8972ccc79972d9ed23b369e27fbf97 '  ><div class='avia_textblock' >\n<style type=\"text\/css\" data-created_by=\"avia_inline_auto\" id=\"style-css-av-qqkyhy-2-e0534a9bd273eb030cb225b397e19c95\">\n#top .hr.hr-invisible.av-qqkyhy-2-e0534a9bd273eb030cb225b397e19c95{\nheight:20px;\n}\n<\/style>\n<div  class='hr av-qqkyhy-2-e0534a9bd273eb030cb225b397e19c95 hr-invisible  avia-builder-el-18  avia-builder-el-no-sibling '><span class='hr-inner '><span class=\"hr-inner-style\"><\/span><\/span><\/div>\n<\/div><\/section><br \/>\n<section  class='av_textblock_section av-29p2eu-cbb58283324ec76d45cdb2120e3994f7 '  ><div class='avia_textblock infoboxBlue' ><h4>Kritik am Kost\u00fcmieren bei U4-Kindern<\/h4>\n<p>Es gibt kritische Stimmen, die davon abraten, Kost\u00fcmpartys mit Kindern im Alter von bis zu 3 Jahren zu veranstalten. Entwicklungspsychologe Malte Mienert nennt als Grund, dass die Kinder in diesem jungen Alter vertraute Personen <strong>nicht<\/strong> wiedererkennen, w\u00e4hrend sie die eigene Verkleidung sowieso nicht wahrnehmen. Bereits kleine Ver\u00e4nderungen wie Per\u00fccke, Brille oder eine Nasenattrappe k\u00f6nnen laut Mienert daf\u00fcr sorgen, dass Kleinkinder ihre Bezugspersonen <strong>nicht<\/strong> erkennen, was zu einem Gef\u00fchl der Verunsicherung f\u00fchren kann.<\/p>\n<p>Manche Eltern haben vielleicht schon selbst die Erfahrung gemacht, dass ihre Kinder in fr\u00fchen Jahren verst\u00f6rt reagieren, wenn Mama pl\u00f6tzlich eine andere Haarfarbe hat oder Papa sich den Bart abrasiert. Durch Schminke, ein Kost\u00fcm und eventuelle weitere Requisiten wird dieser Effekt noch gesteigert. Somit k\u00f6nnen Verkleidungen im Umfeld von Kleinkindern zu Unbehagen, Angst und Stress bei den Kleinsten f\u00fchren, anstatt Spa\u00df zu machen.<\/p>\n<p>Mienert beruft sich bei seiner Kritik auf die kindlichen Entwicklungsstufen laut Piaget, wonach Kinder die Stufe des symbolischen oder vorbegrifflichen Denkens erst im Alter von 2 \u2013 4 Jahren erreichen. Erst in dieser Phase nehmen sie z. B. Gegenst\u00e4nde auch in anderer Gestalt als das wahr, was sie sind: Knetmasse bleibt also Knetmasse, egal, ob man daraus einen Elefanten oder ein Haus formt.<\/p>\n<p>Der Rat des Psychologen ist daher, Karneval und sonstige Kost\u00fcmierungsfeste mit Kindern erst ab 4 Jahren zu feiern, wenn sie sowieso in die Phase eintreten, in der sie Spa\u00df an Fantasie- und Rollenspielen entwickeln und somit auch ein Bewusstsein daf\u00fcr, dass andere sie selbst bleiben, auch wenn sie eine Rolle spielen.<\/p>\n<\/div><\/section><\/p><\/div>\n\n<style type=\"text\/css\" data-created_by=\"avia_inline_auto\" id=\"style-css-av-601yhy-7c37e21de377bf2fcd0482093d267226\">\n.flex_column.av-601yhy-7c37e21de377bf2fcd0482093d267226{\nborder-radius:0px 0px 0px 0px;\npadding:0px 0px 0px 0px;\n}\n<\/style>\n<div  class='flex_column av-601yhy-7c37e21de377bf2fcd0482093d267226 av_one_full  avia-builder-el-20  el_after_av_one_full  el_before_av_one_third  first flex_column_div av-zero-column-padding  column-top-margin'     ><section  class='av_textblock_section av-kxsrt2ft-0f2f967ff2a3f79dcfdb47776a2301b2 '  ><div class='avia_textblock' >\n<style type=\"text\/css\" data-created_by=\"avia_inline_auto\" id=\"style-css-av-4qad86-5df046984a86a78cc3e6095be81a8f0c\">\n#top .hr.hr-invisible.av-4qad86-5df046984a86a78cc3e6095be81a8f0c{\nheight:20px;\n}\n<\/style>\n<div  class='hr av-4qad86-5df046984a86a78cc3e6095be81a8f0c hr-invisible  avia-builder-el-22  avia-builder-el-no-sibling '><span class='hr-inner '><span class=\"hr-inner-style\"><\/span><\/span><\/div>\n<h2 id=\"1\" class=\"position\">Karneval im Kindergarten<\/h2>\n<p>Karneval in der Kita ist oft ein Jahres-Highlight f\u00fcr die Kinder: Schon Monate vorher wissen sie, als was sie gerne \u00bbgehen\u00ab m\u00f6chten und haben oft auch konkrete Vorstellungen von ihren Kost\u00fcmen, die manchmal auch sehr von den Erwartungen Erwachsener abweichen k\u00f6nnen.<\/p>\n<p>Wichtig ist, dass die Kinder sich in ihren Kost\u00fcmen wohlf\u00fchlen. Oft braucht es daf\u00fcr auch nichts Teures, Aufwendiges. In Absprache mit den Eltern k\u00f6nnen Sie ein paar Wochen vor Karneval schon einmal vorf\u00fchlen: Welche W\u00fcnsche haben die Kinder? Ist es sinnvoll, in der Einrichtung die M\u00f6glichkeit anzubieten, gemeinsam Kost\u00fcme zu basteln? Gibt es Kinder, die sich nicht verkleiden m\u00f6chten? Durch ein wenig Planung im Vorhinein sorgen Sie so f\u00fcr einen reibungslosen Ablauf Ihrer Faschingsfete.<\/p>\n<h3>Beliebte Kost\u00fcme bei Kindern<\/h3>\n<p>Ob Astronaut, Hexe, Ritter, Prinzessin oder das Lieblingstier \u2013 Kinder schl\u00fcpfen gern in die Rollen ihrer eigenen Helden. So ist es \u00fcberhaupt kein Wunder, dass aktuelle Trends meistens stark gepr\u00e4gt von aktuellen (Kino-)Filmen oder Kinderb\u00fcchern sind. Superhelden und Tiere sowie spannende Berufe sind bei Kindern ebenfalls beliebt.<\/p>\n<p>Es gibt auch Kinder, die sich nicht gern verkleiden. Das ist nat\u00fcrlich auch v\u00f6llig okay, denn Kost\u00fcmieren darf niemals erzwungen werden. Diejenigen, die Spa\u00df daran haben, k\u00f6nnen vielleicht eine kleine Geschichte zur Wahl ihres Kost\u00fcms erz\u00e4hlen \u2013 vielleicht kennen ja nicht alle Kinder das kleine Schlossgespenst, Nils Holgersson oder Vuk, den kleinen Fuchs und k\u00f6nnen noch etwas lernen.<\/p>\n<p><strong>Die Kinder entscheiden selbst \u00fcber ihr Kost\u00fcm <\/strong><\/p>\n<p>In jedem Fall gilt: Die Kost\u00fcmierung muss den Kindern gefallen. Wenn die kleine Dilara also gern ein Cowboy sein m\u00f6chte und Max eine Prinzessin, ist das v\u00f6llig in Ordnung.<\/p>\n<p>Auch die Kritik an \u00bbIndianer\u00ab-Kost\u00fcmen, die in den letzten Jahren in den Medien laut geworden ist, sollten Sie von Kindern fernhalten. Denn solange es Kinderb\u00fccher und -filme wie z. B. \u00bbYakari\u00ab gibt, die den Begriff \u00bbIndianer\u00ab noch immer verwenden, kann man den Kleinsten keinen Vorwurf aus ihrer Begeisterung machen, wenn sie ihren Idolen nacheifern wollen. Kinder tun dies v\u00f6llig vorurteilsfrei und ohne Wissen \u00fcber Kolonialgeschichte, Diskriminierung und V\u00f6lkermord. Und wenn ein Kind sich als Jim Knopf verkleiden m\u00f6chte, handelt es sich nicht um Blackfacing.<\/p>\n<p>Wenn Kinder sich kost\u00fcmieren, gibt es weder richtig noch falsch. Alle d\u00fcrfen sich f\u00fcr die Verkleidung entscheiden, in der sie sich am wohlsten f\u00fchlen. \u00dcber m\u00f6gliche unangemessene Kost\u00fcmierungen wie etwa Terrorist, Axtm\u00f6rderin oder \u00c4hnliches sollten Sie gemeinsam mit den Eltern und Kindern sprechen. Meistens steckt auch hinter diesen Ideen kein b\u00f6ser Gedanke des Kindes.<\/p>\n<h3>Verkleidungskiste<\/h3>\n<p>Verkleiden macht den meisten Kindern immer Spa\u00df. Um Ihren Kindern auch au\u00dferhalb von Faschingsfesten die Gelegenheit zum Kost\u00fcmieren zu geben, rufen Sie einfach eine Verkleidungskiste ins Leben. Starten Sie einen Aufruf in Ihrer Einrichtung: Vielleicht haben die Familien Ihrer Kinder Kleidung zu Hause, die sie aussortieren m\u00f6chten. Mit ein wenig Gl\u00fcck finden Sie auch Eltern, die ein H\u00e4ndchen f\u00fcrs N\u00e4hen und gen\u00fcgend Mu\u00dfe haben, um Sie bei dem Projekt Verkleidungskiste zu unterst\u00fctzen.<\/p>\n<p>Viele ausrangierte Kleidungst\u00fccke verwandeln Sie mit geringem Aufwand (und Hei\u00dfkleber sowie B\u00fcgeleisen) in Kost\u00fcme, z. B. durch farbige Flicken, Federboas oder Bastelwatte. Sogar einige allt\u00e4gliche Kleidungsst\u00fccke von Erwachsenen empfinden Kinder schon als Kost\u00fcm, in das sie gerne einmal schl\u00fcpfen wollen, um \u00bbgro\u00df\u00ab zu sein.<\/p>\n<p>Daher sind auch kleine Requisiten bei Kindern beliebt: H\u00fcte, Krawatten, Brillen, Schmuck, T\u00fccher oder Haarreifen k\u00f6nnen die Kost\u00fcme erg\u00e4nzen bzw. eine vollst\u00e4ndige Verkleidung darstellen. Auch wenn Sie im Kindergarten aufgrund des Zeitaufwands auf Kinderschminke verzichten wollen, k\u00f6nnen Sie Ihren Kindern mit zahlreichen kleinen Accessoires eine Freude machen und ihre Kreativit\u00e4t anregen.<\/p>\n<p>So k\u00f6nnen sich Ihre Kinder auch au\u00dferhalb der Karnevals- und Halloween-Saison verkleiden und ihre Rollenspiele authentischer gestalten. Vielleicht haben die Kinder ja auch Lust auf ein kleines Theaterst\u00fcck?<\/p>\n<h3>Kost\u00fcme selbst basteln<\/h3>\n<p>Gerade bei den Kleinsten ist ein Kost\u00fcm schneller fertig als gedacht. Aus Wolle lassen sich recht einfach Per\u00fccken herstellen, mit ein bisschen Kinderschminke verwandelt sich jedes Gesicht schnell in eine Katze und auch aus einem gro\u00dfen Karton l\u00e4sst sich ohne viel Aufwand ein Roboterkost\u00fcm zaubern.<\/p>\n<p>Im Kleiderschrank der Eltern finden sich oft Kleidungsst\u00fccke wie T\u00fccher und Hemden, mit denen man sich in einen Pirat verwandeln kann \u2013 dann fehlen nur noch die Augenklappe und ein S\u00e4bel, der aus Pappe schnell selbst gebastelt ist.<\/p>\n<p>Im Internet finden sich au\u00dferdem viele Anleitungen und Vorlagen f\u00fcr das Basteln von Masken. Es gibt auch die M\u00f6glichkeit, sich Masken zum Anmalen und Selbstgestalten zu bestellen. Bieten Sie Ihren Kindern einfach unterschiedliche Optionen zum Basteln von Masken an. Die meisten Kinder wissen ziemlich genau, wie sie aussehen wollen und toben sich gerne kreativ aus, wenn Sie Ihnen die M\u00f6glichkeit dazu bieten. Viel Vergn\u00fcgen beim gemeinsamen Kost\u00fcmieren.<\/p>\n<\/div><\/section><\/div>\n<div class='flex_column_table av-jxcy3x4s-fc5d4ad95756edaabc2bc972666892fb sc-av_one_third av-equal-height-column-flextable'>\n<style type=\"text\/css\" data-created_by=\"avia_inline_auto\" id=\"style-css-av-jxcy3x4s-fc5d4ad95756edaabc2bc972666892fb\">\n.flex_column.av-jxcy3x4s-fc5d4ad95756edaabc2bc972666892fb{\nborder-width:1px;\nborder-color:#ebebeb;\nborder-style:solid;\nborder-radius:0px 0px 0px 0px;\npadding:10px 10px 10px 10px;\n}\n<\/style>\n<div  class='flex_column av-jxcy3x4s-fc5d4ad95756edaabc2bc972666892fb av_one_third  avia-builder-el-23  el_after_av_one_full  el_before_av_one_third  first flex_column_table_cell av-equal-height-column av-align-top  column-top-margin'     ><p><section  class='av_textblock_section av-jxcz48fa-bb9d063fc629e33087d192f9b1171959 '  ><div class='avia_textblock' ><p><a href=\"https:\/\/www.backwinkel.de\/komplett-schmink-set.html\" target=\"_blank\" rel=\"noopener\"><img decoding=\"async\" class=\"alignnone wp-image-8436\" src=\"https:\/\/blog.backwinkel.de\/wp-content\/uploads\/2021\/12\/77878.jpeg\" alt=\"\" width=\"500\" height=\"500\" srcset=\"https:\/\/www.backwinkel.de\/blog\/wp-content\/uploads\/2021\/12\/77878.jpeg 700w, https:\/\/www.backwinkel.de\/blog\/wp-content\/uploads\/2021\/12\/77878-36x36.jpeg 36w, https:\/\/www.backwinkel.de\/blog\/wp-content\/uploads\/2021\/12\/77878-180x180.jpeg 180w\" sizes=\"(max-width: 500px) 100vw, 500px\" \/><\/a><\/p>\n<p style=\"font-size: 20px; font-family: urw_grotesk_extra_narrowrg; text-align: left;\">Komplett-Schmink-Set<\/p>\n<p style=\"text-align: left;\"><div  class='avia-button-wrap av-8ssthn-0bd3ff9815c849bd2f0a00aa1509da45-wrap avia-button-center  avia-builder-el-25  avia-builder-el-no-sibling '><a href='https:\/\/www.backwinkel.de\/komplett-schmink-set.html'  class='avia-button av-8ssthn-0bd3ff9815c849bd2f0a00aa1509da45 av-link-btn avia-icon_select-no avia-size-medium avia-position-center avia-color-theme-color'  target=\"_blank\"  rel=\"noopener noreferrer\"  aria-label=\"zum Produkt\"><span class='avia_iconbox_title' >zum Produkt<\/span><\/a><\/div><\/p>\n<\/div><\/section><br \/>\n\n<style type=\"text\/css\" data-created_by=\"avia_inline_auto\" id=\"style-css-av-jkuvdh82-4f37b1a2f5bf0c7f14df31e178d6014c\">\n#top .hr.hr-invisible.av-jkuvdh82-4f37b1a2f5bf0c7f14df31e178d6014c{\nheight:20px;\n}\n<\/style>\n<div  class='hr av-jkuvdh82-4f37b1a2f5bf0c7f14df31e178d6014c hr-invisible  avia-builder-el-26  el_after_av_textblock  avia-builder-el-last '><span class='hr-inner '><span class=\"hr-inner-style\"><\/span><\/span><\/div><\/p><\/div>\n<div class='av-flex-placeholder'><\/div>\n<style type=\"text\/css\" data-created_by=\"avia_inline_auto\" id=\"style-css-av-eires6-37814c9a8bde956ff1e15d6732899e8c\">\n.flex_column.av-eires6-37814c9a8bde956ff1e15d6732899e8c{\nborder-width:1px;\nborder-color:#ebebeb;\nborder-style:solid;\nborder-radius:0px 0px 0px 0px;\npadding:10px 10px 10px 10px;\n}\n<\/style>\n<div  class='flex_column av-eires6-37814c9a8bde956ff1e15d6732899e8c av_one_third  avia-builder-el-27  el_after_av_one_third  el_before_av_one_third  flex_column_table_cell av-equal-height-column av-align-top  column-top-margin'     ><p><section  class='av_textblock_section av-crslue-1cad6f35a5eac213f4467d1b5d41ce2f '  ><div class='avia_textblock' ><p><a href=\"https:\/\/www.backwinkel.de\/kostuem-set-13-stueck.html\" target=\"_blank\" rel=\"noopener\"><img decoding=\"async\" class=\"alignnone wp-image-8438\" src=\"https:\/\/blog.backwinkel.de\/wp-content\/uploads\/2021\/12\/43238.jpeg\" alt=\"\" width=\"500\" height=\"500\" srcset=\"https:\/\/www.backwinkel.de\/blog\/wp-content\/uploads\/2021\/12\/43238.jpeg 600w, https:\/\/www.backwinkel.de\/blog\/wp-content\/uploads\/2021\/12\/43238-36x36.jpeg 36w, https:\/\/www.backwinkel.de\/blog\/wp-content\/uploads\/2021\/12\/43238-180x180.jpeg 180w\" sizes=\"(max-width: 500px) 100vw, 500px\" \/><\/a><\/p>\n<p style=\"font-size: 20px; font-family: urw_grotesk_extra_narrowrg; text-align: left;\">Kost\u00fcm-Set, 13 St\u00fcck<\/p>\n<p style=\"text-align: left;\"><div  class='avia-button-wrap av-bcn1jq-c5b04fb60bb87b6be28cb5038b4c78bb-wrap avia-button-center  avia-builder-el-29  avia-builder-el-no-sibling '><a href='https:\/\/www.backwinkel.de\/kostuem-set-13-stueck.html'  class='avia-button av-bcn1jq-c5b04fb60bb87b6be28cb5038b4c78bb av-link-btn avia-icon_select-no avia-size-medium avia-position-center avia-color-theme-color'  target=\"_blank\"  rel=\"noopener noreferrer\"  aria-label=\"zum Produkt\"><span class='avia_iconbox_title' >zum Produkt<\/span><\/a><\/div><\/p>\n<\/div><\/section><br \/>\n\n<style type=\"text\/css\" data-created_by=\"avia_inline_auto\" id=\"style-css-av-92q852-68af7314e9b44e54cfb23223789223e1\">\n#top .hr.hr-invisible.av-92q852-68af7314e9b44e54cfb23223789223e1{\nheight:20px;\n}\n<\/style>\n<div  class='hr av-92q852-68af7314e9b44e54cfb23223789223e1 hr-invisible  avia-builder-el-30  el_after_av_textblock  avia-builder-el-last '><span class='hr-inner '><span class=\"hr-inner-style\"><\/span><\/span><\/div><\/p><\/div>\n<div class='av-flex-placeholder'><\/div>\n<style type=\"text\/css\" data-created_by=\"avia_inline_auto\" id=\"style-css-av-7vzqc6-abda8521676d2a9dc6ae605772643481\">\n.flex_column.av-7vzqc6-abda8521676d2a9dc6ae605772643481{\nborder-width:1px;\nborder-color:#ebebeb;\nborder-style:solid;\nborder-radius:0px 0px 0px 0px;\npadding:10px 10px 10px 10px;\n}\n<\/style>\n<div  class='flex_column av-7vzqc6-abda8521676d2a9dc6ae605772643481 av_one_third  avia-builder-el-31  el_after_av_one_third  el_before_av_hr  flex_column_table_cell av-equal-height-column av-align-top  column-top-margin'     ><p><section  class='av_textblock_section av-681lfq-a6a7f77f08acfc6bce1a860407c22b05 '  ><div class='avia_textblock' ><p><a href=\"https:\/\/www.backwinkel.de\/mobiler-verkleidungswagen.html\" target=\"_blank\" rel=\"noopener\"><img decoding=\"async\" class=\"alignnone wp-image-8439\" src=\"https:\/\/blog.backwinkel.de\/wp-content\/uploads\/2021\/12\/76168.jpeg\" alt=\"\" width=\"500\" height=\"500\" srcset=\"https:\/\/www.backwinkel.de\/blog\/wp-content\/uploads\/2021\/12\/76168.jpeg 700w, https:\/\/www.backwinkel.de\/blog\/wp-content\/uploads\/2021\/12\/76168-36x36.jpeg 36w, https:\/\/www.backwinkel.de\/blog\/wp-content\/uploads\/2021\/12\/76168-180x180.jpeg 180w\" sizes=\"(max-width: 500px) 100vw, 500px\" \/><\/a><\/p>\n<p style=\"font-size: 20px; font-family: urw_grotesk_extra_narrowrg; text-align: left;\">Mobiler Verkleidungswagen<\/p>\n<p style=\"text-align: left;\"><div  class='avia-button-wrap av-44aefa-62410785bb6608d06cfb1844be35b035-wrap avia-button-center  avia-builder-el-33  avia-builder-el-no-sibling '><a href='https:\/\/www.backwinkel.de\/mobiler-verkleidungswagen.html'  class='avia-button av-44aefa-62410785bb6608d06cfb1844be35b035 av-link-btn avia-icon_select-no avia-size-medium avia-position-center avia-color-theme-color'  target=\"_blank\"  rel=\"noopener noreferrer\"  aria-label=\"zum Produkt\"><span class='avia_iconbox_title' >zum Produkt<\/span><\/a><\/div><\/p>\n<\/div><\/section><br \/>\n\n<style type=\"text\/css\" data-created_by=\"avia_inline_auto\" id=\"style-css-av-2ddqna-128fdccf0cd1a724e5650fa841309a44\">\n#top .hr.hr-invisible.av-2ddqna-128fdccf0cd1a724e5650fa841309a44{\nheight:20px;\n}\n<\/style>\n<div  class='hr av-2ddqna-128fdccf0cd1a724e5650fa841309a44 hr-invisible  avia-builder-el-34  el_after_av_textblock  avia-builder-el-last '><span class='hr-inner '><span class=\"hr-inner-style\"><\/span><\/span><\/div><\/p><\/div><\/div><!--close column table wrapper. Autoclose: 1 -->\n\n<style type=\"text\/css\" data-created_by=\"avia_inline_auto\" id=\"style-css-av-l7w6hy-09f0dfcc933fb3859e9fbf93c452986a\">\n#top .hr.av-l7w6hy-09f0dfcc933fb3859e9fbf93c452986a{\nmargin-top:10px;\nmargin-bottom:10px;\n}\n.hr.av-l7w6hy-09f0dfcc933fb3859e9fbf93c452986a .hr-inner{\nwidth:500;\n}\n<\/style>\n<div  class='hr av-l7w6hy-09f0dfcc933fb3859e9fbf93c452986a hr-custom  avia-builder-el-35  el_after_av_one_third  el_before_av_one_full  hr-left hr-icon-no'><span class='hr-inner inner-border-av-border-none'><span class=\"hr-inner-style\"><\/span><\/span><\/div>\n\n<style type=\"text\/css\" data-created_by=\"avia_inline_auto\" id=\"style-css-av-ipc5dy-76763e4e5775cd766850e74db39452bc\">\n.flex_column.av-ipc5dy-76763e4e5775cd766850e74db39452bc{\nborder-radius:0px 0px 0px 0px;\npadding:10px 10px 10px 10px;\nbackground-color:#f2f2f2;\n}\n<\/style>\n<div  class='flex_column av-ipc5dy-76763e4e5775cd766850e74db39452bc av_one_full  avia-builder-el-36  el_after_av_hr  el_before_av_one_full  first flex_column_div  '     ><section  class='av_textblock_section av-hhi7ty-5af9e1048b5adf65f6e4bfb23efdd759 '  ><div class='avia_textblock' ><p class=\"fussnoten-quellen\"><strong>Lesen Sie mehr: <\/strong><\/p>\n<p class=\"fussnoten-quellen\">Tierschutz in der Schule \u2013 Ein Projekt von \u00c4rzte gegen Tierversuche<br \/>\n<a href=\"https:\/\/www.tierschutz-in-der-schule.de\/\" target=\"_blank\" rel=\"noopener\">https:\/\/www.tierschutz-in-der-schule.de\/ <\/a><\/p>\n<p class=\"fussnoten-quellen\">Die kognitiven Entwicklungsstufen nach Piaget:<br \/>\n<a href=\"https:\/\/arbeitsblaetter.stangl-taller.at\/KOGNITIVEENTWICKLUNG\/PiagetmodellStufen.shtml\" target=\"_blank\" rel=\"noopener\">https:\/\/arbeitsblaetter.stangl-taller.at\/KOGNITIVEENTWICKLUNG\/PiagetmodellStufen.shtml<\/a><\/p>\n<p class=\"fussnoten-quellen\">Faschingskost\u00fcm selber machen \u2013 die besten Ideen, 05.02.2020:<br \/>\n<a href=\"https:\/\/www.brigitte.de\/leben\/wohnen\/selbermachen\/fasching--karneval-kostueme-und-deko-zum-selbermachen-10191164.html\" target=\"_blank\" rel=\"noopener\">https:\/\/www.brigitte.de\/leben\/wohnen\/selbermachen\/fasching&#8211;karneval-kostueme-und-deko-zum-selbermachen-10191164.html<\/a><\/p>\n<p class=\"fussnoten-quellen\">Anne Seidel: \u00bbKinder Fasching Maske \u2013 22 Ideen zum Basteln und Ausdrucken\u00ab, 06.01.2016:<br \/>\n<a href=\"https:\/\/deavita.com\/dekoration\/fasching\/kinder-fasching-maske-diy-ideen-basteln.html\" target=\"_blank\" rel=\"noopener\">https:\/\/deavita.com\/dekoration\/fasching\/kinder-fasching-maske-diy-ideen-basteln.html<\/a><\/p>\n<p class=\"fussnoten-quellen\">Jessica Adolf und Katja Grundmann: \u00bbKarnevalskost\u00fcme selber machen\u00ab<br \/>\n<a href=\"https:\/\/www.geo.de\/geolino\/basteln\/4750-rtkl-basteltipp-karnevalskostueme-selber-machen\" target=\"_blank\" rel=\"noopener\">https:\/\/www.geo.de\/geolino\/basteln\/4750-rtkl-basteltipp-karnevalskostueme-selber-machen<\/a><\/p>\n<p class=\"fussnoten-quellen\">\u00bbWarum das Verkleiden f\u00fcr Kinder wichtig ist\u00ab, 03.09.2021:<br \/>\n<a href=\"https:\/\/gedankenwelt.de\/warum-das-verkleiden-fuer-kinder-wichtig-ist\/\" target=\"_blank\" rel=\"noopener\">https:\/\/gedankenwelt.de\/warum-das-verkleiden-fuer-kinder-wichtig-ist\/<\/a><\/p>\n<p class=\"fussnoten-quellen\">Sonja Hagl: \u00bbVerkleidungskiste: Was rein sollte &amp; wie du sie g\u00fcnstig bef\u00fcllst\u00ab, 06.02.2020:<br \/>\n<a href=\"https:\/\/www.hallo-eltern.de\/kind\/verkleiden-spielen\/\" target=\"_blank\" rel=\"noopener\">https:\/\/www.hallo-eltern.de\/kind\/verkleiden-spielen\/<\/a><\/p>\n<p class=\"fussnoten-quellen\">Elke Leger: \u00bbSpa\u00df am Verkleiden: Kinder lieben Rollenspiele\u00ab, 09.10.2014:<br \/>\n<a href=\"https:\/\/www.herder.de\/kizz\/aktivitaeten-mit-kindern\/kinderspiele\/spass-am-verkleiden-kinder-lieben-rollenspiele\/\" target=\"_blank\" rel=\"noopener\">https:\/\/www.herder.de\/kizz\/aktivitaeten-mit-kindern\/kinderspiele\/spass-am-verkleiden-kinder-lieben-rollenspiele\/<\/a><\/p>\n<p class=\"fussnoten-quellen\">\u00bbKost\u00fcmieren und Verkleiden\u00ab (Toleranz der Erwachsenen gegen\u00fcber der kindlichen Kost\u00fcmwahl), 02.02.2018:<br \/>\n<a href=\"https:\/\/www.kinder.de\/themen\/familienleben\/familienleben-spiel-spass\/kostuemieren-und-verkleiden\/\" target=\"_blank\" rel=\"noopener\">https:\/\/www.kinder.de\/themen\/familienleben\/familienleben-spiel-spass\/kostuemieren-und-verkleiden\/<\/a><\/p>\n<p class=\"fussnoten-quellen\">\u00bbKinder verkleiden sich nicht nur gern an Karneval\u00ab, 29.01.2016:<br \/>\n<a href=\"https:\/\/www.kindererziehung.com\/news-leser\/kinder-verkleiden-sich-nicht-nur-gern-an-karneval00913.php\" target=\"_blank\" rel=\"noopener\">https:\/\/www.kindererziehung.com\/news-leser\/kinder-verkleiden-sich-nicht-nur-gern-an-karneval00913.php<\/a><\/p>\n<p class=\"fussnoten-quellen\">Ulrike Lindner: \u00bbWarum sich Kinder gern verkleiden\u00ab:<br \/>\n<a href=\"https:\/\/www.lernando.de\/magazin\/45\/Warum-sich-Kinder-gern-verkleiden\" target=\"_blank\" rel=\"noopener\">https:\/\/www.lernando.de\/magazin\/45\/Warum-sich-Kinder-gern-verkleiden<\/a><\/p>\n<p class=\"fussnoten-quellen\">\u00bbEntwicklungspsychologe r\u00e4t: Keinen Karneval mit kleinen Kindern feiern\u00ab (Kritik an Karnevalsfeiern), 06.02.2020:<br \/>\n<a href=\"https:\/\/www.rnd.de\/familie\/entwicklungspsychologe-rat-keinen-karneval-mit-kleinen-kindern-feiern-USOQYTHXS656SXUHWQYPYBNGE4.html\" target=\"_blank\" rel=\"noopener\">https:\/\/www.rnd.de\/familie\/entwicklungspsychologe-rat-keinen-karneval-mit-kleinen-kindern-feiern-USOQYTHXS656SXUHWQYPYBNGE4.html<\/a><\/p>\n<p class=\"fussnoten-quellen\">\u00bbKarneval in der Kita \u2013 ist das f\u00fcr Kinder sch\u00e4dlich?\u00ab Interview mit Entwicklungspsychologe Mienert, 08.02.2020:<br \/>\n<a href=\"https:\/\/www.spiegel.de\/panorama\/bildung\/karneval-in-der-kita-ist-das-fuer-kinder-schaedlich-a-68b42f83-c0f9-44eb-9a02-8afabbaeb684\" target=\"_blank\" rel=\"noopener\">https:\/\/www.spiegel.de\/panorama\/bildung\/karneval-in-der-kita-ist-das-fuer-kinder-schaedlich-a-68b42f83-c0f9-44eb-9a02-8afabbaeb684<\/a><\/p>\n<\/div><\/section><\/div>\n\n<style type=\"text\/css\" data-created_by=\"avia_inline_auto\" id=\"style-css-av-f99ucm-459a9b09ec1cca57386c87577fa5d864\">\n.flex_column.av-f99ucm-459a9b09ec1cca57386c87577fa5d864{\nborder-radius:0px 0px 0px 0px;\npadding:10px 10px 10px 10px;\n}\n<\/style>\n<div  class='flex_column av-f99ucm-459a9b09ec1cca57386c87577fa5d864 av_one_full  avia-builder-el-38  el_after_av_one_full  el_before_av_one_full  first flex_column_div  column-top-margin'     ><section  class='av_textblock_section av-e9pu3q-08bb505a3f88e0e0079275c51ff0006c '  ><div class='avia_textblock' ><p class=\"copyright\"><strong>\u00a9 Copyright \u2013 Urheberrechtshinweis<\/strong><br \/>\nAlle Inhalte auf www.backwinkel.de sowie www.backwinkel.de\/blog, insbesondere Texte, Fotografien und Grafiken, sind urheberrechtlich gesch\u00fctzt.<br \/>\nDas Urheberrecht liegt, soweit nicht ausdr\u00fccklich anders gekennzeichnet, bei der BACKWINKEL GmbH. Bitte fragen Sie uns, falls Sie die Inhalte dieses Internetangebotes verwenden m\u00f6chten.<br \/>\nWer gegen das Urheberrecht verst\u00f6\u00dft (z. B. Bilder oder Texte unerlaubt kopiert), macht sich gem. \u00a7\u00a7 106 ff UrhG strafbar, wird zudem kostenpflichtig abgemahnt und muss Schadensersatz leisten (\u00a7 97 UrhG).<\/p>\n<\/div><\/section><\/div>\n\n<style type=\"text\/css\" data-created_by=\"avia_inline_auto\" id=\"style-css-av-1b8a7a-30158fdbe606edc5201aec92d873617e\">\n.flex_column.av-1b8a7a-30158fdbe606edc5201aec92d873617e{\nborder-radius:0px 0px 0px 0px;\npadding:0px 0px 0px 0px;\n}\n<\/style>\n<div  class='flex_column av-1b8a7a-30158fdbe606edc5201aec92d873617e av_one_full  avia-builder-el-40  el_after_av_one_full  avia-builder-el-last  first flex_column_div av-zero-column-padding  column-top-margin'     ><p><section  class='av_textblock_section av-a7tkba-3a447fc653fa0063ea78067240bdd625 '  ><div class='avia_textblock' ><div class=\"shariff shariff-align-left shariff-widget-align-left\"><ul class=\"shariff-buttons theme-color orientation-horizontal buttonsize-medium\"><li class=\"shariff-button whatsapp shariff-nocustomcolor\" style=\"background-color:#5cbe4a\"><a href=\"https:\/\/api.whatsapp.com\/send?text=https%3A%2F%2Fwww.backwinkel.de%2Fblog%2Ffasching%2F%20Karneval%2C%20Fasching%2C%20Fasnacht\" title=\"Bei Whatsapp teilen\" aria-label=\"Bei Whatsapp teilen\" role=\"button\" rel=\"noopener nofollow\" class=\"shariff-link\" style=\"; background-color:#34af23; color:#fff\" target=\"_blank\"><span class=\"shariff-icon\" style=\"\"><svg width=\"32px\" height=\"20px\" xmlns=\"http:\/\/www.w3.org\/2000\/svg\" viewBox=\"0 0 32 32\"><path fill=\"#34af23\" d=\"M17.6 17.4q0.2 0 1.7 0.8t1.6 0.9q0 0.1 0 0.3 0 0.6-0.3 1.4-0.3 0.7-1.3 1.2t-1.8 0.5q-1 0-3.4-1.1-1.7-0.8-3-2.1t-2.6-3.3q-1.3-1.9-1.3-3.5v-0.1q0.1-1.6 1.3-2.8 0.4-0.4 0.9-0.4 0.1 0 0.3 0t0.3 0q0.3 0 0.5 0.1t0.3 0.5q0.1 0.4 0.6 1.6t0.4 1.3q0 0.4-0.6 1t-0.6 0.8q0 0.1 0.1 0.3 0.6 1.3 1.8 2.4 1 0.9 2.7 1.8 0.2 0.1 0.4 0.1 0.3 0 1-0.9t0.9-0.9zM14 26.9q2.3 0 4.3-0.9t3.6-2.4 2.4-3.6 0.9-4.3-0.9-4.3-2.4-3.6-3.6-2.4-4.3-0.9-4.3 0.9-3.6 2.4-2.4 3.6-0.9 4.3q0 3.6 2.1 6.6l-1.4 4.2 4.3-1.4q2.8 1.9 6.2 1.9zM14 2.2q2.7 0 5.2 1.1t4.3 2.9 2.9 4.3 1.1 5.2-1.1 5.2-2.9 4.3-4.3 2.9-5.2 1.1q-3.5 0-6.5-1.7l-7.4 2.4 2.4-7.2q-1.9-3.2-1.9-6.9 0-2.7 1.1-5.2t2.9-4.3 4.3-2.9 5.2-1.1z\"\/><\/svg><\/span><span class=\"shariff-text\">teilen<\/span>&nbsp;<\/a><\/li><li class=\"shariff-button facebook shariff-nocustomcolor\" style=\"background-color:#4273c8\"><a href=\"https:\/\/www.facebook.com\/sharer\/sharer.php?u=https%3A%2F%2Fwww.backwinkel.de%2Fblog%2Ffasching%2F\" title=\"Bei Facebook teilen\" aria-label=\"Bei Facebook teilen\" role=\"button\" rel=\"nofollow\" class=\"shariff-link\" style=\"; background-color:#3b5998; color:#fff\" target=\"_blank\"><span class=\"shariff-icon\" style=\"\"><svg width=\"32px\" height=\"20px\" xmlns=\"http:\/\/www.w3.org\/2000\/svg\" viewBox=\"0 0 18 32\"><path fill=\"#3b5998\" d=\"M17.1 0.2v4.7h-2.8q-1.5 0-2.1 0.6t-0.5 1.9v3.4h5.2l-0.7 5.3h-4.5v13.6h-5.5v-13.6h-4.5v-5.3h4.5v-3.9q0-3.3 1.9-5.2t5-1.8q2.6 0 4.1 0.2z\"\/><\/svg><\/span><span class=\"shariff-text\">teilen<\/span>&nbsp;<\/a><\/li><li class=\"shariff-button twitter shariff-nocustomcolor\" style=\"background-color:#595959\"><a href=\"https:\/\/twitter.com\/share?url=https%3A%2F%2Fwww.backwinkel.de%2Fblog%2Ffasching%2F&text=Karneval%2C%20Fasching%2C%20Fasnacht\" title=\"Bei X teilen\" aria-label=\"Bei X teilen\" role=\"button\" rel=\"noopener nofollow\" class=\"shariff-link\" style=\"; background-color:#000; color:#fff\" target=\"_blank\"><span class=\"shariff-icon\" style=\"\"><svg width=\"32px\" height=\"20px\" xmlns=\"http:\/\/www.w3.org\/2000\/svg\" viewBox=\"0 0 24 24\"><path fill=\"#000\" d=\"M14.258 10.152L23.176 0h-2.113l-7.747 8.813L7.133 0H0l9.352 13.328L0 23.973h2.113l8.176-9.309 6.531 9.309h7.133zm-2.895 3.293l-.949-1.328L2.875 1.56h3.246l6.086 8.523.945 1.328 7.91 11.078h-3.246zm0 0\"\/><\/svg><\/span><span class=\"shariff-text\">teilen<\/span>&nbsp;<\/a><\/li><li class=\"shariff-button pinterest shariff-nocustomcolor\" style=\"background-color:#e70f18\"><a href=\"https:\/\/www.pinterest.com\/pin\/create\/link\/?url=https%3A%2F%2Fwww.backwinkel.de%2Fblog%2Ffasching%2F&media=https%3A%2F%2Fwww.backwinkel.de%2Fblog%2Fwp-content%2Fuploads%2F2021%2F12%2Fbackwinkel-blog-karneval-heroimage-1.jpg&description=Karneval%2C%20Fasching%2C%20Fasnacht\" title=\"Bei Pinterest pinnen\" aria-label=\"Bei Pinterest pinnen\" role=\"button\" rel=\"noopener nofollow\" class=\"shariff-link\" style=\"; background-color:#cb2027; color:#fff\" target=\"_blank\"><span class=\"shariff-icon\" style=\"\"><svg width=\"32px\" height=\"20px\" xmlns=\"http:\/\/www.w3.org\/2000\/svg\" viewBox=\"0 0 27 32\"><path fill=\"#cb2027\" d=\"M27.4 16q0 3.7-1.8 6.9t-5 5-6.9 1.9q-2 0-3.9-0.6 1.1-1.7 1.4-2.9 0.2-0.6 1-3.8 0.4 0.7 1.3 1.2t2 0.5q2.1 0 3.8-1.2t2.7-3.4 0.9-4.8q0-2-1.1-3.8t-3.1-2.9-4.5-1.2q-1.9 0-3.5 0.5t-2.8 1.4-2 2-1.2 2.3-0.4 2.4q0 1.9 0.7 3.3t2.1 2q0.5 0.2 0.7-0.4 0-0.1 0.1-0.5t0.2-0.5q0.1-0.4-0.2-0.8-0.9-1.1-0.9-2.7 0-2.7 1.9-4.6t4.9-2q2.7 0 4.2 1.5t1.5 3.8q0 3-1.2 5.2t-3.1 2.1q-1.1 0-1.7-0.8t-0.4-1.9q0.1-0.6 0.5-1.7t0.5-1.8 0.2-1.4q0-0.9-0.5-1.5t-1.4-0.6q-1.1 0-1.9 1t-0.8 2.6q0 1.3 0.4 2.2l-1.8 7.5q-0.3 1.2-0.2 3.2-3.7-1.6-6-5t-2.3-7.6q0-3.7 1.9-6.9t5-5 6.9-1.9 6.9 1.9 5 5 1.8 6.9z\"\/><\/svg><\/span><span class=\"shariff-text\">merken<\/span>&nbsp;<\/a><\/li><li class=\"shariff-button mailto shariff-nocustomcolor\" style=\"background-color:#a8a8a8\"><a href=\"mailto:?body=https%3A%2F%2Fwww.backwinkel.de%2Fblog%2Ffasching%2F&subject=Karneval%2C%20Fasching%2C%20Fasnacht\" title=\"Per E-Mail versenden\" aria-label=\"Per E-Mail versenden\" role=\"button\" rel=\"noopener nofollow\" class=\"shariff-link\" style=\"; background-color:#999; color:#fff\"><span class=\"shariff-icon\" style=\"\"><svg width=\"32px\" height=\"20px\" xmlns=\"http:\/\/www.w3.org\/2000\/svg\" viewBox=\"0 0 32 32\"><path fill=\"#999\" d=\"M32 12.7v14.2q0 1.2-0.8 2t-2 0.9h-26.3q-1.2 0-2-0.9t-0.8-2v-14.2q0.8 0.9 1.8 1.6 6.5 4.4 8.9 6.1 1 0.8 1.6 1.2t1.7 0.9 2 0.4h0.1q0.9 0 2-0.4t1.7-0.9 1.6-1.2q3-2.2 8.9-6.1 1-0.7 1.8-1.6zM32 7.4q0 1.4-0.9 2.7t-2.2 2.2q-6.7 4.7-8.4 5.8-0.2 0.1-0.7 0.5t-1 0.7-0.9 0.6-1.1 0.5-0.9 0.2h-0.1q-0.4 0-0.9-0.2t-1.1-0.5-0.9-0.6-1-0.7-0.7-0.5q-1.6-1.1-4.7-3.2t-3.6-2.6q-1.1-0.7-2.1-2t-1-2.5q0-1.4 0.7-2.3t2.1-0.9h26.3q1.2 0 2 0.8t0.9 2z\"\/><\/svg><\/span><span class=\"shariff-text\">E-Mail<\/span>&nbsp;<\/a><\/li><\/ul><\/div>\n<\/div><\/section><br \/>\n<div  class='tabcontainer av-8uq5rq-609a51df36b6b6e0c8f39925c3746086 top_tab  avia-builder-el-42  el_after_av_textblock  el_before_av_hr '>\n<section class='av_tab_section av_tab_section av-pkj7q-6c8fb832c0d161b672b615acc30cd888' ><div id='tab-id-1-tab' class='tab active_tab' role='tab' aria-selected=\"true\" tabindex=\"0\" data-fake-id='#tab-id-1' aria-controls='tab-id-1-content' >Das BACKWINKEL-Blog-Team:<\/div><div id='tab-id-1-content' class='tab_content active_tab_content' role='tabpanel' aria-labelledby='tab-id-1-tab' aria-hidden=\"false\"><div class='tab_inner_content invers-color' ><p><img decoding=\"async\" class=\"wp-image-1768 alignleft\" title=\"BACKWINKEL-Blog \u2013 Das Team\" src=\"https:\/\/blog.backwinkel.de\/wp-content\/uploads\/2018\/10\/backwinkel-blog-autorenbox-intern_preview-300x198.jpg\" alt=\"\" width=\"300\" height=\"198\" \/>Gibts auch ein Gesicht hinter dem BACKWINKEL-Blog? Ja. Vier ?. Drei davon sogar mit Foto.<\/p>\n<p><span style=\"font-style: inherit !important; font-weight: inherit !important;\">Wir \u2013 Lukas, Tatjana, Stefan und Christine \u2013 bespielen unseren Blog unter dem Motto LACHEN LESEN LERNEN. <\/span><\/p>\n<p><span style=\"font-style: inherit !important; font-weight: inherit !important;\">Lukas kennt sich online so gut aus wie in seiner Westentasche und findet immer spannende Themen, w\u00e4hrend Stefan unseren Beitr\u00e4gen den passenden gestalterischen Rahmen gibt und Tatjana mit dem gr\u00fcnen Korrekturstift alles pr\u00fcfend be\u00e4ugt, was unsere Autorin Christine (und gern auch Gastautoren) f\u00fcr den BACKWINKEL-Blog nach ordentlicher Recherche schreibt.<\/span><\/p>\n<p>Gemeinsam suchen wir st\u00e4ndig nach neuen, aufregenden Themen rund um das Thema Bildung im Kiga, der Schule und zu Hause. Und weil Sie da an der Quelle sitzen, freuen wir uns auf Ihre konstruktiven R\u00fcckmeldungen und Anregungen an <a href=\"mailto:blog@backwinkel.de\">blog@backwinkel.de<\/a><\/p>\n<p>Viel Spa\u00df beim LACHEN LESEN LERNEN!<\/p>\n<\/div><\/div><\/section>\n<\/div><br \/>\n\n<style type=\"text\/css\" data-created_by=\"avia_inline_auto\" id=\"style-css-av-5bdjh2-33554b50714e03bf66eaa5f0bf6e36bb\">\n#top .hr.av-5bdjh2-33554b50714e03bf66eaa5f0bf6e36bb{\nmargin-top:10px;\nmargin-bottom:10px;\n}\n.hr.av-5bdjh2-33554b50714e03bf66eaa5f0bf6e36bb .hr-inner{\nwidth:500;\n}\n<\/style>\n<div  class='hr av-5bdjh2-33554b50714e03bf66eaa5f0bf6e36bb hr-custom  avia-builder-el-43  el_after_av_tab_container  el_before_av_heading  hr-left hr-icon-no'><span class='hr-inner inner-border-av-border-thin'><span class=\"hr-inner-style\"><\/span><\/span><\/div><br \/>\n\n<style type=\"text\/css\" data-created_by=\"avia_inline_auto\" id=\"style-css-av-4tiyra-6b536af2855aa1ee5b9c5e82e1cd2787\">\n#top .av-special-heading.av-4tiyra-6b536af2855aa1ee5b9c5e82e1cd2787{\npadding-bottom:10px;\n}\nbody .av-special-heading.av-4tiyra-6b536af2855aa1ee5b9c5e82e1cd2787 .av-special-heading-tag .heading-char{\nfont-size:25px;\n}\n.av-special-heading.av-4tiyra-6b536af2855aa1ee5b9c5e82e1cd2787 .av-subheading{\nfont-size:15px;\n}\n<\/style>\n<div  class='av-special-heading av-4tiyra-6b536af2855aa1ee5b9c5e82e1cd2787 av-special-heading-h3 blockquote modern-quote  avia-builder-el-44  el_after_av_hr  el_before_av_blog '><h3 class='av-special-heading-tag '  >PASSENDE BEITR\u00c4GE<\/h3><div class=\"special-heading-border\"><div class=\"special-heading-inner-border\"><\/div><\/div><\/div><br \/>\n<div  data-slideshow-options=\"{&quot;animation&quot;:&quot;fade&quot;,&quot;autoplay&quot;:false,&quot;loop_autoplay&quot;:&quot;once&quot;,&quot;interval&quot;:5,&quot;loop_manual&quot;:&quot;manual-endless&quot;,&quot;autoplay_stopper&quot;:false,&quot;noNavigation&quot;:false,&quot;show_slide_delay&quot;:90}\" class='avia-content-slider avia-content-grid-active avia-content-slider1 avia-content-slider-odd  avia-builder-el-45  el_after_av_heading  avia-builder-el-last  av-slideshow-ui av-control-default   av-no-slider-navigation av-slideshow-manual av-loop-once av-loop-manual-endless ' ><div class=\"avia-content-slider-inner\"><div class=\"slide-entry-wrap\"><article class='slide-entry flex_column  post-entry post-entry-18633 slide-entry-overview slide-loop-1 slide-parity-odd  av_one_third first real-thumbnail posttype-post post-format-standard' ><a href='https:\/\/www.backwinkel.de\/blog\/plastik-recyceln\/' data-rel='slide-1' class='slide-image' title='Plastik recyceln'><img decoding=\"async\" fetchpriority=\"high\" width=\"1200\" height=\"628\" src=\"https:\/\/www.backwinkel.de\/blog\/wp-content\/uploads\/2026\/04\/04_Kiga_Plastik_nachhaltig_nutzen.jpg\" class=\"wp-image-18713 avia-img-lazy-loading-not-18713 attachment-no scaling size-no scaling wp-post-image\" alt=\"\" \/><\/a><div class=\"slide-content\"><header class=\"entry-content-header\" aria-label=\"Slide: Plastik recyceln\"><h3 class='slide-entry-title entry-title ' ><a href='https:\/\/www.backwinkel.de\/blog\/plastik-recyceln\/' title='Plastik recyceln'>Plastik recyceln<\/a><\/h3><span class=\"blog-categories minor-meta\"><a href=\"https:\/\/www.backwinkel.de\/blog\/category\/kindergarten-kita\/\" rel=\"tag\">Kindergarten<\/a> <\/span><span class=\"av-vertical-delimiter\"><\/span><\/header><div class='slide-entry-excerpt entry-content' >Biokunststoff f\u00fcr St\u00fchle, Materialboxen, Spielzeug und Rucks\u00e4cke<\/div><\/div><footer class=\"entry-footer\"><div class=\"slide-meta\"><time class='slide-meta-time updated' >14. April 2026<\/time><\/div><\/footer><\/article><article class='slide-entry flex_column  post-entry post-entry-18716 slide-entry-overview slide-loop-2 slide-parity-even  av_one_third  real-thumbnail posttype-post post-format-standard' ><a href='https:\/\/www.backwinkel.de\/blog\/rechnen-im-anfangsunterricht\/' data-rel='slide-1' class='slide-image' title='Rechnen im Anfangsunterricht'><img decoding=\"async\" fetchpriority=\"high\" width=\"1200\" height=\"628\" src=\"https:\/\/www.backwinkel.de\/blog\/wp-content\/uploads\/2026\/04\/04_Schule_Rechnen_anfangsunterricht.jpg\" class=\"wp-image-18748 avia-img-lazy-loading-not-18748 attachment-no scaling size-no scaling wp-post-image\" alt=\"\" \/><\/a><div class=\"slide-content\"><header class=\"entry-content-header\" aria-label=\"Slide: Rechnen im Anfangsunterricht\"><h3 class='slide-entry-title entry-title ' ><a href='https:\/\/www.backwinkel.de\/blog\/rechnen-im-anfangsunterricht\/' title='Rechnen im Anfangsunterricht'>Rechnen im Anfangsunterricht<\/a><\/h3><span class=\"blog-categories minor-meta\"><a href=\"https:\/\/www.backwinkel.de\/blog\/category\/schule-grundschule\/\" rel=\"tag\">Schule<\/a> <\/span><span class=\"av-vertical-delimiter\"><\/span><\/header><div class='slide-entry-excerpt entry-content' >Das Klassenzimmer als Lernlandschaft<\/div><\/div><footer class=\"entry-footer\"><div class=\"slide-meta\"><time class='slide-meta-time updated' >14. April 2026<\/time><\/div><\/footer><\/article><article class='slide-entry flex_column  post-entry post-entry-18372 slide-entry-overview slide-loop-3 slide-parity-odd  post-entry-last  av_one_third  real-thumbnail posttype-post post-format-standard' ><a href='https:\/\/www.backwinkel.de\/blog\/kranke-kinder-im-kindergarten\/' data-rel='slide-1' class='slide-image' title='Kranke Kinder im Kindergarten'><img decoding=\"async\" fetchpriority=\"high\" width=\"1200\" height=\"628\" src=\"https:\/\/www.backwinkel.de\/blog\/wp-content\/uploads\/2026\/03\/03_Kiga_Kranke_Kinder.jpg\" class=\"wp-image-18451 avia-img-lazy-loading-not-18451 attachment-no scaling size-no scaling wp-post-image\" alt=\"Thema: Kranke Kinder. Auf dem Bild ist ein krankes kleines M\u00e4dchen zu sehen. Eine Frau mit einem Fieberthermometer in der Hand sitzt neben ihr und hat die Hand auf der Stirn des M\u00e4dchens.\" \/><\/a><div class=\"slide-content\"><header class=\"entry-content-header\" aria-label=\"Slide: Kranke Kinder im Kindergarten\"><h3 class='slide-entry-title entry-title ' ><a href='https:\/\/www.backwinkel.de\/blog\/kranke-kinder-im-kindergarten\/' title='Kranke Kinder im Kindergarten'>Kranke Kinder im Kindergarten<\/a><\/h3><span class=\"blog-categories minor-meta\"><a href=\"https:\/\/www.backwinkel.de\/blog\/category\/kindergarten-kita\/\" rel=\"tag\">Kindergarten<\/a> <\/span><span class=\"av-vertical-delimiter\"><\/span><\/header><div class='slide-entry-excerpt entry-content' >Auswirkungen f\u00fcr Kinder, Eltern und Fachkr\u00e4fte<\/div><\/div><footer class=\"entry-footer\"><div class=\"slide-meta\"><time class='slide-meta-time updated' >9. M\u00e4rz 2026<\/time><\/div><\/footer><\/article><\/div><\/div><\/div><\/p><\/div>\n","protected":false},"excerpt":{"rendered":"<p>\u2013 darum verkleiden Kinder sich so gerne<\/p>\n","protected":false},"author":3,"featured_media":8445,"comment_status":"closed","ping_status":"closed","sticky":false,"template":"","format":"standard","meta":{"inline_featured_image":false,"footnotes":""},"categories":[5],"tags":[],"class_list":["post-8441","post","type-post","status-publish","format-standard","has-post-thumbnail","hentry","category-kindergarten-kita"],"yoast_head":"<!-- This site is optimized with the Yoast SEO plugin v27.4 - https:\/\/yoast.com\/product\/yoast-seo-wordpress\/ -->\n<title>Karneval, Fasching, Fasnacht - BACKWINKEL Blog<\/title>\n<meta name=\"robots\" content=\"index, follow, max-snippet:-1, max-image-preview:large, max-video-preview:-1\" \/>\n<link rel=\"canonical\" href=\"https:\/\/www.backwinkel.de\/blog\/fasching\/\" \/>\n<meta property=\"og:locale\" content=\"de_DE\" \/>\n<meta property=\"og:type\" content=\"article\" \/>\n<meta property=\"og:title\" content=\"Karneval, Fasching, Fasnacht - BACKWINKEL Blog\" \/>\n<meta property=\"og:description\" content=\"\u2013 darum verkleiden Kinder sich so gerne\" \/>\n<meta property=\"og:url\" content=\"https:\/\/www.backwinkel.de\/blog\/fasching\/\" \/>\n<meta property=\"og:site_name\" content=\"BACKWINKEL Blog\" \/>\n<meta property=\"article:published_time\" content=\"2022-01-03T08:20:29+00:00\" \/>\n<meta property=\"article:modified_time\" content=\"2026-04-22T13:46:06+00:00\" \/>\n<meta property=\"og:image\" content=\"https:\/\/www.backwinkel.de\/blog\/wp-content\/uploads\/2021\/12\/backwinkel-blog-karneval-heroimage-1.jpg\" \/>\n\t<meta property=\"og:image:width\" content=\"1200\" \/>\n\t<meta property=\"og:image:height\" content=\"628\" \/>\n\t<meta property=\"og:image:type\" content=\"image\/jpeg\" \/>\n<meta name=\"author\" content=\"BACKWINKEL\" \/>\n<meta name=\"twitter:card\" content=\"summary_large_image\" \/>\n<meta name=\"twitter:label1\" content=\"Verfasst von\" \/>\n\t<meta name=\"twitter:data1\" content=\"BACKWINKEL\" \/>\n\t<meta name=\"twitter:label2\" content=\"Gesch\u00e4tzte Lesezeit\" \/>\n\t<meta name=\"twitter:data2\" content=\"15\u00a0Minuten\" \/>\n<script type=\"application\/ld+json\" class=\"yoast-schema-graph\">{\"@context\":\"https:\\\/\\\/schema.org\",\"@graph\":[{\"@type\":\"Article\",\"@id\":\"https:\\\/\\\/www.backwinkel.de\\\/blog\\\/fasching\\\/#article\",\"isPartOf\":{\"@id\":\"https:\\\/\\\/www.backwinkel.de\\\/blog\\\/fasching\\\/\"},\"author\":{\"name\":\"BACKWINKEL\",\"@id\":\"https:\\\/\\\/www.backwinkel.de\\\/blog\\\/#\\\/schema\\\/person\\\/3d64575316540d25f7866264a4b7cd24\"},\"headline\":\"Karneval, Fasching, Fasnacht\",\"datePublished\":\"2022-01-03T08:20:29+00:00\",\"dateModified\":\"2026-04-22T13:46:06+00:00\",\"mainEntityOfPage\":{\"@id\":\"https:\\\/\\\/www.backwinkel.de\\\/blog\\\/fasching\\\/\"},\"wordCount\":4720,\"image\":{\"@id\":\"https:\\\/\\\/www.backwinkel.de\\\/blog\\\/fasching\\\/#primaryimage\"},\"thumbnailUrl\":\"https:\\\/\\\/www.backwinkel.de\\\/blog\\\/wp-content\\\/uploads\\\/2021\\\/12\\\/backwinkel-blog-karneval-heroimage-1.jpg\",\"articleSection\":[\"Kindergarten\"],\"inLanguage\":\"de\"},{\"@type\":\"WebPage\",\"@id\":\"https:\\\/\\\/www.backwinkel.de\\\/blog\\\/fasching\\\/\",\"url\":\"https:\\\/\\\/www.backwinkel.de\\\/blog\\\/fasching\\\/\",\"name\":\"Karneval, Fasching, Fasnacht - BACKWINKEL Blog\",\"isPartOf\":{\"@id\":\"https:\\\/\\\/www.backwinkel.de\\\/blog\\\/#website\"},\"primaryImageOfPage\":{\"@id\":\"https:\\\/\\\/www.backwinkel.de\\\/blog\\\/fasching\\\/#primaryimage\"},\"image\":{\"@id\":\"https:\\\/\\\/www.backwinkel.de\\\/blog\\\/fasching\\\/#primaryimage\"},\"thumbnailUrl\":\"https:\\\/\\\/www.backwinkel.de\\\/blog\\\/wp-content\\\/uploads\\\/2021\\\/12\\\/backwinkel-blog-karneval-heroimage-1.jpg\",\"datePublished\":\"2022-01-03T08:20:29+00:00\",\"dateModified\":\"2026-04-22T13:46:06+00:00\",\"author\":{\"@id\":\"https:\\\/\\\/www.backwinkel.de\\\/blog\\\/#\\\/schema\\\/person\\\/3d64575316540d25f7866264a4b7cd24\"},\"breadcrumb\":{\"@id\":\"https:\\\/\\\/www.backwinkel.de\\\/blog\\\/fasching\\\/#breadcrumb\"},\"inLanguage\":\"de\",\"potentialAction\":[{\"@type\":\"ReadAction\",\"target\":[\"https:\\\/\\\/www.backwinkel.de\\\/blog\\\/fasching\\\/\"]}]},{\"@type\":\"ImageObject\",\"inLanguage\":\"de\",\"@id\":\"https:\\\/\\\/www.backwinkel.de\\\/blog\\\/fasching\\\/#primaryimage\",\"url\":\"https:\\\/\\\/www.backwinkel.de\\\/blog\\\/wp-content\\\/uploads\\\/2021\\\/12\\\/backwinkel-blog-karneval-heroimage-1.jpg\",\"contentUrl\":\"https:\\\/\\\/www.backwinkel.de\\\/blog\\\/wp-content\\\/uploads\\\/2021\\\/12\\\/backwinkel-blog-karneval-heroimage-1.jpg\",\"width\":1200,\"height\":628},{\"@type\":\"BreadcrumbList\",\"@id\":\"https:\\\/\\\/www.backwinkel.de\\\/blog\\\/fasching\\\/#breadcrumb\",\"itemListElement\":[{\"@type\":\"ListItem\",\"position\":1,\"name\":\"Startseite\",\"item\":\"https:\\\/\\\/blog.backwinkel.de\\\/aktuelles\\\/\"},{\"@type\":\"ListItem\",\"position\":2,\"name\":\"Karneval, Fasching, Fasnacht\"}]},{\"@type\":\"WebSite\",\"@id\":\"https:\\\/\\\/www.backwinkel.de\\\/blog\\\/#website\",\"url\":\"https:\\\/\\\/www.backwinkel.de\\\/blog\\\/\",\"name\":\"BACKWINKEL Blog\",\"description\":\"f\u00fcr Lehrer, Erzieher und Eltern\",\"potentialAction\":[{\"@type\":\"SearchAction\",\"target\":{\"@type\":\"EntryPoint\",\"urlTemplate\":\"https:\\\/\\\/www.backwinkel.de\\\/blog\\\/?s={search_term_string}\"},\"query-input\":{\"@type\":\"PropertyValueSpecification\",\"valueRequired\":true,\"valueName\":\"search_term_string\"}}],\"inLanguage\":\"de\"},{\"@type\":\"Person\",\"@id\":\"https:\\\/\\\/www.backwinkel.de\\\/blog\\\/#\\\/schema\\\/person\\\/3d64575316540d25f7866264a4b7cd24\",\"name\":\"BACKWINKEL\",\"sameAs\":[\"http:\\\/\\\/www.backwinkel.de\"],\"url\":\"https:\\\/\\\/www.backwinkel.de\\\/blog\\\/author\\\/backwinkel\\\/\"}]}<\/script>\n<!-- \/ Yoast SEO plugin. -->","yoast_head_json":{"title":"Karneval, Fasching, Fasnacht - BACKWINKEL Blog","robots":{"index":"index","follow":"follow","max-snippet":"max-snippet:-1","max-image-preview":"max-image-preview:large","max-video-preview":"max-video-preview:-1"},"canonical":"https:\/\/www.backwinkel.de\/blog\/fasching\/","og_locale":"de_DE","og_type":"article","og_title":"Karneval, Fasching, Fasnacht - BACKWINKEL Blog","og_description":"\u2013 darum verkleiden Kinder sich so gerne","og_url":"https:\/\/www.backwinkel.de\/blog\/fasching\/","og_site_name":"BACKWINKEL Blog","article_published_time":"2022-01-03T08:20:29+00:00","article_modified_time":"2026-04-22T13:46:06+00:00","og_image":[{"width":1200,"height":628,"url":"https:\/\/www.backwinkel.de\/blog\/wp-content\/uploads\/2021\/12\/backwinkel-blog-karneval-heroimage-1.jpg","type":"image\/jpeg"}],"author":"BACKWINKEL","twitter_card":"summary_large_image","twitter_misc":{"Verfasst von":"BACKWINKEL","Gesch\u00e4tzte Lesezeit":"15\u00a0Minuten"},"schema":{"@context":"https:\/\/schema.org","@graph":[{"@type":"Article","@id":"https:\/\/www.backwinkel.de\/blog\/fasching\/#article","isPartOf":{"@id":"https:\/\/www.backwinkel.de\/blog\/fasching\/"},"author":{"name":"BACKWINKEL","@id":"https:\/\/www.backwinkel.de\/blog\/#\/schema\/person\/3d64575316540d25f7866264a4b7cd24"},"headline":"Karneval, Fasching, Fasnacht","datePublished":"2022-01-03T08:20:29+00:00","dateModified":"2026-04-22T13:46:06+00:00","mainEntityOfPage":{"@id":"https:\/\/www.backwinkel.de\/blog\/fasching\/"},"wordCount":4720,"image":{"@id":"https:\/\/www.backwinkel.de\/blog\/fasching\/#primaryimage"},"thumbnailUrl":"https:\/\/www.backwinkel.de\/blog\/wp-content\/uploads\/2021\/12\/backwinkel-blog-karneval-heroimage-1.jpg","articleSection":["Kindergarten"],"inLanguage":"de"},{"@type":"WebPage","@id":"https:\/\/www.backwinkel.de\/blog\/fasching\/","url":"https:\/\/www.backwinkel.de\/blog\/fasching\/","name":"Karneval, Fasching, Fasnacht - BACKWINKEL Blog","isPartOf":{"@id":"https:\/\/www.backwinkel.de\/blog\/#website"},"primaryImageOfPage":{"@id":"https:\/\/www.backwinkel.de\/blog\/fasching\/#primaryimage"},"image":{"@id":"https:\/\/www.backwinkel.de\/blog\/fasching\/#primaryimage"},"thumbnailUrl":"https:\/\/www.backwinkel.de\/blog\/wp-content\/uploads\/2021\/12\/backwinkel-blog-karneval-heroimage-1.jpg","datePublished":"2022-01-03T08:20:29+00:00","dateModified":"2026-04-22T13:46:06+00:00","author":{"@id":"https:\/\/www.backwinkel.de\/blog\/#\/schema\/person\/3d64575316540d25f7866264a4b7cd24"},"breadcrumb":{"@id":"https:\/\/www.backwinkel.de\/blog\/fasching\/#breadcrumb"},"inLanguage":"de","potentialAction":[{"@type":"ReadAction","target":["https:\/\/www.backwinkel.de\/blog\/fasching\/"]}]},{"@type":"ImageObject","inLanguage":"de","@id":"https:\/\/www.backwinkel.de\/blog\/fasching\/#primaryimage","url":"https:\/\/www.backwinkel.de\/blog\/wp-content\/uploads\/2021\/12\/backwinkel-blog-karneval-heroimage-1.jpg","contentUrl":"https:\/\/www.backwinkel.de\/blog\/wp-content\/uploads\/2021\/12\/backwinkel-blog-karneval-heroimage-1.jpg","width":1200,"height":628},{"@type":"BreadcrumbList","@id":"https:\/\/www.backwinkel.de\/blog\/fasching\/#breadcrumb","itemListElement":[{"@type":"ListItem","position":1,"name":"Startseite","item":"https:\/\/blog.backwinkel.de\/aktuelles\/"},{"@type":"ListItem","position":2,"name":"Karneval, Fasching, Fasnacht"}]},{"@type":"WebSite","@id":"https:\/\/www.backwinkel.de\/blog\/#website","url":"https:\/\/www.backwinkel.de\/blog\/","name":"BACKWINKEL Blog","description":"f\u00fcr Lehrer, Erzieher und Eltern","potentialAction":[{"@type":"SearchAction","target":{"@type":"EntryPoint","urlTemplate":"https:\/\/www.backwinkel.de\/blog\/?s={search_term_string}"},"query-input":{"@type":"PropertyValueSpecification","valueRequired":true,"valueName":"search_term_string"}}],"inLanguage":"de"},{"@type":"Person","@id":"https:\/\/www.backwinkel.de\/blog\/#\/schema\/person\/3d64575316540d25f7866264a4b7cd24","name":"BACKWINKEL","sameAs":["http:\/\/www.backwinkel.de"],"url":"https:\/\/www.backwinkel.de\/blog\/author\/backwinkel\/"}]}},"_links":{"self":[{"href":"https:\/\/www.backwinkel.de\/blog\/wp-json\/wp\/v2\/posts\/8441","targetHints":{"allow":["GET"]}}],"collection":[{"href":"https:\/\/www.backwinkel.de\/blog\/wp-json\/wp\/v2\/posts"}],"about":[{"href":"https:\/\/www.backwinkel.de\/blog\/wp-json\/wp\/v2\/types\/post"}],"author":[{"embeddable":true,"href":"https:\/\/www.backwinkel.de\/blog\/wp-json\/wp\/v2\/users\/3"}],"replies":[{"embeddable":true,"href":"https:\/\/www.backwinkel.de\/blog\/wp-json\/wp\/v2\/comments?post=8441"}],"version-history":[{"count":3,"href":"https:\/\/www.backwinkel.de\/blog\/wp-json\/wp\/v2\/posts\/8441\/revisions"}],"predecessor-version":[{"id":18945,"href":"https:\/\/www.backwinkel.de\/blog\/wp-json\/wp\/v2\/posts\/8441\/revisions\/18945"}],"wp:featuredmedia":[{"embeddable":true,"href":"https:\/\/www.backwinkel.de\/blog\/wp-json\/wp\/v2\/media\/8445"}],"wp:attachment":[{"href":"https:\/\/www.backwinkel.de\/blog\/wp-json\/wp\/v2\/media?parent=8441"}],"wp:term":[{"taxonomy":"category","embeddable":true,"href":"https:\/\/www.backwinkel.de\/blog\/wp-json\/wp\/v2\/categories?post=8441"},{"taxonomy":"post_tag","embeddable":true,"href":"https:\/\/www.backwinkel.de\/blog\/wp-json\/wp\/v2\/tags?post=8441"}],"curies":[{"name":"wp","href":"https:\/\/api.w.org\/{rel}","templated":true}]}}