{"id":7906,"date":"2021-10-04T10:03:11","date_gmt":"2021-10-04T08:03:11","guid":{"rendered":"https:\/\/blog.backwinkel.de\/?p=7906"},"modified":"2026-04-22T15:35:44","modified_gmt":"2026-04-22T13:35:44","slug":"traditionen-im-herbst","status":"publish","type":"post","link":"https:\/\/www.backwinkel.de\/blog\/traditionen-im-herbst\/","title":{"rendered":"Traditionen im Herbst."},"content":{"rendered":"\n<style type=\"text\/css\" data-created_by=\"avia_inline_auto\" id=\"style-css-av-1urhsxu-c2c45a508c7077671e1c00cb51e625da\">\n.flex_column.av-1urhsxu-c2c45a508c7077671e1c00cb51e625da{\nborder-radius:0px 0px 0px 0px;\npadding:0px 0px 0px 0px;\n}\n<\/style>\n<div  class='flex_column av-1urhsxu-c2c45a508c7077671e1c00cb51e625da av_one_full  avia-builder-el-0  el_before_av_three_fifth  avia-builder-el-first  first flex_column_div av-zero-column-padding  '     ><p>\n<style type=\"text\/css\" data-created_by=\"avia_inline_auto\" id=\"style-css-av-1tzppuq-fab83ba93c213c2bc4ea7aabd3915ea9\">\n#top .hr.hr-invisible.av-1tzppuq-fab83ba93c213c2bc4ea7aabd3915ea9{\nmargin-top:0px;\nheight:1px;\n}\n<\/style>\n<div  class='hr av-1tzppuq-fab83ba93c213c2bc4ea7aabd3915ea9 hr-invisible  avia-builder-el-1  el_before_av_heading  avia-builder-el-first '><span class='hr-inner '><span class=\"hr-inner-style\"><\/span><\/span><\/div><br \/>\n\n<style type=\"text\/css\" data-created_by=\"avia_inline_auto\" id=\"style-css-av-ktwn81xb-b807e8a6b0f1069b73cc737aaf29d9d3\">\n#top .av-special-heading.av-ktwn81xb-b807e8a6b0f1069b73cc737aaf29d9d3{\npadding-bottom:10px;\n}\nbody .av-special-heading.av-ktwn81xb-b807e8a6b0f1069b73cc737aaf29d9d3 .av-special-heading-tag .heading-char{\nfont-size:25px;\n}\n.av-special-heading.av-ktwn81xb-b807e8a6b0f1069b73cc737aaf29d9d3 .av-subheading{\nfont-size:15px;\n}\n<\/style>\n<div  class='av-special-heading av-ktwn81xb-b807e8a6b0f1069b73cc737aaf29d9d3 av-special-heading-h1 blockquote modern-quote  avia-builder-el-2  el_after_av_hr  el_before_av_post_metadata  av-linked-heading'><h1 class='av-special-heading-tag '  >Traditionen im Herbst. Erntedank, Martinisingen und Basteltipps <\/h1><div class='av-subheading av-subheading_below'><p class=\"autorenname\">Elisa Morel<\/p>\n<\/div><div class=\"special-heading-border\"><div class=\"special-heading-inner-border\"><\/div><\/div><\/div><br \/>\n\n<style type=\"text\/css\" data-created_by=\"avia_inline_auto\" id=\"style-css-av-5v2rhe-1e6d48768ae346a721cda7d9b0734d1a\">\n#top .av-post-metadata-container.av-5v2rhe-1e6d48768ae346a721cda7d9b0734d1a{\nfont-size:12px;\n}\n#top .av-post-metadata-container.av-5v2rhe-1e6d48768ae346a721cda7d9b0734d1a .av-post-metadata-container-inner{\nfont-size:12px;\n}\n<\/style>\n<div  class='av-post-metadata-container av-5v2rhe-1e6d48768ae346a721cda7d9b0734d1a av-metadata-container-align-left  avia-builder-el-3  el_after_av_heading  el_before_av_textblock  av-metadata-container-1'><div class='av-post-metadata-container-inner'><span class=\"av-post-metadata-content av-post-metadata-meta-content\"><span class=\"av-post-metadata-content av-post-metadata-modified\"><span class=\"av-metadata-before av-metadata-before-modified\">Aktualisiert:<\/span><span class=\"av-post-metadata-modified-date\" >22. April 2026<\/span><\/span><span class=\"av-post-metadata-content av-post-metadata-separator\">\/<\/span><span class=\"av-post-metadata-content av-post-metadata-modified\"><span class=\"av-metadata-before av-metadata-before-modified\">Zuletzt aktualisiert:<\/span><span class=\"av-post-metadata-modified-date\" >22. April 2026<\/span><\/span><\/span><\/div><\/div><br \/>\n\n<style type=\"text\/css\" data-created_by=\"avia_inline_auto\" id=\"style-css-av-6bx46q-063bfeaf52aa65f6e6ae67358bc8aef2\">\n#top .av_textblock_section.av-6bx46q-063bfeaf52aa65f6e6ae67358bc8aef2 .avia_textblock{\nfont-size:20px;\n}\n<\/style>\n<section  class='av_textblock_section av-6bx46q-063bfeaf52aa65f6e6ae67358bc8aef2 '  ><div class='avia_textblock' ><p>Der Herbst ist eine tolle Zeit f\u00fcr Kinder: Die Bl\u00e4tter werden herrlich bunt und der Wald gibt tolle Sch\u00e4tze wie Kastanien, Eicheln, Bucheckern, kleine \u00c4ste und Zapfen zum Basteln her. Sogar Weihnachten ist schon in Sicht.<\/p>\n<\/div><\/section><br \/>\n\n<style type=\"text\/css\" data-created_by=\"avia_inline_auto\" id=\"style-css-av-1ps999u-ab6080048e5d11f048a337ce331b5fb0\">\n.avia-image-container.av-1ps999u-ab6080048e5d11f048a337ce331b5fb0 img.avia_image{\nbox-shadow:none;\n}\n.avia-image-container.av-1ps999u-ab6080048e5d11f048a337ce331b5fb0 .av-image-caption-overlay-center{\ncolor:#ffffff;\n}\n<\/style>\n<div  class='avia-image-container av-1ps999u-ab6080048e5d11f048a337ce331b5fb0 av-styling- avia-align-center  avia-builder-el-5  el_after_av_textblock  el_before_av_hr '  ><div class=\"avia-image-container-inner\"><div class=\"avia-image-overlay-wrap\"><img decoding=\"async\" fetchpriority=\"high\" class='wp-image-7909 avia-img-lazy-loading-not-7909 avia_image ' src=\"https:\/\/www.backwinkel.de\/blog\/wp-content\/uploads\/2021\/09\/backwinkel-blog-erntedank-schule-heroimage.jpg\" alt='' title='backwinkel-blog-erntedank-schule-heroimage'  height=\"628\" width=\"1200\"  \/><\/div><\/div><\/div><br \/>\n\n<style type=\"text\/css\" data-created_by=\"avia_inline_auto\" id=\"style-css-av-1nys7vm-e5672d7d33539ecc12a618a92f31d66b\">\n#top .hr.hr-invisible.av-1nys7vm-e5672d7d33539ecc12a618a92f31d66b{\nheight:5px;\n}\n<\/style>\n<div  class='hr av-1nys7vm-e5672d7d33539ecc12a618a92f31d66b hr-invisible  avia-builder-el-6  el_after_av_image  el_before_av_textblock '><span class='hr-inner '><span class=\"hr-inner-style\"><\/span><\/span><\/div><br \/>\n\n<style type=\"text\/css\" data-created_by=\"avia_inline_auto\" id=\"style-css-av-1nezk0i-5c2b8e48ad0d9390145d335ec9df4ef0\">\n#top .av_textblock_section.av-1nezk0i-5c2b8e48ad0d9390145d335ec9df4ef0 .avia_textblock{\nfont-size:10px;\n}\n<\/style>\n<section  class='av_textblock_section av-1nezk0i-5c2b8e48ad0d9390145d335ec9df4ef0 '  ><div class='avia_textblock' ><p class=\"bildnennung-beitrag\" style=\"text-align: left;\">\u00a9 fizkes, Adobestock.com<\/p>\n<\/div><\/section><br \/>\n\n<style type=\"text\/css\" data-created_by=\"avia_inline_auto\" id=\"style-css-av-1kwob9e-ca50fb7bcc6a9b1715d929e47099dd84\">\n#top .hr.hr-invisible.av-1kwob9e-ca50fb7bcc6a9b1715d929e47099dd84{\nheight:20px;\n}\n<\/style>\n<div  class='hr av-1kwob9e-ca50fb7bcc6a9b1715d929e47099dd84 hr-invisible  avia-builder-el-8  el_after_av_textblock  el_before_av_textblock '><span class='hr-inner '><span class=\"hr-inner-style\"><\/span><\/span><\/div><br \/>\n<section  class='av_textblock_section av-1jss20i-aa8dfceeaa698ebc0eaa8cc74f5a2497 '  ><div class='avia_textblock' ><p>Erntedank und Martinisingen sind optimal, um kreativ zu werden und ganz viel Neues in dieser manchmal rauen, meist dunklen, aber auch so gem\u00fctlichen Jahreszeit zu entdecken. Lesen Sie im Folgenden, wie Sie diese Feste mit Ihren Kindern ansprechend gestalten und warum wir diese Traditionen noch immer pflegen.\u00a0Ideen f\u00fcrs Erntedank- und St.-Martinsfest zum Download\u00a0inklusive.<\/p>\n<\/div><\/section><\/p><\/div>\n<style type=\"text\/css\" data-created_by=\"avia_inline_auto\" id=\"style-css-av-1hni7eq-8d9ae87e7f94d9662e8cdf0a876d13f2\">\n.flex_column.av-1hni7eq-8d9ae87e7f94d9662e8cdf0a876d13f2{\nborder-radius:0px 0px 0px 0px;\npadding:20px 20px 20px 20px;\nbackground-color:#f2f2f2;\n}\n<\/style>\n<div  class='flex_column av-1hni7eq-8d9ae87e7f94d9662e8cdf0a876d13f2 av_three_fifth  avia-builder-el-10  el_after_av_one_full  el_before_av_two_fifth  first flex_column_div  column-top-margin'     ><style type=\"text\/css\" data-created_by=\"avia_inline_auto\" id=\"style-css-av-1gv6tvm-85eab82aa123559c3574d30bc64e2603\">\n#top .av_textblock_section.av-1gv6tvm-85eab82aa123559c3574d30bc64e2603 .avia_textblock{\nfont-size:14px;\n}\n<\/style>\n<section  class='av_textblock_section av-1gv6tvm-85eab82aa123559c3574d30bc64e2603 '  ><div class='avia_textblock' ><p><strong>Inhalt<\/strong><\/p>\n<p><strong><a href=\"#1\">1. Warum sind Traditionen wichtig f\u00fcr Kinder?<\/a><\/strong><br \/>\n1.1. Multikulturalit\u00e4t und christliche Feiertage<\/p>\n<p><strong><a href=\"#2\">2. Warum feiern wir das Erntedankfest?<\/a><\/strong><br \/>\n2.1. Ideen f\u00fcr Erntedank im Kindergarten<\/p>\n<p><strong><a href=\"#3\">3. Woher kommt der Brauch des Martinisingens?<\/a><\/strong><br \/>\n3.1. Ideen f\u00fcr das Martinsfest im Kindergarten<\/p>\n<\/div><\/section><\/div><\/p>\n\n<style type=\"text\/css\" data-created_by=\"avia_inline_auto\" id=\"style-css-av-1eov98y-2415af3f7ecfb047e04ca38ebfae9d42\">\n.flex_column.av-1eov98y-2415af3f7ecfb047e04ca38ebfae9d42{\nborder-radius:0px 0px 0px 0px;\npadding:0 0 0 0;\n}\n<\/style>\n<div  class='flex_column av-1eov98y-2415af3f7ecfb047e04ca38ebfae9d42 av_two_fifth  avia-builder-el-12  el_after_av_three_fifth  el_before_av_sidebar  flex_column_div av-zero-column-padding  column-top-margin'     ><\/div>\n<div  class='avia-builder-widget-area clearfix  avia-builder-el-13  el_after_av_two_fifth  el_before_av_one_full '><div id=\"text-33\" class=\"widget clearfix widget_text\">\t\t\t<div class=\"textwidget\"><p><a href=\"https:\/\/www.backwinkel.de\/nachhaltig-denken\/\" target=\"\\_blank\" rel=\"noopener\"><br \/>\n<img decoding=\"async\" class=\"werbung-desktop alignnone wp-image-4186 size-full\" src=\"https:\/\/www.backwinkel.de\/blog\/wp-content\/uploads\/2026\/04\/Backwinkel-blog-werbebanner-shop-kita-schule_desktop.jpg\" alt=\"\" width=\"1251\" height=\"201\" \/><br \/>\n<\/a><br \/>\n<a href=\"https:\/\/www.backwinkel.de\/nachhaltig-denken\/\" target=\"\\_blank\" rel=\"noopener\"><br \/>\n<img decoding=\"async\" class=\"werbung-mobile alignnone wp-image-4187 size-full\" src=\"https:\/\/www.backwinkel.de\/blog\/wp-content\/uploads\/2026\/04\/Backwinkel-blog-werbebanner-shop-kiga-schule_mobile.jpg\" alt=\"\" width=\"550\" height=\"500\" \/><br \/>\n<\/a><\/p>\n<\/div>\n\t\t<\/div><\/div>\n\n<style type=\"text\/css\" data-created_by=\"avia_inline_auto\" id=\"style-css-av-1bta1pe-522f3f4d4c80586f7afe06673cfb9cef\">\n.flex_column.av-1bta1pe-522f3f4d4c80586f7afe06673cfb9cef{\nborder-radius:0px 0px 0px 0px;\npadding:0px 0px 0px 0px;\n}\n<\/style>\n<div  class='flex_column av-1bta1pe-522f3f4d4c80586f7afe06673cfb9cef av_one_full  avia-builder-el-14  el_after_av_sidebar  el_before_av_one_full  first flex_column_div av-zero-column-padding  '     ><section  class='av_textblock_section av-1a7y05e-8432b6c81d47f280eda131be6ba6b43d '  ><div class='avia_textblock' >\n<style type=\"text\/css\" data-created_by=\"avia_inline_auto\" id=\"style-css-av-17uz0oy-f57c876b08315317984b8ba45de472da\">\n#top .hr.hr-invisible.av-17uz0oy-f57c876b08315317984b8ba45de472da{\nheight:20px;\n}\n<\/style>\n<div  class='hr av-17uz0oy-f57c876b08315317984b8ba45de472da hr-invisible  avia-builder-el-16  avia-builder-el-no-sibling '><span class='hr-inner '><span class=\"hr-inner-style\"><\/span><\/span><\/div>\n<h2 id=\"1\" class=\"position\">Warum sind Traditionen wichtig f\u00fcr Kinder?<\/h2>\n<p>Kinder lieben Feste, egal welcher Art. Da r\u00fccken Anlass und Entstehungsgeschichte oftmals in den Hintergrund. Es geht vielmehr darum, sich auf etwas freuen zu k\u00f6nnen, das verl\u00e4sslich immer zur selben Zeit im Jahr wiederkehrt, sei es der Geburtstag, Ostern, Weihnachten oder Silvester. Aber auch unbekanntere Traditionen sind gut geeignet, um Kindern Orientierung im Jahresablauf zu bieten. So bilden sich Rituale, die den Kindern Sicherheit und Geborgenheit bieten k\u00f6nnen, w\u00e4hrend Sie gleichzeitig gemeinsam kreativ werden und Ihren Kindern Wissen vermitteln k\u00f6nnen.<\/p>\n<p>Kinder sind au\u00dferdem immer daran interessiert, zu erfahren, wie es fr\u00fcher war: Wie haben die Gro\u00dfeltern Weihnachten gefeiert, welche Geschenke gab es damals, welche Bedeutung hatten die Feste fr\u00fcher, was hat sich ver\u00e4ndert? Daher sind Br\u00e4uche eine tolle Gelegenheit, um Kindern deren Urspr\u00fcnge zu vermitteln. Traditionen geh\u00f6ren zur Werterziehung und helfen, die eigene Kultur zu verstehen. Gerade in unserer heutigen schnelllebigen Zeit k\u00f6nnen Traditionen dabei helfen, sich sicherer zu f\u00fchlen und seinen eigenen Platz zu finden.<\/p>\n<h3>Multikulturalit\u00e4t und christliche Feiertage<\/h3>\n<p>Jede Religion hat Feiertage und Br\u00e4uche. Deutschland ist christlich gepr\u00e4gt, doch vor dem Grundgesetz sind alle Religionen und Weltanschauungen gleich. Daher sind religi\u00f6se Feste ein guter Anlass, um ins Gespr\u00e4ch zu kommen: Wie ist das in anderen Kulturen und Religionen? Welche Feiertage gibt es da, sind sie ganz anders oder einem der christlichen Feste \u00e4hnlich? Welche Bedeutung haben die Feste und Br\u00e4uche f\u00fcr die Kinder pers\u00f6nlich, wie werden sie in den Familien gefeiert?<\/p>\n<p>Religi\u00f6se Vielfalt ist in den meisten Kinderg\u00e4rten selbstverst\u00e4ndlich, denn Deutschland ist seit den F\u00fcnfzigerjahren ein Einwanderungsland. F\u00fcr die meisten Kinder ist es daher selbstverst\u00e4ndlich, in einem vielf\u00e4ltigen Umfeld aufzuwachsen. Sie nehmen kulturelle Unterschiede oft als spannend wahr und legen den Fokus eher auf Sympathie sowie gemeinsame Interessen, Aktivit\u00e4ten und r\u00e4umliche N\u00e4he. Und wenn es etwas zu feiern gibt, geht es allen Kindern um den Spa\u00df, nicht um den Ursprung. Gemeinsam eine gute Zeit zu haben, verbindet \u00fcber unterschiedliche Religionen hinweg.<\/p>\n<p>F\u00fcr Kinder stehen Sommerfeste oder z. B. Hochzeiten oft auf einer Stufe mit Karneval, Weihnachten, Geburtstagen und Volksfesten, solange sie eine tolle Zeit haben. Sie k\u00f6nnen christliche Traditionen nutzen, um den Kindern dar\u00fcber hinaus die M\u00f6glichkeit zu geben, sich gegenseitig noch besser kennenzulernen und ein Bewusstsein f\u00fcr unterschiedliche Kulturen zu entwickeln. N\u00e4chstenliebe und Dankbarkeit, wie sie bei Sankt Martin und dem Erntedankfest im Vordergrund stehen, sind Werte, die wichtig f\u00fcr ein friedliches Miteinander sind \u2013 unabh\u00e4ngig von Nationalit\u00e4t, Kultur und Religion.<\/p>\n<\/div><\/section><\/div>\n\n<style type=\"text\/css\" data-created_by=\"avia_inline_auto\" id=\"style-css-av-163zklu-af364b0df10e9f903cf3b1ed829d567a\">\n.flex_column.av-163zklu-af364b0df10e9f903cf3b1ed829d567a{\nborder-radius:0px 0px 0px 0px;\npadding:0px 0px 0px 0px;\n}\n<\/style>\n<div  class='flex_column av-163zklu-af364b0df10e9f903cf3b1ed829d567a av_one_full  avia-builder-el-17  el_after_av_one_full  el_before_av_one_full  first flex_column_div av-zero-column-padding  column-top-margin'     ><section  class='av_textblock_section av-13xhkhu-190c9367a0fe819c4977080199d3fa4c '  ><div class='avia_textblock' >\n<style type=\"text\/css\" data-created_by=\"avia_inline_auto\" id=\"style-css-av-12bkirm-a51ee69911bc5ce6c939a698b2fdb188\">\n#top .hr.hr-invisible.av-12bkirm-a51ee69911bc5ce6c939a698b2fdb188{\nheight:20px;\n}\n<\/style>\n<div  class='hr av-12bkirm-a51ee69911bc5ce6c939a698b2fdb188 hr-invisible  avia-builder-el-19  el_before_av_button  avia-builder-el-first '><span class='hr-inner '><span class=\"hr-inner-style\"><\/span><\/span><\/div>\n<h2 id=\"2\" class=\"position\">Warum feiern wir das Erntedankfest?<\/h2>\n<p>Historisch ist der Mensch schon immer abh\u00e4ngig von guten Ernten gewesen: Bei D\u00fcrre durch zu wenig Regen oder eine ausbleibende Flut drohte sowohl im alten \u00c4gypten als auch im R\u00f6mischen Reich eine Hungersnot. Daher feierte man auch in allen Kulturen und Religionen Erntedankfeste.<\/p>\n<p>Im alten Rom feierte man in der Erntezeit ein Fest zu Ehren der Ernteg\u00f6ttin Ceres (vgl. engl. Cereals = Getreide, Halmfr\u00fcchte, M\u00fcsli), die \u00c4gypter huldigten Hapi, der g\u00f6ttlichen Erscheinungsform der Nilflut, die Griechen feierten ein Fest zu Ehren Demeters, der Getreideg\u00f6ttin. Das j\u00fcdische Laubh\u00fcttenfest Sukkoth ist ein Pilgerfest zum Gedenken an den Auszug aus \u00c4gypten, aber gleichzeitig auch das Erntedankfest.<\/p>\n<p>Im alten China hie\u00df dieses Fest Chung Ch\u2019ui und wurde mit einem Festmahl und runden, gelben Mondkuchen gefeiert, da es bei Vollmond stattfand. Die Mondkuchen werden noch heute in China zu unterschiedlichen Anl\u00e4ssen verschenkt und gelten als Vorl\u00e4ufer der Gl\u00fcckskekse. Das Mondfest wird auch heute noch gefeiert.<\/p>\n<p>Auch in unserer zunehmend technisierten Welt sind wir weiterhin vom Wetter abh\u00e4ngig. D\u00fcrren f\u00fchren ebenfalls in Deutschland seit Jahren zu Ernteeinbu\u00dfen. Viele Menschen machen sich dar\u00fcber wenig Gedanken, weil sie weiterhin trotzdem alles Lebensnotwendige im Supermarkt kaufen k\u00f6nnen, wenn auch manchmal ein wenig teurer.<\/p>\n<p>Doch ohne Import und Globalisierung s\u00e4he das ganz anders aus: Der Selbstversorgungsgrad mit Lebensmitteln liegt in Deutschland bei 88 %. W\u00e4hrend in manchen Bereichen der Lebensmittel- und Futterproduktion ein \u00dcberschuss entsteht, der 2020 in H\u00f6he von 56 Millionen Euro exportiert wurde, lagen auch die Nahrungsmittelimporte bei ca. 50 Milliarden Euro. Eine weltweite D\u00fcrreperiode w\u00fcrde eben auch weltweiten Hunger bedeuten.<\/p>\n<h3>Ideen f\u00fcr Erntedank im Kindergarten<\/h3>\n<p>Als festes Datum f\u00fcr das Erntedankfest gilt seit vielen Jahren der erste Sonntag im Oktober, aber auch hier gibt es abweichende Termine in verschiedenen Regionen. Dessen ungeachtet ist der Grundgedanke jedoch immer derselbe: Wir feiern das Erntedankfest, um f\u00fcr eine gute Ernte zu danken und uns dar\u00fcber zu freuen, dass wir nicht Hunger leiden m\u00fcssen. Au\u00dferdem denken wir besonders an diejenigen, denen es nicht so gut geht, wie uns selbst. Gerade an Erntedank sollten wir uns bewusst machen, dass satt sein nur eine Selbstverst\u00e4ndlichkeit f\u00fcr Menschen ist, die nie hungern mussten.<\/p>\n<p>Zum Thema Erntedank bietet die Internetseite erzieherin-ausbildung.de eine F\u00fclle an tollen Ideen \u2013 von Fingerspielen und Liedern \u00fcber Projekte zum Thema Landwirtschaft und Ern\u00e4hrung bis hin zu Bastelideen. Einige Anregungen haben wir Ihnen im Folgenden zusammengestellt.<\/p>\n<p><strong>Erntedank in anderen L\u00e4ndern und Kulturen <\/strong><\/p>\n<p>Nutzen Sie den Anlass, um \u00fcber den Brauch des Erntedankfests in anderen Kulturen zu reden \u2013 wie und wann wird gefeiert, was wird gegessen? Thematisieren Sie doch mit Ihren Kindern die eine oder andere Kultur oder ein bestimmtes Land, z. B. Thanksgiving oder das Mondfest (auf hongi.com finden Sie beispielsweise viel Hintergrundwissen und Rezepte f\u00fcr Mondkuchen).<\/p>\n<p><strong>Erntepuppen basteln <\/strong><\/p>\n<p>Ob f\u00fcr Gro\u00df oder Klein, Erntepuppen basteln ist ein Spa\u00df f\u00fcr alle und f\u00f6rdert die Feinmotorik. Es gibt noch heute die Tradition, aus den letzten Strohgarben Erntepuppen zu formen und sie als Opfergabe auf dem Feld zu lassen. An manchen Orten sieht man auch riesige Erntepuppen aus Strohballen, oft als Hinweis f\u00fcr Erntedankfeste auf einem Bauernhof. Kleine Erntepuppen werden dagegen nach dem Fest mit nach Hause genommen und bis zur n\u00e4chsten Ernte aufbewahrt. Sie lassen sich ohne viel Aufwand selbst herstellen. F\u00fcr handgro\u00dfe Erntep\u00fcppchen brauchen Sie nur etwas Stroh, Schnur, Watte und eine Schere:<\/p>\n<ul>\n<li>Legen Sie 2 d\u00fcnne B\u00fcndel Stroh kreuzf\u00f6rmig \u00fcbereinander.<\/li>\n<li>Teilen Sie mit einem St\u00fcck Schnur Kopf und Arme ab.<\/li>\n<li>Wo sich der Kopf befinden soll, schieben Sie Watte unter die Halme, sodass eine Kugel entsteht. Diese Kugel binden Sie mit einem weiteren Faden ab.<\/li>\n<li>Teilen Sie das B\u00fcndel am unteren Ende. Beine und F\u00fc\u00dfe teilen Sie ebenfalls ab und halten beide mit einem St\u00fcck Schnur zusammen.<\/li>\n<\/ul>\n<p>Nat\u00fcrlich sind auch viele weitere Variationen einer Erntepuppe m\u00f6glich. Arbeiten Sie z. B. mit Stoffresten, malen Sie den Puppen ein Gesicht auf oder befestigen Sie sie an einem Stab, sodass die Kinder sie in eine Topfblume oder ein Gartenbeet stecken k\u00f6nnen. Auch eine Girlande aus Erntep\u00fcppchen passt sicher gut zur herbstlichen Kita-Deko.<\/p>\n<p><strong>Sammeln und Spenden f\u00fcr Bed\u00fcrftige <\/strong><\/p>\n<p>Das Erntedankfest ist ein guter Anlass, um vor Ort aktiv zu werden und zu helfen. Knapp 1000 Tafeln verteilen deutschlandweit Lebensmittel an von Armut betroffene Menschen und freuen sich immer \u00fcber Spenden, denn oft stehen den Einrichtungen nicht ausreichend Lebensmittel zur Verf\u00fcgung, obwohl in Deutschland j\u00e4hrlich 18 Millionen Tonnen Lebensmittel vernichtet werden.<\/p>\n<p>Fragen Sie also bei der Tafel Ihrer Stadt nach, wie Sie gemeinsam mit ihren Kindern helfen k\u00f6nnen und welche Lebensmittel gerade gebraucht werden. Die Kinder, ihre Familien und Freunde k\u00f6nnen z. B. selbst spenden oder in der Nachbarschaft auf Spendenzug gehen. Bestimmt haben die Mitarbeitenden der Tafel auch Anregungen, wie man Lebensmittelverschwendung vermeidet und \u00dcberschuss besser verteilt oder beantworten gerne die Fragen Ihrer Kinder. Seit Jahren gibt es auch zahlreiche Foodsharing-Initiativen, die sich gegen Lebensmittelverschwendung engagieren und sich bestimmt \u00fcber das Interesse Ihrer Kinder freuen.<\/p>\n<p><strong>Erntedankgottesdienst f\u00fcr Kinder <\/strong><\/p>\n<p>In den meisten Gemeinden finden spezielle Kindergottesdienste zum Erntedankfest statt. Ein gemeinsamer Besuch ist f\u00fcr die Kinder ein tolles Erlebnis und bietet oft ein buntes Programm aus Liedern, Geschichten und knusprigem Brot oder Kuchenessen. Viele Gottesdienste legen den Fokus auf Menschen, die nicht so viel haben wie wir und bieten somit Denkanst\u00f6\u00dfe f\u00fcr weitere Projekte und Diskussionen zum Thema Teilen, N\u00e4chstenliebe und Dankbarkeit.<\/p>\n<p><a href=\"https:\/\/blog.backwinkel.de\/wp-content\/uploads\/2021\/09\/backwinkel-blog-kiga-ideen-zum-ertedankfaest.jpg\"><img decoding=\"async\" class=\"wp-image-7913 alignnone\" src=\"https:\/\/blog.backwinkel.de\/wp-content\/uploads\/2021\/09\/backwinkel-blog-kiga-ideen-zum-ertedankfaest.jpg\" alt=\"\" width=\"364\" height=\"515\" \/><\/a><\/p>\n<div  class='avia-button-wrap av-4tu8ku-96184d1aca014d3bdc0d7454e5941ffd-wrap avia-button-left  avia-builder-el-20  el_after_av_hr  avia-builder-el-last '><a href='https:\/\/www.backwinkel.de\/downloads\/backwinkel-blog-kiga-ideen-zum-erntedankfest.pdf'  class='avia-button av-4tu8ku-96184d1aca014d3bdc0d7454e5941ffd av-link-btn avia-icon_select-no avia-size-medium avia-position-left avia-color-theme-color'  target=\"_blank\"  rel=\"noopener noreferrer\"  aria-label=\"Download: Ideen zum Erntedankfest\"><span class='avia_iconbox_title' >Download: Ideen zum Erntedankfest<\/span><\/a><\/div>\n<\/div><\/section><\/div>\n\n<style type=\"text\/css\" data-created_by=\"avia_inline_auto\" id=\"style-css-av-xunp3m-efcb225573c97ec8c23690802b48c036\">\n.flex_column.av-xunp3m-efcb225573c97ec8c23690802b48c036{\nborder-radius:0px 0px 0px 0px;\npadding:0px 0px 0px 0px;\n}\n<\/style>\n<div  class='flex_column av-xunp3m-efcb225573c97ec8c23690802b48c036 av_one_full  avia-builder-el-21  el_after_av_one_full  el_before_av_sidebar  first flex_column_div av-zero-column-padding  column-top-margin'     ><section  class='av_textblock_section av-wnzrw2-781dd05131fd5fcf32778aebd483aab5 '  ><div class='avia_textblock' >\n<style type=\"text\/css\" data-created_by=\"avia_inline_auto\" id=\"style-css-av-u8czcy-1c26292e84bd0839609a315b45e90a33\">\n#top .hr.hr-invisible.av-u8czcy-1c26292e84bd0839609a315b45e90a33{\nheight:20px;\n}\n<\/style>\n<div  class='hr av-u8czcy-1c26292e84bd0839609a315b45e90a33 hr-invisible  avia-builder-el-23  el_before_av_button  avia-builder-el-first '><span class='hr-inner '><span class=\"hr-inner-style\"><\/span><\/span><\/div>\n<h2 id=\"3\" class=\"position\">Woher kommt der Brauch des Martinisingens?<\/h2>\n<p>Der Sankt-Martins-Tag geht zur\u00fcck auf Martin von Tours, der im 4. Jh. v. Chr. lebte und als Begr\u00fcnder des abendl\u00e4ndischen M\u00f6nchtums gilt. Er war der dritte Bischof von Tours und ist einer der bekanntesten Heiligen der katholischen Kirche. Vor allem ist er durch seine N\u00e4chstenliebe und Barmherzigkeit bekannt. So gibt es nicht nur Lieder und Geschichten, sondern auch Gem\u00e4lde, die davon erz\u00e4hlen, wie er einem frierenden Bettler die H\u00e4lfte seines Mantels gab.<\/p>\n<p>Der Laternenumzug geht auf die Lichterprozession zur\u00fcck, die am 11. November 397 die \u00dcberf\u00fchrung von Martins Leichnam per Boot nach Tours begleitete. Zum traditionellen G\u00e4nseessen am Martinstag gibt es mehrere Erkl\u00e4rungsans\u00e4tze und Legenden: Historisch wurde die Lehnspflicht vom Vasallen an seinen Lehnsherrn am Martinstag f\u00e4llig. Diese Abgabe war h\u00e4ufig eine Gans, die als Festessen diente. Eine Legende aus dem 16. Jahrhundert besagt, dass Martin von Tours nicht zum Bischof geweiht werden wollte, weil er sich f\u00fcr diese Aufgabe f\u00fcr unw\u00fcrdig hielt, und sich deshalb vor dem Volk in einem G\u00e4nsestall versteckte. Durch ihr lautes Schnattern verrieten die G\u00e4nse ihn.<\/p>\n<h3>Ideen f\u00fcr das Martinsfest im Kindergarten<\/h3>\n<p>Der Martinstag wird in vielen L\u00e4ndern Europas gefeiert: Die Martinsgans kennt man auch in \u00d6sterreich, der Slowakei, Ungarn und Schweden. Laternenumz\u00fcge, oft mit Sankt Martin auf einem Pferd, sind vor allem im deutschsprachigen Raum und den Niederlanden verbreitet, w\u00e4hrend das Martinisingen ein rein deutscher Brauch ist. Im Anschluss an den Laternenumzug ist in manchen Regionen ein Martinsfeuer \u00fcblich, manchmal geh\u00f6rt ein Stutenkerl, Martinsh\u00f6rnchen oder eine -brezel zum Fest. Diese Tradition ist ein Fest der Lichter und Lieder.<\/p>\n<p><strong>Laterne basteln <\/strong><\/p>\n<p>Ob ein Umzug stattfindet oder nicht \u2013 eine eigene Laterne ist f\u00fcr Kinder ein Highlight. Und schon das gemeinsame Basteln ist ein tolles Event f\u00fcr Kinder, wenn sie sehen, wie einfach sich ihre Ideen in gro\u00dfartige Laternen verwandeln. Im Internet finden Sie zahlreiche Anleitungen f\u00fcr viele unterschiedliche Laternen, z. B. aus Konservendosen oder Tonkarton. Eine andere simple Variante stellen wir Ihnen nun vor.<\/p>\n<p><strong>Pro Laterne brauchen Sie<\/strong>:<\/p>\n<ul>\n<li>einen Luftballon<\/li>\n<li>Kleister und eine Schale<\/li>\n<li>Transparentpapier<\/li>\n<li>einen Laternenstab mit elektrischer Leuchte<\/li>\n<li>ein Gef\u00e4\u00df, z. B. ein leeres Gew\u00fcrzgurkenglas als Halterung w\u00e4hrend des Kleisterns<\/li>\n<li>eine Nadel<\/li>\n<\/ul>\n<p>Das Basteln ist kinderleicht. Planen Sie allerdings 3 Tage Trocknungszeit f\u00fcr den Kleister ein:<\/p>\n<ul>\n<li>Ballon auf die gew\u00fcnschte Gr\u00f6\u00dfe aufblasen und verknoten.<\/li>\n<li>Den Ballon mit dem Knoten nach unten auf dem leeren Glas positionieren.<\/li>\n<li>St\u00fccke aus Transparentpapier in Kleister tauchen und in mehreren Schichten auf den Ballon kleben, dabei den Bereich um den Knoten herum f\u00fcr den Laternenstab aussparen.<\/li>\n<li>Den Ballon 3 Tage lang trocknen lassen.<\/li>\n<li>Am Knoten mit der Nadel in den Ballon stechen und die H\u00fclle vorsichtig entfernen.<\/li>\n<li>Mit der Nadel zwei L\u00f6cher rechts und links neben der \u00d6ffnung stechen, um den Laternenstab zu befestigen.<\/li>\n<\/ul>\n<p><strong>Ein selbst gemachtes Windlicht verschenken <\/strong><\/p>\n<p>In der dunklen Jahreszeit freuen sich viele Menschen \u00fcber bunte Lichter. Wenn Sie mit Ihren Kindern Windlichter basteln wollen, starten Sie am besten schon jetzt einen Aufruf zum Sammeln von leeren Gl\u00e4sern (Marmelade, Honig, Obst, Gem\u00fcse). Diese lassen sich dann nach Lust und Laune verzieren. Dazu eignen sich z. B. die folgenden Materialien:<\/p>\n<ul>\n<li>Transparent-, Seiden- oder Krepppapier<\/li>\n<li>Servietten oder Geschenkpapier<\/li>\n<li>Federn<\/li>\n<li>Glitzer oder bunter Sand<\/li>\n<li>Lametta, Samtb\u00e4nder oder Geschenkband<\/li>\n<li>gepresste Blumen, Gr\u00e4ser oder Bl\u00e4tter<\/li>\n<\/ul>\n<p>Nat\u00fcrlich k\u00f6nnen Sie die Gl\u00e4ser auch bemalen. Glasfarbe gibt es z. B. in T\u00f6pfchen zum Auftragen mit Pinseln, aber auch in Stiftform. Wie auch immer Ihre Kinder die Windlichter gestalten \u2013 sie sind sicher ein tolles Geschenk f\u00fcr Freunde und Familie oder versch\u00f6nern einfach das Kinderzimmer zu Hause. Auch f\u00fcr einen Basar in der Einrichtung sind Windlichter eine tolle Idee.<\/p>\n<p><strong>Stutenkerle und Brezel backen <\/strong><\/p>\n<p>Ob und inwiefern Stutenkerle und Brezel zu Sankt Martin geh\u00f6ren, dar\u00fcber gehen die Meinungen auseinander. Jede Region feiert anders. Traditionell stellt der Stutenkerl eigentlich den Nikolaus von Myra dar und wird in einigen Regionen darum auch erst am 6. Dezember gegessen. Lecker ist er trotzdem auch zu anderen Gelegenheiten, weswegen er eben regional bedingt auch mit dem heiligen Martin in Verbindung gebracht und daher am 11. November bzw. zum St.-Martinsfest verzehrt wird. Denn nach einer gelungenen Sankt-Martins-Feier mit Basteln, Liedern, vielleicht sogar einem Umzug, ist s\u00fc\u00dfes Geb\u00e4ck immer eine gern gesehene St\u00e4rkung.<\/p>\n<p><strong>Sankt Martin und der Bettler \u2013 ein Theaterst\u00fcck auff\u00fchren <\/strong><\/p>\n<p>Sankt Martin wird bis heute mit dem Grundgedanken der N\u00e4chstenliebe verbunden. Wie sich N\u00e4chstenliebe und Barmherzigkeit anf\u00fchlen, erkennen Ihre Kinder, indem sie die Geschichte von Sankt Martin und dem Bettler gemeinsam nachspielen. Bringen Sie die Geschichte und ihre Intention auf die B\u00fchne und f\u00fchren Sie sie als Theaterst\u00fcck auf. Eine gute Grundlage daf\u00fcr ist das Lied \u00bbSankt Martin ritt durch Schnee und Wind\u00ab. Kinder, die nicht schauspielerisch aktiv werden wollen, gestalten einfach Requisiten mit oder begleiten als Chor die Szene mit diesem Lied.<\/p>\n<p><strong>Lieder und Geschichten zu Sankt Martin <\/strong><\/p>\n<p>Machen Sie es sich in Ihrer Einrichtung mit Ihren Kindern z. B. in einer kuscheligen Leseecke mit Teppichen und Sitzkissen gem\u00fctlich. Lesen Sie gemeinsam Geschichten \u00fcber Sankt Martin, singen Sie Lieder, schauen Sie sich Bilder an und kommen Sie ins Gespr\u00e4ch. Einige Anregungen haben wir f\u00fcr Sie zusammengestellt:<\/p>\n<ul>\n<li>Was ist das Besondere an Sankt Martin?<\/li>\n<li>Warum haben so viele Leute den Bettler ignoriert?<\/li>\n<li>In welchen Momenten schaut man heute lieber weg, obwohl man helfen sollte, und was sind die Gr\u00fcnde (Diskriminierung, Beleidigung, Bel\u00e4stigung)? Was bedeutet Zivilcourage? Was h\u00e4tten Ihre Kinder an Sankt Martins Stelle getan? Haben die Kinder eigene Erlebnisse zu berichten?<\/li>\n<li>In welchen Situationen ist ein Mensch in Not und was sind die Gr\u00fcnde? Wie kann man selbst am besten helfen? Inwiefern unterscheidet sich die Definition von Not und Armut in verschiedenen L\u00e4ndern?<\/li>\n<li>Warum wollte Sankt Martin das Amt des Bischofs nicht haben und was bedeutet das eigentlich, welche Aufgaben hat man da?<\/li>\n<li>Was ist \u00fcberhaupt ein M\u00f6nch, wie und wo leben M\u00f6nche, wie viele gibt es in Deutschland? Und gibt es auch weibliche M\u00f6nche?<\/li>\n<li>Aus welchen Gr\u00fcnden ging man fr\u00fcher ins Kloster? Warum macht man es heute, vielleicht auch nur f\u00fcr ein Wochenende, f\u00fcr eine Auszeit? Gibt es etwas \u00c4hnliches auch in anderen Kulturen?<\/li>\n<\/ul>\n<p><a href=\"https:\/\/blog.backwinkel.de\/wp-content\/uploads\/2021\/09\/backwinkel-blog-kiga-ideen-zum-st-martinsfest.jpg\"><img decoding=\"async\" class=\"alignnone wp-image-7912\" src=\"https:\/\/blog.backwinkel.de\/wp-content\/uploads\/2021\/09\/backwinkel-blog-kiga-ideen-zum-st-martinsfest.jpg\" alt=\"\" width=\"364\" height=\"515\" \/><\/a><\/p>\n<div  class='avia-button-wrap av-4tu8ku-2-a7c99eec06b5a9132583998de0e698e7-wrap avia-button-left  avia-builder-el-24  el_after_av_hr  avia-builder-el-last '><a href='https:\/\/www.backwinkel.de\/downloads\/backwinkel-blog-kiga-ideen-zum-st-martinsfest.pdf'  class='avia-button av-4tu8ku-2-a7c99eec06b5a9132583998de0e698e7 av-link-btn avia-icon_select-no avia-size-medium avia-position-left avia-color-theme-color'  target=\"_blank\"  rel=\"noopener noreferrer\"  aria-label=\"Download: Ideen zum St. Martinsfest\"><span class='avia_iconbox_title' >Download: Ideen zum St. Martinsfest<\/span><\/a><\/div>\n<p>Wenn Sie einen Bezug zur Gegenwart schaffen, lernen Ihre Kinder neben historischen Fakten auch etwas \u00fcber sich selbst und andere, wodurch auch Vorurteile abgebaut werden. M\u00f6glicherweise reflektieren sie ihr eigenes Verhalten im Alltag und \u00f6ffnen ihre Sinne f\u00fcr die Bed\u00fcrfnisse anderer. Am Ende des Projekts \u00bbSankt Martin\u00ab haben die Kinder bestimmt Lust, kreativ darzustellen, welche Geschichte oder Einzelheit ihnen am st\u00e4rksten im Ged\u00e4chtnis geblieben ist. Halten Sie die Ergebnisse doch zum Beispiel als Collage fest und pr\u00e4sentieren Sie sie.<\/p>\n<\/div><\/section><\/div>\n<div  class='avia-builder-widget-area clearfix  avia-builder-el-25  el_after_av_one_full  el_before_av_hr '><div id=\"text-15\" class=\"widget clearfix widget_text\">\t\t\t<div class=\"textwidget\"><p>\n<style type=\"text\/css\" data-created_by=\"avia_inline_auto\" id=\"style-css-av-7c7r8-5595a223bf93fe848c40e7bf3faacd82\">\n#top .hr.hr-invisible.av-7c7r8-5595a223bf93fe848c40e7bf3faacd82{\nheight:20px;\n}\n<\/style>\n<div  class='hr av-7c7r8-5595a223bf93fe848c40e7bf3faacd82 hr-invisible'><span class='hr-inner '><span class=\"hr-inner-style\"><\/span><\/span><\/div><br \/>\n<a href=\"https:\/\/www.backwinkel.de\" target=\"_blank\" rel=\"noopener\"><br \/>\n<img decoding=\"async\" class=\"werbung-desktop alignnone wp-image-4186 size-full\" src=\"https:\/\/blog.backwinkel.de\/wp-content\/uploads\/2022\/07\/20210215_backwinkel-blog-werbebanner-Neuer_online_shop_desktop1.jpg\" alt=\"\" width=\"1251\" height=\"201\" \/><br \/>\n<\/a><br \/>\n<a href=\"https:\/\/www.backwinkel.de\" target=\"_blank\" rel=\"noopener\"><br \/>\n<img decoding=\"async\" class=\"werbung-mobile alignnone wp-image-4187 size-full\" src=\"https:\/\/blog.backwinkel.de\/wp-content\/uploads\/2022\/07\/20210215_backwinkel-blog-werbebanner-Neuer_online_shop_mobile-1.jpg\" alt=\"\" width=\"550\" height=\"500\" \/><br \/>\n<\/a><\/p>\n<\/div>\n\t\t<\/div><\/div>\n\n<style type=\"text\/css\" data-created_by=\"avia_inline_auto\" id=\"style-css-av-kzilma-b204be03f2703b34f16d3205b8f27285\">\n#top .hr.av-kzilma-b204be03f2703b34f16d3205b8f27285{\nmargin-top:10px;\nmargin-bottom:10px;\n}\n.hr.av-kzilma-b204be03f2703b34f16d3205b8f27285 .hr-inner{\nwidth:500;\n}\n<\/style>\n<div  class='hr av-kzilma-b204be03f2703b34f16d3205b8f27285 hr-custom hr-left hr-icon-no'><span class='hr-inner inner-border-av-border-none'><span class=\"hr-inner-style\"><\/span><\/span><\/div>\n\n<style type=\"text\/css\" data-created_by=\"avia_inline_auto\" id=\"style-css-av-jtbtoy-48de4349251fdfda7035b51c1725505c\">\n.flex_column.av-jtbtoy-48de4349251fdfda7035b51c1725505c{\nborder-radius:0px 0px 0px 0px;\npadding:10px 10px 10px 10px;\nbackground-color:#f2f2f2;\n}\n<\/style>\n<div  class='flex_column av-jtbtoy-48de4349251fdfda7035b51c1725505c av_one_full  avia-builder-el-27  el_after_av_hr  el_before_av_one_full  first flex_column_div  '     ><section  class='av_textblock_section av-hbpnpu-61bf8f326777c439fb1200679a0ac3b7 '  ><div class='avia_textblock' ><p class=\"fussnoten-quellen\"><strong>Lesen Sie mehr: <\/strong><\/p>\n<p class=\"fussnoten-quellen\">Artikel der Bundeszentrale f\u00fcr politische Bildung \u00fcber Deutschland als Einwanderungsland, 2017: www.bpb.de\/politik\/innenpolitik\/demografischer-wandel\/196652\/einwanderungsland-deutschland<\/p>\n<p class=\"fussnoten-quellen\">Statistik zum Nahrungsmittelimport Deutschlands, 2021: https:\/\/de.statista.com\/statistik\/daten\/studie\/321632\/umfrage\/import-von-nahrungsmitteln-nach-deutschland-nach-warengruppen\/<\/p>\n<p class=\"fussnoten-quellen\">Deutsches Jugendinstitut, Projekt \u00bbMultikulturelles Kinderleben\u00ab, Wie Kinder multikulturellen Alltag erleben, 2000: www.dji.de\/fileadmin\/user_upload\/bibs\/DJI_Multikulti_Heft4.pdf<\/p>\n<p class=\"fussnoten-quellen\">Tolle Ideensammlung zum Thema \u00bbErntedank im Kindergarten\u00ab:<br \/>\n<a href=\"http:\/\/www.erzieherin-ausbildung.de\/praxis\/kindergartenprojekte-vorschulkinder-u3\/wochenprojekt-wir-feiern-erntedank-im-kindergarten\" target=\"_blank\" rel=\"noopener\">www.erzieherin-ausbildung.de\/praxis\/kindergartenprojekte-vorschulkinder-u3\/wochenprojekt-wir-feiern-erntedank-im-kindergarten<\/a><\/p>\n<p class=\"fussnoten-quellen\">Sammlung von Anleitungen zum Laternenbasteln: www.geo.de\/geolino\/basteln\/31807-thma-laternen-basteln<\/p>\n<p class=\"fussnoten-quellen\">Informationen zum chinesischen Mondfest: www.hongi.com\/blog\/schlaf-lifestyle\/mondfest-vollmond-china-erntedank\/<\/p>\n<p class=\"fussnoten-quellen\">Becker-Textor, Ingeborg; Textor, Martin: Kinder brauchen Traditionen, aus: Unser Auftrag, 1990, Nr. 7\/8, S. 23 \u2013 24 (gek\u00fcrzte Fassung): www.kindergartenpaedagogik.de\/fachartikel\/feste-und-feiern\/488<\/p>\n<p class=\"fussnoten-quellen\">Anregungen f\u00fcr Kindergottesdienste zum Erntedankfest: www.kinderkirche.de\/arbeitshilfen\/themen\/thema\/erntedank.html<\/p>\n<p class=\"fussnoten-quellen\">Text und Noten zum Lied \u00bbSankt Martin ritt durch Schnee und Wind\u00ab:<br \/>\n<a href=\"http:\/\/www.lieder-archiv.de\/sankt_martin_ritt_durch_schnee_und_wind-notenblatt_300731.html\" target=\"_blank\" rel=\"noopener\">www.lieder-archiv.de\/sankt_martin_ritt_durch_schnee_und_wind-notenblatt_300731.html<\/a><\/p>\n<p class=\"fussnoten-quellen\">Artikel \u00fcber Lebensmittelverschwendung in Deutschland, 2018: www.tagesspiegel.de\/politik\/lebensmittelverschwendung-18-millionen-tonnen-fuer-die-tonne\/21198094.html<\/p>\n<p class=\"fussnoten-quellen\">\u00dcberblick \u00fcber die historischen Urspr\u00fcnge des Erntedankfestes in verschiedenen Kulturen:<br \/>\nwww.wasistwas.de\/archiv-geschichte-details\/feste-und-feiern-zum-erntedank.html<\/p>\n<\/div><\/section><\/div>\n\n<style type=\"text\/css\" data-created_by=\"avia_inline_auto\" id=\"style-css-av-fakrrm-c8b92b75280530bab39d6fc51b2bd863\">\n.flex_column.av-fakrrm-c8b92b75280530bab39d6fc51b2bd863{\nborder-radius:0px 0px 0px 0px;\npadding:10px 10px 10px 10px;\n}\n<\/style>\n<div  class='flex_column av-fakrrm-c8b92b75280530bab39d6fc51b2bd863 av_one_full  avia-builder-el-29  el_after_av_one_full  el_before_av_one_full  first flex_column_div  column-top-margin'     ><section  class='av_textblock_section av-diubgi-73c488b2b04f04e300bd5ee77ea2bd30 '  ><div class='avia_textblock' ><p class=\"copyright\"><strong>\u00a9 Copyright \u2013 Urheberrechtshinweis<\/strong><br \/>\nAlle Inhalte auf www.backwinkel.de sowie www.backwinkel.de\/blog, insbesondere Texte, Fotografien und Grafiken, sind urheberrechtlich gesch\u00fctzt.<br \/>\nDas Urheberrecht liegt, soweit nicht ausdr\u00fccklich anders gekennzeichnet, bei der BACKWINKEL GmbH. Bitte fragen Sie uns, falls Sie die Inhalte dieses Internetangebotes verwenden m\u00f6chten.<br \/>\nWer gegen das Urheberrecht verst\u00f6\u00dft (z. B. Bilder oder Texte unerlaubt kopiert), macht sich gem. \u00a7\u00a7 106 ff UrhG strafbar, wird zudem kostenpflichtig abgemahnt und muss Schadensersatz leisten (\u00a7 97 UrhG).<\/p>\n<\/div><\/section><\/div>\n\n<style type=\"text\/css\" data-created_by=\"avia_inline_auto\" id=\"style-css-av-d5kzte-1761d8fad9e6516294200f2b5743dce4\">\n.flex_column.av-d5kzte-1761d8fad9e6516294200f2b5743dce4{\nborder-radius:0px 0px 0px 0px;\npadding:0px 0px 0px 0px;\n}\n<\/style>\n<div  class='flex_column av-d5kzte-1761d8fad9e6516294200f2b5743dce4 av_one_full  avia-builder-el-31  el_after_av_one_full  avia-builder-el-last  first flex_column_div av-zero-column-padding  column-top-margin'     ><p><section  class='av_textblock_section av-aj4koy-54ce837402b36dd8b8f4d25e323e456d '  ><div class='avia_textblock' ><div class=\"shariff shariff-align-left shariff-widget-align-left\"><ul class=\"shariff-buttons theme-color orientation-horizontal buttonsize-medium\"><li class=\"shariff-button whatsapp shariff-nocustomcolor\" style=\"background-color:#5cbe4a\"><a href=\"https:\/\/api.whatsapp.com\/send?text=https%3A%2F%2Fwww.backwinkel.de%2Fblog%2Ftraditionen-im-herbst%2F%20Traditionen%20im%20Herbst.\" title=\"Bei Whatsapp teilen\" aria-label=\"Bei Whatsapp teilen\" role=\"button\" rel=\"noopener nofollow\" class=\"shariff-link\" style=\"; background-color:#34af23; color:#fff\" target=\"_blank\"><span class=\"shariff-icon\" style=\"\"><svg width=\"32px\" height=\"20px\" xmlns=\"http:\/\/www.w3.org\/2000\/svg\" viewBox=\"0 0 32 32\"><path fill=\"#34af23\" d=\"M17.6 17.4q0.2 0 1.7 0.8t1.6 0.9q0 0.1 0 0.3 0 0.6-0.3 1.4-0.3 0.7-1.3 1.2t-1.8 0.5q-1 0-3.4-1.1-1.7-0.8-3-2.1t-2.6-3.3q-1.3-1.9-1.3-3.5v-0.1q0.1-1.6 1.3-2.8 0.4-0.4 0.9-0.4 0.1 0 0.3 0t0.3 0q0.3 0 0.5 0.1t0.3 0.5q0.1 0.4 0.6 1.6t0.4 1.3q0 0.4-0.6 1t-0.6 0.8q0 0.1 0.1 0.3 0.6 1.3 1.8 2.4 1 0.9 2.7 1.8 0.2 0.1 0.4 0.1 0.3 0 1-0.9t0.9-0.9zM14 26.9q2.3 0 4.3-0.9t3.6-2.4 2.4-3.6 0.9-4.3-0.9-4.3-2.4-3.6-3.6-2.4-4.3-0.9-4.3 0.9-3.6 2.4-2.4 3.6-0.9 4.3q0 3.6 2.1 6.6l-1.4 4.2 4.3-1.4q2.8 1.9 6.2 1.9zM14 2.2q2.7 0 5.2 1.1t4.3 2.9 2.9 4.3 1.1 5.2-1.1 5.2-2.9 4.3-4.3 2.9-5.2 1.1q-3.5 0-6.5-1.7l-7.4 2.4 2.4-7.2q-1.9-3.2-1.9-6.9 0-2.7 1.1-5.2t2.9-4.3 4.3-2.9 5.2-1.1z\"\/><\/svg><\/span><span class=\"shariff-text\">teilen<\/span>&nbsp;<\/a><\/li><li class=\"shariff-button facebook shariff-nocustomcolor\" style=\"background-color:#4273c8\"><a href=\"https:\/\/www.facebook.com\/sharer\/sharer.php?u=https%3A%2F%2Fwww.backwinkel.de%2Fblog%2Ftraditionen-im-herbst%2F\" title=\"Bei Facebook teilen\" aria-label=\"Bei Facebook teilen\" role=\"button\" rel=\"nofollow\" class=\"shariff-link\" style=\"; background-color:#3b5998; color:#fff\" target=\"_blank\"><span class=\"shariff-icon\" style=\"\"><svg width=\"32px\" height=\"20px\" xmlns=\"http:\/\/www.w3.org\/2000\/svg\" viewBox=\"0 0 18 32\"><path fill=\"#3b5998\" d=\"M17.1 0.2v4.7h-2.8q-1.5 0-2.1 0.6t-0.5 1.9v3.4h5.2l-0.7 5.3h-4.5v13.6h-5.5v-13.6h-4.5v-5.3h4.5v-3.9q0-3.3 1.9-5.2t5-1.8q2.6 0 4.1 0.2z\"\/><\/svg><\/span><span class=\"shariff-text\">teilen<\/span>&nbsp;<\/a><\/li><li class=\"shariff-button twitter shariff-nocustomcolor\" style=\"background-color:#595959\"><a href=\"https:\/\/twitter.com\/share?url=https%3A%2F%2Fwww.backwinkel.de%2Fblog%2Ftraditionen-im-herbst%2F&text=Traditionen%20im%20Herbst.\" title=\"Bei X teilen\" aria-label=\"Bei X teilen\" role=\"button\" rel=\"noopener nofollow\" class=\"shariff-link\" style=\"; background-color:#000; color:#fff\" target=\"_blank\"><span class=\"shariff-icon\" style=\"\"><svg width=\"32px\" height=\"20px\" xmlns=\"http:\/\/www.w3.org\/2000\/svg\" viewBox=\"0 0 24 24\"><path fill=\"#000\" d=\"M14.258 10.152L23.176 0h-2.113l-7.747 8.813L7.133 0H0l9.352 13.328L0 23.973h2.113l8.176-9.309 6.531 9.309h7.133zm-2.895 3.293l-.949-1.328L2.875 1.56h3.246l6.086 8.523.945 1.328 7.91 11.078h-3.246zm0 0\"\/><\/svg><\/span><span class=\"shariff-text\">teilen<\/span>&nbsp;<\/a><\/li><li class=\"shariff-button pinterest shariff-nocustomcolor\" style=\"background-color:#e70f18\"><a href=\"https:\/\/www.pinterest.com\/pin\/create\/link\/?url=https%3A%2F%2Fwww.backwinkel.de%2Fblog%2Ftraditionen-im-herbst%2F&media=https%3A%2F%2Fwww.backwinkel.de%2Fblog%2Fwp-content%2Fuploads%2F2021%2F09%2Fbackwinkel-blog-erntedank-schule-heroimage.jpg&description=Traditionen%20im%20Herbst.\" title=\"Bei Pinterest pinnen\" aria-label=\"Bei Pinterest pinnen\" role=\"button\" rel=\"noopener nofollow\" class=\"shariff-link\" style=\"; background-color:#cb2027; color:#fff\" target=\"_blank\"><span class=\"shariff-icon\" style=\"\"><svg width=\"32px\" height=\"20px\" xmlns=\"http:\/\/www.w3.org\/2000\/svg\" viewBox=\"0 0 27 32\"><path fill=\"#cb2027\" d=\"M27.4 16q0 3.7-1.8 6.9t-5 5-6.9 1.9q-2 0-3.9-0.6 1.1-1.7 1.4-2.9 0.2-0.6 1-3.8 0.4 0.7 1.3 1.2t2 0.5q2.1 0 3.8-1.2t2.7-3.4 0.9-4.8q0-2-1.1-3.8t-3.1-2.9-4.5-1.2q-1.9 0-3.5 0.5t-2.8 1.4-2 2-1.2 2.3-0.4 2.4q0 1.9 0.7 3.3t2.1 2q0.5 0.2 0.7-0.4 0-0.1 0.1-0.5t0.2-0.5q0.1-0.4-0.2-0.8-0.9-1.1-0.9-2.7 0-2.7 1.9-4.6t4.9-2q2.7 0 4.2 1.5t1.5 3.8q0 3-1.2 5.2t-3.1 2.1q-1.1 0-1.7-0.8t-0.4-1.9q0.1-0.6 0.5-1.7t0.5-1.8 0.2-1.4q0-0.9-0.5-1.5t-1.4-0.6q-1.1 0-1.9 1t-0.8 2.6q0 1.3 0.4 2.2l-1.8 7.5q-0.3 1.2-0.2 3.2-3.7-1.6-6-5t-2.3-7.6q0-3.7 1.9-6.9t5-5 6.9-1.9 6.9 1.9 5 5 1.8 6.9z\"\/><\/svg><\/span><span class=\"shariff-text\">merken<\/span>&nbsp;<\/a><\/li><li class=\"shariff-button mailto shariff-nocustomcolor\" style=\"background-color:#a8a8a8\"><a href=\"mailto:?body=https%3A%2F%2Fwww.backwinkel.de%2Fblog%2Ftraditionen-im-herbst%2F&subject=Traditionen%20im%20Herbst.\" title=\"Per E-Mail versenden\" aria-label=\"Per E-Mail versenden\" role=\"button\" rel=\"noopener nofollow\" class=\"shariff-link\" style=\"; background-color:#999; color:#fff\"><span class=\"shariff-icon\" style=\"\"><svg width=\"32px\" height=\"20px\" xmlns=\"http:\/\/www.w3.org\/2000\/svg\" viewBox=\"0 0 32 32\"><path fill=\"#999\" d=\"M32 12.7v14.2q0 1.2-0.8 2t-2 0.9h-26.3q-1.2 0-2-0.9t-0.8-2v-14.2q0.8 0.9 1.8 1.6 6.5 4.4 8.9 6.1 1 0.8 1.6 1.2t1.7 0.9 2 0.4h0.1q0.9 0 2-0.4t1.7-0.9 1.6-1.2q3-2.2 8.9-6.1 1-0.7 1.8-1.6zM32 7.4q0 1.4-0.9 2.7t-2.2 2.2q-6.7 4.7-8.4 5.8-0.2 0.1-0.7 0.5t-1 0.7-0.9 0.6-1.1 0.5-0.9 0.2h-0.1q-0.4 0-0.9-0.2t-1.1-0.5-0.9-0.6-1-0.7-0.7-0.5q-1.6-1.1-4.7-3.2t-3.6-2.6q-1.1-0.7-2.1-2t-1-2.5q0-1.4 0.7-2.3t2.1-0.9h26.3q1.2 0 2 0.8t0.9 2z\"\/><\/svg><\/span><span class=\"shariff-text\">E-Mail<\/span>&nbsp;<\/a><\/li><\/ul><\/div>\n<\/div><\/section><br \/>\n<div  class='tabcontainer av-9edvrm-3f4dab93af1b68a28240cf632fecfba6 top_tab  avia-builder-el-33  el_after_av_textblock  el_before_av_hr '>\n<section class='av_tab_section av_tab_section av-7njd5e-aaa2ea02548c3278b0988a6739f4bdd4' ><div id='tab-id-1-tab' class='tab active_tab' role='tab' aria-selected=\"true\" tabindex=\"0\" data-fake-id='#tab-id-1' aria-controls='tab-id-1-content' >Das BACKWINKEL-Blog-Team:<\/div><div id='tab-id-1-content' class='tab_content active_tab_content' role='tabpanel' aria-labelledby='tab-id-1-tab' aria-hidden=\"false\"><div class='tab_inner_content invers-color' ><p><img decoding=\"async\" class=\"wp-image-1768 alignleft\" title=\"BACKWINKEL-Blog \u2013 Das Team\" src=\"https:\/\/blog.backwinkel.de\/wp-content\/uploads\/2018\/10\/backwinkel-blog-autorenbox-intern_preview-300x198.jpg\" alt=\"\" width=\"300\" height=\"198\" \/>Gibts auch ein Gesicht hinter dem BACKWINKEL-Blog? Ja. Vier ?. Drei davon sogar mit Foto.<\/p>\n<p><span style=\"font-style: inherit !important; font-weight: inherit !important;\">Wir \u2013 Lukas, Tatjana, Stefan und Christine \u2013 bespielen unseren Blog unter dem Motto LACHEN LESEN LERNEN. <\/span><\/p>\n<p><span style=\"font-style: inherit !important; font-weight: inherit !important;\">Lukas kennt sich online so gut aus wie in seiner Westentasche und findet immer spannende Themen, w\u00e4hrend Stefan unseren Beitr\u00e4gen den passenden gestalterischen Rahmen gibt und Tatjana mit dem gr\u00fcnen Korrekturstift alles pr\u00fcfend be\u00e4ugt, was unsere Autorin Christine (und gern auch Gastautoren) f\u00fcr den BACKWINKEL-Blog nach ordentlicher Recherche schreibt.<\/span><\/p>\n<p>Gemeinsam suchen wir st\u00e4ndig nach neuen, aufregenden Themen rund um das Thema Bildung im Kiga, der Schule und zu Hause. Und weil Sie da an der Quelle sitzen, freuen wir uns auf Ihre konstruktiven R\u00fcckmeldungen und Anregungen an <a href=\"mailto:blog@backwinkel.de\">blog@backwinkel.de<\/a><\/p>\n<p>Viel Spa\u00df beim LACHEN LESEN LERNEN!<\/p>\n<\/div><\/div><\/section>\n<\/div><br \/>\n\n<style type=\"text\/css\" data-created_by=\"avia_inline_auto\" id=\"style-css-av-5j8g9e-c9d669884badd16a95b7223082506d3e\">\n#top .hr.av-5j8g9e-c9d669884badd16a95b7223082506d3e{\nmargin-top:10px;\nmargin-bottom:10px;\n}\n.hr.av-5j8g9e-c9d669884badd16a95b7223082506d3e .hr-inner{\nwidth:500;\n}\n<\/style>\n<div  class='hr av-5j8g9e-c9d669884badd16a95b7223082506d3e hr-custom  avia-builder-el-34  el_after_av_tab_container  el_before_av_heading  hr-left hr-icon-no'><span class='hr-inner inner-border-av-border-thin'><span class=\"hr-inner-style\"><\/span><\/span><\/div><br \/>\n\n<style type=\"text\/css\" data-created_by=\"avia_inline_auto\" id=\"style-css-av-4g6ueq-b127bb99f80ac844157f120459b4051a\">\n#top .av-special-heading.av-4g6ueq-b127bb99f80ac844157f120459b4051a{\npadding-bottom:10px;\n}\nbody .av-special-heading.av-4g6ueq-b127bb99f80ac844157f120459b4051a .av-special-heading-tag .heading-char{\nfont-size:25px;\n}\n.av-special-heading.av-4g6ueq-b127bb99f80ac844157f120459b4051a .av-subheading{\nfont-size:15px;\n}\n<\/style>\n<div  class='av-special-heading av-4g6ueq-b127bb99f80ac844157f120459b4051a av-special-heading-h3 blockquote modern-quote  avia-builder-el-35  el_after_av_hr  el_before_av_blog '><h3 class='av-special-heading-tag '  >PASSENDE BEITR\u00c4GE<\/h3><div class=\"special-heading-border\"><div class=\"special-heading-inner-border\"><\/div><\/div><\/div><br \/>\n<div  data-slideshow-options=\"{&quot;animation&quot;:&quot;fade&quot;,&quot;autoplay&quot;:false,&quot;loop_autoplay&quot;:&quot;once&quot;,&quot;interval&quot;:5,&quot;loop_manual&quot;:&quot;manual-endless&quot;,&quot;autoplay_stopper&quot;:false,&quot;noNavigation&quot;:false,&quot;show_slide_delay&quot;:90}\" class='avia-content-slider avia-content-grid-active avia-content-slider1 avia-content-slider-odd  avia-builder-el-36  el_after_av_heading  avia-builder-el-last  av-slideshow-ui av-control-default   av-no-slider-navigation av-slideshow-manual av-loop-once av-loop-manual-endless ' ><div class=\"avia-content-slider-inner\"><div class=\"slide-entry-wrap\"><article class='slide-entry flex_column  post-entry post-entry-18633 slide-entry-overview slide-loop-1 slide-parity-odd  av_one_third first real-thumbnail posttype-post post-format-standard' ><a href='https:\/\/www.backwinkel.de\/blog\/plastik-recyceln\/' data-rel='slide-1' class='slide-image' title='Plastik recyceln'><img decoding=\"async\" fetchpriority=\"high\" width=\"1200\" height=\"628\" src=\"https:\/\/www.backwinkel.de\/blog\/wp-content\/uploads\/2026\/04\/04_Kiga_Plastik_nachhaltig_nutzen.jpg\" class=\"wp-image-18713 avia-img-lazy-loading-not-18713 attachment-no scaling size-no scaling wp-post-image\" alt=\"\" \/><\/a><div class=\"slide-content\"><header class=\"entry-content-header\" aria-label=\"Slide: Plastik recyceln\"><h3 class='slide-entry-title entry-title ' ><a href='https:\/\/www.backwinkel.de\/blog\/plastik-recyceln\/' title='Plastik recyceln'>Plastik recyceln<\/a><\/h3><span class=\"blog-categories minor-meta\"><a href=\"https:\/\/www.backwinkel.de\/blog\/category\/kindergarten-kita\/\" rel=\"tag\">Kindergarten<\/a> <\/span><span class=\"av-vertical-delimiter\"><\/span><\/header><div class='slide-entry-excerpt entry-content' >Biokunststoff f\u00fcr St\u00fchle, Materialboxen, Spielzeug und Rucks\u00e4cke<\/div><\/div><footer class=\"entry-footer\"><div class=\"slide-meta\"><time class='slide-meta-time updated' >14. April 2026<\/time><\/div><\/footer><\/article><article class='slide-entry flex_column  post-entry post-entry-18716 slide-entry-overview slide-loop-2 slide-parity-even  av_one_third  real-thumbnail posttype-post post-format-standard' ><a href='https:\/\/www.backwinkel.de\/blog\/rechnen-im-anfangsunterricht\/' data-rel='slide-1' class='slide-image' title='Rechnen im Anfangsunterricht'><img decoding=\"async\" fetchpriority=\"high\" width=\"1200\" height=\"628\" src=\"https:\/\/www.backwinkel.de\/blog\/wp-content\/uploads\/2026\/04\/04_Schule_Rechnen_anfangsunterricht.jpg\" class=\"wp-image-18748 avia-img-lazy-loading-not-18748 attachment-no scaling size-no scaling wp-post-image\" alt=\"\" \/><\/a><div class=\"slide-content\"><header class=\"entry-content-header\" aria-label=\"Slide: Rechnen im Anfangsunterricht\"><h3 class='slide-entry-title entry-title ' ><a href='https:\/\/www.backwinkel.de\/blog\/rechnen-im-anfangsunterricht\/' title='Rechnen im Anfangsunterricht'>Rechnen im Anfangsunterricht<\/a><\/h3><span class=\"blog-categories minor-meta\"><a href=\"https:\/\/www.backwinkel.de\/blog\/category\/schule-grundschule\/\" rel=\"tag\">Schule<\/a> <\/span><span class=\"av-vertical-delimiter\"><\/span><\/header><div class='slide-entry-excerpt entry-content' >Das Klassenzimmer als Lernlandschaft<\/div><\/div><footer class=\"entry-footer\"><div class=\"slide-meta\"><time class='slide-meta-time updated' >14. April 2026<\/time><\/div><\/footer><\/article><article class='slide-entry flex_column  post-entry post-entry-18372 slide-entry-overview slide-loop-3 slide-parity-odd  post-entry-last  av_one_third  real-thumbnail posttype-post post-format-standard' ><a href='https:\/\/www.backwinkel.de\/blog\/kranke-kinder-im-kindergarten\/' data-rel='slide-1' class='slide-image' title='Kranke Kinder im Kindergarten'><img decoding=\"async\" fetchpriority=\"high\" width=\"1200\" height=\"628\" src=\"https:\/\/www.backwinkel.de\/blog\/wp-content\/uploads\/2026\/03\/03_Kiga_Kranke_Kinder.jpg\" class=\"wp-image-18451 avia-img-lazy-loading-not-18451 attachment-no scaling size-no scaling wp-post-image\" alt=\"Thema: Kranke Kinder. Auf dem Bild ist ein krankes kleines M\u00e4dchen zu sehen. Eine Frau mit einem Fieberthermometer in der Hand sitzt neben ihr und hat die Hand auf der Stirn des M\u00e4dchens.\" \/><\/a><div class=\"slide-content\"><header class=\"entry-content-header\" aria-label=\"Slide: Kranke Kinder im Kindergarten\"><h3 class='slide-entry-title entry-title ' ><a href='https:\/\/www.backwinkel.de\/blog\/kranke-kinder-im-kindergarten\/' title='Kranke Kinder im Kindergarten'>Kranke Kinder im Kindergarten<\/a><\/h3><span class=\"blog-categories minor-meta\"><a href=\"https:\/\/www.backwinkel.de\/blog\/category\/kindergarten-kita\/\" rel=\"tag\">Kindergarten<\/a> <\/span><span class=\"av-vertical-delimiter\"><\/span><\/header><div class='slide-entry-excerpt entry-content' >Auswirkungen f\u00fcr Kinder, Eltern und Fachkr\u00e4fte<\/div><\/div><footer class=\"entry-footer\"><div class=\"slide-meta\"><time class='slide-meta-time updated' >9. M\u00e4rz 2026<\/time><\/div><\/footer><\/article><\/div><\/div><\/div><\/p><\/div>\n","protected":false},"excerpt":{"rendered":"<p>Erntedank, Martinisingen und Basteltipps <\/p>\n","protected":false},"author":3,"featured_media":7909,"comment_status":"closed","ping_status":"closed","sticky":false,"template":"","format":"standard","meta":{"inline_featured_image":false,"footnotes":""},"categories":[5],"tags":[25,24],"class_list":["post-7906","post","type-post","status-publish","format-standard","has-post-thumbnail","hentry","category-kindergarten-kita","tag-sankt-martin","tag-st-martin"],"yoast_head":"<!-- This site is optimized with the Yoast SEO plugin v27.4 - https:\/\/yoast.com\/product\/yoast-seo-wordpress\/ -->\n<title>Traditionen im Herbst. - BACKWINKEL Blog<\/title>\n<meta name=\"robots\" content=\"index, follow, max-snippet:-1, max-image-preview:large, max-video-preview:-1\" \/>\n<link rel=\"canonical\" href=\"https:\/\/www.backwinkel.de\/blog\/traditionen-im-herbst\/\" \/>\n<meta property=\"og:locale\" content=\"de_DE\" \/>\n<meta property=\"og:type\" content=\"article\" \/>\n<meta property=\"og:title\" content=\"Traditionen im Herbst. - BACKWINKEL Blog\" \/>\n<meta property=\"og:description\" content=\"Erntedank, Martinisingen und Basteltipps\" \/>\n<meta property=\"og:url\" content=\"https:\/\/www.backwinkel.de\/blog\/traditionen-im-herbst\/\" \/>\n<meta property=\"og:site_name\" content=\"BACKWINKEL Blog\" \/>\n<meta property=\"article:published_time\" content=\"2021-10-04T08:03:11+00:00\" \/>\n<meta property=\"article:modified_time\" content=\"2026-04-22T13:35:44+00:00\" \/>\n<meta property=\"og:image\" content=\"https:\/\/www.backwinkel.de\/blog\/wp-content\/uploads\/2021\/09\/backwinkel-blog-erntedank-schule-heroimage.jpg\" \/>\n\t<meta property=\"og:image:width\" content=\"1200\" \/>\n\t<meta property=\"og:image:height\" content=\"628\" \/>\n\t<meta property=\"og:image:type\" content=\"image\/jpeg\" \/>\n<meta name=\"author\" content=\"BACKWINKEL\" \/>\n<meta name=\"twitter:card\" content=\"summary_large_image\" \/>\n<meta name=\"twitter:label1\" content=\"Verfasst von\" \/>\n\t<meta name=\"twitter:data1\" content=\"BACKWINKEL\" \/>\n\t<meta name=\"twitter:label2\" content=\"Gesch\u00e4tzte Lesezeit\" \/>\n\t<meta name=\"twitter:data2\" content=\"19\u00a0Minuten\" \/>\n<script type=\"application\/ld+json\" class=\"yoast-schema-graph\">{\"@context\":\"https:\\\/\\\/schema.org\",\"@graph\":[{\"@type\":\"Article\",\"@id\":\"https:\\\/\\\/www.backwinkel.de\\\/blog\\\/traditionen-im-herbst\\\/#article\",\"isPartOf\":{\"@id\":\"https:\\\/\\\/www.backwinkel.de\\\/blog\\\/traditionen-im-herbst\\\/\"},\"author\":{\"name\":\"BACKWINKEL\",\"@id\":\"https:\\\/\\\/www.backwinkel.de\\\/blog\\\/#\\\/schema\\\/person\\\/3d64575316540d25f7866264a4b7cd24\"},\"headline\":\"Traditionen im Herbst.\",\"datePublished\":\"2021-10-04T08:03:11+00:00\",\"dateModified\":\"2026-04-22T13:35:44+00:00\",\"mainEntityOfPage\":{\"@id\":\"https:\\\/\\\/www.backwinkel.de\\\/blog\\\/traditionen-im-herbst\\\/\"},\"wordCount\":4779,\"image\":{\"@id\":\"https:\\\/\\\/www.backwinkel.de\\\/blog\\\/traditionen-im-herbst\\\/#primaryimage\"},\"thumbnailUrl\":\"https:\\\/\\\/www.backwinkel.de\\\/blog\\\/wp-content\\\/uploads\\\/2021\\\/09\\\/backwinkel-blog-erntedank-schule-heroimage.jpg\",\"keywords\":[\"Sankt Martin\",\"St. Martin\"],\"articleSection\":[\"Kindergarten\"],\"inLanguage\":\"de\"},{\"@type\":\"WebPage\",\"@id\":\"https:\\\/\\\/www.backwinkel.de\\\/blog\\\/traditionen-im-herbst\\\/\",\"url\":\"https:\\\/\\\/www.backwinkel.de\\\/blog\\\/traditionen-im-herbst\\\/\",\"name\":\"Traditionen im Herbst. - BACKWINKEL Blog\",\"isPartOf\":{\"@id\":\"https:\\\/\\\/www.backwinkel.de\\\/blog\\\/#website\"},\"primaryImageOfPage\":{\"@id\":\"https:\\\/\\\/www.backwinkel.de\\\/blog\\\/traditionen-im-herbst\\\/#primaryimage\"},\"image\":{\"@id\":\"https:\\\/\\\/www.backwinkel.de\\\/blog\\\/traditionen-im-herbst\\\/#primaryimage\"},\"thumbnailUrl\":\"https:\\\/\\\/www.backwinkel.de\\\/blog\\\/wp-content\\\/uploads\\\/2021\\\/09\\\/backwinkel-blog-erntedank-schule-heroimage.jpg\",\"datePublished\":\"2021-10-04T08:03:11+00:00\",\"dateModified\":\"2026-04-22T13:35:44+00:00\",\"author\":{\"@id\":\"https:\\\/\\\/www.backwinkel.de\\\/blog\\\/#\\\/schema\\\/person\\\/3d64575316540d25f7866264a4b7cd24\"},\"breadcrumb\":{\"@id\":\"https:\\\/\\\/www.backwinkel.de\\\/blog\\\/traditionen-im-herbst\\\/#breadcrumb\"},\"inLanguage\":\"de\",\"potentialAction\":[{\"@type\":\"ReadAction\",\"target\":[\"https:\\\/\\\/www.backwinkel.de\\\/blog\\\/traditionen-im-herbst\\\/\"]}]},{\"@type\":\"ImageObject\",\"inLanguage\":\"de\",\"@id\":\"https:\\\/\\\/www.backwinkel.de\\\/blog\\\/traditionen-im-herbst\\\/#primaryimage\",\"url\":\"https:\\\/\\\/www.backwinkel.de\\\/blog\\\/wp-content\\\/uploads\\\/2021\\\/09\\\/backwinkel-blog-erntedank-schule-heroimage.jpg\",\"contentUrl\":\"https:\\\/\\\/www.backwinkel.de\\\/blog\\\/wp-content\\\/uploads\\\/2021\\\/09\\\/backwinkel-blog-erntedank-schule-heroimage.jpg\",\"width\":1200,\"height\":628},{\"@type\":\"BreadcrumbList\",\"@id\":\"https:\\\/\\\/www.backwinkel.de\\\/blog\\\/traditionen-im-herbst\\\/#breadcrumb\",\"itemListElement\":[{\"@type\":\"ListItem\",\"position\":1,\"name\":\"Startseite\",\"item\":\"https:\\\/\\\/blog.backwinkel.de\\\/aktuelles\\\/\"},{\"@type\":\"ListItem\",\"position\":2,\"name\":\"Traditionen im Herbst.\"}]},{\"@type\":\"WebSite\",\"@id\":\"https:\\\/\\\/www.backwinkel.de\\\/blog\\\/#website\",\"url\":\"https:\\\/\\\/www.backwinkel.de\\\/blog\\\/\",\"name\":\"BACKWINKEL Blog\",\"description\":\"f\u00fcr Lehrer, Erzieher und Eltern\",\"potentialAction\":[{\"@type\":\"SearchAction\",\"target\":{\"@type\":\"EntryPoint\",\"urlTemplate\":\"https:\\\/\\\/www.backwinkel.de\\\/blog\\\/?s={search_term_string}\"},\"query-input\":{\"@type\":\"PropertyValueSpecification\",\"valueRequired\":true,\"valueName\":\"search_term_string\"}}],\"inLanguage\":\"de\"},{\"@type\":\"Person\",\"@id\":\"https:\\\/\\\/www.backwinkel.de\\\/blog\\\/#\\\/schema\\\/person\\\/3d64575316540d25f7866264a4b7cd24\",\"name\":\"BACKWINKEL\",\"sameAs\":[\"http:\\\/\\\/www.backwinkel.de\"],\"url\":\"https:\\\/\\\/www.backwinkel.de\\\/blog\\\/author\\\/backwinkel\\\/\"}]}<\/script>\n<!-- \/ Yoast SEO plugin. -->","yoast_head_json":{"title":"Traditionen im Herbst. - BACKWINKEL Blog","robots":{"index":"index","follow":"follow","max-snippet":"max-snippet:-1","max-image-preview":"max-image-preview:large","max-video-preview":"max-video-preview:-1"},"canonical":"https:\/\/www.backwinkel.de\/blog\/traditionen-im-herbst\/","og_locale":"de_DE","og_type":"article","og_title":"Traditionen im Herbst. - BACKWINKEL Blog","og_description":"Erntedank, Martinisingen und Basteltipps","og_url":"https:\/\/www.backwinkel.de\/blog\/traditionen-im-herbst\/","og_site_name":"BACKWINKEL Blog","article_published_time":"2021-10-04T08:03:11+00:00","article_modified_time":"2026-04-22T13:35:44+00:00","og_image":[{"width":1200,"height":628,"url":"https:\/\/www.backwinkel.de\/blog\/wp-content\/uploads\/2021\/09\/backwinkel-blog-erntedank-schule-heroimage.jpg","type":"image\/jpeg"}],"author":"BACKWINKEL","twitter_card":"summary_large_image","twitter_misc":{"Verfasst von":"BACKWINKEL","Gesch\u00e4tzte Lesezeit":"19\u00a0Minuten"},"schema":{"@context":"https:\/\/schema.org","@graph":[{"@type":"Article","@id":"https:\/\/www.backwinkel.de\/blog\/traditionen-im-herbst\/#article","isPartOf":{"@id":"https:\/\/www.backwinkel.de\/blog\/traditionen-im-herbst\/"},"author":{"name":"BACKWINKEL","@id":"https:\/\/www.backwinkel.de\/blog\/#\/schema\/person\/3d64575316540d25f7866264a4b7cd24"},"headline":"Traditionen im Herbst.","datePublished":"2021-10-04T08:03:11+00:00","dateModified":"2026-04-22T13:35:44+00:00","mainEntityOfPage":{"@id":"https:\/\/www.backwinkel.de\/blog\/traditionen-im-herbst\/"},"wordCount":4779,"image":{"@id":"https:\/\/www.backwinkel.de\/blog\/traditionen-im-herbst\/#primaryimage"},"thumbnailUrl":"https:\/\/www.backwinkel.de\/blog\/wp-content\/uploads\/2021\/09\/backwinkel-blog-erntedank-schule-heroimage.jpg","keywords":["Sankt Martin","St. Martin"],"articleSection":["Kindergarten"],"inLanguage":"de"},{"@type":"WebPage","@id":"https:\/\/www.backwinkel.de\/blog\/traditionen-im-herbst\/","url":"https:\/\/www.backwinkel.de\/blog\/traditionen-im-herbst\/","name":"Traditionen im Herbst. - BACKWINKEL Blog","isPartOf":{"@id":"https:\/\/www.backwinkel.de\/blog\/#website"},"primaryImageOfPage":{"@id":"https:\/\/www.backwinkel.de\/blog\/traditionen-im-herbst\/#primaryimage"},"image":{"@id":"https:\/\/www.backwinkel.de\/blog\/traditionen-im-herbst\/#primaryimage"},"thumbnailUrl":"https:\/\/www.backwinkel.de\/blog\/wp-content\/uploads\/2021\/09\/backwinkel-blog-erntedank-schule-heroimage.jpg","datePublished":"2021-10-04T08:03:11+00:00","dateModified":"2026-04-22T13:35:44+00:00","author":{"@id":"https:\/\/www.backwinkel.de\/blog\/#\/schema\/person\/3d64575316540d25f7866264a4b7cd24"},"breadcrumb":{"@id":"https:\/\/www.backwinkel.de\/blog\/traditionen-im-herbst\/#breadcrumb"},"inLanguage":"de","potentialAction":[{"@type":"ReadAction","target":["https:\/\/www.backwinkel.de\/blog\/traditionen-im-herbst\/"]}]},{"@type":"ImageObject","inLanguage":"de","@id":"https:\/\/www.backwinkel.de\/blog\/traditionen-im-herbst\/#primaryimage","url":"https:\/\/www.backwinkel.de\/blog\/wp-content\/uploads\/2021\/09\/backwinkel-blog-erntedank-schule-heroimage.jpg","contentUrl":"https:\/\/www.backwinkel.de\/blog\/wp-content\/uploads\/2021\/09\/backwinkel-blog-erntedank-schule-heroimage.jpg","width":1200,"height":628},{"@type":"BreadcrumbList","@id":"https:\/\/www.backwinkel.de\/blog\/traditionen-im-herbst\/#breadcrumb","itemListElement":[{"@type":"ListItem","position":1,"name":"Startseite","item":"https:\/\/blog.backwinkel.de\/aktuelles\/"},{"@type":"ListItem","position":2,"name":"Traditionen im Herbst."}]},{"@type":"WebSite","@id":"https:\/\/www.backwinkel.de\/blog\/#website","url":"https:\/\/www.backwinkel.de\/blog\/","name":"BACKWINKEL Blog","description":"f\u00fcr Lehrer, Erzieher und Eltern","potentialAction":[{"@type":"SearchAction","target":{"@type":"EntryPoint","urlTemplate":"https:\/\/www.backwinkel.de\/blog\/?s={search_term_string}"},"query-input":{"@type":"PropertyValueSpecification","valueRequired":true,"valueName":"search_term_string"}}],"inLanguage":"de"},{"@type":"Person","@id":"https:\/\/www.backwinkel.de\/blog\/#\/schema\/person\/3d64575316540d25f7866264a4b7cd24","name":"BACKWINKEL","sameAs":["http:\/\/www.backwinkel.de"],"url":"https:\/\/www.backwinkel.de\/blog\/author\/backwinkel\/"}]}},"_links":{"self":[{"href":"https:\/\/www.backwinkel.de\/blog\/wp-json\/wp\/v2\/posts\/7906","targetHints":{"allow":["GET"]}}],"collection":[{"href":"https:\/\/www.backwinkel.de\/blog\/wp-json\/wp\/v2\/posts"}],"about":[{"href":"https:\/\/www.backwinkel.de\/blog\/wp-json\/wp\/v2\/types\/post"}],"author":[{"embeddable":true,"href":"https:\/\/www.backwinkel.de\/blog\/wp-json\/wp\/v2\/users\/3"}],"replies":[{"embeddable":true,"href":"https:\/\/www.backwinkel.de\/blog\/wp-json\/wp\/v2\/comments?post=7906"}],"version-history":[{"count":2,"href":"https:\/\/www.backwinkel.de\/blog\/wp-json\/wp\/v2\/posts\/7906\/revisions"}],"predecessor-version":[{"id":18937,"href":"https:\/\/www.backwinkel.de\/blog\/wp-json\/wp\/v2\/posts\/7906\/revisions\/18937"}],"wp:featuredmedia":[{"embeddable":true,"href":"https:\/\/www.backwinkel.de\/blog\/wp-json\/wp\/v2\/media\/7909"}],"wp:attachment":[{"href":"https:\/\/www.backwinkel.de\/blog\/wp-json\/wp\/v2\/media?parent=7906"}],"wp:term":[{"taxonomy":"category","embeddable":true,"href":"https:\/\/www.backwinkel.de\/blog\/wp-json\/wp\/v2\/categories?post=7906"},{"taxonomy":"post_tag","embeddable":true,"href":"https:\/\/www.backwinkel.de\/blog\/wp-json\/wp\/v2\/tags?post=7906"}],"curies":[{"name":"wp","href":"https:\/\/api.w.org\/{rel}","templated":true}]}}