{"id":7786,"date":"2021-09-06T10:04:50","date_gmt":"2021-09-06T08:04:50","guid":{"rendered":"https:\/\/blog.backwinkel.de\/?p=7786"},"modified":"2026-04-22T15:34:41","modified_gmt":"2026-04-22T13:34:41","slug":"erziehermangel","status":"publish","type":"post","link":"https:\/\/www.backwinkel.de\/blog\/erziehermangel\/","title":{"rendered":"Wo bleiben die M\u00e4nner?"},"content":{"rendered":"\n<style type=\"text\/css\" data-created_by=\"avia_inline_auto\" id=\"style-css-av-1senykq-a7c7db2032ae6e361c377a323c9c3711\">\n.flex_column.av-1senykq-a7c7db2032ae6e361c377a323c9c3711{\nborder-radius:0px 0px 0px 0px;\npadding:0px 0px 0px 0px;\n}\n<\/style>\n<div  class='flex_column av-1senykq-a7c7db2032ae6e361c377a323c9c3711 av_one_full  avia-builder-el-0  el_before_av_three_fifth  avia-builder-el-first  first flex_column_div av-zero-column-padding  '     ><p>\n<style type=\"text\/css\" data-created_by=\"avia_inline_auto\" id=\"style-css-av-1qs2h7u-0dbfe30b2a7a6bf101baafc1d52b7484\">\n#top .hr.hr-invisible.av-1qs2h7u-0dbfe30b2a7a6bf101baafc1d52b7484{\nmargin-top:0px;\nheight:1px;\n}\n<\/style>\n<div  class='hr av-1qs2h7u-0dbfe30b2a7a6bf101baafc1d52b7484 hr-invisible  avia-builder-el-1  el_before_av_heading  avia-builder-el-first '><span class='hr-inner '><span class=\"hr-inner-style\"><\/span><\/span><\/div><br \/>\n\n<style type=\"text\/css\" data-created_by=\"avia_inline_auto\" id=\"style-css-av-kt9w30sr-f31f861489bd784ba6143f70b3988c9f\">\n#top .av-special-heading.av-kt9w30sr-f31f861489bd784ba6143f70b3988c9f{\npadding-bottom:10px;\n}\nbody .av-special-heading.av-kt9w30sr-f31f861489bd784ba6143f70b3988c9f .av-special-heading-tag .heading-char{\nfont-size:25px;\n}\n.av-special-heading.av-kt9w30sr-f31f861489bd784ba6143f70b3988c9f .av-subheading{\nfont-size:15px;\n}\n<\/style>\n<div  class='av-special-heading av-kt9w30sr-f31f861489bd784ba6143f70b3988c9f av-special-heading-h1 blockquote modern-quote  avia-builder-el-2  el_after_av_hr  el_before_av_post_metadata  av-linked-heading'><h1 class='av-special-heading-tag '  >Wo bleiben die M\u00e4nner? Darum braucht die Kita mehr Erzieher <\/h1><div class='av-subheading av-subheading_below'><p class=\"autorenname\">Elisa Morel<\/p>\n<\/div><div class=\"special-heading-border\"><div class=\"special-heading-inner-border\"><\/div><\/div><\/div><br \/>\n\n<style type=\"text\/css\" data-created_by=\"avia_inline_auto\" id=\"style-css-av-59lvbe-448cec1966e053a68866a74552fbda84\">\n#top .av-post-metadata-container.av-59lvbe-448cec1966e053a68866a74552fbda84{\nfont-size:12px;\n}\n#top .av-post-metadata-container.av-59lvbe-448cec1966e053a68866a74552fbda84 .av-post-metadata-container-inner{\nfont-size:12px;\n}\n<\/style>\n<div  class='av-post-metadata-container av-59lvbe-448cec1966e053a68866a74552fbda84 av-metadata-container-align-left  avia-builder-el-3  el_after_av_heading  el_before_av_textblock  av-metadata-container-1'><div class='av-post-metadata-container-inner'><span class=\"av-post-metadata-content av-post-metadata-meta-content\"><span class=\"av-post-metadata-content av-post-metadata-modified\"><span class=\"av-metadata-before av-metadata-before-modified\">Aktualisiert:<\/span><span class=\"av-post-metadata-modified-date\" >22. April 2026<\/span><\/span><span class=\"av-post-metadata-content av-post-metadata-separator\">\/<\/span><span class=\"av-post-metadata-content av-post-metadata-modified\"><span class=\"av-metadata-before av-metadata-before-modified\">Zuletzt aktualisiert:<\/span><span class=\"av-post-metadata-modified-date\" >22. April 2026<\/span><\/span><\/span><\/div><\/div><br \/>\n\n<style type=\"text\/css\" data-created_by=\"avia_inline_auto\" id=\"style-css-av-1oyrnl6-120babed5dd4112377b9691ccdf4181f\">\n#top .av_textblock_section.av-1oyrnl6-120babed5dd4112377b9691ccdf4181f .avia_textblock{\nfont-size:20px;\n}\n<\/style>\n<section  class='av_textblock_section av-1oyrnl6-120babed5dd4112377b9691ccdf4181f '  ><div class='avia_textblock' ><p>Lediglich 3 % der Erziehenden im Bereich der Kindertagesst\u00e4tten in Deutschland sind M\u00e4nner \u2013 ein sehr geringer Anteil, der das tats\u00e4chliche Verh\u00e4ltnis von M\u00e4nnern und Frauen in unserer Gesellschaft nicht abbildet. Daher ist die Kita-Umgebung nicht so vielf\u00e4ltig, wie sie sein sollte und k\u00f6nnte, um Kindern in ihrer Pers\u00f6nlichkeitsentwicklung verschiedene Impulse und Werte zu vermitteln.<\/p>\n<\/div><\/section><br \/>\n\n<style type=\"text\/css\" data-created_by=\"avia_inline_auto\" id=\"style-css-av-kt9w47ib-4a994123162f80b37d8c16b369c914a9\">\n.avia-image-container.av-kt9w47ib-4a994123162f80b37d8c16b369c914a9 img.avia_image{\nbox-shadow:none;\n}\n.avia-image-container.av-kt9w47ib-4a994123162f80b37d8c16b369c914a9 .av-image-caption-overlay-center{\ncolor:#ffffff;\n}\n<\/style>\n<div  class='avia-image-container av-kt9w47ib-4a994123162f80b37d8c16b369c914a9 av-styling- avia-align-center  avia-builder-el-5  el_after_av_textblock  el_before_av_hr '  ><div class=\"avia-image-container-inner\"><div class=\"avia-image-overlay-wrap\"><img decoding=\"async\" fetchpriority=\"high\" class='wp-image-7787 avia-img-lazy-loading-not-7787 avia_image ' src=\"https:\/\/www.backwinkel.de\/blog\/wp-content\/uploads\/2021\/09\/backwinkel-blog-mannliche-erzieher-heroimage.jpg\" alt='' title='backwinkel-blog-mannliche-erzieher-heroimage'  height=\"628\" width=\"1200\"  \/><\/div><\/div><\/div><br \/>\n\n<style type=\"text\/css\" data-created_by=\"avia_inline_auto\" id=\"style-css-av-1n2iy8a-abd634e182a55eb2945ea2d993b7e874\">\n#top .hr.hr-invisible.av-1n2iy8a-abd634e182a55eb2945ea2d993b7e874{\nheight:5px;\n}\n<\/style>\n<div  class='hr av-1n2iy8a-abd634e182a55eb2945ea2d993b7e874 hr-invisible  avia-builder-el-6  el_after_av_image  el_before_av_textblock '><span class='hr-inner '><span class=\"hr-inner-style\"><\/span><\/span><\/div><br \/>\n\n<style type=\"text\/css\" data-created_by=\"avia_inline_auto\" id=\"style-css-av-kt9w4p1b-5b0da6d6509368c4f119d93c8ec173f9\">\n#top .av_textblock_section.av-kt9w4p1b-5b0da6d6509368c4f119d93c8ec173f9 .avia_textblock{\nfont-size:10px;\n}\n<\/style>\n<section  class='av_textblock_section av-kt9w4p1b-5b0da6d6509368c4f119d93c8ec173f9 '  ><div class='avia_textblock' ><p class=\"bildnennung-beitrag\" style=\"text-align: left;\">\u00a9 pressmaster, Adobestock.com<\/p>\n<\/div><\/section><br \/>\n\n<style type=\"text\/css\" data-created_by=\"avia_inline_auto\" id=\"style-css-av-1kuhfnu-96a73ca48a408b474c5ea9eecf576d66\">\n#top .hr.hr-invisible.av-1kuhfnu-96a73ca48a408b474c5ea9eecf576d66{\nheight:20px;\n}\n<\/style>\n<div  class='hr av-1kuhfnu-96a73ca48a408b474c5ea9eecf576d66 hr-invisible  avia-builder-el-8  el_after_av_textblock  el_before_av_textblock '><span class='hr-inner '><span class=\"hr-inner-style\"><\/span><\/span><\/div><br \/>\n<section  class='av_textblock_section av-1iy40ju-35c43f688b12c849ce5ddb3a61d14563 '  ><div class='avia_textblock' ><p>Seit vielen Jahren gibt es immer wieder Initiativen, die f\u00fcr mehr Erzieher in Kinderg\u00e4rten werben, doch noch immer ist dieser Beruf eine Frauendom\u00e4ne. Woran das liegt und warum das schade ist, lesen Sie im Folgenden.<\/p>\n<\/div><\/section><\/p><\/div>\n<style type=\"text\/css\" data-created_by=\"avia_inline_auto\" id=\"style-css-av-39dzmy-bdc8d9aaf18e48d94ff845fc03c15348\">\n.flex_column.av-39dzmy-bdc8d9aaf18e48d94ff845fc03c15348{\nborder-radius:0px 0px 0px 0px;\npadding:20px 20px 20px 20px;\nbackground-color:#f2f2f2;\n}\n<\/style>\n<div  class='flex_column av-39dzmy-bdc8d9aaf18e48d94ff845fc03c15348 av_three_fifth  avia-builder-el-10  el_after_av_one_full  el_before_av_two_fifth  first flex_column_div  column-top-margin'     ><style type=\"text\/css\" data-created_by=\"avia_inline_auto\" id=\"style-css-av-1gnl4e2-d97c4bd5922cd77338f66ce8af1879df\">\n#top .av_textblock_section.av-1gnl4e2-d97c4bd5922cd77338f66ce8af1879df .avia_textblock{\nfont-size:14px;\n}\n<\/style>\n<section  class='av_textblock_section av-1gnl4e2-d97c4bd5922cd77338f66ce8af1879df '  ><div class='avia_textblock' ><p><strong>Inhalt<\/strong><\/p>\n<p><strong><a href=\"#1\">1. Erzieher in der Kita \u2013 ein \u00dcberblick<\/a><\/strong><\/p>\n<p><strong><a href=\"#2\">2. Gr\u00fcnde f\u00fcr den Frauen\u00fcberschuss in der Kita<\/a><\/strong><\/p>\n<p><strong><a href=\"#3\">3. Warum mehr M\u00e4nner dem Kita-Betrieb gut tun w\u00fcrden<\/a><\/strong><br \/>\n3.1. Vorteile f\u00fcr die Kinder<br \/>\n3.2. Vorteile f\u00fcrs Team<\/p>\n<p><strong><a href=\"#4\">4. Vorurteile gegen Erzieher<\/a><\/strong><\/p>\n<p><strong><a href=\"#5\">5. Initiativen f\u00fcr mehr M\u00e4nner in Kitas<\/a><\/strong><\/p>\n<\/div><\/section><\/div><\/p>\n\n<style type=\"text\/css\" data-created_by=\"avia_inline_auto\" id=\"style-css-av-1dyqyui-d9161da82b3ad4bdf5b52fbcf588af2d\">\n.flex_column.av-1dyqyui-d9161da82b3ad4bdf5b52fbcf588af2d{\nborder-radius:0px 0px 0px 0px;\npadding:0 0 0 0;\n}\n<\/style>\n<div  class='flex_column av-1dyqyui-d9161da82b3ad4bdf5b52fbcf588af2d av_two_fifth  avia-builder-el-12  el_after_av_three_fifth  el_before_av_sidebar  flex_column_div av-zero-column-padding  column-top-margin'     ><\/div>\n<div  class='avia-builder-widget-area clearfix  avia-builder-el-13  el_after_av_two_fifth  el_before_av_one_full '><div id=\"text-33\" class=\"widget clearfix widget_text\">\t\t\t<div class=\"textwidget\"><p><a href=\"https:\/\/www.backwinkel.de\/nachhaltig-denken\/\" target=\"\\_blank\" rel=\"noopener\"><br \/>\n<img decoding=\"async\" class=\"werbung-desktop alignnone wp-image-4186 size-full\" src=\"https:\/\/www.backwinkel.de\/blog\/wp-content\/uploads\/2026\/04\/Backwinkel-blog-werbebanner-shop-kita-schule_desktop.jpg\" alt=\"\" width=\"1251\" height=\"201\" \/><br \/>\n<\/a><br \/>\n<a href=\"https:\/\/www.backwinkel.de\/nachhaltig-denken\/\" target=\"\\_blank\" rel=\"noopener\"><br \/>\n<img decoding=\"async\" class=\"werbung-mobile alignnone wp-image-4187 size-full\" src=\"https:\/\/www.backwinkel.de\/blog\/wp-content\/uploads\/2026\/04\/Backwinkel-blog-werbebanner-shop-kiga-schule_mobile.jpg\" alt=\"\" width=\"550\" height=\"500\" \/><br \/>\n<\/a><\/p>\n<\/div>\n\t\t<\/div><\/div>\n\n<style type=\"text\/css\" data-created_by=\"avia_inline_auto\" id=\"style-css-av-4rysnu-9041ca9093c8d03aef20462daf9a8732\">\n.flex_column.av-4rysnu-9041ca9093c8d03aef20462daf9a8732{\nborder-radius:0px 0px 0px 0px;\npadding:0px 0px 0px 0px;\n}\n<\/style>\n<div  class='flex_column av-4rysnu-9041ca9093c8d03aef20462daf9a8732 av_one_full  avia-builder-el-14  el_after_av_sidebar  el_before_av_one_full  first flex_column_div av-zero-column-padding  '     ><section  class='av_textblock_section av-19qqse2-e45b60d296afbc1e8721d55a6c4db710 '  ><div class='avia_textblock' >\n<style type=\"text\/css\" data-created_by=\"avia_inline_auto\" id=\"style-css-av-17x76ei-65c4cf245db9a8ba5d2a44cdee6300ed\">\n#top .hr.hr-invisible.av-17x76ei-65c4cf245db9a8ba5d2a44cdee6300ed{\nheight:20px;\n}\n<\/style>\n<div  class='hr av-17x76ei-65c4cf245db9a8ba5d2a44cdee6300ed hr-invisible  avia-builder-el-16  avia-builder-el-no-sibling '><span class='hr-inner '><span class=\"hr-inner-style\"><\/span><\/span><\/div>\n<h2 id=\"1\" class=\"position\">Erzieher in der Kita \u2013 ein \u00dcberblick<\/h2>\n<p>Der M\u00e4nneranteil in der Ausbildung liegt bei knapp 17 %, doch es arbeiten deutlich weniger M\u00e4nner in Kinderg\u00e4rten. Spitzenreiter ist Bremen mit 9,6 %, Schlusslichter mit weniger als 2 % sind die ostdeutschen Bundesl\u00e4nder sowie Baden-W\u00fcrttemberg und Bayern.<\/p>\n<p>In der Gruppe der unter-30-J\u00e4hrigen gibt es die meisten M\u00e4nner, was zeigt, dass vor Jahren ein Wandel im Denken begonnen hat und sich junge M\u00e4nner zunehmend vorstellen k\u00f6nnen, als Erzieher im Kindergarten zu arbeiten.<\/p>\n<p>Zum Vergleich: In Frankreich liegt der M\u00e4nneranteil im Kindergarten bei knapp 7 %, in Norwegen gibt es seit Jahren eine Handlungsanweisung f\u00fcr eine Quote von 20 % m\u00e4nnlicher Angestellter in Kitas. 2011 lag dort der Anteil m\u00e4nnlicher Erzieher bei knapp 9 %. In England sind es aktuell genau wie in Deutschland 3 %.<\/p>\n<p>Aktuelle Daten der Bertelsmann Stiftung belegen, dass in Deutschland zurzeit 230.000 Erzieherinnen und Erzieher fehlen und es somit nicht m\u00f6glich ist, in diesem Jahrzehnt ausreichend Personal zur Verf\u00fcgung zu stellen. Das sind erschreckend hohe Zahlen, die dazu anregen sollten, \u00fcber den Beruf des Erziehenden und seine Wertsch\u00e4tzung zu diskutieren.<\/p>\n<\/div><\/section><\/div>\n\n<style type=\"text\/css\" data-created_by=\"avia_inline_auto\" id=\"style-css-av-15v3kga-c930c5e3deb0f92d7c247e43662f3cda\">\n.flex_column.av-15v3kga-c930c5e3deb0f92d7c247e43662f3cda{\nborder-radius:0px 0px 0px 0px;\npadding:0px 0px 0px 0px;\n}\n<\/style>\n<div  class='flex_column av-15v3kga-c930c5e3deb0f92d7c247e43662f3cda av_one_full  avia-builder-el-17  el_after_av_one_full  el_before_av_one_full  first flex_column_div av-zero-column-padding  column-top-margin'     ><section  class='av_textblock_section av-14y6q4q-7642f9d2997a081e41e329d0bc3d4d95 '  ><div class='avia_textblock' >\n<style type=\"text\/css\" data-created_by=\"avia_inline_auto\" id=\"style-css-av-12si34a-28f7bc081594a6ec16956f44cd880ea7\">\n#top .hr.hr-invisible.av-12si34a-28f7bc081594a6ec16956f44cd880ea7{\nheight:20px;\n}\n<\/style>\n<div  class='hr av-12si34a-28f7bc081594a6ec16956f44cd880ea7 hr-invisible  avia-builder-el-19  avia-builder-el-no-sibling '><span class='hr-inner '><span class=\"hr-inner-style\"><\/span><\/span><\/div>\n<h2 id=\"2\" class=\"position\">Gr\u00fcnde f\u00fcr den Frauen\u00fcberschuss in der Kita<\/h2>\n<p>Es gibt zahlreiche Gr\u00fcnde, aus denen M\u00e4nner im Kita-Betrieb noch immer stark unterpr\u00e4sentiert sind:<\/p>\n<ul>\n<li>Die Aufgabe der Kindererziehung wird traditionell noch immer eher Frauen zugeschrieben.<\/li>\n<li>Der Erzieher-Beruf erf\u00e4hrt sozial wenig Anerkennung, wie es oft bei den sogenannten Frauenberufen der Fall ist.<\/li>\n<li>Die T\u00e4tigkeit als Erzieher wird schlechter entlohnt als viele sogenannte M\u00e4nnerberufe; in den ersten zwei Jahren der schulischen Ausbildung gibt es kein Gehalt.<\/li>\n<li>M\u00e4nnliche Erzieher f\u00fchlen sich in einem Frauen-Team oft deplatziert.<\/li>\n<li>Vorurteile erschweren M\u00e4nnern den Beruf des Erziehers in Kinderg\u00e4rten.<\/li>\n<\/ul>\n<p>Diese Gr\u00fcnde sind breit gef\u00e4chert, daher ist es unwahrscheinlich, dass innerhalb der n\u00e4chsten Jahre ein h\u00f6herer Anteil m\u00e4nnlicher Erzieher in Kitas zu erwarten ist.<\/p>\n<\/div><\/section><\/div>\n\n<style type=\"text\/css\" data-created_by=\"avia_inline_auto\" id=\"style-css-av-xpmky2-cd49b679b4cb14f69127caab3af8e488\">\n.flex_column.av-xpmky2-cd49b679b4cb14f69127caab3af8e488{\nborder-radius:0px 0px 0px 0px;\npadding:0px 0px 0px 0px;\n}\n<\/style>\n<div  class='flex_column av-xpmky2-cd49b679b4cb14f69127caab3af8e488 av_one_full  avia-builder-el-20  el_after_av_one_full  el_before_av_one_full  first flex_column_div av-zero-column-padding  column-top-margin'     ><section  class='av_textblock_section av-wupyxm-cfae58dcc74bc5ba461561d97d05c859 '  ><div class='avia_textblock' >\n<style type=\"text\/css\" data-created_by=\"avia_inline_auto\" id=\"style-css-av-uzk9wa-361451b1ac957a68420008365c4f9491\">\n#top .hr.hr-invisible.av-uzk9wa-361451b1ac957a68420008365c4f9491{\nheight:20px;\n}\n<\/style>\n<div  class='hr av-uzk9wa-361451b1ac957a68420008365c4f9491 hr-invisible  avia-builder-el-22  avia-builder-el-no-sibling '><span class='hr-inner '><span class=\"hr-inner-style\"><\/span><\/span><\/div>\n<h2 id=\"3\" class=\"position\">Warum mehr M\u00e4nner dem Kita-Betrieb gut tun w\u00fcrden<\/h2>\n<p>Im Kindergarten sollen den Kindern geltende Werte vermittelt werden. Dazu geh\u00f6rt auch das Bewusstsein \u00fcber gesellschaftliche Vielfalt. Tatsache ist aber, dass in Kindertagesst\u00e4tten und Kinderg\u00e4rten fast ausschlie\u00dflich Frauen arbeiten und die Kinder folglich fast keinen Kontakt zu M\u00e4nnern haben. Somit bildet das Umfeld der Kita nicht die realen Verh\u00e4ltnisse ab.<\/p>\n<p>Hinzu kommt, dass im Jahr 2019 die Zahl der alleinerziehenden M\u00fctter in Deutschland bei 1,34 Millionen lag (185.000 M\u00e4nner waren alleinerziehend). Es gibt also zahlreiche Kinder, die in ihrem n\u00e4heren Umfeld keinen Mann als Vaterfigur, Rollenbild oder Bezugsperson haben. Mehr Erzieher in Kinderg\u00e4rten k\u00f6nnten diesem Umstand entgegenwirken.<\/p>\n<h3>Vorteile f\u00fcr die Kinder<\/h3>\n<p>Alle Kinder profitieren auf vielf\u00e4ltige Arten von m\u00e4nnlichen Erziehern:<\/p>\n<ul>\n<li><strong>Erleben eines partnerschaftlichen Umgangs miteinander <\/strong><\/li>\n<\/ul>\n<p>Sie erfahren im Kita-Alltag Aufmerksamkeit und Wertsch\u00e4tzung von beiden Geschlechtern und lernen einen partnerschaftlichen Umgang zwischen Mann und Frau auch dadurch, dass er ihnen durch das Erzieher-Team vorgelebt wird.<\/p>\n<ul>\n<li><strong>Verschiedene Interessen der Kinder werden abgedeckt <\/strong><\/li>\n<\/ul>\n<p>M\u00e4nnliche Erzieher k\u00f6nnen manche Bed\u00fcrfnisse der Kinder eventuell besser stillen, z. B. wenn es um oftmals doch eher jungen- oder m\u00e4nnertypische Interessen und Bed\u00fcrfnisse wie Handwerken oder Toben geht. Nat\u00fcrlich haben auch M\u00e4dchen Spa\u00df und Interesse daran, aber vielleicht ist manche Erzieherin dabei dann doch froh \u00fcber m\u00e4nnliche Unterst\u00fctzung, besonders wenn sie selbst den Spa\u00df am Toben, Handwerken oder auch Kochen nicht so ganz teilt.<\/p>\n<ul>\n<li><strong>Erfahren eines positiven M\u00e4nnerbildes <\/strong><\/li>\n<\/ul>\n<p>Die Kinder erleben au\u00dferdem ein m\u00e4nnliches Rollenvorbild. Durch die Pr\u00e4senz eines Erziehers k\u00f6nnen Jungs ihr eigenes Verst\u00e4ndnis von M\u00e4nnlichkeit entwickeln. Besonders Kinder, die in ihrem Alltag auf m\u00e4nnliche Bezugspersonen oder positiv besetze M\u00e4nnerrollen verzichten m\u00fcssen, haben Gelegenheit, zu erfahren, dass auch ein Mann liebevoll mit ihnen kuscheln oder ihnen vorlesen kann, sich f\u00fcr sie interessiert und sie best\u00e4rkt.<\/p>\n<p><strong>M\u00e4nnliche Empathie f\u00fcr Jungen <\/strong><\/p>\n<p>M\u00e4nnliche Erzieher haben oft eine andere Wahrnehmung, wenn es um das Verhalten der Jungen in der Kita geht. Sie k\u00f6nnen sich besser in deren Gef\u00fchle hineinversetzen und ihnen mit ihrer eigenen Erfahrung helfen.<\/p>\n<p><strong>Gleichberechtigung in der Sexualit\u00e4t <\/strong><\/p>\n<p>Auch der Aspekt der Sexualit\u00e4t ist nicht zu vernachl\u00e4ssigen. Beispielsweise beim Schwimmengehen f\u00fchlen sich manche Jungen in der Umkleide f\u00fcr M\u00e4nner mit einem Erzieher wohler, als die Erzieherin in die Damenumkleide begleiten zu m\u00fcssen.<\/p>\n<h3>Vorteile f\u00fcrs Team<\/h3>\n<p>Ein gemischtes Team profitiert von mehr Vielfalt, neuen Ideen und einem breiteren Spektrum an F\u00e4higkeiten und Fertigkeiten. M\u00e4nnliche Fachkr\u00e4fte werden von ihren Kolleginnen, den Kindern und auch deren Eltern zumeist als gro\u00dfe Bereicherung empfunden.<\/p>\n<p>Zus\u00e4tzlich berichten Erzieherinnen, dass ihre m\u00e4nnlichen Kollegen von den Kindern eher ernst genommen werden als sie selbst und auch oftmals besser in der Erziehung zur Selbstst\u00e4ndigkeit sind, w\u00e4hrend die weiblichen Kollegen fr\u00fcher helfend einschreiten, anstatt abzuwarten, bis die Kinder kleine Herausforderungen alleine gemeistert haben.<\/p>\n<p>Kitas mit gemischten Teams erfreuen sich au\u00dferdem bei Eltern gro\u00dfer Beliebtheit: Die Pl\u00e4tze sind begehrter als bei Einrichtungen mit homogenen Teams. Wie fast \u00fcberall gilt: Die Mischung machts und Kommunikation sowie Reflexion sind unerl\u00e4sslich f\u00fcr ein gelungenes Miteinander.<\/p>\n<\/div><\/section><\/div>\n\n<style type=\"text\/css\" data-created_by=\"avia_inline_auto\" id=\"style-css-av-ozxi0q-63702f3d9f2a4afc82e1743628116fbd\">\n.flex_column.av-ozxi0q-63702f3d9f2a4afc82e1743628116fbd{\nborder-radius:0px 0px 0px 0px;\npadding:0px 0px 0px 0px;\n}\n<\/style>\n<div  class='flex_column av-ozxi0q-63702f3d9f2a4afc82e1743628116fbd av_one_full  avia-builder-el-23  el_after_av_one_full  el_before_av_one_full  first flex_column_div av-zero-column-padding  column-top-margin'     ><section  class='av_textblock_section av-ocp5zu-d9901028d660b69b06cbd7c4493b6639 '  ><div class='avia_textblock' >\n<style type=\"text\/css\" data-created_by=\"avia_inline_auto\" id=\"style-css-av-m8g6ju-fd502d8a14f82bed3fca8a17a3c91c8c\">\n#top .hr.hr-invisible.av-m8g6ju-fd502d8a14f82bed3fca8a17a3c91c8c{\nheight:20px;\n}\n<\/style>\n<div  class='hr av-m8g6ju-fd502d8a14f82bed3fca8a17a3c91c8c hr-invisible  avia-builder-el-25  avia-builder-el-no-sibling '><span class='hr-inner '><span class=\"hr-inner-style\"><\/span><\/span><\/div>\n<h2 id=\"4\" class=\"position\">Vorurteile gegen Erzieher<\/h2>\n<p>Leider gibt es noch immer Vorurteile gegen m\u00e4nnliche Erzieher, und zwar von mehreren Seiten:<\/p>\n<ul>\n<li><strong>P\u00e4dophilie und Kindesmissbrauch<\/strong><\/li>\n<\/ul>\n<p>Einige Eltern haben ein mulmiges Gef\u00fchl dabei, wenn ihr Kind von einem Mann betreut wird, vor allem, wenn es um k\u00f6rperliche N\u00e4he oder Vorg\u00e4nge wie das Wickeln geht. Somit haben Erzieher oft mit dem Vorurteil zu k\u00e4mpfen, sie seien im schlimmsten Fall p\u00e4dophil veranlagt und w\u00fcrden sich deshalb f\u00fcr diesen Beruf entscheiden. Tats\u00e4chlich sind solche Vorkommnisse Einzelf\u00e4lle und in vielen Kitas gibt es Kinderschutzkonzepte, um \u00dcbergriffe auf Kinder innerhalb der Einrichtung sowohl von Erzieherinnen als auch Erziehern zu verhindern.<\/p>\n<ul>\n<li><strong>m\u00e4nnliches Machtstreben<\/strong><\/li>\n<\/ul>\n<p>Erzieherinnen bef\u00fcrchten, dass Frauen durch M\u00e4nner aus leitenden Positionen verdr\u00e4ngt werden k\u00f6nnten, denn aktuell gibt es im Kita-Bereich \u00fcberdurchschnittlich viele Frauen in F\u00fchrungspositionen oder mit leitenden Aufgaben, w\u00e4hrend die M\u00e4nner im Jahr 2016 nur einen Anteil von knapp 5 % ausmachen.<\/p>\n<ul>\n<li><strong>traditionelles Rollenbild<\/strong><\/li>\n<\/ul>\n<p>M\u00e4nnliche Erzieher m\u00fcssen sich oft in ihrem Bekanntenkreis daf\u00fcr rechtfertigen, einen \u00bbFrauenberuf\u00ab auszu\u00fcben, den Frauen ja \u00bbviel besser k\u00f6nnen\u00ab, oder sich die Frage gefallen lassen, warum sie sich denn nichts \u00bbRichtiges\u00ab suchen w\u00fcrden.<\/p>\n<p>Gleichzeitig wird historisch noch immer den Frauen die Aufgabe der Kinderbetreuung und -erziehung zugeschrieben, w\u00e4hrend der Mann das Geld f\u00fcr die Familie verdient. Dabei forderte schon Friedrich Fr\u00f6bel (1782 \u2013 1852), der Begr\u00fcnder des Kindergartens, m\u00e4nnliche P\u00e4dagogen.<\/p>\n<ul>\n<li><strong>Sexismus seitens der Erzieherinnen in gemischten Teams<\/strong><\/li>\n<\/ul>\n<p>Manche Erzieher machen die Erfahrung, dass viele angeblich typisch m\u00e4nnlichen Aufgaben wie das Tragen von Getr\u00e4nkekisten oder handwerkliche Dinge stillschweigend ihnen \u00fcberlassen werden. Auch wenn sie selbst weder Talent f\u00fcr Reparaturen haben und schwere Gegenst\u00e4nde sogar in einem reinen Frauen-Team den Weg in die Einrichtung finden.<\/p>\n<p>Auch hier empfiehlt es sich, offen \u00fcber alle bestehenden Bedenken zu sprechen \u2013 sowohl im Team als auch mit den Eltern. Nur so k\u00f6nnen Vorurteile abgebaut werden, die anderenfalls einer gelungenen Zusammenarbeit im Sinne der Kinder im Wege stehen.<\/p>\n<\/div><\/section><\/div>\n\n<style type=\"text\/css\" data-created_by=\"avia_inline_auto\" id=\"style-css-av-49q2oq-fdc2363b2ae822757a2a9ff1140b3029\">\n.flex_column.av-49q2oq-fdc2363b2ae822757a2a9ff1140b3029{\nborder-radius:0px 0px 0px 0px;\npadding:0px 0px 0px 0px;\n}\n<\/style>\n<div  class='flex_column av-49q2oq-fdc2363b2ae822757a2a9ff1140b3029 av_one_full  avia-builder-el-26  el_after_av_one_full  el_before_av_hr  first flex_column_div av-zero-column-padding  column-top-margin'     ><section  class='av_textblock_section av-kt9wd5n0-93c864c9f927d7c0564275388405d87f '  ><div class='avia_textblock' >\n<style type=\"text\/css\" data-created_by=\"avia_inline_auto\" id=\"style-css-av-2froai-368773bcc97606ba790bb84ed792fe0a\">\n#top .hr.hr-invisible.av-2froai-368773bcc97606ba790bb84ed792fe0a{\nheight:20px;\n}\n<\/style>\n<div  class='hr av-2froai-368773bcc97606ba790bb84ed792fe0a hr-invisible  avia-builder-el-28  avia-builder-el-no-sibling '><span class='hr-inner '><span class=\"hr-inner-style\"><\/span><\/span><\/div>\n<h2 id=\"5\" class=\"position\">Initiativen f\u00fcr mehr M\u00e4nner in Kitas<\/h2>\n<p>Bereits 2013 gab es das Modellprogramm \u00bbMEHR M\u00e4nner in Kitas\u00ab der Bundesregierung, bestehend aus 16 Modellprojekten deutschlandweit. Ziel war es, Wege zu finden, um langfristig das EU-Ziel von einem 20-prozentigen Anteil m\u00e4nnlicher Erzieher in Kitas zu erreichen. Generell hat sich seit 2006 der Anteil m\u00e4nnlicher Kollegen im Kita-Bereich gesteigert, vor allem, wenn man auch Praktikanten und junge M\u00e4nner im Bundesfreiwilligendienst ber\u00fccksichtigt. Auf diese Weise ergibt sich von 2006 zu 2019 eine Steigerung um 290 %, von damals 3,1 % auf 6,6 %. Doch weiterhin liegt der Anteil m\u00e4nnlicher Fachkollegen weit unterhalb des gew\u00fcnschten Ziels.<\/p>\n<p>Auch f\u00fcr Quereinsteiger gibt es viele attraktive Programme. So wird z. B. die Ausbildung verg\u00fctet oder es ist m\u00f6glich, die Dauer der Umschulung durch Vorbildung oder Berufserfahrung zu verk\u00fcrzen. Doch der aktuelle Anteil von 3 % M\u00e4nnern in Kitas l\u00e4sst erahnen, dass all der gute Wille bis jetzt noch nicht ausgereicht hat, um zu einem ausgewogeneren Verh\u00e4ltnis zwischen m\u00e4nnlichen und weiblichen Fachkr\u00e4ften beizutragen.<\/p>\n<p>Entscheidend ist vielmehr, dass Erzieher und Erzieherinnen ihr eigenes Verhalten in Bezug auf stereotype Geschlechterrollen reflektieren und die Gesellschaft als Ganzes am Abbau von Vorurteilen arbeitet. Das ist gar nicht so einfach, zumal beim Thema \u00bbM\u00e4nner in Kitas\u00ab ein Widerspruch immer wieder ins Auge sticht: M\u00e4nner sollen f\u00fcr Jungen Rollenvorbilder sein, aber gleichzeitig demonstrieren, dass es in der Aus\u00fcbung der T\u00e4tigkeit als Erzieher keinen Unterschied zwischen den Geschlechtern gibt. Es zeigt sich also einmal mehr, wie viel es noch zu \u00e4ndern gilt.<\/p>\n<\/div><\/section><\/div>\n\n<style type=\"text\/css\" data-created_by=\"avia_inline_auto\" id=\"style-css-av-l5gi56-f15e3463ccd97e8c50ed6e56786a11e6\">\n#top .hr.av-l5gi56-f15e3463ccd97e8c50ed6e56786a11e6{\nmargin-top:10px;\nmargin-bottom:10px;\n}\n.hr.av-l5gi56-f15e3463ccd97e8c50ed6e56786a11e6 .hr-inner{\nwidth:500;\n}\n<\/style>\n<div  class='hr av-l5gi56-f15e3463ccd97e8c50ed6e56786a11e6 hr-custom  avia-builder-el-29  el_after_av_one_full  el_before_av_one_full  hr-left hr-icon-no'><span class='hr-inner inner-border-av-border-none'><span class=\"hr-inner-style\"><\/span><\/span><\/div>\n\n<style type=\"text\/css\" data-created_by=\"avia_inline_auto\" id=\"style-css-av-jh4fp6-8c48bd26db6e4715d146c60fd9995191\">\n.flex_column.av-jh4fp6-8c48bd26db6e4715d146c60fd9995191{\nborder-radius:0px 0px 0px 0px;\npadding:10px 10px 10px 10px;\nbackground-color:#f2f2f2;\n}\n<\/style>\n<div  class='flex_column av-jh4fp6-8c48bd26db6e4715d146c60fd9995191 av_one_full  avia-builder-el-30  el_after_av_hr  el_before_av_one_full  first flex_column_div  '     ><section  class='av_textblock_section av-h3hvh6-04e90ca5fde549dee84a53d5f46c5d29 '  ><div class='avia_textblock' ><p class=\"fussnoten-quellen\"><strong>Lesen Sie mehr: <\/strong><\/p>\n<p class=\"fussnoten-quellen\">M\u00e4nnliche Fachkr\u00e4fte in Kindertagesst\u00e4tten \u2013 Eine Studie zur Situation von M\u00e4nnern in Kindertagesst\u00e4tten und in der Ausbildung zum Erzieher, ein Forschungsprojekt der Katholischen Hochschule f\u00fcr Sozialwesen Berlin und Sinus Sociovision GmbH, Heidelberg\/Berlin, 2015: <a href=\"http:\/\/www.bmfsfj.de\/resource\/blob\/94268\/a974404ff4a9f51a20136bfc8a1e2047\/maennliche-fachkraefte-kitas-data.pdf\" target=\"_blank\" rel=\"noopener\">www.bmfsfj.de\/resource\/blob\/94268\/a974404ff4a9f51a20136bfc8a1e2047\/maennliche-fachkraefte-kitas-data.pdf<\/a><\/p>\n<p class=\"fussnoten-quellen\">Zahlen alleinerziehender M\u00fctter und V\u00e4ter in Deutschland 2019, 2021: <a href=\"http:\/\/www.bpb.de\/nachschlagen\/zahlen-und-fakten\/soziale-situation-in-deutschland\/61581\/alleinerziehende#:~:text=Im%20Jahr%202019%20gab%20es,mit%20mindestens%20einem%20minderj\u00e4hrigen%20Kind\" target=\"_blank\" rel=\"noopener\">www.bpb.de\/nachschlagen\/zahlen-und-fakten\/soziale-situation-in-deutschland\/61581\/alleinerziehende#:~:text=Im%20Jahr%202019%20gab%20es,mit%20mindestens%20einem%20minderj\u00e4hrigen%20Kind<\/a><\/p>\n<p class=\"fussnoten-quellen\">Artikel \u00fcber m\u00e4nnliche Erzieher in Frankreich: Yveline Jaboin: C\u2019est bien\u2026 un homme \u00e0 l\u2019\u00e9cole maternelle!, Dans Nouvelles Questions F\u00e9ministes 2010\/2 (Vol. 29), pages 34 \u2013 45: <a href=\"http:\/\/www.cairn.info\/revue-nouvelles-questions-feministes-2010-2-page-34.htm\" target=\"_blank\" rel=\"noopener\">www.cairn.info\/revue-nouvelles-questions-feministes-2010-2-page-34.htm<\/a><\/p>\n<p class=\"fussnoten-quellen\">ESF-Bundesmodellprogramm \u201eQuereinstieg \u2013 M\u00e4nner und Frauen in Kitas\u201c, 2015: <a href=\"http:\/\/www.chance-quereinstieg.de\/forschung-beratung\/modellprogramm-quereinstieg\/\" target=\"_blank\" rel=\"noopener\">www.chance-quereinstieg.de\/forschung-beratung\/modellprogramm-quereinstieg\/<\/a><\/p>\n<p class=\"fussnoten-quellen\">Artikel \u00fcber m\u00e4nnliche Erzieher und Vorurteile: <a href=\"http:\/\/www.eltern.de\/kleinkind\/kinderbetreuung\/m\u00e4nner-kitas-ja-aber\" target=\"_blank\" rel=\"noopener\">www.eltern.de\/kleinkind\/kinderbetreuung\/m\u00e4nner-kitas-ja-aber<\/a><\/p>\n<p class=\"fussnoten-quellen\">Artikel \u00fcber m\u00e4nnliche Erzieher in Norwegen, 2011: <a href=\"http:\/\/www.erzieherin.de\/maenneranteil-in-norwegens-kitas.html\" target=\"_blank\" rel=\"noopener\">www.erzieherin.de\/maenneranteil-in-norwegens-kitas.html<\/a><\/p>\n<p class=\"fussnoten-quellen\">\u00dcberblick \u00fcber das Modellprogramm \u201eMEHR M\u00e4nner in Kitas\u201c der Bundesregierung, 2011: <a href=\"http:\/\/www.esf.de\/portal\/DE\/Ueber-den-ESF\/Geschichte-des-ESF\/Foerderperiode-2007-2013\/ESF-Programme\/programme\/bmfsfj_maenner_in_kitas.html\" target=\"_blank\" rel=\"noopener\">www.esf.de\/portal\/DE\/Ueber-den-ESF\/Geschichte-des-ESF\/Foerderperiode-2007-2013\/ESF-Programme\/programme\/bmfsfj_maenner_in_kitas.html<\/a><\/p>\n<p class=\"fussnoten-quellen\">Artikel \u00fcber den Mangel an Erziehenden in Deutschland, 2021: <a href=\"http:\/\/www.handelsblatt.com\/politik\/deutschland\/fachkraeftemangel-weil-hunderttausende-erzieher-fehlen-ausreichend-kita-plaetze-in-diesem-jahrzehnt-nicht-mehr-moeglich\/27541878.html?ticket=ST-14213083-c337NCzTqE42JpvF2hbA-ap5\" target=\"_blank\" rel=\"noopener\">www.handelsblatt.com\/politik\/deutschland\/fachkraeftemangel-weil-hunderttausende-erzieher-fehlen-ausreichend-kita-plaetze-in-diesem-jahrzehnt-nicht-mehr-moeglich\/27541878.html?ticket=ST-14213083-c337NCzTqE42JpvF2hbA-ap5<\/a><\/p>\n<p class=\"fussnoten-quellen\">Tim Rohrmann: Wof\u00fcr ein Mann gebraucht wird \u2026 aus: Kindertageseinrichtungen aktuell KiTa spezial, Nr. 2\/2001, S. 35 \u2013 38, \u00fcberarbeitete Fassung von 2005: <a href=\"http:\/\/www.kindergartenpaedagogik.de\/fachartikel\/ausbildung-studium-beruf\/ausbildung-allgemeines-gender-aspekte\/1352\" target=\"_blank\" rel=\"noopener\">www.kindergartenpaedagogik.de\/fachartikel\/ausbildung-studium-beruf\/ausbildung-allgemeines-gender-aspekte\/1352<\/a><\/p>\n<p class=\"fussnoten-quellen\">Artikel \u00fcber die Gr\u00fcnde f\u00fcr mehr M\u00e4nner in Kitas, 2018: <a href=\"https:\/\/www.kita-fuchs.de\/ratgeber-paedagogik\/beitrag\/thema-mehr-maenner-in-kitas-warum-eigentlich\/\" target=\"_blank\" rel=\"noopener\">https:\/\/www.kita-fuchs.de\/ratgeber-paedagogik\/beitrag\/thema-mehr-maenner-in-kitas-warum-eigentlich\/<\/a><\/p>\n<p class=\"fussnoten-quellen\">Artikel \u00fcber m\u00e4nnliche Erzieher in England, erschienen in Manchester Evening News, 2021: <a href=\"http:\/\/www.manchestereveningnews.co.uk\/news\/greater-manchester-news\/men-make-up-just-3-19876623\" target=\"_blank\" rel=\"noopener\">www.manchestereveningnews.co.uk\/news\/greater-manchester-news\/men-make-up-just-3-19876623<\/a><\/p>\n<p class=\"fussnoten-quellen\">\u00dcberblick \u00fcber m\u00e4nnliche Erzieher in Norwegen, 2011: <a href=\"http:\/\/www.nifbe.de\/component\/themensammlung?view=item&amp;id=34:maenner-in-kitas-ein-blick-ueber-den-internationalen-tellerrand-ein-bericht-aus-norwegen&amp;catid=46\" target=\"_blank\" rel=\"noopener\">www.nifbe.de\/component\/themensammlung?view=item&amp;id=34:maenner-in-kitas-ein-blick-ueber-den-internationalen-tellerrand-ein-bericht-aus-norwegen&amp;catid=46<\/a><\/p>\n<p class=\"fussnoten-quellen\">Programm f\u00fcr einen Quereinstieg als Erzieherin bzw. Erzieher: <a href=\"http:\/\/quer-einstieg.de\/beruf\/erzieher\/maenner-kitas-erzieher-quereinstieg\/\" target=\"_blank\" rel=\"noopener\">quer-einstieg.de\/beruf\/erzieher\/maenner-kitas-erzieher-quereinstieg\/<\/a><\/p>\n<\/div><\/section><\/div>\n\n<style type=\"text\/css\" data-created_by=\"avia_inline_auto\" id=\"style-css-av-fveiey-aef5ccfee9925f3f31887582a1a5f31c\">\n.flex_column.av-fveiey-aef5ccfee9925f3f31887582a1a5f31c{\nborder-radius:0px 0px 0px 0px;\npadding:10px 10px 10px 10px;\n}\n<\/style>\n<div  class='flex_column av-fveiey-aef5ccfee9925f3f31887582a1a5f31c av_one_full  avia-builder-el-32  el_after_av_one_full  el_before_av_one_full  first flex_column_div  column-top-margin'     ><section  class='av_textblock_section av-e2lwne-3686802abaff055b64ff51e3a320142e '  ><div class='avia_textblock' ><p class=\"copyright\"><strong>\u00a9 Copyright \u2013 Urheberrechtshinweis<\/strong><br \/>\nAlle Inhalte auf www.backwinkel.de sowie www.backwinkel.de\/blog, insbesondere Texte, Fotografien und Grafiken, sind urheberrechtlich gesch\u00fctzt.<br \/>\nDas Urheberrecht liegt, soweit nicht ausdr\u00fccklich anders gekennzeichnet, bei der BACKWINKEL GmbH. Bitte fragen Sie uns, falls Sie die Inhalte dieses Internetangebotes verwenden m\u00f6chten.<br \/>\nWer gegen das Urheberrecht verst\u00f6\u00dft (z. B. Bilder oder Texte unerlaubt kopiert), macht sich gem. \u00a7\u00a7 106 ff UrhG strafbar, wird zudem kostenpflichtig abgemahnt und muss Schadensersatz leisten (\u00a7 97 UrhG).<\/p>\n<\/div><\/section><\/div>\n\n<style type=\"text\/css\" data-created_by=\"avia_inline_auto\" id=\"style-css-av-cttoiy-1a6f591a38a532084e201cb8de904858\">\n.flex_column.av-cttoiy-1a6f591a38a532084e201cb8de904858{\nborder-radius:0px 0px 0px 0px;\npadding:0px 0px 0px 0px;\n}\n<\/style>\n<div  class='flex_column av-cttoiy-1a6f591a38a532084e201cb8de904858 av_one_full  avia-builder-el-34  el_after_av_one_full  avia-builder-el-last  first flex_column_div av-zero-column-padding  column-top-margin'     ><p><section  class='av_textblock_section av-b0uuzu-b6bc53923639246a9de0a059af43e838 '  ><div class='avia_textblock' ><div class=\"shariff shariff-align-left shariff-widget-align-left\"><ul class=\"shariff-buttons theme-color orientation-horizontal buttonsize-medium\"><li class=\"shariff-button whatsapp shariff-nocustomcolor\" style=\"background-color:#5cbe4a\"><a href=\"https:\/\/api.whatsapp.com\/send?text=https%3A%2F%2Fwww.backwinkel.de%2Fblog%2Ferziehermangel%2F%20Wo%20bleiben%20die%20M%C3%A4nner%3F\" title=\"Bei Whatsapp teilen\" aria-label=\"Bei Whatsapp teilen\" role=\"button\" rel=\"noopener nofollow\" class=\"shariff-link\" style=\"; background-color:#34af23; color:#fff\" target=\"_blank\"><span class=\"shariff-icon\" style=\"\"><svg width=\"32px\" height=\"20px\" xmlns=\"http:\/\/www.w3.org\/2000\/svg\" viewBox=\"0 0 32 32\"><path fill=\"#34af23\" d=\"M17.6 17.4q0.2 0 1.7 0.8t1.6 0.9q0 0.1 0 0.3 0 0.6-0.3 1.4-0.3 0.7-1.3 1.2t-1.8 0.5q-1 0-3.4-1.1-1.7-0.8-3-2.1t-2.6-3.3q-1.3-1.9-1.3-3.5v-0.1q0.1-1.6 1.3-2.8 0.4-0.4 0.9-0.4 0.1 0 0.3 0t0.3 0q0.3 0 0.5 0.1t0.3 0.5q0.1 0.4 0.6 1.6t0.4 1.3q0 0.4-0.6 1t-0.6 0.8q0 0.1 0.1 0.3 0.6 1.3 1.8 2.4 1 0.9 2.7 1.8 0.2 0.1 0.4 0.1 0.3 0 1-0.9t0.9-0.9zM14 26.9q2.3 0 4.3-0.9t3.6-2.4 2.4-3.6 0.9-4.3-0.9-4.3-2.4-3.6-3.6-2.4-4.3-0.9-4.3 0.9-3.6 2.4-2.4 3.6-0.9 4.3q0 3.6 2.1 6.6l-1.4 4.2 4.3-1.4q2.8 1.9 6.2 1.9zM14 2.2q2.7 0 5.2 1.1t4.3 2.9 2.9 4.3 1.1 5.2-1.1 5.2-2.9 4.3-4.3 2.9-5.2 1.1q-3.5 0-6.5-1.7l-7.4 2.4 2.4-7.2q-1.9-3.2-1.9-6.9 0-2.7 1.1-5.2t2.9-4.3 4.3-2.9 5.2-1.1z\"\/><\/svg><\/span><span class=\"shariff-text\">teilen<\/span>&nbsp;<\/a><\/li><li class=\"shariff-button facebook shariff-nocustomcolor\" style=\"background-color:#4273c8\"><a href=\"https:\/\/www.facebook.com\/sharer\/sharer.php?u=https%3A%2F%2Fwww.backwinkel.de%2Fblog%2Ferziehermangel%2F\" title=\"Bei Facebook teilen\" aria-label=\"Bei Facebook teilen\" role=\"button\" rel=\"nofollow\" class=\"shariff-link\" style=\"; background-color:#3b5998; color:#fff\" target=\"_blank\"><span class=\"shariff-icon\" style=\"\"><svg width=\"32px\" height=\"20px\" xmlns=\"http:\/\/www.w3.org\/2000\/svg\" viewBox=\"0 0 18 32\"><path fill=\"#3b5998\" d=\"M17.1 0.2v4.7h-2.8q-1.5 0-2.1 0.6t-0.5 1.9v3.4h5.2l-0.7 5.3h-4.5v13.6h-5.5v-13.6h-4.5v-5.3h4.5v-3.9q0-3.3 1.9-5.2t5-1.8q2.6 0 4.1 0.2z\"\/><\/svg><\/span><span class=\"shariff-text\">teilen<\/span>&nbsp;<\/a><\/li><li class=\"shariff-button twitter shariff-nocustomcolor\" style=\"background-color:#595959\"><a href=\"https:\/\/twitter.com\/share?url=https%3A%2F%2Fwww.backwinkel.de%2Fblog%2Ferziehermangel%2F&text=Wo%20bleiben%20die%20M%C3%A4nner%3F\" title=\"Bei X teilen\" aria-label=\"Bei X teilen\" role=\"button\" rel=\"noopener nofollow\" class=\"shariff-link\" style=\"; background-color:#000; color:#fff\" target=\"_blank\"><span class=\"shariff-icon\" style=\"\"><svg width=\"32px\" height=\"20px\" xmlns=\"http:\/\/www.w3.org\/2000\/svg\" viewBox=\"0 0 24 24\"><path fill=\"#000\" d=\"M14.258 10.152L23.176 0h-2.113l-7.747 8.813L7.133 0H0l9.352 13.328L0 23.973h2.113l8.176-9.309 6.531 9.309h7.133zm-2.895 3.293l-.949-1.328L2.875 1.56h3.246l6.086 8.523.945 1.328 7.91 11.078h-3.246zm0 0\"\/><\/svg><\/span><span class=\"shariff-text\">teilen<\/span>&nbsp;<\/a><\/li><li class=\"shariff-button pinterest shariff-nocustomcolor\" style=\"background-color:#e70f18\"><a href=\"https:\/\/www.pinterest.com\/pin\/create\/link\/?url=https%3A%2F%2Fwww.backwinkel.de%2Fblog%2Ferziehermangel%2F&media=https%3A%2F%2Fwww.backwinkel.de%2Fblog%2Fwp-content%2Fuploads%2F2021%2F09%2Fbackwinkel-blog-mannliche-erzieher-heroimage.jpg&description=Wo%20bleiben%20die%20M%C3%A4nner%3F\" title=\"Bei Pinterest pinnen\" aria-label=\"Bei Pinterest pinnen\" role=\"button\" rel=\"noopener nofollow\" class=\"shariff-link\" style=\"; background-color:#cb2027; color:#fff\" target=\"_blank\"><span class=\"shariff-icon\" style=\"\"><svg width=\"32px\" height=\"20px\" xmlns=\"http:\/\/www.w3.org\/2000\/svg\" viewBox=\"0 0 27 32\"><path fill=\"#cb2027\" d=\"M27.4 16q0 3.7-1.8 6.9t-5 5-6.9 1.9q-2 0-3.9-0.6 1.1-1.7 1.4-2.9 0.2-0.6 1-3.8 0.4 0.7 1.3 1.2t2 0.5q2.1 0 3.8-1.2t2.7-3.4 0.9-4.8q0-2-1.1-3.8t-3.1-2.9-4.5-1.2q-1.9 0-3.5 0.5t-2.8 1.4-2 2-1.2 2.3-0.4 2.4q0 1.9 0.7 3.3t2.1 2q0.5 0.2 0.7-0.4 0-0.1 0.1-0.5t0.2-0.5q0.1-0.4-0.2-0.8-0.9-1.1-0.9-2.7 0-2.7 1.9-4.6t4.9-2q2.7 0 4.2 1.5t1.5 3.8q0 3-1.2 5.2t-3.1 2.1q-1.1 0-1.7-0.8t-0.4-1.9q0.1-0.6 0.5-1.7t0.5-1.8 0.2-1.4q0-0.9-0.5-1.5t-1.4-0.6q-1.1 0-1.9 1t-0.8 2.6q0 1.3 0.4 2.2l-1.8 7.5q-0.3 1.2-0.2 3.2-3.7-1.6-6-5t-2.3-7.6q0-3.7 1.9-6.9t5-5 6.9-1.9 6.9 1.9 5 5 1.8 6.9z\"\/><\/svg><\/span><span class=\"shariff-text\">merken<\/span>&nbsp;<\/a><\/li><li class=\"shariff-button mailto shariff-nocustomcolor\" style=\"background-color:#a8a8a8\"><a href=\"mailto:?body=https%3A%2F%2Fwww.backwinkel.de%2Fblog%2Ferziehermangel%2F&subject=Wo%20bleiben%20die%20M%C3%A4nner%3F\" title=\"Per E-Mail versenden\" aria-label=\"Per E-Mail versenden\" role=\"button\" rel=\"noopener nofollow\" class=\"shariff-link\" style=\"; background-color:#999; color:#fff\"><span class=\"shariff-icon\" style=\"\"><svg width=\"32px\" height=\"20px\" xmlns=\"http:\/\/www.w3.org\/2000\/svg\" viewBox=\"0 0 32 32\"><path fill=\"#999\" d=\"M32 12.7v14.2q0 1.2-0.8 2t-2 0.9h-26.3q-1.2 0-2-0.9t-0.8-2v-14.2q0.8 0.9 1.8 1.6 6.5 4.4 8.9 6.1 1 0.8 1.6 1.2t1.7 0.9 2 0.4h0.1q0.9 0 2-0.4t1.7-0.9 1.6-1.2q3-2.2 8.9-6.1 1-0.7 1.8-1.6zM32 7.4q0 1.4-0.9 2.7t-2.2 2.2q-6.7 4.7-8.4 5.8-0.2 0.1-0.7 0.5t-1 0.7-0.9 0.6-1.1 0.5-0.9 0.2h-0.1q-0.4 0-0.9-0.2t-1.1-0.5-0.9-0.6-1-0.7-0.7-0.5q-1.6-1.1-4.7-3.2t-3.6-2.6q-1.1-0.7-2.1-2t-1-2.5q0-1.4 0.7-2.3t2.1-0.9h26.3q1.2 0 2 0.8t0.9 2z\"\/><\/svg><\/span><span class=\"shariff-text\">E-Mail<\/span>&nbsp;<\/a><\/li><\/ul><\/div>\n<\/div><\/section><br \/>\n<div  class='tabcontainer av-8h16d6-15f945b101bda73d86ad0e8b4412a377 top_tab  avia-builder-el-36  el_after_av_textblock  el_before_av_hr '>\n<section class='av_tab_section av_tab_section av-7ufryi-4bf37dc75f08abab2fb837ff80606e54' ><div id='tab-id-1-tab' class='tab active_tab' role='tab' aria-selected=\"true\" tabindex=\"0\" data-fake-id='#tab-id-1' aria-controls='tab-id-1-content' >Das BACKWINKEL-Blog-Team:<\/div><div id='tab-id-1-content' class='tab_content active_tab_content' role='tabpanel' aria-labelledby='tab-id-1-tab' aria-hidden=\"false\"><div class='tab_inner_content invers-color' ><p><img decoding=\"async\" class=\"wp-image-1768 alignleft\" title=\"BACKWINKEL-Blog \u2013 Das Team\" src=\"https:\/\/blog.backwinkel.de\/wp-content\/uploads\/2018\/10\/backwinkel-blog-autorenbox-intern_preview-300x198.jpg\" alt=\"\" width=\"300\" height=\"198\" \/>Gibts auch ein Gesicht hinter dem BACKWINKEL-Blog? Ja. Vier ?. Drei davon sogar mit Foto.<\/p>\n<p><span style=\"font-style: inherit !important; font-weight: inherit !important;\">Wir \u2013 Lukas, Tatjana, Stefan und Christine \u2013 bespielen unseren Blog unter dem Motto LACHEN LESEN LERNEN. <\/span><\/p>\n<p><span style=\"font-style: inherit !important; font-weight: inherit !important;\">Lukas kennt sich online so gut aus wie in seiner Westentasche und findet immer spannende Themen, w\u00e4hrend Stefan unseren Beitr\u00e4gen den passenden gestalterischen Rahmen gibt und Tatjana mit dem gr\u00fcnen Korrekturstift alles pr\u00fcfend be\u00e4ugt, was unsere Autorin Christine (und gern auch Gastautoren) f\u00fcr den BACKWINKEL-Blog nach ordentlicher Recherche schreibt.<\/span><\/p>\n<p>Gemeinsam suchen wir st\u00e4ndig nach neuen, aufregenden Themen rund um das Thema Bildung im Kiga, der Schule und zu Hause. Und weil Sie da an der Quelle sitzen, freuen wir uns auf Ihre konstruktiven R\u00fcckmeldungen und Anregungen an <a href=\"mailto:blog@backwinkel.de\">blog@backwinkel.de<\/a><\/p>\n<p>Viel Spa\u00df beim LACHEN LESEN LERNEN!<\/p>\n<\/div><\/div><\/section>\n<\/div><br \/>\n\n<style type=\"text\/css\" data-created_by=\"avia_inline_auto\" id=\"style-css-av-6jtyq2-b484833dcb8d6160c041bd66dc70d927\">\n#top .hr.av-6jtyq2-b484833dcb8d6160c041bd66dc70d927{\nmargin-top:10px;\nmargin-bottom:10px;\n}\n.hr.av-6jtyq2-b484833dcb8d6160c041bd66dc70d927 .hr-inner{\nwidth:500;\n}\n<\/style>\n<div  class='hr av-6jtyq2-b484833dcb8d6160c041bd66dc70d927 hr-custom  avia-builder-el-37  el_after_av_tab_container  el_before_av_heading  hr-left hr-icon-no'><span class='hr-inner inner-border-av-border-thin'><span class=\"hr-inner-style\"><\/span><\/span><\/div><br \/>\n\n<style type=\"text\/css\" data-created_by=\"avia_inline_auto\" id=\"style-css-av-3x097e-6a4fd710a87756e3973544c31d3805ef\">\n#top .av-special-heading.av-3x097e-6a4fd710a87756e3973544c31d3805ef{\npadding-bottom:10px;\n}\nbody .av-special-heading.av-3x097e-6a4fd710a87756e3973544c31d3805ef .av-special-heading-tag .heading-char{\nfont-size:25px;\n}\n.av-special-heading.av-3x097e-6a4fd710a87756e3973544c31d3805ef .av-subheading{\nfont-size:15px;\n}\n<\/style>\n<div  class='av-special-heading av-3x097e-6a4fd710a87756e3973544c31d3805ef av-special-heading-h3 blockquote modern-quote  avia-builder-el-38  el_after_av_hr  el_before_av_blog '><h3 class='av-special-heading-tag '  >PASSENDE BEITR\u00c4GE<\/h3><div class=\"special-heading-border\"><div class=\"special-heading-inner-border\"><\/div><\/div><\/div><br \/>\n<div  data-slideshow-options=\"{&quot;animation&quot;:&quot;fade&quot;,&quot;autoplay&quot;:false,&quot;loop_autoplay&quot;:&quot;once&quot;,&quot;interval&quot;:5,&quot;loop_manual&quot;:&quot;manual-endless&quot;,&quot;autoplay_stopper&quot;:false,&quot;noNavigation&quot;:false,&quot;show_slide_delay&quot;:90}\" class='avia-content-slider avia-content-grid-active avia-content-slider1 avia-content-slider-odd  avia-builder-el-39  el_after_av_heading  avia-builder-el-last  av-slideshow-ui av-control-default   av-no-slider-navigation av-slideshow-manual av-loop-once av-loop-manual-endless ' ><div class=\"avia-content-slider-inner\"><div class=\"slide-entry-wrap\"><article class='slide-entry flex_column  post-entry post-entry-18633 slide-entry-overview slide-loop-1 slide-parity-odd  av_one_third first real-thumbnail posttype-post post-format-standard' ><a href='https:\/\/www.backwinkel.de\/blog\/plastik-recyceln\/' data-rel='slide-1' class='slide-image' title='Plastik recyceln'><img decoding=\"async\" fetchpriority=\"high\" width=\"1200\" height=\"628\" src=\"https:\/\/www.backwinkel.de\/blog\/wp-content\/uploads\/2026\/04\/04_Kiga_Plastik_nachhaltig_nutzen.jpg\" class=\"wp-image-18713 avia-img-lazy-loading-not-18713 attachment-no scaling size-no scaling wp-post-image\" alt=\"\" \/><\/a><div class=\"slide-content\"><header class=\"entry-content-header\" aria-label=\"Slide: Plastik recyceln\"><h3 class='slide-entry-title entry-title ' ><a href='https:\/\/www.backwinkel.de\/blog\/plastik-recyceln\/' title='Plastik recyceln'>Plastik recyceln<\/a><\/h3><span class=\"blog-categories minor-meta\"><a href=\"https:\/\/www.backwinkel.de\/blog\/category\/kindergarten-kita\/\" rel=\"tag\">Kindergarten<\/a> <\/span><span class=\"av-vertical-delimiter\"><\/span><\/header><div class='slide-entry-excerpt entry-content' >Biokunststoff f\u00fcr St\u00fchle, Materialboxen, Spielzeug und Rucks\u00e4cke<\/div><\/div><footer class=\"entry-footer\"><div class=\"slide-meta\"><time class='slide-meta-time updated' >14. April 2026<\/time><\/div><\/footer><\/article><article class='slide-entry flex_column  post-entry post-entry-18716 slide-entry-overview slide-loop-2 slide-parity-even  av_one_third  real-thumbnail posttype-post post-format-standard' ><a href='https:\/\/www.backwinkel.de\/blog\/rechnen-im-anfangsunterricht\/' data-rel='slide-1' class='slide-image' title='Rechnen im Anfangsunterricht'><img decoding=\"async\" fetchpriority=\"high\" width=\"1200\" height=\"628\" src=\"https:\/\/www.backwinkel.de\/blog\/wp-content\/uploads\/2026\/04\/04_Schule_Rechnen_anfangsunterricht.jpg\" class=\"wp-image-18748 avia-img-lazy-loading-not-18748 attachment-no scaling size-no scaling wp-post-image\" alt=\"\" \/><\/a><div class=\"slide-content\"><header class=\"entry-content-header\" aria-label=\"Slide: Rechnen im Anfangsunterricht\"><h3 class='slide-entry-title entry-title ' ><a href='https:\/\/www.backwinkel.de\/blog\/rechnen-im-anfangsunterricht\/' title='Rechnen im Anfangsunterricht'>Rechnen im Anfangsunterricht<\/a><\/h3><span class=\"blog-categories minor-meta\"><a href=\"https:\/\/www.backwinkel.de\/blog\/category\/schule-grundschule\/\" rel=\"tag\">Schule<\/a> <\/span><span class=\"av-vertical-delimiter\"><\/span><\/header><div class='slide-entry-excerpt entry-content' >Das Klassenzimmer als Lernlandschaft<\/div><\/div><footer class=\"entry-footer\"><div class=\"slide-meta\"><time class='slide-meta-time updated' >14. April 2026<\/time><\/div><\/footer><\/article><article class='slide-entry flex_column  post-entry post-entry-18372 slide-entry-overview slide-loop-3 slide-parity-odd  post-entry-last  av_one_third  real-thumbnail posttype-post post-format-standard' ><a href='https:\/\/www.backwinkel.de\/blog\/kranke-kinder-im-kindergarten\/' data-rel='slide-1' class='slide-image' title='Kranke Kinder im Kindergarten'><img decoding=\"async\" fetchpriority=\"high\" width=\"1200\" height=\"628\" src=\"https:\/\/www.backwinkel.de\/blog\/wp-content\/uploads\/2026\/03\/03_Kiga_Kranke_Kinder.jpg\" class=\"wp-image-18451 avia-img-lazy-loading-not-18451 attachment-no scaling size-no scaling wp-post-image\" alt=\"Thema: Kranke Kinder. Auf dem Bild ist ein krankes kleines M\u00e4dchen zu sehen. Eine Frau mit einem Fieberthermometer in der Hand sitzt neben ihr und hat die Hand auf der Stirn des M\u00e4dchens.\" \/><\/a><div class=\"slide-content\"><header class=\"entry-content-header\" aria-label=\"Slide: Kranke Kinder im Kindergarten\"><h3 class='slide-entry-title entry-title ' ><a href='https:\/\/www.backwinkel.de\/blog\/kranke-kinder-im-kindergarten\/' title='Kranke Kinder im Kindergarten'>Kranke Kinder im Kindergarten<\/a><\/h3><span class=\"blog-categories minor-meta\"><a href=\"https:\/\/www.backwinkel.de\/blog\/category\/kindergarten-kita\/\" rel=\"tag\">Kindergarten<\/a> <\/span><span class=\"av-vertical-delimiter\"><\/span><\/header><div class='slide-entry-excerpt entry-content' >Auswirkungen f\u00fcr Kinder, Eltern und Fachkr\u00e4fte<\/div><\/div><footer class=\"entry-footer\"><div class=\"slide-meta\"><time class='slide-meta-time updated' >9. M\u00e4rz 2026<\/time><\/div><\/footer><\/article><\/div><\/div><\/div><\/p><\/div>\n","protected":false},"excerpt":{"rendered":"<p>Darum braucht die Kita mehr Erzieher <\/p>\n","protected":false},"author":3,"featured_media":7787,"comment_status":"closed","ping_status":"closed","sticky":false,"template":"","format":"standard","meta":{"inline_featured_image":false,"footnotes":""},"categories":[5],"tags":[],"class_list":["post-7786","post","type-post","status-publish","format-standard","has-post-thumbnail","hentry","category-kindergarten-kita"],"yoast_head":"<!-- This site is optimized with the Yoast SEO plugin v27.4 - https:\/\/yoast.com\/product\/yoast-seo-wordpress\/ -->\n<title>Wo bleiben die M\u00e4nner? Darum braucht die Kita mehr Erzieher | BACKWINKEL Blog<\/title>\n<meta name=\"description\" content=\"Lediglich 3 % der Erziehenden im Bereich der Kindertagesst\u00e4tten in Deutschland sind M\u00e4nner \u2013 Lesen Sie, woran das liegt und warum das schade ist.\" \/>\n<meta name=\"robots\" content=\"index, follow, max-snippet:-1, max-image-preview:large, max-video-preview:-1\" \/>\n<link rel=\"canonical\" href=\"https:\/\/www.backwinkel.de\/blog\/erziehermangel\/\" \/>\n<meta property=\"og:locale\" content=\"de_DE\" \/>\n<meta property=\"og:type\" content=\"article\" \/>\n<meta property=\"og:title\" content=\"Wo bleiben die M\u00e4nner? Darum braucht die Kita mehr Erzieher | BACKWINKEL Blog\" \/>\n<meta property=\"og:description\" content=\"Lediglich 3 % der Erziehenden im Bereich der Kindertagesst\u00e4tten in Deutschland sind M\u00e4nner \u2013 Lesen Sie, woran das liegt und warum das schade ist.\" \/>\n<meta property=\"og:url\" content=\"https:\/\/www.backwinkel.de\/blog\/erziehermangel\/\" \/>\n<meta property=\"og:site_name\" content=\"BACKWINKEL Blog\" \/>\n<meta property=\"article:published_time\" content=\"2021-09-06T08:04:50+00:00\" \/>\n<meta property=\"article:modified_time\" content=\"2026-04-22T13:34:41+00:00\" \/>\n<meta property=\"og:image\" content=\"https:\/\/www.backwinkel.de\/blog\/wp-content\/uploads\/2021\/09\/backwinkel-blog-mannliche-erzieher-heroimage.jpg\" \/>\n\t<meta property=\"og:image:width\" content=\"1200\" \/>\n\t<meta property=\"og:image:height\" content=\"628\" \/>\n\t<meta property=\"og:image:type\" content=\"image\/jpeg\" \/>\n<meta name=\"author\" content=\"BACKWINKEL\" \/>\n<meta name=\"twitter:card\" content=\"summary_large_image\" \/>\n<meta name=\"twitter:label1\" content=\"Verfasst von\" \/>\n\t<meta name=\"twitter:data1\" content=\"BACKWINKEL\" \/>\n\t<meta name=\"twitter:label2\" content=\"Gesch\u00e4tzte Lesezeit\" \/>\n\t<meta name=\"twitter:data2\" content=\"12\u00a0Minuten\" \/>\n<script type=\"application\/ld+json\" class=\"yoast-schema-graph\">{\"@context\":\"https:\\\/\\\/schema.org\",\"@graph\":[{\"@type\":\"Article\",\"@id\":\"https:\\\/\\\/www.backwinkel.de\\\/blog\\\/erziehermangel\\\/#article\",\"isPartOf\":{\"@id\":\"https:\\\/\\\/www.backwinkel.de\\\/blog\\\/erziehermangel\\\/\"},\"author\":{\"name\":\"BACKWINKEL\",\"@id\":\"https:\\\/\\\/www.backwinkel.de\\\/blog\\\/#\\\/schema\\\/person\\\/3d64575316540d25f7866264a4b7cd24\"},\"headline\":\"Wo bleiben die M\u00e4nner?\",\"datePublished\":\"2021-09-06T08:04:50+00:00\",\"dateModified\":\"2026-04-22T13:34:41+00:00\",\"mainEntityOfPage\":{\"@id\":\"https:\\\/\\\/www.backwinkel.de\\\/blog\\\/erziehermangel\\\/\"},\"wordCount\":3984,\"image\":{\"@id\":\"https:\\\/\\\/www.backwinkel.de\\\/blog\\\/erziehermangel\\\/#primaryimage\"},\"thumbnailUrl\":\"https:\\\/\\\/www.backwinkel.de\\\/blog\\\/wp-content\\\/uploads\\\/2021\\\/09\\\/backwinkel-blog-mannliche-erzieher-heroimage.jpg\",\"articleSection\":[\"Kindergarten\"],\"inLanguage\":\"de\"},{\"@type\":\"WebPage\",\"@id\":\"https:\\\/\\\/www.backwinkel.de\\\/blog\\\/erziehermangel\\\/\",\"url\":\"https:\\\/\\\/www.backwinkel.de\\\/blog\\\/erziehermangel\\\/\",\"name\":\"Wo bleiben die M\u00e4nner? Darum braucht die Kita mehr Erzieher | BACKWINKEL Blog\",\"isPartOf\":{\"@id\":\"https:\\\/\\\/www.backwinkel.de\\\/blog\\\/#website\"},\"primaryImageOfPage\":{\"@id\":\"https:\\\/\\\/www.backwinkel.de\\\/blog\\\/erziehermangel\\\/#primaryimage\"},\"image\":{\"@id\":\"https:\\\/\\\/www.backwinkel.de\\\/blog\\\/erziehermangel\\\/#primaryimage\"},\"thumbnailUrl\":\"https:\\\/\\\/www.backwinkel.de\\\/blog\\\/wp-content\\\/uploads\\\/2021\\\/09\\\/backwinkel-blog-mannliche-erzieher-heroimage.jpg\",\"datePublished\":\"2021-09-06T08:04:50+00:00\",\"dateModified\":\"2026-04-22T13:34:41+00:00\",\"author\":{\"@id\":\"https:\\\/\\\/www.backwinkel.de\\\/blog\\\/#\\\/schema\\\/person\\\/3d64575316540d25f7866264a4b7cd24\"},\"description\":\"Lediglich 3 % der Erziehenden im Bereich der Kindertagesst\u00e4tten in Deutschland sind M\u00e4nner \u2013 Lesen Sie, woran das liegt und warum das schade ist.\",\"breadcrumb\":{\"@id\":\"https:\\\/\\\/www.backwinkel.de\\\/blog\\\/erziehermangel\\\/#breadcrumb\"},\"inLanguage\":\"de\",\"potentialAction\":[{\"@type\":\"ReadAction\",\"target\":[\"https:\\\/\\\/www.backwinkel.de\\\/blog\\\/erziehermangel\\\/\"]}]},{\"@type\":\"ImageObject\",\"inLanguage\":\"de\",\"@id\":\"https:\\\/\\\/www.backwinkel.de\\\/blog\\\/erziehermangel\\\/#primaryimage\",\"url\":\"https:\\\/\\\/www.backwinkel.de\\\/blog\\\/wp-content\\\/uploads\\\/2021\\\/09\\\/backwinkel-blog-mannliche-erzieher-heroimage.jpg\",\"contentUrl\":\"https:\\\/\\\/www.backwinkel.de\\\/blog\\\/wp-content\\\/uploads\\\/2021\\\/09\\\/backwinkel-blog-mannliche-erzieher-heroimage.jpg\",\"width\":1200,\"height\":628},{\"@type\":\"BreadcrumbList\",\"@id\":\"https:\\\/\\\/www.backwinkel.de\\\/blog\\\/erziehermangel\\\/#breadcrumb\",\"itemListElement\":[{\"@type\":\"ListItem\",\"position\":1,\"name\":\"Startseite\",\"item\":\"https:\\\/\\\/blog.backwinkel.de\\\/aktuelles\\\/\"},{\"@type\":\"ListItem\",\"position\":2,\"name\":\"Wo bleiben die M\u00e4nner?\"}]},{\"@type\":\"WebSite\",\"@id\":\"https:\\\/\\\/www.backwinkel.de\\\/blog\\\/#website\",\"url\":\"https:\\\/\\\/www.backwinkel.de\\\/blog\\\/\",\"name\":\"BACKWINKEL Blog\",\"description\":\"f\u00fcr Lehrer, Erzieher und Eltern\",\"potentialAction\":[{\"@type\":\"SearchAction\",\"target\":{\"@type\":\"EntryPoint\",\"urlTemplate\":\"https:\\\/\\\/www.backwinkel.de\\\/blog\\\/?s={search_term_string}\"},\"query-input\":{\"@type\":\"PropertyValueSpecification\",\"valueRequired\":true,\"valueName\":\"search_term_string\"}}],\"inLanguage\":\"de\"},{\"@type\":\"Person\",\"@id\":\"https:\\\/\\\/www.backwinkel.de\\\/blog\\\/#\\\/schema\\\/person\\\/3d64575316540d25f7866264a4b7cd24\",\"name\":\"BACKWINKEL\",\"sameAs\":[\"http:\\\/\\\/www.backwinkel.de\"],\"url\":\"https:\\\/\\\/www.backwinkel.de\\\/blog\\\/author\\\/backwinkel\\\/\"}]}<\/script>\n<!-- \/ Yoast SEO plugin. -->","yoast_head_json":{"title":"Wo bleiben die M\u00e4nner? Darum braucht die Kita mehr Erzieher | BACKWINKEL Blog","description":"Lediglich 3 % der Erziehenden im Bereich der Kindertagesst\u00e4tten in Deutschland sind M\u00e4nner \u2013 Lesen Sie, woran das liegt und warum das schade ist.","robots":{"index":"index","follow":"follow","max-snippet":"max-snippet:-1","max-image-preview":"max-image-preview:large","max-video-preview":"max-video-preview:-1"},"canonical":"https:\/\/www.backwinkel.de\/blog\/erziehermangel\/","og_locale":"de_DE","og_type":"article","og_title":"Wo bleiben die M\u00e4nner? Darum braucht die Kita mehr Erzieher | BACKWINKEL Blog","og_description":"Lediglich 3 % der Erziehenden im Bereich der Kindertagesst\u00e4tten in Deutschland sind M\u00e4nner \u2013 Lesen Sie, woran das liegt und warum das schade ist.","og_url":"https:\/\/www.backwinkel.de\/blog\/erziehermangel\/","og_site_name":"BACKWINKEL Blog","article_published_time":"2021-09-06T08:04:50+00:00","article_modified_time":"2026-04-22T13:34:41+00:00","og_image":[{"width":1200,"height":628,"url":"https:\/\/www.backwinkel.de\/blog\/wp-content\/uploads\/2021\/09\/backwinkel-blog-mannliche-erzieher-heroimage.jpg","type":"image\/jpeg"}],"author":"BACKWINKEL","twitter_card":"summary_large_image","twitter_misc":{"Verfasst von":"BACKWINKEL","Gesch\u00e4tzte Lesezeit":"12\u00a0Minuten"},"schema":{"@context":"https:\/\/schema.org","@graph":[{"@type":"Article","@id":"https:\/\/www.backwinkel.de\/blog\/erziehermangel\/#article","isPartOf":{"@id":"https:\/\/www.backwinkel.de\/blog\/erziehermangel\/"},"author":{"name":"BACKWINKEL","@id":"https:\/\/www.backwinkel.de\/blog\/#\/schema\/person\/3d64575316540d25f7866264a4b7cd24"},"headline":"Wo bleiben die M\u00e4nner?","datePublished":"2021-09-06T08:04:50+00:00","dateModified":"2026-04-22T13:34:41+00:00","mainEntityOfPage":{"@id":"https:\/\/www.backwinkel.de\/blog\/erziehermangel\/"},"wordCount":3984,"image":{"@id":"https:\/\/www.backwinkel.de\/blog\/erziehermangel\/#primaryimage"},"thumbnailUrl":"https:\/\/www.backwinkel.de\/blog\/wp-content\/uploads\/2021\/09\/backwinkel-blog-mannliche-erzieher-heroimage.jpg","articleSection":["Kindergarten"],"inLanguage":"de"},{"@type":"WebPage","@id":"https:\/\/www.backwinkel.de\/blog\/erziehermangel\/","url":"https:\/\/www.backwinkel.de\/blog\/erziehermangel\/","name":"Wo bleiben die M\u00e4nner? Darum braucht die Kita mehr Erzieher | BACKWINKEL Blog","isPartOf":{"@id":"https:\/\/www.backwinkel.de\/blog\/#website"},"primaryImageOfPage":{"@id":"https:\/\/www.backwinkel.de\/blog\/erziehermangel\/#primaryimage"},"image":{"@id":"https:\/\/www.backwinkel.de\/blog\/erziehermangel\/#primaryimage"},"thumbnailUrl":"https:\/\/www.backwinkel.de\/blog\/wp-content\/uploads\/2021\/09\/backwinkel-blog-mannliche-erzieher-heroimage.jpg","datePublished":"2021-09-06T08:04:50+00:00","dateModified":"2026-04-22T13:34:41+00:00","author":{"@id":"https:\/\/www.backwinkel.de\/blog\/#\/schema\/person\/3d64575316540d25f7866264a4b7cd24"},"description":"Lediglich 3 % der Erziehenden im Bereich der Kindertagesst\u00e4tten in Deutschland sind M\u00e4nner \u2013 Lesen Sie, woran das liegt und warum das schade ist.","breadcrumb":{"@id":"https:\/\/www.backwinkel.de\/blog\/erziehermangel\/#breadcrumb"},"inLanguage":"de","potentialAction":[{"@type":"ReadAction","target":["https:\/\/www.backwinkel.de\/blog\/erziehermangel\/"]}]},{"@type":"ImageObject","inLanguage":"de","@id":"https:\/\/www.backwinkel.de\/blog\/erziehermangel\/#primaryimage","url":"https:\/\/www.backwinkel.de\/blog\/wp-content\/uploads\/2021\/09\/backwinkel-blog-mannliche-erzieher-heroimage.jpg","contentUrl":"https:\/\/www.backwinkel.de\/blog\/wp-content\/uploads\/2021\/09\/backwinkel-blog-mannliche-erzieher-heroimage.jpg","width":1200,"height":628},{"@type":"BreadcrumbList","@id":"https:\/\/www.backwinkel.de\/blog\/erziehermangel\/#breadcrumb","itemListElement":[{"@type":"ListItem","position":1,"name":"Startseite","item":"https:\/\/blog.backwinkel.de\/aktuelles\/"},{"@type":"ListItem","position":2,"name":"Wo bleiben die M\u00e4nner?"}]},{"@type":"WebSite","@id":"https:\/\/www.backwinkel.de\/blog\/#website","url":"https:\/\/www.backwinkel.de\/blog\/","name":"BACKWINKEL Blog","description":"f\u00fcr Lehrer, Erzieher und Eltern","potentialAction":[{"@type":"SearchAction","target":{"@type":"EntryPoint","urlTemplate":"https:\/\/www.backwinkel.de\/blog\/?s={search_term_string}"},"query-input":{"@type":"PropertyValueSpecification","valueRequired":true,"valueName":"search_term_string"}}],"inLanguage":"de"},{"@type":"Person","@id":"https:\/\/www.backwinkel.de\/blog\/#\/schema\/person\/3d64575316540d25f7866264a4b7cd24","name":"BACKWINKEL","sameAs":["http:\/\/www.backwinkel.de"],"url":"https:\/\/www.backwinkel.de\/blog\/author\/backwinkel\/"}]}},"_links":{"self":[{"href":"https:\/\/www.backwinkel.de\/blog\/wp-json\/wp\/v2\/posts\/7786","targetHints":{"allow":["GET"]}}],"collection":[{"href":"https:\/\/www.backwinkel.de\/blog\/wp-json\/wp\/v2\/posts"}],"about":[{"href":"https:\/\/www.backwinkel.de\/blog\/wp-json\/wp\/v2\/types\/post"}],"author":[{"embeddable":true,"href":"https:\/\/www.backwinkel.de\/blog\/wp-json\/wp\/v2\/users\/3"}],"replies":[{"embeddable":true,"href":"https:\/\/www.backwinkel.de\/blog\/wp-json\/wp\/v2\/comments?post=7786"}],"version-history":[{"count":4,"href":"https:\/\/www.backwinkel.de\/blog\/wp-json\/wp\/v2\/posts\/7786\/revisions"}],"predecessor-version":[{"id":18935,"href":"https:\/\/www.backwinkel.de\/blog\/wp-json\/wp\/v2\/posts\/7786\/revisions\/18935"}],"wp:featuredmedia":[{"embeddable":true,"href":"https:\/\/www.backwinkel.de\/blog\/wp-json\/wp\/v2\/media\/7787"}],"wp:attachment":[{"href":"https:\/\/www.backwinkel.de\/blog\/wp-json\/wp\/v2\/media?parent=7786"}],"wp:term":[{"taxonomy":"category","embeddable":true,"href":"https:\/\/www.backwinkel.de\/blog\/wp-json\/wp\/v2\/categories?post=7786"},{"taxonomy":"post_tag","embeddable":true,"href":"https:\/\/www.backwinkel.de\/blog\/wp-json\/wp\/v2\/tags?post=7786"}],"curies":[{"name":"wp","href":"https:\/\/api.w.org\/{rel}","templated":true}]}}