{"id":7697,"date":"2021-08-24T08:31:27","date_gmt":"2021-08-24T06:31:27","guid":{"rendered":"https:\/\/blog.backwinkel.de\/?p=7697"},"modified":"2026-04-22T15:32:56","modified_gmt":"2026-04-22T13:32:56","slug":"bewegtes-klassenzimmer","status":"publish","type":"post","link":"https:\/\/www.backwinkel.de\/blog\/bewegtes-klassenzimmer\/","title":{"rendered":"Bewegtes Klassenzimmer:"},"content":{"rendered":"\n<style type=\"text\/css\" data-created_by=\"avia_inline_auto\" id=\"style-css-av-1qkhewh-6ca7fed28c7bdfa09c5445a90d0f6c7b\">\n.flex_column.av-1qkhewh-6ca7fed28c7bdfa09c5445a90d0f6c7b{\nborder-radius:0px 0px 0px 0px;\npadding:0px 0px 0px 0px;\n}\n<\/style>\n<div  class='flex_column av-1qkhewh-6ca7fed28c7bdfa09c5445a90d0f6c7b av_one_full  avia-builder-el-0  el_before_av_three_fifth  avia-builder-el-first  first flex_column_div av-zero-column-padding  '     ><p>\n<style type=\"text\/css\" data-created_by=\"avia_inline_auto\" id=\"style-css-av-1o4ombl-ffd5c5721085820c4d3958ee1ea4c405\">\n#top .hr.hr-invisible.av-1o4ombl-ffd5c5721085820c4d3958ee1ea4c405{\nmargin-top:0px;\nheight:1px;\n}\n<\/style>\n<div  class='hr av-1o4ombl-ffd5c5721085820c4d3958ee1ea4c405 hr-invisible  avia-builder-el-1  el_before_av_heading  avia-builder-el-first '><span class='hr-inner '><span class=\"hr-inner-style\"><\/span><\/span><\/div><br \/>\n\n<style type=\"text\/css\" data-created_by=\"avia_inline_auto\" id=\"style-css-av-ksok9deo-6c41475b44e883c635b57af3527b0970\">\n#top .av-special-heading.av-ksok9deo-6c41475b44e883c635b57af3527b0970{\npadding-bottom:10px;\n}\nbody .av-special-heading.av-ksok9deo-6c41475b44e883c635b57af3527b0970 .av-special-heading-tag .heading-char{\nfont-size:25px;\n}\n.av-special-heading.av-ksok9deo-6c41475b44e883c635b57af3527b0970 .av-subheading{\nfont-size:15px;\n}\n<\/style>\n<div  class='av-special-heading av-ksok9deo-6c41475b44e883c635b57af3527b0970 av-special-heading-h1 blockquote modern-quote  avia-builder-el-2  el_after_av_hr  el_before_av_post_metadata  av-linked-heading'><h1 class='av-special-heading-tag '  >Bewegtes Klassenzimmer: Darum passen Lernen und M\u00f6belr\u00fccken gut zusammen <\/h1><div class='av-subheading av-subheading_below'><p class=\"autorenname\">Elisa Morel<\/p>\n<\/div><div class=\"special-heading-border\"><div class=\"special-heading-inner-border\"><\/div><\/div><\/div><br \/>\n\n<style type=\"text\/css\" data-created_by=\"avia_inline_auto\" id=\"style-css-av-5ke8q9-ae75471d9b00f2491576cb60d90c19ff\">\n#top .av-post-metadata-container.av-5ke8q9-ae75471d9b00f2491576cb60d90c19ff{\nfont-size:12px;\n}\n#top .av-post-metadata-container.av-5ke8q9-ae75471d9b00f2491576cb60d90c19ff .av-post-metadata-container-inner{\nfont-size:12px;\n}\n<\/style>\n<div  class='av-post-metadata-container av-5ke8q9-ae75471d9b00f2491576cb60d90c19ff av-metadata-container-align-left  avia-builder-el-3  el_after_av_heading  el_before_av_textblock  av-metadata-container-1'><div class='av-post-metadata-container-inner'><span class=\"av-post-metadata-content av-post-metadata-meta-content\"><span class=\"av-post-metadata-content av-post-metadata-modified\"><span class=\"av-metadata-before av-metadata-before-modified\">Aktualisiert:<\/span><span class=\"av-post-metadata-modified-date\" >22. April 2026<\/span><\/span><span class=\"av-post-metadata-content av-post-metadata-separator\">\/<\/span><span class=\"av-post-metadata-content av-post-metadata-modified\"><span class=\"av-metadata-before av-metadata-before-modified\">Zuletzt aktualisiert:<\/span><span class=\"av-post-metadata-modified-date\" >22. April 2026<\/span><\/span><\/span><\/div><\/div><br \/>\n\n<style type=\"text\/css\" data-created_by=\"avia_inline_auto\" id=\"style-css-av-ksoka9lg-b9865f4c2392acd12064a25759781a47\">\n#top .av_textblock_section.av-ksoka9lg-b9865f4c2392acd12064a25759781a47 .avia_textblock{\nfont-size:20px;\n}\n<\/style>\n<section  class='av_textblock_section av-ksoka9lg-b9865f4c2392acd12064a25759781a47 '  ><div class='avia_textblock' ><p>Heutzutage ist flexibles Lernen wichtiger denn je \u2013 sp\u00e4testens, seit Covid-19 den Schulalltag nachhaltig ver\u00e4ndert hat. Die Schule ist f\u00fcr Kinder ein Schutzraum, in dem sie nicht nur Grundwissen erwerben, sondern ihre Pers\u00f6nlichkeiten entfalten und in ihrer Entwicklung gef\u00f6rdert werden.<\/p>\n<\/div><\/section><br \/>\n\n<style type=\"text\/css\" data-created_by=\"avia_inline_auto\" id=\"style-css-av-1m225cx-47a7a5c688ebb566d576cf2a5f6f7fb1\">\n.avia-image-container.av-1m225cx-47a7a5c688ebb566d576cf2a5f6f7fb1 img.avia_image{\nbox-shadow:none;\n}\n.avia-image-container.av-1m225cx-47a7a5c688ebb566d576cf2a5f6f7fb1 .av-image-caption-overlay-center{\ncolor:#ffffff;\n}\n<\/style>\n<div  class='avia-image-container av-1m225cx-47a7a5c688ebb566d576cf2a5f6f7fb1 av-styling- avia-align-center  avia-builder-el-5  el_after_av_textblock  el_before_av_hr '  ><div class=\"avia-image-container-inner\"><div class=\"avia-image-overlay-wrap\"><img decoding=\"async\" fetchpriority=\"high\" class='wp-image-7712 avia-img-lazy-loading-not-7712 avia_image ' src=\"https:\/\/www.backwinkel.de\/blog\/wp-content\/uploads\/2021\/08\/backwinkel-blog-bewegtes-klassenzimmer-heroimage.jpg\" alt='' title='backwinkel-blog-bewegtes-klassenzimmer-heroimage'  height=\"628\" width=\"1200\"  \/><\/div><\/div><\/div><br \/>\n\n<style type=\"text\/css\" data-created_by=\"avia_inline_auto\" id=\"style-css-av-1luway9-6dd5917eb3fea8b74aa1351b7c399d95\">\n#top .hr.hr-invisible.av-1luway9-6dd5917eb3fea8b74aa1351b7c399d95{\nheight:5px;\n}\n<\/style>\n<div  class='hr av-1luway9-6dd5917eb3fea8b74aa1351b7c399d95 hr-invisible  avia-builder-el-6  el_after_av_image  el_before_av_textblock '><span class='hr-inner '><span class=\"hr-inner-style\"><\/span><\/span><\/div><br \/>\n\n<style type=\"text\/css\" data-created_by=\"avia_inline_auto\" id=\"style-css-av-1jxmipt-a1cab72df5be7e16e588d0b2e3055057\">\n#top .av_textblock_section.av-1jxmipt-a1cab72df5be7e16e588d0b2e3055057 .avia_textblock{\nfont-size:10px;\n}\n<\/style>\n<section  class='av_textblock_section av-1jxmipt-a1cab72df5be7e16e588d0b2e3055057 '  ><div class='avia_textblock' ><p class=\"bildnennung-beitrag\" style=\"text-align: left;\">\u00a9 gpointstudio, Adobestock.com<\/p>\n<\/div><\/section><br \/>\n\n<style type=\"text\/css\" data-created_by=\"avia_inline_auto\" id=\"style-css-av-1hbzgox-471c003fd9208f579e158eb7d6d11ad1\">\n#top .hr.hr-invisible.av-1hbzgox-471c003fd9208f579e158eb7d6d11ad1{\nheight:20px;\n}\n<\/style>\n<div  class='hr av-1hbzgox-471c003fd9208f579e158eb7d6d11ad1 hr-invisible  avia-builder-el-8  el_after_av_textblock  el_before_av_textblock '><span class='hr-inner '><span class=\"hr-inner-style\"><\/span><\/span><\/div><br \/>\n<section  class='av_textblock_section av-ksokaffs-54639e8f43c40e2de3fc09c267e8ee5f '  ><div class='avia_textblock' ><p>Flexible Lernr\u00e4ume eignen sich hervorragend zur individuellen F\u00f6rderung, zur Binnendifferenzierung und erm\u00f6glichen au\u00dferdem k\u00f6rperliche Bewegung in Schulf\u00e4chern au\u00dferhalb des Schulsports. Erfahren Sie in diesem Beitrag, wie Sie mithilfe von anpassungsf\u00e4higen M\u00f6beln im Handumdrehen ansprechende Lernorte gestalten und so auch Ihren Unterricht noch flexibler gestalten k\u00f6nnen.<\/p>\n<\/div><\/section><\/p><\/div>\n<style type=\"text\/css\" data-created_by=\"avia_inline_auto\" id=\"style-css-av-1gd4j81-20a55fc7d2fa7532af8ce344a4bd41d4\">\n.flex_column.av-1gd4j81-20a55fc7d2fa7532af8ce344a4bd41d4{\nborder-radius:0px 0px 0px 0px;\npadding:20px 20px 20px 20px;\nbackground-color:#f2f2f2;\n}\n<\/style>\n<div  class='flex_column av-1gd4j81-20a55fc7d2fa7532af8ce344a4bd41d4 av_three_fifth  avia-builder-el-10  el_after_av_one_full  el_before_av_two_fifth  first flex_column_div  column-top-margin'     ><style type=\"text\/css\" data-created_by=\"avia_inline_auto\" id=\"style-css-av-ksoke04c-eb5180698d7a2d73912de4d0e80e0045\">\n#top .av_textblock_section.av-ksoke04c-eb5180698d7a2d73912de4d0e80e0045 .avia_textblock{\nfont-size:14px;\n}\n<\/style>\n<section  class='av_textblock_section av-ksoke04c-eb5180698d7a2d73912de4d0e80e0045 '  ><div class='avia_textblock' ><p><strong>Inhalt<\/strong><\/p>\n<p><strong><a href=\"#1\">1. Mobile M\u00f6bel f\u00fcrs Bewegte Lernen<\/a><\/strong><br \/>\n1.1. Variable Lernr\u00e4ume<br \/>\n1.2. Praktische Tipps \u2013 so gelingt das gemeinsame Umr\u00e4umen spielend<br \/>\n1.3. Raum f\u00fcr Bewegung<\/p>\n<p><strong><a href=\"#2\">2. Vorteile des Bewegten Klassenzimmers<\/a><\/strong><br \/>\n2.1. Die Idee des Bewegten Klassenzimmers und das Bochumer Modell<\/p>\n<p><strong><a href=\"#3\">3. Kinder in Bewegung \u2013 ein \u00dcberblick<\/a><\/strong><br \/>\n3.1. So h\u00e4ngen Lernen und Bewegung zusammen<\/p>\n<\/div><\/section><\/div><\/p>\n\n<style type=\"text\/css\" data-created_by=\"avia_inline_auto\" id=\"style-css-av-1exyr7l-b5ae665db3079c8c6c43a89ca03d440d\">\n.flex_column.av-1exyr7l-b5ae665db3079c8c6c43a89ca03d440d{\nborder-radius:0px 0px 0px 0px;\npadding:0 0 0 0;\n}\n<\/style>\n<div  class='flex_column av-1exyr7l-b5ae665db3079c8c6c43a89ca03d440d av_two_fifth  avia-builder-el-12  el_after_av_three_fifth  el_before_av_sidebar  flex_column_div av-zero-column-padding  column-top-margin'     ><\/div>\n<div  class='avia-builder-widget-area clearfix  avia-builder-el-13  el_after_av_two_fifth  el_before_av_one_full '><div id=\"text-34\" class=\"widget clearfix widget_text\">\t\t\t<div class=\"textwidget\"><p><a href=\"https:\/\/www.backwinkel.de\/nachhaltig-denken\/\" target=\"\\_blank\" rel=\"noopener\"><br \/>\n<img decoding=\"async\" class=\"werbung-desktop alignnone wp-image-4186 size-full\" src=\"https:\/\/www.backwinkel.de\/blog\/wp-content\/uploads\/2026\/04\/Backwinkel-blog-werbebanner-shop-schule_desktop.jpg\" alt=\"\" width=\"1251\" height=\"201\" \/><br \/>\n<\/a><br \/>\n<a href=\"https:\/\/www.backwinkel.de\/nachhaltig-denken\/\" target=\"\\_blank\" rel=\"noopener\"><br \/>\n<img decoding=\"async\" class=\"werbung-mobile alignnone wp-image-4187 size-full\" src=\"https:\/\/www.backwinkel.de\/blog\/wp-content\/uploads\/2026\/04\/Backwinkel-blog-werbebanner-shop-schule_mobile.jpg\" alt=\"\" width=\"550\" height=\"500\" \/><br \/>\n<\/a><\/p>\n<\/div>\n\t\t<\/div><\/div>\n\n<style type=\"text\/css\" data-created_by=\"avia_inline_auto\" id=\"style-css-av-1bv2rsh-326e2ca3892a6a8df47445b40df87323\">\n.flex_column.av-1bv2rsh-326e2ca3892a6a8df47445b40df87323{\nborder-radius:0px 0px 0px 0px;\npadding:0px 0px 0px 0px;\n}\n<\/style>\n<div  class='flex_column av-1bv2rsh-326e2ca3892a6a8df47445b40df87323 av_one_full  avia-builder-el-14  el_after_av_sidebar  el_before_av_one_full  first flex_column_div av-zero-column-padding  '     ><section  class='av_textblock_section av-19vu1jl-9bee2d22119060303c641f4e5510b1dd '  ><div class='avia_textblock' >\n<style type=\"text\/css\" data-created_by=\"avia_inline_auto\" id=\"style-css-av-181ukkh-5165112450aa60e767902c5135a3a426\">\n#top .hr.hr-invisible.av-181ukkh-5165112450aa60e767902c5135a3a426{\nheight:20px;\n}\n<\/style>\n<div  class='hr av-181ukkh-5165112450aa60e767902c5135a3a426 hr-invisible  avia-builder-el-16  avia-builder-el-no-sibling '><span class='hr-inner '><span class=\"hr-inner-style\"><\/span><\/span><\/div>\n<h2 id=\"1\" class=\"position\">Mobile M\u00f6bel f\u00fcrs Bewegte Lernen<\/h2>\n<p>Ob Drehtafeln, Drehst\u00fchle, mobile Tische, B\u00e4nke, Regale, B\u00fccherwagen, Sitzkissen und vieles mehr \u2013 jedes M\u00f6belst\u00fcck, das aus einem Klassenzimmer nicht wegzudenken ist, existiert meist auch in einer beweglichen Variante. Solch flexibles Mobiliar bewegen Sie und Ihre SuS kinderleicht. Beim gemeinsamen Umr\u00e4umen sind alle einbezogen und mit ein wenig \u00dcbung richten Sie blitzschnell unterschiedliche Lernr\u00e4ume ein. So schaffen Sie gemeinsam Raum f\u00fcr mehr Bewegung. Einzeltische arrangieren Sie zu beliebigen Tischgruppen, aber auch Klapptische sind eine tolle M\u00f6glichkeit, um gemeinsam in der Gruppe zu arbeiten.<\/p>\n<p>Stellw\u00e4nde oder mobile Regale sind perfekt geeignet, um den Raum in mehrere Einzelbereiche aufzuteilen. So k\u00f6nnen die Kinder sich besser konzentrieren und die Lernumgebung wirkt gleichzeitig gem\u00fctlicher, denn bei aller Flexibilit\u00e4t soll nat\u00fcrlich die Entspannung im Vordergrund stehen und nicht das Gef\u00fchl aufkommen, st\u00e4ndig im Umbau zu sein.<\/p>\n<h3>Variable Lernr\u00e4ume<\/h3>\n<p>F\u00fcr den Anfang reicht es, wenn Sie sich auf einige wenige Ideen konzentrieren. So \u00fcberfordern Sie die Kinder nicht mit zu viel Ver\u00e4nderung und k\u00f6nnen Ihre geplanten Lernr\u00e4ume gut durchdenken. \u00dcberlegen Sie sich, f\u00fcr welches Fach Sie den variablen Lernraum nutzen wollen und welche Aktivit\u00e4ten im Vordergrund stehen sollen.<\/p>\n<p>Bauen Sie bestimmte Lernr\u00e4ume fest in Ihren Stunden- oder Wochenplan ein. Das gibt den Kindern Sicherheit und Struktur und Sie k\u00f6nnen besser auf die Bed\u00fcrfnisse Ihrer SuS eingehen. Wenn Sie z. B. am Montagmorgen feststellen, dass viele Kinder aufgekratzt sind, beginnen Sie die Woche am besten mit einem Bewegungsspiel. Gegen nachlassende Konzentration am Nachmittag oder gen Wochenende hilft vielleicht ein Hindernisparcours, kombiniert mit einem Rechen- oder Rechtschreibspiel. Kopfrechnen gepaart mit Bewegung eignet sich hervorragend, um morgens die M\u00fcdigkeit zu vertreiben. Und Entspannungs\u00fcbungen wie Meditation oder Traumreisen k\u00f6nnen nicht nur die Aufregungen vor Klassenarbeiten lindern, sondern sind auch eine tolle Belohnung nach vollbrachter Leistung.<\/p>\n<p>Zum Einstieg haben wir Ihnen einige Ideen f\u00fcr Bewegungsspiele in variablen Lernr\u00e4umen zusammengestellt:<\/p>\n<p><strong>\u2022 Stationenlernen<br \/>\n<\/strong>Bereiten Sie rollbare Schr\u00e4nkchen oder Materialboxen in den Ecken des Klassenraums mit verschiedenen Utensilien zu einem Thema vor: Arbeitsbl\u00e4tter, Spiele, Bilder oder Bastelmaterial. Vielleicht richten Sie in der Mitte die Lernzentrale ein, in der sich die Kinder Hilfe suchen k\u00f6nnen, wenn sie Fragen haben oder nicht weiterkommen. Das kann z. B. Ihr eigener Arbeitsplatz sein, zusammen mit ein paar zus\u00e4tzlichen Arbeitsbl\u00e4ttern oder einem Buch, das ein bestimmtes Thema n\u00e4her erkl\u00e4rt.<\/p>\n<p>Die Kinder k\u00f6nnen mit ihren Sitzkissen oder Teppichen von Station zu Station ziehen und diese im jeweiligen Bereich des Klassenraums bearbeiten. Dabei ist es von Vorteil, wenn die Materialen der Station vor\u00fcbergehend entnommen werden k\u00f6nnen, damit es nicht zu Staus und Wartezeiten kommt. Nat\u00fcrlich k\u00f6nnen Sie dank mobiler Tische auch einfach Gruppentische als Arbeitsstationen arrangieren.<\/p>\n<p><strong>\u2022 Laufdiktat in Deutsch<br \/>\n<\/strong>Laufdiktate funktionieren besser und ger\u00e4uschloser, wenn ausreichend Platz zur Verf\u00fcgung steht. Gestalten Sie Ihren Klassenraum entsprechend, z. B. durch Arbeitspl\u00e4tze in der Mitte des Raums und verteilen Sie einzelne Textabschnitte des Diktats. Sie k\u00f6nnen zudem Kleingruppentische einrichten, die jeweils einen eigenen Text bekommen.<\/p>\n<p>Bestimmt haben Ihre Kinder auch Spa\u00df daran, ein Tafelbild oder einen L\u00fcckentext an der Tafel oder auf dem Whiteboard zu vervollst\u00e4ndigen. Wer die richtige L\u00f6sung eingetragen hat, gibt Kreide oder Stift an ein anderes Kind weiter, das sich meldet. So l\u00f6st die Klasse gemeinsam schriftlich eine \u00dcbung, die anschlie\u00dfend alle ins Heft \u00fcbertragen k\u00f6nnen.<\/p>\n<p><strong>\u2022 Hindernisparcours in Mathe<br \/>\n<\/strong>Peppen Sie den Klassiker \u00bbEckenrechnen\u00ab mit einem Hindernisparcours auf. Die Kinder balancieren auf kleinen B\u00e4nken, krabbeln unter Tischen hindurch oder h\u00fcpfen von Teppichfliese zu Teppichfliese, bevor sie die n\u00e4chste Ecke erreichen. So kombinieren Sie Hirnsport mit vielf\u00e4ltigen Bewegungen.<\/p>\n<p><strong>\u2022 Bewegungsspiele in Englisch<br \/>\n<\/strong>Gerade zu Beginn des Englischunterrichts stehen oft Singen und Tanzen auf dem Plan. Schieben Sie nicht erforderliche M\u00f6bel in den hinteren Bereich des Klassenzimmers oder an die Wand und sammeln Sie sich mit Ihren Kindern in einem gro\u00dfen Kreis. So entsteht eher das Gemeinschaftsgef\u00fchl.<\/p>\n<p>Zum Thema Bewegungsspiele in Englisch gibt es zahlreiche B\u00fccher mit vielen tollen Anregungen. St\u00f6bern Sie einfach mal durchs Internet. Durch die k\u00f6rperliche Bewegung lernen die Kinder \u00fcber mehrere Kan\u00e4le und verankern neues Wissen besser. Auch altbekannte Spiele wie Pantomime eignen sich super f\u00fcr den fr\u00fchen Englischunterricht und machen im Kreis riesigen Spa\u00df.<\/p>\n<p><strong>\u2022 Traumreisen zur Entspannung<br \/>\n<\/strong>Daf\u00fcr eignen sich Matten oder Sitzs\u00e4cke, auf denen die Kinder es sich bequem machen. M\u00f6bel, die Sie nicht nutzen, schieben Sie an die Wand und genie\u00dfen in der Mitte des Klassenzimmers Ihre Traumzeit. Wichtig ist vor allem, dass die Kinder eine bequeme Position finden und zur Ruhe kommen. Mit Stellw\u00e4nden, Paravents oder anderen mobilen M\u00f6belst\u00fccken schirmen Sie Ihre Traumgruppe ab, z. B. vom Eingangsbereich oder den \u00fcbrigen M\u00f6beln.<\/p>\n<h3>Praktische Tipps \u2013 so gelingt das gemeinsame Umr\u00e4umen spielend<\/h3>\n<p>Entdecken Sie in unserem klimaneutralen <a href=\"https:\/\/www.backwinkel.de\/\" target=\"_blank\" rel=\"noopener\">Onlineshop<\/a> die Rubrik <a href=\"https:\/\/www.backwinkel.de\/cat\/themenwelt-bewegliches-klassenzimmer\/\" target=\"_blank\" rel=\"noopener\">Bewegliches Klassenzimmer<\/a>. Dank Rollen positionieren Sie die M\u00f6bel mit Ihren SuS schnell, einfach und ohne Kraftaufwand immer wieder neu. Sobald die Kinder die Abl\u00e4ufe des Umr\u00e4umens f\u00fcr eine bestimmte Lernumgebung kennen, gestalten Sie den Vorgang mit kleinen Spielen kurzweiliger, z. B.:<\/p>\n<p><strong>\u2022 Versteinern<\/strong>: Auf ein akustisches Signal hin (z. B. Klingel, Gl\u00f6ckchen, Klatschen) halten alle in ihrer momentanen Bewegung inne, bis das Signal erneut ert\u00f6nt. So entstehen witzige Momentaufnahmen und die Kinder schulen spielend ihre Koordinationsf\u00e4higkeiten.<\/p>\n<p><strong>Bewegt euch wie \u2026<\/strong>: Geben Sie Ihren Kindern den Auftrag, sich beim Umbauen auf eine bestimmte Weise zu bewegen. Dabei sind der Fantasie keine Grenzen gesetzt: eine Katze, ein Frosch, eine Elfe, ein Riese, ein Flugzeug \u2013 bestimmt haben auch die Kinder noch eigene Ideen.<\/p>\n<p><strong>Rakete oder auf leisen Sohlen<\/strong>: Legen Sie den Fokus auf ein m\u00f6glichst schnelles Umr\u00e4umen und stoppen Sie die Zeit. Um ihren eigenen Rekord zu unterbieten, leiten Sie die Kinder an, sich untereinander zu koordinieren. Das f\u00f6rdert Kommunikation und Teamf\u00e4higkeit. M\u00f6chten Sie den Fokus auf ein m\u00f6glichst lautloses Umr\u00e4umen legen, lassen Sie die Kinder M\u00e4uschen spielen und verwenden Sie untereinander nonverbale Gesten f\u00fcr Anweisungen und Absprachen.<\/p>\n<h3>Raum f\u00fcr Bewegung<\/h3>\n<p>Wenn Sie auf mobile M\u00f6bel setzen, werden Sie vermutlich im Laufe Ihrer \u00dcberlegungen feststellen, dass Sie bestimmte schon vorhandene M\u00f6bel nicht mehr brauchen. Nutzen Sie die Chance, um auszusortieren \u2013 vielleicht werden die M\u00f6bel in anderen Funktionsr\u00e4umen gebraucht. So schaffen Sie mehr Platz und Flexibilit\u00e4t f\u00fcr Ihr Bewegtes Klassenzimmer und k\u00f6nnen im besten Fall ganz neue Bereiche einrichten, z. B. eine Forscherecke, einen Technikbereich oder ein Aquarium.<\/p>\n<\/div><\/section><\/div>\n\n<style type=\"text\/css\" data-created_by=\"avia_inline_auto\" id=\"style-css-av-16tyxa9-959be13241dcbe7c905a4e9c0bd6fa39\">\n.flex_column.av-16tyxa9-959be13241dcbe7c905a4e9c0bd6fa39{\nborder-radius:0px 0px 0px 0px;\npadding:0px 0px 0px 0px;\n}\n<\/style>\n<div  class='flex_column av-16tyxa9-959be13241dcbe7c905a4e9c0bd6fa39 av_one_full  avia-builder-el-17  el_after_av_one_full  el_before_av_one_full  first flex_column_div av-zero-column-padding  column-top-margin'     ><section  class='av_textblock_section av-144eeo1-6c4135e63a04075f1ad58bf397339ec9 '  ><div class='avia_textblock' >\n<style type=\"text\/css\" data-created_by=\"avia_inline_auto\" id=\"style-css-av-139l0e9-88b786adaa9e06d8961d8cc87aec9e78\">\n#top .hr.hr-invisible.av-139l0e9-88b786adaa9e06d8961d8cc87aec9e78{\nheight:20px;\n}\n<\/style>\n<div  class='hr av-139l0e9-88b786adaa9e06d8961d8cc87aec9e78 hr-invisible  avia-builder-el-19  el_before_av_hr  avia-builder-el-first '><span class='hr-inner '><span class=\"hr-inner-style\"><\/span><\/span><\/div>\n<h2 id=\"2\" class=\"position\">Vorteile des bewegten Klassenzimmers<\/h2>\n<p>Ein Bewegtes Klassenzimmer ist mehr als mobile M\u00f6bel und Raum f\u00fcr Bewegung, obwohl die passenden M\u00f6bel Grundvoraussetzung f\u00fcr eine erfolgreiche Umsetzung sind. Dieses Konzept hat zahlreiche positive Einfl\u00fcsse auf die Entwicklung der Kinder, z. B. diese:<\/p>\n<ul>\n<li>Sitzgelegenheiten wie ergonomische Hocker, Sitzb\u00e4lle oder Sitzkissen f\u00f6rdern die richtige Haltung<\/li>\n<li>unterschiedliche Lernr\u00e4ume regen die Sinne der Kinder an<\/li>\n<li>Bewegung wird in den Unterricht integriert und f\u00f6rdert sowohl Koordination als auch Konzentration, Aufmerksamkeit, Teamf\u00e4higkeit, Kreativit\u00e4t, Selbstst\u00e4ndigkeit und Fitness<\/li>\n<li>Stressabbau durch k\u00f6rperliche Bet\u00e4tigung<\/li>\n<li>entspricht dem kindlichen Bewegungsdrang<\/li>\n<li>schafft f\u00fcr jede Unterrichtsmethode schnell die richtige Situation<\/li>\n<li>Sie f\u00f6rdern Kinder leichter individuell<\/li>\n<li>Lernfreude und Schulzufriedenheit nehmen zu<\/li>\n<\/ul>\n<h3>Die Idee des Bewegten Klassenzimmers und das Bochumer Modell<\/h3>\n<p>Als Begr\u00fcnder des Konzepts der Bewegten Schule gilt der Schweizer Urs Illi, der Anfang der 1980er Jahre das traditionelle Unterrichten im Sitzen ver\u00e4ndern und mehr Bewegung in den Schulalltag bringen wollte.<\/p>\n<p>In den 1990er Jahren entstand in Deutschland eine p\u00e4dagogische Bewegung, die auf die zunehmenden gesundheitlichen Probleme bei Kindern reagierte, indem sie k\u00f6rperliche Bet\u00e4tigung st\u00e4rker im Schulalltag verankerte. Im Rahmen verschiedener Projekte wurden Bewegungselemente in den Unterricht integriert, um dem nat\u00fcrlichen Bewegungsdrang der Kinder zu entsprechen und gleichzeitig die Lernbedingungen zu verbessern.<\/p>\n<p>Daraus entwickelte sich einige Jahre sp\u00e4ter unter Dr. Wolfgang-M. Auer, einem erfahrenen Waldorflehrer, das Bochumer Modell, das 1998 erstmalig in der Praxis angewandt wurde. Im Fokus des Bochumer Modells stehen <strong>5 Aspekte<\/strong>:<\/p>\n<ol>\n<li>Die Nachreifung der Sinne, da diese nicht mehr durch ausreichendes freies Spiel gef\u00f6rdert werden<\/li>\n<li>Bewegung durch M\u00f6bel wie Sitzkissen und B\u00e4nkchen f\u00fcr mehr Freiraum<\/li>\n<li>Die Rolle des Klassenlehrers als Bezugsperson zur F\u00f6rderung der Bindungsf\u00e4higkeit und Sozialkompetenz<\/li>\n<li>Rhythmus (bezogen auf den Stundenplan: Die einzelnen F\u00e4cher finden jeweils an einem bestimmten Tag zur selben Uhrzeit statt.)<\/li>\n<li>Lebenspflege, z. B. durch gemeinsame Mahlzeiten und respektvollen Umgang<\/li>\n<\/ol>\n<p>Diese Ans\u00e4tze lassen sich perfekt mit Unterrichtsformen abseits des Frontalunterrichts verbinden. Bewegte Klassenzimmer bieten ideale Voraussetzungen f\u00fcr Projektarbeit, das Arbeiten nach Wochenpl\u00e4nen oder in Gruppen. Somit stehen die Sch\u00fcler mit ihren Interessen und F\u00e4higkeiten im Vordergrund.<\/p>\n<p>In den letzten Jahren gewinnt das Thema Bewegte Schule immer mehr an Bedeutung und wird an vielen Schulen auch au\u00dferhalb der Waldorf-P\u00e4dagogik erfolgreich umgesetzt. Mit steigender Nachfrage wurde auch das erforderliche Mobiliar weiterentwickelt und immer vielf\u00e4ltiger. Heute gibt es eine breite Auswahl an beweglichen M\u00f6beln f\u00fcr Kindergarten und Grundschule. St\u00f6bern Sie gern durch unseren <a href=\"https:\/\/www.backwinkel.de\/cat\/schulmoebel-ausstattung\/\" target=\"_blank\" rel=\"noopener\">klimaneutralen Onlineshop<\/a> und lassen Sie sich inspirieren.<\/p>\n\n<style type=\"text\/css\" data-created_by=\"avia_inline_auto\" id=\"style-css-av-139l0e9-1-c7056a9cc33119885cc1a71055f4787c\">\n#top .hr.hr-invisible.av-139l0e9-1-c7056a9cc33119885cc1a71055f4787c{\nheight:20px;\n}\n<\/style>\n<div  class='hr av-139l0e9-1-c7056a9cc33119885cc1a71055f4787c hr-invisible  avia-builder-el-20  el_after_av_hr  avia-builder-el-last '><span class='hr-inner '><span class=\"hr-inner-style\"><\/span><\/span><\/div>\n<h2 id=\"3\" class=\"position\">Kinder in Bewegung \u2013 ein \u00dcberblick<\/h2>\n<p>Die Weltgesundheitsorganisation WHO empfiehlt f\u00fcr Kinder und Jugendliche eine t\u00e4gliche Bewegungsdauer von mindestens 60 Minuten, doch weltweit bewegen sich 80 % der Zielgruppe <strong>nicht<\/strong> ausreichend. Die Pandemie und der dadurch ausfallende Schulsport und Schulweg sowie der Ausfall von Vereinssport haben die Lage noch verschlimmert \u2013 in Deutschland sind 70 % der Kinder in Sportvereinen.<\/p>\n<p>Die aktuelle Emotikon-Studie aus Brandenburg kommt zu dem Ergebnis, dass sich Ausdauer, Koordination und Muskelkraft bei Kindern in den letzten Jahrzehnten drastisch verschlechtert haben \u2013 nicht nur bei Stadtkindern, denn auch auf dem Land steigt die Bildschirmzeit auf Kosten der k\u00f6rperlichen Aktivit\u00e4t. 222 Minuten t\u00e4glich verbringen Kinder und Jugendliche im Alter von 4 bis 17 Jahren durchschnittlich am Bildschirm.<\/p>\n<p>Auch Haltungssch\u00e4den, \u00dcbergewicht sowie Herz- und Kreislaufschw\u00e4chen nehmen bei Kindern zu. Im Jahr 2017 war laut Robert-Koch-Institut rund ein Viertel der Kinder zwischen 5 und 10 Jahren \u00fcbergewichtig, knapp 10 % adip\u00f6s. Im Alter von 11 bis 13 Jahren lag der Anteil der \u00fcbergewichtigen Kinder bei knapp einem Drittel, w\u00e4hrend der Anteil der adip\u00f6sen Kinder unver\u00e4ndert blieb.<\/p>\n<p>Wer schon in seiner Kindheit unter Bewegungsmangel leidet, wird auch als Erwachsener selten k\u00f6rperlich aktiv. Somit hat das Bewegungsverhalten von Kindern einen nachhaltigen Einfluss auf ihr gesamtes weiteres Leben, Krankheiten und steigendes Verletzungsrisiko inbegriffen.<\/p>\n<p>Daher fordern Experten gezielte F\u00f6rderma\u00dfnahmen an Schulen, um dem fortschreitenden Bewegungsmangel entgegenzuwirken. Es gibt sogar die Idee, k\u00f6rperliches Training per Rezept zu verschreiben, denn sportliche Aktivit\u00e4ten haben ganzheitlich positivere Auswirkungen auf das Wohlbefinden von K\u00f6rper und Geist als Medikamente es herstellen k\u00f6nnten.<\/p>\n<p>Somit ist die Idee von mehr Bewegung im Unterricht so aktuell wie nie. Je mehr k\u00f6rperliche Bet\u00e4tigung Sie Ihren Kindern im Schulalltag erm\u00f6glichen, umso gr\u00f6\u00dfer ist der Beitrag zur Gesundheit der Kinder \u2013 jetzt und als Erwachsene.<\/p>\n<h3>So h\u00e4ngen Lernen und Bewegung zusammen<\/h3>\n<p>Bewegung versorgt unser Hirn mit Sauerstoff und f\u00f6rdert damit unsere Aufmerksamkeit. Gleichzeitig beg\u00fcnstigt Bewegung die Informationsspeicherung und<br \/>\n-verarbeitung, weil an diesem Vorgang die motorischen Zentren des Gehirns beteiligt sind.<\/p>\n<p>Generell gilt: Eine gute Motorik wirkt sich positiv auf kognitive F\u00e4higkeiten und akademische Leistungen aus. Daher kann eine funktionierende Motorik als Grundstein f\u00fcr eine positive Entwicklung angesehen werden, der so fr\u00fch wie m\u00f6glich gelegt werden sollte. Unser hochwertiges, bewegliches Mobiliar unterst\u00fctzt Sie dabei, gemeinsam mit Ihren Kindern k\u00f6rperlich fit(ter) zu werden und es zu bleiben \u2013 erh\u00f6hter Lernspa\u00df inklusive.<\/p>\n<\/div><\/section><\/div>\n\n<style type=\"text\/css\" data-created_by=\"avia_inline_auto\" id=\"style-css-av-112gxj5-24aad1af6b0edfd07ac2621bf5e1b779\">\n.flex_column.av-112gxj5-24aad1af6b0edfd07ac2621bf5e1b779{\nborder-radius:0px 0px 0px 0px;\npadding:10px 10px 10px 10px;\nbackground-color:#e0f1b4;\n}\n<\/style>\n<div  class='flex_column av-112gxj5-24aad1af6b0edfd07ac2621bf5e1b779 av_one_full  avia-builder-el-21  el_after_av_one_full  el_before_av_one_third  first flex_column_div  column-top-margin'     ><style type=\"text\/css\" data-created_by=\"avia_inline_auto\" id=\"style-css-av-zhzysx-7bfca315d7b07f9484147d02cab39bf9\">\n#top .av_textblock_section.av-zhzysx-7bfca315d7b07f9484147d02cab39bf9 .avia_textblock{\nfont-size:18px;\n}\n<\/style>\n<section  class='av_textblock_section av-zhzysx-7bfca315d7b07f9484147d02cab39bf9 '  ><div class='avia_textblock' ><p><strong>Tipp:<\/strong> Besuchen Sie in unserem klimaneutralen Onlineshop die Kategorie \u00bb<a href=\"https:\/\/www.backwinkel.de\/cat\/schulmoebel-ausstattung\/\" target=\"_blank\" rel=\"noopener\">Schulm\u00f6bel &amp; Ausstattung<\/a>\u00ab. Entdecken Sie darin die Rubrik \u00bb<a href=\"https:\/\/www.backwinkel.de\/cat\/themenwelten\/\" target=\"_blank\" rel=\"noopener\">Themenwelten<\/a>\u00ab mit den Bereichen \u00bb<a href=\"https:\/\/www.backwinkel.de\/cat\/themenwelt-bewegliches-klassenzimmer\/\" target=\"_blank\" rel=\"noopener\">Bewegliches Klassenzimmer<\/a>\u00ab, \u00bb<a href=\"https:\/\/www.backwinkel.de\/cat\/themenwelt-bewegung-macht-spass\/\" target=\"_blank\" rel=\"noopener\">Bewegung macht Spa\u00df<\/a>\u00ab und \u00bb<a href=\"https:\/\/www.backwinkel.de\/cat\/themenwelt-ergonomisch-sitzen\/\" target=\"_blank\" rel=\"noopener\">Ergonomisch sitzen<\/a>\u00ab. Lassen Sie sich inspirieren und bringen Sie die Freude an Bewegung in Ihr Klassenzimmer.<\/p>\n<\/div><\/section><\/div>\n<div class='flex_column_table av-jxcy3x4s-fc5d4ad95756edaabc2bc972666892fb sc-av_one_third av-equal-height-column-flextable'>\n<style type=\"text\/css\" data-created_by=\"avia_inline_auto\" id=\"style-css-av-jxcy3x4s-fc5d4ad95756edaabc2bc972666892fb\">\n.flex_column.av-jxcy3x4s-fc5d4ad95756edaabc2bc972666892fb{\nborder-width:1px;\nborder-color:#ebebeb;\nborder-style:solid;\nborder-radius:0px 0px 0px 0px;\npadding:10px 10px 10px 10px;\n}\n<\/style>\n<div  class='flex_column av-jxcy3x4s-fc5d4ad95756edaabc2bc972666892fb av_one_third  avia-builder-el-23  el_after_av_one_full  el_before_av_one_third  first flex_column_table_cell av-equal-height-column av-align-top  column-top-margin'     ><p><section  class='av_textblock_section av-jxcz48fa-e3a8c428ebf631dbb5e2b3914e95c36c '  ><div class='avia_textblock' ><p><a href=\"https:\/\/blog.backwinkel.de\/wp-content\/uploads\/2021\/08\/63405-Tisch-Lernflex-1-Trapez.jpg\"><img decoding=\"async\" class=\"alignnone wp-image-16394 size-full\" src=\"https:\/\/blog.backwinkel.de\/wp-content\/uploads\/2021\/08\/63405-Tisch-Lernflex-1-Trapez.jpg\" alt=\"\" width=\"500\" height=\"350\" \/><\/a><\/p>\n<p style=\"font-size: 20px; font-family: urw_grotesk_extra_narrowrg; text-align: left;\">S\u00e4ulentisch, fahr- und klappbar<\/p>\n<p style=\"text-align: left;\"><div  class='avia-button-wrap av-8ssthn-5f91029722bb440e74447d583790e6c5-wrap avia-button-center  avia-builder-el-25  avia-builder-el-no-sibling '><a href='https:\/\/www.backwinkel.de\/prod\/lernflex-1-trapeztisch.html'  class='avia-button av-8ssthn-5f91029722bb440e74447d583790e6c5 av-link-btn avia-icon_select-no avia-size-medium avia-position-center avia-color-theme-color'  target=\"_blank\"  rel=\"noopener noreferrer\"  aria-label=\"zum Produkt\"><span class='avia_iconbox_title' >zum Produkt<\/span><\/a><\/div><\/p>\n<\/div><\/section><br \/>\n\n<style type=\"text\/css\" data-created_by=\"avia_inline_auto\" id=\"style-css-av-jkuvdh82-4f37b1a2f5bf0c7f14df31e178d6014c\">\n#top .hr.hr-invisible.av-jkuvdh82-4f37b1a2f5bf0c7f14df31e178d6014c{\nheight:20px;\n}\n<\/style>\n<div  class='hr av-jkuvdh82-4f37b1a2f5bf0c7f14df31e178d6014c hr-invisible  avia-builder-el-26  el_after_av_textblock  avia-builder-el-last '><span class='hr-inner '><span class=\"hr-inner-style\"><\/span><\/span><\/div><\/p><\/div>\n<div class='av-flex-placeholder'><\/div>\n<style type=\"text\/css\" data-created_by=\"avia_inline_auto\" id=\"style-css-av-djxjc1-87b08d3674ecbe6a908e42a29a709203\">\n.flex_column.av-djxjc1-87b08d3674ecbe6a908e42a29a709203{\nborder-width:1px;\nborder-color:#ebebeb;\nborder-style:solid;\nborder-radius:0px 0px 0px 0px;\npadding:10px 10px 10px 10px;\n}\n<\/style>\n<div  class='flex_column av-djxjc1-87b08d3674ecbe6a908e42a29a709203 av_one_third  avia-builder-el-27  el_after_av_one_third  el_before_av_one_third  flex_column_table_cell av-equal-height-column av-align-top  column-top-margin'     ><p><section  class='av_textblock_section av-cq2075-a9a098fe3a11978454ef0bf6f1f89aa3 '  ><div class='avia_textblock' ><p><a href=\"https:\/\/www.backwinkel.de\/prod\/klassenzimmerregal-99-1-x-143-9-x-48-mit-16-gratnells-boxen-und-2-boeden.html\" target=\"_blank\" rel=\"noopener\"><img decoding=\"async\" class=\"alignnone wp-image-7705 size-full\" src=\"https:\/\/blog.backwinkel.de\/wp-content\/uploads\/2021\/08\/80341.jpg\" alt=\"\" width=\"500\" height=\"350\" \/><\/a><\/p>\n<p style=\"font-size: 20px; font-family: urw_grotesk_extra_narrowrg; text-align: left;\">Klassenzimmerregal<\/p>\n<p style=\"text-align: left;\"><div  class='avia-button-wrap av-aas2mp-4e7c52d9caddefa83b912050e32ed53f-wrap avia-button-center  avia-builder-el-29  avia-builder-el-no-sibling '><a href='https:\/\/www.backwinkel.de\/prod\/klassenzimmerregal-99-1-x-143-9-x-48-mit-16-gratnells-boxen-und-2-boeden.html'  class='avia-button av-aas2mp-4e7c52d9caddefa83b912050e32ed53f av-link-btn avia-icon_select-no avia-size-medium avia-position-center avia-color-theme-color'  target=\"_blank\"  rel=\"noopener noreferrer\"  aria-label=\"zum Produkt\"><span class='avia_iconbox_title' >zum Produkt<\/span><\/a><\/div><\/p>\n<\/div><\/section><br \/>\n\n<style type=\"text\/css\" data-created_by=\"avia_inline_auto\" id=\"style-css-av-9l606p-d844ebf74d0c4fd1b9ea0f6fd260d539\">\n#top .hr.hr-invisible.av-9l606p-d844ebf74d0c4fd1b9ea0f6fd260d539{\nheight:20px;\n}\n<\/style>\n<div  class='hr av-9l606p-d844ebf74d0c4fd1b9ea0f6fd260d539 hr-invisible  avia-builder-el-30  el_after_av_textblock  avia-builder-el-last '><span class='hr-inner '><span class=\"hr-inner-style\"><\/span><\/span><\/div><\/p><\/div>\n<div class='av-flex-placeholder'><\/div>\n<style type=\"text\/css\" data-created_by=\"avia_inline_auto\" id=\"style-css-av-71iblt-76db2b81cdcd8c6b8092c4af78bc0e25\">\n.flex_column.av-71iblt-76db2b81cdcd8c6b8092c4af78bc0e25{\nborder-width:1px;\nborder-color:#ebebeb;\nborder-style:solid;\nborder-radius:0px 0px 0px 0px;\npadding:10px 10px 10px 10px;\n}\n<\/style>\n<div  class='flex_column av-71iblt-76db2b81cdcd8c6b8092c4af78bc0e25 av_one_third  avia-builder-el-31  el_after_av_one_third  el_before_av_hr  flex_column_table_cell av-equal-height-column av-align-top  column-top-margin'     ><p><section  class='av_textblock_section av-6lwc4h-ff6cfd5b7097777f237c24106572d15f '  ><div class='avia_textblock' ><p><a href=\"https:\/\/www.backwinkel.de\/prod\/gesundheitsstuhl-sanus-mit-stoffbezug-sitzhoehe-36-42-cm-pink-schwarz-36-43-cm.html\" target=\"_blank\" rel=\"noopener\"><img decoding=\"async\" class=\"alignnone wp-image-7704 size-full\" src=\"https:\/\/blog.backwinkel.de\/wp-content\/uploads\/2021\/08\/88838.png\" alt=\"\" width=\"500\" height=\"350\" \/><\/a><\/p>\n<p style=\"font-size: 20px; font-family: urw_grotesk_extra_narrowrg; text-align: left;\">Gesundheitsstuhl SANUS<sup>\u00ae<\/sup><\/p>\n<p style=\"text-align: left;\"><div  class='avia-button-wrap av-fnv5d-49bd8ffbe716504c4e93eb33b9515753-wrap avia-button-center  avia-builder-el-33  avia-builder-el-no-sibling '><a href='https:\/\/www.backwinkel.de\/prod\/gesundheitsstuhl-sanus-mit-stoffbezug-sitzhoehe-36-42-cm-pink-schwarz-36-43-cm.html'  class='avia-button av-fnv5d-49bd8ffbe716504c4e93eb33b9515753 av-link-btn avia-icon_select-no avia-size-medium avia-position-center avia-color-theme-color'  target=\"_blank\"  rel=\"noopener noreferrer\"  aria-label=\"zum Produkt\"><span class='avia_iconbox_title' >zum Produkt<\/span><\/a><\/div><\/p>\n<\/div><\/section><br \/>\n\n<style type=\"text\/css\" data-created_by=\"avia_inline_auto\" id=\"style-css-av-31o7kh-df3574a8c59f6f97b2fadfcde6b39281\">\n#top .hr.hr-invisible.av-31o7kh-df3574a8c59f6f97b2fadfcde6b39281{\nheight:20px;\n}\n<\/style>\n<div  class='hr av-31o7kh-df3574a8c59f6f97b2fadfcde6b39281 hr-invisible  avia-builder-el-34  el_after_av_textblock  avia-builder-el-last '><span class='hr-inner '><span class=\"hr-inner-style\"><\/span><\/span><\/div><\/p><\/div><\/div><!--close column table wrapper. Autoclose: 1 -->\n\n<style type=\"text\/css\" data-created_by=\"avia_inline_auto\" id=\"style-css-av-kf4a9t-e64d7beb84fe535cc565645a0c02b687\">\n#top .hr.av-kf4a9t-e64d7beb84fe535cc565645a0c02b687{\nmargin-top:10px;\nmargin-bottom:10px;\n}\n.hr.av-kf4a9t-e64d7beb84fe535cc565645a0c02b687 .hr-inner{\nwidth:500;\n}\n<\/style>\n<div  class='hr av-kf4a9t-e64d7beb84fe535cc565645a0c02b687 hr-custom  avia-builder-el-35  el_after_av_one_third  el_before_av_one_full  hr-left hr-icon-no'><span class='hr-inner inner-border-av-border-none'><span class=\"hr-inner-style\"><\/span><\/span><\/div>\n\n<style type=\"text\/css\" data-created_by=\"avia_inline_auto\" id=\"style-css-av-j356ch-04e4b29ccf67555b1f6b20912fbab2d7\">\n.flex_column.av-j356ch-04e4b29ccf67555b1f6b20912fbab2d7{\nborder-radius:0px 0px 0px 0px;\npadding:10px 10px 10px 10px;\nbackground-color:#f2f2f2;\n}\n<\/style>\n<div  class='flex_column av-j356ch-04e4b29ccf67555b1f6b20912fbab2d7 av_one_full  avia-builder-el-36  el_after_av_hr  el_before_av_one_full  first flex_column_div  '     ><section  class='av_textblock_section av-i43loh-20b6901680b091b65ee32d83ea34b827 '  ><div class='avia_textblock' ><p class=\"fussnoten-quellen\"><strong>Lesen Sie mehr:<\/strong><\/p>\n<p class=\"fussnoten-quellen\">Wolfgang-M. Auer, Das Bochumer Modell des Bewegten Klassenzimmers \u2013 Innovation in der Waldorfschule, Edition Waldorf (2017)<\/p>\n<p class=\"fussnoten-quellen\">Rita Becker-Leeser, Zentrale Aspekte des \u201eBeweglichen Klassenzimmers\u201c, Diplomarbeit, AfaP, (2009): <a href=\"https:\/\/afap.ch\/wp-content\/uploads\/2017\/07\/Diplomarbeit_Becker-Leeser_Rita.pdf\" target=\"_blank\" rel=\"noopener\">afap.ch\/wp-content\/uploads\/2017\/07\/Diplomarbeit_Becker-Leeser_Rita.pdf<\/a><\/p>\n<p class=\"fussnoten-quellen\">Sigrid Dordel, Dieter Breithecker: Bewegte Schule als Chance einer F\u00f6rderung der Lern- und Leistungsf\u00e4higkeit, In: Haltung und Bewegung 23 (2003): <a href=\"https:\/\/zfs.bildung.hessen.de\/bewegungsfoerdernde_schule\/links\/dordelbreithecker.pdf\" target=\"_blank\" rel=\"noopener\">zfs.bildung.hessen.de\/bewegungsfoerdernde_schule\/links\/dordelbreithecker.pdf<\/a><\/p>\n<p class=\"fussnoten-quellen\">Birgit Gegier: Kids\u2019 Corner \u2013 Bewegungsspiele in Englisch \u2013 1. Lernjahr, Verlag an der Ruhr (2004)<\/p>\n<p class=\"fussnoten-quellen\">Laging, Ralf, Schillack, Gerhard: Die Schule kommt in Bewegung: Konzepte und Untersuchungen zur Bewegten Schule; mit praktischen Beispielen aus der Sekundarstufe I, Schneider Hohengehren (2007)<\/p>\n<p class=\"fussnoten-quellen\">Einf\u00fchrung des Bewegten Klassenzimmers anhand von M\u00f6belsets f\u00fcr die Sch\u00fcler:<\/p>\n<p class=\"fussnoten-quellen\">Prof. Dr. Ralf Laging: Zwischenbericht zum Projekt \u201eBewegtes Klassenzimmer\u201c, Institut f\u00fcr Sportwissenschaft, Universit\u00e4t Magdeburg (2000) <a href=\"https:\/\/www.uni-marburg.de\/de\/fb21\/sportwissenschaft-motologie\/arbeitsbereiche\/dateien-buspaed\/zwischenbericht-bkz.pdf\" target=\"_blank\" rel=\"noopener\">www.uni-marburg.de\/de\/fb21\/sportwissenschaft-motologie\/arbeitsbereiche\/dateien-buspaed\/zwischenbericht-bkz.pdf<\/a><\/p>\n<p class=\"fussnoten-quellen\">Prof. Renate Zimmer: Besser lernen mit Bewegung (2019): <a href=\"https:\/\/www.tk.de\/techniker\/magazin\/familie\/kinder-und-jugendliche\/besser-lernen-mit-bewegung-2009494?tkcm=ab\" target=\"_blank\" rel=\"noopener\">www.tk.de\/techniker\/magazin\/life-balance\/familie\/besser-lernen-mit-bewegung-2009494?tkcm=ab<\/a><\/p>\n<p class=\"fussnoten-quellen\"><a href=\"https:\/\/www.ganztaegig-lernen.de\/zusammenhang-von-bewegung-und-lernen, (2006)\" target=\"_blank\" rel=\"noopener\">https:\/\/www.ganztaegig-lernen.de\/zusammenhang-von-bewegung-und-lernen, (2006)<\/a><\/p>\n<p class=\"fussnoten-quellen\">Anett Stein: Bewegungsmangel. Kinder werden zu schwach zum Spielen, (2021): <a href=\"https:\/\/www.spektrum.de\/news\/bewegungsmangel-kinder-werden-zu-schwach-zum-spielen\/1873012\" target=\"_blank\" rel=\"noopener\">www.spektrum.de\/news\/bewegungsmangel-kinder-werden-zu-schwach-zum-spielen\/1873012<\/a><\/p>\n<p>Rainer Radtke: Kinder und Jugendliche mit Gewichtsproblemen in Deutschland nach Alter im Jahr 2017, (2019):<br \/>\n<a href=\"https:\/\/de.statista.com\/statistik\/daten\/studie\/1070845\/umfrage\/kinder-und-jugendliche-mit-gewichtsproblemen-in-deutschland-nach-alter\/\" target=\"_blank\" rel=\"noopener\">de.statista.com\/statistik\/daten\/studie\/1070845\/umfrage\/kinder-und-jugendliche-mit-gewichtsproblemen-in-deutschland-nach-alter\/<\/a><\/p>\n<p>Beispiele aus dem bewegten Schulalltag: <a href=\"https:\/\/www.bewegte-schule-und-kita.de\/konzept\/bewegteSchule\/deutsch\/html\/konzept.html\" target=\"_blank\" rel=\"noopener\">www.bewegte-schule-und-kita.de\/konzept\/bewegteSchule\/deutsch\/html\/konzept.html<\/a><\/p>\n<\/div><\/section><\/div>\n\n<style type=\"text\/css\" data-created_by=\"avia_inline_auto\" id=\"style-css-av-f59slt-81e8e82e933148a7efd26812bde0b23c\">\n.flex_column.av-f59slt-81e8e82e933148a7efd26812bde0b23c{\nborder-radius:0px 0px 0px 0px;\npadding:10px 10px 10px 10px;\n}\n<\/style>\n<div  class='flex_column av-f59slt-81e8e82e933148a7efd26812bde0b23c av_one_full  avia-builder-el-38  el_after_av_one_full  el_before_av_one_full  first flex_column_div  column-top-margin'     ><section  class='av_textblock_section av-1euspt-b81d89648821b989f1176462612fa56d '  ><div class='avia_textblock' ><p class=\"copyright\"><strong>\u00a9 Copyright \u2013 Urheberrechtshinweis<\/strong><br \/>\nAlle Inhalte auf www.backwinkel.de sowie www.backwinkel.de\/blog, insbesondere Texte, Fotografien und Grafiken, sind urheberrechtlich gesch\u00fctzt.<br \/>\nDas Urheberrecht liegt, soweit nicht ausdr\u00fccklich anders gekennzeichnet, bei der BACKWINKEL GmbH. Bitte fragen Sie uns, falls Sie die Inhalte dieses Internetangebotes verwenden m\u00f6chten.<br \/>\nWer gegen das Urheberrecht verst\u00f6\u00dft (z. B. Bilder oder Texte unerlaubt kopiert), macht sich gem. \u00a7\u00a7 106 ff UrhG strafbar, wird zudem kostenpflichtig abgemahnt und muss Schadensersatz leisten (\u00a7 97 UrhG).<\/p>\n<\/div><\/section><\/div>\n\n<style type=\"text\/css\" data-created_by=\"avia_inline_auto\" id=\"style-css-av-1acby9-98c22ea53f7a5defc6f0713130c1b0cc\">\n.flex_column.av-1acby9-98c22ea53f7a5defc6f0713130c1b0cc{\nborder-radius:0px 0px 0px 0px;\npadding:0px 0px 0px 0px;\n}\n<\/style>\n<div  class='flex_column av-1acby9-98c22ea53f7a5defc6f0713130c1b0cc av_one_full  avia-builder-el-40  el_after_av_one_full  avia-builder-el-last  first flex_column_div av-zero-column-padding  column-top-margin'     ><p><section  class='av_textblock_section av-aoptwh-bb5446395b8d32d67f5ed49f3db49a7f '  ><div class='avia_textblock' ><div class=\"shariff shariff-align-left shariff-widget-align-left\"><ul class=\"shariff-buttons theme-color orientation-horizontal buttonsize-medium\"><li class=\"shariff-button whatsapp shariff-nocustomcolor\" style=\"background-color:#5cbe4a\"><a href=\"https:\/\/api.whatsapp.com\/send?text=https%3A%2F%2Fwww.backwinkel.de%2Fblog%2Fbewegtes-klassenzimmer%2F%20Bewegtes%20Klassenzimmer%3A\" title=\"Bei Whatsapp teilen\" aria-label=\"Bei Whatsapp teilen\" role=\"button\" rel=\"noopener nofollow\" class=\"shariff-link\" style=\"; background-color:#34af23; color:#fff\" target=\"_blank\"><span class=\"shariff-icon\" style=\"\"><svg width=\"32px\" height=\"20px\" xmlns=\"http:\/\/www.w3.org\/2000\/svg\" viewBox=\"0 0 32 32\"><path fill=\"#34af23\" d=\"M17.6 17.4q0.2 0 1.7 0.8t1.6 0.9q0 0.1 0 0.3 0 0.6-0.3 1.4-0.3 0.7-1.3 1.2t-1.8 0.5q-1 0-3.4-1.1-1.7-0.8-3-2.1t-2.6-3.3q-1.3-1.9-1.3-3.5v-0.1q0.1-1.6 1.3-2.8 0.4-0.4 0.9-0.4 0.1 0 0.3 0t0.3 0q0.3 0 0.5 0.1t0.3 0.5q0.1 0.4 0.6 1.6t0.4 1.3q0 0.4-0.6 1t-0.6 0.8q0 0.1 0.1 0.3 0.6 1.3 1.8 2.4 1 0.9 2.7 1.8 0.2 0.1 0.4 0.1 0.3 0 1-0.9t0.9-0.9zM14 26.9q2.3 0 4.3-0.9t3.6-2.4 2.4-3.6 0.9-4.3-0.9-4.3-2.4-3.6-3.6-2.4-4.3-0.9-4.3 0.9-3.6 2.4-2.4 3.6-0.9 4.3q0 3.6 2.1 6.6l-1.4 4.2 4.3-1.4q2.8 1.9 6.2 1.9zM14 2.2q2.7 0 5.2 1.1t4.3 2.9 2.9 4.3 1.1 5.2-1.1 5.2-2.9 4.3-4.3 2.9-5.2 1.1q-3.5 0-6.5-1.7l-7.4 2.4 2.4-7.2q-1.9-3.2-1.9-6.9 0-2.7 1.1-5.2t2.9-4.3 4.3-2.9 5.2-1.1z\"\/><\/svg><\/span><span class=\"shariff-text\">teilen<\/span>&nbsp;<\/a><\/li><li class=\"shariff-button facebook shariff-nocustomcolor\" style=\"background-color:#4273c8\"><a href=\"https:\/\/www.facebook.com\/sharer\/sharer.php?u=https%3A%2F%2Fwww.backwinkel.de%2Fblog%2Fbewegtes-klassenzimmer%2F\" title=\"Bei Facebook teilen\" aria-label=\"Bei Facebook teilen\" role=\"button\" rel=\"nofollow\" class=\"shariff-link\" style=\"; background-color:#3b5998; color:#fff\" target=\"_blank\"><span class=\"shariff-icon\" style=\"\"><svg width=\"32px\" height=\"20px\" xmlns=\"http:\/\/www.w3.org\/2000\/svg\" viewBox=\"0 0 18 32\"><path fill=\"#3b5998\" d=\"M17.1 0.2v4.7h-2.8q-1.5 0-2.1 0.6t-0.5 1.9v3.4h5.2l-0.7 5.3h-4.5v13.6h-5.5v-13.6h-4.5v-5.3h4.5v-3.9q0-3.3 1.9-5.2t5-1.8q2.6 0 4.1 0.2z\"\/><\/svg><\/span><span class=\"shariff-text\">teilen<\/span>&nbsp;<\/a><\/li><li class=\"shariff-button twitter shariff-nocustomcolor\" style=\"background-color:#595959\"><a href=\"https:\/\/twitter.com\/share?url=https%3A%2F%2Fwww.backwinkel.de%2Fblog%2Fbewegtes-klassenzimmer%2F&text=Bewegtes%20Klassenzimmer%3A\" title=\"Bei X teilen\" aria-label=\"Bei X teilen\" role=\"button\" rel=\"noopener nofollow\" class=\"shariff-link\" style=\"; background-color:#000; color:#fff\" target=\"_blank\"><span class=\"shariff-icon\" style=\"\"><svg width=\"32px\" height=\"20px\" xmlns=\"http:\/\/www.w3.org\/2000\/svg\" viewBox=\"0 0 24 24\"><path fill=\"#000\" d=\"M14.258 10.152L23.176 0h-2.113l-7.747 8.813L7.133 0H0l9.352 13.328L0 23.973h2.113l8.176-9.309 6.531 9.309h7.133zm-2.895 3.293l-.949-1.328L2.875 1.56h3.246l6.086 8.523.945 1.328 7.91 11.078h-3.246zm0 0\"\/><\/svg><\/span><span class=\"shariff-text\">teilen<\/span>&nbsp;<\/a><\/li><li class=\"shariff-button pinterest shariff-nocustomcolor\" style=\"background-color:#e70f18\"><a href=\"https:\/\/www.pinterest.com\/pin\/create\/link\/?url=https%3A%2F%2Fwww.backwinkel.de%2Fblog%2Fbewegtes-klassenzimmer%2F&media=https%3A%2F%2Fwww.backwinkel.de%2Fblog%2Fwp-content%2Fuploads%2F2021%2F08%2Fbackwinkel-blog-bewegtes-klassenzimmer-heroimage.jpg&description=Bewegtes%20Klassenzimmer%3A\" title=\"Bei Pinterest pinnen\" aria-label=\"Bei Pinterest pinnen\" role=\"button\" rel=\"noopener nofollow\" class=\"shariff-link\" style=\"; background-color:#cb2027; color:#fff\" target=\"_blank\"><span class=\"shariff-icon\" style=\"\"><svg width=\"32px\" height=\"20px\" xmlns=\"http:\/\/www.w3.org\/2000\/svg\" viewBox=\"0 0 27 32\"><path fill=\"#cb2027\" d=\"M27.4 16q0 3.7-1.8 6.9t-5 5-6.9 1.9q-2 0-3.9-0.6 1.1-1.7 1.4-2.9 0.2-0.6 1-3.8 0.4 0.7 1.3 1.2t2 0.5q2.1 0 3.8-1.2t2.7-3.4 0.9-4.8q0-2-1.1-3.8t-3.1-2.9-4.5-1.2q-1.9 0-3.5 0.5t-2.8 1.4-2 2-1.2 2.3-0.4 2.4q0 1.9 0.7 3.3t2.1 2q0.5 0.2 0.7-0.4 0-0.1 0.1-0.5t0.2-0.5q0.1-0.4-0.2-0.8-0.9-1.1-0.9-2.7 0-2.7 1.9-4.6t4.9-2q2.7 0 4.2 1.5t1.5 3.8q0 3-1.2 5.2t-3.1 2.1q-1.1 0-1.7-0.8t-0.4-1.9q0.1-0.6 0.5-1.7t0.5-1.8 0.2-1.4q0-0.9-0.5-1.5t-1.4-0.6q-1.1 0-1.9 1t-0.8 2.6q0 1.3 0.4 2.2l-1.8 7.5q-0.3 1.2-0.2 3.2-3.7-1.6-6-5t-2.3-7.6q0-3.7 1.9-6.9t5-5 6.9-1.9 6.9 1.9 5 5 1.8 6.9z\"\/><\/svg><\/span><span class=\"shariff-text\">merken<\/span>&nbsp;<\/a><\/li><li class=\"shariff-button mailto shariff-nocustomcolor\" style=\"background-color:#a8a8a8\"><a href=\"mailto:?body=https%3A%2F%2Fwww.backwinkel.de%2Fblog%2Fbewegtes-klassenzimmer%2F&subject=Bewegtes%20Klassenzimmer%3A\" title=\"Per E-Mail versenden\" aria-label=\"Per E-Mail versenden\" role=\"button\" rel=\"noopener nofollow\" class=\"shariff-link\" style=\"; background-color:#999; color:#fff\"><span class=\"shariff-icon\" style=\"\"><svg width=\"32px\" height=\"20px\" xmlns=\"http:\/\/www.w3.org\/2000\/svg\" viewBox=\"0 0 32 32\"><path fill=\"#999\" d=\"M32 12.7v14.2q0 1.2-0.8 2t-2 0.9h-26.3q-1.2 0-2-0.9t-0.8-2v-14.2q0.8 0.9 1.8 1.6 6.5 4.4 8.9 6.1 1 0.8 1.6 1.2t1.7 0.9 2 0.4h0.1q0.9 0 2-0.4t1.7-0.9 1.6-1.2q3-2.2 8.9-6.1 1-0.7 1.8-1.6zM32 7.4q0 1.4-0.9 2.7t-2.2 2.2q-6.7 4.7-8.4 5.8-0.2 0.1-0.7 0.5t-1 0.7-0.9 0.6-1.1 0.5-0.9 0.2h-0.1q-0.4 0-0.9-0.2t-1.1-0.5-0.9-0.6-1-0.7-0.7-0.5q-1.6-1.1-4.7-3.2t-3.6-2.6q-1.1-0.7-2.1-2t-1-2.5q0-1.4 0.7-2.3t2.1-0.9h26.3q1.2 0 2 0.8t0.9 2z\"\/><\/svg><\/span><span class=\"shariff-text\">E-Mail<\/span>&nbsp;<\/a><\/li><\/ul><\/div>\n<\/div><\/section><br \/>\n<div  class='tabcontainer av-8usxip-3b83e1ded1bb3cd5f82728c71d072b06 top_tab  avia-builder-el-42  el_after_av_textblock  el_before_av_hr '>\n<section class='av_tab_section av_tab_section av-p187l-3a6b271fb4b6aef0672f3bf252793f3d' ><div id='tab-id-1-tab' class='tab active_tab' role='tab' aria-selected=\"true\" tabindex=\"0\" data-fake-id='#tab-id-1' aria-controls='tab-id-1-content' >Das BACKWINKEL-Blog-Team:<\/div><div id='tab-id-1-content' class='tab_content active_tab_content' role='tabpanel' aria-labelledby='tab-id-1-tab' aria-hidden=\"false\"><div class='tab_inner_content invers-color' ><p><img decoding=\"async\" class=\"wp-image-1768 alignleft\" title=\"BACKWINKEL-Blog \u2013 Das Team\" src=\"https:\/\/blog.backwinkel.de\/wp-content\/uploads\/2018\/10\/backwinkel-blog-autorenbox-intern_preview-300x198.jpg\" alt=\"\" width=\"300\" height=\"198\" \/>Gibts auch ein Gesicht hinter dem BACKWINKEL-Blog? Ja. Vier ?. Drei davon sogar mit Foto.<\/p>\n<p><span style=\"font-style: inherit !important; font-weight: inherit !important;\">Wir \u2013 Lukas, Tatjana, Stefan und Christine \u2013 bespielen unseren Blog unter dem Motto LACHEN LESEN LERNEN. <\/span><\/p>\n<p><span style=\"font-style: inherit !important; font-weight: inherit !important;\">Lukas kennt sich online so gut aus wie in seiner Westentasche und findet immer spannende Themen, w\u00e4hrend Stefan unseren Beitr\u00e4gen den passenden gestalterischen Rahmen gibt und Tatjana mit dem gr\u00fcnen Korrekturstift alles pr\u00fcfend be\u00e4ugt, was unsere Autorin Christine (und gern auch Gastautoren) f\u00fcr den BACKWINKEL-Blog nach ordentlicher Recherche schreibt.<\/span><\/p>\n<p>Gemeinsam suchen wir st\u00e4ndig nach neuen, aufregenden Themen rund um das Thema Bildung im Kiga, der Schule und zu Hause. Und weil Sie da an der Quelle sitzen, freuen wir uns auf Ihre konstruktiven R\u00fcckmeldungen und Anregungen an <a href=\"mailto:blog@backwinkel.de\">blog@backwinkel.de<\/a><\/p>\n<p>Viel Spa\u00df beim LACHEN LESEN LERNEN!<\/p>\n<\/div><\/div><\/section>\n<\/div><br \/>\n\n<style type=\"text\/css\" data-created_by=\"avia_inline_auto\" id=\"style-css-av-5eyc9d-aadf7d4d06ee8393df9bd66787a3b3d4\">\n#top .hr.av-5eyc9d-aadf7d4d06ee8393df9bd66787a3b3d4{\nmargin-top:10px;\nmargin-bottom:10px;\n}\n.hr.av-5eyc9d-aadf7d4d06ee8393df9bd66787a3b3d4 .hr-inner{\nwidth:500;\n}\n<\/style>\n<div  class='hr av-5eyc9d-aadf7d4d06ee8393df9bd66787a3b3d4 hr-custom  avia-builder-el-43  el_after_av_tab_container  el_before_av_heading  hr-left hr-icon-no'><span class='hr-inner inner-border-av-border-thin'><span class=\"hr-inner-style\"><\/span><\/span><\/div><br \/>\n\n<style type=\"text\/css\" data-created_by=\"avia_inline_auto\" id=\"style-css-av-4qd4z5-6eb6e3aacf3ead454beb11b127ff5327\">\n#top .av-special-heading.av-4qd4z5-6eb6e3aacf3ead454beb11b127ff5327{\npadding-bottom:10px;\n}\nbody .av-special-heading.av-4qd4z5-6eb6e3aacf3ead454beb11b127ff5327 .av-special-heading-tag .heading-char{\nfont-size:25px;\n}\n.av-special-heading.av-4qd4z5-6eb6e3aacf3ead454beb11b127ff5327 .av-subheading{\nfont-size:15px;\n}\n<\/style>\n<div  class='av-special-heading av-4qd4z5-6eb6e3aacf3ead454beb11b127ff5327 av-special-heading-h3 blockquote modern-quote  avia-builder-el-44  el_after_av_hr  el_before_av_blog '><h3 class='av-special-heading-tag '  >PASSENDE BEITR\u00c4GE<\/h3><div class=\"special-heading-border\"><div class=\"special-heading-inner-border\"><\/div><\/div><\/div><br \/>\n<div  data-slideshow-options=\"{&quot;animation&quot;:&quot;fade&quot;,&quot;autoplay&quot;:false,&quot;loop_autoplay&quot;:&quot;once&quot;,&quot;interval&quot;:5,&quot;loop_manual&quot;:&quot;manual-endless&quot;,&quot;autoplay_stopper&quot;:false,&quot;noNavigation&quot;:false,&quot;show_slide_delay&quot;:90}\" class='avia-content-slider avia-content-grid-active avia-content-slider1 avia-content-slider-odd  avia-builder-el-45  el_after_av_heading  avia-builder-el-last  av-slideshow-ui av-control-default   av-no-slider-navigation av-slideshow-manual av-loop-once av-loop-manual-endless ' ><div class=\"avia-content-slider-inner\"><div class=\"slide-entry-wrap\"><article class='slide-entry flex_column  post-entry post-entry-18633 slide-entry-overview slide-loop-1 slide-parity-odd  av_one_third first real-thumbnail posttype-post post-format-standard' ><a href='https:\/\/www.backwinkel.de\/blog\/plastik-recyceln\/' data-rel='slide-1' class='slide-image' title='Plastik recyceln'><img decoding=\"async\" fetchpriority=\"high\" width=\"1200\" height=\"628\" src=\"https:\/\/www.backwinkel.de\/blog\/wp-content\/uploads\/2026\/04\/04_Kiga_Plastik_nachhaltig_nutzen.jpg\" class=\"wp-image-18713 avia-img-lazy-loading-not-18713 attachment-no scaling size-no scaling wp-post-image\" alt=\"\" \/><\/a><div class=\"slide-content\"><header class=\"entry-content-header\" aria-label=\"Slide: Plastik recyceln\"><h3 class='slide-entry-title entry-title ' ><a href='https:\/\/www.backwinkel.de\/blog\/plastik-recyceln\/' title='Plastik recyceln'>Plastik recyceln<\/a><\/h3><span class=\"blog-categories minor-meta\"><a href=\"https:\/\/www.backwinkel.de\/blog\/category\/kindergarten-kita\/\" rel=\"tag\">Kindergarten<\/a> <\/span><span class=\"av-vertical-delimiter\"><\/span><\/header><div class='slide-entry-excerpt entry-content' >Biokunststoff f\u00fcr St\u00fchle, Materialboxen, Spielzeug und Rucks\u00e4cke<\/div><\/div><footer class=\"entry-footer\"><div class=\"slide-meta\"><time class='slide-meta-time updated' >14. April 2026<\/time><\/div><\/footer><\/article><article class='slide-entry flex_column  post-entry post-entry-18716 slide-entry-overview slide-loop-2 slide-parity-even  av_one_third  real-thumbnail posttype-post post-format-standard' ><a href='https:\/\/www.backwinkel.de\/blog\/rechnen-im-anfangsunterricht\/' data-rel='slide-1' class='slide-image' title='Rechnen im Anfangsunterricht'><img decoding=\"async\" fetchpriority=\"high\" width=\"1200\" height=\"628\" src=\"https:\/\/www.backwinkel.de\/blog\/wp-content\/uploads\/2026\/04\/04_Schule_Rechnen_anfangsunterricht.jpg\" class=\"wp-image-18748 avia-img-lazy-loading-not-18748 attachment-no scaling size-no scaling wp-post-image\" alt=\"\" \/><\/a><div class=\"slide-content\"><header class=\"entry-content-header\" aria-label=\"Slide: Rechnen im Anfangsunterricht\"><h3 class='slide-entry-title entry-title ' ><a href='https:\/\/www.backwinkel.de\/blog\/rechnen-im-anfangsunterricht\/' title='Rechnen im Anfangsunterricht'>Rechnen im Anfangsunterricht<\/a><\/h3><span class=\"blog-categories minor-meta\"><a href=\"https:\/\/www.backwinkel.de\/blog\/category\/schule-grundschule\/\" rel=\"tag\">Schule<\/a> <\/span><span class=\"av-vertical-delimiter\"><\/span><\/header><div class='slide-entry-excerpt entry-content' >Das Klassenzimmer als Lernlandschaft<\/div><\/div><footer class=\"entry-footer\"><div class=\"slide-meta\"><time class='slide-meta-time updated' >14. April 2026<\/time><\/div><\/footer><\/article><article class='slide-entry flex_column  post-entry post-entry-18372 slide-entry-overview slide-loop-3 slide-parity-odd  post-entry-last  av_one_third  real-thumbnail posttype-post post-format-standard' ><a href='https:\/\/www.backwinkel.de\/blog\/kranke-kinder-im-kindergarten\/' data-rel='slide-1' class='slide-image' title='Kranke Kinder im Kindergarten'><img decoding=\"async\" fetchpriority=\"high\" width=\"1200\" height=\"628\" src=\"https:\/\/www.backwinkel.de\/blog\/wp-content\/uploads\/2026\/03\/03_Kiga_Kranke_Kinder.jpg\" class=\"wp-image-18451 avia-img-lazy-loading-not-18451 attachment-no scaling size-no scaling wp-post-image\" alt=\"Thema: Kranke Kinder. Auf dem Bild ist ein krankes kleines M\u00e4dchen zu sehen. Eine Frau mit einem Fieberthermometer in der Hand sitzt neben ihr und hat die Hand auf der Stirn des M\u00e4dchens.\" \/><\/a><div class=\"slide-content\"><header class=\"entry-content-header\" aria-label=\"Slide: Kranke Kinder im Kindergarten\"><h3 class='slide-entry-title entry-title ' ><a href='https:\/\/www.backwinkel.de\/blog\/kranke-kinder-im-kindergarten\/' title='Kranke Kinder im Kindergarten'>Kranke Kinder im Kindergarten<\/a><\/h3><span class=\"blog-categories minor-meta\"><a href=\"https:\/\/www.backwinkel.de\/blog\/category\/kindergarten-kita\/\" rel=\"tag\">Kindergarten<\/a> <\/span><span class=\"av-vertical-delimiter\"><\/span><\/header><div class='slide-entry-excerpt entry-content' >Auswirkungen f\u00fcr Kinder, Eltern und Fachkr\u00e4fte<\/div><\/div><footer class=\"entry-footer\"><div class=\"slide-meta\"><time class='slide-meta-time updated' >9. M\u00e4rz 2026<\/time><\/div><\/footer><\/article><\/div><\/div><\/div><\/p><\/div>\n","protected":false},"excerpt":{"rendered":"<p>Darum passen Lernen und M\u00f6belr\u00fccken gut zusammen <\/p>\n","protected":false},"author":3,"featured_media":7712,"comment_status":"closed","ping_status":"closed","sticky":false,"template":"","format":"standard","meta":{"inline_featured_image":false,"footnotes":""},"categories":[6],"tags":[],"class_list":["post-7697","post","type-post","status-publish","format-standard","has-post-thumbnail","hentry","category-schule-grundschule"],"yoast_head":"<!-- This site is optimized with the Yoast SEO plugin v27.4 - https:\/\/yoast.com\/product\/yoast-seo-wordpress\/ -->\n<title>Bewegtes Klassenzimmer \u00bb Tipps f\u00fcr flexible Lernr\u00e4ume | BACKWINKEL Blog<\/title>\n<meta name=\"description\" content=\"Wie Sie mit M\u00f6beln im Handumdrehen ansprechende Lernorte gestalten und Ihren Unterricht noch flexibler gestalten k\u00f6nnen. \u00bb Inkl. Praxis-Tipps \u2713 Jetzt lesen!\" \/>\n<meta name=\"robots\" content=\"index, follow, max-snippet:-1, max-image-preview:large, max-video-preview:-1\" \/>\n<link rel=\"canonical\" href=\"https:\/\/www.backwinkel.de\/blog\/bewegtes-klassenzimmer\/\" \/>\n<meta property=\"og:locale\" content=\"de_DE\" \/>\n<meta property=\"og:type\" content=\"article\" \/>\n<meta property=\"og:title\" content=\"Bewegtes Klassenzimmer \u00bb Tipps f\u00fcr flexible Lernr\u00e4ume | BACKWINKEL Blog\" \/>\n<meta property=\"og:description\" content=\"Wie Sie mit M\u00f6beln im Handumdrehen ansprechende Lernorte gestalten und Ihren Unterricht noch flexibler gestalten k\u00f6nnen. \u00bb Inkl. Praxis-Tipps \u2713 Jetzt lesen!\" \/>\n<meta property=\"og:url\" content=\"https:\/\/www.backwinkel.de\/blog\/bewegtes-klassenzimmer\/\" \/>\n<meta property=\"og:site_name\" content=\"BACKWINKEL Blog\" \/>\n<meta property=\"article:published_time\" content=\"2021-08-24T06:31:27+00:00\" \/>\n<meta property=\"article:modified_time\" content=\"2026-04-22T13:32:56+00:00\" \/>\n<meta property=\"og:image\" content=\"https:\/\/www.backwinkel.de\/blog\/wp-content\/uploads\/2021\/08\/backwinkel-blog-bewegtes-klassenzimmer-heroimage.jpg\" \/>\n\t<meta property=\"og:image:width\" content=\"1200\" \/>\n\t<meta property=\"og:image:height\" content=\"628\" \/>\n\t<meta property=\"og:image:type\" content=\"image\/jpeg\" \/>\n<meta name=\"author\" content=\"BACKWINKEL\" \/>\n<meta name=\"twitter:card\" content=\"summary_large_image\" \/>\n<meta name=\"twitter:label1\" content=\"Verfasst von\" \/>\n\t<meta name=\"twitter:data1\" content=\"BACKWINKEL\" \/>\n\t<meta name=\"twitter:label2\" content=\"Gesch\u00e4tzte Lesezeit\" \/>\n\t<meta name=\"twitter:data2\" content=\"16\u00a0Minuten\" \/>\n<script type=\"application\/ld+json\" class=\"yoast-schema-graph\">{\"@context\":\"https:\\\/\\\/schema.org\",\"@graph\":[{\"@type\":\"Article\",\"@id\":\"https:\\\/\\\/www.backwinkel.de\\\/blog\\\/bewegtes-klassenzimmer\\\/#article\",\"isPartOf\":{\"@id\":\"https:\\\/\\\/www.backwinkel.de\\\/blog\\\/bewegtes-klassenzimmer\\\/\"},\"author\":{\"name\":\"BACKWINKEL\",\"@id\":\"https:\\\/\\\/www.backwinkel.de\\\/blog\\\/#\\\/schema\\\/person\\\/3d64575316540d25f7866264a4b7cd24\"},\"headline\":\"Bewegtes Klassenzimmer:\",\"datePublished\":\"2021-08-24T06:31:27+00:00\",\"dateModified\":\"2026-04-22T13:32:56+00:00\",\"mainEntityOfPage\":{\"@id\":\"https:\\\/\\\/www.backwinkel.de\\\/blog\\\/bewegtes-klassenzimmer\\\/\"},\"wordCount\":5262,\"image\":{\"@id\":\"https:\\\/\\\/www.backwinkel.de\\\/blog\\\/bewegtes-klassenzimmer\\\/#primaryimage\"},\"thumbnailUrl\":\"https:\\\/\\\/www.backwinkel.de\\\/blog\\\/wp-content\\\/uploads\\\/2021\\\/08\\\/backwinkel-blog-bewegtes-klassenzimmer-heroimage.jpg\",\"articleSection\":[\"Schule\"],\"inLanguage\":\"de\"},{\"@type\":\"WebPage\",\"@id\":\"https:\\\/\\\/www.backwinkel.de\\\/blog\\\/bewegtes-klassenzimmer\\\/\",\"url\":\"https:\\\/\\\/www.backwinkel.de\\\/blog\\\/bewegtes-klassenzimmer\\\/\",\"name\":\"Bewegtes Klassenzimmer \u00bb Tipps f\u00fcr flexible Lernr\u00e4ume | BACKWINKEL Blog\",\"isPartOf\":{\"@id\":\"https:\\\/\\\/www.backwinkel.de\\\/blog\\\/#website\"},\"primaryImageOfPage\":{\"@id\":\"https:\\\/\\\/www.backwinkel.de\\\/blog\\\/bewegtes-klassenzimmer\\\/#primaryimage\"},\"image\":{\"@id\":\"https:\\\/\\\/www.backwinkel.de\\\/blog\\\/bewegtes-klassenzimmer\\\/#primaryimage\"},\"thumbnailUrl\":\"https:\\\/\\\/www.backwinkel.de\\\/blog\\\/wp-content\\\/uploads\\\/2021\\\/08\\\/backwinkel-blog-bewegtes-klassenzimmer-heroimage.jpg\",\"datePublished\":\"2021-08-24T06:31:27+00:00\",\"dateModified\":\"2026-04-22T13:32:56+00:00\",\"author\":{\"@id\":\"https:\\\/\\\/www.backwinkel.de\\\/blog\\\/#\\\/schema\\\/person\\\/3d64575316540d25f7866264a4b7cd24\"},\"description\":\"Wie Sie mit M\u00f6beln im Handumdrehen ansprechende Lernorte gestalten und Ihren Unterricht noch flexibler gestalten k\u00f6nnen. \u00bb Inkl. Praxis-Tipps \u2713 Jetzt lesen!\",\"breadcrumb\":{\"@id\":\"https:\\\/\\\/www.backwinkel.de\\\/blog\\\/bewegtes-klassenzimmer\\\/#breadcrumb\"},\"inLanguage\":\"de\",\"potentialAction\":[{\"@type\":\"ReadAction\",\"target\":[\"https:\\\/\\\/www.backwinkel.de\\\/blog\\\/bewegtes-klassenzimmer\\\/\"]}]},{\"@type\":\"ImageObject\",\"inLanguage\":\"de\",\"@id\":\"https:\\\/\\\/www.backwinkel.de\\\/blog\\\/bewegtes-klassenzimmer\\\/#primaryimage\",\"url\":\"https:\\\/\\\/www.backwinkel.de\\\/blog\\\/wp-content\\\/uploads\\\/2021\\\/08\\\/backwinkel-blog-bewegtes-klassenzimmer-heroimage.jpg\",\"contentUrl\":\"https:\\\/\\\/www.backwinkel.de\\\/blog\\\/wp-content\\\/uploads\\\/2021\\\/08\\\/backwinkel-blog-bewegtes-klassenzimmer-heroimage.jpg\",\"width\":1200,\"height\":628},{\"@type\":\"BreadcrumbList\",\"@id\":\"https:\\\/\\\/www.backwinkel.de\\\/blog\\\/bewegtes-klassenzimmer\\\/#breadcrumb\",\"itemListElement\":[{\"@type\":\"ListItem\",\"position\":1,\"name\":\"Startseite\",\"item\":\"https:\\\/\\\/blog.backwinkel.de\\\/aktuelles\\\/\"},{\"@type\":\"ListItem\",\"position\":2,\"name\":\"Bewegtes Klassenzimmer:\"}]},{\"@type\":\"WebSite\",\"@id\":\"https:\\\/\\\/www.backwinkel.de\\\/blog\\\/#website\",\"url\":\"https:\\\/\\\/www.backwinkel.de\\\/blog\\\/\",\"name\":\"BACKWINKEL Blog\",\"description\":\"f\u00fcr Lehrer, Erzieher und Eltern\",\"potentialAction\":[{\"@type\":\"SearchAction\",\"target\":{\"@type\":\"EntryPoint\",\"urlTemplate\":\"https:\\\/\\\/www.backwinkel.de\\\/blog\\\/?s={search_term_string}\"},\"query-input\":{\"@type\":\"PropertyValueSpecification\",\"valueRequired\":true,\"valueName\":\"search_term_string\"}}],\"inLanguage\":\"de\"},{\"@type\":\"Person\",\"@id\":\"https:\\\/\\\/www.backwinkel.de\\\/blog\\\/#\\\/schema\\\/person\\\/3d64575316540d25f7866264a4b7cd24\",\"name\":\"BACKWINKEL\",\"sameAs\":[\"http:\\\/\\\/www.backwinkel.de\"],\"url\":\"https:\\\/\\\/www.backwinkel.de\\\/blog\\\/author\\\/backwinkel\\\/\"}]}<\/script>\n<!-- \/ Yoast SEO plugin. -->","yoast_head_json":{"title":"Bewegtes Klassenzimmer \u00bb Tipps f\u00fcr flexible Lernr\u00e4ume | BACKWINKEL Blog","description":"Wie Sie mit M\u00f6beln im Handumdrehen ansprechende Lernorte gestalten und Ihren Unterricht noch flexibler gestalten k\u00f6nnen. \u00bb Inkl. Praxis-Tipps \u2713 Jetzt lesen!","robots":{"index":"index","follow":"follow","max-snippet":"max-snippet:-1","max-image-preview":"max-image-preview:large","max-video-preview":"max-video-preview:-1"},"canonical":"https:\/\/www.backwinkel.de\/blog\/bewegtes-klassenzimmer\/","og_locale":"de_DE","og_type":"article","og_title":"Bewegtes Klassenzimmer \u00bb Tipps f\u00fcr flexible Lernr\u00e4ume | BACKWINKEL Blog","og_description":"Wie Sie mit M\u00f6beln im Handumdrehen ansprechende Lernorte gestalten und Ihren Unterricht noch flexibler gestalten k\u00f6nnen. \u00bb Inkl. Praxis-Tipps \u2713 Jetzt lesen!","og_url":"https:\/\/www.backwinkel.de\/blog\/bewegtes-klassenzimmer\/","og_site_name":"BACKWINKEL Blog","article_published_time":"2021-08-24T06:31:27+00:00","article_modified_time":"2026-04-22T13:32:56+00:00","og_image":[{"width":1200,"height":628,"url":"https:\/\/www.backwinkel.de\/blog\/wp-content\/uploads\/2021\/08\/backwinkel-blog-bewegtes-klassenzimmer-heroimage.jpg","type":"image\/jpeg"}],"author":"BACKWINKEL","twitter_card":"summary_large_image","twitter_misc":{"Verfasst von":"BACKWINKEL","Gesch\u00e4tzte Lesezeit":"16\u00a0Minuten"},"schema":{"@context":"https:\/\/schema.org","@graph":[{"@type":"Article","@id":"https:\/\/www.backwinkel.de\/blog\/bewegtes-klassenzimmer\/#article","isPartOf":{"@id":"https:\/\/www.backwinkel.de\/blog\/bewegtes-klassenzimmer\/"},"author":{"name":"BACKWINKEL","@id":"https:\/\/www.backwinkel.de\/blog\/#\/schema\/person\/3d64575316540d25f7866264a4b7cd24"},"headline":"Bewegtes Klassenzimmer:","datePublished":"2021-08-24T06:31:27+00:00","dateModified":"2026-04-22T13:32:56+00:00","mainEntityOfPage":{"@id":"https:\/\/www.backwinkel.de\/blog\/bewegtes-klassenzimmer\/"},"wordCount":5262,"image":{"@id":"https:\/\/www.backwinkel.de\/blog\/bewegtes-klassenzimmer\/#primaryimage"},"thumbnailUrl":"https:\/\/www.backwinkel.de\/blog\/wp-content\/uploads\/2021\/08\/backwinkel-blog-bewegtes-klassenzimmer-heroimage.jpg","articleSection":["Schule"],"inLanguage":"de"},{"@type":"WebPage","@id":"https:\/\/www.backwinkel.de\/blog\/bewegtes-klassenzimmer\/","url":"https:\/\/www.backwinkel.de\/blog\/bewegtes-klassenzimmer\/","name":"Bewegtes Klassenzimmer \u00bb Tipps f\u00fcr flexible Lernr\u00e4ume | BACKWINKEL Blog","isPartOf":{"@id":"https:\/\/www.backwinkel.de\/blog\/#website"},"primaryImageOfPage":{"@id":"https:\/\/www.backwinkel.de\/blog\/bewegtes-klassenzimmer\/#primaryimage"},"image":{"@id":"https:\/\/www.backwinkel.de\/blog\/bewegtes-klassenzimmer\/#primaryimage"},"thumbnailUrl":"https:\/\/www.backwinkel.de\/blog\/wp-content\/uploads\/2021\/08\/backwinkel-blog-bewegtes-klassenzimmer-heroimage.jpg","datePublished":"2021-08-24T06:31:27+00:00","dateModified":"2026-04-22T13:32:56+00:00","author":{"@id":"https:\/\/www.backwinkel.de\/blog\/#\/schema\/person\/3d64575316540d25f7866264a4b7cd24"},"description":"Wie Sie mit M\u00f6beln im Handumdrehen ansprechende Lernorte gestalten und Ihren Unterricht noch flexibler gestalten k\u00f6nnen. \u00bb Inkl. Praxis-Tipps \u2713 Jetzt lesen!","breadcrumb":{"@id":"https:\/\/www.backwinkel.de\/blog\/bewegtes-klassenzimmer\/#breadcrumb"},"inLanguage":"de","potentialAction":[{"@type":"ReadAction","target":["https:\/\/www.backwinkel.de\/blog\/bewegtes-klassenzimmer\/"]}]},{"@type":"ImageObject","inLanguage":"de","@id":"https:\/\/www.backwinkel.de\/blog\/bewegtes-klassenzimmer\/#primaryimage","url":"https:\/\/www.backwinkel.de\/blog\/wp-content\/uploads\/2021\/08\/backwinkel-blog-bewegtes-klassenzimmer-heroimage.jpg","contentUrl":"https:\/\/www.backwinkel.de\/blog\/wp-content\/uploads\/2021\/08\/backwinkel-blog-bewegtes-klassenzimmer-heroimage.jpg","width":1200,"height":628},{"@type":"BreadcrumbList","@id":"https:\/\/www.backwinkel.de\/blog\/bewegtes-klassenzimmer\/#breadcrumb","itemListElement":[{"@type":"ListItem","position":1,"name":"Startseite","item":"https:\/\/blog.backwinkel.de\/aktuelles\/"},{"@type":"ListItem","position":2,"name":"Bewegtes Klassenzimmer:"}]},{"@type":"WebSite","@id":"https:\/\/www.backwinkel.de\/blog\/#website","url":"https:\/\/www.backwinkel.de\/blog\/","name":"BACKWINKEL Blog","description":"f\u00fcr Lehrer, Erzieher und Eltern","potentialAction":[{"@type":"SearchAction","target":{"@type":"EntryPoint","urlTemplate":"https:\/\/www.backwinkel.de\/blog\/?s={search_term_string}"},"query-input":{"@type":"PropertyValueSpecification","valueRequired":true,"valueName":"search_term_string"}}],"inLanguage":"de"},{"@type":"Person","@id":"https:\/\/www.backwinkel.de\/blog\/#\/schema\/person\/3d64575316540d25f7866264a4b7cd24","name":"BACKWINKEL","sameAs":["http:\/\/www.backwinkel.de"],"url":"https:\/\/www.backwinkel.de\/blog\/author\/backwinkel\/"}]}},"_links":{"self":[{"href":"https:\/\/www.backwinkel.de\/blog\/wp-json\/wp\/v2\/posts\/7697","targetHints":{"allow":["GET"]}}],"collection":[{"href":"https:\/\/www.backwinkel.de\/blog\/wp-json\/wp\/v2\/posts"}],"about":[{"href":"https:\/\/www.backwinkel.de\/blog\/wp-json\/wp\/v2\/types\/post"}],"author":[{"embeddable":true,"href":"https:\/\/www.backwinkel.de\/blog\/wp-json\/wp\/v2\/users\/3"}],"replies":[{"embeddable":true,"href":"https:\/\/www.backwinkel.de\/blog\/wp-json\/wp\/v2\/comments?post=7697"}],"version-history":[{"count":3,"href":"https:\/\/www.backwinkel.de\/blog\/wp-json\/wp\/v2\/posts\/7697\/revisions"}],"predecessor-version":[{"id":18932,"href":"https:\/\/www.backwinkel.de\/blog\/wp-json\/wp\/v2\/posts\/7697\/revisions\/18932"}],"wp:featuredmedia":[{"embeddable":true,"href":"https:\/\/www.backwinkel.de\/blog\/wp-json\/wp\/v2\/media\/7712"}],"wp:attachment":[{"href":"https:\/\/www.backwinkel.de\/blog\/wp-json\/wp\/v2\/media?parent=7697"}],"wp:term":[{"taxonomy":"category","embeddable":true,"href":"https:\/\/www.backwinkel.de\/blog\/wp-json\/wp\/v2\/categories?post=7697"},{"taxonomy":"post_tag","embeddable":true,"href":"https:\/\/www.backwinkel.de\/blog\/wp-json\/wp\/v2\/tags?post=7697"}],"curies":[{"name":"wp","href":"https:\/\/api.w.org\/{rel}","templated":true}]}}