{"id":7456,"date":"2021-07-05T08:47:06","date_gmt":"2021-07-05T06:47:06","guid":{"rendered":"https:\/\/blog.backwinkel.de\/?p=7456"},"modified":"2026-04-22T15:25:28","modified_gmt":"2026-04-22T13:25:28","slug":"natur-als-entwicklungsraum","status":"publish","type":"post","link":"https:\/\/www.backwinkel.de\/blog\/natur-als-entwicklungsraum\/","title":{"rendered":"Natur als Entwicklungsraum"},"content":{"rendered":"\n<style type=\"text\/css\" data-created_by=\"avia_inline_auto\" id=\"style-css-av-1ody4b4-140193e91195dbcb45c017f6e87a0095\">\n.flex_column.av-1ody4b4-140193e91195dbcb45c017f6e87a0095{\nborder-radius:0px 0px 0px 0px;\npadding:0px 0px 0px 0px;\n}\n<\/style>\n<div  class='flex_column av-1ody4b4-140193e91195dbcb45c017f6e87a0095 av_one_full  avia-builder-el-0  el_before_av_three_fourth  avia-builder-el-first  first flex_column_div av-zero-column-padding  '     ><p>\n<style type=\"text\/css\" data-created_by=\"avia_inline_auto\" id=\"style-css-av-1naham8-4e9221973a23cb3110a9f9b76db1f229\">\n#top .hr.hr-invisible.av-1naham8-4e9221973a23cb3110a9f9b76db1f229{\nmargin-top:0px;\nheight:1px;\n}\n<\/style>\n<div  class='hr av-1naham8-4e9221973a23cb3110a9f9b76db1f229 hr-invisible  avia-builder-el-1  el_before_av_heading  avia-builder-el-first '><span class='hr-inner '><span class=\"hr-inner-style\"><\/span><\/span><\/div><br \/>\n\n<style type=\"text\/css\" data-created_by=\"avia_inline_auto\" id=\"style-css-av-kqm0wwtx-9ccd4c0884d405f630d0490dd91808c3\">\n#top .av-special-heading.av-kqm0wwtx-9ccd4c0884d405f630d0490dd91808c3{\npadding-bottom:10px;\n}\nbody .av-special-heading.av-kqm0wwtx-9ccd4c0884d405f630d0490dd91808c3 .av-special-heading-tag .heading-char{\nfont-size:25px;\n}\n.av-special-heading.av-kqm0wwtx-9ccd4c0884d405f630d0490dd91808c3 .av-subheading{\nfont-size:15px;\n}\n<\/style>\n<div  class='av-special-heading av-kqm0wwtx-9ccd4c0884d405f630d0490dd91808c3 av-special-heading-h1 blockquote modern-quote  avia-builder-el-2  el_after_av_hr  el_before_av_post_metadata  av-linked-heading'><h1 class='av-special-heading-tag '  >Natur als Entwicklungsraum. Wie kindliches Lernen auch funktioniert <\/h1><div class='av-subheading av-subheading_below'><p class=\"autorenname\">Elisa Morel<\/p>\n<\/div><div class=\"special-heading-border\"><div class=\"special-heading-inner-border\"><\/div><\/div><\/div><br \/>\n\n<style type=\"text\/css\" data-created_by=\"avia_inline_auto\" id=\"style-css-av-5x0ua8-3d2b037855e118c0a385fde9b877dfb7\">\n#top .av-post-metadata-container.av-5x0ua8-3d2b037855e118c0a385fde9b877dfb7{\nfont-size:12px;\n}\n#top .av-post-metadata-container.av-5x0ua8-3d2b037855e118c0a385fde9b877dfb7 .av-post-metadata-container-inner{\nfont-size:12px;\n}\n<\/style>\n<div  class='av-post-metadata-container av-5x0ua8-3d2b037855e118c0a385fde9b877dfb7 av-metadata-container-align-left  avia-builder-el-3  el_after_av_heading  el_before_av_textblock  av-metadata-container-1'><div class='av-post-metadata-container-inner'><span class=\"av-post-metadata-content av-post-metadata-meta-content\"><span class=\"av-post-metadata-content av-post-metadata-modified\"><span class=\"av-metadata-before av-metadata-before-modified\">Aktualisiert:<\/span><span class=\"av-post-metadata-modified-date\" >22. April 2026<\/span><\/span><span class=\"av-post-metadata-content av-post-metadata-separator\">\/<\/span><span class=\"av-post-metadata-content av-post-metadata-modified\"><span class=\"av-metadata-before av-metadata-before-modified\">Zuletzt aktualisiert:<\/span><span class=\"av-post-metadata-modified-date\" >22. April 2026<\/span><\/span><\/span><\/div><\/div><br \/>\n\n<style type=\"text\/css\" data-created_by=\"avia_inline_auto\" id=\"style-css-av-kqm0xm2b-4e9ab6bedd6acb1fe8de00e7c6fede4b\">\n#top .av_textblock_section.av-kqm0xm2b-4e9ab6bedd6acb1fe8de00e7c6fede4b .avia_textblock{\nfont-size:20px;\n}\n<\/style>\n<section  class='av_textblock_section av-kqm0xm2b-4e9ab6bedd6acb1fe8de00e7c6fede4b '  ><div class='avia_textblock' ><p>Die Natur bietet Kindern eine gro\u00dfe Vielfalt an Spiel- und Lernm\u00f6glichkeiten, die dem kindlichen Entdeckungsdrang entspricht. Au\u00dferdem finden sie in der Natur viele Reize, die ihre Kreativit\u00e4t befl\u00fcgeln.<\/p>\n<\/div><\/section><br \/>\n\n<style type=\"text\/css\" data-created_by=\"avia_inline_auto\" id=\"style-css-av-kqm0yrft-14558635f7fa96b69b21f6d413948ded\">\n.avia-image-container.av-kqm0yrft-14558635f7fa96b69b21f6d413948ded img.avia_image{\nbox-shadow:none;\n}\n.avia-image-container.av-kqm0yrft-14558635f7fa96b69b21f6d413948ded .av-image-caption-overlay-center{\ncolor:#ffffff;\n}\n<\/style>\n<div  class='avia-image-container av-kqm0yrft-14558635f7fa96b69b21f6d413948ded av-styling- avia-align-center  avia-builder-el-5  el_after_av_textblock  el_before_av_hr '  ><div class=\"avia-image-container-inner\"><div class=\"avia-image-overlay-wrap\"><img decoding=\"async\" fetchpriority=\"high\" class='wp-image-7437 avia-img-lazy-loading-not-7437 avia_image ' src=\"https:\/\/www.backwinkel.de\/blog\/wp-content\/uploads\/2021\/07\/backwinkel-blog-natur-als-entwicklungsraum-heroimage.jpg\" alt='' title='backwinkel-blog-natur-als-entwicklungsraum-heroimage'  height=\"628\" width=\"1200\"  \/><\/div><\/div><\/div><br \/>\n\n<style type=\"text\/css\" data-created_by=\"avia_inline_auto\" id=\"style-css-av-1kikbvk-c525b0d6301216f882d8b0b713ee30fa\">\n#top .hr.hr-invisible.av-1kikbvk-c525b0d6301216f882d8b0b713ee30fa{\nheight:5px;\n}\n<\/style>\n<div  class='hr av-1kikbvk-c525b0d6301216f882d8b0b713ee30fa hr-invisible  avia-builder-el-6  el_after_av_image  el_before_av_textblock '><span class='hr-inner '><span class=\"hr-inner-style\"><\/span><\/span><\/div><br \/>\n\n<style type=\"text\/css\" data-created_by=\"avia_inline_auto\" id=\"style-css-av-kqm0zrf8-764e29ac633b8ffdcbac4f09694e7f94\">\n#top .av_textblock_section.av-kqm0zrf8-764e29ac633b8ffdcbac4f09694e7f94 .avia_textblock{\nfont-size:10px;\n}\n<\/style>\n<section  class='av_textblock_section av-kqm0zrf8-764e29ac633b8ffdcbac4f09694e7f94 '  ><div class='avia_textblock' ><p class=\"bildnennung-beitrag\" style=\"text-align: left;\">\u00a9 pressmaster, Adobestock.com<\/p>\n<\/div><\/section><br \/>\n\n<style type=\"text\/css\" data-created_by=\"avia_inline_auto\" id=\"style-css-av-5lplsg-7475f18b3e92c7a1423133654739bcce\">\n#top .hr.hr-invisible.av-5lplsg-7475f18b3e92c7a1423133654739bcce{\nheight:20px;\n}\n<\/style>\n<div  class='hr av-5lplsg-7475f18b3e92c7a1423133654739bcce hr-invisible  avia-builder-el-8  el_after_av_textblock  el_before_av_textblock '><span class='hr-inner '><span class=\"hr-inner-style\"><\/span><\/span><\/div><br \/>\n<section  class='av_textblock_section av-kqm0yep5-c6763f0a5efd0f309f7f9f57dbda9abd '  ><div class='avia_textblock' ><p>Dazu passt ein Sprichwort, das man oft im Zusammenhang mit kindlichem Lernen in der Natur findet: Gibt man Kindern eine H\u00fctte, dann machen sie daraus Kleinholz. Gibt man ihnen Kleinholz, dann bauen sie daraus eine H\u00fctte. Naturerfahrungen sind also eine tolle M\u00f6glichkeit f\u00fcr Kinder, mit ihrer Umwelt in Kontakt zu treten, sie aktiv mitzugestalten und zu sch\u00fctzen. Wer einen Bezug zu Natur und Umwelt entwickelt, wird sie lieben lernen. Und man sch\u00fctzt, was man liebt.<\/p>\n<p>Zwei Drittel der Kinder in Deutschland leben in St\u00e4dten und sind von der Natur entfremdet, da sie nicht unmittelbar von ihr umgeben sind. Dieser Mangel an Naturerlebnissen steht auch oft in Zusammenhang mit kindlichen Entwicklungsdefiziten, die in den letzten Jahrzehnten zugenommen haben. Umso wichtiger ist es f\u00fcr Kinder, im Alltag Naturerfahrungen zu machen und die M\u00f6glichkeiten zu nutzen, die ihr direktes Umfeld ihnen bietet \u2013 auch in der Stadt.<\/p>\n<p>In diesem Beitrag stellen wir Ihnen u. a. ein paar Ideen vor, mit denen die Erkundung der Natur f\u00fcr Kinder auch in der Stadt gelingt und zeigen Ihnen, wie Sie Ihren SuS mit geringem Aufwand zu wertvollen Naturerlebnissen verhelfen.<\/p>\n<\/div><\/section><\/p><\/div>\n<style type=\"text\/css\" data-created_by=\"avia_inline_auto\" id=\"style-css-av-1igji8g-9538a7a868d4683727ddebb65ba1c608\">\n.flex_column.av-1igji8g-9538a7a868d4683727ddebb65ba1c608{\nborder-radius:0px 0px 0px 0px;\npadding:20px 20px 20px 20px;\nbackground-color:#f2f2f2;\n}\n<\/style>\n<div  class='flex_column av-1igji8g-9538a7a868d4683727ddebb65ba1c608 av_three_fourth  avia-builder-el-10  el_after_av_one_full  el_before_av_one_fourth  first flex_column_div  column-top-margin'     ><style type=\"text\/css\" data-created_by=\"avia_inline_auto\" id=\"style-css-av-1gnvei8-3600f79456a3ba4b5ca8aa86125a8532\">\n#top .av_textblock_section.av-1gnvei8-3600f79456a3ba4b5ca8aa86125a8532 .avia_textblock{\nfont-size:14px;\n}\n<\/style>\n<section  class='av_textblock_section av-1gnvei8-3600f79456a3ba4b5ca8aa86125a8532 '  ><div class='avia_textblock' ><p><strong>Inhalt<\/strong><\/p>\n<p><strong><a href=\"#1\">1. Natur und kindliches Lernen<\/a><\/strong><br \/>\n1.1. Der Mensch und die Natur \u2013 fr\u00fcher und heute<br \/>\n1.2. Bewusstsein f\u00fcr Nachhaltigkeit entwickeln<br \/>\n1.3. Erfolgserlebnisse durch praktisches Handeln<br \/>\n1.4. Sinneseindr\u00fccke in der Natur erleben<\/p>\n<p><strong><a href=\"#2\">2. Die vielen Facetten der Erlebnisp\u00e4dagogik<\/a><\/strong><br \/>\n2.1. Wegbereiter der Erlebnisp\u00e4dagogik<br \/>\n2.2. Ziele der Erlebnisp\u00e4dagogik (heute)<\/p>\n<p><strong><a href=\"#3\">3. Praktische Tipps f\u00fcr mehr Natur im Alltag<\/a><\/strong><br \/>\n3.1. Schnitzeljagd im Park<br \/>\n3.2. Spaziergang durch die Kleingartenanlage<br \/>\n3.3. Barfu\u00dfpfad, F\u00fchl-S\u00e4ckchen und F\u00fchl-Memory aus Naturmaterialien<br \/>\n3.4. Wettbewerbe, Mitmachprojekte, Forscheraktionen, Erlebnisfreizeiten, Jugendfarmen und Erlebnisspielpl\u00e4tze<\/p>\n<\/div><\/section><\/div><\/p>\n\n<style type=\"text\/css\" data-created_by=\"avia_inline_auto\" id=\"style-css-av-1ezyrm8-8ebf771f762e8cf9ed1f77d600c1d58d\">\n.flex_column.av-1ezyrm8-8ebf771f762e8cf9ed1f77d600c1d58d{\nborder-radius:0px 0px 0px 0px;\npadding:0 0 0 0;\n}\n<\/style>\n<div  class='flex_column av-1ezyrm8-8ebf771f762e8cf9ed1f77d600c1d58d av_one_fourth  avia-builder-el-12  el_after_av_three_fourth  el_before_av_sidebar  flex_column_div av-zero-column-padding  column-top-margin'     ><\/div>\n<div  class='avia-builder-widget-area clearfix  avia-builder-el-13  el_after_av_one_fourth  el_before_av_one_full '><div id=\"text-34\" class=\"widget clearfix widget_text\">\t\t\t<div class=\"textwidget\"><p><a href=\"https:\/\/www.backwinkel.de\/nachhaltig-denken\/\" target=\"\\_blank\" rel=\"noopener\"><br \/>\n<img decoding=\"async\" class=\"werbung-desktop alignnone wp-image-4186 size-full\" src=\"https:\/\/www.backwinkel.de\/blog\/wp-content\/uploads\/2026\/04\/Backwinkel-blog-werbebanner-shop-schule_desktop.jpg\" alt=\"\" width=\"1251\" height=\"201\" \/><br \/>\n<\/a><br \/>\n<a href=\"https:\/\/www.backwinkel.de\/nachhaltig-denken\/\" target=\"\\_blank\" rel=\"noopener\"><br \/>\n<img decoding=\"async\" class=\"werbung-mobile alignnone wp-image-4187 size-full\" src=\"https:\/\/www.backwinkel.de\/blog\/wp-content\/uploads\/2026\/04\/Backwinkel-blog-werbebanner-shop-schule_mobile.jpg\" alt=\"\" width=\"550\" height=\"500\" \/><br \/>\n<\/a><\/p>\n<\/div>\n\t\t<\/div><\/div>\n\n<style type=\"text\/css\" data-created_by=\"avia_inline_auto\" id=\"style-css-av-1bk03r4-7290e7006dc717d0c49634eadd1b75b7\">\n.flex_column.av-1bk03r4-7290e7006dc717d0c49634eadd1b75b7{\nborder-radius:0px 0px 0px 0px;\npadding:0px 0px 0px 0px;\n}\n<\/style>\n<div  class='flex_column av-1bk03r4-7290e7006dc717d0c49634eadd1b75b7 av_one_full  avia-builder-el-14  el_after_av_sidebar  el_before_av_one_full  first flex_column_div av-zero-column-padding  '     ><section  class='av_textblock_section av-19po78w-9808fb8a8ea1133557c5a314b4b49fc8 '  ><div class='avia_textblock' >\n<style type=\"text\/css\" data-created_by=\"avia_inline_auto\" id=\"style-css-av-179aehs-3568271d77a329b692b7c7b1873064f8\">\n#top .hr.hr-invisible.av-179aehs-3568271d77a329b692b7c7b1873064f8{\nheight:20px;\n}\n<\/style>\n<div  class='hr av-179aehs-3568271d77a329b692b7c7b1873064f8 hr-invisible  avia-builder-el-16  avia-builder-el-no-sibling '><span class='hr-inner '><span class=\"hr-inner-style\"><\/span><\/span><\/div>\n<h2 id=\"1\" class=\"position\">Natur und kindliches Lernen<\/h2>\n<p>Die Natur ist f\u00fcr Kinder eine riesige Spielwiese, auch wenn es in ihr keine vom Menschen hergestellten Spielzeuge gibt. Die meisten Kinder werden schnell selbst erfinderisch und besch\u00e4ftigen sich mit allem, was sie umgibt. Wie selbstvergessen und vertieft sie z. B. an einem Bachlauf einen Damm bauen, Sandburgen auft\u00fcrmen oder mit St\u00f6cken in der Erde graben, haben wir alle sicher schon beobachtet. Erziehende k\u00f6nnen Kindern Impulse geben, um ihnen den Einstieg in die Auseinandersetzung mit der Natur zu erleichtern. Denn die Natur spricht alle Sinne an und bietet die M\u00f6glichkeit, sie auf viele verschiedene Arten zu erleben:<\/p>\n<ul>\n<li><strong>beobachten<\/strong>: Wie ver\u00e4ndern sich die Pflanzen und das Verhalten der Tiere mit den Jahreszeiten? Wie bewegen sich unterschiedliche Tierarten fort? Was fressen die unterschiedlichen Tiere?<\/li>\n<li><strong>entdecken<\/strong>: Welche Tiere leben unter einem umgest\u00fcrzten Baum? Welche Tiere zeigen sich in der D\u00e4mmerung? Welche Spuren hinterlassen die verschiedenen Tiere? Wo wachsen wilde Beeren und welche davon kann man essen?<\/li>\n<li><strong>bewegen<\/strong>: \u00fcber einen Baumstamm balancieren, \u00fcber einen Bachlauf springen, auf einen Baum klettern, auf einen H\u00fcgel steigen, auf Felsen klettern \u2026<\/li>\n<li><strong>f\u00fchlen<\/strong>: Wie f\u00fchlt sich eine Feder an, wie eine Schnecke? Kann man Baumarten durch das F\u00fchlen der Rinde oder Bl\u00e4tter unterscheiden? Wie f\u00fchlt es sich an, wenn ein K\u00e4fer auf der Hand krabbelt? Wie f\u00fchlen sich Moos, Lehm und Kieselsteine unter den nackten F\u00fc\u00dfen an?<\/li>\n<li><strong>riechen<\/strong>: Wie riecht ein hei\u00dfer Sommertag, wie ein Fr\u00fchlingsregen? Kann man Pilze riechen? Kann man unterschiedliche Blumen am Duft unterscheiden?<\/li>\n<li><strong>h\u00f6ren<\/strong>: Welche Laute machen unterschiedliche Tiere? Wie kommunizieren V\u00f6gel miteinander? Welche Ger\u00e4usche macht der Wald?<\/li>\n<li><strong>bauen<\/strong>: Kann man einen Zaun aus Zweigen bauen, etwas aus Gr\u00e4sern oder Binsen flechten? L\u00e4sst sich das Wasser im Bach stauen? Wie baut man ein Baumhaus, einen Schneemann, ein Iglu, eine Skulptur aus Sand oder Erde?<\/li>\n<li><strong>schmecken<\/strong>: Wie schmecken Bucheckern und Esskastanien? Wonach schmecken Sauerampfer, L\u00f6wenzahn und Brennnesseln und was muss man beim Verzehr beachten? Schmeckt Wasser aus einer Bergquelle anders als Leitungswasser? Wie schmeckt Schnee?<\/li>\n<\/ul>\n<h3>Der Mensch und die Natur \u2013 fr\u00fcher und heute<\/h3>\n<p>In den letzten Jahrzehnten hat sich unser Bezug und unser Verh\u00e4ltnis zur Natur stark gewandelt. Bedingt durch Technisierung und Digitalisierung haben wir heutzutage deutlich weniger Erlebnisse in der Natur als z. B. noch die Generation unserer Eltern und Gro\u00dfeltern.<\/p>\n<p>Kinder, die im d\u00f6rflichen Raum oder sogar auf dem Bauernhof gro\u00df werden, machen in ihrem Alltag ganz andere Erfahrungen als Stadtkinder. Sie erleben vielleicht die Geburt eines K\u00e4lbchens mit, helfen bei der Garten- oder Feldarbeit, klettern auf B\u00e4ume statt auf Kletterger\u00fcste, sind mit dem Rhythmus der Jahreszeiten vertrauter, da er die Ernte und den Alltag (mehr) bestimmt und wissen, dass die Milch aus dem Supermarkt ganz anders schmeckt als die frisch gemolkene, noch unbehandelte Milch.<\/p>\n<p>Zwar weist eine Studie aus Prag aus dem Jahr 2020 nach, dass Kinder im Vergleich zu 1900 mehr Naturerfahrungen machen, allerdings l\u00e4sst sich das Ergebnis vermutlich darauf zur\u00fcckf\u00fchren, dass naturnahe Erlebnisse <strong>damals<\/strong> eher <strong>beil\u00e4ufig<\/strong> geschahen und mit <strong>Arbeit<\/strong> verbunden waren, sodass dadurch Aufmerksamkeit und Wahrnehmung beeinflusst wurden.<\/p>\n<p>In Deutschland sind Naturerfahrungen heute nicht mehr so allt\u00e4glich und n\u00f6tig wie fr\u00fcher. Leider sind sie auch seltener m\u00f6glich. Gerade in Ballungszentren und Gro\u00dfst\u00e4dten gibt es zwar Spielpl\u00e4tze und Parks, aber kaum Brachland, Felder, W\u00e4lder oder Fl\u00fcsse. Unbelassene Natur, die Kinder nach eigenen Vorlieben entdecken k\u00f6nnen, ist selten geworden.<\/p>\n<h3>Bewusstsein f\u00fcr Nachhaltigkeit entwickeln<\/h3>\n<p>F\u00fcr Kinder im Allgemeinen und Stadtkinder im Besonderen ist heute oft der Zusammenhang zwischen unserer Existenz und der uns umgebenden Natur nicht mehr deutlich. Einen Fr\u00fchling ohne Regen erlebt ein Landwirt bewusster und mit direkteren, dramatischeren Konsequenzen als der Endverbraucher, der mehr f\u00fcr das Gem\u00fcse zahlt. Dieses Wissen haben Kinder nicht, sondern nur ihre Eltern. Dass der Apfel aus Neuseeland kommt und billiger ist als \u00c4pfel aus der Region, ist auch f\u00fcr Erwachsene schwer nachvollziehbar. Und dass der Apfel aus dem Garten vielleicht braune Stellen hat und ein Wurm darin wohnt, macht ihn f\u00fcr Kinder, die nur wenige Ber\u00fchrungspunkte mit der Natur haben, nicht gerade schmackhaft.<\/p>\n<p>Fleisch von gl\u00fccklichen Tieren ist \u00e4u\u00dferst selten und entsprechend teuer. Verbraucher wollen sich oft lieber keine Gedanken um artgerechte Haltung und ihre Definition machen. Plastikm\u00fcll und Mikroplastik in den Weltmeeren vernichtet langfristig immer mehr Meereslebewesen. Doch dieses Wissen ist f\u00fcr uns nicht so unmittelbar erfahrbar wie f\u00fcr jemanden, der seinen Lebensunterhalt durch Fischfang bestreitet und nun um seine Existenz k\u00e4mpft.<\/p>\n<p>F\u00fcr Kinder ist es eine wichtige Erfahrung, zu verstehen, dass wir Menschen auf unsere Umwelt angewiesen sind! Da sie in ihrem Alltag jedoch zunehmend weniger Gelegenheiten haben, mit der Natur in Kontakt zu treten, ist der Ansatz der Erlebnisp\u00e4dagogik besonders aktuell und wertvoll.<\/p>\n<h3>Erfolgserlebnisse durch praktisches Handeln<\/h3>\n<p>Die Natur bietet Kindern die M\u00f6glichkeit, mit allen Sinnen zu lernen, zur Ruhe zu finden und Empathie sowie Geduld zu trainieren. Besonders in der Erlebnisp\u00e4dagogik k\u00f6nnen auch schw\u00e4chere Sch\u00fcler Erfolge erzielen, wenn handlungsorientierte Ans\u00e4tze im Vordergrund stehen oder sie Naturerfahrungen mitbringen.<\/p>\n<p>Dadurch erfahren die Kinder ein neues Selbstwertgef\u00fchl, Anerkennung in der Gruppe und Gemeinschaftsgef\u00fchl. Der Blick der Mitsch\u00fcler auf die vermeintlichen Au\u00dfenseiter kann sich \u00e4ndern, wenn sie sich bei naturnahen Projekten als wichtige Teammitglieder herausstellen oder den anderen etwas beibringen k\u00f6nnen.<\/p>\n<p>Gleichzeitig ist bekannt, dass Menschen durch Handeln mehr lernen als durch Beobachten oder Zuh\u00f6ren. Je mehr Sinne beim Lernen angesprochen werden, umso mehr merken wir uns. Die Natur als Lernraum bietet eine Vielzahl von Impulsen, ob haptisch, visuell oder auditiv, spricht die kindliche Kreativit\u00e4t an und l\u00e4dt dazu ein, selbst aktiv zu werden.<\/p>\n<h3><a href=\"https:\/\/blog.backwinkel.de\/wp-content\/uploads\/2021\/07\/backwinkel-blog-schule-natur-speichererfolg-lernerfahrung-grafik.jpg\"><img decoding=\"async\" class=\"alignnone wp-image-7467\" src=\"https:\/\/blog.backwinkel.de\/wp-content\/uploads\/2021\/07\/backwinkel-blog-schule-natur-speichererfolg-lernerfahrung-grafik.jpg\" alt=\"\" width=\"800\" height=\"330\" \/><\/a><\/h3>\n<h3>Sinneseindr\u00fccke in der Natur erleben<\/h3>\n<p>Besonders Kinder lernen mit allen Sinnen: Wie riecht es nach dem Regen? Wie klingt das Rascheln, wenn wir durch trockenes Laub laufen? Wie f\u00fchlt sich die Rinde unterschiedlicher B\u00e4ume an? Wie bewegen sich die verschiedenen Tiere fort?<\/p>\n<p>Wenn wir in der Natur unterwegs sind, lernen wir, auf kleine Dinge zu achten. Wir werden achtsamer, beobachten geduldig, lernen Wertsch\u00e4tzung und kommen zur Ruhe. Daher ist es f\u00fcr Kinder eine bereichernde Erfahrung, in Kontakt mit der Natur zu treten \u2013 vor allem dann, wenn ihr Alltag oder Umfeld ihnen normalerweise nur bedingt die M\u00f6glichkeit dazu bietet.<\/p>\n<p>Zusammenfassend wirken sich Naturerfahrungen positiv auf eine Vielzahl von Faktoren, Kompetenzen und Eigenschaften aus.<\/p>\n<p><a href=\"https:\/\/blog.backwinkel.de\/wp-content\/uploads\/2021\/07\/backwinkel-blog-schule-natur-naturerfahrungen-grafik.jpg\"><img decoding=\"async\" class=\"alignnone wp-image-7466\" src=\"https:\/\/blog.backwinkel.de\/wp-content\/uploads\/2021\/07\/backwinkel-blog-schule-natur-naturerfahrungen-grafik.jpg\" alt=\"\" width=\"800\" height=\"512\" \/><\/a><\/p>\n<\/div><\/section><\/div>\n\n<style type=\"text\/css\" data-created_by=\"avia_inline_auto\" id=\"style-css-av-164vhy8-95d20025d86d292524feb9f505e86d1e\">\n.flex_column.av-164vhy8-95d20025d86d292524feb9f505e86d1e{\nborder-radius:0px 0px 0px 0px;\npadding:0px 0px 0px 0px;\n}\n<\/style>\n<div  class='flex_column av-164vhy8-95d20025d86d292524feb9f505e86d1e av_one_full  avia-builder-el-17  el_after_av_one_full  el_before_av_one_full  first flex_column_div av-zero-column-padding  column-top-margin'     ><section  class='av_textblock_section av-147lpps-c265bc26127010207b4cfb52d52cccd1 '  ><div class='avia_textblock' >\n<style type=\"text\/css\" data-created_by=\"avia_inline_auto\" id=\"style-css-av-12nxonk-e4225a97852cc4e6019ba71e67e69034\">\n#top .hr.hr-invisible.av-12nxonk-e4225a97852cc4e6019ba71e67e69034{\nheight:20px;\n}\n<\/style>\n<div  class='hr av-12nxonk-e4225a97852cc4e6019ba71e67e69034 hr-invisible  avia-builder-el-19  avia-builder-el-no-sibling '><span class='hr-inner '><span class=\"hr-inner-style\"><\/span><\/span><\/div>\n<h2 id=\"2\" class=\"position\">Die vielen Facetten der Erlebnisp\u00e4dagogik<\/h2>\n<p>Waldkinderg\u00e4rten, gr\u00fcne Klassenzimmer, Schulg\u00e4rten und Schulzoos, Ausfl\u00fcge in den Kletterpark oder ein Segelt\u00f6rn als Klassenfahrt: All das und noch viel mehr ist Erlebnisp\u00e4dagogik, bei der das handlungsorientierte Lernen besonders im Fokus steht. In unseren Beitr\u00e4gen \u00bb<a href=\"https:\/\/blog.backwinkel.de\/im-waldkindergarten\/\" target=\"_blank\" rel=\"noopener\">Im Waldkindergarten<\/a>\u00ab und \u00bb<a href=\"https:\/\/blog.backwinkel.de\/das-gruene-klassenzimmer\/\" target=\"_blank\" rel=\"noopener\">Das Gr\u00fcne Klassenzimmer<\/a>\u00ab finden Sie noch mehr hilfreiche Informationen.<\/p>\n<h3>Reflexion ist unerl\u00e4sslich<\/h3>\n<p>Bei allen erlebnisp\u00e4dagogischen Projekten und Erfahrungen ist die abschlie\u00dfende Reflexion ein unverzichtbarer Bestandteil, um das Erlebte und Gelernte zu verinnerlichen. Nur so ist gew\u00e4hrleistet, dass auch der Transfer der Erfahrungen in den Alltag gelingt: Was habe ich gelernt, was davon kann ich in meinem Alltag anwenden, inwiefern ver\u00e4ndert das Erlebte meine Sichtweise, meine Werte, mein zuk\u00fcnftiges Handeln?<\/p>\n<h3>Wegbereiter der Erlebnisp\u00e4dagogik<\/h3>\n<p>Lange bevor der Begriff \u00bbErlebnisp\u00e4dagogik\u00ab in den 1970er Jahren gepr\u00e4gt wurde, gab es bereits einige Wegbereiter, deren Einfluss bzgl. des handlungsorientierten Lernens unverkennbar ist:<\/p>\n<p><strong>John Locke (1632 \u2013 1704) <\/strong><\/p>\n<ul>\n<li>ging in seiner Lehre davon aus, dass Kinder bei ihrer Geburt ungepr\u00e4gt und unbedarft sind<\/li>\n<li>lehnte strenge Zucht und Ordnung in der Schule ab, Erziehung soll die Individualit\u00e4t f\u00f6rdern<\/li>\n<\/ul>\n<p><strong>Jean Jacques Rousseau (1712 \u2013 1778) <\/strong><\/p>\n<ul>\n<li>\u00fcber gef\u00fchlsgesteuertes Erkennen zur Vernunft<\/li>\n<li>Einfachheit, nat\u00fcrliche Bewegung in der Natur, unmittelbares Erleben mit allen Sinnen, Erwerb von Selbstst\u00e4ndigkeit, Lernen aus Erfahrung<\/li>\n<\/ul>\n<p><a href=\"https:\/\/www.neverest.at\/blog\/die-hintergruende-der-erlebnispaedagogik\/\" target=\"_blank\" rel=\"noopener\"><strong>Johann Heinrich Pestalozzi (1746 \u2013 1827)<\/strong><\/a><\/p>\n<ul>\n<li>ganzheitliches Lernen mit Kopf, Herz und Hand<\/li>\n<li>Liebe, gelebte Gemeinschaft, F\u00fcrsorge, Gemeinsinn und Dankbarkeit statt Lernen durch Belehrungen<\/li>\n<\/ul>\n<p><strong>Maria Montessori (1870 \u2013 1952) <\/strong><\/p>\n<ul>\n<li>Fokus auf die Individualit\u00e4t des Kindes, kindliche Neugier wecken und f\u00f6rdern<\/li>\n<li>Kinder sollen frei und ohne Wertung lernen, Freude am selbstt\u00e4tigen Lernen entwickeln<\/li>\n<\/ul>\n<p><a href=\"https:\/\/www.neverest.at\/blog\/die-hintergruende-der-erlebnispaedagogik\/\" target=\"_blank\" rel=\"noopener\"><strong>John Dewey (1895 \u2013 1952)<\/strong><\/a><\/p>\n<ul>\n<li>Learning by Doing<\/li>\n<li>Erfahrungen erwerben, um zu handeln, und durch Handeln Erfahrungen erwerben<\/li>\n<li>Reflexion ist unverzichtbar<\/li>\n<\/ul>\n<p><a href=\"https:\/\/www.neverest.at\/blog\/die-hintergruende-der-erlebnispaedagogik\/\" target=\"_blank\" rel=\"noopener\"><strong>Kurt Hahn (1886 \u2013 1974)<\/strong><\/a><\/p>\n<ul>\n<li>durch die fortgeschrittene Zivilisation verlieren Kinder k\u00f6rperliche F\u00e4higkeit, Empathie, Kreativit\u00e4t und Sorgfalt<\/li>\n<li>aktives Handeln in der Gruppe f\u00f6rdert die Kompetenzen der Kinder<\/li>\n<\/ul>\n<h3>Ziele der Erlebnisp\u00e4dagogik (heute)<\/h3>\n<p>Heutzutage liegt der Fokus der Erlebnisp\u00e4dagogik weniger auf der k\u00f6rperlichen Ert\u00fcchtigung als noch bei Kurt Hahn. Vielmehr sollen die Kinder Freude an Bewegung und ein Bewusstsein f\u00fcr Nachhaltigkeit entwickeln.<\/p>\n<p>Im Mittelpunkt steht immer das handlungsorientierte, ganzheitliche Lernen in der Gruppe. Die Lehrenden begleiten diesen Prozess und geben den Kindern m\u00f6glichst viel Autonomie. So machen die Kinder selbstgesteuert und in sozialer Interaktion ihre Lernerfahrungen.<\/p>\n<p>Ein recht neuer Teilbereich der Erlebnisp\u00e4dagogik ist City Bound. Diese Methode konzentriert sich auf erlebnisp\u00e4dagogische Aktivit\u00e4ten in der Stadt. Sie gibt Kindern die M\u00f6glichkeit, nicht allt\u00e4gliche Erfahrungen mit bestimmten Personen- bzw. Berufsgruppen oder Institutionen zu machen. So f\u00fchren sie z. B. Interviews mit unterschiedlichen Personengruppen wie Stra\u00dfenk\u00fcnstlern oder besichtigen die \u00f6rtliche Feuerwehr. Im Fokus steht neben dem sozialen Lernen und aktiven Handeln die Verbindung mit der gegebenen Infrastruktur in der eigenen Stadt. Dabei werden z. B. Fu\u00dfg\u00e4nger- und Einkaufszonen, Mitb\u00fcrgerinnen und -b\u00fcrger, der \u00d6PNV, Parks und weitere Herausforderungen einbezogen.<\/p>\n<\/div><\/section><\/div>\n\n<style type=\"text\/css\" data-created_by=\"avia_inline_auto\" id=\"style-css-av-xz2q28-74b54107ad82108aba5a3dc00b534747\">\n.flex_column.av-xz2q28-74b54107ad82108aba5a3dc00b534747{\nborder-radius:0px 0px 0px 0px;\npadding:0px 0px 0px 0px;\n}\n<\/style>\n<div  class='flex_column av-xz2q28-74b54107ad82108aba5a3dc00b534747 av_one_full  avia-builder-el-20  el_after_av_one_full  el_before_av_one_third  first flex_column_div av-zero-column-padding  column-top-margin'     ><section  class='av_textblock_section av-vpj71s-f76e2063e822981f450399ce228c21a5 '  ><div class='avia_textblock' >\n<style type=\"text\/css\" data-created_by=\"avia_inline_auto\" id=\"style-css-av-vbt5k0-7ddb4534eb9fbc7c2e7aa8f60e9ac8f0\">\n#top .hr.hr-invisible.av-vbt5k0-7ddb4534eb9fbc7c2e7aa8f60e9ac8f0{\nheight:20px;\n}\n<\/style>\n<div  class='hr av-vbt5k0-7ddb4534eb9fbc7c2e7aa8f60e9ac8f0 hr-invisible  avia-builder-el-22  avia-builder-el-no-sibling '><span class='hr-inner '><span class=\"hr-inner-style\"><\/span><\/span><\/div>\n<h2 id=\"3\" class=\"position\">Praktische Tipps f\u00fcr mehr Natur im Alltag<\/h2>\n<p>Es muss nicht gleich ein Urlaub auf dem Bauernhof oder Camping im Wald sein. Ideen, mit denen Sie die Natur in den Schulalltag integrieren, haben wir nachfolgend f\u00fcr Sie zusammengestellt:<\/p>\n<h3>Schnitzeljagd im Park<\/h3>\n<p>Bestimmt gibt es bei Ihnen in der N\u00e4he einen kleinen Park, den die meisten Kinder sogar vielleicht schon kennen. Erkunden Sie ihn gemeinsam mit Blick auf die Details: Was w\u00e4chst dort, was lebt dort, was kann man beobachten? Starten Sie mit Ihren SuS doch eine Rallye. Unsere Arbeitsbl\u00e4tter helfen bei Vorbereitung und Umsetzung.<\/p>\n<\/div><\/section><\/div>\n\n<style type=\"text\/css\" data-created_by=\"avia_inline_auto\" id=\"style-css-av-7i4iww-ec3a8c3e211ca486d266f5f6cc8d4ded\">\n.flex_column.av-7i4iww-ec3a8c3e211ca486d266f5f6cc8d4ded{\nborder-radius:0px 0px 0px 0px;\npadding:0px 0px 0px 0px;\n}\n<\/style>\n<div  class='flex_column av-7i4iww-ec3a8c3e211ca486d266f5f6cc8d4ded av_one_third  avia-builder-el-23  el_after_av_one_full  el_before_av_one_third  first flex_column_div av-zero-column-padding  column-top-margin'     ><section  class='av_textblock_section av-kqm2b819-e88a5907f1e837127c9bbc16452e2d4c '  ><div class='avia_textblock' ><p><a href=\"https:\/\/blog.backwinkel.de\/wp-content\/uploads\/2021\/07\/backwinkel-blog-schule-natur-schnitzeljagd-vorbereitung.jpg\"><img decoding=\"async\" class=\"alignnone wp-image-7472\" src=\"https:\/\/blog.backwinkel.de\/wp-content\/uploads\/2021\/07\/backwinkel-blog-schule-natur-schnitzeljagd-vorbereitung.jpg\" alt=\"\" width=\"364\" height=\"514\" srcset=\"https:\/\/www.backwinkel.de\/blog\/wp-content\/uploads\/2021\/07\/backwinkel-blog-schule-natur-schnitzeljagd-vorbereitung.jpg 1241w, https:\/\/www.backwinkel.de\/blog\/wp-content\/uploads\/2021\/07\/backwinkel-blog-schule-natur-schnitzeljagd-vorbereitung-1087x1536.jpg 1087w\" sizes=\"(max-width: 364px) 100vw, 364px\" \/><\/a><a href=\"https:\/\/blog.backwinkel.de\/wp-content\/uploads\/2021\/02\/backwinkel-blog-fingerspiele-fuer-alle-jahreszeiten-seite1.jpg\"> \u00a0 \u00a0 \u00a0 <\/a><\/p>\n<div  class='avia-button-wrap av-lsu7k-4292e132e3afb669c6389d59fb30622c-wrap avia-button-left  avia-builder-el-25  avia-builder-el-no-sibling '><a href='https:\/\/www.backwinkel.de\/downloads\/backwinkel-blog-schule-natur-schnitzeljagd-vorbereitung.pdf'  class='avia-button av-lsu7k-4292e132e3afb669c6389d59fb30622c av-link-btn avia-icon_select-no avia-size-medium avia-position-left avia-color-theme-color'  target=\"_blank\"  rel=\"noopener noreferrer\"  aria-label=\"Download \u2013 Arbeitsblatt Vorbereitung \"><span class='avia_iconbox_title' >Download \u2013 Arbeitsblatt Vorbereitung <\/span><\/a><\/div>\n<\/div><\/section><\/div>\n\n<style type=\"text\/css\" data-created_by=\"avia_inline_auto\" id=\"style-css-av-4m3o3k-a9427272df270482f237b1162d021758\">\n.flex_column.av-4m3o3k-a9427272df270482f237b1162d021758{\nborder-radius:0px 0px 0px 0px;\npadding:0px 0px 0px 0px;\n}\n<\/style>\n<div  class='flex_column av-4m3o3k-a9427272df270482f237b1162d021758 av_one_third  avia-builder-el-26  el_after_av_one_third  el_before_av_one_full  flex_column_div av-zero-column-padding  column-top-margin'     ><section  class='av_textblock_section av-kqm2bidn-2d42bc8eb229968248311c97effb7ac9 '  ><div class='avia_textblock' ><p><a href=\"https:\/\/blog.backwinkel.de\/wp-content\/uploads\/2021\/07\/backwinkel-blog-schule-natur-schnitzeljagd.jpg\"><img decoding=\"async\" class=\"alignnone wp-image-7471\" src=\"https:\/\/blog.backwinkel.de\/wp-content\/uploads\/2021\/07\/backwinkel-blog-schule-natur-schnitzeljagd.jpg\" alt=\"\" width=\"364\" height=\"514\" srcset=\"https:\/\/www.backwinkel.de\/blog\/wp-content\/uploads\/2021\/07\/backwinkel-blog-schule-natur-schnitzeljagd.jpg 1241w, https:\/\/www.backwinkel.de\/blog\/wp-content\/uploads\/2021\/07\/backwinkel-blog-schule-natur-schnitzeljagd-1087x1536.jpg 1087w\" sizes=\"(max-width: 364px) 100vw, 364px\" \/><\/a><a href=\"https:\/\/blog.backwinkel.de\/wp-content\/uploads\/2021\/02\/backwinkel-blog-fingerspiele-fuer-alle-jahreszeiten-seite1.jpg\"> \u00a0 \u00a0 \u00a0 <\/a><\/p>\n<div  class='avia-button-wrap av-2ykjbk-7a69ead43f2f07c383b5da139349df28-wrap avia-button-left  avia-builder-el-28  avia-builder-el-no-sibling '><a href='https:\/\/www.backwinkel.de\/downloads\/backwinkel-blog-schule-natur-schnitzeljagd.pdf'  class='avia-button av-2ykjbk-7a69ead43f2f07c383b5da139349df28 av-link-btn avia-icon_select-no avia-size-medium avia-position-left avia-color-theme-color'  target=\"_blank\"  rel=\"noopener noreferrer\"  aria-label=\"Download \u2013 Arbeitsblatt \"><span class='avia_iconbox_title' >Download \u2013 Arbeitsblatt <\/span><\/a><\/div>\n<\/div><\/section><\/div>\n\n<style type=\"text\/css\" data-created_by=\"avia_inline_auto\" id=\"style-css-av-4jwd5s-ac3b3a507f726986021406f174a99a20\">\n.flex_column.av-4jwd5s-ac3b3a507f726986021406f174a99a20{\nborder-radius:0px 0px 0px 0px;\npadding:0px 0px 0px 0px;\n}\n<\/style>\n<div  class='flex_column av-4jwd5s-ac3b3a507f726986021406f174a99a20 av_one_full  avia-builder-el-29  el_after_av_one_third  el_before_av_one_third  first flex_column_div av-zero-column-padding  column-top-margin'     ><section  class='av_textblock_section av-kqm2epmo-8e1261f2b3ef5a1bab2cc98060fb48f4 '  ><div class='avia_textblock' >\n<style type=\"text\/css\" data-created_by=\"avia_inline_auto\" id=\"style-css-av-2ozvww-f01972239f164e5180cd764981678692\">\n#top .hr.hr-invisible.av-2ozvww-f01972239f164e5180cd764981678692{\nheight:20px;\n}\n<\/style>\n<div  class='hr av-2ozvww-f01972239f164e5180cd764981678692 hr-invisible  avia-builder-el-31  avia-builder-el-no-sibling '><span class='hr-inner '><span class=\"hr-inner-style\"><\/span><\/span><\/div>\n<p>Vielleicht bietet der Park bei Ihnen um die Ecke auch noch weitere M\u00f6glichkeiten, z. B. einen Lageplan, anhand dessen sich die Kinder orientieren k\u00f6nnen. Beim Erkunden des Parks in Kleingruppen (unter Beaufsichtigung einer Begleitperson), f\u00f6rdern Sie spielerisch die Kommunikations- und Teamf\u00e4higkeit der Kinder:<\/p>\n<ul>\n<li>Wer \u00fcbernimmt welchen Bereich des Parks?<\/li>\n<li>Wer erledigt bestimmte Aufgaben?<\/li>\n<li>Wer kennt den Park gut und \u00fcbernimmt die F\u00fchrung?<\/li>\n<li>Wer bekommt den M\u00fcllgreifer?<\/li>\n<\/ul>\n<p>Nach der gelungenen Schnitzeljagd gibt es au\u00dferdem zahlreiche M\u00f6glichkeiten der Vertiefung:<\/p>\n<ul>\n<li>Wie hei\u00dfen die Baumarten (und Fr\u00fcchte) der gefundenen Bl\u00e4tter? Sie k\u00f6nnen die Bl\u00e4tter auch pressen und ein Herbarium erstellen.<\/li>\n<li>Wie hei\u00dfen die beobachteten V\u00f6gel und was wissen wir \u00fcber sie? Wie klingen die Vogelstimmen?<\/li>\n<li>Was l\u00e4sst sich aus gefundenen Gegenst\u00e4nden wie Federn basteln?<\/li>\n<li>Wie hei\u00dfen die Hunderassen, die im Park spazieren waren?<\/li>\n<li>Warum sind Parks und Natur wichtig f\u00fcr uns Menschen?<\/li>\n<\/ul>\n<p>Gleichzeitig bietet der von den Kindern gesammelte M\u00fcll einen guten Einstieg ins Thema Littering (s. Arbeitsblatt). Vielleicht stellen Sie aus dem M\u00fcll gemeinsam auch ein Kunstwerk oder eine Collage her, um auf das Thema aufmerksam zu machen!?<\/p>\n<h3><strong>Spaziergang durch die Kleingartenanlage <\/strong><\/h3>\n<p>Wenn es in Ihrer n\u00e4heren Umgebung an Seen oder W\u00e4ldern mangelt, ist auch eine Erkundungstour im Schrebergarten eine tolle M\u00f6glichkeit, Kindern die Natur n\u00e4herzubringen. Daf\u00fcr m\u00fcssen Sie nicht selbst einen Schrebergarten besitzen, aber vielleicht besitzt sogar die Familie eines Kindes eine Parzelle und freut sich auf einen Besuch.<\/p>\n<p>Schon ein Spaziergang durch die Schrebergartenanlage bietet viele spannende Fragen und Naturerlebnisse. Die Kinder machen beispielsweise Fotos, sodass sie sich anschlie\u00dfend im Unterricht oder zu Hause mit dem Gesehenen weiter besch\u00e4ftigen k\u00f6nnen:<\/p>\n<ul>\n<li>Wie viele verschiedene Blumen und Straucharten gibt es zu entdecken? Wie hei\u00dfen sie?<\/li>\n<li>Wie hei\u00dfen die Gem\u00fcse- und Obstsorten in den G\u00e4rten? Was w\u00e4chst unterirdisch, was \u00fcberirdisch? Wann sind die Fr\u00fcchte reif und was kann man Leckeres aus ihnen zaubern? Welche Gem\u00fcse- oder Obstsorten haben die Kinder vielleicht noch nie gegessen?<\/li>\n<li>Welche Insekten gibt es auf den Blumen zu entdecken? Warum sind Insekten wichtig f\u00fcr die Natur?<\/li>\n<li>Welche V\u00f6gel gibt es zu sehen und zu h\u00f6ren?<\/li>\n<\/ul>\n<p>Fertigen Sie mit Ihren SuS doch aus den sch\u00f6nsten Fotos ein Plakat mit Steckbriefen zu den Pflanzen und Tieren an und pr\u00e4sentieren Sie es im Klassenraum vor Ort oder online.<\/p>\n<h3>Barfu\u00dfpfad, F\u00fchl-S\u00e4ckchen und F\u00fchl-Memory aus Naturmaterialien<\/h3>\n<p>Nutzen Sie einen Spaziergang im Park dazu, um unterschiedliche Materialien zu sammeln:<\/p>\n<ul>\n<li>Bl\u00e4tter<\/li>\n<li>Gr\u00e4ser<\/li>\n<li>Moos<\/li>\n<li>Steinchen<\/li>\n<li>St\u00f6ckchen<\/li>\n<li>Erde<\/li>\n<li>Sand<\/li>\n<li>Eicheln, Kastanien, Bucheckern, Ahorn- oder Platanensamen<\/li>\n<li>Grassamen<\/li>\n<li>Pappelpollen<\/li>\n<\/ul>\n<p>Machen Sie mit Ihren SuS anschlie\u00dfend z. B. einen Barfu\u00dfpfad, ein F\u00fchl-Memory, F\u00fchls\u00e4ckchen oder ein Mobile draus.<\/p>\n<\/div><\/section><\/div>\n<div class='flex_column_table av-jxcy3x4s-fc5d4ad95756edaabc2bc972666892fb sc-av_one_third av-equal-height-column-flextable'>\n<style type=\"text\/css\" data-created_by=\"avia_inline_auto\" id=\"style-css-av-jxcy3x4s-fc5d4ad95756edaabc2bc972666892fb\">\n.flex_column.av-jxcy3x4s-fc5d4ad95756edaabc2bc972666892fb{\nborder-width:1px;\nborder-color:#ebebeb;\nborder-style:solid;\nborder-radius:0px 0px 0px 0px;\npadding:10px 10px 10px 10px;\n}\n<\/style>\n<div  class='flex_column av-jxcy3x4s-fc5d4ad95756edaabc2bc972666892fb av_one_third  avia-builder-el-32  el_after_av_one_full  el_before_av_one_third  first flex_column_table_cell av-equal-height-column av-align-top  column-top-margin'     ><p><section  class='av_textblock_section av-jxcz48fa-bb9d063fc629e33087d192f9b1171959 '  ><div class='avia_textblock' ><p><a href=\"https:\/\/www.backwinkel.de\/fingerpuppen-set-tiere.html\" target=\"_blank\" rel=\"noopener\"><img decoding=\"async\" class=\"alignnone wp-image-7479 size-full\" src=\"https:\/\/blog.backwinkel.de\/wp-content\/uploads\/2021\/07\/74177_abfallzange.jpg\" alt=\"\" width=\"500\" height=\"350\" \/><\/a><\/p>\n<p style=\"font-size: 20px; font-family: urw_grotesk_extra_narrowrg; text-align: left;\">Abfallzange Alu mit Stahlgriff<\/p>\n<p style=\"text-align: left;\"><div  class='avia-button-wrap av-8ssthn-2ed04ed879135a32e77daa5582e22327-wrap avia-button-center  avia-builder-el-34  avia-builder-el-no-sibling '><a href='https:\/\/www.backwinkel.de\/fingerpuppen-set-tiere.html'  class='avia-button av-8ssthn-2ed04ed879135a32e77daa5582e22327 av-link-btn avia-icon_select-no avia-size-medium avia-position-center avia-color-theme-color'  target=\"_blank\"  rel=\"noopener noreferrer\"  aria-label=\"zum Produkt\"><span class='avia_iconbox_title' >zum Produkt<\/span><\/a><\/div><\/p>\n<\/div><\/section><br \/>\n\n<style type=\"text\/css\" data-created_by=\"avia_inline_auto\" id=\"style-css-av-jkuvdh82-aaffa109cc7026366ba1d79a946245e7\">\n#top .hr.hr-invisible.av-jkuvdh82-aaffa109cc7026366ba1d79a946245e7{\nheight:20px;\n}\n<\/style>\n<div  class='hr av-jkuvdh82-aaffa109cc7026366ba1d79a946245e7 hr-invisible  avia-builder-el-35  el_after_av_textblock  avia-builder-el-last '><span class='hr-inner '><span class=\"hr-inner-style\"><\/span><\/span><\/div><\/p><\/div>\n<div class='av-flex-placeholder'><\/div>\n<style type=\"text\/css\" data-created_by=\"avia_inline_auto\" id=\"style-css-av-aakztc-3d1afd326279f0f6691556723d27c90b\">\n.flex_column.av-aakztc-3d1afd326279f0f6691556723d27c90b{\nborder-width:1px;\nborder-color:#ebebeb;\nborder-style:solid;\nborder-radius:0px 0px 0px 0px;\npadding:10px 10px 10px 10px;\n}\n<\/style>\n<div  class='flex_column av-aakztc-3d1afd326279f0f6691556723d27c90b av_one_third  avia-builder-el-36  el_after_av_one_third  el_before_av_one_third  flex_column_table_cell av-equal-height-column av-align-top  column-top-margin'     ><p><section  class='av_textblock_section av-kqm38gwb-cbb13a761e3c157b4b7ae7a9f2888caf '  ><div class='avia_textblock' ><p><a href=\"https:\/\/www.backwinkel.de\/die-bieneninsel.html\" target=\"_blank\" rel=\"noopener\"><img decoding=\"async\" class=\"alignnone wp-image-7478 size-full\" src=\"https:\/\/blog.backwinkel.de\/wp-content\/uploads\/2021\/07\/40472_bieneninsel.jpg\" alt=\"\" width=\"500\" height=\"350\" \/><\/a><\/p>\n<p style=\"font-size: 20px; font-family: urw_grotesk_extra_narrowrg; text-align: left;\">Die Bieneninsel<\/p>\n<p style=\"text-align: left;\"><div  class='avia-button-wrap av-vd9wg-6a4c08a52227ecb5f7e076c8d96790ef-wrap avia-button-center  avia-builder-el-38  avia-builder-el-no-sibling '><a href='https:\/\/www.backwinkel.de\/fingerpuppen-set-tiere.html'  class='avia-button av-vd9wg-6a4c08a52227ecb5f7e076c8d96790ef av-link-btn avia-icon_select-no avia-size-medium avia-position-center avia-color-theme-color'  target=\"_blank\"  rel=\"noopener noreferrer\"  aria-label=\"zum Produkt\"><span class='avia_iconbox_title' >zum Produkt<\/span><\/a><\/div><\/p>\n<\/div><\/section><br \/>\n\n<style type=\"text\/css\" data-created_by=\"avia_inline_auto\" id=\"style-css-av-6ufwgw-615963ffb2b7e0f071fbb3b3159377d2\">\n#top .hr.hr-invisible.av-6ufwgw-615963ffb2b7e0f071fbb3b3159377d2{\nheight:20px;\n}\n<\/style>\n<div  class='hr av-6ufwgw-615963ffb2b7e0f071fbb3b3159377d2 hr-invisible  avia-builder-el-39  el_after_av_textblock  avia-builder-el-last '><span class='hr-inner '><span class=\"hr-inner-style\"><\/span><\/span><\/div><\/p><\/div>\n<div class='av-flex-placeholder'><\/div>\n<style type=\"text\/css\" data-created_by=\"avia_inline_auto\" id=\"style-css-av-5wwc8w-47229358e922b11ede27eca6d871b693\">\n.flex_column.av-5wwc8w-47229358e922b11ede27eca6d871b693{\nborder-width:1px;\nborder-color:#ebebeb;\nborder-style:solid;\nborder-radius:0px 0px 0px 0px;\npadding:10px 10px 10px 10px;\n}\n<\/style>\n<div  class='flex_column av-5wwc8w-47229358e922b11ede27eca6d871b693 av_one_third  avia-builder-el-40  el_after_av_one_third  el_before_av_hr  flex_column_table_cell av-equal-height-column av-align-top  column-top-margin'     ><p><section  class='av_textblock_section av-kqm39kd3-6d1db4b8fe3b5d69d4402922b584df73 '  ><div class='avia_textblock' ><p><a href=\"https:\/\/www.backwinkel.de\/fuehlbox.html\" target=\"_blank\" rel=\"noopener\"><img decoding=\"async\" class=\"alignnone wp-image-7477 size-full\" src=\"https:\/\/blog.backwinkel.de\/wp-content\/uploads\/2021\/07\/2369_fuehlbox.jpg\" alt=\"\" width=\"500\" height=\"350\" \/><\/a><\/p>\n<p style=\"font-size: 20px; font-family: urw_grotesk_extra_narrowrg; text-align: left;\">F\u00fchlbox<\/p>\n<p style=\"text-align: left;\"><div  class='avia-button-wrap av-3jjf8w-f8f2c39ef85382f1fa79fe8dcd553710-wrap avia-button-center  avia-builder-el-42  avia-builder-el-no-sibling '><a href='https:\/\/www.backwinkel.de\/fuehlbox.html'  class='avia-button av-3jjf8w-f8f2c39ef85382f1fa79fe8dcd553710 av-link-btn avia-icon_select-no avia-size-medium avia-position-center avia-color-theme-color'  target=\"_blank\"  rel=\"noopener noreferrer\"  aria-label=\"zum Produkt\"><span class='avia_iconbox_title' >zum Produkt<\/span><\/a><\/div><\/p>\n<\/div><\/section><br \/>\n\n<style type=\"text\/css\" data-created_by=\"avia_inline_auto\" id=\"style-css-av-2w4vgg-1763aa0dd5e86e0ebf32dc9f8f428c5e\">\n#top .hr.hr-invisible.av-2w4vgg-1763aa0dd5e86e0ebf32dc9f8f428c5e{\nheight:20px;\n}\n<\/style>\n<div  class='hr av-2w4vgg-1763aa0dd5e86e0ebf32dc9f8f428c5e hr-invisible  avia-builder-el-43  el_after_av_textblock  avia-builder-el-last '><span class='hr-inner '><span class=\"hr-inner-style\"><\/span><\/span><\/div><\/p><\/div><\/div><!--close column table wrapper. Autoclose: 1 -->\n\n<style type=\"text\/css\" data-created_by=\"avia_inline_auto\" id=\"style-css-av-22z9yo-09a1fcbc253385a59f89400bd7f77997\">\n#top .hr.hr-invisible.av-22z9yo-09a1fcbc253385a59f89400bd7f77997{\nheight:60px;\n}\n<\/style>\n<div  class='hr av-22z9yo-09a1fcbc253385a59f89400bd7f77997 hr-invisible  avia-builder-el-44  el_after_av_one_third  el_before_av_one_full '><span class='hr-inner '><span class=\"hr-inner-style\"><\/span><\/span><\/div>\n\n<style type=\"text\/css\" data-created_by=\"avia_inline_auto\" id=\"style-css-av-298jj4-e0b256a831eec06744237f47300f43c7\">\n.flex_column.av-298jj4-e0b256a831eec06744237f47300f43c7{\nborder-radius:0px 0px 0px 0px;\npadding:0px 0px 0px 0px;\n}\n<\/style>\n<div  class='flex_column av-298jj4-e0b256a831eec06744237f47300f43c7 av_one_full  avia-builder-el-45  el_after_av_hr  el_before_av_hr  first flex_column_div av-zero-column-padding  '     ><section  class='av_textblock_section av-kqm2metl-1d2bca3efe1a6d5e23c10662d1510953 '  ><div class='avia_textblock' ><h3>Wettbewerbe, Mitmachprojekte, Forscheraktionen, Erlebnisfreizeiten, Jugendfarmen und Erlebnisspielpl\u00e4tze<\/h3>\n<p>Die Internetpr\u00e4senzen des Naturschutzbundes sowie des Bundes der Jugendfarmen und Aktivspielpl\u00e4tze e.V. haben zahlreiche Projekte im Angebot, die zum Kennenlernen und Sch\u00fctzen der Natur in Ihrer N\u00e4he einladen. Jugendfarmen bieten viele interaktive Spielangebote und Natur zum Anfassen wie Streichelzoos oder Gem\u00fcseg\u00e4rten \u2013 oft auch im Rahmen einer Ferienbetreuung, eines Schulbesuchs oder eines Kindergeburtstages.<\/p>\n<p>Lassen Sie sich inspirieren und begeben Sie sich mit Ihren Sch\u00fctzlingen auf Spurensuche in Flora und Fauna.<\/p>\n<\/div><\/section><\/div>\n\n<style type=\"text\/css\" data-created_by=\"avia_inline_auto\" id=\"style-css-av-kuyu7k-6d3e667109140bb0c82e0e654fc0017a\">\n#top .hr.av-kuyu7k-6d3e667109140bb0c82e0e654fc0017a{\nmargin-top:10px;\nmargin-bottom:10px;\n}\n.hr.av-kuyu7k-6d3e667109140bb0c82e0e654fc0017a .hr-inner{\nwidth:500;\n}\n<\/style>\n<div  class='hr av-kuyu7k-6d3e667109140bb0c82e0e654fc0017a hr-custom  avia-builder-el-47  el_after_av_one_full  el_before_av_one_full  hr-left hr-icon-no'><span class='hr-inner inner-border-av-border-none'><span class=\"hr-inner-style\"><\/span><\/span><\/div>\n\n<style type=\"text\/css\" data-created_by=\"avia_inline_auto\" id=\"style-css-av-j6up9c-beb048f2ca19fa7aab3db2f353ef2c60\">\n.flex_column.av-j6up9c-beb048f2ca19fa7aab3db2f353ef2c60{\nborder-radius:0px 0px 0px 0px;\npadding:10px 10px 10px 10px;\nbackground-color:#f2f2f2;\n}\n<\/style>\n<div  class='flex_column av-j6up9c-beb048f2ca19fa7aab3db2f353ef2c60 av_one_full  avia-builder-el-48  el_after_av_hr  el_before_av_one_full  first flex_column_div  '     ><section  class='av_textblock_section av-i6lty8-e6660878164e063d30032cff0f657803 '  ><div class='avia_textblock' ><p class=\"fussnoten-quellen\"><strong>Lesestoff: <\/strong><\/p>\n<p class=\"fussnoten-quellen\">Adressen von Jugendfarmen und Erlebnisspielpl\u00e4tzen: <a href=\"https:\/\/www.bdja.org\/standorte\/google-maps-uebersicht\/\" target=\"_blank\" rel=\"noopener\">https:\/\/www.bdja.org\/standorte\/google-maps-uebersicht\/<\/a><\/p>\n<p class=\"fussnoten-quellen\">Brosch\u00fcre zum Thema Erlebnisp\u00e4dagogik: <a href=\"https:\/\/bit.ly\/2SGpZSr\" target=\"_blank\" rel=\"noopener\">https:\/\/bit.ly\/2SGpZSr<\/a><\/p>\n<p class=\"fussnoten-quellen\">Artikel \u00fcber eine tschechische Studie \u00fcber Naturerfahrungen bei Kindern: <a href=\"https:\/\/www.businessinsider.de\/leben\/kinder-haben-mehr-erlebnisse-in-der-natur-als-noch-vor-120-jahren\/\" target=\"_blank\" rel=\"noopener\">https:\/\/www.businessinsider.de\/leben\/kinder-haben-mehr-erlebnisse-in-der-natur-als-noch-vor-120-jahren\/<\/a><\/p>\n<p class=\"fussnoten-quellen\">Monique Kerschefski, \u201eNaturentfremdung und kindliche Entwicklung\u201c Warum Naturerlebnisse so wichtig sind, erschienen auf Natursoziologie.de 10\/2017<\/p>\n<p class=\"fussnoten-quellen\">Auszug aus der Diplomarbeit \u201eNaturerlebnis in Kindertagesst\u00e4tten \u2013 Die Umgestaltung des Kita-Spielplatzes in C\u00f6lpin unter naturp\u00e4dagogischen Aspekten\u201c erstellt am Fachbereich \u201eLandschaftsarchitektur, Geoinformatik, Geod\u00e4sie und Bauingenieurwesen\u201c der Hochschule Neubrandenburg im Studiengang: \u201eLandschaftsarchitektur und Umweltplanung\u201c 2010 <a href=\"https:\/\/bit.ly\/3hpiFmM\" target=\"_blank\" rel=\"noopener\">https:\/\/bit.ly\/3hpiFmM<\/a><\/p>\n<p class=\"fussnoten-quellen\">Ideen, Wettbewerbe und Projekte zum Thema Natur f\u00fcr Kindern: <a href=\"https:\/\/www.nabu.de\/wir-ueber-uns\/organisation\/naju\/kinder\/index.html\" target=\"_blank\" rel=\"noopener\">https:\/\/www.nabu.de\/wir-ueber-uns\/organisation\/naju\/kinder\/index.html<\/a><\/p>\n<p class=\"fussnoten-quellen\">Artikel \u00fcber die Wegbereiter der Erlebnisp\u00e4dagogik: <a href=\"https:\/\/www.neverest.at\/blog\/die-hintergruende-der-erlebnispaedagogik\/\" target=\"_blank\" rel=\"noopener\">https:\/\/www.neverest.at\/blog\/die-hintergruende-der-erlebnispaedagogik\/<\/a><\/p>\n<p class=\"fussnoten-quellen\">Diana Schrieber, ERLEBNISP\u00c4DAGOGIK \u2013 Ein \u00dcberblick zum erlebnisorientierten Lernen durch den Kopf, die Hand und das Herz: <a href=\"https:\/\/bit.ly\/3AjItcs\" target=\"_blank\" rel=\"noopener\">https:\/\/bit.ly\/3AjItcs<\/a><\/p>\n<\/div><\/section><\/div>\n\n<style type=\"text\/css\" data-created_by=\"avia_inline_auto\" id=\"style-css-av-g42kq8-bd3729e967a34efd8bbb9ae2564f4df8\">\n.flex_column.av-g42kq8-bd3729e967a34efd8bbb9ae2564f4df8{\nborder-radius:0px 0px 0px 0px;\npadding:10px 10px 10px 10px;\n}\n<\/style>\n<div  class='flex_column av-g42kq8-bd3729e967a34efd8bbb9ae2564f4df8 av_one_full  avia-builder-el-50  el_after_av_one_full  el_before_av_one_full  first flex_column_div  column-top-margin'     ><section  class='av_textblock_section av-dxr03k-6e7800320977f3586d0adddd9f9bb761 '  ><div class='avia_textblock' ><p class=\"copyright\"><strong>\u00a9 Copyright \u2013 Urheberrechtshinweis<\/strong><br \/>\nAlle Inhalte auf www.backwinkel.de sowie www.backwinkel.de\/blog, insbesondere Texte, Fotografien und Grafiken, sind urheberrechtlich gesch\u00fctzt.<br \/>\nDas Urheberrecht liegt, soweit nicht ausdr\u00fccklich anders gekennzeichnet, bei der BACKWINKEL GmbH. Bitte fragen Sie uns, falls Sie die Inhalte dieses Internetangebotes verwenden m\u00f6chten.<br \/>\nWer gegen das Urheberrecht verst\u00f6\u00dft (z. B. Bilder oder Texte unerlaubt kopiert), macht sich gem. \u00a7\u00a7 106 ff UrhG strafbar, wird zudem kostenpflichtig abgemahnt und muss Schadensersatz leisten (\u00a7 97 UrhG).<\/p>\n<\/div><\/section><\/div>\n\n<style type=\"text\/css\" data-created_by=\"avia_inline_auto\" id=\"style-css-av-c35vsw-2aef0de49fda85f9a0a67fcb538acc63\">\n.flex_column.av-c35vsw-2aef0de49fda85f9a0a67fcb538acc63{\nborder-radius:0px 0px 0px 0px;\npadding:0px 0px 0px 0px;\n}\n<\/style>\n<div  class='flex_column av-c35vsw-2aef0de49fda85f9a0a67fcb538acc63 av_one_full  avia-builder-el-52  el_after_av_one_full  avia-builder-el-last  first flex_column_div av-zero-column-padding  column-top-margin'     ><p><section  class='av_textblock_section av-apwh7k-d8232122b6b7b00205644e0b39168925 '  ><div class='avia_textblock' ><div class=\"shariff shariff-align-left shariff-widget-align-left\"><ul class=\"shariff-buttons theme-color orientation-horizontal buttonsize-medium\"><li class=\"shariff-button whatsapp shariff-nocustomcolor\" style=\"background-color:#5cbe4a\"><a href=\"https:\/\/api.whatsapp.com\/send?text=https%3A%2F%2Fwww.backwinkel.de%2Fblog%2Fnatur-als-entwicklungsraum%2F%20Natur%20als%20Entwicklungsraum\" title=\"Bei Whatsapp teilen\" aria-label=\"Bei Whatsapp teilen\" role=\"button\" rel=\"noopener nofollow\" class=\"shariff-link\" style=\"; background-color:#34af23; color:#fff\" target=\"_blank\"><span class=\"shariff-icon\" style=\"\"><svg width=\"32px\" height=\"20px\" xmlns=\"http:\/\/www.w3.org\/2000\/svg\" viewBox=\"0 0 32 32\"><path fill=\"#34af23\" d=\"M17.6 17.4q0.2 0 1.7 0.8t1.6 0.9q0 0.1 0 0.3 0 0.6-0.3 1.4-0.3 0.7-1.3 1.2t-1.8 0.5q-1 0-3.4-1.1-1.7-0.8-3-2.1t-2.6-3.3q-1.3-1.9-1.3-3.5v-0.1q0.1-1.6 1.3-2.8 0.4-0.4 0.9-0.4 0.1 0 0.3 0t0.3 0q0.3 0 0.5 0.1t0.3 0.5q0.1 0.4 0.6 1.6t0.4 1.3q0 0.4-0.6 1t-0.6 0.8q0 0.1 0.1 0.3 0.6 1.3 1.8 2.4 1 0.9 2.7 1.8 0.2 0.1 0.4 0.1 0.3 0 1-0.9t0.9-0.9zM14 26.9q2.3 0 4.3-0.9t3.6-2.4 2.4-3.6 0.9-4.3-0.9-4.3-2.4-3.6-3.6-2.4-4.3-0.9-4.3 0.9-3.6 2.4-2.4 3.6-0.9 4.3q0 3.6 2.1 6.6l-1.4 4.2 4.3-1.4q2.8 1.9 6.2 1.9zM14 2.2q2.7 0 5.2 1.1t4.3 2.9 2.9 4.3 1.1 5.2-1.1 5.2-2.9 4.3-4.3 2.9-5.2 1.1q-3.5 0-6.5-1.7l-7.4 2.4 2.4-7.2q-1.9-3.2-1.9-6.9 0-2.7 1.1-5.2t2.9-4.3 4.3-2.9 5.2-1.1z\"\/><\/svg><\/span><span class=\"shariff-text\">teilen<\/span>&nbsp;<\/a><\/li><li class=\"shariff-button facebook shariff-nocustomcolor\" style=\"background-color:#4273c8\"><a href=\"https:\/\/www.facebook.com\/sharer\/sharer.php?u=https%3A%2F%2Fwww.backwinkel.de%2Fblog%2Fnatur-als-entwicklungsraum%2F\" title=\"Bei Facebook teilen\" aria-label=\"Bei Facebook teilen\" role=\"button\" rel=\"nofollow\" class=\"shariff-link\" style=\"; background-color:#3b5998; color:#fff\" target=\"_blank\"><span class=\"shariff-icon\" style=\"\"><svg width=\"32px\" height=\"20px\" xmlns=\"http:\/\/www.w3.org\/2000\/svg\" viewBox=\"0 0 18 32\"><path fill=\"#3b5998\" d=\"M17.1 0.2v4.7h-2.8q-1.5 0-2.1 0.6t-0.5 1.9v3.4h5.2l-0.7 5.3h-4.5v13.6h-5.5v-13.6h-4.5v-5.3h4.5v-3.9q0-3.3 1.9-5.2t5-1.8q2.6 0 4.1 0.2z\"\/><\/svg><\/span><span class=\"shariff-text\">teilen<\/span>&nbsp;<\/a><\/li><li class=\"shariff-button twitter shariff-nocustomcolor\" style=\"background-color:#595959\"><a href=\"https:\/\/twitter.com\/share?url=https%3A%2F%2Fwww.backwinkel.de%2Fblog%2Fnatur-als-entwicklungsraum%2F&text=Natur%20als%20Entwicklungsraum\" title=\"Bei X teilen\" aria-label=\"Bei X teilen\" role=\"button\" rel=\"noopener nofollow\" class=\"shariff-link\" style=\"; background-color:#000; color:#fff\" target=\"_blank\"><span class=\"shariff-icon\" style=\"\"><svg width=\"32px\" height=\"20px\" xmlns=\"http:\/\/www.w3.org\/2000\/svg\" viewBox=\"0 0 24 24\"><path fill=\"#000\" d=\"M14.258 10.152L23.176 0h-2.113l-7.747 8.813L7.133 0H0l9.352 13.328L0 23.973h2.113l8.176-9.309 6.531 9.309h7.133zm-2.895 3.293l-.949-1.328L2.875 1.56h3.246l6.086 8.523.945 1.328 7.91 11.078h-3.246zm0 0\"\/><\/svg><\/span><span class=\"shariff-text\">teilen<\/span>&nbsp;<\/a><\/li><li class=\"shariff-button pinterest shariff-nocustomcolor\" style=\"background-color:#e70f18\"><a href=\"https:\/\/www.pinterest.com\/pin\/create\/link\/?url=https%3A%2F%2Fwww.backwinkel.de%2Fblog%2Fnatur-als-entwicklungsraum%2F&media=https%3A%2F%2Fwww.backwinkel.de%2Fblog%2Fwp-content%2Fuploads%2F2021%2F07%2Fbackwinkel-blog-natur-als-entwicklungsraum-heroimage.jpg&description=Natur%20als%20Entwicklungsraum\" title=\"Bei Pinterest pinnen\" aria-label=\"Bei Pinterest pinnen\" role=\"button\" rel=\"noopener nofollow\" class=\"shariff-link\" style=\"; background-color:#cb2027; color:#fff\" target=\"_blank\"><span class=\"shariff-icon\" style=\"\"><svg width=\"32px\" height=\"20px\" xmlns=\"http:\/\/www.w3.org\/2000\/svg\" viewBox=\"0 0 27 32\"><path fill=\"#cb2027\" d=\"M27.4 16q0 3.7-1.8 6.9t-5 5-6.9 1.9q-2 0-3.9-0.6 1.1-1.7 1.4-2.9 0.2-0.6 1-3.8 0.4 0.7 1.3 1.2t2 0.5q2.1 0 3.8-1.2t2.7-3.4 0.9-4.8q0-2-1.1-3.8t-3.1-2.9-4.5-1.2q-1.9 0-3.5 0.5t-2.8 1.4-2 2-1.2 2.3-0.4 2.4q0 1.9 0.7 3.3t2.1 2q0.5 0.2 0.7-0.4 0-0.1 0.1-0.5t0.2-0.5q0.1-0.4-0.2-0.8-0.9-1.1-0.9-2.7 0-2.7 1.9-4.6t4.9-2q2.7 0 4.2 1.5t1.5 3.8q0 3-1.2 5.2t-3.1 2.1q-1.1 0-1.7-0.8t-0.4-1.9q0.1-0.6 0.5-1.7t0.5-1.8 0.2-1.4q0-0.9-0.5-1.5t-1.4-0.6q-1.1 0-1.9 1t-0.8 2.6q0 1.3 0.4 2.2l-1.8 7.5q-0.3 1.2-0.2 3.2-3.7-1.6-6-5t-2.3-7.6q0-3.7 1.9-6.9t5-5 6.9-1.9 6.9 1.9 5 5 1.8 6.9z\"\/><\/svg><\/span><span class=\"shariff-text\">merken<\/span>&nbsp;<\/a><\/li><li class=\"shariff-button mailto shariff-nocustomcolor\" style=\"background-color:#a8a8a8\"><a href=\"mailto:?body=https%3A%2F%2Fwww.backwinkel.de%2Fblog%2Fnatur-als-entwicklungsraum%2F&subject=Natur%20als%20Entwicklungsraum\" title=\"Per E-Mail versenden\" aria-label=\"Per E-Mail versenden\" role=\"button\" rel=\"noopener nofollow\" class=\"shariff-link\" style=\"; background-color:#999; color:#fff\"><span class=\"shariff-icon\" style=\"\"><svg width=\"32px\" height=\"20px\" xmlns=\"http:\/\/www.w3.org\/2000\/svg\" viewBox=\"0 0 32 32\"><path fill=\"#999\" d=\"M32 12.7v14.2q0 1.2-0.8 2t-2 0.9h-26.3q-1.2 0-2-0.9t-0.8-2v-14.2q0.8 0.9 1.8 1.6 6.5 4.4 8.9 6.1 1 0.8 1.6 1.2t1.7 0.9 2 0.4h0.1q0.9 0 2-0.4t1.7-0.9 1.6-1.2q3-2.2 8.9-6.1 1-0.7 1.8-1.6zM32 7.4q0 1.4-0.9 2.7t-2.2 2.2q-6.7 4.7-8.4 5.8-0.2 0.1-0.7 0.5t-1 0.7-0.9 0.6-1.1 0.5-0.9 0.2h-0.1q-0.4 0-0.9-0.2t-1.1-0.5-0.9-0.6-1-0.7-0.7-0.5q-1.6-1.1-4.7-3.2t-3.6-2.6q-1.1-0.7-2.1-2t-1-2.5q0-1.4 0.7-2.3t2.1-0.9h26.3q1.2 0 2 0.8t0.9 2z\"\/><\/svg><\/span><span class=\"shariff-text\">E-Mail<\/span>&nbsp;<\/a><\/li><\/ul><\/div>\n<\/div><\/section><br \/>\n<div  class='tabcontainer av-8qy1c0-552eca828ed8333f04a7d705432c8f24 top_tab  avia-builder-el-54  el_after_av_textblock  el_before_av_hr '>\n<section class='av_tab_section av_tab_section av-73pen4-5a181e3c9f9f47a45f7e6d1c35cd5e55' ><div id='tab-id-1-tab' class='tab active_tab' role='tab' aria-selected=\"true\" tabindex=\"0\" data-fake-id='#tab-id-1' aria-controls='tab-id-1-content' >Das BACKWINKEL-Blog-Team:<\/div><div id='tab-id-1-content' class='tab_content active_tab_content' role='tabpanel' aria-labelledby='tab-id-1-tab' aria-hidden=\"false\"><div class='tab_inner_content invers-color' ><p><img decoding=\"async\" class=\"wp-image-1768 alignleft\" title=\"BACKWINKEL-Blog \u2013 Das Team\" src=\"https:\/\/blog.backwinkel.de\/wp-content\/uploads\/2018\/10\/backwinkel-blog-autorenbox-intern_preview-300x198.jpg\" alt=\"\" width=\"300\" height=\"198\" \/>Gibts auch ein Gesicht hinter dem BACKWINKEL-Blog? Ja. Vier ?. Drei davon sogar mit Foto.<\/p>\n<p><span style=\"font-style: inherit !important; font-weight: inherit !important;\">Wir \u2013 Lukas, Tatjana, Stefan und Christine \u2013 bespielen unseren Blog unter dem Motto LACHEN LESEN LERNEN. <\/span><\/p>\n<p><span style=\"font-style: inherit !important; font-weight: inherit !important;\">Lukas kennt sich online so gut aus wie in seiner Westentasche und findet immer spannende Themen, w\u00e4hrend Stefan unseren Beitr\u00e4gen den passenden gestalterischen Rahmen gibt und Tatjana mit dem gr\u00fcnen Korrekturstift alles pr\u00fcfend be\u00e4ugt, was unsere Autorin Christine (und gern auch Gastautoren) f\u00fcr den BACKWINKEL-Blog nach ordentlicher Recherche schreibt.<\/span><\/p>\n<p>Gemeinsam suchen wir st\u00e4ndig nach neuen, aufregenden Themen rund um das Thema Bildung im Kiga, der Schule und zu Hause. Und weil Sie da an der Quelle sitzen, freuen wir uns auf Ihre konstruktiven R\u00fcckmeldungen und Anregungen an <a href=\"mailto:blog@backwinkel.de\">blog@backwinkel.de<\/a><\/p>\n<p>Viel Spa\u00df beim LACHEN LESEN LERNEN!<\/p>\n<\/div><\/div><\/section>\n<\/div><br \/>\n\n<style type=\"text\/css\" data-created_by=\"avia_inline_auto\" id=\"style-css-av-64sjq8-11e10e14184467ef35bd7c74d33a33bf\">\n#top .hr.av-64sjq8-11e10e14184467ef35bd7c74d33a33bf{\nmargin-top:10px;\nmargin-bottom:10px;\n}\n.hr.av-64sjq8-11e10e14184467ef35bd7c74d33a33bf .hr-inner{\nwidth:500;\n}\n<\/style>\n<div  class='hr av-64sjq8-11e10e14184467ef35bd7c74d33a33bf hr-custom  avia-builder-el-55  el_after_av_tab_container  el_before_av_heading  hr-left hr-icon-no'><span class='hr-inner inner-border-av-border-thin'><span class=\"hr-inner-style\"><\/span><\/span><\/div><br \/>\n\n<style type=\"text\/css\" data-created_by=\"avia_inline_auto\" id=\"style-css-av-4hwckg-eee1e7a8835cfdc6a5ca1a688594a6cb\">\n#top .av-special-heading.av-4hwckg-eee1e7a8835cfdc6a5ca1a688594a6cb{\npadding-bottom:10px;\n}\nbody .av-special-heading.av-4hwckg-eee1e7a8835cfdc6a5ca1a688594a6cb .av-special-heading-tag .heading-char{\nfont-size:25px;\n}\n.av-special-heading.av-4hwckg-eee1e7a8835cfdc6a5ca1a688594a6cb .av-subheading{\nfont-size:15px;\n}\n<\/style>\n<div  class='av-special-heading av-4hwckg-eee1e7a8835cfdc6a5ca1a688594a6cb av-special-heading-h3 blockquote modern-quote  avia-builder-el-56  el_after_av_hr  el_before_av_blog '><h3 class='av-special-heading-tag '  >PASSENDE BEITR\u00c4GE<\/h3><div class=\"special-heading-border\"><div class=\"special-heading-inner-border\"><\/div><\/div><\/div><br \/>\n<div  data-slideshow-options=\"{&quot;animation&quot;:&quot;fade&quot;,&quot;autoplay&quot;:false,&quot;loop_autoplay&quot;:&quot;once&quot;,&quot;interval&quot;:5,&quot;loop_manual&quot;:&quot;manual-endless&quot;,&quot;autoplay_stopper&quot;:false,&quot;noNavigation&quot;:false,&quot;show_slide_delay&quot;:90}\" class='avia-content-slider avia-content-grid-active avia-content-slider1 avia-content-slider-odd  avia-builder-el-57  el_after_av_heading  avia-builder-el-last  av-slideshow-ui av-control-default   av-no-slider-navigation av-slideshow-manual av-loop-once av-loop-manual-endless ' ><div class=\"avia-content-slider-inner\"><div class=\"slide-entry-wrap\"><article class='slide-entry flex_column  post-entry post-entry-18633 slide-entry-overview slide-loop-1 slide-parity-odd  av_one_third first real-thumbnail posttype-post post-format-standard' ><a href='https:\/\/www.backwinkel.de\/blog\/plastik-recyceln\/' data-rel='slide-1' class='slide-image' title='Plastik recyceln'><img decoding=\"async\" fetchpriority=\"high\" width=\"1200\" height=\"628\" src=\"https:\/\/www.backwinkel.de\/blog\/wp-content\/uploads\/2026\/04\/04_Kiga_Plastik_nachhaltig_nutzen.jpg\" class=\"wp-image-18713 avia-img-lazy-loading-not-18713 attachment-no scaling size-no scaling wp-post-image\" alt=\"\" \/><\/a><div class=\"slide-content\"><header class=\"entry-content-header\" aria-label=\"Slide: Plastik recyceln\"><h3 class='slide-entry-title entry-title ' ><a href='https:\/\/www.backwinkel.de\/blog\/plastik-recyceln\/' title='Plastik recyceln'>Plastik recyceln<\/a><\/h3><span class=\"blog-categories minor-meta\"><a href=\"https:\/\/www.backwinkel.de\/blog\/category\/kindergarten-kita\/\" rel=\"tag\">Kindergarten<\/a> <\/span><span class=\"av-vertical-delimiter\"><\/span><\/header><div class='slide-entry-excerpt entry-content' >Biokunststoff f\u00fcr St\u00fchle, Materialboxen, Spielzeug und Rucks\u00e4cke<\/div><\/div><footer class=\"entry-footer\"><div class=\"slide-meta\"><time class='slide-meta-time updated' >14. April 2026<\/time><\/div><\/footer><\/article><article class='slide-entry flex_column  post-entry post-entry-18716 slide-entry-overview slide-loop-2 slide-parity-even  av_one_third  real-thumbnail posttype-post post-format-standard' ><a href='https:\/\/www.backwinkel.de\/blog\/rechnen-im-anfangsunterricht\/' data-rel='slide-1' class='slide-image' title='Rechnen im Anfangsunterricht'><img decoding=\"async\" fetchpriority=\"high\" width=\"1200\" height=\"628\" src=\"https:\/\/www.backwinkel.de\/blog\/wp-content\/uploads\/2026\/04\/04_Schule_Rechnen_anfangsunterricht.jpg\" class=\"wp-image-18748 avia-img-lazy-loading-not-18748 attachment-no scaling size-no scaling wp-post-image\" alt=\"\" \/><\/a><div class=\"slide-content\"><header class=\"entry-content-header\" aria-label=\"Slide: Rechnen im Anfangsunterricht\"><h3 class='slide-entry-title entry-title ' ><a href='https:\/\/www.backwinkel.de\/blog\/rechnen-im-anfangsunterricht\/' title='Rechnen im Anfangsunterricht'>Rechnen im Anfangsunterricht<\/a><\/h3><span class=\"blog-categories minor-meta\"><a href=\"https:\/\/www.backwinkel.de\/blog\/category\/schule-grundschule\/\" rel=\"tag\">Schule<\/a> <\/span><span class=\"av-vertical-delimiter\"><\/span><\/header><div class='slide-entry-excerpt entry-content' >Das Klassenzimmer als Lernlandschaft<\/div><\/div><footer class=\"entry-footer\"><div class=\"slide-meta\"><time class='slide-meta-time updated' >14. April 2026<\/time><\/div><\/footer><\/article><article class='slide-entry flex_column  post-entry post-entry-18372 slide-entry-overview slide-loop-3 slide-parity-odd  post-entry-last  av_one_third  real-thumbnail posttype-post post-format-standard' ><a href='https:\/\/www.backwinkel.de\/blog\/kranke-kinder-im-kindergarten\/' data-rel='slide-1' class='slide-image' title='Kranke Kinder im Kindergarten'><img decoding=\"async\" fetchpriority=\"high\" width=\"1200\" height=\"628\" src=\"https:\/\/www.backwinkel.de\/blog\/wp-content\/uploads\/2026\/03\/03_Kiga_Kranke_Kinder.jpg\" class=\"wp-image-18451 avia-img-lazy-loading-not-18451 attachment-no scaling size-no scaling wp-post-image\" alt=\"Thema: Kranke Kinder. Auf dem Bild ist ein krankes kleines M\u00e4dchen zu sehen. Eine Frau mit einem Fieberthermometer in der Hand sitzt neben ihr und hat die Hand auf der Stirn des M\u00e4dchens.\" \/><\/a><div class=\"slide-content\"><header class=\"entry-content-header\" aria-label=\"Slide: Kranke Kinder im Kindergarten\"><h3 class='slide-entry-title entry-title ' ><a href='https:\/\/www.backwinkel.de\/blog\/kranke-kinder-im-kindergarten\/' title='Kranke Kinder im Kindergarten'>Kranke Kinder im Kindergarten<\/a><\/h3><span class=\"blog-categories minor-meta\"><a href=\"https:\/\/www.backwinkel.de\/blog\/category\/kindergarten-kita\/\" rel=\"tag\">Kindergarten<\/a> <\/span><span class=\"av-vertical-delimiter\"><\/span><\/header><div class='slide-entry-excerpt entry-content' >Auswirkungen f\u00fcr Kinder, Eltern und Fachkr\u00e4fte<\/div><\/div><footer class=\"entry-footer\"><div class=\"slide-meta\"><time class='slide-meta-time updated' >9. M\u00e4rz 2026<\/time><\/div><\/footer><\/article><\/div><\/div><\/div><\/p><\/div>\n","protected":false},"excerpt":{"rendered":"<p>Wie kindliches Lernen auch funktioniert <\/p>\n","protected":false},"author":3,"featured_media":7437,"comment_status":"closed","ping_status":"closed","sticky":false,"template":"","format":"standard","meta":{"inline_featured_image":false,"footnotes":""},"categories":[6],"tags":[],"class_list":["post-7456","post","type-post","status-publish","format-standard","has-post-thumbnail","hentry","category-schule-grundschule"],"yoast_head":"<!-- This site is optimized with the Yoast SEO plugin v27.5 - https:\/\/yoast.com\/product\/yoast-seo-wordpress\/ -->\n<title>Erlebnisp\u00e4dagogik \u00bb Die Natur als Entwicklungsraum | BACKWINKEL Blog<\/title>\n<meta name=\"description\" content=\"Natur als Entwicklungsraum \u00bb Wie kindliches Lernen auch funktioniert + Praktische Tipps f\u00fcr mehr Natur im Alltag \u2713 Jetzt lesen!\" \/>\n<meta name=\"robots\" content=\"index, follow, max-snippet:-1, max-image-preview:large, max-video-preview:-1\" \/>\n<link rel=\"canonical\" href=\"https:\/\/www.backwinkel.de\/blog\/natur-als-entwicklungsraum\/\" \/>\n<meta property=\"og:locale\" content=\"de_DE\" \/>\n<meta property=\"og:type\" content=\"article\" \/>\n<meta property=\"og:title\" content=\"Erlebnisp\u00e4dagogik \u00bb Die Natur als Entwicklungsraum | BACKWINKEL Blog\" \/>\n<meta property=\"og:description\" content=\"Natur als Entwicklungsraum \u00bb Wie kindliches Lernen auch funktioniert + Praktische Tipps f\u00fcr mehr Natur im Alltag \u2713 Jetzt lesen!\" \/>\n<meta property=\"og:url\" content=\"https:\/\/www.backwinkel.de\/blog\/natur-als-entwicklungsraum\/\" \/>\n<meta property=\"og:site_name\" content=\"BACKWINKEL Blog\" \/>\n<meta property=\"article:published_time\" content=\"2021-07-05T06:47:06+00:00\" \/>\n<meta property=\"article:modified_time\" content=\"2026-04-22T13:25:28+00:00\" \/>\n<meta property=\"og:image\" content=\"https:\/\/www.backwinkel.de\/blog\/wp-content\/uploads\/2021\/07\/backwinkel-blog-natur-als-entwicklungsraum-heroimage.jpg\" \/>\n\t<meta property=\"og:image:width\" content=\"1200\" \/>\n\t<meta property=\"og:image:height\" content=\"628\" \/>\n\t<meta property=\"og:image:type\" content=\"image\/jpeg\" \/>\n<meta name=\"author\" content=\"BACKWINKEL\" \/>\n<meta name=\"twitter:card\" content=\"summary_large_image\" \/>\n<meta name=\"twitter:label1\" content=\"Verfasst von\" \/>\n\t<meta name=\"twitter:data1\" content=\"BACKWINKEL\" \/>\n\t<meta name=\"twitter:label2\" content=\"Gesch\u00e4tzte Lesezeit\" \/>\n\t<meta name=\"twitter:data2\" content=\"18\u00a0Minuten\" \/>\n<script type=\"application\/ld+json\" class=\"yoast-schema-graph\">{\"@context\":\"https:\\\/\\\/schema.org\",\"@graph\":[{\"@type\":\"Article\",\"@id\":\"https:\\\/\\\/www.backwinkel.de\\\/blog\\\/natur-als-entwicklungsraum\\\/#article\",\"isPartOf\":{\"@id\":\"https:\\\/\\\/www.backwinkel.de\\\/blog\\\/natur-als-entwicklungsraum\\\/\"},\"author\":{\"name\":\"BACKWINKEL\",\"@id\":\"https:\\\/\\\/www.backwinkel.de\\\/blog\\\/#\\\/schema\\\/person\\\/3d64575316540d25f7866264a4b7cd24\"},\"headline\":\"Natur als Entwicklungsraum\",\"datePublished\":\"2021-07-05T06:47:06+00:00\",\"dateModified\":\"2026-04-22T13:25:28+00:00\",\"mainEntityOfPage\":{\"@id\":\"https:\\\/\\\/www.backwinkel.de\\\/blog\\\/natur-als-entwicklungsraum\\\/\"},\"wordCount\":5676,\"image\":{\"@id\":\"https:\\\/\\\/www.backwinkel.de\\\/blog\\\/natur-als-entwicklungsraum\\\/#primaryimage\"},\"thumbnailUrl\":\"https:\\\/\\\/www.backwinkel.de\\\/blog\\\/wp-content\\\/uploads\\\/2021\\\/07\\\/backwinkel-blog-natur-als-entwicklungsraum-heroimage.jpg\",\"articleSection\":[\"Schule\"],\"inLanguage\":\"de\"},{\"@type\":\"WebPage\",\"@id\":\"https:\\\/\\\/www.backwinkel.de\\\/blog\\\/natur-als-entwicklungsraum\\\/\",\"url\":\"https:\\\/\\\/www.backwinkel.de\\\/blog\\\/natur-als-entwicklungsraum\\\/\",\"name\":\"Erlebnisp\u00e4dagogik \u00bb Die Natur als Entwicklungsraum | BACKWINKEL Blog\",\"isPartOf\":{\"@id\":\"https:\\\/\\\/www.backwinkel.de\\\/blog\\\/#website\"},\"primaryImageOfPage\":{\"@id\":\"https:\\\/\\\/www.backwinkel.de\\\/blog\\\/natur-als-entwicklungsraum\\\/#primaryimage\"},\"image\":{\"@id\":\"https:\\\/\\\/www.backwinkel.de\\\/blog\\\/natur-als-entwicklungsraum\\\/#primaryimage\"},\"thumbnailUrl\":\"https:\\\/\\\/www.backwinkel.de\\\/blog\\\/wp-content\\\/uploads\\\/2021\\\/07\\\/backwinkel-blog-natur-als-entwicklungsraum-heroimage.jpg\",\"datePublished\":\"2021-07-05T06:47:06+00:00\",\"dateModified\":\"2026-04-22T13:25:28+00:00\",\"author\":{\"@id\":\"https:\\\/\\\/www.backwinkel.de\\\/blog\\\/#\\\/schema\\\/person\\\/3d64575316540d25f7866264a4b7cd24\"},\"description\":\"Natur als Entwicklungsraum \u00bb Wie kindliches Lernen auch funktioniert + Praktische Tipps f\u00fcr mehr Natur im Alltag \u2713 Jetzt lesen!\",\"breadcrumb\":{\"@id\":\"https:\\\/\\\/www.backwinkel.de\\\/blog\\\/natur-als-entwicklungsraum\\\/#breadcrumb\"},\"inLanguage\":\"de\",\"potentialAction\":[{\"@type\":\"ReadAction\",\"target\":[\"https:\\\/\\\/www.backwinkel.de\\\/blog\\\/natur-als-entwicklungsraum\\\/\"]}]},{\"@type\":\"ImageObject\",\"inLanguage\":\"de\",\"@id\":\"https:\\\/\\\/www.backwinkel.de\\\/blog\\\/natur-als-entwicklungsraum\\\/#primaryimage\",\"url\":\"https:\\\/\\\/www.backwinkel.de\\\/blog\\\/wp-content\\\/uploads\\\/2021\\\/07\\\/backwinkel-blog-natur-als-entwicklungsraum-heroimage.jpg\",\"contentUrl\":\"https:\\\/\\\/www.backwinkel.de\\\/blog\\\/wp-content\\\/uploads\\\/2021\\\/07\\\/backwinkel-blog-natur-als-entwicklungsraum-heroimage.jpg\",\"width\":1200,\"height\":628},{\"@type\":\"BreadcrumbList\",\"@id\":\"https:\\\/\\\/www.backwinkel.de\\\/blog\\\/natur-als-entwicklungsraum\\\/#breadcrumb\",\"itemListElement\":[{\"@type\":\"ListItem\",\"position\":1,\"name\":\"Startseite\",\"item\":\"https:\\\/\\\/blog.backwinkel.de\\\/aktuelles\\\/\"},{\"@type\":\"ListItem\",\"position\":2,\"name\":\"Natur als Entwicklungsraum\"}]},{\"@type\":\"WebSite\",\"@id\":\"https:\\\/\\\/www.backwinkel.de\\\/blog\\\/#website\",\"url\":\"https:\\\/\\\/www.backwinkel.de\\\/blog\\\/\",\"name\":\"BACKWINKEL Blog\",\"description\":\"f\u00fcr Lehrer, Erzieher und Eltern\",\"potentialAction\":[{\"@type\":\"SearchAction\",\"target\":{\"@type\":\"EntryPoint\",\"urlTemplate\":\"https:\\\/\\\/www.backwinkel.de\\\/blog\\\/?s={search_term_string}\"},\"query-input\":{\"@type\":\"PropertyValueSpecification\",\"valueRequired\":true,\"valueName\":\"search_term_string\"}}],\"inLanguage\":\"de\"},{\"@type\":\"Person\",\"@id\":\"https:\\\/\\\/www.backwinkel.de\\\/blog\\\/#\\\/schema\\\/person\\\/3d64575316540d25f7866264a4b7cd24\",\"name\":\"BACKWINKEL\",\"sameAs\":[\"http:\\\/\\\/www.backwinkel.de\"],\"url\":\"https:\\\/\\\/www.backwinkel.de\\\/blog\\\/author\\\/backwinkel\\\/\"}]}<\/script>\n<!-- \/ Yoast SEO plugin. -->","yoast_head_json":{"title":"Erlebnisp\u00e4dagogik \u00bb Die Natur als Entwicklungsraum | BACKWINKEL Blog","description":"Natur als Entwicklungsraum \u00bb Wie kindliches Lernen auch funktioniert + Praktische Tipps f\u00fcr mehr Natur im Alltag \u2713 Jetzt lesen!","robots":{"index":"index","follow":"follow","max-snippet":"max-snippet:-1","max-image-preview":"max-image-preview:large","max-video-preview":"max-video-preview:-1"},"canonical":"https:\/\/www.backwinkel.de\/blog\/natur-als-entwicklungsraum\/","og_locale":"de_DE","og_type":"article","og_title":"Erlebnisp\u00e4dagogik \u00bb Die Natur als Entwicklungsraum | BACKWINKEL Blog","og_description":"Natur als Entwicklungsraum \u00bb Wie kindliches Lernen auch funktioniert + Praktische Tipps f\u00fcr mehr Natur im Alltag \u2713 Jetzt lesen!","og_url":"https:\/\/www.backwinkel.de\/blog\/natur-als-entwicklungsraum\/","og_site_name":"BACKWINKEL Blog","article_published_time":"2021-07-05T06:47:06+00:00","article_modified_time":"2026-04-22T13:25:28+00:00","og_image":[{"width":1200,"height":628,"url":"https:\/\/www.backwinkel.de\/blog\/wp-content\/uploads\/2021\/07\/backwinkel-blog-natur-als-entwicklungsraum-heroimage.jpg","type":"image\/jpeg"}],"author":"BACKWINKEL","twitter_card":"summary_large_image","twitter_misc":{"Verfasst von":"BACKWINKEL","Gesch\u00e4tzte Lesezeit":"18\u00a0Minuten"},"schema":{"@context":"https:\/\/schema.org","@graph":[{"@type":"Article","@id":"https:\/\/www.backwinkel.de\/blog\/natur-als-entwicklungsraum\/#article","isPartOf":{"@id":"https:\/\/www.backwinkel.de\/blog\/natur-als-entwicklungsraum\/"},"author":{"name":"BACKWINKEL","@id":"https:\/\/www.backwinkel.de\/blog\/#\/schema\/person\/3d64575316540d25f7866264a4b7cd24"},"headline":"Natur als Entwicklungsraum","datePublished":"2021-07-05T06:47:06+00:00","dateModified":"2026-04-22T13:25:28+00:00","mainEntityOfPage":{"@id":"https:\/\/www.backwinkel.de\/blog\/natur-als-entwicklungsraum\/"},"wordCount":5676,"image":{"@id":"https:\/\/www.backwinkel.de\/blog\/natur-als-entwicklungsraum\/#primaryimage"},"thumbnailUrl":"https:\/\/www.backwinkel.de\/blog\/wp-content\/uploads\/2021\/07\/backwinkel-blog-natur-als-entwicklungsraum-heroimage.jpg","articleSection":["Schule"],"inLanguage":"de"},{"@type":"WebPage","@id":"https:\/\/www.backwinkel.de\/blog\/natur-als-entwicklungsraum\/","url":"https:\/\/www.backwinkel.de\/blog\/natur-als-entwicklungsraum\/","name":"Erlebnisp\u00e4dagogik \u00bb Die Natur als Entwicklungsraum | BACKWINKEL Blog","isPartOf":{"@id":"https:\/\/www.backwinkel.de\/blog\/#website"},"primaryImageOfPage":{"@id":"https:\/\/www.backwinkel.de\/blog\/natur-als-entwicklungsraum\/#primaryimage"},"image":{"@id":"https:\/\/www.backwinkel.de\/blog\/natur-als-entwicklungsraum\/#primaryimage"},"thumbnailUrl":"https:\/\/www.backwinkel.de\/blog\/wp-content\/uploads\/2021\/07\/backwinkel-blog-natur-als-entwicklungsraum-heroimage.jpg","datePublished":"2021-07-05T06:47:06+00:00","dateModified":"2026-04-22T13:25:28+00:00","author":{"@id":"https:\/\/www.backwinkel.de\/blog\/#\/schema\/person\/3d64575316540d25f7866264a4b7cd24"},"description":"Natur als Entwicklungsraum \u00bb Wie kindliches Lernen auch funktioniert + Praktische Tipps f\u00fcr mehr Natur im Alltag \u2713 Jetzt lesen!","breadcrumb":{"@id":"https:\/\/www.backwinkel.de\/blog\/natur-als-entwicklungsraum\/#breadcrumb"},"inLanguage":"de","potentialAction":[{"@type":"ReadAction","target":["https:\/\/www.backwinkel.de\/blog\/natur-als-entwicklungsraum\/"]}]},{"@type":"ImageObject","inLanguage":"de","@id":"https:\/\/www.backwinkel.de\/blog\/natur-als-entwicklungsraum\/#primaryimage","url":"https:\/\/www.backwinkel.de\/blog\/wp-content\/uploads\/2021\/07\/backwinkel-blog-natur-als-entwicklungsraum-heroimage.jpg","contentUrl":"https:\/\/www.backwinkel.de\/blog\/wp-content\/uploads\/2021\/07\/backwinkel-blog-natur-als-entwicklungsraum-heroimage.jpg","width":1200,"height":628},{"@type":"BreadcrumbList","@id":"https:\/\/www.backwinkel.de\/blog\/natur-als-entwicklungsraum\/#breadcrumb","itemListElement":[{"@type":"ListItem","position":1,"name":"Startseite","item":"https:\/\/blog.backwinkel.de\/aktuelles\/"},{"@type":"ListItem","position":2,"name":"Natur als Entwicklungsraum"}]},{"@type":"WebSite","@id":"https:\/\/www.backwinkel.de\/blog\/#website","url":"https:\/\/www.backwinkel.de\/blog\/","name":"BACKWINKEL Blog","description":"f\u00fcr Lehrer, Erzieher und Eltern","potentialAction":[{"@type":"SearchAction","target":{"@type":"EntryPoint","urlTemplate":"https:\/\/www.backwinkel.de\/blog\/?s={search_term_string}"},"query-input":{"@type":"PropertyValueSpecification","valueRequired":true,"valueName":"search_term_string"}}],"inLanguage":"de"},{"@type":"Person","@id":"https:\/\/www.backwinkel.de\/blog\/#\/schema\/person\/3d64575316540d25f7866264a4b7cd24","name":"BACKWINKEL","sameAs":["http:\/\/www.backwinkel.de"],"url":"https:\/\/www.backwinkel.de\/blog\/author\/backwinkel\/"}]}},"_links":{"self":[{"href":"https:\/\/www.backwinkel.de\/blog\/wp-json\/wp\/v2\/posts\/7456","targetHints":{"allow":["GET"]}}],"collection":[{"href":"https:\/\/www.backwinkel.de\/blog\/wp-json\/wp\/v2\/posts"}],"about":[{"href":"https:\/\/www.backwinkel.de\/blog\/wp-json\/wp\/v2\/types\/post"}],"author":[{"embeddable":true,"href":"https:\/\/www.backwinkel.de\/blog\/wp-json\/wp\/v2\/users\/3"}],"replies":[{"embeddable":true,"href":"https:\/\/www.backwinkel.de\/blog\/wp-json\/wp\/v2\/comments?post=7456"}],"version-history":[{"count":2,"href":"https:\/\/www.backwinkel.de\/blog\/wp-json\/wp\/v2\/posts\/7456\/revisions"}],"predecessor-version":[{"id":18928,"href":"https:\/\/www.backwinkel.de\/blog\/wp-json\/wp\/v2\/posts\/7456\/revisions\/18928"}],"wp:featuredmedia":[{"embeddable":true,"href":"https:\/\/www.backwinkel.de\/blog\/wp-json\/wp\/v2\/media\/7437"}],"wp:attachment":[{"href":"https:\/\/www.backwinkel.de\/blog\/wp-json\/wp\/v2\/media?parent=7456"}],"wp:term":[{"taxonomy":"category","embeddable":true,"href":"https:\/\/www.backwinkel.de\/blog\/wp-json\/wp\/v2\/categories?post=7456"},{"taxonomy":"post_tag","embeddable":true,"href":"https:\/\/www.backwinkel.de\/blog\/wp-json\/wp\/v2\/tags?post=7456"}],"curies":[{"name":"wp","href":"https:\/\/api.w.org\/{rel}","templated":true}]}}