{"id":7381,"date":"2021-07-05T09:02:05","date_gmt":"2021-07-05T07:02:05","guid":{"rendered":"https:\/\/blog.backwinkel.de\/?p=7381"},"modified":"2026-04-22T15:27:08","modified_gmt":"2026-04-22T13:27:08","slug":"mint-kindergarten","status":"publish","type":"post","link":"https:\/\/www.backwinkel.de\/blog\/mint-kindergarten\/","title":{"rendered":"MINT-Kindergarten: Von physikalischen Kr\u00e4ften bis zu biologischen Betrachtungsweisen"},"content":{"rendered":"\n<style type=\"text\/css\" data-created_by=\"avia_inline_auto\" id=\"style-css-av-6q3fp1-54190a9be03abefaf45521ebabdf7a47\">\n.flex_column.av-6q3fp1-54190a9be03abefaf45521ebabdf7a47{\nborder-radius:0px 0px 0px 0px;\npadding:0px 0px 0px 0px;\n}\n<\/style>\n<div  class='flex_column av-6q3fp1-54190a9be03abefaf45521ebabdf7a47 av_one_full  avia-builder-el-0  el_before_av_three_fifth  avia-builder-el-first  first flex_column_div av-zero-column-padding  '     ><p>\n<style type=\"text\/css\" data-created_by=\"avia_inline_auto\" id=\"style-css-av-1tmadr9-f76d2a3503b8c813e5b42bb15627708a\">\n#top .hr.hr-invisible.av-1tmadr9-f76d2a3503b8c813e5b42bb15627708a{\nmargin-top:0px;\nheight:1px;\n}\n<\/style>\n<div  class='hr av-1tmadr9-f76d2a3503b8c813e5b42bb15627708a hr-invisible  avia-builder-el-1  el_before_av_heading  avia-builder-el-first '><span class='hr-inner '><span class=\"hr-inner-style\"><\/span><\/span><\/div><br \/>\n\n<style type=\"text\/css\" data-created_by=\"avia_inline_auto\" id=\"style-css-av-kqhq6tva-88cb3d9454e5366ec263b13c2a6824e6\">\n#top .av-special-heading.av-kqhq6tva-88cb3d9454e5366ec263b13c2a6824e6{\npadding-bottom:10px;\n}\nbody .av-special-heading.av-kqhq6tva-88cb3d9454e5366ec263b13c2a6824e6 .av-special-heading-tag .heading-char{\nfont-size:25px;\n}\n.av-special-heading.av-kqhq6tva-88cb3d9454e5366ec263b13c2a6824e6 .av-subheading{\nfont-size:15px;\n}\n<\/style>\n<div  class='av-special-heading av-kqhq6tva-88cb3d9454e5366ec263b13c2a6824e6 av-special-heading-h1 blockquote modern-quote  avia-builder-el-2  el_after_av_hr  el_before_av_post_metadata  av-linked-heading'><h1 class='av-special-heading-tag '  >MINT-Kindergarten: Von physikalischen Kr\u00e4ften bis zu biologischen Betrachtungsweisen \u2013 so f\u00f6rdern Sie den kindlichen Forscherdrang <\/h1><div class='av-subheading av-subheading_below'><p class=\"autorenname\">Elisa Morel<\/p>\n<\/div><div class=\"special-heading-border\"><div class=\"special-heading-inner-border\"><\/div><\/div><\/div><br \/>\n\n<style type=\"text\/css\" data-created_by=\"avia_inline_auto\" id=\"style-css-av-5fohdh-d3af612b8aa17e3370d1b8e10c5bdfc8\">\n#top .av-post-metadata-container.av-5fohdh-d3af612b8aa17e3370d1b8e10c5bdfc8{\nfont-size:12px;\n}\n#top .av-post-metadata-container.av-5fohdh-d3af612b8aa17e3370d1b8e10c5bdfc8 .av-post-metadata-container-inner{\nfont-size:12px;\n}\n<\/style>\n<div  class='av-post-metadata-container av-5fohdh-d3af612b8aa17e3370d1b8e10c5bdfc8 av-metadata-container-align-left  avia-builder-el-3  el_after_av_heading  el_before_av_textblock  av-metadata-container-1'><div class='av-post-metadata-container-inner'><span class=\"av-post-metadata-content av-post-metadata-meta-content\"><span class=\"av-post-metadata-content av-post-metadata-modified\"><span class=\"av-metadata-before av-metadata-before-modified\">Aktualisiert:<\/span><span class=\"av-post-metadata-modified-date\" >22. April 2026<\/span><\/span><span class=\"av-post-metadata-content av-post-metadata-separator\">\/<\/span><span class=\"av-post-metadata-content av-post-metadata-modified\"><span class=\"av-metadata-before av-metadata-before-modified\">Zuletzt aktualisiert:<\/span><span class=\"av-post-metadata-modified-date\" >22. April 2026<\/span><\/span><\/span><\/div><\/div><br \/>\n\n<style type=\"text\/css\" data-created_by=\"avia_inline_auto\" id=\"style-css-av-1r75dnp-9d0ccddaff19a99183c55fb42c35c71f\">\n#top .av_textblock_section.av-1r75dnp-9d0ccddaff19a99183c55fb42c35c71f .avia_textblock{\nfont-size:20px;\n}\n<\/style>\n<section  class='av_textblock_section av-1r75dnp-9d0ccddaff19a99183c55fb42c35c71f '  ><div class='avia_textblock' ><p>Das Thema MINT ist in aller Munde, denn in diesem Bereich sind in Deutschland eine halbe Million Stellen unterbesetzt und Frauen dort generell unterrepr\u00e4sentiert. Der Fokus auf <strong>M<\/strong>athematik, <strong>I<\/strong>nformatik, <strong>N<\/strong>aturwissenschaft und <strong>T<\/strong>echnik w\u00e4chst daher in vielen Bildungseinrichtungen.<\/p>\n<\/div><\/section><br \/>\n\n<style type=\"text\/css\" data-created_by=\"avia_inline_auto\" id=\"style-css-av-1q48hk5-6b5f33f9535b4da9f70b97eaa76e3919\">\n.avia-image-container.av-1q48hk5-6b5f33f9535b4da9f70b97eaa76e3919 img.avia_image{\nbox-shadow:none;\n}\n.avia-image-container.av-1q48hk5-6b5f33f9535b4da9f70b97eaa76e3919 .av-image-caption-overlay-center{\ncolor:#ffffff;\n}\n<\/style>\n<div  class='avia-image-container av-1q48hk5-6b5f33f9535b4da9f70b97eaa76e3919 av-styling- avia-align-center  avia-builder-el-5  el_after_av_textblock  el_before_av_hr '  ><div class=\"avia-image-container-inner\"><div class=\"avia-image-overlay-wrap\"><img decoding=\"async\" fetchpriority=\"high\" class='wp-image-7438 avia-img-lazy-loading-not-7438 avia_image ' src=\"https:\/\/www.backwinkel.de\/blog\/wp-content\/uploads\/2021\/07\/backwinkel-blog-mint-kindergarten-physik-heroimage.jpg\" alt='' title='backwinkel-blog-mint-kindergarten-physik-heroimage'  height=\"628\" width=\"1200\"  \/><\/div><\/div><\/div><br \/>\n\n<style type=\"text\/css\" data-created_by=\"avia_inline_auto\" id=\"style-css-av-1oliys5-5fc6efa544a504cc76f9502eff5f3fcd\">\n#top .hr.hr-invisible.av-1oliys5-5fc6efa544a504cc76f9502eff5f3fcd{\nheight:5px;\n}\n<\/style>\n<div  class='hr av-1oliys5-5fc6efa544a504cc76f9502eff5f3fcd hr-invisible  avia-builder-el-6  el_after_av_image  el_before_av_textblock '><span class='hr-inner '><span class=\"hr-inner-style\"><\/span><\/span><\/div><br \/>\n\n<style type=\"text\/css\" data-created_by=\"avia_inline_auto\" id=\"style-css-av-1najfpx-3fa10f352314a6f760cd54e923b444be\">\n#top .av_textblock_section.av-1najfpx-3fa10f352314a6f760cd54e923b444be .avia_textblock{\nfont-size:10px;\n}\n<\/style>\n<section  class='av_textblock_section av-1najfpx-3fa10f352314a6f760cd54e923b444be '  ><div class='avia_textblock' ><p class=\"bildnennung-beitrag\" style=\"text-align: left;\">\u00a9 BACKWINKEL GmbH<\/p>\n<\/div><\/section><br \/>\n\n<style type=\"text\/css\" data-created_by=\"avia_inline_auto\" id=\"style-css-av-1kyrqwl-fe0cc7025d085720da5685261fdd2ffc\">\n#top .hr.hr-invisible.av-1kyrqwl-fe0cc7025d085720da5685261fdd2ffc{\nheight:20px;\n}\n<\/style>\n<div  class='hr av-1kyrqwl-fe0cc7025d085720da5685261fdd2ffc hr-invisible  avia-builder-el-8  el_after_av_textblock  el_before_av_textblock '><span class='hr-inner '><span class=\"hr-inner-style\"><\/span><\/span><\/div><br \/>\n<section  class='av_textblock_section av-1jb6ool-fc0452518ac8c72968ab9904740587ae '  ><div class='avia_textblock' ><p>Auch aus der fr\u00fchkindlichen F\u00f6rderung ist MINT nicht mehr wegzudenken. Je fr\u00fcher Kinder sich erfolgreich mit naturwissenschaftlichen Themen auseinandersetzen, umso positiver sind ihre Erfahrungen und zuk\u00fcnftigen Erlebnisse auf diesem Wissensfeld.<\/p>\n<p>2019 hat die Bundesregierung ihren MINT-Aktionsplan vorgestellt. Bis 2022 will sie 55 Millionen Euro in die MINT-Bildung investieren. Zudem unterst\u00fctzen Projekte wie \u00bbKomm, mach MINT\u00ab oder das MINT Aktionsprogramm des Nationalen MINT Forums dieses Vorhaben.<\/p>\n<p>Obwohl das Akronym MINT erst in den letzten Jahren an Bekanntheit gewonnen hat, haben viele Menschen bereits in ihrer eigenen Kindheit MINT-Erfahrungen gemacht. Da gab es die Urzeitkrebse aus dem Yps-Heft oder eigene Haustiere, das Abenteuer-Set aus der Micky Maus, Backen oder Gartenarbeit mit Eltern und Gro\u00dfeltern oder die Sendung mit der Maus, in der man mit Armin und Christoph entdeckt hat, wie viele Ballons n\u00f6tig sind, um abzuheben oder was Ebbe und Flut ist.<\/p>\n<p>Wie Sie mit Ihren Kindern gemeinsam auf Entdeckungstour gehen, sowohl durch dokumentierte und ver\u00f6ffentlichte Projekte von Kitas als auch durch eigene Projekte, lesen Sie in diesem Beitrag.<\/p>\n<\/div><\/section><\/p><\/div>\n<style type=\"text\/css\" data-created_by=\"avia_inline_auto\" id=\"style-css-av-1h5jred-8a6c4ba972ff3cf606335d0c709b7930\">\n.flex_column.av-1h5jred-8a6c4ba972ff3cf606335d0c709b7930{\nborder-radius:0px 0px 0px 0px;\npadding:20px 20px 20px 20px;\nbackground-color:#f2f2f2;\n}\n<\/style>\n<div  class='flex_column av-1h5jred-8a6c4ba972ff3cf606335d0c709b7930 av_three_fifth  avia-builder-el-10  el_after_av_one_full  el_before_av_two_fifth  first flex_column_div  column-top-margin'     ><style type=\"text\/css\" data-created_by=\"avia_inline_auto\" id=\"style-css-av-1ga1i2d-4fc7f251bb16730dbc1fcf2f6955b556\">\n#top .av_textblock_section.av-1ga1i2d-4fc7f251bb16730dbc1fcf2f6955b556 .avia_textblock{\nfont-size:14px;\n}\n<\/style>\n<section  class='av_textblock_section av-1ga1i2d-4fc7f251bb16730dbc1fcf2f6955b556 '  ><div class='avia_textblock' ><p><strong>Inhalt<\/strong><\/p>\n<p><strong><a href=\"#1\">1. Was bedeutet MINT im Kindergarten?<\/a><\/strong><\/p>\n<p><strong><a href=\"#2\">2. Warum ist MINT schon f\u00fcr die Kleinsten wichtig?<\/a><\/strong><br \/>\n2.1. Den kindlichen Forscherdrang f\u00f6rdern<br \/>\n2.2 Wieso, weshalb, warum? Fragen macht schlau<br \/>\n2.3. MINT-Kompetenzen entwickeln f\u00fcr mehr Selbstvertrauen<\/p>\n<p><strong><a href=\"#3\">3. Welche erzieherischen Kompetenzen sind wichtig, um MINT zu vermitteln?<\/a><\/strong><br \/>\n3.1. Grundlegende Prinzipien der Wissensvermittlung<br \/>\n3.2. Keine Angst vor Fragen und Antworten<br \/>\n3.3. Weiterbildung f\u00fcr Erziehende<\/p>\n<p><strong><a href=\"#4\">4. MINT-Ideen f\u00fcr den Kindergarten \u2013 praktische Tipps<\/a><\/strong><br \/>\n4.1. Magnete<br \/>\n4.2. Sand- und Wassertische<br \/>\n4.3. Pflanzen<br \/>\n4.4. Lupen und Mikroskope<br \/>\n4.5. B\u00fccher &amp; Co.<\/p>\n<p><strong><a href=\"#5\">5. Wie werden wir MINT-Kita?<\/a><\/strong><\/p>\n<\/div><\/section><\/div><\/p>\n\n<style type=\"text\/css\" data-created_by=\"avia_inline_auto\" id=\"style-css-av-1efb8l1-1ff57524c8c2ed04678f7ebc28fcbadf\">\n.flex_column.av-1efb8l1-1ff57524c8c2ed04678f7ebc28fcbadf{\nborder-radius:0px 0px 0px 0px;\npadding:0 0 0 0;\n}\n<\/style>\n<div  class='flex_column av-1efb8l1-1ff57524c8c2ed04678f7ebc28fcbadf av_two_fifth  avia-builder-el-12  el_after_av_three_fifth  el_before_av_sidebar  flex_column_div av-zero-column-padding  column-top-margin'     ><\/div>\n<div  class='avia-builder-widget-area clearfix  avia-builder-el-13  el_after_av_two_fifth  el_before_av_one_full '><div id=\"text-33\" class=\"widget clearfix widget_text\">\t\t\t<div class=\"textwidget\"><p><a href=\"https:\/\/www.backwinkel.de\/nachhaltig-denken\/\" target=\"\\_blank\" rel=\"noopener\"><br \/>\n<img decoding=\"async\" class=\"werbung-desktop alignnone wp-image-4186 size-full\" src=\"https:\/\/www.backwinkel.de\/blog\/wp-content\/uploads\/2026\/04\/Backwinkel-blog-werbebanner-shop-kita-schule_desktop.jpg\" alt=\"\" width=\"1251\" height=\"201\" \/><br \/>\n<\/a><br \/>\n<a href=\"https:\/\/www.backwinkel.de\/nachhaltig-denken\/\" target=\"\\_blank\" rel=\"noopener\"><br \/>\n<img decoding=\"async\" class=\"werbung-mobile alignnone wp-image-4187 size-full\" src=\"https:\/\/www.backwinkel.de\/blog\/wp-content\/uploads\/2026\/04\/Backwinkel-blog-werbebanner-shop-kiga-schule_mobile.jpg\" alt=\"\" width=\"550\" height=\"500\" \/><br \/>\n<\/a><\/p>\n<\/div>\n\t\t<\/div><\/div>\n\n<style type=\"text\/css\" data-created_by=\"avia_inline_auto\" id=\"style-css-av-1ahspt1-a672da7e57ff1d48eb5cdaf699278a5c\">\n.flex_column.av-1ahspt1-a672da7e57ff1d48eb5cdaf699278a5c{\nborder-radius:0px 0px 0px 0px;\npadding:0px 0px 0px 0px;\n}\n<\/style>\n<div  class='flex_column av-1ahspt1-a672da7e57ff1d48eb5cdaf699278a5c av_one_full  avia-builder-el-14  el_after_av_sidebar  el_before_av_one_full  first flex_column_div av-zero-column-padding  '     ><section  class='av_textblock_section av-19h4exx-883bae394adea4d46bab10c1dac7fb0a '  ><div class='avia_textblock' >\n<style type=\"text\/css\" data-created_by=\"avia_inline_auto\" id=\"style-css-av-4g66ut-910baf441b24eb8b91d4c5896e82311e\">\n#top .hr.hr-invisible.av-4g66ut-910baf441b24eb8b91d4c5896e82311e{\nheight:20px;\n}\n<\/style>\n<div  class='hr av-4g66ut-910baf441b24eb8b91d4c5896e82311e hr-invisible  avia-builder-el-16  avia-builder-el-no-sibling '><span class='hr-inner '><span class=\"hr-inner-style\"><\/span><\/span><\/div>\n<h2 id=\"1\" class=\"position\">Was bedeutet MINT im Kindergarten?<\/h2>\n<p>Kurz gesagt: Regelm\u00e4\u00dfige Umsetzung naturwissenschaftlicher Projekte im Kita-Alltag. Sollten Sie mit Ihrer Einrichtung z. B. eine Zertifizierung als \u00bbHaus der kleinen Forscher\u00ab in Betracht ziehen, ist genau diese regelm\u00e4\u00dfige Umsetzung naturwissenschaftlicher Projekte eine Grundvoraussetzung. Der gleichnamige Internetauftritt der Stiftung bietet Ihnen zahlreiche praktische Ideen f\u00fcr geeignete Projekte. Fast jedes Thema aus dem unmittelbaren Alltag der Kinder eignet sich f\u00fcr ein spannendes Forschungsprojekt. Dass Kinder ihre Umwelt im Wortsinn be-greifen, macht MINT-Projekte umso geeigneter f\u00fcr die Fr\u00fcherziehung.<\/p>\n<p>Um Ihren Kindern spielerisch spannende MINT-Kompetenzen zu vermitteln, m\u00fcssen Sie nat\u00fcrlich nicht gleich eine Zertifizierung anstreben oder gar bereits Haus der kleinen Forscher sein. Wenn Sie allerdings ohnehin regelm\u00e4\u00dfig MINT-Projekte durchf\u00fchren und dokumentieren (wollen), sind Sie f\u00fcr eine Bewerbung um diese Auszeichnung schon zu zwei Dritteln qualifiziert. Mehr dazu erfahren Sie am Ende unseres Beitrags.<\/p>\n<p>Als Impuls f\u00fcr Ihre Projektplanung eignet sich eine Fragerunde zu einem bestimmten Thema. Nutzen Sie beispielsweise die Frage, warum Schiffe schwimmen als Ausgangspunkt f\u00fcr weitere Fragen sowie Experimente. Untersuchen Sie im weiteren Verlauf unterschiedliche Materialien und K\u00f6rper auf ihre Schwimmf\u00e4higkeit oder kombinieren, wiegen und vermessen Sie sie mit Ihren Kindern.<\/p>\n<p>Planen Sie das Projekt im Anschluss konkret: Welche Materialien brauchen wir, wie lassen sich die einzelnen Vermutungen \u00fcberpr\u00fcfen etc. In der spannenden Hauptphase werden die Kinder selbst aktiv und f\u00fchren ihre Experimente mit Ihrer Hilfe durch. Zusammen halten Sie die Ergebnisse fest und besprechen diese abschlie\u00dfend. So werden nicht nur die urspr\u00fcnglichen Fragen beantwortet, sondern es entstehen auch weitere Ideen und Forschungsans\u00e4tze oder Verbesserungsvorschl\u00e4ge f\u00fcr die n\u00e4chsten Experimente.<\/p>\n<p>Die einzelnen Projekt-Phasen auf einen Blick:<\/p>\n<p><a href=\"https:\/\/blog.backwinkel.de\/wp-content\/uploads\/2021\/06\/backwinkel-blog-mint-physik-projekt-phase-grafik.png\"><img decoding=\"async\" class=\"alignnone wp-image-7390\" src=\"https:\/\/blog.backwinkel.de\/wp-content\/uploads\/2021\/06\/backwinkel-blog-mint-physik-projekt-phase-grafik.png\" alt=\"\" width=\"550\" height=\"527\" \/><\/a><\/p>\n<\/div><\/section><\/div>\n\n<style type=\"text\/css\" data-created_by=\"avia_inline_auto\" id=\"style-css-av-11568dh-b7daa1a92bd121f9457f176896a594b4\">\n.flex_column.av-11568dh-b7daa1a92bd121f9457f176896a594b4{\nborder-radius:0px 0px 0px 0px;\npadding:10px 10px 10px 10px;\nbackground-color:#e0f1b4;\n}\n<\/style>\n<div  class='flex_column av-11568dh-b7daa1a92bd121f9457f176896a594b4 av_one_full  avia-builder-el-17  el_after_av_one_full  el_before_av_one_full  first flex_column_div  column-top-margin'     ><style type=\"text\/css\" data-created_by=\"avia_inline_auto\" id=\"style-css-av-105dnhh-ed0b8bfa679f41af0dbac3a6f7289bea\">\n#top .av_textblock_section.av-105dnhh-ed0b8bfa679f41af0dbac3a6f7289bea .avia_textblock{\nfont-size:18px;\n}\n<\/style>\n<section  class='av_textblock_section av-105dnhh-ed0b8bfa679f41af0dbac3a6f7289bea '  ><div class='avia_textblock' ><p><strong>Tipp:<\/strong>\u00a0Wie die <a href=\"https:\/\/blog.backwinkel.de\/projektarbeit-im-kindergarten\/\" target=\"_blank\" rel=\"noopener\">Projektplanung im Kindergarten<\/a> gelingt, lesen Sie in unserem Blog-Beitrag.<\/p>\n<\/div><\/section><\/div>\n\n<style type=\"text\/css\" data-created_by=\"avia_inline_auto\" id=\"style-css-av-16f8fth-5cc76fdb7d83bb7b212fb4b1c6ca38a9\">\n.flex_column.av-16f8fth-5cc76fdb7d83bb7b212fb4b1c6ca38a9{\nborder-radius:0px 0px 0px 0px;\npadding:0px 0px 0px 0px;\n}\n<\/style>\n<div  class='flex_column av-16f8fth-5cc76fdb7d83bb7b212fb4b1c6ca38a9 av_one_full  avia-builder-el-19  el_after_av_one_full  el_before_av_one_full  first flex_column_div av-zero-column-padding  column-top-margin'     ><section  class='av_textblock_section av-145eepx-4eb278524c34a76b3751baa3e7253918 '  ><div class='avia_textblock' >\n<style type=\"text\/css\" data-created_by=\"avia_inline_auto\" id=\"style-css-av-3wrgj9-0efb5bb188b22655555c4b72832f283f\">\n#top .hr.hr-invisible.av-3wrgj9-0efb5bb188b22655555c4b72832f283f{\nheight:20px;\n}\n<\/style>\n<div  class='hr av-3wrgj9-0efb5bb188b22655555c4b72832f283f hr-invisible  avia-builder-el-21  avia-builder-el-no-sibling '><span class='hr-inner '><span class=\"hr-inner-style\"><\/span><\/span><\/div>\n<h2 id=\"2\" class=\"position\">Warum ist MINT schon f\u00fcr die Kleinsten wichtig?<\/h2>\n<p>Themen aus Natur und Technik bestimmen schon immer unseren Alltag. Bereits 700.000 v. Chr. bedeutete die Entdeckung des Feuers f\u00fcr den Homo erectus einen zivilisatorischen Durchbruch: Fleisch konnte gegart werden und war so besser vertr\u00e4glich, das Lagerfeuer gew\u00e4hrte Schutz vor wilden Tieren und K\u00e4lte.<\/p>\n<p>Aus unserem heutigen Leben sind Naturwissenschaft und Technik gar nicht wegzudenken. In den letzten Jahrzehnten hat die Digitalisierung einen wahren Quantensprung gemacht und der technische Fortschritt erm\u00f6glicht uns die L\u00f6sung vieler essenzieller Probleme \u2013 aktuell z. B. die Entwicklung von mRNA-Impfstoffen gegen COVID-19.<\/p>\n<p>Die Faszination der komplexen Naturgesetze sowie physikalischen, chemischen und biologischen Prinzipien hinter der Technik ist ungebrochen. Denn seit Menschen sich damit vertraut machen und diese nutzen, ist es m\u00f6glich, mit Flugzeugen zu fliegen, mit Autos zu fahren und sogar den Weltraum zu erforschen.<\/p>\n<p>F\u00fcr Kinder ist es wichtig, den Dingen auf den Grund zu gehen und sich ihre Umwelt zu erschlie\u00dfen. So erkennen sie Zusammenh\u00e4nge, werden selbst aktiv und bringen verschiedene Themen und Grunds\u00e4tze miteinander in Verbindung. Den Lerntransfer erproben sie somit gleich mit und lernen eine grundlegende F\u00e4higkeit f\u00fcr alle sp\u00e4teren Lernprozesse in Schule, Studium, Job oder Alltag.<\/p>\n<p>Je fr\u00fcher Kinder die Erfahrung machen, dass jede Wirkung eine Ursache hat und sich hinter den kleinsten Ph\u00e4nomenen komplexe Zusammenh\u00e4nge verbergen, umso eher sind sie k\u00fcnftig in der Lage, durch Abstraktion oder Verallgemeinerung Gelerntes auf neue Situationen zu \u00fcbertragen und eigenst\u00e4ndig kreative L\u00f6sungsans\u00e4tze zu finden. Wer beispielsweise schon in der KITA beobachten konnte, dass die eigene Pflanze nach dem Gie\u00dfen ihre die Bl\u00e4tter wieder aufrichtet, w\u00e4hrend sie ohne Wasser verdorrt, wird sp\u00e4ter eher verstehen, warum Klimawandel, Wasserknappheit und D\u00fcrreperioden zu Nahrungsmangel f\u00fcr die Menschheit f\u00fchren und wir nachhaltig mit unseren Ressourcen umgehen m\u00fcssen.<\/p>\n<p>Fr\u00fchkindliche positive MINT-Erfahrungen f\u00f6rdern naturwissenschaftliches sowie mathematisches Verst\u00e4ndnis und k\u00f6nnen dabei helfen, dass Mathe oder Physik sp\u00e4ter nicht zu gef\u00fcrchteten, sondern beliebten F\u00e4chern werden. Gleichzeitig ist praxisbezogenes Arbeiten zu naturwissenschaftlichen Themen wichtig f\u00fcr die kognitive Entwicklung der Kinder und kann auch dabei helfen, Lernschw\u00e4chen wie Dyskalkulie vorzubeugen.<\/p>\n<h3>Den kindlichen Forscherdrang f\u00f6rdern<\/h3>\n<p>Die kindliche Neugier ist riesig und die Frage nach dem Warum st\u00e4ndig pr\u00e4sent. Somit sind Kinder die geborenen Forscher, wollen immer alles ganz genau wissen und stellen dabei manchmal Fragen, \u00fcber deren Antworten auch Erwachsene nachdenken m\u00fcssen. W\u00e4hrend f\u00fcr Kinder die ganze Welt voller Wunder ist, verlernen wir im Alter oft das Staunen und Fragen. Viele Dinge sind f\u00fcr Erwachsene selbstverst\u00e4ndlich und es z\u00e4hlt eher, <strong>dass<\/strong> Technik wie Navi und Handy funktioniert \u2013 nicht so sehr, wie oder warum.<\/p>\n<p>Eine der wichtigsten Voraussetzungen f\u00fcr Lernen jeglicher Art ist Motivation. Und die ist bei Kindern im \u00dcberfluss vorhanden, denn nie wieder ist Lernen so spannend und wichtig wie ganz am Anfang unseres Lebens. Daher ist es ideal, den nat\u00fcrlichen Wissensdrang der Kinder zu nutzen und ihnen dabei zu helfen, die Antworten auf ihre Fragen selbst herauszufinden.<\/p>\n<h3>Wieso, weshalb, warum? Fragen macht schlau<\/h3>\n<p>Die Frage nach dem Warum kennzeichnet eine wichtige Entwicklungsphase f\u00fcr Kinder und kann f\u00fcr Erwachsene herausfordernd sein. Warum ist Wasser nass, warum ist der Himmel blau, warum ist Eis kalt? Kinder erschlie\u00dfen sich ihre Welt, indem sie wissen wollen, wie sie funktioniert. Das gibt ihnen Sicherheit und Stabilit\u00e4t, denn sie lernen, dass es Konstanten gibt und die Welt um sie herum bestimmten Regeln folgt.<\/p>\n<p>Durch das Fragen, Lernen und Erforschen entwickeln Kinder ein Verst\u00e4ndnis f\u00fcr komplexe Zusammenh\u00e4nge, naturwissenschaftliche Gesetze und trainieren auch ihre Sprachkompetenz, wenn sie Zusammenh\u00e4nge ergr\u00fcnden und hinterfragen. Die Fragen der Kinder sind der perfekte Ausgangspunkt, um spannende Experimente durchzuf\u00fchren und Projekte zu planen, an denen sie dann mit Begeisterung und Freude mitwirken.<\/p>\n<h3>MINT-Kompetenzen entwickeln f\u00fcr mehr Selbstvertrauen<\/h3>\n<p>Je fr\u00fcher der Grundstein f\u00fcr naturwissenschaftliches Verst\u00e4ndnis gelegt wird, umso besser, denn von der MINT-F\u00f6rderung profitieren die Kinder in ihrem sp\u00e4teren Leben so:<\/p>\n<ul>\n<li>Sie werden sich im naturwissenschaftlichen Bereich mehr zutrauen.<\/li>\n<li>Sie k\u00f6nnen komplexe Probleme und Zusammenh\u00e4nge schneller erfassen.<\/li>\n<li>Sie behalten eher ihre nat\u00fcrliche Neugierde und ihren Forschungsdrang bei und stillen ihren sp\u00e4teren Wissensdurst in Eigeninitiative.<\/li>\n<li>Sie entwickeln ein besseres Verst\u00e4ndnis f\u00fcr die moderne Welt.<\/li>\n<li>Sie k\u00f6nnen ihre Talente fr\u00fcher entdecken und (sp\u00e4ter auch beruflich) nutzen.<\/li>\n<li>Sie werden zu m\u00fcndigen Mitgliedern der Gesellschaft, die sich aktiv mit ihrer Umwelt auseinandersetzen und somit auch an Nachhaltigkeit, umweltfreundlichem Handeln und Herausforderungen unserer Zeit interessiert sind.<\/li>\n<\/ul>\n<p>Obwohl die MINT-Bildung in Deutschland in den letzten Jahren stetig an Bedeutung gewonnen hat, gibt es im internationalen Vergleich noch eine Menge aufzuholen:<\/p>\n<p><a href=\"https:\/\/blog.backwinkel.de\/wp-content\/uploads\/2021\/07\/backwinkel-blog-mint-kindergarten-physik-diagramm-leistung-schueler.jpg\"><img decoding=\"async\" class=\"alignnone wp-image-7452\" src=\"https:\/\/blog.backwinkel.de\/wp-content\/uploads\/2021\/07\/backwinkel-blog-mint-kindergarten-physik-diagramm-leistung-schueler.jpg\" alt=\"\" width=\"800\" height=\"457\" \/><\/a><\/p>\n<\/div><\/section><\/div>\n\n<style type=\"text\/css\" data-created_by=\"avia_inline_auto\" id=\"style-css-av-xkr16t-9d48791f922cf17a49d47ab48923aea1\">\n.flex_column.av-xkr16t-9d48791f922cf17a49d47ab48923aea1{\nborder-radius:0px 0px 0px 0px;\npadding:0px 0px 0px 0px;\n}\n<\/style>\n<div  class='flex_column av-xkr16t-9d48791f922cf17a49d47ab48923aea1 av_one_full  avia-builder-el-22  el_after_av_one_full  el_before_av_one_full  first flex_column_div av-zero-column-padding  column-top-margin'     ><section  class='av_textblock_section av-wlej05-8b9763537a03f93e6a9677243aa481bb '  ><div class='avia_textblock' >\n<style type=\"text\/css\" data-created_by=\"avia_inline_auto\" id=\"style-css-av-vefvzp-3e55a46cbd424f267c937f413ff16391\">\n#top .hr.hr-invisible.av-vefvzp-3e55a46cbd424f267c937f413ff16391{\nheight:20px;\n}\n<\/style>\n<div  class='hr av-vefvzp-3e55a46cbd424f267c937f413ff16391 hr-invisible  avia-builder-el-24  avia-builder-el-no-sibling '><span class='hr-inner '><span class=\"hr-inner-style\"><\/span><\/span><\/div>\n<h2 id=\"3\" class=\"position\">Welche erzieherischen Kompetenzen sind wichtig, um MINT zu vermitteln?<\/h2>\n<p>Zauberwort Ko-Konstruktion: So unendlich der kindliche Forscherdrang auch sein mag, gerade die Kleinsten ben\u00f6tigen Hilfe bei feinmotorischen Herausforderungen, dem Umgang mit technischen Hilfsmitteln wie Mikroskopen oder dem Formulieren und Festhalten von Fragen und Erkenntnissen.<\/p>\n<p>Wichtig ist, dass die Erziehenden den Kindern so viel Eigenst\u00e4ndigkeit und Individualit\u00e4t wie m\u00f6glich gew\u00e4hren, sowohl im Handeln als auch im Sprechen und Denken. Dabei helfen offene Fragen, das Beobachten der Kinder bei ihren Aktivit\u00e4ten, das Anbieten von Hilfestellungen bei Schwierigkeiten und das Impulsgeben bei Ratlosigkeit, Frustration oder \u00dcberforderung.<\/p>\n<p>Ideal ist es au\u00dferdem, wenn jedes Kind nach seinen eigenen M\u00f6glichkeiten forscht. Wer gut malen kann, dokumentiert seine Ergebnisse mit Zeichnungen, andere Kinder m\u00f6chten vielleicht lieber fotografieren. J\u00fcngere oder grobmotorischere Kinder m\u00f6chten doch lieber geeignete Materialien sammeln und anschlie\u00dfend nur unter dem Mikroskop betrachten, anstatt sie auf dem Objekttr\u00e4ger zu platzieren und das Mikroskop zu justieren \u2013 oder sie forschen gar nicht mit dem Mikroskop, sondern mit einer Becherlupe.<\/p>\n<p>Sie kennen Ihre Kinder, deren Entwicklungsstand und Neigungen am besten: Beobachten Sie sie und geben Sie ihnen die M\u00f6glichkeit, Erfolgserlebnisse und Spa\u00df zu erleben, um Selbstwirksamkeit zu erfahren. MINT-Projekte sind die ideale Basis, um Kinder zu ermutigen, sich selbst etwas zuzutrauen, und sie herauszufordern, ohne sie zu \u00fcberfordern.<\/p>\n<h3>Grundlegende Prinzipien der Wissensvermittlung<\/h3>\n<p>Wie immer in der Erziehung ist Empathie der Schl\u00fcssel: Erinnern Sie sich daran, dass auch Sie einmal klein waren und die Welt f\u00fcr Sie voller Wunder war. Lassen Sie sich auf die kindliche Sichtweise ein und staunen Sie mit. F\u00fcr Kinder ist es wichtig, <strong>selbst<\/strong> L\u00f6sungen und Antworten zu finden, auch wenn es mal l\u00e4nger dauert oder sich der Ansatz sp\u00e4ter als falsch herausstellt.<\/p>\n<p>Mit den folgenden Tipps wird das Forschen mit Kindern zum gemeinsamen Erfolg:<\/p>\n<ul>\n<li>Haben Sie Geduld.<\/li>\n<li>Bleiben Sie offen f\u00fcr Ideen und Fragen der Kinder.<\/li>\n<li>Beobachten Sie die Kinder bei der Forschungsarbeit, um Impulse geben zu k\u00f6nnen.<\/li>\n<li>Erkl\u00e4ren Sie kindgerecht.<\/li>\n<li>H\u00f6ren Sie den Kindern zu.<\/li>\n<li>Stellen Sie selbst (Gegen-)Fragen, statt die Fragen der Kinder direkt zu beantworten.<\/li>\n<\/ul>\n<h3>Keine Angst vor Fragen und Antworten<\/h3>\n<p>Warum ist der L\u00f6ffel aus Metall k\u00e4lter als der Plastikl\u00f6ffel? Wie findet die Brieftaube nach Hause? Wenn Sie auf diese Fragen (und alle daraus resultierenden) keine Antwort wissen, geht es Ihnen wie den meisten Menschen. Kein Problem, denn es gibt zahlreiche M\u00f6glichkeiten, mit den Kindern zusammen eine Antwort zu finden:<\/p>\n<ul>\n<li>Fragen Sie die Kinder nach ihren Vermutungen. Indem Sie Gegenfragen stellen, kommen verschiedene Hypothesen zusammen, denen Sie gemeinsam durch Experimente auf den Grund gehen k\u00f6nnen.<\/li>\n<li>Beauftragen Sie die Kinder, ihre Familien zu befragen. Vielleicht gibt es dort auch Experten, die gerne die Forschungen im Kindergarten im Rahmen einer Projektarbeit unterst\u00fctzen. Bestimmt ist es auch f\u00fcr Kinder und Eltern eine Freude, die Ergebnisse sp\u00e4ter im Rahmen einer Ausstellung (in der Kita oder online) zu pr\u00e4sentieren.<\/li>\n<li>Sammeln Sie schwierige Fragen und stellen Sie sie erst einmal zur\u00fcck. Wenn Sie nicht selbst einfach googeln wollen, k\u00f6nnen Sie vielleicht sp\u00e4ter Fachleute f\u00fcr eine Fragestunde in die Einrichtung einladen oder sogar an ihrem Arbeitsplatz besuchen.<\/li>\n<\/ul>\n<h3>Weiterbildung f\u00fcr Erziehende<\/h3>\n<p>Eine gute Anlaufstelle f\u00fcr alle Fragen rund um das Thema \u00bbMINT in der Kita\u00ab ist die Stiftung \u00bbHaus der kleinen Forscher\u00ab. Dort bekommen Sie zahlreiche Praxistipps und Ideen f\u00fcr MINT-Projekte mit den Kleinsten, z. B. zum Thema Magnetismus. Au\u00dferdem bietet die Stiftung Fortbildungen f\u00fcr Erziehende an, die sich intensiver mit MINT besch\u00e4ftigen wollen.<\/p>\n<p>Nat\u00fcrlich gibt es auch zahlreiche B\u00fccher, die sich mit den Voraussetzungen und der praktischen Umsetzung von MINT-Fr\u00fchf\u00f6rderung befassen sowie B\u00fccher, die sich hervorragend f\u00fcr naturwissenschaftliche Projekte in der Kita eignen. Gisela L\u00fcck, Professorin f\u00fcr Chemiedidaktik, ist sowohl Autorin praxisorientierter Literatur als auch Weiterbildungsreferentin im Bereich MINT.<\/p>\n<p>Auch YouTube ist eine gute Quelle f\u00fcr Wissen und Inspiration rund um das Thema. Lassen Sie sich einfach von Ihrer eigenen Neugierde leiten und Sie entdecken Themen, die sich hervorragend f\u00fcr das n\u00e4chste MINT-Projekt in Ihrer Einrichtung eignen. Bis dahin liefern wir im Folgenden einige Ideen.<\/p>\n<\/div><\/section><\/div>\n\n<style type=\"text\/css\" data-created_by=\"avia_inline_auto\" id=\"style-css-av-ffifyt-07531a3be0dc30e8aec6fc4bd81f79a4\">\n.flex_column.av-ffifyt-07531a3be0dc30e8aec6fc4bd81f79a4{\nborder-radius:0px 0px 0px 0px;\npadding:0px 0px 0px 0px;\n}\n<\/style>\n<div  class='flex_column av-ffifyt-07531a3be0dc30e8aec6fc4bd81f79a4 av_one_full  avia-builder-el-25  el_after_av_one_full  el_before_av_one_third  first flex_column_div av-zero-column-padding  column-top-margin'     ><section  class='av_textblock_section av-kqhv2yc3-3266f42f00a3b24ec941ce6879c05dd1 '  ><div class='avia_textblock' >\n<style type=\"text\/css\" data-created_by=\"avia_inline_auto\" id=\"style-css-av-e3f1px-7e8ac303995db6fe09b5d6d5cb6e2ab6\">\n#top .hr.hr-invisible.av-e3f1px-7e8ac303995db6fe09b5d6d5cb6e2ab6{\nheight:20px;\n}\n<\/style>\n<div  class='hr av-e3f1px-7e8ac303995db6fe09b5d6d5cb6e2ab6 hr-invisible  avia-builder-el-27  avia-builder-el-no-sibling '><span class='hr-inner '><span class=\"hr-inner-style\"><\/span><\/span><\/div>\n<h2 id=\"4\" class=\"position\">MINT-Ideen f\u00fcr den Kindergarten \u2013 praktische Tipps<\/h2>\n<p>Begeistern Sie Ihre Kinder mit diesen tollen Experimentier-Ideen:<\/p>\n<h3>Magnete<\/h3>\n<p>Magnetband, Magnetfolie, Hufeisen- oder Stabmagnete \u2013 die Auswahl ist gro\u00df und motiviert die Kinder, in ihrer Umgebung auf Entdeckungsreise zu gehen. So lernen sie spielerisch die Eigenschaften unterschiedlicher Materialien kennen und machen (erste) Erfahrungen mit Magnetismus.<\/p>\n<p>Setzen Sie je nach Alter und Entwicklungsstand unterschiedliche Schwerpunkte: Vom Angeln magnetischer Gegenst\u00e4nde oder kontaktlosem Bewegen durch Magnete \u00fcber die Bedeutung von Nord- und S\u00fcdpol bis hin zu Kompass und dem Magnetsinn von Zugv\u00f6geln ist alles m\u00f6glich. Und garantiert k\u00f6nnen hier auch viele Erwachsene noch etwas lernen.<\/p>\n<h3>Sand- und Wassertische<\/h3>\n<p>Matschen, bauen, gie\u00dfen, umf\u00fcllen \u2013 Spieltische machen Spa\u00df und laden zum Experimentieren ein. Die Kinder k\u00f6nnen erste Erfahrungen mit unterschiedlichen Volumina machen, Str\u00f6mungen erzeugen oder die Haptik unterschiedlicher Materialien erkunden, denn nat\u00fcrlich k\u00f6nnen au\u00dfer Sand und Wasser auch andere Dinge zum Einsatz kommen: Nudeln, Bohnen, Rasierschaum, Kleister oder Mehl sind nur einige von vielen M\u00f6glichkeiten, um die taktile Wahrnehmung der Kinder zu f\u00f6rdern.<\/p>\n<p><strong>Tipp:<\/strong> Warum die <a href=\"https:\/\/blog.backwinkel.de\/sinnesfoerderung-im-kindergarten\/\" target=\"_blank\" rel=\"noopener\">Sinneswahrnehmung im Kindergarten<\/a> so wichtig ist, lesen Sie in unserem Blog-Beitrag.<\/p>\n<h3>Pflanzen<\/h3>\n<p>Vom eigenen kleinen Beet \u00fcber die Topfblume auf der Fensterbank bis hin zum Joghurtbecher, in dem Kresse oder eine Bohne w\u00e4chst \u2013 es gibt viele M\u00f6glichkeiten, Kinder mit Pflanzen vertraut zu machen. Am meisten Spa\u00df macht es nat\u00fcrlich, wenn die eigene Ernte anschlie\u00dfend gemeinsam gegessen werden kann. Die Kinder \u00fcbernehmen Verantwortung, wenn sie sich um die Pflanzen k\u00fcmmern, k\u00f6nnen Wachstum und Witterungseinfl\u00fcsse beobachten und ihr Projekt dokumentieren. Auch ein mobiles Gew\u00e4chshaus oder Hochbeete bieten Kindern die M\u00f6glichkeit, ihre eigenen Blumen, Kr\u00e4uter oder Gem\u00fcsesorten zu s\u00e4en.<\/p>\n<p><strong>Tipp:<\/strong> Wie das <a href=\"https:\/\/blog.backwinkel.de\/schulgarten\/\" target=\"_blank\" rel=\"noopener\">Anlegen eines eigenen Gartens<\/a> auch im Kindergarten gelingt, lesen Sie in unserem Blog-Beitrag.<\/p>\n<h3>Lupen und Mikroskope<\/h3>\n<p>Mit der Lupe auf Spurensuche im Mikrokosmos zu gehen, ist schon f\u00fcr die Kleinsten ein Abenteuer. Becherlupen eignen sich hervorragend, um Insekten, Pflanzen oder Fundst\u00fccke aller Art genau zu betrachten. Unter dem Mikroskop werden selbst unscheinbare oder allt\u00e4gliche Dinge zu faszinierenden Objekten, die zum Abmalen einladen. Und wer wei\u00df, was es in einem Wassertropfen so alles zu entdecken gibt? Basteln Sie mit ihren Kindern doch mal ein eigenes Memory-Spiel, bei dem die Paare z. B. aus dem jeweiligen Objekt als Ganzes und der Detailansicht unter dem Mikroskop bestehen.<\/p>\n<h3>B\u00fccher &amp; Co.<\/h3>\n<p>Ob Wimmelbuch, Buchtheater, Sachbuch oder Kamishibai-Bildkarten \u2013 die Auswahl an MINT-Themen in Wort und Bild ist riesig. Die B\u00fccher k\u00f6nnen sowohl Anregung sein, um selbst spannende Forschungsfragen zu finden als auch Antworten auf kniffelige Fragen geben, so z. B. die B\u00fccher der Reihe \u00bbWAS IST WAS\u00ab. Entdecken Sie in <a href=\"https:\/\/www.backwinkel.de\/cat\/mensch-natur\/\" target=\"_blank\" rel=\"noopener\">unserem klimaneutralen Onlineshop<\/a> hilfreiche Produkte rund um Jahreszeiten, Nachhaltigkeit, Bienen, Z\u00e4hne, Mehl, Garten und noch viel mehr.<\/p>\n<\/div><\/section><\/div>\n<div class='flex_column_table av-jxcy3x4s-fc5d4ad95756edaabc2bc972666892fb sc-av_one_third av-equal-height-column-flextable'>\n<style type=\"text\/css\" data-created_by=\"avia_inline_auto\" id=\"style-css-av-jxcy3x4s-fc5d4ad95756edaabc2bc972666892fb\">\n.flex_column.av-jxcy3x4s-fc5d4ad95756edaabc2bc972666892fb{\nborder-width:1px;\nborder-color:#ebebeb;\nborder-style:solid;\nborder-radius:0px 0px 0px 0px;\npadding:10px 10px 10px 10px;\n}\n<\/style>\n<div  class='flex_column av-jxcy3x4s-fc5d4ad95756edaabc2bc972666892fb av_one_third  avia-builder-el-28  el_after_av_one_full  el_before_av_one_third  first flex_column_table_cell av-equal-height-column av-align-top  column-top-margin'     ><p><section  class='av_textblock_section av-jxcz48fa-e3a8c428ebf631dbb5e2b3914e95c36c '  ><div class='avia_textblock' ><p><a href=\"https:\/\/www.backwinkel.de\/prod\/mobiler-sand-und-wasserspieltisch.html\" target=\"_blank\" rel=\"noopener\"><img decoding=\"async\" class=\"alignnone wp-image-7394 size-full\" src=\"https:\/\/blog.backwinkel.de\/wp-content\/uploads\/2021\/06\/66078_mobiler-sand-und-wassertisch.jpeg\" alt=\"\" width=\"500\" height=\"350\" \/><\/a><\/p>\n<p style=\"font-size: 20px; font-family: urw_grotesk_extra_narrowrg; text-align: left;\">Mobiler Sand- &amp; Wasserspieltisch<\/p>\n<p style=\"text-align: left;\"><div  class='avia-button-wrap av-8ssthn-847ccef833e08c6813a5bd356b02e7e6-wrap avia-button-center  avia-builder-el-30  avia-builder-el-no-sibling '><a href='https:\/\/www.backwinkel.de\/prod\/mobiler-sand-und-wasserspieltisch.html'  class='avia-button av-8ssthn-847ccef833e08c6813a5bd356b02e7e6 av-link-btn avia-icon_select-no avia-size-medium avia-position-center avia-color-theme-color'  target=\"_blank\"  rel=\"noopener noreferrer\"  aria-label=\"zum Produkt\"><span class='avia_iconbox_title' >zum Produkt<\/span><\/a><\/div><\/p>\n<\/div><\/section><br \/>\n\n<style type=\"text\/css\" data-created_by=\"avia_inline_auto\" id=\"style-css-av-jkuvdh82-4f37b1a2f5bf0c7f14df31e178d6014c\">\n#top .hr.hr-invisible.av-jkuvdh82-4f37b1a2f5bf0c7f14df31e178d6014c{\nheight:20px;\n}\n<\/style>\n<div  class='hr av-jkuvdh82-4f37b1a2f5bf0c7f14df31e178d6014c hr-invisible  avia-builder-el-31  el_after_av_textblock  avia-builder-el-last '><span class='hr-inner '><span class=\"hr-inner-style\"><\/span><\/span><\/div><\/p><\/div>\n<div class='av-flex-placeholder'><\/div>\n<style type=\"text\/css\" data-created_by=\"avia_inline_auto\" id=\"style-css-av-srtn9-ccc6b98fe87110a531192712a7ea4bea\">\n.flex_column.av-srtn9-ccc6b98fe87110a531192712a7ea4bea{\nborder-width:1px;\nborder-color:#ebebeb;\nborder-style:solid;\nborder-radius:0px 0px 0px 0px;\npadding:10px 10px 10px 10px;\n}\n<\/style>\n<div  class='flex_column av-srtn9-ccc6b98fe87110a531192712a7ea4bea av_one_third  avia-builder-el-32  el_after_av_one_third  el_before_av_one_third  flex_column_table_cell av-equal-height-column av-align-top  column-top-margin'     ><p><section  class='av_textblock_section av-6knynp-2ac22d9cfaae7ec4a82cddc11270aaab '  ><div class='avia_textblock' ><p><a href=\"https:\/\/www.backwinkel.de\/prod\/kinder-becherlupen.html\" target=\"_blank\" rel=\"noopener\"><img decoding=\"async\" class=\"alignnone wp-image-7399 size-full\" src=\"https:\/\/blog.backwinkel.de\/wp-content\/uploads\/2021\/06\/2301_becherlupen-exkursions.jpg\" alt=\"\" width=\"500\" height=\"350\" \/><\/a><\/p>\n<p style=\"font-size: 20px; font-family: urw_grotesk_extra_narrowrg; text-align: left;\">Kinder-Becherlupen<\/p>\n<p style=\"text-align: left;\"><div  class='avia-button-wrap av-3whdvp-1a692d5da5411ce000364f92dd82bb0a-wrap avia-button-center  avia-builder-el-34  avia-builder-el-no-sibling '><a href='https:\/\/www.backwinkel.de\/prod\/kinder-becherlupen.html'  class='avia-button av-3whdvp-1a692d5da5411ce000364f92dd82bb0a av-link-btn avia-icon_select-no avia-size-medium avia-position-center avia-color-theme-color'  target=\"_blank\"  rel=\"noopener noreferrer\"  aria-label=\"zum Produkt\"><span class='avia_iconbox_title' >zum Produkt<\/span><\/a><\/div><\/p>\n<\/div><\/section><br \/>\n\n<style type=\"text\/css\" data-created_by=\"avia_inline_auto\" id=\"style-css-av-38welx-7eef711b028cf053f80c73687190c338\">\n#top .hr.hr-invisible.av-38welx-7eef711b028cf053f80c73687190c338{\nheight:20px;\n}\n<\/style>\n<div  class='hr av-38welx-7eef711b028cf053f80c73687190c338 hr-invisible  avia-builder-el-35  el_after_av_textblock  avia-builder-el-last '><span class='hr-inner '><span class=\"hr-inner-style\"><\/span><\/span><\/div><\/p><\/div>\n<div class='av-flex-placeholder'><\/div>\n<style type=\"text\/css\" data-created_by=\"avia_inline_auto\" id=\"style-css-av-bs9v39-acf18d0cdd292a8712413f742e6f22f2\">\n.flex_column.av-bs9v39-acf18d0cdd292a8712413f742e6f22f2{\nborder-width:1px;\nborder-color:#ebebeb;\nborder-style:solid;\nborder-radius:0px 0px 0px 0px;\npadding:10px 10px 10px 10px;\n}\n<\/style>\n<div  class='flex_column av-bs9v39-acf18d0cdd292a8712413f742e6f22f2 av_one_third  avia-builder-el-36  el_after_av_one_third  el_before_av_one_full  flex_column_table_cell av-equal-height-column av-align-top  column-top-margin'     ><p><section  class='av_textblock_section av-kqhvtkwn-a795e45356763610fbcf76a04ea0faa7 '  ><div class='avia_textblock' ><p><a href=\"https:\/\/www.backwinkel.de\/prod\/mobiles-gewaechshaus.html\" target=\"_blank\" rel=\"noopener\"><img decoding=\"async\" class=\"alignnone wp-image-7395 size-full\" src=\"https:\/\/blog.backwinkel.de\/wp-content\/uploads\/2021\/06\/66067-mobiles-gewaechshaus.jpg\" alt=\"\" width=\"500\" height=\"350\" \/><\/a><\/p>\n<p style=\"font-size: 20px; font-family: urw_grotesk_extra_narrowrg; text-align: left;\">Mobiles Gew\u00e4chshaus<\/p>\n<p style=\"text-align: left;\"><div  class='avia-button-wrap av-arzphh-335eacb94e169dbf851bd4a54587206f-wrap avia-button-center  avia-builder-el-38  avia-builder-el-no-sibling '><a href='https:\/\/www.backwinkel.de\/prod\/mobiles-gewaechshaus.html'  class='avia-button av-arzphh-335eacb94e169dbf851bd4a54587206f av-link-btn avia-icon_select-no avia-size-medium avia-position-center avia-color-theme-color'  target=\"_blank\"  rel=\"noopener noreferrer\"  aria-label=\"zum Produkt\"><span class='avia_iconbox_title' >zum Produkt<\/span><\/a><\/div><\/p>\n<\/div><\/section><br \/>\n\n<style type=\"text\/css\" data-created_by=\"avia_inline_auto\" id=\"style-css-av-8woftx-2c24c17b05874cff723bbae31de1b932\">\n#top .hr.hr-invisible.av-8woftx-2c24c17b05874cff723bbae31de1b932{\nheight:20px;\n}\n<\/style>\n<div  class='hr av-8woftx-2c24c17b05874cff723bbae31de1b932 hr-invisible  avia-builder-el-39  el_after_av_textblock  avia-builder-el-last '><span class='hr-inner '><span class=\"hr-inner-style\"><\/span><\/span><\/div><\/p><\/div><\/div><!--close column table wrapper. Autoclose: 1 -->\n\n<style type=\"text\/css\" data-created_by=\"avia_inline_auto\" id=\"style-css-av-q0gv3p-83af3e4dfc3eb976ab572cac8c4b5451\">\n.flex_column.av-q0gv3p-83af3e4dfc3eb976ab572cac8c4b5451{\nborder-radius:0px 0px 0px 0px;\npadding:0px 0px 0px 0px;\n}\n<\/style>\n<div  class='flex_column av-q0gv3p-83af3e4dfc3eb976ab572cac8c4b5451 av_one_full  avia-builder-el-40  el_after_av_one_third  el_before_av_hr  first flex_column_div av-zero-column-padding  column-top-margin'     ><section  class='av_textblock_section av-o7bedh-a7f1d9b221901ad2e9d42f5bbef8fc8b '  ><div class='avia_textblock' >\n<style type=\"text\/css\" data-created_by=\"avia_inline_auto\" id=\"style-css-av-mu4zt1-6b8a24090f70a2d2904505d3eb833ae8\">\n#top .hr.hr-invisible.av-mu4zt1-6b8a24090f70a2d2904505d3eb833ae8{\nheight:20px;\n}\n<\/style>\n<div  class='hr av-mu4zt1-6b8a24090f70a2d2904505d3eb833ae8 hr-invisible  avia-builder-el-42  avia-builder-el-no-sibling '><span class='hr-inner '><span class=\"hr-inner-style\"><\/span><\/span><\/div>\n<h2 id=\"5\" class=\"position\">Wie werden wir MINT-Kita?<\/h2>\n<p>Eine Zertifizierung als \u00bbHaus der kleinen Forscher\u00ab erfolgt ganz einfach online. Einrichtungen, die sich bewerben wollen, m\u00fcssen drei Voraussetzungen erf\u00fcllen:<\/p>\n<ol>\n<li>Forschen ist fester Bestandteil des Kita-Alltags: Projekte rund um naturwissenschaftliche Themen werden regelm\u00e4\u00dfig durchgef\u00fchrt.<\/li>\n<li>Die Projekte werden dokumentiert: Die Stiftung m\u00f6chte wissen, durch wen, wie und wie h\u00e4ufig die Ergebnisse dokumentiert werden.<\/li>\n<li>Fortbildungen: Zwei Fachkr\u00e4fte haben in den letzten zwei Jahren an insgesamt zwei Fortbildungen teilgenommen.<\/li>\n<\/ol>\n<p>Nach anschlie\u00dfender Registrierung werden Fragen an die Einrichtungsleitung und die Fachkr\u00e4fte gestellt. Dabei geht es um Konzept und R\u00e4umlichkeiten der Einrichtung, Forschungsmaterialien und bereits durchgef\u00fchrte Projekte. Danach pr\u00fcft die Stiftung die Bewerbung, gibt Feedback und verleiht schlie\u00dflich im Idealfall der Einrichtung die Plakette \u00bbHaus der kleinen Forscher\u00ab. Diese Auszeichnung ist zwei Jahre g\u00fcltig und kann durch eine Folgezertifizierung verl\u00e4ngert werden.<\/p>\n<p>In den vergangenen Jahren ist die Anzahl zertifizierter Kitas zwar stetig gewachsen, doch bei knapp 58.000 Kindertageseinrichtungen in Deutschland liegt der Anteil an Kitas mit der Plakette \u00bbHaus der kleinen Forscher\u00ab noch immer unter 10 %:<\/p>\n<p><a href=\"https:\/\/blog.backwinkel.de\/wp-content\/uploads\/2021\/07\/backwinkel-blog-mint-kindergarten-physik-diagramm-fruehe-bildung.jpg\"><img decoding=\"async\" class=\"alignnone wp-image-7453\" src=\"https:\/\/blog.backwinkel.de\/wp-content\/uploads\/2021\/07\/backwinkel-blog-mint-kindergarten-physik-diagramm-fruehe-bildung.jpg\" alt=\"\" width=\"800\" height=\"457\" \/><\/a><\/p>\n<p>Ob mit oder ohne Zertifizierung: Lassen Sie sich auf das Abenteuer MINT ein und tauchen Sie gemeinsam mit Ihren Sch\u00fctzlingen in diese faszinierende Welt ein. Vielleicht stellt ja schon morgen ein Kind eine spannende Frage, der Sie alle gemeinsam auf den Grund gehen wollen.<\/p>\n<\/div><\/section><\/div>\n\n<style type=\"text\/css\" data-created_by=\"avia_inline_auto\" id=\"style-css-av-lev56t-f6494306dfeb3c20bb1c0927fea85736\">\n#top .hr.av-lev56t-f6494306dfeb3c20bb1c0927fea85736{\nmargin-top:10px;\nmargin-bottom:10px;\n}\n.hr.av-lev56t-f6494306dfeb3c20bb1c0927fea85736 .hr-inner{\nwidth:500;\n}\n<\/style>\n<div  class='hr av-lev56t-f6494306dfeb3c20bb1c0927fea85736 hr-custom  avia-builder-el-43  el_after_av_one_full  el_before_av_one_full  hr-left hr-icon-no'><span class='hr-inner inner-border-av-border-none'><span class=\"hr-inner-style\"><\/span><\/span><\/div>\n\n<style type=\"text\/css\" data-created_by=\"avia_inline_auto\" id=\"style-css-av-1wzv9x-d54a98ab8c76774bf8afd3e24461f9e7\">\n.flex_column.av-1wzv9x-d54a98ab8c76774bf8afd3e24461f9e7{\nborder-radius:0px 0px 0px 0px;\npadding:10px 10px 10px 10px;\nbackground-color:#f2f2f2;\n}\n<\/style>\n<div  class='flex_column av-1wzv9x-d54a98ab8c76774bf8afd3e24461f9e7 av_one_full  avia-builder-el-44  el_after_av_hr  el_before_av_one_full  first flex_column_div  '     ><section  class='av_textblock_section av-hv20r9-2b29744ea1a725d152ffd7d1937c24e7 '  ><div class='avia_textblock' ><p class=\"fussnoten-quellen\"><strong>Lesestoff: <\/strong><\/p>\n<p class=\"fussnoten-quellen\">Vorstellung des MINT-Aktionsplans der Bundesregierung: <a href=\"https:\/\/www.bundesregierung.de\/breg-de\/suche\/mit-mint-in-die-zukunft-1579922\" target=\"_blank\" rel=\"noopener\">https:\/\/www.bundesregierung.de\/breg-de\/suche\/mit-mint-in-die-zukunft-1579922<\/a><\/p>\n<p class=\"fussnoten-quellen\">Gisela L\u00fcck: Handbuch naturwissenschaftliche Bildung in der Kita, 2018<\/p>\n<p class=\"fussnoten-quellen\">Gisela L\u00fcck: Leichte Experimente f\u00fcr Kinder, eBook, 2017<\/p>\n<p class=\"fussnoten-quellen\">Stiftung Haus der kleinen Forscher:<br \/>\nBrosch\u00fcre zu MINT-Projekten: <a href=\"https:\/\/www.haus-der-kleinen-forscher.de\/de\/praxisanregungen\/begleitende-materialien\/forscherthemen-broschueren\" target=\"_blank\" rel=\"noopener\">https:\/\/www.haus-der-kleinen-forscher.de\/de\/praxisanregungen\/begleitende-materialien\/forscherthemen-broschueren<\/a><\/p>\n<p class=\"fussnoten-quellen\">Praxisbeispiele aus den Einrichtungen: <a href=\"https:\/\/www.stiftung-kinder-forschen.de\/praxisanregungen\/\">https:\/\/www.stiftung-kinder-forschen.de\/praxisanregungen\/<\/a><\/p>\n<p class=\"fussnoten-quellen\">Zertifizierung als \u201eHaus der kleinen Forscher\u201c: <a href=\"https:\/\/www.stiftung-kinder-forschen.de\/fortbildung\/zertifizierung\/\" target=\"_blank\" rel=\"noopener\">https:\/\/www.haus-der-kleinen-forscher.de\/de\/zertifizierung<\/a><\/p>\n<p class=\"fussnoten-quellen\">Tipps zur Rolle der Erziehenden bei MINT-Projekten und mehr: <a href=\"https:\/\/kindergaertencity.de\/\">https:\/\/kindergaertencity.de\/<\/a><\/p>\n<p class=\"fussnoten-quellen\">Medientipps f\u00fcr MINT-Vorlesepaten unter <a href=\"https:\/\/www.telekom-stiftung.de\/aktivitaeten\/mint-vorlesepaten\" target=\"_blank\" rel=\"noopener\">https:\/\/www.telekom-stiftung.de\/aktivitaeten\/mint-vorlesepaten<\/a><\/p>\n<\/div><\/section><\/div>\n\n<style type=\"text\/css\" data-created_by=\"avia_inline_auto\" id=\"style-css-av-f4ikf9-d891a5a03b466ba9d7815061447d6e8d\">\n.flex_column.av-f4ikf9-d891a5a03b466ba9d7815061447d6e8d{\nborder-radius:0px 0px 0px 0px;\npadding:10px 10px 10px 10px;\n}\n<\/style>\n<div  class='flex_column av-f4ikf9-d891a5a03b466ba9d7815061447d6e8d av_one_full  avia-builder-el-46  el_after_av_one_full  el_before_av_one_full  first flex_column_div  column-top-margin'     ><section  class='av_textblock_section av-ec6rgl-4a440f46fbf23b523e3a9f0599ca0b0c '  ><div class='avia_textblock' ><p class=\"copyright\"><strong>\u00a9 Copyright \u2013 Urheberrechtshinweis<\/strong><br \/>\nAlle Inhalte auf www.backwinkel.de sowie www.backwinkel.de\/blog, insbesondere Texte, Fotografien und Grafiken, sind urheberrechtlich gesch\u00fctzt.<br \/>\nDas Urheberrecht liegt, soweit nicht ausdr\u00fccklich anders gekennzeichnet, bei der BACKWINKEL GmbH. Bitte fragen Sie uns, falls Sie die Inhalte dieses Internetangebotes verwenden m\u00f6chten.<br \/>\nWer gegen das Urheberrecht verst\u00f6\u00dft (z. B. Bilder oder Texte unerlaubt kopiert), macht sich gem. \u00a7\u00a7 106 ff UrhG strafbar, wird zudem kostenpflichtig abgemahnt und muss Schadensersatz leisten (\u00a7 97 UrhG).<\/p>\n<\/div><\/section><\/div>\n\n<style type=\"text\/css\" data-created_by=\"avia_inline_auto\" id=\"style-css-av-bt6vd1-faa3ffa98c89d3388bb6c659d25b7037\">\n.flex_column.av-bt6vd1-faa3ffa98c89d3388bb6c659d25b7037{\nborder-radius:0px 0px 0px 0px;\npadding:0px 0px 0px 0px;\n}\n<\/style>\n<div  class='flex_column av-bt6vd1-faa3ffa98c89d3388bb6c659d25b7037 av_one_full  avia-builder-el-48  el_after_av_one_full  avia-builder-el-last  first flex_column_div av-zero-column-padding  column-top-margin'     ><p><section  class='av_textblock_section av-atafl1-6adeac4b562a945193518e2c6a9b2f04 '  ><div class='avia_textblock' ><div class=\"shariff shariff-align-left shariff-widget-align-left\"><ul class=\"shariff-buttons theme-color orientation-horizontal buttonsize-medium\"><li class=\"shariff-button whatsapp shariff-nocustomcolor\" style=\"background-color:#5cbe4a\"><a href=\"https:\/\/api.whatsapp.com\/send?text=https%3A%2F%2Fwww.backwinkel.de%2Fblog%2Fmint-kindergarten%2F%20MINT-Kindergarten%3A%20Von%20physikalischen%20Kr%C3%A4ften%20bis%20zu%20biologischen%20Betrachtungsweisen\" title=\"Bei Whatsapp teilen\" aria-label=\"Bei Whatsapp teilen\" role=\"button\" rel=\"noopener nofollow\" class=\"shariff-link\" style=\"; background-color:#34af23; color:#fff\" target=\"_blank\"><span class=\"shariff-icon\" style=\"\"><svg width=\"32px\" height=\"20px\" xmlns=\"http:\/\/www.w3.org\/2000\/svg\" viewBox=\"0 0 32 32\"><path fill=\"#34af23\" d=\"M17.6 17.4q0.2 0 1.7 0.8t1.6 0.9q0 0.1 0 0.3 0 0.6-0.3 1.4-0.3 0.7-1.3 1.2t-1.8 0.5q-1 0-3.4-1.1-1.7-0.8-3-2.1t-2.6-3.3q-1.3-1.9-1.3-3.5v-0.1q0.1-1.6 1.3-2.8 0.4-0.4 0.9-0.4 0.1 0 0.3 0t0.3 0q0.3 0 0.5 0.1t0.3 0.5q0.1 0.4 0.6 1.6t0.4 1.3q0 0.4-0.6 1t-0.6 0.8q0 0.1 0.1 0.3 0.6 1.3 1.8 2.4 1 0.9 2.7 1.8 0.2 0.1 0.4 0.1 0.3 0 1-0.9t0.9-0.9zM14 26.9q2.3 0 4.3-0.9t3.6-2.4 2.4-3.6 0.9-4.3-0.9-4.3-2.4-3.6-3.6-2.4-4.3-0.9-4.3 0.9-3.6 2.4-2.4 3.6-0.9 4.3q0 3.6 2.1 6.6l-1.4 4.2 4.3-1.4q2.8 1.9 6.2 1.9zM14 2.2q2.7 0 5.2 1.1t4.3 2.9 2.9 4.3 1.1 5.2-1.1 5.2-2.9 4.3-4.3 2.9-5.2 1.1q-3.5 0-6.5-1.7l-7.4 2.4 2.4-7.2q-1.9-3.2-1.9-6.9 0-2.7 1.1-5.2t2.9-4.3 4.3-2.9 5.2-1.1z\"\/><\/svg><\/span><span class=\"shariff-text\">teilen<\/span>&nbsp;<\/a><\/li><li class=\"shariff-button facebook shariff-nocustomcolor\" style=\"background-color:#4273c8\"><a href=\"https:\/\/www.facebook.com\/sharer\/sharer.php?u=https%3A%2F%2Fwww.backwinkel.de%2Fblog%2Fmint-kindergarten%2F\" title=\"Bei Facebook teilen\" aria-label=\"Bei Facebook teilen\" role=\"button\" rel=\"nofollow\" class=\"shariff-link\" style=\"; background-color:#3b5998; color:#fff\" target=\"_blank\"><span class=\"shariff-icon\" style=\"\"><svg width=\"32px\" height=\"20px\" xmlns=\"http:\/\/www.w3.org\/2000\/svg\" viewBox=\"0 0 18 32\"><path fill=\"#3b5998\" d=\"M17.1 0.2v4.7h-2.8q-1.5 0-2.1 0.6t-0.5 1.9v3.4h5.2l-0.7 5.3h-4.5v13.6h-5.5v-13.6h-4.5v-5.3h4.5v-3.9q0-3.3 1.9-5.2t5-1.8q2.6 0 4.1 0.2z\"\/><\/svg><\/span><span class=\"shariff-text\">teilen<\/span>&nbsp;<\/a><\/li><li class=\"shariff-button twitter shariff-nocustomcolor\" style=\"background-color:#595959\"><a href=\"https:\/\/twitter.com\/share?url=https%3A%2F%2Fwww.backwinkel.de%2Fblog%2Fmint-kindergarten%2F&text=MINT-Kindergarten%3A%20Von%20physikalischen%20Kr%C3%A4ften%20bis%20zu%20biologischen%20Betrachtungsweisen\" title=\"Bei X teilen\" aria-label=\"Bei X teilen\" role=\"button\" rel=\"noopener nofollow\" class=\"shariff-link\" style=\"; background-color:#000; color:#fff\" target=\"_blank\"><span class=\"shariff-icon\" style=\"\"><svg width=\"32px\" height=\"20px\" xmlns=\"http:\/\/www.w3.org\/2000\/svg\" viewBox=\"0 0 24 24\"><path fill=\"#000\" d=\"M14.258 10.152L23.176 0h-2.113l-7.747 8.813L7.133 0H0l9.352 13.328L0 23.973h2.113l8.176-9.309 6.531 9.309h7.133zm-2.895 3.293l-.949-1.328L2.875 1.56h3.246l6.086 8.523.945 1.328 7.91 11.078h-3.246zm0 0\"\/><\/svg><\/span><span class=\"shariff-text\">teilen<\/span>&nbsp;<\/a><\/li><li class=\"shariff-button pinterest shariff-nocustomcolor\" style=\"background-color:#e70f18\"><a href=\"https:\/\/www.pinterest.com\/pin\/create\/link\/?url=https%3A%2F%2Fwww.backwinkel.de%2Fblog%2Fmint-kindergarten%2F&media=https%3A%2F%2Fwww.backwinkel.de%2Fblog%2Fwp-content%2Fuploads%2F2021%2F07%2Fbackwinkel-blog-mint-kindergarten-physik-heroimage.jpg&description=MINT-Kindergarten%3A%20Von%20physikalischen%20Kr%C3%A4ften%20bis%20zu%20biologischen%20Betrachtungsweisen\" title=\"Bei Pinterest pinnen\" aria-label=\"Bei Pinterest pinnen\" role=\"button\" rel=\"noopener nofollow\" class=\"shariff-link\" style=\"; background-color:#cb2027; color:#fff\" target=\"_blank\"><span class=\"shariff-icon\" style=\"\"><svg width=\"32px\" height=\"20px\" xmlns=\"http:\/\/www.w3.org\/2000\/svg\" viewBox=\"0 0 27 32\"><path fill=\"#cb2027\" d=\"M27.4 16q0 3.7-1.8 6.9t-5 5-6.9 1.9q-2 0-3.9-0.6 1.1-1.7 1.4-2.9 0.2-0.6 1-3.8 0.4 0.7 1.3 1.2t2 0.5q2.1 0 3.8-1.2t2.7-3.4 0.9-4.8q0-2-1.1-3.8t-3.1-2.9-4.5-1.2q-1.9 0-3.5 0.5t-2.8 1.4-2 2-1.2 2.3-0.4 2.4q0 1.9 0.7 3.3t2.1 2q0.5 0.2 0.7-0.4 0-0.1 0.1-0.5t0.2-0.5q0.1-0.4-0.2-0.8-0.9-1.1-0.9-2.7 0-2.7 1.9-4.6t4.9-2q2.7 0 4.2 1.5t1.5 3.8q0 3-1.2 5.2t-3.1 2.1q-1.1 0-1.7-0.8t-0.4-1.9q0.1-0.6 0.5-1.7t0.5-1.8 0.2-1.4q0-0.9-0.5-1.5t-1.4-0.6q-1.1 0-1.9 1t-0.8 2.6q0 1.3 0.4 2.2l-1.8 7.5q-0.3 1.2-0.2 3.2-3.7-1.6-6-5t-2.3-7.6q0-3.7 1.9-6.9t5-5 6.9-1.9 6.9 1.9 5 5 1.8 6.9z\"\/><\/svg><\/span><span class=\"shariff-text\">merken<\/span>&nbsp;<\/a><\/li><li class=\"shariff-button mailto shariff-nocustomcolor\" style=\"background-color:#a8a8a8\"><a href=\"mailto:?body=https%3A%2F%2Fwww.backwinkel.de%2Fblog%2Fmint-kindergarten%2F&subject=MINT-Kindergarten%3A%20Von%20physikalischen%20Kr%C3%A4ften%20bis%20zu%20biologischen%20Betrachtungsweisen\" title=\"Per E-Mail versenden\" aria-label=\"Per E-Mail versenden\" role=\"button\" rel=\"noopener nofollow\" class=\"shariff-link\" style=\"; background-color:#999; color:#fff\"><span class=\"shariff-icon\" style=\"\"><svg width=\"32px\" height=\"20px\" xmlns=\"http:\/\/www.w3.org\/2000\/svg\" viewBox=\"0 0 32 32\"><path fill=\"#999\" d=\"M32 12.7v14.2q0 1.2-0.8 2t-2 0.9h-26.3q-1.2 0-2-0.9t-0.8-2v-14.2q0.8 0.9 1.8 1.6 6.5 4.4 8.9 6.1 1 0.8 1.6 1.2t1.7 0.9 2 0.4h0.1q0.9 0 2-0.4t1.7-0.9 1.6-1.2q3-2.2 8.9-6.1 1-0.7 1.8-1.6zM32 7.4q0 1.4-0.9 2.7t-2.2 2.2q-6.7 4.7-8.4 5.8-0.2 0.1-0.7 0.5t-1 0.7-0.9 0.6-1.1 0.5-0.9 0.2h-0.1q-0.4 0-0.9-0.2t-1.1-0.5-0.9-0.6-1-0.7-0.7-0.5q-1.6-1.1-4.7-3.2t-3.6-2.6q-1.1-0.7-2.1-2t-1-2.5q0-1.4 0.7-2.3t2.1-0.9h26.3q1.2 0 2 0.8t0.9 2z\"\/><\/svg><\/span><span class=\"shariff-text\">E-Mail<\/span>&nbsp;<\/a><\/li><\/ul><\/div>\n<\/div><\/section><br \/>\n<div  class='tabcontainer av-98ubpx-7dd47a403f10001fd6f61f82d244aaa2 top_tab  avia-builder-el-50  el_after_av_textblock  el_before_av_hr '>\n<section class='av_tab_section av_tab_section av-7ds251-e9b719161cddc5009d615ffcd04a527e' ><div id='tab-id-1-tab' class='tab active_tab' role='tab' aria-selected=\"true\" tabindex=\"0\" data-fake-id='#tab-id-1' aria-controls='tab-id-1-content' >Das BACKWINKEL-Blog-Team:<\/div><div id='tab-id-1-content' class='tab_content active_tab_content' role='tabpanel' aria-labelledby='tab-id-1-tab' aria-hidden=\"false\"><div class='tab_inner_content invers-color' ><p><img decoding=\"async\" class=\"wp-image-1768 alignleft\" title=\"BACKWINKEL-Blog \u2013 Das Team\" src=\"https:\/\/blog.backwinkel.de\/wp-content\/uploads\/2018\/10\/backwinkel-blog-autorenbox-intern_preview-300x198.jpg\" alt=\"\" width=\"300\" height=\"198\" \/>Gibts auch ein Gesicht hinter dem BACKWINKEL-Blog? Ja. Vier ?. Drei davon sogar mit Foto.<\/p>\n<p><span style=\"font-style: inherit !important; font-weight: inherit !important;\">Wir \u2013 Lukas, Tatjana, Stefan und Christine \u2013 bespielen unseren Blog unter dem Motto LACHEN LESEN LERNEN. <\/span><\/p>\n<p><span style=\"font-style: inherit !important; font-weight: inherit !important;\">Lukas kennt sich online so gut aus wie in seiner Westentasche und findet immer spannende Themen, w\u00e4hrend Stefan unseren Beitr\u00e4gen den passenden gestalterischen Rahmen gibt und Tatjana mit dem gr\u00fcnen Korrekturstift alles pr\u00fcfend be\u00e4ugt, was unsere Autorin Christine (und gern auch Gastautoren) f\u00fcr den BACKWINKEL-Blog nach ordentlicher Recherche schreibt.<\/span><\/p>\n<p>Gemeinsam suchen wir st\u00e4ndig nach neuen, aufregenden Themen rund um das Thema Bildung im Kiga, der Schule und zu Hause. Und weil Sie da an der Quelle sitzen, freuen wir uns auf Ihre konstruktiven R\u00fcckmeldungen und Anregungen an <a href=\"mailto:blog@backwinkel.de\">blog@backwinkel.de<\/a><\/p>\n<p>Viel Spa\u00df beim LACHEN LESEN LERNEN!<\/p>\n<\/div><\/div><\/section>\n<\/div><br \/>\n\n<style type=\"text\/css\" data-created_by=\"avia_inline_auto\" id=\"style-css-av-6g7urp-4dd9f80bf049d92f9810450ece908f2d\">\n#top .hr.av-6g7urp-4dd9f80bf049d92f9810450ece908f2d{\nmargin-top:10px;\nmargin-bottom:10px;\n}\n.hr.av-6g7urp-4dd9f80bf049d92f9810450ece908f2d .hr-inner{\nwidth:500;\n}\n<\/style>\n<div  class='hr av-6g7urp-4dd9f80bf049d92f9810450ece908f2d hr-custom  avia-builder-el-51  el_after_av_tab_container  el_before_av_heading  hr-left hr-icon-no'><span class='hr-inner inner-border-av-border-thin'><span class=\"hr-inner-style\"><\/span><\/span><\/div><br \/>\n\n<style type=\"text\/css\" data-created_by=\"avia_inline_auto\" id=\"style-css-av-3q3tzp-aedf607c40cb340d7b9d971ac32f43fa\">\n#top .av-special-heading.av-3q3tzp-aedf607c40cb340d7b9d971ac32f43fa{\npadding-bottom:10px;\n}\nbody .av-special-heading.av-3q3tzp-aedf607c40cb340d7b9d971ac32f43fa .av-special-heading-tag .heading-char{\nfont-size:25px;\n}\n.av-special-heading.av-3q3tzp-aedf607c40cb340d7b9d971ac32f43fa .av-subheading{\nfont-size:15px;\n}\n<\/style>\n<div  class='av-special-heading av-3q3tzp-aedf607c40cb340d7b9d971ac32f43fa av-special-heading-h3 blockquote modern-quote  avia-builder-el-52  el_after_av_hr  el_before_av_blog '><h3 class='av-special-heading-tag '  >PASSENDE BEITR\u00c4GE<\/h3><div class=\"special-heading-border\"><div class=\"special-heading-inner-border\"><\/div><\/div><\/div><br \/>\n<div  data-slideshow-options=\"{&quot;animation&quot;:&quot;fade&quot;,&quot;autoplay&quot;:false,&quot;loop_autoplay&quot;:&quot;once&quot;,&quot;interval&quot;:5,&quot;loop_manual&quot;:&quot;manual-endless&quot;,&quot;autoplay_stopper&quot;:false,&quot;noNavigation&quot;:false,&quot;show_slide_delay&quot;:90}\" class='avia-content-slider avia-content-grid-active avia-content-slider1 avia-content-slider-odd  avia-builder-el-53  el_after_av_heading  avia-builder-el-last  av-slideshow-ui av-control-default   av-no-slider-navigation av-slideshow-manual av-loop-once av-loop-manual-endless ' ><div class=\"avia-content-slider-inner\"><div class=\"slide-entry-wrap\"><article class='slide-entry flex_column  post-entry post-entry-18633 slide-entry-overview slide-loop-1 slide-parity-odd  av_one_third first real-thumbnail posttype-post post-format-standard' ><a href='https:\/\/www.backwinkel.de\/blog\/plastik-recyceln\/' data-rel='slide-1' class='slide-image' title='Plastik recyceln'><img decoding=\"async\" fetchpriority=\"high\" width=\"1200\" height=\"628\" src=\"https:\/\/www.backwinkel.de\/blog\/wp-content\/uploads\/2026\/04\/04_Kiga_Plastik_nachhaltig_nutzen.jpg\" class=\"wp-image-18713 avia-img-lazy-loading-not-18713 attachment-no scaling size-no scaling wp-post-image\" alt=\"\" \/><\/a><div class=\"slide-content\"><header class=\"entry-content-header\" aria-label=\"Slide: Plastik recyceln\"><h3 class='slide-entry-title entry-title ' ><a href='https:\/\/www.backwinkel.de\/blog\/plastik-recyceln\/' title='Plastik recyceln'>Plastik recyceln<\/a><\/h3><span class=\"blog-categories minor-meta\"><a href=\"https:\/\/www.backwinkel.de\/blog\/category\/kindergarten-kita\/\" rel=\"tag\">Kindergarten<\/a> <\/span><span class=\"av-vertical-delimiter\"><\/span><\/header><div class='slide-entry-excerpt entry-content' >Biokunststoff f\u00fcr St\u00fchle, Materialboxen, Spielzeug und Rucks\u00e4cke<\/div><\/div><footer class=\"entry-footer\"><div class=\"slide-meta\"><time class='slide-meta-time updated' >14. April 2026<\/time><\/div><\/footer><\/article><article class='slide-entry flex_column  post-entry post-entry-18716 slide-entry-overview slide-loop-2 slide-parity-even  av_one_third  real-thumbnail posttype-post post-format-standard' ><a href='https:\/\/www.backwinkel.de\/blog\/rechnen-im-anfangsunterricht\/' data-rel='slide-1' class='slide-image' title='Rechnen im Anfangsunterricht'><img decoding=\"async\" fetchpriority=\"high\" width=\"1200\" height=\"628\" src=\"https:\/\/www.backwinkel.de\/blog\/wp-content\/uploads\/2026\/04\/04_Schule_Rechnen_anfangsunterricht.jpg\" class=\"wp-image-18748 avia-img-lazy-loading-not-18748 attachment-no scaling size-no scaling wp-post-image\" alt=\"\" \/><\/a><div class=\"slide-content\"><header class=\"entry-content-header\" aria-label=\"Slide: Rechnen im Anfangsunterricht\"><h3 class='slide-entry-title entry-title ' ><a href='https:\/\/www.backwinkel.de\/blog\/rechnen-im-anfangsunterricht\/' title='Rechnen im Anfangsunterricht'>Rechnen im Anfangsunterricht<\/a><\/h3><span class=\"blog-categories minor-meta\"><a href=\"https:\/\/www.backwinkel.de\/blog\/category\/schule-grundschule\/\" rel=\"tag\">Schule<\/a> <\/span><span class=\"av-vertical-delimiter\"><\/span><\/header><div class='slide-entry-excerpt entry-content' >Das Klassenzimmer als Lernlandschaft<\/div><\/div><footer class=\"entry-footer\"><div class=\"slide-meta\"><time class='slide-meta-time updated' >14. April 2026<\/time><\/div><\/footer><\/article><article class='slide-entry flex_column  post-entry post-entry-18372 slide-entry-overview slide-loop-3 slide-parity-odd  post-entry-last  av_one_third  real-thumbnail posttype-post post-format-standard' ><a href='https:\/\/www.backwinkel.de\/blog\/kranke-kinder-im-kindergarten\/' data-rel='slide-1' class='slide-image' title='Kranke Kinder im Kindergarten'><img decoding=\"async\" fetchpriority=\"high\" width=\"1200\" height=\"628\" src=\"https:\/\/www.backwinkel.de\/blog\/wp-content\/uploads\/2026\/03\/03_Kiga_Kranke_Kinder.jpg\" class=\"wp-image-18451 avia-img-lazy-loading-not-18451 attachment-no scaling size-no scaling wp-post-image\" alt=\"Thema: Kranke Kinder. Auf dem Bild ist ein krankes kleines M\u00e4dchen zu sehen. Eine Frau mit einem Fieberthermometer in der Hand sitzt neben ihr und hat die Hand auf der Stirn des M\u00e4dchens.\" \/><\/a><div class=\"slide-content\"><header class=\"entry-content-header\" aria-label=\"Slide: Kranke Kinder im Kindergarten\"><h3 class='slide-entry-title entry-title ' ><a href='https:\/\/www.backwinkel.de\/blog\/kranke-kinder-im-kindergarten\/' title='Kranke Kinder im Kindergarten'>Kranke Kinder im Kindergarten<\/a><\/h3><span class=\"blog-categories minor-meta\"><a href=\"https:\/\/www.backwinkel.de\/blog\/category\/kindergarten-kita\/\" rel=\"tag\">Kindergarten<\/a> <\/span><span class=\"av-vertical-delimiter\"><\/span><\/header><div class='slide-entry-excerpt entry-content' >Auswirkungen f\u00fcr Kinder, Eltern und Fachkr\u00e4fte<\/div><\/div><footer class=\"entry-footer\"><div class=\"slide-meta\"><time class='slide-meta-time updated' >9. M\u00e4rz 2026<\/time><\/div><\/footer><\/article><\/div><\/div><\/div><\/p><\/div>\n","protected":false},"excerpt":{"rendered":"<p>So f\u00f6rdern Sie den kindlichen Forscherdrang <\/p>\n","protected":false},"author":3,"featured_media":7438,"comment_status":"closed","ping_status":"closed","sticky":false,"template":"","format":"standard","meta":{"inline_featured_image":false,"footnotes":""},"categories":[5],"tags":[],"class_list":["post-7381","post","type-post","status-publish","format-standard","has-post-thumbnail","hentry","category-kindergarten-kita"],"yoast_head":"<!-- This site is optimized with the Yoast SEO plugin v27.4 - https:\/\/yoast.com\/product\/yoast-seo-wordpress\/ -->\n<title>MINT im Kindergarten \u00bb Projekte, Ideen &amp; Tipps | BACKWINKEL Blog<\/title>\n<meta name=\"description\" content=\"Was MINT ist, weshalb es so wichtig ist und wie Sie MINT im Alltag integrieren \u00bb Inkl. praktischer Tipps + Ideen f\u00fcr Kindergarten &amp; Kita \u2713 Jetzt lesen!\" \/>\n<meta name=\"robots\" content=\"index, follow, max-snippet:-1, max-image-preview:large, max-video-preview:-1\" \/>\n<link rel=\"canonical\" href=\"https:\/\/www.backwinkel.de\/blog\/mint-kindergarten\/\" \/>\n<meta property=\"og:locale\" content=\"de_DE\" \/>\n<meta property=\"og:type\" content=\"article\" \/>\n<meta property=\"og:title\" content=\"MINT im Kindergarten \u00bb Projekte, Ideen &amp; Tipps | BACKWINKEL Blog\" \/>\n<meta property=\"og:description\" content=\"Was MINT ist, weshalb es so wichtig ist und wie Sie MINT im Alltag integrieren \u00bb Inkl. praktischer Tipps + Ideen f\u00fcr Kindergarten &amp; Kita \u2713 Jetzt lesen!\" \/>\n<meta property=\"og:url\" content=\"https:\/\/www.backwinkel.de\/blog\/mint-kindergarten\/\" \/>\n<meta property=\"og:site_name\" content=\"BACKWINKEL Blog\" \/>\n<meta property=\"article:published_time\" content=\"2021-07-05T07:02:05+00:00\" \/>\n<meta property=\"article:modified_time\" content=\"2026-04-22T13:27:08+00:00\" \/>\n<meta property=\"og:image\" content=\"https:\/\/www.backwinkel.de\/blog\/wp-content\/uploads\/2021\/07\/backwinkel-blog-mint-kindergarten-physik-heroimage.jpg\" \/>\n\t<meta property=\"og:image:width\" content=\"1200\" \/>\n\t<meta property=\"og:image:height\" content=\"628\" \/>\n\t<meta property=\"og:image:type\" content=\"image\/jpeg\" \/>\n<meta name=\"author\" content=\"BACKWINKEL\" \/>\n<meta name=\"twitter:card\" content=\"summary_large_image\" \/>\n<meta name=\"twitter:label1\" content=\"Verfasst von\" \/>\n\t<meta name=\"twitter:data1\" content=\"BACKWINKEL\" \/>\n\t<meta name=\"twitter:label2\" content=\"Gesch\u00e4tzte Lesezeit\" \/>\n\t<meta name=\"twitter:data2\" content=\"19\u00a0Minuten\" \/>\n<script type=\"application\/ld+json\" class=\"yoast-schema-graph\">{\"@context\":\"https:\\\/\\\/schema.org\",\"@graph\":[{\"@type\":\"Article\",\"@id\":\"https:\\\/\\\/www.backwinkel.de\\\/blog\\\/mint-kindergarten\\\/#article\",\"isPartOf\":{\"@id\":\"https:\\\/\\\/www.backwinkel.de\\\/blog\\\/mint-kindergarten\\\/\"},\"author\":{\"name\":\"BACKWINKEL\",\"@id\":\"https:\\\/\\\/www.backwinkel.de\\\/blog\\\/#\\\/schema\\\/person\\\/3d64575316540d25f7866264a4b7cd24\"},\"headline\":\"MINT-Kindergarten: Von physikalischen Kr\u00e4ften bis zu biologischen Betrachtungsweisen\",\"datePublished\":\"2021-07-05T07:02:05+00:00\",\"dateModified\":\"2026-04-22T13:27:08+00:00\",\"mainEntityOfPage\":{\"@id\":\"https:\\\/\\\/www.backwinkel.de\\\/blog\\\/mint-kindergarten\\\/\"},\"wordCount\":6009,\"image\":{\"@id\":\"https:\\\/\\\/www.backwinkel.de\\\/blog\\\/mint-kindergarten\\\/#primaryimage\"},\"thumbnailUrl\":\"https:\\\/\\\/www.backwinkel.de\\\/blog\\\/wp-content\\\/uploads\\\/2021\\\/07\\\/backwinkel-blog-mint-kindergarten-physik-heroimage.jpg\",\"articleSection\":[\"Kindergarten\"],\"inLanguage\":\"de\"},{\"@type\":\"WebPage\",\"@id\":\"https:\\\/\\\/www.backwinkel.de\\\/blog\\\/mint-kindergarten\\\/\",\"url\":\"https:\\\/\\\/www.backwinkel.de\\\/blog\\\/mint-kindergarten\\\/\",\"name\":\"MINT im Kindergarten \u00bb Projekte, Ideen & Tipps | BACKWINKEL Blog\",\"isPartOf\":{\"@id\":\"https:\\\/\\\/www.backwinkel.de\\\/blog\\\/#website\"},\"primaryImageOfPage\":{\"@id\":\"https:\\\/\\\/www.backwinkel.de\\\/blog\\\/mint-kindergarten\\\/#primaryimage\"},\"image\":{\"@id\":\"https:\\\/\\\/www.backwinkel.de\\\/blog\\\/mint-kindergarten\\\/#primaryimage\"},\"thumbnailUrl\":\"https:\\\/\\\/www.backwinkel.de\\\/blog\\\/wp-content\\\/uploads\\\/2021\\\/07\\\/backwinkel-blog-mint-kindergarten-physik-heroimage.jpg\",\"datePublished\":\"2021-07-05T07:02:05+00:00\",\"dateModified\":\"2026-04-22T13:27:08+00:00\",\"author\":{\"@id\":\"https:\\\/\\\/www.backwinkel.de\\\/blog\\\/#\\\/schema\\\/person\\\/3d64575316540d25f7866264a4b7cd24\"},\"description\":\"Was MINT ist, weshalb es so wichtig ist und wie Sie MINT im Alltag integrieren \u00bb Inkl. praktischer Tipps + Ideen f\u00fcr Kindergarten & Kita \u2713 Jetzt lesen!\",\"breadcrumb\":{\"@id\":\"https:\\\/\\\/www.backwinkel.de\\\/blog\\\/mint-kindergarten\\\/#breadcrumb\"},\"inLanguage\":\"de\",\"potentialAction\":[{\"@type\":\"ReadAction\",\"target\":[\"https:\\\/\\\/www.backwinkel.de\\\/blog\\\/mint-kindergarten\\\/\"]}]},{\"@type\":\"ImageObject\",\"inLanguage\":\"de\",\"@id\":\"https:\\\/\\\/www.backwinkel.de\\\/blog\\\/mint-kindergarten\\\/#primaryimage\",\"url\":\"https:\\\/\\\/www.backwinkel.de\\\/blog\\\/wp-content\\\/uploads\\\/2021\\\/07\\\/backwinkel-blog-mint-kindergarten-physik-heroimage.jpg\",\"contentUrl\":\"https:\\\/\\\/www.backwinkel.de\\\/blog\\\/wp-content\\\/uploads\\\/2021\\\/07\\\/backwinkel-blog-mint-kindergarten-physik-heroimage.jpg\",\"width\":1200,\"height\":628},{\"@type\":\"BreadcrumbList\",\"@id\":\"https:\\\/\\\/www.backwinkel.de\\\/blog\\\/mint-kindergarten\\\/#breadcrumb\",\"itemListElement\":[{\"@type\":\"ListItem\",\"position\":1,\"name\":\"Startseite\",\"item\":\"https:\\\/\\\/blog.backwinkel.de\\\/aktuelles\\\/\"},{\"@type\":\"ListItem\",\"position\":2,\"name\":\"MINT-Kindergarten: Von physikalischen Kr\u00e4ften bis zu biologischen Betrachtungsweisen\"}]},{\"@type\":\"WebSite\",\"@id\":\"https:\\\/\\\/www.backwinkel.de\\\/blog\\\/#website\",\"url\":\"https:\\\/\\\/www.backwinkel.de\\\/blog\\\/\",\"name\":\"BACKWINKEL Blog\",\"description\":\"f\u00fcr Lehrer, Erzieher und Eltern\",\"potentialAction\":[{\"@type\":\"SearchAction\",\"target\":{\"@type\":\"EntryPoint\",\"urlTemplate\":\"https:\\\/\\\/www.backwinkel.de\\\/blog\\\/?s={search_term_string}\"},\"query-input\":{\"@type\":\"PropertyValueSpecification\",\"valueRequired\":true,\"valueName\":\"search_term_string\"}}],\"inLanguage\":\"de\"},{\"@type\":\"Person\",\"@id\":\"https:\\\/\\\/www.backwinkel.de\\\/blog\\\/#\\\/schema\\\/person\\\/3d64575316540d25f7866264a4b7cd24\",\"name\":\"BACKWINKEL\",\"sameAs\":[\"http:\\\/\\\/www.backwinkel.de\"],\"url\":\"https:\\\/\\\/www.backwinkel.de\\\/blog\\\/author\\\/backwinkel\\\/\"}]}<\/script>\n<!-- \/ Yoast SEO plugin. -->","yoast_head_json":{"title":"MINT im Kindergarten \u00bb Projekte, Ideen & Tipps | BACKWINKEL Blog","description":"Was MINT ist, weshalb es so wichtig ist und wie Sie MINT im Alltag integrieren \u00bb Inkl. praktischer Tipps + Ideen f\u00fcr Kindergarten & Kita \u2713 Jetzt lesen!","robots":{"index":"index","follow":"follow","max-snippet":"max-snippet:-1","max-image-preview":"max-image-preview:large","max-video-preview":"max-video-preview:-1"},"canonical":"https:\/\/www.backwinkel.de\/blog\/mint-kindergarten\/","og_locale":"de_DE","og_type":"article","og_title":"MINT im Kindergarten \u00bb Projekte, Ideen & Tipps | BACKWINKEL Blog","og_description":"Was MINT ist, weshalb es so wichtig ist und wie Sie MINT im Alltag integrieren \u00bb Inkl. praktischer Tipps + Ideen f\u00fcr Kindergarten & Kita \u2713 Jetzt lesen!","og_url":"https:\/\/www.backwinkel.de\/blog\/mint-kindergarten\/","og_site_name":"BACKWINKEL Blog","article_published_time":"2021-07-05T07:02:05+00:00","article_modified_time":"2026-04-22T13:27:08+00:00","og_image":[{"width":1200,"height":628,"url":"https:\/\/www.backwinkel.de\/blog\/wp-content\/uploads\/2021\/07\/backwinkel-blog-mint-kindergarten-physik-heroimage.jpg","type":"image\/jpeg"}],"author":"BACKWINKEL","twitter_card":"summary_large_image","twitter_misc":{"Verfasst von":"BACKWINKEL","Gesch\u00e4tzte Lesezeit":"19\u00a0Minuten"},"schema":{"@context":"https:\/\/schema.org","@graph":[{"@type":"Article","@id":"https:\/\/www.backwinkel.de\/blog\/mint-kindergarten\/#article","isPartOf":{"@id":"https:\/\/www.backwinkel.de\/blog\/mint-kindergarten\/"},"author":{"name":"BACKWINKEL","@id":"https:\/\/www.backwinkel.de\/blog\/#\/schema\/person\/3d64575316540d25f7866264a4b7cd24"},"headline":"MINT-Kindergarten: Von physikalischen Kr\u00e4ften bis zu biologischen Betrachtungsweisen","datePublished":"2021-07-05T07:02:05+00:00","dateModified":"2026-04-22T13:27:08+00:00","mainEntityOfPage":{"@id":"https:\/\/www.backwinkel.de\/blog\/mint-kindergarten\/"},"wordCount":6009,"image":{"@id":"https:\/\/www.backwinkel.de\/blog\/mint-kindergarten\/#primaryimage"},"thumbnailUrl":"https:\/\/www.backwinkel.de\/blog\/wp-content\/uploads\/2021\/07\/backwinkel-blog-mint-kindergarten-physik-heroimage.jpg","articleSection":["Kindergarten"],"inLanguage":"de"},{"@type":"WebPage","@id":"https:\/\/www.backwinkel.de\/blog\/mint-kindergarten\/","url":"https:\/\/www.backwinkel.de\/blog\/mint-kindergarten\/","name":"MINT im Kindergarten \u00bb Projekte, Ideen & Tipps | BACKWINKEL Blog","isPartOf":{"@id":"https:\/\/www.backwinkel.de\/blog\/#website"},"primaryImageOfPage":{"@id":"https:\/\/www.backwinkel.de\/blog\/mint-kindergarten\/#primaryimage"},"image":{"@id":"https:\/\/www.backwinkel.de\/blog\/mint-kindergarten\/#primaryimage"},"thumbnailUrl":"https:\/\/www.backwinkel.de\/blog\/wp-content\/uploads\/2021\/07\/backwinkel-blog-mint-kindergarten-physik-heroimage.jpg","datePublished":"2021-07-05T07:02:05+00:00","dateModified":"2026-04-22T13:27:08+00:00","author":{"@id":"https:\/\/www.backwinkel.de\/blog\/#\/schema\/person\/3d64575316540d25f7866264a4b7cd24"},"description":"Was MINT ist, weshalb es so wichtig ist und wie Sie MINT im Alltag integrieren \u00bb Inkl. praktischer Tipps + Ideen f\u00fcr Kindergarten & Kita \u2713 Jetzt lesen!","breadcrumb":{"@id":"https:\/\/www.backwinkel.de\/blog\/mint-kindergarten\/#breadcrumb"},"inLanguage":"de","potentialAction":[{"@type":"ReadAction","target":["https:\/\/www.backwinkel.de\/blog\/mint-kindergarten\/"]}]},{"@type":"ImageObject","inLanguage":"de","@id":"https:\/\/www.backwinkel.de\/blog\/mint-kindergarten\/#primaryimage","url":"https:\/\/www.backwinkel.de\/blog\/wp-content\/uploads\/2021\/07\/backwinkel-blog-mint-kindergarten-physik-heroimage.jpg","contentUrl":"https:\/\/www.backwinkel.de\/blog\/wp-content\/uploads\/2021\/07\/backwinkel-blog-mint-kindergarten-physik-heroimage.jpg","width":1200,"height":628},{"@type":"BreadcrumbList","@id":"https:\/\/www.backwinkel.de\/blog\/mint-kindergarten\/#breadcrumb","itemListElement":[{"@type":"ListItem","position":1,"name":"Startseite","item":"https:\/\/blog.backwinkel.de\/aktuelles\/"},{"@type":"ListItem","position":2,"name":"MINT-Kindergarten: Von physikalischen Kr\u00e4ften bis zu biologischen Betrachtungsweisen"}]},{"@type":"WebSite","@id":"https:\/\/www.backwinkel.de\/blog\/#website","url":"https:\/\/www.backwinkel.de\/blog\/","name":"BACKWINKEL Blog","description":"f\u00fcr Lehrer, Erzieher und Eltern","potentialAction":[{"@type":"SearchAction","target":{"@type":"EntryPoint","urlTemplate":"https:\/\/www.backwinkel.de\/blog\/?s={search_term_string}"},"query-input":{"@type":"PropertyValueSpecification","valueRequired":true,"valueName":"search_term_string"}}],"inLanguage":"de"},{"@type":"Person","@id":"https:\/\/www.backwinkel.de\/blog\/#\/schema\/person\/3d64575316540d25f7866264a4b7cd24","name":"BACKWINKEL","sameAs":["http:\/\/www.backwinkel.de"],"url":"https:\/\/www.backwinkel.de\/blog\/author\/backwinkel\/"}]}},"_links":{"self":[{"href":"https:\/\/www.backwinkel.de\/blog\/wp-json\/wp\/v2\/posts\/7381","targetHints":{"allow":["GET"]}}],"collection":[{"href":"https:\/\/www.backwinkel.de\/blog\/wp-json\/wp\/v2\/posts"}],"about":[{"href":"https:\/\/www.backwinkel.de\/blog\/wp-json\/wp\/v2\/types\/post"}],"author":[{"embeddable":true,"href":"https:\/\/www.backwinkel.de\/blog\/wp-json\/wp\/v2\/users\/3"}],"replies":[{"embeddable":true,"href":"https:\/\/www.backwinkel.de\/blog\/wp-json\/wp\/v2\/comments?post=7381"}],"version-history":[{"count":2,"href":"https:\/\/www.backwinkel.de\/blog\/wp-json\/wp\/v2\/posts\/7381\/revisions"}],"predecessor-version":[{"id":18929,"href":"https:\/\/www.backwinkel.de\/blog\/wp-json\/wp\/v2\/posts\/7381\/revisions\/18929"}],"wp:featuredmedia":[{"embeddable":true,"href":"https:\/\/www.backwinkel.de\/blog\/wp-json\/wp\/v2\/media\/7438"}],"wp:attachment":[{"href":"https:\/\/www.backwinkel.de\/blog\/wp-json\/wp\/v2\/media?parent=7381"}],"wp:term":[{"taxonomy":"category","embeddable":true,"href":"https:\/\/www.backwinkel.de\/blog\/wp-json\/wp\/v2\/categories?post=7381"},{"taxonomy":"post_tag","embeddable":true,"href":"https:\/\/www.backwinkel.de\/blog\/wp-json\/wp\/v2\/tags?post=7381"}],"curies":[{"name":"wp","href":"https:\/\/api.w.org\/{rel}","templated":true}]}}