{"id":7255,"date":"2021-06-07T10:13:27","date_gmt":"2021-06-07T08:13:27","guid":{"rendered":"https:\/\/blog.backwinkel.de\/?p=7255"},"modified":"2026-04-22T15:24:52","modified_gmt":"2026-04-22T13:24:52","slug":"demokratiebildung","status":"publish","type":"post","link":"https:\/\/www.backwinkel.de\/blog\/demokratiebildung\/","title":{"rendered":"Miteinander lernen:"},"content":{"rendered":"\n<style type=\"text\/css\" data-created_by=\"avia_inline_auto\" id=\"style-css-av-8vdv8-f7e0dae999cc49bc529a70f67b346526\">\n.flex_column.av-8vdv8-f7e0dae999cc49bc529a70f67b346526{\nborder-radius:0px 0px 0px 0px;\npadding:0px 0px 0px 0px;\n}\n<\/style>\n<div  class='flex_column av-8vdv8-f7e0dae999cc49bc529a70f67b346526 av_one_full  avia-builder-el-0  el_before_av_three_fifth  avia-builder-el-first  first flex_column_div av-zero-column-padding  '     ><p>\n<style type=\"text\/css\" data-created_by=\"avia_inline_auto\" id=\"style-css-av-jl6mo8rj-605eccf9df0dce9c3ffb6a57636da99d\">\n#top .hr.hr-invisible.av-jl6mo8rj-605eccf9df0dce9c3ffb6a57636da99d{\nmargin-top:0px;\nheight:1px;\n}\n<\/style>\n<div  class='hr av-jl6mo8rj-605eccf9df0dce9c3ffb6a57636da99d hr-invisible  avia-builder-el-1  el_before_av_heading  avia-builder-el-first '><span class='hr-inner '><span class=\"hr-inner-style\"><\/span><\/span><\/div><br \/>\n\n<style type=\"text\/css\" data-created_by=\"avia_inline_auto\" id=\"style-css-av-291up6-6e6d23d4d8ea8756f03ae3e65b8ab430\">\n#top .av-special-heading.av-291up6-6e6d23d4d8ea8756f03ae3e65b8ab430{\npadding-bottom:10px;\n}\nbody .av-special-heading.av-291up6-6e6d23d4d8ea8756f03ae3e65b8ab430 .av-special-heading-tag .heading-char{\nfont-size:25px;\n}\n.av-special-heading.av-291up6-6e6d23d4d8ea8756f03ae3e65b8ab430 .av-subheading{\nfont-size:15px;\n}\n<\/style>\n<div  class='av-special-heading av-291up6-6e6d23d4d8ea8756f03ae3e65b8ab430 av-special-heading-h1 blockquote modern-quote  avia-builder-el-2  el_after_av_hr  el_before_av_post_metadata  av-linked-heading'><h1 class='av-special-heading-tag '  >Miteinander lernen: So geht Demokratiebildung in der Grundschule <\/h1><div class='av-subheading av-subheading_below'><p class=\"autorenname\">Christine Hagemann<\/p>\n<\/div><div class=\"special-heading-border\"><div class=\"special-heading-inner-border\"><\/div><\/div><\/div><br \/>\n\n<style type=\"text\/css\" data-created_by=\"avia_inline_auto\" id=\"style-css-av-5r82p3-fb19f9d6c94e01ddc5214892023cb763\">\n#top .av-post-metadata-container.av-5r82p3-fb19f9d6c94e01ddc5214892023cb763{\nfont-size:12px;\n}\n#top .av-post-metadata-container.av-5r82p3-fb19f9d6c94e01ddc5214892023cb763 .av-post-metadata-container-inner{\nfont-size:12px;\n}\n<\/style>\n<div  class='av-post-metadata-container av-5r82p3-fb19f9d6c94e01ddc5214892023cb763 av-metadata-container-align-left  avia-builder-el-3  el_after_av_heading  el_before_av_textblock  av-metadata-container-1'><div class='av-post-metadata-container-inner'><span class=\"av-post-metadata-content av-post-metadata-meta-content\"><span class=\"av-post-metadata-content av-post-metadata-modified\"><span class=\"av-metadata-before av-metadata-before-modified\">Aktualisiert:<\/span><span class=\"av-post-metadata-modified-date\" >22. April 2026<\/span><\/span><span class=\"av-post-metadata-content av-post-metadata-separator\">\/<\/span><span class=\"av-post-metadata-content av-post-metadata-modified\"><span class=\"av-metadata-before av-metadata-before-modified\">Zuletzt aktualisiert:<\/span><span class=\"av-post-metadata-modified-date\" >22. April 2026<\/span><\/span><\/span><\/div><\/div><br \/>\n\n<style type=\"text\/css\" data-created_by=\"avia_inline_auto\" id=\"style-css-av-jkuubohz-ecf12c995ca12cc59712fc95a2c77115\">\n#top .av_textblock_section.av-jkuubohz-ecf12c995ca12cc59712fc95a2c77115 .avia_textblock{\nfont-size:20px;\n}\n<\/style>\n<section  class='av_textblock_section av-jkuubohz-ecf12c995ca12cc59712fc95a2c77115 '  ><div class='avia_textblock' ><p>Wie funktioniert das Miteinander in einer Gemeinschaft? Fr\u00fche Demokratiebildung in der Grundschule bef\u00e4higt Kinder, die Gesellschaft von morgen mitzugestalten.<\/p>\n<\/div><\/section><br \/>\n\n<style type=\"text\/css\" data-created_by=\"avia_inline_auto\" id=\"style-css-av-jkuuo5h6-92b48257f962488ba7099c79733516ca\">\n.avia-image-container.av-jkuuo5h6-92b48257f962488ba7099c79733516ca img.avia_image{\nbox-shadow:none;\n}\n.avia-image-container.av-jkuuo5h6-92b48257f962488ba7099c79733516ca .av-image-caption-overlay-center{\ncolor:#ffffff;\n}\n<\/style>\n<div  class='avia-image-container av-jkuuo5h6-92b48257f962488ba7099c79733516ca av-styling- avia-align-center  avia-builder-el-5  el_after_av_textblock  el_before_av_hr '  ><div class=\"avia-image-container-inner\"><div class=\"avia-image-overlay-wrap\"><img decoding=\"async\" fetchpriority=\"high\" class='wp-image-7258 avia-img-lazy-loading-not-7258 avia_image ' src=\"https:\/\/www.backwinkel.de\/blog\/wp-content\/uploads\/2021\/05\/backwinkel-blog-demokratiebildung-schule-heroimage.jpg\" alt='' title='backwinkel-blog-demokratiebildung-schule-heroimage'  height=\"628\" width=\"1200\"  \/><\/div><\/div><\/div><br \/>\n\n<style type=\"text\/css\" data-created_by=\"avia_inline_auto\" id=\"style-css-av-jl6mo8rj-16-e6435926191caadff11826818c6ad7d8\">\n#top .hr.hr-invisible.av-jl6mo8rj-16-e6435926191caadff11826818c6ad7d8{\nheight:5px;\n}\n<\/style>\n<div  class='hr av-jl6mo8rj-16-e6435926191caadff11826818c6ad7d8 hr-invisible  avia-builder-el-6  el_after_av_image  el_before_av_textblock '><span class='hr-inner '><span class=\"hr-inner-style\"><\/span><\/span><\/div><br \/>\n\n<style type=\"text\/css\" data-created_by=\"avia_inline_auto\" id=\"style-css-av-jl7ql86y-b39cbdd407f95390308ed34c6b406638\">\n#top .av_textblock_section.av-jl7ql86y-b39cbdd407f95390308ed34c6b406638 .avia_textblock{\nfont-size:10px;\n}\n<\/style>\n<section  class='av_textblock_section av-jl7ql86y-b39cbdd407f95390308ed34c6b406638 '  ><div class='avia_textblock' ><p class=\"bildnennung-beitrag\" style=\"text-align: left;\">\u00a9 fizkes, Adobestock.com<\/p>\n<\/div><\/section><br \/>\n\n<style type=\"text\/css\" data-created_by=\"avia_inline_auto\" id=\"style-css-av-jl6mo8rj-14-0f81d30b4cdc7a9abd90b06dcaf620c5\">\n#top .hr.hr-invisible.av-jl6mo8rj-14-0f81d30b4cdc7a9abd90b06dcaf620c5{\nheight:20px;\n}\n<\/style>\n<div  class='hr av-jl6mo8rj-14-0f81d30b4cdc7a9abd90b06dcaf620c5 hr-invisible  avia-builder-el-8  el_after_av_textblock  el_before_av_textblock '><span class='hr-inner '><span class=\"hr-inner-style\"><\/span><\/span><\/div><br \/>\n<section  class='av_textblock_section av-jkuubohz-15-ac1261e677698a5fd8bf263e8a7e2297 '  ><div class='avia_textblock' ><p>Demokratie will gelebt sein. Deshalb geh\u00f6rt Demokratiebildung bereits in die Grundschule. Dabei sollte Demokratie aber nicht nur Thema im Unterricht sein, sondern f\u00fcr Kinder ganz praktisch in ihrer Lebenswelt erfahrbar werden. Lesen Sie in diesem Beitrag, welche Schwerpunkte beim <strong>Demokratielernen<\/strong> von Anfang an wichtig sind und worauf es bei der Umsetzung ankommt.<\/p>\n<\/div><\/section><\/p><\/div>\n<style type=\"text\/css\" data-created_by=\"avia_inline_auto\" id=\"style-css-av-swqf9-6bb490ea0cbb171c9d159bb967226129\">\n.flex_column.av-swqf9-6bb490ea0cbb171c9d159bb967226129{\nborder-radius:0px 0px 0px 0px;\npadding:20px 20px 20px 20px;\nbackground-color:#f2f2f2;\n}\n<\/style>\n<div  class='flex_column av-swqf9-6bb490ea0cbb171c9d159bb967226129 av_three_fifth  avia-builder-el-10  el_after_av_one_full  el_before_av_two_fifth  first flex_column_div  column-top-margin'     ><style type=\"text\/css\" data-created_by=\"avia_inline_auto\" id=\"style-css-av-jkuua5r2-640c3cf3b5df0bb955e8036d4db6e5ca\">\n#top .av_textblock_section.av-jkuua5r2-640c3cf3b5df0bb955e8036d4db6e5ca .avia_textblock{\nfont-size:14px;\n}\n<\/style>\n<section  class='av_textblock_section av-jkuua5r2-640c3cf3b5df0bb955e8036d4db6e5ca '  ><div class='avia_textblock' ><p><strong>Inhalt<\/strong><\/p>\n<p><strong><a href=\"#1\">1. Was bedeutet Demokratiebildung in der Grundschule? <\/a><\/strong><br \/>\n1.1 Welche Ziele verfolgt die fr\u00fche Demokratiebildung?<br \/>\n1.2 Welche Inhalte hat Demokratielernen in der Primarstufe?<\/p>\n<p><strong><a href=\"#2\">2. So f\u00f6rdern Sie das Interesse am Mitmischen und Mitgestalten<\/a><\/strong><br \/>\n2.1 Mit Unterschieden und Konflikten umgehen: Meinungspluralismus<br \/>\n2.2 Eckpfeiler f\u00fcr demokratisches Handeln: Partizipation<\/p>\n<p><strong><a href=\"#3\">3. Wo finde ich Arbeitsbl\u00e4tter zur Demokratiebildung in der Grundschule?<\/a><\/strong><\/p>\n<p><strong><a href=\"#4\">4. Fazit: Demokratiebildung geht alle an<\/a><\/strong><\/p>\n<\/div><\/section><\/div><\/p>\n\n<style type=\"text\/css\" data-created_by=\"avia_inline_auto\" id=\"style-css-av-2532d-6e1ea05e25305745634c0a02c87dc827\">\n.flex_column.av-2532d-6e1ea05e25305745634c0a02c87dc827{\nborder-radius:0px 0px 0px 0px;\npadding:0 0 0 0;\n}\n<\/style>\n<div  class='flex_column av-2532d-6e1ea05e25305745634c0a02c87dc827 av_two_fifth  avia-builder-el-12  el_after_av_three_fifth  el_before_av_sidebar  flex_column_div av-zero-column-padding  column-top-margin'     ><\/div>\n<div  class='avia-builder-widget-area clearfix  avia-builder-el-13  el_after_av_two_fifth  el_before_av_one_full '><div id=\"text-34\" class=\"widget clearfix widget_text\">\t\t\t<div class=\"textwidget\"><p><a href=\"https:\/\/www.backwinkel.de\/nachhaltig-denken\/\" target=\"\\_blank\" rel=\"noopener\"><br \/>\n<img decoding=\"async\" class=\"werbung-desktop alignnone wp-image-4186 size-full\" src=\"https:\/\/www.backwinkel.de\/blog\/wp-content\/uploads\/2026\/04\/Backwinkel-blog-werbebanner-shop-schule_desktop.jpg\" alt=\"\" width=\"1251\" height=\"201\" \/><br \/>\n<\/a><br \/>\n<a href=\"https:\/\/www.backwinkel.de\/nachhaltig-denken\/\" target=\"\\_blank\" rel=\"noopener\"><br \/>\n<img decoding=\"async\" class=\"werbung-mobile alignnone wp-image-4187 size-full\" src=\"https:\/\/www.backwinkel.de\/blog\/wp-content\/uploads\/2026\/04\/Backwinkel-blog-werbebanner-shop-schule_mobile.jpg\" alt=\"\" width=\"550\" height=\"500\" \/><br \/>\n<\/a><\/p>\n<\/div>\n\t\t<\/div><\/div>\n\n<style type=\"text\/css\" data-created_by=\"avia_inline_auto\" id=\"style-css-av-hh5al-9c53459d093ff912fcc98cf97e19d753\">\n.flex_column.av-hh5al-9c53459d093ff912fcc98cf97e19d753{\nborder-radius:0px 0px 0px 0px;\npadding:0px 0px 0px 0px;\n}\n<\/style>\n<div  class='flex_column av-hh5al-9c53459d093ff912fcc98cf97e19d753 av_one_full  avia-builder-el-14  el_after_av_sidebar  el_before_av_one_full  first flex_column_div av-zero-column-padding  '     ><section  class='av_textblock_section av-jkuul0eg-47aa45f9d704d9c8972e1ddf4c471077 '  ><div class='avia_textblock' >\n<style type=\"text\/css\" data-created_by=\"avia_inline_auto\" id=\"style-css-av-7c7r8-1ad3209b7b9ea9c60cc97e362d76ea5e\">\n#top .hr.hr-invisible.av-7c7r8-1ad3209b7b9ea9c60cc97e362d76ea5e{\nheight:20px;\n}\n<\/style>\n<div  class='hr av-7c7r8-1ad3209b7b9ea9c60cc97e362d76ea5e hr-invisible  avia-builder-el-16  avia-builder-el-no-sibling '><span class='hr-inner '><span class=\"hr-inner-style\"><\/span><\/span><\/div>\n<h2 id=\"1\" class=\"position\">Was bedeutet Demokratiebildung in der Grundschule?<\/h2>\n<p>Demokratiebildung ist nicht Sache eines einzelnen Fachs. Auch wenn das Thema in der Grundschule meist im Sachunterricht behandelt wird, bedeutet es doch eine <strong>zentrale Aufgabe f\u00fcr das gesamte Schulleben<\/strong>. Im Mittelpunkt steht eine an Menschenw\u00fcrde orientierte Wertebildung. Und die beginnt mit der Einsicht, dass es <strong>nicht<\/strong> ausreicht, sich auf den Willen einer Mehrheit zu berufen. Entscheidend ist die Bindung an Menschenrechte, Gewaltenteilung und Minderheitenschutz.<\/p>\n<p>Die Schule ist die einzige gesellschaftliche Institution, die <strong>alle Kinder<\/strong> erreichen kann. Als Ort demokratischer Wissensvermittlung und gleichzeitig als <strong>demokratischer Erfahrungsraum<\/strong> tr\u00e4gt sie daher gro\u00dfe Verantwortung. Schule muss ein Ort sein, an dem demokratische Werte und Normen gelebt und gelernt werden.<\/p>\n<p><strong>Besondere Herausforderungen f\u00fcr die Schule sind diese Aufgaben: <\/strong><\/p>\n<ul>\n<li>Entgegenwirken von ausgrenzenden, entw\u00fcrdigenden Haltungen<\/li>\n<li>St\u00e4rkung der gesellschaftlichen Teilhabe aller Mitglieder<\/li>\n<li>Miteinander unterschiedlicher Ethnien und Kulturen<\/li>\n<li>aufkl\u00e4render, bewusster und sensibler Umgang mit Vielfalt<\/li>\n<li>Eintreten f\u00fcr Partnerschaft und Solidarit\u00e4t in der Welt<\/li>\n<li>F\u00f6rderung von Empathie, Respekt und Toleranz<\/li>\n<li>F\u00f6rderung einer kritischen Medienkompetenz<\/li>\n<\/ul>\n<h3>Welche Ziele verfolgt die fr\u00fche Demokratiebildung?<\/h3>\n<p>Die unbedingte Menschenw\u00fcrde sowie die Achtung der Menschenrechte sind die wichtigsten Werteentscheidungen des Grundgesetzes. Somit kann auch Schule kein wertneutraler Raum sein. Das p\u00e4dagogische Handeln beruht auf demokratischen Haltungen, deren Ma\u00dfstab die <strong>Verwirklichung der Grund- und Menschenrechte<\/strong> ist. Dazu sollen auch die Sch\u00fcler bef\u00e4higt werden. Sie erleben, wie bedeutend diese Werte sind, f\u00fcr sich selbst und f\u00fcr die Gemeinschaft.<\/p>\n<p>Diese Ziele hat die Kultusministerkonferenz (KMK) in ihrem Beschluss 2018 noch einmal betont. Damit reagiert sie auf die besorgniserregende Tendenz, dass in der Bev\u00f6lkerung die Zustimmung zu fremdenfeindlichen Positionen w\u00e4chst. Die KMK empfiehlt nachdr\u00fccklich eine st\u00e4rkere Verankerung der Demokratieerziehung in Unterricht und Schulalltag.<\/p>\n<p><strong>Zum Kern der freiheitlich-demokratischen Grundordnung z\u00e4hlen diese Elemente: <\/strong><\/p>\n<ul>\n<li>Unantastbarkeit der Menschenw\u00fcrde<\/li>\n<li>Achtung der Menschenrechte einschlie\u00dflich der Kinderrechte<\/li>\n<li>Recht auf freie Entfaltung der Pers\u00f6nlichkeit, Glaubens- und Gewissensfreiheit<\/li>\n<li>Gleichheit aller Menschen vor dem Gesetz und in allen Institutionen<\/li>\n<li>Durchf\u00fchrung allgemeiner, freier, gleicher und geheimer Wahlen<\/li>\n<li>Schutz von Minderheiten<\/li>\n<li>Meinungs- und Pressefreiheit<\/li>\n<li>Rechtsstaat mit dem Prinzip der Gewaltenteilung<\/li>\n<\/ul>\n<h3>Welche Inhalte hat Demokratielernen in der Primarstufe?<\/h3>\n<p>Damit bewusste Demokratiebildung kein abstrakter Lernstoff bleibt, sollte sie an allt\u00e4gliche Erfahrungen <strong>im Lebensumfeld der Kinder<\/strong> ankn\u00fcpfen. Am besten gelingt die Vermittlung demokratischer Werte, wenn Lehrkr\u00e4fte ihre Sch\u00fcler selbst denken und machen lassen. Das hei\u00dft grunds\u00e4tzlich, die <strong>Kinder<\/strong> bei allen Belangen, die sie betreffen, <strong>unbedingt einzubeziehen<\/strong>.<\/p>\n<p><strong>Demokratiebildung in der Primarstufe enth\u00e4lt folgende Bausteine:<\/strong><\/p>\n<p><img decoding=\"async\" class=\"alignnone wp-image-10301 \" src=\"https:\/\/blog.backwinkel.de\/wp-content\/uploads\/2021\/06\/backwinkel-blog-demokratiebildung-schule-grafik_neu.jpg\" alt=\"\" width=\"489\" height=\"334\" srcset=\"https:\/\/www.backwinkel.de\/blog\/wp-content\/uploads\/2021\/06\/backwinkel-blog-demokratiebildung-schule-grafik_neu.jpg 1185w, https:\/\/www.backwinkel.de\/blog\/wp-content\/uploads\/2021\/06\/backwinkel-blog-demokratiebildung-schule-grafik_neu-270x185.jpg 270w\" sizes=\"(max-width: 489px) 100vw, 489px\" \/><\/p>\n<\/div><\/section><\/div>\n\n<style type=\"text\/css\" data-created_by=\"avia_inline_auto\" id=\"style-css-av-hh5al-13-e21e960e9e28fb772abd7b1cb346790c\">\n.flex_column.av-hh5al-13-e21e960e9e28fb772abd7b1cb346790c{\nborder-radius:0px 0px 0px 0px;\npadding:0px 0px 0px 0px;\n}\n<\/style>\n<div  class='flex_column av-hh5al-13-e21e960e9e28fb772abd7b1cb346790c av_one_full  avia-builder-el-17  el_after_av_one_full  el_before_av_one_full  first flex_column_div av-zero-column-padding  column-top-margin'     ><section  class='av_textblock_section av-jkuul0eg-12-a79dfa3db91f7541725a98eb3197a1fb '  ><div class='avia_textblock' >\n<style type=\"text\/css\" data-created_by=\"avia_inline_auto\" id=\"style-css-av-7c7r8-11-ced83487171500d1024c3c9d8f5b49a5\">\n#top .hr.hr-invisible.av-7c7r8-11-ced83487171500d1024c3c9d8f5b49a5{\nheight:20px;\n}\n<\/style>\n<div  class='hr av-7c7r8-11-ced83487171500d1024c3c9d8f5b49a5 hr-invisible  avia-builder-el-19  avia-builder-el-no-sibling '><span class='hr-inner '><span class=\"hr-inner-style\"><\/span><\/span><\/div>\n<h2 id=\"2\" class=\"position\">So f\u00f6rdern Sie das Interesse am Mitmischen und Mitgestalten<\/h2>\n<p>Ob in der Familie, im Klassenverband oder in der Gesellschaft \u2013 \u00fcberall leben Menschen mit unterschiedlichen Interessen, Bed\u00fcrfnissen und Meinungen zusammen. Wie daraus ein funktionierendes Miteinander wird, l\u00e4sst sich lernen.<\/p>\n<h3>Mit Unterschieden und Konflikten umgehen: Meinungspluralismus<\/h3>\n<p>Der Austausch von Meinungen geh\u00f6rt zu jedem demokratischen Entscheidungsprozess. Dabei muss immer verhandelbar sein, welche Interessen f\u00fcr welches Thema ausschlaggebend sind. Meinungspluralismus meint somit auch einen <strong>fairen Aushandlungsprozess<\/strong>, der unterschiedlichen Meinungen Raum l\u00e4sst. Daher ist der Meinungspluralismus wesentlich f\u00fcr die Demokratie, gerade wenn es um einen Ausgleich von widerstreitenden Interessen geht.<\/p>\n<p>Kinder verwenden zwar nicht den Begriff Meinungspluralismus, doch sie erleben ihn jeden Tag. Im Freundeskreis haben nicht alle die gleiche Meinung, und auch zwischen Kindern und Erwachsenen gibt es <strong>Meinungsverschiedenheiten<\/strong>. Kommt es zum Streit, ist die Vielfalt von Meinungen oftmals schwierig auszuhalten. Dennoch ist demokratisches Streiten sinnvoll und notwendig, um tragf\u00e4hige Beschl\u00fcsse auszuhandeln.<\/p>\n<p><strong>Im Grundschulunterricht<\/strong> k\u00f6nnen gemeinsame Nachdenkgespr\u00e4che \u00fcber Meinungspluralismus die Kinder anregen, bestimmte Situationen zu reflektieren, sich eine Meinung zu bilden, ihre Meinung zu vertreten und zugleich die Meinungen anderer zu achten.<\/p>\n<p><strong>Die Kinder sollen verschiedene Dimensionen von Streit verstehen lernen:<\/strong><\/p>\n<ul>\n<li>gemeinsame bzw. gleiche Interessen<\/li>\n<li>unvereinbare W\u00fcnsche und Interessen<\/li>\n<li>Einsicht, dass eine gemeinsame L\u00f6sung nicht immer m\u00f6glich ist<\/li>\n<li>Konfliktl\u00f6sung durch Kompromiss oder Mehrheitsbeschluss<\/li>\n<li>Notwendigkeit einer Streitkultur, die andere Meinungen respektiert<\/li>\n<\/ul>\n<h3>Eckpfeiler f\u00fcr demokratisches Handeln: Partizipation<\/h3>\n<p>Was verstehen Grundschulkinder unter Demokratie? Vielleicht wissen sie schon dies: In einer Demokratie d\u00fcrfen alle mitbestimmen. Auch wenn Kinder die parlamentarischen Strukturen noch nicht kennen, so steht doch fest: Partizipation ist elementar f\u00fcr demokratische Gemeinschaften. Das gilt nicht nur in der \u201egro\u00dfen\u201c Politik. Kinder haben das <strong>Recht auf Beteiligung<\/strong> \u2013 und zwar in allen Belangen, die sie direkt betreffen.<\/p>\n<p>Im Rahmen der Demokratiebildung sollten Sie den Kindern ihre Rechte bewusst machen und Wege der politischen Teilhabe aufzeigen. Dazu geh\u00f6rt, Kinder \u00fcber ihr Recht auf Partizipation aufzukl\u00e4ren und ihnen die Realisierung in der Schule zu erm\u00f6glichen. Das erreichen Sie, indem Sie die Kinder an der Gestaltung des Schullebens <strong>aktiv<\/strong> beteiligen.<\/p>\n<p><strong>Partizipation ist die Grundlage eines demokratischen Schullebens:<\/strong><\/p>\n<ul>\n<li>freie Wahlen, Klassenrat, Sch\u00fclerparlament<\/li>\n<li>Recht auf Kritik, Erarbeiten alternativer L\u00f6sungen<\/li>\n<li>Mitgestaltung, Mehrheitsprinzip<\/li>\n<li>soziale Gerechtigkeit, Chancengleichheit<\/li>\n<li>Selbstbestimmung, Toleranz, Integration<\/li>\n<\/ul>\n<p>Didaktisch sollten Sie den Unterricht nach dem <strong>Konzept des offenen Unterrichts<\/strong> gestalten. Durch diese Form der Unterrichtsorganisation entstehen von vornherein Partizipationsm\u00f6glichkeiten f\u00fcr die Kinder \u2013 unabh\u00e4ngig von fachlichen Inhalten. Praktizieren alle F\u00e4cher offenen Unterricht, l\u00e4sst sich Demokratielernen in der Grundschule permanent und langfristig umsetzen.<\/p>\n<p><strong>Klassenregeln<\/strong> unterst\u00fctzen das soziale demokratische Miteinander in der Klassengemeinschaft. Warum die Kinder ihre Klassenregeln selbst formulieren sollten und wie Sie das organisieren, lesen Sie in unserem Beitrag <a href=\"https:\/\/blog.backwinkel.de\/klassenregeln\/\" target=\"_blank\" rel=\"noopener\">Klasse Regeln<\/a>.<\/p>\n<\/div><\/section><\/div>\n\n<style type=\"text\/css\" data-created_by=\"avia_inline_auto\" id=\"style-css-av-jlnt0i5o-d256db89d9b6aa9bb92f19cfc2475b5b\">\n.flex_column.av-jlnt0i5o-d256db89d9b6aa9bb92f19cfc2475b5b{\nborder-radius:0px 0px 0px 0px;\npadding:10px 10px 10px 10px;\nbackground-color:#e0f1b4;\n}\n<\/style>\n<div  class='flex_column av-jlnt0i5o-d256db89d9b6aa9bb92f19cfc2475b5b av_one_full  avia-builder-el-20  el_after_av_one_full  el_before_av_one_full  first flex_column_div  column-top-margin'     ><style type=\"text\/css\" data-created_by=\"avia_inline_auto\" id=\"style-css-av-jkuvcso3-bf550690b05a5b6ef37ec26a0e850258\">\n#top .av_textblock_section.av-jkuvcso3-bf550690b05a5b6ef37ec26a0e850258 .avia_textblock{\nfont-size:18px;\n}\n<\/style>\n<section  class='av_textblock_section av-jkuvcso3-bf550690b05a5b6ef37ec26a0e850258 '  ><div class='avia_textblock' ><p><strong>Tipp:<\/strong> In manchen F\u00e4chern ist sogar eine inhaltliche Mitgestaltung denkbar, z. B. in Sport. Indem Sie die Vorschl\u00e4ge der Kinder ernst nehmen und umsetzen, begegnen Sie ihnen auf partnerschaftlicher Ebene. So st\u00e4rken Sie ihre Bereitschaft f\u00fcr Engagement und ihr Verantwortungsgef\u00fchl.<\/p>\n<\/div><\/section><\/div>\n\n<style type=\"text\/css\" data-created_by=\"avia_inline_auto\" id=\"style-css-av-hh5al-10-0fad02707e4106bf16cfcfe39cb789eb\">\n.flex_column.av-hh5al-10-0fad02707e4106bf16cfcfe39cb789eb{\nborder-radius:0px 0px 0px 0px;\npadding:0px 0px 0px 0px;\n}\n<\/style>\n<div  class='flex_column av-hh5al-10-0fad02707e4106bf16cfcfe39cb789eb av_one_full  avia-builder-el-22  el_after_av_one_full  el_before_av_one_full  first flex_column_div av-zero-column-padding  column-top-margin'     ><section  class='av_textblock_section av-jkuul0eg-9-e8a499adf1a8d4bdf8e8bd6e2dad1616 '  ><div class='avia_textblock' >\n<style type=\"text\/css\" data-created_by=\"avia_inline_auto\" id=\"style-css-av-7c7r8-8-01d39837607e43060d8f1662326cce70\">\n#top .hr.hr-invisible.av-7c7r8-8-01d39837607e43060d8f1662326cce70{\nheight:20px;\n}\n<\/style>\n<div  class='hr av-7c7r8-8-01d39837607e43060d8f1662326cce70 hr-invisible  avia-builder-el-24  avia-builder-el-no-sibling '><span class='hr-inner '><span class=\"hr-inner-style\"><\/span><\/span><\/div>\n<h2 id=\"3\" class=\"position\">Wo finde ich Arbeitsbl\u00e4tter zur Demokratiebildung in der Grundschule?<\/h2>\n<p>Zu allen relevanten Themen der Demokratiebildung in der Primarstufe gibt es Materialien f\u00fcr den Unterricht, die Sie online kostenfrei herunterladen k\u00f6nnen. Viele Aufgaben- und Arbeitsbl\u00e4tter, die f\u00fcr den Ethik- oder Sachunterricht ausgelegt sind, lassen sich auch f\u00e4cher\u00fcbergreifend einsetzen.<\/p>\n<p><strong>Arbeitsbl\u00e4tter zur Demokratieerziehung in der Grundschule<\/strong>:<\/p>\n<p>So lautet die \u00dcberschrift der f\u00e4cher\u00fcbergreifenden Themenreihe, entwickelt vom G\u00f6ttinger Institut f\u00fcr Demokratieforschung. Die Arbeitsbl\u00e4tter gehen von den Erfahrungen der Kinder aus und sind leicht verst\u00e4ndlich. Mit ihrer Hilfe lassen sich politische und gesellschaftliche Themen im Grundschulunterricht unter folgenden Schwerpunkten behandeln:<\/p>\n<ol>\n<li>Meinungspluralismus<\/li>\n<li>Klassensprecherinnen- und Klassensprecherwahlen<\/li>\n<li>Partizipation<\/li>\n<li>Du und Ich. Vom demokratischen Umgang mit Unterschieden und Konflikten<\/li>\n<li>Inklusion. Vom demokratischen Umgang mit Vielfalt<\/li>\n<\/ol>\n<p>Die Aufgaben eignen sich f\u00fcr alle Jahrgangsstufen im Primarbereich. Zu den Heften 4 und 5 gibt es zus\u00e4tzlich <strong>interaktive Arbeitsbl\u00e4tter<\/strong> im PDF-Format, die von den Sch\u00fclern digital bearbeitet werden k\u00f6nnen. Entsprechendes Unterrichtsmaterial finden Sie unter <a href=\"https:\/\/www.kinderdemokratie.de\/downloads\/arbeitsblaetterhefte\/\" target=\"_blank\" rel=\"noopener\">https:\/\/www.kinderdemokratie.de\/downloads\/arbeitsblaetterhefte\/<\/a>.<\/p>\n<p><strong>Hands for Kids<\/strong>:<\/p>\n<p>Das demokratiep\u00e4dagogische Programm ist ein <strong>Grundwertecurriculum<\/strong> f\u00fcr die Jahrgangsstufen 1 bis 6. Die Unterrichtsmaterialien gliedern sich in variable Bausteine und Lernfelder. Neben kooperativen Lernformen unterst\u00fctzen Stationenkarten das selbstgesteuerte Lernen. Folgende Bausteine bezeichnen die f\u00fcnf \u00fcbergreifenden Themen des Curriculums:<\/p>\n<ol>\n<li>Identit\u00e4t entdecken, Gemeinschaft leben<\/li>\n<li>Kinder sind stark<\/li>\n<li>Demokratie leben, Verantwortung \u00fcbernehmen<\/li>\n<li>Alle Kinder haben Rechte<\/li>\n<li>Global Kids<\/li>\n<\/ol>\n<p>Ziel dieses f\u00e4cher\u00fcbergreifenden Programms ist die F\u00f6rderung der Demokratiekompetenzen durch St\u00e4rkung von Selbstbewusstsein und Respekt gegen\u00fcber Mitmenschen. Die Materialien finden Sie unter <a href=\"https:\/\/www.vielfalt-mediathek.de\/wp-content\/uploads\/2020\/12\/ajs_hands_for_kids_vielfalt_mediathek.pdf\">https:\/\/www.vielfalt-mediathek.de\/wp-content\/uploads\/2020\/12\/ajs_hands_for_kids_vielfalt_mediathek.pdf<\/a>.<\/p>\n<\/div><\/section><\/div>\n\n<style type=\"text\/css\" data-created_by=\"avia_inline_auto\" id=\"style-css-av-jlnt0i5o-7-c8ef4f77439c36b34af355b828db1be0\">\n.flex_column.av-jlnt0i5o-7-c8ef4f77439c36b34af355b828db1be0{\nborder-radius:0px 0px 0px 0px;\npadding:10px 10px 10px 10px;\nbackground-color:#e0f1b4;\n}\n<\/style>\n<div  class='flex_column av-jlnt0i5o-7-c8ef4f77439c36b34af355b828db1be0 av_one_full  avia-builder-el-25  el_after_av_one_full  el_before_av_one_full  first flex_column_div  column-top-margin'     ><style type=\"text\/css\" data-created_by=\"avia_inline_auto\" id=\"style-css-av-jkuvcso3-6-58cc1c2fdab9fc92d9c41fbe7e1aa3bc\">\n#top .av_textblock_section.av-jkuvcso3-6-58cc1c2fdab9fc92d9c41fbe7e1aa3bc .avia_textblock{\nfont-size:18px;\n}\n<\/style>\n<section  class='av_textblock_section av-jkuvcso3-6-58cc1c2fdab9fc92d9c41fbe7e1aa3bc '  ><div class='avia_textblock' ><p><strong>Tipp:<\/strong> Was ist das Grundgesetz? Welche Rechte hat jeder Mensch? Beim eigenst\u00e4ndigen Lernen ben\u00f6tigen Kinder <strong>Informationen zu politischen Begriffen<\/strong>, die das Wichtigste in kindgem\u00e4\u00dfer Sprache erl\u00e4utern. Online eignen sich Suchmaschinen wie <a href=\"https:\/\/www.hanisauland.de\" target=\"_blank\" rel=\"noopener\">https:\/\/www.hanisauland.de<\/a> oder die Linksammlung unter <a href=\"https:\/\/www.blinde-kuh.de\" target=\"_blank\" rel=\"noopener\">https:\/\/www.blinde-kuh.de<\/a> und \u00e4hnliche Portale.<\/p>\n<\/div><\/section><\/div>\n\n<style type=\"text\/css\" data-created_by=\"avia_inline_auto\" id=\"style-css-av-hh5al-5-7159e31d4755d9cdb55d398d90b3009a\">\n.flex_column.av-hh5al-5-7159e31d4755d9cdb55d398d90b3009a{\nborder-radius:0px 0px 0px 0px;\npadding:0px 0px 0px 0px;\n}\n<\/style>\n<div  class='flex_column av-hh5al-5-7159e31d4755d9cdb55d398d90b3009a av_one_full  avia-builder-el-27  el_after_av_one_full  el_before_av_hr  first flex_column_div av-zero-column-padding  column-top-margin'     ><section  class='av_textblock_section av-jkuul0eg-4-a7fd9625344ade5f0612da1de2689eb7 '  ><div class='avia_textblock' >\n<style type=\"text\/css\" data-created_by=\"avia_inline_auto\" id=\"style-css-av-7c7r8-3-bb52426e348b00abee6e18e2c3d74ccc\">\n#top .hr.hr-invisible.av-7c7r8-3-bb52426e348b00abee6e18e2c3d74ccc{\nheight:20px;\n}\n<\/style>\n<div  class='hr av-7c7r8-3-bb52426e348b00abee6e18e2c3d74ccc hr-invisible  avia-builder-el-29  avia-builder-el-no-sibling '><span class='hr-inner '><span class=\"hr-inner-style\"><\/span><\/span><\/div>\n<h2 id=\"4\" class=\"position\">Fazit: Demokratiebildung geht alle an<\/h2>\n<p>Was die Demokratie braucht, sind aktive Demokraten. Denn passive Politikverdrossenheit und Eigennutz beg\u00fcnstigen die Ausbreitung von demagogischen Ideologien, gepaart mit Hass auf Andersdenkende. Solch antidemokratischen Tendenzen entgegenzuwirken, z\u00e4hlt zu den wichtigsten Aufgaben der Schule. Es geht darum, die <strong>Verantwortungsbereitschaft<\/strong> zu f\u00f6rdern \u2013 sowohl f\u00fcr das eigene Handeln im privaten Umfeld als auch im Hinblick auf die zuk\u00fcnftige gesellschaftliche Entwicklung.<\/p>\n<p>Die Gelegenheiten dazu bietet die Schule, indem sie ernsthafte Partizipation erm\u00f6glicht. Kinder, die demokratisches Verhalten lernen, sind als Erwachsene eher bereit, die Gesellschaft mitzugestalten. Die Grundschule hat hier einen besonderen Vorteil: <strong>Kinder wollen sich engagieren<\/strong>, wenn sie ein politisches Problem als relevant f\u00fcr sich und andere Menschen erkennen. Gerade Grundschulkinder zeigen starkes Politikinteresse und gro\u00dfe Bereitschaft zu politischer Initiative.<\/p>\n<\/div><\/section><\/div>\n\n<style type=\"text\/css\" data-created_by=\"avia_inline_auto\" id=\"style-css-av-jkuvdh82-e046385b234beb5bafd3aef55f34bef8\">\n#top .hr.av-jkuvdh82-e046385b234beb5bafd3aef55f34bef8{\nmargin-top:10px;\nmargin-bottom:10px;\n}\n.hr.av-jkuvdh82-e046385b234beb5bafd3aef55f34bef8 .hr-inner{\nwidth:500;\n}\n<\/style>\n<div  class='hr av-jkuvdh82-e046385b234beb5bafd3aef55f34bef8 hr-custom  avia-builder-el-30  el_after_av_one_full  el_before_av_one_full  hr-left hr-icon-no'><span class='hr-inner inner-border-av-border-none'><span class=\"hr-inner-style\"><\/span><\/span><\/div>\n\n<style type=\"text\/css\" data-created_by=\"avia_inline_auto\" id=\"style-css-av-jley1l06-be8863a15e87d33f314fbd4b76b14014\">\n.flex_column.av-jley1l06-be8863a15e87d33f314fbd4b76b14014{\nborder-radius:0px 0px 0px 0px;\npadding:10px 10px 10px 10px;\nbackground-color:#f2f2f2;\n}\n<\/style>\n<div  class='flex_column av-jley1l06-be8863a15e87d33f314fbd4b76b14014 av_one_full  avia-builder-el-31  el_after_av_hr  el_before_av_one_full  first flex_column_div  '     ><section  class='av_textblock_section av-jkuvcso3-2-7deb2326236fb5c41742899c1ad953fa '  ><div class='avia_textblock' ><p class=\"fussnoten-quellen\"><strong>zum Weiterlesen: <\/strong><\/p>\n<p class=\"fussnoten-quellen\">Wolfgang Beutel: Demokratiep\u00e4dagogik und Grundschule. In: Demokratie leben und lernen. Die Grundschulzeitschrift Nr. 302 \/2017.<\/p>\n<p class=\"fussnoten-quellen\">Kurt Edler: Demokraten fallen nicht vom Himmel! Wie Schule zu einem demokratischen Zusammenleben beitragen kann. In: Bundeszentrale f\u00fcr politische Bildung, 04.12.2013. <a href=\"https:\/\/www.bpb.de\/gesellschaft\/bildung\/zukunft-bildung\/174626\/demokraten-fallen-nicht-vom-himmel?p=all\" target=\"_blank\" rel=\"noopener\">https:\/\/www.bpb.de\/gesellschaft\/bildung\/zukunft-bildung\/174626\/demokraten-fallen-nicht-vom-himmel?p=all<\/a><\/p>\n<p class=\"fussnoten-quellen\">Kultusministerkonferenz: Demokratie als Ziel, Gegenstand und Praxis historisch-politischer Bildung und Erziehung in der Schule. Beschluss vom 06.03.2009 i. d. F. vom 11.10.2018. <a href=\"https:\/\/www.kmk.org\/fileadmin\/Dateien\/pdf\/PresseUndAktuelles\/2018\/Beschluss_Demokratieerziehung.pdf\" target=\"_blank\" rel=\"noopener\">https:\/\/www.kmk.org\/fileadmin\/Dateien\/pdf\/PresseUndAktuelles\/2018\/Beschluss_Demokratieerziehung.pdf<\/a><\/p>\n<p class=\"fussnoten-quellen\">Leonie Liggesmeyer: Demokratie-Lernen in der Grundschule. Demokratietheoretische Grundlagen didaktischer Konzepte. Freiburg: Budrich UniPress 2019.<\/p>\n<p class=\"fussnoten-quellen\">Ingrid Prote: Partizipation als Schl\u00fcsselqualifikation f\u00fcr das Demokratie-Lernen in der Grundschule. In: Hans-Werner Kuhn (Hrsg.): Sozialwissenschaftlicher Sachunterricht. Konzepte, Forschungsfelder, Methoden. Herbolzheim: Centaurus 2003, S. 39 \u2013 51.<\/p>\n<\/div><\/section><\/div>\n\n<style type=\"text\/css\" data-created_by=\"avia_inline_auto\" id=\"style-css-av-d4rhj-3be7fbaef5029531c49f065f9ed2d0a6\">\n.flex_column.av-d4rhj-3be7fbaef5029531c49f065f9ed2d0a6{\nborder-radius:0px 0px 0px 0px;\npadding:10px 10px 10px 10px;\n}\n<\/style>\n<div  class='flex_column av-d4rhj-3be7fbaef5029531c49f065f9ed2d0a6 av_one_full  avia-builder-el-33  el_after_av_one_full  el_before_av_one_full  first flex_column_div  column-top-margin'     ><section  class='av_textblock_section av-1v1zqv-2e6c6db0addc9d580562becc397e8cc4 '  ><div class='avia_textblock' ><p class=\"copyright\"><strong>\u00a9 Copyright \u2013 Urheberrechtshinweis<\/strong><br \/>\nAlle Inhalte auf www.backwinkel.de sowie www.backwinkel.de\/blog, insbesondere Texte, Fotografien und Grafiken, sind urheberrechtlich gesch\u00fctzt.<br \/>\nDas Urheberrecht liegt, soweit nicht ausdr\u00fccklich anders gekennzeichnet, bei der BACKWINKEL GmbH. Bitte fragen Sie uns, falls Sie die Inhalte dieses Internetangebotes verwenden m\u00f6chten.<br \/>\nWer gegen das Urheberrecht verst\u00f6\u00dft (z. B. Bilder oder Texte unerlaubt kopiert), macht sich gem. \u00a7\u00a7 106 ff UrhG strafbar, wird zudem kostenpflichtig abgemahnt und muss Schadensersatz leisten (\u00a7 97 UrhG).<\/p>\n<\/div><\/section><\/div>\n\n<style type=\"text\/css\" data-created_by=\"avia_inline_auto\" id=\"style-css-av-1p82t-b0e9719fe6c67aa5c6d1abf813961e55\">\n.flex_column.av-1p82t-b0e9719fe6c67aa5c6d1abf813961e55{\nborder-radius:0px 0px 0px 0px;\npadding:0px 0px 0px 0px;\n}\n<\/style>\n<div  class='flex_column av-1p82t-b0e9719fe6c67aa5c6d1abf813961e55 av_one_full  avia-builder-el-35  el_after_av_one_full  avia-builder-el-last  first flex_column_div av-zero-column-padding  column-top-margin'     ><p><section  class='av_textblock_section av-jlp4hxqo-91baaad30cd61f89630d15f8561d1750 '  ><div class='avia_textblock' ><div class=\"shariff shariff-align-left shariff-widget-align-left\"><ul class=\"shariff-buttons theme-color orientation-horizontal buttonsize-medium\"><li class=\"shariff-button whatsapp shariff-nocustomcolor\" style=\"background-color:#5cbe4a\"><a href=\"https:\/\/api.whatsapp.com\/send?text=https%3A%2F%2Fwww.backwinkel.de%2Fblog%2Fdemokratiebildung%2F%20Miteinander%20lernen%3A\" title=\"Bei Whatsapp teilen\" aria-label=\"Bei Whatsapp teilen\" role=\"button\" rel=\"noopener nofollow\" class=\"shariff-link\" style=\"; background-color:#34af23; color:#fff\" target=\"_blank\"><span class=\"shariff-icon\" style=\"\"><svg width=\"32px\" height=\"20px\" xmlns=\"http:\/\/www.w3.org\/2000\/svg\" viewBox=\"0 0 32 32\"><path fill=\"#34af23\" d=\"M17.6 17.4q0.2 0 1.7 0.8t1.6 0.9q0 0.1 0 0.3 0 0.6-0.3 1.4-0.3 0.7-1.3 1.2t-1.8 0.5q-1 0-3.4-1.1-1.7-0.8-3-2.1t-2.6-3.3q-1.3-1.9-1.3-3.5v-0.1q0.1-1.6 1.3-2.8 0.4-0.4 0.9-0.4 0.1 0 0.3 0t0.3 0q0.3 0 0.5 0.1t0.3 0.5q0.1 0.4 0.6 1.6t0.4 1.3q0 0.4-0.6 1t-0.6 0.8q0 0.1 0.1 0.3 0.6 1.3 1.8 2.4 1 0.9 2.7 1.8 0.2 0.1 0.4 0.1 0.3 0 1-0.9t0.9-0.9zM14 26.9q2.3 0 4.3-0.9t3.6-2.4 2.4-3.6 0.9-4.3-0.9-4.3-2.4-3.6-3.6-2.4-4.3-0.9-4.3 0.9-3.6 2.4-2.4 3.6-0.9 4.3q0 3.6 2.1 6.6l-1.4 4.2 4.3-1.4q2.8 1.9 6.2 1.9zM14 2.2q2.7 0 5.2 1.1t4.3 2.9 2.9 4.3 1.1 5.2-1.1 5.2-2.9 4.3-4.3 2.9-5.2 1.1q-3.5 0-6.5-1.7l-7.4 2.4 2.4-7.2q-1.9-3.2-1.9-6.9 0-2.7 1.1-5.2t2.9-4.3 4.3-2.9 5.2-1.1z\"\/><\/svg><\/span><span class=\"shariff-text\">teilen<\/span>&nbsp;<\/a><\/li><li class=\"shariff-button facebook shariff-nocustomcolor\" style=\"background-color:#4273c8\"><a href=\"https:\/\/www.facebook.com\/sharer\/sharer.php?u=https%3A%2F%2Fwww.backwinkel.de%2Fblog%2Fdemokratiebildung%2F\" title=\"Bei Facebook teilen\" aria-label=\"Bei Facebook teilen\" role=\"button\" rel=\"nofollow\" class=\"shariff-link\" style=\"; background-color:#3b5998; color:#fff\" target=\"_blank\"><span class=\"shariff-icon\" style=\"\"><svg width=\"32px\" height=\"20px\" xmlns=\"http:\/\/www.w3.org\/2000\/svg\" viewBox=\"0 0 18 32\"><path fill=\"#3b5998\" d=\"M17.1 0.2v4.7h-2.8q-1.5 0-2.1 0.6t-0.5 1.9v3.4h5.2l-0.7 5.3h-4.5v13.6h-5.5v-13.6h-4.5v-5.3h4.5v-3.9q0-3.3 1.9-5.2t5-1.8q2.6 0 4.1 0.2z\"\/><\/svg><\/span><span class=\"shariff-text\">teilen<\/span>&nbsp;<\/a><\/li><li class=\"shariff-button twitter shariff-nocustomcolor\" style=\"background-color:#595959\"><a href=\"https:\/\/twitter.com\/share?url=https%3A%2F%2Fwww.backwinkel.de%2Fblog%2Fdemokratiebildung%2F&text=Miteinander%20lernen%3A\" title=\"Bei X teilen\" aria-label=\"Bei X teilen\" role=\"button\" rel=\"noopener nofollow\" class=\"shariff-link\" style=\"; background-color:#000; color:#fff\" target=\"_blank\"><span class=\"shariff-icon\" style=\"\"><svg width=\"32px\" height=\"20px\" xmlns=\"http:\/\/www.w3.org\/2000\/svg\" viewBox=\"0 0 24 24\"><path fill=\"#000\" d=\"M14.258 10.152L23.176 0h-2.113l-7.747 8.813L7.133 0H0l9.352 13.328L0 23.973h2.113l8.176-9.309 6.531 9.309h7.133zm-2.895 3.293l-.949-1.328L2.875 1.56h3.246l6.086 8.523.945 1.328 7.91 11.078h-3.246zm0 0\"\/><\/svg><\/span><span class=\"shariff-text\">teilen<\/span>&nbsp;<\/a><\/li><li class=\"shariff-button pinterest shariff-nocustomcolor\" style=\"background-color:#e70f18\"><a href=\"https:\/\/www.pinterest.com\/pin\/create\/link\/?url=https%3A%2F%2Fwww.backwinkel.de%2Fblog%2Fdemokratiebildung%2F&media=https%3A%2F%2Fwww.backwinkel.de%2Fblog%2Fwp-content%2Fuploads%2F2021%2F05%2Fbackwinkel-blog-demokratiebildung-schule-heroimage.jpg&description=Miteinander%20lernen%3A\" title=\"Bei Pinterest pinnen\" aria-label=\"Bei Pinterest pinnen\" role=\"button\" rel=\"noopener nofollow\" class=\"shariff-link\" style=\"; background-color:#cb2027; color:#fff\" target=\"_blank\"><span class=\"shariff-icon\" style=\"\"><svg width=\"32px\" height=\"20px\" xmlns=\"http:\/\/www.w3.org\/2000\/svg\" viewBox=\"0 0 27 32\"><path fill=\"#cb2027\" d=\"M27.4 16q0 3.7-1.8 6.9t-5 5-6.9 1.9q-2 0-3.9-0.6 1.1-1.7 1.4-2.9 0.2-0.6 1-3.8 0.4 0.7 1.3 1.2t2 0.5q2.1 0 3.8-1.2t2.7-3.4 0.9-4.8q0-2-1.1-3.8t-3.1-2.9-4.5-1.2q-1.9 0-3.5 0.5t-2.8 1.4-2 2-1.2 2.3-0.4 2.4q0 1.9 0.7 3.3t2.1 2q0.5 0.2 0.7-0.4 0-0.1 0.1-0.5t0.2-0.5q0.1-0.4-0.2-0.8-0.9-1.1-0.9-2.7 0-2.7 1.9-4.6t4.9-2q2.7 0 4.2 1.5t1.5 3.8q0 3-1.2 5.2t-3.1 2.1q-1.1 0-1.7-0.8t-0.4-1.9q0.1-0.6 0.5-1.7t0.5-1.8 0.2-1.4q0-0.9-0.5-1.5t-1.4-0.6q-1.1 0-1.9 1t-0.8 2.6q0 1.3 0.4 2.2l-1.8 7.5q-0.3 1.2-0.2 3.2-3.7-1.6-6-5t-2.3-7.6q0-3.7 1.9-6.9t5-5 6.9-1.9 6.9 1.9 5 5 1.8 6.9z\"\/><\/svg><\/span><span class=\"shariff-text\">merken<\/span>&nbsp;<\/a><\/li><li class=\"shariff-button mailto shariff-nocustomcolor\" style=\"background-color:#a8a8a8\"><a href=\"mailto:?body=https%3A%2F%2Fwww.backwinkel.de%2Fblog%2Fdemokratiebildung%2F&subject=Miteinander%20lernen%3A\" title=\"Per E-Mail versenden\" aria-label=\"Per E-Mail versenden\" role=\"button\" rel=\"noopener nofollow\" class=\"shariff-link\" style=\"; background-color:#999; color:#fff\"><span class=\"shariff-icon\" style=\"\"><svg width=\"32px\" height=\"20px\" xmlns=\"http:\/\/www.w3.org\/2000\/svg\" viewBox=\"0 0 32 32\"><path fill=\"#999\" d=\"M32 12.7v14.2q0 1.2-0.8 2t-2 0.9h-26.3q-1.2 0-2-0.9t-0.8-2v-14.2q0.8 0.9 1.8 1.6 6.5 4.4 8.9 6.1 1 0.8 1.6 1.2t1.7 0.9 2 0.4h0.1q0.9 0 2-0.4t1.7-0.9 1.6-1.2q3-2.2 8.9-6.1 1-0.7 1.8-1.6zM32 7.4q0 1.4-0.9 2.7t-2.2 2.2q-6.7 4.7-8.4 5.8-0.2 0.1-0.7 0.5t-1 0.7-0.9 0.6-1.1 0.5-0.9 0.2h-0.1q-0.4 0-0.9-0.2t-1.1-0.5-0.9-0.6-1-0.7-0.7-0.5q-1.6-1.1-4.7-3.2t-3.6-2.6q-1.1-0.7-2.1-2t-1-2.5q0-1.4 0.7-2.3t2.1-0.9h26.3q1.2 0 2 0.8t0.9 2z\"\/><\/svg><\/span><span class=\"shariff-text\">E-Mail<\/span>&nbsp;<\/a><\/li><\/ul><\/div>\n<\/div><\/section><br \/>\n<div  class='tabcontainer av-jlq8shhr-b676e11701d9718d755b04dc68ac4c10 top_tab  avia-builder-el-37  el_after_av_textblock  el_before_av_hr '>\n<section class='av_tab_section av_tab_section av-4w8jsn-17d4c89754803ac141d68451b8b1d1a6' ><div id='tab-id-1-tab' class='tab active_tab' role='tab' aria-selected=\"true\" tabindex=\"0\" data-fake-id='#tab-id-1' aria-controls='tab-id-1-content' >Das BACKWINKEL-Blog-Team:<\/div><div id='tab-id-1-content' class='tab_content active_tab_content' role='tabpanel' aria-labelledby='tab-id-1-tab' aria-hidden=\"false\"><div class='tab_inner_content invers-color' ><p><img decoding=\"async\" class=\"wp-image-1768 alignleft\" title=\"BACKWINKEL-Blog \u2013 Das Team\" src=\"https:\/\/blog.backwinkel.de\/wp-content\/uploads\/2018\/10\/backwinkel-blog-autorenbox-intern_preview-300x198.jpg\" alt=\"\" width=\"300\" height=\"198\" \/>Gibts auch ein Gesicht hinter dem BACKWINKEL-Blog? Ja. Vier ?. Drei davon sogar mit Foto.<\/p>\n<p><span style=\"font-style: inherit !important; font-weight: inherit !important;\">Wir \u2013 Lukas, Tatjana, Stefan und Christine \u2013 bespielen unseren Blog unter dem Motto LACHEN LESEN LERNEN. <\/span><\/p>\n<p><span style=\"font-style: inherit !important; font-weight: inherit !important;\">Lukas kennt sich online so gut aus wie in seiner Westentasche und findet immer spannende Themen, w\u00e4hrend Stefan unseren Beitr\u00e4gen den passenden gestalterischen Rahmen gibt und Tatjana mit dem gr\u00fcnen Korrekturstift alles pr\u00fcfend be\u00e4ugt, was unsere Autorin Christine (und gern auch Gastautoren) f\u00fcr den BACKWINKEL-Blog nach ordentlicher Recherche schreibt.<\/span><\/p>\n<p>Gemeinsam suchen wir st\u00e4ndig nach neuen, aufregenden Themen rund um das Thema Bildung im Kiga, der Schule und zu Hause. Und weil Sie da an der Quelle sitzen, freuen wir uns auf Ihre konstruktiven R\u00fcckmeldungen und Anregungen an <a href=\"mailto:blog@backwinkel.de\">blog@backwinkel.de<\/a><\/p>\n<p>Viel Spa\u00df beim LACHEN LESEN LERNEN!<\/p>\n<\/div><\/div><\/section>\n<\/div><br \/>\n\n<style type=\"text\/css\" data-created_by=\"avia_inline_auto\" id=\"style-css-av-jkuvdh82-1-38174a178115d53a20dded2140bc52ff\">\n#top .hr.av-jkuvdh82-1-38174a178115d53a20dded2140bc52ff{\nmargin-top:10px;\nmargin-bottom:10px;\n}\n.hr.av-jkuvdh82-1-38174a178115d53a20dded2140bc52ff .hr-inner{\nwidth:500;\n}\n<\/style>\n<div  class='hr av-jkuvdh82-1-38174a178115d53a20dded2140bc52ff hr-custom  avia-builder-el-38  el_after_av_tab_container  el_before_av_heading  hr-left hr-icon-no'><span class='hr-inner inner-border-av-border-thin'><span class=\"hr-inner-style\"><\/span><\/span><\/div><br \/>\n\n<style type=\"text\/css\" data-created_by=\"avia_inline_auto\" id=\"style-css-av-2kvx4l-26cf26738d77db581bfabf51b88b95c5\">\n#top .av-special-heading.av-2kvx4l-26cf26738d77db581bfabf51b88b95c5{\npadding-bottom:10px;\n}\nbody .av-special-heading.av-2kvx4l-26cf26738d77db581bfabf51b88b95c5 .av-special-heading-tag .heading-char{\nfont-size:25px;\n}\n.av-special-heading.av-2kvx4l-26cf26738d77db581bfabf51b88b95c5 .av-subheading{\nfont-size:15px;\n}\n<\/style>\n<div  class='av-special-heading av-2kvx4l-26cf26738d77db581bfabf51b88b95c5 av-special-heading-h3 blockquote modern-quote  avia-builder-el-39  el_after_av_hr  el_before_av_blog '><h3 class='av-special-heading-tag '  >PASSENDE BEITR\u00c4GE<\/h3><div class=\"special-heading-border\"><div class=\"special-heading-inner-border\"><\/div><\/div><\/div><br \/>\n<div  data-slideshow-options=\"{&quot;animation&quot;:&quot;fade&quot;,&quot;autoplay&quot;:false,&quot;loop_autoplay&quot;:&quot;once&quot;,&quot;interval&quot;:5,&quot;loop_manual&quot;:&quot;manual-endless&quot;,&quot;autoplay_stopper&quot;:false,&quot;noNavigation&quot;:false,&quot;show_slide_delay&quot;:90}\" class='avia-content-slider avia-content-grid-active avia-content-slider1 avia-content-slider-odd  avia-builder-el-40  el_after_av_heading  avia-builder-el-last  av-slideshow-ui av-control-default   av-no-slider-navigation av-slideshow-manual av-loop-once av-loop-manual-endless ' ><div class=\"avia-content-slider-inner\"><div class=\"slide-entry-wrap\"><article class='slide-entry flex_column  post-entry post-entry-18633 slide-entry-overview slide-loop-1 slide-parity-odd  av_one_third first real-thumbnail posttype-post post-format-standard' ><a href='https:\/\/www.backwinkel.de\/blog\/plastik-recyceln\/' data-rel='slide-1' class='slide-image' title='Plastik recyceln'><img decoding=\"async\" fetchpriority=\"high\" width=\"1200\" height=\"628\" src=\"https:\/\/www.backwinkel.de\/blog\/wp-content\/uploads\/2026\/04\/04_Kiga_Plastik_nachhaltig_nutzen.jpg\" class=\"wp-image-18713 avia-img-lazy-loading-not-18713 attachment-no scaling size-no scaling wp-post-image\" alt=\"\" \/><\/a><div class=\"slide-content\"><header class=\"entry-content-header\" aria-label=\"Slide: Plastik recyceln\"><h3 class='slide-entry-title entry-title ' ><a href='https:\/\/www.backwinkel.de\/blog\/plastik-recyceln\/' title='Plastik recyceln'>Plastik recyceln<\/a><\/h3><span class=\"blog-categories minor-meta\"><a href=\"https:\/\/www.backwinkel.de\/blog\/category\/kindergarten-kita\/\" rel=\"tag\">Kindergarten<\/a> <\/span><span class=\"av-vertical-delimiter\"><\/span><\/header><div class='slide-entry-excerpt entry-content' >Biokunststoff f\u00fcr St\u00fchle, Materialboxen, Spielzeug und Rucks\u00e4cke<\/div><\/div><footer class=\"entry-footer\"><div class=\"slide-meta\"><time class='slide-meta-time updated' >14. April 2026<\/time><\/div><\/footer><\/article><article class='slide-entry flex_column  post-entry post-entry-18716 slide-entry-overview slide-loop-2 slide-parity-even  av_one_third  real-thumbnail posttype-post post-format-standard' ><a href='https:\/\/www.backwinkel.de\/blog\/rechnen-im-anfangsunterricht\/' data-rel='slide-1' class='slide-image' title='Rechnen im Anfangsunterricht'><img decoding=\"async\" fetchpriority=\"high\" width=\"1200\" height=\"628\" src=\"https:\/\/www.backwinkel.de\/blog\/wp-content\/uploads\/2026\/04\/04_Schule_Rechnen_anfangsunterricht.jpg\" class=\"wp-image-18748 avia-img-lazy-loading-not-18748 attachment-no scaling size-no scaling wp-post-image\" alt=\"\" \/><\/a><div class=\"slide-content\"><header class=\"entry-content-header\" aria-label=\"Slide: Rechnen im Anfangsunterricht\"><h3 class='slide-entry-title entry-title ' ><a href='https:\/\/www.backwinkel.de\/blog\/rechnen-im-anfangsunterricht\/' title='Rechnen im Anfangsunterricht'>Rechnen im Anfangsunterricht<\/a><\/h3><span class=\"blog-categories minor-meta\"><a href=\"https:\/\/www.backwinkel.de\/blog\/category\/schule-grundschule\/\" rel=\"tag\">Schule<\/a> <\/span><span class=\"av-vertical-delimiter\"><\/span><\/header><div class='slide-entry-excerpt entry-content' >Das Klassenzimmer als Lernlandschaft<\/div><\/div><footer class=\"entry-footer\"><div class=\"slide-meta\"><time class='slide-meta-time updated' >14. April 2026<\/time><\/div><\/footer><\/article><article class='slide-entry flex_column  post-entry post-entry-18372 slide-entry-overview slide-loop-3 slide-parity-odd  post-entry-last  av_one_third  real-thumbnail posttype-post post-format-standard' ><a href='https:\/\/www.backwinkel.de\/blog\/kranke-kinder-im-kindergarten\/' data-rel='slide-1' class='slide-image' title='Kranke Kinder im Kindergarten'><img decoding=\"async\" fetchpriority=\"high\" width=\"1200\" height=\"628\" src=\"https:\/\/www.backwinkel.de\/blog\/wp-content\/uploads\/2026\/03\/03_Kiga_Kranke_Kinder.jpg\" class=\"wp-image-18451 avia-img-lazy-loading-not-18451 attachment-no scaling size-no scaling wp-post-image\" alt=\"Thema: Kranke Kinder. Auf dem Bild ist ein krankes kleines M\u00e4dchen zu sehen. Eine Frau mit einem Fieberthermometer in der Hand sitzt neben ihr und hat die Hand auf der Stirn des M\u00e4dchens.\" \/><\/a><div class=\"slide-content\"><header class=\"entry-content-header\" aria-label=\"Slide: Kranke Kinder im Kindergarten\"><h3 class='slide-entry-title entry-title ' ><a href='https:\/\/www.backwinkel.de\/blog\/kranke-kinder-im-kindergarten\/' title='Kranke Kinder im Kindergarten'>Kranke Kinder im Kindergarten<\/a><\/h3><span class=\"blog-categories minor-meta\"><a href=\"https:\/\/www.backwinkel.de\/blog\/category\/kindergarten-kita\/\" rel=\"tag\">Kindergarten<\/a> <\/span><span class=\"av-vertical-delimiter\"><\/span><\/header><div class='slide-entry-excerpt entry-content' >Auswirkungen f\u00fcr Kinder, Eltern und Fachkr\u00e4fte<\/div><\/div><footer class=\"entry-footer\"><div class=\"slide-meta\"><time class='slide-meta-time updated' >9. M\u00e4rz 2026<\/time><\/div><\/footer><\/article><\/div><\/div><\/div><\/p><\/div>\n","protected":false},"excerpt":{"rendered":"<p>So geht Demokratiebildung in der Grundschule <\/p>\n","protected":false},"author":3,"featured_media":7258,"comment_status":"closed","ping_status":"closed","sticky":false,"template":"","format":"standard","meta":{"inline_featured_image":false,"footnotes":""},"categories":[34,6],"tags":[],"class_list":["post-7255","post","type-post","status-publish","format-standard","has-post-thumbnail","hentry","category-demokratie-beitrag-bvk","category-schule-grundschule"],"yoast_head":"<!-- This site is optimized with the Yoast SEO plugin v27.4 - https:\/\/yoast.com\/product\/yoast-seo-wordpress\/ -->\n<title>Demokratiebildung in der Grundschule \u00bb Tipps und Infos | BACKWINKEL Blog<\/title>\n<meta name=\"description\" content=\"Demokratie will gelebt sein. Deshalb geh\u00f6rt Demokratiebildung bereits in die Grundschule. Worauf es bei der Umsetzung ankommt, lesen Sie in unserem Blog. \u2713 Praxis-Tipps inkl. \u2713\" \/>\n<meta name=\"robots\" content=\"index, follow, max-snippet:-1, max-image-preview:large, max-video-preview:-1\" \/>\n<link rel=\"canonical\" href=\"https:\/\/www.backwinkel.de\/blog\/demokratiebildung\/\" \/>\n<meta property=\"og:locale\" content=\"de_DE\" \/>\n<meta property=\"og:type\" content=\"article\" \/>\n<meta property=\"og:title\" content=\"Demokratiebildung in der Grundschule \u00bb Tipps und Infos | BACKWINKEL Blog\" \/>\n<meta property=\"og:description\" content=\"Demokratie will gelebt sein. Deshalb geh\u00f6rt Demokratiebildung bereits in die Grundschule. Worauf es bei der Umsetzung ankommt, lesen Sie in unserem Blog. \u2713 Praxis-Tipps inkl. \u2713\" \/>\n<meta property=\"og:url\" content=\"https:\/\/www.backwinkel.de\/blog\/demokratiebildung\/\" \/>\n<meta property=\"og:site_name\" content=\"BACKWINKEL Blog\" \/>\n<meta property=\"article:published_time\" content=\"2021-06-07T08:13:27+00:00\" \/>\n<meta property=\"article:modified_time\" content=\"2026-04-22T13:24:52+00:00\" \/>\n<meta property=\"og:image\" content=\"https:\/\/www.backwinkel.de\/blog\/wp-content\/uploads\/2021\/05\/backwinkel-blog-demokratiebildung-schule-heroimage.jpg\" \/>\n\t<meta property=\"og:image:width\" content=\"1200\" \/>\n\t<meta property=\"og:image:height\" content=\"628\" \/>\n\t<meta property=\"og:image:type\" content=\"image\/jpeg\" \/>\n<meta name=\"author\" content=\"BACKWINKEL\" \/>\n<meta name=\"twitter:card\" content=\"summary_large_image\" \/>\n<meta name=\"twitter:label1\" content=\"Verfasst von\" \/>\n\t<meta name=\"twitter:data1\" content=\"BACKWINKEL\" \/>\n\t<meta name=\"twitter:label2\" content=\"Gesch\u00e4tzte Lesezeit\" \/>\n\t<meta name=\"twitter:data2\" content=\"12\u00a0Minuten\" \/>\n<script type=\"application\/ld+json\" class=\"yoast-schema-graph\">{\"@context\":\"https:\\\/\\\/schema.org\",\"@graph\":[{\"@type\":\"Article\",\"@id\":\"https:\\\/\\\/www.backwinkel.de\\\/blog\\\/demokratiebildung\\\/#article\",\"isPartOf\":{\"@id\":\"https:\\\/\\\/www.backwinkel.de\\\/blog\\\/demokratiebildung\\\/\"},\"author\":{\"name\":\"BACKWINKEL\",\"@id\":\"https:\\\/\\\/www.backwinkel.de\\\/blog\\\/#\\\/schema\\\/person\\\/3d64575316540d25f7866264a4b7cd24\"},\"headline\":\"Miteinander lernen:\",\"datePublished\":\"2021-06-07T08:13:27+00:00\",\"dateModified\":\"2026-04-22T13:24:52+00:00\",\"mainEntityOfPage\":{\"@id\":\"https:\\\/\\\/www.backwinkel.de\\\/blog\\\/demokratiebildung\\\/\"},\"wordCount\":4302,\"image\":{\"@id\":\"https:\\\/\\\/www.backwinkel.de\\\/blog\\\/demokratiebildung\\\/#primaryimage\"},\"thumbnailUrl\":\"https:\\\/\\\/www.backwinkel.de\\\/blog\\\/wp-content\\\/uploads\\\/2021\\\/05\\\/backwinkel-blog-demokratiebildung-schule-heroimage.jpg\",\"articleSection\":[\"Demokratie Beitrag BVK\",\"Schule\"],\"inLanguage\":\"de\"},{\"@type\":\"WebPage\",\"@id\":\"https:\\\/\\\/www.backwinkel.de\\\/blog\\\/demokratiebildung\\\/\",\"url\":\"https:\\\/\\\/www.backwinkel.de\\\/blog\\\/demokratiebildung\\\/\",\"name\":\"Demokratiebildung in der Grundschule \u00bb Tipps und Infos | BACKWINKEL Blog\",\"isPartOf\":{\"@id\":\"https:\\\/\\\/www.backwinkel.de\\\/blog\\\/#website\"},\"primaryImageOfPage\":{\"@id\":\"https:\\\/\\\/www.backwinkel.de\\\/blog\\\/demokratiebildung\\\/#primaryimage\"},\"image\":{\"@id\":\"https:\\\/\\\/www.backwinkel.de\\\/blog\\\/demokratiebildung\\\/#primaryimage\"},\"thumbnailUrl\":\"https:\\\/\\\/www.backwinkel.de\\\/blog\\\/wp-content\\\/uploads\\\/2021\\\/05\\\/backwinkel-blog-demokratiebildung-schule-heroimage.jpg\",\"datePublished\":\"2021-06-07T08:13:27+00:00\",\"dateModified\":\"2026-04-22T13:24:52+00:00\",\"author\":{\"@id\":\"https:\\\/\\\/www.backwinkel.de\\\/blog\\\/#\\\/schema\\\/person\\\/3d64575316540d25f7866264a4b7cd24\"},\"description\":\"Demokratie will gelebt sein. Deshalb geh\u00f6rt Demokratiebildung bereits in die Grundschule. Worauf es bei der Umsetzung ankommt, lesen Sie in unserem Blog. \u2713 Praxis-Tipps inkl. \u2713\",\"breadcrumb\":{\"@id\":\"https:\\\/\\\/www.backwinkel.de\\\/blog\\\/demokratiebildung\\\/#breadcrumb\"},\"inLanguage\":\"de\",\"potentialAction\":[{\"@type\":\"ReadAction\",\"target\":[\"https:\\\/\\\/www.backwinkel.de\\\/blog\\\/demokratiebildung\\\/\"]}]},{\"@type\":\"ImageObject\",\"inLanguage\":\"de\",\"@id\":\"https:\\\/\\\/www.backwinkel.de\\\/blog\\\/demokratiebildung\\\/#primaryimage\",\"url\":\"https:\\\/\\\/www.backwinkel.de\\\/blog\\\/wp-content\\\/uploads\\\/2021\\\/05\\\/backwinkel-blog-demokratiebildung-schule-heroimage.jpg\",\"contentUrl\":\"https:\\\/\\\/www.backwinkel.de\\\/blog\\\/wp-content\\\/uploads\\\/2021\\\/05\\\/backwinkel-blog-demokratiebildung-schule-heroimage.jpg\",\"width\":1200,\"height\":628},{\"@type\":\"BreadcrumbList\",\"@id\":\"https:\\\/\\\/www.backwinkel.de\\\/blog\\\/demokratiebildung\\\/#breadcrumb\",\"itemListElement\":[{\"@type\":\"ListItem\",\"position\":1,\"name\":\"Startseite\",\"item\":\"https:\\\/\\\/blog.backwinkel.de\\\/aktuelles\\\/\"},{\"@type\":\"ListItem\",\"position\":2,\"name\":\"Miteinander lernen:\"}]},{\"@type\":\"WebSite\",\"@id\":\"https:\\\/\\\/www.backwinkel.de\\\/blog\\\/#website\",\"url\":\"https:\\\/\\\/www.backwinkel.de\\\/blog\\\/\",\"name\":\"BACKWINKEL Blog\",\"description\":\"f\u00fcr Lehrer, Erzieher und Eltern\",\"potentialAction\":[{\"@type\":\"SearchAction\",\"target\":{\"@type\":\"EntryPoint\",\"urlTemplate\":\"https:\\\/\\\/www.backwinkel.de\\\/blog\\\/?s={search_term_string}\"},\"query-input\":{\"@type\":\"PropertyValueSpecification\",\"valueRequired\":true,\"valueName\":\"search_term_string\"}}],\"inLanguage\":\"de\"},{\"@type\":\"Person\",\"@id\":\"https:\\\/\\\/www.backwinkel.de\\\/blog\\\/#\\\/schema\\\/person\\\/3d64575316540d25f7866264a4b7cd24\",\"name\":\"BACKWINKEL\",\"sameAs\":[\"http:\\\/\\\/www.backwinkel.de\"],\"url\":\"https:\\\/\\\/www.backwinkel.de\\\/blog\\\/author\\\/backwinkel\\\/\"}]}<\/script>\n<!-- \/ Yoast SEO plugin. -->","yoast_head_json":{"title":"Demokratiebildung in der Grundschule \u00bb Tipps und Infos | BACKWINKEL Blog","description":"Demokratie will gelebt sein. Deshalb geh\u00f6rt Demokratiebildung bereits in die Grundschule. Worauf es bei der Umsetzung ankommt, lesen Sie in unserem Blog. \u2713 Praxis-Tipps inkl. \u2713","robots":{"index":"index","follow":"follow","max-snippet":"max-snippet:-1","max-image-preview":"max-image-preview:large","max-video-preview":"max-video-preview:-1"},"canonical":"https:\/\/www.backwinkel.de\/blog\/demokratiebildung\/","og_locale":"de_DE","og_type":"article","og_title":"Demokratiebildung in der Grundschule \u00bb Tipps und Infos | BACKWINKEL Blog","og_description":"Demokratie will gelebt sein. Deshalb geh\u00f6rt Demokratiebildung bereits in die Grundschule. Worauf es bei der Umsetzung ankommt, lesen Sie in unserem Blog. \u2713 Praxis-Tipps inkl. \u2713","og_url":"https:\/\/www.backwinkel.de\/blog\/demokratiebildung\/","og_site_name":"BACKWINKEL Blog","article_published_time":"2021-06-07T08:13:27+00:00","article_modified_time":"2026-04-22T13:24:52+00:00","og_image":[{"width":1200,"height":628,"url":"https:\/\/www.backwinkel.de\/blog\/wp-content\/uploads\/2021\/05\/backwinkel-blog-demokratiebildung-schule-heroimage.jpg","type":"image\/jpeg"}],"author":"BACKWINKEL","twitter_card":"summary_large_image","twitter_misc":{"Verfasst von":"BACKWINKEL","Gesch\u00e4tzte Lesezeit":"12\u00a0Minuten"},"schema":{"@context":"https:\/\/schema.org","@graph":[{"@type":"Article","@id":"https:\/\/www.backwinkel.de\/blog\/demokratiebildung\/#article","isPartOf":{"@id":"https:\/\/www.backwinkel.de\/blog\/demokratiebildung\/"},"author":{"name":"BACKWINKEL","@id":"https:\/\/www.backwinkel.de\/blog\/#\/schema\/person\/3d64575316540d25f7866264a4b7cd24"},"headline":"Miteinander lernen:","datePublished":"2021-06-07T08:13:27+00:00","dateModified":"2026-04-22T13:24:52+00:00","mainEntityOfPage":{"@id":"https:\/\/www.backwinkel.de\/blog\/demokratiebildung\/"},"wordCount":4302,"image":{"@id":"https:\/\/www.backwinkel.de\/blog\/demokratiebildung\/#primaryimage"},"thumbnailUrl":"https:\/\/www.backwinkel.de\/blog\/wp-content\/uploads\/2021\/05\/backwinkel-blog-demokratiebildung-schule-heroimage.jpg","articleSection":["Demokratie Beitrag BVK","Schule"],"inLanguage":"de"},{"@type":"WebPage","@id":"https:\/\/www.backwinkel.de\/blog\/demokratiebildung\/","url":"https:\/\/www.backwinkel.de\/blog\/demokratiebildung\/","name":"Demokratiebildung in der Grundschule \u00bb Tipps und Infos | BACKWINKEL Blog","isPartOf":{"@id":"https:\/\/www.backwinkel.de\/blog\/#website"},"primaryImageOfPage":{"@id":"https:\/\/www.backwinkel.de\/blog\/demokratiebildung\/#primaryimage"},"image":{"@id":"https:\/\/www.backwinkel.de\/blog\/demokratiebildung\/#primaryimage"},"thumbnailUrl":"https:\/\/www.backwinkel.de\/blog\/wp-content\/uploads\/2021\/05\/backwinkel-blog-demokratiebildung-schule-heroimage.jpg","datePublished":"2021-06-07T08:13:27+00:00","dateModified":"2026-04-22T13:24:52+00:00","author":{"@id":"https:\/\/www.backwinkel.de\/blog\/#\/schema\/person\/3d64575316540d25f7866264a4b7cd24"},"description":"Demokratie will gelebt sein. Deshalb geh\u00f6rt Demokratiebildung bereits in die Grundschule. Worauf es bei der Umsetzung ankommt, lesen Sie in unserem Blog. \u2713 Praxis-Tipps inkl. \u2713","breadcrumb":{"@id":"https:\/\/www.backwinkel.de\/blog\/demokratiebildung\/#breadcrumb"},"inLanguage":"de","potentialAction":[{"@type":"ReadAction","target":["https:\/\/www.backwinkel.de\/blog\/demokratiebildung\/"]}]},{"@type":"ImageObject","inLanguage":"de","@id":"https:\/\/www.backwinkel.de\/blog\/demokratiebildung\/#primaryimage","url":"https:\/\/www.backwinkel.de\/blog\/wp-content\/uploads\/2021\/05\/backwinkel-blog-demokratiebildung-schule-heroimage.jpg","contentUrl":"https:\/\/www.backwinkel.de\/blog\/wp-content\/uploads\/2021\/05\/backwinkel-blog-demokratiebildung-schule-heroimage.jpg","width":1200,"height":628},{"@type":"BreadcrumbList","@id":"https:\/\/www.backwinkel.de\/blog\/demokratiebildung\/#breadcrumb","itemListElement":[{"@type":"ListItem","position":1,"name":"Startseite","item":"https:\/\/blog.backwinkel.de\/aktuelles\/"},{"@type":"ListItem","position":2,"name":"Miteinander lernen:"}]},{"@type":"WebSite","@id":"https:\/\/www.backwinkel.de\/blog\/#website","url":"https:\/\/www.backwinkel.de\/blog\/","name":"BACKWINKEL Blog","description":"f\u00fcr Lehrer, Erzieher und Eltern","potentialAction":[{"@type":"SearchAction","target":{"@type":"EntryPoint","urlTemplate":"https:\/\/www.backwinkel.de\/blog\/?s={search_term_string}"},"query-input":{"@type":"PropertyValueSpecification","valueRequired":true,"valueName":"search_term_string"}}],"inLanguage":"de"},{"@type":"Person","@id":"https:\/\/www.backwinkel.de\/blog\/#\/schema\/person\/3d64575316540d25f7866264a4b7cd24","name":"BACKWINKEL","sameAs":["http:\/\/www.backwinkel.de"],"url":"https:\/\/www.backwinkel.de\/blog\/author\/backwinkel\/"}]}},"_links":{"self":[{"href":"https:\/\/www.backwinkel.de\/blog\/wp-json\/wp\/v2\/posts\/7255","targetHints":{"allow":["GET"]}}],"collection":[{"href":"https:\/\/www.backwinkel.de\/blog\/wp-json\/wp\/v2\/posts"}],"about":[{"href":"https:\/\/www.backwinkel.de\/blog\/wp-json\/wp\/v2\/types\/post"}],"author":[{"embeddable":true,"href":"https:\/\/www.backwinkel.de\/blog\/wp-json\/wp\/v2\/users\/3"}],"replies":[{"embeddable":true,"href":"https:\/\/www.backwinkel.de\/blog\/wp-json\/wp\/v2\/comments?post=7255"}],"version-history":[{"count":4,"href":"https:\/\/www.backwinkel.de\/blog\/wp-json\/wp\/v2\/posts\/7255\/revisions"}],"predecessor-version":[{"id":18927,"href":"https:\/\/www.backwinkel.de\/blog\/wp-json\/wp\/v2\/posts\/7255\/revisions\/18927"}],"wp:featuredmedia":[{"embeddable":true,"href":"https:\/\/www.backwinkel.de\/blog\/wp-json\/wp\/v2\/media\/7258"}],"wp:attachment":[{"href":"https:\/\/www.backwinkel.de\/blog\/wp-json\/wp\/v2\/media?parent=7255"}],"wp:term":[{"taxonomy":"category","embeddable":true,"href":"https:\/\/www.backwinkel.de\/blog\/wp-json\/wp\/v2\/categories?post=7255"},{"taxonomy":"post_tag","embeddable":true,"href":"https:\/\/www.backwinkel.de\/blog\/wp-json\/wp\/v2\/tags?post=7255"}],"curies":[{"name":"wp","href":"https:\/\/api.w.org\/{rel}","templated":true}]}}