{"id":7053,"date":"2021-06-07T09:59:46","date_gmt":"2021-06-07T07:59:46","guid":{"rendered":"https:\/\/blog.backwinkel.de\/?p=7053"},"modified":"2026-04-22T15:06:48","modified_gmt":"2026-04-22T13:06:48","slug":"empathie","status":"publish","type":"post","link":"https:\/\/www.backwinkel.de\/blog\/empathie\/","title":{"rendered":"Entwicklungsziel Empathie:"},"content":{"rendered":"\n<style type=\"text\/css\" data-created_by=\"avia_inline_auto\" id=\"style-css-av-8vdv8-f7e0dae999cc49bc529a70f67b346526\">\n.flex_column.av-8vdv8-f7e0dae999cc49bc529a70f67b346526{\nborder-radius:0px 0px 0px 0px;\npadding:0px 0px 0px 0px;\n}\n<\/style>\n<div  class='flex_column av-8vdv8-f7e0dae999cc49bc529a70f67b346526 av_one_full  avia-builder-el-0  el_before_av_three_fifth  avia-builder-el-first  first flex_column_div av-zero-column-padding  '     ><p>\n<style type=\"text\/css\" data-created_by=\"avia_inline_auto\" id=\"style-css-av-jl6mo8rj-605eccf9df0dce9c3ffb6a57636da99d\">\n#top .hr.hr-invisible.av-jl6mo8rj-605eccf9df0dce9c3ffb6a57636da99d{\nmargin-top:0px;\nheight:1px;\n}\n<\/style>\n<div  class='hr av-jl6mo8rj-605eccf9df0dce9c3ffb6a57636da99d hr-invisible  avia-builder-el-1  el_before_av_heading  avia-builder-el-first '><span class='hr-inner '><span class=\"hr-inner-style\"><\/span><\/span><\/div><br \/>\n\n<style type=\"text\/css\" data-created_by=\"avia_inline_auto\" id=\"style-css-av-291up6-df88c7f90a5a6e7402a3a3babe457c61\">\n#top .av-special-heading.av-291up6-df88c7f90a5a6e7402a3a3babe457c61{\npadding-bottom:10px;\n}\nbody .av-special-heading.av-291up6-df88c7f90a5a6e7402a3a3babe457c61 .av-special-heading-tag .heading-char{\nfont-size:25px;\n}\n.av-special-heading.av-291up6-df88c7f90a5a6e7402a3a3babe457c61 .av-subheading{\nfont-size:15px;\n}\n<\/style>\n<div  class='av-special-heading av-291up6-df88c7f90a5a6e7402a3a3babe457c61 av-special-heading-h1 blockquote modern-quote  avia-builder-el-2  el_after_av_hr  el_before_av_post_metadata  av-linked-heading'><h1 class='av-special-heading-tag '  >Entwicklungsziel Empathie: Wie Sie die emotionale Kompetenz von Kindern f\u00f6rdern <\/h1><div class='av-subheading av-subheading_below'><p class=\"autorenname\">Christine Hagemann<\/p>\n<\/div><div class=\"special-heading-border\"><div class=\"special-heading-inner-border\"><\/div><\/div><\/div><br \/>\n\n<style type=\"text\/css\" data-created_by=\"avia_inline_auto\" id=\"style-css-av-5t4nod-3190b22a609029f7575cb95c2e21c6f0\">\n#top .av-post-metadata-container.av-5t4nod-3190b22a609029f7575cb95c2e21c6f0{\nfont-size:12px;\n}\n#top .av-post-metadata-container.av-5t4nod-3190b22a609029f7575cb95c2e21c6f0 .av-post-metadata-container-inner{\nfont-size:12px;\n}\n<\/style>\n<div  class='av-post-metadata-container av-5t4nod-3190b22a609029f7575cb95c2e21c6f0 av-metadata-container-align-left  avia-builder-el-3  el_after_av_heading  el_before_av_textblock  av-metadata-container-1'><div class='av-post-metadata-container-inner'><span class=\"av-post-metadata-content av-post-metadata-meta-content\"><span class=\"av-post-metadata-content av-post-metadata-modified\"><span class=\"av-metadata-before av-metadata-before-modified\">Aktualisiert:<\/span><span class=\"av-post-metadata-modified-date\" >22. April 2026<\/span><\/span><span class=\"av-post-metadata-content av-post-metadata-separator\">\/<\/span><span class=\"av-post-metadata-content av-post-metadata-modified\"><span class=\"av-metadata-before av-metadata-before-modified\">Zuletzt aktualisiert:<\/span><span class=\"av-post-metadata-modified-date\" >22. April 2026<\/span><\/span><\/span><\/div><\/div><br \/>\n\n<style type=\"text\/css\" data-created_by=\"avia_inline_auto\" id=\"style-css-av-jkuubohz-ecf12c995ca12cc59712fc95a2c77115\">\n#top .av_textblock_section.av-jkuubohz-ecf12c995ca12cc59712fc95a2c77115 .avia_textblock{\nfont-size:20px;\n}\n<\/style>\n<section  class='av_textblock_section av-jkuubohz-ecf12c995ca12cc59712fc95a2c77115 '  ><div class='avia_textblock' ><p>Hauen, treten, br\u00fcllen \u2013 wenn Kinder sich aggressiv verhalten, bleibt die Empathie auf der Strecke. Spielerische Wege helfen Kindern, ihre emotionale Kompetenz zu st\u00e4rken.<\/p>\n<\/div><\/section><br \/>\n\n<style type=\"text\/css\" data-created_by=\"avia_inline_auto\" id=\"style-css-av-jkuuo5h6-b6e6bb1b03a809ae171c606560e2a0a3\">\n.avia-image-container.av-jkuuo5h6-b6e6bb1b03a809ae171c606560e2a0a3 img.avia_image{\nbox-shadow:none;\n}\n.avia-image-container.av-jkuuo5h6-b6e6bb1b03a809ae171c606560e2a0a3 .av-image-caption-overlay-center{\ncolor:#ffffff;\n}\n<\/style>\n<div  class='avia-image-container av-jkuuo5h6-b6e6bb1b03a809ae171c606560e2a0a3 av-styling- avia-align-center  avia-builder-el-5  el_after_av_textblock  el_before_av_hr '  ><div class=\"avia-image-container-inner\"><div class=\"avia-image-overlay-wrap\"><img decoding=\"async\" fetchpriority=\"high\" class='wp-image-7091 avia-img-lazy-loading-not-7091 avia_image ' src=\"https:\/\/www.backwinkel.de\/blog\/wp-content\/uploads\/2021\/05\/backwinkel-blog-entwicklungsziel-empathie-heroimage.jpg\" alt='' title='backwinkel-blog-entwicklungsziel-empathie-heroimage'  height=\"628\" width=\"1200\"  \/><\/div><\/div><\/div><br \/>\n\n<style type=\"text\/css\" data-created_by=\"avia_inline_auto\" id=\"style-css-av-jl6mo8rj-25-a9e2f7964d44cd14255f01b9a98051a7\">\n#top .hr.hr-invisible.av-jl6mo8rj-25-a9e2f7964d44cd14255f01b9a98051a7{\nheight:5px;\n}\n<\/style>\n<div  class='hr av-jl6mo8rj-25-a9e2f7964d44cd14255f01b9a98051a7 hr-invisible  avia-builder-el-6  el_after_av_image  el_before_av_textblock '><span class='hr-inner '><span class=\"hr-inner-style\"><\/span><\/span><\/div><br \/>\n\n<style type=\"text\/css\" data-created_by=\"avia_inline_auto\" id=\"style-css-av-jl7ql86y-e80384d8b1750d8be134ad53f89ab6ea\">\n#top .av_textblock_section.av-jl7ql86y-e80384d8b1750d8be134ad53f89ab6ea .avia_textblock{\nfont-size:10px;\n}\n<\/style>\n<section  class='av_textblock_section av-jl7ql86y-e80384d8b1750d8be134ad53f89ab6ea '  ><div class='avia_textblock' ><p class=\"bildnennung-beitrag\" style=\"text-align: left;\">\u00a9 bnenin, Adobestock.com<\/p>\n<\/div><\/section><br \/>\n\n<style type=\"text\/css\" data-created_by=\"avia_inline_auto\" id=\"style-css-av-jl6mo8rj-23-ea8d22a3e9d4f58037829b44fea87593\">\n#top .hr.hr-invisible.av-jl6mo8rj-23-ea8d22a3e9d4f58037829b44fea87593{\nheight:20px;\n}\n<\/style>\n<div  class='hr av-jl6mo8rj-23-ea8d22a3e9d4f58037829b44fea87593 hr-invisible  avia-builder-el-8  el_after_av_textblock  el_before_av_textblock '><span class='hr-inner '><span class=\"hr-inner-style\"><\/span><\/span><\/div><br \/>\n<section  class='av_textblock_section av-jkuubohz-24-ea9585404a1de6929fbfbdb0b981906d '  ><div class='avia_textblock' ><p>In der Kindergruppe kann es nicht immer nur harmonisch zugehen. Wie man Streitigkeiten friedlich l\u00f6st, erfahren Kinder nach und nach im sozialen Umgang. Dass die Kinder daf\u00fcr sehr <strong>unterschiedliche Talente<\/strong> mitbringen, beobachten Erziehende jeden Tag. W\u00e4hrend das eine Kind durchsetzungsf\u00e4hig ist, ohne dabei aggressiv zu sein, gen\u00fcgt beim anderen schon der kleinste Anlass, um einen ausgewachsenen Wutanfall auszul\u00f6sen.<\/p>\n<p>Aggressives Verhalten hat viele Ursachen, auch verdeckte, die Sie wom\u00f6glich nicht kennen. Sicherlich sollten Sie in einer allzu heftigen Situation sofort eingreifen, um die Eskalation zu verhindern. Doch wie l\u00e4sst sich langfristig sicherstellen, dass auff\u00e4llig aggressive Kinder <strong>mehr Empathie entwickeln<\/strong>? Lesen Sie im Folgenden, was hinter der Wut steckt und welche Spiele Kita-Kindern helfen, ihre emotionale Kompetenz zu verbessern. Malvorlagen zum Ausdrucken inklusive.<\/p>\n<\/div><\/section><\/p><\/div>\n<style type=\"text\/css\" data-created_by=\"avia_inline_auto\" id=\"style-css-av-swqf9-6bb490ea0cbb171c9d159bb967226129\">\n.flex_column.av-swqf9-6bb490ea0cbb171c9d159bb967226129{\nborder-radius:0px 0px 0px 0px;\npadding:20px 20px 20px 20px;\nbackground-color:#f2f2f2;\n}\n<\/style>\n<div  class='flex_column av-swqf9-6bb490ea0cbb171c9d159bb967226129 av_three_fifth  avia-builder-el-10  el_after_av_one_full  el_before_av_two_fifth  first flex_column_div  column-top-margin'     ><style type=\"text\/css\" data-created_by=\"avia_inline_auto\" id=\"style-css-av-jkuua5r2-640c3cf3b5df0bb955e8036d4db6e5ca\">\n#top .av_textblock_section.av-jkuua5r2-640c3cf3b5df0bb955e8036d4db6e5ca .avia_textblock{\nfont-size:14px;\n}\n<\/style>\n<section  class='av_textblock_section av-jkuua5r2-640c3cf3b5df0bb955e8036d4db6e5ca '  ><div class='avia_textblock' ><p><strong>Inhalt<\/strong><\/p>\n<p><strong><a href=\"#1\">1. Was ist Empathie?<\/a><\/strong><\/p>\n<p><strong><a href=\"#2\">2. Woher kommt aggressives Verhalten?<\/a><\/strong><br \/>\n2.1 Warum Aggressionen notwendig sind<br \/>\n2.2 Was Sie \u00fcber w\u00fctende Kinder wissen sollten<br \/>\n2.3 Darum ist fr\u00fchzeitiges Gegensteuern wichtig<\/p>\n<p><strong><a href=\"#3\">3. So f\u00f6rdern Sie emotionale Kompetenz spielerisch<\/a><\/strong><br \/>\n3.1 Gef\u00fchle wahrnehmen und ausdr\u00fccken<br \/>\n3.2 Gef\u00fchle anderer verstehen<br \/>\n3.3 Unsichtbare Gef\u00fchle entdecken<\/p>\n<\/div><\/section><\/div><\/p>\n\n<style type=\"text\/css\" data-created_by=\"avia_inline_auto\" id=\"style-css-av-2532d-6e1ea05e25305745634c0a02c87dc827\">\n.flex_column.av-2532d-6e1ea05e25305745634c0a02c87dc827{\nborder-radius:0px 0px 0px 0px;\npadding:0 0 0 0;\n}\n<\/style>\n<div  class='flex_column av-2532d-6e1ea05e25305745634c0a02c87dc827 av_two_fifth  avia-builder-el-12  el_after_av_three_fifth  el_before_av_sidebar  flex_column_div av-zero-column-padding  column-top-margin'     ><\/div>\n<div  class='avia-builder-widget-area clearfix  avia-builder-el-13  el_after_av_two_fifth  el_before_av_one_full '><div id=\"text-33\" class=\"widget clearfix widget_text\">\t\t\t<div class=\"textwidget\"><p><a href=\"https:\/\/www.backwinkel.de\/nachhaltig-denken\/\" target=\"\\_blank\" rel=\"noopener\"><br \/>\n<img decoding=\"async\" class=\"werbung-desktop alignnone wp-image-4186 size-full\" src=\"https:\/\/www.backwinkel.de\/blog\/wp-content\/uploads\/2026\/04\/Backwinkel-blog-werbebanner-shop-kita-schule_desktop.jpg\" alt=\"\" width=\"1251\" height=\"201\" \/><br \/>\n<\/a><br \/>\n<a href=\"https:\/\/www.backwinkel.de\/nachhaltig-denken\/\" target=\"\\_blank\" rel=\"noopener\"><br \/>\n<img decoding=\"async\" class=\"werbung-mobile alignnone wp-image-4187 size-full\" src=\"https:\/\/www.backwinkel.de\/blog\/wp-content\/uploads\/2026\/04\/Backwinkel-blog-werbebanner-shop-kiga-schule_mobile.jpg\" alt=\"\" width=\"550\" height=\"500\" \/><br \/>\n<\/a><\/p>\n<\/div>\n\t\t<\/div><\/div>\n\n<style type=\"text\/css\" data-created_by=\"avia_inline_auto\" id=\"style-css-av-hh5al-9c53459d093ff912fcc98cf97e19d753\">\n.flex_column.av-hh5al-9c53459d093ff912fcc98cf97e19d753{\nborder-radius:0px 0px 0px 0px;\npadding:0px 0px 0px 0px;\n}\n<\/style>\n<div  class='flex_column av-hh5al-9c53459d093ff912fcc98cf97e19d753 av_one_full  avia-builder-el-14  el_after_av_sidebar  el_before_av_one_full  first flex_column_div av-zero-column-padding  '     ><section  class='av_textblock_section av-jkuul0eg-47aa45f9d704d9c8972e1ddf4c471077 '  ><div class='avia_textblock' >\n<style type=\"text\/css\" data-created_by=\"avia_inline_auto\" id=\"style-css-av-7c7r8-1ad3209b7b9ea9c60cc97e362d76ea5e\">\n#top .hr.hr-invisible.av-7c7r8-1ad3209b7b9ea9c60cc97e362d76ea5e{\nheight:20px;\n}\n<\/style>\n<div  class='hr av-7c7r8-1ad3209b7b9ea9c60cc97e362d76ea5e hr-invisible  avia-builder-el-16  avia-builder-el-no-sibling '><span class='hr-inner '><span class=\"hr-inner-style\"><\/span><\/span><\/div>\n<h2 id=\"1\" class=\"position\">Was ist Empathie?<\/h2>\n<p>Empathie ist die F\u00e4higkeit, Empfindungen, Gedanken und Motive einer anderen Person verstehen und nachempfinden zu k\u00f6nnen. Die Anlage zur Empathie ist uns grunds\u00e4tzlich angeboren, denn sie hilft uns, mit anderen zu kooperieren. Im Laufe der ersten Lebensjahre pr\u00e4gen Bezugspersonen die Empathie ma\u00dfgeblich, wobei soziale Normen eine wesentliche Rolle spielen.<\/p>\n<p><strong>Psychologen unterscheiden zwei Formen der Empathie: <\/strong><\/p>\n<ul>\n<li>Die angeborene F\u00e4higkeit zur Empathie erm\u00f6glicht Kleinstkindern, die Grenzen anderer zu erkennen. Dadurch erkennen sie auch die eigenen Grenzen, in denen sich ihre psychische Individualit\u00e4t entwickelt.<\/li>\n<li>Die erworbene Empathie zielt darauf ab, eine gruppenspezifische Identit\u00e4t zu erreichen. Im zwischenmenschlichen Leben ist diese Empathief\u00e4higkeit wichtig f\u00fcr ein friedliches Miteinander. Bereits Dreij\u00e4hrige sind empathisch f\u00e4hig, Absichten zu erkennen und fremde Gef\u00fchle zu eigenen zu machen.<\/li>\n<\/ul>\n<p>Einige Psychologen nehmen an, dass die nat\u00fcrliche angeborene Empathie aufgrund erzieherischer Einfl\u00fcsse in den ersten beiden Lebensjahren verloren geht, somit von kognitiver Empathie abgel\u00f6st wird. Dies unterstreicht, wie entscheidend der Einfluss der Bezugspersonen ist. \u00dcberwiegen negative Einfl\u00fcsse, kann das Kind kaum <strong>Zugang zu eigenen Gef\u00fchlen<\/strong> und auch kein Mitgef\u00fchl entwickeln.<\/p>\n<p>Bei manchen gewaltt\u00e4tigen Jugendlichen weisen Neurobiologen auf mangelnde Strukturen im Gehirn hin, die eine Empathief\u00e4higkeit grunds\u00e4tzlich verhindern. Es w\u00e4re aber falsch, jedes aggressive Kind als dissozial abzustempeln. Vielmehr zeigt sich hier die Notwendigkeit, emotionale Kompetenzen so fr\u00fch wie m\u00f6glich zu f\u00f6rdern.<\/p>\n<\/div><\/section><\/div>\n\n<style type=\"text\/css\" data-created_by=\"avia_inline_auto\" id=\"style-css-av-hh5al-22-ffcfec0658e823b2fde141e642541932\">\n.flex_column.av-hh5al-22-ffcfec0658e823b2fde141e642541932{\nborder-radius:0px 0px 0px 0px;\npadding:0px 0px 0px 0px;\n}\n<\/style>\n<div  class='flex_column av-hh5al-22-ffcfec0658e823b2fde141e642541932 av_one_full  avia-builder-el-17  el_after_av_one_full  el_before_av_one_full  first flex_column_div av-zero-column-padding  column-top-margin'     ><section  class='av_textblock_section av-jkuul0eg-21-c8650d517a2871048ebc48fa100dbcc6 '  ><div class='avia_textblock' >\n<style type=\"text\/css\" data-created_by=\"avia_inline_auto\" id=\"style-css-av-7c7r8-20-6cefff928e3d31e56e1b251e62e29591\">\n#top .hr.hr-invisible.av-7c7r8-20-6cefff928e3d31e56e1b251e62e29591{\nheight:20px;\n}\n<\/style>\n<div  class='hr av-7c7r8-20-6cefff928e3d31e56e1b251e62e29591 hr-invisible  avia-builder-el-19  avia-builder-el-no-sibling '><span class='hr-inner '><span class=\"hr-inner-style\"><\/span><\/span><\/div>\n<h2 id=\"2\" class=\"position\">Woher kommt aggressives Verhalten?<\/h2>\n<p>Fachleute erkl\u00e4ren aggressives Verhalten meist mit fehlender Selbstkontrolle. Doch bei Kita-Kindern kann es nicht um bewusste Regulation durch Selbstkontrolle gehen, denn dazu sind sie in diesem Alter noch nicht f\u00e4hig. Wichtiger ist es, den Ursachen auf den Grund zu gehen. Doch die sind nicht immer offensichtlich. In der akuten Situation kann sich lange <strong>aufgestauter Druck<\/strong> entladen.<\/p>\n<p>Eltern h\u00f6ren oft den Rat, nicht einzuschreiten und das Kind austoben zu lassen. Aber im Einzelfall ist die Abw\u00e4gung schwierig. Auch Nichthandeln ist ambivalent: Meist bewegt es sich irgendwo zwischen Hoffnung auf Selbstregulation und Angst vor eigener \u00dcberreaktion. Schlie\u00dflich soll ein Kind weder auf Wohlverhalten hin \u201erepariert\u201c noch in seinen Bed\u00fcrfnissen ignoriert werden. Statt Wutausbr\u00fcche zu bestrafen, sollten Erziehende versuchen, das Kind zu verstehen.<\/p>\n<h3>Warum Aggressionen notwendig sind<\/h3>\n<p>Gef\u00fchle von Wut und Aggression sind v\u00f6llig normal, sie geh\u00f6ren zu unserem nat\u00fcrlichen <strong>Selbstschutzmechanismus<\/strong>. Urspr\u00fcnglich dienen sie der Verteidigungs- und Kampfbereitschaft, um bei Lebensgefahr schnell zu reagieren: Soll ich angreifen oder wegrennen? Das entscheidet unser Gehirn reflexartig, ohne dass wir willentlich Einfluss nehmen k\u00f6nnten.<\/p>\n<p><a href=\"https:\/\/blog.backwinkel.de\/wp-content\/uploads\/2021\/05\/backwinkel-blog-empanthie-kiga-grafik-entwicklungsziel.jpg\"><img decoding=\"async\" class=\"alignnone wp-image-7065\" src=\"https:\/\/blog.backwinkel.de\/wp-content\/uploads\/2021\/05\/backwinkel-blog-empanthie-kiga-grafik-entwicklungsziel.jpg\" alt=\"\" width=\"650\" height=\"492\" \/><\/a><\/p>\n<p>&lt;span&#8220;&gt;Im Selbstschutzmechanismus \u00bbFight or Flight\u00ab fordern Wutgef\u00fchle zur Aktion auf.&lt;\/span&#8220;&gt;<\/p>\n<p>Was Menschen vor Urzeiten half, ihr \u00dcberleben in einer feindlichen Umwelt zu sichern, funktioniert bis heute, auch unter anderen Vorzeichen. So empfinden wir etwa Beleidigungen als Angriff, Beziehungskonflikte als Kampf. <strong>Das Gehirn trennt nur unscharf zwischen seelischem und k\u00f6rperlichem Schmerz<\/strong>. Jeder Mensch reagiert unwillk\u00fcrlich w\u00fctend, wenn er sich gekr\u00e4nkt, ungerecht behandelt oder verachtet f\u00fchlt. Im Grunde geht es immer um Selbstbehauptung.<\/p>\n<h3>Was Sie \u00fcber w\u00fctende Kinder wissen sollten<\/h3>\n<p>Die gro\u00dfe Wut im Bauch signalisiert, dass eine Grenze \u00fcberschritten wurde. Kleinkinder reagieren ichbezogen und k\u00f6nnen ihre Emotionen noch nicht verbal ausdr\u00fccken. Im Umgang mit anderen m\u00fcssen sie erst Erfahrungen sammeln. Oft wollen Kinder durch Provokation mehr Aufmerksamkeit erlangen. Langzeitstudien zeigen: Die Frequenz von aggressivem Verhalten ist bei Kindern im Vorschulalter am h\u00f6chsten.<\/p>\n<p><strong>Jede Aggression hat Gr\u00fcnde<\/strong> \u2013 und die k\u00f6nnen bei Kindern vielschichtig sein. Bei der Frage, was sie antreibt, kommen Temperament, psychische Probleme sowie famili\u00e4re Lebensumst\u00e4nde in Betracht. Verhaltenstherapeuten gehen davon aus, dass aggressive Verhalten erlernt ist und daher auch wieder abgebaut werden kann.<\/p>\n<p><strong style=\"line-height: 14px;\">Aggression bei Kindern kann ein Symptom verschiedener Probleme sein: <\/strong><\/p>\n<ul>\n<li>Angst, innere Unsicherheit<\/li>\n<li>Frustration, mangelnde Zuwendung<\/li>\n<li>Minderwertigkeitsgef\u00fchle<\/li>\n<li>Kontakt\u00e4ngste im sozialen Verhalten<\/li>\n<li>\u00dcberforderung, Stress, Schmerz<\/li>\n<li>Traumatisierung<\/li>\n<li>Verhaltensst\u00f6rung<\/li>\n<\/ul>\n<h3>Darum ist fr\u00fchzeitiges Gegensteuern wichtig<\/h3>\n<p>Wenn Kinder wiederholt erleben, dass aggressives Verhalten zum Erfolg f\u00fchrt, kann es sich als <strong>Verhaltensmuster<\/strong> festigen und wird beibehalten. Kinder, die schon im Kita-Alter vergleichsweise hohe Aggressivit\u00e4t zeigen, haben ein erh\u00f6htes Risiko f\u00fcr eine Steigerung dieses Verhaltens im sp\u00e4teren Leben. Sie geraten in einen Teufelskreis und bekommen mit der Zeit immer gr\u00f6\u00dfere Schwierigkeiten.<\/p>\n<p>Im Wesentlichen geht es darum, die Resilienz von Kindern zu st\u00e4rken. Dies geschieht in stabilen Bindungen, die auf grunds\u00e4tzlicher Wertsch\u00e4tzung und liebevoller Zuwendung basieren. So gewinnt das Kind Vertrauen in die eigenen F\u00e4higkeiten und kann ein <strong>positives Selbstkonzept<\/strong> entwickeln.<\/p>\n<\/div><\/section><\/div>\n\n<style type=\"text\/css\" data-created_by=\"avia_inline_auto\" id=\"style-css-av-hh5al-19-3cb6b0c6d774d51bf1eb7d23eb264b75\">\n.flex_column.av-hh5al-19-3cb6b0c6d774d51bf1eb7d23eb264b75{\nborder-radius:0px 0px 0px 0px;\npadding:0px 0px 0px 0px;\n}\n<\/style>\n<div  class='flex_column av-hh5al-19-3cb6b0c6d774d51bf1eb7d23eb264b75 av_one_full  avia-builder-el-20  el_after_av_one_full  el_before_av_one_full  first flex_column_div av-zero-column-padding  column-top-margin'     ><section  class='av_textblock_section av-jkuul0eg-18-447817f64de15678d25d142337fe3d58 '  ><div class='avia_textblock' >\n<style type=\"text\/css\" data-created_by=\"avia_inline_auto\" id=\"style-css-av-7c7r8-17-fba4a273a8a159cd0a279d2423a6eb89\">\n#top .hr.hr-invisible.av-7c7r8-17-fba4a273a8a159cd0a279d2423a6eb89{\nheight:20px;\n}\n<\/style>\n<div  class='hr av-7c7r8-17-fba4a273a8a159cd0a279d2423a6eb89 hr-invisible  avia-builder-el-22  avia-builder-el-no-sibling '><span class='hr-inner '><span class=\"hr-inner-style\"><\/span><\/span><\/div>\n<h2 id=\"3\" class=\"position\">So f\u00f6rdern Sie emotionale Kompetenz spielerisch<\/h2>\n<p>Viele M\u00e4dchen und Jungen, die schnell aggressiv reagieren, sind gleichzeitig sehr sensibel. In der Gemeinschaft f\u00fchlen sie sich unsicher, weil sie nicht wissen, wie sie ihre <strong>Emotionen ausdr\u00fccken<\/strong> k\u00f6nnen. Manche kommen auch mit dem Gef\u00fchl, anders zu sein als andere, nicht gut zurecht. Damit das Miteinander funktioniert, m\u00fcssen die Kinder erst lernen, ihre eigenen und die Gef\u00fchle anderer richtig zu verstehen.<\/p>\n<p>Was empfinde ich gerade? Wie geht es meinem Gegen\u00fcber? Gef\u00fchlszust\u00e4nde zu erkennen ist nicht leicht, erst recht nicht bei anderen. Deshalb ist es f\u00fcr Kinder wichtig, unterschiedliche Ausdr\u00fccke von Emotionen kennenzulernen. Die folgenden \u00dcbungen in der Gruppe k\u00f6nnen dabei helfen.<\/p>\n<h3>Gef\u00fchle wahrnehmen und ausdr\u00fccken<\/h3>\n<p>Welche Gef\u00fchle gibt es? Wie sieht eine Person aus, die zum Beispiel fr\u00f6hlich, traurig oder w\u00fctend ist? Zeigen Sie den Kindern, wie sie an K\u00f6rperhaltung, Gestik und Mimik verschiedene Emotionen erkennen k\u00f6nnen. Im Anschluss an kleine nonverbale Spielszenen erraten die Kinder, welches Gef\u00fchl gerade dargestellt wird.<\/p>\n<\/div><\/section><\/div>\n\n<style type=\"text\/css\" data-created_by=\"avia_inline_auto\" id=\"style-css-av-jlnt0i5o-d256db89d9b6aa9bb92f19cfc2475b5b\">\n.flex_column.av-jlnt0i5o-d256db89d9b6aa9bb92f19cfc2475b5b{\nborder-radius:0px 0px 0px 0px;\npadding:10px 10px 10px 10px;\nbackground-color:#e0f1b4;\n}\n<\/style>\n<div  class='flex_column av-jlnt0i5o-d256db89d9b6aa9bb92f19cfc2475b5b av_one_full  avia-builder-el-23  el_after_av_one_full  el_before_av_one_full  first flex_column_div  column-top-margin'     ><style type=\"text\/css\" data-created_by=\"avia_inline_auto\" id=\"style-css-av-jkuvcso3-bf550690b05a5b6ef37ec26a0e850258\">\n#top .av_textblock_section.av-jkuvcso3-bf550690b05a5b6ef37ec26a0e850258 .avia_textblock{\nfont-size:18px;\n}\n<\/style>\n<section  class='av_textblock_section av-jkuvcso3-bf550690b05a5b6ef37ec26a0e850258 '  ><div class='avia_textblock' ><p><strong>Spiel mit Gef\u00fchlsfarben: Das bin ich.<\/strong><\/p>\n<p>Diese \u00dcbung sensibilisiert Kinder daf\u00fcr, eigene Gef\u00fchle wahrzunehmen. Statt mit Worten dr\u00fccken sie sich mit Farben aus. Zur Vorbereitung ben\u00f6tigen Sie lange Papierbahnen, etwa Tapetenrollen, Stifte, Wasserfarben oder Fingerfarben.<\/p>\n<p>So geht&#8217;s:<br \/>\nDie Kinder bilden Paare, legen sich abwechselnd auf die Papierbahn am Boden und zeichnen gegenseitig ihre Umrisse nach. Dann malt jedes Kind seinen K\u00f6rperumriss mit Farben aus. Die fertigen Bilder werden im Gruppenraum ausgestellt.<\/p>\n<\/div><\/section><\/div>\n\n<style type=\"text\/css\" data-created_by=\"avia_inline_auto\" id=\"style-css-av-hh5al-16-7a012b3a873b5b13808576eb318017d8\">\n.flex_column.av-hh5al-16-7a012b3a873b5b13808576eb318017d8{\nborder-radius:0px 0px 0px 0px;\npadding:0px 0px 0px 0px;\n}\n<\/style>\n<div  class='flex_column av-hh5al-16-7a012b3a873b5b13808576eb318017d8 av_one_full  avia-builder-el-25  el_after_av_one_full  el_before_av_one_full  first flex_column_div av-zero-column-padding  column-top-margin'     ><section  class='av_textblock_section av-jkuul0eg-15-512e8a3a0e6ccd4411d50846424447a2 '  ><div class='avia_textblock' ><p>Weniger Aufwand erfordert unsere Malvorlage. Die Kinder gestalten den K\u00f6rperumriss ganz individuell mit Stimmungs- oder Traumfarben. Die Bilder lassen sich auch mit Glitzerstickern und anderem Dekomaterial verzieren.<\/p>\n<p><a href=\"https:\/\/blog.backwinkel.de\/wp-content\/uploads\/2021\/05\/backwinkel-blog-empathie-kiga-meine-gefuehle.jpg\"><img decoding=\"async\" class=\"alignnone wp-image-7073\" src=\"https:\/\/blog.backwinkel.de\/wp-content\/uploads\/2021\/05\/backwinkel-blog-empathie-kiga-meine-gefuehle.jpg\" alt=\"\" width=\"364\" height=\"515\" \/><\/a><\/p>\n<p><div  class='avia-button-wrap av-4tu8ku-673b15b16ec4bc3b61495b8cf1d90c4f-wrap avia-button-left  avia-builder-el-27  el_before_av_hr  avia-builder-el-first '><a href='https:\/\/www.backwinkel.de\/downloads\/backwinkel-blog-empathie-kiga-meine-gefuehle.pdf'  class='avia-button av-4tu8ku-673b15b16ec4bc3b61495b8cf1d90c4f av-link-btn avia-icon_select-no avia-size-medium avia-position-left avia-color-theme-color'  target=\"_blank\"  rel=\"noopener noreferrer\"  aria-label=\"Download: Meine Gef\u00fchle \u2013 Malvorlage\"><span class='avia_iconbox_title' >Download: Meine Gef\u00fchle \u2013 Malvorlage<\/span><\/a><\/div><br \/>\n\n<style type=\"text\/css\" data-created_by=\"avia_inline_auto\" id=\"style-css-av-4qneul-ca6f82da87fc62262b0416c1f8bef17c\">\n#top .hr.av-4qneul-ca6f82da87fc62262b0416c1f8bef17c{\nmargin-top:30px;\nmargin-bottom:30px;\n}\n.hr.av-4qneul-ca6f82da87fc62262b0416c1f8bef17c .hr-inner{\nwidth:50px;\n}\n<\/style>\n<div  class='hr av-4qneul-ca6f82da87fc62262b0416c1f8bef17c hr-custom  avia-builder-el-28  el_after_av_button  avia-builder-el-last  hr-left hr-icon-no'><span class='hr-inner inner-border-av-border-none'><span class=\"hr-inner-style\"><\/span><\/span><\/div><\/p>\n<h3>Gef\u00fchle anderer verstehen<\/h3>\n<p><strong>Rollenspiele<\/strong> f\u00f6rdern das Einf\u00fchlungsverm\u00f6gen in eigene und fremde Emotionen. Indem das Kind sich in die Rollenfigur hineinversetzt, kann es deren Gef\u00fchle empathisch nachempfinden. Im Rollenspiel erleben die Kinder, welche Auswirkungen ihr Verhalten hat. Das Spiel hilft auch zur\u00fcckhaltenden Kindern, wenn sie in ihrer Rolle mal richtig aufdrehen d\u00fcrfen, um angestaute Wut rauszulassen.<\/p>\n<p>Gerade Kindern mit geringer Empathief\u00e4higkeit f\u00e4llt es schwer, die Emotionen anderer zu erkennen. Daher ist es besonders wichtig, die Entwicklung ihrer emotionalen Kompetenz gezielt zu f\u00f6rdern. Dazu eignen sich Bildkarten, die Menschen mit <strong>verschiedenen Gesichtsausdr\u00fccken<\/strong> zeigen. Im Gespr\u00e4ch unterst\u00fctzen Sie die Kinder dabei, die Mimik richtig deuten zu lernen.<\/p>\n<\/div><\/section><\/div>\n\n<style type=\"text\/css\" data-created_by=\"avia_inline_auto\" id=\"style-css-av-20167h-e3f946e03910542304a6d360add1e615\">\n.flex_column.av-20167h-e3f946e03910542304a6d360add1e615{\nborder-radius:0px 0px 0px 0px;\npadding:10px 10px 10px 10px;\nbackground-color:#e0f1b4;\n}\n<\/style>\n<div  class='flex_column av-20167h-e3f946e03910542304a6d360add1e615 av_one_full  avia-builder-el-29  el_after_av_one_full  el_before_av_one_full  first flex_column_div  column-top-margin'     ><style type=\"text\/css\" data-created_by=\"avia_inline_auto\" id=\"style-css-av-kok2qh2l-1dd52df84890ac44bac41c33c8f0644b\">\n#top .av_textblock_section.av-kok2qh2l-1dd52df84890ac44bac41c33c8f0644b .avia_textblock{\nfont-size:18px;\n}\n<\/style>\n<section  class='av_textblock_section av-kok2qh2l-1dd52df84890ac44bac41c33c8f0644b '  ><div class='avia_textblock' ><p><strong>Spiel mit Emojis: Kannst du Gesichter lesen? <\/strong><\/p>\n<p>Die allseits beliebten Emojis \u00a0zeigen eine ganze Palette an Gef\u00fchlsausdr\u00fccken, die Sie gemeinsam besprechen k\u00f6nnen. Den Kindern macht es bestimmt Spa\u00df, die Piktogramme zu deuten, Vorlagen auszumalen und sich dar\u00fcber auszutauschen. Zus\u00e4tzlich k\u00f6nnen sie eigene Emojis erfinden oder Karten gestalten, mit denen sie anzeigen, in welcher Stimmung sie gerade sind.<\/p>\n<p>Mit gr\u00f6\u00dferen Emoji-Schildern, die an St\u00e4ben befestigt und vors Gesicht gehalten werden, lassen sich Ratespiele machen oder kleine Rollenspiele pr\u00e4sentieren. Eine weitere M\u00f6glichkeit bieten Vorlesegeschichten, bei denen das Kind die Gef\u00fchle der Figuren mithilfe von Emojis spiegelt.<\/p>\n<\/div><\/section><\/div>\n\n<style type=\"text\/css\" data-created_by=\"avia_inline_auto\" id=\"style-css-av-hh5al-11-bc7508ed50e051006636c4691a817b9f\">\n.flex_column.av-hh5al-11-bc7508ed50e051006636c4691a817b9f{\nborder-radius:0px 0px 0px 0px;\npadding:0px 0px 0px 0px;\n}\n<\/style>\n<div  class='flex_column av-hh5al-11-bc7508ed50e051006636c4691a817b9f av_one_full  avia-builder-el-31  el_after_av_one_full  el_before_av_one_third  first flex_column_div av-zero-column-padding  column-top-margin'     ><section  class='av_textblock_section av-jkuul0eg-10-93d088c8613047445f5b4051051edebb '  ><div class='avia_textblock' >\n<style type=\"text\/css\" data-created_by=\"avia_inline_auto\" id=\"style-css-av-7c7r8-14-a7e1a14e4faf45515f1231b75cc33e6a\">\n#top .hr.hr-invisible.av-7c7r8-14-a7e1a14e4faf45515f1231b75cc33e6a{\nheight:20px;\n}\n<\/style>\n<div  class='hr av-7c7r8-14-a7e1a14e4faf45515f1231b75cc33e6a hr-invisible  avia-builder-el-33  el_before_av_button  avia-builder-el-first '><span class='hr-inner '><span class=\"hr-inner-style\"><\/span><\/span><\/div>\n<p><a href=\"https:\/\/blog.backwinkel.de\/wp-content\/uploads\/2021\/05\/backwinkel-blog-empathie-kiga-gefuehle-erkennen.jpg\"><img decoding=\"async\" class=\"alignnone wp-image-7072\" src=\"https:\/\/blog.backwinkel.de\/wp-content\/uploads\/2021\/05\/backwinkel-blog-empathie-kiga-gefuehle-erkennen.jpg\" alt=\"\" width=\"364\" height=\"515\" \/><\/a><\/p>\n<div  class='avia-button-wrap av-4tu8ku-9-b2d8910ec1b605134a87d064ca912e43-wrap avia-button-left  avia-builder-el-34  el_after_av_hr  avia-builder-el-last '><a href='https:\/\/www.backwinkel.de\/downloads\/backwinkel-blog-empathie-kiga-gefuehle-erkennen.pdf'  class='avia-button av-4tu8ku-9-b2d8910ec1b605134a87d064ca912e43 av-link-btn avia-icon_select-no avia-size-medium avia-position-left avia-color-theme-color'  target=\"_blank\"  rel=\"noopener noreferrer\"  aria-label=\"Download: Malvorlage Emojis\"><span class='avia_iconbox_title' >Download: Malvorlage Emojis<\/span><\/a><\/div>\n<\/div><\/section><\/div>\n<div class='flex_column_table av-jxcy3x4s-fc5d4ad95756edaabc2bc972666892fb sc-av_one_third av-equal-height-column-flextable'>\n<style type=\"text\/css\" data-created_by=\"avia_inline_auto\" id=\"style-css-av-jxcy3x4s-fc5d4ad95756edaabc2bc972666892fb\">\n.flex_column.av-jxcy3x4s-fc5d4ad95756edaabc2bc972666892fb{\nborder-width:1px;\nborder-color:#ebebeb;\nborder-style:solid;\nborder-radius:0px 0px 0px 0px;\npadding:10px 10px 10px 10px;\n}\n<\/style>\n<div  class='flex_column av-jxcy3x4s-fc5d4ad95756edaabc2bc972666892fb av_one_third  avia-builder-el-35  el_after_av_one_full  el_before_av_one_third  first flex_column_table_cell av-equal-height-column av-align-top  column-top-margin'     ><p><section  class='av_textblock_section av-jxcz48fa-bb9d063fc629e33087d192f9b1171959 '  ><div class='avia_textblock' ><p><a href=\"https:\/\/www.backwinkel.de\/emotionssteine.html\" target=\"_blank\" rel=\"noopener\"><img decoding=\"async\" class=\"alignnone wp-image-7084\" src=\"https:\/\/blog.backwinkel.de\/wp-content\/uploads\/2021\/05\/75610.jpg\" alt=\"\" width=\"500\" height=\"341\" srcset=\"https:\/\/www.backwinkel.de\/blog\/wp-content\/uploads\/2021\/05\/75610.jpg 345w, https:\/\/www.backwinkel.de\/blog\/wp-content\/uploads\/2021\/05\/75610-270x185.jpg 270w\" sizes=\"(max-width: 500px) 100vw, 500px\" \/><\/a><\/p>\n<p style=\"font-size: 20px; font-family: urw_grotesk_extra_narrowrg; text-align: left;\">Emotionssteine<\/p>\n<p style=\"text-align: left;\"><div  class='avia-button-wrap av-8ssthn-1d1ca085074c1ee032d61b401ac1ccb1-wrap avia-button-center  avia-builder-el-37  avia-builder-el-no-sibling '><a href='https:\/\/www.backwinkel.de\/emotionssteine.html'  class='avia-button av-8ssthn-1d1ca085074c1ee032d61b401ac1ccb1 av-link-btn avia-icon_select-no avia-size-medium avia-position-center avia-color-theme-color'  target=\"_blank\"  rel=\"noopener noreferrer\"  aria-label=\"zum Produkt\"><span class='avia_iconbox_title' >zum Produkt<\/span><\/a><\/div><\/p>\n<\/div><\/section><br \/>\n\n<style type=\"text\/css\" data-created_by=\"avia_inline_auto\" id=\"style-css-av-jkuvdh82-4f37b1a2f5bf0c7f14df31e178d6014c\">\n#top .hr.hr-invisible.av-jkuvdh82-4f37b1a2f5bf0c7f14df31e178d6014c{\nheight:20px;\n}\n<\/style>\n<div  class='hr av-jkuvdh82-4f37b1a2f5bf0c7f14df31e178d6014c hr-invisible  avia-builder-el-38  el_after_av_textblock  avia-builder-el-last '><span class='hr-inner '><span class=\"hr-inner-style\"><\/span><\/span><\/div><\/p><\/div>\n<div class='av-flex-placeholder'><\/div>\n<style type=\"text\/css\" data-created_by=\"avia_inline_auto\" id=\"style-css-av-aahk1p-11d6168c27066500fe849a506ff5bc70\">\n.flex_column.av-aahk1p-11d6168c27066500fe849a506ff5bc70{\nborder-width:1px;\nborder-color:#ebebeb;\nborder-style:solid;\nborder-radius:0px 0px 0px 0px;\npadding:10px 10px 10px 10px;\n}\n<\/style>\n<div  class='flex_column av-aahk1p-11d6168c27066500fe849a506ff5bc70 av_one_third  avia-builder-el-39  el_after_av_one_third  el_before_av_one_third  flex_column_table_cell av-equal-height-column av-align-top  column-top-margin'     ><p><section  class='av_textblock_section av-kok31han-1c9ec397ca81fc211330ad1d6d362142 '  ><div class='avia_textblock' ><p><a href=\"https:\/\/www.backwinkel.de\/80-bild-impulse-gefuehle.html\"><img decoding=\"async\" class=\"alignnone wp-image-10866 size-full\" src=\"https:\/\/blog.backwinkel.de\/wp-content\/uploads\/2021\/06\/32258_bild-impulse-gefuehle_a-1.jpeg\" alt=\"\" width=\"700\" height=\"490\" \/><\/a><\/p>\n<p style=\"font-size: 20px; font-family: urw_grotesk_extra_narrowrg; text-align: left;\">80 Bild-Impulse Gef\u00fchle<\/p>\n<p style=\"text-align: left;\"><div  class='avia-button-wrap av-8yp3bh-3d88fda889c54108e1cf382afd1e763a-wrap avia-button-center  avia-builder-el-41  avia-builder-el-no-sibling '><a href='https:\/\/www.backwinkel.de\/80-bild-impulse-gefuehle.html'  class='avia-button av-8yp3bh-3d88fda889c54108e1cf382afd1e763a av-link-btn avia-icon_select-no avia-size-medium avia-position-center avia-color-theme-color'  target=\"_blank\"  rel=\"noopener noreferrer\"  aria-label=\"zum Produkt\"><span class='avia_iconbox_title' >zum Produkt<\/span><\/a><\/div><\/p>\n<\/div><\/section><br \/>\n\n<style type=\"text\/css\" data-created_by=\"avia_inline_auto\" id=\"style-css-av-7v2wq5-c32d349b7e8caa04eb663f9ad9dae935\">\n#top .hr.hr-invisible.av-7v2wq5-c32d349b7e8caa04eb663f9ad9dae935{\nheight:20px;\n}\n<\/style>\n<div  class='hr av-7v2wq5-c32d349b7e8caa04eb663f9ad9dae935 hr-invisible  avia-builder-el-42  el_after_av_textblock  avia-builder-el-last '><span class='hr-inner '><span class=\"hr-inner-style\"><\/span><\/span><\/div><\/p><\/div>\n<div class='av-flex-placeholder'><\/div>\n<style type=\"text\/css\" data-created_by=\"avia_inline_auto\" id=\"style-css-av-6boqlp-5dd4cbd058d2ac1559ed65f46b3050d9\">\n.flex_column.av-6boqlp-5dd4cbd058d2ac1559ed65f46b3050d9{\nborder-width:1px;\nborder-color:#ebebeb;\nborder-style:solid;\nborder-radius:0px 0px 0px 0px;\npadding:10px 10px 10px 10px;\n}\n<\/style>\n<div  class='flex_column av-6boqlp-5dd4cbd058d2ac1559ed65f46b3050d9 av_one_third  avia-builder-el-43  el_after_av_one_third  el_before_av_one_full  flex_column_table_cell av-equal-height-column av-align-top  column-top-margin'     ><p><section  class='av_textblock_section av-kok33hif-249df8d2484de161be5927daefe05543 '  ><div class='avia_textblock' ><p><a href=\"https:\/\/www.backwinkel.de\/das-farbenmonster.html\" target=\"_blank\" rel=\"noopener\"><img decoding=\"async\" class=\"alignnone wp-image-7087\" src=\"https:\/\/blog.backwinkel.de\/wp-content\/uploads\/2021\/05\/55060.jpg\" alt=\"\" width=\"500\" height=\"341\" srcset=\"https:\/\/www.backwinkel.de\/blog\/wp-content\/uploads\/2021\/05\/55060.jpg 345w, https:\/\/www.backwinkel.de\/blog\/wp-content\/uploads\/2021\/05\/55060-270x185.jpg 270w\" sizes=\"(max-width: 500px) 100vw, 500px\" \/><\/a><\/p>\n<p style=\"font-size: 20px; font-family: urw_grotesk_extra_narrowrg; text-align: left;\">Das Farbenmonster<\/p>\n<p style=\"text-align: left;\"><div  class='avia-button-wrap av-3serul-4f11eca4d17529646fd01d7f979be0b0-wrap avia-button-center  avia-builder-el-45  avia-builder-el-no-sibling '><a href='https:\/\/www.backwinkel.de\/das-farbenmonster.html'  class='avia-button av-3serul-4f11eca4d17529646fd01d7f979be0b0 av-link-btn avia-icon_select-no avia-size-medium avia-position-center avia-color-theme-color'  target=\"_blank\"  rel=\"noopener noreferrer\"  aria-label=\"zum Produkt\"><span class='avia_iconbox_title' >zum Produkt<\/span><\/a><\/div><\/p>\n<\/div><\/section><br \/>\n\n<style type=\"text\/css\" data-created_by=\"avia_inline_auto\" id=\"style-css-av-2wc5hp-680cdb43460c940293d8cefe313d13b8\">\n#top .hr.hr-invisible.av-2wc5hp-680cdb43460c940293d8cefe313d13b8{\nheight:20px;\n}\n<\/style>\n<div  class='hr av-2wc5hp-680cdb43460c940293d8cefe313d13b8 hr-invisible  avia-builder-el-46  el_after_av_textblock  avia-builder-el-last '><span class='hr-inner '><span class=\"hr-inner-style\"><\/span><\/span><\/div><\/p><\/div><\/div><!--close column table wrapper. Autoclose: 1 -->\n\n<style type=\"text\/css\" data-created_by=\"avia_inline_auto\" id=\"style-css-av-hh5al-8-beb333b2f72626a23d4ff8d2de4147ac\">\n.flex_column.av-hh5al-8-beb333b2f72626a23d4ff8d2de4147ac{\nborder-radius:0px 0px 0px 0px;\npadding:0px 0px 0px 0px;\n}\n<\/style>\n<div  class='flex_column av-hh5al-8-beb333b2f72626a23d4ff8d2de4147ac av_one_full  avia-builder-el-47  el_after_av_one_third  el_before_av_one_full  first flex_column_div av-zero-column-padding  column-top-margin'     ><section  class='av_textblock_section av-jkuul0eg-7-f9c0329e317a6d9b1de9a46736f7c096 '  ><div class='avia_textblock' ><p>Noch mehr praktische Helfer zum Erlernen von Emotionsausdr\u00fccken finden Sie in unserem klimaneutralen <a href=\"https:\/\/www.backwinkel.de\" target=\"_blank\" rel=\"noopener\">Onlineshop<\/a>.<\/p>\n\n<style type=\"text\/css\" data-created_by=\"avia_inline_auto\" id=\"style-css-av-5t0l2l-0e8b9416a5b2ea7f8635430dd3c78dc4\">\n#top .hr.av-5t0l2l-0e8b9416a5b2ea7f8635430dd3c78dc4{\nmargin-top:40px;\n}\n.hr.av-5t0l2l-0e8b9416a5b2ea7f8635430dd3c78dc4 .hr-inner{\nwidth:50px;\n}\n<\/style>\n<div  class='hr av-5t0l2l-0e8b9416a5b2ea7f8635430dd3c78dc4 hr-custom  avia-builder-el-49  avia-builder-el-no-sibling  hr-left hr-icon-no'><span class='hr-inner inner-border-av-border-none'><span class=\"hr-inner-style\"><\/span><\/span><\/div>\n<h3>Unsichtbare Gef\u00fchle entdecken<\/h3>\n<p>Erkl\u00e4ren Sie den Kindern, dass man Emotionen nicht immer direkt sehen kann. Liebe, Wut, Trauer oder Angst sind solche Gef\u00fchle. Sie sind auch dann da, wenn man vielleicht gerade etwas ganz anderes tut. Wie f\u00fchlen sich diese Emotionen an? Warum m\u00f6chte jemand vielleicht nicht, dass andere sie sehen?<\/p>\n<p>Speziell beim Thema Wut geht es auch um <strong>Sozialverhalten<\/strong>. Die Kinder sollen verstehen lernen: Wut sp\u00fcren und sich aggressiv verhalten, das sind zwei unterschiedliche Paar Schuhe. Doch wie kann man sich bremsen und trotzdem Dampf ablassen? Spontane Kraftausdr\u00fccke wirken da wie ein befreiendes Ventil. Allerdings sind Schimpfw\u00f6rter im Alltag der Kinder eine heikle Sache, denn eigentlich sind sie verboten.<\/p>\n<\/div><\/section><\/div>\n\n<style type=\"text\/css\" data-created_by=\"avia_inline_auto\" id=\"style-css-av-jlnt0i5o-13-1c68d3002fdb9e802d0419582ccedf42\">\n.flex_column.av-jlnt0i5o-13-1c68d3002fdb9e802d0419582ccedf42{\nborder-radius:0px 0px 0px 0px;\npadding:10px 10px 10px 10px;\nbackground-color:#e0f1b4;\n}\n<\/style>\n<div  class='flex_column av-jlnt0i5o-13-1c68d3002fdb9e802d0419582ccedf42 av_one_full  avia-builder-el-50  el_after_av_one_full  el_before_av_one_full  first flex_column_div  column-top-margin'     ><style type=\"text\/css\" data-created_by=\"avia_inline_auto\" id=\"style-css-av-jkuvcso3-12-f18859353bcd64427a715ec4636bb9f7\">\n#top .av_textblock_section.av-jkuvcso3-12-f18859353bcd64427a715ec4636bb9f7 .avia_textblock{\nfont-size:18px;\n}\n<\/style>\n<section  class='av_textblock_section av-jkuvcso3-12-f18859353bcd64427a715ec4636bb9f7 '  ><div class='avia_textblock' ><p><strong>Sprachspiel: Schimpfw\u00f6rterwerkstatt <\/strong><\/p>\n<p>Drehen Sie das Ganze doch einfach mal um und erlauben Sie Schimpfw\u00f6rter. Ermuntern Sie die Kinder dazu, sich <strong>kreative Schimpfw\u00f6rter<\/strong> auszudenken. Symptomverschreibung nennen Psychologen diese Methode. Den Kindern macht es sicher Spa\u00df, wortsch\u00f6pferisch t\u00e4tig zu sein. Und obendrein helfen witzige Schimpfw\u00f6rter, angestauten \u00c4rger loszuwerden, ohne wirklich zu beleidigen.<\/p>\n<p>Hierf\u00fcr bietet etwa das Buch <strong>Die Krumpflinge <\/strong>von Annette R\u00f6der tolle Anregungen. Die Kinder d\u00fcrfen mit Freude in einer Flut von interessanten Schimpfw\u00f6rtern schwelgen, wie zum Beispiel Bratzbrezel, Spinatspinne, Quallenquark und Modermist. Solche Wortspiele helfen nicht nur, erlaubte Schimpfw\u00f6rter zu finden, sie bereichern auch das Sprachgef\u00fchl der Kinder.<\/p>\n<p>Mehr Anregungen zum Thema finden Sie auch in unserem Beitrag <a href=\"https:\/\/www.backwinkel.de\/blog\/schimpfwoerter\/\">Schimpfw\u00f6rter: Warum Kinder so gern fluchen und deswegen total kreative K\u00f6pfe sind<\/a>.<\/p>\n<\/div><\/section><\/div>\n\n<style type=\"text\/css\" data-created_by=\"avia_inline_auto\" id=\"style-css-av-hh5al-4-4fa402cbcd209d48c6efa26899dae548\">\n.flex_column.av-hh5al-4-4fa402cbcd209d48c6efa26899dae548{\nborder-radius:0px 0px 0px 0px;\npadding:0px 0px 0px 0px;\n}\n<\/style>\n<div  class='flex_column av-hh5al-4-4fa402cbcd209d48c6efa26899dae548 av_one_full  avia-builder-el-52  el_after_av_one_full  el_before_av_hr  first flex_column_div av-zero-column-padding  column-top-margin'     ><section  class='av_textblock_section av-jkuul0eg-3-bc7862ecd51fc6dc35adcef6f886a186 '  ><div class='avia_textblock' >\n<style type=\"text\/css\" data-created_by=\"avia_inline_auto\" id=\"style-css-av-7c7r8-6-8b95da868037e5ce15b994910a67f24f\">\n#top .hr.hr-invisible.av-7c7r8-6-8b95da868037e5ce15b994910a67f24f{\nheight:20px;\n}\n<\/style>\n<div  class='hr av-7c7r8-6-8b95da868037e5ce15b994910a67f24f hr-invisible  avia-builder-el-54  avia-builder-el-no-sibling '><span class='hr-inner '><span class=\"hr-inner-style\"><\/span><\/span><\/div>\n<p>Zur F\u00f6rderung sozial-emotionaler Entwicklung gibt es viele Bilderb\u00fccher, die zwischenmenschliches Handeln thematisieren. Die Geschichten liefern gute Ans\u00e4tze f\u00fcr gemeinsame Gespr\u00e4che. Am meisten k\u00f6nnen Sie jedoch mit Ihrem <strong>Vorbild<\/strong> im Alltagsleben bewirken. Von Ihnen schauen die Kinder ab, wie sie r\u00fccksichtvoll miteinander umgehen. Diese <strong>soziale Resonanz<\/strong> ist wohl der effektivste Weg, durch den Ihre Kinder empathische F\u00e4higkeiten entwickeln.<\/p>\n<\/div><\/section><\/div>\n\n<style type=\"text\/css\" data-created_by=\"avia_inline_auto\" id=\"style-css-av-jkuvdh82-5-9f00cca5a4f75cc316477ce0e5a20959\">\n#top .hr.av-jkuvdh82-5-9f00cca5a4f75cc316477ce0e5a20959{\nmargin-top:10px;\nmargin-bottom:10px;\n}\n.hr.av-jkuvdh82-5-9f00cca5a4f75cc316477ce0e5a20959 .hr-inner{\nwidth:500;\n}\n<\/style>\n<div  class='hr av-jkuvdh82-5-9f00cca5a4f75cc316477ce0e5a20959 hr-custom  avia-builder-el-55  el_after_av_one_full  el_before_av_one_full  hr-left hr-icon-no'><span class='hr-inner inner-border-av-border-none'><span class=\"hr-inner-style\"><\/span><\/span><\/div>\n\n<style type=\"text\/css\" data-created_by=\"avia_inline_auto\" id=\"style-css-av-jley1l06-be8863a15e87d33f314fbd4b76b14014\">\n.flex_column.av-jley1l06-be8863a15e87d33f314fbd4b76b14014{\nborder-radius:0px 0px 0px 0px;\npadding:10px 10px 10px 10px;\nbackground-color:#f2f2f2;\n}\n<\/style>\n<div  class='flex_column av-jley1l06-be8863a15e87d33f314fbd4b76b14014 av_one_full  avia-builder-el-56  el_after_av_hr  el_before_av_one_full  first flex_column_div  '     ><section  class='av_textblock_section av-jkuvcso3-2-7deb2326236fb5c41742899c1ad953fa '  ><div class='avia_textblock' ><p class=\"fussnoten-quellen\"><strong>Lesestoff: <\/strong><\/p>\n<p class=\"fussnoten-quellen\">Joachim Bauer: Prinzip Menschlichkeit. Warum wir von Natur aus kooperieren. M\u00fcnchen: Heyne 2008.<\/p>\n<p class=\"fussnoten-quellen\">Monika B\u00fccken-Schaal: 30 Gef\u00fchlekarten f\u00fcr Kinder. Sozial-emotionale Entwicklung f\u00f6rdern. M\u00fcnchen: Don Bosco 2021.<\/p>\n<p class=\"fussnoten-quellen\">Gabriele Haug-Schnabel, Joachim Bensel: Grundlagen der Entwicklungspsychologie. Die ersten 10 Lebensjahre. Freiburg: Herder 2017.<\/p>\n<p class=\"fussnoten-quellen\">Jesper Juul: Aggression. Warum sie f\u00fcr uns und unsere Kinder notwendig ist. Frankfurt: Fischer 2013.<\/p>\n<p class=\"fussnoten-quellen\">Marion Sonnenmoser: Aggressive Kinder und Jugendliche. Mangel an evidenzbasierten Interventionen. In: Deutsches \u00c4rzteblatt, PP, Heft 7, Juli 2011, S. 325 \u2013 329.<\/p>\n<\/div><\/section><\/div>\n\n<style type=\"text\/css\" data-created_by=\"avia_inline_auto\" id=\"style-css-av-3sr7dp-63a009b946dbb9101079cdd90ad37bf2\">\n.flex_column.av-3sr7dp-63a009b946dbb9101079cdd90ad37bf2{\nborder-radius:0px 0px 0px 0px;\npadding:10px 10px 10px 10px;\n}\n<\/style>\n<div  class='flex_column av-3sr7dp-63a009b946dbb9101079cdd90ad37bf2 av_one_full  avia-builder-el-58  el_after_av_one_full  el_before_av_one_full  first flex_column_div  column-top-margin'     ><section  class='av_textblock_section av-363vj1-ca01917d8e6454fd53046ef694187e76 '  ><div class='avia_textblock' ><p class=\"copyright\"><strong>\u00a9 Copyright \u2013 Urheberrechtshinweis<\/strong><br \/>\nAlle Inhalte auf www.backwinkel.de sowie www.backwinkel.de\/blog, insbesondere Texte, Fotografien und Grafiken, sind urheberrechtlich gesch\u00fctzt.<br \/>\nDas Urheberrecht liegt, soweit nicht ausdr\u00fccklich anders gekennzeichnet, bei der BACKWINKEL GmbH. Bitte fragen Sie uns, falls Sie die Inhalte dieses Internetangebotes verwenden m\u00f6chten.<br \/>\nWer gegen das Urheberrecht verst\u00f6\u00dft (z. B. Bilder oder Texte unerlaubt kopiert), macht sich gem. \u00a7\u00a7 106 ff UrhG strafbar, wird zudem kostenpflichtig abgemahnt und muss Schadensersatz leisten (\u00a7 97 UrhG).<\/p>\n<\/div><\/section><\/div>\n\n<style type=\"text\/css\" data-created_by=\"avia_inline_auto\" id=\"style-css-av-1p82t-b0e9719fe6c67aa5c6d1abf813961e55\">\n.flex_column.av-1p82t-b0e9719fe6c67aa5c6d1abf813961e55{\nborder-radius:0px 0px 0px 0px;\npadding:0px 0px 0px 0px;\n}\n<\/style>\n<div  class='flex_column av-1p82t-b0e9719fe6c67aa5c6d1abf813961e55 av_one_full  avia-builder-el-60  el_after_av_one_full  avia-builder-el-last  first flex_column_div av-zero-column-padding  column-top-margin'     ><p><section  class='av_textblock_section av-jlp4hxqo-91baaad30cd61f89630d15f8561d1750 '  ><div class='avia_textblock' ><div class=\"shariff shariff-align-left shariff-widget-align-left\"><ul class=\"shariff-buttons theme-color orientation-horizontal buttonsize-medium\"><li class=\"shariff-button whatsapp shariff-nocustomcolor\" style=\"background-color:#5cbe4a\"><a href=\"https:\/\/api.whatsapp.com\/send?text=https%3A%2F%2Fwww.backwinkel.de%2Fblog%2Fempathie%2F%20Entwicklungsziel%20Empathie%3A\" title=\"Bei Whatsapp teilen\" aria-label=\"Bei Whatsapp teilen\" role=\"button\" rel=\"noopener nofollow\" class=\"shariff-link\" style=\"; background-color:#34af23; color:#fff\" target=\"_blank\"><span class=\"shariff-icon\" style=\"\"><svg width=\"32px\" height=\"20px\" xmlns=\"http:\/\/www.w3.org\/2000\/svg\" viewBox=\"0 0 32 32\"><path fill=\"#34af23\" d=\"M17.6 17.4q0.2 0 1.7 0.8t1.6 0.9q0 0.1 0 0.3 0 0.6-0.3 1.4-0.3 0.7-1.3 1.2t-1.8 0.5q-1 0-3.4-1.1-1.7-0.8-3-2.1t-2.6-3.3q-1.3-1.9-1.3-3.5v-0.1q0.1-1.6 1.3-2.8 0.4-0.4 0.9-0.4 0.1 0 0.3 0t0.3 0q0.3 0 0.5 0.1t0.3 0.5q0.1 0.4 0.6 1.6t0.4 1.3q0 0.4-0.6 1t-0.6 0.8q0 0.1 0.1 0.3 0.6 1.3 1.8 2.4 1 0.9 2.7 1.8 0.2 0.1 0.4 0.1 0.3 0 1-0.9t0.9-0.9zM14 26.9q2.3 0 4.3-0.9t3.6-2.4 2.4-3.6 0.9-4.3-0.9-4.3-2.4-3.6-3.6-2.4-4.3-0.9-4.3 0.9-3.6 2.4-2.4 3.6-0.9 4.3q0 3.6 2.1 6.6l-1.4 4.2 4.3-1.4q2.8 1.9 6.2 1.9zM14 2.2q2.7 0 5.2 1.1t4.3 2.9 2.9 4.3 1.1 5.2-1.1 5.2-2.9 4.3-4.3 2.9-5.2 1.1q-3.5 0-6.5-1.7l-7.4 2.4 2.4-7.2q-1.9-3.2-1.9-6.9 0-2.7 1.1-5.2t2.9-4.3 4.3-2.9 5.2-1.1z\"\/><\/svg><\/span><span class=\"shariff-text\">teilen<\/span>&nbsp;<\/a><\/li><li class=\"shariff-button facebook shariff-nocustomcolor\" style=\"background-color:#4273c8\"><a href=\"https:\/\/www.facebook.com\/sharer\/sharer.php?u=https%3A%2F%2Fwww.backwinkel.de%2Fblog%2Fempathie%2F\" title=\"Bei Facebook teilen\" aria-label=\"Bei Facebook teilen\" role=\"button\" rel=\"nofollow\" class=\"shariff-link\" style=\"; background-color:#3b5998; color:#fff\" target=\"_blank\"><span class=\"shariff-icon\" style=\"\"><svg width=\"32px\" height=\"20px\" xmlns=\"http:\/\/www.w3.org\/2000\/svg\" viewBox=\"0 0 18 32\"><path fill=\"#3b5998\" d=\"M17.1 0.2v4.7h-2.8q-1.5 0-2.1 0.6t-0.5 1.9v3.4h5.2l-0.7 5.3h-4.5v13.6h-5.5v-13.6h-4.5v-5.3h4.5v-3.9q0-3.3 1.9-5.2t5-1.8q2.6 0 4.1 0.2z\"\/><\/svg><\/span><span class=\"shariff-text\">teilen<\/span>&nbsp;<\/a><\/li><li class=\"shariff-button twitter shariff-nocustomcolor\" style=\"background-color:#595959\"><a href=\"https:\/\/twitter.com\/share?url=https%3A%2F%2Fwww.backwinkel.de%2Fblog%2Fempathie%2F&text=Entwicklungsziel%20Empathie%3A\" title=\"Bei X teilen\" aria-label=\"Bei X teilen\" role=\"button\" rel=\"noopener nofollow\" class=\"shariff-link\" style=\"; background-color:#000; color:#fff\" target=\"_blank\"><span class=\"shariff-icon\" style=\"\"><svg width=\"32px\" height=\"20px\" xmlns=\"http:\/\/www.w3.org\/2000\/svg\" viewBox=\"0 0 24 24\"><path fill=\"#000\" d=\"M14.258 10.152L23.176 0h-2.113l-7.747 8.813L7.133 0H0l9.352 13.328L0 23.973h2.113l8.176-9.309 6.531 9.309h7.133zm-2.895 3.293l-.949-1.328L2.875 1.56h3.246l6.086 8.523.945 1.328 7.91 11.078h-3.246zm0 0\"\/><\/svg><\/span><span class=\"shariff-text\">teilen<\/span>&nbsp;<\/a><\/li><li class=\"shariff-button pinterest shariff-nocustomcolor\" style=\"background-color:#e70f18\"><a href=\"https:\/\/www.pinterest.com\/pin\/create\/link\/?url=https%3A%2F%2Fwww.backwinkel.de%2Fblog%2Fempathie%2F&media=https%3A%2F%2Fwww.backwinkel.de%2Fblog%2Fwp-content%2Fuploads%2F2021%2F05%2Fbackwinkel-blog-entwicklungsziel-empathie-heroimage.jpg&description=Entwicklungsziel%20Empathie%3A\" title=\"Bei Pinterest pinnen\" aria-label=\"Bei Pinterest pinnen\" role=\"button\" rel=\"noopener nofollow\" class=\"shariff-link\" style=\"; background-color:#cb2027; color:#fff\" target=\"_blank\"><span class=\"shariff-icon\" style=\"\"><svg width=\"32px\" height=\"20px\" xmlns=\"http:\/\/www.w3.org\/2000\/svg\" viewBox=\"0 0 27 32\"><path fill=\"#cb2027\" d=\"M27.4 16q0 3.7-1.8 6.9t-5 5-6.9 1.9q-2 0-3.9-0.6 1.1-1.7 1.4-2.9 0.2-0.6 1-3.8 0.4 0.7 1.3 1.2t2 0.5q2.1 0 3.8-1.2t2.7-3.4 0.9-4.8q0-2-1.1-3.8t-3.1-2.9-4.5-1.2q-1.9 0-3.5 0.5t-2.8 1.4-2 2-1.2 2.3-0.4 2.4q0 1.9 0.7 3.3t2.1 2q0.5 0.2 0.7-0.4 0-0.1 0.1-0.5t0.2-0.5q0.1-0.4-0.2-0.8-0.9-1.1-0.9-2.7 0-2.7 1.9-4.6t4.9-2q2.7 0 4.2 1.5t1.5 3.8q0 3-1.2 5.2t-3.1 2.1q-1.1 0-1.7-0.8t-0.4-1.9q0.1-0.6 0.5-1.7t0.5-1.8 0.2-1.4q0-0.9-0.5-1.5t-1.4-0.6q-1.1 0-1.9 1t-0.8 2.6q0 1.3 0.4 2.2l-1.8 7.5q-0.3 1.2-0.2 3.2-3.7-1.6-6-5t-2.3-7.6q0-3.7 1.9-6.9t5-5 6.9-1.9 6.9 1.9 5 5 1.8 6.9z\"\/><\/svg><\/span><span class=\"shariff-text\">merken<\/span>&nbsp;<\/a><\/li><li class=\"shariff-button mailto shariff-nocustomcolor\" style=\"background-color:#a8a8a8\"><a href=\"mailto:?body=https%3A%2F%2Fwww.backwinkel.de%2Fblog%2Fempathie%2F&subject=Entwicklungsziel%20Empathie%3A\" title=\"Per E-Mail versenden\" aria-label=\"Per E-Mail versenden\" role=\"button\" rel=\"noopener nofollow\" class=\"shariff-link\" style=\"; background-color:#999; color:#fff\"><span class=\"shariff-icon\" style=\"\"><svg width=\"32px\" height=\"20px\" xmlns=\"http:\/\/www.w3.org\/2000\/svg\" viewBox=\"0 0 32 32\"><path fill=\"#999\" d=\"M32 12.7v14.2q0 1.2-0.8 2t-2 0.9h-26.3q-1.2 0-2-0.9t-0.8-2v-14.2q0.8 0.9 1.8 1.6 6.5 4.4 8.9 6.1 1 0.8 1.6 1.2t1.7 0.9 2 0.4h0.1q0.9 0 2-0.4t1.7-0.9 1.6-1.2q3-2.2 8.9-6.1 1-0.7 1.8-1.6zM32 7.4q0 1.4-0.9 2.7t-2.2 2.2q-6.7 4.7-8.4 5.8-0.2 0.1-0.7 0.5t-1 0.7-0.9 0.6-1.1 0.5-0.9 0.2h-0.1q-0.4 0-0.9-0.2t-1.1-0.5-0.9-0.6-1-0.7-0.7-0.5q-1.6-1.1-4.7-3.2t-3.6-2.6q-1.1-0.7-2.1-2t-1-2.5q0-1.4 0.7-2.3t2.1-0.9h26.3q1.2 0 2 0.8t0.9 2z\"\/><\/svg><\/span><span class=\"shariff-text\">E-Mail<\/span>&nbsp;<\/a><\/li><\/ul><\/div>\n<\/div><\/section><br \/>\n<div  class='tabcontainer av-jlq8shhr-b676e11701d9718d755b04dc68ac4c10 top_tab  avia-builder-el-62  el_after_av_textblock  el_before_av_hr '>\n<section class='av_tab_section av_tab_section av-4w8jsn-17d4c89754803ac141d68451b8b1d1a6' ><div id='tab-id-1-tab' class='tab active_tab' role='tab' aria-selected=\"true\" tabindex=\"0\" data-fake-id='#tab-id-1' aria-controls='tab-id-1-content' >Das BACKWINKEL-Blog-Team:<\/div><div id='tab-id-1-content' class='tab_content active_tab_content' role='tabpanel' aria-labelledby='tab-id-1-tab' aria-hidden=\"false\"><div class='tab_inner_content invers-color' ><p><img decoding=\"async\" class=\"wp-image-1768 alignleft\" title=\"BACKWINKEL-Blog \u2013 Das Team\" src=\"https:\/\/blog.backwinkel.de\/wp-content\/uploads\/2018\/10\/backwinkel-blog-autorenbox-intern_preview-300x198.jpg\" alt=\"\" width=\"300\" height=\"198\" \/>Gibts auch ein Gesicht hinter dem BACKWINKEL-Blog? Ja. Vier ?. Drei davon sogar mit Foto.<\/p>\n<p><span style=\"font-style: inherit !important; font-weight: inherit !important;\">Wir \u2013 Lukas, Tatjana, Stefan und Christine \u2013 bespielen unseren Blog unter dem Motto LACHEN LESEN LERNEN. <\/span><\/p>\n<p><span style=\"font-style: inherit !important; font-weight: inherit !important;\">Lukas kennt sich online so gut aus wie in seiner Westentasche und findet immer spannende Themen, w\u00e4hrend Stefan unseren Beitr\u00e4gen den passenden gestalterischen Rahmen gibt und Tatjana mit dem gr\u00fcnen Korrekturstift alles pr\u00fcfend be\u00e4ugt, was unsere Autorin Christine (und gern auch Gastautoren) f\u00fcr den BACKWINKEL-Blog nach ordentlicher Recherche schreibt.<\/span><\/p>\n<p>Gemeinsam suchen wir st\u00e4ndig nach neuen, aufregenden Themen rund um das Thema Bildung im Kiga, der Schule und zu Hause. Und weil Sie da an der Quelle sitzen, freuen wir uns auf Ihre konstruktiven R\u00fcckmeldungen und Anregungen an <a href=\"mailto:blog@backwinkel.de\">blog@backwinkel.de<\/a><\/p>\n<p>Viel Spa\u00df beim LACHEN LESEN LERNEN!<\/p>\n<\/div><\/div><\/section>\n<\/div><br \/>\n\n<style type=\"text\/css\" data-created_by=\"avia_inline_auto\" id=\"style-css-av-jkuvdh82-1-38174a178115d53a20dded2140bc52ff\">\n#top .hr.av-jkuvdh82-1-38174a178115d53a20dded2140bc52ff{\nmargin-top:10px;\nmargin-bottom:10px;\n}\n.hr.av-jkuvdh82-1-38174a178115d53a20dded2140bc52ff .hr-inner{\nwidth:500;\n}\n<\/style>\n<div  class='hr av-jkuvdh82-1-38174a178115d53a20dded2140bc52ff hr-custom  avia-builder-el-63  el_after_av_tab_container  el_before_av_heading  hr-left hr-icon-no'><span class='hr-inner inner-border-av-border-thin'><span class=\"hr-inner-style\"><\/span><\/span><\/div><br \/>\n\n<style type=\"text\/css\" data-created_by=\"avia_inline_auto\" id=\"style-css-av-2kvx4l-26cf26738d77db581bfabf51b88b95c5\">\n#top .av-special-heading.av-2kvx4l-26cf26738d77db581bfabf51b88b95c5{\npadding-bottom:10px;\n}\nbody .av-special-heading.av-2kvx4l-26cf26738d77db581bfabf51b88b95c5 .av-special-heading-tag .heading-char{\nfont-size:25px;\n}\n.av-special-heading.av-2kvx4l-26cf26738d77db581bfabf51b88b95c5 .av-subheading{\nfont-size:15px;\n}\n<\/style>\n<div  class='av-special-heading av-2kvx4l-26cf26738d77db581bfabf51b88b95c5 av-special-heading-h3 blockquote modern-quote  avia-builder-el-64  el_after_av_hr  el_before_av_blog '><h3 class='av-special-heading-tag '  >PASSENDE BEITR\u00c4GE<\/h3><div class=\"special-heading-border\"><div class=\"special-heading-inner-border\"><\/div><\/div><\/div><br \/>\n<div  data-slideshow-options=\"{&quot;animation&quot;:&quot;fade&quot;,&quot;autoplay&quot;:false,&quot;loop_autoplay&quot;:&quot;once&quot;,&quot;interval&quot;:5,&quot;loop_manual&quot;:&quot;manual-endless&quot;,&quot;autoplay_stopper&quot;:false,&quot;noNavigation&quot;:false,&quot;show_slide_delay&quot;:90}\" class='avia-content-slider avia-content-grid-active avia-content-slider1 avia-content-slider-odd  avia-builder-el-65  el_after_av_heading  avia-builder-el-last  av-slideshow-ui av-control-default   av-no-slider-navigation av-slideshow-manual av-loop-once av-loop-manual-endless ' ><div class=\"avia-content-slider-inner\"><div class=\"slide-entry-wrap\"><article class='slide-entry flex_column  post-entry post-entry-18633 slide-entry-overview slide-loop-1 slide-parity-odd  av_one_third first real-thumbnail posttype-post post-format-standard' ><a href='https:\/\/www.backwinkel.de\/blog\/plastik-recyceln\/' data-rel='slide-1' class='slide-image' title='Plastik recyceln'><img decoding=\"async\" fetchpriority=\"high\" width=\"1200\" height=\"628\" src=\"https:\/\/www.backwinkel.de\/blog\/wp-content\/uploads\/2026\/04\/04_Kiga_Plastik_nachhaltig_nutzen.jpg\" class=\"wp-image-18713 avia-img-lazy-loading-not-18713 attachment-no scaling size-no scaling wp-post-image\" alt=\"\" \/><\/a><div class=\"slide-content\"><header class=\"entry-content-header\" aria-label=\"Slide: Plastik recyceln\"><h3 class='slide-entry-title entry-title ' ><a href='https:\/\/www.backwinkel.de\/blog\/plastik-recyceln\/' title='Plastik recyceln'>Plastik recyceln<\/a><\/h3><span class=\"blog-categories minor-meta\"><a href=\"https:\/\/www.backwinkel.de\/blog\/category\/kindergarten-kita\/\" rel=\"tag\">Kindergarten<\/a> <\/span><span class=\"av-vertical-delimiter\"><\/span><\/header><div class='slide-entry-excerpt entry-content' >Biokunststoff f\u00fcr St\u00fchle, Materialboxen, Spielzeug und Rucks\u00e4cke<\/div><\/div><footer class=\"entry-footer\"><div class=\"slide-meta\"><time class='slide-meta-time updated' >14. April 2026<\/time><\/div><\/footer><\/article><article class='slide-entry flex_column  post-entry post-entry-18716 slide-entry-overview slide-loop-2 slide-parity-even  av_one_third  real-thumbnail posttype-post post-format-standard' ><a href='https:\/\/www.backwinkel.de\/blog\/rechnen-im-anfangsunterricht\/' data-rel='slide-1' class='slide-image' title='Rechnen im Anfangsunterricht'><img decoding=\"async\" fetchpriority=\"high\" width=\"1200\" height=\"628\" src=\"https:\/\/www.backwinkel.de\/blog\/wp-content\/uploads\/2026\/04\/04_Schule_Rechnen_anfangsunterricht.jpg\" class=\"wp-image-18748 avia-img-lazy-loading-not-18748 attachment-no scaling size-no scaling wp-post-image\" alt=\"\" \/><\/a><div class=\"slide-content\"><header class=\"entry-content-header\" aria-label=\"Slide: Rechnen im Anfangsunterricht\"><h3 class='slide-entry-title entry-title ' ><a href='https:\/\/www.backwinkel.de\/blog\/rechnen-im-anfangsunterricht\/' title='Rechnen im Anfangsunterricht'>Rechnen im Anfangsunterricht<\/a><\/h3><span class=\"blog-categories minor-meta\"><a href=\"https:\/\/www.backwinkel.de\/blog\/category\/schule-grundschule\/\" rel=\"tag\">Schule<\/a> <\/span><span class=\"av-vertical-delimiter\"><\/span><\/header><div class='slide-entry-excerpt entry-content' >Das Klassenzimmer als Lernlandschaft<\/div><\/div><footer class=\"entry-footer\"><div class=\"slide-meta\"><time class='slide-meta-time updated' >14. April 2026<\/time><\/div><\/footer><\/article><article class='slide-entry flex_column  post-entry post-entry-18372 slide-entry-overview slide-loop-3 slide-parity-odd  post-entry-last  av_one_third  real-thumbnail posttype-post post-format-standard' ><a href='https:\/\/www.backwinkel.de\/blog\/kranke-kinder-im-kindergarten\/' data-rel='slide-1' class='slide-image' title='Kranke Kinder im Kindergarten'><img decoding=\"async\" fetchpriority=\"high\" width=\"1200\" height=\"628\" src=\"https:\/\/www.backwinkel.de\/blog\/wp-content\/uploads\/2026\/03\/03_Kiga_Kranke_Kinder.jpg\" class=\"wp-image-18451 avia-img-lazy-loading-not-18451 attachment-no scaling size-no scaling wp-post-image\" alt=\"Thema: Kranke Kinder. Auf dem Bild ist ein krankes kleines M\u00e4dchen zu sehen. Eine Frau mit einem Fieberthermometer in der Hand sitzt neben ihr und hat die Hand auf der Stirn des M\u00e4dchens.\" \/><\/a><div class=\"slide-content\"><header class=\"entry-content-header\" aria-label=\"Slide: Kranke Kinder im Kindergarten\"><h3 class='slide-entry-title entry-title ' ><a href='https:\/\/www.backwinkel.de\/blog\/kranke-kinder-im-kindergarten\/' title='Kranke Kinder im Kindergarten'>Kranke Kinder im Kindergarten<\/a><\/h3><span class=\"blog-categories minor-meta\"><a href=\"https:\/\/www.backwinkel.de\/blog\/category\/kindergarten-kita\/\" rel=\"tag\">Kindergarten<\/a> <\/span><span class=\"av-vertical-delimiter\"><\/span><\/header><div class='slide-entry-excerpt entry-content' >Auswirkungen f\u00fcr Kinder, Eltern und Fachkr\u00e4fte<\/div><\/div><footer class=\"entry-footer\"><div class=\"slide-meta\"><time class='slide-meta-time updated' >9. M\u00e4rz 2026<\/time><\/div><\/footer><\/article><\/div><\/div><\/div><\/p><\/div>\n","protected":false},"excerpt":{"rendered":"<p>Wie Sie die emotionale Kompetenz von Kindern f\u00f6rdern <\/p>\n","protected":false},"author":3,"featured_media":7091,"comment_status":"closed","ping_status":"closed","sticky":false,"template":"","format":"standard","meta":{"inline_featured_image":false,"footnotes":""},"categories":[5],"tags":[],"class_list":["post-7053","post","type-post","status-publish","format-standard","has-post-thumbnail","hentry","category-kindergarten-kita"],"yoast_head":"<!-- This site is optimized with the Yoast SEO plugin v27.4 - https:\/\/yoast.com\/product\/yoast-seo-wordpress\/ -->\n<title>Empathie &amp; emotionale Kompetenz bei Kindern f\u00f6rdern | BACKWINKEL Blog<\/title>\n<meta name=\"description\" content=\"Entwicklungsziel Empathie: Wie Sie die emotionale Kompetenz von Kindern f\u00f6rdern + Malvorlagen zum Ausdrucken \u2713 Praxis-Tipps \u2713 Jetzt lesen!\" \/>\n<meta name=\"robots\" content=\"index, follow, max-snippet:-1, max-image-preview:large, max-video-preview:-1\" \/>\n<link rel=\"canonical\" href=\"https:\/\/www.backwinkel.de\/blog\/empathie\/\" \/>\n<meta property=\"og:locale\" content=\"de_DE\" \/>\n<meta property=\"og:type\" content=\"article\" \/>\n<meta property=\"og:title\" content=\"Empathie &amp; emotionale Kompetenz bei Kindern f\u00f6rdern | BACKWINKEL Blog\" \/>\n<meta property=\"og:description\" content=\"Entwicklungsziel Empathie: Wie Sie die emotionale Kompetenz von Kindern f\u00f6rdern + Malvorlagen zum Ausdrucken \u2713 Praxis-Tipps \u2713 Jetzt lesen!\" \/>\n<meta property=\"og:url\" content=\"https:\/\/www.backwinkel.de\/blog\/empathie\/\" \/>\n<meta property=\"og:site_name\" content=\"BACKWINKEL Blog\" \/>\n<meta property=\"article:published_time\" content=\"2021-06-07T07:59:46+00:00\" \/>\n<meta property=\"article:modified_time\" content=\"2026-04-22T13:06:48+00:00\" \/>\n<meta property=\"og:image\" content=\"https:\/\/www.backwinkel.de\/blog\/wp-content\/uploads\/2021\/05\/backwinkel-blog-entwicklungsziel-empathie-heroimage.jpg\" \/>\n\t<meta property=\"og:image:width\" content=\"1200\" \/>\n\t<meta property=\"og:image:height\" content=\"628\" \/>\n\t<meta property=\"og:image:type\" content=\"image\/jpeg\" \/>\n<meta name=\"author\" content=\"BACKWINKEL\" \/>\n<meta name=\"twitter:card\" content=\"summary_large_image\" \/>\n<meta name=\"twitter:label1\" content=\"Verfasst von\" \/>\n\t<meta name=\"twitter:data1\" content=\"BACKWINKEL\" \/>\n\t<meta name=\"twitter:label2\" content=\"Gesch\u00e4tzte Lesezeit\" \/>\n\t<meta name=\"twitter:data2\" content=\"14\u00a0Minuten\" \/>\n<script type=\"application\/ld+json\" class=\"yoast-schema-graph\">{\"@context\":\"https:\\\/\\\/schema.org\",\"@graph\":[{\"@type\":\"Article\",\"@id\":\"https:\\\/\\\/www.backwinkel.de\\\/blog\\\/empathie\\\/#article\",\"isPartOf\":{\"@id\":\"https:\\\/\\\/www.backwinkel.de\\\/blog\\\/empathie\\\/\"},\"author\":{\"name\":\"BACKWINKEL\",\"@id\":\"https:\\\/\\\/www.backwinkel.de\\\/blog\\\/#\\\/schema\\\/person\\\/3d64575316540d25f7866264a4b7cd24\"},\"headline\":\"Entwicklungsziel Empathie:\",\"datePublished\":\"2021-06-07T07:59:46+00:00\",\"dateModified\":\"2026-04-22T13:06:48+00:00\",\"mainEntityOfPage\":{\"@id\":\"https:\\\/\\\/www.backwinkel.de\\\/blog\\\/empathie\\\/\"},\"wordCount\":5928,\"image\":{\"@id\":\"https:\\\/\\\/www.backwinkel.de\\\/blog\\\/empathie\\\/#primaryimage\"},\"thumbnailUrl\":\"https:\\\/\\\/www.backwinkel.de\\\/blog\\\/wp-content\\\/uploads\\\/2021\\\/05\\\/backwinkel-blog-entwicklungsziel-empathie-heroimage.jpg\",\"articleSection\":[\"Kindergarten\"],\"inLanguage\":\"de\"},{\"@type\":\"WebPage\",\"@id\":\"https:\\\/\\\/www.backwinkel.de\\\/blog\\\/empathie\\\/\",\"url\":\"https:\\\/\\\/www.backwinkel.de\\\/blog\\\/empathie\\\/\",\"name\":\"Empathie & emotionale Kompetenz bei Kindern f\u00f6rdern | BACKWINKEL Blog\",\"isPartOf\":{\"@id\":\"https:\\\/\\\/www.backwinkel.de\\\/blog\\\/#website\"},\"primaryImageOfPage\":{\"@id\":\"https:\\\/\\\/www.backwinkel.de\\\/blog\\\/empathie\\\/#primaryimage\"},\"image\":{\"@id\":\"https:\\\/\\\/www.backwinkel.de\\\/blog\\\/empathie\\\/#primaryimage\"},\"thumbnailUrl\":\"https:\\\/\\\/www.backwinkel.de\\\/blog\\\/wp-content\\\/uploads\\\/2021\\\/05\\\/backwinkel-blog-entwicklungsziel-empathie-heroimage.jpg\",\"datePublished\":\"2021-06-07T07:59:46+00:00\",\"dateModified\":\"2026-04-22T13:06:48+00:00\",\"author\":{\"@id\":\"https:\\\/\\\/www.backwinkel.de\\\/blog\\\/#\\\/schema\\\/person\\\/3d64575316540d25f7866264a4b7cd24\"},\"description\":\"Entwicklungsziel Empathie: Wie Sie die emotionale Kompetenz von Kindern f\u00f6rdern + Malvorlagen zum Ausdrucken \u2713 Praxis-Tipps \u2713 Jetzt lesen!\",\"breadcrumb\":{\"@id\":\"https:\\\/\\\/www.backwinkel.de\\\/blog\\\/empathie\\\/#breadcrumb\"},\"inLanguage\":\"de\",\"potentialAction\":[{\"@type\":\"ReadAction\",\"target\":[\"https:\\\/\\\/www.backwinkel.de\\\/blog\\\/empathie\\\/\"]}]},{\"@type\":\"ImageObject\",\"inLanguage\":\"de\",\"@id\":\"https:\\\/\\\/www.backwinkel.de\\\/blog\\\/empathie\\\/#primaryimage\",\"url\":\"https:\\\/\\\/www.backwinkel.de\\\/blog\\\/wp-content\\\/uploads\\\/2021\\\/05\\\/backwinkel-blog-entwicklungsziel-empathie-heroimage.jpg\",\"contentUrl\":\"https:\\\/\\\/www.backwinkel.de\\\/blog\\\/wp-content\\\/uploads\\\/2021\\\/05\\\/backwinkel-blog-entwicklungsziel-empathie-heroimage.jpg\",\"width\":1200,\"height\":628},{\"@type\":\"BreadcrumbList\",\"@id\":\"https:\\\/\\\/www.backwinkel.de\\\/blog\\\/empathie\\\/#breadcrumb\",\"itemListElement\":[{\"@type\":\"ListItem\",\"position\":1,\"name\":\"Startseite\",\"item\":\"https:\\\/\\\/blog.backwinkel.de\\\/aktuelles\\\/\"},{\"@type\":\"ListItem\",\"position\":2,\"name\":\"Entwicklungsziel Empathie:\"}]},{\"@type\":\"WebSite\",\"@id\":\"https:\\\/\\\/www.backwinkel.de\\\/blog\\\/#website\",\"url\":\"https:\\\/\\\/www.backwinkel.de\\\/blog\\\/\",\"name\":\"BACKWINKEL Blog\",\"description\":\"f\u00fcr Lehrer, Erzieher und Eltern\",\"potentialAction\":[{\"@type\":\"SearchAction\",\"target\":{\"@type\":\"EntryPoint\",\"urlTemplate\":\"https:\\\/\\\/www.backwinkel.de\\\/blog\\\/?s={search_term_string}\"},\"query-input\":{\"@type\":\"PropertyValueSpecification\",\"valueRequired\":true,\"valueName\":\"search_term_string\"}}],\"inLanguage\":\"de\"},{\"@type\":\"Person\",\"@id\":\"https:\\\/\\\/www.backwinkel.de\\\/blog\\\/#\\\/schema\\\/person\\\/3d64575316540d25f7866264a4b7cd24\",\"name\":\"BACKWINKEL\",\"sameAs\":[\"http:\\\/\\\/www.backwinkel.de\"],\"url\":\"https:\\\/\\\/www.backwinkel.de\\\/blog\\\/author\\\/backwinkel\\\/\"}]}<\/script>\n<!-- \/ Yoast SEO plugin. -->","yoast_head_json":{"title":"Empathie & emotionale Kompetenz bei Kindern f\u00f6rdern | BACKWINKEL Blog","description":"Entwicklungsziel Empathie: Wie Sie die emotionale Kompetenz von Kindern f\u00f6rdern + Malvorlagen zum Ausdrucken \u2713 Praxis-Tipps \u2713 Jetzt lesen!","robots":{"index":"index","follow":"follow","max-snippet":"max-snippet:-1","max-image-preview":"max-image-preview:large","max-video-preview":"max-video-preview:-1"},"canonical":"https:\/\/www.backwinkel.de\/blog\/empathie\/","og_locale":"de_DE","og_type":"article","og_title":"Empathie & emotionale Kompetenz bei Kindern f\u00f6rdern | BACKWINKEL Blog","og_description":"Entwicklungsziel Empathie: Wie Sie die emotionale Kompetenz von Kindern f\u00f6rdern + Malvorlagen zum Ausdrucken \u2713 Praxis-Tipps \u2713 Jetzt lesen!","og_url":"https:\/\/www.backwinkel.de\/blog\/empathie\/","og_site_name":"BACKWINKEL Blog","article_published_time":"2021-06-07T07:59:46+00:00","article_modified_time":"2026-04-22T13:06:48+00:00","og_image":[{"width":1200,"height":628,"url":"https:\/\/www.backwinkel.de\/blog\/wp-content\/uploads\/2021\/05\/backwinkel-blog-entwicklungsziel-empathie-heroimage.jpg","type":"image\/jpeg"}],"author":"BACKWINKEL","twitter_card":"summary_large_image","twitter_misc":{"Verfasst von":"BACKWINKEL","Gesch\u00e4tzte Lesezeit":"14\u00a0Minuten"},"schema":{"@context":"https:\/\/schema.org","@graph":[{"@type":"Article","@id":"https:\/\/www.backwinkel.de\/blog\/empathie\/#article","isPartOf":{"@id":"https:\/\/www.backwinkel.de\/blog\/empathie\/"},"author":{"name":"BACKWINKEL","@id":"https:\/\/www.backwinkel.de\/blog\/#\/schema\/person\/3d64575316540d25f7866264a4b7cd24"},"headline":"Entwicklungsziel Empathie:","datePublished":"2021-06-07T07:59:46+00:00","dateModified":"2026-04-22T13:06:48+00:00","mainEntityOfPage":{"@id":"https:\/\/www.backwinkel.de\/blog\/empathie\/"},"wordCount":5928,"image":{"@id":"https:\/\/www.backwinkel.de\/blog\/empathie\/#primaryimage"},"thumbnailUrl":"https:\/\/www.backwinkel.de\/blog\/wp-content\/uploads\/2021\/05\/backwinkel-blog-entwicklungsziel-empathie-heroimage.jpg","articleSection":["Kindergarten"],"inLanguage":"de"},{"@type":"WebPage","@id":"https:\/\/www.backwinkel.de\/blog\/empathie\/","url":"https:\/\/www.backwinkel.de\/blog\/empathie\/","name":"Empathie & emotionale Kompetenz bei Kindern f\u00f6rdern | BACKWINKEL Blog","isPartOf":{"@id":"https:\/\/www.backwinkel.de\/blog\/#website"},"primaryImageOfPage":{"@id":"https:\/\/www.backwinkel.de\/blog\/empathie\/#primaryimage"},"image":{"@id":"https:\/\/www.backwinkel.de\/blog\/empathie\/#primaryimage"},"thumbnailUrl":"https:\/\/www.backwinkel.de\/blog\/wp-content\/uploads\/2021\/05\/backwinkel-blog-entwicklungsziel-empathie-heroimage.jpg","datePublished":"2021-06-07T07:59:46+00:00","dateModified":"2026-04-22T13:06:48+00:00","author":{"@id":"https:\/\/www.backwinkel.de\/blog\/#\/schema\/person\/3d64575316540d25f7866264a4b7cd24"},"description":"Entwicklungsziel Empathie: Wie Sie die emotionale Kompetenz von Kindern f\u00f6rdern + Malvorlagen zum Ausdrucken \u2713 Praxis-Tipps \u2713 Jetzt lesen!","breadcrumb":{"@id":"https:\/\/www.backwinkel.de\/blog\/empathie\/#breadcrumb"},"inLanguage":"de","potentialAction":[{"@type":"ReadAction","target":["https:\/\/www.backwinkel.de\/blog\/empathie\/"]}]},{"@type":"ImageObject","inLanguage":"de","@id":"https:\/\/www.backwinkel.de\/blog\/empathie\/#primaryimage","url":"https:\/\/www.backwinkel.de\/blog\/wp-content\/uploads\/2021\/05\/backwinkel-blog-entwicklungsziel-empathie-heroimage.jpg","contentUrl":"https:\/\/www.backwinkel.de\/blog\/wp-content\/uploads\/2021\/05\/backwinkel-blog-entwicklungsziel-empathie-heroimage.jpg","width":1200,"height":628},{"@type":"BreadcrumbList","@id":"https:\/\/www.backwinkel.de\/blog\/empathie\/#breadcrumb","itemListElement":[{"@type":"ListItem","position":1,"name":"Startseite","item":"https:\/\/blog.backwinkel.de\/aktuelles\/"},{"@type":"ListItem","position":2,"name":"Entwicklungsziel Empathie:"}]},{"@type":"WebSite","@id":"https:\/\/www.backwinkel.de\/blog\/#website","url":"https:\/\/www.backwinkel.de\/blog\/","name":"BACKWINKEL Blog","description":"f\u00fcr Lehrer, Erzieher und Eltern","potentialAction":[{"@type":"SearchAction","target":{"@type":"EntryPoint","urlTemplate":"https:\/\/www.backwinkel.de\/blog\/?s={search_term_string}"},"query-input":{"@type":"PropertyValueSpecification","valueRequired":true,"valueName":"search_term_string"}}],"inLanguage":"de"},{"@type":"Person","@id":"https:\/\/www.backwinkel.de\/blog\/#\/schema\/person\/3d64575316540d25f7866264a4b7cd24","name":"BACKWINKEL","sameAs":["http:\/\/www.backwinkel.de"],"url":"https:\/\/www.backwinkel.de\/blog\/author\/backwinkel\/"}]}},"_links":{"self":[{"href":"https:\/\/www.backwinkel.de\/blog\/wp-json\/wp\/v2\/posts\/7053","targetHints":{"allow":["GET"]}}],"collection":[{"href":"https:\/\/www.backwinkel.de\/blog\/wp-json\/wp\/v2\/posts"}],"about":[{"href":"https:\/\/www.backwinkel.de\/blog\/wp-json\/wp\/v2\/types\/post"}],"author":[{"embeddable":true,"href":"https:\/\/www.backwinkel.de\/blog\/wp-json\/wp\/v2\/users\/3"}],"replies":[{"embeddable":true,"href":"https:\/\/www.backwinkel.de\/blog\/wp-json\/wp\/v2\/comments?post=7053"}],"version-history":[{"count":6,"href":"https:\/\/www.backwinkel.de\/blog\/wp-json\/wp\/v2\/posts\/7053\/revisions"}],"predecessor-version":[{"id":18920,"href":"https:\/\/www.backwinkel.de\/blog\/wp-json\/wp\/v2\/posts\/7053\/revisions\/18920"}],"wp:featuredmedia":[{"embeddable":true,"href":"https:\/\/www.backwinkel.de\/blog\/wp-json\/wp\/v2\/media\/7091"}],"wp:attachment":[{"href":"https:\/\/www.backwinkel.de\/blog\/wp-json\/wp\/v2\/media?parent=7053"}],"wp:term":[{"taxonomy":"category","embeddable":true,"href":"https:\/\/www.backwinkel.de\/blog\/wp-json\/wp\/v2\/categories?post=7053"},{"taxonomy":"post_tag","embeddable":true,"href":"https:\/\/www.backwinkel.de\/blog\/wp-json\/wp\/v2\/tags?post=7053"}],"curies":[{"name":"wp","href":"https:\/\/api.w.org\/{rel}","templated":true}]}}