{"id":6961,"date":"2021-05-17T10:28:28","date_gmt":"2021-05-17T08:28:28","guid":{"rendered":"https:\/\/blog.backwinkel.de\/?p=6961"},"modified":"2026-04-22T15:05:49","modified_gmt":"2026-04-22T13:05:49","slug":"programmieren-im-kindergarten","status":"publish","type":"post","link":"https:\/\/www.backwinkel.de\/blog\/programmieren-im-kindergarten\/","title":{"rendered":"Keine Angst vorm Programmieren und Coden."},"content":{"rendered":"\n<style type=\"text\/css\" data-created_by=\"avia_inline_auto\" id=\"style-css-av-8vdv8-f7e0dae999cc49bc529a70f67b346526\">\n.flex_column.av-8vdv8-f7e0dae999cc49bc529a70f67b346526{\nborder-radius:0px 0px 0px 0px;\npadding:0px 0px 0px 0px;\n}\n<\/style>\n<div  class='flex_column av-8vdv8-f7e0dae999cc49bc529a70f67b346526 av_one_full  avia-builder-el-0  el_before_av_three_fifth  avia-builder-el-first  first flex_column_div av-zero-column-padding  '     ><p>\n<style type=\"text\/css\" data-created_by=\"avia_inline_auto\" id=\"style-css-av-jl6mo8rj-605eccf9df0dce9c3ffb6a57636da99d\">\n#top .hr.hr-invisible.av-jl6mo8rj-605eccf9df0dce9c3ffb6a57636da99d{\nmargin-top:0px;\nheight:1px;\n}\n<\/style>\n<div  class='hr av-jl6mo8rj-605eccf9df0dce9c3ffb6a57636da99d hr-invisible  avia-builder-el-1  el_before_av_heading  avia-builder-el-first '><span class='hr-inner '><span class=\"hr-inner-style\"><\/span><\/span><\/div><br \/>\n\n<style type=\"text\/css\" data-created_by=\"avia_inline_auto\" id=\"style-css-av-291up6-4fe638e43a5241c1feab7de33fa1c225\">\n#top .av-special-heading.av-291up6-4fe638e43a5241c1feab7de33fa1c225{\npadding-bottom:10px;\n}\nbody .av-special-heading.av-291up6-4fe638e43a5241c1feab7de33fa1c225 .av-special-heading-tag .heading-char{\nfont-size:25px;\n}\n.av-special-heading.av-291up6-4fe638e43a5241c1feab7de33fa1c225 .av-subheading{\nfont-size:15px;\n}\n<\/style>\n<div  class='av-special-heading av-291up6-4fe638e43a5241c1feab7de33fa1c225 av-special-heading-h1 blockquote modern-quote  avia-builder-el-2  el_after_av_hr  el_before_av_post_metadata  av-linked-heading'><h1 class='av-special-heading-tag '  >Keine Angst vorm Programmieren und Coden. Alltagstaugliche, zukunftsorientierte Kompetenzen hinter furchteinfl\u00f6\u00dfenden Begriffen <\/h1><div class='av-subheading av-subheading_below'><p class=\"autorenname\">Christine Hagemann<\/p>\n<\/div><div class=\"special-heading-border\"><div class=\"special-heading-inner-border\"><\/div><\/div><\/div><br \/>\n\n<style type=\"text\/css\" data-created_by=\"avia_inline_auto\" id=\"style-css-av-5p6c5d-ec7270e48364f03abb67ed8d2f6e6cf4\">\n#top .av-post-metadata-container.av-5p6c5d-ec7270e48364f03abb67ed8d2f6e6cf4{\nfont-size:12px;\n}\n#top .av-post-metadata-container.av-5p6c5d-ec7270e48364f03abb67ed8d2f6e6cf4 .av-post-metadata-container-inner{\nfont-size:12px;\n}\n<\/style>\n<div  class='av-post-metadata-container av-5p6c5d-ec7270e48364f03abb67ed8d2f6e6cf4 av-metadata-container-align-left  avia-builder-el-3  el_after_av_heading  el_before_av_textblock  av-metadata-container-1'><div class='av-post-metadata-container-inner'><span class=\"av-post-metadata-content av-post-metadata-meta-content\"><span class=\"av-post-metadata-content av-post-metadata-modified\"><span class=\"av-metadata-before av-metadata-before-modified\">Aktualisiert:<\/span><span class=\"av-post-metadata-modified-date\" >22. April 2026<\/span><\/span><span class=\"av-post-metadata-content av-post-metadata-separator\">\/<\/span><span class=\"av-post-metadata-content av-post-metadata-modified\"><span class=\"av-metadata-before av-metadata-before-modified\">Zuletzt aktualisiert:<\/span><span class=\"av-post-metadata-modified-date\" >22. April 2026<\/span><\/span><\/span><\/div><\/div><br \/>\n\n<style type=\"text\/css\" data-created_by=\"avia_inline_auto\" id=\"style-css-av-jkuubohz-ecf12c995ca12cc59712fc95a2c77115\">\n#top .av_textblock_section.av-jkuubohz-ecf12c995ca12cc59712fc95a2c77115 .avia_textblock{\nfont-size:20px;\n}\n<\/style>\n<section  class='av_textblock_section av-jkuubohz-ecf12c995ca12cc59712fc95a2c77115 '  ><div class='avia_textblock' ><p class=\"einleitungstext-beitrag\">Seit es Maschinen gibt, tr\u00e4umen Menschen von Robotern, die das Leben erleichtern. Unsere Kinder werden sie bauen und programmieren. Was sie daf\u00fcr brauchen, lernen sie schon heute.<\/p>\n<\/div><\/section><br \/>\n\n<style type=\"text\/css\" data-created_by=\"avia_inline_auto\" id=\"style-css-av-knztrvvt-84af2f8b0fa92f98d0a74ac75cf2671a\">\n.avia-image-container.av-knztrvvt-84af2f8b0fa92f98d0a74ac75cf2671a img.avia_image{\nbox-shadow:none;\n}\n.avia-image-container.av-knztrvvt-84af2f8b0fa92f98d0a74ac75cf2671a .av-image-caption-overlay-center{\ncolor:#ffffff;\n}\n<\/style>\n<div  class='avia-image-container av-knztrvvt-84af2f8b0fa92f98d0a74ac75cf2671a av-styling- avia-align-center  avia-builder-el-5  el_after_av_textblock  el_before_av_hr '  ><div class=\"avia-image-container-inner\"><div class=\"avia-image-overlay-wrap\"><img decoding=\"async\" fetchpriority=\"high\" class='wp-image-7014 avia-img-lazy-loading-not-7014 avia_image ' src=\"https:\/\/www.backwinkel.de\/blog\/wp-content\/uploads\/2021\/04\/backwinkel-blog-mint-programmieren-kiga-heroimage_b.jpg\" alt='' title='backwinkel-blog-mint-programmieren-kiga-heroimage_b'  height=\"628\" width=\"1200\"  \/><\/div><\/div><\/div><br \/>\n\n<style type=\"text\/css\" data-created_by=\"avia_inline_auto\" id=\"style-css-av-jl6mo8rj-22-7487f0754a981739ab003e89aabaa170\">\n#top .hr.hr-invisible.av-jl6mo8rj-22-7487f0754a981739ab003e89aabaa170{\nheight:5px;\n}\n<\/style>\n<div  class='hr av-jl6mo8rj-22-7487f0754a981739ab003e89aabaa170 hr-invisible  avia-builder-el-6  el_after_av_image  el_before_av_textblock '><span class='hr-inner '><span class=\"hr-inner-style\"><\/span><\/span><\/div><br \/>\n\n<style type=\"text\/css\" data-created_by=\"avia_inline_auto\" id=\"style-css-av-jl7ql86y-b39cbdd407f95390308ed34c6b406638\">\n#top .av_textblock_section.av-jl7ql86y-b39cbdd407f95390308ed34c6b406638 .avia_textblock{\nfont-size:10px;\n}\n<\/style>\n<section  class='av_textblock_section av-jl7ql86y-b39cbdd407f95390308ed34c6b406638 '  ><div class='avia_textblock' ><p class=\"bildnennung-beitrag\" style=\"text-align: left;\">\u00a9 BACKWINKEL GmbH<\/p>\n<\/div><\/section><br \/>\n\n<style type=\"text\/css\" data-created_by=\"avia_inline_auto\" id=\"style-css-av-jl6mo8rj-20-0a5ac640218ac986cc09276001136948\">\n#top .hr.hr-invisible.av-jl6mo8rj-20-0a5ac640218ac986cc09276001136948{\nheight:20px;\n}\n<\/style>\n<div  class='hr av-jl6mo8rj-20-0a5ac640218ac986cc09276001136948 hr-invisible  avia-builder-el-8  el_after_av_textblock  el_before_av_textblock '><span class='hr-inner '><span class=\"hr-inner-style\"><\/span><\/span><\/div><br \/>\n<section  class='av_textblock_section av-jkuubohz-21-24101af7f2679478695cc1559d6184a1 '  ><div class='avia_textblock' ><p>Kita-Kinder sollen lernen, wie Programmieren funktioniert? Richtig gelesen. Wer Computer verstehen will, muss kein IT-Profi sein. Der Einstieg gelingt Kindern spielend leicht. Programmieren macht Spa\u00df, und es f\u00f6rdert viele F\u00e4higkeiten, die Kinder auch in anderen Bereichen brauchen.<\/p>\n<p>In der Welt von morgen wird Computerwissen im Alltag immer wichtiger. Da sind Ideen gefragt, wie wir Kindern die Informatik n\u00e4herbringen und einen interessanten Einstieg bieten k\u00f6nnen. Entdecken Sie im Folgenden, wie altersgerechte Konzepte schon Kita-Kinder f\u00fcr Informatik begeistern, und welche Kompetenzen das Programmieren f\u00f6rdert.<\/p>\n<p><strong>Tipp:\u00a0<\/strong>Mehr Infos rund um die <a tabindex=\"-1\" title=\"https:\/\/blog.backwinkel.de\/medienbildung-kita\/\" href=\"https:\/\/blog.backwinkel.de\/medienbildung-kita\/\" target=\"_blank\" rel=\"noreferrer noopener\">Medienbildung in der Kita<\/a> lesen Sie in unserem Blog-Beitrag.<\/p>\n<\/div><\/section><\/p><\/div>\n<style type=\"text\/css\" data-created_by=\"avia_inline_auto\" id=\"style-css-av-swqf9-6bb490ea0cbb171c9d159bb967226129\">\n.flex_column.av-swqf9-6bb490ea0cbb171c9d159bb967226129{\nborder-radius:0px 0px 0px 0px;\npadding:20px 20px 20px 20px;\nbackground-color:#f2f2f2;\n}\n<\/style>\n<div  class='flex_column av-swqf9-6bb490ea0cbb171c9d159bb967226129 av_three_fifth  avia-builder-el-10  el_after_av_one_full  el_before_av_two_fifth  first flex_column_div  column-top-margin'     ><style type=\"text\/css\" data-created_by=\"avia_inline_auto\" id=\"style-css-av-jkuua5r2-640c3cf3b5df0bb955e8036d4db6e5ca\">\n#top .av_textblock_section.av-jkuua5r2-640c3cf3b5df0bb955e8036d4db6e5ca .avia_textblock{\nfont-size:14px;\n}\n<\/style>\n<section  class='av_textblock_section av-jkuua5r2-640c3cf3b5df0bb955e8036d4db6e5ca '  ><div class='avia_textblock' ><p><strong>Inhalt<\/strong><\/p>\n<p><strong><a href=\"#1\">1. Wozu sollten Kinder das Programmieren lernen?<\/a><\/strong><\/p>\n<p><strong><a href=\"#2\">2. Was ist Informatik f\u00fcr Kinder?<\/a><\/strong><\/p>\n<p><strong><a href=\"#3\">3. Programmieren f\u00f6rdert die Medienkompetenz \u2013 und mehr<\/a><\/strong><br \/>\n3.1 Computer und Tablet als Gebrauchsgegenst\u00e4nde sehen<br \/>\n3.2 Beim Coden eine neue Art zu denken entdecken<\/p>\n<p><strong><a href=\"#4\">4. So vermitteln Sie Kindern, wie Coden funktioniert<\/a><\/strong><br \/>\n4.1 DigiKids sind fit f\u00fcr die Technik von morgen<br \/>\n4.2 Roboter spielen<br \/>\n4.3 Programmiersprache verstehen<\/p>\n<p><strong><a href=\"#5\">5. Programmieren unterst\u00fctzt die MINT-Bildung<\/a><\/strong><\/p>\n<\/div><\/section><\/div><\/p>\n\n<style type=\"text\/css\" data-created_by=\"avia_inline_auto\" id=\"style-css-av-2532d-6e1ea05e25305745634c0a02c87dc827\">\n.flex_column.av-2532d-6e1ea05e25305745634c0a02c87dc827{\nborder-radius:0px 0px 0px 0px;\npadding:0 0 0 0;\n}\n<\/style>\n<div  class='flex_column av-2532d-6e1ea05e25305745634c0a02c87dc827 av_two_fifth  avia-builder-el-12  el_after_av_three_fifth  el_before_av_sidebar  flex_column_div av-zero-column-padding  column-top-margin'     ><\/div>\n<div  class='avia-builder-widget-area clearfix  avia-builder-el-13  el_after_av_two_fifth  el_before_av_one_full '><div id=\"text-33\" class=\"widget clearfix widget_text\">\t\t\t<div class=\"textwidget\"><p><a href=\"https:\/\/www.backwinkel.de\/nachhaltig-denken\/\" target=\"\\_blank\" rel=\"noopener\"><br \/>\n<img decoding=\"async\" class=\"werbung-desktop alignnone wp-image-4186 size-full\" src=\"https:\/\/www.backwinkel.de\/blog\/wp-content\/uploads\/2026\/04\/Backwinkel-blog-werbebanner-shop-kita-schule_desktop.jpg\" alt=\"\" width=\"1251\" height=\"201\" \/><br \/>\n<\/a><br \/>\n<a href=\"https:\/\/www.backwinkel.de\/nachhaltig-denken\/\" target=\"\\_blank\" rel=\"noopener\"><br \/>\n<img decoding=\"async\" class=\"werbung-mobile alignnone wp-image-4187 size-full\" src=\"https:\/\/www.backwinkel.de\/blog\/wp-content\/uploads\/2026\/04\/Backwinkel-blog-werbebanner-shop-kiga-schule_mobile.jpg\" alt=\"\" width=\"550\" height=\"500\" \/><br \/>\n<\/a><\/p>\n<\/div>\n\t\t<\/div><\/div>\n\n<style type=\"text\/css\" data-created_by=\"avia_inline_auto\" id=\"style-css-av-hh5al-9c53459d093ff912fcc98cf97e19d753\">\n.flex_column.av-hh5al-9c53459d093ff912fcc98cf97e19d753{\nborder-radius:0px 0px 0px 0px;\npadding:0px 0px 0px 0px;\n}\n<\/style>\n<div  class='flex_column av-hh5al-9c53459d093ff912fcc98cf97e19d753 av_one_full  avia-builder-el-14  el_after_av_sidebar  el_before_av_one_full  first flex_column_div av-zero-column-padding  '     ><section  class='av_textblock_section av-jkuul0eg-47aa45f9d704d9c8972e1ddf4c471077 '  ><div class='avia_textblock' >\n<style type=\"text\/css\" data-created_by=\"avia_inline_auto\" id=\"style-css-av-7c7r8-1ad3209b7b9ea9c60cc97e362d76ea5e\">\n#top .hr.hr-invisible.av-7c7r8-1ad3209b7b9ea9c60cc97e362d76ea5e{\nheight:20px;\n}\n<\/style>\n<div  class='hr av-7c7r8-1ad3209b7b9ea9c60cc97e362d76ea5e hr-invisible  avia-builder-el-16  avia-builder-el-no-sibling '><span class='hr-inner '><span class=\"hr-inner-style\"><\/span><\/span><\/div>\n<h2 id=\"1\" class=\"position\">Wozu sollten Kinder das Programmieren lernen?<\/h2>\n<p>Manche Eltern setzen auf fr\u00fche Lernprogramme, um ihrem Nachwuchs gr\u00f6\u00dftm\u00f6gliche Chancen f\u00fcrs Leben zu sichern. Bereits Kleinkinder absolvieren Englischkurse und Mathetrainings. Und nun auch noch Informatik? Nein, <strong>Informatik f\u00fcr Kinder<\/strong> hat nichts mit verfr\u00fchter Karriereplanung zu tun. Es geht darum, Kindern grunds\u00e4tzliche Zusammenh\u00e4nge zu vermitteln, und die k\u00f6nnen schon F\u00fcnfj\u00e4hrige verstehen.<\/p>\n<p>Digitale Medien geh\u00f6ren heute selbstverst\u00e4ndlich zum Leben, auch im Alltag unserer Kinder spielen sie eine gro\u00dfe Rolle. Kinder sind fasziniert von der digitalen Welt, w\u00e4hrend Eltern sich um m\u00f6gliche Gefahren sorgen. Deshalb sollten Erziehende fr\u00fchzeitig die <strong>Medienkompetenz<\/strong> ihrer Kinder st\u00e4rken. Dazu z\u00e4hlt eben nicht nur Technikwissen: Noch wichtiger ist es, mediale Inhalte hinterfragen zu k\u00f6nnen.<\/p>\n<\/div><\/section><\/div>\n\n<style type=\"text\/css\" data-created_by=\"avia_inline_auto\" id=\"style-css-av-hh5al-19-3cb6b0c6d774d51bf1eb7d23eb264b75\">\n.flex_column.av-hh5al-19-3cb6b0c6d774d51bf1eb7d23eb264b75{\nborder-radius:0px 0px 0px 0px;\npadding:0px 0px 0px 0px;\n}\n<\/style>\n<div  class='flex_column av-hh5al-19-3cb6b0c6d774d51bf1eb7d23eb264b75 av_one_full  avia-builder-el-17  el_after_av_one_full  el_before_av_one_full  first flex_column_div av-zero-column-padding  column-top-margin'     ><section  class='av_textblock_section av-jkuul0eg-18-447817f64de15678d25d142337fe3d58 '  ><div class='avia_textblock' >\n<style type=\"text\/css\" data-created_by=\"avia_inline_auto\" id=\"style-css-av-7c7r8-17-fba4a273a8a159cd0a279d2423a6eb89\">\n#top .hr.hr-invisible.av-7c7r8-17-fba4a273a8a159cd0a279d2423a6eb89{\nheight:20px;\n}\n<\/style>\n<div  class='hr av-7c7r8-17-fba4a273a8a159cd0a279d2423a6eb89 hr-invisible  avia-builder-el-19  avia-builder-el-no-sibling '><span class='hr-inner '><span class=\"hr-inner-style\"><\/span><\/span><\/div>\n<h2 id=\"2\" class=\"position\">Was ist Informatik f\u00fcr Kinder?<\/h2>\n<p>Die Informatik gilt als abstrakte Wissenschaft, verwandt mit Mathematik. Allein dieses Wort l\u00f6st bei vielen zwiesp\u00e4ltige Gef\u00fchle aus, denkt man doch an Rechnen und Schule. Aber keine Angst, Informatik f\u00fcr Kinder hat nichts mit h\u00f6herer Mathematik zu tun. Die Kinder erleben, wie <strong>spannend und kreativ<\/strong> das Programmieren ist. Denn mathematisch denken hei\u00dft zuerst, sensibel f\u00fcr Muster und Strukturen zu sein.<\/p>\n<p>Unser Gehirn hat eine Vorliebe f\u00fcr Muster, Ordnung und wiederkehrende Strukturen. Das ist die Grundlage der Mathematik: Mit ihrer Hilfe k\u00f6nnen wir die komplexe Welt besser fassen und verstehen. Die elementaren mathematischen T\u00e4tigkeiten sind daher nicht Z\u00e4hlen und Rechnen, sondern Vergleichen, Sortieren und Ordnen. Und damit sind wir schon nah an der Informatik.<\/p>\n<\/div><\/section><\/div>\n\n<style type=\"text\/css\" data-created_by=\"avia_inline_auto\" id=\"style-css-av-hh5al-16-7a012b3a873b5b13808576eb318017d8\">\n.flex_column.av-hh5al-16-7a012b3a873b5b13808576eb318017d8{\nborder-radius:0px 0px 0px 0px;\npadding:0px 0px 0px 0px;\n}\n<\/style>\n<div  class='flex_column av-hh5al-16-7a012b3a873b5b13808576eb318017d8 av_one_full  avia-builder-el-20  el_after_av_one_full  el_before_av_one_full  first flex_column_div av-zero-column-padding  column-top-margin'     ><style type=\"text\/css\" data-created_by=\"avia_inline_auto\" id=\"style-css-av-jqz83eqo-2df5b1caf0c2515b6098f5282ebad75e\">\n.av_promobox.av-jqz83eqo-2df5b1caf0c2515b6098f5282ebad75e{\ncolor:#575757;\nbackground:#ffffff;\nborder-color:#575757;\n}\n<\/style>\n<div  class='av_promobox av-jqz83eqo-2df5b1caf0c2515b6098f5282ebad75e avia-button-no  avia-builder-el-21  avia-builder-el-no-sibling '><div class='avia-promocontent'><p>\n<strong>Die Informatik<\/strong> \u2013 im Englischen als Computer Science, kurz CS bezeichnet \u2013 befasst sich mit den zahlreichen Prozessen, die mit verschiedenen Daten- und Informationsquellen interagieren. Als Ergebnis lassen sich diese Prozesse in Form von Apps, Spielen, Software oder Programmen darstellen. Informatik erlaubt Algorithmen, Informationen in einem digitalen Format zu speichern, weiterzugeben und manchmal auch zu ver\u00e4ndern. Die Informatik ist eine interdisziplin\u00e4re Wissenschaft. Sie besch\u00e4ftigt sich mit verschiedenen Bereichen, darunter Programmiersprachen, Probleml\u00f6sung, Robotik, Mathematik, Algorithmen und Statistik.<\/p>\n<p class=\"bildnennung-beitrag\" style=\"text-align: left;\">Quelle: Arie Elbelman: Was ist Informatik f\u00fcr Kinder? In: TekkieUni, 2020.<\/p>\n<p>\n<\/div><\/div><\/div>\n\n<style type=\"text\/css\" data-created_by=\"avia_inline_auto\" id=\"style-css-av-hh5al-13-e21e960e9e28fb772abd7b1cb346790c\">\n.flex_column.av-hh5al-13-e21e960e9e28fb772abd7b1cb346790c{\nborder-radius:0px 0px 0px 0px;\npadding:0px 0px 0px 0px;\n}\n<\/style>\n<div  class='flex_column av-hh5al-13-e21e960e9e28fb772abd7b1cb346790c av_one_full  avia-builder-el-22  el_after_av_one_full  el_before_av_one_full  first flex_column_div av-zero-column-padding  column-top-margin'     ><section  class='av_textblock_section av-jkuul0eg-15-512e8a3a0e6ccd4411d50846424447a2 '  ><div class='avia_textblock' ><p><strong>Informatik f\u00fcr Kinder umfasst verschiedene grundlegende Elemente: <\/strong><\/p>\n<ul>\n<li>Was ist ein Computer und was steckt darin?<\/li>\n<li>Was bedeuten die Begriffe Software und Hardware?<\/li>\n<li>Was ist ein Bin\u00e4rcode und wie wird er verwendet?<\/li>\n<li>Was ist das Internet und wie funktioniert es?<\/li>\n<li>Was bedeutet das Konzept von Daten?<\/li>\n<li>Was ist ein Algorithmus?<\/li>\n<\/ul>\n<\/div><\/section><\/div>\n\n<style type=\"text\/css\" data-created_by=\"avia_inline_auto\" id=\"style-css-av-hh5al-12-a1bf4bcd187f4a58d377294e15306b2a\">\n.flex_column.av-hh5al-12-a1bf4bcd187f4a58d377294e15306b2a{\nborder-radius:0px 0px 0px 0px;\npadding:0px 0px 0px 0px;\n}\n<\/style>\n<div  class='flex_column av-hh5al-12-a1bf4bcd187f4a58d377294e15306b2a av_one_full  avia-builder-el-24  el_after_av_one_full  el_before_av_one_full  first flex_column_div av-zero-column-padding  column-top-margin'     ><p><section  class='av_textblock_section av-jkuul0eg-11-5823459e7482ed9e7a138330cc5cdd93 '  ><div class='avia_textblock' >\n<style type=\"text\/css\" data-created_by=\"avia_inline_auto\" id=\"style-css-av-7c7r8-14-a7e1a14e4faf45515f1231b75cc33e6a\">\n#top .hr.hr-invisible.av-7c7r8-14-a7e1a14e4faf45515f1231b75cc33e6a{\nheight:20px;\n}\n<\/style>\n<div  class='hr av-7c7r8-14-a7e1a14e4faf45515f1231b75cc33e6a hr-invisible  avia-builder-el-26  avia-builder-el-no-sibling '><span class='hr-inner '><span class=\"hr-inner-style\"><\/span><\/span><\/div>\n<h2 id=\"3\" class=\"position\">Programmieren f\u00f6rdert die Medienkompetenz \u2013 und mehr<\/h2>\n<p>Computer und Internet, Smartphone und Apps sind aus unserem Leben nicht mehr wegzudenken. Ob wir technische Haushaltshelfer, Informations- oder Freizeitmedien nutzen: Unsere Welt ist digital. Und die Welt von morgen wird immer digitaler. Damit werden die Bereiche Medienkompetenz und Informatik im Alltag zuk\u00fcnftig noch relevanter sein. Gerade f\u00fcr Kinder ist das Programmieren ein toller Einstieg in die Informatik.<\/p>\n<\/div><\/section><br \/>\n\n<style type=\"text\/css\" data-created_by=\"avia_inline_auto\" id=\"style-css-av-kmkhrrws-d969e7c6326db30771add88619473243\">\n.av_promobox.av-kmkhrrws-d969e7c6326db30771add88619473243{\ncolor:#575757;\nbackground:#d6e0ed;\nborder-color:#6194ed;\n}\n<\/style>\n<div  class='av_promobox av-kmkhrrws-d969e7c6326db30771add88619473243 avia-button-no  avia-builder-el-27  el_after_av_textblock  el_before_av_textblock  eigenwerbung'><div class='avia-promocontent'><p>\nHilfreiche Produkte, mit denen Sie Kindern <a href=\"https:\/\/www.backwinkel.de\/medienkompetenz\/\" target=\"_blank\" rel=\"noopener\">Medienkompetenz<\/a> vermitteln, finden Sie in unserem klimaneutralen Onlineshop.<\/p>\n<\/div><\/div><br \/>\n<section  class='av_textblock_section av-knztt5c8-48d85e9f074addd4fb75a3c6c89701d3 '  ><div class='avia_textblock' >\n<style type=\"text\/css\" data-created_by=\"avia_inline_auto\" id=\"style-css-av-7c7r8-8-01d39837607e43060d8f1662326cce70\">\n#top .hr.hr-invisible.av-7c7r8-8-01d39837607e43060d8f1662326cce70{\nheight:20px;\n}\n<\/style>\n<div  class='hr av-7c7r8-8-01d39837607e43060d8f1662326cce70 hr-invisible  avia-builder-el-29  avia-builder-el-no-sibling '><span class='hr-inner '><span class=\"hr-inner-style\"><\/span><\/span><\/div>\n<h3>Computer und Tablet als Gebrauchsgegenst\u00e4nde verstehen<\/h3>\n<p>Computer sind zum Arbeiten und zum Spielen da, das wissen die Kinder. Doch wie kommt das Spiel in den Computer hinein? Beim Programmieren erfahren sie nicht nur das Konzept von Daten, sondern auch, dass jede Software <strong>von Menschen<\/strong> erdacht ist, die dem Computer vorschreiben, was er tun soll. Und dass Programmierer dazu eine spezielle Sprache verwenden. Mithilfe der Informatik k\u00f6nnen Kinder erkennen, was alles m\u00f6glich ist.<\/p>\n<p>Entdecken Sie <a href=\"https:\/\/www.backwinkel.de\/schule-notebooks-tablets\/\" target=\"_blank\" rel=\"noopener\">Notebooks und Tablets<\/a> in unserem klimaneutralen Onlineshop.<\/p>\n<h3>Beim Coden eine neue Art zu denken entdecken<\/h3>\n<p>Kinder, die elementare Grundlagen der Informatik verstehen, k\u00f6nnen besser ganzheitlich denken. Beim Programmieren verwirklichen sie ihre Ideen und erschaffen etwas Neues, technisch Einfallsreiches. Im praktischen Tun erfassen sie die <strong>logische Struktur<\/strong>, die hinter den Bin\u00e4rcodes steckt. So bringt das Programmieren den Kindern eine neue Art des Denkens n\u00e4her. Und das Gef\u00fchl, eine eigene App zu entwickeln, st\u00e4rkt das Vertrauen in die eigenen F\u00e4higkeiten.<\/p>\n<p><a href=\"https:\/\/blog.backwinkel.de\/wp-content\/uploads\/2021\/04\/backwinkel-blog-minz-programmieren-grafik.jpg\"><img decoding=\"async\" class=\"alignnone wp-image-7002\" src=\"https:\/\/blog.backwinkel.de\/wp-content\/uploads\/2021\/04\/backwinkel-blog-minz-programmieren-grafik.jpg\" alt=\"\" width=\"750\" height=\"569\" \/><\/a><\/p>\n<\/div><\/section><\/p><\/div>\n\n<style type=\"text\/css\" data-created_by=\"avia_inline_auto\" id=\"style-css-av-hh5al-10-0fad02707e4106bf16cfcfe39cb789eb\">\n.flex_column.av-hh5al-10-0fad02707e4106bf16cfcfe39cb789eb{\nborder-radius:0px 0px 0px 0px;\npadding:0px 0px 0px 0px;\n}\n<\/style>\n<div  class='flex_column av-hh5al-10-0fad02707e4106bf16cfcfe39cb789eb av_one_full  avia-builder-el-30  el_after_av_one_full  el_before_av_one_third  first flex_column_div av-zero-column-padding  column-top-margin'     ><section  class='av_textblock_section av-jkuul0eg-9-e8a499adf1a8d4bdf8e8bd6e2dad1616 '  ><div class='avia_textblock' >\n<style type=\"text\/css\" data-created_by=\"avia_inline_auto\" id=\"style-css-av-7c7r8-7-7b8aac9a31b315475b2e9800d0d8021d\">\n#top .hr.hr-invisible.av-7c7r8-7-7b8aac9a31b315475b2e9800d0d8021d{\nheight:20px;\n}\n<\/style>\n<div  class='hr av-7c7r8-7-7b8aac9a31b315475b2e9800d0d8021d hr-invisible  avia-builder-el-32  avia-builder-el-no-sibling '><span class='hr-inner '><span class=\"hr-inner-style\"><\/span><\/span><\/div>\n<h2 id=\"4\" class=\"position\">So vermitteln Sie Kindern, wie Coden funktioniert<\/h2>\n<p>Kindern Informatik nahebringen, das kann spannend sein und Spa\u00df machen. Doch wie l\u00e4sst sich erreichen, dass dieses Thema genug Begeisterung weckt, um die Konzepte der Software und des Programmierens wirklich verstehen zu wollen? Gezielte Workshops k\u00f6nnen Kinder, Eltern und p\u00e4dagogische Fachkr\u00e4fte dabei unterst\u00fctzen.<\/p>\n<h3>DigiKids sind fit f\u00fcr die Technik von morgen<\/h3>\n<p>Das Modellprojekt <strong>DigiKids<\/strong> verfolgt das Ziel, die <strong>Medienkompetenz f\u00fcr Kinder ab vier Jahren<\/strong> zu verbessern. Es versteht sich als Beitrag zur Suchtpr\u00e4vention, getragen von der Hessischen Landesstelle f\u00fcr Suchtfragen und der Techniker Krankenkasse. Die speziell auf Kitas zugeschnittenen Workshops wollen Kinder bef\u00e4higen, eigenst\u00e4ndig und souver\u00e4n mit digitalen Medien umzugehen.<\/p>\n<p>Ein Hauptanliegen der DigiKids-Workshops ist, digitale Medien zu entzaubern, indem sie <strong>analoge und digitale Dimensionen verbinden<\/strong>. Hier ein Beispiel: Die Kita-Gruppe fotografiert ein selbst gemaltes Bild, um es als Vorlage zu nutzen. Mithilfe einer speziellen App, die Bewegungen animiert, erwacht das Bild zum Leben. Entsprechend k\u00f6nnen die Kinder aus Fotos auch tolle Legetrickfilme in Stop-Motion-Technik kreieren.<\/p>\n<h3>Roboter spielen<\/h3>\n<p>Wer sich einen Roboter vorstellt, denkt an eine mobile Maschine, die ferngesteuert oder autonom funktioniert. Kindern ist meist nicht klar, dass erst einmal ein Mensch die Mechanik programmieren muss, damit der Roboter \u201ewei\u00df\u201c, was er tun soll. Um Kindern ein Grundverst\u00e4ndnis f\u00fcr Programmiersprache zu vermitteln, eignen sich spielerische Zug\u00e4nge am besten.<\/p>\n<p>So sieht das Roboterspiel bei den DigiKids aus: Die Kinder stellen sich paarweise auf, das vordere Kind spielt den Roboter, das hintere den Programmierer. Die Zweierteams laufen um die Wette durch einen Parcours, dabei steuert der Programmierer seinen Roboter mit der Hand, durch Zeichen auf R\u00fccken oder Schulter des Roboters. Das klappt vielleicht nicht auf Anhieb, doch mit der Zeit verstehen die Kinder, worauf es ankommt: Der Roboter agiert nur dann wunschgem\u00e4\u00df, wenn der Programmierer pr\u00e4zise Befehle liefert.<\/p>\n<h3>Programmiersprache verstehen<\/h3>\n<p>Viel spannender ist nat\u00fcrlich, einen <strong>echten Roboter<\/strong> zu programmieren. F\u00fcr Kinder ab vier Jahren gibt es eine Vielzahl an Lernrobotern, mit lustigen Namen wie Dash, Movi, Cosmo oder Botley. Die Kinder programmieren ihren kleinen Robotergesellen per App und steuern ihn durch fantasievolle Aufgaben. Dabei lernen sie spielerisch die Grundlagen des Programmierens kennen.<\/p>\n<\/div><\/section><\/div>\n<div class='flex_column_table av-jxcy3x4s-fc5d4ad95756edaabc2bc972666892fb sc-av_one_third av-equal-height-column-flextable'>\n<style type=\"text\/css\" data-created_by=\"avia_inline_auto\" id=\"style-css-av-jxcy3x4s-fc5d4ad95756edaabc2bc972666892fb\">\n.flex_column.av-jxcy3x4s-fc5d4ad95756edaabc2bc972666892fb{\nborder-width:1px;\nborder-color:#ebebeb;\nborder-style:solid;\nborder-radius:0px 0px 0px 0px;\npadding:10px 10px 10px 10px;\n}\n<\/style>\n<div  class='flex_column av-jxcy3x4s-fc5d4ad95756edaabc2bc972666892fb av_one_third  avia-builder-el-33  el_after_av_one_full  el_before_av_one_third  first flex_column_table_cell av-equal-height-column av-align-top  column-top-margin'     ><p><section  class='av_textblock_section av-jxcz48fa-bb9d063fc629e33087d192f9b1171959 '  ><div class='avia_textblock' ><p><a href=\"https:\/\/www.backwinkel.de\/manico-funtable-interaktiver-touchscreen-32.html\" target=\"_blank\" rel=\"noopener\"><img decoding=\"async\" class=\"alignnone wp-image-7318 size-full\" src=\"https:\/\/blog.backwinkel.de\/wp-content\/uploads\/2021\/05\/52210_fun-table.jpg\" alt=\"\" width=\"500\" height=\"350\" data-wp-editing=\"1\" \/><\/a><\/p>\n<p style=\"font-size: 20px; font-family: urw_grotesk_extra_narrowrg; text-align: left;\">Manico FunTable<\/p>\n<p style=\"text-align: left;\"><div  class='avia-button-wrap av-8ssthn-d1ab2b77f3ceacffa2fee5b339dc2c6b-wrap avia-button-center  avia-builder-el-35  avia-builder-el-no-sibling '><a href='https:\/\/www.backwinkel.de\/manico-funtable-interaktiver-touchscreen-32.html?'  class='avia-button av-8ssthn-d1ab2b77f3ceacffa2fee5b339dc2c6b av-link-btn avia-icon_select-no avia-size-medium avia-position-center avia-color-theme-color'  target=\"_blank\"  rel=\"noopener noreferrer\"  aria-label=\"zum Produkt\"><span class='avia_iconbox_title' >zum Produkt<\/span><\/a><\/div><\/p>\n<\/div><\/section><br \/>\n\n<style type=\"text\/css\" data-created_by=\"avia_inline_auto\" id=\"style-css-av-jkuvdh82-4f37b1a2f5bf0c7f14df31e178d6014c\">\n#top .hr.hr-invisible.av-jkuvdh82-4f37b1a2f5bf0c7f14df31e178d6014c{\nheight:20px;\n}\n<\/style>\n<div  class='hr av-jkuvdh82-4f37b1a2f5bf0c7f14df31e178d6014c hr-invisible  avia-builder-el-36  el_after_av_textblock  avia-builder-el-last '><span class='hr-inner '><span class=\"hr-inner-style\"><\/span><\/span><\/div><\/p><\/div>\n<div class='av-flex-placeholder'><\/div>\n<style type=\"text\/css\" data-created_by=\"avia_inline_auto\" id=\"style-css-av-1oz5fl-c28a8be6b516b5ea69cc4f732cf121fe\">\n.flex_column.av-1oz5fl-c28a8be6b516b5ea69cc4f732cf121fe{\nborder-width:1px;\nborder-color:#ebebeb;\nborder-style:solid;\nborder-radius:0px 0px 0px 0px;\npadding:10px 10px 10px 10px;\n}\n<\/style>\n<div  class='flex_column av-1oz5fl-c28a8be6b516b5ea69cc4f732cf121fe av_one_third  avia-builder-el-37  el_after_av_one_third  el_before_av_one_third  flex_column_table_cell av-equal-height-column av-align-top  column-top-margin'     ><p><section  class='av_textblock_section av-fr6bdt-c4b619210a81a2d6b8885e9dd66ced9b '  ><div class='avia_textblock' ><p><a href=\"https:\/\/www.backwinkel.de\/bee-bot-komplett-set.html\" target=\"_blank\" rel=\"noopener\"><img decoding=\"async\" class=\"alignnone wp-image-7018 size-full\" src=\"https:\/\/blog.backwinkel.de\/wp-content\/uploads\/2021\/04\/40794_bee-bot-komplettset.jpg\" alt=\"\" width=\"500\" height=\"350\" \/><\/a><\/p>\n<p style=\"font-size: 20px; font-family: urw_grotesk_extra_narrowrg; text-align: left;\">Bee-Bot Komplett Set<\/p>\n<p style=\"text-align: left;\"><div  class='avia-button-wrap av-dpdmy9-cae26f3f91fe804cf5c87c85967ce705-wrap avia-button-center  avia-builder-el-39  avia-builder-el-no-sibling '><a href='https:\/\/www.backwinkel.de\/bee-bot-komplett-set.html'  class='avia-button av-dpdmy9-cae26f3f91fe804cf5c87c85967ce705 av-link-btn avia-icon_select-no avia-size-medium avia-position-center avia-color-theme-color'  target=\"_blank\"  rel=\"noopener noreferrer\"  aria-label=\"zum Produkt\"><span class='avia_iconbox_title' >zum Produkt<\/span><\/a><\/div><\/p>\n<\/div><\/section><br \/>\n\n<style type=\"text\/css\" data-created_by=\"avia_inline_auto\" id=\"style-css-av-d5fegx-2e08f0642d8d173d32509c1063b7cafc\">\n#top .hr.hr-invisible.av-d5fegx-2e08f0642d8d173d32509c1063b7cafc{\nheight:20px;\n}\n<\/style>\n<div  class='hr av-d5fegx-2e08f0642d8d173d32509c1063b7cafc hr-invisible  avia-builder-el-40  el_after_av_textblock  avia-builder-el-last '><span class='hr-inner '><span class=\"hr-inner-style\"><\/span><\/span><\/div><\/p><\/div>\n<div class='av-flex-placeholder'><\/div>\n<style type=\"text\/css\" data-created_by=\"avia_inline_auto\" id=\"style-css-av-a3fcqp-e9d43c6c01d2d58df77f0cc3d3c47c7f\">\n.flex_column.av-a3fcqp-e9d43c6c01d2d58df77f0cc3d3c47c7f{\nborder-width:1px;\nborder-color:#ebebeb;\nborder-style:solid;\nborder-radius:0px 0px 0px 0px;\npadding:10px 10px 10px 10px;\n}\n<\/style>\n<div  class='flex_column av-a3fcqp-e9d43c6c01d2d58df77f0cc3d3c47c7f av_one_third  avia-builder-el-41  el_after_av_one_third  el_before_av_one_full  flex_column_table_cell av-equal-height-column av-align-top  column-top-margin'     ><p><section  class='av_textblock_section av-9dpuu9-707f01ca7830fb41eebffd3849b83978 '  ><div class='avia_textblock' ><p><a href=\"https:\/\/www.backwinkel.de\/botley.html\" target=\"_blank\" rel=\"noopener\"><img decoding=\"async\" class=\"alignnone wp-image-7024 size-full\" src=\"https:\/\/blog.backwinkel.de\/wp-content\/uploads\/2021\/04\/19138_botley-der-programmierbare-roboter.jpg\" alt=\"\" width=\"500\" height=\"350\" \/><\/a><\/p>\n<p style=\"font-size: 20px; font-family: urw_grotesk_extra_narrowrg; text-align: left;\">Botley<\/p>\n<p style=\"text-align: left;\"><div  class='avia-button-wrap av-styhd-7af6d1279fa3688d671353b4ac4d60d1-wrap avia-button-center  avia-builder-el-43  avia-builder-el-no-sibling '><a href='https:\/\/www.backwinkel.de\/botley.html'  class='avia-button av-styhd-7af6d1279fa3688d671353b4ac4d60d1 av-link-btn avia-icon_select-no avia-size-medium avia-position-center avia-color-theme-color'  target=\"_blank\"  rel=\"noopener noreferrer\"  aria-label=\"zum Produkt\"><span class='avia_iconbox_title' >zum Produkt<\/span><\/a><\/div><\/p>\n<\/div><\/section><br \/>\n\n<style type=\"text\/css\" data-created_by=\"avia_inline_auto\" id=\"style-css-av-627ikx-c50e524a84ed2b420301c7619eac3baf\">\n#top .hr.hr-invisible.av-627ikx-c50e524a84ed2b420301c7619eac3baf{\nheight:20px;\n}\n<\/style>\n<div  class='hr av-627ikx-c50e524a84ed2b420301c7619eac3baf hr-invisible  avia-builder-el-44  el_after_av_textblock  avia-builder-el-last '><span class='hr-inner '><span class=\"hr-inner-style\"><\/span><\/span><\/div><\/p><\/div><\/div><!--close column table wrapper. Autoclose: 1 -->\n\n<style type=\"text\/css\" data-created_by=\"avia_inline_auto\" id=\"style-css-av-4eq3j5-b9d74cf2243b951d76b3c20874d31e3a\">\n.flex_column.av-4eq3j5-b9d74cf2243b951d76b3c20874d31e3a{\nborder-radius:0px 0px 0px 0px;\npadding:0px 0px 0px 0px;\n}\n<\/style>\n<div  class='flex_column av-4eq3j5-b9d74cf2243b951d76b3c20874d31e3a av_one_full  avia-builder-el-45  el_after_av_one_third  el_before_av_one_full  first flex_column_div av-zero-column-padding  column-top-margin'     ><section  class='av_textblock_section av-knu4kicn-2ffbc95428b49676c13d4e7ffa31fd42 '  ><div class='avia_textblock' >\n<style type=\"text\/css\" data-created_by=\"avia_inline_auto\" id=\"style-css-av-2ml2j5-c75f4e88a5b4941d096f302f4811b39f\">\n#top .hr.hr-invisible.av-2ml2j5-c75f4e88a5b4941d096f302f4811b39f{\nheight:20px;\n}\n<\/style>\n<div  class='hr av-2ml2j5-c75f4e88a5b4941d096f302f4811b39f hr-invisible  avia-builder-el-47  avia-builder-el-no-sibling '><span class='hr-inner '><span class=\"hr-inner-style\"><\/span><\/span><\/div>\n<p>Wer selber eine App bauen m\u00f6chte, steht vor der Frage: <strong>Welche Programmiersprache ist die beste?<\/strong> F\u00fcr Kita-Kinder sollte es eine m\u00f6glichst <strong>visuelle<\/strong> Programmiersprache sein, wie beispielsweise Scratch. Hierbei sind die Bausteinbilder <strong>intuitiv verst\u00e4ndlich<\/strong>. Alle wesentlichen Elemente lassen sich per Drag und Drop zusammenbauen. Damit gelingt Kindern der Einstieg ganz leicht.<\/p>\n<\/div><\/section><\/div>\n\n<style type=\"text\/css\" data-created_by=\"avia_inline_auto\" id=\"style-css-av-hh5al-6-dd8fe4bd4f3c9fec83a9ef20be699b99\">\n.flex_column.av-hh5al-6-dd8fe4bd4f3c9fec83a9ef20be699b99{\nborder-radius:0px 0px 0px 0px;\npadding:0px 0px 0px 0px;\n}\n<\/style>\n<div  class='flex_column av-hh5al-6-dd8fe4bd4f3c9fec83a9ef20be699b99 av_one_full  avia-builder-el-48  el_after_av_one_full  el_before_av_hr  first flex_column_div av-zero-column-padding  column-top-margin'     ><section  class='av_textblock_section av-jkuul0eg-5-3f6dc2eabd0b318a006ed6b099b89f89 '  ><div class='avia_textblock' >\n<style type=\"text\/css\" data-created_by=\"avia_inline_auto\" id=\"style-css-av-7c7r8-4-910f91dc58ec6cf789472bad25417d04\">\n#top .hr.hr-invisible.av-7c7r8-4-910f91dc58ec6cf789472bad25417d04{\nheight:20px;\n}\n<\/style>\n<div  class='hr av-7c7r8-4-910f91dc58ec6cf789472bad25417d04 hr-invisible  avia-builder-el-50  avia-builder-el-no-sibling '><span class='hr-inner '><span class=\"hr-inner-style\"><\/span><\/span><\/div>\n<h2 id=\"5\" class=\"position\">Programmieren unterst\u00fctzt die MINT-Bildung<\/h2>\n<p>Das eigenst\u00e4ndige Programmieren vermittelt Kindern motivierende Einblicke in die IT-Welt und f\u00f6rdert den selbstbestimmten Umgang mit Medien. Immer mehr Kitas und Grundschulen nutzen diese Chance, vor allem im Rahmen einer ganzheitlichen Bildung im MINT-Bereich. Der Begriff<strong> MINT <\/strong>umfasst die F\u00e4cher <strong>M<\/strong>athematik, <strong>I<\/strong>nformatik, <strong>N<\/strong>aturwissenschaft und <strong>T<\/strong>echnik.<\/p>\n<p>Im Mittelpunkt einer fr\u00fchen MINT-Bildung steht das <strong>entdeckende Lernen<\/strong>. Diesen p\u00e4dagogischen Ansatz verfolgt auch die <strong>Stiftung Kinder forschen<\/strong>, eine bundesweite Bildungsinitiative f\u00fcr Kitas und Grundschulen. Zu ihrem Bild vom Kind geh\u00f6ren folgende Leitgedanken:<\/p>\n<ul>\n<li>Kinder sind reich an Vorwissen und F\u00e4higkeiten<\/li>\n<li>Kinder wollen von sich aus forschen und lernen<\/li>\n<li>Kinder gestalten ihre Bildung und Entwicklung aktiv mit<\/li>\n<\/ul>\n<p>Diese Grunds\u00e4tze gilt es im p\u00e4dagogischen Alltag zu beherzigen, um den kindlichen Forschergeist fr\u00fch zu f\u00f6rdern. Durch gemeinsames Entdecken beim Programmieren und Coden k\u00f6nnen Sie Ihre Kinder um viele wertvolle Lernerfahrungen bereichern. So machen Sie die digitale Welt f\u00fcr Kinder begreifbar, st\u00e4rken ihre Selbstwirksamkeit und bereiten sie optimal auf die Zukunft vor.<\/p>\n<\/div><\/section><\/div>\n\n<style type=\"text\/css\" data-created_by=\"avia_inline_auto\" id=\"style-css-av-jkuvdh82-3-a387cc458b9cc4e67c0301be042c5ffc\">\n#top .hr.av-jkuvdh82-3-a387cc458b9cc4e67c0301be042c5ffc{\nmargin-top:10px;\nmargin-bottom:10px;\n}\n.hr.av-jkuvdh82-3-a387cc458b9cc4e67c0301be042c5ffc .hr-inner{\nwidth:500;\n}\n<\/style>\n<div  class='hr av-jkuvdh82-3-a387cc458b9cc4e67c0301be042c5ffc hr-custom  avia-builder-el-51  el_after_av_one_full  el_before_av_one_full  hr-left hr-icon-no'><span class='hr-inner inner-border-av-border-none'><span class=\"hr-inner-style\"><\/span><\/span><\/div>\n\n<style type=\"text\/css\" data-created_by=\"avia_inline_auto\" id=\"style-css-av-jley1l06-be8863a15e87d33f314fbd4b76b14014\">\n.flex_column.av-jley1l06-be8863a15e87d33f314fbd4b76b14014{\nborder-radius:0px 0px 0px 0px;\npadding:10px 10px 10px 10px;\nbackground-color:#f2f2f2;\n}\n<\/style>\n<div  class='flex_column av-jley1l06-be8863a15e87d33f314fbd4b76b14014 av_one_full  avia-builder-el-52  el_after_av_hr  el_before_av_one_full  first flex_column_div  '     ><section  class='av_textblock_section av-jkuvcso3-337b2405c1e25c09e70f8adaec098f38 '  ><div class='avia_textblock' ><p class=\"fussnoten-quellen\"><strong>Lesestoff: <\/strong><\/p>\n<p class=\"fussnoten-quellen\">Bundeszentrale f\u00fcr gesundheitliche Aufkl\u00e4rung (Hrsg.): Werkstattbuch Medienerziehung. Zusammenarbeit mit Eltern in Theorie und Praxis. K\u00f6ln 2016.<\/p>\n<p class=\"fussnoten-quellen\">Arie Elbelman: Was ist Informatik f\u00fcr Kinder? In: TekkieUni, 2020. <a href=\"https:\/\/tekkieuni.com\/de\/blog\/computer-science-for-kids\/\" target=\"_blank\" rel=\"noopener\">https:\/\/tekkieuni.com\/de\/blog\/computer-science-for-kids\/<\/a><\/p>\n<p class=\"fussnoten-quellen\">Stiftung Kinder forschen: <a href=\"https:\/\/www.stiftung-kinder-forschen.de\/\" target=\"_blank\" rel=\"noopener\">https:\/\/www.stiftung-kinder-forschen.de\/<\/a><\/p>\n<p class=\"fussnoten-quellen\">Yvonne Wagner: Programmieren im Kindergarten.<a href=\"https:\/\/wirtechniker.tk.de\/2018\/01\/31\/digikids-programmieren-im-kindergarten\/\" target=\"_blank\" rel=\"noopener\"> https:\/\/wirtechniker.tk.de\/2018\/01\/31\/digikids-programmieren-im-kindergarten\/<\/a><\/p>\n<\/div><\/section><\/div>\n\n<style type=\"text\/css\" data-created_by=\"avia_inline_auto\" id=\"style-css-av-hc2sh-e2b5d517814db21b5dd00033f4f97288\">\n.flex_column.av-hc2sh-e2b5d517814db21b5dd00033f4f97288{\nborder-radius:0px 0px 0px 0px;\npadding:10px 10px 10px 10px;\n}\n<\/style>\n<div  class='flex_column av-hc2sh-e2b5d517814db21b5dd00033f4f97288 av_one_full  avia-builder-el-54  el_after_av_one_full  el_before_av_one_full  first flex_column_div  column-top-margin'     ><section  class='av_textblock_section av-24g7g1-cd9876ef4c5304d02ed47d4c606caa2f '  ><div class='avia_textblock' ><p class=\"copyright\"><strong>\u00a9 Copyright \u2013 Urheberrechtshinweis<\/strong><br \/>\nAlle Inhalte auf www.backwinkel.de sowie www.backwinkel.de\/blog, insbesondere Texte, Fotografien und Grafiken, sind urheberrechtlich gesch\u00fctzt.<br \/>\nDas Urheberrecht liegt, soweit nicht ausdr\u00fccklich anders gekennzeichnet, bei der BACKWINKEL GmbH. Bitte fragen Sie uns, falls Sie die Inhalte dieses Internetangebotes verwenden m\u00f6chten.<br \/>\nWer gegen das Urheberrecht verst\u00f6\u00dft (z. B. Bilder oder Texte unerlaubt kopiert), macht sich gem. \u00a7\u00a7 106 ff UrhG strafbar, wird zudem kostenpflichtig abgemahnt und muss Schadensersatz leisten (\u00a7 97 UrhG).<\/p>\n<\/div><\/section><\/div>\n\n<style type=\"text\/css\" data-created_by=\"avia_inline_auto\" id=\"style-css-av-1p82t-b0e9719fe6c67aa5c6d1abf813961e55\">\n.flex_column.av-1p82t-b0e9719fe6c67aa5c6d1abf813961e55{\nborder-radius:0px 0px 0px 0px;\npadding:0px 0px 0px 0px;\n}\n<\/style>\n<div  class='flex_column av-1p82t-b0e9719fe6c67aa5c6d1abf813961e55 av_one_full  avia-builder-el-56  el_after_av_one_full  avia-builder-el-last  first flex_column_div av-zero-column-padding  column-top-margin'     ><p><section  class='av_textblock_section av-jlp4hxqo-91baaad30cd61f89630d15f8561d1750 '  ><div class='avia_textblock' ><div class=\"shariff shariff-align-left shariff-widget-align-left\"><ul class=\"shariff-buttons theme-color orientation-horizontal buttonsize-medium\"><li class=\"shariff-button whatsapp shariff-nocustomcolor\" style=\"background-color:#5cbe4a\"><a href=\"https:\/\/api.whatsapp.com\/send?text=https%3A%2F%2Fwww.backwinkel.de%2Fblog%2Fprogrammieren-im-kindergarten%2F%20Keine%20Angst%20vorm%20Programmieren%20und%20Coden.\" title=\"Bei Whatsapp teilen\" aria-label=\"Bei Whatsapp teilen\" role=\"button\" rel=\"noopener nofollow\" class=\"shariff-link\" style=\"; background-color:#34af23; color:#fff\" target=\"_blank\"><span class=\"shariff-icon\" style=\"\"><svg width=\"32px\" height=\"20px\" xmlns=\"http:\/\/www.w3.org\/2000\/svg\" viewBox=\"0 0 32 32\"><path fill=\"#34af23\" d=\"M17.6 17.4q0.2 0 1.7 0.8t1.6 0.9q0 0.1 0 0.3 0 0.6-0.3 1.4-0.3 0.7-1.3 1.2t-1.8 0.5q-1 0-3.4-1.1-1.7-0.8-3-2.1t-2.6-3.3q-1.3-1.9-1.3-3.5v-0.1q0.1-1.6 1.3-2.8 0.4-0.4 0.9-0.4 0.1 0 0.3 0t0.3 0q0.3 0 0.5 0.1t0.3 0.5q0.1 0.4 0.6 1.6t0.4 1.3q0 0.4-0.6 1t-0.6 0.8q0 0.1 0.1 0.3 0.6 1.3 1.8 2.4 1 0.9 2.7 1.8 0.2 0.1 0.4 0.1 0.3 0 1-0.9t0.9-0.9zM14 26.9q2.3 0 4.3-0.9t3.6-2.4 2.4-3.6 0.9-4.3-0.9-4.3-2.4-3.6-3.6-2.4-4.3-0.9-4.3 0.9-3.6 2.4-2.4 3.6-0.9 4.3q0 3.6 2.1 6.6l-1.4 4.2 4.3-1.4q2.8 1.9 6.2 1.9zM14 2.2q2.7 0 5.2 1.1t4.3 2.9 2.9 4.3 1.1 5.2-1.1 5.2-2.9 4.3-4.3 2.9-5.2 1.1q-3.5 0-6.5-1.7l-7.4 2.4 2.4-7.2q-1.9-3.2-1.9-6.9 0-2.7 1.1-5.2t2.9-4.3 4.3-2.9 5.2-1.1z\"\/><\/svg><\/span><span class=\"shariff-text\">teilen<\/span>&nbsp;<\/a><\/li><li class=\"shariff-button facebook shariff-nocustomcolor\" style=\"background-color:#4273c8\"><a href=\"https:\/\/www.facebook.com\/sharer\/sharer.php?u=https%3A%2F%2Fwww.backwinkel.de%2Fblog%2Fprogrammieren-im-kindergarten%2F\" title=\"Bei Facebook teilen\" aria-label=\"Bei Facebook teilen\" role=\"button\" rel=\"nofollow\" class=\"shariff-link\" style=\"; background-color:#3b5998; color:#fff\" target=\"_blank\"><span class=\"shariff-icon\" style=\"\"><svg width=\"32px\" height=\"20px\" xmlns=\"http:\/\/www.w3.org\/2000\/svg\" viewBox=\"0 0 18 32\"><path fill=\"#3b5998\" d=\"M17.1 0.2v4.7h-2.8q-1.5 0-2.1 0.6t-0.5 1.9v3.4h5.2l-0.7 5.3h-4.5v13.6h-5.5v-13.6h-4.5v-5.3h4.5v-3.9q0-3.3 1.9-5.2t5-1.8q2.6 0 4.1 0.2z\"\/><\/svg><\/span><span class=\"shariff-text\">teilen<\/span>&nbsp;<\/a><\/li><li class=\"shariff-button twitter shariff-nocustomcolor\" style=\"background-color:#595959\"><a href=\"https:\/\/twitter.com\/share?url=https%3A%2F%2Fwww.backwinkel.de%2Fblog%2Fprogrammieren-im-kindergarten%2F&text=Keine%20Angst%20vorm%20Programmieren%20und%20Coden.\" title=\"Bei X teilen\" aria-label=\"Bei X teilen\" role=\"button\" rel=\"noopener nofollow\" class=\"shariff-link\" style=\"; background-color:#000; color:#fff\" target=\"_blank\"><span class=\"shariff-icon\" style=\"\"><svg width=\"32px\" height=\"20px\" xmlns=\"http:\/\/www.w3.org\/2000\/svg\" viewBox=\"0 0 24 24\"><path fill=\"#000\" d=\"M14.258 10.152L23.176 0h-2.113l-7.747 8.813L7.133 0H0l9.352 13.328L0 23.973h2.113l8.176-9.309 6.531 9.309h7.133zm-2.895 3.293l-.949-1.328L2.875 1.56h3.246l6.086 8.523.945 1.328 7.91 11.078h-3.246zm0 0\"\/><\/svg><\/span><span class=\"shariff-text\">teilen<\/span>&nbsp;<\/a><\/li><li class=\"shariff-button pinterest shariff-nocustomcolor\" style=\"background-color:#e70f18\"><a href=\"https:\/\/www.pinterest.com\/pin\/create\/link\/?url=https%3A%2F%2Fwww.backwinkel.de%2Fblog%2Fprogrammieren-im-kindergarten%2F&media=https%3A%2F%2Fwww.backwinkel.de%2Fblog%2Fwp-content%2Fuploads%2F2021%2F04%2Fbackwinkel-blog-mint-programmieren-kiga-heroimage_b.jpg&description=Keine%20Angst%20vorm%20Programmieren%20und%20Coden.\" title=\"Bei Pinterest pinnen\" aria-label=\"Bei Pinterest pinnen\" role=\"button\" rel=\"noopener nofollow\" class=\"shariff-link\" style=\"; background-color:#cb2027; color:#fff\" target=\"_blank\"><span class=\"shariff-icon\" style=\"\"><svg width=\"32px\" height=\"20px\" xmlns=\"http:\/\/www.w3.org\/2000\/svg\" viewBox=\"0 0 27 32\"><path fill=\"#cb2027\" d=\"M27.4 16q0 3.7-1.8 6.9t-5 5-6.9 1.9q-2 0-3.9-0.6 1.1-1.7 1.4-2.9 0.2-0.6 1-3.8 0.4 0.7 1.3 1.2t2 0.5q2.1 0 3.8-1.2t2.7-3.4 0.9-4.8q0-2-1.1-3.8t-3.1-2.9-4.5-1.2q-1.9 0-3.5 0.5t-2.8 1.4-2 2-1.2 2.3-0.4 2.4q0 1.9 0.7 3.3t2.1 2q0.5 0.2 0.7-0.4 0-0.1 0.1-0.5t0.2-0.5q0.1-0.4-0.2-0.8-0.9-1.1-0.9-2.7 0-2.7 1.9-4.6t4.9-2q2.7 0 4.2 1.5t1.5 3.8q0 3-1.2 5.2t-3.1 2.1q-1.1 0-1.7-0.8t-0.4-1.9q0.1-0.6 0.5-1.7t0.5-1.8 0.2-1.4q0-0.9-0.5-1.5t-1.4-0.6q-1.1 0-1.9 1t-0.8 2.6q0 1.3 0.4 2.2l-1.8 7.5q-0.3 1.2-0.2 3.2-3.7-1.6-6-5t-2.3-7.6q0-3.7 1.9-6.9t5-5 6.9-1.9 6.9 1.9 5 5 1.8 6.9z\"\/><\/svg><\/span><span class=\"shariff-text\">merken<\/span>&nbsp;<\/a><\/li><li class=\"shariff-button mailto shariff-nocustomcolor\" style=\"background-color:#a8a8a8\"><a href=\"mailto:?body=https%3A%2F%2Fwww.backwinkel.de%2Fblog%2Fprogrammieren-im-kindergarten%2F&subject=Keine%20Angst%20vorm%20Programmieren%20und%20Coden.\" title=\"Per E-Mail versenden\" aria-label=\"Per E-Mail versenden\" role=\"button\" rel=\"noopener nofollow\" class=\"shariff-link\" style=\"; background-color:#999; color:#fff\"><span class=\"shariff-icon\" style=\"\"><svg width=\"32px\" height=\"20px\" xmlns=\"http:\/\/www.w3.org\/2000\/svg\" viewBox=\"0 0 32 32\"><path fill=\"#999\" d=\"M32 12.7v14.2q0 1.2-0.8 2t-2 0.9h-26.3q-1.2 0-2-0.9t-0.8-2v-14.2q0.8 0.9 1.8 1.6 6.5 4.4 8.9 6.1 1 0.8 1.6 1.2t1.7 0.9 2 0.4h0.1q0.9 0 2-0.4t1.7-0.9 1.6-1.2q3-2.2 8.9-6.1 1-0.7 1.8-1.6zM32 7.4q0 1.4-0.9 2.7t-2.2 2.2q-6.7 4.7-8.4 5.8-0.2 0.1-0.7 0.5t-1 0.7-0.9 0.6-1.1 0.5-0.9 0.2h-0.1q-0.4 0-0.9-0.2t-1.1-0.5-0.9-0.6-1-0.7-0.7-0.5q-1.6-1.1-4.7-3.2t-3.6-2.6q-1.1-0.7-2.1-2t-1-2.5q0-1.4 0.7-2.3t2.1-0.9h26.3q1.2 0 2 0.8t0.9 2z\"\/><\/svg><\/span><span class=\"shariff-text\">E-Mail<\/span>&nbsp;<\/a><\/li><\/ul><\/div>\n<\/div><\/section><br \/>\n<div  class='tabcontainer av-jlq8shhr-b676e11701d9718d755b04dc68ac4c10 top_tab  avia-builder-el-58  el_after_av_textblock  el_before_av_hr '>\n<section class='av_tab_section av_tab_section av-4w8jsn-17d4c89754803ac141d68451b8b1d1a6' ><div id='tab-id-1-tab' class='tab active_tab' role='tab' aria-selected=\"true\" tabindex=\"0\" data-fake-id='#tab-id-1' aria-controls='tab-id-1-content' >Das BACKWINKEL-Blog-Team:<\/div><div id='tab-id-1-content' class='tab_content active_tab_content' role='tabpanel' aria-labelledby='tab-id-1-tab' aria-hidden=\"false\"><div class='tab_inner_content invers-color' ><p><img decoding=\"async\" class=\"wp-image-1768 alignleft\" title=\"BACKWINKEL-Blog \u2013 Das Team\" src=\"https:\/\/blog.backwinkel.de\/wp-content\/uploads\/2018\/10\/backwinkel-blog-autorenbox-intern_preview-300x198.jpg\" alt=\"\" width=\"300\" height=\"198\" \/>Gibts auch ein Gesicht hinter dem BACKWINKEL-Blog? Ja. Vier ?. Drei davon sogar mit Foto.<\/p>\n<p><span style=\"font-style: inherit !important; font-weight: inherit !important;\">Wir \u2013 Lukas, Tatjana, Stefan und Christine \u2013 bespielen unseren Blog unter dem Motto LACHEN LESEN LERNEN. <\/span><\/p>\n<p><span style=\"font-style: inherit !important; font-weight: inherit !important;\">Lukas kennt sich online so gut aus wie in seiner Westentasche und findet immer spannende Themen, w\u00e4hrend Stefan unseren Beitr\u00e4gen den passenden gestalterischen Rahmen gibt und Tatjana mit dem gr\u00fcnen Korrekturstift alles pr\u00fcfend be\u00e4ugt, was unsere Autorin Christine (und gern auch Gastautoren) f\u00fcr den BACKWINKEL-Blog nach ordentlicher Recherche schreibt.<\/span><\/p>\n<p>Gemeinsam suchen wir st\u00e4ndig nach neuen, aufregenden Themen rund um das Thema Bildung im Kiga, der Schule und zu Hause. Und weil Sie da an der Quelle sitzen, freuen wir uns auf Ihre konstruktiven R\u00fcckmeldungen und Anregungen an <a href=\"mailto:blog@backwinkel.de\">blog@backwinkel.de<\/a><\/p>\n<p>Viel Spa\u00df beim LACHEN LESEN LERNEN!<\/p>\n<\/div><\/div><\/section>\n<\/div><br \/>\n\n<style type=\"text\/css\" data-created_by=\"avia_inline_auto\" id=\"style-css-av-jkuvdh82-2-f6870c81fc586f22aacddfd7f5cd8253\">\n#top .hr.av-jkuvdh82-2-f6870c81fc586f22aacddfd7f5cd8253{\nmargin-top:10px;\nmargin-bottom:10px;\n}\n.hr.av-jkuvdh82-2-f6870c81fc586f22aacddfd7f5cd8253 .hr-inner{\nwidth:500;\n}\n<\/style>\n<div  class='hr av-jkuvdh82-2-f6870c81fc586f22aacddfd7f5cd8253 hr-custom  avia-builder-el-59  el_after_av_tab_container  el_before_av_heading  hr-left hr-icon-no'><span class='hr-inner inner-border-av-border-thin'><span class=\"hr-inner-style\"><\/span><\/span><\/div><br \/>\n\n<style type=\"text\/css\" data-created_by=\"avia_inline_auto\" id=\"style-css-av-2kvx4l-26cf26738d77db581bfabf51b88b95c5\">\n#top .av-special-heading.av-2kvx4l-26cf26738d77db581bfabf51b88b95c5{\npadding-bottom:10px;\n}\nbody .av-special-heading.av-2kvx4l-26cf26738d77db581bfabf51b88b95c5 .av-special-heading-tag .heading-char{\nfont-size:25px;\n}\n.av-special-heading.av-2kvx4l-26cf26738d77db581bfabf51b88b95c5 .av-subheading{\nfont-size:15px;\n}\n<\/style>\n<div  class='av-special-heading av-2kvx4l-26cf26738d77db581bfabf51b88b95c5 av-special-heading-h3 blockquote modern-quote  avia-builder-el-60  el_after_av_hr  el_before_av_blog '><h3 class='av-special-heading-tag '  >PASSENDE BEITR\u00c4GE<\/h3><div class=\"special-heading-border\"><div class=\"special-heading-inner-border\"><\/div><\/div><\/div><br \/>\n<div  data-slideshow-options=\"{&quot;animation&quot;:&quot;fade&quot;,&quot;autoplay&quot;:false,&quot;loop_autoplay&quot;:&quot;once&quot;,&quot;interval&quot;:5,&quot;loop_manual&quot;:&quot;manual-endless&quot;,&quot;autoplay_stopper&quot;:false,&quot;noNavigation&quot;:false,&quot;show_slide_delay&quot;:90}\" class='avia-content-slider avia-content-grid-active avia-content-slider1 avia-content-slider-odd  avia-builder-el-61  el_after_av_heading  avia-builder-el-last  av-slideshow-ui av-control-default   av-no-slider-navigation av-slideshow-manual av-loop-once av-loop-manual-endless ' ><div class=\"avia-content-slider-inner\"><div class=\"slide-entry-wrap\"><article class='slide-entry flex_column  post-entry post-entry-18633 slide-entry-overview slide-loop-1 slide-parity-odd  av_one_third first real-thumbnail posttype-post post-format-standard' ><a href='https:\/\/www.backwinkel.de\/blog\/plastik-recyceln\/' data-rel='slide-1' class='slide-image' title='Plastik recyceln'><img decoding=\"async\" fetchpriority=\"high\" width=\"1200\" height=\"628\" src=\"https:\/\/www.backwinkel.de\/blog\/wp-content\/uploads\/2026\/04\/04_Kiga_Plastik_nachhaltig_nutzen.jpg\" class=\"wp-image-18713 avia-img-lazy-loading-not-18713 attachment-no scaling size-no scaling wp-post-image\" alt=\"\" \/><\/a><div class=\"slide-content\"><header class=\"entry-content-header\" aria-label=\"Slide: Plastik recyceln\"><h3 class='slide-entry-title entry-title ' ><a href='https:\/\/www.backwinkel.de\/blog\/plastik-recyceln\/' title='Plastik recyceln'>Plastik recyceln<\/a><\/h3><span class=\"blog-categories minor-meta\"><a href=\"https:\/\/www.backwinkel.de\/blog\/category\/kindergarten-kita\/\" rel=\"tag\">Kindergarten<\/a> <\/span><span class=\"av-vertical-delimiter\"><\/span><\/header><div class='slide-entry-excerpt entry-content' >Biokunststoff f\u00fcr St\u00fchle, Materialboxen, Spielzeug und Rucks\u00e4cke<\/div><\/div><footer class=\"entry-footer\"><div class=\"slide-meta\"><time class='slide-meta-time updated' >14. April 2026<\/time><\/div><\/footer><\/article><article class='slide-entry flex_column  post-entry post-entry-18716 slide-entry-overview slide-loop-2 slide-parity-even  av_one_third  real-thumbnail posttype-post post-format-standard' ><a href='https:\/\/www.backwinkel.de\/blog\/rechnen-im-anfangsunterricht\/' data-rel='slide-1' class='slide-image' title='Rechnen im Anfangsunterricht'><img decoding=\"async\" fetchpriority=\"high\" width=\"1200\" height=\"628\" src=\"https:\/\/www.backwinkel.de\/blog\/wp-content\/uploads\/2026\/04\/04_Schule_Rechnen_anfangsunterricht.jpg\" class=\"wp-image-18748 avia-img-lazy-loading-not-18748 attachment-no scaling size-no scaling wp-post-image\" alt=\"\" \/><\/a><div class=\"slide-content\"><header class=\"entry-content-header\" aria-label=\"Slide: Rechnen im Anfangsunterricht\"><h3 class='slide-entry-title entry-title ' ><a href='https:\/\/www.backwinkel.de\/blog\/rechnen-im-anfangsunterricht\/' title='Rechnen im Anfangsunterricht'>Rechnen im Anfangsunterricht<\/a><\/h3><span class=\"blog-categories minor-meta\"><a href=\"https:\/\/www.backwinkel.de\/blog\/category\/schule-grundschule\/\" rel=\"tag\">Schule<\/a> <\/span><span class=\"av-vertical-delimiter\"><\/span><\/header><div class='slide-entry-excerpt entry-content' >Das Klassenzimmer als Lernlandschaft<\/div><\/div><footer class=\"entry-footer\"><div class=\"slide-meta\"><time class='slide-meta-time updated' >14. April 2026<\/time><\/div><\/footer><\/article><article class='slide-entry flex_column  post-entry post-entry-18372 slide-entry-overview slide-loop-3 slide-parity-odd  post-entry-last  av_one_third  real-thumbnail posttype-post post-format-standard' ><a href='https:\/\/www.backwinkel.de\/blog\/kranke-kinder-im-kindergarten\/' data-rel='slide-1' class='slide-image' title='Kranke Kinder im Kindergarten'><img decoding=\"async\" fetchpriority=\"high\" width=\"1200\" height=\"628\" src=\"https:\/\/www.backwinkel.de\/blog\/wp-content\/uploads\/2026\/03\/03_Kiga_Kranke_Kinder.jpg\" class=\"wp-image-18451 avia-img-lazy-loading-not-18451 attachment-no scaling size-no scaling wp-post-image\" alt=\"Thema: Kranke Kinder. Auf dem Bild ist ein krankes kleines M\u00e4dchen zu sehen. Eine Frau mit einem Fieberthermometer in der Hand sitzt neben ihr und hat die Hand auf der Stirn des M\u00e4dchens.\" \/><\/a><div class=\"slide-content\"><header class=\"entry-content-header\" aria-label=\"Slide: Kranke Kinder im Kindergarten\"><h3 class='slide-entry-title entry-title ' ><a href='https:\/\/www.backwinkel.de\/blog\/kranke-kinder-im-kindergarten\/' title='Kranke Kinder im Kindergarten'>Kranke Kinder im Kindergarten<\/a><\/h3><span class=\"blog-categories minor-meta\"><a href=\"https:\/\/www.backwinkel.de\/blog\/category\/kindergarten-kita\/\" rel=\"tag\">Kindergarten<\/a> <\/span><span class=\"av-vertical-delimiter\"><\/span><\/header><div class='slide-entry-excerpt entry-content' >Auswirkungen f\u00fcr Kinder, Eltern und Fachkr\u00e4fte<\/div><\/div><footer class=\"entry-footer\"><div class=\"slide-meta\"><time class='slide-meta-time updated' >9. M\u00e4rz 2026<\/time><\/div><\/footer><\/article><\/div><\/div><\/div><\/p><\/div>\n","protected":false},"excerpt":{"rendered":"<p>Alltagstaugliche, zukunftsorientierte Kompetenzen hinter furchteinfl\u00f6\u00dfenden Begriffen <\/p>\n","protected":false},"author":3,"featured_media":7014,"comment_status":"closed","ping_status":"closed","sticky":false,"template":"","format":"standard","meta":{"inline_featured_image":false,"footnotes":""},"categories":[5],"tags":[],"class_list":["post-6961","post","type-post","status-publish","format-standard","has-post-thumbnail","hentry","category-kindergarten-kita"],"yoast_head":"<!-- This site is optimized with the Yoast SEO plugin v27.4 - https:\/\/yoast.com\/product\/yoast-seo-wordpress\/ -->\n<title>Programmieren lernen f\u00fcr Kinder im Kindergarten | BACKWINKEL Blog<\/title>\n<meta name=\"description\" content=\"Entdecken Sie, wie altersgerechte Konzepte schon Kita-Kinder f\u00fcr Informatik begeistern, und welche Kompetenzen das Programmieren f\u00f6rdert. \u2713 Inkl. Tipps &amp; Ideen f\u00fcr die Praxis \u2713 Jetzt lesen!\" \/>\n<meta name=\"robots\" content=\"index, follow, max-snippet:-1, max-image-preview:large, max-video-preview:-1\" \/>\n<link rel=\"canonical\" href=\"https:\/\/www.backwinkel.de\/blog\/programmieren-im-kindergarten\/\" \/>\n<meta property=\"og:locale\" content=\"de_DE\" \/>\n<meta property=\"og:type\" content=\"article\" \/>\n<meta property=\"og:title\" content=\"Programmieren lernen f\u00fcr Kinder im Kindergarten | BACKWINKEL Blog\" \/>\n<meta property=\"og:description\" content=\"Entdecken Sie, wie altersgerechte Konzepte schon Kita-Kinder f\u00fcr Informatik begeistern, und welche Kompetenzen das Programmieren f\u00f6rdert. \u2713 Inkl. Tipps &amp; Ideen f\u00fcr die Praxis \u2713 Jetzt lesen!\" \/>\n<meta property=\"og:url\" content=\"https:\/\/www.backwinkel.de\/blog\/programmieren-im-kindergarten\/\" \/>\n<meta property=\"og:site_name\" content=\"BACKWINKEL Blog\" \/>\n<meta property=\"article:published_time\" content=\"2021-05-17T08:28:28+00:00\" \/>\n<meta property=\"article:modified_time\" content=\"2026-04-22T13:05:49+00:00\" \/>\n<meta property=\"og:image\" content=\"https:\/\/www.backwinkel.de\/blog\/wp-content\/uploads\/2021\/04\/backwinkel-blog-mint-programmieren-kiga-heroimage_b.jpg\" \/>\n\t<meta property=\"og:image:width\" content=\"1200\" \/>\n\t<meta property=\"og:image:height\" content=\"628\" \/>\n\t<meta property=\"og:image:type\" content=\"image\/jpeg\" \/>\n<meta name=\"author\" content=\"BACKWINKEL\" \/>\n<meta name=\"twitter:card\" content=\"summary_large_image\" \/>\n<meta name=\"twitter:label1\" content=\"Verfasst von\" \/>\n\t<meta name=\"twitter:data1\" content=\"BACKWINKEL\" \/>\n\t<meta name=\"twitter:label2\" content=\"Gesch\u00e4tzte Lesezeit\" \/>\n\t<meta name=\"twitter:data2\" content=\"12\u00a0Minuten\" \/>\n<script type=\"application\/ld+json\" class=\"yoast-schema-graph\">{\"@context\":\"https:\\\/\\\/schema.org\",\"@graph\":[{\"@type\":\"Article\",\"@id\":\"https:\\\/\\\/www.backwinkel.de\\\/blog\\\/programmieren-im-kindergarten\\\/#article\",\"isPartOf\":{\"@id\":\"https:\\\/\\\/www.backwinkel.de\\\/blog\\\/programmieren-im-kindergarten\\\/\"},\"author\":{\"name\":\"BACKWINKEL\",\"@id\":\"https:\\\/\\\/www.backwinkel.de\\\/blog\\\/#\\\/schema\\\/person\\\/3d64575316540d25f7866264a4b7cd24\"},\"headline\":\"Keine Angst vorm Programmieren und Coden.\",\"datePublished\":\"2021-05-17T08:28:28+00:00\",\"dateModified\":\"2026-04-22T13:05:49+00:00\",\"mainEntityOfPage\":{\"@id\":\"https:\\\/\\\/www.backwinkel.de\\\/blog\\\/programmieren-im-kindergarten\\\/\"},\"wordCount\":5357,\"image\":{\"@id\":\"https:\\\/\\\/www.backwinkel.de\\\/blog\\\/programmieren-im-kindergarten\\\/#primaryimage\"},\"thumbnailUrl\":\"https:\\\/\\\/www.backwinkel.de\\\/blog\\\/wp-content\\\/uploads\\\/2021\\\/04\\\/backwinkel-blog-mint-programmieren-kiga-heroimage_b.jpg\",\"articleSection\":[\"Kindergarten\"],\"inLanguage\":\"de\"},{\"@type\":\"WebPage\",\"@id\":\"https:\\\/\\\/www.backwinkel.de\\\/blog\\\/programmieren-im-kindergarten\\\/\",\"url\":\"https:\\\/\\\/www.backwinkel.de\\\/blog\\\/programmieren-im-kindergarten\\\/\",\"name\":\"Programmieren lernen f\u00fcr Kinder im Kindergarten | BACKWINKEL Blog\",\"isPartOf\":{\"@id\":\"https:\\\/\\\/www.backwinkel.de\\\/blog\\\/#website\"},\"primaryImageOfPage\":{\"@id\":\"https:\\\/\\\/www.backwinkel.de\\\/blog\\\/programmieren-im-kindergarten\\\/#primaryimage\"},\"image\":{\"@id\":\"https:\\\/\\\/www.backwinkel.de\\\/blog\\\/programmieren-im-kindergarten\\\/#primaryimage\"},\"thumbnailUrl\":\"https:\\\/\\\/www.backwinkel.de\\\/blog\\\/wp-content\\\/uploads\\\/2021\\\/04\\\/backwinkel-blog-mint-programmieren-kiga-heroimage_b.jpg\",\"datePublished\":\"2021-05-17T08:28:28+00:00\",\"dateModified\":\"2026-04-22T13:05:49+00:00\",\"author\":{\"@id\":\"https:\\\/\\\/www.backwinkel.de\\\/blog\\\/#\\\/schema\\\/person\\\/3d64575316540d25f7866264a4b7cd24\"},\"description\":\"Entdecken Sie, wie altersgerechte Konzepte schon Kita-Kinder f\u00fcr Informatik begeistern, und welche Kompetenzen das Programmieren f\u00f6rdert. \u2713 Inkl. Tipps & Ideen f\u00fcr die Praxis \u2713 Jetzt lesen!\",\"breadcrumb\":{\"@id\":\"https:\\\/\\\/www.backwinkel.de\\\/blog\\\/programmieren-im-kindergarten\\\/#breadcrumb\"},\"inLanguage\":\"de\",\"potentialAction\":[{\"@type\":\"ReadAction\",\"target\":[\"https:\\\/\\\/www.backwinkel.de\\\/blog\\\/programmieren-im-kindergarten\\\/\"]}]},{\"@type\":\"ImageObject\",\"inLanguage\":\"de\",\"@id\":\"https:\\\/\\\/www.backwinkel.de\\\/blog\\\/programmieren-im-kindergarten\\\/#primaryimage\",\"url\":\"https:\\\/\\\/www.backwinkel.de\\\/blog\\\/wp-content\\\/uploads\\\/2021\\\/04\\\/backwinkel-blog-mint-programmieren-kiga-heroimage_b.jpg\",\"contentUrl\":\"https:\\\/\\\/www.backwinkel.de\\\/blog\\\/wp-content\\\/uploads\\\/2021\\\/04\\\/backwinkel-blog-mint-programmieren-kiga-heroimage_b.jpg\",\"width\":1200,\"height\":628},{\"@type\":\"BreadcrumbList\",\"@id\":\"https:\\\/\\\/www.backwinkel.de\\\/blog\\\/programmieren-im-kindergarten\\\/#breadcrumb\",\"itemListElement\":[{\"@type\":\"ListItem\",\"position\":1,\"name\":\"Startseite\",\"item\":\"https:\\\/\\\/blog.backwinkel.de\\\/aktuelles\\\/\"},{\"@type\":\"ListItem\",\"position\":2,\"name\":\"Keine Angst vorm Programmieren und Coden.\"}]},{\"@type\":\"WebSite\",\"@id\":\"https:\\\/\\\/www.backwinkel.de\\\/blog\\\/#website\",\"url\":\"https:\\\/\\\/www.backwinkel.de\\\/blog\\\/\",\"name\":\"BACKWINKEL Blog\",\"description\":\"f\u00fcr Lehrer, Erzieher und Eltern\",\"potentialAction\":[{\"@type\":\"SearchAction\",\"target\":{\"@type\":\"EntryPoint\",\"urlTemplate\":\"https:\\\/\\\/www.backwinkel.de\\\/blog\\\/?s={search_term_string}\"},\"query-input\":{\"@type\":\"PropertyValueSpecification\",\"valueRequired\":true,\"valueName\":\"search_term_string\"}}],\"inLanguage\":\"de\"},{\"@type\":\"Person\",\"@id\":\"https:\\\/\\\/www.backwinkel.de\\\/blog\\\/#\\\/schema\\\/person\\\/3d64575316540d25f7866264a4b7cd24\",\"name\":\"BACKWINKEL\",\"sameAs\":[\"http:\\\/\\\/www.backwinkel.de\"],\"url\":\"https:\\\/\\\/www.backwinkel.de\\\/blog\\\/author\\\/backwinkel\\\/\"}]}<\/script>\n<!-- \/ Yoast SEO plugin. -->","yoast_head_json":{"title":"Programmieren lernen f\u00fcr Kinder im Kindergarten | BACKWINKEL Blog","description":"Entdecken Sie, wie altersgerechte Konzepte schon Kita-Kinder f\u00fcr Informatik begeistern, und welche Kompetenzen das Programmieren f\u00f6rdert. \u2713 Inkl. Tipps & Ideen f\u00fcr die Praxis \u2713 Jetzt lesen!","robots":{"index":"index","follow":"follow","max-snippet":"max-snippet:-1","max-image-preview":"max-image-preview:large","max-video-preview":"max-video-preview:-1"},"canonical":"https:\/\/www.backwinkel.de\/blog\/programmieren-im-kindergarten\/","og_locale":"de_DE","og_type":"article","og_title":"Programmieren lernen f\u00fcr Kinder im Kindergarten | BACKWINKEL Blog","og_description":"Entdecken Sie, wie altersgerechte Konzepte schon Kita-Kinder f\u00fcr Informatik begeistern, und welche Kompetenzen das Programmieren f\u00f6rdert. \u2713 Inkl. Tipps & Ideen f\u00fcr die Praxis \u2713 Jetzt lesen!","og_url":"https:\/\/www.backwinkel.de\/blog\/programmieren-im-kindergarten\/","og_site_name":"BACKWINKEL Blog","article_published_time":"2021-05-17T08:28:28+00:00","article_modified_time":"2026-04-22T13:05:49+00:00","og_image":[{"width":1200,"height":628,"url":"https:\/\/www.backwinkel.de\/blog\/wp-content\/uploads\/2021\/04\/backwinkel-blog-mint-programmieren-kiga-heroimage_b.jpg","type":"image\/jpeg"}],"author":"BACKWINKEL","twitter_card":"summary_large_image","twitter_misc":{"Verfasst von":"BACKWINKEL","Gesch\u00e4tzte Lesezeit":"12\u00a0Minuten"},"schema":{"@context":"https:\/\/schema.org","@graph":[{"@type":"Article","@id":"https:\/\/www.backwinkel.de\/blog\/programmieren-im-kindergarten\/#article","isPartOf":{"@id":"https:\/\/www.backwinkel.de\/blog\/programmieren-im-kindergarten\/"},"author":{"name":"BACKWINKEL","@id":"https:\/\/www.backwinkel.de\/blog\/#\/schema\/person\/3d64575316540d25f7866264a4b7cd24"},"headline":"Keine Angst vorm Programmieren und Coden.","datePublished":"2021-05-17T08:28:28+00:00","dateModified":"2026-04-22T13:05:49+00:00","mainEntityOfPage":{"@id":"https:\/\/www.backwinkel.de\/blog\/programmieren-im-kindergarten\/"},"wordCount":5357,"image":{"@id":"https:\/\/www.backwinkel.de\/blog\/programmieren-im-kindergarten\/#primaryimage"},"thumbnailUrl":"https:\/\/www.backwinkel.de\/blog\/wp-content\/uploads\/2021\/04\/backwinkel-blog-mint-programmieren-kiga-heroimage_b.jpg","articleSection":["Kindergarten"],"inLanguage":"de"},{"@type":"WebPage","@id":"https:\/\/www.backwinkel.de\/blog\/programmieren-im-kindergarten\/","url":"https:\/\/www.backwinkel.de\/blog\/programmieren-im-kindergarten\/","name":"Programmieren lernen f\u00fcr Kinder im Kindergarten | BACKWINKEL Blog","isPartOf":{"@id":"https:\/\/www.backwinkel.de\/blog\/#website"},"primaryImageOfPage":{"@id":"https:\/\/www.backwinkel.de\/blog\/programmieren-im-kindergarten\/#primaryimage"},"image":{"@id":"https:\/\/www.backwinkel.de\/blog\/programmieren-im-kindergarten\/#primaryimage"},"thumbnailUrl":"https:\/\/www.backwinkel.de\/blog\/wp-content\/uploads\/2021\/04\/backwinkel-blog-mint-programmieren-kiga-heroimage_b.jpg","datePublished":"2021-05-17T08:28:28+00:00","dateModified":"2026-04-22T13:05:49+00:00","author":{"@id":"https:\/\/www.backwinkel.de\/blog\/#\/schema\/person\/3d64575316540d25f7866264a4b7cd24"},"description":"Entdecken Sie, wie altersgerechte Konzepte schon Kita-Kinder f\u00fcr Informatik begeistern, und welche Kompetenzen das Programmieren f\u00f6rdert. \u2713 Inkl. Tipps & Ideen f\u00fcr die Praxis \u2713 Jetzt lesen!","breadcrumb":{"@id":"https:\/\/www.backwinkel.de\/blog\/programmieren-im-kindergarten\/#breadcrumb"},"inLanguage":"de","potentialAction":[{"@type":"ReadAction","target":["https:\/\/www.backwinkel.de\/blog\/programmieren-im-kindergarten\/"]}]},{"@type":"ImageObject","inLanguage":"de","@id":"https:\/\/www.backwinkel.de\/blog\/programmieren-im-kindergarten\/#primaryimage","url":"https:\/\/www.backwinkel.de\/blog\/wp-content\/uploads\/2021\/04\/backwinkel-blog-mint-programmieren-kiga-heroimage_b.jpg","contentUrl":"https:\/\/www.backwinkel.de\/blog\/wp-content\/uploads\/2021\/04\/backwinkel-blog-mint-programmieren-kiga-heroimage_b.jpg","width":1200,"height":628},{"@type":"BreadcrumbList","@id":"https:\/\/www.backwinkel.de\/blog\/programmieren-im-kindergarten\/#breadcrumb","itemListElement":[{"@type":"ListItem","position":1,"name":"Startseite","item":"https:\/\/blog.backwinkel.de\/aktuelles\/"},{"@type":"ListItem","position":2,"name":"Keine Angst vorm Programmieren und Coden."}]},{"@type":"WebSite","@id":"https:\/\/www.backwinkel.de\/blog\/#website","url":"https:\/\/www.backwinkel.de\/blog\/","name":"BACKWINKEL Blog","description":"f\u00fcr Lehrer, Erzieher und Eltern","potentialAction":[{"@type":"SearchAction","target":{"@type":"EntryPoint","urlTemplate":"https:\/\/www.backwinkel.de\/blog\/?s={search_term_string}"},"query-input":{"@type":"PropertyValueSpecification","valueRequired":true,"valueName":"search_term_string"}}],"inLanguage":"de"},{"@type":"Person","@id":"https:\/\/www.backwinkel.de\/blog\/#\/schema\/person\/3d64575316540d25f7866264a4b7cd24","name":"BACKWINKEL","sameAs":["http:\/\/www.backwinkel.de"],"url":"https:\/\/www.backwinkel.de\/blog\/author\/backwinkel\/"}]}},"_links":{"self":[{"href":"https:\/\/www.backwinkel.de\/blog\/wp-json\/wp\/v2\/posts\/6961","targetHints":{"allow":["GET"]}}],"collection":[{"href":"https:\/\/www.backwinkel.de\/blog\/wp-json\/wp\/v2\/posts"}],"about":[{"href":"https:\/\/www.backwinkel.de\/blog\/wp-json\/wp\/v2\/types\/post"}],"author":[{"embeddable":true,"href":"https:\/\/www.backwinkel.de\/blog\/wp-json\/wp\/v2\/users\/3"}],"replies":[{"embeddable":true,"href":"https:\/\/www.backwinkel.de\/blog\/wp-json\/wp\/v2\/comments?post=6961"}],"version-history":[{"count":4,"href":"https:\/\/www.backwinkel.de\/blog\/wp-json\/wp\/v2\/posts\/6961\/revisions"}],"predecessor-version":[{"id":18918,"href":"https:\/\/www.backwinkel.de\/blog\/wp-json\/wp\/v2\/posts\/6961\/revisions\/18918"}],"wp:featuredmedia":[{"embeddable":true,"href":"https:\/\/www.backwinkel.de\/blog\/wp-json\/wp\/v2\/media\/7014"}],"wp:attachment":[{"href":"https:\/\/www.backwinkel.de\/blog\/wp-json\/wp\/v2\/media?parent=6961"}],"wp:term":[{"taxonomy":"category","embeddable":true,"href":"https:\/\/www.backwinkel.de\/blog\/wp-json\/wp\/v2\/categories?post=6961"},{"taxonomy":"post_tag","embeddable":true,"href":"https:\/\/www.backwinkel.de\/blog\/wp-json\/wp\/v2\/tags?post=6961"}],"curies":[{"name":"wp","href":"https:\/\/api.w.org\/{rel}","templated":true}]}}