{"id":6898,"date":"2021-04-06T09:57:18","date_gmt":"2021-04-06T07:57:18","guid":{"rendered":"https:\/\/blog.backwinkel.de\/?p=6898"},"modified":"2026-03-22T15:28:22","modified_gmt":"2026-03-22T14:28:22","slug":"gruenes-klassenzimmer","status":"publish","type":"post","link":"https:\/\/www.backwinkel.de\/blog\/gruenes-klassenzimmer\/","title":{"rendered":"Das Gr\u00fcne Klassenzimmer:"},"content":{"rendered":"\n<style type=\"text\/css\" data-created_by=\"avia_inline_auto\" id=\"style-css-av-8vdv8-f7e0dae999cc49bc529a70f67b346526\">\n.flex_column.av-8vdv8-f7e0dae999cc49bc529a70f67b346526{\nborder-radius:0px 0px 0px 0px;\npadding:0px 0px 0px 0px;\n}\n<\/style>\n<div  class='flex_column av-8vdv8-f7e0dae999cc49bc529a70f67b346526 av_one_full  avia-builder-el-0  el_before_av_three_fifth  avia-builder-el-first  first flex_column_div av-zero-column-padding  '     ><p>\n<style type=\"text\/css\" data-created_by=\"avia_inline_auto\" id=\"style-css-av-jl6mo8rj-605eccf9df0dce9c3ffb6a57636da99d\">\n#top .hr.hr-invisible.av-jl6mo8rj-605eccf9df0dce9c3ffb6a57636da99d{\nmargin-top:0px;\nheight:1px;\n}\n<\/style>\n<div  class='hr av-jl6mo8rj-605eccf9df0dce9c3ffb6a57636da99d hr-invisible  avia-builder-el-1  el_before_av_heading  avia-builder-el-first '><span class='hr-inner '><span class=\"hr-inner-style\"><\/span><\/span><\/div><br \/>\n\n<style type=\"text\/css\" data-created_by=\"avia_inline_auto\" id=\"style-css-av-7ya8y-4d0dcdebc2e3b8b058c364890b4221d4\">\n#top .av-special-heading.av-7ya8y-4d0dcdebc2e3b8b058c364890b4221d4{\npadding-bottom:10px;\n}\nbody .av-special-heading.av-7ya8y-4d0dcdebc2e3b8b058c364890b4221d4 .av-special-heading-tag .heading-char{\nfont-size:25px;\n}\n.av-special-heading.av-7ya8y-4d0dcdebc2e3b8b058c364890b4221d4 .av-subheading{\nfont-size:15px;\n}\n<\/style>\n<div  class='av-special-heading av-7ya8y-4d0dcdebc2e3b8b058c364890b4221d4 av-special-heading-h1 blockquote modern-quote  avia-builder-el-2  el_after_av_hr  el_before_av_post_metadata  av-linked-heading'><h1 class='av-special-heading-tag '  >Das Gr\u00fcne Klassenzimmer: P\u00e4dagogische Wege in die Natur<\/h1><div class='av-subheading av-subheading_below'><p class=\"autorenname\">Christine Hagemann<\/p>\n<\/div><div class=\"special-heading-border\"><div class=\"special-heading-inner-border\"><\/div><\/div><\/div><br \/>\n\n<style type=\"text\/css\" data-created_by=\"avia_inline_auto\" id=\"style-css-av-55k3pu-0725b6a15acc982712f4a84882cc26b3\">\n#top .av-post-metadata-container.av-55k3pu-0725b6a15acc982712f4a84882cc26b3{\nfont-size:12px;\n}\n#top .av-post-metadata-container.av-55k3pu-0725b6a15acc982712f4a84882cc26b3 .av-post-metadata-container-inner{\nfont-size:12px;\n}\n<\/style>\n<div  class='av-post-metadata-container av-55k3pu-0725b6a15acc982712f4a84882cc26b3 av-metadata-container-align-left  avia-builder-el-3  el_after_av_heading  el_before_av_textblock  av-metadata-container-1'><div class='av-post-metadata-container-inner'><span class=\"av-post-metadata-content av-post-metadata-meta-content\"><span class=\"av-post-metadata-content av-post-metadata-published\"><span class=\"av-metadata-before av-metadata-before-published\">Ver\u00f6ffentlicht:<\/span><span class=\"av-post-metadata-published-date\" >6. April 2021<\/span><\/span><span class=\"av-post-metadata-content av-post-metadata-separator\">\/<\/span><span class=\"av-post-metadata-content av-post-metadata-modified\"><span class=\"av-metadata-before av-metadata-before-modified\">Zuletzt aktualisiert:<\/span><span class=\"av-post-metadata-modified-date\" >22. M\u00e4rz 2026<\/span><\/span><\/span><\/div><\/div><br \/>\n\n<style type=\"text\/css\" data-created_by=\"avia_inline_auto\" id=\"style-css-av-jkuubohz-8fca5ffce642cf8e1fbd093c1d421e49\">\n#top .av_textblock_section.av-jkuubohz-8fca5ffce642cf8e1fbd093c1d421e49 .avia_textblock{\nfont-size:20px;\n}\n<\/style>\n<section  class='av_textblock_section av-jkuubohz-8fca5ffce642cf8e1fbd093c1d421e49 '  ><div class='avia_textblock' ><p>Warum sollte die Schule Naturerfahrung vermitteln? Weil Umweltbewusstsein am besten im Kontakt mit der Natur gedeiht. Das Gr\u00fcne Klassenzimmer ist daf\u00fcr der ideale Lernort.<\/p>\n<\/div><\/section><br \/>\n\n<style type=\"text\/css\" data-created_by=\"avia_inline_auto\" id=\"style-css-av-jkuuo5h6-39d08c82895731e5f888da0d46ef5279\">\n.avia-image-container.av-jkuuo5h6-39d08c82895731e5f888da0d46ef5279 img.avia_image{\nbox-shadow:none;\n}\n.avia-image-container.av-jkuuo5h6-39d08c82895731e5f888da0d46ef5279 .av-image-caption-overlay-center{\ncolor:#ffffff;\n}\n<\/style>\n<div  class='avia-image-container av-jkuuo5h6-39d08c82895731e5f888da0d46ef5279 av-styling- avia-align-center  avia-builder-el-5  el_after_av_textblock  el_before_av_hr '  ><div class=\"avia-image-container-inner\"><div class=\"avia-image-overlay-wrap\"><img decoding=\"async\" fetchpriority=\"high\" class='wp-image-6905 avia-img-lazy-loading-not-6905 avia_image ' src=\"https:\/\/www.backwinkel.de\/blog\/wp-content\/uploads\/2021\/03\/backwinkel-blog-das-gruene-klassenzimmer-heroimage.jpeg\" alt='' title='backwinkel-blog-das-gruene-klassenzimmer-heroimage'  height=\"628\" width=\"1200\"  \/><\/div><\/div><\/div><br \/>\n\n<style type=\"text\/css\" data-created_by=\"avia_inline_auto\" id=\"style-css-av-jl6mo8rj-42-e29622ba63ee546cd509c148f45d0301\">\n#top .hr.hr-invisible.av-jl6mo8rj-42-e29622ba63ee546cd509c148f45d0301{\nheight:5px;\n}\n<\/style>\n<div  class='hr av-jl6mo8rj-42-e29622ba63ee546cd509c148f45d0301 hr-invisible  avia-builder-el-6  el_after_av_image  el_before_av_textblock '><span class='hr-inner '><span class=\"hr-inner-style\"><\/span><\/span><\/div><br \/>\n\n<style type=\"text\/css\" data-created_by=\"avia_inline_auto\" id=\"style-css-av-jl7ql86y-e80384d8b1750d8be134ad53f89ab6ea\">\n#top .av_textblock_section.av-jl7ql86y-e80384d8b1750d8be134ad53f89ab6ea .avia_textblock{\nfont-size:10px;\n}\n<\/style>\n<section  class='av_textblock_section av-jl7ql86y-e80384d8b1750d8be134ad53f89ab6ea '  ><div class='avia_textblock' ><p class=\"bildnennung-beitrag\" style=\"text-align: left;\">\u00a9 Marcel, Adobestock.com<\/p>\n<\/div><\/section><br \/>\n\n<style type=\"text\/css\" data-created_by=\"avia_inline_auto\" id=\"style-css-av-jl6mo8rj-40-85c3bfa573c680f286e861c498c9cf6a\">\n#top .hr.hr-invisible.av-jl6mo8rj-40-85c3bfa573c680f286e861c498c9cf6a{\nheight:20px;\n}\n<\/style>\n<div  class='hr av-jl6mo8rj-40-85c3bfa573c680f286e861c498c9cf6a hr-invisible  avia-builder-el-8  el_after_av_textblock  el_before_av_textblock '><span class='hr-inner '><span class=\"hr-inner-style\"><\/span><\/span><\/div><br \/>\n<section  class='av_textblock_section av-jkuubohz-41-02b9a8722a6016026f6e6414625827b7 '  ><div class='avia_textblock' ><p>Naturschutz ist ein wichtiges Bildungsthema. Bereits in der Grundschule sollen Kinder \u00f6kologische Zusammenh\u00e4nge verstehen lernen, damit sie unsere nat\u00fcrliche Umwelt wertsch\u00e4tzen und achtsam behandeln. Doch <strong>Naturerfahrungen<\/strong> sind im Alltag von Stadtkindern kaum noch m\u00f6glich. Wie l\u00e4sst sich Umweltwissen im Unterricht vermitteln, ohne dass es trockener Lernstoff ist?<\/p>\n<p>Das <strong>Gr\u00fcne Klassenzimmer<\/strong> schafft echte Naturerlebnisse, die nur im direkten Kontakt mit Pflanzen und Tieren m\u00f6glich sind. Hier entdecken Kinder die Natur mit ihren faszinierenden Formen, Farben und D\u00fcften hautnah. Lesen Sie in diesem Beitrag, was das Gr\u00fcne Klassenzimmer alles kann und wie Sie Ihren Unterricht naturnah gestalten. Planungshilfen zum Ausdrucken inklusive.<\/p>\n<\/div><\/section><\/p><\/div>\n\n<style type=\"text\/css\" data-created_by=\"avia_inline_auto\" id=\"style-css-av-swqf9-6bb490ea0cbb171c9d159bb967226129\">\n.flex_column.av-swqf9-6bb490ea0cbb171c9d159bb967226129{\nborder-radius:0px 0px 0px 0px;\npadding:20px 20px 20px 20px;\nbackground-color:#f2f2f2;\n}\n<\/style>\n<div  class='flex_column av-swqf9-6bb490ea0cbb171c9d159bb967226129 av_three_fifth  avia-builder-el-10  el_after_av_one_full  el_before_av_two_fifth  first flex_column_div  column-top-margin'     ><style type=\"text\/css\" data-created_by=\"avia_inline_auto\" id=\"style-css-av-jkuua5r2-daaff240cdb64ff49178ef768245fa1b\">\n#top .av_textblock_section.av-jkuua5r2-daaff240cdb64ff49178ef768245fa1b .avia_textblock{\nfont-size:14px;\n}\n<\/style>\n<section  class='av_textblock_section av-jkuua5r2-daaff240cdb64ff49178ef768245fa1b '  ><div class='avia_textblock' ><p><strong>Inhalt<\/strong><\/p>\n<p><strong><a href=\"#1\">1. Warum Naturerfahrung f\u00fcr Kinder so wichtig ist <\/a><\/strong><br \/>\n1.1 Umweltwissen allein reicht nicht<br \/>\n1.2 Mehr Natur macht gl\u00fccklich<br \/>\n1.3 Naturerleben macht schlau<\/p>\n<p><strong><a href=\"#2\">2. Was zeichnet das Gr\u00fcne Klassenzimmer aus?<\/a><\/strong><\/p>\n<p><strong><a href=\"#3\">3. Wie gestalte ich das Gr\u00fcne Klassenzimmer?<\/a><\/strong><br \/>\n3.1 Die Gem\u00fcseklasse im Schulgarten<br \/>\n3.2 Natur f\u00fchlen auf dem Sinnespfad<br \/>\n3.3 Lernen unter freiem Himmel<\/p>\n<p><strong><a href=\"#4\">4. Tipps &amp; Ideen f\u00fcr den Unterricht im Gr\u00fcnen Klassenzimmer<\/a><\/strong><\/p>\n<\/div><\/section><\/div>\n\n<style type=\"text\/css\" data-created_by=\"avia_inline_auto\" id=\"style-css-av-2532d-6e1ea05e25305745634c0a02c87dc827\">\n.flex_column.av-2532d-6e1ea05e25305745634c0a02c87dc827{\nborder-radius:0px 0px 0px 0px;\npadding:0 0 0 0;\n}\n<\/style>\n<div  class='flex_column av-2532d-6e1ea05e25305745634c0a02c87dc827 av_two_fifth  avia-builder-el-12  el_after_av_three_fifth  el_before_av_sidebar  flex_column_div av-zero-column-padding  column-top-margin'     ><\/div>\n<div  class='avia-builder-widget-area clearfix  avia-builder-el-13  el_after_av_two_fifth  el_before_av_one_full '><div id=\"text-34\" class=\"widget clearfix widget_text\">\t\t\t<div class=\"textwidget\"><p><a href=\"https:\/\/www.backwinkel.de\/nachhaltig-denken\/\" target=\"\\_blank\" rel=\"noopener\"><br \/>\n<img decoding=\"async\" class=\"werbung-desktop alignnone wp-image-4186 size-full\" src=\"https:\/\/www.backwinkel.de\/blog\/wp-content\/uploads\/2026\/04\/Backwinkel-blog-werbebanner-shop-schule_desktop.jpg\" alt=\"\" width=\"1251\" height=\"201\" \/><br \/>\n<\/a><br \/>\n<a href=\"https:\/\/www.backwinkel.de\/nachhaltig-denken\/\" target=\"\\_blank\" rel=\"noopener\"><br \/>\n<img decoding=\"async\" class=\"werbung-mobile alignnone wp-image-4187 size-full\" src=\"https:\/\/www.backwinkel.de\/blog\/wp-content\/uploads\/2026\/04\/Backwinkel-blog-werbebanner-shop-schule_mobile.jpg\" alt=\"\" width=\"550\" height=\"500\" \/><br \/>\n<\/a><\/p>\n<\/div>\n\t\t<\/div><\/div>\n\n<style type=\"text\/css\" data-created_by=\"avia_inline_auto\" id=\"style-css-av-hh5al-9c53459d093ff912fcc98cf97e19d753\">\n.flex_column.av-hh5al-9c53459d093ff912fcc98cf97e19d753{\nborder-radius:0px 0px 0px 0px;\npadding:0px 0px 0px 0px;\n}\n<\/style>\n<div  class='flex_column av-hh5al-9c53459d093ff912fcc98cf97e19d753 av_one_full  avia-builder-el-14  el_after_av_sidebar  el_before_av_one_full  first flex_column_div av-zero-column-padding  '     ><section  class='av_textblock_section av-jkuul0eg-47aa45f9d704d9c8972e1ddf4c471077 '  ><div class='avia_textblock' >\n<style type=\"text\/css\" data-created_by=\"avia_inline_auto\" id=\"style-css-av-7c7r8-37-ae67c13c45284667adf01f6fa88021af\">\n#top .hr.hr-invisible.av-7c7r8-37-ae67c13c45284667adf01f6fa88021af{\nheight:20px;\n}\n<\/style>\n<div  class='hr av-7c7r8-37-ae67c13c45284667adf01f6fa88021af hr-invisible  avia-builder-el-16  avia-builder-el-no-sibling '><span class='hr-inner '><span class=\"hr-inner-style\"><\/span><\/span><\/div>\n<h2 id=\"1\" class=\"position\">Warum Naturerfahrung f\u00fcr Kinder so wichtig ist<\/h2>\n<p>Klimawandel, Artensterben und der Raubbau an nat\u00fcrlichen Ressourcen haben Umweltthemen in den Blick der \u00d6ffentlichkeit ger\u00fcckt. Die L\u00f6sungsans\u00e4tze der Politik erscheinen jedoch halbherzig. Dabei werden unsere Kinder in noch viel st\u00e4rkerem Ma\u00df davon betroffen sein.<\/p>\n<p>Was bedeutet <strong>Umweltbewusstsein<\/strong> in der heutigen Zeit? Zun\u00e4chst die Einsicht, dass unsere nat\u00fcrlichen Lebensgrundlagen in Gefahr sind, und zwar durch die Menschen selbst, verbunden mit der Bereitschaft zur Abhilfe. Doch Umweltbewusstsein l\u00e4sst sich nicht verordnen. Es w\u00e4chst erst im pers\u00f6nlichen Naturerleben.<\/p>\n<h3>Umweltwissen allein reicht nicht<\/h3>\n<p>Das Dilemma der Umweltbildung ist, dass mehr Wissen offensichtlich nicht zu besserem Handeln f\u00fchrt. Worauf es ankommt, ist die emotionale Einstellung zur Natur. Nur wer sich mit der Natur verbunden f\u00fchlt, ist auch bereit, umweltbewusst zu handeln. Diese Einstellung wird schon in der Kindheit durch eigene Naturerfahrung gepr\u00e4gt. Kinder, die in engem Kontakt zur Natur aufwachsen, sind st\u00e4rker motiviert, sich aktiv f\u00fcr Natur- und Umweltschutz einzusetzen.<\/p>\n<h3>Mehr Natur macht gl\u00fccklich<\/h3>\n<p>Naturn\u00e4he wirkt sich positiv auf das k\u00f6rperliche und seelische <strong>Wohlbefinden<\/strong> aus. Im Klassenzimmer gen\u00fcgt schon die Anwesenheit von Gr\u00fcnpflanzen, um das Klassenklima zu verbessern. Die Kinder verhalten sich entspannter, sind ausgeglichener und seltener krank, wie Studien an Grundschulen belegen. Auch auf dem Pausenhof bewirken Pflanzk\u00fcbel und Blumenbeete wahre Wunder. So kann man beobachten, dass sich Kinder auf naturnah gestalteten Schulh\u00f6fen ruhiger und deutlich weniger aggressiv verhalten.<\/p>\n<p>Entwicklungsforscher stellen fest: Kinder mit viel Natur in ihrem Lebensumfeld sind psychisch stabiler und haben ein besseres <strong>Selbstwertgef\u00fchl<\/strong>. Beispielsweise empfinden viele Kinder mit ADHS im Wald mehr positive Gef\u00fchle wie Freude und Selbstsicherheit als in einem Geb\u00e4ude. Auch in F\u00e4llen, in denen Kinder belastende Erlebnisse emotional verarbeiten m\u00fcssen, hat die Natur eine puffernde, erholsame Wirkung.<\/p>\n<h3>Naturerleben macht schlau<\/h3>\n<p>Das selbstt\u00e4tige Erkunden von Naturph\u00e4nomenen im Gr\u00fcnen Klassenzimmer weckt nicht nur das Interesse der Kinder, es verbessert auch ihre <strong>kognitiven F\u00e4higkeiten<\/strong>. Dies best\u00e4tigen Tests mit Kindern, die einen Naturkindergarten besucht haben. In der Grundschule zeigen diese Kinder mehr Kreativit\u00e4t, besonders rege Mitarbeit im Unterricht, sprachliche Gewandtheit und sehr gute Leistungen im Sachunterricht.<\/p>\n<p>Die Grundschule legt das Fundament f\u00fcr die <strong>naturwissenschaftliche Bildung<\/strong>. Das Gr\u00fcne Klassenzimmer liefert dazu einen wichtigen Beitrag, denn die Natur regt Kinder zu immer neuen Fragen an. Lehrkr\u00e4fte k\u00f6nnen diese Fragen aufgreifen und somit Lernprozesse, die von den Kindern ausgehen, situationsbezogen vertiefen.<\/p>\n<p>Lesen Sie mehr zum positiven Einfluss der Natur in unserem Beitrag \u00fcber den <a href=\"https:\/\/blog.backwinkel.de\/?p=6865&amp;preview=true\" target=\"_blank\" rel=\"noopener\">Waldkindergarten<\/a>.<\/p>\n<\/div><\/section><\/div>\n<style type=\"text\/css\" data-created_by=\"avia_inline_auto\" id=\"style-css-av-hh5al-36-4e6f2187db3548b7652b4d5084deeeda\">\n.flex_column.av-hh5al-36-4e6f2187db3548b7652b4d5084deeeda{\nborder-radius:0px 0px 0px 0px;\npadding:0px 0px 0px 0px;\n}\n<\/style>\n<div  class='flex_column av-hh5al-36-4e6f2187db3548b7652b4d5084deeeda av_one_full  avia-builder-el-17  el_after_av_one_full  el_before_av_one_full  first flex_column_div av-zero-column-padding  column-top-margin'     ><section  class='av_textblock_section av-jkuul0eg-35-50049ae56736d492ee2c4506bd41e060 '  ><div class='avia_textblock' >\n<style type=\"text\/css\" data-created_by=\"avia_inline_auto\" id=\"style-css-av-7c7r8-34-5edbad3ff0c9aaec230d1b7052571981\">\n#top .hr.hr-invisible.av-7c7r8-34-5edbad3ff0c9aaec230d1b7052571981{\nheight:20px;\n}\n<\/style>\n<div  class='hr av-7c7r8-34-5edbad3ff0c9aaec230d1b7052571981 hr-invisible  avia-builder-el-19  avia-builder-el-no-sibling '><span class='hr-inner '><span class=\"hr-inner-style\"><\/span><\/span><\/div>\n<h2 id=\"2\" class=\"position\">Was zeichnet das Gr\u00fcne Klassenzimmer aus?<\/h2>\n<p>Umweltbildung im Freien \u2013 das bedeutet <strong>erlebnisorientierter Unterricht<\/strong> und Lernen mit allen Sinnen. Das Gr\u00fcne Klassenzimmer bietet dabei mehr als nur gelegentliche Ausfl\u00fcge ins Gr\u00fcne. Es ist ein fester Lernort, an dem die Kinder <strong>regelm\u00e4\u00dfig Zeit in der Natur<\/strong> verbringen, immer neue Beobachtungen sammeln und durch naturnahe Projekte selbstt\u00e4tig ihr Wissen erweitern.<\/p>\n<p>Ist das nicht die Idee des guten alten Schullandheims? Ja, genau. Heutige Umweltp\u00e4dagogen bedauern sein Verschwinden und pl\u00e4dieren daf\u00fcr, diesen Ansatz neu zu beleben. Im Idealfall verf\u00fcgt die Schule \u00fcber solch eine Au\u00dfenstation in l\u00e4ndlicher Umgebung mit \u00dcbernachtungsm\u00f6glichkeiten, vielleicht sogar im Zeltlager. Hier kommen neben fachlichen Aspekten auch <strong>kooperatives Lernen<\/strong> sowie lebenspraktische und soziale F\u00e4higkeiten besonders zur Entfaltung.<\/p>\n<\/div><\/section><\/div>\n<style type=\"text\/css\" data-created_by=\"avia_inline_auto\" id=\"style-css-av-jlnt0i5o-d256db89d9b6aa9bb92f19cfc2475b5b\">\n.flex_column.av-jlnt0i5o-d256db89d9b6aa9bb92f19cfc2475b5b{\nborder-radius:0px 0px 0px 0px;\npadding:10px 10px 10px 10px;\nbackground-color:#e0f1b4;\n}\n<\/style>\n<div  class='flex_column av-jlnt0i5o-d256db89d9b6aa9bb92f19cfc2475b5b av_one_full  avia-builder-el-20  el_after_av_one_full  el_before_av_one_full  first flex_column_div  column-top-margin'     ><style type=\"text\/css\" data-created_by=\"avia_inline_auto\" id=\"style-css-av-jkuvcso3-bf550690b05a5b6ef37ec26a0e850258\">\n#top .av_textblock_section.av-jkuvcso3-bf550690b05a5b6ef37ec26a0e850258 .avia_textblock{\nfont-size:18px;\n}\n<\/style>\n<section  class='av_textblock_section av-jkuvcso3-bf550690b05a5b6ef37ec26a0e850258 '  ><div class='avia_textblock' ><p><strong>Tipp:<\/strong> F\u00fcr Schulen im st\u00e4dtischen Raum gibt es verschiedene Angebote von Parkverwaltungen, die naturnahe Kurse im Gr\u00fcnen Klassenzimmer veranstalten. Schulklassen k\u00f6nnen aus dem Kursprogramm interessante Themen ausw\u00e4hlen. Die Kurse finden meist vormittags von Mai bis September statt.<\/p>\n<\/div><\/section><\/div>\n<style type=\"text\/css\" data-created_by=\"avia_inline_auto\" id=\"style-css-av-hh5al-33-f0fb9cb2548a3400a117d71e0f43c4a7\">\n.flex_column.av-hh5al-33-f0fb9cb2548a3400a117d71e0f43c4a7{\nborder-radius:0px 0px 0px 0px;\npadding:0px 0px 0px 0px;\n}\n<\/style>\n<div  class='flex_column av-hh5al-33-f0fb9cb2548a3400a117d71e0f43c4a7 av_one_full  avia-builder-el-22  el_after_av_one_full  el_before_av_one_full  first flex_column_div av-zero-column-padding  column-top-margin'     ><section  class='av_textblock_section av-jkuul0eg-32-d5dd843131d44a5078b173e4f7bd36a7 '  ><div class='avia_textblock' ><p>Rund um die Schule k\u00f6nnen Gr\u00fcne Klassenzimmer <strong>auf jeder Freifl\u00e4che<\/strong> entstehen. Am besten eignet sich ein Garten, der zur Schule geh\u00f6rt oder zumindest schnell erreichbar ist. Doch in jedem Au\u00dfenbereich und sogar auf dem Schulhof lassen sich Pflanzk\u00fcbel aufstellen und Beete anlegen, die zu Naturerkundungen einladen. Wichtig ist, dass die <strong>Kinder<\/strong> im Gr\u00fcnen Klassenzimmer <strong>selbst aktiv<\/strong> werden.<\/p>\n<p><a href=\"https:\/\/blog.backwinkel.de\/wp-content\/uploads\/2021\/03\/backwinkel-blog-das-gruene-klassenzimmer-grafik.png\"><img decoding=\"async\" class=\"alignnone size-full wp-image-6901\" src=\"https:\/\/blog.backwinkel.de\/wp-content\/uploads\/2021\/03\/backwinkel-blog-das-gruene-klassenzimmer-grafik.png\" alt=\"\" width=\"850\" height=\"458\" \/><\/a><\/p>\n<p>Erlebnisorientierter Unterricht im Gr\u00fcnen Klassenzimmer f\u00f6rdert das Umweltbewusstsein.<\/p>\n<\/div><\/section><\/div><\/p>\n\n<style type=\"text\/css\" data-created_by=\"avia_inline_auto\" id=\"style-css-av-hh5al-28-4e8c25af6590706a6d906e8f1648b663\">\n.flex_column.av-hh5al-28-4e8c25af6590706a6d906e8f1648b663{\nborder-radius:0px 0px 0px 0px;\npadding:0px 0px 0px 0px;\n}\n<\/style>\n<div  class='flex_column av-hh5al-28-4e8c25af6590706a6d906e8f1648b663 av_one_full  avia-builder-el-24  el_after_av_one_full  el_before_av_one_third  first flex_column_div av-zero-column-padding  column-top-margin'     ><section  class='av_textblock_section av-jkuul0eg-27-988bcc1f50c45810b36ce69f4e7eb8d9 '  ><div class='avia_textblock' >\n<style type=\"text\/css\" data-created_by=\"avia_inline_auto\" id=\"style-css-av-7c7r8-31-29c5359869adade04410c26c3d9a7c1a\">\n#top .hr.hr-invisible.av-7c7r8-31-29c5359869adade04410c26c3d9a7c1a{\nheight:20px;\n}\n<\/style>\n<div  class='hr av-7c7r8-31-29c5359869adade04410c26c3d9a7c1a hr-invisible  avia-builder-el-26  avia-builder-el-no-sibling '><span class='hr-inner '><span class=\"hr-inner-style\"><\/span><\/span><\/div>\n<h2 id=\"3\" class=\"position\">Wie gestalte ich das Gr\u00fcne Klassenzimmer?<\/h2>\n<p>Beginnen Sie mit einer Ideensammlung. Ihre Planung h\u00e4ngt davon ab, f\u00fcr welches Projekt Sie sich entscheiden, und nat\u00fcrlich vom Platzangebot. Die folgenden Beispiele veranschaulichen, wie ein Gr\u00fcnes Klassenzimmer aussehen kann.<\/p>\n<p><strong>Ideen f\u00fcr das Gr\u00fcne Klassenzimmer: <\/strong><\/p>\n<ul>\n<li>Tische und B\u00e4nke unter freiem Himmel<\/li>\n<li>Gem\u00fcseanbau im Schulgarten<\/li>\n<li>ein Vierjahreszeiten-Beet mit Blumen<\/li>\n<li>Sch\u00fclerbeete zur freien Bepflanzung<\/li>\n<li>ein Sinnesgarten oder Sinnespfad<\/li>\n<li>nat\u00fcrliche Bereiche mit Wildwuchs<\/li>\n<li>ein K\u00fcbelgarten mit Kr\u00e4utern oder Blumen<\/li>\n<li>mobile Pflanzkisten und Hochbeete<\/li>\n<li>ein Klassenzimmer aus Baumst\u00e4mmen<\/li>\n<\/ul>\n<\/div><\/section><\/div>\n<div class='flex_column_table av-jxcy3x4s-fc5d4ad95756edaabc2bc972666892fb sc-av_one_third av-equal-height-column-flextable'>\n<style type=\"text\/css\" data-created_by=\"avia_inline_auto\" id=\"style-css-av-jxcy3x4s-fc5d4ad95756edaabc2bc972666892fb\">\n.flex_column.av-jxcy3x4s-fc5d4ad95756edaabc2bc972666892fb{\nborder-width:1px;\nborder-color:#ebebeb;\nborder-style:solid;\nborder-radius:0px 0px 0px 0px;\npadding:10px 10px 10px 10px;\n}\n<\/style>\n<div  class='flex_column av-jxcy3x4s-fc5d4ad95756edaabc2bc972666892fb av_one_third  avia-builder-el-27  el_after_av_one_full  el_before_av_one_third  first flex_column_table_cell av-equal-height-column av-align-top  column-top-margin'     ><p><section  class='av_textblock_section av-jxcz48fa-e3a8c428ebf631dbb5e2b3914e95c36c '  ><div class='avia_textblock' ><p><a href=\"https:\/\/www.backwinkel.de\/mobiles-gewaechshaus.html?\" target=\"_blank\" rel=\"noopener\"><img decoding=\"async\" class=\"alignnone wp-image-6908 size-full\" src=\"https:\/\/blog.backwinkel.de\/wp-content\/uploads\/2021\/03\/66067_mobiles-gewaechshaus.jpeg\" alt=\"\" width=\"500\" height=\"350\" \/><\/a><\/p>\n<p style=\"font-size: 20px; font-family: urw_grotesk_extra_narrowrg; text-align: left;\">Mobiles Gew\u00e4chshaus<\/p>\n<p style=\"text-align: left;\"><div  class='avia-button-wrap av-8ssthn-e729e95b421aad09dbd104995a4cfe1c-wrap avia-button-center  avia-builder-el-29  avia-builder-el-no-sibling '><a href='https:\/\/www.backwinkel.de\/prod\/mobiles-gewaechshaus.html'  class='avia-button av-8ssthn-e729e95b421aad09dbd104995a4cfe1c av-link-btn avia-icon_select-no avia-size-medium avia-position-center avia-color-theme-color'  target=\"_blank\"  rel=\"noopener noreferrer\"  aria-label=\"zum Produkt\"><span class='avia_iconbox_title' >zum Produkt<\/span><\/a><\/div><\/p>\n<\/div><\/section><br \/>\n\n<style type=\"text\/css\" data-created_by=\"avia_inline_auto\" id=\"style-css-av-jkuvdh82-4f37b1a2f5bf0c7f14df31e178d6014c\">\n#top .hr.hr-invisible.av-jkuvdh82-4f37b1a2f5bf0c7f14df31e178d6014c{\nheight:20px;\n}\n<\/style>\n<div  class='hr av-jkuvdh82-4f37b1a2f5bf0c7f14df31e178d6014c hr-invisible  avia-builder-el-30  el_after_av_textblock  avia-builder-el-last '><span class='hr-inner '><span class=\"hr-inner-style\"><\/span><\/span><\/div><\/p><\/div>\n<div class='av-flex-placeholder'><\/div>\n<style type=\"text\/css\" data-created_by=\"avia_inline_auto\" id=\"style-css-av-jxcy3x4s-23-b650f2298b8cc60b5499ba5de758ddd3\">\n.flex_column.av-jxcy3x4s-23-b650f2298b8cc60b5499ba5de758ddd3{\nborder-width:1px;\nborder-color:#ebebeb;\nborder-style:solid;\nborder-radius:0px 0px 0px 0px;\npadding:10px 10px 10px 10px;\n}\n<\/style>\n<div  class='flex_column av-jxcy3x4s-23-b650f2298b8cc60b5499ba5de758ddd3 av_one_third  avia-builder-el-31  el_after_av_one_third  el_before_av_one_third  flex_column_table_cell av-equal-height-column av-align-top  column-top-margin'     ><p><section  class='av_textblock_section av-jxcz48fa-22-6394a444964c51d707bc22df40d4f16e '  ><div class='avia_textblock' ><p><a href=\"https:\/\/www.backwinkel.de\/hochbeet.html\" target=\"_blank\" rel=\"noopener\"><img decoding=\"async\" class=\"alignnone wp-image-6906 size-full\" src=\"https:\/\/blog.backwinkel.de\/wp-content\/uploads\/2021\/03\/30201_hochbeet.jpeg\" alt=\"\" width=\"500\" height=\"350\" \/><\/a><\/p>\n<p style=\"font-size: 20px; font-family: urw_grotesk_extra_narrowrg; text-align: left;\">Hochbeet<\/p>\n<p style=\"text-align: left;\"><div  class='avia-button-wrap av-8ssthn-21-08e427352e41733d1940f75f86fdc663-wrap avia-button-center  avia-builder-el-33  avia-builder-el-no-sibling '><a href='https:\/\/www.backwinkel.de\/prod\/hochbeet.html'  class='avia-button av-8ssthn-21-08e427352e41733d1940f75f86fdc663 av-link-btn avia-icon_select-no avia-size-medium avia-position-center avia-color-theme-color'  target=\"_blank\"  rel=\"noopener noreferrer\"  aria-label=\"zum Produkt\"><span class='avia_iconbox_title' >zum Produkt<\/span><\/a><\/div><\/p>\n<\/div><\/section><br \/>\n\n<style type=\"text\/css\" data-created_by=\"avia_inline_auto\" id=\"style-css-av-jkuvdh82-20-af2a60c58690d7d504924b63f838766b\">\n#top .hr.hr-invisible.av-jkuvdh82-20-af2a60c58690d7d504924b63f838766b{\nheight:20px;\n}\n<\/style>\n<div  class='hr av-jkuvdh82-20-af2a60c58690d7d504924b63f838766b hr-invisible  avia-builder-el-34  el_after_av_textblock  avia-builder-el-last '><span class='hr-inner '><span class=\"hr-inner-style\"><\/span><\/span><\/div><\/p><\/div>\n<div class='av-flex-placeholder'><\/div>\n<style type=\"text\/css\" data-created_by=\"avia_inline_auto\" id=\"style-css-av-jxcy3x4s-19-1b8c4780e80cbaacb56e1c6ac2e36ab4\">\n.flex_column.av-jxcy3x4s-19-1b8c4780e80cbaacb56e1c6ac2e36ab4{\nborder-width:1px;\nborder-color:#ebebeb;\nborder-style:solid;\nborder-radius:0px 0px 0px 0px;\npadding:10px 10px 10px 10px;\n}\n<\/style>\n<div  class='flex_column av-jxcy3x4s-19-1b8c4780e80cbaacb56e1c6ac2e36ab4 av_one_third  avia-builder-el-35  el_after_av_one_third  el_before_av_one_full  flex_column_table_cell av-equal-height-column av-align-top  column-top-margin'     ><p><section  class='av_textblock_section av-jxcz48fa-18-d47132a8b0ccf6bc89918a470d15c90e '  ><div class='avia_textblock' ><p><a href=\"https:\/\/www.backwinkel.de\/sitzpodest-baum.html?\" target=\"_blank\" rel=\"noopener\"><img decoding=\"async\" class=\"alignnone wp-image-6907 size-full\" src=\"https:\/\/blog.backwinkel.de\/wp-content\/uploads\/2021\/03\/53319_sitzpodest-baum.jpeg\" alt=\"\" width=\"500\" height=\"350\" \/><\/a><\/p>\n<p style=\"font-size: 20px; font-family: urw_grotesk_extra_narrowrg; text-align: left;\">Sitzpodest Baum<\/p>\n<p style=\"text-align: left;\"><div  class='avia-button-wrap av-8ssthn-17-df17410994019d8582269d2c3a8ab844-wrap avia-button-center  avia-builder-el-37  avia-builder-el-no-sibling '><a href='https:\/\/www.backwinkel.de\/prod\/sitzpodest-baum.html'  class='avia-button av-8ssthn-17-df17410994019d8582269d2c3a8ab844 av-link-btn avia-icon_select-no avia-size-medium avia-position-center avia-color-theme-color'  target=\"_blank\"  rel=\"noopener noreferrer\"  aria-label=\"zum Produkt\"><span class='avia_iconbox_title' >zum Produkt<\/span><\/a><\/div><\/p>\n<\/div><\/section><br \/>\n\n<style type=\"text\/css\" data-created_by=\"avia_inline_auto\" id=\"style-css-av-jkuvdh82-16-6912d4ba25b7d26abafb88aec0586a75\">\n#top .hr.hr-invisible.av-jkuvdh82-16-6912d4ba25b7d26abafb88aec0586a75{\nheight:20px;\n}\n<\/style>\n<div  class='hr av-jkuvdh82-16-6912d4ba25b7d26abafb88aec0586a75 hr-invisible  avia-builder-el-38  el_after_av_textblock  avia-builder-el-last '><span class='hr-inner '><span class=\"hr-inner-style\"><\/span><\/span><\/div><\/p><\/div><\/div><!--close column table wrapper. Autoclose: 1 -->\n\n<style type=\"text\/css\" data-created_by=\"avia_inline_auto\" id=\"style-css-av-hh5al-26-537fafdc58800afe8f27d3dbaf6d970e\">\n.flex_column.av-hh5al-26-537fafdc58800afe8f27d3dbaf6d970e{\nborder-radius:0px 0px 0px 0px;\npadding:0px 0px 0px 0px;\n}\n<\/style>\n<div  class='flex_column av-hh5al-26-537fafdc58800afe8f27d3dbaf6d970e av_one_full  avia-builder-el-39  el_after_av_one_third  el_before_av_one_full  first flex_column_div av-zero-column-padding  column-top-margin'     ><section  class='av_textblock_section av-jkuul0eg-25-b4927e549744ca585b35ad9c6d4594ae '  ><div class='avia_textblock' >\n<style type=\"text\/css\" data-created_by=\"avia_inline_auto\" id=\"style-css-av-1zt8le-dc11efba8decd5ebbe11c121ab5ee7eb\">\n#top .hr.av-1zt8le-dc11efba8decd5ebbe11c121ab5ee7eb{\nmargin-top:20px;\nmargin-bottom:0px;\n}\n.hr.av-1zt8le-dc11efba8decd5ebbe11c121ab5ee7eb .hr-inner{\nwidth:50px;\n}\n<\/style>\n<div  class='hr av-1zt8le-dc11efba8decd5ebbe11c121ab5ee7eb hr-custom  avia-builder-el-41  avia-builder-el-no-sibling  hr-center hr-icon-no'><span class='hr-inner inner-border-av-border-none'><span class=\"hr-inner-style\"><\/span><\/span><\/div>\n<h3>Die Gem\u00fcseklasse im Schulgarten<\/h3>\n<p>In der Grundschule ist <strong>gesunde Ern\u00e4hrung<\/strong> ein zentrales Thema. Stadtkinder kennen Gem\u00fcse meist nur aus dem Supermarkt. Sie haben keinen Bezug mehr zum Anbau von Nahrungsmitteln. Was liegt da n\u00e4her, als Gem\u00fcse und Kr\u00e4uter selbst zu ziehen? Die Kinder d\u00fcrfen mitentscheiden, was angepflanzt wird. Beim G\u00e4rtnern erfahren sie jede Menge \u00fcber nat\u00fcrliche Prozesse und lernen, sorgf\u00e4ltig mit Lebensmitteln umzugehen.<\/p>\n<p>Empfehlenswert zum Thema Schulgarten ist das Bildungsprogramm der <strong>Gem\u00fcseAckerdemie<\/strong>. Das Programm ist ein Beitrag zur Agenda 2030, die eine gerecht und nachhaltig handelnde Weltgemeinschaft anstrebt. <a href=\"https:\/\/www.acker.co\/gemueseackerdemie\" target=\"_blank\" rel=\"noopener\">https:\/\/www.gemueseackerdemie.de<\/a><\/p>\n<p>Lesen Sie gern unseren Beitrag <a href=\"https:\/\/blog.backwinkel.de\/schulgarten\/\" target=\"_blank\" rel=\"noopener\">W\u00e4chst Gem\u00fcse im Supermarkt?<\/a>, wenn Sie Interesse an Praxistipps f\u00fcr \u00f6kologisches G\u00e4rtnern mit Kindern haben.<\/p>\n<\/div><\/section><\/div>\n<style type=\"text\/css\" data-created_by=\"avia_inline_auto\" id=\"style-css-av-jlnt0i5o-30-a0e354e056136c53b2a04397977cf8ff\">\n.flex_column.av-jlnt0i5o-30-a0e354e056136c53b2a04397977cf8ff{\nborder-radius:0px 0px 0px 0px;\npadding:10px 10px 10px 10px;\nbackground-color:#e0f1b4;\n}\n<\/style>\n<div  class='flex_column av-jlnt0i5o-30-a0e354e056136c53b2a04397977cf8ff av_one_full  avia-builder-el-42  el_after_av_one_full  el_before_av_one_full  first flex_column_div  column-top-margin'     ><style type=\"text\/css\" data-created_by=\"avia_inline_auto\" id=\"style-css-av-jkuvcso3-29-ed2b1622e9b7d4e446e60d298d5c2fa5\">\n#top .av_textblock_section.av-jkuvcso3-29-ed2b1622e9b7d4e446e60d298d5c2fa5 .avia_textblock{\nfont-size:18px;\n}\n<\/style>\n<section  class='av_textblock_section av-jkuvcso3-29-ed2b1622e9b7d4e446e60d298d5c2fa5 '  ><div class='avia_textblock' ><p><strong>Tipp:<\/strong> \u00dcberlassen Sie einen Bereich Ihres Gartens dem nat\u00fcrlichen Wildwuchs, einschlie\u00dflich Brennnesseln f\u00fcr Schmetterlingsraupen, Totholz als Insektenhotel, Laubhaufen f\u00fcr Igel oder T\u00fcmpel f\u00fcr Fr\u00f6sche und Libellen. Das erm\u00f6glicht Kindern, auch tierische Gartenbewohner in ihrem nat\u00fcrlichen Lebensraum zu beobachten und \u00f6kologische Kreisl\u00e4ufe zu verstehen.<\/p>\n<\/div><\/section><\/div>\n<style type=\"text\/css\" data-created_by=\"avia_inline_auto\" id=\"style-css-av-hh5al-14-9ab62d48bef4dad42629995e86fc9a6b\">\n.flex_column.av-hh5al-14-9ab62d48bef4dad42629995e86fc9a6b{\nborder-radius:0px 0px 0px 0px;\npadding:0px 0px 0px 0px;\n}\n<\/style>\n<div  class='flex_column av-hh5al-14-9ab62d48bef4dad42629995e86fc9a6b av_one_full  avia-builder-el-44  el_after_av_one_full  el_before_av_one_full  first flex_column_div av-zero-column-padding  column-top-margin'     ><section  class='av_textblock_section av-jkuul0eg-13-98fa49eb0576a6a77f03ef07eb44a365 '  ><div class='avia_textblock' ><h3>Natur f\u00fchlen auf dem Sinnespfad<\/h3>\n<p>Ein Kerngedanke des Sinnespfads ist, die Natur bewusst \u00fcber verschiedene <strong>Sinnesreize<\/strong> zu erfahren. Das macht Kindern viel Spa\u00df, vor allem wenn sie barfu\u00df laufen d\u00fcrfen. Die Stimulation gibt ein intensiveres K\u00f6rpergef\u00fchl, verbessert die <strong>Sensomotorik<\/strong> und f\u00f6rdert die Wahrnehmungs- und Denkf\u00e4higkeit. Duftende Blumen und Kr\u00e4uter runden das Projekt Sinnespfad perfekt ab.<\/p>\n<p>F\u00fcr die Anlage eines Sinnespfads im Au\u00dfenbereich ist eine Rasenfl\u00e4che ideal. Besonders gut eignen sich Materialien, die <strong>das ganze Jahr \u00fcber drau\u00dfen<\/strong> verbleiben k\u00f6nnen, wie zum Beispiel Kies, Sand, Rindenmulch, Moos, Kastanien und Fichtenzapfen. Gestalten Sie den F\u00fchlpfad immer so, dass sich Materialien mit starken Reizen und solche mit schwachen Reizen abwechseln.<\/p>\n<\/div><\/section><\/div>\n<style type=\"text\/css\" data-created_by=\"avia_inline_auto\" id=\"style-css-av-jlnt0i5o-12-c55925e73aff95de08963626d9668098\">\n.flex_column.av-jlnt0i5o-12-c55925e73aff95de08963626d9668098{\nborder-radius:0px 0px 0px 0px;\npadding:10px 10px 10px 10px;\nbackground-color:#e0f1b4;\n}\n<\/style>\n<div  class='flex_column av-jlnt0i5o-12-c55925e73aff95de08963626d9668098 av_one_full  avia-builder-el-46  el_after_av_one_full  el_before_av_one_full  first flex_column_div  column-top-margin'     ><style type=\"text\/css\" data-created_by=\"avia_inline_auto\" id=\"style-css-av-jkuvcso3-11-48c4cc6cdcd39cf7f65a022a5b51bdca\">\n#top .av_textblock_section.av-jkuvcso3-11-48c4cc6cdcd39cf7f65a022a5b51bdca .avia_textblock{\nfont-size:18px;\n}\n<\/style>\n<section  class='av_textblock_section av-jkuvcso3-11-48c4cc6cdcd39cf7f65a022a5b51bdca '  ><div class='avia_textblock' ><p><strong>Tipp:<\/strong> Bereits bei der Planung sollten Sie die Eltern ins Team holen. Bestimmt sind viele Eltern von diesem Projekt begeistert und gerne bereit, tatkr\u00e4ftig mit anzupacken. Veranstalten Sie einen Aktionstag, an dem alle gemeinsam den Sinnespfad fertigstellen. Mehr dazu erfahren Sie in unserem Beitrag <a href=\"https:\/\/blog.backwinkel.de\/sinnesfoerderung-im-kindergarten\/\">Sinnesf\u00f6rderung im Kindergarten: So gestalten Sie einen spannenden Barfu\u00df-Sinnespfad<\/a>.<\/p>\n<\/div><\/section><\/div>\n<style type=\"text\/css\" data-created_by=\"avia_inline_auto\" id=\"style-css-av-hh5al-10-0fad02707e4106bf16cfcfe39cb789eb\">\n.flex_column.av-hh5al-10-0fad02707e4106bf16cfcfe39cb789eb{\nborder-radius:0px 0px 0px 0px;\npadding:0px 0px 0px 0px;\n}\n<\/style>\n<div  class='flex_column av-hh5al-10-0fad02707e4106bf16cfcfe39cb789eb av_one_full  avia-builder-el-48  el_after_av_one_full  el_before_av_one_full  first flex_column_div av-zero-column-padding  column-top-margin'     ><section  class='av_textblock_section av-jkuul0eg-9-e8a499adf1a8d4bdf8e8bd6e2dad1616 '  ><div class='avia_textblock' ><h3>Lernen unter freiem Himmel<\/h3>\n<p>Zum Gr\u00fcnen Klassenzimmer im Schulgarten geh\u00f6ren <strong>Gartenger\u00e4te<\/strong> und ein Ger\u00e4teschuppen. Ein <strong>mobiles<\/strong> <strong>Gew\u00e4chshaus<\/strong> ist perfekt zur Anzucht von Pflanzen. Auch f\u00fcr Exkursionen in der freien Natur ben\u00f6tigen Ihre Sch\u00fcler sachgerechte <strong>Forscher-Utensilien<\/strong>. Zur Ausr\u00fcstung geh\u00f6ren neben Gummistiefeln auch Becherlupe und Kescher, bis hin zu Kindermikroskop und Blumenpresse.<\/p>\n<p>Damit Ihre Sch\u00fcler mit Fachb\u00fcchern arbeiten und Inhalte notieren k\u00f6nnen, statten Sie das Gr\u00fcne Klassenzimmer mit Tischen und B\u00e4nken aus. Am besten eignen sich fest installierte, wetterbest\u00e4ndige <strong>Outdoor-M\u00f6bel<\/strong>. Hier basteln die Kinder oder werten ihre Fundst\u00fccke aus. Dieses Klassenzimmer unter freiem Himmel steht jederzeit zur Verf\u00fcgung, wenn die Sommersonne nach drau\u00dfen lockt.<\/p>\n<\/div><\/section><br \/>\n\n<style type=\"text\/css\" data-created_by=\"avia_inline_auto\" id=\"style-css-av-kmkhrrws-54faaa7216a8b5ede901b13a49047f5a\">\n.av_promobox.av-kmkhrrws-54faaa7216a8b5ede901b13a49047f5a{\ncolor:#575757;\nbackground:#d6e0ed;\nborder-color:#6194ed;\n}\n<\/style>\n<div  class='av_promobox av-kmkhrrws-54faaa7216a8b5ede901b13a49047f5a avia-button-no  avia-builder-el-50  el_after_av_textblock  el_before_av_textblock  eigenwerbung'><div class='avia-promocontent'><p>\nVom <a href=\"https:\/\/www.backwinkel.de\/prod\/mobiles-gewaechshaus.html\" target=\"_blank\" rel=\"noopener\">mobilen Gew\u00e4chshaus<\/a>\u00a0\u00fcber <a href=\"https:\/\/www.backwinkel.de\/cat\/lehrmittel-sachunterricht\/\" target=\"_blank\" rel=\"noopener\">Forscher-Utensilien<\/a> bis hin zu <a href=\"https:\/\/www.backwinkel.de\/cat\/kindergarten-aussenbereich-sitzgruppen\/\" target=\"_blank\" rel=\"noopener\">Outdoor-Sitzgruppen<\/a> finden Sie alles in unserem klimaneutralen <a href=\"https:\/\/www.backwinkel.de\/\" target=\"_blank\" rel=\"noopener\">Onlineshop<\/a>.<\/p>\n<\/div><\/div><br \/>\n<section  class='av_textblock_section av-jkuul0eg-6-0764131b4d4816ee1e8cf4e80ceb2286 '  ><div class='avia_textblock' >\n<style type=\"text\/css\" data-created_by=\"avia_inline_auto\" id=\"style-css-av-1ujjw2-563bfd8b76b2d9b6ffb7ec418d9d58c0\">\n#top .hr.av-1ujjw2-563bfd8b76b2d9b6ffb7ec418d9d58c0{\nmargin-top:8px;\nmargin-bottom:0px;\n}\n.hr.av-1ujjw2-563bfd8b76b2d9b6ffb7ec418d9d58c0 .hr-inner{\nwidth:50px;\n}\n<\/style>\n<div  class='hr av-1ujjw2-563bfd8b76b2d9b6ffb7ec418d9d58c0 hr-custom  avia-builder-el-52  el_before_av_button  avia-builder-el-first  hr-center hr-icon-no'><span class='hr-inner inner-border-av-border-none'><span class=\"hr-inner-style\"><\/span><\/span><\/div>\n<p>Um Ihre Planung zu erleichtern, haben wir eine Checkliste f\u00fcr Sie zusammengestellt:<\/p>\n<p><a href=\"https:\/\/blog.backwinkel.de\/wp-content\/uploads\/2021\/03\/backwinkel-blog-das-gruene-klassenzimmer-checkliste.jpg\"><img decoding=\"async\" class=\"alignnone wp-image-6900\" src=\"https:\/\/blog.backwinkel.de\/wp-content\/uploads\/2021\/03\/backwinkel-blog-das-gruene-klassenzimmer-checkliste.jpg\" alt=\"\" width=\"364\" height=\"515\" \/><\/a><\/p>\n<div  class='avia-button-wrap av-4tu8ku-18334d7ff2f69e5db12faecf70a11ccd-wrap avia-button-left  avia-builder-el-53  el_after_av_hr  avia-builder-el-last '><a href='https:\/\/www.backwinkel.de\/downloads\/backwinkel-blog-das-gruene-klassenzimmer-checkliste.pdf'  class='avia-button av-4tu8ku-18334d7ff2f69e5db12faecf70a11ccd av-link-btn avia-icon_select-no avia-size-medium avia-position-left avia-color-theme-color'  target=\"_blank\"  rel=\"noopener noreferrer\"  aria-label=\"Das Gr\u00fcne Klassezimmer \u2013 Checkliste\"><span class='avia_iconbox_title' >Das Gr\u00fcne Klassezimmer \u2013 Checkliste<\/span><\/a><\/div>\n<\/div><\/section><\/p><\/div>\n<style type=\"text\/css\" data-created_by=\"avia_inline_auto\" id=\"style-css-av-hh5al-7-3d8f67f3fe030a9a9db8010470dfdf23\">\n.flex_column.av-hh5al-7-3d8f67f3fe030a9a9db8010470dfdf23{\nborder-radius:0px 0px 0px 0px;\npadding:0px 0px 0px 0px;\n}\n<\/style>\n<div  class='flex_column av-hh5al-7-3d8f67f3fe030a9a9db8010470dfdf23 av_one_full  avia-builder-el-54  el_after_av_one_full  el_before_av_hr  first flex_column_div av-zero-column-padding  column-top-margin'     ><section  class='av_textblock_section av-jkuul0eg-5-3f6dc2eabd0b318a006ed6b099b89f89 '  ><div class='avia_textblock' >\n<style type=\"text\/css\" data-created_by=\"avia_inline_auto\" id=\"style-css-av-7c7r8-24-7afd6ea64cb0e19b19955e9e6e2cd4c7\">\n#top .hr.hr-invisible.av-7c7r8-24-7afd6ea64cb0e19b19955e9e6e2cd4c7{\nheight:20px;\n}\n<\/style>\n<div  class='hr av-7c7r8-24-7afd6ea64cb0e19b19955e9e6e2cd4c7 hr-invisible  avia-builder-el-56  el_before_av_button  avia-builder-el-first '><span class='hr-inner '><span class=\"hr-inner-style\"><\/span><\/span><\/div>\n<h2 id=\"4\" class=\"position\">Tipps &amp; Ideen f\u00fcr den Unterricht im Gr\u00fcnen Klassenzimmer<\/h2>\n<p>Umweltbildung wird gegenw\u00e4rtig immer wichtiger. Ausgehend von den Naturerfahrungen der Kinder sollten daher Umweltthemen vertieft werden. Hierzu bietet insbesondere Schulgartenarbeit gute Ans\u00e4tze. Der Umgang mit selbst angebauten Lebensmitteln ver\u00e4ndert das Konsumverhalten. So w\u00e4chst auch das Bewusstsein daf\u00fcr, wie massiv sich unsere Ern\u00e4hrungsweise auf die Umwelt auswirkt \u2013 mit weltweiten Folgen!<\/p>\n<p>Das Gr\u00fcne Klassenzimmer f\u00f6rdert Kompetenzen, die f\u00fcr die Gestaltung einer nachhaltig vertr\u00e4glichen Zukunft erforderlich sind. Die folgenden Inhalte k\u00f6nnen die Lehrplanthemen erg\u00e4nzen:<\/p>\n<ul>\n<li>Wildwuchsfl\u00e4chen als nat\u00fcrliches Biotop erkunden<\/li>\n<li>mit Pflanzen aus aller Welt andere Naturr\u00e4ume kennenlernen<\/li>\n<li>Fragen der globalen Ern\u00e4hrungsgerechtigkeit verstehen<\/li>\n<li>\u00f6kologische Bedingungen f\u00fcr nachhaltige Landwirtschaft aufzeigen<\/li>\n<li>globale Bedeutung nachwachsender Rohstoffe erkennen<\/li>\n<li>Modenschau mit Naturtextilien<\/li>\n<\/ul>\n<p><strong>Bildung f\u00fcr nachhaltige Entwicklung<\/strong> (BNE) \u2013 so hei\u00dft das UNESCO-Weltaktionsprogramm, dessen Ziel das Vermitteln von Wissen und Werten ist, um zukunftsf\u00e4higes Denken sowie entsprechendes Handeln zu f\u00f6rdern. Es erm\u00f6glicht jedem Einzelnen, die globalen Auswirkungen des eigenen Handelns zu verstehen. Eine breite Palette an <strong>Lehr- und Lernmaterialien<\/strong> rund um dieses Programm finden Sie hier: <a href=\"https:\/\/www.bne-portal.de\/SiteGlobals\/Forms\/bne\/lernmaterialien\/suche_formular.html?nn=140004\">https:\/\/www.bne-portal.de\/SiteGlobals\/Forms\/bne\/lernmaterialien\/suche_formular.html?nn=140004<\/a><\/p>\n<p>Die folgenden <strong>Beispiele aktueller Kinderb\u00fccher<\/strong> vermitteln die Themen Nachhaltigkeit, Umweltschutz und Klimawandel auf spannende Weise:<\/p>\n<ul>\n<li>Christina Hagn: Vom kleinen Eisb\u00e4ren, dem es zu warm geworden ist. M\u00fcnchen: Oekom 2020.<\/li>\n<li>Wenke Heuts: Benja &amp; Wuse. Essensretter auf gro\u00dfer Mission. M\u00fcnchen: Oekom 2021.<\/li>\n<li>Nicole Intemann: Plastian, der kleine Fisch &#8230; und wie er mit seinen Freunden auf einer abenteuerlichen Reise die Welt ein bisschen besser macht. M\u00fcnchen: Oekom 2015.<\/li>\n<\/ul>\n<p>Eine Planungshilfe f\u00fcr Ihre Projekte im Gr\u00fcnen Klassenzimmer finden Sie hier:<\/p>\n<p><a href=\"https:\/\/blog.backwinkel.de\/wp-content\/uploads\/2021\/03\/backwinkel-blog-das-gruene-klassenzimmer-projektplaner.jpg\"><img decoding=\"async\" class=\"alignnone wp-image-6902\" src=\"https:\/\/blog.backwinkel.de\/wp-content\/uploads\/2021\/03\/backwinkel-blog-das-gruene-klassenzimmer-projektplaner.jpg\" alt=\"\" width=\"364\" height=\"515\" \/><\/a><\/p>\n<div  class='avia-button-wrap av-4tu8ku-4-5abbaa5f4ea10d681d34c769e8a84b84-wrap avia-button-left  avia-builder-el-57  el_after_av_hr  avia-builder-el-last '><a href='https:\/\/www.backwinkel.de\/downloads\/backwinkel-blog-das-gruene-klassenzimmer-projektplaner.pdf'  class='avia-button av-4tu8ku-4-5abbaa5f4ea10d681d34c769e8a84b84 av-link-btn avia-icon_select-no avia-size-medium avia-position-left avia-color-theme-color'  target=\"_blank\"  rel=\"noopener noreferrer\"  aria-label=\"Das Gr\u00fcne Klassenzimmer \u2013 Projektplaner \"><span class='avia_iconbox_title' >Das Gr\u00fcne Klassenzimmer \u2013 Projektplaner <\/span><\/a><\/div>\n<\/div><\/section><\/div>\n<style type=\"text\/css\" data-created_by=\"avia_inline_auto\" id=\"style-css-av-jkuvdh82-15-e9fdb1e11d461852dc49d4832b640ee2\">\n#top .hr.av-jkuvdh82-15-e9fdb1e11d461852dc49d4832b640ee2{\nmargin-top:10px;\nmargin-bottom:10px;\n}\n.hr.av-jkuvdh82-15-e9fdb1e11d461852dc49d4832b640ee2 .hr-inner{\nwidth:500;\n}\n<\/style>\n<div  class='hr av-jkuvdh82-15-e9fdb1e11d461852dc49d4832b640ee2 hr-custom  avia-builder-el-58  el_after_av_one_full  el_before_av_one_full  hr-left hr-icon-no'><span class='hr-inner inner-border-av-border-none'><span class=\"hr-inner-style\"><\/span><\/span><\/div><\/p>\n\n<style type=\"text\/css\" data-created_by=\"avia_inline_auto\" id=\"style-css-av-jley1l06-be8863a15e87d33f314fbd4b76b14014\">\n.flex_column.av-jley1l06-be8863a15e87d33f314fbd4b76b14014{\nborder-radius:0px 0px 0px 0px;\npadding:10px 10px 10px 10px;\nbackground-color:#f2f2f2;\n}\n<\/style>\n<div  class='flex_column av-jley1l06-be8863a15e87d33f314fbd4b76b14014 av_one_full  avia-builder-el-59  el_after_av_hr  el_before_av_one_full  first flex_column_div  '     ><section  class='av_textblock_section av-jkuvcso3-8-11c8d844668737bc10b0bd713e87cece '  ><div class='avia_textblock' ><p class=\"fussnoten-quellen\"><strong>Zum Weiterlesen:<\/strong><\/p>\n<p class=\"fussnoten-quellen\">Bundesanstalt f\u00fcr Landwirtschaft und Ern\u00e4hrung (Hrsg.): Lernort Schulgarten. Projekte aus der Praxis. Brosch\u00fcre DIN A4, 2018.<\/p>\n<p class=\"fussnoten-quellen\">Martin Ehrlinger, Frauke Feuss (Hrsg.): Nachwachsende Rohstoffe als Bildungsthema. Ans\u00e4tze f\u00fcr die Praxis. M\u00fcnchen: Oekom 2011.<\/p>\n<p class=\"fussnoten-quellen\">Daniel Fischer u. a. (Hrsg.): Nachhaltigkeit erz\u00e4hlen. Durch Storytelling besser kommunizieren? Deutsche Bundesstiftung Umwelt. M\u00fcnchen: Oekom 2021.<\/p>\n<p class=\"fussnoten-quellen\">Die Gem\u00fcseAckerdemie \u2013 f\u00fcr eine Generation, die wei\u00df, was sie isst. Projektbegleitung und Bildungsmaterialien. <a href=\"https:\/\/www.acker.co\/gemueseackerdemie\" target=\"_blank\" rel=\"noopener\">https:\/\/www.gemueseackerdemie.de<\/a><\/p>\n<p class=\"fussnoten-quellen\">Anne-Kathrin Lindau u. a.: Wilde Nachbarschaft. Wildnisbildung im Kontext einer Bildung f\u00fcr nachhaltige Entwicklung. Deutsche Bundesstiftung Umwelt. M\u00fcnchen: Oekom 2021.<\/p>\n<\/div><\/section><\/div>\n<style type=\"text\/css\" data-created_by=\"avia_inline_auto\" id=\"style-css-av-jley1l06-2-1565a2ba743110840f2f3eddaf66fce3\">\n.flex_column.av-jley1l06-2-1565a2ba743110840f2f3eddaf66fce3{\nborder-radius:0px 0px 0px 0px;\npadding:10px 10px 10px 10px;\n}\n<\/style>\n<div  class='flex_column av-jley1l06-2-1565a2ba743110840f2f3eddaf66fce3 av_one_full  avia-builder-el-61  el_after_av_one_full  el_before_av_one_full  first flex_column_div  column-top-margin'     ><section  class='av_textblock_section av-jkuvcso3-1-8a67f79dcac40a499966aa8fda65a5ac '  ><div class='avia_textblock' ><p class=\"copyright\"><strong>\u00a9 Copyright \u2013 Urheberrechtshinweis<\/strong><br \/>\nAlle Inhalte auf www.backwinkel.de sowie www.backwinkel.de\/blog, insbesondere Texte, Fotografien und Grafiken, sind urheberrechtlich gesch\u00fctzt.<br \/>\nDas Urheberrecht liegt, soweit nicht ausdr\u00fccklich anders gekennzeichnet, bei der BACKWINKEL GmbH. Bitte fragen Sie uns, falls Sie die Inhalte dieses Internetangebotes verwenden m\u00f6chten.<br \/>\nWer gegen das Urheberrecht verst\u00f6\u00dft (z. B. Bilder oder Texte unerlaubt kopiert), macht sich gem. \u00a7\u00a7 106 ff UrhG strafbar, wird zudem kostenpflichtig abgemahnt und muss Schadensersatz leisten (\u00a7 97 UrhG).<\/p>\n<\/div><\/section><\/div><\/p>\n\n<style type=\"text\/css\" data-created_by=\"avia_inline_auto\" id=\"style-css-av-1p82t-b0e9719fe6c67aa5c6d1abf813961e55\">\n.flex_column.av-1p82t-b0e9719fe6c67aa5c6d1abf813961e55{\nborder-radius:0px 0px 0px 0px;\npadding:0px 0px 0px 0px;\n}\n<\/style>\n<div  class='flex_column av-1p82t-b0e9719fe6c67aa5c6d1abf813961e55 av_one_full  avia-builder-el-63  el_after_av_one_full  avia-builder-el-last  first flex_column_div av-zero-column-padding  column-top-margin'     ><p><section  class='av_textblock_section av-jlp4hxqo-91baaad30cd61f89630d15f8561d1750 '  ><div class='avia_textblock' ><div class=\"shariff shariff-align-left shariff-widget-align-left\"><ul class=\"shariff-buttons theme-color orientation-horizontal buttonsize-medium\"><li class=\"shariff-button whatsapp shariff-nocustomcolor\" style=\"background-color:#5cbe4a\"><a href=\"https:\/\/api.whatsapp.com\/send?text=https%3A%2F%2Fwww.backwinkel.de%2Fblog%2Fgruenes-klassenzimmer%2F%20Das%20Gr%C3%BCne%20Klassenzimmer%3A\" title=\"Bei Whatsapp teilen\" aria-label=\"Bei Whatsapp teilen\" role=\"button\" rel=\"noopener nofollow\" class=\"shariff-link\" style=\"; background-color:#34af23; color:#fff\" target=\"_blank\"><span class=\"shariff-icon\" style=\"\"><svg width=\"32px\" height=\"20px\" xmlns=\"http:\/\/www.w3.org\/2000\/svg\" viewBox=\"0 0 32 32\"><path fill=\"#34af23\" d=\"M17.6 17.4q0.2 0 1.7 0.8t1.6 0.9q0 0.1 0 0.3 0 0.6-0.3 1.4-0.3 0.7-1.3 1.2t-1.8 0.5q-1 0-3.4-1.1-1.7-0.8-3-2.1t-2.6-3.3q-1.3-1.9-1.3-3.5v-0.1q0.1-1.6 1.3-2.8 0.4-0.4 0.9-0.4 0.1 0 0.3 0t0.3 0q0.3 0 0.5 0.1t0.3 0.5q0.1 0.4 0.6 1.6t0.4 1.3q0 0.4-0.6 1t-0.6 0.8q0 0.1 0.1 0.3 0.6 1.3 1.8 2.4 1 0.9 2.7 1.8 0.2 0.1 0.4 0.1 0.3 0 1-0.9t0.9-0.9zM14 26.9q2.3 0 4.3-0.9t3.6-2.4 2.4-3.6 0.9-4.3-0.9-4.3-2.4-3.6-3.6-2.4-4.3-0.9-4.3 0.9-3.6 2.4-2.4 3.6-0.9 4.3q0 3.6 2.1 6.6l-1.4 4.2 4.3-1.4q2.8 1.9 6.2 1.9zM14 2.2q2.7 0 5.2 1.1t4.3 2.9 2.9 4.3 1.1 5.2-1.1 5.2-2.9 4.3-4.3 2.9-5.2 1.1q-3.5 0-6.5-1.7l-7.4 2.4 2.4-7.2q-1.9-3.2-1.9-6.9 0-2.7 1.1-5.2t2.9-4.3 4.3-2.9 5.2-1.1z\"\/><\/svg><\/span><span class=\"shariff-text\">teilen<\/span>&nbsp;<\/a><\/li><li class=\"shariff-button facebook shariff-nocustomcolor\" style=\"background-color:#4273c8\"><a href=\"https:\/\/www.facebook.com\/sharer\/sharer.php?u=https%3A%2F%2Fwww.backwinkel.de%2Fblog%2Fgruenes-klassenzimmer%2F\" title=\"Bei Facebook teilen\" aria-label=\"Bei Facebook teilen\" role=\"button\" rel=\"nofollow\" class=\"shariff-link\" style=\"; background-color:#3b5998; color:#fff\" target=\"_blank\"><span class=\"shariff-icon\" style=\"\"><svg width=\"32px\" height=\"20px\" xmlns=\"http:\/\/www.w3.org\/2000\/svg\" viewBox=\"0 0 18 32\"><path fill=\"#3b5998\" d=\"M17.1 0.2v4.7h-2.8q-1.5 0-2.1 0.6t-0.5 1.9v3.4h5.2l-0.7 5.3h-4.5v13.6h-5.5v-13.6h-4.5v-5.3h4.5v-3.9q0-3.3 1.9-5.2t5-1.8q2.6 0 4.1 0.2z\"\/><\/svg><\/span><span class=\"shariff-text\">teilen<\/span>&nbsp;<\/a><\/li><li class=\"shariff-button twitter shariff-nocustomcolor\" style=\"background-color:#595959\"><a href=\"https:\/\/twitter.com\/share?url=https%3A%2F%2Fwww.backwinkel.de%2Fblog%2Fgruenes-klassenzimmer%2F&text=Das%20Gr%C3%BCne%20Klassenzimmer%3A\" title=\"Bei X teilen\" aria-label=\"Bei X teilen\" role=\"button\" rel=\"noopener nofollow\" class=\"shariff-link\" style=\"; background-color:#000; color:#fff\" target=\"_blank\"><span class=\"shariff-icon\" style=\"\"><svg width=\"32px\" height=\"20px\" xmlns=\"http:\/\/www.w3.org\/2000\/svg\" viewBox=\"0 0 24 24\"><path fill=\"#000\" d=\"M14.258 10.152L23.176 0h-2.113l-7.747 8.813L7.133 0H0l9.352 13.328L0 23.973h2.113l8.176-9.309 6.531 9.309h7.133zm-2.895 3.293l-.949-1.328L2.875 1.56h3.246l6.086 8.523.945 1.328 7.91 11.078h-3.246zm0 0\"\/><\/svg><\/span><span class=\"shariff-text\">teilen<\/span>&nbsp;<\/a><\/li><li class=\"shariff-button pinterest shariff-nocustomcolor\" style=\"background-color:#e70f18\"><a href=\"https:\/\/www.pinterest.com\/pin\/create\/link\/?url=https%3A%2F%2Fwww.backwinkel.de%2Fblog%2Fgruenes-klassenzimmer%2F&media=https%3A%2F%2Fwww.backwinkel.de%2Fblog%2Fwp-content%2Fuploads%2F2021%2F03%2Fbackwinkel-blog-das-gruene-klassenzimmer-heroimage.jpeg&description=Das%20Gr%C3%BCne%20Klassenzimmer%3A\" title=\"Bei Pinterest pinnen\" aria-label=\"Bei Pinterest pinnen\" role=\"button\" rel=\"noopener nofollow\" class=\"shariff-link\" style=\"; background-color:#cb2027; color:#fff\" target=\"_blank\"><span class=\"shariff-icon\" style=\"\"><svg width=\"32px\" height=\"20px\" xmlns=\"http:\/\/www.w3.org\/2000\/svg\" viewBox=\"0 0 27 32\"><path fill=\"#cb2027\" d=\"M27.4 16q0 3.7-1.8 6.9t-5 5-6.9 1.9q-2 0-3.9-0.6 1.1-1.7 1.4-2.9 0.2-0.6 1-3.8 0.4 0.7 1.3 1.2t2 0.5q2.1 0 3.8-1.2t2.7-3.4 0.9-4.8q0-2-1.1-3.8t-3.1-2.9-4.5-1.2q-1.9 0-3.5 0.5t-2.8 1.4-2 2-1.2 2.3-0.4 2.4q0 1.9 0.7 3.3t2.1 2q0.5 0.2 0.7-0.4 0-0.1 0.1-0.5t0.2-0.5q0.1-0.4-0.2-0.8-0.9-1.1-0.9-2.7 0-2.7 1.9-4.6t4.9-2q2.7 0 4.2 1.5t1.5 3.8q0 3-1.2 5.2t-3.1 2.1q-1.1 0-1.7-0.8t-0.4-1.9q0.1-0.6 0.5-1.7t0.5-1.8 0.2-1.4q0-0.9-0.5-1.5t-1.4-0.6q-1.1 0-1.9 1t-0.8 2.6q0 1.3 0.4 2.2l-1.8 7.5q-0.3 1.2-0.2 3.2-3.7-1.6-6-5t-2.3-7.6q0-3.7 1.9-6.9t5-5 6.9-1.9 6.9 1.9 5 5 1.8 6.9z\"\/><\/svg><\/span><span class=\"shariff-text\">merken<\/span>&nbsp;<\/a><\/li><li class=\"shariff-button mailto shariff-nocustomcolor\" style=\"background-color:#a8a8a8\"><a href=\"mailto:?body=https%3A%2F%2Fwww.backwinkel.de%2Fblog%2Fgruenes-klassenzimmer%2F&subject=Das%20Gr%C3%BCne%20Klassenzimmer%3A\" title=\"Per E-Mail versenden\" aria-label=\"Per E-Mail versenden\" role=\"button\" rel=\"noopener nofollow\" class=\"shariff-link\" style=\"; background-color:#999; color:#fff\"><span class=\"shariff-icon\" style=\"\"><svg width=\"32px\" height=\"20px\" xmlns=\"http:\/\/www.w3.org\/2000\/svg\" viewBox=\"0 0 32 32\"><path fill=\"#999\" d=\"M32 12.7v14.2q0 1.2-0.8 2t-2 0.9h-26.3q-1.2 0-2-0.9t-0.8-2v-14.2q0.8 0.9 1.8 1.6 6.5 4.4 8.9 6.1 1 0.8 1.6 1.2t1.7 0.9 2 0.4h0.1q0.9 0 2-0.4t1.7-0.9 1.6-1.2q3-2.2 8.9-6.1 1-0.7 1.8-1.6zM32 7.4q0 1.4-0.9 2.7t-2.2 2.2q-6.7 4.7-8.4 5.8-0.2 0.1-0.7 0.5t-1 0.7-0.9 0.6-1.1 0.5-0.9 0.2h-0.1q-0.4 0-0.9-0.2t-1.1-0.5-0.9-0.6-1-0.7-0.7-0.5q-1.6-1.1-4.7-3.2t-3.6-2.6q-1.1-0.7-2.1-2t-1-2.5q0-1.4 0.7-2.3t2.1-0.9h26.3q1.2 0 2 0.8t0.9 2z\"\/><\/svg><\/span><span class=\"shariff-text\">E-Mail<\/span>&nbsp;<\/a><\/li><\/ul><\/div>\n<\/div><\/section><br \/>\n<div  class='tabcontainer av-jlq8shhr-b676e11701d9718d755b04dc68ac4c10 top_tab  avia-builder-el-65  el_after_av_textblock  el_before_av_hr '>\n<section class='av_tab_section av_tab_section av-4w8jsn-17d4c89754803ac141d68451b8b1d1a6' ><div id='tab-id-1-tab' class='tab active_tab' role='tab' aria-selected=\"true\" tabindex=\"0\" data-fake-id='#tab-id-1' aria-controls='tab-id-1-content' >Das BACKWINKEL-Blog-Team:<\/div><div id='tab-id-1-content' class='tab_content active_tab_content' role='tabpanel' aria-labelledby='tab-id-1-tab' aria-hidden=\"false\"><div class='tab_inner_content invers-color' ><p><img decoding=\"async\" class=\"wp-image-1768 alignleft\" title=\"BACKWINKEL-Blog \u2013 Das Team\" src=\"https:\/\/blog.backwinkel.de\/wp-content\/uploads\/2018\/10\/backwinkel-blog-autorenbox-intern_preview-300x198.jpg\" alt=\"\" width=\"300\" height=\"198\" \/>Gibts auch ein Gesicht hinter dem BACKWINKEL-Blog? Ja. Vier ?. Drei davon sogar mit Foto.<\/p>\n<p><span style=\"font-style: inherit !important; font-weight: inherit !important;\">Wir \u2013 Lukas, Tatjana, Stefan und Christine \u2013 bespielen unseren Blog unter dem Motto LACHEN LESEN LERNEN. <\/span><\/p>\n<p><span style=\"font-style: inherit !important; font-weight: inherit !important;\">Lukas kennt sich online so gut aus wie in seiner Westentasche und findet immer spannende Themen, w\u00e4hrend Stefan unseren Beitr\u00e4gen den passenden gestalterischen Rahmen gibt und Tatjana mit dem gr\u00fcnen Korrekturstift alles pr\u00fcfend be\u00e4ugt, was unsere Autorin Christine (und gern auch Gastautoren) f\u00fcr den BACKWINKEL-Blog nach ordentlicher Recherche schreibt.<\/span><\/p>\n<p>Gemeinsam suchen wir st\u00e4ndig nach neuen, aufregenden Themen rund um das Thema Bildung im Kiga, der Schule und zu Hause. Und weil Sie da an der Quelle sitzen, freuen wir uns auf Ihre konstruktiven R\u00fcckmeldungen und Anregungen an <a href=\"mailto:blog@backwinkel.de\">blog@backwinkel.de<\/a><\/p>\n<p>Viel Spa\u00df beim LACHEN LESEN LERNEN!<\/p>\n<\/div><\/div><\/section>\n<\/div><br \/>\n\n<style type=\"text\/css\" data-created_by=\"avia_inline_auto\" id=\"style-css-av-jkuvdh82-3-182e4aaa6f8bea430a3d826a5baa79d9\">\n#top .hr.av-jkuvdh82-3-182e4aaa6f8bea430a3d826a5baa79d9{\nmargin-top:10px;\nmargin-bottom:10px;\n}\n.hr.av-jkuvdh82-3-182e4aaa6f8bea430a3d826a5baa79d9 .hr-inner{\nwidth:500;\n}\n<\/style>\n<div  class='hr av-jkuvdh82-3-182e4aaa6f8bea430a3d826a5baa79d9 hr-custom  avia-builder-el-66  el_after_av_tab_container  el_before_av_heading  hr-left hr-icon-no'><span class='hr-inner inner-border-av-border-thin'><span class=\"hr-inner-style\"><\/span><\/span><\/div><br \/>\n\n<style type=\"text\/css\" data-created_by=\"avia_inline_auto\" id=\"style-css-av-2kvx4l-26cf26738d77db581bfabf51b88b95c5\">\n#top .av-special-heading.av-2kvx4l-26cf26738d77db581bfabf51b88b95c5{\npadding-bottom:10px;\n}\nbody .av-special-heading.av-2kvx4l-26cf26738d77db581bfabf51b88b95c5 .av-special-heading-tag .heading-char{\nfont-size:25px;\n}\n.av-special-heading.av-2kvx4l-26cf26738d77db581bfabf51b88b95c5 .av-subheading{\nfont-size:15px;\n}\n<\/style>\n<div  class='av-special-heading av-2kvx4l-26cf26738d77db581bfabf51b88b95c5 av-special-heading-h3 blockquote modern-quote  avia-builder-el-67  el_after_av_hr  el_before_av_blog '><h3 class='av-special-heading-tag '  >PASSENDE BEITR\u00c4GE<\/h3><div class=\"special-heading-border\"><div class=\"special-heading-inner-border\"><\/div><\/div><\/div><br \/>\n<div  data-slideshow-options=\"{&quot;animation&quot;:&quot;fade&quot;,&quot;autoplay&quot;:false,&quot;loop_autoplay&quot;:&quot;once&quot;,&quot;interval&quot;:5,&quot;loop_manual&quot;:&quot;manual-endless&quot;,&quot;autoplay_stopper&quot;:false,&quot;noNavigation&quot;:false,&quot;show_slide_delay&quot;:90}\" class='avia-content-slider avia-content-grid-active avia-content-slider1 avia-content-slider-odd  avia-builder-el-68  el_after_av_heading  avia-builder-el-last  av-slideshow-ui av-control-default   av-no-slider-navigation av-slideshow-manual av-loop-once av-loop-manual-endless ' ><div class=\"avia-content-slider-inner\"><div class=\"slide-entry-wrap\"><article class='slide-entry flex_column  post-entry post-entry-18633 slide-entry-overview slide-loop-1 slide-parity-odd  av_one_third first real-thumbnail posttype-post post-format-standard' ><a href='https:\/\/www.backwinkel.de\/blog\/plastik-recyceln\/' data-rel='slide-1' class='slide-image' title='Plastik recyceln'><img decoding=\"async\" fetchpriority=\"high\" width=\"1200\" height=\"628\" src=\"https:\/\/www.backwinkel.de\/blog\/wp-content\/uploads\/2026\/04\/04_Kiga_Plastik_nachhaltig_nutzen.jpg\" class=\"wp-image-18713 avia-img-lazy-loading-not-18713 attachment-no scaling size-no scaling wp-post-image\" alt=\"\" \/><\/a><div class=\"slide-content\"><header class=\"entry-content-header\" aria-label=\"Slide: Plastik recyceln\"><h3 class='slide-entry-title entry-title ' ><a href='https:\/\/www.backwinkel.de\/blog\/plastik-recyceln\/' title='Plastik recyceln'>Plastik recyceln<\/a><\/h3><span class=\"blog-categories minor-meta\"><a href=\"https:\/\/www.backwinkel.de\/blog\/category\/kindergarten-kita\/\" rel=\"tag\">Kindergarten<\/a> <\/span><span class=\"av-vertical-delimiter\"><\/span><\/header><div class='slide-entry-excerpt entry-content' >Biokunststoff f\u00fcr St\u00fchle, Materialboxen, Spielzeug und Rucks\u00e4cke<\/div><\/div><footer class=\"entry-footer\"><div class=\"slide-meta\"><time class='slide-meta-time updated' >14. April 2026<\/time><\/div><\/footer><\/article><article class='slide-entry flex_column  post-entry post-entry-18716 slide-entry-overview slide-loop-2 slide-parity-even  av_one_third  real-thumbnail posttype-post post-format-standard' ><a href='https:\/\/www.backwinkel.de\/blog\/rechnen-im-anfangsunterricht\/' data-rel='slide-1' class='slide-image' title='Rechnen im Anfangsunterricht'><img decoding=\"async\" fetchpriority=\"high\" width=\"1200\" height=\"628\" src=\"https:\/\/www.backwinkel.de\/blog\/wp-content\/uploads\/2026\/04\/04_Schule_Rechnen_anfangsunterricht.jpg\" class=\"wp-image-18748 avia-img-lazy-loading-not-18748 attachment-no scaling size-no scaling wp-post-image\" alt=\"\" \/><\/a><div class=\"slide-content\"><header class=\"entry-content-header\" aria-label=\"Slide: Rechnen im Anfangsunterricht\"><h3 class='slide-entry-title entry-title ' ><a href='https:\/\/www.backwinkel.de\/blog\/rechnen-im-anfangsunterricht\/' title='Rechnen im Anfangsunterricht'>Rechnen im Anfangsunterricht<\/a><\/h3><span class=\"blog-categories minor-meta\"><a href=\"https:\/\/www.backwinkel.de\/blog\/category\/schule-grundschule\/\" rel=\"tag\">Schule<\/a> <\/span><span class=\"av-vertical-delimiter\"><\/span><\/header><div class='slide-entry-excerpt entry-content' >Das Klassenzimmer als Lernlandschaft<\/div><\/div><footer class=\"entry-footer\"><div class=\"slide-meta\"><time class='slide-meta-time updated' >14. April 2026<\/time><\/div><\/footer><\/article><article class='slide-entry flex_column  post-entry post-entry-18372 slide-entry-overview slide-loop-3 slide-parity-odd  post-entry-last  av_one_third  real-thumbnail posttype-post post-format-standard' ><a href='https:\/\/www.backwinkel.de\/blog\/kranke-kinder-im-kindergarten\/' data-rel='slide-1' class='slide-image' title='Kranke Kinder im Kindergarten'><img decoding=\"async\" fetchpriority=\"high\" width=\"1200\" height=\"628\" src=\"https:\/\/www.backwinkel.de\/blog\/wp-content\/uploads\/2026\/03\/03_Kiga_Kranke_Kinder.jpg\" class=\"wp-image-18451 avia-img-lazy-loading-not-18451 attachment-no scaling size-no scaling wp-post-image\" alt=\"Thema: Kranke Kinder. Auf dem Bild ist ein krankes kleines M\u00e4dchen zu sehen. Eine Frau mit einem Fieberthermometer in der Hand sitzt neben ihr und hat die Hand auf der Stirn des M\u00e4dchens.\" \/><\/a><div class=\"slide-content\"><header class=\"entry-content-header\" aria-label=\"Slide: Kranke Kinder im Kindergarten\"><h3 class='slide-entry-title entry-title ' ><a href='https:\/\/www.backwinkel.de\/blog\/kranke-kinder-im-kindergarten\/' title='Kranke Kinder im Kindergarten'>Kranke Kinder im Kindergarten<\/a><\/h3><span class=\"blog-categories minor-meta\"><a href=\"https:\/\/www.backwinkel.de\/blog\/category\/kindergarten-kita\/\" rel=\"tag\">Kindergarten<\/a> <\/span><span class=\"av-vertical-delimiter\"><\/span><\/header><div class='slide-entry-excerpt entry-content' >Auswirkungen f\u00fcr Kinder, Eltern und Fachkr\u00e4fte<\/div><\/div><footer class=\"entry-footer\"><div class=\"slide-meta\"><time class='slide-meta-time updated' >9. M\u00e4rz 2026<\/time><\/div><\/footer><\/article><\/div><\/div><\/div><\/p><\/div>\n","protected":false},"excerpt":{"rendered":"<p>P\u00e4dagogische Wege in die Natur<\/p>\n","protected":false},"author":3,"featured_media":6905,"comment_status":"closed","ping_status":"closed","sticky":false,"template":"","format":"standard","meta":{"inline_featured_image":false,"footnotes":""},"categories":[6],"tags":[],"class_list":["post-6898","post","type-post","status-publish","format-standard","has-post-thumbnail","hentry","category-schule-grundschule"],"yoast_head":"<!-- This site is optimized with the Yoast SEO plugin v27.4 - https:\/\/yoast.com\/product\/yoast-seo-wordpress\/ -->\n<title>Gr\u00fcnes Klassenzimmer \u00bb Infos, Tipps &amp; Planungshilfen | BACKWINKEL Blog<\/title>\n<meta name=\"description\" content=\"Erfahren Sie, was das Gr\u00fcne Klassenzimmer ist und was es alles kann \u2713 Inkl. Tipps &amp; Ideen f\u00fcr Ihren Unterricht + Planungshilfen zum Ausdrucken \u2713 Jetzt lesen!\" \/>\n<meta name=\"robots\" content=\"index, follow, max-snippet:-1, max-image-preview:large, max-video-preview:-1\" \/>\n<link rel=\"canonical\" href=\"https:\/\/www.backwinkel.de\/blog\/gruenes-klassenzimmer\/\" \/>\n<meta property=\"og:locale\" content=\"de_DE\" \/>\n<meta property=\"og:type\" content=\"article\" \/>\n<meta property=\"og:title\" content=\"Gr\u00fcnes Klassenzimmer \u00bb Infos, Tipps &amp; Planungshilfen | BACKWINKEL Blog\" \/>\n<meta property=\"og:description\" content=\"Erfahren Sie, was das Gr\u00fcne Klassenzimmer ist und was es alles kann \u2713 Inkl. Tipps &amp; Ideen f\u00fcr Ihren Unterricht + Planungshilfen zum Ausdrucken \u2713 Jetzt lesen!\" \/>\n<meta property=\"og:url\" content=\"https:\/\/www.backwinkel.de\/blog\/gruenes-klassenzimmer\/\" \/>\n<meta property=\"og:site_name\" content=\"BACKWINKEL Blog\" \/>\n<meta property=\"article:published_time\" content=\"2021-04-06T07:57:18+00:00\" \/>\n<meta property=\"article:modified_time\" content=\"2026-03-22T14:28:22+00:00\" \/>\n<meta property=\"og:image\" content=\"https:\/\/www.backwinkel.de\/blog\/wp-content\/uploads\/2021\/03\/backwinkel-blog-das-gruene-klassenzimmer-heroimage.jpeg\" \/>\n\t<meta property=\"og:image:width\" content=\"1200\" \/>\n\t<meta property=\"og:image:height\" content=\"628\" \/>\n\t<meta property=\"og:image:type\" content=\"image\/jpeg\" \/>\n<meta name=\"author\" content=\"BACKWINKEL\" \/>\n<meta name=\"twitter:card\" content=\"summary_large_image\" \/>\n<meta name=\"twitter:label1\" content=\"Verfasst von\" \/>\n\t<meta name=\"twitter:data1\" content=\"BACKWINKEL\" \/>\n\t<meta name=\"twitter:label2\" content=\"Gesch\u00e4tzte Lesezeit\" \/>\n\t<meta name=\"twitter:data2\" content=\"14\u00a0Minuten\" \/>\n<script type=\"application\/ld+json\" class=\"yoast-schema-graph\">{\"@context\":\"https:\\\/\\\/schema.org\",\"@graph\":[{\"@type\":\"Article\",\"@id\":\"https:\\\/\\\/www.backwinkel.de\\\/blog\\\/gruenes-klassenzimmer\\\/#article\",\"isPartOf\":{\"@id\":\"https:\\\/\\\/www.backwinkel.de\\\/blog\\\/gruenes-klassenzimmer\\\/\"},\"author\":{\"name\":\"BACKWINKEL\",\"@id\":\"https:\\\/\\\/www.backwinkel.de\\\/blog\\\/#\\\/schema\\\/person\\\/3d64575316540d25f7866264a4b7cd24\"},\"headline\":\"Das Gr\u00fcne Klassenzimmer:\",\"datePublished\":\"2021-04-06T07:57:18+00:00\",\"dateModified\":\"2026-03-22T14:28:22+00:00\",\"mainEntityOfPage\":{\"@id\":\"https:\\\/\\\/www.backwinkel.de\\\/blog\\\/gruenes-klassenzimmer\\\/\"},\"wordCount\":6652,\"image\":{\"@id\":\"https:\\\/\\\/www.backwinkel.de\\\/blog\\\/gruenes-klassenzimmer\\\/#primaryimage\"},\"thumbnailUrl\":\"https:\\\/\\\/www.backwinkel.de\\\/blog\\\/wp-content\\\/uploads\\\/2021\\\/03\\\/backwinkel-blog-das-gruene-klassenzimmer-heroimage.jpeg\",\"articleSection\":[\"Schule\"],\"inLanguage\":\"de\"},{\"@type\":\"WebPage\",\"@id\":\"https:\\\/\\\/www.backwinkel.de\\\/blog\\\/gruenes-klassenzimmer\\\/\",\"url\":\"https:\\\/\\\/www.backwinkel.de\\\/blog\\\/gruenes-klassenzimmer\\\/\",\"name\":\"Gr\u00fcnes Klassenzimmer \u00bb Infos, Tipps & Planungshilfen | BACKWINKEL Blog\",\"isPartOf\":{\"@id\":\"https:\\\/\\\/www.backwinkel.de\\\/blog\\\/#website\"},\"primaryImageOfPage\":{\"@id\":\"https:\\\/\\\/www.backwinkel.de\\\/blog\\\/gruenes-klassenzimmer\\\/#primaryimage\"},\"image\":{\"@id\":\"https:\\\/\\\/www.backwinkel.de\\\/blog\\\/gruenes-klassenzimmer\\\/#primaryimage\"},\"thumbnailUrl\":\"https:\\\/\\\/www.backwinkel.de\\\/blog\\\/wp-content\\\/uploads\\\/2021\\\/03\\\/backwinkel-blog-das-gruene-klassenzimmer-heroimage.jpeg\",\"datePublished\":\"2021-04-06T07:57:18+00:00\",\"dateModified\":\"2026-03-22T14:28:22+00:00\",\"author\":{\"@id\":\"https:\\\/\\\/www.backwinkel.de\\\/blog\\\/#\\\/schema\\\/person\\\/3d64575316540d25f7866264a4b7cd24\"},\"description\":\"Erfahren Sie, was das Gr\u00fcne Klassenzimmer ist und was es alles kann \u2713 Inkl. Tipps & Ideen f\u00fcr Ihren Unterricht + Planungshilfen zum Ausdrucken \u2713 Jetzt lesen!\",\"breadcrumb\":{\"@id\":\"https:\\\/\\\/www.backwinkel.de\\\/blog\\\/gruenes-klassenzimmer\\\/#breadcrumb\"},\"inLanguage\":\"de\",\"potentialAction\":[{\"@type\":\"ReadAction\",\"target\":[\"https:\\\/\\\/www.backwinkel.de\\\/blog\\\/gruenes-klassenzimmer\\\/\"]}]},{\"@type\":\"ImageObject\",\"inLanguage\":\"de\",\"@id\":\"https:\\\/\\\/www.backwinkel.de\\\/blog\\\/gruenes-klassenzimmer\\\/#primaryimage\",\"url\":\"https:\\\/\\\/www.backwinkel.de\\\/blog\\\/wp-content\\\/uploads\\\/2021\\\/03\\\/backwinkel-blog-das-gruene-klassenzimmer-heroimage.jpeg\",\"contentUrl\":\"https:\\\/\\\/www.backwinkel.de\\\/blog\\\/wp-content\\\/uploads\\\/2021\\\/03\\\/backwinkel-blog-das-gruene-klassenzimmer-heroimage.jpeg\",\"width\":1200,\"height\":628},{\"@type\":\"BreadcrumbList\",\"@id\":\"https:\\\/\\\/www.backwinkel.de\\\/blog\\\/gruenes-klassenzimmer\\\/#breadcrumb\",\"itemListElement\":[{\"@type\":\"ListItem\",\"position\":1,\"name\":\"Startseite\",\"item\":\"https:\\\/\\\/blog.backwinkel.de\\\/aktuelles\\\/\"},{\"@type\":\"ListItem\",\"position\":2,\"name\":\"Das Gr\u00fcne Klassenzimmer:\"}]},{\"@type\":\"WebSite\",\"@id\":\"https:\\\/\\\/www.backwinkel.de\\\/blog\\\/#website\",\"url\":\"https:\\\/\\\/www.backwinkel.de\\\/blog\\\/\",\"name\":\"BACKWINKEL Blog\",\"description\":\"f\u00fcr Lehrer, Erzieher und Eltern\",\"potentialAction\":[{\"@type\":\"SearchAction\",\"target\":{\"@type\":\"EntryPoint\",\"urlTemplate\":\"https:\\\/\\\/www.backwinkel.de\\\/blog\\\/?s={search_term_string}\"},\"query-input\":{\"@type\":\"PropertyValueSpecification\",\"valueRequired\":true,\"valueName\":\"search_term_string\"}}],\"inLanguage\":\"de\"},{\"@type\":\"Person\",\"@id\":\"https:\\\/\\\/www.backwinkel.de\\\/blog\\\/#\\\/schema\\\/person\\\/3d64575316540d25f7866264a4b7cd24\",\"name\":\"BACKWINKEL\",\"sameAs\":[\"http:\\\/\\\/www.backwinkel.de\"],\"url\":\"https:\\\/\\\/www.backwinkel.de\\\/blog\\\/author\\\/backwinkel\\\/\"}]}<\/script>\n<!-- \/ Yoast SEO plugin. -->","yoast_head_json":{"title":"Gr\u00fcnes Klassenzimmer \u00bb Infos, Tipps & Planungshilfen | BACKWINKEL Blog","description":"Erfahren Sie, was das Gr\u00fcne Klassenzimmer ist und was es alles kann \u2713 Inkl. Tipps & Ideen f\u00fcr Ihren Unterricht + Planungshilfen zum Ausdrucken \u2713 Jetzt lesen!","robots":{"index":"index","follow":"follow","max-snippet":"max-snippet:-1","max-image-preview":"max-image-preview:large","max-video-preview":"max-video-preview:-1"},"canonical":"https:\/\/www.backwinkel.de\/blog\/gruenes-klassenzimmer\/","og_locale":"de_DE","og_type":"article","og_title":"Gr\u00fcnes Klassenzimmer \u00bb Infos, Tipps & Planungshilfen | BACKWINKEL Blog","og_description":"Erfahren Sie, was das Gr\u00fcne Klassenzimmer ist und was es alles kann \u2713 Inkl. Tipps & Ideen f\u00fcr Ihren Unterricht + Planungshilfen zum Ausdrucken \u2713 Jetzt lesen!","og_url":"https:\/\/www.backwinkel.de\/blog\/gruenes-klassenzimmer\/","og_site_name":"BACKWINKEL Blog","article_published_time":"2021-04-06T07:57:18+00:00","article_modified_time":"2026-03-22T14:28:22+00:00","og_image":[{"width":1200,"height":628,"url":"https:\/\/www.backwinkel.de\/blog\/wp-content\/uploads\/2021\/03\/backwinkel-blog-das-gruene-klassenzimmer-heroimage.jpeg","type":"image\/jpeg"}],"author":"BACKWINKEL","twitter_card":"summary_large_image","twitter_misc":{"Verfasst von":"BACKWINKEL","Gesch\u00e4tzte Lesezeit":"14\u00a0Minuten"},"schema":{"@context":"https:\/\/schema.org","@graph":[{"@type":"Article","@id":"https:\/\/www.backwinkel.de\/blog\/gruenes-klassenzimmer\/#article","isPartOf":{"@id":"https:\/\/www.backwinkel.de\/blog\/gruenes-klassenzimmer\/"},"author":{"name":"BACKWINKEL","@id":"https:\/\/www.backwinkel.de\/blog\/#\/schema\/person\/3d64575316540d25f7866264a4b7cd24"},"headline":"Das Gr\u00fcne Klassenzimmer:","datePublished":"2021-04-06T07:57:18+00:00","dateModified":"2026-03-22T14:28:22+00:00","mainEntityOfPage":{"@id":"https:\/\/www.backwinkel.de\/blog\/gruenes-klassenzimmer\/"},"wordCount":6652,"image":{"@id":"https:\/\/www.backwinkel.de\/blog\/gruenes-klassenzimmer\/#primaryimage"},"thumbnailUrl":"https:\/\/www.backwinkel.de\/blog\/wp-content\/uploads\/2021\/03\/backwinkel-blog-das-gruene-klassenzimmer-heroimage.jpeg","articleSection":["Schule"],"inLanguage":"de"},{"@type":"WebPage","@id":"https:\/\/www.backwinkel.de\/blog\/gruenes-klassenzimmer\/","url":"https:\/\/www.backwinkel.de\/blog\/gruenes-klassenzimmer\/","name":"Gr\u00fcnes Klassenzimmer \u00bb Infos, Tipps & Planungshilfen | BACKWINKEL Blog","isPartOf":{"@id":"https:\/\/www.backwinkel.de\/blog\/#website"},"primaryImageOfPage":{"@id":"https:\/\/www.backwinkel.de\/blog\/gruenes-klassenzimmer\/#primaryimage"},"image":{"@id":"https:\/\/www.backwinkel.de\/blog\/gruenes-klassenzimmer\/#primaryimage"},"thumbnailUrl":"https:\/\/www.backwinkel.de\/blog\/wp-content\/uploads\/2021\/03\/backwinkel-blog-das-gruene-klassenzimmer-heroimage.jpeg","datePublished":"2021-04-06T07:57:18+00:00","dateModified":"2026-03-22T14:28:22+00:00","author":{"@id":"https:\/\/www.backwinkel.de\/blog\/#\/schema\/person\/3d64575316540d25f7866264a4b7cd24"},"description":"Erfahren Sie, was das Gr\u00fcne Klassenzimmer ist und was es alles kann \u2713 Inkl. Tipps & Ideen f\u00fcr Ihren Unterricht + Planungshilfen zum Ausdrucken \u2713 Jetzt lesen!","breadcrumb":{"@id":"https:\/\/www.backwinkel.de\/blog\/gruenes-klassenzimmer\/#breadcrumb"},"inLanguage":"de","potentialAction":[{"@type":"ReadAction","target":["https:\/\/www.backwinkel.de\/blog\/gruenes-klassenzimmer\/"]}]},{"@type":"ImageObject","inLanguage":"de","@id":"https:\/\/www.backwinkel.de\/blog\/gruenes-klassenzimmer\/#primaryimage","url":"https:\/\/www.backwinkel.de\/blog\/wp-content\/uploads\/2021\/03\/backwinkel-blog-das-gruene-klassenzimmer-heroimage.jpeg","contentUrl":"https:\/\/www.backwinkel.de\/blog\/wp-content\/uploads\/2021\/03\/backwinkel-blog-das-gruene-klassenzimmer-heroimage.jpeg","width":1200,"height":628},{"@type":"BreadcrumbList","@id":"https:\/\/www.backwinkel.de\/blog\/gruenes-klassenzimmer\/#breadcrumb","itemListElement":[{"@type":"ListItem","position":1,"name":"Startseite","item":"https:\/\/blog.backwinkel.de\/aktuelles\/"},{"@type":"ListItem","position":2,"name":"Das Gr\u00fcne Klassenzimmer:"}]},{"@type":"WebSite","@id":"https:\/\/www.backwinkel.de\/blog\/#website","url":"https:\/\/www.backwinkel.de\/blog\/","name":"BACKWINKEL Blog","description":"f\u00fcr Lehrer, Erzieher und Eltern","potentialAction":[{"@type":"SearchAction","target":{"@type":"EntryPoint","urlTemplate":"https:\/\/www.backwinkel.de\/blog\/?s={search_term_string}"},"query-input":{"@type":"PropertyValueSpecification","valueRequired":true,"valueName":"search_term_string"}}],"inLanguage":"de"},{"@type":"Person","@id":"https:\/\/www.backwinkel.de\/blog\/#\/schema\/person\/3d64575316540d25f7866264a4b7cd24","name":"BACKWINKEL","sameAs":["http:\/\/www.backwinkel.de"],"url":"https:\/\/www.backwinkel.de\/blog\/author\/backwinkel\/"}]}},"_links":{"self":[{"href":"https:\/\/www.backwinkel.de\/blog\/wp-json\/wp\/v2\/posts\/6898","targetHints":{"allow":["GET"]}}],"collection":[{"href":"https:\/\/www.backwinkel.de\/blog\/wp-json\/wp\/v2\/posts"}],"about":[{"href":"https:\/\/www.backwinkel.de\/blog\/wp-json\/wp\/v2\/types\/post"}],"author":[{"embeddable":true,"href":"https:\/\/www.backwinkel.de\/blog\/wp-json\/wp\/v2\/users\/3"}],"replies":[{"embeddable":true,"href":"https:\/\/www.backwinkel.de\/blog\/wp-json\/wp\/v2\/comments?post=6898"}],"version-history":[{"count":4,"href":"https:\/\/www.backwinkel.de\/blog\/wp-json\/wp\/v2\/posts\/6898\/revisions"}],"predecessor-version":[{"id":18619,"href":"https:\/\/www.backwinkel.de\/blog\/wp-json\/wp\/v2\/posts\/6898\/revisions\/18619"}],"wp:featuredmedia":[{"embeddable":true,"href":"https:\/\/www.backwinkel.de\/blog\/wp-json\/wp\/v2\/media\/6905"}],"wp:attachment":[{"href":"https:\/\/www.backwinkel.de\/blog\/wp-json\/wp\/v2\/media?parent=6898"}],"wp:term":[{"taxonomy":"category","embeddable":true,"href":"https:\/\/www.backwinkel.de\/blog\/wp-json\/wp\/v2\/categories?post=6898"},{"taxonomy":"post_tag","embeddable":true,"href":"https:\/\/www.backwinkel.de\/blog\/wp-json\/wp\/v2\/tags?post=6898"}],"curies":[{"name":"wp","href":"https:\/\/api.w.org\/{rel}","templated":true}]}}