{"id":6865,"date":"2021-04-06T10:06:44","date_gmt":"2021-04-06T08:06:44","guid":{"rendered":"https:\/\/blog.backwinkel.de\/?p=6865"},"modified":"2026-04-27T07:49:31","modified_gmt":"2026-04-27T05:49:31","slug":"waldkindergarten","status":"publish","type":"post","link":"https:\/\/www.backwinkel.de\/blog\/waldkindergarten\/","title":{"rendered":"Im Waldkindergarten:"},"content":{"rendered":"\n<style type=\"text\/css\" data-created_by=\"avia_inline_auto\" id=\"style-css-av-8vdv8-f7e0dae999cc49bc529a70f67b346526\">\n.flex_column.av-8vdv8-f7e0dae999cc49bc529a70f67b346526{\nborder-radius:0px 0px 0px 0px;\npadding:0px 0px 0px 0px;\n}\n<\/style>\n<div  class='flex_column av-8vdv8-f7e0dae999cc49bc529a70f67b346526 av_one_full  avia-builder-el-0  el_before_av_three_fifth  avia-builder-el-first  first flex_column_div av-zero-column-padding  '     ><p>\n<style type=\"text\/css\" data-created_by=\"avia_inline_auto\" id=\"style-css-av-jl6mo8rj-605eccf9df0dce9c3ffb6a57636da99d\">\n#top .hr.hr-invisible.av-jl6mo8rj-605eccf9df0dce9c3ffb6a57636da99d{\nmargin-top:0px;\nheight:1px;\n}\n<\/style>\n<div  class='hr av-jl6mo8rj-605eccf9df0dce9c3ffb6a57636da99d hr-invisible  avia-builder-el-1  el_before_av_heading  avia-builder-el-first '><span class='hr-inner '><span class=\"hr-inner-style\"><\/span><\/span><\/div><br \/>\n\n<style type=\"text\/css\" data-created_by=\"avia_inline_auto\" id=\"style-css-av-kmkggc6z-0e2316de07a80182675e3f0da2e63bb5\">\n#top .av-special-heading.av-kmkggc6z-0e2316de07a80182675e3f0da2e63bb5{\npadding-bottom:10px;\n}\nbody .av-special-heading.av-kmkggc6z-0e2316de07a80182675e3f0da2e63bb5 .av-special-heading-tag .heading-char{\nfont-size:25px;\n}\n.av-special-heading.av-kmkggc6z-0e2316de07a80182675e3f0da2e63bb5 .av-subheading{\nfont-size:15px;\n}\n<\/style>\n<div  class='av-special-heading av-kmkggc6z-0e2316de07a80182675e3f0da2e63bb5 av-special-heading-h1 blockquote modern-quote  avia-builder-el-2  el_after_av_hr  el_before_av_post_metadata  av-linked-heading'><h1 class='av-special-heading-tag '  >Im Waldkindergarten: So f\u00f6rdert Naturerfahrung die kindliche Entwicklung <\/h1><div class='av-subheading av-subheading_below'><p class=\"autorenname\">Christine Hagemann<\/p>\n<\/div><div class=\"special-heading-border\"><div class=\"special-heading-inner-border\"><\/div><\/div><\/div><br \/>\n\n<style type=\"text\/css\" data-created_by=\"avia_inline_auto\" id=\"style-css-av-65mr8h-fd068ce9fd974dfaacdd6675ed0ffc15\">\n#top .av-post-metadata-container.av-65mr8h-fd068ce9fd974dfaacdd6675ed0ffc15{\nfont-size:12px;\n}\n#top .av-post-metadata-container.av-65mr8h-fd068ce9fd974dfaacdd6675ed0ffc15 .av-post-metadata-container-inner{\nfont-size:12px;\n}\n<\/style>\n<div  class='av-post-metadata-container av-65mr8h-fd068ce9fd974dfaacdd6675ed0ffc15 av-metadata-container-align-left  avia-builder-el-3  el_after_av_heading  el_before_av_textblock  av-metadata-container-1'><div class='av-post-metadata-container-inner'><span class=\"av-post-metadata-content av-post-metadata-meta-content\"><span class=\"av-post-metadata-content av-post-metadata-modified\"><span class=\"av-metadata-before av-metadata-before-modified\">Aktualisiert:<\/span><span class=\"av-post-metadata-modified-date\" >27. April 2026<\/span><\/span><span class=\"av-post-metadata-content av-post-metadata-separator\">\/<\/span><span class=\"av-post-metadata-content av-post-metadata-modified\"><span class=\"av-metadata-before av-metadata-before-modified\">Zuletzt aktualisiert:<\/span><span class=\"av-post-metadata-modified-date\" >27. April 2026<\/span><\/span><\/span><\/div><\/div><br \/>\n\n<style type=\"text\/css\" data-created_by=\"avia_inline_auto\" id=\"style-css-av-jkuubohz-af99e64d94ff8266fb7b03eeb92b6bb7\">\n#top .av_textblock_section.av-jkuubohz-af99e64d94ff8266fb7b03eeb92b6bb7 .avia_textblock{\nfont-size:20px;\n}\n<\/style>\n<section  class='av_textblock_section av-jkuubohz-af99e64d94ff8266fb7b03eeb92b6bb7 '  ><div class='avia_textblock' ><p class=\"einleitungstext-beitrag\">Immer mehr Eltern m\u00f6chten, dass ihre Kinder im engen Kontakt zur Natur aufwachsen. Den ganzen Tag drau\u00dfen spielen, bei jedem Wetter \u2013 der Waldkindergarten ist \u00e4u\u00dferst gefragt.<\/p>\n<\/div><\/section><br \/>\n\n<style type=\"text\/css\" data-created_by=\"avia_inline_auto\" id=\"style-css-av-jkuuo5h6-9c2360ceed01a7ec2a0a82ca2f5a76a4\">\n.avia-image-container.av-jkuuo5h6-9c2360ceed01a7ec2a0a82ca2f5a76a4 img.avia_image{\nbox-shadow:none;\n}\n.avia-image-container.av-jkuuo5h6-9c2360ceed01a7ec2a0a82ca2f5a76a4 .av-image-caption-overlay-center{\ncolor:#ffffff;\n}\n<\/style>\n<div  class='avia-image-container av-jkuuo5h6-9c2360ceed01a7ec2a0a82ca2f5a76a4 av-styling- avia-align-center  avia-builder-el-5  el_after_av_textblock  el_before_av_hr '  ><div class=\"avia-image-container-inner\"><div class=\"avia-image-overlay-wrap\"><img decoding=\"async\" fetchpriority=\"high\" class='wp-image-6866 avia-img-lazy-loading-not-6866 avia_image ' src=\"https:\/\/www.backwinkel.de\/blog\/wp-content\/uploads\/2021\/03\/backwinkel-blog-waldkindergarten-heroimage.jpeg\" alt='' title='backwinkel-blog-waldkindergarten-heroimage'  height=\"628\" width=\"1200\"  \/><\/div><\/div><\/div><br \/>\n\n<style type=\"text\/css\" data-created_by=\"avia_inline_auto\" id=\"style-css-av-jl6mo8rj-35-ff903cdf0e90507c73e998cb6365511f\">\n#top .hr.hr-invisible.av-jl6mo8rj-35-ff903cdf0e90507c73e998cb6365511f{\nheight:5px;\n}\n<\/style>\n<div  class='hr av-jl6mo8rj-35-ff903cdf0e90507c73e998cb6365511f hr-invisible  avia-builder-el-6  el_after_av_image  el_before_av_textblock '><span class='hr-inner '><span class=\"hr-inner-style\"><\/span><\/span><\/div><br \/>\n\n<style type=\"text\/css\" data-created_by=\"avia_inline_auto\" id=\"style-css-av-jl7ql86y-e80384d8b1750d8be134ad53f89ab6ea\">\n#top .av_textblock_section.av-jl7ql86y-e80384d8b1750d8be134ad53f89ab6ea .avia_textblock{\nfont-size:10px;\n}\n<\/style>\n<section  class='av_textblock_section av-jl7ql86y-e80384d8b1750d8be134ad53f89ab6ea '  ><div class='avia_textblock' ><p class=\"bildnennung-beitrag\" style=\"text-align: left;\">\u00a9 iamjura, Adobestock.com<\/p>\n<\/div><\/section><br \/>\n\n<style type=\"text\/css\" data-created_by=\"avia_inline_auto\" id=\"style-css-av-jl6mo8rj-33-d6e976af23615c5ef12f7bc13d4d5f22\">\n#top .hr.hr-invisible.av-jl6mo8rj-33-d6e976af23615c5ef12f7bc13d4d5f22{\nheight:20px;\n}\n<\/style>\n<div  class='hr av-jl6mo8rj-33-d6e976af23615c5ef12f7bc13d4d5f22 hr-invisible  avia-builder-el-8  el_after_av_textblock  el_before_av_textblock '><span class='hr-inner '><span class=\"hr-inner-style\"><\/span><\/span><\/div><br \/>\n<section  class='av_textblock_section av-jkuubohz-34-4fa50fbef179b6ec4e5704a0334e837c '  ><div class='avia_textblock' ><p>Eine Kita ohne W\u00e4nde, mitten in der Natur? Geht das \u00fcberhaupt? Sogar sehr gut! Was auf den ersten Blick ein wenig aus der Zeit gefallen erscheint, weil es nach schw\u00e4rmerischer Naturromantik klingt, entpuppt sich bei genauerem Hinsehen als absolut zeitgem\u00e4\u00dfes, <strong>zukunftweisendes Konzept<\/strong>. Was ist das Besondere an der Waldp\u00e4dagogik? Entdecken Sie im Folgenden, was den Waldkindergarten auszeichnet und wie Sie die Vorteile der Waldp\u00e4dagogik in Ihrer Kita nutzen.<\/p>\n<\/div><\/section><\/p><\/div>\n<style type=\"text\/css\" data-created_by=\"avia_inline_auto\" id=\"style-css-av-swqf9-6bb490ea0cbb171c9d159bb967226129\">\n.flex_column.av-swqf9-6bb490ea0cbb171c9d159bb967226129{\nborder-radius:0px 0px 0px 0px;\npadding:20px 20px 20px 20px;\nbackground-color:#f2f2f2;\n}\n<\/style>\n<div  class='flex_column av-swqf9-6bb490ea0cbb171c9d159bb967226129 av_three_fifth  avia-builder-el-10  el_after_av_one_full  el_before_av_two_fifth  first flex_column_div  column-top-margin'     ><style type=\"text\/css\" data-created_by=\"avia_inline_auto\" id=\"style-css-av-jkuua5r2-d1baa9020b60f0b8929049cd70142866\">\n#top .av_textblock_section.av-jkuua5r2-d1baa9020b60f0b8929049cd70142866 .avia_textblock{\nfont-size:14px;\n}\n<\/style>\n<section  class='av_textblock_section av-jkuua5r2-d1baa9020b60f0b8929049cd70142866 '  ><div class='avia_textblock' ><p><strong>Inhalt<\/strong><\/p>\n<p><strong><a href=\"#1\">1. Was ist anders im Waldkindergarten?<\/a><\/strong><br \/>\n1.1 Geschichte der Waldkinderg\u00e4rten<br \/>\n1.2 Formen des Waldkindergartens<br \/>\n1.2.1 Der klassische Waldkindergarten<br \/>\n1.2.2 Der integrierte Waldkindergarten<br \/>\n1.2.3 Regelm\u00e4\u00dfige Waldtage &amp; Projektwochen<\/p>\n<p><strong><a href=\"#2\">2. So sieht der Tag im Waldkindergarten aus<\/a><\/strong><br \/>\n2.1 Welche Ausr\u00fcstung ben\u00f6tigt ein Waldkind?<br \/>\n2.2 Wie sollte der Waldplatz ausgestattet sein?<\/p>\n<p><strong><a href=\"#3\">3. Welches Konzept hat die Waldp\u00e4dagogik?<\/a><\/strong><br \/>\n3.1 Der Wald als Erzieher<br \/>\n3.2 Der positive Einfluss der Natur<\/p>\n<p><strong><a href=\"#4\">4. Potenzial f\u00fcr die Zukunft: umweltbewusst leben<\/a><\/strong><\/p>\n<\/div><\/section><\/div><\/p>\n\n<style type=\"text\/css\" data-created_by=\"avia_inline_auto\" id=\"style-css-av-2532d-6e1ea05e25305745634c0a02c87dc827\">\n.flex_column.av-2532d-6e1ea05e25305745634c0a02c87dc827{\nborder-radius:0px 0px 0px 0px;\npadding:0 0 0 0;\n}\n<\/style>\n<div  class='flex_column av-2532d-6e1ea05e25305745634c0a02c87dc827 av_two_fifth  avia-builder-el-12  el_after_av_three_fifth  el_before_av_one_full  flex_column_div av-zero-column-padding  column-top-margin'     ><\/div>\n\n<style type=\"text\/css\" data-created_by=\"avia_inline_auto\" id=\"style-css-av-2532d-31-a8b987edaf5bef5ec44d4a5f6153fb0d\">\n.flex_column.av-2532d-31-a8b987edaf5bef5ec44d4a5f6153fb0d{\nborder-radius:0px 0px 0px 0px;\npadding:0 0 0 0;\n}\n<\/style>\n<div  class='flex_column av-2532d-31-a8b987edaf5bef5ec44d4a5f6153fb0d av_one_full  avia-builder-el-13  el_after_av_two_fifth  el_before_av_one_full  first flex_column_div av-zero-column-padding  '     ><div  class='avia-builder-widget-area clearfix  avia-builder-el-14  avia-builder-el-no-sibling '><div id=\"text-33\" class=\"widget clearfix widget_text\">\t\t\t<div class=\"textwidget\"><p><a href=\"https:\/\/www.backwinkel.de\/nachhaltig-denken\/\" target=\"\\_blank\" rel=\"noopener\"><br \/>\n<img decoding=\"async\" class=\"werbung-desktop alignnone wp-image-4186 size-full\" src=\"https:\/\/www.backwinkel.de\/blog\/wp-content\/uploads\/2026\/04\/Backwinkel-blog-werbebanner-shop-kita-schule_desktop.jpg\" alt=\"\" width=\"1251\" height=\"201\" \/><br \/>\n<\/a><br \/>\n<a href=\"https:\/\/www.backwinkel.de\/nachhaltig-denken\/\" target=\"\\_blank\" rel=\"noopener\"><br \/>\n<img decoding=\"async\" class=\"werbung-mobile alignnone wp-image-4187 size-full\" src=\"https:\/\/www.backwinkel.de\/blog\/wp-content\/uploads\/2026\/04\/Backwinkel-blog-werbebanner-shop-kiga-schule_mobile.jpg\" alt=\"\" width=\"550\" height=\"500\" \/><br \/>\n<\/a><\/p>\n<\/div>\n\t\t<\/div><\/div><\/div>\n\n<style type=\"text\/css\" data-created_by=\"avia_inline_auto\" id=\"style-css-av-hh5al-9c53459d093ff912fcc98cf97e19d753\">\n.flex_column.av-hh5al-9c53459d093ff912fcc98cf97e19d753{\nborder-radius:0px 0px 0px 0px;\npadding:0px 0px 0px 0px;\n}\n<\/style>\n<div  class='flex_column av-hh5al-9c53459d093ff912fcc98cf97e19d753 av_one_full  avia-builder-el-15  el_after_av_one_full  el_before_av_one_full  first flex_column_div av-zero-column-padding  column-top-margin'     ><section  class='av_textblock_section av-jkuul0eg-47aa45f9d704d9c8972e1ddf4c471077 '  ><div class='avia_textblock' >\n<style type=\"text\/css\" data-created_by=\"avia_inline_auto\" id=\"style-css-av-7c7r8-30-5ef8a6849912e321614b6bc3a541f028\">\n#top .hr.hr-invisible.av-7c7r8-30-5ef8a6849912e321614b6bc3a541f028{\nheight:20px;\n}\n<\/style>\n<div  class='hr av-7c7r8-30-5ef8a6849912e321614b6bc3a541f028 hr-invisible  avia-builder-el-17  avia-builder-el-no-sibling '><span class='hr-inner '><span class=\"hr-inner-style\"><\/span><\/span><\/div>\n<h2 id=\"1\" class=\"position\">Was ist anders im Waldkindergarten?<\/h2>\n<p>F\u00fcnf Tage in der Woche geht&#8217;s in den Wald zum gemeinsamen Spielen, Toben, Bauen und Entdecken. Eigentlich ist der Waldkindergarten ein ganz normaler Kindergarten \u2013 nur dass die Kinder ganzj\u00e4hrig ihren Kita-Alltag drau\u00dfen in der Natur verbringen. Und das bei jedem Wetter.<\/p>\n<p>F\u00fcr den Fall, dass extreme Witterungsbedingungen einen l\u00e4ngeren Aufenthalt im Freien verhindern, gibt es eine <strong>gesch\u00fctzte Unterkunft<\/strong>;\u00a0oft ist das ein Bauwagen. Was es jedoch im Waldkindergarten nicht gibt, ist vorgefertigtes <strong>Spielzeug<\/strong>. Gespielt wird mit dem, was sich in Wald und Wiese findet, vom Baumstamm bis zu Moos und Bl\u00fctenbl\u00e4ttern \u2013 ein schier unersch\u00f6pfliches Reservoir.<\/p>\n<p>Selbstverst\u00e4ndlich sind damit auch Lernziele verbunden. Jeder Waldkindergarten setzt hier eigene Schwerpunkte. Im Vordergrund stehen die F\u00f6rderung der Motorik sowie die Entwicklung von <strong>Ich-St\u00e4rke<\/strong> und <strong>sozialen F\u00e4higkeiten<\/strong>. Die Kinder erfahren die Stille und erkunden jeden Tag etwas Neues. Dabei geht es um ganzheitliche Bildung, also <strong>Lernen mit allen Sinnen<\/strong> und ganzem K\u00f6rpereinsatz.<\/p>\n<\/div><\/section><\/div>\n\n<style type=\"text\/css\" data-created_by=\"avia_inline_auto\" id=\"style-css-av-hh5al-29-de7ee67d8d8562d2370974f07eba8752\">\n.flex_column.av-hh5al-29-de7ee67d8d8562d2370974f07eba8752{\nborder-radius:0px 0px 0px 0px;\npadding:0px 0px 0px 0px;\n}\n<\/style>\n<div  class='flex_column av-hh5al-29-de7ee67d8d8562d2370974f07eba8752 av_one_full  avia-builder-el-18  el_after_av_one_full  el_before_av_one_full  first flex_column_div av-zero-column-padding  column-top-margin'     ><style type=\"text\/css\" data-created_by=\"avia_inline_auto\" id=\"style-css-av-jqz83eqo-f253f701a8e55fa58e88113f09661bf3\">\n.av_promobox.av-jqz83eqo-f253f701a8e55fa58e88113f09661bf3{\ncolor:#575757;\nbackground:#ffffff;\nborder-color:#575757;\n}\n<\/style>\n<div  class='av_promobox av-jqz83eqo-f253f701a8e55fa58e88113f09661bf3 avia-button-no  avia-builder-el-19  avia-builder-el-no-sibling '><div class='avia-promocontent'><\/p>\n<h3>Geschichte der Waldkinderg\u00e4rten<\/h3>\n<p>Die Wurzeln der Wald-Naturp\u00e4dagogik liegen in Skandinavien. Angeregt durch schwedische Schulprojekte wurde Mitte der 1950er-Jahre der erste Waldkindergarten in D\u00e4nemark gegr\u00fcndet. Die Idee verbreitete sich dort schnell. In Deutschland lasen 1991 zwei angehende Erzieherinnen einen Fachartikel \u00fcber d\u00e4nische Waldkinderg\u00e4rten. Sie hospitierten in D\u00e4nemark, gr\u00fcndeten einen Verein und konnten schlie\u00dflich die Beh\u00f6rden \u00fcberzeugen. Der erste deutsche staatlich anerkannte Waldkindergarten \u00f6ffnete 1993 in Flensburg.<\/p>\n<p>In der p\u00e4dagogischen Fachpresse wurde die Idee zun\u00e4chst kontrovers diskutiert. Doch aufgrund ihrer \u00fcberzeugenden Erfolge konnte sich die Waldp\u00e4dagogik bundesweit etablieren, seit 2010 vertreten vom Bundesverband der Natur- und Waldkinderg\u00e4rten (BvNW). Heute gibt es in Deutschland etwa <strong>2.000 Waldkinderg\u00e4rten<\/strong> \u2013 mit stark wachsender Nachfrage, wie die langen Wartelisten zeigen. Immer mehr Eltern ist es wichtig, dass ihre Kinder in und mit der Natur aufwachsen.<\/p>\n<p class=\"bildnennung-beitrag\" style=\"text-align: left;\">Quellen: Ingrid Miklitz: Der Waldkindergarten, S. 14 f. \/ BvNW <a href=\"https:\/\/www.bvnw.de\/\" target=\"_blank\" rel=\"noopener\">https:\/\/www.bvnw.de\/<\/a><\/p>\n<p>\n<\/div><\/div><\/div>\n\n<style type=\"text\/css\" data-created_by=\"avia_inline_auto\" id=\"style-css-av-hh5al-26-d1f2a01f89204934add1b891d8eaf3f3\">\n.flex_column.av-hh5al-26-d1f2a01f89204934add1b891d8eaf3f3{\nborder-radius:0px 0px 0px 0px;\npadding:0px 0px 0px 0px;\n}\n<\/style>\n<div  class='flex_column av-hh5al-26-d1f2a01f89204934add1b891d8eaf3f3 av_one_full  avia-builder-el-20  el_after_av_one_full  el_before_av_one_full  first flex_column_div av-zero-column-padding  column-top-margin'     ><section  class='av_textblock_section av-jkuul0eg-28-ddefc5ed8cce4d9e1c546946b2ba750f '  ><div class='avia_textblock' >\n<style type=\"text\/css\" data-created_by=\"avia_inline_auto\" id=\"style-css-av-7c7r8-27-7fa87a9fcfc46a3f61304177217b26d8\">\n#top .hr.hr-invisible.av-7c7r8-27-7fa87a9fcfc46a3f61304177217b26d8{\nheight:20px;\n}\n<\/style>\n<div  class='hr av-7c7r8-27-7fa87a9fcfc46a3f61304177217b26d8 hr-invisible  avia-builder-el-22  avia-builder-el-no-sibling '><span class='hr-inner '><span class=\"hr-inner-style\"><\/span><\/span><\/div>\n<h3>Formen des Waldkindergartens<\/h3>\n<p>Die eine Form des Waldkindergartens gibt es nicht. Je nach Lage, M\u00f6glichkeiten und Schwerpunkten existieren unterschiedliche Modelle, die den Kindern Naturerfahrungen im Alltag erm\u00f6glichen.<\/p>\n<h4>1. Der klassische Waldkindergarten:<\/h4>\n<p>Die Kindergruppe verbringt jeden Tag in einem bestimmten Gebiet in der Natur. Dieses liegt meistens im Wald, doch es gibt auch den Insel-Kindergarten in den D\u00fcnen oder den Naturkindergarten in einer Parkanlage. Die Gruppe besteht aus 15 bis 20 Kindern ab 3 Jahren, wobei immer mehr Waldkinderg\u00e4rten auch unter 3-J\u00e4hrige aufnehmen. Bei Unwetter oder winterlichen Temperaturen unter minus f\u00fcnf Grad nutzen Waldkinderg\u00e4rten auch geheizte Ausweichr\u00e4ume.<\/p>\n<h4>2. Der integrierte Waldkindergarten:<\/h4>\n<p>Es gibt verschiedene Mischformen von Wald- und Regelkindergarten. H\u00e4ufig bietet die Kita eine offene Waldgruppe an, an der die Kinder wahlweise teilnehmen, oder es besteht eine feste Waldgruppe, die w\u00f6chentlich wechselt. M\u00f6glich ist auch, dass die Kinder von der Kita aus f\u00fcr einige Stunden in den Wald gehen. In der \u00fcbrigen Zeit findet die Betreuung im Regelkindergarten statt.<\/p>\n<h4>3. Regelm\u00e4\u00dfige Waldtage &amp; Projektwochen:<\/h4>\n<p>Dieses Modell integriert die Waldp\u00e4dagogik in den Regelkindergarten. Viele Kitas bieten einmal w\u00f6chentlich einen Waldtag an. Etwas mehr Planung erfordern Waldprojekte, die \u00fcber einen l\u00e4ngeren Zeitraum laufen. Wichtig hierbei ist die rechtzeitige Beteiligung der Eltern. Oftmals ergibt sich daraus sogar eine st\u00e4ndige Waldgruppe.<\/p>\n<\/div><\/section><\/div>\n\n<style type=\"text\/css\" data-created_by=\"avia_inline_auto\" id=\"style-css-av-hh5al-25-c3efcb7463cbe0d5e5e75cf1ca4321b1\">\n.flex_column.av-hh5al-25-c3efcb7463cbe0d5e5e75cf1ca4321b1{\nborder-radius:0px 0px 0px 0px;\npadding:0px 0px 0px 0px;\n}\n<\/style>\n<div  class='flex_column av-hh5al-25-c3efcb7463cbe0d5e5e75cf1ca4321b1 av_one_full  avia-builder-el-23  el_after_av_one_full  el_before_av_one_full  first flex_column_div av-zero-column-padding  column-top-margin'     ><p><section  class='av_textblock_section av-jkuul0eg-24-3e277a1f5f09d46c2386dd690d396750 '  ><div class='avia_textblock' >\n<style type=\"text\/css\" data-created_by=\"avia_inline_auto\" id=\"style-css-av-7c7r8-23-286f6ba7e8aca0392693b568a8df7321\">\n#top .hr.hr-invisible.av-7c7r8-23-286f6ba7e8aca0392693b568a8df7321{\nheight:20px;\n}\n<\/style>\n<div  class='hr av-7c7r8-23-286f6ba7e8aca0392693b568a8df7321 hr-invisible  avia-builder-el-25  avia-builder-el-no-sibling '><span class='hr-inner '><span class=\"hr-inner-style\"><\/span><\/span><\/div>\n<h2 id=\"2\" class=\"position\">So sieht der Tag im Waldkindergarten aus<\/h2>\n<p>Am Morgen gehen die Kinder zusammen mit den Erziehenden zum Waldplatz. Der <strong>Bollerwagen<\/strong> ist mit Materialien f\u00fcr den Waldtag beladen, wie zum Beispiel Thermokissen, Seilen, Werkzeugen, Becherlupen, Bestimmungsb\u00fcchern, Utensilien zum Malen und Basteln. Der Tag beginnt mit der gemeinsamen Begr\u00fc\u00dfung im <strong>Morgenkreis<\/strong>.<\/p>\n<p>Der Wald bietet jede Menge Anregungen f\u00fcr das Freispiel. Daneben gibt es Angebote f\u00fcr Aktivit\u00e4ten <strong>aus allen Bildungsbereichen<\/strong>, ob die Kinder den Wald erkunden, Lager bauen, Fundst\u00fccke sammeln, Lieder singen oder Laubbilder legen. Nach dem gemeinsamen Mittagessen wird eine <strong>Ruhezeit<\/strong> eingelegt. Im Sommer sind H\u00e4ngematten ideal zum Schlafen, oder die Kinder liegen auf einer Isomatte und lauschen einer Geschichte.<\/p>\n<p>Spielspa\u00df unter freiem Himmel und intensive Naturerfahrungen sensibilisieren Kinder f\u00fcr den Lebensraum Wald. Die wichtigste Regel, bevor es wieder nach Hause geht, hei\u00dft daher: <strong>Wir halten die Natur sauber<\/strong>. Alles Mitgebrachte wird am Schluss auch wieder mitgenommen.<\/p>\n<h3>Welche Ausr\u00fcstung ben\u00f6tigt ein Waldkind?<\/h3>\n<p>Die wichtigste Voraussetzung ist eine bequeme und wetterfeste Kleidung, angepasst an Witterung und Jahreszeit. Zum Waldkindergarten-Start sollten die Eltern eine detaillierte Kleidungs- und Ausr\u00fcstungsempfehlung als Orientierung erhalten.<\/p>\n<p><strong>Diese Dinge ben\u00f6tigt jedes Waldkind<\/strong>:<\/p>\n<ul>\n<li>wetterfeste Kleidung und Schuhe<\/li>\n<li>Rucksack mit Regenschutz<\/li>\n<li>Fr\u00fchst\u00fccksbox, Trinkflasche<\/li>\n<li>Box mit Besteck f\u00fcr das Mittagessen<\/li>\n<li>bei Bedarf Wickelutensilien, Schlafsack f\u00fcr Mittagsschlaf<\/li>\n<\/ul>\n<h3>Wie sollte der Waldplatz ausgestattet sein?<\/h3>\n<p>Eine Holzh\u00fctte oder ein umfunktionierter Bauwagen ist die Basisstation im Wald. Die Unterkunft sollte kindgem\u00e4\u00df ausgestattet sein. Sie dient als Materiallager und als R\u00fcckzugsort, in der kalten Jahreszeit auch zum Mittagessen.<\/p>\n<p><strong>Diese Dinge geh\u00f6ren zur Ausstattung<\/strong>:<\/p>\n<ul>\n<li>Eigentumskisten mit Kleidung zum Wechseln<\/li>\n<li>Aufbewahrungsboxen f\u00fcr Materialien<\/li>\n<li>Erste-Hilfe-Rucksack und Hygienebedarf<\/li>\n<li>ein Bollerwagen, ein Tisch und B\u00e4nke<\/li>\n<li>eine Komposttoilette<\/li>\n<\/ul>\n<\/div><\/section><br \/>\n\n<style type=\"text\/css\" data-created_by=\"avia_inline_auto\" id=\"style-css-av-kmkhrrws-54faaa7216a8b5ede901b13a49047f5a\">\n.av_promobox.av-kmkhrrws-54faaa7216a8b5ede901b13a49047f5a{\ncolor:#575757;\nbackground:#d6e0ed;\nborder-color:#6194ed;\n}\n<\/style>\n<div  class='av_promobox av-kmkhrrws-54faaa7216a8b5ede901b13a49047f5a avia-button-no  avia-builder-el-26  el_after_av_textblock  avia-builder-el-last  eigenwerbung'><div class='avia-promocontent'><p>\nPraktische <a href=\"https:\/\/www.backwinkel.de\/cat\/aufbewahrung-kita\/\" target=\"_blank\" rel=\"noopener\">Aufbewahrungsl\u00f6sungen<\/a>, Produkte rund um <a href=\"https:\/\/www.backwinkel.de\/cat\/kindergarten-sicherheit\/\" target=\"_blank\" rel=\"noopener\">Sicherheit &amp; Erste Hilfe<\/a> sowie <a href=\"https:\/\/www.backwinkel.de\/cat\/hygiene-schutz-kindergarten\/\" target=\"_blank\" rel=\"noopener\">Hygiene &amp; Schutz im Kiga<\/a> und den <a href=\"https:\/\/www.backwinkel.de\/prod\/bollerwagen-mit-feststellbremse.html\" target=\"_blank\" rel=\"noopener\">Bollerwagen<\/a> sowie <a href=\"https:\/\/www.backwinkel.de\/cat\/kindergarten-aussenbereich-sitzgruppen\/\" target=\"_blank\" rel=\"noopener\">Outdoor-Sitzgruppen<\/a> finden Sie in unserem klimaneutralen <a href=\"https:\/\/www.backwinkel.de\/\" target=\"_blank\" rel=\"noopener\">Onlineshop<\/a>.<\/p>\n<\/div><\/div><\/p><\/div>\n\n<style type=\"text\/css\" data-created_by=\"avia_inline_auto\" id=\"style-css-av-hh5al-22-ffcfec0658e823b2fde141e642541932\">\n.flex_column.av-hh5al-22-ffcfec0658e823b2fde141e642541932{\nborder-radius:0px 0px 0px 0px;\npadding:0px 0px 0px 0px;\n}\n<\/style>\n<div  class='flex_column av-hh5al-22-ffcfec0658e823b2fde141e642541932 av_one_full  avia-builder-el-27  el_after_av_one_full  el_before_av_one_full  first flex_column_div av-zero-column-padding  column-top-margin'     ><p><section  class='av_textblock_section av-jkuul0eg-21-c8650d517a2871048ebc48fa100dbcc6 '  ><div class='avia_textblock' >\n<style type=\"text\/css\" data-created_by=\"avia_inline_auto\" id=\"style-css-av-7c7r8-20-6cefff928e3d31e56e1b251e62e29591\">\n#top .hr.hr-invisible.av-7c7r8-20-6cefff928e3d31e56e1b251e62e29591{\nheight:20px;\n}\n<\/style>\n<div  class='hr av-7c7r8-20-6cefff928e3d31e56e1b251e62e29591 hr-invisible  avia-builder-el-29  avia-builder-el-no-sibling '><span class='hr-inner '><span class=\"hr-inner-style\"><\/span><\/span><\/div>\n<h2 id=\"3\" class=\"position\">Welches Konzept hat die Waldp\u00e4dagogik?<\/h2>\n<p>Das Erleben von Bewegung, K\u00f6rper- und Sinneserfahrung geh\u00f6rt zu den Grundbed\u00fcrfnissen von Kindern. Es ist zugleich Handlungsmotiv und Grundlage geistiger Entwicklung. Dies belegt die neurobiologische Forschung. Auch die Entwicklungspsychologie betont den Zusammenhang motorisch-sinnlicher und kognitiver Prozesse. Gerade in den ersten Lebensjahren brauchen Kinder <strong>vielf\u00e4ltige sensomotorische Erfahrungen<\/strong>, um die geistige Entwicklung zu stimulieren.<\/p>\n<h3>Der Wald als Erzieher<\/h3>\n<p>Der Wald ist die perfekte Umgebung f\u00fcr sensomotorische Erfahrungen, speziell wenn es um die k\u00f6rpernahen Sinne wie F\u00fchlen, Riechen, Bewegungs- und Tiefensinn geht. Raumerfahrung hat mit Sehen, H\u00f6ren, Riechen, Tasten und dem Gleichgewichtssinn zu tun. Darauf basieren neuere elementarp\u00e4dagogische Ans\u00e4tze wie die <strong>Offene Arbeit<\/strong>, etwa im Reggio-Werkstattkonzept.<\/p>\n<p>In der <strong>Reggio-P\u00e4dagogik<\/strong> gilt der Raum als dritter Erzieher. J\u00fcngere Kinder erleben den Raum emotional und sammeln pr\u00e4gende Eindr\u00fccke, indem sie ihn aktiv erkunden. Erfahrungen von Selbstwirksamkeit sind f\u00fcr die kindliche Entwicklung \u00e4u\u00dferst wichtig. Die Waldp\u00e4dagogik sieht <strong>die Natur als prim\u00e4re p\u00e4dagogische Kraft<\/strong>. Ihr Wert als pr\u00e4gender Entwicklungsraum und Vorbild ist f\u00fcr Kinder von gr\u00f6\u00dfter Bedeutung.<\/p>\n<h3>Der positive Einfluss der Natur<\/h3>\n<p>Wer sich gerne in der freien Natur aufh\u00e4lt, wird nicht bezweifeln, dass auch unseren Kindern mehr Natur guttut. Doch wie sieht es mit den kognitiven Bildungszielen aus? In der heutigen Zeit erwarten Eltern von der Kita gezielte Fr\u00fchf\u00f6rderung, immer mit Blick auf die Schulf\u00e4higkeit ihrer Kinder. Der Waldkindergarten erscheint da wie ein idyllisches Gegenmodell. Aber stimmt das \u00fcberhaupt?<\/p>\n<p>Die gute Nachricht vorweg: Waldkinderg\u00e4rten bereiten Kinder <strong>optimal<\/strong> auf die Schule vor. Kinder, die einen <strong>Waldkindergarten<\/strong> besucht haben, arbeiten in der ersten Klasse besser im Unterricht mit. Im Schnitt sind sie eloquenter, zeigen besseres Sozialverhalten und sind fantasiereicher als ihre Mitsch\u00fcler aus Regelkinderg\u00e4rten. Dies best\u00e4tigen mehrere Studien, wie auch der Kindheitsforscher Andreas Raith ausf\u00fchrt. Die folgenden Punkte fassen die Ergebnisse zusammen:<\/p>\n<p><strong>1. Wohlbefinden schaffen<\/strong><br \/>\nDass Naturn\u00e4he unser Wohlbefinden positiv beeinflussen kann, ist lange bekannt. So belegen Studien in Krankenh\u00e4usern, dass der Blick aus dem Fenster auf Gr\u00fcnanlagen oder B\u00e4ume sich messbar g\u00fcnstig auf Genesung und Wohlbefinden auswirkt. Das Gleiche gilt f\u00fcr die schulische Umgebung: Schon die Anwesenheit von <strong>Gr\u00fcnpflanzen <\/strong>im Klassenzimmer gen\u00fcgt, um das gesamte <strong>Klassenklima<\/strong> zu verbessern. In diesen Klassen gibt es weniger Disziplinprobleme und geringere Krankheitszeiten.<\/p>\n<p><strong>2. Selbstkompetenzen entwickeln<\/strong><br \/>\nKinder, die mit viel Natur aufwachsen, haben ein besseres <strong>Selbstwertgef\u00fchl<\/strong>. Sie zeigen starkes Vertrauen in die eigenen F\u00e4higkeiten, treten entspannt auf, sind motiviert zu lernen und k\u00f6nnen gut soziale Beziehungen pflegen. Sie sind durchsetzungsf\u00e4hig, ohne dabei aggressiv zu sein. Fachleute erkl\u00e4ren diese Effekte mit dem freieren Spielverhalten und der damit verbundenen M\u00f6glichkeit, Risiken einzugehen und zu bew\u00e4ltigen. Die Natur vereint Widerspr\u00fcchliches und kann allen Bed\u00fcrfnissen gerecht werden.<\/p>\n<p>Der Kontakt zur Natur verbessert die <strong>Kreativit\u00e4t<\/strong>. Vergleichende Tests zeigten, dass Kinder aus dem Waldkindergarten bessere Ergebnisse in Kreativit\u00e4t und <strong>Grobmotorik<\/strong> haben. In der Feinmotorik gab es keine Unterschiede. Bedeutsam ist, dass nur Kinder, die jeden Tag im Wald verbrachten, diese Effekte zeigten. Kinder aus Waldkinderg\u00e4rten wurden auch von ihren Lehrern als kreativer und fantasievoller eingestuft als Kinder, die einen Regelkindergarten besucht hatten.<\/p>\n<p><strong>3. Sprachkompetenzen f\u00f6rdern <\/strong><br \/>\nDer Wald hat f\u00fcr Kinder einen hohen Aufforderungscharakter, denn sie treffen auf immer neue und unvorhersehbare Situationen. Diese anregungsreiche Umgebung erfordert <strong>komplexe sprachliche Ausdruckformen <\/strong>mit einem gr\u00f6\u00dferen Vokabular. Die Kinder versuchen, ihre Umgebung zu beschreiben und zu verstehen. So k\u00f6nnen gemeinsame Aktivit\u00e4ten in der Natur die kindliche Sprachentwicklung nachhaltig f\u00f6rdern.<\/p>\n<p><strong>4. Sachkompetenzen entwickeln<\/strong><br \/>\nDie Natur stimuliert Lernprozesse. Die Vielfalt der Umgebung, Steine, Beeren, Tannenzapfen, K\u00e4fer, Baumrinde, alles weckt Interesse und regt zu Fragen an. Solche Fragen bieten Erziehern ideale M\u00f6glichkeiten, um Lernprozesse, die von den Kindern ausgehen, aufzugreifen und zu vertiefen. Dadurch wird <strong>naturwissenschaftliches Verst\u00e4ndnis<\/strong> angebahnt.<\/p>\n<\/div><\/section><br \/>\n\n<style type=\"text\/css\" data-created_by=\"avia_inline_auto\" id=\"style-css-av-kmkhrrws-19-3dd6f7f9be66ea1a43e7a7539ac71f5d\">\n.av_promobox.av-kmkhrrws-19-3dd6f7f9be66ea1a43e7a7539ac71f5d{\ncolor:#575757;\nbackground:#d6e0ed;\nborder-color:#6194ed;\n}\n<\/style>\n<div  class='av_promobox av-kmkhrrws-19-3dd6f7f9be66ea1a43e7a7539ac71f5d avia-button-no  avia-builder-el-30  el_after_av_textblock  el_before_av_textblock  eigenwerbung'><div class='avia-promocontent'><p>\nHilfreiche Produkte, mit denen Sie Kindern die <a href=\"https:\/\/www.backwinkel.de\/cat\/mensch-natur\/\" target=\"_blank\" rel=\"noopener\">Natur &amp; Umwelt<\/a> n\u00e4herbringen, finden Sie in unserem klimaneutralen <a href=\"https:\/\/www.backwinkel.de\/\" target=\"_blank\" rel=\"noopener\">Onlineshop<\/a>.<\/p>\n<\/div><\/div><br \/>\n<section  class='av_textblock_section av-jkuul0eg-17-3e7163a435a01b6f5ef12ed98583b0d5 '  ><div class='avia_textblock' >\n<style type=\"text\/css\" data-created_by=\"avia_inline_auto\" id=\"style-css-av-25l54x-f3776027d5ebb546b180ef2353300f41\">\n#top .hr.av-25l54x-f3776027d5ebb546b180ef2353300f41{\nmargin-top:8px;\n}\n.hr.av-25l54x-f3776027d5ebb546b180ef2353300f41 .hr-inner{\nwidth:50px;\n}\n<\/style>\n<div  class='hr av-25l54x-f3776027d5ebb546b180ef2353300f41 hr-custom  avia-builder-el-32  avia-builder-el-no-sibling  hr-center hr-icon-no'><span class='hr-inner inner-border-av-border-none'><span class=\"hr-inner-style\"><\/span><\/span><\/div>\n<p>Kinder, die einen Waldkindergarten besucht haben, beteiligen sich in der ersten Klasse reger am Unterricht. Bei Tests erbrachten sie durchweg bessere Leistungen im Sachunterricht. Die etwas schlechteren Leistungen im Schreibunterricht holten sie schnell auf, sodass es in der zweiten und dritten Klasse beim Schreiben keine Unterschiede mehr gab.<\/p>\n<p><strong>5. Sozialkompetenzen ausbauen <\/strong><br \/>\nDas <strong>Spielverhalten<\/strong> ver\u00e4ndert sich in der Natur, es wird intensiver und einfallsreicher. Einmal verl\u00e4uft es mit viel Toben und Geschrei, ein anderes Mal mucksm\u00e4uschenstill. Das Spielfeld kann ein Turnierplatz sein, eine Hexenk\u00fcche oder der Weltraum. Alle Spiele haben differenzierte Rollen und einen komplexen Ablauf, den die Kinder selbst bestimmen.<\/p>\n<p>Das freie Spiel f\u00f6rdert die <strong>Kooperations- und<\/strong> <strong>Kommunikationsf\u00e4higkeit<\/strong>. Die Kinder lernen, abwechselnd zu sprechen und sich gegenseitig zuzuh\u00f6ren. Das verbessert die Zusammenarbeit bei der Umsetzung ihrer Ideen. Erzieherinnen und Erzieher brauchen seltener wegen Streitereien einzugreifen.<\/p>\n<p><strong>6. Gesundheit st\u00e4rken<\/strong><br \/>\nDie Natur ist der ideale Bewegungsraum f\u00fcr Kinder. Auch wenn sie im Gr\u00fcnen nicht unbedingt aktiver sind, erm\u00f6glicht der Wald doch besonders <strong>differenzierte Bewegungsmuster<\/strong>. Alle Muskeln werden trainiert, was \u00dcbergewicht vorbeugt und positiv auf Fitness und K\u00f6rpergef\u00fchl wirkt. Auch Studien in Grundschulen zeigen: Kinder mit viel Kontakt zur Natur sind weniger krank.<\/p>\n<\/div><\/section><\/p><\/div>\n\n<style type=\"text\/css\" data-created_by=\"avia_inline_auto\" id=\"style-css-av-jlnt0i5o-d256db89d9b6aa9bb92f19cfc2475b5b\">\n.flex_column.av-jlnt0i5o-d256db89d9b6aa9bb92f19cfc2475b5b{\nborder-radius:0px 0px 0px 0px;\npadding:10px 10px 10px 10px;\nbackground-color:#e0f1b4;\n}\n<\/style>\n<div  class='flex_column av-jlnt0i5o-d256db89d9b6aa9bb92f19cfc2475b5b av_one_full  avia-builder-el-33  el_after_av_one_full  el_before_av_one_third  first flex_column_div  column-top-margin'     ><style type=\"text\/css\" data-created_by=\"avia_inline_auto\" id=\"style-css-av-jkuvcso3-bf550690b05a5b6ef37ec26a0e850258\">\n#top .av_textblock_section.av-jkuvcso3-bf550690b05a5b6ef37ec26a0e850258 .avia_textblock{\nfont-size:18px;\n}\n<\/style>\n<section  class='av_textblock_section av-jkuvcso3-bf550690b05a5b6ef37ec26a0e850258 '  ><div class='avia_textblock' ><p><strong>Tipp:<\/strong> Auch wenn Sie keinen Wald in der N\u00e4he haben, k\u00f6nnen Sie mit Ihren Kindern im Park oder Kita-Garten auf Entdeckungstour gehen. In der Natur ist immer was los, zu jeder Jahreszeit. Ausger\u00fcstet mit <a href=\"https:\/\/www.backwinkel.de\/suche\/?q=lupe\">Lupe<\/a> und <a href=\"https:\/\/www.backwinkel.de\/prod\/sammeldosen.html\">Sammeldosen<\/a> wird der Osterspaziergang f\u00fcr kleine Forscher zum spannenden Erlebnis.<\/p>\n<\/div><\/section><\/div>\n<div class='flex_column_table av-jxcy3x4s-fc5d4ad95756edaabc2bc972666892fb sc-av_one_third av-equal-height-column-flextable'>\n<style type=\"text\/css\" data-created_by=\"avia_inline_auto\" id=\"style-css-av-jxcy3x4s-fc5d4ad95756edaabc2bc972666892fb\">\n.flex_column.av-jxcy3x4s-fc5d4ad95756edaabc2bc972666892fb{\nborder-width:1px;\nborder-color:#ebebeb;\nborder-style:solid;\nborder-radius:0px 0px 0px 0px;\npadding:10px 10px 10px 10px;\n}\n<\/style>\n<div  class='flex_column av-jxcy3x4s-fc5d4ad95756edaabc2bc972666892fb av_one_third  avia-builder-el-35  el_after_av_one_full  el_before_av_one_third  first flex_column_table_cell av-equal-height-column av-align-top  column-top-margin'     ><p><section  class='av_textblock_section av-jxcz48fa-e3a8c428ebf631dbb5e2b3914e95c36c '  ><div class='avia_textblock' ><p><a href=\"https:\/\/blog.backwinkel.de\/wp-content\/uploads\/2021\/03\/30240_forscher-gruppen-set.jpeg\" target=\"_blank\" rel=\"noopener\"><img decoding=\"async\" class=\"alignnone wp-image-6881 size-full\" src=\"https:\/\/blog.backwinkel.de\/wp-content\/uploads\/2021\/03\/30240_forscher-gruppen-set.jpeg\" alt=\"\" width=\"500\" height=\"350\" \/><\/a><\/p>\n<p style=\"font-size: 20px; font-family: urw_grotesk_extra_narrowrg; text-align: left;\">Forscher-Lupe Gruppen-Set<\/p>\n<p style=\"text-align: left;\"><div  class='avia-button-wrap av-8ssthn-b6d97aa6d4a3c1b8eb6267bace1b18c9-wrap avia-button-center  avia-builder-el-37  avia-builder-el-no-sibling '><a href='https:\/\/www.backwinkel.de\/prod\/forscher-lupe-gruppen-set.html'  class='avia-button av-8ssthn-b6d97aa6d4a3c1b8eb6267bace1b18c9 av-link-btn avia-icon_select-no avia-size-medium avia-position-center avia-color-theme-color'  target=\"_blank\"  rel=\"noopener noreferrer\"  aria-label=\"zum Produkt\"><span class='avia_iconbox_title' >zum Produkt<\/span><\/a><\/div><\/p>\n<\/div><\/section><br \/>\n\n<style type=\"text\/css\" data-created_by=\"avia_inline_auto\" id=\"style-css-av-jkuvdh82-4f37b1a2f5bf0c7f14df31e178d6014c\">\n#top .hr.hr-invisible.av-jkuvdh82-4f37b1a2f5bf0c7f14df31e178d6014c{\nheight:20px;\n}\n<\/style>\n<div  class='hr av-jkuvdh82-4f37b1a2f5bf0c7f14df31e178d6014c hr-invisible  avia-builder-el-38  el_after_av_textblock  avia-builder-el-last '><span class='hr-inner '><span class=\"hr-inner-style\"><\/span><\/span><\/div><\/p><\/div>\n<div class='av-flex-placeholder'><\/div>\n<style type=\"text\/css\" data-created_by=\"avia_inline_auto\" id=\"style-css-av-jxcy3x4s-12-df73029ea59a3dbf1c4cdc238c22c834\">\n.flex_column.av-jxcy3x4s-12-df73029ea59a3dbf1c4cdc238c22c834{\nborder-width:1px;\nborder-color:#ebebeb;\nborder-style:solid;\nborder-radius:0px 0px 0px 0px;\npadding:10px 10px 10px 10px;\n}\n<\/style>\n<div  class='flex_column av-jxcy3x4s-12-df73029ea59a3dbf1c4cdc238c22c834 av_one_third  avia-builder-el-39  el_after_av_one_third  el_before_av_one_third  flex_column_table_cell av-equal-height-column av-align-top  column-top-margin'     ><p><section  class='av_textblock_section av-jxcz48fa-11-f71f16fc07abe478f3dde103e307569e '  ><div class='avia_textblock' ><p><a href=\"https:\/\/blog.backwinkel.de\/wp-content\/uploads\/2021\/03\/9638_schmetterlingsbox.jpeg\" target=\"_blank\" rel=\"noopener\"><img decoding=\"async\" class=\"alignnone wp-image-6879 size-full\" src=\"https:\/\/blog.backwinkel.de\/wp-content\/uploads\/2021\/03\/9638_schmetterlingsbox.jpeg\" alt=\"\" width=\"500\" height=\"350\" \/><\/a><\/p>\n<p style=\"font-size: 20px; font-family: urw_grotesk_extra_narrowrg; text-align: left;\">Schmetterlingsbox<\/p>\n<p style=\"text-align: left;\"><div  class='avia-button-wrap av-8ssthn-10-502bcfa6972c8e170aefcb1596c7b945-wrap avia-button-center  avia-builder-el-41  avia-builder-el-no-sibling '><a href='https:\/\/www.backwinkel.de\/prod\/schmetterlingsbox.html'  class='avia-button av-8ssthn-10-502bcfa6972c8e170aefcb1596c7b945 av-link-btn avia-icon_select-no avia-size-medium avia-position-center avia-color-theme-color'  target=\"_blank\"  rel=\"noopener noreferrer\"  aria-label=\"zum Produkt\"><span class='avia_iconbox_title' >zum Produkt<\/span><\/a><\/div><\/p>\n<\/div><\/section><br \/>\n\n<style type=\"text\/css\" data-created_by=\"avia_inline_auto\" id=\"style-css-av-jkuvdh82-9-f044af962a78f2fe95833a081e1da595\">\n#top .hr.hr-invisible.av-jkuvdh82-9-f044af962a78f2fe95833a081e1da595{\nheight:20px;\n}\n<\/style>\n<div  class='hr av-jkuvdh82-9-f044af962a78f2fe95833a081e1da595 hr-invisible  avia-builder-el-42  el_after_av_textblock  avia-builder-el-last '><span class='hr-inner '><span class=\"hr-inner-style\"><\/span><\/span><\/div><\/p><\/div>\n<div class='av-flex-placeholder'><\/div>\n<style type=\"text\/css\" data-created_by=\"avia_inline_auto\" id=\"style-css-av-jxcy3x4s-8-01cfe45e4b1009ddc306177e08c728d3\">\n.flex_column.av-jxcy3x4s-8-01cfe45e4b1009ddc306177e08c728d3{\nborder-width:1px;\nborder-color:#ebebeb;\nborder-style:solid;\nborder-radius:0px 0px 0px 0px;\npadding:10px 10px 10px 10px;\n}\n<\/style>\n<div  class='flex_column av-jxcy3x4s-8-01cfe45e4b1009ddc306177e08c728d3 av_one_third  avia-builder-el-43  el_after_av_one_third  el_before_av_one_full  flex_column_table_cell av-equal-height-column av-align-top  column-top-margin'     ><p><section  class='av_textblock_section av-jxcz48fa-7-1209d6c61d3e43d741a918f17d2cb26f '  ><div class='avia_textblock' ><p><a href=\"https:\/\/blog.backwinkel.de\/wp-content\/uploads\/2021\/03\/11906_sammeldosen.jpeg\" target=\"_blank\" rel=\"noopener\"><img decoding=\"async\" class=\"alignnone wp-image-6880 size-full\" src=\"https:\/\/blog.backwinkel.de\/wp-content\/uploads\/2021\/03\/11906_sammeldosen.jpeg\" alt=\"\" width=\"500\" height=\"350\" \/><\/a><\/p>\n<p style=\"font-size: 20px; font-family: urw_grotesk_extra_narrowrg; text-align: left;\">Sammeldosen<\/p>\n<p style=\"text-align: left;\"><div  class='avia-button-wrap av-8ssthn-6-4a43772f8e45a79a9bce79b0c6924c5e-wrap avia-button-center  avia-builder-el-45  avia-builder-el-no-sibling '><a href='https:\/\/www.backwinkel.de\/prod\/sammeldosen.html'  class='avia-button av-8ssthn-6-4a43772f8e45a79a9bce79b0c6924c5e av-link-btn avia-icon_select-no avia-size-medium avia-position-center avia-color-theme-color'  target=\"_blank\"  rel=\"noopener noreferrer\"  aria-label=\"zum Produkt\"><span class='avia_iconbox_title' >zum Produkt<\/span><\/a><\/div><\/p>\n<\/div><\/section><br \/>\n\n<style type=\"text\/css\" data-created_by=\"avia_inline_auto\" id=\"style-css-av-jkuvdh82-5-4d1e1587a119b1d68d362c64a01d15d5\">\n#top .hr.hr-invisible.av-jkuvdh82-5-4d1e1587a119b1d68d362c64a01d15d5{\nheight:20px;\n}\n<\/style>\n<div  class='hr av-jkuvdh82-5-4d1e1587a119b1d68d362c64a01d15d5 hr-invisible  avia-builder-el-46  el_after_av_textblock  avia-builder-el-last '><span class='hr-inner '><span class=\"hr-inner-style\"><\/span><\/span><\/div><\/p><\/div><\/div><!--close column table wrapper. Autoclose: 1 -->\n\n<style type=\"text\/css\" data-created_by=\"avia_inline_auto\" id=\"style-css-av-hh5al-3-97678c1b79a1ac72c89d2e3ece7fdaff\">\n.flex_column.av-hh5al-3-97678c1b79a1ac72c89d2e3ece7fdaff{\nborder-radius:0px 0px 0px 0px;\npadding:0px 0px 0px 0px;\n}\n<\/style>\n<div  class='flex_column av-hh5al-3-97678c1b79a1ac72c89d2e3ece7fdaff av_one_full  avia-builder-el-47  el_after_av_one_third  el_before_av_hr  first flex_column_div av-zero-column-padding  column-top-margin'     ><p><section  class='av_textblock_section av-jkuul0eg-2-bec8b811281b143bd361f0f16bb53a74 '  ><div class='avia_textblock' >\n<style type=\"text\/css\" data-created_by=\"avia_inline_auto\" id=\"style-css-av-7c7r8-16-c30c4c7d83524c6c0d801deb089bba54\">\n#top .hr.hr-invisible.av-7c7r8-16-c30c4c7d83524c6c0d801deb089bba54{\nheight:20px;\n}\n<\/style>\n<div  class='hr av-7c7r8-16-c30c4c7d83524c6c0d801deb089bba54 hr-invisible  avia-builder-el-49  avia-builder-el-no-sibling '><span class='hr-inner '><span class=\"hr-inner-style\"><\/span><\/span><\/div>\n<h2 id=\"4\" class=\"position\">Potenzial f\u00fcr die Zukunft: umweltbewusst leben<\/h2>\n<p>Das Prinzip von Bildung ist, dass mehr Wissen zu mehr Einsicht und somit zu besserem Handeln f\u00fchrt. Aber leider stimmt das nicht immer. Bei Umweltproblemen ist der Einfluss des Wissens auf unser Handeln sehr gering. Vielmehr motiviert die <strong>emotionale Einstellung<\/strong> uns dazu, umweltbewusst zu handeln. Dies beherzigt der Waldkindergarten: Er sensibilisiert f\u00fcr \u00f6kologische Zusammenh\u00e4nge.<\/p>\n<p>Kinder, die mit Naturerfahrungen aufwachsen, entwickeln <strong>Naturverbundenheit<\/strong>. Nur wer ein positives <strong>Gef\u00fchl f\u00fcr die Natur<\/strong> hat, ist auch bereit, das eigene Handeln zu ver\u00e4ndern. Die intensive Naturbegegnung im Waldkindergarten wirkt weit \u00fcber das Kindesalter hinaus. Aus begeisterten Waldkindern werden umweltbewusste Erwachsene, die sich f\u00fcr nachhaltigen Naturschutz einsetzen.<\/p>\n<\/div><\/section><br \/>\n\n<style type=\"text\/css\" data-created_by=\"avia_inline_auto\" id=\"style-css-av-kmkhrrws-15-024c9870944fb86a265deedb44b4e63d\">\n.av_promobox.av-kmkhrrws-15-024c9870944fb86a265deedb44b4e63d{\ncolor:#575757;\nbackground:#d6e0ed;\nborder-color:#6194ed;\n}\n<\/style>\n<div  class='av_promobox av-kmkhrrws-15-024c9870944fb86a265deedb44b4e63d avia-button-no  avia-builder-el-50  el_after_av_textblock  avia-builder-el-last  eigenwerbung'><div class='avia-promocontent'><p>\n\u00dcbrigens: Wir als BACKWINKEL wollen die Zukunft unserer Kinder mit vielen kleinen Schritten umweltfreundlicher gestalten und mit einer gro\u00dfen Portion LACHEN LEBEN LERNEN ein Bewusstsein f\u00fcr nachhaltiges Handeln schaffen. Mehr zum Thema <a href=\"https:\/\/www.backwinkel.de\/nachhaltig-denken\/\" target=\"_blank\" rel=\"noopener\">Nachhaltigkeit<\/a> bei BACKWINKEL und unsere Zertifizierungen wie z. B. des Umweltmanagementsystems nach ISO 14001 lesen Sie auf unserer Webseite.<\/p>\n<\/div><\/div><\/p><\/div>\n\n<style type=\"text\/css\" data-created_by=\"avia_inline_auto\" id=\"style-css-av-jkuvdh82-4-1cb00f5d3df0dd24df27983c77e22d4a\">\n#top .hr.av-jkuvdh82-4-1cb00f5d3df0dd24df27983c77e22d4a{\nmargin-top:10px;\nmargin-bottom:10px;\n}\n.hr.av-jkuvdh82-4-1cb00f5d3df0dd24df27983c77e22d4a .hr-inner{\nwidth:500;\n}\n<\/style>\n<div  class='hr av-jkuvdh82-4-1cb00f5d3df0dd24df27983c77e22d4a hr-custom  avia-builder-el-51  el_after_av_one_full  el_before_av_one_full  hr-left hr-icon-no'><span class='hr-inner inner-border-av-border-none'><span class=\"hr-inner-style\"><\/span><\/span><\/div>\n\n<style type=\"text\/css\" data-created_by=\"avia_inline_auto\" id=\"style-css-av-jley1l06-be8863a15e87d33f314fbd4b76b14014\">\n.flex_column.av-jley1l06-be8863a15e87d33f314fbd4b76b14014{\nborder-radius:0px 0px 0px 0px;\npadding:10px 10px 10px 10px;\nbackground-color:#f2f2f2;\n}\n<\/style>\n<div  class='flex_column av-jley1l06-be8863a15e87d33f314fbd4b76b14014 av_one_full  avia-builder-el-52  el_after_av_hr  el_before_av_one_full  first flex_column_div  '     ><section  class='av_textblock_section av-jkuvcso3-13-2994652a9d42c9a079649624e21f372a '  ><div class='avia_textblock' ><p class=\"fussnoten-quellen\"><strong>Zum Weiterlesen:<\/strong><\/p>\n<p class=\"fussnoten-quellen\">Frank Francesco Birk: Der Waldkindergarten. Ein Konzept zur Pr\u00e4vention von Entwicklungsst\u00f6rungen. In: Schweizerische Zeitschrift f\u00fcr Heilp\u00e4dagogik, 26\/3, 2020, S. 32 \u2013 37.<\/p>\n<p class=\"fussnoten-quellen\">Ingrid Miklitz: Der Waldkindergarten. Dimensionen eines p\u00e4dagogischen Ansatzes. Berlin: Cornelsen Scriptor 2011.<\/p>\n<p class=\"fussnoten-quellen\">Andreas Raith, Armin Lude: Startkapital Natur. Wie Naturerfahrung die kindliche Entwicklung f\u00f6rdert. M\u00fcnchen: oekom 2014.<\/p>\n<p class=\"fussnoten-quellen\">Silvana Del Rosso: Waldkindergarten. Ein p\u00e4dagogisches Konzept mit Zukunft? Hamburg: Diplomica 2010.<\/p>\n<\/div><\/section><\/div>\n\n<style type=\"text\/css\" data-created_by=\"avia_inline_auto\" id=\"style-css-av-3ihh1t-e63b3b3ee7218f2b95f7b85f69252c4b\">\n.flex_column.av-3ihh1t-e63b3b3ee7218f2b95f7b85f69252c4b{\nborder-radius:0px 0px 0px 0px;\npadding:10px 10px 10px 10px;\n}\n<\/style>\n<div  class='flex_column av-3ihh1t-e63b3b3ee7218f2b95f7b85f69252c4b av_one_full  avia-builder-el-54  el_after_av_one_full  el_before_av_one_full  first flex_column_div  column-top-margin'     ><section  class='av_textblock_section av-1tmrb5-a6477567269e01d329e30d3abd7a8981 '  ><div class='avia_textblock' ><p class=\"copyright\"><strong>\u00a9 Copyright \u2013 Urheberrechtshinweis<\/strong><br \/>\nAlle Inhalte auf www.backwinkel.de sowie www.backwinkel.de\/blog, insbesondere Texte, Fotografien und Grafiken, sind urheberrechtlich gesch\u00fctzt.<br \/>\nDas Urheberrecht liegt, soweit nicht ausdr\u00fccklich anders gekennzeichnet, bei der BACKWINKEL GmbH. Bitte fragen Sie uns, falls Sie die Inhalte dieses Internetangebotes verwenden m\u00f6chten.<br \/>\nWer gegen das Urheberrecht verst\u00f6\u00dft (z. B. Bilder oder Texte unerlaubt kopiert), macht sich gem. \u00a7\u00a7 106 ff UrhG strafbar, wird zudem kostenpflichtig abgemahnt und muss Schadensersatz leisten (\u00a7 97 UrhG).<\/p>\n<\/div><\/section><\/div>\n\n<style type=\"text\/css\" data-created_by=\"avia_inline_auto\" id=\"style-css-av-1p82t-b0e9719fe6c67aa5c6d1abf813961e55\">\n.flex_column.av-1p82t-b0e9719fe6c67aa5c6d1abf813961e55{\nborder-radius:0px 0px 0px 0px;\npadding:0px 0px 0px 0px;\n}\n<\/style>\n<div  class='flex_column av-1p82t-b0e9719fe6c67aa5c6d1abf813961e55 av_one_full  avia-builder-el-56  el_after_av_one_full  avia-builder-el-last  first flex_column_div av-zero-column-padding  column-top-margin'     ><p><section  class='av_textblock_section av-jlp4hxqo-91baaad30cd61f89630d15f8561d1750 '  ><div class='avia_textblock' ><div class=\"shariff shariff-align-left shariff-widget-align-left\"><ul class=\"shariff-buttons theme-color orientation-horizontal buttonsize-medium\"><li class=\"shariff-button whatsapp shariff-nocustomcolor\" style=\"background-color:#5cbe4a\"><a href=\"https:\/\/api.whatsapp.com\/send?text=https%3A%2F%2Fwww.backwinkel.de%2Fblog%2Fwaldkindergarten%2F%20Im%20Waldkindergarten%3A\" title=\"Bei Whatsapp teilen\" aria-label=\"Bei Whatsapp teilen\" role=\"button\" rel=\"noopener nofollow\" class=\"shariff-link\" style=\"; background-color:#34af23; color:#fff\" target=\"_blank\"><span class=\"shariff-icon\" style=\"\"><svg width=\"32px\" height=\"20px\" xmlns=\"http:\/\/www.w3.org\/2000\/svg\" viewBox=\"0 0 32 32\"><path fill=\"#34af23\" d=\"M17.6 17.4q0.2 0 1.7 0.8t1.6 0.9q0 0.1 0 0.3 0 0.6-0.3 1.4-0.3 0.7-1.3 1.2t-1.8 0.5q-1 0-3.4-1.1-1.7-0.8-3-2.1t-2.6-3.3q-1.3-1.9-1.3-3.5v-0.1q0.1-1.6 1.3-2.8 0.4-0.4 0.9-0.4 0.1 0 0.3 0t0.3 0q0.3 0 0.5 0.1t0.3 0.5q0.1 0.4 0.6 1.6t0.4 1.3q0 0.4-0.6 1t-0.6 0.8q0 0.1 0.1 0.3 0.6 1.3 1.8 2.4 1 0.9 2.7 1.8 0.2 0.1 0.4 0.1 0.3 0 1-0.9t0.9-0.9zM14 26.9q2.3 0 4.3-0.9t3.6-2.4 2.4-3.6 0.9-4.3-0.9-4.3-2.4-3.6-3.6-2.4-4.3-0.9-4.3 0.9-3.6 2.4-2.4 3.6-0.9 4.3q0 3.6 2.1 6.6l-1.4 4.2 4.3-1.4q2.8 1.9 6.2 1.9zM14 2.2q2.7 0 5.2 1.1t4.3 2.9 2.9 4.3 1.1 5.2-1.1 5.2-2.9 4.3-4.3 2.9-5.2 1.1q-3.5 0-6.5-1.7l-7.4 2.4 2.4-7.2q-1.9-3.2-1.9-6.9 0-2.7 1.1-5.2t2.9-4.3 4.3-2.9 5.2-1.1z\"\/><\/svg><\/span><span class=\"shariff-text\">teilen<\/span>&nbsp;<\/a><\/li><li class=\"shariff-button facebook shariff-nocustomcolor\" style=\"background-color:#4273c8\"><a href=\"https:\/\/www.facebook.com\/sharer\/sharer.php?u=https%3A%2F%2Fwww.backwinkel.de%2Fblog%2Fwaldkindergarten%2F\" title=\"Bei Facebook teilen\" aria-label=\"Bei Facebook teilen\" role=\"button\" rel=\"nofollow\" class=\"shariff-link\" style=\"; background-color:#3b5998; color:#fff\" target=\"_blank\"><span class=\"shariff-icon\" style=\"\"><svg width=\"32px\" height=\"20px\" xmlns=\"http:\/\/www.w3.org\/2000\/svg\" viewBox=\"0 0 18 32\"><path fill=\"#3b5998\" d=\"M17.1 0.2v4.7h-2.8q-1.5 0-2.1 0.6t-0.5 1.9v3.4h5.2l-0.7 5.3h-4.5v13.6h-5.5v-13.6h-4.5v-5.3h4.5v-3.9q0-3.3 1.9-5.2t5-1.8q2.6 0 4.1 0.2z\"\/><\/svg><\/span><span class=\"shariff-text\">teilen<\/span>&nbsp;<\/a><\/li><li class=\"shariff-button twitter shariff-nocustomcolor\" style=\"background-color:#595959\"><a href=\"https:\/\/twitter.com\/share?url=https%3A%2F%2Fwww.backwinkel.de%2Fblog%2Fwaldkindergarten%2F&text=Im%20Waldkindergarten%3A\" title=\"Bei X teilen\" aria-label=\"Bei X teilen\" role=\"button\" rel=\"noopener nofollow\" class=\"shariff-link\" style=\"; background-color:#000; color:#fff\" target=\"_blank\"><span class=\"shariff-icon\" style=\"\"><svg width=\"32px\" height=\"20px\" xmlns=\"http:\/\/www.w3.org\/2000\/svg\" viewBox=\"0 0 24 24\"><path fill=\"#000\" d=\"M14.258 10.152L23.176 0h-2.113l-7.747 8.813L7.133 0H0l9.352 13.328L0 23.973h2.113l8.176-9.309 6.531 9.309h7.133zm-2.895 3.293l-.949-1.328L2.875 1.56h3.246l6.086 8.523.945 1.328 7.91 11.078h-3.246zm0 0\"\/><\/svg><\/span><span class=\"shariff-text\">teilen<\/span>&nbsp;<\/a><\/li><li class=\"shariff-button pinterest shariff-nocustomcolor\" style=\"background-color:#e70f18\"><a href=\"https:\/\/www.pinterest.com\/pin\/create\/link\/?url=https%3A%2F%2Fwww.backwinkel.de%2Fblog%2Fwaldkindergarten%2F&media=https%3A%2F%2Fwww.backwinkel.de%2Fblog%2Fwp-content%2Fuploads%2F2021%2F03%2Fbackwinkel-blog-waldkindergarten-heroimage.jpeg&description=Im%20Waldkindergarten%3A\" title=\"Bei Pinterest pinnen\" aria-label=\"Bei Pinterest pinnen\" role=\"button\" rel=\"noopener nofollow\" class=\"shariff-link\" style=\"; background-color:#cb2027; color:#fff\" target=\"_blank\"><span class=\"shariff-icon\" style=\"\"><svg width=\"32px\" height=\"20px\" xmlns=\"http:\/\/www.w3.org\/2000\/svg\" viewBox=\"0 0 27 32\"><path fill=\"#cb2027\" d=\"M27.4 16q0 3.7-1.8 6.9t-5 5-6.9 1.9q-2 0-3.9-0.6 1.1-1.7 1.4-2.9 0.2-0.6 1-3.8 0.4 0.7 1.3 1.2t2 0.5q2.1 0 3.8-1.2t2.7-3.4 0.9-4.8q0-2-1.1-3.8t-3.1-2.9-4.5-1.2q-1.9 0-3.5 0.5t-2.8 1.4-2 2-1.2 2.3-0.4 2.4q0 1.9 0.7 3.3t2.1 2q0.5 0.2 0.7-0.4 0-0.1 0.1-0.5t0.2-0.5q0.1-0.4-0.2-0.8-0.9-1.1-0.9-2.7 0-2.7 1.9-4.6t4.9-2q2.7 0 4.2 1.5t1.5 3.8q0 3-1.2 5.2t-3.1 2.1q-1.1 0-1.7-0.8t-0.4-1.9q0.1-0.6 0.5-1.7t0.5-1.8 0.2-1.4q0-0.9-0.5-1.5t-1.4-0.6q-1.1 0-1.9 1t-0.8 2.6q0 1.3 0.4 2.2l-1.8 7.5q-0.3 1.2-0.2 3.2-3.7-1.6-6-5t-2.3-7.6q0-3.7 1.9-6.9t5-5 6.9-1.9 6.9 1.9 5 5 1.8 6.9z\"\/><\/svg><\/span><span class=\"shariff-text\">merken<\/span>&nbsp;<\/a><\/li><li class=\"shariff-button mailto shariff-nocustomcolor\" style=\"background-color:#a8a8a8\"><a href=\"mailto:?body=https%3A%2F%2Fwww.backwinkel.de%2Fblog%2Fwaldkindergarten%2F&subject=Im%20Waldkindergarten%3A\" title=\"Per E-Mail versenden\" aria-label=\"Per E-Mail versenden\" role=\"button\" rel=\"noopener nofollow\" class=\"shariff-link\" style=\"; background-color:#999; color:#fff\"><span class=\"shariff-icon\" style=\"\"><svg width=\"32px\" height=\"20px\" xmlns=\"http:\/\/www.w3.org\/2000\/svg\" viewBox=\"0 0 32 32\"><path fill=\"#999\" d=\"M32 12.7v14.2q0 1.2-0.8 2t-2 0.9h-26.3q-1.2 0-2-0.9t-0.8-2v-14.2q0.8 0.9 1.8 1.6 6.5 4.4 8.9 6.1 1 0.8 1.6 1.2t1.7 0.9 2 0.4h0.1q0.9 0 2-0.4t1.7-0.9 1.6-1.2q3-2.2 8.9-6.1 1-0.7 1.8-1.6zM32 7.4q0 1.4-0.9 2.7t-2.2 2.2q-6.7 4.7-8.4 5.8-0.2 0.1-0.7 0.5t-1 0.7-0.9 0.6-1.1 0.5-0.9 0.2h-0.1q-0.4 0-0.9-0.2t-1.1-0.5-0.9-0.6-1-0.7-0.7-0.5q-1.6-1.1-4.7-3.2t-3.6-2.6q-1.1-0.7-2.1-2t-1-2.5q0-1.4 0.7-2.3t2.1-0.9h26.3q1.2 0 2 0.8t0.9 2z\"\/><\/svg><\/span><span class=\"shariff-text\">E-Mail<\/span>&nbsp;<\/a><\/li><\/ul><\/div>\n<\/div><\/section><br \/>\n<div  class='tabcontainer av-jlq8shhr-b676e11701d9718d755b04dc68ac4c10 top_tab  avia-builder-el-58  el_after_av_textblock  el_before_av_hr '>\n<section class='av_tab_section av_tab_section av-4w8jsn-17d4c89754803ac141d68451b8b1d1a6' ><div id='tab-id-1-tab' class='tab active_tab' role='tab' aria-selected=\"true\" tabindex=\"0\" data-fake-id='#tab-id-1' aria-controls='tab-id-1-content' >Das BACKWINKEL-Blog-Team:<\/div><div id='tab-id-1-content' class='tab_content active_tab_content' role='tabpanel' aria-labelledby='tab-id-1-tab' aria-hidden=\"false\"><div class='tab_inner_content invers-color' ><p><img decoding=\"async\" class=\"wp-image-1768 alignleft\" title=\"BACKWINKEL-Blog \u2013 Das Team\" src=\"https:\/\/blog.backwinkel.de\/wp-content\/uploads\/2018\/10\/backwinkel-blog-autorenbox-intern_preview-300x198.jpg\" alt=\"\" width=\"300\" height=\"198\" \/>Gibts auch ein Gesicht hinter dem BACKWINKEL-Blog? Ja. Vier ?. Drei davon sogar mit Foto.<\/p>\n<p><span style=\"font-style: inherit !important; font-weight: inherit !important;\">Wir \u2013 Lukas, Tatjana, Stefan und Christine \u2013 bespielen unseren Blog unter dem Motto LACHEN LESEN LERNEN. <\/span><\/p>\n<p><span style=\"font-style: inherit !important; font-weight: inherit !important;\">Lukas kennt sich online so gut aus wie in seiner Westentasche und findet immer spannende Themen, w\u00e4hrend Stefan unseren Beitr\u00e4gen den passenden gestalterischen Rahmen gibt und Tatjana mit dem gr\u00fcnen Korrekturstift alles pr\u00fcfend be\u00e4ugt, was unsere Autorin Christine (und gern auch Gastautoren) f\u00fcr den BACKWINKEL-Blog nach ordentlicher Recherche schreibt.<\/span><\/p>\n<p>Gemeinsam suchen wir st\u00e4ndig nach neuen, aufregenden Themen rund um das Thema Bildung im Kiga, der Schule und zu Hause. Und weil Sie da an der Quelle sitzen, freuen wir uns auf Ihre konstruktiven R\u00fcckmeldungen und Anregungen an <a href=\"mailto:blog@backwinkel.de\">blog@backwinkel.de<\/a><\/p>\n<p>Viel Spa\u00df beim LACHEN LESEN LERNEN!<\/p>\n<\/div><\/div><\/section>\n<\/div><br \/>\n\n<style type=\"text\/css\" data-created_by=\"avia_inline_auto\" id=\"style-css-av-jkuvdh82-1-38174a178115d53a20dded2140bc52ff\">\n#top .hr.av-jkuvdh82-1-38174a178115d53a20dded2140bc52ff{\nmargin-top:10px;\nmargin-bottom:10px;\n}\n.hr.av-jkuvdh82-1-38174a178115d53a20dded2140bc52ff .hr-inner{\nwidth:500;\n}\n<\/style>\n<div  class='hr av-jkuvdh82-1-38174a178115d53a20dded2140bc52ff hr-custom  avia-builder-el-59  el_after_av_tab_container  el_before_av_heading  hr-left hr-icon-no'><span class='hr-inner inner-border-av-border-thin'><span class=\"hr-inner-style\"><\/span><\/span><\/div><br \/>\n\n<style type=\"text\/css\" data-created_by=\"avia_inline_auto\" id=\"style-css-av-2kvx4l-26cf26738d77db581bfabf51b88b95c5\">\n#top .av-special-heading.av-2kvx4l-26cf26738d77db581bfabf51b88b95c5{\npadding-bottom:10px;\n}\nbody .av-special-heading.av-2kvx4l-26cf26738d77db581bfabf51b88b95c5 .av-special-heading-tag .heading-char{\nfont-size:25px;\n}\n.av-special-heading.av-2kvx4l-26cf26738d77db581bfabf51b88b95c5 .av-subheading{\nfont-size:15px;\n}\n<\/style>\n<div  class='av-special-heading av-2kvx4l-26cf26738d77db581bfabf51b88b95c5 av-special-heading-h3 blockquote modern-quote  avia-builder-el-60  el_after_av_hr  el_before_av_blog '><h3 class='av-special-heading-tag '  >PASSENDE BEITR\u00c4GE<\/h3><div class=\"special-heading-border\"><div class=\"special-heading-inner-border\"><\/div><\/div><\/div><br \/>\n<div  data-slideshow-options=\"{&quot;animation&quot;:&quot;fade&quot;,&quot;autoplay&quot;:false,&quot;loop_autoplay&quot;:&quot;once&quot;,&quot;interval&quot;:5,&quot;loop_manual&quot;:&quot;manual-endless&quot;,&quot;autoplay_stopper&quot;:false,&quot;noNavigation&quot;:false,&quot;show_slide_delay&quot;:90}\" class='avia-content-slider avia-content-grid-active avia-content-slider1 avia-content-slider-odd  avia-builder-el-61  el_after_av_heading  avia-builder-el-last  av-slideshow-ui av-control-default   av-no-slider-navigation av-slideshow-manual av-loop-once av-loop-manual-endless ' ><div class=\"avia-content-slider-inner\"><div class=\"slide-entry-wrap\"><article class='slide-entry flex_column  post-entry post-entry-18633 slide-entry-overview slide-loop-1 slide-parity-odd  av_one_third first real-thumbnail posttype-post post-format-standard' ><a href='https:\/\/www.backwinkel.de\/blog\/plastik-recyceln\/' data-rel='slide-1' class='slide-image' title='Plastik recyceln'><img decoding=\"async\" fetchpriority=\"high\" width=\"1200\" height=\"628\" src=\"https:\/\/www.backwinkel.de\/blog\/wp-content\/uploads\/2026\/04\/04_Kiga_Plastik_nachhaltig_nutzen.jpg\" class=\"wp-image-18713 avia-img-lazy-loading-not-18713 attachment-no scaling size-no scaling wp-post-image\" alt=\"\" \/><\/a><div class=\"slide-content\"><header class=\"entry-content-header\" aria-label=\"Slide: Plastik recyceln\"><h3 class='slide-entry-title entry-title ' ><a href='https:\/\/www.backwinkel.de\/blog\/plastik-recyceln\/' title='Plastik recyceln'>Plastik recyceln<\/a><\/h3><span class=\"blog-categories minor-meta\"><a href=\"https:\/\/www.backwinkel.de\/blog\/category\/kindergarten-kita\/\" rel=\"tag\">Kindergarten<\/a> <\/span><span class=\"av-vertical-delimiter\"><\/span><\/header><div class='slide-entry-excerpt entry-content' >Biokunststoff f\u00fcr St\u00fchle, Materialboxen, Spielzeug und Rucks\u00e4cke<\/div><\/div><footer class=\"entry-footer\"><div class=\"slide-meta\"><time class='slide-meta-time updated' >14. April 2026<\/time><\/div><\/footer><\/article><article class='slide-entry flex_column  post-entry post-entry-18716 slide-entry-overview slide-loop-2 slide-parity-even  av_one_third  real-thumbnail posttype-post post-format-standard' ><a href='https:\/\/www.backwinkel.de\/blog\/rechnen-im-anfangsunterricht\/' data-rel='slide-1' class='slide-image' title='Rechnen im Anfangsunterricht'><img decoding=\"async\" fetchpriority=\"high\" width=\"1200\" height=\"628\" src=\"https:\/\/www.backwinkel.de\/blog\/wp-content\/uploads\/2026\/04\/04_Schule_Rechnen_anfangsunterricht.jpg\" class=\"wp-image-18748 avia-img-lazy-loading-not-18748 attachment-no scaling size-no scaling wp-post-image\" alt=\"\" \/><\/a><div class=\"slide-content\"><header class=\"entry-content-header\" aria-label=\"Slide: Rechnen im Anfangsunterricht\"><h3 class='slide-entry-title entry-title ' ><a href='https:\/\/www.backwinkel.de\/blog\/rechnen-im-anfangsunterricht\/' title='Rechnen im Anfangsunterricht'>Rechnen im Anfangsunterricht<\/a><\/h3><span class=\"blog-categories minor-meta\"><a href=\"https:\/\/www.backwinkel.de\/blog\/category\/schule-grundschule\/\" rel=\"tag\">Schule<\/a> <\/span><span class=\"av-vertical-delimiter\"><\/span><\/header><div class='slide-entry-excerpt entry-content' >Das Klassenzimmer als Lernlandschaft<\/div><\/div><footer class=\"entry-footer\"><div class=\"slide-meta\"><time class='slide-meta-time updated' >14. April 2026<\/time><\/div><\/footer><\/article><article class='slide-entry flex_column  post-entry post-entry-18372 slide-entry-overview slide-loop-3 slide-parity-odd  post-entry-last  av_one_third  real-thumbnail posttype-post post-format-standard' ><a href='https:\/\/www.backwinkel.de\/blog\/kranke-kinder-im-kindergarten\/' data-rel='slide-1' class='slide-image' title='Kranke Kinder im Kindergarten'><img decoding=\"async\" fetchpriority=\"high\" width=\"1200\" height=\"628\" src=\"https:\/\/www.backwinkel.de\/blog\/wp-content\/uploads\/2026\/03\/03_Kiga_Kranke_Kinder.jpg\" class=\"wp-image-18451 avia-img-lazy-loading-not-18451 attachment-no scaling size-no scaling wp-post-image\" alt=\"Thema: Kranke Kinder. Auf dem Bild ist ein krankes kleines M\u00e4dchen zu sehen. Eine Frau mit einem Fieberthermometer in der Hand sitzt neben ihr und hat die Hand auf der Stirn des M\u00e4dchens.\" \/><\/a><div class=\"slide-content\"><header class=\"entry-content-header\" aria-label=\"Slide: Kranke Kinder im Kindergarten\"><h3 class='slide-entry-title entry-title ' ><a href='https:\/\/www.backwinkel.de\/blog\/kranke-kinder-im-kindergarten\/' title='Kranke Kinder im Kindergarten'>Kranke Kinder im Kindergarten<\/a><\/h3><span class=\"blog-categories minor-meta\"><a href=\"https:\/\/www.backwinkel.de\/blog\/category\/kindergarten-kita\/\" rel=\"tag\">Kindergarten<\/a> <\/span><span class=\"av-vertical-delimiter\"><\/span><\/header><div class='slide-entry-excerpt entry-content' >Auswirkungen f\u00fcr Kinder, Eltern und Fachkr\u00e4fte<\/div><\/div><footer class=\"entry-footer\"><div class=\"slide-meta\"><time class='slide-meta-time updated' >9. M\u00e4rz 2026<\/time><\/div><\/footer><\/article><\/div><\/div><\/div><\/p><\/div>\n","protected":false},"excerpt":{"rendered":"<p>So f\u00f6rdert Naturerfahrung die kindliche Entwicklung <\/p>\n","protected":false},"author":3,"featured_media":6866,"comment_status":"closed","ping_status":"closed","sticky":false,"template":"","format":"standard","meta":{"inline_featured_image":false,"footnotes":""},"categories":[5],"tags":[],"class_list":["post-6865","post","type-post","status-publish","format-standard","has-post-thumbnail","hentry","category-kindergarten-kita"],"yoast_head":"<!-- This site is optimized with the Yoast SEO plugin v27.4 - https:\/\/yoast.com\/product\/yoast-seo-wordpress\/ -->\n<title>Waldkindergarten \u00bb Vorteile &amp; Besonderheiten der Waldp\u00e4dagogik | BACKWINKEL Blog<\/title>\n<meta name=\"description\" content=\"Waldkindergarten \u00bb Lesen Sie, welche Besonderheiten die Waldp\u00e4dagogik hat und wie Sie die Vorteile auch in Ihrer Kita nutzen. \u2713 Inkl. Praxis-Tipps \u2713 Jetzt lesen!\" \/>\n<meta name=\"robots\" content=\"index, follow, max-snippet:-1, max-image-preview:large, max-video-preview:-1\" \/>\n<link rel=\"canonical\" href=\"https:\/\/www.backwinkel.de\/blog\/waldkindergarten\/\" \/>\n<meta property=\"og:locale\" content=\"de_DE\" \/>\n<meta property=\"og:type\" content=\"article\" \/>\n<meta property=\"og:title\" content=\"Waldkindergarten \u00bb Vorteile &amp; Besonderheiten der Waldp\u00e4dagogik | BACKWINKEL Blog\" \/>\n<meta property=\"og:description\" content=\"Waldkindergarten \u00bb Lesen Sie, welche Besonderheiten die Waldp\u00e4dagogik hat und wie Sie die Vorteile auch in Ihrer Kita nutzen. \u2713 Inkl. Praxis-Tipps \u2713 Jetzt lesen!\" \/>\n<meta property=\"og:url\" content=\"https:\/\/www.backwinkel.de\/blog\/waldkindergarten\/\" \/>\n<meta property=\"og:site_name\" content=\"BACKWINKEL Blog\" \/>\n<meta property=\"article:published_time\" content=\"2021-04-06T08:06:44+00:00\" \/>\n<meta property=\"article:modified_time\" content=\"2026-04-27T05:49:31+00:00\" \/>\n<meta property=\"og:image\" content=\"https:\/\/www.backwinkel.de\/blog\/wp-content\/uploads\/2021\/03\/backwinkel-blog-waldkindergarten-heroimage.jpeg\" \/>\n\t<meta property=\"og:image:width\" content=\"1200\" \/>\n\t<meta property=\"og:image:height\" content=\"628\" \/>\n\t<meta property=\"og:image:type\" content=\"image\/jpeg\" \/>\n<meta name=\"author\" content=\"BACKWINKEL\" \/>\n<meta name=\"twitter:card\" content=\"summary_large_image\" \/>\n<meta name=\"twitter:label1\" content=\"Verfasst von\" \/>\n\t<meta name=\"twitter:data1\" content=\"BACKWINKEL\" \/>\n\t<meta name=\"twitter:label2\" content=\"Gesch\u00e4tzte Lesezeit\" \/>\n\t<meta name=\"twitter:data2\" content=\"15\u00a0Minuten\" \/>\n<script type=\"application\/ld+json\" class=\"yoast-schema-graph\">{\"@context\":\"https:\\\/\\\/schema.org\",\"@graph\":[{\"@type\":\"Article\",\"@id\":\"https:\\\/\\\/www.backwinkel.de\\\/blog\\\/waldkindergarten\\\/#article\",\"isPartOf\":{\"@id\":\"https:\\\/\\\/www.backwinkel.de\\\/blog\\\/waldkindergarten\\\/\"},\"author\":{\"name\":\"BACKWINKEL\",\"@id\":\"https:\\\/\\\/www.backwinkel.de\\\/blog\\\/#\\\/schema\\\/person\\\/3d64575316540d25f7866264a4b7cd24\"},\"headline\":\"Im Waldkindergarten:\",\"datePublished\":\"2021-04-06T08:06:44+00:00\",\"dateModified\":\"2026-04-27T05:49:31+00:00\",\"mainEntityOfPage\":{\"@id\":\"https:\\\/\\\/www.backwinkel.de\\\/blog\\\/waldkindergarten\\\/\"},\"wordCount\":6753,\"image\":{\"@id\":\"https:\\\/\\\/www.backwinkel.de\\\/blog\\\/waldkindergarten\\\/#primaryimage\"},\"thumbnailUrl\":\"https:\\\/\\\/www.backwinkel.de\\\/blog\\\/wp-content\\\/uploads\\\/2021\\\/03\\\/backwinkel-blog-waldkindergarten-heroimage.jpeg\",\"articleSection\":[\"Kindergarten\"],\"inLanguage\":\"de\"},{\"@type\":\"WebPage\",\"@id\":\"https:\\\/\\\/www.backwinkel.de\\\/blog\\\/waldkindergarten\\\/\",\"url\":\"https:\\\/\\\/www.backwinkel.de\\\/blog\\\/waldkindergarten\\\/\",\"name\":\"Waldkindergarten \u00bb Vorteile & Besonderheiten der Waldp\u00e4dagogik | BACKWINKEL Blog\",\"isPartOf\":{\"@id\":\"https:\\\/\\\/www.backwinkel.de\\\/blog\\\/#website\"},\"primaryImageOfPage\":{\"@id\":\"https:\\\/\\\/www.backwinkel.de\\\/blog\\\/waldkindergarten\\\/#primaryimage\"},\"image\":{\"@id\":\"https:\\\/\\\/www.backwinkel.de\\\/blog\\\/waldkindergarten\\\/#primaryimage\"},\"thumbnailUrl\":\"https:\\\/\\\/www.backwinkel.de\\\/blog\\\/wp-content\\\/uploads\\\/2021\\\/03\\\/backwinkel-blog-waldkindergarten-heroimage.jpeg\",\"datePublished\":\"2021-04-06T08:06:44+00:00\",\"dateModified\":\"2026-04-27T05:49:31+00:00\",\"author\":{\"@id\":\"https:\\\/\\\/www.backwinkel.de\\\/blog\\\/#\\\/schema\\\/person\\\/3d64575316540d25f7866264a4b7cd24\"},\"description\":\"Waldkindergarten \u00bb Lesen Sie, welche Besonderheiten die Waldp\u00e4dagogik hat und wie Sie die Vorteile auch in Ihrer Kita nutzen. \u2713 Inkl. Praxis-Tipps \u2713 Jetzt lesen!\",\"breadcrumb\":{\"@id\":\"https:\\\/\\\/www.backwinkel.de\\\/blog\\\/waldkindergarten\\\/#breadcrumb\"},\"inLanguage\":\"de\",\"potentialAction\":[{\"@type\":\"ReadAction\",\"target\":[\"https:\\\/\\\/www.backwinkel.de\\\/blog\\\/waldkindergarten\\\/\"]}]},{\"@type\":\"ImageObject\",\"inLanguage\":\"de\",\"@id\":\"https:\\\/\\\/www.backwinkel.de\\\/blog\\\/waldkindergarten\\\/#primaryimage\",\"url\":\"https:\\\/\\\/www.backwinkel.de\\\/blog\\\/wp-content\\\/uploads\\\/2021\\\/03\\\/backwinkel-blog-waldkindergarten-heroimage.jpeg\",\"contentUrl\":\"https:\\\/\\\/www.backwinkel.de\\\/blog\\\/wp-content\\\/uploads\\\/2021\\\/03\\\/backwinkel-blog-waldkindergarten-heroimage.jpeg\",\"width\":1200,\"height\":628},{\"@type\":\"BreadcrumbList\",\"@id\":\"https:\\\/\\\/www.backwinkel.de\\\/blog\\\/waldkindergarten\\\/#breadcrumb\",\"itemListElement\":[{\"@type\":\"ListItem\",\"position\":1,\"name\":\"Startseite\",\"item\":\"https:\\\/\\\/blog.backwinkel.de\\\/aktuelles\\\/\"},{\"@type\":\"ListItem\",\"position\":2,\"name\":\"Im Waldkindergarten:\"}]},{\"@type\":\"WebSite\",\"@id\":\"https:\\\/\\\/www.backwinkel.de\\\/blog\\\/#website\",\"url\":\"https:\\\/\\\/www.backwinkel.de\\\/blog\\\/\",\"name\":\"BACKWINKEL Blog\",\"description\":\"f\u00fcr Lehrer, Erzieher und Eltern\",\"potentialAction\":[{\"@type\":\"SearchAction\",\"target\":{\"@type\":\"EntryPoint\",\"urlTemplate\":\"https:\\\/\\\/www.backwinkel.de\\\/blog\\\/?s={search_term_string}\"},\"query-input\":{\"@type\":\"PropertyValueSpecification\",\"valueRequired\":true,\"valueName\":\"search_term_string\"}}],\"inLanguage\":\"de\"},{\"@type\":\"Person\",\"@id\":\"https:\\\/\\\/www.backwinkel.de\\\/blog\\\/#\\\/schema\\\/person\\\/3d64575316540d25f7866264a4b7cd24\",\"name\":\"BACKWINKEL\",\"sameAs\":[\"http:\\\/\\\/www.backwinkel.de\"],\"url\":\"https:\\\/\\\/www.backwinkel.de\\\/blog\\\/author\\\/backwinkel\\\/\"}]}<\/script>\n<!-- \/ Yoast SEO plugin. -->","yoast_head_json":{"title":"Waldkindergarten \u00bb Vorteile & Besonderheiten der Waldp\u00e4dagogik | BACKWINKEL Blog","description":"Waldkindergarten \u00bb Lesen Sie, welche Besonderheiten die Waldp\u00e4dagogik hat und wie Sie die Vorteile auch in Ihrer Kita nutzen. \u2713 Inkl. Praxis-Tipps \u2713 Jetzt lesen!","robots":{"index":"index","follow":"follow","max-snippet":"max-snippet:-1","max-image-preview":"max-image-preview:large","max-video-preview":"max-video-preview:-1"},"canonical":"https:\/\/www.backwinkel.de\/blog\/waldkindergarten\/","og_locale":"de_DE","og_type":"article","og_title":"Waldkindergarten \u00bb Vorteile & Besonderheiten der Waldp\u00e4dagogik | BACKWINKEL Blog","og_description":"Waldkindergarten \u00bb Lesen Sie, welche Besonderheiten die Waldp\u00e4dagogik hat und wie Sie die Vorteile auch in Ihrer Kita nutzen. \u2713 Inkl. Praxis-Tipps \u2713 Jetzt lesen!","og_url":"https:\/\/www.backwinkel.de\/blog\/waldkindergarten\/","og_site_name":"BACKWINKEL Blog","article_published_time":"2021-04-06T08:06:44+00:00","article_modified_time":"2026-04-27T05:49:31+00:00","og_image":[{"width":1200,"height":628,"url":"https:\/\/www.backwinkel.de\/blog\/wp-content\/uploads\/2021\/03\/backwinkel-blog-waldkindergarten-heroimage.jpeg","type":"image\/jpeg"}],"author":"BACKWINKEL","twitter_card":"summary_large_image","twitter_misc":{"Verfasst von":"BACKWINKEL","Gesch\u00e4tzte Lesezeit":"15\u00a0Minuten"},"schema":{"@context":"https:\/\/schema.org","@graph":[{"@type":"Article","@id":"https:\/\/www.backwinkel.de\/blog\/waldkindergarten\/#article","isPartOf":{"@id":"https:\/\/www.backwinkel.de\/blog\/waldkindergarten\/"},"author":{"name":"BACKWINKEL","@id":"https:\/\/www.backwinkel.de\/blog\/#\/schema\/person\/3d64575316540d25f7866264a4b7cd24"},"headline":"Im Waldkindergarten:","datePublished":"2021-04-06T08:06:44+00:00","dateModified":"2026-04-27T05:49:31+00:00","mainEntityOfPage":{"@id":"https:\/\/www.backwinkel.de\/blog\/waldkindergarten\/"},"wordCount":6753,"image":{"@id":"https:\/\/www.backwinkel.de\/blog\/waldkindergarten\/#primaryimage"},"thumbnailUrl":"https:\/\/www.backwinkel.de\/blog\/wp-content\/uploads\/2021\/03\/backwinkel-blog-waldkindergarten-heroimage.jpeg","articleSection":["Kindergarten"],"inLanguage":"de"},{"@type":"WebPage","@id":"https:\/\/www.backwinkel.de\/blog\/waldkindergarten\/","url":"https:\/\/www.backwinkel.de\/blog\/waldkindergarten\/","name":"Waldkindergarten \u00bb Vorteile & Besonderheiten der Waldp\u00e4dagogik | BACKWINKEL Blog","isPartOf":{"@id":"https:\/\/www.backwinkel.de\/blog\/#website"},"primaryImageOfPage":{"@id":"https:\/\/www.backwinkel.de\/blog\/waldkindergarten\/#primaryimage"},"image":{"@id":"https:\/\/www.backwinkel.de\/blog\/waldkindergarten\/#primaryimage"},"thumbnailUrl":"https:\/\/www.backwinkel.de\/blog\/wp-content\/uploads\/2021\/03\/backwinkel-blog-waldkindergarten-heroimage.jpeg","datePublished":"2021-04-06T08:06:44+00:00","dateModified":"2026-04-27T05:49:31+00:00","author":{"@id":"https:\/\/www.backwinkel.de\/blog\/#\/schema\/person\/3d64575316540d25f7866264a4b7cd24"},"description":"Waldkindergarten \u00bb Lesen Sie, welche Besonderheiten die Waldp\u00e4dagogik hat und wie Sie die Vorteile auch in Ihrer Kita nutzen. \u2713 Inkl. Praxis-Tipps \u2713 Jetzt lesen!","breadcrumb":{"@id":"https:\/\/www.backwinkel.de\/blog\/waldkindergarten\/#breadcrumb"},"inLanguage":"de","potentialAction":[{"@type":"ReadAction","target":["https:\/\/www.backwinkel.de\/blog\/waldkindergarten\/"]}]},{"@type":"ImageObject","inLanguage":"de","@id":"https:\/\/www.backwinkel.de\/blog\/waldkindergarten\/#primaryimage","url":"https:\/\/www.backwinkel.de\/blog\/wp-content\/uploads\/2021\/03\/backwinkel-blog-waldkindergarten-heroimage.jpeg","contentUrl":"https:\/\/www.backwinkel.de\/blog\/wp-content\/uploads\/2021\/03\/backwinkel-blog-waldkindergarten-heroimage.jpeg","width":1200,"height":628},{"@type":"BreadcrumbList","@id":"https:\/\/www.backwinkel.de\/blog\/waldkindergarten\/#breadcrumb","itemListElement":[{"@type":"ListItem","position":1,"name":"Startseite","item":"https:\/\/blog.backwinkel.de\/aktuelles\/"},{"@type":"ListItem","position":2,"name":"Im Waldkindergarten:"}]},{"@type":"WebSite","@id":"https:\/\/www.backwinkel.de\/blog\/#website","url":"https:\/\/www.backwinkel.de\/blog\/","name":"BACKWINKEL Blog","description":"f\u00fcr Lehrer, Erzieher und Eltern","potentialAction":[{"@type":"SearchAction","target":{"@type":"EntryPoint","urlTemplate":"https:\/\/www.backwinkel.de\/blog\/?s={search_term_string}"},"query-input":{"@type":"PropertyValueSpecification","valueRequired":true,"valueName":"search_term_string"}}],"inLanguage":"de"},{"@type":"Person","@id":"https:\/\/www.backwinkel.de\/blog\/#\/schema\/person\/3d64575316540d25f7866264a4b7cd24","name":"BACKWINKEL","sameAs":["http:\/\/www.backwinkel.de"],"url":"https:\/\/www.backwinkel.de\/blog\/author\/backwinkel\/"}]}},"_links":{"self":[{"href":"https:\/\/www.backwinkel.de\/blog\/wp-json\/wp\/v2\/posts\/6865","targetHints":{"allow":["GET"]}}],"collection":[{"href":"https:\/\/www.backwinkel.de\/blog\/wp-json\/wp\/v2\/posts"}],"about":[{"href":"https:\/\/www.backwinkel.de\/blog\/wp-json\/wp\/v2\/types\/post"}],"author":[{"embeddable":true,"href":"https:\/\/www.backwinkel.de\/blog\/wp-json\/wp\/v2\/users\/3"}],"replies":[{"embeddable":true,"href":"https:\/\/www.backwinkel.de\/blog\/wp-json\/wp\/v2\/comments?post=6865"}],"version-history":[{"count":5,"href":"https:\/\/www.backwinkel.de\/blog\/wp-json\/wp\/v2\/posts\/6865\/revisions"}],"predecessor-version":[{"id":18916,"href":"https:\/\/www.backwinkel.de\/blog\/wp-json\/wp\/v2\/posts\/6865\/revisions\/18916"}],"wp:featuredmedia":[{"embeddable":true,"href":"https:\/\/www.backwinkel.de\/blog\/wp-json\/wp\/v2\/media\/6866"}],"wp:attachment":[{"href":"https:\/\/www.backwinkel.de\/blog\/wp-json\/wp\/v2\/media?parent=6865"}],"wp:term":[{"taxonomy":"category","embeddable":true,"href":"https:\/\/www.backwinkel.de\/blog\/wp-json\/wp\/v2\/categories?post=6865"},{"taxonomy":"post_tag","embeddable":true,"href":"https:\/\/www.backwinkel.de\/blog\/wp-json\/wp\/v2\/tags?post=6865"}],"curies":[{"name":"wp","href":"https:\/\/api.w.org\/{rel}","templated":true}]}}