{"id":6169,"date":"2021-02-01T09:28:01","date_gmt":"2021-02-01T08:28:01","guid":{"rendered":"https:\/\/blog.backwinkel.de\/?p=6169"},"modified":"2026-04-22T15:11:07","modified_gmt":"2026-04-22T13:11:07","slug":"trauer-grundschule","status":"publish","type":"post","link":"https:\/\/www.backwinkel.de\/blog\/trauer-grundschule\/","title":{"rendered":"\u00dcber den Tod sprechen:"},"content":{"rendered":"\n<style type=\"text\/css\" data-created_by=\"avia_inline_auto\" id=\"style-css-av-8vdv8-f7e0dae999cc49bc529a70f67b346526\">\n.flex_column.av-8vdv8-f7e0dae999cc49bc529a70f67b346526{\nborder-radius:0px 0px 0px 0px;\npadding:0px 0px 0px 0px;\n}\n<\/style>\n<div  class='flex_column av-8vdv8-f7e0dae999cc49bc529a70f67b346526 av_one_full  avia-builder-el-0  el_before_av_three_fifth  avia-builder-el-first  first flex_column_div av-zero-column-padding  '     ><p>\n<style type=\"text\/css\" data-created_by=\"avia_inline_auto\" id=\"style-css-av-jl6mo8rj-605eccf9df0dce9c3ffb6a57636da99d\">\n#top .hr.hr-invisible.av-jl6mo8rj-605eccf9df0dce9c3ffb6a57636da99d{\nmargin-top:0px;\nheight:1px;\n}\n<\/style>\n<div  class='hr av-jl6mo8rj-605eccf9df0dce9c3ffb6a57636da99d hr-invisible  avia-builder-el-1  el_before_av_heading  avia-builder-el-first '><span class='hr-inner '><span class=\"hr-inner-style\"><\/span><\/span><\/div><br \/>\n\n<style type=\"text\/css\" data-created_by=\"avia_inline_auto\" id=\"style-css-av-kjsexd5h-aa72b9a4a0fd71dbdd7361ff2a68d7db\">\n#top .av-special-heading.av-kjsexd5h-aa72b9a4a0fd71dbdd7361ff2a68d7db{\npadding-bottom:10px;\n}\nbody .av-special-heading.av-kjsexd5h-aa72b9a4a0fd71dbdd7361ff2a68d7db .av-special-heading-tag .heading-char{\nfont-size:25px;\n}\n.av-special-heading.av-kjsexd5h-aa72b9a4a0fd71dbdd7361ff2a68d7db .av-subheading{\nfont-size:15px;\n}\n<\/style>\n<div  class='av-special-heading av-kjsexd5h-aa72b9a4a0fd71dbdd7361ff2a68d7db av-special-heading-h1 blockquote modern-quote  avia-builder-el-2  el_after_av_hr  el_before_av_post_metadata  av-linked-heading'><h1 class='av-special-heading-tag '  >\u00dcber den Tod sprechen: So behandeln Sie das Thema Tod und Trauer im Grundschulunterricht<\/h1><div class='av-subheading av-subheading_below'><p class=\"autorenname\">Christine Hagemann<\/p>\n<\/div><div class=\"special-heading-border\"><div class=\"special-heading-inner-border\"><\/div><\/div><\/div><br \/>\n\n<style type=\"text\/css\" data-created_by=\"avia_inline_auto\" id=\"style-css-av-5q4m3t-41acf3140bf57fa5bec421bb86c1a27f\">\n#top .av-post-metadata-container.av-5q4m3t-41acf3140bf57fa5bec421bb86c1a27f{\nfont-size:12px;\n}\n#top .av-post-metadata-container.av-5q4m3t-41acf3140bf57fa5bec421bb86c1a27f .av-post-metadata-container-inner{\nfont-size:12px;\n}\n<\/style>\n<div  class='av-post-metadata-container av-5q4m3t-41acf3140bf57fa5bec421bb86c1a27f av-metadata-container-align-left  avia-builder-el-3  el_after_av_heading  el_before_av_textblock  av-metadata-container-1'><div class='av-post-metadata-container-inner'><span class=\"av-post-metadata-content av-post-metadata-meta-content\"><span class=\"av-post-metadata-content av-post-metadata-modified\"><span class=\"av-metadata-before av-metadata-before-modified\">Aktualisiert:<\/span><span class=\"av-post-metadata-modified-date\" >22. April 2026<\/span><\/span><span class=\"av-post-metadata-content av-post-metadata-separator\">\/<\/span><span class=\"av-post-metadata-content av-post-metadata-modified\"><span class=\"av-metadata-before av-metadata-before-modified\">Zuletzt aktualisiert:<\/span><span class=\"av-post-metadata-modified-date\" >22. April 2026<\/span><\/span><\/span><\/div><\/div><br \/>\n\n<style type=\"text\/css\" data-created_by=\"avia_inline_auto\" id=\"style-css-av-jkuubohz-8fca5ffce642cf8e1fbd093c1d421e49\">\n#top .av_textblock_section.av-jkuubohz-8fca5ffce642cf8e1fbd093c1d421e49 .avia_textblock{\nfont-size:20px;\n}\n<\/style>\n<section  class='av_textblock_section av-jkuubohz-8fca5ffce642cf8e1fbd093c1d421e49 '  ><div class='avia_textblock' ><p class=\"einleitungstext-beitrag\">Kinder kennen Gef\u00fchle von Trauer und Abschiednehmen. Und sie denken \u00fcber den Tod nach. Im Unterricht erhalten sie Raum, um dar\u00fcber zu sprechen.<\/p>\n<\/div><\/section><br \/>\n\n<style type=\"text\/css\" data-created_by=\"avia_inline_auto\" id=\"style-css-av-jkuuo5h6-09e92bbd452adc7d4580eaefc7bcb7df\">\n.avia-image-container.av-jkuuo5h6-09e92bbd452adc7d4580eaefc7bcb7df img.avia_image{\nbox-shadow:none;\n}\n.avia-image-container.av-jkuuo5h6-09e92bbd452adc7d4580eaefc7bcb7df .av-image-caption-overlay-center{\ncolor:#ffffff;\n}\n<\/style>\n<div  class='avia-image-container av-jkuuo5h6-09e92bbd452adc7d4580eaefc7bcb7df av-styling- avia-align-center  avia-builder-el-5  el_after_av_textblock  el_before_av_hr '  ><div class=\"avia-image-container-inner\"><div class=\"avia-image-overlay-wrap\"><img decoding=\"async\" fetchpriority=\"high\" class='wp-image-6170 avia-img-lazy-loading-not-6170 avia_image ' src=\"https:\/\/www.backwinkel.de\/blog\/wp-content\/uploads\/2021\/01\/backwinkel-blog-trauer-verarbeiten-schule-heroimage.jpg\" alt='' title='backwinkel-blog-trauer-verarbeiten-schule-heroimage'  height=\"628\" width=\"1200\"  \/><\/div><\/div><\/div><br \/>\n\n<style type=\"text\/css\" data-created_by=\"avia_inline_auto\" id=\"style-css-av-jl6mo8rj-17-625f634e56f14bb8a2ff8594ed282a05\">\n#top .hr.hr-invisible.av-jl6mo8rj-17-625f634e56f14bb8a2ff8594ed282a05{\nheight:5px;\n}\n<\/style>\n<div  class='hr av-jl6mo8rj-17-625f634e56f14bb8a2ff8594ed282a05 hr-invisible  avia-builder-el-6  el_after_av_image  el_before_av_textblock '><span class='hr-inner '><span class=\"hr-inner-style\"><\/span><\/span><\/div><br \/>\n\n<style type=\"text\/css\" data-created_by=\"avia_inline_auto\" id=\"style-css-av-jl7ql86y-e80384d8b1750d8be134ad53f89ab6ea\">\n#top .av_textblock_section.av-jl7ql86y-e80384d8b1750d8be134ad53f89ab6ea .avia_textblock{\nfont-size:10px;\n}\n<\/style>\n<section  class='av_textblock_section av-jl7ql86y-e80384d8b1750d8be134ad53f89ab6ea '  ><div class='avia_textblock' ><p class=\"bildnennung-beitrag\" style=\"text-align: left;\">\u00a9 Jean Kobben, Adobestock.com<\/p>\n<\/div><\/section><br \/>\n\n<style type=\"text\/css\" data-created_by=\"avia_inline_auto\" id=\"style-css-av-jl6mo8rj-15-58f5cad541df98a5d9f80e2109557d29\">\n#top .hr.hr-invisible.av-jl6mo8rj-15-58f5cad541df98a5d9f80e2109557d29{\nheight:20px;\n}\n<\/style>\n<div  class='hr av-jl6mo8rj-15-58f5cad541df98a5d9f80e2109557d29 hr-invisible  avia-builder-el-8  el_after_av_textblock  el_before_av_textblock '><span class='hr-inner '><span class=\"hr-inner-style\"><\/span><\/span><\/div><br \/>\n<section  class='av_textblock_section av-jkuubohz-16-9e5a16a2a1112392923e97f8575fe4d4 '  ><div class='avia_textblock' ><p>Zum Verstehen der Welt geh\u00f6rt auch die Auseinandersetzung mit dem Tod. Kinder erfahren die Todeswirklichkeit in vielerlei Hinsicht, indirekt in den Medien oder direkt im pers\u00f6nlichen Umfeld. Doch Erwachsene machen allzu oft ein Geheimnis daraus. Wenn es um Tod und Trauern geht, werden Kinder h\u00e4ufig ausgegrenzt. Dabei kann das Schweigen erst recht zu diffusen \u00c4ngsten f\u00fchren.<\/p>\n<p>Das Ich-Bewusstsein ist bei Grundschulkindern schon sehr ausgepr\u00e4gt. Sie machen sich Gedanken, auch \u00fcber den eigenen Tod. Bei dieser Grenzerfahrung brauchen sie Orientierungshilfe. Daher ist es f\u00fcr Kinder besonders wichtig, klare Ausk\u00fcnfte zu bekommen. Lesen Sie im Folgenden, wie Sie den Tod sinnvoll im Unterricht thematisieren und offen mit Ihren Kindern dar\u00fcber sprechen.<\/p>\n<\/div><\/section><\/p><\/div>\n<style type=\"text\/css\" data-created_by=\"avia_inline_auto\" id=\"style-css-av-swqf9-6bb490ea0cbb171c9d159bb967226129\">\n.flex_column.av-swqf9-6bb490ea0cbb171c9d159bb967226129{\nborder-radius:0px 0px 0px 0px;\npadding:20px 20px 20px 20px;\nbackground-color:#f2f2f2;\n}\n<\/style>\n<div  class='flex_column av-swqf9-6bb490ea0cbb171c9d159bb967226129 av_three_fifth  avia-builder-el-10  el_after_av_one_full  el_before_av_two_fifth  first flex_column_div  column-top-margin'     ><style type=\"text\/css\" data-created_by=\"avia_inline_auto\" id=\"style-css-av-jkuua5r2-daaff240cdb64ff49178ef768245fa1b\">\n#top .av_textblock_section.av-jkuua5r2-daaff240cdb64ff49178ef768245fa1b .avia_textblock{\nfont-size:14px;\n}\n<\/style>\n<section  class='av_textblock_section av-jkuua5r2-daaff240cdb64ff49178ef768245fa1b '  ><div class='avia_textblock' ><p><strong>Inhalt<\/strong><\/p>\n<p><strong><a href=\"#1\">1. Welchen Sinn haben Gespr\u00e4che \u00fcber den Tod?<\/a><\/strong><br \/>\n1.1 Erwachsene m\u00fcssen Kinderfragen ernst nehmen<br \/>\n1.2 Auf manche Fragen gibt es keine Antwort<\/p>\n<p><strong><a href=\"#2\">2. In welchem Fach ist das Thema Tod sinnvoll?<\/a><\/strong><br \/>\n2.1 Das Thema Tod und Trauer im Religionsunterricht<br \/>\n2.2 Der f\u00e4cher\u00fcbergreifende Ansatz<\/p>\n<p><strong><a href=\"#3\">3. Was Sie zum Thema Trauer wissen sollten<\/a><\/strong><br \/>\n3.1 Erkl\u00e4rungsmodelle f\u00fcr den Trauerverlauf<br \/>\n3.2 Trauern Kinder anders?<br \/>\n3.3 Wie Sie mit Kindern \u00fcber den Tod sprechen<\/p>\n<\/div><\/section><\/div><\/p>\n\n<style type=\"text\/css\" data-created_by=\"avia_inline_auto\" id=\"style-css-av-2532d-6e1ea05e25305745634c0a02c87dc827\">\n.flex_column.av-2532d-6e1ea05e25305745634c0a02c87dc827{\nborder-radius:0px 0px 0px 0px;\npadding:0 0 0 0;\n}\n<\/style>\n<div  class='flex_column av-2532d-6e1ea05e25305745634c0a02c87dc827 av_two_fifth  avia-builder-el-12  el_after_av_three_fifth  el_before_av_sidebar  flex_column_div av-zero-column-padding  column-top-margin'     ><\/div>\n<div  class='avia-builder-widget-area clearfix  avia-builder-el-13  el_after_av_two_fifth  el_before_av_one_full '><div id=\"text-34\" class=\"widget clearfix widget_text\">\t\t\t<div class=\"textwidget\"><p><a href=\"https:\/\/www.backwinkel.de\/nachhaltig-denken\/\" target=\"\\_blank\" rel=\"noopener\"><br \/>\n<img decoding=\"async\" class=\"werbung-desktop alignnone wp-image-4186 size-full\" src=\"https:\/\/www.backwinkel.de\/blog\/wp-content\/uploads\/2026\/04\/Backwinkel-blog-werbebanner-shop-schule_desktop.jpg\" alt=\"\" width=\"1251\" height=\"201\" \/><br \/>\n<\/a><br \/>\n<a href=\"https:\/\/www.backwinkel.de\/nachhaltig-denken\/\" target=\"\\_blank\" rel=\"noopener\"><br \/>\n<img decoding=\"async\" class=\"werbung-mobile alignnone wp-image-4187 size-full\" src=\"https:\/\/www.backwinkel.de\/blog\/wp-content\/uploads\/2026\/04\/Backwinkel-blog-werbebanner-shop-schule_mobile.jpg\" alt=\"\" width=\"550\" height=\"500\" \/><br \/>\n<\/a><\/p>\n<\/div>\n\t\t<\/div><\/div>\n\n<style type=\"text\/css\" data-created_by=\"avia_inline_auto\" id=\"style-css-av-hh5al-9c53459d093ff912fcc98cf97e19d753\">\n.flex_column.av-hh5al-9c53459d093ff912fcc98cf97e19d753{\nborder-radius:0px 0px 0px 0px;\npadding:0px 0px 0px 0px;\n}\n<\/style>\n<div  class='flex_column av-hh5al-9c53459d093ff912fcc98cf97e19d753 av_one_full  avia-builder-el-14  el_after_av_sidebar  el_before_av_one_full  first flex_column_div av-zero-column-padding  '     ><section  class='av_textblock_section av-jkuul0eg-47aa45f9d704d9c8972e1ddf4c471077 '  ><div class='avia_textblock' >\n<style type=\"text\/css\" data-created_by=\"avia_inline_auto\" id=\"style-css-av-7c7r8-1ad3209b7b9ea9c60cc97e362d76ea5e\">\n#top .hr.hr-invisible.av-7c7r8-1ad3209b7b9ea9c60cc97e362d76ea5e{\nheight:20px;\n}\n<\/style>\n<div  class='hr av-7c7r8-1ad3209b7b9ea9c60cc97e362d76ea5e hr-invisible  avia-builder-el-16  avia-builder-el-no-sibling '><span class='hr-inner '><span class=\"hr-inner-style\"><\/span><\/span><\/div>\n<h2 id=\"1\" class=\"position\">Welchen Sinn haben Gespr\u00e4che \u00fcber den Tod?<\/h2>\n<p>Warum m\u00fcssen alle Lebewesen irgendwann sterben? Was geschieht mit uns nach dem Tod? Dies sind Ursprungsfragen des Menschseins, die schon Kinder besch\u00e4ftigen. Erwachsene meinen h\u00e4ufig, Kinder im Grundschulalter seien mit ernsten Lebensfragen \u00fcberfordert. Aber Gedankentiefe und Naivit\u00e4t schlie\u00dfen sich nicht aus. Ob Kinder sich fragend oder narrativ \u00e4u\u00dfern \u2013 immer sind es Prozesse der Auseinandersetzung mit sich selbst und der Welt.<\/p>\n<h3>Erwachsene m\u00fcssen Kinderfragen ernst nehmen<\/h3>\n<p>Auch Kinder denken \u00fcber das Leben und den Tod nach, sonst w\u00fcrden sie keine Fragen stellen. In ihrem Umfeld machen sie <strong>Erfahrungen mit dem Tod<\/strong> und entwickeln eigene Vorstellungen dazu. Sie wissen vielleicht, dass alte Menschen sterben, aber der Gedanke daran, dass ihre Gro\u00dfeltern sterben k\u00f6nnten, be\u00e4ngstigt sie sehr. Und auch der Tod eines geliebten Haustiers kann ein Kind in tiefe Trauer st\u00fcrzen.<\/p>\n<p>Im Schulunterricht sind die Kinder es gewohnt, dass Fragestellungen eine gesicherte, allgemein verbindliche Antwort haben m\u00fcssen. Aber im Leben begegnen sie auch Problemen, die sich nicht eindeutig l\u00f6sen lassen. <strong>Nachdenkgespr\u00e4che<\/strong> helfen Kindern, die eigene Verunsicherung zu bew\u00e4ltigen und nicht aufzugeben. Denn auf solche Fragen m\u00fcssen sie im Laufe ihres Lebens eigene Antworten finden.<\/p>\n<h3>Auf manche Fragen gibt es keine Antwort<\/h3>\n<p>Wenn Kinder <strong>Fragen stellen<\/strong>, meinen Erwachsene oft aus F\u00fcrsorge, ihnen die Antworten vorgeben zu m\u00fcssen, damit die Kleinen sich in ihrem Umfeld sicher und geborgen f\u00fchlen. Viele Eltern vermeiden daher Gespr\u00e4che \u00fcber den Tod, um das Kind zu schonen. Dahinter steckt die Sorge, das Nachdenken \u00fcber Sinnfragen k\u00f6nnte Kinder seelisch zu sehr belasten und ihnen die unbeschwerte Kindheit nehmen.<\/p>\n<p>Einer solchen Mystifizierung von Kindheit widersprechen zahlreiche entwicklungspsychologische Befunde. Gerade das Aussprechen be\u00e4ngstigender Gedanken und Gef\u00fchle kann eine befreiende und sogar <strong>heilsame Wirkkraft<\/strong> haben. Das Nachdenken erm\u00f6glicht Kindern, Abstand zu ihren Emotionen zu gewinnen. Dadurch k\u00f6nnen sie sich existenziellen Problemen selbstbewusster stellen.<\/p>\n<p>In der Gemeinschaft der Schulklasse verspricht dieser Ansatz besonders viel Erfolg. Durch das gemeinsame Gespr\u00e4ch k\u00f6nnen sich auch trauernde Kinder <strong>vom Gef\u00fchl der Einsamkeit befreien<\/strong>, denn ihnen wird bewusst, dass sich andere Kinder dieselben Fragen stellen.<\/p>\n<\/div><\/section><\/div>\n\n<style type=\"text\/css\" data-created_by=\"avia_inline_auto\" id=\"style-css-av-hh5al-14-9ab62d48bef4dad42629995e86fc9a6b\">\n.flex_column.av-hh5al-14-9ab62d48bef4dad42629995e86fc9a6b{\nborder-radius:0px 0px 0px 0px;\npadding:0px 0px 0px 0px;\n}\n<\/style>\n<div  class='flex_column av-hh5al-14-9ab62d48bef4dad42629995e86fc9a6b av_one_full  avia-builder-el-17  el_after_av_one_full  el_before_av_one_full  first flex_column_div av-zero-column-padding  column-top-margin'     ><section  class='av_textblock_section av-jkuul0eg-13-98fa49eb0576a6a77f03ef07eb44a365 '  ><div class='avia_textblock' >\n<style type=\"text\/css\" data-created_by=\"avia_inline_auto\" id=\"style-css-av-7c7r8-12-86493b87248f58389bf389c04157f6bc\">\n#top .hr.hr-invisible.av-7c7r8-12-86493b87248f58389bf389c04157f6bc{\nheight:20px;\n}\n<\/style>\n<div  class='hr av-7c7r8-12-86493b87248f58389bf389c04157f6bc hr-invisible  avia-builder-el-19  avia-builder-el-no-sibling '><span class='hr-inner '><span class=\"hr-inner-style\"><\/span><\/span><\/div>\n<h2 id=\"2\" class=\"position\">In welchem Fach ist das Thema Tod sinnvoll?<\/h2>\n<p>Der Grundschulunterricht soll Kindern beim <strong>Erschlie\u00dfen der Lebenswelt<\/strong> helfen. Hierbei ist zu beachten, dass die Kinder nicht ohne Vorwissen in die Schule kommen. In ihre Vorstellungen vom Tod flie\u00dfen immer auch Aspekte ein, die gesellschaftlich, kulturell und soziologisch gepr\u00e4gt sind. Sie m\u00fcssen nicht unbedingt religi\u00f6s ausgerichtet sein.<\/p>\n<p>Ein grundlegendes Verst\u00e4ndnis von Leben und Welt ist ohne die Erfahrung von Tod und Trauer nicht zu denken. Dies betrifft die gesamte kindliche <strong>Pers\u00f6nlichkeitsentwicklung<\/strong>. Daher sollte die Thematik beispielsweise auch im Sachunterricht nicht ausgeklammert werden.<\/p>\n<h3>Das Thema Tod und Trauer im Religionsunterricht<\/h3>\n<p>In den Bildungspl\u00e4nen f\u00fcr die Grundschule ist die Thematik Tod und Trauer \u00fcblicherweise im Fach Religion angesiedelt. Die pers\u00f6nlichen Erfahrungen der Kinder bilden den Ausgangspunkt f\u00fcr Unterrichtsgespr\u00e4che. Im Rahmen des konfessionellen Religionsunterrichts soll der Gedankenaustausch dazu \u00fcberleiten, dass die Kinder hilfreiche <strong>Trauerriten<\/strong> und <strong>Hoffnungsbilder<\/strong> der Glaubensgemeinschaft kennenlernen.<\/p>\n<p><strong>F\u00fcr den christlichen Religionsunterricht gelten beispielsweise diese Kompetenzerwartungen: <\/strong><\/p>\n<ul>\n<li>Die Kinder erz\u00e4hlen von eigenen Erfahrungen mit dem Tod.<\/li>\n<li>Wir geben den Gef\u00fchlen Raum und dr\u00fccken sie aus: Trauerriten der Gemeinschaft.<\/li>\n<li>Erfahrungen mit Leid und Trauer, Trost und Hoffnung: Psalmworte der Klage und Hoffnung.<\/li>\n<li>Trauer, Klage, schmerzhafte Empfindungen zur Sprache bringen und Erfahrungen der Bew\u00e4ltigung austauschen.<\/li>\n<li>Erfahrungen mit dem Tod zur Sprache bringen und mit biblischen Hoffnungserwartungen verkn\u00fcpfen.<\/li>\n<\/ul>\n<h3>Der f\u00e4cher\u00fcbergreifende Ansatz<\/h3>\n<p>An vielen Grundschulen ist das Philosophieren mit Kindern als f\u00e4cher\u00fcbergreifendes Prinzip in den Unterricht integriert. Dies erm\u00f6glicht, gemeinsame Nachdenkgespr\u00e4che <strong>in kulturell heterogenen Lerngruppen<\/strong> jederzeit oder aus einem bestimmten Anlass heraus zu initiieren. Solche Gespr\u00e4che \u00fcber Fragen, auf die es keine eindeutigen Antworten gibt, sind grunds\u00e4tzlich offen f\u00fcr verschiedene\u00a0 Sichtweisen und Deutungen.<\/p>\n<p><strong>Im Sachunterricht bieten sich spezifische Inhalte unter diesen vier Gesichtspunkten an: <\/strong><\/p>\n<ol>\n<li>Philosophischer Aspekt: Auseinandersetzung mit dem Sinn und der Endlichkeit des Lebens, Erarbeitung von Lebenszielen.<\/li>\n<li>Soziologischer Aspekt: Tod als Tabuthema in der Gesellschaft, Umgang mit Ritualen in Bezug auf Tod und Trauer.<\/li>\n<li>Psychologischer Aspekt: Entwickeln eigener Einstellungen zum Tod, bewusster Umgang mit Trauer und Trauerprozessen.<\/li>\n<li>Medizinischer Aspekt: Informationen \u00fcber k\u00f6rperliche Vorg\u00e4nge, Organspende, medizinische M\u00f6glichkeiten und Grenzen.<\/li>\n<\/ol>\n<p>Didaktisch empfiehlt sich die Form des <strong>Sokratischen Gespr\u00e4chs<\/strong>. Hierbei sollte die Lehrperson eigene Redeanteile weitgehend zur\u00fccknehmen, um den Vorstellungen der Kinder gen\u00fcgend Raum zu geben. Der besondere Wert liegt darin, dass Sinn sich oft im Gedankenaustausch besser erschlie\u00dft. Durch die <strong>gemeinsame Sinnsuche<\/strong> k\u00f6nnen die Kinder ihr eigenes Verstehen erweitern.<\/p>\n<p>In unserem Beitrag <a href=\"https:\/\/www.backwinkel.de\/blog\/sokratischer-dialog\/\">Der Sokratische Dialog im Unterricht<\/a> erfahren Sie mehr \u00fcber diese Methode.<\/p>\n<\/div><\/section><\/div>\n\n<style type=\"text\/css\" data-created_by=\"avia_inline_auto\" id=\"style-css-av-jlnt0i5o-d256db89d9b6aa9bb92f19cfc2475b5b\">\n.flex_column.av-jlnt0i5o-d256db89d9b6aa9bb92f19cfc2475b5b{\nborder-radius:0px 0px 0px 0px;\npadding:10px 10px 10px 10px;\nbackground-color:#e0f1b4;\n}\n<\/style>\n<div  class='flex_column av-jlnt0i5o-d256db89d9b6aa9bb92f19cfc2475b5b av_one_full  avia-builder-el-20  el_after_av_one_full  el_before_av_one_full  first flex_column_div  column-top-margin'     ><style type=\"text\/css\" data-created_by=\"avia_inline_auto\" id=\"style-css-av-jkuvcso3-15d2b44a09c167f60e828c7e5360408a\">\n#top .av_textblock_section.av-jkuvcso3-15d2b44a09c167f60e828c7e5360408a .avia_textblock{\nfont-size:18px;\n}\n<\/style>\n<section  class='av_textblock_section av-jkuvcso3-15d2b44a09c167f60e828c7e5360408a '  ><div class='avia_textblock' ><p><strong>Tipp:<\/strong> Ein guter Aufh\u00e4nger f\u00fcrs Gespr\u00e4ch kann eine literarische Geschichte oder ein Bilderbuch sein. Im Buchangebot f\u00fcr 6- bis 10-J\u00e4hrige finden sich geeignete Titel, die Kinder behutsam an den Umgang mit Tod und Trauer heranf\u00fchren, indem sie ihre Vorstellungswelt ansprechen und verschiedene Perspektiven er\u00f6ffnen.<\/p>\n<\/div><\/section><\/div>\n\n<style type=\"text\/css\" data-created_by=\"avia_inline_auto\" id=\"style-css-av-hh5al-11-bc7508ed50e051006636c4691a817b9f\">\n.flex_column.av-hh5al-11-bc7508ed50e051006636c4691a817b9f{\nborder-radius:0px 0px 0px 0px;\npadding:0px 0px 0px 0px;\n}\n<\/style>\n<div  class='flex_column av-hh5al-11-bc7508ed50e051006636c4691a817b9f av_one_full  avia-builder-el-22  el_after_av_one_full  el_before_av_one_full  first flex_column_div av-zero-column-padding  column-top-margin'     ><section  class='av_textblock_section av-jkuul0eg-10-aca03ae1b67d36ed2a8959cf399a0bf3 '  ><div class='avia_textblock' ><p><strong>F\u00fcr Nachdenkgespr\u00e4che \u00fcber den Tod eignen sich folgende Methoden: <\/strong><\/p>\n<ul>\n<li>Blitzlicht<\/li>\n<li>Lehrervortrag<\/li>\n<li>Situative Rollenbefragung: Was denkt die Person in dieser Situation?<\/li>\n<li>Wahrnehmen: Woran erkenne ich, dass etwas gestorben ist?<\/li>\n<li>Hinterfragen: Stirbt wirklich alles einmal?<\/li>\n<li>Kategorisieren: Was stirbt, was stirbt nicht?<\/li>\n<li>Gedankenexperiment: Wie w\u00fcrde die Welt aussehen, wenn es den Tod nicht g\u00e4be?<\/li>\n<li>Selbstreflexion: Was w\u00fcrde sich f\u00fcr dich \u00e4ndern? W\u00fcrdest du etwas anders machen?<\/li>\n<\/ul>\n<\/div><\/section><\/div>\n\n<style type=\"text\/css\" data-created_by=\"avia_inline_auto\" id=\"style-css-av-hh5al-7-3d8f67f3fe030a9a9db8010470dfdf23\">\n.flex_column.av-hh5al-7-3d8f67f3fe030a9a9db8010470dfdf23{\nborder-radius:0px 0px 0px 0px;\npadding:0px 0px 0px 0px;\n}\n<\/style>\n<div  class='flex_column av-hh5al-7-3d8f67f3fe030a9a9db8010470dfdf23 av_one_full  avia-builder-el-24  el_after_av_one_full  el_before_av_hr  first flex_column_div av-zero-column-padding  column-top-margin'     ><p><section  class='av_textblock_section av-jkuul0eg-6-7f2a98cea3a9725b2e43602d2c271bc8 '  ><div class='avia_textblock' >\n<style type=\"text\/css\" data-created_by=\"avia_inline_auto\" id=\"style-css-av-7c7r8-9-4a91baf0c72e14a18ff0ec76a938d17e\">\n#top .hr.hr-invisible.av-7c7r8-9-4a91baf0c72e14a18ff0ec76a938d17e{\nheight:20px;\n}\n<\/style>\n<div  class='hr av-7c7r8-9-4a91baf0c72e14a18ff0ec76a938d17e hr-invisible  avia-builder-el-26  avia-builder-el-no-sibling '><span class='hr-inner '><span class=\"hr-inner-style\"><\/span><\/span><\/div>\n<h2 id=\"3\" class=\"position\">Was Sie zum Thema Trauer wissen sollten<\/h2>\n<p>Da Kinder ihre Gef\u00fchle nicht immer sprachlich \u00e4u\u00dfern k\u00f6nnen, sind sie auf Informationen, Hilfe und Aufmerksamkeit Erwachsener angewiesen. Wenn ihre <strong>nonverbalen Trauersignale<\/strong> nicht beachtet werden und sie somit den Tod nicht einordnen k\u00f6nnen, bleiben sie mit ihrer Trauer allein.<\/p>\n<p>Die Thematisierung von Tod und Trauer stellt an die Lehrperson hohe Anforderungen, denn f\u00fcr die Kinder ist sie Bezugsperson und zugleich Vorbild. Deshalb sollten Sie sich mit eigenen Tabus und Gef\u00fchlen auseinandersetzen, aber auch mit m\u00f6glichen <strong>Trauerreaktionen von Kindern<\/strong> auskennen. Dies gilt ganz besonders, wenn Ihre Kinder pers\u00f6nlich betroffen sind, wenn sie beispielsweise zeitnah den Tod eines Mitsch\u00fclers verkraften m\u00fcssen.<\/p>\n<h3>Erkl\u00e4rungsmodelle f\u00fcr den Trauerverlauf<\/h3>\n<p>Zum Thema Trauerbew\u00e4ltigung gibt es unz\u00e4hlige Ratgeberb\u00fccher, die sich auch mit Kindern und ihren Trauerreaktionen befassen. Fast immer ist dabei von <strong>Trauerphasen<\/strong> die Rede, verbunden mit dem Hinweis, dass Kinder anders trauern als Erwachsene. Diese Auffassung gilt jedoch nach neueren Erkenntnissen als \u00fcberholt, teilweise sogar als falsch. Einige weitverbreitete Annahmen \u00fcber das Thema Trauer gelten heute als widerlegt.<\/p>\n<p>Im Trauerprozess durchlebt jeder Mensch \u00e4hnliche Emotionen, die Intensit\u00e4t kann jedoch <strong>individuell sehr unterschiedlich <\/strong>sein. Das klassische Modell der Trauerphasen beschreibt vier Stadien, die nacheinander durchlaufen werden. Das Modell kann den Verlauf nur allgemein beschreiben, denn die Auspr\u00e4gung der einzelnen Phasen h\u00e4ngt stark von den pers\u00f6nlichen Bedingungen ab.<\/p>\n<p>Diese Modelle orientieren sich am Phasenmodell der Sterbeforscherin Elisabeth K\u00fcbler-Ross:<\/p>\n<\/div><\/section><br \/>\n<div class='avia-data-table-wrap av-zt13gp-ffca4660364cff41a0603ccc15a7b7fd avia_responsive_table avia-table-1'><table  class='avia-table avia-data-table avia_pricing_minimal  avia-builder-el-27  el_after_av_textblock  el_before_av_textblock ' ><tbody><tr class=''><th class='avia-desc-col'><\/th><td class=''><strong>Trauerphasen nach Yorick Spiegel 1973, in Bezug auf Gef\u00fchle:<\/strong><br \/>\n<\/td><td class=''><strong>Trauerphasen nach Verena Kast 1982, in Bezug auf Handeln:<\/strong><br \/>\n<\/td><\/tr><tr class=''><th class='avia-desc-col'>1. Phase<\/th><td class=''>Schock<\/td><td class=''>nicht wahrhaben wollen<\/td><\/tr><tr class=''><th class='avia-desc-col'>2. Phase<\/th><td class=''>Selbstkontrolle<\/td><td class=''>aufbrechende Emotionen<\/td><\/tr><tr class=''><th class='avia-desc-col'>3. Phase<\/th><td class=''>Regression<\/td><td class=''>suchen, sich trennen<\/td><\/tr><tr class=''><th class='avia-desc-col'>4. Phase<\/th><td class=''>Adaption <\/td><td class=''>neuer Selbst- und Weltbezug<\/td><\/tr><\/tbody><\/table><\/div><style type='text\/css'>.avia-table-1 td:nth-of-type(1):before { content: ''; } <\/style><br \/>\n<section  class='av_textblock_section av-jkuul0eg-5-3f6dc2eabd0b318a006ed6b099b89f89 '  ><div class='avia_textblock' ><p>Neuere Studien zeigen: <strong>Trauer ist kein kontinuierlicher Prozess<\/strong>. Die aufgef\u00fchrten Ph\u00e4nomene geh\u00f6ren alle zur Trauer, doch sie ereignen sich nicht in Stadien, die schrittweise und nacheinander bew\u00e4ltigt werden m\u00fcssten.<\/p>\n<p>Ein Hauptkritikpunkt am Phasenmodell: Es entsteht der Eindruck, es g\u00e4be ein \u201erichtiges\u201c Trauern, und abweichende Reaktionen deuteten auf mangelhafte Verarbeitung hin. Dadurch geraten Trauernde, die nicht das erwartete Verhalten zeigen, in den Verdacht, psychische Probleme mit der Verlustbew\u00e4ltigung zu haben.<\/p>\n<p>Oft trifft genau das Gegenteil zu. Freudige Erlebnisse, auch kurz nach einem Verlust, geh\u00f6ren zum <strong>Selbstheilungsprozess<\/strong> und weisen keineswegs auf Verleugnung hin. Und Loslassen bedeutet nicht das Ende der Beziehung. Viele erleben noch viel sp\u00e4ter intensive Momente der N\u00e4he und Trauer. Es geht nicht um einen Abschluss, sondern darum, <strong>den Verlust<\/strong> <strong>ins eigene Leben zu integrieren<\/strong>.<\/p>\n<h3>Trauern<strong> Kinder anders? <\/strong><\/h3>\n<p>Manche Empfindungen wie Wut oder regressive Verhaltensweisen m\u00f6gen dem Trauenden selbst unverst\u00e4ndlich sein. Doch im Trauerprozess ist es wichtig, <strong>alle aufkommenden Gef\u00fchle <\/strong>zu akzeptieren. Auch vertieftes Spielen oder spontanes Lachen sind notwendige <strong>Erholungsphasen<\/strong> und f\u00f6rdern die Trauerbew\u00e4ltigung.<\/p>\n<p>Wichtig f\u00fcr Trauernde ist, dass sie sich nicht von konventionellen Erwartungen verunsichern lassen, sondern st\u00e4rker <strong>ihrer Intuition folgen<\/strong> und auch heitere Gef\u00fchle zulassen. Kinder trauern eigentlich nicht <em>anders<\/em> als Erwachsene, sie reagieren nur weniger kontrolliert und oftmals viel nat\u00fcrlicher.<\/p>\n<p>Bezugspersonen sollten trauernden Kindern die Selbstsicherheit vermitteln, dass es keine \u201efalschen\u201c Empfindungen gibt. Alle Gef\u00fchle haben ihre Berechtigung. Auch extreme Gef\u00fchlsschwankungen sind v\u00f6llig nat\u00fcrlich.<\/p>\n<h3>Wie Sie mit Kindern \u00fcber den Tod sprechen<\/h3>\n<ol>\n<li>Kinder sprechen <strong>unbefangen<\/strong> \u00fcber den Tod, sie haben normalerweise keine Ber\u00fchrungs\u00e4ngste mit dem Thema. Erst durch die Verklausulierungen und das Schweigen der Erwachsenen wird es zum Tabu. Vermeiden Sie daher Floskeln sowie einen bem\u00fcht harmlosen Kinderton.<\/li>\n<li>Offene Gespr\u00e4che und <strong>einf\u00fchlsame Begleitung<\/strong> sind hilfreich, damit die Realit\u00e4t begreifbar wird. Entscheidend ist, dass Kinder die M\u00f6glichkeit bekommen, ihre \u00c4ngste und Sorgen vertrauensvoll auszusprechen. Deshalb sollten Sie in Gespr\u00e4chen weder dr\u00e4ngen noch bestimmte Erwartungen vorgeben.<\/li>\n<li>Kinder brauchen Informationen, um das Geschehen emotional kontrollieren zu k\u00f6nnen. Und sie haben ein feines Gesp\u00fcr f\u00fcr Dinge, die ihnen verschwiegen werden. Nehmen Sie alle Fragen ernst und <strong>antworten Sie ehrlich<\/strong>. Dabei m\u00fcssen Sie nicht alles wissen und d\u00fcrfen ruhig zugeben, dass Sie selbst Fragen haben.<\/li>\n<li>F\u00fcr Kinder spielt es eine wesentliche Rolle, wie ihre Familie zum <strong>Gottglauben<\/strong> steht. Wenn Sie das Thema Tod im Sachunterricht behandeln, sollten Sie Ihre eigenen Glaubensvorstellungen zur\u00fcckhalten. Achten Sie die religi\u00f6sen Traditionen der Familien.<\/li>\n<li>Viele Trauernde finden <strong>Trost<\/strong> in imagin\u00e4ren Zwiegespr\u00e4chen oder an bestimmten Orten. Im Rahmen der Unterrichtseinheit k\u00f6nnen Sie einen Friedhofsbesuch einplanen. Auch pers\u00f6nliche Trauerrituale helfen, das Vermissen mit tr\u00f6stenden Gedanken zu verbinden.<\/li>\n<\/ol>\n<\/div><\/section><\/p><\/div>\n\n<style type=\"text\/css\" data-created_by=\"avia_inline_auto\" id=\"style-css-av-jkuvdh82-e046385b234beb5bafd3aef55f34bef8\">\n#top .hr.av-jkuvdh82-e046385b234beb5bafd3aef55f34bef8{\nmargin-top:10px;\nmargin-bottom:10px;\n}\n.hr.av-jkuvdh82-e046385b234beb5bafd3aef55f34bef8 .hr-inner{\nwidth:500;\n}\n<\/style>\n<div  class='hr av-jkuvdh82-e046385b234beb5bafd3aef55f34bef8 hr-custom  avia-builder-el-29  el_after_av_one_full  el_before_av_one_full  hr-left hr-icon-no'><span class='hr-inner inner-border-av-border-none'><span class=\"hr-inner-style\"><\/span><\/span><\/div>\n\n<style type=\"text\/css\" data-created_by=\"avia_inline_auto\" id=\"style-css-av-jley1l06-be8863a15e87d33f314fbd4b76b14014\">\n.flex_column.av-jley1l06-be8863a15e87d33f314fbd4b76b14014{\nborder-radius:0px 0px 0px 0px;\npadding:10px 10px 10px 10px;\nbackground-color:#f2f2f2;\n}\n<\/style>\n<div  class='flex_column av-jley1l06-be8863a15e87d33f314fbd4b76b14014 av_one_full  avia-builder-el-30  el_after_av_hr  el_before_av_one_full  first flex_column_div  '     ><section  class='av_textblock_section av-jkuvcso3-8-11c8d844668737bc10b0bd713e87cece '  ><div class='avia_textblock' ><p class=\"fussnoten-quellen\"><strong>zum Weiterlesen: <\/strong><\/p>\n<p class=\"fussnoten-quellen\">Sven Jennessen: Manchmal muss man an den Tod denken. Wege der Enttabuisierung von Sterben, Tod und Trauer in der Grundschule. Baltmannsweiler: Schneider 2007.<\/p>\n<p class=\"fussnoten-quellen\">Verena Kast: Trauern. Phasen und Chancen des psychischen Prozesses. Freiburg: Herder 2001.<\/p>\n<p class=\"fussnoten-quellen\">Hans-Joachim M\u00fcller: Erz\u00e4hl\u2019 mir was vom Tod. Mit Kindern \u00fcber ein Tabuthema philosophieren. In: Die Grundschulzeitschrift, 19\/2005, 185 \u2013 186, S. 62 \u2013 64.<\/p>\n<p class=\"fussnoten-quellen\">Heidi M\u00fcller, Hildegard Willmann (Hrsg.): Trauerforschung im Fokus. <a href=\"http:\/\/trauerforschung.de\/\" target=\"_blank\" rel=\"noopener\">http:\/\/trauerforschung.de\/<\/a><\/p>\n<p class=\"fussnoten-quellen\">Denise Pesel: Die Thematisierung von Tod und Trauer. M\u00f6glichkeiten und Grenzen des Konzepts \u201edeath education\u201c im Kontext sachunterrichtlicher Bildung. In: <a href=\"https:\/\/public.bibliothek.uni-halle.de\/sachunterricht\/index\">widerstreit-sachunterricht.de<\/a>, Ausgabe Nr. 7, Oktober 2006.<\/p>\n<p class=\"fussnoten-quellen\">Yorick Spiegel: Der Proze\u00df des Trauerns. Analyse und Beratung. M\u00fcnchen: Kaiser 1990.<\/p>\n<p class=\"fussnoten-quellen\">Stephanie Witt-Loers: Sterben, Tod und Trauer in der Schule. Eine Orientierungshilfe mit Kopiervorlagen. G\u00f6ttingen: Vandenhoeck &amp; Ruprecht 2011.<\/p>\n<\/div><\/section><\/div>\n\n<style type=\"text\/css\" data-created_by=\"avia_inline_auto\" id=\"style-css-av-jley1l06-3-490c7273fee37db88c2c38a3ee351cd3\">\n.flex_column.av-jley1l06-3-490c7273fee37db88c2c38a3ee351cd3{\nborder-radius:0px 0px 0px 0px;\npadding:10px 10px 10px 10px;\n}\n<\/style>\n<div  class='flex_column av-jley1l06-3-490c7273fee37db88c2c38a3ee351cd3 av_one_full  avia-builder-el-32  el_after_av_one_full  el_before_av_one_full  first flex_column_div  column-top-margin'     ><section  class='av_textblock_section av-jkuvcso3-2-cbd4d9c288de27dd9621fd868dc63f32 '  ><div class='avia_textblock' ><p class=\"copyright\"><strong>\u00a9 Copyright \u2013 Urheberrechtshinweis<\/strong><br \/>\nAlle Inhalte auf www.backwinkel.de sowie www.backwinkel.de\/blog, insbesondere Texte, Fotografien und Grafiken, sind urheberrechtlich gesch\u00fctzt.<br \/>\nDas Urheberrecht liegt, soweit nicht ausdr\u00fccklich anders gekennzeichnet, bei der BACKWINKEL GmbH. Bitte fragen Sie uns, falls Sie die Inhalte dieses Internetangebotes verwenden m\u00f6chten.<br \/>\nWer gegen das Urheberrecht verst\u00f6\u00dft (z. B. Bilder oder Texte unerlaubt kopiert), macht sich gem. \u00a7\u00a7 106 ff UrhG strafbar, wird zudem kostenpflichtig abgemahnt und muss Schadensersatz leisten (\u00a7 97 UrhG).<\/p>\n<\/div><\/section><\/div>\n\n<style type=\"text\/css\" data-created_by=\"avia_inline_auto\" id=\"style-css-av-1p82t-b0e9719fe6c67aa5c6d1abf813961e55\">\n.flex_column.av-1p82t-b0e9719fe6c67aa5c6d1abf813961e55{\nborder-radius:0px 0px 0px 0px;\npadding:0px 0px 0px 0px;\n}\n<\/style>\n<div  class='flex_column av-1p82t-b0e9719fe6c67aa5c6d1abf813961e55 av_one_full  avia-builder-el-34  el_after_av_one_full  avia-builder-el-last  first flex_column_div av-zero-column-padding  column-top-margin'     ><p><section  class='av_textblock_section av-jlp4hxqo-91baaad30cd61f89630d15f8561d1750 '  ><div class='avia_textblock' ><div class=\"shariff shariff-align-left shariff-widget-align-left\"><ul class=\"shariff-buttons theme-color orientation-horizontal buttonsize-medium\"><li class=\"shariff-button whatsapp shariff-nocustomcolor\" style=\"background-color:#5cbe4a\"><a href=\"https:\/\/api.whatsapp.com\/send?text=https%3A%2F%2Fwww.backwinkel.de%2Fblog%2Ftrauer-grundschule%2F%20%C3%9Cber%20den%20Tod%20sprechen%3A\" title=\"Bei Whatsapp teilen\" aria-label=\"Bei Whatsapp teilen\" role=\"button\" rel=\"noopener nofollow\" class=\"shariff-link\" style=\"; background-color:#34af23; color:#fff\" target=\"_blank\"><span class=\"shariff-icon\" style=\"\"><svg width=\"32px\" height=\"20px\" xmlns=\"http:\/\/www.w3.org\/2000\/svg\" viewBox=\"0 0 32 32\"><path fill=\"#34af23\" d=\"M17.6 17.4q0.2 0 1.7 0.8t1.6 0.9q0 0.1 0 0.3 0 0.6-0.3 1.4-0.3 0.7-1.3 1.2t-1.8 0.5q-1 0-3.4-1.1-1.7-0.8-3-2.1t-2.6-3.3q-1.3-1.9-1.3-3.5v-0.1q0.1-1.6 1.3-2.8 0.4-0.4 0.9-0.4 0.1 0 0.3 0t0.3 0q0.3 0 0.5 0.1t0.3 0.5q0.1 0.4 0.6 1.6t0.4 1.3q0 0.4-0.6 1t-0.6 0.8q0 0.1 0.1 0.3 0.6 1.3 1.8 2.4 1 0.9 2.7 1.8 0.2 0.1 0.4 0.1 0.3 0 1-0.9t0.9-0.9zM14 26.9q2.3 0 4.3-0.9t3.6-2.4 2.4-3.6 0.9-4.3-0.9-4.3-2.4-3.6-3.6-2.4-4.3-0.9-4.3 0.9-3.6 2.4-2.4 3.6-0.9 4.3q0 3.6 2.1 6.6l-1.4 4.2 4.3-1.4q2.8 1.9 6.2 1.9zM14 2.2q2.7 0 5.2 1.1t4.3 2.9 2.9 4.3 1.1 5.2-1.1 5.2-2.9 4.3-4.3 2.9-5.2 1.1q-3.5 0-6.5-1.7l-7.4 2.4 2.4-7.2q-1.9-3.2-1.9-6.9 0-2.7 1.1-5.2t2.9-4.3 4.3-2.9 5.2-1.1z\"\/><\/svg><\/span><span class=\"shariff-text\">teilen<\/span>&nbsp;<\/a><\/li><li class=\"shariff-button facebook shariff-nocustomcolor\" style=\"background-color:#4273c8\"><a href=\"https:\/\/www.facebook.com\/sharer\/sharer.php?u=https%3A%2F%2Fwww.backwinkel.de%2Fblog%2Ftrauer-grundschule%2F\" title=\"Bei Facebook teilen\" aria-label=\"Bei Facebook teilen\" role=\"button\" rel=\"nofollow\" class=\"shariff-link\" style=\"; background-color:#3b5998; color:#fff\" target=\"_blank\"><span class=\"shariff-icon\" style=\"\"><svg width=\"32px\" height=\"20px\" xmlns=\"http:\/\/www.w3.org\/2000\/svg\" viewBox=\"0 0 18 32\"><path fill=\"#3b5998\" d=\"M17.1 0.2v4.7h-2.8q-1.5 0-2.1 0.6t-0.5 1.9v3.4h5.2l-0.7 5.3h-4.5v13.6h-5.5v-13.6h-4.5v-5.3h4.5v-3.9q0-3.3 1.9-5.2t5-1.8q2.6 0 4.1 0.2z\"\/><\/svg><\/span><span class=\"shariff-text\">teilen<\/span>&nbsp;<\/a><\/li><li class=\"shariff-button twitter shariff-nocustomcolor\" style=\"background-color:#595959\"><a href=\"https:\/\/twitter.com\/share?url=https%3A%2F%2Fwww.backwinkel.de%2Fblog%2Ftrauer-grundschule%2F&text=%C3%9Cber%20den%20Tod%20sprechen%3A\" title=\"Bei X teilen\" aria-label=\"Bei X teilen\" role=\"button\" rel=\"noopener nofollow\" class=\"shariff-link\" style=\"; background-color:#000; color:#fff\" target=\"_blank\"><span class=\"shariff-icon\" style=\"\"><svg width=\"32px\" height=\"20px\" xmlns=\"http:\/\/www.w3.org\/2000\/svg\" viewBox=\"0 0 24 24\"><path fill=\"#000\" d=\"M14.258 10.152L23.176 0h-2.113l-7.747 8.813L7.133 0H0l9.352 13.328L0 23.973h2.113l8.176-9.309 6.531 9.309h7.133zm-2.895 3.293l-.949-1.328L2.875 1.56h3.246l6.086 8.523.945 1.328 7.91 11.078h-3.246zm0 0\"\/><\/svg><\/span><span class=\"shariff-text\">teilen<\/span>&nbsp;<\/a><\/li><li class=\"shariff-button pinterest shariff-nocustomcolor\" style=\"background-color:#e70f18\"><a href=\"https:\/\/www.pinterest.com\/pin\/create\/link\/?url=https%3A%2F%2Fwww.backwinkel.de%2Fblog%2Ftrauer-grundschule%2F&media=https%3A%2F%2Fwww.backwinkel.de%2Fblog%2Fwp-content%2Fuploads%2F2021%2F01%2Fbackwinkel-blog-trauer-verarbeiten-schule-heroimage.jpg&description=%C3%9Cber%20den%20Tod%20sprechen%3A\" title=\"Bei Pinterest pinnen\" aria-label=\"Bei Pinterest pinnen\" role=\"button\" rel=\"noopener nofollow\" class=\"shariff-link\" style=\"; background-color:#cb2027; color:#fff\" target=\"_blank\"><span class=\"shariff-icon\" style=\"\"><svg width=\"32px\" height=\"20px\" xmlns=\"http:\/\/www.w3.org\/2000\/svg\" viewBox=\"0 0 27 32\"><path fill=\"#cb2027\" d=\"M27.4 16q0 3.7-1.8 6.9t-5 5-6.9 1.9q-2 0-3.9-0.6 1.1-1.7 1.4-2.9 0.2-0.6 1-3.8 0.4 0.7 1.3 1.2t2 0.5q2.1 0 3.8-1.2t2.7-3.4 0.9-4.8q0-2-1.1-3.8t-3.1-2.9-4.5-1.2q-1.9 0-3.5 0.5t-2.8 1.4-2 2-1.2 2.3-0.4 2.4q0 1.9 0.7 3.3t2.1 2q0.5 0.2 0.7-0.4 0-0.1 0.1-0.5t0.2-0.5q0.1-0.4-0.2-0.8-0.9-1.1-0.9-2.7 0-2.7 1.9-4.6t4.9-2q2.7 0 4.2 1.5t1.5 3.8q0 3-1.2 5.2t-3.1 2.1q-1.1 0-1.7-0.8t-0.4-1.9q0.1-0.6 0.5-1.7t0.5-1.8 0.2-1.4q0-0.9-0.5-1.5t-1.4-0.6q-1.1 0-1.9 1t-0.8 2.6q0 1.3 0.4 2.2l-1.8 7.5q-0.3 1.2-0.2 3.2-3.7-1.6-6-5t-2.3-7.6q0-3.7 1.9-6.9t5-5 6.9-1.9 6.9 1.9 5 5 1.8 6.9z\"\/><\/svg><\/span><span class=\"shariff-text\">merken<\/span>&nbsp;<\/a><\/li><li class=\"shariff-button mailto shariff-nocustomcolor\" style=\"background-color:#a8a8a8\"><a href=\"mailto:?body=https%3A%2F%2Fwww.backwinkel.de%2Fblog%2Ftrauer-grundschule%2F&subject=%C3%9Cber%20den%20Tod%20sprechen%3A\" title=\"Per E-Mail versenden\" aria-label=\"Per E-Mail versenden\" role=\"button\" rel=\"noopener nofollow\" class=\"shariff-link\" style=\"; background-color:#999; color:#fff\"><span class=\"shariff-icon\" style=\"\"><svg width=\"32px\" height=\"20px\" xmlns=\"http:\/\/www.w3.org\/2000\/svg\" viewBox=\"0 0 32 32\"><path fill=\"#999\" d=\"M32 12.7v14.2q0 1.2-0.8 2t-2 0.9h-26.3q-1.2 0-2-0.9t-0.8-2v-14.2q0.8 0.9 1.8 1.6 6.5 4.4 8.9 6.1 1 0.8 1.6 1.2t1.7 0.9 2 0.4h0.1q0.9 0 2-0.4t1.7-0.9 1.6-1.2q3-2.2 8.9-6.1 1-0.7 1.8-1.6zM32 7.4q0 1.4-0.9 2.7t-2.2 2.2q-6.7 4.7-8.4 5.8-0.2 0.1-0.7 0.5t-1 0.7-0.9 0.6-1.1 0.5-0.9 0.2h-0.1q-0.4 0-0.9-0.2t-1.1-0.5-0.9-0.6-1-0.7-0.7-0.5q-1.6-1.1-4.7-3.2t-3.6-2.6q-1.1-0.7-2.1-2t-1-2.5q0-1.4 0.7-2.3t2.1-0.9h26.3q1.2 0 2 0.8t0.9 2z\"\/><\/svg><\/span><span class=\"shariff-text\">E-Mail<\/span>&nbsp;<\/a><\/li><\/ul><\/div>\n<\/div><\/section><br \/>\n<div  class='tabcontainer av-jlq8shhr-b676e11701d9718d755b04dc68ac4c10 top_tab  avia-builder-el-36  el_after_av_textblock  el_before_av_hr '>\n<section class='av_tab_section av_tab_section av-4w8jsn-17d4c89754803ac141d68451b8b1d1a6' ><div id='tab-id-1-tab' class='tab active_tab' role='tab' aria-selected=\"true\" tabindex=\"0\" data-fake-id='#tab-id-1' aria-controls='tab-id-1-content' >Das BACKWINKEL-Blog-Team:<\/div><div id='tab-id-1-content' class='tab_content active_tab_content' role='tabpanel' aria-labelledby='tab-id-1-tab' aria-hidden=\"false\"><div class='tab_inner_content invers-color' ><p><img decoding=\"async\" class=\"wp-image-1768 alignleft\" title=\"BACKWINKEL-Blog \u2013 Das Team\" src=\"https:\/\/blog.backwinkel.de\/wp-content\/uploads\/2018\/10\/backwinkel-blog-autorenbox-intern_preview-300x198.jpg\" alt=\"\" width=\"300\" height=\"198\" \/>Gibts auch ein Gesicht hinter dem BACKWINKEL-Blog? Ja. Vier ?. Drei davon sogar mit Foto.<\/p>\n<p><span style=\"font-style: inherit !important; font-weight: inherit !important;\">Wir \u2013 Lukas, Tatjana, Stefan und Christine \u2013 bespielen unseren Blog unter dem Motto LACHEN LESEN LERNEN. <\/span><\/p>\n<p><span style=\"font-style: inherit !important; font-weight: inherit !important;\">Lukas kennt sich online so gut aus wie in seiner Westentasche und findet immer spannende Themen, w\u00e4hrend Stefan unseren Beitr\u00e4gen den passenden gestalterischen Rahmen gibt und Tatjana mit dem gr\u00fcnen Korrekturstift alles pr\u00fcfend be\u00e4ugt, was unsere Autorin Christine (und gern auch Gastautoren) f\u00fcr den BACKWINKEL-Blog nach ordentlicher Recherche schreibt.<\/span><\/p>\n<p>Gemeinsam suchen wir st\u00e4ndig nach neuen, aufregenden Themen rund um das Thema Bildung im Kiga, der Schule und zu Hause. Und weil Sie da an der Quelle sitzen, freuen wir uns auf Ihre konstruktiven R\u00fcckmeldungen und Anregungen an <a href=\"mailto:blog@backwinkel.de\">blog@backwinkel.de<\/a><\/p>\n<p>Viel Spa\u00df beim LACHEN LESEN LERNEN!<\/p>\n<\/div><\/div><\/section>\n<\/div><br \/>\n\n<style type=\"text\/css\" data-created_by=\"avia_inline_auto\" id=\"style-css-av-jkuvdh82-4-6046945053f627a2d96600ef67303e9c\">\n#top .hr.av-jkuvdh82-4-6046945053f627a2d96600ef67303e9c{\nmargin-top:10px;\nmargin-bottom:10px;\n}\n.hr.av-jkuvdh82-4-6046945053f627a2d96600ef67303e9c .hr-inner{\nwidth:500;\n}\n<\/style>\n<div  class='hr av-jkuvdh82-4-6046945053f627a2d96600ef67303e9c hr-custom  avia-builder-el-37  el_after_av_tab_container  el_before_av_heading  hr-left hr-icon-no'><span class='hr-inner inner-border-av-border-thin'><span class=\"hr-inner-style\"><\/span><\/span><\/div><br \/>\n\n<style type=\"text\/css\" data-created_by=\"avia_inline_auto\" id=\"style-css-av-2kvx4l-26cf26738d77db581bfabf51b88b95c5\">\n#top .av-special-heading.av-2kvx4l-26cf26738d77db581bfabf51b88b95c5{\npadding-bottom:10px;\n}\nbody .av-special-heading.av-2kvx4l-26cf26738d77db581bfabf51b88b95c5 .av-special-heading-tag .heading-char{\nfont-size:25px;\n}\n.av-special-heading.av-2kvx4l-26cf26738d77db581bfabf51b88b95c5 .av-subheading{\nfont-size:15px;\n}\n<\/style>\n<div  class='av-special-heading av-2kvx4l-26cf26738d77db581bfabf51b88b95c5 av-special-heading-h3 blockquote modern-quote  avia-builder-el-38  el_after_av_hr  el_before_av_blog '><h3 class='av-special-heading-tag '  >PASSENDE BEITR\u00c4GE<\/h3><div class=\"special-heading-border\"><div class=\"special-heading-inner-border\"><\/div><\/div><\/div><br \/>\n<div  data-slideshow-options=\"{&quot;animation&quot;:&quot;fade&quot;,&quot;autoplay&quot;:false,&quot;loop_autoplay&quot;:&quot;once&quot;,&quot;interval&quot;:5,&quot;loop_manual&quot;:&quot;manual-endless&quot;,&quot;autoplay_stopper&quot;:false,&quot;noNavigation&quot;:false,&quot;show_slide_delay&quot;:90}\" class='avia-content-slider avia-content-grid-active avia-content-slider1 avia-content-slider-odd  avia-builder-el-39  el_after_av_heading  avia-builder-el-last  av-slideshow-ui av-control-default   av-no-slider-navigation av-slideshow-manual av-loop-once av-loop-manual-endless ' ><div class=\"avia-content-slider-inner\"><div class=\"slide-entry-wrap\"><article class='slide-entry flex_column  post-entry post-entry-18633 slide-entry-overview slide-loop-1 slide-parity-odd  av_one_third first real-thumbnail posttype-post post-format-standard' ><a href='https:\/\/www.backwinkel.de\/blog\/plastik-recyceln\/' data-rel='slide-1' class='slide-image' title='Plastik recyceln'><img decoding=\"async\" fetchpriority=\"high\" width=\"1200\" height=\"628\" src=\"https:\/\/www.backwinkel.de\/blog\/wp-content\/uploads\/2026\/04\/04_Kiga_Plastik_nachhaltig_nutzen.jpg\" class=\"wp-image-18713 avia-img-lazy-loading-not-18713 attachment-no scaling size-no scaling wp-post-image\" alt=\"\" \/><\/a><div class=\"slide-content\"><header class=\"entry-content-header\" aria-label=\"Slide: Plastik recyceln\"><h3 class='slide-entry-title entry-title ' ><a href='https:\/\/www.backwinkel.de\/blog\/plastik-recyceln\/' title='Plastik recyceln'>Plastik recyceln<\/a><\/h3><span class=\"blog-categories minor-meta\"><a href=\"https:\/\/www.backwinkel.de\/blog\/category\/kindergarten-kita\/\" rel=\"tag\">Kindergarten<\/a> <\/span><span class=\"av-vertical-delimiter\"><\/span><\/header><div class='slide-entry-excerpt entry-content' >Biokunststoff f\u00fcr St\u00fchle, Materialboxen, Spielzeug und Rucks\u00e4cke<\/div><\/div><footer class=\"entry-footer\"><div class=\"slide-meta\"><time class='slide-meta-time updated' >14. April 2026<\/time><\/div><\/footer><\/article><article class='slide-entry flex_column  post-entry post-entry-18716 slide-entry-overview slide-loop-2 slide-parity-even  av_one_third  real-thumbnail posttype-post post-format-standard' ><a href='https:\/\/www.backwinkel.de\/blog\/rechnen-im-anfangsunterricht\/' data-rel='slide-1' class='slide-image' title='Rechnen im Anfangsunterricht'><img decoding=\"async\" fetchpriority=\"high\" width=\"1200\" height=\"628\" src=\"https:\/\/www.backwinkel.de\/blog\/wp-content\/uploads\/2026\/04\/04_Schule_Rechnen_anfangsunterricht.jpg\" class=\"wp-image-18748 avia-img-lazy-loading-not-18748 attachment-no scaling size-no scaling wp-post-image\" alt=\"\" \/><\/a><div class=\"slide-content\"><header class=\"entry-content-header\" aria-label=\"Slide: Rechnen im Anfangsunterricht\"><h3 class='slide-entry-title entry-title ' ><a href='https:\/\/www.backwinkel.de\/blog\/rechnen-im-anfangsunterricht\/' title='Rechnen im Anfangsunterricht'>Rechnen im Anfangsunterricht<\/a><\/h3><span class=\"blog-categories minor-meta\"><a href=\"https:\/\/www.backwinkel.de\/blog\/category\/schule-grundschule\/\" rel=\"tag\">Schule<\/a> <\/span><span class=\"av-vertical-delimiter\"><\/span><\/header><div class='slide-entry-excerpt entry-content' >Das Klassenzimmer als Lernlandschaft<\/div><\/div><footer class=\"entry-footer\"><div class=\"slide-meta\"><time class='slide-meta-time updated' >14. April 2026<\/time><\/div><\/footer><\/article><article class='slide-entry flex_column  post-entry post-entry-18372 slide-entry-overview slide-loop-3 slide-parity-odd  post-entry-last  av_one_third  real-thumbnail posttype-post post-format-standard' ><a href='https:\/\/www.backwinkel.de\/blog\/kranke-kinder-im-kindergarten\/' data-rel='slide-1' class='slide-image' title='Kranke Kinder im Kindergarten'><img decoding=\"async\" fetchpriority=\"high\" width=\"1200\" height=\"628\" src=\"https:\/\/www.backwinkel.de\/blog\/wp-content\/uploads\/2026\/03\/03_Kiga_Kranke_Kinder.jpg\" class=\"wp-image-18451 avia-img-lazy-loading-not-18451 attachment-no scaling size-no scaling wp-post-image\" alt=\"Thema: Kranke Kinder. Auf dem Bild ist ein krankes kleines M\u00e4dchen zu sehen. Eine Frau mit einem Fieberthermometer in der Hand sitzt neben ihr und hat die Hand auf der Stirn des M\u00e4dchens.\" \/><\/a><div class=\"slide-content\"><header class=\"entry-content-header\" aria-label=\"Slide: Kranke Kinder im Kindergarten\"><h3 class='slide-entry-title entry-title ' ><a href='https:\/\/www.backwinkel.de\/blog\/kranke-kinder-im-kindergarten\/' title='Kranke Kinder im Kindergarten'>Kranke Kinder im Kindergarten<\/a><\/h3><span class=\"blog-categories minor-meta\"><a href=\"https:\/\/www.backwinkel.de\/blog\/category\/kindergarten-kita\/\" rel=\"tag\">Kindergarten<\/a> <\/span><span class=\"av-vertical-delimiter\"><\/span><\/header><div class='slide-entry-excerpt entry-content' >Auswirkungen f\u00fcr Kinder, Eltern und Fachkr\u00e4fte<\/div><\/div><footer class=\"entry-footer\"><div class=\"slide-meta\"><time class='slide-meta-time updated' >9. M\u00e4rz 2026<\/time><\/div><\/footer><\/article><\/div><\/div><\/div><\/p><\/div>\n","protected":false},"excerpt":{"rendered":"<p>So behandeln Sie das Thema Tod und Trauer im Grundschulunterricht<\/p>\n","protected":false},"author":3,"featured_media":6170,"comment_status":"closed","ping_status":"closed","sticky":false,"template":"","format":"standard","meta":{"inline_featured_image":false,"footnotes":""},"categories":[6],"tags":[],"class_list":["post-6169","post","type-post","status-publish","format-standard","has-post-thumbnail","hentry","category-schule-grundschule"],"yoast_head":"<!-- This site is optimized with the Yoast SEO plugin v27.4 - https:\/\/yoast.com\/product\/yoast-seo-wordpress\/ -->\n<title>Tod und Trauer im Grundschulunterricht \u00bb Tipps und Ideen | BACKWINKEL Blog<\/title>\n<meta name=\"description\" content=\"Lesen Sie, wie Sie den Tod sinnvoll im Unterricht thematisieren und offen mit Ihren Kindern dar\u00fcber sprechen. \u2713 Erkl\u00e4rungsmodelle f\u00fcr den Trauerverlauf uvm \u2713 Jetzt lesen!\" \/>\n<meta name=\"robots\" content=\"index, follow, max-snippet:-1, max-image-preview:large, max-video-preview:-1\" \/>\n<link rel=\"canonical\" href=\"https:\/\/www.backwinkel.de\/blog\/trauer-grundschule\/\" \/>\n<meta property=\"og:locale\" content=\"de_DE\" \/>\n<meta property=\"og:type\" content=\"article\" \/>\n<meta property=\"og:title\" content=\"Tod und Trauer im Grundschulunterricht \u00bb Tipps und Ideen | BACKWINKEL Blog\" \/>\n<meta property=\"og:description\" content=\"Lesen Sie, wie Sie den Tod sinnvoll im Unterricht thematisieren und offen mit Ihren Kindern dar\u00fcber sprechen. \u2713 Erkl\u00e4rungsmodelle f\u00fcr den Trauerverlauf uvm \u2713 Jetzt lesen!\" \/>\n<meta property=\"og:url\" content=\"https:\/\/www.backwinkel.de\/blog\/trauer-grundschule\/\" \/>\n<meta property=\"og:site_name\" content=\"BACKWINKEL Blog\" \/>\n<meta property=\"article:published_time\" content=\"2021-02-01T08:28:01+00:00\" \/>\n<meta property=\"article:modified_time\" content=\"2026-04-22T13:11:07+00:00\" \/>\n<meta property=\"og:image\" content=\"https:\/\/www.backwinkel.de\/blog\/wp-content\/uploads\/2021\/01\/backwinkel-blog-trauer-verarbeiten-schule-heroimage.jpg\" \/>\n\t<meta property=\"og:image:width\" content=\"1200\" \/>\n\t<meta property=\"og:image:height\" content=\"628\" \/>\n\t<meta property=\"og:image:type\" content=\"image\/jpeg\" \/>\n<meta name=\"author\" content=\"BACKWINKEL\" \/>\n<meta name=\"twitter:card\" content=\"summary_large_image\" \/>\n<meta name=\"twitter:label1\" content=\"Verfasst von\" \/>\n\t<meta name=\"twitter:data1\" content=\"BACKWINKEL\" \/>\n\t<meta name=\"twitter:label2\" content=\"Gesch\u00e4tzte Lesezeit\" \/>\n\t<meta name=\"twitter:data2\" content=\"14\u00a0Minuten\" \/>\n<script type=\"application\/ld+json\" class=\"yoast-schema-graph\">{\"@context\":\"https:\\\/\\\/schema.org\",\"@graph\":[{\"@type\":\"Article\",\"@id\":\"https:\\\/\\\/www.backwinkel.de\\\/blog\\\/trauer-grundschule\\\/#article\",\"isPartOf\":{\"@id\":\"https:\\\/\\\/www.backwinkel.de\\\/blog\\\/trauer-grundschule\\\/\"},\"author\":{\"name\":\"BACKWINKEL\",\"@id\":\"https:\\\/\\\/www.backwinkel.de\\\/blog\\\/#\\\/schema\\\/person\\\/3d64575316540d25f7866264a4b7cd24\"},\"headline\":\"\u00dcber den Tod sprechen:\",\"datePublished\":\"2021-02-01T08:28:01+00:00\",\"dateModified\":\"2026-04-22T13:11:07+00:00\",\"mainEntityOfPage\":{\"@id\":\"https:\\\/\\\/www.backwinkel.de\\\/blog\\\/trauer-grundschule\\\/\"},\"wordCount\":4733,\"image\":{\"@id\":\"https:\\\/\\\/www.backwinkel.de\\\/blog\\\/trauer-grundschule\\\/#primaryimage\"},\"thumbnailUrl\":\"https:\\\/\\\/www.backwinkel.de\\\/blog\\\/wp-content\\\/uploads\\\/2021\\\/01\\\/backwinkel-blog-trauer-verarbeiten-schule-heroimage.jpg\",\"articleSection\":[\"Schule\"],\"inLanguage\":\"de\"},{\"@type\":\"WebPage\",\"@id\":\"https:\\\/\\\/www.backwinkel.de\\\/blog\\\/trauer-grundschule\\\/\",\"url\":\"https:\\\/\\\/www.backwinkel.de\\\/blog\\\/trauer-grundschule\\\/\",\"name\":\"Tod und Trauer im Grundschulunterricht \u00bb Tipps und Ideen | BACKWINKEL Blog\",\"isPartOf\":{\"@id\":\"https:\\\/\\\/www.backwinkel.de\\\/blog\\\/#website\"},\"primaryImageOfPage\":{\"@id\":\"https:\\\/\\\/www.backwinkel.de\\\/blog\\\/trauer-grundschule\\\/#primaryimage\"},\"image\":{\"@id\":\"https:\\\/\\\/www.backwinkel.de\\\/blog\\\/trauer-grundschule\\\/#primaryimage\"},\"thumbnailUrl\":\"https:\\\/\\\/www.backwinkel.de\\\/blog\\\/wp-content\\\/uploads\\\/2021\\\/01\\\/backwinkel-blog-trauer-verarbeiten-schule-heroimage.jpg\",\"datePublished\":\"2021-02-01T08:28:01+00:00\",\"dateModified\":\"2026-04-22T13:11:07+00:00\",\"author\":{\"@id\":\"https:\\\/\\\/www.backwinkel.de\\\/blog\\\/#\\\/schema\\\/person\\\/3d64575316540d25f7866264a4b7cd24\"},\"description\":\"Lesen Sie, wie Sie den Tod sinnvoll im Unterricht thematisieren und offen mit Ihren Kindern dar\u00fcber sprechen. \u2713 Erkl\u00e4rungsmodelle f\u00fcr den Trauerverlauf uvm \u2713 Jetzt lesen!\",\"breadcrumb\":{\"@id\":\"https:\\\/\\\/www.backwinkel.de\\\/blog\\\/trauer-grundschule\\\/#breadcrumb\"},\"inLanguage\":\"de\",\"potentialAction\":[{\"@type\":\"ReadAction\",\"target\":[\"https:\\\/\\\/www.backwinkel.de\\\/blog\\\/trauer-grundschule\\\/\"]}]},{\"@type\":\"ImageObject\",\"inLanguage\":\"de\",\"@id\":\"https:\\\/\\\/www.backwinkel.de\\\/blog\\\/trauer-grundschule\\\/#primaryimage\",\"url\":\"https:\\\/\\\/www.backwinkel.de\\\/blog\\\/wp-content\\\/uploads\\\/2021\\\/01\\\/backwinkel-blog-trauer-verarbeiten-schule-heroimage.jpg\",\"contentUrl\":\"https:\\\/\\\/www.backwinkel.de\\\/blog\\\/wp-content\\\/uploads\\\/2021\\\/01\\\/backwinkel-blog-trauer-verarbeiten-schule-heroimage.jpg\",\"width\":1200,\"height\":628},{\"@type\":\"BreadcrumbList\",\"@id\":\"https:\\\/\\\/www.backwinkel.de\\\/blog\\\/trauer-grundschule\\\/#breadcrumb\",\"itemListElement\":[{\"@type\":\"ListItem\",\"position\":1,\"name\":\"Startseite\",\"item\":\"https:\\\/\\\/blog.backwinkel.de\\\/aktuelles\\\/\"},{\"@type\":\"ListItem\",\"position\":2,\"name\":\"\u00dcber den Tod sprechen:\"}]},{\"@type\":\"WebSite\",\"@id\":\"https:\\\/\\\/www.backwinkel.de\\\/blog\\\/#website\",\"url\":\"https:\\\/\\\/www.backwinkel.de\\\/blog\\\/\",\"name\":\"BACKWINKEL Blog\",\"description\":\"f\u00fcr Lehrer, Erzieher und Eltern\",\"potentialAction\":[{\"@type\":\"SearchAction\",\"target\":{\"@type\":\"EntryPoint\",\"urlTemplate\":\"https:\\\/\\\/www.backwinkel.de\\\/blog\\\/?s={search_term_string}\"},\"query-input\":{\"@type\":\"PropertyValueSpecification\",\"valueRequired\":true,\"valueName\":\"search_term_string\"}}],\"inLanguage\":\"de\"},{\"@type\":\"Person\",\"@id\":\"https:\\\/\\\/www.backwinkel.de\\\/blog\\\/#\\\/schema\\\/person\\\/3d64575316540d25f7866264a4b7cd24\",\"name\":\"BACKWINKEL\",\"sameAs\":[\"http:\\\/\\\/www.backwinkel.de\"],\"url\":\"https:\\\/\\\/www.backwinkel.de\\\/blog\\\/author\\\/backwinkel\\\/\"}]}<\/script>\n<!-- \/ Yoast SEO plugin. -->","yoast_head_json":{"title":"Tod und Trauer im Grundschulunterricht \u00bb Tipps und Ideen | BACKWINKEL Blog","description":"Lesen Sie, wie Sie den Tod sinnvoll im Unterricht thematisieren und offen mit Ihren Kindern dar\u00fcber sprechen. \u2713 Erkl\u00e4rungsmodelle f\u00fcr den Trauerverlauf uvm \u2713 Jetzt lesen!","robots":{"index":"index","follow":"follow","max-snippet":"max-snippet:-1","max-image-preview":"max-image-preview:large","max-video-preview":"max-video-preview:-1"},"canonical":"https:\/\/www.backwinkel.de\/blog\/trauer-grundschule\/","og_locale":"de_DE","og_type":"article","og_title":"Tod und Trauer im Grundschulunterricht \u00bb Tipps und Ideen | BACKWINKEL Blog","og_description":"Lesen Sie, wie Sie den Tod sinnvoll im Unterricht thematisieren und offen mit Ihren Kindern dar\u00fcber sprechen. \u2713 Erkl\u00e4rungsmodelle f\u00fcr den Trauerverlauf uvm \u2713 Jetzt lesen!","og_url":"https:\/\/www.backwinkel.de\/blog\/trauer-grundschule\/","og_site_name":"BACKWINKEL Blog","article_published_time":"2021-02-01T08:28:01+00:00","article_modified_time":"2026-04-22T13:11:07+00:00","og_image":[{"width":1200,"height":628,"url":"https:\/\/www.backwinkel.de\/blog\/wp-content\/uploads\/2021\/01\/backwinkel-blog-trauer-verarbeiten-schule-heroimage.jpg","type":"image\/jpeg"}],"author":"BACKWINKEL","twitter_card":"summary_large_image","twitter_misc":{"Verfasst von":"BACKWINKEL","Gesch\u00e4tzte Lesezeit":"14\u00a0Minuten"},"schema":{"@context":"https:\/\/schema.org","@graph":[{"@type":"Article","@id":"https:\/\/www.backwinkel.de\/blog\/trauer-grundschule\/#article","isPartOf":{"@id":"https:\/\/www.backwinkel.de\/blog\/trauer-grundschule\/"},"author":{"name":"BACKWINKEL","@id":"https:\/\/www.backwinkel.de\/blog\/#\/schema\/person\/3d64575316540d25f7866264a4b7cd24"},"headline":"\u00dcber den Tod sprechen:","datePublished":"2021-02-01T08:28:01+00:00","dateModified":"2026-04-22T13:11:07+00:00","mainEntityOfPage":{"@id":"https:\/\/www.backwinkel.de\/blog\/trauer-grundschule\/"},"wordCount":4733,"image":{"@id":"https:\/\/www.backwinkel.de\/blog\/trauer-grundschule\/#primaryimage"},"thumbnailUrl":"https:\/\/www.backwinkel.de\/blog\/wp-content\/uploads\/2021\/01\/backwinkel-blog-trauer-verarbeiten-schule-heroimage.jpg","articleSection":["Schule"],"inLanguage":"de"},{"@type":"WebPage","@id":"https:\/\/www.backwinkel.de\/blog\/trauer-grundschule\/","url":"https:\/\/www.backwinkel.de\/blog\/trauer-grundschule\/","name":"Tod und Trauer im Grundschulunterricht \u00bb Tipps und Ideen | BACKWINKEL Blog","isPartOf":{"@id":"https:\/\/www.backwinkel.de\/blog\/#website"},"primaryImageOfPage":{"@id":"https:\/\/www.backwinkel.de\/blog\/trauer-grundschule\/#primaryimage"},"image":{"@id":"https:\/\/www.backwinkel.de\/blog\/trauer-grundschule\/#primaryimage"},"thumbnailUrl":"https:\/\/www.backwinkel.de\/blog\/wp-content\/uploads\/2021\/01\/backwinkel-blog-trauer-verarbeiten-schule-heroimage.jpg","datePublished":"2021-02-01T08:28:01+00:00","dateModified":"2026-04-22T13:11:07+00:00","author":{"@id":"https:\/\/www.backwinkel.de\/blog\/#\/schema\/person\/3d64575316540d25f7866264a4b7cd24"},"description":"Lesen Sie, wie Sie den Tod sinnvoll im Unterricht thematisieren und offen mit Ihren Kindern dar\u00fcber sprechen. \u2713 Erkl\u00e4rungsmodelle f\u00fcr den Trauerverlauf uvm \u2713 Jetzt lesen!","breadcrumb":{"@id":"https:\/\/www.backwinkel.de\/blog\/trauer-grundschule\/#breadcrumb"},"inLanguage":"de","potentialAction":[{"@type":"ReadAction","target":["https:\/\/www.backwinkel.de\/blog\/trauer-grundschule\/"]}]},{"@type":"ImageObject","inLanguage":"de","@id":"https:\/\/www.backwinkel.de\/blog\/trauer-grundschule\/#primaryimage","url":"https:\/\/www.backwinkel.de\/blog\/wp-content\/uploads\/2021\/01\/backwinkel-blog-trauer-verarbeiten-schule-heroimage.jpg","contentUrl":"https:\/\/www.backwinkel.de\/blog\/wp-content\/uploads\/2021\/01\/backwinkel-blog-trauer-verarbeiten-schule-heroimage.jpg","width":1200,"height":628},{"@type":"BreadcrumbList","@id":"https:\/\/www.backwinkel.de\/blog\/trauer-grundschule\/#breadcrumb","itemListElement":[{"@type":"ListItem","position":1,"name":"Startseite","item":"https:\/\/blog.backwinkel.de\/aktuelles\/"},{"@type":"ListItem","position":2,"name":"\u00dcber den Tod sprechen:"}]},{"@type":"WebSite","@id":"https:\/\/www.backwinkel.de\/blog\/#website","url":"https:\/\/www.backwinkel.de\/blog\/","name":"BACKWINKEL Blog","description":"f\u00fcr Lehrer, Erzieher und Eltern","potentialAction":[{"@type":"SearchAction","target":{"@type":"EntryPoint","urlTemplate":"https:\/\/www.backwinkel.de\/blog\/?s={search_term_string}"},"query-input":{"@type":"PropertyValueSpecification","valueRequired":true,"valueName":"search_term_string"}}],"inLanguage":"de"},{"@type":"Person","@id":"https:\/\/www.backwinkel.de\/blog\/#\/schema\/person\/3d64575316540d25f7866264a4b7cd24","name":"BACKWINKEL","sameAs":["http:\/\/www.backwinkel.de"],"url":"https:\/\/www.backwinkel.de\/blog\/author\/backwinkel\/"}]}},"_links":{"self":[{"href":"https:\/\/www.backwinkel.de\/blog\/wp-json\/wp\/v2\/posts\/6169","targetHints":{"allow":["GET"]}}],"collection":[{"href":"https:\/\/www.backwinkel.de\/blog\/wp-json\/wp\/v2\/posts"}],"about":[{"href":"https:\/\/www.backwinkel.de\/blog\/wp-json\/wp\/v2\/types\/post"}],"author":[{"embeddable":true,"href":"https:\/\/www.backwinkel.de\/blog\/wp-json\/wp\/v2\/users\/3"}],"replies":[{"embeddable":true,"href":"https:\/\/www.backwinkel.de\/blog\/wp-json\/wp\/v2\/comments?post=6169"}],"version-history":[{"count":4,"href":"https:\/\/www.backwinkel.de\/blog\/wp-json\/wp\/v2\/posts\/6169\/revisions"}],"predecessor-version":[{"id":18924,"href":"https:\/\/www.backwinkel.de\/blog\/wp-json\/wp\/v2\/posts\/6169\/revisions\/18924"}],"wp:featuredmedia":[{"embeddable":true,"href":"https:\/\/www.backwinkel.de\/blog\/wp-json\/wp\/v2\/media\/6170"}],"wp:attachment":[{"href":"https:\/\/www.backwinkel.de\/blog\/wp-json\/wp\/v2\/media?parent=6169"}],"wp:term":[{"taxonomy":"category","embeddable":true,"href":"https:\/\/www.backwinkel.de\/blog\/wp-json\/wp\/v2\/categories?post=6169"},{"taxonomy":"post_tag","embeddable":true,"href":"https:\/\/www.backwinkel.de\/blog\/wp-json\/wp\/v2\/tags?post=6169"}],"curies":[{"name":"wp","href":"https:\/\/api.w.org\/{rel}","templated":true}]}}