{"id":6159,"date":"2021-02-01T09:10:49","date_gmt":"2021-02-01T08:10:49","guid":{"rendered":"https:\/\/blog.backwinkel.de\/?p=6159"},"modified":"2026-04-22T15:11:38","modified_gmt":"2026-04-22T13:11:38","slug":"corona-krise-verarbeiten","status":"publish","type":"post","link":"https:\/\/www.backwinkel.de\/blog\/corona-krise-verarbeiten\/","title":{"rendered":"Die Corona-Krise verarbeiten:"},"content":{"rendered":"\n<style type=\"text\/css\" data-created_by=\"avia_inline_auto\" id=\"style-css-av-8vdv8-f7e0dae999cc49bc529a70f67b346526\">\n.flex_column.av-8vdv8-f7e0dae999cc49bc529a70f67b346526{\nborder-radius:0px 0px 0px 0px;\npadding:0px 0px 0px 0px;\n}\n<\/style>\n<div  class='flex_column av-8vdv8-f7e0dae999cc49bc529a70f67b346526 av_one_full  avia-builder-el-0  el_before_av_three_fifth  avia-builder-el-first  first flex_column_div av-zero-column-padding  '     ><p>\n<style type=\"text\/css\" data-created_by=\"avia_inline_auto\" id=\"style-css-av-jl6mo8rj-605eccf9df0dce9c3ffb6a57636da99d\">\n#top .hr.hr-invisible.av-jl6mo8rj-605eccf9df0dce9c3ffb6a57636da99d{\nmargin-top:0px;\nheight:1px;\n}\n<\/style>\n<div  class='hr av-jl6mo8rj-605eccf9df0dce9c3ffb6a57636da99d hr-invisible  avia-builder-el-1  el_before_av_heading  avia-builder-el-first '><span class='hr-inner '><span class=\"hr-inner-style\"><\/span><\/span><\/div><br \/>\n\n<style type=\"text\/css\" data-created_by=\"avia_inline_auto\" id=\"style-css-av-kjscifhg-f897f1dff8e9e6c2b253eed10fc3596b\">\n#top .av-special-heading.av-kjscifhg-f897f1dff8e9e6c2b253eed10fc3596b{\npadding-bottom:10px;\n}\nbody .av-special-heading.av-kjscifhg-f897f1dff8e9e6c2b253eed10fc3596b .av-special-heading-tag .heading-char{\nfont-size:25px;\n}\n.av-special-heading.av-kjscifhg-f897f1dff8e9e6c2b253eed10fc3596b .av-subheading{\nfont-size:15px;\n}\n<\/style>\n<div  class='av-special-heading av-kjscifhg-f897f1dff8e9e6c2b253eed10fc3596b av-special-heading-h1 blockquote modern-quote  avia-builder-el-2  el_after_av_hr  el_before_av_post_metadata  av-linked-heading'><h1 class='av-special-heading-tag '  >Die Corona-Krise verarbeiten: Psychosomatische Perspektiven f\u00fcr die Kita <\/h1><div class='av-subheading av-subheading_below'><p class=\"autorenname\">Christine Hagemann<\/p>\n<\/div><div class=\"special-heading-border\"><div class=\"special-heading-inner-border\"><\/div><\/div><\/div><br \/>\n\n<style type=\"text\/css\" data-created_by=\"avia_inline_auto\" id=\"style-css-av-5mq0in-8e228b3f43bd0369cdc9d0d95398f0b4\">\n#top .av-post-metadata-container.av-5mq0in-8e228b3f43bd0369cdc9d0d95398f0b4{\nfont-size:12px;\n}\n#top .av-post-metadata-container.av-5mq0in-8e228b3f43bd0369cdc9d0d95398f0b4 .av-post-metadata-container-inner{\nfont-size:12px;\n}\n<\/style>\n<div  class='av-post-metadata-container av-5mq0in-8e228b3f43bd0369cdc9d0d95398f0b4 av-metadata-container-align-left  avia-builder-el-3  el_after_av_heading  el_before_av_textblock  av-metadata-container-1'><div class='av-post-metadata-container-inner'><span class=\"av-post-metadata-content av-post-metadata-meta-content\"><span class=\"av-post-metadata-content av-post-metadata-modified\"><span class=\"av-metadata-before av-metadata-before-modified\">Aktualisiert:<\/span><span class=\"av-post-metadata-modified-date\" >22. April 2026<\/span><\/span><span class=\"av-post-metadata-content av-post-metadata-separator\">\/<\/span><span class=\"av-post-metadata-content av-post-metadata-modified\"><span class=\"av-metadata-before av-metadata-before-modified\">Zuletzt aktualisiert:<\/span><span class=\"av-post-metadata-modified-date\" >22. April 2026<\/span><\/span><\/span><\/div><\/div><br \/>\n\n<style type=\"text\/css\" data-created_by=\"avia_inline_auto\" id=\"style-css-av-jkuubohz-8fca5ffce642cf8e1fbd093c1d421e49\">\n#top .av_textblock_section.av-jkuubohz-8fca5ffce642cf8e1fbd093c1d421e49 .avia_textblock{\nfont-size:20px;\n}\n<\/style>\n<section  class='av_textblock_section av-jkuubohz-8fca5ffce642cf8e1fbd093c1d421e49 '  ><div class='avia_textblock' ><p class=\"einleitungstext-beitrag\">Corona \u00e4ngstigt viele Menschen. Wie bew\u00e4ltigen Kinder diese Erfahrungen? Die mentalen Auswirkungen der Corona-Krise stellen Kita-Fachkr\u00e4fte vor neue Situationen.<\/p>\n<\/div><\/section><br \/>\n\n<style type=\"text\/css\" data-created_by=\"avia_inline_auto\" id=\"style-css-av-jkuuo5h6-182a7414cb17c81cbc8c6ab3fb99ca1a\">\n.avia-image-container.av-jkuuo5h6-182a7414cb17c81cbc8c6ab3fb99ca1a img.avia_image{\nbox-shadow:none;\n}\n.avia-image-container.av-jkuuo5h6-182a7414cb17c81cbc8c6ab3fb99ca1a .av-image-caption-overlay-center{\ncolor:#ffffff;\n}\n<\/style>\n<div  class='avia-image-container av-jkuuo5h6-182a7414cb17c81cbc8c6ab3fb99ca1a av-styling- avia-align-center  avia-builder-el-5  el_after_av_textblock  el_before_av_hr '  ><div class=\"avia-image-container-inner\"><div class=\"avia-image-overlay-wrap\"><img decoding=\"async\" fetchpriority=\"high\" class='wp-image-6160 avia-img-lazy-loading-not-6160 avia_image ' src=\"https:\/\/www.backwinkel.de\/blog\/wp-content\/uploads\/2021\/01\/backwinkel-blog-corona-krise-verarbeiten-kiga-heroimage.jpg\" alt='' title='backwinkel-blog-corona-krise-verarbeiten-kiga-heroimage'  height=\"628\" width=\"1200\"  \/><\/div><\/div><\/div><br \/>\n\n<style type=\"text\/css\" data-created_by=\"avia_inline_auto\" id=\"style-css-av-jl6mo8rj-25-a9e2f7964d44cd14255f01b9a98051a7\">\n#top .hr.hr-invisible.av-jl6mo8rj-25-a9e2f7964d44cd14255f01b9a98051a7{\nheight:5px;\n}\n<\/style>\n<div  class='hr av-jl6mo8rj-25-a9e2f7964d44cd14255f01b9a98051a7 hr-invisible  avia-builder-el-6  el_after_av_image  el_before_av_textblock '><span class='hr-inner '><span class=\"hr-inner-style\"><\/span><\/span><\/div><br \/>\n\n<style type=\"text\/css\" data-created_by=\"avia_inline_auto\" id=\"style-css-av-jl7ql86y-e80384d8b1750d8be134ad53f89ab6ea\">\n#top .av_textblock_section.av-jl7ql86y-e80384d8b1750d8be134ad53f89ab6ea .avia_textblock{\nfont-size:10px;\n}\n<\/style>\n<section  class='av_textblock_section av-jl7ql86y-e80384d8b1750d8be134ad53f89ab6ea '  ><div class='avia_textblock' ><p class=\"bildnennung-beitrag\" style=\"text-align: left;\">\u00a9 1001color, Adobestock.com<\/p>\n<\/div><\/section><br \/>\n\n<style type=\"text\/css\" data-created_by=\"avia_inline_auto\" id=\"style-css-av-jl6mo8rj-23-ea8d22a3e9d4f58037829b44fea87593\">\n#top .hr.hr-invisible.av-jl6mo8rj-23-ea8d22a3e9d4f58037829b44fea87593{\nheight:20px;\n}\n<\/style>\n<div  class='hr av-jl6mo8rj-23-ea8d22a3e9d4f58037829b44fea87593 hr-invisible  avia-builder-el-8  el_after_av_textblock  el_before_av_textblock '><span class='hr-inner '><span class=\"hr-inner-style\"><\/span><\/span><\/div><br \/>\n<section  class='av_textblock_section av-jkuubohz-24-970b0545dd55893ef48f4c841fc24ae7 '  ><div class='avia_textblock' ><p>Die Kita geschlossen, Spielpl\u00e4tze gesperrt, kaum Kontakt zu Freunden \u2013 Corona hat das Leben der Kinder ver\u00e4ndert. Der Umstand, soziale Kontakte drastisch einzuschr\u00e4nken, widerspricht dem Wesen des Menschen. Viele Kinder und Eltern sind mit den Folgen der Corona-Krise \u00fcberfordert. Welche Handlungsstrategien braucht die Kita? Lesen Sie im Folgenden, wie Sie mehr Balance in den Kita-Alltag bringen und Ihren Kindern helfen, das Erlebte zu verarbeiten.<\/p>\n<\/div><\/section><\/p><\/div>\n<style type=\"text\/css\" data-created_by=\"avia_inline_auto\" id=\"style-css-av-swqf9-6bb490ea0cbb171c9d159bb967226129\">\n.flex_column.av-swqf9-6bb490ea0cbb171c9d159bb967226129{\nborder-radius:0px 0px 0px 0px;\npadding:20px 20px 20px 20px;\nbackground-color:#f2f2f2;\n}\n<\/style>\n<div  class='flex_column av-swqf9-6bb490ea0cbb171c9d159bb967226129 av_three_fifth  avia-builder-el-10  el_after_av_one_full  el_before_av_two_fifth  first flex_column_div  column-top-margin'     ><style type=\"text\/css\" data-created_by=\"avia_inline_auto\" id=\"style-css-av-jkuua5r2-daaff240cdb64ff49178ef768245fa1b\">\n#top .av_textblock_section.av-jkuua5r2-daaff240cdb64ff49178ef768245fa1b .avia_textblock{\nfont-size:14px;\n}\n<\/style>\n<section  class='av_textblock_section av-jkuua5r2-daaff240cdb64ff49178ef768245fa1b '  ><div class='avia_textblock' ><p><strong>Inhalt<\/strong><\/p>\n<p><strong><a href=\"#1\">1. Wie geht es den Kindern?<\/a><\/strong><\/p>\n<p><strong><a href=\"#2\">2. So gelingt der Neustart in der Kita <\/a><\/strong><br \/>\n2.1 Welche Erfahrungen bringen die Kinder mit?<br \/>\n2.2 Auf welche Signale sollten Kita-Fachkr\u00e4fte achten?<br \/>\n2.2.1 Wenn die Angst nicht weggeht<br \/>\n2.2.2 Wenn Familien \u00fcberfordert erscheinen<\/p>\n<p><strong><a href=\"#3\">3. Wie Kinder die Corona-Krise verarbeiten<\/a><\/strong><br \/>\n3.1 Das Thema Corona lieber vermeiden?<br \/>\n3.2 Wie wichtig ist Ablenkung?<\/p>\n<p><strong><a href=\"#4\">4. So st\u00e4rken Sie die Resilienz von Kindern<\/a><\/strong><\/p>\n<\/div><\/section><\/div><\/p>\n\n<style type=\"text\/css\" data-created_by=\"avia_inline_auto\" id=\"style-css-av-2532d-6e1ea05e25305745634c0a02c87dc827\">\n.flex_column.av-2532d-6e1ea05e25305745634c0a02c87dc827{\nborder-radius:0px 0px 0px 0px;\npadding:0 0 0 0;\n}\n<\/style>\n<div  class='flex_column av-2532d-6e1ea05e25305745634c0a02c87dc827 av_two_fifth  avia-builder-el-12  el_after_av_three_fifth  el_before_av_sidebar  flex_column_div av-zero-column-padding  column-top-margin'     ><\/div>\n<div  class='avia-builder-widget-area clearfix  avia-builder-el-13  el_after_av_two_fifth  el_before_av_one_full '><div id=\"text-33\" class=\"widget clearfix widget_text\">\t\t\t<div class=\"textwidget\"><p><a href=\"https:\/\/www.backwinkel.de\/nachhaltig-denken\/\" target=\"\\_blank\" rel=\"noopener\"><br \/>\n<img decoding=\"async\" class=\"werbung-desktop alignnone wp-image-4186 size-full\" src=\"https:\/\/www.backwinkel.de\/blog\/wp-content\/uploads\/2026\/04\/Backwinkel-blog-werbebanner-shop-kita-schule_desktop.jpg\" alt=\"\" width=\"1251\" height=\"201\" \/><br \/>\n<\/a><br \/>\n<a href=\"https:\/\/www.backwinkel.de\/nachhaltig-denken\/\" target=\"\\_blank\" rel=\"noopener\"><br \/>\n<img decoding=\"async\" class=\"werbung-mobile alignnone wp-image-4187 size-full\" src=\"https:\/\/www.backwinkel.de\/blog\/wp-content\/uploads\/2026\/04\/Backwinkel-blog-werbebanner-shop-kiga-schule_mobile.jpg\" alt=\"\" width=\"550\" height=\"500\" \/><br \/>\n<\/a><\/p>\n<\/div>\n\t\t<\/div><\/div>\n\n<style type=\"text\/css\" data-created_by=\"avia_inline_auto\" id=\"style-css-av-hh5al-9c53459d093ff912fcc98cf97e19d753\">\n.flex_column.av-hh5al-9c53459d093ff912fcc98cf97e19d753{\nborder-radius:0px 0px 0px 0px;\npadding:0px 0px 0px 0px;\n}\n<\/style>\n<div  class='flex_column av-hh5al-9c53459d093ff912fcc98cf97e19d753 av_one_full  avia-builder-el-14  el_after_av_sidebar  el_before_av_one_full  first flex_column_div av-zero-column-padding  '     ><section  class='av_textblock_section av-jkuul0eg-47aa45f9d704d9c8972e1ddf4c471077 '  ><div class='avia_textblock' >\n<style type=\"text\/css\" data-created_by=\"avia_inline_auto\" id=\"style-css-av-7c7r8-1ad3209b7b9ea9c60cc97e362d76ea5e\">\n#top .hr.hr-invisible.av-7c7r8-1ad3209b7b9ea9c60cc97e362d76ea5e{\nheight:20px;\n}\n<\/style>\n<div  class='hr av-7c7r8-1ad3209b7b9ea9c60cc97e362d76ea5e hr-invisible  avia-builder-el-16  avia-builder-el-no-sibling '><span class='hr-inner '><span class=\"hr-inner-style\"><\/span><\/span><\/div>\n<h2 id=\"1\" class=\"position\">Wie geht es den Kindern?<\/h2>\n<p>Lockdown und Abstandsgebot zum Schutz vor Ausbreitung von Covid-19 haben Kindern viel abverlangt \u2013 vor allem Verzicht und Durchhalteverm\u00f6gen. Die meisten Kinder sind grundlegend gut aufgekl\u00e4rt \u00fcber die Gefahren des Corona-Virus und die Schutzma\u00dfnahmen. Aber Wissen allein reicht nicht aus, um die \u00c4ngste zu vertreiben.<\/p>\n<p>Kinder verarbeiten Eindr\u00fccke unter anderen Gesichtspunkten als Erwachsene. Auch ihr Zeitgef\u00fchl ist anders, sie leben st\u00e4rker im Hier und Jetzt. Abstrakte Zeitspannen k\u00f6nnen sie noch nicht erfassen. Daher ist es f\u00fcr Kinder ein heftiger <strong>Verlust<\/strong>, vertraute Bezugspersonen wie Gro\u00dfeltern, Erzieherinnen sowie Erzieher und Freunde f\u00fcr einen langen, ungewissen Zeitraum nicht mehr zu sehen. M\u00f6gliche Folgen f\u00fcr die sozial-emotionale Entwicklung lassen sich noch nicht absehen.<\/p>\n<\/div><\/section><\/div>\n\n<style type=\"text\/css\" data-created_by=\"avia_inline_auto\" id=\"style-css-av-hh5al-22-ffcfec0658e823b2fde141e642541932\">\n.flex_column.av-hh5al-22-ffcfec0658e823b2fde141e642541932{\nborder-radius:0px 0px 0px 0px;\npadding:0px 0px 0px 0px;\n}\n<\/style>\n<div  class='flex_column av-hh5al-22-ffcfec0658e823b2fde141e642541932 av_one_full  avia-builder-el-17  el_after_av_one_full  el_before_av_one_full  first flex_column_div av-zero-column-padding  column-top-margin'     ><section  class='av_textblock_section av-jkuul0eg-21-c8650d517a2871048ebc48fa100dbcc6 '  ><div class='avia_textblock' >\n<style type=\"text\/css\" data-created_by=\"avia_inline_auto\" id=\"style-css-av-7c7r8-20-6cefff928e3d31e56e1b251e62e29591\">\n#top .hr.hr-invisible.av-7c7r8-20-6cefff928e3d31e56e1b251e62e29591{\nheight:20px;\n}\n<\/style>\n<div  class='hr av-7c7r8-20-6cefff928e3d31e56e1b251e62e29591 hr-invisible  avia-builder-el-19  avia-builder-el-no-sibling '><span class='hr-inner '><span class=\"hr-inner-style\"><\/span><\/span><\/div>\n<h2 id=\"2\" class=\"position\">So gelingt der Neustart in der Kita<\/h2>\n<p>W\u00e4hrend des Lockdowns haben die Kitas versucht, den Kontakt zu den Familien aufrechtzuerhalten, etwa durch Briefe, telefonische Kontakte oder online per Videokonferenz. Diese Br\u00fccken k\u00f6nnen Kindern beim Neustart in der Kita helfen, reichen jedoch nicht aus. Insbesondere f\u00fcr <strong>Kinder im Krippenalter <\/strong>ist eine elternbegleitete Wiedereingew\u00f6hnung notwendig.<\/p>\n<p><strong>Die Phase der Wiedereingew\u00f6hnung gibt Orientierung. Dies raten Entwicklungspsychologen: <\/strong><\/p>\n<ul>\n<li>In den ersten drei Tagen sollten Kleinkinder die Kita in Begleitung eines Elternteils besuchen. Vater oder Mutter bleiben anwesend, wobei sich die Dauer des Besuchs langsam steigert.<\/li>\n<li>Mehrt\u00e4gige Unterbrechungen, wie sie im Rahmen der coronabedingten Teil\u00f6ffnung von Kitas vorgesehen sind, sollten zu Beginn der Wiedereingew\u00f6hnung m\u00f6glichst vermieden werden.<\/li>\n<li>Es empfiehlt sich, die Situation in bestehende Rituale einzubinden. Die Hygieneregeln k\u00f6nnen spielerisch in den Kita-Alltag integriert und somit zur Gewohnheit werden. Hilfreiche Produkte rund um Hygiene und Schutz, mit denen Sie das Thema Corona kindgerecht erkl\u00e4ren, finden Sie auch bei uns im <a href=\"https:\/\/www.backwinkel.de\/hygiene-schutz-kindergarten\/\" target=\"_blank\" rel=\"noopener\">Onlineshop<\/a>.<\/li>\n<li>Wichtig ist, dass Eltern und Bezugserziehende im engen Dialog stehen. So lassen sich auftretende Probleme schnell l\u00f6sen, ohne Unsicherheiten auf das Kind zu \u00fcbertragen.<\/li>\n<\/ul>\n<h3>Welche Erfahrungen bringen die Kinder mit?<\/h3>\n<p>Die Corona-Krise hat die Kinder ver\u00e4ngstigt. In dieser Situation ben\u00f6tigt jedes Kind mindestens eine Bezugsperson, die begleitet, versteht und auff\u00e4ngt. Im Idealfall berichten Ihnen die Eltern von der gemeinsamen Zeit zu Hause, womit sich das Kind besch\u00e4ftigt hat, ob sie \u00fcber Corona gesprochen und wie sie ihr Kind getr\u00f6stet haben. In vielen Familien hat sich die <strong>Bindung verst\u00e4rkt<\/strong>. Und die Kinder erz\u00e4hlen freudestrahlend, was sie alles zusammen mit ihren Eltern und Geschwistern unternommen haben.<\/p>\n<p>Aber manche Kinder bringen auch schlimme Erfahrungen mit. Vielleicht mussten sie erleben, dass ein nahestehender Mensch an Covid-19 erkrankt oder verstorben ist. In anderen Familien hat das Zusammenleben im Alltag unter der Corona-Krise sehr gelitten. Dort gab es zu Hause <strong>mehr Stress und Streit<\/strong>, weil die Eltern mit der ver\u00e4nderten Lage \u00fcberfordert sind, wenig Zuwendung aufbringen oder keine Zeit haben, sich intensiv um das Kind zu k\u00fcmmern.<\/p>\n<\/div><\/section><\/div>\n\n<style type=\"text\/css\" data-created_by=\"avia_inline_auto\" id=\"style-css-av-hh5al-19-957193d9b8e3d9beab04b898a7eee46e\">\n.flex_column.av-hh5al-19-957193d9b8e3d9beab04b898a7eee46e{\nborder-width:1px;\nborder-color:#575757;\nborder-style:solid;\nborder-radius:0px 0px 0px 0px;\npadding:0px 0px 0px 0px;\n}\n<\/style>\n<div  class='flex_column av-hh5al-19-957193d9b8e3d9beab04b898a7eee46e av_one_full  avia-builder-el-20  el_after_av_one_full  el_before_av_one_full  first flex_column_div av-zero-column-padding  column-top-margin'     ><section  class='av_textblock_section av-kjse8p9t-f7ff9f9dab463cdfe1693f3079fbab47 '  ><div class='avia_textblock' ><p><strong>Info:<br \/>\n<\/strong>Sozialpsychologen bef\u00fcrchten einen <strong>Anstieg von h\u00e4uslicher Gewalt in Corona-Zeiten<\/strong>. Erste repr\u00e4sentative Studien best\u00e4tigen diese Tendenz: In 6,5 % aller Haushalte wurden Kinder gewaltt\u00e4tig bestraft. Hatten die Familien finanzielle Sorgen oder befanden sie sich zu Hause in Quarant\u00e4ne, lagen die Zahlen deutlich h\u00f6her: Die h\u00e4usliche Gewalt gegen Kinder stieg in Quarant\u00e4ne auf 10,5 % und bei akuten Finanzsorgen auf 9,8 %. Die Dunkelziffer ist vermutlich weit h\u00f6her, da nur wenige Betroffene Hilfsangebote nutzen.<\/p>\n<p class=\"bildnennung-beitrag\" style=\"text-align: left;\">Quelle: Technische Universit\u00e4t M\u00fcnchen und Leibniz-Institut f\u00fcr Wirtschaftsforschung, 02.06.2020. <a href=\"https:\/\/www.tum.de\/aktuelles\/alle-meldungen\/pressemitteilungen\/details\/36053\" target=\"_blank\" rel=\"noopener\">https:\/\/www.tum.de\/aktuelles\/alle-meldungen\/pressemitteilungen\/details\/36053<\/a><\/p>\n<\/div><\/section><\/div>\n\n<style type=\"text\/css\" data-created_by=\"avia_inline_auto\" id=\"style-css-av-hh5al-16-7a012b3a873b5b13808576eb318017d8\">\n.flex_column.av-hh5al-16-7a012b3a873b5b13808576eb318017d8{\nborder-radius:0px 0px 0px 0px;\npadding:0px 0px 0px 0px;\n}\n<\/style>\n<div  class='flex_column av-hh5al-16-7a012b3a873b5b13808576eb318017d8 av_one_full  avia-builder-el-22  el_after_av_one_full  el_before_av_one_full  first flex_column_div av-zero-column-padding  column-top-margin'     ><section  class='av_textblock_section av-jkuul0eg-18-2620a9644d1d68fa38617932e06aeb9f '  ><div class='avia_textblock' >\n<style type=\"text\/css\" data-created_by=\"avia_inline_auto\" id=\"style-css-av-7c7r8-17-fba4a273a8a159cd0a279d2423a6eb89\">\n#top .hr.hr-invisible.av-7c7r8-17-fba4a273a8a159cd0a279d2423a6eb89{\nheight:20px;\n}\n<\/style>\n<div  class='hr av-7c7r8-17-fba4a273a8a159cd0a279d2423a6eb89 hr-invisible  avia-builder-el-24  avia-builder-el-no-sibling '><span class='hr-inner '><span class=\"hr-inner-style\"><\/span><\/span><\/div>\n<h3>Auf welche Signale sollten Kita-Fachkr\u00e4fte achten?<\/h3>\n<p>Auch wenn alle Kinder wieder regelm\u00e4\u00dfig in den Kindergaten gehen d\u00fcrfen, ist noch l\u00e4ngst nicht alles wie vorher. Die meisten Kinder besitzen gutes mentales R\u00fcstzeug, um Krisen zu bew\u00e4ltigen und belastende Umst\u00e4nde heil zu \u00fcberstehen. Mit dem Kita-Besuch kehrt Normalit\u00e4t in den Alltag zur\u00fcck, doch auf das Erlebte <strong>reagiert jedes Kind auf seine eigene Weise<\/strong>. Und nicht immer l\u00e4sst sich am \u00e4u\u00dferen Verhalten ablesen, wie es dem Kind gerade wirklich geht.<\/p>\n<h4>Wenn die Angst nicht weggeht<\/h4>\n<p>Wie ein Kind mit belastenden Erfahrungen umgeht, h\u00e4ngt von seiner Pers\u00f6nlichkeitsstruktur ab. Temperament und individuelle F\u00e4higkeiten beeinflussen <strong>psychosomatische Reaktionen<\/strong>. Sowohl das Erleben oder Miterleben von Gewalt als auch Verlust\u00e4ngste, Gef\u00fchle von Trauer und Einsamkeit k\u00f6nnen das Kind <strong>traumatisieren<\/strong>, wenn es sich der Situation hilflos ausgeliefert f\u00fchlt.<\/p>\n<p>Selbstverst\u00e4ndlich ist es nicht Aufgabe von Kita-Fachkr\u00e4ften, ein Trauma zu therapieren. Trotzdem sollten Sie achtsam reagieren, wenn ein Kind sich ungew\u00f6hnlich oder extrem verh\u00e4lt. Bedenken Sie, dass all dies zum nat\u00fcrlichen <strong>Selbstschutzmechanismus<\/strong> geh\u00f6rt, mit dem das Kind nach Entlastung sucht. Als Erziehungsfachkraft brauchen Sie Geduld und ein gutes Gesp\u00fcr f\u00fcr die Befindlichkeiten der Kinder.<\/p>\n<p><strong>Diese Signale sollten Erziehende aufmerksam wahrnehmen: <\/strong><\/p>\n<ol>\n<li><strong>Ver\u00e4ndertes Verhalten<\/strong><br \/>\nEs kann sein, dass ein Kind sich ungewohnt stark zur\u00fcckzieht und nicht mehr mit anderen spielen will. Ein anderes tobt, schreit herum oder verh\u00e4lt sich aggressiv. Impulsive Ausbr\u00fcche der angestauten Wut erscheinen nach au\u00dfen oft v\u00f6llig unangemessen.<\/li>\n<li><strong>K\u00f6rperliche Reaktionen <\/strong><br \/>\nSeelische Belastung kann sich in Nervosit\u00e4t und Reizbarkeit \u00e4u\u00dfern, auch in Appetitlosigkeit oder in besonderer Schreckhaftigkeit. Die St\u00f6rung ist nicht mit dem akuten Geschehen abgeschlossen. Noch lange danach k\u00f6nnen psychische Trigger wie bestimmte Bilder, Worte oder Ger\u00e4usche wieder Erinnerungsfetzen wachrufen, sogenannte Flashbacks, die erneut \u00c4ngste oder Panikattacken ausl\u00f6sen.<\/li>\n<li><strong>Andauernde Lustlosigkeit<\/strong><br \/>\nUngel\u00f6ste innere Konflikte k\u00f6nnen zu Depressionen f\u00fchren. In Extremf\u00e4llen kann es geschehen, dass ein Kind seine Gef\u00fchle vollkommen von der Wirklichkeit abspaltet, um sich selbst zu sch\u00fctzen. Die Person wird sozusagen gef\u00fchlstaub. F\u00fcr sie selbst unmerklich ver\u00e4ndern sich ihre Wahrnehmung und ihre Emotionen, alles Vertraute erscheint dann fremd und feindlich.<\/li>\n<\/ol>\n<p>Angstst\u00f6rungen und Depressionen lassen sich beheben, bed\u00fcrfen jedoch einer langfristigen Therapie durch ausgebildete Kinderpsychologen. Hier wird jedoch deutlich, wie nachhaltig sich emotionale Probleme auf die <strong>kindliche Entwicklung<\/strong> auswirken k\u00f6nnen, und wie notwendig es ist, Kinder so fr\u00fch wie m\u00f6glich zum Ausdruck ihrer Gef\u00fchle anzuleiten.<\/p>\n<h4>Wenn Familien \u00fcberfordert erscheinen<\/h4>\n<p>Nur wenige Eltern werden den Mut aufbringen, Familienkrisen gegen\u00fcber Kita-Fachkr\u00e4ften offen anzusprechen oder eigenes Fehlverhalten einzugestehen. Durch Ihre Beobachtungen in der Kindergruppe entdecken Sie m\u00f6glicherweise Anzeichen daf\u00fcr, dass in einer Familie eine <strong>Kindeswohlgef\u00e4hrdung<\/strong> besteht.<\/p>\n<p>In diesem Fall r\u00e4t der Parit\u00e4tische Gesamtverband dringend zu einer Meldung und Anwendung eines tr\u00e4gerinternen Verfahrens. Hierbei nimmt eine auf diesem Gebiet erfahrene Fachkraft eine Risikoeinsch\u00e4tzung vor und steht Ihnen mit Rat und Tat zur Seite, um eine angemessene Handlungsstrategie zu entwickeln.<\/p>\n<p><strong>Diese Risikofaktoren sollten Erziehungs-Fachkr\u00e4fte ber\u00fccksichtigen: <\/strong><\/p>\n<ul>\n<li>Familien, die Ihnen von erheblichen Krisen, Konflikten und \u00dcberforderungssituationen mit den Kindern berichten, insbesondere wenn in der Familie kleine Kinder leben.<\/li>\n<li>Familien, in denen z. B. mehrere Kinder mit geringem Altersabstand leben, in denen Alleinerziehende die ganze Verantwortung tragen, die von Armut, beengten Wohnverh\u00e4ltnissen und sozial schwierigen Situationen betroffen sind.<\/li>\n<li>Familien, in denen etwaige psychische Erkrankungen, Suchtprobleme, chronische Konflikte und Gewaltdynamiken bekannt sind oder vermutet werden.<\/li>\n<\/ul>\n<\/div><\/section><\/div>\n\n<style type=\"text\/css\" data-created_by=\"avia_inline_auto\" id=\"style-css-av-hh5al-15-5ac0ee5e64589ee8b367389a183d6d22\">\n.flex_column.av-hh5al-15-5ac0ee5e64589ee8b367389a183d6d22{\nborder-radius:0px 0px 0px 0px;\npadding:0px 0px 0px 0px;\n}\n<\/style>\n<div  class='flex_column av-hh5al-15-5ac0ee5e64589ee8b367389a183d6d22 av_one_full  avia-builder-el-25  el_after_av_one_full  el_before_av_one_full  first flex_column_div av-zero-column-padding  column-top-margin'     ><section  class='av_textblock_section av-jkuul0eg-14-719f1386b1cea0c8ce93c7e21e4ef1e0 '  ><div class='avia_textblock' >\n<style type=\"text\/css\" data-created_by=\"avia_inline_auto\" id=\"style-css-av-7c7r8-13-9c1b3dfe53cacc00084672286b7a5b2a\">\n#top .hr.hr-invisible.av-7c7r8-13-9c1b3dfe53cacc00084672286b7a5b2a{\nheight:20px;\n}\n<\/style>\n<div  class='hr av-7c7r8-13-9c1b3dfe53cacc00084672286b7a5b2a hr-invisible  avia-builder-el-27  avia-builder-el-no-sibling '><span class='hr-inner '><span class=\"hr-inner-style\"><\/span><\/span><\/div>\n<h2 id=\"3\" class=\"position\">Wie Kinder die Corona-Krise verarbeiten<\/h2>\n<p>Es gibt verschiedene Wege, mit seelischen Krisen fertigzuwerden. F\u00fcr die meisten Menschen ist die Konfrontation mit belastenden Erinnerungen zu einem geeigneten Zeitpunkt unerl\u00e4sslich, um sie verarbeiten zu k\u00f6nnen. Dazu geh\u00f6rt das Sprechen \u00fcber die Situation, vor allem das Ausdr\u00fccken der eigenen Gef\u00fchle. Doch wann ist der richtige Zeitpunkt?<\/p>\n<h3>Das Thema Corona lieber vermeiden?<\/h3>\n<p>Eltern meinen oft, sie m\u00fcssten eigene Sorgen g\u00e4nzlich vom Kind fernhalten, damit es sich nicht \u00e4ngstigt oder traurig wird. Doch Kinder haben feine Antennen f\u00fcr Stimmungen, sie merken es sowieso. Wie weit ein Kind f\u00e4hig ist, bedr\u00fcckende Gef\u00fchle in Worte zu fassen, h\u00e4ngt von seinem Entwicklungsstand ab. Achten Sie auf die Formulierung. Auch sonderbar erscheinende Fragen zeigen an, dass das Kind sich Gedanken macht. Deshalb sollten Sie kindliche <strong>Fragen unbedingt ernst nehmen<\/strong> und so ehrlich wie m\u00f6glich darauf eingehen.<\/p>\n<p>Keinesfalls sollten Sie dem Kind ein Gespr\u00e4ch aufdr\u00e4ngen. M\u00f6glicherweise ben\u00f6tigt es gerade jetzt Ablenkung im Spiel, um sich zu erholen. Wenn Sie den Eindruck gewinnen, dass Aussprechen guttun w\u00fcrde, warten Sie ab, bis das Kind seine Befindlichkeit selbst zum Ausdruck bringt. Durch <strong>einf\u00fchlsames Nachfragen<\/strong> tasten Sie sich vorsichtig an das Problem heran.<\/p>\n<\/div><\/section><\/div>\n\n<style type=\"text\/css\" data-created_by=\"avia_inline_auto\" id=\"style-css-av-jlnt0i5o-d256db89d9b6aa9bb92f19cfc2475b5b\">\n.flex_column.av-jlnt0i5o-d256db89d9b6aa9bb92f19cfc2475b5b{\nborder-radius:0px 0px 0px 0px;\npadding:10px 10px 10px 10px;\nbackground-color:#e0f1b4;\n}\n<\/style>\n<div  class='flex_column av-jlnt0i5o-d256db89d9b6aa9bb92f19cfc2475b5b av_one_full  avia-builder-el-28  el_after_av_one_full  el_before_av_one_full  first flex_column_div  column-top-margin'     ><style type=\"text\/css\" data-created_by=\"avia_inline_auto\" id=\"style-css-av-jkuvcso3-bf550690b05a5b6ef37ec26a0e850258\">\n#top .av_textblock_section.av-jkuvcso3-bf550690b05a5b6ef37ec26a0e850258 .avia_textblock{\nfont-size:18px;\n}\n<\/style>\n<section  class='av_textblock_section av-jkuvcso3-bf550690b05a5b6ef37ec26a0e850258 '  ><div class='avia_textblock' ><p><strong>Tipp:<\/strong> Wenn Sie merken, dass ein Kind in seiner Corona-Angst feststeckt und \u00fcberm\u00e4\u00dfig verunsichert reagiert, kann ein Bilderbuch ins Gespr\u00e4ch helfen. Zwei Beispiele f\u00fcr Bilderb\u00fccher, die Kindern Corona-Wissen vermitteln, finden Sie unter diesem Beitrag.<\/p>\n<\/div><\/section><\/div>\n\n<style type=\"text\/css\" data-created_by=\"avia_inline_auto\" id=\"style-css-av-hh5al-12-a1bf4bcd187f4a58d377294e15306b2a\">\n.flex_column.av-hh5al-12-a1bf4bcd187f4a58d377294e15306b2a{\nborder-radius:0px 0px 0px 0px;\npadding:0px 0px 0px 0px;\n}\n<\/style>\n<div  class='flex_column av-hh5al-12-a1bf4bcd187f4a58d377294e15306b2a av_one_full  avia-builder-el-30  el_after_av_one_full  el_before_av_one_full  first flex_column_div av-zero-column-padding  column-top-margin'     ><section  class='av_textblock_section av-jkuul0eg-11-5823459e7482ed9e7a138330cc5cdd93 '  ><div class='avia_textblock' ><h3>Wie wichtig ist Ablenkung?<\/h3>\n<p>Erwachsene sind manchmal irritiert, wenn trauernde Kinder pl\u00f6tzlich in Lachen ausbrechen oder fr\u00f6hlich spielen. Dabei ist dies durchaus ein Zeichen guter Krisenbew\u00e4ltigung, denn Erholungsphasen sind notwendig, sie <strong>f\u00f6rdern die Verarbeitung<\/strong>. Vermitteln Sie Ihren Kindern die <strong>Selbstsicherheit<\/strong>, dass es keine falschen Gef\u00fchle gibt. Vieles spricht daf\u00fcr, dass gerade das Abwechseln zwischen positiven und negativen Emotionen eine wichtige Rolle im normalen Prozess der <strong>Selbstkontrolle<\/strong> spielt.<\/p>\n<p>Die Kita ist ein Ort zum Wohlf\u00fchlen; das hilft Kindern ganz besonders beim Verarbeiten. Im <strong>vertieften Spielen<\/strong> vergessen sie alles andere. Wie positiv sich ein Situations- und Ortwechsel auswirkt, wei\u00df man auch aus der Trauma-Therapie. Freudige Erlebnisse, Lachen und Gl\u00fccksmomente entlasten nicht nur momentan, sondern lindern nachhaltig. Bei Angstst\u00f6rungen ist nachgewiesen, dass intensive Ablenkungen <strong>heilsam wirken<\/strong>.<\/p>\n<\/div><\/section><\/div>\n\n<style type=\"text\/css\" data-created_by=\"avia_inline_auto\" id=\"style-css-av-jlnt0i5o-9-42a62e82f03df71b1ddd0c9e16d99102\">\n.flex_column.av-jlnt0i5o-9-42a62e82f03df71b1ddd0c9e16d99102{\nborder-radius:0px 0px 0px 0px;\npadding:10px 10px 10px 10px;\nbackground-color:#fee3e2;\n}\n<\/style>\n<div  class='flex_column av-jlnt0i5o-9-42a62e82f03df71b1ddd0c9e16d99102 av_one_full  avia-builder-el-32  el_after_av_one_full  el_before_av_one_full  first flex_column_div  column-top-margin'     ><style type=\"text\/css\" data-created_by=\"avia_inline_auto\" id=\"style-css-av-jkuvcso3-8-16e2287ff4e87f40b78d4a98a65596f7\">\n#top .av_textblock_section.av-jkuvcso3-8-16e2287ff4e87f40b78d4a98a65596f7 .avia_textblock{\nfont-size:22px;\n}\n<\/style>\n<section  class='av_textblock_section av-jkuvcso3-8-16e2287ff4e87f40b78d4a98a65596f7 '  ><div class='avia_textblock' ><p><strong>Wichtig:<\/strong> Entspannung tut gut, aber nicht jede Entspannungs\u00fcbung. Denn dabei kann es passieren, dass schlimme Ereignisse in Gedanken wieder hochkommen. Wenn Sie vermuten, ein Kind k\u00f6nnte traumatisiert sein, verzichten Sie auf Entspannungs\u00fcbungen. Besser geeignet sind anregende kreative Impulse oder Aktivit\u00e4ten mit viel Bewegung.<\/p>\n<\/div><\/section><\/div>\n\n<style type=\"text\/css\" data-created_by=\"avia_inline_auto\" id=\"style-css-av-hh5al-7-3d8f67f3fe030a9a9db8010470dfdf23\">\n.flex_column.av-hh5al-7-3d8f67f3fe030a9a9db8010470dfdf23{\nborder-radius:0px 0px 0px 0px;\npadding:0px 0px 0px 0px;\n}\n<\/style>\n<div  class='flex_column av-hh5al-7-3d8f67f3fe030a9a9db8010470dfdf23 av_one_full  avia-builder-el-34  el_after_av_one_full  el_before_av_hr  first flex_column_div av-zero-column-padding  column-top-margin'     ><section  class='av_textblock_section av-jkuul0eg-6-7f2a98cea3a9725b2e43602d2c271bc8 '  ><div class='avia_textblock' >\n<style type=\"text\/css\" data-created_by=\"avia_inline_auto\" id=\"style-css-av-7c7r8-10-afc5bb837a887c59d7da48cd514444a1\">\n#top .hr.hr-invisible.av-7c7r8-10-afc5bb837a887c59d7da48cd514444a1{\nheight:20px;\n}\n<\/style>\n<div  class='hr av-7c7r8-10-afc5bb837a887c59d7da48cd514444a1 hr-invisible  avia-builder-el-36  avia-builder-el-no-sibling '><span class='hr-inner '><span class=\"hr-inner-style\"><\/span><\/span><\/div>\n<h2 id=\"4\" class=\"position\">So st\u00e4rken Sie die Resilienz von Kindern<\/h2>\n<p>Kinder haben selbstheilende Mechanismen zur Krisenverarbeitung, die eine dauerhafte Fixierung verhindern. Die Resilienz, die nat\u00fcrliche Widerstandskraft, entwickelt sich bei Kleinkindern durch <strong>positive Verst\u00e4rkungen ihres Selbstvertrauens<\/strong>. Jedes Kleinkind hat ein weites Spektrum an Ausdr\u00fccken f\u00fcr Lebendigkeit und braucht die Resonanz seiner Bezugspersonen. Wesentlich wichtig f\u00fcr ein gesundes Selbstvertrauen ist das Gef\u00fchl, ehrlich akzeptiert und gemocht zu sein.<\/p>\n<p>Stabile Beziehungen wirken nicht nur heilend, sondern <strong>schon im Vorfeld sch\u00fctzend<\/strong>. Ob sich eine Belastung traumatisch auswirkt, h\u00e4ngt nicht nur von den \u00e4u\u00dferen Umst\u00e4nden, sondern entscheidend auch vom inneren Erleben ab. Die Resilienzforschung zeigt, dass die psychosozialen Vorbedingungen f\u00fcr die F\u00e4higkeit zur Bew\u00e4ltigung eine entscheidende Rolle spielen. Ein Kind, das sich <strong>in seinem Wesen beachtet<\/strong> und <strong>selbstwirksam<\/strong> erlebt, ist besser gewappnet.<\/p>\n<p>Diesen sch\u00fctzenden <strong>Raum f\u00fcr stabile Beziehungen<\/strong> schafft auch die Kita. Kinder, die in starken personalen Bindungen aufwachsen, entwickeln fr\u00fch Selbstvertrauen und emotionale Bew\u00e4ltigungsmuster, auf die sie sich im Notfall st\u00fctzen k\u00f6nnen. Sie sind in ihrem gesamten Leben resistenter gegen\u00fcber psychischen Belastungen und entfalten deutlich st\u00e4rkere Selbstheilungskr\u00e4fte.<\/p>\n<\/div><\/section><\/div>\n\n<style type=\"text\/css\" data-created_by=\"avia_inline_auto\" id=\"style-css-av-jkuvdh82-e046385b234beb5bafd3aef55f34bef8\">\n#top .hr.av-jkuvdh82-e046385b234beb5bafd3aef55f34bef8{\nmargin-top:10px;\nmargin-bottom:10px;\n}\n.hr.av-jkuvdh82-e046385b234beb5bafd3aef55f34bef8 .hr-inner{\nwidth:500;\n}\n<\/style>\n<div  class='hr av-jkuvdh82-e046385b234beb5bafd3aef55f34bef8 hr-custom  avia-builder-el-37  el_after_av_one_full  el_before_av_one_full  hr-left hr-icon-no'><span class='hr-inner inner-border-av-border-none'><span class=\"hr-inner-style\"><\/span><\/span><\/div>\n\n<style type=\"text\/css\" data-created_by=\"avia_inline_auto\" id=\"style-css-av-jley1l06-be8863a15e87d33f314fbd4b76b14014\">\n.flex_column.av-jley1l06-be8863a15e87d33f314fbd4b76b14014{\nborder-radius:0px 0px 0px 0px;\npadding:10px 10px 10px 10px;\nbackground-color:#f2f2f2;\n}\n<\/style>\n<div  class='flex_column av-jley1l06-be8863a15e87d33f314fbd4b76b14014 av_one_full  avia-builder-el-38  el_after_av_hr  el_before_av_one_full  first flex_column_div  '     ><section  class='av_textblock_section av-jkuvcso3-5-f388d786cfa4a8e164049f5e9f2f3676 '  ><div class='avia_textblock' ><p class=\"fussnoten-quellen\"><strong>Lesestoff:<\/strong><\/p>\n<p class=\"fussnoten-quellen\">Der Parit\u00e4tische Gesamtverband (Hrsg.): Orientierungshilfe f\u00fcr Tr\u00e4ger von Kindertageseinrichtungen in Zeiten der Corona-Pandemie. Berlin, 2020. <a href=\"https:\/\/www.paritaetischer.de\/fileadmin\/Aktuelles\/Corona\/Erlasse\/Tageseinrichtungen_fuer_Kinder\/200421_orientierungshilfe-kitas-corona.pdf\" target=\"_blank\" rel=\"noopener\">https:\/\/www.paritaetischer.de\/fileadmin\/Aktuelles\/Corona\/Erlasse\/Tageseinrichtungen_fuer_Kinder\/200421_orientierungshilfe-kitas-corona.pdf<\/a><\/p>\n<p class=\"fussnoten-quellen\">Gerald H\u00fcther: Biologie der Angst. Wie aus Stress Gef\u00fchle werden. G\u00f6ttingen: Vandenhoeck &amp; Ruprecht 2012.<\/p>\n<p class=\"fussnoten-quellen\">Deutsches Jugendinstitut e. V.: Abschlussbericht der Corona-KiTa-Studie. 2022. <a href=\"https:\/\/www.dji.de\/veroeffentlichungen\/aktuelles\/news\/article\/abschlussbericht-der-corona-kita-studie-liegt-vor.html\">https:\/\/www.dji.de\/veroeffentlichungen\/aktuelles\/news\/article\/abschlussbericht-der-corona-kita-studie-liegt-vor.html\u00a0<\/a><\/p>\n<p class=\"fussnoten-quellen\">Rosmarie Welter-Enderlin, Bruno Hildenbrand (Hrsg.): Resilienz \u2013 Gedeihen trotz widriger Umst\u00e4nde. Heidelberg: Carl-Auer 2012.<\/p>\n<p><strong>Bilderb\u00fccher zum Thema Corona: <\/strong><\/p>\n<p class=\"fussnoten-quellen\">Susanne Bohne: Wilma Wochenwurm erkl\u00e4rt: Virus &amp; Co. Eine Lerngeschichte f\u00fcr Kinder in Kita und Grundschule. BoD 2020.<\/p>\n<p class=\"fussnoten-quellen\">Ursula Leitl: Die Corona-H\u00e4schen. Corona-Krise verstehen. Eine Geschichte f\u00fcr Kindergartenkinder. Hamburg: tredition 2020.<\/p>\n<\/div><\/section><\/div>\n\n<style type=\"text\/css\" data-created_by=\"avia_inline_auto\" id=\"style-css-av-jley1l06-3-490c7273fee37db88c2c38a3ee351cd3\">\n.flex_column.av-jley1l06-3-490c7273fee37db88c2c38a3ee351cd3{\nborder-radius:0px 0px 0px 0px;\npadding:10px 10px 10px 10px;\n}\n<\/style>\n<div  class='flex_column av-jley1l06-3-490c7273fee37db88c2c38a3ee351cd3 av_one_full  avia-builder-el-40  el_after_av_one_full  el_before_av_one_full  first flex_column_div  column-top-margin'     ><section  class='av_textblock_section av-jkuvcso3-2-cbd4d9c288de27dd9621fd868dc63f32 '  ><div class='avia_textblock' ><p class=\"copyright\"><strong>\u00a9 Copyright \u2013 Urheberrechtshinweis<\/strong><br \/>\nAlle Inhalte auf www.backwinkel.de sowie www.backwinkel.de\/blog, insbesondere Texte, Fotografien und Grafiken, sind urheberrechtlich gesch\u00fctzt.<br \/>\nDas Urheberrecht liegt, soweit nicht ausdr\u00fccklich anders gekennzeichnet, bei der BACKWINKEL GmbH. Bitte fragen Sie uns, falls Sie die Inhalte dieses Internetangebotes verwenden m\u00f6chten.<br \/>\nWer gegen das Urheberrecht verst\u00f6\u00dft (z. B. Bilder oder Texte unerlaubt kopiert), macht sich gem. \u00a7\u00a7 106 ff UrhG strafbar, wird zudem kostenpflichtig abgemahnt und muss Schadensersatz leisten (\u00a7 97 UrhG).<\/p>\n<\/div><\/section><\/div>\n\n<style type=\"text\/css\" data-created_by=\"avia_inline_auto\" id=\"style-css-av-1p82t-b0e9719fe6c67aa5c6d1abf813961e55\">\n.flex_column.av-1p82t-b0e9719fe6c67aa5c6d1abf813961e55{\nborder-radius:0px 0px 0px 0px;\npadding:0px 0px 0px 0px;\n}\n<\/style>\n<div  class='flex_column av-1p82t-b0e9719fe6c67aa5c6d1abf813961e55 av_one_full  avia-builder-el-42  el_after_av_one_full  avia-builder-el-last  first flex_column_div av-zero-column-padding  column-top-margin'     ><p><section  class='av_textblock_section av-jlp4hxqo-91baaad30cd61f89630d15f8561d1750 '  ><div class='avia_textblock' ><div class=\"shariff shariff-align-left shariff-widget-align-left\"><ul class=\"shariff-buttons theme-color orientation-horizontal buttonsize-medium\"><li class=\"shariff-button whatsapp shariff-nocustomcolor\" style=\"background-color:#5cbe4a\"><a href=\"https:\/\/api.whatsapp.com\/send?text=https%3A%2F%2Fwww.backwinkel.de%2Fblog%2Fcorona-krise-verarbeiten%2F%20Die%20Corona-Krise%20verarbeiten%3A\" title=\"Bei Whatsapp teilen\" aria-label=\"Bei Whatsapp teilen\" role=\"button\" rel=\"noopener nofollow\" class=\"shariff-link\" style=\"; background-color:#34af23; color:#fff\" target=\"_blank\"><span class=\"shariff-icon\" style=\"\"><svg width=\"32px\" height=\"20px\" xmlns=\"http:\/\/www.w3.org\/2000\/svg\" viewBox=\"0 0 32 32\"><path fill=\"#34af23\" d=\"M17.6 17.4q0.2 0 1.7 0.8t1.6 0.9q0 0.1 0 0.3 0 0.6-0.3 1.4-0.3 0.7-1.3 1.2t-1.8 0.5q-1 0-3.4-1.1-1.7-0.8-3-2.1t-2.6-3.3q-1.3-1.9-1.3-3.5v-0.1q0.1-1.6 1.3-2.8 0.4-0.4 0.9-0.4 0.1 0 0.3 0t0.3 0q0.3 0 0.5 0.1t0.3 0.5q0.1 0.4 0.6 1.6t0.4 1.3q0 0.4-0.6 1t-0.6 0.8q0 0.1 0.1 0.3 0.6 1.3 1.8 2.4 1 0.9 2.7 1.8 0.2 0.1 0.4 0.1 0.3 0 1-0.9t0.9-0.9zM14 26.9q2.3 0 4.3-0.9t3.6-2.4 2.4-3.6 0.9-4.3-0.9-4.3-2.4-3.6-3.6-2.4-4.3-0.9-4.3 0.9-3.6 2.4-2.4 3.6-0.9 4.3q0 3.6 2.1 6.6l-1.4 4.2 4.3-1.4q2.8 1.9 6.2 1.9zM14 2.2q2.7 0 5.2 1.1t4.3 2.9 2.9 4.3 1.1 5.2-1.1 5.2-2.9 4.3-4.3 2.9-5.2 1.1q-3.5 0-6.5-1.7l-7.4 2.4 2.4-7.2q-1.9-3.2-1.9-6.9 0-2.7 1.1-5.2t2.9-4.3 4.3-2.9 5.2-1.1z\"\/><\/svg><\/span><span class=\"shariff-text\">teilen<\/span>&nbsp;<\/a><\/li><li class=\"shariff-button facebook shariff-nocustomcolor\" style=\"background-color:#4273c8\"><a href=\"https:\/\/www.facebook.com\/sharer\/sharer.php?u=https%3A%2F%2Fwww.backwinkel.de%2Fblog%2Fcorona-krise-verarbeiten%2F\" title=\"Bei Facebook teilen\" aria-label=\"Bei Facebook teilen\" role=\"button\" rel=\"nofollow\" class=\"shariff-link\" style=\"; background-color:#3b5998; color:#fff\" target=\"_blank\"><span class=\"shariff-icon\" style=\"\"><svg width=\"32px\" height=\"20px\" xmlns=\"http:\/\/www.w3.org\/2000\/svg\" viewBox=\"0 0 18 32\"><path fill=\"#3b5998\" d=\"M17.1 0.2v4.7h-2.8q-1.5 0-2.1 0.6t-0.5 1.9v3.4h5.2l-0.7 5.3h-4.5v13.6h-5.5v-13.6h-4.5v-5.3h4.5v-3.9q0-3.3 1.9-5.2t5-1.8q2.6 0 4.1 0.2z\"\/><\/svg><\/span><span class=\"shariff-text\">teilen<\/span>&nbsp;<\/a><\/li><li class=\"shariff-button twitter shariff-nocustomcolor\" style=\"background-color:#595959\"><a href=\"https:\/\/twitter.com\/share?url=https%3A%2F%2Fwww.backwinkel.de%2Fblog%2Fcorona-krise-verarbeiten%2F&text=Die%20Corona-Krise%20verarbeiten%3A\" title=\"Bei X teilen\" aria-label=\"Bei X teilen\" role=\"button\" rel=\"noopener nofollow\" class=\"shariff-link\" style=\"; background-color:#000; color:#fff\" target=\"_blank\"><span class=\"shariff-icon\" style=\"\"><svg width=\"32px\" height=\"20px\" xmlns=\"http:\/\/www.w3.org\/2000\/svg\" viewBox=\"0 0 24 24\"><path fill=\"#000\" d=\"M14.258 10.152L23.176 0h-2.113l-7.747 8.813L7.133 0H0l9.352 13.328L0 23.973h2.113l8.176-9.309 6.531 9.309h7.133zm-2.895 3.293l-.949-1.328L2.875 1.56h3.246l6.086 8.523.945 1.328 7.91 11.078h-3.246zm0 0\"\/><\/svg><\/span><span class=\"shariff-text\">teilen<\/span>&nbsp;<\/a><\/li><li class=\"shariff-button pinterest shariff-nocustomcolor\" style=\"background-color:#e70f18\"><a href=\"https:\/\/www.pinterest.com\/pin\/create\/link\/?url=https%3A%2F%2Fwww.backwinkel.de%2Fblog%2Fcorona-krise-verarbeiten%2F&media=https%3A%2F%2Fwww.backwinkel.de%2Fblog%2Fwp-content%2Fuploads%2F2021%2F01%2Fbackwinkel-blog-corona-krise-verarbeiten-kiga-heroimage.jpg&description=Die%20Corona-Krise%20verarbeiten%3A\" title=\"Bei Pinterest pinnen\" aria-label=\"Bei Pinterest pinnen\" role=\"button\" rel=\"noopener nofollow\" class=\"shariff-link\" style=\"; background-color:#cb2027; color:#fff\" target=\"_blank\"><span class=\"shariff-icon\" style=\"\"><svg width=\"32px\" height=\"20px\" xmlns=\"http:\/\/www.w3.org\/2000\/svg\" viewBox=\"0 0 27 32\"><path fill=\"#cb2027\" d=\"M27.4 16q0 3.7-1.8 6.9t-5 5-6.9 1.9q-2 0-3.9-0.6 1.1-1.7 1.4-2.9 0.2-0.6 1-3.8 0.4 0.7 1.3 1.2t2 0.5q2.1 0 3.8-1.2t2.7-3.4 0.9-4.8q0-2-1.1-3.8t-3.1-2.9-4.5-1.2q-1.9 0-3.5 0.5t-2.8 1.4-2 2-1.2 2.3-0.4 2.4q0 1.9 0.7 3.3t2.1 2q0.5 0.2 0.7-0.4 0-0.1 0.1-0.5t0.2-0.5q0.1-0.4-0.2-0.8-0.9-1.1-0.9-2.7 0-2.7 1.9-4.6t4.9-2q2.7 0 4.2 1.5t1.5 3.8q0 3-1.2 5.2t-3.1 2.1q-1.1 0-1.7-0.8t-0.4-1.9q0.1-0.6 0.5-1.7t0.5-1.8 0.2-1.4q0-0.9-0.5-1.5t-1.4-0.6q-1.1 0-1.9 1t-0.8 2.6q0 1.3 0.4 2.2l-1.8 7.5q-0.3 1.2-0.2 3.2-3.7-1.6-6-5t-2.3-7.6q0-3.7 1.9-6.9t5-5 6.9-1.9 6.9 1.9 5 5 1.8 6.9z\"\/><\/svg><\/span><span class=\"shariff-text\">merken<\/span>&nbsp;<\/a><\/li><li class=\"shariff-button mailto shariff-nocustomcolor\" style=\"background-color:#a8a8a8\"><a href=\"mailto:?body=https%3A%2F%2Fwww.backwinkel.de%2Fblog%2Fcorona-krise-verarbeiten%2F&subject=Die%20Corona-Krise%20verarbeiten%3A\" title=\"Per E-Mail versenden\" aria-label=\"Per E-Mail versenden\" role=\"button\" rel=\"noopener nofollow\" class=\"shariff-link\" style=\"; background-color:#999; color:#fff\"><span class=\"shariff-icon\" style=\"\"><svg width=\"32px\" height=\"20px\" xmlns=\"http:\/\/www.w3.org\/2000\/svg\" viewBox=\"0 0 32 32\"><path fill=\"#999\" d=\"M32 12.7v14.2q0 1.2-0.8 2t-2 0.9h-26.3q-1.2 0-2-0.9t-0.8-2v-14.2q0.8 0.9 1.8 1.6 6.5 4.4 8.9 6.1 1 0.8 1.6 1.2t1.7 0.9 2 0.4h0.1q0.9 0 2-0.4t1.7-0.9 1.6-1.2q3-2.2 8.9-6.1 1-0.7 1.8-1.6zM32 7.4q0 1.4-0.9 2.7t-2.2 2.2q-6.7 4.7-8.4 5.8-0.2 0.1-0.7 0.5t-1 0.7-0.9 0.6-1.1 0.5-0.9 0.2h-0.1q-0.4 0-0.9-0.2t-1.1-0.5-0.9-0.6-1-0.7-0.7-0.5q-1.6-1.1-4.7-3.2t-3.6-2.6q-1.1-0.7-2.1-2t-1-2.5q0-1.4 0.7-2.3t2.1-0.9h26.3q1.2 0 2 0.8t0.9 2z\"\/><\/svg><\/span><span class=\"shariff-text\">E-Mail<\/span>&nbsp;<\/a><\/li><\/ul><\/div>\n<\/div><\/section><br \/>\n<div  class='tabcontainer av-jlq8shhr-b676e11701d9718d755b04dc68ac4c10 top_tab  avia-builder-el-44  el_after_av_textblock  el_before_av_hr '>\n<section class='av_tab_section av_tab_section av-4w8jsn-17d4c89754803ac141d68451b8b1d1a6' ><div id='tab-id-1-tab' class='tab active_tab' role='tab' aria-selected=\"true\" tabindex=\"0\" data-fake-id='#tab-id-1' aria-controls='tab-id-1-content' >Das BACKWINKEL-Blog-Team:<\/div><div id='tab-id-1-content' class='tab_content active_tab_content' role='tabpanel' aria-labelledby='tab-id-1-tab' aria-hidden=\"false\"><div class='tab_inner_content invers-color' ><p><img decoding=\"async\" class=\"wp-image-1768 alignleft\" title=\"BACKWINKEL-Blog \u2013 Das Team\" src=\"https:\/\/blog.backwinkel.de\/wp-content\/uploads\/2018\/10\/backwinkel-blog-autorenbox-intern_preview-300x198.jpg\" alt=\"\" width=\"300\" height=\"198\" \/>Gibts auch ein Gesicht hinter dem BACKWINKEL-Blog? Ja. Vier ?. Drei davon sogar mit Foto.<\/p>\n<p><span style=\"font-style: inherit !important; font-weight: inherit !important;\">Wir \u2013 Lukas, Tatjana, Stefan und Christine \u2013 bespielen unseren Blog unter dem Motto LACHEN LESEN LERNEN. <\/span><\/p>\n<p><span style=\"font-style: inherit !important; font-weight: inherit !important;\">Lukas kennt sich online so gut aus wie in seiner Westentasche und findet immer spannende Themen, w\u00e4hrend Stefan unseren Beitr\u00e4gen den passenden gestalterischen Rahmen gibt und Tatjana mit dem gr\u00fcnen Korrekturstift alles pr\u00fcfend be\u00e4ugt, was unsere Autorin Christine (und gern auch Gastautoren) f\u00fcr den BACKWINKEL-Blog nach ordentlicher Recherche schreibt.<\/span><\/p>\n<p>Gemeinsam suchen wir st\u00e4ndig nach neuen, aufregenden Themen rund um das Thema Bildung im Kiga, der Schule und zu Hause. Und weil Sie da an der Quelle sitzen, freuen wir uns auf Ihre konstruktiven R\u00fcckmeldungen und Anregungen an <a href=\"mailto:blog@backwinkel.de\">blog@backwinkel.de<\/a><\/p>\n<p>Viel Spa\u00df beim LACHEN LESEN LERNEN!<\/p>\n<\/div><\/div><\/section>\n<\/div><br \/>\n\n<style type=\"text\/css\" data-created_by=\"avia_inline_auto\" id=\"style-css-av-jkuvdh82-4-6046945053f627a2d96600ef67303e9c\">\n#top .hr.av-jkuvdh82-4-6046945053f627a2d96600ef67303e9c{\nmargin-top:10px;\nmargin-bottom:10px;\n}\n.hr.av-jkuvdh82-4-6046945053f627a2d96600ef67303e9c .hr-inner{\nwidth:500;\n}\n<\/style>\n<div  class='hr av-jkuvdh82-4-6046945053f627a2d96600ef67303e9c hr-custom  avia-builder-el-45  el_after_av_tab_container  el_before_av_heading  hr-left hr-icon-no'><span class='hr-inner inner-border-av-border-thin'><span class=\"hr-inner-style\"><\/span><\/span><\/div><br \/>\n\n<style type=\"text\/css\" data-created_by=\"avia_inline_auto\" id=\"style-css-av-2kvx4l-26cf26738d77db581bfabf51b88b95c5\">\n#top .av-special-heading.av-2kvx4l-26cf26738d77db581bfabf51b88b95c5{\npadding-bottom:10px;\n}\nbody .av-special-heading.av-2kvx4l-26cf26738d77db581bfabf51b88b95c5 .av-special-heading-tag .heading-char{\nfont-size:25px;\n}\n.av-special-heading.av-2kvx4l-26cf26738d77db581bfabf51b88b95c5 .av-subheading{\nfont-size:15px;\n}\n<\/style>\n<div  class='av-special-heading av-2kvx4l-26cf26738d77db581bfabf51b88b95c5 av-special-heading-h3 blockquote modern-quote  avia-builder-el-46  el_after_av_hr  el_before_av_blog '><h3 class='av-special-heading-tag '  >PASSENDE BEITR\u00c4GE<\/h3><div class=\"special-heading-border\"><div class=\"special-heading-inner-border\"><\/div><\/div><\/div><br \/>\n<div  data-slideshow-options=\"{&quot;animation&quot;:&quot;fade&quot;,&quot;autoplay&quot;:false,&quot;loop_autoplay&quot;:&quot;once&quot;,&quot;interval&quot;:5,&quot;loop_manual&quot;:&quot;manual-endless&quot;,&quot;autoplay_stopper&quot;:false,&quot;noNavigation&quot;:false,&quot;show_slide_delay&quot;:90}\" class='avia-content-slider avia-content-grid-active avia-content-slider1 avia-content-slider-odd  avia-builder-el-47  el_after_av_heading  avia-builder-el-last  av-slideshow-ui av-control-default   av-no-slider-navigation av-slideshow-manual av-loop-once av-loop-manual-endless ' ><div class=\"avia-content-slider-inner\"><div class=\"slide-entry-wrap\"><article class='slide-entry flex_column  post-entry post-entry-18633 slide-entry-overview slide-loop-1 slide-parity-odd  av_one_third first real-thumbnail posttype-post post-format-standard' ><a href='https:\/\/www.backwinkel.de\/blog\/plastik-recyceln\/' data-rel='slide-1' class='slide-image' title='Plastik recyceln'><img decoding=\"async\" fetchpriority=\"high\" width=\"1200\" height=\"628\" src=\"https:\/\/www.backwinkel.de\/blog\/wp-content\/uploads\/2026\/04\/04_Kiga_Plastik_nachhaltig_nutzen.jpg\" class=\"wp-image-18713 avia-img-lazy-loading-not-18713 attachment-no scaling size-no scaling wp-post-image\" alt=\"\" \/><\/a><div class=\"slide-content\"><header class=\"entry-content-header\" aria-label=\"Slide: Plastik recyceln\"><h3 class='slide-entry-title entry-title ' ><a href='https:\/\/www.backwinkel.de\/blog\/plastik-recyceln\/' title='Plastik recyceln'>Plastik recyceln<\/a><\/h3><span class=\"blog-categories minor-meta\"><a href=\"https:\/\/www.backwinkel.de\/blog\/category\/kindergarten-kita\/\" rel=\"tag\">Kindergarten<\/a> <\/span><span class=\"av-vertical-delimiter\"><\/span><\/header><div class='slide-entry-excerpt entry-content' >Biokunststoff f\u00fcr St\u00fchle, Materialboxen, Spielzeug und Rucks\u00e4cke<\/div><\/div><footer class=\"entry-footer\"><div class=\"slide-meta\"><time class='slide-meta-time updated' >14. April 2026<\/time><\/div><\/footer><\/article><article class='slide-entry flex_column  post-entry post-entry-18716 slide-entry-overview slide-loop-2 slide-parity-even  av_one_third  real-thumbnail posttype-post post-format-standard' ><a href='https:\/\/www.backwinkel.de\/blog\/rechnen-im-anfangsunterricht\/' data-rel='slide-1' class='slide-image' title='Rechnen im Anfangsunterricht'><img decoding=\"async\" fetchpriority=\"high\" width=\"1200\" height=\"628\" src=\"https:\/\/www.backwinkel.de\/blog\/wp-content\/uploads\/2026\/04\/04_Schule_Rechnen_anfangsunterricht.jpg\" class=\"wp-image-18748 avia-img-lazy-loading-not-18748 attachment-no scaling size-no scaling wp-post-image\" alt=\"\" \/><\/a><div class=\"slide-content\"><header class=\"entry-content-header\" aria-label=\"Slide: Rechnen im Anfangsunterricht\"><h3 class='slide-entry-title entry-title ' ><a href='https:\/\/www.backwinkel.de\/blog\/rechnen-im-anfangsunterricht\/' title='Rechnen im Anfangsunterricht'>Rechnen im Anfangsunterricht<\/a><\/h3><span class=\"blog-categories minor-meta\"><a href=\"https:\/\/www.backwinkel.de\/blog\/category\/schule-grundschule\/\" rel=\"tag\">Schule<\/a> <\/span><span class=\"av-vertical-delimiter\"><\/span><\/header><div class='slide-entry-excerpt entry-content' >Das Klassenzimmer als Lernlandschaft<\/div><\/div><footer class=\"entry-footer\"><div class=\"slide-meta\"><time class='slide-meta-time updated' >14. April 2026<\/time><\/div><\/footer><\/article><article class='slide-entry flex_column  post-entry post-entry-18372 slide-entry-overview slide-loop-3 slide-parity-odd  post-entry-last  av_one_third  real-thumbnail posttype-post post-format-standard' ><a href='https:\/\/www.backwinkel.de\/blog\/kranke-kinder-im-kindergarten\/' data-rel='slide-1' class='slide-image' title='Kranke Kinder im Kindergarten'><img decoding=\"async\" fetchpriority=\"high\" width=\"1200\" height=\"628\" src=\"https:\/\/www.backwinkel.de\/blog\/wp-content\/uploads\/2026\/03\/03_Kiga_Kranke_Kinder.jpg\" class=\"wp-image-18451 avia-img-lazy-loading-not-18451 attachment-no scaling size-no scaling wp-post-image\" alt=\"Thema: Kranke Kinder. Auf dem Bild ist ein krankes kleines M\u00e4dchen zu sehen. Eine Frau mit einem Fieberthermometer in der Hand sitzt neben ihr und hat die Hand auf der Stirn des M\u00e4dchens.\" \/><\/a><div class=\"slide-content\"><header class=\"entry-content-header\" aria-label=\"Slide: Kranke Kinder im Kindergarten\"><h3 class='slide-entry-title entry-title ' ><a href='https:\/\/www.backwinkel.de\/blog\/kranke-kinder-im-kindergarten\/' title='Kranke Kinder im Kindergarten'>Kranke Kinder im Kindergarten<\/a><\/h3><span class=\"blog-categories minor-meta\"><a href=\"https:\/\/www.backwinkel.de\/blog\/category\/kindergarten-kita\/\" rel=\"tag\">Kindergarten<\/a> <\/span><span class=\"av-vertical-delimiter\"><\/span><\/header><div class='slide-entry-excerpt entry-content' >Auswirkungen f\u00fcr Kinder, Eltern und Fachkr\u00e4fte<\/div><\/div><footer class=\"entry-footer\"><div class=\"slide-meta\"><time class='slide-meta-time updated' >9. M\u00e4rz 2026<\/time><\/div><\/footer><\/article><\/div><\/div><\/div><\/p><\/div>\n","protected":false},"excerpt":{"rendered":"<p>Psychosomatische Perspektiven f\u00fcr die Kita<\/p>\n","protected":false},"author":3,"featured_media":6160,"comment_status":"closed","ping_status":"closed","sticky":false,"template":"","format":"standard","meta":{"inline_featured_image":false,"footnotes":""},"categories":[5],"tags":[],"class_list":["post-6159","post","type-post","status-publish","format-standard","has-post-thumbnail","hentry","category-kindergarten-kita"],"yoast_head":"<!-- This site is optimized with the Yoast SEO plugin v27.4 - https:\/\/yoast.com\/product\/yoast-seo-wordpress\/ -->\n<title>Die Corona-Krise verarbeiten \u00bb Psychosomatische Perspektiven f\u00fcr die Kita | BACKWINKEL Blog<\/title>\n<meta name=\"description\" content=\"Corona hat das Leben der Kinder ver\u00e4ndert. Lesen Sie, wie Sie mehr Balance in den Kita-Alltag bringen und Ihren Kindern helfen, das Erlebte zu verarbeiten. \u2713\" \/>\n<meta name=\"robots\" content=\"index, follow, max-snippet:-1, max-image-preview:large, max-video-preview:-1\" \/>\n<link rel=\"canonical\" href=\"https:\/\/www.backwinkel.de\/blog\/corona-krise-verarbeiten\/\" \/>\n<meta property=\"og:locale\" content=\"de_DE\" \/>\n<meta property=\"og:type\" content=\"article\" \/>\n<meta property=\"og:title\" content=\"Die Corona-Krise verarbeiten \u00bb Psychosomatische Perspektiven f\u00fcr die Kita | BACKWINKEL Blog\" \/>\n<meta property=\"og:description\" content=\"Corona hat das Leben der Kinder ver\u00e4ndert. Lesen Sie, wie Sie mehr Balance in den Kita-Alltag bringen und Ihren Kindern helfen, das Erlebte zu verarbeiten. \u2713\" \/>\n<meta property=\"og:url\" content=\"https:\/\/www.backwinkel.de\/blog\/corona-krise-verarbeiten\/\" \/>\n<meta property=\"og:site_name\" content=\"BACKWINKEL Blog\" \/>\n<meta property=\"article:published_time\" content=\"2021-02-01T08:10:49+00:00\" \/>\n<meta property=\"article:modified_time\" content=\"2026-04-22T13:11:38+00:00\" \/>\n<meta property=\"og:image\" content=\"https:\/\/www.backwinkel.de\/blog\/wp-content\/uploads\/2021\/01\/backwinkel-blog-corona-krise-verarbeiten-kiga-heroimage.jpg\" \/>\n\t<meta property=\"og:image:width\" content=\"1200\" \/>\n\t<meta property=\"og:image:height\" content=\"628\" \/>\n\t<meta property=\"og:image:type\" content=\"image\/jpeg\" \/>\n<meta name=\"author\" content=\"BACKWINKEL\" \/>\n<meta name=\"twitter:card\" content=\"summary_large_image\" \/>\n<meta name=\"twitter:label1\" content=\"Verfasst von\" \/>\n\t<meta name=\"twitter:data1\" content=\"BACKWINKEL\" \/>\n\t<meta name=\"twitter:label2\" content=\"Gesch\u00e4tzte Lesezeit\" \/>\n\t<meta name=\"twitter:data2\" content=\"14\u00a0Minuten\" \/>\n<script type=\"application\/ld+json\" class=\"yoast-schema-graph\">{\"@context\":\"https:\\\/\\\/schema.org\",\"@graph\":[{\"@type\":\"Article\",\"@id\":\"https:\\\/\\\/www.backwinkel.de\\\/blog\\\/corona-krise-verarbeiten\\\/#article\",\"isPartOf\":{\"@id\":\"https:\\\/\\\/www.backwinkel.de\\\/blog\\\/corona-krise-verarbeiten\\\/\"},\"author\":{\"name\":\"BACKWINKEL\",\"@id\":\"https:\\\/\\\/www.backwinkel.de\\\/blog\\\/#\\\/schema\\\/person\\\/3d64575316540d25f7866264a4b7cd24\"},\"headline\":\"Die Corona-Krise verarbeiten:\",\"datePublished\":\"2021-02-01T08:10:49+00:00\",\"dateModified\":\"2026-04-22T13:11:38+00:00\",\"mainEntityOfPage\":{\"@id\":\"https:\\\/\\\/www.backwinkel.de\\\/blog\\\/corona-krise-verarbeiten\\\/\"},\"wordCount\":5210,\"image\":{\"@id\":\"https:\\\/\\\/www.backwinkel.de\\\/blog\\\/corona-krise-verarbeiten\\\/#primaryimage\"},\"thumbnailUrl\":\"https:\\\/\\\/www.backwinkel.de\\\/blog\\\/wp-content\\\/uploads\\\/2021\\\/01\\\/backwinkel-blog-corona-krise-verarbeiten-kiga-heroimage.jpg\",\"articleSection\":[\"Kindergarten\"],\"inLanguage\":\"de\"},{\"@type\":\"WebPage\",\"@id\":\"https:\\\/\\\/www.backwinkel.de\\\/blog\\\/corona-krise-verarbeiten\\\/\",\"url\":\"https:\\\/\\\/www.backwinkel.de\\\/blog\\\/corona-krise-verarbeiten\\\/\",\"name\":\"Die Corona-Krise verarbeiten \u00bb Psychosomatische Perspektiven f\u00fcr die Kita | BACKWINKEL Blog\",\"isPartOf\":{\"@id\":\"https:\\\/\\\/www.backwinkel.de\\\/blog\\\/#website\"},\"primaryImageOfPage\":{\"@id\":\"https:\\\/\\\/www.backwinkel.de\\\/blog\\\/corona-krise-verarbeiten\\\/#primaryimage\"},\"image\":{\"@id\":\"https:\\\/\\\/www.backwinkel.de\\\/blog\\\/corona-krise-verarbeiten\\\/#primaryimage\"},\"thumbnailUrl\":\"https:\\\/\\\/www.backwinkel.de\\\/blog\\\/wp-content\\\/uploads\\\/2021\\\/01\\\/backwinkel-blog-corona-krise-verarbeiten-kiga-heroimage.jpg\",\"datePublished\":\"2021-02-01T08:10:49+00:00\",\"dateModified\":\"2026-04-22T13:11:38+00:00\",\"author\":{\"@id\":\"https:\\\/\\\/www.backwinkel.de\\\/blog\\\/#\\\/schema\\\/person\\\/3d64575316540d25f7866264a4b7cd24\"},\"description\":\"Corona hat das Leben der Kinder ver\u00e4ndert. Lesen Sie, wie Sie mehr Balance in den Kita-Alltag bringen und Ihren Kindern helfen, das Erlebte zu verarbeiten. \u2713\",\"breadcrumb\":{\"@id\":\"https:\\\/\\\/www.backwinkel.de\\\/blog\\\/corona-krise-verarbeiten\\\/#breadcrumb\"},\"inLanguage\":\"de\",\"potentialAction\":[{\"@type\":\"ReadAction\",\"target\":[\"https:\\\/\\\/www.backwinkel.de\\\/blog\\\/corona-krise-verarbeiten\\\/\"]}]},{\"@type\":\"ImageObject\",\"inLanguage\":\"de\",\"@id\":\"https:\\\/\\\/www.backwinkel.de\\\/blog\\\/corona-krise-verarbeiten\\\/#primaryimage\",\"url\":\"https:\\\/\\\/www.backwinkel.de\\\/blog\\\/wp-content\\\/uploads\\\/2021\\\/01\\\/backwinkel-blog-corona-krise-verarbeiten-kiga-heroimage.jpg\",\"contentUrl\":\"https:\\\/\\\/www.backwinkel.de\\\/blog\\\/wp-content\\\/uploads\\\/2021\\\/01\\\/backwinkel-blog-corona-krise-verarbeiten-kiga-heroimage.jpg\",\"width\":1200,\"height\":628},{\"@type\":\"BreadcrumbList\",\"@id\":\"https:\\\/\\\/www.backwinkel.de\\\/blog\\\/corona-krise-verarbeiten\\\/#breadcrumb\",\"itemListElement\":[{\"@type\":\"ListItem\",\"position\":1,\"name\":\"Startseite\",\"item\":\"https:\\\/\\\/blog.backwinkel.de\\\/aktuelles\\\/\"},{\"@type\":\"ListItem\",\"position\":2,\"name\":\"Die Corona-Krise verarbeiten:\"}]},{\"@type\":\"WebSite\",\"@id\":\"https:\\\/\\\/www.backwinkel.de\\\/blog\\\/#website\",\"url\":\"https:\\\/\\\/www.backwinkel.de\\\/blog\\\/\",\"name\":\"BACKWINKEL Blog\",\"description\":\"f\u00fcr Lehrer, Erzieher und Eltern\",\"potentialAction\":[{\"@type\":\"SearchAction\",\"target\":{\"@type\":\"EntryPoint\",\"urlTemplate\":\"https:\\\/\\\/www.backwinkel.de\\\/blog\\\/?s={search_term_string}\"},\"query-input\":{\"@type\":\"PropertyValueSpecification\",\"valueRequired\":true,\"valueName\":\"search_term_string\"}}],\"inLanguage\":\"de\"},{\"@type\":\"Person\",\"@id\":\"https:\\\/\\\/www.backwinkel.de\\\/blog\\\/#\\\/schema\\\/person\\\/3d64575316540d25f7866264a4b7cd24\",\"name\":\"BACKWINKEL\",\"sameAs\":[\"http:\\\/\\\/www.backwinkel.de\"],\"url\":\"https:\\\/\\\/www.backwinkel.de\\\/blog\\\/author\\\/backwinkel\\\/\"}]}<\/script>\n<!-- \/ Yoast SEO plugin. -->","yoast_head_json":{"title":"Die Corona-Krise verarbeiten \u00bb Psychosomatische Perspektiven f\u00fcr die Kita | BACKWINKEL Blog","description":"Corona hat das Leben der Kinder ver\u00e4ndert. Lesen Sie, wie Sie mehr Balance in den Kita-Alltag bringen und Ihren Kindern helfen, das Erlebte zu verarbeiten. \u2713","robots":{"index":"index","follow":"follow","max-snippet":"max-snippet:-1","max-image-preview":"max-image-preview:large","max-video-preview":"max-video-preview:-1"},"canonical":"https:\/\/www.backwinkel.de\/blog\/corona-krise-verarbeiten\/","og_locale":"de_DE","og_type":"article","og_title":"Die Corona-Krise verarbeiten \u00bb Psychosomatische Perspektiven f\u00fcr die Kita | BACKWINKEL Blog","og_description":"Corona hat das Leben der Kinder ver\u00e4ndert. Lesen Sie, wie Sie mehr Balance in den Kita-Alltag bringen und Ihren Kindern helfen, das Erlebte zu verarbeiten. \u2713","og_url":"https:\/\/www.backwinkel.de\/blog\/corona-krise-verarbeiten\/","og_site_name":"BACKWINKEL Blog","article_published_time":"2021-02-01T08:10:49+00:00","article_modified_time":"2026-04-22T13:11:38+00:00","og_image":[{"width":1200,"height":628,"url":"https:\/\/www.backwinkel.de\/blog\/wp-content\/uploads\/2021\/01\/backwinkel-blog-corona-krise-verarbeiten-kiga-heroimage.jpg","type":"image\/jpeg"}],"author":"BACKWINKEL","twitter_card":"summary_large_image","twitter_misc":{"Verfasst von":"BACKWINKEL","Gesch\u00e4tzte Lesezeit":"14\u00a0Minuten"},"schema":{"@context":"https:\/\/schema.org","@graph":[{"@type":"Article","@id":"https:\/\/www.backwinkel.de\/blog\/corona-krise-verarbeiten\/#article","isPartOf":{"@id":"https:\/\/www.backwinkel.de\/blog\/corona-krise-verarbeiten\/"},"author":{"name":"BACKWINKEL","@id":"https:\/\/www.backwinkel.de\/blog\/#\/schema\/person\/3d64575316540d25f7866264a4b7cd24"},"headline":"Die Corona-Krise verarbeiten:","datePublished":"2021-02-01T08:10:49+00:00","dateModified":"2026-04-22T13:11:38+00:00","mainEntityOfPage":{"@id":"https:\/\/www.backwinkel.de\/blog\/corona-krise-verarbeiten\/"},"wordCount":5210,"image":{"@id":"https:\/\/www.backwinkel.de\/blog\/corona-krise-verarbeiten\/#primaryimage"},"thumbnailUrl":"https:\/\/www.backwinkel.de\/blog\/wp-content\/uploads\/2021\/01\/backwinkel-blog-corona-krise-verarbeiten-kiga-heroimage.jpg","articleSection":["Kindergarten"],"inLanguage":"de"},{"@type":"WebPage","@id":"https:\/\/www.backwinkel.de\/blog\/corona-krise-verarbeiten\/","url":"https:\/\/www.backwinkel.de\/blog\/corona-krise-verarbeiten\/","name":"Die Corona-Krise verarbeiten \u00bb Psychosomatische Perspektiven f\u00fcr die Kita | BACKWINKEL Blog","isPartOf":{"@id":"https:\/\/www.backwinkel.de\/blog\/#website"},"primaryImageOfPage":{"@id":"https:\/\/www.backwinkel.de\/blog\/corona-krise-verarbeiten\/#primaryimage"},"image":{"@id":"https:\/\/www.backwinkel.de\/blog\/corona-krise-verarbeiten\/#primaryimage"},"thumbnailUrl":"https:\/\/www.backwinkel.de\/blog\/wp-content\/uploads\/2021\/01\/backwinkel-blog-corona-krise-verarbeiten-kiga-heroimage.jpg","datePublished":"2021-02-01T08:10:49+00:00","dateModified":"2026-04-22T13:11:38+00:00","author":{"@id":"https:\/\/www.backwinkel.de\/blog\/#\/schema\/person\/3d64575316540d25f7866264a4b7cd24"},"description":"Corona hat das Leben der Kinder ver\u00e4ndert. Lesen Sie, wie Sie mehr Balance in den Kita-Alltag bringen und Ihren Kindern helfen, das Erlebte zu verarbeiten. \u2713","breadcrumb":{"@id":"https:\/\/www.backwinkel.de\/blog\/corona-krise-verarbeiten\/#breadcrumb"},"inLanguage":"de","potentialAction":[{"@type":"ReadAction","target":["https:\/\/www.backwinkel.de\/blog\/corona-krise-verarbeiten\/"]}]},{"@type":"ImageObject","inLanguage":"de","@id":"https:\/\/www.backwinkel.de\/blog\/corona-krise-verarbeiten\/#primaryimage","url":"https:\/\/www.backwinkel.de\/blog\/wp-content\/uploads\/2021\/01\/backwinkel-blog-corona-krise-verarbeiten-kiga-heroimage.jpg","contentUrl":"https:\/\/www.backwinkel.de\/blog\/wp-content\/uploads\/2021\/01\/backwinkel-blog-corona-krise-verarbeiten-kiga-heroimage.jpg","width":1200,"height":628},{"@type":"BreadcrumbList","@id":"https:\/\/www.backwinkel.de\/blog\/corona-krise-verarbeiten\/#breadcrumb","itemListElement":[{"@type":"ListItem","position":1,"name":"Startseite","item":"https:\/\/blog.backwinkel.de\/aktuelles\/"},{"@type":"ListItem","position":2,"name":"Die Corona-Krise verarbeiten:"}]},{"@type":"WebSite","@id":"https:\/\/www.backwinkel.de\/blog\/#website","url":"https:\/\/www.backwinkel.de\/blog\/","name":"BACKWINKEL Blog","description":"f\u00fcr Lehrer, Erzieher und Eltern","potentialAction":[{"@type":"SearchAction","target":{"@type":"EntryPoint","urlTemplate":"https:\/\/www.backwinkel.de\/blog\/?s={search_term_string}"},"query-input":{"@type":"PropertyValueSpecification","valueRequired":true,"valueName":"search_term_string"}}],"inLanguage":"de"},{"@type":"Person","@id":"https:\/\/www.backwinkel.de\/blog\/#\/schema\/person\/3d64575316540d25f7866264a4b7cd24","name":"BACKWINKEL","sameAs":["http:\/\/www.backwinkel.de"],"url":"https:\/\/www.backwinkel.de\/blog\/author\/backwinkel\/"}]}},"_links":{"self":[{"href":"https:\/\/www.backwinkel.de\/blog\/wp-json\/wp\/v2\/posts\/6159","targetHints":{"allow":["GET"]}}],"collection":[{"href":"https:\/\/www.backwinkel.de\/blog\/wp-json\/wp\/v2\/posts"}],"about":[{"href":"https:\/\/www.backwinkel.de\/blog\/wp-json\/wp\/v2\/types\/post"}],"author":[{"embeddable":true,"href":"https:\/\/www.backwinkel.de\/blog\/wp-json\/wp\/v2\/users\/3"}],"replies":[{"embeddable":true,"href":"https:\/\/www.backwinkel.de\/blog\/wp-json\/wp\/v2\/comments?post=6159"}],"version-history":[{"count":4,"href":"https:\/\/www.backwinkel.de\/blog\/wp-json\/wp\/v2\/posts\/6159\/revisions"}],"predecessor-version":[{"id":18925,"href":"https:\/\/www.backwinkel.de\/blog\/wp-json\/wp\/v2\/posts\/6159\/revisions\/18925"}],"wp:featuredmedia":[{"embeddable":true,"href":"https:\/\/www.backwinkel.de\/blog\/wp-json\/wp\/v2\/media\/6160"}],"wp:attachment":[{"href":"https:\/\/www.backwinkel.de\/blog\/wp-json\/wp\/v2\/media?parent=6159"}],"wp:term":[{"taxonomy":"category","embeddable":true,"href":"https:\/\/www.backwinkel.de\/blog\/wp-json\/wp\/v2\/categories?post=6159"},{"taxonomy":"post_tag","embeddable":true,"href":"https:\/\/www.backwinkel.de\/blog\/wp-json\/wp\/v2\/tags?post=6159"}],"curies":[{"name":"wp","href":"https:\/\/api.w.org\/{rel}","templated":true}]}}