{"id":5360,"date":"2020-11-09T09:13:30","date_gmt":"2020-11-09T08:13:30","guid":{"rendered":"https:\/\/blog.backwinkel.de\/?p=5360"},"modified":"2026-04-22T11:58:15","modified_gmt":"2026-04-22T09:58:15","slug":"elternsprechtag-grundschule","status":"publish","type":"post","link":"https:\/\/www.backwinkel.de\/blog\/elternsprechtag-grundschule\/","title":{"rendered":"Elternsprechtag in der Grundschule:"},"content":{"rendered":"\n<style type=\"text\/css\" data-created_by=\"avia_inline_auto\" id=\"style-css-av-8vdv8-f7e0dae999cc49bc529a70f67b346526\">\n.flex_column.av-8vdv8-f7e0dae999cc49bc529a70f67b346526{\nborder-radius:0px 0px 0px 0px;\npadding:0px 0px 0px 0px;\n}\n<\/style>\n<div  class='flex_column av-8vdv8-f7e0dae999cc49bc529a70f67b346526 av_one_full  avia-builder-el-0  el_before_av_three_fifth  avia-builder-el-first  first flex_column_div av-zero-column-padding  '     ><p>\n<style type=\"text\/css\" data-created_by=\"avia_inline_auto\" id=\"style-css-av-jl6mo8rj-605eccf9df0dce9c3ffb6a57636da99d\">\n#top .hr.hr-invisible.av-jl6mo8rj-605eccf9df0dce9c3ffb6a57636da99d{\nmargin-top:0px;\nheight:1px;\n}\n<\/style>\n<div  class='hr av-jl6mo8rj-605eccf9df0dce9c3ffb6a57636da99d hr-invisible  avia-builder-el-1  el_before_av_heading  avia-builder-el-first '><span class='hr-inner '><span class=\"hr-inner-style\"><\/span><\/span><\/div><br \/>\n\n<style type=\"text\/css\" data-created_by=\"avia_inline_auto\" id=\"style-css-av-2ttgao-acac9b4ee4b984ab20816ed09c7c978c\">\n#top .av-special-heading.av-2ttgao-acac9b4ee4b984ab20816ed09c7c978c{\npadding-bottom:10px;\n}\nbody .av-special-heading.av-2ttgao-acac9b4ee4b984ab20816ed09c7c978c .av-special-heading-tag .heading-char{\nfont-size:25px;\n}\n.av-special-heading.av-2ttgao-acac9b4ee4b984ab20816ed09c7c978c .av-subheading{\nfont-size:15px;\n}\n<\/style>\n<div  class='av-special-heading av-2ttgao-acac9b4ee4b984ab20816ed09c7c978c av-special-heading-h1 blockquote modern-quote  avia-builder-el-2  el_after_av_hr  el_before_av_post_metadata  av-linked-heading'><h1 class='av-special-heading-tag '  >Elternsprechtag in der Grundschule: Wie Sie erfolgreiche Elterngespr\u00e4che f\u00fchren<\/h1><div class='av-subheading av-subheading_below'><p class=\"autorenname\">Christine Hagemann<\/p>\n<\/div><div class=\"special-heading-border\"><div class=\"special-heading-inner-border\"><\/div><\/div><\/div><br \/>\n\n<style type=\"text\/css\" data-created_by=\"avia_inline_auto\" id=\"style-css-av-6is6ts-d0662bb6938f70f433e68a2e7fc8976e\">\n#top .av-post-metadata-container.av-6is6ts-d0662bb6938f70f433e68a2e7fc8976e{\nfont-size:12px;\n}\n#top .av-post-metadata-container.av-6is6ts-d0662bb6938f70f433e68a2e7fc8976e .av-post-metadata-container-inner{\nfont-size:12px;\n}\n<\/style>\n<div  class='av-post-metadata-container av-6is6ts-d0662bb6938f70f433e68a2e7fc8976e av-metadata-container-align-left  avia-builder-el-3  el_after_av_heading  el_before_av_textblock  av-metadata-container-1'><div class='av-post-metadata-container-inner'><span class=\"av-post-metadata-content av-post-metadata-meta-content\"><span class=\"av-post-metadata-content av-post-metadata-modified\"><span class=\"av-metadata-before av-metadata-before-modified\">Aktualisiert:<\/span><span class=\"av-post-metadata-modified-date\" >22. April 2026<\/span><\/span><span class=\"av-post-metadata-content av-post-metadata-separator\">\/<\/span><span class=\"av-post-metadata-content av-post-metadata-modified\"><span class=\"av-metadata-before av-metadata-before-modified\">Zuletzt aktualisiert:<\/span><span class=\"av-post-metadata-modified-date\" >22. April 2026<\/span><\/span><\/span><\/div><\/div><br \/>\n\n<style type=\"text\/css\" data-created_by=\"avia_inline_auto\" id=\"style-css-av-jkuubohz-8fca5ffce642cf8e1fbd093c1d421e49\">\n#top .av_textblock_section.av-jkuubohz-8fca5ffce642cf8e1fbd093c1d421e49 .avia_textblock{\nfont-size:20px;\n}\n<\/style>\n<section  class='av_textblock_section av-jkuubohz-8fca5ffce642cf8e1fbd093c1d421e49 '  ><div class='avia_textblock' ><p class=\"einleitungstext-beitrag\">Immer mehr Grundschulen gestalten Elternsprechzeiten flexibel. Ob Sprechstunde oder Elternsprechtag \u2013 gute Vorbereitung hilft Lehrern, produktive Elterngespr\u00e4che zu f\u00fchren.<\/p>\n<\/div><\/section><br \/>\n\n<style type=\"text\/css\" data-created_by=\"avia_inline_auto\" id=\"style-css-av-jkuuo5h6-da250002e352715f324f3dd74c849974\">\n.avia-image-container.av-jkuuo5h6-da250002e352715f324f3dd74c849974 img.avia_image{\nbox-shadow:none;\n}\n.avia-image-container.av-jkuuo5h6-da250002e352715f324f3dd74c849974 .av-image-caption-overlay-center{\ncolor:#ffffff;\n}\n<\/style>\n<div  class='avia-image-container av-jkuuo5h6-da250002e352715f324f3dd74c849974 av-styling- avia-align-center  avia-builder-el-5  el_after_av_textblock  el_before_av_hr '  ><div class=\"avia-image-container-inner\"><div class=\"avia-image-overlay-wrap\"><img decoding=\"async\" fetchpriority=\"high\" class='wp-image-5365 avia-img-lazy-loading-not-5365 avia_image ' src=\"https:\/\/www.backwinkel.de\/blog\/wp-content\/uploads\/2020\/10\/backwinkel-blog-schule-elternsprechtag-schule-heroimage.jpg\" alt='' title='backwinkel-blog-schule-elternsprechtag-schule-heroimage'  height=\"628\" width=\"1200\"  \/><\/div><\/div><\/div><br \/>\n\n<style type=\"text\/css\" data-created_by=\"avia_inline_auto\" id=\"style-css-av-jl6mo8rj-24-7aba1d1875a26eba9cfa3d8e54bf73c0\">\n#top .hr.hr-invisible.av-jl6mo8rj-24-7aba1d1875a26eba9cfa3d8e54bf73c0{\nheight:5px;\n}\n<\/style>\n<div  class='hr av-jl6mo8rj-24-7aba1d1875a26eba9cfa3d8e54bf73c0 hr-invisible  avia-builder-el-6  el_after_av_image  el_before_av_textblock '><span class='hr-inner '><span class=\"hr-inner-style\"><\/span><\/span><\/div><br \/>\n\n<style type=\"text\/css\" data-created_by=\"avia_inline_auto\" id=\"style-css-av-jl7ql86y-e80384d8b1750d8be134ad53f89ab6ea\">\n#top .av_textblock_section.av-jl7ql86y-e80384d8b1750d8be134ad53f89ab6ea .avia_textblock{\nfont-size:10px;\n}\n<\/style>\n<section  class='av_textblock_section av-jl7ql86y-e80384d8b1750d8be134ad53f89ab6ea '  ><div class='avia_textblock' ><p class=\"bildnennung-beitrag\" style=\"text-align: left;\">\u00a9 Sven Krautwald, Adobestock.com<\/p>\n<\/div><\/section><br \/>\n\n<style type=\"text\/css\" data-created_by=\"avia_inline_auto\" id=\"style-css-av-jl6mo8rj-22-55e69d2f0baff7f6df8e7187bf59f7bb\">\n#top .hr.hr-invisible.av-jl6mo8rj-22-55e69d2f0baff7f6df8e7187bf59f7bb{\nheight:20px;\n}\n<\/style>\n<div  class='hr av-jl6mo8rj-22-55e69d2f0baff7f6df8e7187bf59f7bb hr-invisible  avia-builder-el-8  el_after_av_textblock  el_before_av_textblock '><span class='hr-inner '><span class=\"hr-inner-style\"><\/span><\/span><\/div><br \/>\n<section  class='av_textblock_section av-jkuubohz-23-991c48727f5e29dbd8ce01cf7547aa28 '  ><div class='avia_textblock' ><p>Im Rahmen der Kooperation von Schule und Elternhaus spielen Lehrer-Eltern-Gespr\u00e4che eine zentrale Rolle. W\u00e4hrend beim klassischen Elternsprechtag die <strong>Leistungsr\u00fcckmeldung<\/strong> im Vordergrund steht, dreht sich das <strong>Lernentwicklungsgespr\u00e4ch<\/strong> st\u00e4rker um die Fortschritte des Kindes. Auch Verhaltensauff\u00e4lligkeiten oder bestimmte Anliegen der Eltern k\u00f6nnen Anlass zum Gespr\u00e4ch sein.<\/p>\n<p>Elterngespr\u00e4che bilden den Kern guter Elternarbeit, denn <strong>klare gemeinsame Absprachen<\/strong> sind ein wichtiger Faktor f\u00fcr den Lernerfolg Ihrer Sch\u00fcler. Damit das Zusammenspiel gelingt, ben\u00f6tigen Sie nicht nur fachliches Wissen, sondern auch <strong>kommunikative Kompetenzen<\/strong>. Lesen Sie im Folgenden, wie Sie sich auf den Elternsprechtag vorbereiten und erfolgreiche Gespr\u00e4che durchf\u00fchren. Tipps und Planungsbogen zum Download inklusive.<\/p>\n<\/div><\/section><\/p><\/div>\n<style type=\"text\/css\" data-created_by=\"avia_inline_auto\" id=\"style-css-av-swqf9-6bb490ea0cbb171c9d159bb967226129\">\n.flex_column.av-swqf9-6bb490ea0cbb171c9d159bb967226129{\nborder-radius:0px 0px 0px 0px;\npadding:20px 20px 20px 20px;\nbackground-color:#f2f2f2;\n}\n<\/style>\n<div  class='flex_column av-swqf9-6bb490ea0cbb171c9d159bb967226129 av_three_fifth  avia-builder-el-10  el_after_av_one_full  el_before_av_two_fifth  first flex_column_div  column-top-margin'     ><style type=\"text\/css\" data-created_by=\"avia_inline_auto\" id=\"style-css-av-jkuua5r2-daaff240cdb64ff49178ef768245fa1b\">\n#top .av_textblock_section.av-jkuua5r2-daaff240cdb64ff49178ef768245fa1b .avia_textblock{\nfont-size:14px;\n}\n<\/style>\n<section  class='av_textblock_section av-jkuua5r2-daaff240cdb64ff49178ef768245fa1b '  ><div class='avia_textblock' ><p><strong>Inhalt<\/strong><\/p>\n<p><strong><a href=\"#1\">1. Darum ist der Elternsprechtag f\u00fcr Lehrkr\u00e4fte eine Herausforderung <\/a><\/strong><\/p>\n<p><strong><a href=\"#2\">2. So bereiten Sie Elterngespr\u00e4che optimal vor <\/a><\/strong><br \/>\n2.1 Wann finden die Lernentwicklungsgespr\u00e4che statt?<br \/>\n2.2 Wie plane ich ein Elterngespr\u00e4ch?<br \/>\n2.3 Wie kann ich die Eltern einbeziehen?<br \/>\n2.4 Soll das Kind am Gespr\u00e4ch teilnehmen?<\/p>\n<p><strong><a href=\"#3\">3. Was Sie im Lehrer-Eltern-Gespr\u00e4ch beachten sollten<\/a><\/strong><br \/>\n3.1 Wie beginne ich das Gespr\u00e4ch?<br \/>\n3.2 Wie reagiere ich auf Vorw\u00fcrfe?<br \/>\n3.3 Welche Vereinbarungen sind sinnvoll?<br \/>\n3.4 11 Tipps f\u00fcr erfolgreiche Elterngespr\u00e4che<\/p>\n<p><strong><a href=\"#4\">4. Der n\u00e4chste Elternsprechtag kommt bestimmt<\/a><\/strong><\/p>\n<\/div><\/section><\/div><\/p>\n\n<style type=\"text\/css\" data-created_by=\"avia_inline_auto\" id=\"style-css-av-2532d-6e1ea05e25305745634c0a02c87dc827\">\n.flex_column.av-2532d-6e1ea05e25305745634c0a02c87dc827{\nborder-radius:0px 0px 0px 0px;\npadding:0 0 0 0;\n}\n<\/style>\n<div  class='flex_column av-2532d-6e1ea05e25305745634c0a02c87dc827 av_two_fifth  avia-builder-el-12  el_after_av_three_fifth  el_before_av_sidebar  flex_column_div av-zero-column-padding  column-top-margin'     ><\/div>\n<div  class='avia-builder-widget-area clearfix  avia-builder-el-13  el_after_av_two_fifth  el_before_av_one_full '><div id=\"text-34\" class=\"widget clearfix widget_text\">\t\t\t<div class=\"textwidget\"><p><a href=\"https:\/\/www.backwinkel.de\/nachhaltig-denken\/\" target=\"\\_blank\" rel=\"noopener\"><br \/>\n<img decoding=\"async\" class=\"werbung-desktop alignnone wp-image-4186 size-full\" src=\"https:\/\/www.backwinkel.de\/blog\/wp-content\/uploads\/2026\/04\/Backwinkel-blog-werbebanner-shop-schule_desktop.jpg\" alt=\"\" width=\"1251\" height=\"201\" \/><br \/>\n<\/a><br \/>\n<a href=\"https:\/\/www.backwinkel.de\/nachhaltig-denken\/\" target=\"\\_blank\" rel=\"noopener\"><br \/>\n<img decoding=\"async\" class=\"werbung-mobile alignnone wp-image-4187 size-full\" src=\"https:\/\/www.backwinkel.de\/blog\/wp-content\/uploads\/2026\/04\/Backwinkel-blog-werbebanner-shop-schule_mobile.jpg\" alt=\"\" width=\"550\" height=\"500\" \/><br \/>\n<\/a><\/p>\n<\/div>\n\t\t<\/div><\/div>\n\n<style type=\"text\/css\" data-created_by=\"avia_inline_auto\" id=\"style-css-av-hh5al-9c53459d093ff912fcc98cf97e19d753\">\n.flex_column.av-hh5al-9c53459d093ff912fcc98cf97e19d753{\nborder-radius:0px 0px 0px 0px;\npadding:0px 0px 0px 0px;\n}\n<\/style>\n<div  class='flex_column av-hh5al-9c53459d093ff912fcc98cf97e19d753 av_one_full  avia-builder-el-14  el_after_av_sidebar  el_before_av_one_full  first flex_column_div av-zero-column-padding  '     ><section  class='av_textblock_section av-jkuul0eg-6af03d92853d10c708f30d0d80e1e285 '  ><div class='avia_textblock' >\n<style type=\"text\/css\" data-created_by=\"avia_inline_auto\" id=\"style-css-av-7c7r8-1ad3209b7b9ea9c60cc97e362d76ea5e\">\n#top .hr.hr-invisible.av-7c7r8-1ad3209b7b9ea9c60cc97e362d76ea5e{\nheight:20px;\n}\n<\/style>\n<div  class='hr av-7c7r8-1ad3209b7b9ea9c60cc97e362d76ea5e hr-invisible  avia-builder-el-16  avia-builder-el-no-sibling '><span class='hr-inner '><span class=\"hr-inner-style\"><\/span><\/span><\/div>\n<h2 id=\"1\" class=\"position\">Darum ist der Elternsprechtag f\u00fcr Lehrkr\u00e4fte eine Herausforderung<\/h2>\n<p>Die Ank\u00fcndigung des Elternsprechtags l\u00f6st noch immer gemischte Gef\u00fchle aus. Ganz ehrlich, auf diesen Tag freut sich niemand. Nicht die Lehrer, weil ihnen zig Elterngespr\u00e4che am Flie\u00dfband bevorstehen. Nicht die Eltern, bei denen sich das schlechte Gewissen meldet, weil sie sich aus Zeitmangel kaum um die Hausaufgaben k\u00fcmmern konnten. Auch nicht das Kind, weil es das Gespr\u00e4chsthema ist und dem Ausgang mit mulmigem Gef\u00fchl entgegensieht.<\/p>\n<p>Aber das \u00e4ndert sich, wenn Lehrer und Eltern die Kooperation als sinnvoll erleben. Im Rahmen der Bildungs- und Erziehungspartnerschaft von Schule und Eltern dient der Elternsprechtag dem <strong>gegenseitigen Austausch<\/strong> zum Wohl des Kindes. Elterngespr\u00e4che in der Schule erfordern Ihre professionelle Sorgfalt und oftmals viel Feingef\u00fchl. Ob der Dialog ein <strong>Gewinn f\u00fcr alle Beteiligten<\/strong> wird, h\u00e4ngt ma\u00dfgeblich von Ihrer Gespr\u00e4chsf\u00fchrung ab.<\/p>\n<\/div><\/section><\/div>\n\n<style type=\"text\/css\" data-created_by=\"avia_inline_auto\" id=\"style-css-av-hh5al-21-2481791bc5f8912a600c61e6f8c44f00\">\n.flex_column.av-hh5al-21-2481791bc5f8912a600c61e6f8c44f00{\nborder-radius:0px 0px 0px 0px;\npadding:0px 0px 0px 0px;\n}\n<\/style>\n<div  class='flex_column av-hh5al-21-2481791bc5f8912a600c61e6f8c44f00 av_one_full  avia-builder-el-17  el_after_av_one_full  el_before_av_one_full  first flex_column_div av-zero-column-padding  column-top-margin'     ><section  class='av_textblock_section av-jkuul0eg-20-9635fb26df48210a2c9fc15867d90e9f '  ><div class='avia_textblock' >\n<style type=\"text\/css\" data-created_by=\"avia_inline_auto\" id=\"style-css-av-7c7r8-19-ea659dc06affb0734fa617e22634cc6f\">\n#top .hr.hr-invisible.av-7c7r8-19-ea659dc06affb0734fa617e22634cc6f{\nheight:20px;\n}\n<\/style>\n<div  class='hr av-7c7r8-19-ea659dc06affb0734fa617e22634cc6f hr-invisible  avia-builder-el-19  el_before_av_button  avia-builder-el-first '><span class='hr-inner '><span class=\"hr-inner-style\"><\/span><\/span><\/div>\n<h2 id=\"2\" class=\"position\">So bereiten Sie Elterngespr\u00e4che optimal vor<\/h2>\n<p>In den meisten Grundschulen erhalten die Kinder der Klassenstufen 1 und 2 am Schuljahresende schriftliche <strong>Lernentwicklungsberichte<\/strong>, in den Klassen 3 und 4 bekommen die Kinder <strong>Zeugnisse mit Noten<\/strong>. Zus\u00e4tzlich finden regelm\u00e4\u00dfige Lernentwicklungsgespr\u00e4che statt. Diese Gespr\u00e4che stellen das Kind sowie seine fachlichen und \u00fcberfachlichen Kompetenzen in den Mittelpunkt.<\/p>\n<h3>Wann finden die Lernentwicklungsgespr\u00e4che statt?<\/h3>\n<p>Gerade in der Schuleingangsphase l\u00f6sen Lernentwicklungsgespr\u00e4che den klassischen Elternsprechtag ab. Die Gespr\u00e4che finden in der Regel im Januar und Februar statt und dauern jeweils etwa 15 bis 25 Minuten. Die Klassenleitung <strong>organisiert die Elterngespr\u00e4che individuell<\/strong>. H\u00e4ufig gibt es in Klasse 4 besonderen Beratungsbedarf zur weiteren Schullaufbahn des Kindes.<\/p>\n<h3>Wie<strong> plane ich ein Elterngespr\u00e4ch? <\/strong><\/h3>\n<p>Machen Sie sich im Vorfeld ein klares Bild von den St\u00e4rken und Schw\u00e4chen des Kindes, von seiner Pers\u00f6nlichkeit und seinen schulischen Leistungen. Falls Sie mit Beobachtungsbogen arbeiten, nutzen Sie diese f\u00fcr die Vorbereitung. Auch Ihr Notizbuch oder Sch\u00fclerarbeiten dienen als Unterlagen, die Sie zum Gespr\u00e4ch mitnehmen k\u00f6nnen, um Ihre Aussagen notfalls zu belegen.<\/p>\n<p>Besser eignen sich <strong>Notizzettel<\/strong>, auf denen Sie den Leistungsstand des Kindes sowie Ihre Bemerkungen zum Lern- und Sozialverhalten festhalten. Hierbei helfen folgende Leitfragen:<\/p>\n<ul>\n<li>Welches Ziel soll das Gespr\u00e4ch haben?<\/li>\n<li>Wie sieht die Lernentwicklung des Kindes aus?<\/li>\n<li>Welche Kompetenzen sollte das Kind ausbauen?<\/li>\n<li>Besteht spezieller F\u00f6rderbedarf?<\/li>\n<li>Was erwarte ich von den Eltern?<\/li>\n<\/ul>\n<p>H\u00e4ufig ahnen Sie schon, dass ein <strong>schwieriges Gespr\u00e4ch<\/strong> ansteht, beispielsweise wenn Sie Lernschw\u00e4chen oder Verhaltensauff\u00e4lligkeiten ansprechen m\u00fcssen. Oder Sie wissen, dass ein Elternteil kontroverse p\u00e4dagogische Vorstellungen hat. Dann kommt es auf Ihr Feingef\u00fchl und gute Argumente an. Stellen Sie sich vorab folgende Fragen:<\/p>\n<ul>\n<li>Wie beginne ich das Gespr\u00e4ch?<\/li>\n<li>Welche Argumente kann ich benennen?<\/li>\n<li>Welche Einw\u00e4nde k\u00f6nnten die Eltern haben?<\/li>\n<li>Welche L\u00f6sungsm\u00f6glichkeiten sehe ich?<\/li>\n<li>Welche Vereinbarungen sind realistisch?<\/li>\n<\/ul>\n<p>Eine Checkliste hilft Ihnen bei der Vorbereitung von Elterngespr\u00e4chen. Unseren Planungsbogen k\u00f6nnen Sie auch als Gespr\u00e4chsprotokoll verwenden.<\/p>\n<p><a href=\"https:\/\/blog.backwinkel.de\/wp-content\/uploads\/2020\/10\/backwinkel-blog-schule-elternsprechtag-elterngesrpaech.jpg\"><img decoding=\"async\" class=\"alignnone wp-image-5363\" src=\"https:\/\/blog.backwinkel.de\/wp-content\/uploads\/2020\/10\/backwinkel-blog-schule-elternsprechtag-elterngesrpaech.jpg\" alt=\"\" width=\"364\" height=\"515\" \/><\/a><\/p>\n<p><div  class='avia-button-wrap av-4tu8ku-2cbea96e6f14f6456af45b8a52665c9e-wrap avia-button-left  avia-builder-el-20  el_after_av_hr  el_before_av_hr '><a href='https:\/\/www.backwinkel.de\/downloads\/backwinkel-blog-schule-elternsprechtag-planungsbogen-elterngesrpaeche.pdf'  class='avia-button av-4tu8ku-2cbea96e6f14f6456af45b8a52665c9e av-link-btn avia-icon_select-no avia-size-medium avia-position-left avia-color-theme-color'  target=\"_blank\"  rel=\"noopener noreferrer\"  aria-label=\"Planungsbogen f\u00fcr Elterngespr\u00e4che \u2013 Download\"><span class='avia_iconbox_title' >Planungsbogen f\u00fcr Elterngespr\u00e4che \u2013 Download<\/span><\/a><\/div><br \/>\n\n<style type=\"text\/css\" data-created_by=\"avia_inline_auto\" id=\"style-css-av-4w4kb4-85a45eccb8629bee796a46adfcc4f765\">\n#top .hr.hr-invisible.av-4w4kb4-85a45eccb8629bee796a46adfcc4f765{\nheight:50px;\n}\n<\/style>\n<div  class='hr av-4w4kb4-85a45eccb8629bee796a46adfcc4f765 hr-invisible  avia-builder-el-21  el_after_av_button  el_before_av_button '><span class='hr-inner '><span class=\"hr-inner-style\"><\/span><\/span><\/div><\/p>\n<h3>Wie kann ich die Eltern einbeziehen?<\/h3>\n<p>Wenn Sie die Eltern bereits kennen, k\u00f6nnen Sie leichter einsch\u00e4tzen, welchen Erziehungsstil sie haben, ob sie sich um schulische Belange k\u00fcmmern und was sie besonders besch\u00e4ftigt. Versuchen Sie, sich in die <strong>Situation der Eltern<\/strong> hineinzuversetzen. Viele sorgen sich in der Schuleingangsphase um das Sozial- und Lernverhalten ihres Kindes, wogegen Eltern von Dritt- und Viertkl\u00e4sslern oft sehr notenorientiert denken.<\/p>\n<p>An einigen Schulen ist es \u00fcblich, dass die Erziehungsberechtigten zwei Wochen vor dem Elternsprechtag einen <strong>Elternfragebogen<\/strong> bekommen. So k\u00f6nnen sie sich besser auf das Gespr\u00e4ch vorbereiten. Und die Schule zeigt, dass sie Wert auf Kooperation mit den Eltern legt.<\/p>\n<p>Unsere Vorlage f\u00fcr den Elternbogen k\u00f6nnen Sie um fachbezogene Fragen erweitern.<\/p>\n<p><a href=\"https:\/\/blog.backwinkel.de\/wp-content\/uploads\/2020\/10\/backwinkel-blog-schule-elternsprechtag-elternbogen.jpg\" target=\"_blank\" rel=\"noopener\"><img decoding=\"async\" class=\"alignnone wp-image-5362\" src=\"https:\/\/blog.backwinkel.de\/wp-content\/uploads\/2020\/10\/backwinkel-blog-schule-elternsprechtag-elternbogen.jpg\" alt=\"\" width=\"364\" height=\"515\" \/><\/a><\/p>\n<p><div  class='avia-button-wrap av-4tu8ku-15-8715c321f3d8b7a15a742f568dbfff55-wrap avia-button-left  avia-builder-el-22  el_after_av_hr  el_before_av_hr '><a href='https:\/\/www.backwinkel.de\/downloads\/backwinkel-blog-schule-elternsprechtag-vorbereitung-lernentwicklungsgespraech.pdf'  class='avia-button av-4tu8ku-15-8715c321f3d8b7a15a742f568dbfff55 av-link-btn avia-icon_select-no avia-size-medium avia-position-left avia-color-theme-color'  target=\"_blank\"  rel=\"noopener noreferrer\"  aria-label=\"Vorbereitung f\u00fcr Lernentwicklungsgespr\u00e4che \u2013 Download\"><span class='avia_iconbox_title' >Vorbereitung f\u00fcr Lernentwicklungsgespr\u00e4che \u2013 Download<\/span><\/a><\/div><br \/>\n\n<style type=\"text\/css\" data-created_by=\"avia_inline_auto\" id=\"style-css-av-24v6c0-7f3fff92c3770b05ac09bbea70dad927\">\n#top .hr.hr-invisible.av-24v6c0-7f3fff92c3770b05ac09bbea70dad927{\nheight:50px;\n}\n<\/style>\n<div  class='hr av-24v6c0-7f3fff92c3770b05ac09bbea70dad927 hr-invisible  avia-builder-el-23  el_after_av_button  avia-builder-el-last '><span class='hr-inner '><span class=\"hr-inner-style\"><\/span><\/span><\/div><\/p>\n<h3>Soll das Kind am Gespr\u00e4ch teilnehmen?<\/h3>\n<p>Hauptziel der Bildungs- und Erziehungspartnerschaft von Eltern und Lehrern ist es, das Kind darin zu unterst\u00fctzen, zunehmend mehr <strong>Selbstverantwortung f\u00fcr seinen Lernprozess<\/strong> zu \u00fcbernehmen. Es soll lernen, eigene Ziele zu formulieren und zu verfolgen. Somit ist es nur konsequent, das Kind am Gespr\u00e4ch \u00fcber seinen Lernprozess zu beteiligen.<\/p>\n<p>Die meisten Kinder sind sp\u00e4testens ab Klasse 3 in der Lage, ihr Lernen zu reflektieren. Manchmal ist es jedoch sinnvoll, einen Teil des Gespr\u00e4chs ohne das Kind zu f\u00fchren. Keinesfalls darf eine Situation entstehen, in der das Kind nur Tadel zu h\u00f6ren bekommt. \u00dcberlegen Sie daher genau, was Sie besprechen m\u00f6chten.<\/p>\n<\/div><\/section><\/div>\n\n<style type=\"text\/css\" data-created_by=\"avia_inline_auto\" id=\"style-css-av-jlnt0i5o-9e8f91020b864531f76c8938a0322d86\">\n.flex_column.av-jlnt0i5o-9e8f91020b864531f76c8938a0322d86{\nborder-radius:0px 0px 0px 0px;\npadding:10px 10px 10px 10px;\nbackground-color:#e0f1b4;\n}\n<\/style>\n<div  class='flex_column av-jlnt0i5o-9e8f91020b864531f76c8938a0322d86 av_one_full  avia-builder-el-24  el_after_av_one_full  el_before_av_one_full  first flex_column_div  column-top-margin'     ><style type=\"text\/css\" data-created_by=\"avia_inline_auto\" id=\"style-css-av-jkuvcso3-76e3e1efd844176987a0c9201bfb226f\">\n#top .av_textblock_section.av-jkuvcso3-76e3e1efd844176987a0c9201bfb226f .avia_textblock{\nfont-size:22px;\n}\n<\/style>\n<section  class='av_textblock_section av-jkuvcso3-76e3e1efd844176987a0c9201bfb226f '  ><div class='avia_textblock' ><p><strong>Tipp:<\/strong> Wenn das Kind am Gespr\u00e4ch teilnimmt, steht seine <strong>Selbsteinsch\u00e4tzung<\/strong> im Mittelpunkt. Eltern und Lehrer sollten dann nicht in der dritten Person \u00fcber das Kind sprechen, sondern es aktiv ins Gespr\u00e4ch integrieren.<\/p>\n<\/div><\/section><\/div>\n\n<style type=\"text\/css\" data-created_by=\"avia_inline_auto\" id=\"style-css-av-hh5al-18-8d44ed9080475bc333e749da47b5d0c8\">\n.flex_column.av-hh5al-18-8d44ed9080475bc333e749da47b5d0c8{\nborder-radius:0px 0px 0px 0px;\npadding:0px 0px 0px 0px;\n}\n<\/style>\n<div  class='flex_column av-hh5al-18-8d44ed9080475bc333e749da47b5d0c8 av_one_full  avia-builder-el-26  el_after_av_one_full  el_before_av_one_full  first flex_column_div av-zero-column-padding  column-top-margin'     ><section  class='av_textblock_section av-jkuul0eg-17-3e7163a435a01b6f5ef12ed98583b0d5 '  ><div class='avia_textblock' >\n<style type=\"text\/css\" data-created_by=\"avia_inline_auto\" id=\"style-css-av-7c7r8-16-c30c4c7d83524c6c0d801deb089bba54\">\n#top .hr.hr-invisible.av-7c7r8-16-c30c4c7d83524c6c0d801deb089bba54{\nheight:20px;\n}\n<\/style>\n<div  class='hr av-7c7r8-16-c30c4c7d83524c6c0d801deb089bba54 hr-invisible  avia-builder-el-28  avia-builder-el-no-sibling '><span class='hr-inner '><span class=\"hr-inner-style\"><\/span><\/span><\/div>\n<h2 id=\"3\" class=\"position\">Was Sie im Lehrer-Eltern-Gespr\u00e4ch beachten sollten<\/h2>\n<p>Eine gute Atmosph\u00e4re ist wichtig, gerade wenn es um Problemthemen geht. Eine<strong> freundliche Begr\u00fc\u00dfung<\/strong> zeigt den Eltern, dass es Ihnen darum geht, gemeinsam eine konstruktive L\u00f6sung zu finden. Wechseln Sie zun\u00e4chst einige allgemeine Worte. Dadurch stellen Sie \u2013 bevor sich das Gespr\u00e4ch auf den Sch\u00fcler richtet \u2013<strong> einen positiven emotionalen Kontakt<\/strong> her.<\/p>\n<p><strong>Einfache Details sorgen f\u00fcr einen guten Gespr\u00e4chsrahmen: <\/strong><\/p>\n<ul>\n<li>Stellen Sie <strong>bequeme St\u00fchle<\/strong> bereit, auf denen die Eltern Platz nehmen. Sagen Sie den Eltern, wie viel Zeit f\u00fcr das Gespr\u00e4ch zur Verf\u00fcgung steht.<\/li>\n<li>Setzen Sie sich <strong>auf gleicher Augenh\u00f6he<\/strong> zu den Eltern, am besten ohne einen Tisch dazwischen. Bei Konfliktgespr\u00e4chen achten Sie jedoch darauf, dass Sie sich nicht frontal gegen\u00fcbersitzen.<\/li>\n<li>Die nonverbale K\u00f6rpersprache ist unterbewusst von gro\u00dfer Bedeutung. Nehmen Sie eine zugewandte und <strong>offene K\u00f6rperhaltung<\/strong> ein.<\/li>\n<\/ul>\n<h3>Wie beginne ich das Gespr\u00e4ch?<\/h3>\n<p>Bedanken Sie sich bei den Eltern f\u00fcr die Gespr\u00e4chsbereitschaft. Beginnen Sie immer mit der positiven Entwicklung des Kindes. Heben Sie seine St\u00e4rken hervor und betonen Sie die Lernfortschritte. Dadurch wird es leichter, problematische Punkte anzusprechen.<\/p>\n<h3>Wie gestalte ich das Elterngespr\u00e4ch?<\/h3>\n<p>Geben Sie den Eltern die Gelegenheit, ihre Sicht ausf\u00fchrlich darzustellen, und h\u00f6ren sie aufmerksam zu. Hilfreich ist, wenn Sie \u00fcber einige Grundlagen der Gespr\u00e4chsf\u00fchrung verf\u00fcgen; dazu geh\u00f6rt das <strong>aktive Zuh\u00f6ren<\/strong>. Achten Sie auf die <strong>nonverbalen Zeichen<\/strong> Ihres Gegen\u00fcbers. Lassen Sie auch Pausen zu. Dadurch k\u00f6nnen sich die Gespr\u00e4chsteilnehmer sammeln und die Gedanken ordnen.<\/p>\n<p>Beim aktiven Zuh\u00f6ren ist wichtig, dass Sie <strong>Blickkontakt<\/strong> halten und den Gespr\u00e4chspartner kurz best\u00e4tigen, etwa durch ein Kopfnicken oder verbale Best\u00e4tigung. Das hei\u00dft nicht, dass Sie inhaltlich zustimmen m\u00fcssen. Doch Ihr Gegen\u00fcber soll sich als Person respektiert und verstanden f\u00fchlen.<\/p>\n<p>Besprechen Sie gemeinsam positive Schritte der Lernentwicklung, die verst\u00e4rkt werden k\u00f6nnen. Beziehen Sie die Eltern aktiv in die <strong>L\u00f6sungssuche<\/strong> ein und erfragen Sie ihre Ideen. Was k\u00f6nnen die Eltern konkret tun, was die Lehrkr\u00e4fte? Welches Verhalten wird vom Sch\u00fcler erwartet?<\/p>\n<\/div><\/section><\/div>\n\n<style type=\"text\/css\" data-created_by=\"avia_inline_auto\" id=\"style-css-av-jlnt0i5o-13-465bac1bf87e275d9fccd2615615c4a3\">\n.flex_column.av-jlnt0i5o-13-465bac1bf87e275d9fccd2615615c4a3{\nborder-radius:0px 0px 0px 0px;\npadding:10px 10px 10px 10px;\nbackground-color:#e0f1b4;\n}\n<\/style>\n<div  class='flex_column av-jlnt0i5o-13-465bac1bf87e275d9fccd2615615c4a3 av_one_full  avia-builder-el-29  el_after_av_one_full  el_before_av_one_full  first flex_column_div  column-top-margin'     ><style type=\"text\/css\" data-created_by=\"avia_inline_auto\" id=\"style-css-av-jkuvcso3-12-c7101c3ab4c27048e58de8d5b381d34c\">\n#top .av_textblock_section.av-jkuvcso3-12-c7101c3ab4c27048e58de8d5b381d34c .avia_textblock{\nfont-size:22px;\n}\n<\/style>\n<section  class='av_textblock_section av-jkuvcso3-12-c7101c3ab4c27048e58de8d5b381d34c '  ><div class='avia_textblock' ><p><strong>Tipp:<\/strong> Belegen Sie Ihre Ausf\u00fchrungen <strong>an konkreten Beispielen<\/strong>. Schildern Sie das Verhalten des Kindes in einer bestimmten Situation. Sch\u00fclerarbeiten oder Hausaufgabenhefte verdeutlichen Lernprozesse und den aktuellen Leistungsstand des Kindes.<\/p>\n<\/div><\/section><\/div>\n\n<style type=\"text\/css\" data-created_by=\"avia_inline_auto\" id=\"style-css-av-hh5al-11-bc7508ed50e051006636c4691a817b9f\">\n.flex_column.av-hh5al-11-bc7508ed50e051006636c4691a817b9f{\nborder-radius:0px 0px 0px 0px;\npadding:0px 0px 0px 0px;\n}\n<\/style>\n<div  class='flex_column av-hh5al-11-bc7508ed50e051006636c4691a817b9f av_one_full  avia-builder-el-31  el_after_av_one_full  el_before_av_one_full  first flex_column_div av-zero-column-padding  column-top-margin'     ><section  class='av_textblock_section av-jkuul0eg-10-f992e57de7cfd1548718a9dc5680db1c '  ><div class='avia_textblock' >\n<style type=\"text\/css\" data-created_by=\"avia_inline_auto\" id=\"style-css-av-7c7r8-9-4a91baf0c72e14a18ff0ec76a938d17e\">\n#top .hr.hr-invisible.av-7c7r8-9-4a91baf0c72e14a18ff0ec76a938d17e{\nheight:20px;\n}\n<\/style>\n<div  class='hr av-7c7r8-9-4a91baf0c72e14a18ff0ec76a938d17e hr-invisible  avia-builder-el-33  avia-builder-el-no-sibling '><span class='hr-inner '><span class=\"hr-inner-style\"><\/span><\/span><\/div>\n<h3>Wie reagiere ich auf Vorw\u00fcrfe?<\/h3>\n<p>Nicht alle Lehrer-Eltern-Gespr\u00e4che verlaufen einvernehmlich. Dies ist erst einmal normal, denn Eltern kommen als F\u00fcrsprecher f\u00fcr ihre Kinder und haben selten eine neutrale Sicht. Eventuell bef\u00fcrchten sie auch, f\u00fcr eigene Vers\u00e4umnisse von Ihnen kritisiert zu werden. Zeigen Sie sich optimistisch und bereit, gemeinsam eine L\u00f6sung zu finden.<\/p>\n<p>Eltern d\u00fcrfen Sie nicht unsachlich oder gar pers\u00f6nlich angreifen. Lassen Sie sich bei Vorw\u00fcrfen nicht aus der Ruhe bringen und bleiben Sie sachlich. Wenn Sie merken, dass ein Gespr\u00e4ch abgleitet, sollten Sie <strong>deeskalierend einwirken<\/strong> und sich abgrenzen. L\u00e4sst sich der Konflikt nicht bereinigen, bieten Sie einen neuen Termin an, bei dem auch ein Kollege anwesend sein kann.<\/p>\n<h3>Welche Vereinbarungen sind sinnvoll?<\/h3>\n<p>Treffen Sie <strong>gemeinsame Absprachen<\/strong> und benennen Sie auch m\u00f6gliche Folgen, wenn die Vereinbarungen nicht eingehalten werden. Zum Abschluss des Gespr\u00e4chs fassen Sie die Ergebnisse zusammen. Betonen Sie dabei, was die Eltern und Sie selbst <strong>konkret machen<\/strong> wollen, etwa im Hinblick auf ver\u00e4ndertes Erziehungsverhalten oder F\u00f6rderma\u00dfnahmen.<\/p>\n<p>Realistisch sind <strong>zwei Vereinbarungen<\/strong>, die Sie auch schriftlich festhalten k\u00f6nnen. Bei schwierigeren Angelegenheiten empfiehlt es sich, nach dem Gespr\u00e4ch ein kurzes Protokoll zu erstellen. Dies erweist sich nicht nur f\u00fcr Folgegespr\u00e4che sinnvoll, sondern hilft Ihnen zu erkennen, inwieweit alle geplanten Themen behandelt wurden und welche <strong>neuen Informationen<\/strong> Sie erhalten haben.<\/p>\n<h3>11 Tipps f\u00fcr erfolgreiche Elterngespr\u00e4che<\/h3>\n<ol>\n<li>Machen Sie sich vorher Notizen, die Sie beim Elterngespr\u00e4ch griffbereit haben. Das strukturiert Ihre Gedanken und hilft Ihnen, entspannt in das Gespr\u00e4ch zu gehen.<\/li>\n<li>Begegnen Sie den Eltern als Partner, der ebenso wie Sie am Wohl des Kindes interessiert ist. Der respektvolle Umgang sorgt f\u00fcr ein gutes Gespr\u00e4chsklima. Und etwas Humor lockert die Stimmung.<\/li>\n<li>Zeigen Sie sich kooperativ und offen f\u00fcr die Belange der Eltern. Formulieren Sie gemeinsam das Ziel des Gespr\u00e4chs. Sprechen Sie insbesondere die Fortschritte des Kindes an.<\/li>\n<li>F\u00fchren Sie <strong>Gespr\u00e4che auf Augenh\u00f6he<\/strong>. Vermeiden Sie Belehrungen und Fachjargon; das k\u00f6nnte manche Eltern verunsichern und eine Abwehrhaltung ausl\u00f6sen.<\/li>\n<li>Beteiligen Sie die Eltern, indem Sie nachfragen, wie sie ihr Kind zu Hause erleben, wof\u00fcr es sich interessiert und welche Lernentwicklung die Eltern beobachten.<\/li>\n<li>Geben Sie den Eltern Gelegenheit, die Dinge aus ihrer Sicht zu schildern. Lassen Sie die Eltern ausreden, haben Sie Geduld und zeigen Sie sich als guter Zuh\u00f6rer.<\/li>\n<li>Behalten Sie Ihre Gespr\u00e4chsziele im Auge und achten Sie darauf, dass auch die Eltern dies tun. Schweifen Sie nicht ab und vermeiden Sie Vergleiche mit anderen Sch\u00fclern.<\/li>\n<li>Bei etwaigen Vorw\u00fcrfen reagieren Sie besonnen und bleiben Sie sachlich. Gibt es keine Einigung, sollten Sie einen weiteren Gespr\u00e4chstermin ansetzen.<\/li>\n<li>Geben Sie L\u00f6sungen nicht einfach vor, sondern erarbeiten Sie gemeinsam L\u00f6sungswege. Die Eltern sollen sich dabei aktiv einbringen.<\/li>\n<li>Am Ende des Gespr\u00e4chs fassen Sie die Ergebnisse zusammen. Formulieren Sie gemeinsam Vereinbarungen sowie konkrete Schritte zur F\u00f6rderung des Kindes.<\/li>\n<li>Zum Schluss heben Sie die positiven Aspekte des Gespr\u00e4chs hervor und sprechen die weitere gute Zusammenarbeit an.<\/li>\n<\/ol>\n<\/div><\/section><\/div>\n\n<style type=\"text\/css\" data-created_by=\"avia_inline_auto\" id=\"style-css-av-hh5al-7-3d8f67f3fe030a9a9db8010470dfdf23\">\n.flex_column.av-hh5al-7-3d8f67f3fe030a9a9db8010470dfdf23{\nborder-radius:0px 0px 0px 0px;\npadding:0px 0px 0px 0px;\n}\n<\/style>\n<div  class='flex_column av-hh5al-7-3d8f67f3fe030a9a9db8010470dfdf23 av_one_full  avia-builder-el-34  el_after_av_one_full  el_before_av_hr  first flex_column_div av-zero-column-padding  column-top-margin'     ><section  class='av_textblock_section av-jkuul0eg-6-7f2a98cea3a9725b2e43602d2c271bc8 '  ><div class='avia_textblock' >\n<style type=\"text\/css\" data-created_by=\"avia_inline_auto\" id=\"style-css-av-7c7r8-5-776767f98056fc40fa3b9fa3391e49a8\">\n#top .hr.hr-invisible.av-7c7r8-5-776767f98056fc40fa3b9fa3391e49a8{\nheight:20px;\n}\n<\/style>\n<div  class='hr av-7c7r8-5-776767f98056fc40fa3b9fa3391e49a8 hr-invisible  avia-builder-el-36  el_before_av_button  avia-builder-el-first '><span class='hr-inner '><span class=\"hr-inner-style\"><\/span><\/span><\/div>\n<h2 id=\"4\" class=\"position\">Der n\u00e4chste Elternsprechtag kommt bestimmt<\/h2>\n<p>Bleiben Sie, wenn m\u00f6glich und n\u00f6tig, mit den Eltern in Kontakt, z. B. via E-Mail. Nutzen Sie die <strong>Internetseite<\/strong> Ihrer Schule, um einen Leitfaden f\u00fcr Lernentwicklungsgespr\u00e4che sowie den Elternbogen zur Vorbereitung f\u00fcr die Eltern bereitzustellen.<\/p>\n<p>Wenn Sie im Schuljahr zwei Elternsprechtage oder <strong>mehrere Gespr\u00e4chstermine<\/strong> mit den Eltern eines Kindes haben, ist es sinnvoll, die Protokolle auf einem Blatt zu sammeln. So behalten Sie die Entwicklung des Kindes im Blick und erkennen, ob sich die getroffenen Vereinbarungen positiv auswirken, damit Sie auf den n\u00e4chsten Elternsprechtag optimal vorbereitet sind.<\/p>\n<p>Unser Protokollbogen erfasst \u00fcbergreifende Kompetenzen. Die \u00fcbrigen Zeilen k\u00f6nnen Sie f\u00fcr fachspezifische Kompetenzen nutzen.<\/p>\n<p><a href=\"https:\/\/blog.backwinkel.de\/wp-content\/uploads\/2020\/10\/backwinkel-blog-schule-elternsprechtag-protokollbogen.jpg\"><img decoding=\"async\" class=\"alignnone wp-image-5364\" src=\"https:\/\/blog.backwinkel.de\/wp-content\/uploads\/2020\/10\/backwinkel-blog-schule-elternsprechtag-protokollbogen.jpg\" alt=\"\" width=\"515\" height=\"364\" \/><\/a><\/p>\n<div  class='avia-button-wrap av-4tu8ku-14-41ccc62a4f08e3ad9d0c6e5c398aa1b6-wrap avia-button-left  avia-builder-el-37  el_after_av_hr  avia-builder-el-last '><a href='https:\/\/www.backwinkel.de\/downloads\/backwinkel-blog-schule-elterngesprechtag-protokollbogen-elterngespraeche.pdf'  class='avia-button av-4tu8ku-14-41ccc62a4f08e3ad9d0c6e5c398aa1b6 av-link-btn avia-icon_select-no avia-size-medium avia-position-left avia-color-theme-color'  target=\"_blank\"  rel=\"noopener noreferrer\"  aria-label=\"Protokollbogen f\u00fcr Elterngespr\u00e4che \u2013 Download\"><span class='avia_iconbox_title' >Protokollbogen f\u00fcr Elterngespr\u00e4che \u2013 Download<\/span><\/a><\/div>\n<\/div><\/section><\/div>\n\n<style type=\"text\/css\" data-created_by=\"avia_inline_auto\" id=\"style-css-av-jkuvdh82-e046385b234beb5bafd3aef55f34bef8\">\n#top .hr.av-jkuvdh82-e046385b234beb5bafd3aef55f34bef8{\nmargin-top:10px;\nmargin-bottom:10px;\n}\n.hr.av-jkuvdh82-e046385b234beb5bafd3aef55f34bef8 .hr-inner{\nwidth:500;\n}\n<\/style>\n<div  class='hr av-jkuvdh82-e046385b234beb5bafd3aef55f34bef8 hr-custom  avia-builder-el-38  el_after_av_one_full  el_before_av_one_full  hr-left hr-icon-no'><span class='hr-inner inner-border-av-border-none'><span class=\"hr-inner-style\"><\/span><\/span><\/div>\n\n<style type=\"text\/css\" data-created_by=\"avia_inline_auto\" id=\"style-css-av-jley1l06-be8863a15e87d33f314fbd4b76b14014\">\n.flex_column.av-jley1l06-be8863a15e87d33f314fbd4b76b14014{\nborder-radius:0px 0px 0px 0px;\npadding:10px 10px 10px 10px;\nbackground-color:#f2f2f2;\n}\n<\/style>\n<div  class='flex_column av-jley1l06-be8863a15e87d33f314fbd4b76b14014 av_one_full  avia-builder-el-39  el_after_av_hr  el_before_av_one_full  first flex_column_div  '     ><section  class='av_textblock_section av-jkuvcso3-8-11c8d844668737bc10b0bd713e87cece '  ><div class='avia_textblock' ><p class=\"fussnoten-quellen\"><strong>Zum Weiterlesen: <\/strong><\/p>\n<p class=\"fussnoten-quellen\">Tanja Betz: Das Ideal der Bildungs- und Erziehungspartnerschaft. Kritische Fragen an eine verst\u00e4rkte Zusammenarbeit zwischen Kindertageseinrichtungen, Grundschulen und Familien. Im Auftrag der Bertelsmann-Stiftung, 2015.<\/p>\n<p class=\"fussnoten-quellen\">Hans Dusolt: Elternarbeit als Erziehungspartnerschaft: Ein Leitfaden f\u00fcr den Vor- und Grundschulbereich. Weinheim: Beltz 2018.<\/p>\n<p class=\"fussnoten-quellen\">Wolfgang Ehinger, Claudius Hennig: Das Elterngespr\u00e4ch in der Schule. Von der Konfrontation zur Kooperation. Augsburg: Auer 2006.<\/p>\n<p class=\"fussnoten-quellen\">Anja Schimanke: Elternsprechtag: Wenn die Schulbank zur Anklagebank wird.<br \/>\n<a href=\"https:\/\/www.schulministerium.nrw\/elternsprechtag-wenn-die-schulbank-zur-anklagebank-wird\" target=\"_blank\" rel=\"noopener\">https:\/\/www.schulministerium.nrw\/elternsprechtag-wenn-die-schulbank-zur-anklagebank-wird<\/a><\/p>\n<p class=\"fussnoten-quellen\">Carolin Sponheuer: Elterngespr\u00e4che vorbereiten und zielorientiert f\u00fchren.<br \/>\n<a href=\"https:\/\/www.raabe.de\/magazin\/lehrerleben\/elterngespraeche-vorbereiten-und-zielorientiert-fuehren\" target=\"_blank\" rel=\"noopener\">https:\/\/www.raabe.de\/magazin\/lehrerleben\/elterngespraeche-vorbereiten-und-zielorientiert-fuehren<\/a><\/p>\n<\/div><\/section><\/div>\n\n<style type=\"text\/css\" data-created_by=\"avia_inline_auto\" id=\"style-css-av-jley1l06-3-490c7273fee37db88c2c38a3ee351cd3\">\n.flex_column.av-jley1l06-3-490c7273fee37db88c2c38a3ee351cd3{\nborder-radius:0px 0px 0px 0px;\npadding:10px 10px 10px 10px;\n}\n<\/style>\n<div  class='flex_column av-jley1l06-3-490c7273fee37db88c2c38a3ee351cd3 av_one_full  avia-builder-el-41  el_after_av_one_full  el_before_av_one_full  first flex_column_div  column-top-margin'     ><section  class='av_textblock_section av-jkuvcso3-2-cbd4d9c288de27dd9621fd868dc63f32 '  ><div class='avia_textblock' ><p class=\"copyright\"><strong>\u00a9 Copyright \u2013 Urheberrechtshinweis<\/strong><br \/>\nAlle Inhalte auf www.backwinkel.de sowie www.backwinkel.de\/blog, insbesondere Texte, Fotografien und Grafiken, sind urheberrechtlich gesch\u00fctzt.<br \/>\nDas Urheberrecht liegt, soweit nicht ausdr\u00fccklich anders gekennzeichnet, bei der BACKWINKEL GmbH. Bitte fragen Sie uns, falls Sie die Inhalte dieses Internetangebotes verwenden m\u00f6chten.<br \/>\nWer gegen das Urheberrecht verst\u00f6\u00dft (z. B. Bilder oder Texte unerlaubt kopiert), macht sich gem. \u00a7\u00a7 106 ff UrhG strafbar, wird zudem kostenpflichtig abgemahnt und muss Schadensersatz leisten (\u00a7 97 UrhG).<\/p>\n<\/div><\/section><\/div>\n\n<style type=\"text\/css\" data-created_by=\"avia_inline_auto\" id=\"style-css-av-1p82t-b0e9719fe6c67aa5c6d1abf813961e55\">\n.flex_column.av-1p82t-b0e9719fe6c67aa5c6d1abf813961e55{\nborder-radius:0px 0px 0px 0px;\npadding:0px 0px 0px 0px;\n}\n<\/style>\n<div  class='flex_column av-1p82t-b0e9719fe6c67aa5c6d1abf813961e55 av_one_full  avia-builder-el-43  el_after_av_one_full  avia-builder-el-last  first flex_column_div av-zero-column-padding  column-top-margin'     ><p><section  class='av_textblock_section av-jlp4hxqo-91baaad30cd61f89630d15f8561d1750 '  ><div class='avia_textblock' ><div class=\"shariff shariff-align-left shariff-widget-align-left\"><ul class=\"shariff-buttons theme-color orientation-horizontal buttonsize-medium\"><li class=\"shariff-button whatsapp shariff-nocustomcolor\" style=\"background-color:#5cbe4a\"><a href=\"https:\/\/api.whatsapp.com\/send?text=https%3A%2F%2Fwww.backwinkel.de%2Fblog%2Felternsprechtag-grundschule%2F%20Elternsprechtag%20in%20der%20Grundschule%3A\" title=\"Bei Whatsapp teilen\" aria-label=\"Bei Whatsapp teilen\" role=\"button\" rel=\"noopener nofollow\" class=\"shariff-link\" style=\"; background-color:#34af23; color:#fff\" target=\"_blank\"><span class=\"shariff-icon\" style=\"\"><svg width=\"32px\" height=\"20px\" xmlns=\"http:\/\/www.w3.org\/2000\/svg\" viewBox=\"0 0 32 32\"><path fill=\"#34af23\" d=\"M17.6 17.4q0.2 0 1.7 0.8t1.6 0.9q0 0.1 0 0.3 0 0.6-0.3 1.4-0.3 0.7-1.3 1.2t-1.8 0.5q-1 0-3.4-1.1-1.7-0.8-3-2.1t-2.6-3.3q-1.3-1.9-1.3-3.5v-0.1q0.1-1.6 1.3-2.8 0.4-0.4 0.9-0.4 0.1 0 0.3 0t0.3 0q0.3 0 0.5 0.1t0.3 0.5q0.1 0.4 0.6 1.6t0.4 1.3q0 0.4-0.6 1t-0.6 0.8q0 0.1 0.1 0.3 0.6 1.3 1.8 2.4 1 0.9 2.7 1.8 0.2 0.1 0.4 0.1 0.3 0 1-0.9t0.9-0.9zM14 26.9q2.3 0 4.3-0.9t3.6-2.4 2.4-3.6 0.9-4.3-0.9-4.3-2.4-3.6-3.6-2.4-4.3-0.9-4.3 0.9-3.6 2.4-2.4 3.6-0.9 4.3q0 3.6 2.1 6.6l-1.4 4.2 4.3-1.4q2.8 1.9 6.2 1.9zM14 2.2q2.7 0 5.2 1.1t4.3 2.9 2.9 4.3 1.1 5.2-1.1 5.2-2.9 4.3-4.3 2.9-5.2 1.1q-3.5 0-6.5-1.7l-7.4 2.4 2.4-7.2q-1.9-3.2-1.9-6.9 0-2.7 1.1-5.2t2.9-4.3 4.3-2.9 5.2-1.1z\"\/><\/svg><\/span><span class=\"shariff-text\">teilen<\/span>&nbsp;<\/a><\/li><li class=\"shariff-button facebook shariff-nocustomcolor\" style=\"background-color:#4273c8\"><a href=\"https:\/\/www.facebook.com\/sharer\/sharer.php?u=https%3A%2F%2Fwww.backwinkel.de%2Fblog%2Felternsprechtag-grundschule%2F\" title=\"Bei Facebook teilen\" aria-label=\"Bei Facebook teilen\" role=\"button\" rel=\"nofollow\" class=\"shariff-link\" style=\"; background-color:#3b5998; color:#fff\" target=\"_blank\"><span class=\"shariff-icon\" style=\"\"><svg width=\"32px\" height=\"20px\" xmlns=\"http:\/\/www.w3.org\/2000\/svg\" viewBox=\"0 0 18 32\"><path fill=\"#3b5998\" d=\"M17.1 0.2v4.7h-2.8q-1.5 0-2.1 0.6t-0.5 1.9v3.4h5.2l-0.7 5.3h-4.5v13.6h-5.5v-13.6h-4.5v-5.3h4.5v-3.9q0-3.3 1.9-5.2t5-1.8q2.6 0 4.1 0.2z\"\/><\/svg><\/span><span class=\"shariff-text\">teilen<\/span>&nbsp;<\/a><\/li><li class=\"shariff-button twitter shariff-nocustomcolor\" style=\"background-color:#595959\"><a href=\"https:\/\/twitter.com\/share?url=https%3A%2F%2Fwww.backwinkel.de%2Fblog%2Felternsprechtag-grundschule%2F&text=Elternsprechtag%20in%20der%20Grundschule%3A\" title=\"Bei X teilen\" aria-label=\"Bei X teilen\" role=\"button\" rel=\"noopener nofollow\" class=\"shariff-link\" style=\"; background-color:#000; color:#fff\" target=\"_blank\"><span class=\"shariff-icon\" style=\"\"><svg width=\"32px\" height=\"20px\" xmlns=\"http:\/\/www.w3.org\/2000\/svg\" viewBox=\"0 0 24 24\"><path fill=\"#000\" d=\"M14.258 10.152L23.176 0h-2.113l-7.747 8.813L7.133 0H0l9.352 13.328L0 23.973h2.113l8.176-9.309 6.531 9.309h7.133zm-2.895 3.293l-.949-1.328L2.875 1.56h3.246l6.086 8.523.945 1.328 7.91 11.078h-3.246zm0 0\"\/><\/svg><\/span><span class=\"shariff-text\">teilen<\/span>&nbsp;<\/a><\/li><li class=\"shariff-button pinterest shariff-nocustomcolor\" style=\"background-color:#e70f18\"><a href=\"https:\/\/www.pinterest.com\/pin\/create\/link\/?url=https%3A%2F%2Fwww.backwinkel.de%2Fblog%2Felternsprechtag-grundschule%2F&media=https%3A%2F%2Fwww.backwinkel.de%2Fblog%2Fwp-content%2Fuploads%2F2020%2F10%2Fbackwinkel-blog-schule-elternsprechtag-schule-heroimage.jpg&description=Elternsprechtag%20in%20der%20Grundschule%3A\" title=\"Bei Pinterest pinnen\" aria-label=\"Bei Pinterest pinnen\" role=\"button\" rel=\"noopener nofollow\" class=\"shariff-link\" style=\"; background-color:#cb2027; color:#fff\" target=\"_blank\"><span class=\"shariff-icon\" style=\"\"><svg width=\"32px\" height=\"20px\" xmlns=\"http:\/\/www.w3.org\/2000\/svg\" viewBox=\"0 0 27 32\"><path fill=\"#cb2027\" d=\"M27.4 16q0 3.7-1.8 6.9t-5 5-6.9 1.9q-2 0-3.9-0.6 1.1-1.7 1.4-2.9 0.2-0.6 1-3.8 0.4 0.7 1.3 1.2t2 0.5q2.1 0 3.8-1.2t2.7-3.4 0.9-4.8q0-2-1.1-3.8t-3.1-2.9-4.5-1.2q-1.9 0-3.5 0.5t-2.8 1.4-2 2-1.2 2.3-0.4 2.4q0 1.9 0.7 3.3t2.1 2q0.5 0.2 0.7-0.4 0-0.1 0.1-0.5t0.2-0.5q0.1-0.4-0.2-0.8-0.9-1.1-0.9-2.7 0-2.7 1.9-4.6t4.9-2q2.7 0 4.2 1.5t1.5 3.8q0 3-1.2 5.2t-3.1 2.1q-1.1 0-1.7-0.8t-0.4-1.9q0.1-0.6 0.5-1.7t0.5-1.8 0.2-1.4q0-0.9-0.5-1.5t-1.4-0.6q-1.1 0-1.9 1t-0.8 2.6q0 1.3 0.4 2.2l-1.8 7.5q-0.3 1.2-0.2 3.2-3.7-1.6-6-5t-2.3-7.6q0-3.7 1.9-6.9t5-5 6.9-1.9 6.9 1.9 5 5 1.8 6.9z\"\/><\/svg><\/span><span class=\"shariff-text\">merken<\/span>&nbsp;<\/a><\/li><li class=\"shariff-button mailto shariff-nocustomcolor\" style=\"background-color:#a8a8a8\"><a href=\"mailto:?body=https%3A%2F%2Fwww.backwinkel.de%2Fblog%2Felternsprechtag-grundschule%2F&subject=Elternsprechtag%20in%20der%20Grundschule%3A\" title=\"Per E-Mail versenden\" aria-label=\"Per E-Mail versenden\" role=\"button\" rel=\"noopener nofollow\" class=\"shariff-link\" style=\"; background-color:#999; color:#fff\"><span class=\"shariff-icon\" style=\"\"><svg width=\"32px\" height=\"20px\" xmlns=\"http:\/\/www.w3.org\/2000\/svg\" viewBox=\"0 0 32 32\"><path fill=\"#999\" d=\"M32 12.7v14.2q0 1.2-0.8 2t-2 0.9h-26.3q-1.2 0-2-0.9t-0.8-2v-14.2q0.8 0.9 1.8 1.6 6.5 4.4 8.9 6.1 1 0.8 1.6 1.2t1.7 0.9 2 0.4h0.1q0.9 0 2-0.4t1.7-0.9 1.6-1.2q3-2.2 8.9-6.1 1-0.7 1.8-1.6zM32 7.4q0 1.4-0.9 2.7t-2.2 2.2q-6.7 4.7-8.4 5.8-0.2 0.1-0.7 0.5t-1 0.7-0.9 0.6-1.1 0.5-0.9 0.2h-0.1q-0.4 0-0.9-0.2t-1.1-0.5-0.9-0.6-1-0.7-0.7-0.5q-1.6-1.1-4.7-3.2t-3.6-2.6q-1.1-0.7-2.1-2t-1-2.5q0-1.4 0.7-2.3t2.1-0.9h26.3q1.2 0 2 0.8t0.9 2z\"\/><\/svg><\/span><span class=\"shariff-text\">E-Mail<\/span>&nbsp;<\/a><\/li><\/ul><\/div>\n<\/div><\/section><br \/>\n<div  class='tabcontainer av-jlq8shhr-b676e11701d9718d755b04dc68ac4c10 top_tab  avia-builder-el-45  el_after_av_textblock  el_before_av_hr '>\n<section class='av_tab_section av_tab_section av-4w8jsn-17d4c89754803ac141d68451b8b1d1a6' ><div id='tab-id-1-tab' class='tab active_tab' role='tab' aria-selected=\"true\" tabindex=\"0\" data-fake-id='#tab-id-1' aria-controls='tab-id-1-content' >Das BACKWINKEL-Blog-Team:<\/div><div id='tab-id-1-content' class='tab_content active_tab_content' role='tabpanel' aria-labelledby='tab-id-1-tab' aria-hidden=\"false\"><div class='tab_inner_content invers-color' ><p><img decoding=\"async\" class=\"wp-image-1768 alignleft\" title=\"BACKWINKEL-Blog \u2013 Das Team\" src=\"https:\/\/blog.backwinkel.de\/wp-content\/uploads\/2018\/10\/backwinkel-blog-autorenbox-intern_preview-300x198.jpg\" alt=\"\" width=\"300\" height=\"198\" \/>Gibts auch ein Gesicht hinter dem BACKWINKEL-Blog? Ja. Vier ?. Drei davon sogar mit Foto.<\/p>\n<p><span style=\"font-style: inherit !important; font-weight: inherit !important;\">Wir \u2013 Lukas, Tatjana, Stefan und Christine \u2013 bespielen unseren Blog unter dem Motto LACHEN LESEN LERNEN. <\/span><\/p>\n<p><span style=\"font-style: inherit !important; font-weight: inherit !important;\">Lukas kennt sich online so gut aus wie in seiner Westentasche und findet immer spannende Themen, w\u00e4hrend Stefan unseren Beitr\u00e4gen den passenden gestalterischen Rahmen gibt und Tatjana mit dem gr\u00fcnen Korrekturstift alles pr\u00fcfend be\u00e4ugt, was unsere Autorin Christine (und gern auch Gastautoren) f\u00fcr den BACKWINKEL-Blog nach ordentlicher Recherche schreibt.<\/span><\/p>\n<p>Gemeinsam suchen wir st\u00e4ndig nach neuen, aufregenden Themen rund um das Thema Bildung im Kiga, der Schule und zu Hause. Und weil Sie da an der Quelle sitzen, freuen wir uns auf Ihre konstruktiven R\u00fcckmeldungen und Anregungen an <a href=\"mailto:blog@backwinkel.de\">blog@backwinkel.de<\/a><\/p>\n<p>Viel Spa\u00df beim LACHEN LESEN LERNEN!<\/p>\n<\/div><\/div><\/section>\n<\/div><br \/>\n\n<style type=\"text\/css\" data-created_by=\"avia_inline_auto\" id=\"style-css-av-jkuvdh82-4-6046945053f627a2d96600ef67303e9c\">\n#top .hr.av-jkuvdh82-4-6046945053f627a2d96600ef67303e9c{\nmargin-top:10px;\nmargin-bottom:10px;\n}\n.hr.av-jkuvdh82-4-6046945053f627a2d96600ef67303e9c .hr-inner{\nwidth:500;\n}\n<\/style>\n<div  class='hr av-jkuvdh82-4-6046945053f627a2d96600ef67303e9c hr-custom  avia-builder-el-46  el_after_av_tab_container  el_before_av_heading  hr-left hr-icon-no'><span class='hr-inner inner-border-av-border-thin'><span class=\"hr-inner-style\"><\/span><\/span><\/div><br \/>\n\n<style type=\"text\/css\" data-created_by=\"avia_inline_auto\" id=\"style-css-av-2kvx4l-26cf26738d77db581bfabf51b88b95c5\">\n#top .av-special-heading.av-2kvx4l-26cf26738d77db581bfabf51b88b95c5{\npadding-bottom:10px;\n}\nbody .av-special-heading.av-2kvx4l-26cf26738d77db581bfabf51b88b95c5 .av-special-heading-tag .heading-char{\nfont-size:25px;\n}\n.av-special-heading.av-2kvx4l-26cf26738d77db581bfabf51b88b95c5 .av-subheading{\nfont-size:15px;\n}\n<\/style>\n<div  class='av-special-heading av-2kvx4l-26cf26738d77db581bfabf51b88b95c5 av-special-heading-h3 blockquote modern-quote  avia-builder-el-47  el_after_av_hr  el_before_av_blog '><h3 class='av-special-heading-tag '  >PASSENDE BEITR\u00c4GE<\/h3><div class=\"special-heading-border\"><div class=\"special-heading-inner-border\"><\/div><\/div><\/div><br \/>\n<div  data-slideshow-options=\"{&quot;animation&quot;:&quot;fade&quot;,&quot;autoplay&quot;:false,&quot;loop_autoplay&quot;:&quot;once&quot;,&quot;interval&quot;:5,&quot;loop_manual&quot;:&quot;manual-endless&quot;,&quot;autoplay_stopper&quot;:false,&quot;noNavigation&quot;:false,&quot;show_slide_delay&quot;:90}\" class='avia-content-slider avia-content-grid-active avia-content-slider1 avia-content-slider-odd  avia-builder-el-48  el_after_av_heading  avia-builder-el-last  av-slideshow-ui av-control-default   av-no-slider-navigation av-slideshow-manual av-loop-once av-loop-manual-endless ' ><div class=\"avia-content-slider-inner\"><div class=\"slide-entry-wrap\"><article class='slide-entry flex_column  post-entry post-entry-18633 slide-entry-overview slide-loop-1 slide-parity-odd  av_one_third first real-thumbnail posttype-post post-format-standard' ><a href='https:\/\/www.backwinkel.de\/blog\/plastik-recyceln\/' data-rel='slide-1' class='slide-image' title='Plastik recyceln'><img decoding=\"async\" fetchpriority=\"high\" width=\"1200\" height=\"628\" src=\"https:\/\/www.backwinkel.de\/blog\/wp-content\/uploads\/2026\/04\/04_Kiga_Plastik_nachhaltig_nutzen.jpg\" class=\"wp-image-18713 avia-img-lazy-loading-not-18713 attachment-no scaling size-no scaling wp-post-image\" alt=\"\" \/><\/a><div class=\"slide-content\"><header class=\"entry-content-header\" aria-label=\"Slide: Plastik recyceln\"><h3 class='slide-entry-title entry-title ' ><a href='https:\/\/www.backwinkel.de\/blog\/plastik-recyceln\/' title='Plastik recyceln'>Plastik recyceln<\/a><\/h3><span class=\"blog-categories minor-meta\"><a href=\"https:\/\/www.backwinkel.de\/blog\/category\/kindergarten-kita\/\" rel=\"tag\">Kindergarten<\/a> <\/span><span class=\"av-vertical-delimiter\"><\/span><\/header><div class='slide-entry-excerpt entry-content' >Biokunststoff f\u00fcr St\u00fchle, Materialboxen, Spielzeug und Rucks\u00e4cke<\/div><\/div><footer class=\"entry-footer\"><div class=\"slide-meta\"><time class='slide-meta-time updated' >14. April 2026<\/time><\/div><\/footer><\/article><article class='slide-entry flex_column  post-entry post-entry-18716 slide-entry-overview slide-loop-2 slide-parity-even  av_one_third  real-thumbnail posttype-post post-format-standard' ><a href='https:\/\/www.backwinkel.de\/blog\/rechnen-im-anfangsunterricht\/' data-rel='slide-1' class='slide-image' title='Rechnen im Anfangsunterricht'><img decoding=\"async\" fetchpriority=\"high\" width=\"1200\" height=\"628\" src=\"https:\/\/www.backwinkel.de\/blog\/wp-content\/uploads\/2026\/04\/04_Schule_Rechnen_anfangsunterricht.jpg\" class=\"wp-image-18748 avia-img-lazy-loading-not-18748 attachment-no scaling size-no scaling wp-post-image\" alt=\"\" \/><\/a><div class=\"slide-content\"><header class=\"entry-content-header\" aria-label=\"Slide: Rechnen im Anfangsunterricht\"><h3 class='slide-entry-title entry-title ' ><a href='https:\/\/www.backwinkel.de\/blog\/rechnen-im-anfangsunterricht\/' title='Rechnen im Anfangsunterricht'>Rechnen im Anfangsunterricht<\/a><\/h3><span class=\"blog-categories minor-meta\"><a href=\"https:\/\/www.backwinkel.de\/blog\/category\/schule-grundschule\/\" rel=\"tag\">Schule<\/a> <\/span><span class=\"av-vertical-delimiter\"><\/span><\/header><div class='slide-entry-excerpt entry-content' >Das Klassenzimmer als Lernlandschaft<\/div><\/div><footer class=\"entry-footer\"><div class=\"slide-meta\"><time class='slide-meta-time updated' >14. April 2026<\/time><\/div><\/footer><\/article><article class='slide-entry flex_column  post-entry post-entry-18372 slide-entry-overview slide-loop-3 slide-parity-odd  post-entry-last  av_one_third  real-thumbnail posttype-post post-format-standard' ><a href='https:\/\/www.backwinkel.de\/blog\/kranke-kinder-im-kindergarten\/' data-rel='slide-1' class='slide-image' title='Kranke Kinder im Kindergarten'><img decoding=\"async\" fetchpriority=\"high\" width=\"1200\" height=\"628\" src=\"https:\/\/www.backwinkel.de\/blog\/wp-content\/uploads\/2026\/03\/03_Kiga_Kranke_Kinder.jpg\" class=\"wp-image-18451 avia-img-lazy-loading-not-18451 attachment-no scaling size-no scaling wp-post-image\" alt=\"Thema: Kranke Kinder. Auf dem Bild ist ein krankes kleines M\u00e4dchen zu sehen. Eine Frau mit einem Fieberthermometer in der Hand sitzt neben ihr und hat die Hand auf der Stirn des M\u00e4dchens.\" \/><\/a><div class=\"slide-content\"><header class=\"entry-content-header\" aria-label=\"Slide: Kranke Kinder im Kindergarten\"><h3 class='slide-entry-title entry-title ' ><a href='https:\/\/www.backwinkel.de\/blog\/kranke-kinder-im-kindergarten\/' title='Kranke Kinder im Kindergarten'>Kranke Kinder im Kindergarten<\/a><\/h3><span class=\"blog-categories minor-meta\"><a href=\"https:\/\/www.backwinkel.de\/blog\/category\/kindergarten-kita\/\" rel=\"tag\">Kindergarten<\/a> <\/span><span class=\"av-vertical-delimiter\"><\/span><\/header><div class='slide-entry-excerpt entry-content' >Auswirkungen f\u00fcr Kinder, Eltern und Fachkr\u00e4fte<\/div><\/div><footer class=\"entry-footer\"><div class=\"slide-meta\"><time class='slide-meta-time updated' >9. M\u00e4rz 2026<\/time><\/div><\/footer><\/article><\/div><\/div><\/div><\/p><\/div>\n","protected":false},"excerpt":{"rendered":"<p>Wie Sie erfolgreiche Elterngespr\u00e4che f\u00fchren <\/p>\n","protected":false},"author":3,"featured_media":5365,"comment_status":"closed","ping_status":"closed","sticky":false,"template":"","format":"standard","meta":{"inline_featured_image":false,"footnotes":""},"categories":[6],"tags":[],"class_list":["post-5360","post","type-post","status-publish","format-standard","has-post-thumbnail","hentry","category-schule-grundschule"],"yoast_head":"<!-- This site is optimized with the Yoast SEO plugin v27.4 - https:\/\/yoast.com\/product\/yoast-seo-wordpress\/ -->\n<title>Elternsprechtag in der Grundschule \u00bb Ideen, Tipps und Material | BACKWINKEL Blog<\/title>\n<meta name=\"description\" content=\"Elternsprechtag in der Grundschule: 11 Tipps f\u00fcr erfolgreiche Elterngespr\u00e4che \u271a Kostenlose Checkliste, Planungshilfe und Protokollbogen zum Ausdrucken \u2713 Jetzt lesen!\" \/>\n<meta name=\"robots\" content=\"index, follow, max-snippet:-1, max-image-preview:large, max-video-preview:-1\" \/>\n<link rel=\"canonical\" href=\"https:\/\/www.backwinkel.de\/blog\/elternsprechtag-grundschule\/\" \/>\n<meta property=\"og:locale\" content=\"de_DE\" \/>\n<meta property=\"og:type\" content=\"article\" \/>\n<meta property=\"og:title\" content=\"Elternsprechtag in der Grundschule \u00bb Ideen, Tipps und Material | BACKWINKEL Blog\" \/>\n<meta property=\"og:description\" content=\"Elternsprechtag in der Grundschule: 11 Tipps f\u00fcr erfolgreiche Elterngespr\u00e4che \u271a Kostenlose Checkliste, Planungshilfe und Protokollbogen zum Ausdrucken \u2713 Jetzt lesen!\" \/>\n<meta property=\"og:url\" content=\"https:\/\/www.backwinkel.de\/blog\/elternsprechtag-grundschule\/\" \/>\n<meta property=\"og:site_name\" content=\"BACKWINKEL Blog\" \/>\n<meta property=\"article:published_time\" content=\"2020-11-09T08:13:30+00:00\" \/>\n<meta property=\"article:modified_time\" content=\"2026-04-22T09:58:15+00:00\" \/>\n<meta property=\"og:image\" content=\"https:\/\/www.backwinkel.de\/blog\/wp-content\/uploads\/2020\/10\/backwinkel-blog-schule-elternsprechtag-schule-heroimage.jpg\" \/>\n\t<meta property=\"og:image:width\" content=\"1200\" \/>\n\t<meta property=\"og:image:height\" content=\"628\" \/>\n\t<meta property=\"og:image:type\" content=\"image\/jpeg\" \/>\n<meta name=\"author\" content=\"BACKWINKEL\" \/>\n<meta name=\"twitter:card\" content=\"summary_large_image\" \/>\n<meta name=\"twitter:label1\" content=\"Verfasst von\" \/>\n\t<meta name=\"twitter:data1\" content=\"BACKWINKEL\" \/>\n\t<meta name=\"twitter:label2\" content=\"Gesch\u00e4tzte Lesezeit\" \/>\n\t<meta name=\"twitter:data2\" content=\"14\u00a0Minuten\" \/>\n<script type=\"application\/ld+json\" class=\"yoast-schema-graph\">{\"@context\":\"https:\\\/\\\/schema.org\",\"@graph\":[{\"@type\":\"Article\",\"@id\":\"https:\\\/\\\/www.backwinkel.de\\\/blog\\\/elternsprechtag-grundschule\\\/#article\",\"isPartOf\":{\"@id\":\"https:\\\/\\\/www.backwinkel.de\\\/blog\\\/elternsprechtag-grundschule\\\/\"},\"author\":{\"name\":\"BACKWINKEL\",\"@id\":\"https:\\\/\\\/www.backwinkel.de\\\/blog\\\/#\\\/schema\\\/person\\\/3d64575316540d25f7866264a4b7cd24\"},\"headline\":\"Elternsprechtag in der Grundschule:\",\"datePublished\":\"2020-11-09T08:13:30+00:00\",\"dateModified\":\"2026-04-22T09:58:15+00:00\",\"mainEntityOfPage\":{\"@id\":\"https:\\\/\\\/www.backwinkel.de\\\/blog\\\/elternsprechtag-grundschule\\\/\"},\"wordCount\":5188,\"image\":{\"@id\":\"https:\\\/\\\/www.backwinkel.de\\\/blog\\\/elternsprechtag-grundschule\\\/#primaryimage\"},\"thumbnailUrl\":\"https:\\\/\\\/www.backwinkel.de\\\/blog\\\/wp-content\\\/uploads\\\/2020\\\/10\\\/backwinkel-blog-schule-elternsprechtag-schule-heroimage.jpg\",\"articleSection\":[\"Schule\"],\"inLanguage\":\"de\"},{\"@type\":\"WebPage\",\"@id\":\"https:\\\/\\\/www.backwinkel.de\\\/blog\\\/elternsprechtag-grundschule\\\/\",\"url\":\"https:\\\/\\\/www.backwinkel.de\\\/blog\\\/elternsprechtag-grundschule\\\/\",\"name\":\"Elternsprechtag in der Grundschule \u00bb Ideen, Tipps und Material | BACKWINKEL Blog\",\"isPartOf\":{\"@id\":\"https:\\\/\\\/www.backwinkel.de\\\/blog\\\/#website\"},\"primaryImageOfPage\":{\"@id\":\"https:\\\/\\\/www.backwinkel.de\\\/blog\\\/elternsprechtag-grundschule\\\/#primaryimage\"},\"image\":{\"@id\":\"https:\\\/\\\/www.backwinkel.de\\\/blog\\\/elternsprechtag-grundschule\\\/#primaryimage\"},\"thumbnailUrl\":\"https:\\\/\\\/www.backwinkel.de\\\/blog\\\/wp-content\\\/uploads\\\/2020\\\/10\\\/backwinkel-blog-schule-elternsprechtag-schule-heroimage.jpg\",\"datePublished\":\"2020-11-09T08:13:30+00:00\",\"dateModified\":\"2026-04-22T09:58:15+00:00\",\"author\":{\"@id\":\"https:\\\/\\\/www.backwinkel.de\\\/blog\\\/#\\\/schema\\\/person\\\/3d64575316540d25f7866264a4b7cd24\"},\"description\":\"Elternsprechtag in der Grundschule: 11 Tipps f\u00fcr erfolgreiche Elterngespr\u00e4che \u271a Kostenlose Checkliste, Planungshilfe und Protokollbogen zum Ausdrucken \u2713 Jetzt lesen!\",\"breadcrumb\":{\"@id\":\"https:\\\/\\\/www.backwinkel.de\\\/blog\\\/elternsprechtag-grundschule\\\/#breadcrumb\"},\"inLanguage\":\"de\",\"potentialAction\":[{\"@type\":\"ReadAction\",\"target\":[\"https:\\\/\\\/www.backwinkel.de\\\/blog\\\/elternsprechtag-grundschule\\\/\"]}]},{\"@type\":\"ImageObject\",\"inLanguage\":\"de\",\"@id\":\"https:\\\/\\\/www.backwinkel.de\\\/blog\\\/elternsprechtag-grundschule\\\/#primaryimage\",\"url\":\"https:\\\/\\\/www.backwinkel.de\\\/blog\\\/wp-content\\\/uploads\\\/2020\\\/10\\\/backwinkel-blog-schule-elternsprechtag-schule-heroimage.jpg\",\"contentUrl\":\"https:\\\/\\\/www.backwinkel.de\\\/blog\\\/wp-content\\\/uploads\\\/2020\\\/10\\\/backwinkel-blog-schule-elternsprechtag-schule-heroimage.jpg\",\"width\":1200,\"height\":628},{\"@type\":\"BreadcrumbList\",\"@id\":\"https:\\\/\\\/www.backwinkel.de\\\/blog\\\/elternsprechtag-grundschule\\\/#breadcrumb\",\"itemListElement\":[{\"@type\":\"ListItem\",\"position\":1,\"name\":\"Startseite\",\"item\":\"https:\\\/\\\/blog.backwinkel.de\\\/aktuelles\\\/\"},{\"@type\":\"ListItem\",\"position\":2,\"name\":\"Elternsprechtag in der Grundschule:\"}]},{\"@type\":\"WebSite\",\"@id\":\"https:\\\/\\\/www.backwinkel.de\\\/blog\\\/#website\",\"url\":\"https:\\\/\\\/www.backwinkel.de\\\/blog\\\/\",\"name\":\"BACKWINKEL Blog\",\"description\":\"f\u00fcr Lehrer, Erzieher und Eltern\",\"potentialAction\":[{\"@type\":\"SearchAction\",\"target\":{\"@type\":\"EntryPoint\",\"urlTemplate\":\"https:\\\/\\\/www.backwinkel.de\\\/blog\\\/?s={search_term_string}\"},\"query-input\":{\"@type\":\"PropertyValueSpecification\",\"valueRequired\":true,\"valueName\":\"search_term_string\"}}],\"inLanguage\":\"de\"},{\"@type\":\"Person\",\"@id\":\"https:\\\/\\\/www.backwinkel.de\\\/blog\\\/#\\\/schema\\\/person\\\/3d64575316540d25f7866264a4b7cd24\",\"name\":\"BACKWINKEL\",\"sameAs\":[\"http:\\\/\\\/www.backwinkel.de\"],\"url\":\"https:\\\/\\\/www.backwinkel.de\\\/blog\\\/author\\\/backwinkel\\\/\"}]}<\/script>\n<!-- \/ Yoast SEO plugin. -->","yoast_head_json":{"title":"Elternsprechtag in der Grundschule \u00bb Ideen, Tipps und Material | BACKWINKEL Blog","description":"Elternsprechtag in der Grundschule: 11 Tipps f\u00fcr erfolgreiche Elterngespr\u00e4che \u271a Kostenlose Checkliste, Planungshilfe und Protokollbogen zum Ausdrucken \u2713 Jetzt lesen!","robots":{"index":"index","follow":"follow","max-snippet":"max-snippet:-1","max-image-preview":"max-image-preview:large","max-video-preview":"max-video-preview:-1"},"canonical":"https:\/\/www.backwinkel.de\/blog\/elternsprechtag-grundschule\/","og_locale":"de_DE","og_type":"article","og_title":"Elternsprechtag in der Grundschule \u00bb Ideen, Tipps und Material | BACKWINKEL Blog","og_description":"Elternsprechtag in der Grundschule: 11 Tipps f\u00fcr erfolgreiche Elterngespr\u00e4che \u271a Kostenlose Checkliste, Planungshilfe und Protokollbogen zum Ausdrucken \u2713 Jetzt lesen!","og_url":"https:\/\/www.backwinkel.de\/blog\/elternsprechtag-grundschule\/","og_site_name":"BACKWINKEL Blog","article_published_time":"2020-11-09T08:13:30+00:00","article_modified_time":"2026-04-22T09:58:15+00:00","og_image":[{"width":1200,"height":628,"url":"https:\/\/www.backwinkel.de\/blog\/wp-content\/uploads\/2020\/10\/backwinkel-blog-schule-elternsprechtag-schule-heroimage.jpg","type":"image\/jpeg"}],"author":"BACKWINKEL","twitter_card":"summary_large_image","twitter_misc":{"Verfasst von":"BACKWINKEL","Gesch\u00e4tzte Lesezeit":"14\u00a0Minuten"},"schema":{"@context":"https:\/\/schema.org","@graph":[{"@type":"Article","@id":"https:\/\/www.backwinkel.de\/blog\/elternsprechtag-grundschule\/#article","isPartOf":{"@id":"https:\/\/www.backwinkel.de\/blog\/elternsprechtag-grundschule\/"},"author":{"name":"BACKWINKEL","@id":"https:\/\/www.backwinkel.de\/blog\/#\/schema\/person\/3d64575316540d25f7866264a4b7cd24"},"headline":"Elternsprechtag in der Grundschule:","datePublished":"2020-11-09T08:13:30+00:00","dateModified":"2026-04-22T09:58:15+00:00","mainEntityOfPage":{"@id":"https:\/\/www.backwinkel.de\/blog\/elternsprechtag-grundschule\/"},"wordCount":5188,"image":{"@id":"https:\/\/www.backwinkel.de\/blog\/elternsprechtag-grundschule\/#primaryimage"},"thumbnailUrl":"https:\/\/www.backwinkel.de\/blog\/wp-content\/uploads\/2020\/10\/backwinkel-blog-schule-elternsprechtag-schule-heroimage.jpg","articleSection":["Schule"],"inLanguage":"de"},{"@type":"WebPage","@id":"https:\/\/www.backwinkel.de\/blog\/elternsprechtag-grundschule\/","url":"https:\/\/www.backwinkel.de\/blog\/elternsprechtag-grundschule\/","name":"Elternsprechtag in der Grundschule \u00bb Ideen, Tipps und Material | BACKWINKEL Blog","isPartOf":{"@id":"https:\/\/www.backwinkel.de\/blog\/#website"},"primaryImageOfPage":{"@id":"https:\/\/www.backwinkel.de\/blog\/elternsprechtag-grundschule\/#primaryimage"},"image":{"@id":"https:\/\/www.backwinkel.de\/blog\/elternsprechtag-grundschule\/#primaryimage"},"thumbnailUrl":"https:\/\/www.backwinkel.de\/blog\/wp-content\/uploads\/2020\/10\/backwinkel-blog-schule-elternsprechtag-schule-heroimage.jpg","datePublished":"2020-11-09T08:13:30+00:00","dateModified":"2026-04-22T09:58:15+00:00","author":{"@id":"https:\/\/www.backwinkel.de\/blog\/#\/schema\/person\/3d64575316540d25f7866264a4b7cd24"},"description":"Elternsprechtag in der Grundschule: 11 Tipps f\u00fcr erfolgreiche Elterngespr\u00e4che \u271a Kostenlose Checkliste, Planungshilfe und Protokollbogen zum Ausdrucken \u2713 Jetzt lesen!","breadcrumb":{"@id":"https:\/\/www.backwinkel.de\/blog\/elternsprechtag-grundschule\/#breadcrumb"},"inLanguage":"de","potentialAction":[{"@type":"ReadAction","target":["https:\/\/www.backwinkel.de\/blog\/elternsprechtag-grundschule\/"]}]},{"@type":"ImageObject","inLanguage":"de","@id":"https:\/\/www.backwinkel.de\/blog\/elternsprechtag-grundschule\/#primaryimage","url":"https:\/\/www.backwinkel.de\/blog\/wp-content\/uploads\/2020\/10\/backwinkel-blog-schule-elternsprechtag-schule-heroimage.jpg","contentUrl":"https:\/\/www.backwinkel.de\/blog\/wp-content\/uploads\/2020\/10\/backwinkel-blog-schule-elternsprechtag-schule-heroimage.jpg","width":1200,"height":628},{"@type":"BreadcrumbList","@id":"https:\/\/www.backwinkel.de\/blog\/elternsprechtag-grundschule\/#breadcrumb","itemListElement":[{"@type":"ListItem","position":1,"name":"Startseite","item":"https:\/\/blog.backwinkel.de\/aktuelles\/"},{"@type":"ListItem","position":2,"name":"Elternsprechtag in der Grundschule:"}]},{"@type":"WebSite","@id":"https:\/\/www.backwinkel.de\/blog\/#website","url":"https:\/\/www.backwinkel.de\/blog\/","name":"BACKWINKEL Blog","description":"f\u00fcr Lehrer, Erzieher und Eltern","potentialAction":[{"@type":"SearchAction","target":{"@type":"EntryPoint","urlTemplate":"https:\/\/www.backwinkel.de\/blog\/?s={search_term_string}"},"query-input":{"@type":"PropertyValueSpecification","valueRequired":true,"valueName":"search_term_string"}}],"inLanguage":"de"},{"@type":"Person","@id":"https:\/\/www.backwinkel.de\/blog\/#\/schema\/person\/3d64575316540d25f7866264a4b7cd24","name":"BACKWINKEL","sameAs":["http:\/\/www.backwinkel.de"],"url":"https:\/\/www.backwinkel.de\/blog\/author\/backwinkel\/"}]}},"_links":{"self":[{"href":"https:\/\/www.backwinkel.de\/blog\/wp-json\/wp\/v2\/posts\/5360","targetHints":{"allow":["GET"]}}],"collection":[{"href":"https:\/\/www.backwinkel.de\/blog\/wp-json\/wp\/v2\/posts"}],"about":[{"href":"https:\/\/www.backwinkel.de\/blog\/wp-json\/wp\/v2\/types\/post"}],"author":[{"embeddable":true,"href":"https:\/\/www.backwinkel.de\/blog\/wp-json\/wp\/v2\/users\/3"}],"replies":[{"embeddable":true,"href":"https:\/\/www.backwinkel.de\/blog\/wp-json\/wp\/v2\/comments?post=5360"}],"version-history":[{"count":4,"href":"https:\/\/www.backwinkel.de\/blog\/wp-json\/wp\/v2\/posts\/5360\/revisions"}],"predecessor-version":[{"id":18894,"href":"https:\/\/www.backwinkel.de\/blog\/wp-json\/wp\/v2\/posts\/5360\/revisions\/18894"}],"wp:featuredmedia":[{"embeddable":true,"href":"https:\/\/www.backwinkel.de\/blog\/wp-json\/wp\/v2\/media\/5365"}],"wp:attachment":[{"href":"https:\/\/www.backwinkel.de\/blog\/wp-json\/wp\/v2\/media?parent=5360"}],"wp:term":[{"taxonomy":"category","embeddable":true,"href":"https:\/\/www.backwinkel.de\/blog\/wp-json\/wp\/v2\/categories?post=5360"},{"taxonomy":"post_tag","embeddable":true,"href":"https:\/\/www.backwinkel.de\/blog\/wp-json\/wp\/v2\/tags?post=5360"}],"curies":[{"name":"wp","href":"https:\/\/api.w.org\/{rel}","templated":true}]}}