{"id":5338,"date":"2020-11-09T09:33:51","date_gmt":"2020-11-09T08:33:51","guid":{"rendered":"https:\/\/blog.backwinkel.de\/?p=5338"},"modified":"2026-04-22T12:01:26","modified_gmt":"2026-04-22T10:01:26","slug":"elternarbeit-kindergarten","status":"publish","type":"post","link":"https:\/\/www.backwinkel.de\/blog\/elternarbeit-kindergarten\/","title":{"rendered":"Elternarbeit im Kindergarten:"},"content":{"rendered":"\n<style type=\"text\/css\" data-created_by=\"avia_inline_auto\" id=\"style-css-av-8vdv8-f7e0dae999cc49bc529a70f67b346526\">\n.flex_column.av-8vdv8-f7e0dae999cc49bc529a70f67b346526{\nborder-radius:0px 0px 0px 0px;\npadding:0px 0px 0px 0px;\n}\n<\/style>\n<div  class='flex_column av-8vdv8-f7e0dae999cc49bc529a70f67b346526 av_one_full  avia-builder-el-0  el_before_av_three_fifth  avia-builder-el-first  first flex_column_div av-zero-column-padding  '     ><p>\n<style type=\"text\/css\" data-created_by=\"avia_inline_auto\" id=\"style-css-av-jl6mo8rj-605eccf9df0dce9c3ffb6a57636da99d\">\n#top .hr.hr-invisible.av-jl6mo8rj-605eccf9df0dce9c3ffb6a57636da99d{\nmargin-top:0px;\nheight:1px;\n}\n<\/style>\n<div  class='hr av-jl6mo8rj-605eccf9df0dce9c3ffb6a57636da99d hr-invisible  avia-builder-el-1  el_before_av_heading  avia-builder-el-first '><span class='hr-inner '><span class=\"hr-inner-style\"><\/span><\/span><\/div><br \/>\n\n<style type=\"text\/css\" data-created_by=\"avia_inline_auto\" id=\"style-css-av-291up6-0c793a6f899dd2e515f99a02b689cd2e\">\n#top .av-special-heading.av-291up6-0c793a6f899dd2e515f99a02b689cd2e{\npadding-bottom:10px;\n}\nbody .av-special-heading.av-291up6-0c793a6f899dd2e515f99a02b689cd2e .av-special-heading-tag .heading-char{\nfont-size:25px;\n}\n.av-special-heading.av-291up6-0c793a6f899dd2e515f99a02b689cd2e .av-subheading{\nfont-size:15px;\n}\n<\/style>\n<div  class='av-special-heading av-291up6-0c793a6f899dd2e515f99a02b689cd2e av-special-heading-h1 blockquote modern-quote  avia-builder-el-2  el_after_av_hr  el_before_av_post_metadata  av-linked-heading'><h1 class='av-special-heading-tag '  >Elternarbeit im Kindergarten: Wie die Erziehungspartnerschaft mit den Eltern gut funktioniert <\/h1><div class='av-subheading av-subheading_below'><p class=\"autorenname\">Christine Hagemann<\/p>\n<\/div><div class=\"special-heading-border\"><div class=\"special-heading-inner-border\"><\/div><\/div><\/div><br \/>\n\n<style type=\"text\/css\" data-created_by=\"avia_inline_auto\" id=\"style-css-av-60ltpm-b06de80af06f52d96b5a8e8635bff215\">\n#top .av-post-metadata-container.av-60ltpm-b06de80af06f52d96b5a8e8635bff215{\nfont-size:12px;\n}\n#top .av-post-metadata-container.av-60ltpm-b06de80af06f52d96b5a8e8635bff215 .av-post-metadata-container-inner{\nfont-size:12px;\n}\n<\/style>\n<div  class='av-post-metadata-container av-60ltpm-b06de80af06f52d96b5a8e8635bff215 av-metadata-container-align-left  avia-builder-el-3  el_after_av_heading  el_before_av_textblock  av-metadata-container-1'><div class='av-post-metadata-container-inner'><span class=\"av-post-metadata-content av-post-metadata-meta-content\"><span class=\"av-post-metadata-content av-post-metadata-modified\"><span class=\"av-metadata-before av-metadata-before-modified\">Aktualisiert:<\/span><span class=\"av-post-metadata-modified-date\" >22. April 2026<\/span><\/span><span class=\"av-post-metadata-content av-post-metadata-separator\">\/<\/span><span class=\"av-post-metadata-content av-post-metadata-modified\"><span class=\"av-metadata-before av-metadata-before-modified\">Zuletzt aktualisiert:<\/span><span class=\"av-post-metadata-modified-date\" >22. April 2026<\/span><\/span><\/span><\/div><\/div><br \/>\n\n<style type=\"text\/css\" data-created_by=\"avia_inline_auto\" id=\"style-css-av-jkuubohz-8fca5ffce642cf8e1fbd093c1d421e49\">\n#top .av_textblock_section.av-jkuubohz-8fca5ffce642cf8e1fbd093c1d421e49 .avia_textblock{\nfont-size:20px;\n}\n<\/style>\n<section  class='av_textblock_section av-jkuubohz-8fca5ffce642cf8e1fbd093c1d421e49 '  ><div class='avia_textblock' ><p class=\"einleitungstext-beitrag\">Wenn die Zusammenarbeit von Kita und Eltern gelingt, ist das Kind der Gewinner. Gute Elternarbeit geh\u00f6rt daher zu den zentralen Anliegen in der Konzeption des Kindergartens.<\/p>\n<\/div><\/section><br \/>\n\n<style type=\"text\/css\" data-created_by=\"avia_inline_auto\" id=\"style-css-av-jkuuo5h6-571b486d3ce5564ec3d3bf80bf876ed4\">\n.avia-image-container.av-jkuuo5h6-571b486d3ce5564ec3d3bf80bf876ed4 img.avia_image{\nbox-shadow:none;\n}\n.avia-image-container.av-jkuuo5h6-571b486d3ce5564ec3d3bf80bf876ed4 .av-image-caption-overlay-center{\ncolor:#ffffff;\n}\n<\/style>\n<div  class='avia-image-container av-jkuuo5h6-571b486d3ce5564ec3d3bf80bf876ed4 av-styling- avia-align-center  avia-builder-el-5  el_after_av_textblock  el_before_av_hr '  ><div class=\"avia-image-container-inner\"><div class=\"avia-image-overlay-wrap\"><img decoding=\"async\" fetchpriority=\"high\" class='wp-image-5340 avia-img-lazy-loading-not-5340 avia_image ' src=\"https:\/\/www.backwinkel.de\/blog\/wp-content\/uploads\/2020\/10\/backwinkel-blog-elternarbeit-heroimage.jpg\" alt='' title='backwinkel-blog-elternarbeit-heroimage'  height=\"628\" width=\"1200\"  \/><\/div><\/div><\/div><br \/>\n\n<style type=\"text\/css\" data-created_by=\"avia_inline_auto\" id=\"style-css-av-jl6mo8rj-40-3b5847f77570e63e4ce28ff0651a9f24\">\n#top .hr.hr-invisible.av-jl6mo8rj-40-3b5847f77570e63e4ce28ff0651a9f24{\nheight:5px;\n}\n<\/style>\n<div  class='hr av-jl6mo8rj-40-3b5847f77570e63e4ce28ff0651a9f24 hr-invisible  avia-builder-el-6  el_after_av_image  el_before_av_textblock '><span class='hr-inner '><span class=\"hr-inner-style\"><\/span><\/span><\/div><br \/>\n\n<style type=\"text\/css\" data-created_by=\"avia_inline_auto\" id=\"style-css-av-jl7ql86y-e80384d8b1750d8be134ad53f89ab6ea\">\n#top .av_textblock_section.av-jl7ql86y-e80384d8b1750d8be134ad53f89ab6ea .avia_textblock{\nfont-size:10px;\n}\n<\/style>\n<section  class='av_textblock_section av-jl7ql86y-e80384d8b1750d8be134ad53f89ab6ea '  ><div class='avia_textblock' ><p class=\"bildnennung-beitrag\" style=\"text-align: left;\">\u00a9 bnenin, Adobestock.com<\/p>\n<\/div><\/section><br \/>\n\n<style type=\"text\/css\" data-created_by=\"avia_inline_auto\" id=\"style-css-av-jl6mo8rj-38-6988f66f8a402ce85fd2eb14d4852de1\">\n#top .hr.hr-invisible.av-jl6mo8rj-38-6988f66f8a402ce85fd2eb14d4852de1{\nheight:20px;\n}\n<\/style>\n<div  class='hr av-jl6mo8rj-38-6988f66f8a402ce85fd2eb14d4852de1 hr-invisible  avia-builder-el-8  el_after_av_textblock  el_before_av_textblock '><span class='hr-inner '><span class=\"hr-inner-style\"><\/span><\/span><\/div><br \/>\n<section  class='av_textblock_section av-jkuubohz-39-23e7ef1dc433aa20dc3d1753d4ddd068 '  ><div class='avia_textblock' ><p>Erzieherinnen und Erzieher lieben ihren Beruf, weil sie gerne mit Kindern arbeiten. Bei ihrer p\u00e4dagogischen T\u00e4tigkeit in der Kita haben sie jeden Tag auch mit den Eltern der Kinder zu tun.\u00a0Ein gutes, m\u00f6glichst konfliktfreies Verh\u00e4ltnis zu den Eltern \u2013 sprich Sorgeberechtigten \u2013 ist unverzichtbar, damit die <strong>gemeinsame Erziehungsaufgabe <\/strong>gelingt.<\/p>\n<p>Elternarbeit in der Kita hei\u00dft vor allem gute <strong>Zusammenarbeit<\/strong>, die Sie als p\u00e4dagogische Fachkraft ma\u00dfgeblich pr\u00e4gen. Daf\u00fcr ben\u00f6tigen Sie nicht nur fr\u00fchp\u00e4dagogisches Wissen, sondern auch kommunikative Kompetenzen und Einf\u00fchlungsverm\u00f6gen. Lesen Sie im Folgenden, wie Sie erfolgreiche Elternarbeit im Kita-Alltag planen und durchf\u00fchren. Checkliste f\u00fcr Elterngespr\u00e4che zum Ausdrucken inklusive.<\/p>\n<\/div><\/section><\/p><\/div>\n<style type=\"text\/css\" data-created_by=\"avia_inline_auto\" id=\"style-css-av-swqf9-6bb490ea0cbb171c9d159bb967226129\">\n.flex_column.av-swqf9-6bb490ea0cbb171c9d159bb967226129{\nborder-radius:0px 0px 0px 0px;\npadding:20px 20px 20px 20px;\nbackground-color:#f2f2f2;\n}\n<\/style>\n<div  class='flex_column av-swqf9-6bb490ea0cbb171c9d159bb967226129 av_three_fifth  avia-builder-el-10  el_after_av_one_full  el_before_av_two_fifth  first flex_column_div  column-top-margin'     ><style type=\"text\/css\" data-created_by=\"avia_inline_auto\" id=\"style-css-av-jkuua5r2-daaff240cdb64ff49178ef768245fa1b\">\n#top .av_textblock_section.av-jkuua5r2-daaff240cdb64ff49178ef768245fa1b .avia_textblock{\nfont-size:14px;\n}\n<\/style>\n<section  class='av_textblock_section av-jkuua5r2-daaff240cdb64ff49178ef768245fa1b '  ><div class='avia_textblock' ><p><strong>Inhalt<\/strong><\/p>\n<p><strong><a href=\"#1\">1. Warum ist Elternarbeit in der Kita wichtig?<\/a><\/strong><br \/>\n1.1 Elternarbeit neu definiert<br \/>\n1.2 Gemeinsame Verantwortung ist Vertrauenssache<\/p>\n<p><strong><a href=\"#2\">2. Was geh\u00f6rt alles zur Elternarbeit?<\/a><\/strong><br \/>\n2.1 Elternarbeit ist Kommunikation<br \/>\n2.2 Formen der Elternarbeit im Kindergarten<\/p>\n<p><strong><a href=\"#3\">3. Wie plane ich Elternarbeit richtig?<\/a><\/strong><br \/>\n3.1 Nutzen Sie feste Elterntermine im Kindergartenjahr<br \/>\n3.2 F\u00fchren Sie Elterngespr\u00e4che auf Augenh\u00f6he<\/p>\n<p><strong><a href=\"#4\">4. Wie gestalte ich die Elternarbeit im Kita-Alltag?<\/a><\/strong><br \/>\n4.1 Beteiligen Sie die Eltern am Kita-Leben<br \/>\n4.2 Wenn Eltern sich beschweren<\/p>\n<p><strong><a href=\"#5\">5. Ideen f\u00fcr effektive Elternarbeit im Kindergarten<\/a><\/strong><\/p>\n<\/div><\/section><\/div><\/p>\n\n<style type=\"text\/css\" data-created_by=\"avia_inline_auto\" id=\"style-css-av-2532d-6e1ea05e25305745634c0a02c87dc827\">\n.flex_column.av-2532d-6e1ea05e25305745634c0a02c87dc827{\nborder-radius:0px 0px 0px 0px;\npadding:0 0 0 0;\n}\n<\/style>\n<div  class='flex_column av-2532d-6e1ea05e25305745634c0a02c87dc827 av_two_fifth  avia-builder-el-12  el_after_av_three_fifth  el_before_av_sidebar  flex_column_div av-zero-column-padding  column-top-margin'     ><\/div>\n<div  class='avia-builder-widget-area clearfix  avia-builder-el-13  el_after_av_two_fifth  el_before_av_one_full '><div id=\"text-33\" class=\"widget clearfix widget_text\">\t\t\t<div class=\"textwidget\"><p><a href=\"https:\/\/www.backwinkel.de\/nachhaltig-denken\/\" target=\"\\_blank\" rel=\"noopener\"><br \/>\n<img decoding=\"async\" class=\"werbung-desktop alignnone wp-image-4186 size-full\" src=\"https:\/\/www.backwinkel.de\/blog\/wp-content\/uploads\/2026\/04\/Backwinkel-blog-werbebanner-shop-kita-schule_desktop.jpg\" alt=\"\" width=\"1251\" height=\"201\" \/><br \/>\n<\/a><br \/>\n<a href=\"https:\/\/www.backwinkel.de\/nachhaltig-denken\/\" target=\"\\_blank\" rel=\"noopener\"><br \/>\n<img decoding=\"async\" class=\"werbung-mobile alignnone wp-image-4187 size-full\" src=\"https:\/\/www.backwinkel.de\/blog\/wp-content\/uploads\/2026\/04\/Backwinkel-blog-werbebanner-shop-kiga-schule_mobile.jpg\" alt=\"\" width=\"550\" height=\"500\" \/><br \/>\n<\/a><\/p>\n<\/div>\n\t\t<\/div><\/div>\n\n<style type=\"text\/css\" data-created_by=\"avia_inline_auto\" id=\"style-css-av-hh5al-9c53459d093ff912fcc98cf97e19d753\">\n.flex_column.av-hh5al-9c53459d093ff912fcc98cf97e19d753{\nborder-radius:0px 0px 0px 0px;\npadding:0px 0px 0px 0px;\n}\n<\/style>\n<div  class='flex_column av-hh5al-9c53459d093ff912fcc98cf97e19d753 av_one_full  avia-builder-el-14  el_after_av_sidebar  el_before_av_one_full  first flex_column_div av-zero-column-padding  '     ><section  class='av_textblock_section av-jkuul0eg-47aa45f9d704d9c8972e1ddf4c471077 '  ><div class='avia_textblock' >\n<style type=\"text\/css\" data-created_by=\"avia_inline_auto\" id=\"style-css-av-7c7r8-1ad3209b7b9ea9c60cc97e362d76ea5e\">\n#top .hr.hr-invisible.av-7c7r8-1ad3209b7b9ea9c60cc97e362d76ea5e{\nheight:20px;\n}\n<\/style>\n<div  class='hr av-7c7r8-1ad3209b7b9ea9c60cc97e362d76ea5e hr-invisible  avia-builder-el-16  avia-builder-el-no-sibling '><span class='hr-inner '><span class=\"hr-inner-style\"><\/span><\/span><\/div>\n<h2 id=\"1\" class=\"position\">Warum ist Elternarbeit in der Kita wichtig?<\/h2>\n<p>Der Kindergarten \u00fcbernimmt einen Erziehungs- und Betreuungsauftrag zum Wohl der ihm anvertrauten Kinder. Und im Idealfall stimmt die p\u00e4dagogische Konzeption der Kita mit den Vorstellungen der Eltern \u00fcberein. Denn f\u00fcr die Kindererziehung sind in erster Linie die Eltern verantwortlich.<\/p>\n<p>Die Eltern haben ein gesetzlich verankertes <strong>Recht auf<\/strong> <strong>Mitwirkung<\/strong> am Kita-Geschehen. Gleichzeitig sind sie aber auch verpflichtet, dieses Recht im Rahmen ihrer M\u00f6glichkeiten einzul\u00f6sen. Eltern und Kita tragen die Erziehungsverantwortung gemeinsam, eine <strong>enge Kooperation<\/strong> ist daher unerl\u00e4sslich.<\/p>\n<h3>Elternarbeit neu definiert<\/h3>\n<p>Was ist Elternarbeit \u00fcberhaupt? Der Begriff, gedacht als Gegen\u00fcber zur p\u00e4dagogischen Arbeit mit Kindern, ist eigentlich veraltet und auch missverst\u00e4ndlich. Das Kita-Personal soll Eltern schlie\u00dflich nicht ma\u00dfregeln; vielmehr geht es um Austausch und Beratung auf Augenh\u00f6he. Nach heutiger Auffassung hei\u00dft es besser: <strong>aktive Bildungs- und Erziehungspartnerschaft mit Eltern<\/strong>. Eine ziemlich umst\u00e4ndliche Bezeichnung, deshalb verwendet man weiterhin den Kurzbegriff Elternarbeit.<\/p>\n<\/div><\/section><\/div>\n\n<style type=\"text\/css\" data-created_by=\"avia_inline_auto\" id=\"style-css-av-hh5al-37-2f2df4ad0c71babeae24831e77d54b8e\">\n.flex_column.av-hh5al-37-2f2df4ad0c71babeae24831e77d54b8e{\nborder-radius:0px 0px 0px 0px;\npadding:0px 0px 0px 0px;\n}\n<\/style>\n<div  class='flex_column av-hh5al-37-2f2df4ad0c71babeae24831e77d54b8e av_one_full  avia-builder-el-17  el_after_av_one_full  el_before_av_one_full  first flex_column_div av-zero-column-padding  column-top-margin'     ><style type=\"text\/css\" data-created_by=\"avia_inline_auto\" id=\"style-css-av-jqz83eqo-27ce055a0849a3c24150a632756f27b1\">\n.av_promobox.av-jqz83eqo-27ce055a0849a3c24150a632756f27b1{\ncolor:#575757;\nbackground:#ffffff;\nborder-color:#575757;\n}\n<\/style>\n<div  class='av_promobox av-jqz83eqo-27ce055a0849a3c24150a632756f27b1 avia-button-no  avia-builder-el-18  avia-builder-el-no-sibling '><div class='avia-promocontent'><p>\nWas ist gemeint, wenn im Bildungsplan f\u00fcr den Kindergarten von <strong>Erziehungspartnerschaft<\/strong> die Rede ist? Alle Bundesl\u00e4nder definieren dies \u00e4hnlich wie beispielsweise die Bayerischen Leitlinien:<\/p>\n<p>\u201eKindertageseinrichtungen sind verpflichtet, bei der Wahrnehmung ihrer Bildungs- und Erziehungsaufgaben eine enge Kooperation mit den Eltern zu suchen und sie an Entscheidungen in wesentlichen Angelegenheiten der Kindertageseinrichtung zu beteiligen.<\/p>\n<p>Anzustreben ist eine Erziehungspartnerschaft, bei der sich Familie und Kindertageseinrichtung f\u00fcreinander \u00f6ffnen, ihre Erziehungsvorstellungen austauschen und zum Wohl der ihnen anvertrauten Kinder kooperieren.\u201c<\/p>\n<p class=\"bildnennung-beitrag\" style=\"text-align: left;\">Quelle: Bayerisches Staatsministerium f\u00fcr Familie, Arbeit und Soziales <a href=\"https:\/\/www.stmas.bayern.de\/kinderbetreuung\/paedagogik\/partnerschaft.php\" target=\"_blank\" rel=\"noopener\">https:\/\/www.stmas.bayern.de\/kinderbetreuung\/paedagogik\/partnerschaft.php<\/a><\/p>\n<p>\n<\/div><\/div><\/div>\n\n<style type=\"text\/css\" data-created_by=\"avia_inline_auto\" id=\"style-css-av-hh5al-34-0280dbefbc2926df8627c982bef81579\">\n.flex_column.av-hh5al-34-0280dbefbc2926df8627c982bef81579{\nborder-radius:0px 0px 0px 0px;\npadding:0px 0px 0px 0px;\n}\n<\/style>\n<div  class='flex_column av-hh5al-34-0280dbefbc2926df8627c982bef81579 av_one_full  avia-builder-el-19  el_after_av_one_full  el_before_av_one_full  first flex_column_div av-zero-column-padding  column-top-margin'     ><section  class='av_textblock_section av-jkuul0eg-36-6987f58fe49d66836142a601b87349ab '  ><div class='avia_textblock' >\n<style type=\"text\/css\" data-created_by=\"avia_inline_auto\" id=\"style-css-av-7c7r8-35-94d523d6dfdac16f621742660bce513a\">\n#top .hr.hr-invisible.av-7c7r8-35-94d523d6dfdac16f621742660bce513a{\nheight:20px;\n}\n<\/style>\n<div  class='hr av-7c7r8-35-94d523d6dfdac16f621742660bce513a hr-invisible  avia-builder-el-21  avia-builder-el-no-sibling '><span class='hr-inner '><span class=\"hr-inner-style\"><\/span><\/span><\/div>\n<h3>Gemeinsame Verantwortung ist Vertrauenssache<\/h3>\n<p>Kita-Erzieher unterst\u00fctzen Kinder verschiedenen Alters in allen Bereichen ihrer Entwicklung. Doch den gr\u00f6\u00dften Einfluss auf den Entwicklungsprozess des Kindes hat nachweislich die Familie. Somit ist die Kita auch auf <strong>Informationen aus der Familie<\/strong> angewiesen, um die Kinder individuell f\u00f6rdern zu k\u00f6nnen. Und Eltern brauchen Vertrauen, um offen \u00fcber die Familiensituation sprechen zu k\u00f6nnen.<\/p>\n<p>Wenn Eltern und Kita gemeinsam Kinder erziehen, m\u00fcssen sie sich abstimmen. Daf\u00fcr ist ein <strong>offenes,<\/strong> <strong>partnerschaftliches Verh\u00e4ltnis<\/strong> die beste Basis. Der respektvolle, wertsch\u00e4tzende Umgang ist wichtig, damit das Kind seine Lebenswelt nicht widerspr\u00fcchlich, sondern als kongruent und stimmig erlebt. Studien belegen, dass sich eine <strong>gute Kooperation<\/strong> zwischen Familie und Kita positiv auf die kindliche Entwicklung auswirkt.<\/p>\n<\/div><\/section><\/div>\n\n<style type=\"text\/css\" data-created_by=\"avia_inline_auto\" id=\"style-css-av-hh5al-33-f0fb9cb2548a3400a117d71e0f43c4a7\">\n.flex_column.av-hh5al-33-f0fb9cb2548a3400a117d71e0f43c4a7{\nborder-radius:0px 0px 0px 0px;\npadding:0px 0px 0px 0px;\n}\n<\/style>\n<div  class='flex_column av-hh5al-33-f0fb9cb2548a3400a117d71e0f43c4a7 av_one_full  avia-builder-el-22  el_after_av_one_full  el_before_av_one_full  first flex_column_div av-zero-column-padding  column-top-margin'     ><section  class='av_textblock_section av-jkuul0eg-32-7ba8de6db9e4d8172b7dc76ef32ea5b2 '  ><div class='avia_textblock' >\n<style type=\"text\/css\" data-created_by=\"avia_inline_auto\" id=\"style-css-av-7c7r8-31-29c5359869adade04410c26c3d9a7c1a\">\n#top .hr.hr-invisible.av-7c7r8-31-29c5359869adade04410c26c3d9a7c1a{\nheight:20px;\n}\n<\/style>\n<div  class='hr av-7c7r8-31-29c5359869adade04410c26c3d9a7c1a hr-invisible  avia-builder-el-24  avia-builder-el-no-sibling '><span class='hr-inner '><span class=\"hr-inner-style\"><\/span><\/span><\/div>\n<h2 id=\"2\" class=\"position\">Was geh\u00f6rt alles zur Elternarbeit?<\/h2>\n<p>In jeder Kita muss j\u00e4hrlich eine <strong>Elternversammlung<\/strong> zur Wahl des Elternbeirats stattfinden. Als Interessenvertreter der Elternschaft ist der <strong>Elternbeirat<\/strong> an Entscheidungen beteiligt und somit ein wichtiger Kooperationspartner. Auch ein Infoabend f\u00fcr<strong> neue Eltern<\/strong> geh\u00f6rt in fast jeder Kita zur obligatorischen Elternarbeit. Solche Veranstaltungen k\u00f6nnen viele Eltern erreichen, das Spektrum der Kooperationsm\u00f6glichkeiten ist aber weitaus gr\u00f6\u00dfer.<\/p>\n<h3>Elternarbeit ist Kommunikation<\/h3>\n<p>Kernpunkt jeder Elternarbeit ist der aktive Dialog. Die wechselseitige \u00d6ffnung von Familie und Kita gelingt nur dann, wenn beide Seiten <strong>miteinander im Gespr\u00e4ch bleiben<\/strong> und sich \u00fcber das Verhalten und die Interessen des Kindes austauschen. Das bedeutet auch, dass Eltern \u00fcber ihre Lebenssituation, ihre Erziehungsziele und -methoden sprechen.<\/p>\n<p>Aufseiten der Kita geht es darum, die t\u00e4gliche p\u00e4dagogische Arbeit <strong>transparent<\/strong> zu machen. Eltern m\u00f6chten wissen, welchen Erziehungsstil die Erziehenden haben, wie sie beispielsweise mit aggressiven Kindern umgehen. Und sie m\u00f6chten erfahren, welchen Lernfortschritt ihr Kind macht, wo es eventuell Schwierigkeiten hat und wie es sich in der Gruppe verh\u00e4lt.<\/p>\n<h3>Formen der Elternarbeit im Kindergarten<\/h3>\n<p>Erziehungspartnerschaft geht \u00fcber den reinen Informationsaustausch hinaus. Eltern und p\u00e4dagogische Fachkr\u00e4fte versuchen, ihr <strong>Erziehungshandeln aufeinander abzustimmen<\/strong>, den Prozess gemeinsam zu gestalten und sich gegenseitig zu unterst\u00fctzen. So k\u00f6nnen sie Erziehungsziele zum Wohl des Kindes vereinbaren und Bildungsangebote vernetzen.<\/p>\n<p>Die verschiedenen Formen der Elternarbeit im Kindergarten f\u00f6rdern gute Kooperation:<\/p>\n<p><a href=\"https:\/\/blog.backwinkel.de\/wp-content\/uploads\/2020\/10\/backwinkel-blog-elternarbeit-kiga-grafik.png\"><img decoding=\"async\" class=\"alignnone wp-image-5345\" src=\"https:\/\/blog.backwinkel.de\/wp-content\/uploads\/2020\/10\/backwinkel-blog-elternarbeit-kiga-grafik.png\" alt=\"\" width=\"650\" height=\"348\" srcset=\"https:\/\/www.backwinkel.de\/blog\/wp-content\/uploads\/2020\/10\/backwinkel-blog-elternarbeit-kiga-grafik.png 2393w, https:\/\/www.backwinkel.de\/blog\/wp-content\/uploads\/2020\/10\/backwinkel-blog-elternarbeit-kiga-grafik-1536x822.png 1536w\" sizes=\"(max-width: 650px) 100vw, 650px\" \/><\/a><\/p>\n<\/div><\/section><\/div>\n\n<style type=\"text\/css\" data-created_by=\"avia_inline_auto\" id=\"style-css-av-hh5al-30-6140df062ea49b25dfca8d66a042de90\">\n.flex_column.av-hh5al-30-6140df062ea49b25dfca8d66a042de90{\nborder-radius:0px 0px 0px 0px;\npadding:0px 0px 0px 0px;\n}\n<\/style>\n<div  class='flex_column av-hh5al-30-6140df062ea49b25dfca8d66a042de90 av_one_full  avia-builder-el-25  el_after_av_one_full  el_before_av_one_full  first flex_column_div av-zero-column-padding  column-top-margin'     ><section  class='av_textblock_section av-jkuul0eg-29-62a7ed2b8ee6d71de7afc06542d3afe7 '  ><div class='avia_textblock' >\n<style type=\"text\/css\" data-created_by=\"avia_inline_auto\" id=\"style-css-av-7c7r8-28-5f61972ed3b25a432a11b1c86633b29c\">\n#top .hr.hr-invisible.av-7c7r8-28-5f61972ed3b25a432a11b1c86633b29c{\nheight:20px;\n}\n<\/style>\n<div  class='hr av-7c7r8-28-5f61972ed3b25a432a11b1c86633b29c hr-invisible  avia-builder-el-27  avia-builder-el-no-sibling '><span class='hr-inner '><span class=\"hr-inner-style\"><\/span><\/span><\/div>\n<h2 id=\"3\" class=\"position\">Wie plane ich Elternarbeit richtig?<\/h2>\n<p>Im Laufe des Kindergartenjahres gibt es feste Termine, zu denen alle Kita-Eltern oder die Eltern einer Kindergruppe eingeladen sind. Au\u00dferdem bietet die Kita regelm\u00e4\u00dfige Gespr\u00e4chszeiten an, um mit einzelnen Eltern \u00fcber die Entwicklungsfortschritte ihres Kindes zu sprechen. All diese Veranstaltungen erfordern eine gr\u00fcndliche Planung und Vorbereitung im Team.<\/p>\n<h3>Nutzen Sie feste Elterntermine im Kindergartenjahr<\/h3>\n<p>1. Der <strong>Elternabend zu Beginn eines Kita-Jahres<\/strong> bietet Ihnen Gelegenheit, p\u00e4dagogische Themen zu besprechen und \u00fcber kommende Projekte in der Kita zu informieren. Aufgrund des begrenzten Zeitrahmens ist es wichtig, die Themen vorher genau festzulegen. Die schriftliche Einladung sollte etwa drei Wochen vor dem Termin erfolgen und m\u00f6glichst alle Tagesordnungspunkte enthalten.<\/p>\n<\/div><\/section><\/div>\n\n<style type=\"text\/css\" data-created_by=\"avia_inline_auto\" id=\"style-css-av-jlnt0i5o-d256db89d9b6aa9bb92f19cfc2475b5b\">\n.flex_column.av-jlnt0i5o-d256db89d9b6aa9bb92f19cfc2475b5b{\nborder-radius:0px 0px 0px 0px;\npadding:10px 10px 10px 10px;\nbackground-color:#e0f1b4;\n}\n<\/style>\n<div  class='flex_column av-jlnt0i5o-d256db89d9b6aa9bb92f19cfc2475b5b av_one_full  avia-builder-el-28  el_after_av_one_full  el_before_av_one_full  first flex_column_div  column-top-margin'     ><style type=\"text\/css\" data-created_by=\"avia_inline_auto\" id=\"style-css-av-jkuvcso3-bf550690b05a5b6ef37ec26a0e850258\">\n#top .av_textblock_section.av-jkuvcso3-bf550690b05a5b6ef37ec26a0e850258 .avia_textblock{\nfont-size:18px;\n}\n<\/style>\n<section  class='av_textblock_section av-jkuvcso3-bf550690b05a5b6ef37ec26a0e850258 '  ><div class='avia_textblock' ><p><strong>Tipp:<\/strong> Manche Themen lassen sich auch gut in Kleingruppen besprechen. Dazu verteilen sich die Eltern auf die jeweiligen Gruppenr\u00e4ume ihrer Kinder und tauschen Erfahrungen aus. Solche Gespr\u00e4che sind meist besonders offen und verbessern die Beziehungen zwischen Eltern und Kita-Personal sowie der Eltern untereinander.<\/p>\n<\/div><\/section><\/div>\n\n<style type=\"text\/css\" data-created_by=\"avia_inline_auto\" id=\"style-css-av-hh5al-27-92890c9f1131781ce682f676d0bbca76\">\n.flex_column.av-hh5al-27-92890c9f1131781ce682f676d0bbca76{\nborder-radius:0px 0px 0px 0px;\npadding:0px 0px 0px 0px;\n}\n<\/style>\n<div  class='flex_column av-hh5al-27-92890c9f1131781ce682f676d0bbca76 av_one_full  avia-builder-el-30  el_after_av_one_full  el_before_av_one_full  first flex_column_div av-zero-column-padding  column-top-margin'     ><section  class='av_textblock_section av-jkuul0eg-26-4fa8b29e76f650f8583d1321ba02638a '  ><div class='avia_textblock' ><p>2. Der <strong>Infoabend zum Start in die Kita-Zeit<\/strong> findet meist vor den Sommerferien statt. In der Regel sind neue Eltern sehr daran interessiert, was im Kindergarten geschieht und warum. Geben Sie ihnen Einblick in die Struktur der Kita, in das p\u00e4dagogische Angebot und die t\u00e4glichen Abl\u00e4ufe. Sehen Sie den Elternabend als Chance, die Eltern von Anfang an als Partner einzubinden.<\/p>\n<\/div><\/section><\/div>\n\n<style type=\"text\/css\" data-created_by=\"avia_inline_auto\" id=\"style-css-av-jlnt0i5o-24-ef8c2d5e27e503e07d15505ab5356ca3\">\n.flex_column.av-jlnt0i5o-24-ef8c2d5e27e503e07d15505ab5356ca3{\nborder-radius:0px 0px 0px 0px;\npadding:10px 10px 10px 10px;\nbackground-color:#e0f1b4;\n}\n<\/style>\n<div  class='flex_column av-jlnt0i5o-24-ef8c2d5e27e503e07d15505ab5356ca3 av_one_full  avia-builder-el-32  el_after_av_one_full  el_before_av_one_full  first flex_column_div  column-top-margin'     ><style type=\"text\/css\" data-created_by=\"avia_inline_auto\" id=\"style-css-av-jkuvcso3-23-3a313d47925db8017f586c73b997eaec\">\n#top .av_textblock_section.av-jkuvcso3-23-3a313d47925db8017f586c73b997eaec .avia_textblock{\nfont-size:18px;\n}\n<\/style>\n<section  class='av_textblock_section av-jkuvcso3-23-3a313d47925db8017f586c73b997eaec '  ><div class='avia_textblock' ><p><strong>Tipp:<\/strong> Auch ein informativer Themenabend sollte immer M\u00f6glichkeiten bieten, miteinander ins Gespr\u00e4ch zu kommen. Dadurch ermutigen Sie die Eltern, sich aktiv einzubringen, und zugleich erfahren Sie viel \u00fcber die Familien der Kinder.<\/p>\n<\/div><\/section><\/div>\n\n<style type=\"text\/css\" data-created_by=\"avia_inline_auto\" id=\"style-css-av-hh5al-22-ffcfec0658e823b2fde141e642541932\">\n.flex_column.av-hh5al-22-ffcfec0658e823b2fde141e642541932{\nborder-radius:0px 0px 0px 0px;\npadding:0px 0px 0px 0px;\n}\n<\/style>\n<div  class='flex_column av-hh5al-22-ffcfec0658e823b2fde141e642541932 av_one_full  avia-builder-el-34  el_after_av_one_full  el_before_av_one_full  first flex_column_div av-zero-column-padding  column-top-margin'     ><section  class='av_textblock_section av-jkuul0eg-21-c8650d517a2871048ebc48fa100dbcc6 '  ><div class='avia_textblock' ><p>3. Ein <strong>Elternabend im Gruppenrahmen<\/strong> erm\u00f6glicht pers\u00f6nlichere Gespr\u00e4che und konkrete Absprachen, etwa zur gemeinsamen Planung einer Projektwoche, oder wenn Sie aus einem bestimmten Anlass \u00fcber ein p\u00e4dagogisches Thema sprechen m\u00f6chten. Um eine intensive Beteiligung anzuregen, k\u00f6nnen Sie den Elternabend als Gespr\u00e4chskreis gestalten. So zeigen Sie, dass die Kita gro\u00dfen Wert auf die Meinung der Eltern legt und sie aktiv mit einbezieht.<\/p>\n<p>Mehr zur Planung von Elterntreffen lesen Sie in unseren Beitrag <a href=\"https:\/\/blog.backwinkel.de\/elternabend-im-kindergarten\/\" target=\"_blank\" rel=\"noopener\">Elternabend im Kindergarten<\/a>.<\/p>\n<h3>F\u00fchren Sie Elterngespr\u00e4che auf Augenh\u00f6he<\/h3>\n<p><strong>Entwicklungsgespr\u00e4che<\/strong> sind zentraler Teil der Elternarbeit in der Kita. Gemeinsam mit den Eltern betrachten Sie den Entwicklungsprozess des Kindes, k\u00f6nnen sich \u00fcber Fortschritte freuen, aber auch F\u00f6rderbedarf in einzelnen Entwicklungsbereichen verdeutlichen.<\/p>\n<p>Ein Entwicklungsgespr\u00e4ch sollte mindestens einmal im Jahr stattfinden, bei unter 3-j\u00e4hrigen \u00f6fter. Auch <strong>\u00dcberg\u00e4nge<\/strong> wie die Aufnahme in den Kindergarten oder der Schuleintritt sind wichtige Anl\u00e4sse f\u00fcr Entwicklungsgespr\u00e4che. Eltern von Vorschulkindern m\u00f6chten meist wissen, wie es um die schulischen Kompetenzen bestellt ist. Betonen Sie immer auch die <strong>Pers\u00f6nlichkeitsentwicklung<\/strong> des Kindes.<\/p>\n<p><strong>F\u00fcr erfolgreiche Gespr\u00e4che mit Eltern gibt es einiges zu beachten: <\/strong><\/p>\n<ul>\n<li>Bei der Vorbereitung legen Sie genau fest, welche Punkte Sie ansprechen m\u00f6chten. Dazu dienen Ihre dokumentierten Beobachtungen, die Sie sp\u00e4ter auch ins Gespr\u00e4ch einbringen.<\/li>\n<li>Im Gespr\u00e4ch lassen Sie den Beobachtungsbogen weg. Vermeiden Sie Fachausdr\u00fccke und erkl\u00e4ren Sie die Dinge mit einfachen Worten.<\/li>\n<li>Beteiligen Sie die Eltern, indem Sie nachfragen, wie sie ihr Kind zu Hause wahrnehmen, womit es sich besch\u00e4ftigt und welche Entwicklung die Eltern beobachten.<\/li>\n<li>Vermitteln Sie den Eltern, dass die aktuelle p\u00e4dagogische Bewertung eine Momentaufnahme ist. Das Gespr\u00e4ch darf sich auf keinen Fall nur um Kritik drehen. Sprechen Sie insbesondere die Talente, St\u00e4rken und Fortschritte des Kindes an.<\/li>\n<li>Fassen Sie die Ergebnisse zusammen. Vereinbaren Sie gemeinsam mit den Eltern die n\u00e4chsten Entwicklungsziele und gegebenenfalls auch Schritte zur speziellen F\u00f6rderung des Kindes.<\/li>\n<\/ul>\n<\/div><\/section><\/div>\n\n<style type=\"text\/css\" data-created_by=\"avia_inline_auto\" id=\"style-css-av-jlnt0i5o-20-b1ce3f6ec5a98cdde022dd2242007ae9\">\n.flex_column.av-jlnt0i5o-20-b1ce3f6ec5a98cdde022dd2242007ae9{\nborder-radius:0px 0px 0px 0px;\npadding:10px 10px 10px 10px;\nbackground-color:#e0f1b4;\n}\n<\/style>\n<div  class='flex_column av-jlnt0i5o-20-b1ce3f6ec5a98cdde022dd2242007ae9 av_one_full  avia-builder-el-36  el_after_av_one_full  el_before_av_one_full  first flex_column_div  column-top-margin'     ><style type=\"text\/css\" data-created_by=\"avia_inline_auto\" id=\"style-css-av-jkuvcso3-19-5610e06831cc7e9e8c319d1887e3e848\">\n#top .av_textblock_section.av-jkuvcso3-19-5610e06831cc7e9e8c319d1887e3e848 .avia_textblock{\nfont-size:18px;\n}\n<\/style>\n<section  class='av_textblock_section av-jkuvcso3-19-5610e06831cc7e9e8c319d1887e3e848 '  ><div class='avia_textblock' ><p><strong>Tipp:<\/strong> Um die Entwicklung des Kindes anschaulich darzustellen, bringen Sie Bastelarbeiten vom Kind, Fotos, Videos oder Tonaufzeichnungen zum Gespr\u00e4ch mit. Wenn das Kind damit einverstanden ist, k\u00f6nnen sich die Eltern auch sein Portfolio anschauen. Weitere Infos zur <a href=\"https:\/\/blog.backwinkel.de\/portfolio-kindergarten\/\" target=\"_blank\" rel=\"noopener\">Portfolioarbeit<\/a> finden Sie in unserem Blog-Beitrag.<\/p>\n<\/div><\/section><\/div>\n\n<style type=\"text\/css\" data-created_by=\"avia_inline_auto\" id=\"style-css-av-hh5al-18-8d44ed9080475bc333e749da47b5d0c8\">\n.flex_column.av-hh5al-18-8d44ed9080475bc333e749da47b5d0c8{\nborder-radius:0px 0px 0px 0px;\npadding:0px 0px 0px 0px;\n}\n<\/style>\n<div  class='flex_column av-hh5al-18-8d44ed9080475bc333e749da47b5d0c8 av_one_full  avia-builder-el-38  el_after_av_one_full  el_before_av_one_full  first flex_column_div av-zero-column-padding  column-top-margin'     ><section  class='av_textblock_section av-jkuul0eg-17-0750084e60fdfba3995fba17679b6ba5 '  ><div class='avia_textblock' ><p>Die Anl\u00e4sse f\u00fcr Elterngespr\u00e4che sind nicht immer erfreulich. Wenn Sie Verhaltensauff\u00e4lligkeiten eines Kindes ansprechen m\u00fcssen, ist <strong>Beratung mit Feingef\u00fchl<\/strong> gefragt. H\u00f6ren Sie sich in Ruhe die Sicht der Eltern an und gehen Sie auch emotional auf sie ein. Denken Sie daran: Die allermeisten Eltern sch\u00e4tzen Ihre professionellen F\u00e4higkeiten und m\u00f6chten von Ihren Erfahrungen profitieren.<\/p>\n<p>Unsere Checkliste hilft Ihnen bei der Vorbereitung von Elterngespr\u00e4chen in der Kita:<\/p>\n<p><a href=\"https:\/\/blog.backwinkel.de\/wp-content\/uploads\/2020\/10\/backwinkel-blog-kiga-elterngesrpaeche-checkliste-zur-vorbereitung.jpg\"><img decoding=\"async\" class=\"alignnone wp-image-5354\" src=\"https:\/\/blog.backwinkel.de\/wp-content\/uploads\/2020\/10\/backwinkel-blog-kiga-elterngesrpaeche-checkliste-zur-vorbereitung.jpg\" alt=\"\" width=\"364\" height=\"515\" srcset=\"https:\/\/www.backwinkel.de\/blog\/wp-content\/uploads\/2020\/10\/backwinkel-blog-kiga-elterngesrpaeche-checkliste-zur-vorbereitung.jpg 1240w, https:\/\/www.backwinkel.de\/blog\/wp-content\/uploads\/2020\/10\/backwinkel-blog-kiga-elterngesrpaeche-checkliste-zur-vorbereitung-1086x1536.jpg 1086w\" sizes=\"(max-width: 364px) 100vw, 364px\" \/><\/a><\/p>\n<div  class='avia-button-wrap av-4tu8ku-98d4e52018ba58a7bcbc7905c99c267d-wrap avia-button-left  avia-builder-el-40  avia-builder-el-no-sibling '><a href='https:\/\/www.backwinkel.de\/downloads\/backwinkel-blog-kiga-elterngesrpaeche-checkliste-zur-vorbereitung.pdf'  class='avia-button av-4tu8ku-98d4e52018ba58a7bcbc7905c99c267d av-link-btn avia-icon_select-no avia-size-medium avia-position-left avia-color-theme-color'  target=\"_blank\"  rel=\"noopener noreferrer\"  aria-label=\"Checkliste \u2013 Download\"><span class='avia_iconbox_title' >Checkliste \u2013 Download<\/span><\/a><\/div>\n<\/div><\/section><\/div>\n\n<style type=\"text\/css\" data-created_by=\"avia_inline_auto\" id=\"style-css-av-hh5al-14-9ab62d48bef4dad42629995e86fc9a6b\">\n.flex_column.av-hh5al-14-9ab62d48bef4dad42629995e86fc9a6b{\nborder-radius:0px 0px 0px 0px;\npadding:0px 0px 0px 0px;\n}\n<\/style>\n<div  class='flex_column av-hh5al-14-9ab62d48bef4dad42629995e86fc9a6b av_one_full  avia-builder-el-41  el_after_av_one_full  el_before_av_one_full  first flex_column_div av-zero-column-padding  column-top-margin'     ><section  class='av_textblock_section av-jkuul0eg-13-98fa49eb0576a6a77f03ef07eb44a365 '  ><div class='avia_textblock' >\n<style type=\"text\/css\" data-created_by=\"avia_inline_auto\" id=\"style-css-av-7c7r8-25-9e3476f5ee29a11fc8f82e0d3fa6da41\">\n#top .hr.hr-invisible.av-7c7r8-25-9e3476f5ee29a11fc8f82e0d3fa6da41{\nheight:20px;\n}\n<\/style>\n<div  class='hr av-7c7r8-25-9e3476f5ee29a11fc8f82e0d3fa6da41 hr-invisible  avia-builder-el-43  avia-builder-el-no-sibling '><span class='hr-inner '><span class=\"hr-inner-style\"><\/span><\/span><\/div>\n<h2 id=\"4\" class=\"position\">Wie gestalte ich die Elternarbeit im Kita-Alltag?<\/h2>\n<p>Legen Sie Wert auf Kontakte und signalisieren Sie, dass die Eltern sich mit ihren Erwartungen und W\u00fcnschen jederzeit an Sie wenden k\u00f6nnen. Kurze Gespr\u00e4che beim Bringen und Abholen der Kinder k\u00f6nnen wichtige <strong>Indikatoren f\u00fcr Ihre Elternarbeit <\/strong>sein. Stimmt die Vertrauensbasis, l\u00e4sst sich manches Problem schnell beheben. H\u00e4ufig gestellte Fragen geben Ihnen einen Hinweis darauf, welche Themen die Eltern gerade besonders bewegen.<\/p>\n<h3>Beteiligen Sie die Eltern am Kita-Leben<\/h3>\n<p>Neben fest vereinbarten Gespr\u00e4chsterminen gibt es zahlreiche weitere M\u00f6glichkeiten, die Sie nutzen k\u00f6nnen, um mit den Eltern aktiv in Kontakt zu treten.<\/p>\n<ul>\n<li><strong>Elternbriefe <\/strong>informieren die Familien regelm\u00e4\u00dfig \u00fcber das Geschehen in der Kita. <strong>Einladungen<\/strong> zu Festen kommen besonders gut an, wenn sie liebevoll gestaltet sind, zum Beispiel mit bunten Kinderzeichnungen oder Fotos. Durch Elternbriefe mit Bitte um Antwort k\u00f6nnen Sie auch <strong>Umfragen<\/strong> starten, um ein Meinungsbild der Elternschaft zu erhalten.<\/li>\n<li><strong>T\u00fcr-und Angel-Gespr\u00e4che <\/strong>sorgen f\u00fcr den schnellen Informationsaustausch. Auf den ersten Blick m\u00f6gen sie belanglos erscheinen, aber in Wahrheit sind sie der emotionale Kitt einer guten Kita-Eltern-Beziehung. Der kleine freundliche Austausch <strong>schafft Sympathie<\/strong> und gibt Eltern das Gef\u00fchl von Konstanz. Allerdings sollten Sie sich zwischen T\u00fcr und Angel <strong>nicht in Konfliktgespr\u00e4che<\/strong> ziehen lassen. Verabreden Sie einen extra Termin oder verweisen Sie auf die Sprechstunden.<\/li>\n<li><strong>Eltern-Kind-Treffs<\/strong> f\u00f6rdern die gegenseitige \u00d6ffnung von Familie und Kita. Veranstalten Sie hin und wieder einen Spiel- oder Bastelnachmittag f\u00fcr Eltern und Kinder. Dabei ergeben sich gute M\u00f6glichkeiten zum Austausch; im Vordergrund steht aber der Spa\u00df am gemeinsamen Tun.<\/li>\n<li><strong>Jahreszeitliche Feste<\/strong> bieten den idealen Rahmen, um zusammen mit Eltern und Kindern zu feiern. Bereits in der Planungsphase sollten Sie die Eltern mit einbeziehen. So zeigen Sie den M\u00fcttern und V\u00e4tern, dass Sie ihre Mitwirkung zu sch\u00e4tzen wissen. Viele Eltern sind dann gerne zur aktiven Mitarbeit bereit.<\/li>\n<\/ul>\n<\/div><\/section><\/div>\n\n<style type=\"text\/css\" data-created_by=\"avia_inline_auto\" id=\"style-css-av-jlnt0i5o-16-db559e70b7b9ab6c1b14c73b464b7f8f\">\n.flex_column.av-jlnt0i5o-16-db559e70b7b9ab6c1b14c73b464b7f8f{\nborder-radius:0px 0px 0px 0px;\npadding:10px 10px 10px 10px;\nbackground-color:#fee3e2;\n}\n<\/style>\n<div  class='flex_column av-jlnt0i5o-16-db559e70b7b9ab6c1b14c73b464b7f8f av_one_full  avia-builder-el-44  el_after_av_one_full  el_before_av_one_full  first flex_column_div  column-top-margin'     ><style type=\"text\/css\" data-created_by=\"avia_inline_auto\" id=\"style-css-av-jkuvcso3-15-1367ee551c47a6f067540061c79de3e2\">\n#top .av_textblock_section.av-jkuvcso3-15-1367ee551c47a6f067540061c79de3e2 .avia_textblock{\nfont-size:22px;\n}\n<\/style>\n<section  class='av_textblock_section av-jkuvcso3-15-1367ee551c47a6f067540061c79de3e2 '  ><div class='avia_textblock' ><p><strong>Wichtig:<\/strong> Durch Ihre Angebote k\u00f6nnen Sie die Familien motivieren, doch eine aktive Zusammenarbeit l\u00e4sst sich nicht erzwingen. Akzeptieren Sie daher, dass es gelegentlich auch Eltern gibt, die sich nur selten oder gar nicht ins Kita-Geschehen einbringen.<\/p>\n<\/div><\/section><\/div>\n\n<style type=\"text\/css\" data-created_by=\"avia_inline_auto\" id=\"style-css-av-hh5al-12-a1bf4bcd187f4a58d377294e15306b2a\">\n.flex_column.av-hh5al-12-a1bf4bcd187f4a58d377294e15306b2a{\nborder-radius:0px 0px 0px 0px;\npadding:0px 0px 0px 0px;\n}\n<\/style>\n<div  class='flex_column av-hh5al-12-a1bf4bcd187f4a58d377294e15306b2a av_one_full  avia-builder-el-46  el_after_av_one_full  el_before_av_one_full  first flex_column_div av-zero-column-padding  column-top-margin'     ><section  class='av_textblock_section av-jkuul0eg-11-3f4623d4da2234e6cf811681efaa426a '  ><div class='avia_textblock' ><h3>Wenn Eltern sich beschweren<\/h3>\n<p>Nicht immer verl\u00e4uft der Dialog harmonisch. Konstruktive Kritik ist zwar wichtig, damit sich die Kita weiterentwickeln kann. Doch wenn <strong>unterschiedliche Standpunkte<\/strong> von Elternteilen und p\u00e4dagogischen Fachkr\u00e4ften aufeinandertreffen, kann das schnell zu Konflikten f\u00fchren. Damit aus Unzufriedenheit kein Frust wird, ist es wichtig, dass alle Beteiligten sich \u00e4u\u00dfern.<\/p>\n<p>Der Erfolg eines Konfliktgespr\u00e4chs h\u00e4ngt stark von Ihrer Gespr\u00e4chsf\u00fchrung ab. Vor allem kommt es darauf an, die oft emotionale Stimmung in <strong>sachliche Bahnen<\/strong> zu lenken. Versuchen Sie, sich in die Situation der Eltern hineinzuversetzen. Geben Sie ihnen Gelegenheit, ihre Sicht ausf\u00fchrlich darzustellen, und <strong>h\u00f6ren sie aufmerksam zu<\/strong>. Die Reflexion \u00fcber Elternbeschwerden sollte m\u00f6glichst im Team erfolgen.<\/p>\n<\/div><\/section><\/div>\n\n<style type=\"text\/css\" data-created_by=\"avia_inline_auto\" id=\"style-css-av-jlnt0i5o-9-848eb9f765d701ce93d0a9ec43cc01d9\">\n.flex_column.av-jlnt0i5o-9-848eb9f765d701ce93d0a9ec43cc01d9{\nborder-radius:0px 0px 0px 0px;\npadding:10px 10px 10px 10px;\nbackground-color:#e0f1b4;\n}\n<\/style>\n<div  class='flex_column av-jlnt0i5o-9-848eb9f765d701ce93d0a9ec43cc01d9 av_one_full  avia-builder-el-48  el_after_av_one_full  el_before_av_one_full  first flex_column_div  column-top-margin'     ><style type=\"text\/css\" data-created_by=\"avia_inline_auto\" id=\"style-css-av-jkuvcso3-8-fd16ba854f90c735a366949828182b54\">\n#top .av_textblock_section.av-jkuvcso3-8-fd16ba854f90c735a366949828182b54 .avia_textblock{\nfont-size:18px;\n}\n<\/style>\n<section  class='av_textblock_section av-jkuvcso3-8-fd16ba854f90c735a366949828182b54 '  ><div class='avia_textblock' ><p><strong>Tipp:<\/strong> Verstehen Sie Beschwerden nicht als Angriff, eher als Verbesserungsvorschlag. Sie m\u00fcssen auch nicht sofort eine Antwort haben. Finden Sie die Kritik ungerechtfertigt, besprechen Sie <strong>im Team <\/strong>die weitere Vorgehensweise. Auch der Elternbeirat kann im Konfliktfall eine Vermittlerrolle einnehmen.<\/p>\n<\/div><\/section><\/div>\n\n<style type=\"text\/css\" data-created_by=\"avia_inline_auto\" id=\"style-css-av-hh5al-7-3d8f67f3fe030a9a9db8010470dfdf23\">\n.flex_column.av-hh5al-7-3d8f67f3fe030a9a9db8010470dfdf23{\nborder-radius:0px 0px 0px 0px;\npadding:0px 0px 0px 0px;\n}\n<\/style>\n<div  class='flex_column av-hh5al-7-3d8f67f3fe030a9a9db8010470dfdf23 av_one_full  avia-builder-el-50  el_after_av_one_full  el_before_av_hr  first flex_column_div av-zero-column-padding  column-top-margin'     ><section  class='av_textblock_section av-jkuul0eg-6-7f2a98cea3a9725b2e43602d2c271bc8 '  ><div class='avia_textblock' >\n<style type=\"text\/css\" data-created_by=\"avia_inline_auto\" id=\"style-css-av-7c7r8-10-afc5bb837a887c59d7da48cd514444a1\">\n#top .hr.hr-invisible.av-7c7r8-10-afc5bb837a887c59d7da48cd514444a1{\nheight:20px;\n}\n<\/style>\n<div  class='hr av-7c7r8-10-afc5bb837a887c59d7da48cd514444a1 hr-invisible  avia-builder-el-52  avia-builder-el-no-sibling '><span class='hr-inner '><span class=\"hr-inner-style\"><\/span><\/span><\/div>\n<h2 id=\"5\" class=\"position\">Ideen f\u00fcr effektive Elternarbeit im Kindergarten<\/h2>\n<p>Gute Kooperation mit den Eltern zahlt sich aus, oftmals ganz praktisch. V\u00e4ter und M\u00fctter k\u00f6nnen mit ihrem Know-how tatkr\u00e4ftige Helfer und Ideengeber bei vielen Aktivit\u00e4ten im Kindergarten sein. Diese Unterst\u00fctzung kann Sie bei <strong>Ihrer Arbeit erheblich entlasten<\/strong>.\u00a0Lesen Sie im Folgenden drei <strong>Beispiele<\/strong>, die Sie einfach jahreszeitenbedingt f\u00fcr Ihre Einrichtung adaptieren:<\/p>\n<ul>\n<li><strong>Sommerfest:<\/strong> F\u00fcr die Organisation von Festen ist aktive Hilfe mehr als willkommen. Bilden Sie ein gemeinsames Festkomitee, das die Aktivit\u00e4ten bereits im Vorfeld koordiniert. Bitten Sie alle Eltern um Mithilfe, sei es f\u00fcr das B\u00fcfett oder als Spielbegleiter. Viele Eltern verf\u00fcgen zudem \u00fcber gute Kontakte. Das kann auch die Sponsorensuche sehr erleichtern.<br \/>\nWeitere Tipps lesen Sie in unserem Blog-Beitrag <a href=\"https:\/\/blog.backwinkel.de\/sommerfest-kindergarten\/\">Sommerfest im Kindergarten<\/a>.<\/li>\n<li><strong>Projekte im Kindergarten:<\/strong> Bei thematischen Projektwochen arbeiten Sie meist mit externen Fachleuten zusammen. Machen Sie Eltern ausfindig, die Kontakte vermitteln oder selbst \u00fcber Fachwissen verf\u00fcgen, zum Beispiel G\u00e4rtner, F\u00f6rster, Feuerwehrleute, Handwerker oder \u00c4rzte.<br \/>\nErfahren Sie mehr zum Thema in unserem Blog-Beitrag <a href=\"https:\/\/blog.backwinkel.de\/projektarbeit-im-kindergarten\/\">Projektarbeit im Kindergarten<\/a>.<\/li>\n<li><strong>Interkulturelle Begegnung:<\/strong> In fast jeder Kita sind Kinder aus verschieden Kulturen. Laden Sie deren Eltern ein, in der Kindergruppe etwas aus ihrem Kulturkreis zu vermitteln, beispielweise M\u00e4rchen, landestypische Spiele oder musikalische Beitr\u00e4ge.<\/li>\n<\/ul>\n<p><strong>Das Erfolgsrezept guter Elternarbeit hei\u00dft netzwerken. <\/strong>Eltern sind motivierter, wenn sie immer gut informiert und in Planungsprozesse eingebunden werden. Wenn Sie die Eltern aktiv am Kita-Leben beteiligen und ihren Einsatz w\u00fcrdigen, sind die meisten gerne bereit, sich auch weiterhin zu engagieren. Dies st\u00e4rkt die Erziehungspartnerschaft nachhaltig.<\/p>\n<\/div><\/section><\/div>\n\n<style type=\"text\/css\" data-created_by=\"avia_inline_auto\" id=\"style-css-av-jkuvdh82-e046385b234beb5bafd3aef55f34bef8\">\n#top .hr.av-jkuvdh82-e046385b234beb5bafd3aef55f34bef8{\nmargin-top:10px;\nmargin-bottom:10px;\n}\n.hr.av-jkuvdh82-e046385b234beb5bafd3aef55f34bef8 .hr-inner{\nwidth:500;\n}\n<\/style>\n<div  class='hr av-jkuvdh82-e046385b234beb5bafd3aef55f34bef8 hr-custom  avia-builder-el-53  el_after_av_one_full  el_before_av_one_full  hr-left hr-icon-no'><span class='hr-inner inner-border-av-border-none'><span class=\"hr-inner-style\"><\/span><\/span><\/div>\n\n<style type=\"text\/css\" data-created_by=\"avia_inline_auto\" id=\"style-css-av-jley1l06-be8863a15e87d33f314fbd4b76b14014\">\n.flex_column.av-jley1l06-be8863a15e87d33f314fbd4b76b14014{\nborder-radius:0px 0px 0px 0px;\npadding:10px 10px 10px 10px;\nbackground-color:#f2f2f2;\n}\n<\/style>\n<div  class='flex_column av-jley1l06-be8863a15e87d33f314fbd4b76b14014 av_one_full  avia-builder-el-54  el_after_av_hr  el_before_av_one_full  first flex_column_div  '     ><section  class='av_textblock_section av-jkuvcso3-5-a3bf0e1d5db7bdd674c0a8273ae918df '  ><div class='avia_textblock' ><p class=\"fussnoten-quellen\"><strong>Lesestoff: <\/strong><\/p>\n<p class=\"fussnoten-quellen\">Hans Dusolt: Elternarbeit als Erziehungspartnerschaft. Weinheim: Beltz 2018.<\/p>\n<p class=\"fussnoten-quellen\">Redaktionsteam Cornelsen Scriptor: Perfekt organisiert in der Elternarbeit. Spannende Elternabende in der Kita mit starken Themen. Berlin: Cornelsen 2017.<\/p>\n<p class=\"fussnoten-quellen\">Redaktionsteam Prokita-Portal: Elternarbeit in der Kita: Gemeinsam die Entwicklung der Kinder f\u00f6rdern. <a href=\"https:\/\/www.prokita-portal.de\/elternarbeit-kita\/\" target=\"_blank\" rel=\"noopener\">https:\/\/www.prokita-portal.de\/elternarbeit-kita\/<\/a><\/p>\n<p class=\"fussnoten-quellen\">Xenia Roth: Handbuch Elternarbeit. Bildungs- und Erziehungspartnerschaft in der Kita. Freiburg: Herder 2014.<\/p>\n<\/div><\/section><\/div>\n\n<style type=\"text\/css\" data-created_by=\"avia_inline_auto\" id=\"style-css-av-jley1l06-3-490c7273fee37db88c2c38a3ee351cd3\">\n.flex_column.av-jley1l06-3-490c7273fee37db88c2c38a3ee351cd3{\nborder-radius:0px 0px 0px 0px;\npadding:10px 10px 10px 10px;\n}\n<\/style>\n<div  class='flex_column av-jley1l06-3-490c7273fee37db88c2c38a3ee351cd3 av_one_full  avia-builder-el-56  el_after_av_one_full  el_before_av_one_full  first flex_column_div  column-top-margin'     ><section  class='av_textblock_section av-jkuvcso3-2-cbd4d9c288de27dd9621fd868dc63f32 '  ><div class='avia_textblock' ><p class=\"copyright\"><strong>\u00a9 Copyright \u2013 Urheberrechtshinweis<\/strong><br \/>\nAlle Inhalte auf www.backwinkel.de sowie www.backwinkel.de\/blog, insbesondere Texte, Fotografien und Grafiken, sind urheberrechtlich gesch\u00fctzt.<br \/>\nDas Urheberrecht liegt, soweit nicht ausdr\u00fccklich anders gekennzeichnet, bei der BACKWINKEL GmbH. Bitte fragen Sie uns, falls Sie die Inhalte dieses Internetangebotes verwenden m\u00f6chten.<br \/>\nWer gegen das Urheberrecht verst\u00f6\u00dft (z. B. Bilder oder Texte unerlaubt kopiert), macht sich gem. \u00a7\u00a7 106 ff UrhG strafbar, wird zudem kostenpflichtig abgemahnt und muss Schadensersatz leisten (\u00a7 97 UrhG).<\/p>\n<\/div><\/section><\/div>\n\n<style type=\"text\/css\" data-created_by=\"avia_inline_auto\" id=\"style-css-av-1p82t-b0e9719fe6c67aa5c6d1abf813961e55\">\n.flex_column.av-1p82t-b0e9719fe6c67aa5c6d1abf813961e55{\nborder-radius:0px 0px 0px 0px;\npadding:0px 0px 0px 0px;\n}\n<\/style>\n<div  class='flex_column av-1p82t-b0e9719fe6c67aa5c6d1abf813961e55 av_one_full  avia-builder-el-58  el_after_av_one_full  avia-builder-el-last  first flex_column_div av-zero-column-padding  column-top-margin'     ><p><section  class='av_textblock_section av-jlp4hxqo-91baaad30cd61f89630d15f8561d1750 '  ><div class='avia_textblock' ><div class=\"shariff shariff-align-left shariff-widget-align-left\"><ul class=\"shariff-buttons theme-color orientation-horizontal buttonsize-medium\"><li class=\"shariff-button whatsapp shariff-nocustomcolor\" style=\"background-color:#5cbe4a\"><a href=\"https:\/\/api.whatsapp.com\/send?text=https%3A%2F%2Fwww.backwinkel.de%2Fblog%2Felternarbeit-kindergarten%2F%20Elternarbeit%20im%20Kindergarten%3A\" title=\"Bei Whatsapp teilen\" aria-label=\"Bei Whatsapp teilen\" role=\"button\" rel=\"noopener nofollow\" class=\"shariff-link\" style=\"; background-color:#34af23; color:#fff\" target=\"_blank\"><span class=\"shariff-icon\" style=\"\"><svg width=\"32px\" height=\"20px\" xmlns=\"http:\/\/www.w3.org\/2000\/svg\" viewBox=\"0 0 32 32\"><path fill=\"#34af23\" d=\"M17.6 17.4q0.2 0 1.7 0.8t1.6 0.9q0 0.1 0 0.3 0 0.6-0.3 1.4-0.3 0.7-1.3 1.2t-1.8 0.5q-1 0-3.4-1.1-1.7-0.8-3-2.1t-2.6-3.3q-1.3-1.9-1.3-3.5v-0.1q0.1-1.6 1.3-2.8 0.4-0.4 0.9-0.4 0.1 0 0.3 0t0.3 0q0.3 0 0.5 0.1t0.3 0.5q0.1 0.4 0.6 1.6t0.4 1.3q0 0.4-0.6 1t-0.6 0.8q0 0.1 0.1 0.3 0.6 1.3 1.8 2.4 1 0.9 2.7 1.8 0.2 0.1 0.4 0.1 0.3 0 1-0.9t0.9-0.9zM14 26.9q2.3 0 4.3-0.9t3.6-2.4 2.4-3.6 0.9-4.3-0.9-4.3-2.4-3.6-3.6-2.4-4.3-0.9-4.3 0.9-3.6 2.4-2.4 3.6-0.9 4.3q0 3.6 2.1 6.6l-1.4 4.2 4.3-1.4q2.8 1.9 6.2 1.9zM14 2.2q2.7 0 5.2 1.1t4.3 2.9 2.9 4.3 1.1 5.2-1.1 5.2-2.9 4.3-4.3 2.9-5.2 1.1q-3.5 0-6.5-1.7l-7.4 2.4 2.4-7.2q-1.9-3.2-1.9-6.9 0-2.7 1.1-5.2t2.9-4.3 4.3-2.9 5.2-1.1z\"\/><\/svg><\/span><span class=\"shariff-text\">teilen<\/span>&nbsp;<\/a><\/li><li class=\"shariff-button facebook shariff-nocustomcolor\" style=\"background-color:#4273c8\"><a href=\"https:\/\/www.facebook.com\/sharer\/sharer.php?u=https%3A%2F%2Fwww.backwinkel.de%2Fblog%2Felternarbeit-kindergarten%2F\" title=\"Bei Facebook teilen\" aria-label=\"Bei Facebook teilen\" role=\"button\" rel=\"nofollow\" class=\"shariff-link\" style=\"; background-color:#3b5998; color:#fff\" target=\"_blank\"><span class=\"shariff-icon\" style=\"\"><svg width=\"32px\" height=\"20px\" xmlns=\"http:\/\/www.w3.org\/2000\/svg\" viewBox=\"0 0 18 32\"><path fill=\"#3b5998\" d=\"M17.1 0.2v4.7h-2.8q-1.5 0-2.1 0.6t-0.5 1.9v3.4h5.2l-0.7 5.3h-4.5v13.6h-5.5v-13.6h-4.5v-5.3h4.5v-3.9q0-3.3 1.9-5.2t5-1.8q2.6 0 4.1 0.2z\"\/><\/svg><\/span><span class=\"shariff-text\">teilen<\/span>&nbsp;<\/a><\/li><li class=\"shariff-button twitter shariff-nocustomcolor\" style=\"background-color:#595959\"><a href=\"https:\/\/twitter.com\/share?url=https%3A%2F%2Fwww.backwinkel.de%2Fblog%2Felternarbeit-kindergarten%2F&text=Elternarbeit%20im%20Kindergarten%3A\" title=\"Bei X teilen\" aria-label=\"Bei X teilen\" role=\"button\" rel=\"noopener nofollow\" class=\"shariff-link\" style=\"; background-color:#000; color:#fff\" target=\"_blank\"><span class=\"shariff-icon\" style=\"\"><svg width=\"32px\" height=\"20px\" xmlns=\"http:\/\/www.w3.org\/2000\/svg\" viewBox=\"0 0 24 24\"><path fill=\"#000\" d=\"M14.258 10.152L23.176 0h-2.113l-7.747 8.813L7.133 0H0l9.352 13.328L0 23.973h2.113l8.176-9.309 6.531 9.309h7.133zm-2.895 3.293l-.949-1.328L2.875 1.56h3.246l6.086 8.523.945 1.328 7.91 11.078h-3.246zm0 0\"\/><\/svg><\/span><span class=\"shariff-text\">teilen<\/span>&nbsp;<\/a><\/li><li class=\"shariff-button pinterest shariff-nocustomcolor\" style=\"background-color:#e70f18\"><a href=\"https:\/\/www.pinterest.com\/pin\/create\/link\/?url=https%3A%2F%2Fwww.backwinkel.de%2Fblog%2Felternarbeit-kindergarten%2F&media=https%3A%2F%2Fwww.backwinkel.de%2Fblog%2Fwp-content%2Fuploads%2F2020%2F10%2Fbackwinkel-blog-elternarbeit-heroimage.jpg&description=Elternarbeit%20im%20Kindergarten%3A\" title=\"Bei Pinterest pinnen\" aria-label=\"Bei Pinterest pinnen\" role=\"button\" rel=\"noopener nofollow\" class=\"shariff-link\" style=\"; background-color:#cb2027; color:#fff\" target=\"_blank\"><span class=\"shariff-icon\" style=\"\"><svg width=\"32px\" height=\"20px\" xmlns=\"http:\/\/www.w3.org\/2000\/svg\" viewBox=\"0 0 27 32\"><path fill=\"#cb2027\" d=\"M27.4 16q0 3.7-1.8 6.9t-5 5-6.9 1.9q-2 0-3.9-0.6 1.1-1.7 1.4-2.9 0.2-0.6 1-3.8 0.4 0.7 1.3 1.2t2 0.5q2.1 0 3.8-1.2t2.7-3.4 0.9-4.8q0-2-1.1-3.8t-3.1-2.9-4.5-1.2q-1.9 0-3.5 0.5t-2.8 1.4-2 2-1.2 2.3-0.4 2.4q0 1.9 0.7 3.3t2.1 2q0.5 0.2 0.7-0.4 0-0.1 0.1-0.5t0.2-0.5q0.1-0.4-0.2-0.8-0.9-1.1-0.9-2.7 0-2.7 1.9-4.6t4.9-2q2.7 0 4.2 1.5t1.5 3.8q0 3-1.2 5.2t-3.1 2.1q-1.1 0-1.7-0.8t-0.4-1.9q0.1-0.6 0.5-1.7t0.5-1.8 0.2-1.4q0-0.9-0.5-1.5t-1.4-0.6q-1.1 0-1.9 1t-0.8 2.6q0 1.3 0.4 2.2l-1.8 7.5q-0.3 1.2-0.2 3.2-3.7-1.6-6-5t-2.3-7.6q0-3.7 1.9-6.9t5-5 6.9-1.9 6.9 1.9 5 5 1.8 6.9z\"\/><\/svg><\/span><span class=\"shariff-text\">merken<\/span>&nbsp;<\/a><\/li><li class=\"shariff-button mailto shariff-nocustomcolor\" style=\"background-color:#a8a8a8\"><a href=\"mailto:?body=https%3A%2F%2Fwww.backwinkel.de%2Fblog%2Felternarbeit-kindergarten%2F&subject=Elternarbeit%20im%20Kindergarten%3A\" title=\"Per E-Mail versenden\" aria-label=\"Per E-Mail versenden\" role=\"button\" rel=\"noopener nofollow\" class=\"shariff-link\" style=\"; background-color:#999; color:#fff\"><span class=\"shariff-icon\" style=\"\"><svg width=\"32px\" height=\"20px\" xmlns=\"http:\/\/www.w3.org\/2000\/svg\" viewBox=\"0 0 32 32\"><path fill=\"#999\" d=\"M32 12.7v14.2q0 1.2-0.8 2t-2 0.9h-26.3q-1.2 0-2-0.9t-0.8-2v-14.2q0.8 0.9 1.8 1.6 6.5 4.4 8.9 6.1 1 0.8 1.6 1.2t1.7 0.9 2 0.4h0.1q0.9 0 2-0.4t1.7-0.9 1.6-1.2q3-2.2 8.9-6.1 1-0.7 1.8-1.6zM32 7.4q0 1.4-0.9 2.7t-2.2 2.2q-6.7 4.7-8.4 5.8-0.2 0.1-0.7 0.5t-1 0.7-0.9 0.6-1.1 0.5-0.9 0.2h-0.1q-0.4 0-0.9-0.2t-1.1-0.5-0.9-0.6-1-0.7-0.7-0.5q-1.6-1.1-4.7-3.2t-3.6-2.6q-1.1-0.7-2.1-2t-1-2.5q0-1.4 0.7-2.3t2.1-0.9h26.3q1.2 0 2 0.8t0.9 2z\"\/><\/svg><\/span><span class=\"shariff-text\">E-Mail<\/span>&nbsp;<\/a><\/li><\/ul><\/div>\n<\/div><\/section><br \/>\n<div  class='tabcontainer av-jlq8shhr-b676e11701d9718d755b04dc68ac4c10 top_tab  avia-builder-el-60  el_after_av_textblock  el_before_av_hr '>\n<section class='av_tab_section av_tab_section av-4w8jsn-17d4c89754803ac141d68451b8b1d1a6' ><div id='tab-id-1-tab' class='tab active_tab' role='tab' aria-selected=\"true\" tabindex=\"0\" data-fake-id='#tab-id-1' aria-controls='tab-id-1-content' >Das BACKWINKEL-Blog-Team:<\/div><div id='tab-id-1-content' class='tab_content active_tab_content' role='tabpanel' aria-labelledby='tab-id-1-tab' aria-hidden=\"false\"><div class='tab_inner_content invers-color' ><p><img decoding=\"async\" class=\"wp-image-1768 alignleft\" title=\"BACKWINKEL-Blog \u2013 Das Team\" src=\"https:\/\/blog.backwinkel.de\/wp-content\/uploads\/2018\/10\/backwinkel-blog-autorenbox-intern_preview-300x198.jpg\" alt=\"\" width=\"300\" height=\"198\" \/>Gibts auch ein Gesicht hinter dem BACKWINKEL-Blog? Ja. Vier ?. Drei davon sogar mit Foto.<\/p>\n<p><span style=\"font-style: inherit !important; font-weight: inherit !important;\">Wir \u2013 Lukas, Tatjana, Stefan und Christine \u2013 bespielen unseren Blog unter dem Motto LACHEN LESEN LERNEN. <\/span><\/p>\n<p><span style=\"font-style: inherit !important; font-weight: inherit !important;\">Lukas kennt sich online so gut aus wie in seiner Westentasche und findet immer spannende Themen, w\u00e4hrend Stefan unseren Beitr\u00e4gen den passenden gestalterischen Rahmen gibt und Tatjana mit dem gr\u00fcnen Korrekturstift alles pr\u00fcfend be\u00e4ugt, was unsere Autorin Christine (und gern auch Gastautoren) f\u00fcr den BACKWINKEL-Blog nach ordentlicher Recherche schreibt.<\/span><\/p>\n<p>Gemeinsam suchen wir st\u00e4ndig nach neuen, aufregenden Themen rund um das Thema Bildung im Kiga, der Schule und zu Hause. Und weil Sie da an der Quelle sitzen, freuen wir uns auf Ihre konstruktiven R\u00fcckmeldungen und Anregungen an <a href=\"mailto:blog@backwinkel.de\">blog@backwinkel.de<\/a><\/p>\n<p>Viel Spa\u00df beim LACHEN LESEN LERNEN!<\/p>\n<\/div><\/div><\/section>\n<\/div><br \/>\n\n<style type=\"text\/css\" data-created_by=\"avia_inline_auto\" id=\"style-css-av-jkuvdh82-4-6046945053f627a2d96600ef67303e9c\">\n#top .hr.av-jkuvdh82-4-6046945053f627a2d96600ef67303e9c{\nmargin-top:10px;\nmargin-bottom:10px;\n}\n.hr.av-jkuvdh82-4-6046945053f627a2d96600ef67303e9c .hr-inner{\nwidth:500;\n}\n<\/style>\n<div  class='hr av-jkuvdh82-4-6046945053f627a2d96600ef67303e9c hr-custom  avia-builder-el-61  el_after_av_tab_container  el_before_av_heading  hr-left hr-icon-no'><span class='hr-inner inner-border-av-border-thin'><span class=\"hr-inner-style\"><\/span><\/span><\/div><br \/>\n\n<style type=\"text\/css\" data-created_by=\"avia_inline_auto\" id=\"style-css-av-2kvx4l-26cf26738d77db581bfabf51b88b95c5\">\n#top .av-special-heading.av-2kvx4l-26cf26738d77db581bfabf51b88b95c5{\npadding-bottom:10px;\n}\nbody .av-special-heading.av-2kvx4l-26cf26738d77db581bfabf51b88b95c5 .av-special-heading-tag .heading-char{\nfont-size:25px;\n}\n.av-special-heading.av-2kvx4l-26cf26738d77db581bfabf51b88b95c5 .av-subheading{\nfont-size:15px;\n}\n<\/style>\n<div  class='av-special-heading av-2kvx4l-26cf26738d77db581bfabf51b88b95c5 av-special-heading-h3 blockquote modern-quote  avia-builder-el-62  el_after_av_hr  el_before_av_blog '><h3 class='av-special-heading-tag '  >PASSENDE BEITR\u00c4GE<\/h3><div class=\"special-heading-border\"><div class=\"special-heading-inner-border\"><\/div><\/div><\/div><br \/>\n<div  data-slideshow-options=\"{&quot;animation&quot;:&quot;fade&quot;,&quot;autoplay&quot;:false,&quot;loop_autoplay&quot;:&quot;once&quot;,&quot;interval&quot;:5,&quot;loop_manual&quot;:&quot;manual-endless&quot;,&quot;autoplay_stopper&quot;:false,&quot;noNavigation&quot;:false,&quot;show_slide_delay&quot;:90}\" class='avia-content-slider avia-content-grid-active avia-content-slider1 avia-content-slider-odd  avia-builder-el-63  el_after_av_heading  avia-builder-el-last  av-slideshow-ui av-control-default   av-no-slider-navigation av-slideshow-manual av-loop-once av-loop-manual-endless ' ><div class=\"avia-content-slider-inner\"><div class=\"slide-entry-wrap\"><article class='slide-entry flex_column  post-entry post-entry-18633 slide-entry-overview slide-loop-1 slide-parity-odd  av_one_third first real-thumbnail posttype-post post-format-standard' ><a href='https:\/\/www.backwinkel.de\/blog\/plastik-recyceln\/' data-rel='slide-1' class='slide-image' title='Plastik recyceln'><img decoding=\"async\" fetchpriority=\"high\" width=\"1200\" height=\"628\" src=\"https:\/\/www.backwinkel.de\/blog\/wp-content\/uploads\/2026\/04\/04_Kiga_Plastik_nachhaltig_nutzen.jpg\" class=\"wp-image-18713 avia-img-lazy-loading-not-18713 attachment-no scaling size-no scaling wp-post-image\" alt=\"\" \/><\/a><div class=\"slide-content\"><header class=\"entry-content-header\" aria-label=\"Slide: Plastik recyceln\"><h3 class='slide-entry-title entry-title ' ><a href='https:\/\/www.backwinkel.de\/blog\/plastik-recyceln\/' title='Plastik recyceln'>Plastik recyceln<\/a><\/h3><span class=\"blog-categories minor-meta\"><a href=\"https:\/\/www.backwinkel.de\/blog\/category\/kindergarten-kita\/\" rel=\"tag\">Kindergarten<\/a> <\/span><span class=\"av-vertical-delimiter\"><\/span><\/header><div class='slide-entry-excerpt entry-content' >Biokunststoff f\u00fcr St\u00fchle, Materialboxen, Spielzeug und Rucks\u00e4cke<\/div><\/div><footer class=\"entry-footer\"><div class=\"slide-meta\"><time class='slide-meta-time updated' >14. April 2026<\/time><\/div><\/footer><\/article><article class='slide-entry flex_column  post-entry post-entry-18716 slide-entry-overview slide-loop-2 slide-parity-even  av_one_third  real-thumbnail posttype-post post-format-standard' ><a href='https:\/\/www.backwinkel.de\/blog\/rechnen-im-anfangsunterricht\/' data-rel='slide-1' class='slide-image' title='Rechnen im Anfangsunterricht'><img decoding=\"async\" fetchpriority=\"high\" width=\"1200\" height=\"628\" src=\"https:\/\/www.backwinkel.de\/blog\/wp-content\/uploads\/2026\/04\/04_Schule_Rechnen_anfangsunterricht.jpg\" class=\"wp-image-18748 avia-img-lazy-loading-not-18748 attachment-no scaling size-no scaling wp-post-image\" alt=\"\" \/><\/a><div class=\"slide-content\"><header class=\"entry-content-header\" aria-label=\"Slide: Rechnen im Anfangsunterricht\"><h3 class='slide-entry-title entry-title ' ><a href='https:\/\/www.backwinkel.de\/blog\/rechnen-im-anfangsunterricht\/' title='Rechnen im Anfangsunterricht'>Rechnen im Anfangsunterricht<\/a><\/h3><span class=\"blog-categories minor-meta\"><a href=\"https:\/\/www.backwinkel.de\/blog\/category\/schule-grundschule\/\" rel=\"tag\">Schule<\/a> <\/span><span class=\"av-vertical-delimiter\"><\/span><\/header><div class='slide-entry-excerpt entry-content' >Das Klassenzimmer als Lernlandschaft<\/div><\/div><footer class=\"entry-footer\"><div class=\"slide-meta\"><time class='slide-meta-time updated' >14. April 2026<\/time><\/div><\/footer><\/article><article class='slide-entry flex_column  post-entry post-entry-18372 slide-entry-overview slide-loop-3 slide-parity-odd  post-entry-last  av_one_third  real-thumbnail posttype-post post-format-standard' ><a href='https:\/\/www.backwinkel.de\/blog\/kranke-kinder-im-kindergarten\/' data-rel='slide-1' class='slide-image' title='Kranke Kinder im Kindergarten'><img decoding=\"async\" fetchpriority=\"high\" width=\"1200\" height=\"628\" src=\"https:\/\/www.backwinkel.de\/blog\/wp-content\/uploads\/2026\/03\/03_Kiga_Kranke_Kinder.jpg\" class=\"wp-image-18451 avia-img-lazy-loading-not-18451 attachment-no scaling size-no scaling wp-post-image\" alt=\"Thema: Kranke Kinder. Auf dem Bild ist ein krankes kleines M\u00e4dchen zu sehen. Eine Frau mit einem Fieberthermometer in der Hand sitzt neben ihr und hat die Hand auf der Stirn des M\u00e4dchens.\" \/><\/a><div class=\"slide-content\"><header class=\"entry-content-header\" aria-label=\"Slide: Kranke Kinder im Kindergarten\"><h3 class='slide-entry-title entry-title ' ><a href='https:\/\/www.backwinkel.de\/blog\/kranke-kinder-im-kindergarten\/' title='Kranke Kinder im Kindergarten'>Kranke Kinder im Kindergarten<\/a><\/h3><span class=\"blog-categories minor-meta\"><a href=\"https:\/\/www.backwinkel.de\/blog\/category\/kindergarten-kita\/\" rel=\"tag\">Kindergarten<\/a> <\/span><span class=\"av-vertical-delimiter\"><\/span><\/header><div class='slide-entry-excerpt entry-content' >Auswirkungen f\u00fcr Kinder, Eltern und Fachkr\u00e4fte<\/div><\/div><footer class=\"entry-footer\"><div class=\"slide-meta\"><time class='slide-meta-time updated' >9. M\u00e4rz 2026<\/time><\/div><\/footer><\/article><\/div><\/div><\/div><\/p><\/div>\n","protected":false},"excerpt":{"rendered":"<p>Wie die Erziehungspartnerschaft mit den Eltern gut funktioniert <\/p>\n","protected":false},"author":3,"featured_media":5340,"comment_status":"closed","ping_status":"closed","sticky":false,"template":"","format":"standard","meta":{"inline_featured_image":false,"footnotes":""},"categories":[5],"tags":[],"class_list":["post-5338","post","type-post","status-publish","format-standard","has-post-thumbnail","hentry","category-kindergarten-kita"],"yoast_head":"<!-- This site is optimized with the Yoast SEO plugin v27.4 - https:\/\/yoast.com\/product\/yoast-seo-wordpress\/ -->\n<title>Elternarbeit im Kindergarten \u00bb Ideen, Tipps und Material | BACKWINKEL Blog<\/title>\n<meta name=\"description\" content=\"Ideen f\u00fcr eine effektive Elternarbeit im Kindergarten und hilfreiche Tipps zur Planung und Gestaltung von Elterngespr\u00e4chen \u271a Kostenlose Checkliste zum Ausdrucken \u2713 Jetzt lesen!\" \/>\n<meta name=\"robots\" content=\"index, follow, max-snippet:-1, max-image-preview:large, max-video-preview:-1\" \/>\n<link rel=\"canonical\" href=\"https:\/\/www.backwinkel.de\/blog\/elternarbeit-kindergarten\/\" \/>\n<meta property=\"og:locale\" content=\"de_DE\" \/>\n<meta property=\"og:type\" content=\"article\" \/>\n<meta property=\"og:title\" content=\"Elternarbeit im Kindergarten \u00bb Ideen, Tipps und Material | BACKWINKEL Blog\" \/>\n<meta property=\"og:description\" content=\"Ideen f\u00fcr eine effektive Elternarbeit im Kindergarten und hilfreiche Tipps zur Planung und Gestaltung von Elterngespr\u00e4chen \u271a Kostenlose Checkliste zum Ausdrucken \u2713 Jetzt lesen!\" \/>\n<meta property=\"og:url\" content=\"https:\/\/www.backwinkel.de\/blog\/elternarbeit-kindergarten\/\" \/>\n<meta property=\"og:site_name\" content=\"BACKWINKEL Blog\" \/>\n<meta property=\"article:published_time\" content=\"2020-11-09T08:33:51+00:00\" \/>\n<meta property=\"article:modified_time\" content=\"2026-04-22T10:01:26+00:00\" \/>\n<meta property=\"og:image\" content=\"https:\/\/www.backwinkel.de\/blog\/wp-content\/uploads\/2020\/10\/backwinkel-blog-elternarbeit-heroimage.jpg\" \/>\n\t<meta property=\"og:image:width\" content=\"1200\" \/>\n\t<meta property=\"og:image:height\" content=\"628\" \/>\n\t<meta property=\"og:image:type\" content=\"image\/jpeg\" \/>\n<meta name=\"author\" content=\"BACKWINKEL\" \/>\n<meta name=\"twitter:card\" content=\"summary_large_image\" \/>\n<meta name=\"twitter:label1\" content=\"Verfasst von\" \/>\n\t<meta name=\"twitter:data1\" content=\"BACKWINKEL\" \/>\n\t<meta name=\"twitter:label2\" content=\"Gesch\u00e4tzte Lesezeit\" \/>\n\t<meta name=\"twitter:data2\" content=\"16\u00a0Minuten\" \/>\n<script type=\"application\/ld+json\" class=\"yoast-schema-graph\">{\"@context\":\"https:\\\/\\\/schema.org\",\"@graph\":[{\"@type\":\"Article\",\"@id\":\"https:\\\/\\\/www.backwinkel.de\\\/blog\\\/elternarbeit-kindergarten\\\/#article\",\"isPartOf\":{\"@id\":\"https:\\\/\\\/www.backwinkel.de\\\/blog\\\/elternarbeit-kindergarten\\\/\"},\"author\":{\"name\":\"BACKWINKEL\",\"@id\":\"https:\\\/\\\/www.backwinkel.de\\\/blog\\\/#\\\/schema\\\/person\\\/3d64575316540d25f7866264a4b7cd24\"},\"headline\":\"Elternarbeit im Kindergarten:\",\"datePublished\":\"2020-11-09T08:33:51+00:00\",\"dateModified\":\"2026-04-22T10:01:26+00:00\",\"mainEntityOfPage\":{\"@id\":\"https:\\\/\\\/www.backwinkel.de\\\/blog\\\/elternarbeit-kindergarten\\\/\"},\"wordCount\":6508,\"image\":{\"@id\":\"https:\\\/\\\/www.backwinkel.de\\\/blog\\\/elternarbeit-kindergarten\\\/#primaryimage\"},\"thumbnailUrl\":\"https:\\\/\\\/www.backwinkel.de\\\/blog\\\/wp-content\\\/uploads\\\/2020\\\/10\\\/backwinkel-blog-elternarbeit-heroimage.jpg\",\"articleSection\":[\"Kindergarten\"],\"inLanguage\":\"de\"},{\"@type\":\"WebPage\",\"@id\":\"https:\\\/\\\/www.backwinkel.de\\\/blog\\\/elternarbeit-kindergarten\\\/\",\"url\":\"https:\\\/\\\/www.backwinkel.de\\\/blog\\\/elternarbeit-kindergarten\\\/\",\"name\":\"Elternarbeit im Kindergarten \u00bb Ideen, Tipps und Material | BACKWINKEL Blog\",\"isPartOf\":{\"@id\":\"https:\\\/\\\/www.backwinkel.de\\\/blog\\\/#website\"},\"primaryImageOfPage\":{\"@id\":\"https:\\\/\\\/www.backwinkel.de\\\/blog\\\/elternarbeit-kindergarten\\\/#primaryimage\"},\"image\":{\"@id\":\"https:\\\/\\\/www.backwinkel.de\\\/blog\\\/elternarbeit-kindergarten\\\/#primaryimage\"},\"thumbnailUrl\":\"https:\\\/\\\/www.backwinkel.de\\\/blog\\\/wp-content\\\/uploads\\\/2020\\\/10\\\/backwinkel-blog-elternarbeit-heroimage.jpg\",\"datePublished\":\"2020-11-09T08:33:51+00:00\",\"dateModified\":\"2026-04-22T10:01:26+00:00\",\"author\":{\"@id\":\"https:\\\/\\\/www.backwinkel.de\\\/blog\\\/#\\\/schema\\\/person\\\/3d64575316540d25f7866264a4b7cd24\"},\"description\":\"Ideen f\u00fcr eine effektive Elternarbeit im Kindergarten und hilfreiche Tipps zur Planung und Gestaltung von Elterngespr\u00e4chen \u271a Kostenlose Checkliste zum Ausdrucken \u2713 Jetzt lesen!\",\"breadcrumb\":{\"@id\":\"https:\\\/\\\/www.backwinkel.de\\\/blog\\\/elternarbeit-kindergarten\\\/#breadcrumb\"},\"inLanguage\":\"de\",\"potentialAction\":[{\"@type\":\"ReadAction\",\"target\":[\"https:\\\/\\\/www.backwinkel.de\\\/blog\\\/elternarbeit-kindergarten\\\/\"]}]},{\"@type\":\"ImageObject\",\"inLanguage\":\"de\",\"@id\":\"https:\\\/\\\/www.backwinkel.de\\\/blog\\\/elternarbeit-kindergarten\\\/#primaryimage\",\"url\":\"https:\\\/\\\/www.backwinkel.de\\\/blog\\\/wp-content\\\/uploads\\\/2020\\\/10\\\/backwinkel-blog-elternarbeit-heroimage.jpg\",\"contentUrl\":\"https:\\\/\\\/www.backwinkel.de\\\/blog\\\/wp-content\\\/uploads\\\/2020\\\/10\\\/backwinkel-blog-elternarbeit-heroimage.jpg\",\"width\":1200,\"height\":628},{\"@type\":\"BreadcrumbList\",\"@id\":\"https:\\\/\\\/www.backwinkel.de\\\/blog\\\/elternarbeit-kindergarten\\\/#breadcrumb\",\"itemListElement\":[{\"@type\":\"ListItem\",\"position\":1,\"name\":\"Startseite\",\"item\":\"https:\\\/\\\/blog.backwinkel.de\\\/aktuelles\\\/\"},{\"@type\":\"ListItem\",\"position\":2,\"name\":\"Elternarbeit im Kindergarten:\"}]},{\"@type\":\"WebSite\",\"@id\":\"https:\\\/\\\/www.backwinkel.de\\\/blog\\\/#website\",\"url\":\"https:\\\/\\\/www.backwinkel.de\\\/blog\\\/\",\"name\":\"BACKWINKEL Blog\",\"description\":\"f\u00fcr Lehrer, Erzieher und Eltern\",\"potentialAction\":[{\"@type\":\"SearchAction\",\"target\":{\"@type\":\"EntryPoint\",\"urlTemplate\":\"https:\\\/\\\/www.backwinkel.de\\\/blog\\\/?s={search_term_string}\"},\"query-input\":{\"@type\":\"PropertyValueSpecification\",\"valueRequired\":true,\"valueName\":\"search_term_string\"}}],\"inLanguage\":\"de\"},{\"@type\":\"Person\",\"@id\":\"https:\\\/\\\/www.backwinkel.de\\\/blog\\\/#\\\/schema\\\/person\\\/3d64575316540d25f7866264a4b7cd24\",\"name\":\"BACKWINKEL\",\"sameAs\":[\"http:\\\/\\\/www.backwinkel.de\"],\"url\":\"https:\\\/\\\/www.backwinkel.de\\\/blog\\\/author\\\/backwinkel\\\/\"}]}<\/script>\n<!-- \/ Yoast SEO plugin. -->","yoast_head_json":{"title":"Elternarbeit im Kindergarten \u00bb Ideen, Tipps und Material | BACKWINKEL Blog","description":"Ideen f\u00fcr eine effektive Elternarbeit im Kindergarten und hilfreiche Tipps zur Planung und Gestaltung von Elterngespr\u00e4chen \u271a Kostenlose Checkliste zum Ausdrucken \u2713 Jetzt lesen!","robots":{"index":"index","follow":"follow","max-snippet":"max-snippet:-1","max-image-preview":"max-image-preview:large","max-video-preview":"max-video-preview:-1"},"canonical":"https:\/\/www.backwinkel.de\/blog\/elternarbeit-kindergarten\/","og_locale":"de_DE","og_type":"article","og_title":"Elternarbeit im Kindergarten \u00bb Ideen, Tipps und Material | BACKWINKEL Blog","og_description":"Ideen f\u00fcr eine effektive Elternarbeit im Kindergarten und hilfreiche Tipps zur Planung und Gestaltung von Elterngespr\u00e4chen \u271a Kostenlose Checkliste zum Ausdrucken \u2713 Jetzt lesen!","og_url":"https:\/\/www.backwinkel.de\/blog\/elternarbeit-kindergarten\/","og_site_name":"BACKWINKEL Blog","article_published_time":"2020-11-09T08:33:51+00:00","article_modified_time":"2026-04-22T10:01:26+00:00","og_image":[{"width":1200,"height":628,"url":"https:\/\/www.backwinkel.de\/blog\/wp-content\/uploads\/2020\/10\/backwinkel-blog-elternarbeit-heroimage.jpg","type":"image\/jpeg"}],"author":"BACKWINKEL","twitter_card":"summary_large_image","twitter_misc":{"Verfasst von":"BACKWINKEL","Gesch\u00e4tzte Lesezeit":"16\u00a0Minuten"},"schema":{"@context":"https:\/\/schema.org","@graph":[{"@type":"Article","@id":"https:\/\/www.backwinkel.de\/blog\/elternarbeit-kindergarten\/#article","isPartOf":{"@id":"https:\/\/www.backwinkel.de\/blog\/elternarbeit-kindergarten\/"},"author":{"name":"BACKWINKEL","@id":"https:\/\/www.backwinkel.de\/blog\/#\/schema\/person\/3d64575316540d25f7866264a4b7cd24"},"headline":"Elternarbeit im Kindergarten:","datePublished":"2020-11-09T08:33:51+00:00","dateModified":"2026-04-22T10:01:26+00:00","mainEntityOfPage":{"@id":"https:\/\/www.backwinkel.de\/blog\/elternarbeit-kindergarten\/"},"wordCount":6508,"image":{"@id":"https:\/\/www.backwinkel.de\/blog\/elternarbeit-kindergarten\/#primaryimage"},"thumbnailUrl":"https:\/\/www.backwinkel.de\/blog\/wp-content\/uploads\/2020\/10\/backwinkel-blog-elternarbeit-heroimage.jpg","articleSection":["Kindergarten"],"inLanguage":"de"},{"@type":"WebPage","@id":"https:\/\/www.backwinkel.de\/blog\/elternarbeit-kindergarten\/","url":"https:\/\/www.backwinkel.de\/blog\/elternarbeit-kindergarten\/","name":"Elternarbeit im Kindergarten \u00bb Ideen, Tipps und Material | BACKWINKEL Blog","isPartOf":{"@id":"https:\/\/www.backwinkel.de\/blog\/#website"},"primaryImageOfPage":{"@id":"https:\/\/www.backwinkel.de\/blog\/elternarbeit-kindergarten\/#primaryimage"},"image":{"@id":"https:\/\/www.backwinkel.de\/blog\/elternarbeit-kindergarten\/#primaryimage"},"thumbnailUrl":"https:\/\/www.backwinkel.de\/blog\/wp-content\/uploads\/2020\/10\/backwinkel-blog-elternarbeit-heroimage.jpg","datePublished":"2020-11-09T08:33:51+00:00","dateModified":"2026-04-22T10:01:26+00:00","author":{"@id":"https:\/\/www.backwinkel.de\/blog\/#\/schema\/person\/3d64575316540d25f7866264a4b7cd24"},"description":"Ideen f\u00fcr eine effektive Elternarbeit im Kindergarten und hilfreiche Tipps zur Planung und Gestaltung von Elterngespr\u00e4chen \u271a Kostenlose Checkliste zum Ausdrucken \u2713 Jetzt lesen!","breadcrumb":{"@id":"https:\/\/www.backwinkel.de\/blog\/elternarbeit-kindergarten\/#breadcrumb"},"inLanguage":"de","potentialAction":[{"@type":"ReadAction","target":["https:\/\/www.backwinkel.de\/blog\/elternarbeit-kindergarten\/"]}]},{"@type":"ImageObject","inLanguage":"de","@id":"https:\/\/www.backwinkel.de\/blog\/elternarbeit-kindergarten\/#primaryimage","url":"https:\/\/www.backwinkel.de\/blog\/wp-content\/uploads\/2020\/10\/backwinkel-blog-elternarbeit-heroimage.jpg","contentUrl":"https:\/\/www.backwinkel.de\/blog\/wp-content\/uploads\/2020\/10\/backwinkel-blog-elternarbeit-heroimage.jpg","width":1200,"height":628},{"@type":"BreadcrumbList","@id":"https:\/\/www.backwinkel.de\/blog\/elternarbeit-kindergarten\/#breadcrumb","itemListElement":[{"@type":"ListItem","position":1,"name":"Startseite","item":"https:\/\/blog.backwinkel.de\/aktuelles\/"},{"@type":"ListItem","position":2,"name":"Elternarbeit im Kindergarten:"}]},{"@type":"WebSite","@id":"https:\/\/www.backwinkel.de\/blog\/#website","url":"https:\/\/www.backwinkel.de\/blog\/","name":"BACKWINKEL Blog","description":"f\u00fcr Lehrer, Erzieher und Eltern","potentialAction":[{"@type":"SearchAction","target":{"@type":"EntryPoint","urlTemplate":"https:\/\/www.backwinkel.de\/blog\/?s={search_term_string}"},"query-input":{"@type":"PropertyValueSpecification","valueRequired":true,"valueName":"search_term_string"}}],"inLanguage":"de"},{"@type":"Person","@id":"https:\/\/www.backwinkel.de\/blog\/#\/schema\/person\/3d64575316540d25f7866264a4b7cd24","name":"BACKWINKEL","sameAs":["http:\/\/www.backwinkel.de"],"url":"https:\/\/www.backwinkel.de\/blog\/author\/backwinkel\/"}]}},"_links":{"self":[{"href":"https:\/\/www.backwinkel.de\/blog\/wp-json\/wp\/v2\/posts\/5338","targetHints":{"allow":["GET"]}}],"collection":[{"href":"https:\/\/www.backwinkel.de\/blog\/wp-json\/wp\/v2\/posts"}],"about":[{"href":"https:\/\/www.backwinkel.de\/blog\/wp-json\/wp\/v2\/types\/post"}],"author":[{"embeddable":true,"href":"https:\/\/www.backwinkel.de\/blog\/wp-json\/wp\/v2\/users\/3"}],"replies":[{"embeddable":true,"href":"https:\/\/www.backwinkel.de\/blog\/wp-json\/wp\/v2\/comments?post=5338"}],"version-history":[{"count":5,"href":"https:\/\/www.backwinkel.de\/blog\/wp-json\/wp\/v2\/posts\/5338\/revisions"}],"predecessor-version":[{"id":18895,"href":"https:\/\/www.backwinkel.de\/blog\/wp-json\/wp\/v2\/posts\/5338\/revisions\/18895"}],"wp:featuredmedia":[{"embeddable":true,"href":"https:\/\/www.backwinkel.de\/blog\/wp-json\/wp\/v2\/media\/5340"}],"wp:attachment":[{"href":"https:\/\/www.backwinkel.de\/blog\/wp-json\/wp\/v2\/media?parent=5338"}],"wp:term":[{"taxonomy":"category","embeddable":true,"href":"https:\/\/www.backwinkel.de\/blog\/wp-json\/wp\/v2\/categories?post=5338"},{"taxonomy":"post_tag","embeddable":true,"href":"https:\/\/www.backwinkel.de\/blog\/wp-json\/wp\/v2\/tags?post=5338"}],"curies":[{"name":"wp","href":"https:\/\/api.w.org\/{rel}","templated":true}]}}