{"id":5018,"date":"2020-09-07T09:56:08","date_gmt":"2020-09-07T07:56:08","guid":{"rendered":"https:\/\/blog.backwinkel.de\/?p=5018"},"modified":"2026-04-22T11:51:28","modified_gmt":"2026-04-22T09:51:28","slug":"elternabend-im-kindergarten","status":"publish","type":"post","link":"https:\/\/www.backwinkel.de\/blog\/elternabend-im-kindergarten\/","title":{"rendered":"Elternabend im Kindergarten"},"content":{"rendered":"\n<style type=\"text\/css\" data-created_by=\"avia_inline_auto\" id=\"style-css-av-8vdv8-f7e0dae999cc49bc529a70f67b346526\">\n.flex_column.av-8vdv8-f7e0dae999cc49bc529a70f67b346526{\nborder-radius:0px 0px 0px 0px;\npadding:0px 0px 0px 0px;\n}\n<\/style>\n<div  class='flex_column av-8vdv8-f7e0dae999cc49bc529a70f67b346526 av_one_full  avia-builder-el-0  el_before_av_three_fifth  avia-builder-el-first  first flex_column_div av-zero-column-padding  '     ><p>\n<style type=\"text\/css\" data-created_by=\"avia_inline_auto\" id=\"style-css-av-jl6mo8rj-605eccf9df0dce9c3ffb6a57636da99d\">\n#top .hr.hr-invisible.av-jl6mo8rj-605eccf9df0dce9c3ffb6a57636da99d{\nmargin-top:0px;\nheight:1px;\n}\n<\/style>\n<div  class='hr av-jl6mo8rj-605eccf9df0dce9c3ffb6a57636da99d hr-invisible  avia-builder-el-1  el_before_av_heading  avia-builder-el-first '><span class='hr-inner '><span class=\"hr-inner-style\"><\/span><\/span><\/div><br \/>\n\n<style type=\"text\/css\" data-created_by=\"avia_inline_auto\" id=\"style-css-av-1tnd16-86705843b76ab0f6073d923d67a99fc2\">\n#top .av-special-heading.av-1tnd16-86705843b76ab0f6073d923d67a99fc2{\npadding-bottom:10px;\n}\nbody .av-special-heading.av-1tnd16-86705843b76ab0f6073d923d67a99fc2 .av-special-heading-tag .heading-char{\nfont-size:25px;\n}\n.av-special-heading.av-1tnd16-86705843b76ab0f6073d923d67a99fc2 .av-subheading{\nfont-size:15px;\n}\n<\/style>\n<div  class='av-special-heading av-1tnd16-86705843b76ab0f6073d923d67a99fc2 av-special-heading-h1 blockquote modern-quote  avia-builder-el-2  el_after_av_hr  el_before_av_post_metadata  av-linked-heading'><h1 class='av-special-heading-tag '  >Elternabend im Kindergarten. Gut vorbereitet in neue Aufgaben<\/h1><div class='av-subheading av-subheading_below'><p class=\"autorenname\">Christine Hagemann<\/p>\n<\/div><div class=\"special-heading-border\"><div class=\"special-heading-inner-border\"><\/div><\/div><\/div><br \/>\n\n<style type=\"text\/css\" data-created_by=\"avia_inline_auto\" id=\"style-css-av-661ai2-32695dbef07b7b567b1cc255a114eea5\">\n#top .av-post-metadata-container.av-661ai2-32695dbef07b7b567b1cc255a114eea5{\nfont-size:12px;\n}\n#top .av-post-metadata-container.av-661ai2-32695dbef07b7b567b1cc255a114eea5 .av-post-metadata-container-inner{\nfont-size:12px;\n}\n<\/style>\n<div  class='av-post-metadata-container av-661ai2-32695dbef07b7b567b1cc255a114eea5 av-metadata-container-align-left  avia-builder-el-3  el_after_av_heading  el_before_av_textblock  av-metadata-container-1'><div class='av-post-metadata-container-inner'><span class=\"av-post-metadata-content av-post-metadata-meta-content\"><span class=\"av-post-metadata-content av-post-metadata-modified\"><span class=\"av-metadata-before av-metadata-before-modified\">Aktualisiert:<\/span><span class=\"av-post-metadata-modified-date\" >22. April 2026<\/span><\/span><span class=\"av-post-metadata-content av-post-metadata-separator\">\/<\/span><span class=\"av-post-metadata-content av-post-metadata-modified\"><span class=\"av-metadata-before av-metadata-before-modified\">Zuletzt aktualisiert:<\/span><span class=\"av-post-metadata-modified-date\" >22. April 2026<\/span><\/span><\/span><\/div><\/div><br \/>\n\n<style type=\"text\/css\" data-created_by=\"avia_inline_auto\" id=\"style-css-av-jkuubohz-8fca5ffce642cf8e1fbd093c1d421e49\">\n#top .av_textblock_section.av-jkuubohz-8fca5ffce642cf8e1fbd093c1d421e49 .avia_textblock{\nfont-size:20px;\n}\n<\/style>\n<section  class='av_textblock_section av-jkuubohz-8fca5ffce642cf8e1fbd093c1d421e49 '  ><div class='avia_textblock' ><p class=\"einleitungstext-beitrag\">Elternbeteiligung in Betreuungseinrichtungen st\u00e4rken das Vertrauen in Ihre t\u00e4gliche Bildungsarbeit. Der Elternabend im Kindergarten erm\u00f6glicht Eltern und Fachkr\u00e4ften einen konstruktiven Austausch.<\/p>\n<\/div><\/section><br \/>\n\n<style type=\"text\/css\" data-created_by=\"avia_inline_auto\" id=\"style-css-av-jkuuo5h6-5daf141f44a1928473f9c6f2771d45e0\">\n.avia-image-container.av-jkuuo5h6-5daf141f44a1928473f9c6f2771d45e0 img.avia_image{\nbox-shadow:none;\n}\n.avia-image-container.av-jkuuo5h6-5daf141f44a1928473f9c6f2771d45e0 .av-image-caption-overlay-center{\ncolor:#ffffff;\n}\n<\/style>\n<div  class='avia-image-container av-jkuuo5h6-5daf141f44a1928473f9c6f2771d45e0 av-styling- avia-align-center  avia-builder-el-5  el_after_av_textblock  el_before_av_hr '  ><div class=\"avia-image-container-inner\"><div class=\"avia-image-overlay-wrap\"><img decoding=\"async\" fetchpriority=\"high\" class='wp-image-5036 avia-img-lazy-loading-not-5036 avia_image ' src=\"https:\/\/www.backwinkel.de\/blog\/wp-content\/uploads\/2020\/09\/backwinkel-blog-elternabend-in-der-kita-heroimage.jpg\" alt='' title='backwinkel-blog-elternabend-in-der-kita-heroimage'  height=\"628\" width=\"1200\"  \/><\/div><\/div><\/div><br \/>\n\n<style type=\"text\/css\" data-created_by=\"avia_inline_auto\" id=\"style-css-av-jl6mo8rj-27-c5ecfff03b7ea4d2a4887eeb880f56b7\">\n#top .hr.hr-invisible.av-jl6mo8rj-27-c5ecfff03b7ea4d2a4887eeb880f56b7{\nheight:5px;\n}\n<\/style>\n<div  class='hr av-jl6mo8rj-27-c5ecfff03b7ea4d2a4887eeb880f56b7 hr-invisible  avia-builder-el-6  el_after_av_image  el_before_av_textblock '><span class='hr-inner '><span class=\"hr-inner-style\"><\/span><\/span><\/div><br \/>\n\n<style type=\"text\/css\" data-created_by=\"avia_inline_auto\" id=\"style-css-av-jl7ql86y-e80384d8b1750d8be134ad53f89ab6ea\">\n#top .av_textblock_section.av-jl7ql86y-e80384d8b1750d8be134ad53f89ab6ea .avia_textblock{\nfont-size:10px;\n}\n<\/style>\n<section  class='av_textblock_section av-jl7ql86y-e80384d8b1750d8be134ad53f89ab6ea '  ><div class='avia_textblock' ><p class=\"bildnennung-beitrag\" style=\"text-align: left;\">\u00a9 motorradcbr, Adobestock.com<\/p>\n<\/div><\/section><br \/>\n\n<style type=\"text\/css\" data-created_by=\"avia_inline_auto\" id=\"style-css-av-jl6mo8rj-25-c30b59ad853df6bfbe3d0b054776853d\">\n#top .hr.hr-invisible.av-jl6mo8rj-25-c30b59ad853df6bfbe3d0b054776853d{\nheight:20px;\n}\n<\/style>\n<div  class='hr av-jl6mo8rj-25-c30b59ad853df6bfbe3d0b054776853d hr-invisible  avia-builder-el-8  el_after_av_textblock  el_before_av_textblock '><span class='hr-inner '><span class=\"hr-inner-style\"><\/span><\/span><\/div><br \/>\n<section  class='av_textblock_section av-jkuubohz-26-9179fd7858aee0a6ad1776e495296ef9 '  ><div class='avia_textblock' ><p>F\u00fcr die Kita ist ein Elternabend immer mit einigem Aufwand verbunden. Doch der lohnt sich allemal, denn ein gelungener Elternabend f\u00f6rdert die gute Beziehung zwischen Kita und Eltern. Lesen Sie im Folgenden, wie Sie bei der <strong>Planung<\/strong> des Elternabends vorgehen und was es bei der <strong>Durchf\u00fchrung<\/strong> zu beachten gibt, damit Ihr Elternabend ein voller Erfolg wird. Praxistipps und Checkliste zum Ausdrucken inklusive.<\/p>\n<\/div><\/section><\/p><\/div>\n<style type=\"text\/css\" data-created_by=\"avia_inline_auto\" id=\"style-css-av-swqf9-6bb490ea0cbb171c9d159bb967226129\">\n.flex_column.av-swqf9-6bb490ea0cbb171c9d159bb967226129{\nborder-radius:0px 0px 0px 0px;\npadding:20px 20px 20px 20px;\nbackground-color:#f2f2f2;\n}\n<\/style>\n<div  class='flex_column av-swqf9-6bb490ea0cbb171c9d159bb967226129 av_three_fifth  avia-builder-el-10  el_after_av_one_full  el_before_av_two_fifth  first flex_column_div  column-top-margin'     ><style type=\"text\/css\" data-created_by=\"avia_inline_auto\" id=\"style-css-av-jkuua5r2-daaff240cdb64ff49178ef768245fa1b\">\n#top .av_textblock_section.av-jkuua5r2-daaff240cdb64ff49178ef768245fa1b .avia_textblock{\nfont-size:14px;\n}\n<\/style>\n<section  class='av_textblock_section av-jkuua5r2-daaff240cdb64ff49178ef768245fa1b '  ><div class='avia_textblock' ><p><strong>Inhalt<\/strong><\/p>\n<p><strong><a href=\"#1\">1. Wie oft findet ein Elternabend im Kindergarten statt?<\/a><\/strong><\/p>\n<p><strong><a href=\"#2\">2. Welche Form soll der Elternabend haben?<\/a><\/strong><\/p>\n<p><strong><a href=\"#3\">3. Wie plane ich einen Elternabend im Kindergarten?<\/a><\/strong><br \/>\n3.1 So finden Sie geeignete Themen<br \/>\n3.2 Was Sie bei der Einladung zum Elternabend beachten sollten<\/p>\n<p><strong><a href=\"#4\">4. 7 Tipps f\u00fcr die Gestaltung des Elternabends<\/a><\/strong><\/p>\n<p><strong><a href=\"#5\">5. So gelingt der Elternabend in Ihrer Kita<\/a><\/strong><br \/>\n5.1 Sorgen Sie f\u00fcr Abwechslung<br \/>\n5.2 Checkliste f\u00fcr den Elternabend im Kindergarten<\/p>\n<\/div><\/section><\/div><\/p>\n\n<style type=\"text\/css\" data-created_by=\"avia_inline_auto\" id=\"style-css-av-2532d-6e1ea05e25305745634c0a02c87dc827\">\n.flex_column.av-2532d-6e1ea05e25305745634c0a02c87dc827{\nborder-radius:0px 0px 0px 0px;\npadding:0 0 0 0;\n}\n<\/style>\n<div  class='flex_column av-2532d-6e1ea05e25305745634c0a02c87dc827 av_two_fifth  avia-builder-el-12  el_after_av_three_fifth  el_before_av_sidebar  flex_column_div av-zero-column-padding  column-top-margin'     ><\/div>\n<div  class='avia-builder-widget-area clearfix  avia-builder-el-13  el_after_av_two_fifth  el_before_av_one_full '><div id=\"text-33\" class=\"widget clearfix widget_text\">\t\t\t<div class=\"textwidget\"><p><a href=\"https:\/\/www.backwinkel.de\/nachhaltig-denken\/\" target=\"\\_blank\" rel=\"noopener\"><br \/>\n<img decoding=\"async\" class=\"werbung-desktop alignnone wp-image-4186 size-full\" src=\"https:\/\/www.backwinkel.de\/blog\/wp-content\/uploads\/2026\/04\/Backwinkel-blog-werbebanner-shop-kita-schule_desktop.jpg\" alt=\"\" width=\"1251\" height=\"201\" \/><br \/>\n<\/a><br \/>\n<a href=\"https:\/\/www.backwinkel.de\/nachhaltig-denken\/\" target=\"\\_blank\" rel=\"noopener\"><br \/>\n<img decoding=\"async\" class=\"werbung-mobile alignnone wp-image-4187 size-full\" src=\"https:\/\/www.backwinkel.de\/blog\/wp-content\/uploads\/2026\/04\/Backwinkel-blog-werbebanner-shop-kiga-schule_mobile.jpg\" alt=\"\" width=\"550\" height=\"500\" \/><br \/>\n<\/a><\/p>\n<\/div>\n\t\t<\/div><\/div>\n\n<style type=\"text\/css\" data-created_by=\"avia_inline_auto\" id=\"style-css-av-hh5al-9c53459d093ff912fcc98cf97e19d753\">\n.flex_column.av-hh5al-9c53459d093ff912fcc98cf97e19d753{\nborder-radius:0px 0px 0px 0px;\npadding:0px 0px 0px 0px;\n}\n<\/style>\n<div  class='flex_column av-hh5al-9c53459d093ff912fcc98cf97e19d753 av_one_full  avia-builder-el-14  el_after_av_sidebar  el_before_av_one_full  first flex_column_div av-zero-column-padding  '     ><section  class='av_textblock_section av-jkuul0eg-47aa45f9d704d9c8972e1ddf4c471077 '  ><div class='avia_textblock' >\n<style type=\"text\/css\" data-created_by=\"avia_inline_auto\" id=\"style-css-av-7c7r8-6807aff2c18b49382f5a69d309843a0d\">\n#top .hr.hr-invisible.av-7c7r8-6807aff2c18b49382f5a69d309843a0d{\nheight:50px;\n}\n<\/style>\n<div  class='hr av-7c7r8-6807aff2c18b49382f5a69d309843a0d hr-invisible  avia-builder-el-16  avia-builder-el-no-sibling '><span class='hr-inner '><span class=\"hr-inner-style\"><\/span><\/span><\/div>\n<h2 id=\"1\" class=\"position\">Wie oft findet ein Elternabend im Kindergarten statt?<\/h2>\n<p>Elternabende sind fester Bestandteil der <strong>Elternarbeit im Kindergarten<\/strong>. Im Mittelpunkt steht der Informations- und Erfahrungsaustausch. Einen Elternabend k\u00f6nnen Sie mit allen Eltern der Kitakinder oder im Rahmen einer einzelnen Gruppe durchf\u00fchren.<\/p>\n<p>Einmal im Jahr, zu Beginn jedes Kindergartenjahres, muss in jeder Kindertageseinrichtung eine Elternversammlung zur <strong>Wahl des Elternbeirats<\/strong> stattfinden. Dieser Elternabend bietet zugleich Gelegenheit, \u00fcber anstehende Projekte zu informieren und die Elternmitwirkung zu vernetzen.<\/p>\n<p>F\u00fcr neue Eltern ist ein <strong>Infoabend zum Start in die Kita-Zeit<\/strong> von gr\u00f6\u00dftem Interesse; schlie\u00dflich geben sie ihre Kleinen zum ersten Mal in \u201efremde\u201c H\u00e4nde. In den meisten Einrichtungen findet dieser Infoabend vor den Sommerferien statt. Die Eltern erhalten Einblick in die Struktur der Kita, das p\u00e4dagogische Angebot sowie die t\u00e4glichen Abl\u00e4ufe, und sie lernen die Erzieherinnen sowie Erzieher kennen. Dies ist ein wichtiger Moment f\u00fcr eine gelingende Erziehungspartnerschaft.<\/p>\n<\/div><\/section><\/div>\n\n<style type=\"text\/css\" data-created_by=\"avia_inline_auto\" id=\"style-css-av-hh5al-24-cbfce2d643d4610ab418744b93a85976\">\n.flex_column.av-hh5al-24-cbfce2d643d4610ab418744b93a85976{\nborder-radius:0px 0px 0px 0px;\npadding:0px 0px 0px 0px;\n}\n<\/style>\n<div  class='flex_column av-hh5al-24-cbfce2d643d4610ab418744b93a85976 av_one_full  avia-builder-el-17  el_after_av_one_full  el_before_av_one_full  first flex_column_div av-zero-column-padding  column-top-margin'     ><style type=\"text\/css\" data-created_by=\"avia_inline_auto\" id=\"style-css-av-jqz83eqo-27ce055a0849a3c24150a632756f27b1\">\n.av_promobox.av-jqz83eqo-27ce055a0849a3c24150a632756f27b1{\ncolor:#575757;\nbackground:#ffffff;\nborder-color:#575757;\n}\n<\/style>\n<div  class='av_promobox av-jqz83eqo-27ce055a0849a3c24150a632756f27b1 avia-button-no  avia-builder-el-18  avia-builder-el-no-sibling '><div class='avia-promocontent'><p>\n<strong>Info<\/strong>:<\/p>\n<p><strong>Erziehungspartnerschaft<\/strong> meint die gemeinsame Verantwortung und partnerschaftliche Zusammenarbeit von Eltern und p\u00e4dagogischen Fachkr\u00e4ften bei der Erziehung eines Kindes. Im kontinuierlichen Dialog werden Erziehungsziele zum Wohl des Kindes vereinbart. Gemeinsame Erziehung, die das Kind in seiner Lernentwicklung und Selbstbildung f\u00f6rdert, schlie\u00dft die <strong>Bildungspartnerschaft<\/strong> mit ein. Kita und Elternhaus tauschen sich \u00fcber Themen und Interessen des Kindes aus und vertiefen Bildungsziele. So k\u00f6nnen sie Bildungsangebote vernetzen und sich gegenseitig unterst\u00fctzen.<\/p>\n<p class=\"bildnennung-beitrag\" style=\"text-align: left;\">Quelle: Kurt Vollmer: Fachw\u00f6rterbuch f\u00fcr Erzieherinnen und p\u00e4dagogische Fachkr\u00e4fte. Freiburg: Herder 2017, S. 152.<\/p>\n<p>\n<\/div><\/div><\/div>\n\n<style type=\"text\/css\" data-created_by=\"avia_inline_auto\" id=\"style-css-av-hh5al-21-2481791bc5f8912a600c61e6f8c44f00\">\n.flex_column.av-hh5al-21-2481791bc5f8912a600c61e6f8c44f00{\nborder-radius:0px 0px 0px 0px;\npadding:0px 0px 0px 0px;\n}\n<\/style>\n<div  class='flex_column av-hh5al-21-2481791bc5f8912a600c61e6f8c44f00 av_one_full  avia-builder-el-19  el_after_av_one_full  el_before_av_one_full  first flex_column_div av-zero-column-padding  column-top-margin'     ><section  class='av_textblock_section av-jkuul0eg-23-8036b95472395567bdecb5ecba98d86d '  ><div class='avia_textblock' >\n<style type=\"text\/css\" data-created_by=\"avia_inline_auto\" id=\"style-css-av-7c7r8-22-3a50aaccc7efb6897f6e25f9696a5e1e\">\n#top .hr.hr-invisible.av-7c7r8-22-3a50aaccc7efb6897f6e25f9696a5e1e{\nheight:20px;\n}\n<\/style>\n<div  class='hr av-7c7r8-22-3a50aaccc7efb6897f6e25f9696a5e1e hr-invisible  avia-builder-el-21  avia-builder-el-no-sibling '><span class='hr-inner '><span class=\"hr-inner-style\"><\/span><\/span><\/div>\n<p><strong>Ein Elternabend im Gruppenrahmen<\/strong> kann verschiedene Anl\u00e4sse haben, die sich manchmal auch kurzfristig ergeben. Er erm\u00f6glicht pers\u00f6nlichere Gespr\u00e4che und konkrete Absprachen, etwa zur gemeinsamen Planung einer Projektwoche, eines Festes oder eines Ausflugs. Vielleicht m\u00f6chten Sie auch mit den Eltern \u00fcber <strong>p\u00e4dagogische Themen <\/strong>sprechen, die sich aus der Gruppensituation ergeben.<\/p>\n<p>Nicht alle Anl\u00e4sse sind erfreulich. H\u00e4ufig m\u00fcssen Sie auch ernste Themen oder Probleme ansprechen, die sich nicht im Einzelgespr\u00e4ch l\u00f6sen lassen, sondern die ganze Gruppe betreffen. Oftmals sind es auch Eltern, die <strong>konkreten Kl\u00e4rungsbedarf<\/strong> an die Kita herantragen. Bei Themen mit Konfliktpotenzial empfiehlt es sich, einen externen Berater zum Elternabend einzuladen.<\/p>\n<\/div><\/section><\/div>\n\n<style type=\"text\/css\" data-created_by=\"avia_inline_auto\" id=\"style-css-av-hh5al-20-a8a7d34941dc0cf94195a02ab63dcdf0\">\n.flex_column.av-hh5al-20-a8a7d34941dc0cf94195a02ab63dcdf0{\nborder-radius:0px 0px 0px 0px;\npadding:0px 0px 0px 0px;\n}\n<\/style>\n<div  class='flex_column av-hh5al-20-a8a7d34941dc0cf94195a02ab63dcdf0 av_one_full  avia-builder-el-22  el_after_av_one_full  el_before_av_one_full  first flex_column_div av-zero-column-padding  column-top-margin'     ><section  class='av_textblock_section av-jkuul0eg-19-0a3571f0ff8b678a8574566f1cb0941f '  ><div class='avia_textblock' >\n<style type=\"text\/css\" data-created_by=\"avia_inline_auto\" id=\"style-css-av-7c7r8-18-c33a22b3e9e86dc45c4d2f671b9583d1\">\n#top .hr.hr-invisible.av-7c7r8-18-c33a22b3e9e86dc45c4d2f671b9583d1{\nheight:20px;\n}\n<\/style>\n<div  class='hr av-7c7r8-18-c33a22b3e9e86dc45c4d2f671b9583d1 hr-invisible  avia-builder-el-24  avia-builder-el-no-sibling '><span class='hr-inner '><span class=\"hr-inner-style\"><\/span><\/span><\/div>\n<h2 id=\"2\" class=\"position\">Welche Form soll der Elternabend haben?<\/h2>\n<p>Die Abl\u00e4ufe der Veranstaltung richten sich danach, welche Themen im Mittelpunkt stehen sollen. Der klassische Elternabend im Kindergarten hat meist einen begrenzten <strong>Zeitrahmen von ein bis zwei Stunden<\/strong>. Daher ist es wichtig, die Themen vorher genau festzulegen. Am Ende muss immer noch Zeit bleiben, um Fragen zu beantworten.<\/p>\n<p><strong>Generell gilt:<\/strong> Informationsaustausch ist keine Einbahnstra\u00dfe. Auch ein informativer Themenabend sollte immer Gelegenheiten bieten, miteinander ins Gespr\u00e4ch zu kommen. Dadurch stimulieren Sie die Eltern, sich aktiv einzubringen, und zugleich erfahren Sie viel \u00fcber die Familien der Kinder.<\/p>\n<p><strong>Elternabende im Kindergarten haben verschiedene Funktionen: <\/strong><\/p>\n<ol>\n<li><u>Elternabend mit einem externen Referenten:<\/u> Ein Experte spricht zu einem bestimmten Thema, anschlie\u00dfend diskutieren die Eltern dar\u00fcber. Die Gespr\u00e4chsf\u00fchrung \u00fcbernimmt meist die Kita-Leitung. Vorteil dieser Form ist, dass weniger eigene Vorbereitungsarbeit anf\u00e4llt. Eine \u00f6ffentliche Ank\u00fcndigung des Vortrags spricht auch Eltern an, deren Kinder die Kita noch nicht betreut.<\/li>\n<li><u>Elternabend mit einer Kita-Fachkraft als Vortragende:<\/u> Diese Form dient in der Regel dazu, Informationen zu vermitteln und anschlie\u00dfend gemeinsam zu diskutieren. Der Vortrag kann als Referat oder mithilfe von Plakaten, Bildern und Folien erfolgen. Von Vorteil ist, dass die Fachkraft n\u00e4her an den Kindern ist und deren Bed\u00fcrfnisse gut kennt.<\/li>\n<li><u>Elternabend als Gespr\u00e4chskreis:<\/u> Die Eltern werden von Anfang an beteiligt und zum Informations- und Erfahrungsaustausch angeregt. Diese Form signalisiert, dass die Kita gro\u00dfen Wert auf die Meinung der Eltern legt und sie bei der Erziehungsarbeit aktiv miteinbezieht.<\/li>\n<li><u>Elternabend mit Kleingruppenarbeit:<\/u> Der Themenabend beginnt mit einer kurzen Einf\u00fchrung. Danach verteilen sich die Eltern auf die jeweiligen Gruppenr\u00e4ume ihrer Kinder, um das Thema in Kleingruppen zu besprechen und Erfahrungen auszutauschen. Solche Gespr\u00e4che sind meist besonders offen und intensivieren auch die Kontakte zwischen den Eltern.<\/li>\n<\/ol>\n<\/div><\/section><\/div>\n\n<style type=\"text\/css\" data-created_by=\"avia_inline_auto\" id=\"style-css-av-hh5al-17-ea51103b770e526b92ecd626a7f37254\">\n.flex_column.av-hh5al-17-ea51103b770e526b92ecd626a7f37254{\nborder-radius:0px 0px 0px 0px;\npadding:0px 0px 0px 0px;\n}\n<\/style>\n<div  class='flex_column av-hh5al-17-ea51103b770e526b92ecd626a7f37254 av_one_full  avia-builder-el-25  el_after_av_one_full  el_before_av_one_full  first flex_column_div av-zero-column-padding  column-top-margin'     ><section  class='av_textblock_section av-jkuul0eg-16-71f5293a050d80b78605f2b2b765c8c4 '  ><div class='avia_textblock' >\n<style type=\"text\/css\" data-created_by=\"avia_inline_auto\" id=\"style-css-av-7c7r8-15-7db28fb72cbc5e3c2026b370be3ebfba\">\n#top .hr.hr-invisible.av-7c7r8-15-7db28fb72cbc5e3c2026b370be3ebfba{\nheight:20px;\n}\n<\/style>\n<div  class='hr av-7c7r8-15-7db28fb72cbc5e3c2026b370be3ebfba hr-invisible  avia-builder-el-27  avia-builder-el-no-sibling '><span class='hr-inner '><span class=\"hr-inner-style\"><\/span><\/span><\/div>\n<h2 id=\"3\" class=\"position\">Wie plane ich einen Elternabend im Kindergarten?<\/h2>\n<p>Der erste Elternabend im Kindergartenjahr, bei dem die obligatorische Elternbeiratswahl ansteht, findet meist im September oder Oktober statt. Da Sie den Eltern an diesem Abend auch die kommenden Themen und Projekte im Kindergarten vorstellen, sollten Sie die Veranstaltung gr\u00fcndlich <strong>im Team <\/strong>vorbereiten.<\/p>\n<p>Mit der Vorbereitung beginnen Sie mindestens einen Monat vor dem Termin des Elternabends. Bei Themenabenden bietet es sich an, <strong>Experten einzuladen<\/strong>. In diesem Fall m\u00fcssen Sie mehr Zeit f\u00fcr die Organisation einplanen. Der Vortrag sollte auf das Konzept Ihrer Kita abgestimmt sein.<\/p>\n<p><strong>Gehen Sie bei Ihrer Planung von folgenden Leitfragen aus: <\/strong><\/p>\n<ul>\n<li>Welche Funktion hat der Elternabend?<\/li>\n<li>Welche Inhalte m\u00f6chten wir vermitteln?<\/li>\n<li>Laden wir einen externen Referenten ein?<\/li>\n<li>Wer \u00fcbernimmt die Leitung des Abends?<\/li>\n<li>Was m\u00f6chten die Eltern von uns wissen?<\/li>\n<li>Was m\u00f6chten wir von den Eltern wissen?<\/li>\n<\/ul>\n<h3>So finden Sie geeignete Themen<\/h3>\n<p>Der Elternabend bietet gute M\u00f6glichkeiten, das <strong>p\u00e4dagogische Konzept Ihrer Kita<\/strong> vorzustellen. Viele Eltern interessieren sich daf\u00fcr, einen Einblick in die p\u00e4dagogische Arbeit zu erhalten. Dazu k\u00f6nnen Sie einen bestimmten Bildungsbereich herausgreifen und durch Beispiele aus dem Kita-Alltag vertiefen. So schaffen Sie Transparenz und machen das Spektrum Ihrer p\u00e4dagogischen Arbeit sichtbar.<\/p>\n<p>Mit Bildern und Infografiken werden Ihre Ausf\u00fchrungen noch anschaulicher. Eine Darstellung der Bildungsbereiche Ihrer Kita eignet sich gut als Einstieg in einen Themenabend.<\/p>\n<p><a href=\"https:\/\/blog.backwinkel.de\/wp-content\/uploads\/2020\/09\/backwinkel-blog-elternabend-in-der-kita-bildungsbereiche-grafik.png\"><img decoding=\"async\" class=\"alignnone wp-image-5030\" src=\"https:\/\/blog.backwinkel.de\/wp-content\/uploads\/2020\/09\/backwinkel-blog-elternabend-in-der-kita-bildungsbereiche-grafik.png\" alt=\"\" width=\"550\" height=\"398\" \/><\/a><\/p>\n<p class=\"bildnennung-beitrag\" style=\"text-align: left;\">Beim Elternsprechtag im Kindergarten lassen sich Bildungsziele verdeutlichen.<\/p>\n<p><br class=\"avia-permanent-lb\" \/><strong>Themenbereiche, die Ihre p\u00e4dagogische Arbeit vertiefen, k\u00f6nnen z. B. sein: <\/strong><\/p>\n<ul>\n<li>Bewegung und kognitive Entwicklung<\/li>\n<li><a href=\"https:\/\/blog.backwinkel.de\/partizipation-in-kindergarten-und-kita\/\">Partizipation im Kindergarten<\/a><\/li>\n<li>Bedeutung des <a href=\"https:\/\/blog.backwinkel.de\/rollenspiele-kindergarten\/\">Rollenspiels<\/a> f\u00fcr die kindliche Entwicklung<\/li>\n<li>Bedeutung von Kindheitserfahrungen f\u00fcr die Identit\u00e4tsbildung<\/li>\n<li>P\u00e4dagogik im interkulturellen Austausch<\/li>\n<li>Natur als Entwicklungsraum f\u00fcr Kinder<\/li>\n<\/ul>\n<p>Themen f\u00fcr die Gestaltung eines Elternabends ergeben sich oftmals aus den <strong>Anliegen der Eltern<\/strong>. So geben Ihnen h\u00e4ufig gestellte Fragen einen Hinweis darauf, welche Themen die Eltern im Familienalltag gerade besonders bewegen. Es k\u00f6nnen entwicklungstheoretische Interessen sein, aber auch ganz lebenspraktische Fragestellungen.<\/p>\n<p><strong>Themenbereiche, die viele Eltern interessieren, k\u00f6nnen z. B. sein: <\/strong><\/p>\n<ul>\n<li>entwicklungspsychologische Fragen<\/li>\n<li>Gesundheitserziehung<\/li>\n<li>Trotzphase und Grenzen setzen<\/li>\n<li>Sozialkompetenz und Gruppendynamik<\/li>\n<li>Medienerziehung<\/li>\n<li><a href=\"https:\/\/blog.backwinkel.de\/uebergang-vom-kindergarten-in-die-grundschule\/\">\u00dcbergang und Schulf\u00e4higkeit<\/a><\/li>\n<\/ul>\n<h3>Was Sie bei der Einladung zum Elternabend beachten sollten<\/h3>\n<p>Vor allem beim ersten Elternabend ist rege Teilnahme erw\u00fcnscht, da Sie neben der Wahl zum Elternbeirat auch wichtige Informationen zum Kita-Jahr mitteilen. Generell gilt: Informieren Sie die Eltern <strong>fr\u00fchzeitig<\/strong> \u00fcber den Termin des Elternabends im Kindergarten. Die schriftliche Einladung \u2013 etwa 3 Wochen vorher \u2013 sollte <strong>das Thema und den Ablauf <\/strong>knapp umrei\u00dfen.<\/p>\n<p>Besonders sch\u00f6n ist es, wenn jede Familie eine <strong>pers\u00f6nliche Einladung<\/strong> zum Elternabend erh\u00e4lt, die von Hand gestaltet oder mit Kinderzeichnungen verziert ist. F\u00fcr j\u00e4hrlich wiederkehrende Termine k\u00f6nnen Sie nat\u00fcrlich eine <strong>standardisierte Vorlage<\/strong> verwenden, in die Sie nur noch Datum und Uhrzeit eintragen.<\/p>\n<p>\u00dcbrigens:<strong> Ein Elternabend muss nicht am Abend stattfinden.<\/strong> Immer mehr Kitas gehen dazu \u00fcber, die Veranstaltung am Nachmittag durchzuf\u00fchren, am besten direkt im Anschluss an die \u00fcbliche Abholzeit, verbunden mit dem Angebot einer Kinderbetreuung. Dies kommt vielen V\u00e4tern und M\u00fcttern sehr entgegen und animiert erfahrungsgem\u00e4\u00df mehr Eltern zur Teilnahme.<\/p>\n<\/div><\/section><\/div>\n\n<style type=\"text\/css\" data-created_by=\"avia_inline_auto\" id=\"style-css-av-hh5al-14-9ab62d48bef4dad42629995e86fc9a6b\">\n.flex_column.av-hh5al-14-9ab62d48bef4dad42629995e86fc9a6b{\nborder-radius:0px 0px 0px 0px;\npadding:0px 0px 0px 0px;\n}\n<\/style>\n<div  class='flex_column av-hh5al-14-9ab62d48bef4dad42629995e86fc9a6b av_one_full  avia-builder-el-28  el_after_av_one_full  el_before_av_one_full  first flex_column_div av-zero-column-padding  column-top-margin'     ><section  class='av_textblock_section av-jkuul0eg-13-98fa49eb0576a6a77f03ef07eb44a365 '  ><div class='avia_textblock' >\n<style type=\"text\/css\" data-created_by=\"avia_inline_auto\" id=\"style-css-av-7c7r8-12-86493b87248f58389bf389c04157f6bc\">\n#top .hr.hr-invisible.av-7c7r8-12-86493b87248f58389bf389c04157f6bc{\nheight:20px;\n}\n<\/style>\n<div  class='hr av-7c7r8-12-86493b87248f58389bf389c04157f6bc hr-invisible  avia-builder-el-30  avia-builder-el-no-sibling '><span class='hr-inner '><span class=\"hr-inner-style\"><\/span><\/span><\/div>\n<h2 id=\"4\" class=\"position\">7 Tipps f\u00fcr die Gestaltung des Elternabends<\/h2>\n<ol>\n<li>Erstellen Sie einen genauen Ablaufplan, der die einzelnen Punkte der Tagesordnung enth\u00e4lt. Legen Sie dabei auch fest, wer welche Aufgabe \u00fcbernimmt, wie etwa Begr\u00fc\u00dfung der Eltern, Vortrag zur Einf\u00fchrung ins Thema, Gespr\u00e4chsleitung im Plenum oder in Kleingruppen.<\/li>\n<li>Stehen haupts\u00e4chlich organisatorische Dinge auf der Tagesordnung, fragen Sie schon im Vorfeld den Elternbeirat, ob es wichtige Themen oder offene Fragen gibt, die beim Elternabend zur Sprache kommen sollten.<\/li>\n<li>Wenn der Elternabend f\u00fcr neue Eltern gedacht ist, sollten alle Fachkr\u00e4fte der Einrichtung anwesend sein und sich den Eltern kurz pers\u00f6nlich vorstellen. Das sorgt f\u00fcr eine positive Atmosph\u00e4re, auch im Hinblick auf die zuk\u00fcnftige vertrauensvolle Beziehung.<\/li>\n<li>Damit die Vorstellung Ihres p\u00e4dagogischen Konzepts nicht allzu theoretisch ausf\u00e4llt, beleben Sie Ihre Ausf\u00fchrungen durch aktuelle Momentaufnahmen, beispielsweise mit einem Video oder einer Fotostrecke, die Einblick in den Kindergarten-Alltag gibt.<\/li>\n<li>Vergewissern Sie sich, dass die erforderlichen Hilfsmittel f\u00fcr die Pr\u00e4sentation bereitstehen, z. B. Flipchart, Whiteboard und Beamer. Planen Sie eine Diskussion, ben\u00f6tigen Sie eventuell Papier, Karten, Schreibstifte, Pinnw\u00e4nde, Magnete oder Sticker.<\/li>\n<li>Um das Interesse an Fachvortr\u00e4gen und Workshops zu wecken, k\u00f6nnen Sie den Eltern wichtige Informationen in schriftlicher Form an die Hand geben. So muss sich w\u00e4hrend des Elternabends niemand Notizen machen.<\/li>\n<li>\u00dcberraschen Sie die Eltern, beispielsweise mit Anregungen, die ihre eigene Spielfreude wecken. Das kann besonders effektiv sein, wenn Sie neue Spielmaterialien im Kindergarten einf\u00fchren m\u00f6chten. Lassen Sie auch einmal die Eltern damit spielen.<\/li>\n<\/ol>\n<\/div><\/section><\/div>\n\n<style type=\"text\/css\" data-created_by=\"avia_inline_auto\" id=\"style-css-av-hh5al-11-bc7508ed50e051006636c4691a817b9f\">\n.flex_column.av-hh5al-11-bc7508ed50e051006636c4691a817b9f{\nborder-radius:0px 0px 0px 0px;\npadding:0px 0px 0px 0px;\n}\n<\/style>\n<div  class='flex_column av-hh5al-11-bc7508ed50e051006636c4691a817b9f av_one_full  avia-builder-el-31  el_after_av_one_full  el_before_av_one_full  first flex_column_div av-zero-column-padding  column-top-margin'     ><section  class='av_textblock_section av-jkuul0eg-10-f992e57de7cfd1548718a9dc5680db1c '  ><div class='avia_textblock' >\n<style type=\"text\/css\" data-created_by=\"avia_inline_auto\" id=\"style-css-av-7c7r8-9-4a91baf0c72e14a18ff0ec76a938d17e\">\n#top .hr.hr-invisible.av-7c7r8-9-4a91baf0c72e14a18ff0ec76a938d17e{\nheight:20px;\n}\n<\/style>\n<div  class='hr av-7c7r8-9-4a91baf0c72e14a18ff0ec76a938d17e hr-invisible  avia-builder-el-33  avia-builder-el-no-sibling '><span class='hr-inner '><span class=\"hr-inner-style\"><\/span><\/span><\/div>\n<h2 id=\"5\" class=\"position\">So gelingt der Elternabend in Ihrer Kita<\/h2>\n<p>Damit der Elternabend den richtigen Rahmen bekommt und die anwesenden Eltern sich wohlf\u00fchlen, sorgen Sie f\u00fcr eine<strong> angenehme Atmosph\u00e4re<\/strong>. Dazu geh\u00f6rt selbstverst\u00e4ndlich eine freundliche Begr\u00fc\u00dfung. Stellen Sie die St\u00fchle so auf, dass alle die Pr\u00e4sentation gut sehen und sich dabei auch miteinander unterhalten k\u00f6nnen.<\/p>\n<h3>Sorgen Sie f\u00fcr Abwechslung<\/h3>\n<p>Besonders wichtig ist der Einsatz von verschiedenen Medien. Eine PowerPoint-Pr\u00e4sentation kann Ihren Vortrag gezielt unterstreichen, oder Sie nutzen Flipcharts und farbige Marker, um Prozesse zu erl\u00e4utern. Bilder oder Videos<strong> pr\u00e4gen sich besser ein<\/strong> und k\u00f6nnen oftmals auch Stimmungen besser vermitteln. Das animiert die Eltern, sich intensiver an einer anschlie\u00dfenden Diskussion zu beteiligen.<\/p>\n<p>Wenn die Eltern sich noch nicht kennen, eignet sich ein <strong>B\u00fcfett mit Erfrischungen<\/strong> als Auflockerung, um leichter ins Gespr\u00e4ch zu kommen. In jedem Fall sollten Sie Getr\u00e4nke wie Mineralwasser und S\u00e4fte anbieten. Die Hauptsache ist, dass die Eltern sich wertgesch\u00e4tzt f\u00fchlen.<\/p>\n<\/div><\/section><\/div>\n\n<style type=\"text\/css\" data-created_by=\"avia_inline_auto\" id=\"style-css-av-jlnt0i5o-d256db89d9b6aa9bb92f19cfc2475b5b\">\n.flex_column.av-jlnt0i5o-d256db89d9b6aa9bb92f19cfc2475b5b{\nborder-radius:0px 0px 0px 0px;\npadding:10px 10px 10px 10px;\nbackground-color:#e0f1b4;\n}\n<\/style>\n<div  class='flex_column av-jlnt0i5o-d256db89d9b6aa9bb92f19cfc2475b5b av_one_full  avia-builder-el-34  el_after_av_one_full  el_before_av_one_full  first flex_column_div  column-top-margin'     ><style type=\"text\/css\" data-created_by=\"avia_inline_auto\" id=\"style-css-av-jkuvcso3-15d2b44a09c167f60e828c7e5360408a\">\n#top .av_textblock_section.av-jkuvcso3-15d2b44a09c167f60e828c7e5360408a .avia_textblock{\nfont-size:18px;\n}\n<\/style>\n<section  class='av_textblock_section av-jkuvcso3-15d2b44a09c167f60e828c7e5360408a '  ><div class='avia_textblock' ><p><strong>Tipp:<\/strong> Halten Sie Blickkontakt zu den Eltern. So erkennen Sie jederzeit, ob die Anwesenden mit Interesse bei der Sache sind. Und Ihrer Aufmerksamkeit entgeht auch nicht, wann die Eltern etwas nicht genau verstanden haben oder ob sie eine Pause ben\u00f6tigen.<\/p>\n<\/div><\/section><\/div>\n\n<style type=\"text\/css\" data-created_by=\"avia_inline_auto\" id=\"style-css-av-hh5al-8-beb333b2f72626a23d4ff8d2de4147ac\">\n.flex_column.av-hh5al-8-beb333b2f72626a23d4ff8d2de4147ac{\nborder-radius:0px 0px 0px 0px;\npadding:0px 0px 0px 0px;\n}\n<\/style>\n<div  class='flex_column av-hh5al-8-beb333b2f72626a23d4ff8d2de4147ac av_one_full  avia-builder-el-36  el_after_av_one_full  el_before_av_hr  first flex_column_div av-zero-column-padding  column-top-margin'     ><section  class='av_textblock_section av-jkuul0eg-7-8375e05272a9d2b1269ff79be94c43d5 '  ><div class='avia_textblock' >\n<style type=\"text\/css\" data-created_by=\"avia_inline_auto\" id=\"style-css-av-7c7r8-6-150deb19c56c3397817265c0913e64db\">\n#top .hr.hr-invisible.av-7c7r8-6-150deb19c56c3397817265c0913e64db{\nheight:10px;\n}\n<\/style>\n<div  class='hr av-7c7r8-6-150deb19c56c3397817265c0913e64db hr-invisible  avia-builder-el-38  el_before_av_button  avia-builder-el-first '><span class='hr-inner '><span class=\"hr-inner-style\"><\/span><\/span><\/div>\n<p>Ziel des Elternabends ist es, die vertrauensvolle Zusammenarbeit von Eltern und Kindergarten-Team zu f\u00f6rdern. M\u00f6glicherweise ergeben sich gute Kontakte, die Ihre Arbeit entlasten. Wenn Sie <strong>die Eltern<\/strong> <strong>aktiv in den Kita-Alltag einbeziehen<\/strong> und ihren Einsatz w\u00fcrdigen, sind sie gerne bereit, sich auch weiterhin zu engagieren. Dies kann die Erziehungspartnerschaft nachhaltig st\u00e4rken.<\/p>\n<h3>Checkliste f\u00fcr den Elternabend im Kindergarten<\/h3>\n<p>Eine Checkliste hilft Ihnen, den \u00dcberblick zu behalten, damit Sie nichts Wichtiges vergessen. Hier k\u00f6nnen Sie fortlaufend eintragen, was bei der Vorbereitung des Elternabends ansteht und wie die Durchf\u00fchrung ablaufen soll.<\/p>\n<p><a href=\"https:\/\/blog.backwinkel.de\/wp-content\/uploads\/2020\/09\/backwinkel-blog-elternabend-in-der-kita-checkliste.jpg\"><img decoding=\"async\" class=\"alignnone wp-image-5039\" src=\"https:\/\/blog.backwinkel.de\/wp-content\/uploads\/2020\/09\/backwinkel-blog-elternabend-in-der-kita-checkliste.jpg\" alt=\"\" width=\"364\" height=\"515\" srcset=\"https:\/\/www.backwinkel.de\/blog\/wp-content\/uploads\/2020\/09\/backwinkel-blog-elternabend-in-der-kita-checkliste.jpg 1240w, https:\/\/www.backwinkel.de\/blog\/wp-content\/uploads\/2020\/09\/backwinkel-blog-elternabend-in-der-kita-checkliste-1086x1536.jpg 1086w\" sizes=\"(max-width: 364px) 100vw, 364px\" \/><\/a><\/p>\n<div  class='avia-button-wrap av-4tu8ku-894cb14e887db1e6c604c2e464f0ebb3-wrap avia-button-left  avia-builder-el-39  el_after_av_hr  avia-builder-el-last '><a href='https:\/\/www.backwinkel.de\/downloads\/backwinkel-blog-elternabend-in-der-kita-checkliste.pdf'  class='avia-button av-4tu8ku-894cb14e887db1e6c604c2e464f0ebb3 av-link-btn avia-icon_select-no avia-size-medium avia-position-left avia-color-theme-color'  target=\"_blank\"  rel=\"noopener noreferrer\"  aria-label=\"Checkliste \u2013 Download\"><span class='avia_iconbox_title' >Checkliste \u2013 Download<\/span><\/a><\/div>\n<\/div><\/section><\/div>\n\n<style type=\"text\/css\" data-created_by=\"avia_inline_auto\" id=\"style-css-av-jkuvdh82-e046385b234beb5bafd3aef55f34bef8\">\n#top .hr.av-jkuvdh82-e046385b234beb5bafd3aef55f34bef8{\nmargin-top:10px;\nmargin-bottom:10px;\n}\n.hr.av-jkuvdh82-e046385b234beb5bafd3aef55f34bef8 .hr-inner{\nwidth:500;\n}\n<\/style>\n<div  class='hr av-jkuvdh82-e046385b234beb5bafd3aef55f34bef8 hr-custom  avia-builder-el-40  el_after_av_one_full  el_before_av_one_full  hr-left hr-icon-no'><span class='hr-inner inner-border-av-border-none'><span class=\"hr-inner-style\"><\/span><\/span><\/div>\n\n<style type=\"text\/css\" data-created_by=\"avia_inline_auto\" id=\"style-css-av-jley1l06-be8863a15e87d33f314fbd4b76b14014\">\n.flex_column.av-jley1l06-be8863a15e87d33f314fbd4b76b14014{\nborder-radius:0px 0px 0px 0px;\npadding:10px 10px 10px 10px;\nbackground-color:#f2f2f2;\n}\n<\/style>\n<div  class='flex_column av-jley1l06-be8863a15e87d33f314fbd4b76b14014 av_one_full  avia-builder-el-41  el_after_av_hr  el_before_av_one_full  first flex_column_div  '     ><section  class='av_textblock_section av-jkuvcso3-5-f388d786cfa4a8e164049f5e9f2f3676 '  ><div class='avia_textblock' ><p class=\"fussnoten-quellen\"><strong>Zum Weiterlesen: <\/strong><\/p>\n<p class=\"fussnoten-quellen\">Ulrike Lindner: Themenelternabende in der Kita lebendig gestalten. M\u00fclheim: Verlag an der Ruhr 2013.<\/p>\n<p class=\"fussnoten-quellen\">Redaktionsteam Cornelsen Scriptor: Perfekt organisiert in der Elternarbeit. Spannende Elternabende in der Kita mit starken Themen. Berlin: Cornelsen 2017.<\/p>\n<p class=\"fussnoten-quellen\">Xenia Roth: Handbuch Elternarbeit. Bildungs- und Erziehungspartnerschaft in der Kita. Freiburg: Herder 2014.<\/p>\n<\/div><\/section><\/div>\n\n<style type=\"text\/css\" data-created_by=\"avia_inline_auto\" id=\"style-css-av-jley1l06-3-490c7273fee37db88c2c38a3ee351cd3\">\n.flex_column.av-jley1l06-3-490c7273fee37db88c2c38a3ee351cd3{\nborder-radius:0px 0px 0px 0px;\npadding:10px 10px 10px 10px;\n}\n<\/style>\n<div  class='flex_column av-jley1l06-3-490c7273fee37db88c2c38a3ee351cd3 av_one_full  avia-builder-el-43  el_after_av_one_full  el_before_av_one_full  first flex_column_div  column-top-margin'     ><section  class='av_textblock_section av-jkuvcso3-2-cbd4d9c288de27dd9621fd868dc63f32 '  ><div class='avia_textblock' ><p class=\"copyright\"><strong>\u00a9 Copyright \u2013 Urheberrechtshinweis<\/strong><br \/>\nAlle Inhalte auf www.backwinkel.de sowie www.backwinkel.de\/blog, insbesondere Texte, Fotografien und Grafiken, sind urheberrechtlich gesch\u00fctzt.<br \/>\nDas Urheberrecht liegt, soweit nicht ausdr\u00fccklich anders gekennzeichnet, bei der BACKWINKEL GmbH. Bitte fragen Sie uns, falls Sie die Inhalte dieses Internetangebotes verwenden m\u00f6chten.<br \/>\nWer gegen das Urheberrecht verst\u00f6\u00dft (z. B. Bilder oder Texte unerlaubt kopiert), macht sich gem. \u00a7\u00a7 106 ff UrhG strafbar, wird zudem kostenpflichtig abgemahnt und muss Schadensersatz leisten (\u00a7 97 UrhG).<\/p>\n<\/div><\/section><\/div>\n\n<style type=\"text\/css\" data-created_by=\"avia_inline_auto\" id=\"style-css-av-1p82t-b0e9719fe6c67aa5c6d1abf813961e55\">\n.flex_column.av-1p82t-b0e9719fe6c67aa5c6d1abf813961e55{\nborder-radius:0px 0px 0px 0px;\npadding:0px 0px 0px 0px;\n}\n<\/style>\n<div  class='flex_column av-1p82t-b0e9719fe6c67aa5c6d1abf813961e55 av_one_full  avia-builder-el-45  el_after_av_one_full  avia-builder-el-last  first flex_column_div av-zero-column-padding  column-top-margin'     ><p><section  class='av_textblock_section av-jlp4hxqo-91baaad30cd61f89630d15f8561d1750 '  ><div class='avia_textblock' ><div class=\"shariff shariff-align-left shariff-widget-align-left\"><ul class=\"shariff-buttons theme-color orientation-horizontal buttonsize-medium\"><li class=\"shariff-button whatsapp shariff-nocustomcolor\" style=\"background-color:#5cbe4a\"><a href=\"https:\/\/api.whatsapp.com\/send?text=https%3A%2F%2Fwww.backwinkel.de%2Fblog%2Felternabend-im-kindergarten%2F%20Elternabend%20im%20Kindergarten\" title=\"Bei Whatsapp teilen\" aria-label=\"Bei Whatsapp teilen\" role=\"button\" rel=\"noopener nofollow\" class=\"shariff-link\" style=\"; background-color:#34af23; color:#fff\" target=\"_blank\"><span class=\"shariff-icon\" style=\"\"><svg width=\"32px\" height=\"20px\" xmlns=\"http:\/\/www.w3.org\/2000\/svg\" viewBox=\"0 0 32 32\"><path fill=\"#34af23\" d=\"M17.6 17.4q0.2 0 1.7 0.8t1.6 0.9q0 0.1 0 0.3 0 0.6-0.3 1.4-0.3 0.7-1.3 1.2t-1.8 0.5q-1 0-3.4-1.1-1.7-0.8-3-2.1t-2.6-3.3q-1.3-1.9-1.3-3.5v-0.1q0.1-1.6 1.3-2.8 0.4-0.4 0.9-0.4 0.1 0 0.3 0t0.3 0q0.3 0 0.5 0.1t0.3 0.5q0.1 0.4 0.6 1.6t0.4 1.3q0 0.4-0.6 1t-0.6 0.8q0 0.1 0.1 0.3 0.6 1.3 1.8 2.4 1 0.9 2.7 1.8 0.2 0.1 0.4 0.1 0.3 0 1-0.9t0.9-0.9zM14 26.9q2.3 0 4.3-0.9t3.6-2.4 2.4-3.6 0.9-4.3-0.9-4.3-2.4-3.6-3.6-2.4-4.3-0.9-4.3 0.9-3.6 2.4-2.4 3.6-0.9 4.3q0 3.6 2.1 6.6l-1.4 4.2 4.3-1.4q2.8 1.9 6.2 1.9zM14 2.2q2.7 0 5.2 1.1t4.3 2.9 2.9 4.3 1.1 5.2-1.1 5.2-2.9 4.3-4.3 2.9-5.2 1.1q-3.5 0-6.5-1.7l-7.4 2.4 2.4-7.2q-1.9-3.2-1.9-6.9 0-2.7 1.1-5.2t2.9-4.3 4.3-2.9 5.2-1.1z\"\/><\/svg><\/span><span class=\"shariff-text\">teilen<\/span>&nbsp;<\/a><\/li><li class=\"shariff-button facebook shariff-nocustomcolor\" style=\"background-color:#4273c8\"><a href=\"https:\/\/www.facebook.com\/sharer\/sharer.php?u=https%3A%2F%2Fwww.backwinkel.de%2Fblog%2Felternabend-im-kindergarten%2F\" title=\"Bei Facebook teilen\" aria-label=\"Bei Facebook teilen\" role=\"button\" rel=\"nofollow\" class=\"shariff-link\" style=\"; background-color:#3b5998; color:#fff\" target=\"_blank\"><span class=\"shariff-icon\" style=\"\"><svg width=\"32px\" height=\"20px\" xmlns=\"http:\/\/www.w3.org\/2000\/svg\" viewBox=\"0 0 18 32\"><path fill=\"#3b5998\" d=\"M17.1 0.2v4.7h-2.8q-1.5 0-2.1 0.6t-0.5 1.9v3.4h5.2l-0.7 5.3h-4.5v13.6h-5.5v-13.6h-4.5v-5.3h4.5v-3.9q0-3.3 1.9-5.2t5-1.8q2.6 0 4.1 0.2z\"\/><\/svg><\/span><span class=\"shariff-text\">teilen<\/span>&nbsp;<\/a><\/li><li class=\"shariff-button twitter shariff-nocustomcolor\" style=\"background-color:#595959\"><a href=\"https:\/\/twitter.com\/share?url=https%3A%2F%2Fwww.backwinkel.de%2Fblog%2Felternabend-im-kindergarten%2F&text=Elternabend%20im%20Kindergarten\" title=\"Bei X teilen\" aria-label=\"Bei X teilen\" role=\"button\" rel=\"noopener nofollow\" class=\"shariff-link\" style=\"; background-color:#000; color:#fff\" target=\"_blank\"><span class=\"shariff-icon\" style=\"\"><svg width=\"32px\" height=\"20px\" xmlns=\"http:\/\/www.w3.org\/2000\/svg\" viewBox=\"0 0 24 24\"><path fill=\"#000\" d=\"M14.258 10.152L23.176 0h-2.113l-7.747 8.813L7.133 0H0l9.352 13.328L0 23.973h2.113l8.176-9.309 6.531 9.309h7.133zm-2.895 3.293l-.949-1.328L2.875 1.56h3.246l6.086 8.523.945 1.328 7.91 11.078h-3.246zm0 0\"\/><\/svg><\/span><span class=\"shariff-text\">teilen<\/span>&nbsp;<\/a><\/li><li class=\"shariff-button pinterest shariff-nocustomcolor\" style=\"background-color:#e70f18\"><a href=\"https:\/\/www.pinterest.com\/pin\/create\/link\/?url=https%3A%2F%2Fwww.backwinkel.de%2Fblog%2Felternabend-im-kindergarten%2F&media=https%3A%2F%2Fwww.backwinkel.de%2Fblog%2Fwp-content%2Fuploads%2F2020%2F09%2Fbackwinkel-blog-elternabend-in-der-kita-heroimage.jpg&description=Elternabend%20im%20Kindergarten\" title=\"Bei Pinterest pinnen\" aria-label=\"Bei Pinterest pinnen\" role=\"button\" rel=\"noopener nofollow\" class=\"shariff-link\" style=\"; background-color:#cb2027; color:#fff\" target=\"_blank\"><span class=\"shariff-icon\" style=\"\"><svg width=\"32px\" height=\"20px\" xmlns=\"http:\/\/www.w3.org\/2000\/svg\" viewBox=\"0 0 27 32\"><path fill=\"#cb2027\" d=\"M27.4 16q0 3.7-1.8 6.9t-5 5-6.9 1.9q-2 0-3.9-0.6 1.1-1.7 1.4-2.9 0.2-0.6 1-3.8 0.4 0.7 1.3 1.2t2 0.5q2.1 0 3.8-1.2t2.7-3.4 0.9-4.8q0-2-1.1-3.8t-3.1-2.9-4.5-1.2q-1.9 0-3.5 0.5t-2.8 1.4-2 2-1.2 2.3-0.4 2.4q0 1.9 0.7 3.3t2.1 2q0.5 0.2 0.7-0.4 0-0.1 0.1-0.5t0.2-0.5q0.1-0.4-0.2-0.8-0.9-1.1-0.9-2.7 0-2.7 1.9-4.6t4.9-2q2.7 0 4.2 1.5t1.5 3.8q0 3-1.2 5.2t-3.1 2.1q-1.1 0-1.7-0.8t-0.4-1.9q0.1-0.6 0.5-1.7t0.5-1.8 0.2-1.4q0-0.9-0.5-1.5t-1.4-0.6q-1.1 0-1.9 1t-0.8 2.6q0 1.3 0.4 2.2l-1.8 7.5q-0.3 1.2-0.2 3.2-3.7-1.6-6-5t-2.3-7.6q0-3.7 1.9-6.9t5-5 6.9-1.9 6.9 1.9 5 5 1.8 6.9z\"\/><\/svg><\/span><span class=\"shariff-text\">merken<\/span>&nbsp;<\/a><\/li><li class=\"shariff-button mailto shariff-nocustomcolor\" style=\"background-color:#a8a8a8\"><a href=\"mailto:?body=https%3A%2F%2Fwww.backwinkel.de%2Fblog%2Felternabend-im-kindergarten%2F&subject=Elternabend%20im%20Kindergarten\" title=\"Per E-Mail versenden\" aria-label=\"Per E-Mail versenden\" role=\"button\" rel=\"noopener nofollow\" class=\"shariff-link\" style=\"; background-color:#999; color:#fff\"><span class=\"shariff-icon\" style=\"\"><svg width=\"32px\" height=\"20px\" xmlns=\"http:\/\/www.w3.org\/2000\/svg\" viewBox=\"0 0 32 32\"><path fill=\"#999\" d=\"M32 12.7v14.2q0 1.2-0.8 2t-2 0.9h-26.3q-1.2 0-2-0.9t-0.8-2v-14.2q0.8 0.9 1.8 1.6 6.5 4.4 8.9 6.1 1 0.8 1.6 1.2t1.7 0.9 2 0.4h0.1q0.9 0 2-0.4t1.7-0.9 1.6-1.2q3-2.2 8.9-6.1 1-0.7 1.8-1.6zM32 7.4q0 1.4-0.9 2.7t-2.2 2.2q-6.7 4.7-8.4 5.8-0.2 0.1-0.7 0.5t-1 0.7-0.9 0.6-1.1 0.5-0.9 0.2h-0.1q-0.4 0-0.9-0.2t-1.1-0.5-0.9-0.6-1-0.7-0.7-0.5q-1.6-1.1-4.7-3.2t-3.6-2.6q-1.1-0.7-2.1-2t-1-2.5q0-1.4 0.7-2.3t2.1-0.9h26.3q1.2 0 2 0.8t0.9 2z\"\/><\/svg><\/span><span class=\"shariff-text\">E-Mail<\/span>&nbsp;<\/a><\/li><\/ul><\/div>\n<\/div><\/section><br \/>\n<div  class='tabcontainer av-jlq8shhr-b676e11701d9718d755b04dc68ac4c10 top_tab  avia-builder-el-47  el_after_av_textblock  el_before_av_hr '>\n<section class='av_tab_section av_tab_section av-4w8jsn-17d4c89754803ac141d68451b8b1d1a6' ><div id='tab-id-1-tab' class='tab active_tab' role='tab' aria-selected=\"true\" tabindex=\"0\" data-fake-id='#tab-id-1' aria-controls='tab-id-1-content' >Das BACKWINKEL-Blog-Team:<\/div><div id='tab-id-1-content' class='tab_content active_tab_content' role='tabpanel' aria-labelledby='tab-id-1-tab' aria-hidden=\"false\"><div class='tab_inner_content invers-color' ><p><img decoding=\"async\" class=\"wp-image-1768 alignleft\" title=\"BACKWINKEL-Blog \u2013 Das Team\" src=\"https:\/\/blog.backwinkel.de\/wp-content\/uploads\/2018\/10\/backwinkel-blog-autorenbox-intern_preview-300x198.jpg\" alt=\"\" width=\"300\" height=\"198\" \/>Gibts auch ein Gesicht hinter dem BACKWINKEL-Blog? Ja. Vier ?. Drei davon sogar mit Foto.<\/p>\n<p><span style=\"font-style: inherit !important; font-weight: inherit !important;\">Wir \u2013 Lukas, Tatjana, Stefan und Christine \u2013 bespielen unseren Blog unter dem Motto LACHEN LESEN LERNEN. <\/span><\/p>\n<p><span style=\"font-style: inherit !important; font-weight: inherit !important;\">Lukas kennt sich online so gut aus wie in seiner Westentasche und findet immer spannende Themen, w\u00e4hrend Stefan unseren Beitr\u00e4gen den passenden gestalterischen Rahmen gibt und Tatjana mit dem gr\u00fcnen Korrekturstift alles pr\u00fcfend be\u00e4ugt, was unsere Autorin Christine (und gern auch Gastautoren) f\u00fcr den BACKWINKEL-Blog nach ordentlicher Recherche schreibt.<\/span><\/p>\n<p>Gemeinsam suchen wir st\u00e4ndig nach neuen, aufregenden Themen rund um das Thema Bildung im Kiga, der Schule und zu Hause. Und weil Sie da an der Quelle sitzen, freuen wir uns auf Ihre konstruktiven R\u00fcckmeldungen und Anregungen an <a href=\"mailto:blog@backwinkel.de\">blog@backwinkel.de<\/a><\/p>\n<p>Viel Spa\u00df beim LACHEN LESEN LERNEN!<\/p>\n<\/div><\/div><\/section>\n<\/div><br \/>\n\n<style type=\"text\/css\" data-created_by=\"avia_inline_auto\" id=\"style-css-av-jkuvdh82-4-6046945053f627a2d96600ef67303e9c\">\n#top .hr.av-jkuvdh82-4-6046945053f627a2d96600ef67303e9c{\nmargin-top:10px;\nmargin-bottom:10px;\n}\n.hr.av-jkuvdh82-4-6046945053f627a2d96600ef67303e9c .hr-inner{\nwidth:500;\n}\n<\/style>\n<div  class='hr av-jkuvdh82-4-6046945053f627a2d96600ef67303e9c hr-custom  avia-builder-el-48  el_after_av_tab_container  el_before_av_heading  hr-left hr-icon-no'><span class='hr-inner inner-border-av-border-thin'><span class=\"hr-inner-style\"><\/span><\/span><\/div><br \/>\n\n<style type=\"text\/css\" data-created_by=\"avia_inline_auto\" id=\"style-css-av-2kvx4l-26cf26738d77db581bfabf51b88b95c5\">\n#top .av-special-heading.av-2kvx4l-26cf26738d77db581bfabf51b88b95c5{\npadding-bottom:10px;\n}\nbody .av-special-heading.av-2kvx4l-26cf26738d77db581bfabf51b88b95c5 .av-special-heading-tag .heading-char{\nfont-size:25px;\n}\n.av-special-heading.av-2kvx4l-26cf26738d77db581bfabf51b88b95c5 .av-subheading{\nfont-size:15px;\n}\n<\/style>\n<div  class='av-special-heading av-2kvx4l-26cf26738d77db581bfabf51b88b95c5 av-special-heading-h3 blockquote modern-quote  avia-builder-el-49  el_after_av_hr  el_before_av_blog '><h3 class='av-special-heading-tag '  >PASSENDE BEITR\u00c4GE<\/h3><div class=\"special-heading-border\"><div class=\"special-heading-inner-border\"><\/div><\/div><\/div><br \/>\n<div  data-slideshow-options=\"{&quot;animation&quot;:&quot;fade&quot;,&quot;autoplay&quot;:false,&quot;loop_autoplay&quot;:&quot;once&quot;,&quot;interval&quot;:5,&quot;loop_manual&quot;:&quot;manual-endless&quot;,&quot;autoplay_stopper&quot;:false,&quot;noNavigation&quot;:false,&quot;show_slide_delay&quot;:90}\" class='avia-content-slider avia-content-grid-active avia-content-slider1 avia-content-slider-odd  avia-builder-el-50  el_after_av_heading  avia-builder-el-last  av-slideshow-ui av-control-default   av-no-slider-navigation av-slideshow-manual av-loop-once av-loop-manual-endless ' ><div class=\"avia-content-slider-inner\"><div class=\"slide-entry-wrap\"><article class='slide-entry flex_column  post-entry post-entry-18633 slide-entry-overview slide-loop-1 slide-parity-odd  av_one_third first real-thumbnail posttype-post post-format-standard' ><a href='https:\/\/www.backwinkel.de\/blog\/plastik-recyceln\/' data-rel='slide-1' class='slide-image' title='Plastik recyceln'><img decoding=\"async\" fetchpriority=\"high\" width=\"1200\" height=\"628\" src=\"https:\/\/www.backwinkel.de\/blog\/wp-content\/uploads\/2026\/04\/04_Kiga_Plastik_nachhaltig_nutzen.jpg\" class=\"wp-image-18713 avia-img-lazy-loading-not-18713 attachment-no scaling size-no scaling wp-post-image\" alt=\"\" \/><\/a><div class=\"slide-content\"><header class=\"entry-content-header\" aria-label=\"Slide: Plastik recyceln\"><h3 class='slide-entry-title entry-title ' ><a href='https:\/\/www.backwinkel.de\/blog\/plastik-recyceln\/' title='Plastik recyceln'>Plastik recyceln<\/a><\/h3><span class=\"blog-categories minor-meta\"><a href=\"https:\/\/www.backwinkel.de\/blog\/category\/kindergarten-kita\/\" rel=\"tag\">Kindergarten<\/a> <\/span><span class=\"av-vertical-delimiter\"><\/span><\/header><div class='slide-entry-excerpt entry-content' >Biokunststoff f\u00fcr St\u00fchle, Materialboxen, Spielzeug und Rucks\u00e4cke<\/div><\/div><footer class=\"entry-footer\"><div class=\"slide-meta\"><time class='slide-meta-time updated' >14. April 2026<\/time><\/div><\/footer><\/article><article class='slide-entry flex_column  post-entry post-entry-18716 slide-entry-overview slide-loop-2 slide-parity-even  av_one_third  real-thumbnail posttype-post post-format-standard' ><a href='https:\/\/www.backwinkel.de\/blog\/rechnen-im-anfangsunterricht\/' data-rel='slide-1' class='slide-image' title='Rechnen im Anfangsunterricht'><img decoding=\"async\" fetchpriority=\"high\" width=\"1200\" height=\"628\" src=\"https:\/\/www.backwinkel.de\/blog\/wp-content\/uploads\/2026\/04\/04_Schule_Rechnen_anfangsunterricht.jpg\" class=\"wp-image-18748 avia-img-lazy-loading-not-18748 attachment-no scaling size-no scaling wp-post-image\" alt=\"\" \/><\/a><div class=\"slide-content\"><header class=\"entry-content-header\" aria-label=\"Slide: Rechnen im Anfangsunterricht\"><h3 class='slide-entry-title entry-title ' ><a href='https:\/\/www.backwinkel.de\/blog\/rechnen-im-anfangsunterricht\/' title='Rechnen im Anfangsunterricht'>Rechnen im Anfangsunterricht<\/a><\/h3><span class=\"blog-categories minor-meta\"><a href=\"https:\/\/www.backwinkel.de\/blog\/category\/schule-grundschule\/\" rel=\"tag\">Schule<\/a> <\/span><span class=\"av-vertical-delimiter\"><\/span><\/header><div class='slide-entry-excerpt entry-content' >Das Klassenzimmer als Lernlandschaft<\/div><\/div><footer class=\"entry-footer\"><div class=\"slide-meta\"><time class='slide-meta-time updated' >14. April 2026<\/time><\/div><\/footer><\/article><article class='slide-entry flex_column  post-entry post-entry-18372 slide-entry-overview slide-loop-3 slide-parity-odd  post-entry-last  av_one_third  real-thumbnail posttype-post post-format-standard' ><a href='https:\/\/www.backwinkel.de\/blog\/kranke-kinder-im-kindergarten\/' data-rel='slide-1' class='slide-image' title='Kranke Kinder im Kindergarten'><img decoding=\"async\" fetchpriority=\"high\" width=\"1200\" height=\"628\" src=\"https:\/\/www.backwinkel.de\/blog\/wp-content\/uploads\/2026\/03\/03_Kiga_Kranke_Kinder.jpg\" class=\"wp-image-18451 avia-img-lazy-loading-not-18451 attachment-no scaling size-no scaling wp-post-image\" alt=\"Thema: Kranke Kinder. Auf dem Bild ist ein krankes kleines M\u00e4dchen zu sehen. Eine Frau mit einem Fieberthermometer in der Hand sitzt neben ihr und hat die Hand auf der Stirn des M\u00e4dchens.\" \/><\/a><div class=\"slide-content\"><header class=\"entry-content-header\" aria-label=\"Slide: Kranke Kinder im Kindergarten\"><h3 class='slide-entry-title entry-title ' ><a href='https:\/\/www.backwinkel.de\/blog\/kranke-kinder-im-kindergarten\/' title='Kranke Kinder im Kindergarten'>Kranke Kinder im Kindergarten<\/a><\/h3><span class=\"blog-categories minor-meta\"><a href=\"https:\/\/www.backwinkel.de\/blog\/category\/kindergarten-kita\/\" rel=\"tag\">Kindergarten<\/a> <\/span><span class=\"av-vertical-delimiter\"><\/span><\/header><div class='slide-entry-excerpt entry-content' >Auswirkungen f\u00fcr Kinder, Eltern und Fachkr\u00e4fte<\/div><\/div><footer class=\"entry-footer\"><div class=\"slide-meta\"><time class='slide-meta-time updated' >9. M\u00e4rz 2026<\/time><\/div><\/footer><\/article><\/div><\/div><\/div><\/p><\/div>\n","protected":false},"excerpt":{"rendered":"<p>Gut vorbereitet in neue Aufgaben<\/p>\n","protected":false},"author":3,"featured_media":5036,"comment_status":"closed","ping_status":"closed","sticky":false,"template":"","format":"standard","meta":{"inline_featured_image":false,"footnotes":""},"categories":[5],"tags":[],"class_list":["post-5018","post","type-post","status-publish","format-standard","has-post-thumbnail","hentry","category-kindergarten-kita"],"yoast_head":"<!-- This site is optimized with the Yoast SEO plugin v27.4 - https:\/\/yoast.com\/product\/yoast-seo-wordpress\/ -->\n<title>Elternabend in Kindergarten &amp; Kita \u00bb Ideen und Tipps, inkl. Checkliste | BACKWINKEL Blog<\/title>\n<meta name=\"description\" content=\"Was es bei der Planung und Durchf\u00fchrung des Elternabends zu beachten gibt, damit Ihr Elternabend ein voller Erfolg wird. \u2713 Praxistipps und Checkliste zum Ausdrucken inklusive. \u2713\" \/>\n<meta name=\"robots\" content=\"index, follow, max-snippet:-1, max-image-preview:large, max-video-preview:-1\" \/>\n<link rel=\"canonical\" href=\"https:\/\/www.backwinkel.de\/blog\/elternabend-im-kindergarten\/\" \/>\n<meta property=\"og:locale\" content=\"de_DE\" \/>\n<meta property=\"og:type\" content=\"article\" \/>\n<meta property=\"og:title\" content=\"Elternabend in Kindergarten &amp; Kita \u00bb Ideen und Tipps, inkl. Checkliste | BACKWINKEL Blog\" \/>\n<meta property=\"og:description\" content=\"Was es bei der Planung und Durchf\u00fchrung des Elternabends zu beachten gibt, damit Ihr Elternabend ein voller Erfolg wird. \u2713 Praxistipps und Checkliste zum Ausdrucken inklusive. \u2713\" \/>\n<meta property=\"og:url\" content=\"https:\/\/www.backwinkel.de\/blog\/elternabend-im-kindergarten\/\" \/>\n<meta property=\"og:site_name\" content=\"BACKWINKEL Blog\" \/>\n<meta property=\"article:published_time\" content=\"2020-09-07T07:56:08+00:00\" \/>\n<meta property=\"article:modified_time\" content=\"2026-04-22T09:51:28+00:00\" \/>\n<meta property=\"og:image\" content=\"https:\/\/www.backwinkel.de\/blog\/wp-content\/uploads\/2020\/09\/backwinkel-blog-elternabend-in-der-kita-heroimage.jpg\" \/>\n\t<meta property=\"og:image:width\" content=\"1200\" \/>\n\t<meta property=\"og:image:height\" content=\"628\" \/>\n\t<meta property=\"og:image:type\" content=\"image\/jpeg\" \/>\n<meta name=\"author\" content=\"BACKWINKEL\" \/>\n<meta name=\"twitter:card\" content=\"summary_large_image\" \/>\n<meta name=\"twitter:label1\" content=\"Verfasst von\" \/>\n\t<meta name=\"twitter:data1\" content=\"BACKWINKEL\" \/>\n\t<meta name=\"twitter:label2\" content=\"Gesch\u00e4tzte Lesezeit\" \/>\n\t<meta name=\"twitter:data2\" content=\"14\u00a0Minuten\" \/>\n<script type=\"application\/ld+json\" class=\"yoast-schema-graph\">{\"@context\":\"https:\\\/\\\/schema.org\",\"@graph\":[{\"@type\":\"Article\",\"@id\":\"https:\\\/\\\/www.backwinkel.de\\\/blog\\\/elternabend-im-kindergarten\\\/#article\",\"isPartOf\":{\"@id\":\"https:\\\/\\\/www.backwinkel.de\\\/blog\\\/elternabend-im-kindergarten\\\/\"},\"author\":{\"name\":\"BACKWINKEL\",\"@id\":\"https:\\\/\\\/www.backwinkel.de\\\/blog\\\/#\\\/schema\\\/person\\\/3d64575316540d25f7866264a4b7cd24\"},\"headline\":\"Elternabend im Kindergarten\",\"datePublished\":\"2020-09-07T07:56:08+00:00\",\"dateModified\":\"2026-04-22T09:51:28+00:00\",\"mainEntityOfPage\":{\"@id\":\"https:\\\/\\\/www.backwinkel.de\\\/blog\\\/elternabend-im-kindergarten\\\/\"},\"wordCount\":5198,\"image\":{\"@id\":\"https:\\\/\\\/www.backwinkel.de\\\/blog\\\/elternabend-im-kindergarten\\\/#primaryimage\"},\"thumbnailUrl\":\"https:\\\/\\\/www.backwinkel.de\\\/blog\\\/wp-content\\\/uploads\\\/2020\\\/09\\\/backwinkel-blog-elternabend-in-der-kita-heroimage.jpg\",\"articleSection\":[\"Kindergarten\"],\"inLanguage\":\"de\"},{\"@type\":\"WebPage\",\"@id\":\"https:\\\/\\\/www.backwinkel.de\\\/blog\\\/elternabend-im-kindergarten\\\/\",\"url\":\"https:\\\/\\\/www.backwinkel.de\\\/blog\\\/elternabend-im-kindergarten\\\/\",\"name\":\"Elternabend in Kindergarten & Kita \u00bb Ideen und Tipps, inkl. Checkliste | BACKWINKEL Blog\",\"isPartOf\":{\"@id\":\"https:\\\/\\\/www.backwinkel.de\\\/blog\\\/#website\"},\"primaryImageOfPage\":{\"@id\":\"https:\\\/\\\/www.backwinkel.de\\\/blog\\\/elternabend-im-kindergarten\\\/#primaryimage\"},\"image\":{\"@id\":\"https:\\\/\\\/www.backwinkel.de\\\/blog\\\/elternabend-im-kindergarten\\\/#primaryimage\"},\"thumbnailUrl\":\"https:\\\/\\\/www.backwinkel.de\\\/blog\\\/wp-content\\\/uploads\\\/2020\\\/09\\\/backwinkel-blog-elternabend-in-der-kita-heroimage.jpg\",\"datePublished\":\"2020-09-07T07:56:08+00:00\",\"dateModified\":\"2026-04-22T09:51:28+00:00\",\"author\":{\"@id\":\"https:\\\/\\\/www.backwinkel.de\\\/blog\\\/#\\\/schema\\\/person\\\/3d64575316540d25f7866264a4b7cd24\"},\"description\":\"Was es bei der Planung und Durchf\u00fchrung des Elternabends zu beachten gibt, damit Ihr Elternabend ein voller Erfolg wird. \u2713 Praxistipps und Checkliste zum Ausdrucken inklusive. \u2713\",\"breadcrumb\":{\"@id\":\"https:\\\/\\\/www.backwinkel.de\\\/blog\\\/elternabend-im-kindergarten\\\/#breadcrumb\"},\"inLanguage\":\"de\",\"potentialAction\":[{\"@type\":\"ReadAction\",\"target\":[\"https:\\\/\\\/www.backwinkel.de\\\/blog\\\/elternabend-im-kindergarten\\\/\"]}]},{\"@type\":\"ImageObject\",\"inLanguage\":\"de\",\"@id\":\"https:\\\/\\\/www.backwinkel.de\\\/blog\\\/elternabend-im-kindergarten\\\/#primaryimage\",\"url\":\"https:\\\/\\\/www.backwinkel.de\\\/blog\\\/wp-content\\\/uploads\\\/2020\\\/09\\\/backwinkel-blog-elternabend-in-der-kita-heroimage.jpg\",\"contentUrl\":\"https:\\\/\\\/www.backwinkel.de\\\/blog\\\/wp-content\\\/uploads\\\/2020\\\/09\\\/backwinkel-blog-elternabend-in-der-kita-heroimage.jpg\",\"width\":1200,\"height\":628},{\"@type\":\"BreadcrumbList\",\"@id\":\"https:\\\/\\\/www.backwinkel.de\\\/blog\\\/elternabend-im-kindergarten\\\/#breadcrumb\",\"itemListElement\":[{\"@type\":\"ListItem\",\"position\":1,\"name\":\"Startseite\",\"item\":\"https:\\\/\\\/blog.backwinkel.de\\\/aktuelles\\\/\"},{\"@type\":\"ListItem\",\"position\":2,\"name\":\"Elternabend im Kindergarten\"}]},{\"@type\":\"WebSite\",\"@id\":\"https:\\\/\\\/www.backwinkel.de\\\/blog\\\/#website\",\"url\":\"https:\\\/\\\/www.backwinkel.de\\\/blog\\\/\",\"name\":\"BACKWINKEL Blog\",\"description\":\"f\u00fcr Lehrer, Erzieher und Eltern\",\"potentialAction\":[{\"@type\":\"SearchAction\",\"target\":{\"@type\":\"EntryPoint\",\"urlTemplate\":\"https:\\\/\\\/www.backwinkel.de\\\/blog\\\/?s={search_term_string}\"},\"query-input\":{\"@type\":\"PropertyValueSpecification\",\"valueRequired\":true,\"valueName\":\"search_term_string\"}}],\"inLanguage\":\"de\"},{\"@type\":\"Person\",\"@id\":\"https:\\\/\\\/www.backwinkel.de\\\/blog\\\/#\\\/schema\\\/person\\\/3d64575316540d25f7866264a4b7cd24\",\"name\":\"BACKWINKEL\",\"sameAs\":[\"http:\\\/\\\/www.backwinkel.de\"],\"url\":\"https:\\\/\\\/www.backwinkel.de\\\/blog\\\/author\\\/backwinkel\\\/\"}]}<\/script>\n<!-- \/ Yoast SEO plugin. -->","yoast_head_json":{"title":"Elternabend in Kindergarten & Kita \u00bb Ideen und Tipps, inkl. Checkliste | BACKWINKEL Blog","description":"Was es bei der Planung und Durchf\u00fchrung des Elternabends zu beachten gibt, damit Ihr Elternabend ein voller Erfolg wird. \u2713 Praxistipps und Checkliste zum Ausdrucken inklusive. \u2713","robots":{"index":"index","follow":"follow","max-snippet":"max-snippet:-1","max-image-preview":"max-image-preview:large","max-video-preview":"max-video-preview:-1"},"canonical":"https:\/\/www.backwinkel.de\/blog\/elternabend-im-kindergarten\/","og_locale":"de_DE","og_type":"article","og_title":"Elternabend in Kindergarten & Kita \u00bb Ideen und Tipps, inkl. Checkliste | BACKWINKEL Blog","og_description":"Was es bei der Planung und Durchf\u00fchrung des Elternabends zu beachten gibt, damit Ihr Elternabend ein voller Erfolg wird. \u2713 Praxistipps und Checkliste zum Ausdrucken inklusive. \u2713","og_url":"https:\/\/www.backwinkel.de\/blog\/elternabend-im-kindergarten\/","og_site_name":"BACKWINKEL Blog","article_published_time":"2020-09-07T07:56:08+00:00","article_modified_time":"2026-04-22T09:51:28+00:00","og_image":[{"width":1200,"height":628,"url":"https:\/\/www.backwinkel.de\/blog\/wp-content\/uploads\/2020\/09\/backwinkel-blog-elternabend-in-der-kita-heroimage.jpg","type":"image\/jpeg"}],"author":"BACKWINKEL","twitter_card":"summary_large_image","twitter_misc":{"Verfasst von":"BACKWINKEL","Gesch\u00e4tzte Lesezeit":"14\u00a0Minuten"},"schema":{"@context":"https:\/\/schema.org","@graph":[{"@type":"Article","@id":"https:\/\/www.backwinkel.de\/blog\/elternabend-im-kindergarten\/#article","isPartOf":{"@id":"https:\/\/www.backwinkel.de\/blog\/elternabend-im-kindergarten\/"},"author":{"name":"BACKWINKEL","@id":"https:\/\/www.backwinkel.de\/blog\/#\/schema\/person\/3d64575316540d25f7866264a4b7cd24"},"headline":"Elternabend im Kindergarten","datePublished":"2020-09-07T07:56:08+00:00","dateModified":"2026-04-22T09:51:28+00:00","mainEntityOfPage":{"@id":"https:\/\/www.backwinkel.de\/blog\/elternabend-im-kindergarten\/"},"wordCount":5198,"image":{"@id":"https:\/\/www.backwinkel.de\/blog\/elternabend-im-kindergarten\/#primaryimage"},"thumbnailUrl":"https:\/\/www.backwinkel.de\/blog\/wp-content\/uploads\/2020\/09\/backwinkel-blog-elternabend-in-der-kita-heroimage.jpg","articleSection":["Kindergarten"],"inLanguage":"de"},{"@type":"WebPage","@id":"https:\/\/www.backwinkel.de\/blog\/elternabend-im-kindergarten\/","url":"https:\/\/www.backwinkel.de\/blog\/elternabend-im-kindergarten\/","name":"Elternabend in Kindergarten & Kita \u00bb Ideen und Tipps, inkl. Checkliste | BACKWINKEL Blog","isPartOf":{"@id":"https:\/\/www.backwinkel.de\/blog\/#website"},"primaryImageOfPage":{"@id":"https:\/\/www.backwinkel.de\/blog\/elternabend-im-kindergarten\/#primaryimage"},"image":{"@id":"https:\/\/www.backwinkel.de\/blog\/elternabend-im-kindergarten\/#primaryimage"},"thumbnailUrl":"https:\/\/www.backwinkel.de\/blog\/wp-content\/uploads\/2020\/09\/backwinkel-blog-elternabend-in-der-kita-heroimage.jpg","datePublished":"2020-09-07T07:56:08+00:00","dateModified":"2026-04-22T09:51:28+00:00","author":{"@id":"https:\/\/www.backwinkel.de\/blog\/#\/schema\/person\/3d64575316540d25f7866264a4b7cd24"},"description":"Was es bei der Planung und Durchf\u00fchrung des Elternabends zu beachten gibt, damit Ihr Elternabend ein voller Erfolg wird. \u2713 Praxistipps und Checkliste zum Ausdrucken inklusive. \u2713","breadcrumb":{"@id":"https:\/\/www.backwinkel.de\/blog\/elternabend-im-kindergarten\/#breadcrumb"},"inLanguage":"de","potentialAction":[{"@type":"ReadAction","target":["https:\/\/www.backwinkel.de\/blog\/elternabend-im-kindergarten\/"]}]},{"@type":"ImageObject","inLanguage":"de","@id":"https:\/\/www.backwinkel.de\/blog\/elternabend-im-kindergarten\/#primaryimage","url":"https:\/\/www.backwinkel.de\/blog\/wp-content\/uploads\/2020\/09\/backwinkel-blog-elternabend-in-der-kita-heroimage.jpg","contentUrl":"https:\/\/www.backwinkel.de\/blog\/wp-content\/uploads\/2020\/09\/backwinkel-blog-elternabend-in-der-kita-heroimage.jpg","width":1200,"height":628},{"@type":"BreadcrumbList","@id":"https:\/\/www.backwinkel.de\/blog\/elternabend-im-kindergarten\/#breadcrumb","itemListElement":[{"@type":"ListItem","position":1,"name":"Startseite","item":"https:\/\/blog.backwinkel.de\/aktuelles\/"},{"@type":"ListItem","position":2,"name":"Elternabend im Kindergarten"}]},{"@type":"WebSite","@id":"https:\/\/www.backwinkel.de\/blog\/#website","url":"https:\/\/www.backwinkel.de\/blog\/","name":"BACKWINKEL Blog","description":"f\u00fcr Lehrer, Erzieher und Eltern","potentialAction":[{"@type":"SearchAction","target":{"@type":"EntryPoint","urlTemplate":"https:\/\/www.backwinkel.de\/blog\/?s={search_term_string}"},"query-input":{"@type":"PropertyValueSpecification","valueRequired":true,"valueName":"search_term_string"}}],"inLanguage":"de"},{"@type":"Person","@id":"https:\/\/www.backwinkel.de\/blog\/#\/schema\/person\/3d64575316540d25f7866264a4b7cd24","name":"BACKWINKEL","sameAs":["http:\/\/www.backwinkel.de"],"url":"https:\/\/www.backwinkel.de\/blog\/author\/backwinkel\/"}]}},"_links":{"self":[{"href":"https:\/\/www.backwinkel.de\/blog\/wp-json\/wp\/v2\/posts\/5018","targetHints":{"allow":["GET"]}}],"collection":[{"href":"https:\/\/www.backwinkel.de\/blog\/wp-json\/wp\/v2\/posts"}],"about":[{"href":"https:\/\/www.backwinkel.de\/blog\/wp-json\/wp\/v2\/types\/post"}],"author":[{"embeddable":true,"href":"https:\/\/www.backwinkel.de\/blog\/wp-json\/wp\/v2\/users\/3"}],"replies":[{"embeddable":true,"href":"https:\/\/www.backwinkel.de\/blog\/wp-json\/wp\/v2\/comments?post=5018"}],"version-history":[{"count":4,"href":"https:\/\/www.backwinkel.de\/blog\/wp-json\/wp\/v2\/posts\/5018\/revisions"}],"predecessor-version":[{"id":18889,"href":"https:\/\/www.backwinkel.de\/blog\/wp-json\/wp\/v2\/posts\/5018\/revisions\/18889"}],"wp:featuredmedia":[{"embeddable":true,"href":"https:\/\/www.backwinkel.de\/blog\/wp-json\/wp\/v2\/media\/5036"}],"wp:attachment":[{"href":"https:\/\/www.backwinkel.de\/blog\/wp-json\/wp\/v2\/media?parent=5018"}],"wp:term":[{"taxonomy":"category","embeddable":true,"href":"https:\/\/www.backwinkel.de\/blog\/wp-json\/wp\/v2\/categories?post=5018"},{"taxonomy":"post_tag","embeddable":true,"href":"https:\/\/www.backwinkel.de\/blog\/wp-json\/wp\/v2\/tags?post=5018"}],"curies":[{"name":"wp","href":"https:\/\/api.w.org\/{rel}","templated":true}]}}