{"id":4596,"date":"2020-06-05T08:18:13","date_gmt":"2020-06-05T06:18:13","guid":{"rendered":"https:\/\/blog.backwinkel.de\/?p=4596"},"modified":"2026-04-22T11:38:36","modified_gmt":"2026-04-22T09:38:36","slug":"funktionsraeume-gestalten","status":"publish","type":"post","link":"https:\/\/www.backwinkel.de\/blog\/funktionsraeume-gestalten\/","title":{"rendered":"Funktionsr\u00e4ume gestalten:"},"content":{"rendered":"\n<style type=\"text\/css\" data-created_by=\"avia_inline_auto\" id=\"style-css-av-8vdv8-f7e0dae999cc49bc529a70f67b346526\">\n.flex_column.av-8vdv8-f7e0dae999cc49bc529a70f67b346526{\nborder-radius:0px 0px 0px 0px;\npadding:0px 0px 0px 0px;\n}\n<\/style>\n<div  class='flex_column av-8vdv8-f7e0dae999cc49bc529a70f67b346526 av_one_full  avia-builder-el-0  el_before_av_three_fifth  avia-builder-el-first  first flex_column_div av-zero-column-padding  '     ><p>\n<style type=\"text\/css\" data-created_by=\"avia_inline_auto\" id=\"style-css-av-jl6mo8rj-605eccf9df0dce9c3ffb6a57636da99d\">\n#top .hr.hr-invisible.av-jl6mo8rj-605eccf9df0dce9c3ffb6a57636da99d{\nmargin-top:0px;\nheight:1px;\n}\n<\/style>\n<div  class='hr av-jl6mo8rj-605eccf9df0dce9c3ffb6a57636da99d hr-invisible  avia-builder-el-1  el_before_av_heading  avia-builder-el-first '><span class='hr-inner '><span class=\"hr-inner-style\"><\/span><\/span><\/div><br \/>\n\n<style type=\"text\/css\" data-created_by=\"avia_inline_auto\" id=\"style-css-av-6tapg-a7f92e18de53a6ac26db81dae2385598\">\n#top .av-special-heading.av-6tapg-a7f92e18de53a6ac26db81dae2385598{\npadding-bottom:10px;\n}\nbody .av-special-heading.av-6tapg-a7f92e18de53a6ac26db81dae2385598 .av-special-heading-tag .heading-char{\nfont-size:25px;\n}\n.av-special-heading.av-6tapg-a7f92e18de53a6ac26db81dae2385598 .av-subheading{\nfont-size:15px;\n}\n<\/style>\n<div  class='av-special-heading av-6tapg-a7f92e18de53a6ac26db81dae2385598 av-special-heading-h1 blockquote modern-quote  avia-builder-el-2  el_after_av_hr  el_before_av_post_metadata  av-linked-heading'><h1 class='av-special-heading-tag '  >Funktionsr\u00e4ume gestalten: Bildung knackig vermitteln<\/h1><div class='av-subheading av-subheading_below'><p class=\"autorenname\">Christine Hagemann<\/p>\n<\/div><div class=\"special-heading-border\"><div class=\"special-heading-inner-border\"><\/div><\/div><\/div><br \/>\n\n<style type=\"text\/css\" data-created_by=\"avia_inline_auto\" id=\"style-css-av-jxh5w-1b1928d3a4b28aed159cbfe2c303c77d\">\n#top .av-post-metadata-container.av-jxh5w-1b1928d3a4b28aed159cbfe2c303c77d{\nfont-size:12px;\n}\n#top .av-post-metadata-container.av-jxh5w-1b1928d3a4b28aed159cbfe2c303c77d .av-post-metadata-container-inner{\nfont-size:12px;\n}\n<\/style>\n<div  class='av-post-metadata-container av-jxh5w-1b1928d3a4b28aed159cbfe2c303c77d av-metadata-container-align-left  avia-builder-el-3  el_after_av_heading  el_before_av_textblock  av-metadata-container-1'><div class='av-post-metadata-container-inner'><span class=\"av-post-metadata-content av-post-metadata-meta-content\"><span class=\"av-post-metadata-content av-post-metadata-modified\"><span class=\"av-metadata-before av-metadata-before-modified\">Aktualisiert:<\/span><span class=\"av-post-metadata-modified-date\" >22. April 2026<\/span><\/span><span class=\"av-post-metadata-content av-post-metadata-separator\">\/<\/span><span class=\"av-post-metadata-content av-post-metadata-modified\"><span class=\"av-metadata-before av-metadata-before-modified\">Zuletzt aktualisiert:<\/span><span class=\"av-post-metadata-modified-date\" >22. April 2026<\/span><\/span><\/span><\/div><\/div><br \/>\n\n<style type=\"text\/css\" data-created_by=\"avia_inline_auto\" id=\"style-css-av-jkuubohz-8fca5ffce642cf8e1fbd093c1d421e49\">\n#top .av_textblock_section.av-jkuubohz-8fca5ffce642cf8e1fbd093c1d421e49 .avia_textblock{\nfont-size:20px;\n}\n<\/style>\n<section  class='av_textblock_section av-jkuubohz-8fca5ffce642cf8e1fbd093c1d421e49 '  ><div class='avia_textblock' ><p class=\"einleitungstext-beitrag\">In der Kita haben Erzieher gro\u00dfen Einfluss darauf, ob ihre R\u00e4ume die Kinder zum intensiven Spielen und Lernen einladen. Dazu geh\u00f6rt die richtige Gestaltung von Funktionsr\u00e4umen.<\/p>\n<\/div><\/section><br \/>\n\n<style type=\"text\/css\" data-created_by=\"avia_inline_auto\" id=\"style-css-av-jkuuo5h6-4d045188101d28bf8cd7247b7d9f66e5\">\n.avia-image-container.av-jkuuo5h6-4d045188101d28bf8cd7247b7d9f66e5 img.avia_image{\nbox-shadow:none;\n}\n.avia-image-container.av-jkuuo5h6-4d045188101d28bf8cd7247b7d9f66e5 .av-image-caption-overlay-center{\ncolor:#ffffff;\n}\n<\/style>\n<div  class='avia-image-container av-jkuuo5h6-4d045188101d28bf8cd7247b7d9f66e5 av-styling- avia-align-center  avia-builder-el-5  el_after_av_textblock  el_before_av_hr '  ><div class=\"avia-image-container-inner\"><div class=\"avia-image-overlay-wrap\"><img decoding=\"async\" fetchpriority=\"high\" class='wp-image-4601 avia-img-lazy-loading-not-4601 avia_image ' src=\"https:\/\/www.backwinkel.de\/blog\/wp-content\/uploads\/2020\/05\/backwinkel-blog-funktionsraeume-gestalten.jpg\" alt='' title='backwinkel-blog-funktionsraeume-gestalten'  height=\"628\" width=\"1200\"  \/><\/div><\/div><\/div><br \/>\n\n<style type=\"text\/css\" data-created_by=\"avia_inline_auto\" id=\"style-css-av-jl6mo8rj-39-b3908b09cdcce2be0b0e8180668fbfaa\">\n#top .hr.hr-invisible.av-jl6mo8rj-39-b3908b09cdcce2be0b0e8180668fbfaa{\nheight:5px;\n}\n<\/style>\n<div  class='hr av-jl6mo8rj-39-b3908b09cdcce2be0b0e8180668fbfaa hr-invisible  avia-builder-el-6  el_after_av_image  el_before_av_textblock '><span class='hr-inner '><span class=\"hr-inner-style\"><\/span><\/span><\/div><br \/>\n\n<style type=\"text\/css\" data-created_by=\"avia_inline_auto\" id=\"style-css-av-jl7ql86y-e80384d8b1750d8be134ad53f89ab6ea\">\n#top .av_textblock_section.av-jl7ql86y-e80384d8b1750d8be134ad53f89ab6ea .avia_textblock{\nfont-size:10px;\n}\n<\/style>\n<section  class='av_textblock_section av-jl7ql86y-e80384d8b1750d8be134ad53f89ab6ea '  ><div class='avia_textblock' ><p class=\"bildnennung-beitrag\" style=\"text-align: left;\">\u00a9 BACKWINKEL GmbH<\/p>\n<\/div><\/section><br \/>\n\n<style type=\"text\/css\" data-created_by=\"avia_inline_auto\" id=\"style-css-av-jl6mo8rj-37-61805012256e0999be6ce294b53452df\">\n#top .hr.hr-invisible.av-jl6mo8rj-37-61805012256e0999be6ce294b53452df{\nheight:20px;\n}\n<\/style>\n<div  class='hr av-jl6mo8rj-37-61805012256e0999be6ce294b53452df hr-invisible  avia-builder-el-8  el_after_av_textblock  el_before_av_textblock '><span class='hr-inner '><span class=\"hr-inner-style\"><\/span><\/span><\/div><br \/>\n<section  class='av_textblock_section av-jkuubohz-38-34f5bcfedd6961e86790341859864743 '  ><div class='avia_textblock' ><p>Immer mehr Kitas gestalten ihre Gruppenr\u00e4ume in Funktionsr\u00e4ume um. Der Kerngedanke dabei ist, die kindliche Entwicklung optimal zu f\u00f6rdern. Damit das in der Praxis gelingt, gibt es einiges zu beachten. Entdecken Sie im Folgenden, wie Sie das Konzept richtig umsetzen und in Ihrer Kita tolle Funktionsr\u00e4ume gestalten. Planungshilfen zum Ausdrucken inklusive.<\/p>\n<\/div><\/section><\/p><\/div>\n<style type=\"text\/css\" data-created_by=\"avia_inline_auto\" id=\"style-css-av-swqf9-6bb490ea0cbb171c9d159bb967226129\">\n.flex_column.av-swqf9-6bb490ea0cbb171c9d159bb967226129{\nborder-radius:0px 0px 0px 0px;\npadding:20px 20px 20px 20px;\nbackground-color:#f2f2f2;\n}\n<\/style>\n<div  class='flex_column av-swqf9-6bb490ea0cbb171c9d159bb967226129 av_three_fifth  avia-builder-el-10  el_after_av_one_full  el_before_av_two_fifth  first flex_column_div  column-top-margin'     ><style type=\"text\/css\" data-created_by=\"avia_inline_auto\" id=\"style-css-av-jkuua5r2-daaff240cdb64ff49178ef768245fa1b\">\n#top .av_textblock_section.av-jkuua5r2-daaff240cdb64ff49178ef768245fa1b .avia_textblock{\nfont-size:14px;\n}\n<\/style>\n<section  class='av_textblock_section av-jkuua5r2-daaff240cdb64ff49178ef768245fa1b '  ><div class='avia_textblock' ><p><strong>Inhalt<\/strong><\/p>\n<p><strong><a href=\"#1\">1. Wie R\u00e4ume die Entwicklung von Kindern f\u00f6rdern<\/a><\/strong><br \/>\n1.1 Was sind Funktionsr\u00e4ume?<br \/>\n1.2 Welches p\u00e4dagogische Konzept steht dahinter?<\/p>\n<p><strong><a href=\"#2\">2. So gestalten Sie Funktionsr\u00e4ume effektiv<\/a><\/strong><br \/>\n2.1 7 Regeln f\u00fcr Funktionsbereiche in der Kita<br \/>\n2.2 Ideen zur Gestaltung von Funktionsr\u00e4umen<\/p>\n<p><strong><a href=\"#3\">3. Neue Chancen im Kompetenzteam<\/a><\/strong><\/p>\n<\/div><\/section><\/div><\/p>\n\n<style type=\"text\/css\" data-created_by=\"avia_inline_auto\" id=\"style-css-av-2532d-6e1ea05e25305745634c0a02c87dc827\">\n.flex_column.av-2532d-6e1ea05e25305745634c0a02c87dc827{\nborder-radius:0px 0px 0px 0px;\npadding:0 0 0 0;\n}\n<\/style>\n<div  class='flex_column av-2532d-6e1ea05e25305745634c0a02c87dc827 av_two_fifth  avia-builder-el-12  el_after_av_three_fifth  el_before_av_sidebar  flex_column_div av-zero-column-padding  column-top-margin'     ><\/div>\n<div  class='avia-builder-widget-area clearfix  avia-builder-el-13  el_after_av_two_fifth  el_before_av_one_full '><div id=\"text-33\" class=\"widget clearfix widget_text\">\t\t\t<div class=\"textwidget\"><p><a href=\"https:\/\/www.backwinkel.de\/nachhaltig-denken\/\" target=\"\\_blank\" rel=\"noopener\"><br \/>\n<img decoding=\"async\" class=\"werbung-desktop alignnone wp-image-4186 size-full\" src=\"https:\/\/www.backwinkel.de\/blog\/wp-content\/uploads\/2026\/04\/Backwinkel-blog-werbebanner-shop-kita-schule_desktop.jpg\" alt=\"\" width=\"1251\" height=\"201\" \/><br \/>\n<\/a><br \/>\n<a href=\"https:\/\/www.backwinkel.de\/nachhaltig-denken\/\" target=\"\\_blank\" rel=\"noopener\"><br \/>\n<img decoding=\"async\" class=\"werbung-mobile alignnone wp-image-4187 size-full\" src=\"https:\/\/www.backwinkel.de\/blog\/wp-content\/uploads\/2026\/04\/Backwinkel-blog-werbebanner-shop-kiga-schule_mobile.jpg\" alt=\"\" width=\"550\" height=\"500\" \/><br \/>\n<\/a><\/p>\n<\/div>\n\t\t<\/div><\/div>\n\n<style type=\"text\/css\" data-created_by=\"avia_inline_auto\" id=\"style-css-av-hh5al-9c53459d093ff912fcc98cf97e19d753\">\n.flex_column.av-hh5al-9c53459d093ff912fcc98cf97e19d753{\nborder-radius:0px 0px 0px 0px;\npadding:0px 0px 0px 0px;\n}\n<\/style>\n<div  class='flex_column av-hh5al-9c53459d093ff912fcc98cf97e19d753 av_one_full  avia-builder-el-14  el_after_av_sidebar  el_before_av_one_full  first flex_column_div av-zero-column-padding  '     ><section  class='av_textblock_section av-jkuul0eg-47aa45f9d704d9c8972e1ddf4c471077 '  ><div class='avia_textblock' >\n<style type=\"text\/css\" data-created_by=\"avia_inline_auto\" id=\"style-css-av-7c7r8-1ad3209b7b9ea9c60cc97e362d76ea5e\">\n#top .hr.hr-invisible.av-7c7r8-1ad3209b7b9ea9c60cc97e362d76ea5e{\nheight:20px;\n}\n<\/style>\n<div  class='hr av-7c7r8-1ad3209b7b9ea9c60cc97e362d76ea5e hr-invisible  avia-builder-el-16  avia-builder-el-no-sibling '><span class='hr-inner '><span class=\"hr-inner-style\"><\/span><\/span><\/div>\n<h2 id=\"1\" class=\"position\">Wie R\u00e4ume die Entwicklung von Kindern f\u00f6rdern<\/h2>\n<p>Stellen Sie sich vor, Sie betreten einen Raum und augenblicklich ist<strong> Ihr Interesse geweckt<\/strong>, sich mit den Dingen im Raum zu besch\u00e4ftigen. Vielleicht ist es ein Atelier oder eine B\u00fccherei, ein Musikstudio, eine Boutique. Was hat Sie neugierig gemacht? Wie ist der Raum gestaltet und welche Atmosph\u00e4re strahlt er aus, damit Sie sich inspiriert f\u00fchlen?<\/p>\n<p>Solche <strong>einladenden R\u00e4ume<\/strong> brauchen auch Kinder, um ihre <strong>Entdeckerfreude <\/strong>ausleben zu k\u00f6nnen. Kinder sind neugierig, wollen ihre Umwelt erkunden und die Dinge ausprobieren. Funktionsr\u00e4ume und Lernwerkst\u00e4tten in der Kita erm\u00f6glichen Kindern eine vertiefte Auseinandersetzung mit selbstgew\u00e4hlten Themen.<\/p>\n<h3>Was sind Funktionsr\u00e4ume?<\/h3>\n<p>Funktionsr\u00e4ume sind Bereiche in der Kita, in denen Kinder sich <strong>intensiv einem bestimmten Thema<\/strong> widmen k\u00f6nnen. Die Gestaltung greift die Entwicklungsaufgaben der Kinder auf. In einem gro\u00dfen Kita-Raum lassen sich leicht mehrere Funktionsr\u00e4ume einrichten. Wichtig ist, dass alle Materialien in einem Funktionsraum zum jeweiligen Themengebiet passen.<\/p>\n<p>Die <strong>Lernwerkstatt<\/strong> ist ein Bereich innerhalb eines Funktionsraums. Sie erm\u00f6glicht den Kindern, sich selbstbestimmt mit Themen auseinanderzusetzen. Das Materialangebot sollte <strong>zum Experimentieren herausfordern<\/strong>:\u00a0im Funktionsraum \u00bbKonstruieren\u00ab beispielsweise zu Themen wie Messen und Wiegen, Vergleichen, Schwerkraft, Statik, Zahlen und Ma\u00dfeinheiten.<\/p>\n<h3>Welches p\u00e4dagogische Konzept steht dahinter?<\/h3>\n<p>Funktionsr\u00e4ume unterst\u00fctzen die <strong>Offene Arbeit<\/strong> im Kindergarten. Diese beruht auf einer Haltung von Erziehern, Kindern mehr Freiraum zur Selbstorganisation ihrer Entwicklungs- und Bildungsprozesse zu geben: <strong>Das Kind ist Akteur und Selbstgestalter seiner Entwicklung<\/strong>. Dazu braucht es R\u00e4ume, die viel Aktionsfreiheit bieten.<\/p>\n<p>Das Offene Konzept im Kindergarten setzt auf freie Pers\u00f6nlichkeitsentfaltung und <strong>Eigeninitiative<\/strong>. Jedes Kind findet f\u00fcr sich selbst heraus, was es braucht und wo es sich ausprobieren m\u00f6chte. Die Aufgabe der Erzieher besteht darin, die Kinder zu <strong>begleiten<\/strong> und <strong>Impulse zu geben<\/strong>, wenn sie Hilfe ben\u00f6tigen. Dabei ist Fehler machen nat\u00fcrlich erlaubt, denn das geh\u00f6rt zum Lernprozess.<\/p>\n<\/div><\/section><\/div>\n\n<style type=\"text\/css\" data-created_by=\"avia_inline_auto\" id=\"style-css-av-hh5al-35-a49414f3ac573cd1498163fe8070052f\">\n.flex_column.av-hh5al-35-a49414f3ac573cd1498163fe8070052f{\nborder-radius:0px 0px 0px 0px;\npadding:0px 0px 0px 0px;\n}\n<\/style>\n<div  class='flex_column av-hh5al-35-a49414f3ac573cd1498163fe8070052f av_one_full  avia-builder-el-17  el_after_av_one_full  el_before_av_one_full  first flex_column_div av-zero-column-padding  column-top-margin'     ><style type=\"text\/css\" data-created_by=\"avia_inline_auto\" id=\"style-css-av-jqz83eqo-f253f701a8e55fa58e88113f09661bf3\">\n.av_promobox.av-jqz83eqo-f253f701a8e55fa58e88113f09661bf3{\ncolor:#575757;\nbackground:#ffffff;\nborder-color:#575757;\n}\n<\/style>\n<div  class='av_promobox av-jqz83eqo-f253f701a8e55fa58e88113f09661bf3 avia-button-no  avia-builder-el-18  avia-builder-el-no-sibling '><div class='avia-promocontent'><p>\n<strong>Info: <\/strong><\/p>\n<p>Die entwicklungspsychologische Erkenntnis, dass jeder Mensch eigenaktiv seine Wirklichkeit konstruiert, hat in den 1990er-Jahren einen Kurswechsel der Elementarp\u00e4dagogik eingeleitet. Die traditionell erzieherzentrierte Angebotsp\u00e4dagogik wird abgel\u00f6st von einer Haltung, die <strong>Lernen als selbstgesteuerten Prozess <\/strong>versteht. Hierbei spielt die bewusste Raumgestaltung eine zentrale Rolle, denn neben Eltern und p\u00e4dagogischen Fachkr\u00e4ften beeinflusst <strong>der Raum als dritter Erzieher <\/strong>den kindlichen Selbstbildungsprozess. Fr\u00fche Erfahrungen werden als kognitive Strukturen gespeichert. So pr\u00e4gen erste Kindheitsr\u00e4ume grundlegend das Selbst- und Weltverstehen.<\/p>\n<\/div><\/div><\/div>\n\n<style type=\"text\/css\" data-created_by=\"avia_inline_auto\" id=\"style-css-av-hh5al-32-1f98505771129d4af9ce7a3eb76328b2\">\n.flex_column.av-hh5al-32-1f98505771129d4af9ce7a3eb76328b2{\nborder-radius:0px 0px 0px 0px;\npadding:0px 0px 0px 0px;\n}\n<\/style>\n<div  class='flex_column av-hh5al-32-1f98505771129d4af9ce7a3eb76328b2 av_one_full  avia-builder-el-19  el_after_av_one_full  el_before_av_one_full  first flex_column_div av-zero-column-padding  column-top-margin'     ><section  class='av_textblock_section av-jkuul0eg-34-9bc2b05e21100a0ae64e1ad49a18e0d3 '  ><div class='avia_textblock' >\n<style type=\"text\/css\" data-created_by=\"avia_inline_auto\" id=\"style-css-av-7c7r8-33-c5972dc6852fa3ea5cc9195d1deb501c\">\n#top .hr.hr-invisible.av-7c7r8-33-c5972dc6852fa3ea5cc9195d1deb501c{\nheight:20px;\n}\n<\/style>\n<div  class='hr av-7c7r8-33-c5972dc6852fa3ea5cc9195d1deb501c hr-invisible  avia-builder-el-21  avia-builder-el-no-sibling '><span class='hr-inner '><span class=\"hr-inner-style\"><\/span><\/span><\/div>\n<p>Immer mehr Kitas arbeiten nach dem Offenen Konzept, bei dem es keine festen Gruppen gibt. Die T\u00fcren sind offen, die Kinder d\u00fcrfen sich frei und ohne zu fragen in den Aktionsbereichen bewegen. Ein wichtiges Ziel ist, Kindern mehr Autonomie zu erm\u00f6glichen: <strong>Die Kinder entscheiden selbst, was, wann, wo und mit wem sie spielen. <\/strong><\/p>\n<p>In der Praxis bestehen jedoch ziemlich gro\u00dfe Unterschiede, wie stark eine \u00d6ffnung stattfindet. Auch manche Eltern fragen: Was macht Funktionsr\u00e4ume sinnvoller als die traditionell vorhandenen Spielecken? Puppenecke, Basteltisch und Bauteppich gibt es schlie\u00dflich in jenem Kindergarten.<\/p>\n<p><strong>Diese Vorteile hat die Gestaltung von Funktionsr\u00e4umen in der Kita: <\/strong><\/p>\n<ul>\n<li>Funktionsbereiche erleichtern eine <strong>kinderzentrierte P\u00e4dagogik<\/strong> in fast jedem Kitakonzept.<\/li>\n<li>Richtig pr\u00e4sentiert haben die Materialien einen hohen Aufforderungscharakter, regen die <strong>Kreativit\u00e4t<\/strong> an und animieren die Kinder zu immer neuen Aktivit\u00e4ten.<\/li>\n<li>Das offene Angebot der Materialien, die \u00dcbersichtlichkeit und klare Struktur der Raumgestaltung sorgen f\u00fcr <strong>Entspannung<\/strong>.<\/li>\n<li>Jeder Funktionsraum spricht viele Bildungsbereiche gleichzeitig an. So entstehen wahre <strong>Bildungsr\u00e4ume<\/strong>, die von Anfang an das ganzheitliche Lernen unterst\u00fctzen.<\/li>\n<\/ul>\n<\/div><\/section><\/div>\n\n<style type=\"text\/css\" data-created_by=\"avia_inline_auto\" id=\"style-css-av-hh5al-31-67dbe73fb71b5b7315a5fa6c6848643a\">\n.flex_column.av-hh5al-31-67dbe73fb71b5b7315a5fa6c6848643a{\nborder-radius:0px 0px 0px 0px;\npadding:0px 0px 0px 0px;\n}\n<\/style>\n<div  class='flex_column av-hh5al-31-67dbe73fb71b5b7315a5fa6c6848643a av_one_full  avia-builder-el-22  el_after_av_one_full  el_before_av_one_full  first flex_column_div av-zero-column-padding  column-top-margin'     ><section  class='av_textblock_section av-jkuul0eg-30-06b1233d3ba939c9c78e0a31314b84b4 '  ><div class='avia_textblock' >\n<style type=\"text\/css\" data-created_by=\"avia_inline_auto\" id=\"style-css-av-7c7r8-29-d6fc9e5902001e72aaad887c11aa6a2a\">\n#top .hr.hr-invisible.av-7c7r8-29-d6fc9e5902001e72aaad887c11aa6a2a{\nheight:20px;\n}\n<\/style>\n<div  class='hr av-7c7r8-29-d6fc9e5902001e72aaad887c11aa6a2a hr-invisible  avia-builder-el-24  avia-builder-el-no-sibling '><span class='hr-inner '><span class=\"hr-inner-style\"><\/span><\/span><\/div>\n<h2 id=\"2\" class=\"position\">So gestalten Sie Funktionsr\u00e4ume effektiv<\/h2>\n<p>Funktionsr\u00e4ume in der Kita schaffen \u2013 f\u00fcr Erzieher bedeutet das zuallererst eine gut durchdachte Raumgestaltung, die sich t\u00e4glich den Lernbed\u00fcrfnissen der Kinder anpassen muss.<\/p>\n<p>\u00dcberlegen Sie im Team, <strong>f\u00fcr welche Aktivit\u00e4ten<\/strong> Sie Funktionsr\u00e4ume ben\u00f6tigen. Daraus ergeben sich die Fragen: Wie sieht das Platzangebot aus? Lassen sich in einem Raum mehrere Funktionsbereiche einrichten? Was ist an Material vorhanden und was muss angeschafft werden?<\/p>\n<\/div><\/section><\/div>\n\n<style type=\"text\/css\" data-created_by=\"avia_inline_auto\" id=\"style-css-av-jlnt0i5o-9e8f91020b864531f76c8938a0322d86\">\n.flex_column.av-jlnt0i5o-9e8f91020b864531f76c8938a0322d86{\nborder-radius:0px 0px 0px 0px;\npadding:10px 10px 10px 10px;\nbackground-color:#e0f1b4;\n}\n<\/style>\n<div  class='flex_column av-jlnt0i5o-9e8f91020b864531f76c8938a0322d86 av_one_full  avia-builder-el-25  el_after_av_one_full  el_before_av_one_full  first flex_column_div  column-top-margin'     ><style type=\"text\/css\" data-created_by=\"avia_inline_auto\" id=\"style-css-av-jkuvcso3-76e3e1efd844176987a0c9201bfb226f\">\n#top .av_textblock_section.av-jkuvcso3-76e3e1efd844176987a0c9201bfb226f .avia_textblock{\nfont-size:22px;\n}\n<\/style>\n<section  class='av_textblock_section av-jkuvcso3-76e3e1efd844176987a0c9201bfb226f '  ><div class='avia_textblock' ><p><strong>Tipp:<\/strong> Statten Sie die einzelnen Aktionsbereiche mit unterschiedlichen M\u00f6beln und Spielmaterialien aus. Achten Sie bei der Auswahl von Materialien auch auf unterschiedliche Schwierigkeitsgrade.<\/p>\n<\/div><\/section><\/div>\n\n<style type=\"text\/css\" data-created_by=\"avia_inline_auto\" id=\"style-css-av-hh5al-28-4e8c25af6590706a6d906e8f1648b663\">\n.flex_column.av-hh5al-28-4e8c25af6590706a6d906e8f1648b663{\nborder-radius:0px 0px 0px 0px;\npadding:0px 0px 0px 0px;\n}\n<\/style>\n<div  class='flex_column av-hh5al-28-4e8c25af6590706a6d906e8f1648b663 av_one_full  avia-builder-el-27  el_after_av_one_full  el_before_av_one_full  first flex_column_div av-zero-column-padding  column-top-margin'     ><section  class='av_textblock_section av-jkuul0eg-27-b259fa3ea1bb9f880d5ec2bf831b0bd9 '  ><div class='avia_textblock' ><p>Viele Kita-R\u00e4ume sind zu vollgestellt. Kinder brauchen viel freien Platz f\u00fcr Bewegung, auch drinnen. Stellen Sie sich den Raum leer vor. Fragen Sie sich: Welche Funktionsr\u00e4ume m\u00f6chte ich gestalten? \u00dcber das, was im Raum vorhanden ist, bekommt das Kind eine Idee, was es damit tun m\u00f6chte.<\/p>\n<h3><strong>7 Regeln f\u00fcr Funktionsbereiche in der Kita <\/strong><\/h3>\n<ol>\n<li>Die Funktionsr\u00e4ume und Lernwerkst\u00e4tten stehen den Kindern w\u00e4hrend der gesamten <strong>Freispielzeit<\/strong> zur Verf\u00fcgung. Diese wertvolle Bildungszeit sollte mindestens 2 Stunden am Tag betragen. Und sie darf von den Erziehern durch keinerlei Angebote unterbrochen sein.<\/li>\n<li>Kinder verschiedener Altersstufen stellen unterschiedliche Anforderungen an R\u00e4ume. Im Krippenraum sollte f\u00fcr die unter 3-J\u00e4hrigen der halbe Raum zum Laufen, Fahren, Klettern und f\u00fcr Bewegungsspiele zur Verf\u00fcgung stehen.<\/li>\n<li>Die Raumgestaltung soll allen Kindern die Erfahrung der Selbstwirksamkeit und Eigeninitiative erm\u00f6glichen \u2013 sie soll Freir\u00e4ume f\u00fcr Individualit\u00e4t, Vielfalt und Unterschiedlichkeit anbieten.<\/li>\n<li>Eine reduzierte Farbskala schafft eine ruhige Atmosph\u00e4re. Verzichten Sie m\u00f6glichst \u2013 au\u00dfer im Wickelraum oder Schlafbereich \u2013 auf Dekorationen, die von der Decke h\u00e4ngen, da sie zus\u00e4tzliche Reize ausl\u00f6sen und die Kinder in ihrer Konzentration st\u00f6ren k\u00f6nnten.<\/li>\n<li>Damit m\u00f6glichst viele Bildungsbereiche abgedeckt sind, stehen immer auch B\u00fccher und Tischspiele bereit. An den W\u00e4nden h\u00e4ngen Bilder, die zum Thema passen, in Wechselrahmen auf Augenh\u00f6he der Kinder. Die Gestaltung l\u00e4dt die Kinder zum Mitmachen und zu Gespr\u00e4chen ein.<\/li>\n<li>Ideale Raumteiler sind offene <strong>Regale<\/strong>, weil Kinder und Erzieher hindurchschauen k\u00f6nnen. Auch <strong>Podeste<\/strong> eignen sich sehr gut, um Bereiche abzugrenzen und separate Spielzonen zu schaffen. Ebenso wichtig wie Aktionsbereiche sind <strong>Entspannungsorte<\/strong>, wo die Kinder sich zur\u00fcckziehen und zur Ruhe kommen k\u00f6nnen.<\/li>\n<li>Die <strong>Materialkisten<\/strong> sind am besten durchsichtig und mit einem Foto versehen, das den Kindern zeigt, was in der Kiste ist. Auch Lernwerkst\u00e4tten lassen sich in Boxen aufbewahren und nach Wunsch hervorholen. Das spart Platz und sorgt f\u00fcr <strong>Abwechslung<\/strong>. So wird zum Beispiel der Funktionsraum \u00bbKonstruieren\u00ab mal zur Schiffswerft, mal zum Baub\u00fcro oder zur Autowerkstatt.<\/li>\n<\/ol>\n<\/div><\/section><\/div>\n\n<style type=\"text\/css\" data-created_by=\"avia_inline_auto\" id=\"style-css-av-jlnt0i5o-25-3c954d413c60871c64f792e1320a0ae2\">\n.flex_column.av-jlnt0i5o-25-3c954d413c60871c64f792e1320a0ae2{\nborder-radius:0px 0px 0px 0px;\npadding:10px 10px 10px 10px;\nbackground-color:#fee3e2;\n}\n<\/style>\n<div  class='flex_column av-jlnt0i5o-25-3c954d413c60871c64f792e1320a0ae2 av_one_full  avia-builder-el-29  el_after_av_one_full  el_before_av_one_full  first flex_column_div  column-top-margin'     ><style type=\"text\/css\" data-created_by=\"avia_inline_auto\" id=\"style-css-av-jkuvcso3-24-c6368f5263e91907888d63694bbbd966\">\n#top .av_textblock_section.av-jkuvcso3-24-c6368f5263e91907888d63694bbbd966 .avia_textblock{\nfont-size:22px;\n}\n<\/style>\n<section  class='av_textblock_section av-jkuvcso3-24-c6368f5263e91907888d63694bbbd966 '  ><div class='avia_textblock' ><p><strong>Wichtig:<\/strong> Die R\u00e4ume m\u00fcssen von den Erziehern jeden Morgen vorbereitet werden. Legen Sie Materialien ansprechend bereit, sodass die Kinder Lust bekommen, damit zu spielen. Erg\u00e4nzen Sie das Angebot durch weitere Materialien, die sich aus Ihren Beobachtungen am Vortag ergeben haben.<\/p>\n<\/div><\/section><\/div>\n\n<style type=\"text\/css\" data-created_by=\"avia_inline_auto\" id=\"style-css-av-hh5al-23-62ce8bd7479ac567703529b57db28a56\">\n.flex_column.av-hh5al-23-62ce8bd7479ac567703529b57db28a56{\nborder-radius:0px 0px 0px 0px;\npadding:0px 0px 0px 0px;\n}\n<\/style>\n<div  class='flex_column av-hh5al-23-62ce8bd7479ac567703529b57db28a56 av_one_full  avia-builder-el-31  el_after_av_one_full  el_before_av_one_full  first flex_column_div av-zero-column-padding  column-top-margin'     ><section  class='av_textblock_section av-jkuul0eg-22-a62e2b25ce9fc2dd7e8a706ab1f124bb '  ><div class='avia_textblock' ><h3>Ideen zur Gestaltung von Funktionsr\u00e4umen<\/h3>\n<p>Um die Gestaltungsm\u00f6glichkeiten von Funktionsr\u00e4umen zu demonstrieren, haben wir f\u00fcr Sie eine Ideensammlung zu 6 Bereichen zusammengestellt. Wechseln Sie die Materialien von Zeit zu Zeit aus. So erm\u00f6glichen Sie verschiedene Rollenspiele und Lernwerkst\u00e4tten.<\/p>\n<ol>\n<li><strong> Bauen &amp; Konstruieren <\/strong><\/li>\n<\/ol>\n<ul>\n<li>Baumaterial, Autos, Eisenbahn, Zubeh\u00f6r f\u00fcr <a href=\"https:\/\/www.backwinkel.de\/cat\/konstruktionsspiele\/\" target=\"_blank\" rel=\"noopener\">Konstruktionsspiele<\/a> aller Art, auch lustige kleine Lernroboter zum Entdecken der digitalen Welt und des <a href=\"https:\/\/www.backwinkel.de\/prod\/cubetto-mint-coding-roboter.html\" target=\"_blank\" rel=\"noopener\">ersten Programmierens<\/a><\/li>\n<li>Ausstattung f\u00fcr Rollenspiele, beispielsweise Architekturb\u00fcro, Baustoffhandel, Autowerkstatt: Hocker, Leiter, Flaschenzug, Zeichenbrett, Lineal, Zeichenpapier und Stifte, Ma\u00dfband, Zollstock, Waage, Ordner mit Bauzeichnungen, Taschenrechner<\/li>\n<li>Legespiele aller Art, B\u00fccher von Bauwerken, Geb\u00e4uden, Br\u00fccken, Schiffen, Flugzeugbau, Technik, Autobau, Raumfahrt<\/li>\n<li>Bilder in Wechselrahmen, beispielsweise von ber\u00fchmten Bauwerken wie Eiffelturm, Pyramiden, Kathedralen, Moscheen, Br\u00fccken, Schl\u00f6ssern, Burgen<\/li>\n<li>Lernwerkstatt, wechselnde Themen: Zahlen, Ma\u00dfe und Gewichte, Mengen, H\u00f6hen und Tiefen, Muster, Fl\u00e4chen und Strukturen, geometrische Figuren, Schwerkraft, Statik, Zeitmessung, Logik<\/li>\n<\/ul>\n<p>Passende Produkte f\u00fcr Ihren Funktionsraum <a href=\"https:\/\/www.backwinkel.de\/cat\/bausteine\/\" target=\"_blank\" rel=\"noopener\">Bauen &amp; Konstruieren<\/a> finden Sie auch bei uns im Onlineshop.<\/p>\n<ol start=\"2\">\n<li><strong> Rollenspielbereich <\/strong><\/li>\n<\/ol>\n<ul>\n<li>Puppen und Stofftiere, Zubeh\u00f6r aller Art<\/li>\n<li>Ausstattung f\u00fcr diverse Spiele, beispielsweise Familie, Post, Krankenhaus, Tierarzt, B\u00fcro, Kaufladen, Puppenk\u00fcche<\/li>\n<li>Sachen zum Verkleiden, beispielsweise f\u00fcr Ritter und Burgfr\u00e4ulein, Polizist, \u00c4rztin, Feuerwehrmann, Handwerker und andere<\/li>\n<li>Dinge, die zum Schreiben anregen: Schreibtisch, Computer, Schreibblock, Schilder zum Beschriften, Briefpapier, Briefumschl\u00e4ge<\/li>\n<li>B\u00fccher zu verschiedenen Themen wie etwa Tiere, Bauernhof, Kochen, N\u00e4hen, mein K\u00f6rper, jeweils thematisch passende Fotos und Bilder in Wechselrahmen<\/li>\n<li>Lernwerkstatt, wechselnde Themen: Erkennen und Benennen, Feinmotorik, Buchstaben, Lesen, Beziehungen, Gef\u00fchle, Gesundheit, Ern\u00e4hrung<\/li>\n<\/ul>\n<p>Entdecken Sie in unserem Onlineshop hilfreiche Produkte f\u00fcr Ihren Funktionsraum zu <a href=\"https:\/\/www.backwinkel.de\/cat\/kindergarten-rollenspiele\/\" target=\"_blank\" rel=\"noopener\">Rollenspielen<\/a>.<\/p>\n<ol start=\"3\">\n<li><strong> Basteln &amp; Werken <\/strong><\/li>\n<\/ol>\n<ul>\n<li>Farben und Zubeh\u00f6r f\u00fcr alle Maltechniken, Bastelmaterial aller Art, Scheren, Kleber, Locher, Messer, Tacker, farbiges Tonpapier, Schachteln und Kartons<\/li>\n<li>Ausstattung f\u00fcr den Handwerkerbereich: Werkbank mit Werkzeug, Porensteine und Holz zum Bearbeiten, Knetmasse, Korken, Wolle, Schw\u00e4mme und mehr<\/li>\n<li>B\u00fccher \u00fcber ber\u00fchmte K\u00fcnstler und Gem\u00e4lde, Skulpturen, Mal- und Falttechniken, Werk- und Bastelanleitungen, Kreativideen<\/li>\n<li>Bilder in Wechselrahmen mit Kunstdrucken, von gebauten Dingen, Fotos von Bastelarbeiten und Bauwerken der Kinder<\/li>\n<li>Lernwerkstatt, wechselnde Themen: Farben, Farbenkreis, visuelle Wahrnehmung, Materialeigenschaften, Kunsttechniken, Werkstoffe und ihre Verwendung<\/li>\n<\/ul>\n<p>F\u00fcr Ihren Funktionsraum <a href=\"https:\/\/www.backwinkel.de\/cat\/kunst-kreatives-kindergarten\/\" target=\"_blank\" rel=\"noopener\">Basteln &amp; Werken<\/a> finden Sie in unserem Onlineshop kreative Ideen.<\/p>\n<ol start=\"4\">\n<li><strong> Naturforscherraum <\/strong><\/li>\n<\/ol>\n<ul>\n<li>Lupen, Mikroskope, Pinzetten, Schalen, Siebe, Handschaufeln, Zubeh\u00f6r auch f\u00fcr drau\u00dfen<\/li>\n<li>Ausstattung f\u00fcr den Arbeitsplatz: Tisch mit Schreibblock, Zeichenpapier, Schreib- und Malstifte, Regal, leere Boxen und Schraubdeckelgl\u00e4ser zum Sammeln, Sortieren und Aufbewahren<\/li>\n<li>B\u00fccher \u00fcber B\u00e4ume, Blumen, Tiere im Wald, Wetterph\u00e4nomene, Land- und Forstwirtschaft, Fl\u00fcsse, Meere, Urwald, W\u00fcste, Dinosaurier, arch\u00e4ologische St\u00e4tten, Mikrokosmos, Weltall<\/li>\n<li>Bilder in Wechselrahmen wie etwa Detailaufnahmen von Pflanzen, Blatt aus einem Herbarium, Lieblingstiere, Schmetterlinge, Hei\u00dfluftballon, Tulpenfeld, Landschaft von oben<\/li>\n<li>Lernwerkstatt, wechselnde Themen: Jahreszeiten, unser Wetter, Pflanzenkunde, Lebensraum Teich, unser Wald, \u00d6kosysteme, Natur- und Umweltschutz<\/li>\n<\/ul>\n<p>In unserem Onlineshop finden Sie passende Produkte f\u00fcr Ihren <a href=\"https:\/\/www.backwinkel.de\/cat\/mensch-natur\/\" target=\"_blank\" rel=\"noopener\">Naturforscherraum<\/a>.<\/p>\n<ol start=\"5\">\n<li><strong> Musik &amp; Rhythmus <\/strong><\/li>\n<\/ol>\n<ul>\n<li>Musikinstrumente, beispielsweise verschiedene <a href=\"https:\/\/www.backwinkel.de\/cat\/orff-instrumente\/\" target=\"_blank\" rel=\"noopener\">Orff-Instrumente<\/a>, Klangbausteine, Schellen, Handtrommeln, Boomwhackers<sup>\u00ae<\/sup><\/li>\n<li>Musik-CDs, H\u00f6rspiel-CDs, Wiedergabeger\u00e4t mit sehr guter Klangqualit\u00e4t<\/li>\n<li>B\u00fccher \u00fcber Instrumente, Instrumentenbau, ber\u00fchmte Musiker, Bands, Musikstile<\/li>\n<li>Bilder in Wechselrahmen wie etwa Musiker, Musikinstrumente, Notenbl\u00e4tter, Orchester<\/li>\n<li>Lernwerkstatt, wechselnde Themen: T\u00f6ne und Kl\u00e4nge, Vibration, Akustik, Echo, auditive Wahrnehmung, Alltagsger\u00e4usche, eine Geschichte vertonen<\/li>\n<\/ul>\n<p>Trommelwirbel f\u00fcr die passenden Produkte, die Sie in unserem Onlineshop f\u00fcr Ihren Funktionsraum <a href=\"https:\/\/www.backwinkel.de\/cat\/kindergarten-musik\/\" target=\"_blank\" rel=\"noopener\">Musik &amp; Rhythmus<\/a> finden. Wie Sie z. B. Orff-Instrumente (nicht nur) zur musikalischen Fr\u00fcherziehung nutzen, lesen Sie unserem Blog-Beitrag \u00bb<a href=\"https:\/\/blog.backwinkel.de\/orff-instrumente\/\" target=\"_blank\" rel=\"noopener\">Wie klingt es, wenn der Nebel fl\u00fcstert?<\/a>\u00ab<\/p>\n<ol start=\"6\">\n<li><strong> Bewegungsraum <\/strong><\/li>\n<\/ol>\n<ul>\n<li>Ger\u00e4te zum Klettern, Balancieren, Werfen und Fangen, Springen, Hindurchkriechen, Wippen, Schaukeln, Fahren<\/li>\n<li>Ausstattung f\u00fcr Bewegungsspiele: B\u00e4lle aller Art, Springseile, Taue, Kegel, Reifen, Turnmatten<\/li>\n<li>Material zum Gestalten, wie etwa gro\u00dfe Kartons, Zelte, Wackelbretter, Decken, T\u00fccher und mehr<\/li>\n<li>B\u00fccher und Bilder in Wechselrahmen k\u00f6nnen zu Gespr\u00e4chen anregen, beispielsweise \u00fcber verschiede Sportarten, Fitness, Olympische Spiele<\/li>\n<li>Lernwerkstatt, wechselnde Themen: gelegentlicher Aufbau einer Bewegungslandschaft, wobei die Kinder bewusst bestimmte Kompetenzen trainieren, wie etwa Koordinationsf\u00e4higkeit, Gleichgewichtssinn, Ausdauer, Geschicklichkeit<\/li>\n<\/ul>\n<p>Produkte zum Ausstatten Ihres <a href=\"https:\/\/www.backwinkel.de\/cat\/bewegung-turnen\/\">Bewegungsraums<\/a> finden Sie in unserem Onlineshop.<\/p>\n<\/div><\/section><\/div>\n\n<style type=\"text\/css\" data-created_by=\"avia_inline_auto\" id=\"style-css-av-jlnt0i5o-21-67dd4e9f34fd2a02e1fb92c8050836bf\">\n.flex_column.av-jlnt0i5o-21-67dd4e9f34fd2a02e1fb92c8050836bf{\nborder-radius:0px 0px 0px 0px;\npadding:10px 10px 10px 10px;\nbackground-color:#e0f1b4;\n}\n<\/style>\n<div  class='flex_column av-jlnt0i5o-21-67dd4e9f34fd2a02e1fb92c8050836bf av_one_full  avia-builder-el-33  el_after_av_one_full  el_before_av_one_full  first flex_column_div  column-top-margin'     ><style type=\"text\/css\" data-created_by=\"avia_inline_auto\" id=\"style-css-av-jkuvcso3-20-2042bbbc25c0602e89d8fbe604128098\">\n#top .av_textblock_section.av-jkuvcso3-20-2042bbbc25c0602e89d8fbe604128098 .avia_textblock{\nfont-size:22px;\n}\n<\/style>\n<section  class='av_textblock_section av-jkuvcso3-20-2042bbbc25c0602e89d8fbe604128098 '  ><div class='avia_textblock' ><p><strong>Tipp:<\/strong> Nutzen Sie auch das <a href=\"https:\/\/www.backwinkel.de\/cat\/kindergarten-aussenbereich\/\" target=\"_blank\" rel=\"noopener\"><strong>Au\u00dfengel\u00e4nde<\/strong><\/a> als Funktionsraum. Der <strong>Kita-Garten<\/strong> bietet Kindern nicht nur viele Bewegungsm\u00f6glichkeiten, sondern auch gro\u00dfartige Gelegenheiten zum Forschen und Experimentieren. Als eigene Lernwerkstatt k\u00f6nnen die Kinder gemeinsam ein Beet anlegen, Gem\u00fcse anpflanzen, pflegen und ernten.<\/p>\n<\/div><\/section><\/div>\n\n<style type=\"text\/css\" data-created_by=\"avia_inline_auto\" id=\"style-css-av-hh5al-19-3cb6b0c6d774d51bf1eb7d23eb264b75\">\n.flex_column.av-hh5al-19-3cb6b0c6d774d51bf1eb7d23eb264b75{\nborder-radius:0px 0px 0px 0px;\npadding:0px 0px 0px 0px;\n}\n<\/style>\n<div  class='flex_column av-hh5al-19-3cb6b0c6d774d51bf1eb7d23eb264b75 av_one_full  avia-builder-el-35  el_after_av_one_full  el_before_av_one_full  first flex_column_div av-zero-column-padding  column-top-margin'     ><section  class='av_textblock_section av-jkuul0eg-18-2620a9644d1d68fa38617932e06aeb9f '  ><div class='avia_textblock' ><p>In gleicher Weise lassen sich <strong>weitere Funktionsr\u00e4ume<\/strong> im Kindergarten gestalten. Unsere Vorlage unterst\u00fctzt Ihre eigene Planung von Funktionsr\u00e4umen.<\/p>\n<p><a href=\"https:\/\/blog.backwinkel.de\/wp-content\/uploads\/2020\/05\/backwinkel-blog-funktionsraeume-im-kindergarten-ideensammlung.jpg\"><img decoding=\"async\" class=\"alignnone wp-image-4608\" src=\"https:\/\/blog.backwinkel.de\/wp-content\/uploads\/2020\/05\/backwinkel-blog-funktionsraeume-im-kindergarten-ideensammlung.jpg\" alt=\"\" width=\"364\" height=\"515\" \/><\/a><\/p>\n<div  class='avia-button-wrap av-4tu8ku-f0ec8f72b1e9360eae5dbcd65f07cf82-wrap avia-button-left  avia-builder-el-37  avia-builder-el-no-sibling '><a href='https:\/\/www.backwinkel.de\/downloads\/backwinkel-blog-funktionsraeume-im-kindergarten-ideensammlung.pdf'  class='avia-button av-4tu8ku-f0ec8f72b1e9360eae5dbcd65f07cf82 av-link-btn avia-icon_select-no avia-size-medium avia-position-left avia-color-theme-color'   aria-label=\"Ideensammlung \u2013 Download\"><span class='avia_iconbox_title' >Ideensammlung \u2013 Download<\/span><\/a><\/div>\n<\/div><\/section><\/div>\n\n<style type=\"text\/css\" data-created_by=\"avia_inline_auto\" id=\"style-css-av-hh5al-15-5ac0ee5e64589ee8b367389a183d6d22\">\n.flex_column.av-hh5al-15-5ac0ee5e64589ee8b367389a183d6d22{\nborder-radius:0px 0px 0px 0px;\npadding:0px 0px 0px 0px;\n}\n<\/style>\n<div  class='flex_column av-hh5al-15-5ac0ee5e64589ee8b367389a183d6d22 av_one_full  avia-builder-el-38  el_after_av_one_full  el_before_av_one_full  first flex_column_div av-zero-column-padding  column-top-margin'     ><section  class='av_textblock_section av-jkuul0eg-14-fc0fc99e48d8c5c782b0c333d9e1a3f2 '  ><div class='avia_textblock' >\n<style type=\"text\/css\" data-created_by=\"avia_inline_auto\" id=\"style-css-av-7c7r8-26-64cfd4c0cb18d9f918b1ff96c131679c\">\n#top .hr.hr-invisible.av-7c7r8-26-64cfd4c0cb18d9f918b1ff96c131679c{\nheight:20px;\n}\n<\/style>\n<div  class='hr av-7c7r8-26-64cfd4c0cb18d9f918b1ff96c131679c hr-invisible  avia-builder-el-40  avia-builder-el-no-sibling '><span class='hr-inner '><span class=\"hr-inner-style\"><\/span><\/span><\/div>\n<h2 id=\"3\" class=\"position\">Neue Chancen im Kompetenzteam<\/h2>\n<p>Funktionsr\u00e4ume erfordern <strong>genaue Absprachen im Team<\/strong>, denn die \u00d6ffnung ver\u00e4ndert das p\u00e4dagogische Arbeiten im Kita-Alltag. W\u00e4hrend eine p\u00e4dagogische Fachkraft bisher f\u00fcr alle Aktionen einer Gruppe zust\u00e4ndig war, arbeitet sie nun themenorientiert mit allen Kindern, und in enger Kooperation mit den Teamkollegen.<\/p>\n<p>In der Regel ist immer <strong>ein Erzieher f\u00fcr einen Funktionsbereich<\/strong> verantwortlich. Damit die Arbeit abwechslungsreich bleibt, kann gelegentlich getauscht werden. Aber keine Sorge, es wird Ihnen bestimmt nicht langweilig. Im Gegenteil, h\u00e4ufig bekommen Erzieher sogar selbst Lust, sich intensiver mit den spannenden Facetten eines Themas zu besch\u00e4ftigen.<\/p>\n<\/div><\/section><\/div>\n\n<style type=\"text\/css\" data-created_by=\"avia_inline_auto\" id=\"style-css-av-jlnt0i5o-17-5c28ca91302e6b63124a87e3b66b0f88\">\n.flex_column.av-jlnt0i5o-17-5c28ca91302e6b63124a87e3b66b0f88{\nborder-radius:0px 0px 0px 0px;\npadding:10px 10px 10px 10px;\nbackground-color:#e0f1b4;\n}\n<\/style>\n<div  class='flex_column av-jlnt0i5o-17-5c28ca91302e6b63124a87e3b66b0f88 av_one_full  avia-builder-el-41  el_after_av_one_full  el_before_av_one_full  first flex_column_div  column-top-margin'     ><style type=\"text\/css\" data-created_by=\"avia_inline_auto\" id=\"style-css-av-jkuvcso3-16-1a65b6c106adbf5e57d3e5ea87874266\">\n#top .av_textblock_section.av-jkuvcso3-16-1a65b6c106adbf5e57d3e5ea87874266 .avia_textblock{\nfont-size:22px;\n}\n<\/style>\n<section  class='av_textblock_section av-jkuvcso3-16-1a65b6c106adbf5e57d3e5ea87874266 '  ><div class='avia_textblock' ><p><strong>Tipp:<\/strong> Bereiten Sie die Funktionsr\u00e4ume jeden Tag sorgsam vor. Wenn die Kinder am Morgen sehen, dass Puppe und Teddy liebevoll zu Bett gebracht worden sind und dass ihr Werkmaterial von den Erziehern erg\u00e4nzt worden ist, erleben sie sich in ihrem Tun geachtet und wertgesch\u00e4tzt.<\/p>\n<\/div><\/section><\/div>\n\n<style type=\"text\/css\" data-created_by=\"avia_inline_auto\" id=\"style-css-av-hh5al-12-a1bf4bcd187f4a58d377294e15306b2a\">\n.flex_column.av-hh5al-12-a1bf4bcd187f4a58d377294e15306b2a{\nborder-radius:0px 0px 0px 0px;\npadding:0px 0px 0px 0px;\n}\n<\/style>\n<div  class='flex_column av-hh5al-12-a1bf4bcd187f4a58d377294e15306b2a av_one_full  avia-builder-el-43  el_after_av_one_full  el_before_av_one_full  first flex_column_div av-zero-column-padding  column-top-margin'     ><section  class='av_textblock_section av-jkuul0eg-11-3f4623d4da2234e6cf811681efaa426a '  ><div class='avia_textblock' ><p>Unseren Teamplaner k\u00f6nnen Sie auch f\u00fcr einen Info-Aushang im Eingangsbereich nutzen.<\/p>\n<p><a href=\"https:\/\/blog.backwinkel.de\/wp-content\/uploads\/2020\/05\/backwinkel-blog-funktionsraeume-im-kindergarten-teamplaner.jpg\"><img decoding=\"async\" class=\"alignnone wp-image-4623\" src=\"https:\/\/blog.backwinkel.de\/wp-content\/uploads\/2020\/05\/backwinkel-blog-funktionsraeume-im-kindergarten-teamplaner.jpg\" alt=\"\" width=\"364\" height=\"515\" \/><\/a><\/p>\n<div  class='avia-button-wrap av-4tu8ku-13-9d29e101b14944168af0c1645e404aca-wrap avia-button-left  avia-builder-el-45  avia-builder-el-no-sibling '><a href='https:\/\/www.backwinkel.de\/downloads\/backwinkel-blog-funktionsraeume-im-kindergarten-teamplaner.pdf'  class='avia-button av-4tu8ku-13-9d29e101b14944168af0c1645e404aca av-link-btn avia-icon_select-no avia-size-medium avia-position-left avia-color-theme-color'   aria-label=\"Teamplaner \u2013 Download\"><span class='avia_iconbox_title' >Teamplaner \u2013 Download<\/span><\/a><\/div>\n<\/div><\/section><\/div>\n\n<style type=\"text\/css\" data-created_by=\"avia_inline_auto\" id=\"style-css-av-2v5uhn-020e4117f71e46fc62c685221cd472f4\">\n.flex_column.av-2v5uhn-020e4117f71e46fc62c685221cd472f4{\nborder-radius:0px 0px 0px 0px;\npadding:0px 0px 0px 0px;\n}\n<\/style>\n<div  class='flex_column av-2v5uhn-020e4117f71e46fc62c685221cd472f4 av_one_full  avia-builder-el-46  el_after_av_one_full  el_before_av_one_fourth  first flex_column_div av-zero-column-padding  column-top-margin'     ><section  class='av_textblock_section av-jxcz48fa-e7ea4121fd10eaf4138072747e05618a '  ><div class='avia_textblock' >\n<style type=\"text\/css\" data-created_by=\"avia_inline_auto\" id=\"style-css-av-7c7r8-10-afc5bb837a887c59d7da48cd514444a1\">\n#top .hr.hr-invisible.av-7c7r8-10-afc5bb837a887c59d7da48cd514444a1{\nheight:20px;\n}\n<\/style>\n<div  class='hr av-7c7r8-10-afc5bb837a887c59d7da48cd514444a1 hr-invisible  avia-builder-el-48  avia-builder-el-no-sibling '><span class='hr-inner '><span class=\"hr-inner-style\"><\/span><\/span><\/div>\n<h2>Empfehlungen:<\/h2>\n<\/div><\/section><\/div>\n\n<style type=\"text\/css\" data-created_by=\"avia_inline_auto\" id=\"style-css-av-1u8i1w-260776e2dfc7f8b0b1953d397f0ab037\">\n.flex_column.av-1u8i1w-260776e2dfc7f8b0b1953d397f0ab037{\nborder-radius:0px 0px 0px 0px;\npadding:0px 0px 0px 0px;\n}\n<\/style>\n<div  class='flex_column av-1u8i1w-260776e2dfc7f8b0b1953d397f0ab037 av_one_fourth  avia-builder-el-49  el_after_av_one_full  el_before_av_one_fourth  first flex_column_div av-zero-column-padding  column-top-margin'     ><style type=\"text\/css\" data-created_by=\"avia_inline_auto\" id=\"style-css-av-jkuua5r2-36-b3ac14003bae888d9182471a951e8814\">\n#top .av_textblock_section.av-jkuua5r2-36-b3ac14003bae888d9182471a951e8814 .avia_textblock{\nfont-size:14px;\n}\n<\/style>\n<section  class='av_textblock_section av-jkuua5r2-36-b3ac14003bae888d9182471a951e8814 '  ><div class='avia_textblock' ><p><strong>Top-Kategorien:<\/strong><br \/>\n<strong><a href=\"https:\/\/www.backwinkel.de\/cat\/kindergartenmoebel\/\" target=\"_blank\" rel=\"noopener\">M\u00f6bel (Kindergarten)<\/a><\/strong><br \/>\n<strong><a href=\"https:\/\/www.backwinkel.de\/cat\/kindergarten-garderoben\/\" target=\"_blank\" rel=\"noopener\">Garderobe (Kindergarten)<\/a><\/strong><br \/>\n<strong><a href=\"https:\/\/www.backwinkel.de\/cat\/kindergarten-tische-und-stuehle\/\" target=\"_blank\" rel=\"noopener\">Tische &amp; St\u00fchle (Kindergarten)<\/a><\/strong><\/p>\n<\/div><\/section><\/div>\n\n<style type=\"text\/css\" data-created_by=\"avia_inline_auto\" id=\"style-css-av-1u8i1w-8-dee5d6429c1eb5debee392a04e004f7d\">\n.flex_column.av-1u8i1w-8-dee5d6429c1eb5debee392a04e004f7d{\nborder-radius:0px 0px 0px 0px;\npadding:0px 0px 0px 0px;\n}\n<\/style>\n<div  class='flex_column av-1u8i1w-8-dee5d6429c1eb5debee392a04e004f7d av_one_fourth  avia-builder-el-51  el_after_av_one_fourth  el_before_av_one_fourth  flex_column_div av-zero-column-padding  column-top-margin'     ><style type=\"text\/css\" data-created_by=\"avia_inline_auto\" id=\"style-css-av-jkuua5r2-7-b8a61a72f13d8ddc542d4e285dbaa26d\">\n#top .av_textblock_section.av-jkuua5r2-7-b8a61a72f13d8ddc542d4e285dbaa26d .avia_textblock{\nfont-size:14px;\n}\n<\/style>\n<section  class='av_textblock_section av-jkuua5r2-7-b8a61a72f13d8ddc542d4e285dbaa26d '  ><div class='avia_textblock' ><p><strong>Besonders beliebt:<\/strong><br \/>\n<strong><a href=\"https:\/\/www.backwinkel.de\/cat\/kindergarten-teppich\/\" target=\"_blank\" rel=\"noopener\">Teppich (Kindergarten)<\/a><\/strong><br \/>\n<strong><a href=\"https:\/\/www.backwinkel.de\/cat\/sitzkissen\/\" target=\"_blank\" rel=\"noopener\">Sitzkissen (Kindergarten)<\/a><\/strong><br \/>\n<strong><a href=\"https:\/\/www.backwinkel.de\/cat\/kindergarten-betten-und-liegen\/\" target=\"_blank\" rel=\"noopener\">Betten (Kindergarten)<\/a><\/strong><\/p>\n<\/div><\/section><\/div>\n\n<style type=\"text\/css\" data-created_by=\"avia_inline_auto\" id=\"style-css-av-1u8i1w-6-76910126e01ff4c9359d3b0b5d6c6afc\">\n.flex_column.av-1u8i1w-6-76910126e01ff4c9359d3b0b5d6c6afc{\nborder-radius:0px 0px 0px 0px;\npadding:0px 0px 0px 0px;\n}\n<\/style>\n<div  class='flex_column av-1u8i1w-6-76910126e01ff4c9359d3b0b5d6c6afc av_one_fourth  avia-builder-el-53  el_after_av_one_fourth  el_before_av_one_fourth  flex_column_div av-zero-column-padding  column-top-margin'     ><style type=\"text\/css\" data-created_by=\"avia_inline_auto\" id=\"style-css-av-jkuua5r2-5-05ee302c7fb8063debd8637934e6d34f\">\n#top .av_textblock_section.av-jkuua5r2-5-05ee302c7fb8063debd8637934e6d34f .avia_textblock{\nfont-size:14px;\n}\n<\/style>\n<section  class='av_textblock_section av-jkuua5r2-5-05ee302c7fb8063debd8637934e6d34f '  ><div class='avia_textblock' ><p><strong>H\u00e4ufig nachgefragt:<\/strong><br \/>\n<strong><a href=\"https:\/\/www.backwinkel.de\/cat\/kamishibai-bildkarten-geschichten\/\" target=\"_blank\" rel=\"noopener\">Kamishibai-Bildkarten<\/a><\/strong><br \/>\n<strong><a href=\"https:\/\/www.backwinkel.de\/cat\/erzieherstuehle\/\" target=\"_blank\" rel=\"noopener\">Erzieherstuhl<\/a><\/strong><br \/>\n<strong><a href=\"https:\/\/www.backwinkel.de\/cat\/krippenwagen\/\" target=\"_blank\" rel=\"noopener\">Krippenwagen<\/a><\/strong><\/p>\n<\/div><\/section><\/div>\n\n<style type=\"text\/css\" data-created_by=\"avia_inline_auto\" id=\"style-css-av-1u8i1w-4-802f7b62e1741bce779d1f654d678c5d\">\n.flex_column.av-1u8i1w-4-802f7b62e1741bce779d1f654d678c5d{\nborder-radius:0px 0px 0px 0px;\npadding:0px 0px 0px 0px;\n}\n<\/style>\n<div  class='flex_column av-1u8i1w-4-802f7b62e1741bce779d1f654d678c5d av_one_fourth  avia-builder-el-55  el_after_av_one_fourth  el_before_av_hr  flex_column_div av-zero-column-padding  column-top-margin'     ><\/div>\n\n<style type=\"text\/css\" data-created_by=\"avia_inline_auto\" id=\"style-css-av-jkuvdh82-e046385b234beb5bafd3aef55f34bef8\">\n#top .hr.av-jkuvdh82-e046385b234beb5bafd3aef55f34bef8{\nmargin-top:10px;\nmargin-bottom:10px;\n}\n.hr.av-jkuvdh82-e046385b234beb5bafd3aef55f34bef8 .hr-inner{\nwidth:500;\n}\n<\/style>\n<div  class='hr av-jkuvdh82-e046385b234beb5bafd3aef55f34bef8 hr-custom  avia-builder-el-56  el_after_av_one_fourth  el_before_av_one_full  hr-left hr-icon-no'><span class='hr-inner inner-border-av-border-none'><span class=\"hr-inner-style\"><\/span><\/span><\/div>\n\n<style type=\"text\/css\" data-created_by=\"avia_inline_auto\" id=\"style-css-av-jley1l06-be8863a15e87d33f314fbd4b76b14014\">\n.flex_column.av-jley1l06-be8863a15e87d33f314fbd4b76b14014{\nborder-radius:0px 0px 0px 0px;\npadding:10px 10px 10px 10px;\nbackground-color:#f2f2f2;\n}\n<\/style>\n<div  class='flex_column av-jley1l06-be8863a15e87d33f314fbd4b76b14014 av_one_full  avia-builder-el-57  el_after_av_hr  el_before_av_one_full  first flex_column_div  '     ><section  class='av_textblock_section av-jkuvcso3-9-d3d02acd9bac4b69415ad380b53611dd '  ><div class='avia_textblock' ><p class=\"fussnoten-quellen\"><strong>Zum Weiterlesen: <\/strong><\/p>\n<p class=\"fussnoten-quellen\">Heike Baum: Gestaltungsm\u00f6glichkeiten von Funktionsr\u00e4umen. In: Das Kita-Handbuch, 2011.<br \/>\n<a href=\"https:\/\/www.kindergartenpaedagogik.de\/fachartikel\/raumgestaltung\/innenraeume\/gestaltungsmoeglichkeiten-von-funktionsraeumen\/\">https:\/\/www.kindergartenpaedagogik.de\/fachartikel\/raumgestaltung\/innenraeume\/gestaltungsmoeglichkeiten-von-funktionsraeumen\/<\/a><\/p>\n<p class=\"fussnoten-quellen\">Margit Franz (Hrsg.): Das Offene Konzept in der Kita. Stuttgart: Klett Kita 2020.<\/p>\n<p class=\"fussnoten-quellen\">Christa Manske: Der Weg in die offene Kita-Arbeit. Kempen: BVK 2019.<\/p>\n<p class=\"fussnoten-quellen\">Christel van Dieken: Lernwerkst\u00e4tten und Forscherr\u00e4ume in Kita und Kindergarten. Freiburg (Herder) 2004.<\/p>\n<\/div><\/section><\/div>\n\n<style type=\"text\/css\" data-created_by=\"avia_inline_auto\" id=\"style-css-av-jley1l06-2-1565a2ba743110840f2f3eddaf66fce3\">\n.flex_column.av-jley1l06-2-1565a2ba743110840f2f3eddaf66fce3{\nborder-radius:0px 0px 0px 0px;\npadding:10px 10px 10px 10px;\n}\n<\/style>\n<div  class='flex_column av-jley1l06-2-1565a2ba743110840f2f3eddaf66fce3 av_one_full  avia-builder-el-59  el_after_av_one_full  el_before_av_one_full  first flex_column_div  column-top-margin'     ><section  class='av_textblock_section av-jkuvcso3-1-8a67f79dcac40a499966aa8fda65a5ac '  ><div class='avia_textblock' ><p class=\"copyright\"><strong>\u00a9 Copyright \u2013 Urheberrechtshinweis<\/strong><br \/>\nAlle Inhalte auf www.backwinkel.de sowie www.backwinkel.de\/blog, insbesondere Texte, Fotografien und Grafiken, sind urheberrechtlich gesch\u00fctzt.<br \/>\nDas Urheberrecht liegt, soweit nicht ausdr\u00fccklich anders gekennzeichnet, bei der BACKWINKEL GmbH. Bitte fragen Sie uns, falls Sie die Inhalte dieses Internetangebotes verwenden m\u00f6chten.<br \/>\nWer gegen das Urheberrecht verst\u00f6\u00dft (z. B. Bilder oder Texte unerlaubt kopiert), macht sich gem. \u00a7\u00a7 106 ff UrhG strafbar, wird zudem kostenpflichtig abgemahnt und muss Schadensersatz leisten (\u00a7 97 UrhG).<\/p>\n<\/div><\/section><\/div>\n\n<style type=\"text\/css\" data-created_by=\"avia_inline_auto\" id=\"style-css-av-1p82t-b0e9719fe6c67aa5c6d1abf813961e55\">\n.flex_column.av-1p82t-b0e9719fe6c67aa5c6d1abf813961e55{\nborder-radius:0px 0px 0px 0px;\npadding:0px 0px 0px 0px;\n}\n<\/style>\n<div  class='flex_column av-1p82t-b0e9719fe6c67aa5c6d1abf813961e55 av_one_full  avia-builder-el-61  el_after_av_one_full  avia-builder-el-last  first flex_column_div av-zero-column-padding  column-top-margin'     ><p><section  class='av_textblock_section av-jlp4hxqo-91baaad30cd61f89630d15f8561d1750 '  ><div class='avia_textblock' ><div class=\"shariff shariff-align-left shariff-widget-align-left\"><ul class=\"shariff-buttons theme-color orientation-horizontal buttonsize-medium\"><li class=\"shariff-button whatsapp shariff-nocustomcolor\" style=\"background-color:#5cbe4a\"><a href=\"https:\/\/api.whatsapp.com\/send?text=https%3A%2F%2Fwww.backwinkel.de%2Fblog%2Ffunktionsraeume-gestalten%2F%20Funktionsr%C3%A4ume%20gestalten%3A\" title=\"Bei Whatsapp teilen\" aria-label=\"Bei Whatsapp teilen\" role=\"button\" rel=\"noopener nofollow\" class=\"shariff-link\" style=\"; background-color:#34af23; color:#fff\" target=\"_blank\"><span class=\"shariff-icon\" style=\"\"><svg width=\"32px\" height=\"20px\" xmlns=\"http:\/\/www.w3.org\/2000\/svg\" viewBox=\"0 0 32 32\"><path fill=\"#34af23\" d=\"M17.6 17.4q0.2 0 1.7 0.8t1.6 0.9q0 0.1 0 0.3 0 0.6-0.3 1.4-0.3 0.7-1.3 1.2t-1.8 0.5q-1 0-3.4-1.1-1.7-0.8-3-2.1t-2.6-3.3q-1.3-1.9-1.3-3.5v-0.1q0.1-1.6 1.3-2.8 0.4-0.4 0.9-0.4 0.1 0 0.3 0t0.3 0q0.3 0 0.5 0.1t0.3 0.5q0.1 0.4 0.6 1.6t0.4 1.3q0 0.4-0.6 1t-0.6 0.8q0 0.1 0.1 0.3 0.6 1.3 1.8 2.4 1 0.9 2.7 1.8 0.2 0.1 0.4 0.1 0.3 0 1-0.9t0.9-0.9zM14 26.9q2.3 0 4.3-0.9t3.6-2.4 2.4-3.6 0.9-4.3-0.9-4.3-2.4-3.6-3.6-2.4-4.3-0.9-4.3 0.9-3.6 2.4-2.4 3.6-0.9 4.3q0 3.6 2.1 6.6l-1.4 4.2 4.3-1.4q2.8 1.9 6.2 1.9zM14 2.2q2.7 0 5.2 1.1t4.3 2.9 2.9 4.3 1.1 5.2-1.1 5.2-2.9 4.3-4.3 2.9-5.2 1.1q-3.5 0-6.5-1.7l-7.4 2.4 2.4-7.2q-1.9-3.2-1.9-6.9 0-2.7 1.1-5.2t2.9-4.3 4.3-2.9 5.2-1.1z\"\/><\/svg><\/span><span class=\"shariff-text\">teilen<\/span>&nbsp;<\/a><\/li><li class=\"shariff-button facebook shariff-nocustomcolor\" style=\"background-color:#4273c8\"><a href=\"https:\/\/www.facebook.com\/sharer\/sharer.php?u=https%3A%2F%2Fwww.backwinkel.de%2Fblog%2Ffunktionsraeume-gestalten%2F\" title=\"Bei Facebook teilen\" aria-label=\"Bei Facebook teilen\" role=\"button\" rel=\"nofollow\" class=\"shariff-link\" style=\"; background-color:#3b5998; color:#fff\" target=\"_blank\"><span class=\"shariff-icon\" style=\"\"><svg width=\"32px\" height=\"20px\" xmlns=\"http:\/\/www.w3.org\/2000\/svg\" viewBox=\"0 0 18 32\"><path fill=\"#3b5998\" d=\"M17.1 0.2v4.7h-2.8q-1.5 0-2.1 0.6t-0.5 1.9v3.4h5.2l-0.7 5.3h-4.5v13.6h-5.5v-13.6h-4.5v-5.3h4.5v-3.9q0-3.3 1.9-5.2t5-1.8q2.6 0 4.1 0.2z\"\/><\/svg><\/span><span class=\"shariff-text\">teilen<\/span>&nbsp;<\/a><\/li><li class=\"shariff-button twitter shariff-nocustomcolor\" style=\"background-color:#595959\"><a href=\"https:\/\/twitter.com\/share?url=https%3A%2F%2Fwww.backwinkel.de%2Fblog%2Ffunktionsraeume-gestalten%2F&text=Funktionsr%C3%A4ume%20gestalten%3A\" title=\"Bei X teilen\" aria-label=\"Bei X teilen\" role=\"button\" rel=\"noopener nofollow\" class=\"shariff-link\" style=\"; background-color:#000; color:#fff\" target=\"_blank\"><span class=\"shariff-icon\" style=\"\"><svg width=\"32px\" height=\"20px\" xmlns=\"http:\/\/www.w3.org\/2000\/svg\" viewBox=\"0 0 24 24\"><path fill=\"#000\" d=\"M14.258 10.152L23.176 0h-2.113l-7.747 8.813L7.133 0H0l9.352 13.328L0 23.973h2.113l8.176-9.309 6.531 9.309h7.133zm-2.895 3.293l-.949-1.328L2.875 1.56h3.246l6.086 8.523.945 1.328 7.91 11.078h-3.246zm0 0\"\/><\/svg><\/span><span class=\"shariff-text\">teilen<\/span>&nbsp;<\/a><\/li><li class=\"shariff-button pinterest shariff-nocustomcolor\" style=\"background-color:#e70f18\"><a href=\"https:\/\/www.pinterest.com\/pin\/create\/link\/?url=https%3A%2F%2Fwww.backwinkel.de%2Fblog%2Ffunktionsraeume-gestalten%2F&media=https%3A%2F%2Fwww.backwinkel.de%2Fblog%2Fwp-content%2Fuploads%2F2020%2F05%2Fbackwinkel-blog-funktionsraeume-gestalten.jpg&description=Funktionsr%C3%A4ume%20gestalten%3A\" title=\"Bei Pinterest pinnen\" aria-label=\"Bei Pinterest pinnen\" role=\"button\" rel=\"noopener nofollow\" class=\"shariff-link\" style=\"; background-color:#cb2027; color:#fff\" target=\"_blank\"><span class=\"shariff-icon\" style=\"\"><svg width=\"32px\" height=\"20px\" xmlns=\"http:\/\/www.w3.org\/2000\/svg\" viewBox=\"0 0 27 32\"><path fill=\"#cb2027\" d=\"M27.4 16q0 3.7-1.8 6.9t-5 5-6.9 1.9q-2 0-3.9-0.6 1.1-1.7 1.4-2.9 0.2-0.6 1-3.8 0.4 0.7 1.3 1.2t2 0.5q2.1 0 3.8-1.2t2.7-3.4 0.9-4.8q0-2-1.1-3.8t-3.1-2.9-4.5-1.2q-1.9 0-3.5 0.5t-2.8 1.4-2 2-1.2 2.3-0.4 2.4q0 1.9 0.7 3.3t2.1 2q0.5 0.2 0.7-0.4 0-0.1 0.1-0.5t0.2-0.5q0.1-0.4-0.2-0.8-0.9-1.1-0.9-2.7 0-2.7 1.9-4.6t4.9-2q2.7 0 4.2 1.5t1.5 3.8q0 3-1.2 5.2t-3.1 2.1q-1.1 0-1.7-0.8t-0.4-1.9q0.1-0.6 0.5-1.7t0.5-1.8 0.2-1.4q0-0.9-0.5-1.5t-1.4-0.6q-1.1 0-1.9 1t-0.8 2.6q0 1.3 0.4 2.2l-1.8 7.5q-0.3 1.2-0.2 3.2-3.7-1.6-6-5t-2.3-7.6q0-3.7 1.9-6.9t5-5 6.9-1.9 6.9 1.9 5 5 1.8 6.9z\"\/><\/svg><\/span><span class=\"shariff-text\">merken<\/span>&nbsp;<\/a><\/li><li class=\"shariff-button mailto shariff-nocustomcolor\" style=\"background-color:#a8a8a8\"><a href=\"mailto:?body=https%3A%2F%2Fwww.backwinkel.de%2Fblog%2Ffunktionsraeume-gestalten%2F&subject=Funktionsr%C3%A4ume%20gestalten%3A\" title=\"Per E-Mail versenden\" aria-label=\"Per E-Mail versenden\" role=\"button\" rel=\"noopener nofollow\" class=\"shariff-link\" style=\"; background-color:#999; color:#fff\"><span class=\"shariff-icon\" style=\"\"><svg width=\"32px\" height=\"20px\" xmlns=\"http:\/\/www.w3.org\/2000\/svg\" viewBox=\"0 0 32 32\"><path fill=\"#999\" d=\"M32 12.7v14.2q0 1.2-0.8 2t-2 0.9h-26.3q-1.2 0-2-0.9t-0.8-2v-14.2q0.8 0.9 1.8 1.6 6.5 4.4 8.9 6.1 1 0.8 1.6 1.2t1.7 0.9 2 0.4h0.1q0.9 0 2-0.4t1.7-0.9 1.6-1.2q3-2.2 8.9-6.1 1-0.7 1.8-1.6zM32 7.4q0 1.4-0.9 2.7t-2.2 2.2q-6.7 4.7-8.4 5.8-0.2 0.1-0.7 0.5t-1 0.7-0.9 0.6-1.1 0.5-0.9 0.2h-0.1q-0.4 0-0.9-0.2t-1.1-0.5-0.9-0.6-1-0.7-0.7-0.5q-1.6-1.1-4.7-3.2t-3.6-2.6q-1.1-0.7-2.1-2t-1-2.5q0-1.4 0.7-2.3t2.1-0.9h26.3q1.2 0 2 0.8t0.9 2z\"\/><\/svg><\/span><span class=\"shariff-text\">E-Mail<\/span>&nbsp;<\/a><\/li><\/ul><\/div>\n<\/div><\/section><br \/>\n<div  class='tabcontainer av-jlq8shhr-b676e11701d9718d755b04dc68ac4c10 top_tab  avia-builder-el-63  el_after_av_textblock  el_before_av_hr '>\n<section class='av_tab_section av_tab_section av-4w8jsn-17d4c89754803ac141d68451b8b1d1a6' ><div id='tab-id-1-tab' class='tab active_tab' role='tab' aria-selected=\"true\" tabindex=\"0\" data-fake-id='#tab-id-1' aria-controls='tab-id-1-content' >Das BACKWINKEL-Blog-Team:<\/div><div id='tab-id-1-content' class='tab_content active_tab_content' role='tabpanel' aria-labelledby='tab-id-1-tab' aria-hidden=\"false\"><div class='tab_inner_content invers-color' ><p><img decoding=\"async\" class=\"wp-image-1768 alignleft\" title=\"BACKWINKEL-Blog \u2013 Das Team\" src=\"https:\/\/blog.backwinkel.de\/wp-content\/uploads\/2018\/10\/backwinkel-blog-autorenbox-intern_preview-300x198.jpg\" alt=\"\" width=\"300\" height=\"198\" \/>Gibts auch ein Gesicht hinter dem BACKWINKEL-Blog? Ja. Vier ?. Drei davon sogar mit Foto.<\/p>\n<p><span style=\"font-style: inherit !important; font-weight: inherit !important;\">Wir \u2013 Lukas, Tatjana, Stefan und Christine \u2013 bespielen unseren Blog unter dem Motto LACHEN LESEN LERNEN. <\/span><\/p>\n<p><span style=\"font-style: inherit !important; font-weight: inherit !important;\">Lukas kennt sich online so gut aus wie in seiner Westentasche und findet immer spannende Themen, w\u00e4hrend Stefan unseren Beitr\u00e4gen den passenden gestalterischen Rahmen gibt und Tatjana mit dem gr\u00fcnen Korrekturstift alles pr\u00fcfend be\u00e4ugt, was unsere Autorin Christine (und gern auch Gastautoren) f\u00fcr den BACKWINKEL-Blog nach ordentlicher Recherche schreibt.<\/span><\/p>\n<p>Gemeinsam suchen wir st\u00e4ndig nach neuen, aufregenden Themen rund um das Thema Bildung im Kiga, der Schule und zu Hause. Und weil Sie da an der Quelle sitzen, freuen wir uns auf Ihre konstruktiven R\u00fcckmeldungen und Anregungen an <a href=\"mailto:blog@backwinkel.de\">blog@backwinkel.de<\/a><\/p>\n<p>Viel Spa\u00df beim LACHEN LESEN LERNEN!<\/p>\n<\/div><\/div><\/section>\n<\/div><br \/>\n\n<style type=\"text\/css\" data-created_by=\"avia_inline_auto\" id=\"style-css-av-jkuvdh82-3-182e4aaa6f8bea430a3d826a5baa79d9\">\n#top .hr.av-jkuvdh82-3-182e4aaa6f8bea430a3d826a5baa79d9{\nmargin-top:10px;\nmargin-bottom:10px;\n}\n.hr.av-jkuvdh82-3-182e4aaa6f8bea430a3d826a5baa79d9 .hr-inner{\nwidth:500;\n}\n<\/style>\n<div  class='hr av-jkuvdh82-3-182e4aaa6f8bea430a3d826a5baa79d9 hr-custom  avia-builder-el-64  el_after_av_tab_container  el_before_av_heading  hr-left hr-icon-no'><span class='hr-inner inner-border-av-border-thin'><span class=\"hr-inner-style\"><\/span><\/span><\/div><br \/>\n\n<style type=\"text\/css\" data-created_by=\"avia_inline_auto\" id=\"style-css-av-2kvx4l-26cf26738d77db581bfabf51b88b95c5\">\n#top .av-special-heading.av-2kvx4l-26cf26738d77db581bfabf51b88b95c5{\npadding-bottom:10px;\n}\nbody .av-special-heading.av-2kvx4l-26cf26738d77db581bfabf51b88b95c5 .av-special-heading-tag .heading-char{\nfont-size:25px;\n}\n.av-special-heading.av-2kvx4l-26cf26738d77db581bfabf51b88b95c5 .av-subheading{\nfont-size:15px;\n}\n<\/style>\n<div  class='av-special-heading av-2kvx4l-26cf26738d77db581bfabf51b88b95c5 av-special-heading-h3 blockquote modern-quote  avia-builder-el-65  el_after_av_hr  el_before_av_blog '><h3 class='av-special-heading-tag '  >PASSENDE BEITR\u00c4GE<\/h3><div class=\"special-heading-border\"><div class=\"special-heading-inner-border\"><\/div><\/div><\/div><br \/>\n<div  data-slideshow-options=\"{&quot;animation&quot;:&quot;fade&quot;,&quot;autoplay&quot;:false,&quot;loop_autoplay&quot;:&quot;once&quot;,&quot;interval&quot;:5,&quot;loop_manual&quot;:&quot;manual-endless&quot;,&quot;autoplay_stopper&quot;:false,&quot;noNavigation&quot;:false,&quot;show_slide_delay&quot;:90}\" class='avia-content-slider avia-content-grid-active avia-content-slider1 avia-content-slider-odd  avia-builder-el-66  el_after_av_heading  avia-builder-el-last  av-slideshow-ui av-control-default   av-no-slider-navigation av-slideshow-manual av-loop-once av-loop-manual-endless ' ><div class=\"avia-content-slider-inner\"><div class=\"slide-entry-wrap\"><article class='slide-entry flex_column  post-entry post-entry-18633 slide-entry-overview slide-loop-1 slide-parity-odd  av_one_third first real-thumbnail posttype-post post-format-standard' ><a href='https:\/\/www.backwinkel.de\/blog\/plastik-recyceln\/' data-rel='slide-1' class='slide-image' title='Plastik recyceln'><img decoding=\"async\" fetchpriority=\"high\" width=\"1200\" height=\"628\" src=\"https:\/\/www.backwinkel.de\/blog\/wp-content\/uploads\/2026\/04\/04_Kiga_Plastik_nachhaltig_nutzen.jpg\" class=\"wp-image-18713 avia-img-lazy-loading-not-18713 attachment-no scaling size-no scaling wp-post-image\" alt=\"\" \/><\/a><div class=\"slide-content\"><header class=\"entry-content-header\" aria-label=\"Slide: Plastik recyceln\"><h3 class='slide-entry-title entry-title ' ><a href='https:\/\/www.backwinkel.de\/blog\/plastik-recyceln\/' title='Plastik recyceln'>Plastik recyceln<\/a><\/h3><span class=\"blog-categories minor-meta\"><a href=\"https:\/\/www.backwinkel.de\/blog\/category\/kindergarten-kita\/\" rel=\"tag\">Kindergarten<\/a> <\/span><span class=\"av-vertical-delimiter\"><\/span><\/header><div class='slide-entry-excerpt entry-content' >Biokunststoff f\u00fcr St\u00fchle, Materialboxen, Spielzeug und Rucks\u00e4cke<\/div><\/div><footer class=\"entry-footer\"><div class=\"slide-meta\"><time class='slide-meta-time updated' >14. April 2026<\/time><\/div><\/footer><\/article><article class='slide-entry flex_column  post-entry post-entry-18716 slide-entry-overview slide-loop-2 slide-parity-even  av_one_third  real-thumbnail posttype-post post-format-standard' ><a href='https:\/\/www.backwinkel.de\/blog\/rechnen-im-anfangsunterricht\/' data-rel='slide-1' class='slide-image' title='Rechnen im Anfangsunterricht'><img decoding=\"async\" fetchpriority=\"high\" width=\"1200\" height=\"628\" src=\"https:\/\/www.backwinkel.de\/blog\/wp-content\/uploads\/2026\/04\/04_Schule_Rechnen_anfangsunterricht.jpg\" class=\"wp-image-18748 avia-img-lazy-loading-not-18748 attachment-no scaling size-no scaling wp-post-image\" alt=\"\" \/><\/a><div class=\"slide-content\"><header class=\"entry-content-header\" aria-label=\"Slide: Rechnen im Anfangsunterricht\"><h3 class='slide-entry-title entry-title ' ><a href='https:\/\/www.backwinkel.de\/blog\/rechnen-im-anfangsunterricht\/' title='Rechnen im Anfangsunterricht'>Rechnen im Anfangsunterricht<\/a><\/h3><span class=\"blog-categories minor-meta\"><a href=\"https:\/\/www.backwinkel.de\/blog\/category\/schule-grundschule\/\" rel=\"tag\">Schule<\/a> <\/span><span class=\"av-vertical-delimiter\"><\/span><\/header><div class='slide-entry-excerpt entry-content' >Das Klassenzimmer als Lernlandschaft<\/div><\/div><footer class=\"entry-footer\"><div class=\"slide-meta\"><time class='slide-meta-time updated' >14. April 2026<\/time><\/div><\/footer><\/article><article class='slide-entry flex_column  post-entry post-entry-18372 slide-entry-overview slide-loop-3 slide-parity-odd  post-entry-last  av_one_third  real-thumbnail posttype-post post-format-standard' ><a href='https:\/\/www.backwinkel.de\/blog\/kranke-kinder-im-kindergarten\/' data-rel='slide-1' class='slide-image' title='Kranke Kinder im Kindergarten'><img decoding=\"async\" fetchpriority=\"high\" width=\"1200\" height=\"628\" src=\"https:\/\/www.backwinkel.de\/blog\/wp-content\/uploads\/2026\/03\/03_Kiga_Kranke_Kinder.jpg\" class=\"wp-image-18451 avia-img-lazy-loading-not-18451 attachment-no scaling size-no scaling wp-post-image\" alt=\"Thema: Kranke Kinder. Auf dem Bild ist ein krankes kleines M\u00e4dchen zu sehen. Eine Frau mit einem Fieberthermometer in der Hand sitzt neben ihr und hat die Hand auf der Stirn des M\u00e4dchens.\" \/><\/a><div class=\"slide-content\"><header class=\"entry-content-header\" aria-label=\"Slide: Kranke Kinder im Kindergarten\"><h3 class='slide-entry-title entry-title ' ><a href='https:\/\/www.backwinkel.de\/blog\/kranke-kinder-im-kindergarten\/' title='Kranke Kinder im Kindergarten'>Kranke Kinder im Kindergarten<\/a><\/h3><span class=\"blog-categories minor-meta\"><a href=\"https:\/\/www.backwinkel.de\/blog\/category\/kindergarten-kita\/\" rel=\"tag\">Kindergarten<\/a> <\/span><span class=\"av-vertical-delimiter\"><\/span><\/header><div class='slide-entry-excerpt entry-content' >Auswirkungen f\u00fcr Kinder, Eltern und Fachkr\u00e4fte<\/div><\/div><footer class=\"entry-footer\"><div class=\"slide-meta\"><time class='slide-meta-time updated' >9. M\u00e4rz 2026<\/time><\/div><\/footer><\/article><\/div><\/div><\/div><\/p><\/div>\n","protected":false},"excerpt":{"rendered":"<p>Bildung knackig vermitteln<\/p>\n","protected":false},"author":3,"featured_media":4601,"comment_status":"closed","ping_status":"closed","sticky":false,"template":"","format":"standard","meta":{"inline_featured_image":false,"footnotes":""},"categories":[5],"tags":[],"class_list":["post-4596","post","type-post","status-publish","format-standard","has-post-thumbnail","hentry","category-kindergarten-kita"],"yoast_head":"<!-- This site is optimized with the Yoast SEO plugin v27.4 - https:\/\/yoast.com\/product\/yoast-seo-wordpress\/ -->\n<title>Funktionsr\u00e4ume gestalten \u00bb Tipps und Ideen f\u00fcr die Kita | BACKWINKEL Blog<\/title>\n<meta name=\"description\" content=\"Lesen Sie in unserem Blog, wie Sie das Konzept richtig umsetzen und in Ihrer Kita tolle Funktionsr\u00e4ume gestalten. Planungshilfen zum Ausdrucken inklusive. \u2713\" \/>\n<meta name=\"robots\" content=\"index, follow, max-snippet:-1, max-image-preview:large, max-video-preview:-1\" \/>\n<link rel=\"canonical\" href=\"https:\/\/www.backwinkel.de\/blog\/funktionsraeume-gestalten\/\" \/>\n<meta property=\"og:locale\" content=\"de_DE\" \/>\n<meta property=\"og:type\" content=\"article\" \/>\n<meta property=\"og:title\" content=\"Funktionsr\u00e4ume gestalten \u00bb Tipps und Ideen f\u00fcr die Kita | BACKWINKEL Blog\" \/>\n<meta property=\"og:description\" content=\"Lesen Sie in unserem Blog, wie Sie das Konzept richtig umsetzen und in Ihrer Kita tolle Funktionsr\u00e4ume gestalten. Planungshilfen zum Ausdrucken inklusive. \u2713\" \/>\n<meta property=\"og:url\" content=\"https:\/\/www.backwinkel.de\/blog\/funktionsraeume-gestalten\/\" \/>\n<meta property=\"og:site_name\" content=\"BACKWINKEL Blog\" \/>\n<meta property=\"article:published_time\" content=\"2020-06-05T06:18:13+00:00\" \/>\n<meta property=\"article:modified_time\" content=\"2026-04-22T09:38:36+00:00\" \/>\n<meta property=\"og:image\" content=\"https:\/\/www.backwinkel.de\/blog\/wp-content\/uploads\/2020\/05\/backwinkel-blog-funktionsraeume-gestalten.jpg\" \/>\n\t<meta property=\"og:image:width\" content=\"1200\" \/>\n\t<meta property=\"og:image:height\" content=\"628\" \/>\n\t<meta property=\"og:image:type\" content=\"image\/jpeg\" \/>\n<meta name=\"author\" content=\"BACKWINKEL\" \/>\n<meta name=\"twitter:card\" content=\"summary_large_image\" \/>\n<meta name=\"twitter:label1\" content=\"Verfasst von\" \/>\n\t<meta name=\"twitter:data1\" content=\"BACKWINKEL\" \/>\n\t<meta name=\"twitter:label2\" content=\"Gesch\u00e4tzte Lesezeit\" \/>\n\t<meta name=\"twitter:data2\" content=\"15\u00a0Minuten\" \/>\n<script type=\"application\/ld+json\" class=\"yoast-schema-graph\">{\"@context\":\"https:\\\/\\\/schema.org\",\"@graph\":[{\"@type\":\"Article\",\"@id\":\"https:\\\/\\\/www.backwinkel.de\\\/blog\\\/funktionsraeume-gestalten\\\/#article\",\"isPartOf\":{\"@id\":\"https:\\\/\\\/www.backwinkel.de\\\/blog\\\/funktionsraeume-gestalten\\\/\"},\"author\":{\"name\":\"BACKWINKEL\",\"@id\":\"https:\\\/\\\/www.backwinkel.de\\\/blog\\\/#\\\/schema\\\/person\\\/3d64575316540d25f7866264a4b7cd24\"},\"headline\":\"Funktionsr\u00e4ume gestalten:\",\"datePublished\":\"2020-06-05T06:18:13+00:00\",\"dateModified\":\"2026-04-22T09:38:36+00:00\",\"mainEntityOfPage\":{\"@id\":\"https:\\\/\\\/www.backwinkel.de\\\/blog\\\/funktionsraeume-gestalten\\\/\"},\"wordCount\":6637,\"image\":{\"@id\":\"https:\\\/\\\/www.backwinkel.de\\\/blog\\\/funktionsraeume-gestalten\\\/#primaryimage\"},\"thumbnailUrl\":\"https:\\\/\\\/www.backwinkel.de\\\/blog\\\/wp-content\\\/uploads\\\/2020\\\/05\\\/backwinkel-blog-funktionsraeume-gestalten.jpg\",\"articleSection\":[\"Kindergarten\"],\"inLanguage\":\"de\"},{\"@type\":\"WebPage\",\"@id\":\"https:\\\/\\\/www.backwinkel.de\\\/blog\\\/funktionsraeume-gestalten\\\/\",\"url\":\"https:\\\/\\\/www.backwinkel.de\\\/blog\\\/funktionsraeume-gestalten\\\/\",\"name\":\"Funktionsr\u00e4ume gestalten \u00bb Tipps und Ideen f\u00fcr die Kita | BACKWINKEL Blog\",\"isPartOf\":{\"@id\":\"https:\\\/\\\/www.backwinkel.de\\\/blog\\\/#website\"},\"primaryImageOfPage\":{\"@id\":\"https:\\\/\\\/www.backwinkel.de\\\/blog\\\/funktionsraeume-gestalten\\\/#primaryimage\"},\"image\":{\"@id\":\"https:\\\/\\\/www.backwinkel.de\\\/blog\\\/funktionsraeume-gestalten\\\/#primaryimage\"},\"thumbnailUrl\":\"https:\\\/\\\/www.backwinkel.de\\\/blog\\\/wp-content\\\/uploads\\\/2020\\\/05\\\/backwinkel-blog-funktionsraeume-gestalten.jpg\",\"datePublished\":\"2020-06-05T06:18:13+00:00\",\"dateModified\":\"2026-04-22T09:38:36+00:00\",\"author\":{\"@id\":\"https:\\\/\\\/www.backwinkel.de\\\/blog\\\/#\\\/schema\\\/person\\\/3d64575316540d25f7866264a4b7cd24\"},\"description\":\"Lesen Sie in unserem Blog, wie Sie das Konzept richtig umsetzen und in Ihrer Kita tolle Funktionsr\u00e4ume gestalten. Planungshilfen zum Ausdrucken inklusive. \u2713\",\"breadcrumb\":{\"@id\":\"https:\\\/\\\/www.backwinkel.de\\\/blog\\\/funktionsraeume-gestalten\\\/#breadcrumb\"},\"inLanguage\":\"de\",\"potentialAction\":[{\"@type\":\"ReadAction\",\"target\":[\"https:\\\/\\\/www.backwinkel.de\\\/blog\\\/funktionsraeume-gestalten\\\/\"]}]},{\"@type\":\"ImageObject\",\"inLanguage\":\"de\",\"@id\":\"https:\\\/\\\/www.backwinkel.de\\\/blog\\\/funktionsraeume-gestalten\\\/#primaryimage\",\"url\":\"https:\\\/\\\/www.backwinkel.de\\\/blog\\\/wp-content\\\/uploads\\\/2020\\\/05\\\/backwinkel-blog-funktionsraeume-gestalten.jpg\",\"contentUrl\":\"https:\\\/\\\/www.backwinkel.de\\\/blog\\\/wp-content\\\/uploads\\\/2020\\\/05\\\/backwinkel-blog-funktionsraeume-gestalten.jpg\",\"width\":1200,\"height\":628},{\"@type\":\"BreadcrumbList\",\"@id\":\"https:\\\/\\\/www.backwinkel.de\\\/blog\\\/funktionsraeume-gestalten\\\/#breadcrumb\",\"itemListElement\":[{\"@type\":\"ListItem\",\"position\":1,\"name\":\"Startseite\",\"item\":\"https:\\\/\\\/blog.backwinkel.de\\\/aktuelles\\\/\"},{\"@type\":\"ListItem\",\"position\":2,\"name\":\"Funktionsr\u00e4ume gestalten:\"}]},{\"@type\":\"WebSite\",\"@id\":\"https:\\\/\\\/www.backwinkel.de\\\/blog\\\/#website\",\"url\":\"https:\\\/\\\/www.backwinkel.de\\\/blog\\\/\",\"name\":\"BACKWINKEL Blog\",\"description\":\"f\u00fcr Lehrer, Erzieher und Eltern\",\"potentialAction\":[{\"@type\":\"SearchAction\",\"target\":{\"@type\":\"EntryPoint\",\"urlTemplate\":\"https:\\\/\\\/www.backwinkel.de\\\/blog\\\/?s={search_term_string}\"},\"query-input\":{\"@type\":\"PropertyValueSpecification\",\"valueRequired\":true,\"valueName\":\"search_term_string\"}}],\"inLanguage\":\"de\"},{\"@type\":\"Person\",\"@id\":\"https:\\\/\\\/www.backwinkel.de\\\/blog\\\/#\\\/schema\\\/person\\\/3d64575316540d25f7866264a4b7cd24\",\"name\":\"BACKWINKEL\",\"sameAs\":[\"http:\\\/\\\/www.backwinkel.de\"],\"url\":\"https:\\\/\\\/www.backwinkel.de\\\/blog\\\/author\\\/backwinkel\\\/\"}]}<\/script>\n<!-- \/ Yoast SEO plugin. -->","yoast_head_json":{"title":"Funktionsr\u00e4ume gestalten \u00bb Tipps und Ideen f\u00fcr die Kita | BACKWINKEL Blog","description":"Lesen Sie in unserem Blog, wie Sie das Konzept richtig umsetzen und in Ihrer Kita tolle Funktionsr\u00e4ume gestalten. Planungshilfen zum Ausdrucken inklusive. \u2713","robots":{"index":"index","follow":"follow","max-snippet":"max-snippet:-1","max-image-preview":"max-image-preview:large","max-video-preview":"max-video-preview:-1"},"canonical":"https:\/\/www.backwinkel.de\/blog\/funktionsraeume-gestalten\/","og_locale":"de_DE","og_type":"article","og_title":"Funktionsr\u00e4ume gestalten \u00bb Tipps und Ideen f\u00fcr die Kita | BACKWINKEL Blog","og_description":"Lesen Sie in unserem Blog, wie Sie das Konzept richtig umsetzen und in Ihrer Kita tolle Funktionsr\u00e4ume gestalten. Planungshilfen zum Ausdrucken inklusive. \u2713","og_url":"https:\/\/www.backwinkel.de\/blog\/funktionsraeume-gestalten\/","og_site_name":"BACKWINKEL Blog","article_published_time":"2020-06-05T06:18:13+00:00","article_modified_time":"2026-04-22T09:38:36+00:00","og_image":[{"width":1200,"height":628,"url":"https:\/\/www.backwinkel.de\/blog\/wp-content\/uploads\/2020\/05\/backwinkel-blog-funktionsraeume-gestalten.jpg","type":"image\/jpeg"}],"author":"BACKWINKEL","twitter_card":"summary_large_image","twitter_misc":{"Verfasst von":"BACKWINKEL","Gesch\u00e4tzte Lesezeit":"15\u00a0Minuten"},"schema":{"@context":"https:\/\/schema.org","@graph":[{"@type":"Article","@id":"https:\/\/www.backwinkel.de\/blog\/funktionsraeume-gestalten\/#article","isPartOf":{"@id":"https:\/\/www.backwinkel.de\/blog\/funktionsraeume-gestalten\/"},"author":{"name":"BACKWINKEL","@id":"https:\/\/www.backwinkel.de\/blog\/#\/schema\/person\/3d64575316540d25f7866264a4b7cd24"},"headline":"Funktionsr\u00e4ume gestalten:","datePublished":"2020-06-05T06:18:13+00:00","dateModified":"2026-04-22T09:38:36+00:00","mainEntityOfPage":{"@id":"https:\/\/www.backwinkel.de\/blog\/funktionsraeume-gestalten\/"},"wordCount":6637,"image":{"@id":"https:\/\/www.backwinkel.de\/blog\/funktionsraeume-gestalten\/#primaryimage"},"thumbnailUrl":"https:\/\/www.backwinkel.de\/blog\/wp-content\/uploads\/2020\/05\/backwinkel-blog-funktionsraeume-gestalten.jpg","articleSection":["Kindergarten"],"inLanguage":"de"},{"@type":"WebPage","@id":"https:\/\/www.backwinkel.de\/blog\/funktionsraeume-gestalten\/","url":"https:\/\/www.backwinkel.de\/blog\/funktionsraeume-gestalten\/","name":"Funktionsr\u00e4ume gestalten \u00bb Tipps und Ideen f\u00fcr die Kita | BACKWINKEL Blog","isPartOf":{"@id":"https:\/\/www.backwinkel.de\/blog\/#website"},"primaryImageOfPage":{"@id":"https:\/\/www.backwinkel.de\/blog\/funktionsraeume-gestalten\/#primaryimage"},"image":{"@id":"https:\/\/www.backwinkel.de\/blog\/funktionsraeume-gestalten\/#primaryimage"},"thumbnailUrl":"https:\/\/www.backwinkel.de\/blog\/wp-content\/uploads\/2020\/05\/backwinkel-blog-funktionsraeume-gestalten.jpg","datePublished":"2020-06-05T06:18:13+00:00","dateModified":"2026-04-22T09:38:36+00:00","author":{"@id":"https:\/\/www.backwinkel.de\/blog\/#\/schema\/person\/3d64575316540d25f7866264a4b7cd24"},"description":"Lesen Sie in unserem Blog, wie Sie das Konzept richtig umsetzen und in Ihrer Kita tolle Funktionsr\u00e4ume gestalten. Planungshilfen zum Ausdrucken inklusive. \u2713","breadcrumb":{"@id":"https:\/\/www.backwinkel.de\/blog\/funktionsraeume-gestalten\/#breadcrumb"},"inLanguage":"de","potentialAction":[{"@type":"ReadAction","target":["https:\/\/www.backwinkel.de\/blog\/funktionsraeume-gestalten\/"]}]},{"@type":"ImageObject","inLanguage":"de","@id":"https:\/\/www.backwinkel.de\/blog\/funktionsraeume-gestalten\/#primaryimage","url":"https:\/\/www.backwinkel.de\/blog\/wp-content\/uploads\/2020\/05\/backwinkel-blog-funktionsraeume-gestalten.jpg","contentUrl":"https:\/\/www.backwinkel.de\/blog\/wp-content\/uploads\/2020\/05\/backwinkel-blog-funktionsraeume-gestalten.jpg","width":1200,"height":628},{"@type":"BreadcrumbList","@id":"https:\/\/www.backwinkel.de\/blog\/funktionsraeume-gestalten\/#breadcrumb","itemListElement":[{"@type":"ListItem","position":1,"name":"Startseite","item":"https:\/\/blog.backwinkel.de\/aktuelles\/"},{"@type":"ListItem","position":2,"name":"Funktionsr\u00e4ume gestalten:"}]},{"@type":"WebSite","@id":"https:\/\/www.backwinkel.de\/blog\/#website","url":"https:\/\/www.backwinkel.de\/blog\/","name":"BACKWINKEL Blog","description":"f\u00fcr Lehrer, Erzieher und Eltern","potentialAction":[{"@type":"SearchAction","target":{"@type":"EntryPoint","urlTemplate":"https:\/\/www.backwinkel.de\/blog\/?s={search_term_string}"},"query-input":{"@type":"PropertyValueSpecification","valueRequired":true,"valueName":"search_term_string"}}],"inLanguage":"de"},{"@type":"Person","@id":"https:\/\/www.backwinkel.de\/blog\/#\/schema\/person\/3d64575316540d25f7866264a4b7cd24","name":"BACKWINKEL","sameAs":["http:\/\/www.backwinkel.de"],"url":"https:\/\/www.backwinkel.de\/blog\/author\/backwinkel\/"}]}},"_links":{"self":[{"href":"https:\/\/www.backwinkel.de\/blog\/wp-json\/wp\/v2\/posts\/4596","targetHints":{"allow":["GET"]}}],"collection":[{"href":"https:\/\/www.backwinkel.de\/blog\/wp-json\/wp\/v2\/posts"}],"about":[{"href":"https:\/\/www.backwinkel.de\/blog\/wp-json\/wp\/v2\/types\/post"}],"author":[{"embeddable":true,"href":"https:\/\/www.backwinkel.de\/blog\/wp-json\/wp\/v2\/users\/3"}],"replies":[{"embeddable":true,"href":"https:\/\/www.backwinkel.de\/blog\/wp-json\/wp\/v2\/comments?post=4596"}],"version-history":[{"count":4,"href":"https:\/\/www.backwinkel.de\/blog\/wp-json\/wp\/v2\/posts\/4596\/revisions"}],"predecessor-version":[{"id":18884,"href":"https:\/\/www.backwinkel.de\/blog\/wp-json\/wp\/v2\/posts\/4596\/revisions\/18884"}],"wp:featuredmedia":[{"embeddable":true,"href":"https:\/\/www.backwinkel.de\/blog\/wp-json\/wp\/v2\/media\/4601"}],"wp:attachment":[{"href":"https:\/\/www.backwinkel.de\/blog\/wp-json\/wp\/v2\/media?parent=4596"}],"wp:term":[{"taxonomy":"category","embeddable":true,"href":"https:\/\/www.backwinkel.de\/blog\/wp-json\/wp\/v2\/categories?post=4596"},{"taxonomy":"post_tag","embeddable":true,"href":"https:\/\/www.backwinkel.de\/blog\/wp-json\/wp\/v2\/tags?post=4596"}],"curies":[{"name":"wp","href":"https:\/\/api.w.org\/{rel}","templated":true}]}}