{"id":4560,"date":"2020-05-04T09:58:48","date_gmt":"2020-05-04T07:58:48","guid":{"rendered":"https:\/\/blog.backwinkel.de\/?p=4560"},"modified":"2026-04-22T11:37:08","modified_gmt":"2026-04-22T09:37:08","slug":"der-situationsorientierte-ansatz","status":"publish","type":"post","link":"https:\/\/www.backwinkel.de\/blog\/der-situationsorientierte-ansatz\/","title":{"rendered":"Der Situationsorientierte Ansatz:"},"content":{"rendered":"\n<style type=\"text\/css\" data-created_by=\"avia_inline_auto\" id=\"style-css-av-8vdv8-f7e0dae999cc49bc529a70f67b346526\">\n.flex_column.av-8vdv8-f7e0dae999cc49bc529a70f67b346526{\nborder-radius:0px 0px 0px 0px;\npadding:0px 0px 0px 0px;\n}\n<\/style>\n<div  class='flex_column av-8vdv8-f7e0dae999cc49bc529a70f67b346526 av_one_full  avia-builder-el-0  el_before_av_three_fifth  avia-builder-el-first  first flex_column_div av-zero-column-padding  '     ><p>\n<style type=\"text\/css\" data-created_by=\"avia_inline_auto\" id=\"style-css-av-jl6mo8rj-605eccf9df0dce9c3ffb6a57636da99d\">\n#top .hr.hr-invisible.av-jl6mo8rj-605eccf9df0dce9c3ffb6a57636da99d{\nmargin-top:0px;\nheight:1px;\n}\n<\/style>\n<div  class='hr av-jl6mo8rj-605eccf9df0dce9c3ffb6a57636da99d hr-invisible  avia-builder-el-1  el_before_av_heading  avia-builder-el-first '><span class='hr-inner '><span class=\"hr-inner-style\"><\/span><\/span><\/div><br \/>\n\n<style type=\"text\/css\" data-created_by=\"avia_inline_auto\" id=\"style-css-av-35666o-c3566514c12f706a1913a383dbbe6620\">\n#top .av-special-heading.av-35666o-c3566514c12f706a1913a383dbbe6620{\npadding-bottom:10px;\n}\nbody .av-special-heading.av-35666o-c3566514c12f706a1913a383dbbe6620 .av-special-heading-tag .heading-char{\nfont-size:25px;\n}\n.av-special-heading.av-35666o-c3566514c12f706a1913a383dbbe6620 .av-subheading{\nfont-size:15px;\n}\n<\/style>\n<div  class='av-special-heading av-35666o-c3566514c12f706a1913a383dbbe6620 av-special-heading-h1 blockquote modern-quote  avia-builder-el-2  el_after_av_hr  el_before_av_post_metadata  av-linked-heading'><h1 class='av-special-heading-tag '  >Der Situationsorientierte Ansatz: So unterst\u00fctzen Sie Kinder bei der Verarbeitung von Erlebtem <\/h1><div class='av-subheading av-subheading_below'><p class=\"autorenname\">Christine Hagemann<\/p>\n<\/div><div class=\"special-heading-border\"><div class=\"special-heading-inner-border\"><\/div><\/div><\/div><br \/>\n\n<style type=\"text\/css\" data-created_by=\"avia_inline_auto\" id=\"style-css-av-6m59s0-3a5ec020608cc049170caf2d64ec3ed3\">\n#top .av-post-metadata-container.av-6m59s0-3a5ec020608cc049170caf2d64ec3ed3{\nfont-size:12px;\n}\n#top .av-post-metadata-container.av-6m59s0-3a5ec020608cc049170caf2d64ec3ed3 .av-post-metadata-container-inner{\nfont-size:12px;\n}\n<\/style>\n<div  class='av-post-metadata-container av-6m59s0-3a5ec020608cc049170caf2d64ec3ed3 av-metadata-container-align-left  avia-builder-el-3  el_after_av_heading  el_before_av_textblock  av-metadata-container-1'><div class='av-post-metadata-container-inner'><span class=\"av-post-metadata-content av-post-metadata-meta-content\"><span class=\"av-post-metadata-content av-post-metadata-modified\"><span class=\"av-metadata-before av-metadata-before-modified\">Aktualisiert:<\/span><span class=\"av-post-metadata-modified-date\" >22. April 2026<\/span><\/span><span class=\"av-post-metadata-content av-post-metadata-separator\">\/<\/span><span class=\"av-post-metadata-content av-post-metadata-modified\"><span class=\"av-metadata-before av-metadata-before-modified\">Zuletzt aktualisiert:<\/span><span class=\"av-post-metadata-modified-date\" >22. April 2026<\/span><\/span><\/span><\/div><\/div><br \/>\n\n<style type=\"text\/css\" data-created_by=\"avia_inline_auto\" id=\"style-css-av-jkuubohz-af99e64d94ff8266fb7b03eeb92b6bb7\">\n#top .av_textblock_section.av-jkuubohz-af99e64d94ff8266fb7b03eeb92b6bb7 .avia_textblock{\nfont-size:20px;\n}\n<\/style>\n<section  class='av_textblock_section av-jkuubohz-af99e64d94ff8266fb7b03eeb92b6bb7 '  ><div class='avia_textblock' ><p class=\"einleitungstext-beitrag\">Was hilft Kindern, belastende Erlebnisse zu verkraften? Der Situationsorientierte Ansatz bietet Antworten.<\/p>\n<\/div><\/section><br \/>\n\n<style type=\"text\/css\" data-created_by=\"avia_inline_auto\" id=\"style-css-av-jkuuo5h6-f261fc22578766c99816fca9d6c08554\">\n.avia-image-container.av-jkuuo5h6-f261fc22578766c99816fca9d6c08554 img.avia_image{\nbox-shadow:none;\n}\n.avia-image-container.av-jkuuo5h6-f261fc22578766c99816fca9d6c08554 .av-image-caption-overlay-center{\ncolor:#ffffff;\n}\n<\/style>\n<div  class='avia-image-container av-jkuuo5h6-f261fc22578766c99816fca9d6c08554 av-styling- avia-align-center  avia-builder-el-5  el_after_av_textblock  el_before_av_hr '  ><div class=\"avia-image-container-inner\"><div class=\"avia-image-overlay-wrap\"><img decoding=\"async\" fetchpriority=\"high\" class='wp-image-4562 avia-img-lazy-loading-not-4562 avia_image ' src=\"https:\/\/www.backwinkel.de\/blog\/wp-content\/uploads\/2020\/04\/backwinkel-blog-situationsorientierte-ansatz-heroimage.jpg\" alt='' title='backwinkel-blog-situationsorientierte-ansatz-heroimage'  height=\"628\" width=\"1200\"  \/><\/div><\/div><\/div><br \/>\n\n<style type=\"text\/css\" data-created_by=\"avia_inline_auto\" id=\"style-css-av-jl6mo8rj-11-39fc0d6279c63d0054f90d56a70e5f51\">\n#top .hr.hr-invisible.av-jl6mo8rj-11-39fc0d6279c63d0054f90d56a70e5f51{\nheight:5px;\n}\n<\/style>\n<div  class='hr av-jl6mo8rj-11-39fc0d6279c63d0054f90d56a70e5f51 hr-invisible  avia-builder-el-6  el_after_av_image  el_before_av_textblock '><span class='hr-inner '><span class=\"hr-inner-style\"><\/span><\/span><\/div><br \/>\n\n<style type=\"text\/css\" data-created_by=\"avia_inline_auto\" id=\"style-css-av-jl7ql86y-e80384d8b1750d8be134ad53f89ab6ea\">\n#top .av_textblock_section.av-jl7ql86y-e80384d8b1750d8be134ad53f89ab6ea .avia_textblock{\nfont-size:10px;\n}\n<\/style>\n<section  class='av_textblock_section av-jl7ql86y-e80384d8b1750d8be134ad53f89ab6ea '  ><div class='avia_textblock' ><p class=\"bildnennung-beitrag\" style=\"text-align: left;\">\u00a9 Oskana Kuzmina, Adobestock.com<\/p>\n<\/div><\/section><br \/>\n\n<style type=\"text\/css\" data-created_by=\"avia_inline_auto\" id=\"style-css-av-jl6mo8rj-9-9cb2f543438822ad6c771e42bd211fbc\">\n#top .hr.hr-invisible.av-jl6mo8rj-9-9cb2f543438822ad6c771e42bd211fbc{\nheight:20px;\n}\n<\/style>\n<div  class='hr av-jl6mo8rj-9-9cb2f543438822ad6c771e42bd211fbc hr-invisible  avia-builder-el-8  el_after_av_textblock  el_before_av_textblock '><span class='hr-inner '><span class=\"hr-inner-style\"><\/span><\/span><\/div><br \/>\n<section  class='av_textblock_section av-jkuubohz-10-df169201683432ee9669aeab434d8aa9 '  ><div class='avia_textblock' ><p>Auch Kinder haben Sorgen, \u00c4ngste und erleben Negatives, doch sie m\u00fcssen erst noch lernen, ihre Gef\u00fchle zu bew\u00e4ltigen. <strong>\u00c4ngste<\/strong> k\u00f6nnen hilflos und sprachlos machen \u2013 und sich tief eingraben. Ein erlebensreiches Projekt, das Kindern bei der Verarbeitung hilft, ist zu jedem Zeitpunkt eine gute Idee.<\/p>\n<p>Im Situationsorientierten Ansatz finden Erzieher ein p\u00e4dagogisches Handlungsmodell, um Kinder in ihrer <strong>gesunden Entwicklung zu unterst\u00fctzen<\/strong>. Wie sieht dieses Konzept aus und worin liegt der Unterschied zum Situationsansatz? Lesen Sie in diesem Beitrag, was der Situationsorientierte Ansatz bezweckt und wie Sie damit in der Kita Projekte gestalten.<\/p>\n<\/div><\/section><\/p><\/div>\n<style type=\"text\/css\" data-created_by=\"avia_inline_auto\" id=\"style-css-av-swqf9-6bb490ea0cbb171c9d159bb967226129\">\n.flex_column.av-swqf9-6bb490ea0cbb171c9d159bb967226129{\nborder-radius:0px 0px 0px 0px;\npadding:20px 20px 20px 20px;\nbackground-color:#f2f2f2;\n}\n<\/style>\n<div  class='flex_column av-swqf9-6bb490ea0cbb171c9d159bb967226129 av_three_fifth  avia-builder-el-10  el_after_av_one_full  el_before_av_two_fifth  first flex_column_div  column-top-margin'     ><style type=\"text\/css\" data-created_by=\"avia_inline_auto\" id=\"style-css-av-jkuua5r2-daaff240cdb64ff49178ef768245fa1b\">\n#top .av_textblock_section.av-jkuua5r2-daaff240cdb64ff49178ef768245fa1b .avia_textblock{\nfont-size:14px;\n}\n<\/style>\n<section  class='av_textblock_section av-jkuua5r2-daaff240cdb64ff49178ef768245fa1b '  ><div class='avia_textblock' ><p><strong>Inhalt<\/strong><\/p>\n<p><strong><a href=\"#1\">1. Was meint der Situationsorientierte Ansatz?<\/a><\/strong><br \/>\n1.1 Ausgangspunkt ist die Lebenswelt der Kinder<br \/>\n1.2 Grundgedanken eines ganzheitlichen Konzepts<\/p>\n<p><strong><a href=\"#2\">2. Wie plane ich Projekte im Situationsorientierten Ansatz?<\/a><\/strong><br \/>\n2.1 Ausdrucksformen der Kinder beachten<br \/>\n2.2 Die 7 Schritte der Projektarbeit<\/p>\n<p><strong><a href=\"#3\">3. Besondere Chancen des Situationsorientierten Ansatzes<\/a><\/strong><\/p>\n<\/div><\/section><\/div><\/p>\n\n<style type=\"text\/css\" data-created_by=\"avia_inline_auto\" id=\"style-css-av-2532d-6e1ea05e25305745634c0a02c87dc827\">\n.flex_column.av-2532d-6e1ea05e25305745634c0a02c87dc827{\nborder-radius:0px 0px 0px 0px;\npadding:0 0 0 0;\n}\n<\/style>\n<div  class='flex_column av-2532d-6e1ea05e25305745634c0a02c87dc827 av_two_fifth  avia-builder-el-12  el_after_av_three_fifth  el_before_av_sidebar  flex_column_div av-zero-column-padding  column-top-margin'     ><\/div>\n<div  class='avia-builder-widget-area clearfix  avia-builder-el-13  el_after_av_two_fifth  el_before_av_one_full '><div id=\"text-33\" class=\"widget clearfix widget_text\">\t\t\t<div class=\"textwidget\"><p><a href=\"https:\/\/www.backwinkel.de\/nachhaltig-denken\/\" target=\"\\_blank\" rel=\"noopener\"><br \/>\n<img decoding=\"async\" class=\"werbung-desktop alignnone wp-image-4186 size-full\" src=\"https:\/\/www.backwinkel.de\/blog\/wp-content\/uploads\/2026\/04\/Backwinkel-blog-werbebanner-shop-kita-schule_desktop.jpg\" alt=\"\" width=\"1251\" height=\"201\" \/><br \/>\n<\/a><br \/>\n<a href=\"https:\/\/www.backwinkel.de\/nachhaltig-denken\/\" target=\"\\_blank\" rel=\"noopener\"><br \/>\n<img decoding=\"async\" class=\"werbung-mobile alignnone wp-image-4187 size-full\" src=\"https:\/\/www.backwinkel.de\/blog\/wp-content\/uploads\/2026\/04\/Backwinkel-blog-werbebanner-shop-kiga-schule_mobile.jpg\" alt=\"\" width=\"550\" height=\"500\" \/><br \/>\n<\/a><\/p>\n<\/div>\n\t\t<\/div><\/div>\n\n<style type=\"text\/css\" data-created_by=\"avia_inline_auto\" id=\"style-css-av-hh5al-9c53459d093ff912fcc98cf97e19d753\">\n.flex_column.av-hh5al-9c53459d093ff912fcc98cf97e19d753{\nborder-radius:0px 0px 0px 0px;\npadding:0px 0px 0px 0px;\n}\n<\/style>\n<div  class='flex_column av-hh5al-9c53459d093ff912fcc98cf97e19d753 av_one_full  avia-builder-el-14  el_after_av_sidebar  el_before_av_one_full  first flex_column_div av-zero-column-padding  '     ><section  class='av_textblock_section av-jkuul0eg-47aa45f9d704d9c8972e1ddf4c471077 '  ><div class='avia_textblock' >\n<style type=\"text\/css\" data-created_by=\"avia_inline_auto\" id=\"style-css-av-7c7r8-1ad3209b7b9ea9c60cc97e362d76ea5e\">\n#top .hr.hr-invisible.av-7c7r8-1ad3209b7b9ea9c60cc97e362d76ea5e{\nheight:20px;\n}\n<\/style>\n<div  class='hr av-7c7r8-1ad3209b7b9ea9c60cc97e362d76ea5e hr-invisible  avia-builder-el-16  avia-builder-el-no-sibling '><span class='hr-inner '><span class=\"hr-inner-style\"><\/span><\/span><\/div>\n<h2 id=\"1\" class=\"position\">Was meint der Situationsorientierte Ansatz?<\/h2>\n<p>Der Sinn p\u00e4dagogischer Arbeit im Kindergarten ist es, die Entwicklung von Kindern zu eigenverantwortlichen und gemeinschaftsf\u00e4higen Pers\u00f6nlichkeiten nachhaltig zu unterst\u00fctzen. Hierzu gibt es <strong>verschiedene Ans\u00e4tze und Zielvorstellungen<\/strong>. Je nach p\u00e4dagogischem Konzept stehen dabei folgende Punkte im Vordergrund:<\/p>\n<ul>\n<li>Didaktisch kompetenzorientiert: Was sollten Kinder sich aneignen k\u00f6nnen?<\/li>\n<li>Entwicklungspsychologisch: Auf welchen Wegen finden Kinder Zug\u00e4nge zur Lebenswelt?<\/li>\n<li>P\u00e4dagogisch: Wie k\u00f6nnen Kinder in ihrem Bestreben nach Weltaneignung gef\u00f6rdert werden?<\/li>\n<\/ul>\n<p>F\u00fcr Erzieher ist es oft nicht leicht, diese unterschiedlichen Positionen in der Praxis umzusetzen. Die Kinder sollen bestimmte <strong>F\u00e4higkeiten erwerben<\/strong>, um zuk\u00fcnftigen Anforderungen gewachsen zu sein. Dies erwarten auch die Eltern, speziell im Hinblick auf die Schulf\u00e4higkeit ihres Kindes. Zugleich soll die individuelle <strong>Pers\u00f6nlichkeit gest\u00e4rkt<\/strong> werden, damit das Kind auch mit belastenden Erlebnissen gut zurechtkommt.<\/p>\n<p>Es gibt verschiedene p\u00e4dagogische Ans\u00e4tze, die sich an aktuellen Lebenssituationen der Kinder orientieren. Zwei davon klingen sehr \u00e4hnlich: der <strong>Situationsansatz<\/strong> und der <strong>Situationsorientierte Ansatz<\/strong>. Die beiden k\u00f6nnen leicht verwechselt werden, doch es bestehen Unterschiede. Um Klarheit zu schaffen, werfen wir im Folgenden zun\u00e4chst einen Blick auf die Grundlagen.<\/p>\n<h3>Ausgangspunkt ist die Lebenswelt der Kinder<\/h3>\n<p>Wenn Kinder ihre Welt erkunden, lernen sie ganz von selbst eine Menge hinzu. Lernen hei\u00dft dabei immer auch Interpretation: Jeder Mensch konstruiert seine Wirklichkeit, entsprechend seiner subjektiven Erfahrungen. <strong>Kinder lernen immer situativ<\/strong>, durch sinnliches Wahrnehmen und eigenes Tun. So formen sich Selbstbild und Weltbild sowie Denk- und Handlungsmuster, die das weitere Leben entscheidend bestimmen.<\/p>\n<p>Dar\u00fcber sind sich beide Konzepte einig: Jede Entwicklungsf\u00f6rderung muss in der <strong>Lebenswelt der Kinder<\/strong> ansetzen, denn echte Lernfortschritte entspringen nur aus den <strong>Erfahrungen, die ein Kind f\u00fcr sich selbst als bedeutsam<\/strong> empfindet. Aus dieser Erkenntnis heraus entstand in den 1970er-Jahren das Konzept des Situationsansatzes<strong>,<\/strong> das sich bis heute als sinnvoll erweist.<\/p>\n<p><strong>Der Situationsansatz <\/strong>hat zum Ziel, dass alle Kinder sich Erfahrungen und Kompetenzen aneignen, mit denen sie in der sich wandelnden Welt <strong>autonom, solidarisch und sachkundig handeln<\/strong> k\u00f6nnen. Die Erziehenden verstehen die individuellen Lebenssituationen der Kinder und ermutigen jedes Kind, sich aktiv in die Gemeinschaft einzubringen. Die Kinder erleben sich selbstwirksam und handeln eigenaktiv, das fordert ihre Neugier und Lernfreude heraus.<\/p>\n<p>Die Erziehenden w\u00e4hlen Situationen aus, die Kinder lebensnah betreffen und f\u00fcr ihr Aufwachsen in der Gesellschaft wichtig sind. Diese <strong>Schl\u00fcsselsituationen<\/strong> bilden den Anlass, Kinder zielgerichtet zu unterst\u00fctzen, damit sie sich die f\u00fcr ihre Entwicklung erforderlichen Kenntnisse, F\u00e4higkeiten und Fertigkeiten aneignen. Somit ist der Situationsansatz <strong>zukunftsorientiert<\/strong>.<\/p>\n<p><strong>Der Situationsorientierte Ansatz<\/strong> befasst sich mit den <strong>individuellen<\/strong> Lebensgeschichten und subjektiven Lebenspl\u00e4nen der Kinder. Dieser Ansatz, in den 1980er-Jahren von dem Sozialp\u00e4dagogen Armin Krenz konzipiert, versteht sich in erster Linie als <strong>Hilfe zur Verarbeitung<\/strong> individueller Erfahrungen und belastender Erlebnisse.<\/p>\n<p>Die Erzieher gestalten Projekte, die auf bedeutsame Lebensthemen der Kinder abzielen. So erm\u00f6glichen sie den Kindern, sich konstruktiv mit vergangenen Eindr\u00fccken und Erfahrungen auseinanderzusetzen. Damit ist der Situationsorientierte Ansatz <strong>vergangenheitsorientiert<\/strong>, um durch eine nochmalige Besch\u00e4ftigung mit Eindr\u00fccken eine seelische Entlastung zu finden.<\/p>\n<h3>Grundgedanken eines ganzheitlichen Konzepts<\/h3>\n<p>Folgende entwicklungspsychologische \u00dcberlegungen bilden laut Krenz die Grundlage f\u00fcr den Situationsorientierten Ansatz:<\/p>\n<ul>\n<li>Das Konzept basiert auf einem <strong>humanistischen Menschenbild<\/strong>, das die ganzheitliche Entwicklung eines Kindes sowie seine Bezugspersonen in den Mittelpunkt stellt.<\/li>\n<li>In den ersten Lebensjahren bauen Kinder ihre <strong>subjektiven Lebenspl\u00e4ne<\/strong> auf, die ein Leben lang bestehen bleiben, wenn sie nicht eigenaktiv ver\u00e4ndert werden. Daher brauchen Kinder die M\u00f6glichkeit, <strong>sich mit bedeutsamen Erlebnissen nochmals zu besch\u00e4ftigen<\/strong>, um diese emotional und kognitiv verarbeiten zu k\u00f6nnen.<\/li>\n<li>Der Ansatz beginnt beim Kind, seinen Sorgen und N\u00f6ten, seiner Freude und seinen \u00c4ngsten. Das Konzept ist ausdr\u00fccklich <strong>nicht didaktisch<\/strong> auf Kompetenzerwerb ausgerichtet, sondern auf<strong> Selbstbildung <\/strong>im Sinne eines ganzheitlichen Lernens.<\/li>\n<li>Kinder brauchen <strong>Seelenproviant<\/strong>, so formuliert es Krenz. Dieser entsteht durch die Befriedigung der kindlichen emotionalen, motorischen und kognitiven Grundbed\u00fcrfnisse. Die Projekte in der Kita zielen auf Lebensthemen der Kinder ab und orientieren sich nicht mehr an Au\u00dfenthemen, die aus Erwachsenensicht relevant sein m\u00f6gen.<\/li>\n<li>Um sich gesund zu entwickeln, brauchen Kinder von Erwachsenen Anerkennung, Unterst\u00fctzung und <strong>Begleitung<\/strong>, aber keine Anleitung. Dahinter steht das Bild eines Kindes, das im selbstbestimmten Tun alle basalen F\u00e4higkeiten aufbaut, die es f\u00fcr eine aktive Lebensgestaltung ben\u00f6tigt.<\/li>\n<\/ul>\n<\/div><\/section><\/div>\n\n<style type=\"text\/css\" data-created_by=\"avia_inline_auto\" id=\"style-css-av-hh5al-8-beb333b2f72626a23d4ff8d2de4147ac\">\n.flex_column.av-hh5al-8-beb333b2f72626a23d4ff8d2de4147ac{\nborder-radius:0px 0px 0px 0px;\npadding:0px 0px 0px 0px;\n}\n<\/style>\n<div  class='flex_column av-hh5al-8-beb333b2f72626a23d4ff8d2de4147ac av_one_full  avia-builder-el-17  el_after_av_one_full  el_before_av_one_full  first flex_column_div av-zero-column-padding  column-top-margin'     ><section  class='av_textblock_section av-jkuul0eg-7-602f2e8ab6195de533e53c9f6f411e35 '  ><div class='avia_textblock' >\n<style type=\"text\/css\" data-created_by=\"avia_inline_auto\" id=\"style-css-av-7c7r8-6-8b95da868037e5ce15b994910a67f24f\">\n#top .hr.hr-invisible.av-7c7r8-6-8b95da868037e5ce15b994910a67f24f{\nheight:20px;\n}\n<\/style>\n<div  class='hr av-7c7r8-6-8b95da868037e5ce15b994910a67f24f hr-invisible  avia-builder-el-19  avia-builder-el-no-sibling '><span class='hr-inner '><span class=\"hr-inner-style\"><\/span><\/span><\/div>\n<h2 id=\"2\" class=\"position\">Wie plane ich Projekte im Situationsorientierten Ansatz?<\/h2>\n<p>Kinder dr\u00fccken ihre Bed\u00fcrfnisse durch ihr Verhalten aus, sie teilen sich mit durch ihr Spielen und Erz\u00e4hlen, ihre Tr\u00e4ume und Bilder. Die Erzieher \u2013 besser gesagt: Entwicklungsbegleiter \u2013 haben die Aufgabe, die Lebensereignisse der Kinder zu verstehen und in <strong>p\u00e4dagogische Impulse<\/strong> zu \u00fcbertragen, um ihnen bei der Verarbeitung zu helfen.<\/p>\n<h3>Ausdrucksformen der Kinder beachten<\/h3>\n<p>Damit Sie die Erlebnisse, Erfahrungen und Eindr\u00fccke des Kindes aufgreifen k\u00f6nnen, beobachten Sie seine Ausdrucksformen. Manches l\u00e4sst sich direkt erkennen, etwa wenn das Kind davon erz\u00e4hlt, doch vieles bleibt indirekt und <strong>verschl\u00fcsselt <\/strong>und zeigt sich beispielsweise in Zeichnungen und Tag- oder Nachttr\u00e4umen.<\/p>\n<p><a href=\"https:\/\/blog.backwinkel.de\/wp-content\/uploads\/2020\/04\/backwinkel-blog-situationsorientierte-ansatz-grafik.jpg\"><img decoding=\"async\" class=\"alignnone wp-image-4565\" src=\"https:\/\/blog.backwinkel.de\/wp-content\/uploads\/2020\/04\/backwinkel-blog-situationsorientierte-ansatz-grafik.jpg\" alt=\"\" width=\"800\" height=\"437\" \/><\/a><\/p>\n<p>Indem das Kind sich mit seiner aktuellen Lebenssituation besch\u00e4ftigt, kommt es <strong>seelisch ins Gleichgewicht<\/strong>. Danach kann es sich neuen Herausforderungen stellen. Jeder Ausdruck hat einen besonderen <strong>Bedeutungswert<\/strong> f\u00fcr das Kind und hilft ihm, Gedankenbilder und Gef\u00fchle zu verarbeiten. Dies ist auch aus neurobiologischer Sicht notwendig, damit das Kind neue Handlungsm\u00f6glichkeiten entwickeln kann.<\/p>\n<h3>Die 7 Schritte der Projektarbeit<\/h3>\n<p>Im Mittelpunkt der Projekte stehen die individuellen Erfahrungen einzelner Kinder in bestimmten Situationen, sowie m\u00f6gliche Ursachen. Dabei geht es um folgende Fragen:<\/p>\n<ul>\n<li>Was besch\u00e4ftigt das Kind gerade?<\/li>\n<li>Welche Entwicklungsschritte macht das Kind?<\/li>\n<li>Welche Gef\u00fchle zeigt das Kind und wie ist es in der Gruppe integriert?<\/li>\n<li>Woran ist das Kind interessiert und was k\u00f6nnte sein Interesse erweitern?<\/li>\n<li>Was will das Kind durch sein Verhalten mitteilen?<\/li>\n<\/ul>\n<p><strong>Die Projektplanung im Situationsorientierten Ansatz verl\u00e4uft systematisch in 7 Schritten: <\/strong><\/p>\n<ol>\n<li style=\"padding-bottom: 10px;\">Beobachten Sie jedes Kind in der Gruppe und achten Sie dabei besonders auf die jeweiligen <strong>Ausdrucksformen<\/strong> der Kinder.<\/li>\n<li style=\"padding-bottom: 10px;\">Werten Sie die kindlichen Ausdr\u00fccke aus, indem Sie die intensivsten Formen erfassen und deren <strong>Bedeutung<\/strong> entdecken: Was dr\u00fcckt das Kind damit aus? Was sucht das Kind? Was braucht es, damit sein entwicklungsf\u00f6rderliches Verhalten gest\u00e4rkt werden kann?<\/li>\n<li style=\"padding-bottom: 10px;\">Um <strong>Schwerpunkte<\/strong> zu erkennen, vergleichen Sie die individuellen Lebenspl\u00e4ne und stellen bestimmte H\u00e4ufigkeiten fest.<\/li>\n<li style=\"padding-bottom: 10px;\">Besprechen Sie <strong>zusammen mit den Kindern<\/strong> das Projekt, indem Sie von einem beobachteten Beispiel ausgehen, das zum Projektschwerpunkt passt. Fragen Sie die Kinder, ob sie dieses oder ein \u00e4hnliches Gef\u00fchl oder Erlebnis schon aus anderen <strong>Situationen<\/strong> kennen. Alle Situationen werden gesammelt.<\/li>\n<li style=\"padding-bottom: 10px;\">Ordnen Sie die gesammelten Situationen und bereiten Sie <strong>erg\u00e4nzende Aktivit\u00e4ten <\/strong>vor, beispielsweise durch Lieder, Musizieren, Werkarbeiten, B\u00fccher, M\u00e4rchen, Rollenspiele, Bewegungsspiele.<\/li>\n<li style=\"padding-bottom: 10px;\">Nun werden die Aktivit\u00e4ten gemeinsam umgesetzt. Halten Sie jeden Tag die von den Kindern erz\u00e4hlten Besonderheiten in einem p\u00e4dagogischen Tagebuch schriftlich fest. Ein Projekt kann \u00fcber einen <strong>Zeitraum von sechs Wochen bis zu einem halben Jahr<\/strong> laufen. Dabei ist ganz wichtig, dass Sie <strong>alle Bildungsbereiche integrieren<\/strong>, wie sie in den Richtlinien Ihres jeweiligen Bundeslandes beschrieben sind.<\/li>\n<li>Die <strong>Auswertung<\/strong> des Projekts findet zusammen mit den Kindern statt. Die gesammelten Dokumente dienen als Gespr\u00e4chsgrundlage. Anschlie\u00dfend kann gleich ein neues Projekt geplant werden.<\/li>\n<\/ol>\n<\/div><\/section><\/div>\n\n<style type=\"text\/css\" data-created_by=\"avia_inline_auto\" id=\"style-css-av-jlnt0i5o-f68c1304e2454480bc9c1823323e51fe\">\n.flex_column.av-jlnt0i5o-f68c1304e2454480bc9c1823323e51fe{\nborder-radius:0px 0px 0px 0px;\npadding:10px 10px 10px 10px;\nbackground-color:#fee3e2;\n}\n<\/style>\n<div  class='flex_column av-jlnt0i5o-f68c1304e2454480bc9c1823323e51fe av_one_full  avia-builder-el-20  el_after_av_one_full  el_before_av_one_full  first flex_column_div  column-top-margin'     ><style type=\"text\/css\" data-created_by=\"avia_inline_auto\" id=\"style-css-av-jkuvcso3-3cdfce01aa17cd7f93f77bd0f3cd869c\">\n#top .av_textblock_section.av-jkuvcso3-3cdfce01aa17cd7f93f77bd0f3cd869c .avia_textblock{\nfont-size:22px;\n}\n<\/style>\n<section  class='av_textblock_section av-jkuvcso3-3cdfce01aa17cd7f93f77bd0f3cd869c '  ><div class='avia_textblock' ><p><strong>Wichtig:<\/strong> Situationsorientierte Projekte sind gut geeignet, um Kinder emotional zu entlasten, doch sie sind <strong>kein Allheilmittel.<\/strong> Der Umgang mit kindlichen Ausdr\u00fccken erfordert viel Feingef\u00fchl. Unter Umst\u00e4nden sendet ein Kind Signale, die gravierende tieferliegende Probleme andeuten. Damit sind Erzieherinnen und Erzieher \u00fcberfordert. Holen Sie sich im Zweifelsfall Rat bei einem Experten.<\/p>\n<\/div><\/section><\/div>\n\n<style type=\"text\/css\" data-created_by=\"avia_inline_auto\" id=\"style-css-av-hh5al-5-7159e31d4755d9cdb55d398d90b3009a\">\n.flex_column.av-hh5al-5-7159e31d4755d9cdb55d398d90b3009a{\nborder-radius:0px 0px 0px 0px;\npadding:0px 0px 0px 0px;\n}\n<\/style>\n<div  class='flex_column av-hh5al-5-7159e31d4755d9cdb55d398d90b3009a av_one_full  avia-builder-el-22  el_after_av_one_full  el_before_av_one_full  first flex_column_div av-zero-column-padding  column-top-margin'     ><section  class='av_textblock_section av-jkuul0eg-4-da3b4297a415500c0a28782ee2c4cf2b '  ><div class='avia_textblock' >\n<style type=\"text\/css\" data-created_by=\"avia_inline_auto\" id=\"style-css-av-7c7r8-3-bb52426e348b00abee6e18e2c3d74ccc\">\n#top .hr.hr-invisible.av-7c7r8-3-bb52426e348b00abee6e18e2c3d74ccc{\nheight:20px;\n}\n<\/style>\n<div  class='hr av-7c7r8-3-bb52426e348b00abee6e18e2c3d74ccc hr-invisible  avia-builder-el-24  avia-builder-el-no-sibling '><span class='hr-inner '><span class=\"hr-inner-style\"><\/span><\/span><\/div>\n<h2 id=\"3\" class=\"position\">Besondere Chancen des Situationsorientierten Ansatzes<\/h2>\n<p>Ein elementarp\u00e4dagogisches Handlungsmodell, das jegliche p\u00e4dagogische Bevormundung vermeidet: Der Situationsorientierte Ansatz nimmt Kinder und ihr Recht auf Selbstbestimmung und <strong><a href=\"https:\/\/blog.backwinkel.de\/partizipation-in-kindergarten-und-kita\/\" target=\"_blank\" rel=\"noopener\">Partizipation<\/a><\/strong> ernst. Die Projekte verbinden <strong>alle Entwicklungsbereiche<\/strong>, es gibt keine teilisolierten \u00dcbungen. So wird Bildung lebendig und nachhaltig.<\/p>\n<p>Das Spektrum der Arbeitsweisen in Kitas ist breit gef\u00e4chert. Auch wenn das Profil Ihrer Kita st\u00e4rker funktional und kompetenzorientiert ausgerichtet ist, k\u00f6nnen Sie nat\u00fcrlich auch Projekte nach dem Situationsorientierten Ansatz durchf\u00fchren. Die Besch\u00e4ftigung mit wichtigen Lebensthemen vermittelt Kindern Sicherheit und Verst\u00e4ndnis und st\u00e4rkt das positive Gef\u00fchl von Zusammenhalt.<\/p>\n<\/div><\/section><\/div>\n\n<style type=\"text\/css\" data-created_by=\"avia_inline_auto\" id=\"style-css-av-jley1l06-be8863a15e87d33f314fbd4b76b14014\">\n.flex_column.av-jley1l06-be8863a15e87d33f314fbd4b76b14014{\nborder-radius:0px 0px 0px 0px;\npadding:10px 10px 10px 10px;\nbackground-color:#f2f2f2;\n}\n<\/style>\n<div  class='flex_column av-jley1l06-be8863a15e87d33f314fbd4b76b14014 av_one_full  avia-builder-el-25  el_after_av_one_full  el_before_av_one_full  first flex_column_div  column-top-margin'     ><section  class='av_textblock_section av-jkuvcso3-2-cbd4d9c288de27dd9621fd868dc63f32 '  ><div class='avia_textblock' ><p class=\"fussnoten-quellen\"><strong>Zum Weiterlesen: <\/strong><\/p>\n<p class=\"fussnoten-quellen\">Elke Heller (Hrsg.): Der Situationsansatz in der Praxis. Von Erzieherinnen f\u00fcr Erzieherinnen. Berlin: Cornelsen 2010.<\/p>\n<p class=\"fussnoten-quellen\">Armin Krenz: Der Situationsorientierte Ansatz im Kindergarten. Grundlagen und Praxis. Freiburg: Herder 2005.<\/p>\n<p class=\"fussnoten-quellen\">Hans-G\u00fcnther Ro\u00dfbach: Was und wie sollen Kinder im Kindergarten lernen? In: Hans-Uwe Otto, Thomas Rauschenbach (Hrsg.): Die andere Seite der Bildung. Zum Verh\u00e4ltnis von formellen und informellen Bildungsprozessen. Wiesbaden: SV 2008, S. 123 \u2013 131.<\/p>\n<p class=\"fussnoten-quellen\">Christiane Vetter: Situationsorientierter Ansatz. In: socialnet Lexikon. Bonn: socialnet 2019. <a href=\"https:\/\/www.socialnet.de\/lexikon\/Situationsorientierter-Ansatz\" target=\"_blank\" rel=\"noopener\">www.socialnet.de\/lexikon\/Situationsorientierter-Ansatz<\/a><\/p>\n<\/div><\/section><\/div>\n\n<style type=\"text\/css\" data-created_by=\"avia_inline_auto\" id=\"style-css-av-1p82t-b0e9719fe6c67aa5c6d1abf813961e55\">\n.flex_column.av-1p82t-b0e9719fe6c67aa5c6d1abf813961e55{\nborder-radius:0px 0px 0px 0px;\npadding:0px 0px 0px 0px;\n}\n<\/style>\n<div  class='flex_column av-1p82t-b0e9719fe6c67aa5c6d1abf813961e55 av_one_full  avia-builder-el-27  el_after_av_one_full  avia-builder-el-last  first flex_column_div av-zero-column-padding  column-top-margin'     ><p><section  class='av_textblock_section av-jlp4hxqo-91baaad30cd61f89630d15f8561d1750 '  ><div class='avia_textblock' ><div class=\"shariff shariff-align-left shariff-widget-align-left\"><ul class=\"shariff-buttons theme-color orientation-horizontal buttonsize-medium\"><li class=\"shariff-button whatsapp shariff-nocustomcolor\" style=\"background-color:#5cbe4a\"><a href=\"https:\/\/api.whatsapp.com\/send?text=https%3A%2F%2Fwww.backwinkel.de%2Fblog%2Fder-situationsorientierte-ansatz%2F%20Der%20Situationsorientierte%20Ansatz%3A\" title=\"Bei Whatsapp teilen\" aria-label=\"Bei Whatsapp teilen\" role=\"button\" rel=\"noopener nofollow\" class=\"shariff-link\" style=\"; background-color:#34af23; color:#fff\" target=\"_blank\"><span class=\"shariff-icon\" style=\"\"><svg width=\"32px\" height=\"20px\" xmlns=\"http:\/\/www.w3.org\/2000\/svg\" viewBox=\"0 0 32 32\"><path fill=\"#34af23\" d=\"M17.6 17.4q0.2 0 1.7 0.8t1.6 0.9q0 0.1 0 0.3 0 0.6-0.3 1.4-0.3 0.7-1.3 1.2t-1.8 0.5q-1 0-3.4-1.1-1.7-0.8-3-2.1t-2.6-3.3q-1.3-1.9-1.3-3.5v-0.1q0.1-1.6 1.3-2.8 0.4-0.4 0.9-0.4 0.1 0 0.3 0t0.3 0q0.3 0 0.5 0.1t0.3 0.5q0.1 0.4 0.6 1.6t0.4 1.3q0 0.4-0.6 1t-0.6 0.8q0 0.1 0.1 0.3 0.6 1.3 1.8 2.4 1 0.9 2.7 1.8 0.2 0.1 0.4 0.1 0.3 0 1-0.9t0.9-0.9zM14 26.9q2.3 0 4.3-0.9t3.6-2.4 2.4-3.6 0.9-4.3-0.9-4.3-2.4-3.6-3.6-2.4-4.3-0.9-4.3 0.9-3.6 2.4-2.4 3.6-0.9 4.3q0 3.6 2.1 6.6l-1.4 4.2 4.3-1.4q2.8 1.9 6.2 1.9zM14 2.2q2.7 0 5.2 1.1t4.3 2.9 2.9 4.3 1.1 5.2-1.1 5.2-2.9 4.3-4.3 2.9-5.2 1.1q-3.5 0-6.5-1.7l-7.4 2.4 2.4-7.2q-1.9-3.2-1.9-6.9 0-2.7 1.1-5.2t2.9-4.3 4.3-2.9 5.2-1.1z\"\/><\/svg><\/span><span class=\"shariff-text\">teilen<\/span>&nbsp;<\/a><\/li><li class=\"shariff-button facebook shariff-nocustomcolor\" style=\"background-color:#4273c8\"><a href=\"https:\/\/www.facebook.com\/sharer\/sharer.php?u=https%3A%2F%2Fwww.backwinkel.de%2Fblog%2Fder-situationsorientierte-ansatz%2F\" title=\"Bei Facebook teilen\" aria-label=\"Bei Facebook teilen\" role=\"button\" rel=\"nofollow\" class=\"shariff-link\" style=\"; background-color:#3b5998; color:#fff\" target=\"_blank\"><span class=\"shariff-icon\" style=\"\"><svg width=\"32px\" height=\"20px\" xmlns=\"http:\/\/www.w3.org\/2000\/svg\" viewBox=\"0 0 18 32\"><path fill=\"#3b5998\" d=\"M17.1 0.2v4.7h-2.8q-1.5 0-2.1 0.6t-0.5 1.9v3.4h5.2l-0.7 5.3h-4.5v13.6h-5.5v-13.6h-4.5v-5.3h4.5v-3.9q0-3.3 1.9-5.2t5-1.8q2.6 0 4.1 0.2z\"\/><\/svg><\/span><span class=\"shariff-text\">teilen<\/span>&nbsp;<\/a><\/li><li class=\"shariff-button twitter shariff-nocustomcolor\" style=\"background-color:#595959\"><a href=\"https:\/\/twitter.com\/share?url=https%3A%2F%2Fwww.backwinkel.de%2Fblog%2Fder-situationsorientierte-ansatz%2F&text=Der%20Situationsorientierte%20Ansatz%3A\" title=\"Bei X teilen\" aria-label=\"Bei X teilen\" role=\"button\" rel=\"noopener nofollow\" class=\"shariff-link\" style=\"; background-color:#000; color:#fff\" target=\"_blank\"><span class=\"shariff-icon\" style=\"\"><svg width=\"32px\" height=\"20px\" xmlns=\"http:\/\/www.w3.org\/2000\/svg\" viewBox=\"0 0 24 24\"><path fill=\"#000\" d=\"M14.258 10.152L23.176 0h-2.113l-7.747 8.813L7.133 0H0l9.352 13.328L0 23.973h2.113l8.176-9.309 6.531 9.309h7.133zm-2.895 3.293l-.949-1.328L2.875 1.56h3.246l6.086 8.523.945 1.328 7.91 11.078h-3.246zm0 0\"\/><\/svg><\/span><span class=\"shariff-text\">teilen<\/span>&nbsp;<\/a><\/li><li class=\"shariff-button pinterest shariff-nocustomcolor\" style=\"background-color:#e70f18\"><a href=\"https:\/\/www.pinterest.com\/pin\/create\/link\/?url=https%3A%2F%2Fwww.backwinkel.de%2Fblog%2Fder-situationsorientierte-ansatz%2F&media=https%3A%2F%2Fwww.backwinkel.de%2Fblog%2Fwp-content%2Fuploads%2F2020%2F04%2Fbackwinkel-blog-situationsorientierte-ansatz-heroimage.jpg&description=Der%20Situationsorientierte%20Ansatz%3A\" title=\"Bei Pinterest pinnen\" aria-label=\"Bei Pinterest pinnen\" role=\"button\" rel=\"noopener nofollow\" class=\"shariff-link\" style=\"; background-color:#cb2027; color:#fff\" target=\"_blank\"><span class=\"shariff-icon\" style=\"\"><svg width=\"32px\" height=\"20px\" xmlns=\"http:\/\/www.w3.org\/2000\/svg\" viewBox=\"0 0 27 32\"><path fill=\"#cb2027\" d=\"M27.4 16q0 3.7-1.8 6.9t-5 5-6.9 1.9q-2 0-3.9-0.6 1.1-1.7 1.4-2.9 0.2-0.6 1-3.8 0.4 0.7 1.3 1.2t2 0.5q2.1 0 3.8-1.2t2.7-3.4 0.9-4.8q0-2-1.1-3.8t-3.1-2.9-4.5-1.2q-1.9 0-3.5 0.5t-2.8 1.4-2 2-1.2 2.3-0.4 2.4q0 1.9 0.7 3.3t2.1 2q0.5 0.2 0.7-0.4 0-0.1 0.1-0.5t0.2-0.5q0.1-0.4-0.2-0.8-0.9-1.1-0.9-2.7 0-2.7 1.9-4.6t4.9-2q2.7 0 4.2 1.5t1.5 3.8q0 3-1.2 5.2t-3.1 2.1q-1.1 0-1.7-0.8t-0.4-1.9q0.1-0.6 0.5-1.7t0.5-1.8 0.2-1.4q0-0.9-0.5-1.5t-1.4-0.6q-1.1 0-1.9 1t-0.8 2.6q0 1.3 0.4 2.2l-1.8 7.5q-0.3 1.2-0.2 3.2-3.7-1.6-6-5t-2.3-7.6q0-3.7 1.9-6.9t5-5 6.9-1.9 6.9 1.9 5 5 1.8 6.9z\"\/><\/svg><\/span><span class=\"shariff-text\">merken<\/span>&nbsp;<\/a><\/li><li class=\"shariff-button mailto shariff-nocustomcolor\" style=\"background-color:#a8a8a8\"><a href=\"mailto:?body=https%3A%2F%2Fwww.backwinkel.de%2Fblog%2Fder-situationsorientierte-ansatz%2F&subject=Der%20Situationsorientierte%20Ansatz%3A\" title=\"Per E-Mail versenden\" aria-label=\"Per E-Mail versenden\" role=\"button\" rel=\"noopener nofollow\" class=\"shariff-link\" style=\"; background-color:#999; color:#fff\"><span class=\"shariff-icon\" style=\"\"><svg width=\"32px\" height=\"20px\" xmlns=\"http:\/\/www.w3.org\/2000\/svg\" viewBox=\"0 0 32 32\"><path fill=\"#999\" d=\"M32 12.7v14.2q0 1.2-0.8 2t-2 0.9h-26.3q-1.2 0-2-0.9t-0.8-2v-14.2q0.8 0.9 1.8 1.6 6.5 4.4 8.9 6.1 1 0.8 1.6 1.2t1.7 0.9 2 0.4h0.1q0.9 0 2-0.4t1.7-0.9 1.6-1.2q3-2.2 8.9-6.1 1-0.7 1.8-1.6zM32 7.4q0 1.4-0.9 2.7t-2.2 2.2q-6.7 4.7-8.4 5.8-0.2 0.1-0.7 0.5t-1 0.7-0.9 0.6-1.1 0.5-0.9 0.2h-0.1q-0.4 0-0.9-0.2t-1.1-0.5-0.9-0.6-1-0.7-0.7-0.5q-1.6-1.1-4.7-3.2t-3.6-2.6q-1.1-0.7-2.1-2t-1-2.5q0-1.4 0.7-2.3t2.1-0.9h26.3q1.2 0 2 0.8t0.9 2z\"\/><\/svg><\/span><span class=\"shariff-text\">E-Mail<\/span>&nbsp;<\/a><\/li><\/ul><\/div>\n<\/div><\/section><br \/>\n<div  class='tabcontainer av-jlq8shhr-b676e11701d9718d755b04dc68ac4c10 top_tab  avia-builder-el-29  el_after_av_textblock  el_before_av_hr '>\n<section class='av_tab_section av_tab_section av-4w8jsn-17d4c89754803ac141d68451b8b1d1a6' ><div id='tab-id-1-tab' class='tab active_tab' role='tab' aria-selected=\"true\" tabindex=\"0\" data-fake-id='#tab-id-1' aria-controls='tab-id-1-content' >Das BACKWINKEL-Blog-Team:<\/div><div id='tab-id-1-content' class='tab_content active_tab_content' role='tabpanel' aria-labelledby='tab-id-1-tab' aria-hidden=\"false\"><div class='tab_inner_content invers-color' ><p><img decoding=\"async\" class=\"wp-image-1768 alignleft\" title=\"BACKWINKEL-Blog \u2013 Das Team\" src=\"https:\/\/blog.backwinkel.de\/wp-content\/uploads\/2018\/10\/backwinkel-blog-autorenbox-intern_preview-300x198.jpg\" alt=\"\" width=\"300\" height=\"198\" \/>Gibts auch ein Gesicht hinter dem BACKWINKEL-Blog? Ja. Vier ?. Drei davon sogar mit Foto.<\/p>\n<p><span style=\"font-style: inherit !important; font-weight: inherit !important;\">Wir \u2013 Lukas, Tatjana, Stefan und Christine \u2013 bespielen unseren Blog unter dem Motto LACHEN LESEN LERNEN. <\/span><\/p>\n<p><span style=\"font-style: inherit !important; font-weight: inherit !important;\">Lukas kennt sich online so gut aus wie in seiner Westentasche und findet immer spannende Themen, w\u00e4hrend Stefan unseren Beitr\u00e4gen den passenden gestalterischen Rahmen gibt und Tatjana mit dem gr\u00fcnen Korrekturstift alles pr\u00fcfend be\u00e4ugt, was unsere Autorin Christine (und gern auch Gastautoren) f\u00fcr den BACKWINKEL-Blog nach ordentlicher Recherche schreibt.<\/span><\/p>\n<p>Gemeinsam suchen wir st\u00e4ndig nach neuen, aufregenden Themen rund um das Thema Bildung im Kiga, der Schule und zu Hause. Und weil Sie da an der Quelle sitzen, freuen wir uns auf Ihre konstruktiven R\u00fcckmeldungen und Anregungen an <a href=\"mailto:blog@backwinkel.de\">blog@backwinkel.de<\/a><\/p>\n<p>Viel Spa\u00df beim LACHEN LESEN LERNEN!<\/p>\n<\/div><\/div><\/section>\n<\/div><br \/>\n\n<style type=\"text\/css\" data-created_by=\"avia_inline_auto\" id=\"style-css-av-jkuvdh82-b6ea5d9aca5d02d0d62bf300de93e492\">\n#top .hr.av-jkuvdh82-b6ea5d9aca5d02d0d62bf300de93e492{\nmargin-top:10px;\nmargin-bottom:10px;\n}\n.hr.av-jkuvdh82-b6ea5d9aca5d02d0d62bf300de93e492 .hr-inner{\nwidth:500;\n}\n<\/style>\n<div  class='hr av-jkuvdh82-b6ea5d9aca5d02d0d62bf300de93e492 hr-custom  avia-builder-el-30  el_after_av_tab_container  el_before_av_heading  hr-left hr-icon-no'><span class='hr-inner inner-border-av-border-thin'><span class=\"hr-inner-style\"><\/span><\/span><\/div><br \/>\n\n<style type=\"text\/css\" data-created_by=\"avia_inline_auto\" id=\"style-css-av-2kvx4l-26cf26738d77db581bfabf51b88b95c5\">\n#top .av-special-heading.av-2kvx4l-26cf26738d77db581bfabf51b88b95c5{\npadding-bottom:10px;\n}\nbody .av-special-heading.av-2kvx4l-26cf26738d77db581bfabf51b88b95c5 .av-special-heading-tag .heading-char{\nfont-size:25px;\n}\n.av-special-heading.av-2kvx4l-26cf26738d77db581bfabf51b88b95c5 .av-subheading{\nfont-size:15px;\n}\n<\/style>\n<div  class='av-special-heading av-2kvx4l-26cf26738d77db581bfabf51b88b95c5 av-special-heading-h3 blockquote modern-quote  avia-builder-el-31  el_after_av_hr  el_before_av_blog '><h3 class='av-special-heading-tag '  >PASSENDE BEITR\u00c4GE<\/h3><div class=\"special-heading-border\"><div class=\"special-heading-inner-border\"><\/div><\/div><\/div><br \/>\n<div  data-slideshow-options=\"{&quot;animation&quot;:&quot;fade&quot;,&quot;autoplay&quot;:false,&quot;loop_autoplay&quot;:&quot;once&quot;,&quot;interval&quot;:5,&quot;loop_manual&quot;:&quot;manual-endless&quot;,&quot;autoplay_stopper&quot;:false,&quot;noNavigation&quot;:false,&quot;show_slide_delay&quot;:90}\" class='avia-content-slider avia-content-grid-active avia-content-slider1 avia-content-slider-odd  avia-builder-el-32  el_after_av_heading  avia-builder-el-last  av-slideshow-ui av-control-default   av-no-slider-navigation av-slideshow-manual av-loop-once av-loop-manual-endless ' ><div class=\"avia-content-slider-inner\"><div class=\"slide-entry-wrap\"><article class='slide-entry flex_column  post-entry post-entry-18633 slide-entry-overview slide-loop-1 slide-parity-odd  av_one_third first real-thumbnail posttype-post post-format-standard' ><a href='https:\/\/www.backwinkel.de\/blog\/plastik-recyceln\/' data-rel='slide-1' class='slide-image' title='Plastik recyceln'><img decoding=\"async\" fetchpriority=\"high\" width=\"1200\" height=\"628\" src=\"https:\/\/www.backwinkel.de\/blog\/wp-content\/uploads\/2026\/04\/04_Kiga_Plastik_nachhaltig_nutzen.jpg\" class=\"wp-image-18713 avia-img-lazy-loading-not-18713 attachment-no scaling size-no scaling wp-post-image\" alt=\"\" \/><\/a><div class=\"slide-content\"><header class=\"entry-content-header\" aria-label=\"Slide: Plastik recyceln\"><h3 class='slide-entry-title entry-title ' ><a href='https:\/\/www.backwinkel.de\/blog\/plastik-recyceln\/' title='Plastik recyceln'>Plastik recyceln<\/a><\/h3><span class=\"blog-categories minor-meta\"><a href=\"https:\/\/www.backwinkel.de\/blog\/category\/kindergarten-kita\/\" rel=\"tag\">Kindergarten<\/a> <\/span><span class=\"av-vertical-delimiter\"><\/span><\/header><div class='slide-entry-excerpt entry-content' >Biokunststoff f\u00fcr St\u00fchle, Materialboxen, Spielzeug und Rucks\u00e4cke<\/div><\/div><footer class=\"entry-footer\"><div class=\"slide-meta\"><time class='slide-meta-time updated' >14. April 2026<\/time><\/div><\/footer><\/article><article class='slide-entry flex_column  post-entry post-entry-18716 slide-entry-overview slide-loop-2 slide-parity-even  av_one_third  real-thumbnail posttype-post post-format-standard' ><a href='https:\/\/www.backwinkel.de\/blog\/rechnen-im-anfangsunterricht\/' data-rel='slide-1' class='slide-image' title='Rechnen im Anfangsunterricht'><img decoding=\"async\" fetchpriority=\"high\" width=\"1200\" height=\"628\" src=\"https:\/\/www.backwinkel.de\/blog\/wp-content\/uploads\/2026\/04\/04_Schule_Rechnen_anfangsunterricht.jpg\" class=\"wp-image-18748 avia-img-lazy-loading-not-18748 attachment-no scaling size-no scaling wp-post-image\" alt=\"\" \/><\/a><div class=\"slide-content\"><header class=\"entry-content-header\" aria-label=\"Slide: Rechnen im Anfangsunterricht\"><h3 class='slide-entry-title entry-title ' ><a href='https:\/\/www.backwinkel.de\/blog\/rechnen-im-anfangsunterricht\/' title='Rechnen im Anfangsunterricht'>Rechnen im Anfangsunterricht<\/a><\/h3><span class=\"blog-categories minor-meta\"><a href=\"https:\/\/www.backwinkel.de\/blog\/category\/schule-grundschule\/\" rel=\"tag\">Schule<\/a> <\/span><span class=\"av-vertical-delimiter\"><\/span><\/header><div class='slide-entry-excerpt entry-content' >Das Klassenzimmer als Lernlandschaft<\/div><\/div><footer class=\"entry-footer\"><div class=\"slide-meta\"><time class='slide-meta-time updated' >14. April 2026<\/time><\/div><\/footer><\/article><article class='slide-entry flex_column  post-entry post-entry-18372 slide-entry-overview slide-loop-3 slide-parity-odd  post-entry-last  av_one_third  real-thumbnail posttype-post post-format-standard' ><a href='https:\/\/www.backwinkel.de\/blog\/kranke-kinder-im-kindergarten\/' data-rel='slide-1' class='slide-image' title='Kranke Kinder im Kindergarten'><img decoding=\"async\" fetchpriority=\"high\" width=\"1200\" height=\"628\" src=\"https:\/\/www.backwinkel.de\/blog\/wp-content\/uploads\/2026\/03\/03_Kiga_Kranke_Kinder.jpg\" class=\"wp-image-18451 avia-img-lazy-loading-not-18451 attachment-no scaling size-no scaling wp-post-image\" alt=\"Thema: Kranke Kinder. Auf dem Bild ist ein krankes kleines M\u00e4dchen zu sehen. Eine Frau mit einem Fieberthermometer in der Hand sitzt neben ihr und hat die Hand auf der Stirn des M\u00e4dchens.\" \/><\/a><div class=\"slide-content\"><header class=\"entry-content-header\" aria-label=\"Slide: Kranke Kinder im Kindergarten\"><h3 class='slide-entry-title entry-title ' ><a href='https:\/\/www.backwinkel.de\/blog\/kranke-kinder-im-kindergarten\/' title='Kranke Kinder im Kindergarten'>Kranke Kinder im Kindergarten<\/a><\/h3><span class=\"blog-categories minor-meta\"><a href=\"https:\/\/www.backwinkel.de\/blog\/category\/kindergarten-kita\/\" rel=\"tag\">Kindergarten<\/a> <\/span><span class=\"av-vertical-delimiter\"><\/span><\/header><div class='slide-entry-excerpt entry-content' >Auswirkungen f\u00fcr Kinder, Eltern und Fachkr\u00e4fte<\/div><\/div><footer class=\"entry-footer\"><div class=\"slide-meta\"><time class='slide-meta-time updated' >9. M\u00e4rz 2026<\/time><\/div><\/footer><\/article><\/div><\/div><\/div><\/p><\/div>\n","protected":false},"excerpt":{"rendered":"<p>So unterst\u00fctzen Sie Kinder bei der Verarbeitung von Erlebtem <\/p>\n","protected":false},"author":3,"featured_media":4562,"comment_status":"closed","ping_status":"closed","sticky":false,"template":"","format":"standard","meta":{"inline_featured_image":false,"footnotes":""},"categories":[5],"tags":[],"class_list":["post-4560","post","type-post","status-publish","format-standard","has-post-thumbnail","hentry","category-kindergarten-kita"],"yoast_head":"<!-- This site is optimized with the Yoast SEO plugin v27.4 - https:\/\/yoast.com\/product\/yoast-seo-wordpress\/ -->\n<title>Der Situationsorientierte Ansatz \u00bb Alles Wissenswerte | BACKWINKEL Blog<\/title>\n<meta name=\"description\" content=\"Was hilft Kindern, belastende Erlebnisse zu verkraften? Das fragen sich Eltern und Erzieher gegenw\u00e4rtig ganz besonders. Der Situationsorientierte Ansatz bietet Antworten. \u2713\" \/>\n<meta name=\"robots\" content=\"index, follow, max-snippet:-1, max-image-preview:large, max-video-preview:-1\" \/>\n<link rel=\"canonical\" href=\"https:\/\/www.backwinkel.de\/blog\/der-situationsorientierte-ansatz\/\" \/>\n<meta property=\"og:locale\" content=\"de_DE\" \/>\n<meta property=\"og:type\" content=\"article\" \/>\n<meta property=\"og:title\" content=\"Der Situationsorientierte Ansatz \u00bb Alles Wissenswerte | BACKWINKEL Blog\" \/>\n<meta property=\"og:description\" content=\"Was hilft Kindern, belastende Erlebnisse zu verkraften? Das fragen sich Eltern und Erzieher gegenw\u00e4rtig ganz besonders. Der Situationsorientierte Ansatz bietet Antworten. \u2713\" \/>\n<meta property=\"og:url\" content=\"https:\/\/www.backwinkel.de\/blog\/der-situationsorientierte-ansatz\/\" \/>\n<meta property=\"og:site_name\" content=\"BACKWINKEL Blog\" \/>\n<meta property=\"article:published_time\" content=\"2020-05-04T07:58:48+00:00\" \/>\n<meta property=\"article:modified_time\" content=\"2026-04-22T09:37:08+00:00\" \/>\n<meta property=\"og:image\" content=\"https:\/\/www.backwinkel.de\/blog\/wp-content\/uploads\/2020\/04\/backwinkel-blog-situationsorientierte-ansatz-heroimage.jpg\" \/>\n\t<meta property=\"og:image:width\" content=\"1200\" \/>\n\t<meta property=\"og:image:height\" content=\"628\" \/>\n\t<meta property=\"og:image:type\" content=\"image\/jpeg\" \/>\n<meta name=\"author\" content=\"BACKWINKEL\" \/>\n<meta name=\"twitter:card\" content=\"summary_large_image\" \/>\n<meta name=\"twitter:label1\" content=\"Verfasst von\" \/>\n\t<meta name=\"twitter:data1\" content=\"BACKWINKEL\" \/>\n\t<meta name=\"twitter:label2\" content=\"Gesch\u00e4tzte Lesezeit\" \/>\n\t<meta name=\"twitter:data2\" content=\"11\u00a0Minuten\" \/>\n<script type=\"application\/ld+json\" class=\"yoast-schema-graph\">{\"@context\":\"https:\\\/\\\/schema.org\",\"@graph\":[{\"@type\":\"Article\",\"@id\":\"https:\\\/\\\/www.backwinkel.de\\\/blog\\\/der-situationsorientierte-ansatz\\\/#article\",\"isPartOf\":{\"@id\":\"https:\\\/\\\/www.backwinkel.de\\\/blog\\\/der-situationsorientierte-ansatz\\\/\"},\"author\":{\"name\":\"BACKWINKEL\",\"@id\":\"https:\\\/\\\/www.backwinkel.de\\\/blog\\\/#\\\/schema\\\/person\\\/3d64575316540d25f7866264a4b7cd24\"},\"headline\":\"Der Situationsorientierte Ansatz:\",\"datePublished\":\"2020-05-04T07:58:48+00:00\",\"dateModified\":\"2026-04-22T09:37:08+00:00\",\"mainEntityOfPage\":{\"@id\":\"https:\\\/\\\/www.backwinkel.de\\\/blog\\\/der-situationsorientierte-ansatz\\\/\"},\"wordCount\":3821,\"image\":{\"@id\":\"https:\\\/\\\/www.backwinkel.de\\\/blog\\\/der-situationsorientierte-ansatz\\\/#primaryimage\"},\"thumbnailUrl\":\"https:\\\/\\\/www.backwinkel.de\\\/blog\\\/wp-content\\\/uploads\\\/2020\\\/04\\\/backwinkel-blog-situationsorientierte-ansatz-heroimage.jpg\",\"articleSection\":[\"Kindergarten\"],\"inLanguage\":\"de\"},{\"@type\":\"WebPage\",\"@id\":\"https:\\\/\\\/www.backwinkel.de\\\/blog\\\/der-situationsorientierte-ansatz\\\/\",\"url\":\"https:\\\/\\\/www.backwinkel.de\\\/blog\\\/der-situationsorientierte-ansatz\\\/\",\"name\":\"Der Situationsorientierte Ansatz \u00bb Alles Wissenswerte | BACKWINKEL Blog\",\"isPartOf\":{\"@id\":\"https:\\\/\\\/www.backwinkel.de\\\/blog\\\/#website\"},\"primaryImageOfPage\":{\"@id\":\"https:\\\/\\\/www.backwinkel.de\\\/blog\\\/der-situationsorientierte-ansatz\\\/#primaryimage\"},\"image\":{\"@id\":\"https:\\\/\\\/www.backwinkel.de\\\/blog\\\/der-situationsorientierte-ansatz\\\/#primaryimage\"},\"thumbnailUrl\":\"https:\\\/\\\/www.backwinkel.de\\\/blog\\\/wp-content\\\/uploads\\\/2020\\\/04\\\/backwinkel-blog-situationsorientierte-ansatz-heroimage.jpg\",\"datePublished\":\"2020-05-04T07:58:48+00:00\",\"dateModified\":\"2026-04-22T09:37:08+00:00\",\"author\":{\"@id\":\"https:\\\/\\\/www.backwinkel.de\\\/blog\\\/#\\\/schema\\\/person\\\/3d64575316540d25f7866264a4b7cd24\"},\"description\":\"Was hilft Kindern, belastende Erlebnisse zu verkraften? Das fragen sich Eltern und Erzieher gegenw\u00e4rtig ganz besonders. Der Situationsorientierte Ansatz bietet Antworten. \u2713\",\"breadcrumb\":{\"@id\":\"https:\\\/\\\/www.backwinkel.de\\\/blog\\\/der-situationsorientierte-ansatz\\\/#breadcrumb\"},\"inLanguage\":\"de\",\"potentialAction\":[{\"@type\":\"ReadAction\",\"target\":[\"https:\\\/\\\/www.backwinkel.de\\\/blog\\\/der-situationsorientierte-ansatz\\\/\"]}]},{\"@type\":\"ImageObject\",\"inLanguage\":\"de\",\"@id\":\"https:\\\/\\\/www.backwinkel.de\\\/blog\\\/der-situationsorientierte-ansatz\\\/#primaryimage\",\"url\":\"https:\\\/\\\/www.backwinkel.de\\\/blog\\\/wp-content\\\/uploads\\\/2020\\\/04\\\/backwinkel-blog-situationsorientierte-ansatz-heroimage.jpg\",\"contentUrl\":\"https:\\\/\\\/www.backwinkel.de\\\/blog\\\/wp-content\\\/uploads\\\/2020\\\/04\\\/backwinkel-blog-situationsorientierte-ansatz-heroimage.jpg\",\"width\":1200,\"height\":628},{\"@type\":\"BreadcrumbList\",\"@id\":\"https:\\\/\\\/www.backwinkel.de\\\/blog\\\/der-situationsorientierte-ansatz\\\/#breadcrumb\",\"itemListElement\":[{\"@type\":\"ListItem\",\"position\":1,\"name\":\"Startseite\",\"item\":\"https:\\\/\\\/blog.backwinkel.de\\\/aktuelles\\\/\"},{\"@type\":\"ListItem\",\"position\":2,\"name\":\"Der Situationsorientierte Ansatz:\"}]},{\"@type\":\"WebSite\",\"@id\":\"https:\\\/\\\/www.backwinkel.de\\\/blog\\\/#website\",\"url\":\"https:\\\/\\\/www.backwinkel.de\\\/blog\\\/\",\"name\":\"BACKWINKEL Blog\",\"description\":\"f\u00fcr Lehrer, Erzieher und Eltern\",\"potentialAction\":[{\"@type\":\"SearchAction\",\"target\":{\"@type\":\"EntryPoint\",\"urlTemplate\":\"https:\\\/\\\/www.backwinkel.de\\\/blog\\\/?s={search_term_string}\"},\"query-input\":{\"@type\":\"PropertyValueSpecification\",\"valueRequired\":true,\"valueName\":\"search_term_string\"}}],\"inLanguage\":\"de\"},{\"@type\":\"Person\",\"@id\":\"https:\\\/\\\/www.backwinkel.de\\\/blog\\\/#\\\/schema\\\/person\\\/3d64575316540d25f7866264a4b7cd24\",\"name\":\"BACKWINKEL\",\"sameAs\":[\"http:\\\/\\\/www.backwinkel.de\"],\"url\":\"https:\\\/\\\/www.backwinkel.de\\\/blog\\\/author\\\/backwinkel\\\/\"}]}<\/script>\n<!-- \/ Yoast SEO plugin. -->","yoast_head_json":{"title":"Der Situationsorientierte Ansatz \u00bb Alles Wissenswerte | BACKWINKEL Blog","description":"Was hilft Kindern, belastende Erlebnisse zu verkraften? Das fragen sich Eltern und Erzieher gegenw\u00e4rtig ganz besonders. Der Situationsorientierte Ansatz bietet Antworten. \u2713","robots":{"index":"index","follow":"follow","max-snippet":"max-snippet:-1","max-image-preview":"max-image-preview:large","max-video-preview":"max-video-preview:-1"},"canonical":"https:\/\/www.backwinkel.de\/blog\/der-situationsorientierte-ansatz\/","og_locale":"de_DE","og_type":"article","og_title":"Der Situationsorientierte Ansatz \u00bb Alles Wissenswerte | BACKWINKEL Blog","og_description":"Was hilft Kindern, belastende Erlebnisse zu verkraften? Das fragen sich Eltern und Erzieher gegenw\u00e4rtig ganz besonders. Der Situationsorientierte Ansatz bietet Antworten. \u2713","og_url":"https:\/\/www.backwinkel.de\/blog\/der-situationsorientierte-ansatz\/","og_site_name":"BACKWINKEL Blog","article_published_time":"2020-05-04T07:58:48+00:00","article_modified_time":"2026-04-22T09:37:08+00:00","og_image":[{"width":1200,"height":628,"url":"https:\/\/www.backwinkel.de\/blog\/wp-content\/uploads\/2020\/04\/backwinkel-blog-situationsorientierte-ansatz-heroimage.jpg","type":"image\/jpeg"}],"author":"BACKWINKEL","twitter_card":"summary_large_image","twitter_misc":{"Verfasst von":"BACKWINKEL","Gesch\u00e4tzte Lesezeit":"11\u00a0Minuten"},"schema":{"@context":"https:\/\/schema.org","@graph":[{"@type":"Article","@id":"https:\/\/www.backwinkel.de\/blog\/der-situationsorientierte-ansatz\/#article","isPartOf":{"@id":"https:\/\/www.backwinkel.de\/blog\/der-situationsorientierte-ansatz\/"},"author":{"name":"BACKWINKEL","@id":"https:\/\/www.backwinkel.de\/blog\/#\/schema\/person\/3d64575316540d25f7866264a4b7cd24"},"headline":"Der Situationsorientierte Ansatz:","datePublished":"2020-05-04T07:58:48+00:00","dateModified":"2026-04-22T09:37:08+00:00","mainEntityOfPage":{"@id":"https:\/\/www.backwinkel.de\/blog\/der-situationsorientierte-ansatz\/"},"wordCount":3821,"image":{"@id":"https:\/\/www.backwinkel.de\/blog\/der-situationsorientierte-ansatz\/#primaryimage"},"thumbnailUrl":"https:\/\/www.backwinkel.de\/blog\/wp-content\/uploads\/2020\/04\/backwinkel-blog-situationsorientierte-ansatz-heroimage.jpg","articleSection":["Kindergarten"],"inLanguage":"de"},{"@type":"WebPage","@id":"https:\/\/www.backwinkel.de\/blog\/der-situationsorientierte-ansatz\/","url":"https:\/\/www.backwinkel.de\/blog\/der-situationsorientierte-ansatz\/","name":"Der Situationsorientierte Ansatz \u00bb Alles Wissenswerte | BACKWINKEL Blog","isPartOf":{"@id":"https:\/\/www.backwinkel.de\/blog\/#website"},"primaryImageOfPage":{"@id":"https:\/\/www.backwinkel.de\/blog\/der-situationsorientierte-ansatz\/#primaryimage"},"image":{"@id":"https:\/\/www.backwinkel.de\/blog\/der-situationsorientierte-ansatz\/#primaryimage"},"thumbnailUrl":"https:\/\/www.backwinkel.de\/blog\/wp-content\/uploads\/2020\/04\/backwinkel-blog-situationsorientierte-ansatz-heroimage.jpg","datePublished":"2020-05-04T07:58:48+00:00","dateModified":"2026-04-22T09:37:08+00:00","author":{"@id":"https:\/\/www.backwinkel.de\/blog\/#\/schema\/person\/3d64575316540d25f7866264a4b7cd24"},"description":"Was hilft Kindern, belastende Erlebnisse zu verkraften? Das fragen sich Eltern und Erzieher gegenw\u00e4rtig ganz besonders. Der Situationsorientierte Ansatz bietet Antworten. \u2713","breadcrumb":{"@id":"https:\/\/www.backwinkel.de\/blog\/der-situationsorientierte-ansatz\/#breadcrumb"},"inLanguage":"de","potentialAction":[{"@type":"ReadAction","target":["https:\/\/www.backwinkel.de\/blog\/der-situationsorientierte-ansatz\/"]}]},{"@type":"ImageObject","inLanguage":"de","@id":"https:\/\/www.backwinkel.de\/blog\/der-situationsorientierte-ansatz\/#primaryimage","url":"https:\/\/www.backwinkel.de\/blog\/wp-content\/uploads\/2020\/04\/backwinkel-blog-situationsorientierte-ansatz-heroimage.jpg","contentUrl":"https:\/\/www.backwinkel.de\/blog\/wp-content\/uploads\/2020\/04\/backwinkel-blog-situationsorientierte-ansatz-heroimage.jpg","width":1200,"height":628},{"@type":"BreadcrumbList","@id":"https:\/\/www.backwinkel.de\/blog\/der-situationsorientierte-ansatz\/#breadcrumb","itemListElement":[{"@type":"ListItem","position":1,"name":"Startseite","item":"https:\/\/blog.backwinkel.de\/aktuelles\/"},{"@type":"ListItem","position":2,"name":"Der Situationsorientierte Ansatz:"}]},{"@type":"WebSite","@id":"https:\/\/www.backwinkel.de\/blog\/#website","url":"https:\/\/www.backwinkel.de\/blog\/","name":"BACKWINKEL Blog","description":"f\u00fcr Lehrer, Erzieher und Eltern","potentialAction":[{"@type":"SearchAction","target":{"@type":"EntryPoint","urlTemplate":"https:\/\/www.backwinkel.de\/blog\/?s={search_term_string}"},"query-input":{"@type":"PropertyValueSpecification","valueRequired":true,"valueName":"search_term_string"}}],"inLanguage":"de"},{"@type":"Person","@id":"https:\/\/www.backwinkel.de\/blog\/#\/schema\/person\/3d64575316540d25f7866264a4b7cd24","name":"BACKWINKEL","sameAs":["http:\/\/www.backwinkel.de"],"url":"https:\/\/www.backwinkel.de\/blog\/author\/backwinkel\/"}]}},"_links":{"self":[{"href":"https:\/\/www.backwinkel.de\/blog\/wp-json\/wp\/v2\/posts\/4560","targetHints":{"allow":["GET"]}}],"collection":[{"href":"https:\/\/www.backwinkel.de\/blog\/wp-json\/wp\/v2\/posts"}],"about":[{"href":"https:\/\/www.backwinkel.de\/blog\/wp-json\/wp\/v2\/types\/post"}],"author":[{"embeddable":true,"href":"https:\/\/www.backwinkel.de\/blog\/wp-json\/wp\/v2\/users\/3"}],"replies":[{"embeddable":true,"href":"https:\/\/www.backwinkel.de\/blog\/wp-json\/wp\/v2\/comments?post=4560"}],"version-history":[{"count":4,"href":"https:\/\/www.backwinkel.de\/blog\/wp-json\/wp\/v2\/posts\/4560\/revisions"}],"predecessor-version":[{"id":18882,"href":"https:\/\/www.backwinkel.de\/blog\/wp-json\/wp\/v2\/posts\/4560\/revisions\/18882"}],"wp:featuredmedia":[{"embeddable":true,"href":"https:\/\/www.backwinkel.de\/blog\/wp-json\/wp\/v2\/media\/4562"}],"wp:attachment":[{"href":"https:\/\/www.backwinkel.de\/blog\/wp-json\/wp\/v2\/media?parent=4560"}],"wp:term":[{"taxonomy":"category","embeddable":true,"href":"https:\/\/www.backwinkel.de\/blog\/wp-json\/wp\/v2\/categories?post=4560"},{"taxonomy":"post_tag","embeddable":true,"href":"https:\/\/www.backwinkel.de\/blog\/wp-json\/wp\/v2\/tags?post=4560"}],"curies":[{"name":"wp","href":"https:\/\/api.w.org\/{rel}","templated":true}]}}