{"id":4366,"date":"2020-04-06T10:02:16","date_gmt":"2020-04-06T08:02:16","guid":{"rendered":"https:\/\/blog.backwinkel.de\/?p=4366"},"modified":"2026-04-22T11:36:32","modified_gmt":"2026-04-22T09:36:32","slug":"gesunde-ernaehrung-im-kindergarten","status":"publish","type":"post","link":"https:\/\/www.backwinkel.de\/blog\/gesunde-ernaehrung-im-kindergarten\/","title":{"rendered":"Gesunde Ern\u00e4hrung (nicht nur) im Kindergarten:"},"content":{"rendered":"\n<style type=\"text\/css\" data-created_by=\"avia_inline_auto\" id=\"style-css-av-8vdv8-f7e0dae999cc49bc529a70f67b346526\">\n.flex_column.av-8vdv8-f7e0dae999cc49bc529a70f67b346526{\nborder-radius:0px 0px 0px 0px;\npadding:0px 0px 0px 0px;\n}\n<\/style>\n<div  class='flex_column av-8vdv8-f7e0dae999cc49bc529a70f67b346526 av_one_full  avia-builder-el-0  el_before_av_three_fifth  avia-builder-el-first  first flex_column_div av-zero-column-padding  '     ><p>\n<style type=\"text\/css\" data-created_by=\"avia_inline_auto\" id=\"style-css-av-jl6mo8rj-605eccf9df0dce9c3ffb6a57636da99d\">\n#top .hr.hr-invisible.av-jl6mo8rj-605eccf9df0dce9c3ffb6a57636da99d{\nmargin-top:0px;\nheight:1px;\n}\n<\/style>\n<div  class='hr av-jl6mo8rj-605eccf9df0dce9c3ffb6a57636da99d hr-invisible  avia-builder-el-1  el_before_av_heading  avia-builder-el-first '><span class='hr-inner '><span class=\"hr-inner-style\"><\/span><\/span><\/div><br \/>\n\n<style type=\"text\/css\" data-created_by=\"avia_inline_auto\" id=\"style-css-av-2c0ctq-94367cf2b749f40a1d2501b0051337e1\">\n#top .av-special-heading.av-2c0ctq-94367cf2b749f40a1d2501b0051337e1{\npadding-bottom:10px;\n}\nbody .av-special-heading.av-2c0ctq-94367cf2b749f40a1d2501b0051337e1 .av-special-heading-tag .heading-char{\nfont-size:25px;\n}\n.av-special-heading.av-2c0ctq-94367cf2b749f40a1d2501b0051337e1 .av-subheading{\nfont-size:15px;\n}\n<\/style>\n<div  class='av-special-heading av-2c0ctq-94367cf2b749f40a1d2501b0051337e1 av-special-heading-h1 blockquote modern-quote  avia-builder-el-2  el_after_av_hr  el_before_av_post_metadata  av-linked-heading'><h1 class='av-special-heading-tag '  >Gesunde Ern\u00e4hrung (nicht nur) im Kindergarten: So machen Sie Kindern gesundes Essen schmackhaft<\/h1><div class='av-subheading av-subheading_below'><p class=\"autorenname\">Christine Hagemann<\/p>\n<\/div><div class=\"special-heading-border\"><div class=\"special-heading-inner-border\"><\/div><\/div><\/div><br \/>\n\n<style type=\"text\/css\" data-created_by=\"avia_inline_auto\" id=\"style-css-av-k1z0u-b19b572f7aa4b01b6d3f9d840db30c1e\">\n#top .av-post-metadata-container.av-k1z0u-b19b572f7aa4b01b6d3f9d840db30c1e{\nfont-size:12px;\n}\n#top .av-post-metadata-container.av-k1z0u-b19b572f7aa4b01b6d3f9d840db30c1e .av-post-metadata-container-inner{\nfont-size:12px;\n}\n<\/style>\n<div  class='av-post-metadata-container av-k1z0u-b19b572f7aa4b01b6d3f9d840db30c1e av-metadata-container-align-left  avia-builder-el-3  el_after_av_heading  el_before_av_textblock  av-metadata-container-1'><div class='av-post-metadata-container-inner'><span class=\"av-post-metadata-content av-post-metadata-meta-content\"><span class=\"av-post-metadata-content av-post-metadata-modified\"><span class=\"av-metadata-before av-metadata-before-modified\">Aktualisiert:<\/span><span class=\"av-post-metadata-modified-date\" >22. April 2026<\/span><\/span><span class=\"av-post-metadata-content av-post-metadata-separator\">\/<\/span><span class=\"av-post-metadata-content av-post-metadata-modified\"><span class=\"av-metadata-before av-metadata-before-modified\">Zuletzt aktualisiert:<\/span><span class=\"av-post-metadata-modified-date\" >22. April 2026<\/span><\/span><\/span><\/div><\/div><br \/>\n\n<style type=\"text\/css\" data-created_by=\"avia_inline_auto\" id=\"style-css-av-jkuubohz-8fca5ffce642cf8e1fbd093c1d421e49\">\n#top .av_textblock_section.av-jkuubohz-8fca5ffce642cf8e1fbd093c1d421e49 .avia_textblock{\nfont-size:20px;\n}\n<\/style>\n<section  class='av_textblock_section av-jkuubohz-8fca5ffce642cf8e1fbd093c1d421e49 '  ><div class='avia_textblock' ><p>Die Ern\u00e4hrung in der Kindheit stellt die Weichen f\u00fcr eine gesunde Lebensweise. Kindern macht gesunde Ern\u00e4hrung besonders viel Spa\u00df, wenn sie ihr Essen selbst zubereiten.<\/p>\n<\/div><\/section><br \/>\n\n<style type=\"text\/css\" data-created_by=\"avia_inline_auto\" id=\"style-css-av-jkuuo5h6-eccfab735a6465903e225afef77c7a21\">\n.avia-image-container.av-jkuuo5h6-eccfab735a6465903e225afef77c7a21 img.avia_image{\nbox-shadow:none;\n}\n.avia-image-container.av-jkuuo5h6-eccfab735a6465903e225afef77c7a21 .av-image-caption-overlay-center{\ncolor:#ffffff;\n}\n<\/style>\n<div  class='avia-image-container av-jkuuo5h6-eccfab735a6465903e225afef77c7a21 av-styling- avia-align-center  avia-builder-el-5  el_after_av_textblock  el_before_av_hr '  ><div class=\"avia-image-container-inner\"><div class=\"avia-image-overlay-wrap\"><img decoding=\"async\" fetchpriority=\"high\" class='wp-image-4370 avia-img-lazy-loading-not-4370 avia_image ' src=\"https:\/\/www.backwinkel.de\/blog\/wp-content\/uploads\/2020\/03\/backwinkel-blog-gesunde-ernaehrung-heroimage.jpg\" alt='' title='backwinkel-blog-gesunde-ernaehrung-heroimage'  height=\"628\" width=\"1200\" srcset=\"https:\/\/www.backwinkel.de\/blog\/wp-content\/uploads\/2020\/03\/backwinkel-blog-gesunde-ernaehrung-heroimage.jpg 1200w, https:\/\/www.backwinkel.de\/blog\/wp-content\/uploads\/2020\/03\/backwinkel-blog-gesunde-ernaehrung-heroimage-300x157.jpg 300w, https:\/\/www.backwinkel.de\/blog\/wp-content\/uploads\/2020\/03\/backwinkel-blog-gesunde-ernaehrung-heroimage-1030x539.jpg 1030w, https:\/\/www.backwinkel.de\/blog\/wp-content\/uploads\/2020\/03\/backwinkel-blog-gesunde-ernaehrung-heroimage-768x402.jpg 768w, https:\/\/www.backwinkel.de\/blog\/wp-content\/uploads\/2020\/03\/backwinkel-blog-gesunde-ernaehrung-heroimage-705x369.jpg 705w\" sizes=\"(max-width: 1200px) 100vw, 1200px\" \/><\/div><\/div><\/div><br \/>\n\n<style type=\"text\/css\" data-created_by=\"avia_inline_auto\" id=\"style-css-av-jl6mo8rj-68-ed28765a6d9be9a48e633f5749ead1e9\">\n#top .hr.hr-invisible.av-jl6mo8rj-68-ed28765a6d9be9a48e633f5749ead1e9{\nheight:5px;\n}\n<\/style>\n<div  class='hr av-jl6mo8rj-68-ed28765a6d9be9a48e633f5749ead1e9 hr-invisible  avia-builder-el-6  el_after_av_image  el_before_av_textblock '><span class='hr-inner '><span class=\"hr-inner-style\"><\/span><\/span><\/div><br \/>\n\n<style type=\"text\/css\" data-created_by=\"avia_inline_auto\" id=\"style-css-av-jl7ql86y-e80384d8b1750d8be134ad53f89ab6ea\">\n#top .av_textblock_section.av-jl7ql86y-e80384d8b1750d8be134ad53f89ab6ea .avia_textblock{\nfont-size:10px;\n}\n<\/style>\n<section  class='av_textblock_section av-jl7ql86y-e80384d8b1750d8be134ad53f89ab6ea '  ><div class='avia_textblock' ><p class=\"bildnennung-beitrag\" style=\"text-align: left;\">\u00a9 Halfpoint, Adobestock.com<\/p>\n<\/div><\/section><br \/>\n\n<style type=\"text\/css\" data-created_by=\"avia_inline_auto\" id=\"style-css-av-jl6mo8rj-66-309fa70d70134a45db7089d2e5cdaa4a\">\n#top .hr.hr-invisible.av-jl6mo8rj-66-309fa70d70134a45db7089d2e5cdaa4a{\nheight:20px;\n}\n<\/style>\n<div  class='hr av-jl6mo8rj-66-309fa70d70134a45db7089d2e5cdaa4a hr-invisible  avia-builder-el-8  el_after_av_textblock  el_before_av_textblock '><span class='hr-inner '><span class=\"hr-inner-style\"><\/span><\/span><\/div><br \/>\n<section  class='av_textblock_section av-jkuubohz-67-82b4c8a46bd6089a95dd7616f620b288 '  ><div class='avia_textblock' ><p>Das Zuhause sowie der Kindergarten spielen eine Schl\u00fcsselrolle in der Gesundheitsf\u00f6rderung von Kindern. Daher ist Gesundheit als eigener Bildungsbereich in den Richtlinien verankert. Doch wie lernen Kinder, sich gesund zu ern\u00e4hren? Entdecken Sie im Folgenden, wie Sie Ihren Kindern gesunde Lebensmittel schmackhaft machen und ihr <strong>Ern\u00e4hrungsverhalten nachhaltig verbessern<\/strong>. Materialien zum Ausdrucken inklusive.<\/p>\n<\/div><\/section><\/p><\/div>\n<style type=\"text\/css\" data-created_by=\"avia_inline_auto\" id=\"style-css-av-swqf9-6bb490ea0cbb171c9d159bb967226129\">\n.flex_column.av-swqf9-6bb490ea0cbb171c9d159bb967226129{\nborder-radius:0px 0px 0px 0px;\npadding:20px 20px 20px 20px;\nbackground-color:#f2f2f2;\n}\n<\/style>\n<div  class='flex_column av-swqf9-6bb490ea0cbb171c9d159bb967226129 av_three_fifth  avia-builder-el-10  el_after_av_one_full  el_before_av_two_fifth  first flex_column_div  column-top-margin'     ><style type=\"text\/css\" data-created_by=\"avia_inline_auto\" id=\"style-css-av-jkuua5r2-daaff240cdb64ff49178ef768245fa1b\">\n#top .av_textblock_section.av-jkuua5r2-daaff240cdb64ff49178ef768245fa1b .avia_textblock{\nfont-size:14px;\n}\n<\/style>\n<section  class='av_textblock_section av-jkuua5r2-daaff240cdb64ff49178ef768245fa1b '  ><div class='avia_textblock' ><p><strong>Inhalt<\/strong><\/p>\n<p><strong><a href=\"#1\">1. Das bedeutet eine gesunde Ern\u00e4hrung f\u00fcr Kinder<\/a><\/strong><br \/>\n1.1 Vollwertige Ern\u00e4hrung (nicht nur) im Kindergarten<br \/>\n1.2 Die Ern\u00e4hrungspyramide f\u00fcr Kinder<\/p>\n<p><strong><a href=\"#2\">2. Wie vermittle ich Kindern gesunde Ern\u00e4hrung?<\/a><\/strong><br \/>\n2.1 Eigenaktivit\u00e4t f\u00f6rdert das Gesundheitsverst\u00e4ndnis<br \/>\n2.2 Projekte f\u00fcr gesunde Ern\u00e4hrung \u2013 Tipps und Ideen zu Gem\u00fcse &amp; Co.<br \/>\n2.2.1 Wir erforschen die Lebensmittelpyramide<br \/>\n2.2.2 Feinschmecker mit allen Sinnen<br \/>\n2.2.3 Gem\u00fcse w\u00e4chst nicht im Supermarkt<br \/>\n2.2.4 Gemeinsam kochen bringt gute Laune<\/p>\n<p><strong><a href=\"#3\">3. Kooperation mit den Eltern<\/a><\/strong><\/p>\n<\/div><\/section><\/div><\/p>\n\n<style type=\"text\/css\" data-created_by=\"avia_inline_auto\" id=\"style-css-av-2532d-6e1ea05e25305745634c0a02c87dc827\">\n.flex_column.av-2532d-6e1ea05e25305745634c0a02c87dc827{\nborder-radius:0px 0px 0px 0px;\npadding:0 0 0 0;\n}\n<\/style>\n<div  class='flex_column av-2532d-6e1ea05e25305745634c0a02c87dc827 av_two_fifth  avia-builder-el-12  el_after_av_three_fifth  el_before_av_sidebar  flex_column_div av-zero-column-padding  column-top-margin'     ><\/div>\n<div  class='avia-builder-widget-area clearfix  avia-builder-el-13  el_after_av_two_fifth  el_before_av_one_full '><div id=\"text-33\" class=\"widget clearfix widget_text\">\t\t\t<div class=\"textwidget\"><p><a href=\"https:\/\/www.backwinkel.de\/nachhaltig-denken\/\" target=\"\\_blank\" rel=\"noopener\"><br \/>\n<img decoding=\"async\" class=\"werbung-desktop alignnone wp-image-4186 size-full\" src=\"https:\/\/www.backwinkel.de\/blog\/wp-content\/uploads\/2026\/04\/Backwinkel-blog-werbebanner-shop-kita-schule_desktop.jpg\" alt=\"\" width=\"1251\" height=\"201\" \/><br \/>\n<\/a><br \/>\n<a href=\"https:\/\/www.backwinkel.de\/nachhaltig-denken\/\" target=\"\\_blank\" rel=\"noopener\"><br \/>\n<img decoding=\"async\" class=\"werbung-mobile alignnone wp-image-4187 size-full\" src=\"https:\/\/www.backwinkel.de\/blog\/wp-content\/uploads\/2026\/04\/Backwinkel-blog-werbebanner-shop-kiga-schule_mobile.jpg\" alt=\"\" width=\"550\" height=\"500\" \/><br \/>\n<\/a><\/p>\n<\/div>\n\t\t<\/div><\/div>\n\n<style type=\"text\/css\" data-created_by=\"avia_inline_auto\" id=\"style-css-av-hh5al-9c53459d093ff912fcc98cf97e19d753\">\n.flex_column.av-hh5al-9c53459d093ff912fcc98cf97e19d753{\nborder-radius:0px 0px 0px 0px;\npadding:0px 0px 0px 0px;\n}\n<\/style>\n<div  class='flex_column av-hh5al-9c53459d093ff912fcc98cf97e19d753 av_one_full  avia-builder-el-14  el_after_av_sidebar  el_before_av_one_full  first flex_column_div av-zero-column-padding  '     ><section  class='av_textblock_section av-jkuul0eg-47aa45f9d704d9c8972e1ddf4c471077 '  ><div class='avia_textblock' >\n<style type=\"text\/css\" data-created_by=\"avia_inline_auto\" id=\"style-css-av-7c7r8-1ad3209b7b9ea9c60cc97e362d76ea5e\">\n#top .hr.hr-invisible.av-7c7r8-1ad3209b7b9ea9c60cc97e362d76ea5e{\nheight:20px;\n}\n<\/style>\n<div  class='hr av-7c7r8-1ad3209b7b9ea9c60cc97e362d76ea5e hr-invisible  avia-builder-el-16  avia-builder-el-no-sibling '><span class='hr-inner '><span class=\"hr-inner-style\"><\/span><\/span><\/div>\n<h2 id=\"1\" class=\"position\">Das bedeutet eine gesunde Ern\u00e4hrung f\u00fcr Kinder<\/h2>\n<p>Es steht wahrlich nicht zum Besten um das Ern\u00e4hrungsverhalten unserer Kinder. Das belegt die <strong>Studie zur Gesundheit von Kindern und Jugendlichen in Deutschland<\/strong> (KiGGS), durchgef\u00fchrt vom Robert Koch-Institut. Bereits bei Kindern f\u00fchrt Bewegungsmangel zu \u00dcbergewicht, und das erh\u00f6ht das Risiko, an Diabetes Typ 2 zu erkranken.<\/p>\n<p>Gerade energiedichte Nahrungsmittel wie S\u00fc\u00dfigkeiten und Snacks essen Kinder zu oft. Auch der Verzehr von Lebensmitteln, die insbesondere Kinder ansprechen und potenziell ungesund sind, gilt als <strong>Risikofaktor f\u00fcr \u00dcbergewicht<\/strong>, ebenso der hohe Konsum <strong>ges\u00fc\u00dfter Getr\u00e4nke<\/strong> und der geringe Verzehr von Obst und Gem\u00fcse.<\/p>\n<\/div><\/section><\/div>\n\n<style type=\"text\/css\" data-created_by=\"avia_inline_auto\" id=\"style-css-av-hh5al-65-aabbdffa515da0956514c108a342a798\">\n.flex_column.av-hh5al-65-aabbdffa515da0956514c108a342a798{\nborder-radius:0px 0px 0px 0px;\npadding:0px 0px 0px 0px;\n}\n<\/style>\n<div  class='flex_column av-hh5al-65-aabbdffa515da0956514c108a342a798 av_one_full  avia-builder-el-17  el_after_av_one_full  el_before_av_one_full  first flex_column_div av-zero-column-padding  column-top-margin'     ><style type=\"text\/css\" data-created_by=\"avia_inline_auto\" id=\"style-css-av-jqz83eqo-f253f701a8e55fa58e88113f09661bf3\">\n.av_promobox.av-jqz83eqo-f253f701a8e55fa58e88113f09661bf3{\ncolor:#575757;\nbackground:#ffffff;\nborder-color:#575757;\n}\n<\/style>\n<div  class='av_promobox av-jqz83eqo-f253f701a8e55fa58e88113f09661bf3 avia-button-no  avia-builder-el-18  avia-builder-el-no-sibling '><div class='avia-promocontent'><p>\n<strong>Das Ern\u00e4hrungsverhalten von Kindern in Zahlen: <\/strong><\/p>\n<p>Aktuelle Ergebnisse der KiGGS Langzeitstudie zeigen, dass von den 3- bis 17-j\u00e4hrigen Kindern und Jugendlichen in Deutschland <strong>15,4 % \u00fcbergewichtig<\/strong> sind, fast 6 % sind adip\u00f6s.<br \/>\nJ\u00fcngere Kinder und M\u00e4dchen ern\u00e4hren sich ges\u00fcnder als \u00e4ltere Kinder und Jungen. Von den<strong> 3- bis 10-J\u00e4hrigen <\/strong>nehmen insgesamt<strong> nur 14 % die empfohlenen 5 Portionen Gem\u00fcse und Obst pro Tag<\/strong> zu sich. Das ist zwar h\u00e4ufiger als vor 10 Jahren, aber immer noch viel zu wenig. Der statistische Anstieg k\u00f6nnte auch daher r\u00fchren, dass in dieser Altersgruppe die Eltern Auskunft geben und das Ern\u00e4hrungsbewusstsein gewachsen ist. Der Anteil \u00fcbergewichtiger Kinder ist gleich geblieben.<\/p>\n<p class=\"bildnennung-beitrag\" style=\"text-align: left;\">Quelle: KiGGS-Studie, Welle 2, 2014 \u2013 2017. <a href=\"https:\/\/www.rki.de\/DE\/Themen\/Nichtuebertragbare-Krankheiten\/Studien-und-Surveillance\/Studien\/KiGGS\/kiggs_start_inhalt.html?nn=16780210\" target=\"_blank\" rel=\"noopener\">https:\/\/www.rki.de\/DE\/Themen\/Nichtuebertragbare-Krankheiten\/Studien-und-Surveillance\/Studien\/KiGGS\/kiggs_start_inhalt.html?nn=16780210<\/a><\/p>\n<p>\n<\/div><\/div><\/div>\n\n<style type=\"text\/css\" data-created_by=\"avia_inline_auto\" id=\"style-css-av-hh5al-62-f631564749645a5273da9aff24b2ec05\">\n.flex_column.av-hh5al-62-f631564749645a5273da9aff24b2ec05{\nborder-radius:0px 0px 0px 0px;\npadding:0px 0px 0px 0px;\n}\n<\/style>\n<div  class='flex_column av-hh5al-62-f631564749645a5273da9aff24b2ec05 av_one_full  avia-builder-el-19  el_after_av_one_full  el_before_av_one_full  first flex_column_div av-zero-column-padding  column-top-margin'     ><section  class='av_textblock_section av-jkuul0eg-64-66b96a0e111b5fa012382de785c765df '  ><div class='avia_textblock' >\n<style type=\"text\/css\" data-created_by=\"avia_inline_auto\" id=\"style-css-av-7c7r8-63-edff77711fe8e298cb4e4150610afb99\">\n#top .hr.hr-invisible.av-7c7r8-63-edff77711fe8e298cb4e4150610afb99{\nheight:20px;\n}\n<\/style>\n<div  class='hr av-7c7r8-63-edff77711fe8e298cb4e4150610afb99 hr-invisible  avia-builder-el-21  el_before_av_button  avia-builder-el-first '><span class='hr-inner '><span class=\"hr-inner-style\"><\/span><\/span><\/div>\n<h3>Vollwertige Ern\u00e4hrung (nicht nur) im Kindergarten<\/h3>\n<p>Eine gesunde Ern\u00e4hrung ist ausgewogen und abwechslungsreich. Kinder befinden sich im <strong>k\u00f6rperlichen Wachstum<\/strong> und werden t\u00e4glich <strong>auch geistig stark gefordert<\/strong>. Deshalb ben\u00f6tigen sie ein breites Lebensmittelangebot, denn kein Lebensmittel enth\u00e4lt alle notwendigen N\u00e4hrstoffe. Eine ausgewogene Kost kann <strong>einer einseitigen Ern\u00e4hrungsweise vorbeugen. <\/strong><\/p>\n<p>Ein abwechslungsreiches Lebensmittelangebot ist auch deshalb wichtig, damit Kinder die gro\u00dfe <strong>Geschmacksvielfalt <\/strong>kennenlernen. Denn <strong>die Essgewohnheiten der ersten Lebensjahre<\/strong> haben erheblichen Einfluss auf das Ern\u00e4hrungsverhalten im Erwachsenenalter!<\/p>\n<p><strong>Die 7 gr\u00f6\u00dften Vorteile einer vollwertigen Ern\u00e4hrung f\u00fcr Kinder: <\/strong><\/p>\n<p>Gesunde, abwechslungsreiche Kost<\/p>\n<ul>\n<li>sichert die k\u00f6rperliche und geistige Entwicklung<\/li>\n<li>f\u00f6rdert Konzentrations- und Leistungsf\u00e4higkeit<\/li>\n<li>st\u00e4rkt die Immunabwehr<\/li>\n<li>sch\u00fctzt vor Mangelerscheinungen<\/li>\n<li>beugt Diabetes und Herz-Kreislauf-Erkrankungen vor<\/li>\n<li>sorgt f\u00fcr Fitness und Wohlbefinden<\/li>\n<li>pr\u00e4gt nachhaltig das Ern\u00e4hrungsverhalten<\/li>\n<\/ul>\n<p><strong>Die Deutsche Gesellschaft f\u00fcr Ern\u00e4hrung<\/strong> setzt Qualit\u00e4tsstandards f\u00fcr die Verpflegung in Kitas. Sehen Sie hier, wie eine optimale Mittagsmahlzeit in der Kita die Referenzwerte umsetzt.<\/p>\n<p><a href=\"https:\/\/blog.backwinkel.de\/wp-content\/uploads\/2020\/03\/backwinkel-blog-gesunde-ernaehrung-in-der-kita-naehrstofftabelle.jpg\"><img decoding=\"async\" class=\"alignnone wp-image-4400\" src=\"https:\/\/blog.backwinkel.de\/wp-content\/uploads\/2020\/03\/backwinkel-blog-gesunde-ernaehrung-in-der-kita-naehrstofftabelle.jpg\" alt=\"backwinkel-blog-gesunde-ernaehrung-in-der-kita-naehrstofftabelle\" width=\"364\" height=\"515\" srcset=\"https:\/\/www.backwinkel.de\/blog\/wp-content\/uploads\/2020\/03\/backwinkel-blog-gesunde-ernaehrung-in-der-kita-naehrstofftabelle.jpg 595w, https:\/\/www.backwinkel.de\/blog\/wp-content\/uploads\/2020\/03\/backwinkel-blog-gesunde-ernaehrung-in-der-kita-naehrstofftabelle-212x300.jpg 212w, https:\/\/www.backwinkel.de\/blog\/wp-content\/uploads\/2020\/03\/backwinkel-blog-gesunde-ernaehrung-in-der-kita-naehrstofftabelle-498x705.jpg 498w\" sizes=\"(max-width: 364px) 100vw, 364px\" \/><\/a><\/p>\n<p><div  class='avia-button-wrap av-4tu8ku-b07c6429734291c791939d26a5841b07-wrap avia-button-left  avia-builder-el-22  el_after_av_hr  el_before_av_hr '><a href='https:\/\/www.backwinkel.de\/downloads\/backwinkel-blog-gesunde-ernaehrung-in-der-kita-naehrstofftabelle.pdf'  class='avia-button av-4tu8ku-b07c6429734291c791939d26a5841b07 av-link-btn avia-icon_select-no avia-size-medium avia-position-left avia-color-theme-color'   aria-label=\"N\u00e4hrstofftabelle \u2013 Download\"><span class='avia_iconbox_title' >N\u00e4hrstofftabelle \u2013 Download<\/span><\/a><\/div><br \/>\n\n<style type=\"text\/css\" data-created_by=\"avia_inline_auto\" id=\"style-css-av-2md31a-b72a621e73672e7dcbd3cb3177614ced\">\n#top .hr.hr-invisible.av-2md31a-b72a621e73672e7dcbd3cb3177614ced{\nheight:50px;\n}\n<\/style>\n<div  class='hr av-2md31a-b72a621e73672e7dcbd3cb3177614ced hr-invisible  avia-builder-el-23  el_after_av_button  el_before_av_hr '><span class='hr-inner '><span class=\"hr-inner-style\"><\/span><\/span><\/div><\/p>\n<h3>Die Ern\u00e4hrungspyramide f\u00fcr Kinder<\/h3>\n<p>Die Ern\u00e4hrungsempfehlungen f\u00fcr Kinder ab 5 Jahren sehen nicht sonderlich anders aus als die f\u00fcr Erwachsene. Die Ern\u00e4hrungspyramide zeigt, <strong>wie ausgewogenes Essen am Tag aussieht<\/strong>. Das \u00fcbersichtliche Modell hilft, Mengen und Verh\u00e4ltnisse der verschiedenen Lebensmittel zu erkennen.<\/p>\n<p><a href=\"https:\/\/blog.backwinkel.de\/wp-content\/uploads\/2020\/03\/backwinkel-blog-kiga-gesunde-ernaehrung-lebenmsmittelpyramide-illustriert.png\"><img decoding=\"async\" class=\"alignnone wp-image-4410\" src=\"https:\/\/blog.backwinkel.de\/wp-content\/uploads\/2020\/03\/backwinkel-blog-kiga-gesunde-ernaehrung-lebenmsmittelpyramide-illustriert.png\" alt=\"\" width=\"500\" height=\"500\" srcset=\"https:\/\/www.backwinkel.de\/blog\/wp-content\/uploads\/2020\/03\/backwinkel-blog-kiga-gesunde-ernaehrung-lebenmsmittelpyramide-illustriert.png 1200w, https:\/\/www.backwinkel.de\/blog\/wp-content\/uploads\/2020\/03\/backwinkel-blog-kiga-gesunde-ernaehrung-lebenmsmittelpyramide-illustriert-300x300.png 300w, https:\/\/www.backwinkel.de\/blog\/wp-content\/uploads\/2020\/03\/backwinkel-blog-kiga-gesunde-ernaehrung-lebenmsmittelpyramide-illustriert-1030x1030.png 1030w, https:\/\/www.backwinkel.de\/blog\/wp-content\/uploads\/2020\/03\/backwinkel-blog-kiga-gesunde-ernaehrung-lebenmsmittelpyramide-illustriert-768x768.png 768w, https:\/\/www.backwinkel.de\/blog\/wp-content\/uploads\/2020\/03\/backwinkel-blog-kiga-gesunde-ernaehrung-lebenmsmittelpyramide-illustriert-36x36.png 36w, https:\/\/www.backwinkel.de\/blog\/wp-content\/uploads\/2020\/03\/backwinkel-blog-kiga-gesunde-ernaehrung-lebenmsmittelpyramide-illustriert-180x180.png 180w, https:\/\/www.backwinkel.de\/blog\/wp-content\/uploads\/2020\/03\/backwinkel-blog-kiga-gesunde-ernaehrung-lebenmsmittelpyramide-illustriert-705x705.png 705w\" sizes=\"(max-width: 500px) 100vw, 500px\" \/><\/a><\/p>\n<p class=\"bildnennung-beitrag\" style=\"text-align: left;\">\u00a9 Albachiaraa, Adobestock.com<\/p>\n\n<style type=\"text\/css\" data-created_by=\"avia_inline_auto\" id=\"style-css-av-2md31a-58-9be755dc46462e1b50361618dc3cd11f\">\n#top .hr.hr-invisible.av-2md31a-58-9be755dc46462e1b50361618dc3cd11f{\nheight:20px;\n}\n<\/style>\n<div  class='hr av-2md31a-58-9be755dc46462e1b50361618dc3cd11f hr-invisible  avia-builder-el-24  el_after_av_hr  avia-builder-el-last '><span class='hr-inner '><span class=\"hr-inner-style\"><\/span><\/span><\/div>\n<ul>\n<li>Da <strong>Fl\u00fcssigkeit<\/strong> gut f\u00fcr den Stoffwechsel ist, bildet sie <strong>die Basis einer gesunden Ern\u00e4hrung<\/strong>. Ein Kind sollte etwa 800 ml am Tag trinken, vorwiegend Wasser.<\/li>\n<li>F\u00fcr <strong>Gem\u00fcse &amp; Obst<\/strong> gilt: <strong>Nimm 5 am Tag.<\/strong> Jeder sollte 5 Portionen davon \u00fcber den Tag verteilt verzehren. Ein gutes Ma\u00df f\u00fcr eine Portion ist die eigene Hand. So wachsen die Portionen mit \u2013 entsprechend dem Alter und dem N\u00e4hrstoffbedarf.<\/li>\n<li><strong>Vollkornprodukte<\/strong> enthalten Ballaststoffe und liefern deutlich mehr N\u00e4hrstoffe als Wei\u00dfmehlprodukte. Somit geh\u00f6ren auch Vollkornprodukte zur gesunden Ern\u00e4hrung. Wichtige Ballaststoffquellen sind au\u00dferdem Kartoffeln, Gem\u00fcse, H\u00fclsenfr\u00fcchte und Obst.<\/li>\n<\/ul>\n<\/div><\/section><\/div>\n\n<style type=\"text\/css\" data-created_by=\"avia_inline_auto\" id=\"style-css-av-hh5al-61-db85da26e8e88bf05966f916ce01f364\">\n.flex_column.av-hh5al-61-db85da26e8e88bf05966f916ce01f364{\nborder-radius:0px 0px 0px 0px;\npadding:0px 0px 0px 0px;\n}\n<\/style>\n<div  class='flex_column av-hh5al-61-db85da26e8e88bf05966f916ce01f364 av_one_full  avia-builder-el-25  el_after_av_one_full  el_before_av_hr  first flex_column_div av-zero-column-padding  column-top-margin'     ><section  class='av_textblock_section av-jkuul0eg-60-2f6163432298fe50b40ef7a727a7a927 '  ><div class='avia_textblock' >\n<style type=\"text\/css\" data-created_by=\"avia_inline_auto\" id=\"style-css-av-7c7r8-59-033cfd8739720060f0f43ceb2b0b0413\">\n#top .hr.hr-invisible.av-7c7r8-59-033cfd8739720060f0f43ceb2b0b0413{\nheight:20px;\n}\n<\/style>\n<div  class='hr av-7c7r8-59-033cfd8739720060f0f43ceb2b0b0413 hr-invisible  avia-builder-el-27  avia-builder-el-no-sibling '><span class='hr-inner '><span class=\"hr-inner-style\"><\/span><\/span><\/div>\n<h2 id=\"2\" class=\"position\">Wie vermittle ich Kindern gesunde Ern\u00e4hrung?<\/h2>\n<p>Ziel der Ern\u00e4hrungsbildung ist es, Kinder m\u00f6glichst fr\u00fch an eine gesunde Lebensweise heranzuf\u00fchren. Dazu geh\u00f6rt auch, <strong>Freude und Genuss am Essen<\/strong> zu f\u00f6rdern. F\u00fcr die Kinder steht dabei nicht so sehr <strong>gesund<\/strong>, sondern vielmehr <strong>lecker<\/strong> im Vordergrund.<\/p>\n<\/div><\/section><\/div>\n\n<style type=\"text\/css\" data-created_by=\"avia_inline_auto\" id=\"style-css-av-jkuvdh82-6f5ff76b8c0ced8267a9d8b63d15dfe2\">\n#top .hr.hr-invisible.av-jkuvdh82-6f5ff76b8c0ced8267a9d8b63d15dfe2{\nheight:40px;\n}\n<\/style>\n<div  class='hr av-jkuvdh82-6f5ff76b8c0ced8267a9d8b63d15dfe2 hr-invisible  avia-builder-el-28  el_after_av_one_full  el_before_av_one_fourth '><span class='hr-inner '><span class=\"hr-inner-style\"><\/span><\/span><\/div>\n<div class='flex_column_table av-jxcy3x4s-9a2372441e283b330e6fd166fe9006b4 sc-av_one_fourth av-equal-height-column-flextable'>\n<style type=\"text\/css\" data-created_by=\"avia_inline_auto\" id=\"style-css-av-jxcy3x4s-9a2372441e283b330e6fd166fe9006b4\">\n.flex_column.av-jxcy3x4s-9a2372441e283b330e6fd166fe9006b4{\nborder-width:1px;\nborder-color:#ebebeb;\nborder-style:solid;\nborder-radius:0px 0px 0px 0px;\npadding:10px 10px 10px 10px;\nbackground-color:#eff6ff;\n}\n<\/style>\n<div  class='flex_column av-jxcy3x4s-9a2372441e283b330e6fd166fe9006b4 av_one_fourth  avia-builder-el-29  el_after_av_hr  el_before_av_one_fourth  first no_margin flex_column_table_cell av-equal-height-column av-align-top  '     ><p><section  class='av_textblock_section av-jxcz48fa-e3a8c428ebf631dbb5e2b3914e95c36c '  ><div class='avia_textblock' ><p><img decoding=\"async\" class=\"wp-image-4437 size-full aligncenter\" src=\"https:\/\/blog.backwinkel.de\/wp-content\/uploads\/2020\/04\/backwinkel-blog-kita-speiseplan.jpg\" alt=\"\" width=\"300\" height=\"220\" \/><\/p>\n<p style=\"font-size: 20px; font-family: urw_grotesk_extra_narrowrg;\">Mahlzeit! Kita-Speiseplan in Bildern<\/p>\n<div  class='avia-button-wrap av-8ssthn-cb64bf4fd1c201d9da6f67a254ca5d66-wrap avia-button-center  avia-builder-el-31  avia-builder-el-no-sibling '><a href='https:\/\/www.backwinkel.de\/prod\/mahlzeit-der-kita-speiseplan-in-bildern.html'  class='avia-button av-8ssthn-cb64bf4fd1c201d9da6f67a254ca5d66 av-link-btn avia-icon_select-no avia-size-medium avia-position-center avia-color-theme-color'  target=\"_blank\"  rel=\"noopener noreferrer\"  aria-label=\"zum Produkt\"><span class='avia_iconbox_title' >zum Produkt<\/span><\/a><\/div>\n<\/div><\/section><br \/>\n\n<style type=\"text\/css\" data-created_by=\"avia_inline_auto\" id=\"style-css-av-jkuvdh82-54-4b38d3686af16c8ca91f71185f807779\">\n#top .hr.hr-invisible.av-jkuvdh82-54-4b38d3686af16c8ca91f71185f807779{\nheight:20px;\n}\n<\/style>\n<div  class='hr av-jkuvdh82-54-4b38d3686af16c8ca91f71185f807779 hr-invisible  avia-builder-el-32  el_after_av_textblock  avia-builder-el-last '><span class='hr-inner '><span class=\"hr-inner-style\"><\/span><\/span><\/div><\/p><\/div>\n\n<style type=\"text\/css\" data-created_by=\"avia_inline_auto\" id=\"style-css-av-jxcy3x4s-53-2b0fa54e580b81c26288e2c8ea9cfa51\">\n.flex_column.av-jxcy3x4s-53-2b0fa54e580b81c26288e2c8ea9cfa51{\nborder-width:1px;\nborder-color:#ebebeb;\nborder-style:solid;\nborder-radius:0px 0px 0px 0px;\npadding:10px 10px 10px 10px;\nbackground-color:#eff6ff;\n}\n<\/style>\n<div  class='flex_column av-jxcy3x4s-53-2b0fa54e580b81c26288e2c8ea9cfa51 av_one_fourth  avia-builder-el-33  el_after_av_one_fourth  el_before_av_one_fourth  no_margin flex_column_table_cell av-equal-height-column av-align-top  '     ><p><section  class='av_textblock_section av-jxcz48fa-52-8a8b9ddf1a52a5d6f256f49c9c4e6b90 '  ><div class='avia_textblock' ><p><img decoding=\"async\" class=\"alignnone wp-image-17999\" src=\"https:\/\/blog.backwinkel.de\/wp-content\/uploads\/2020\/04\/41262_ernaehrungsteller-erzi_01.jpg\" alt=\"\" width=\"330\" height=\"330\" srcset=\"https:\/\/www.backwinkel.de\/blog\/wp-content\/uploads\/2020\/04\/41262_ernaehrungsteller-erzi_01.jpg 700w, https:\/\/www.backwinkel.de\/blog\/wp-content\/uploads\/2020\/04\/41262_ernaehrungsteller-erzi_01-36x36.jpg 36w, https:\/\/www.backwinkel.de\/blog\/wp-content\/uploads\/2020\/04\/41262_ernaehrungsteller-erzi_01-180x180.jpg 180w\" sizes=\"(max-width: 330px) 100vw, 330px\" \/><\/p>\n<p style=\"font-size: 20px; font-family: urw_grotesk_extra_narrowrg;\">Ern\u00e4hrungsteller, 53-teilig<\/p>\n<div  class='avia-button-wrap av-8ssthn-51-2efc0f7028977a8da7dad19e27909491-wrap avia-button-center  avia-builder-el-35  avia-builder-el-no-sibling '><a href='https:\/\/www.backwinkel.de\/prod\/ernaehrungsteller.html'  class='avia-button av-8ssthn-51-2efc0f7028977a8da7dad19e27909491 av-link-btn avia-icon_select-no avia-size-medium avia-position-center avia-color-theme-color'  target=\"_blank\"  rel=\"noopener noreferrer\"  aria-label=\"zum Produkt\"><span class='avia_iconbox_title' >zum Produkt<\/span><\/a><\/div>\n<\/div><\/section><br \/>\n\n<style type=\"text\/css\" data-created_by=\"avia_inline_auto\" id=\"style-css-av-jkuvdh82-50-888e29892b5a22ac5dc73443331ccdb7\">\n#top .hr.hr-invisible.av-jkuvdh82-50-888e29892b5a22ac5dc73443331ccdb7{\nheight:20px;\n}\n<\/style>\n<div  class='hr av-jkuvdh82-50-888e29892b5a22ac5dc73443331ccdb7 hr-invisible  avia-builder-el-36  el_after_av_textblock  avia-builder-el-last '><span class='hr-inner '><span class=\"hr-inner-style\"><\/span><\/span><\/div><\/p><\/div>\n\n<style type=\"text\/css\" data-created_by=\"avia_inline_auto\" id=\"style-css-av-jxcy3x4s-49-c14afc3742f1cc200d1f99fc4f852034\">\n.flex_column.av-jxcy3x4s-49-c14afc3742f1cc200d1f99fc4f852034{\nborder-width:1px;\nborder-color:#ebebeb;\nborder-style:solid;\nborder-radius:0px 0px 0px 0px;\npadding:10px 10px 10px 10px;\nbackground-color:#eff6ff;\n}\n<\/style>\n<div  class='flex_column av-jxcy3x4s-49-c14afc3742f1cc200d1f99fc4f852034 av_one_fourth  avia-builder-el-37  el_after_av_one_fourth  el_before_av_one_fourth  no_margin flex_column_table_cell av-equal-height-column av-align-top  '     ><p><section  class='av_textblock_section av-jxcz48fa-48-4a43e0fdf44bbcbd26485a4e02e0aca2 '  ><div class='avia_textblock' ><p><img decoding=\"async\" class=\"alignnone wp-image-18005\" src=\"https:\/\/blog.backwinkel.de\/wp-content\/uploads\/2020\/04\/76096_obst-und-gemuese-memo-holz-2.jpg\" alt=\"\" width=\"423\" height=\"423\" srcset=\"https:\/\/www.backwinkel.de\/blog\/wp-content\/uploads\/2020\/04\/76096_obst-und-gemuese-memo-holz-2.jpg 700w, https:\/\/www.backwinkel.de\/blog\/wp-content\/uploads\/2020\/04\/76096_obst-und-gemuese-memo-holz-2-36x36.jpg 36w, https:\/\/www.backwinkel.de\/blog\/wp-content\/uploads\/2020\/04\/76096_obst-und-gemuese-memo-holz-2-180x180.jpg 180w\" sizes=\"(max-width: 423px) 100vw, 423px\" \/><\/p>\n<p style=\"font-size: 20px; font-family: urw_grotesk_extra_narrowrg;\">Obst- und Gem\u00fcse-Memo<\/p>\n<div  class='avia-button-wrap av-8ssthn-47-fb91570eb4770cb02c1b5e6eb1d00609-wrap avia-button-center  avia-builder-el-39  avia-builder-el-no-sibling '><a href='https:\/\/www.backwinkel.de\/prod\/obst-und-gemuese-memo.html'  class='avia-button av-8ssthn-47-fb91570eb4770cb02c1b5e6eb1d00609 av-link-btn avia-icon_select-no avia-size-medium avia-position-center avia-color-theme-color'  target=\"_blank\"  rel=\"noopener noreferrer\"  aria-label=\"zum Produkt\"><span class='avia_iconbox_title' >zum Produkt<\/span><\/a><\/div>\n<\/div><\/section><br \/>\n\n<style type=\"text\/css\" data-created_by=\"avia_inline_auto\" id=\"style-css-av-jkuvdh82-46-0012a85aba3dad8675e5cf54b3f60dc7\">\n#top .hr.hr-invisible.av-jkuvdh82-46-0012a85aba3dad8675e5cf54b3f60dc7{\nheight:20px;\n}\n<\/style>\n<div  class='hr av-jkuvdh82-46-0012a85aba3dad8675e5cf54b3f60dc7 hr-invisible  avia-builder-el-40  el_after_av_textblock  avia-builder-el-last '><span class='hr-inner '><span class=\"hr-inner-style\"><\/span><\/span><\/div><\/p><\/div>\n\n<style type=\"text\/css\" data-created_by=\"avia_inline_auto\" id=\"style-css-av-jxcy3x4s-45-77228ee82247880616a1880f28e834eb\">\n.flex_column.av-jxcy3x4s-45-77228ee82247880616a1880f28e834eb{\nborder-width:1px;\nborder-color:#ebebeb;\nborder-style:solid;\nborder-radius:0px 0px 0px 0px;\npadding:10px 10px 10px 10px;\nbackground-color:#eff6ff;\n}\n<\/style>\n<div  class='flex_column av-jxcy3x4s-45-77228ee82247880616a1880f28e834eb av_one_fourth  avia-builder-el-41  el_after_av_one_fourth  el_before_av_hr  no_margin flex_column_table_cell av-equal-height-column av-align-top  '     ><p><section  class='av_textblock_section av-jxcz48fa-44-830d9839d18521cca11e5512198e2d9c '  ><div class='avia_textblock' ><p><img decoding=\"async\" class=\"wp-image-4441 size-full aligncenter\" src=\"https:\/\/blog.backwinkel.de\/wp-content\/uploads\/2020\/04\/backwinkel-blog-kita-100-nahrungsmittel.jpg\" alt=\"\" width=\"300\" height=\"220\" \/><\/p>\n<p style=\"font-size: 20px; font-family: urw_grotesk_extra_narrowrg;\">100 Nahrungsmittel<\/p>\n<div  class='avia-button-wrap av-8ssthn-43-ea3c10390da468ac3873acae6d360675-wrap avia-button-center  avia-builder-el-43  avia-builder-el-no-sibling '><a href='https:\/\/www.backwinkel.de\/prod\/100-nahrungsmittel.html'  class='avia-button av-8ssthn-43-ea3c10390da468ac3873acae6d360675 av-link-btn avia-icon_select-no avia-size-medium avia-position-center avia-color-theme-color'  target=\"_blank\"  rel=\"noopener noreferrer\"  aria-label=\"zum Produkt\"><span class='avia_iconbox_title' >zum Produkt<\/span><\/a><\/div>\n<\/div><\/section><br \/>\n\n<style type=\"text\/css\" data-created_by=\"avia_inline_auto\" id=\"style-css-av-jkuvdh82-42-ab7c98b0dcc32a6f789b42a0cd4eaccc\">\n#top .hr.hr-invisible.av-jkuvdh82-42-ab7c98b0dcc32a6f789b42a0cd4eaccc{\nheight:20px;\n}\n<\/style>\n<div  class='hr av-jkuvdh82-42-ab7c98b0dcc32a6f789b42a0cd4eaccc hr-invisible  avia-builder-el-44  el_after_av_textblock  avia-builder-el-last '><span class='hr-inner '><span class=\"hr-inner-style\"><\/span><\/span><\/div><\/p><\/div><\/div><!--close column table wrapper. Autoclose: 1 -->\n\n<style type=\"text\/css\" data-created_by=\"avia_inline_auto\" id=\"style-css-av-jkuvdh82-38-58b1c0fcf32f42bfdebac9e75cdd1ebf\">\n#top .hr.hr-invisible.av-jkuvdh82-38-58b1c0fcf32f42bfdebac9e75cdd1ebf{\nheight:60px;\n}\n<\/style>\n<div  class='hr av-jkuvdh82-38-58b1c0fcf32f42bfdebac9e75cdd1ebf hr-invisible  avia-builder-el-45  el_after_av_one_fourth  el_before_av_one_full '><span class='hr-inner '><span class=\"hr-inner-style\"><\/span><\/span><\/div>\n\n<style type=\"text\/css\" data-created_by=\"avia_inline_auto\" id=\"style-css-av-hh5al-57-927d70df44d4956ac2e4d90a6af309e7\">\n.flex_column.av-hh5al-57-927d70df44d4956ac2e4d90a6af309e7{\nborder-radius:0px 0px 0px 0px;\npadding:0px 0px 0px 0px;\n}\n<\/style>\n<div  class='flex_column av-hh5al-57-927d70df44d4956ac2e4d90a6af309e7 av_one_full  avia-builder-el-46  el_after_av_hr  el_before_av_one_full  first flex_column_div av-zero-column-padding  '     ><section  class='av_textblock_section av-jkuul0eg-56-50aa3b00374c3b97f99955ed199ff640 '  ><div class='avia_textblock' ><h3>Eigenaktivit\u00e4t f\u00f6rdert das Gesundheitsverst\u00e4ndnis<\/h3>\n<p>Die Kita ist der ideale Ort, um sowohl die <strong>Eigenaktivit\u00e4t<\/strong> der Kinder als auch die Vermittlung von <strong>Gesundheitswissen<\/strong> umzusetzen. Vor allem durch das eigene Tun erweitern Kinder ihre Sach- und Handlungskompetenz nachhaltig. Das beginnt mit der <strong>gemeinsamen Gestaltung des Speiseplans<\/strong>. Auch beim Zubereiten der Mahlzeiten k\u00f6nnen Sie die Kinder beteiligen.<\/p>\n<p><strong>Ein ausgewogenes Speisenangebot<\/strong> in der Kita ist der Grundstein, um Kinder f\u00fcr gesunde Ern\u00e4hrung zu sensibilisieren. Die besten Chancen bieten Projekte, bei denen <strong>die Kinder selbst aktiv werden<\/strong> \u2013 ob gemeinsam kochen, selbst g\u00e4rtnern oder Lebensmittel mit allen Sinnen erkunden.<\/p>\n<h3>Projekte f\u00fcr gesunde Ern\u00e4hrung \u2013 Tipps und Ideen zu Gem\u00fcse &amp; Co.<\/h3>\n<p>Damit Ern\u00e4hrungsbildung Spa\u00df macht, sollten Wissensvermittlung und praktisches Tun immer Hand in Hand gehen. Die folgenden Projekte lassen sich einzeln oder kombiniert durchf\u00fchren. Der H\u00f6hepunkt ist immer der gemeinsame Genuss einer selbst zubereiteten Mahlzeit.<\/p>\n<h4>Wir erforschen die Lebensmittelpyramide<\/h4>\n<p>Zur Vorbereitung sind Bildkarten und Prospekte mit <strong>Abbildungen verschiedenster Lebensmittel <\/strong>hilfreich. Wer solche Prospekte zu Hause hat, darf sie nat\u00fcrlich mitbringen. Zun\u00e4chst besprechen Sie die Bilder. Die Kinder <strong>benennen die Lebensmittel<\/strong>, soweit sie diese kennen, und ordnen sie zu: Was geh\u00f6rt zu Obst oder Gem\u00fcse? Was zu den Backwaren, Getr\u00e4nken, S\u00fc\u00dfwaren? Wohin geh\u00f6ren Milch, Butter, Wurst oder K\u00e4se?<\/p>\n<p>Sprechen Sie mit den Kindern \u00fcber die <strong>Inhaltsstoffe der Nahrungsmittel<\/strong> und erkl\u00e4ren Sie, warum unser K\u00f6rper all diese Stoffe braucht. Demonstrieren Sie anhand der <strong>Lebensmittelpyramide<\/strong>, welche Nahrung und wie viel davon jeder Mensch am Tag zu sich nehmen sollte.<\/p>\n<\/div><\/section><\/div>\n\n<style type=\"text\/css\" data-created_by=\"avia_inline_auto\" id=\"style-css-av-jlnt0i5o-9e8f91020b864531f76c8938a0322d86\">\n.flex_column.av-jlnt0i5o-9e8f91020b864531f76c8938a0322d86{\nborder-radius:0px 0px 0px 0px;\npadding:10px 10px 10px 10px;\nbackground-color:#e0f1b4;\n}\n<\/style>\n<div  class='flex_column av-jlnt0i5o-9e8f91020b864531f76c8938a0322d86 av_one_full  avia-builder-el-48  el_after_av_one_full  el_before_av_one_full  first flex_column_div  column-top-margin'     ><style type=\"text\/css\" data-created_by=\"avia_inline_auto\" id=\"style-css-av-jkuvcso3-3cdfce01aa17cd7f93f77bd0f3cd869c\">\n#top .av_textblock_section.av-jkuvcso3-3cdfce01aa17cd7f93f77bd0f3cd869c .avia_textblock{\nfont-size:22px;\n}\n<\/style>\n<section  class='av_textblock_section av-jkuvcso3-3cdfce01aa17cd7f93f77bd0f3cd869c '  ><div class='avia_textblock' ><p><strong>Tipp:<\/strong> Essen soll Kindern Spa\u00df machen. Stellen Sie deshalb die positiven Effekte heraus. F\u00fcr j\u00fcngere Kinder ist die Begr\u00fcndung \u201egesund\u201c noch wenig greifbar und oftmals kein wirksamer Anreiz. Sagen Sie stattdessen beispielsweise: \u201eDas macht dich fit. Das gibt dir neue Energie.\u201c<\/p>\n<\/div><\/section><\/div>\n\n<style type=\"text\/css\" data-created_by=\"avia_inline_auto\" id=\"style-css-av-hh5al-36-4e6f2187db3548b7652b4d5084deeeda\">\n.flex_column.av-hh5al-36-4e6f2187db3548b7652b4d5084deeeda{\nborder-radius:0px 0px 0px 0px;\npadding:0px 0px 0px 0px;\n}\n<\/style>\n<div  class='flex_column av-hh5al-36-4e6f2187db3548b7652b4d5084deeeda av_one_full  avia-builder-el-50  el_after_av_one_full  el_before_av_one_half  first flex_column_div av-zero-column-padding  column-top-margin'     ><section  class='av_textblock_section av-jkuul0eg-35-5008ee508cc49a20e57b30ba0b890b6b '  ><div class='avia_textblock' ><p>Die Kinder schneiden nun viele Bilder von Lebensmitteln aus den Prospekten aus. Gemeinsam sortieren sie die Bilder und kleben passende Beispiele auf ein Blatt Papier oder Tonkarton, sodass eine <strong>selbst gestaltete Ern\u00e4hrungspyramide<\/strong> entsteht.<\/p>\n<p>Unsere<strong> Lebensmittelpyramide zum Ausdrucken <\/strong>kann als Vorlage dienen. So erstellt jedes Kind eine eigene Pyramide f\u00fcr seine Mappe. Wenn Sie das Blatt vergr\u00f6\u00dfert im Format DIN A3 ausdrucken, k\u00f6nnen die Kinder gemeinsam <strong>ein Plakat zum Thema gesunde Ern\u00e4hrung<\/strong> gestalten.<\/p>\n<\/div><\/section><\/div>\n\n<style type=\"text\/css\" data-created_by=\"avia_inline_auto\" id=\"style-css-av-hh5al-32-1f98505771129d4af9ce7a3eb76328b2\">\n.flex_column.av-hh5al-32-1f98505771129d4af9ce7a3eb76328b2{\nborder-radius:0px 0px 0px 0px;\npadding:0px 0px 0px 0px;\n}\n<\/style>\n<div  class='flex_column av-hh5al-32-1f98505771129d4af9ce7a3eb76328b2 av_one_half  avia-builder-el-52  el_after_av_one_full  el_before_av_one_half  first flex_column_div av-zero-column-padding  column-top-margin'     ><section  class='av_textblock_section av-jkuul0eg-31-ffa83fb0f3ec6dbbb7916826b22478a5 '  ><div class='avia_textblock' ><p><a href=\"https:\/\/blog.backwinkel.de\/wp-content\/uploads\/2020\/03\/backwinkel-blog-kiga-gesunde-blanko-lebensmittelpyramide.jpg\"><img decoding=\"async\" class=\"wp-image-4401 alignnone\" src=\"https:\/\/blog.backwinkel.de\/wp-content\/uploads\/2020\/03\/backwinkel-blog-kiga-gesunde-blanko-lebensmittelpyramide.jpg\" alt=\"backwinkel-blog-kiga-gesunde-blanko-lebensmittelpyramide\" width=\"364\" height=\"515\" srcset=\"https:\/\/www.backwinkel.de\/blog\/wp-content\/uploads\/2020\/03\/backwinkel-blog-kiga-gesunde-blanko-lebensmittelpyramide.jpg 595w, https:\/\/www.backwinkel.de\/blog\/wp-content\/uploads\/2020\/03\/backwinkel-blog-kiga-gesunde-blanko-lebensmittelpyramide-212x300.jpg 212w, https:\/\/www.backwinkel.de\/blog\/wp-content\/uploads\/2020\/03\/backwinkel-blog-kiga-gesunde-blanko-lebensmittelpyramide-498x705.jpg 498w\" sizes=\"(max-width: 364px) 100vw, 364px\" \/><\/a><\/p>\n<div  class='avia-button-wrap av-3sbi1a-1f92d4dc430e89b926aa413f2fdfc2f7-wrap avia-button-center  avia-builder-el-54  avia-builder-el-no-sibling '><a href='https:\/\/www.backwinkel.de\/downloads\/backwinkel-blog-kiga-gesunde-blanko-lebensmittelpyramide.pdf'  class='avia-button av-3sbi1a-1f92d4dc430e89b926aa413f2fdfc2f7 av-link-btn avia-icon_select-no avia-size-medium avia-position-center avia-color-theme-color'  target=\"_blank\"  rel=\"noopener noreferrer\"  aria-label=\"Download: Lebensmittelpyramide blanko \"><span class='avia_iconbox_title' >Download: Lebensmittelpyramide blanko <\/span><\/a><\/div>\n<\/div><\/section><\/div>\n\n<style type=\"text\/css\" data-created_by=\"avia_inline_auto\" id=\"style-css-av-hh5al-30-cd13dee4f26ee55534c3e379f97872e1\">\n.flex_column.av-hh5al-30-cd13dee4f26ee55534c3e379f97872e1{\nborder-radius:0px 0px 0px 0px;\npadding:0px 0px 0px 0px;\n}\n<\/style>\n<div  class='flex_column av-hh5al-30-cd13dee4f26ee55534c3e379f97872e1 av_one_half  avia-builder-el-55  el_after_av_one_half  el_before_av_one_full  flex_column_div av-zero-column-padding  column-top-margin'     ><section  class='av_textblock_section av-jkuul0eg-29-737f57db0c572ecb3d1fe851f7fefca6 '  ><div class='avia_textblock' ><p><a href=\"https:\/\/blog.backwinkel.de\/wp-content\/uploads\/2020\/03\/backwinkel-blog-kiga-gesunde-ernaehrung-erlaeuterung-lebensmittelpyramide.jpg\"><img decoding=\"async\" class=\"alignnone wp-image-4402\" src=\"https:\/\/blog.backwinkel.de\/wp-content\/uploads\/2020\/03\/backwinkel-blog-kiga-gesunde-ernaehrung-erlaeuterung-lebensmittelpyramide.jpg\" alt=\"\" width=\"364\" height=\"515\" srcset=\"https:\/\/www.backwinkel.de\/blog\/wp-content\/uploads\/2020\/03\/backwinkel-blog-kiga-gesunde-ernaehrung-erlaeuterung-lebensmittelpyramide.jpg 595w, https:\/\/www.backwinkel.de\/blog\/wp-content\/uploads\/2020\/03\/backwinkel-blog-kiga-gesunde-ernaehrung-erlaeuterung-lebensmittelpyramide-212x300.jpg 212w, https:\/\/www.backwinkel.de\/blog\/wp-content\/uploads\/2020\/03\/backwinkel-blog-kiga-gesunde-ernaehrung-erlaeuterung-lebensmittelpyramide-498x705.jpg 498w\" sizes=\"(max-width: 364px) 100vw, 364px\" \/><\/a><\/p>\n<div  class='avia-button-wrap av-2vcxzi-f7f76aa149e10f168a2ed08a0fe494dd-wrap avia-button-center  avia-builder-el-57  avia-builder-el-no-sibling '><a href='https:\/\/www.backwinkel.de\/downloads\/backwinkel-blog-kiga-gesunde-ernaehrung-erlaeuterung-lebensmittelpyramide.pdf'  class='avia-button av-2vcxzi-f7f76aa149e10f168a2ed08a0fe494dd av-link-btn avia-icon_select-no avia-size-medium avia-position-center avia-color-theme-color'  target=\"_blank\"  rel=\"noopener noreferrer\"  aria-label=\"Download: Erl\u00e4uterungen zur Lebensmittelpyramide\"><span class='avia_iconbox_title' >Download: Erl\u00e4uterungen zur Lebensmittelpyramide<\/span><\/a><\/div>\n<\/div><\/section><\/div>\n\n<style type=\"text\/css\" data-created_by=\"avia_inline_auto\" id=\"style-css-av-hh5al-28-4e8c25af6590706a6d906e8f1648b663\">\n.flex_column.av-hh5al-28-4e8c25af6590706a6d906e8f1648b663{\nborder-radius:0px 0px 0px 0px;\npadding:0px 0px 0px 0px;\n}\n<\/style>\n<div  class='flex_column av-hh5al-28-4e8c25af6590706a6d906e8f1648b663 av_one_full  avia-builder-el-58  el_after_av_one_half  el_before_av_one_full  first flex_column_div av-zero-column-padding  column-top-margin'     ><section  class='av_textblock_section av-jkuul0eg-27-b259fa3ea1bb9f880d5ec2bf831b0bd9 '  ><div class='avia_textblock' >\n<style type=\"text\/css\" data-created_by=\"avia_inline_auto\" id=\"style-css-av-1uyace-0318e86581310599fb9cf1f90fd75ec5\">\n#top .hr.hr-invisible.av-1uyace-0318e86581310599fb9cf1f90fd75ec5{\nheight:30px;\n}\n<\/style>\n<div  class='hr av-1uyace-0318e86581310599fb9cf1f90fd75ec5 hr-invisible  avia-builder-el-60  avia-builder-el-no-sibling '><span class='hr-inner '><span class=\"hr-inner-style\"><\/span><\/span><\/div>\n<h4>Feinschmecker mit allen Sinnen<\/h4>\n<p>Kinder essen allzu oft nebenbei. Erm\u00f6glichen Sie ihnen, Essen bewusst wahrzunehmen und mit allen Sinnen zu genie\u00dfen. Bieten Sie verschiedene Lebensmittel zum Verzehr an, am besten in den Geschmacksrichtungen s\u00fc\u00df, sauer, salzig, bitter. Die Kinder beschreiben ihre Sinneseindr\u00fccke.<\/p>\n<p><strong>Beim Verkosten erleben die Kinder das Zusammenspiel ihrer 5 Sinne: <\/strong><\/p>\n<ul>\n<li>Die Augen sehen das Lebensmittel, die Farbe oder Struktur. Das weckt eine bestimmte Erwartung an den Geschmack.<\/li>\n<li>Die Nase nimmt den Duft, das Aroma wahr. Das verst\u00e4rkt die Geschmackserwartung.<\/li>\n<li>Die H\u00e4nde und der Mund tasten die Konsistenz.<\/li>\n<li>Die Ohren h\u00f6ren die Knusprigkeit, Knackigkeit.<\/li>\n<li>Die Zunge erschmeckt die Geschmacksrichtungen.<\/li>\n<\/ul>\n<h4>Gem\u00fcse w\u00e4chst nicht im Supermarkt<\/h4>\n<p>Kinder wissen heute immer weniger \u00fcber den <strong>Anbau von Gem\u00fcsepflanzen<\/strong>. Dabei muss es nicht gleich ein ganzer Acker sein, um Abhilfe zu schaffen. Legen Sie zusammen mit Ihren Kindern einfach <strong>ein Beet im K\u00fcbel<\/strong> an. So lernen die kleinen G\u00e4rtner frische Lebensmittel wertzusch\u00e4tzen. Inspirationen zum \u00f6kologischen G\u00e4rtnern finden Sie auch in unserem Blog-Beitrag \u00bb<a href=\"https:\/\/blog.backwinkel.de\/schulgarten\/\" target=\"_blank\" rel=\"noopener\">W\u00e4chst Gem\u00fcse im Supermarkt?<\/a>\u00ab.<\/p>\n<ul>\n<li>Im Au\u00dfenbereich eignen sich wunderbar <strong>Gem\u00fcsekulturen<\/strong> wie Paprika, Tomaten oder Salat aller Art. Auch <strong>Erdbeeren<\/strong> gedeihen im Topf sehr gut. Und <strong>duftende Kr\u00e4uter<\/strong> d\u00fcrfen nat\u00fcrlich nicht fehlen. F\u00fcr Kitas gibt es <strong>Hochbeete<\/strong> zu kaufen, die fix und fertig mit Pflanzbeh\u00e4ltern plus Foliengew\u00e4chshaus ausgestattet sind.<\/li>\n<li>Auch drinnen ist G\u00e4rtnern kinderleicht. Am hellen Fensterplatz gedeihen K\u00fcchenkr\u00e4uter pr\u00e4chtig. Im <strong>Mini-Treibhaus auf der Fensterbank<\/strong> k\u00f6nnen die Kinder Getreide oder Sonnenblumen auss\u00e4hen und beobachten, wie die Pfl\u00e4nzchen keimen und wachsen.<\/li>\n<\/ul>\n<\/div><\/section><\/div>\n\n<style type=\"text\/css\" data-created_by=\"avia_inline_auto\" id=\"style-css-av-jlnt0i5o-34-42f3fabaaea59ae97ac5991f29b495b7\">\n.flex_column.av-jlnt0i5o-34-42f3fabaaea59ae97ac5991f29b495b7{\nborder-radius:0px 0px 0px 0px;\npadding:10px 10px 10px 10px;\nbackground-color:#e0f1b4;\n}\n<\/style>\n<div  class='flex_column av-jlnt0i5o-34-42f3fabaaea59ae97ac5991f29b495b7 av_one_full  avia-builder-el-61  el_after_av_one_full  el_before_av_one_full  first flex_column_div  column-top-margin'     ><style type=\"text\/css\" data-created_by=\"avia_inline_auto\" id=\"style-css-av-jkuvcso3-33-f6988cadbf2c9b837f0823ddeb26d2ed\">\n#top .av_textblock_section.av-jkuvcso3-33-f6988cadbf2c9b837f0823ddeb26d2ed .avia_textblock{\nfont-size:22px;\n}\n<\/style>\n<section  class='av_textblock_section av-jkuvcso3-33-f6988cadbf2c9b837f0823ddeb26d2ed '  ><div class='avia_textblock' ><p><strong>Tipp:<\/strong> Die Kresse ist der Turbo unter den Kr\u00e4utern. Die Aussaat gelingt sogar auf feuchtem Papiervlies, ganz ohne Erde. Innerhalb weniger Tage beginnen die Pfl\u00e4nzchen zu sprie\u00dfen. Kresse kann jederzeit neu ausges\u00e4t und frisch verspeist werden.<\/p>\n<\/div><\/section><\/div>\n\n<style type=\"text\/css\" data-created_by=\"avia_inline_auto\" id=\"style-css-av-hh5al-26-d1f2a01f89204934add1b891d8eaf3f3\">\n.flex_column.av-hh5al-26-d1f2a01f89204934add1b891d8eaf3f3{\nborder-radius:0px 0px 0px 0px;\npadding:0px 0px 0px 0px;\n}\n<\/style>\n<div  class='flex_column av-hh5al-26-d1f2a01f89204934add1b891d8eaf3f3 av_one_full  avia-builder-el-63  el_after_av_one_full  el_before_av_one_half  first flex_column_div av-zero-column-padding  column-top-margin'     ><section  class='av_textblock_section av-jkuul0eg-25-b4927e549744ca585b35ad9c6d4594ae '  ><div class='avia_textblock' ><h4>Gemeinsam kochen bringt gute Laune<\/h4>\n<p>Die meisten Kinder machen zu Hause kaum noch eigene Kocherfahrungen. Zeigen Sie ihnen, wie viel Spa\u00df es macht, sich sein Essen selbst zuzubereiten. Das gemeinsame Kochen <strong>weckt die Neugier auf frische Lebensmittel<\/strong>. So begeistern Sie die Kinder f\u00fcr eine ausgewogene gesunde Ern\u00e4hrung. Beteiligen Sie die Kinder an allen Arbeitsschritten, von der Rezeptauswahl \u00fcber den Einkauf bis zum Dekorieren des Esstischs. Was Sie durch gemeinsames Kochen erreichen?<\/p>\n<p><strong>Die Kinder<\/strong><\/p>\n<ul>\n<li>werden f\u00fcr das Thema Ern\u00e4hrung sensibilisiert.<\/li>\n<li>erwerben Wissen \u00fcber einzelne Lebensmittel.<\/li>\n<li>lernen verschiedene Kochmethoden kennen.<\/li>\n<li>gewinnen Selbstsicherheit durch Erfolgserlebnisse.<\/li>\n<li>werden selbstst\u00e4ndiger im Umgang mit Lebensmitteln.<\/li>\n<\/ul>\n<p>Wenn nicht alle Kinder mittags in der Kita essen, bietet sich das Fr\u00fchst\u00fcck an. Statt Brot aus Hefeteig, der lange ruhen m\u00fcsste, gibt es z. B. selbst gebackene Scones, dazu passen frische Gem\u00fcsesticks. Manche m\u00f6gen morgens noch nichts essen, das ist auch in Ordnung. Doch vielleicht ist ja ein leckerer Fr\u00fcchtemilchshake genau der richtige Energiespender. Hier die Rezepte:<\/p>\n<\/div><\/section><\/div>\n\n<style type=\"text\/css\" data-created_by=\"avia_inline_auto\" id=\"style-css-av-hh5al-22-ffcfec0658e823b2fde141e642541932\">\n.flex_column.av-hh5al-22-ffcfec0658e823b2fde141e642541932{\nborder-radius:0px 0px 0px 0px;\npadding:0px 0px 0px 0px;\n}\n<\/style>\n<div  class='flex_column av-hh5al-22-ffcfec0658e823b2fde141e642541932 av_one_half  avia-builder-el-65  el_after_av_one_full  el_before_av_one_half  first flex_column_div av-zero-column-padding  column-top-margin'     ><section  class='av_textblock_section av-jkuul0eg-21-e12be4f8c4eeaf34e0aa5e922f1ed812 '  ><div class='avia_textblock' ><h4><a href=\"https:\/\/blog.backwinkel.de\/wp-content\/uploads\/2020\/03\/backwinkel-blog-kiga-gesunde-ernaehrung-scones-und-gemuesesticks_a.jpg\"><img decoding=\"async\" class=\"alignnone wp-image-4403\" src=\"https:\/\/blog.backwinkel.de\/wp-content\/uploads\/2020\/03\/backwinkel-blog-kiga-gesunde-ernaehrung-scones-und-gemuesesticks_a.jpg\" alt=\"\" width=\"364\" height=\"515\" srcset=\"https:\/\/www.backwinkel.de\/blog\/wp-content\/uploads\/2020\/03\/backwinkel-blog-kiga-gesunde-ernaehrung-scones-und-gemuesesticks_a.jpg 595w, https:\/\/www.backwinkel.de\/blog\/wp-content\/uploads\/2020\/03\/backwinkel-blog-kiga-gesunde-ernaehrung-scones-und-gemuesesticks_a-212x300.jpg 212w, https:\/\/www.backwinkel.de\/blog\/wp-content\/uploads\/2020\/03\/backwinkel-blog-kiga-gesunde-ernaehrung-scones-und-gemuesesticks_a-498x705.jpg 498w\" sizes=\"(max-width: 364px) 100vw, 364px\" \/><\/a><\/h4>\n<div  class='avia-button-wrap av-2u8fni-0fddee10497559654be8fe0244c3c8b7-wrap avia-button-center  avia-builder-el-67  avia-builder-el-no-sibling '><a href='https:\/\/www.backwinkel.de\/downloads\/backwinkel-blog-kiga-gesunde-ernaehrung-scones-und-gemuesesticks.pdf'  class='avia-button av-2u8fni-0fddee10497559654be8fe0244c3c8b7 av-link-btn avia-icon_select-no avia-size-medium avia-position-center avia-color-theme-color'  target=\"_blank\"  rel=\"noopener noreferrer\"  aria-label=\"Download: Fr\u00fchst\u00fccksgerichte\"><span class='avia_iconbox_title' >Download: Fr\u00fchst\u00fccksgerichte<\/span><\/a><\/div>\n<\/div><\/section><\/div>\n\n<style type=\"text\/css\" data-created_by=\"avia_inline_auto\" id=\"style-css-av-hh5al-20-b720a94e5f8c25c84a0127af54e8f66c\">\n.flex_column.av-hh5al-20-b720a94e5f8c25c84a0127af54e8f66c{\nborder-radius:0px 0px 0px 0px;\npadding:0px 0px 0px 0px;\n}\n<\/style>\n<div  class='flex_column av-hh5al-20-b720a94e5f8c25c84a0127af54e8f66c av_one_half  avia-builder-el-68  el_after_av_one_half  el_before_av_one_full  flex_column_div av-zero-column-padding  column-top-margin'     ><section  class='av_textblock_section av-jkuul0eg-19-99219fddbdeea5a08fa9b126eaffa77b '  ><div class='avia_textblock' ><h4><a href=\"https:\/\/blog.backwinkel.de\/wp-content\/uploads\/2020\/03\/backwinkel-blog-kiga-gesunde-ernaehrung-scones-und-gemuesesticks_b.jpg\"><img decoding=\"async\" class=\"alignnone wp-image-4404\" src=\"https:\/\/blog.backwinkel.de\/wp-content\/uploads\/2020\/03\/backwinkel-blog-kiga-gesunde-ernaehrung-scones-und-gemuesesticks_b.jpg\" alt=\"\" width=\"364\" height=\"515\" srcset=\"https:\/\/www.backwinkel.de\/blog\/wp-content\/uploads\/2020\/03\/backwinkel-blog-kiga-gesunde-ernaehrung-scones-und-gemuesesticks_b.jpg 595w, https:\/\/www.backwinkel.de\/blog\/wp-content\/uploads\/2020\/03\/backwinkel-blog-kiga-gesunde-ernaehrung-scones-und-gemuesesticks_b-212x300.jpg 212w, https:\/\/www.backwinkel.de\/blog\/wp-content\/uploads\/2020\/03\/backwinkel-blog-kiga-gesunde-ernaehrung-scones-und-gemuesesticks_b-498x705.jpg 498w\" sizes=\"(max-width: 364px) 100vw, 364px\" \/><\/a><\/h4>\n<\/div><\/section><\/div>\n\n<style type=\"text\/css\" data-created_by=\"avia_inline_auto\" id=\"style-css-av-hh5al-18-8d44ed9080475bc333e749da47b5d0c8\">\n.flex_column.av-hh5al-18-8d44ed9080475bc333e749da47b5d0c8{\nborder-radius:0px 0px 0px 0px;\npadding:0px 0px 0px 0px;\n}\n<\/style>\n<div  class='flex_column av-hh5al-18-8d44ed9080475bc333e749da47b5d0c8 av_one_full  avia-builder-el-70  el_after_av_one_half  el_before_av_one_full  first flex_column_div av-zero-column-padding  column-top-margin'     ><section  class='av_textblock_section av-jkuul0eg-17-0750084e60fdfba3995fba17679b6ba5 '  ><div class='avia_textblock' >\n<style type=\"text\/css\" data-created_by=\"avia_inline_auto\" id=\"style-css-av-7c7r8-55-f723e8ae6b0393a778096020c5dd32a1\">\n#top .hr.hr-invisible.av-7c7r8-55-f723e8ae6b0393a778096020c5dd32a1{\nheight:20px;\n}\n<\/style>\n<div  class='hr av-7c7r8-55-f723e8ae6b0393a778096020c5dd32a1 hr-invisible  avia-builder-el-72  avia-builder-el-no-sibling '><span class='hr-inner '><span class=\"hr-inner-style\"><\/span><\/span><\/div>\n<h2 id=\"3\" class=\"position\">Kooperation mit den Eltern<\/h2>\n<p>Eltern und Erzieher sind gemeinsam f\u00fcr eine gesunde Ern\u00e4hrung im Kindergarten verantwortlich. Die gr\u00f6\u00dfte Chance, das Ern\u00e4hrungsverhalten von Kindern positiv zu beeinflussen, liegt im engen <strong>Zusammenwirken von Elternhaus und Kita<\/strong>. Nur ein regelm\u00e4\u00dfiger Austausch kann gew\u00e4hrleisten, dass sich das Essen zu Hause und in der Kita sinnvoll erg\u00e4nzt. Dabei ist eine gegenseitige Unterst\u00fctzung wichtig.<\/p>\n<p>Vermitteln Sie den Eltern das Verpflegungskonzept Ihrer Einrichtung. Die Ausgestaltung sollte klare Regeln beinhalten. Es ist sinnvoll, dass Sie diese <strong>Regeln gemeinsam mit den Eltern aufstellen<\/strong>. Die Gesundheitsf\u00f6rderung im Kindergarten gelingt am besten, wenn <strong>Eltern aktive Mitgestalter<\/strong> sind.<\/p>\n<p><strong>Das Verpflegungskonzept der Kita sollte folgende Punkte enthalten: <\/strong><\/p>\n<ul>\n<li>das Angebot zum Fr\u00fchst\u00fcck<\/li>\n<li>das Angebot an Zwischenmahlzeiten<\/li>\n<li>Angaben zur Mittagsverpflegung, eventuell mit Beispielspeisenplan<\/li>\n<li>das Angebot von Getr\u00e4nken<\/li>\n<li>Informationen zum Mitbringen von Speisen<\/li>\n<li>Informationen zum Umgang mit S\u00fc\u00dfigkeiten<\/li>\n<li>Angaben zur Verpflegung bei Festen<\/li>\n<\/ul>\n<\/div><\/section><\/div>\n\n<style type=\"text\/css\" data-created_by=\"avia_inline_auto\" id=\"style-css-av-jlnt0i5o-24-138f9a0b4cd20d859506631e6edc8788\">\n.flex_column.av-jlnt0i5o-24-138f9a0b4cd20d859506631e6edc8788{\nborder-radius:0px 0px 0px 0px;\npadding:10px 10px 10px 10px;\nbackground-color:#e0f1b4;\n}\n<\/style>\n<div  class='flex_column av-jlnt0i5o-24-138f9a0b4cd20d859506631e6edc8788 av_one_full  avia-builder-el-73  el_after_av_one_full  el_before_av_hr  first flex_column_div  column-top-margin'     ><style type=\"text\/css\" data-created_by=\"avia_inline_auto\" id=\"style-css-av-jkuvcso3-23-09894e60bb2236ee16ff61e5f6ca94f8\">\n#top .av_textblock_section.av-jkuvcso3-23-09894e60bb2236ee16ff61e5f6ca94f8 .avia_textblock{\nfont-size:22px;\n}\n<\/style>\n<section  class='av_textblock_section av-jkuvcso3-23-09894e60bb2236ee16ff61e5f6ca94f8 '  ><div class='avia_textblock' ><p><strong>Tipp:<\/strong> Die Deutsche Gesellschaft f\u00fcr Ern\u00e4hrung (DGE) bietet Kindertagesst\u00e4tten die M\u00f6glichkeit, das Angebot einer vollwertigen Verpflegung auszeichnen zu lassen. Durch die <strong>FIT-KID-Zertifizierung<\/strong> k\u00f6nnen Kitas nach au\u00dfen demonstrieren, dass ihr Angebot dem DGE-Qualit\u00e4tsstandard entspricht.<\/p>\n<\/div><\/section><\/div>\n\n<style type=\"text\/css\" data-created_by=\"avia_inline_auto\" id=\"style-css-av-jkuvdh82-37-45a4bc64998e4cd95a29dfc81a473127\">\n#top .hr.hr-invisible.av-jkuvdh82-37-45a4bc64998e4cd95a29dfc81a473127{\nheight:40px;\n}\n<\/style>\n<div  class='hr av-jkuvdh82-37-45a4bc64998e4cd95a29dfc81a473127 hr-invisible  avia-builder-el-75  el_after_av_one_full  el_before_av_one_fourth '><span class='hr-inner '><span class=\"hr-inner-style\"><\/span><\/span><\/div>\n<div class='flex_column_table av-jxcy3x4s-41-59a17d0982df728926dd5a17998b8ed7 sc-av_one_fourth av-equal-height-column-flextable'>\n<style type=\"text\/css\" data-created_by=\"avia_inline_auto\" id=\"style-css-av-jxcy3x4s-41-59a17d0982df728926dd5a17998b8ed7\">\n.flex_column.av-jxcy3x4s-41-59a17d0982df728926dd5a17998b8ed7{\nborder-width:1px;\nborder-color:#ebebeb;\nborder-style:solid;\nborder-radius:0px 0px 0px 0px;\npadding:10px 10px 10px 10px;\nbackground-color:#eff6ff;\n}\n<\/style>\n<div  class='flex_column av-jxcy3x4s-41-59a17d0982df728926dd5a17998b8ed7 av_one_fourth  avia-builder-el-76  el_after_av_hr  el_before_av_one_fourth  first no_margin flex_column_table_cell av-equal-height-column av-align-top  '     ><p><section  class='av_textblock_section av-jxcz48fa-40-dcbf9ef94c409ae56d413bddb3e93eb6 '  ><div class='avia_textblock' ><p><img decoding=\"async\" class=\"wp-image-4451 size-full aligncenter\" src=\"https:\/\/blog.backwinkel.de\/wp-content\/uploads\/2020\/04\/backwinkel-blog-kita-pflanzpyramide.jpg\" alt=\"\" width=\"300\" height=\"220\" \/><\/p>\n<p style=\"font-size: 20px; font-family: urw_grotesk_extra_narrowrg;\">Pflanzpyramide<\/p>\n<div  class='avia-button-wrap av-8ssthn-39-5a9d3f8d938755f1eb12a97db1c6d1db-wrap avia-button-center  avia-builder-el-78  avia-builder-el-no-sibling '><a href='https:\/\/www.backwinkel.de\/prod\/pflanzpyramide.html'  class='avia-button av-8ssthn-39-5a9d3f8d938755f1eb12a97db1c6d1db av-link-btn avia-icon_select-no avia-size-medium avia-position-center avia-color-theme-color'  target=\"_blank\"  rel=\"noopener noreferrer\"  aria-label=\"zum Produkt\"><span class='avia_iconbox_title' >zum Produkt<\/span><\/a><\/div>\n<\/div><\/section><br \/>\n\n<style type=\"text\/css\" data-created_by=\"avia_inline_auto\" id=\"style-css-av-jkuvdh82-15-5842ece2d5c9edc932cfa6ff39cd05b6\">\n#top .hr.hr-invisible.av-jkuvdh82-15-5842ece2d5c9edc932cfa6ff39cd05b6{\nheight:20px;\n}\n<\/style>\n<div  class='hr av-jkuvdh82-15-5842ece2d5c9edc932cfa6ff39cd05b6 hr-invisible  avia-builder-el-79  el_after_av_textblock  avia-builder-el-last '><span class='hr-inner '><span class=\"hr-inner-style\"><\/span><\/span><\/div><\/p><\/div>\n\n<style type=\"text\/css\" data-created_by=\"avia_inline_auto\" id=\"style-css-av-jxcy3x4s-14-eb924c1b285ecc30362d557d7588afca\">\n.flex_column.av-jxcy3x4s-14-eb924c1b285ecc30362d557d7588afca{\nborder-width:1px;\nborder-color:#ebebeb;\nborder-style:solid;\nborder-radius:0px 0px 0px 0px;\npadding:10px 10px 10px 10px;\nbackground-color:#eff6ff;\n}\n<\/style>\n<div  class='flex_column av-jxcy3x4s-14-eb924c1b285ecc30362d557d7588afca av_one_fourth  avia-builder-el-80  el_after_av_one_fourth  el_before_av_one_fourth  no_margin flex_column_table_cell av-equal-height-column av-align-top  '     ><p><section  class='av_textblock_section av-jxcz48fa-13-e80adfb14f5b44f744a2c06b6706b8ad '  ><div class='avia_textblock' ><p><img decoding=\"async\" class=\"wp-image-4452 size-full aligncenter\" src=\"https:\/\/blog.backwinkel.de\/wp-content\/uploads\/2020\/04\/backwinkel-blog-kita-pflanzkuebel.jpg\" alt=\"\" width=\"300\" height=\"220\" \/><\/p>\n<p style=\"font-size: 20px; font-family: urw_grotesk_extra_narrowrg;\">Pflanzk\u00fcbel<\/p>\n<div  class='avia-button-wrap av-8ssthn-12-b078311362d0c0afb4c7608140d730f4-wrap avia-button-center  avia-builder-el-82  avia-builder-el-no-sibling '><a href='https:\/\/www.backwinkel.de\/prod\/pflanzkuebel.html'  class='avia-button av-8ssthn-12-b078311362d0c0afb4c7608140d730f4 av-link-btn avia-icon_select-no avia-size-medium avia-position-center avia-color-theme-color'  target=\"_blank\"  rel=\"noopener noreferrer\"  aria-label=\"zum Produkt\"><span class='avia_iconbox_title' >zum Produkt<\/span><\/a><\/div>\n<\/div><\/section><br \/>\n\n<style type=\"text\/css\" data-created_by=\"avia_inline_auto\" id=\"style-css-av-jkuvdh82-11-34e03c1ca08e6a5d4f98e234a007ad58\">\n#top .hr.hr-invisible.av-jkuvdh82-11-34e03c1ca08e6a5d4f98e234a007ad58{\nheight:20px;\n}\n<\/style>\n<div  class='hr av-jkuvdh82-11-34e03c1ca08e6a5d4f98e234a007ad58 hr-invisible  avia-builder-el-83  el_after_av_textblock  avia-builder-el-last '><span class='hr-inner '><span class=\"hr-inner-style\"><\/span><\/span><\/div><\/p><\/div>\n\n<style type=\"text\/css\" data-created_by=\"avia_inline_auto\" id=\"style-css-av-jxcy3x4s-10-867ba11fddaf03f76d7fc91411916f14\">\n.flex_column.av-jxcy3x4s-10-867ba11fddaf03f76d7fc91411916f14{\nborder-width:1px;\nborder-color:#ebebeb;\nborder-style:solid;\nborder-radius:0px 0px 0px 0px;\npadding:10px 10px 10px 10px;\nbackground-color:#eff6ff;\n}\n<\/style>\n<div  class='flex_column av-jxcy3x4s-10-867ba11fddaf03f76d7fc91411916f14 av_one_fourth  avia-builder-el-84  el_after_av_one_fourth  el_before_av_one_fourth  no_margin flex_column_table_cell av-equal-height-column av-align-top  '     ><p><section  class='av_textblock_section av-jxcz48fa-9-c8679a1374746333356425eb035b8f63 '  ><div class='avia_textblock' ><p><img decoding=\"async\" class=\"wp-image-4453 size-full aligncenter\" src=\"https:\/\/blog.backwinkel.de\/wp-content\/uploads\/2020\/04\/backwinkel-blog-kita-pantry-kueche.jpg\" alt=\"\" width=\"300\" height=\"220\" \/><\/p>\n<p style=\"font-size: 20px; font-family: urw_grotesk_extra_narrowrg;\">Pantry-K\u00fcche<\/p>\n<div  class='avia-button-wrap av-8ssthn-8-486de0d2a197ef72b4a5fb7c3d71319c-wrap avia-button-center  avia-builder-el-86  avia-builder-el-no-sibling '><a href='https:\/\/www.backwinkel.de\/prod\/pantry-kueche.html'  class='avia-button av-8ssthn-8-486de0d2a197ef72b4a5fb7c3d71319c av-link-btn avia-icon_select-no avia-size-medium avia-position-center avia-color-theme-color'  target=\"_blank\"  rel=\"noopener noreferrer\"  aria-label=\"zum Produkt\"><span class='avia_iconbox_title' >zum Produkt<\/span><\/a><\/div>\n<\/div><\/section><br \/>\n\n<style type=\"text\/css\" data-created_by=\"avia_inline_auto\" id=\"style-css-av-jkuvdh82-7-d5188bfb56afe62750acbf2a68860d4c\">\n#top .hr.hr-invisible.av-jkuvdh82-7-d5188bfb56afe62750acbf2a68860d4c{\nheight:20px;\n}\n<\/style>\n<div  class='hr av-jkuvdh82-7-d5188bfb56afe62750acbf2a68860d4c hr-invisible  avia-builder-el-87  el_after_av_textblock  avia-builder-el-last '><span class='hr-inner '><span class=\"hr-inner-style\"><\/span><\/span><\/div><\/p><\/div>\n\n<style type=\"text\/css\" data-created_by=\"avia_inline_auto\" id=\"style-css-av-jxcy3x4s-6-5dbbc195d1ae05c6bda655a83380c78a\">\n.flex_column.av-jxcy3x4s-6-5dbbc195d1ae05c6bda655a83380c78a{\nborder-width:1px;\nborder-color:#ebebeb;\nborder-style:solid;\nborder-radius:0px 0px 0px 0px;\npadding:10px 10px 10px 10px;\nbackground-color:#eff6ff;\n}\n<\/style>\n<div  class='flex_column av-jxcy3x4s-6-5dbbc195d1ae05c6bda655a83380c78a av_one_fourth  avia-builder-el-88  el_after_av_one_fourth  el_before_av_hr  no_margin flex_column_table_cell av-equal-height-column av-align-top  '     ><p><section  class='av_textblock_section av-jxcz48fa-5-1bdde09833c3c79e3f3b4884ec0e2be9 '  ><div class='avia_textblock' ><p><img decoding=\"async\" class=\"wp-image-4454 size-full aligncenter\" src=\"https:\/\/blog.backwinkel.de\/wp-content\/uploads\/2020\/03\/backwinkel-blog-kita-vollholz-kinderkueche.jpg\" alt=\"\" width=\"300\" height=\"220\" \/><\/p>\n<p style=\"font-size: 20px; font-family: urw_grotesk_extra_narrowrg;\">Vollholz-Kinderk\u00fcche<\/p>\n<div  class='avia-button-wrap av-8ssthn-4-2a4eb193d9fb32f8547da288e7180a84-wrap avia-button-center  avia-builder-el-90  avia-builder-el-no-sibling '><a href='https:\/\/www.backwinkel.de\/prod\/vollholz-kinderkueche-komplett-set.html'  class='avia-button av-8ssthn-4-2a4eb193d9fb32f8547da288e7180a84 av-link-btn avia-icon_select-no avia-size-medium avia-position-center avia-color-theme-color'  target=\"_blank\"  rel=\"noopener noreferrer\"  aria-label=\"zum Produkt\"><span class='avia_iconbox_title' >zum Produkt<\/span><\/a><\/div>\n<\/div><\/section><br \/>\n\n<style type=\"text\/css\" data-created_by=\"avia_inline_auto\" id=\"style-css-av-jkuvdh82-3-011a960052759f8f14eeac8c1191a7c0\">\n#top .hr.hr-invisible.av-jkuvdh82-3-011a960052759f8f14eeac8c1191a7c0{\nheight:20px;\n}\n<\/style>\n<div  class='hr av-jkuvdh82-3-011a960052759f8f14eeac8c1191a7c0 hr-invisible  avia-builder-el-91  el_after_av_textblock  avia-builder-el-last '><span class='hr-inner '><span class=\"hr-inner-style\"><\/span><\/span><\/div><\/p><\/div><\/div><!--close column table wrapper. Autoclose: 1 -->\n\n<style type=\"text\/css\" data-created_by=\"avia_inline_auto\" id=\"style-css-av-jkuvdh82-2-4165d32b0ad17d834ae3642a8caade6d\">\n#top .hr.av-jkuvdh82-2-4165d32b0ad17d834ae3642a8caade6d{\nmargin-top:10px;\nmargin-bottom:10px;\n}\n.hr.av-jkuvdh82-2-4165d32b0ad17d834ae3642a8caade6d .hr-inner{\nwidth:500;\n}\n<\/style>\n<div  class='hr av-jkuvdh82-2-4165d32b0ad17d834ae3642a8caade6d hr-custom  avia-builder-el-92  el_after_av_one_fourth  el_before_av_one_full  hr-left hr-icon-no'><span class='hr-inner inner-border-av-border-none'><span class=\"hr-inner-style\"><\/span><\/span><\/div>\n\n<style type=\"text\/css\" data-created_by=\"avia_inline_auto\" id=\"style-css-av-jley1l06-be8863a15e87d33f314fbd4b76b14014\">\n.flex_column.av-jley1l06-be8863a15e87d33f314fbd4b76b14014{\nborder-radius:0px 0px 0px 0px;\npadding:10px 10px 10px 10px;\nbackground-color:#f2f2f2;\n}\n<\/style>\n<div  class='flex_column av-jley1l06-be8863a15e87d33f314fbd4b76b14014 av_one_full  avia-builder-el-93  el_after_av_hr  el_before_av_one_full  first flex_column_div  '     ><section  class='av_textblock_section av-jkuvcso3-16-a6c080e8f8fdf43ae5cc6cbad4f26545 '  ><div class='avia_textblock' ><p class=\"fussnoten-quellen\"><strong>Zum Weiterlesen: <\/strong><\/p>\n<p class=\"fussnoten-quellen\">Melanie Braukmann, Ingrid Br\u00fcggemann: So macht Essen Spa\u00df. Entdeckerheft f\u00fcr Kitakinder und Erstkl\u00e4ssler. Heft der Bundesanstalt f\u00fcr Landwirtschaft und Ern\u00e4hrung, 2020.<\/p>\n<p class=\"fussnoten-quellen\">Susanne Krug u. a.: Sport- und Ern\u00e4hrungsverhalten bei Kindern und Jugendlichen in Deutschland. In: Journal of Health Monitoring 2\/2018, herausgegeben vom Robert Koch-Institut, Berlin. <a href=\"https:\/\/www.rki.de\/DE\/Aktuelles\/Publikationen\/Journal-of-Health-Monitoring\/GBEDownloadsJ\/Focus\/JoHM_02_2018_Sport_Ernaehrungsverhalten_KiGGS-Welle2.html\" target=\"_blank\" rel=\"noopener\">https:\/\/www.rki.de\/DE\/Aktuelles\/Publikationen\/Journal-of-Health-Monitoring\/GBEDownloadsJ\/Focus\/JoHM_02_2018_Sport_Ernaehrungsverhalten_KiGGS-Welle2.html<\/a><\/p>\n<p class=\"fussnoten-quellen\">Claudia Reimert: Gesunde Ern\u00e4hrung f\u00fcr Kinder leicht gemacht. Jetzt ganz einfach die Grundlagen einer ausgewogenen Kost spielerisch lernen \u2013 schnell und lecker. Leisach 2019.<\/p>\n<p class=\"fussnoten-quellen\">Carola Wetzstein: Das Power-Buch Ern\u00e4hrung f\u00fcr Kinder. Alles \u00fcber Essen, Trinken und Bewegung. M\u00fclheim: Verlag an der Ruhr 2012.<\/p>\n<\/div><\/section><\/div>\n\n<style type=\"text\/css\" data-created_by=\"avia_inline_auto\" id=\"style-css-av-1p82t-b0e9719fe6c67aa5c6d1abf813961e55\">\n.flex_column.av-1p82t-b0e9719fe6c67aa5c6d1abf813961e55{\nborder-radius:0px 0px 0px 0px;\npadding:0px 0px 0px 0px;\n}\n<\/style>\n<div  class='flex_column av-1p82t-b0e9719fe6c67aa5c6d1abf813961e55 av_one_full  avia-builder-el-95  el_after_av_one_full  avia-builder-el-last  first flex_column_div av-zero-column-padding  column-top-margin'     ><p><section  class='av_textblock_section av-jlp4hxqo-91baaad30cd61f89630d15f8561d1750 '  ><div class='avia_textblock' ><div class=\"shariff shariff-align-left shariff-widget-align-left\"><ul class=\"shariff-buttons theme-color orientation-horizontal buttonsize-medium\"><li class=\"shariff-button whatsapp shariff-nocustomcolor\" style=\"background-color:#5cbe4a\"><a href=\"https:\/\/api.whatsapp.com\/send?text=https%3A%2F%2Fwww.backwinkel.de%2Fblog%2Fgesunde-ernaehrung-im-kindergarten%2F%20Gesunde%20Ern%C3%A4hrung%20%28nicht%20nur%29%20im%20Kindergarten%3A\" title=\"Bei Whatsapp teilen\" aria-label=\"Bei Whatsapp teilen\" role=\"button\" rel=\"noopener nofollow\" class=\"shariff-link\" style=\"; background-color:#34af23; color:#fff\" target=\"_blank\"><span class=\"shariff-icon\" style=\"\"><svg width=\"32px\" height=\"20px\" xmlns=\"http:\/\/www.w3.org\/2000\/svg\" viewBox=\"0 0 32 32\"><path fill=\"#34af23\" d=\"M17.6 17.4q0.2 0 1.7 0.8t1.6 0.9q0 0.1 0 0.3 0 0.6-0.3 1.4-0.3 0.7-1.3 1.2t-1.8 0.5q-1 0-3.4-1.1-1.7-0.8-3-2.1t-2.6-3.3q-1.3-1.9-1.3-3.5v-0.1q0.1-1.6 1.3-2.8 0.4-0.4 0.9-0.4 0.1 0 0.3 0t0.3 0q0.3 0 0.5 0.1t0.3 0.5q0.1 0.4 0.6 1.6t0.4 1.3q0 0.4-0.6 1t-0.6 0.8q0 0.1 0.1 0.3 0.6 1.3 1.8 2.4 1 0.9 2.7 1.8 0.2 0.1 0.4 0.1 0.3 0 1-0.9t0.9-0.9zM14 26.9q2.3 0 4.3-0.9t3.6-2.4 2.4-3.6 0.9-4.3-0.9-4.3-2.4-3.6-3.6-2.4-4.3-0.9-4.3 0.9-3.6 2.4-2.4 3.6-0.9 4.3q0 3.6 2.1 6.6l-1.4 4.2 4.3-1.4q2.8 1.9 6.2 1.9zM14 2.2q2.7 0 5.2 1.1t4.3 2.9 2.9 4.3 1.1 5.2-1.1 5.2-2.9 4.3-4.3 2.9-5.2 1.1q-3.5 0-6.5-1.7l-7.4 2.4 2.4-7.2q-1.9-3.2-1.9-6.9 0-2.7 1.1-5.2t2.9-4.3 4.3-2.9 5.2-1.1z\"\/><\/svg><\/span><span class=\"shariff-text\">teilen<\/span>&nbsp;<\/a><\/li><li class=\"shariff-button facebook shariff-nocustomcolor\" style=\"background-color:#4273c8\"><a href=\"https:\/\/www.facebook.com\/sharer\/sharer.php?u=https%3A%2F%2Fwww.backwinkel.de%2Fblog%2Fgesunde-ernaehrung-im-kindergarten%2F\" title=\"Bei Facebook teilen\" aria-label=\"Bei Facebook teilen\" role=\"button\" rel=\"nofollow\" class=\"shariff-link\" style=\"; background-color:#3b5998; color:#fff\" target=\"_blank\"><span class=\"shariff-icon\" style=\"\"><svg width=\"32px\" height=\"20px\" xmlns=\"http:\/\/www.w3.org\/2000\/svg\" viewBox=\"0 0 18 32\"><path fill=\"#3b5998\" d=\"M17.1 0.2v4.7h-2.8q-1.5 0-2.1 0.6t-0.5 1.9v3.4h5.2l-0.7 5.3h-4.5v13.6h-5.5v-13.6h-4.5v-5.3h4.5v-3.9q0-3.3 1.9-5.2t5-1.8q2.6 0 4.1 0.2z\"\/><\/svg><\/span><span class=\"shariff-text\">teilen<\/span>&nbsp;<\/a><\/li><li class=\"shariff-button twitter shariff-nocustomcolor\" style=\"background-color:#595959\"><a href=\"https:\/\/twitter.com\/share?url=https%3A%2F%2Fwww.backwinkel.de%2Fblog%2Fgesunde-ernaehrung-im-kindergarten%2F&text=Gesunde%20Ern%C3%A4hrung%20%28nicht%20nur%29%20im%20Kindergarten%3A\" title=\"Bei X teilen\" aria-label=\"Bei X teilen\" role=\"button\" rel=\"noopener nofollow\" class=\"shariff-link\" style=\"; background-color:#000; color:#fff\" target=\"_blank\"><span class=\"shariff-icon\" style=\"\"><svg width=\"32px\" height=\"20px\" xmlns=\"http:\/\/www.w3.org\/2000\/svg\" viewBox=\"0 0 24 24\"><path fill=\"#000\" d=\"M14.258 10.152L23.176 0h-2.113l-7.747 8.813L7.133 0H0l9.352 13.328L0 23.973h2.113l8.176-9.309 6.531 9.309h7.133zm-2.895 3.293l-.949-1.328L2.875 1.56h3.246l6.086 8.523.945 1.328 7.91 11.078h-3.246zm0 0\"\/><\/svg><\/span><span class=\"shariff-text\">teilen<\/span>&nbsp;<\/a><\/li><li class=\"shariff-button pinterest shariff-nocustomcolor\" style=\"background-color:#e70f18\"><a href=\"https:\/\/www.pinterest.com\/pin\/create\/link\/?url=https%3A%2F%2Fwww.backwinkel.de%2Fblog%2Fgesunde-ernaehrung-im-kindergarten%2F&media=https%3A%2F%2Fwww.backwinkel.de%2Fblog%2Fwp-content%2Fuploads%2F2020%2F03%2Fbackwinkel-blog-gesunde-ernaehrung-heroimage.jpg&description=Gesunde%20Ern%C3%A4hrung%20%28nicht%20nur%29%20im%20Kindergarten%3A\" title=\"Bei Pinterest pinnen\" aria-label=\"Bei Pinterest pinnen\" role=\"button\" rel=\"noopener nofollow\" class=\"shariff-link\" style=\"; background-color:#cb2027; color:#fff\" target=\"_blank\"><span class=\"shariff-icon\" style=\"\"><svg width=\"32px\" height=\"20px\" xmlns=\"http:\/\/www.w3.org\/2000\/svg\" viewBox=\"0 0 27 32\"><path fill=\"#cb2027\" d=\"M27.4 16q0 3.7-1.8 6.9t-5 5-6.9 1.9q-2 0-3.9-0.6 1.1-1.7 1.4-2.9 0.2-0.6 1-3.8 0.4 0.7 1.3 1.2t2 0.5q2.1 0 3.8-1.2t2.7-3.4 0.9-4.8q0-2-1.1-3.8t-3.1-2.9-4.5-1.2q-1.9 0-3.5 0.5t-2.8 1.4-2 2-1.2 2.3-0.4 2.4q0 1.9 0.7 3.3t2.1 2q0.5 0.2 0.7-0.4 0-0.1 0.1-0.5t0.2-0.5q0.1-0.4-0.2-0.8-0.9-1.1-0.9-2.7 0-2.7 1.9-4.6t4.9-2q2.7 0 4.2 1.5t1.5 3.8q0 3-1.2 5.2t-3.1 2.1q-1.1 0-1.7-0.8t-0.4-1.9q0.1-0.6 0.5-1.7t0.5-1.8 0.2-1.4q0-0.9-0.5-1.5t-1.4-0.6q-1.1 0-1.9 1t-0.8 2.6q0 1.3 0.4 2.2l-1.8 7.5q-0.3 1.2-0.2 3.2-3.7-1.6-6-5t-2.3-7.6q0-3.7 1.9-6.9t5-5 6.9-1.9 6.9 1.9 5 5 1.8 6.9z\"\/><\/svg><\/span><span class=\"shariff-text\">merken<\/span>&nbsp;<\/a><\/li><li class=\"shariff-button mailto shariff-nocustomcolor\" style=\"background-color:#a8a8a8\"><a href=\"mailto:?body=https%3A%2F%2Fwww.backwinkel.de%2Fblog%2Fgesunde-ernaehrung-im-kindergarten%2F&subject=Gesunde%20Ern%C3%A4hrung%20%28nicht%20nur%29%20im%20Kindergarten%3A\" title=\"Per E-Mail versenden\" aria-label=\"Per E-Mail versenden\" role=\"button\" rel=\"noopener nofollow\" class=\"shariff-link\" style=\"; background-color:#999; color:#fff\"><span class=\"shariff-icon\" style=\"\"><svg width=\"32px\" height=\"20px\" xmlns=\"http:\/\/www.w3.org\/2000\/svg\" viewBox=\"0 0 32 32\"><path fill=\"#999\" d=\"M32 12.7v14.2q0 1.2-0.8 2t-2 0.9h-26.3q-1.2 0-2-0.9t-0.8-2v-14.2q0.8 0.9 1.8 1.6 6.5 4.4 8.9 6.1 1 0.8 1.6 1.2t1.7 0.9 2 0.4h0.1q0.9 0 2-0.4t1.7-0.9 1.6-1.2q3-2.2 8.9-6.1 1-0.7 1.8-1.6zM32 7.4q0 1.4-0.9 2.7t-2.2 2.2q-6.7 4.7-8.4 5.8-0.2 0.1-0.7 0.5t-1 0.7-0.9 0.6-1.1 0.5-0.9 0.2h-0.1q-0.4 0-0.9-0.2t-1.1-0.5-0.9-0.6-1-0.7-0.7-0.5q-1.6-1.1-4.7-3.2t-3.6-2.6q-1.1-0.7-2.1-2t-1-2.5q0-1.4 0.7-2.3t2.1-0.9h26.3q1.2 0 2 0.8t0.9 2z\"\/><\/svg><\/span><span class=\"shariff-text\">E-Mail<\/span>&nbsp;<\/a><\/li><\/ul><\/div>\n<\/div><\/section><br \/>\n<div  class='tabcontainer av-jlq8shhr-b676e11701d9718d755b04dc68ac4c10 top_tab  avia-builder-el-97  el_after_av_textblock  el_before_av_hr '>\n<section class='av_tab_section av_tab_section av-4w8jsn-17d4c89754803ac141d68451b8b1d1a6' ><div id='tab-id-1-tab' class='tab active_tab' role='tab' aria-selected=\"true\" tabindex=\"0\" data-fake-id='#tab-id-1' aria-controls='tab-id-1-content' >Das BACKWINKEL-Blog-Team:<\/div><div id='tab-id-1-content' class='tab_content active_tab_content' role='tabpanel' aria-labelledby='tab-id-1-tab' aria-hidden=\"false\"><div class='tab_inner_content invers-color' ><p><img decoding=\"async\" class=\"wp-image-1768 alignleft\" title=\"BACKWINKEL-Blog \u2013 Das Team\" src=\"https:\/\/blog.backwinkel.de\/wp-content\/uploads\/2018\/10\/backwinkel-blog-autorenbox-intern_preview-300x198.jpg\" alt=\"\" width=\"300\" height=\"198\" \/>Gibts auch ein Gesicht hinter dem BACKWINKEL-Blog? Ja. Vier ?. Drei davon sogar mit Foto.<\/p>\n<p><span style=\"font-style: inherit !important; font-weight: inherit !important;\">Wir \u2013 Lukas, Tatjana, Stefan und Christine \u2013 bespielen unseren Blog unter dem Motto LACHEN LESEN LERNEN. <\/span><\/p>\n<p><span style=\"font-style: inherit !important; font-weight: inherit !important;\">Lukas kennt sich online so gut aus wie in seiner Westentasche und findet immer spannende Themen, w\u00e4hrend Stefan unseren Beitr\u00e4gen den passenden gestalterischen Rahmen gibt und Tatjana mit dem gr\u00fcnen Korrekturstift alles pr\u00fcfend be\u00e4ugt, was unsere Autorin Christine (und gern auch Gastautoren) f\u00fcr den BACKWINKEL-Blog nach ordentlicher Recherche schreibt.<\/span><\/p>\n<p>Gemeinsam suchen wir st\u00e4ndig nach neuen, aufregenden Themen rund um das Thema Bildung im Kiga, der Schule und zu Hause. Und weil Sie da an der Quelle sitzen, freuen wir uns auf Ihre konstruktiven R\u00fcckmeldungen und Anregungen an <a href=\"mailto:blog@backwinkel.de\">blog@backwinkel.de<\/a><\/p>\n<p>Viel Spa\u00df beim LACHEN LESEN LERNEN!<\/p>\n<\/div><\/div><\/section>\n<\/div><br \/>\n\n<style type=\"text\/css\" data-created_by=\"avia_inline_auto\" id=\"style-css-av-jkuvdh82-1-38174a178115d53a20dded2140bc52ff\">\n#top .hr.av-jkuvdh82-1-38174a178115d53a20dded2140bc52ff{\nmargin-top:10px;\nmargin-bottom:10px;\n}\n.hr.av-jkuvdh82-1-38174a178115d53a20dded2140bc52ff .hr-inner{\nwidth:500;\n}\n<\/style>\n<div  class='hr av-jkuvdh82-1-38174a178115d53a20dded2140bc52ff hr-custom  avia-builder-el-98  el_after_av_tab_container  el_before_av_heading  hr-left hr-icon-no'><span class='hr-inner inner-border-av-border-thin'><span class=\"hr-inner-style\"><\/span><\/span><\/div><br \/>\n\n<style type=\"text\/css\" data-created_by=\"avia_inline_auto\" id=\"style-css-av-2kvx4l-26cf26738d77db581bfabf51b88b95c5\">\n#top .av-special-heading.av-2kvx4l-26cf26738d77db581bfabf51b88b95c5{\npadding-bottom:10px;\n}\nbody .av-special-heading.av-2kvx4l-26cf26738d77db581bfabf51b88b95c5 .av-special-heading-tag .heading-char{\nfont-size:25px;\n}\n.av-special-heading.av-2kvx4l-26cf26738d77db581bfabf51b88b95c5 .av-subheading{\nfont-size:15px;\n}\n<\/style>\n<div  class='av-special-heading av-2kvx4l-26cf26738d77db581bfabf51b88b95c5 av-special-heading-h3 blockquote modern-quote  avia-builder-el-99  el_after_av_hr  el_before_av_blog '><h3 class='av-special-heading-tag '  >PASSENDE BEITR\u00c4GE<\/h3><div class=\"special-heading-border\"><div class=\"special-heading-inner-border\"><\/div><\/div><\/div><br \/>\n<div  data-slideshow-options=\"{&quot;animation&quot;:&quot;fade&quot;,&quot;autoplay&quot;:false,&quot;loop_autoplay&quot;:&quot;once&quot;,&quot;interval&quot;:5,&quot;loop_manual&quot;:&quot;manual-endless&quot;,&quot;autoplay_stopper&quot;:false,&quot;noNavigation&quot;:false,&quot;show_slide_delay&quot;:90}\" class='avia-content-slider avia-content-grid-active avia-content-slider1 avia-content-slider-odd  avia-builder-el-100  el_after_av_heading  avia-builder-el-last  av-slideshow-ui av-control-default   av-no-slider-navigation av-slideshow-manual av-loop-once av-loop-manual-endless ' ><div class=\"avia-content-slider-inner\"><div class=\"slide-entry-wrap\"><article class='slide-entry flex_column  post-entry post-entry-18633 slide-entry-overview slide-loop-1 slide-parity-odd  av_one_third first real-thumbnail posttype-post post-format-standard' ><a href='https:\/\/www.backwinkel.de\/blog\/plastik-recyceln\/' data-rel='slide-1' class='slide-image' title='Plastik recyceln'><img decoding=\"async\" fetchpriority=\"high\" width=\"1200\" height=\"628\" src=\"https:\/\/www.backwinkel.de\/blog\/wp-content\/uploads\/2026\/04\/04_Kiga_Plastik_nachhaltig_nutzen.jpg\" class=\"wp-image-18713 avia-img-lazy-loading-not-18713 attachment-no scaling size-no scaling wp-post-image\" alt=\"\" \/><\/a><div class=\"slide-content\"><header class=\"entry-content-header\" aria-label=\"Slide: Plastik recyceln\"><h3 class='slide-entry-title entry-title ' ><a href='https:\/\/www.backwinkel.de\/blog\/plastik-recyceln\/' title='Plastik recyceln'>Plastik recyceln<\/a><\/h3><span class=\"blog-categories minor-meta\"><a href=\"https:\/\/www.backwinkel.de\/blog\/category\/kindergarten-kita\/\" rel=\"tag\">Kindergarten<\/a> <\/span><span class=\"av-vertical-delimiter\"><\/span><\/header><div class='slide-entry-excerpt entry-content' >Biokunststoff f\u00fcr St\u00fchle, Materialboxen, Spielzeug und Rucks\u00e4cke<\/div><\/div><footer class=\"entry-footer\"><div class=\"slide-meta\"><time class='slide-meta-time updated' >14. April 2026<\/time><\/div><\/footer><\/article><article class='slide-entry flex_column  post-entry post-entry-18716 slide-entry-overview slide-loop-2 slide-parity-even  av_one_third  real-thumbnail posttype-post post-format-standard' ><a href='https:\/\/www.backwinkel.de\/blog\/rechnen-im-anfangsunterricht\/' data-rel='slide-1' class='slide-image' title='Rechnen im Anfangsunterricht'><img decoding=\"async\" fetchpriority=\"high\" width=\"1200\" height=\"628\" src=\"https:\/\/www.backwinkel.de\/blog\/wp-content\/uploads\/2026\/04\/04_Schule_Rechnen_anfangsunterricht.jpg\" class=\"wp-image-18748 avia-img-lazy-loading-not-18748 attachment-no scaling size-no scaling wp-post-image\" alt=\"\" \/><\/a><div class=\"slide-content\"><header class=\"entry-content-header\" aria-label=\"Slide: Rechnen im Anfangsunterricht\"><h3 class='slide-entry-title entry-title ' ><a href='https:\/\/www.backwinkel.de\/blog\/rechnen-im-anfangsunterricht\/' title='Rechnen im Anfangsunterricht'>Rechnen im Anfangsunterricht<\/a><\/h3><span class=\"blog-categories minor-meta\"><a href=\"https:\/\/www.backwinkel.de\/blog\/category\/schule-grundschule\/\" rel=\"tag\">Schule<\/a> <\/span><span class=\"av-vertical-delimiter\"><\/span><\/header><div class='slide-entry-excerpt entry-content' >Das Klassenzimmer als Lernlandschaft<\/div><\/div><footer class=\"entry-footer\"><div class=\"slide-meta\"><time class='slide-meta-time updated' >14. April 2026<\/time><\/div><\/footer><\/article><article class='slide-entry flex_column  post-entry post-entry-18372 slide-entry-overview slide-loop-3 slide-parity-odd  post-entry-last  av_one_third  real-thumbnail posttype-post post-format-standard' ><a href='https:\/\/www.backwinkel.de\/blog\/kranke-kinder-im-kindergarten\/' data-rel='slide-1' class='slide-image' title='Kranke Kinder im Kindergarten'><img decoding=\"async\" fetchpriority=\"high\" width=\"1200\" height=\"628\" src=\"https:\/\/www.backwinkel.de\/blog\/wp-content\/uploads\/2026\/03\/03_Kiga_Kranke_Kinder.jpg\" class=\"wp-image-18451 avia-img-lazy-loading-not-18451 attachment-no scaling size-no scaling wp-post-image\" alt=\"Thema: Kranke Kinder. Auf dem Bild ist ein krankes kleines M\u00e4dchen zu sehen. Eine Frau mit einem Fieberthermometer in der Hand sitzt neben ihr und hat die Hand auf der Stirn des M\u00e4dchens.\" \/><\/a><div class=\"slide-content\"><header class=\"entry-content-header\" aria-label=\"Slide: Kranke Kinder im Kindergarten\"><h3 class='slide-entry-title entry-title ' ><a href='https:\/\/www.backwinkel.de\/blog\/kranke-kinder-im-kindergarten\/' title='Kranke Kinder im Kindergarten'>Kranke Kinder im Kindergarten<\/a><\/h3><span class=\"blog-categories minor-meta\"><a href=\"https:\/\/www.backwinkel.de\/blog\/category\/kindergarten-kita\/\" rel=\"tag\">Kindergarten<\/a> <\/span><span class=\"av-vertical-delimiter\"><\/span><\/header><div class='slide-entry-excerpt entry-content' >Auswirkungen f\u00fcr Kinder, Eltern und Fachkr\u00e4fte<\/div><\/div><footer class=\"entry-footer\"><div class=\"slide-meta\"><time class='slide-meta-time updated' >9. M\u00e4rz 2026<\/time><\/div><\/footer><\/article><\/div><\/div><\/div><\/p><\/div>\n","protected":false},"excerpt":{"rendered":"<p>So machen Sie Kindern gesundes Essen schmackhaft <\/p>\n","protected":false},"author":3,"featured_media":4370,"comment_status":"closed","ping_status":"closed","sticky":false,"template":"","format":"standard","meta":{"inline_featured_image":false,"footnotes":""},"categories":[5],"tags":[],"class_list":["post-4366","post","type-post","status-publish","format-standard","has-post-thumbnail","hentry","category-kindergarten-kita"],"yoast_head":"<!-- This site is optimized with the Yoast SEO plugin v27.5 - https:\/\/yoast.com\/product\/yoast-seo-wordpress\/ -->\n<title>Gesunde Ern\u00e4hrung im Kindergarten \u00bb Tipps &amp; Material | BACKWINKEL Blog<\/title>\n<meta name=\"description\" content=\"Wie lernen Kinder, sich gesund zu ern\u00e4hren? Lesen Sie, wie Sie Ihren Kindern gesunde Lebensmittel schmackhaft machen. \u2713 Materialien zum Ausdrucken inklusive. \u2713\" \/>\n<meta name=\"robots\" content=\"index, follow, max-snippet:-1, max-image-preview:large, max-video-preview:-1\" \/>\n<link rel=\"canonical\" href=\"https:\/\/www.backwinkel.de\/blog\/gesunde-ernaehrung-im-kindergarten\/\" \/>\n<meta property=\"og:locale\" content=\"de_DE\" \/>\n<meta property=\"og:type\" content=\"article\" \/>\n<meta property=\"og:title\" content=\"Gesunde Ern\u00e4hrung im Kindergarten \u00bb Tipps &amp; Material | BACKWINKEL Blog\" \/>\n<meta property=\"og:description\" content=\"Wie lernen Kinder, sich gesund zu ern\u00e4hren? Lesen Sie, wie Sie Ihren Kindern gesunde Lebensmittel schmackhaft machen. \u2713 Materialien zum Ausdrucken inklusive. \u2713\" \/>\n<meta property=\"og:url\" content=\"https:\/\/www.backwinkel.de\/blog\/gesunde-ernaehrung-im-kindergarten\/\" \/>\n<meta property=\"og:site_name\" content=\"BACKWINKEL Blog\" \/>\n<meta property=\"article:published_time\" content=\"2020-04-06T08:02:16+00:00\" \/>\n<meta property=\"article:modified_time\" content=\"2026-04-22T09:36:32+00:00\" \/>\n<meta property=\"og:image\" content=\"https:\/\/www.backwinkel.de\/blog\/wp-content\/uploads\/2020\/03\/backwinkel-blog-gesunde-ernaehrung-heroimage.jpg\" \/>\n\t<meta property=\"og:image:width\" content=\"1200\" \/>\n\t<meta property=\"og:image:height\" content=\"628\" \/>\n\t<meta property=\"og:image:type\" content=\"image\/jpeg\" \/>\n<meta name=\"author\" content=\"BACKWINKEL\" \/>\n<meta name=\"twitter:card\" content=\"summary_large_image\" \/>\n<meta name=\"twitter:label1\" content=\"Verfasst von\" \/>\n\t<meta name=\"twitter:data1\" content=\"BACKWINKEL\" \/>\n\t<meta name=\"twitter:label2\" content=\"Gesch\u00e4tzte Lesezeit\" \/>\n\t<meta name=\"twitter:data2\" content=\"16\u00a0Minuten\" \/>\n<script type=\"application\/ld+json\" class=\"yoast-schema-graph\">{\"@context\":\"https:\\\/\\\/schema.org\",\"@graph\":[{\"@type\":\"Article\",\"@id\":\"https:\\\/\\\/www.backwinkel.de\\\/blog\\\/gesunde-ernaehrung-im-kindergarten\\\/#article\",\"isPartOf\":{\"@id\":\"https:\\\/\\\/www.backwinkel.de\\\/blog\\\/gesunde-ernaehrung-im-kindergarten\\\/\"},\"author\":{\"name\":\"BACKWINKEL\",\"@id\":\"https:\\\/\\\/www.backwinkel.de\\\/blog\\\/#\\\/schema\\\/person\\\/3d64575316540d25f7866264a4b7cd24\"},\"headline\":\"Gesunde Ern\u00e4hrung (nicht nur) im Kindergarten:\",\"datePublished\":\"2020-04-06T08:02:16+00:00\",\"dateModified\":\"2026-04-22T09:36:32+00:00\",\"mainEntityOfPage\":{\"@id\":\"https:\\\/\\\/www.backwinkel.de\\\/blog\\\/gesunde-ernaehrung-im-kindergarten\\\/\"},\"wordCount\":8480,\"image\":{\"@id\":\"https:\\\/\\\/www.backwinkel.de\\\/blog\\\/gesunde-ernaehrung-im-kindergarten\\\/#primaryimage\"},\"thumbnailUrl\":\"https:\\\/\\\/www.backwinkel.de\\\/blog\\\/wp-content\\\/uploads\\\/2020\\\/03\\\/backwinkel-blog-gesunde-ernaehrung-heroimage.jpg\",\"articleSection\":[\"Kindergarten\"],\"inLanguage\":\"de\"},{\"@type\":\"WebPage\",\"@id\":\"https:\\\/\\\/www.backwinkel.de\\\/blog\\\/gesunde-ernaehrung-im-kindergarten\\\/\",\"url\":\"https:\\\/\\\/www.backwinkel.de\\\/blog\\\/gesunde-ernaehrung-im-kindergarten\\\/\",\"name\":\"Gesunde Ern\u00e4hrung im Kindergarten \u00bb Tipps & Material | BACKWINKEL Blog\",\"isPartOf\":{\"@id\":\"https:\\\/\\\/www.backwinkel.de\\\/blog\\\/#website\"},\"primaryImageOfPage\":{\"@id\":\"https:\\\/\\\/www.backwinkel.de\\\/blog\\\/gesunde-ernaehrung-im-kindergarten\\\/#primaryimage\"},\"image\":{\"@id\":\"https:\\\/\\\/www.backwinkel.de\\\/blog\\\/gesunde-ernaehrung-im-kindergarten\\\/#primaryimage\"},\"thumbnailUrl\":\"https:\\\/\\\/www.backwinkel.de\\\/blog\\\/wp-content\\\/uploads\\\/2020\\\/03\\\/backwinkel-blog-gesunde-ernaehrung-heroimage.jpg\",\"datePublished\":\"2020-04-06T08:02:16+00:00\",\"dateModified\":\"2026-04-22T09:36:32+00:00\",\"author\":{\"@id\":\"https:\\\/\\\/www.backwinkel.de\\\/blog\\\/#\\\/schema\\\/person\\\/3d64575316540d25f7866264a4b7cd24\"},\"description\":\"Wie lernen Kinder, sich gesund zu ern\u00e4hren? Lesen Sie, wie Sie Ihren Kindern gesunde Lebensmittel schmackhaft machen. \u2713 Materialien zum Ausdrucken inklusive. \u2713\",\"breadcrumb\":{\"@id\":\"https:\\\/\\\/www.backwinkel.de\\\/blog\\\/gesunde-ernaehrung-im-kindergarten\\\/#breadcrumb\"},\"inLanguage\":\"de\",\"potentialAction\":[{\"@type\":\"ReadAction\",\"target\":[\"https:\\\/\\\/www.backwinkel.de\\\/blog\\\/gesunde-ernaehrung-im-kindergarten\\\/\"]}]},{\"@type\":\"ImageObject\",\"inLanguage\":\"de\",\"@id\":\"https:\\\/\\\/www.backwinkel.de\\\/blog\\\/gesunde-ernaehrung-im-kindergarten\\\/#primaryimage\",\"url\":\"https:\\\/\\\/www.backwinkel.de\\\/blog\\\/wp-content\\\/uploads\\\/2020\\\/03\\\/backwinkel-blog-gesunde-ernaehrung-heroimage.jpg\",\"contentUrl\":\"https:\\\/\\\/www.backwinkel.de\\\/blog\\\/wp-content\\\/uploads\\\/2020\\\/03\\\/backwinkel-blog-gesunde-ernaehrung-heroimage.jpg\",\"width\":1200,\"height\":628},{\"@type\":\"BreadcrumbList\",\"@id\":\"https:\\\/\\\/www.backwinkel.de\\\/blog\\\/gesunde-ernaehrung-im-kindergarten\\\/#breadcrumb\",\"itemListElement\":[{\"@type\":\"ListItem\",\"position\":1,\"name\":\"Startseite\",\"item\":\"https:\\\/\\\/blog.backwinkel.de\\\/aktuelles\\\/\"},{\"@type\":\"ListItem\",\"position\":2,\"name\":\"Gesunde Ern\u00e4hrung (nicht nur) im Kindergarten:\"}]},{\"@type\":\"WebSite\",\"@id\":\"https:\\\/\\\/www.backwinkel.de\\\/blog\\\/#website\",\"url\":\"https:\\\/\\\/www.backwinkel.de\\\/blog\\\/\",\"name\":\"BACKWINKEL Blog\",\"description\":\"f\u00fcr Lehrer, Erzieher und Eltern\",\"potentialAction\":[{\"@type\":\"SearchAction\",\"target\":{\"@type\":\"EntryPoint\",\"urlTemplate\":\"https:\\\/\\\/www.backwinkel.de\\\/blog\\\/?s={search_term_string}\"},\"query-input\":{\"@type\":\"PropertyValueSpecification\",\"valueRequired\":true,\"valueName\":\"search_term_string\"}}],\"inLanguage\":\"de\"},{\"@type\":\"Person\",\"@id\":\"https:\\\/\\\/www.backwinkel.de\\\/blog\\\/#\\\/schema\\\/person\\\/3d64575316540d25f7866264a4b7cd24\",\"name\":\"BACKWINKEL\",\"sameAs\":[\"http:\\\/\\\/www.backwinkel.de\"],\"url\":\"https:\\\/\\\/www.backwinkel.de\\\/blog\\\/author\\\/backwinkel\\\/\"}]}<\/script>\n<!-- \/ Yoast SEO plugin. -->","yoast_head_json":{"title":"Gesunde Ern\u00e4hrung im Kindergarten \u00bb Tipps & Material | BACKWINKEL Blog","description":"Wie lernen Kinder, sich gesund zu ern\u00e4hren? Lesen Sie, wie Sie Ihren Kindern gesunde Lebensmittel schmackhaft machen. \u2713 Materialien zum Ausdrucken inklusive. \u2713","robots":{"index":"index","follow":"follow","max-snippet":"max-snippet:-1","max-image-preview":"max-image-preview:large","max-video-preview":"max-video-preview:-1"},"canonical":"https:\/\/www.backwinkel.de\/blog\/gesunde-ernaehrung-im-kindergarten\/","og_locale":"de_DE","og_type":"article","og_title":"Gesunde Ern\u00e4hrung im Kindergarten \u00bb Tipps & Material | BACKWINKEL Blog","og_description":"Wie lernen Kinder, sich gesund zu ern\u00e4hren? Lesen Sie, wie Sie Ihren Kindern gesunde Lebensmittel schmackhaft machen. \u2713 Materialien zum Ausdrucken inklusive. \u2713","og_url":"https:\/\/www.backwinkel.de\/blog\/gesunde-ernaehrung-im-kindergarten\/","og_site_name":"BACKWINKEL Blog","article_published_time":"2020-04-06T08:02:16+00:00","article_modified_time":"2026-04-22T09:36:32+00:00","og_image":[{"width":1200,"height":628,"url":"https:\/\/www.backwinkel.de\/blog\/wp-content\/uploads\/2020\/03\/backwinkel-blog-gesunde-ernaehrung-heroimage.jpg","type":"image\/jpeg"}],"author":"BACKWINKEL","twitter_card":"summary_large_image","twitter_misc":{"Verfasst von":"BACKWINKEL","Gesch\u00e4tzte Lesezeit":"16\u00a0Minuten"},"schema":{"@context":"https:\/\/schema.org","@graph":[{"@type":"Article","@id":"https:\/\/www.backwinkel.de\/blog\/gesunde-ernaehrung-im-kindergarten\/#article","isPartOf":{"@id":"https:\/\/www.backwinkel.de\/blog\/gesunde-ernaehrung-im-kindergarten\/"},"author":{"name":"BACKWINKEL","@id":"https:\/\/www.backwinkel.de\/blog\/#\/schema\/person\/3d64575316540d25f7866264a4b7cd24"},"headline":"Gesunde Ern\u00e4hrung (nicht nur) im Kindergarten:","datePublished":"2020-04-06T08:02:16+00:00","dateModified":"2026-04-22T09:36:32+00:00","mainEntityOfPage":{"@id":"https:\/\/www.backwinkel.de\/blog\/gesunde-ernaehrung-im-kindergarten\/"},"wordCount":8480,"image":{"@id":"https:\/\/www.backwinkel.de\/blog\/gesunde-ernaehrung-im-kindergarten\/#primaryimage"},"thumbnailUrl":"https:\/\/www.backwinkel.de\/blog\/wp-content\/uploads\/2020\/03\/backwinkel-blog-gesunde-ernaehrung-heroimage.jpg","articleSection":["Kindergarten"],"inLanguage":"de"},{"@type":"WebPage","@id":"https:\/\/www.backwinkel.de\/blog\/gesunde-ernaehrung-im-kindergarten\/","url":"https:\/\/www.backwinkel.de\/blog\/gesunde-ernaehrung-im-kindergarten\/","name":"Gesunde Ern\u00e4hrung im Kindergarten \u00bb Tipps & Material | BACKWINKEL Blog","isPartOf":{"@id":"https:\/\/www.backwinkel.de\/blog\/#website"},"primaryImageOfPage":{"@id":"https:\/\/www.backwinkel.de\/blog\/gesunde-ernaehrung-im-kindergarten\/#primaryimage"},"image":{"@id":"https:\/\/www.backwinkel.de\/blog\/gesunde-ernaehrung-im-kindergarten\/#primaryimage"},"thumbnailUrl":"https:\/\/www.backwinkel.de\/blog\/wp-content\/uploads\/2020\/03\/backwinkel-blog-gesunde-ernaehrung-heroimage.jpg","datePublished":"2020-04-06T08:02:16+00:00","dateModified":"2026-04-22T09:36:32+00:00","author":{"@id":"https:\/\/www.backwinkel.de\/blog\/#\/schema\/person\/3d64575316540d25f7866264a4b7cd24"},"description":"Wie lernen Kinder, sich gesund zu ern\u00e4hren? Lesen Sie, wie Sie Ihren Kindern gesunde Lebensmittel schmackhaft machen. \u2713 Materialien zum Ausdrucken inklusive. \u2713","breadcrumb":{"@id":"https:\/\/www.backwinkel.de\/blog\/gesunde-ernaehrung-im-kindergarten\/#breadcrumb"},"inLanguage":"de","potentialAction":[{"@type":"ReadAction","target":["https:\/\/www.backwinkel.de\/blog\/gesunde-ernaehrung-im-kindergarten\/"]}]},{"@type":"ImageObject","inLanguage":"de","@id":"https:\/\/www.backwinkel.de\/blog\/gesunde-ernaehrung-im-kindergarten\/#primaryimage","url":"https:\/\/www.backwinkel.de\/blog\/wp-content\/uploads\/2020\/03\/backwinkel-blog-gesunde-ernaehrung-heroimage.jpg","contentUrl":"https:\/\/www.backwinkel.de\/blog\/wp-content\/uploads\/2020\/03\/backwinkel-blog-gesunde-ernaehrung-heroimage.jpg","width":1200,"height":628},{"@type":"BreadcrumbList","@id":"https:\/\/www.backwinkel.de\/blog\/gesunde-ernaehrung-im-kindergarten\/#breadcrumb","itemListElement":[{"@type":"ListItem","position":1,"name":"Startseite","item":"https:\/\/blog.backwinkel.de\/aktuelles\/"},{"@type":"ListItem","position":2,"name":"Gesunde Ern\u00e4hrung (nicht nur) im Kindergarten:"}]},{"@type":"WebSite","@id":"https:\/\/www.backwinkel.de\/blog\/#website","url":"https:\/\/www.backwinkel.de\/blog\/","name":"BACKWINKEL Blog","description":"f\u00fcr Lehrer, Erzieher und Eltern","potentialAction":[{"@type":"SearchAction","target":{"@type":"EntryPoint","urlTemplate":"https:\/\/www.backwinkel.de\/blog\/?s={search_term_string}"},"query-input":{"@type":"PropertyValueSpecification","valueRequired":true,"valueName":"search_term_string"}}],"inLanguage":"de"},{"@type":"Person","@id":"https:\/\/www.backwinkel.de\/blog\/#\/schema\/person\/3d64575316540d25f7866264a4b7cd24","name":"BACKWINKEL","sameAs":["http:\/\/www.backwinkel.de"],"url":"https:\/\/www.backwinkel.de\/blog\/author\/backwinkel\/"}]}},"_links":{"self":[{"href":"https:\/\/www.backwinkel.de\/blog\/wp-json\/wp\/v2\/posts\/4366","targetHints":{"allow":["GET"]}}],"collection":[{"href":"https:\/\/www.backwinkel.de\/blog\/wp-json\/wp\/v2\/posts"}],"about":[{"href":"https:\/\/www.backwinkel.de\/blog\/wp-json\/wp\/v2\/types\/post"}],"author":[{"embeddable":true,"href":"https:\/\/www.backwinkel.de\/blog\/wp-json\/wp\/v2\/users\/3"}],"replies":[{"embeddable":true,"href":"https:\/\/www.backwinkel.de\/blog\/wp-json\/wp\/v2\/comments?post=4366"}],"version-history":[{"count":10,"href":"https:\/\/www.backwinkel.de\/blog\/wp-json\/wp\/v2\/posts\/4366\/revisions"}],"predecessor-version":[{"id":18881,"href":"https:\/\/www.backwinkel.de\/blog\/wp-json\/wp\/v2\/posts\/4366\/revisions\/18881"}],"wp:featuredmedia":[{"embeddable":true,"href":"https:\/\/www.backwinkel.de\/blog\/wp-json\/wp\/v2\/media\/4370"}],"wp:attachment":[{"href":"https:\/\/www.backwinkel.de\/blog\/wp-json\/wp\/v2\/media?parent=4366"}],"wp:term":[{"taxonomy":"category","embeddable":true,"href":"https:\/\/www.backwinkel.de\/blog\/wp-json\/wp\/v2\/categories?post=4366"},{"taxonomy":"post_tag","embeddable":true,"href":"https:\/\/www.backwinkel.de\/blog\/wp-json\/wp\/v2\/tags?post=4366"}],"curies":[{"name":"wp","href":"https:\/\/api.w.org\/{rel}","templated":true}]}}