{"id":4113,"date":"2020-03-01T09:25:52","date_gmt":"2020-03-01T08:25:52","guid":{"rendered":"https:\/\/blog.backwinkel.de\/?p=4113"},"modified":"2026-04-22T10:24:55","modified_gmt":"2026-04-22T08:24:55","slug":"sinnesfoerderung-im-kindergarten","status":"publish","type":"post","link":"https:\/\/www.backwinkel.de\/blog\/sinnesfoerderung-im-kindergarten\/","title":{"rendered":"Sinnesf\u00f6rderung im Kindergarten:"},"content":{"rendered":"\n<style type=\"text\/css\" data-created_by=\"avia_inline_auto\" id=\"style-css-av-8vdv8-f7e0dae999cc49bc529a70f67b346526\">\n.flex_column.av-8vdv8-f7e0dae999cc49bc529a70f67b346526{\nborder-radius:0px 0px 0px 0px;\npadding:0px 0px 0px 0px;\n}\n<\/style>\n<div  class='flex_column av-8vdv8-f7e0dae999cc49bc529a70f67b346526 av_one_full  avia-builder-el-0  el_before_av_three_fifth  avia-builder-el-first  first flex_column_div av-zero-column-padding  '     ><p>\n<style type=\"text\/css\" data-created_by=\"avia_inline_auto\" id=\"style-css-av-jl6mo8rj-605eccf9df0dce9c3ffb6a57636da99d\">\n#top .hr.hr-invisible.av-jl6mo8rj-605eccf9df0dce9c3ffb6a57636da99d{\nmargin-top:0px;\nheight:1px;\n}\n<\/style>\n<div  class='hr av-jl6mo8rj-605eccf9df0dce9c3ffb6a57636da99d hr-invisible  avia-builder-el-1  el_before_av_heading  avia-builder-el-first '><span class='hr-inner '><span class=\"hr-inner-style\"><\/span><\/span><\/div><br \/>\n\n<style type=\"text\/css\" data-created_by=\"avia_inline_auto\" id=\"style-css-av-1us2dt-0e4fb4afcfed62a208de0c7632b24287\">\n#top .av-special-heading.av-1us2dt-0e4fb4afcfed62a208de0c7632b24287{\npadding-bottom:10px;\n}\nbody .av-special-heading.av-1us2dt-0e4fb4afcfed62a208de0c7632b24287 .av-special-heading-tag .heading-char{\nfont-size:25px;\n}\n.av-special-heading.av-1us2dt-0e4fb4afcfed62a208de0c7632b24287 .av-subheading{\nfont-size:15px;\n}\n<\/style>\n<div  class='av-special-heading av-1us2dt-0e4fb4afcfed62a208de0c7632b24287 av-special-heading-h1 blockquote modern-quote  avia-builder-el-2  el_after_av_hr  el_before_av_post_metadata  av-linked-heading'><h1 class='av-special-heading-tag '  >Sinnesf\u00f6rderung im Kindergarten: So gestalten Sie einen spannenden Barfu\u00df-Sinnespfad<\/h1><div class='av-subheading av-subheading_below'><p class=\"autorenname\">Christine Hagemann<\/p>\n<\/div><div class=\"special-heading-border\"><div class=\"special-heading-inner-border\"><\/div><\/div><\/div><br \/>\n\n<style type=\"text\/css\" data-created_by=\"avia_inline_auto\" id=\"style-css-av-564eld-969e00738c7fd86d58174e5141456a42\">\n#top .av-post-metadata-container.av-564eld-969e00738c7fd86d58174e5141456a42{\nfont-size:12px;\n}\n#top .av-post-metadata-container.av-564eld-969e00738c7fd86d58174e5141456a42 .av-post-metadata-container-inner{\nfont-size:12px;\n}\n<\/style>\n<div  class='av-post-metadata-container av-564eld-969e00738c7fd86d58174e5141456a42 av-metadata-container-align-left  avia-builder-el-3  el_after_av_heading  el_before_av_textblock  av-metadata-container-1'><div class='av-post-metadata-container-inner'><span class=\"av-post-metadata-content av-post-metadata-meta-content\"><span class=\"av-post-metadata-content av-post-metadata-modified\"><span class=\"av-metadata-before av-metadata-before-modified\">Aktualisiert:<\/span><span class=\"av-post-metadata-modified-date\" >22. April 2026<\/span><\/span><span class=\"av-post-metadata-content av-post-metadata-separator\">\/<\/span><span class=\"av-post-metadata-content av-post-metadata-modified\"><span class=\"av-metadata-before av-metadata-before-modified\">Zuletzt aktualisiert:<\/span><span class=\"av-post-metadata-modified-date\" >22. April 2026<\/span><\/span><\/span><\/div><\/div><br \/>\n\n<style type=\"text\/css\" data-created_by=\"avia_inline_auto\" id=\"style-css-av-jkuubohz-8fca5ffce642cf8e1fbd093c1d421e49\">\n#top .av_textblock_section.av-jkuubohz-8fca5ffce642cf8e1fbd093c1d421e49 .avia_textblock{\nfont-size:20px;\n}\n<\/style>\n<section  class='av_textblock_section av-jkuubohz-8fca5ffce642cf8e1fbd093c1d421e49 '  ><div class='avia_textblock' ><p class=\"einleitungstext-beitrag\">F\u00fcr Kinder sind die Sinne der Zugang zur Welt. Ihre fr\u00fchen Sinneserfahrungen bilden die Basis f\u00fcr alles Lernen. Darum ist die Sinnesf\u00f6rderung im Kindergarten so wertvoll.<\/p>\n<\/div><\/section><br \/>\n\n<style type=\"text\/css\" data-created_by=\"avia_inline_auto\" id=\"style-css-av-jkuuo5h6-e8c7f12d0e3e4a4022fd25f93e592939\">\n.avia-image-container.av-jkuuo5h6-e8c7f12d0e3e4a4022fd25f93e592939 img.avia_image{\nbox-shadow:none;\n}\n.avia-image-container.av-jkuuo5h6-e8c7f12d0e3e4a4022fd25f93e592939 .av-image-caption-overlay-center{\ncolor:#ffffff;\n}\n<\/style>\n<div  class='avia-image-container av-jkuuo5h6-e8c7f12d0e3e4a4022fd25f93e592939 av-styling- avia-align-center  avia-builder-el-5  el_after_av_textblock  el_before_av_hr '  ><div class=\"avia-image-container-inner\"><div class=\"avia-image-overlay-wrap\"><img decoding=\"async\" fetchpriority=\"high\" class='wp-image-4112 avia-img-lazy-loading-not-4112 avia_image ' src=\"https:\/\/www.backwinkel.de\/blog\/wp-content\/uploads\/2020\/02\/backwinkel-blog-sinnesfoerderung-in-der-grundschule.jpg\" alt='' title='backwinkel-blog-sinnesfoerderung-in-der-grundschule'  height=\"628\" width=\"1200\" srcset=\"https:\/\/www.backwinkel.de\/blog\/wp-content\/uploads\/2020\/02\/backwinkel-blog-sinnesfoerderung-in-der-grundschule.jpg 1200w, https:\/\/www.backwinkel.de\/blog\/wp-content\/uploads\/2020\/02\/backwinkel-blog-sinnesfoerderung-in-der-grundschule-300x157.jpg 300w, https:\/\/www.backwinkel.de\/blog\/wp-content\/uploads\/2020\/02\/backwinkel-blog-sinnesfoerderung-in-der-grundschule-1030x539.jpg 1030w, https:\/\/www.backwinkel.de\/blog\/wp-content\/uploads\/2020\/02\/backwinkel-blog-sinnesfoerderung-in-der-grundschule-768x402.jpg 768w, https:\/\/www.backwinkel.de\/blog\/wp-content\/uploads\/2020\/02\/backwinkel-blog-sinnesfoerderung-in-der-grundschule-705x369.jpg 705w\" sizes=\"(max-width: 1200px) 100vw, 1200px\" \/><\/div><\/div><\/div><br \/>\n\n<style type=\"text\/css\" data-created_by=\"avia_inline_auto\" id=\"style-css-av-jl6mo8rj-29-eef74df16256ec908b8738a5503fb8b3\">\n#top .hr.hr-invisible.av-jl6mo8rj-29-eef74df16256ec908b8738a5503fb8b3{\nheight:5px;\n}\n<\/style>\n<div  class='hr av-jl6mo8rj-29-eef74df16256ec908b8738a5503fb8b3 hr-invisible  avia-builder-el-6  el_after_av_image  el_before_av_textblock '><span class='hr-inner '><span class=\"hr-inner-style\"><\/span><\/span><\/div><br \/>\n\n<style type=\"text\/css\" data-created_by=\"avia_inline_auto\" id=\"style-css-av-jl7ql86y-e80384d8b1750d8be134ad53f89ab6ea\">\n#top .av_textblock_section.av-jl7ql86y-e80384d8b1750d8be134ad53f89ab6ea .avia_textblock{\nfont-size:10px;\n}\n<\/style>\n<section  class='av_textblock_section av-jl7ql86y-e80384d8b1750d8be134ad53f89ab6ea '  ><div class='avia_textblock' ><p class=\"bildnennung-beitrag\" style=\"text-align: left;\">\u00a9 Maik, Adobestock.com<\/p>\n<\/div><\/section><br \/>\n\n<style type=\"text\/css\" data-created_by=\"avia_inline_auto\" id=\"style-css-av-jl6mo8rj-27-fc73d2eb0ba448a8ce8fb3d78d8e21f2\">\n#top .hr.hr-invisible.av-jl6mo8rj-27-fc73d2eb0ba448a8ce8fb3d78d8e21f2{\nheight:20px;\n}\n<\/style>\n<div  class='hr av-jl6mo8rj-27-fc73d2eb0ba448a8ce8fb3d78d8e21f2 hr-invisible  avia-builder-el-8  el_after_av_textblock  el_before_av_textblock '><span class='hr-inner '><span class=\"hr-inner-style\"><\/span><\/span><\/div><br \/>\n<section  class='av_textblock_section av-jkuubohz-28-9de97a4539d476ab4e4bc7f6ee85dfcc '  ><div class='avia_textblock' ><p>Vom ersten Tag an wollen Kinder mit allen Sinnen ihre Umwelt entdecken. Und immer ist Bewegung im Spiel. Die sensomotorischen Erfahrungen, die das Kind in den ersten Lebensjahren macht, <strong>pr\u00e4gen die gesamte Entwicklung<\/strong>. Aber in der heutigen Welt droht Kindern nicht nur Bewegungsmangel, ihnen fehlen auch k\u00f6rpernahe Sinneserfahrungen.<\/p>\n<p>Im Alltag kommt besonders ein Sinnesorgan oft zu kurz: die F\u00fc\u00dfe. Babys erleben taktile Sinnesreize ganz nat\u00fcrlich <strong>mit H\u00e4nden und F\u00fc\u00dfen<\/strong>. Doch sobald Kinder laufen, stecken ihre F\u00fc\u00dfe viel zu oft in Schuhen. Bringen Sie die F\u00fc\u00dfe an die frische Luft. Lesen Sie im Folgenden, wie Sie einen Barfu\u00df-Sinnespfad mit einfachen Mitteln und kosteng\u00fcnstig selbst bauen.<\/p>\n<\/div><\/section><\/p><\/div>\n<style type=\"text\/css\" data-created_by=\"avia_inline_auto\" id=\"style-css-av-swqf9-6bb490ea0cbb171c9d159bb967226129\">\n.flex_column.av-swqf9-6bb490ea0cbb171c9d159bb967226129{\nborder-radius:0px 0px 0px 0px;\npadding:20px 20px 20px 20px;\nbackground-color:#f2f2f2;\n}\n<\/style>\n<div  class='flex_column av-swqf9-6bb490ea0cbb171c9d159bb967226129 av_three_fifth  avia-builder-el-10  el_after_av_one_full  el_before_av_two_fifth  first flex_column_div  column-top-margin'     ><style type=\"text\/css\" data-created_by=\"avia_inline_auto\" id=\"style-css-av-jkuua5r2-daaff240cdb64ff49178ef768245fa1b\">\n#top .av_textblock_section.av-jkuua5r2-daaff240cdb64ff49178ef768245fa1b .avia_textblock{\nfont-size:14px;\n}\n<\/style>\n<section  class='av_textblock_section av-jkuua5r2-daaff240cdb64ff49178ef768245fa1b '  ><div class='avia_textblock' ><p><strong>Inhalt<\/strong><\/p>\n<p><strong><a href=\"#1\">1. Darum ist fr\u00fche Sinnesf\u00f6rderung im Kindergarten wichtig<\/a><\/strong><br \/>\n1.1 Sinneswahrnehmung und Bewegung geh\u00f6ren zusammen<br \/>\n1.2 Sinneserfahrungen verbessern die Denkf\u00e4higkeit<\/p>\n<p><strong><a href=\"#2\">2. Sinnesf\u00f6rderung praktisch: ein Fu\u00dff\u00fchlpfad in der Kita<\/a><\/strong><br \/>\n2.1 Barfu\u00dflaufen tut K\u00f6rper und Seele gut<br \/>\n2.2 Die Natur mit den F\u00fc\u00dfen f\u00fchlen<\/p>\n<p><strong><a href=\"#3\">3. Wie gestalte ich einen Barfu\u00df-Sinnespfad? Tipps f\u00fcr drau\u00dfen und drinnen<\/a><\/strong><br \/>\n3.1 Ein dauerhafter Barfu\u00dfpfad im Au\u00dfenbereich<br \/>\n3.2 H\u00f6lzerne Rahmen f\u00fcr den flexiblen Einsatz<br \/>\n3.3 Ein Barfu\u00dfparcours auf Vliesbahnen<br \/>\n3.4 Fu\u00dff\u00fchlpfade im Gruppenraum<\/p>\n<\/div><\/section><\/div><\/p>\n\n<style type=\"text\/css\" data-created_by=\"avia_inline_auto\" id=\"style-css-av-2532d-6e1ea05e25305745634c0a02c87dc827\">\n.flex_column.av-2532d-6e1ea05e25305745634c0a02c87dc827{\nborder-radius:0px 0px 0px 0px;\npadding:0 0 0 0;\n}\n<\/style>\n<div  class='flex_column av-2532d-6e1ea05e25305745634c0a02c87dc827 av_two_fifth  avia-builder-el-12  el_after_av_three_fifth  el_before_av_sidebar  flex_column_div av-zero-column-padding  column-top-margin'     ><\/div>\n<div  class='avia-builder-widget-area clearfix  avia-builder-el-13  el_after_av_two_fifth  el_before_av_one_full '><div id=\"text-33\" class=\"widget clearfix widget_text\">\t\t\t<div class=\"textwidget\"><p><a href=\"https:\/\/www.backwinkel.de\/nachhaltig-denken\/\" target=\"\\_blank\" rel=\"noopener\"><br \/>\n<img decoding=\"async\" class=\"werbung-desktop alignnone wp-image-4186 size-full\" src=\"https:\/\/www.backwinkel.de\/blog\/wp-content\/uploads\/2026\/04\/Backwinkel-blog-werbebanner-shop-kita-schule_desktop.jpg\" alt=\"\" width=\"1251\" height=\"201\" \/><br \/>\n<\/a><br \/>\n<a href=\"https:\/\/www.backwinkel.de\/nachhaltig-denken\/\" target=\"\\_blank\" rel=\"noopener\"><br \/>\n<img decoding=\"async\" class=\"werbung-mobile alignnone wp-image-4187 size-full\" src=\"https:\/\/www.backwinkel.de\/blog\/wp-content\/uploads\/2026\/04\/Backwinkel-blog-werbebanner-shop-kiga-schule_mobile.jpg\" alt=\"\" width=\"550\" height=\"500\" \/><br \/>\n<\/a><\/p>\n<\/div>\n\t\t<\/div><\/div>\n\n<style type=\"text\/css\" data-created_by=\"avia_inline_auto\" id=\"style-css-av-hh5al-9c53459d093ff912fcc98cf97e19d753\">\n.flex_column.av-hh5al-9c53459d093ff912fcc98cf97e19d753{\nborder-radius:0px 0px 0px 0px;\npadding:0px 0px 0px 0px;\n}\n<\/style>\n<div  class='flex_column av-hh5al-9c53459d093ff912fcc98cf97e19d753 av_one_full  avia-builder-el-14  el_after_av_sidebar  el_before_av_one_full  first flex_column_div av-zero-column-padding  '     ><section  class='av_textblock_section av-jkuul0eg-6af03d92853d10c708f30d0d80e1e285 '  ><div class='avia_textblock' >\n<style type=\"text\/css\" data-created_by=\"avia_inline_auto\" id=\"style-css-av-7c7r8-1ad3209b7b9ea9c60cc97e362d76ea5e\">\n#top .hr.hr-invisible.av-7c7r8-1ad3209b7b9ea9c60cc97e362d76ea5e{\nheight:20px;\n}\n<\/style>\n<div  class='hr av-7c7r8-1ad3209b7b9ea9c60cc97e362d76ea5e hr-invisible  avia-builder-el-16  avia-builder-el-no-sibling '><span class='hr-inner '><span class=\"hr-inner-style\"><\/span><\/span><\/div>\n<h2 id=\"1\" class=\"position\">Darum ist fr\u00fche Sinnesf\u00f6rderung im Kindergarten wichtig<\/h2>\n<p>Um sich mit ihrer Lebenswirklichkeit auseinandersetzen zu k\u00f6nnen, m\u00fcssen Kinder in der Lage sein, aufmerksam wahrzunehmen. <strong>Die sinnliche Wahrnehmung ist die Wurzel jeder Erfahrung<\/strong>, durch die das Kind seine Welt aufzubauen und zu verstehen lernt. Nur so gewinnt es Informationen, die ihm helfen, sich zu orientieren und angemessen zu handeln.<\/p>\n<h3>Sinneswahrnehmung und Bewegung geh\u00f6ren zusammen<\/h3>\n<p>Die Welt mit allen Sinnen erkunden \u2013 so lernen Kinder jeden Tag etwas hinzu. Die Energie, die sie dazu antreibt, ist ihre Neugier. Alle Dinge, die sie interessieren, wollen sie anfassen, beobachten und ausprobieren. <strong>Die Neugier ist der Motor jeder Entwicklung<\/strong>.<\/p>\n<p><strong>In Bewegung<\/strong> lernen Kinder sich selbst und ihre Umwelt kennen. Die fr\u00fchen K\u00f6rpererfahrungen des Kindes pr\u00e4gen sein Selbstbild, sein Verst\u00e4ndnis von der Welt und das Vertrauen in die eigene Person. Bei allen k\u00f6rperlichen, emotionalen und geistigen Lernprozessen sind <strong>Sinneswahrnehmung und Bewegung eng gekoppelt<\/strong>. Die Sensomotorik bestimmt die kindliche Entwicklung bis ins Grundschulalter.<\/p>\n<\/div><\/section><\/div>\n\n<style type=\"text\/css\" data-created_by=\"avia_inline_auto\" id=\"style-css-av-hh5al-26-d1f2a01f89204934add1b891d8eaf3f3\">\n.flex_column.av-hh5al-26-d1f2a01f89204934add1b891d8eaf3f3{\nborder-radius:0px 0px 0px 0px;\npadding:0px 0px 0px 0px;\n}\n<\/style>\n<div  class='flex_column av-hh5al-26-d1f2a01f89204934add1b891d8eaf3f3 av_one_full  avia-builder-el-17  el_after_av_one_full  el_before_av_one_full  first flex_column_div av-zero-column-padding  column-top-margin'     ><style type=\"text\/css\" data-created_by=\"avia_inline_auto\" id=\"style-css-av-jqz83eqo-f253f701a8e55fa58e88113f09661bf3\">\n.av_promobox.av-jqz83eqo-f253f701a8e55fa58e88113f09661bf3{\ncolor:#575757;\nbackground:#ffffff;\nborder-color:#575757;\n}\n<\/style>\n<div  class='av_promobox av-jqz83eqo-f253f701a8e55fa58e88113f09661bf3 avia-button-no  avia-builder-el-18  avia-builder-el-no-sibling '><div class='avia-promocontent'><p>\n<strong>Der Begriff Sensomotorik<\/strong> bezeichnet die Gesamtheit des Zusammenwirkens von Sinneseindr\u00fccken und Bewegungsabl\u00e4ufen. Das Zusammenspiel von Sinneszellen und Muskeln funktioniert \u00fcber komplexe R\u00fcckmeldeprozesse im Nervensystem. Einfacher gesagt: Unser Gehirn braucht ununterbrochenen sensorischen Input, um unsere Bewegungen zu koordinieren. Diese reichen von grobmotorischer Aktion bis zur \u00dcbermittlung von Gedanken und Gef\u00fchlen \u00fcber Mimik oder Sprache.<\/p>\n<p class=\"bildnennung-beitrag\" style=\"text-align: left;\">Quelle: Lexikon der Biologie <a href=\"https:\/\/www.spektrum.de\/lexikon\/biologie\/sensomotorik\/61056\">https:\/\/www.spektrum.de\/lexikon\/biologie\/sensomotorik\/61056<\/a><\/p>\n<p>\n<\/div><\/div><\/div>\n\n<style type=\"text\/css\" data-created_by=\"avia_inline_auto\" id=\"style-css-av-hh5al-23-62ce8bd7479ac567703529b57db28a56\">\n.flex_column.av-hh5al-23-62ce8bd7479ac567703529b57db28a56{\nborder-radius:0px 0px 0px 0px;\npadding:0px 0px 0px 0px;\n}\n<\/style>\n<div  class='flex_column av-hh5al-23-62ce8bd7479ac567703529b57db28a56 av_one_full  avia-builder-el-19  el_after_av_one_full  el_before_av_one_full  first flex_column_div av-zero-column-padding  column-top-margin'     ><section  class='av_textblock_section av-jkuul0eg-25-34bb5f8ca29a064d2c06dc6ac08cb804 '  ><div class='avia_textblock' >\n<style type=\"text\/css\" data-created_by=\"avia_inline_auto\" id=\"style-css-av-7c7r8-24-7afd6ea64cb0e19b19955e9e6e2cd4c7\">\n#top .hr.hr-invisible.av-7c7r8-24-7afd6ea64cb0e19b19955e9e6e2cd4c7{\nheight:20px;\n}\n<\/style>\n<div  class='hr av-7c7r8-24-7afd6ea64cb0e19b19955e9e6e2cd4c7 hr-invisible  avia-builder-el-21  avia-builder-el-no-sibling '><span class='hr-inner '><span class=\"hr-inner-style\"><\/span><\/span><\/div>\n<h3>Sinneserfahrungen verbessern die Denkf\u00e4higkeit<\/h3>\n<p><strong>In den ersten sieben Lebensjahren<\/strong> lernen Kinder sensomotorisch. Erst allm\u00e4hlich entwickelt sich die F\u00e4higkeit des abstrakten Denkens. Somit basiert das F\u00fchlen und Denken jedes Menschen auf Sinneserfahrungen der fr\u00fchen Kindheit. Sie bilden die <strong>Grundlage f\u00fcr komplexe Denkprozesse<\/strong>, auch f\u00fcr das Erlernen von Lesen, Schreiben und Rechnen in der Schule.<\/p>\n<\/div><\/section><\/div>\n\n<style type=\"text\/css\" data-created_by=\"avia_inline_auto\" id=\"style-css-av-jlnt0i5o-f68c1304e2454480bc9c1823323e51fe\">\n.flex_column.av-jlnt0i5o-f68c1304e2454480bc9c1823323e51fe{\nborder-radius:0px 0px 0px 0px;\npadding:10px 10px 10px 10px;\nbackground-color:#fee3e2;\n}\n<\/style>\n<div  class='flex_column av-jlnt0i5o-f68c1304e2454480bc9c1823323e51fe av_one_full  avia-builder-el-22  el_after_av_one_full  el_before_av_one_full  first flex_column_div  column-top-margin'     ><style type=\"text\/css\" data-created_by=\"avia_inline_auto\" id=\"style-css-av-jkuvcso3-76e3e1efd844176987a0c9201bfb226f\">\n#top .av_textblock_section.av-jkuvcso3-76e3e1efd844176987a0c9201bfb226f .avia_textblock{\nfont-size:22px;\n}\n<\/style>\n<section  class='av_textblock_section av-jkuvcso3-76e3e1efd844176987a0c9201bfb226f '  ><div class='avia_textblock' ><p><strong>Sinnliche Wahrnehmung: Was passiert im Gehirn?<\/strong><br \/>\nDie Sinnesorgane vermitteln Informationen, die das Gehirn sortiert und ordnet. Daraus entstehen Wahrnehmungen von Farben, Formen, T\u00f6nen, Geschmack, Geruch, Empfindungen und Lernprozesse. Intensive Sinnesreize regen die Neuronen an, Br\u00fccken auszubilden. Jede neue Verbindung f\u00fcgt neue Elemente zu den sensorischen und motorischen M\u00f6glichkeiten des Kindes hinzu. Mehr Nervenverbindungen bedeuten gr\u00f6\u00dferes Lernverm\u00f6gen. Und das macht wahre Intelligenz aus.<\/p>\n<p class=\"bildnennung-beitrag\" style=\"text-align: left;\">Quelle: Jean Ayres: Bausteine der kindlichen Entwicklung, S. 64 f.<\/p>\n<\/div><\/section><\/div>\n\n<style type=\"text\/css\" data-created_by=\"avia_inline_auto\" id=\"style-css-av-hh5al-21-2481791bc5f8912a600c61e6f8c44f00\">\n.flex_column.av-hh5al-21-2481791bc5f8912a600c61e6f8c44f00{\nborder-radius:0px 0px 0px 0px;\npadding:0px 0px 0px 0px;\n}\n<\/style>\n<div  class='flex_column av-hh5al-21-2481791bc5f8912a600c61e6f8c44f00 av_one_full  avia-builder-el-24  el_after_av_one_full  el_before_av_one_full  first flex_column_div av-zero-column-padding  column-top-margin'     ><section  class='av_textblock_section av-jkuul0eg-20-987ec6386f7b148d5f3f2baa12c7b6b1 '  ><div class='avia_textblock' ><p>Entwicklungspsychologen stellen fest: <strong>Kognitive Kompetenz<\/strong> kann ein Kind nur dann entwickeln, wenn es sich <strong>aktiv handelnd<\/strong> mit Dingen aus seiner Umwelt auseinandersetzt. \u00c4ltere Kinder und Erwachsene bauen nicht mehr so leicht neue sensorische Verbindungen im Gehirn auf. Daher geh\u00f6rt die <strong>fr\u00fche Sinnesf\u00f6rderung<\/strong> zu den wesentlichen Aufgaben der Elementarp\u00e4dagogik.<\/p>\n<\/div><\/section><\/div>\n\n<style type=\"text\/css\" data-created_by=\"avia_inline_auto\" id=\"style-css-av-hh5al-16-7a012b3a873b5b13808576eb318017d8\">\n.flex_column.av-hh5al-16-7a012b3a873b5b13808576eb318017d8{\nborder-radius:0px 0px 0px 0px;\npadding:0px 0px 0px 0px;\n}\n<\/style>\n<div  class='flex_column av-hh5al-16-7a012b3a873b5b13808576eb318017d8 av_one_full  avia-builder-el-26  el_after_av_one_full  el_before_av_one_full  first flex_column_div av-zero-column-padding  column-top-margin'     ><section  class='av_textblock_section av-jkuul0eg-15-9f8970114b573aa10f3baabdc536c3fc '  ><div class='avia_textblock' >\n<style type=\"text\/css\" data-created_by=\"avia_inline_auto\" id=\"style-css-av-7c7r8-19-ea659dc06affb0734fa617e22634cc6f\">\n#top .hr.hr-invisible.av-7c7r8-19-ea659dc06affb0734fa617e22634cc6f{\nheight:20px;\n}\n<\/style>\n<div  class='hr av-7c7r8-19-ea659dc06affb0734fa617e22634cc6f hr-invisible  avia-builder-el-28  el_before_av_hr  avia-builder-el-first '><span class='hr-inner '><span class=\"hr-inner-style\"><\/span><\/span><\/div>\n<h2 id=\"2\" class=\"position\">Sinnesf\u00f6rderung praktisch: ein Fu\u00dff\u00fchlpfad im Kindergarten<\/h2>\n<p>Kita-Erzieherinnen und -erzieher wissen, wie entscheidend eine <strong>breitgef\u00e4cherte Sinnesf\u00f6rderung<\/strong> f\u00fcr die kindliche Entwicklung ist. Kinder wachsen heute in einer Welt voller visueller und akustischer Reize auf. Und erleben immer weniger elementare, k\u00f6rperlich-sinnliche Erfahrungen. Doch <strong>alle Sinne brauchen Anregung<\/strong>, damit sie nicht aus der \u00dcbung kommen.<\/p>\n<p><strong>\u00dcbungen und Spiele<\/strong> zur Sinnesf\u00f6rderung verbessern zudem die <strong>F\u00e4higkeit zur Aufmerksamkeit<\/strong>. Vielen Kindern f\u00e4llt es schwer, aufmerksam und konzentriert wahrzunehmen. Doch gerade diese F\u00e4higkeit ist der Schl\u00fcssel f\u00fcr erfolgreiches Lernen. Dar\u00fcber hinaus verhelfen Sinnesspiele Kindern dazu, auch <strong>zuk\u00fcnftig sinnenreich zu leben<\/strong>.<\/p>\n<h3>Barfu\u00dflaufen tut K\u00f6rper und Seele gut<\/h3>\n<p>W\u00e4hrend die Kleinsten ganz nat\u00fcrlich mit ihren Zehen \u2013 genauso wie mit den H\u00e4nden \u2013 greifen, streicheln und tasten, bleiben \u00e4lteren Kindern daf\u00fcr meist nur noch die Finger. Auf ihren F\u00fc\u00dfen laufen sie, und das viel zu oft in Schuhen.<\/p>\n<p>Im Kindergarten k\u00f6nnen <strong>Sinnesspiele drau\u00dfen und drinnen<\/strong> die Sinneswahrnehmung f\u00f6rdern, indem sie Kindern differenzierte Reize und <strong>M\u00f6glichkeiten zum selbstst\u00e4ndigen Erproben<\/strong> anbieten. Was w\u00e4re dazu besser geeignet als ein Sinnespfad? Ganz besonders, weil die Kinder dabei barfu\u00df laufen.<\/p>\n<p><strong>Barfu\u00dflaufen hat nachweislich wohltuende Wirkung: <\/strong><\/p>\n<ul>\n<li>Die meisten Alltagsschuhe sind schon bei Kindern der Grund f\u00fcr Fu\u00dfdeformationen wie Knick-, Senk- oder Spreizf\u00fc\u00dfe, weil manche Fu\u00dfmuskeln fast gar nicht mehr bewegt werden. Wer dagegen ohne Schuhe l\u00e4uft, <strong>trainiert <\/strong>viele kleine und gro\u00dfe<strong> Fu\u00dfmuskeln<\/strong>.<\/li>\n<li>Barfu\u00dflaufen ist nicht nur ges\u00fcnder, es <strong>steigert auch das Wohlbefinden<\/strong>. Die verspannungsl\u00f6sende Wirkung ist auf die Vielzahl an Nervenrezeptoren an den F\u00fc\u00dfen zur\u00fcckzuf\u00fchren. Studien konnten die angstl\u00f6sende und <strong>beruhigende Wirkung <\/strong>nachweisen.<\/li>\n<li>Die <strong>Stimulation an den Fu\u00dfsohlen<\/strong> wirkt sich positiv auf die inneren Organe aus. Was dabei genau abl\u00e4uft, wird noch erforscht. Mediziner sprechen von Reflexb\u00f6gen und vermuten Verschaltungen \u00fcber Faszien im K\u00f6rper.<\/li>\n<li>Barfu\u00dflaufen vermittelt ein <strong>intensiveres K\u00f6rpergef\u00fchl<\/strong>, f\u00f6rdert Koordination, Gleichgewichtssinn und Aufmerksamkeit. Somit ist das Barfu\u00dflaufen eine gute \u00dcbung zur Verbesserung der <strong>Sensomotorik und Kognition<\/strong>.<\/li>\n<li>Wohltuend ist \u00fcberdies, dass genaue Sinneswahrnehmung den Alltag entschleunigt. Wer bewusst auf seine Empfindungen achtet, erlebt dabei eine gewisse <strong>Gem\u00e4chlichkeit<\/strong>, die ihm hilft, seine <strong>innere Balance <\/strong>zu finden.<\/li>\n<\/ul>\n\n<style type=\"text\/css\" data-created_by=\"avia_inline_auto\" id=\"style-css-av-8wqdt-2bca82fc293e52f0f611d0adc8df12ca\">\n#top .hr.hr-invisible.av-8wqdt-2bca82fc293e52f0f611d0adc8df12ca{\nheight:20px;\n}\n<\/style>\n<div  class='hr av-8wqdt-2bca82fc293e52f0f611d0adc8df12ca hr-invisible  avia-builder-el-29  el_after_av_hr  avia-builder-el-last '><span class='hr-inner '><span class=\"hr-inner-style\"><\/span><\/span><\/div>\n<h3>Die Natur mit den F\u00fc\u00dfen f\u00fchlen<\/h3>\n<p>Ein Kerngedanke des F\u00fchlpfads ist, die Natur in unmittelbarer, hautnaher Ber\u00fchrung zu erleben.<\/p>\n<p>Kinder machen heute immer weniger <strong>direkte Erfahrungen mit der Natur<\/strong>. Beim Barfu\u00dfgehen ersp\u00fcren sie sich selbst im Kontakt der F\u00fc\u00dfe mit verschiedenen Materialien besonders intensiv.<\/p>\n<\/div><\/section><\/div>\n\n<style type=\"text\/css\" data-created_by=\"avia_inline_auto\" id=\"style-css-av-hh5al-14-9ab62d48bef4dad42629995e86fc9a6b\">\n.flex_column.av-hh5al-14-9ab62d48bef4dad42629995e86fc9a6b{\nborder-radius:0px 0px 0px 0px;\npadding:0px 0px 0px 0px;\n}\n<\/style>\n<div  class='flex_column av-hh5al-14-9ab62d48bef4dad42629995e86fc9a6b av_one_full  avia-builder-el-30  el_after_av_one_full  el_before_av_one_full  first flex_column_div av-zero-column-padding  column-top-margin'     ><style type=\"text\/css\" data-created_by=\"avia_inline_auto\" id=\"style-css-av-jqz83eqo-22-881c4fe123fbbab05b566fbca8f4db9d\">\n.av_promobox.av-jqz83eqo-22-881c4fe123fbbab05b566fbca8f4db9d{\ncolor:#575757;\nbackground:#ffffff;\nborder-color:#575757;\n}\n<\/style>\n<div  class='av_promobox av-jqz83eqo-22-881c4fe123fbbab05b566fbca8f4db9d avia-button-no  avia-builder-el-31  avia-builder-el-no-sibling '><div class='avia-promocontent'><p>\n<strong>Die Idee des Sinnespfads<\/strong> geht zur\u00fcck auf den Bildhauer Hugo K\u00fckelhaus (1900 \u2013 1984), der auch als P\u00e4dagoge und Berater f\u00fcr organgerechte Bauweise t\u00e4tig war. Seiner \u00dcberzeugung nach m\u00fcsse der Mensch bef\u00e4higt werden, seine Organe wieder bewusst wahrzunehmen, um mit sich selbst in Einklang zu kommen. Dies gelinge nur im hautnahen Erleben der Natur. Sein \u201eErfahrungsfeld der Sinne\u201c wurde 1967 auf der Weltausstellung in Montr\u00e9al gezeigt und hat seither zahlreiche Kinderg\u00e4rten, Heime und Schulen inspiriert.<\/p>\n<\/div><\/div><\/div>\n\n<style type=\"text\/css\" data-created_by=\"avia_inline_auto\" id=\"style-css-av-hh5al-11-bc7508ed50e051006636c4691a817b9f\">\n.flex_column.av-hh5al-11-bc7508ed50e051006636c4691a817b9f{\nborder-radius:0px 0px 0px 0px;\npadding:0px 0px 0px 0px;\n}\n<\/style>\n<div  class='flex_column av-hh5al-11-bc7508ed50e051006636c4691a817b9f av_one_full  avia-builder-el-32  el_after_av_one_full  el_before_av_one_full  first flex_column_div av-zero-column-padding  column-top-margin'     ><section  class='av_textblock_section av-jkuul0eg-13-c7c0e281877b391ef98a78abe188d139 '  ><div class='avia_textblock' >\n<style type=\"text\/css\" data-created_by=\"avia_inline_auto\" id=\"style-css-av-7c7r8-12-86493b87248f58389bf389c04157f6bc\">\n#top .hr.hr-invisible.av-7c7r8-12-86493b87248f58389bf389c04157f6bc{\nheight:20px;\n}\n<\/style>\n<div  class='hr av-7c7r8-12-86493b87248f58389bf389c04157f6bc hr-invisible  avia-builder-el-34  avia-builder-el-no-sibling '><span class='hr-inner '><span class=\"hr-inner-style\"><\/span><\/span><\/div>\n<h2 id=\"3\" class=\"position\">Wie gestalte ich einen Barfu\u00df-Sinnespfad? Tipps f\u00fcr F\u00fchlpfade drau\u00dfen und drinnen<\/h2>\n<p>F\u00fcr die Anlage eines Sinnespfads im Au\u00dfenbereich ist eine Rasenfl\u00e4che optimal. Aber auch im kleinen Garten oder auf gepflasterten Fl\u00e4chen findet sich ein Platz. Und selbst im Gruppenraum l\u00e4sst sich ruckzuck ein toller Fu\u00dff\u00fchlparcours gestalten. In jedem Fall ist der Spa\u00dffaktor riesig.<\/p>\n<p>Gestalten Sie den F\u00fchlpfad immer so, dass sich <strong>Materialien mit starken Reizen und solche mit schwachen Reizen abwechseln<\/strong>. Im Folgenden haben wir f\u00fcr Sie verschiedene M\u00f6glichkeiten der Anlage zusammengestellt:<\/p>\n<h3>Ein dauerhafter Barfu\u00dfpfad im Au\u00dfenbereich<\/h3>\n<p>Ein fest errichteter Sinnespfad hat den Vorteil, dass er <strong>allen Kindern jederzeit zur Verf\u00fcgung steht<\/strong>. Die Vorbereitungsarbeiten sind daf\u00fcr etwas umfangreicher. Daher sollten Sie bereits bei der Planung<strong> die Eltern ins Team holen<\/strong>. Bestimmt sind viele von diesem Projekt zur Sinnesf\u00f6rderung begeistert und gerne bereit, tatkr\u00e4ftig mit anzupacken.<\/p>\n<p>Nachdem der Verlauf des Pfads abgesteckt ist, wird der Boden ausgehoben und der Untergrund befestigt. Als Einfassung eignen sich <strong>Holzbalken oder Bausteine<\/strong>. Auch die einzelnen Felder sollten Sie auf diese Weise abteilen, damit sich die Materialien sp\u00e4ter beim Laufen nicht vermischen.<\/p>\n<\/div><\/section><\/div>\n\n<style type=\"text\/css\" data-created_by=\"avia_inline_auto\" id=\"style-css-av-jlnt0i5o-18-827ba221fef85e498be2c77f947b505c\">\n.flex_column.av-jlnt0i5o-18-827ba221fef85e498be2c77f947b505c{\nborder-radius:0px 0px 0px 0px;\npadding:10px 10px 10px 10px;\nbackground-color:#e0f1b4;\n}\n<\/style>\n<div  class='flex_column av-jlnt0i5o-18-827ba221fef85e498be2c77f947b505c av_one_full  avia-builder-el-35  el_after_av_one_full  el_before_av_one_full  first flex_column_div  column-top-margin'     ><style type=\"text\/css\" data-created_by=\"avia_inline_auto\" id=\"style-css-av-jkuvcso3-17-65f10c85ea985bf97b21f030bd0490b5\">\n#top .av_textblock_section.av-jkuvcso3-17-65f10c85ea985bf97b21f030bd0490b5 .avia_textblock{\nfont-size:22px;\n}\n<\/style>\n<section  class='av_textblock_section av-jkuvcso3-17-65f10c85ea985bf97b21f030bd0490b5 '  ><div class='avia_textblock' ><p><strong>Tipp:<\/strong> Der Barfu\u00dfpfad im Garten l\u00e4sst sich wunderbar mit einer <strong>Duftinsel<\/strong> kombinieren, beispielsweise indem Sie den Pfad im Rondell rund um ein Beet mit duftenden Blumen anlegen.<\/p>\n<\/div><\/section><\/div>\n\n<style type=\"text\/css\" data-created_by=\"avia_inline_auto\" id=\"style-css-av-hh5al-10-0fad02707e4106bf16cfcfe39cb789eb\">\n.flex_column.av-hh5al-10-0fad02707e4106bf16cfcfe39cb789eb{\nborder-radius:0px 0px 0px 0px;\npadding:0px 0px 0px 0px;\n}\n<\/style>\n<div  class='flex_column av-hh5al-10-0fad02707e4106bf16cfcfe39cb789eb av_one_full  avia-builder-el-37  el_after_av_one_full  el_before_av_one_full  first flex_column_div av-zero-column-padding  column-top-margin'     ><section  class='av_textblock_section av-jkuul0eg-9-62fb6a1a380c3943147abbe468fa5ce1 '  ><div class='avia_textblock' >\n<style type=\"text\/css\" data-created_by=\"avia_inline_auto\" id=\"style-css-av-7c7r8-8-7c6239a5b646648232c6b72b3cf38f28\">\n#top .hr.hr-invisible.av-7c7r8-8-7c6239a5b646648232c6b72b3cf38f28{\nheight:10px;\n}\n<\/style>\n<div  class='hr av-7c7r8-8-7c6239a5b646648232c6b72b3cf38f28 hr-invisible  avia-builder-el-39  avia-builder-el-no-sibling '><span class='hr-inner '><span class=\"hr-inner-style\"><\/span><\/span><\/div>\n<p>Das Material in den einzelnen Feldern l\u00e4sst sich leicht austauschen. Besonders gut eignen sich Materialien, die <strong>das ganze Jahr \u00fcber drau\u00dfen<\/strong> verbleiben k\u00f6nnen. Beispiele:<\/p>\n<ul>\n<li>Kies<\/li>\n<li>Sand<\/li>\n<li>Holzscheiben<\/li>\n<li>Kopfsteinpflaster<\/li>\n<li>Dachziegel<\/li>\n<li>Rindenmulch<\/li>\n<li>Moos<\/li>\n<li>Fichtenzapfen<\/li>\n<li>Kastanien<\/li>\n<li>Korken<\/li>\n<li>Teichfolie f\u00fcr eine Stelle zum Matschen<\/li>\n<\/ul>\n<\/div><\/section><\/div>\n\n<style type=\"text\/css\" data-created_by=\"avia_inline_auto\" id=\"style-css-av-jlnt0i5o-7-6224f5bae95c09a771dadeb99471d7d3\">\n.flex_column.av-jlnt0i5o-7-6224f5bae95c09a771dadeb99471d7d3{\nborder-radius:0px 0px 0px 0px;\npadding:10px 10px 10px 10px;\nbackground-color:#e0f1b4;\n}\n<\/style>\n<div  class='flex_column av-jlnt0i5o-7-6224f5bae95c09a771dadeb99471d7d3 av_one_full  avia-builder-el-40  el_after_av_one_full  el_before_av_one_full  first flex_column_div  column-top-margin'     ><style type=\"text\/css\" data-created_by=\"avia_inline_auto\" id=\"style-css-av-jkuvcso3-6-492f7eb58b6611b37d55d1e1675f7ac0\">\n#top .av_textblock_section.av-jkuvcso3-6-492f7eb58b6611b37d55d1e1675f7ac0 .avia_textblock{\nfont-size:22px;\n}\n<\/style>\n<section  class='av_textblock_section av-jkuvcso3-6-492f7eb58b6611b37d55d1e1675f7ac0 '  ><div class='avia_textblock' ><p><strong>Tipp:<\/strong> Veranstalten Sie einen <strong>Aktionstag<\/strong>, an dem alle gemeinsam den Pfad fertigstellen. Die Kinder beteiligen sich bestimmt mit Feuereifer beim Einbringen der Materialien. Das ist schnell geschafft, sodass die Kinder noch gen\u00fcgend Zeit haben, den Pfad auszuprobieren. Weitere m\u00f6gliche Angebote zur Sinnesf\u00f6rderung an diesem Tag sind: Tastk\u00e4sten, Klangspiele, <a href=\"https:\/\/www.backwinkel.de\/suche\/?q=stelzen\">Stelzen<\/a>, Wackelbretter.<\/p>\n<\/div><\/section><\/div>\n\n<style type=\"text\/css\" data-created_by=\"avia_inline_auto\" id=\"style-css-av-hh5al-5-7159e31d4755d9cdb55d398d90b3009a\">\n.flex_column.av-hh5al-5-7159e31d4755d9cdb55d398d90b3009a{\nborder-radius:0px 0px 0px 0px;\npadding:0px 0px 0px 0px;\n}\n<\/style>\n<div  class='flex_column av-hh5al-5-7159e31d4755d9cdb55d398d90b3009a av_one_full  avia-builder-el-42  el_after_av_one_full  el_before_av_hr  first flex_column_div av-zero-column-padding  column-top-margin'     ><section  class='av_textblock_section av-jkuul0eg-4-da3b4297a415500c0a28782ee2c4cf2b '  ><div class='avia_textblock' >\n<style type=\"text\/css\" data-created_by=\"avia_inline_auto\" id=\"style-css-av-2rv4gx-e04dc9b6485a8b443240a0d2389bf961\">\n#top .hr.hr-invisible.av-2rv4gx-e04dc9b6485a8b443240a0d2389bf961{\nheight:20px;\n}\n<\/style>\n<div  class='hr av-2rv4gx-e04dc9b6485a8b443240a0d2389bf961 hr-invisible  avia-builder-el-44  avia-builder-el-no-sibling '><span class='hr-inner '><span class=\"hr-inner-style\"><\/span><\/span><\/div>\n<h3>Fu\u00dff\u00fchlpfade im Gruppenraum<\/h3>\n<p>Die Kinder laufen im Gruppenraum auch sonst ohne Schuhe, doch auf dem Sinnespfad geht es ums <strong>genaue Hinf\u00fchlen<\/strong>. Geeignet sind die gleichen Materialien wie drau\u00dfen. Damit sich das lose Material nicht im ganzen Raum verteilt, f\u00fcllen Sie es in Beh\u00e4lter wie etwa <strong>flache Kunststoffschalen<\/strong>. Oder Sie nehmen gro\u00dfe runde Pflanzk\u00fcbel-Untersetzer.<\/p>\n<p>Wenn Sie lieber ganz auf lose Materialien verzichten m\u00f6chten, gibt es prima Alternativen:<\/p>\n<ul>\n<li>Teppichbodenfliesen<\/li>\n<li>Holzbretter<\/li>\n<li>Fu\u00dfmatten aus Sisal oder Kokosfasern<\/li>\n<li>Fu\u00dfabtreter mit B\u00fcrsten oder Noppen<\/li>\n<li>zerkn\u00fclltes Papier<\/li>\n<li>Stoffreste, Filzmatten<\/li>\n<li>Wolldecke<\/li>\n<li>Bastelwatte<\/li>\n<\/ul>\n<p>Str\u00fcmpfe aus und los geht&#8217;s! Bitten Sie die Kinder, zu beschreiben, was ihre F\u00fc\u00dfe ersp\u00fcren. Wie f\u00fchlt sich das an? Warm oder kalt, rau oder glatt, stechend oder flauschig-weich. Die Mutigen trauen sich mit verbundenen Augen \u2013 und etwas Hilfestellung \u2013 auf den spannenden Barfu\u00dfpfad.<\/p>\n<\/div><\/section><\/div>\n\n<style type=\"text\/css\" data-created_by=\"avia_inline_auto\" id=\"style-css-av-jkuvdh82-e046385b234beb5bafd3aef55f34bef8\">\n#top .hr.av-jkuvdh82-e046385b234beb5bafd3aef55f34bef8{\nmargin-top:10px;\nmargin-bottom:10px;\n}\n.hr.av-jkuvdh82-e046385b234beb5bafd3aef55f34bef8 .hr-inner{\nwidth:500;\n}\n<\/style>\n<div  class='hr av-jkuvdh82-e046385b234beb5bafd3aef55f34bef8 hr-custom  avia-builder-el-45  el_after_av_one_full  el_before_av_one_full  hr-left hr-icon-no'><span class='hr-inner inner-border-av-border-none'><span class=\"hr-inner-style\"><\/span><\/span><\/div>\n\n<style type=\"text\/css\" data-created_by=\"avia_inline_auto\" id=\"style-css-av-jley1l06-be8863a15e87d33f314fbd4b76b14014\">\n.flex_column.av-jley1l06-be8863a15e87d33f314fbd4b76b14014{\nborder-radius:0px 0px 0px 0px;\npadding:10px 10px 10px 10px;\nbackground-color:#f2f2f2;\n}\n<\/style>\n<div  class='flex_column av-jley1l06-be8863a15e87d33f314fbd4b76b14014 av_one_full  avia-builder-el-46  el_after_av_hr  el_before_av_one_full  first flex_column_div  '     ><section  class='av_textblock_section av-jkuvcso3-3-fffe9190fee9b899fe0f6973363f15bf '  ><div class='avia_textblock' ><p><strong>Zum Weiterlesen: <\/strong><\/p>\n<p>Jean Ayres: Bausteine der kindlichen Entwicklung. Die Bedeutung der Integration der Sinne f\u00fcr die Entwicklung des Kindes. Berlin: Springer <sup>6<\/sup>2016.<\/p>\n<p>Lorenz Kerscher: Barfu\u00df werden wir beweglich. Anleitungen f\u00fcr Sporterziehung, Therapie, Naturerfahrung und Familienspa\u00df. Halle: Fidibus 2014.<\/p>\n<p>Herbert Renz-Polster, Gerald H\u00fcther: Wie Kinder heute wachsen \u2013 Natur als Entwicklungsraum. Ein neuer Blick auf das kindliche Lernen, F\u00fchlen und Denken. Weinheim: Beltz 2013.<\/p>\n<p>Hedwig Wilken: Kursbuch Sinnesf\u00f6rderung. So lernen Kinder sinnenreich leben. M\u00fcnchen: Don Bosco 2003.<\/p>\n<p>Renate Zimmer: Handbuch Sinneswahrnehmung. Grundlagen einer ganzheitlichen Bildung und Erziehung. Freiburg i. Br.: Herder 2019.<\/p>\n<\/div><\/section><\/div>\n\n<style type=\"text\/css\" data-created_by=\"avia_inline_auto\" id=\"style-css-av-1p82t-b0e9719fe6c67aa5c6d1abf813961e55\">\n.flex_column.av-1p82t-b0e9719fe6c67aa5c6d1abf813961e55{\nborder-radius:0px 0px 0px 0px;\npadding:0px 0px 0px 0px;\n}\n<\/style>\n<div  class='flex_column av-1p82t-b0e9719fe6c67aa5c6d1abf813961e55 av_one_full  avia-builder-el-48  el_after_av_one_full  avia-builder-el-last  first flex_column_div av-zero-column-padding  column-top-margin'     ><p><section  class='av_textblock_section av-jlp4hxqo-91baaad30cd61f89630d15f8561d1750 '  ><div class='avia_textblock' ><div class=\"shariff shariff-align-left shariff-widget-align-left\"><ul class=\"shariff-buttons theme-color orientation-horizontal buttonsize-medium\"><li class=\"shariff-button whatsapp shariff-nocustomcolor\" style=\"background-color:#5cbe4a\"><a href=\"https:\/\/api.whatsapp.com\/send?text=https%3A%2F%2Fwww.backwinkel.de%2Fblog%2Fsinnesfoerderung-im-kindergarten%2F%20Sinnesf%C3%B6rderung%20im%20Kindergarten%3A\" title=\"Bei Whatsapp teilen\" aria-label=\"Bei Whatsapp teilen\" role=\"button\" rel=\"noopener nofollow\" class=\"shariff-link\" style=\"; background-color:#34af23; color:#fff\" target=\"_blank\"><span class=\"shariff-icon\" style=\"\"><svg width=\"32px\" height=\"20px\" xmlns=\"http:\/\/www.w3.org\/2000\/svg\" viewBox=\"0 0 32 32\"><path fill=\"#34af23\" d=\"M17.6 17.4q0.2 0 1.7 0.8t1.6 0.9q0 0.1 0 0.3 0 0.6-0.3 1.4-0.3 0.7-1.3 1.2t-1.8 0.5q-1 0-3.4-1.1-1.7-0.8-3-2.1t-2.6-3.3q-1.3-1.9-1.3-3.5v-0.1q0.1-1.6 1.3-2.8 0.4-0.4 0.9-0.4 0.1 0 0.3 0t0.3 0q0.3 0 0.5 0.1t0.3 0.5q0.1 0.4 0.6 1.6t0.4 1.3q0 0.4-0.6 1t-0.6 0.8q0 0.1 0.1 0.3 0.6 1.3 1.8 2.4 1 0.9 2.7 1.8 0.2 0.1 0.4 0.1 0.3 0 1-0.9t0.9-0.9zM14 26.9q2.3 0 4.3-0.9t3.6-2.4 2.4-3.6 0.9-4.3-0.9-4.3-2.4-3.6-3.6-2.4-4.3-0.9-4.3 0.9-3.6 2.4-2.4 3.6-0.9 4.3q0 3.6 2.1 6.6l-1.4 4.2 4.3-1.4q2.8 1.9 6.2 1.9zM14 2.2q2.7 0 5.2 1.1t4.3 2.9 2.9 4.3 1.1 5.2-1.1 5.2-2.9 4.3-4.3 2.9-5.2 1.1q-3.5 0-6.5-1.7l-7.4 2.4 2.4-7.2q-1.9-3.2-1.9-6.9 0-2.7 1.1-5.2t2.9-4.3 4.3-2.9 5.2-1.1z\"\/><\/svg><\/span><span class=\"shariff-text\">teilen<\/span>&nbsp;<\/a><\/li><li class=\"shariff-button facebook shariff-nocustomcolor\" style=\"background-color:#4273c8\"><a href=\"https:\/\/www.facebook.com\/sharer\/sharer.php?u=https%3A%2F%2Fwww.backwinkel.de%2Fblog%2Fsinnesfoerderung-im-kindergarten%2F\" title=\"Bei Facebook teilen\" aria-label=\"Bei Facebook teilen\" role=\"button\" rel=\"nofollow\" class=\"shariff-link\" style=\"; background-color:#3b5998; color:#fff\" target=\"_blank\"><span class=\"shariff-icon\" style=\"\"><svg width=\"32px\" height=\"20px\" xmlns=\"http:\/\/www.w3.org\/2000\/svg\" viewBox=\"0 0 18 32\"><path fill=\"#3b5998\" d=\"M17.1 0.2v4.7h-2.8q-1.5 0-2.1 0.6t-0.5 1.9v3.4h5.2l-0.7 5.3h-4.5v13.6h-5.5v-13.6h-4.5v-5.3h4.5v-3.9q0-3.3 1.9-5.2t5-1.8q2.6 0 4.1 0.2z\"\/><\/svg><\/span><span class=\"shariff-text\">teilen<\/span>&nbsp;<\/a><\/li><li class=\"shariff-button twitter shariff-nocustomcolor\" style=\"background-color:#595959\"><a href=\"https:\/\/twitter.com\/share?url=https%3A%2F%2Fwww.backwinkel.de%2Fblog%2Fsinnesfoerderung-im-kindergarten%2F&text=Sinnesf%C3%B6rderung%20im%20Kindergarten%3A\" title=\"Bei X teilen\" aria-label=\"Bei X teilen\" role=\"button\" rel=\"noopener nofollow\" class=\"shariff-link\" style=\"; background-color:#000; color:#fff\" target=\"_blank\"><span class=\"shariff-icon\" style=\"\"><svg width=\"32px\" height=\"20px\" xmlns=\"http:\/\/www.w3.org\/2000\/svg\" viewBox=\"0 0 24 24\"><path fill=\"#000\" d=\"M14.258 10.152L23.176 0h-2.113l-7.747 8.813L7.133 0H0l9.352 13.328L0 23.973h2.113l8.176-9.309 6.531 9.309h7.133zm-2.895 3.293l-.949-1.328L2.875 1.56h3.246l6.086 8.523.945 1.328 7.91 11.078h-3.246zm0 0\"\/><\/svg><\/span><span class=\"shariff-text\">teilen<\/span>&nbsp;<\/a><\/li><li class=\"shariff-button pinterest shariff-nocustomcolor\" style=\"background-color:#e70f18\"><a href=\"https:\/\/www.pinterest.com\/pin\/create\/link\/?url=https%3A%2F%2Fwww.backwinkel.de%2Fblog%2Fsinnesfoerderung-im-kindergarten%2F&media=https%3A%2F%2Fwww.backwinkel.de%2Fblog%2Fwp-content%2Fuploads%2F2020%2F02%2Fbackwinkel-blog-sinnesfoerderung-in-der-grundschule.jpg&description=Sinnesf%C3%B6rderung%20im%20Kindergarten%3A\" title=\"Bei Pinterest pinnen\" aria-label=\"Bei Pinterest pinnen\" role=\"button\" rel=\"noopener nofollow\" class=\"shariff-link\" style=\"; background-color:#cb2027; color:#fff\" target=\"_blank\"><span class=\"shariff-icon\" style=\"\"><svg width=\"32px\" height=\"20px\" xmlns=\"http:\/\/www.w3.org\/2000\/svg\" viewBox=\"0 0 27 32\"><path fill=\"#cb2027\" d=\"M27.4 16q0 3.7-1.8 6.9t-5 5-6.9 1.9q-2 0-3.9-0.6 1.1-1.7 1.4-2.9 0.2-0.6 1-3.8 0.4 0.7 1.3 1.2t2 0.5q2.1 0 3.8-1.2t2.7-3.4 0.9-4.8q0-2-1.1-3.8t-3.1-2.9-4.5-1.2q-1.9 0-3.5 0.5t-2.8 1.4-2 2-1.2 2.3-0.4 2.4q0 1.9 0.7 3.3t2.1 2q0.5 0.2 0.7-0.4 0-0.1 0.1-0.5t0.2-0.5q0.1-0.4-0.2-0.8-0.9-1.1-0.9-2.7 0-2.7 1.9-4.6t4.9-2q2.7 0 4.2 1.5t1.5 3.8q0 3-1.2 5.2t-3.1 2.1q-1.1 0-1.7-0.8t-0.4-1.9q0.1-0.6 0.5-1.7t0.5-1.8 0.2-1.4q0-0.9-0.5-1.5t-1.4-0.6q-1.1 0-1.9 1t-0.8 2.6q0 1.3 0.4 2.2l-1.8 7.5q-0.3 1.2-0.2 3.2-3.7-1.6-6-5t-2.3-7.6q0-3.7 1.9-6.9t5-5 6.9-1.9 6.9 1.9 5 5 1.8 6.9z\"\/><\/svg><\/span><span class=\"shariff-text\">merken<\/span>&nbsp;<\/a><\/li><li class=\"shariff-button mailto shariff-nocustomcolor\" style=\"background-color:#a8a8a8\"><a href=\"mailto:?body=https%3A%2F%2Fwww.backwinkel.de%2Fblog%2Fsinnesfoerderung-im-kindergarten%2F&subject=Sinnesf%C3%B6rderung%20im%20Kindergarten%3A\" title=\"Per E-Mail versenden\" aria-label=\"Per E-Mail versenden\" role=\"button\" rel=\"noopener nofollow\" class=\"shariff-link\" style=\"; background-color:#999; color:#fff\"><span class=\"shariff-icon\" style=\"\"><svg width=\"32px\" height=\"20px\" xmlns=\"http:\/\/www.w3.org\/2000\/svg\" viewBox=\"0 0 32 32\"><path fill=\"#999\" d=\"M32 12.7v14.2q0 1.2-0.8 2t-2 0.9h-26.3q-1.2 0-2-0.9t-0.8-2v-14.2q0.8 0.9 1.8 1.6 6.5 4.4 8.9 6.1 1 0.8 1.6 1.2t1.7 0.9 2 0.4h0.1q0.9 0 2-0.4t1.7-0.9 1.6-1.2q3-2.2 8.9-6.1 1-0.7 1.8-1.6zM32 7.4q0 1.4-0.9 2.7t-2.2 2.2q-6.7 4.7-8.4 5.8-0.2 0.1-0.7 0.5t-1 0.7-0.9 0.6-1.1 0.5-0.9 0.2h-0.1q-0.4 0-0.9-0.2t-1.1-0.5-0.9-0.6-1-0.7-0.7-0.5q-1.6-1.1-4.7-3.2t-3.6-2.6q-1.1-0.7-2.1-2t-1-2.5q0-1.4 0.7-2.3t2.1-0.9h26.3q1.2 0 2 0.8t0.9 2z\"\/><\/svg><\/span><span class=\"shariff-text\">E-Mail<\/span>&nbsp;<\/a><\/li><\/ul><\/div>\n<\/div><\/section><br \/>\n<div  class='tabcontainer av-jlq8shhr-b676e11701d9718d755b04dc68ac4c10 top_tab  avia-builder-el-50  el_after_av_textblock  el_before_av_hr '>\n<section class='av_tab_section av_tab_section av-4w8jsn-17d4c89754803ac141d68451b8b1d1a6' ><div id='tab-id-1-tab' class='tab active_tab' role='tab' aria-selected=\"true\" tabindex=\"0\" data-fake-id='#tab-id-1' aria-controls='tab-id-1-content' >Das BACKWINKEL-Blog-Team:<\/div><div id='tab-id-1-content' class='tab_content active_tab_content' role='tabpanel' aria-labelledby='tab-id-1-tab' aria-hidden=\"false\"><div class='tab_inner_content invers-color' ><p><img decoding=\"async\" class=\"wp-image-1768 alignleft\" title=\"BACKWINKEL-Blog \u2013 Das Team\" src=\"https:\/\/blog.backwinkel.de\/wp-content\/uploads\/2018\/10\/backwinkel-blog-autorenbox-intern_preview-300x198.jpg\" alt=\"\" width=\"300\" height=\"198\" \/>Gibts auch ein Gesicht hinter dem BACKWINKEL-Blog? Ja. Vier ?. Drei davon sogar mit Foto.<\/p>\n<p><span style=\"font-style: inherit !important; font-weight: inherit !important;\">Wir \u2013 Lukas, Tatjana, Stefan und Christine \u2013 bespielen unseren Blog unter dem Motto LACHEN LESEN LERNEN. <\/span><\/p>\n<p><span style=\"font-style: inherit !important; font-weight: inherit !important;\">Lukas kennt sich online so gut aus wie in seiner Westentasche und findet immer spannende Themen, w\u00e4hrend Stefan unseren Beitr\u00e4gen den passenden gestalterischen Rahmen gibt und Tatjana mit dem gr\u00fcnen Korrekturstift alles pr\u00fcfend be\u00e4ugt, was unsere Autorin Christine (und gern auch Gastautoren) f\u00fcr den BACKWINKEL-Blog nach ordentlicher Recherche schreibt.<\/span><\/p>\n<p>Gemeinsam suchen wir st\u00e4ndig nach neuen, aufregenden Themen rund um das Thema Bildung im Kiga, der Schule und zu Hause. Und weil Sie da an der Quelle sitzen, freuen wir uns auf Ihre konstruktiven R\u00fcckmeldungen und Anregungen an <a href=\"mailto:blog@backwinkel.de\">blog@backwinkel.de<\/a><\/p>\n<p>Viel Spa\u00df beim LACHEN LESEN LERNEN!<\/p>\n<\/div><\/div><\/section>\n<\/div><br \/>\n\n<style type=\"text\/css\" data-created_by=\"avia_inline_auto\" id=\"style-css-av-jkuvdh82-2-f6870c81fc586f22aacddfd7f5cd8253\">\n#top .hr.av-jkuvdh82-2-f6870c81fc586f22aacddfd7f5cd8253{\nmargin-top:10px;\nmargin-bottom:10px;\n}\n.hr.av-jkuvdh82-2-f6870c81fc586f22aacddfd7f5cd8253 .hr-inner{\nwidth:500;\n}\n<\/style>\n<div  class='hr av-jkuvdh82-2-f6870c81fc586f22aacddfd7f5cd8253 hr-custom  avia-builder-el-51  el_after_av_tab_container  el_before_av_heading  hr-left hr-icon-no'><span class='hr-inner inner-border-av-border-thin'><span class=\"hr-inner-style\"><\/span><\/span><\/div><br \/>\n\n<style type=\"text\/css\" data-created_by=\"avia_inline_auto\" id=\"style-css-av-2kvx4l-26cf26738d77db581bfabf51b88b95c5\">\n#top .av-special-heading.av-2kvx4l-26cf26738d77db581bfabf51b88b95c5{\npadding-bottom:10px;\n}\nbody .av-special-heading.av-2kvx4l-26cf26738d77db581bfabf51b88b95c5 .av-special-heading-tag .heading-char{\nfont-size:25px;\n}\n.av-special-heading.av-2kvx4l-26cf26738d77db581bfabf51b88b95c5 .av-subheading{\nfont-size:15px;\n}\n<\/style>\n<div  class='av-special-heading av-2kvx4l-26cf26738d77db581bfabf51b88b95c5 av-special-heading-h3 blockquote modern-quote  avia-builder-el-52  el_after_av_hr  el_before_av_blog '><h3 class='av-special-heading-tag '  >PASSENDE BEITR\u00c4GE<\/h3><div class=\"special-heading-border\"><div class=\"special-heading-inner-border\"><\/div><\/div><\/div><br \/>\n<div  data-slideshow-options=\"{&quot;animation&quot;:&quot;fade&quot;,&quot;autoplay&quot;:false,&quot;loop_autoplay&quot;:&quot;once&quot;,&quot;interval&quot;:5,&quot;loop_manual&quot;:&quot;manual-endless&quot;,&quot;autoplay_stopper&quot;:false,&quot;noNavigation&quot;:false,&quot;show_slide_delay&quot;:90}\" class='avia-content-slider avia-content-grid-active avia-content-slider1 avia-content-slider-odd  avia-builder-el-53  el_after_av_heading  avia-builder-el-last  av-slideshow-ui av-control-default   av-no-slider-navigation av-slideshow-manual av-loop-once av-loop-manual-endless ' ><div class=\"avia-content-slider-inner\"><div class=\"slide-entry-wrap\"><article class='slide-entry flex_column  post-entry post-entry-18633 slide-entry-overview slide-loop-1 slide-parity-odd  av_one_third first real-thumbnail posttype-post post-format-standard' ><a href='https:\/\/www.backwinkel.de\/blog\/plastik-recyceln\/' data-rel='slide-1' class='slide-image' title='Plastik recyceln'><img decoding=\"async\" fetchpriority=\"high\" width=\"1200\" height=\"628\" src=\"https:\/\/www.backwinkel.de\/blog\/wp-content\/uploads\/2026\/04\/04_Kiga_Plastik_nachhaltig_nutzen.jpg\" class=\"wp-image-18713 avia-img-lazy-loading-not-18713 attachment-no scaling size-no scaling wp-post-image\" alt=\"\" \/><\/a><div class=\"slide-content\"><header class=\"entry-content-header\" aria-label=\"Slide: Plastik recyceln\"><h3 class='slide-entry-title entry-title ' ><a href='https:\/\/www.backwinkel.de\/blog\/plastik-recyceln\/' title='Plastik recyceln'>Plastik recyceln<\/a><\/h3><span class=\"blog-categories minor-meta\"><a href=\"https:\/\/www.backwinkel.de\/blog\/category\/kindergarten-kita\/\" rel=\"tag\">Kindergarten<\/a> <\/span><span class=\"av-vertical-delimiter\"><\/span><\/header><div class='slide-entry-excerpt entry-content' >Biokunststoff f\u00fcr St\u00fchle, Materialboxen, Spielzeug und Rucks\u00e4cke<\/div><\/div><footer class=\"entry-footer\"><div class=\"slide-meta\"><time class='slide-meta-time updated' >14. April 2026<\/time><\/div><\/footer><\/article><article class='slide-entry flex_column  post-entry post-entry-18716 slide-entry-overview slide-loop-2 slide-parity-even  av_one_third  real-thumbnail posttype-post post-format-standard' ><a href='https:\/\/www.backwinkel.de\/blog\/rechnen-im-anfangsunterricht\/' data-rel='slide-1' class='slide-image' title='Rechnen im Anfangsunterricht'><img decoding=\"async\" fetchpriority=\"high\" width=\"1200\" height=\"628\" src=\"https:\/\/www.backwinkel.de\/blog\/wp-content\/uploads\/2026\/04\/04_Schule_Rechnen_anfangsunterricht.jpg\" class=\"wp-image-18748 avia-img-lazy-loading-not-18748 attachment-no scaling size-no scaling wp-post-image\" alt=\"\" \/><\/a><div class=\"slide-content\"><header class=\"entry-content-header\" aria-label=\"Slide: Rechnen im Anfangsunterricht\"><h3 class='slide-entry-title entry-title ' ><a href='https:\/\/www.backwinkel.de\/blog\/rechnen-im-anfangsunterricht\/' title='Rechnen im Anfangsunterricht'>Rechnen im Anfangsunterricht<\/a><\/h3><span class=\"blog-categories minor-meta\"><a href=\"https:\/\/www.backwinkel.de\/blog\/category\/schule-grundschule\/\" rel=\"tag\">Schule<\/a> <\/span><span class=\"av-vertical-delimiter\"><\/span><\/header><div class='slide-entry-excerpt entry-content' >Das Klassenzimmer als Lernlandschaft<\/div><\/div><footer class=\"entry-footer\"><div class=\"slide-meta\"><time class='slide-meta-time updated' >14. April 2026<\/time><\/div><\/footer><\/article><article class='slide-entry flex_column  post-entry post-entry-18372 slide-entry-overview slide-loop-3 slide-parity-odd  post-entry-last  av_one_third  real-thumbnail posttype-post post-format-standard' ><a href='https:\/\/www.backwinkel.de\/blog\/kranke-kinder-im-kindergarten\/' data-rel='slide-1' class='slide-image' title='Kranke Kinder im Kindergarten'><img decoding=\"async\" fetchpriority=\"high\" width=\"1200\" height=\"628\" src=\"https:\/\/www.backwinkel.de\/blog\/wp-content\/uploads\/2026\/03\/03_Kiga_Kranke_Kinder.jpg\" class=\"wp-image-18451 avia-img-lazy-loading-not-18451 attachment-no scaling size-no scaling wp-post-image\" alt=\"Thema: Kranke Kinder. Auf dem Bild ist ein krankes kleines M\u00e4dchen zu sehen. Eine Frau mit einem Fieberthermometer in der Hand sitzt neben ihr und hat die Hand auf der Stirn des M\u00e4dchens.\" \/><\/a><div class=\"slide-content\"><header class=\"entry-content-header\" aria-label=\"Slide: Kranke Kinder im Kindergarten\"><h3 class='slide-entry-title entry-title ' ><a href='https:\/\/www.backwinkel.de\/blog\/kranke-kinder-im-kindergarten\/' title='Kranke Kinder im Kindergarten'>Kranke Kinder im Kindergarten<\/a><\/h3><span class=\"blog-categories minor-meta\"><a href=\"https:\/\/www.backwinkel.de\/blog\/category\/kindergarten-kita\/\" rel=\"tag\">Kindergarten<\/a> <\/span><span class=\"av-vertical-delimiter\"><\/span><\/header><div class='slide-entry-excerpt entry-content' >Auswirkungen f\u00fcr Kinder, Eltern und Fachkr\u00e4fte<\/div><\/div><footer class=\"entry-footer\"><div class=\"slide-meta\"><time class='slide-meta-time updated' >9. M\u00e4rz 2026<\/time><\/div><\/footer><\/article><\/div><\/div><\/div><\/p><\/div>\n","protected":false},"excerpt":{"rendered":"<p>So gestalten Sie einen spannenden Barfu\u00df-Sinnespfad<\/p>\n","protected":false},"author":3,"featured_media":4112,"comment_status":"closed","ping_status":"closed","sticky":false,"template":"","format":"standard","meta":{"inline_featured_image":false,"footnotes":""},"categories":[5],"tags":[],"class_list":["post-4113","post","type-post","status-publish","format-standard","has-post-thumbnail","hentry","category-kindergarten-kita"],"yoast_head":"<!-- This site is optimized with the Yoast SEO plugin v27.4 - https:\/\/yoast.com\/product\/yoast-seo-wordpress\/ -->\n<title>Sinnesf\u00f6rderung im Kindergarten: - BACKWINKEL Blog<\/title>\n<meta name=\"robots\" content=\"index, follow, max-snippet:-1, max-image-preview:large, max-video-preview:-1\" \/>\n<link rel=\"canonical\" href=\"https:\/\/www.backwinkel.de\/blog\/sinnesfoerderung-im-kindergarten\/\" \/>\n<meta property=\"og:locale\" content=\"de_DE\" \/>\n<meta property=\"og:type\" content=\"article\" \/>\n<meta property=\"og:title\" content=\"Sinnesf\u00f6rderung im Kindergarten: - BACKWINKEL Blog\" \/>\n<meta property=\"og:description\" content=\"So gestalten Sie einen spannenden Barfu\u00df-Sinnespfad\" \/>\n<meta property=\"og:url\" content=\"https:\/\/www.backwinkel.de\/blog\/sinnesfoerderung-im-kindergarten\/\" \/>\n<meta property=\"og:site_name\" content=\"BACKWINKEL Blog\" \/>\n<meta property=\"article:published_time\" content=\"2020-03-01T08:25:52+00:00\" \/>\n<meta property=\"article:modified_time\" content=\"2026-04-22T08:24:55+00:00\" \/>\n<meta property=\"og:image\" content=\"https:\/\/www.backwinkel.de\/blog\/wp-content\/uploads\/2020\/02\/backwinkel-blog-sinnesfoerderung-in-der-grundschule.jpg\" \/>\n\t<meta property=\"og:image:width\" content=\"1200\" \/>\n\t<meta property=\"og:image:height\" content=\"628\" \/>\n\t<meta property=\"og:image:type\" content=\"image\/jpeg\" \/>\n<meta name=\"author\" content=\"BACKWINKEL\" \/>\n<meta name=\"twitter:card\" content=\"summary_large_image\" \/>\n<meta name=\"twitter:label1\" content=\"Verfasst von\" \/>\n\t<meta name=\"twitter:data1\" content=\"BACKWINKEL\" \/>\n\t<meta name=\"twitter:label2\" content=\"Gesch\u00e4tzte Lesezeit\" \/>\n\t<meta name=\"twitter:data2\" content=\"12\u00a0Minuten\" \/>\n<script type=\"application\/ld+json\" class=\"yoast-schema-graph\">{\"@context\":\"https:\\\/\\\/schema.org\",\"@graph\":[{\"@type\":\"Article\",\"@id\":\"https:\\\/\\\/www.backwinkel.de\\\/blog\\\/sinnesfoerderung-im-kindergarten\\\/#article\",\"isPartOf\":{\"@id\":\"https:\\\/\\\/www.backwinkel.de\\\/blog\\\/sinnesfoerderung-im-kindergarten\\\/\"},\"author\":{\"name\":\"BACKWINKEL\",\"@id\":\"https:\\\/\\\/www.backwinkel.de\\\/blog\\\/#\\\/schema\\\/person\\\/3d64575316540d25f7866264a4b7cd24\"},\"headline\":\"Sinnesf\u00f6rderung im Kindergarten:\",\"datePublished\":\"2020-03-01T08:25:52+00:00\",\"dateModified\":\"2026-04-22T08:24:55+00:00\",\"mainEntityOfPage\":{\"@id\":\"https:\\\/\\\/www.backwinkel.de\\\/blog\\\/sinnesfoerderung-im-kindergarten\\\/\"},\"wordCount\":4915,\"image\":{\"@id\":\"https:\\\/\\\/www.backwinkel.de\\\/blog\\\/sinnesfoerderung-im-kindergarten\\\/#primaryimage\"},\"thumbnailUrl\":\"https:\\\/\\\/www.backwinkel.de\\\/blog\\\/wp-content\\\/uploads\\\/2020\\\/02\\\/backwinkel-blog-sinnesfoerderung-in-der-grundschule.jpg\",\"articleSection\":[\"Kindergarten\"],\"inLanguage\":\"de\"},{\"@type\":\"WebPage\",\"@id\":\"https:\\\/\\\/www.backwinkel.de\\\/blog\\\/sinnesfoerderung-im-kindergarten\\\/\",\"url\":\"https:\\\/\\\/www.backwinkel.de\\\/blog\\\/sinnesfoerderung-im-kindergarten\\\/\",\"name\":\"Sinnesf\u00f6rderung im Kindergarten: - BACKWINKEL Blog\",\"isPartOf\":{\"@id\":\"https:\\\/\\\/www.backwinkel.de\\\/blog\\\/#website\"},\"primaryImageOfPage\":{\"@id\":\"https:\\\/\\\/www.backwinkel.de\\\/blog\\\/sinnesfoerderung-im-kindergarten\\\/#primaryimage\"},\"image\":{\"@id\":\"https:\\\/\\\/www.backwinkel.de\\\/blog\\\/sinnesfoerderung-im-kindergarten\\\/#primaryimage\"},\"thumbnailUrl\":\"https:\\\/\\\/www.backwinkel.de\\\/blog\\\/wp-content\\\/uploads\\\/2020\\\/02\\\/backwinkel-blog-sinnesfoerderung-in-der-grundschule.jpg\",\"datePublished\":\"2020-03-01T08:25:52+00:00\",\"dateModified\":\"2026-04-22T08:24:55+00:00\",\"author\":{\"@id\":\"https:\\\/\\\/www.backwinkel.de\\\/blog\\\/#\\\/schema\\\/person\\\/3d64575316540d25f7866264a4b7cd24\"},\"breadcrumb\":{\"@id\":\"https:\\\/\\\/www.backwinkel.de\\\/blog\\\/sinnesfoerderung-im-kindergarten\\\/#breadcrumb\"},\"inLanguage\":\"de\",\"potentialAction\":[{\"@type\":\"ReadAction\",\"target\":[\"https:\\\/\\\/www.backwinkel.de\\\/blog\\\/sinnesfoerderung-im-kindergarten\\\/\"]}]},{\"@type\":\"ImageObject\",\"inLanguage\":\"de\",\"@id\":\"https:\\\/\\\/www.backwinkel.de\\\/blog\\\/sinnesfoerderung-im-kindergarten\\\/#primaryimage\",\"url\":\"https:\\\/\\\/www.backwinkel.de\\\/blog\\\/wp-content\\\/uploads\\\/2020\\\/02\\\/backwinkel-blog-sinnesfoerderung-in-der-grundschule.jpg\",\"contentUrl\":\"https:\\\/\\\/www.backwinkel.de\\\/blog\\\/wp-content\\\/uploads\\\/2020\\\/02\\\/backwinkel-blog-sinnesfoerderung-in-der-grundschule.jpg\",\"width\":1200,\"height\":628},{\"@type\":\"BreadcrumbList\",\"@id\":\"https:\\\/\\\/www.backwinkel.de\\\/blog\\\/sinnesfoerderung-im-kindergarten\\\/#breadcrumb\",\"itemListElement\":[{\"@type\":\"ListItem\",\"position\":1,\"name\":\"Startseite\",\"item\":\"https:\\\/\\\/blog.backwinkel.de\\\/aktuelles\\\/\"},{\"@type\":\"ListItem\",\"position\":2,\"name\":\"Sinnesf\u00f6rderung im Kindergarten:\"}]},{\"@type\":\"WebSite\",\"@id\":\"https:\\\/\\\/www.backwinkel.de\\\/blog\\\/#website\",\"url\":\"https:\\\/\\\/www.backwinkel.de\\\/blog\\\/\",\"name\":\"BACKWINKEL Blog\",\"description\":\"f\u00fcr Lehrer, Erzieher und Eltern\",\"potentialAction\":[{\"@type\":\"SearchAction\",\"target\":{\"@type\":\"EntryPoint\",\"urlTemplate\":\"https:\\\/\\\/www.backwinkel.de\\\/blog\\\/?s={search_term_string}\"},\"query-input\":{\"@type\":\"PropertyValueSpecification\",\"valueRequired\":true,\"valueName\":\"search_term_string\"}}],\"inLanguage\":\"de\"},{\"@type\":\"Person\",\"@id\":\"https:\\\/\\\/www.backwinkel.de\\\/blog\\\/#\\\/schema\\\/person\\\/3d64575316540d25f7866264a4b7cd24\",\"name\":\"BACKWINKEL\",\"sameAs\":[\"http:\\\/\\\/www.backwinkel.de\"],\"url\":\"https:\\\/\\\/www.backwinkel.de\\\/blog\\\/author\\\/backwinkel\\\/\"}]}<\/script>\n<!-- \/ Yoast SEO plugin. -->","yoast_head_json":{"title":"Sinnesf\u00f6rderung im Kindergarten: - BACKWINKEL Blog","robots":{"index":"index","follow":"follow","max-snippet":"max-snippet:-1","max-image-preview":"max-image-preview:large","max-video-preview":"max-video-preview:-1"},"canonical":"https:\/\/www.backwinkel.de\/blog\/sinnesfoerderung-im-kindergarten\/","og_locale":"de_DE","og_type":"article","og_title":"Sinnesf\u00f6rderung im Kindergarten: - BACKWINKEL Blog","og_description":"So gestalten Sie einen spannenden Barfu\u00df-Sinnespfad","og_url":"https:\/\/www.backwinkel.de\/blog\/sinnesfoerderung-im-kindergarten\/","og_site_name":"BACKWINKEL Blog","article_published_time":"2020-03-01T08:25:52+00:00","article_modified_time":"2026-04-22T08:24:55+00:00","og_image":[{"width":1200,"height":628,"url":"https:\/\/www.backwinkel.de\/blog\/wp-content\/uploads\/2020\/02\/backwinkel-blog-sinnesfoerderung-in-der-grundschule.jpg","type":"image\/jpeg"}],"author":"BACKWINKEL","twitter_card":"summary_large_image","twitter_misc":{"Verfasst von":"BACKWINKEL","Gesch\u00e4tzte Lesezeit":"12\u00a0Minuten"},"schema":{"@context":"https:\/\/schema.org","@graph":[{"@type":"Article","@id":"https:\/\/www.backwinkel.de\/blog\/sinnesfoerderung-im-kindergarten\/#article","isPartOf":{"@id":"https:\/\/www.backwinkel.de\/blog\/sinnesfoerderung-im-kindergarten\/"},"author":{"name":"BACKWINKEL","@id":"https:\/\/www.backwinkel.de\/blog\/#\/schema\/person\/3d64575316540d25f7866264a4b7cd24"},"headline":"Sinnesf\u00f6rderung im Kindergarten:","datePublished":"2020-03-01T08:25:52+00:00","dateModified":"2026-04-22T08:24:55+00:00","mainEntityOfPage":{"@id":"https:\/\/www.backwinkel.de\/blog\/sinnesfoerderung-im-kindergarten\/"},"wordCount":4915,"image":{"@id":"https:\/\/www.backwinkel.de\/blog\/sinnesfoerderung-im-kindergarten\/#primaryimage"},"thumbnailUrl":"https:\/\/www.backwinkel.de\/blog\/wp-content\/uploads\/2020\/02\/backwinkel-blog-sinnesfoerderung-in-der-grundschule.jpg","articleSection":["Kindergarten"],"inLanguage":"de"},{"@type":"WebPage","@id":"https:\/\/www.backwinkel.de\/blog\/sinnesfoerderung-im-kindergarten\/","url":"https:\/\/www.backwinkel.de\/blog\/sinnesfoerderung-im-kindergarten\/","name":"Sinnesf\u00f6rderung im Kindergarten: - BACKWINKEL Blog","isPartOf":{"@id":"https:\/\/www.backwinkel.de\/blog\/#website"},"primaryImageOfPage":{"@id":"https:\/\/www.backwinkel.de\/blog\/sinnesfoerderung-im-kindergarten\/#primaryimage"},"image":{"@id":"https:\/\/www.backwinkel.de\/blog\/sinnesfoerderung-im-kindergarten\/#primaryimage"},"thumbnailUrl":"https:\/\/www.backwinkel.de\/blog\/wp-content\/uploads\/2020\/02\/backwinkel-blog-sinnesfoerderung-in-der-grundschule.jpg","datePublished":"2020-03-01T08:25:52+00:00","dateModified":"2026-04-22T08:24:55+00:00","author":{"@id":"https:\/\/www.backwinkel.de\/blog\/#\/schema\/person\/3d64575316540d25f7866264a4b7cd24"},"breadcrumb":{"@id":"https:\/\/www.backwinkel.de\/blog\/sinnesfoerderung-im-kindergarten\/#breadcrumb"},"inLanguage":"de","potentialAction":[{"@type":"ReadAction","target":["https:\/\/www.backwinkel.de\/blog\/sinnesfoerderung-im-kindergarten\/"]}]},{"@type":"ImageObject","inLanguage":"de","@id":"https:\/\/www.backwinkel.de\/blog\/sinnesfoerderung-im-kindergarten\/#primaryimage","url":"https:\/\/www.backwinkel.de\/blog\/wp-content\/uploads\/2020\/02\/backwinkel-blog-sinnesfoerderung-in-der-grundschule.jpg","contentUrl":"https:\/\/www.backwinkel.de\/blog\/wp-content\/uploads\/2020\/02\/backwinkel-blog-sinnesfoerderung-in-der-grundschule.jpg","width":1200,"height":628},{"@type":"BreadcrumbList","@id":"https:\/\/www.backwinkel.de\/blog\/sinnesfoerderung-im-kindergarten\/#breadcrumb","itemListElement":[{"@type":"ListItem","position":1,"name":"Startseite","item":"https:\/\/blog.backwinkel.de\/aktuelles\/"},{"@type":"ListItem","position":2,"name":"Sinnesf\u00f6rderung im Kindergarten:"}]},{"@type":"WebSite","@id":"https:\/\/www.backwinkel.de\/blog\/#website","url":"https:\/\/www.backwinkel.de\/blog\/","name":"BACKWINKEL Blog","description":"f\u00fcr Lehrer, Erzieher und Eltern","potentialAction":[{"@type":"SearchAction","target":{"@type":"EntryPoint","urlTemplate":"https:\/\/www.backwinkel.de\/blog\/?s={search_term_string}"},"query-input":{"@type":"PropertyValueSpecification","valueRequired":true,"valueName":"search_term_string"}}],"inLanguage":"de"},{"@type":"Person","@id":"https:\/\/www.backwinkel.de\/blog\/#\/schema\/person\/3d64575316540d25f7866264a4b7cd24","name":"BACKWINKEL","sameAs":["http:\/\/www.backwinkel.de"],"url":"https:\/\/www.backwinkel.de\/blog\/author\/backwinkel\/"}]}},"_links":{"self":[{"href":"https:\/\/www.backwinkel.de\/blog\/wp-json\/wp\/v2\/posts\/4113","targetHints":{"allow":["GET"]}}],"collection":[{"href":"https:\/\/www.backwinkel.de\/blog\/wp-json\/wp\/v2\/posts"}],"about":[{"href":"https:\/\/www.backwinkel.de\/blog\/wp-json\/wp\/v2\/types\/post"}],"author":[{"embeddable":true,"href":"https:\/\/www.backwinkel.de\/blog\/wp-json\/wp\/v2\/users\/3"}],"replies":[{"embeddable":true,"href":"https:\/\/www.backwinkel.de\/blog\/wp-json\/wp\/v2\/comments?post=4113"}],"version-history":[{"count":4,"href":"https:\/\/www.backwinkel.de\/blog\/wp-json\/wp\/v2\/posts\/4113\/revisions"}],"predecessor-version":[{"id":18876,"href":"https:\/\/www.backwinkel.de\/blog\/wp-json\/wp\/v2\/posts\/4113\/revisions\/18876"}],"wp:featuredmedia":[{"embeddable":true,"href":"https:\/\/www.backwinkel.de\/blog\/wp-json\/wp\/v2\/media\/4112"}],"wp:attachment":[{"href":"https:\/\/www.backwinkel.de\/blog\/wp-json\/wp\/v2\/media?parent=4113"}],"wp:term":[{"taxonomy":"category","embeddable":true,"href":"https:\/\/www.backwinkel.de\/blog\/wp-json\/wp\/v2\/categories?post=4113"},{"taxonomy":"post_tag","embeddable":true,"href":"https:\/\/www.backwinkel.de\/blog\/wp-json\/wp\/v2\/tags?post=4113"}],"curies":[{"name":"wp","href":"https:\/\/api.w.org\/{rel}","templated":true}]}}