{"id":4080,"date":"2020-02-03T09:17:53","date_gmt":"2020-02-03T08:17:53","guid":{"rendered":"https:\/\/blog.backwinkel.de\/?p=4080"},"modified":"2026-04-22T10:23:35","modified_gmt":"2026-04-22T08:23:35","slug":"nachhaltige-schule","status":"publish","type":"post","link":"https:\/\/www.backwinkel.de\/blog\/nachhaltige-schule\/","title":{"rendered":"Mehr als Recycling:"},"content":{"rendered":"\n<style type=\"text\/css\" data-created_by=\"avia_inline_auto\" id=\"style-css-av-8vdv8-f7e0dae999cc49bc529a70f67b346526\">\n.flex_column.av-8vdv8-f7e0dae999cc49bc529a70f67b346526{\nborder-radius:0px 0px 0px 0px;\npadding:0px 0px 0px 0px;\n}\n<\/style>\n<div  class='flex_column av-8vdv8-f7e0dae999cc49bc529a70f67b346526 av_one_full  avia-builder-el-0  el_before_av_three_fifth  avia-builder-el-first  first flex_column_div av-zero-column-padding  '     ><p>\n<style type=\"text\/css\" data-created_by=\"avia_inline_auto\" id=\"style-css-av-jl6mo8rj-605eccf9df0dce9c3ffb6a57636da99d\">\n#top .hr.hr-invisible.av-jl6mo8rj-605eccf9df0dce9c3ffb6a57636da99d{\nmargin-top:0px;\nheight:1px;\n}\n<\/style>\n<div  class='hr av-jl6mo8rj-605eccf9df0dce9c3ffb6a57636da99d hr-invisible  avia-builder-el-1  el_before_av_heading  avia-builder-el-first '><span class='hr-inner '><span class=\"hr-inner-style\"><\/span><\/span><\/div><br \/>\n\n<style type=\"text\/css\" data-created_by=\"avia_inline_auto\" id=\"style-css-av-k6hqdb4s-0339856f5a8f6efd38e5e5758add88cb\">\n#top .av-special-heading.av-k6hqdb4s-0339856f5a8f6efd38e5e5758add88cb{\npadding-bottom:10px;\n}\nbody .av-special-heading.av-k6hqdb4s-0339856f5a8f6efd38e5e5758add88cb .av-special-heading-tag .heading-char{\nfont-size:25px;\n}\n.av-special-heading.av-k6hqdb4s-0339856f5a8f6efd38e5e5758add88cb .av-subheading{\nfont-size:15px;\n}\n<\/style>\n<div  class='av-special-heading av-k6hqdb4s-0339856f5a8f6efd38e5e5758add88cb av-special-heading-h1 blockquote modern-quote  avia-builder-el-2  el_after_av_hr  el_before_av_post_metadata  av-linked-heading'><h1 class='av-special-heading-tag '  >Mehr als Recycling: So integrieren Sie Nachhaltigkeit in den Schulalltag <\/h1><div class='av-subheading av-subheading_below'><p class=\"autorenname\">Christine Hagemann<\/p>\n<\/div><div class=\"special-heading-border\"><div class=\"special-heading-inner-border\"><\/div><\/div><\/div><br \/>\n\n<style type=\"text\/css\" data-created_by=\"avia_inline_auto\" id=\"style-css-av-iivs0-530face96b2015a322d9e4729274199d\">\n#top .av-post-metadata-container.av-iivs0-530face96b2015a322d9e4729274199d{\nfont-size:12px;\n}\n#top .av-post-metadata-container.av-iivs0-530face96b2015a322d9e4729274199d .av-post-metadata-container-inner{\nfont-size:12px;\n}\n<\/style>\n<div  class='av-post-metadata-container av-iivs0-530face96b2015a322d9e4729274199d av-metadata-container-align-left  avia-builder-el-3  el_after_av_heading  el_before_av_textblock  av-metadata-container-1'><div class='av-post-metadata-container-inner'><span class=\"av-post-metadata-content av-post-metadata-meta-content\"><span class=\"av-post-metadata-content av-post-metadata-modified\"><span class=\"av-metadata-before av-metadata-before-modified\">Aktualisiert:<\/span><span class=\"av-post-metadata-modified-date\" >22. April 2026<\/span><\/span><span class=\"av-post-metadata-content av-post-metadata-separator\">\/<\/span><span class=\"av-post-metadata-content av-post-metadata-modified\"><span class=\"av-metadata-before av-metadata-before-modified\">Zuletzt aktualisiert:<\/span><span class=\"av-post-metadata-modified-date\" >22. April 2026<\/span><\/span><\/span><\/div><\/div><br \/>\n\n<style type=\"text\/css\" data-created_by=\"avia_inline_auto\" id=\"style-css-av-jkuubohz-8fca5ffce642cf8e1fbd093c1d421e49\">\n#top .av_textblock_section.av-jkuubohz-8fca5ffce642cf8e1fbd093c1d421e49 .avia_textblock{\nfont-size:20px;\n}\n<\/style>\n<section  class='av_textblock_section av-jkuubohz-8fca5ffce642cf8e1fbd093c1d421e49 '  ><div class='avia_textblock' ><p class=\"einleitungstext-beitrag\">Nachhaltigkeit betrifft jeden, besonders die kommenden Generationen. Doch wie lernen Kinder, bewusst nachhaltig zu leben? Genau an diesem Punkt kommt die Schule ins Spiel.<\/p>\n<\/div><\/section><br \/>\n\n<style type=\"text\/css\" data-created_by=\"avia_inline_auto\" id=\"style-css-av-jkuuo5h6-77f25324dc3421a13e11d51c14c98b39\">\n.avia-image-container.av-jkuuo5h6-77f25324dc3421a13e11d51c14c98b39 img.avia_image{\nbox-shadow:none;\n}\n.avia-image-container.av-jkuuo5h6-77f25324dc3421a13e11d51c14c98b39 .av-image-caption-overlay-center{\ncolor:#ffffff;\n}\n<\/style>\n<div  class='avia-image-container av-jkuuo5h6-77f25324dc3421a13e11d51c14c98b39 av-styling- avia-align-center  avia-builder-el-5  el_after_av_textblock  el_before_av_hr '  ><div class=\"avia-image-container-inner\"><div class=\"avia-image-overlay-wrap\"><img decoding=\"async\" fetchpriority=\"high\" class='wp-image-4082 avia-img-lazy-loading-not-4082 avia_image ' src=\"https:\/\/www.backwinkel.de\/blog\/wp-content\/uploads\/2020\/02\/backwinkel-blog-recycling-in-der-schule-heroimage.jpg\" alt='' title='backwinkel-blog-recycling-in-der-schule-heroimage'  height=\"628\" width=\"1200\" srcset=\"https:\/\/www.backwinkel.de\/blog\/wp-content\/uploads\/2020\/02\/backwinkel-blog-recycling-in-der-schule-heroimage.jpg 1200w, https:\/\/www.backwinkel.de\/blog\/wp-content\/uploads\/2020\/02\/backwinkel-blog-recycling-in-der-schule-heroimage-300x157.jpg 300w, https:\/\/www.backwinkel.de\/blog\/wp-content\/uploads\/2020\/02\/backwinkel-blog-recycling-in-der-schule-heroimage-1030x539.jpg 1030w, https:\/\/www.backwinkel.de\/blog\/wp-content\/uploads\/2020\/02\/backwinkel-blog-recycling-in-der-schule-heroimage-768x402.jpg 768w, https:\/\/www.backwinkel.de\/blog\/wp-content\/uploads\/2020\/02\/backwinkel-blog-recycling-in-der-schule-heroimage-705x369.jpg 705w\" sizes=\"(max-width: 1200px) 100vw, 1200px\" \/><\/div><\/div><\/div><br \/>\n\n<style type=\"text\/css\" data-created_by=\"avia_inline_auto\" id=\"style-css-av-jl6mo8rj-37-8ac9c9022ded18bc1b051b7178df4d4c\">\n#top .hr.hr-invisible.av-jl6mo8rj-37-8ac9c9022ded18bc1b051b7178df4d4c{\nheight:5px;\n}\n<\/style>\n<div  class='hr av-jl6mo8rj-37-8ac9c9022ded18bc1b051b7178df4d4c hr-invisible  avia-builder-el-6  el_after_av_image  el_before_av_textblock '><span class='hr-inner '><span class=\"hr-inner-style\"><\/span><\/span><\/div><br \/>\n\n<style type=\"text\/css\" data-created_by=\"avia_inline_auto\" id=\"style-css-av-jl7ql86y-e80384d8b1750d8be134ad53f89ab6ea\">\n#top .av_textblock_section.av-jl7ql86y-e80384d8b1750d8be134ad53f89ab6ea .avia_textblock{\nfont-size:10px;\n}\n<\/style>\n<section  class='av_textblock_section av-jl7ql86y-e80384d8b1750d8be134ad53f89ab6ea '  ><div class='avia_textblock' ><p class=\"bildnennung-beitrag\" style=\"text-align: left;\">\u00a9 BACKWINKEL GmbH<\/p>\n<\/div><\/section><br \/>\n\n<style type=\"text\/css\" data-created_by=\"avia_inline_auto\" id=\"style-css-av-jl6mo8rj-35-ea5e85dbeace183a5819b24349c1fcb6\">\n#top .hr.hr-invisible.av-jl6mo8rj-35-ea5e85dbeace183a5819b24349c1fcb6{\nheight:20px;\n}\n<\/style>\n<div  class='hr av-jl6mo8rj-35-ea5e85dbeace183a5819b24349c1fcb6 hr-invisible  avia-builder-el-8  el_after_av_textblock  el_before_av_textblock '><span class='hr-inner '><span class=\"hr-inner-style\"><\/span><\/span><\/div><br \/>\n<section  class='av_textblock_section av-jkuubohz-36-ea98823e7bc4dd655e0f841c244188bc '  ><div class='avia_textblock' ><p>Klimawandel, Recycling, Nachhaltigkeit \u2013 diese Begriffe gewinnen in der \u00f6ffentlichen Diskussion immer mehr Bedeutung. Umweltschutz ist ein Thema, das Kinder heute stark besch\u00e4ftigt und Lehrern viele Ansatzm\u00f6glichkeiten f\u00fcr den Unterricht bietet. Doch Wissensvermittlung allein reicht nicht.<\/p>\n<p>Kinder verbringen viel Lebenszeit in der Schule. Deshalb gilt es gerade hier, Nachhaltigkeit praktisch umzusetzen. Das stellt Lehrer vor <strong>konkrete Fragen<\/strong>: Welche Schwerpunkte setze ich? Wo kaufe ich nachhaltiges Material? Wie recycle ich ausrangiertes Material? Lesen Sie in diesem Beitrag, wie Nachhaltigkeit im Schulalltag aussehen kann.<\/p>\n<\/div><\/section><\/p><\/div>\n<style type=\"text\/css\" data-created_by=\"avia_inline_auto\" id=\"style-css-av-swqf9-6bb490ea0cbb171c9d159bb967226129\">\n.flex_column.av-swqf9-6bb490ea0cbb171c9d159bb967226129{\nborder-radius:0px 0px 0px 0px;\npadding:20px 20px 20px 20px;\nbackground-color:#f2f2f2;\n}\n<\/style>\n<div  class='flex_column av-swqf9-6bb490ea0cbb171c9d159bb967226129 av_three_fifth  avia-builder-el-10  el_after_av_one_full  el_before_av_two_fifth  first flex_column_div  column-top-margin'     ><style type=\"text\/css\" data-created_by=\"avia_inline_auto\" id=\"style-css-av-jkuua5r2-daaff240cdb64ff49178ef768245fa1b\">\n#top .av_textblock_section.av-jkuua5r2-daaff240cdb64ff49178ef768245fa1b .avia_textblock{\nfont-size:14px;\n}\n<\/style>\n<section  class='av_textblock_section av-jkuua5r2-daaff240cdb64ff49178ef768245fa1b '  ><div class='avia_textblock' ><p><strong>Inhalt<\/strong><\/p>\n<p><strong><a href=\"#1\">1. Nachhaltigkeit \u2013 was steckt hinter dem Begriff?<\/a><\/strong><\/p>\n<p><strong><a href=\"#2\">2. Warum ist Bildung f\u00fcr nachhaltige Entwicklung wichtig? <\/a><\/strong><\/p>\n<p><strong><a href=\"#3\">3. Wie setze ich Nachhaltigkeit in der Grundschule um?<\/a><\/strong><br \/>\n3.1 Tipps zum aktiven Umweltschutz im Klassenzimmer<br \/>\n3.2 Nachhaltigkeit in der Schule \u2013 da geht noch mehr<\/p>\n<p><strong><a href=\"#4\">4. Mitmachaktionen f\u00fcr Ihre nachhaltige Schule<\/a><\/strong><\/p>\n<\/div><\/section><\/div><\/p>\n\n<style type=\"text\/css\" data-created_by=\"avia_inline_auto\" id=\"style-css-av-2532d-6e1ea05e25305745634c0a02c87dc827\">\n.flex_column.av-2532d-6e1ea05e25305745634c0a02c87dc827{\nborder-radius:0px 0px 0px 0px;\npadding:0 0 0 0;\n}\n<\/style>\n<div  class='flex_column av-2532d-6e1ea05e25305745634c0a02c87dc827 av_two_fifth  avia-builder-el-12  el_after_av_three_fifth  el_before_av_sidebar  flex_column_div av-zero-column-padding  column-top-margin'     ><\/div>\n<div  class='avia-builder-widget-area clearfix  avia-builder-el-13  el_after_av_two_fifth  el_before_av_one_full '><div id=\"text-34\" class=\"widget clearfix widget_text\">\t\t\t<div class=\"textwidget\"><p><a href=\"https:\/\/www.backwinkel.de\/nachhaltig-denken\/\" target=\"\\_blank\" rel=\"noopener\"><br \/>\n<img decoding=\"async\" class=\"werbung-desktop alignnone wp-image-4186 size-full\" src=\"https:\/\/www.backwinkel.de\/blog\/wp-content\/uploads\/2026\/04\/Backwinkel-blog-werbebanner-shop-schule_desktop.jpg\" alt=\"\" width=\"1251\" height=\"201\" \/><br \/>\n<\/a><br \/>\n<a href=\"https:\/\/www.backwinkel.de\/nachhaltig-denken\/\" target=\"\\_blank\" rel=\"noopener\"><br \/>\n<img decoding=\"async\" class=\"werbung-mobile alignnone wp-image-4187 size-full\" src=\"https:\/\/www.backwinkel.de\/blog\/wp-content\/uploads\/2026\/04\/Backwinkel-blog-werbebanner-shop-schule_mobile.jpg\" alt=\"\" width=\"550\" height=\"500\" \/><br \/>\n<\/a><\/p>\n<\/div>\n\t\t<\/div><\/div>\n\n<style type=\"text\/css\" data-created_by=\"avia_inline_auto\" id=\"style-css-av-hh5al-9c53459d093ff912fcc98cf97e19d753\">\n.flex_column.av-hh5al-9c53459d093ff912fcc98cf97e19d753{\nborder-radius:0px 0px 0px 0px;\npadding:0px 0px 0px 0px;\n}\n<\/style>\n<div  class='flex_column av-hh5al-9c53459d093ff912fcc98cf97e19d753 av_one_full  avia-builder-el-14  el_after_av_sidebar  el_before_av_one_full  first flex_column_div av-zero-column-padding  '     ><section  class='av_textblock_section av-jkuul0eg-6af03d92853d10c708f30d0d80e1e285 '  ><div class='avia_textblock' >\n<style type=\"text\/css\" data-created_by=\"avia_inline_auto\" id=\"style-css-av-7c7r8-1ad3209b7b9ea9c60cc97e362d76ea5e\">\n#top .hr.hr-invisible.av-7c7r8-1ad3209b7b9ea9c60cc97e362d76ea5e{\nheight:20px;\n}\n<\/style>\n<div  class='hr av-7c7r8-1ad3209b7b9ea9c60cc97e362d76ea5e hr-invisible  avia-builder-el-16  avia-builder-el-no-sibling '><span class='hr-inner '><span class=\"hr-inner-style\"><\/span><\/span><\/div>\n<h2 id=\"1\" class=\"position\">Nachhaltigkeit \u2013 was steckt hinter dem Begriff?<\/h2>\n<p>Um die Bedeutung einer nachhaltigen Schule zu ergr\u00fcnden, hilft zun\u00e4chst der Blick auf die Definition von Nachhaltigkeit. Sicherlich haben die Kinder den Begriff schon geh\u00f6rt, doch er wird in unterschiedlichsten Zusammenh\u00e4ngen verwendet und meint nicht immer das Gleiche. Im Grunde geht es darum, den Menschen auf dieser Erde auch zuk\u00fcnftig ein gutes Leben zu erm\u00f6glichen.<\/p>\n<\/div><\/section><\/div>\n\n<style type=\"text\/css\" data-created_by=\"avia_inline_auto\" id=\"style-css-av-hh5al-34-0280dbefbc2926df8627c982bef81579\">\n.flex_column.av-hh5al-34-0280dbefbc2926df8627c982bef81579{\nborder-radius:0px 0px 0px 0px;\npadding:0px 0px 0px 0px;\n}\n<\/style>\n<div  class='flex_column av-hh5al-34-0280dbefbc2926df8627c982bef81579 av_one_full  avia-builder-el-17  el_after_av_one_full  el_before_av_one_full  first flex_column_div av-zero-column-padding  column-top-margin'     ><style type=\"text\/css\" data-created_by=\"avia_inline_auto\" id=\"style-css-av-jqz83eqo-f253f701a8e55fa58e88113f09661bf3\">\n.av_promobox.av-jqz83eqo-f253f701a8e55fa58e88113f09661bf3{\ncolor:#575757;\nbackground:#ffffff;\nborder-color:#575757;\n}\n<\/style>\n<div  class='av_promobox av-jqz83eqo-f253f701a8e55fa58e88113f09661bf3 avia-button-no  avia-builder-el-18  avia-builder-el-no-sibling '><div class='avia-promocontent'><p>\n<strong>Info: Der Begriff Nachhaltigkeit<\/strong> entstand im 18. Jahrhundert im Bereich der Forstwirtschaft: Es sollten nur so viele B\u00e4ume gef\u00e4llt werden, wie der Wald auf nat\u00fcrliche Weise regenerieren kann. Dies sollte sicherstellen, dass ein nat\u00fcrliches System langfristig erhalten bleibt.<br \/>\nMittlerweile gibt es weitere Definitionen, die \u00fcber den reinen Umweltbegriff hinausgehen. Dahinter steht die Erkenntnis: <strong>Umwelt<\/strong>, <strong>Wirtschaft<\/strong> und <strong>Gesellschaft<\/strong> beeinflussen sich gegenseitig. Ohne ein tragf\u00e4higes \u00d6kosystem gibt es langfristig keinen wirtschaftlichen und gesellschaftlichen Fortschritt.<\/p>\n<p class=\"bildnennung-beitrag\" style=\"text-align: left;\">Quelle: Lexikon der Nachhaltigkeit <a href=\"https:\/\/www.nachhaltigkeit.info\/ \">https:\/\/www.nachhaltigkeit.info\/ <\/a><\/p>\n<p>\n<\/div><\/div><\/div>\n\n<style type=\"text\/css\" data-created_by=\"avia_inline_auto\" id=\"style-css-av-hh5al-31-67dbe73fb71b5b7315a5fa6c6848643a\">\n.flex_column.av-hh5al-31-67dbe73fb71b5b7315a5fa6c6848643a{\nborder-radius:0px 0px 0px 0px;\npadding:0px 0px 0px 0px;\n}\n<\/style>\n<div  class='flex_column av-hh5al-31-67dbe73fb71b5b7315a5fa6c6848643a av_one_full  avia-builder-el-19  el_after_av_one_full  el_before_av_one_full  first flex_column_div av-zero-column-padding  column-top-margin'     ><section  class='av_textblock_section av-jkuul0eg-33-8398fb8c43334c2311ccc9541e80d3f1 '  ><div class='avia_textblock' >\n<style type=\"text\/css\" data-created_by=\"avia_inline_auto\" id=\"style-css-av-7c7r8-32-ade00eb6b0a3f3e774e6234b60378fbd\">\n#top .hr.hr-invisible.av-7c7r8-32-ade00eb6b0a3f3e774e6234b60378fbd{\nheight:20px;\n}\n<\/style>\n<div  class='hr av-7c7r8-32-ade00eb6b0a3f3e774e6234b60378fbd hr-invisible  avia-builder-el-21  avia-builder-el-no-sibling '><span class='hr-inner '><span class=\"hr-inner-style\"><\/span><\/span><\/div>\n<p>Heute bedeutet nachhaltige Entwicklung, <strong>Menschenw\u00fcrde und Chancengerechtigkeit f\u00fcr alle in einer intakten Umwelt<\/strong> zu verwirklichen. Zu dieser gesellschaftlichen Aufgabe muss jeder beitragen, und Bildung spielt dabei eine zentrale Rolle. Welche Auswirkungen hat es beispielsweise, wie ich konsumiere, welche Fortbewegungsmittel ich nutze oder welche Energie ich verbrauche?<\/p>\n<\/div><\/section><\/div>\n\n<style type=\"text\/css\" data-created_by=\"avia_inline_auto\" id=\"style-css-av-hh5al-29-de7ee67d8d8562d2370974f07eba8752\">\n.flex_column.av-hh5al-29-de7ee67d8d8562d2370974f07eba8752{\nborder-radius:0px 0px 0px 0px;\npadding:0px 0px 0px 0px;\n}\n<\/style>\n<div  class='flex_column av-hh5al-29-de7ee67d8d8562d2370974f07eba8752 av_one_full  avia-builder-el-22  el_after_av_one_full  el_before_av_one_full  first flex_column_div av-zero-column-padding  column-top-margin'     ><section  class='av_textblock_section av-jkuul0eg-28-ddefc5ed8cce4d9e1c546946b2ba750f '  ><div class='avia_textblock' >\n<style type=\"text\/css\" data-created_by=\"avia_inline_auto\" id=\"style-css-av-7c7r8-27-7fa87a9fcfc46a3f61304177217b26d8\">\n#top .hr.hr-invisible.av-7c7r8-27-7fa87a9fcfc46a3f61304177217b26d8{\nheight:20px;\n}\n<\/style>\n<div  class='hr av-7c7r8-27-7fa87a9fcfc46a3f61304177217b26d8 hr-invisible  avia-builder-el-24  avia-builder-el-no-sibling '><span class='hr-inner '><span class=\"hr-inner-style\"><\/span><\/span><\/div>\n<h3>Das Leitbild der nachhaltigen Entwicklung basiert auf diesen drei Dimensionen:<\/h3>\n<p><a href=\"https:\/\/blog.backwinkel.de\/wp-content\/uploads\/2020\/02\/backwinkel-blog-recycling-in-der-schule-dimensionen-der-nachhaltigkeit.png\"><img decoding=\"async\" class=\"alignnone wp-image-4096 size-full\" src=\"https:\/\/blog.backwinkel.de\/wp-content\/uploads\/2020\/02\/backwinkel-blog-recycling-in-der-schule-dimensionen-der-nachhaltigkeit.png\" alt=\"\" width=\"1200\" height=\"360\" srcset=\"https:\/\/www.backwinkel.de\/blog\/wp-content\/uploads\/2020\/02\/backwinkel-blog-recycling-in-der-schule-dimensionen-der-nachhaltigkeit.png 1200w, https:\/\/www.backwinkel.de\/blog\/wp-content\/uploads\/2020\/02\/backwinkel-blog-recycling-in-der-schule-dimensionen-der-nachhaltigkeit-300x90.png 300w, https:\/\/www.backwinkel.de\/blog\/wp-content\/uploads\/2020\/02\/backwinkel-blog-recycling-in-der-schule-dimensionen-der-nachhaltigkeit-1030x309.png 1030w, https:\/\/www.backwinkel.de\/blog\/wp-content\/uploads\/2020\/02\/backwinkel-blog-recycling-in-der-schule-dimensionen-der-nachhaltigkeit-768x230.png 768w, https:\/\/www.backwinkel.de\/blog\/wp-content\/uploads\/2020\/02\/backwinkel-blog-recycling-in-der-schule-dimensionen-der-nachhaltigkeit-705x212.png 705w\" sizes=\"(max-width: 1200px) 100vw, 1200px\" \/><\/a><\/p>\n<p class=\"bildnennung-beitrag\" style=\"text-align: left;\">Quelle: Bundeszentrale f\u00fcr politische Bildung <a href=\"https:\/\/www.bpb.de\/izpb\/8983\">https:\/\/www.bpb.de\/izpb\/8983<\/a><\/p>\n<\/div><\/section><\/div>\n\n<style type=\"text\/css\" data-created_by=\"avia_inline_auto\" id=\"style-css-av-hh5al-26-d1f2a01f89204934add1b891d8eaf3f3\">\n.flex_column.av-hh5al-26-d1f2a01f89204934add1b891d8eaf3f3{\nborder-radius:0px 0px 0px 0px;\npadding:0px 0px 0px 0px;\n}\n<\/style>\n<div  class='flex_column av-hh5al-26-d1f2a01f89204934add1b891d8eaf3f3 av_one_full  avia-builder-el-25  el_after_av_one_full  el_before_av_one_full  first flex_column_div av-zero-column-padding  column-top-margin'     ><section  class='av_textblock_section av-jkuul0eg-25-34bb5f8ca29a064d2c06dc6ac08cb804 '  ><div class='avia_textblock' >\n<style type=\"text\/css\" data-created_by=\"avia_inline_auto\" id=\"style-css-av-7c7r8-24-7afd6ea64cb0e19b19955e9e6e2cd4c7\">\n#top .hr.hr-invisible.av-7c7r8-24-7afd6ea64cb0e19b19955e9e6e2cd4c7{\nheight:20px;\n}\n<\/style>\n<div  class='hr av-7c7r8-24-7afd6ea64cb0e19b19955e9e6e2cd4c7 hr-invisible  avia-builder-el-27  avia-builder-el-no-sibling '><span class='hr-inner '><span class=\"hr-inner-style\"><\/span><\/span><\/div>\n<h2 id=\"2\" class=\"position\">Warum ist Bildung f\u00fcr nachhaltige Entwicklung wichtig?<\/h2>\n<p>Die heutige Lebensweise vieler Menschen steht den Zielen von Nachhaltigkeit entgegen. Und wirkliche Ver\u00e4nderungen lassen sich nicht einfach durch Verbote erreichen. Um bei Kindern ein <strong>Bewusstsein<\/strong> daf\u00fcr zu schaffen, welche Auswirkungen <strong>unser eigenes Handeln<\/strong> auf die Entwicklung der gesamten Welt hat, ist die Schule ein wichtiger Lernort.<\/p>\n<p>Die Ziele einer verantwortungsvollen Umwelterziehung sind mittlerweile in den Lehrpl\u00e4nen aller Bundesl\u00e4nder verankert. Der <strong>Wissenserwerb<\/strong> spielt dabei ebenso eine Rolle wie die <strong>Sensibilisierung<\/strong> der Kinder f\u00fcr eine<strong> nachhaltige Lebensweise<\/strong>. Dazu gibt das UN-Aktionsprogramm \u201eBildung f\u00fcr nachhaltige Entwicklung\u201c immer neue Anst\u00f6\u00dfe.<\/p>\n<\/div><\/section><\/div>\n\n<style type=\"text\/css\" data-created_by=\"avia_inline_auto\" id=\"style-css-av-hh5al-23-62ce8bd7479ac567703529b57db28a56\">\n.flex_column.av-hh5al-23-62ce8bd7479ac567703529b57db28a56{\nborder-radius:0px 0px 0px 0px;\npadding:0px 0px 0px 0px;\n}\n<\/style>\n<div  class='flex_column av-hh5al-23-62ce8bd7479ac567703529b57db28a56 av_one_full  avia-builder-el-28  el_after_av_one_full  el_before_av_one_full  first flex_column_div av-zero-column-padding  column-top-margin'     ><style type=\"text\/css\" data-created_by=\"avia_inline_auto\" id=\"style-css-av-jqz83eqo-30-70daeb6a9e2721c225b254754f4411c9\">\n.av_promobox.av-jqz83eqo-30-70daeb6a9e2721c225b254754f4411c9{\ncolor:#575757;\nbackground:#ffffff;\nborder-color:#575757;\n}\n<\/style>\n<div  class='av_promobox av-jqz83eqo-30-70daeb6a9e2721c225b254754f4411c9 avia-button-no  avia-builder-el-29  avia-builder-el-no-sibling '><div class='avia-promocontent'><p>\n<strong>Info: <\/strong>Um das globale Ziel einer friedlichen und nachhaltigen Gesellschaft strukturell zu verankern, haben die Vereinten Nationen das Programm <strong>Bildung f\u00fcr nachhaltige Entwicklung<\/strong>, kurz BNE, ins Leben gerufen.<br \/>\nAuf die UN-Dekade BNE 2005 \u2013 2014 folgte das UNESCO-Weltaktionsprogramm BNE 2015 \u2013 2019. Daran schlie\u00dft das neue BNE-Programm im Rahmen der Nachhaltigkeitsagenda 2030 an. Die Deutsche UNESCO-Kommission stellt es unter das Motto: <strong>Lernen, die Welt zu ver\u00e4ndern<\/strong>.<\/p>\n<p class=\"bildnennung-beitrag\" style=\"text-align: left;\">Quelle: UNESCO-Weltaktionsprogramm: Bildung f\u00fcr nachhaltige Entwicklung <a href=\"https:\/\/www.bne-portal.de\/ \">https:\/\/www.bne-portal.de\/ <\/a><\/p>\n<p>\n<\/div><\/div><\/div>\n\n<style type=\"text\/css\" data-created_by=\"avia_inline_auto\" id=\"style-css-av-hh5al-20-a8a7d34941dc0cf94195a02ab63dcdf0\">\n.flex_column.av-hh5al-20-a8a7d34941dc0cf94195a02ab63dcdf0{\nborder-radius:0px 0px 0px 0px;\npadding:0px 0px 0px 0px;\n}\n<\/style>\n<div  class='flex_column av-hh5al-20-a8a7d34941dc0cf94195a02ab63dcdf0 av_one_full  avia-builder-el-30  el_after_av_one_full  el_before_av_one_full  first flex_column_div av-zero-column-padding  column-top-margin'     ><section  class='av_textblock_section av-jkuul0eg-22-63d00d7f2108250824e653548a717641 '  ><div class='avia_textblock' ><p>Das Konzept BNE beschreibt eine <strong>ganzheitliche Bildung<\/strong>, die sowohl Lerninhalte als auch die P\u00e4dagogik und die Lernumgebung ber\u00fccksichtigt. Lehren und Lernen soll dabei <strong>auf interaktive Weise<\/strong> gestaltet werden, um <strong>forschendes und ver\u00e4nderndes Lernen<\/strong> zu erm\u00f6glichen.<\/p>\n<p>BNE dient nicht nur dazu, Fachwissen \u00fcber Nachhaltigkeitsthemen zu vermitteln. Partizipative Methoden f\u00f6rdern \u00fcbergeordnete F\u00e4higkeiten wie etwa kritisches Denken und Teamf\u00e4higkeit. BNE unterst\u00fctzt Lernende dabei, einen internationalen Blick zu entwickeln und vorausschauend zu handeln. Das beginnt schon bei den <strong>allt\u00e4glichen Entscheidungen<\/strong>.<\/p>\n<\/div><\/section><\/div>\n\n<style type=\"text\/css\" data-created_by=\"avia_inline_auto\" id=\"style-css-av-hh5al-18-8d44ed9080475bc333e749da47b5d0c8\">\n.flex_column.av-hh5al-18-8d44ed9080475bc333e749da47b5d0c8{\nborder-radius:0px 0px 0px 0px;\npadding:0px 0px 0px 0px;\n}\n<\/style>\n<div  class='flex_column av-hh5al-18-8d44ed9080475bc333e749da47b5d0c8 av_one_full  avia-builder-el-32  el_after_av_one_full  el_before_av_one_full  first flex_column_div av-zero-column-padding  column-top-margin'     ><section  class='av_textblock_section av-jkuul0eg-17-0750084e60fdfba3995fba17679b6ba5 '  ><div class='avia_textblock' >\n<style type=\"text\/css\" data-created_by=\"avia_inline_auto\" id=\"style-css-av-7c7r8-21-7ac418fc509e86ab4b8ea1a92d2befe1\">\n#top .hr.hr-invisible.av-7c7r8-21-7ac418fc509e86ab4b8ea1a92d2befe1{\nheight:20px;\n}\n<\/style>\n<div  class='hr av-7c7r8-21-7ac418fc509e86ab4b8ea1a92d2befe1 hr-invisible  avia-builder-el-34  avia-builder-el-no-sibling '><span class='hr-inner '><span class=\"hr-inner-style\"><\/span><\/span><\/div>\n<h2 id=\"3\" class=\"position\">Wie setze ich Nachhaltigkeit in der Grundschule um?<\/h2>\n<p>M\u00fcll trennen, Wasser sparen, Plastik reduzieren \u2013 das geh\u00f6rt in den meisten Familien bereits zum Alltag, in vielen Schulen jedoch noch l\u00e4ngst nicht. Nachhaltigkeit wird in den Lehrpl\u00e4nen immer wichtiger, ist aber h\u00e4ufig noch nicht <strong>in den Schulalltag integriert<\/strong>. Diese L\u00fccke gilt es zu schlie\u00dfen, schon wegen der Glaubw\u00fcrdigkeit. Dabei sind es oft schon Kleinigkeiten, die Abhilfe schaffen.<\/p>\n<h3>Tipps zum aktiven Umweltschutz im Klassenzimmer<\/h3>\n<p>Starten Sie mit einem gemeinsamen Umweltprojekt, das sich direkt auf das Alltagsleben der Sch\u00fcler bezieht. Das erm\u00f6glicht ihnen, selbst aktiv f\u00fcr den Umwelt- und Klimaschutz einzutreten. Und sie lernen, dass vor allem die <strong>kleinen Ver\u00e4nderungen im t\u00e4glichen Leben<\/strong> den Schutz der Umwelt vorantreiben.<\/p>\n<p><strong>Umweltprojekte in der Grundschule vermitteln grundlegende Kompetenzen: <\/strong><\/p>\n<p>Die Sch\u00fclerinnen und Sch\u00fcler<\/p>\n<ul>\n<li>werden f\u00fcr das Thema Umwelt- und Klimaschutz sensibilisiert.<\/li>\n<li>lernen, wie sie im Schulalltag aktiv den Umweltschutz f\u00f6rdern k\u00f6nnen.<\/li>\n<li>lernen die Bedeutung von Nachhaltigkeit anhand konkreter Alltagsfragen kennen.<\/li>\n<\/ul>\n<p>Entdecken Sie zusammen mit Ihren Sch\u00fclern konkrete Bereiche, in denen alle einen Beitrag zur Nachhaltigkeit leisten k\u00f6nnen. Als Einstieg dient beispielsweise die Frage: Warum sollen wir keine <strong>Plastikt\u00fcten<\/strong> benutzen? Im Gespr\u00e4ch erfahren die Kinder mehr \u00fcber Plastikm\u00fcll und entwickeln Ideen f\u00fcr <strong>alternative M\u00f6glichkeiten<\/strong>.<\/p>\n<\/div><\/section><\/div>\n\n<style type=\"text\/css\" data-created_by=\"avia_inline_auto\" id=\"style-css-av-hh5al-16-7a012b3a873b5b13808576eb318017d8\">\n.flex_column.av-hh5al-16-7a012b3a873b5b13808576eb318017d8{\nborder-radius:0px 0px 0px 0px;\npadding:0px 0px 0px 0px;\n}\n<\/style>\n<div  class='flex_column av-hh5al-16-7a012b3a873b5b13808576eb318017d8 av_one_full  avia-builder-el-35  el_after_av_one_full  el_before_av_one_full  first flex_column_div av-zero-column-padding  column-top-margin'     ><style type=\"text\/css\" data-created_by=\"avia_inline_auto\" id=\"style-css-av-jqz83eqo-19-48cab0388c3dbe22f5e1892115a1ed62\">\n.av_promobox.av-jqz83eqo-19-48cab0388c3dbe22f5e1892115a1ed62{\ncolor:#575757;\nbackground:#ffffff;\nborder-color:#575757;\n}\n<\/style>\n<div  class='av_promobox av-jqz83eqo-19-48cab0388c3dbe22f5e1892115a1ed62 avia-button-no  avia-builder-el-36  avia-builder-el-no-sibling '><div class='avia-promocontent'><p>\n<strong>Info:<\/strong> Verbrauch von Plastikt\u00fcten in Deutschland<\/p>\n<p><a href=\"https:\/\/blog.backwinkel.de\/wp-content\/uploads\/2020\/02\/backwinkel-blog-recycling-in-der-schule-plastiktueten-verbrauch-in-deutschland.png\"><img decoding=\"async\" class=\"alignnone wp-image-4091 size-full\" src=\"https:\/\/blog.backwinkel.de\/wp-content\/uploads\/2020\/02\/backwinkel-blog-recycling-in-der-schule-plastiktueten-verbrauch-in-deutschland.png\" alt=\"\" width=\"1200\" height=\"534\" srcset=\"https:\/\/www.backwinkel.de\/blog\/wp-content\/uploads\/2020\/02\/backwinkel-blog-recycling-in-der-schule-plastiktueten-verbrauch-in-deutschland.png 1200w, https:\/\/www.backwinkel.de\/blog\/wp-content\/uploads\/2020\/02\/backwinkel-blog-recycling-in-der-schule-plastiktueten-verbrauch-in-deutschland-300x134.png 300w, https:\/\/www.backwinkel.de\/blog\/wp-content\/uploads\/2020\/02\/backwinkel-blog-recycling-in-der-schule-plastiktueten-verbrauch-in-deutschland-1030x458.png 1030w, https:\/\/www.backwinkel.de\/blog\/wp-content\/uploads\/2020\/02\/backwinkel-blog-recycling-in-der-schule-plastiktueten-verbrauch-in-deutschland-768x342.png 768w, https:\/\/www.backwinkel.de\/blog\/wp-content\/uploads\/2020\/02\/backwinkel-blog-recycling-in-der-schule-plastiktueten-verbrauch-in-deutschland-705x314.png 705w\" sizes=\"(max-width: 1200px) 100vw, 1200px\" \/><\/a><\/p>\n<p><strong>Plastikt\u00fcten <\/strong>sind ein<strong> typisches<\/strong> <strong>Wegwerfprodukt<\/strong>. In der Regel ist so eine T\u00fcte nicht l\u00e4nger als 20 Minuten in Gebrauch. Das ist Ressourcenverschwendung. Die T\u00fcten werden oft unachtsam weggeworfen, landen in der Umwelt und verbleiben dort viele Jahrzehnte. Im schlimmsten Fall richten sie bei V\u00f6geln oder Meerestieren schwere Sch\u00e4den an, gelangen als Mikroplastik in die Nahrungskette bis zum Menschen.<br \/>\n<strong>Einweg-Plastikt\u00fcten<\/strong> sind <strong>in Deutschland seit 2022 verboten<\/strong>.<\/p>\n<p class=\"bildnennung-beitrag\" style=\"text-align: left;\">Quelle: Europ\u00e4ische Kommission, 2019 \/ Bundesministerium f\u00fcr Umwelt, Naturschutz und nukleare Sicherheit <a href=\"https:\/\/www.bmu.de\">https:\/\/www.bmu.de<\/a><\/p>\n<p>\n<\/div><\/div><\/div>\n\n<style type=\"text\/css\" data-created_by=\"avia_inline_auto\" id=\"style-css-av-hh5al-13-e21e960e9e28fb772abd7b1cb346790c\">\n.flex_column.av-hh5al-13-e21e960e9e28fb772abd7b1cb346790c{\nborder-radius:0px 0px 0px 0px;\npadding:0px 0px 0px 0px;\n}\n<\/style>\n<div  class='flex_column av-hh5al-13-e21e960e9e28fb772abd7b1cb346790c av_one_full  avia-builder-el-37  el_after_av_one_full  el_before_av_one_full  first flex_column_div av-zero-column-padding  column-top-margin'     ><section  class='av_textblock_section av-jkuul0eg-15-c6a5d5f9d7c78221737e87cce86a0939 '  ><div class='avia_textblock' ><p><strong>Wie l\u00e4sst sich Plastik im Schulalltag reduzieren?<\/strong> Bestimmt f\u00e4llt Ihren Sch\u00fclern eine Menge ein, vom Federm\u00e4ppchen bis zu umweltbewussten Stoffbeuteln und K\u00f6rben. Mittlerweile gibt es viel mehr Dinge zu kaufen, die aus <strong>nachwachsenden Rohstoffen<\/strong> gefertigt und <strong>biologisch abbaubar<\/strong> sind.<\/p>\n<p>Beispiele f\u00fcr Materialien aus sogenanntem Bioplastik sind:<\/p>\n<ul>\n<li>Becher und Schalen aus Maisst\u00e4rke oder Bambusfasern<\/li>\n<li>Boxen und Materialschalen aus Holz<\/li>\n<li>Tafelschwamm aus Cellulose<\/li>\n<\/ul>\n<p><strong>Produkte aus Bioplastik<\/strong> sind ein Fortschritt, aktuell jedoch in ihrer \u00d6kobilanz noch nicht wirklich umweltfreundlich. Positiv ist, dass bei der Herstellung <strong>keine fossilen Ressourcen<\/strong> verbraucht werden und dadurch weniger Treibhausgase wie CO<sub>2<\/sub> und Methan verursacht werden. Die Forschung arbeitet intensiv an nachhaltigen Plastik-Alternativen, etwa aus Algen oder Hanf.<\/p>\n<\/div><\/section><\/div>\n\n<style type=\"text\/css\" data-created_by=\"avia_inline_auto\" id=\"style-css-av-jlnt0i5o-9e8f91020b864531f76c8938a0322d86\">\n.flex_column.av-jlnt0i5o-9e8f91020b864531f76c8938a0322d86{\nborder-radius:0px 0px 0px 0px;\npadding:10px 10px 10px 10px;\nbackground-color:#e0f1b4;\n}\n<\/style>\n<div  class='flex_column av-jlnt0i5o-9e8f91020b864531f76c8938a0322d86 av_one_full  avia-builder-el-39  el_after_av_one_full  el_before_av_one_full  first flex_column_div  column-top-margin'     ><style type=\"text\/css\" data-created_by=\"avia_inline_auto\" id=\"style-css-av-jkuvcso3-76e3e1efd844176987a0c9201bfb226f\">\n#top .av_textblock_section.av-jkuvcso3-76e3e1efd844176987a0c9201bfb226f .avia_textblock{\nfont-size:22px;\n}\n<\/style>\n<section  class='av_textblock_section av-jkuvcso3-76e3e1efd844176987a0c9201bfb226f '  ><div class='avia_textblock' ><p><strong>Tipp:<\/strong> Wenden Sie sich an das \u00f6rtliche Recyclingunternehmen und organisieren Sie eine Besichtigung f\u00fcr Ihre Klasse. So erfahren die Kinder, was aus dem Inhalt der Gelben Tonne wird, und lernen viel \u00fcber das Recyceln von Kunststoffen.<\/p>\n<\/div><\/section><\/div>\n\n<style type=\"text\/css\" data-created_by=\"avia_inline_auto\" id=\"style-css-av-hh5al-12-a1bf4bcd187f4a58d377294e15306b2a\">\n.flex_column.av-hh5al-12-a1bf4bcd187f4a58d377294e15306b2a{\nborder-radius:0px 0px 0px 0px;\npadding:0px 0px 0px 0px;\n}\n<\/style>\n<div  class='flex_column av-hh5al-12-a1bf4bcd187f4a58d377294e15306b2a av_one_full  avia-builder-el-41  el_after_av_one_full  el_before_av_one_full  first flex_column_div av-zero-column-padding  column-top-margin'     ><section  class='av_textblock_section av-jkuul0eg-11-5823459e7482ed9e7a138330cc5cdd93 '  ><div class='avia_textblock' ><p><strong>Ideen f\u00fcr nachhaltiges Handeln im Klassenzimmer: <\/strong><\/p>\n<ul>\n<li>Schulhefte und Malbl\u00f6cke aus Recyclingpapier verwenden.<\/li>\n<li>Schnellhefter aus Pappe statt aus Kunststoff kaufen.<\/li>\n<li>Das Pausenbrot in eine Box packen, nicht in Alufolie oder Cellophan.<\/li>\n<li>Abfall vermeiden und Dinge nicht achtlos in den M\u00fcll werfen.<\/li>\n<li>Die Sportsachen in einen Stoffbeutel anstatt in eine Plastikt\u00fcte stecken.<\/li>\n<li>Die Beleuchtung im Klassenzimmer in der Pause ausschalten.<\/li>\n<li>Durch richtiges L\u00fcften f\u00fcr gute Luft im Klassenzimmer sorgen.<\/li>\n<li>Die Verschwendung von Wasser vermeiden.<\/li>\n<li>Mit dem Fahrrad zur Schule fahren.<\/li>\n<\/ul>\n<\/div><\/section><\/div>\n\n<style type=\"text\/css\" data-created_by=\"avia_inline_auto\" id=\"style-css-av-jlnt0i5o-10-77ae5fbac03d86d4d98ea899c14551b5\">\n.flex_column.av-jlnt0i5o-10-77ae5fbac03d86d4d98ea899c14551b5{\nborder-radius:0px 0px 0px 0px;\npadding:10px 10px 10px 10px;\nbackground-color:#e0f1b4;\n}\n<\/style>\n<div  class='flex_column av-jlnt0i5o-10-77ae5fbac03d86d4d98ea899c14551b5 av_one_full  avia-builder-el-43  el_after_av_one_full  el_before_av_hr  first flex_column_div  column-top-margin'     ><style type=\"text\/css\" data-created_by=\"avia_inline_auto\" id=\"style-css-av-jkuvcso3-9-cf3b4a4ff3b70f6246ea330af6cbd1cb\">\n#top .av_textblock_section.av-jkuvcso3-9-cf3b4a4ff3b70f6246ea330af6cbd1cb .avia_textblock{\nfont-size:22px;\n}\n<\/style>\n<section  class='av_textblock_section av-jkuvcso3-9-cf3b4a4ff3b70f6246ea330af6cbd1cb '  ><div class='avia_textblock' ><p><strong>Tipp:<\/strong> Binden Sie bestimmte Umweltaufgaben wie das L\u00fcften oder Ausschalten des Lichts in die Klassendienste ein. Die Gruppe kann einen Umweltsprecher w\u00e4hlen, der seine Mitsch\u00fcler zum Umweltschutz anh\u00e4lt.<\/p>\n<\/div><\/section><\/div>\n\n<style type=\"text\/css\" data-created_by=\"avia_inline_auto\" id=\"style-css-av-jkuvdh82-e046385b234beb5bafd3aef55f34bef8\">\n#top .hr.av-jkuvdh82-e046385b234beb5bafd3aef55f34bef8{\nmargin-top:10px;\nmargin-bottom:10px;\n}\n.hr.av-jkuvdh82-e046385b234beb5bafd3aef55f34bef8 .hr-inner{\nwidth:500;\n}\n<\/style>\n<div  class='hr av-jkuvdh82-e046385b234beb5bafd3aef55f34bef8 hr-custom  avia-builder-el-45  el_after_av_one_full  el_before_av_one_full  hr-left hr-icon-no'><span class='hr-inner inner-border-av-border-none'><span class=\"hr-inner-style\"><\/span><\/span><\/div>\n\n<style type=\"text\/css\" data-created_by=\"avia_inline_auto\" id=\"style-css-av-hh5al-8-beb333b2f72626a23d4ff8d2de4147ac\">\n.flex_column.av-hh5al-8-beb333b2f72626a23d4ff8d2de4147ac{\nborder-radius:0px 0px 0px 0px;\npadding:0px 0px 0px 0px;\n}\n<\/style>\n<div  class='flex_column av-hh5al-8-beb333b2f72626a23d4ff8d2de4147ac av_one_full  avia-builder-el-46  el_after_av_hr  el_before_av_one_full  first flex_column_div av-zero-column-padding  '     ><section  class='av_textblock_section av-jkuul0eg-7-8375e05272a9d2b1269ff79be94c43d5 '  ><div class='avia_textblock' ><h3>Nachhaltigkeit in der Schule \u2013 da geht noch mehr<\/h3>\n<p>Selbstverst\u00e4ndlich kann und soll ein solches Projekt <strong>den Schulalltag dauerhaft ver\u00e4ndern<\/strong>. Am besten macht gleich die ganze Schule mit, und auch die Schulkonferenz ber\u00e4t, was konkret getan werden kann. Die Ergebnisse lohnen sich allemal, und auch die Sch\u00fcler sehen, dass ihre Schule das Thema Umweltschutz wirklich ernst nimmt.<\/p>\n<p><strong>Ideen f\u00fcr die nachhaltige Schule: <\/strong><\/p>\n<ul>\n<li>Verwenden Sie Recyclingpapier, m\u00f6glichst auch in allen Kopierern und Druckern.<\/li>\n<li>Leere Druckerpatronen und Tonerkartuschen lassen sich wiederverwenden. Schulen, die bei der Sammelaktion \u201eDer Sammeldrache\u201c mitmachen, erhalten eine Sammelbox, die kostenlos abgeholt wird.<\/li>\n<li>Flackernde Leuchtstoffr\u00f6hren waren gestern. Heutige LED-Leuchtmittel sind wesentlich energieeffizienter.<\/li>\n<li>Auch in der Schulmensa l\u00e4sst sich Energie sparen. Zudem sollten regionale Produkte in Bio-Qualit\u00e4t bevorzugt werden.<\/li>\n<\/ul>\n<p>Wenn Sie f\u00fcr die Schule Materialien ben\u00f6tigen, stellen Sie sich die Frage: Was macht aus Sicht der Nachhaltigkeit Sinn? W\u00e4hlen Sie die Materialien nach Umweltschutzkriterien aus. Ein Wegweiser ist das Umweltzeichen Blauer Engel.<\/p>\n<\/div><\/section><\/div>\n\n<style type=\"text\/css\" data-created_by=\"avia_inline_auto\" id=\"style-css-av-hh5al-4-4fa402cbcd209d48c6efa26899dae548\">\n.flex_column.av-hh5al-4-4fa402cbcd209d48c6efa26899dae548{\nborder-radius:0px 0px 0px 0px;\npadding:0px 0px 0px 0px;\n}\n<\/style>\n<div  class='flex_column av-hh5al-4-4fa402cbcd209d48c6efa26899dae548 av_one_full  avia-builder-el-48  el_after_av_one_full  el_before_av_hr  first flex_column_div av-zero-column-padding  column-top-margin'     ><section  class='av_textblock_section av-jkuul0eg-3-5206566217305fb2dd4b5195a7a30e9f '  ><div class='avia_textblock' >\n<style type=\"text\/css\" data-created_by=\"avia_inline_auto\" id=\"style-css-av-7c7r8-14-a7e1a14e4faf45515f1231b75cc33e6a\">\n#top .hr.hr-invisible.av-7c7r8-14-a7e1a14e4faf45515f1231b75cc33e6a{\nheight:20px;\n}\n<\/style>\n<div  class='hr av-7c7r8-14-a7e1a14e4faf45515f1231b75cc33e6a hr-invisible  avia-builder-el-50  avia-builder-el-no-sibling '><span class='hr-inner '><span class=\"hr-inner-style\"><\/span><\/span><\/div>\n<h2 id=\"4\" class=\"position\">Mitmachaktionen f\u00fcr Ihre nachhaltige Schule<\/h2>\n<p>Hat Ihre Schule schon das Konzept zur <strong>Nachhaltigkeit im Schulprogramm<\/strong> verankert? Bundesweite Mitmachaktionen und Wettbewerbe rufen Schulen dazu auf, sich mit den Themen Umwelt, Klima und Nachhaltigkeit auseinanderzusetzen. Beim gemeinsamen Forschen und Experimentieren merken Ihre Sch\u00fcler schnell, dass aktiver Umweltschutz richtig Spa\u00df macht.<\/p>\n<p><strong>BNE-Aktion \u201eKlimadetektive\u201c<\/strong>: An zahlreichen Schulen in ganz Deutschland sind die Kinder bereits als Klimadetektive dem Klimaschutz auf der Spur. Einen \u00dcberblick bietet die Internetseite Umweltschulen. <a href=\"https:\/\/www.umweltschulen.de\/klima\/\">https:\/\/www.umweltschulen.de\/klima\/<\/a><\/p>\n<p><strong>Die Aktion \u201eGr\u00fcne Schule\u201c<\/strong>, mitgetragen von der Deutschen Umweltstiftung, will Umweltbewusstsein bei Sch\u00fclern, Lehrern und Eltern f\u00f6rdern. Bundesweit k\u00f6nnen alle Schulen teilnehmen. Dazu steht umfangreiches Unterrichtsmaterial zur Verf\u00fcgung. <a href=\"https:\/\/www.lehrer-online.de\/unterricht\/sekundarstufen\/naturwissenschaften\/biologie\/unterrichtseinheit\/ue\/gruene-schule-umweltschutz-im-schulalltag\/\">https:\/\/www.lehrer-online.de\/unterricht\/sekundarstufen\/naturwissenschaften\/biologie\/unterrichtseinheit\/ue\/gruene-schule-umweltschutz-im-schulalltag\/<\/a><\/p>\n<p><strong>\u201eUmweltschule in Europa\u201c<\/strong> ist eine Ausschreibung der internationalen Umweltbildungsorganisation Foundation for Environmental Education, vertreten durch die Deutsche Gesellschaft f\u00fcr Umwelterziehung. Bis Anfang des Jahres 2020 wurden bereits 800 deutsche Schulen f\u00fcr ihr Nachhaltigkeitskonzept ausgezeichnet, nach weiteren 5 Jahren hatte sich diese Zahl fast verdoppelt. In jedem Schuljahr k\u00f6nnen sich alle Schulen um den Titel \u201eInternationale Nachhaltigkeitsschule\u201c bewerben. <a href=\"https:\/\/umwelterziehung.de\/projekte\/umweltschule-in-europa\/\">https:\/\/umwelterziehung.de\/projekte\/umweltschule-in-europa\/<\/a><\/p>\n<p><strong>Die Fairtrade-Schools-Kampagne<\/strong> bietet Schulen die M\u00f6glichkeit, sich aktiv f\u00fcr eine bessere Welt einzusetzen und Verantwortung zu \u00fcbernehmen. Viele Schulen tragen bereits den Titel \u201eFairtrade-School\u201c. <a href=\"https:\/\/www.fairtrade-schools.de\/aktuelles\/\">https:\/\/www.fairtrade-schools.de\/aktuelles\/<\/a><\/p>\n<\/div><\/section><\/div>\n\n<style type=\"text\/css\" data-created_by=\"avia_inline_auto\" id=\"style-css-av-jkuvdh82-5-9f00cca5a4f75cc316477ce0e5a20959\">\n#top .hr.av-jkuvdh82-5-9f00cca5a4f75cc316477ce0e5a20959{\nmargin-top:10px;\nmargin-bottom:10px;\n}\n.hr.av-jkuvdh82-5-9f00cca5a4f75cc316477ce0e5a20959 .hr-inner{\nwidth:500;\n}\n<\/style>\n<div  class='hr av-jkuvdh82-5-9f00cca5a4f75cc316477ce0e5a20959 hr-custom  avia-builder-el-51  el_after_av_one_full  el_before_av_one_full  hr-left hr-icon-no'><span class='hr-inner inner-border-av-border-none'><span class=\"hr-inner-style\"><\/span><\/span><\/div>\n\n<style type=\"text\/css\" data-created_by=\"avia_inline_auto\" id=\"style-css-av-jley1l06-be8863a15e87d33f314fbd4b76b14014\">\n.flex_column.av-jley1l06-be8863a15e87d33f314fbd4b76b14014{\nborder-radius:0px 0px 0px 0px;\npadding:10px 10px 10px 10px;\nbackground-color:#f2f2f2;\n}\n<\/style>\n<div  class='flex_column av-jley1l06-be8863a15e87d33f314fbd4b76b14014 av_one_full  avia-builder-el-52  el_after_av_hr  el_before_av_one_full  first flex_column_div  '     ><section  class='av_textblock_section av-jkuvcso3-6-3e52022a6a3ecfd646a76795ab5d776b '  ><div class='avia_textblock' ><p class=\"fussnoten-quellen\"><strong>Zum Weiterlesen: <\/strong><\/p>\n<p>Steffen Bauer: Leitbild der Nachhaltigen Entwicklung. In: Bundeszentrale f\u00fcr politische Bildung, 2008. <a href=\"https:\/\/www.bpb.de\/shop\/zeitschriften\/izpb\/umweltpolitik-287\/8983\/leitbild-der-nachhaltigen-entwicklung\/\">https:\/\/www.bpb.de\/shop\/zeitschriften\/izpb\/umweltpolitik-287\/8983\/leitbild-der-nachhaltigen-entwicklung<\/a><\/p>\n<p>Christof Drexel: Warum Meerschweinchen das Klima retten. Einfache Strategien f\u00fcr eine bessere CO<sub>2<\/sub>-Bilanz. M\u00fcnchen: Gr\u00e4fe und Unzer 2019.<\/p>\n<p>Janine Eck: 100 Dinge, die du f\u00fcr die Erde tun kannst. Nachhaltig handeln \u2013 Mitmach-Tipps \u2013 Natur und Umwelt. K\u00f6ln: Schwager &amp; Steinlein 2019.<\/p>\n<p class=\"fussnoten-quellen\">Programm Transfer 21 (Hrsg.): Schulprogramm Bildung f\u00fcr nachhaltige Entwicklung. Grundlagen, Bausteine, Beispiele. Berlin 2007. <a href=\"http:\/\/www.transfer-21.de\/daten\/materialien\/Schulprogramm_BNE.pdf\">http:\/\/www.transfer-21.de\/daten\/materialien\/Schulprogramm_BNE.pdf<\/a><\/p>\n<\/div><\/section><\/div>\n\n<style type=\"text\/css\" data-created_by=\"avia_inline_auto\" id=\"style-css-av-1p82t-b0e9719fe6c67aa5c6d1abf813961e55\">\n.flex_column.av-1p82t-b0e9719fe6c67aa5c6d1abf813961e55{\nborder-radius:0px 0px 0px 0px;\npadding:0px 0px 0px 0px;\n}\n<\/style>\n<div  class='flex_column av-1p82t-b0e9719fe6c67aa5c6d1abf813961e55 av_one_full  avia-builder-el-54  el_after_av_one_full  avia-builder-el-last  first flex_column_div av-zero-column-padding  column-top-margin'     ><p><section  class='av_textblock_section av-jlp4hxqo-91baaad30cd61f89630d15f8561d1750 '  ><div class='avia_textblock' ><div class=\"shariff shariff-align-left shariff-widget-align-left\"><ul class=\"shariff-buttons theme-color orientation-horizontal buttonsize-medium\"><li class=\"shariff-button whatsapp shariff-nocustomcolor\" style=\"background-color:#5cbe4a\"><a href=\"https:\/\/api.whatsapp.com\/send?text=https%3A%2F%2Fwww.backwinkel.de%2Fblog%2Fnachhaltige-schule%2F%20Mehr%20als%20Recycling%3A\" title=\"Bei Whatsapp teilen\" aria-label=\"Bei Whatsapp teilen\" role=\"button\" rel=\"noopener nofollow\" class=\"shariff-link\" style=\"; background-color:#34af23; color:#fff\" target=\"_blank\"><span class=\"shariff-icon\" style=\"\"><svg width=\"32px\" height=\"20px\" xmlns=\"http:\/\/www.w3.org\/2000\/svg\" viewBox=\"0 0 32 32\"><path fill=\"#34af23\" d=\"M17.6 17.4q0.2 0 1.7 0.8t1.6 0.9q0 0.1 0 0.3 0 0.6-0.3 1.4-0.3 0.7-1.3 1.2t-1.8 0.5q-1 0-3.4-1.1-1.7-0.8-3-2.1t-2.6-3.3q-1.3-1.9-1.3-3.5v-0.1q0.1-1.6 1.3-2.8 0.4-0.4 0.9-0.4 0.1 0 0.3 0t0.3 0q0.3 0 0.5 0.1t0.3 0.5q0.1 0.4 0.6 1.6t0.4 1.3q0 0.4-0.6 1t-0.6 0.8q0 0.1 0.1 0.3 0.6 1.3 1.8 2.4 1 0.9 2.7 1.8 0.2 0.1 0.4 0.1 0.3 0 1-0.9t0.9-0.9zM14 26.9q2.3 0 4.3-0.9t3.6-2.4 2.4-3.6 0.9-4.3-0.9-4.3-2.4-3.6-3.6-2.4-4.3-0.9-4.3 0.9-3.6 2.4-2.4 3.6-0.9 4.3q0 3.6 2.1 6.6l-1.4 4.2 4.3-1.4q2.8 1.9 6.2 1.9zM14 2.2q2.7 0 5.2 1.1t4.3 2.9 2.9 4.3 1.1 5.2-1.1 5.2-2.9 4.3-4.3 2.9-5.2 1.1q-3.5 0-6.5-1.7l-7.4 2.4 2.4-7.2q-1.9-3.2-1.9-6.9 0-2.7 1.1-5.2t2.9-4.3 4.3-2.9 5.2-1.1z\"\/><\/svg><\/span><span class=\"shariff-text\">teilen<\/span>&nbsp;<\/a><\/li><li class=\"shariff-button facebook shariff-nocustomcolor\" style=\"background-color:#4273c8\"><a href=\"https:\/\/www.facebook.com\/sharer\/sharer.php?u=https%3A%2F%2Fwww.backwinkel.de%2Fblog%2Fnachhaltige-schule%2F\" title=\"Bei Facebook teilen\" aria-label=\"Bei Facebook teilen\" role=\"button\" rel=\"nofollow\" class=\"shariff-link\" style=\"; background-color:#3b5998; color:#fff\" target=\"_blank\"><span class=\"shariff-icon\" style=\"\"><svg width=\"32px\" height=\"20px\" xmlns=\"http:\/\/www.w3.org\/2000\/svg\" viewBox=\"0 0 18 32\"><path fill=\"#3b5998\" d=\"M17.1 0.2v4.7h-2.8q-1.5 0-2.1 0.6t-0.5 1.9v3.4h5.2l-0.7 5.3h-4.5v13.6h-5.5v-13.6h-4.5v-5.3h4.5v-3.9q0-3.3 1.9-5.2t5-1.8q2.6 0 4.1 0.2z\"\/><\/svg><\/span><span class=\"shariff-text\">teilen<\/span>&nbsp;<\/a><\/li><li class=\"shariff-button twitter shariff-nocustomcolor\" style=\"background-color:#595959\"><a href=\"https:\/\/twitter.com\/share?url=https%3A%2F%2Fwww.backwinkel.de%2Fblog%2Fnachhaltige-schule%2F&text=Mehr%20als%20Recycling%3A\" title=\"Bei X teilen\" aria-label=\"Bei X teilen\" role=\"button\" rel=\"noopener nofollow\" class=\"shariff-link\" style=\"; background-color:#000; color:#fff\" target=\"_blank\"><span class=\"shariff-icon\" style=\"\"><svg width=\"32px\" height=\"20px\" xmlns=\"http:\/\/www.w3.org\/2000\/svg\" viewBox=\"0 0 24 24\"><path fill=\"#000\" d=\"M14.258 10.152L23.176 0h-2.113l-7.747 8.813L7.133 0H0l9.352 13.328L0 23.973h2.113l8.176-9.309 6.531 9.309h7.133zm-2.895 3.293l-.949-1.328L2.875 1.56h3.246l6.086 8.523.945 1.328 7.91 11.078h-3.246zm0 0\"\/><\/svg><\/span><span class=\"shariff-text\">teilen<\/span>&nbsp;<\/a><\/li><li class=\"shariff-button pinterest shariff-nocustomcolor\" style=\"background-color:#e70f18\"><a href=\"https:\/\/www.pinterest.com\/pin\/create\/link\/?url=https%3A%2F%2Fwww.backwinkel.de%2Fblog%2Fnachhaltige-schule%2F&media=https%3A%2F%2Fwww.backwinkel.de%2Fblog%2Fwp-content%2Fuploads%2F2020%2F02%2Fbackwinkel-blog-recycling-in-der-schule-heroimage.jpg&description=Mehr%20als%20Recycling%3A\" title=\"Bei Pinterest pinnen\" aria-label=\"Bei Pinterest pinnen\" role=\"button\" rel=\"noopener nofollow\" class=\"shariff-link\" style=\"; background-color:#cb2027; color:#fff\" target=\"_blank\"><span class=\"shariff-icon\" style=\"\"><svg width=\"32px\" height=\"20px\" xmlns=\"http:\/\/www.w3.org\/2000\/svg\" viewBox=\"0 0 27 32\"><path fill=\"#cb2027\" d=\"M27.4 16q0 3.7-1.8 6.9t-5 5-6.9 1.9q-2 0-3.9-0.6 1.1-1.7 1.4-2.9 0.2-0.6 1-3.8 0.4 0.7 1.3 1.2t2 0.5q2.1 0 3.8-1.2t2.7-3.4 0.9-4.8q0-2-1.1-3.8t-3.1-2.9-4.5-1.2q-1.9 0-3.5 0.5t-2.8 1.4-2 2-1.2 2.3-0.4 2.4q0 1.9 0.7 3.3t2.1 2q0.5 0.2 0.7-0.4 0-0.1 0.1-0.5t0.2-0.5q0.1-0.4-0.2-0.8-0.9-1.1-0.9-2.7 0-2.7 1.9-4.6t4.9-2q2.7 0 4.2 1.5t1.5 3.8q0 3-1.2 5.2t-3.1 2.1q-1.1 0-1.7-0.8t-0.4-1.9q0.1-0.6 0.5-1.7t0.5-1.8 0.2-1.4q0-0.9-0.5-1.5t-1.4-0.6q-1.1 0-1.9 1t-0.8 2.6q0 1.3 0.4 2.2l-1.8 7.5q-0.3 1.2-0.2 3.2-3.7-1.6-6-5t-2.3-7.6q0-3.7 1.9-6.9t5-5 6.9-1.9 6.9 1.9 5 5 1.8 6.9z\"\/><\/svg><\/span><span class=\"shariff-text\">merken<\/span>&nbsp;<\/a><\/li><li class=\"shariff-button mailto shariff-nocustomcolor\" style=\"background-color:#a8a8a8\"><a href=\"mailto:?body=https%3A%2F%2Fwww.backwinkel.de%2Fblog%2Fnachhaltige-schule%2F&subject=Mehr%20als%20Recycling%3A\" title=\"Per E-Mail versenden\" aria-label=\"Per E-Mail versenden\" role=\"button\" rel=\"noopener nofollow\" class=\"shariff-link\" style=\"; background-color:#999; color:#fff\"><span class=\"shariff-icon\" style=\"\"><svg width=\"32px\" height=\"20px\" xmlns=\"http:\/\/www.w3.org\/2000\/svg\" viewBox=\"0 0 32 32\"><path fill=\"#999\" d=\"M32 12.7v14.2q0 1.2-0.8 2t-2 0.9h-26.3q-1.2 0-2-0.9t-0.8-2v-14.2q0.8 0.9 1.8 1.6 6.5 4.4 8.9 6.1 1 0.8 1.6 1.2t1.7 0.9 2 0.4h0.1q0.9 0 2-0.4t1.7-0.9 1.6-1.2q3-2.2 8.9-6.1 1-0.7 1.8-1.6zM32 7.4q0 1.4-0.9 2.7t-2.2 2.2q-6.7 4.7-8.4 5.8-0.2 0.1-0.7 0.5t-1 0.7-0.9 0.6-1.1 0.5-0.9 0.2h-0.1q-0.4 0-0.9-0.2t-1.1-0.5-0.9-0.6-1-0.7-0.7-0.5q-1.6-1.1-4.7-3.2t-3.6-2.6q-1.1-0.7-2.1-2t-1-2.5q0-1.4 0.7-2.3t2.1-0.9h26.3q1.2 0 2 0.8t0.9 2z\"\/><\/svg><\/span><span class=\"shariff-text\">E-Mail<\/span>&nbsp;<\/a><\/li><\/ul><\/div>\n<\/div><\/section><br \/>\n<div  class='tabcontainer av-jlq8shhr-b676e11701d9718d755b04dc68ac4c10 top_tab  avia-builder-el-56  el_after_av_textblock  el_before_av_hr '>\n<section class='av_tab_section av_tab_section av-4w8jsn-17d4c89754803ac141d68451b8b1d1a6' ><div id='tab-id-1-tab' class='tab active_tab' role='tab' aria-selected=\"true\" tabindex=\"0\" data-fake-id='#tab-id-1' aria-controls='tab-id-1-content' >Das BACKWINKEL-Blog-Team:<\/div><div id='tab-id-1-content' class='tab_content active_tab_content' role='tabpanel' aria-labelledby='tab-id-1-tab' aria-hidden=\"false\"><div class='tab_inner_content invers-color' ><p><img decoding=\"async\" class=\"wp-image-1768 alignleft\" title=\"BACKWINKEL-Blog \u2013 Das Team\" src=\"https:\/\/blog.backwinkel.de\/wp-content\/uploads\/2018\/10\/backwinkel-blog-autorenbox-intern_preview-300x198.jpg\" alt=\"\" width=\"300\" height=\"198\" \/>Gibts auch ein Gesicht hinter dem BACKWINKEL-Blog? Ja. Vier ?. Drei davon sogar mit Foto.<\/p>\n<p><span style=\"font-style: inherit !important; font-weight: inherit !important;\">Wir \u2013 Lukas, Tatjana, Stefan und Christine \u2013 bespielen unseren Blog unter dem Motto LACHEN LESEN LERNEN. <\/span><\/p>\n<p><span style=\"font-style: inherit !important; font-weight: inherit !important;\">Lukas kennt sich online so gut aus wie in seiner Westentasche und findet immer spannende Themen, w\u00e4hrend Stefan unseren Beitr\u00e4gen den passenden gestalterischen Rahmen gibt und Tatjana mit dem gr\u00fcnen Korrekturstift alles pr\u00fcfend be\u00e4ugt, was unsere Autorin Christine (und gern auch Gastautoren) f\u00fcr den BACKWINKEL-Blog nach ordentlicher Recherche schreibt.<\/span><\/p>\n<p>Gemeinsam suchen wir st\u00e4ndig nach neuen, aufregenden Themen rund um das Thema Bildung im Kiga, der Schule und zu Hause. Und weil Sie da an der Quelle sitzen, freuen wir uns auf Ihre konstruktiven R\u00fcckmeldungen und Anregungen an <a href=\"mailto:blog@backwinkel.de\">blog@backwinkel.de<\/a><\/p>\n<p>Viel Spa\u00df beim LACHEN LESEN LERNEN!<\/p>\n<\/div><\/div><\/section>\n<\/div><br \/>\n\n<style type=\"text\/css\" data-created_by=\"avia_inline_auto\" id=\"style-css-av-jkuvdh82-2-f6870c81fc586f22aacddfd7f5cd8253\">\n#top .hr.av-jkuvdh82-2-f6870c81fc586f22aacddfd7f5cd8253{\nmargin-top:10px;\nmargin-bottom:10px;\n}\n.hr.av-jkuvdh82-2-f6870c81fc586f22aacddfd7f5cd8253 .hr-inner{\nwidth:500;\n}\n<\/style>\n<div  class='hr av-jkuvdh82-2-f6870c81fc586f22aacddfd7f5cd8253 hr-custom  avia-builder-el-57  el_after_av_tab_container  el_before_av_heading  hr-left hr-icon-no'><span class='hr-inner inner-border-av-border-thin'><span class=\"hr-inner-style\"><\/span><\/span><\/div><br \/>\n\n<style type=\"text\/css\" data-created_by=\"avia_inline_auto\" id=\"style-css-av-2kvx4l-26cf26738d77db581bfabf51b88b95c5\">\n#top .av-special-heading.av-2kvx4l-26cf26738d77db581bfabf51b88b95c5{\npadding-bottom:10px;\n}\nbody .av-special-heading.av-2kvx4l-26cf26738d77db581bfabf51b88b95c5 .av-special-heading-tag .heading-char{\nfont-size:25px;\n}\n.av-special-heading.av-2kvx4l-26cf26738d77db581bfabf51b88b95c5 .av-subheading{\nfont-size:15px;\n}\n<\/style>\n<div  class='av-special-heading av-2kvx4l-26cf26738d77db581bfabf51b88b95c5 av-special-heading-h3 blockquote modern-quote  avia-builder-el-58  el_after_av_hr  el_before_av_blog '><h3 class='av-special-heading-tag '  >PASSENDE BEITR\u00c4GE<\/h3><div class=\"special-heading-border\"><div class=\"special-heading-inner-border\"><\/div><\/div><\/div><br \/>\n<div  data-slideshow-options=\"{&quot;animation&quot;:&quot;fade&quot;,&quot;autoplay&quot;:false,&quot;loop_autoplay&quot;:&quot;once&quot;,&quot;interval&quot;:5,&quot;loop_manual&quot;:&quot;manual-endless&quot;,&quot;autoplay_stopper&quot;:false,&quot;noNavigation&quot;:false,&quot;show_slide_delay&quot;:90}\" class='avia-content-slider avia-content-grid-active avia-content-slider1 avia-content-slider-odd  avia-builder-el-59  el_after_av_heading  avia-builder-el-last  av-slideshow-ui av-control-default   av-no-slider-navigation av-slideshow-manual av-loop-once av-loop-manual-endless ' ><div class=\"avia-content-slider-inner\"><div class=\"slide-entry-wrap\"><article class='slide-entry flex_column  post-entry post-entry-18633 slide-entry-overview slide-loop-1 slide-parity-odd  av_one_third first real-thumbnail posttype-post post-format-standard' ><a href='https:\/\/www.backwinkel.de\/blog\/plastik-recyceln\/' data-rel='slide-1' class='slide-image' title='Plastik recyceln'><img decoding=\"async\" fetchpriority=\"high\" width=\"1200\" height=\"628\" src=\"https:\/\/www.backwinkel.de\/blog\/wp-content\/uploads\/2026\/04\/04_Kiga_Plastik_nachhaltig_nutzen.jpg\" class=\"wp-image-18713 avia-img-lazy-loading-not-18713 attachment-no scaling size-no scaling wp-post-image\" alt=\"\" \/><\/a><div class=\"slide-content\"><header class=\"entry-content-header\" aria-label=\"Slide: Plastik recyceln\"><h3 class='slide-entry-title entry-title ' ><a href='https:\/\/www.backwinkel.de\/blog\/plastik-recyceln\/' title='Plastik recyceln'>Plastik recyceln<\/a><\/h3><span class=\"blog-categories minor-meta\"><a href=\"https:\/\/www.backwinkel.de\/blog\/category\/kindergarten-kita\/\" rel=\"tag\">Kindergarten<\/a> <\/span><span class=\"av-vertical-delimiter\"><\/span><\/header><div class='slide-entry-excerpt entry-content' >Biokunststoff f\u00fcr St\u00fchle, Materialboxen, Spielzeug und Rucks\u00e4cke<\/div><\/div><footer class=\"entry-footer\"><div class=\"slide-meta\"><time class='slide-meta-time updated' >14. April 2026<\/time><\/div><\/footer><\/article><article class='slide-entry flex_column  post-entry post-entry-18716 slide-entry-overview slide-loop-2 slide-parity-even  av_one_third  real-thumbnail posttype-post post-format-standard' ><a href='https:\/\/www.backwinkel.de\/blog\/rechnen-im-anfangsunterricht\/' data-rel='slide-1' class='slide-image' title='Rechnen im Anfangsunterricht'><img decoding=\"async\" fetchpriority=\"high\" width=\"1200\" height=\"628\" src=\"https:\/\/www.backwinkel.de\/blog\/wp-content\/uploads\/2026\/04\/04_Schule_Rechnen_anfangsunterricht.jpg\" class=\"wp-image-18748 avia-img-lazy-loading-not-18748 attachment-no scaling size-no scaling wp-post-image\" alt=\"\" \/><\/a><div class=\"slide-content\"><header class=\"entry-content-header\" aria-label=\"Slide: Rechnen im Anfangsunterricht\"><h3 class='slide-entry-title entry-title ' ><a href='https:\/\/www.backwinkel.de\/blog\/rechnen-im-anfangsunterricht\/' title='Rechnen im Anfangsunterricht'>Rechnen im Anfangsunterricht<\/a><\/h3><span class=\"blog-categories minor-meta\"><a href=\"https:\/\/www.backwinkel.de\/blog\/category\/schule-grundschule\/\" rel=\"tag\">Schule<\/a> <\/span><span class=\"av-vertical-delimiter\"><\/span><\/header><div class='slide-entry-excerpt entry-content' >Das Klassenzimmer als Lernlandschaft<\/div><\/div><footer class=\"entry-footer\"><div class=\"slide-meta\"><time class='slide-meta-time updated' >14. April 2026<\/time><\/div><\/footer><\/article><article class='slide-entry flex_column  post-entry post-entry-18372 slide-entry-overview slide-loop-3 slide-parity-odd  post-entry-last  av_one_third  real-thumbnail posttype-post post-format-standard' ><a href='https:\/\/www.backwinkel.de\/blog\/kranke-kinder-im-kindergarten\/' data-rel='slide-1' class='slide-image' title='Kranke Kinder im Kindergarten'><img decoding=\"async\" fetchpriority=\"high\" width=\"1200\" height=\"628\" src=\"https:\/\/www.backwinkel.de\/blog\/wp-content\/uploads\/2026\/03\/03_Kiga_Kranke_Kinder.jpg\" class=\"wp-image-18451 avia-img-lazy-loading-not-18451 attachment-no scaling size-no scaling wp-post-image\" alt=\"Thema: Kranke Kinder. Auf dem Bild ist ein krankes kleines M\u00e4dchen zu sehen. Eine Frau mit einem Fieberthermometer in der Hand sitzt neben ihr und hat die Hand auf der Stirn des M\u00e4dchens.\" \/><\/a><div class=\"slide-content\"><header class=\"entry-content-header\" aria-label=\"Slide: Kranke Kinder im Kindergarten\"><h3 class='slide-entry-title entry-title ' ><a href='https:\/\/www.backwinkel.de\/blog\/kranke-kinder-im-kindergarten\/' title='Kranke Kinder im Kindergarten'>Kranke Kinder im Kindergarten<\/a><\/h3><span class=\"blog-categories minor-meta\"><a href=\"https:\/\/www.backwinkel.de\/blog\/category\/kindergarten-kita\/\" rel=\"tag\">Kindergarten<\/a> <\/span><span class=\"av-vertical-delimiter\"><\/span><\/header><div class='slide-entry-excerpt entry-content' >Auswirkungen f\u00fcr Kinder, Eltern und Fachkr\u00e4fte<\/div><\/div><footer class=\"entry-footer\"><div class=\"slide-meta\"><time class='slide-meta-time updated' >9. M\u00e4rz 2026<\/time><\/div><\/footer><\/article><\/div><\/div><\/div><\/p><\/div>\n","protected":false},"excerpt":{"rendered":"<p>So integrieren Sie Nachhaltigkeit in den Schulalltag <\/p>\n","protected":false},"author":3,"featured_media":4082,"comment_status":"closed","ping_status":"closed","sticky":false,"template":"","format":"standard","meta":{"inline_featured_image":false,"footnotes":""},"categories":[6],"tags":[],"class_list":["post-4080","post","type-post","status-publish","format-standard","has-post-thumbnail","hentry","category-schule-grundschule"],"yoast_head":"<!-- This site is optimized with the Yoast SEO plugin v27.4 - https:\/\/yoast.com\/product\/yoast-seo-wordpress\/ -->\n<title>Schule &amp; Umweltschutz \u00bb Wie Nachhaltigkeit im Schulalltag aussehen kann | BACKWINKEL Blog<\/title>\n<meta name=\"description\" content=\"Lesen Sie jetzt, warum Bildung f\u00fcr nachhaltige Entwicklung so wichtig ist. \u2713 Inkl. Tipps zum aktiven Umweltschutz im Klassenzimmer \u2713 Ideen f\u00fcr Mitmach-Aktionen &amp; Wettbewerbe \u2713\" \/>\n<meta name=\"robots\" content=\"index, follow, max-snippet:-1, max-image-preview:large, max-video-preview:-1\" \/>\n<link rel=\"canonical\" href=\"https:\/\/www.backwinkel.de\/blog\/nachhaltige-schule\/\" \/>\n<meta property=\"og:locale\" content=\"de_DE\" \/>\n<meta property=\"og:type\" content=\"article\" \/>\n<meta property=\"og:title\" content=\"Schule &amp; Umweltschutz \u00bb Wie Nachhaltigkeit im Schulalltag aussehen kann | BACKWINKEL Blog\" \/>\n<meta property=\"og:description\" content=\"Lesen Sie jetzt, warum Bildung f\u00fcr nachhaltige Entwicklung so wichtig ist. \u2713 Inkl. Tipps zum aktiven Umweltschutz im Klassenzimmer \u2713 Ideen f\u00fcr Mitmach-Aktionen &amp; Wettbewerbe \u2713\" \/>\n<meta property=\"og:url\" content=\"https:\/\/www.backwinkel.de\/blog\/nachhaltige-schule\/\" \/>\n<meta property=\"og:site_name\" content=\"BACKWINKEL Blog\" \/>\n<meta property=\"article:published_time\" content=\"2020-02-03T08:17:53+00:00\" \/>\n<meta property=\"article:modified_time\" content=\"2026-04-22T08:23:35+00:00\" \/>\n<meta property=\"og:image\" content=\"https:\/\/www.backwinkel.de\/blog\/wp-content\/uploads\/2020\/02\/backwinkel-blog-recycling-in-der-schule-heroimage.jpg\" \/>\n\t<meta property=\"og:image:width\" content=\"1200\" \/>\n\t<meta property=\"og:image:height\" content=\"628\" \/>\n\t<meta property=\"og:image:type\" content=\"image\/jpeg\" \/>\n<meta name=\"author\" content=\"BACKWINKEL\" \/>\n<meta name=\"twitter:card\" content=\"summary_large_image\" \/>\n<meta name=\"twitter:label1\" content=\"Verfasst von\" \/>\n\t<meta name=\"twitter:data1\" content=\"BACKWINKEL\" \/>\n\t<meta name=\"twitter:label2\" content=\"Gesch\u00e4tzte Lesezeit\" \/>\n\t<meta name=\"twitter:data2\" content=\"12\u00a0Minuten\" \/>\n<script type=\"application\/ld+json\" class=\"yoast-schema-graph\">{\"@context\":\"https:\\\/\\\/schema.org\",\"@graph\":[{\"@type\":\"Article\",\"@id\":\"https:\\\/\\\/www.backwinkel.de\\\/blog\\\/nachhaltige-schule\\\/#article\",\"isPartOf\":{\"@id\":\"https:\\\/\\\/www.backwinkel.de\\\/blog\\\/nachhaltige-schule\\\/\"},\"author\":{\"name\":\"BACKWINKEL\",\"@id\":\"https:\\\/\\\/www.backwinkel.de\\\/blog\\\/#\\\/schema\\\/person\\\/3d64575316540d25f7866264a4b7cd24\"},\"headline\":\"Mehr als Recycling:\",\"datePublished\":\"2020-02-03T08:17:53+00:00\",\"dateModified\":\"2026-04-22T08:23:35+00:00\",\"mainEntityOfPage\":{\"@id\":\"https:\\\/\\\/www.backwinkel.de\\\/blog\\\/nachhaltige-schule\\\/\"},\"wordCount\":5441,\"image\":{\"@id\":\"https:\\\/\\\/www.backwinkel.de\\\/blog\\\/nachhaltige-schule\\\/#primaryimage\"},\"thumbnailUrl\":\"https:\\\/\\\/www.backwinkel.de\\\/blog\\\/wp-content\\\/uploads\\\/2020\\\/02\\\/backwinkel-blog-recycling-in-der-schule-heroimage.jpg\",\"articleSection\":[\"Schule\"],\"inLanguage\":\"de\"},{\"@type\":\"WebPage\",\"@id\":\"https:\\\/\\\/www.backwinkel.de\\\/blog\\\/nachhaltige-schule\\\/\",\"url\":\"https:\\\/\\\/www.backwinkel.de\\\/blog\\\/nachhaltige-schule\\\/\",\"name\":\"Schule & Umweltschutz \u00bb Wie Nachhaltigkeit im Schulalltag aussehen kann | BACKWINKEL Blog\",\"isPartOf\":{\"@id\":\"https:\\\/\\\/www.backwinkel.de\\\/blog\\\/#website\"},\"primaryImageOfPage\":{\"@id\":\"https:\\\/\\\/www.backwinkel.de\\\/blog\\\/nachhaltige-schule\\\/#primaryimage\"},\"image\":{\"@id\":\"https:\\\/\\\/www.backwinkel.de\\\/blog\\\/nachhaltige-schule\\\/#primaryimage\"},\"thumbnailUrl\":\"https:\\\/\\\/www.backwinkel.de\\\/blog\\\/wp-content\\\/uploads\\\/2020\\\/02\\\/backwinkel-blog-recycling-in-der-schule-heroimage.jpg\",\"datePublished\":\"2020-02-03T08:17:53+00:00\",\"dateModified\":\"2026-04-22T08:23:35+00:00\",\"author\":{\"@id\":\"https:\\\/\\\/www.backwinkel.de\\\/blog\\\/#\\\/schema\\\/person\\\/3d64575316540d25f7866264a4b7cd24\"},\"description\":\"Lesen Sie jetzt, warum Bildung f\u00fcr nachhaltige Entwicklung so wichtig ist. \u2713 Inkl. Tipps zum aktiven Umweltschutz im Klassenzimmer \u2713 Ideen f\u00fcr Mitmach-Aktionen & Wettbewerbe \u2713\",\"breadcrumb\":{\"@id\":\"https:\\\/\\\/www.backwinkel.de\\\/blog\\\/nachhaltige-schule\\\/#breadcrumb\"},\"inLanguage\":\"de\",\"potentialAction\":[{\"@type\":\"ReadAction\",\"target\":[\"https:\\\/\\\/www.backwinkel.de\\\/blog\\\/nachhaltige-schule\\\/\"]}]},{\"@type\":\"ImageObject\",\"inLanguage\":\"de\",\"@id\":\"https:\\\/\\\/www.backwinkel.de\\\/blog\\\/nachhaltige-schule\\\/#primaryimage\",\"url\":\"https:\\\/\\\/www.backwinkel.de\\\/blog\\\/wp-content\\\/uploads\\\/2020\\\/02\\\/backwinkel-blog-recycling-in-der-schule-heroimage.jpg\",\"contentUrl\":\"https:\\\/\\\/www.backwinkel.de\\\/blog\\\/wp-content\\\/uploads\\\/2020\\\/02\\\/backwinkel-blog-recycling-in-der-schule-heroimage.jpg\",\"width\":1200,\"height\":628},{\"@type\":\"BreadcrumbList\",\"@id\":\"https:\\\/\\\/www.backwinkel.de\\\/blog\\\/nachhaltige-schule\\\/#breadcrumb\",\"itemListElement\":[{\"@type\":\"ListItem\",\"position\":1,\"name\":\"Startseite\",\"item\":\"https:\\\/\\\/blog.backwinkel.de\\\/aktuelles\\\/\"},{\"@type\":\"ListItem\",\"position\":2,\"name\":\"Mehr als Recycling:\"}]},{\"@type\":\"WebSite\",\"@id\":\"https:\\\/\\\/www.backwinkel.de\\\/blog\\\/#website\",\"url\":\"https:\\\/\\\/www.backwinkel.de\\\/blog\\\/\",\"name\":\"BACKWINKEL Blog\",\"description\":\"f\u00fcr Lehrer, Erzieher und Eltern\",\"potentialAction\":[{\"@type\":\"SearchAction\",\"target\":{\"@type\":\"EntryPoint\",\"urlTemplate\":\"https:\\\/\\\/www.backwinkel.de\\\/blog\\\/?s={search_term_string}\"},\"query-input\":{\"@type\":\"PropertyValueSpecification\",\"valueRequired\":true,\"valueName\":\"search_term_string\"}}],\"inLanguage\":\"de\"},{\"@type\":\"Person\",\"@id\":\"https:\\\/\\\/www.backwinkel.de\\\/blog\\\/#\\\/schema\\\/person\\\/3d64575316540d25f7866264a4b7cd24\",\"name\":\"BACKWINKEL\",\"sameAs\":[\"http:\\\/\\\/www.backwinkel.de\"],\"url\":\"https:\\\/\\\/www.backwinkel.de\\\/blog\\\/author\\\/backwinkel\\\/\"}]}<\/script>\n<!-- \/ Yoast SEO plugin. -->","yoast_head_json":{"title":"Schule & Umweltschutz \u00bb Wie Nachhaltigkeit im Schulalltag aussehen kann | BACKWINKEL Blog","description":"Lesen Sie jetzt, warum Bildung f\u00fcr nachhaltige Entwicklung so wichtig ist. \u2713 Inkl. Tipps zum aktiven Umweltschutz im Klassenzimmer \u2713 Ideen f\u00fcr Mitmach-Aktionen & Wettbewerbe \u2713","robots":{"index":"index","follow":"follow","max-snippet":"max-snippet:-1","max-image-preview":"max-image-preview:large","max-video-preview":"max-video-preview:-1"},"canonical":"https:\/\/www.backwinkel.de\/blog\/nachhaltige-schule\/","og_locale":"de_DE","og_type":"article","og_title":"Schule & Umweltschutz \u00bb Wie Nachhaltigkeit im Schulalltag aussehen kann | BACKWINKEL Blog","og_description":"Lesen Sie jetzt, warum Bildung f\u00fcr nachhaltige Entwicklung so wichtig ist. \u2713 Inkl. Tipps zum aktiven Umweltschutz im Klassenzimmer \u2713 Ideen f\u00fcr Mitmach-Aktionen & Wettbewerbe \u2713","og_url":"https:\/\/www.backwinkel.de\/blog\/nachhaltige-schule\/","og_site_name":"BACKWINKEL Blog","article_published_time":"2020-02-03T08:17:53+00:00","article_modified_time":"2026-04-22T08:23:35+00:00","og_image":[{"width":1200,"height":628,"url":"https:\/\/www.backwinkel.de\/blog\/wp-content\/uploads\/2020\/02\/backwinkel-blog-recycling-in-der-schule-heroimage.jpg","type":"image\/jpeg"}],"author":"BACKWINKEL","twitter_card":"summary_large_image","twitter_misc":{"Verfasst von":"BACKWINKEL","Gesch\u00e4tzte Lesezeit":"12\u00a0Minuten"},"schema":{"@context":"https:\/\/schema.org","@graph":[{"@type":"Article","@id":"https:\/\/www.backwinkel.de\/blog\/nachhaltige-schule\/#article","isPartOf":{"@id":"https:\/\/www.backwinkel.de\/blog\/nachhaltige-schule\/"},"author":{"name":"BACKWINKEL","@id":"https:\/\/www.backwinkel.de\/blog\/#\/schema\/person\/3d64575316540d25f7866264a4b7cd24"},"headline":"Mehr als Recycling:","datePublished":"2020-02-03T08:17:53+00:00","dateModified":"2026-04-22T08:23:35+00:00","mainEntityOfPage":{"@id":"https:\/\/www.backwinkel.de\/blog\/nachhaltige-schule\/"},"wordCount":5441,"image":{"@id":"https:\/\/www.backwinkel.de\/blog\/nachhaltige-schule\/#primaryimage"},"thumbnailUrl":"https:\/\/www.backwinkel.de\/blog\/wp-content\/uploads\/2020\/02\/backwinkel-blog-recycling-in-der-schule-heroimage.jpg","articleSection":["Schule"],"inLanguage":"de"},{"@type":"WebPage","@id":"https:\/\/www.backwinkel.de\/blog\/nachhaltige-schule\/","url":"https:\/\/www.backwinkel.de\/blog\/nachhaltige-schule\/","name":"Schule & Umweltschutz \u00bb Wie Nachhaltigkeit im Schulalltag aussehen kann | BACKWINKEL Blog","isPartOf":{"@id":"https:\/\/www.backwinkel.de\/blog\/#website"},"primaryImageOfPage":{"@id":"https:\/\/www.backwinkel.de\/blog\/nachhaltige-schule\/#primaryimage"},"image":{"@id":"https:\/\/www.backwinkel.de\/blog\/nachhaltige-schule\/#primaryimage"},"thumbnailUrl":"https:\/\/www.backwinkel.de\/blog\/wp-content\/uploads\/2020\/02\/backwinkel-blog-recycling-in-der-schule-heroimage.jpg","datePublished":"2020-02-03T08:17:53+00:00","dateModified":"2026-04-22T08:23:35+00:00","author":{"@id":"https:\/\/www.backwinkel.de\/blog\/#\/schema\/person\/3d64575316540d25f7866264a4b7cd24"},"description":"Lesen Sie jetzt, warum Bildung f\u00fcr nachhaltige Entwicklung so wichtig ist. \u2713 Inkl. Tipps zum aktiven Umweltschutz im Klassenzimmer \u2713 Ideen f\u00fcr Mitmach-Aktionen & Wettbewerbe \u2713","breadcrumb":{"@id":"https:\/\/www.backwinkel.de\/blog\/nachhaltige-schule\/#breadcrumb"},"inLanguage":"de","potentialAction":[{"@type":"ReadAction","target":["https:\/\/www.backwinkel.de\/blog\/nachhaltige-schule\/"]}]},{"@type":"ImageObject","inLanguage":"de","@id":"https:\/\/www.backwinkel.de\/blog\/nachhaltige-schule\/#primaryimage","url":"https:\/\/www.backwinkel.de\/blog\/wp-content\/uploads\/2020\/02\/backwinkel-blog-recycling-in-der-schule-heroimage.jpg","contentUrl":"https:\/\/www.backwinkel.de\/blog\/wp-content\/uploads\/2020\/02\/backwinkel-blog-recycling-in-der-schule-heroimage.jpg","width":1200,"height":628},{"@type":"BreadcrumbList","@id":"https:\/\/www.backwinkel.de\/blog\/nachhaltige-schule\/#breadcrumb","itemListElement":[{"@type":"ListItem","position":1,"name":"Startseite","item":"https:\/\/blog.backwinkel.de\/aktuelles\/"},{"@type":"ListItem","position":2,"name":"Mehr als Recycling:"}]},{"@type":"WebSite","@id":"https:\/\/www.backwinkel.de\/blog\/#website","url":"https:\/\/www.backwinkel.de\/blog\/","name":"BACKWINKEL Blog","description":"f\u00fcr Lehrer, Erzieher und Eltern","potentialAction":[{"@type":"SearchAction","target":{"@type":"EntryPoint","urlTemplate":"https:\/\/www.backwinkel.de\/blog\/?s={search_term_string}"},"query-input":{"@type":"PropertyValueSpecification","valueRequired":true,"valueName":"search_term_string"}}],"inLanguage":"de"},{"@type":"Person","@id":"https:\/\/www.backwinkel.de\/blog\/#\/schema\/person\/3d64575316540d25f7866264a4b7cd24","name":"BACKWINKEL","sameAs":["http:\/\/www.backwinkel.de"],"url":"https:\/\/www.backwinkel.de\/blog\/author\/backwinkel\/"}]}},"_links":{"self":[{"href":"https:\/\/www.backwinkel.de\/blog\/wp-json\/wp\/v2\/posts\/4080","targetHints":{"allow":["GET"]}}],"collection":[{"href":"https:\/\/www.backwinkel.de\/blog\/wp-json\/wp\/v2\/posts"}],"about":[{"href":"https:\/\/www.backwinkel.de\/blog\/wp-json\/wp\/v2\/types\/post"}],"author":[{"embeddable":true,"href":"https:\/\/www.backwinkel.de\/blog\/wp-json\/wp\/v2\/users\/3"}],"replies":[{"embeddable":true,"href":"https:\/\/www.backwinkel.de\/blog\/wp-json\/wp\/v2\/comments?post=4080"}],"version-history":[{"count":5,"href":"https:\/\/www.backwinkel.de\/blog\/wp-json\/wp\/v2\/posts\/4080\/revisions"}],"predecessor-version":[{"id":18874,"href":"https:\/\/www.backwinkel.de\/blog\/wp-json\/wp\/v2\/posts\/4080\/revisions\/18874"}],"wp:featuredmedia":[{"embeddable":true,"href":"https:\/\/www.backwinkel.de\/blog\/wp-json\/wp\/v2\/media\/4082"}],"wp:attachment":[{"href":"https:\/\/www.backwinkel.de\/blog\/wp-json\/wp\/v2\/media?parent=4080"}],"wp:term":[{"taxonomy":"category","embeddable":true,"href":"https:\/\/www.backwinkel.de\/blog\/wp-json\/wp\/v2\/categories?post=4080"},{"taxonomy":"post_tag","embeddable":true,"href":"https:\/\/www.backwinkel.de\/blog\/wp-json\/wp\/v2\/tags?post=4080"}],"curies":[{"name":"wp","href":"https:\/\/api.w.org\/{rel}","templated":true}]}}