{"id":4014,"date":"2020-02-03T09:33:30","date_gmt":"2020-02-03T08:33:30","guid":{"rendered":"https:\/\/blog.backwinkel.de\/?p=4014"},"modified":"2026-04-22T10:24:13","modified_gmt":"2026-04-22T08:24:13","slug":"projektarbeit-im-kindergarten","status":"publish","type":"post","link":"https:\/\/www.backwinkel.de\/blog\/projektarbeit-im-kindergarten\/","title":{"rendered":"Projektarbeit im Kindergarten:"},"content":{"rendered":"\n<style type=\"text\/css\" data-created_by=\"avia_inline_auto\" id=\"style-css-av-8vdv8-f7e0dae999cc49bc529a70f67b346526\">\n.flex_column.av-8vdv8-f7e0dae999cc49bc529a70f67b346526{\nborder-radius:0px 0px 0px 0px;\npadding:0px 0px 0px 0px;\n}\n<\/style>\n<div  class='flex_column av-8vdv8-f7e0dae999cc49bc529a70f67b346526 av_one_full  avia-builder-el-0  el_before_av_three_fifth  avia-builder-el-first  first flex_column_div av-zero-column-padding  '     ><p>\n<style type=\"text\/css\" data-created_by=\"avia_inline_auto\" id=\"style-css-av-jl6mo8rj-605eccf9df0dce9c3ffb6a57636da99d\">\n#top .hr.hr-invisible.av-jl6mo8rj-605eccf9df0dce9c3ffb6a57636da99d{\nmargin-top:0px;\nheight:1px;\n}\n<\/style>\n<div  class='hr av-jl6mo8rj-605eccf9df0dce9c3ffb6a57636da99d hr-invisible  avia-builder-el-1  el_before_av_heading  avia-builder-el-first '><span class='hr-inner '><span class=\"hr-inner-style\"><\/span><\/span><\/div><br \/>\n\n<style type=\"text\/css\" data-created_by=\"avia_inline_auto\" id=\"style-css-av-aflm6-4e2e2b42febd00d06abd9ba10ac85e17\">\n#top .av-special-heading.av-aflm6-4e2e2b42febd00d06abd9ba10ac85e17{\npadding-bottom:10px;\n}\nbody .av-special-heading.av-aflm6-4e2e2b42febd00d06abd9ba10ac85e17 .av-special-heading-tag .heading-char{\nfont-size:25px;\n}\n.av-special-heading.av-aflm6-4e2e2b42febd00d06abd9ba10ac85e17 .av-subheading{\nfont-size:15px;\n}\n<\/style>\n<div  class='av-special-heading av-aflm6-4e2e2b42febd00d06abd9ba10ac85e17 av-special-heading-h1 blockquote modern-quote  avia-builder-el-2  el_after_av_hr  el_before_av_post_metadata  av-linked-heading'><h1 class='av-special-heading-tag '  >Projektarbeit im Kindergarten: Tipps zu Planung und Durchf\u00fchrung <\/h1><div class='av-subheading av-subheading_below'><p class=\"autorenname\">Christine Hagemann<\/p>\n<\/div><div class=\"special-heading-border\"><div class=\"special-heading-inner-border\"><\/div><\/div><\/div><br \/>\n\n<style type=\"text\/css\" data-created_by=\"avia_inline_auto\" id=\"style-css-av-6esrr2-028ef8b01cde442e5af09e069244e559\">\n#top .av-post-metadata-container.av-6esrr2-028ef8b01cde442e5af09e069244e559{\nfont-size:12px;\n}\n#top .av-post-metadata-container.av-6esrr2-028ef8b01cde442e5af09e069244e559 .av-post-metadata-container-inner{\nfont-size:12px;\n}\n<\/style>\n<div  class='av-post-metadata-container av-6esrr2-028ef8b01cde442e5af09e069244e559 av-metadata-container-align-left  avia-builder-el-3  el_after_av_heading  el_before_av_textblock  av-metadata-container-1'><div class='av-post-metadata-container-inner'><span class=\"av-post-metadata-content av-post-metadata-meta-content\"><span class=\"av-post-metadata-content av-post-metadata-modified\"><span class=\"av-metadata-before av-metadata-before-modified\">Aktualisiert:<\/span><span class=\"av-post-metadata-modified-date\" >22. April 2026<\/span><\/span><span class=\"av-post-metadata-content av-post-metadata-separator\">\/<\/span><span class=\"av-post-metadata-content av-post-metadata-modified\"><span class=\"av-metadata-before av-metadata-before-modified\">Zuletzt aktualisiert:<\/span><span class=\"av-post-metadata-modified-date\" >22. April 2026<\/span><\/span><\/span><\/div><\/div><br \/>\n\n<style type=\"text\/css\" data-created_by=\"avia_inline_auto\" id=\"style-css-av-jkuubohz-8fca5ffce642cf8e1fbd093c1d421e49\">\n#top .av_textblock_section.av-jkuubohz-8fca5ffce642cf8e1fbd093c1d421e49 .avia_textblock{\nfont-size:20px;\n}\n<\/style>\n<section  class='av_textblock_section av-jkuubohz-8fca5ffce642cf8e1fbd093c1d421e49 '  ><div class='avia_textblock' ><p class=\"einleitungstext-beitrag\">Zirkus oder Wasserwelt, Farben oder Feuerwehr \u2013 Projekte bringen Abwechslung in den Kita-Alltag. Die Kinder werden zu begeisterten Forschern und machen dabei wichtige Erfahrungen f\u00fcrs Leben.<\/p>\n<\/div><\/section><br \/>\n\n<style type=\"text\/css\" data-created_by=\"avia_inline_auto\" id=\"style-css-av-jkuuo5h6-74bcc1ee3d1477ecd5332f011eefc1ea\">\n.avia-image-container.av-jkuuo5h6-74bcc1ee3d1477ecd5332f011eefc1ea img.avia_image{\nbox-shadow:none;\n}\n.avia-image-container.av-jkuuo5h6-74bcc1ee3d1477ecd5332f011eefc1ea .av-image-caption-overlay-center{\ncolor:#ffffff;\n}\n<\/style>\n<div  class='avia-image-container av-jkuuo5h6-74bcc1ee3d1477ecd5332f011eefc1ea av-styling- avia-align-center  avia-builder-el-5  el_after_av_textblock  el_before_av_hr '  ><div class=\"avia-image-container-inner\"><div class=\"avia-image-overlay-wrap\"><img decoding=\"async\" fetchpriority=\"high\" class='wp-image-4017 avia-img-lazy-loading-not-4017 avia_image ' src=\"https:\/\/www.backwinkel.de\/blog\/wp-content\/uploads\/2020\/01\/backwinkel-blog-projektarbeit-im-kindergarten.jpg\" alt='' title='backwinkel-blog-projektarbeit-im-kindergarten'  height=\"628\" width=\"1200\" srcset=\"https:\/\/www.backwinkel.de\/blog\/wp-content\/uploads\/2020\/01\/backwinkel-blog-projektarbeit-im-kindergarten.jpg 1200w, https:\/\/www.backwinkel.de\/blog\/wp-content\/uploads\/2020\/01\/backwinkel-blog-projektarbeit-im-kindergarten-300x157.jpg 300w, https:\/\/www.backwinkel.de\/blog\/wp-content\/uploads\/2020\/01\/backwinkel-blog-projektarbeit-im-kindergarten-1030x539.jpg 1030w, https:\/\/www.backwinkel.de\/blog\/wp-content\/uploads\/2020\/01\/backwinkel-blog-projektarbeit-im-kindergarten-768x402.jpg 768w, https:\/\/www.backwinkel.de\/blog\/wp-content\/uploads\/2020\/01\/backwinkel-blog-projektarbeit-im-kindergarten-705x369.jpg 705w\" sizes=\"(max-width: 1200px) 100vw, 1200px\" \/><\/div><\/div><\/div><br \/>\n\n<style type=\"text\/css\" data-created_by=\"avia_inline_auto\" id=\"style-css-av-jl6mo8rj-39-b3908b09cdcce2be0b0e8180668fbfaa\">\n#top .hr.hr-invisible.av-jl6mo8rj-39-b3908b09cdcce2be0b0e8180668fbfaa{\nheight:5px;\n}\n<\/style>\n<div  class='hr av-jl6mo8rj-39-b3908b09cdcce2be0b0e8180668fbfaa hr-invisible  avia-builder-el-6  el_after_av_image  el_before_av_textblock '><span class='hr-inner '><span class=\"hr-inner-style\"><\/span><\/span><\/div><br \/>\n\n<style type=\"text\/css\" data-created_by=\"avia_inline_auto\" id=\"style-css-av-jl7ql86y-e80384d8b1750d8be134ad53f89ab6ea\">\n#top .av_textblock_section.av-jl7ql86y-e80384d8b1750d8be134ad53f89ab6ea .avia_textblock{\nfont-size:10px;\n}\n<\/style>\n<section  class='av_textblock_section av-jl7ql86y-e80384d8b1750d8be134ad53f89ab6ea '  ><div class='avia_textblock' ><p class=\"bildnennung-beitrag\" style=\"text-align: left;\">\u00a9 New Africa, Adobestock.com<\/p>\n<\/div><\/section><br \/>\n\n<style type=\"text\/css\" data-created_by=\"avia_inline_auto\" id=\"style-css-av-jl6mo8rj-37-61805012256e0999be6ce294b53452df\">\n#top .hr.hr-invisible.av-jl6mo8rj-37-61805012256e0999be6ce294b53452df{\nheight:20px;\n}\n<\/style>\n<div  class='hr av-jl6mo8rj-37-61805012256e0999be6ce294b53452df hr-invisible  avia-builder-el-8  el_after_av_textblock  el_before_av_textblock '><span class='hr-inner '><span class=\"hr-inner-style\"><\/span><\/span><\/div><br \/>\n<section  class='av_textblock_section av-jkuubohz-38-34f5bcfedd6961e86790341859864743 '  ><div class='avia_textblock' ><p>Jede Kita veranstaltet Projekte, sei es als Thementag, Projektwoche oder Langzeitprojekt \u00fcber mehrere Monate. Themen und Anl\u00e4sse gibt es jede Menge. Doch wie gelingt die erfolgreiche Umsetzung? Was ist bereits bei der Planung wichtig? Und was in der Praxis, damit aus dem Vorhaben keine Eintagsfliege wird? Lesen Sie im Folgenden, wie Sie tolle Kita-Projekte gestalten. Inklusive Planungshilfen und Checkliste zum Ausdrucken.<\/p>\n<\/div><\/section><\/p><\/div>\n<style type=\"text\/css\" data-created_by=\"avia_inline_auto\" id=\"style-css-av-swqf9-6bb490ea0cbb171c9d159bb967226129\">\n.flex_column.av-swqf9-6bb490ea0cbb171c9d159bb967226129{\nborder-radius:0px 0px 0px 0px;\npadding:20px 20px 20px 20px;\nbackground-color:#f2f2f2;\n}\n<\/style>\n<div  class='flex_column av-swqf9-6bb490ea0cbb171c9d159bb967226129 av_three_fifth  avia-builder-el-10  el_after_av_one_full  el_before_av_two_fifth  first flex_column_div  column-top-margin'     ><style type=\"text\/css\" data-created_by=\"avia_inline_auto\" id=\"style-css-av-jkuua5r2-daaff240cdb64ff49178ef768245fa1b\">\n#top .av_textblock_section.av-jkuua5r2-daaff240cdb64ff49178ef768245fa1b .avia_textblock{\nfont-size:14px;\n}\n<\/style>\n<section  class='av_textblock_section av-jkuua5r2-daaff240cdb64ff49178ef768245fa1b '  ><div class='avia_textblock' ><p><strong>Inhalt<\/strong><\/p>\n<p><strong><a href=\"#1\">1. Warum ist Projektarbeit im Kindergarten so wertvoll?<\/a><\/strong><br \/>\n1.1 Projektlernen ist situatives Lernen<br \/>\n1.2 Projektlernen ist ganzheitliches Lernen<\/p>\n<p><strong><a href=\"#2\">2. Wie setze ich meine Projektidee in die Tat um? Tipps zu Planung und Gestaltung<\/a><\/strong><br \/>\n2.1 Projekte gelingen nur im Team<br \/>\n2.2 So gestalten Sie Projekte im Kindergarten erfolgreich<\/p>\n<p><strong><a href=\"#3\">3. Welches Projekt passt zu welchem Bildungsbereich?<\/a><\/strong><br \/>\n3.1 Bildungsbereiche im Kindergarten<br \/>\n3.2 21 Projektideen zu Lieblingsthemen<\/p>\n<\/div><\/section><\/div><\/p>\n\n<style type=\"text\/css\" data-created_by=\"avia_inline_auto\" id=\"style-css-av-2532d-6e1ea05e25305745634c0a02c87dc827\">\n.flex_column.av-2532d-6e1ea05e25305745634c0a02c87dc827{\nborder-radius:0px 0px 0px 0px;\npadding:0 0 0 0;\n}\n<\/style>\n<div  class='flex_column av-2532d-6e1ea05e25305745634c0a02c87dc827 av_two_fifth  avia-builder-el-12  el_after_av_three_fifth  el_before_av_sidebar  flex_column_div av-zero-column-padding  column-top-margin'     ><\/div>\n<div  class='avia-builder-widget-area clearfix  avia-builder-el-13  el_after_av_two_fifth  el_before_av_one_full '><div id=\"text-33\" class=\"widget clearfix widget_text\">\t\t\t<div class=\"textwidget\"><p><a href=\"https:\/\/www.backwinkel.de\/nachhaltig-denken\/\" target=\"\\_blank\" rel=\"noopener\"><br \/>\n<img decoding=\"async\" class=\"werbung-desktop alignnone wp-image-4186 size-full\" src=\"https:\/\/www.backwinkel.de\/blog\/wp-content\/uploads\/2026\/04\/Backwinkel-blog-werbebanner-shop-kita-schule_desktop.jpg\" alt=\"\" width=\"1251\" height=\"201\" \/><br \/>\n<\/a><br \/>\n<a href=\"https:\/\/www.backwinkel.de\/nachhaltig-denken\/\" target=\"\\_blank\" rel=\"noopener\"><br \/>\n<img decoding=\"async\" class=\"werbung-mobile alignnone wp-image-4187 size-full\" src=\"https:\/\/www.backwinkel.de\/blog\/wp-content\/uploads\/2026\/04\/Backwinkel-blog-werbebanner-shop-kiga-schule_mobile.jpg\" alt=\"\" width=\"550\" height=\"500\" \/><br \/>\n<\/a><\/p>\n<\/div>\n\t\t<\/div><\/div>\n\n<style type=\"text\/css\" data-created_by=\"avia_inline_auto\" id=\"style-css-av-hh5al-9c53459d093ff912fcc98cf97e19d753\">\n.flex_column.av-hh5al-9c53459d093ff912fcc98cf97e19d753{\nborder-radius:0px 0px 0px 0px;\npadding:0px 0px 0px 0px;\n}\n<\/style>\n<div  class='flex_column av-hh5al-9c53459d093ff912fcc98cf97e19d753 av_one_full  avia-builder-el-14  el_after_av_sidebar  el_before_av_one_full  first flex_column_div av-zero-column-padding  '     ><section  class='av_textblock_section av-jkuul0eg-6af03d92853d10c708f30d0d80e1e285 '  ><div class='avia_textblock' >\n<style type=\"text\/css\" data-created_by=\"avia_inline_auto\" id=\"style-css-av-7c7r8-1ad3209b7b9ea9c60cc97e362d76ea5e\">\n#top .hr.hr-invisible.av-7c7r8-1ad3209b7b9ea9c60cc97e362d76ea5e{\nheight:20px;\n}\n<\/style>\n<div  class='hr av-7c7r8-1ad3209b7b9ea9c60cc97e362d76ea5e hr-invisible  avia-builder-el-16  avia-builder-el-no-sibling '><span class='hr-inner '><span class=\"hr-inner-style\"><\/span><\/span><\/div>\n<h2 id=\"1\" class=\"position\">Warum ist Projektarbeit im Kindergarten so wertvoll?<\/h2>\n<p>Das <strong>selbstst\u00e4ndige Lernen<\/strong> hat in der Elementarp\u00e4dagogik einen hohen Stellenwert. Kinder lernen am besten, wenn sie Dinge selbst erkunden und ausprobieren. In Projekten werden die Kinder mit Situationen konfrontiert, in denen sie <strong>kognitive, soziale und emotionale Kompetenzen<\/strong> erwerben. Sie machen Erfahrungen, die f\u00fcr alle Bereiche ihrer Entwicklung wichtig sind.<\/p>\n<h3>Projektlernen ist situatives Lernen<\/h3>\n<p>Kinder machen heute kaum noch <strong>direkte Erfahrungen mit der Natur<\/strong> oder anderen Lebensbereichen in ihrer Umwelt. Doch sie m\u00fcssen selbst t\u00e4tig sein, um die Wirklichkeit um sie herum zu begreifen. Denn wenn sie ihre Kenntnisse nur aus zweiter Hand bekommen, erlahmt ihr Interesse meist schnell. Auch Bewegungsmangel f\u00fchrt h\u00e4ufig zu Unlust. Projekte im Kindergarten geben Kindern den Raum, <strong>selbstbestimmt zu handeln<\/strong>, zu toben und ihre Kr\u00e4fte zu erproben.<\/p>\n<p>Projekte im Kindergarten greifen allt\u00e4gliche Situationen und Themen auf, die geeignet sind, Kinder auf ihr zuk\u00fcnftiges Leben vorzubereiten. Die Vermittlung von Bildung geschieht dabei durch die Eigenaktivit\u00e4t der Kinder. Beim <strong>Lernen in realen Situationen und in sozialen Zusammenh\u00e4ngen<\/strong> gewinnen die Kinder Selbstsicherheit und Orientierung in ihrer Lebenswelt.<\/p>\n<\/div><\/section><\/div>\n\n<style type=\"text\/css\" data-created_by=\"avia_inline_auto\" id=\"style-css-av-hh5al-35-a49414f3ac573cd1498163fe8070052f\">\n.flex_column.av-hh5al-35-a49414f3ac573cd1498163fe8070052f{\nborder-radius:0px 0px 0px 0px;\npadding:0px 0px 0px 0px;\n}\n<\/style>\n<div  class='flex_column av-hh5al-35-a49414f3ac573cd1498163fe8070052f av_one_full  avia-builder-el-17  el_after_av_one_full  el_before_av_one_full  first flex_column_div av-zero-column-padding  column-top-margin'     ><style type=\"text\/css\" data-created_by=\"avia_inline_auto\" id=\"style-css-av-jqz83eqo-27ce055a0849a3c24150a632756f27b1\">\n.av_promobox.av-jqz83eqo-27ce055a0849a3c24150a632756f27b1{\ncolor:#575757;\nbackground:#ffffff;\nborder-color:#575757;\n}\n<\/style>\n<div  class='av_promobox av-jqz83eqo-27ce055a0849a3c24150a632756f27b1 avia-button-no  avia-builder-el-18  avia-builder-el-no-sibling '><div class='avia-promocontent'><p>\n<strong>Der Situationsansatz<\/strong> ist ein Ergebnis der sozialwissenschaftlichen Forschung in den 1970er-Jahren. P\u00e4dagogischer Grundsatz ist: Das Kind soll sich durch Eigenaktivit\u00e4t selbstst\u00e4ndig entwickeln k\u00f6nnen. Die elementarp\u00e4dagogische Arbeit zielt darauf ab, Kinder mit unterschiedlicher Lerngeschichte zu bef\u00e4higen, in gegenw\u00e4rtigen und zuk\u00fcnftigen Lebenssituationen m\u00f6glichst <strong>autonom, solidarisch und kompetent<\/strong> zu handeln. Zentraler Bildungsanspruch ist die Entwicklung von Weltverst\u00e4ndnis<\/p>\n<p class=\"bildnennung-beitrag\" style=\"text-align: left;\">Quelle: J\u00fcrgen Zimmer: Das kleine Handbuch zum Situationsansatz. Weinheim 2000, S. 14 f.<\/p>\n<p>\n<\/div><\/div><\/div>\n\n<style type=\"text\/css\" data-created_by=\"avia_inline_auto\" id=\"style-css-av-hh5al-32-1f98505771129d4af9ce7a3eb76328b2\">\n.flex_column.av-hh5al-32-1f98505771129d4af9ce7a3eb76328b2{\nborder-radius:0px 0px 0px 0px;\npadding:0px 0px 0px 0px;\n}\n<\/style>\n<div  class='flex_column av-hh5al-32-1f98505771129d4af9ce7a3eb76328b2 av_one_full  avia-builder-el-19  el_after_av_one_full  el_before_av_one_full  first flex_column_div av-zero-column-padding  column-top-margin'     ><section  class='av_textblock_section av-jkuul0eg-34-9bc2b05e21100a0ae64e1ad49a18e0d3 '  ><div class='avia_textblock' >\n<style type=\"text\/css\" data-created_by=\"avia_inline_auto\" id=\"style-css-av-7c7r8-33-c5972dc6852fa3ea5cc9195d1deb501c\">\n#top .hr.hr-invisible.av-7c7r8-33-c5972dc6852fa3ea5cc9195d1deb501c{\nheight:20px;\n}\n<\/style>\n<div  class='hr av-7c7r8-33-c5972dc6852fa3ea5cc9195d1deb501c hr-invisible  avia-builder-el-21  avia-builder-el-no-sibling '><span class='hr-inner '><span class=\"hr-inner-style\"><\/span><\/span><\/div>\n<h3>Projektlernen ist ganzheitliches Lernen<\/h3>\n<p>Die Kita ist der Ort, an dem Kinder <strong>nachhaltige Lernerfahrungen<\/strong> machen. Wissenserwerb geschieht jedoch nicht auf Knopfdruck. Die entscheidende Lernmotivation entsteht vielmehr durch vielf\u00e4ltige Sinnesreize und echte Beteiligung im Tun. Das Lernthema muss daher nicht nur einen Bezug zu den <strong>Interessen der Kinder<\/strong> haben, sondern auch zu ihrer <strong>Lebenswelt im Hier und Jetzt<\/strong>.<\/p>\n<p>Projektarbeit im Kindergarten soll Kindern Einblicke in die Welt au\u00dferhalb ihres gewohnten Umfelds vermitteln. Zu den p\u00e4dagogischen Zielen von Kita-Projekten z\u00e4hlt daher auch die <strong>\u00d6ffnung des Kindergartens nach au\u00dfen<\/strong>. Die Kinder kommen mit Menschen au\u00dferhalb der Kita in Kontakt und kommunizieren mit ihnen. So erweitern sie ihren Lebensweltbezug und erleben sich als Mitglieder des Gemeinwesens.<\/p>\n<p>Diese Prinzipien kennzeichnen die Projektarbeit im Kindergarten:<\/p>\n<ul>\n<li>Handlungsorientierung<\/li>\n<li>Erfahrungslernen<\/li>\n<li>Selbstt\u00e4tigkeit<\/li>\n<li>Lebensn\u00e4he<\/li>\n<li>Mitbestimmung<\/li>\n<li>ganzheitliche F\u00f6rderung<\/li>\n<li>Methodenvielfalt<\/li>\n<\/ul>\n<p>Das didaktische Grundprinzip zur ganzheitlichen Kompetenzf\u00f6rderung bildet in der Projektarbeit das <strong>spiralf\u00f6rmige Lernen<\/strong>: Der kontinuierliche Wechsel von verschiedenen Aktivit\u00e4ten, Lerngelegenheiten und kreativen Erfahrungen f\u00fchrt dazu, dass die Kinder immer tiefer in die jeweilige Thematik eintauchen.<\/p>\n<p><img decoding=\"async\" class=\"alignnone wp-image-4022\" src=\"https:\/\/blog.backwinkel.de\/wp-content\/uploads\/2020\/01\/backwinkel-blog-projektarbeit-im-kindergarten-spiralfoermiges-lernen.png\" alt=\"backwinkel-blog-projektarbeit-im-kindergarten-spiralfoermiges-lernen\" width=\"700\" height=\"528\" srcset=\"https:\/\/www.backwinkel.de\/blog\/wp-content\/uploads\/2020\/01\/backwinkel-blog-projektarbeit-im-kindergarten-spiralfoermiges-lernen.png 1060w, https:\/\/www.backwinkel.de\/blog\/wp-content\/uploads\/2020\/01\/backwinkel-blog-projektarbeit-im-kindergarten-spiralfoermiges-lernen-300x226.png 300w, https:\/\/www.backwinkel.de\/blog\/wp-content\/uploads\/2020\/01\/backwinkel-blog-projektarbeit-im-kindergarten-spiralfoermiges-lernen-1030x777.png 1030w, https:\/\/www.backwinkel.de\/blog\/wp-content\/uploads\/2020\/01\/backwinkel-blog-projektarbeit-im-kindergarten-spiralfoermiges-lernen-768x580.png 768w, https:\/\/www.backwinkel.de\/blog\/wp-content\/uploads\/2020\/01\/backwinkel-blog-projektarbeit-im-kindergarten-spiralfoermiges-lernen-705x532.png 705w\" sizes=\"(max-width: 700px) 100vw, 700px\" \/><\/p>\n<p class=\"bildnennung-beitrag\" style=\"text-align: left;\">Bei einem Kita-Projekt wechseln sich verschiedenen Aktivit\u00e4ten fortw\u00e4hrend ab.<\/p>\n<\/div><\/section><\/div>\n\n<style type=\"text\/css\" data-created_by=\"avia_inline_auto\" id=\"style-css-av-hh5al-31-67dbe73fb71b5b7315a5fa6c6848643a\">\n.flex_column.av-hh5al-31-67dbe73fb71b5b7315a5fa6c6848643a{\nborder-radius:0px 0px 0px 0px;\npadding:0px 0px 0px 0px;\n}\n<\/style>\n<div  class='flex_column av-hh5al-31-67dbe73fb71b5b7315a5fa6c6848643a av_one_full  avia-builder-el-22  el_after_av_one_full  el_before_av_one_full  first flex_column_div av-zero-column-padding  column-top-margin'     ><section  class='av_textblock_section av-jkuul0eg-30-b69a33aabac7e46165f9bc820ed40321 '  ><div class='avia_textblock' >\n<style type=\"text\/css\" data-created_by=\"avia_inline_auto\" id=\"style-css-av-7c7r8-29-d6fc9e5902001e72aaad887c11aa6a2a\">\n#top .hr.hr-invisible.av-7c7r8-29-d6fc9e5902001e72aaad887c11aa6a2a{\nheight:20px;\n}\n<\/style>\n<div  class='hr av-7c7r8-29-d6fc9e5902001e72aaad887c11aa6a2a hr-invisible  avia-builder-el-24  avia-builder-el-no-sibling '><span class='hr-inner '><span class=\"hr-inner-style\"><\/span><\/span><\/div>\n<h2 id=\"2\" class=\"position\">Wie setze ich meine Projektidee in die Tat um? Tipps zu Planung und Gestaltung<\/h2>\n<p>In vielen Kitas finden Kurzprojekte f\u00fcr eine Gruppe statt, andere Projekte laufen \u00fcber mehrere Wochen. Daneben gibt es auch <strong>gruppen\u00fcbergreifende Projekte<\/strong>, die den Kita-Alltag das ganze Jahr lang begleiten, beispielsweise zum Erforschen des Jahreszyklus von Pflanzen und Tieren oder beim G\u00e4rtnern und der Anlage eines Komposthaufens.<\/p>\n<p>Ob Projekttag oder Langzeitprojekt \u2013 allen ist gemeinsam, dass die Kinder ein Thema weitgehend <strong>selbstt\u00e4tig bearbeiten<\/strong> und dabei <strong>von m\u00f6glichst vielen Seiten beleuchten<\/strong>. Der Impuls kann von den Erzieherinnen und Erziehern oder auch spontan von den Kindern ausgehen. In jedem Fall sollte die Idee vorab in der Gruppe besprochen werden. Kinder lassen sich schnell begeistern, wenn sie das Thema lebensnah und direkt erforschen k\u00f6nnen.<\/p>\n<h3>Projekte gelingen nur im Team<\/h3>\n<p>Eine gute Projektplanung ben\u00f6tigt <strong>mehr Zeitaufwand<\/strong> als die reine Besch\u00e4ftigung in der Kita. Auch ausf\u00fchrliche <strong>Absprachen im Team<\/strong> sind f\u00fcr einen reibungslosen Projektverlauf unerl\u00e4sslich. Doch der Einsatz lohnt sich allemal, denn kaum eine andere Lernform erzielt vergleichbar gro\u00dfe Erfolge f\u00fcr die ganzheitliche fr\u00fchkindliche Entwicklung.<\/p>\n<p>Vor allem l\u00e4ngerfristige Projekte erfordern meist <strong>viele Au\u00dfenkontakte<\/strong>, deshalb m\u00fcssen sie gr\u00fcndlich geplant und vorbereitet werden. Dazu geh\u00f6rt auch, Eltern und andere Personen ausfindig zu machen, die Kontakte vermitteln k\u00f6nnen oder selbst \u00fcber entsprechendes Fachwissen verf\u00fcgen. Die <strong>Mithilfe von Eltern<\/strong> erleichtert Ihre Arbeit erheblich. In gemeinsamer <strong>Erziehungspartnerschaft<\/strong> kann Projektarbeit gut gelingen.<\/p>\n<\/div><\/section><\/div>\n\n<style type=\"text\/css\" data-created_by=\"avia_inline_auto\" id=\"style-css-av-jlnt0i5o-d256db89d9b6aa9bb92f19cfc2475b5b\">\n.flex_column.av-jlnt0i5o-d256db89d9b6aa9bb92f19cfc2475b5b{\nborder-radius:0px 0px 0px 0px;\npadding:10px 10px 10px 10px;\nbackground-color:#e0f1b4;\n}\n<\/style>\n<div  class='flex_column av-jlnt0i5o-d256db89d9b6aa9bb92f19cfc2475b5b av_one_full  avia-builder-el-25  el_after_av_one_full  el_before_av_one_full  first flex_column_div  column-top-margin'     ><style type=\"text\/css\" data-created_by=\"avia_inline_auto\" id=\"style-css-av-jkuvcso3-15d2b44a09c167f60e828c7e5360408a\">\n#top .av_textblock_section.av-jkuvcso3-15d2b44a09c167f60e828c7e5360408a .avia_textblock{\nfont-size:18px;\n}\n<\/style>\n<section  class='av_textblock_section av-jkuvcso3-15d2b44a09c167f60e828c7e5360408a '  ><div class='avia_textblock' ><p><strong>Tipp:<\/strong> Finden Sie Kooperationspartner in Ihrer N\u00e4he. Beispielweise arbeiten manche Forst\u00e4mter mit Kinderg\u00e4rten zusammen und erm\u00f6glichen gruppenweise Exkursionen in die Waldschule. Auch die Feuerwehr, Handwerksbetriebe oder Wetterstationen \u00f6ffnen gerne ihre T\u00fcren f\u00fcr kleine Forscher.<\/p>\n<\/div><\/section><\/div>\n\n<style type=\"text\/css\" data-created_by=\"avia_inline_auto\" id=\"style-css-av-hh5al-28-4e8c25af6590706a6d906e8f1648b663\">\n.flex_column.av-hh5al-28-4e8c25af6590706a6d906e8f1648b663{\nborder-radius:0px 0px 0px 0px;\npadding:0px 0px 0px 0px;\n}\n<\/style>\n<div  class='flex_column av-hh5al-28-4e8c25af6590706a6d906e8f1648b663 av_one_full  avia-builder-el-27  el_after_av_one_full  el_before_av_one_full  first flex_column_div av-zero-column-padding  column-top-margin'     ><section  class='av_textblock_section av-jkuul0eg-27-b259fa3ea1bb9f880d5ec2bf831b0bd9 '  ><div class='avia_textblock' >\n<style type=\"text\/css\" data-created_by=\"avia_inline_auto\" id=\"style-css-av-7c7r8-26-64cfd4c0cb18d9f918b1ff96c131679c\">\n#top .hr.hr-invisible.av-7c7r8-26-64cfd4c0cb18d9f918b1ff96c131679c{\nheight:20px;\n}\n<\/style>\n<div  class='hr av-7c7r8-26-64cfd4c0cb18d9f918b1ff96c131679c hr-invisible  avia-builder-el-29  avia-builder-el-no-sibling '><span class='hr-inner '><span class=\"hr-inner-style\"><\/span><\/span><\/div>\n<h3>So gestalten Sie Projekte im Kindergarten erfolgreich<\/h3>\n<p>Projekte im Kindergarten zielen auf <strong>Partizipation<\/strong> der Kinder und setzen <strong>kooperative Arbeitsformen<\/strong> voraus. Daher sollten Sie jedes Projekt <strong>gemeinsam<\/strong> vorbereiten und durchf\u00fchren. Die Kinder bringen ihre Ideen ein und sind von Anfang an in die Planung einbezogen.<\/p>\n<p><strong>Die folgenden 8 Aspekte erfolgreicher Projektarbeit unterst\u00fctzen Ihr Vorhaben schrittweise: <\/strong><\/p>\n<ol>\n<li>Wenn das Thema f\u00fcr ein Projekt gefunden ist, beginnen Sie mit einem <strong>Brainstorming<\/strong>. Ordnen Sie die Projektideen in einem Schema, z. B. auf einer Wandzeitung. Diskutieren Sie im Team, welche Aspekte weiterverfolgt werden sollen.<\/li>\n<li>Erarbeiten Sie den Ablauf des Projekts. Diesen k\u00f6nnen Sie in einer <strong>Projektskizze<\/strong> festhalten. Ein solcher Plan empfiehlt sich besonders dann, wenn Ihnen das Thema neu ist oder Sie erst wenig Erfahrung mit Projektarbeit haben. Bedenken Sie aber immer, dass der Plan flexibel sein muss.<\/li>\n<li>Sp\u00e4testens jetzt sollten Sie die Eltern mit ins Boot holen. Bereiten Sie die Kinder fr\u00fchzeitig auf geplante Au\u00dfenaktivit\u00e4ten, Besichtigungen oder Ausfl\u00fcge vor. Auch Besuche von Fachleuten in der Kita sollten <strong>rechtzeitig angek\u00fcndigt<\/strong> werden, um m\u00f6gliche \u00c4ngste gegen\u00fcber unbekannten Erwachsenen abzubauen.<\/li>\n<li>W\u00fcnsche und vertiefende Ideen der Kinder sollten Sie auch bei der Durchf\u00fchrung weitgehend ber\u00fccksichtigen. Geben Sie den Kindern m\u00f6glichst <strong>viele Gelegenheiten zur Mitbestimmung<\/strong> und bleiben Sie im Projektverlauf offen f\u00fcr neue Vorschl\u00e4ge der Kinder.<\/li>\n<li>Ihre Aufgabe ist es, die Kinder zu beobachten, ihre Interessen aufzunehmen und den Handlungsbedarf umzusetzen. Achten Sie darauf, dass alle Kinder sich beteiligen und mit ihren St\u00e4rken einbringen k\u00f6nnen. Dazu tr\u00e4gt der Wechsel von verschiedenen Methoden bei. Oder auch <strong>Kleingruppenarbeit<\/strong>, die den Kindern besonders viel Wahlfreiheit gibt.<\/li>\n<li>Die Kinder machen die meisten Lernerfahrungen im Verlauf des Projekts. Dies bedeutet aus didaktischer Perspektive: Der Zweck eines Projekts ist nicht in erster Linie das Ergebnis selbst, sondern der Prozess der Entwicklung dorthin. <strong>Der Weg ist wichtiger als das Ergebnis<\/strong>.<\/li>\n<\/ol>\n<\/div><\/section><\/div>\n\n<style type=\"text\/css\" data-created_by=\"avia_inline_auto\" id=\"style-css-av-jlnt0i5o-25-3c954d413c60871c64f792e1320a0ae2\">\n.flex_column.av-jlnt0i5o-25-3c954d413c60871c64f792e1320a0ae2{\nborder-radius:0px 0px 0px 0px;\npadding:10px 10px 10px 10px;\nbackground-color:#fee3e2;\n}\n<\/style>\n<div  class='flex_column av-jlnt0i5o-25-3c954d413c60871c64f792e1320a0ae2 av_one_full  avia-builder-el-30  el_after_av_one_full  el_before_av_one_full  first flex_column_div  column-top-margin'     ><style type=\"text\/css\" data-created_by=\"avia_inline_auto\" id=\"style-css-av-jkuvcso3-24-763a35d5fcd74b98f34c1b3fecee8708\">\n#top .av_textblock_section.av-jkuvcso3-24-763a35d5fcd74b98f34c1b3fecee8708 .avia_textblock{\nfont-size:22px;\n}\n<\/style>\n<section  class='av_textblock_section av-jkuvcso3-24-763a35d5fcd74b98f34c1b3fecee8708 '  ><div class='avia_textblock' ><p><strong>Wichtig:<\/strong> Im Verlauf des Projekts sollten Sie zwischendurch immer wieder gemeinsame Reflexionen vornehmen, um den jeweiligen Stand mit der Planung abzugleichen. Dies kann auch zu Ver\u00e4nderungen f\u00fchren. Vielleicht ergeben sich neue Blickwinkel oder ein Teilbereich muss vertieft werden. Wenn das Interesse am Thema abnimmt, sollte das Projekt beendet werden.<\/p>\n<\/div><\/section><\/div>\n\n<style type=\"text\/css\" data-created_by=\"avia_inline_auto\" id=\"style-css-av-hh5al-23-62ce8bd7479ac567703529b57db28a56\">\n.flex_column.av-hh5al-23-62ce8bd7479ac567703529b57db28a56{\nborder-radius:0px 0px 0px 0px;\npadding:0px 0px 0px 0px;\n}\n<\/style>\n<div  class='flex_column av-hh5al-23-62ce8bd7479ac567703529b57db28a56 av_one_full  avia-builder-el-32  el_after_av_one_full  el_before_av_one_full  first flex_column_div av-zero-column-padding  column-top-margin'     ><section  class='av_textblock_section av-jkuul0eg-22-63d00d7f2108250824e653548a717641 '  ><div class='avia_textblock' ><ol start=\"7\">\n<li>H\u00f6hepunkt und Abschluss jedes Projekts ist eine <strong>Pr\u00e4sentation<\/strong>. Das Vorstellen der Ergebnisse kann auch mit \u00d6ffentlichkeit verbunden sein, beispielsweise durch einen Pressebericht. Die Darstellung des Kita-Projekts nach au\u00dfen ist nicht nur f\u00fcr die Kinder wichtig, sondern verleiht der p\u00e4dagogischen Arbeit des Kindergartens gegen\u00fcber Eltern und Tr\u00e4gern noch mehr Gewicht.<\/li>\n<li>Im abschlie\u00dfenden <strong>Auswertungsgespr\u00e4ch<\/strong> \u2013 m\u00f6glichst auch mit den Kindern \u2013 wird deutlich, welche Ziele erreicht wurden, was besonders gut oder weniger gut funktioniert hat, wie das Klima in der Gruppe war und vieles mehr. Seien Sie offen f\u00fcr konstruktive Kritik, denn dadurch werden Ihre zuk\u00fcnftigen Projekte in der Kita nur besser.<\/li>\n<\/ol>\n<\/div><\/section><\/div>\n\n<style type=\"text\/css\" data-created_by=\"avia_inline_auto\" id=\"style-css-av-jlnt0i5o-20-b1ce3f6ec5a98cdde022dd2242007ae9\">\n.flex_column.av-jlnt0i5o-20-b1ce3f6ec5a98cdde022dd2242007ae9{\nborder-radius:0px 0px 0px 0px;\npadding:10px 10px 10px 10px;\nbackground-color:#e0f1b4;\n}\n<\/style>\n<div  class='flex_column av-jlnt0i5o-20-b1ce3f6ec5a98cdde022dd2242007ae9 av_one_full  avia-builder-el-34  el_after_av_one_full  el_before_av_one_full  first flex_column_div  column-top-margin'     ><style type=\"text\/css\" data-created_by=\"avia_inline_auto\" id=\"style-css-av-jkuvcso3-19-5610e06831cc7e9e8c319d1887e3e848\">\n#top .av_textblock_section.av-jkuvcso3-19-5610e06831cc7e9e8c319d1887e3e848 .avia_textblock{\nfont-size:18px;\n}\n<\/style>\n<section  class='av_textblock_section av-jkuvcso3-19-5610e06831cc7e9e8c319d1887e3e848 '  ><div class='avia_textblock' ><p><strong>Tipp:<\/strong> Es empfiehlt sich, eine Dokumentation der gesamten Projektphase anzulegen. Das erleichtert nicht nur die Analyse des aktuellen Projekts, sondern hilft auch dabei, eventuelle Fehler beim n\u00e4chsten Mal zu vermeiden und so Ihre zuk\u00fcnftigen Projekte im Kindergarten zu optimieren.<\/p>\n<\/div><\/section><\/div>\n\n<style type=\"text\/css\" data-created_by=\"avia_inline_auto\" id=\"style-css-av-hh5al-18-8d44ed9080475bc333e749da47b5d0c8\">\n.flex_column.av-hh5al-18-8d44ed9080475bc333e749da47b5d0c8{\nborder-radius:0px 0px 0px 0px;\npadding:0px 0px 0px 0px;\n}\n<\/style>\n<div  class='flex_column av-hh5al-18-8d44ed9080475bc333e749da47b5d0c8 av_one_full  avia-builder-el-36  el_after_av_one_full  el_before_av_one_third  first flex_column_div av-zero-column-padding  column-top-margin'     ><style type=\"text\/css\" data-created_by=\"avia_inline_auto\" id=\"style-css-av-jkuvcso3-16-0a739ce4a161041ff49be8c5b1e60d82\">\n#top .av_textblock_section.av-jkuvcso3-16-0a739ce4a161041ff49be8c5b1e60d82 .avia_textblock{\nfont-size:18px;\n}\n<\/style>\n<section  class='av_textblock_section av-jkuvcso3-16-0a739ce4a161041ff49be8c5b1e60d82 '  ><div class='avia_textblock' >\n<style type=\"text\/css\" data-created_by=\"avia_inline_auto\" id=\"style-css-av-7c7r8-21-7ac418fc509e86ab4b8ea1a92d2befe1\">\n#top .hr.hr-invisible.av-7c7r8-21-7ac418fc509e86ab4b8ea1a92d2befe1{\nheight:20px;\n}\n<\/style>\n<div  class='hr av-7c7r8-21-7ac418fc509e86ab4b8ea1a92d2befe1 hr-invisible  avia-builder-el-38  avia-builder-el-no-sibling '><span class='hr-inner '><span class=\"hr-inner-style\"><\/span><\/span><\/div>\n<h3>Unsere Planungshilfen zum Ausdrucken:<\/h3>\n<\/div><\/section><\/div>\n\n<style type=\"text\/css\" data-created_by=\"avia_inline_auto\" id=\"style-css-av-hh5al-15-5ac0ee5e64589ee8b367389a183d6d22\">\n.flex_column.av-hh5al-15-5ac0ee5e64589ee8b367389a183d6d22{\nborder-radius:0px 0px 0px 0px;\npadding:0px 0px 0px 0px;\n}\n<\/style>\n<div  class='flex_column av-hh5al-15-5ac0ee5e64589ee8b367389a183d6d22 av_one_third  avia-builder-el-39  el_after_av_one_full  el_before_av_one_third  first flex_column_div av-zero-column-padding  column-top-margin'     ><p>\n<style type=\"text\/css\" data-created_by=\"avia_inline_auto\" id=\"style-css-av-64540u-474a93efd83b453e6e881266759cfb03\">\n.avia-image-container.av-64540u-474a93efd83b453e6e881266759cfb03 img.avia_image{\nbox-shadow:none;\n}\n.avia-image-container.av-64540u-474a93efd83b453e6e881266759cfb03 .av-image-caption-overlay-center{\ncolor:#ffffff;\n}\n<\/style>\n<div  class='avia-image-container av-64540u-474a93efd83b453e6e881266759cfb03 av-styling- av-img-linked avia-align-center  avia-builder-el-40  el_before_av_textblock  avia-builder-el-first '  ><div class=\"avia-image-container-inner\"><div class=\"avia-image-overlay-wrap\"><a href=\"https:\/\/www.backwinkel.de\/blog\/wp-content\/uploads\/2020\/01\/backwinkel-blog-projektarbeit-im-kindergarten-wochenplaner.jpg\" data-srcset=\"https:\/\/www.backwinkel.de\/blog\/wp-content\/uploads\/2020\/01\/backwinkel-blog-projektarbeit-im-kindergarten-wochenplaner.jpg 842w, https:\/\/www.backwinkel.de\/blog\/wp-content\/uploads\/2020\/01\/backwinkel-blog-projektarbeit-im-kindergarten-wochenplaner-300x212.jpg 300w, https:\/\/www.backwinkel.de\/blog\/wp-content\/uploads\/2020\/01\/backwinkel-blog-projektarbeit-im-kindergarten-wochenplaner-768x543.jpg 768w, https:\/\/www.backwinkel.de\/blog\/wp-content\/uploads\/2020\/01\/backwinkel-blog-projektarbeit-im-kindergarten-wochenplaner-260x185.jpg 260w, https:\/\/www.backwinkel.de\/blog\/wp-content\/uploads\/2020\/01\/backwinkel-blog-projektarbeit-im-kindergarten-wochenplaner-705x498.jpg 705w\" data-sizes=\"(max-width: 842px) 100vw, 842px\" class='avia_image '  aria-label='backwinkel-blog-projektarbeit-im-kindergarten-wochenplaner'><img decoding=\"async\" fetchpriority=\"high\" class='wp-image-4052 avia-img-lazy-loading-not-4052 avia_image ' src=\"https:\/\/www.backwinkel.de\/blog\/wp-content\/uploads\/2020\/01\/backwinkel-blog-projektarbeit-im-kindergarten-wochenplaner.jpg\" alt='' title='backwinkel-blog-projektarbeit-im-kindergarten-wochenplaner'  height=\"595\" width=\"842\" srcset=\"https:\/\/www.backwinkel.de\/blog\/wp-content\/uploads\/2020\/01\/backwinkel-blog-projektarbeit-im-kindergarten-wochenplaner.jpg 842w, https:\/\/www.backwinkel.de\/blog\/wp-content\/uploads\/2020\/01\/backwinkel-blog-projektarbeit-im-kindergarten-wochenplaner-300x212.jpg 300w, https:\/\/www.backwinkel.de\/blog\/wp-content\/uploads\/2020\/01\/backwinkel-blog-projektarbeit-im-kindergarten-wochenplaner-768x543.jpg 768w, https:\/\/www.backwinkel.de\/blog\/wp-content\/uploads\/2020\/01\/backwinkel-blog-projektarbeit-im-kindergarten-wochenplaner-260x185.jpg 260w, https:\/\/www.backwinkel.de\/blog\/wp-content\/uploads\/2020\/01\/backwinkel-blog-projektarbeit-im-kindergarten-wochenplaner-705x498.jpg 705w\" sizes=\"(max-width: 842px) 100vw, 842px\" \/><\/a><\/div><\/div><\/div><br \/>\n<section  class='av_textblock_section av-jkuul0eg-17-0750084e60fdfba3995fba17679b6ba5 '  ><div class='avia_textblock' ><div  class='avia-button-wrap av-5jlfxq-78ae22146326e70e72b8b296d07a9727-wrap avia-button-left  avia-builder-el-42  avia-builder-el-no-sibling '><a href='https:\/\/www.backwinkel.de\/downloads\/backwinkel-blog-projektarbeit-im-kindergarten-wochenplaner.pdf'  class='avia-button av-5jlfxq-78ae22146326e70e72b8b296d07a9727 av-link-btn avia-icon_select-no avia-size-medium avia-position-left avia-color-theme-color'   aria-label=\"Download: Projektarbeit \u2022 Wochenplaner \"><span class='avia_iconbox_title' >Download: Projektarbeit \u2022 Wochenplaner <\/span><\/a><\/div>\n<\/div><\/section><\/p><\/div>\n\n<style type=\"text\/css\" data-created_by=\"avia_inline_auto\" id=\"style-css-av-hh5al-12-fb29002c050457e1888cdd5070831761\">\n.flex_column.av-hh5al-12-fb29002c050457e1888cdd5070831761{\nborder-radius:0px 0px 0px 0px;\npadding:0px 0px 0px 0px;\n}\n<\/style>\n<div  class='flex_column av-hh5al-12-fb29002c050457e1888cdd5070831761 av_one_third  avia-builder-el-43  el_after_av_one_third  el_before_av_one_third  flex_column_div av-zero-column-padding  column-top-margin'     ><p>\n<style type=\"text\/css\" data-created_by=\"avia_inline_auto\" id=\"style-css-av-4tedbi-06a49d782bee33f01185c6cc621859c5\">\n.avia-image-container.av-4tedbi-06a49d782bee33f01185c6cc621859c5 img.avia_image{\nbox-shadow:none;\n}\n.avia-image-container.av-4tedbi-06a49d782bee33f01185c6cc621859c5 .av-image-caption-overlay-center{\ncolor:#ffffff;\n}\n<\/style>\n<div  class='avia-image-container av-4tedbi-06a49d782bee33f01185c6cc621859c5 av-styling- av-img-linked avia-align-center  avia-builder-el-44  el_before_av_textblock  avia-builder-el-first '  ><div class=\"avia-image-container-inner\"><div class=\"avia-image-overlay-wrap\"><a href=\"https:\/\/www.backwinkel.de\/blog\/wp-content\/uploads\/2020\/01\/backwinkel-blog-projektarbeit-im-kindergarten-checkliste.jpg\" data-srcset=\"https:\/\/www.backwinkel.de\/blog\/wp-content\/uploads\/2020\/01\/backwinkel-blog-projektarbeit-im-kindergarten-checkliste.jpg 595w, https:\/\/www.backwinkel.de\/blog\/wp-content\/uploads\/2020\/01\/backwinkel-blog-projektarbeit-im-kindergarten-checkliste-212x300.jpg 212w, https:\/\/www.backwinkel.de\/blog\/wp-content\/uploads\/2020\/01\/backwinkel-blog-projektarbeit-im-kindergarten-checkliste-498x705.jpg 498w\" data-sizes=\"(max-width: 595px) 100vw, 595px\" class='avia_image '  aria-label='backwinkel-blog-projektarbeit-im-kindergarten-checkliste'><img decoding=\"async\" fetchpriority=\"high\" class='wp-image-4051 avia-img-lazy-loading-not-4051 avia_image ' src=\"https:\/\/www.backwinkel.de\/blog\/wp-content\/uploads\/2020\/01\/backwinkel-blog-projektarbeit-im-kindergarten-checkliste.jpg\" alt='' title='backwinkel-blog-projektarbeit-im-kindergarten-checkliste'  height=\"842\" width=\"595\" srcset=\"https:\/\/www.backwinkel.de\/blog\/wp-content\/uploads\/2020\/01\/backwinkel-blog-projektarbeit-im-kindergarten-checkliste.jpg 595w, https:\/\/www.backwinkel.de\/blog\/wp-content\/uploads\/2020\/01\/backwinkel-blog-projektarbeit-im-kindergarten-checkliste-212x300.jpg 212w, https:\/\/www.backwinkel.de\/blog\/wp-content\/uploads\/2020\/01\/backwinkel-blog-projektarbeit-im-kindergarten-checkliste-498x705.jpg 498w\" sizes=\"(max-width: 595px) 100vw, 595px\" \/><\/a><\/div><\/div><\/div><br \/>\n<section  class='av_textblock_section av-jkuul0eg-11-3f4623d4da2234e6cf811681efaa426a '  ><div class='avia_textblock' ><div  class='avia-button-wrap av-457yfy-05173c94414ce23799775c415c9f4f6c-wrap avia-button-left  avia-builder-el-46  avia-builder-el-no-sibling '><a href='https:\/\/www.backwinkel.de\/downloads\/backwinkel-blog-projektarbeit-im-kindergarten-checkliste.pdf'  class='avia-button av-457yfy-05173c94414ce23799775c415c9f4f6c av-link-btn avia-icon_select-no avia-size-medium avia-position-left avia-color-theme-color'   aria-label=\"Download: Checkliste zur Projektplanung \"><span class='avia_iconbox_title' >Download: Checkliste zur Projektplanung <\/span><\/a><\/div>\n<\/div><\/section><\/p><\/div>\n\n<style type=\"text\/css\" data-created_by=\"avia_inline_auto\" id=\"style-css-av-hh5al-10-301e3dd3bde77ce5ce64ec9026b25d66\">\n.flex_column.av-hh5al-10-301e3dd3bde77ce5ce64ec9026b25d66{\nborder-radius:0px 0px 0px 0px;\npadding:0px 0px 0px 0px;\n}\n<\/style>\n<div  class='flex_column av-hh5al-10-301e3dd3bde77ce5ce64ec9026b25d66 av_one_third  avia-builder-el-47  el_after_av_one_third  el_before_av_one_full  flex_column_div av-zero-column-padding  column-top-margin'     ><p>\n<style type=\"text\/css\" data-created_by=\"avia_inline_auto\" id=\"style-css-av-270qi6-8254727bef03a0f2eb047ad48f707841\">\n.avia-image-container.av-270qi6-8254727bef03a0f2eb047ad48f707841 img.avia_image{\nbox-shadow:none;\n}\n.avia-image-container.av-270qi6-8254727bef03a0f2eb047ad48f707841 .av-image-caption-overlay-center{\ncolor:#ffffff;\n}\n<\/style>\n<div  class='avia-image-container av-270qi6-8254727bef03a0f2eb047ad48f707841 av-styling- av-img-linked avia-align-center  avia-builder-el-48  el_before_av_textblock  avia-builder-el-first '  ><div class=\"avia-image-container-inner\"><div class=\"avia-image-overlay-wrap\"><a href=\"https:\/\/www.backwinkel.de\/blog\/wp-content\/uploads\/2020\/01\/backwinkel-blog-projektarbeit-im-kindergarten-auswertungsbogen.jpg\" data-srcset=\"https:\/\/www.backwinkel.de\/blog\/wp-content\/uploads\/2020\/01\/backwinkel-blog-projektarbeit-im-kindergarten-auswertungsbogen.jpg 595w, https:\/\/www.backwinkel.de\/blog\/wp-content\/uploads\/2020\/01\/backwinkel-blog-projektarbeit-im-kindergarten-auswertungsbogen-212x300.jpg 212w, https:\/\/www.backwinkel.de\/blog\/wp-content\/uploads\/2020\/01\/backwinkel-blog-projektarbeit-im-kindergarten-auswertungsbogen-498x705.jpg 498w\" data-sizes=\"(max-width: 595px) 100vw, 595px\" class='avia_image '  aria-label='backwinkel-blog-projektarbeit-im-kindergarten-auswertungsbogen'><img decoding=\"async\" fetchpriority=\"high\" class='wp-image-4050 avia-img-lazy-loading-not-4050 avia_image ' src=\"https:\/\/www.backwinkel.de\/blog\/wp-content\/uploads\/2020\/01\/backwinkel-blog-projektarbeit-im-kindergarten-auswertungsbogen.jpg\" alt='' title='backwinkel-blog-projektarbeit-im-kindergarten-auswertungsbogen'  height=\"842\" width=\"595\" srcset=\"https:\/\/www.backwinkel.de\/blog\/wp-content\/uploads\/2020\/01\/backwinkel-blog-projektarbeit-im-kindergarten-auswertungsbogen.jpg 595w, https:\/\/www.backwinkel.de\/blog\/wp-content\/uploads\/2020\/01\/backwinkel-blog-projektarbeit-im-kindergarten-auswertungsbogen-212x300.jpg 212w, https:\/\/www.backwinkel.de\/blog\/wp-content\/uploads\/2020\/01\/backwinkel-blog-projektarbeit-im-kindergarten-auswertungsbogen-498x705.jpg 498w\" sizes=\"(max-width: 595px) 100vw, 595px\" \/><\/a><\/div><\/div><\/div><br \/>\n<section  class='av_textblock_section av-jkuul0eg-9-62fb6a1a380c3943147abbe468fa5ce1 '  ><div class='avia_textblock' ><div  class='avia-button-wrap av-250xmm-d2eed92314efefd0d6f2d3855964befe-wrap avia-button-left  avia-builder-el-50  avia-builder-el-no-sibling '><a href='https:\/\/www.backwinkel.de\/downloads\/backwinkel-blog-projektarbeit-im-kindergarten-auswertungsbogen.pdf'  class='avia-button av-250xmm-d2eed92314efefd0d6f2d3855964befe av-link-btn avia-icon_select-no avia-size-medium avia-position-left avia-color-theme-color'   aria-label=\"Download: Auswertungsbogen zur Projektarbeit \"><span class='avia_iconbox_title' >Download: Auswertungsbogen zur Projektarbeit <\/span><\/a><\/div>\n<\/div><\/section><\/p><\/div>\n\n<style type=\"text\/css\" data-created_by=\"avia_inline_auto\" id=\"style-css-av-hh5al-8-beb333b2f72626a23d4ff8d2de4147ac\">\n.flex_column.av-hh5al-8-beb333b2f72626a23d4ff8d2de4147ac{\nborder-radius:0px 0px 0px 0px;\npadding:0px 0px 0px 0px;\n}\n<\/style>\n<div  class='flex_column av-hh5al-8-beb333b2f72626a23d4ff8d2de4147ac av_one_full  avia-builder-el-51  el_after_av_one_third  el_before_av_one_full  first flex_column_div av-zero-column-padding  column-top-margin'     ><section  class='av_textblock_section av-jkuul0eg-7-602f2e8ab6195de533e53c9f6f411e35 '  ><div class='avia_textblock' >\n<style type=\"text\/css\" data-created_by=\"avia_inline_auto\" id=\"style-css-av-7c7r8-13-9c1b3dfe53cacc00084672286b7a5b2a\">\n#top .hr.hr-invisible.av-7c7r8-13-9c1b3dfe53cacc00084672286b7a5b2a{\nheight:20px;\n}\n<\/style>\n<div  class='hr av-7c7r8-13-9c1b3dfe53cacc00084672286b7a5b2a hr-invisible  avia-builder-el-53  avia-builder-el-no-sibling '><span class='hr-inner '><span class=\"hr-inner-style\"><\/span><\/span><\/div>\n<h2 id=\"3\" class=\"position\">Welches Projekt passt zu welchem Bildungsbereich?<\/h2>\n<p>F\u00fcr die Themenauswahl gibt es eine ganze Reihe von Kriterien. Projektideen k\u00f6nnen spontan entstehen, beispielweise angeregt durch ein Bilderbuch oder durch Fragen der Kinder. Auch das Wetter oder der Jahreskreis regen zu Kita-Projekten an, etwa zum Herbst, Winter oder Fr\u00fchling. Geht die Projektidee von Ihnen aus, orientieren Sie sich in erster Linie am Bildungsplan der Kita.<\/p>\n<p>Das <strong>p\u00e4dagogische Konzept<\/strong> Ihres Kindergartens spielt neben Faktoren wie Alter und Fertigkeiten der Kinder eine wichtige Rolle, denn das jeweilige Konzept entscheidet \u00fcber die <strong>Schwerpunkte und Ziele Ihrer Bildungsarbeit<\/strong>. Danach richten sich die Inhalte, die in den einzelnen Bildungsbereichen der Kita im Vordergrund stehen.<\/p>\n<h3>Bildungsbereiche im Kindergarten<\/h3>\n<p>Eine ganzheitliche F\u00f6rderung bezieht sich nicht nur auf die k\u00f6rperliche und sprachliche Ebene, sondern setzt auch auf naturwissenschaftliche Bildung, musikalisch-\u00e4sthetisches Verst\u00e4ndnis sowie soziales Miteinander. In den Bildungsprogrammen der Bundesl\u00e4nder werden die <strong>Ziele der Erziehung und Bildung <\/strong>von Kindern aufgestellt. F\u00fcr die Bereiche, in denen die Kinder gef\u00f6rdert werden sollen, werden <strong>unterschiedliche Schwerpunkte<\/strong> gesetzt.<\/p>\n<p><strong>Die 10 Bildungsbereiche im Kindergarten umfassen alle Dimensionen kindlicher Entwicklung:<\/strong><\/p>\n<p><img decoding=\"async\" class=\"alignnone size-entry_with_sidebar wp-image-4046\" src=\"https:\/\/blog.backwinkel.de\/wp-content\/uploads\/2020\/01\/backwinkel-blog-projektarbeit-im-kindergarten-bildungsbereiche-kreisgrafik.svg\" alt=\"\" width=\"1\" height=\"1\" \/><img decoding=\"async\" class=\"alignnone wp-image-4057\" src=\"https:\/\/blog.backwinkel.de\/wp-content\/uploads\/2020\/01\/backwinkel-blog-projektarbeit-im-kindergarten-bildungsbereiche-kreisgrafik-994x1030.png\" alt=\"\" width=\"550\" height=\"570\" srcset=\"https:\/\/www.backwinkel.de\/blog\/wp-content\/uploads\/2020\/01\/backwinkel-blog-projektarbeit-im-kindergarten-bildungsbereiche-kreisgrafik-994x1030.png 994w, https:\/\/www.backwinkel.de\/blog\/wp-content\/uploads\/2020\/01\/backwinkel-blog-projektarbeit-im-kindergarten-bildungsbereiche-kreisgrafik-290x300.png 290w, https:\/\/www.backwinkel.de\/blog\/wp-content\/uploads\/2020\/01\/backwinkel-blog-projektarbeit-im-kindergarten-bildungsbereiche-kreisgrafik-768x796.png 768w, https:\/\/www.backwinkel.de\/blog\/wp-content\/uploads\/2020\/01\/backwinkel-blog-projektarbeit-im-kindergarten-bildungsbereiche-kreisgrafik-1482x1536.png 1482w, https:\/\/www.backwinkel.de\/blog\/wp-content\/uploads\/2020\/01\/backwinkel-blog-projektarbeit-im-kindergarten-bildungsbereiche-kreisgrafik-1976x2048.png 1976w, https:\/\/www.backwinkel.de\/blog\/wp-content\/uploads\/2020\/01\/backwinkel-blog-projektarbeit-im-kindergarten-bildungsbereiche-kreisgrafik-36x36.png 36w, https:\/\/www.backwinkel.de\/blog\/wp-content\/uploads\/2020\/01\/backwinkel-blog-projektarbeit-im-kindergarten-bildungsbereiche-kreisgrafik-1448x1500.png 1448w, https:\/\/www.backwinkel.de\/blog\/wp-content\/uploads\/2020\/01\/backwinkel-blog-projektarbeit-im-kindergarten-bildungsbereiche-kreisgrafik-680x705.png 680w\" sizes=\"(max-width: 550px) 100vw, 550px\" \/><\/p>\n<h3>21 Projektideen zu Lieblingsthemen<\/h3>\n<p>Projektarbeit ist eine Lernform, die auf Selbstbestimmung, Kooperation und gesellschaftlicher Relevanz basiert. Neben den klassischen Bildungszielen spielen auch gesellschaftliche Aspekte, der Ausdruck von Gef\u00fchlen und das gemeinsame Erleben eine wichtige Rolle f\u00fcr die individuelle Entwicklung der Kinder.<\/p>\n<p>In der folgenden \u00dcbersicht haben wir f\u00fcr Sie<strong> eine Reihe von erprobten Projektideen<\/strong> zusammengestellt. Die einzelnen Projekte beziehen sich schwerpunktm\u00e4\u00dfig auf bestimmte Bildungsbereiche. Da die Bereiche vernetzt sind, beinhaltet jedes einzelne Kita-Projekt nat\u00fcrlich viele verschiedene Bildungs- und Entwicklungschancen.<\/p>\n<table style=\"border-collapse: collapse; width: 100%; height: 319px;\">\n<tbody>\n<tr style=\"height: 41px;\">\n<td style=\"width: 30%; height: 41px;\"><strong>Bildungsbereich <\/strong><\/td>\n<td style=\"width: 70%; height: 41px;\"><strong>Projektidee<\/strong><\/td>\n<\/tr>\n<tr style=\"height: 41px;\">\n<td style=\"width: 30%; height: 41px;\">Bewegung<\/td>\n<td style=\"width: 70%; height: 41px;\">\n<ul>\n<li>Manege frei: Wir entdecken die Zirkuswelt<\/li>\n<li>Olympische Spiele<\/li>\n<\/ul>\n<\/td>\n<\/tr>\n<tr style=\"height: 41px;\">\n<td style=\"width: 30%; height: 41px;\">Sprache und Kommunikation<\/td>\n<td style=\"width: 70%; height: 41px;\">\n<ul>\n<li>Geschichten erfinden<\/li>\n<li>Schatzkiste f\u00fcr W\u00f6rter<\/li>\n<\/ul>\n<\/td>\n<\/tr>\n<tr style=\"height: 41px;\">\n<td style=\"width: 30%; height: 41px;\">K\u00f6rper, Gesundheit, Ern\u00e4hrung<\/td>\n<td style=\"width: 70%; height: 41px;\">\n<ul>\n<li>Wieviel Zucker steckt in unseren Lebensmitteln?<\/li>\n<li>Alles rund um den K\u00fcrbis<\/li>\n<\/ul>\n<\/td>\n<\/tr>\n<tr style=\"height: 41px;\">\n<td style=\"width: 30%; height: 41px;\">Soziales und kulturelles Leben<\/td>\n<td style=\"width: 70%; height: 41px;\">\n<ul>\n<li>Woher kommen wir, woher stammen unsere Eltern?<\/li>\n<li>Wir feiern um die Welt<\/li>\n<\/ul>\n<\/td>\n<\/tr>\n<tr style=\"height: 19px;\">\n<td style=\"width: 30%; height: 19px;\">Musisch-\u00e4sthetische Kreativit\u00e4t<\/td>\n<td style=\"width: 70%; height: 19px;\">\n<ul>\n<li>Gespenstermusical: Spiel mit Licht und Schatten<\/li>\n<li>Umgebungsmusik<\/li>\n<\/ul>\n<\/td>\n<\/tr>\n<tr style=\"height: 19px;\">\n<td style=\"width: 30%; height: 19px;\">Mathematik<\/td>\n<td style=\"width: 70%; height: 19px;\">\n<ul>\n<li>Das zauberhafte Quadrat<\/li>\n<li>Spiegelbilder turnen<\/li>\n<\/ul>\n<\/td>\n<\/tr>\n<tr style=\"height: 19px;\">\n<td style=\"width: 30%; height: 19px;\">Naturwissenschaften, Technik<\/td>\n<td style=\"width: 70%; height: 19px;\">\n<ul>\n<li>Die Rundreise des Wassers<\/li>\n<li>Kettenreaktionen erforschen<\/li>\n<\/ul>\n<\/td>\n<\/tr>\n<tr style=\"height: 19px;\">\n<td style=\"width: 30%; height: 19px;\">\u00d6kologie, Naturschutz<\/td>\n<td style=\"width: 70%; height: 19px;\">\n<ul>\n<li>Klimadetektive \u2013 dem Klimaschutz auf der Spur<\/li>\n<li>Die Kraft der Sonne<\/li>\n<\/ul>\n<\/td>\n<\/tr>\n<tr style=\"height: 19px;\">\n<td style=\"width: 30%; height: 19px;\">Ethik und Religion<\/td>\n<td style=\"width: 70%; height: 19px;\">\n<ul>\n<li>Wir feiern Erntedank<\/li>\n<li>Jedes Kind ist besonders<\/li>\n<\/ul>\n<\/td>\n<\/tr>\n<tr style=\"height: 19px;\">\n<td style=\"width: 30%; height: 19px;\">Medien<\/td>\n<td style=\"width: 70%; height: 19px;\">\n<ul>\n<li>Bewegte Bilderwelten<\/li>\n<li>Von der Knetfigur zum Trickfilm<\/li>\n<li>Was krabbelt denn da? Mit der Digitalkamera unterwegs<\/li>\n<\/ul>\n<\/td>\n<\/tr>\n<\/tbody>\n<\/table>\n<\/div><\/section><\/div>\n\n<style type=\"text\/css\" data-created_by=\"avia_inline_auto\" id=\"style-css-av-2v5uhn-020e4117f71e46fc62c685221cd472f4\">\n.flex_column.av-2v5uhn-020e4117f71e46fc62c685221cd472f4{\nborder-radius:0px 0px 0px 0px;\npadding:0px 0px 0px 0px;\n}\n<\/style>\n<div  class='flex_column av-2v5uhn-020e4117f71e46fc62c685221cd472f4 av_one_full  avia-builder-el-54  el_after_av_one_full  el_before_av_one_third  first flex_column_div av-zero-column-padding  column-top-margin'     ><section  class='av_textblock_section av-jxcz48fa-e7ea4121fd10eaf4138072747e05618a '  ><div class='avia_textblock' >\n<style type=\"text\/css\" data-created_by=\"avia_inline_auto\" id=\"style-css-av-7c7r8-6-8b95da868037e5ce15b994910a67f24f\">\n#top .hr.hr-invisible.av-7c7r8-6-8b95da868037e5ce15b994910a67f24f{\nheight:20px;\n}\n<\/style>\n<div  class='hr av-7c7r8-6-8b95da868037e5ce15b994910a67f24f hr-invisible  avia-builder-el-56  avia-builder-el-no-sibling '><span class='hr-inner '><span class=\"hr-inner-style\"><\/span><\/span><\/div>\n<h2>Empfehlungen:<\/h2>\n<\/div><\/section><\/div>\n\n<style type=\"text\/css\" data-created_by=\"avia_inline_auto\" id=\"style-css-av-1u8i1w-260776e2dfc7f8b0b1953d397f0ab037\">\n.flex_column.av-1u8i1w-260776e2dfc7f8b0b1953d397f0ab037{\nborder-radius:0px 0px 0px 0px;\npadding:0px 0px 0px 0px;\n}\n<\/style>\n<div  class='flex_column av-1u8i1w-260776e2dfc7f8b0b1953d397f0ab037 av_one_third  avia-builder-el-57  el_after_av_one_full  el_before_av_one_third  first flex_column_div av-zero-column-padding  column-top-margin'     ><style type=\"text\/css\" data-created_by=\"avia_inline_auto\" id=\"style-css-av-jkuua5r2-36-b3ac14003bae888d9182471a951e8814\">\n#top .av_textblock_section.av-jkuua5r2-36-b3ac14003bae888d9182471a951e8814 .avia_textblock{\nfont-size:14px;\n}\n<\/style>\n<section  class='av_textblock_section av-jkuua5r2-36-b3ac14003bae888d9182471a951e8814 '  ><div class='avia_textblock' ><p><strong>Top-Kategorien:<\/strong><br \/>\n<strong><a href=\"https:\/\/www.backwinkel.de\/cat\/kindergartenbedarf\/\" target=\"_blank\" rel=\"noopener\">Kindergartenbedarf<\/a><\/strong><br \/>\n<strong><a href=\"https:\/\/www.backwinkel.de\/cat\/kindergartenmoebel\/\" target=\"_blank\" rel=\"noopener\">Kindergarten-M\u00f6bel<\/a><\/strong><br \/>\n<strong><a href=\"https:\/\/www.backwinkel.de\/cat\/spielzeug-spiele\/\" target=\"_blank\" rel=\"noopener\">Kindergarten-Spielzeug<\/a><\/strong><\/p>\n<\/div><\/section><\/div>\n\n<style type=\"text\/css\" data-created_by=\"avia_inline_auto\" id=\"style-css-av-1u8i1w-5-14fd8f9870d54372d05cc9862d315e99\">\n.flex_column.av-1u8i1w-5-14fd8f9870d54372d05cc9862d315e99{\nborder-radius:0px 0px 0px 0px;\npadding:0px 0px 0px 0px;\n}\n<\/style>\n<div  class='flex_column av-1u8i1w-5-14fd8f9870d54372d05cc9862d315e99 av_one_third  avia-builder-el-59  el_after_av_one_third  el_before_av_one_third  flex_column_div av-zero-column-padding  column-top-margin'     ><style type=\"text\/css\" data-created_by=\"avia_inline_auto\" id=\"style-css-av-jkuua5r2-4-98112086b52e90f2dc5a7ed5b468ed3a\">\n#top .av_textblock_section.av-jkuua5r2-4-98112086b52e90f2dc5a7ed5b468ed3a .avia_textblock{\nfont-size:14px;\n}\n<\/style>\n<section  class='av_textblock_section av-jkuua5r2-4-98112086b52e90f2dc5a7ed5b468ed3a '  ><div class='avia_textblock' ><p><strong>Besonders beliebt:<\/strong><br \/>\n<strong><a href=\"https:\/\/www.backwinkel.de\/cat\/kamishibai-bildkarten-geschichten\/\" target=\"_blank\" rel=\"noopener\">Kamishibai-Bildkarten<\/a><\/strong><br \/>\n<strong><a href=\"https:\/\/www.backwinkel.de\/cat\/erzaehlschiene\/\" target=\"_blank\" rel=\"noopener\">Erz\u00e4hlschiene<\/a><\/strong><br \/>\n<strong><a href=\"https:\/\/www.backwinkel.de\/cat\/erzieherstuehle\/\" target=\"_blank\" rel=\"noopener\">Erzieherstuhl<\/a><\/strong><\/p>\n<\/div><\/section><\/div>\n\n<style type=\"text\/css\" data-created_by=\"avia_inline_auto\" id=\"style-css-av-1u8i1w-3-cbd91d24084bec37deee0664312a8c8f\">\n.flex_column.av-1u8i1w-3-cbd91d24084bec37deee0664312a8c8f{\nborder-radius:0px 0px 0px 0px;\npadding:0px 0px 0px 0px;\n}\n<\/style>\n<div  class='flex_column av-1u8i1w-3-cbd91d24084bec37deee0664312a8c8f av_one_third  avia-builder-el-61  el_after_av_one_third  el_before_av_hr  flex_column_div av-zero-column-padding  column-top-margin'     ><style type=\"text\/css\" data-created_by=\"avia_inline_auto\" id=\"style-css-av-jkuua5r2-2-1686b55bb5709435484933e2214e9acd\">\n#top .av_textblock_section.av-jkuua5r2-2-1686b55bb5709435484933e2214e9acd .avia_textblock{\nfont-size:14px;\n}\n<\/style>\n<section  class='av_textblock_section av-jkuua5r2-2-1686b55bb5709435484933e2214e9acd '  ><div class='avia_textblock' ><p><strong>Stark nachgefragt:<\/strong><br \/>\n<strong><a href=\"https:\/\/www.backwinkel.de\/cat\/sitzkissen\/\" target=\"_blank\" rel=\"noopener\">Sitzkissen (Kindergarten)<\/a><\/strong><br \/>\n<strong><a href=\"https:\/\/www.backwinkel.de\/cat\/krippenwagen\/\" target=\"_blank\" rel=\"noopener\">Krippenwagen<\/a><\/strong><br \/>\n<strong><a href=\"https:\/\/www.backwinkel.de\/cat\/kindergarten-musik\/\" target=\"_blank\" rel=\"noopener\">Musikinstrumente (Kindergarten)<\/a><\/strong><\/p>\n<\/div><\/section><\/div>\n\n<style type=\"text\/css\" data-created_by=\"avia_inline_auto\" id=\"style-css-av-jkuvdh82-e046385b234beb5bafd3aef55f34bef8\">\n#top .hr.av-jkuvdh82-e046385b234beb5bafd3aef55f34bef8{\nmargin-top:10px;\nmargin-bottom:10px;\n}\n.hr.av-jkuvdh82-e046385b234beb5bafd3aef55f34bef8 .hr-inner{\nwidth:500;\n}\n<\/style>\n<div  class='hr av-jkuvdh82-e046385b234beb5bafd3aef55f34bef8 hr-custom  avia-builder-el-63  el_after_av_one_third  el_before_av_one_full  hr-left hr-icon-no'><span class='hr-inner inner-border-av-border-none'><span class=\"hr-inner-style\"><\/span><\/span><\/div>\n\n<style type=\"text\/css\" data-created_by=\"avia_inline_auto\" id=\"style-css-av-jley1l06-be8863a15e87d33f314fbd4b76b14014\">\n.flex_column.av-jley1l06-be8863a15e87d33f314fbd4b76b14014{\nborder-radius:0px 0px 0px 0px;\npadding:10px 10px 10px 10px;\nbackground-color:#f2f2f2;\n}\n<\/style>\n<div  class='flex_column av-jley1l06-be8863a15e87d33f314fbd4b76b14014 av_one_full  avia-builder-el-64  el_after_av_hr  el_before_av_one_full  first flex_column_div  '     ><section  class='av_textblock_section av-jkuvcso3-14-a91c2d195f46f2b9d04e8be82b6916d8 '  ><div class='avia_textblock' ><p class=\"fussnoten-quellen\"><strong>Lesestoff: <\/strong><\/p>\n<p>Karola Bicher, Gerlinde Ries-Schemainda: Projektarbeit in Krippe und Kita. Anleitungen, Themenvorschl\u00e4ge, Fotostrecken, Materialien \u2013 nach dem Situationsansatz. Augsburg: Auer 2017.<\/p>\n<p>Silke Bicker u. a.: Projektarbeit zu Kita-Kinder-Lieblingsthemen. Wasser, Wetter, Wiese &amp; Co. Berlin: Cornelsen 2019.<\/p>\n<p>Bildungswerk der Bayerischen Wirtschaft BBW (Hrsg.): Es funktioniert?! Kinder in der Welt der Technik. Ein Projekt-Ideen-Buch. M\u00fcnchen: Don Bosco 2007.<\/p>\n<p>Antje Bostelmann: Bildungsabenteuer Kindergarten: Lernen in den 6 Bildungsbereichen \u2013 Erprobte Projekte zum Nachmachen. M\u00fclheim: Verlag an der Ruhr 2007.<\/p>\n<p>Martin R. Textor: Projektarbeit im Kindergarten. Planung, Durchf\u00fchrung, Nachbereitung. Norderstedt 2013.<\/p>\n<\/div><\/section><\/div>\n\n<style type=\"text\/css\" data-created_by=\"avia_inline_auto\" id=\"style-css-av-1p82t-b0e9719fe6c67aa5c6d1abf813961e55\">\n.flex_column.av-1p82t-b0e9719fe6c67aa5c6d1abf813961e55{\nborder-radius:0px 0px 0px 0px;\npadding:0px 0px 0px 0px;\n}\n<\/style>\n<div  class='flex_column av-1p82t-b0e9719fe6c67aa5c6d1abf813961e55 av_one_full  avia-builder-el-66  el_after_av_one_full  avia-builder-el-last  first flex_column_div av-zero-column-padding  column-top-margin'     ><p><section  class='av_textblock_section av-jlp4hxqo-91baaad30cd61f89630d15f8561d1750 '  ><div class='avia_textblock' ><div class=\"shariff shariff-align-left shariff-widget-align-left\"><ul class=\"shariff-buttons theme-color orientation-horizontal buttonsize-medium\"><li class=\"shariff-button whatsapp shariff-nocustomcolor\" style=\"background-color:#5cbe4a\"><a href=\"https:\/\/api.whatsapp.com\/send?text=https%3A%2F%2Fwww.backwinkel.de%2Fblog%2Fprojektarbeit-im-kindergarten%2F%20Projektarbeit%20im%20Kindergarten%3A\" title=\"Bei Whatsapp teilen\" aria-label=\"Bei Whatsapp teilen\" role=\"button\" rel=\"noopener nofollow\" class=\"shariff-link\" style=\"; background-color:#34af23; color:#fff\" target=\"_blank\"><span class=\"shariff-icon\" style=\"\"><svg width=\"32px\" height=\"20px\" xmlns=\"http:\/\/www.w3.org\/2000\/svg\" viewBox=\"0 0 32 32\"><path fill=\"#34af23\" d=\"M17.6 17.4q0.2 0 1.7 0.8t1.6 0.9q0 0.1 0 0.3 0 0.6-0.3 1.4-0.3 0.7-1.3 1.2t-1.8 0.5q-1 0-3.4-1.1-1.7-0.8-3-2.1t-2.6-3.3q-1.3-1.9-1.3-3.5v-0.1q0.1-1.6 1.3-2.8 0.4-0.4 0.9-0.4 0.1 0 0.3 0t0.3 0q0.3 0 0.5 0.1t0.3 0.5q0.1 0.4 0.6 1.6t0.4 1.3q0 0.4-0.6 1t-0.6 0.8q0 0.1 0.1 0.3 0.6 1.3 1.8 2.4 1 0.9 2.7 1.8 0.2 0.1 0.4 0.1 0.3 0 1-0.9t0.9-0.9zM14 26.9q2.3 0 4.3-0.9t3.6-2.4 2.4-3.6 0.9-4.3-0.9-4.3-2.4-3.6-3.6-2.4-4.3-0.9-4.3 0.9-3.6 2.4-2.4 3.6-0.9 4.3q0 3.6 2.1 6.6l-1.4 4.2 4.3-1.4q2.8 1.9 6.2 1.9zM14 2.2q2.7 0 5.2 1.1t4.3 2.9 2.9 4.3 1.1 5.2-1.1 5.2-2.9 4.3-4.3 2.9-5.2 1.1q-3.5 0-6.5-1.7l-7.4 2.4 2.4-7.2q-1.9-3.2-1.9-6.9 0-2.7 1.1-5.2t2.9-4.3 4.3-2.9 5.2-1.1z\"\/><\/svg><\/span><span class=\"shariff-text\">teilen<\/span>&nbsp;<\/a><\/li><li class=\"shariff-button facebook shariff-nocustomcolor\" style=\"background-color:#4273c8\"><a href=\"https:\/\/www.facebook.com\/sharer\/sharer.php?u=https%3A%2F%2Fwww.backwinkel.de%2Fblog%2Fprojektarbeit-im-kindergarten%2F\" title=\"Bei Facebook teilen\" aria-label=\"Bei Facebook teilen\" role=\"button\" rel=\"nofollow\" class=\"shariff-link\" style=\"; background-color:#3b5998; color:#fff\" target=\"_blank\"><span class=\"shariff-icon\" style=\"\"><svg width=\"32px\" height=\"20px\" xmlns=\"http:\/\/www.w3.org\/2000\/svg\" viewBox=\"0 0 18 32\"><path fill=\"#3b5998\" d=\"M17.1 0.2v4.7h-2.8q-1.5 0-2.1 0.6t-0.5 1.9v3.4h5.2l-0.7 5.3h-4.5v13.6h-5.5v-13.6h-4.5v-5.3h4.5v-3.9q0-3.3 1.9-5.2t5-1.8q2.6 0 4.1 0.2z\"\/><\/svg><\/span><span class=\"shariff-text\">teilen<\/span>&nbsp;<\/a><\/li><li class=\"shariff-button twitter shariff-nocustomcolor\" style=\"background-color:#595959\"><a href=\"https:\/\/twitter.com\/share?url=https%3A%2F%2Fwww.backwinkel.de%2Fblog%2Fprojektarbeit-im-kindergarten%2F&text=Projektarbeit%20im%20Kindergarten%3A\" title=\"Bei X teilen\" aria-label=\"Bei X teilen\" role=\"button\" rel=\"noopener nofollow\" class=\"shariff-link\" style=\"; background-color:#000; color:#fff\" target=\"_blank\"><span class=\"shariff-icon\" style=\"\"><svg width=\"32px\" height=\"20px\" xmlns=\"http:\/\/www.w3.org\/2000\/svg\" viewBox=\"0 0 24 24\"><path fill=\"#000\" d=\"M14.258 10.152L23.176 0h-2.113l-7.747 8.813L7.133 0H0l9.352 13.328L0 23.973h2.113l8.176-9.309 6.531 9.309h7.133zm-2.895 3.293l-.949-1.328L2.875 1.56h3.246l6.086 8.523.945 1.328 7.91 11.078h-3.246zm0 0\"\/><\/svg><\/span><span class=\"shariff-text\">teilen<\/span>&nbsp;<\/a><\/li><li class=\"shariff-button pinterest shariff-nocustomcolor\" style=\"background-color:#e70f18\"><a href=\"https:\/\/www.pinterest.com\/pin\/create\/link\/?url=https%3A%2F%2Fwww.backwinkel.de%2Fblog%2Fprojektarbeit-im-kindergarten%2F&media=https%3A%2F%2Fwww.backwinkel.de%2Fblog%2Fwp-content%2Fuploads%2F2020%2F01%2Fbackwinkel-blog-projektarbeit-im-kindergarten.jpg&description=Projektarbeit%20im%20Kindergarten%3A\" title=\"Bei Pinterest pinnen\" aria-label=\"Bei Pinterest pinnen\" role=\"button\" rel=\"noopener nofollow\" class=\"shariff-link\" style=\"; background-color:#cb2027; color:#fff\" target=\"_blank\"><span class=\"shariff-icon\" style=\"\"><svg width=\"32px\" height=\"20px\" xmlns=\"http:\/\/www.w3.org\/2000\/svg\" viewBox=\"0 0 27 32\"><path fill=\"#cb2027\" d=\"M27.4 16q0 3.7-1.8 6.9t-5 5-6.9 1.9q-2 0-3.9-0.6 1.1-1.7 1.4-2.9 0.2-0.6 1-3.8 0.4 0.7 1.3 1.2t2 0.5q2.1 0 3.8-1.2t2.7-3.4 0.9-4.8q0-2-1.1-3.8t-3.1-2.9-4.5-1.2q-1.9 0-3.5 0.5t-2.8 1.4-2 2-1.2 2.3-0.4 2.4q0 1.9 0.7 3.3t2.1 2q0.5 0.2 0.7-0.4 0-0.1 0.1-0.5t0.2-0.5q0.1-0.4-0.2-0.8-0.9-1.1-0.9-2.7 0-2.7 1.9-4.6t4.9-2q2.7 0 4.2 1.5t1.5 3.8q0 3-1.2 5.2t-3.1 2.1q-1.1 0-1.7-0.8t-0.4-1.9q0.1-0.6 0.5-1.7t0.5-1.8 0.2-1.4q0-0.9-0.5-1.5t-1.4-0.6q-1.1 0-1.9 1t-0.8 2.6q0 1.3 0.4 2.2l-1.8 7.5q-0.3 1.2-0.2 3.2-3.7-1.6-6-5t-2.3-7.6q0-3.7 1.9-6.9t5-5 6.9-1.9 6.9 1.9 5 5 1.8 6.9z\"\/><\/svg><\/span><span class=\"shariff-text\">merken<\/span>&nbsp;<\/a><\/li><li class=\"shariff-button mailto shariff-nocustomcolor\" style=\"background-color:#a8a8a8\"><a href=\"mailto:?body=https%3A%2F%2Fwww.backwinkel.de%2Fblog%2Fprojektarbeit-im-kindergarten%2F&subject=Projektarbeit%20im%20Kindergarten%3A\" title=\"Per E-Mail versenden\" aria-label=\"Per E-Mail versenden\" role=\"button\" rel=\"noopener nofollow\" class=\"shariff-link\" style=\"; background-color:#999; color:#fff\"><span class=\"shariff-icon\" style=\"\"><svg width=\"32px\" height=\"20px\" xmlns=\"http:\/\/www.w3.org\/2000\/svg\" viewBox=\"0 0 32 32\"><path fill=\"#999\" d=\"M32 12.7v14.2q0 1.2-0.8 2t-2 0.9h-26.3q-1.2 0-2-0.9t-0.8-2v-14.2q0.8 0.9 1.8 1.6 6.5 4.4 8.9 6.1 1 0.8 1.6 1.2t1.7 0.9 2 0.4h0.1q0.9 0 2-0.4t1.7-0.9 1.6-1.2q3-2.2 8.9-6.1 1-0.7 1.8-1.6zM32 7.4q0 1.4-0.9 2.7t-2.2 2.2q-6.7 4.7-8.4 5.8-0.2 0.1-0.7 0.5t-1 0.7-0.9 0.6-1.1 0.5-0.9 0.2h-0.1q-0.4 0-0.9-0.2t-1.1-0.5-0.9-0.6-1-0.7-0.7-0.5q-1.6-1.1-4.7-3.2t-3.6-2.6q-1.1-0.7-2.1-2t-1-2.5q0-1.4 0.7-2.3t2.1-0.9h26.3q1.2 0 2 0.8t0.9 2z\"\/><\/svg><\/span><span class=\"shariff-text\">E-Mail<\/span>&nbsp;<\/a><\/li><\/ul><\/div>\n<\/div><\/section><br \/>\n<div  class='tabcontainer av-jlq8shhr-b676e11701d9718d755b04dc68ac4c10 top_tab  avia-builder-el-68  el_after_av_textblock  el_before_av_hr '>\n<section class='av_tab_section av_tab_section av-4w8jsn-17d4c89754803ac141d68451b8b1d1a6' ><div id='tab-id-1-tab' class='tab active_tab' role='tab' aria-selected=\"true\" tabindex=\"0\" data-fake-id='#tab-id-1' aria-controls='tab-id-1-content' >Das BACKWINKEL-Blog-Team:<\/div><div id='tab-id-1-content' class='tab_content active_tab_content' role='tabpanel' aria-labelledby='tab-id-1-tab' aria-hidden=\"false\"><div class='tab_inner_content invers-color' ><p><img decoding=\"async\" class=\"wp-image-1768 alignleft\" title=\"BACKWINKEL-Blog \u2013 Das Team\" src=\"https:\/\/blog.backwinkel.de\/wp-content\/uploads\/2018\/10\/backwinkel-blog-autorenbox-intern_preview-300x198.jpg\" alt=\"\" width=\"300\" height=\"198\" \/>Gibts auch ein Gesicht hinter dem BACKWINKEL-Blog? Ja. Vier ?. Drei davon sogar mit Foto.<\/p>\n<p><span style=\"font-style: inherit !important; font-weight: inherit !important;\">Wir \u2013 Lukas, Tatjana, Stefan und Christine \u2013 bespielen unseren Blog unter dem Motto LACHEN LESEN LERNEN. <\/span><\/p>\n<p><span style=\"font-style: inherit !important; font-weight: inherit !important;\">Lukas kennt sich online so gut aus wie in seiner Westentasche und findet immer spannende Themen, w\u00e4hrend Stefan unseren Beitr\u00e4gen den passenden gestalterischen Rahmen gibt und Tatjana mit dem gr\u00fcnen Korrekturstift alles pr\u00fcfend be\u00e4ugt, was unsere Autorin Christine (und gern auch Gastautoren) f\u00fcr den BACKWINKEL-Blog nach ordentlicher Recherche schreibt.<\/span><\/p>\n<p>Gemeinsam suchen wir st\u00e4ndig nach neuen, aufregenden Themen rund um das Thema Bildung im Kiga, der Schule und zu Hause. Und weil Sie da an der Quelle sitzen, freuen wir uns auf Ihre konstruktiven R\u00fcckmeldungen und Anregungen an <a href=\"mailto:blog@backwinkel.de\">blog@backwinkel.de<\/a><\/p>\n<p>Viel Spa\u00df beim LACHEN LESEN LERNEN!<\/p>\n<\/div><\/div><\/section>\n<\/div><br \/>\n\n<style type=\"text\/css\" data-created_by=\"avia_inline_auto\" id=\"style-css-av-jkuvdh82-1-38174a178115d53a20dded2140bc52ff\">\n#top .hr.av-jkuvdh82-1-38174a178115d53a20dded2140bc52ff{\nmargin-top:10px;\nmargin-bottom:10px;\n}\n.hr.av-jkuvdh82-1-38174a178115d53a20dded2140bc52ff .hr-inner{\nwidth:500;\n}\n<\/style>\n<div  class='hr av-jkuvdh82-1-38174a178115d53a20dded2140bc52ff hr-custom  avia-builder-el-69  el_after_av_tab_container  el_before_av_heading  hr-left hr-icon-no'><span class='hr-inner inner-border-av-border-thin'><span class=\"hr-inner-style\"><\/span><\/span><\/div><br \/>\n\n<style type=\"text\/css\" data-created_by=\"avia_inline_auto\" id=\"style-css-av-2kvx4l-26cf26738d77db581bfabf51b88b95c5\">\n#top .av-special-heading.av-2kvx4l-26cf26738d77db581bfabf51b88b95c5{\npadding-bottom:10px;\n}\nbody .av-special-heading.av-2kvx4l-26cf26738d77db581bfabf51b88b95c5 .av-special-heading-tag .heading-char{\nfont-size:25px;\n}\n.av-special-heading.av-2kvx4l-26cf26738d77db581bfabf51b88b95c5 .av-subheading{\nfont-size:15px;\n}\n<\/style>\n<div  class='av-special-heading av-2kvx4l-26cf26738d77db581bfabf51b88b95c5 av-special-heading-h3 blockquote modern-quote  avia-builder-el-70  el_after_av_hr  el_before_av_blog '><h3 class='av-special-heading-tag '  >PASSENDE BEITR\u00c4GE<\/h3><div class=\"special-heading-border\"><div class=\"special-heading-inner-border\"><\/div><\/div><\/div><br \/>\n<div  data-slideshow-options=\"{&quot;animation&quot;:&quot;fade&quot;,&quot;autoplay&quot;:false,&quot;loop_autoplay&quot;:&quot;once&quot;,&quot;interval&quot;:5,&quot;loop_manual&quot;:&quot;manual-endless&quot;,&quot;autoplay_stopper&quot;:false,&quot;noNavigation&quot;:false,&quot;show_slide_delay&quot;:90}\" class='avia-content-slider avia-content-grid-active avia-content-slider1 avia-content-slider-odd  avia-builder-el-71  el_after_av_heading  avia-builder-el-last  av-slideshow-ui av-control-default   av-no-slider-navigation av-slideshow-manual av-loop-once av-loop-manual-endless ' ><div class=\"avia-content-slider-inner\"><div class=\"slide-entry-wrap\"><article class='slide-entry flex_column  post-entry post-entry-18633 slide-entry-overview slide-loop-1 slide-parity-odd  av_one_third first real-thumbnail posttype-post post-format-standard' ><a href='https:\/\/www.backwinkel.de\/blog\/plastik-recyceln\/' data-rel='slide-1' class='slide-image' title='Plastik recyceln'><img decoding=\"async\" fetchpriority=\"high\" width=\"1200\" height=\"628\" src=\"https:\/\/www.backwinkel.de\/blog\/wp-content\/uploads\/2026\/04\/04_Kiga_Plastik_nachhaltig_nutzen.jpg\" class=\"wp-image-18713 avia-img-lazy-loading-not-18713 attachment-no scaling size-no scaling wp-post-image\" alt=\"\" \/><\/a><div class=\"slide-content\"><header class=\"entry-content-header\" aria-label=\"Slide: Plastik recyceln\"><h3 class='slide-entry-title entry-title ' ><a href='https:\/\/www.backwinkel.de\/blog\/plastik-recyceln\/' title='Plastik recyceln'>Plastik recyceln<\/a><\/h3><span class=\"blog-categories minor-meta\"><a href=\"https:\/\/www.backwinkel.de\/blog\/category\/kindergarten-kita\/\" rel=\"tag\">Kindergarten<\/a> <\/span><span class=\"av-vertical-delimiter\"><\/span><\/header><div class='slide-entry-excerpt entry-content' >Biokunststoff f\u00fcr St\u00fchle, Materialboxen, Spielzeug und Rucks\u00e4cke<\/div><\/div><footer class=\"entry-footer\"><div class=\"slide-meta\"><time class='slide-meta-time updated' >14. April 2026<\/time><\/div><\/footer><\/article><article class='slide-entry flex_column  post-entry post-entry-18716 slide-entry-overview slide-loop-2 slide-parity-even  av_one_third  real-thumbnail posttype-post post-format-standard' ><a href='https:\/\/www.backwinkel.de\/blog\/rechnen-im-anfangsunterricht\/' data-rel='slide-1' class='slide-image' title='Rechnen im Anfangsunterricht'><img decoding=\"async\" fetchpriority=\"high\" width=\"1200\" height=\"628\" src=\"https:\/\/www.backwinkel.de\/blog\/wp-content\/uploads\/2026\/04\/04_Schule_Rechnen_anfangsunterricht.jpg\" class=\"wp-image-18748 avia-img-lazy-loading-not-18748 attachment-no scaling size-no scaling wp-post-image\" alt=\"\" \/><\/a><div class=\"slide-content\"><header class=\"entry-content-header\" aria-label=\"Slide: Rechnen im Anfangsunterricht\"><h3 class='slide-entry-title entry-title ' ><a href='https:\/\/www.backwinkel.de\/blog\/rechnen-im-anfangsunterricht\/' title='Rechnen im Anfangsunterricht'>Rechnen im Anfangsunterricht<\/a><\/h3><span class=\"blog-categories minor-meta\"><a href=\"https:\/\/www.backwinkel.de\/blog\/category\/schule-grundschule\/\" rel=\"tag\">Schule<\/a> <\/span><span class=\"av-vertical-delimiter\"><\/span><\/header><div class='slide-entry-excerpt entry-content' >Das Klassenzimmer als Lernlandschaft<\/div><\/div><footer class=\"entry-footer\"><div class=\"slide-meta\"><time class='slide-meta-time updated' >14. April 2026<\/time><\/div><\/footer><\/article><article class='slide-entry flex_column  post-entry post-entry-18372 slide-entry-overview slide-loop-3 slide-parity-odd  post-entry-last  av_one_third  real-thumbnail posttype-post post-format-standard' ><a href='https:\/\/www.backwinkel.de\/blog\/kranke-kinder-im-kindergarten\/' data-rel='slide-1' class='slide-image' title='Kranke Kinder im Kindergarten'><img decoding=\"async\" fetchpriority=\"high\" width=\"1200\" height=\"628\" src=\"https:\/\/www.backwinkel.de\/blog\/wp-content\/uploads\/2026\/03\/03_Kiga_Kranke_Kinder.jpg\" class=\"wp-image-18451 avia-img-lazy-loading-not-18451 attachment-no scaling size-no scaling wp-post-image\" alt=\"Thema: Kranke Kinder. Auf dem Bild ist ein krankes kleines M\u00e4dchen zu sehen. Eine Frau mit einem Fieberthermometer in der Hand sitzt neben ihr und hat die Hand auf der Stirn des M\u00e4dchens.\" \/><\/a><div class=\"slide-content\"><header class=\"entry-content-header\" aria-label=\"Slide: Kranke Kinder im Kindergarten\"><h3 class='slide-entry-title entry-title ' ><a href='https:\/\/www.backwinkel.de\/blog\/kranke-kinder-im-kindergarten\/' title='Kranke Kinder im Kindergarten'>Kranke Kinder im Kindergarten<\/a><\/h3><span class=\"blog-categories minor-meta\"><a href=\"https:\/\/www.backwinkel.de\/blog\/category\/kindergarten-kita\/\" rel=\"tag\">Kindergarten<\/a> <\/span><span class=\"av-vertical-delimiter\"><\/span><\/header><div class='slide-entry-excerpt entry-content' >Auswirkungen f\u00fcr Kinder, Eltern und Fachkr\u00e4fte<\/div><\/div><footer class=\"entry-footer\"><div class=\"slide-meta\"><time class='slide-meta-time updated' >9. M\u00e4rz 2026<\/time><\/div><\/footer><\/article><\/div><\/div><\/div><\/p><\/div>\n","protected":false},"excerpt":{"rendered":"<p>Tipps zu Planung und Durchf\u00fchrung <\/p>\n","protected":false},"author":3,"featured_media":4017,"comment_status":"closed","ping_status":"closed","sticky":false,"template":"","format":"standard","meta":{"inline_featured_image":false,"footnotes":""},"categories":[5],"tags":[],"class_list":["post-4014","post","type-post","status-publish","format-standard","has-post-thumbnail","hentry","category-kindergarten-kita"],"yoast_head":"<!-- This site is optimized with the Yoast SEO plugin v27.4 - https:\/\/yoast.com\/product\/yoast-seo-wordpress\/ -->\n<title>Projektarbeit im Kindergarten \u00bb Tipps, Ideen &amp; Material | BACKWINKEL Blog<\/title>\n<meta name=\"description\" content=\"Projektarbeit im Kindergarten: Konkrete Tipps zu Planung und Durchf\u00fchrung \u2713 Kostenlose Planungshilfen zum Ausdrucken \u2713 Projektideen nach Bildungsbereichen \u2713\" \/>\n<meta name=\"robots\" content=\"index, follow, max-snippet:-1, max-image-preview:large, max-video-preview:-1\" \/>\n<link rel=\"canonical\" href=\"https:\/\/www.backwinkel.de\/blog\/projektarbeit-im-kindergarten\/\" \/>\n<meta property=\"og:locale\" content=\"de_DE\" \/>\n<meta property=\"og:type\" content=\"article\" \/>\n<meta property=\"og:title\" content=\"Projektarbeit im Kindergarten \u00bb Tipps, Ideen &amp; Material | BACKWINKEL Blog\" \/>\n<meta property=\"og:description\" content=\"Projektarbeit im Kindergarten: Konkrete Tipps zu Planung und Durchf\u00fchrung \u2713 Kostenlose Planungshilfen zum Ausdrucken \u2713 Projektideen nach Bildungsbereichen \u2713\" \/>\n<meta property=\"og:url\" content=\"https:\/\/www.backwinkel.de\/blog\/projektarbeit-im-kindergarten\/\" \/>\n<meta property=\"og:site_name\" content=\"BACKWINKEL Blog\" \/>\n<meta property=\"article:published_time\" content=\"2020-02-03T08:33:30+00:00\" \/>\n<meta property=\"article:modified_time\" content=\"2026-04-22T08:24:13+00:00\" \/>\n<meta property=\"og:image\" content=\"https:\/\/www.backwinkel.de\/blog\/wp-content\/uploads\/2020\/01\/backwinkel-blog-projektarbeit-im-kindergarten.jpg\" \/>\n\t<meta property=\"og:image:width\" content=\"1200\" \/>\n\t<meta property=\"og:image:height\" content=\"628\" \/>\n\t<meta property=\"og:image:type\" content=\"image\/jpeg\" \/>\n<meta name=\"author\" content=\"BACKWINKEL\" \/>\n<meta name=\"twitter:card\" content=\"summary_large_image\" \/>\n<meta name=\"twitter:label1\" content=\"Verfasst von\" \/>\n\t<meta name=\"twitter:data1\" content=\"BACKWINKEL\" \/>\n\t<meta name=\"twitter:label2\" content=\"Gesch\u00e4tzte Lesezeit\" \/>\n\t<meta name=\"twitter:data2\" content=\"14\u00a0Minuten\" \/>\n<script type=\"application\/ld+json\" class=\"yoast-schema-graph\">{\"@context\":\"https:\\\/\\\/schema.org\",\"@graph\":[{\"@type\":\"Article\",\"@id\":\"https:\\\/\\\/www.backwinkel.de\\\/blog\\\/projektarbeit-im-kindergarten\\\/#article\",\"isPartOf\":{\"@id\":\"https:\\\/\\\/www.backwinkel.de\\\/blog\\\/projektarbeit-im-kindergarten\\\/\"},\"author\":{\"name\":\"BACKWINKEL\",\"@id\":\"https:\\\/\\\/www.backwinkel.de\\\/blog\\\/#\\\/schema\\\/person\\\/3d64575316540d25f7866264a4b7cd24\"},\"headline\":\"Projektarbeit im Kindergarten:\",\"datePublished\":\"2020-02-03T08:33:30+00:00\",\"dateModified\":\"2026-04-22T08:24:13+00:00\",\"mainEntityOfPage\":{\"@id\":\"https:\\\/\\\/www.backwinkel.de\\\/blog\\\/projektarbeit-im-kindergarten\\\/\"},\"wordCount\":5985,\"image\":{\"@id\":\"https:\\\/\\\/www.backwinkel.de\\\/blog\\\/projektarbeit-im-kindergarten\\\/#primaryimage\"},\"thumbnailUrl\":\"https:\\\/\\\/www.backwinkel.de\\\/blog\\\/wp-content\\\/uploads\\\/2020\\\/01\\\/backwinkel-blog-projektarbeit-im-kindergarten.jpg\",\"articleSection\":[\"Kindergarten\"],\"inLanguage\":\"de\"},{\"@type\":\"WebPage\",\"@id\":\"https:\\\/\\\/www.backwinkel.de\\\/blog\\\/projektarbeit-im-kindergarten\\\/\",\"url\":\"https:\\\/\\\/www.backwinkel.de\\\/blog\\\/projektarbeit-im-kindergarten\\\/\",\"name\":\"Projektarbeit im Kindergarten \u00bb Tipps, Ideen & Material | BACKWINKEL Blog\",\"isPartOf\":{\"@id\":\"https:\\\/\\\/www.backwinkel.de\\\/blog\\\/#website\"},\"primaryImageOfPage\":{\"@id\":\"https:\\\/\\\/www.backwinkel.de\\\/blog\\\/projektarbeit-im-kindergarten\\\/#primaryimage\"},\"image\":{\"@id\":\"https:\\\/\\\/www.backwinkel.de\\\/blog\\\/projektarbeit-im-kindergarten\\\/#primaryimage\"},\"thumbnailUrl\":\"https:\\\/\\\/www.backwinkel.de\\\/blog\\\/wp-content\\\/uploads\\\/2020\\\/01\\\/backwinkel-blog-projektarbeit-im-kindergarten.jpg\",\"datePublished\":\"2020-02-03T08:33:30+00:00\",\"dateModified\":\"2026-04-22T08:24:13+00:00\",\"author\":{\"@id\":\"https:\\\/\\\/www.backwinkel.de\\\/blog\\\/#\\\/schema\\\/person\\\/3d64575316540d25f7866264a4b7cd24\"},\"description\":\"Projektarbeit im Kindergarten: Konkrete Tipps zu Planung und Durchf\u00fchrung \u2713 Kostenlose Planungshilfen zum Ausdrucken \u2713 Projektideen nach Bildungsbereichen \u2713\",\"breadcrumb\":{\"@id\":\"https:\\\/\\\/www.backwinkel.de\\\/blog\\\/projektarbeit-im-kindergarten\\\/#breadcrumb\"},\"inLanguage\":\"de\",\"potentialAction\":[{\"@type\":\"ReadAction\",\"target\":[\"https:\\\/\\\/www.backwinkel.de\\\/blog\\\/projektarbeit-im-kindergarten\\\/\"]}]},{\"@type\":\"ImageObject\",\"inLanguage\":\"de\",\"@id\":\"https:\\\/\\\/www.backwinkel.de\\\/blog\\\/projektarbeit-im-kindergarten\\\/#primaryimage\",\"url\":\"https:\\\/\\\/www.backwinkel.de\\\/blog\\\/wp-content\\\/uploads\\\/2020\\\/01\\\/backwinkel-blog-projektarbeit-im-kindergarten.jpg\",\"contentUrl\":\"https:\\\/\\\/www.backwinkel.de\\\/blog\\\/wp-content\\\/uploads\\\/2020\\\/01\\\/backwinkel-blog-projektarbeit-im-kindergarten.jpg\",\"width\":1200,\"height\":628},{\"@type\":\"BreadcrumbList\",\"@id\":\"https:\\\/\\\/www.backwinkel.de\\\/blog\\\/projektarbeit-im-kindergarten\\\/#breadcrumb\",\"itemListElement\":[{\"@type\":\"ListItem\",\"position\":1,\"name\":\"Startseite\",\"item\":\"https:\\\/\\\/blog.backwinkel.de\\\/aktuelles\\\/\"},{\"@type\":\"ListItem\",\"position\":2,\"name\":\"Projektarbeit im Kindergarten:\"}]},{\"@type\":\"WebSite\",\"@id\":\"https:\\\/\\\/www.backwinkel.de\\\/blog\\\/#website\",\"url\":\"https:\\\/\\\/www.backwinkel.de\\\/blog\\\/\",\"name\":\"BACKWINKEL Blog\",\"description\":\"f\u00fcr Lehrer, Erzieher und Eltern\",\"potentialAction\":[{\"@type\":\"SearchAction\",\"target\":{\"@type\":\"EntryPoint\",\"urlTemplate\":\"https:\\\/\\\/www.backwinkel.de\\\/blog\\\/?s={search_term_string}\"},\"query-input\":{\"@type\":\"PropertyValueSpecification\",\"valueRequired\":true,\"valueName\":\"search_term_string\"}}],\"inLanguage\":\"de\"},{\"@type\":\"Person\",\"@id\":\"https:\\\/\\\/www.backwinkel.de\\\/blog\\\/#\\\/schema\\\/person\\\/3d64575316540d25f7866264a4b7cd24\",\"name\":\"BACKWINKEL\",\"sameAs\":[\"http:\\\/\\\/www.backwinkel.de\"],\"url\":\"https:\\\/\\\/www.backwinkel.de\\\/blog\\\/author\\\/backwinkel\\\/\"}]}<\/script>\n<!-- \/ Yoast SEO plugin. -->","yoast_head_json":{"title":"Projektarbeit im Kindergarten \u00bb Tipps, Ideen & Material | BACKWINKEL Blog","description":"Projektarbeit im Kindergarten: Konkrete Tipps zu Planung und Durchf\u00fchrung \u2713 Kostenlose Planungshilfen zum Ausdrucken \u2713 Projektideen nach Bildungsbereichen \u2713","robots":{"index":"index","follow":"follow","max-snippet":"max-snippet:-1","max-image-preview":"max-image-preview:large","max-video-preview":"max-video-preview:-1"},"canonical":"https:\/\/www.backwinkel.de\/blog\/projektarbeit-im-kindergarten\/","og_locale":"de_DE","og_type":"article","og_title":"Projektarbeit im Kindergarten \u00bb Tipps, Ideen & Material | BACKWINKEL Blog","og_description":"Projektarbeit im Kindergarten: Konkrete Tipps zu Planung und Durchf\u00fchrung \u2713 Kostenlose Planungshilfen zum Ausdrucken \u2713 Projektideen nach Bildungsbereichen \u2713","og_url":"https:\/\/www.backwinkel.de\/blog\/projektarbeit-im-kindergarten\/","og_site_name":"BACKWINKEL Blog","article_published_time":"2020-02-03T08:33:30+00:00","article_modified_time":"2026-04-22T08:24:13+00:00","og_image":[{"width":1200,"height":628,"url":"https:\/\/www.backwinkel.de\/blog\/wp-content\/uploads\/2020\/01\/backwinkel-blog-projektarbeit-im-kindergarten.jpg","type":"image\/jpeg"}],"author":"BACKWINKEL","twitter_card":"summary_large_image","twitter_misc":{"Verfasst von":"BACKWINKEL","Gesch\u00e4tzte Lesezeit":"14\u00a0Minuten"},"schema":{"@context":"https:\/\/schema.org","@graph":[{"@type":"Article","@id":"https:\/\/www.backwinkel.de\/blog\/projektarbeit-im-kindergarten\/#article","isPartOf":{"@id":"https:\/\/www.backwinkel.de\/blog\/projektarbeit-im-kindergarten\/"},"author":{"name":"BACKWINKEL","@id":"https:\/\/www.backwinkel.de\/blog\/#\/schema\/person\/3d64575316540d25f7866264a4b7cd24"},"headline":"Projektarbeit im Kindergarten:","datePublished":"2020-02-03T08:33:30+00:00","dateModified":"2026-04-22T08:24:13+00:00","mainEntityOfPage":{"@id":"https:\/\/www.backwinkel.de\/blog\/projektarbeit-im-kindergarten\/"},"wordCount":5985,"image":{"@id":"https:\/\/www.backwinkel.de\/blog\/projektarbeit-im-kindergarten\/#primaryimage"},"thumbnailUrl":"https:\/\/www.backwinkel.de\/blog\/wp-content\/uploads\/2020\/01\/backwinkel-blog-projektarbeit-im-kindergarten.jpg","articleSection":["Kindergarten"],"inLanguage":"de"},{"@type":"WebPage","@id":"https:\/\/www.backwinkel.de\/blog\/projektarbeit-im-kindergarten\/","url":"https:\/\/www.backwinkel.de\/blog\/projektarbeit-im-kindergarten\/","name":"Projektarbeit im Kindergarten \u00bb Tipps, Ideen & Material | BACKWINKEL Blog","isPartOf":{"@id":"https:\/\/www.backwinkel.de\/blog\/#website"},"primaryImageOfPage":{"@id":"https:\/\/www.backwinkel.de\/blog\/projektarbeit-im-kindergarten\/#primaryimage"},"image":{"@id":"https:\/\/www.backwinkel.de\/blog\/projektarbeit-im-kindergarten\/#primaryimage"},"thumbnailUrl":"https:\/\/www.backwinkel.de\/blog\/wp-content\/uploads\/2020\/01\/backwinkel-blog-projektarbeit-im-kindergarten.jpg","datePublished":"2020-02-03T08:33:30+00:00","dateModified":"2026-04-22T08:24:13+00:00","author":{"@id":"https:\/\/www.backwinkel.de\/blog\/#\/schema\/person\/3d64575316540d25f7866264a4b7cd24"},"description":"Projektarbeit im Kindergarten: Konkrete Tipps zu Planung und Durchf\u00fchrung \u2713 Kostenlose Planungshilfen zum Ausdrucken \u2713 Projektideen nach Bildungsbereichen \u2713","breadcrumb":{"@id":"https:\/\/www.backwinkel.de\/blog\/projektarbeit-im-kindergarten\/#breadcrumb"},"inLanguage":"de","potentialAction":[{"@type":"ReadAction","target":["https:\/\/www.backwinkel.de\/blog\/projektarbeit-im-kindergarten\/"]}]},{"@type":"ImageObject","inLanguage":"de","@id":"https:\/\/www.backwinkel.de\/blog\/projektarbeit-im-kindergarten\/#primaryimage","url":"https:\/\/www.backwinkel.de\/blog\/wp-content\/uploads\/2020\/01\/backwinkel-blog-projektarbeit-im-kindergarten.jpg","contentUrl":"https:\/\/www.backwinkel.de\/blog\/wp-content\/uploads\/2020\/01\/backwinkel-blog-projektarbeit-im-kindergarten.jpg","width":1200,"height":628},{"@type":"BreadcrumbList","@id":"https:\/\/www.backwinkel.de\/blog\/projektarbeit-im-kindergarten\/#breadcrumb","itemListElement":[{"@type":"ListItem","position":1,"name":"Startseite","item":"https:\/\/blog.backwinkel.de\/aktuelles\/"},{"@type":"ListItem","position":2,"name":"Projektarbeit im Kindergarten:"}]},{"@type":"WebSite","@id":"https:\/\/www.backwinkel.de\/blog\/#website","url":"https:\/\/www.backwinkel.de\/blog\/","name":"BACKWINKEL Blog","description":"f\u00fcr Lehrer, Erzieher und Eltern","potentialAction":[{"@type":"SearchAction","target":{"@type":"EntryPoint","urlTemplate":"https:\/\/www.backwinkel.de\/blog\/?s={search_term_string}"},"query-input":{"@type":"PropertyValueSpecification","valueRequired":true,"valueName":"search_term_string"}}],"inLanguage":"de"},{"@type":"Person","@id":"https:\/\/www.backwinkel.de\/blog\/#\/schema\/person\/3d64575316540d25f7866264a4b7cd24","name":"BACKWINKEL","sameAs":["http:\/\/www.backwinkel.de"],"url":"https:\/\/www.backwinkel.de\/blog\/author\/backwinkel\/"}]}},"_links":{"self":[{"href":"https:\/\/www.backwinkel.de\/blog\/wp-json\/wp\/v2\/posts\/4014","targetHints":{"allow":["GET"]}}],"collection":[{"href":"https:\/\/www.backwinkel.de\/blog\/wp-json\/wp\/v2\/posts"}],"about":[{"href":"https:\/\/www.backwinkel.de\/blog\/wp-json\/wp\/v2\/types\/post"}],"author":[{"embeddable":true,"href":"https:\/\/www.backwinkel.de\/blog\/wp-json\/wp\/v2\/users\/3"}],"replies":[{"embeddable":true,"href":"https:\/\/www.backwinkel.de\/blog\/wp-json\/wp\/v2\/comments?post=4014"}],"version-history":[{"count":4,"href":"https:\/\/www.backwinkel.de\/blog\/wp-json\/wp\/v2\/posts\/4014\/revisions"}],"predecessor-version":[{"id":18875,"href":"https:\/\/www.backwinkel.de\/blog\/wp-json\/wp\/v2\/posts\/4014\/revisions\/18875"}],"wp:featuredmedia":[{"embeddable":true,"href":"https:\/\/www.backwinkel.de\/blog\/wp-json\/wp\/v2\/media\/4017"}],"wp:attachment":[{"href":"https:\/\/www.backwinkel.de\/blog\/wp-json\/wp\/v2\/media?parent=4014"}],"wp:term":[{"taxonomy":"category","embeddable":true,"href":"https:\/\/www.backwinkel.de\/blog\/wp-json\/wp\/v2\/categories?post=4014"},{"taxonomy":"post_tag","embeddable":true,"href":"https:\/\/www.backwinkel.de\/blog\/wp-json\/wp\/v2\/tags?post=4014"}],"curies":[{"name":"wp","href":"https:\/\/api.w.org\/{rel}","templated":true}]}}