{"id":3853,"date":"2019-12-02T10:18:23","date_gmt":"2019-12-02T09:18:23","guid":{"rendered":"https:\/\/blog.backwinkel.de\/?p=3853"},"modified":"2026-04-22T10:16:37","modified_gmt":"2026-04-22T08:16:37","slug":"unterrichtsplanung","status":"publish","type":"post","link":"https:\/\/www.backwinkel.de\/blog\/unterrichtsplanung\/","title":{"rendered":"Unterrichtsplanung einfach gut:"},"content":{"rendered":"\n<style type=\"text\/css\" data-created_by=\"avia_inline_auto\" id=\"style-css-av-8vdv8-f7e0dae999cc49bc529a70f67b346526\">\n.flex_column.av-8vdv8-f7e0dae999cc49bc529a70f67b346526{\nborder-radius:0px 0px 0px 0px;\npadding:0px 0px 0px 0px;\n}\n<\/style>\n<div  class='flex_column av-8vdv8-f7e0dae999cc49bc529a70f67b346526 av_one_full  avia-builder-el-0  el_before_av_three_fifth  avia-builder-el-first  first flex_column_div av-zero-column-padding  '     ><p>\n<style type=\"text\/css\" data-created_by=\"avia_inline_auto\" id=\"style-css-av-jl6mo8rj-605eccf9df0dce9c3ffb6a57636da99d\">\n#top .hr.hr-invisible.av-jl6mo8rj-605eccf9df0dce9c3ffb6a57636da99d{\nmargin-top:0px;\nheight:1px;\n}\n<\/style>\n<div  class='hr av-jl6mo8rj-605eccf9df0dce9c3ffb6a57636da99d hr-invisible  avia-builder-el-1  el_before_av_heading  avia-builder-el-first '><span class='hr-inner '><span class=\"hr-inner-style\"><\/span><\/span><\/div><br \/>\n\n<style type=\"text\/css\" data-created_by=\"avia_inline_auto\" id=\"style-css-av-k348l5ou-37551d4206d7bfc054b9dae50aa49d2e\">\n#top .av-special-heading.av-k348l5ou-37551d4206d7bfc054b9dae50aa49d2e{\npadding-bottom:10px;\n}\nbody .av-special-heading.av-k348l5ou-37551d4206d7bfc054b9dae50aa49d2e .av-special-heading-tag .heading-char{\nfont-size:25px;\n}\n.av-special-heading.av-k348l5ou-37551d4206d7bfc054b9dae50aa49d2e .av-subheading{\nfont-size:15px;\n}\n<\/style>\n<div  class='av-special-heading av-k348l5ou-37551d4206d7bfc054b9dae50aa49d2e av-special-heading-h1 blockquote modern-quote  avia-builder-el-2  el_after_av_hr  el_before_av_post_metadata '><h1 class='av-special-heading-tag '  >Unterrichtsplanung einfach gut: So gelingt die zeitsparende Unterrichtsvorbereitung<\/h1><div class='av-subheading av-subheading_below'><p class=\"autorenname\">Christine Hagemann<\/p>\n<\/div><div class=\"special-heading-border\"><div class=\"special-heading-inner-border\"><\/div><\/div><\/div><br \/>\n\n<style type=\"text\/css\" data-created_by=\"avia_inline_auto\" id=\"style-css-av-6cvbml-819bb9ea5320738bafc9bafbabab6ad5\">\n#top .av-post-metadata-container.av-6cvbml-819bb9ea5320738bafc9bafbabab6ad5{\nfont-size:12px;\n}\n#top .av-post-metadata-container.av-6cvbml-819bb9ea5320738bafc9bafbabab6ad5 .av-post-metadata-container-inner{\nfont-size:12px;\n}\n<\/style>\n<div  class='av-post-metadata-container av-6cvbml-819bb9ea5320738bafc9bafbabab6ad5 av-metadata-container-align-left  avia-builder-el-3  el_after_av_heading  el_before_av_textblock  av-metadata-container-1'><div class='av-post-metadata-container-inner'><span class=\"av-post-metadata-content av-post-metadata-meta-content\"><span class=\"av-post-metadata-content av-post-metadata-modified\"><span class=\"av-metadata-before av-metadata-before-modified\">Aktualisiert:<\/span><span class=\"av-post-metadata-modified-date\" >22. April 2026<\/span><\/span><span class=\"av-post-metadata-content av-post-metadata-separator\">\/<\/span><span class=\"av-post-metadata-content av-post-metadata-modified\"><span class=\"av-metadata-before av-metadata-before-modified\">Zuletzt aktualisiert:<\/span><span class=\"av-post-metadata-modified-date\" >22. April 2026<\/span><\/span><\/span><\/div><\/div><br \/>\n\n<style type=\"text\/css\" data-created_by=\"avia_inline_auto\" id=\"style-css-av-jkuubohz-5bd5902bdafe42e29df3f39e76d87d31\">\n#top .av_textblock_section.av-jkuubohz-5bd5902bdafe42e29df3f39e76d87d31 .avia_textblock{\nfont-size:20px;\n}\n<\/style>\n<section  class='av_textblock_section av-jkuubohz-5bd5902bdafe42e29df3f39e76d87d31 '  ><div class='avia_textblock' ><p class=\"einleitungstext-beitrag\">Guter Unterricht will vorbereitet sein. Bei der Unterrichtsplanung ber\u00fccksichtigen Lehrkr\u00e4fte schon vorab viele Aspekte, die den Verlauf einer Unterrichtseinheit beeinflussen.<\/p>\n<\/div><\/section><br \/>\n\n<style type=\"text\/css\" data-created_by=\"avia_inline_auto\" id=\"style-css-av-jkuuo5h6-59bf8063707afbfccf3bd50042f592ef\">\n.avia-image-container.av-jkuuo5h6-59bf8063707afbfccf3bd50042f592ef img.avia_image{\nbox-shadow:none;\n}\n.avia-image-container.av-jkuuo5h6-59bf8063707afbfccf3bd50042f592ef .av-image-caption-overlay-center{\ncolor:#ffffff;\n}\n<\/style>\n<div  class='avia-image-container av-jkuuo5h6-59bf8063707afbfccf3bd50042f592ef av-styling- avia-align-center  avia-builder-el-5  el_after_av_textblock  el_before_av_hr '  ><div class=\"avia-image-container-inner\"><div class=\"avia-image-overlay-wrap\"><img decoding=\"async\" fetchpriority=\"high\" class='wp-image-3854 avia-img-lazy-loading-not-3854 avia_image ' src=\"https:\/\/www.backwinkel.de\/blog\/wp-content\/uploads\/2019\/11\/backwinkel-blog-unterrichtsvorbereitung-heroimage.jpg\" alt='BACKWINKEL Blog \u2013 Beitrag zum Thema Unterrichtsplanung' title='Unterrichtsplanung: Schritt f\u00fcr Schritt guten Unterricht vorbereiten'  height=\"628\" width=\"1200\" srcset=\"https:\/\/www.backwinkel.de\/blog\/wp-content\/uploads\/2019\/11\/backwinkel-blog-unterrichtsvorbereitung-heroimage.jpg 1200w, https:\/\/www.backwinkel.de\/blog\/wp-content\/uploads\/2019\/11\/backwinkel-blog-unterrichtsvorbereitung-heroimage-300x157.jpg 300w, https:\/\/www.backwinkel.de\/blog\/wp-content\/uploads\/2019\/11\/backwinkel-blog-unterrichtsvorbereitung-heroimage-1030x539.jpg 1030w, https:\/\/www.backwinkel.de\/blog\/wp-content\/uploads\/2019\/11\/backwinkel-blog-unterrichtsvorbereitung-heroimage-768x402.jpg 768w, https:\/\/www.backwinkel.de\/blog\/wp-content\/uploads\/2019\/11\/backwinkel-blog-unterrichtsvorbereitung-heroimage-705x369.jpg 705w\" sizes=\"(max-width: 1200px) 100vw, 1200px\" \/><\/div><\/div><\/div><br \/>\n\n<style type=\"text\/css\" data-created_by=\"avia_inline_auto\" id=\"style-css-av-jl6mo8rj-31-8af3ffbac23566a9506c956fd513962e\">\n#top .hr.hr-invisible.av-jl6mo8rj-31-8af3ffbac23566a9506c956fd513962e{\nheight:5px;\n}\n<\/style>\n<div  class='hr av-jl6mo8rj-31-8af3ffbac23566a9506c956fd513962e hr-invisible  avia-builder-el-6  el_after_av_image  el_before_av_textblock '><span class='hr-inner '><span class=\"hr-inner-style\"><\/span><\/span><\/div><br \/>\n\n<style type=\"text\/css\" data-created_by=\"avia_inline_auto\" id=\"style-css-av-jl7ql86y-476587f36812d438ff309d71c344c7b6\">\n#top .av_textblock_section.av-jl7ql86y-476587f36812d438ff309d71c344c7b6 .avia_textblock{\nfont-size:10px;\n}\n<\/style>\n<section  class='av_textblock_section av-jl7ql86y-476587f36812d438ff309d71c344c7b6 '  ><div class='avia_textblock' ><p class=\"bildnennung-beitrag\" style=\"text-align: left;\">\u00a9 golubovy, Adobestock.com<\/p>\n<\/div><\/section><br \/>\n\n<style type=\"text\/css\" data-created_by=\"avia_inline_auto\" id=\"style-css-av-jl6mo8rj-29-0209eed1d83e9af3398149df67e898b5\">\n#top .hr.hr-invisible.av-jl6mo8rj-29-0209eed1d83e9af3398149df67e898b5{\nheight:20px;\n}\n<\/style>\n<div  class='hr av-jl6mo8rj-29-0209eed1d83e9af3398149df67e898b5 hr-invisible  avia-builder-el-8  el_after_av_textblock  el_before_av_textblock '><span class='hr-inner '><span class=\"hr-inner-style\"><\/span><\/span><\/div><br \/>\n<section  class='av_textblock_section av-jkuubohz-30-53709666683f4a5990a1954f38968a99 '  ><div class='avia_textblock' ><p>Doch die Vorbereitung ist nicht damit erledigt, den Lernstoff auf die Stunden zu verteilen. Ziele wie Lerninhalte sinnvoll zu vermitteln, alle Sch\u00fclerinnen und Sch\u00fcler individuell zu f\u00f6rdern und Kinder mit F\u00f6rderbedarf zu integrieren k\u00f6nnen Sie nur dann erf\u00fcllen, wenn Sie Ihren Unterricht genau planen. Aber oft lassen die t\u00e4glichen Anforderungen im Schulalltag nur wenig Zeit f\u00fcr ausf\u00fchrliche \u00dcberlegungen.<\/p>\n<p>Wie plane ich Unterricht richtig? Wie komme ich vom Rahmenlehrplan zur einzelnen Unterrichtsstunde? Ein klares Konzept hilft, damit Sie <strong>guten Unterricht vorbereiten und entspannt durchf\u00fchren<\/strong>. Lesen Sie im Folgenden, worauf es bei der Unterrichtsplanung ankommt und wie Sie dabei zeitsparend vorgehen. Planungsraster zum Ausdrucken inklusive.<\/p>\n<\/div><\/section><\/p><\/div>\n<style type=\"text\/css\" data-created_by=\"avia_inline_auto\" id=\"style-css-av-swqf9-6bb490ea0cbb171c9d159bb967226129\">\n.flex_column.av-swqf9-6bb490ea0cbb171c9d159bb967226129{\nborder-radius:0px 0px 0px 0px;\npadding:20px 20px 20px 20px;\nbackground-color:#f2f2f2;\n}\n<\/style>\n<div  class='flex_column av-swqf9-6bb490ea0cbb171c9d159bb967226129 av_three_fifth  avia-builder-el-10  el_after_av_one_full  el_before_av_two_fifth  first flex_column_div  column-top-margin'     ><style type=\"text\/css\" data-created_by=\"avia_inline_auto\" id=\"style-css-av-jkuua5r2-d1baa9020b60f0b8929049cd70142866\">\n#top .av_textblock_section.av-jkuua5r2-d1baa9020b60f0b8929049cd70142866 .avia_textblock{\nfont-size:14px;\n}\n<\/style>\n<section  class='av_textblock_section av-jkuua5r2-d1baa9020b60f0b8929049cd70142866 '  ><div class='avia_textblock' ><p><strong>Inhalt<\/strong><\/p>\n<p><strong><a href=\"#1\">1. Wo fange ich an? <\/a><\/strong><br \/>\n1.1 Themen sinnvoll strukturieren<br \/>\n1.2 Voraussetzungen der Lerngruppe beachten<\/p>\n<p><strong><a href=\"#2\">2. Wegweiser f\u00fcr die Planung von Unterrichtseinheiten<\/a><\/strong><br \/>\n2.1 Wie plane ich kompetenzorientiert?<br \/>\n2.2 Wie sieht die Feinplanung der Stunden aus?<\/p>\n<p><strong><a href=\"#3\">3. Tipps f\u00fcr die zeitsparende Unterrichtsplanung<\/a><\/strong><\/p>\n<p><strong><a href=\"#4\">4. Unterrichtsplanung Schritt f\u00fcr Schritt<\/a><\/strong><\/p>\n<\/div><\/section><\/div><\/p>\n\n<style type=\"text\/css\" data-created_by=\"avia_inline_auto\" id=\"style-css-av-2532d-6e1ea05e25305745634c0a02c87dc827\">\n.flex_column.av-2532d-6e1ea05e25305745634c0a02c87dc827{\nborder-radius:0px 0px 0px 0px;\npadding:0 0 0 0;\n}\n<\/style>\n<div  class='flex_column av-2532d-6e1ea05e25305745634c0a02c87dc827 av_two_fifth  avia-builder-el-12  el_after_av_three_fifth  el_before_av_sidebar  flex_column_div av-zero-column-padding  column-top-margin'     ><\/div>\n<div  class='avia-builder-widget-area clearfix  avia-builder-el-13  el_after_av_two_fifth  el_before_av_one_full '><div id=\"text-34\" class=\"widget clearfix widget_text\">\t\t\t<div class=\"textwidget\"><p><a href=\"https:\/\/www.backwinkel.de\/nachhaltig-denken\/\" target=\"\\_blank\" rel=\"noopener\"><br \/>\n<img decoding=\"async\" class=\"werbung-desktop alignnone wp-image-4186 size-full\" src=\"https:\/\/www.backwinkel.de\/blog\/wp-content\/uploads\/2026\/04\/Backwinkel-blog-werbebanner-shop-schule_desktop.jpg\" alt=\"\" width=\"1251\" height=\"201\" \/><br \/>\n<\/a><br \/>\n<a href=\"https:\/\/www.backwinkel.de\/nachhaltig-denken\/\" target=\"\\_blank\" rel=\"noopener\"><br \/>\n<img decoding=\"async\" class=\"werbung-mobile alignnone wp-image-4187 size-full\" src=\"https:\/\/www.backwinkel.de\/blog\/wp-content\/uploads\/2026\/04\/Backwinkel-blog-werbebanner-shop-schule_mobile.jpg\" alt=\"\" width=\"550\" height=\"500\" \/><br \/>\n<\/a><\/p>\n<\/div>\n\t\t<\/div><\/div>\n\n<style type=\"text\/css\" data-created_by=\"avia_inline_auto\" id=\"style-css-av-hh5al-9c53459d093ff912fcc98cf97e19d753\">\n.flex_column.av-hh5al-9c53459d093ff912fcc98cf97e19d753{\nborder-radius:0px 0px 0px 0px;\npadding:0px 0px 0px 0px;\n}\n<\/style>\n<div  class='flex_column av-hh5al-9c53459d093ff912fcc98cf97e19d753 av_one_full  avia-builder-el-14  el_after_av_sidebar  el_before_av_one_full  first flex_column_div av-zero-column-padding  '     ><section  class='av_textblock_section av-jkuul0eg-47aa45f9d704d9c8972e1ddf4c471077 '  ><div class='avia_textblock' >\n<style type=\"text\/css\" data-created_by=\"avia_inline_auto\" id=\"style-css-av-7c7r8-1ad3209b7b9ea9c60cc97e362d76ea5e\">\n#top .hr.hr-invisible.av-7c7r8-1ad3209b7b9ea9c60cc97e362d76ea5e{\nheight:20px;\n}\n<\/style>\n<div  class='hr av-7c7r8-1ad3209b7b9ea9c60cc97e362d76ea5e hr-invisible  avia-builder-el-16  avia-builder-el-no-sibling '><span class='hr-inner '><span class=\"hr-inner-style\"><\/span><\/span><\/div>\n<h2 id=\"1\" class=\"position\">Wo fange ich an?<\/h2>\n<p>Die Basis Ihres Unterrichts ist immer der Lehrplan. Der g\u00fcltige Rahmenplan sowie schulinterne Fachlehrpl\u00e4ne und der Stoffverteilungsplan machen <strong>Vorgaben zu Inhalten und angestrebten<\/strong> <strong>Kompetenzen<\/strong>. Bei der anschlie\u00dfenden Planung von Unterrichtseinheiten haben Sie freie Hand, das anstehende Thema didaktisch und methodisch aufzubereiten.<\/p>\n<h3>Themen sinnvoll strukturieren<\/h3>\n<p>Starten Sie mit der <strong>Sachanalyse<\/strong>. Mithilfe des Schulbuchs und entsprechender Fachliteratur machen Sie sich mit dem Thema vertraut. Darauf folgt die didaktische Analyse: Welchen <strong>Lernzuwachs<\/strong> sollen die Sch\u00fcler am Ende der Unterrichtsreihe erreicht haben? Wie l\u00e4sst sich das Themengebiet sinnvoll in <strong>einzelne Abschnitte <\/strong>unterteilen?<\/p>\n<p>In der Grundschule umfasst eine Unterrichtseinheit meist etwa 5 bis 7 Schulstunden. Bei der <strong>Planung des Zeitrahmens<\/strong> gilt es neben dem Jahreskalender auch Feiertage und bereits festgelegte Termine f\u00fcr Schulprojekte oder Exkursionen zu ber\u00fccksichtigen.<\/p>\n<p><strong>Folgende Leitfragen unterst\u00fctzen Ihre Grobplanung:<\/strong><\/p>\n<ul>\n<li>Was will ich inhaltlich vermitteln?<\/li>\n<li>Wie gelingt die Vermittlung am besten? Welche Methoden und Medien kann ich einsetzen?<\/li>\n<li>Welche Themen sind unerl\u00e4sslich f\u00fcr Leistungserhebungen?<\/li>\n<li>Welche Themen eignen sich f\u00fcr Referate oder Gruppenprojekte und welche m\u00fcssen nicht unbedingt ausf\u00fchrlich behandelt werden?<\/li>\n<li>K\u00f6nnen die Lehrplanziele zum Abschluss des Schuljahres erreicht werden?<\/li>\n<\/ul>\n<\/div><\/section><\/div>\n\n<style type=\"text\/css\" data-created_by=\"avia_inline_auto\" id=\"style-css-av-jlnt0i5o-9e8f91020b864531f76c8938a0322d86\">\n.flex_column.av-jlnt0i5o-9e8f91020b864531f76c8938a0322d86{\nborder-radius:0px 0px 0px 0px;\npadding:10px 10px 10px 10px;\nbackground-color:#e0f1b4;\n}\n<\/style>\n<div  class='flex_column av-jlnt0i5o-9e8f91020b864531f76c8938a0322d86 av_one_full  avia-builder-el-17  el_after_av_one_full  el_before_av_one_full  first flex_column_div  column-top-margin'     ><style type=\"text\/css\" data-created_by=\"avia_inline_auto\" id=\"style-css-av-jkuvcso3-3cdfce01aa17cd7f93f77bd0f3cd869c\">\n#top .av_textblock_section.av-jkuvcso3-3cdfce01aa17cd7f93f77bd0f3cd869c .avia_textblock{\nfont-size:22px;\n}\n<\/style>\n<section  class='av_textblock_section av-jkuvcso3-3cdfce01aa17cd7f93f77bd0f3cd869c '  ><div class='avia_textblock' ><p><strong>Tipp:<\/strong> Das Schulbuch leistet gute Dienste, da Sie anhand von Aufteilung und Umfang der Kapitel erkennen k\u00f6nnen, wie viel Zeit Sie ungef\u00e4hr f\u00fcr ein Themengebiet einplanen sollten. Auch zum Aufbau der Unterrichtseinheit hilft es, sich am Schulbuch zu orientieren.<\/p>\n<\/div><\/section><\/div>\n\n<style type=\"text\/css\" data-created_by=\"avia_inline_auto\" id=\"style-css-av-hh5al-28-4e8c25af6590706a6d906e8f1648b663\">\n.flex_column.av-hh5al-28-4e8c25af6590706a6d906e8f1648b663{\nborder-radius:0px 0px 0px 0px;\npadding:0px 0px 0px 0px;\n}\n<\/style>\n<div  class='flex_column av-hh5al-28-4e8c25af6590706a6d906e8f1648b663 av_one_full  avia-builder-el-19  el_after_av_one_full  el_before_av_one_full  first flex_column_div av-zero-column-padding  column-top-margin'     ><section  class='av_textblock_section av-jkuul0eg-27-5bf6fb9116ed1000ce53c96c537ce29e '  ><div class='avia_textblock' ><h3>Voraussetzungen der Lerngruppe beachten<\/h3>\n<p>Bei der Unterrichtsplanung haben Sie immer die <strong>konkrete Lerngruppe<\/strong> im Blick. Unterrichten Sie schon l\u00e4nger in der Klasse, dann kennen Sie den Lernstand der Gruppe, individuelle St\u00e4rken und Schw\u00e4chen einzelner Sch\u00fcler. Und Sie wissen, was besonders gut klappt. Anders sieht es aus, wenn Sie neu in der Klasse unterrichten.<\/p>\n<p>Damit Sie sp\u00e4ter effizient mit Ihren Sch\u00fclern arbeiten k\u00f6nnen, ist es wichtig zu wissen, welche<strong> Voraussetzungen die Kinder mitbringen<\/strong>. Arbeiten die Sch\u00fcler lieber allein, in Gruppen oder mit einem Partner? Fragen Sie den Klassenlehrer, ob die Sch\u00fcler bestimmte Lernmethoden schon kennen. M\u00f6chten Sie beispielsweise das Placemat einsetzen, obwohl die Kinder noch nie damit gearbeitet haben, m\u00fcssen Sie daf\u00fcr Extrazeit einplanen.<\/p>\n<p><strong>Allgemeine Lernvoraussetzungen<\/strong> spielen f\u00fcr den Unterrichtsverlauf eine wichtige Rolle:<\/p>\n<ul>\n<li>Wie sieht es mit der Motivationslage und Arbeitsbereitschaft der Lerngruppe aus? Welche Sozialbeziehungen sind f\u00fcr den Unterrichtsverlauf relevant?<\/li>\n<li>Gibt es Sch\u00fcler mit auff\u00e4lligem Verhalten? Mit welchen Unterrichtsst\u00f6rungen muss ich rechnen und welche Konsequenzen plane ich ein?<\/li>\n<li>Sind die Sozialformen und Lernmethoden, mit denen ich arbeiten m\u00f6chte, bereits einge\u00fcbt?<\/li>\n<\/ul>\n<p><strong>Fachspezifische Lernvoraussetzungen<\/strong> bestimmen die Unterrichtsgestaltung:<\/p>\n<ul>\n<li>Hat die Lerngruppe Vorwissen zu diesem Thema? Welche konkreten fachlichen Voraussetzungen sind gegeben?<\/li>\n<li>Wie ist der fachliche Lernstand einzelner Sch\u00fcler? Mit welchen Schwierigkeiten muss ich rechnen?<\/li>\n<li>Gibt es Kinder mit F\u00f6rderbedarf? Welche inhaltliche Differenzierung ist erforderlich?<\/li>\n<\/ul>\n<\/div><\/section><\/div>\n\n<style type=\"text\/css\" data-created_by=\"avia_inline_auto\" id=\"style-css-av-hh5al-23-62ce8bd7479ac567703529b57db28a56\">\n.flex_column.av-hh5al-23-62ce8bd7479ac567703529b57db28a56{\nborder-radius:0px 0px 0px 0px;\npadding:0px 0px 0px 0px;\n}\n<\/style>\n<div  class='flex_column av-hh5al-23-62ce8bd7479ac567703529b57db28a56 av_one_full  avia-builder-el-21  el_after_av_one_full  el_before_av_two_fifth  first flex_column_div av-zero-column-padding  column-top-margin'     ><section  class='av_textblock_section av-jkuul0eg-22-a62e2b25ce9fc2dd7e8a706ab1f124bb '  ><div class='avia_textblock' >\n<style type=\"text\/css\" data-created_by=\"avia_inline_auto\" id=\"style-css-av-7c7r8-26-64cfd4c0cb18d9f918b1ff96c131679c\">\n#top .hr.hr-invisible.av-7c7r8-26-64cfd4c0cb18d9f918b1ff96c131679c{\nheight:20px;\n}\n<\/style>\n<div  class='hr av-7c7r8-26-64cfd4c0cb18d9f918b1ff96c131679c hr-invisible  avia-builder-el-23  avia-builder-el-no-sibling '><span class='hr-inner '><span class=\"hr-inner-style\"><\/span><\/span><\/div>\n<h2 id=\"2\" class=\"position\">Wegweiser f\u00fcr die Planung von Unterrichtseinheiten<\/h2>\n<p>Nun geht es an die <strong>didaktischen und methodischen Entscheidungen<\/strong>. Es gibt viele M\u00f6glichkeiten, ein Unterrichtsthema aufzubereiten. Setzen Sie eindeutige <strong>didaktische Schwerpunkte<\/strong>. Darauf gr\u00fcndet auch Ihr methodisches Konzept, vom Medieneinsatz bis zur Impulssetzung in Sch\u00fclerarbeitsphasen.<\/p>\n<p>Die Inhalte w\u00e4hlen Sie unter fachdidaktischen Gesichtspunkten aus, im Hinblick auf den erwarteten Lernzuwachs. <strong>Fragen Sie sich<\/strong>: Warum <u>dieser<\/u> Unterrichtsinhalt f\u00fcr <u>diese<\/u> Lerngruppe zu <u>diesem<\/u> Zeitpunkt? Das gilt gleicherma\u00dfen f\u00fcr die Unterrichtseinheit und jede Einzelstunde.<\/p>\n<p><a href=\"https:\/\/blog.backwinkel.de\/wp-content\/uploads\/2019\/11\/backwinkel-blog-unterrichtsplanung-wegweiser-zur-planung.png\"><img decoding=\"async\" class=\"alignnone wp-image-3866\" src=\"https:\/\/blog.backwinkel.de\/wp-content\/uploads\/2019\/11\/backwinkel-blog-unterrichtsplanung-wegweiser-zur-planung.png\" alt=\"backwinkel-blog-unterrichtsplanung-wegweiser-zur-planung\" width=\"700\" height=\"80\" srcset=\"https:\/\/www.backwinkel.de\/blog\/wp-content\/uploads\/2019\/11\/backwinkel-blog-unterrichtsplanung-wegweiser-zur-planung.png 1254w, https:\/\/www.backwinkel.de\/blog\/wp-content\/uploads\/2019\/11\/backwinkel-blog-unterrichtsplanung-wegweiser-zur-planung-300x34.png 300w, https:\/\/www.backwinkel.de\/blog\/wp-content\/uploads\/2019\/11\/backwinkel-blog-unterrichtsplanung-wegweiser-zur-planung-1030x117.png 1030w, https:\/\/www.backwinkel.de\/blog\/wp-content\/uploads\/2019\/11\/backwinkel-blog-unterrichtsplanung-wegweiser-zur-planung-768x88.png 768w, https:\/\/www.backwinkel.de\/blog\/wp-content\/uploads\/2019\/11\/backwinkel-blog-unterrichtsplanung-wegweiser-zur-planung-705x80.png 705w\" sizes=\"(max-width: 700px) 100vw, 700px\" \/><\/a><\/p>\n<h3>Wie plane ich kompetenzorientiert?<\/h3>\n<p>Kompetenzorientiertes Unterrichten hat zum Ziel, dass Sch\u00fcler <strong>Kenntnisse und Fertigkeiten<\/strong> erwerben sowie ihre <strong>Einstellungen und Haltungen<\/strong> reflektieren. Im Kern geht es darum, Kindern selbstst\u00e4ndiges Lernen zu erm\u00f6glichen. Formulieren Sie deshalb <strong>pr\u00e4zise<\/strong>, worauf sich der Lernzuwachs richten soll, auf Wissen, Fertigkeiten oder Haltungen.<\/p>\n<p>Wer die Kompetenzorientierung in der Praxis umsetzen will, wird bereits bei der Unterrichtsplanung darauf achten, dass die Lernziele nicht auf reine Inhaltsvermittlung von Fakten und Kenntnissen gerichtet sind, sondern die <strong>Selbstst\u00e4ndigkeit der Sch\u00fcler<\/strong> in den Mittelpunkt stellen.<\/p>\n<p><a href=\"https:\/\/blog.backwinkel.de\/wp-content\/uploads\/2019\/11\/backwinkel-blog-unterrichtsplanung-erklaerung-begriff-kompetenzen.png\"><img decoding=\"async\" class=\"alignnone wp-image-3867\" src=\"https:\/\/blog.backwinkel.de\/wp-content\/uploads\/2019\/11\/backwinkel-blog-unterrichtsplanung-erklaerung-begriff-kompetenzen.png\" alt=\"backwinkel-blog-unterrichtsplanung-erklaerung-begriff-kompetenzen\" width=\"700\" height=\"268\" srcset=\"https:\/\/www.backwinkel.de\/blog\/wp-content\/uploads\/2019\/11\/backwinkel-blog-unterrichtsplanung-erklaerung-begriff-kompetenzen.png 1004w, https:\/\/www.backwinkel.de\/blog\/wp-content\/uploads\/2019\/11\/backwinkel-blog-unterrichtsplanung-erklaerung-begriff-kompetenzen-300x115.png 300w, https:\/\/www.backwinkel.de\/blog\/wp-content\/uploads\/2019\/11\/backwinkel-blog-unterrichtsplanung-erklaerung-begriff-kompetenzen-768x294.png 768w, https:\/\/www.backwinkel.de\/blog\/wp-content\/uploads\/2019\/11\/backwinkel-blog-unterrichtsplanung-erklaerung-begriff-kompetenzen-705x270.png 705w\" sizes=\"(max-width: 700px) 100vw, 700px\" \/><\/a><\/p>\n<h3>Wie sieht die Feinplanung der Stunden aus?<\/h3>\n<p>Bei der Planung von Unterrichtsstunden versuchen Sie, m\u00f6glichst viele Dinge zu ber\u00fccksichtigen, die den Verlauf der Unterrichtseinheit beeinflussen. Unterrichtsplanung verl\u00e4uft dabei nicht linear, sondern h\u00fcpft zwischen den einzelnen Aspekten hin und her.<\/p>\n<p>Die Reflexion zur Planung von Unterrichtsstunden dreht sich um diese Bereiche:<\/p>\n<p><a href=\"https:\/\/blog.backwinkel.de\/wp-content\/uploads\/2019\/11\/backwinkel-blog-unterrichtsplanung-feinplanung-der-unterrichtsstunden.png\"><img decoding=\"async\" class=\"alignnone wp-image-3868\" src=\"https:\/\/blog.backwinkel.de\/wp-content\/uploads\/2019\/11\/backwinkel-blog-unterrichtsplanung-feinplanung-der-unterrichtsstunden.png\" alt=\"backwinkel-blog-unterrichtsplanung-feinplanung-der-unterrichtsstunden\" width=\"494\" height=\"250\" srcset=\"https:\/\/www.backwinkel.de\/blog\/wp-content\/uploads\/2019\/11\/backwinkel-blog-unterrichtsplanung-feinplanung-der-unterrichtsstunden.png 875w, https:\/\/www.backwinkel.de\/blog\/wp-content\/uploads\/2019\/11\/backwinkel-blog-unterrichtsplanung-feinplanung-der-unterrichtsstunden-300x152.png 300w, https:\/\/www.backwinkel.de\/blog\/wp-content\/uploads\/2019\/11\/backwinkel-blog-unterrichtsplanung-feinplanung-der-unterrichtsstunden-768x389.png 768w, https:\/\/www.backwinkel.de\/blog\/wp-content\/uploads\/2019\/11\/backwinkel-blog-unterrichtsplanung-feinplanung-der-unterrichtsstunden-705x357.png 705w\" sizes=\"(max-width: 494px) 100vw, 494px\" \/><\/a><\/p>\n<p>Die einzelnen Planungsbereiche k\u00f6nnen gesondert durchdacht werden, stehen jedoch immer miteinander in Verbindung. Daher m\u00fcssen die <strong>gegenseitigen Bedingungen<\/strong> beachtet werden, um eine optimale Planung zu erreichen.<\/p>\n<p>Bringen Sie Ihre \u00dcberlegungen in eine Struktur, indem Sie das <strong>Lernangebot sinnvoll aufteilen<\/strong> und in den zeitlichen Ablauf der Stunde einordnen. Hierbei geht es um die Frage: Welche T\u00e4tigkeit soll wann ausgef\u00fchrt werden?<\/p>\n<p><strong>Der Verlaufsplan einer Unterrichtsstunde verl\u00e4uft in 5 Phasen: <\/strong><\/p>\n<ol>\n<li>Vorbedingungen erfassen<\/li>\n<li>Vorwissen aktivieren<\/li>\n<li>Informieren<\/li>\n<li>Verarbeiten<\/li>\n<li>Auswerten<\/li>\n<\/ol>\n<\/div><\/section><\/div>\n\n<style type=\"text\/css\" data-created_by=\"avia_inline_auto\" id=\"style-css-av-jlnt0i5o-25-a7548a0d45afd0621f3fc4bd00de6bec\">\n.flex_column.av-jlnt0i5o-25-a7548a0d45afd0621f3fc4bd00de6bec{\nborder-radius:0px 0px 0px 0px;\npadding:10px 10px 10px 10px;\nbackground-color:#f2d1e4;\n}\n<\/style>\n<div  class='flex_column av-jlnt0i5o-25-a7548a0d45afd0621f3fc4bd00de6bec av_two_fifth  avia-builder-el-24  el_after_av_one_full  el_before_av_three_fifth  first flex_column_div  column-top-margin'     ><style type=\"text\/css\" data-created_by=\"avia_inline_auto\" id=\"style-css-av-jkuvcso3-24-682ec6f07b2ff732c128a236d954727a\">\n#top .av_textblock_section.av-jkuvcso3-24-682ec6f07b2ff732c128a236d954727a .avia_textblock{\nfont-size:22px;\n}\n<\/style>\n<section  class='av_textblock_section av-jkuvcso3-24-682ec6f07b2ff732c128a236d954727a '  ><div class='avia_textblock' ><p>Download Raster zur Unterrichtsplanung: Planungs\u00fcbersicht der Stunde<\/p>\n<\/div><\/section><\/div>\n\n<style type=\"text\/css\" data-created_by=\"avia_inline_auto\" id=\"style-css-av-jlnt0i5o-18-1e2b7665d6a3d863cf4571d4fe6d6b0b\">\n.flex_column.av-jlnt0i5o-18-1e2b7665d6a3d863cf4571d4fe6d6b0b{\nborder-radius:0px 0px 0px 0px;\npadding:10px 10px 10px 10px;\nbackground-color:#ffffff;\n}\n<\/style>\n<div  class='flex_column av-jlnt0i5o-18-1e2b7665d6a3d863cf4571d4fe6d6b0b av_three_fifth  avia-builder-el-26  el_after_av_two_fifth  el_before_av_one_full  flex_column_div  column-top-margin'     ><\/div>\n\n<style type=\"text\/css\" data-created_by=\"avia_inline_auto\" id=\"style-css-av-jlnt0i5o-16-fe781a200166c5735e949fe496d15ece\">\n.flex_column.av-jlnt0i5o-16-fe781a200166c5735e949fe496d15ece{\nborder-radius:0px 0px 0px 0px;\npadding:10px 10px 10px 10px;\nbackground-color:#ffffff;\n}\n<\/style>\n<div  class='flex_column av-jlnt0i5o-16-fe781a200166c5735e949fe496d15ece av_one_full  avia-builder-el-27  el_after_av_three_fifth  el_before_av_one_full  first flex_column_div  '     ><section  class='av_textblock_section av-jkuul0eg-20-fb20457ae24b70bdf22a2731f8edbec0 '  ><div class='avia_textblock' ><p><a href=\"https:\/\/blog.backwinkel.de\/wp-content\/uploads\/2019\/12\/backwinkel-blog-unterrichtsplanung-planungsuebersicht.jpg\"><img decoding=\"async\" class=\"alignnone wp-image-3894\" title=\"BACKWINKEL-Raster zur Unterrichtsplanung\" src=\"https:\/\/blog.backwinkel.de\/wp-content\/uploads\/2019\/12\/backwinkel-blog-unterrichtsplanung-planungsuebersicht.jpg\" alt=\"BACKWINKEL-Raster zur Unterrichtsplanung\" width=\"502\" height=\"355\" srcset=\"https:\/\/www.backwinkel.de\/blog\/wp-content\/uploads\/2019\/12\/backwinkel-blog-unterrichtsplanung-planungsuebersicht.jpg 1754w, https:\/\/www.backwinkel.de\/blog\/wp-content\/uploads\/2019\/12\/backwinkel-blog-unterrichtsplanung-planungsuebersicht-300x212.jpg 300w, https:\/\/www.backwinkel.de\/blog\/wp-content\/uploads\/2019\/12\/backwinkel-blog-unterrichtsplanung-planungsuebersicht-1030x728.jpg 1030w, https:\/\/www.backwinkel.de\/blog\/wp-content\/uploads\/2019\/12\/backwinkel-blog-unterrichtsplanung-planungsuebersicht-768x543.jpg 768w, https:\/\/www.backwinkel.de\/blog\/wp-content\/uploads\/2019\/12\/backwinkel-blog-unterrichtsplanung-planungsuebersicht-1536x1086.jpg 1536w, https:\/\/www.backwinkel.de\/blog\/wp-content\/uploads\/2019\/12\/backwinkel-blog-unterrichtsplanung-planungsuebersicht-1500x1060.jpg 1500w, https:\/\/www.backwinkel.de\/blog\/wp-content\/uploads\/2019\/12\/backwinkel-blog-unterrichtsplanung-planungsuebersicht-260x185.jpg 260w, https:\/\/www.backwinkel.de\/blog\/wp-content\/uploads\/2019\/12\/backwinkel-blog-unterrichtsplanung-planungsuebersicht-705x498.jpg 705w\" sizes=\"(max-width: 502px) 100vw, 502px\" \/><\/a><\/p>\n<div  class='avia-button-wrap av-29z0hl-409cdaf4c4a32ea7ae09b2620580c1cd-wrap avia-button-left  avia-builder-el-29  avia-builder-el-no-sibling '><a href='https:\/\/www.backwinkel.de\/downloads\/backwinkel-blog-unterrichtsplanung-planungsuebersicht.pdf'  class='avia-button av-29z0hl-409cdaf4c4a32ea7ae09b2620580c1cd av-link-btn avia-icon_select-no avia-size-large avia-position-left avia-color-theme-color'  target=\"_blank\"  rel=\"noopener noreferrer\"  aria-label=\"Raster zur Unterrichtsplanung \u2013 Download\"><span class='avia_iconbox_title' >Raster zur Unterrichtsplanung \u2013 Download<\/span><\/a><\/div>\n<\/div><\/section><\/div>\n\n<style type=\"text\/css\" data-created_by=\"avia_inline_auto\" id=\"style-css-av-hh5al-21-2481791bc5f8912a600c61e6f8c44f00\">\n.flex_column.av-hh5al-21-2481791bc5f8912a600c61e6f8c44f00{\nborder-radius:0px 0px 0px 0px;\npadding:0px 0px 0px 0px;\n}\n<\/style>\n<div  class='flex_column av-hh5al-21-2481791bc5f8912a600c61e6f8c44f00 av_one_full  avia-builder-el-30  el_after_av_one_full  el_before_av_one_full  first flex_column_div av-zero-column-padding  column-top-margin'     ><section  class='av_textblock_section av-jkuul0eg-14-fc0fc99e48d8c5c782b0c333d9e1a3f2 '  ><div class='avia_textblock' ><p>Die im Rahmenlehrplan geforderten Kompetenzen sind oft zu weitl\u00e4ufig, um damit eine konkrete Unterrichtseinheit zu gestalten. Daher empfiehlt es sich, <strong>eine Teilkompetenz<\/strong> des Kompetenzbereichs auszuw\u00e4hlen und in den Mittelpunkt einer Unterrichtsstunde zu stellen.<\/p>\n<p>Bedenken Sie dabei, dass die Sch\u00fcler zur Erarbeitung einer bestimmten Teilkompetenz auch <strong>Teilkompetenzen aus anderen Bereichen<\/strong> ben\u00f6tigen, etwa wenn sie Sachtexte lesen, untersuchen und beurteilen sollen. Legen Sie Ihre Unterrichtsplanung und Materialauswahl so an, dass nicht zu viele Nebenschaupl\u00e4tze vom Hauptziel ablenken.<\/p>\n<\/div><\/section><\/div>\n\n<style type=\"text\/css\" data-created_by=\"avia_inline_auto\" id=\"style-css-av-jlnt0i5o-15-0ad5300471ecdcb0fe633c0fbab96de6\">\n.flex_column.av-jlnt0i5o-15-0ad5300471ecdcb0fe633c0fbab96de6{\nborder-radius:0px 0px 0px 0px;\npadding:10px 10px 10px 10px;\nbackground-color:#e0f1b4;\n}\n<\/style>\n<div  class='flex_column av-jlnt0i5o-15-0ad5300471ecdcb0fe633c0fbab96de6 av_one_full  avia-builder-el-32  el_after_av_one_full  el_before_av_one_full  first flex_column_div  column-top-margin'     ><style type=\"text\/css\" data-created_by=\"avia_inline_auto\" id=\"style-css-av-jkuvcso3-17-9b41e3dbcdcd5b060b5e8e115938f7ca\">\n#top .av_textblock_section.av-jkuvcso3-17-9b41e3dbcdcd5b060b5e8e115938f7ca .avia_textblock{\nfont-size:22px;\n}\n<\/style>\n<section  class='av_textblock_section av-jkuvcso3-17-9b41e3dbcdcd5b060b5e8e115938f7ca '  ><div class='avia_textblock' ><p><strong>Tipp:<\/strong> Stellen Sie in jeder Phase einen konkreten <strong>Bezug zur Lebenswelt der Kinder<\/strong> her. So erkennen die Sch\u00fcler den Nutzen ihres Denkens und Tuns f\u00fcr ihr pers\u00f6nliches Leben.<\/p>\n<\/div><\/section><\/div>\n\n<style type=\"text\/css\" data-created_by=\"avia_inline_auto\" id=\"style-css-av-hh5al-13-e21e960e9e28fb772abd7b1cb346790c\">\n.flex_column.av-hh5al-13-e21e960e9e28fb772abd7b1cb346790c{\nborder-radius:0px 0px 0px 0px;\npadding:0px 0px 0px 0px;\n}\n<\/style>\n<div  class='flex_column av-hh5al-13-e21e960e9e28fb772abd7b1cb346790c av_one_full  avia-builder-el-34  el_after_av_one_full  el_before_av_two_fifth  first flex_column_div av-zero-column-padding  column-top-margin'     ><section  class='av_textblock_section av-jkuul0eg-12-6761e14439d08603f245d38a3bc330d7 '  ><div class='avia_textblock' >\n<style type=\"text\/css\" data-created_by=\"avia_inline_auto\" id=\"style-css-av-7c7r8-19-ea659dc06affb0734fa617e22634cc6f\">\n#top .hr.hr-invisible.av-7c7r8-19-ea659dc06affb0734fa617e22634cc6f{\nheight:20px;\n}\n<\/style>\n<div  class='hr av-7c7r8-19-ea659dc06affb0734fa617e22634cc6f hr-invisible  avia-builder-el-36  avia-builder-el-no-sibling '><span class='hr-inner '><span class=\"hr-inner-style\"><\/span><\/span><\/div>\n<h2 id=\"3\" class=\"position\">Tipps f\u00fcr die zeitsparende Unterrichtsplanung<\/h2>\n<p>Im Verlauf der Lehrerausbildung investieren Sie viel Zeit und M\u00fche in Unterrichtsentw\u00fcrfe. Zum Gl\u00fcck geht Ihnen mit wachsender Erfahrung vieles leichter von der Hand. Ob ausf\u00fchrlicher Unterrichtsentwurf oder Kurzfassung \u2013 die t\u00e4gliche Unterrichtsvorbereitung geh\u00f6rt zum Lehrerberuf.<\/p>\n<p>Wichtig ist, dass Sie alles <strong>\u00fcbersichtlich notieren<\/strong>. Zur detaillierten Stundenplanung eignet sich das Planungsraster aus Ihrem Studienseminar. Mit etwas Routine reicht <strong>eine vereinfachte Tabelle<\/strong> im Schulalltag meistens aus. Damit k\u00f6nnen Sie auch kurz vor dem Unterricht noch schnell einen Blick auf die Stunde werfen.<\/p>\n<p>Ein konzentrierter Verlaufsplan der ganzen Unterrichtseinheit gibt eine gute \u00dcbersicht \u00fcber Ziele, T\u00e4tigkeiten und Materialien.<\/p>\n<\/div><\/section><\/div>\n\n<style type=\"text\/css\" data-created_by=\"avia_inline_auto\" id=\"style-css-av-jlnt0i5o-11-70994b708b7ee1d04b417b44e890122e\">\n.flex_column.av-jlnt0i5o-11-70994b708b7ee1d04b417b44e890122e{\nborder-radius:0px 0px 0px 0px;\npadding:10px 10px 10px 10px;\nbackground-color:#f2d1e4;\n}\n<\/style>\n<div  class='flex_column av-jlnt0i5o-11-70994b708b7ee1d04b417b44e890122e av_two_fifth  avia-builder-el-37  el_after_av_one_full  el_before_av_one_full  first flex_column_div  column-top-margin'     ><style type=\"text\/css\" data-created_by=\"avia_inline_auto\" id=\"style-css-av-jkuvcso3-10-5b04227c9e3b35a0bc51545fb809858f\">\n#top .av_textblock_section.av-jkuvcso3-10-5b04227c9e3b35a0bc51545fb809858f .avia_textblock{\nfont-size:22px;\n}\n<\/style>\n<section  class='av_textblock_section av-jkuvcso3-10-5b04227c9e3b35a0bc51545fb809858f '  ><div class='avia_textblock' ><p>Download Planungsraster: Verlaufsplan der Unterrichtseinheit<\/p>\n<\/div><\/section><\/div>\n\n<style type=\"text\/css\" data-created_by=\"avia_inline_auto\" id=\"style-css-av-hh5al-9-2962b116a3b737ca41d9b8838d532d10\">\n.flex_column.av-hh5al-9-2962b116a3b737ca41d9b8838d532d10{\nborder-radius:0px 0px 0px 0px;\npadding:0px 0px 0px 0px;\n}\n<\/style>\n<div  class='flex_column av-hh5al-9-2962b116a3b737ca41d9b8838d532d10 av_one_full  avia-builder-el-39  el_after_av_two_fifth  el_before_av_one_full  first flex_column_div av-zero-column-padding  '     ><section  class='av_textblock_section av-jkuul0eg-8-48b4339812d831226fbb0602b6d04cea '  ><div class='avia_textblock' ><p><a href=\"https:\/\/blog.backwinkel.de\/wp-content\/uploads\/2019\/11\/backwinkel-blog-unterrichtsplanung-verlaufsplan-der-unterrichtseinheit.jpg\"><img decoding=\"async\" class=\"alignnone wp-image-3870\" title=\"BACKWINKEL-Verlaufsplan der Unterrichtseinheit\" src=\"https:\/\/blog.backwinkel.de\/wp-content\/uploads\/2019\/11\/backwinkel-blog-unterrichtsplanung-verlaufsplan-der-unterrichtseinheit.jpg\" alt=\"backwinkel-blog-unterrichtsplanung-verlaufsplan-der-unterrichtseinheit\" width=\"354\" height=\"501\" \/><\/a><\/p>\n<div  class='avia-button-wrap av-7wow95-000e22ec3f4de91be25ff938324f65e6-wrap avia-button-left  avia-builder-el-41  avia-builder-el-no-sibling '><a href='https:\/\/www.backwinkel.de\/downloads\/backwinkel-blog-unterrichtsplanung-verlaufsplan-der-unterrichtseinheit.pdf'  class='avia-button av-7wow95-000e22ec3f4de91be25ff938324f65e6 av-link-btn avia-icon_select-no avia-size-large avia-position-left avia-color-theme-color'  target=\"_blank\"  rel=\"noopener noreferrer\"  aria-label=\"Verlaufsplan der Unterrichtseinheit \u2013 Download\"><span class='avia_iconbox_title' >Verlaufsplan der Unterrichtseinheit \u2013 Download<\/span><\/a><\/div>\n<\/div><\/section><\/div>\n\n<style type=\"text\/css\" data-created_by=\"avia_inline_auto\" id=\"style-css-av-hh5al-4-4fa402cbcd209d48c6efa26899dae548\">\n.flex_column.av-hh5al-4-4fa402cbcd209d48c6efa26899dae548{\nborder-radius:0px 0px 0px 0px;\npadding:0px 0px 0px 0px;\n}\n<\/style>\n<div  class='flex_column av-hh5al-4-4fa402cbcd209d48c6efa26899dae548 av_one_full  avia-builder-el-42  el_after_av_one_full  el_before_av_one_full  first flex_column_div av-zero-column-padding  column-top-margin'     ><section  class='av_textblock_section av-jkuul0eg-3-5206566217305fb2dd4b5195a7a30e9f '  ><div class='avia_textblock' ><p>Es ist sehr sinnvoll, dass Sie sich eine <strong>Materialbox<\/strong> anlegen. So k\u00f6nnen Sie jederzeit schnell auf diesen Fundus an Ideen, fertigen Arbeitsbl\u00e4ttern und Unterrichtsmaterialien, bei denen der Einsatz gut geklappt hat, zur\u00fcckgreifen.<\/p>\n\n<style type=\"text\/css\" data-created_by=\"avia_inline_auto\" id=\"style-css-av-7c7r8-7-7b8aac9a31b315475b2e9800d0d8021d\">\n#top .hr.hr-invisible.av-7c7r8-7-7b8aac9a31b315475b2e9800d0d8021d{\nheight:20px;\n}\n<\/style>\n<div  class='hr av-7c7r8-7-7b8aac9a31b315475b2e9800d0d8021d hr-invisible  avia-builder-el-44  avia-builder-el-no-sibling '><span class='hr-inner '><span class=\"hr-inner-style\"><\/span><\/span><\/div>\n<h2 id=\"4\" class=\"position\">Unterrichtsplanung Schritt f\u00fcr Schritt<\/h2>\n<p>Die wichtigsten Elemente kurz zusammengefasst:<\/p>\n<ol>\n<li>Formulieren Sie <strong>ein Lernziel<\/strong>, das nach der Unterrichtseinheit erreicht sein soll. Dieses Ziel ber\u00fccksichtigen Sie konsequent bei der gesamten Unterrichtsvorbereitung.<\/li>\n<li>Ordnen Sie Ihr <strong>Unterrichtsmaterial<\/strong> nach Einstiegsphase, Erarbeitungsphase und Sicherungsphase. Nicht nur jede Einzelstunde, auch die Unterrichtseinheit insgesamt sollte diesen Verlauf haben. Das Anforderungsniveau steigt dabei sukzessive an.<\/li>\n<li>Formulieren Sie <strong>Teilziele<\/strong> f\u00fcr die Einzelstunden. Legen Sie fest, welche Materialien in welcher Stunde zum Einsatz kommen sollen. Prinzipiell gilt: Zur Themeneinf\u00fchrung geh\u00f6ren leichte Aufgaben, anspruchsvolle T\u00e4tigkeiten hingegen in die Erarbeitungsphase.<\/li>\n<li>Danach machen Sie sich an die <strong>konkrete Gestaltung<\/strong> jeder Stunde. Wie sollen die einzelnen Phasen aussehen? Welche Medien werden ben\u00f6tigt? Packen Sie die Stunde nicht zu voll. Realistisch ist <strong>eine<\/strong> inhaltsbezogene Kompetenz, passend dazu <strong>eine<\/strong> prozessbezogene Kompetenz.<\/li>\n<\/ol>\n<\/div><\/section><\/div>\n\n<style type=\"text\/css\" data-created_by=\"avia_inline_auto\" id=\"style-css-av-jlnt0i5o-6-97ba52484d07eceba87683dd66752875\">\n.flex_column.av-jlnt0i5o-6-97ba52484d07eceba87683dd66752875{\nborder-radius:0px 0px 0px 0px;\npadding:10px 10px 10px 10px;\nbackground-color:#e0f1b4;\n}\n<\/style>\n<div  class='flex_column av-jlnt0i5o-6-97ba52484d07eceba87683dd66752875 av_one_full  avia-builder-el-45  el_after_av_one_full  el_before_av_one_full  first flex_column_div  column-top-margin'     ><style type=\"text\/css\" data-created_by=\"avia_inline_auto\" id=\"style-css-av-jkuvcso3-5-4f6687e47ffb6a57b8e56b05b9711f69\">\n#top .av_textblock_section.av-jkuvcso3-5-4f6687e47ffb6a57b8e56b05b9711f69 .avia_textblock{\nfont-size:22px;\n}\n<\/style>\n<section  class='av_textblock_section av-jkuvcso3-5-4f6687e47ffb6a57b8e56b05b9711f69 '  ><div class='avia_textblock' ><p><strong>Tipp:<\/strong> Planen Sie eine zeitliche Reserve ein. Jeder noch so perfekte Unterrichtsentwurf ist immer nur vorl\u00e4ufig. Oft zeigt sich erst im Unterricht, was noch vertieft werden muss, oder es tauchen weiterf\u00fchrende Fragen der Sch\u00fcler auf. Mit einem Zeitpolster k\u00f6nnen Sie flexibel auf die Ideen der Kinder eingehen.<\/p>\n<\/div><\/section><\/div>\n\n<style type=\"text\/css\" data-created_by=\"avia_inline_auto\" id=\"style-css-av-jley1l06-be8863a15e87d33f314fbd4b76b14014\">\n.flex_column.av-jley1l06-be8863a15e87d33f314fbd4b76b14014{\nborder-radius:0px 0px 0px 0px;\npadding:10px 10px 10px 10px;\nbackground-color:#f2f2f2;\n}\n<\/style>\n<div  class='flex_column av-jley1l06-be8863a15e87d33f314fbd4b76b14014 av_one_full  avia-builder-el-47  el_after_av_one_full  el_before_av_one_full  first flex_column_div  column-top-margin'     ><section  class='av_textblock_section av-jkuvcso3-2-3a613035df9c5f5917d65bd98deda983 '  ><div class='avia_textblock' ><p class=\"fussnoten-quellen\"><strong>Zum Weiterlesen: <\/strong><br \/>\nEckhard Klieme u. a.: Zur Entwicklung nationaler Bildungsstandards. Eine Expertise. Herausgegeben vom Bundesministerium f\u00fcr Bildung und Forschung, Berlin 2003.<\/p>\n<p class=\"fussnoten-quellen\">Rainer Maras, Josef Ametsbichler, Andrea Ostermann: Unterrichtsgestaltung in der Grundschule \u2013 ein Handbuch. Augsburg: Auer 2019.<\/p>\n<p class=\"fussnoten-quellen\">Hilbert Meyer: Leitfaden Unterrichtsvorbereitung. Berlin: Cornelsen <sup>9<\/sup>2014.<\/p>\n<p class=\"fussnoten-quellen\">Franz E. Weinert (Hrsg.): Leistungsmessung in der Schule. Weinheim: Beltz 2014.<\/p>\n<p class=\"fussnoten-quellen\">Werner Wiater: Unterrichtsplanung. Pr\u00fcfungswissen \u2013 Basiswissen Schulp\u00e4dagogik. Augsburg: Auer <sup>3<\/sup>2015.<\/p>\n<\/div><\/section><\/div>\n\n<style type=\"text\/css\" data-created_by=\"avia_inline_auto\" id=\"style-css-av-1p82t-b0e9719fe6c67aa5c6d1abf813961e55\">\n.flex_column.av-1p82t-b0e9719fe6c67aa5c6d1abf813961e55{\nborder-radius:0px 0px 0px 0px;\npadding:0px 0px 0px 0px;\n}\n<\/style>\n<div  class='flex_column av-1p82t-b0e9719fe6c67aa5c6d1abf813961e55 av_one_full  avia-builder-el-49  el_after_av_one_full  avia-builder-el-last  first flex_column_div av-zero-column-padding  column-top-margin'     ><p><section  class='av_textblock_section av-jlp4hxqo-91baaad30cd61f89630d15f8561d1750 '  ><div class='avia_textblock' ><div class=\"shariff shariff-align-left shariff-widget-align-left\"><ul class=\"shariff-buttons theme-color orientation-horizontal buttonsize-medium\"><li class=\"shariff-button whatsapp shariff-nocustomcolor\" style=\"background-color:#5cbe4a\"><a href=\"https:\/\/api.whatsapp.com\/send?text=https%3A%2F%2Fwww.backwinkel.de%2Fblog%2Funterrichtsplanung%2F%20Unterrichtsplanung%20einfach%20gut%3A\" title=\"Bei Whatsapp teilen\" aria-label=\"Bei Whatsapp teilen\" role=\"button\" rel=\"noopener nofollow\" class=\"shariff-link\" style=\"; background-color:#34af23; color:#fff\" target=\"_blank\"><span class=\"shariff-icon\" style=\"\"><svg width=\"32px\" height=\"20px\" xmlns=\"http:\/\/www.w3.org\/2000\/svg\" viewBox=\"0 0 32 32\"><path fill=\"#34af23\" d=\"M17.6 17.4q0.2 0 1.7 0.8t1.6 0.9q0 0.1 0 0.3 0 0.6-0.3 1.4-0.3 0.7-1.3 1.2t-1.8 0.5q-1 0-3.4-1.1-1.7-0.8-3-2.1t-2.6-3.3q-1.3-1.9-1.3-3.5v-0.1q0.1-1.6 1.3-2.8 0.4-0.4 0.9-0.4 0.1 0 0.3 0t0.3 0q0.3 0 0.5 0.1t0.3 0.5q0.1 0.4 0.6 1.6t0.4 1.3q0 0.4-0.6 1t-0.6 0.8q0 0.1 0.1 0.3 0.6 1.3 1.8 2.4 1 0.9 2.7 1.8 0.2 0.1 0.4 0.1 0.3 0 1-0.9t0.9-0.9zM14 26.9q2.3 0 4.3-0.9t3.6-2.4 2.4-3.6 0.9-4.3-0.9-4.3-2.4-3.6-3.6-2.4-4.3-0.9-4.3 0.9-3.6 2.4-2.4 3.6-0.9 4.3q0 3.6 2.1 6.6l-1.4 4.2 4.3-1.4q2.8 1.9 6.2 1.9zM14 2.2q2.7 0 5.2 1.1t4.3 2.9 2.9 4.3 1.1 5.2-1.1 5.2-2.9 4.3-4.3 2.9-5.2 1.1q-3.5 0-6.5-1.7l-7.4 2.4 2.4-7.2q-1.9-3.2-1.9-6.9 0-2.7 1.1-5.2t2.9-4.3 4.3-2.9 5.2-1.1z\"\/><\/svg><\/span><span class=\"shariff-text\">teilen<\/span>&nbsp;<\/a><\/li><li class=\"shariff-button facebook shariff-nocustomcolor\" style=\"background-color:#4273c8\"><a href=\"https:\/\/www.facebook.com\/sharer\/sharer.php?u=https%3A%2F%2Fwww.backwinkel.de%2Fblog%2Funterrichtsplanung%2F\" title=\"Bei Facebook teilen\" aria-label=\"Bei Facebook teilen\" role=\"button\" rel=\"nofollow\" class=\"shariff-link\" style=\"; background-color:#3b5998; color:#fff\" target=\"_blank\"><span class=\"shariff-icon\" style=\"\"><svg width=\"32px\" height=\"20px\" xmlns=\"http:\/\/www.w3.org\/2000\/svg\" viewBox=\"0 0 18 32\"><path fill=\"#3b5998\" d=\"M17.1 0.2v4.7h-2.8q-1.5 0-2.1 0.6t-0.5 1.9v3.4h5.2l-0.7 5.3h-4.5v13.6h-5.5v-13.6h-4.5v-5.3h4.5v-3.9q0-3.3 1.9-5.2t5-1.8q2.6 0 4.1 0.2z\"\/><\/svg><\/span><span class=\"shariff-text\">teilen<\/span>&nbsp;<\/a><\/li><li class=\"shariff-button twitter shariff-nocustomcolor\" style=\"background-color:#595959\"><a href=\"https:\/\/twitter.com\/share?url=https%3A%2F%2Fwww.backwinkel.de%2Fblog%2Funterrichtsplanung%2F&text=Unterrichtsplanung%20einfach%20gut%3A\" title=\"Bei X teilen\" aria-label=\"Bei X teilen\" role=\"button\" rel=\"noopener nofollow\" class=\"shariff-link\" style=\"; background-color:#000; color:#fff\" target=\"_blank\"><span class=\"shariff-icon\" style=\"\"><svg width=\"32px\" height=\"20px\" xmlns=\"http:\/\/www.w3.org\/2000\/svg\" viewBox=\"0 0 24 24\"><path fill=\"#000\" d=\"M14.258 10.152L23.176 0h-2.113l-7.747 8.813L7.133 0H0l9.352 13.328L0 23.973h2.113l8.176-9.309 6.531 9.309h7.133zm-2.895 3.293l-.949-1.328L2.875 1.56h3.246l6.086 8.523.945 1.328 7.91 11.078h-3.246zm0 0\"\/><\/svg><\/span><span class=\"shariff-text\">teilen<\/span>&nbsp;<\/a><\/li><li class=\"shariff-button pinterest shariff-nocustomcolor\" style=\"background-color:#e70f18\"><a href=\"https:\/\/www.pinterest.com\/pin\/create\/link\/?url=https%3A%2F%2Fwww.backwinkel.de%2Fblog%2Funterrichtsplanung%2F&media=https%3A%2F%2Fwww.backwinkel.de%2Fblog%2Fwp-content%2Fuploads%2F2019%2F11%2Fbackwinkel-blog-unterrichtsvorbereitung-heroimage.jpg&description=Unterrichtsplanung%20einfach%20gut%3A\" title=\"Bei Pinterest pinnen\" aria-label=\"Bei Pinterest pinnen\" role=\"button\" rel=\"noopener nofollow\" class=\"shariff-link\" style=\"; background-color:#cb2027; color:#fff\" target=\"_blank\"><span class=\"shariff-icon\" style=\"\"><svg width=\"32px\" height=\"20px\" xmlns=\"http:\/\/www.w3.org\/2000\/svg\" viewBox=\"0 0 27 32\"><path fill=\"#cb2027\" d=\"M27.4 16q0 3.7-1.8 6.9t-5 5-6.9 1.9q-2 0-3.9-0.6 1.1-1.7 1.4-2.9 0.2-0.6 1-3.8 0.4 0.7 1.3 1.2t2 0.5q2.1 0 3.8-1.2t2.7-3.4 0.9-4.8q0-2-1.1-3.8t-3.1-2.9-4.5-1.2q-1.9 0-3.5 0.5t-2.8 1.4-2 2-1.2 2.3-0.4 2.4q0 1.9 0.7 3.3t2.1 2q0.5 0.2 0.7-0.4 0-0.1 0.1-0.5t0.2-0.5q0.1-0.4-0.2-0.8-0.9-1.1-0.9-2.7 0-2.7 1.9-4.6t4.9-2q2.7 0 4.2 1.5t1.5 3.8q0 3-1.2 5.2t-3.1 2.1q-1.1 0-1.7-0.8t-0.4-1.9q0.1-0.6 0.5-1.7t0.5-1.8 0.2-1.4q0-0.9-0.5-1.5t-1.4-0.6q-1.1 0-1.9 1t-0.8 2.6q0 1.3 0.4 2.2l-1.8 7.5q-0.3 1.2-0.2 3.2-3.7-1.6-6-5t-2.3-7.6q0-3.7 1.9-6.9t5-5 6.9-1.9 6.9 1.9 5 5 1.8 6.9z\"\/><\/svg><\/span><span class=\"shariff-text\">merken<\/span>&nbsp;<\/a><\/li><li class=\"shariff-button mailto shariff-nocustomcolor\" style=\"background-color:#a8a8a8\"><a href=\"mailto:?body=https%3A%2F%2Fwww.backwinkel.de%2Fblog%2Funterrichtsplanung%2F&subject=Unterrichtsplanung%20einfach%20gut%3A\" title=\"Per E-Mail versenden\" aria-label=\"Per E-Mail versenden\" role=\"button\" rel=\"noopener nofollow\" class=\"shariff-link\" style=\"; background-color:#999; color:#fff\"><span class=\"shariff-icon\" style=\"\"><svg width=\"32px\" height=\"20px\" xmlns=\"http:\/\/www.w3.org\/2000\/svg\" viewBox=\"0 0 32 32\"><path fill=\"#999\" d=\"M32 12.7v14.2q0 1.2-0.8 2t-2 0.9h-26.3q-1.2 0-2-0.9t-0.8-2v-14.2q0.8 0.9 1.8 1.6 6.5 4.4 8.9 6.1 1 0.8 1.6 1.2t1.7 0.9 2 0.4h0.1q0.9 0 2-0.4t1.7-0.9 1.6-1.2q3-2.2 8.9-6.1 1-0.7 1.8-1.6zM32 7.4q0 1.4-0.9 2.7t-2.2 2.2q-6.7 4.7-8.4 5.8-0.2 0.1-0.7 0.5t-1 0.7-0.9 0.6-1.1 0.5-0.9 0.2h-0.1q-0.4 0-0.9-0.2t-1.1-0.5-0.9-0.6-1-0.7-0.7-0.5q-1.6-1.1-4.7-3.2t-3.6-2.6q-1.1-0.7-2.1-2t-1-2.5q0-1.4 0.7-2.3t2.1-0.9h26.3q1.2 0 2 0.8t0.9 2z\"\/><\/svg><\/span><span class=\"shariff-text\">E-Mail<\/span>&nbsp;<\/a><\/li><\/ul><\/div>\n<\/div><\/section><br \/>\n<div  class='tabcontainer av-jlq8shhr-b676e11701d9718d755b04dc68ac4c10 top_tab  avia-builder-el-51  el_after_av_textblock  el_before_av_hr '>\n<section class='av_tab_section av_tab_section av-4w8jsn-17d4c89754803ac141d68451b8b1d1a6' ><div id='tab-id-1-tab' class='tab active_tab' role='tab' aria-selected=\"true\" tabindex=\"0\" data-fake-id='#tab-id-1' aria-controls='tab-id-1-content' >Das BACKWINKEL-Blog-Team:<\/div><div id='tab-id-1-content' class='tab_content active_tab_content' role='tabpanel' aria-labelledby='tab-id-1-tab' aria-hidden=\"false\"><div class='tab_inner_content invers-color' ><p><img decoding=\"async\" class=\"wp-image-1768 alignleft\" title=\"BACKWINKEL-Blog \u2013 Das Team\" src=\"https:\/\/blog.backwinkel.de\/wp-content\/uploads\/2018\/10\/backwinkel-blog-autorenbox-intern_preview-300x198.jpg\" alt=\"\" width=\"300\" height=\"198\" \/>Gibts auch ein Gesicht hinter dem BACKWINKEL-Blog? Ja. Vier ?. Drei davon sogar mit Foto.<\/p>\n<p><span style=\"font-style: inherit !important; font-weight: inherit !important;\">Wir \u2013 Lukas, Tatjana, Stefan und Christine \u2013 bespielen unseren Blog unter dem Motto LACHEN LESEN LERNEN. <\/span><\/p>\n<p><span style=\"font-style: inherit !important; font-weight: inherit !important;\">Lukas kennt sich online so gut aus wie in seiner Westentasche und findet immer spannende Themen, w\u00e4hrend Stefan unseren Beitr\u00e4gen den passenden gestalterischen Rahmen gibt und Tatjana mit dem gr\u00fcnen Korrekturstift alles pr\u00fcfend be\u00e4ugt, was unsere Autorin Christine (und gern auch Gastautoren) f\u00fcr den BACKWINKEL-Blog nach ordentlicher Recherche schreibt.<\/span><\/p>\n<p>Gemeinsam suchen wir st\u00e4ndig nach neuen, aufregenden Themen rund um das Thema Bildung im Kiga, der Schule und zu Hause. Und weil Sie da an der Quelle sitzen, freuen wir uns auf Ihre konstruktiven R\u00fcckmeldungen und Anregungen an <a href=\"mailto:blog@backwinkel.de\">blog@backwinkel.de<\/a><\/p>\n<p>Viel Spa\u00df beim LACHEN LESEN LERNEN!<\/p>\n<\/div><\/div><\/section>\n<\/div><br \/>\n\n<style type=\"text\/css\" data-created_by=\"avia_inline_auto\" id=\"style-css-av-jkuvdh82-b6ea5d9aca5d02d0d62bf300de93e492\">\n#top .hr.av-jkuvdh82-b6ea5d9aca5d02d0d62bf300de93e492{\nmargin-top:10px;\nmargin-bottom:10px;\n}\n.hr.av-jkuvdh82-b6ea5d9aca5d02d0d62bf300de93e492 .hr-inner{\nwidth:500;\n}\n<\/style>\n<div  class='hr av-jkuvdh82-b6ea5d9aca5d02d0d62bf300de93e492 hr-custom  avia-builder-el-52  el_after_av_tab_container  el_before_av_heading  hr-left hr-icon-no'><span class='hr-inner inner-border-av-border-thin'><span class=\"hr-inner-style\"><\/span><\/span><\/div><br \/>\n\n<style type=\"text\/css\" data-created_by=\"avia_inline_auto\" id=\"style-css-av-2rgq8p-eea5960d1a3bca7958b11dcc59b35b67\">\n#top .av-special-heading.av-2rgq8p-eea5960d1a3bca7958b11dcc59b35b67{\npadding-bottom:10px;\n}\nbody .av-special-heading.av-2rgq8p-eea5960d1a3bca7958b11dcc59b35b67 .av-special-heading-tag .heading-char{\nfont-size:25px;\n}\n.av-special-heading.av-2rgq8p-eea5960d1a3bca7958b11dcc59b35b67 .av-subheading{\nfont-size:15px;\n}\n<\/style>\n<div  class='av-special-heading av-2rgq8p-eea5960d1a3bca7958b11dcc59b35b67 av-special-heading-h3 blockquote modern-quote  avia-builder-el-53  el_after_av_hr  el_before_av_blog '><h3 class='av-special-heading-tag '  >PASSENDE BEITR\u00c4GE<\/h3><div class=\"special-heading-border\"><div class=\"special-heading-inner-border\"><\/div><\/div><\/div><br \/>\n<div  data-slideshow-options=\"{&quot;animation&quot;:&quot;fade&quot;,&quot;autoplay&quot;:false,&quot;loop_autoplay&quot;:&quot;once&quot;,&quot;interval&quot;:5,&quot;loop_manual&quot;:&quot;manual-endless&quot;,&quot;autoplay_stopper&quot;:false,&quot;noNavigation&quot;:false,&quot;show_slide_delay&quot;:90}\" class='avia-content-slider avia-content-grid-active avia-content-slider1 avia-content-slider-odd  avia-builder-el-54  el_after_av_heading  avia-builder-el-last  av-slideshow-ui av-control-default   av-no-slider-navigation av-slideshow-manual av-loop-once av-loop-manual-endless ' ><div class=\"avia-content-slider-inner\"><div class=\"slide-entry-wrap\"><article class='slide-entry flex_column  post-entry post-entry-18633 slide-entry-overview slide-loop-1 slide-parity-odd  av_one_third first real-thumbnail posttype-post post-format-standard' ><a href='https:\/\/www.backwinkel.de\/blog\/plastik-recyceln\/' data-rel='slide-1' class='slide-image' title='Plastik recyceln'><img decoding=\"async\" fetchpriority=\"high\" width=\"1200\" height=\"628\" src=\"https:\/\/www.backwinkel.de\/blog\/wp-content\/uploads\/2026\/04\/04_Kiga_Plastik_nachhaltig_nutzen.jpg\" class=\"wp-image-18713 avia-img-lazy-loading-not-18713 attachment-no scaling size-no scaling wp-post-image\" alt=\"\" \/><\/a><div class=\"slide-content\"><header class=\"entry-content-header\" aria-label=\"Slide: Plastik recyceln\"><h3 class='slide-entry-title entry-title ' ><a href='https:\/\/www.backwinkel.de\/blog\/plastik-recyceln\/' title='Plastik recyceln'>Plastik recyceln<\/a><\/h3><span class=\"blog-categories minor-meta\"><a href=\"https:\/\/www.backwinkel.de\/blog\/category\/kindergarten-kita\/\" rel=\"tag\">Kindergarten<\/a> <\/span><span class=\"av-vertical-delimiter\"><\/span><\/header><div class='slide-entry-excerpt entry-content' >Biokunststoff f\u00fcr St\u00fchle, Materialboxen, Spielzeug und Rucks\u00e4cke<\/div><\/div><footer class=\"entry-footer\"><div class=\"slide-meta\"><time class='slide-meta-time updated' >14. April 2026<\/time><\/div><\/footer><\/article><article class='slide-entry flex_column  post-entry post-entry-18716 slide-entry-overview slide-loop-2 slide-parity-even  av_one_third  real-thumbnail posttype-post post-format-standard' ><a href='https:\/\/www.backwinkel.de\/blog\/rechnen-im-anfangsunterricht\/' data-rel='slide-1' class='slide-image' title='Rechnen im Anfangsunterricht'><img decoding=\"async\" fetchpriority=\"high\" width=\"1200\" height=\"628\" src=\"https:\/\/www.backwinkel.de\/blog\/wp-content\/uploads\/2026\/04\/04_Schule_Rechnen_anfangsunterricht.jpg\" class=\"wp-image-18748 avia-img-lazy-loading-not-18748 attachment-no scaling size-no scaling wp-post-image\" alt=\"\" \/><\/a><div class=\"slide-content\"><header class=\"entry-content-header\" aria-label=\"Slide: Rechnen im Anfangsunterricht\"><h3 class='slide-entry-title entry-title ' ><a href='https:\/\/www.backwinkel.de\/blog\/rechnen-im-anfangsunterricht\/' title='Rechnen im Anfangsunterricht'>Rechnen im Anfangsunterricht<\/a><\/h3><span class=\"blog-categories minor-meta\"><a href=\"https:\/\/www.backwinkel.de\/blog\/category\/schule-grundschule\/\" rel=\"tag\">Schule<\/a> <\/span><span class=\"av-vertical-delimiter\"><\/span><\/header><div class='slide-entry-excerpt entry-content' >Das Klassenzimmer als Lernlandschaft<\/div><\/div><footer class=\"entry-footer\"><div class=\"slide-meta\"><time class='slide-meta-time updated' >14. April 2026<\/time><\/div><\/footer><\/article><article class='slide-entry flex_column  post-entry post-entry-18372 slide-entry-overview slide-loop-3 slide-parity-odd  post-entry-last  av_one_third  real-thumbnail posttype-post post-format-standard' ><a href='https:\/\/www.backwinkel.de\/blog\/kranke-kinder-im-kindergarten\/' data-rel='slide-1' class='slide-image' title='Kranke Kinder im Kindergarten'><img decoding=\"async\" fetchpriority=\"high\" width=\"1200\" height=\"628\" src=\"https:\/\/www.backwinkel.de\/blog\/wp-content\/uploads\/2026\/03\/03_Kiga_Kranke_Kinder.jpg\" class=\"wp-image-18451 avia-img-lazy-loading-not-18451 attachment-no scaling size-no scaling wp-post-image\" alt=\"Thema: Kranke Kinder. Auf dem Bild ist ein krankes kleines M\u00e4dchen zu sehen. Eine Frau mit einem Fieberthermometer in der Hand sitzt neben ihr und hat die Hand auf der Stirn des M\u00e4dchens.\" \/><\/a><div class=\"slide-content\"><header class=\"entry-content-header\" aria-label=\"Slide: Kranke Kinder im Kindergarten\"><h3 class='slide-entry-title entry-title ' ><a href='https:\/\/www.backwinkel.de\/blog\/kranke-kinder-im-kindergarten\/' title='Kranke Kinder im Kindergarten'>Kranke Kinder im Kindergarten<\/a><\/h3><span class=\"blog-categories minor-meta\"><a href=\"https:\/\/www.backwinkel.de\/blog\/category\/kindergarten-kita\/\" rel=\"tag\">Kindergarten<\/a> <\/span><span class=\"av-vertical-delimiter\"><\/span><\/header><div class='slide-entry-excerpt entry-content' >Auswirkungen f\u00fcr Kinder, Eltern und Fachkr\u00e4fte<\/div><\/div><footer class=\"entry-footer\"><div class=\"slide-meta\"><time class='slide-meta-time updated' >9. M\u00e4rz 2026<\/time><\/div><\/footer><\/article><\/div><\/div><\/div><\/p><\/div>\n","protected":false},"excerpt":{"rendered":"<p>So gelingt die zeitsparende Unterrichtsvorbereitung <\/p>\n","protected":false},"author":3,"featured_media":3854,"comment_status":"closed","ping_status":"closed","sticky":false,"template":"","format":"standard","meta":{"inline_featured_image":false,"footnotes":""},"categories":[6],"tags":[],"class_list":["post-3853","post","type-post","status-publish","format-standard","has-post-thumbnail","hentry","category-schule-grundschule"],"yoast_head":"<!-- This site is optimized with the Yoast SEO plugin v27.4 - https:\/\/yoast.com\/product\/yoast-seo-wordpress\/ -->\n<title>Unterrichtsplanung \u00bb Schritt f\u00fcr Schritt guten Unterricht vorbereiten | BACKWINKEL Blog<\/title>\n<meta name=\"description\" content=\"Lesen Sie, worauf es bei der Unterrichtsplanung ankommt und wie Sie dabei zeitsparend vorgehen. \u2713 Planungsraster zum Ausdrucken inklusive. \u2713\" \/>\n<meta name=\"robots\" content=\"index, follow, max-snippet:-1, max-image-preview:large, max-video-preview:-1\" \/>\n<link rel=\"canonical\" href=\"https:\/\/www.backwinkel.de\/blog\/unterrichtsplanung\/\" \/>\n<meta property=\"og:locale\" content=\"de_DE\" \/>\n<meta property=\"og:type\" content=\"article\" \/>\n<meta property=\"og:title\" content=\"Unterrichtsplanung \u00bb Schritt f\u00fcr Schritt guten Unterricht vorbereiten | BACKWINKEL Blog\" \/>\n<meta property=\"og:description\" content=\"Lies in unserem Blog, worauf es bei der Unterrichtsplanung ankommt und wie Du dabei zeitsparend vorgehst. \u2713 Planungsraster zum Ausdrucken inklusive. \u2713\" \/>\n<meta property=\"og:url\" content=\"https:\/\/www.backwinkel.de\/blog\/unterrichtsplanung\/\" \/>\n<meta property=\"og:site_name\" content=\"BACKWINKEL Blog\" \/>\n<meta property=\"article:published_time\" content=\"2019-12-02T09:18:23+00:00\" \/>\n<meta property=\"article:modified_time\" content=\"2026-04-22T08:16:37+00:00\" \/>\n<meta property=\"og:image\" content=\"https:\/\/www.backwinkel.de\/blog\/wp-content\/uploads\/2019\/11\/backwinkel-blog-unterrichtsvorbereitung-heroimage.jpg\" \/>\n\t<meta property=\"og:image:width\" content=\"1200\" \/>\n\t<meta property=\"og:image:height\" content=\"628\" \/>\n\t<meta property=\"og:image:type\" content=\"image\/jpeg\" \/>\n<meta name=\"author\" content=\"BACKWINKEL\" \/>\n<meta name=\"twitter:card\" content=\"summary_large_image\" \/>\n<meta name=\"twitter:label1\" content=\"Verfasst von\" \/>\n\t<meta name=\"twitter:data1\" content=\"BACKWINKEL\" \/>\n\t<meta name=\"twitter:label2\" content=\"Gesch\u00e4tzte Lesezeit\" \/>\n\t<meta name=\"twitter:data2\" content=\"12\u00a0Minuten\" \/>\n<script type=\"application\/ld+json\" class=\"yoast-schema-graph\">{\"@context\":\"https:\\\/\\\/schema.org\",\"@graph\":[{\"@type\":\"Article\",\"@id\":\"https:\\\/\\\/www.backwinkel.de\\\/blog\\\/unterrichtsplanung\\\/#article\",\"isPartOf\":{\"@id\":\"https:\\\/\\\/www.backwinkel.de\\\/blog\\\/unterrichtsplanung\\\/\"},\"author\":{\"name\":\"BACKWINKEL\",\"@id\":\"https:\\\/\\\/www.backwinkel.de\\\/blog\\\/#\\\/schema\\\/person\\\/3d64575316540d25f7866264a4b7cd24\"},\"headline\":\"Unterrichtsplanung einfach gut:\",\"datePublished\":\"2019-12-02T09:18:23+00:00\",\"dateModified\":\"2026-04-22T08:16:37+00:00\",\"mainEntityOfPage\":{\"@id\":\"https:\\\/\\\/www.backwinkel.de\\\/blog\\\/unterrichtsplanung\\\/\"},\"wordCount\":4903,\"image\":{\"@id\":\"https:\\\/\\\/www.backwinkel.de\\\/blog\\\/unterrichtsplanung\\\/#primaryimage\"},\"thumbnailUrl\":\"https:\\\/\\\/www.backwinkel.de\\\/blog\\\/wp-content\\\/uploads\\\/2019\\\/11\\\/backwinkel-blog-unterrichtsvorbereitung-heroimage.jpg\",\"articleSection\":[\"Schule\"],\"inLanguage\":\"de\"},{\"@type\":\"WebPage\",\"@id\":\"https:\\\/\\\/www.backwinkel.de\\\/blog\\\/unterrichtsplanung\\\/\",\"url\":\"https:\\\/\\\/www.backwinkel.de\\\/blog\\\/unterrichtsplanung\\\/\",\"name\":\"Unterrichtsplanung \u00bb Schritt f\u00fcr Schritt guten Unterricht vorbereiten | BACKWINKEL Blog\",\"isPartOf\":{\"@id\":\"https:\\\/\\\/www.backwinkel.de\\\/blog\\\/#website\"},\"primaryImageOfPage\":{\"@id\":\"https:\\\/\\\/www.backwinkel.de\\\/blog\\\/unterrichtsplanung\\\/#primaryimage\"},\"image\":{\"@id\":\"https:\\\/\\\/www.backwinkel.de\\\/blog\\\/unterrichtsplanung\\\/#primaryimage\"},\"thumbnailUrl\":\"https:\\\/\\\/www.backwinkel.de\\\/blog\\\/wp-content\\\/uploads\\\/2019\\\/11\\\/backwinkel-blog-unterrichtsvorbereitung-heroimage.jpg\",\"datePublished\":\"2019-12-02T09:18:23+00:00\",\"dateModified\":\"2026-04-22T08:16:37+00:00\",\"author\":{\"@id\":\"https:\\\/\\\/www.backwinkel.de\\\/blog\\\/#\\\/schema\\\/person\\\/3d64575316540d25f7866264a4b7cd24\"},\"description\":\"Lesen Sie, worauf es bei der Unterrichtsplanung ankommt und wie Sie dabei zeitsparend vorgehen. \u2713 Planungsraster zum Ausdrucken inklusive. \u2713\",\"breadcrumb\":{\"@id\":\"https:\\\/\\\/www.backwinkel.de\\\/blog\\\/unterrichtsplanung\\\/#breadcrumb\"},\"inLanguage\":\"de\",\"potentialAction\":[{\"@type\":\"ReadAction\",\"target\":[\"https:\\\/\\\/www.backwinkel.de\\\/blog\\\/unterrichtsplanung\\\/\"]}]},{\"@type\":\"ImageObject\",\"inLanguage\":\"de\",\"@id\":\"https:\\\/\\\/www.backwinkel.de\\\/blog\\\/unterrichtsplanung\\\/#primaryimage\",\"url\":\"https:\\\/\\\/www.backwinkel.de\\\/blog\\\/wp-content\\\/uploads\\\/2019\\\/11\\\/backwinkel-blog-unterrichtsvorbereitung-heroimage.jpg\",\"contentUrl\":\"https:\\\/\\\/www.backwinkel.de\\\/blog\\\/wp-content\\\/uploads\\\/2019\\\/11\\\/backwinkel-blog-unterrichtsvorbereitung-heroimage.jpg\",\"width\":1200,\"height\":628,\"caption\":\"BACKWINKEL Blog \u2013 Beitrag zum Thema Unterrichtsplanung\"},{\"@type\":\"BreadcrumbList\",\"@id\":\"https:\\\/\\\/www.backwinkel.de\\\/blog\\\/unterrichtsplanung\\\/#breadcrumb\",\"itemListElement\":[{\"@type\":\"ListItem\",\"position\":1,\"name\":\"Startseite\",\"item\":\"https:\\\/\\\/blog.backwinkel.de\\\/aktuelles\\\/\"},{\"@type\":\"ListItem\",\"position\":2,\"name\":\"Unterrichtsplanung einfach gut:\"}]},{\"@type\":\"WebSite\",\"@id\":\"https:\\\/\\\/www.backwinkel.de\\\/blog\\\/#website\",\"url\":\"https:\\\/\\\/www.backwinkel.de\\\/blog\\\/\",\"name\":\"BACKWINKEL Blog\",\"description\":\"f\u00fcr Lehrer, Erzieher und Eltern\",\"potentialAction\":[{\"@type\":\"SearchAction\",\"target\":{\"@type\":\"EntryPoint\",\"urlTemplate\":\"https:\\\/\\\/www.backwinkel.de\\\/blog\\\/?s={search_term_string}\"},\"query-input\":{\"@type\":\"PropertyValueSpecification\",\"valueRequired\":true,\"valueName\":\"search_term_string\"}}],\"inLanguage\":\"de\"},{\"@type\":\"Person\",\"@id\":\"https:\\\/\\\/www.backwinkel.de\\\/blog\\\/#\\\/schema\\\/person\\\/3d64575316540d25f7866264a4b7cd24\",\"name\":\"BACKWINKEL\",\"sameAs\":[\"http:\\\/\\\/www.backwinkel.de\"],\"url\":\"https:\\\/\\\/www.backwinkel.de\\\/blog\\\/author\\\/backwinkel\\\/\"}]}<\/script>\n<!-- \/ Yoast SEO plugin. -->","yoast_head_json":{"title":"Unterrichtsplanung \u00bb Schritt f\u00fcr Schritt guten Unterricht vorbereiten | BACKWINKEL Blog","description":"Lesen Sie, worauf es bei der Unterrichtsplanung ankommt und wie Sie dabei zeitsparend vorgehen. \u2713 Planungsraster zum Ausdrucken inklusive. \u2713","robots":{"index":"index","follow":"follow","max-snippet":"max-snippet:-1","max-image-preview":"max-image-preview:large","max-video-preview":"max-video-preview:-1"},"canonical":"https:\/\/www.backwinkel.de\/blog\/unterrichtsplanung\/","og_locale":"de_DE","og_type":"article","og_title":"Unterrichtsplanung \u00bb Schritt f\u00fcr Schritt guten Unterricht vorbereiten | BACKWINKEL Blog","og_description":"Lies in unserem Blog, worauf es bei der Unterrichtsplanung ankommt und wie Du dabei zeitsparend vorgehst. \u2713 Planungsraster zum Ausdrucken inklusive. \u2713","og_url":"https:\/\/www.backwinkel.de\/blog\/unterrichtsplanung\/","og_site_name":"BACKWINKEL Blog","article_published_time":"2019-12-02T09:18:23+00:00","article_modified_time":"2026-04-22T08:16:37+00:00","og_image":[{"width":1200,"height":628,"url":"https:\/\/www.backwinkel.de\/blog\/wp-content\/uploads\/2019\/11\/backwinkel-blog-unterrichtsvorbereitung-heroimage.jpg","type":"image\/jpeg"}],"author":"BACKWINKEL","twitter_card":"summary_large_image","twitter_misc":{"Verfasst von":"BACKWINKEL","Gesch\u00e4tzte Lesezeit":"12\u00a0Minuten"},"schema":{"@context":"https:\/\/schema.org","@graph":[{"@type":"Article","@id":"https:\/\/www.backwinkel.de\/blog\/unterrichtsplanung\/#article","isPartOf":{"@id":"https:\/\/www.backwinkel.de\/blog\/unterrichtsplanung\/"},"author":{"name":"BACKWINKEL","@id":"https:\/\/www.backwinkel.de\/blog\/#\/schema\/person\/3d64575316540d25f7866264a4b7cd24"},"headline":"Unterrichtsplanung einfach gut:","datePublished":"2019-12-02T09:18:23+00:00","dateModified":"2026-04-22T08:16:37+00:00","mainEntityOfPage":{"@id":"https:\/\/www.backwinkel.de\/blog\/unterrichtsplanung\/"},"wordCount":4903,"image":{"@id":"https:\/\/www.backwinkel.de\/blog\/unterrichtsplanung\/#primaryimage"},"thumbnailUrl":"https:\/\/www.backwinkel.de\/blog\/wp-content\/uploads\/2019\/11\/backwinkel-blog-unterrichtsvorbereitung-heroimage.jpg","articleSection":["Schule"],"inLanguage":"de"},{"@type":"WebPage","@id":"https:\/\/www.backwinkel.de\/blog\/unterrichtsplanung\/","url":"https:\/\/www.backwinkel.de\/blog\/unterrichtsplanung\/","name":"Unterrichtsplanung \u00bb Schritt f\u00fcr Schritt guten Unterricht vorbereiten | BACKWINKEL Blog","isPartOf":{"@id":"https:\/\/www.backwinkel.de\/blog\/#website"},"primaryImageOfPage":{"@id":"https:\/\/www.backwinkel.de\/blog\/unterrichtsplanung\/#primaryimage"},"image":{"@id":"https:\/\/www.backwinkel.de\/blog\/unterrichtsplanung\/#primaryimage"},"thumbnailUrl":"https:\/\/www.backwinkel.de\/blog\/wp-content\/uploads\/2019\/11\/backwinkel-blog-unterrichtsvorbereitung-heroimage.jpg","datePublished":"2019-12-02T09:18:23+00:00","dateModified":"2026-04-22T08:16:37+00:00","author":{"@id":"https:\/\/www.backwinkel.de\/blog\/#\/schema\/person\/3d64575316540d25f7866264a4b7cd24"},"description":"Lesen Sie, worauf es bei der Unterrichtsplanung ankommt und wie Sie dabei zeitsparend vorgehen. \u2713 Planungsraster zum Ausdrucken inklusive. \u2713","breadcrumb":{"@id":"https:\/\/www.backwinkel.de\/blog\/unterrichtsplanung\/#breadcrumb"},"inLanguage":"de","potentialAction":[{"@type":"ReadAction","target":["https:\/\/www.backwinkel.de\/blog\/unterrichtsplanung\/"]}]},{"@type":"ImageObject","inLanguage":"de","@id":"https:\/\/www.backwinkel.de\/blog\/unterrichtsplanung\/#primaryimage","url":"https:\/\/www.backwinkel.de\/blog\/wp-content\/uploads\/2019\/11\/backwinkel-blog-unterrichtsvorbereitung-heroimage.jpg","contentUrl":"https:\/\/www.backwinkel.de\/blog\/wp-content\/uploads\/2019\/11\/backwinkel-blog-unterrichtsvorbereitung-heroimage.jpg","width":1200,"height":628,"caption":"BACKWINKEL Blog \u2013 Beitrag zum Thema Unterrichtsplanung"},{"@type":"BreadcrumbList","@id":"https:\/\/www.backwinkel.de\/blog\/unterrichtsplanung\/#breadcrumb","itemListElement":[{"@type":"ListItem","position":1,"name":"Startseite","item":"https:\/\/blog.backwinkel.de\/aktuelles\/"},{"@type":"ListItem","position":2,"name":"Unterrichtsplanung einfach gut:"}]},{"@type":"WebSite","@id":"https:\/\/www.backwinkel.de\/blog\/#website","url":"https:\/\/www.backwinkel.de\/blog\/","name":"BACKWINKEL Blog","description":"f\u00fcr Lehrer, Erzieher und Eltern","potentialAction":[{"@type":"SearchAction","target":{"@type":"EntryPoint","urlTemplate":"https:\/\/www.backwinkel.de\/blog\/?s={search_term_string}"},"query-input":{"@type":"PropertyValueSpecification","valueRequired":true,"valueName":"search_term_string"}}],"inLanguage":"de"},{"@type":"Person","@id":"https:\/\/www.backwinkel.de\/blog\/#\/schema\/person\/3d64575316540d25f7866264a4b7cd24","name":"BACKWINKEL","sameAs":["http:\/\/www.backwinkel.de"],"url":"https:\/\/www.backwinkel.de\/blog\/author\/backwinkel\/"}]}},"_links":{"self":[{"href":"https:\/\/www.backwinkel.de\/blog\/wp-json\/wp\/v2\/posts\/3853","targetHints":{"allow":["GET"]}}],"collection":[{"href":"https:\/\/www.backwinkel.de\/blog\/wp-json\/wp\/v2\/posts"}],"about":[{"href":"https:\/\/www.backwinkel.de\/blog\/wp-json\/wp\/v2\/types\/post"}],"author":[{"embeddable":true,"href":"https:\/\/www.backwinkel.de\/blog\/wp-json\/wp\/v2\/users\/3"}],"replies":[{"embeddable":true,"href":"https:\/\/www.backwinkel.de\/blog\/wp-json\/wp\/v2\/comments?post=3853"}],"version-history":[{"count":4,"href":"https:\/\/www.backwinkel.de\/blog\/wp-json\/wp\/v2\/posts\/3853\/revisions"}],"predecessor-version":[{"id":18870,"href":"https:\/\/www.backwinkel.de\/blog\/wp-json\/wp\/v2\/posts\/3853\/revisions\/18870"}],"wp:featuredmedia":[{"embeddable":true,"href":"https:\/\/www.backwinkel.de\/blog\/wp-json\/wp\/v2\/media\/3854"}],"wp:attachment":[{"href":"https:\/\/www.backwinkel.de\/blog\/wp-json\/wp\/v2\/media?parent=3853"}],"wp:term":[{"taxonomy":"category","embeddable":true,"href":"https:\/\/www.backwinkel.de\/blog\/wp-json\/wp\/v2\/categories?post=3853"},{"taxonomy":"post_tag","embeddable":true,"href":"https:\/\/www.backwinkel.de\/blog\/wp-json\/wp\/v2\/tags?post=3853"}],"curies":[{"name":"wp","href":"https:\/\/api.w.org\/{rel}","templated":true}]}}