{"id":3802,"date":"2019-11-04T10:03:40","date_gmt":"2019-11-04T09:03:40","guid":{"rendered":"https:\/\/blog.backwinkel.de\/?p=3802"},"modified":"2026-04-22T10:12:39","modified_gmt":"2026-04-22T08:12:39","slug":"weihnachten-im-kindergarten","status":"publish","type":"post","link":"https:\/\/www.backwinkel.de\/blog\/weihnachten-im-kindergarten\/","title":{"rendered":"Weihnachten im Kindergarten:"},"content":{"rendered":"\n<style type=\"text\/css\" data-created_by=\"avia_inline_auto\" id=\"style-css-av-8vdv8-f7e0dae999cc49bc529a70f67b346526\">\n.flex_column.av-8vdv8-f7e0dae999cc49bc529a70f67b346526{\nborder-radius:0px 0px 0px 0px;\npadding:0px 0px 0px 0px;\n}\n<\/style>\n<div  class='flex_column av-8vdv8-f7e0dae999cc49bc529a70f67b346526 av_one_full  avia-builder-el-0  el_before_av_three_fifth  avia-builder-el-first  first flex_column_div av-zero-column-padding  '     ><p>\n<style type=\"text\/css\" data-created_by=\"avia_inline_auto\" id=\"style-css-av-jl6mo8rj-605eccf9df0dce9c3ffb6a57636da99d\">\n#top .hr.hr-invisible.av-jl6mo8rj-605eccf9df0dce9c3ffb6a57636da99d{\nmargin-top:0px;\nheight:1px;\n}\n<\/style>\n<div  class='hr av-jl6mo8rj-605eccf9df0dce9c3ffb6a57636da99d hr-invisible  avia-builder-el-1  el_before_av_heading  avia-builder-el-first '><span class='hr-inner '><span class=\"hr-inner-style\"><\/span><\/span><\/div><br \/>\n\n<style type=\"text\/css\" data-created_by=\"avia_inline_auto\" id=\"style-css-av-9ula2-8261df3248fac9b7f80c0abcea4476c7\">\n#top .av-special-heading.av-9ula2-8261df3248fac9b7f80c0abcea4476c7{\npadding-bottom:10px;\n}\nbody .av-special-heading.av-9ula2-8261df3248fac9b7f80c0abcea4476c7 .av-special-heading-tag .heading-char{\nfont-size:25px;\n}\n.av-special-heading.av-9ula2-8261df3248fac9b7f80c0abcea4476c7 .av-subheading{\nfont-size:15px;\n}\n<\/style>\n<div  class='av-special-heading av-9ula2-8261df3248fac9b7f80c0abcea4476c7 av-special-heading-h1 blockquote modern-quote  avia-builder-el-2  el_after_av_hr  el_before_av_post_metadata '><h1 class='av-special-heading-tag '  >Weihnachten im Kindergarten: Ideen f\u00fcr die Weihnachtszeit in kulturell gemischten Kindergruppen<\/h1><div class='av-subheading av-subheading_below'><p class=\"autorenname\">Christine Hagemann<\/p>\n<\/div><div class=\"special-heading-border\"><div class=\"special-heading-inner-border\"><\/div><\/div><\/div><br \/>\n\n<style type=\"text\/css\" data-created_by=\"avia_inline_auto\" id=\"style-css-av-5wubze-923d7006963d46f2fcda479093d45e83\">\n#top .av-post-metadata-container.av-5wubze-923d7006963d46f2fcda479093d45e83{\nfont-size:12px;\n}\n#top .av-post-metadata-container.av-5wubze-923d7006963d46f2fcda479093d45e83 .av-post-metadata-container-inner{\nfont-size:12px;\n}\n<\/style>\n<div  class='av-post-metadata-container av-5wubze-923d7006963d46f2fcda479093d45e83 av-metadata-container-align-left  avia-builder-el-3  el_after_av_heading  el_before_av_textblock  av-metadata-container-1'><div class='av-post-metadata-container-inner'><span class=\"av-post-metadata-content av-post-metadata-meta-content\"><span class=\"av-post-metadata-content av-post-metadata-modified\"><span class=\"av-metadata-before av-metadata-before-modified\">Aktualisiert:<\/span><span class=\"av-post-metadata-modified-date\" >22. April 2026<\/span><\/span><span class=\"av-post-metadata-content av-post-metadata-separator\">\/<\/span><span class=\"av-post-metadata-content av-post-metadata-modified\"><span class=\"av-metadata-before av-metadata-before-modified\">Zuletzt aktualisiert:<\/span><span class=\"av-post-metadata-modified-date\" >22. April 2026<\/span><\/span><\/span><\/div><\/div><br \/>\n\n<style type=\"text\/css\" data-created_by=\"avia_inline_auto\" id=\"style-css-av-jkuubohz-5bd5902bdafe42e29df3f39e76d87d31\">\n#top .av_textblock_section.av-jkuubohz-5bd5902bdafe42e29df3f39e76d87d31 .avia_textblock{\nfont-size:20px;\n}\n<\/style>\n<section  class='av_textblock_section av-jkuubohz-5bd5902bdafe42e29df3f39e76d87d31 '  ><div class='avia_textblock' ><p class=\"einleitungstext-beitrag\">Die Weihnachtszeit ist im Kindergarten eine besonders sch\u00f6ne Zeit. Gemeinsam schm\u00fccken Sie mit Ihren Kindern den Gruppenraum mit glitzernden Sternen, Engeln und Tannenzweigen. Im Advent basteln Sie mit Ihren Kindern kleine Geschenke, h\u00f6ren Weihnachtsgeschichten und \u00fcben ein Krippenspiel ein. Alle freuen sich an der weihnachtlichen Deko und den feierlichen Br\u00e4uchen. Aber warum machen wir das? Was ist Weihnachten?<\/p>\n<\/div><\/section><br \/>\n\n<style type=\"text\/css\" data-created_by=\"avia_inline_auto\" id=\"style-css-av-jkuuo5h6-25b9107f28074f67572a760d727b6bb6\">\n.avia-image-container.av-jkuuo5h6-25b9107f28074f67572a760d727b6bb6 img.avia_image{\nbox-shadow:none;\n}\n.avia-image-container.av-jkuuo5h6-25b9107f28074f67572a760d727b6bb6 .av-image-caption-overlay-center{\ncolor:#ffffff;\n}\n<\/style>\n<div  class='avia-image-container av-jkuuo5h6-25b9107f28074f67572a760d727b6bb6 av-styling- avia-align-center  avia-builder-el-5  el_after_av_textblock  el_before_av_hr '  ><div class=\"avia-image-container-inner\"><div class=\"avia-image-overlay-wrap\"><img decoding=\"async\" fetchpriority=\"high\" class='wp-image-3805 avia-img-lazy-loading-not-3805 avia_image ' src=\"https:\/\/www.backwinkel.de\/blog\/wp-content\/uploads\/2019\/10\/backwinkel-blog-weihnachten-im-kindergarten-heroimage.jpg\" alt='BACKWINKEL-Blog \u2013 Beitrag zum Thema Weihnachten im Kindergarten' title='Weihnachten im Kindergarten: Tipps &amp; Ideen f\u00fcr die Weihnachtszeit'  height=\"628\" width=\"1200\" srcset=\"https:\/\/www.backwinkel.de\/blog\/wp-content\/uploads\/2019\/10\/backwinkel-blog-weihnachten-im-kindergarten-heroimage.jpg 1200w, https:\/\/www.backwinkel.de\/blog\/wp-content\/uploads\/2019\/10\/backwinkel-blog-weihnachten-im-kindergarten-heroimage-300x157.jpg 300w, https:\/\/www.backwinkel.de\/blog\/wp-content\/uploads\/2019\/10\/backwinkel-blog-weihnachten-im-kindergarten-heroimage-768x402.jpg 768w, https:\/\/www.backwinkel.de\/blog\/wp-content\/uploads\/2019\/10\/backwinkel-blog-weihnachten-im-kindergarten-heroimage-1030x539.jpg 1030w, https:\/\/www.backwinkel.de\/blog\/wp-content\/uploads\/2019\/10\/backwinkel-blog-weihnachten-im-kindergarten-heroimage-705x369.jpg 705w\" sizes=\"(max-width: 1200px) 100vw, 1200px\" \/><\/div><\/div><\/div><br \/>\n\n<style type=\"text\/css\" data-created_by=\"avia_inline_auto\" id=\"style-css-av-jl6mo8rj-24-7aba1d1875a26eba9cfa3d8e54bf73c0\">\n#top .hr.hr-invisible.av-jl6mo8rj-24-7aba1d1875a26eba9cfa3d8e54bf73c0{\nheight:5px;\n}\n<\/style>\n<div  class='hr av-jl6mo8rj-24-7aba1d1875a26eba9cfa3d8e54bf73c0 hr-invisible  avia-builder-el-6  el_after_av_image  el_before_av_textblock '><span class='hr-inner '><span class=\"hr-inner-style\"><\/span><\/span><\/div><br \/>\n\n<style type=\"text\/css\" data-created_by=\"avia_inline_auto\" id=\"style-css-av-jl7ql86y-476587f36812d438ff309d71c344c7b6\">\n#top .av_textblock_section.av-jl7ql86y-476587f36812d438ff309d71c344c7b6 .avia_textblock{\nfont-size:10px;\n}\n<\/style>\n<section  class='av_textblock_section av-jl7ql86y-476587f36812d438ff309d71c344c7b6 '  ><div class='avia_textblock' ><p class=\"bildnennung-beitrag\" style=\"text-align: left;\">\u00a9 Don Bosco Medien GmbH<\/p>\n<\/div><\/section><br \/>\n\n<style type=\"text\/css\" data-created_by=\"avia_inline_auto\" id=\"style-css-av-jl6mo8rj-22-55e69d2f0baff7f6df8e7187bf59f7bb\">\n#top .hr.hr-invisible.av-jl6mo8rj-22-55e69d2f0baff7f6df8e7187bf59f7bb{\nheight:20px;\n}\n<\/style>\n<div  class='hr av-jl6mo8rj-22-55e69d2f0baff7f6df8e7187bf59f7bb hr-invisible  avia-builder-el-8  el_after_av_textblock  el_before_av_textblock '><span class='hr-inner '><span class=\"hr-inner-style\"><\/span><\/span><\/div><br \/>\n<section  class='av_textblock_section av-jkuubohz-23-fda446c1bbdd94566e952060df53cac6 '  ><div class='avia_textblock' ><p>Der Kindergarten vereint Kinder unterschiedlicher Herkunft, Familien verschiedener Kulturen und Glaubensrichtungen. F\u00fcr Erzieher ist es manchmal gar nicht so einfach, die christlichen Feste in der Kita zu planen und zu feiern. Wie Sie Weihnachten im Kindergarten gestalten, damit es f\u00fcr alle passt, lesen Sie in diesem Beitrag. Basteltipps zum Ausdrucken inklusive.<\/p>\n<\/div><\/section><\/p><\/div>\n<style type=\"text\/css\" data-created_by=\"avia_inline_auto\" id=\"style-css-av-swqf9-6bb490ea0cbb171c9d159bb967226129\">\n.flex_column.av-swqf9-6bb490ea0cbb171c9d159bb967226129{\nborder-radius:0px 0px 0px 0px;\npadding:20px 20px 20px 20px;\nbackground-color:#f2f2f2;\n}\n<\/style>\n<div  class='flex_column av-swqf9-6bb490ea0cbb171c9d159bb967226129 av_three_fifth  avia-builder-el-10  el_after_av_one_full  el_before_av_two_fifth  first flex_column_div  column-top-margin'     ><style type=\"text\/css\" data-created_by=\"avia_inline_auto\" id=\"style-css-av-jkuua5r2-c85a89e591aaa70c23149bed18a24446\">\n#top .av_textblock_section.av-jkuua5r2-c85a89e591aaa70c23149bed18a24446 .avia_textblock{\nfont-size:14px;\n}\n<\/style>\n<section  class='av_textblock_section av-jkuua5r2-c85a89e591aaa70c23149bed18a24446 '  ><div class='avia_textblock' ><p><strong>Inhalt<\/strong><\/p>\n<p><strong><a href=\"#1\">1. Das Weihnachtsfest in der Kita \u2013 jedes Jahr eine Herausforderung<\/a><\/strong><\/p>\n<p><strong><a href=\"#2\">2. So gestalten Sie Weihnachten im Kindergarten kultur\u00fcbergreifend<\/a><\/strong><br \/>\n2.1 Kulturaustausch im Morgenkreis<br \/>\n2.2 Adventskalender einmal anders<br \/>\n2.3 Beziehen Sie die Eltern mit ein<\/p>\n<p><strong><a href=\"#3\">3. Weihnachtsbasteln in der Kita<\/a><\/strong><\/p>\n<p><strong><a href=\"#4\">4. Die Weihnachtsgeschichte Kindern erz\u00e4hlen<\/a><\/strong><\/p>\n<p><strong><a href=\"#5\">5. Lieder &amp; Spiele zu Weihnachten<\/a><\/strong><br \/>\n5.1 Weihnachtslieder im Kindergarten<br \/>\n5.2 Spiele in der Weihnachtszeit<\/p>\n<\/div><\/section><\/div><\/p>\n\n<style type=\"text\/css\" data-created_by=\"avia_inline_auto\" id=\"style-css-av-2532d-6e1ea05e25305745634c0a02c87dc827\">\n.flex_column.av-2532d-6e1ea05e25305745634c0a02c87dc827{\nborder-radius:0px 0px 0px 0px;\npadding:0 0 0 0;\n}\n<\/style>\n<div  class='flex_column av-2532d-6e1ea05e25305745634c0a02c87dc827 av_two_fifth  avia-builder-el-12  el_after_av_three_fifth  el_before_av_sidebar  flex_column_div av-zero-column-padding  column-top-margin'     ><\/div>\n<div  class='avia-builder-widget-area clearfix  avia-builder-el-13  el_after_av_two_fifth  el_before_av_one_full '><div id=\"text-33\" class=\"widget clearfix widget_text\">\t\t\t<div class=\"textwidget\"><p><a href=\"https:\/\/www.backwinkel.de\/nachhaltig-denken\/\" target=\"\\_blank\" rel=\"noopener\"><br \/>\n<img decoding=\"async\" class=\"werbung-desktop alignnone wp-image-4186 size-full\" src=\"https:\/\/www.backwinkel.de\/blog\/wp-content\/uploads\/2026\/04\/Backwinkel-blog-werbebanner-shop-kita-schule_desktop.jpg\" alt=\"\" width=\"1251\" height=\"201\" \/><br \/>\n<\/a><br \/>\n<a href=\"https:\/\/www.backwinkel.de\/nachhaltig-denken\/\" target=\"\\_blank\" rel=\"noopener\"><br \/>\n<img decoding=\"async\" class=\"werbung-mobile alignnone wp-image-4187 size-full\" src=\"https:\/\/www.backwinkel.de\/blog\/wp-content\/uploads\/2026\/04\/Backwinkel-blog-werbebanner-shop-kiga-schule_mobile.jpg\" alt=\"\" width=\"550\" height=\"500\" \/><br \/>\n<\/a><\/p>\n<\/div>\n\t\t<\/div><\/div>\n\n<style type=\"text\/css\" data-created_by=\"avia_inline_auto\" id=\"style-css-av-hh5al-9c53459d093ff912fcc98cf97e19d753\">\n.flex_column.av-hh5al-9c53459d093ff912fcc98cf97e19d753{\nborder-radius:0px 0px 0px 0px;\npadding:0px 0px 0px 0px;\n}\n<\/style>\n<div  class='flex_column av-hh5al-9c53459d093ff912fcc98cf97e19d753 av_one_full  avia-builder-el-14  el_after_av_sidebar  el_before_av_one_full  first flex_column_div av-zero-column-padding  '     ><section  class='av_textblock_section av-jkuul0eg-1bbb6ab716448f7ad63117f2430ca96f '  ><div class='avia_textblock' >\n<style type=\"text\/css\" data-created_by=\"avia_inline_auto\" id=\"style-css-av-7c7r8-1ad3209b7b9ea9c60cc97e362d76ea5e\">\n#top .hr.hr-invisible.av-7c7r8-1ad3209b7b9ea9c60cc97e362d76ea5e{\nheight:20px;\n}\n<\/style>\n<div  class='hr av-7c7r8-1ad3209b7b9ea9c60cc97e362d76ea5e hr-invisible  avia-builder-el-16  avia-builder-el-no-sibling '><span class='hr-inner '><span class=\"hr-inner-style\"><\/span><\/span><\/div>\n<h2 id=\"1\" class=\"position\">Das Weihnachtsfest in der Kita \u2013 jedes Jahr eine Herausforderung<\/h2>\n<p>Ein pr\u00e4chtiger Adventskranz und ein geschm\u00fcckter Christbaum geh\u00f6ren bei uns zu Weihnachten. Auch Kinder aus anderen Kulturkreisen kennen das alles. Schlie\u00dflich begegnen ihnen diese Dinge in der Adventszeit \u00fcberall. Doch <strong>was wir da eigentlich feiern, ist vielen Kindern unbekannt. <\/strong><\/p>\n<p>Christliche Feste stellen die Kita vor eine besondere Herausforderung. Einerseits soll der <strong>christliche Gehalt des Festes <\/strong>vermittelt und gefestigt werden. Andererseits soll die Gestaltung offen genug sein, damit <strong>Familien anderer Glaubensrichtungen<\/strong> daran teilnehmen m\u00f6chten. Hier herrschen unterschiedliche Auffassungen und h\u00e4ufig auch Unsicherheit.<\/p>\n<p><strong>Nutzen Sie die Weihnachtszeit zum gegenseitigen Austausch <\/strong><\/p>\n<p>Unbestritten ist, dass diese Feste den <strong>Kindern Orientierung geben<\/strong>, weil sie Werte vermitteln und traditionelle Br\u00e4uche weitergeben. Deshalb ist es wichtig, Weihnachten im Kindergarten zu thematisieren und dabei die Gegebenheiten der Gruppe zu beachten. Vor dem <strong>Hintergrund der kulturellen Vielfalt <\/strong>erfordert dies von den Erzieherinnen und Erziehern viel Einf\u00fchlungsverm\u00f6gen.<\/p>\n<\/div><\/section><\/div>\n\n<style type=\"text\/css\" data-created_by=\"avia_inline_auto\" id=\"style-css-av-hh5al-20-a8a7d34941dc0cf94195a02ab63dcdf0\">\n.flex_column.av-hh5al-20-a8a7d34941dc0cf94195a02ab63dcdf0{\nborder-radius:0px 0px 0px 0px;\npadding:0px 0px 0px 0px;\n}\n<\/style>\n<div  class='flex_column av-hh5al-20-a8a7d34941dc0cf94195a02ab63dcdf0 av_one_full  avia-builder-el-17  el_after_av_one_full  el_before_av_one_full  first flex_column_div av-zero-column-padding  column-top-margin'     ><section  class='av_textblock_section av-jkuul0eg-19-0a3571f0ff8b678a8574566f1cb0941f '  ><div class='avia_textblock' >\n<style type=\"text\/css\" data-created_by=\"avia_inline_auto\" id=\"style-css-av-7c7r8-18-c33a22b3e9e86dc45c4d2f671b9583d1\">\n#top .hr.hr-invisible.av-7c7r8-18-c33a22b3e9e86dc45c4d2f671b9583d1{\nheight:20px;\n}\n<\/style>\n<div  class='hr av-7c7r8-18-c33a22b3e9e86dc45c4d2f671b9583d1 hr-invisible  avia-builder-el-19  avia-builder-el-no-sibling '><span class='hr-inner '><span class=\"hr-inner-style\"><\/span><\/span><\/div>\n<h2 id=\"2\" class=\"position\">So gestalten Sie Weihnachten im Kindergarten kultur\u00fcbergreifend<\/h2>\n<p>Christkind oder Weihnachtsmann, Fest der Geschenke oder Fest der Geburt Jesu \u2013 Weihnachten wird sehr unterschiedlich gefeiert. In vielen Familien gibt es <strong>Weihnachtstraditionen<\/strong>, die \u00fcber Generationen hinweg gepflegt werden. Schaffen Sie Gelegenheiten, die allen Kindern erm\u00f6glichen, von ihrem pers\u00f6nlichen Weihnachten zu erz\u00e4hlen.<\/p>\n<p>M\u00f6glicherweise gibt es Kinder in Ihrer Gruppe, die zu Hause nicht Weihnachten feiern. Bestimmt ist es spannend f\u00fcr sie zu erfahren, wie das Weihnachtsfest bei den anderen aussieht. Zudem bietet sich die Chance, diese <strong>Kinder einzubeziehen<\/strong>: Fragen Sie die Kinder, welche Feste in ihrer Familie gefeiert werden und welche Br\u00e4uche es dabei gibt.<\/p>\n<h3>Kulturaustausch im Morgenkreis<\/h3>\n<p>Zum gemeinsamen Erz\u00e4hlen eignet sich der <a href=\"https:\/\/blog.backwinkel.de\/morgenkreis\/\" target=\"_blank\" rel=\"noopener\">Morgenkreis im Kindergarten<\/a> ganz besonders. An den Tagen im Advent erz\u00e4hlen die Kinder reihum, <strong>wie sie bei sich zu Hause Weihnachten feiern<\/strong>. Jedes Kind steht an einem Tag mit seinem Weihnachtsfest im Mittelpunkt.<\/p>\n<p>Als Einstieg erz\u00e4hlen Sie eine kurze Geschichte, beispielsweise mithilfe von <a href=\"https:\/\/www.backwinkel.de\/cat\/kamishibai-bildkarten-geschichten\/\" target=\"_blank\" rel=\"noopener\">Kamishibai-Bildkarten<\/a>. Die Geschichte, wie Emma und Paul Advent und Weihnachten feiern, motiviert die Kinder, selbst zu erz\u00e4hlen. Unterst\u00fctzend k\u00f6nnen Sie folgende Impulsfragen stellen:<\/p>\n<ul>\n<li>Erz\u00e4hle uns von deinem Weihnachtsfest.<\/li>\n<li>Wie feiert ihr zu Hause?<\/li>\n<li>Was magst du in dieser Zeit ganz besonders?<\/li>\n<li>Gibt es etwas, das dir nicht gef\u00e4llt?<\/li>\n<li>Mit wem feierst du Weihnachten?<\/li>\n<li>Wenn ihr nicht Weihnachten feiert, welches Fest gibt es in deiner Familie?<\/li>\n<li>Was w\u00fcnscht du dir f\u00fcr die Weihnachtszeit hier im Kindergarten?<\/li>\n<\/ul>\n<h3>Adventskalender einmal anders<\/h3>\n<p>Wie feiern Kinder <strong>in anderen L\u00e4ndern der Welt<\/strong> Weihnachten? Nutzen Sie den Advent im Kindergarten, um an jedem Tag ein anderes Land mit einem besonderen Weihnachtsbrauch vorzustellen. In Polen z. B. stehen an Heiligabend nur fleischlose Gerichte auf dem Tisch, traditionell sind es zw\u00f6lf Speisen. Und es wird ein Zusatzgedeck f\u00fcr einen unerwarteten Gast aufgelegt.<\/p>\n<\/div><\/section><\/div>\n\n<style type=\"text\/css\" data-created_by=\"avia_inline_auto\" id=\"style-css-av-hh5al-17-ea51103b770e526b92ecd626a7f37254\">\n.flex_column.av-hh5al-17-ea51103b770e526b92ecd626a7f37254{\nborder-radius:0px 0px 0px 0px;\npadding:0px 0px 0px 0px;\n}\n<\/style>\n<div  class='flex_column av-hh5al-17-ea51103b770e526b92ecd626a7f37254 av_one_full  avia-builder-el-20  el_after_av_one_full  el_before_av_one_full  first flex_column_div av-zero-column-padding  column-top-margin'     ><style type=\"text\/css\" data-created_by=\"avia_inline_auto\" id=\"style-css-av-jqz83eqo-f253f701a8e55fa58e88113f09661bf3\">\n.av_promobox.av-jqz83eqo-f253f701a8e55fa58e88113f09661bf3{\ncolor:#575757;\nbackground:#ffffff;\nborder-color:#575757;\n}\n<\/style>\n<div  class='av_promobox av-jqz83eqo-f253f701a8e55fa58e88113f09661bf3 avia-button-no  avia-builder-el-21  avia-builder-el-no-sibling '><div class='avia-promocontent'><p>\n<strong>Weihnachten weltweit: Wer bringt die Geschenke? <\/strong><\/p>\n<p>Traditionsgem\u00e4\u00df bringt bei uns das Christkind an Heiligabend den Kindern Geschenke. Heute ist es auch hierzulande h\u00e4ufig der Weihnachtsmann, in <strong>Gro\u00dfbritannien<\/strong> Father Christmas und in <strong>Frankeich<\/strong> P\u00e8re No\u00ebl genannt.<br \/>\nIn den <strong>USA<\/strong> kommt Santa Claus in der Nacht zum 25. Dezember mit dem Schlitten geflogen und bringt seine Gaben durch den Kamin.<br \/>\nIn <strong>Norwegen<\/strong> ist der Weihnachtsmann kleiner und lustiger, denn er ist mit den Kobolden verwandt. Zu Weihnachten verstecken die Leute ihre Besen, um b\u00f6se Geister daran zu hindern, die Besen zu stehlen und damit durch die L\u00fcfte zu fliegen.<br \/>\nIn <strong>Ungarn<\/strong> bringen Weihnachtsengel die Geschenke. In <strong>Spanien<\/strong> \u00fcbernimmt diese Aufgabe seltsamerweise ein Weihnachtsholzklotz, der Ti\u00f3 de Nadal.<br \/>\nAuch in den <strong>Niederlanden<\/strong> kommt der Weihnachtsmann, doch die meisten Geschenke bringt Sinterklaas, der Nikolaus, der mit seinem Schiff voller Gaben anreist. Die Kinder bekommen sie am Pakjesavond, dem 5. Dezember.<br \/>\nL\u00e4nger gedulden m\u00fcssen sich die Kinder in <strong>Griechenland<\/strong>, wo man h\u00e4ufig zu Ehren des Heiligen Nikolaus, dem Schutzpatron der Seefahrer, geschm\u00fcckte Schiffchen ans Fenster stellt. Dort bringt der Heilige Vassilios die Geschenke in der Silvesternacht.<br \/>\nDie orthodoxe Kirche feiert Weihnachten nach dem Julianischen Kalender 13 Tage sp\u00e4ter als wir. In <strong>Russland<\/strong> bringt V\u00e4terchen Frost die Geschenke an Silvester.<br \/>\nChristen in <strong>\u00c4thiopien<\/strong> tauschen am 24. Dezember kleine Geschenke aus, Weihnachten feiern sie aber erst in der Nacht vom 6. auf den 7. Januar. Zum mittern\u00e4chtlichen Gottesdienst kleiden sich alle ganz in Wei\u00df. Anschlie\u00dfend findet ein gemeinsames Festmahl statt.<\/p>\n<\/div><\/div><\/div>\n\n<style type=\"text\/css\" data-created_by=\"avia_inline_auto\" id=\"style-css-av-hh5al-14-9ab62d48bef4dad42629995e86fc9a6b\">\n.flex_column.av-hh5al-14-9ab62d48bef4dad42629995e86fc9a6b{\nborder-radius:0px 0px 0px 0px;\npadding:0px 0px 0px 0px;\n}\n<\/style>\n<div  class='flex_column av-hh5al-14-9ab62d48bef4dad42629995e86fc9a6b av_one_full  avia-builder-el-22  el_after_av_one_full  el_before_av_two_fifth  first flex_column_div av-zero-column-padding  column-top-margin'     ><section  class='av_textblock_section av-jkuul0eg-16-71f5293a050d80b78605f2b2b765c8c4 '  ><div class='avia_textblock' >\n<style type=\"text\/css\" data-created_by=\"avia_inline_auto\" id=\"style-css-av-7c7r8-15-7db28fb72cbc5e3c2026b370be3ebfba\">\n#top .hr.hr-invisible.av-7c7r8-15-7db28fb72cbc5e3c2026b370be3ebfba{\nheight:20px;\n}\n<\/style>\n<div  class='hr av-7c7r8-15-7db28fb72cbc5e3c2026b370be3ebfba hr-invisible  avia-builder-el-24  avia-builder-el-no-sibling '><span class='hr-inner '><span class=\"hr-inner-style\"><\/span><\/span><\/div>\n<h2 id=\"3\" class=\"position\">Weihnachtsbasteln in der Kita<\/h2>\n<p>Adventszeit und Basteln mit Kindern \u2013 das geh\u00f6rt einfach zusammen. Inspirieren Sie die Kinder, gemeinsam Weihnachtsgeschenke zu basteln. So bekommen die Kinder an Heiligabend nicht nur selbst etwas geschenkt, sondern erleben auch, dass es Freude macht, andere zu beschenken.<\/p>\n<p>Die folgenden Bastelideen haben wir als Anregung f\u00fcr Sie zusammengestellt:<\/p>\n<ul>\n<li>Fensterbilder mit Weihnachtsmotiven gestalten<\/li>\n<li>Weihnachtsdeko basteln mit Kindern: Aufstellbilder, Glaslichter, Engel, Mobiles<\/li>\n<li>Weihnachtsbaumschmuck basteln: Strohsterne, Flechtherzen, Kugeln bemalen<\/li>\n<li>Gemeinsam eine Kinderkrippe bauen: Hier ben\u00f6tigen die Kinder etwas mehr Unterst\u00fctzung. Die Figuren k\u00f6nnen aus Pappe, Knetmasse oder Holz und Stoffresten bestehen. Praktisch sind kleine Holzp\u00fcppchen zum Selbstgestalten.<\/li>\n<li>Sterne oder Kerzen aus Tonpapier basteln, f\u00fcr zahllose Gelegenheiten: Weihnachtskarten, Geschenkanh\u00e4nger, Adventskalender, Raumschmuck \u2026<\/li>\n<\/ul>\n<p>Mithilfe unserer Anleitung basteln Sie Zaubersterne und Adventskerzen aus Papier auch mit j\u00fcngeren Kindern einfach nach.<\/p>\n<\/div><\/section><\/div>\n\n<style type=\"text\/css\" data-created_by=\"avia_inline_auto\" id=\"style-css-av-jlnt0i5o-66f1833fd8828e1ae2a195debf6ee289\">\n.flex_column.av-jlnt0i5o-66f1833fd8828e1ae2a195debf6ee289{\nborder-radius:0px 0px 0px 0px;\npadding:10px 10px 10px 10px;\nbackground-color:#f2d1e4;\n}\n<\/style>\n<div  class='flex_column av-jlnt0i5o-66f1833fd8828e1ae2a195debf6ee289 av_two_fifth  avia-builder-el-25  el_after_av_one_full  el_before_av_one_full  first flex_column_div  column-top-margin'     ><style type=\"text\/css\" data-created_by=\"avia_inline_auto\" id=\"style-css-av-jkuvcso3-280f74d1b0f55dd916005cfdcca28e55\">\n#top .av_textblock_section.av-jkuvcso3-280f74d1b0f55dd916005cfdcca28e55 .avia_textblock{\nfont-size:22px;\n}\n<\/style>\n<section  class='av_textblock_section av-jkuvcso3-280f74d1b0f55dd916005cfdcca28e55 '  ><div class='avia_textblock' ><p>Basteltipps<\/p>\n<\/div><\/section><\/div>\n\n<style type=\"text\/css\" data-created_by=\"avia_inline_auto\" id=\"style-css-av-hh5al-13-e21e960e9e28fb772abd7b1cb346790c\">\n.flex_column.av-hh5al-13-e21e960e9e28fb772abd7b1cb346790c{\nborder-radius:0px 0px 0px 0px;\npadding:0px 0px 0px 0px;\n}\n<\/style>\n<div  class='flex_column av-hh5al-13-e21e960e9e28fb772abd7b1cb346790c av_one_full  avia-builder-el-27  el_after_av_two_fifth  el_before_av_one_full  first flex_column_div av-zero-column-padding  '     ><section  class='av_textblock_section av-jkuul0eg-12-6761e14439d08603f245d38a3bc330d7 '  ><div class='avia_textblock' ><p><a href=\"https:\/\/blog.backwinkel.de\/wp-content\/uploads\/2019\/10\/backwinkel-blog-weihnachten-im-kindergarten-die-weihnachtsbasteln_1.jpg\"><img decoding=\"async\" class=\"alignnone wp-image-3809\" title=\"BACKWINKEL-Personenbeschreibung-Arbeitsblatt-2\" src=\"https:\/\/blog.backwinkel.de\/wp-content\/uploads\/2019\/10\/backwinkel-blog-weihnachten-im-kindergarten-die-weihnachtsbasteln_1.jpg\" alt=\"\" width=\"354\" height=\"501\" srcset=\"https:\/\/www.backwinkel.de\/blog\/wp-content\/uploads\/2019\/10\/backwinkel-blog-weihnachten-im-kindergarten-die-weihnachtsbasteln_1.jpg 595w, https:\/\/www.backwinkel.de\/blog\/wp-content\/uploads\/2019\/10\/backwinkel-blog-weihnachten-im-kindergarten-die-weihnachtsbasteln_1-212x300.jpg 212w, https:\/\/www.backwinkel.de\/blog\/wp-content\/uploads\/2019\/10\/backwinkel-blog-weihnachten-im-kindergarten-die-weihnachtsbasteln_1-498x705.jpg 498w\" sizes=\"(max-width: 354px) 100vw, 354px\" \/><\/a><\/p>\n<div  class='avia-button-wrap av-7wow95-c3616a723f3b456b2894df6839618cae-wrap avia-button-left  avia-builder-el-29  avia-builder-el-no-sibling '><a href='https:\/\/www.backwinkel.de\/downloads\/backwinkel-blog-weihnachten-im-kindergarten-die-weihnachtsbasteln.pdf'  class='avia-button av-7wow95-c3616a723f3b456b2894df6839618cae av-link-btn avia-icon_select-no avia-size-large avia-position-left avia-color-theme-color'  target=\"_blank\"  rel=\"noopener noreferrer\"  aria-label=\"Basteltipps \u2013 Download\"><span class='avia_iconbox_title' >Basteltipps \u2013 Download<\/span><\/a><\/div>\n<\/div><\/section><\/div>\n\n<style type=\"text\/css\" data-created_by=\"avia_inline_auto\" id=\"style-css-av-hh5al-9-2962b116a3b737ca41d9b8838d532d10\">\n.flex_column.av-hh5al-9-2962b116a3b737ca41d9b8838d532d10{\nborder-radius:0px 0px 0px 0px;\npadding:0px 0px 0px 0px;\n}\n<\/style>\n<div  class='flex_column av-hh5al-9-2962b116a3b737ca41d9b8838d532d10 av_one_full  avia-builder-el-30  el_after_av_one_full  el_before_av_one_full  first flex_column_div av-zero-column-padding  column-top-margin'     ><section  class='av_textblock_section av-jkuul0eg-8-69dcdf1772e7831d03874f47c3782e8e '  ><div class='avia_textblock' >\n<style type=\"text\/css\" data-created_by=\"avia_inline_auto\" id=\"style-css-av-7c7r8-11-ced83487171500d1024c3c9d8f5b49a5\">\n#top .hr.hr-invisible.av-7c7r8-11-ced83487171500d1024c3c9d8f5b49a5{\nheight:20px;\n}\n<\/style>\n<div  class='hr av-7c7r8-11-ced83487171500d1024c3c9d8f5b49a5 hr-invisible  avia-builder-el-32  el_before_av_button  avia-builder-el-first '><span class='hr-inner '><span class=\"hr-inner-style\"><\/span><\/span><\/div>\n<h2 id=\"4\" class=\"position\">Die Weihnachtsgeschichte Kindern erz\u00e4hlen<\/h2>\n<p>Warum feiern wir \u00fcberhaupt Weihnachten? Um den christlichen Hintergrund zu vermitteln, erz\u00e4hlen Sie die biblische<strong> Weihnachtsgeschichte in altersgerechter Weise<\/strong>. Hierf\u00fcr gibt es vielf\u00e4ltige Bilderbuchangebote. F\u00fcr gr\u00f6\u00dfere Kindergruppen bieten sich das Kamishibai-Erz\u00e4hltheater, das Schattentheater oder auch die Erz\u00e4hlschiene an.<\/p>\n<p><a href=\"https:\/\/www.backwinkel.de\/kamishibai-bildkarten-geschichten\/\" target=\"_blank\" rel=\"noopener\">Hier<\/a> finden Sie Materialien zum Erz\u00e4hlen der Weihnachtsgeschichte im Kindergarten:<\/p>\n<p><div  class='avia-button-wrap av-2e7fm2-4-1810070f59560bdc5e9c78f034500026-wrap avia-button-left  avia-builder-el-33  el_after_av_hr  el_before_av_button '><a href='https:\/\/www.backwinkel.de\/prod\/krippenspiel-kostuem-set.html'  class='avia-button av-2e7fm2-4-1810070f59560bdc5e9c78f034500026 av-link-btn avia-icon_select-yes-left-icon avia-size-small avia-position-left avia-color-theme-color'  target=\"_blank\"  rel=\"noopener noreferrer\"  aria-label=\"Krippenspiel-Kost\u00fcm Set\"><span class='avia_button_icon avia_button_icon_left avia-iconfont avia-font-entypo-fontello' data-av_icon='\ue859' data-av_iconfont='entypo-fontello' ><\/span><span class='avia_iconbox_title' >Krippenspiel-Kost\u00fcm Set<\/span><\/a><\/div><br \/>\n<div  class='avia-button-wrap av-2e7fm2-47e34e09f51f6492240182e6414d46c8-wrap avia-button-left  avia-builder-el-34  el_after_av_button  el_before_av_button '><a href='https:\/\/www.backwinkel.de\/kamishibai-bildkarten-jesus-wird-geboren.html'  class='avia-button av-2e7fm2-47e34e09f51f6492240182e6414d46c8 av-link-btn avia-icon_select-yes-left-icon avia-size-small avia-position-left avia-color-theme-color'  target=\"_blank\"  rel=\"noopener noreferrer\"  aria-label=\"Kamishibai-Bildkarten Jesus wird geboren\"><span class='avia_button_icon avia_button_icon_left avia-iconfont avia-font-entypo-fontello' data-av_icon='\ue859' data-av_iconfont='entypo-fontello' ><\/span><span class='avia_iconbox_title' >Kamishibai-Bildkarten Jesus wird geboren<\/span><\/a><\/div><br \/>\n<div  class='avia-button-wrap av-2e7fm2-3-89165594f20e3ea49a09c3806803f2ce-wrap avia-button-left  avia-builder-el-35  el_after_av_button  avia-builder-el-last '><a href='https:\/\/www.backwinkel.de\/prod\/kleines-krippenfiguren-set.html'  class='avia-button av-2e7fm2-3-89165594f20e3ea49a09c3806803f2ce av-link-btn avia-icon_select-yes-left-icon avia-size-small avia-position-left avia-color-theme-color'  target=\"_blank\"  rel=\"noopener noreferrer\"  aria-label=\"Bibel-Spielfiguren-Set f\u00fcr die Erz\u00e4hlschiene, Jesus wird geboren\"><span class='avia_button_icon avia_button_icon_left avia-iconfont avia-font-entypo-fontello' data-av_icon='\ue859' data-av_iconfont='entypo-fontello' ><\/span><span class='avia_iconbox_title' >Bibel-Spielfiguren-Set f\u00fcr die Erz\u00e4hlschiene, Jesus wird geboren<\/span><\/a><\/div><\/p>\n<p>Zum freien Erz\u00e4hlen steht Ihnen auch unsere <strong>Textvorlage in einfacher Sprache<\/strong> zur Verf\u00fcgung. Sie k\u00f6nnen die Geschichte erz\u00e4hlerisch erweitern oder f\u00fcr eine <strong>Erz\u00e4hlschiene<\/strong> verwenden.<\/p>\n<\/div><\/section><\/div>\n\n<style type=\"text\/css\" data-created_by=\"avia_inline_auto\" id=\"style-css-av-hh5al-7-3d8f67f3fe030a9a9db8010470dfdf23\">\n.flex_column.av-hh5al-7-3d8f67f3fe030a9a9db8010470dfdf23{\nborder-radius:0px 0px 0px 0px;\npadding:0px 0px 0px 0px;\n}\n<\/style>\n<div  class='flex_column av-hh5al-7-3d8f67f3fe030a9a9db8010470dfdf23 av_one_full  avia-builder-el-36  el_after_av_one_full  el_before_av_one_full  first flex_column_div av-zero-column-padding  column-top-margin'     ><section  class='av_textblock_section av-jkuul0eg-6-5de78c967c553de35778a57b2cf4c873 '  ><div class='avia_textblock' ><p><a href=\"https:\/\/blog.backwinkel.de\/wp-content\/uploads\/2019\/10\/backwinkel-blog-weihanchten-im-kindergarten-die-weihnachtsgeschichte.jpg\"><img decoding=\"async\" class=\"alignnone wp-image-3807\" title=\"BACKWINKEL-Die Weihnachtsgeschichte\" src=\"https:\/\/blog.backwinkel.de\/wp-content\/uploads\/2019\/10\/backwinkel-blog-weihanchten-im-kindergarten-die-weihnachtsgeschichte-212x300.jpg\" alt=\"\" width=\"354\" height=\"501\" srcset=\"https:\/\/www.backwinkel.de\/blog\/wp-content\/uploads\/2019\/10\/backwinkel-blog-weihanchten-im-kindergarten-die-weihnachtsgeschichte-212x300.jpg 212w, https:\/\/www.backwinkel.de\/blog\/wp-content\/uploads\/2019\/10\/backwinkel-blog-weihanchten-im-kindergarten-die-weihnachtsgeschichte-498x705.jpg 498w, https:\/\/www.backwinkel.de\/blog\/wp-content\/uploads\/2019\/10\/backwinkel-blog-weihanchten-im-kindergarten-die-weihnachtsgeschichte.jpg 595w\" sizes=\"(max-width: 354px) 100vw, 354px\" \/><\/a><\/p>\n<div  class='avia-button-wrap av-63j03d-a35f84771cf520a2dddda737a02491de-wrap avia-button-left  avia-builder-el-38  avia-builder-el-no-sibling '><a href='https:\/\/www.backwinkel.de\/downloads\/backwinkel-blog-weihnachten-im-kindergarten-die-weihnachtsgeschichte.pdf'  class='avia-button av-63j03d-a35f84771cf520a2dddda737a02491de av-link-btn avia-icon_select-no avia-size-large avia-position-left avia-color-theme-color'  target=\"_blank\"  rel=\"noopener noreferrer\"  aria-label=\"Weihnachtsgeschichte \u2013 Download\"><span class='avia_iconbox_title' >Weihnachtsgeschichte \u2013 Download<\/span><\/a><\/div>\n<\/div><\/section><\/div>\n\n<style type=\"text\/css\" data-created_by=\"avia_inline_auto\" id=\"style-css-av-hh5al-2-a46be0fdb410edca7cd0225953e6e306\">\n.flex_column.av-hh5al-2-a46be0fdb410edca7cd0225953e6e306{\nborder-radius:0px 0px 0px 0px;\npadding:0px 0px 0px 0px;\n}\n<\/style>\n<div  class='flex_column av-hh5al-2-a46be0fdb410edca7cd0225953e6e306 av_one_full  avia-builder-el-39  el_after_av_one_full  el_before_av_hr  first flex_column_div av-zero-column-padding  column-top-margin'     ><section  class='av_textblock_section av-jkuul0eg-1-b6952f959ac5fe7b11750cea07f753fb '  ><div class='avia_textblock' >\n<style type=\"text\/css\" data-created_by=\"avia_inline_auto\" id=\"style-css-av-7c7r8-5-776767f98056fc40fa3b9fa3391e49a8\">\n#top .hr.hr-invisible.av-7c7r8-5-776767f98056fc40fa3b9fa3391e49a8{\nheight:20px;\n}\n<\/style>\n<div  class='hr av-7c7r8-5-776767f98056fc40fa3b9fa3391e49a8 hr-invisible  avia-builder-el-41  avia-builder-el-no-sibling '><span class='hr-inner '><span class=\"hr-inner-style\"><\/span><\/span><\/div>\n<h2 id=\"5\" class=\"position\">Lieder &amp; Spiele zu Weihnachten<\/h2>\n<p>In der Adventszeit h\u00f6ren die Kinder Weihnachtsgeschichten, bauen eine Kinderkrippe auf und \u00fcben vielleicht sogar ein Krippenspiel ein, das sie dann bei der <strong>Weihnachtsfeier <\/strong>im Kindergarten auff\u00fchren. Zum stimmungsvollen Rahmen geh\u00f6ren immer auch <strong>Weihnachtslieder zum Mitsingen<\/strong>.<\/p>\n<h3>1. Weihnachtslieder im Kindergarten<\/h3>\n<p>Nutzen Sie die Zeit vor Weihnachten, um mit den Kindern die klassischen Weihnachtslieder zu singen. Eine sch\u00f6ne Gelegenheit, auch Weihnachtslieder aus aller Welt kennenlernen.<\/p>\n<p>Die folgenden Beispiele zeigen Lieder aus verschiedenen L\u00e4ndern Europas:<\/p>\n<ul>\n<li style=\"font-family: arial narrow; color: #848484; font-size: 18px !important;\">Albanien: Krishti i vog\u00ebl sot na leu<\/li>\n<li style=\"font-family: arial narrow; color: #848484; font-size: 18px !important;\">Deutschland: Macht hoch die T\u00fcr \/ Kling, Gl\u00f6ckchen, klingelingeling \/ Fr\u00f6hliche Weihnacht \u00fcberall<\/li>\n<li style=\"font-family: arial narrow; color: #848484; font-size: 18px !important;\">England: We wish you a merry Christmas \/ Silver Bells \/ Joy to the World<\/li>\n<li style=\"font-family: arial narrow; color: #848484; font-size: 18px !important;\">Frankreich: Petit Papa No\u00ebl \/ Joyeux No\u00ebl<\/li>\n<li style=\"font-family: arial narrow; color: #848484; font-size: 18px !important;\">Italien: Bambino devino \/ Tu scendi dalle stelle<\/li>\n<li style=\"font-family: arial narrow; color: #848484; font-size: 18px !important;\">Kroatien: U to vrijeme godi\u0161ta<\/li>\n<li style=\"font-family: arial narrow; color: #848484; font-size: 18px !important;\">Polen: W\u015br\u00f3d nocnej ciszy<\/li>\n<li style=\"font-family: arial narrow; color: #848484; font-size: 18px !important;\">Rum\u00e4nien: O, ce veste minunat\u0103<\/li>\n<li style=\"font-family: arial narrow; color: #848484; font-size: 18px !important;\">Schweden: Jul, jul str\u00e5lande jul \/ Nu har vi ljus<\/li>\n<li style=\"font-family: arial narrow; color: #848484; font-size: 18px !important;\">Slowenien: Poslu\u0161ajte, vsi ljudje<\/li>\n<li style=\"font-family: arial narrow; color: #848484; font-size: 18px !important;\">Spanien: Gloria en lo alto \/ Feliz Navidad<\/li>\n<li style=\"font-family: arial narrow; color: #848484; font-size: 18px !important;\">Tschechien: \u017de\u017eulka z lesa vyl\u00edtla<\/li>\n<li style=\"font-family: arial narrow; color: #848484; font-size: 18px !important;\">T\u00fcrkei: Sessiz gece, Kutsal gece<\/li>\n<\/ul>\n<h3>2. Spiele in der Weihnachtszeit<\/h3>\n<p>Zeit zum Spielen ist nat\u00fcrlich auch im Advent. Mitmachlieder und -geschichten, M\u00e4rchen wie Frau Holle oder Sterntaler laden die Kinder zum aktiven <strong>Mitmachen und Nachspielen<\/strong> ein. Um die Weihnachtszeit mit allen Sinnen zu genie\u00dfen, eignen sich <strong>Wahrnehmungsspiele<\/strong> besonders gut.<\/p>\n<h4>Weihnachtsspiele mit allen Sinnen<\/h4>\n<p>F\u00fcllen Sie kleine S\u00e4ckchen mit verschiedenen Dingen und lassen sie die Kinder hineingreifen, sodass sie <strong>nur durch Tasten<\/strong> erraten, was sich in jedem S\u00e4ckchen befindet. Die Inhalte sollten typisch weihnachtlich sein, wie zum Beispiel ein Holzstern, Tannenzweige, N\u00fcsse, Lametta oder eine Kerze.<\/p>\n<p>Wandeln Sie das Spiel ab, indem die Kinder <strong>nur durch H\u00f6ren<\/strong> den Inhalt der S\u00e4ckchen erkennen sollen. Hierf\u00fcr eignen sich beispielsweise Waln\u00fcsse, Stroh oder kleine Schellen. Eine weitere Variante ist das Wahrnehmen von <strong>weihnachtlichen Ger\u00fcchen<\/strong>. Daf\u00fcr finden sich gerade im Advent allerlei <strong>duftende Zutaten<\/strong>. Nehmen Sie zum Beispiel Zimtstangen, Anis, Mandeln oder Lebkuchen.<\/p>\n<h4>Klanggeschichte: Weihnachten im Winterwald<\/h4>\n<p>Bringen Sie die Adventszeit zum Klingen. Viele Weihnachtsgeschichten f\u00fcr die Kleinsten handeln davon, dass zur Weihnachtzeit im Wald alle Tiere zusammenkommen und ein gro\u00dfes Fest feiern. Solche Geschichten lassen sich wunderbar als Klanggeschichte im Advent umsetzen.<\/p>\n<p>Bei der Verklanglichung der Geschichte kommen verschiedene <a href=\"https:\/\/blog.backwinkel.de\/orff-instrumente\/\" target=\"_blank\" rel=\"noopener\">Orff-Instrumente<\/a> zum Einsatz. Die folgenden Beispiele k\u00f6nnen Ihnen als Inspiration dienen:<\/p>\n<ul>\n<li>Schnee: Fingerzimbeln oder Triangel<\/li>\n<li>Hase: Handtrommel<\/li>\n<li>Reh: Klangh\u00f6lzer<\/li>\n<li>B\u00e4r: Trommel in tiefer Lage<\/li>\n<li>Fuchs: Klangst\u00e4be<\/li>\n<li>Zweige im Wind: Glockenspiel<\/li>\n<\/ul>\n<h4>Bewegungsspiele<\/h4>\n<p>Auch wenn die Kinder in der kalten Jahreszeit nicht so oft drau\u00dfen spielen k\u00f6nnen, sollte die Bewegung nicht zu kurz kommen. Schaffen Sie Bewegungsanreize durch <strong>rhythmische Mitmachlieder<\/strong>. Zusammen mit der ganzen Gruppe bringen auch Kreisspiele viel Bewegungsspa\u00df.<\/p>\n<p><strong>Es geht eine Zipfelm\u00fctz<\/strong> \u2013 dieser Klassiker unter den Kreisspielen passt ausgezeichnet zu Weihnachten im Kindergarten. Statt Zipfelm\u00fctz k\u00f6nnen die Kinder auch Wichtelm\u00fctz singen.<\/p>\n<p><u>Der Text lautet so<\/u>:<\/p>\n<p>Es geht eine Zipfelm\u00fctz in unsrem Kreis herum, dideldum.<br \/>\nEs geht eine Zipfelm\u00fctz in unsrem Kreis herum.<br \/>\nDreimal drei ist neune,<br \/>\ndu wei\u00dft schon, wie ichs meine.<br \/>\nZwanzig ist ja zweimal zehn.<br \/>\nZipfelm\u00fctz, bleib stehn, bleib stehn.<br \/>\nSie r\u00fctteln sich, sie sch\u00fctteln sich, sie werfen die Beine hinter sich,<br \/>\nsie klatschen in die Hand: Wir beide sind bekannt.<\/p>\n<p><strong>Und so wird&#8217;s gespielt<\/strong>:<br \/>\nDie Kinder bilden einen Kreis. Ein Kind geht innen herum, dabei h\u00e4lt es die H\u00e4nde auf dem Kopf wie eine spitze M\u00fctze \u2013 im Advent tr\u00e4gt es nat\u00fcrlich eine rote Weihnachtsmannm\u00fctze. Bei \u201ebleib stehn\u201c gibt es dem Kind, vor dem es gerade steht, die H\u00e4nde und beide Kinder r\u00fctteln und sch\u00fctteln sich. Das zweite Kind setzt nun die M\u00fctze auf und geht herum, das erste kehrt zur\u00fcck in den Kreis.<\/p>\n<\/div><\/section><\/div>\n\n<style type=\"text\/css\" data-created_by=\"avia_inline_auto\" id=\"style-css-av-jl6mo8rj-21-d655dc33641464121b8d38a7203ad6c3\">\n#top .hr.hr-invisible.av-jl6mo8rj-21-d655dc33641464121b8d38a7203ad6c3{\nheight:60px;\n}\n<\/style>\n<div  class='hr av-jl6mo8rj-21-d655dc33641464121b8d38a7203ad6c3 hr-invisible  avia-builder-el-42  el_after_av_one_full  el_before_av_one_full '><span class='hr-inner '><span class=\"hr-inner-style\"><\/span><\/span><\/div>\n\n<style type=\"text\/css\" data-created_by=\"avia_inline_auto\" id=\"style-css-av-jley1l06-be8863a15e87d33f314fbd4b76b14014\">\n.flex_column.av-jley1l06-be8863a15e87d33f314fbd4b76b14014{\nborder-radius:0px 0px 0px 0px;\npadding:10px 10px 10px 10px;\nbackground-color:#f2f2f2;\n}\n<\/style>\n<div  class='flex_column av-jley1l06-be8863a15e87d33f314fbd4b76b14014 av_one_full  avia-builder-el-43  el_after_av_hr  el_before_av_one_full  first flex_column_div  '     ><section  class='av_textblock_section av-jkuvcso3-10-0c954bccec757a1b563f8f9fdbe6db9e '  ><div class='avia_textblock' ><p><strong>Lesestoff-Fundgrube: <\/strong><\/p>\n<p class=\"fussnoten-quellen\">Sabine Gottschalk: Weihnachten auf der B\u00fchne. Kleine Auff\u00fchrungen f\u00fcr Kita-Kinder. Theaterst\u00fccke, Rollenspiele und Mitmach-Aktionen. M\u00fclheim (Verlag an der Ruhr) 2019.<\/p>\n<p class=\"fussnoten-quellen\">Reinhard Horn, Michael Landgraf: Kinder feiern Weihnachten \u2013 hier und \u00fcberall. Lippstadt (Kontakte) 2019.<\/p>\n<p class=\"fussnoten-quellen\">Petra Lefin: 24 x Advent im Erz\u00e4hltheater Kamishibai. Geschichten und Ideen zum Vorlesen und Gestalten. M\u00fcnchen (Don Bosco) 2015.<\/p>\n<p class=\"fussnoten-quellen\">Monika Lehner: Advent und Weihnachten feiern mit Ein- bis Dreij\u00e4hrigen. Kleine Kinder feiern Feste. M\u00fcnchen (Don Bosco) 2011.<\/p>\n<p class=\"fussnoten-quellen\">Monika Lehner, Antje Bohnstedt: Advent und Weihnachten feiern mit Emma und Paul. Bildkarten f\u00fcr unser Erz\u00e4hltheater. M\u00fcnchen (Don Bosco) 2011.<\/p>\n<p class=\"fussnoten-quellen\">Bettina Scheer, Elke Gulden: KliKlaKlanggeschichten zur Advents- und Weihnachtszeit. M\u00fcnchen (Don Bosco) 2011.<\/p>\n<\/div><\/section><\/div>\n\n<style type=\"text\/css\" data-created_by=\"avia_inline_auto\" id=\"style-css-av-1p82t-b0e9719fe6c67aa5c6d1abf813961e55\">\n.flex_column.av-1p82t-b0e9719fe6c67aa5c6d1abf813961e55{\nborder-radius:0px 0px 0px 0px;\npadding:0px 0px 0px 0px;\n}\n<\/style>\n<div  class='flex_column av-1p82t-b0e9719fe6c67aa5c6d1abf813961e55 av_one_full  avia-builder-el-45  el_after_av_one_full  avia-builder-el-last  first flex_column_div av-zero-column-padding  column-top-margin'     ><p><section  class='av_textblock_section av-jlp4hxqo-91baaad30cd61f89630d15f8561d1750 '  ><div class='avia_textblock' ><div class=\"shariff shariff-align-left shariff-widget-align-left\"><ul class=\"shariff-buttons theme-color orientation-horizontal buttonsize-medium\"><li class=\"shariff-button whatsapp shariff-nocustomcolor\" style=\"background-color:#5cbe4a\"><a href=\"https:\/\/api.whatsapp.com\/send?text=https%3A%2F%2Fwww.backwinkel.de%2Fblog%2Fweihnachten-im-kindergarten%2F%20Weihnachten%20im%20Kindergarten%3A\" title=\"Bei Whatsapp teilen\" aria-label=\"Bei Whatsapp teilen\" role=\"button\" rel=\"noopener nofollow\" class=\"shariff-link\" style=\"; background-color:#34af23; color:#fff\" target=\"_blank\"><span class=\"shariff-icon\" style=\"\"><svg width=\"32px\" height=\"20px\" xmlns=\"http:\/\/www.w3.org\/2000\/svg\" viewBox=\"0 0 32 32\"><path fill=\"#34af23\" d=\"M17.6 17.4q0.2 0 1.7 0.8t1.6 0.9q0 0.1 0 0.3 0 0.6-0.3 1.4-0.3 0.7-1.3 1.2t-1.8 0.5q-1 0-3.4-1.1-1.7-0.8-3-2.1t-2.6-3.3q-1.3-1.9-1.3-3.5v-0.1q0.1-1.6 1.3-2.8 0.4-0.4 0.9-0.4 0.1 0 0.3 0t0.3 0q0.3 0 0.5 0.1t0.3 0.5q0.1 0.4 0.6 1.6t0.4 1.3q0 0.4-0.6 1t-0.6 0.8q0 0.1 0.1 0.3 0.6 1.3 1.8 2.4 1 0.9 2.7 1.8 0.2 0.1 0.4 0.1 0.3 0 1-0.9t0.9-0.9zM14 26.9q2.3 0 4.3-0.9t3.6-2.4 2.4-3.6 0.9-4.3-0.9-4.3-2.4-3.6-3.6-2.4-4.3-0.9-4.3 0.9-3.6 2.4-2.4 3.6-0.9 4.3q0 3.6 2.1 6.6l-1.4 4.2 4.3-1.4q2.8 1.9 6.2 1.9zM14 2.2q2.7 0 5.2 1.1t4.3 2.9 2.9 4.3 1.1 5.2-1.1 5.2-2.9 4.3-4.3 2.9-5.2 1.1q-3.5 0-6.5-1.7l-7.4 2.4 2.4-7.2q-1.9-3.2-1.9-6.9 0-2.7 1.1-5.2t2.9-4.3 4.3-2.9 5.2-1.1z\"\/><\/svg><\/span><span class=\"shariff-text\">teilen<\/span>&nbsp;<\/a><\/li><li class=\"shariff-button facebook shariff-nocustomcolor\" style=\"background-color:#4273c8\"><a href=\"https:\/\/www.facebook.com\/sharer\/sharer.php?u=https%3A%2F%2Fwww.backwinkel.de%2Fblog%2Fweihnachten-im-kindergarten%2F\" title=\"Bei Facebook teilen\" aria-label=\"Bei Facebook teilen\" role=\"button\" rel=\"nofollow\" class=\"shariff-link\" style=\"; background-color:#3b5998; color:#fff\" target=\"_blank\"><span class=\"shariff-icon\" style=\"\"><svg width=\"32px\" height=\"20px\" xmlns=\"http:\/\/www.w3.org\/2000\/svg\" viewBox=\"0 0 18 32\"><path fill=\"#3b5998\" d=\"M17.1 0.2v4.7h-2.8q-1.5 0-2.1 0.6t-0.5 1.9v3.4h5.2l-0.7 5.3h-4.5v13.6h-5.5v-13.6h-4.5v-5.3h4.5v-3.9q0-3.3 1.9-5.2t5-1.8q2.6 0 4.1 0.2z\"\/><\/svg><\/span><span class=\"shariff-text\">teilen<\/span>&nbsp;<\/a><\/li><li class=\"shariff-button twitter shariff-nocustomcolor\" style=\"background-color:#595959\"><a href=\"https:\/\/twitter.com\/share?url=https%3A%2F%2Fwww.backwinkel.de%2Fblog%2Fweihnachten-im-kindergarten%2F&text=Weihnachten%20im%20Kindergarten%3A\" title=\"Bei X teilen\" aria-label=\"Bei X teilen\" role=\"button\" rel=\"noopener nofollow\" class=\"shariff-link\" style=\"; background-color:#000; color:#fff\" target=\"_blank\"><span class=\"shariff-icon\" style=\"\"><svg width=\"32px\" height=\"20px\" xmlns=\"http:\/\/www.w3.org\/2000\/svg\" viewBox=\"0 0 24 24\"><path fill=\"#000\" d=\"M14.258 10.152L23.176 0h-2.113l-7.747 8.813L7.133 0H0l9.352 13.328L0 23.973h2.113l8.176-9.309 6.531 9.309h7.133zm-2.895 3.293l-.949-1.328L2.875 1.56h3.246l6.086 8.523.945 1.328 7.91 11.078h-3.246zm0 0\"\/><\/svg><\/span><span class=\"shariff-text\">teilen<\/span>&nbsp;<\/a><\/li><li class=\"shariff-button pinterest shariff-nocustomcolor\" style=\"background-color:#e70f18\"><a href=\"https:\/\/www.pinterest.com\/pin\/create\/link\/?url=https%3A%2F%2Fwww.backwinkel.de%2Fblog%2Fweihnachten-im-kindergarten%2F&media=https%3A%2F%2Fwww.backwinkel.de%2Fblog%2Fwp-content%2Fuploads%2F2019%2F10%2Fbackwinkel-blog-weihnachten-im-kindergarten-heroimage.jpg&description=Weihnachten%20im%20Kindergarten%3A\" title=\"Bei Pinterest pinnen\" aria-label=\"Bei Pinterest pinnen\" role=\"button\" rel=\"noopener nofollow\" class=\"shariff-link\" style=\"; background-color:#cb2027; color:#fff\" target=\"_blank\"><span class=\"shariff-icon\" style=\"\"><svg width=\"32px\" height=\"20px\" xmlns=\"http:\/\/www.w3.org\/2000\/svg\" viewBox=\"0 0 27 32\"><path fill=\"#cb2027\" d=\"M27.4 16q0 3.7-1.8 6.9t-5 5-6.9 1.9q-2 0-3.9-0.6 1.1-1.7 1.4-2.9 0.2-0.6 1-3.8 0.4 0.7 1.3 1.2t2 0.5q2.1 0 3.8-1.2t2.7-3.4 0.9-4.8q0-2-1.1-3.8t-3.1-2.9-4.5-1.2q-1.9 0-3.5 0.5t-2.8 1.4-2 2-1.2 2.3-0.4 2.4q0 1.9 0.7 3.3t2.1 2q0.5 0.2 0.7-0.4 0-0.1 0.1-0.5t0.2-0.5q0.1-0.4-0.2-0.8-0.9-1.1-0.9-2.7 0-2.7 1.9-4.6t4.9-2q2.7 0 4.2 1.5t1.5 3.8q0 3-1.2 5.2t-3.1 2.1q-1.1 0-1.7-0.8t-0.4-1.9q0.1-0.6 0.5-1.7t0.5-1.8 0.2-1.4q0-0.9-0.5-1.5t-1.4-0.6q-1.1 0-1.9 1t-0.8 2.6q0 1.3 0.4 2.2l-1.8 7.5q-0.3 1.2-0.2 3.2-3.7-1.6-6-5t-2.3-7.6q0-3.7 1.9-6.9t5-5 6.9-1.9 6.9 1.9 5 5 1.8 6.9z\"\/><\/svg><\/span><span class=\"shariff-text\">merken<\/span>&nbsp;<\/a><\/li><li class=\"shariff-button mailto shariff-nocustomcolor\" style=\"background-color:#a8a8a8\"><a href=\"mailto:?body=https%3A%2F%2Fwww.backwinkel.de%2Fblog%2Fweihnachten-im-kindergarten%2F&subject=Weihnachten%20im%20Kindergarten%3A\" title=\"Per E-Mail versenden\" aria-label=\"Per E-Mail versenden\" role=\"button\" rel=\"noopener nofollow\" class=\"shariff-link\" style=\"; background-color:#999; color:#fff\"><span class=\"shariff-icon\" style=\"\"><svg width=\"32px\" height=\"20px\" xmlns=\"http:\/\/www.w3.org\/2000\/svg\" viewBox=\"0 0 32 32\"><path fill=\"#999\" d=\"M32 12.7v14.2q0 1.2-0.8 2t-2 0.9h-26.3q-1.2 0-2-0.9t-0.8-2v-14.2q0.8 0.9 1.8 1.6 6.5 4.4 8.9 6.1 1 0.8 1.6 1.2t1.7 0.9 2 0.4h0.1q0.9 0 2-0.4t1.7-0.9 1.6-1.2q3-2.2 8.9-6.1 1-0.7 1.8-1.6zM32 7.4q0 1.4-0.9 2.7t-2.2 2.2q-6.7 4.7-8.4 5.8-0.2 0.1-0.7 0.5t-1 0.7-0.9 0.6-1.1 0.5-0.9 0.2h-0.1q-0.4 0-0.9-0.2t-1.1-0.5-0.9-0.6-1-0.7-0.7-0.5q-1.6-1.1-4.7-3.2t-3.6-2.6q-1.1-0.7-2.1-2t-1-2.5q0-1.4 0.7-2.3t2.1-0.9h26.3q1.2 0 2 0.8t0.9 2z\"\/><\/svg><\/span><span class=\"shariff-text\">E-Mail<\/span>&nbsp;<\/a><\/li><\/ul><\/div>\n<\/div><\/section><br \/>\n<div  class='tabcontainer av-jlq8shhr-b676e11701d9718d755b04dc68ac4c10 top_tab  avia-builder-el-47  el_after_av_textblock  el_before_av_hr '>\n<section class='av_tab_section av_tab_section av-4w8jsn-17d4c89754803ac141d68451b8b1d1a6' ><div id='tab-id-1-tab' class='tab active_tab' role='tab' aria-selected=\"true\" tabindex=\"0\" data-fake-id='#tab-id-1' aria-controls='tab-id-1-content' >Das BACKWINKEL-Blog-Team:<\/div><div id='tab-id-1-content' class='tab_content active_tab_content' role='tabpanel' aria-labelledby='tab-id-1-tab' aria-hidden=\"false\"><div class='tab_inner_content invers-color' ><p><img decoding=\"async\" class=\"wp-image-1768 alignleft\" title=\"BACKWINKEL-Blog \u2013 Das Team\" src=\"https:\/\/blog.backwinkel.de\/wp-content\/uploads\/2018\/10\/backwinkel-blog-autorenbox-intern_preview-300x198.jpg\" alt=\"\" width=\"300\" height=\"198\" \/>Gibts auch ein Gesicht hinter dem BACKWINKEL-Blog? Ja. Vier ?. Drei davon sogar mit Foto.<\/p>\n<p><span style=\"font-style: inherit !important; font-weight: inherit !important;\">Wir \u2013 Lukas, Tatjana, Stefan und Christine \u2013 bespielen unseren Blog unter dem Motto LACHEN LESEN LERNEN. <\/span><\/p>\n<p><span style=\"font-style: inherit !important; font-weight: inherit !important;\">Lukas kennt sich online so gut aus wie in seiner Westentasche und findet immer spannende Themen, w\u00e4hrend Stefan unseren Beitr\u00e4gen den passenden gestalterischen Rahmen gibt und Tatjana mit dem gr\u00fcnen Korrekturstift alles pr\u00fcfend be\u00e4ugt, was unsere Autorin Christine (und gern auch Gastautoren) f\u00fcr den BACKWINKEL-Blog nach ordentlicher Recherche schreibt.<\/span><\/p>\n<p>Gemeinsam suchen wir st\u00e4ndig nach neuen, aufregenden Themen rund um das Thema Bildung im Kiga, der Schule und zu Hause. Und weil Sie da an der Quelle sitzen, freuen wir uns auf Ihre konstruktiven R\u00fcckmeldungen und Anregungen an <a href=\"mailto:blog@backwinkel.de\">blog@backwinkel.de<\/a><\/p>\n<p>Viel Spa\u00df beim LACHEN LESEN LERNEN!<\/p>\n<\/div><\/div><\/section>\n<\/div><br \/>\n\n<style type=\"text\/css\" data-created_by=\"avia_inline_auto\" id=\"style-css-av-jkuvdh82-b6ea5d9aca5d02d0d62bf300de93e492\">\n#top .hr.av-jkuvdh82-b6ea5d9aca5d02d0d62bf300de93e492{\nmargin-top:10px;\nmargin-bottom:10px;\n}\n.hr.av-jkuvdh82-b6ea5d9aca5d02d0d62bf300de93e492 .hr-inner{\nwidth:500;\n}\n<\/style>\n<div  class='hr av-jkuvdh82-b6ea5d9aca5d02d0d62bf300de93e492 hr-custom  avia-builder-el-48  el_after_av_tab_container  el_before_av_heading  hr-left hr-icon-no'><span class='hr-inner inner-border-av-border-thin'><span class=\"hr-inner-style\"><\/span><\/span><\/div><br \/>\n\n<style type=\"text\/css\" data-created_by=\"avia_inline_auto\" id=\"style-css-av-2rgq8p-eea5960d1a3bca7958b11dcc59b35b67\">\n#top .av-special-heading.av-2rgq8p-eea5960d1a3bca7958b11dcc59b35b67{\npadding-bottom:10px;\n}\nbody .av-special-heading.av-2rgq8p-eea5960d1a3bca7958b11dcc59b35b67 .av-special-heading-tag .heading-char{\nfont-size:25px;\n}\n.av-special-heading.av-2rgq8p-eea5960d1a3bca7958b11dcc59b35b67 .av-subheading{\nfont-size:15px;\n}\n<\/style>\n<div  class='av-special-heading av-2rgq8p-eea5960d1a3bca7958b11dcc59b35b67 av-special-heading-h3 blockquote modern-quote  avia-builder-el-49  el_after_av_hr  el_before_av_blog '><h3 class='av-special-heading-tag '  >PASSENDE BEITR\u00c4GE<\/h3><div class=\"special-heading-border\"><div class=\"special-heading-inner-border\"><\/div><\/div><\/div><br \/>\n<div  data-slideshow-options=\"{&quot;animation&quot;:&quot;fade&quot;,&quot;autoplay&quot;:false,&quot;loop_autoplay&quot;:&quot;once&quot;,&quot;interval&quot;:5,&quot;loop_manual&quot;:&quot;manual-endless&quot;,&quot;autoplay_stopper&quot;:false,&quot;noNavigation&quot;:false,&quot;show_slide_delay&quot;:90}\" class='avia-content-slider avia-content-grid-active avia-content-slider1 avia-content-slider-odd  avia-builder-el-50  el_after_av_heading  avia-builder-el-last  av-slideshow-ui av-control-default   av-no-slider-navigation av-slideshow-manual av-loop-once av-loop-manual-endless ' ><div class=\"avia-content-slider-inner\"><div class=\"slide-entry-wrap\"><article class='slide-entry flex_column  post-entry post-entry-18633 slide-entry-overview slide-loop-1 slide-parity-odd  av_one_third first real-thumbnail posttype-post post-format-standard' ><a href='https:\/\/www.backwinkel.de\/blog\/plastik-recyceln\/' data-rel='slide-1' class='slide-image' title='Plastik recyceln'><img decoding=\"async\" fetchpriority=\"high\" width=\"1200\" height=\"628\" src=\"https:\/\/www.backwinkel.de\/blog\/wp-content\/uploads\/2026\/04\/04_Kiga_Plastik_nachhaltig_nutzen.jpg\" class=\"wp-image-18713 avia-img-lazy-loading-not-18713 attachment-no scaling size-no scaling wp-post-image\" alt=\"\" \/><\/a><div class=\"slide-content\"><header class=\"entry-content-header\" aria-label=\"Slide: Plastik recyceln\"><h3 class='slide-entry-title entry-title ' ><a href='https:\/\/www.backwinkel.de\/blog\/plastik-recyceln\/' title='Plastik recyceln'>Plastik recyceln<\/a><\/h3><span class=\"blog-categories minor-meta\"><a href=\"https:\/\/www.backwinkel.de\/blog\/category\/kindergarten-kita\/\" rel=\"tag\">Kindergarten<\/a> <\/span><span class=\"av-vertical-delimiter\"><\/span><\/header><div class='slide-entry-excerpt entry-content' >Biokunststoff f\u00fcr St\u00fchle, Materialboxen, Spielzeug und Rucks\u00e4cke<\/div><\/div><footer class=\"entry-footer\"><div class=\"slide-meta\"><time class='slide-meta-time updated' >14. April 2026<\/time><\/div><\/footer><\/article><article class='slide-entry flex_column  post-entry post-entry-18716 slide-entry-overview slide-loop-2 slide-parity-even  av_one_third  real-thumbnail posttype-post post-format-standard' ><a href='https:\/\/www.backwinkel.de\/blog\/rechnen-im-anfangsunterricht\/' data-rel='slide-1' class='slide-image' title='Rechnen im Anfangsunterricht'><img decoding=\"async\" fetchpriority=\"high\" width=\"1200\" height=\"628\" src=\"https:\/\/www.backwinkel.de\/blog\/wp-content\/uploads\/2026\/04\/04_Schule_Rechnen_anfangsunterricht.jpg\" class=\"wp-image-18748 avia-img-lazy-loading-not-18748 attachment-no scaling size-no scaling wp-post-image\" alt=\"\" \/><\/a><div class=\"slide-content\"><header class=\"entry-content-header\" aria-label=\"Slide: Rechnen im Anfangsunterricht\"><h3 class='slide-entry-title entry-title ' ><a href='https:\/\/www.backwinkel.de\/blog\/rechnen-im-anfangsunterricht\/' title='Rechnen im Anfangsunterricht'>Rechnen im Anfangsunterricht<\/a><\/h3><span class=\"blog-categories minor-meta\"><a href=\"https:\/\/www.backwinkel.de\/blog\/category\/schule-grundschule\/\" rel=\"tag\">Schule<\/a> <\/span><span class=\"av-vertical-delimiter\"><\/span><\/header><div class='slide-entry-excerpt entry-content' >Das Klassenzimmer als Lernlandschaft<\/div><\/div><footer class=\"entry-footer\"><div class=\"slide-meta\"><time class='slide-meta-time updated' >14. April 2026<\/time><\/div><\/footer><\/article><article class='slide-entry flex_column  post-entry post-entry-18372 slide-entry-overview slide-loop-3 slide-parity-odd  post-entry-last  av_one_third  real-thumbnail posttype-post post-format-standard' ><a href='https:\/\/www.backwinkel.de\/blog\/kranke-kinder-im-kindergarten\/' data-rel='slide-1' class='slide-image' title='Kranke Kinder im Kindergarten'><img decoding=\"async\" fetchpriority=\"high\" width=\"1200\" height=\"628\" src=\"https:\/\/www.backwinkel.de\/blog\/wp-content\/uploads\/2026\/03\/03_Kiga_Kranke_Kinder.jpg\" class=\"wp-image-18451 avia-img-lazy-loading-not-18451 attachment-no scaling size-no scaling wp-post-image\" alt=\"Thema: Kranke Kinder. Auf dem Bild ist ein krankes kleines M\u00e4dchen zu sehen. Eine Frau mit einem Fieberthermometer in der Hand sitzt neben ihr und hat die Hand auf der Stirn des M\u00e4dchens.\" \/><\/a><div class=\"slide-content\"><header class=\"entry-content-header\" aria-label=\"Slide: Kranke Kinder im Kindergarten\"><h3 class='slide-entry-title entry-title ' ><a href='https:\/\/www.backwinkel.de\/blog\/kranke-kinder-im-kindergarten\/' title='Kranke Kinder im Kindergarten'>Kranke Kinder im Kindergarten<\/a><\/h3><span class=\"blog-categories minor-meta\"><a href=\"https:\/\/www.backwinkel.de\/blog\/category\/kindergarten-kita\/\" rel=\"tag\">Kindergarten<\/a> <\/span><span class=\"av-vertical-delimiter\"><\/span><\/header><div class='slide-entry-excerpt entry-content' >Auswirkungen f\u00fcr Kinder, Eltern und Fachkr\u00e4fte<\/div><\/div><footer class=\"entry-footer\"><div class=\"slide-meta\"><time class='slide-meta-time updated' >9. M\u00e4rz 2026<\/time><\/div><\/footer><\/article><\/div><\/div><\/div><\/p><\/div>\n","protected":false},"excerpt":{"rendered":"<p>Ideen f\u00fcr die Weihnachtszeit in kulturell gemischten Kindergruppen<\/p>\n","protected":false},"author":3,"featured_media":3805,"comment_status":"closed","ping_status":"closed","sticky":false,"template":"","format":"standard","meta":{"inline_featured_image":false,"footnotes":""},"categories":[5],"tags":[],"class_list":["post-3802","post","type-post","status-publish","format-standard","has-post-thumbnail","hentry","category-kindergarten-kita"],"yoast_head":"<!-- This site is optimized with the Yoast SEO plugin v27.5 - https:\/\/yoast.com\/product\/yoast-seo-wordpress\/ -->\n<title>Weihnachten im Kindergarten \u00bb Tipps &amp; Ideen f\u00fcr die Weihnachtszeit | BACKWINKEL Blog<\/title>\n<meta name=\"description\" content=\"Lesen Sie, wie Sie Weihnachten im Kindergarten (kultur\u00fcbergreifend) gestalten. \u2713 Inklusive Basteltipps zum Ausdrucken \u2713 Geschichten \u2713 Lieder \u2713 Spiele \u2713 Speziell f\u00fcr Kita &amp; Kindergarten \u2713\" \/>\n<meta name=\"robots\" content=\"index, follow, max-snippet:-1, max-image-preview:large, max-video-preview:-1\" \/>\n<link rel=\"canonical\" href=\"https:\/\/www.backwinkel.de\/blog\/weihnachten-im-kindergarten\/\" \/>\n<meta property=\"og:locale\" content=\"de_DE\" \/>\n<meta property=\"og:type\" content=\"article\" \/>\n<meta property=\"og:title\" content=\"Weihnachten im Kindergarten \u00bb Tipps &amp; Ideen f\u00fcr die Weihnachtszeit | BACKWINKEL Blog\" \/>\n<meta property=\"og:description\" content=\"Lesen Sie, wie Sie Weihnachten im Kindergarten (kultur\u00fcbergreifend) gestalten. \u2713 Inklusive Basteltipps zum Ausdrucken \u2713 Geschichten \u2713 Lieder \u2713 Spiele \u2713 Speziell f\u00fcr Kita &amp; Kindergarten \u2713\" \/>\n<meta property=\"og:url\" content=\"https:\/\/www.backwinkel.de\/blog\/weihnachten-im-kindergarten\/\" \/>\n<meta property=\"og:site_name\" content=\"BACKWINKEL Blog\" \/>\n<meta property=\"article:published_time\" content=\"2019-11-04T09:03:40+00:00\" \/>\n<meta property=\"article:modified_time\" content=\"2026-04-22T08:12:39+00:00\" \/>\n<meta property=\"og:image\" content=\"https:\/\/www.backwinkel.de\/blog\/wp-content\/uploads\/2019\/10\/backwinkel-blog-weihnachten-im-kindergarten-heroimage.jpg\" \/>\n\t<meta property=\"og:image:width\" content=\"1200\" \/>\n\t<meta property=\"og:image:height\" content=\"628\" \/>\n\t<meta property=\"og:image:type\" content=\"image\/jpeg\" \/>\n<meta name=\"author\" content=\"BACKWINKEL\" \/>\n<meta name=\"twitter:card\" content=\"summary_large_image\" \/>\n<meta name=\"twitter:label1\" content=\"Verfasst von\" \/>\n\t<meta name=\"twitter:data1\" content=\"BACKWINKEL\" \/>\n\t<meta name=\"twitter:label2\" content=\"Gesch\u00e4tzte Lesezeit\" \/>\n\t<meta name=\"twitter:data2\" content=\"13\u00a0Minuten\" \/>\n<script type=\"application\/ld+json\" class=\"yoast-schema-graph\">{\"@context\":\"https:\\\/\\\/schema.org\",\"@graph\":[{\"@type\":\"Article\",\"@id\":\"https:\\\/\\\/www.backwinkel.de\\\/blog\\\/weihnachten-im-kindergarten\\\/#article\",\"isPartOf\":{\"@id\":\"https:\\\/\\\/www.backwinkel.de\\\/blog\\\/weihnachten-im-kindergarten\\\/\"},\"author\":{\"name\":\"BACKWINKEL\",\"@id\":\"https:\\\/\\\/www.backwinkel.de\\\/blog\\\/#\\\/schema\\\/person\\\/3d64575316540d25f7866264a4b7cd24\"},\"headline\":\"Weihnachten im Kindergarten:\",\"datePublished\":\"2019-11-04T09:03:40+00:00\",\"dateModified\":\"2026-04-22T08:12:39+00:00\",\"mainEntityOfPage\":{\"@id\":\"https:\\\/\\\/www.backwinkel.de\\\/blog\\\/weihnachten-im-kindergarten\\\/\"},\"wordCount\":4858,\"image\":{\"@id\":\"https:\\\/\\\/www.backwinkel.de\\\/blog\\\/weihnachten-im-kindergarten\\\/#primaryimage\"},\"thumbnailUrl\":\"https:\\\/\\\/www.backwinkel.de\\\/blog\\\/wp-content\\\/uploads\\\/2019\\\/10\\\/backwinkel-blog-weihnachten-im-kindergarten-heroimage.jpg\",\"articleSection\":[\"Kindergarten\"],\"inLanguage\":\"de\"},{\"@type\":\"WebPage\",\"@id\":\"https:\\\/\\\/www.backwinkel.de\\\/blog\\\/weihnachten-im-kindergarten\\\/\",\"url\":\"https:\\\/\\\/www.backwinkel.de\\\/blog\\\/weihnachten-im-kindergarten\\\/\",\"name\":\"Weihnachten im Kindergarten \u00bb Tipps & Ideen f\u00fcr die Weihnachtszeit | BACKWINKEL Blog\",\"isPartOf\":{\"@id\":\"https:\\\/\\\/www.backwinkel.de\\\/blog\\\/#website\"},\"primaryImageOfPage\":{\"@id\":\"https:\\\/\\\/www.backwinkel.de\\\/blog\\\/weihnachten-im-kindergarten\\\/#primaryimage\"},\"image\":{\"@id\":\"https:\\\/\\\/www.backwinkel.de\\\/blog\\\/weihnachten-im-kindergarten\\\/#primaryimage\"},\"thumbnailUrl\":\"https:\\\/\\\/www.backwinkel.de\\\/blog\\\/wp-content\\\/uploads\\\/2019\\\/10\\\/backwinkel-blog-weihnachten-im-kindergarten-heroimage.jpg\",\"datePublished\":\"2019-11-04T09:03:40+00:00\",\"dateModified\":\"2026-04-22T08:12:39+00:00\",\"author\":{\"@id\":\"https:\\\/\\\/www.backwinkel.de\\\/blog\\\/#\\\/schema\\\/person\\\/3d64575316540d25f7866264a4b7cd24\"},\"description\":\"Lesen Sie, wie Sie Weihnachten im Kindergarten (kultur\u00fcbergreifend) gestalten. \u2713 Inklusive Basteltipps zum Ausdrucken \u2713 Geschichten \u2713 Lieder \u2713 Spiele \u2713 Speziell f\u00fcr Kita & Kindergarten \u2713\",\"breadcrumb\":{\"@id\":\"https:\\\/\\\/www.backwinkel.de\\\/blog\\\/weihnachten-im-kindergarten\\\/#breadcrumb\"},\"inLanguage\":\"de\",\"potentialAction\":[{\"@type\":\"ReadAction\",\"target\":[\"https:\\\/\\\/www.backwinkel.de\\\/blog\\\/weihnachten-im-kindergarten\\\/\"]}]},{\"@type\":\"ImageObject\",\"inLanguage\":\"de\",\"@id\":\"https:\\\/\\\/www.backwinkel.de\\\/blog\\\/weihnachten-im-kindergarten\\\/#primaryimage\",\"url\":\"https:\\\/\\\/www.backwinkel.de\\\/blog\\\/wp-content\\\/uploads\\\/2019\\\/10\\\/backwinkel-blog-weihnachten-im-kindergarten-heroimage.jpg\",\"contentUrl\":\"https:\\\/\\\/www.backwinkel.de\\\/blog\\\/wp-content\\\/uploads\\\/2019\\\/10\\\/backwinkel-blog-weihnachten-im-kindergarten-heroimage.jpg\",\"width\":1200,\"height\":628,\"caption\":\"BACKWINKEL-Blog \u2013 Beitrag zum Thema Weihnachten im Kindergarten\"},{\"@type\":\"BreadcrumbList\",\"@id\":\"https:\\\/\\\/www.backwinkel.de\\\/blog\\\/weihnachten-im-kindergarten\\\/#breadcrumb\",\"itemListElement\":[{\"@type\":\"ListItem\",\"position\":1,\"name\":\"Startseite\",\"item\":\"https:\\\/\\\/blog.backwinkel.de\\\/aktuelles\\\/\"},{\"@type\":\"ListItem\",\"position\":2,\"name\":\"Weihnachten im Kindergarten:\"}]},{\"@type\":\"WebSite\",\"@id\":\"https:\\\/\\\/www.backwinkel.de\\\/blog\\\/#website\",\"url\":\"https:\\\/\\\/www.backwinkel.de\\\/blog\\\/\",\"name\":\"BACKWINKEL Blog\",\"description\":\"f\u00fcr Lehrer, Erzieher und Eltern\",\"potentialAction\":[{\"@type\":\"SearchAction\",\"target\":{\"@type\":\"EntryPoint\",\"urlTemplate\":\"https:\\\/\\\/www.backwinkel.de\\\/blog\\\/?s={search_term_string}\"},\"query-input\":{\"@type\":\"PropertyValueSpecification\",\"valueRequired\":true,\"valueName\":\"search_term_string\"}}],\"inLanguage\":\"de\"},{\"@type\":\"Person\",\"@id\":\"https:\\\/\\\/www.backwinkel.de\\\/blog\\\/#\\\/schema\\\/person\\\/3d64575316540d25f7866264a4b7cd24\",\"name\":\"BACKWINKEL\",\"sameAs\":[\"http:\\\/\\\/www.backwinkel.de\"],\"url\":\"https:\\\/\\\/www.backwinkel.de\\\/blog\\\/author\\\/backwinkel\\\/\"}]}<\/script>\n<!-- \/ Yoast SEO plugin. -->","yoast_head_json":{"title":"Weihnachten im Kindergarten \u00bb Tipps & Ideen f\u00fcr die Weihnachtszeit | BACKWINKEL Blog","description":"Lesen Sie, wie Sie Weihnachten im Kindergarten (kultur\u00fcbergreifend) gestalten. \u2713 Inklusive Basteltipps zum Ausdrucken \u2713 Geschichten \u2713 Lieder \u2713 Spiele \u2713 Speziell f\u00fcr Kita & Kindergarten \u2713","robots":{"index":"index","follow":"follow","max-snippet":"max-snippet:-1","max-image-preview":"max-image-preview:large","max-video-preview":"max-video-preview:-1"},"canonical":"https:\/\/www.backwinkel.de\/blog\/weihnachten-im-kindergarten\/","og_locale":"de_DE","og_type":"article","og_title":"Weihnachten im Kindergarten \u00bb Tipps & Ideen f\u00fcr die Weihnachtszeit | BACKWINKEL Blog","og_description":"Lesen Sie, wie Sie Weihnachten im Kindergarten (kultur\u00fcbergreifend) gestalten. \u2713 Inklusive Basteltipps zum Ausdrucken \u2713 Geschichten \u2713 Lieder \u2713 Spiele \u2713 Speziell f\u00fcr Kita & Kindergarten \u2713","og_url":"https:\/\/www.backwinkel.de\/blog\/weihnachten-im-kindergarten\/","og_site_name":"BACKWINKEL Blog","article_published_time":"2019-11-04T09:03:40+00:00","article_modified_time":"2026-04-22T08:12:39+00:00","og_image":[{"width":1200,"height":628,"url":"https:\/\/www.backwinkel.de\/blog\/wp-content\/uploads\/2019\/10\/backwinkel-blog-weihnachten-im-kindergarten-heroimage.jpg","type":"image\/jpeg"}],"author":"BACKWINKEL","twitter_card":"summary_large_image","twitter_misc":{"Verfasst von":"BACKWINKEL","Gesch\u00e4tzte Lesezeit":"13\u00a0Minuten"},"schema":{"@context":"https:\/\/schema.org","@graph":[{"@type":"Article","@id":"https:\/\/www.backwinkel.de\/blog\/weihnachten-im-kindergarten\/#article","isPartOf":{"@id":"https:\/\/www.backwinkel.de\/blog\/weihnachten-im-kindergarten\/"},"author":{"name":"BACKWINKEL","@id":"https:\/\/www.backwinkel.de\/blog\/#\/schema\/person\/3d64575316540d25f7866264a4b7cd24"},"headline":"Weihnachten im Kindergarten:","datePublished":"2019-11-04T09:03:40+00:00","dateModified":"2026-04-22T08:12:39+00:00","mainEntityOfPage":{"@id":"https:\/\/www.backwinkel.de\/blog\/weihnachten-im-kindergarten\/"},"wordCount":4858,"image":{"@id":"https:\/\/www.backwinkel.de\/blog\/weihnachten-im-kindergarten\/#primaryimage"},"thumbnailUrl":"https:\/\/www.backwinkel.de\/blog\/wp-content\/uploads\/2019\/10\/backwinkel-blog-weihnachten-im-kindergarten-heroimage.jpg","articleSection":["Kindergarten"],"inLanguage":"de"},{"@type":"WebPage","@id":"https:\/\/www.backwinkel.de\/blog\/weihnachten-im-kindergarten\/","url":"https:\/\/www.backwinkel.de\/blog\/weihnachten-im-kindergarten\/","name":"Weihnachten im Kindergarten \u00bb Tipps & Ideen f\u00fcr die Weihnachtszeit | BACKWINKEL Blog","isPartOf":{"@id":"https:\/\/www.backwinkel.de\/blog\/#website"},"primaryImageOfPage":{"@id":"https:\/\/www.backwinkel.de\/blog\/weihnachten-im-kindergarten\/#primaryimage"},"image":{"@id":"https:\/\/www.backwinkel.de\/blog\/weihnachten-im-kindergarten\/#primaryimage"},"thumbnailUrl":"https:\/\/www.backwinkel.de\/blog\/wp-content\/uploads\/2019\/10\/backwinkel-blog-weihnachten-im-kindergarten-heroimage.jpg","datePublished":"2019-11-04T09:03:40+00:00","dateModified":"2026-04-22T08:12:39+00:00","author":{"@id":"https:\/\/www.backwinkel.de\/blog\/#\/schema\/person\/3d64575316540d25f7866264a4b7cd24"},"description":"Lesen Sie, wie Sie Weihnachten im Kindergarten (kultur\u00fcbergreifend) gestalten. \u2713 Inklusive Basteltipps zum Ausdrucken \u2713 Geschichten \u2713 Lieder \u2713 Spiele \u2713 Speziell f\u00fcr Kita & Kindergarten \u2713","breadcrumb":{"@id":"https:\/\/www.backwinkel.de\/blog\/weihnachten-im-kindergarten\/#breadcrumb"},"inLanguage":"de","potentialAction":[{"@type":"ReadAction","target":["https:\/\/www.backwinkel.de\/blog\/weihnachten-im-kindergarten\/"]}]},{"@type":"ImageObject","inLanguage":"de","@id":"https:\/\/www.backwinkel.de\/blog\/weihnachten-im-kindergarten\/#primaryimage","url":"https:\/\/www.backwinkel.de\/blog\/wp-content\/uploads\/2019\/10\/backwinkel-blog-weihnachten-im-kindergarten-heroimage.jpg","contentUrl":"https:\/\/www.backwinkel.de\/blog\/wp-content\/uploads\/2019\/10\/backwinkel-blog-weihnachten-im-kindergarten-heroimage.jpg","width":1200,"height":628,"caption":"BACKWINKEL-Blog \u2013 Beitrag zum Thema Weihnachten im Kindergarten"},{"@type":"BreadcrumbList","@id":"https:\/\/www.backwinkel.de\/blog\/weihnachten-im-kindergarten\/#breadcrumb","itemListElement":[{"@type":"ListItem","position":1,"name":"Startseite","item":"https:\/\/blog.backwinkel.de\/aktuelles\/"},{"@type":"ListItem","position":2,"name":"Weihnachten im Kindergarten:"}]},{"@type":"WebSite","@id":"https:\/\/www.backwinkel.de\/blog\/#website","url":"https:\/\/www.backwinkel.de\/blog\/","name":"BACKWINKEL Blog","description":"f\u00fcr Lehrer, Erzieher und Eltern","potentialAction":[{"@type":"SearchAction","target":{"@type":"EntryPoint","urlTemplate":"https:\/\/www.backwinkel.de\/blog\/?s={search_term_string}"},"query-input":{"@type":"PropertyValueSpecification","valueRequired":true,"valueName":"search_term_string"}}],"inLanguage":"de"},{"@type":"Person","@id":"https:\/\/www.backwinkel.de\/blog\/#\/schema\/person\/3d64575316540d25f7866264a4b7cd24","name":"BACKWINKEL","sameAs":["http:\/\/www.backwinkel.de"],"url":"https:\/\/www.backwinkel.de\/blog\/author\/backwinkel\/"}]}},"_links":{"self":[{"href":"https:\/\/www.backwinkel.de\/blog\/wp-json\/wp\/v2\/posts\/3802","targetHints":{"allow":["GET"]}}],"collection":[{"href":"https:\/\/www.backwinkel.de\/blog\/wp-json\/wp\/v2\/posts"}],"about":[{"href":"https:\/\/www.backwinkel.de\/blog\/wp-json\/wp\/v2\/types\/post"}],"author":[{"embeddable":true,"href":"https:\/\/www.backwinkel.de\/blog\/wp-json\/wp\/v2\/users\/3"}],"replies":[{"embeddable":true,"href":"https:\/\/www.backwinkel.de\/blog\/wp-json\/wp\/v2\/comments?post=3802"}],"version-history":[{"count":8,"href":"https:\/\/www.backwinkel.de\/blog\/wp-json\/wp\/v2\/posts\/3802\/revisions"}],"predecessor-version":[{"id":18868,"href":"https:\/\/www.backwinkel.de\/blog\/wp-json\/wp\/v2\/posts\/3802\/revisions\/18868"}],"wp:featuredmedia":[{"embeddable":true,"href":"https:\/\/www.backwinkel.de\/blog\/wp-json\/wp\/v2\/media\/3805"}],"wp:attachment":[{"href":"https:\/\/www.backwinkel.de\/blog\/wp-json\/wp\/v2\/media?parent=3802"}],"wp:term":[{"taxonomy":"category","embeddable":true,"href":"https:\/\/www.backwinkel.de\/blog\/wp-json\/wp\/v2\/categories?post=3802"},{"taxonomy":"post_tag","embeddable":true,"href":"https:\/\/www.backwinkel.de\/blog\/wp-json\/wp\/v2\/tags?post=3802"}],"curies":[{"name":"wp","href":"https:\/\/api.w.org\/{rel}","templated":true}]}}