{"id":3770,"date":"2019-11-04T09:48:21","date_gmt":"2019-11-04T08:48:21","guid":{"rendered":"https:\/\/blog.backwinkel.de\/?p=3770"},"modified":"2026-04-22T10:11:59","modified_gmt":"2026-04-22T08:11:59","slug":"tiere-im-winter","status":"publish","type":"post","link":"https:\/\/www.backwinkel.de\/blog\/tiere-im-winter\/","title":{"rendered":"Tiere im Winter"},"content":{"rendered":"\n<style type=\"text\/css\" data-created_by=\"avia_inline_auto\" id=\"style-css-av-8vdv8-f7e0dae999cc49bc529a70f67b346526\">\n.flex_column.av-8vdv8-f7e0dae999cc49bc529a70f67b346526{\nborder-radius:0px 0px 0px 0px;\npadding:0px 0px 0px 0px;\n}\n<\/style>\n<div  class='flex_column av-8vdv8-f7e0dae999cc49bc529a70f67b346526 av_one_full  avia-builder-el-0  el_before_av_three_fifth  avia-builder-el-first  first flex_column_div av-zero-column-padding  '     ><p>\n<style type=\"text\/css\" data-created_by=\"avia_inline_auto\" id=\"style-css-av-jl6mo8rj-605eccf9df0dce9c3ffb6a57636da99d\">\n#top .hr.hr-invisible.av-jl6mo8rj-605eccf9df0dce9c3ffb6a57636da99d{\nmargin-top:0px;\nheight:1px;\n}\n<\/style>\n<div  class='hr av-jl6mo8rj-605eccf9df0dce9c3ffb6a57636da99d hr-invisible  avia-builder-el-1  el_before_av_heading  avia-builder-el-first '><span class='hr-inner '><span class=\"hr-inner-style\"><\/span><\/span><\/div><br \/>\n\n<style type=\"text\/css\" data-created_by=\"avia_inline_auto\" id=\"style-css-av-39yozu-4856ede6be363bdc25855a3e07a2ae2c\">\n#top .av-special-heading.av-39yozu-4856ede6be363bdc25855a3e07a2ae2c{\npadding-bottom:10px;\n}\nbody .av-special-heading.av-39yozu-4856ede6be363bdc25855a3e07a2ae2c .av-special-heading-tag .heading-char{\nfont-size:25px;\n}\n.av-special-heading.av-39yozu-4856ede6be363bdc25855a3e07a2ae2c .av-subheading{\nfont-size:15px;\n}\n<\/style>\n<div  class='av-special-heading av-39yozu-4856ede6be363bdc25855a3e07a2ae2c av-special-heading-h1 blockquote modern-quote  avia-builder-el-2  el_after_av_hr  el_before_av_post_metadata '><h1 class='av-special-heading-tag '  >Tiere im Winter: Tipps und Ideen f\u00fcr ein \u00f6kologisches Unterrichtsprojekt in der Grundschule<\/h1><div class='av-subheading av-subheading_below'><p class=\"autorenname\">Christine Hagemann<\/p>\n<\/div><div class=\"special-heading-border\"><div class=\"special-heading-inner-border\"><\/div><\/div><\/div><br \/>\n\n<style type=\"text\/css\" data-created_by=\"avia_inline_auto\" id=\"style-css-av-66mwuy-82ea1364c4bc3a35a178b21032487609\">\n#top .av-post-metadata-container.av-66mwuy-82ea1364c4bc3a35a178b21032487609{\nfont-size:12px;\n}\n#top .av-post-metadata-container.av-66mwuy-82ea1364c4bc3a35a178b21032487609 .av-post-metadata-container-inner{\nfont-size:12px;\n}\n<\/style>\n<div  class='av-post-metadata-container av-66mwuy-82ea1364c4bc3a35a178b21032487609 av-metadata-container-align-left  avia-builder-el-3  el_after_av_heading  el_before_av_textblock  av-metadata-container-1'><div class='av-post-metadata-container-inner'><span class=\"av-post-metadata-content av-post-metadata-meta-content\"><span class=\"av-post-metadata-content av-post-metadata-modified\"><span class=\"av-metadata-before av-metadata-before-modified\">Aktualisiert:<\/span><span class=\"av-post-metadata-modified-date\" >22. April 2026<\/span><\/span><span class=\"av-post-metadata-content av-post-metadata-separator\">\/<\/span><span class=\"av-post-metadata-content av-post-metadata-modified\"><span class=\"av-metadata-before av-metadata-before-modified\">Zuletzt aktualisiert:<\/span><span class=\"av-post-metadata-modified-date\" >22. April 2026<\/span><\/span><\/span><\/div><\/div><br \/>\n\n<style type=\"text\/css\" data-created_by=\"avia_inline_auto\" id=\"style-css-av-jkuubohz-af99e64d94ff8266fb7b03eeb92b6bb7\">\n#top .av_textblock_section.av-jkuubohz-af99e64d94ff8266fb7b03eeb92b6bb7 .avia_textblock{\nfont-size:20px;\n}\n<\/style>\n<section  class='av_textblock_section av-jkuubohz-af99e64d94ff8266fb7b03eeb92b6bb7 '  ><div class='avia_textblock' ><p class=\"einleitungstext-beitrag\">Wie leben Igel, Reh und Fuchs im Winter? Viele Kinder kennen heimische Wildtiere nur noch aus dem Fernsehen oder aus Bilderb\u00fcchern. Im Unterricht wecken Sie das Interesse der Kinder f\u00fcr Natur und Umweltschutz.<\/p>\n<\/div><\/section><br \/>\n\n<style type=\"text\/css\" data-created_by=\"avia_inline_auto\" id=\"style-css-av-jkuuo5h6-95bd988fc68f1592d036f54dfe3199bb\">\n.avia-image-container.av-jkuuo5h6-95bd988fc68f1592d036f54dfe3199bb img.avia_image{\nbox-shadow:none;\n}\n.avia-image-container.av-jkuuo5h6-95bd988fc68f1592d036f54dfe3199bb .av-image-caption-overlay-center{\ncolor:#ffffff;\n}\n<\/style>\n<div  class='avia-image-container av-jkuuo5h6-95bd988fc68f1592d036f54dfe3199bb av-styling- avia-align-center  avia-builder-el-5  el_after_av_textblock  el_before_av_hr '  ><div class=\"avia-image-container-inner\"><div class=\"avia-image-overlay-wrap\"><img decoding=\"async\" fetchpriority=\"high\" class='wp-image-3774 avia-img-lazy-loading-not-3774 avia_image ' src=\"https:\/\/www.backwinkel.de\/blog\/wp-content\/uploads\/2019\/10\/backwinkel-blog-tiere-im-winter-heroimage.jpg\" alt='BACKWINKEL-Blog \u2013 Beitrag zum Thema Tiere im Winter' title='Tiere im Winter: Tipps &amp; Ideen f\u00fcr ein \u00f6kologisches Unterrichtsprojekt in der Grundschule'  height=\"628\" width=\"1200\" srcset=\"https:\/\/www.backwinkel.de\/blog\/wp-content\/uploads\/2019\/10\/backwinkel-blog-tiere-im-winter-heroimage.jpg 1200w, https:\/\/www.backwinkel.de\/blog\/wp-content\/uploads\/2019\/10\/backwinkel-blog-tiere-im-winter-heroimage-300x157.jpg 300w, https:\/\/www.backwinkel.de\/blog\/wp-content\/uploads\/2019\/10\/backwinkel-blog-tiere-im-winter-heroimage-768x402.jpg 768w, https:\/\/www.backwinkel.de\/blog\/wp-content\/uploads\/2019\/10\/backwinkel-blog-tiere-im-winter-heroimage-1030x539.jpg 1030w, https:\/\/www.backwinkel.de\/blog\/wp-content\/uploads\/2019\/10\/backwinkel-blog-tiere-im-winter-heroimage-705x369.jpg 705w\" sizes=\"(max-width: 1200px) 100vw, 1200px\" \/><\/div><\/div><\/div><br \/>\n\n<style type=\"text\/css\" data-created_by=\"avia_inline_auto\" id=\"style-css-av-jl6mo8rj-30-449f592a78b80ee1f59dba0c699b99d0\">\n#top .hr.hr-invisible.av-jl6mo8rj-30-449f592a78b80ee1f59dba0c699b99d0{\nheight:5px;\n}\n<\/style>\n<div  class='hr av-jl6mo8rj-30-449f592a78b80ee1f59dba0c699b99d0 hr-invisible  avia-builder-el-6  el_after_av_image  el_before_av_textblock '><span class='hr-inner '><span class=\"hr-inner-style\"><\/span><\/span><\/div><br \/>\n\n<style type=\"text\/css\" data-created_by=\"avia_inline_auto\" id=\"style-css-av-jl7ql86y-476587f36812d438ff309d71c344c7b6\">\n#top .av_textblock_section.av-jl7ql86y-476587f36812d438ff309d71c344c7b6 .avia_textblock{\nfont-size:10px;\n}\n<\/style>\n<section  class='av_textblock_section av-jl7ql86y-476587f36812d438ff309d71c344c7b6 '  ><div class='avia_textblock' ><p class=\"bildnennung-beitrag\" style=\"text-align: left;\">\u00a9 Natureimmortal, Adobestock.com<\/p>\n<\/div><\/section><br \/>\n\n<style type=\"text\/css\" data-created_by=\"avia_inline_auto\" id=\"style-css-av-jl6mo8rj-28-334e4f61497b50fb8a0970a1b1f4d00a\">\n#top .hr.hr-invisible.av-jl6mo8rj-28-334e4f61497b50fb8a0970a1b1f4d00a{\nheight:20px;\n}\n<\/style>\n<div  class='hr av-jl6mo8rj-28-334e4f61497b50fb8a0970a1b1f4d00a hr-invisible  avia-builder-el-8  el_after_av_textblock  el_before_av_textblock '><span class='hr-inner '><span class=\"hr-inner-style\"><\/span><\/span><\/div><br \/>\n<section  class='av_textblock_section av-jkuubohz-29-638a800fe95af196d9b38ae17d95ca44 '  ><div class='avia_textblock' ><p>Wer wohnt alles im Winterwald? Welche \u00dcberlebensstrategien haben Tiere, um die Eisesk\u00e4lte zu \u00fcberstehen? Wenn Sie Kindern dieses Wissen vermitteln, f\u00f6rdern Sie <strong>aktiven Naturschutz<\/strong>. Lesen Sie in diesem Beitrag, wie Sie ein <strong>interaktives Unterrichtsprojekt <\/strong>zum Thema Tiere im Winter aufbauen und mit Ihren Sch\u00fclern eine tolle Pr\u00e4sentation gestalten. Praxistipps zum Ausdrucken inklusive.<\/p>\n<\/div><\/section><\/p><\/div>\n<style type=\"text\/css\" data-created_by=\"avia_inline_auto\" id=\"style-css-av-swqf9-6bb490ea0cbb171c9d159bb967226129\">\n.flex_column.av-swqf9-6bb490ea0cbb171c9d159bb967226129{\nborder-radius:0px 0px 0px 0px;\npadding:20px 20px 20px 20px;\nbackground-color:#f2f2f2;\n}\n<\/style>\n<div  class='flex_column av-swqf9-6bb490ea0cbb171c9d159bb967226129 av_three_fifth  avia-builder-el-10  el_after_av_one_full  el_before_av_two_fifth  first flex_column_div  column-top-margin'     ><style type=\"text\/css\" data-created_by=\"avia_inline_auto\" id=\"style-css-av-jkuua5r2-c85a89e591aaa70c23149bed18a24446\">\n#top .av_textblock_section.av-jkuua5r2-c85a89e591aaa70c23149bed18a24446 .avia_textblock{\nfont-size:14px;\n}\n<\/style>\n<section  class='av_textblock_section av-jkuua5r2-c85a89e591aaa70c23149bed18a24446 '  ><div class='avia_textblock' ><p><strong>Inhalt<\/strong><\/p>\n<p><strong><a href=\"#1\">1. Welche Ziele verfolgt das Unterrichtsprojekt?<\/a><\/strong><\/p>\n<p><strong><a href=\"#2\">2. So wecken Sie das Interesse der Kinder<\/a><\/strong><br \/>\n2.1 Einf\u00fchrungsstunde Tiere im Winter: Klasse 1 und 2<br \/>\n2.2 Interaktive Projektarbeit: Klasse 3 und 4<\/p>\n<p><strong><a href=\"#3\">3. Wie begleite ich die Projektphase?<\/a><\/strong><br \/>\n3.1 Verschiedene Projektideen anregen<br \/>\n3.2 Differenzierung erm\u00f6glichen<\/p>\n<p><strong><a href=\"#4\">4. Ideen f\u00fcr eine gelungene Pr\u00e4sentation<\/a><\/strong><\/p>\n<\/div><\/section><\/div><\/p>\n\n<style type=\"text\/css\" data-created_by=\"avia_inline_auto\" id=\"style-css-av-2532d-6e1ea05e25305745634c0a02c87dc827\">\n.flex_column.av-2532d-6e1ea05e25305745634c0a02c87dc827{\nborder-radius:0px 0px 0px 0px;\npadding:0 0 0 0;\n}\n<\/style>\n<div  class='flex_column av-2532d-6e1ea05e25305745634c0a02c87dc827 av_two_fifth  avia-builder-el-12  el_after_av_three_fifth  el_before_av_sidebar  flex_column_div av-zero-column-padding  column-top-margin'     ><\/div>\n<div  class='avia-builder-widget-area clearfix  avia-builder-el-13  el_after_av_two_fifth  el_before_av_one_full '><div id=\"text-34\" class=\"widget clearfix widget_text\">\t\t\t<div class=\"textwidget\"><p><a href=\"https:\/\/www.backwinkel.de\/nachhaltig-denken\/\" target=\"\\_blank\" rel=\"noopener\"><br \/>\n<img decoding=\"async\" class=\"werbung-desktop alignnone wp-image-4186 size-full\" src=\"https:\/\/www.backwinkel.de\/blog\/wp-content\/uploads\/2026\/04\/Backwinkel-blog-werbebanner-shop-schule_desktop.jpg\" alt=\"\" width=\"1251\" height=\"201\" \/><br \/>\n<\/a><br \/>\n<a href=\"https:\/\/www.backwinkel.de\/nachhaltig-denken\/\" target=\"\\_blank\" rel=\"noopener\"><br \/>\n<img decoding=\"async\" class=\"werbung-mobile alignnone wp-image-4187 size-full\" src=\"https:\/\/www.backwinkel.de\/blog\/wp-content\/uploads\/2026\/04\/Backwinkel-blog-werbebanner-shop-schule_mobile.jpg\" alt=\"\" width=\"550\" height=\"500\" \/><br \/>\n<\/a><\/p>\n<\/div>\n\t\t<\/div><\/div>\n\n<style type=\"text\/css\" data-created_by=\"avia_inline_auto\" id=\"style-css-av-hh5al-9c53459d093ff912fcc98cf97e19d753\">\n.flex_column.av-hh5al-9c53459d093ff912fcc98cf97e19d753{\nborder-radius:0px 0px 0px 0px;\npadding:0px 0px 0px 0px;\n}\n<\/style>\n<div  class='flex_column av-hh5al-9c53459d093ff912fcc98cf97e19d753 av_one_full  avia-builder-el-14  el_after_av_sidebar  el_before_av_one_full  first flex_column_div av-zero-column-padding  '     ><section  class='av_textblock_section av-jkuul0eg-47aa45f9d704d9c8972e1ddf4c471077 '  ><div class='avia_textblock' >\n<style type=\"text\/css\" data-created_by=\"avia_inline_auto\" id=\"style-css-av-7c7r8-1ad3209b7b9ea9c60cc97e362d76ea5e\">\n#top .hr.hr-invisible.av-7c7r8-1ad3209b7b9ea9c60cc97e362d76ea5e{\nheight:20px;\n}\n<\/style>\n<div  class='hr av-7c7r8-1ad3209b7b9ea9c60cc97e362d76ea5e hr-invisible  avia-builder-el-16  avia-builder-el-no-sibling '><span class='hr-inner '><span class=\"hr-inner-style\"><\/span><\/span><\/div>\n<h2 id=\"1\" class=\"position\">Welche Ziele verfolgt das Unterrichtsprojekt \u201eTiere im Winter\u201c?<\/h2>\n<p>Die Begegnung mit heimischen Wildtieren und ihren Lebensbedingungen f\u00f6rdert das Verstehen von <strong>biologischen und \u00f6kologischen Zusammenh\u00e4ngen<\/strong>. Dies ist eine Voraussetzung daf\u00fcr, dass Kinder Verantwortungsbewusstsein im Umgang mit der Natur entwickeln.<\/p>\n<p>Das Unterrichtsprojekt Tiere im Winter verbindet themen\u00fcbergreifende Ziele:<\/p>\n<p>Die Sch\u00fclerinnen und Sch\u00fcler<\/p>\n<ul>\n<li>erkunden Naturph\u00e4nomene und entwickeln eigene Fragen<\/li>\n<li>entwickeln unterschiedliche Aktivit\u00e4ten im Umgang mit Sachtexten weiter<\/li>\n<li>erweitern Kompetenzen zum Finden von Informationen, z. B. aus Sachb\u00fcchern, Lexika, Internet<\/li>\n<li>dokumentieren Ergebnisse und orientieren sich altersgem\u00e4\u00df an der Fachsprache<\/li>\n<li>interpretieren Ergebnisse und pr\u00e4sentieren sie anschaulich, z. B. in Plakaten, Schaust\u00fccken<\/li>\n<\/ul>\n<p>Erm\u00f6glichen Sie h\u00e4ufige Gelegenheiten zum Austausch<strong> in Partner- und Gruppenarbeit<\/strong>. Damit die Kinder das <strong>eigenst\u00e4ndige Erarbeiten von Inhalten<\/strong> \u00fcben, k\u00f6nnen sie die Merkmale der \u00dcberwinterungsstrategien verschiedener Tiere in arbeitsteiligen Gruppen herausarbeiten. Zum anschlie\u00dfenden <strong>Informationsaustausch<\/strong> eignen sich die Methoden Placemat oder Gruppenpuzzle.<\/p>\n<\/div><\/section><\/div>\n\n<style type=\"text\/css\" data-created_by=\"avia_inline_auto\" id=\"style-css-av-hh5al-26-d1f2a01f89204934add1b891d8eaf3f3\">\n.flex_column.av-hh5al-26-d1f2a01f89204934add1b891d8eaf3f3{\nborder-radius:0px 0px 0px 0px;\npadding:0px 0px 0px 0px;\n}\n<\/style>\n<div  class='flex_column av-hh5al-26-d1f2a01f89204934add1b891d8eaf3f3 av_one_full  avia-builder-el-17  el_after_av_one_full  el_before_av_two_fifth  first flex_column_div av-zero-column-padding  column-top-margin'     ><section  class='av_textblock_section av-jkuul0eg-25-10cde00c5f6fb5e58053732bfdf88d45 '  ><div class='avia_textblock' >\n<style type=\"text\/css\" data-created_by=\"avia_inline_auto\" id=\"style-css-av-7c7r8-24-7afd6ea64cb0e19b19955e9e6e2cd4c7\">\n#top .hr.hr-invisible.av-7c7r8-24-7afd6ea64cb0e19b19955e9e6e2cd4c7{\nheight:20px;\n}\n<\/style>\n<div  class='hr av-7c7r8-24-7afd6ea64cb0e19b19955e9e6e2cd4c7 hr-invisible  avia-builder-el-19  avia-builder-el-no-sibling '><span class='hr-inner '><span class=\"hr-inner-style\"><\/span><\/span><\/div>\n<h2 id=\"2\" class=\"position\">So wecken Sie das Interesse der Kinder<\/h2>\n<p>Was machen die Tiere im Winter, wenn es drau\u00dfen eisig kalt ist? Um das Interesse Ihrer Sch\u00fcler zu wecken, gehen Sie von den Erfahrungen und Fragen der Kinder aus. Bestimmt wissen einige schon, dass die Tiere Winterschlaf machen. Stimmt das wirklich? Verschlafen alle Tiere den Winter?<\/p>\n<h3>Einf\u00fchrungsstunde Tiere im Winter: Klasse 1 und 2<\/h3>\n<p>F\u00fcr j\u00fcngere Sch\u00fcler eignet sich <strong>der spielerische Einstieg<\/strong> \u00fcber Tierfiguren. Stellen Sie verschiedene einheimische Wildtiere aus Stoff oder Kunststoff gut sichtbar auf einen Tisch. Alternativ k\u00f6nnen Sie vergr\u00f6\u00dferte Bilder der Tiere mit Magneten an der Tafel befestigen oder mit einer <a href=\"https:\/\/www.backwinkel.de\/cat\/dokumentenkamera-schule\/\" target=\"_blank\" rel=\"noopener\">Dokumentenkamera<\/a> direkt an die Wand projizieren. Die Kinder sollen die gezeigten Tiere benennen, soweit sie sie kennen.<\/p>\n<p>Fragen Sie die Sch\u00fcler, ob sie eines dieser Tiere schon einmal drau\u00dfen in der Natur gesehen haben: War das im Sommer oder im Winter? Anschlie\u00dfend geben Sie Informationen \u00fcber das Verhalten der Tiere im Winter. Erkl\u00e4ren Sie dabei auch den Unterschied zwischen Winterschlaf, Winterruhe und Winterstarre.<\/p>\n<p><strong>Welche Tiere machen Winterschlaf?<\/strong> Einen Infotext in einfacher Sprache erhalten Sie hier zum Download:<\/p>\n<\/div><\/section><\/div>\n\n<style type=\"text\/css\" data-created_by=\"avia_inline_auto\" id=\"style-css-av-jlnt0i5o-66f1833fd8828e1ae2a195debf6ee289\">\n.flex_column.av-jlnt0i5o-66f1833fd8828e1ae2a195debf6ee289{\nborder-radius:0px 0px 0px 0px;\npadding:10px 10px 10px 10px;\nbackground-color:#f2d1e4;\n}\n<\/style>\n<div  class='flex_column av-jlnt0i5o-66f1833fd8828e1ae2a195debf6ee289 av_two_fifth  avia-builder-el-20  el_after_av_one_full  el_before_av_three_fifth  first flex_column_div  column-top-margin'     ><style type=\"text\/css\" data-created_by=\"avia_inline_auto\" id=\"style-css-av-jkuvcso3-280f74d1b0f55dd916005cfdcca28e55\">\n#top .av_textblock_section.av-jkuvcso3-280f74d1b0f55dd916005cfdcca28e55 .avia_textblock{\nfont-size:22px;\n}\n<\/style>\n<section  class='av_textblock_section av-jkuvcso3-280f74d1b0f55dd916005cfdcca28e55 '  ><div class='avia_textblock' ><p>Infotext: Was machen die Tiere im Winter?<\/p>\n<\/div><\/section><\/div>\n\n<style type=\"text\/css\" data-created_by=\"avia_inline_auto\" id=\"style-css-av-jlnt0i5o-20-10092a720e0d18e08058a9e66ba7b67c\">\n.flex_column.av-jlnt0i5o-20-10092a720e0d18e08058a9e66ba7b67c{\nborder-radius:0px 0px 0px 0px;\npadding:10px 10px 10px 10px;\nbackground-color:#ffffff;\n}\n<\/style>\n<div  class='flex_column av-jlnt0i5o-20-10092a720e0d18e08058a9e66ba7b67c av_three_fifth  avia-builder-el-22  el_after_av_two_fifth  el_before_av_one_full  flex_column_div  column-top-margin'     ><\/div>\n\n<style type=\"text\/css\" data-created_by=\"avia_inline_auto\" id=\"style-css-av-jlnt0i5o-18-64088ff268d84e94b9ff680d95813cd2\">\n.flex_column.av-jlnt0i5o-18-64088ff268d84e94b9ff680d95813cd2{\nborder-radius:0px 0px 0px 0px;\npadding:10px 10px 10px 10px;\nbackground-color:#ffffff;\n}\n<\/style>\n<div  class='flex_column av-jlnt0i5o-18-64088ff268d84e94b9ff680d95813cd2 av_one_full  avia-builder-el-23  el_after_av_three_fifth  el_before_av_one_full  first flex_column_div  '     ><section  class='av_textblock_section av-jkuul0eg-22-bd8211449a34804835b21e6032e7fc0b '  ><div class='avia_textblock' ><p><a href=\"https:\/\/blog.backwinkel.de\/wp-content\/uploads\/2019\/10\/backwinkel-blog-tiere-im-winter-verhalten-der-tiere.jpg\"><img decoding=\"async\" class=\"alignnone wp-image-3793\" title=\"BACKWINKEL - Tiere im Winter - Infotext\" src=\"https:\/\/blog.backwinkel.de\/wp-content\/uploads\/2019\/10\/backwinkel-blog-tiere-im-winter-verhalten-der-tiere-212x300.jpg\" alt=\"\" width=\"354\" height=\"501\" srcset=\"https:\/\/www.backwinkel.de\/blog\/wp-content\/uploads\/2019\/10\/backwinkel-blog-tiere-im-winter-verhalten-der-tiere-212x300.jpg 212w, https:\/\/www.backwinkel.de\/blog\/wp-content\/uploads\/2019\/10\/backwinkel-blog-tiere-im-winter-verhalten-der-tiere-498x705.jpg 498w, https:\/\/www.backwinkel.de\/blog\/wp-content\/uploads\/2019\/10\/backwinkel-blog-tiere-im-winter-verhalten-der-tiere.jpg 595w\" sizes=\"(max-width: 354px) 100vw, 354px\" \/><\/a><\/p>\n<div  class='avia-button-wrap av-29z0hl-e13ee20639f19731578413f5eff1da6b-wrap avia-button-left  avia-builder-el-25  avia-builder-el-no-sibling '><a href='https:\/\/www.backwinkel.de\/downloads\/backwinkel-blog-tiere-im-winter-verhalten-der-tiere.pdf'  class='avia-button av-29z0hl-e13ee20639f19731578413f5eff1da6b av-link-btn avia-icon_select-no avia-size-large avia-position-left avia-color-theme-color'  target=\"_blank\"  rel=\"noopener noreferrer\"  aria-label=\"Infotext \u2013 Download\"><span class='avia_iconbox_title' >Infotext \u2013 Download<\/span><\/a><\/div>\n<\/div><\/section><\/div>\n\n<style type=\"text\/css\" data-created_by=\"avia_inline_auto\" id=\"style-css-av-hh5al-23-62ce8bd7479ac567703529b57db28a56\">\n.flex_column.av-hh5al-23-62ce8bd7479ac567703529b57db28a56{\nborder-radius:0px 0px 0px 0px;\npadding:0px 0px 0px 0px;\n}\n<\/style>\n<div  class='flex_column av-hh5al-23-62ce8bd7479ac567703529b57db28a56 av_one_full  avia-builder-el-26  el_after_av_one_full  el_before_av_hr  first flex_column_div av-zero-column-padding  column-top-margin'     ><section  class='av_textblock_section av-jkuul0eg-16-71f5293a050d80b78605f2b2b765c8c4 '  ><div class='avia_textblock' ><p>Das Spiel geht so:<\/p>\n<ol start=\"1\">\n<li>W\u00e4hrend Sie erkl\u00e4ren, ordnen Sie die Tierfiguren in drei verschiedene Felder, beispielsweise auf farbige Plakatkartons, Teppichfliesen o. \u00c4. Im ersten Feld liegen nun alle Tiere, die in Winterschlaf oder Winterstarre fallen, im zweiten alle Tiere, die Winterruhe halten, und im dritten alle winteraktiven Tiere. Beschriften Sie die Felder entsprechend mit Wortkarten.<\/li>\n<li>Vereinbaren Sie mit den Sch\u00fclern drei verschiedene Bewegungsarten: Zum Beispiel sollen die Kinder f\u00fcr Winterschlaf den Kopf auf den Tisch legen, f\u00fcr Winterruhe auf dem Stuhl sitzen und sich f\u00fcr Winteraktivit\u00e4t hinstellen.<\/li>\n<li>Nun nehmen Sie einzelne Tiere in beliebiger Reihenfolge und zeigen sie den Sch\u00fclern. Die Kinder machen zu jedem Tier die passende Bewegung. Die Rolle des Spielleiters kann auch eines der Kinder \u00fcbernehmen. Nach dem Spiel werden die Figuren wieder eingeordnet.<\/li>\n<\/ol>\n<p>Zum Schluss erh\u00e4lt jedes Kind ein \u00dcbungsblatt mit den Abbildungen der Tiere und einer Tabelle, unterteilt in die drei Felder Winterschlaf \/ Winterstarre, Winterruhe und winteraktiv. Die Sch\u00fcler schneiden die Tierbilder aus und kleben sie in das richtige Feld im Schaubild.<\/p>\n<\/div><\/section><\/div>\n\n<style type=\"text\/css\" data-created_by=\"avia_inline_auto\" id=\"style-css-av-jl6mo8rj-27-fc73d2eb0ba448a8ce8fb3d78d8e21f2\">\n#top .hr.hr-invisible.av-jl6mo8rj-27-fc73d2eb0ba448a8ce8fb3d78d8e21f2{\nheight:20px;\n}\n<\/style>\n<div  class='hr av-jl6mo8rj-27-fc73d2eb0ba448a8ce8fb3d78d8e21f2 hr-invisible  avia-builder-el-28  el_after_av_one_full  el_before_av_one_full '><span class='hr-inner '><span class=\"hr-inner-style\"><\/span><\/span><\/div>\n\n<style type=\"text\/css\" data-created_by=\"avia_inline_auto\" id=\"style-css-av-jlnt0i5o-17-5c28ca91302e6b63124a87e3b66b0f88\">\n.flex_column.av-jlnt0i5o-17-5c28ca91302e6b63124a87e3b66b0f88{\nborder-radius:0px 0px 0px 0px;\npadding:10px 10px 10px 10px;\nbackground-color:#e0f1b4;\n}\n<\/style>\n<div  class='flex_column av-jlnt0i5o-17-5c28ca91302e6b63124a87e3b66b0f88 av_one_full  avia-builder-el-29  el_after_av_hr  el_before_av_hr  first flex_column_div  '     ><style type=\"text\/css\" data-created_by=\"avia_inline_auto\" id=\"style-css-av-jkuvcso3-19-c981456488c901bc38291c3ef5290a0b\">\n#top .av_textblock_section.av-jkuvcso3-19-c981456488c901bc38291c3ef5290a0b .avia_textblock{\nfont-size:22px;\n}\n<\/style>\n<section  class='av_textblock_section av-jkuvcso3-19-c981456488c901bc38291c3ef5290a0b '  ><div class='avia_textblock' ><p><strong>Tipp:<\/strong> Gibt es in der Lerngruppe viele Sch\u00fcler mit F\u00f6rderbedarf im Bereich Sprache, k\u00f6nnen Sie die Anzahl der Tiere, die Sie besprechen m\u00f6chten, bis auf vier reduzieren. \u00dcbrig bleiben sollte jeweils ein Winterschl\u00e4fer, ein Tier in Winterstarre, ein Winterruher und ein winteraktives Tier.<\/p>\n<\/div><\/section><\/div>\n\n<style type=\"text\/css\" data-created_by=\"avia_inline_auto\" id=\"style-css-av-jl6mo8rj-12-5820e50c0bf1530f73a80081b2224d3c\">\n#top .hr.hr-invisible.av-jl6mo8rj-12-5820e50c0bf1530f73a80081b2224d3c{\nheight:60px;\n}\n<\/style>\n<div  class='hr av-jl6mo8rj-12-5820e50c0bf1530f73a80081b2224d3c hr-invisible  avia-builder-el-31  el_after_av_one_full  el_before_av_one_full '><span class='hr-inner '><span class=\"hr-inner-style\"><\/span><\/span><\/div>\n\n<style type=\"text\/css\" data-created_by=\"avia_inline_auto\" id=\"style-css-av-hh5al-14-9ab62d48bef4dad42629995e86fc9a6b\">\n.flex_column.av-hh5al-14-9ab62d48bef4dad42629995e86fc9a6b{\nborder-radius:0px 0px 0px 0px;\npadding:0px 0px 0px 0px;\n}\n<\/style>\n<div  class='flex_column av-hh5al-14-9ab62d48bef4dad42629995e86fc9a6b av_one_full  avia-builder-el-32  el_after_av_hr  el_before_av_one_full  first flex_column_div av-zero-column-padding  '     ><section  class='av_textblock_section av-jkuul0eg-13-98fa49eb0576a6a77f03ef07eb44a365 '  ><div class='avia_textblock' ><h3>Interaktive Projektarbeit: Klasse 3 und 4<\/h3>\n<p>Sch\u00fcler mit mehr Lesefertigkeit k\u00f6nnen Inhalte schon eigenst\u00e4ndig erarbeiten. Ein Unterrichtsprojekt zum Thema Tiere im Winter bietet perfekte M\u00f6glichkeiten f\u00fcr <strong>kooperatives Lernen<\/strong>.<\/p>\n<p>Stimmt es, dass alle Tiere Winterschlaf halten? Beginnen Sie mit einer Sammlung von <strong>Sch\u00fclermeinungen<\/strong>. Das erste Unterrichtsgespr\u00e4ch wird vermutlich einen Mix aus Wissen, Halbwissen und auch falschen Vorstellungen ergeben. Lassen Sie die Kinder <strong>miteinander diskutieren<\/strong>, welche Meinungen den Tatsachen entsprechen.<\/p>\n<h4>Vorwissen aktivieren: Was wei\u00df ich schon?<\/h4>\n<p>H\u00e4ngen Sie zwei Plakatkartons auf, das eine \u00fcberschrieben mit \u201eDas wei\u00df ich schon\u201c, das andere mit \u201eDas will ich wissen\u201c. Nachdem die Sch\u00fcler dar\u00fcber diskutiert haben, wie Wildtiere den Winter \u00fcberstehen, schreiben sie ihr Wissen und ihre Fragen auf kleine Zettel, die sie dann auf das entsprechende Plakat heften.<\/p>\n<p>Zum Schluss werden die Plakate gemeinsam besprochen und nach Tieren geordnet. Die Aussagen beziehen sich zumeist auf Tiere, die den Kindern bekannt sind. Und es sind vor allem Wo-Fragen, die Kinder besonders interessieren: Wo sind die Fr\u00f6sche im Winter? Wo \u00fcberwintern Eichh\u00f6rnchen? Wo fliegen die St\u00f6rche hin?<\/p>\n<h4>Recherchefragen erarbeiten: Was wollen wir herausfinden?<\/h4>\n<p>In der n\u00e4chsten Stunde schlagen Sie den Sch\u00fclern vor, gemeinsam die \u00dcberlebensstrategien der Tiere im Winter zu erkunden und dazu <strong>eine Ausstellung in der Schule<\/strong> zu gestalten. Dieser Anreiz motiviert zus\u00e4tzlich und l\u00e4sst die Ideen sprudeln.<\/p>\n<p>Als Erstes einigen sich die Sch\u00fcler auf <strong>f\u00fcnf bis acht heimische Wildtiere<\/strong>, \u00fcber die sie herausfinden wollen, wie diese Tiere im Winter leben. Anschlie\u00dfend suchen sie in Sachb\u00fcchern oder im Internet nach diesen Tieren. Stellen Sie f\u00fcr die Recherche eine Auswahl von B\u00fcchern mit <strong>unterschiedlichem Schwierigkeitsgrad<\/strong> bereit.<\/p>\n<p><strong>M\u00f6gliche Informationsquellen f\u00fcr Sch\u00fcler<\/strong> zum Thema Tiere in Winter sind:<\/p>\n<ul>\n<li>altersgerechte Sachb\u00fccher<\/li>\n<li>Sachbilderb\u00fccher<\/li>\n<li>Zeitschriften, Brosch\u00fcren<\/li>\n<li>Beitr\u00e4ge im Internet<\/li>\n<\/ul>\n<p>\u00dcberlegen Sie gemeinsam, vor welchen Problemen die Tiere in der kalte Jahreszeit stehen. Daraus lassen sich <strong>Leitfragen entwickeln<\/strong>, an denen sich die Sch\u00fcler bei ihrer Recherche in der Projektphase orientieren k\u00f6nnen:<\/p>\n<ul>\n<li>Was macht das Tier den Winter \u00fcber? Welches <strong>Verhalten<\/strong> ist typisch f\u00fcr dieses Tier?<\/li>\n<li>Wo gibt es etwas zu fressen? Welche <strong>Nahrung<\/strong> findet das Tier im Winter?<\/li>\n<li>Wie sch\u00fctzt sich das Tier vor K\u00e4lte? Wo findet es einen guten <strong>Schlafplatz<\/strong>?<\/li>\n<li>Wie stellt sich das Tier auf den Winter ein? Was macht es zur <strong>Vorbereitung<\/strong>?<\/li>\n<\/ul>\n<\/div><\/section><\/div>\n\n<style type=\"text\/css\" data-created_by=\"avia_inline_auto\" id=\"style-css-av-hh5al-8-beb333b2f72626a23d4ff8d2de4147ac\">\n.flex_column.av-hh5al-8-beb333b2f72626a23d4ff8d2de4147ac{\nborder-radius:0px 0px 0px 0px;\npadding:0px 0px 0px 0px;\n}\n<\/style>\n<div  class='flex_column av-hh5al-8-beb333b2f72626a23d4ff8d2de4147ac av_one_full  avia-builder-el-34  el_after_av_one_full  el_before_av_one_full  first flex_column_div av-zero-column-padding  column-top-margin'     ><section  class='av_textblock_section av-jkuul0eg-7-602f2e8ab6195de533e53c9f6f411e35 '  ><div class='avia_textblock' >\n<style type=\"text\/css\" data-created_by=\"avia_inline_auto\" id=\"style-css-av-7c7r8-21-7ac418fc509e86ab4b8ea1a92d2befe1\">\n#top .hr.hr-invisible.av-7c7r8-21-7ac418fc509e86ab4b8ea1a92d2befe1{\nheight:20px;\n}\n<\/style>\n<div  class='hr av-7c7r8-21-7ac418fc509e86ab4b8ea1a92d2befe1 hr-invisible  avia-builder-el-36  avia-builder-el-no-sibling '><span class='hr-inner '><span class=\"hr-inner-style\"><\/span><\/span><\/div>\n<h2 id=\"3\" class=\"position\">Wie begleite ich die Projektphase?<\/h2>\n<p>In der anschlie\u00dfenden Projektphase arbeiten die Sch\u00fcler <strong>weitestgehend selbstgesteuert<\/strong> in Kleingruppen. Die Kinder sollen dabei in den Sachtexten gezielt nach Informationen zu den aufgestellten Leitfragen suchen und die Ergebnisse auf Zettel notieren. Falls Schwierigkeiten auftauchen, geben Sie nat\u00fcrlich auch Hilfestellung.<\/p>\n<p>Legen Sie an der Tafel f\u00fcr alle gut sichtbar eine gro\u00dfe Tabelle an. Die Kinder heften ihre Zettel mit den gefundenen Informationen in die entsprechenden Felder. So bekommt die ganze Lerngruppe einen <strong>\u00dcberblick \u00fcber alle Tiere<\/strong>. Die Kinder k\u00f6nnen <strong>Unterschiede und Gemeinsamkeiten<\/strong> erkennen, etwa im Hinblick auf das Schlafverhalten beim \u00dcberwintern.<\/p>\n<p>Das Tafelbild zeigt \u00fcbersichtlich, was die Tiere im Winter tun:<\/p>\n<p><a href=\"https:\/\/blog.backwinkel.de\/wp-content\/uploads\/2019\/10\/backwinkel-blog-tiere-im-winter-infotabelle.jpg\"><img decoding=\"async\" class=\"alignnone wp-image-3781\" src=\"https:\/\/blog.backwinkel.de\/wp-content\/uploads\/2019\/10\/backwinkel-blog-tiere-im-winter-infotabelle-1030x384.jpg\" alt=\"\" width=\"980\" height=\"365\" srcset=\"https:\/\/www.backwinkel.de\/blog\/wp-content\/uploads\/2019\/10\/backwinkel-blog-tiere-im-winter-infotabelle-1030x384.jpg 1030w, https:\/\/www.backwinkel.de\/blog\/wp-content\/uploads\/2019\/10\/backwinkel-blog-tiere-im-winter-infotabelle-300x112.jpg 300w, https:\/\/www.backwinkel.de\/blog\/wp-content\/uploads\/2019\/10\/backwinkel-blog-tiere-im-winter-infotabelle-768x286.jpg 768w, https:\/\/www.backwinkel.de\/blog\/wp-content\/uploads\/2019\/10\/backwinkel-blog-tiere-im-winter-infotabelle-705x263.jpg 705w, https:\/\/www.backwinkel.de\/blog\/wp-content\/uploads\/2019\/10\/backwinkel-blog-tiere-im-winter-infotabelle.jpg 1200w\" sizes=\"(max-width: 980px) 100vw, 980px\" \/><\/a><\/p>\n<h3>Verschiedene Projektideen anregen<\/h3>\n<p>Beim Lesen von Sachtexten setzen die Sch\u00fcler sich intensiv mit dem jeweiligen Tier auseinander. Und sie <strong>lernen wichtige Fachbegriffe kennen<\/strong>, wie etwa Winterschlaf, Winterstarre, Winterruhe und winteraktiv. Die gemeinsame Auswertung der Tabelle erm\u00f6glicht Korrekturen falscher Aussagen.<\/p>\n<p>Wenn es an die praktische Arbeit geht, gibt es diverse M\u00f6glichkeiten, die gesammelten Ergebnisse zu pr\u00e4sentieren. Inspirieren Sie die Kinder zu <strong>verschiedenen Schaust\u00fccken<\/strong>, die sich entweder auf ein bestimmtes Tier oder auf eine \u00dcberlebensstrategie beziehen. Je nach Zugang lesen sie die gleichen Sachtexte unter anderen Aspekten noch einmal neu.<\/p>\n<h3><strong>Differenzierung erm\u00f6glichen<\/strong><\/h3>\n<p>Neben dem fachlichen Wissenszuwachs f\u00f6rdert die Projektarbeit auch f\u00e4cher\u00fcbergreifende Lernstrategien und Teamf\u00e4higkeit. Unterst\u00fctzen Sie das kooperative Lernen, indem Sie die <strong>Projektgruppen leistungsheterogen zusammenstellen<\/strong>. So kann sich jedes Kind mit seinen St\u00e4rken einbringen, ob es ein Bild malt oder Spezialwissen aus Sachb\u00fcchern beisteuert.<\/p>\n<p>Bei der Besch\u00e4ftigung mit den Themen tauchen \u00fcberraschende Fakten und immer neue Fragen auf. Die Kinder k\u00f6nnen <strong>Forscherteams bilden<\/strong> und diesen Fragen auf den Grund gehen. Die Ergebnisse flie\u00dfen dann in die Pr\u00e4sentation mit ein, etwa in Form von Tipps zum <strong>Schutz von Lebensr\u00e4umen<\/strong> f\u00fcr Waldbewohner oder f\u00fcr einen vogelfreundlichen Garten.<\/p>\n<p>Forscherfragen wie diese f\u00f6rdern <strong>Erstaunliches aus dem Repertoire der Tiere im Winter<\/strong> zutage:<\/p>\n<ul>\n<li>Haben Enten keine kalten F\u00fc\u00dfe, wenn sie im eisigen Wasser schwimmen oder auf dem zugefrorenen See stehen? Warum frieren ihre F\u00fc\u00dfe nicht fest?<br \/>\nWasserv\u00f6gel senken die Temperatur ihrer F\u00fc\u00dfe auf 0 Grad ab, um nicht am Boden festzufrieren. In ihrem Gefieder verteilen sie wasserabweisenden Talg, das sch\u00fctzt vor der K\u00e4lte des Wassers.<\/li>\n<li>Wie weit fliegen Flederm\u00e4use, um einen Winterschlafplatz zu finden?<br \/>\nEinige Fledermausarten sind echte Wanderflieger. Die weiteste Strecke, die bisher f\u00fcr eine europ\u00e4ische Fledermaus gemessen wurde, schaffte eine kleine Rauhautfledermaus: Zwischen den Orten, wo sie markiert und sp\u00e4ter wiedergefunden wurde, liegen 1005 Kilometer.<\/li>\n<li>Wie funktioniert das Vogelnavi bei den Zugv\u00f6geln?<br \/>\nZugv\u00f6gel orientieren sich am Magnetfeld der Erde, aber auch am Sonnenstand, an Sternen und an Landmarken wie Fl\u00fcssen, Gebirgen oder K\u00fcstenlinien.<\/li>\n<\/ul>\n<\/div><\/section><\/div>\n\n<style type=\"text\/css\" data-created_by=\"avia_inline_auto\" id=\"style-css-av-hh5al-6-dd8fe4bd4f3c9fec83a9ef20be699b99\">\n.flex_column.av-hh5al-6-dd8fe4bd4f3c9fec83a9ef20be699b99{\nborder-radius:0px 0px 0px 0px;\npadding:0px 0px 0px 0px;\n}\n<\/style>\n<div  class='flex_column av-hh5al-6-dd8fe4bd4f3c9fec83a9ef20be699b99 av_one_full  avia-builder-el-37  el_after_av_one_full  el_before_av_two_fifth  first flex_column_div av-zero-column-padding  column-top-margin'     ><section  class='av_textblock_section av-jkuul0eg-5-3f6dc2eabd0b318a006ed6b099b89f89 '  ><div class='avia_textblock' >\n<style type=\"text\/css\" data-created_by=\"avia_inline_auto\" id=\"style-css-av-7c7r8-4-910f91dc58ec6cf789472bad25417d04\">\n#top .hr.hr-invisible.av-7c7r8-4-910f91dc58ec6cf789472bad25417d04{\nheight:20px;\n}\n<\/style>\n<div  class='hr av-7c7r8-4-910f91dc58ec6cf789472bad25417d04 hr-invisible  avia-builder-el-39  avia-builder-el-no-sibling '><span class='hr-inner '><span class=\"hr-inner-style\"><\/span><\/span><\/div>\n<h2 id=\"4\" class=\"position\">Ideen f\u00fcr eine gelungene Pr\u00e4sentation<\/h2>\n<p>Die folgenden Anregungen zur Pr\u00e4sentation ber\u00fccksichtigen verschiedene Herangehensweisen:<\/p>\n<ol>\n<li>Plakate \u2013 Tierportr\u00e4ts<br \/>\nDie Kinder w\u00e4hlen ein Tier und suchen in der Tabelle an der Tafel oder in Sachtexten nach Informationen zu folgenden Aspekten: Das macht mein Tier im Winter. So bereitet es sich vor. Das frisst mein Tier. Hier schl\u00e4ft es im Winter. Anschlie\u00dfend gestalten sie zu jedem Tier ein Plakat, das sie durch Bilder und Zeichnungen erg\u00e4nzen.<\/li>\n<\/ol>\n<ol start=\"2\">\n<li>Quadrama \u2013 \u00dcberwinterungsformen<br \/>\nDas Quadrama, eine nach vier Seiten offene Pyramide aus Papier, eignet sich ausgezeichnet f\u00fcr dieses Projekt, denn hierbei lassen sich vier Szenen gleichzeitig darstellen. Das passt nicht nur zu den genannten vier Aspekten, sondern auch zu den vier Begriffen Winterschlaf, Winterstarre, Winterruhe und winteraktiv. Die Kinder gestalten ein Quadrama, in dessen F\u00e4chern sie die Tiere der jeweiligen \u00dcberwinterungsform zuordnen und den Hintergrund passend bemalen.<\/li>\n<\/ol>\n<ol start=\"3\">\n<li>Mobile \u2013 V\u00f6gel im Winter<br \/>\nDie \u00dcberwinterungsformen lassen sich auch in Mobiles darstellen. Dazu schneiden die Kinder die Silhouetten der Tiere aus und beschriften sie auf der R\u00fcckseite mit einer kurzen Information. Ein spezielles Mobile entsteht zum Thema V\u00f6gel im Winter: Die Zugv\u00f6gel in der oberen Etage fliegen in den warmen S\u00fcden, die Standv\u00f6gel weiter unten bleiben im Winter bei uns.<\/li>\n<\/ol>\n<ol start=\"4\">\n<li>Schaust\u00fcck \u2013 Schlafnest des Igels<br \/>\nDie Kinder sammeln trockenes Laub, Moos und Zweige. Daraus bauen sie das Schlafnest des Igels naturgetreu nach. Dort h\u00e4lt der Igel Winterschlaf, auch in unseren G\u00e4rten, wenn wir ihn lassen.<\/li>\n<\/ol>\n<ol start=\"5\">\n<li>Snackbar f\u00fcr V\u00f6gel<br \/>\nWas k\u00f6nnen wir tun, um den Tieren beim \u00dcberwintern zu helfen? Auch mit dieser Frage befassen sich die Kinder. Sie lernen, dass unsere heimischen V\u00f6gel im Winter eigentlich kein zus\u00e4tzliches Futter brauchen. Doch zum Beobachten der V\u00f6gel ist ein Futterh\u00e4uschen im Garten optimal.Mit Ihrer Unterst\u00fctzung bauen die Kinder einen tollen Futterspender. Unser Modell hat zwei Kammern, eine f\u00fcr K\u00f6rnerfutter, das Spatzen und Meisen lieben, und eine f\u00fcr Weichfutter, das Drosseln und Rotkehlchen bevorzugen. Vielleicht macht Ihre Klasse ja auch mit bei der \u201eStunde der Winterv\u00f6gel\u201c des Naturschutzbundes NABU. Jeder kann mitmachen und V\u00f6gel z\u00e4hlen.<\/li>\n<\/ol>\n<\/div><\/section><\/div>\n\n<style type=\"text\/css\" data-created_by=\"avia_inline_auto\" id=\"style-css-av-jlnt0i5o-11-70994b708b7ee1d04b417b44e890122e\">\n.flex_column.av-jlnt0i5o-11-70994b708b7ee1d04b417b44e890122e{\nborder-radius:0px 0px 0px 0px;\npadding:10px 10px 10px 10px;\nbackground-color:#f2d1e4;\n}\n<\/style>\n<div  class='flex_column av-jlnt0i5o-11-70994b708b7ee1d04b417b44e890122e av_two_fifth  avia-builder-el-40  el_after_av_one_full  el_before_av_one_full  first flex_column_div  column-top-margin'     ><style type=\"text\/css\" data-created_by=\"avia_inline_auto\" id=\"style-css-av-jkuvcso3-10-5b04227c9e3b35a0bc51545fb809858f\">\n#top .av_textblock_section.av-jkuvcso3-10-5b04227c9e3b35a0bc51545fb809858f .avia_textblock{\nfont-size:22px;\n}\n<\/style>\n<section  class='av_textblock_section av-jkuvcso3-10-5b04227c9e3b35a0bc51545fb809858f '  ><div class='avia_textblock' ><p>Bauplan: Futterstation f\u00fcr V\u00f6gel<\/p>\n<\/div><\/section><\/div>\n\n<style type=\"text\/css\" data-created_by=\"avia_inline_auto\" id=\"style-css-av-jlnt0i5o-2-a8709bac1e8eaec381a55b87c5f5da61\">\n.flex_column.av-jlnt0i5o-2-a8709bac1e8eaec381a55b87c5f5da61{\nborder-radius:0px 0px 0px 0px;\npadding:10px 10px 10px 10px;\nbackground-color:#ffffff;\n}\n<\/style>\n<div  class='flex_column av-jlnt0i5o-2-a8709bac1e8eaec381a55b87c5f5da61 av_one_full  avia-builder-el-42  el_after_av_two_fifth  el_before_av_hr  first flex_column_div  '     ><section  class='av_textblock_section av-jkuul0eg-3-097d54291d791dcfa898cf9b3afd5632 '  ><div class='avia_textblock' ><p><a href=\"https:\/\/blog.backwinkel.de\/wp-content\/uploads\/2019\/10\/backwinkel-blog-tiere-im-winter-bauplan-futterstation.jpg\"><img decoding=\"async\" class=\"alignnone wp-image-3792\" title=\"BACKWINKEL - Bauplan f\u00fcr Vogel-Futterstation\" src=\"https:\/\/blog.backwinkel.de\/wp-content\/uploads\/2019\/10\/backwinkel-blog-tiere-im-winter-bauplan-futterstation-212x300.jpg\" alt=\"\" width=\"354\" height=\"501\" srcset=\"https:\/\/www.backwinkel.de\/blog\/wp-content\/uploads\/2019\/10\/backwinkel-blog-tiere-im-winter-bauplan-futterstation-212x300.jpg 212w, https:\/\/www.backwinkel.de\/blog\/wp-content\/uploads\/2019\/10\/backwinkel-blog-tiere-im-winter-bauplan-futterstation-498x705.jpg 498w, https:\/\/www.backwinkel.de\/blog\/wp-content\/uploads\/2019\/10\/backwinkel-blog-tiere-im-winter-bauplan-futterstation.jpg 595w\" sizes=\"(max-width: 354px) 100vw, 354px\" \/><\/a><\/p>\n<div  class='avia-button-wrap av-29z0hl-15-b0fa4800315990f394610c479b7367e4-wrap avia-button-left  avia-builder-el-44  avia-builder-el-no-sibling '><a href='https:\/\/www.backwinkel.de\/downloads\/backwinkel-blog-tiere-im-winter-bauplan-futterstation.pdf'  class='avia-button av-29z0hl-15-b0fa4800315990f394610c479b7367e4 av-link-btn avia-icon_select-no avia-size-large avia-position-left avia-color-theme-color'  target=\"_blank\"  rel=\"noopener noreferrer\"  aria-label=\"Bauplan f\u00fcr Vogel-Futterstation \u2013 Download\"><span class='avia_iconbox_title' >Bauplan f\u00fcr Vogel-Futterstation \u2013 Download<\/span><\/a><\/div>\n<\/div><\/section><\/div>\n\n<style type=\"text\/css\" data-created_by=\"avia_inline_auto\" id=\"style-css-av-jl6mo8rj-9-366c32b6bd1b2621a8ed3032f579a404\">\n#top .hr.hr-invisible.av-jl6mo8rj-9-366c32b6bd1b2621a8ed3032f579a404{\nheight:60px;\n}\n<\/style>\n<div  class='hr av-jl6mo8rj-9-366c32b6bd1b2621a8ed3032f579a404 hr-invisible  avia-builder-el-45  el_after_av_one_full  el_before_av_one_full '><span class='hr-inner '><span class=\"hr-inner-style\"><\/span><\/span><\/div>\n\n<style type=\"text\/css\" data-created_by=\"avia_inline_auto\" id=\"style-css-av-jley1l06-be8863a15e87d33f314fbd4b76b14014\">\n.flex_column.av-jley1l06-be8863a15e87d33f314fbd4b76b14014{\nborder-radius:0px 0px 0px 0px;\npadding:10px 10px 10px 10px;\nbackground-color:#f2f2f2;\n}\n<\/style>\n<div  class='flex_column av-jley1l06-be8863a15e87d33f314fbd4b76b14014 av_one_full  avia-builder-el-46  el_after_av_hr  el_before_av_one_full  first flex_column_div  '     ><section  class='av_textblock_section av-jkuvcso3-1-1f9b85963797f4bf4ca95140b51a0842 '  ><div class='avia_textblock' ><p class=\"fussnoten-quellen\"><strong>Zum Weiterlesen: <\/strong><\/p>\n<p class=\"fussnoten-quellen\">Bianca Kaminsky, Martin Bannenberg: Tiere im Winter. Eine Lernwerkstatt f\u00fcr Klasse 3 und 4. Lernbiene Verlag 2013.<\/p>\n<p class=\"fussnoten-quellen\">Martina K\u00fclling: Tiere im Winter. Spannende Materialien f\u00fcr einen abwechslungsreichen Unterricht. 1. bis 4. Klasse. Hamburg (Persen) <sup>2<\/sup>2019.<\/p>\n<p class=\"fussnoten-quellen\">Klaus Richarz: Vogelzug. Stuttgart (wbg Theiss) 2019.<\/p>\n<p class=\"fussnoten-quellen\">Regina Schulze-Oechtering: Winter im f\u00e4cher\u00fcbergreifenden Unterricht. Klasse 1\/2. Augsburg (Auer) 2015.<\/p>\n<p class=\"fussnoten-quellen\">Allegro-Grundschule Berlin: Entwicklung einer Ausstellung zum Thema \u201eTiere im Winter\u201c. Bildungsserver Berlin-Brandenburg 2012. <a href=\"https:\/\/bildungsserver.berlin-brandenburg.de\/fileadmin\/bbb\/themen\/sprachbildung\/Lesecurriculum\/lesen_in_allen_faechern\/tiere_im_winter_projekbeschreibung.pdf\">https:\/\/bildungsserver.berlin-brandenburg.de\/fileadmin\/bbb\/themen\/sprachbildung\/Lesecurriculum\/lesen_in_allen_faechern\/tiere_im_winter_projekbeschreibung.pdf<\/a><\/p>\n<p class=\"fussnoten-quellen\">Naturschutzbund Deutschland e. V.: Aktionen und Projekte. Stunde der Winterv\u00f6gel. <a href=\"https:\/\/www.nabu.de\/tiere-und-pflanzen\/aktionen-und-projekte\/\">https:\/\/www.nabu.de\/tiere-und-pflanzen\/aktionen-und-projekte\/<\/a><\/p>\n<\/div><\/section><\/div>\n\n<style type=\"text\/css\" data-created_by=\"avia_inline_auto\" id=\"style-css-av-1p82t-b0e9719fe6c67aa5c6d1abf813961e55\">\n.flex_column.av-1p82t-b0e9719fe6c67aa5c6d1abf813961e55{\nborder-radius:0px 0px 0px 0px;\npadding:0px 0px 0px 0px;\n}\n<\/style>\n<div  class='flex_column av-1p82t-b0e9719fe6c67aa5c6d1abf813961e55 av_one_full  avia-builder-el-48  el_after_av_one_full  avia-builder-el-last  first flex_column_div av-zero-column-padding  column-top-margin'     ><p><section  class='av_textblock_section av-jlp4hxqo-91baaad30cd61f89630d15f8561d1750 '  ><div class='avia_textblock' ><div class=\"shariff shariff-align-left shariff-widget-align-left\"><ul class=\"shariff-buttons theme-color orientation-horizontal buttonsize-medium\"><li class=\"shariff-button whatsapp shariff-nocustomcolor\" style=\"background-color:#5cbe4a\"><a href=\"https:\/\/api.whatsapp.com\/send?text=https%3A%2F%2Fwww.backwinkel.de%2Fblog%2Ftiere-im-winter%2F%20Tiere%20im%20Winter\" title=\"Bei Whatsapp teilen\" aria-label=\"Bei Whatsapp teilen\" role=\"button\" rel=\"noopener nofollow\" class=\"shariff-link\" style=\"; background-color:#34af23; color:#fff\" target=\"_blank\"><span class=\"shariff-icon\" style=\"\"><svg width=\"32px\" height=\"20px\" xmlns=\"http:\/\/www.w3.org\/2000\/svg\" viewBox=\"0 0 32 32\"><path fill=\"#34af23\" d=\"M17.6 17.4q0.2 0 1.7 0.8t1.6 0.9q0 0.1 0 0.3 0 0.6-0.3 1.4-0.3 0.7-1.3 1.2t-1.8 0.5q-1 0-3.4-1.1-1.7-0.8-3-2.1t-2.6-3.3q-1.3-1.9-1.3-3.5v-0.1q0.1-1.6 1.3-2.8 0.4-0.4 0.9-0.4 0.1 0 0.3 0t0.3 0q0.3 0 0.5 0.1t0.3 0.5q0.1 0.4 0.6 1.6t0.4 1.3q0 0.4-0.6 1t-0.6 0.8q0 0.1 0.1 0.3 0.6 1.3 1.8 2.4 1 0.9 2.7 1.8 0.2 0.1 0.4 0.1 0.3 0 1-0.9t0.9-0.9zM14 26.9q2.3 0 4.3-0.9t3.6-2.4 2.4-3.6 0.9-4.3-0.9-4.3-2.4-3.6-3.6-2.4-4.3-0.9-4.3 0.9-3.6 2.4-2.4 3.6-0.9 4.3q0 3.6 2.1 6.6l-1.4 4.2 4.3-1.4q2.8 1.9 6.2 1.9zM14 2.2q2.7 0 5.2 1.1t4.3 2.9 2.9 4.3 1.1 5.2-1.1 5.2-2.9 4.3-4.3 2.9-5.2 1.1q-3.5 0-6.5-1.7l-7.4 2.4 2.4-7.2q-1.9-3.2-1.9-6.9 0-2.7 1.1-5.2t2.9-4.3 4.3-2.9 5.2-1.1z\"\/><\/svg><\/span><span class=\"shariff-text\">teilen<\/span>&nbsp;<\/a><\/li><li class=\"shariff-button facebook shariff-nocustomcolor\" style=\"background-color:#4273c8\"><a href=\"https:\/\/www.facebook.com\/sharer\/sharer.php?u=https%3A%2F%2Fwww.backwinkel.de%2Fblog%2Ftiere-im-winter%2F\" title=\"Bei Facebook teilen\" aria-label=\"Bei Facebook teilen\" role=\"button\" rel=\"nofollow\" class=\"shariff-link\" style=\"; background-color:#3b5998; color:#fff\" target=\"_blank\"><span class=\"shariff-icon\" style=\"\"><svg width=\"32px\" height=\"20px\" xmlns=\"http:\/\/www.w3.org\/2000\/svg\" viewBox=\"0 0 18 32\"><path fill=\"#3b5998\" d=\"M17.1 0.2v4.7h-2.8q-1.5 0-2.1 0.6t-0.5 1.9v3.4h5.2l-0.7 5.3h-4.5v13.6h-5.5v-13.6h-4.5v-5.3h4.5v-3.9q0-3.3 1.9-5.2t5-1.8q2.6 0 4.1 0.2z\"\/><\/svg><\/span><span class=\"shariff-text\">teilen<\/span>&nbsp;<\/a><\/li><li class=\"shariff-button twitter shariff-nocustomcolor\" style=\"background-color:#595959\"><a href=\"https:\/\/twitter.com\/share?url=https%3A%2F%2Fwww.backwinkel.de%2Fblog%2Ftiere-im-winter%2F&text=Tiere%20im%20Winter\" title=\"Bei X teilen\" aria-label=\"Bei X teilen\" role=\"button\" rel=\"noopener nofollow\" class=\"shariff-link\" style=\"; background-color:#000; color:#fff\" target=\"_blank\"><span class=\"shariff-icon\" style=\"\"><svg width=\"32px\" height=\"20px\" xmlns=\"http:\/\/www.w3.org\/2000\/svg\" viewBox=\"0 0 24 24\"><path fill=\"#000\" d=\"M14.258 10.152L23.176 0h-2.113l-7.747 8.813L7.133 0H0l9.352 13.328L0 23.973h2.113l8.176-9.309 6.531 9.309h7.133zm-2.895 3.293l-.949-1.328L2.875 1.56h3.246l6.086 8.523.945 1.328 7.91 11.078h-3.246zm0 0\"\/><\/svg><\/span><span class=\"shariff-text\">teilen<\/span>&nbsp;<\/a><\/li><li class=\"shariff-button pinterest shariff-nocustomcolor\" style=\"background-color:#e70f18\"><a href=\"https:\/\/www.pinterest.com\/pin\/create\/link\/?url=https%3A%2F%2Fwww.backwinkel.de%2Fblog%2Ftiere-im-winter%2F&media=https%3A%2F%2Fwww.backwinkel.de%2Fblog%2Fwp-content%2Fuploads%2F2019%2F10%2Fbackwinkel-blog-tiere-im-winter-heroimage.jpg&description=Tiere%20im%20Winter\" title=\"Bei Pinterest pinnen\" aria-label=\"Bei Pinterest pinnen\" role=\"button\" rel=\"noopener nofollow\" class=\"shariff-link\" style=\"; background-color:#cb2027; color:#fff\" target=\"_blank\"><span class=\"shariff-icon\" style=\"\"><svg width=\"32px\" height=\"20px\" xmlns=\"http:\/\/www.w3.org\/2000\/svg\" viewBox=\"0 0 27 32\"><path fill=\"#cb2027\" d=\"M27.4 16q0 3.7-1.8 6.9t-5 5-6.9 1.9q-2 0-3.9-0.6 1.1-1.7 1.4-2.9 0.2-0.6 1-3.8 0.4 0.7 1.3 1.2t2 0.5q2.1 0 3.8-1.2t2.7-3.4 0.9-4.8q0-2-1.1-3.8t-3.1-2.9-4.5-1.2q-1.9 0-3.5 0.5t-2.8 1.4-2 2-1.2 2.3-0.4 2.4q0 1.9 0.7 3.3t2.1 2q0.5 0.2 0.7-0.4 0-0.1 0.1-0.5t0.2-0.5q0.1-0.4-0.2-0.8-0.9-1.1-0.9-2.7 0-2.7 1.9-4.6t4.9-2q2.7 0 4.2 1.5t1.5 3.8q0 3-1.2 5.2t-3.1 2.1q-1.1 0-1.7-0.8t-0.4-1.9q0.1-0.6 0.5-1.7t0.5-1.8 0.2-1.4q0-0.9-0.5-1.5t-1.4-0.6q-1.1 0-1.9 1t-0.8 2.6q0 1.3 0.4 2.2l-1.8 7.5q-0.3 1.2-0.2 3.2-3.7-1.6-6-5t-2.3-7.6q0-3.7 1.9-6.9t5-5 6.9-1.9 6.9 1.9 5 5 1.8 6.9z\"\/><\/svg><\/span><span class=\"shariff-text\">merken<\/span>&nbsp;<\/a><\/li><li class=\"shariff-button mailto shariff-nocustomcolor\" style=\"background-color:#a8a8a8\"><a href=\"mailto:?body=https%3A%2F%2Fwww.backwinkel.de%2Fblog%2Ftiere-im-winter%2F&subject=Tiere%20im%20Winter\" title=\"Per E-Mail versenden\" aria-label=\"Per E-Mail versenden\" role=\"button\" rel=\"noopener nofollow\" class=\"shariff-link\" style=\"; background-color:#999; color:#fff\"><span class=\"shariff-icon\" style=\"\"><svg width=\"32px\" height=\"20px\" xmlns=\"http:\/\/www.w3.org\/2000\/svg\" viewBox=\"0 0 32 32\"><path fill=\"#999\" d=\"M32 12.7v14.2q0 1.2-0.8 2t-2 0.9h-26.3q-1.2 0-2-0.9t-0.8-2v-14.2q0.8 0.9 1.8 1.6 6.5 4.4 8.9 6.1 1 0.8 1.6 1.2t1.7 0.9 2 0.4h0.1q0.9 0 2-0.4t1.7-0.9 1.6-1.2q3-2.2 8.9-6.1 1-0.7 1.8-1.6zM32 7.4q0 1.4-0.9 2.7t-2.2 2.2q-6.7 4.7-8.4 5.8-0.2 0.1-0.7 0.5t-1 0.7-0.9 0.6-1.1 0.5-0.9 0.2h-0.1q-0.4 0-0.9-0.2t-1.1-0.5-0.9-0.6-1-0.7-0.7-0.5q-1.6-1.1-4.7-3.2t-3.6-2.6q-1.1-0.7-2.1-2t-1-2.5q0-1.4 0.7-2.3t2.1-0.9h26.3q1.2 0 2 0.8t0.9 2z\"\/><\/svg><\/span><span class=\"shariff-text\">E-Mail<\/span>&nbsp;<\/a><\/li><\/ul><\/div>\n<\/div><\/section><br \/>\n<div  class='tabcontainer av-jlq8shhr-b676e11701d9718d755b04dc68ac4c10 top_tab  avia-builder-el-50  el_after_av_textblock  el_before_av_hr '>\n<section class='av_tab_section av_tab_section av-4w8jsn-17d4c89754803ac141d68451b8b1d1a6' ><div id='tab-id-1-tab' class='tab active_tab' role='tab' aria-selected=\"true\" tabindex=\"0\" data-fake-id='#tab-id-1' aria-controls='tab-id-1-content' >Das BACKWINKEL-Blog-Team:<\/div><div id='tab-id-1-content' class='tab_content active_tab_content' role='tabpanel' aria-labelledby='tab-id-1-tab' aria-hidden=\"false\"><div class='tab_inner_content invers-color' ><p><img decoding=\"async\" class=\"wp-image-1768 alignleft\" title=\"BACKWINKEL-Blog \u2013 Das Team\" src=\"https:\/\/blog.backwinkel.de\/wp-content\/uploads\/2018\/10\/backwinkel-blog-autorenbox-intern_preview-300x198.jpg\" alt=\"\" width=\"300\" height=\"198\" \/>Gibts auch ein Gesicht hinter dem BACKWINKEL-Blog? Ja. Vier ?. Drei davon sogar mit Foto.<\/p>\n<p><span style=\"font-style: inherit !important; font-weight: inherit !important;\">Wir \u2013 Lukas, Tatjana, Stefan und Christine \u2013 bespielen unseren Blog unter dem Motto LACHEN LESEN LERNEN. <\/span><\/p>\n<p><span style=\"font-style: inherit !important; font-weight: inherit !important;\">Lukas kennt sich online so gut aus wie in seiner Westentasche und findet immer spannende Themen, w\u00e4hrend Stefan unseren Beitr\u00e4gen den passenden gestalterischen Rahmen gibt und Tatjana mit dem gr\u00fcnen Korrekturstift alles pr\u00fcfend be\u00e4ugt, was unsere Autorin Christine (und gern auch Gastautoren) f\u00fcr den BACKWINKEL-Blog nach ordentlicher Recherche schreibt.<\/span><\/p>\n<p>Gemeinsam suchen wir st\u00e4ndig nach neuen, aufregenden Themen rund um das Thema Bildung im Kiga, der Schule und zu Hause. Und weil Sie da an der Quelle sitzen, freuen wir uns auf Ihre konstruktiven R\u00fcckmeldungen und Anregungen an <a href=\"mailto:blog@backwinkel.de\">blog@backwinkel.de<\/a><\/p>\n<p>Viel Spa\u00df beim LACHEN LESEN LERNEN!<\/p>\n<\/div><\/div><\/section>\n<\/div><br \/>\n\n<style type=\"text\/css\" data-created_by=\"avia_inline_auto\" id=\"style-css-av-jkuvdh82-b6ea5d9aca5d02d0d62bf300de93e492\">\n#top .hr.av-jkuvdh82-b6ea5d9aca5d02d0d62bf300de93e492{\nmargin-top:10px;\nmargin-bottom:10px;\n}\n.hr.av-jkuvdh82-b6ea5d9aca5d02d0d62bf300de93e492 .hr-inner{\nwidth:500;\n}\n<\/style>\n<div  class='hr av-jkuvdh82-b6ea5d9aca5d02d0d62bf300de93e492 hr-custom  avia-builder-el-51  el_after_av_tab_container  el_before_av_heading  hr-left hr-icon-no'><span class='hr-inner inner-border-av-border-thin'><span class=\"hr-inner-style\"><\/span><\/span><\/div><br \/>\n\n<style type=\"text\/css\" data-created_by=\"avia_inline_auto\" id=\"style-css-av-2rgq8p-eea5960d1a3bca7958b11dcc59b35b67\">\n#top .av-special-heading.av-2rgq8p-eea5960d1a3bca7958b11dcc59b35b67{\npadding-bottom:10px;\n}\nbody .av-special-heading.av-2rgq8p-eea5960d1a3bca7958b11dcc59b35b67 .av-special-heading-tag .heading-char{\nfont-size:25px;\n}\n.av-special-heading.av-2rgq8p-eea5960d1a3bca7958b11dcc59b35b67 .av-subheading{\nfont-size:15px;\n}\n<\/style>\n<div  class='av-special-heading av-2rgq8p-eea5960d1a3bca7958b11dcc59b35b67 av-special-heading-h3 blockquote modern-quote  avia-builder-el-52  el_after_av_hr  el_before_av_blog '><h3 class='av-special-heading-tag '  >PASSENDE BEITR\u00c4GE<\/h3><div class=\"special-heading-border\"><div class=\"special-heading-inner-border\"><\/div><\/div><\/div><br \/>\n<div  data-slideshow-options=\"{&quot;animation&quot;:&quot;fade&quot;,&quot;autoplay&quot;:false,&quot;loop_autoplay&quot;:&quot;once&quot;,&quot;interval&quot;:5,&quot;loop_manual&quot;:&quot;manual-endless&quot;,&quot;autoplay_stopper&quot;:false,&quot;noNavigation&quot;:false,&quot;show_slide_delay&quot;:90}\" class='avia-content-slider avia-content-grid-active avia-content-slider1 avia-content-slider-odd  avia-builder-el-53  el_after_av_heading  avia-builder-el-last  av-slideshow-ui av-control-default   av-no-slider-navigation av-slideshow-manual av-loop-once av-loop-manual-endless ' ><div class=\"avia-content-slider-inner\"><div class=\"slide-entry-wrap\"><article class='slide-entry flex_column  post-entry post-entry-18633 slide-entry-overview slide-loop-1 slide-parity-odd  av_one_third first real-thumbnail posttype-post post-format-standard' ><a href='https:\/\/www.backwinkel.de\/blog\/plastik-recyceln\/' data-rel='slide-1' class='slide-image' title='Plastik recyceln'><img decoding=\"async\" fetchpriority=\"high\" width=\"1200\" height=\"628\" src=\"https:\/\/www.backwinkel.de\/blog\/wp-content\/uploads\/2026\/04\/04_Kiga_Plastik_nachhaltig_nutzen.jpg\" class=\"wp-image-18713 avia-img-lazy-loading-not-18713 attachment-no scaling size-no scaling wp-post-image\" alt=\"\" \/><\/a><div class=\"slide-content\"><header class=\"entry-content-header\" aria-label=\"Slide: Plastik recyceln\"><h3 class='slide-entry-title entry-title ' ><a href='https:\/\/www.backwinkel.de\/blog\/plastik-recyceln\/' title='Plastik recyceln'>Plastik recyceln<\/a><\/h3><span class=\"blog-categories minor-meta\"><a href=\"https:\/\/www.backwinkel.de\/blog\/category\/kindergarten-kita\/\" rel=\"tag\">Kindergarten<\/a> <\/span><span class=\"av-vertical-delimiter\"><\/span><\/header><div class='slide-entry-excerpt entry-content' >Biokunststoff f\u00fcr St\u00fchle, Materialboxen, Spielzeug und Rucks\u00e4cke<\/div><\/div><footer class=\"entry-footer\"><div class=\"slide-meta\"><time class='slide-meta-time updated' >14. April 2026<\/time><\/div><\/footer><\/article><article class='slide-entry flex_column  post-entry post-entry-18716 slide-entry-overview slide-loop-2 slide-parity-even  av_one_third  real-thumbnail posttype-post post-format-standard' ><a href='https:\/\/www.backwinkel.de\/blog\/rechnen-im-anfangsunterricht\/' data-rel='slide-1' class='slide-image' title='Rechnen im Anfangsunterricht'><img decoding=\"async\" fetchpriority=\"high\" width=\"1200\" height=\"628\" src=\"https:\/\/www.backwinkel.de\/blog\/wp-content\/uploads\/2026\/04\/04_Schule_Rechnen_anfangsunterricht.jpg\" class=\"wp-image-18748 avia-img-lazy-loading-not-18748 attachment-no scaling size-no scaling wp-post-image\" alt=\"\" \/><\/a><div class=\"slide-content\"><header class=\"entry-content-header\" aria-label=\"Slide: Rechnen im Anfangsunterricht\"><h3 class='slide-entry-title entry-title ' ><a href='https:\/\/www.backwinkel.de\/blog\/rechnen-im-anfangsunterricht\/' title='Rechnen im Anfangsunterricht'>Rechnen im Anfangsunterricht<\/a><\/h3><span class=\"blog-categories minor-meta\"><a href=\"https:\/\/www.backwinkel.de\/blog\/category\/schule-grundschule\/\" rel=\"tag\">Schule<\/a> <\/span><span class=\"av-vertical-delimiter\"><\/span><\/header><div class='slide-entry-excerpt entry-content' >Das Klassenzimmer als Lernlandschaft<\/div><\/div><footer class=\"entry-footer\"><div class=\"slide-meta\"><time class='slide-meta-time updated' >14. April 2026<\/time><\/div><\/footer><\/article><article class='slide-entry flex_column  post-entry post-entry-18372 slide-entry-overview slide-loop-3 slide-parity-odd  post-entry-last  av_one_third  real-thumbnail posttype-post post-format-standard' ><a href='https:\/\/www.backwinkel.de\/blog\/kranke-kinder-im-kindergarten\/' data-rel='slide-1' class='slide-image' title='Kranke Kinder im Kindergarten'><img decoding=\"async\" fetchpriority=\"high\" width=\"1200\" height=\"628\" src=\"https:\/\/www.backwinkel.de\/blog\/wp-content\/uploads\/2026\/03\/03_Kiga_Kranke_Kinder.jpg\" class=\"wp-image-18451 avia-img-lazy-loading-not-18451 attachment-no scaling size-no scaling wp-post-image\" alt=\"Thema: Kranke Kinder. Auf dem Bild ist ein krankes kleines M\u00e4dchen zu sehen. Eine Frau mit einem Fieberthermometer in der Hand sitzt neben ihr und hat die Hand auf der Stirn des M\u00e4dchens.\" \/><\/a><div class=\"slide-content\"><header class=\"entry-content-header\" aria-label=\"Slide: Kranke Kinder im Kindergarten\"><h3 class='slide-entry-title entry-title ' ><a href='https:\/\/www.backwinkel.de\/blog\/kranke-kinder-im-kindergarten\/' title='Kranke Kinder im Kindergarten'>Kranke Kinder im Kindergarten<\/a><\/h3><span class=\"blog-categories minor-meta\"><a href=\"https:\/\/www.backwinkel.de\/blog\/category\/kindergarten-kita\/\" rel=\"tag\">Kindergarten<\/a> <\/span><span class=\"av-vertical-delimiter\"><\/span><\/header><div class='slide-entry-excerpt entry-content' >Auswirkungen f\u00fcr Kinder, Eltern und Fachkr\u00e4fte<\/div><\/div><footer class=\"entry-footer\"><div class=\"slide-meta\"><time class='slide-meta-time updated' >9. M\u00e4rz 2026<\/time><\/div><\/footer><\/article><\/div><\/div><\/div><\/p><\/div>\n","protected":false},"excerpt":{"rendered":"<p>Tipps und Ideen f\u00fcr ein \u00f6kologisches Unterrichtsprojekt in der Grundschule<\/p>\n","protected":false},"author":3,"featured_media":3774,"comment_status":"closed","ping_status":"closed","sticky":false,"template":"","format":"standard","meta":{"inline_featured_image":false,"footnotes":""},"categories":[6],"tags":[],"class_list":["post-3770","post","type-post","status-publish","format-standard","has-post-thumbnail","hentry","category-schule-grundschule"],"yoast_head":"<!-- This site is optimized with the Yoast SEO plugin v27.4 - https:\/\/yoast.com\/product\/yoast-seo-wordpress\/ -->\n<title>Tiere im Winter \u00bb Tipps &amp; Ideen f\u00fcr ein \u00f6kologisches Unterrichtsprojekt in der Grundschule | BACKWINKEL Blog<\/title>\n<meta name=\"description\" content=\"Lesen Sie, wie Sie ein interaktives Unterrichtsprojekt zum Thema Tiere im Winter aufbauen. Praxistipps zum Ausdrucken inklusive. \u2713 Ideal f\u00fcr die Grundschule (Klasse 1 &amp; 2 und 3 &amp; 4) \u2713\" \/>\n<meta name=\"robots\" content=\"index, follow, max-snippet:-1, max-image-preview:large, max-video-preview:-1\" \/>\n<link rel=\"canonical\" href=\"https:\/\/www.backwinkel.de\/blog\/tiere-im-winter\/\" \/>\n<meta property=\"og:locale\" content=\"de_DE\" \/>\n<meta property=\"og:type\" content=\"article\" \/>\n<meta property=\"og:title\" content=\"Tiere im Winter \u00bb Tipps &amp; Ideen f\u00fcr ein \u00f6kologisches Unterrichtsprojekt in der Grundschule | BACKWINKEL Blog\" \/>\n<meta property=\"og:description\" content=\"Lesen Sie, wie Sie ein interaktives Unterrichtsprojekt zum Thema Tiere im Winter aufbauen. Praxistipps zum Ausdrucken inklusive. \u2713 Ideal f\u00fcr die Grundschule (Klasse 3 und 4) \u2713\" \/>\n<meta property=\"og:url\" content=\"https:\/\/www.backwinkel.de\/blog\/tiere-im-winter\/\" \/>\n<meta property=\"og:site_name\" content=\"BACKWINKEL Blog\" \/>\n<meta property=\"article:published_time\" content=\"2019-11-04T08:48:21+00:00\" \/>\n<meta property=\"article:modified_time\" content=\"2026-04-22T08:11:59+00:00\" \/>\n<meta property=\"og:image\" content=\"https:\/\/www.backwinkel.de\/blog\/wp-content\/uploads\/2019\/10\/backwinkel-blog-tiere-im-winter-heroimage.jpg\" \/>\n\t<meta property=\"og:image:width\" content=\"1200\" \/>\n\t<meta property=\"og:image:height\" content=\"628\" \/>\n\t<meta property=\"og:image:type\" content=\"image\/jpeg\" \/>\n<meta name=\"author\" content=\"BACKWINKEL\" \/>\n<meta name=\"twitter:card\" content=\"summary_large_image\" \/>\n<meta name=\"twitter:label1\" content=\"Verfasst von\" \/>\n\t<meta name=\"twitter:data1\" content=\"BACKWINKEL\" \/>\n\t<meta name=\"twitter:label2\" content=\"Gesch\u00e4tzte Lesezeit\" \/>\n\t<meta name=\"twitter:data2\" content=\"14\u00a0Minuten\" \/>\n<script type=\"application\/ld+json\" class=\"yoast-schema-graph\">{\"@context\":\"https:\\\/\\\/schema.org\",\"@graph\":[{\"@type\":\"Article\",\"@id\":\"https:\\\/\\\/www.backwinkel.de\\\/blog\\\/tiere-im-winter\\\/#article\",\"isPartOf\":{\"@id\":\"https:\\\/\\\/www.backwinkel.de\\\/blog\\\/tiere-im-winter\\\/\"},\"author\":{\"name\":\"BACKWINKEL\",\"@id\":\"https:\\\/\\\/www.backwinkel.de\\\/blog\\\/#\\\/schema\\\/person\\\/3d64575316540d25f7866264a4b7cd24\"},\"headline\":\"Tiere im Winter\",\"datePublished\":\"2019-11-04T08:48:21+00:00\",\"dateModified\":\"2026-04-22T08:11:59+00:00\",\"mainEntityOfPage\":{\"@id\":\"https:\\\/\\\/www.backwinkel.de\\\/blog\\\/tiere-im-winter\\\/\"},\"wordCount\":5486,\"image\":{\"@id\":\"https:\\\/\\\/www.backwinkel.de\\\/blog\\\/tiere-im-winter\\\/#primaryimage\"},\"thumbnailUrl\":\"https:\\\/\\\/www.backwinkel.de\\\/blog\\\/wp-content\\\/uploads\\\/2019\\\/10\\\/backwinkel-blog-tiere-im-winter-heroimage.jpg\",\"articleSection\":[\"Schule\"],\"inLanguage\":\"de\"},{\"@type\":\"WebPage\",\"@id\":\"https:\\\/\\\/www.backwinkel.de\\\/blog\\\/tiere-im-winter\\\/\",\"url\":\"https:\\\/\\\/www.backwinkel.de\\\/blog\\\/tiere-im-winter\\\/\",\"name\":\"Tiere im Winter \u00bb Tipps & Ideen f\u00fcr ein \u00f6kologisches Unterrichtsprojekt in der Grundschule | BACKWINKEL Blog\",\"isPartOf\":{\"@id\":\"https:\\\/\\\/www.backwinkel.de\\\/blog\\\/#website\"},\"primaryImageOfPage\":{\"@id\":\"https:\\\/\\\/www.backwinkel.de\\\/blog\\\/tiere-im-winter\\\/#primaryimage\"},\"image\":{\"@id\":\"https:\\\/\\\/www.backwinkel.de\\\/blog\\\/tiere-im-winter\\\/#primaryimage\"},\"thumbnailUrl\":\"https:\\\/\\\/www.backwinkel.de\\\/blog\\\/wp-content\\\/uploads\\\/2019\\\/10\\\/backwinkel-blog-tiere-im-winter-heroimage.jpg\",\"datePublished\":\"2019-11-04T08:48:21+00:00\",\"dateModified\":\"2026-04-22T08:11:59+00:00\",\"author\":{\"@id\":\"https:\\\/\\\/www.backwinkel.de\\\/blog\\\/#\\\/schema\\\/person\\\/3d64575316540d25f7866264a4b7cd24\"},\"description\":\"Lesen Sie, wie Sie ein interaktives Unterrichtsprojekt zum Thema Tiere im Winter aufbauen. Praxistipps zum Ausdrucken inklusive. \u2713 Ideal f\u00fcr die Grundschule (Klasse 1 & 2 und 3 & 4) \u2713\",\"breadcrumb\":{\"@id\":\"https:\\\/\\\/www.backwinkel.de\\\/blog\\\/tiere-im-winter\\\/#breadcrumb\"},\"inLanguage\":\"de\",\"potentialAction\":[{\"@type\":\"ReadAction\",\"target\":[\"https:\\\/\\\/www.backwinkel.de\\\/blog\\\/tiere-im-winter\\\/\"]}]},{\"@type\":\"ImageObject\",\"inLanguage\":\"de\",\"@id\":\"https:\\\/\\\/www.backwinkel.de\\\/blog\\\/tiere-im-winter\\\/#primaryimage\",\"url\":\"https:\\\/\\\/www.backwinkel.de\\\/blog\\\/wp-content\\\/uploads\\\/2019\\\/10\\\/backwinkel-blog-tiere-im-winter-heroimage.jpg\",\"contentUrl\":\"https:\\\/\\\/www.backwinkel.de\\\/blog\\\/wp-content\\\/uploads\\\/2019\\\/10\\\/backwinkel-blog-tiere-im-winter-heroimage.jpg\",\"width\":1200,\"height\":628,\"caption\":\"BACKWINKEL-Blog \u2013 Beitrag zum Thema Tiere im Winter\"},{\"@type\":\"BreadcrumbList\",\"@id\":\"https:\\\/\\\/www.backwinkel.de\\\/blog\\\/tiere-im-winter\\\/#breadcrumb\",\"itemListElement\":[{\"@type\":\"ListItem\",\"position\":1,\"name\":\"Startseite\",\"item\":\"https:\\\/\\\/blog.backwinkel.de\\\/aktuelles\\\/\"},{\"@type\":\"ListItem\",\"position\":2,\"name\":\"Tiere im Winter\"}]},{\"@type\":\"WebSite\",\"@id\":\"https:\\\/\\\/www.backwinkel.de\\\/blog\\\/#website\",\"url\":\"https:\\\/\\\/www.backwinkel.de\\\/blog\\\/\",\"name\":\"BACKWINKEL Blog\",\"description\":\"f\u00fcr Lehrer, Erzieher und Eltern\",\"potentialAction\":[{\"@type\":\"SearchAction\",\"target\":{\"@type\":\"EntryPoint\",\"urlTemplate\":\"https:\\\/\\\/www.backwinkel.de\\\/blog\\\/?s={search_term_string}\"},\"query-input\":{\"@type\":\"PropertyValueSpecification\",\"valueRequired\":true,\"valueName\":\"search_term_string\"}}],\"inLanguage\":\"de\"},{\"@type\":\"Person\",\"@id\":\"https:\\\/\\\/www.backwinkel.de\\\/blog\\\/#\\\/schema\\\/person\\\/3d64575316540d25f7866264a4b7cd24\",\"name\":\"BACKWINKEL\",\"sameAs\":[\"http:\\\/\\\/www.backwinkel.de\"],\"url\":\"https:\\\/\\\/www.backwinkel.de\\\/blog\\\/author\\\/backwinkel\\\/\"}]}<\/script>\n<!-- \/ Yoast SEO plugin. -->","yoast_head_json":{"title":"Tiere im Winter \u00bb Tipps & Ideen f\u00fcr ein \u00f6kologisches Unterrichtsprojekt in der Grundschule | BACKWINKEL Blog","description":"Lesen Sie, wie Sie ein interaktives Unterrichtsprojekt zum Thema Tiere im Winter aufbauen. Praxistipps zum Ausdrucken inklusive. \u2713 Ideal f\u00fcr die Grundschule (Klasse 1 & 2 und 3 & 4) \u2713","robots":{"index":"index","follow":"follow","max-snippet":"max-snippet:-1","max-image-preview":"max-image-preview:large","max-video-preview":"max-video-preview:-1"},"canonical":"https:\/\/www.backwinkel.de\/blog\/tiere-im-winter\/","og_locale":"de_DE","og_type":"article","og_title":"Tiere im Winter \u00bb Tipps & Ideen f\u00fcr ein \u00f6kologisches Unterrichtsprojekt in der Grundschule | BACKWINKEL Blog","og_description":"Lesen Sie, wie Sie ein interaktives Unterrichtsprojekt zum Thema Tiere im Winter aufbauen. Praxistipps zum Ausdrucken inklusive. \u2713 Ideal f\u00fcr die Grundschule (Klasse 3 und 4) \u2713","og_url":"https:\/\/www.backwinkel.de\/blog\/tiere-im-winter\/","og_site_name":"BACKWINKEL Blog","article_published_time":"2019-11-04T08:48:21+00:00","article_modified_time":"2026-04-22T08:11:59+00:00","og_image":[{"width":1200,"height":628,"url":"https:\/\/www.backwinkel.de\/blog\/wp-content\/uploads\/2019\/10\/backwinkel-blog-tiere-im-winter-heroimage.jpg","type":"image\/jpeg"}],"author":"BACKWINKEL","twitter_card":"summary_large_image","twitter_misc":{"Verfasst von":"BACKWINKEL","Gesch\u00e4tzte Lesezeit":"14\u00a0Minuten"},"schema":{"@context":"https:\/\/schema.org","@graph":[{"@type":"Article","@id":"https:\/\/www.backwinkel.de\/blog\/tiere-im-winter\/#article","isPartOf":{"@id":"https:\/\/www.backwinkel.de\/blog\/tiere-im-winter\/"},"author":{"name":"BACKWINKEL","@id":"https:\/\/www.backwinkel.de\/blog\/#\/schema\/person\/3d64575316540d25f7866264a4b7cd24"},"headline":"Tiere im Winter","datePublished":"2019-11-04T08:48:21+00:00","dateModified":"2026-04-22T08:11:59+00:00","mainEntityOfPage":{"@id":"https:\/\/www.backwinkel.de\/blog\/tiere-im-winter\/"},"wordCount":5486,"image":{"@id":"https:\/\/www.backwinkel.de\/blog\/tiere-im-winter\/#primaryimage"},"thumbnailUrl":"https:\/\/www.backwinkel.de\/blog\/wp-content\/uploads\/2019\/10\/backwinkel-blog-tiere-im-winter-heroimage.jpg","articleSection":["Schule"],"inLanguage":"de"},{"@type":"WebPage","@id":"https:\/\/www.backwinkel.de\/blog\/tiere-im-winter\/","url":"https:\/\/www.backwinkel.de\/blog\/tiere-im-winter\/","name":"Tiere im Winter \u00bb Tipps & Ideen f\u00fcr ein \u00f6kologisches Unterrichtsprojekt in der Grundschule | BACKWINKEL Blog","isPartOf":{"@id":"https:\/\/www.backwinkel.de\/blog\/#website"},"primaryImageOfPage":{"@id":"https:\/\/www.backwinkel.de\/blog\/tiere-im-winter\/#primaryimage"},"image":{"@id":"https:\/\/www.backwinkel.de\/blog\/tiere-im-winter\/#primaryimage"},"thumbnailUrl":"https:\/\/www.backwinkel.de\/blog\/wp-content\/uploads\/2019\/10\/backwinkel-blog-tiere-im-winter-heroimage.jpg","datePublished":"2019-11-04T08:48:21+00:00","dateModified":"2026-04-22T08:11:59+00:00","author":{"@id":"https:\/\/www.backwinkel.de\/blog\/#\/schema\/person\/3d64575316540d25f7866264a4b7cd24"},"description":"Lesen Sie, wie Sie ein interaktives Unterrichtsprojekt zum Thema Tiere im Winter aufbauen. Praxistipps zum Ausdrucken inklusive. \u2713 Ideal f\u00fcr die Grundschule (Klasse 1 & 2 und 3 & 4) \u2713","breadcrumb":{"@id":"https:\/\/www.backwinkel.de\/blog\/tiere-im-winter\/#breadcrumb"},"inLanguage":"de","potentialAction":[{"@type":"ReadAction","target":["https:\/\/www.backwinkel.de\/blog\/tiere-im-winter\/"]}]},{"@type":"ImageObject","inLanguage":"de","@id":"https:\/\/www.backwinkel.de\/blog\/tiere-im-winter\/#primaryimage","url":"https:\/\/www.backwinkel.de\/blog\/wp-content\/uploads\/2019\/10\/backwinkel-blog-tiere-im-winter-heroimage.jpg","contentUrl":"https:\/\/www.backwinkel.de\/blog\/wp-content\/uploads\/2019\/10\/backwinkel-blog-tiere-im-winter-heroimage.jpg","width":1200,"height":628,"caption":"BACKWINKEL-Blog \u2013 Beitrag zum Thema Tiere im Winter"},{"@type":"BreadcrumbList","@id":"https:\/\/www.backwinkel.de\/blog\/tiere-im-winter\/#breadcrumb","itemListElement":[{"@type":"ListItem","position":1,"name":"Startseite","item":"https:\/\/blog.backwinkel.de\/aktuelles\/"},{"@type":"ListItem","position":2,"name":"Tiere im Winter"}]},{"@type":"WebSite","@id":"https:\/\/www.backwinkel.de\/blog\/#website","url":"https:\/\/www.backwinkel.de\/blog\/","name":"BACKWINKEL Blog","description":"f\u00fcr Lehrer, Erzieher und Eltern","potentialAction":[{"@type":"SearchAction","target":{"@type":"EntryPoint","urlTemplate":"https:\/\/www.backwinkel.de\/blog\/?s={search_term_string}"},"query-input":{"@type":"PropertyValueSpecification","valueRequired":true,"valueName":"search_term_string"}}],"inLanguage":"de"},{"@type":"Person","@id":"https:\/\/www.backwinkel.de\/blog\/#\/schema\/person\/3d64575316540d25f7866264a4b7cd24","name":"BACKWINKEL","sameAs":["http:\/\/www.backwinkel.de"],"url":"https:\/\/www.backwinkel.de\/blog\/author\/backwinkel\/"}]}},"_links":{"self":[{"href":"https:\/\/www.backwinkel.de\/blog\/wp-json\/wp\/v2\/posts\/3770","targetHints":{"allow":["GET"]}}],"collection":[{"href":"https:\/\/www.backwinkel.de\/blog\/wp-json\/wp\/v2\/posts"}],"about":[{"href":"https:\/\/www.backwinkel.de\/blog\/wp-json\/wp\/v2\/types\/post"}],"author":[{"embeddable":true,"href":"https:\/\/www.backwinkel.de\/blog\/wp-json\/wp\/v2\/users\/3"}],"replies":[{"embeddable":true,"href":"https:\/\/www.backwinkel.de\/blog\/wp-json\/wp\/v2\/comments?post=3770"}],"version-history":[{"count":4,"href":"https:\/\/www.backwinkel.de\/blog\/wp-json\/wp\/v2\/posts\/3770\/revisions"}],"predecessor-version":[{"id":18867,"href":"https:\/\/www.backwinkel.de\/blog\/wp-json\/wp\/v2\/posts\/3770\/revisions\/18867"}],"wp:featuredmedia":[{"embeddable":true,"href":"https:\/\/www.backwinkel.de\/blog\/wp-json\/wp\/v2\/media\/3774"}],"wp:attachment":[{"href":"https:\/\/www.backwinkel.de\/blog\/wp-json\/wp\/v2\/media?parent=3770"}],"wp:term":[{"taxonomy":"category","embeddable":true,"href":"https:\/\/www.backwinkel.de\/blog\/wp-json\/wp\/v2\/categories?post=3770"},{"taxonomy":"post_tag","embeddable":true,"href":"https:\/\/www.backwinkel.de\/blog\/wp-json\/wp\/v2\/tags?post=3770"}],"curies":[{"name":"wp","href":"https:\/\/api.w.org\/{rel}","templated":true}]}}