{"id":3649,"date":"2019-10-07T09:31:51","date_gmt":"2019-10-07T07:31:51","guid":{"rendered":"https:\/\/blog.backwinkel.de\/?p=3649"},"modified":"2024-08-08T17:56:32","modified_gmt":"2024-08-08T15:56:32","slug":"transition","status":"publish","type":"post","link":"https:\/\/www.backwinkel.de\/blog\/transition\/","title":{"rendered":"Der \u00dcbergang vom Kindergarten in die Grundschule:"},"content":{"rendered":"\n<style type=\"text\/css\" data-created_by=\"avia_inline_auto\" id=\"style-css-av-8vdv8-f7e0dae999cc49bc529a70f67b346526\">\n.flex_column.av-8vdv8-f7e0dae999cc49bc529a70f67b346526{\nborder-radius:0px 0px 0px 0px;\npadding:0px 0px 0px 0px;\n}\n<\/style>\n<div  class='flex_column av-8vdv8-f7e0dae999cc49bc529a70f67b346526 av_one_full  avia-builder-el-0  el_before_av_three_fifth  avia-builder-el-first  first flex_column_div av-zero-column-padding  '     ><p>\n<style type=\"text\/css\" data-created_by=\"avia_inline_auto\" id=\"style-css-av-jl6mo8rj-605eccf9df0dce9c3ffb6a57636da99d\">\n#top .hr.hr-invisible.av-jl6mo8rj-605eccf9df0dce9c3ffb6a57636da99d{\nmargin-top:0px;\nheight:1px;\n}\n<\/style>\n<div  class='hr av-jl6mo8rj-605eccf9df0dce9c3ffb6a57636da99d hr-invisible  avia-builder-el-1  el_before_av_heading  avia-builder-el-first '><span class='hr-inner '><span class=\"hr-inner-style\"><\/span><\/span><\/div><br \/>\n\n<style type=\"text\/css\" data-created_by=\"avia_inline_auto\" id=\"style-css-av-2e47r5-da396e682b0e78d44445db9d64def453\">\n#top .av-special-heading.av-2e47r5-da396e682b0e78d44445db9d64def453{\npadding-bottom:10px;\n}\nbody .av-special-heading.av-2e47r5-da396e682b0e78d44445db9d64def453 .av-special-heading-tag .heading-char{\nfont-size:25px;\n}\n.av-special-heading.av-2e47r5-da396e682b0e78d44445db9d64def453 .av-subheading{\nfont-size:15px;\n}\n<\/style>\n<div  class='av-special-heading av-2e47r5-da396e682b0e78d44445db9d64def453 av-special-heading-h1 blockquote modern-quote  avia-builder-el-2  el_after_av_hr  el_before_av_textblock '><h1 class='av-special-heading-tag '  >Der \u00dcbergang vom Kindergarten in die Grundschule: So gelingt der Start ins Schulleben<\/h1><div class='av-subheading av-subheading_below'><p class=\"autorenname\">Christine Hagemann<\/p>\n<\/div><div class=\"special-heading-border\"><div class=\"special-heading-inner-border\"><\/div><\/div><\/div><br \/>\n\n<style type=\"text\/css\" data-created_by=\"avia_inline_auto\" id=\"style-css-av-jkuubohz-5bd5902bdafe42e29df3f39e76d87d31\">\n#top .av_textblock_section.av-jkuubohz-5bd5902bdafe42e29df3f39e76d87d31 .avia_textblock{\nfont-size:20px;\n}\n<\/style>\n<section  class='av_textblock_section av-jkuubohz-5bd5902bdafe42e29df3f39e76d87d31 '  ><div class='avia_textblock' ><p class=\"einleitungstext-beitrag\">F\u00fcr jedes Kind ist der \u00dcbergang in die Grundschule ein wichtiger Meilenstein. Eltern, Kindergarten und Schule bereiten die Kinder auf den neuen Lebensabschnitt vor.<\/p>\n<\/div><\/section><br \/>\n\n<style type=\"text\/css\" data-created_by=\"avia_inline_auto\" id=\"style-css-av-jkuuo5h6-8daccb858213e53df0fab4cef3ecb135\">\n.avia-image-container.av-jkuuo5h6-8daccb858213e53df0fab4cef3ecb135 img.avia_image{\nbox-shadow:none;\n}\n.avia-image-container.av-jkuuo5h6-8daccb858213e53df0fab4cef3ecb135 .av-image-caption-overlay-center{\ncolor:#ffffff;\n}\n<\/style>\n<div  class='avia-image-container av-jkuuo5h6-8daccb858213e53df0fab4cef3ecb135 av-styling- avia-align-center  avia-builder-el-4  el_after_av_textblock  el_before_av_hr '  ><div class=\"avia-image-container-inner\"><div class=\"avia-image-overlay-wrap\"><img decoding=\"async\" fetchpriority=\"high\" class='wp-image-3651 avia-img-lazy-loading-not-3651 avia_image ' src=\"https:\/\/www.backwinkel.de\/blog\/wp-content\/uploads\/2019\/08\/backwinkel-blog-kindergarten-vorschule-heroimage.jpg\" alt='BACKWINKEL-Blog \u2013 Beitrag zum Thema \u00dcbergang vom Kindergarten in die Grundschule' title='\u00dcbergang vom Kindergarten in die Grundschule: Ziele und Tipps'  height=\"628\" width=\"1200\" srcset=\"https:\/\/www.backwinkel.de\/blog\/wp-content\/uploads\/2019\/08\/backwinkel-blog-kindergarten-vorschule-heroimage.jpg 1200w, https:\/\/www.backwinkel.de\/blog\/wp-content\/uploads\/2019\/08\/backwinkel-blog-kindergarten-vorschule-heroimage-300x157.jpg 300w, https:\/\/www.backwinkel.de\/blog\/wp-content\/uploads\/2019\/08\/backwinkel-blog-kindergarten-vorschule-heroimage-768x402.jpg 768w, https:\/\/www.backwinkel.de\/blog\/wp-content\/uploads\/2019\/08\/backwinkel-blog-kindergarten-vorschule-heroimage-1030x539.jpg 1030w, https:\/\/www.backwinkel.de\/blog\/wp-content\/uploads\/2019\/08\/backwinkel-blog-kindergarten-vorschule-heroimage-705x369.jpg 705w, https:\/\/www.backwinkel.de\/blog\/wp-content\/uploads\/2019\/08\/backwinkel-blog-kindergarten-vorschule-heroimage-450x236.jpg 450w\" sizes=\"(max-width: 1200px) 100vw, 1200px\" \/><\/div><\/div><\/div><br \/>\n\n<style type=\"text\/css\" data-created_by=\"avia_inline_auto\" id=\"style-css-av-jl6mo8rj-ab50791fb32fea5756c601f0614fc264\">\n#top .hr.hr-invisible.av-jl6mo8rj-ab50791fb32fea5756c601f0614fc264{\nheight:5px;\n}\n<\/style>\n<div  class='hr av-jl6mo8rj-ab50791fb32fea5756c601f0614fc264 hr-invisible  avia-builder-el-5  el_after_av_image  el_before_av_textblock '><span class='hr-inner '><span class=\"hr-inner-style\"><\/span><\/span><\/div><br \/>\n\n<style type=\"text\/css\" data-created_by=\"avia_inline_auto\" id=\"style-css-av-jl7ql86y-e4dbe662e227d6e3ed63d4a5d145fa64\">\n#top .av_textblock_section.av-jl7ql86y-e4dbe662e227d6e3ed63d4a5d145fa64 .avia_textblock{\nfont-size:10px;\n}\n<\/style>\n<section  class='av_textblock_section av-jl7ql86y-e4dbe662e227d6e3ed63d4a5d145fa64 '  ><div class='avia_textblock' ><p class=\"bildnennung-beitrag\" style=\"text-align: left;\">\u00a9 BACKWINKEL GmbH<\/p>\n<\/div><\/section><br \/>\n\n<style type=\"text\/css\" data-created_by=\"avia_inline_auto\" id=\"style-css-av-jl6mo8rj-9e319e8b30aab8283f7be65174bbaf94\">\n#top .hr.hr-invisible.av-jl6mo8rj-9e319e8b30aab8283f7be65174bbaf94{\nheight:20px;\n}\n<\/style>\n<div  class='hr av-jl6mo8rj-9e319e8b30aab8283f7be65174bbaf94 hr-invisible  avia-builder-el-7  el_after_av_textblock  el_before_av_textblock '><span class='hr-inner '><span class=\"hr-inner-style\"><\/span><\/span><\/div><br \/>\n<section  class='av_textblock_section av-jkuubohz-8a8768754398753d2b133f1fa2fc669d '  ><div class='avia_textblock' ><p>Vorschulkinder sind stolz darauf, bald Schulkinder zu werden. Der Schuleintritt bringt aber auch Unsicherheiten mit sich. Besonders wichtig f\u00fcr einen gelungenen \u00dcbergang vom Kindergarten in die Grundschule ist die <strong>enge Kooperation<\/strong> beider Einrichtungen. Lesen Sie im Folgenden, wie Sie eine erfolgreiche Schulvorbereitung im Kindergarten gestalten. Inklusive Basismaterial zum Ausdrucken.<\/p>\n<\/div><\/section><\/p><\/div>\n\n<style type=\"text\/css\" data-created_by=\"avia_inline_auto\" id=\"style-css-av-swqf9-6bb490ea0cbb171c9d159bb967226129\">\n.flex_column.av-swqf9-6bb490ea0cbb171c9d159bb967226129{\nborder-radius:0px 0px 0px 0px;\npadding:20px 20px 20px 20px;\nbackground-color:#f2f2f2;\n}\n<\/style>\n<div  class='flex_column av-swqf9-6bb490ea0cbb171c9d159bb967226129 av_three_fifth  avia-builder-el-9  el_after_av_one_full  el_before_av_two_fifth  first flex_column_div  column-top-margin'     ><style type=\"text\/css\" data-created_by=\"avia_inline_auto\" id=\"style-css-av-jkuua5r2-26aacafcf32943ff9bfc4af71f6ef736\">\n#top .av_textblock_section.av-jkuua5r2-26aacafcf32943ff9bfc4af71f6ef736 .avia_textblock{\nfont-size:14px;\n}\n<\/style>\n<section  class='av_textblock_section av-jkuua5r2-26aacafcf32943ff9bfc4af71f6ef736 '  ><div class='avia_textblock' ><p><strong>Inhalt<\/strong><\/p>\n<p><strong><a href=\"#1\">1. Was bedeutet Transition?<\/a><\/strong><br \/>\n1.1 Aus Kindergartenkindern werden Schulkinder<br \/>\n1.2 Die zentrale Rolle der Erzieher<\/p>\n<p><strong><a href=\"#2\">2. Welche F\u00e4higkeiten brauchen Kinder beim Schuleintritt?<\/a><\/strong><br \/>\n2.1 Schulvorbereitung im Kindergarten<br \/>\n2.2 Erwartungen und Ziele<\/p>\n<p><strong><a href=\"#3\">3. Wie gestalte ich die \u00dcbergangsphase erfolgreich?<\/a><\/strong><br \/>\n3.1 Tipps f\u00fcr einen gut strukturierten \u00dcbergang<br \/>\n3.2 So f\u00fchren Sie die Kinder an den Schulalltag heran<\/p>\n<\/div><\/section><\/div>\n\n<style type=\"text\/css\" data-created_by=\"avia_inline_auto\" id=\"style-css-av-2532d-6e1ea05e25305745634c0a02c87dc827\">\n.flex_column.av-2532d-6e1ea05e25305745634c0a02c87dc827{\nborder-radius:0px 0px 0px 0px;\npadding:0 0 0 0;\n}\n<\/style>\n<div  class='flex_column av-2532d-6e1ea05e25305745634c0a02c87dc827 av_two_fifth  avia-builder-el-11  el_after_av_three_fifth  el_before_av_sidebar  flex_column_div av-zero-column-padding  column-top-margin'     ><\/div>\n<div  class='avia-builder-widget-area clearfix  avia-builder-el-12  el_after_av_two_fifth  el_before_av_one_full '><div id=\"text-15\" class=\"widget clearfix widget_text\">\t\t\t<div class=\"textwidget\"><p>\n<style type=\"text\/css\" data-created_by=\"avia_inline_auto\" id=\"style-css-av-7c7r8-5595a223bf93fe848c40e7bf3faacd82\">\n#top .hr.hr-invisible.av-7c7r8-5595a223bf93fe848c40e7bf3faacd82{\nheight:20px;\n}\n<\/style>\n<div  class='hr av-7c7r8-5595a223bf93fe848c40e7bf3faacd82 hr-invisible'><span class='hr-inner '><span class=\"hr-inner-style\"><\/span><\/span><\/div><br \/>\n<a href=\"https:\/\/www.backwinkel.de\" target=\"_blank\" rel=\"noopener\"><br \/>\n<img decoding=\"async\" class=\"werbung-desktop alignnone wp-image-4186 size-full\" src=\"https:\/\/blog.backwinkel.de\/wp-content\/uploads\/2022\/07\/20210215_backwinkel-blog-werbebanner-Neuer_online_shop_desktop1.jpg\" alt=\"\" width=\"1251\" height=\"201\" \/><br \/>\n<\/a><br \/>\n<a href=\"https:\/\/www.backwinkel.de\" target=\"_blank\" rel=\"noopener\"><br \/>\n<img decoding=\"async\" class=\"werbung-mobile alignnone wp-image-4187 size-full\" src=\"https:\/\/blog.backwinkel.de\/wp-content\/uploads\/2022\/07\/20210215_backwinkel-blog-werbebanner-Neuer_online_shop_mobile-1.jpg\" alt=\"\" width=\"550\" height=\"500\" \/><br \/>\n<\/a><\/p>\n<\/div>\n\t\t<\/div><\/div>\n\n<style type=\"text\/css\" data-created_by=\"avia_inline_auto\" id=\"style-css-av-hh5al-9c53459d093ff912fcc98cf97e19d753\">\n.flex_column.av-hh5al-9c53459d093ff912fcc98cf97e19d753{\nborder-radius:0px 0px 0px 0px;\npadding:0px 0px 0px 0px;\n}\n<\/style>\n<div  class='flex_column av-hh5al-9c53459d093ff912fcc98cf97e19d753 av_one_full  avia-builder-el-13  el_after_av_sidebar  el_before_av_one_full  first flex_column_div av-zero-column-padding  '     ><section  class='av_textblock_section av-jkuul0eg-c00477a45633ba2b4da6d6a6ea3aa3db '  ><div class='avia_textblock' >\n<style type=\"text\/css\" data-created_by=\"avia_inline_auto\" id=\"style-css-av-7c7r8-1ad3209b7b9ea9c60cc97e362d76ea5e\">\n#top .hr.hr-invisible.av-7c7r8-1ad3209b7b9ea9c60cc97e362d76ea5e{\nheight:20px;\n}\n<\/style>\n<div  class='hr av-7c7r8-1ad3209b7b9ea9c60cc97e362d76ea5e hr-invisible  avia-builder-el-15  avia-builder-el-no-sibling '><span class='hr-inner '><span class=\"hr-inner-style\"><\/span><\/span><\/div>\n<p><strong>Der Wechsel vom Kindergarten in die Grundschule<\/strong> stellt eine Herausforderung dar, an der ein Kind wachsen kann. F\u00fcr das Gelingen ist entscheidend, dass das Kind den \u00dcbergang nicht als Bruch erlebt. Denn bei diesem Entwicklungsschritt k\u00f6nnen sich sowohl positive als auch negative Selbstbilder verfestigen \u2013 mit weitreichenden Folgen. Ein guter Schulstart kann positiv auf die gesamte Schullaufbahn ausstrahlen.<\/p>\n<\/div><\/section><\/div>\n\n<style type=\"text\/css\" data-created_by=\"avia_inline_auto\" id=\"style-css-av-hh5al-9c53459d093ff912fcc98cf97e19d753\">\n.flex_column.av-hh5al-9c53459d093ff912fcc98cf97e19d753{\nborder-radius:0px 0px 0px 0px;\npadding:0px 0px 0px 0px;\n}\n<\/style>\n<div  class='flex_column av-hh5al-9c53459d093ff912fcc98cf97e19d753 av_one_full  avia-builder-el-16  el_after_av_one_full  el_before_av_one_full  first flex_column_div av-zero-column-padding  column-top-margin'     ><section  class='av_textblock_section av-jkuul0eg-c00477a45633ba2b4da6d6a6ea3aa3db '  ><div class='avia_textblock' >\n<style type=\"text\/css\" data-created_by=\"avia_inline_auto\" id=\"style-css-av-7c7r8-1ad3209b7b9ea9c60cc97e362d76ea5e\">\n#top .hr.hr-invisible.av-7c7r8-1ad3209b7b9ea9c60cc97e362d76ea5e{\nheight:20px;\n}\n<\/style>\n<div  class='hr av-7c7r8-1ad3209b7b9ea9c60cc97e362d76ea5e hr-invisible  avia-builder-el-18  avia-builder-el-no-sibling '><span class='hr-inner '><span class=\"hr-inner-style\"><\/span><\/span><\/div>\n<h2 id=\"1\" class=\"position\">Was bedeutet Transition?<\/h2>\n<p>Seit einigen Jahren r\u00fcckt die <strong>\u00dcbergangsgestaltung<\/strong> verst\u00e4rkt in den Blick der Bildungspolitik und der p\u00e4dagogischen Forschung. P\u00e4dagogen sprechen von <strong>Transition<\/strong>, wenn es um Wandlungsprozesse geht, die mit einer massiven <strong>Umstrukturierung der Lebenszusammenh\u00e4nge<\/strong> einhergehen. Genau das geschieht beim \u00dcbergang von Kindergarten zu Grundschule.<\/p>\n<\/div><\/section><\/div>\n\n<style type=\"text\/css\" data-created_by=\"avia_inline_auto\" id=\"style-css-av-hh5al-9c53459d093ff912fcc98cf97e19d753\">\n.flex_column.av-hh5al-9c53459d093ff912fcc98cf97e19d753{\nborder-radius:0px 0px 0px 0px;\npadding:0px 0px 0px 0px;\n}\n<\/style>\n<div  class='flex_column av-hh5al-9c53459d093ff912fcc98cf97e19d753 av_one_full  avia-builder-el-19  el_after_av_one_full  el_before_av_one_full  first flex_column_div av-zero-column-padding  column-top-margin'     ><style type=\"text\/css\" data-created_by=\"avia_inline_auto\" id=\"style-css-av-jqz83eqo-488d032161b0dfbe1d989bf7937d51da\">\n.av_promobox.av-jqz83eqo-488d032161b0dfbe1d989bf7937d51da{\ncolor:#575757;\nbackground:#ffffff;\nborder-color:#575757;\n}\n<\/style>\n<div  class='av_promobox av-jqz83eqo-488d032161b0dfbe1d989bf7937d51da avia-button-no  avia-builder-el-20  avia-builder-el-no-sibling '><div class='avia-promocontent'><p>\n<strong>Transition \u2013 P\u00e4dagogik <\/strong><\/p>\n<p>Transition findet nicht nur in Bildungs\u00fcberg\u00e4ngen wie beim \u00dcbergang von Kita zu Grundschule und von dort zur weiterf\u00fchrenden Schule statt, sondern im gesamten Leben. Beispielsweise beim Einstieg ins Berufsleben oder wenn aus Partnern Eltern werden. Nach wissenschaftlicher Definition sind Transitionen komplexe Lebensereignisse, die eine Bew\u00e4ltigung von Nicht-Fortsetzungen auf mehreren Ebenen erfordern. Sie regen intensives Lernen an und werden als bedeutsame Erfahrungen von Wandel in der eigenen Identit\u00e4tsentwicklung erlebt.<\/p>\n<p style=\"font-size: 16px;\">Nach: Wolfgang Griebel, Renate Niesel: \u00dcberg\u00e4nge verstehen und begleiten. Transitionen in der Bildungslaufbahn von Kindern. Berlin 2011, S. 37 f.<\/p>\n<p>\n<\/div><\/div><\/div>\n\n<style type=\"text\/css\" data-created_by=\"avia_inline_auto\" id=\"style-css-av-hh5al-9c53459d093ff912fcc98cf97e19d753\">\n.flex_column.av-hh5al-9c53459d093ff912fcc98cf97e19d753{\nborder-radius:0px 0px 0px 0px;\npadding:0px 0px 0px 0px;\n}\n<\/style>\n<div  class='flex_column av-hh5al-9c53459d093ff912fcc98cf97e19d753 av_one_full  avia-builder-el-21  el_after_av_one_full  el_before_av_one_full  first flex_column_div av-zero-column-padding  column-top-margin'     ><section  class='av_textblock_section av-jkuul0eg-c00477a45633ba2b4da6d6a6ea3aa3db '  ><div class='avia_textblock' >\n<style type=\"text\/css\" data-created_by=\"avia_inline_auto\" id=\"style-css-av-7c7r8-1ad3209b7b9ea9c60cc97e362d76ea5e\">\n#top .hr.hr-invisible.av-7c7r8-1ad3209b7b9ea9c60cc97e362d76ea5e{\nheight:20px;\n}\n<\/style>\n<div  class='hr av-7c7r8-1ad3209b7b9ea9c60cc97e362d76ea5e hr-invisible  avia-builder-el-23  avia-builder-el-no-sibling '><span class='hr-inner '><span class=\"hr-inner-style\"><\/span><\/span><\/div>\n<h3>Aus Kindergartenkindern werden Schulkinder<\/h3>\n<p>Die beiden Institutionen Kita und Grundschule sind traditionell deutlich voneinander getrennt. Wie gut die Gestaltung des \u00dcbergangs klappt, h\u00e4ngt wesentlich vom Zusammenwirken aller beteiligten Akteure ab. Dazu geh\u00f6rt eine enge Kooperation zwischen Kindergarten und Grundschule ebenso wie die Beteiligung der Eltern.<\/p>\n<p>Der \u00dcbergang von Kindergarten zu Grundschule gleicht einer Initiation, die durch <strong>Rituale<\/strong> wie dem Kauf eines Tornisters und dem Basteln der Schult\u00fcte vorbereitet wird. Das Kind erh\u00e4lt in dieser Zeit einen <strong>neuen gesellschaftlichen Status<\/strong>. Dies zeigt sich auch im Umgang mit dem Kind. So legen Eltern gegen Ende der Kindergartenzeit deutlich mehr Wert auf Disziplin und P\u00fcnktlichkeit.<\/p>\n<h3>Die zentrale Rolle der Erzieher<\/h3>\n<p>Die p\u00e4dagogischen Fachkr\u00e4fte haben die Aufgabe, den <strong>\u00dcbergang zur Grundschule zu moderieren<\/strong>. Durch ihre Erfahrung und Professionalit\u00e4t unterst\u00fctzen sie die Familien. Die Erzieher <strong>begleiten den \u00dcbergang<\/strong>, ohne selbst die Transition zu durchlaufen. Gerade dieser Aspekt ist zentral f\u00fcr eine erfolgreiche Gestaltung des \u00dcbergangs.<\/p>\n<p>W\u00e4hrend sich die Kinder und ebenso deren Eltern im \u00dcbergangsprozess neu orientieren m\u00fcssen und auch emotional stark involviert sind, bauen ihnen die p\u00e4dagogischen Akteure <strong>eine Br\u00fccke in die neue Institution<\/strong>. In dieser Phase ist die Moderation der Erzieher wichtig, um Kinder und Eltern in ihrer Identit\u00e4tsentwicklung zu unterst\u00fctzen.<\/p>\n<\/div><\/section><\/div>\n\n<style type=\"text\/css\" data-created_by=\"avia_inline_auto\" id=\"style-css-av-hh5al-9c53459d093ff912fcc98cf97e19d753\">\n.flex_column.av-hh5al-9c53459d093ff912fcc98cf97e19d753{\nborder-radius:0px 0px 0px 0px;\npadding:0px 0px 0px 0px;\n}\n<\/style>\n<div  class='flex_column av-hh5al-9c53459d093ff912fcc98cf97e19d753 av_one_full  avia-builder-el-24  el_after_av_one_full  el_before_av_two_fifth  first flex_column_div av-zero-column-padding  column-top-margin'     ><p><section  class='av_textblock_section av-jkuul0eg-c00477a45633ba2b4da6d6a6ea3aa3db '  ><div class='avia_textblock' >\n<style type=\"text\/css\" data-created_by=\"avia_inline_auto\" id=\"style-css-av-7c7r8-1ad3209b7b9ea9c60cc97e362d76ea5e\">\n#top .hr.hr-invisible.av-7c7r8-1ad3209b7b9ea9c60cc97e362d76ea5e{\nheight:20px;\n}\n<\/style>\n<div  class='hr av-7c7r8-1ad3209b7b9ea9c60cc97e362d76ea5e hr-invisible  avia-builder-el-26  avia-builder-el-no-sibling '><span class='hr-inner '><span class=\"hr-inner-style\"><\/span><\/span><\/div>\n<h2 id=\"2\" class=\"position\">Welche F\u00e4higkeiten brauchen Kinder beim Schuleintritt?<\/h2>\n<p>F\u00fcr einen erfolgreichen Start ins Sch\u00fclerleben ben\u00f6tigen Kinder bestimmte F\u00e4higkeiten. Dies sind zum einen kognitive Lernvoraussetzungen, zum anderen \u2013 und mindestens ebenso wichtig \u2013 soziale und mentale Voraussetzungen.<\/p>\n<p>Die <strong>Schulf\u00e4higkeit<\/strong> besteht aus einer Summe von Faktoren. Und es gibt unterschiedliche Ansichten, welche davon im Vordergrund stehen sollten. Einigkeit herrscht dar\u00fcber, dass neben kognitiven auch sozial-emotionale, motivationale und physische Faktoren entscheidend sind, um den \u00dcbergang gut zu bew\u00e4ltigen.<\/p>\n<p><strong>Diese \u00dcbergangsbew\u00e4ltigungskompetenzen sind f\u00fcr Schulanf\u00e4nger wichtig: <\/strong><\/p>\n<ul>\n<li>Selbstwertgef\u00fchl<\/li>\n<li>positives Selbstkonzept<\/li>\n<li>Selbstwirksamkeit<\/li>\n<li>positives Sozialverhalten<\/li>\n<li>aktives Bew\u00e4ltigungsverhalten<\/li>\n<\/ul>\n<p><strong>Schulf\u00e4higkeit ist als flie\u00dfender \u00dcbergang zu verstehen<\/strong>. Nicht als fest definierte Eingangsnorm, sondern als Ergebnis eines Prozesses, in dem verschiedene Akteure eine Rolle spielen: das Kind, dessen Familie und die p\u00e4dagogischen Profis in Kita und Grundschule.<\/p>\n<h3>Schulvorbereitung im Kindergarten<\/h3>\n<p>Die sognannten Vorl\u00e4uferf\u00e4higkeiten wie beispielsweise phonologisches Bewusstsein oder zahlenbezogenes Vorwissen haben nachweislich positive Effekte auf die Schullaufbahn. Daher geh\u00f6rt die F\u00f6rderung leistungsbezogener F\u00e4higkeiten zur Vorschularbeit im Kindergarten.<\/p>\n<p><strong>Wichtige schulnahe Lernvoraussetzungen sind beispielsweise: <\/strong><\/p>\n<ul>\n<li>W\u00f6rter in Silben gliedern k\u00f6nnen<\/li>\n<li>Reime erkennen<\/li>\n<li>Laute heraush\u00f6ren<\/li>\n<li>Seriation, z. B. nach Gr\u00f6\u00dfe ordnen<\/li>\n<li>Mengen- und L\u00e4ngenvergleich<\/li>\n<li>Z\u00e4hlfertigkeiten<\/li>\n<\/ul>\n<p>Beide Schwerpunkte der Vorschularbeit \u2013 St\u00e4rkung sozial-emotionaler F\u00e4higkeiten <strong>und<\/strong> F\u00f6rderung schulnaher F\u00e4higkeiten \u2013 sind unverzichtbar f\u00fcr eine optimale Schulvorbereitung der Kinder.<\/p>\n<p>Wenn der Austausch zwischen Kita und Grundschule in eine fruchtbare Zusammenarbeit m\u00fcndet, bringt dies enorme Arbeitserleichterungen \u2013 f\u00fcr beide Seiten. Methodisch sieht die gelungene Kooperation von Kindergarten und Grundschule so aus:<\/p>\n<\/div><\/section><br \/>\n<section  class='av_textblock_section av-jkuul0eg-c00477a45633ba2b4da6d6a6ea3aa3db '  ><div class='avia_textblock' ><p><img decoding=\"async\" class=\"aligncenter wp-image-3667\" src=\"https:\/\/blog.backwinkel.de\/wp-content\/uploads\/2019\/08\/backwinkel-blog-uebergang-kindergarten-schule-kooperation.png\" alt=\"\" width=\"800\" height=\"67\" srcset=\"https:\/\/www.backwinkel.de\/blog\/wp-content\/uploads\/2019\/08\/backwinkel-blog-uebergang-kindergarten-schule-kooperation.png 2500w, https:\/\/www.backwinkel.de\/blog\/wp-content\/uploads\/2019\/08\/backwinkel-blog-uebergang-kindergarten-schule-kooperation-300x25.png 300w, https:\/\/www.backwinkel.de\/blog\/wp-content\/uploads\/2019\/08\/backwinkel-blog-uebergang-kindergarten-schule-kooperation-768x64.png 768w, https:\/\/www.backwinkel.de\/blog\/wp-content\/uploads\/2019\/08\/backwinkel-blog-uebergang-kindergarten-schule-kooperation-1030x86.png 1030w, https:\/\/www.backwinkel.de\/blog\/wp-content\/uploads\/2019\/08\/backwinkel-blog-uebergang-kindergarten-schule-kooperation-1500x125.png 1500w, https:\/\/www.backwinkel.de\/blog\/wp-content\/uploads\/2019\/08\/backwinkel-blog-uebergang-kindergarten-schule-kooperation-705x59.png 705w, https:\/\/www.backwinkel.de\/blog\/wp-content\/uploads\/2019\/08\/backwinkel-blog-uebergang-kindergarten-schule-kooperation-450x38.png 450w\" sizes=\"(max-width: 800px) 100vw, 800px\" \/><\/p>\n<\/div><\/section><br \/>\n<section  class='av_textblock_section av-jkuul0eg-c00477a45633ba2b4da6d6a6ea3aa3db '  ><div class='avia_textblock' >\n<style type=\"text\/css\" data-created_by=\"avia_inline_auto\" id=\"style-css-av-7c7r8-1ad3209b7b9ea9c60cc97e362d76ea5e\">\n#top .hr.hr-invisible.av-7c7r8-1ad3209b7b9ea9c60cc97e362d76ea5e{\nheight:20px;\n}\n<\/style>\n<div  class='hr av-7c7r8-1ad3209b7b9ea9c60cc97e362d76ea5e hr-invisible  avia-builder-el-29  avia-builder-el-no-sibling '><span class='hr-inner '><span class=\"hr-inner-style\"><\/span><\/span><\/div>\n<\/div><\/section><\/p><\/div>\n\n<style type=\"text\/css\" data-created_by=\"avia_inline_auto\" id=\"style-css-av-jlnt0i5o-66f1833fd8828e1ae2a195debf6ee289\">\n.flex_column.av-jlnt0i5o-66f1833fd8828e1ae2a195debf6ee289{\nborder-radius:0px 0px 0px 0px;\npadding:10px 10px 10px 10px;\nbackground-color:#f2d1e4;\n}\n<\/style>\n<div  class='flex_column av-jlnt0i5o-66f1833fd8828e1ae2a195debf6ee289 av_two_fifth  avia-builder-el-30  el_after_av_one_full  el_before_av_one_full  first flex_column_div  column-top-margin'     ><style type=\"text\/css\" data-created_by=\"avia_inline_auto\" id=\"style-css-av-jkuvcso3-f3ce5576930e09933c40415039df932c\">\n#top .av_textblock_section.av-jkuvcso3-f3ce5576930e09933c40415039df932c .avia_textblock{\nfont-size:22px;\n}\n<\/style>\n<section  class='av_textblock_section av-jkuvcso3-f3ce5576930e09933c40415039df932c '  ><div class='avia_textblock' ><p>Download: Beispiele f\u00fcr \u00dcbungen in der Vorschule<\/p>\n<\/div><\/section><\/div>\n\n<style type=\"text\/css\" data-created_by=\"avia_inline_auto\" id=\"style-css-av-jlnt0i5o-f14eb1e669160d6cd5e4c2cfb5a2f669\">\n.flex_column.av-jlnt0i5o-f14eb1e669160d6cd5e4c2cfb5a2f669{\nborder-radius:0px 0px 0px 0px;\npadding:10px 10px 10px 10px;\nbackground-color:#ffffff;\n}\n<\/style>\n<div  class='flex_column av-jlnt0i5o-f14eb1e669160d6cd5e4c2cfb5a2f669 av_one_full  avia-builder-el-32  el_after_av_two_fifth  el_before_av_one_full  first flex_column_div  '     ><p><section  class='av_textblock_section av-jkuul0eg-c00477a45633ba2b4da6d6a6ea3aa3db '  ><div class='avia_textblock' >\n<style type=\"text\/css\" data-created_by=\"avia_inline_auto\" id=\"style-css-av-7c7r8-1ad3209b7b9ea9c60cc97e362d76ea5e\">\n#top .hr.hr-invisible.av-7c7r8-1ad3209b7b9ea9c60cc97e362d76ea5e{\nheight:20px;\n}\n<\/style>\n<div  class='hr av-7c7r8-1ad3209b7b9ea9c60cc97e362d76ea5e hr-invisible  avia-builder-el-34  avia-builder-el-no-sibling '><span class='hr-inner '><span class=\"hr-inner-style\"><\/span><\/span><\/div>\n<\/div><\/section><br \/>\n\n<style type=\"text\/css\" data-created_by=\"avia_inline_auto\" id=\"style-css-av-jzwoooqr-d071e581482b052c3ae061df9f4d06ba\">\n#top .avia-gallery.av-jzwoooqr-d071e581482b052c3ae061df9f4d06ba .avia-gallery-thumb a{\nwidth:33.3333%;\n}\n<\/style>\n<div  class='avia-gallery av-jzwoooqr-d071e581482b052c3ae061df9f4d06ba avia_animate_when_visible  avia-builder-el-35  el_after_av_textblock  el_before_av_textblock  animations_off avia-gallery-1' ><meta itemprop=\"contentURL\" content=\"https:\/\/www.backwinkel.de\/blog\/transition\/\"><div class='avia-gallery-thumb'><a href=\"https:\/\/www.backwinkel.de\/blog\/wp-content\/uploads\/2019\/08\/backwinkel-blog-uebergang-kindergarten-schule-arbeitsblatt_1-728x1030.jpg\" data-srcset=\"https:\/\/www.backwinkel.de\/blog\/wp-content\/uploads\/2019\/08\/backwinkel-blog-uebergang-kindergarten-schule-arbeitsblatt_1-728x1030.jpg 728w, https:\/\/www.backwinkel.de\/blog\/wp-content\/uploads\/2019\/08\/backwinkel-blog-uebergang-kindergarten-schule-arbeitsblatt_1-212x300.jpg 212w, https:\/\/www.backwinkel.de\/blog\/wp-content\/uploads\/2019\/08\/backwinkel-blog-uebergang-kindergarten-schule-arbeitsblatt_1-768x1086.jpg 768w, https:\/\/www.backwinkel.de\/blog\/wp-content\/uploads\/2019\/08\/backwinkel-blog-uebergang-kindergarten-schule-arbeitsblatt_1-1060x1500.jpg 1060w, https:\/\/www.backwinkel.de\/blog\/wp-content\/uploads\/2019\/08\/backwinkel-blog-uebergang-kindergarten-schule-arbeitsblatt_1-498x705.jpg 498w, https:\/\/www.backwinkel.de\/blog\/wp-content\/uploads\/2019\/08\/backwinkel-blog-uebergang-kindergarten-schule-arbeitsblatt_1-450x637.jpg 450w, https:\/\/www.backwinkel.de\/blog\/wp-content\/uploads\/2019\/08\/backwinkel-blog-uebergang-kindergarten-schule-arbeitsblatt_1.jpg 1240w\" data-sizes=\"(max-width: 728px) 100vw, 728px\" data-rel='gallery-1' data-prev-img='https:\/\/www.backwinkel.de\/blog\/wp-content\/uploads\/2019\/08\/backwinkel-blog-uebergang-kindergarten-schule-arbeitsblatt_1-495x400.jpg' class='first_thumb lightbox ' data-onclick='1' title='backwinkel-blog-uebergang-kindergarten-schule-arbeitsblatt_1'  ><img decoding=\"async\" fetchpriority=\"high\" class=\"wp-image-3641 avia-img-lazy-loading-not-3641\"   src=\"https:\/\/www.backwinkel.de\/blog\/wp-content\/uploads\/2019\/08\/backwinkel-blog-uebergang-kindergarten-schule-arbeitsblatt_1-450x637.jpg\" width=\"450\" height=\"637\"  title='backwinkel-blog-uebergang-kindergarten-schule-arbeitsblatt_1' alt='' srcset=\"https:\/\/www.backwinkel.de\/blog\/wp-content\/uploads\/2019\/08\/backwinkel-blog-uebergang-kindergarten-schule-arbeitsblatt_1-450x637.jpg 450w, https:\/\/www.backwinkel.de\/blog\/wp-content\/uploads\/2019\/08\/backwinkel-blog-uebergang-kindergarten-schule-arbeitsblatt_1-212x300.jpg 212w, https:\/\/www.backwinkel.de\/blog\/wp-content\/uploads\/2019\/08\/backwinkel-blog-uebergang-kindergarten-schule-arbeitsblatt_1-768x1086.jpg 768w, https:\/\/www.backwinkel.de\/blog\/wp-content\/uploads\/2019\/08\/backwinkel-blog-uebergang-kindergarten-schule-arbeitsblatt_1-728x1030.jpg 728w, https:\/\/www.backwinkel.de\/blog\/wp-content\/uploads\/2019\/08\/backwinkel-blog-uebergang-kindergarten-schule-arbeitsblatt_1-1060x1500.jpg 1060w, https:\/\/www.backwinkel.de\/blog\/wp-content\/uploads\/2019\/08\/backwinkel-blog-uebergang-kindergarten-schule-arbeitsblatt_1-498x705.jpg 498w, https:\/\/www.backwinkel.de\/blog\/wp-content\/uploads\/2019\/08\/backwinkel-blog-uebergang-kindergarten-schule-arbeitsblatt_1.jpg 1240w\" sizes=\"(max-width: 450px) 100vw, 450px\" \/><div class='big-prev-fake'><img decoding=\"async\" loading=\"lazy\" class=\"wp-image-3641 avia-img-lazy-loading-3641\"  width=\"495\" height=\"400\" src=\"https:\/\/www.backwinkel.de\/blog\/wp-content\/uploads\/2019\/08\/backwinkel-blog-uebergang-kindergarten-schule-arbeitsblatt_1-495x400.jpg\" title='backwinkel-blog-uebergang-kindergarten-schule-arbeitsblatt_1' alt='' srcset=\"https:\/\/www.backwinkel.de\/blog\/wp-content\/uploads\/2019\/08\/backwinkel-blog-uebergang-kindergarten-schule-arbeitsblatt_1-495x400.jpg 495w, https:\/\/www.backwinkel.de\/blog\/wp-content\/uploads\/2019\/08\/backwinkel-blog-uebergang-kindergarten-schule-arbeitsblatt_1-845x684.jpg 845w\" sizes=\"auto, (max-width: 495px) 100vw, 495px\" \/><\/div><\/a><a href=\"https:\/\/www.backwinkel.de\/blog\/wp-content\/uploads\/2019\/08\/backwinkel-blog-uebergang-kindergarten-schule-arbeitsblatt_2-728x1030.jpg\" data-srcset=\"https:\/\/www.backwinkel.de\/blog\/wp-content\/uploads\/2019\/08\/backwinkel-blog-uebergang-kindergarten-schule-arbeitsblatt_2-728x1030.jpg 728w, https:\/\/www.backwinkel.de\/blog\/wp-content\/uploads\/2019\/08\/backwinkel-blog-uebergang-kindergarten-schule-arbeitsblatt_2-212x300.jpg 212w, https:\/\/www.backwinkel.de\/blog\/wp-content\/uploads\/2019\/08\/backwinkel-blog-uebergang-kindergarten-schule-arbeitsblatt_2-768x1086.jpg 768w, https:\/\/www.backwinkel.de\/blog\/wp-content\/uploads\/2019\/08\/backwinkel-blog-uebergang-kindergarten-schule-arbeitsblatt_2-1060x1500.jpg 1060w, https:\/\/www.backwinkel.de\/blog\/wp-content\/uploads\/2019\/08\/backwinkel-blog-uebergang-kindergarten-schule-arbeitsblatt_2-498x705.jpg 498w, https:\/\/www.backwinkel.de\/blog\/wp-content\/uploads\/2019\/08\/backwinkel-blog-uebergang-kindergarten-schule-arbeitsblatt_2-450x637.jpg 450w, https:\/\/www.backwinkel.de\/blog\/wp-content\/uploads\/2019\/08\/backwinkel-blog-uebergang-kindergarten-schule-arbeitsblatt_2.jpg 1240w\" data-sizes=\"(max-width: 728px) 100vw, 728px\" data-rel='gallery-1' data-prev-img='https:\/\/www.backwinkel.de\/blog\/wp-content\/uploads\/2019\/08\/backwinkel-blog-uebergang-kindergarten-schule-arbeitsblatt_2-495x400.jpg' class='lightbox ' data-onclick='2' title='backwinkel-blog-uebergang-kindergarten-schule-arbeitsblatt_2'  ><img decoding=\"async\" fetchpriority=\"high\" class=\"wp-image-3642 avia-img-lazy-loading-not-3642\"   src=\"https:\/\/www.backwinkel.de\/blog\/wp-content\/uploads\/2019\/08\/backwinkel-blog-uebergang-kindergarten-schule-arbeitsblatt_2-450x637.jpg\" width=\"450\" height=\"637\"  title='backwinkel-blog-uebergang-kindergarten-schule-arbeitsblatt_2' alt='' srcset=\"https:\/\/www.backwinkel.de\/blog\/wp-content\/uploads\/2019\/08\/backwinkel-blog-uebergang-kindergarten-schule-arbeitsblatt_2-450x637.jpg 450w, https:\/\/www.backwinkel.de\/blog\/wp-content\/uploads\/2019\/08\/backwinkel-blog-uebergang-kindergarten-schule-arbeitsblatt_2-212x300.jpg 212w, https:\/\/www.backwinkel.de\/blog\/wp-content\/uploads\/2019\/08\/backwinkel-blog-uebergang-kindergarten-schule-arbeitsblatt_2-768x1086.jpg 768w, https:\/\/www.backwinkel.de\/blog\/wp-content\/uploads\/2019\/08\/backwinkel-blog-uebergang-kindergarten-schule-arbeitsblatt_2-728x1030.jpg 728w, https:\/\/www.backwinkel.de\/blog\/wp-content\/uploads\/2019\/08\/backwinkel-blog-uebergang-kindergarten-schule-arbeitsblatt_2-1060x1500.jpg 1060w, https:\/\/www.backwinkel.de\/blog\/wp-content\/uploads\/2019\/08\/backwinkel-blog-uebergang-kindergarten-schule-arbeitsblatt_2-498x705.jpg 498w, https:\/\/www.backwinkel.de\/blog\/wp-content\/uploads\/2019\/08\/backwinkel-blog-uebergang-kindergarten-schule-arbeitsblatt_2.jpg 1240w\" sizes=\"(max-width: 450px) 100vw, 450px\" \/><div class='big-prev-fake'><img decoding=\"async\" loading=\"lazy\" class=\"wp-image-3642 avia-img-lazy-loading-3642\"  width=\"495\" height=\"400\" src=\"https:\/\/www.backwinkel.de\/blog\/wp-content\/uploads\/2019\/08\/backwinkel-blog-uebergang-kindergarten-schule-arbeitsblatt_2-495x400.jpg\" title='backwinkel-blog-uebergang-kindergarten-schule-arbeitsblatt_2' alt='' srcset=\"https:\/\/www.backwinkel.de\/blog\/wp-content\/uploads\/2019\/08\/backwinkel-blog-uebergang-kindergarten-schule-arbeitsblatt_2-495x400.jpg 495w, https:\/\/www.backwinkel.de\/blog\/wp-content\/uploads\/2019\/08\/backwinkel-blog-uebergang-kindergarten-schule-arbeitsblatt_2-845x684.jpg 845w\" sizes=\"auto, (max-width: 495px) 100vw, 495px\" \/><\/div><\/a><a href=\"https:\/\/www.backwinkel.de\/blog\/wp-content\/uploads\/2019\/08\/backwinkel-blog-uebergang-kindergarten-schule-arbeitsblatt_3-728x1030.jpg\" data-srcset=\"https:\/\/www.backwinkel.de\/blog\/wp-content\/uploads\/2019\/08\/backwinkel-blog-uebergang-kindergarten-schule-arbeitsblatt_3-728x1030.jpg 728w, https:\/\/www.backwinkel.de\/blog\/wp-content\/uploads\/2019\/08\/backwinkel-blog-uebergang-kindergarten-schule-arbeitsblatt_3-212x300.jpg 212w, https:\/\/www.backwinkel.de\/blog\/wp-content\/uploads\/2019\/08\/backwinkel-blog-uebergang-kindergarten-schule-arbeitsblatt_3-768x1086.jpg 768w, https:\/\/www.backwinkel.de\/blog\/wp-content\/uploads\/2019\/08\/backwinkel-blog-uebergang-kindergarten-schule-arbeitsblatt_3-1060x1500.jpg 1060w, https:\/\/www.backwinkel.de\/blog\/wp-content\/uploads\/2019\/08\/backwinkel-blog-uebergang-kindergarten-schule-arbeitsblatt_3-498x705.jpg 498w, https:\/\/www.backwinkel.de\/blog\/wp-content\/uploads\/2019\/08\/backwinkel-blog-uebergang-kindergarten-schule-arbeitsblatt_3-450x637.jpg 450w, https:\/\/www.backwinkel.de\/blog\/wp-content\/uploads\/2019\/08\/backwinkel-blog-uebergang-kindergarten-schule-arbeitsblatt_3.jpg 1240w\" data-sizes=\"(max-width: 728px) 100vw, 728px\" data-rel='gallery-1' data-prev-img='https:\/\/www.backwinkel.de\/blog\/wp-content\/uploads\/2019\/08\/backwinkel-blog-uebergang-kindergarten-schule-arbeitsblatt_3-495x400.jpg' class='lightbox ' data-onclick='3' title='backwinkel-blog-uebergang-kindergarten-schule-arbeitsblatt_3'  ><img decoding=\"async\" fetchpriority=\"high\" class=\"wp-image-3643 avia-img-lazy-loading-not-3643\"   src=\"https:\/\/www.backwinkel.de\/blog\/wp-content\/uploads\/2019\/08\/backwinkel-blog-uebergang-kindergarten-schule-arbeitsblatt_3-450x637.jpg\" width=\"450\" height=\"637\"  title='backwinkel-blog-uebergang-kindergarten-schule-arbeitsblatt_3' alt='' srcset=\"https:\/\/www.backwinkel.de\/blog\/wp-content\/uploads\/2019\/08\/backwinkel-blog-uebergang-kindergarten-schule-arbeitsblatt_3-450x637.jpg 450w, https:\/\/www.backwinkel.de\/blog\/wp-content\/uploads\/2019\/08\/backwinkel-blog-uebergang-kindergarten-schule-arbeitsblatt_3-212x300.jpg 212w, https:\/\/www.backwinkel.de\/blog\/wp-content\/uploads\/2019\/08\/backwinkel-blog-uebergang-kindergarten-schule-arbeitsblatt_3-768x1086.jpg 768w, https:\/\/www.backwinkel.de\/blog\/wp-content\/uploads\/2019\/08\/backwinkel-blog-uebergang-kindergarten-schule-arbeitsblatt_3-728x1030.jpg 728w, https:\/\/www.backwinkel.de\/blog\/wp-content\/uploads\/2019\/08\/backwinkel-blog-uebergang-kindergarten-schule-arbeitsblatt_3-1060x1500.jpg 1060w, https:\/\/www.backwinkel.de\/blog\/wp-content\/uploads\/2019\/08\/backwinkel-blog-uebergang-kindergarten-schule-arbeitsblatt_3-498x705.jpg 498w, https:\/\/www.backwinkel.de\/blog\/wp-content\/uploads\/2019\/08\/backwinkel-blog-uebergang-kindergarten-schule-arbeitsblatt_3.jpg 1240w\" sizes=\"(max-width: 450px) 100vw, 450px\" \/><div class='big-prev-fake'><img decoding=\"async\" loading=\"lazy\" class=\"wp-image-3643 avia-img-lazy-loading-3643\"  width=\"495\" height=\"400\" src=\"https:\/\/www.backwinkel.de\/blog\/wp-content\/uploads\/2019\/08\/backwinkel-blog-uebergang-kindergarten-schule-arbeitsblatt_3-495x400.jpg\" title='backwinkel-blog-uebergang-kindergarten-schule-arbeitsblatt_3' alt='' srcset=\"https:\/\/www.backwinkel.de\/blog\/wp-content\/uploads\/2019\/08\/backwinkel-blog-uebergang-kindergarten-schule-arbeitsblatt_3-495x400.jpg 495w, https:\/\/www.backwinkel.de\/blog\/wp-content\/uploads\/2019\/08\/backwinkel-blog-uebergang-kindergarten-schule-arbeitsblatt_3-845x684.jpg 845w\" sizes=\"auto, (max-width: 495px) 100vw, 495px\" \/><\/div><\/a><\/div><\/div><br \/>\n<section  class='av_textblock_section av-jkuul0eg-c00477a45633ba2b4da6d6a6ea3aa3db '  ><div class='avia_textblock' ><div  class='avia-button-wrap av-29z0hl-d43221ff43cbe0bef7176f2b9177de2f-wrap avia-button-left  avia-builder-el-37  avia-builder-el-no-sibling '><a href='https:\/\/www.backwinkel.de\/downloads\/backwinkel-blog-uebergang-kindergarten-schule-arbeitsblaetter.pdf'  class='avia-button av-29z0hl-d43221ff43cbe0bef7176f2b9177de2f av-link-btn avia-icon_select-no avia-size-large avia-position-left avia-color-theme-color'  target=\"_blank\"  rel=\"noopener noreferrer\"  aria-label=\"\u00dcbungen f\u00fcr Vorschule \u2013 Download\"><span class='avia_iconbox_title' >\u00dcbungen f\u00fcr Vorschule \u2013 Download<\/span><\/a><\/div>\n<\/div><\/section><\/p><\/div>\n\n<style type=\"text\/css\" data-created_by=\"avia_inline_auto\" id=\"style-css-av-hh5al-9c53459d093ff912fcc98cf97e19d753\">\n.flex_column.av-hh5al-9c53459d093ff912fcc98cf97e19d753{\nborder-radius:0px 0px 0px 0px;\npadding:0px 0px 0px 0px;\n}\n<\/style>\n<div  class='flex_column av-hh5al-9c53459d093ff912fcc98cf97e19d753 av_one_full  avia-builder-el-38  el_after_av_one_full  el_before_av_one_full  first flex_column_div av-zero-column-padding  column-top-margin'     ><section  class='av_textblock_section av-jkuul0eg-c00477a45633ba2b4da6d6a6ea3aa3db '  ><div class='avia_textblock' ><h3>Erwartungen und Ziele<\/h3>\n<p>Eine Studie, in der rund 700 p\u00e4dagogische Fachkr\u00e4fte befragt wurden, ergibt: Erzieherinnen und Erzieher stellen bei der Vorschularbeit die \u00dcbergangsbew\u00e4ltigung in den Mittelpunkt. Die folgende Grafik veranschaulicht, was sie bei der Schulvorbereitung besonders f\u00f6rdern. Daneben zeigen die hellen Balken, was ihrer Ansicht nach die Grundschullehrer von ihnen erwarten.<\/p>\n<\/div><\/section><\/div>\n\n<style type=\"text\/css\" data-created_by=\"avia_inline_auto\" id=\"style-css-av-hh5al-9c53459d093ff912fcc98cf97e19d753\">\n.flex_column.av-hh5al-9c53459d093ff912fcc98cf97e19d753{\nborder-radius:0px 0px 0px 0px;\npadding:0px 0px 0px 0px;\n}\n<\/style>\n<div  class='flex_column av-hh5al-9c53459d093ff912fcc98cf97e19d753 av_one_full  avia-builder-el-40  el_after_av_one_full  el_before_av_one_full  first flex_column_div av-zero-column-padding  column-top-margin'     ><style type=\"text\/css\" data-created_by=\"avia_inline_auto\" id=\"style-css-av-jqz83eqo-488d032161b0dfbe1d989bf7937d51da\">\n.av_promobox.av-jqz83eqo-488d032161b0dfbe1d989bf7937d51da{\ncolor:#575757;\nbackground:#ffffff;\nborder-color:#575757;\n}\n<\/style>\n<div  class='av_promobox av-jqz83eqo-488d032161b0dfbe1d989bf7937d51da avia-button-no  avia-builder-el-41  avia-builder-el-no-sibling '><div class='avia-promocontent'><p>\n<a href=\"https:\/\/blog.backwinkel.de\/wp-content\/uploads\/2019\/08\/backwinkel-blog-uebergang-kindergarten-schule-ziele-im-vergleich-diagramm.jpg\"><img decoding=\"async\" class=\"alignnone wp-image-3639 size-full\" src=\"https:\/\/blog.backwinkel.de\/wp-content\/uploads\/2019\/08\/backwinkel-blog-uebergang-kindergarten-schule-ziele-im-vergleich-diagramm.jpg\" alt=\"\" width=\"2500\" height=\"1934\" srcset=\"https:\/\/www.backwinkel.de\/blog\/wp-content\/uploads\/2019\/08\/backwinkel-blog-uebergang-kindergarten-schule-ziele-im-vergleich-diagramm.jpg 2500w, https:\/\/www.backwinkel.de\/blog\/wp-content\/uploads\/2019\/08\/backwinkel-blog-uebergang-kindergarten-schule-ziele-im-vergleich-diagramm-300x232.jpg 300w, https:\/\/www.backwinkel.de\/blog\/wp-content\/uploads\/2019\/08\/backwinkel-blog-uebergang-kindergarten-schule-ziele-im-vergleich-diagramm-768x594.jpg 768w, https:\/\/www.backwinkel.de\/blog\/wp-content\/uploads\/2019\/08\/backwinkel-blog-uebergang-kindergarten-schule-ziele-im-vergleich-diagramm-1030x797.jpg 1030w, https:\/\/www.backwinkel.de\/blog\/wp-content\/uploads\/2019\/08\/backwinkel-blog-uebergang-kindergarten-schule-ziele-im-vergleich-diagramm-1500x1160.jpg 1500w, https:\/\/www.backwinkel.de\/blog\/wp-content\/uploads\/2019\/08\/backwinkel-blog-uebergang-kindergarten-schule-ziele-im-vergleich-diagramm-705x545.jpg 705w, https:\/\/www.backwinkel.de\/blog\/wp-content\/uploads\/2019\/08\/backwinkel-blog-uebergang-kindergarten-schule-ziele-im-vergleich-diagramm-450x348.jpg 450w\" sizes=\"(max-width: 2500px) 100vw, 2500px\" \/><\/a><\/p>\n<\/div><\/div><\/div>\n\n<style type=\"text\/css\" data-created_by=\"avia_inline_auto\" id=\"style-css-av-hh5al-9c53459d093ff912fcc98cf97e19d753\">\n.flex_column.av-hh5al-9c53459d093ff912fcc98cf97e19d753{\nborder-radius:0px 0px 0px 0px;\npadding:0px 0px 0px 0px;\n}\n<\/style>\n<div  class='flex_column av-hh5al-9c53459d093ff912fcc98cf97e19d753 av_one_full  avia-builder-el-42  el_after_av_one_full  el_before_av_one_full  first flex_column_div av-zero-column-padding  column-top-margin'     ><section  class='av_textblock_section av-jkuul0eg-c00477a45633ba2b4da6d6a6ea3aa3db '  ><div class='avia_textblock' >\n<style type=\"text\/css\" data-created_by=\"avia_inline_auto\" id=\"style-css-av-7c7r8-1ad3209b7b9ea9c60cc97e362d76ea5e\">\n#top .hr.hr-invisible.av-7c7r8-1ad3209b7b9ea9c60cc97e362d76ea5e{\nheight:20px;\n}\n<\/style>\n<div  class='hr av-7c7r8-1ad3209b7b9ea9c60cc97e362d76ea5e hr-invisible  avia-builder-el-44  avia-builder-el-no-sibling '><span class='hr-inner '><span class=\"hr-inner-style\"><\/span><\/span><\/div>\n<p>Erzieherinnen vermuten oftmals, dass Lehrer sich von der Vorschularbeit eine st\u00e4rkere F\u00f6rderung fachlicher Kompetenzen w\u00fcnschen. Dem gegen\u00fcber zeigt eine Befragung von Grundschullehrern, dass auch sie gr\u00f6\u00dften Wert auf soziale Kompetenzen legen. Daneben erwarten sie gut gef\u00f6rderte motorische und sprachliche F\u00e4higkeiten. Dies verdeutlicht die folgende Grafik:<\/p>\n<\/div><\/section><\/div>\n\n<style type=\"text\/css\" data-created_by=\"avia_inline_auto\" id=\"style-css-av-hh5al-9c53459d093ff912fcc98cf97e19d753\">\n.flex_column.av-hh5al-9c53459d093ff912fcc98cf97e19d753{\nborder-radius:0px 0px 0px 0px;\npadding:0px 0px 0px 0px;\n}\n<\/style>\n<div  class='flex_column av-hh5al-9c53459d093ff912fcc98cf97e19d753 av_one_full  avia-builder-el-45  el_after_av_one_full  el_before_av_one_full  first flex_column_div av-zero-column-padding  column-top-margin'     ><style type=\"text\/css\" data-created_by=\"avia_inline_auto\" id=\"style-css-av-jqz83eqo-488d032161b0dfbe1d989bf7937d51da\">\n.av_promobox.av-jqz83eqo-488d032161b0dfbe1d989bf7937d51da{\ncolor:#575757;\nbackground:#ffffff;\nborder-color:#575757;\n}\n<\/style>\n<div  class='av_promobox av-jqz83eqo-488d032161b0dfbe1d989bf7937d51da avia-button-no  avia-builder-el-46  avia-builder-el-no-sibling '><div class='avia-promocontent'><p>\n<a href=\"https:\/\/blog.backwinkel.de\/wp-content\/uploads\/2019\/08\/backwinkel-blog-uebergang-kindergarten-schule-erwartungen-grundschullehrer-diagramm.jpg\"><img decoding=\"async\" class=\"alignnone wp-image-3638 size-full\" src=\"https:\/\/blog.backwinkel.de\/wp-content\/uploads\/2019\/08\/backwinkel-blog-uebergang-kindergarten-schule-erwartungen-grundschullehrer-diagramm.jpg\" alt=\"\" width=\"2500\" height=\"1667\" srcset=\"https:\/\/www.backwinkel.de\/blog\/wp-content\/uploads\/2019\/08\/backwinkel-blog-uebergang-kindergarten-schule-erwartungen-grundschullehrer-diagramm.jpg 2500w, https:\/\/www.backwinkel.de\/blog\/wp-content\/uploads\/2019\/08\/backwinkel-blog-uebergang-kindergarten-schule-erwartungen-grundschullehrer-diagramm-300x200.jpg 300w, https:\/\/www.backwinkel.de\/blog\/wp-content\/uploads\/2019\/08\/backwinkel-blog-uebergang-kindergarten-schule-erwartungen-grundschullehrer-diagramm-768x512.jpg 768w, https:\/\/www.backwinkel.de\/blog\/wp-content\/uploads\/2019\/08\/backwinkel-blog-uebergang-kindergarten-schule-erwartungen-grundschullehrer-diagramm-1030x687.jpg 1030w, https:\/\/www.backwinkel.de\/blog\/wp-content\/uploads\/2019\/08\/backwinkel-blog-uebergang-kindergarten-schule-erwartungen-grundschullehrer-diagramm-1500x1000.jpg 1500w, https:\/\/www.backwinkel.de\/blog\/wp-content\/uploads\/2019\/08\/backwinkel-blog-uebergang-kindergarten-schule-erwartungen-grundschullehrer-diagramm-705x470.jpg 705w, https:\/\/www.backwinkel.de\/blog\/wp-content\/uploads\/2019\/08\/backwinkel-blog-uebergang-kindergarten-schule-erwartungen-grundschullehrer-diagramm-450x300.jpg 450w\" sizes=\"(max-width: 2500px) 100vw, 2500px\" \/><\/a><\/p>\n<\/div><\/div><\/div>\n\n<style type=\"text\/css\" data-created_by=\"avia_inline_auto\" id=\"style-css-av-hh5al-9c53459d093ff912fcc98cf97e19d753\">\n.flex_column.av-hh5al-9c53459d093ff912fcc98cf97e19d753{\nborder-radius:0px 0px 0px 0px;\npadding:0px 0px 0px 0px;\n}\n<\/style>\n<div  class='flex_column av-hh5al-9c53459d093ff912fcc98cf97e19d753 av_one_full  avia-builder-el-47  el_after_av_one_full  el_before_av_two_fifth  first flex_column_div av-zero-column-padding  column-top-margin'     ><section  class='av_textblock_section av-jkuul0eg-c00477a45633ba2b4da6d6a6ea3aa3db '  ><div class='avia_textblock' >\n<style type=\"text\/css\" data-created_by=\"avia_inline_auto\" id=\"style-css-av-7c7r8-1ad3209b7b9ea9c60cc97e362d76ea5e\">\n#top .hr.hr-invisible.av-7c7r8-1ad3209b7b9ea9c60cc97e362d76ea5e{\nheight:20px;\n}\n<\/style>\n<div  class='hr av-7c7r8-1ad3209b7b9ea9c60cc97e362d76ea5e hr-invisible  avia-builder-el-49  avia-builder-el-no-sibling '><span class='hr-inner '><span class=\"hr-inner-style\"><\/span><\/span><\/div>\n<h2 id=\"3\" class=\"position\">Wie gestalte ich die \u00dcbergangsphase erfolgreich?<\/h2>\n<p>Die Phase des \u00dcbergangs beginnt lange vor dem ersten Schultag. Im letzten Kindergartenjahr vor der Einschulung schauen Sie als Erzieher besonders darauf, ob das Kind den Anforderungen des Schulalltags gewachsen sein wird. Parallel dazu laufen die organisatorischen Vorbereitungen zur Einschulung. Im Folgenden haben wir f\u00fcr Sie praxiserprobte Ideen f\u00fcr einen gelungenen \u00dcbergang zusammengestellt.<\/p>\n<h3>Tipps f\u00fcr einen gut strukturierten \u00dcbergang<\/h3>\n<ul>\n<li><u>Kita &amp; Grundschule kooperieren<\/u><br \/>\nDamit ein flie\u00dfender \u00dcbergang von der Kita in die Grundschule gelingt, ist es wichtig, dass Erzieher und Grundschullehrer eng zusammenarbeiten. Sie sollten vereinbaren, welche konkreten Ziele erreicht werden sollen. Es empfiehlt sich, alle Termine fr\u00fchzeitig zu koordinieren und gemeinsame Projekte zu erarbeiten, die den \u00dcbergang begleiten.<\/li>\n<\/ul>\n<ul>\n<li><u>Portfolios gestalten<\/u><br \/>\nDamit das Kind selbst erkennt, welche Lernfortschritte es macht, ist das Erstellen eines Portfolios bestens geeignet. Als Sammlung eigener Arbeiten des Kindes dokumentiert das Portfolio die individuelle Entwicklung, zugleich ist es ein aussagestarkes Medium der Kommunikation\u00a0 mit Eltern und Grundschule. Die Kinder k\u00f6nnen sich bereits vor der Einschulung mit ihrem Portfolio bei der Grundschule vorstellen.<\/li>\n<\/ul>\n<ul>\n<li><u>Eltern beteiligen<\/u><br \/>\nEltern m\u00f6chten ihr Kind in der \u00dcbergangsphase unterst\u00fctzen, gleichzeitig m\u00fcssen sie selbst den \u00dcbergang bew\u00e4ltigen. Um Unsicherheiten abzufangen, sollten Sie die Eltern regelm\u00e4\u00dfig informieren. Dazu geh\u00f6ren pers\u00f6nliche Gespr\u00e4che ebenso wie Elternabende. Dazu k\u00f6nnen Sie Experten einladen oder auch Eltern von Schulkindern, die \u00fcber ihre Erfahrungen mit dem \u00dcbergang in die Grundschule sprechen.<\/li>\n<\/ul>\n<h3>So f\u00fchren Sie die Kinder an den Schulalltag heran<\/h3>\n<p>Viele Kitas haben langj\u00e4hrige Erfahrungen mit der Umsetzung von Vorschulprojekten, auch in Kooperation mit Grundschulen. Profitieren Sie von diesen bew\u00e4hrten Modellen der \u00dcbergangsgestaltung.<\/p>\n<ul>\n<li><u>Grundschul-Schnuppertage gestalten<\/u><br \/>\nF\u00fcr die Vorschulkinder ist ein Besuch in der Grundschule ein besonderes Erlebnis. Es gibt vielf\u00e4ltige M\u00f6glichkeiten, solche Schnuppertage zu gestalten. Beispielsweise k\u00f6nnen die Kinder gemeinsam mit Ihnen die Erstkl\u00e4ssler in der Schule besuchen und sich anschauen, wie so ein Schulunterricht aussieht. Bei der Gelegenheit lernen sie auch ihre zuk\u00fcnftigen Lehrer kennen.<\/li>\n<\/ul>\n<ul>\n<li><u>Gemeinsame Aktionen planen<\/u><br \/>\nWeitere Ideen f\u00fcr Projekte zur Schulvorbereitung, die erste Kontakte zum Schulalltag herstellen, sind beispielsweise eine Mathe-Rallye in der Kita oder gemeinsame Spiele auf dem Sportplatz. Auch Patenprogramme, bei denen jedem Kindergartenkind ein Schulkind zur Seite steht, k\u00f6nnen den Einstieg ins Schulleben sehr erleichtern.<\/li>\n<\/ul>\n<ul>\n<li><u>Schulnahe Kompetenzen f\u00f6rdern<\/u><br \/>\nUm den \u00dcbergang vom Kindergarten zur Grundschule fachgerecht zu gestalten, gibt es in allen Bundesl\u00e4ndern eigene Bildungspl\u00e4ne zur Fr\u00fchf\u00f6rderung in der Kita. Welche Lernfelder eine Rolle spielen und wie sie gef\u00f6rdert werden, sehen Sie zusammengefasst in unserem \u00dcberblick.<\/li>\n<\/ul>\n<\/div><\/section><\/div>\n\n<style type=\"text\/css\" data-created_by=\"avia_inline_auto\" id=\"style-css-av-jlnt0i5o-15eca7ec7a214be1be7b911543e34a9a\">\n.flex_column.av-jlnt0i5o-15eca7ec7a214be1be7b911543e34a9a{\nborder-radius:0px 0px 0px 0px;\npadding:0px 10px 0px 10px;\nbackground-color:#f2d1e4;\n}\n<\/style>\n<div  class='flex_column av-jlnt0i5o-15eca7ec7a214be1be7b911543e34a9a av_two_fifth  avia-builder-el-50  el_after_av_one_full  el_before_av_one_full  first flex_column_div  column-top-margin'     ><style type=\"text\/css\" data-created_by=\"avia_inline_auto\" id=\"style-css-av-jkuvcso3-f3ce5576930e09933c40415039df932c\">\n#top .av_textblock_section.av-jkuvcso3-f3ce5576930e09933c40415039df932c .avia_textblock{\nfont-size:22px;\n}\n<\/style>\n<section  class='av_textblock_section av-jkuvcso3-f3ce5576930e09933c40415039df932c '  ><div class='avia_textblock' ><p>Fr\u00fchforderung im Kindergarten<\/p>\n<\/div><\/section><\/div>\n\n<style type=\"text\/css\" data-created_by=\"avia_inline_auto\" id=\"style-css-av-hh5al-9c53459d093ff912fcc98cf97e19d753\">\n.flex_column.av-hh5al-9c53459d093ff912fcc98cf97e19d753{\nborder-radius:0px 0px 0px 0px;\npadding:0px 0px 0px 0px;\n}\n<\/style>\n<div  class='flex_column av-hh5al-9c53459d093ff912fcc98cf97e19d753 av_one_full  avia-builder-el-52  el_after_av_two_fifth  el_before_av_one_full  first flex_column_div av-zero-column-padding  '     ><section  class='av_textblock_section av-jkuul0eg-c00477a45633ba2b4da6d6a6ea3aa3db '  ><div class='avia_textblock' ><p><a href=\"https:\/\/blog.backwinkel.de\/wp-content\/uploads\/2019\/08\/backwinkel-blog-uebergang-kindergarten-fruehforderung-im-kindergarten.jpg\"><img decoding=\"async\" class=\"alignnone wp-image-3644\" title=\"BACKWINKEL-Personenbeschreibung-Arbeitsblatt-5\" src=\"https:\/\/blog.backwinkel.de\/wp-content\/uploads\/2019\/08\/backwinkel-blog-uebergang-kindergarten-fruehforderung-im-kindergarten.jpg\" alt=\"\" width=\"354\" height=\"501\" srcset=\"https:\/\/www.backwinkel.de\/blog\/wp-content\/uploads\/2019\/08\/backwinkel-blog-uebergang-kindergarten-fruehforderung-im-kindergarten.jpg 1240w, https:\/\/www.backwinkel.de\/blog\/wp-content\/uploads\/2019\/08\/backwinkel-blog-uebergang-kindergarten-fruehforderung-im-kindergarten-212x300.jpg 212w, https:\/\/www.backwinkel.de\/blog\/wp-content\/uploads\/2019\/08\/backwinkel-blog-uebergang-kindergarten-fruehforderung-im-kindergarten-768x1086.jpg 768w, https:\/\/www.backwinkel.de\/blog\/wp-content\/uploads\/2019\/08\/backwinkel-blog-uebergang-kindergarten-fruehforderung-im-kindergarten-728x1030.jpg 728w, https:\/\/www.backwinkel.de\/blog\/wp-content\/uploads\/2019\/08\/backwinkel-blog-uebergang-kindergarten-fruehforderung-im-kindergarten-1060x1500.jpg 1060w, https:\/\/www.backwinkel.de\/blog\/wp-content\/uploads\/2019\/08\/backwinkel-blog-uebergang-kindergarten-fruehforderung-im-kindergarten-498x705.jpg 498w, https:\/\/www.backwinkel.de\/blog\/wp-content\/uploads\/2019\/08\/backwinkel-blog-uebergang-kindergarten-fruehforderung-im-kindergarten-450x637.jpg 450w\" sizes=\"(max-width: 354px) 100vw, 354px\" \/><\/a><\/p>\n<div  class='avia-button-wrap av-2lejax-47678f661fa5ec7742d23b0f2033840a-wrap avia-button-left  avia-builder-el-54  avia-builder-el-no-sibling '><a href='https:\/\/www.backwinkel.de\/downloads\/backwinkel-blog-uebergang-kindergarten-fruehforderung-im-kindergarten.pdf'  class='avia-button av-2lejax-47678f661fa5ec7742d23b0f2033840a av-link-btn avia-icon_select-no avia-size-large avia-position-left avia-color-theme-color'  target=\"_blank\"  rel=\"noopener noreferrer\"  aria-label=\"Fr\u00fchforderung im Kindergarten \u2013 Download\"><span class='avia_iconbox_title' >Fr\u00fchforderung im Kindergarten \u2013 Download<\/span><\/a><\/div>\n<\/div><\/section><\/div>\n\n<style type=\"text\/css\" data-created_by=\"avia_inline_auto\" id=\"style-css-av-hh5al-9c53459d093ff912fcc98cf97e19d753\">\n.flex_column.av-hh5al-9c53459d093ff912fcc98cf97e19d753{\nborder-radius:0px 0px 0px 0px;\npadding:0px 0px 0px 0px;\n}\n<\/style>\n<div  class='flex_column av-hh5al-9c53459d093ff912fcc98cf97e19d753 av_one_full  avia-builder-el-55  el_after_av_one_full  el_before_av_one_full  first flex_column_div av-zero-column-padding  column-top-margin'     ><section  class='av_textblock_section av-jkuul0eg-c00477a45633ba2b4da6d6a6ea3aa3db '  ><div class='avia_textblock' ><ul>\n<li><u>Abschied aus der Kita feiern<\/u><br \/>\nGemeinsame Rituale machen bedeutsame Ereignisse sp\u00fcrbar und helfen, \u00dcberg\u00e4nge positiv zu erleben. Ob Sie f\u00fcr die Schulanf\u00e4nger kleine Geschenke vorbereiten oder zusammen mit den Kindern tolle Schult\u00fcten basteln \u2013 H\u00f6hepunkt ist immer das Abschiedsfest. Daf\u00fcr bietet sich das fr\u00f6hliche <a href=\"https:\/\/blog.backwinkel.de\/sommerfest-kindergarten\/\" target=\"_blank\" rel=\"noopener noreferrer\">Sommerfest im Kindergarten<\/a> an. So nehmen die Kinder die freudige Stimmung mit auf den Weg in ihre k\u00fcnftige Schulzeit.<\/li>\n<\/ul>\n<\/div><\/section><\/div>\n\n<style type=\"text\/css\" data-created_by=\"avia_inline_auto\" id=\"style-css-av-jley1l06-be8863a15e87d33f314fbd4b76b14014\">\n.flex_column.av-jley1l06-be8863a15e87d33f314fbd4b76b14014{\nborder-radius:0px 0px 0px 0px;\npadding:10px 10px 10px 10px;\nbackground-color:#f2f2f2;\n}\n<\/style>\n<div  class='flex_column av-jley1l06-be8863a15e87d33f314fbd4b76b14014 av_one_full  avia-builder-el-57  el_after_av_one_full  el_before_av_one_full  first flex_column_div  column-top-margin'     ><section  class='av_textblock_section av-jkuvcso3-f90d02057acbd1bc2771d1a9adbb84be '  ><div class='avia_textblock' ><p><strong>Zum Weiterlesen: <\/strong><\/p>\n<p>Miriam Buse, Meike Sauerhering: Im \u00dcbergang. Kooperation von KiTa und Grundschule. nifbe-Beitr\u00e4ge zur Professionalisierung Nr. 8. Nieders\u00e4chsisches Institut f\u00fcr fr\u00fchkindliche Bildung und Entwicklung, 2018.<\/p>\n<p>Kirstin Gramowski u. a.: Fit f\u00fcr die Schule. Mein dickes Schulstartbuch. N\u00fcrnberg (Tessloff) 2017.<\/p>\n<p>Wolfgang Griebel, Renate Niesel: \u00dcberg\u00e4nge verstehen und begleiten. Transitionen in der Bildungslaufbahn von Kindern. Berlin (Cornelsen) <sup>3<\/sup>2015.<\/p>\n<p>Wassilios E. Fthenakis, Pamela Oberhuemer (Hrsg.): Fr\u00fchp\u00e4dagogik international. Bildungsqualit\u00e4t im Blickpunkt. Wiesbaden (VS Verlag f\u00fcr Sozialwissenschaften) 2009.<\/p>\n<p>Meike Sauerhering, Claudia Solzbacher (Hrsg.): \u00dcbergang KiTa \u2013 Grundschule. nifbe-Themenheft Nr. 14. Nieders\u00e4chsisches Institut f\u00fcr fr\u00fchkindliche Bildung und Entwicklung, 2013.<\/p>\n<\/div><\/section><\/div>\n\n<style type=\"text\/css\" data-created_by=\"avia_inline_auto\" id=\"style-css-av-1p82t-b0e9719fe6c67aa5c6d1abf813961e55\">\n.flex_column.av-1p82t-b0e9719fe6c67aa5c6d1abf813961e55{\nborder-radius:0px 0px 0px 0px;\npadding:0px 0px 0px 0px;\n}\n<\/style>\n<div  class='flex_column av-1p82t-b0e9719fe6c67aa5c6d1abf813961e55 av_one_full  avia-builder-el-59  el_after_av_one_full  avia-builder-el-last  first flex_column_div av-zero-column-padding  column-top-margin'     ><p><section  class='av_textblock_section av-jlp4hxqo-91baaad30cd61f89630d15f8561d1750 '  ><div class='avia_textblock' ><div class=\"shariff shariff-align-left shariff-widget-align-left\"><ul class=\"shariff-buttons theme-color orientation-horizontal buttonsize-medium\"><li class=\"shariff-button whatsapp shariff-nocustomcolor\" style=\"background-color:#5cbe4a\"><a href=\"https:\/\/api.whatsapp.com\/send?text=https%3A%2F%2Fwww.backwinkel.de%2Fblog%2Ftransition%2F%20Der%20%C3%9Cbergang%20vom%20Kindergarten%20in%20die%20Grundschule%3A\" title=\"Bei Whatsapp teilen\" aria-label=\"Bei Whatsapp teilen\" role=\"button\" rel=\"noopener nofollow\" class=\"shariff-link\" style=\"; background-color:#34af23; color:#fff\" target=\"_blank\"><span class=\"shariff-icon\" style=\"\"><svg width=\"32px\" height=\"20px\" xmlns=\"http:\/\/www.w3.org\/2000\/svg\" viewBox=\"0 0 32 32\"><path fill=\"#34af23\" d=\"M17.6 17.4q0.2 0 1.7 0.8t1.6 0.9q0 0.1 0 0.3 0 0.6-0.3 1.4-0.3 0.7-1.3 1.2t-1.8 0.5q-1 0-3.4-1.1-1.7-0.8-3-2.1t-2.6-3.3q-1.3-1.9-1.3-3.5v-0.1q0.1-1.6 1.3-2.8 0.4-0.4 0.9-0.4 0.1 0 0.3 0t0.3 0q0.3 0 0.5 0.1t0.3 0.5q0.1 0.4 0.6 1.6t0.4 1.3q0 0.4-0.6 1t-0.6 0.8q0 0.1 0.1 0.3 0.6 1.3 1.8 2.4 1 0.9 2.7 1.8 0.2 0.1 0.4 0.1 0.3 0 1-0.9t0.9-0.9zM14 26.9q2.3 0 4.3-0.9t3.6-2.4 2.4-3.6 0.9-4.3-0.9-4.3-2.4-3.6-3.6-2.4-4.3-0.9-4.3 0.9-3.6 2.4-2.4 3.6-0.9 4.3q0 3.6 2.1 6.6l-1.4 4.2 4.3-1.4q2.8 1.9 6.2 1.9zM14 2.2q2.7 0 5.2 1.1t4.3 2.9 2.9 4.3 1.1 5.2-1.1 5.2-2.9 4.3-4.3 2.9-5.2 1.1q-3.5 0-6.5-1.7l-7.4 2.4 2.4-7.2q-1.9-3.2-1.9-6.9 0-2.7 1.1-5.2t2.9-4.3 4.3-2.9 5.2-1.1z\"\/><\/svg><\/span><span class=\"shariff-text\">teilen<\/span>&nbsp;<\/a><\/li><li class=\"shariff-button facebook shariff-nocustomcolor\" style=\"background-color:#4273c8\"><a href=\"https:\/\/www.facebook.com\/sharer\/sharer.php?u=https%3A%2F%2Fwww.backwinkel.de%2Fblog%2Ftransition%2F\" title=\"Bei Facebook teilen\" aria-label=\"Bei Facebook teilen\" role=\"button\" rel=\"nofollow\" class=\"shariff-link\" style=\"; background-color:#3b5998; color:#fff\" target=\"_blank\"><span class=\"shariff-icon\" style=\"\"><svg width=\"32px\" height=\"20px\" xmlns=\"http:\/\/www.w3.org\/2000\/svg\" viewBox=\"0 0 18 32\"><path fill=\"#3b5998\" d=\"M17.1 0.2v4.7h-2.8q-1.5 0-2.1 0.6t-0.5 1.9v3.4h5.2l-0.7 5.3h-4.5v13.6h-5.5v-13.6h-4.5v-5.3h4.5v-3.9q0-3.3 1.9-5.2t5-1.8q2.6 0 4.1 0.2z\"\/><\/svg><\/span><span class=\"shariff-text\">teilen<\/span>&nbsp;<\/a><\/li><li class=\"shariff-button twitter shariff-nocustomcolor\" style=\"background-color:#595959\"><a href=\"https:\/\/twitter.com\/share?url=https%3A%2F%2Fwww.backwinkel.de%2Fblog%2Ftransition%2F&text=Der%20%C3%9Cbergang%20vom%20Kindergarten%20in%20die%20Grundschule%3A\" title=\"Bei X teilen\" aria-label=\"Bei X teilen\" role=\"button\" rel=\"noopener nofollow\" class=\"shariff-link\" style=\"; background-color:#000; color:#fff\" target=\"_blank\"><span class=\"shariff-icon\" style=\"\"><svg width=\"32px\" height=\"20px\" xmlns=\"http:\/\/www.w3.org\/2000\/svg\" viewBox=\"0 0 24 24\"><path fill=\"#000\" d=\"M14.258 10.152L23.176 0h-2.113l-7.747 8.813L7.133 0H0l9.352 13.328L0 23.973h2.113l8.176-9.309 6.531 9.309h7.133zm-2.895 3.293l-.949-1.328L2.875 1.56h3.246l6.086 8.523.945 1.328 7.91 11.078h-3.246zm0 0\"\/><\/svg><\/span><span class=\"shariff-text\">teilen<\/span>&nbsp;<\/a><\/li><li class=\"shariff-button pinterest shariff-nocustomcolor\" style=\"background-color:#e70f18\"><a href=\"https:\/\/www.pinterest.com\/pin\/create\/link\/?url=https%3A%2F%2Fwww.backwinkel.de%2Fblog%2Ftransition%2F&media=https%3A%2F%2Fwww.backwinkel.de%2Fblog%2Fwp-content%2Fuploads%2F2019%2F08%2Fbackwinkel-blog-kindergarten-vorschule-heroimage.jpg&description=Der%20%C3%9Cbergang%20vom%20Kindergarten%20in%20die%20Grundschule%3A\" title=\"Bei Pinterest pinnen\" aria-label=\"Bei Pinterest pinnen\" role=\"button\" rel=\"noopener nofollow\" class=\"shariff-link\" style=\"; background-color:#cb2027; color:#fff\" target=\"_blank\"><span class=\"shariff-icon\" style=\"\"><svg width=\"32px\" height=\"20px\" xmlns=\"http:\/\/www.w3.org\/2000\/svg\" viewBox=\"0 0 27 32\"><path fill=\"#cb2027\" d=\"M27.4 16q0 3.7-1.8 6.9t-5 5-6.9 1.9q-2 0-3.9-0.6 1.1-1.7 1.4-2.9 0.2-0.6 1-3.8 0.4 0.7 1.3 1.2t2 0.5q2.1 0 3.8-1.2t2.7-3.4 0.9-4.8q0-2-1.1-3.8t-3.1-2.9-4.5-1.2q-1.9 0-3.5 0.5t-2.8 1.4-2 2-1.2 2.3-0.4 2.4q0 1.9 0.7 3.3t2.1 2q0.5 0.2 0.7-0.4 0-0.1 0.1-0.5t0.2-0.5q0.1-0.4-0.2-0.8-0.9-1.1-0.9-2.7 0-2.7 1.9-4.6t4.9-2q2.7 0 4.2 1.5t1.5 3.8q0 3-1.2 5.2t-3.1 2.1q-1.1 0-1.7-0.8t-0.4-1.9q0.1-0.6 0.5-1.7t0.5-1.8 0.2-1.4q0-0.9-0.5-1.5t-1.4-0.6q-1.1 0-1.9 1t-0.8 2.6q0 1.3 0.4 2.2l-1.8 7.5q-0.3 1.2-0.2 3.2-3.7-1.6-6-5t-2.3-7.6q0-3.7 1.9-6.9t5-5 6.9-1.9 6.9 1.9 5 5 1.8 6.9z\"\/><\/svg><\/span><span class=\"shariff-text\">merken<\/span>&nbsp;<\/a><\/li><li class=\"shariff-button mailto shariff-nocustomcolor\" style=\"background-color:#a8a8a8\"><a href=\"mailto:?body=https%3A%2F%2Fwww.backwinkel.de%2Fblog%2Ftransition%2F&subject=Der%20%C3%9Cbergang%20vom%20Kindergarten%20in%20die%20Grundschule%3A\" title=\"Per E-Mail versenden\" aria-label=\"Per E-Mail versenden\" role=\"button\" rel=\"noopener nofollow\" class=\"shariff-link\" style=\"; background-color:#999; color:#fff\"><span class=\"shariff-icon\" style=\"\"><svg width=\"32px\" height=\"20px\" xmlns=\"http:\/\/www.w3.org\/2000\/svg\" viewBox=\"0 0 32 32\"><path fill=\"#999\" d=\"M32 12.7v14.2q0 1.2-0.8 2t-2 0.9h-26.3q-1.2 0-2-0.9t-0.8-2v-14.2q0.8 0.9 1.8 1.6 6.5 4.4 8.9 6.1 1 0.8 1.6 1.2t1.7 0.9 2 0.4h0.1q0.9 0 2-0.4t1.7-0.9 1.6-1.2q3-2.2 8.9-6.1 1-0.7 1.8-1.6zM32 7.4q0 1.4-0.9 2.7t-2.2 2.2q-6.7 4.7-8.4 5.8-0.2 0.1-0.7 0.5t-1 0.7-0.9 0.6-1.1 0.5-0.9 0.2h-0.1q-0.4 0-0.9-0.2t-1.1-0.5-0.9-0.6-1-0.7-0.7-0.5q-1.6-1.1-4.7-3.2t-3.6-2.6q-1.1-0.7-2.1-2t-1-2.5q0-1.4 0.7-2.3t2.1-0.9h26.3q1.2 0 2 0.8t0.9 2z\"\/><\/svg><\/span><span class=\"shariff-text\">E-Mail<\/span>&nbsp;<\/a><\/li><\/ul><\/div>\n<\/div><\/section><br \/>\n<div  class='tabcontainer av-jlq8shhr-b676e11701d9718d755b04dc68ac4c10 top_tab  avia-builder-el-61  el_after_av_textblock  el_before_av_hr '>\n<section class='av_tab_section av_tab_section av-4w8jsn-17d4c89754803ac141d68451b8b1d1a6' ><div id='tab-id-1-tab' class='tab active_tab' role='tab' aria-selected=\"true\" tabindex=\"0\" data-fake-id='#tab-id-1' aria-controls='tab-id-1-content' >Das BACKWINKEL-Blog-Team:<\/div><div id='tab-id-1-content' class='tab_content active_tab_content' role='tabpanel' aria-labelledby='tab-id-1-tab' aria-hidden=\"false\"><div class='tab_inner_content invers-color' ><p><img decoding=\"async\" class=\"wp-image-1768 alignleft\" title=\"BACKWINKEL-Blog \u2013 Das Team\" src=\"https:\/\/blog.backwinkel.de\/wp-content\/uploads\/2018\/10\/backwinkel-blog-autorenbox-intern_preview-300x198.jpg\" alt=\"\" width=\"300\" height=\"198\" \/>Gibts auch ein Gesicht hinter dem BACKWINKEL-Blog? Ja. Vier ?. Drei davon sogar mit Foto.<\/p>\n<p><span style=\"font-style: inherit !important; font-weight: inherit !important;\">Wir \u2013 Lukas, Tatjana, Stefan und Christine \u2013 bespielen unseren Blog unter dem Motto LACHEN LESEN LERNEN. <\/span><\/p>\n<p><span style=\"font-style: inherit !important; font-weight: inherit !important;\">Lukas kennt sich online so gut aus wie in seiner Westentasche und findet immer spannende Themen, w\u00e4hrend Stefan unseren Beitr\u00e4gen den passenden gestalterischen Rahmen gibt und Tatjana mit dem gr\u00fcnen Korrekturstift alles pr\u00fcfend be\u00e4ugt, was unsere Autorin Christine (und gern auch Gastautoren) f\u00fcr den BACKWINKEL-Blog nach ordentlicher Recherche schreibt.<\/span><\/p>\n<p>Gemeinsam suchen wir st\u00e4ndig nach neuen, aufregenden Themen rund um das Thema Bildung im Kiga, der Schule und zu Hause. Und weil Sie da an der Quelle sitzen, freuen wir uns auf Ihre konstruktiven R\u00fcckmeldungen und Anregungen an <a href=\"mailto:blog@backwinkel.de\">blog@backwinkel.de<\/a><\/p>\n<p>Viel Spa\u00df beim LACHEN LESEN LERNEN!<\/p>\n<\/div><\/div><\/section>\n<\/div><br \/>\n\n<style type=\"text\/css\" data-created_by=\"avia_inline_auto\" id=\"style-css-av-jkuvdh82-b6ea5d9aca5d02d0d62bf300de93e492\">\n#top .hr.av-jkuvdh82-b6ea5d9aca5d02d0d62bf300de93e492{\nmargin-top:10px;\nmargin-bottom:10px;\n}\n.hr.av-jkuvdh82-b6ea5d9aca5d02d0d62bf300de93e492 .hr-inner{\nwidth:500;\n}\n<\/style>\n<div  class='hr av-jkuvdh82-b6ea5d9aca5d02d0d62bf300de93e492 hr-custom  avia-builder-el-62  el_after_av_tab_container  el_before_av_heading  hr-left hr-icon-no'><span class='hr-inner inner-border-av-border-thin'><span class=\"hr-inner-style\"><\/span><\/span><\/div><br \/>\n\n<style type=\"text\/css\" data-created_by=\"avia_inline_auto\" id=\"style-css-av-2rgq8p-eea5960d1a3bca7958b11dcc59b35b67\">\n#top .av-special-heading.av-2rgq8p-eea5960d1a3bca7958b11dcc59b35b67{\npadding-bottom:10px;\n}\nbody .av-special-heading.av-2rgq8p-eea5960d1a3bca7958b11dcc59b35b67 .av-special-heading-tag .heading-char{\nfont-size:25px;\n}\n.av-special-heading.av-2rgq8p-eea5960d1a3bca7958b11dcc59b35b67 .av-subheading{\nfont-size:15px;\n}\n<\/style>\n<div  class='av-special-heading av-2rgq8p-eea5960d1a3bca7958b11dcc59b35b67 av-special-heading-h3 blockquote modern-quote  avia-builder-el-63  el_after_av_hr  el_before_av_blog '><h3 class='av-special-heading-tag '  >PASSENDE BEITR\u00c4GE<\/h3><div class=\"special-heading-border\"><div class=\"special-heading-inner-border\"><\/div><\/div><\/div><br \/>\n<div  data-slideshow-options=\"{&quot;animation&quot;:&quot;fade&quot;,&quot;autoplay&quot;:false,&quot;loop_autoplay&quot;:&quot;once&quot;,&quot;interval&quot;:5,&quot;loop_manual&quot;:&quot;manual-endless&quot;,&quot;autoplay_stopper&quot;:false,&quot;noNavigation&quot;:false,&quot;show_slide_delay&quot;:90}\" class='avia-content-slider avia-content-grid-active avia-content-slider1 avia-content-slider-odd  avia-builder-el-64  el_after_av_heading  avia-builder-el-last  av-slideshow-ui av-control-default   av-no-slider-navigation av-slideshow-manual av-loop-once av-loop-manual-endless ' ><div class=\"avia-content-slider-inner\"><div class=\"slide-entry-wrap\"><article class='slide-entry flex_column  post-entry post-entry-18633 slide-entry-overview slide-loop-1 slide-parity-odd  av_one_third first real-thumbnail posttype-post post-format-standard' ><a href='https:\/\/www.backwinkel.de\/blog\/plastik-recyceln\/' data-rel='slide-1' class='slide-image' title='Plastik recyceln'><img decoding=\"async\" fetchpriority=\"high\" width=\"1200\" height=\"628\" src=\"https:\/\/www.backwinkel.de\/blog\/wp-content\/uploads\/2026\/04\/04_Kiga_Plastik_nachhaltig_nutzen.jpg\" class=\"wp-image-18713 avia-img-lazy-loading-not-18713 attachment-no scaling size-no scaling wp-post-image\" alt=\"\" \/><\/a><div class=\"slide-content\"><header class=\"entry-content-header\" aria-label=\"Slide: Plastik recyceln\"><h3 class='slide-entry-title entry-title ' ><a href='https:\/\/www.backwinkel.de\/blog\/plastik-recyceln\/' title='Plastik recyceln'>Plastik recyceln<\/a><\/h3><span class=\"blog-categories minor-meta\"><a href=\"https:\/\/www.backwinkel.de\/blog\/category\/kindergarten-kita\/\" rel=\"tag\">Kindergarten<\/a> <\/span><span class=\"av-vertical-delimiter\"><\/span><\/header><div class='slide-entry-excerpt entry-content' >Biokunststoff f\u00fcr St\u00fchle, Materialboxen, Spielzeug und Rucks\u00e4cke<\/div><\/div><footer class=\"entry-footer\"><div class=\"slide-meta\"><time class='slide-meta-time updated' >14. April 2026<\/time><\/div><\/footer><\/article><article class='slide-entry flex_column  post-entry post-entry-18716 slide-entry-overview slide-loop-2 slide-parity-even  av_one_third  real-thumbnail posttype-post post-format-standard' ><a href='https:\/\/www.backwinkel.de\/blog\/rechnen-im-anfangsunterricht\/' data-rel='slide-1' class='slide-image' title='Rechnen im Anfangsunterricht'><img decoding=\"async\" fetchpriority=\"high\" width=\"1200\" height=\"628\" src=\"https:\/\/www.backwinkel.de\/blog\/wp-content\/uploads\/2026\/04\/04_Schule_Rechnen_anfangsunterricht.jpg\" class=\"wp-image-18748 avia-img-lazy-loading-not-18748 attachment-no scaling size-no scaling wp-post-image\" alt=\"\" \/><\/a><div class=\"slide-content\"><header class=\"entry-content-header\" aria-label=\"Slide: Rechnen im Anfangsunterricht\"><h3 class='slide-entry-title entry-title ' ><a href='https:\/\/www.backwinkel.de\/blog\/rechnen-im-anfangsunterricht\/' title='Rechnen im Anfangsunterricht'>Rechnen im Anfangsunterricht<\/a><\/h3><span class=\"blog-categories minor-meta\"><a href=\"https:\/\/www.backwinkel.de\/blog\/category\/schule-grundschule\/\" rel=\"tag\">Schule<\/a> <\/span><span class=\"av-vertical-delimiter\"><\/span><\/header><div class='slide-entry-excerpt entry-content' >Das Klassenzimmer als Lernlandschaft<\/div><\/div><footer class=\"entry-footer\"><div class=\"slide-meta\"><time class='slide-meta-time updated' >14. April 2026<\/time><\/div><\/footer><\/article><article class='slide-entry flex_column  post-entry post-entry-18372 slide-entry-overview slide-loop-3 slide-parity-odd  post-entry-last  av_one_third  real-thumbnail posttype-post post-format-standard' ><a href='https:\/\/www.backwinkel.de\/blog\/kranke-kinder-im-kindergarten\/' data-rel='slide-1' class='slide-image' title='Kranke Kinder im Kindergarten'><img decoding=\"async\" fetchpriority=\"high\" width=\"1200\" height=\"628\" src=\"https:\/\/www.backwinkel.de\/blog\/wp-content\/uploads\/2026\/03\/03_Kiga_Kranke_Kinder.jpg\" class=\"wp-image-18451 avia-img-lazy-loading-not-18451 attachment-no scaling size-no scaling wp-post-image\" alt=\"Thema: Kranke Kinder. Auf dem Bild ist ein krankes kleines M\u00e4dchen zu sehen. Eine Frau mit einem Fieberthermometer in der Hand sitzt neben ihr und hat die Hand auf der Stirn des M\u00e4dchens.\" \/><\/a><div class=\"slide-content\"><header class=\"entry-content-header\" aria-label=\"Slide: Kranke Kinder im Kindergarten\"><h3 class='slide-entry-title entry-title ' ><a href='https:\/\/www.backwinkel.de\/blog\/kranke-kinder-im-kindergarten\/' title='Kranke Kinder im Kindergarten'>Kranke Kinder im Kindergarten<\/a><\/h3><span class=\"blog-categories minor-meta\"><a href=\"https:\/\/www.backwinkel.de\/blog\/category\/kindergarten-kita\/\" rel=\"tag\">Kindergarten<\/a> <\/span><span class=\"av-vertical-delimiter\"><\/span><\/header><div class='slide-entry-excerpt entry-content' >Auswirkungen f\u00fcr Kinder, Eltern und Fachkr\u00e4fte<\/div><\/div><footer class=\"entry-footer\"><div class=\"slide-meta\"><time class='slide-meta-time updated' >9. M\u00e4rz 2026<\/time><\/div><\/footer><\/article><\/div><\/div><\/div><\/p><\/div>\n","protected":false},"excerpt":{"rendered":"<p>So gelingt der Start ins Schulleben<\/p>\n","protected":false},"author":3,"featured_media":3651,"comment_status":"closed","ping_status":"closed","sticky":false,"template":"","format":"standard","meta":{"inline_featured_image":false,"footnotes":""},"categories":[5],"tags":[],"class_list":["post-3649","post","type-post","status-publish","format-standard","has-post-thumbnail","hentry","category-kindergarten-kita"],"yoast_head":"<!-- This site is optimized with the Yoast SEO plugin v27.4 - https:\/\/yoast.com\/product\/yoast-seo-wordpress\/ -->\n<title>Transition \u00bb Wie der \u00dcbergang vom Kindergarten in die Grundschule gelingt | BACKWINKEL Blog<\/title>\n<meta name=\"description\" content=\"Lesen Sie, was Transition ist und wie Sie den \u00dcbergang vom Kindergarten in die Grundschule erfolgreich gestalten. \u2713 Konkrete Tipps \u2713 inkl. \u00dcbungen zum Download \u2713\" \/>\n<meta name=\"robots\" content=\"index, follow, max-snippet:-1, max-image-preview:large, max-video-preview:-1\" \/>\n<link rel=\"canonical\" href=\"https:\/\/www.backwinkel.de\/blog\/transition\/\" \/>\n<meta property=\"og:locale\" content=\"de_DE\" \/>\n<meta property=\"og:type\" content=\"article\" \/>\n<meta property=\"og:title\" content=\"Transition \u00bb Wie der \u00dcbergang vom Kindergarten in die Grundschule gelingt | BACKWINKEL Blog\" \/>\n<meta property=\"og:description\" content=\"Erfahre, was Transition ist und wie Du den \u00dcbergang vom Kindergarten in die Grundschule erfolgreich gestaltest. \u2713 Konkrete Tipps \u2713 inkl. \u00dcbungen zum Download \u2713\" \/>\n<meta property=\"og:url\" content=\"https:\/\/blog.backwinkel.de\/transition\/\" \/>\n<meta property=\"og:site_name\" content=\"BACKWINKEL Blog\" \/>\n<meta property=\"article:published_time\" content=\"2019-10-07T07:31:51+00:00\" \/>\n<meta property=\"article:modified_time\" content=\"2024-08-08T15:56:32+00:00\" \/>\n<meta property=\"og:image\" content=\"https:\/\/blog.backwinkel.de\/wp-content\/uploads\/2019\/08\/backwinkel-blog-kindergarten-vorschule-heroimage.jpg\" \/>\n\t<meta property=\"og:image:width\" content=\"1200\" \/>\n\t<meta property=\"og:image:height\" content=\"628\" \/>\n\t<meta property=\"og:image:type\" content=\"image\/jpeg\" \/>\n<meta name=\"author\" content=\"BACKWINKEL\" \/>\n<meta name=\"twitter:card\" content=\"summary_large_image\" \/>\n<meta name=\"twitter:label1\" content=\"Verfasst von\" \/>\n\t<meta name=\"twitter:data1\" content=\"BACKWINKEL\" \/>\n<script type=\"application\/ld+json\" class=\"yoast-schema-graph\">{\"@context\":\"https:\\\/\\\/schema.org\",\"@graph\":[{\"@type\":\"Article\",\"@id\":\"https:\\\/\\\/blog.backwinkel.de\\\/transition\\\/#article\",\"isPartOf\":{\"@id\":\"https:\\\/\\\/blog.backwinkel.de\\\/transition\\\/\"},\"author\":{\"name\":\"BACKWINKEL\",\"@id\":\"https:\\\/\\\/www.backwinkel.de\\\/blog\\\/#\\\/schema\\\/person\\\/3d64575316540d25f7866264a4b7cd24\"},\"headline\":\"Der \u00dcbergang vom Kindergarten in die Grundschule:\",\"datePublished\":\"2019-10-07T07:31:51+00:00\",\"dateModified\":\"2024-08-08T15:56:32+00:00\",\"mainEntityOfPage\":{\"@id\":\"https:\\\/\\\/blog.backwinkel.de\\\/transition\\\/\"},\"wordCount\":4447,\"image\":{\"@id\":\"https:\\\/\\\/blog.backwinkel.de\\\/transition\\\/#primaryimage\"},\"thumbnailUrl\":\"https:\\\/\\\/www.backwinkel.de\\\/blog\\\/wp-content\\\/uploads\\\/2019\\\/08\\\/backwinkel-blog-kindergarten-vorschule-heroimage.jpg\",\"articleSection\":[\"Kindergarten\"],\"inLanguage\":\"de\"},{\"@type\":\"WebPage\",\"@id\":\"https:\\\/\\\/blog.backwinkel.de\\\/transition\\\/\",\"url\":\"https:\\\/\\\/blog.backwinkel.de\\\/transition\\\/\",\"name\":\"Transition \u00bb Wie der \u00dcbergang vom Kindergarten in die Grundschule gelingt | BACKWINKEL Blog\",\"isPartOf\":{\"@id\":\"https:\\\/\\\/www.backwinkel.de\\\/blog\\\/#website\"},\"primaryImageOfPage\":{\"@id\":\"https:\\\/\\\/blog.backwinkel.de\\\/transition\\\/#primaryimage\"},\"image\":{\"@id\":\"https:\\\/\\\/blog.backwinkel.de\\\/transition\\\/#primaryimage\"},\"thumbnailUrl\":\"https:\\\/\\\/www.backwinkel.de\\\/blog\\\/wp-content\\\/uploads\\\/2019\\\/08\\\/backwinkel-blog-kindergarten-vorschule-heroimage.jpg\",\"datePublished\":\"2019-10-07T07:31:51+00:00\",\"dateModified\":\"2024-08-08T15:56:32+00:00\",\"author\":{\"@id\":\"https:\\\/\\\/www.backwinkel.de\\\/blog\\\/#\\\/schema\\\/person\\\/3d64575316540d25f7866264a4b7cd24\"},\"description\":\"Lesen Sie, was Transition ist und wie Sie den \u00dcbergang vom Kindergarten in die Grundschule erfolgreich gestalten. \u2713 Konkrete Tipps \u2713 inkl. \u00dcbungen zum Download \u2713\",\"breadcrumb\":{\"@id\":\"https:\\\/\\\/blog.backwinkel.de\\\/transition\\\/#breadcrumb\"},\"inLanguage\":\"de\",\"potentialAction\":[{\"@type\":\"ReadAction\",\"target\":[\"https:\\\/\\\/blog.backwinkel.de\\\/transition\\\/\"]}]},{\"@type\":\"ImageObject\",\"inLanguage\":\"de\",\"@id\":\"https:\\\/\\\/blog.backwinkel.de\\\/transition\\\/#primaryimage\",\"url\":\"https:\\\/\\\/www.backwinkel.de\\\/blog\\\/wp-content\\\/uploads\\\/2019\\\/08\\\/backwinkel-blog-kindergarten-vorschule-heroimage.jpg\",\"contentUrl\":\"https:\\\/\\\/www.backwinkel.de\\\/blog\\\/wp-content\\\/uploads\\\/2019\\\/08\\\/backwinkel-blog-kindergarten-vorschule-heroimage.jpg\",\"width\":1200,\"height\":628,\"caption\":\"BACKWINKEL-Blog \u2013 Beitrag zum Thema \u00dcbergang vom Kindergarten in die Grundschule\"},{\"@type\":\"BreadcrumbList\",\"@id\":\"https:\\\/\\\/blog.backwinkel.de\\\/transition\\\/#breadcrumb\",\"itemListElement\":[{\"@type\":\"ListItem\",\"position\":1,\"name\":\"Startseite\",\"item\":\"https:\\\/\\\/blog.backwinkel.de\\\/aktuelles\\\/\"},{\"@type\":\"ListItem\",\"position\":2,\"name\":\"Der \u00dcbergang vom Kindergarten in die Grundschule:\"}]},{\"@type\":\"WebSite\",\"@id\":\"https:\\\/\\\/www.backwinkel.de\\\/blog\\\/#website\",\"url\":\"https:\\\/\\\/www.backwinkel.de\\\/blog\\\/\",\"name\":\"BACKWINKEL Blog\",\"description\":\"f\u00fcr Lehrer, Erzieher und Eltern\",\"potentialAction\":[{\"@type\":\"SearchAction\",\"target\":{\"@type\":\"EntryPoint\",\"urlTemplate\":\"https:\\\/\\\/www.backwinkel.de\\\/blog\\\/?s={search_term_string}\"},\"query-input\":{\"@type\":\"PropertyValueSpecification\",\"valueRequired\":true,\"valueName\":\"search_term_string\"}}],\"inLanguage\":\"de\"},{\"@type\":\"Person\",\"@id\":\"https:\\\/\\\/www.backwinkel.de\\\/blog\\\/#\\\/schema\\\/person\\\/3d64575316540d25f7866264a4b7cd24\",\"name\":\"BACKWINKEL\",\"sameAs\":[\"http:\\\/\\\/www.backwinkel.de\"],\"url\":\"https:\\\/\\\/www.backwinkel.de\\\/blog\\\/author\\\/backwinkel\\\/\"}]}<\/script>\n<!-- \/ Yoast SEO plugin. -->","yoast_head_json":{"title":"Transition \u00bb Wie der \u00dcbergang vom Kindergarten in die Grundschule gelingt | BACKWINKEL Blog","description":"Lesen Sie, was Transition ist und wie Sie den \u00dcbergang vom Kindergarten in die Grundschule erfolgreich gestalten. \u2713 Konkrete Tipps \u2713 inkl. \u00dcbungen zum Download \u2713","robots":{"index":"index","follow":"follow","max-snippet":"max-snippet:-1","max-image-preview":"max-image-preview:large","max-video-preview":"max-video-preview:-1"},"canonical":"https:\/\/www.backwinkel.de\/blog\/transition\/","og_locale":"de_DE","og_type":"article","og_title":"Transition \u00bb Wie der \u00dcbergang vom Kindergarten in die Grundschule gelingt | BACKWINKEL Blog","og_description":"Erfahre, was Transition ist und wie Du den \u00dcbergang vom Kindergarten in die Grundschule erfolgreich gestaltest. \u2713 Konkrete Tipps \u2713 inkl. \u00dcbungen zum Download \u2713","og_url":"https:\/\/blog.backwinkel.de\/transition\/","og_site_name":"BACKWINKEL Blog","article_published_time":"2019-10-07T07:31:51+00:00","article_modified_time":"2024-08-08T15:56:32+00:00","og_image":[{"width":1200,"height":628,"url":"https:\/\/blog.backwinkel.de\/wp-content\/uploads\/2019\/08\/backwinkel-blog-kindergarten-vorschule-heroimage.jpg","type":"image\/jpeg"}],"author":"BACKWINKEL","twitter_card":"summary_large_image","twitter_misc":{"Verfasst von":"BACKWINKEL"},"schema":{"@context":"https:\/\/schema.org","@graph":[{"@type":"Article","@id":"https:\/\/blog.backwinkel.de\/transition\/#article","isPartOf":{"@id":"https:\/\/blog.backwinkel.de\/transition\/"},"author":{"name":"BACKWINKEL","@id":"https:\/\/www.backwinkel.de\/blog\/#\/schema\/person\/3d64575316540d25f7866264a4b7cd24"},"headline":"Der \u00dcbergang vom Kindergarten in die Grundschule:","datePublished":"2019-10-07T07:31:51+00:00","dateModified":"2024-08-08T15:56:32+00:00","mainEntityOfPage":{"@id":"https:\/\/blog.backwinkel.de\/transition\/"},"wordCount":4447,"image":{"@id":"https:\/\/blog.backwinkel.de\/transition\/#primaryimage"},"thumbnailUrl":"https:\/\/www.backwinkel.de\/blog\/wp-content\/uploads\/2019\/08\/backwinkel-blog-kindergarten-vorschule-heroimage.jpg","articleSection":["Kindergarten"],"inLanguage":"de"},{"@type":"WebPage","@id":"https:\/\/blog.backwinkel.de\/transition\/","url":"https:\/\/blog.backwinkel.de\/transition\/","name":"Transition \u00bb Wie der \u00dcbergang vom Kindergarten in die Grundschule gelingt | BACKWINKEL Blog","isPartOf":{"@id":"https:\/\/www.backwinkel.de\/blog\/#website"},"primaryImageOfPage":{"@id":"https:\/\/blog.backwinkel.de\/transition\/#primaryimage"},"image":{"@id":"https:\/\/blog.backwinkel.de\/transition\/#primaryimage"},"thumbnailUrl":"https:\/\/www.backwinkel.de\/blog\/wp-content\/uploads\/2019\/08\/backwinkel-blog-kindergarten-vorschule-heroimage.jpg","datePublished":"2019-10-07T07:31:51+00:00","dateModified":"2024-08-08T15:56:32+00:00","author":{"@id":"https:\/\/www.backwinkel.de\/blog\/#\/schema\/person\/3d64575316540d25f7866264a4b7cd24"},"description":"Lesen Sie, was Transition ist und wie Sie den \u00dcbergang vom Kindergarten in die Grundschule erfolgreich gestalten. \u2713 Konkrete Tipps \u2713 inkl. \u00dcbungen zum Download \u2713","breadcrumb":{"@id":"https:\/\/blog.backwinkel.de\/transition\/#breadcrumb"},"inLanguage":"de","potentialAction":[{"@type":"ReadAction","target":["https:\/\/blog.backwinkel.de\/transition\/"]}]},{"@type":"ImageObject","inLanguage":"de","@id":"https:\/\/blog.backwinkel.de\/transition\/#primaryimage","url":"https:\/\/www.backwinkel.de\/blog\/wp-content\/uploads\/2019\/08\/backwinkel-blog-kindergarten-vorschule-heroimage.jpg","contentUrl":"https:\/\/www.backwinkel.de\/blog\/wp-content\/uploads\/2019\/08\/backwinkel-blog-kindergarten-vorschule-heroimage.jpg","width":1200,"height":628,"caption":"BACKWINKEL-Blog \u2013 Beitrag zum Thema \u00dcbergang vom Kindergarten in die Grundschule"},{"@type":"BreadcrumbList","@id":"https:\/\/blog.backwinkel.de\/transition\/#breadcrumb","itemListElement":[{"@type":"ListItem","position":1,"name":"Startseite","item":"https:\/\/blog.backwinkel.de\/aktuelles\/"},{"@type":"ListItem","position":2,"name":"Der \u00dcbergang vom Kindergarten in die Grundschule:"}]},{"@type":"WebSite","@id":"https:\/\/www.backwinkel.de\/blog\/#website","url":"https:\/\/www.backwinkel.de\/blog\/","name":"BACKWINKEL Blog","description":"f\u00fcr Lehrer, Erzieher und Eltern","potentialAction":[{"@type":"SearchAction","target":{"@type":"EntryPoint","urlTemplate":"https:\/\/www.backwinkel.de\/blog\/?s={search_term_string}"},"query-input":{"@type":"PropertyValueSpecification","valueRequired":true,"valueName":"search_term_string"}}],"inLanguage":"de"},{"@type":"Person","@id":"https:\/\/www.backwinkel.de\/blog\/#\/schema\/person\/3d64575316540d25f7866264a4b7cd24","name":"BACKWINKEL","sameAs":["http:\/\/www.backwinkel.de"],"url":"https:\/\/www.backwinkel.de\/blog\/author\/backwinkel\/"}]}},"_links":{"self":[{"href":"https:\/\/www.backwinkel.de\/blog\/wp-json\/wp\/v2\/posts\/3649","targetHints":{"allow":["GET"]}}],"collection":[{"href":"https:\/\/www.backwinkel.de\/blog\/wp-json\/wp\/v2\/posts"}],"about":[{"href":"https:\/\/www.backwinkel.de\/blog\/wp-json\/wp\/v2\/types\/post"}],"author":[{"embeddable":true,"href":"https:\/\/www.backwinkel.de\/blog\/wp-json\/wp\/v2\/users\/3"}],"replies":[{"embeddable":true,"href":"https:\/\/www.backwinkel.de\/blog\/wp-json\/wp\/v2\/comments?post=3649"}],"version-history":[{"count":0,"href":"https:\/\/www.backwinkel.de\/blog\/wp-json\/wp\/v2\/posts\/3649\/revisions"}],"wp:featuredmedia":[{"embeddable":true,"href":"https:\/\/www.backwinkel.de\/blog\/wp-json\/wp\/v2\/media\/3651"}],"wp:attachment":[{"href":"https:\/\/www.backwinkel.de\/blog\/wp-json\/wp\/v2\/media?parent=3649"}],"wp:term":[{"taxonomy":"category","embeddable":true,"href":"https:\/\/www.backwinkel.de\/blog\/wp-json\/wp\/v2\/categories?post=3649"},{"taxonomy":"post_tag","embeddable":true,"href":"https:\/\/www.backwinkel.de\/blog\/wp-json\/wp\/v2\/tags?post=3649"}],"curies":[{"name":"wp","href":"https:\/\/api.w.org\/{rel}","templated":true}]}}