{"id":3606,"date":"2019-08-30T11:23:02","date_gmt":"2019-08-30T09:23:02","guid":{"rendered":"https:\/\/blog.backwinkel.de\/?p=3606"},"modified":"2026-03-04T19:05:55","modified_gmt":"2026-03-04T18:05:55","slug":"klassensprecher","status":"publish","type":"post","link":"https:\/\/www.backwinkel.de\/blog\/klassensprecher\/","title":{"rendered":"Klassensprecher:"},"content":{"rendered":"\n<style type=\"text\/css\" data-created_by=\"avia_inline_auto\" id=\"style-css-av-8vdv8-f7e0dae999cc49bc529a70f67b346526\">\n.flex_column.av-8vdv8-f7e0dae999cc49bc529a70f67b346526{\nborder-radius:0px 0px 0px 0px;\npadding:0px 0px 0px 0px;\n}\n<\/style>\n<div  class='flex_column av-8vdv8-f7e0dae999cc49bc529a70f67b346526 av_one_full  avia-builder-el-0  el_before_av_three_fifth  avia-builder-el-first  first flex_column_div av-zero-column-padding  '     ><p>\n<style type=\"text\/css\" data-created_by=\"avia_inline_auto\" id=\"style-css-av-jl6mo8rj-605eccf9df0dce9c3ffb6a57636da99d\">\n#top .hr.hr-invisible.av-jl6mo8rj-605eccf9df0dce9c3ffb6a57636da99d{\nmargin-top:0px;\nheight:1px;\n}\n<\/style>\n<div  class='hr av-jl6mo8rj-605eccf9df0dce9c3ffb6a57636da99d hr-invisible  avia-builder-el-1  el_before_av_heading  avia-builder-el-first '><span class='hr-inner '><span class=\"hr-inner-style\"><\/span><\/span><\/div><br \/>\n\n<style type=\"text\/css\" data-created_by=\"avia_inline_auto\" id=\"style-css-av-2ag6mu-8ce2a97aa3713cebf18bdbb04a462834\">\n#top .av-special-heading.av-2ag6mu-8ce2a97aa3713cebf18bdbb04a462834{\npadding-bottom:10px;\n}\nbody .av-special-heading.av-2ag6mu-8ce2a97aa3713cebf18bdbb04a462834 .av-special-heading-tag .heading-char{\nfont-size:25px;\n}\n.av-special-heading.av-2ag6mu-8ce2a97aa3713cebf18bdbb04a462834 .av-subheading{\nfont-size:15px;\n}\n<\/style>\n<div  class='av-special-heading av-2ag6mu-8ce2a97aa3713cebf18bdbb04a462834 av-special-heading-h1 blockquote modern-quote  avia-builder-el-2  el_after_av_hr  el_before_av_post_metadata '><h1 class='av-special-heading-tag '  >Klassensprecher: Darum ist die Demokratiebildung schon in der Grundschule 1. Wahl<\/h1><div class='av-subheading av-subheading_below'><p class=\"autorenname\">Christine Hagemann<\/p>\n<\/div><div class=\"special-heading-border\"><div class=\"special-heading-inner-border\"><\/div><\/div><\/div><br \/>\n\n<style type=\"text\/css\" data-created_by=\"avia_inline_auto\" id=\"style-css-av-6g99va-59b598976f682fb11655d163f535d70c\">\n#top .av-post-metadata-container.av-6g99va-59b598976f682fb11655d163f535d70c{\nfont-size:12px;\n}\n#top .av-post-metadata-container.av-6g99va-59b598976f682fb11655d163f535d70c .av-post-metadata-container-inner{\nfont-size:12px;\n}\n<\/style>\n<div  class='av-post-metadata-container av-6g99va-59b598976f682fb11655d163f535d70c av-metadata-container-align-left  avia-builder-el-3  el_after_av_heading  el_before_av_textblock  av-metadata-container-1'><div class='av-post-metadata-container-inner'><span class=\"av-post-metadata-content av-post-metadata-meta-content\"><span class=\"av-post-metadata-content av-post-metadata-published\"><span class=\"av-metadata-before av-metadata-before-published\">Ver\u00f6ffentlicht:<\/span><span class=\"av-post-metadata-published-date\" >30. August 2019<\/span><\/span><span class=\"av-post-metadata-content av-post-metadata-separator\">\/<\/span><span class=\"av-post-metadata-content av-post-metadata-modified\"><span class=\"av-metadata-before av-metadata-before-modified\">Zuletzt aktualisiert:<\/span><span class=\"av-post-metadata-modified-date\" >4. M\u00e4rz 2026<\/span><\/span><\/span><\/div><\/div><br \/>\n\n<style type=\"text\/css\" data-created_by=\"avia_inline_auto\" id=\"style-css-av-jkuubohz-5bd5902bdafe42e29df3f39e76d87d31\">\n#top .av_textblock_section.av-jkuubohz-5bd5902bdafe42e29df3f39e76d87d31 .avia_textblock{\nfont-size:20px;\n}\n<\/style>\n<section  class='av_textblock_section av-jkuubohz-5bd5902bdafe42e29df3f39e76d87d31 '  ><div class='avia_textblock' ><p class=\"einleitungstext-beitrag\">Die Wahl eines Klassensprechers ist an weiterf\u00fchrenden Schulen selbstverst\u00e4ndlich. Doch auch an vielen Grundschulen werden Klassensprecher gew\u00e4hlt. Zweck ist die fr\u00fche Demokratieerziehung.<\/p>\n<\/div><\/section><br \/>\n\n<style type=\"text\/css\" data-created_by=\"avia_inline_auto\" id=\"style-css-av-jkuuo5h6-4868e280edc8576cdb8783d37005cdab\">\n.avia-image-container.av-jkuuo5h6-4868e280edc8576cdb8783d37005cdab img.avia_image{\nbox-shadow:none;\n}\n.avia-image-container.av-jkuuo5h6-4868e280edc8576cdb8783d37005cdab .av-image-caption-overlay-center{\ncolor:#ffffff;\n}\n<\/style>\n<div  class='avia-image-container av-jkuuo5h6-4868e280edc8576cdb8783d37005cdab av-styling- avia-align-center  avia-builder-el-5  el_after_av_textblock  el_before_av_hr '  ><div class=\"avia-image-container-inner\"><div class=\"avia-image-overlay-wrap\"><img decoding=\"async\" fetchpriority=\"high\" class='wp-image-3607 avia-img-lazy-loading-not-3607 avia_image ' src=\"https:\/\/www.backwinkel.de\/blog\/wp-content\/uploads\/2019\/08\/backwinkel-blog-klassensprecher-heroimage.jpg\" alt='BACKWINKEL-Blog \u2013 Beitrag zum Thema Klassensprecher' title='Klassensprecher in der Grundschule: Alles Wissenswerte, inkl. Arbeitsbl\u00e4tter'  height=\"628\" width=\"1200\" srcset=\"https:\/\/www.backwinkel.de\/blog\/wp-content\/uploads\/2019\/08\/backwinkel-blog-klassensprecher-heroimage.jpg 1200w, https:\/\/www.backwinkel.de\/blog\/wp-content\/uploads\/2019\/08\/backwinkel-blog-klassensprecher-heroimage-300x157.jpg 300w, https:\/\/www.backwinkel.de\/blog\/wp-content\/uploads\/2019\/08\/backwinkel-blog-klassensprecher-heroimage-768x402.jpg 768w, https:\/\/www.backwinkel.de\/blog\/wp-content\/uploads\/2019\/08\/backwinkel-blog-klassensprecher-heroimage-1030x539.jpg 1030w, https:\/\/www.backwinkel.de\/blog\/wp-content\/uploads\/2019\/08\/backwinkel-blog-klassensprecher-heroimage-705x369.jpg 705w, https:\/\/www.backwinkel.de\/blog\/wp-content\/uploads\/2019\/08\/backwinkel-blog-klassensprecher-heroimage-450x236.jpg 450w\" sizes=\"(max-width: 1200px) 100vw, 1200px\" \/><\/div><\/div><\/div><br \/>\n\n<style type=\"text\/css\" data-created_by=\"avia_inline_auto\" id=\"style-css-av-jl6mo8rj-44-84554518b031eeaa4e8b29b20a8f05a1\">\n#top .hr.hr-invisible.av-jl6mo8rj-44-84554518b031eeaa4e8b29b20a8f05a1{\nheight:5px;\n}\n<\/style>\n<div  class='hr av-jl6mo8rj-44-84554518b031eeaa4e8b29b20a8f05a1 hr-invisible  avia-builder-el-6  el_after_av_image  el_before_av_textblock '><span class='hr-inner '><span class=\"hr-inner-style\"><\/span><\/span><\/div><br \/>\n\n<style type=\"text\/css\" data-created_by=\"avia_inline_auto\" id=\"style-css-av-jl7ql86y-e4dbe662e227d6e3ed63d4a5d145fa64\">\n#top .av_textblock_section.av-jl7ql86y-e4dbe662e227d6e3ed63d4a5d145fa64 .avia_textblock{\nfont-size:10px;\n}\n<\/style>\n<section  class='av_textblock_section av-jl7ql86y-e4dbe662e227d6e3ed63d4a5d145fa64 '  ><div class='avia_textblock' ><p class=\"bildnennung-beitrag\" style=\"text-align: left;\">\u00a9 <span class=\"blue bleu-de-france-text\" data-t=\"detail-panel-content-author-name\">Robert Kneschke<\/span>, Adobestock.com<\/p>\n<\/div><\/section><br \/>\n\n<style type=\"text\/css\" data-created_by=\"avia_inline_auto\" id=\"style-css-av-jl6mo8rj-42-92e480ef9ed48b707c06de005b13cbbe\">\n#top .hr.hr-invisible.av-jl6mo8rj-42-92e480ef9ed48b707c06de005b13cbbe{\nheight:20px;\n}\n<\/style>\n<div  class='hr av-jl6mo8rj-42-92e480ef9ed48b707c06de005b13cbbe hr-invisible  avia-builder-el-8  el_after_av_textblock  el_before_av_textblock '><span class='hr-inner '><span class=\"hr-inner-style\"><\/span><\/span><\/div><br \/>\n<section  class='av_textblock_section av-jkuubohz-43-9b33ad93a9660ee16aed356928825805 '  ><div class='avia_textblock' ><p>Um Kinder bereits im Grundschulalter an demokratisches Handeln heranzuf\u00fchren, bietet sich die <strong>Klassensprecherwahl<\/strong> als Thema im Unterricht an. Wie Sie die Wahl zum Klassensprecher in Ihrem Unterricht besprechen und worauf es bei der Umsetzung ankommt, lesen Sie in diesem Beitrag. Arbeitsbl\u00e4tter zum Kopieren inklusive.<\/p>\n<\/div><\/section><\/p><\/div>\n\n<style type=\"text\/css\" data-created_by=\"avia_inline_auto\" id=\"style-css-av-swqf9-6bb490ea0cbb171c9d159bb967226129\">\n.flex_column.av-swqf9-6bb490ea0cbb171c9d159bb967226129{\nborder-radius:0px 0px 0px 0px;\npadding:20px 20px 20px 20px;\nbackground-color:#f2f2f2;\n}\n<\/style>\n<div  class='flex_column av-swqf9-6bb490ea0cbb171c9d159bb967226129 av_three_fifth  avia-builder-el-10  el_after_av_one_full  el_before_av_two_fifth  first flex_column_div  column-top-margin'     ><style type=\"text\/css\" data-created_by=\"avia_inline_auto\" id=\"style-css-av-jkuua5r2-26aacafcf32943ff9bfc4af71f6ef736\">\n#top .av_textblock_section.av-jkuua5r2-26aacafcf32943ff9bfc4af71f6ef736 .avia_textblock{\nfont-size:14px;\n}\n<\/style>\n<section  class='av_textblock_section av-jkuua5r2-26aacafcf32943ff9bfc4af71f6ef736 '  ><div class='avia_textblock' ><p><strong>Inhalt<\/strong><\/p>\n<p><strong><a href=\"#1\">1. Was machen Klassensprecher an der Grundschule?<\/a><\/strong><\/p>\n<p><strong><a href=\"#2\">2. So thematisieren Sie die Klassensprecherwahl im Unterricht<\/a><\/strong><br \/>\n2.1 Was sind die Aufgaben der Klassensprecher in der Grundschule?<br \/>\n2.2 Welche F\u00e4higkeiten sollte ein Klassensprecher haben?<br \/>\n2.3 Wie wird der Klassensprecher gew\u00e4hlt?<\/p>\n<p><strong><a href=\"#3\">3. So l\u00e4uft die demokratische Wahl im Klassenzimmer ab<\/a><\/strong><\/p>\n<\/div><\/section><\/div>\n\n<style type=\"text\/css\" data-created_by=\"avia_inline_auto\" id=\"style-css-av-2532d-6e1ea05e25305745634c0a02c87dc827\">\n.flex_column.av-2532d-6e1ea05e25305745634c0a02c87dc827{\nborder-radius:0px 0px 0px 0px;\npadding:0 0 0 0;\n}\n<\/style>\n<div  class='flex_column av-2532d-6e1ea05e25305745634c0a02c87dc827 av_two_fifth  avia-builder-el-12  el_after_av_three_fifth  el_before_av_sidebar  flex_column_div av-zero-column-padding  column-top-margin'     ><\/div>\n<div  class='avia-builder-widget-area clearfix  avia-builder-el-13  el_after_av_two_fifth  el_before_av_one_full '><div id=\"text-34\" class=\"widget clearfix widget_text\">\t\t\t<div class=\"textwidget\"><p><a href=\"https:\/\/www.backwinkel.de\/nachhaltig-denken\/\" target=\"\\_blank\" rel=\"noopener\"><br \/>\n<img decoding=\"async\" class=\"werbung-desktop alignnone wp-image-4186 size-full\" src=\"https:\/\/www.backwinkel.de\/blog\/wp-content\/uploads\/2026\/04\/Backwinkel-blog-werbebanner-shop-schule_desktop.jpg\" alt=\"\" width=\"1251\" height=\"201\" \/><br \/>\n<\/a><br \/>\n<a href=\"https:\/\/www.backwinkel.de\/nachhaltig-denken\/\" target=\"\\_blank\" rel=\"noopener\"><br \/>\n<img decoding=\"async\" class=\"werbung-mobile alignnone wp-image-4187 size-full\" src=\"https:\/\/www.backwinkel.de\/blog\/wp-content\/uploads\/2026\/04\/Backwinkel-blog-werbebanner-shop-schule_mobile.jpg\" alt=\"\" width=\"550\" height=\"500\" \/><br \/>\n<\/a><\/p>\n<\/div>\n\t\t<\/div><\/div>\n\n<style type=\"text\/css\" data-created_by=\"avia_inline_auto\" id=\"style-css-av-hh5al-9c53459d093ff912fcc98cf97e19d753\">\n.flex_column.av-hh5al-9c53459d093ff912fcc98cf97e19d753{\nborder-radius:0px 0px 0px 0px;\npadding:0px 0px 0px 0px;\n}\n<\/style>\n<div  class='flex_column av-hh5al-9c53459d093ff912fcc98cf97e19d753 av_one_full  avia-builder-el-14  el_after_av_sidebar  el_before_av_one_full  first flex_column_div av-zero-column-padding  '     ><section  class='av_textblock_section av-jkuul0eg-c00477a45633ba2b4da6d6a6ea3aa3db '  ><div class='avia_textblock' >\n<style type=\"text\/css\" data-created_by=\"avia_inline_auto\" id=\"style-css-av-7c7r8-1ad3209b7b9ea9c60cc97e362d76ea5e\">\n#top .hr.hr-invisible.av-7c7r8-1ad3209b7b9ea9c60cc97e362d76ea5e{\nheight:20px;\n}\n<\/style>\n<div  class='hr av-7c7r8-1ad3209b7b9ea9c60cc97e362d76ea5e hr-invisible  avia-builder-el-16  avia-builder-el-no-sibling '><span class='hr-inner '><span class=\"hr-inner-style\"><\/span><\/span><\/div>\n<h2 id=\"1\" class=\"position\">Was machen Klassensprecher an der Grundschule?<\/h2>\n<p>Nach den Sommerferien w\u00e4hlen alle Klassen ihre Sch\u00fclervertreter sowie den Klassensprecher und seinen Stellvertreter. Anders als an weiterf\u00fchrenden Schulen sind Sch\u00fclerrat und Klassensprecher in der Primarstufe nicht vorgeschrieben, doch auch an vielen Grundschulen werden Klassensprecher sp\u00e4testens in Klasse 3 und 4 gew\u00e4hlt. Die Idee dahinter ist, Kindern m\u00f6glichst fr\u00fch ein <strong>Verst\u00e4ndnis f\u00fcr Demokratie <\/strong>zu vermitteln.<\/p>\n<p>Klassensprecherwahlen f\u00fchren Sch\u00fclern vor Augen, was das demokratische <strong>Recht auf Mitbestimmung <\/strong>bedeutet. Daf\u00fcr ist es zun\u00e4chst wichtig, den Wert<strong> demokratischer Regeln<\/strong> im Unterricht zu besprechen. Wenn Kinder bereits im Grundschulalter demokratisches Verhalten lernen, sind sie auch im sp\u00e4teren Leben eher bereit, politische Verantwortung zu \u00fcbernehmen und die Gesellschaft mitzugestalten.<\/p>\n<\/div><\/section><\/div>\n\n<style type=\"text\/css\" data-created_by=\"avia_inline_auto\" id=\"style-css-av-hh5al-40-dd47c675fb78846eb33c45a2d24c7638\">\n.flex_column.av-hh5al-40-dd47c675fb78846eb33c45a2d24c7638{\nborder-radius:0px 0px 0px 0px;\npadding:0px 0px 0px 0px;\n}\n<\/style>\n<div  class='flex_column av-hh5al-40-dd47c675fb78846eb33c45a2d24c7638 av_one_full  avia-builder-el-17  el_after_av_one_full  el_before_av_one_full  first flex_column_div av-zero-column-padding  column-top-margin'     ><style type=\"text\/css\" data-created_by=\"avia_inline_auto\" id=\"style-css-av-jqz83eqo-488d032161b0dfbe1d989bf7937d51da\">\n.av_promobox.av-jqz83eqo-488d032161b0dfbe1d989bf7937d51da{\ncolor:#575757;\nbackground:#ffffff;\nborder-color:#575757;\n}\n<\/style>\n<div  class='av_promobox av-jqz83eqo-488d032161b0dfbe1d989bf7937d51da avia-button-no  avia-builder-el-18  avia-builder-el-no-sibling '><div class='avia-promocontent'><p>\n\u201eDemokratie ist die einzige politisch verfasste Gesellschaftsordnung, die gelernt werden muss \u2013 immer wieder, tagt\u00e4glich und bis ins hohe Alter hinein.\u201c<\/p>\n<p style=\"font-size: 16px;\">Oskar Negt: Der politische Mensch. Demokratie als Lebensform. G\u00f6ttingen 2010, S. 13.<\/p>\n<p>\n<\/div><\/div><\/div>\n\n<style type=\"text\/css\" data-created_by=\"avia_inline_auto\" id=\"style-css-av-hh5al-37-2f2df4ad0c71babeae24831e77d54b8e\">\n.flex_column.av-hh5al-37-2f2df4ad0c71babeae24831e77d54b8e{\nborder-radius:0px 0px 0px 0px;\npadding:0px 0px 0px 0px;\n}\n<\/style>\n<div  class='flex_column av-hh5al-37-2f2df4ad0c71babeae24831e77d54b8e av_one_full  avia-builder-el-19  el_after_av_one_full  el_before_av_hr  first flex_column_div av-zero-column-padding  column-top-margin'     ><section  class='av_textblock_section av-jkuul0eg-39-fb8837d5437b0fea8bc55a7cb01c8d6b '  ><div class='avia_textblock' >\n<style type=\"text\/css\" data-created_by=\"avia_inline_auto\" id=\"style-css-av-7c7r8-38-b9fe6bc5b0e62fdc7ae98212e148c177\">\n#top .hr.hr-invisible.av-7c7r8-38-b9fe6bc5b0e62fdc7ae98212e148c177{\nheight:20px;\n}\n<\/style>\n<div  class='hr av-7c7r8-38-b9fe6bc5b0e62fdc7ae98212e148c177 hr-invisible  avia-builder-el-21  avia-builder-el-no-sibling '><span class='hr-inner '><span class=\"hr-inner-style\"><\/span><\/span><\/div>\n<h2 id=\"2\" class=\"position\">So thematisieren Sie die Klassensprecherwahl im Unterricht<\/h2>\n<p>Damit die Kinder den <strong>Wert demokratischer Entscheidungsverfahren<\/strong> verstehen lernen, ist es zielf\u00fchrend, ihre Rechte und Pflichten im Schulleben sowie die Aufgaben eines Klassensprechers vor der eigentlichen Wahl zu besprechen.<\/p>\n<p>Die Sch\u00fcler werden dabei angeregt, zu \u00fcberlegen, welche Auswirkungen sowohl mit der aktiven als auch mit der passiven Wahl einhergehen. Sie sollen auch reflektieren, dass nicht jede Wahl automatisch zu Ergebnissen f\u00fchrt, die von allen als gerecht empfunden werden.<\/p>\n<p><strong>Diese Kompetenzen stehen beim Thema Klassensprecherwahl im Vordergrund: <\/strong><\/p>\n<p>Die Sch\u00fclerinnen und Sch\u00fcler k\u00f6nnen:<\/p>\n<ul>\n<li>ihre Rechte und Pflichten im Schulleben erkennen und aus\u00fcben.<\/li>\n<li>erkennen, dass alle in der Klasse gleichberechtigt sind.<\/li>\n<li>an demokratischen Entscheidungen, die sie betreffen, mitwirken.<\/li>\n<li>sich in die Situation einer anderen Person versetzen und ihre Interessen wahrnehmen.<\/li>\n<li>die eigene Meinung begr\u00fcnden und andere Meinungen respektieren.<\/li>\n<li>die Mehrheitsregel anwenden, wenn kein Konsens erreicht wird, und Mehrheitsentscheidungen akzeptieren.<\/li>\n<li>erkennen, dass die demokratischen Strukturen in der Schule mit denen auf den politischen Ebenen vergleichbar sind.<\/li>\n<\/ul>\n<p><strong>Didaktisch <\/strong>bietet sich das Modell des Konzeptwechsels an: Das Thema wird zun\u00e4chst aus der Perspektive der Kinder behandelt. So k\u00f6nnen sie ihre eigenen Erfahrungen einbringen und ihre Vorstellungen begr\u00fcnden. Im Anschluss nehmen sie einen <strong>Perspektivwechsel<\/strong> vor, indem sie ihre Vorstellungen hinterfragen.<\/p>\n<h3>Was sind die Aufgaben der Klassensprecher in der Grundschule?<\/h3>\n<p>Welche Aufgaben Klassensprecher in der Grundschule haben, l\u00e4sst sich nicht definitiv bestimmen. Umso wichtiger ist es, dass die Sch\u00fcler sich <strong>vor der Wahl \u00fcber die Aufgaben verst\u00e4ndigen<\/strong>. Denn sonst besteht die Gefahr, dass die Klassensprecherwahl zum reinen Beliebtheitswettbewerb ger\u00e4t. Alle Sch\u00fcler und auch die Kandidaten m\u00fcssen wissen, welche Konsequenzen mit der Wahl verbunden sind.<\/p>\n<p>Wie die Klassensprecher ihre Aufgaben dann ausf\u00fchren, h\u00e4ngt auch davon ab, ob sie st\u00e4rker als <strong>Delegierte der Klasse<\/strong> fungieren oder die berechtigten <strong>Positionen kleinerer Gruppe vertreten<\/strong>, sich etwa f\u00fcr Mitsch\u00fcler einsetzen, die nicht der Mehrheit angeh\u00f6ren. Grunds\u00e4tzlich agieren die Klassensprecher als <strong>Bindeglied<\/strong> zwischen Sch\u00fclern und Lehrern.<\/p>\n<p><strong>Die Klassensprecher<\/strong><\/p>\n<ul>\n<li>vertreten die Interessen der Sch\u00fcler einer Klasse.<\/li>\n<li>geben Anregungen und Vorschl\u00e4ge der Sch\u00fcler an den Lehrer weiter.<\/li>\n<li>tragen Beschwerden und Kritik dem Lehrer oder dem Schulleiter vor.<\/li>\n<li>vermitteln bei Streitigkeiten in der Klasse.<\/li>\n<li>unterst\u00fctzen einzelne Sch\u00fcler in der Wahrnehmung ihrer Rechte.<\/li>\n<li>leiten die Klassenversammlung und sorgen daf\u00fcr, dass Beschl\u00fcsse ausgef\u00fchrt werden.<\/li>\n<li>nehmen am Sch\u00fclerrat teil und informieren die Klasse dar\u00fcber.<\/li>\n<\/ul>\n<\/div><\/section><\/div>\n<style type=\"text\/css\" data-created_by=\"avia_inline_auto\" id=\"style-css-av-jkuvdh82-77d2ebff17aee49ead4f8a3fa53a7c41\">\n#top .hr.hr-invisible.av-jkuvdh82-77d2ebff17aee49ead4f8a3fa53a7c41{\nheight:50px;\n}\n<\/style>\n<div  class='hr av-jkuvdh82-77d2ebff17aee49ead4f8a3fa53a7c41 hr-invisible  avia-builder-el-22  el_after_av_one_full  el_before_av_two_fifth '><span class='hr-inner '><span class=\"hr-inner-style\"><\/span><\/span><\/div><\/p>\n\n<style type=\"text\/css\" data-created_by=\"avia_inline_auto\" id=\"style-css-av-jlnt0i5o-66f1833fd8828e1ae2a195debf6ee289\">\n.flex_column.av-jlnt0i5o-66f1833fd8828e1ae2a195debf6ee289{\nborder-radius:0px 0px 0px 0px;\npadding:10px 10px 10px 10px;\nbackground-color:#f2d1e4;\n}\n<\/style>\n<div  class='flex_column av-jlnt0i5o-66f1833fd8828e1ae2a195debf6ee289 av_two_fifth  avia-builder-el-23  el_after_av_hr  el_before_av_one_full  first flex_column_div  '     ><style type=\"text\/css\" data-created_by=\"avia_inline_auto\" id=\"style-css-av-jkuvcso3-f3ce5576930e09933c40415039df932c\">\n#top .av_textblock_section.av-jkuvcso3-f3ce5576930e09933c40415039df932c .avia_textblock{\nfont-size:22px;\n}\n<\/style>\n<section  class='av_textblock_section av-jkuvcso3-f3ce5576930e09933c40415039df932c '  ><div class='avia_textblock' ><p>Arbeitsblatt 1: Welche Aufgaben hat ein Klassensprecher?<\/p>\n<\/div><\/section><\/div>\n\n<style type=\"text\/css\" data-created_by=\"avia_inline_auto\" id=\"style-css-av-jlnt0i5o-32-b9649ed9f9319a6d76b672c7fc423de6\">\n.flex_column.av-jlnt0i5o-32-b9649ed9f9319a6d76b672c7fc423de6{\nborder-radius:0px 0px 0px 0px;\npadding:10px 10px 10px 10px;\nbackground-color:#ffffff;\n}\n<\/style>\n<div  class='flex_column av-jlnt0i5o-32-b9649ed9f9319a6d76b672c7fc423de6 av_one_full  avia-builder-el-25  el_after_av_two_fifth  el_before_av_hr  first flex_column_div  '     ><section  class='av_textblock_section av-jkuul0eg-35-be12d73836ccccd03465487f2d6ede35 '  ><div class='avia_textblock' ><p><a href=\"https:\/\/blog.backwinkel.de\/wp-content\/uploads\/2019\/08\/backwinkel-blog-klassensprecher-arbeitsblaetter_1.jpg\"><img decoding=\"async\" class=\"alignnone wp-image-3630\" title=\"BACKWINKEL-Klassensprecher-Arbeitsblatt-1\" src=\"https:\/\/blog.backwinkel.de\/wp-content\/uploads\/2019\/08\/backwinkel-blog-klassensprecher-arbeitsblaetter_1.jpg\" alt=\"\" width=\"354\" height=\"501\" srcset=\"https:\/\/www.backwinkel.de\/blog\/wp-content\/uploads\/2019\/08\/backwinkel-blog-klassensprecher-arbeitsblaetter_1.jpg 1240w, https:\/\/www.backwinkel.de\/blog\/wp-content\/uploads\/2019\/08\/backwinkel-blog-klassensprecher-arbeitsblaetter_1-212x300.jpg 212w, https:\/\/www.backwinkel.de\/blog\/wp-content\/uploads\/2019\/08\/backwinkel-blog-klassensprecher-arbeitsblaetter_1-768x1086.jpg 768w, https:\/\/www.backwinkel.de\/blog\/wp-content\/uploads\/2019\/08\/backwinkel-blog-klassensprecher-arbeitsblaetter_1-728x1030.jpg 728w, https:\/\/www.backwinkel.de\/blog\/wp-content\/uploads\/2019\/08\/backwinkel-blog-klassensprecher-arbeitsblaetter_1-1060x1500.jpg 1060w, https:\/\/www.backwinkel.de\/blog\/wp-content\/uploads\/2019\/08\/backwinkel-blog-klassensprecher-arbeitsblaetter_1-498x705.jpg 498w, https:\/\/www.backwinkel.de\/blog\/wp-content\/uploads\/2019\/08\/backwinkel-blog-klassensprecher-arbeitsblaetter_1-450x637.jpg 450w\" sizes=\"(max-width: 354px) 100vw, 354px\" \/><\/a><\/p>\n<div  class='avia-button-wrap av-29z0hl-d6e821bba11371ef931cc7b62d1c33b7-wrap avia-button-left  avia-builder-el-27  avia-builder-el-no-sibling '><a href='https:\/\/www.backwinkel.de\/downloads\/backwinkel-blog-klassensprecher-arbeitsblaetter_1.pdf'  class='avia-button av-29z0hl-d6e821bba11371ef931cc7b62d1c33b7 av-link-btn avia-icon_select-no avia-size-large avia-position-left avia-color-theme-color'  target=\"_blank\"  rel=\"noopener noreferrer\"  aria-label=\"Arbeitsblatt 1 \u2013 Download\"><span class='avia_iconbox_title' >Arbeitsblatt 1 \u2013 Download<\/span><\/a><\/div>\n<\/div><\/section><\/div>\n\n<style type=\"text\/css\" data-created_by=\"avia_inline_auto\" id=\"style-css-av-jkuvdh82-33-afd1ffbea1fbce51d595b7502acc87ad\">\n#top .hr.hr-invisible.av-jkuvdh82-33-afd1ffbea1fbce51d595b7502acc87ad{\nheight:50px;\n}\n<\/style>\n<div  class='hr av-jkuvdh82-33-afd1ffbea1fbce51d595b7502acc87ad hr-invisible  avia-builder-el-28  el_after_av_one_full  el_before_av_one_full '><span class='hr-inner '><span class=\"hr-inner-style\"><\/span><\/span><\/div>\n\n<style type=\"text\/css\" data-created_by=\"avia_inline_auto\" id=\"style-css-av-hh5al-36-4e6f2187db3548b7652b4d5084deeeda\">\n.flex_column.av-hh5al-36-4e6f2187db3548b7652b4d5084deeeda{\nborder-radius:0px 0px 0px 0px;\npadding:0px 0px 0px 0px;\n}\n<\/style>\n<div  class='flex_column av-hh5al-36-4e6f2187db3548b7652b4d5084deeeda av_one_full  avia-builder-el-29  el_after_av_hr  el_before_av_hr  first flex_column_div av-zero-column-padding  '     ><section  class='av_textblock_section av-jkuul0eg-29-62a7ed2b8ee6d71de7afc06542d3afe7 '  ><div class='avia_textblock' ><h3>Welche F\u00e4higkeiten sollte ein Klassensprecher haben?<\/h3>\n<p>Wenn Sie diese Aufgaben im Unterricht thematisieren, wird den Kindern schnell deutlich, dass nicht jeder f\u00fcr den verantwortungsvollen Posten geeignet ist. \u00dcber welche <strong>F\u00e4higkeiten<\/strong> muss ein Klassensprecher verf\u00fcgen? Welche <strong>Eigenschaften<\/strong> sollte er oder sie haben?<\/p>\n<p><strong>Die Klassensprecher sollten <\/strong><\/p>\n<ul>\n<li>guten Kontakt zu den meisten Sch\u00fclern der Klasse haben.<\/li>\n<li>frei sprechen und gut argumentieren k\u00f6nnen.<\/li>\n<li>ausgeglichen sein und einen freundlichen Umgangston haben.<\/li>\n<li>Probleme erkennen und formulieren k\u00f6nnen.<\/li>\n<li>bereit sein, sich f\u00fcr die Klasse und im Sch\u00fclerrat zu engagieren.<\/li>\n<li>kompromissbereit und mutig sein.<\/li>\n<\/ul>\n<\/div><\/section><\/div>\n<style type=\"text\/css\" data-created_by=\"avia_inline_auto\" id=\"style-css-av-jkuvdh82-28-884dc39ef85cab9d5d62b42f6fdc1585\">\n#top .hr.hr-invisible.av-jkuvdh82-28-884dc39ef85cab9d5d62b42f6fdc1585{\nheight:50px;\n}\n<\/style>\n<div  class='hr av-jkuvdh82-28-884dc39ef85cab9d5d62b42f6fdc1585 hr-invisible  avia-builder-el-31  el_after_av_one_full  el_before_av_two_fifth '><span class='hr-inner '><span class=\"hr-inner-style\"><\/span><\/span><\/div><\/p>\n\n<style type=\"text\/css\" data-created_by=\"avia_inline_auto\" id=\"style-css-av-jlnt0i5o-30-b7e774473c42cedde651d8811b278cda\">\n.flex_column.av-jlnt0i5o-30-b7e774473c42cedde651d8811b278cda{\nborder-radius:0px 0px 0px 0px;\npadding:10px 10px 10px 10px;\nbackground-color:#f2d1e4;\n}\n<\/style>\n<div  class='flex_column av-jlnt0i5o-30-b7e774473c42cedde651d8811b278cda av_two_fifth  avia-builder-el-32  el_after_av_hr  el_before_av_one_full  first flex_column_div  '     ><style type=\"text\/css\" data-created_by=\"avia_inline_auto\" id=\"style-css-av-jkuvcso3-31-428a5d36ea82e35f3b150fbf185ea39a\">\n#top .av_textblock_section.av-jkuvcso3-31-428a5d36ea82e35f3b150fbf185ea39a .avia_textblock{\nfont-size:22px;\n}\n<\/style>\n<section  class='av_textblock_section av-jkuvcso3-31-428a5d36ea82e35f3b150fbf185ea39a '  ><div class='avia_textblock' ><p>Arbeitsblatt 2: Wer eignet sich zum Klassensprecher?<\/p>\n<\/div><\/section><\/div>\n\n<style type=\"text\/css\" data-created_by=\"avia_inline_auto\" id=\"style-css-av-hh5al-27-92890c9f1131781ce682f676d0bbca76\">\n.flex_column.av-hh5al-27-92890c9f1131781ce682f676d0bbca76{\nborder-radius:0px 0px 0px 0px;\npadding:0px 0px 0px 0px;\n}\n<\/style>\n<div  class='flex_column av-hh5al-27-92890c9f1131781ce682f676d0bbca76 av_one_full  avia-builder-el-34  el_after_av_two_fifth  el_before_av_hr  first flex_column_div av-zero-column-padding  '     ><section  class='av_textblock_section av-jkuul0eg-26-2af5d61e66a464cd890d0ac45a9c073e '  ><div class='avia_textblock' ><p><a href=\"https:\/\/blog.backwinkel.de\/wp-content\/uploads\/2019\/08\/backwinkel-blog-klassensprecher-arbeitsblaetter_2.jpg\"><img decoding=\"async\" class=\"alignnone wp-image-3631\" title=\"BACKWINKEL-Klassensprecher-Arbeitsblatt-2\" src=\"https:\/\/blog.backwinkel.de\/wp-content\/uploads\/2019\/08\/backwinkel-blog-klassensprecher-arbeitsblaetter_2.jpg\" alt=\"\" width=\"354\" height=\"501\" srcset=\"https:\/\/www.backwinkel.de\/blog\/wp-content\/uploads\/2019\/08\/backwinkel-blog-klassensprecher-arbeitsblaetter_2.jpg 1240w, https:\/\/www.backwinkel.de\/blog\/wp-content\/uploads\/2019\/08\/backwinkel-blog-klassensprecher-arbeitsblaetter_2-212x300.jpg 212w, https:\/\/www.backwinkel.de\/blog\/wp-content\/uploads\/2019\/08\/backwinkel-blog-klassensprecher-arbeitsblaetter_2-768x1086.jpg 768w, https:\/\/www.backwinkel.de\/blog\/wp-content\/uploads\/2019\/08\/backwinkel-blog-klassensprecher-arbeitsblaetter_2-728x1030.jpg 728w, https:\/\/www.backwinkel.de\/blog\/wp-content\/uploads\/2019\/08\/backwinkel-blog-klassensprecher-arbeitsblaetter_2-1060x1500.jpg 1060w, https:\/\/www.backwinkel.de\/blog\/wp-content\/uploads\/2019\/08\/backwinkel-blog-klassensprecher-arbeitsblaetter_2-498x705.jpg 498w, https:\/\/www.backwinkel.de\/blog\/wp-content\/uploads\/2019\/08\/backwinkel-blog-klassensprecher-arbeitsblaetter_2-450x637.jpg 450w\" sizes=\"(max-width: 354px) 100vw, 354px\" \/><\/a><\/p>\n<div  class='avia-button-wrap av-7wow95-2a52000377978a8c46a67f7a5d1b8a3a-wrap avia-button-left  avia-builder-el-36  avia-builder-el-no-sibling '><a href='https:\/\/www.backwinkel.de\/downloads\/backwinkel-blog-klassensprecher-arbeitsblaetter_2.pdf'  class='avia-button av-7wow95-2a52000377978a8c46a67f7a5d1b8a3a av-link-btn avia-icon_select-no avia-size-large avia-position-left avia-color-theme-color'  target=\"_blank\"  rel=\"noopener noreferrer\"  aria-label=\"Arbeitsblatt 2 \u2013 Download\"><span class='avia_iconbox_title' >Arbeitsblatt 2 \u2013 Download<\/span><\/a><\/div>\n<\/div><\/section><\/div>\n\n<style type=\"text\/css\" data-created_by=\"avia_inline_auto\" id=\"style-css-av-jkuvdh82-25-12fb1f07d5fb39dfcef9c4c31cb4f1c6\">\n#top .hr.hr-invisible.av-jkuvdh82-25-12fb1f07d5fb39dfcef9c4c31cb4f1c6{\nheight:50px;\n}\n<\/style>\n<div  class='hr av-jkuvdh82-25-12fb1f07d5fb39dfcef9c4c31cb4f1c6 hr-invisible  avia-builder-el-37  el_after_av_one_full  el_before_av_one_full '><span class='hr-inner '><span class=\"hr-inner-style\"><\/span><\/span><\/div>\n\n<style type=\"text\/css\" data-created_by=\"avia_inline_auto\" id=\"style-css-av-hh5al-22-ffcfec0658e823b2fde141e642541932\">\n.flex_column.av-hh5al-22-ffcfec0658e823b2fde141e642541932{\nborder-radius:0px 0px 0px 0px;\npadding:0px 0px 0px 0px;\n}\n<\/style>\n<div  class='flex_column av-hh5al-22-ffcfec0658e823b2fde141e642541932 av_one_full  avia-builder-el-38  el_after_av_hr  el_before_av_hr  first flex_column_div av-zero-column-padding  '     ><section  class='av_textblock_section av-jkuul0eg-21-af1585334fb319b6126edc5813bdf889 '  ><div class='avia_textblock' ><h3>Wie wird der Klassensprecher gew\u00e4hlt?<\/h3>\n<p>Das Grundgesetz definiert <strong>Wahlregeln<\/strong>, die in angepasster Form auch in der Grundschule angewendet werden sollten. Gew\u00e4hlt wird nach Artikel 38,1 GG in allgemeiner, unmittelbarer, freier, gleicher und geheimer Wahl.<\/p>\n<p><strong>\u00dcbertragen auf die Grundschule bedeutet dies<\/strong>:<\/p>\n<ul>\n<li>Jeder und jede aus der Klasse darf w\u00e4hlen und gew\u00e4hlt werden, unabh\u00e4ngig von Geschlecht, Herkunft oder etwa schulischen Leistungen.<\/li>\n<li>Die Kandidaten m\u00fcssen die gleichen Chancen haben, sich zu pr\u00e4sentieren. Die Lehrkr\u00e4fte d\u00fcrfen keinen Einfluss auf die Wahlentscheidung nehmen.<\/li>\n<li>Jede abgegebene Stimme z\u00e4hlt gleich viel. Den Sch\u00fclern steht es auch frei, sich der Stimme zu enthalten.<\/li>\n<li>Die Wahl erfolgt geheim. Weder w\u00e4hrend des Wahlgangs noch im Nachhinein darf erkennbar sein, wer wen gew\u00e4hlt hat.<\/li>\n<\/ul>\n<\/div><\/section><\/div>\n\n<style type=\"text\/css\" data-created_by=\"avia_inline_auto\" id=\"style-css-av-jkuvdh82-20-dcba1599a2d949435a534f5bdcac3fc0\">\n#top .hr.hr-invisible.av-jkuvdh82-20-dcba1599a2d949435a534f5bdcac3fc0{\nheight:50px;\n}\n<\/style>\n<div  class='hr av-jkuvdh82-20-dcba1599a2d949435a534f5bdcac3fc0 hr-invisible  avia-builder-el-40  el_after_av_one_full  el_before_av_two_fifth '><span class='hr-inner '><span class=\"hr-inner-style\"><\/span><\/span><\/div>\n\n<style type=\"text\/css\" data-created_by=\"avia_inline_auto\" id=\"style-css-av-jlnt0i5o-24-ebd8e2507f042d05187bfad4f035b153\">\n.flex_column.av-jlnt0i5o-24-ebd8e2507f042d05187bfad4f035b153{\nborder-radius:0px 0px 0px 0px;\npadding:10px 10px 10px 10px;\nbackground-color:#f2d1e4;\n}\n<\/style>\n<div  class='flex_column av-jlnt0i5o-24-ebd8e2507f042d05187bfad4f035b153 av_two_fifth  avia-builder-el-41  el_after_av_hr  el_before_av_one_full  first flex_column_div  '     ><style type=\"text\/css\" data-created_by=\"avia_inline_auto\" id=\"style-css-av-jkuvcso3-23-05ee7aa1752147c2de034f5b33baca4b\">\n#top .av_textblock_section.av-jkuvcso3-23-05ee7aa1752147c2de034f5b33baca4b .avia_textblock{\nfont-size:22px;\n}\n<\/style>\n<section  class='av_textblock_section av-jkuvcso3-23-05ee7aa1752147c2de034f5b33baca4b '  ><div class='avia_textblock' ><p>Arbeitsblatt 3: Wir w\u00e4hlen einen Klassensprecher<\/p>\n<\/div><\/section><\/div>\n\n<style type=\"text\/css\" data-created_by=\"avia_inline_auto\" id=\"style-css-av-hh5al-19-3cb6b0c6d774d51bf1eb7d23eb264b75\">\n.flex_column.av-hh5al-19-3cb6b0c6d774d51bf1eb7d23eb264b75{\nborder-radius:0px 0px 0px 0px;\npadding:0px 0px 0px 0px;\n}\n<\/style>\n<div  class='flex_column av-hh5al-19-3cb6b0c6d774d51bf1eb7d23eb264b75 av_one_full  avia-builder-el-43  el_after_av_two_fifth  el_before_av_hr  first flex_column_div av-zero-column-padding  '     ><section  class='av_textblock_section av-jkuul0eg-18-e116ca168fe1221366ed5cc24eda6c3e '  ><div class='avia_textblock' ><p><a href=\"https:\/\/blog.backwinkel.de\/wp-content\/uploads\/2019\/08\/backwinkel-blog-klassensprecher-arbeitsblaetter_3.jpg\"><img decoding=\"async\" class=\"alignnone wp-image-3632\" title=\"BACKWINKEL-Klassensprecher-Arbeitsblatt-3\" src=\"https:\/\/blog.backwinkel.de\/wp-content\/uploads\/2019\/08\/backwinkel-blog-klassensprecher-arbeitsblaetter_3.jpg\" alt=\"\" width=\"354\" height=\"501\" srcset=\"https:\/\/www.backwinkel.de\/blog\/wp-content\/uploads\/2019\/08\/backwinkel-blog-klassensprecher-arbeitsblaetter_3.jpg 1240w, https:\/\/www.backwinkel.de\/blog\/wp-content\/uploads\/2019\/08\/backwinkel-blog-klassensprecher-arbeitsblaetter_3-212x300.jpg 212w, https:\/\/www.backwinkel.de\/blog\/wp-content\/uploads\/2019\/08\/backwinkel-blog-klassensprecher-arbeitsblaetter_3-768x1086.jpg 768w, https:\/\/www.backwinkel.de\/blog\/wp-content\/uploads\/2019\/08\/backwinkel-blog-klassensprecher-arbeitsblaetter_3-728x1030.jpg 728w, https:\/\/www.backwinkel.de\/blog\/wp-content\/uploads\/2019\/08\/backwinkel-blog-klassensprecher-arbeitsblaetter_3-1060x1500.jpg 1060w, https:\/\/www.backwinkel.de\/blog\/wp-content\/uploads\/2019\/08\/backwinkel-blog-klassensprecher-arbeitsblaetter_3-498x705.jpg 498w, https:\/\/www.backwinkel.de\/blog\/wp-content\/uploads\/2019\/08\/backwinkel-blog-klassensprecher-arbeitsblaetter_3-450x637.jpg 450w\" sizes=\"(max-width: 354px) 100vw, 354px\" \/><\/a><\/p>\n<div  class='avia-button-wrap av-63j03d-8a99fa89822b4e947f2a28755b9bd5a6-wrap avia-button-left  avia-builder-el-45  avia-builder-el-no-sibling '><a href='https:\/\/www.backwinkel.de\/downloads\/backwinkel-blog-klassensprecher-arbeitsblaetter_3.pdf'  class='avia-button av-63j03d-8a99fa89822b4e947f2a28755b9bd5a6 av-link-btn avia-icon_select-no avia-size-large avia-position-left avia-color-theme-color'  target=\"_blank\"  rel=\"noopener noreferrer\"  aria-label=\"Arbeitsblatt 3 \u2013 Download\"><span class='avia_iconbox_title' >Arbeitsblatt 3 \u2013 Download<\/span><\/a><\/div>\n<\/div><\/section><\/div>\n\n<style type=\"text\/css\" data-created_by=\"avia_inline_auto\" id=\"style-css-av-jkuvdh82-17-57c58fdb4900688283217a8cff3294ea\">\n#top .hr.hr-invisible.av-jkuvdh82-17-57c58fdb4900688283217a8cff3294ea{\nheight:50px;\n}\n<\/style>\n<div  class='hr av-jkuvdh82-17-57c58fdb4900688283217a8cff3294ea hr-invisible  avia-builder-el-46  el_after_av_one_full  el_before_av_two_fifth '><span class='hr-inner '><span class=\"hr-inner-style\"><\/span><\/span><\/div>\n\n<style type=\"text\/css\" data-created_by=\"avia_inline_auto\" id=\"style-css-av-jlnt0i5o-16-884e16535509138df1df57b8f8c36f5d\">\n.flex_column.av-jlnt0i5o-16-884e16535509138df1df57b8f8c36f5d{\nborder-radius:0px 0px 0px 0px;\npadding:10px 10px 10px 10px;\nbackground-color:#f2d1e4;\n}\n<\/style>\n<div  class='flex_column av-jlnt0i5o-16-884e16535509138df1df57b8f8c36f5d av_two_fifth  avia-builder-el-47  el_after_av_hr  el_before_av_one_full  first flex_column_div  '     ><style type=\"text\/css\" data-created_by=\"avia_inline_auto\" id=\"style-css-av-jkuvcso3-15-6a9b5b7784759e15acd3688e8edc0766\">\n#top .av_textblock_section.av-jkuvcso3-15-6a9b5b7784759e15acd3688e8edc0766 .avia_textblock{\nfont-size:22px;\n}\n<\/style>\n<section  class='av_textblock_section av-jkuvcso3-15-6a9b5b7784759e15acd3688e8edc0766 '  ><div class='avia_textblock' ><p>L\u00f6sungsblatt<\/p>\n<\/div><\/section><\/div>\n\n<style type=\"text\/css\" data-created_by=\"avia_inline_auto\" id=\"style-css-av-hh5al-14-9ab62d48bef4dad42629995e86fc9a6b\">\n.flex_column.av-hh5al-14-9ab62d48bef4dad42629995e86fc9a6b{\nborder-radius:0px 0px 0px 0px;\npadding:0px 0px 0px 0px;\n}\n<\/style>\n<div  class='flex_column av-hh5al-14-9ab62d48bef4dad42629995e86fc9a6b av_one_full  avia-builder-el-49  el_after_av_two_fifth  el_before_av_one_full  first flex_column_div av-zero-column-padding  '     ><section  class='av_textblock_section av-jkuul0eg-13-4915022db47a446b5713cd3bfed144e0 '  ><div class='avia_textblock' ><p><a href=\"https:\/\/blog.backwinkel.de\/wp-content\/uploads\/2019\/08\/backwinkel-blog-klassensprecher-arbeitsblaetter-loesungsblatt.jpg\"><img decoding=\"async\" class=\"alignnone wp-image-3633\" title=\"BACKWINKEL-Klassensprecher-L\u00f6sungsblatt\" src=\"https:\/\/blog.backwinkel.de\/wp-content\/uploads\/2019\/08\/backwinkel-blog-klassensprecher-arbeitsblaetter-loesungsblatt.jpg\" alt=\"\" width=\"354\" height=\"501\" srcset=\"https:\/\/www.backwinkel.de\/blog\/wp-content\/uploads\/2019\/08\/backwinkel-blog-klassensprecher-arbeitsblaetter-loesungsblatt.jpg 1240w, https:\/\/www.backwinkel.de\/blog\/wp-content\/uploads\/2019\/08\/backwinkel-blog-klassensprecher-arbeitsblaetter-loesungsblatt-212x300.jpg 212w, https:\/\/www.backwinkel.de\/blog\/wp-content\/uploads\/2019\/08\/backwinkel-blog-klassensprecher-arbeitsblaetter-loesungsblatt-768x1086.jpg 768w, https:\/\/www.backwinkel.de\/blog\/wp-content\/uploads\/2019\/08\/backwinkel-blog-klassensprecher-arbeitsblaetter-loesungsblatt-728x1030.jpg 728w, https:\/\/www.backwinkel.de\/blog\/wp-content\/uploads\/2019\/08\/backwinkel-blog-klassensprecher-arbeitsblaetter-loesungsblatt-1060x1500.jpg 1060w, https:\/\/www.backwinkel.de\/blog\/wp-content\/uploads\/2019\/08\/backwinkel-blog-klassensprecher-arbeitsblaetter-loesungsblatt-498x705.jpg 498w, https:\/\/www.backwinkel.de\/blog\/wp-content\/uploads\/2019\/08\/backwinkel-blog-klassensprecher-arbeitsblaetter-loesungsblatt-450x637.jpg 450w\" sizes=\"(max-width: 354px) 100vw, 354px\" \/><\/a><\/p>\n<div  class='avia-button-wrap av-4n8xgp-03094cfb85ca3b237a5a31ea9d2cc151-wrap avia-button-left  avia-builder-el-51  avia-builder-el-no-sibling '><a href='https:\/\/www.backwinkel.de\/downloads\/backwinkel-blog-klassensprecher-arbeitsblaetter-loesungsblatt.pdf'  class='avia-button av-4n8xgp-03094cfb85ca3b237a5a31ea9d2cc151 av-link-btn avia-icon_select-no avia-size-large avia-position-left avia-color-theme-color'  target=\"_blank\"  rel=\"noopener noreferrer\"  aria-label=\"L\u00f6sungsblatt \u2013 Download\"><span class='avia_iconbox_title' >L\u00f6sungsblatt \u2013 Download<\/span><\/a><\/div>\n<\/div><\/section><\/div>\n\n<style type=\"text\/css\" data-created_by=\"avia_inline_auto\" id=\"style-css-av-hh5al-9-2962b116a3b737ca41d9b8838d532d10\">\n.flex_column.av-hh5al-9-2962b116a3b737ca41d9b8838d532d10{\nborder-radius:0px 0px 0px 0px;\npadding:0px 0px 0px 0px;\n}\n<\/style>\n<div  class='flex_column av-hh5al-9-2962b116a3b737ca41d9b8838d532d10 av_one_full  avia-builder-el-52  el_after_av_one_full  el_before_av_one_full  first flex_column_div av-zero-column-padding  column-top-margin'     ><section  class='av_textblock_section av-jkuul0eg-8-2f4ac3010d73682f68b70eb6b9e47434 '  ><div class='avia_textblock' >\n<style type=\"text\/css\" data-created_by=\"avia_inline_auto\" id=\"style-css-av-7c7r8-34-5edbad3ff0c9aaec230d1b7052571981\">\n#top .hr.hr-invisible.av-7c7r8-34-5edbad3ff0c9aaec230d1b7052571981{\nheight:20px;\n}\n<\/style>\n<div  class='hr av-7c7r8-34-5edbad3ff0c9aaec230d1b7052571981 hr-invisible  avia-builder-el-54  avia-builder-el-no-sibling '><span class='hr-inner '><span class=\"hr-inner-style\"><\/span><\/span><\/div>\n<h2 id=\"3\" class=\"position\">So l\u00e4uft die demokratische Wahl im Klassenzimmer ab<\/h2>\n<p>Als Erstes werden die Wahlvorschl\u00e4ge gesammelt. Die vorgeschlagenen Kandidaten sollten gefragt werden, ob sie sich vorstellen k\u00f6nnen, dieses Amt zu \u00fcbernehmen, damit nicht jemand gew\u00e4hlt wird, der nach der Wahl ablehnt.<\/p>\n<ol>\n<li>Die Kandidaten k\u00f6nnen kurz erkl\u00e4ren, warum sie sich f\u00fcr dieses Amt besonders geeignet finden. Ihre Namen werden an die Tafel geschrieben, damit jeder Sch\u00fcler wei\u00df, wem er seine Stimme geben kann.<\/li>\n<li>Jedes Kind bekommt einen Wahlzettel und notiert darauf den Namen des Kandidaten, der seiner Meinung nach Klassensprecher werden soll. Wer nicht w\u00e4hlen m\u00f6chte, kann sich nat\u00fcrlich enthalten. Der Zettel wird so gefaltet, dass niemand beim Einsammeln den Namen erkennt.<\/li>\n<li>Die eingesammelten Zettel werden nacheinander ge\u00f6ffnet und vorgelesen. An der Tafel wird hinter dem Namen des jeweiligen Kandidaten ein Strich gesetzt. Wer zum Schluss die meisten Stimmen erhalten hat, ist zum Klassensprecher gew\u00e4hlt.<\/li>\n<li>Wenn es zu Stimmengleichheit kommt, entscheidet eine Stichwahl. Stellvertretender Klassensprecher ist nicht automatisch der Zweitplatzierte, sondern er wird in einem getrennten Verfahren gew\u00e4hlt. Nach der Wahl m\u00fcssen die Gew\u00e4hlten zustimmen.<\/li>\n<\/ol>\n<p>Klassensprecher und Stellvertreter sind in der Regel f\u00fcr ein Schuljahr im Amt. Sie k\u00f6nnen nur dann abgew\u00e4hlt werden, wenn zwei Drittel der Klassenmitglieder einen neuen Klassensprecher w\u00e4hlen m\u00f6chten.<\/p>\n<h3>Beteiligung im Sch\u00fclerrat der Grundschule<\/h3>\n<p>Demokratie in der Schule wird nicht allein durch die Klassensprecherwahl umgesetzt, sondern erst durch die <strong>Vernetzungen der Sch\u00fclermitverantwortung<\/strong> auf weiteren Ebenen gefestigt. Dazu z\u00e4hlt der <strong>Sch\u00fclerrat<\/strong>, in dem sich die Klassensprecher der Schule mit einem Lehrer treffen, um gemeinsam wichtige Themen zu besprechen. Die Mitglieder des Sch\u00fclerrats w\u00e4hlen auch die Sch\u00fclersprecher.<\/p>\n<p>Der Sch\u00fclerrat kommt ungef\u00e4hr alle zwei Monate zusammen. Die Themen werden von den Klassensprechern eingebracht oder aus Lehrerkonferenzen, an denen teils auch die Sch\u00fclersprecher teilnehmen. Die Klassensprecher bringen die <strong>Beschl\u00fcsse des Sch\u00fclerrates<\/strong> zur\u00fcck in die einzelnen Klassen. Auf diese Weise wird die demokratische Partizipation der Sch\u00fcler konstruktiv umgesetzt.<\/p>\n<\/div><\/section><\/div>\n<style type=\"text\/css\" data-created_by=\"avia_inline_auto\" id=\"style-css-av-jlnt0i5o-11-56067ff76155a5e3e37178f1c342cb13\">\n.flex_column.av-jlnt0i5o-11-56067ff76155a5e3e37178f1c342cb13{\nborder-radius:0px 0px 0px 0px;\npadding:10px 10px 10px 10px;\nbackground-color:#e0f1b4;\n}\n<\/style>\n<div  class='flex_column av-jlnt0i5o-11-56067ff76155a5e3e37178f1c342cb13 av_one_full  avia-builder-el-55  el_after_av_one_full  el_before_av_one_full  first flex_column_div av-animated-generic fade-in  column-top-margin'     ><style type=\"text\/css\" data-created_by=\"avia_inline_auto\" id=\"style-css-av-jkuvcso3-10-5376a90717f6502f8facc94a1af2b162\">\n#top .av_textblock_section.av-jkuvcso3-10-5376a90717f6502f8facc94a1af2b162 .avia_textblock{\nfont-size:18px;\n}\n<\/style>\n<section  class='av_textblock_section av-jkuvcso3-10-5376a90717f6502f8facc94a1af2b162 '  ><div class='avia_textblock' ><p><strong>Tipp:<\/strong> Auf dem deutschen Bildungsserver finden Sie umfassende Dossiers rund um Partizipation und Demokratieerziehung in Bildungsinstitutionen.<br \/>\n<a href=\"https:\/\/www.bildungsserver.de\/schule\/unterrichtsmaterialien-zu-demokratie-12654-de.html\">https:\/\/www.bildungsserver.de\/schule\/unterrichtsmaterialien-zu-demokratie-12654-de.html<\/a><\/p>\n<\/div><\/section><\/div>\n<style type=\"text\/css\" data-created_by=\"avia_inline_auto\" id=\"style-css-av-2v5uhn-020e4117f71e46fc62c685221cd472f4\">\n.flex_column.av-2v5uhn-020e4117f71e46fc62c685221cd472f4{\nborder-radius:0px 0px 0px 0px;\npadding:0px 0px 0px 0px;\n}\n<\/style>\n<div  class='flex_column av-2v5uhn-020e4117f71e46fc62c685221cd472f4 av_one_full  avia-builder-el-57  el_after_av_one_full  el_before_av_one_third  first flex_column_div av-zero-column-padding  column-top-margin'     ><section  class='av_textblock_section av-jxcz48fa-e7ea4121fd10eaf4138072747e05618a '  ><div class='avia_textblock' >\n<style type=\"text\/css\" data-created_by=\"avia_inline_auto\" id=\"style-css-av-7c7r8-7-7b8aac9a31b315475b2e9800d0d8021d\">\n#top .hr.hr-invisible.av-7c7r8-7-7b8aac9a31b315475b2e9800d0d8021d{\nheight:20px;\n}\n<\/style>\n<div  class='hr av-7c7r8-7-7b8aac9a31b315475b2e9800d0d8021d hr-invisible  avia-builder-el-59  avia-builder-el-no-sibling '><span class='hr-inner '><span class=\"hr-inner-style\"><\/span><\/span><\/div>\n<h2>Empfehlungen:<\/h2>\n<\/div><\/section><\/div><\/p>\n\n<style type=\"text\/css\" data-created_by=\"avia_inline_auto\" id=\"style-css-av-1u8i1w-260776e2dfc7f8b0b1953d397f0ab037\">\n.flex_column.av-1u8i1w-260776e2dfc7f8b0b1953d397f0ab037{\nborder-radius:0px 0px 0px 0px;\npadding:0px 0px 0px 0px;\n}\n<\/style>\n<div  class='flex_column av-1u8i1w-260776e2dfc7f8b0b1953d397f0ab037 av_one_third  avia-builder-el-60  el_after_av_one_full  el_before_av_one_third  first flex_column_div av-zero-column-padding  column-top-margin'     ><style type=\"text\/css\" data-created_by=\"avia_inline_auto\" id=\"style-css-av-jkuua5r2-41-d86895adcc775311c8c126652e913ca4\">\n#top .av_textblock_section.av-jkuua5r2-41-d86895adcc775311c8c126652e913ca4 .avia_textblock{\nfont-size:14px;\n}\n<\/style>\n<section  class='av_textblock_section av-jkuua5r2-41-d86895adcc775311c8c126652e913ca4 '  ><div class='avia_textblock' ><p><strong>Top-Kategorien:<\/strong><br \/>\n<strong><a href=\"https:\/\/www.backwinkel.de\/cat\/schulmoebel-ausstattung\/\" target=\"_blank\" rel=\"noopener\">Schulm\u00f6bel<\/a><\/strong><br \/>\n<strong><a href=\"https:\/\/www.backwinkel.de\/cat\/lehrmittel-lernmittel\/\" target=\"_blank\" rel=\"noopener\">Lehrmittel<\/a><\/strong><br \/>\n<strong><a href=\"https:\/\/www.backwinkel.de\/cat\/lehrerbedarf-lehrermaterial\/\" target=\"_blank\" rel=\"noopener\">Lehrerbedarf<\/a><\/strong><\/p>\n<\/div><\/section><\/div>\n\n<style type=\"text\/css\" data-created_by=\"avia_inline_auto\" id=\"style-css-av-1u8i1w-5-14fd8f9870d54372d05cc9862d315e99\">\n.flex_column.av-1u8i1w-5-14fd8f9870d54372d05cc9862d315e99{\nborder-radius:0px 0px 0px 0px;\npadding:0px 0px 0px 0px;\n}\n<\/style>\n<div  class='flex_column av-1u8i1w-5-14fd8f9870d54372d05cc9862d315e99 av_one_third  avia-builder-el-62  el_after_av_one_third  el_before_av_one_third  flex_column_div av-zero-column-padding  column-top-margin'     ><style type=\"text\/css\" data-created_by=\"avia_inline_auto\" id=\"style-css-av-jkuua5r2-4-98112086b52e90f2dc5a7ed5b468ed3a\">\n#top .av_textblock_section.av-jkuua5r2-4-98112086b52e90f2dc5a7ed5b468ed3a .avia_textblock{\nfont-size:14px;\n}\n<\/style>\n<section  class='av_textblock_section av-jkuua5r2-4-98112086b52e90f2dc5a7ed5b468ed3a '  ><div class='avia_textblock' ><p><strong>Besonders beliebt:<\/strong><br \/>\n<strong><a href=\"https:\/\/www.backwinkel.de\/cat\/tafelkreide-schulkreide\/\" target=\"_blank\" rel=\"noopener\">Tafelkreide<\/a><\/strong><br \/>\n<strong><a href=\"https:\/\/www.backwinkel.de\/cat\/schultafeln\/\" target=\"_blank\" rel=\"noopener\">Schultafel<\/a><\/strong><br \/>\n<strong><a href=\"https:\/\/www.backwinkel.de\/cat\/pausenkisten-spieleboxen\/\" target=\"_blank\" rel=\"noopener\">Pausenkiste (Grundschule)<\/a><\/strong><\/p>\n<\/div><\/section><\/div>\n\n<style type=\"text\/css\" data-created_by=\"avia_inline_auto\" id=\"style-css-av-1u8i1w-3-cbd91d24084bec37deee0664312a8c8f\">\n.flex_column.av-1u8i1w-3-cbd91d24084bec37deee0664312a8c8f{\nborder-radius:0px 0px 0px 0px;\npadding:0px 0px 0px 0px;\n}\n<\/style>\n<div  class='flex_column av-1u8i1w-3-cbd91d24084bec37deee0664312a8c8f av_one_third  avia-builder-el-64  el_after_av_one_third  el_before_av_hr  flex_column_div av-zero-column-padding  column-top-margin'     ><style type=\"text\/css\" data-created_by=\"avia_inline_auto\" id=\"style-css-av-jkuua5r2-2-1686b55bb5709435484933e2214e9acd\">\n#top .av_textblock_section.av-jkuua5r2-2-1686b55bb5709435484933e2214e9acd .avia_textblock{\nfont-size:14px;\n}\n<\/style>\n<section  class='av_textblock_section av-jkuua5r2-2-1686b55bb5709435484933e2214e9acd '  ><div class='avia_textblock' ><p><strong>Stark nachgefragt:<\/strong><br \/>\n<strong><a href=\"https:\/\/www.backwinkel.de\/cat\/beamer-schule\/\" target=\"_blank\" rel=\"noopener\">Beamer (Schule)<\/a><\/strong><br \/>\n<strong><a href=\"https:\/\/www.backwinkel.de\/cat\/dokumentenkamera-schule\/\" target=\"_blank\" rel=\"noopener\">Dokumentenkamera<\/a><\/strong><br \/>\n<strong><a href=\"https:\/\/www.backwinkel.de\/cat\/schule-lernen-lehren-programmieren\/\" target=\"_blank\" rel=\"noopener\">Programmierung &amp; Robotik<\/a><\/strong><\/p>\n<\/div><\/section><\/div>\n\n<style type=\"text\/css\" data-created_by=\"avia_inline_auto\" id=\"style-css-av-jkuvdh82-12-d7ce77e356fcc9847c031aadf4b79516\">\n#top .hr.hr-invisible.av-jkuvdh82-12-d7ce77e356fcc9847c031aadf4b79516{\nheight:50px;\n}\n<\/style>\n<div  class='hr av-jkuvdh82-12-d7ce77e356fcc9847c031aadf4b79516 hr-invisible  avia-builder-el-66  el_after_av_one_third  el_before_av_one_full '><span class='hr-inner '><span class=\"hr-inner-style\"><\/span><\/span><\/div>\n\n<style type=\"text\/css\" data-created_by=\"avia_inline_auto\" id=\"style-css-av-jley1l06-be8863a15e87d33f314fbd4b76b14014\">\n.flex_column.av-jley1l06-be8863a15e87d33f314fbd4b76b14014{\nborder-radius:0px 0px 0px 0px;\npadding:10px 10px 10px 10px;\nbackground-color:#f2f2f2;\n}\n<\/style>\n<div  class='flex_column av-jley1l06-be8863a15e87d33f314fbd4b76b14014 av_one_full  avia-builder-el-67  el_after_av_hr  el_before_av_one_full  first flex_column_div  '     ><section  class='av_textblock_section av-jkuvcso3-6-1a4300ad1fe994c9577caba9ae031c51 '  ><div class='avia_textblock' ><p><strong>Zum Weiterinformieren: <\/strong><\/p>\n<p>Tanja Betz, Wolfgang Gaiser, Liane Pluto (Hrsg.): Partizipation von Kindern und Jugendlichen. Forschungsergebnisse, Bewertungen, Handlungsm\u00f6glichkeiten. Schwalbach (Wochenschau) 2011.<\/p>\n<p>Nina Hensel, Simone Hensel: Eine gute Klassengemeinschaft entwickeln. Der Praxis-Leitfaden mit Ideen und Arbeitsmaterialien f\u00fcr die Grundschule. Hamburg (Persen) 2017.<\/p>\n<p>Silvia Segm\u00fcller-Schwaiger: Demokratiewerkstatt f\u00fcr die Grundschule: F\u00e4cher\u00fcbergreifende Praxismaterialien zur Demokratieerziehung und zur F\u00f6rderung von Mitbestimmung. Augsburg (Auer) 2018.<\/p>\n<p>Ingrid Schumacher: Klassensprecher, Klassenrat und Sch\u00fclerparlament. Praxisanleitungen zur Demokratieerziehung in der Grundschule. M\u00fclheim (Verlag an der Ruhr) 2015.<\/p>\n<\/div><\/section><\/div>\n<style type=\"text\/css\" data-created_by=\"avia_inline_auto\" id=\"style-css-av-1p82t-b0e9719fe6c67aa5c6d1abf813961e55\">\n.flex_column.av-1p82t-b0e9719fe6c67aa5c6d1abf813961e55{\nborder-radius:0px 0px 0px 0px;\npadding:0px 0px 0px 0px;\n}\n<\/style>\n<div  class='flex_column av-1p82t-b0e9719fe6c67aa5c6d1abf813961e55 av_one_full  avia-builder-el-69  el_after_av_one_full  avia-builder-el-last  first flex_column_div av-zero-column-padding  column-top-margin'     ><p><section  class='av_textblock_section av-jlp4hxqo-91baaad30cd61f89630d15f8561d1750 '  ><div class='avia_textblock' ><div class=\"shariff shariff-align-left shariff-widget-align-left\"><ul class=\"shariff-buttons theme-color orientation-horizontal buttonsize-medium\"><li class=\"shariff-button whatsapp shariff-nocustomcolor\" style=\"background-color:#5cbe4a\"><a href=\"https:\/\/api.whatsapp.com\/send?text=https%3A%2F%2Fwww.backwinkel.de%2Fblog%2Fklassensprecher%2F%20Klassensprecher%3A\" title=\"Bei Whatsapp teilen\" aria-label=\"Bei Whatsapp teilen\" role=\"button\" rel=\"noopener nofollow\" class=\"shariff-link\" style=\"; background-color:#34af23; color:#fff\" target=\"_blank\"><span class=\"shariff-icon\" style=\"\"><svg width=\"32px\" height=\"20px\" xmlns=\"http:\/\/www.w3.org\/2000\/svg\" viewBox=\"0 0 32 32\"><path fill=\"#34af23\" d=\"M17.6 17.4q0.2 0 1.7 0.8t1.6 0.9q0 0.1 0 0.3 0 0.6-0.3 1.4-0.3 0.7-1.3 1.2t-1.8 0.5q-1 0-3.4-1.1-1.7-0.8-3-2.1t-2.6-3.3q-1.3-1.9-1.3-3.5v-0.1q0.1-1.6 1.3-2.8 0.4-0.4 0.9-0.4 0.1 0 0.3 0t0.3 0q0.3 0 0.5 0.1t0.3 0.5q0.1 0.4 0.6 1.6t0.4 1.3q0 0.4-0.6 1t-0.6 0.8q0 0.1 0.1 0.3 0.6 1.3 1.8 2.4 1 0.9 2.7 1.8 0.2 0.1 0.4 0.1 0.3 0 1-0.9t0.9-0.9zM14 26.9q2.3 0 4.3-0.9t3.6-2.4 2.4-3.6 0.9-4.3-0.9-4.3-2.4-3.6-3.6-2.4-4.3-0.9-4.3 0.9-3.6 2.4-2.4 3.6-0.9 4.3q0 3.6 2.1 6.6l-1.4 4.2 4.3-1.4q2.8 1.9 6.2 1.9zM14 2.2q2.7 0 5.2 1.1t4.3 2.9 2.9 4.3 1.1 5.2-1.1 5.2-2.9 4.3-4.3 2.9-5.2 1.1q-3.5 0-6.5-1.7l-7.4 2.4 2.4-7.2q-1.9-3.2-1.9-6.9 0-2.7 1.1-5.2t2.9-4.3 4.3-2.9 5.2-1.1z\"\/><\/svg><\/span><span class=\"shariff-text\">teilen<\/span>&nbsp;<\/a><\/li><li class=\"shariff-button facebook shariff-nocustomcolor\" style=\"background-color:#4273c8\"><a href=\"https:\/\/www.facebook.com\/sharer\/sharer.php?u=https%3A%2F%2Fwww.backwinkel.de%2Fblog%2Fklassensprecher%2F\" title=\"Bei Facebook teilen\" aria-label=\"Bei Facebook teilen\" role=\"button\" rel=\"nofollow\" class=\"shariff-link\" style=\"; background-color:#3b5998; color:#fff\" target=\"_blank\"><span class=\"shariff-icon\" style=\"\"><svg width=\"32px\" height=\"20px\" xmlns=\"http:\/\/www.w3.org\/2000\/svg\" viewBox=\"0 0 18 32\"><path fill=\"#3b5998\" d=\"M17.1 0.2v4.7h-2.8q-1.5 0-2.1 0.6t-0.5 1.9v3.4h5.2l-0.7 5.3h-4.5v13.6h-5.5v-13.6h-4.5v-5.3h4.5v-3.9q0-3.3 1.9-5.2t5-1.8q2.6 0 4.1 0.2z\"\/><\/svg><\/span><span class=\"shariff-text\">teilen<\/span>&nbsp;<\/a><\/li><li class=\"shariff-button twitter shariff-nocustomcolor\" style=\"background-color:#595959\"><a href=\"https:\/\/twitter.com\/share?url=https%3A%2F%2Fwww.backwinkel.de%2Fblog%2Fklassensprecher%2F&text=Klassensprecher%3A\" title=\"Bei X teilen\" aria-label=\"Bei X teilen\" role=\"button\" rel=\"noopener nofollow\" class=\"shariff-link\" style=\"; background-color:#000; color:#fff\" target=\"_blank\"><span class=\"shariff-icon\" style=\"\"><svg width=\"32px\" height=\"20px\" xmlns=\"http:\/\/www.w3.org\/2000\/svg\" viewBox=\"0 0 24 24\"><path fill=\"#000\" d=\"M14.258 10.152L23.176 0h-2.113l-7.747 8.813L7.133 0H0l9.352 13.328L0 23.973h2.113l8.176-9.309 6.531 9.309h7.133zm-2.895 3.293l-.949-1.328L2.875 1.56h3.246l6.086 8.523.945 1.328 7.91 11.078h-3.246zm0 0\"\/><\/svg><\/span><span class=\"shariff-text\">teilen<\/span>&nbsp;<\/a><\/li><li class=\"shariff-button pinterest shariff-nocustomcolor\" style=\"background-color:#e70f18\"><a href=\"https:\/\/www.pinterest.com\/pin\/create\/link\/?url=https%3A%2F%2Fwww.backwinkel.de%2Fblog%2Fklassensprecher%2F&media=https%3A%2F%2Fwww.backwinkel.de%2Fblog%2Fwp-content%2Fuploads%2F2019%2F08%2Fbackwinkel-blog-klassensprecher-heroimage.jpg&description=Klassensprecher%3A\" title=\"Bei Pinterest pinnen\" aria-label=\"Bei Pinterest pinnen\" role=\"button\" rel=\"noopener nofollow\" class=\"shariff-link\" style=\"; background-color:#cb2027; color:#fff\" target=\"_blank\"><span class=\"shariff-icon\" style=\"\"><svg width=\"32px\" height=\"20px\" xmlns=\"http:\/\/www.w3.org\/2000\/svg\" viewBox=\"0 0 27 32\"><path fill=\"#cb2027\" d=\"M27.4 16q0 3.7-1.8 6.9t-5 5-6.9 1.9q-2 0-3.9-0.6 1.1-1.7 1.4-2.9 0.2-0.6 1-3.8 0.4 0.7 1.3 1.2t2 0.5q2.1 0 3.8-1.2t2.7-3.4 0.9-4.8q0-2-1.1-3.8t-3.1-2.9-4.5-1.2q-1.9 0-3.5 0.5t-2.8 1.4-2 2-1.2 2.3-0.4 2.4q0 1.9 0.7 3.3t2.1 2q0.5 0.2 0.7-0.4 0-0.1 0.1-0.5t0.2-0.5q0.1-0.4-0.2-0.8-0.9-1.1-0.9-2.7 0-2.7 1.9-4.6t4.9-2q2.7 0 4.2 1.5t1.5 3.8q0 3-1.2 5.2t-3.1 2.1q-1.1 0-1.7-0.8t-0.4-1.9q0.1-0.6 0.5-1.7t0.5-1.8 0.2-1.4q0-0.9-0.5-1.5t-1.4-0.6q-1.1 0-1.9 1t-0.8 2.6q0 1.3 0.4 2.2l-1.8 7.5q-0.3 1.2-0.2 3.2-3.7-1.6-6-5t-2.3-7.6q0-3.7 1.9-6.9t5-5 6.9-1.9 6.9 1.9 5 5 1.8 6.9z\"\/><\/svg><\/span><span class=\"shariff-text\">merken<\/span>&nbsp;<\/a><\/li><li class=\"shariff-button mailto shariff-nocustomcolor\" style=\"background-color:#a8a8a8\"><a href=\"mailto:?body=https%3A%2F%2Fwww.backwinkel.de%2Fblog%2Fklassensprecher%2F&subject=Klassensprecher%3A\" title=\"Per E-Mail versenden\" aria-label=\"Per E-Mail versenden\" role=\"button\" rel=\"noopener nofollow\" class=\"shariff-link\" style=\"; background-color:#999; color:#fff\"><span class=\"shariff-icon\" style=\"\"><svg width=\"32px\" height=\"20px\" xmlns=\"http:\/\/www.w3.org\/2000\/svg\" viewBox=\"0 0 32 32\"><path fill=\"#999\" d=\"M32 12.7v14.2q0 1.2-0.8 2t-2 0.9h-26.3q-1.2 0-2-0.9t-0.8-2v-14.2q0.8 0.9 1.8 1.6 6.5 4.4 8.9 6.1 1 0.8 1.6 1.2t1.7 0.9 2 0.4h0.1q0.9 0 2-0.4t1.7-0.9 1.6-1.2q3-2.2 8.9-6.1 1-0.7 1.8-1.6zM32 7.4q0 1.4-0.9 2.7t-2.2 2.2q-6.7 4.7-8.4 5.8-0.2 0.1-0.7 0.5t-1 0.7-0.9 0.6-1.1 0.5-0.9 0.2h-0.1q-0.4 0-0.9-0.2t-1.1-0.5-0.9-0.6-1-0.7-0.7-0.5q-1.6-1.1-4.7-3.2t-3.6-2.6q-1.1-0.7-2.1-2t-1-2.5q0-1.4 0.7-2.3t2.1-0.9h26.3q1.2 0 2 0.8t0.9 2z\"\/><\/svg><\/span><span class=\"shariff-text\">E-Mail<\/span>&nbsp;<\/a><\/li><\/ul><\/div>\n<\/div><\/section><br \/>\n<div  class='tabcontainer av-jlq8shhr-b676e11701d9718d755b04dc68ac4c10 top_tab  avia-builder-el-71  el_after_av_textblock  el_before_av_hr '>\n<section class='av_tab_section av_tab_section av-4w8jsn-17d4c89754803ac141d68451b8b1d1a6' ><div id='tab-id-1-tab' class='tab active_tab' role='tab' aria-selected=\"true\" tabindex=\"0\" data-fake-id='#tab-id-1' aria-controls='tab-id-1-content' >Das BACKWINKEL-Blog-Team:<\/div><div id='tab-id-1-content' class='tab_content active_tab_content' role='tabpanel' aria-labelledby='tab-id-1-tab' aria-hidden=\"false\"><div class='tab_inner_content invers-color' ><p><img decoding=\"async\" class=\"wp-image-1768 alignleft\" title=\"BACKWINKEL-Blog \u2013 Das Team\" src=\"https:\/\/blog.backwinkel.de\/wp-content\/uploads\/2018\/10\/backwinkel-blog-autorenbox-intern_preview-300x198.jpg\" alt=\"\" width=\"300\" height=\"198\" \/>Gibts auch ein Gesicht hinter dem BACKWINKEL-Blog? Ja. Vier ?. Drei davon sogar mit Foto.<\/p>\n<p><span style=\"font-style: inherit !important; font-weight: inherit !important;\">Wir \u2013 Lukas, Tatjana, Stefan und Christine \u2013 bespielen unseren Blog unter dem Motto LACHEN LESEN LERNEN. <\/span><\/p>\n<p><span style=\"font-style: inherit !important; font-weight: inherit !important;\">Lukas kennt sich online so gut aus wie in seiner Westentasche und findet immer spannende Themen, w\u00e4hrend Stefan unseren Beitr\u00e4gen den passenden gestalterischen Rahmen gibt und Tatjana mit dem gr\u00fcnen Korrekturstift alles pr\u00fcfend be\u00e4ugt, was unsere Autorin Christine (und gern auch Gastautoren) f\u00fcr den BACKWINKEL-Blog nach ordentlicher Recherche schreibt.<\/span><\/p>\n<p>Gemeinsam suchen wir st\u00e4ndig nach neuen, aufregenden Themen rund um das Thema Bildung im Kiga, der Schule und zu Hause. Und weil Sie da an der Quelle sitzen, freuen wir uns auf Ihre konstruktiven R\u00fcckmeldungen und Anregungen an <a href=\"mailto:blog@backwinkel.de\">blog@backwinkel.de<\/a><\/p>\n<p>Viel Spa\u00df beim LACHEN LESEN LERNEN!<\/p>\n<\/div><\/div><\/section>\n<\/div><br \/>\n\n<style type=\"text\/css\" data-created_by=\"avia_inline_auto\" id=\"style-css-av-jkuvdh82-1-38174a178115d53a20dded2140bc52ff\">\n#top .hr.av-jkuvdh82-1-38174a178115d53a20dded2140bc52ff{\nmargin-top:10px;\nmargin-bottom:10px;\n}\n.hr.av-jkuvdh82-1-38174a178115d53a20dded2140bc52ff .hr-inner{\nwidth:500;\n}\n<\/style>\n<div  class='hr av-jkuvdh82-1-38174a178115d53a20dded2140bc52ff hr-custom  avia-builder-el-72  el_after_av_tab_container  el_before_av_heading  hr-left hr-icon-no'><span class='hr-inner inner-border-av-border-thin'><span class=\"hr-inner-style\"><\/span><\/span><\/div><br \/>\n\n<style type=\"text\/css\" data-created_by=\"avia_inline_auto\" id=\"style-css-av-3ahzba-f0453796b433b01cb5cdc6ee8ef4fbbb\">\n#top .av-special-heading.av-3ahzba-f0453796b433b01cb5cdc6ee8ef4fbbb{\npadding-bottom:10px;\n}\nbody .av-special-heading.av-3ahzba-f0453796b433b01cb5cdc6ee8ef4fbbb .av-special-heading-tag .heading-char{\nfont-size:25px;\n}\n.av-special-heading.av-3ahzba-f0453796b433b01cb5cdc6ee8ef4fbbb .av-subheading{\nfont-size:15px;\n}\n<\/style>\n<div  class='av-special-heading av-3ahzba-f0453796b433b01cb5cdc6ee8ef4fbbb av-special-heading-h3 blockquote modern-quote  avia-builder-el-73  el_after_av_hr  el_before_av_blog '><h3 class='av-special-heading-tag '  >PASSENDE BEITR\u00c4GE<\/h3><div class=\"special-heading-border\"><div class=\"special-heading-inner-border\"><\/div><\/div><\/div><br \/>\n<div  data-slideshow-options=\"{&quot;animation&quot;:&quot;fade&quot;,&quot;autoplay&quot;:false,&quot;loop_autoplay&quot;:&quot;once&quot;,&quot;interval&quot;:5,&quot;loop_manual&quot;:&quot;manual-endless&quot;,&quot;autoplay_stopper&quot;:false,&quot;noNavigation&quot;:false,&quot;show_slide_delay&quot;:90}\" class='avia-content-slider avia-content-grid-active avia-content-slider1 avia-content-slider-odd  avia-builder-el-74  el_after_av_heading  avia-builder-el-last  av-slideshow-ui av-control-default   av-no-slider-navigation av-slideshow-manual av-loop-once av-loop-manual-endless ' ><div class=\"avia-content-slider-inner\"><div class=\"slide-entry-wrap\"><article class='slide-entry flex_column  post-entry post-entry-18633 slide-entry-overview slide-loop-1 slide-parity-odd  av_one_third first real-thumbnail posttype-post post-format-standard' ><a href='https:\/\/www.backwinkel.de\/blog\/plastik-recyceln\/' data-rel='slide-1' class='slide-image' title='Plastik recyceln'><img decoding=\"async\" fetchpriority=\"high\" width=\"1200\" height=\"628\" src=\"https:\/\/www.backwinkel.de\/blog\/wp-content\/uploads\/2026\/04\/04_Kiga_Plastik_nachhaltig_nutzen.jpg\" class=\"wp-image-18713 avia-img-lazy-loading-not-18713 attachment-no scaling size-no scaling wp-post-image\" alt=\"\" \/><\/a><div class=\"slide-content\"><header class=\"entry-content-header\" aria-label=\"Slide: Plastik recyceln\"><h3 class='slide-entry-title entry-title ' ><a href='https:\/\/www.backwinkel.de\/blog\/plastik-recyceln\/' title='Plastik recyceln'>Plastik recyceln<\/a><\/h3><span class=\"blog-categories minor-meta\"><a href=\"https:\/\/www.backwinkel.de\/blog\/category\/kindergarten-kita\/\" rel=\"tag\">Kindergarten<\/a> <\/span><span class=\"av-vertical-delimiter\"><\/span><\/header><div class='slide-entry-excerpt entry-content' >Biokunststoff f\u00fcr St\u00fchle, Materialboxen, Spielzeug und Rucks\u00e4cke<\/div><\/div><footer class=\"entry-footer\"><div class=\"slide-meta\"><time class='slide-meta-time updated' >14. April 2026<\/time><\/div><\/footer><\/article><article class='slide-entry flex_column  post-entry post-entry-18716 slide-entry-overview slide-loop-2 slide-parity-even  av_one_third  real-thumbnail posttype-post post-format-standard' ><a href='https:\/\/www.backwinkel.de\/blog\/rechnen-im-anfangsunterricht\/' data-rel='slide-1' class='slide-image' title='Rechnen im Anfangsunterricht'><img decoding=\"async\" fetchpriority=\"high\" width=\"1200\" height=\"628\" src=\"https:\/\/www.backwinkel.de\/blog\/wp-content\/uploads\/2026\/04\/04_Schule_Rechnen_anfangsunterricht.jpg\" class=\"wp-image-18748 avia-img-lazy-loading-not-18748 attachment-no scaling size-no scaling wp-post-image\" alt=\"\" \/><\/a><div class=\"slide-content\"><header class=\"entry-content-header\" aria-label=\"Slide: Rechnen im Anfangsunterricht\"><h3 class='slide-entry-title entry-title ' ><a href='https:\/\/www.backwinkel.de\/blog\/rechnen-im-anfangsunterricht\/' title='Rechnen im Anfangsunterricht'>Rechnen im Anfangsunterricht<\/a><\/h3><span class=\"blog-categories minor-meta\"><a href=\"https:\/\/www.backwinkel.de\/blog\/category\/schule-grundschule\/\" rel=\"tag\">Schule<\/a> <\/span><span class=\"av-vertical-delimiter\"><\/span><\/header><div class='slide-entry-excerpt entry-content' >Das Klassenzimmer als Lernlandschaft<\/div><\/div><footer class=\"entry-footer\"><div class=\"slide-meta\"><time class='slide-meta-time updated' >14. April 2026<\/time><\/div><\/footer><\/article><article class='slide-entry flex_column  post-entry post-entry-18372 slide-entry-overview slide-loop-3 slide-parity-odd  post-entry-last  av_one_third  real-thumbnail posttype-post post-format-standard' ><a href='https:\/\/www.backwinkel.de\/blog\/kranke-kinder-im-kindergarten\/' data-rel='slide-1' class='slide-image' title='Kranke Kinder im Kindergarten'><img decoding=\"async\" fetchpriority=\"high\" width=\"1200\" height=\"628\" src=\"https:\/\/www.backwinkel.de\/blog\/wp-content\/uploads\/2026\/03\/03_Kiga_Kranke_Kinder.jpg\" class=\"wp-image-18451 avia-img-lazy-loading-not-18451 attachment-no scaling size-no scaling wp-post-image\" alt=\"Thema: Kranke Kinder. Auf dem Bild ist ein krankes kleines M\u00e4dchen zu sehen. Eine Frau mit einem Fieberthermometer in der Hand sitzt neben ihr und hat die Hand auf der Stirn des M\u00e4dchens.\" \/><\/a><div class=\"slide-content\"><header class=\"entry-content-header\" aria-label=\"Slide: Kranke Kinder im Kindergarten\"><h3 class='slide-entry-title entry-title ' ><a href='https:\/\/www.backwinkel.de\/blog\/kranke-kinder-im-kindergarten\/' title='Kranke Kinder im Kindergarten'>Kranke Kinder im Kindergarten<\/a><\/h3><span class=\"blog-categories minor-meta\"><a href=\"https:\/\/www.backwinkel.de\/blog\/category\/kindergarten-kita\/\" rel=\"tag\">Kindergarten<\/a> <\/span><span class=\"av-vertical-delimiter\"><\/span><\/header><div class='slide-entry-excerpt entry-content' >Auswirkungen f\u00fcr Kinder, Eltern und Fachkr\u00e4fte<\/div><\/div><footer class=\"entry-footer\"><div class=\"slide-meta\"><time class='slide-meta-time updated' >9. M\u00e4rz 2026<\/time><\/div><\/footer><\/article><\/div><\/div><\/div><\/p><\/div><\/p>\n","protected":false},"excerpt":{"rendered":"<p>Darum ist die Demokratiebildung schon in der Grundschule 1. Wahl <\/p>\n","protected":false},"author":3,"featured_media":3607,"comment_status":"closed","ping_status":"closed","sticky":false,"template":"","format":"standard","meta":{"inline_featured_image":false,"footnotes":""},"categories":[6],"tags":[],"class_list":["post-3606","post","type-post","status-publish","format-standard","has-post-thumbnail","hentry","category-schule-grundschule"],"yoast_head":"<!-- This site is optimized with the Yoast SEO plugin v27.4 - https:\/\/yoast.com\/product\/yoast-seo-wordpress\/ -->\n<title>Klassensprecher in der Grundschule \u00bb Alles Wissenswerte, inkl. Arbeitsbl\u00e4tter | BACKWINKEL Blog<\/title>\n<meta name=\"description\" content=\"Lesen Sie jetzt alles Wissenswerte zur Klassensprecherwahl im Unterricht \u2713 Inkl. kostenlose Arbeitsbl\u00e4tter zum Ausdrucken \u2713\" \/>\n<meta name=\"robots\" content=\"index, follow, max-snippet:-1, max-image-preview:large, max-video-preview:-1\" \/>\n<link rel=\"canonical\" href=\"https:\/\/www.backwinkel.de\/blog\/klassensprecher\/\" \/>\n<meta property=\"og:locale\" content=\"de_DE\" \/>\n<meta property=\"og:type\" content=\"article\" \/>\n<meta property=\"og:title\" content=\"Klassensprecher in der Grundschule \u00bb Alles Wissenswerte, inkl. Arbeitsbl\u00e4tter | BACKWINKEL Blog\" \/>\n<meta property=\"og:description\" content=\"Lesen Sie jetzt alles Wissenswerte zur Klassensprecherwahl im Unterricht \u2713 Inkl. kostenlose Arbeitsbl\u00e4tter zum Ausdrucken \u2713\" \/>\n<meta property=\"og:url\" content=\"https:\/\/blog.backwinkel.de\/klassensprecher\/\" \/>\n<meta property=\"og:site_name\" content=\"BACKWINKEL Blog\" \/>\n<meta property=\"article:published_time\" content=\"2019-08-30T09:23:02+00:00\" \/>\n<meta property=\"article:modified_time\" content=\"2026-03-04T18:05:55+00:00\" \/>\n<meta property=\"og:image\" content=\"https:\/\/blog.backwinkel.de\/wp-content\/uploads\/2019\/08\/backwinkel-blog-klassensprecher-heroimage.jpg\" \/>\n\t<meta property=\"og:image:width\" content=\"1200\" \/>\n\t<meta property=\"og:image:height\" content=\"628\" \/>\n\t<meta property=\"og:image:type\" content=\"image\/jpeg\" \/>\n<meta name=\"author\" content=\"BACKWINKEL\" \/>\n<meta name=\"twitter:card\" content=\"summary_large_image\" \/>\n<meta name=\"twitter:label1\" content=\"Verfasst von\" \/>\n\t<meta name=\"twitter:data1\" content=\"BACKWINKEL\" \/>\n\t<meta name=\"twitter:label2\" content=\"Gesch\u00e4tzte Lesezeit\" \/>\n\t<meta name=\"twitter:data2\" content=\"11\u00a0Minuten\" \/>\n<script type=\"application\/ld+json\" class=\"yoast-schema-graph\">{\"@context\":\"https:\\\/\\\/schema.org\",\"@graph\":[{\"@type\":\"Article\",\"@id\":\"https:\\\/\\\/blog.backwinkel.de\\\/klassensprecher\\\/#article\",\"isPartOf\":{\"@id\":\"https:\\\/\\\/blog.backwinkel.de\\\/klassensprecher\\\/\"},\"author\":{\"name\":\"BACKWINKEL\",\"@id\":\"https:\\\/\\\/www.backwinkel.de\\\/blog\\\/#\\\/schema\\\/person\\\/3d64575316540d25f7866264a4b7cd24\"},\"headline\":\"Klassensprecher:\",\"datePublished\":\"2019-08-30T09:23:02+00:00\",\"dateModified\":\"2026-03-04T18:05:55+00:00\",\"mainEntityOfPage\":{\"@id\":\"https:\\\/\\\/blog.backwinkel.de\\\/klassensprecher\\\/\"},\"wordCount\":5722,\"image\":{\"@id\":\"https:\\\/\\\/blog.backwinkel.de\\\/klassensprecher\\\/#primaryimage\"},\"thumbnailUrl\":\"https:\\\/\\\/www.backwinkel.de\\\/blog\\\/wp-content\\\/uploads\\\/2019\\\/08\\\/backwinkel-blog-klassensprecher-heroimage.jpg\",\"articleSection\":[\"Schule\"],\"inLanguage\":\"de\"},{\"@type\":\"WebPage\",\"@id\":\"https:\\\/\\\/blog.backwinkel.de\\\/klassensprecher\\\/\",\"url\":\"https:\\\/\\\/blog.backwinkel.de\\\/klassensprecher\\\/\",\"name\":\"Klassensprecher in der Grundschule \u00bb Alles Wissenswerte, inkl. Arbeitsbl\u00e4tter | BACKWINKEL Blog\",\"isPartOf\":{\"@id\":\"https:\\\/\\\/www.backwinkel.de\\\/blog\\\/#website\"},\"primaryImageOfPage\":{\"@id\":\"https:\\\/\\\/blog.backwinkel.de\\\/klassensprecher\\\/#primaryimage\"},\"image\":{\"@id\":\"https:\\\/\\\/blog.backwinkel.de\\\/klassensprecher\\\/#primaryimage\"},\"thumbnailUrl\":\"https:\\\/\\\/www.backwinkel.de\\\/blog\\\/wp-content\\\/uploads\\\/2019\\\/08\\\/backwinkel-blog-klassensprecher-heroimage.jpg\",\"datePublished\":\"2019-08-30T09:23:02+00:00\",\"dateModified\":\"2026-03-04T18:05:55+00:00\",\"author\":{\"@id\":\"https:\\\/\\\/www.backwinkel.de\\\/blog\\\/#\\\/schema\\\/person\\\/3d64575316540d25f7866264a4b7cd24\"},\"description\":\"Lesen Sie jetzt alles Wissenswerte zur Klassensprecherwahl im Unterricht \u2713 Inkl. kostenlose Arbeitsbl\u00e4tter zum Ausdrucken \u2713\",\"breadcrumb\":{\"@id\":\"https:\\\/\\\/blog.backwinkel.de\\\/klassensprecher\\\/#breadcrumb\"},\"inLanguage\":\"de\",\"potentialAction\":[{\"@type\":\"ReadAction\",\"target\":[\"https:\\\/\\\/blog.backwinkel.de\\\/klassensprecher\\\/\"]}]},{\"@type\":\"ImageObject\",\"inLanguage\":\"de\",\"@id\":\"https:\\\/\\\/blog.backwinkel.de\\\/klassensprecher\\\/#primaryimage\",\"url\":\"https:\\\/\\\/www.backwinkel.de\\\/blog\\\/wp-content\\\/uploads\\\/2019\\\/08\\\/backwinkel-blog-klassensprecher-heroimage.jpg\",\"contentUrl\":\"https:\\\/\\\/www.backwinkel.de\\\/blog\\\/wp-content\\\/uploads\\\/2019\\\/08\\\/backwinkel-blog-klassensprecher-heroimage.jpg\",\"width\":1200,\"height\":628,\"caption\":\"BACKWINKEL-Blog \u2013 Beitrag zum Thema Klassensprecher\"},{\"@type\":\"BreadcrumbList\",\"@id\":\"https:\\\/\\\/blog.backwinkel.de\\\/klassensprecher\\\/#breadcrumb\",\"itemListElement\":[{\"@type\":\"ListItem\",\"position\":1,\"name\":\"Startseite\",\"item\":\"https:\\\/\\\/blog.backwinkel.de\\\/aktuelles\\\/\"},{\"@type\":\"ListItem\",\"position\":2,\"name\":\"Klassensprecher:\"}]},{\"@type\":\"WebSite\",\"@id\":\"https:\\\/\\\/www.backwinkel.de\\\/blog\\\/#website\",\"url\":\"https:\\\/\\\/www.backwinkel.de\\\/blog\\\/\",\"name\":\"BACKWINKEL Blog\",\"description\":\"f\u00fcr Lehrer, Erzieher und Eltern\",\"potentialAction\":[{\"@type\":\"SearchAction\",\"target\":{\"@type\":\"EntryPoint\",\"urlTemplate\":\"https:\\\/\\\/www.backwinkel.de\\\/blog\\\/?s={search_term_string}\"},\"query-input\":{\"@type\":\"PropertyValueSpecification\",\"valueRequired\":true,\"valueName\":\"search_term_string\"}}],\"inLanguage\":\"de\"},{\"@type\":\"Person\",\"@id\":\"https:\\\/\\\/www.backwinkel.de\\\/blog\\\/#\\\/schema\\\/person\\\/3d64575316540d25f7866264a4b7cd24\",\"name\":\"BACKWINKEL\",\"sameAs\":[\"http:\\\/\\\/www.backwinkel.de\"],\"url\":\"https:\\\/\\\/www.backwinkel.de\\\/blog\\\/author\\\/backwinkel\\\/\"}]}<\/script>\n<!-- \/ Yoast SEO plugin. -->","yoast_head_json":{"title":"Klassensprecher in der Grundschule \u00bb Alles Wissenswerte, inkl. Arbeitsbl\u00e4tter | BACKWINKEL Blog","description":"Lesen Sie jetzt alles Wissenswerte zur Klassensprecherwahl im Unterricht \u2713 Inkl. kostenlose Arbeitsbl\u00e4tter zum Ausdrucken \u2713","robots":{"index":"index","follow":"follow","max-snippet":"max-snippet:-1","max-image-preview":"max-image-preview:large","max-video-preview":"max-video-preview:-1"},"canonical":"https:\/\/www.backwinkel.de\/blog\/klassensprecher\/","og_locale":"de_DE","og_type":"article","og_title":"Klassensprecher in der Grundschule \u00bb Alles Wissenswerte, inkl. Arbeitsbl\u00e4tter | BACKWINKEL Blog","og_description":"Lesen Sie jetzt alles Wissenswerte zur Klassensprecherwahl im Unterricht \u2713 Inkl. kostenlose Arbeitsbl\u00e4tter zum Ausdrucken \u2713","og_url":"https:\/\/blog.backwinkel.de\/klassensprecher\/","og_site_name":"BACKWINKEL Blog","article_published_time":"2019-08-30T09:23:02+00:00","article_modified_time":"2026-03-04T18:05:55+00:00","og_image":[{"width":1200,"height":628,"url":"https:\/\/blog.backwinkel.de\/wp-content\/uploads\/2019\/08\/backwinkel-blog-klassensprecher-heroimage.jpg","type":"image\/jpeg"}],"author":"BACKWINKEL","twitter_card":"summary_large_image","twitter_misc":{"Verfasst von":"BACKWINKEL","Gesch\u00e4tzte Lesezeit":"11\u00a0Minuten"},"schema":{"@context":"https:\/\/schema.org","@graph":[{"@type":"Article","@id":"https:\/\/blog.backwinkel.de\/klassensprecher\/#article","isPartOf":{"@id":"https:\/\/blog.backwinkel.de\/klassensprecher\/"},"author":{"name":"BACKWINKEL","@id":"https:\/\/www.backwinkel.de\/blog\/#\/schema\/person\/3d64575316540d25f7866264a4b7cd24"},"headline":"Klassensprecher:","datePublished":"2019-08-30T09:23:02+00:00","dateModified":"2026-03-04T18:05:55+00:00","mainEntityOfPage":{"@id":"https:\/\/blog.backwinkel.de\/klassensprecher\/"},"wordCount":5722,"image":{"@id":"https:\/\/blog.backwinkel.de\/klassensprecher\/#primaryimage"},"thumbnailUrl":"https:\/\/www.backwinkel.de\/blog\/wp-content\/uploads\/2019\/08\/backwinkel-blog-klassensprecher-heroimage.jpg","articleSection":["Schule"],"inLanguage":"de"},{"@type":"WebPage","@id":"https:\/\/blog.backwinkel.de\/klassensprecher\/","url":"https:\/\/blog.backwinkel.de\/klassensprecher\/","name":"Klassensprecher in der Grundschule \u00bb Alles Wissenswerte, inkl. Arbeitsbl\u00e4tter | BACKWINKEL Blog","isPartOf":{"@id":"https:\/\/www.backwinkel.de\/blog\/#website"},"primaryImageOfPage":{"@id":"https:\/\/blog.backwinkel.de\/klassensprecher\/#primaryimage"},"image":{"@id":"https:\/\/blog.backwinkel.de\/klassensprecher\/#primaryimage"},"thumbnailUrl":"https:\/\/www.backwinkel.de\/blog\/wp-content\/uploads\/2019\/08\/backwinkel-blog-klassensprecher-heroimage.jpg","datePublished":"2019-08-30T09:23:02+00:00","dateModified":"2026-03-04T18:05:55+00:00","author":{"@id":"https:\/\/www.backwinkel.de\/blog\/#\/schema\/person\/3d64575316540d25f7866264a4b7cd24"},"description":"Lesen Sie jetzt alles Wissenswerte zur Klassensprecherwahl im Unterricht \u2713 Inkl. kostenlose Arbeitsbl\u00e4tter zum Ausdrucken \u2713","breadcrumb":{"@id":"https:\/\/blog.backwinkel.de\/klassensprecher\/#breadcrumb"},"inLanguage":"de","potentialAction":[{"@type":"ReadAction","target":["https:\/\/blog.backwinkel.de\/klassensprecher\/"]}]},{"@type":"ImageObject","inLanguage":"de","@id":"https:\/\/blog.backwinkel.de\/klassensprecher\/#primaryimage","url":"https:\/\/www.backwinkel.de\/blog\/wp-content\/uploads\/2019\/08\/backwinkel-blog-klassensprecher-heroimage.jpg","contentUrl":"https:\/\/www.backwinkel.de\/blog\/wp-content\/uploads\/2019\/08\/backwinkel-blog-klassensprecher-heroimage.jpg","width":1200,"height":628,"caption":"BACKWINKEL-Blog \u2013 Beitrag zum Thema Klassensprecher"},{"@type":"BreadcrumbList","@id":"https:\/\/blog.backwinkel.de\/klassensprecher\/#breadcrumb","itemListElement":[{"@type":"ListItem","position":1,"name":"Startseite","item":"https:\/\/blog.backwinkel.de\/aktuelles\/"},{"@type":"ListItem","position":2,"name":"Klassensprecher:"}]},{"@type":"WebSite","@id":"https:\/\/www.backwinkel.de\/blog\/#website","url":"https:\/\/www.backwinkel.de\/blog\/","name":"BACKWINKEL Blog","description":"f\u00fcr Lehrer, Erzieher und Eltern","potentialAction":[{"@type":"SearchAction","target":{"@type":"EntryPoint","urlTemplate":"https:\/\/www.backwinkel.de\/blog\/?s={search_term_string}"},"query-input":{"@type":"PropertyValueSpecification","valueRequired":true,"valueName":"search_term_string"}}],"inLanguage":"de"},{"@type":"Person","@id":"https:\/\/www.backwinkel.de\/blog\/#\/schema\/person\/3d64575316540d25f7866264a4b7cd24","name":"BACKWINKEL","sameAs":["http:\/\/www.backwinkel.de"],"url":"https:\/\/www.backwinkel.de\/blog\/author\/backwinkel\/"}]}},"_links":{"self":[{"href":"https:\/\/www.backwinkel.de\/blog\/wp-json\/wp\/v2\/posts\/3606","targetHints":{"allow":["GET"]}}],"collection":[{"href":"https:\/\/www.backwinkel.de\/blog\/wp-json\/wp\/v2\/posts"}],"about":[{"href":"https:\/\/www.backwinkel.de\/blog\/wp-json\/wp\/v2\/types\/post"}],"author":[{"embeddable":true,"href":"https:\/\/www.backwinkel.de\/blog\/wp-json\/wp\/v2\/users\/3"}],"replies":[{"embeddable":true,"href":"https:\/\/www.backwinkel.de\/blog\/wp-json\/wp\/v2\/comments?post=3606"}],"version-history":[{"count":3,"href":"https:\/\/www.backwinkel.de\/blog\/wp-json\/wp\/v2\/posts\/3606\/revisions"}],"predecessor-version":[{"id":18529,"href":"https:\/\/www.backwinkel.de\/blog\/wp-json\/wp\/v2\/posts\/3606\/revisions\/18529"}],"wp:featuredmedia":[{"embeddable":true,"href":"https:\/\/www.backwinkel.de\/blog\/wp-json\/wp\/v2\/media\/3607"}],"wp:attachment":[{"href":"https:\/\/www.backwinkel.de\/blog\/wp-json\/wp\/v2\/media?parent=3606"}],"wp:term":[{"taxonomy":"category","embeddable":true,"href":"https:\/\/www.backwinkel.de\/blog\/wp-json\/wp\/v2\/categories?post=3606"},{"taxonomy":"post_tag","embeddable":true,"href":"https:\/\/www.backwinkel.de\/blog\/wp-json\/wp\/v2\/tags?post=3606"}],"curies":[{"name":"wp","href":"https:\/\/api.w.org\/{rel}","templated":true}]}}