{"id":3224,"date":"2019-07-01T09:11:13","date_gmt":"2019-07-01T07:11:13","guid":{"rendered":"https:\/\/blog.backwinkel.de\/?p=3224"},"modified":"2026-04-22T09:36:43","modified_gmt":"2026-04-22T07:36:43","slug":"portfolio-kindergarten","status":"publish","type":"post","link":"https:\/\/www.backwinkel.de\/blog\/portfolio-kindergarten\/","title":{"rendered":"Selbstbewusste Entwicklung im Portfolio:"},"content":{"rendered":"\n<style type=\"text\/css\" data-created_by=\"avia_inline_auto\" id=\"style-css-av-8vdv8-f7e0dae999cc49bc529a70f67b346526\">\n.flex_column.av-8vdv8-f7e0dae999cc49bc529a70f67b346526{\nborder-radius:0px 0px 0px 0px;\npadding:0px 0px 0px 0px;\n}\n<\/style>\n<div  class='flex_column av-8vdv8-f7e0dae999cc49bc529a70f67b346526 av_one_full  avia-builder-el-0  el_before_av_three_fifth  avia-builder-el-first  first flex_column_div av-zero-column-padding  '     ><p>\n<style type=\"text\/css\" data-created_by=\"avia_inline_auto\" id=\"style-css-av-jl6mo8rj-605eccf9df0dce9c3ffb6a57636da99d\">\n#top .hr.hr-invisible.av-jl6mo8rj-605eccf9df0dce9c3ffb6a57636da99d{\nmargin-top:0px;\nheight:1px;\n}\n<\/style>\n<div  class='hr av-jl6mo8rj-605eccf9df0dce9c3ffb6a57636da99d hr-invisible  avia-builder-el-1  el_before_av_heading  avia-builder-el-first '><span class='hr-inner '><span class=\"hr-inner-style\"><\/span><\/span><\/div><br \/>\n\n<style type=\"text\/css\" data-created_by=\"avia_inline_auto\" id=\"style-css-av-jwg3exib-1ebddf8dcb37483a592da9921b23b05f\">\n#top .av-special-heading.av-jwg3exib-1ebddf8dcb37483a592da9921b23b05f{\npadding-bottom:10px;\n}\nbody .av-special-heading.av-jwg3exib-1ebddf8dcb37483a592da9921b23b05f .av-special-heading-tag .heading-char{\nfont-size:25px;\n}\n.av-special-heading.av-jwg3exib-1ebddf8dcb37483a592da9921b23b05f .av-subheading{\nfont-size:15px;\n}\n<\/style>\n<div  class='av-special-heading av-jwg3exib-1ebddf8dcb37483a592da9921b23b05f av-special-heading-h1 blockquote modern-quote  avia-builder-el-2  el_after_av_hr  el_before_av_post_metadata '><h1 class='av-special-heading-tag '  >Selbstbewusste Entwicklung im Portfolio: So setzen Sie die Portfolioarbeit in Kindergarten und Krippe konkret um<\/h1><div class='av-subheading av-subheading_below'><p class=\"autorenname\">Christine Hagemann<\/p>\n<\/div><div class=\"special-heading-border\"><div class=\"special-heading-inner-border\"><\/div><\/div><\/div><br \/>\n\n<style type=\"text\/css\" data-created_by=\"avia_inline_auto\" id=\"style-css-av-5bhxi0-69ca73ef2f9b1f72127f4c15d7fd654a\">\n#top .av-post-metadata-container.av-5bhxi0-69ca73ef2f9b1f72127f4c15d7fd654a{\nfont-size:12px;\n}\n#top .av-post-metadata-container.av-5bhxi0-69ca73ef2f9b1f72127f4c15d7fd654a .av-post-metadata-container-inner{\nfont-size:12px;\n}\n<\/style>\n<div  class='av-post-metadata-container av-5bhxi0-69ca73ef2f9b1f72127f4c15d7fd654a av-metadata-container-align-left  avia-builder-el-3  el_after_av_heading  el_before_av_textblock  av-metadata-container-1'><div class='av-post-metadata-container-inner'><span class=\"av-post-metadata-content av-post-metadata-meta-content\"><span class=\"av-post-metadata-content av-post-metadata-modified\"><span class=\"av-metadata-before av-metadata-before-modified\">Aktualisiert:<\/span><span class=\"av-post-metadata-modified-date\" >22. April 2026<\/span><\/span><span class=\"av-post-metadata-content av-post-metadata-separator\">\/<\/span><span class=\"av-post-metadata-content av-post-metadata-modified\"><span class=\"av-metadata-before av-metadata-before-modified\">Zuletzt aktualisiert:<\/span><span class=\"av-post-metadata-modified-date\" >22. April 2026<\/span><\/span><\/span><\/div><\/div><br \/>\n\n<style type=\"text\/css\" data-created_by=\"avia_inline_auto\" id=\"style-css-av-jkuubohz-5a003d203f1fb0e692a1929a76d5045b\">\n#top .av_textblock_section.av-jkuubohz-5a003d203f1fb0e692a1929a76d5045b .avia_textblock{\nfont-size:20px;\n}\n<\/style>\n<section  class='av_textblock_section av-jkuubohz-5a003d203f1fb0e692a1929a76d5045b '  ><div class='avia_textblock' ><p>Zur Entwicklungsdokumentation im Kindergarten werden auch Mal- und Bastelarbeiten gesammelt. Das Kind erh\u00e4lt sie in einer Mappe zum Abschluss seiner Kindergartenzeit. Doch das Portfolio ist weit mehr als eine Sammelmappe.<\/p>\n<\/div><\/section><br \/>\n\n<style type=\"text\/css\" data-created_by=\"avia_inline_auto\" id=\"style-css-av-jkuuo5h6-fac552f7403312c6166260fe3063d6c5\">\n.avia-image-container.av-jkuuo5h6-fac552f7403312c6166260fe3063d6c5 img.avia_image{\nbox-shadow:none;\n}\n.avia-image-container.av-jkuuo5h6-fac552f7403312c6166260fe3063d6c5 .av-image-caption-overlay-center{\ncolor:#ffffff;\n}\n<\/style>\n<div  class='avia-image-container av-jkuuo5h6-fac552f7403312c6166260fe3063d6c5 av-styling- avia-align-center  avia-builder-el-5  el_after_av_textblock  el_before_av_hr '  ><div class=\"avia-image-container-inner\"><div class=\"avia-image-overlay-wrap\"><img decoding=\"async\" fetchpriority=\"high\" class='wp-image-3213 avia-img-lazy-loading-not-3213 avia_image ' src=\"https:\/\/www.backwinkel.de\/blog\/wp-content\/uploads\/2019\/05\/backwinkel-blog-portfolioarbeit-heroimage.jpg\" alt='BACKWINKEL-Blog \u2013 Beitrag zum Thema Portfolioarbeit in Kindergarten' title='Portfolio im Kindergarten: Alles Wissenswerte zur Portfolioarbeit'  height=\"628\" width=\"1200\" srcset=\"https:\/\/www.backwinkel.de\/blog\/wp-content\/uploads\/2019\/05\/backwinkel-blog-portfolioarbeit-heroimage.jpg 1200w, https:\/\/www.backwinkel.de\/blog\/wp-content\/uploads\/2019\/05\/backwinkel-blog-portfolioarbeit-heroimage-300x157.jpg 300w, https:\/\/www.backwinkel.de\/blog\/wp-content\/uploads\/2019\/05\/backwinkel-blog-portfolioarbeit-heroimage-768x402.jpg 768w, https:\/\/www.backwinkel.de\/blog\/wp-content\/uploads\/2019\/05\/backwinkel-blog-portfolioarbeit-heroimage-1030x539.jpg 1030w, https:\/\/www.backwinkel.de\/blog\/wp-content\/uploads\/2019\/05\/backwinkel-blog-portfolioarbeit-heroimage-705x369.jpg 705w, https:\/\/www.backwinkel.de\/blog\/wp-content\/uploads\/2019\/05\/backwinkel-blog-portfolioarbeit-heroimage-450x236.jpg 450w\" sizes=\"(max-width: 1200px) 100vw, 1200px\" \/><\/div><\/div><\/div><br \/>\n\n<style type=\"text\/css\" data-created_by=\"avia_inline_auto\" id=\"style-css-av-jl6mo8rj-32-5f68e56f9b957fce4d7170cd6db4130a\">\n#top .hr.hr-invisible.av-jl6mo8rj-32-5f68e56f9b957fce4d7170cd6db4130a{\nheight:5px;\n}\n<\/style>\n<div  class='hr av-jl6mo8rj-32-5f68e56f9b957fce4d7170cd6db4130a hr-invisible  avia-builder-el-6  el_after_av_image  el_before_av_textblock '><span class='hr-inner '><span class=\"hr-inner-style\"><\/span><\/span><\/div><br \/>\n\n<style type=\"text\/css\" data-created_by=\"avia_inline_auto\" id=\"style-css-av-jl7ql86y-e4dbe662e227d6e3ed63d4a5d145fa64\">\n#top .av_textblock_section.av-jl7ql86y-e4dbe662e227d6e3ed63d4a5d145fa64 .avia_textblock{\nfont-size:10px;\n}\n<\/style>\n<section  class='av_textblock_section av-jl7ql86y-e4dbe662e227d6e3ed63d4a5d145fa64 '  ><div class='avia_textblock' ><p class=\"bildnennung-beitrag\" style=\"text-align: left;\">\u00a9 cicisbeo, Adobestock.com<\/p>\n<\/div><\/section><br \/>\n\n<style type=\"text\/css\" data-created_by=\"avia_inline_auto\" id=\"style-css-av-jl6mo8rj-30-5a760ee7eab66d9157b95d690881928d\">\n#top .hr.hr-invisible.av-jl6mo8rj-30-5a760ee7eab66d9157b95d690881928d{\nheight:20px;\n}\n<\/style>\n<div  class='hr av-jl6mo8rj-30-5a760ee7eab66d9157b95d690881928d hr-invisible  avia-builder-el-8  el_after_av_textblock  el_before_av_textblock '><span class='hr-inner '><span class=\"hr-inner-style\"><\/span><\/span><\/div><br \/>\n<section  class='av_textblock_section av-jkuubohz-31-ef468bae01998771170c76b201b81ae6 '  ><div class='avia_textblock' ><p>Als Erzieher beobachten Sie die Kinder gezielt, protokollieren Ihre Beobachtungen und besprechen sie im Team. Die meisten Kitas wenden Beobachtungsbogen an, um den Entwicklungsstand des Kindes besser einsch\u00e4tzen zu k\u00f6nnen. Der Beobachtungsbogen ist auch Grundlage f\u00fcr die regelm\u00e4\u00dfigen Entwicklungsgespr\u00e4che mit den Eltern. Im Hinblick auf kindliche <strong>Selbstbildungsprozesse<\/strong> reicht diese Form der Dokumentation aber nicht aus.<\/p>\n<p>Damit das Kind selbst erkennt, welche Lern- und Entwicklungsfortschritte es im Laufe der Zeit macht, entscheiden sich immer mehr Kitas, mit <strong>dialogischen Portfolios<\/strong> zu arbeiten. Dadurch wird erreicht, dass Kinder sich aktiv und selbstbewusst mit ihren Lernfortschritten auseinandersetzen. Doch wie wird Portfolioarbeit im Kita-Alltag konkret umgesetzt? Erfahren Sie im Folgenden, was Sie f\u00fcr die Portfolioarbeit ben\u00f6tigen und wie Sie ein Portfolio erstellen.<\/p>\n<\/div><\/section><\/p><\/div>\n<style type=\"text\/css\" data-created_by=\"avia_inline_auto\" id=\"style-css-av-swqf9-6bb490ea0cbb171c9d159bb967226129\">\n.flex_column.av-swqf9-6bb490ea0cbb171c9d159bb967226129{\nborder-radius:0px 0px 0px 0px;\npadding:20px 20px 20px 20px;\nbackground-color:#f2f2f2;\n}\n<\/style>\n<div  class='flex_column av-swqf9-6bb490ea0cbb171c9d159bb967226129 av_three_fifth  avia-builder-el-10  el_after_av_one_full  el_before_av_two_fifth  first flex_column_div  column-top-margin'     ><style type=\"text\/css\" data-created_by=\"avia_inline_auto\" id=\"style-css-av-jkuua5r2-26aacafcf32943ff9bfc4af71f6ef736\">\n#top .av_textblock_section.av-jkuua5r2-26aacafcf32943ff9bfc4af71f6ef736 .avia_textblock{\nfont-size:14px;\n}\n<\/style>\n<section  class='av_textblock_section av-jkuua5r2-26aacafcf32943ff9bfc4af71f6ef736 '  ><div class='avia_textblock' ><p><strong>Inhalt<\/strong><\/p>\n<p><strong><a href=\"#1\">1. Was ist ein Portfolio?<\/a><\/strong><br \/>\n1.1 Was ist der Kerngedanke beim dialogischen Portfolio?<br \/>\n1.2 Welche Ziele verfolgt das Portfolio im Kindergarten?<\/p>\n<p><strong><a href=\"#2\">2. Wie ist ein Portfolio aufgebaut?<\/a><\/strong><br \/>\n2.1 Welche Struktur hat das Portfolio?<br \/>\n2.2 Was kommt alles ins Portfolio \u2013 und was nicht?<\/p>\n<p><strong><a href=\"#3\">3. Wie funktioniert die praktische Arbeit mit dem Portfolio in der Kita?<\/a><\/strong><br \/>\n3.1 Was sind Portfolio-Tage?<br \/>\n3.2 Wie wird das Portfolio in der Krippe eingesetzt?<\/p>\n<p><strong><a href=\"#4\">4. So integrieren Sie das Portfolio in den Kita-Alltag: Tipps und Methoden<\/a><\/strong><\/p>\n<p><strong><a href=\"#5\">5. Mit diesen 5 Tipps erleichtern Sie Ihre Portfolioarbeit<\/a><\/strong><\/p>\n<\/div><\/section><\/div><\/p>\n\n<style type=\"text\/css\" data-created_by=\"avia_inline_auto\" id=\"style-css-av-2532d-6e1ea05e25305745634c0a02c87dc827\">\n.flex_column.av-2532d-6e1ea05e25305745634c0a02c87dc827{\nborder-radius:0px 0px 0px 0px;\npadding:0 0 0 0;\n}\n<\/style>\n<div  class='flex_column av-2532d-6e1ea05e25305745634c0a02c87dc827 av_two_fifth  avia-builder-el-12  el_after_av_three_fifth  el_before_av_sidebar  flex_column_div av-zero-column-padding  column-top-margin'     ><\/div>\n<div  class='avia-builder-widget-area clearfix  avia-builder-el-13  el_after_av_two_fifth  el_before_av_one_full '><div id=\"text-33\" class=\"widget clearfix widget_text\">\t\t\t<div class=\"textwidget\"><p><a href=\"https:\/\/www.backwinkel.de\/nachhaltig-denken\/\" target=\"\\_blank\" rel=\"noopener\"><br \/>\n<img decoding=\"async\" class=\"werbung-desktop alignnone wp-image-4186 size-full\" src=\"https:\/\/www.backwinkel.de\/blog\/wp-content\/uploads\/2026\/04\/Backwinkel-blog-werbebanner-shop-kita-schule_desktop.jpg\" alt=\"\" width=\"1251\" height=\"201\" \/><br \/>\n<\/a><br \/>\n<a href=\"https:\/\/www.backwinkel.de\/nachhaltig-denken\/\" target=\"\\_blank\" rel=\"noopener\"><br \/>\n<img decoding=\"async\" class=\"werbung-mobile alignnone wp-image-4187 size-full\" src=\"https:\/\/www.backwinkel.de\/blog\/wp-content\/uploads\/2026\/04\/Backwinkel-blog-werbebanner-shop-kiga-schule_mobile.jpg\" alt=\"\" width=\"550\" height=\"500\" \/><br \/>\n<\/a><\/p>\n<\/div>\n\t\t<\/div><\/div>\n\n<style type=\"text\/css\" data-created_by=\"avia_inline_auto\" id=\"style-css-av-hh5al-9c53459d093ff912fcc98cf97e19d753\">\n.flex_column.av-hh5al-9c53459d093ff912fcc98cf97e19d753{\nborder-radius:0px 0px 0px 0px;\npadding:0px 0px 0px 0px;\n}\n<\/style>\n<div  class='flex_column av-hh5al-9c53459d093ff912fcc98cf97e19d753 av_one_full  avia-builder-el-14  el_after_av_sidebar  el_before_av_one_full  first flex_column_div av-zero-column-padding  '     ><section  class='av_textblock_section av-jkuul0eg-47aa45f9d704d9c8972e1ddf4c471077 '  ><div class='avia_textblock' >\n<style type=\"text\/css\" data-created_by=\"avia_inline_auto\" id=\"style-css-av-7c7r8-1ad3209b7b9ea9c60cc97e362d76ea5e\">\n#top .hr.hr-invisible.av-7c7r8-1ad3209b7b9ea9c60cc97e362d76ea5e{\nheight:20px;\n}\n<\/style>\n<div  class='hr av-7c7r8-1ad3209b7b9ea9c60cc97e362d76ea5e hr-invisible  avia-builder-el-16  avia-builder-el-no-sibling '><span class='hr-inner '><span class=\"hr-inner-style\"><\/span><\/span><\/div>\n<h2 id=\"1\" class=\"position\">Was ist ein Portfolio?<\/h2>\n<p>Portfolios sind individuell angelegte Mappen, in denen Werke der Kinder kontinuierlich gesammelt werden. Die Auswahl der Bilder, Bastelarbeiten und Fotos repr\u00e4sentiert sowohl das Ergebnis als auch den Entwicklungsprozess und die pers\u00f6nliche Lerndisposition des Kindes. Das Besondere der Portfolio-Methode ist, dass die Kinder sich aktiv am Dokumentationsprozess beteiligen: Jedes Kind bestimmt <strong>selbst<\/strong>, welche seiner Werke ins Portfolio geh\u00f6ren.<\/p>\n<h3>Was ist der Kerngedanke beim dialogischen Portfolio?<\/h3>\n<p>Im Portfolio dr\u00fcckt sich das Kind selbst aus. Nicht nur in Form von Malen und Basteln, sondern ebenso in der <strong>selbstbestimmten<\/strong> Auswahl der Dokumente. Durch die Beteiligung erlebt sich das Kind <strong>selbstwirksam<\/strong>. Das Portfolio bezeugt und st\u00e4rkt die \u00dcberzeugung des Kindes, Herausforderungen aus eigener Kompetenz meistern zu k\u00f6nnen.<\/p>\n<p>Durch das Portfolio setzen sich Kinder gedanklich und emotional auseinander<\/p>\n<ul>\n<li>mit ihrer Identit\u00e4t<\/li>\n<li>mit ihrem K\u00f6nnen und ihren kreativen F\u00e4higkeiten<\/li>\n<li>mit ihren Interessen und W\u00fcnschen<\/li>\n<li>mit eindr\u00fccklichen Erlebnissen<\/li>\n<li>mit besonderen Ereignissen<\/li>\n<\/ul>\n<h3>Welche Ziele hat die Arbeit mit dem Portfolio im Kindergarten?<\/h3>\n<p>Die Portfolio-Methode vertritt ein <strong>ganzheitliches Beobachtungskonzept<\/strong>, das die wertsch\u00e4tzende Beobachtung ins Zentrum stellt. Die Sammlung dient <strong>nicht<\/strong> dazu, die Leistungen der Kinder zu bewerten oder miteinander zu vergleichen. Vielmehr geht es um die individuellen Kompetenzen, Ideen und Entwicklungsfortschritte jedes einzelnen Kindes.<\/p>\n<p>Die Portfolioarbeit im Kindergarten beruht auf dem <strong>Prinzip des individuellen Lernens<\/strong>: Jedes Kind hat pers\u00f6nliche Interessen und St\u00e4rken, lernt in seinem eigenen Tempo. F\u00fcr Erzieher bietet das Portfolio die M\u00f6glichkeit, den individuellen Lernweg nachvollziehbar und anschaulich festzuhalten, wobei das Kind selbst seinen <strong>Zuwachs an Kompetenzen erkennen und reflektieren<\/strong> kann. Zugleich zeigt das Portfolio auch den Eltern, wie ihr Kind sich weiterentwickelt.<\/p>\n<\/div><\/section><\/div>\n\n<style type=\"text\/css\" data-created_by=\"avia_inline_auto\" id=\"style-css-av-hh5al-29-de7ee67d8d8562d2370974f07eba8752\">\n.flex_column.av-hh5al-29-de7ee67d8d8562d2370974f07eba8752{\nborder-radius:0px 0px 0px 0px;\npadding:0px 0px 0px 0px;\n}\n<\/style>\n<div  class='flex_column av-hh5al-29-de7ee67d8d8562d2370974f07eba8752 av_one_full  avia-builder-el-17  el_after_av_one_full  el_before_av_one_full  first flex_column_div av-zero-column-padding  column-top-margin'     ><style type=\"text\/css\" data-created_by=\"avia_inline_auto\" id=\"style-css-av-jqz83eqo-488d032161b0dfbe1d989bf7937d51da\">\n.av_promobox.av-jqz83eqo-488d032161b0dfbe1d989bf7937d51da{\ncolor:#575757;\nbackground:#ffffff;\nborder-color:#575757;\n}\n<\/style>\n<div  class='av_promobox av-jqz83eqo-488d032161b0dfbe1d989bf7937d51da avia-button-no  avia-builder-el-18  avia-builder-el-no-sibling '><div class='avia-promocontent'><p>\nWichtig ist, dass sich alle Beteiligten einig dar\u00fcber sind: Die Portfolio-Mappe ist Eigentum des Kindes, und nur das Kind selbst entscheidet, was in sein Portfolio eingeordnet wird und wer sich die Sammlung anschauen darf.<\/p>\n<\/div><\/div><\/div>\n\n<style type=\"text\/css\" data-created_by=\"avia_inline_auto\" id=\"style-css-av-hh5al-26-d1f2a01f89204934add1b891d8eaf3f3\">\n.flex_column.av-hh5al-26-d1f2a01f89204934add1b891d8eaf3f3{\nborder-radius:0px 0px 0px 0px;\npadding:0px 0px 0px 0px;\n}\n<\/style>\n<div  class='flex_column av-hh5al-26-d1f2a01f89204934add1b891d8eaf3f3 av_one_full  avia-builder-el-19  el_after_av_one_full  el_before_av_one_full  first flex_column_div av-zero-column-padding  column-top-margin'     ><section  class='av_textblock_section av-jkuul0eg-28-c83b704a7440d5cfd2de431315c17bd1 '  ><div class='avia_textblock' ><p><strong>Dokumentation ist immer auch Erinnerungsarbeit. <\/strong>Vielleicht haben Sie Ihre eigene Kindergarten-Werkemappe aufbewahrt und bl\u00e4ttern ab und zu gerne darin? F\u00fcr Ihre Kinder sind die Eindr\u00fccke noch unmittelbarer: Beim Bl\u00e4ttern im Portfolio erinnern sie sich an fr\u00fchere Erlebnisse und sind stolz darauf, was sie geleistet haben. Zugleich erkennen sie, dass sie ihre F\u00e4higkeiten in vielen Bereichen ausgebaut haben. Das verbessert ihre Selbstwahrnehmung und schafft Selbstvertrauen.<\/p>\n<\/div><\/section><\/div>\n\n<style type=\"text\/css\" data-created_by=\"avia_inline_auto\" id=\"style-css-av-hh5al-25-c3efcb7463cbe0d5e5e75cf1ca4321b1\">\n.flex_column.av-hh5al-25-c3efcb7463cbe0d5e5e75cf1ca4321b1{\nborder-radius:0px 0px 0px 0px;\npadding:0px 0px 0px 0px;\n}\n<\/style>\n<div  class='flex_column av-hh5al-25-c3efcb7463cbe0d5e5e75cf1ca4321b1 av_one_full  avia-builder-el-21  el_after_av_one_full  el_before_av_one_full  first flex_column_div av-zero-column-padding  column-top-margin'     ><section  class='av_textblock_section av-jkuul0eg-24-3e277a1f5f09d46c2386dd690d396750 '  ><div class='avia_textblock' >\n<style type=\"text\/css\" data-created_by=\"avia_inline_auto\" id=\"style-css-av-7c7r8-27-7fa87a9fcfc46a3f61304177217b26d8\">\n#top .hr.hr-invisible.av-7c7r8-27-7fa87a9fcfc46a3f61304177217b26d8{\nheight:20px;\n}\n<\/style>\n<div  class='hr av-7c7r8-27-7fa87a9fcfc46a3f61304177217b26d8 hr-invisible  avia-builder-el-23  avia-builder-el-no-sibling '><span class='hr-inner '><span class=\"hr-inner-style\"><\/span><\/span><\/div>\n<h2 id=\"2\" class=\"position\">Wie ist ein Portfolio aufgebaut?<\/h2>\n<p>In der Kita-Praxis hat es sich bew\u00e4hrt, das Portfolio als Ordner mit Klarsichth\u00fcllen anzulegen. In den H\u00fcllen finden auch Bastelarbeiten ihren Platz und die Werke der Kinder sind beim Bl\u00e4ttern immer gut gesch\u00fctzt. Jeder Ordner erh\u00e4lt ein Namensschild, am besten mit einem Foto des Kindes, und kann individuell verziert werden.<\/p>\n<h3>Welche Struktur hat das Portfolio?<\/h3>\n<p>Die Einf\u00fchrung beginnt m\u00fcndlich in der Gruppe: Die Kinder erarbeiten spielerisch die relevanten Merkmale f\u00fcr eine Personenbeschreibung. Aus diesen Merkmalen entwickeln sie einen Schreibplan. Dazu eignet sich z. B. eine Detektiv-Thematik.<\/p>\n<p>Auch wenn es f\u00fcr die Portfolioarbeit keine starren Regeln gibt, sollte die Mappe doch eine gewisse Ordnung haben, die f\u00fcr die Kinder <strong>nachvollziehbar<\/strong> ist. Die Sammlung l\u00e4sst sich zum Beispiel mit Trennbl\u00e4ttern in einzelne Kapitel unterteilen. Verschiedene Farben oder Symbole erleichtern es den Kindern, neue Bl\u00e4tter einzugliedern. Die Abfolge sollte <strong>chronologisch<\/strong> sein, damit die Kinder ihre Fortschritte erkennen k\u00f6nnen.<\/p>\n<p>Die Gliederung des Portfolios kann die unterschiedlichen Bez\u00fcge der gesammelten Dokumente zur Identit\u00e4t, zu den Kompetenzen, Interessen und Aktionen des Kindes widerspiegeln. Dies erleichtert den Kindern, den Dokumenten <strong>Bedeutungen<\/strong> zuzuweisen, die mit der eigenen Person und ihrer Vorstellung von der Welt verbunden sind.<\/p>\n<p>Die Kapitel im Portfolio k\u00f6nnen diesen Gesichtspunkten folgen:<\/p>\n<ul>\n<li>Das bin ich<\/li>\n<li>Das kann ich<\/li>\n<li>Das interessiert mich<\/li>\n<li>Damit haben wir uns besch\u00e4ftigt<\/li>\n<li>Sch\u00f6ne und besondere Ereignisse<\/li>\n<li>Meine Lieblingslieder und -reime<\/li>\n<li>Meine sch\u00f6nsten Bilder<\/li>\n<\/ul>\n<h3>Was kommt alles ins Portfolio \u2013 und was nicht?<\/h3>\n<p>Das Portfolio ist ein <strong>Dokument des Selbstbildungsprozesses<\/strong>, daher sollte es wichtige Meilensteine und m\u00f6glichst viele Facetten des individuellen Entwicklungsweges abbilden. So k\u00f6nnen auch verschiedene Formen von Dokumenten ins Portfolio aufgenommen werden.<\/p>\n<p>Diese Dokumente geh\u00f6ren in jedes Portfolio:<\/p>\n<ul>\n<li>Bilder und Zeichnungen des Kindes<\/li>\n<li>Bastelarbeiten des Kindes<\/li>\n<li>Fotos von Aktionen und Produkten<\/li>\n<li>situative Aussagen und Kommentare des Kindes<\/li>\n<\/ul>\n<p>Dazu passen auch \u201eErinnerungsst\u00fccke\u201c wie beispielsweise:<\/p>\n<ul>\n<li>Gruppenfotos<\/li>\n<li>Schnappsch\u00fcsse von Ausfl\u00fcgen<\/li>\n<li>Einladungen<\/li>\n<li>Briefe von Erwachsenen<\/li>\n<li>Zeitungsausschnitte<\/li>\n<\/ul>\n<p>In welcher Form \u2013 und ob \u00fcberhaupt \u2013 Beobachtungen der Erziehenden ins Portfolio einflie\u00dfen sollten, ist bei Fachleuten umstritten. Die Beschreibung von Kinderverhalten aus Erwachsenensicht, wie im Beobachtungsbogen protokolliert, geh\u00f6rt sicher NICHT ins Portfolio. Viele Erzieher stellen daher Lerngeschichten <strong>in Briefform<\/strong> ins Portfolio. Das Kind wird pers\u00f6nlich angesprochen in einer Sprache, die es versteht.<\/p>\n<p>Ein wertsch\u00e4tzender Brief, in dem die Erzieherin die beobachteten Lernerfahrungen in eine Botschaft f\u00fcr das Kind umwandelt, dr\u00fcckt Sympathie, Anerkennung und Ermutigung aus.<\/p>\n<p>Genau genommen geht ein solcher Text aber am Kerngedanken des Portfolios vorbei. Geeigneter sind Texte, in denen <strong>die Kinder zu Wort kommen<\/strong>. Authentische Kinderaussagen spiegeln die Entwicklung des Denkens und Empfindens oft sehr pr\u00e4gnant.<\/p>\n<\/div><\/section><\/div>\n\n<style type=\"text\/css\" data-created_by=\"avia_inline_auto\" id=\"style-css-av-hh5al-23-62ce8bd7479ac567703529b57db28a56\">\n.flex_column.av-hh5al-23-62ce8bd7479ac567703529b57db28a56{\nborder-radius:0px 0px 0px 0px;\npadding:0px 0px 0px 0px;\n}\n<\/style>\n<div  class='flex_column av-hh5al-23-62ce8bd7479ac567703529b57db28a56 av_one_full  avia-builder-el-24  el_after_av_one_full  el_before_av_one_full  first flex_column_div av-zero-column-padding  column-top-margin'     ><section  class='av_textblock_section av-jkuul0eg-22-a62e2b25ce9fc2dd7e8a706ab1f124bb '  ><div class='avia_textblock' >\n<style type=\"text\/css\" data-created_by=\"avia_inline_auto\" id=\"style-css-av-7c7r8-21-7ac418fc509e86ab4b8ea1a92d2befe1\">\n#top .hr.hr-invisible.av-7c7r8-21-7ac418fc509e86ab4b8ea1a92d2befe1{\nheight:20px;\n}\n<\/style>\n<div  class='hr av-7c7r8-21-7ac418fc509e86ab4b8ea1a92d2befe1 hr-invisible  avia-builder-el-26  avia-builder-el-no-sibling '><span class='hr-inner '><span class=\"hr-inner-style\"><\/span><\/span><\/div>\n<h2 id=\"3\" class=\"position\">Wie funktioniert die praktische Arbeit mit dem Portfolio im Kindergarten?<\/h2>\n<p>Die Dokumente im Portfolio sind immer ausgesucht, nicht wahllos gesammelt. Daher erfolgt die Portfolioarbeit nicht nebenbei, sondern an bestimmten Tagen, einmal pro Woche oder in einer regelm\u00e4\u00dfigen Portfolio-Woche. So wird allen Beteiligten deutlich: <strong>Portfolioarbeit ist Bildungsarbeit<\/strong>.<\/p>\n<h3>Was sind Portfolio-Tage?<\/h3>\n<p>An den Portfolio-Tagen sichten und sortieren die Kinder ihre zwischenzeitlich gesammelten Werke. Jedes Kind entscheidet selbst, was eingeordnet wird und was nicht. Kinder entwickeln schnell ein Gesp\u00fcr, ob ihnen etwas besonders gut gelungen ist, und m\u00f6chten von sich aus nicht alles aufbewahren, was sie gemalt und gebastelt haben.<\/p>\n<h3>Wie wird das Portfolio in der Krippe eingesetzt?<\/h3>\n<p>Das Portfolio-Konzept bietet sich auch f\u00fcr Kinder unter drei Jahren an. Nur brauchen die Kleinen im Umgang mit dem Portfolio mehr Hilfestellung. Da ihre F\u00e4higkeit zur Selbstreflexion noch nicht ausgepr\u00e4gt ist, stehen emotionale Anerkennung und pers\u00f6nliche Wertsch\u00e4tzung an oberster Stelle. So k\u00f6nnen die Kleinen ein <strong>positives Selbstbild<\/strong> aufbauen.<\/p>\n<p>In ihrer Krippenzeit machen Kinder enorme Entwicklungsschritte, vor allem im Hinblick auf ihre <strong>motorischen und sprachlichen <\/strong>F\u00e4higkeiten. In dieser Phase sind auch freundliche Briefe der Erzieher sinnvolle Dokumente. H\u00e4ufig wird das Krippenportfolio im Kindergarten weitergef\u00fchrt: Durch die Entwicklungsbriefe kann das Kind seine Erfolge nachvollziehen, auch wenn es sich kaum daran erinnert, welche Fortschritte es schon als Kleinkind gemacht hat.<\/p>\n<\/div><\/section><\/div>\n\n<style type=\"text\/css\" data-created_by=\"avia_inline_auto\" id=\"style-css-av-hh5al-20-a8a7d34941dc0cf94195a02ab63dcdf0\">\n.flex_column.av-hh5al-20-a8a7d34941dc0cf94195a02ab63dcdf0{\nborder-radius:0px 0px 0px 0px;\npadding:0px 0px 0px 0px;\n}\n<\/style>\n<div  class='flex_column av-hh5al-20-a8a7d34941dc0cf94195a02ab63dcdf0 av_one_full  avia-builder-el-27  el_after_av_one_full  el_before_av_one_full  first flex_column_div av-zero-column-padding  column-top-margin'     ><section  class='av_textblock_section av-jkuul0eg-19-0a3571f0ff8b678a8574566f1cb0941f '  ><div class='avia_textblock' >\n<style type=\"text\/css\" data-created_by=\"avia_inline_auto\" id=\"style-css-av-7c7r8-18-c33a22b3e9e86dc45c4d2f671b9583d1\">\n#top .hr.hr-invisible.av-7c7r8-18-c33a22b3e9e86dc45c4d2f671b9583d1{\nheight:20px;\n}\n<\/style>\n<div  class='hr av-7c7r8-18-c33a22b3e9e86dc45c4d2f671b9583d1 hr-invisible  avia-builder-el-29  avia-builder-el-no-sibling '><span class='hr-inner '><span class=\"hr-inner-style\"><\/span><\/span><\/div>\n<h2 id=\"4\" class=\"position\">So integrieren Sie das Portfolio in den Kita-Alltag: Tipps und Methoden<\/h2>\n<p>Gegenw\u00e4rtig hat das Portfolio im p\u00e4dagogischen Bereich einen hohen Stellenwert \u2013 sowohl im Hinblick auf die kindliche Selbstbildung als auch in der Kommunikation mit Eltern und Grundschule. Es gibt bereits Projekte, in denen sich die Kinder zur Einschulung mit ihrem Portfolio bei der Grundschule vorstellen.<\/p>\n<p>Das Portfolio ist eine vorzeigbare Dokumentation, das die individuellen Bildungs- und Lernentwicklungen anschaulich abbildet. Manche Erzieher empfinden das als Druck und die Arbeit am Portfolio als zus\u00e4tzliche Belastung im Kita-Alltag. Dabei l\u00e4sst sich in der Praxis vieles vereinfachen. Lesen Sie im Folgenden, wie Sie die Besch\u00e4ftigung mit dem Portfolio <strong>stressfrei <\/strong>umsetzen.<\/p>\n<h2 id=\"5\" class=\"position\">Mit diesen 5 Tipps erleichtern Sie Ihre Portfolioarbeit in der Kita:<\/h2>\n<ol start=\"1\">\n<li><strong>Ausgew\u00e4hlte Produkte abheften <\/strong><br \/>\nIns Portfolio kommen nur ausgew\u00e4hlte Produkte der Kinder. Das bedeutet, kreative Arbeiten werden <strong>nicht eigens f\u00fcr das Portfolio<\/strong> angefertigt. Auch gibt es <strong>keine festen Regeln<\/strong>, nach denen ein Portfolio ganz bestimmte Elemente enthalten m\u00fcsste. Versuchen Sie stattdessen, die pers\u00f6nlichen Interessen der Kinder festzuhalten. Bei einem Kind kann das ein selbst gemaltes Bild sein, beim n\u00e4chsten das Foto eines Projektes, auf das es besonders stolz ist. Im Idealfall sieht das Portfolio bei jedem Kind unterschiedlich aus.<\/li>\n<\/ol>\n<ol start=\"2\">\n<li><strong>Kinder bei der Gestaltung entscheiden lassen<\/strong><br \/>\nDie Kinder selbst sind die \u201eVerfasser\u201c ihrer Entwicklungsdokumentation. In der Praxis bringt das keine Mehrarbeit, im Gegenteil, es kann sogar viel Zeit sparen, wenn Sie <strong>die Kinder mit einbeziehen<\/strong>. Fragen Sie das Kind, ob es ein Werk in sein Portfolio aufnehmen m\u00f6chte oder nicht. Vermeiden Sie jedoch, das Kind zu bevormunden. Wenn es darum geht, zu erkennen, welche Erlebnisse und Produkte f\u00fcr ein Kind <strong>Bedeutung<\/strong> haben, ist das Kind selbst der beste Experte.<\/li>\n<\/ol>\n<ol start=\"3\">\n<li><strong>Spontane Gelegenheiten finden<\/strong><br \/>\nDa die Kinder \u00fcber den Inhalt ihrer Sammlung bestimmen, kann es nat\u00fcrlich sein, dass manche Portfolios prall gef\u00fcllt und andere sp\u00e4rlicher best\u00fcckt werden. Das ist v\u00f6llig in Ordnung und kein Grund zu handeln. Nicht jedes Kind malt gerne, vielleicht baut es lieber konzentriert, werkelt stundenlang im Sandkasten oder spielt begeistert in der Puppenecke. Um <strong>momentane Lernsituationen<\/strong> im Bild festzuhalten, hilft es, wenn eine <strong>Digitalkamera<\/strong> griffbereit ist. Dazu ben\u00f6tigen Sie keine Vorbereitung, eine Handykamera gen\u00fcgt.<\/li>\n<\/ol>\n<ol start=\"4\">\n<li><strong>Kopierf\u00e4hige Vorlagen nutzen<\/strong><br \/>\nEin Portfolio ist <strong>kein<\/strong> standardisiertes Produkt, dennoch gibt es M\u00f6glichkeiten, mit fertigen Vorlagen zu arbeiten. So k\u00f6nnen Sie beispielsweise im Kapitel \u201eDas bin ich\u201c einen vorgedruckten <strong>Steckbrief<\/strong> verwenden. Die <strong>pers\u00f6nlichen Angaben<\/strong> der Kinder dazu, welches ihr Lieblingstier ist oder womit sie sich gerade am liebsten besch\u00e4ftigen, spiegeln ihre unverwechselbare Pers\u00f6nlichkeit wider und haben eine gro\u00dfe Aussagekraft \u00fcber ihren Entwicklungsstand. Setzen Sie diesen Fragebogen in einer Gruppe jedes Jahr wieder ein. So kann auch das Kind in der R\u00fcckschau gut vergleichen, wie es sich vom Kleinkind- bis ins Vorschulalter weiterentwickelt hat.<\/li>\n<\/ol>\n<ol start=\"5\">\n<li><strong>Kindern das Wort geben<\/strong><br \/>\nDer wesentliche Gedanke des Portfolio-Konzeptes ist es, Selbstaussagen der Kinder zu dokumentieren. Dazu geh\u00f6rt auch, sprachliche Mitteilungen festzuhalten, wie es beispielsweise in der Reggio-P\u00e4dagogik zur Dokumentation von Kinderaktivit\u00e4ten \u00fcblich ist. Geben Sie den Aussagen der Kinder einen besonderen Stellenwert im Portfolio.<\/li>\n<\/ol>\n<\/div><\/section><\/div>\n\n<style type=\"text\/css\" data-created_by=\"avia_inline_auto\" id=\"style-css-av-hh5al-17-ea51103b770e526b92ecd626a7f37254\">\n.flex_column.av-hh5al-17-ea51103b770e526b92ecd626a7f37254{\nborder-radius:0px 0px 0px 0px;\npadding:0px 0px 0px 0px;\n}\n<\/style>\n<div  class='flex_column av-hh5al-17-ea51103b770e526b92ecd626a7f37254 av_one_full  avia-builder-el-30  el_after_av_one_full  el_before_av_one_full  first flex_column_div av-zero-column-padding  column-top-margin'     ><section  class='av_textblock_section av-jkuul0eg-16-71f5293a050d80b78605f2b2b765c8c4 '  ><div class='avia_textblock' ><p>So wecken Sie den \u201eAutorenstolz\u201c der Kinder:<\/p>\n<ul>\n<li>Die Kinder kommentieren ihre Bilder, indem sie einen Bildtitel erfinden oder eine kurze Erkl\u00e4rung hinzuf\u00fcgen. Dies entspricht dem kindlichen Bed\u00fcrfnis nach sozialer Anerkennung und Konstruktion von Sinn.<\/li>\n<li>Die Kinder erl\u00e4utern Fotos und stellen so einen Sinnzusammenhang her. So kann ein Kind an einem Portfolio-Tag oder in einer Portfolio-Woche einem Bild nachtr\u00e4glich pers\u00f6nliche Bedeutung verleihen. Das f\u00f6rdert die F\u00e4higkeit, mediale Eindr\u00fccke zu filtern und in eigene Sinnzusammenh\u00e4nge einzuf\u00fcgen.<\/li>\n<li>Die Kinder werden in Gespr\u00e4che einbezogen, die aufgezeichnet und verschriftlicht werden, beispielsweise als Dialoge oder Interviews, die an besondere Anl\u00e4sse ankn\u00fcpfen. Es k\u00f6nnen aber auch die Antworten von Kindern zu Fragen in kleinen Fragebogen sein.<\/li>\n<\/ul>\n<p>Das Portfolio ist ein <strong>Medium der Kommunikation<\/strong>. Es kn\u00fcpft Beziehungen zwischen dem Kind und seiner Biografie, aber auch zu seinen Eltern, zu Erziehenden und zu anderen Kindern. Das Portfolio kann \u2013 wenn das Kind einverstanden ist \u2013 das Entwicklungsgespr\u00e4ch mit den Eltern konkreter machen. Oder Sie gehen einen Schritt weiter und f\u00fchren ein <strong>Dreiecksgespr\u00e4ch<\/strong> mit Kind und Eltern. Es entstehen konstruktive Portfolio-Gespr\u00e4che, in denen das Kind zu Wort kommt.<\/p>\n<\/div><\/section><\/div>\n\n<style type=\"text\/css\" data-created_by=\"avia_inline_auto\" id=\"style-css-av-2v5uhn-020e4117f71e46fc62c685221cd472f4\">\n.flex_column.av-2v5uhn-020e4117f71e46fc62c685221cd472f4{\nborder-radius:0px 0px 0px 0px;\npadding:0px 0px 0px 0px;\n}\n<\/style>\n<div  class='flex_column av-2v5uhn-020e4117f71e46fc62c685221cd472f4 av_one_full  avia-builder-el-32  el_after_av_one_full  el_before_av_one_fourth  first flex_column_div av-zero-column-padding  column-top-margin'     ><section  class='av_textblock_section av-jxcz48fa-e7ea4121fd10eaf4138072747e05618a '  ><div class='avia_textblock' >\n<style type=\"text\/css\" data-created_by=\"avia_inline_auto\" id=\"style-css-av-7c7r8-15-7db28fb72cbc5e3c2026b370be3ebfba\">\n#top .hr.hr-invisible.av-7c7r8-15-7db28fb72cbc5e3c2026b370be3ebfba{\nheight:20px;\n}\n<\/style>\n<div  class='hr av-7c7r8-15-7db28fb72cbc5e3c2026b370be3ebfba hr-invisible  avia-builder-el-34  avia-builder-el-no-sibling '><span class='hr-inner '><span class=\"hr-inner-style\"><\/span><\/span><\/div>\n<h2>Was Sie interessieren k\u00f6nnte:<\/h2>\n<\/div><\/section><\/div>\n<div class='flex_column_table av-jxcy3x4s-0e424f4b5ba52398abbfdaf530dfadad sc-av_one_fourth av-equal-height-column-flextable'>\n<style type=\"text\/css\" data-created_by=\"avia_inline_auto\" id=\"style-css-av-jxcy3x4s-0e424f4b5ba52398abbfdaf530dfadad\">\n.flex_column.av-jxcy3x4s-0e424f4b5ba52398abbfdaf530dfadad{\nborder-width:1px;\nborder-color:#ebebeb;\nborder-style:solid;\nborder-radius:0px 0px 0px 0px;\npadding:0px 0px 0px 0px;\nbackground-color:#eff6ff;\n}\n<\/style>\n<div  class='flex_column av-jxcy3x4s-0e424f4b5ba52398abbfdaf530dfadad av_one_fourth  avia-builder-el-35  el_after_av_one_full  el_before_av_one_fourth  first no_margin flex_column_table_cell av-equal-height-column av-align-top av-zero-column-padding  column-top-margin'     ><p><section  class='av_textblock_section av-jxcz48fa-14-57795e17f613835dc40895b4f2e18105 '  ><div class='avia_textblock' ><p><a href=\"https:\/\/www.backwinkel.de\/prod\/12-dokumententaschen-12er-set-weiss-transparent.html\"><img decoding=\"async\" class=\"aligncenter wp-image-16409 size-full\" src=\"https:\/\/blog.backwinkel.de\/wp-content\/uploads\/2019\/07\/Dokumententaschen.jpg\" alt=\"\" width=\"300\" height=\"220\" \/><\/a><\/p>\n<p style=\"font-size: 20px; font-family: urw_grotesk_extra_narrowrg;\">Buch, So gelingen Portfolios<\/p>\n<div  class='avia-button-wrap av-8ssthn-eafccfcf7fee7b1d5eebdea1a84b8367-wrap avia-button-center  avia-builder-el-37  avia-builder-el-no-sibling '><a href='https:\/\/www.backwinkel.de\/prod\/12-dokumententaschen-12er-set-weiss-transparent.html'  class='avia-button av-8ssthn-eafccfcf7fee7b1d5eebdea1a84b8367 av-link-btn avia-icon_select-no avia-size-medium avia-position-center avia-color-theme-color'  target=\"_blank\"  rel=\"noopener noreferrer\"  aria-label=\"zum Produkt\"><span class='avia_iconbox_title' >zum Produkt<\/span><\/a><\/div>\n<\/div><\/section><br \/>\n\n<style type=\"text\/css\" data-created_by=\"avia_inline_auto\" id=\"style-css-av-jkuvdh82-5f294865d8dd1615da086c9fbef042e7\">\n#top .hr.hr-invisible.av-jkuvdh82-5f294865d8dd1615da086c9fbef042e7{\nheight:20px;\n}\n<\/style>\n<div  class='hr av-jkuvdh82-5f294865d8dd1615da086c9fbef042e7 hr-invisible  avia-builder-el-38  el_after_av_textblock  avia-builder-el-last '><span class='hr-inner '><span class=\"hr-inner-style\"><\/span><\/span><\/div><\/p><\/div>\n\n<style type=\"text\/css\" data-created_by=\"avia_inline_auto\" id=\"style-css-av-jxcy3x4s-13-9958bb4a0e5e95c6ad4e58bea5c7c9d3\">\n.flex_column.av-jxcy3x4s-13-9958bb4a0e5e95c6ad4e58bea5c7c9d3{\nborder-width:1px;\nborder-color:#ebebeb;\nborder-style:solid;\nborder-radius:0px 0px 0px 0px;\npadding:0px 0px 0px 0px;\nbackground-color:#eff6ff;\n}\n<\/style>\n<div  class='flex_column av-jxcy3x4s-13-9958bb4a0e5e95c6ad4e58bea5c7c9d3 av_one_fourth  avia-builder-el-39  el_after_av_one_fourth  el_before_av_one_fourth  no_margin flex_column_table_cell av-equal-height-column av-align-top av-zero-column-padding  column-top-margin'     ><p><section  class='av_textblock_section av-jxcz48fa-12-0597863208a7108e82046f0b7ad9ca76 '  ><div class='avia_textblock' ><p><a href=\"https:\/\/www.backwinkel.de\/prod\/wolkenmarmor-ordner.html\"><img decoding=\"async\" class=\"aligncenter wp-image-3436 size-full\" src=\"https:\/\/blog.backwinkel.de\/wp-content\/uploads\/2019\/06\/ordner.jpg\" alt=\"\" width=\"300\" height=\"220\" \/><\/a><\/p>\n<p style=\"font-size: 20px; font-family: urw_grotesk_extra_narrowrg; text-align: left;\">Wolkenmarmor-Ordner<\/p>\n<p style=\"text-align: left;\"><div  class='avia-button-wrap av-4fcbg70-f2aac6ac5166267acf6f0958f6198443-wrap avia-button-center  avia-builder-el-41  avia-builder-el-no-sibling '><a href='https:\/\/www.backwinkel.de\/prod\/wolkenmarmor-ordner.html'  class='avia-button av-4fcbg70-f2aac6ac5166267acf6f0958f6198443 av-link-btn avia-icon_select-no avia-size-medium avia-position-center avia-color-theme-color'  target=\"_blank\"  rel=\"noopener noreferrer\"  aria-label=\"zum Produkt\"><span class='avia_iconbox_title' >zum Produkt<\/span><\/a><\/div><\/p>\n<\/div><\/section><br \/>\n\n<style type=\"text\/css\" data-created_by=\"avia_inline_auto\" id=\"style-css-av-jkuvdh82-10-0b709a50964d7b02173eab861a70e1c6\">\n#top .hr.hr-invisible.av-jkuvdh82-10-0b709a50964d7b02173eab861a70e1c6{\nheight:20px;\n}\n<\/style>\n<div  class='hr av-jkuvdh82-10-0b709a50964d7b02173eab861a70e1c6 hr-invisible  avia-builder-el-42  el_after_av_textblock  avia-builder-el-last '><span class='hr-inner '><span class=\"hr-inner-style\"><\/span><\/span><\/div><\/p><\/div>\n\n<style type=\"text\/css\" data-created_by=\"avia_inline_auto\" id=\"style-css-av-jxcy3x4s-9-8557bc99514e3aa18144fb23d329dab6\">\n.flex_column.av-jxcy3x4s-9-8557bc99514e3aa18144fb23d329dab6{\nborder-width:1px;\nborder-color:#ebebeb;\nborder-style:solid;\nborder-radius:0px 0px 0px 0px;\npadding:0px 0px 0px 0px;\nbackground-color:#eff6ff;\n}\n<\/style>\n<div  class='flex_column av-jxcy3x4s-9-8557bc99514e3aa18144fb23d329dab6 av_one_fourth  avia-builder-el-43  el_after_av_one_fourth  el_before_av_one_fourth  no_margin flex_column_table_cell av-equal-height-column av-align-top av-zero-column-padding  column-top-margin'     ><p><section  class='av_textblock_section av-jxcz48fa-8-c1465b4f0e7f33437d6bbee2128879d3 '  ><div class='avia_textblock' ><p><a href=\"https:\/\/www.backwinkel.de\/prod\/tonzeichenpapier-din-a4-500er-set.html\"><img decoding=\"async\" class=\"aligncenter wp-image-3437 size-full\" src=\"https:\/\/blog.backwinkel.de\/wp-content\/uploads\/2019\/06\/tonpapier.jpg\" alt=\"\" width=\"300\" height=\"220\" \/><\/a><\/p>\n<p style=\"font-size: 20px; font-family: urw_grotesk_extra_narrowrg;\">Tonzeichenpapier 500er-Set<\/p>\n<div  class='avia-button-wrap av-8ssthn-7-02f342720db628a41211dc9c3b036568-wrap avia-button-center  avia-builder-el-45  avia-builder-el-no-sibling '><a href='https:\/\/www.backwinkel.de\/prod\/tonzeichenpapier-din-a4-500er-set.html'  class='avia-button av-8ssthn-7-02f342720db628a41211dc9c3b036568 av-link-btn avia-icon_select-no avia-size-medium avia-position-center avia-color-theme-color'  target=\"_blank\"  rel=\"noopener noreferrer\"  aria-label=\"zum Produkt\"><span class='avia_iconbox_title' >zum Produkt<\/span><\/a><\/div>\n<\/div><\/section><br \/>\n\n<style type=\"text\/css\" data-created_by=\"avia_inline_auto\" id=\"style-css-av-jkuvdh82-6-46ed5b4bc82928add3c78644504cee74\">\n#top .hr.hr-invisible.av-jkuvdh82-6-46ed5b4bc82928add3c78644504cee74{\nheight:20px;\n}\n<\/style>\n<div  class='hr av-jkuvdh82-6-46ed5b4bc82928add3c78644504cee74 hr-invisible  avia-builder-el-46  el_after_av_textblock  avia-builder-el-last '><span class='hr-inner '><span class=\"hr-inner-style\"><\/span><\/span><\/div><\/p><\/div>\n\n<style type=\"text\/css\" data-created_by=\"avia_inline_auto\" id=\"style-css-av-jxcy3x4s-5-13c4824a93c19de1438fc29c934895ad\">\n.flex_column.av-jxcy3x4s-5-13c4824a93c19de1438fc29c934895ad{\nborder-width:1px;\nborder-color:#ebebeb;\nborder-style:solid;\nborder-radius:0px 0px 0px 0px;\npadding:0px 0px 0px 0px;\nbackground-color:#eff6ff;\n}\n<\/style>\n<div  class='flex_column av-jxcy3x4s-5-13c4824a93c19de1438fc29c934895ad av_one_fourth  avia-builder-el-47  el_after_av_one_fourth  el_before_av_one_full  no_margin flex_column_table_cell av-equal-height-column av-align-top av-zero-column-padding  column-top-margin'     ><p><section  class='av_textblock_section av-jxcz48fa-4-67eedda403ba128b3008dd75913f0a8e '  ><div class='avia_textblock' ><p><a href=\"https:\/\/www.backwinkel.de\/prod\/unter-schiebeschrank-99-1-x-126-4-cm-2-boeden.html\"><img decoding=\"async\" class=\"wp-image-3438 size-full aligncenter\" src=\"https:\/\/blog.backwinkel.de\/wp-content\/uploads\/2019\/06\/schiebeschrank.jpg\" alt=\"\" width=\"300\" height=\"220\" \/><\/a><\/p>\n<p style=\"font-size: 20px; font-family: urw_grotesk_extra_narrowrg;\">Unter-Schiebeschrank<\/p>\n<div  class='avia-button-wrap av-8ssthn-3-27ec5db2705a49ad38ea78b8af3c36c5-wrap avia-button-center  avia-builder-el-49  avia-builder-el-no-sibling '><a href='https:\/\/www.backwinkel.de\/prod\/unter-schiebeschrank-99-1-x-126-4-cm-2-boeden.html'  class='avia-button av-8ssthn-3-27ec5db2705a49ad38ea78b8af3c36c5 av-link-btn avia-icon_select-no avia-size-medium avia-position-center avia-color-theme-color'  target=\"_blank\"  rel=\"noopener noreferrer\"  aria-label=\"zum Produkt\"><span class='avia_iconbox_title' >zum Produkt<\/span><\/a><\/div>\n<\/div><\/section><br \/>\n\n<style type=\"text\/css\" data-created_by=\"avia_inline_auto\" id=\"style-css-av-jkuvdh82-2-0c0599682b7345dcae186248b171990c\">\n#top .hr.hr-invisible.av-jkuvdh82-2-0c0599682b7345dcae186248b171990c{\nheight:20px;\n}\n<\/style>\n<div  class='hr av-jkuvdh82-2-0c0599682b7345dcae186248b171990c hr-invisible  avia-builder-el-50  el_after_av_textblock  avia-builder-el-last '><span class='hr-inner '><span class=\"hr-inner-style\"><\/span><\/span><\/div><\/p><\/div><\/div><!--close column table wrapper. Autoclose: 1 -->\n\n<style type=\"text\/css\" data-created_by=\"avia_inline_auto\" id=\"style-css-av-jley1l06-be8863a15e87d33f314fbd4b76b14014\">\n.flex_column.av-jley1l06-be8863a15e87d33f314fbd4b76b14014{\nborder-radius:0px 0px 0px 0px;\npadding:10px 10px 10px 10px;\nbackground-color:#f2f2f2;\n}\n<\/style>\n<div  class='flex_column av-jley1l06-be8863a15e87d33f314fbd4b76b14014 av_one_full  avia-builder-el-51  el_after_av_one_fourth  el_before_av_one_full  first flex_column_div  column-top-margin'     ><section  class='av_textblock_section av-jkuvcso3-337b2405c1e25c09e70f8adaec098f38 '  ><div class='avia_textblock' ><p class=\"fussnoten-quellen\"><strong>Zum Weiterlesen: <\/strong><\/p>\n<p>Antje Bostelmann: Das Portfolio-Konzept f\u00fcr Kita und Kindergarten. M\u00fclheim a. d. Ruhr (Verlag an der Ruhr) 2007.<\/p>\n<p>Melanie Gr\u00e4\u00dfer, Eike Hovermann (Hrsg.): Portfolio, Lerngeschichten &amp; Co. Entwicklungsschritte von Kita-Kindern erkennen, sichtbar machen und dokumentieren. Praxisratgeber der Akademie f\u00fcr Kindergarten, Kita und Hort. Stuttgart (Klett Kita) 2019.<\/p>\n<p>Tassilo Knauf: Kindern im Portfolio das Wort geben (2011). <a href=\"https:\/\/www.kindergartenpaedagogik.de\/fachartikel\/beobachtung-und-dokumentation\/kindern-im-portfolio-das-wort-geben\/\" target=\"_blank\" rel=\"noopener\">https:\/\/www.kindergartenpaedagogik.de\/fachartikel\/beobachtung-und-dokumentation\/kindern-im-portfolio-das-wort-geben\/<\/a><\/p>\n<p>Marion Lepold, Theresa Lill: Dialogisches Portfolio. Alltagsintegrierte Entwicklungsdokumentation. Freiburg i. Br. (Herder) 2017.<\/p>\n<\/div><\/section><\/div>\n\n<style type=\"text\/css\" data-created_by=\"avia_inline_auto\" id=\"style-css-av-1p82t-b0e9719fe6c67aa5c6d1abf813961e55\">\n.flex_column.av-1p82t-b0e9719fe6c67aa5c6d1abf813961e55{\nborder-radius:0px 0px 0px 0px;\npadding:0px 0px 0px 0px;\n}\n<\/style>\n<div  class='flex_column av-1p82t-b0e9719fe6c67aa5c6d1abf813961e55 av_one_full  avia-builder-el-53  el_after_av_one_full  avia-builder-el-last  first flex_column_div av-zero-column-padding  column-top-margin'     ><p><section  class='av_textblock_section av-jlp4hxqo-91baaad30cd61f89630d15f8561d1750 '  ><div class='avia_textblock' ><div class=\"shariff shariff-align-left shariff-widget-align-left\"><ul class=\"shariff-buttons theme-color orientation-horizontal buttonsize-medium\"><li class=\"shariff-button whatsapp shariff-nocustomcolor\" style=\"background-color:#5cbe4a\"><a href=\"https:\/\/api.whatsapp.com\/send?text=https%3A%2F%2Fwww.backwinkel.de%2Fblog%2Fportfolio-kindergarten%2F%20Selbstbewusste%20Entwicklung%20im%20Portfolio%3A\" title=\"Bei Whatsapp teilen\" aria-label=\"Bei Whatsapp teilen\" role=\"button\" rel=\"noopener nofollow\" class=\"shariff-link\" style=\"; background-color:#34af23; color:#fff\" target=\"_blank\"><span class=\"shariff-icon\" style=\"\"><svg width=\"32px\" height=\"20px\" xmlns=\"http:\/\/www.w3.org\/2000\/svg\" viewBox=\"0 0 32 32\"><path fill=\"#34af23\" d=\"M17.6 17.4q0.2 0 1.7 0.8t1.6 0.9q0 0.1 0 0.3 0 0.6-0.3 1.4-0.3 0.7-1.3 1.2t-1.8 0.5q-1 0-3.4-1.1-1.7-0.8-3-2.1t-2.6-3.3q-1.3-1.9-1.3-3.5v-0.1q0.1-1.6 1.3-2.8 0.4-0.4 0.9-0.4 0.1 0 0.3 0t0.3 0q0.3 0 0.5 0.1t0.3 0.5q0.1 0.4 0.6 1.6t0.4 1.3q0 0.4-0.6 1t-0.6 0.8q0 0.1 0.1 0.3 0.6 1.3 1.8 2.4 1 0.9 2.7 1.8 0.2 0.1 0.4 0.1 0.3 0 1-0.9t0.9-0.9zM14 26.9q2.3 0 4.3-0.9t3.6-2.4 2.4-3.6 0.9-4.3-0.9-4.3-2.4-3.6-3.6-2.4-4.3-0.9-4.3 0.9-3.6 2.4-2.4 3.6-0.9 4.3q0 3.6 2.1 6.6l-1.4 4.2 4.3-1.4q2.8 1.9 6.2 1.9zM14 2.2q2.7 0 5.2 1.1t4.3 2.9 2.9 4.3 1.1 5.2-1.1 5.2-2.9 4.3-4.3 2.9-5.2 1.1q-3.5 0-6.5-1.7l-7.4 2.4 2.4-7.2q-1.9-3.2-1.9-6.9 0-2.7 1.1-5.2t2.9-4.3 4.3-2.9 5.2-1.1z\"\/><\/svg><\/span><span class=\"shariff-text\">teilen<\/span>&nbsp;<\/a><\/li><li class=\"shariff-button facebook shariff-nocustomcolor\" style=\"background-color:#4273c8\"><a href=\"https:\/\/www.facebook.com\/sharer\/sharer.php?u=https%3A%2F%2Fwww.backwinkel.de%2Fblog%2Fportfolio-kindergarten%2F\" title=\"Bei Facebook teilen\" aria-label=\"Bei Facebook teilen\" role=\"button\" rel=\"nofollow\" class=\"shariff-link\" style=\"; background-color:#3b5998; color:#fff\" target=\"_blank\"><span class=\"shariff-icon\" style=\"\"><svg width=\"32px\" height=\"20px\" xmlns=\"http:\/\/www.w3.org\/2000\/svg\" viewBox=\"0 0 18 32\"><path fill=\"#3b5998\" d=\"M17.1 0.2v4.7h-2.8q-1.5 0-2.1 0.6t-0.5 1.9v3.4h5.2l-0.7 5.3h-4.5v13.6h-5.5v-13.6h-4.5v-5.3h4.5v-3.9q0-3.3 1.9-5.2t5-1.8q2.6 0 4.1 0.2z\"\/><\/svg><\/span><span class=\"shariff-text\">teilen<\/span>&nbsp;<\/a><\/li><li class=\"shariff-button twitter shariff-nocustomcolor\" style=\"background-color:#595959\"><a href=\"https:\/\/twitter.com\/share?url=https%3A%2F%2Fwww.backwinkel.de%2Fblog%2Fportfolio-kindergarten%2F&text=Selbstbewusste%20Entwicklung%20im%20Portfolio%3A\" title=\"Bei X teilen\" aria-label=\"Bei X teilen\" role=\"button\" rel=\"noopener nofollow\" class=\"shariff-link\" style=\"; background-color:#000; color:#fff\" target=\"_blank\"><span class=\"shariff-icon\" style=\"\"><svg width=\"32px\" height=\"20px\" xmlns=\"http:\/\/www.w3.org\/2000\/svg\" viewBox=\"0 0 24 24\"><path fill=\"#000\" d=\"M14.258 10.152L23.176 0h-2.113l-7.747 8.813L7.133 0H0l9.352 13.328L0 23.973h2.113l8.176-9.309 6.531 9.309h7.133zm-2.895 3.293l-.949-1.328L2.875 1.56h3.246l6.086 8.523.945 1.328 7.91 11.078h-3.246zm0 0\"\/><\/svg><\/span><span class=\"shariff-text\">teilen<\/span>&nbsp;<\/a><\/li><li class=\"shariff-button pinterest shariff-nocustomcolor\" style=\"background-color:#e70f18\"><a href=\"https:\/\/www.pinterest.com\/pin\/create\/link\/?url=https%3A%2F%2Fwww.backwinkel.de%2Fblog%2Fportfolio-kindergarten%2F&media=https%3A%2F%2Fwww.backwinkel.de%2Fblog%2Fwp-content%2Fuploads%2F2019%2F05%2Fbackwinkel-blog-portfolioarbeit-heroimage.jpg&description=Selbstbewusste%20Entwicklung%20im%20Portfolio%3A\" title=\"Bei Pinterest pinnen\" aria-label=\"Bei Pinterest pinnen\" role=\"button\" rel=\"noopener nofollow\" class=\"shariff-link\" style=\"; background-color:#cb2027; color:#fff\" target=\"_blank\"><span class=\"shariff-icon\" style=\"\"><svg width=\"32px\" height=\"20px\" xmlns=\"http:\/\/www.w3.org\/2000\/svg\" viewBox=\"0 0 27 32\"><path fill=\"#cb2027\" d=\"M27.4 16q0 3.7-1.8 6.9t-5 5-6.9 1.9q-2 0-3.9-0.6 1.1-1.7 1.4-2.9 0.2-0.6 1-3.8 0.4 0.7 1.3 1.2t2 0.5q2.1 0 3.8-1.2t2.7-3.4 0.9-4.8q0-2-1.1-3.8t-3.1-2.9-4.5-1.2q-1.9 0-3.5 0.5t-2.8 1.4-2 2-1.2 2.3-0.4 2.4q0 1.9 0.7 3.3t2.1 2q0.5 0.2 0.7-0.4 0-0.1 0.1-0.5t0.2-0.5q0.1-0.4-0.2-0.8-0.9-1.1-0.9-2.7 0-2.7 1.9-4.6t4.9-2q2.7 0 4.2 1.5t1.5 3.8q0 3-1.2 5.2t-3.1 2.1q-1.1 0-1.7-0.8t-0.4-1.9q0.1-0.6 0.5-1.7t0.5-1.8 0.2-1.4q0-0.9-0.5-1.5t-1.4-0.6q-1.1 0-1.9 1t-0.8 2.6q0 1.3 0.4 2.2l-1.8 7.5q-0.3 1.2-0.2 3.2-3.7-1.6-6-5t-2.3-7.6q0-3.7 1.9-6.9t5-5 6.9-1.9 6.9 1.9 5 5 1.8 6.9z\"\/><\/svg><\/span><span class=\"shariff-text\">merken<\/span>&nbsp;<\/a><\/li><li class=\"shariff-button mailto shariff-nocustomcolor\" style=\"background-color:#a8a8a8\"><a href=\"mailto:?body=https%3A%2F%2Fwww.backwinkel.de%2Fblog%2Fportfolio-kindergarten%2F&subject=Selbstbewusste%20Entwicklung%20im%20Portfolio%3A\" title=\"Per E-Mail versenden\" aria-label=\"Per E-Mail versenden\" role=\"button\" rel=\"noopener nofollow\" class=\"shariff-link\" style=\"; background-color:#999; color:#fff\"><span class=\"shariff-icon\" style=\"\"><svg width=\"32px\" height=\"20px\" xmlns=\"http:\/\/www.w3.org\/2000\/svg\" viewBox=\"0 0 32 32\"><path fill=\"#999\" d=\"M32 12.7v14.2q0 1.2-0.8 2t-2 0.9h-26.3q-1.2 0-2-0.9t-0.8-2v-14.2q0.8 0.9 1.8 1.6 6.5 4.4 8.9 6.1 1 0.8 1.6 1.2t1.7 0.9 2 0.4h0.1q0.9 0 2-0.4t1.7-0.9 1.6-1.2q3-2.2 8.9-6.1 1-0.7 1.8-1.6zM32 7.4q0 1.4-0.9 2.7t-2.2 2.2q-6.7 4.7-8.4 5.8-0.2 0.1-0.7 0.5t-1 0.7-0.9 0.6-1.1 0.5-0.9 0.2h-0.1q-0.4 0-0.9-0.2t-1.1-0.5-0.9-0.6-1-0.7-0.7-0.5q-1.6-1.1-4.7-3.2t-3.6-2.6q-1.1-0.7-2.1-2t-1-2.5q0-1.4 0.7-2.3t2.1-0.9h26.3q1.2 0 2 0.8t0.9 2z\"\/><\/svg><\/span><span class=\"shariff-text\">E-Mail<\/span>&nbsp;<\/a><\/li><\/ul><\/div>\n<\/div><\/section><br \/>\n<div  class='tabcontainer av-jlq8shhr-b676e11701d9718d755b04dc68ac4c10 top_tab  avia-builder-el-55  el_after_av_textblock  el_before_av_hr '>\n<section class='av_tab_section av_tab_section av-4w8jsn-17d4c89754803ac141d68451b8b1d1a6' ><div id='tab-id-1-tab' class='tab active_tab' role='tab' aria-selected=\"true\" tabindex=\"0\" data-fake-id='#tab-id-1' aria-controls='tab-id-1-content' >Das BACKWINKEL-Blog-Team:<\/div><div id='tab-id-1-content' class='tab_content active_tab_content' role='tabpanel' aria-labelledby='tab-id-1-tab' aria-hidden=\"false\"><div class='tab_inner_content invers-color' ><p><img decoding=\"async\" class=\"wp-image-1768 alignleft\" title=\"BACKWINKEL-Blog \u2013 Das Team\" src=\"https:\/\/blog.backwinkel.de\/wp-content\/uploads\/2018\/10\/backwinkel-blog-autorenbox-intern_preview-300x198.jpg\" alt=\"\" width=\"300\" height=\"198\" \/>Gibts auch ein Gesicht hinter dem BACKWINKEL-Blog? Ja. Vier ?. Drei davon sogar mit Foto.<\/p>\n<p><span style=\"font-style: inherit !important; font-weight: inherit !important;\">Wir \u2013 Lukas, Tatjana, Stefan und Christine \u2013 bespielen unseren Blog unter dem Motto LACHEN LESEN LERNEN. <\/span><\/p>\n<p><span style=\"font-style: inherit !important; font-weight: inherit !important;\">Lukas kennt sich online so gut aus wie in seiner Westentasche und findet immer spannende Themen, w\u00e4hrend Stefan unseren Beitr\u00e4gen den passenden gestalterischen Rahmen gibt und Tatjana mit dem gr\u00fcnen Korrekturstift alles pr\u00fcfend be\u00e4ugt, was unsere Autorin Christine (und gern auch Gastautoren) f\u00fcr den BACKWINKEL-Blog nach ordentlicher Recherche schreibt.<\/span><\/p>\n<p>Gemeinsam suchen wir st\u00e4ndig nach neuen, aufregenden Themen rund um das Thema Bildung im Kiga, der Schule und zu Hause. Und weil Sie da an der Quelle sitzen, freuen wir uns auf Ihre konstruktiven R\u00fcckmeldungen und Anregungen an <a href=\"mailto:blog@backwinkel.de\">blog@backwinkel.de<\/a><\/p>\n<p>Viel Spa\u00df beim LACHEN LESEN LERNEN!<\/p>\n<\/div><\/div><\/section>\n<\/div><br \/>\n\n<style type=\"text\/css\" data-created_by=\"avia_inline_auto\" id=\"style-css-av-jkuvdh82-1-38174a178115d53a20dded2140bc52ff\">\n#top .hr.av-jkuvdh82-1-38174a178115d53a20dded2140bc52ff{\nmargin-top:10px;\nmargin-bottom:10px;\n}\n.hr.av-jkuvdh82-1-38174a178115d53a20dded2140bc52ff .hr-inner{\nwidth:500;\n}\n<\/style>\n<div  class='hr av-jkuvdh82-1-38174a178115d53a20dded2140bc52ff hr-custom  avia-builder-el-56  el_after_av_tab_container  el_before_av_heading  hr-left hr-icon-no'><span class='hr-inner inner-border-av-border-thin'><span class=\"hr-inner-style\"><\/span><\/span><\/div><br \/>\n\n<style type=\"text\/css\" data-created_by=\"avia_inline_auto\" id=\"style-css-av-2rgq8p-eea5960d1a3bca7958b11dcc59b35b67\">\n#top .av-special-heading.av-2rgq8p-eea5960d1a3bca7958b11dcc59b35b67{\npadding-bottom:10px;\n}\nbody .av-special-heading.av-2rgq8p-eea5960d1a3bca7958b11dcc59b35b67 .av-special-heading-tag .heading-char{\nfont-size:25px;\n}\n.av-special-heading.av-2rgq8p-eea5960d1a3bca7958b11dcc59b35b67 .av-subheading{\nfont-size:15px;\n}\n<\/style>\n<div  class='av-special-heading av-2rgq8p-eea5960d1a3bca7958b11dcc59b35b67 av-special-heading-h3 blockquote modern-quote  avia-builder-el-57  el_after_av_hr  el_before_av_blog '><h3 class='av-special-heading-tag '  >PASSENDE BEITR\u00c4GE<\/h3><div class=\"special-heading-border\"><div class=\"special-heading-inner-border\"><\/div><\/div><\/div><br \/>\n<div  data-slideshow-options=\"{&quot;animation&quot;:&quot;fade&quot;,&quot;autoplay&quot;:false,&quot;loop_autoplay&quot;:&quot;once&quot;,&quot;interval&quot;:5,&quot;loop_manual&quot;:&quot;manual-endless&quot;,&quot;autoplay_stopper&quot;:false,&quot;noNavigation&quot;:false,&quot;show_slide_delay&quot;:90}\" class='avia-content-slider avia-content-grid-active avia-content-slider1 avia-content-slider-odd  avia-builder-el-58  el_after_av_heading  avia-builder-el-last  av-slideshow-ui av-control-default   av-no-slider-navigation av-slideshow-manual av-loop-once av-loop-manual-endless ' ><div class=\"avia-content-slider-inner\"><div class=\"slide-entry-wrap\"><article class='slide-entry flex_column  post-entry post-entry-18633 slide-entry-overview slide-loop-1 slide-parity-odd  av_one_third first real-thumbnail posttype-post post-format-standard' ><a href='https:\/\/www.backwinkel.de\/blog\/plastik-recyceln\/' data-rel='slide-1' class='slide-image' title='Plastik recyceln'><img decoding=\"async\" fetchpriority=\"high\" width=\"1200\" height=\"628\" src=\"https:\/\/www.backwinkel.de\/blog\/wp-content\/uploads\/2026\/04\/04_Kiga_Plastik_nachhaltig_nutzen.jpg\" class=\"wp-image-18713 avia-img-lazy-loading-not-18713 attachment-no scaling size-no scaling wp-post-image\" alt=\"\" \/><\/a><div class=\"slide-content\"><header class=\"entry-content-header\" aria-label=\"Slide: Plastik recyceln\"><h3 class='slide-entry-title entry-title ' ><a href='https:\/\/www.backwinkel.de\/blog\/plastik-recyceln\/' title='Plastik recyceln'>Plastik recyceln<\/a><\/h3><span class=\"blog-categories minor-meta\"><a href=\"https:\/\/www.backwinkel.de\/blog\/category\/kindergarten-kita\/\" rel=\"tag\">Kindergarten<\/a> <\/span><span class=\"av-vertical-delimiter\"><\/span><\/header><div class='slide-entry-excerpt entry-content' >Biokunststoff f\u00fcr St\u00fchle, Materialboxen, Spielzeug und Rucks\u00e4cke<\/div><\/div><footer class=\"entry-footer\"><div class=\"slide-meta\"><time class='slide-meta-time updated' >14. April 2026<\/time><\/div><\/footer><\/article><article class='slide-entry flex_column  post-entry post-entry-18716 slide-entry-overview slide-loop-2 slide-parity-even  av_one_third  real-thumbnail posttype-post post-format-standard' ><a href='https:\/\/www.backwinkel.de\/blog\/rechnen-im-anfangsunterricht\/' data-rel='slide-1' class='slide-image' title='Rechnen im Anfangsunterricht'><img decoding=\"async\" fetchpriority=\"high\" width=\"1200\" height=\"628\" src=\"https:\/\/www.backwinkel.de\/blog\/wp-content\/uploads\/2026\/04\/04_Schule_Rechnen_anfangsunterricht.jpg\" class=\"wp-image-18748 avia-img-lazy-loading-not-18748 attachment-no scaling size-no scaling wp-post-image\" alt=\"\" \/><\/a><div class=\"slide-content\"><header class=\"entry-content-header\" aria-label=\"Slide: Rechnen im Anfangsunterricht\"><h3 class='slide-entry-title entry-title ' ><a href='https:\/\/www.backwinkel.de\/blog\/rechnen-im-anfangsunterricht\/' title='Rechnen im Anfangsunterricht'>Rechnen im Anfangsunterricht<\/a><\/h3><span class=\"blog-categories minor-meta\"><a href=\"https:\/\/www.backwinkel.de\/blog\/category\/schule-grundschule\/\" rel=\"tag\">Schule<\/a> <\/span><span class=\"av-vertical-delimiter\"><\/span><\/header><div class='slide-entry-excerpt entry-content' >Das Klassenzimmer als Lernlandschaft<\/div><\/div><footer class=\"entry-footer\"><div class=\"slide-meta\"><time class='slide-meta-time updated' >14. April 2026<\/time><\/div><\/footer><\/article><article class='slide-entry flex_column  post-entry post-entry-18372 slide-entry-overview slide-loop-3 slide-parity-odd  post-entry-last  av_one_third  real-thumbnail posttype-post post-format-standard' ><a href='https:\/\/www.backwinkel.de\/blog\/kranke-kinder-im-kindergarten\/' data-rel='slide-1' class='slide-image' title='Kranke Kinder im Kindergarten'><img decoding=\"async\" fetchpriority=\"high\" width=\"1200\" height=\"628\" src=\"https:\/\/www.backwinkel.de\/blog\/wp-content\/uploads\/2026\/03\/03_Kiga_Kranke_Kinder.jpg\" class=\"wp-image-18451 avia-img-lazy-loading-not-18451 attachment-no scaling size-no scaling wp-post-image\" alt=\"Thema: Kranke Kinder. Auf dem Bild ist ein krankes kleines M\u00e4dchen zu sehen. Eine Frau mit einem Fieberthermometer in der Hand sitzt neben ihr und hat die Hand auf der Stirn des M\u00e4dchens.\" \/><\/a><div class=\"slide-content\"><header class=\"entry-content-header\" aria-label=\"Slide: Kranke Kinder im Kindergarten\"><h3 class='slide-entry-title entry-title ' ><a href='https:\/\/www.backwinkel.de\/blog\/kranke-kinder-im-kindergarten\/' title='Kranke Kinder im Kindergarten'>Kranke Kinder im Kindergarten<\/a><\/h3><span class=\"blog-categories minor-meta\"><a href=\"https:\/\/www.backwinkel.de\/blog\/category\/kindergarten-kita\/\" rel=\"tag\">Kindergarten<\/a> <\/span><span class=\"av-vertical-delimiter\"><\/span><\/header><div class='slide-entry-excerpt entry-content' >Auswirkungen f\u00fcr Kinder, Eltern und Fachkr\u00e4fte<\/div><\/div><footer class=\"entry-footer\"><div class=\"slide-meta\"><time class='slide-meta-time updated' >9. M\u00e4rz 2026<\/time><\/div><\/footer><\/article><\/div><\/div><\/div><\/p><\/div>\n","protected":false},"excerpt":{"rendered":"<p>So setzen Sie die Portfolioarbeit in Kindergarten und Krippe konkret um <\/p>\n","protected":false},"author":3,"featured_media":3213,"comment_status":"closed","ping_status":"closed","sticky":false,"template":"","format":"standard","meta":{"inline_featured_image":false,"footnotes":""},"categories":[5],"tags":[],"class_list":["post-3224","post","type-post","status-publish","format-standard","has-post-thumbnail","hentry","category-kindergarten-kita"],"yoast_head":"<!-- This site is optimized with the Yoast SEO plugin v27.4 - https:\/\/yoast.com\/product\/yoast-seo-wordpress\/ -->\n<title>Portfolio im Kindergarten \u00bb Alles Wissenswerte zur Portfolioarbeit | BACKWINKEL Blog<\/title>\n<meta name=\"description\" content=\"Lesen Sie alles Wissenswerte zum Portfolio im Kindergarten: Was ist ein Portfolio? \u2713 Welche Ziele hat es? \u2713 Wie funktioniert die Portfolioarbeit im Alltag? \u2713\" \/>\n<meta name=\"robots\" content=\"index, follow, max-snippet:-1, max-image-preview:large, max-video-preview:-1\" \/>\n<link rel=\"canonical\" href=\"https:\/\/www.backwinkel.de\/blog\/portfolio-kindergarten\/\" \/>\n<meta property=\"og:locale\" content=\"de_DE\" \/>\n<meta property=\"og:type\" content=\"article\" \/>\n<meta property=\"og:title\" content=\"Portfolio im Kindergarten \u00bb Alles Wissenswerte zur Portfolioarbeit | BACKWINKEL Blog\" \/>\n<meta property=\"og:description\" content=\"Alles Wissenswerte zum Portfolio im Kindergarten: Was ist ein Portfolio? \u2713 Welche Ziele hat es? \u2713 Wie funktioniert die Portfolioarbeit im Alltag? \u2713\" \/>\n<meta property=\"og:url\" content=\"https:\/\/www.backwinkel.de\/blog\/portfolio-kindergarten\/\" \/>\n<meta property=\"og:site_name\" content=\"BACKWINKEL Blog\" \/>\n<meta property=\"article:published_time\" content=\"2019-07-01T07:11:13+00:00\" \/>\n<meta property=\"article:modified_time\" content=\"2026-04-22T07:36:43+00:00\" \/>\n<meta property=\"og:image\" content=\"https:\/\/www.backwinkel.de\/blog\/wp-content\/uploads\/2019\/05\/backwinkel-blog-portfolioarbeit-heroimage.jpg\" \/>\n\t<meta property=\"og:image:width\" content=\"1200\" \/>\n\t<meta property=\"og:image:height\" content=\"628\" \/>\n\t<meta property=\"og:image:type\" content=\"image\/jpeg\" \/>\n<meta name=\"author\" content=\"BACKWINKEL\" \/>\n<meta name=\"twitter:card\" content=\"summary_large_image\" \/>\n<meta name=\"twitter:label1\" content=\"Verfasst von\" \/>\n\t<meta name=\"twitter:data1\" content=\"BACKWINKEL\" \/>\n\t<meta name=\"twitter:label2\" content=\"Gesch\u00e4tzte Lesezeit\" \/>\n\t<meta name=\"twitter:data2\" content=\"15\u00a0Minuten\" \/>\n<script type=\"application\/ld+json\" class=\"yoast-schema-graph\">{\"@context\":\"https:\\\/\\\/schema.org\",\"@graph\":[{\"@type\":\"Article\",\"@id\":\"https:\\\/\\\/www.backwinkel.de\\\/blog\\\/portfolio-kindergarten\\\/#article\",\"isPartOf\":{\"@id\":\"https:\\\/\\\/www.backwinkel.de\\\/blog\\\/portfolio-kindergarten\\\/\"},\"author\":{\"name\":\"BACKWINKEL\",\"@id\":\"https:\\\/\\\/www.backwinkel.de\\\/blog\\\/#\\\/schema\\\/person\\\/3d64575316540d25f7866264a4b7cd24\"},\"headline\":\"Selbstbewusste Entwicklung im Portfolio:\",\"datePublished\":\"2019-07-01T07:11:13+00:00\",\"dateModified\":\"2026-04-22T07:36:43+00:00\",\"mainEntityOfPage\":{\"@id\":\"https:\\\/\\\/www.backwinkel.de\\\/blog\\\/portfolio-kindergarten\\\/\"},\"wordCount\":5957,\"image\":{\"@id\":\"https:\\\/\\\/www.backwinkel.de\\\/blog\\\/portfolio-kindergarten\\\/#primaryimage\"},\"thumbnailUrl\":\"https:\\\/\\\/www.backwinkel.de\\\/blog\\\/wp-content\\\/uploads\\\/2019\\\/05\\\/backwinkel-blog-portfolioarbeit-heroimage.jpg\",\"articleSection\":[\"Kindergarten\"],\"inLanguage\":\"de\"},{\"@type\":\"WebPage\",\"@id\":\"https:\\\/\\\/www.backwinkel.de\\\/blog\\\/portfolio-kindergarten\\\/\",\"url\":\"https:\\\/\\\/www.backwinkel.de\\\/blog\\\/portfolio-kindergarten\\\/\",\"name\":\"Portfolio im Kindergarten \u00bb Alles Wissenswerte zur Portfolioarbeit | BACKWINKEL Blog\",\"isPartOf\":{\"@id\":\"https:\\\/\\\/www.backwinkel.de\\\/blog\\\/#website\"},\"primaryImageOfPage\":{\"@id\":\"https:\\\/\\\/www.backwinkel.de\\\/blog\\\/portfolio-kindergarten\\\/#primaryimage\"},\"image\":{\"@id\":\"https:\\\/\\\/www.backwinkel.de\\\/blog\\\/portfolio-kindergarten\\\/#primaryimage\"},\"thumbnailUrl\":\"https:\\\/\\\/www.backwinkel.de\\\/blog\\\/wp-content\\\/uploads\\\/2019\\\/05\\\/backwinkel-blog-portfolioarbeit-heroimage.jpg\",\"datePublished\":\"2019-07-01T07:11:13+00:00\",\"dateModified\":\"2026-04-22T07:36:43+00:00\",\"author\":{\"@id\":\"https:\\\/\\\/www.backwinkel.de\\\/blog\\\/#\\\/schema\\\/person\\\/3d64575316540d25f7866264a4b7cd24\"},\"description\":\"Lesen Sie alles Wissenswerte zum Portfolio im Kindergarten: Was ist ein Portfolio? \u2713 Welche Ziele hat es? \u2713 Wie funktioniert die Portfolioarbeit im Alltag? \u2713\",\"breadcrumb\":{\"@id\":\"https:\\\/\\\/www.backwinkel.de\\\/blog\\\/portfolio-kindergarten\\\/#breadcrumb\"},\"inLanguage\":\"de\",\"potentialAction\":[{\"@type\":\"ReadAction\",\"target\":[\"https:\\\/\\\/www.backwinkel.de\\\/blog\\\/portfolio-kindergarten\\\/\"]}]},{\"@type\":\"ImageObject\",\"inLanguage\":\"de\",\"@id\":\"https:\\\/\\\/www.backwinkel.de\\\/blog\\\/portfolio-kindergarten\\\/#primaryimage\",\"url\":\"https:\\\/\\\/www.backwinkel.de\\\/blog\\\/wp-content\\\/uploads\\\/2019\\\/05\\\/backwinkel-blog-portfolioarbeit-heroimage.jpg\",\"contentUrl\":\"https:\\\/\\\/www.backwinkel.de\\\/blog\\\/wp-content\\\/uploads\\\/2019\\\/05\\\/backwinkel-blog-portfolioarbeit-heroimage.jpg\",\"width\":1200,\"height\":628,\"caption\":\"BACKWINKEL-Blog \u2013 Beitrag zum Thema Portfolioarbeit in Kindergarten\"},{\"@type\":\"BreadcrumbList\",\"@id\":\"https:\\\/\\\/www.backwinkel.de\\\/blog\\\/portfolio-kindergarten\\\/#breadcrumb\",\"itemListElement\":[{\"@type\":\"ListItem\",\"position\":1,\"name\":\"Startseite\",\"item\":\"https:\\\/\\\/blog.backwinkel.de\\\/aktuelles\\\/\"},{\"@type\":\"ListItem\",\"position\":2,\"name\":\"Selbstbewusste Entwicklung im Portfolio:\"}]},{\"@type\":\"WebSite\",\"@id\":\"https:\\\/\\\/www.backwinkel.de\\\/blog\\\/#website\",\"url\":\"https:\\\/\\\/www.backwinkel.de\\\/blog\\\/\",\"name\":\"BACKWINKEL Blog\",\"description\":\"f\u00fcr Lehrer, Erzieher und Eltern\",\"potentialAction\":[{\"@type\":\"SearchAction\",\"target\":{\"@type\":\"EntryPoint\",\"urlTemplate\":\"https:\\\/\\\/www.backwinkel.de\\\/blog\\\/?s={search_term_string}\"},\"query-input\":{\"@type\":\"PropertyValueSpecification\",\"valueRequired\":true,\"valueName\":\"search_term_string\"}}],\"inLanguage\":\"de\"},{\"@type\":\"Person\",\"@id\":\"https:\\\/\\\/www.backwinkel.de\\\/blog\\\/#\\\/schema\\\/person\\\/3d64575316540d25f7866264a4b7cd24\",\"name\":\"BACKWINKEL\",\"sameAs\":[\"http:\\\/\\\/www.backwinkel.de\"],\"url\":\"https:\\\/\\\/www.backwinkel.de\\\/blog\\\/author\\\/backwinkel\\\/\"}]}<\/script>\n<!-- \/ Yoast SEO plugin. -->","yoast_head_json":{"title":"Portfolio im Kindergarten \u00bb Alles Wissenswerte zur Portfolioarbeit | BACKWINKEL Blog","description":"Lesen Sie alles Wissenswerte zum Portfolio im Kindergarten: Was ist ein Portfolio? \u2713 Welche Ziele hat es? \u2713 Wie funktioniert die Portfolioarbeit im Alltag? \u2713","robots":{"index":"index","follow":"follow","max-snippet":"max-snippet:-1","max-image-preview":"max-image-preview:large","max-video-preview":"max-video-preview:-1"},"canonical":"https:\/\/www.backwinkel.de\/blog\/portfolio-kindergarten\/","og_locale":"de_DE","og_type":"article","og_title":"Portfolio im Kindergarten \u00bb Alles Wissenswerte zur Portfolioarbeit | BACKWINKEL Blog","og_description":"Alles Wissenswerte zum Portfolio im Kindergarten: Was ist ein Portfolio? \u2713 Welche Ziele hat es? \u2713 Wie funktioniert die Portfolioarbeit im Alltag? \u2713","og_url":"https:\/\/www.backwinkel.de\/blog\/portfolio-kindergarten\/","og_site_name":"BACKWINKEL Blog","article_published_time":"2019-07-01T07:11:13+00:00","article_modified_time":"2026-04-22T07:36:43+00:00","og_image":[{"width":1200,"height":628,"url":"https:\/\/www.backwinkel.de\/blog\/wp-content\/uploads\/2019\/05\/backwinkel-blog-portfolioarbeit-heroimage.jpg","type":"image\/jpeg"}],"author":"BACKWINKEL","twitter_card":"summary_large_image","twitter_misc":{"Verfasst von":"BACKWINKEL","Gesch\u00e4tzte Lesezeit":"15\u00a0Minuten"},"schema":{"@context":"https:\/\/schema.org","@graph":[{"@type":"Article","@id":"https:\/\/www.backwinkel.de\/blog\/portfolio-kindergarten\/#article","isPartOf":{"@id":"https:\/\/www.backwinkel.de\/blog\/portfolio-kindergarten\/"},"author":{"name":"BACKWINKEL","@id":"https:\/\/www.backwinkel.de\/blog\/#\/schema\/person\/3d64575316540d25f7866264a4b7cd24"},"headline":"Selbstbewusste Entwicklung im Portfolio:","datePublished":"2019-07-01T07:11:13+00:00","dateModified":"2026-04-22T07:36:43+00:00","mainEntityOfPage":{"@id":"https:\/\/www.backwinkel.de\/blog\/portfolio-kindergarten\/"},"wordCount":5957,"image":{"@id":"https:\/\/www.backwinkel.de\/blog\/portfolio-kindergarten\/#primaryimage"},"thumbnailUrl":"https:\/\/www.backwinkel.de\/blog\/wp-content\/uploads\/2019\/05\/backwinkel-blog-portfolioarbeit-heroimage.jpg","articleSection":["Kindergarten"],"inLanguage":"de"},{"@type":"WebPage","@id":"https:\/\/www.backwinkel.de\/blog\/portfolio-kindergarten\/","url":"https:\/\/www.backwinkel.de\/blog\/portfolio-kindergarten\/","name":"Portfolio im Kindergarten \u00bb Alles Wissenswerte zur Portfolioarbeit | BACKWINKEL Blog","isPartOf":{"@id":"https:\/\/www.backwinkel.de\/blog\/#website"},"primaryImageOfPage":{"@id":"https:\/\/www.backwinkel.de\/blog\/portfolio-kindergarten\/#primaryimage"},"image":{"@id":"https:\/\/www.backwinkel.de\/blog\/portfolio-kindergarten\/#primaryimage"},"thumbnailUrl":"https:\/\/www.backwinkel.de\/blog\/wp-content\/uploads\/2019\/05\/backwinkel-blog-portfolioarbeit-heroimage.jpg","datePublished":"2019-07-01T07:11:13+00:00","dateModified":"2026-04-22T07:36:43+00:00","author":{"@id":"https:\/\/www.backwinkel.de\/blog\/#\/schema\/person\/3d64575316540d25f7866264a4b7cd24"},"description":"Lesen Sie alles Wissenswerte zum Portfolio im Kindergarten: Was ist ein Portfolio? \u2713 Welche Ziele hat es? \u2713 Wie funktioniert die Portfolioarbeit im Alltag? \u2713","breadcrumb":{"@id":"https:\/\/www.backwinkel.de\/blog\/portfolio-kindergarten\/#breadcrumb"},"inLanguage":"de","potentialAction":[{"@type":"ReadAction","target":["https:\/\/www.backwinkel.de\/blog\/portfolio-kindergarten\/"]}]},{"@type":"ImageObject","inLanguage":"de","@id":"https:\/\/www.backwinkel.de\/blog\/portfolio-kindergarten\/#primaryimage","url":"https:\/\/www.backwinkel.de\/blog\/wp-content\/uploads\/2019\/05\/backwinkel-blog-portfolioarbeit-heroimage.jpg","contentUrl":"https:\/\/www.backwinkel.de\/blog\/wp-content\/uploads\/2019\/05\/backwinkel-blog-portfolioarbeit-heroimage.jpg","width":1200,"height":628,"caption":"BACKWINKEL-Blog \u2013 Beitrag zum Thema Portfolioarbeit in Kindergarten"},{"@type":"BreadcrumbList","@id":"https:\/\/www.backwinkel.de\/blog\/portfolio-kindergarten\/#breadcrumb","itemListElement":[{"@type":"ListItem","position":1,"name":"Startseite","item":"https:\/\/blog.backwinkel.de\/aktuelles\/"},{"@type":"ListItem","position":2,"name":"Selbstbewusste Entwicklung im Portfolio:"}]},{"@type":"WebSite","@id":"https:\/\/www.backwinkel.de\/blog\/#website","url":"https:\/\/www.backwinkel.de\/blog\/","name":"BACKWINKEL Blog","description":"f\u00fcr Lehrer, Erzieher und Eltern","potentialAction":[{"@type":"SearchAction","target":{"@type":"EntryPoint","urlTemplate":"https:\/\/www.backwinkel.de\/blog\/?s={search_term_string}"},"query-input":{"@type":"PropertyValueSpecification","valueRequired":true,"valueName":"search_term_string"}}],"inLanguage":"de"},{"@type":"Person","@id":"https:\/\/www.backwinkel.de\/blog\/#\/schema\/person\/3d64575316540d25f7866264a4b7cd24","name":"BACKWINKEL","sameAs":["http:\/\/www.backwinkel.de"],"url":"https:\/\/www.backwinkel.de\/blog\/author\/backwinkel\/"}]}},"_links":{"self":[{"href":"https:\/\/www.backwinkel.de\/blog\/wp-json\/wp\/v2\/posts\/3224","targetHints":{"allow":["GET"]}}],"collection":[{"href":"https:\/\/www.backwinkel.de\/blog\/wp-json\/wp\/v2\/posts"}],"about":[{"href":"https:\/\/www.backwinkel.de\/blog\/wp-json\/wp\/v2\/types\/post"}],"author":[{"embeddable":true,"href":"https:\/\/www.backwinkel.de\/blog\/wp-json\/wp\/v2\/users\/3"}],"replies":[{"embeddable":true,"href":"https:\/\/www.backwinkel.de\/blog\/wp-json\/wp\/v2\/comments?post=3224"}],"version-history":[{"count":7,"href":"https:\/\/www.backwinkel.de\/blog\/wp-json\/wp\/v2\/posts\/3224\/revisions"}],"predecessor-version":[{"id":18856,"href":"https:\/\/www.backwinkel.de\/blog\/wp-json\/wp\/v2\/posts\/3224\/revisions\/18856"}],"wp:featuredmedia":[{"embeddable":true,"href":"https:\/\/www.backwinkel.de\/blog\/wp-json\/wp\/v2\/media\/3213"}],"wp:attachment":[{"href":"https:\/\/www.backwinkel.de\/blog\/wp-json\/wp\/v2\/media?parent=3224"}],"wp:term":[{"taxonomy":"category","embeddable":true,"href":"https:\/\/www.backwinkel.de\/blog\/wp-json\/wp\/v2\/categories?post=3224"},{"taxonomy":"post_tag","embeddable":true,"href":"https:\/\/www.backwinkel.de\/blog\/wp-json\/wp\/v2\/tags?post=3224"}],"curies":[{"name":"wp","href":"https:\/\/api.w.org\/{rel}","templated":true}]}}