{"id":2983,"date":"2019-05-06T11:23:26","date_gmt":"2019-05-06T09:23:26","guid":{"rendered":"https:\/\/blog.backwinkel.de\/?p=2983"},"modified":"2026-04-22T09:32:59","modified_gmt":"2026-04-22T07:32:59","slug":"berufsbild-erzieherin","status":"publish","type":"post","link":"https:\/\/www.backwinkel.de\/blog\/berufsbild-erzieherin\/","title":{"rendered":"Das bisschen Erziehung!?"},"content":{"rendered":"\n<style type=\"text\/css\" data-created_by=\"avia_inline_auto\" id=\"style-css-av-8vdv8-f7e0dae999cc49bc529a70f67b346526\">\n.flex_column.av-8vdv8-f7e0dae999cc49bc529a70f67b346526{\nborder-radius:0px 0px 0px 0px;\npadding:0px 0px 0px 0px;\n}\n<\/style>\n<div  class='flex_column av-8vdv8-f7e0dae999cc49bc529a70f67b346526 av_one_full  avia-builder-el-0  el_before_av_three_fifth  avia-builder-el-first  first flex_column_div av-zero-column-padding  '     ><p>\n<style type=\"text\/css\" data-created_by=\"avia_inline_auto\" id=\"style-css-av-jl6mo8rj-605eccf9df0dce9c3ffb6a57636da99d\">\n#top .hr.hr-invisible.av-jl6mo8rj-605eccf9df0dce9c3ffb6a57636da99d{\nmargin-top:0px;\nheight:1px;\n}\n<\/style>\n<div  class='hr av-jl6mo8rj-605eccf9df0dce9c3ffb6a57636da99d hr-invisible  avia-builder-el-1  el_before_av_heading  avia-builder-el-first '><span class='hr-inner '><span class=\"hr-inner-style\"><\/span><\/span><\/div><br \/>\n\n<style type=\"text\/css\" data-created_by=\"avia_inline_auto\" id=\"style-css-av-24dz7r-25400999b4dd54ffa9fbc09f2cddf028\">\n#top .av-special-heading.av-24dz7r-25400999b4dd54ffa9fbc09f2cddf028{\npadding-bottom:10px;\n}\nbody .av-special-heading.av-24dz7r-25400999b4dd54ffa9fbc09f2cddf028 .av-special-heading-tag .heading-char{\nfont-size:25px;\n}\n.av-special-heading.av-24dz7r-25400999b4dd54ffa9fbc09f2cddf028 .av-subheading{\nfont-size:15px;\n}\n<\/style>\n<div  class='av-special-heading av-24dz7r-25400999b4dd54ffa9fbc09f2cddf028 av-special-heading-h1 blockquote modern-quote  avia-builder-el-2  el_after_av_hr  el_before_av_post_metadata  av-linked-heading'><h1 class='av-special-heading-tag '  >Das bisschen Erziehung?!<br \/>\nDarum machen Erzieherinnen und Erzieher mehr als blo\u00df einen Job <\/h1><div class='av-subheading av-subheading_below'><p class=\"autorenname\">Christine Hagemann<\/p>\n<\/div><div class=\"special-heading-border\"><div class=\"special-heading-inner-border\"><\/div><\/div><\/div><br \/>\n\n<style type=\"text\/css\" data-created_by=\"avia_inline_auto\" id=\"style-css-av-65jghz-255b0eef5927932ae43e094266f78907\">\n#top .av-post-metadata-container.av-65jghz-255b0eef5927932ae43e094266f78907{\nfont-size:12px;\n}\n#top .av-post-metadata-container.av-65jghz-255b0eef5927932ae43e094266f78907 .av-post-metadata-container-inner{\nfont-size:12px;\n}\n<\/style>\n<div  class='av-post-metadata-container av-65jghz-255b0eef5927932ae43e094266f78907 av-metadata-container-align-left  avia-builder-el-3  el_after_av_heading  el_before_av_textblock  av-metadata-container-1'><div class='av-post-metadata-container-inner'><span class=\"av-post-metadata-content av-post-metadata-meta-content\"><span class=\"av-post-metadata-content av-post-metadata-modified\"><span class=\"av-metadata-before av-metadata-before-modified\">Aktualisiert:<\/span><span class=\"av-post-metadata-modified-date\" >22. April 2026<\/span><\/span><span class=\"av-post-metadata-content av-post-metadata-separator\">\/<\/span><span class=\"av-post-metadata-content av-post-metadata-modified\"><span class=\"av-metadata-before av-metadata-before-modified\">Zuletzt aktualisiert:<\/span><span class=\"av-post-metadata-modified-date\" >22. April 2026<\/span><\/span><\/span><\/div><\/div><br \/>\n\n<style type=\"text\/css\" data-created_by=\"avia_inline_auto\" id=\"style-css-av-jkuubohz-5bd5902bdafe42e29df3f39e76d87d31\">\n#top .av_textblock_section.av-jkuubohz-5bd5902bdafe42e29df3f39e76d87d31 .avia_textblock{\nfont-size:20px;\n}\n<\/style>\n<section  class='av_textblock_section av-jkuubohz-5bd5902bdafe42e29df3f39e76d87d31 '  ><div class='avia_textblock' ><p class=\"einleitungstext-beitrag\">Kinder bespa\u00dfen und gute Laune verbreiten \u2013 kann doch jeder? Weit gefehlt, denn Erzieherinnen und Erzieher leisten wesentlich mehr. Ihre wertvolle Erziehungsarbeit pr\u00e4gt die zuk\u00fcnftige Gesellschaft.<\/p>\n<\/div><\/section><br \/>\n\n<style type=\"text\/css\" data-created_by=\"avia_inline_auto\" id=\"style-css-av-jkuuo5h6-e3dd3a4ed076220b527802aac4801ce5\">\n.avia-image-container.av-jkuuo5h6-e3dd3a4ed076220b527802aac4801ce5 img.avia_image{\nbox-shadow:none;\n}\n.avia-image-container.av-jkuuo5h6-e3dd3a4ed076220b527802aac4801ce5 .av-image-caption-overlay-center{\ncolor:#ffffff;\n}\n<\/style>\n<div  class='avia-image-container av-jkuuo5h6-e3dd3a4ed076220b527802aac4801ce5 av-styling- avia-align-center  avia-builder-el-5  el_after_av_textblock  el_before_av_hr '  ><div class=\"avia-image-container-inner\"><div class=\"avia-image-overlay-wrap\"><img decoding=\"async\" fetchpriority=\"high\" class='wp-image-2988 avia-img-lazy-loading-not-2988 avia_image ' src=\"https:\/\/www.backwinkel.de\/blog\/wp-content\/uploads\/2019\/04\/backwinkel-blog-tag-der-kinderbetreuung-heroimage.jpg\" alt='BACKWINKEL-Blog \u2013 Beitrag zum Thema Berufsbild ErzieherIn' title='Berufsbild ErzieherIn \u2013 Das bisschen Erziehung!?'  height=\"628\" width=\"1200\" srcset=\"https:\/\/www.backwinkel.de\/blog\/wp-content\/uploads\/2019\/04\/backwinkel-blog-tag-der-kinderbetreuung-heroimage.jpg 1200w, https:\/\/www.backwinkel.de\/blog\/wp-content\/uploads\/2019\/04\/backwinkel-blog-tag-der-kinderbetreuung-heroimage-300x157.jpg 300w, https:\/\/www.backwinkel.de\/blog\/wp-content\/uploads\/2019\/04\/backwinkel-blog-tag-der-kinderbetreuung-heroimage-768x402.jpg 768w, https:\/\/www.backwinkel.de\/blog\/wp-content\/uploads\/2019\/04\/backwinkel-blog-tag-der-kinderbetreuung-heroimage-1030x539.jpg 1030w, https:\/\/www.backwinkel.de\/blog\/wp-content\/uploads\/2019\/04\/backwinkel-blog-tag-der-kinderbetreuung-heroimage-705x369.jpg 705w, https:\/\/www.backwinkel.de\/blog\/wp-content\/uploads\/2019\/04\/backwinkel-blog-tag-der-kinderbetreuung-heroimage-450x236.jpg 450w\" sizes=\"(max-width: 1200px) 100vw, 1200px\" \/><\/div><\/div><\/div><br \/>\n\n<style type=\"text\/css\" data-created_by=\"avia_inline_auto\" id=\"style-css-av-jl6mo8rj-34-66ba4de6411bb9f3873e76ee10e7f967\">\n#top .hr.hr-invisible.av-jl6mo8rj-34-66ba4de6411bb9f3873e76ee10e7f967{\nheight:5px;\n}\n<\/style>\n<div  class='hr av-jl6mo8rj-34-66ba4de6411bb9f3873e76ee10e7f967 hr-invisible  avia-builder-el-6  el_after_av_image  el_before_av_textblock '><span class='hr-inner '><span class=\"hr-inner-style\"><\/span><\/span><\/div><br \/>\n\n<style type=\"text\/css\" data-created_by=\"avia_inline_auto\" id=\"style-css-av-jl7ql86y-e4dbe662e227d6e3ed63d4a5d145fa64\">\n#top .av_textblock_section.av-jl7ql86y-e4dbe662e227d6e3ed63d4a5d145fa64 .avia_textblock{\nfont-size:10px;\n}\n<\/style>\n<section  class='av_textblock_section av-jl7ql86y-e4dbe662e227d6e3ed63d4a5d145fa64 '  ><div class='avia_textblock' ><p class=\"bildnennung-beitrag\" style=\"text-align: left;\">\u00a9 RioPatuca Images, Adobestock.com<\/p>\n<\/div><\/section><br \/>\n\n<style type=\"text\/css\" data-created_by=\"avia_inline_auto\" id=\"style-css-av-jl6mo8rj-32-0b43de9c243c87f878f03865f131262a\">\n#top .hr.hr-invisible.av-jl6mo8rj-32-0b43de9c243c87f878f03865f131262a{\nheight:20px;\n}\n<\/style>\n<div  class='hr av-jl6mo8rj-32-0b43de9c243c87f878f03865f131262a hr-invisible  avia-builder-el-8  el_after_av_textblock  el_before_av_textblock '><span class='hr-inner '><span class=\"hr-inner-style\"><\/span><\/span><\/div><br \/>\n<section  class='av_textblock_section av-jkuubohz-33-a7710e2212fab8854b19935f42b4287b '  ><div class='avia_textblock' ><p>Fast jedes Kind in Deutschland besucht einen Kindergarten und gut ein Drittel der unter Dreij\u00e4hrigen wird in Kitas betreut. Der dringende Bedarf an Kitapl\u00e4tzen macht es deutlich: P\u00e4dagogische Fachkr\u00e4fte \u00fcbernehmen einen Gro\u00dfteil der Fr\u00fcherziehung unserer Kinder. Doch was macht diesen Job eigentlich aus?<\/p>\n<p>\u201eDen ganzen Tag mit Kindern spielen, ach, was f\u00fcr ein sch\u00f6ner Beruf.\u201c S\u00e4tze wie diesen h\u00f6ren Erziehende h\u00e4ufig. Immer noch h\u00e4lt sich das Klischee, jeder k\u00f6nne sich ein bisschen mit Kindern besch\u00e4ftigen, mit ihnen basteln und spielen. Doch zum Erzieherberuf geh\u00f6rt <strong>noch viel mehr<\/strong>! Denn die Kinder sollen gef\u00f6rdert, erzogen und auch gut betreut werden: Wichtige Aufgaben, die Erzieherinnen in Kita und Kindergarten t\u00e4glich aufs Neue meistern.<\/p>\n<\/div><\/section><\/p><\/div>\n<style type=\"text\/css\" data-created_by=\"avia_inline_auto\" id=\"style-css-av-swqf9-6bb490ea0cbb171c9d159bb967226129\">\n.flex_column.av-swqf9-6bb490ea0cbb171c9d159bb967226129{\nborder-radius:0px 0px 0px 0px;\npadding:20px 20px 20px 20px;\nbackground-color:#f2f2f2;\n}\n<\/style>\n<div  class='flex_column av-swqf9-6bb490ea0cbb171c9d159bb967226129 av_three_fifth  avia-builder-el-10  el_after_av_one_full  el_before_av_two_fifth  first flex_column_div  column-top-margin'     ><style type=\"text\/css\" data-created_by=\"avia_inline_auto\" id=\"style-css-av-jkuua5r2-d1baa9020b60f0b8929049cd70142866\">\n#top .av_textblock_section.av-jkuua5r2-d1baa9020b60f0b8929049cd70142866 .avia_textblock{\nfont-size:14px;\n}\n<\/style>\n<section  class='av_textblock_section av-jkuua5r2-d1baa9020b60f0b8929049cd70142866 '  ><div class='avia_textblock' ><p><strong>Inhalt<\/strong><\/p>\n<p><strong><a href=\"#1\">1. Was ErzieherInnen mitbringen<\/a><\/strong><br \/>\n1.1 Die Ausbildung hat es in sich<br \/>\n1.2 ErzieherInnen sind weitergebildet<\/p>\n<p><strong><a href=\"#2\">2. Diese fachlichen Kompetenzen zeichnen ErzieherInnen aus<\/a><\/strong><br \/>\n2.1 Fachkr\u00e4fte f\u00fcr elementare Bildung<br \/>\n2.2 ErzieherInnen sind Anw\u00e4lte der Kinderrechte<\/p>\n<p><strong><a href=\"#3\">3. Fazit: Die Gesellschaft baut auf Erzieherinnen und Erzieher<\/a><\/strong><\/p>\n<\/div><\/section><\/div><\/p>\n\n<style type=\"text\/css\" data-created_by=\"avia_inline_auto\" id=\"style-css-av-2532d-6e1ea05e25305745634c0a02c87dc827\">\n.flex_column.av-2532d-6e1ea05e25305745634c0a02c87dc827{\nborder-radius:0px 0px 0px 0px;\npadding:0 0 0 0;\n}\n<\/style>\n<div  class='flex_column av-2532d-6e1ea05e25305745634c0a02c87dc827 av_two_fifth  avia-builder-el-12  el_after_av_three_fifth  el_before_av_sidebar  flex_column_div av-zero-column-padding  column-top-margin'     ><\/div>\n<div  class='avia-builder-widget-area clearfix  avia-builder-el-13  el_after_av_two_fifth  el_before_av_one_full '><div id=\"text-33\" class=\"widget clearfix widget_text\">\t\t\t<div class=\"textwidget\"><p><a href=\"https:\/\/www.backwinkel.de\/nachhaltig-denken\/\" target=\"\\_blank\" rel=\"noopener\"><br \/>\n<img decoding=\"async\" class=\"werbung-desktop alignnone wp-image-4186 size-full\" src=\"https:\/\/www.backwinkel.de\/blog\/wp-content\/uploads\/2026\/04\/Backwinkel-blog-werbebanner-shop-kita-schule_desktop.jpg\" alt=\"\" width=\"1251\" height=\"201\" \/><br \/>\n<\/a><br \/>\n<a href=\"https:\/\/www.backwinkel.de\/nachhaltig-denken\/\" target=\"\\_blank\" rel=\"noopener\"><br \/>\n<img decoding=\"async\" class=\"werbung-mobile alignnone wp-image-4187 size-full\" src=\"https:\/\/www.backwinkel.de\/blog\/wp-content\/uploads\/2026\/04\/Backwinkel-blog-werbebanner-shop-kiga-schule_mobile.jpg\" alt=\"\" width=\"550\" height=\"500\" \/><br \/>\n<\/a><\/p>\n<\/div>\n\t\t<\/div><\/div>\n\n<style type=\"text\/css\" data-created_by=\"avia_inline_auto\" id=\"style-css-av-hh5al-9c53459d093ff912fcc98cf97e19d753\">\n.flex_column.av-hh5al-9c53459d093ff912fcc98cf97e19d753{\nborder-radius:0px 0px 0px 0px;\npadding:0px 0px 0px 0px;\n}\n<\/style>\n<div  class='flex_column av-hh5al-9c53459d093ff912fcc98cf97e19d753 av_one_full  avia-builder-el-14  el_after_av_sidebar  el_before_av_one_full  first flex_column_div av-zero-column-padding  '     ><p><section  class='av_textblock_section av-jkuul0eg-47aa45f9d704d9c8972e1ddf4c471077 '  ><div class='avia_textblock' >\n<style type=\"text\/css\" data-created_by=\"avia_inline_auto\" id=\"style-css-av-7c7r8-1ad3209b7b9ea9c60cc97e362d76ea5e\">\n#top .hr.hr-invisible.av-7c7r8-1ad3209b7b9ea9c60cc97e362d76ea5e{\nheight:20px;\n}\n<\/style>\n<div  class='hr av-7c7r8-1ad3209b7b9ea9c60cc97e362d76ea5e hr-invisible  avia-builder-el-16  avia-builder-el-no-sibling '><span class='hr-inner '><span class=\"hr-inner-style\"><\/span><\/span><\/div>\n<h2 id=\"1\" class=\"position\">Was ErzieherInnen mitbringen<\/h2>\n<p>Wer sich f\u00fcr den Erzieherberuf entscheidet, hat als wichtigste Voraussetzung Spa\u00df daran, mit Kindern zu leben und sich mit ihren Bed\u00fcrfnissen auseinanderzusetzen. Dar\u00fcber hinaus sollten Interessierte sich aber in jedem Fall dar\u00fcber im Klaren sein, dass es etwas v\u00f6llig anderes ist, mal eine Weile auf ein paar Kinder aufzupassen oder permanent jeden Tag f\u00fcr eine ganze Gruppe kleiner Kinder verantwortlich zu sein. Dazu geh\u00f6rt eine gute Portion <strong>Stressresistenz<\/strong>. Und jede Menge <strong>Geduld<\/strong>.<\/p>\n<p>Zu den St\u00e4rken einer Erzieherin<sup><a href=\"#fussnote1\">1<\/a><\/sup> z\u00e4hlen daher Verantwortungsbewusstsein, eine feste Wertehaltung, Entscheidungsf\u00e4higkeit, vorausschauendes Handeln, Teamf\u00e4higkeit und Selbstreflexion. Wichtig ist Offenheit, denn sie muss sich auf unvorhersehbare Situationen einstellen k\u00f6nnen.<\/p>\n<\/div><\/section><br \/>\n\n<style type=\"text\/css\" data-created_by=\"avia_inline_auto\" id=\"style-css-av-jl6mo8rj-31-4a19984ca9d8de7d26a6a6f8797347af\">\n#top .hr.hr-invisible.av-jl6mo8rj-31-4a19984ca9d8de7d26a6a6f8797347af{\nheight:20px;\n}\n<\/style>\n<div  class='hr av-jl6mo8rj-31-4a19984ca9d8de7d26a6a6f8797347af hr-invisible  avia-builder-el-17  el_after_av_textblock  el_before_av_textblock '><span class='hr-inner '><span class=\"hr-inner-style\"><\/span><\/span><\/div><br \/>\n<section  class='av_textblock_section av-jkuubohz-30-d1d1256957a5229462bb75a95af5a4e4 '  ><div class='avia_textblock' ><blockquote>\n<p>\u201eWas eine Erzieherin braucht? Ein hohes Ma\u00df an Einf\u00fchlungsverm\u00f6gen, viel Fantasie f\u00fcr die kindliche Welt. Den Kindern zuh\u00f6ren und selber miteintauchen in ihre fantasievolle Lebenswelt.\u201c<\/p>\n<p class=\"bildnennung-beitrag\">Jasmin, 25, Erzieherin<\/p>\n<\/blockquote>\n<\/div><\/section><br \/>\n\n<style type=\"text\/css\" data-created_by=\"avia_inline_auto\" id=\"style-css-av-jl6mo8rj-26-1396d988297247871619a6ea0f2f77a4\">\n#top .hr.hr-invisible.av-jl6mo8rj-26-1396d988297247871619a6ea0f2f77a4{\nheight:20px;\n}\n<\/style>\n<div  class='hr av-jl6mo8rj-26-1396d988297247871619a6ea0f2f77a4 hr-invisible  avia-builder-el-19  el_after_av_textblock  el_before_av_textblock '><span class='hr-inner '><span class=\"hr-inner-style\"><\/span><\/span><\/div><br \/>\n<section  class='av_textblock_section av-jkuul0eg-28-ddefc5ed8cce4d9e1c546946b2ba750f '  ><div class='avia_textblock' ><h3>Die Ausbildung hat es in sich<\/h3>\n<p>Der Erzieherberuf ist kein Job f\u00fcr jedermann! Schon der Weg dahin ist \u00e4u\u00dferst anspruchsvoll. Die Ausbildung dauert in der Regel drei Jahre. Jedes Bundesland hat sein eigenes Modell. In den ersten zwei Jahren wird theoretisches Wissen erlernt und in Praktika erprobt. Das anschlie\u00dfende Anerkennungsjahr ist ein Praxisjahr, inklusive Klausuren und schriftlichen Ausarbeitungen.<\/p>\n<p>Der Ausbildungsplan f\u00fcr Erzieherinnen enth\u00e4lt einen allgemeinbildenden und einen fachspezifischen Teil. Allgemeinbildung hat im Kindergarten einen sehr hohen Stellenwert. Ein Schwerpunkt ist Deutsch, denn Kommunikation spielt im t\u00e4glichen Umgang mit Kindern und Eltern eine wesentliche Rolle. Weitere F\u00e4cher sind Ethik, Englisch, Sozialwissenschaften und Politik.<\/p>\n<p>Der Unterricht ist vielseitig und praxisorientiert. Im fachlichen Bereich gibt es je nach Bundesland und Konzept der Einrichtung andere Schwerpunkte und auch Wahlm\u00f6glichkeiten, sodass Erzieherinnen sich in eine bestimmte Richtung spezialisieren k\u00f6nnen.<\/p>\n<p>Meist sind folgende F\u00e4cher vertreten:<\/p>\n<ul>\n<li>P\u00e4dagogik, Entwicklungspsychologie<\/li>\n<li>Erziehungstheorien<\/li>\n<li>Sprachentwicklung, Sprachst\u00f6rung, Sprachf\u00f6rderung<\/li>\n<li>Kinderliteratur<\/li>\n<li>Inklusion von Kindern mit Behinderung<\/li>\n<li>Kunst, Werken, Basteln<\/li>\n<li>Gesundheitserziehung<\/li>\n<li>Bewegung<\/li>\n<li>Ern\u00e4hrungswissenschaft<\/li>\n<li>musikalische Fr\u00fcherziehung<\/li>\n<li>Verwaltung, Organisation<\/li>\n<li>rechtliche Rahmenbedingungen<\/li>\n<li>Elternarbeit<\/li>\n<li>Konfliktmanagement, Gespr\u00e4chsf\u00fchrung<\/li>\n<\/ul>\n<\/div><\/section><br \/>\n\n<style type=\"text\/css\" data-created_by=\"avia_inline_auto\" id=\"style-css-av-jl6mo8rj-24-379dcf1d1b76a90732d85e9f217620a7\">\n#top .hr.hr-invisible.av-jl6mo8rj-24-379dcf1d1b76a90732d85e9f217620a7{\nheight:20px;\n}\n<\/style>\n<div  class='hr av-jl6mo8rj-24-379dcf1d1b76a90732d85e9f217620a7 hr-invisible  avia-builder-el-21  el_after_av_textblock  el_before_av_textblock '><span class='hr-inner '><span class=\"hr-inner-style\"><\/span><\/span><\/div><br \/>\n<section  class='av_textblock_section av-jkuubohz-25-f10ceac05dd4734443718997fc393304 '  ><div class='avia_textblock' ><blockquote>\n<p>\u201eMit meiner Ausbildung bin ich jetzt fast fertig. Die F\u00e4cher finde ich spannend, nur die Schreiberei ist manchmal echt viel, nach meinem Tag im Kindergarten. Ich sitze oft abends und am Wochenende an den T\u00e4tigkeitsberichten und schreibe meine Abschlussarbeit.\u201c<\/p>\n<p class=\"bildnennung-beitrag\">Jenny, 20, Erzieherin in berufsbegleitender Ausbildung<\/p>\n<\/blockquote>\n<\/div><\/section><br \/>\n\n<style type=\"text\/css\" data-created_by=\"avia_inline_auto\" id=\"style-css-av-jl6mo8rj-22-78fec098b8652f9c1a975e13e494e25d\">\n#top .hr.hr-invisible.av-jl6mo8rj-22-78fec098b8652f9c1a975e13e494e25d{\nheight:20px;\n}\n<\/style>\n<div  class='hr av-jl6mo8rj-22-78fec098b8652f9c1a975e13e494e25d hr-invisible  avia-builder-el-23  el_after_av_textblock  el_before_av_textblock '><span class='hr-inner '><span class=\"hr-inner-style\"><\/span><\/span><\/div><br \/>\n<section  class='av_textblock_section av-jkuubohz-21-97fb64a915a77b53a6682ef7b7857c31 '  ><div class='avia_textblock' ><h3>ErzieherInnen sind weitergebildet<\/h3>\n<p>Viele Erzieherinnen verf\u00fcgen bereits vor ihrer Ausbildung \u00fcber fachliche Qualifikationen, etwa eine Ausbildung als Kinderpflegerin oder Berufserfahrung im gesundheitlichen und pflegerischen Bereich. Oder sie haben sich nebenberuflich weitergebildet. Regelm\u00e4\u00dfige Fortbildungen geh\u00f6ren zum Jobprofil, um <strong>p\u00e4dagogisch jederzeit auf dem neusten Stand<\/strong> zu sein.<\/p>\n<p>Die meisten Einrichtungen bieten mindestens einmal pro Jahr eine spezifische Weiterbildung an. Dabei geht es um <strong>konkrete Themen<\/strong> wie zum Beispiel:<\/p>\n<ul>\n<li>gesunde Ern\u00e4hrung im Kindergarten<\/li>\n<li>Aufmerksamkeitsdefizite erkennen und damit umgehen<\/li>\n<li>St\u00f6rungen oder Misshandlungen erkennen und darauf reagieren<\/li>\n<li>neue Spiele, Ideen f\u00fcr Kindergartenausfl\u00fcge<\/li>\n<li><a href=\"https:\/\/blog.backwinkel.de\/raumgestaltung-kita-kindergarten\/\" target=\"_blank\" rel=\"noopener\">Raumgestaltung in der Kita<\/a><\/li>\n<li>Begegnung verschiedener Kulturen<\/li>\n<li>Gespr\u00e4che mit Eltern f\u00fchren<\/li>\n<li>Spielen und warum es so wichtig f\u00fcr die kindliche Entwicklung ist<\/li>\n<\/ul>\n<p>Hinzu kommen Weiterbildungen, die schwerpunktm\u00e4\u00dfig auf die p\u00e4dagogische Konzeption der Einrichtung abgestimmt sind.<\/p>\n<p><strong>Grunds\u00e4tzliche p\u00e4dagogische Ans\u00e4tze<\/strong> sind zum Beispiel:<\/p>\n<ul>\n<li>Fr\u00f6belp\u00e4dagogik<\/li>\n<li>Montessorip\u00e4dagogik<\/li>\n<li>Reggio-P\u00e4dagogik<\/li>\n<li>Waldorfp\u00e4dagogik<\/li>\n<li>Situationsorientierter Ansatz<\/li>\n<li>Interkulturelle Erziehung<\/li>\n<li>Waldkindergarten<\/li>\n<\/ul>\n<\/div><\/section><\/p><\/div>\n\n<style type=\"text\/css\" data-created_by=\"avia_inline_auto\" id=\"style-css-av-hh5al-29-de7ee67d8d8562d2370974f07eba8752\">\n.flex_column.av-hh5al-29-de7ee67d8d8562d2370974f07eba8752{\nborder-radius:0px 0px 0px 0px;\npadding:0px 0px 0px 0px;\n}\n<\/style>\n<div  class='flex_column av-hh5al-29-de7ee67d8d8562d2370974f07eba8752 av_one_full  avia-builder-el-25  el_after_av_one_full  el_before_av_one_full  first flex_column_div av-zero-column-padding  column-top-margin'     ><p><section  class='av_textblock_section av-jkuul0eg-23-8036b95472395567bdecb5ecba98d86d '  ><div class='avia_textblock' >\n<style type=\"text\/css\" data-created_by=\"avia_inline_auto\" id=\"style-css-av-7c7r8-27-7fa87a9fcfc46a3f61304177217b26d8\">\n#top .hr.hr-invisible.av-7c7r8-27-7fa87a9fcfc46a3f61304177217b26d8{\nheight:20px;\n}\n<\/style>\n<div  class='hr av-7c7r8-27-7fa87a9fcfc46a3f61304177217b26d8 hr-invisible  avia-builder-el-27  avia-builder-el-no-sibling '><span class='hr-inner '><span class=\"hr-inner-style\"><\/span><\/span><\/div>\n<h2 id=\"2\" class=\"position\">Diese fachlichen Kompetenzen zeichnen ErzieherInnen aus<\/h2>\n<p>Nicht nur berufst\u00e4tige Eltern sind froh und dankbar \u00fcber einen Kitaplatz f\u00fcr ihre Kinder, denn sie wissen, dass ihre Kleinen dort in guten H\u00e4nden sind. Selbstverst\u00e4ndlich geht es darum, den Kindern eine gl\u00fcckliche Zeit zu bereiten. Die p\u00e4dagogischen F\u00e4higkeiten von Erzieherinnen und die Herausforderungen, die sie w\u00e4hrend EINES Arbeitstages meistern, werden allerdings h\u00e4ufig verkannt!<\/p>\n<p>Hier zeigen wir Ihnen mal einen kleinen Einblick in die vielf\u00e4ltigen Aufgaben einer Erzieherin:<\/p>\n<table>\n<tbody>\n<tr>\n<td width=\"25%\"><strong>Bereich<\/strong><\/td>\n<td width=\"75%\"><strong>Aufgaben<\/strong><\/td>\n<\/tr>\n<tr>\n<td width=\"25%\">1. P\u00e4dagogische Arbeit<\/td>\n<td width=\"75%\">Neben der reinen Betreuung geh\u00f6ren Vorbereiten und Anpassen von Aktivit\u00e4ten zur p\u00e4dagogischen Arbeit. Erzieher setzen <strong>Beziehungs<\/strong>&#8211; und <strong>Bildungsprozesse<\/strong> in Gang, beobachten die Kinder, f\u00f6rdern ihre Selbstst\u00e4ndigkeit und ermutigen sie zum n\u00e4chsten Entwicklungsschritt. Im Team werden F\u00f6rderpl\u00e4ne entwickelt und Durchf\u00fchrungen p\u00e4dagogischer Angebote evaluiert.<\/td>\n<\/tr>\n<tr>\n<td width=\"25%\">2. Pflege und Zuwendung<\/td>\n<td width=\"75%\">Die Erziehungsarbeit in der Kita orientiert sich am Wohl des Kindes. Da kleine Kinder viel F\u00fcrsorge, Aufmerksamkeit und besonderen Schutz ben\u00f6tigen, ist die Aufgabe mit sehr viel Verantwortung verbunden. Die Kleinsten m\u00fcssen oft noch gewickelt werden. Auch das Z\u00e4hneputzen geh\u00f6rt zur Pflege.<\/td>\n<\/tr>\n<tr>\n<td width=\"25%\">3. Aktivit\u00e4ten in der Gruppe<\/td>\n<td width=\"75%\">Erzieherinnen strukturieren den Tagesablauf, gestalten Angebote und sorgen daf\u00fcr, dass jedes Kind seinen Platz in der Gemeinschaft hat. Sie vermitteln und schlichten, reden und spielen mit den Kindern, tr\u00f6sten und muntern sie auf. Zudem gehen sie auf die Ideen der Kinder ein und k\u00f6nnen sich schnell auf neue Situationen einstellen. Bei Ausfl\u00fcgen oder Festen ist besonders viel Organisationsgeschick gefragt.<\/td>\n<\/tr>\n<tr>\n<td width=\"25%\">4. Mahlzeiten und Haushalt<\/td>\n<td width=\"75%\">Im Rahmen der Kinderbetreuung f\u00e4llt Erzieherinnen meist auch die Aufgabe zu, Speisen zuzubereiten bzw. f\u00fcr gemeinsame Mahlzeiten zu sorgen. Auch das Aufr\u00e4umen im Gruppenraum z\u00e4hlt zu den Alltagsaufgaben.<\/td>\n<\/tr>\n<tr>\n<td width=\"25%\">5. Elterngespr\u00e4che und Kooperation<\/td>\n<td width=\"75%\">Erzieherinnen sind regelm\u00e4\u00dfig in Gespr\u00e4chen mit Eltern und Kooperationspartnern wie Schulen und Beratungsstellen. Neben Fachkompetenz bew\u00e4hrt sich dabei vor allem die Sozialkompetenz der Erzieherinnen.<\/td>\n<\/tr>\n<\/tbody>\n<\/table>\n<\/div><\/section><br \/>\n\n<style type=\"text\/css\" data-created_by=\"avia_inline_auto\" id=\"style-css-av-jl6mo8rj-20-318be034592296b5b8e593a56481b77b\">\n#top .hr.hr-invisible.av-jl6mo8rj-20-318be034592296b5b8e593a56481b77b{\nheight:20px;\n}\n<\/style>\n<div  class='hr av-jl6mo8rj-20-318be034592296b5b8e593a56481b77b hr-invisible  avia-builder-el-28  el_after_av_textblock  el_before_av_textblock '><span class='hr-inner '><span class=\"hr-inner-style\"><\/span><\/span><\/div><br \/>\n<section  class='av_textblock_section av-jkuul0eg-17-3e7163a435a01b6f5ef12ed98583b0d5 '  ><div class='avia_textblock' ><h3>Fachleute f\u00fcr elementare Bildung<\/h3>\n<p>Kitas haben einen eigenst\u00e4ndigen Bildungs-, Erziehungs- und Betreuungsauftrag. Kernaufgabe ist die F\u00f6rderung des Kindes in der <strong>Entwicklung seiner Pers\u00f6nlichkeit<\/strong>. Besonders wichtig sind dabei die Beratung und das regelm\u00e4\u00dfige Informieren der Eltern, vor allem zu Bildungsfragen und Erziehung.<\/p>\n<p>Ein wichtiges Aufgabengebiet ist die Beobachtung. Die Erzieherin hat das Verhalten der Kinder im Blick und <strong>dokumentiert die einzelnen Entwicklungsfortschritte<\/strong> in einem Beobachtungsbogen. Im Team tauschen sich die Erziehenden \u00fcber die Entwicklung der Kinder aus, reflektieren Gruppensituationen und erarbeiten gemeinsam die Umsetzung des Bildungsplans.<\/p>\n<p>Die fr\u00fchkindliche Bildung beginnt bei den Allerkleinsten. Im Mittelpunkt stehen die Bed\u00fcrfnisse der Kinder. Die Erzieherin leistet wertvolle <strong>emotionale Beziehungsarbeit<\/strong> und f\u00f6rdert spielerisch die kindliche <strong>Wahrnehmungs- und Ausdrucksf\u00e4higkeit<\/strong>. Die Spielideen werden in jeder Altersgruppe <strong>angepasst<\/strong>, sodass F\u00e4higkeiten gezielt gef\u00f6rdert werden. Schlie\u00dflich erwartet die Grundschule am Ende der Kindergartenzeit einen nahtlosen \u00dcbergang.<\/p>\n<div id=\"attachment_3073\" style=\"width: 710px\" class=\"wp-caption alignnone\"><a href=\"https:\/\/blog.backwinkel.de\/wp-content\/uploads\/2019\/04\/backwinkel-blog-erzieher-bildungsbereiche-kreisgrafik.png\"><img decoding=\"async\" aria-describedby=\"caption-attachment-3073\" class=\"wp-image-3073\" src=\"https:\/\/blog.backwinkel.de\/wp-content\/uploads\/2019\/04\/backwinkel-blog-erzieher-bildungsbereiche-kreisgrafik.png\" alt=\"\" width=\"700\" height=\"700\" srcset=\"https:\/\/www.backwinkel.de\/blog\/wp-content\/uploads\/2019\/04\/backwinkel-blog-erzieher-bildungsbereiche-kreisgrafik.png 2220w, https:\/\/www.backwinkel.de\/blog\/wp-content\/uploads\/2019\/04\/backwinkel-blog-erzieher-bildungsbereiche-kreisgrafik-300x300.png 300w, https:\/\/www.backwinkel.de\/blog\/wp-content\/uploads\/2019\/04\/backwinkel-blog-erzieher-bildungsbereiche-kreisgrafik-768x768.png 768w, https:\/\/www.backwinkel.de\/blog\/wp-content\/uploads\/2019\/04\/backwinkel-blog-erzieher-bildungsbereiche-kreisgrafik-1030x1030.png 1030w, https:\/\/www.backwinkel.de\/blog\/wp-content\/uploads\/2019\/04\/backwinkel-blog-erzieher-bildungsbereiche-kreisgrafik-36x36.png 36w, https:\/\/www.backwinkel.de\/blog\/wp-content\/uploads\/2019\/04\/backwinkel-blog-erzieher-bildungsbereiche-kreisgrafik-180x180.png 180w, https:\/\/www.backwinkel.de\/blog\/wp-content\/uploads\/2019\/04\/backwinkel-blog-erzieher-bildungsbereiche-kreisgrafik-1500x1500.png 1500w, https:\/\/www.backwinkel.de\/blog\/wp-content\/uploads\/2019\/04\/backwinkel-blog-erzieher-bildungsbereiche-kreisgrafik-705x705.png 705w, https:\/\/www.backwinkel.de\/blog\/wp-content\/uploads\/2019\/04\/backwinkel-blog-erzieher-bildungsbereiche-kreisgrafik-120x120.png 120w, https:\/\/www.backwinkel.de\/blog\/wp-content\/uploads\/2019\/04\/backwinkel-blog-erzieher-bildungsbereiche-kreisgrafik-450x450.png 450w\" sizes=\"(max-width: 700px) 100vw, 700px\" \/><\/a><p id=\"caption-attachment-3073\" class=\"wp-caption-text\">Bildungsbereiche am Beispiel des Bundeslandes <a href=\"https:\/\/www.kita.nrw.de\/fachkraefte-fachberatung\/fruehkindliche-bildung\" target=\"_blank\" rel=\"noopener\">NRW<\/a><\/p><\/div>\n<\/div><\/section><br \/>\n\n<style type=\"text\/css\" data-created_by=\"avia_inline_auto\" id=\"style-css-av-jl6mo8rj-15-75e282268ffd2fe3be0c58ad4cc1ca31\">\n#top .hr.hr-invisible.av-jl6mo8rj-15-75e282268ffd2fe3be0c58ad4cc1ca31{\nheight:50px;\n}\n<\/style>\n<div  class='hr av-jl6mo8rj-15-75e282268ffd2fe3be0c58ad4cc1ca31 hr-invisible  avia-builder-el-30  el_after_av_textblock  el_before_av_textblock '><span class='hr-inner '><span class=\"hr-inner-style\"><\/span><\/span><\/div><br \/>\n<section  class='av_textblock_section av-jkuul0eg-14-fc0fc99e48d8c5c782b0c333d9e1a3f2 '  ><div class='avia_textblock' ><h3>ErzieherInnen sind Anw\u00e4lte der Kinderrechte<\/h3>\n<p>Jedes Kind hat einen Anspruch auf Bildung und F\u00f6rderung seiner Pers\u00f6nlichkeit. Ziel ist es, jedes Kind individuell zu f\u00f6rdern. Das beherzigen Erzieherinnen im Kindergarten jeden Tag \u2013 und nicht nur, weil es im Kinderbildungsgesetz<sup><a href=\"#fussnote2\">2<\/a><\/sup> steht. Sie wissen: <strong>Bildungsr\u00e4ume sind Lebensr\u00e4ume.<\/strong><\/p>\n<p>Insbesondere f\u00fcr die sozial-emotionale Entwicklung bei Kindern ist aktive Partizipation wichtig, um ihre Eigenst\u00e4ndigkeit und ihr Selbstvertrauen zu st\u00e4rken. Werden die Kinder an Entscheidungen<strong> beteiligt<\/strong>, lernen sie, ihre Gef\u00fchle und W\u00fcnsche wahrzunehmen und auszudr\u00fccken.<\/p>\n<\/div><\/section><\/p><\/div>\n\n<style type=\"text\/css\" data-created_by=\"avia_inline_auto\" id=\"style-css-av-hh5al-18-8d44ed9080475bc333e749da47b5d0c8\">\n.flex_column.av-hh5al-18-8d44ed9080475bc333e749da47b5d0c8{\nborder-radius:0px 0px 0px 0px;\npadding:0px 0px 0px 0px;\n}\n<\/style>\n<div  class='flex_column av-hh5al-18-8d44ed9080475bc333e749da47b5d0c8 av_one_full  avia-builder-el-32  el_after_av_one_full  el_before_av_one_full  first flex_column_div av-zero-column-padding  column-top-margin'     ><style type=\"text\/css\" data-created_by=\"avia_inline_auto\" id=\"style-css-av-jqz83eqo-488d032161b0dfbe1d989bf7937d51da\">\n.av_promobox.av-jqz83eqo-488d032161b0dfbe1d989bf7937d51da{\ncolor:#575757;\nbackground:#ffffff;\nborder-color:#575757;\n}\n<\/style>\n<div  class='av_promobox av-jqz83eqo-488d032161b0dfbe1d989bf7937d51da avia-button-no  avia-builder-el-33  avia-builder-el-no-sibling '><div class='avia-promocontent'><\/p>\n<h4>Artikel 12 der UN-Kinderrechtskonvention<\/h4>\n<p>\u201eKinder haben das Recht, an allen sie betreffenden Entscheidungen entsprechend ihrem Entwicklungsstand beteiligt zu werden. Es ist zugleich ein Recht, sich nicht zu beteiligen.<\/p>\n<p>Dieser Freiwilligkeit seitens der Kinder, ihr Recht auszu\u00fcben, steht die Verpflichtung der Erwachsenen gegen\u00fcber, Kinder zu beteiligen, ihr Interesse f\u00fcr Beteiligung zu wecken.\u201c<\/p>\n<\/div><\/div><\/div>\n\n<style type=\"text\/css\" data-created_by=\"avia_inline_auto\" id=\"style-css-av-hh5al-11-bc7508ed50e051006636c4691a817b9f\">\n.flex_column.av-hh5al-11-bc7508ed50e051006636c4691a817b9f{\nborder-radius:0px 0px 0px 0px;\npadding:0px 0px 0px 0px;\n}\n<\/style>\n<div  class='flex_column av-hh5al-11-bc7508ed50e051006636c4691a817b9f av_one_full  avia-builder-el-34  el_after_av_one_full  el_before_av_one_full  first flex_column_div av-zero-column-padding  column-top-margin'     ><section  class='av_textblock_section av-jkuul0eg-12-a3e2cb6d586cfc8a1f960ae014032a9c '  ><div class='avia_textblock' ><p>Erzieherinnen im Kindergarten <strong>beraten und unterst\u00fctzen die Eltern und Familien<\/strong> zu wichtigen Fragen der Bildung, Erziehung und Betreuung des Kindes. Dazu bieten sie Einzelgespr\u00e4che \u00fcber die Entwicklung des Kindes und eventuell geplante Ma\u00dfnahmen zur gezielten F\u00f6rderung an. Manchmal m\u00fcssen auch Verhaltensauff\u00e4lligkeiten angesprochen werden.<\/p>\n<p>Nicht immer verl\u00e4uft der Dialog harmonisch. Manche Eltern wollen sich nicht in die Erziehung ihres Kindes \u201ereinreden\u201c lassen oder sie tun sich schwer mit dem p\u00e4dagogischen Konzept der Kita. Doch die allermeisten Eltern wissen gerade die <strong>Sorgfalt und Kompetenz<\/strong> der Erzieherinnen zu sch\u00e4tzen. Der beste Beweis sind die Kinder selbst, wenn sie zu Hause gl\u00fccklich von ihren Erlebnissen erz\u00e4hlen.<\/p>\n<\/div><\/section><\/div>\n\n<style type=\"text\/css\" data-created_by=\"avia_inline_auto\" id=\"style-css-av-hh5al-9-2962b116a3b737ca41d9b8838d532d10\">\n.flex_column.av-hh5al-9-2962b116a3b737ca41d9b8838d532d10{\nborder-radius:0px 0px 0px 0px;\npadding:0px 0px 0px 0px;\n}\n<\/style>\n<div  class='flex_column av-hh5al-9-2962b116a3b737ca41d9b8838d532d10 av_one_full  avia-builder-el-36  el_after_av_one_full  el_before_av_one_full  first flex_column_div av-zero-column-padding  column-top-margin'     ><section  class='av_textblock_section av-jkuul0eg-8-2f4ac3010d73682f68b70eb6b9e47434 '  ><div class='avia_textblock' >\n<style type=\"text\/css\" data-created_by=\"avia_inline_auto\" id=\"style-css-av-7c7r8-16-c30c4c7d83524c6c0d801deb089bba54\">\n#top .hr.hr-invisible.av-7c7r8-16-c30c4c7d83524c6c0d801deb089bba54{\nheight:20px;\n}\n<\/style>\n<div  class='hr av-7c7r8-16-c30c4c7d83524c6c0d801deb089bba54 hr-invisible  avia-builder-el-38  avia-builder-el-no-sibling '><span class='hr-inner '><span class=\"hr-inner-style\"><\/span><\/span><\/div>\n<h2 id=\"3\" class=\"position\">Fazit: Unsere Gesellschaft baut auf Erzieherinnen und Erzieher<\/h2>\n<p>Obgleich klischeebehaftet, genie\u00dft der Erzieherberuf in der Bev\u00f6lkerung dennoch hohes Ansehen. Wer allerdings reich werden m\u00f6chte, w\u00e4hlt sicherlich einen anderen Job. F\u00fcr Erzieherinnen und Erzieher bedeutet Ihre Jobwahl Berufung. Einsteiger k\u00f6nnen im Schnitt mit etwa 2.500 Euro brutto im Monat rechnen, im \u00d6ffentlichen Dienst mit ca. 2.800 Euro brutto. Damit liegt das Gehalt im Vergleich deutlich unter dem eines Grundschullehrers.<\/p>\n<\/div><\/section><\/div>\n\n<style type=\"text\/css\" data-created_by=\"avia_inline_auto\" id=\"style-css-av-hh5al-7-3d8f67f3fe030a9a9db8010470dfdf23\">\n.flex_column.av-hh5al-7-3d8f67f3fe030a9a9db8010470dfdf23{\nborder-radius:0px 0px 0px 0px;\npadding:0px 0px 0px 0px;\n}\n<\/style>\n<div  class='flex_column av-hh5al-7-3d8f67f3fe030a9a9db8010470dfdf23 av_one_full  avia-builder-el-39  el_after_av_one_full  el_before_av_one_full  first flex_column_div av-zero-column-padding  column-top-margin'     ><style type=\"text\/css\" data-created_by=\"avia_inline_auto\" id=\"style-css-av-jqz83eqo-10-a2728df6384be58daf77053d64675abd\">\n.av_promobox.av-jqz83eqo-10-a2728df6384be58daf77053d64675abd{\ncolor:#575757;\nbackground:#ffffff;\nborder-color:#575757;\n}\n<\/style>\n<div  class='av_promobox av-jqz83eqo-10-a2728df6384be58daf77053d64675abd avia-button-no  avia-builder-el-40  avia-builder-el-no-sibling '><div class='avia-promocontent'><p>\n<strong>Info: <\/strong><\/p>\n<p>Laut der \u201eB\u00fcrgerbefragung \u00d6ffentlicher Dienst 2017\u201c sprachen 85 Prozent der befragten Personen den Erzieherinnen und Erziehern ein sehr hohes Ansehen aus. Von den erfassten 33 Berufsgruppen lagen nur der Feuerwehrmann, der Arzt und der Kranken-\/ Altenpfleger dar\u00fcber. Besonders deutlich wird der <strong>hohe Vertrauensstatus<\/strong> im Vergleich mit Berufsgruppen, die schlechter abschnitten.<\/p>\n<p><strong>Beispiele<\/strong>:<\/p>\n<p><a href=\"https:\/\/blog.backwinkel.de\/wp-content\/uploads\/2019\/04\/backwinkel-blog-erzieher-vertrauensstatus-diagramm.png\"><img decoding=\"async\" class=\"alignnone size-full wp-image-3068\" src=\"https:\/\/blog.backwinkel.de\/wp-content\/uploads\/2019\/04\/backwinkel-blog-erzieher-vertrauensstatus-diagramm.png\" alt=\"\" width=\"2500\" height=\"1309\" srcset=\"https:\/\/www.backwinkel.de\/blog\/wp-content\/uploads\/2019\/04\/backwinkel-blog-erzieher-vertrauensstatus-diagramm.png 2500w, https:\/\/www.backwinkel.de\/blog\/wp-content\/uploads\/2019\/04\/backwinkel-blog-erzieher-vertrauensstatus-diagramm-300x157.png 300w, https:\/\/www.backwinkel.de\/blog\/wp-content\/uploads\/2019\/04\/backwinkel-blog-erzieher-vertrauensstatus-diagramm-768x402.png 768w, https:\/\/www.backwinkel.de\/blog\/wp-content\/uploads\/2019\/04\/backwinkel-blog-erzieher-vertrauensstatus-diagramm-1030x539.png 1030w, https:\/\/www.backwinkel.de\/blog\/wp-content\/uploads\/2019\/04\/backwinkel-blog-erzieher-vertrauensstatus-diagramm-1500x785.png 1500w, https:\/\/www.backwinkel.de\/blog\/wp-content\/uploads\/2019\/04\/backwinkel-blog-erzieher-vertrauensstatus-diagramm-705x369.png 705w, https:\/\/www.backwinkel.de\/blog\/wp-content\/uploads\/2019\/04\/backwinkel-blog-erzieher-vertrauensstatus-diagramm-450x236.png 450w\" sizes=\"(max-width: 2500px) 100vw, 2500px\" \/><\/a><\/p>\n<p>Quelle: dbb Beamtenbund und Tarifunion (Hrsg.): B\u00fcrgerbefragung \u201e\u00d6ffentlicher Dienst\u201c 2017.<\/p>\n<\/div><\/div><\/div>\n\n<style type=\"text\/css\" data-created_by=\"avia_inline_auto\" id=\"style-css-av-hh5al-5-7159e31d4755d9cdb55d398d90b3009a\">\n.flex_column.av-hh5al-5-7159e31d4755d9cdb55d398d90b3009a{\nborder-radius:0px 0px 0px 0px;\npadding:0px 0px 0px 0px;\n}\n<\/style>\n<div  class='flex_column av-hh5al-5-7159e31d4755d9cdb55d398d90b3009a av_one_full  avia-builder-el-41  el_after_av_one_full  el_before_av_one_full  first flex_column_div av-zero-column-padding  column-top-margin'     ><p><section  class='av_textblock_section av-jkuul0eg-6-3eed796a9a783a1e319d65a5e48a5bcc '  ><div class='avia_textblock' ><p>Die Arbeit im Kindergarten ist vielschichtig, sch\u00f6n und herausfordernd zugleich. Erzieherinnen und Erzieher wissen, was sie tun, denn sie haben eine umfassende, profunde sozialp\u00e4dagogische Ausbildung. Engagiert f\u00f6rdern sie die kognitiven, sozialen und emotionalen F\u00e4higkeiten unserer Kinder. Sie st\u00e4rken damit das Wichtigste \u2013 n\u00e4mlich die kommende Generation \u2013 unserer Gesellschaft, die auf demokratischen Werten und menschlichem Miteinander gr\u00fcndet.<\/p>\n<\/div><\/section><br \/>\n\n<style type=\"text\/css\" data-created_by=\"avia_inline_auto\" id=\"style-css-av-jl6mo8rj-13-4d9c84be3e08cc4050bfca740ddd151a\">\n#top .hr.hr-invisible.av-jl6mo8rj-13-4d9c84be3e08cc4050bfca740ddd151a{\nheight:20px;\n}\n<\/style>\n<div  class='hr av-jl6mo8rj-13-4d9c84be3e08cc4050bfca740ddd151a hr-invisible  avia-builder-el-43  el_after_av_textblock  el_before_av_textblock '><span class='hr-inner '><span class=\"hr-inner-style\"><\/span><\/span><\/div><br \/>\n<section  class='av_textblock_section av-jkuubohz-19-ddd4779df857a8e5c63f74aebe325f12 '  ><div class='avia_textblock' ><blockquote>\n<p>\u201eAm sch\u00f6nsten an meinem Beruf ist, dass von den Kindern ganz viel zur\u00fcckkommt. Wenn man die Fortschritte sieht, auch bei Kindern, die es manchmal ziemlich schwer haben. Wenn die Kinder immer mit einem Strahlen in die Kita kommen. Ja, das ist am sch\u00f6nsten.\u201c<\/p>\n<p class=\"bildnennung-beitrag\">Lena, 21, Erzieherin<\/p>\n<\/blockquote>\n<\/div><\/section><\/p><\/div>\n\n<style type=\"text\/css\" data-created_by=\"avia_inline_auto\" id=\"style-css-av-jley1l06-be8863a15e87d33f314fbd4b76b14014\">\n.flex_column.av-jley1l06-be8863a15e87d33f314fbd4b76b14014{\nborder-radius:0px 0px 0px 0px;\npadding:10px 10px 10px 10px;\nbackground-color:#f2f2f2;\n}\n<\/style>\n<div  class='flex_column av-jley1l06-be8863a15e87d33f314fbd4b76b14014 av_one_full  avia-builder-el-45  el_after_av_one_full  el_before_av_one_full  first flex_column_div  column-top-margin'     ><style type=\"text\/css\" data-created_by=\"avia_inline_auto\" id=\"style-css-av-jkuvcso3-bf550690b05a5b6ef37ec26a0e850258\">\n#top .av_textblock_section.av-jkuvcso3-bf550690b05a5b6ef37ec26a0e850258 .avia_textblock{\nfont-size:18px;\n}\n<\/style>\n<section  class='av_textblock_section av-jkuvcso3-bf550690b05a5b6ef37ec26a0e850258 '  ><div class='avia_textblock' ><p class=\"fussnoten-quellen\"><strong>Fu\u00dfnoten: <\/strong><\/p>\n<p class=\"fussnoten-quellen\"><sup id=\"fussnote1\">1<\/sup>Liebe m\u00e4nnliche Erzieher, auch wenn hier von der Erzieher<em>in<\/em> die Rede ist, sind Sie selbstverst\u00e4ndlich mitgemeint. Zur leichteren Lesbarkeit verwenden wir die weibliche Form, da der Anteil der M\u00e4nner im Bereich Fr\u00fcherziehung \u2013 leider noch immer \u2013 verschwindend gering ist.<\/p>\n<p class=\"fussnoten-quellen\"><sup id=\"fussnote2\">2<\/sup>Beispiel Landesrecht NRW: \u201eGesetz zur fr\u00fchen Bildung und F\u00f6rderung von Kindern \/ Kinderbildungsgesetz &#8211; KiBiz\u201c vom 3.12.2019 mit Stand vom 21.03.2025. <a href=\"https:\/\/www.mkjfgfi.nrw\/system\/files\/media\/document\/file\/kibiz_2025.pdf\" target=\"_blank\" rel=\"noopener\">https:\/\/www.mkjfgfi.nrw\/system\/files\/media\/document\/file\/kibiz_2025.pdf<\/a><\/p>\n<\/div><\/section><\/div>\n\n<style type=\"text\/css\" data-created_by=\"avia_inline_auto\" id=\"style-css-av-jley1l06-4-3bdda39f6017a8f365c8f0bbf7c33052\">\n.flex_column.av-jley1l06-4-3bdda39f6017a8f365c8f0bbf7c33052{\nborder-radius:0px 0px 0px 0px;\npadding:10px 10px 10px 10px;\nbackground-color:#f2f2f2;\n}\n<\/style>\n<div  class='flex_column av-jley1l06-4-3bdda39f6017a8f365c8f0bbf7c33052 av_one_full  avia-builder-el-47  el_after_av_one_full  el_before_av_one_full  first flex_column_div  column-top-margin'     ><section  class='av_textblock_section av-jkuvcso3-3-d3e815859e1f2ac0e2970c4b6e2b73f5 '  ><div class='avia_textblock' ><p class=\"fussnoten-quellen\"><strong>Zum Weiterlesen: <\/strong><\/p>\n<p>Silvia Gartinger u. a.: Erzieherinnen + Erzieher. Band 1: Professionelles Handeln im sozialp\u00e4dagogischen Berufsfeld. Berlin (Cornelsen) 2014.<\/p>\n<p>Gabriele Hertlein: Erzieher\/innen-Pers\u00f6nlichkeit und Idealismus in Zeiten des Mangels an p\u00e4dagogischen Fachkr\u00e4ften.<\/p>\n<p><a href=\"https:\/\/www.kindergartenpaedagogik.de\/fachartikel\/ausbildung-studium-beruf\/erzieher-in-ausbildung-an-fachschulen\/2252\" target=\"_blank\" rel=\"noopener\">https:\/\/www.kindergartenpaedagogik.de\/fachartikel\/ausbildung-studium-beruf\/erzieher-in-ausbildung-an-fachschulen\/2252<\/a><\/p>\n<p>Rainer Jaszus u. a.: Sozialp\u00e4dagogische Lernfelder f\u00fcr Erzieherinnen und Erzieher. Hamburg (Verlag Handwerk und Technik) 2014.<\/p>\n<p>Ministerium f\u00fcr Kinder, Familie, Fl\u00fcchtlinge und Integration des Landes Nordrhein-Westfalen (Hrgs.): Bildungsgrunds\u00e4tze f\u00fcr Kinder von 0 bis 10 Jahren. <a href=\"https:\/\/www.kita.nrw.de\/fachkraefte-fachberatung\/fruehkindliche-bildung\" target=\"_blank\" rel=\"noopener\">https:\/\/www.kita.nrw.de\/fachkraefte-fachberatung\/fruehkindliche-bildung<\/a><\/p>\n<p>Michael Regner, Franziska Schubert-Suffrian: Partizipation in der Kita. Freiburg i. Br. (Herder) 2018.<\/p>\n<\/div><\/section><\/div>\n\n<style type=\"text\/css\" data-created_by=\"avia_inline_auto\" id=\"style-css-av-1p82t-b0e9719fe6c67aa5c6d1abf813961e55\">\n.flex_column.av-1p82t-b0e9719fe6c67aa5c6d1abf813961e55{\nborder-radius:0px 0px 0px 0px;\npadding:0px 0px 0px 0px;\n}\n<\/style>\n<div  class='flex_column av-1p82t-b0e9719fe6c67aa5c6d1abf813961e55 av_one_full  avia-builder-el-49  el_after_av_one_full  el_before_av_one_full  first flex_column_div av-zero-column-padding  column-top-margin'     ><p><section  class='av_textblock_section av-jlp4hxqo-91baaad30cd61f89630d15f8561d1750 '  ><div class='avia_textblock' ><div class=\"shariff shariff-align-left shariff-widget-align-left\"><ul class=\"shariff-buttons theme-color orientation-horizontal buttonsize-medium\"><li class=\"shariff-button whatsapp shariff-nocustomcolor\" style=\"background-color:#5cbe4a\"><a href=\"https:\/\/api.whatsapp.com\/send?text=https%3A%2F%2Fwww.backwinkel.de%2Fblog%2Fberufsbild-erzieherin%2F%20Das%20bisschen%20Erziehung%21%3F\" title=\"Bei Whatsapp teilen\" aria-label=\"Bei Whatsapp teilen\" role=\"button\" rel=\"noopener nofollow\" class=\"shariff-link\" style=\"; background-color:#34af23; color:#fff\" target=\"_blank\"><span class=\"shariff-icon\" style=\"\"><svg width=\"32px\" height=\"20px\" xmlns=\"http:\/\/www.w3.org\/2000\/svg\" viewBox=\"0 0 32 32\"><path fill=\"#34af23\" d=\"M17.6 17.4q0.2 0 1.7 0.8t1.6 0.9q0 0.1 0 0.3 0 0.6-0.3 1.4-0.3 0.7-1.3 1.2t-1.8 0.5q-1 0-3.4-1.1-1.7-0.8-3-2.1t-2.6-3.3q-1.3-1.9-1.3-3.5v-0.1q0.1-1.6 1.3-2.8 0.4-0.4 0.9-0.4 0.1 0 0.3 0t0.3 0q0.3 0 0.5 0.1t0.3 0.5q0.1 0.4 0.6 1.6t0.4 1.3q0 0.4-0.6 1t-0.6 0.8q0 0.1 0.1 0.3 0.6 1.3 1.8 2.4 1 0.9 2.7 1.8 0.2 0.1 0.4 0.1 0.3 0 1-0.9t0.9-0.9zM14 26.9q2.3 0 4.3-0.9t3.6-2.4 2.4-3.6 0.9-4.3-0.9-4.3-2.4-3.6-3.6-2.4-4.3-0.9-4.3 0.9-3.6 2.4-2.4 3.6-0.9 4.3q0 3.6 2.1 6.6l-1.4 4.2 4.3-1.4q2.8 1.9 6.2 1.9zM14 2.2q2.7 0 5.2 1.1t4.3 2.9 2.9 4.3 1.1 5.2-1.1 5.2-2.9 4.3-4.3 2.9-5.2 1.1q-3.5 0-6.5-1.7l-7.4 2.4 2.4-7.2q-1.9-3.2-1.9-6.9 0-2.7 1.1-5.2t2.9-4.3 4.3-2.9 5.2-1.1z\"\/><\/svg><\/span><span class=\"shariff-text\">teilen<\/span>&nbsp;<\/a><\/li><li class=\"shariff-button facebook shariff-nocustomcolor\" style=\"background-color:#4273c8\"><a href=\"https:\/\/www.facebook.com\/sharer\/sharer.php?u=https%3A%2F%2Fwww.backwinkel.de%2Fblog%2Fberufsbild-erzieherin%2F\" title=\"Bei Facebook teilen\" aria-label=\"Bei Facebook teilen\" role=\"button\" rel=\"nofollow\" class=\"shariff-link\" style=\"; background-color:#3b5998; color:#fff\" target=\"_blank\"><span class=\"shariff-icon\" style=\"\"><svg width=\"32px\" height=\"20px\" xmlns=\"http:\/\/www.w3.org\/2000\/svg\" viewBox=\"0 0 18 32\"><path fill=\"#3b5998\" d=\"M17.1 0.2v4.7h-2.8q-1.5 0-2.1 0.6t-0.5 1.9v3.4h5.2l-0.7 5.3h-4.5v13.6h-5.5v-13.6h-4.5v-5.3h4.5v-3.9q0-3.3 1.9-5.2t5-1.8q2.6 0 4.1 0.2z\"\/><\/svg><\/span><span class=\"shariff-text\">teilen<\/span>&nbsp;<\/a><\/li><li class=\"shariff-button twitter shariff-nocustomcolor\" style=\"background-color:#595959\"><a href=\"https:\/\/twitter.com\/share?url=https%3A%2F%2Fwww.backwinkel.de%2Fblog%2Fberufsbild-erzieherin%2F&text=Das%20bisschen%20Erziehung%21%3F\" title=\"Bei X teilen\" aria-label=\"Bei X teilen\" role=\"button\" rel=\"noopener nofollow\" class=\"shariff-link\" style=\"; background-color:#000; color:#fff\" target=\"_blank\"><span class=\"shariff-icon\" style=\"\"><svg width=\"32px\" height=\"20px\" xmlns=\"http:\/\/www.w3.org\/2000\/svg\" viewBox=\"0 0 24 24\"><path fill=\"#000\" d=\"M14.258 10.152L23.176 0h-2.113l-7.747 8.813L7.133 0H0l9.352 13.328L0 23.973h2.113l8.176-9.309 6.531 9.309h7.133zm-2.895 3.293l-.949-1.328L2.875 1.56h3.246l6.086 8.523.945 1.328 7.91 11.078h-3.246zm0 0\"\/><\/svg><\/span><span class=\"shariff-text\">teilen<\/span>&nbsp;<\/a><\/li><li class=\"shariff-button pinterest shariff-nocustomcolor\" style=\"background-color:#e70f18\"><a href=\"https:\/\/www.pinterest.com\/pin\/create\/link\/?url=https%3A%2F%2Fwww.backwinkel.de%2Fblog%2Fberufsbild-erzieherin%2F&media=https%3A%2F%2Fwww.backwinkel.de%2Fblog%2Fwp-content%2Fuploads%2F2019%2F04%2Fbackwinkel-blog-tag-der-kinderbetreuung-heroimage.jpg&description=Das%20bisschen%20Erziehung%21%3F\" title=\"Bei Pinterest pinnen\" aria-label=\"Bei Pinterest pinnen\" role=\"button\" rel=\"noopener nofollow\" class=\"shariff-link\" style=\"; background-color:#cb2027; color:#fff\" target=\"_blank\"><span class=\"shariff-icon\" style=\"\"><svg width=\"32px\" height=\"20px\" xmlns=\"http:\/\/www.w3.org\/2000\/svg\" viewBox=\"0 0 27 32\"><path fill=\"#cb2027\" d=\"M27.4 16q0 3.7-1.8 6.9t-5 5-6.9 1.9q-2 0-3.9-0.6 1.1-1.7 1.4-2.9 0.2-0.6 1-3.8 0.4 0.7 1.3 1.2t2 0.5q2.1 0 3.8-1.2t2.7-3.4 0.9-4.8q0-2-1.1-3.8t-3.1-2.9-4.5-1.2q-1.9 0-3.5 0.5t-2.8 1.4-2 2-1.2 2.3-0.4 2.4q0 1.9 0.7 3.3t2.1 2q0.5 0.2 0.7-0.4 0-0.1 0.1-0.5t0.2-0.5q0.1-0.4-0.2-0.8-0.9-1.1-0.9-2.7 0-2.7 1.9-4.6t4.9-2q2.7 0 4.2 1.5t1.5 3.8q0 3-1.2 5.2t-3.1 2.1q-1.1 0-1.7-0.8t-0.4-1.9q0.1-0.6 0.5-1.7t0.5-1.8 0.2-1.4q0-0.9-0.5-1.5t-1.4-0.6q-1.1 0-1.9 1t-0.8 2.6q0 1.3 0.4 2.2l-1.8 7.5q-0.3 1.2-0.2 3.2-3.7-1.6-6-5t-2.3-7.6q0-3.7 1.9-6.9t5-5 6.9-1.9 6.9 1.9 5 5 1.8 6.9z\"\/><\/svg><\/span><span class=\"shariff-text\">merken<\/span>&nbsp;<\/a><\/li><li class=\"shariff-button mailto shariff-nocustomcolor\" style=\"background-color:#a8a8a8\"><a href=\"mailto:?body=https%3A%2F%2Fwww.backwinkel.de%2Fblog%2Fberufsbild-erzieherin%2F&subject=Das%20bisschen%20Erziehung%21%3F\" title=\"Per E-Mail versenden\" aria-label=\"Per E-Mail versenden\" role=\"button\" rel=\"noopener nofollow\" class=\"shariff-link\" style=\"; background-color:#999; color:#fff\"><span class=\"shariff-icon\" style=\"\"><svg width=\"32px\" height=\"20px\" xmlns=\"http:\/\/www.w3.org\/2000\/svg\" viewBox=\"0 0 32 32\"><path fill=\"#999\" d=\"M32 12.7v14.2q0 1.2-0.8 2t-2 0.9h-26.3q-1.2 0-2-0.9t-0.8-2v-14.2q0.8 0.9 1.8 1.6 6.5 4.4 8.9 6.1 1 0.8 1.6 1.2t1.7 0.9 2 0.4h0.1q0.9 0 2-0.4t1.7-0.9 1.6-1.2q3-2.2 8.9-6.1 1-0.7 1.8-1.6zM32 7.4q0 1.4-0.9 2.7t-2.2 2.2q-6.7 4.7-8.4 5.8-0.2 0.1-0.7 0.5t-1 0.7-0.9 0.6-1.1 0.5-0.9 0.2h-0.1q-0.4 0-0.9-0.2t-1.1-0.5-0.9-0.6-1-0.7-0.7-0.5q-1.6-1.1-4.7-3.2t-3.6-2.6q-1.1-0.7-2.1-2t-1-2.5q0-1.4 0.7-2.3t2.1-0.9h26.3q1.2 0 2 0.8t0.9 2z\"\/><\/svg><\/span><span class=\"shariff-text\">E-Mail<\/span>&nbsp;<\/a><\/li><\/ul><\/div>\n<\/div><\/section><br \/>\n<div  class='tabcontainer av-jlq8shhr-b676e11701d9718d755b04dc68ac4c10 top_tab  avia-builder-el-51  el_after_av_textblock  el_before_av_hr '>\n<section class='av_tab_section av_tab_section av-4w8jsn-17d4c89754803ac141d68451b8b1d1a6' ><div id='tab-id-1-tab' class='tab active_tab' role='tab' aria-selected=\"true\" tabindex=\"0\" data-fake-id='#tab-id-1' aria-controls='tab-id-1-content' >Das BACKWINKEL-Blog-Team:<\/div><div id='tab-id-1-content' class='tab_content active_tab_content' role='tabpanel' aria-labelledby='tab-id-1-tab' aria-hidden=\"false\"><div class='tab_inner_content invers-color' ><p><img decoding=\"async\" class=\"wp-image-1768 alignleft\" title=\"BACKWINKEL-Blog \u2013 Das Team\" src=\"https:\/\/blog.backwinkel.de\/wp-content\/uploads\/2018\/10\/backwinkel-blog-autorenbox-intern_preview-300x198.jpg\" alt=\"\" width=\"300\" height=\"198\" \/>Gibts auch ein Gesicht hinter dem BACKWINKEL-Blog? Ja. Vier ?. Drei davon sogar mit Foto.<\/p>\n<p><span style=\"font-style: inherit !important; font-weight: inherit !important;\">Wir \u2013 Lukas, Tatjana, Stefan und Christine \u2013 bespielen unseren Blog unter dem Motto LACHEN LESEN LERNEN. <\/span><\/p>\n<p><span style=\"font-style: inherit !important; font-weight: inherit !important;\">Lukas kennt sich online so gut aus wie in seiner Westentasche und findet immer spannende Themen, w\u00e4hrend Stefan unseren Beitr\u00e4gen den passenden gestalterischen Rahmen gibt und Tatjana mit dem gr\u00fcnen Korrekturstift alles pr\u00fcfend be\u00e4ugt, was unsere Autorin Christine (und gern auch Gastautoren) f\u00fcr den BACKWINKEL-Blog nach ordentlicher Recherche schreibt.<\/span><\/p>\n<p>Gemeinsam suchen wir st\u00e4ndig nach neuen, aufregenden Themen rund um das Thema Bildung im Kiga, der Schule und zu Hause. Und weil Sie da an der Quelle sitzen, freuen wir uns auf Ihre konstruktiven R\u00fcckmeldungen und Anregungen an <a href=\"mailto:blog@backwinkel.de\">blog@backwinkel.de<\/a><\/p>\n<p>Viel Spa\u00df beim LACHEN LESEN LERNEN!<\/p>\n<\/div><\/div><\/section>\n<\/div><br \/>\n\n<style type=\"text\/css\" data-created_by=\"avia_inline_auto\" id=\"style-css-av-jkuvdh82-b6ea5d9aca5d02d0d62bf300de93e492\">\n#top .hr.av-jkuvdh82-b6ea5d9aca5d02d0d62bf300de93e492{\nmargin-top:10px;\nmargin-bottom:10px;\n}\n.hr.av-jkuvdh82-b6ea5d9aca5d02d0d62bf300de93e492 .hr-inner{\nwidth:500;\n}\n<\/style>\n<div  class='hr av-jkuvdh82-b6ea5d9aca5d02d0d62bf300de93e492 hr-custom  avia-builder-el-52  el_after_av_tab_container  el_before_av_heading  hr-left hr-icon-no'><span class='hr-inner inner-border-av-border-thin'><span class=\"hr-inner-style\"><\/span><\/span><\/div><br \/>\n\n<style type=\"text\/css\" data-created_by=\"avia_inline_auto\" id=\"style-css-av-2rgq8p-eea5960d1a3bca7958b11dcc59b35b67\">\n#top .av-special-heading.av-2rgq8p-eea5960d1a3bca7958b11dcc59b35b67{\npadding-bottom:10px;\n}\nbody .av-special-heading.av-2rgq8p-eea5960d1a3bca7958b11dcc59b35b67 .av-special-heading-tag .heading-char{\nfont-size:25px;\n}\n.av-special-heading.av-2rgq8p-eea5960d1a3bca7958b11dcc59b35b67 .av-subheading{\nfont-size:15px;\n}\n<\/style>\n<div  class='av-special-heading av-2rgq8p-eea5960d1a3bca7958b11dcc59b35b67 av-special-heading-h3 blockquote modern-quote  avia-builder-el-53  el_after_av_hr  el_before_av_blog '><h3 class='av-special-heading-tag '  >PASSENDE BEITR\u00c4GE<\/h3><div class=\"special-heading-border\"><div class=\"special-heading-inner-border\"><\/div><\/div><\/div><br \/>\n<div  data-slideshow-options=\"{&quot;animation&quot;:&quot;fade&quot;,&quot;autoplay&quot;:false,&quot;loop_autoplay&quot;:&quot;once&quot;,&quot;interval&quot;:5,&quot;loop_manual&quot;:&quot;manual-endless&quot;,&quot;autoplay_stopper&quot;:false,&quot;noNavigation&quot;:false,&quot;show_slide_delay&quot;:90}\" class='avia-content-slider avia-content-grid-active avia-content-slider1 avia-content-slider-odd  avia-builder-el-54  el_after_av_heading  avia-builder-el-last  av-slideshow-ui av-control-default   av-no-slider-navigation av-slideshow-manual av-loop-once av-loop-manual-endless ' ><div class=\"avia-content-slider-inner\"><div class=\"slide-entry-wrap\"><article class='slide-entry flex_column  post-entry post-entry-18633 slide-entry-overview slide-loop-1 slide-parity-odd  av_one_third first real-thumbnail posttype-post post-format-standard' ><a href='https:\/\/www.backwinkel.de\/blog\/plastik-recyceln\/' data-rel='slide-1' class='slide-image' title='Plastik recyceln'><img decoding=\"async\" fetchpriority=\"high\" width=\"1200\" height=\"628\" src=\"https:\/\/www.backwinkel.de\/blog\/wp-content\/uploads\/2026\/04\/04_Kiga_Plastik_nachhaltig_nutzen.jpg\" class=\"wp-image-18713 avia-img-lazy-loading-not-18713 attachment-no scaling size-no scaling wp-post-image\" alt=\"\" \/><\/a><div class=\"slide-content\"><header class=\"entry-content-header\" aria-label=\"Slide: Plastik recyceln\"><h3 class='slide-entry-title entry-title ' ><a href='https:\/\/www.backwinkel.de\/blog\/plastik-recyceln\/' title='Plastik recyceln'>Plastik recyceln<\/a><\/h3><span class=\"blog-categories minor-meta\"><a href=\"https:\/\/www.backwinkel.de\/blog\/category\/kindergarten-kita\/\" rel=\"tag\">Kindergarten<\/a> <\/span><span class=\"av-vertical-delimiter\"><\/span><\/header><div class='slide-entry-excerpt entry-content' >Biokunststoff f\u00fcr St\u00fchle, Materialboxen, Spielzeug und Rucks\u00e4cke<\/div><\/div><footer class=\"entry-footer\"><div class=\"slide-meta\"><time class='slide-meta-time updated' >14. April 2026<\/time><\/div><\/footer><\/article><article class='slide-entry flex_column  post-entry post-entry-18716 slide-entry-overview slide-loop-2 slide-parity-even  av_one_third  real-thumbnail posttype-post post-format-standard' ><a href='https:\/\/www.backwinkel.de\/blog\/rechnen-im-anfangsunterricht\/' data-rel='slide-1' class='slide-image' title='Rechnen im Anfangsunterricht'><img decoding=\"async\" fetchpriority=\"high\" width=\"1200\" height=\"628\" src=\"https:\/\/www.backwinkel.de\/blog\/wp-content\/uploads\/2026\/04\/04_Schule_Rechnen_anfangsunterricht.jpg\" class=\"wp-image-18748 avia-img-lazy-loading-not-18748 attachment-no scaling size-no scaling wp-post-image\" alt=\"\" \/><\/a><div class=\"slide-content\"><header class=\"entry-content-header\" aria-label=\"Slide: Rechnen im Anfangsunterricht\"><h3 class='slide-entry-title entry-title ' ><a href='https:\/\/www.backwinkel.de\/blog\/rechnen-im-anfangsunterricht\/' title='Rechnen im Anfangsunterricht'>Rechnen im Anfangsunterricht<\/a><\/h3><span class=\"blog-categories minor-meta\"><a href=\"https:\/\/www.backwinkel.de\/blog\/category\/schule-grundschule\/\" rel=\"tag\">Schule<\/a> <\/span><span class=\"av-vertical-delimiter\"><\/span><\/header><div class='slide-entry-excerpt entry-content' >Das Klassenzimmer als Lernlandschaft<\/div><\/div><footer class=\"entry-footer\"><div class=\"slide-meta\"><time class='slide-meta-time updated' >14. April 2026<\/time><\/div><\/footer><\/article><article class='slide-entry flex_column  post-entry post-entry-18372 slide-entry-overview slide-loop-3 slide-parity-odd  post-entry-last  av_one_third  real-thumbnail posttype-post post-format-standard' ><a href='https:\/\/www.backwinkel.de\/blog\/kranke-kinder-im-kindergarten\/' data-rel='slide-1' class='slide-image' title='Kranke Kinder im Kindergarten'><img decoding=\"async\" fetchpriority=\"high\" width=\"1200\" height=\"628\" src=\"https:\/\/www.backwinkel.de\/blog\/wp-content\/uploads\/2026\/03\/03_Kiga_Kranke_Kinder.jpg\" class=\"wp-image-18451 avia-img-lazy-loading-not-18451 attachment-no scaling size-no scaling wp-post-image\" alt=\"Thema: Kranke Kinder. Auf dem Bild ist ein krankes kleines M\u00e4dchen zu sehen. Eine Frau mit einem Fieberthermometer in der Hand sitzt neben ihr und hat die Hand auf der Stirn des M\u00e4dchens.\" \/><\/a><div class=\"slide-content\"><header class=\"entry-content-header\" aria-label=\"Slide: Kranke Kinder im Kindergarten\"><h3 class='slide-entry-title entry-title ' ><a href='https:\/\/www.backwinkel.de\/blog\/kranke-kinder-im-kindergarten\/' title='Kranke Kinder im Kindergarten'>Kranke Kinder im Kindergarten<\/a><\/h3><span class=\"blog-categories minor-meta\"><a href=\"https:\/\/www.backwinkel.de\/blog\/category\/kindergarten-kita\/\" rel=\"tag\">Kindergarten<\/a> <\/span><span class=\"av-vertical-delimiter\"><\/span><\/header><div class='slide-entry-excerpt entry-content' >Auswirkungen f\u00fcr Kinder, Eltern und Fachkr\u00e4fte<\/div><\/div><footer class=\"entry-footer\"><div class=\"slide-meta\"><time class='slide-meta-time updated' >9. M\u00e4rz 2026<\/time><\/div><\/footer><\/article><\/div><\/div><\/div><\/p><\/div>\n\n<style type=\"text\/css\" data-created_by=\"avia_inline_auto\" id=\"style-css-av-jley1l06-2-af070763567aa2a7e63bc7e3de520687\">\n.flex_column.av-jley1l06-2-af070763567aa2a7e63bc7e3de520687{\nborder-radius:0px 0px 0px 0px;\npadding:10px 10px 10px 10px;\nbackground-color:#f2f2f2;\n}\n<\/style>\n<div  class='flex_column av-jley1l06-2-af070763567aa2a7e63bc7e3de520687 av_one_full  avia-builder-el-55  el_after_av_one_full  avia-builder-el-last  first flex_column_div  column-top-margin'     ><\/div>\n","protected":false},"excerpt":{"rendered":"<p>Darum machen Erzieherinnen und Erzieher mehr als blo\u00df einen Job<\/p>\n","protected":false},"author":3,"featured_media":2988,"comment_status":"closed","ping_status":"closed","sticky":false,"template":"","format":"standard","meta":{"inline_featured_image":false,"footnotes":""},"categories":[5],"tags":[],"class_list":["post-2983","post","type-post","status-publish","format-standard","has-post-thumbnail","hentry","category-kindergarten-kita"],"yoast_head":"<!-- This site is optimized with the Yoast SEO plugin v27.5 - https:\/\/yoast.com\/product\/yoast-seo-wordpress\/ -->\n<title>Berufsbild ErzieherIn \u2013 Das bisschen Erziehung!? | BACKWINKEL Blog<\/title>\n<meta name=\"description\" content=\"Kinder bespa\u00dfen \u2013 kann doch jeder? Weit gefehlt, denn ErzieherInnen leisten wesentlich mehr! Was zur Ausbildung z\u00e4hlt und wie umfangreich das Berufsbild ist, lesen Sie in unserem Blog.\" \/>\n<meta name=\"robots\" content=\"index, follow, max-snippet:-1, max-image-preview:large, max-video-preview:-1\" \/>\n<link rel=\"canonical\" href=\"https:\/\/www.backwinkel.de\/blog\/berufsbild-erzieherin\/\" \/>\n<meta property=\"og:locale\" content=\"de_DE\" \/>\n<meta property=\"og:type\" content=\"article\" \/>\n<meta property=\"og:title\" content=\"Berufsbild ErzieherIn \u2013 Das bisschen Erziehung!? | BACKWINKEL Blog\" \/>\n<meta property=\"og:description\" content=\"Kinder bespa\u00dfen \u2013 kann doch jeder? Weit gefehlt, denn ErzieherInnen leisten wesentlich mehr! Was zur Ausbildung z\u00e4hlt und wie umfangreich das Berufsbild ist, lesen Sie in unserem Blog.\" \/>\n<meta property=\"og:url\" content=\"https:\/\/www.backwinkel.de\/blog\/berufsbild-erzieherin\/\" \/>\n<meta property=\"og:site_name\" content=\"BACKWINKEL Blog\" \/>\n<meta property=\"article:published_time\" content=\"2019-05-06T09:23:26+00:00\" \/>\n<meta property=\"article:modified_time\" content=\"2026-04-22T07:32:59+00:00\" \/>\n<meta property=\"og:image\" content=\"https:\/\/www.backwinkel.de\/blog\/wp-content\/uploads\/2019\/04\/backwinkel-blog-tag-der-kinderbetreuung-heroimage.jpg\" \/>\n\t<meta property=\"og:image:width\" content=\"1200\" \/>\n\t<meta property=\"og:image:height\" content=\"628\" \/>\n\t<meta property=\"og:image:type\" content=\"image\/jpeg\" \/>\n<meta name=\"author\" content=\"BACKWINKEL\" \/>\n<meta name=\"twitter:card\" content=\"summary_large_image\" \/>\n<meta name=\"twitter:label1\" content=\"Verfasst von\" \/>\n\t<meta name=\"twitter:data1\" content=\"BACKWINKEL\" \/>\n\t<meta name=\"twitter:label2\" content=\"Gesch\u00e4tzte Lesezeit\" \/>\n\t<meta name=\"twitter:data2\" content=\"12\u00a0Minuten\" \/>\n<script type=\"application\/ld+json\" class=\"yoast-schema-graph\">{\"@context\":\"https:\\\/\\\/schema.org\",\"@graph\":[{\"@type\":\"Article\",\"@id\":\"https:\\\/\\\/www.backwinkel.de\\\/blog\\\/berufsbild-erzieherin\\\/#article\",\"isPartOf\":{\"@id\":\"https:\\\/\\\/www.backwinkel.de\\\/blog\\\/berufsbild-erzieherin\\\/\"},\"author\":{\"name\":\"BACKWINKEL\",\"@id\":\"https:\\\/\\\/www.backwinkel.de\\\/blog\\\/#\\\/schema\\\/person\\\/3d64575316540d25f7866264a4b7cd24\"},\"headline\":\"Das bisschen Erziehung!?\",\"datePublished\":\"2019-05-06T09:23:26+00:00\",\"dateModified\":\"2026-04-22T07:32:59+00:00\",\"mainEntityOfPage\":{\"@id\":\"https:\\\/\\\/www.backwinkel.de\\\/blog\\\/berufsbild-erzieherin\\\/\"},\"wordCount\":5704,\"image\":{\"@id\":\"https:\\\/\\\/www.backwinkel.de\\\/blog\\\/berufsbild-erzieherin\\\/#primaryimage\"},\"thumbnailUrl\":\"https:\\\/\\\/www.backwinkel.de\\\/blog\\\/wp-content\\\/uploads\\\/2019\\\/04\\\/backwinkel-blog-tag-der-kinderbetreuung-heroimage.jpg\",\"articleSection\":[\"Kindergarten\"],\"inLanguage\":\"de\"},{\"@type\":\"WebPage\",\"@id\":\"https:\\\/\\\/www.backwinkel.de\\\/blog\\\/berufsbild-erzieherin\\\/\",\"url\":\"https:\\\/\\\/www.backwinkel.de\\\/blog\\\/berufsbild-erzieherin\\\/\",\"name\":\"Berufsbild ErzieherIn \u2013 Das bisschen Erziehung!? | BACKWINKEL Blog\",\"isPartOf\":{\"@id\":\"https:\\\/\\\/www.backwinkel.de\\\/blog\\\/#website\"},\"primaryImageOfPage\":{\"@id\":\"https:\\\/\\\/www.backwinkel.de\\\/blog\\\/berufsbild-erzieherin\\\/#primaryimage\"},\"image\":{\"@id\":\"https:\\\/\\\/www.backwinkel.de\\\/blog\\\/berufsbild-erzieherin\\\/#primaryimage\"},\"thumbnailUrl\":\"https:\\\/\\\/www.backwinkel.de\\\/blog\\\/wp-content\\\/uploads\\\/2019\\\/04\\\/backwinkel-blog-tag-der-kinderbetreuung-heroimage.jpg\",\"datePublished\":\"2019-05-06T09:23:26+00:00\",\"dateModified\":\"2026-04-22T07:32:59+00:00\",\"author\":{\"@id\":\"https:\\\/\\\/www.backwinkel.de\\\/blog\\\/#\\\/schema\\\/person\\\/3d64575316540d25f7866264a4b7cd24\"},\"description\":\"Kinder bespa\u00dfen \u2013 kann doch jeder? Weit gefehlt, denn ErzieherInnen leisten wesentlich mehr! Was zur Ausbildung z\u00e4hlt und wie umfangreich das Berufsbild ist, lesen Sie in unserem Blog.\",\"breadcrumb\":{\"@id\":\"https:\\\/\\\/www.backwinkel.de\\\/blog\\\/berufsbild-erzieherin\\\/#breadcrumb\"},\"inLanguage\":\"de\",\"potentialAction\":[{\"@type\":\"ReadAction\",\"target\":[\"https:\\\/\\\/www.backwinkel.de\\\/blog\\\/berufsbild-erzieherin\\\/\"]}]},{\"@type\":\"ImageObject\",\"inLanguage\":\"de\",\"@id\":\"https:\\\/\\\/www.backwinkel.de\\\/blog\\\/berufsbild-erzieherin\\\/#primaryimage\",\"url\":\"https:\\\/\\\/www.backwinkel.de\\\/blog\\\/wp-content\\\/uploads\\\/2019\\\/04\\\/backwinkel-blog-tag-der-kinderbetreuung-heroimage.jpg\",\"contentUrl\":\"https:\\\/\\\/www.backwinkel.de\\\/blog\\\/wp-content\\\/uploads\\\/2019\\\/04\\\/backwinkel-blog-tag-der-kinderbetreuung-heroimage.jpg\",\"width\":1200,\"height\":628,\"caption\":\"BACKWINKEL-Blog \u2013 Beitrag zum Thema Berufsbild ErzieherIn\"},{\"@type\":\"BreadcrumbList\",\"@id\":\"https:\\\/\\\/www.backwinkel.de\\\/blog\\\/berufsbild-erzieherin\\\/#breadcrumb\",\"itemListElement\":[{\"@type\":\"ListItem\",\"position\":1,\"name\":\"Startseite\",\"item\":\"https:\\\/\\\/blog.backwinkel.de\\\/aktuelles\\\/\"},{\"@type\":\"ListItem\",\"position\":2,\"name\":\"Das bisschen Erziehung!?\"}]},{\"@type\":\"WebSite\",\"@id\":\"https:\\\/\\\/www.backwinkel.de\\\/blog\\\/#website\",\"url\":\"https:\\\/\\\/www.backwinkel.de\\\/blog\\\/\",\"name\":\"BACKWINKEL Blog\",\"description\":\"f\u00fcr Lehrer, Erzieher und Eltern\",\"potentialAction\":[{\"@type\":\"SearchAction\",\"target\":{\"@type\":\"EntryPoint\",\"urlTemplate\":\"https:\\\/\\\/www.backwinkel.de\\\/blog\\\/?s={search_term_string}\"},\"query-input\":{\"@type\":\"PropertyValueSpecification\",\"valueRequired\":true,\"valueName\":\"search_term_string\"}}],\"inLanguage\":\"de\"},{\"@type\":\"Person\",\"@id\":\"https:\\\/\\\/www.backwinkel.de\\\/blog\\\/#\\\/schema\\\/person\\\/3d64575316540d25f7866264a4b7cd24\",\"name\":\"BACKWINKEL\",\"sameAs\":[\"http:\\\/\\\/www.backwinkel.de\"],\"url\":\"https:\\\/\\\/www.backwinkel.de\\\/blog\\\/author\\\/backwinkel\\\/\"}]}<\/script>\n<!-- \/ Yoast SEO plugin. -->","yoast_head_json":{"title":"Berufsbild ErzieherIn \u2013 Das bisschen Erziehung!? | BACKWINKEL Blog","description":"Kinder bespa\u00dfen \u2013 kann doch jeder? Weit gefehlt, denn ErzieherInnen leisten wesentlich mehr! Was zur Ausbildung z\u00e4hlt und wie umfangreich das Berufsbild ist, lesen Sie in unserem Blog.","robots":{"index":"index","follow":"follow","max-snippet":"max-snippet:-1","max-image-preview":"max-image-preview:large","max-video-preview":"max-video-preview:-1"},"canonical":"https:\/\/www.backwinkel.de\/blog\/berufsbild-erzieherin\/","og_locale":"de_DE","og_type":"article","og_title":"Berufsbild ErzieherIn \u2013 Das bisschen Erziehung!? | BACKWINKEL Blog","og_description":"Kinder bespa\u00dfen \u2013 kann doch jeder? Weit gefehlt, denn ErzieherInnen leisten wesentlich mehr! Was zur Ausbildung z\u00e4hlt und wie umfangreich das Berufsbild ist, lesen Sie in unserem Blog.","og_url":"https:\/\/www.backwinkel.de\/blog\/berufsbild-erzieherin\/","og_site_name":"BACKWINKEL Blog","article_published_time":"2019-05-06T09:23:26+00:00","article_modified_time":"2026-04-22T07:32:59+00:00","og_image":[{"width":1200,"height":628,"url":"https:\/\/www.backwinkel.de\/blog\/wp-content\/uploads\/2019\/04\/backwinkel-blog-tag-der-kinderbetreuung-heroimage.jpg","type":"image\/jpeg"}],"author":"BACKWINKEL","twitter_card":"summary_large_image","twitter_misc":{"Verfasst von":"BACKWINKEL","Gesch\u00e4tzte Lesezeit":"12\u00a0Minuten"},"schema":{"@context":"https:\/\/schema.org","@graph":[{"@type":"Article","@id":"https:\/\/www.backwinkel.de\/blog\/berufsbild-erzieherin\/#article","isPartOf":{"@id":"https:\/\/www.backwinkel.de\/blog\/berufsbild-erzieherin\/"},"author":{"name":"BACKWINKEL","@id":"https:\/\/www.backwinkel.de\/blog\/#\/schema\/person\/3d64575316540d25f7866264a4b7cd24"},"headline":"Das bisschen Erziehung!?","datePublished":"2019-05-06T09:23:26+00:00","dateModified":"2026-04-22T07:32:59+00:00","mainEntityOfPage":{"@id":"https:\/\/www.backwinkel.de\/blog\/berufsbild-erzieherin\/"},"wordCount":5704,"image":{"@id":"https:\/\/www.backwinkel.de\/blog\/berufsbild-erzieherin\/#primaryimage"},"thumbnailUrl":"https:\/\/www.backwinkel.de\/blog\/wp-content\/uploads\/2019\/04\/backwinkel-blog-tag-der-kinderbetreuung-heroimage.jpg","articleSection":["Kindergarten"],"inLanguage":"de"},{"@type":"WebPage","@id":"https:\/\/www.backwinkel.de\/blog\/berufsbild-erzieherin\/","url":"https:\/\/www.backwinkel.de\/blog\/berufsbild-erzieherin\/","name":"Berufsbild ErzieherIn \u2013 Das bisschen Erziehung!? | BACKWINKEL Blog","isPartOf":{"@id":"https:\/\/www.backwinkel.de\/blog\/#website"},"primaryImageOfPage":{"@id":"https:\/\/www.backwinkel.de\/blog\/berufsbild-erzieherin\/#primaryimage"},"image":{"@id":"https:\/\/www.backwinkel.de\/blog\/berufsbild-erzieherin\/#primaryimage"},"thumbnailUrl":"https:\/\/www.backwinkel.de\/blog\/wp-content\/uploads\/2019\/04\/backwinkel-blog-tag-der-kinderbetreuung-heroimage.jpg","datePublished":"2019-05-06T09:23:26+00:00","dateModified":"2026-04-22T07:32:59+00:00","author":{"@id":"https:\/\/www.backwinkel.de\/blog\/#\/schema\/person\/3d64575316540d25f7866264a4b7cd24"},"description":"Kinder bespa\u00dfen \u2013 kann doch jeder? Weit gefehlt, denn ErzieherInnen leisten wesentlich mehr! Was zur Ausbildung z\u00e4hlt und wie umfangreich das Berufsbild ist, lesen Sie in unserem Blog.","breadcrumb":{"@id":"https:\/\/www.backwinkel.de\/blog\/berufsbild-erzieherin\/#breadcrumb"},"inLanguage":"de","potentialAction":[{"@type":"ReadAction","target":["https:\/\/www.backwinkel.de\/blog\/berufsbild-erzieherin\/"]}]},{"@type":"ImageObject","inLanguage":"de","@id":"https:\/\/www.backwinkel.de\/blog\/berufsbild-erzieherin\/#primaryimage","url":"https:\/\/www.backwinkel.de\/blog\/wp-content\/uploads\/2019\/04\/backwinkel-blog-tag-der-kinderbetreuung-heroimage.jpg","contentUrl":"https:\/\/www.backwinkel.de\/blog\/wp-content\/uploads\/2019\/04\/backwinkel-blog-tag-der-kinderbetreuung-heroimage.jpg","width":1200,"height":628,"caption":"BACKWINKEL-Blog \u2013 Beitrag zum Thema Berufsbild ErzieherIn"},{"@type":"BreadcrumbList","@id":"https:\/\/www.backwinkel.de\/blog\/berufsbild-erzieherin\/#breadcrumb","itemListElement":[{"@type":"ListItem","position":1,"name":"Startseite","item":"https:\/\/blog.backwinkel.de\/aktuelles\/"},{"@type":"ListItem","position":2,"name":"Das bisschen Erziehung!?"}]},{"@type":"WebSite","@id":"https:\/\/www.backwinkel.de\/blog\/#website","url":"https:\/\/www.backwinkel.de\/blog\/","name":"BACKWINKEL Blog","description":"f\u00fcr Lehrer, Erzieher und Eltern","potentialAction":[{"@type":"SearchAction","target":{"@type":"EntryPoint","urlTemplate":"https:\/\/www.backwinkel.de\/blog\/?s={search_term_string}"},"query-input":{"@type":"PropertyValueSpecification","valueRequired":true,"valueName":"search_term_string"}}],"inLanguage":"de"},{"@type":"Person","@id":"https:\/\/www.backwinkel.de\/blog\/#\/schema\/person\/3d64575316540d25f7866264a4b7cd24","name":"BACKWINKEL","sameAs":["http:\/\/www.backwinkel.de"],"url":"https:\/\/www.backwinkel.de\/blog\/author\/backwinkel\/"}]}},"_links":{"self":[{"href":"https:\/\/www.backwinkel.de\/blog\/wp-json\/wp\/v2\/posts\/2983","targetHints":{"allow":["GET"]}}],"collection":[{"href":"https:\/\/www.backwinkel.de\/blog\/wp-json\/wp\/v2\/posts"}],"about":[{"href":"https:\/\/www.backwinkel.de\/blog\/wp-json\/wp\/v2\/types\/post"}],"author":[{"embeddable":true,"href":"https:\/\/www.backwinkel.de\/blog\/wp-json\/wp\/v2\/users\/3"}],"replies":[{"embeddable":true,"href":"https:\/\/www.backwinkel.de\/blog\/wp-json\/wp\/v2\/comments?post=2983"}],"version-history":[{"count":4,"href":"https:\/\/www.backwinkel.de\/blog\/wp-json\/wp\/v2\/posts\/2983\/revisions"}],"predecessor-version":[{"id":18854,"href":"https:\/\/www.backwinkel.de\/blog\/wp-json\/wp\/v2\/posts\/2983\/revisions\/18854"}],"wp:featuredmedia":[{"embeddable":true,"href":"https:\/\/www.backwinkel.de\/blog\/wp-json\/wp\/v2\/media\/2988"}],"wp:attachment":[{"href":"https:\/\/www.backwinkel.de\/blog\/wp-json\/wp\/v2\/media?parent=2983"}],"wp:term":[{"taxonomy":"category","embeddable":true,"href":"https:\/\/www.backwinkel.de\/blog\/wp-json\/wp\/v2\/categories?post=2983"},{"taxonomy":"post_tag","embeddable":true,"href":"https:\/\/www.backwinkel.de\/blog\/wp-json\/wp\/v2\/tags?post=2983"}],"curies":[{"name":"wp","href":"https:\/\/api.w.org\/{rel}","templated":true}]}}