{"id":2883,"date":"2019-04-01T10:06:52","date_gmt":"2019-04-01T08:06:52","guid":{"rendered":"https:\/\/blog.backwinkel.de\/?p=2883"},"modified":"2026-04-22T09:31:48","modified_gmt":"2026-04-22T07:31:48","slug":"verkehrserziehung","status":"publish","type":"post","link":"https:\/\/www.backwinkel.de\/blog\/verkehrserziehung\/","title":{"rendered":"Verkehrserziehung in Kindergarten und Schule:"},"content":{"rendered":"\n<style type=\"text\/css\" data-created_by=\"avia_inline_auto\" id=\"style-css-av-8vdv8-f7e0dae999cc49bc529a70f67b346526\">\n.flex_column.av-8vdv8-f7e0dae999cc49bc529a70f67b346526{\nborder-radius:0px 0px 0px 0px;\npadding:0px 0px 0px 0px;\n}\n<\/style>\n<div  class='flex_column av-8vdv8-f7e0dae999cc49bc529a70f67b346526 av_one_full  avia-builder-el-0  el_before_av_three_fifth  avia-builder-el-first  first flex_column_div av-zero-column-padding  '     ><p>\n<style type=\"text\/css\" data-created_by=\"avia_inline_auto\" id=\"style-css-av-jl6mo8rj-605eccf9df0dce9c3ffb6a57636da99d\">\n#top .hr.hr-invisible.av-jl6mo8rj-605eccf9df0dce9c3ffb6a57636da99d{\nmargin-top:0px;\nheight:1px;\n}\n<\/style>\n<div  class='hr av-jl6mo8rj-605eccf9df0dce9c3ffb6a57636da99d hr-invisible  avia-builder-el-1  el_before_av_heading  avia-builder-el-first '><span class='hr-inner '><span class=\"hr-inner-style\"><\/span><\/span><\/div><br \/>\n\n<style type=\"text\/css\" data-created_by=\"avia_inline_auto\" id=\"style-css-av-bdvb7-d5c32584a38784bc51119d0dde947dae\">\n#top .av-special-heading.av-bdvb7-d5c32584a38784bc51119d0dde947dae{\npadding-bottom:10px;\n}\nbody .av-special-heading.av-bdvb7-d5c32584a38784bc51119d0dde947dae .av-special-heading-tag .heading-char{\nfont-size:25px;\n}\n.av-special-heading.av-bdvb7-d5c32584a38784bc51119d0dde947dae .av-subheading{\nfont-size:15px;\n}\n<\/style>\n<div  class='av-special-heading av-bdvb7-d5c32584a38784bc51119d0dde947dae av-special-heading-h1 blockquote modern-quote  avia-builder-el-2  el_after_av_hr  el_before_av_post_metadata '><h1 class='av-special-heading-tag '  >Verkehrserziehung in Kindergarten und Grundschule: So machen Sie Ihre Kinder sicher f\u00fcr den Stra\u00dfenverkehr<\/h1><div class='av-subheading av-subheading_below'><p class=\"autorenname\">Christine Hagemann<\/p>\n<\/div><div class=\"special-heading-border\"><div class=\"special-heading-inner-border\"><\/div><\/div><\/div><br \/>\n\n<style type=\"text\/css\" data-created_by=\"avia_inline_auto\" id=\"style-css-av-6koxrn-0c982425c84c8acc0d47e014026962f4\">\n#top .av-post-metadata-container.av-6koxrn-0c982425c84c8acc0d47e014026962f4{\nfont-size:12px;\n}\n#top .av-post-metadata-container.av-6koxrn-0c982425c84c8acc0d47e014026962f4 .av-post-metadata-container-inner{\nfont-size:12px;\n}\n<\/style>\n<div  class='av-post-metadata-container av-6koxrn-0c982425c84c8acc0d47e014026962f4 av-metadata-container-align-left  avia-builder-el-3  el_after_av_heading  el_before_av_textblock  av-metadata-container-1'><div class='av-post-metadata-container-inner'><span class=\"av-post-metadata-content av-post-metadata-meta-content\"><span class=\"av-post-metadata-content av-post-metadata-modified\"><span class=\"av-metadata-before av-metadata-before-modified\">Aktualisiert:<\/span><span class=\"av-post-metadata-modified-date\" >22. April 2026<\/span><\/span><span class=\"av-post-metadata-content av-post-metadata-separator\">\/<\/span><span class=\"av-post-metadata-content av-post-metadata-modified\"><span class=\"av-metadata-before av-metadata-before-modified\">Zuletzt aktualisiert:<\/span><span class=\"av-post-metadata-modified-date\" >22. April 2026<\/span><\/span><\/span><\/div><\/div><br \/>\n\n<style type=\"text\/css\" data-created_by=\"avia_inline_auto\" id=\"style-css-av-jkuubohz-5bd5902bdafe42e29df3f39e76d87d31\">\n#top .av_textblock_section.av-jkuubohz-5bd5902bdafe42e29df3f39e76d87d31 .avia_textblock{\nfont-size:20px;\n}\n<\/style>\n<section  class='av_textblock_section av-jkuubohz-5bd5902bdafe42e29df3f39e76d87d31 '  ><div class='avia_textblock' ><p class=\"einleitungstext-beitrag\">Schulkinder sind \u00f6fter auch alleine unterwegs. Auf m\u00f6gliche Gefahren im Stra\u00dfenverkehr sollten sie gut vorbereitet sein. Verkehrserziehung beginnt daher bereits im Kindergarten.<\/p>\n<\/div><\/section><br \/>\n\n<style type=\"text\/css\" data-created_by=\"avia_inline_auto\" id=\"style-css-av-jkuuo5h6-821e794d0739a7ab035a31a69594d800\">\n.avia-image-container.av-jkuuo5h6-821e794d0739a7ab035a31a69594d800 img.avia_image{\nbox-shadow:none;\n}\n.avia-image-container.av-jkuuo5h6-821e794d0739a7ab035a31a69594d800 .av-image-caption-overlay-center{\ncolor:#ffffff;\n}\n<\/style>\n<div  class='avia-image-container av-jkuuo5h6-821e794d0739a7ab035a31a69594d800 av-styling- avia-align-center  avia-builder-el-5  el_after_av_textblock  el_before_av_hr '  ><div class=\"avia-image-container-inner\"><div class=\"avia-image-overlay-wrap\"><img decoding=\"async\" fetchpriority=\"high\" class='wp-image-2829 avia-img-lazy-loading-not-2829 avia_image ' src=\"https:\/\/www.backwinkel.de\/blog\/wp-content\/uploads\/2019\/03\/backwinkel-blog-verkehrserziehung-heroimage.jpg\" alt='BACKWINKEL-Blog \u2013 Beitrag zum Thema Verkehrserziehung in Kindergarten und Grundschule' title='Verkehrserziehung: Alles Wissenswerte f\u00fcr Kinderg\u00e4rten und Grundschulen'  height=\"628\" width=\"1200\" srcset=\"https:\/\/www.backwinkel.de\/blog\/wp-content\/uploads\/2019\/03\/backwinkel-blog-verkehrserziehung-heroimage.jpg 1200w, https:\/\/www.backwinkel.de\/blog\/wp-content\/uploads\/2019\/03\/backwinkel-blog-verkehrserziehung-heroimage-300x157.jpg 300w, https:\/\/www.backwinkel.de\/blog\/wp-content\/uploads\/2019\/03\/backwinkel-blog-verkehrserziehung-heroimage-768x402.jpg 768w, https:\/\/www.backwinkel.de\/blog\/wp-content\/uploads\/2019\/03\/backwinkel-blog-verkehrserziehung-heroimage-1030x539.jpg 1030w, https:\/\/www.backwinkel.de\/blog\/wp-content\/uploads\/2019\/03\/backwinkel-blog-verkehrserziehung-heroimage-705x369.jpg 705w, https:\/\/www.backwinkel.de\/blog\/wp-content\/uploads\/2019\/03\/backwinkel-blog-verkehrserziehung-heroimage-450x236.jpg 450w\" sizes=\"(max-width: 1200px) 100vw, 1200px\" \/><\/div><\/div><\/div><br \/>\n\n<style type=\"text\/css\" data-created_by=\"avia_inline_auto\" id=\"style-css-av-jl6mo8rj-52-02bf3cbfca7b4bb7b9cc4450fad1441d\">\n#top .hr.hr-invisible.av-jl6mo8rj-52-02bf3cbfca7b4bb7b9cc4450fad1441d{\nheight:5px;\n}\n<\/style>\n<div  class='hr av-jl6mo8rj-52-02bf3cbfca7b4bb7b9cc4450fad1441d hr-invisible  avia-builder-el-6  el_after_av_image  el_before_av_textblock '><span class='hr-inner '><span class=\"hr-inner-style\"><\/span><\/span><\/div><br \/>\n\n<style type=\"text\/css\" data-created_by=\"avia_inline_auto\" id=\"style-css-av-jl7ql86y-e4dbe662e227d6e3ed63d4a5d145fa64\">\n#top .av_textblock_section.av-jl7ql86y-e4dbe662e227d6e3ed63d4a5d145fa64 .avia_textblock{\nfont-size:10px;\n}\n<\/style>\n<section  class='av_textblock_section av-jl7ql86y-e4dbe662e227d6e3ed63d4a5d145fa64 '  ><div class='avia_textblock' ><p class=\"bildnennung-beitrag\" style=\"text-align: left;\">\u00a9\u00a0<span class=\"blue bleu-de-france-text\">photophonie<\/span>, Adobestock.com<\/p>\n<\/div><\/section><br \/>\n\n<style type=\"text\/css\" data-created_by=\"avia_inline_auto\" id=\"style-css-av-jl6mo8rj-50-451a87c82dd0ee56af6cbd0953ff0b2f\">\n#top .hr.hr-invisible.av-jl6mo8rj-50-451a87c82dd0ee56af6cbd0953ff0b2f{\nheight:20px;\n}\n<\/style>\n<div  class='hr av-jl6mo8rj-50-451a87c82dd0ee56af6cbd0953ff0b2f hr-invisible  avia-builder-el-8  el_after_av_textblock  el_before_av_textblock '><span class='hr-inner '><span class=\"hr-inner-style\"><\/span><\/span><\/div><br \/>\n<section  class='av_textblock_section av-jkuubohz-51-d34eb0baba55812cd3af4d26cb7a03ad '  ><div class='avia_textblock' ><p>Verkehrserziehung ist mehr als nur Regeln lernen. Von Anfang an steht <strong>umsichtiges Verhalten<\/strong> in konkreten Situationen im Mittelpunkt. Zeitgem\u00e4\u00dfe Verkehrserziehung und Mobilit\u00e4tsbildung werden in den Schulalltag eingebunden. Die wichtigsten Themen und Aspekte sind im Folgenden zusammengestellt. Erfahren Sie, wie Kinder lernen, sicher unterwegs zu sein.<\/p>\n<\/div><\/section><\/p><\/div>\n<style type=\"text\/css\" data-created_by=\"avia_inline_auto\" id=\"style-css-av-swqf9-6bb490ea0cbb171c9d159bb967226129\">\n.flex_column.av-swqf9-6bb490ea0cbb171c9d159bb967226129{\nborder-radius:0px 0px 0px 0px;\npadding:20px 20px 20px 20px;\nbackground-color:#f2f2f2;\n}\n<\/style>\n<div  class='flex_column av-swqf9-6bb490ea0cbb171c9d159bb967226129 av_three_fifth  avia-builder-el-10  el_after_av_one_full  el_before_av_two_fifth  first flex_column_div  column-top-margin'     ><style type=\"text\/css\" data-created_by=\"avia_inline_auto\" id=\"style-css-av-jkuua5r2-26aacafcf32943ff9bfc4af71f6ef736\">\n#top .av_textblock_section.av-jkuua5r2-26aacafcf32943ff9bfc4af71f6ef736 .avia_textblock{\nfont-size:14px;\n}\n<\/style>\n<section  class='av_textblock_section av-jkuua5r2-26aacafcf32943ff9bfc4af71f6ef736 '  ><div class='avia_textblock' ><p><strong>Inhalt<\/strong><\/p>\n<p><strong><a href=\"#1\">1. Was ist Verkehrserziehung?<\/a><\/strong><br \/>\n1.1 Darum ist Verkehrserziehung so wichtig<br \/>\n1.2 Wann sollte die Verkehrserziehung beginnen?<\/p>\n<p><strong><a href=\"#2\">2. Verkehrserziehung im Kindergarten<\/a><\/strong><br \/>\n2.1 Ganzheitliche Mobilit\u00e4t: 7 gute Gr\u00fcnde f\u00fcr Roller, Laufrad &amp; Co.<br \/>\n2.2 Partner f\u00fcr die rollende Kita: Eltern, Verb\u00e4nde und Sponsoren<br \/>\n2.3 Praxistipps zur Mobilit\u00e4ts- und Verkehrserziehung: 5 Projektideen<\/p>\n<p><strong><a href=\"#3\">3. Verkehrserziehung in der Grundschule<\/a><\/strong><br \/>\n3.1 Schulanf\u00e4nger sind Verkehrsanf\u00e4nger<br \/>\n3.2 Fit auf dem Fahrrad<br \/>\n3.3 Absolut praxistauglich: Verkehrssicherheitsprogramme inklusive Linktipps<\/p>\n<p><strong><a href=\"#4\">4. Diese Verkehrsschilder sollten Kinder in der Grundschule (kennen)lernen <\/a><\/strong><\/p>\n<\/div><\/section><\/div><\/p>\n\n<style type=\"text\/css\" data-created_by=\"avia_inline_auto\" id=\"style-css-av-2532d-6e1ea05e25305745634c0a02c87dc827\">\n.flex_column.av-2532d-6e1ea05e25305745634c0a02c87dc827{\nborder-radius:0px 0px 0px 0px;\npadding:0 0 0 0;\n}\n<\/style>\n<div  class='flex_column av-2532d-6e1ea05e25305745634c0a02c87dc827 av_two_fifth  avia-builder-el-12  el_after_av_three_fifth  el_before_av_sidebar  flex_column_div av-zero-column-padding  column-top-margin'     ><\/div>\n<div  class='avia-builder-widget-area clearfix  avia-builder-el-13  el_after_av_two_fifth  el_before_av_one_full '><div id=\"text-35\" class=\"widget clearfix widget_text\">\t\t\t<div class=\"textwidget\"><\/div>\n\t\t<\/div><\/div>\n\n<style type=\"text\/css\" data-created_by=\"avia_inline_auto\" id=\"style-css-av-hh5al-9c53459d093ff912fcc98cf97e19d753\">\n.flex_column.av-hh5al-9c53459d093ff912fcc98cf97e19d753{\nborder-radius:0px 0px 0px 0px;\npadding:0px 0px 0px 0px;\n}\n<\/style>\n<div  class='flex_column av-hh5al-9c53459d093ff912fcc98cf97e19d753 av_one_full  avia-builder-el-14  el_after_av_sidebar  el_before_av_one_full  first flex_column_div av-zero-column-padding  '     ><section  class='av_textblock_section av-jkuul0eg-47aa45f9d704d9c8972e1ddf4c471077 '  ><div class='avia_textblock' >\n<style type=\"text\/css\" data-created_by=\"avia_inline_auto\" id=\"style-css-av-7c7r8-1ad3209b7b9ea9c60cc97e362d76ea5e\">\n#top .hr.hr-invisible.av-7c7r8-1ad3209b7b9ea9c60cc97e362d76ea5e{\nheight:20px;\n}\n<\/style>\n<div  class='hr av-7c7r8-1ad3209b7b9ea9c60cc97e362d76ea5e hr-invisible  avia-builder-el-16  avia-builder-el-no-sibling '><span class='hr-inner '><span class=\"hr-inner-style\"><\/span><\/span><\/div>\n<h2 id=\"1\" class=\"position\">Was ist Verkehrserziehung?<\/h2>\n<p>Verkehrserziehung f\u00e4ngt mit der \u201eFu\u00dfg\u00e4ngerausbildung\u201c an. Die Einschulung markiert den Zeitpunkt, ab dem Kinder sich zum ersten Mal selbstst\u00e4ndig im Stra\u00dfenverkehr bewegen, meist als Fu\u00dfg\u00e4nger. Sie m\u00fcssen lernen, mit <strong>komplexen Verkehrssituationen<\/strong> zurechtzukommen, auf dem Schulweg und in der Freizeit. Sie erweitern zunehmend ihren Aktionsradius, zu Fu\u00df, mit dem Fahrrad und in \u00f6ffentlichen Verkehrsmitteln.<\/p>\n<p>Grundlage zeitgem\u00e4\u00dfer Verkehrsp\u00e4dagogik ist eine umfassende <strong>Mobilit\u00e4tsf\u00f6rderung<\/strong>. Dazu z\u00e4hlen auch die sinnliche Wahrnehmung, Reaktionsverm\u00f6gen und Konzentrationsbereitschaft. In der Mobilit\u00e4ts- und Verkehrserziehung werden Kinder bef\u00e4higt, sich im Verkehrsgeschehen<strong> sicher, sachgerecht und mitverantwortlich<\/strong> zu verhalten.<\/p>\n<h3>Darum ist Verkehrserziehung so wichtig<\/h3>\n<p>Wenn Erwachsene am Stra\u00dfenverkehr teilnehmen, verschaffen sie sich einen \u00dcberblick \u00fcber die Verkehrssituation und w\u00e4gen Gefahren ab. Dieser Vorgang l\u00e4uft meist automatisch ab und basiert auf Erfahrungswissen. Kinder verf\u00fcgen noch nicht \u00fcber einen solchen Erfahrungsschatz. Daher birgt der Stra\u00dfenverkehr f\u00fcr sie oft ein <strong>h\u00f6heres Gefahrenpotenzial<\/strong>.<\/p>\n<p>In puncto Sicherheit spielt auch die kindliche Entwicklung eine Rolle. Je j\u00fcnger Kinder sind, desto schwerer f\u00e4llt es ihnen, in Verkehrssituationen <strong>vorausschauend<\/strong> zu denken, flexibel zu reagieren und fokussiert zu bleiben. Insbesondere die Konzentration auf<strong> mehrere Dinge gleichzeitig <\/strong>stellt meist eine gro\u00dfe Herausforderung dar.<\/p>\n<p>Im Herbst und Winter legen Kinder den Schulweg h\u00e4ufig <strong>im Dunkeln<\/strong> zur\u00fcck. Schlechte Sicht ist besonders f\u00fcr Kinder gef\u00e4hrlich, ob als Fu\u00dfg\u00e4nger oder Radfahrer. Kommt dazu noch ung\u00fcnstiges Wetter wie Regen, Schnee oder Nebel, werden sie von Autofahrern zu sp\u00e4t wahrgenommen, und sie selbst k\u00f6nnen die Geschwindigkeit der Autos meist nicht richtig einsch\u00e4tzen.<\/p>\n<h3>Wann sollte die Verkehrserziehung beginnen?<\/h3>\n<p>Kinder bewegen sich bereits im Kindergartenalter im Stra\u00dfenverkehr. Auch wenn die Kleinen von Erwachsenen begleitet werden, sollten sie m\u00f6glichst fr\u00fch sicheres Verhalten erlernen. Das ist besonders wichtig als <strong>Vorbereitung auf den Schulweg<\/strong>.<\/p>\n<p>Auch beim <strong>Toben im Freien<\/strong> oder auf dem Weg zum Spielplatz kann es zu <strong>brenzligen Situationen<\/strong> im Stra\u00dfenverkehr kommen, auf die Sie Kinder vorbereiten sollten. Deshalb ist die Mobilit\u00e4ts- und Verkehrserziehung bereits im Kindergarten nicht nur sinnvoll, sondern unverzichtbar.<\/p>\n<p>Um verschiedenen Verkehrssituationen gewachsen zu sein, m\u00fcssen Kinder nicht nur Verkehrsregeln kennen und Schilder verstehen. Sie brauchen auch <strong>sensomotorische F\u00e4higkeiten<\/strong>, die Sie fr\u00fchzeitig f\u00f6rdern und altersgem\u00e4\u00df erweitern sollten.<\/p>\n<p>Diese F\u00e4higkeiten sind wichtig, damit Kinder im Stra\u00dfenverkehr sicher unterwegs sind:<\/p>\n<ul>\n<li>Gleichgewicht und Koordination<\/li>\n<li>visuelle und akustische Wahrnehmung<\/li>\n<li>Konzentrationsbereitschaft<\/li>\n<li>Reaktionsverm\u00f6gen<\/li>\n<li>Sozialkompetenz<\/li>\n<\/ul>\n<\/div><\/section><\/div>\n\n<style type=\"text\/css\" data-created_by=\"avia_inline_auto\" id=\"style-css-av-hh5al-48-ead315183f64ef9ecf60e417233ec0f0\">\n.flex_column.av-hh5al-48-ead315183f64ef9ecf60e417233ec0f0{\nborder-radius:0px 0px 0px 0px;\npadding:0px 0px 0px 0px;\n}\n<\/style>\n<div  class='flex_column av-hh5al-48-ead315183f64ef9ecf60e417233ec0f0 av_one_full  avia-builder-el-17  el_after_av_one_full  el_before_av_one_full  first flex_column_div av-zero-column-padding  column-top-margin'     ><section  class='av_textblock_section av-jkuul0eg-47-bd51bd2e3c70366dd65c8d32eb35afb2 '  ><div class='avia_textblock' >\n<style type=\"text\/css\" data-created_by=\"avia_inline_auto\" id=\"style-css-av-7c7r8-46-a9ed72307733b013167ef4a228659cd1\">\n#top .hr.hr-invisible.av-7c7r8-46-a9ed72307733b013167ef4a228659cd1{\nheight:20px;\n}\n<\/style>\n<div  class='hr av-7c7r8-46-a9ed72307733b013167ef4a228659cd1 hr-invisible  avia-builder-el-19  avia-builder-el-no-sibling '><span class='hr-inner '><span class=\"hr-inner-style\"><\/span><\/span><\/div>\n<h2 id=\"2\" class=\"position\">Verkehrserziehung im Kindergarten<\/h2>\n<p>Bei der Verkehrserziehung im Kindergarten dreht sich alles um Mobilit\u00e4t. Dabei spielen die Kinder auch verschiedene Situationen nach, beispielsweise das Verhalten beim \u00dcberqueren einer Stra\u00dfe. Beim Trainieren der Verkehrssicherheit lohnt sich Zusammenarbeit mit Eltern und Fachleuten.<\/p>\n<p><strong>Was bedeutet Mobilit\u00e4tserziehung in der Kita? <\/strong><\/p>\n<p>Mobilit\u00e4t basiert zuallererst auf dem Zusammenspiel von Wahrnehmungs- und Bewegungsf\u00f6rderung. <strong>Spa\u00df an Bewegung<\/strong> spielt in der Kita eine herausragende Rolle. Die psychomotorische F\u00f6rderung zielt vor allem auf Bewegung ab, zugleich werden Wahrnehmung, Reaktions- und Konzentrationsf\u00e4higkeit geschult.<\/p>\n<p>Da diese F\u00e4higkeiten im Kindergartenalter nat\u00fcrlich noch begrenzt sind, lassen Kinder sich im Stra\u00dfenverkehr sehr schnell ablenken. Mit gezielten Spielen verbessert sich die Aufmerksamkeit der Kinder deutlich. Wichtig ist, dass die Grundfertigkeiten immer wieder trainiert werden. Sukzessive kommen \u00dcbungen dazu, die Bez\u00fcge zu Verkehrssituationen herstellen.<\/p>\n<h3>Ganzheitliche Mobilit\u00e4t: 7 gute Gr\u00fcnde f\u00fcr Roller, Laufrad &amp; Co.<\/h3>\n<p>Kinderfahrzeuge wie Roller, Laufrad und andere Rollger\u00e4te bringen Kinder in Bewegung. Das selbstst\u00e4ndige Rollen schult ganz nebenbei Motorik, Wahrnehmung und Koordination. Doch die rollenden Spielger\u00e4te k\u00f6nnen noch mehr. Sie bieten jede Menge Lern- und Spielstoff f\u00fcr Projekte, die wichtige Kompetenzen f\u00fcr die Verkehrssicherheit f\u00f6rdern.<\/p>\n<p>Denn Roller, Laufrad &amp; Co.<\/p>\n<ul>\n<li>schaffen Bewegungsfreude durch das Sausen im Kita-Hof oder \u00fcber Parkwege und Rasenfl\u00e4chen bei Ausfl\u00fcgen.<\/li>\n<li>vermitteln Bewegungserfahrungen, z. B. beim Kurvenfahren im Slalomparcours, beim Fahren \u00fcber Wippen, beim Bew\u00e4ltigen von Steigungen und Gef\u00e4llen im Freien.<\/li>\n<li>trainieren Kraft und Ausdauer bei \u201erollenden\u201c Ausfl\u00fcgen und durch Parcours, deren L\u00e4nge und Schwierigkeit allm\u00e4hlich gesteigert werden.<\/li>\n<li>f\u00f6rdern verschiedene Wahrnehmungsformen,\n<ul>\n<li>das Erfahren von Geschwindigkeit beim Beschleunigen, Stoppen und Abbremsen,<\/li>\n<li>das Sehverm\u00f6gen beim Erkennen von Farben und Zeichen, beim Reagieren auf Signale, zur r\u00e4umlichen Wahrnehmung und Einsch\u00e4tzen der Geschwindigkeit anderer Verkehrsteilnehmer,<\/li>\n<li>das H\u00f6rverm\u00f6gen und das Richtungsh\u00f6ren sowie den Gleichgewichtssinn.<\/li>\n<\/ul>\n<\/li>\n<li>verbessern die Koordinationsf\u00e4higkeit, z. B. wenn visuelle und akustische Signale in Fahr\u00fcbungen eingebunden werden.<\/li>\n<li>st\u00e4rken Selbstbewusstsein, R\u00fccksichtnahme und Hilfsbereitschaft, denn beim Fahren in der Gruppe muss jedes Kind auf die anderen achten und sich mit ihnen verst\u00e4ndigen.<\/li>\n<li>machen Kinder fitter und tragen so zur aktiven Unfallverh\u00fctung bei.<\/li>\n<\/ul>\n<\/div><\/section><\/div>\n\n<style type=\"text\/css\" data-created_by=\"avia_inline_auto\" id=\"style-css-av-jlnt0i5o-f236c614a826fac7ad43fe988a87cef0\">\n.flex_column.av-jlnt0i5o-f236c614a826fac7ad43fe988a87cef0{\nborder-radius:0px 0px 0px 0px;\npadding:10px 10px 10px 10px;\nbackground-color:#e0f1b4;\n}\n<\/style>\n<div  class='flex_column av-jlnt0i5o-f236c614a826fac7ad43fe988a87cef0 av_one_full  avia-builder-el-20  el_after_av_one_full  el_before_av_one_full  first flex_column_div av-animated-generic fade-in  column-top-margin'     ><style type=\"text\/css\" data-created_by=\"avia_inline_auto\" id=\"style-css-av-jkuvcso3-bab9118728c0bad71bb6c1a208f562d1\">\n#top .av_textblock_section.av-jkuvcso3-bab9118728c0bad71bb6c1a208f562d1 .avia_textblock{\nfont-size:18px;\n}\n<\/style>\n<section  class='av_textblock_section av-jkuvcso3-bab9118728c0bad71bb6c1a208f562d1 '  ><div class='avia_textblock' ><p><strong>Tipp:<\/strong> In unserem Onlineshop finden Sie eine gro\u00dfe Auswahl an <a href=\"https:\/\/www.backwinkel.de\/cat\/kindergarten-fahrzeuge\/\" target=\"_blank\" rel=\"noopener\">Kindergarten-Fahrzeugen<\/a>.<\/p>\n<\/div><\/section><\/div>\n\n<style type=\"text\/css\" data-created_by=\"avia_inline_auto\" id=\"style-css-av-hh5al-45-e37424663f7a8eb6069717fb00fbbc5c\">\n.flex_column.av-hh5al-45-e37424663f7a8eb6069717fb00fbbc5c{\nborder-radius:0px 0px 0px 0px;\npadding:0px 0px 0px 0px;\n}\n<\/style>\n<div  class='flex_column av-hh5al-45-e37424663f7a8eb6069717fb00fbbc5c av_one_full  avia-builder-el-22  el_after_av_one_full  el_before_av_one_full  first flex_column_div av-zero-column-padding  column-top-margin'     ><section  class='av_textblock_section av-jkuul0eg-44-40c845f17bc291b5c738c4871821f3bb '  ><div class='avia_textblock' >\n<style type=\"text\/css\" data-created_by=\"avia_inline_auto\" id=\"style-css-av-7c7r8-43-c053868699d7b12634e7da65ce85a609\">\n#top .hr.hr-invisible.av-7c7r8-43-c053868699d7b12634e7da65ce85a609{\nheight:20px;\n}\n<\/style>\n<div  class='hr av-7c7r8-43-c053868699d7b12634e7da65ce85a609 hr-invisible  avia-builder-el-24  avia-builder-el-no-sibling '><span class='hr-inner '><span class=\"hr-inner-style\"><\/span><\/span><\/div>\n<h3>Partner f\u00fcr die rollende Kita: Eltern, Verb\u00e4nde und Sponsoren<\/h3>\n<p>Externe Partner und Sponsoren k\u00f6nnen Sie bei der Mobilit\u00e4tsf\u00f6rderung tatkr\u00e4ftig unterst\u00fctzen. Die wichtigsten Partner sind auf alle F\u00e4lle die Eltern der Kinder. Sie haben gro\u00dfes Interesse daran, dass ihre Kinder sicheres Verhalten im Stra\u00dfenverkehr erlernen.<\/p>\n<p>1. <strong>Die Eltern<\/strong> k\u00f6nnen mit ihrem Know-how und ihrer Praxiserfahrung tatkr\u00e4ftige Helfer und Ideengeber bei den Aktivit\u00e4ten im Kindergarten sein, z. B. bei Projektwochen, kleinen Fahrradtouren oder bei der Reparatur von Rollger\u00e4ten. Viele Eltern verf\u00fcgen zudem \u00fcber gute Kontakte. Das kann auch die Sponsorensuche sehr erleichtern.<\/p>\n<\/div><\/section><\/div>\n\n<style type=\"text\/css\" data-created_by=\"avia_inline_auto\" id=\"style-css-av-jlnt0i5o-42-775a8db223053933bc00ad3101611cbe\">\n.flex_column.av-jlnt0i5o-42-775a8db223053933bc00ad3101611cbe{\nborder-radius:0px 0px 0px 0px;\npadding:10px 10px 10px 10px;\nbackground-color:#e0f1b4;\n}\n<\/style>\n<div  class='flex_column av-jlnt0i5o-42-775a8db223053933bc00ad3101611cbe av_one_full  avia-builder-el-25  el_after_av_one_full  el_before_av_one_full  first flex_column_div  column-top-margin'     ><style type=\"text\/css\" data-created_by=\"avia_inline_auto\" id=\"style-css-av-jkuvcso3-41-11dee648edc3c0d402971f39e0459a91\">\n#top .av_textblock_section.av-jkuvcso3-41-11dee648edc3c0d402971f39e0459a91 .avia_textblock{\nfont-size:22px;\n}\n<\/style>\n<section  class='av_textblock_section av-jkuvcso3-41-11dee648edc3c0d402971f39e0459a91 '  ><div class='avia_textblock' ><p><strong>Tipp:<\/strong> Ein Erfolgsrezept f\u00fcr gute Elternarbeit ist das <strong>fr\u00fchzeitige<\/strong> Einbeziehen der Eltern in Entscheidungen und Organisation. Gut informierte und immer in Planungsprozesse eingebundene Eltern sind motivierter und einsatzfreudiger.<\/p>\n<\/div><\/section><\/div>\n\n<style type=\"text\/css\" data-created_by=\"avia_inline_auto\" id=\"style-css-av-hh5al-40-dd47c675fb78846eb33c45a2d24c7638\">\n.flex_column.av-hh5al-40-dd47c675fb78846eb33c45a2d24c7638{\nborder-radius:0px 0px 0px 0px;\npadding:0px 0px 0px 0px;\n}\n<\/style>\n<div  class='flex_column av-hh5al-40-dd47c675fb78846eb33c45a2d24c7638 av_one_full  avia-builder-el-27  el_after_av_one_full  el_before_av_one_full  first flex_column_div av-zero-column-padding  column-top-margin'     ><section  class='av_textblock_section av-jkuul0eg-39-2e1d4d00c286ed99d439896eba78cd6c '  ><div class='avia_textblock' ><p>2. <strong>Vertreter der Kommunalverwaltung<\/strong> geben Auskunft zu Verkehrsfragen und sollten unbedingt bei allen geplanten Aktionen im Umfeld des Kindergartens hinzugezogen werden. M\u00f6gliche Ansprechpartner sind das Tiefbauamt, das Verkehrsamt, das Umweltamt, auch das Jugendamt.<\/p>\n<p>3. <strong>Die Polizei<\/strong> ist ein hilfreicher Partner in allen Fragen zur Verkehrssicherheit und Verkehrserziehung. Vielerorts gibt es speziell ausgebildete Polizeibeamte, die f\u00fcr die Arbeit in Kinderg\u00e4rten und Schulen zur Verf\u00fcgung stehen.<\/p>\n<p>4. <strong>Die<\/strong> <strong>Deutsche Verkehrswacht<\/strong> unterst\u00fctzt ebenfalls die Arbeit zur Verkehrssicherheit in Kitas. Bew\u00e4hrt sind Verkehrswochen und Verkehrssicherheitstage, bei deren Planung und Durchf\u00fchrung die Moderatoren den Erziehern mit Rat und Tat zur Seite stehen.<\/p>\n<p>5. <strong>Ortsans\u00e4ssige Firmen<\/strong> k\u00f6nnen wertvolle Partner sein. Denn gute Ideen reichen h\u00e4ufig nicht, ihre Umsetzung kostet meist auch Geld. Um den Rollger\u00e4te-Fuhrpark oder einzelne Projekte zu unterst\u00fctzen, sind Sponsoren gefragt. Geld- oder Sachspenden sind immer hilfreich, doch Firmen bieten auch viel Erfahrung, wenn es um gemeinsame Initiativen geht.<\/p>\n<\/div><\/section><\/div>\n\n<style type=\"text\/css\" data-created_by=\"avia_inline_auto\" id=\"style-css-av-jlnt0i5o-37-19ea39d37866eb8b5d8162a2c62fbcc2\">\n.flex_column.av-jlnt0i5o-37-19ea39d37866eb8b5d8162a2c62fbcc2{\nborder-radius:0px 0px 0px 0px;\npadding:10px 10px 10px 10px;\nbackground-color:#e0f1b4;\n}\n<\/style>\n<div  class='flex_column av-jlnt0i5o-37-19ea39d37866eb8b5d8162a2c62fbcc2 av_one_full  avia-builder-el-29  el_after_av_one_full  el_before_av_hr  first flex_column_div  column-top-margin'     ><style type=\"text\/css\" data-created_by=\"avia_inline_auto\" id=\"style-css-av-jkuvcso3-36-49f81c8f5b89a2f8c31147666c83cbe6\">\n#top .av_textblock_section.av-jkuvcso3-36-49f81c8f5b89a2f8c31147666c83cbe6 .avia_textblock{\nfont-size:22px;\n}\n<\/style>\n<section  class='av_textblock_section av-jkuvcso3-36-49f81c8f5b89a2f8c31147666c83cbe6 '  ><div class='avia_textblock' ><p><strong>Tipp:<\/strong> Zur Kostenersparnis lohnt sich h\u00e4ufig die Kooperation mit einer anderen Kita am Ort, etwa zur gemeinsamen Anschaffung von Rollger\u00e4ten oder Fahrradhelmen.<\/p>\n<\/div><\/section><\/div>\n\n<style type=\"text\/css\" data-created_by=\"avia_inline_auto\" id=\"style-css-av-jl6mo8rj-49-5128e48edc766fc6306e753f2faebc95\">\n#top .hr.hr-invisible.av-jl6mo8rj-49-5128e48edc766fc6306e753f2faebc95{\nheight:60px;\n}\n<\/style>\n<div  class='hr av-jl6mo8rj-49-5128e48edc766fc6306e753f2faebc95 hr-invisible  avia-builder-el-31  el_after_av_one_full  el_before_av_one_full '><span class='hr-inner '><span class=\"hr-inner-style\"><\/span><\/span><\/div>\n\n<style type=\"text\/css\" data-created_by=\"avia_inline_auto\" id=\"style-css-av-hh5al-35-a49414f3ac573cd1498163fe8070052f\">\n.flex_column.av-hh5al-35-a49414f3ac573cd1498163fe8070052f{\nborder-radius:0px 0px 0px 0px;\npadding:0px 0px 0px 0px;\n}\n<\/style>\n<div  class='flex_column av-hh5al-35-a49414f3ac573cd1498163fe8070052f av_one_full  avia-builder-el-32  el_after_av_hr  el_before_av_one_full  first flex_column_div av-zero-column-padding  '     ><section  class='av_textblock_section av-jkuul0eg-34-7dcde0368bc781e2d57a5db977e18f94 '  ><div class='avia_textblock' ><h3>Praxistipps zur Mobilit\u00e4ts- und Verkehrserziehung: 5 Projektideen<\/h3>\n<p>Ob Sie im Rahmen der Verkehrserziehung im Kindergarten eine Themenwoche gestalten, ein Vorschulkinderprojekt planen oder die Mobilit\u00e4t der Kinder im Kita-Alltag f\u00f6rdern m\u00f6chten \u2013 die folgenden 5 Projektideen unterst\u00fctzen Sie dabei.<\/p>\n<ul>\n<li>Aktion \u201eUnsere rollende Kita\u201c<br \/>\nBauen Sie drau\u00dfen einen Rollerparcours mit verschiedenen Stationen auf. Die Kinder fahren mit einem Partner oder in Gruppen, neben- und hintereinander. Sie absolvieren Slaloms, fahren \u00fcber Wippbretter, rollern um die Wette und machen rasante Staffelfahrten. Als Motivation und Belohnung winkt der Rollerf\u00fchrerschein.<\/li>\n<\/ul>\n<\/div><\/section><\/div>\n\n<style type=\"text\/css\" data-created_by=\"avia_inline_auto\" id=\"style-css-av-jlnt0i5o-33-1687f9041f0795ae8d49a8cd8587219a\">\n.flex_column.av-jlnt0i5o-33-1687f9041f0795ae8d49a8cd8587219a{\nborder-radius:0px 0px 0px 0px;\npadding:10px 10px 10px 10px;\nbackground-color:#e0f1b4;\n}\n<\/style>\n<div  class='flex_column av-jlnt0i5o-33-1687f9041f0795ae8d49a8cd8587219a av_one_full  avia-builder-el-34  el_after_av_one_full  el_before_av_one_full  first flex_column_div  column-top-margin'     ><style type=\"text\/css\" data-created_by=\"avia_inline_auto\" id=\"style-css-av-jkuvcso3-32-96ab1deb41f9f04bf8e7d0e0c9c431da\">\n#top .av_textblock_section.av-jkuvcso3-32-96ab1deb41f9f04bf8e7d0e0c9c431da .avia_textblock{\nfont-size:22px;\n}\n<\/style>\n<section  class='av_textblock_section av-jkuvcso3-32-96ab1deb41f9f04bf8e7d0e0c9c431da '  ><div class='avia_textblock' ><p><strong>Tipp:<\/strong> \u201eUnsere rollende Kita\u201c ist ein ideales Motto f\u00fcr Ihr <a href=\"https:\/\/blog.backwinkel.de\/sommerfest-kindergarten\/\">Sommerfest im Kindergarten<\/a>. Es bringt Kinder und Eltern in Bewegung und bietet Spa\u00df f\u00fcr alle. Das Motto schafft einen guten Rahmen f\u00fcr viele Spiele und Aktivit\u00e4ten, von Mobilit\u00e4tsparcours und Malstation bis zum Rollger\u00e4te-Flohmarkt.<\/p>\n<\/div><\/section><\/div>\n\n<style type=\"text\/css\" data-created_by=\"avia_inline_auto\" id=\"style-css-av-hh5al-31-67dbe73fb71b5b7315a5fa6c6848643a\">\n.flex_column.av-hh5al-31-67dbe73fb71b5b7315a5fa6c6848643a{\nborder-radius:0px 0px 0px 0px;\npadding:0px 0px 0px 0px;\n}\n<\/style>\n<div  class='flex_column av-hh5al-31-67dbe73fb71b5b7315a5fa6c6848643a av_one_full  avia-builder-el-36  el_after_av_one_full  el_before_av_one_full  first flex_column_div av-zero-column-padding  column-top-margin'     ><section  class='av_textblock_section av-jkuul0eg-30-b69a33aabac7e46165f9bc820ed40321 '  ><div class='avia_textblock' ><ul>\n<li>Aktion \u201eZu Fu\u00df zum Kindergarten\u201c<br \/>\nSprechen Sie die Eltern an. Bestimmt sind einige daf\u00fcr zu gewinnen, ihre Kleinen auch mal zu Fu\u00df zur Kita zu begleiten. An der sicheren Hand von Mama oder Papa verlieren Kinder ihre Angst. Auf dem gemeinsamen Fu\u00dfweg wird das richtige Verhalten an Ampeln und Zebrastreifen konkret einge\u00fcbt.<\/li>\n<\/ul>\n<\/div><\/section><\/div>\n\n<style type=\"text\/css\" data-created_by=\"avia_inline_auto\" id=\"style-css-av-jlnt0i5o-29-0496e739d834bc3438fcaea2c89f31c1\">\n.flex_column.av-jlnt0i5o-29-0496e739d834bc3438fcaea2c89f31c1{\nborder-radius:0px 0px 0px 0px;\npadding:10px 10px 10px 10px;\nbackground-color:#e0f1b4;\n}\n<\/style>\n<div  class='flex_column av-jlnt0i5o-29-0496e739d834bc3438fcaea2c89f31c1 av_one_full  avia-builder-el-38  el_after_av_one_full  el_before_av_one_full  first flex_column_div  column-top-margin'     ><style type=\"text\/css\" data-created_by=\"avia_inline_auto\" id=\"style-css-av-jkuvcso3-28-4019a0c8e5412c9837034bb1341fbec1\">\n#top .av_textblock_section.av-jkuvcso3-28-4019a0c8e5412c9837034bb1341fbec1 .avia_textblock{\nfont-size:22px;\n}\n<\/style>\n<section  class='av_textblock_section av-jkuvcso3-28-4019a0c8e5412c9837034bb1341fbec1 '  ><div class='avia_textblock' ><p><strong>Tipp:<\/strong> Interessante Infos zu diesem Thema bietet auch die Internetpr\u00e4senz \u201e<a href=\"https:\/\/www.zu-fuss-zur-schule.de\/\">Zu Fu\u00df zur Schule und zum Kindergarten<\/a>\u201c vom Deutschen Kinderhilfswerk. Dort lesen Sie alles Wissenswerte \u00fcber j\u00e4hrlich stattfindende Aktionstage<\/p>\n<\/div><\/section><\/div>\n\n<style type=\"text\/css\" data-created_by=\"avia_inline_auto\" id=\"style-css-av-hh5al-27-92890c9f1131781ce682f676d0bbca76\">\n.flex_column.av-hh5al-27-92890c9f1131781ce682f676d0bbca76{\nborder-radius:0px 0px 0px 0px;\npadding:0px 0px 0px 0px;\n}\n<\/style>\n<div  class='flex_column av-hh5al-27-92890c9f1131781ce682f676d0bbca76 av_one_full  avia-builder-el-40  el_after_av_one_full  el_before_av_one_full  first flex_column_div av-zero-column-padding  column-top-margin'     ><section  class='av_textblock_section av-jkuul0eg-26-47e11e7fa189ea6c70fb6ac2993af16a '  ><div class='avia_textblock' ><ul>\n<li>Lernspiel \u201eUnsere eigene Stra\u00dfe\u201c<br \/>\nIm Gruppenraum bauen die Kinder ihre eigene Stra\u00dfe auf und spielen dabei verschiedene Verkehrssituationen nach. Dazu eignet sich gut ein Bausatz, der aus vielen einzelnen Elementen besteht und immer neue Stra\u00dfenverl\u00e4ufe erm\u00f6glicht (<a href=\"https:\/\/www.backwinkel.de\/bausatz-unsere-eigene-strasse.html\" target=\"_blank\" rel=\"noopener\">Stra\u00dfen-Bausatz im Onlineshop ansehen<\/a>).<\/li>\n<\/ul>\n<ul>\n<li>Aktion \u201eFit f\u00fcr den Schulweg\u201c<br \/>\nUnternehmen Sie kleine Ausfl\u00fcge mit den Vorschulkindern oder erweitern Sie Ihren Rollerparcours. Dazu passen <a href=\"https:\/\/www.backwinkel.de\/prod\/verkehrshuetchen-4er-set.html\" target=\"_blank\" rel=\"noopener\">Verkehrsh\u00fctchen<\/a> und Wippbretter ebenso wie Zebrastreifen, eine <a href=\"https:\/\/www.backwinkel.de\/ampel-zur-verkehrserziehung.html\" target=\"_blank\" rel=\"noopener\">batterieversorgte Ampel<\/a> und standfeste <a href=\"https:\/\/www.backwinkel.de\/verkehrszeichen.html\" target=\"_blank\" rel=\"noopener\">Verkehrszeichen<\/a>. Beziehen Sie auch das Thema Helm mit ein und laden Sie als Highlight einen Polizisten ein.<\/li>\n<\/ul>\n<ul>\n<li>B\u00fccher- und Spieleecke<br \/>\nRichten Sie im Gruppenraum eine Ecke zum Thema Verkehrssicherheit ein. Hier finden die Kinder selbstst\u00e4ndig, was sie gerade interessiert: Bilderb\u00fccher, Spiele, Puzzle- oder Malvorlagen.<\/li>\n<\/ul>\n<p>Laden Sie sich unsere Liste zu B\u00fcchertipps bzw. Mitmachgeschichten zur Verkehrssicherheit kostenlos herunter:<\/p>\n<\/div><\/section><\/div>\n\n<style type=\"text\/css\" data-created_by=\"avia_inline_auto\" id=\"style-css-av-jlnt0i5o-25-a791a823e206cadeaef02bf89396aca2\">\n.flex_column.av-jlnt0i5o-25-a791a823e206cadeaef02bf89396aca2{\nborder-radius:0px 0px 0px 0px;\npadding:10px 10px 10px 10px;\nbackground-color:#ffffff;\n}\n<\/style>\n<div  class='flex_column av-jlnt0i5o-25-a791a823e206cadeaef02bf89396aca2 av_one_full  avia-builder-el-42  el_after_av_one_full  el_before_av_one_full  first flex_column_div  column-top-margin'     ><section  class='av_textblock_section av-jkuul0eg-22-cf87ee8b0a3fe44c39d08fdb44319956 '  ><div class='avia_textblock' ><p><a href=\"https:\/\/blog.backwinkel.de\/wp-content\/uploads\/2019\/03\/backwinkel-blog-verkehrserziehung-buechertipps.jpg\"><img decoding=\"async\" class=\"alignnone wp-image-2896\" title=\"BACKWINKEL-B\u00fcchertipps zur Verkehrserziehung\" src=\"https:\/\/blog.backwinkel.de\/wp-content\/uploads\/2019\/03\/backwinkel-blog-verkehrserziehung-buechertipps.jpg\" alt=\"BACKWINKEL-B\u00fcchertipps zur Verkehrserziehung\" width=\"353\" height=\"500\" \/><\/a><\/p>\n<div  class='avia-button-wrap av-29z0hl-d2616523457e83b38f9f284e57594fa0-wrap avia-button-left  avia-builder-el-44  avia-builder-el-no-sibling '><a href='https:\/\/www.backwinkel.de\/downloads\/backwinkel-blog-verkehrserziehung-buechertipps.pdf'  class='avia-button av-29z0hl-d2616523457e83b38f9f284e57594fa0 av-link-btn avia-icon_select-no avia-size-large avia-position-left avia-color-theme-color'  target=\"_blank\"  rel=\"noopener noreferrer\"  aria-label=\"Download B\u00fcchertipps\"><span class='avia_iconbox_title' >Download B\u00fcchertipps<\/span><\/a><\/div>\n<\/div><\/section><\/div>\n\n<style type=\"text\/css\" data-created_by=\"avia_inline_auto\" id=\"style-css-av-hh5al-23-62ce8bd7479ac567703529b57db28a56\">\n.flex_column.av-hh5al-23-62ce8bd7479ac567703529b57db28a56{\nborder-radius:0px 0px 0px 0px;\npadding:0px 0px 0px 0px;\n}\n<\/style>\n<div  class='flex_column av-hh5al-23-62ce8bd7479ac567703529b57db28a56 av_one_full  avia-builder-el-45  el_after_av_one_full  el_before_av_one_full  first flex_column_div av-zero-column-padding  column-top-margin'     ><section  class='av_textblock_section av-jkuul0eg-20-9635fb26df48210a2c9fc15867d90e9f '  ><div class='avia_textblock' >\n<style type=\"text\/css\" data-created_by=\"avia_inline_auto\" id=\"style-css-av-7c7r8-38-b9fe6bc5b0e62fdc7ae98212e148c177\">\n#top .hr.hr-invisible.av-7c7r8-38-b9fe6bc5b0e62fdc7ae98212e148c177{\nheight:20px;\n}\n<\/style>\n<div  class='hr av-7c7r8-38-b9fe6bc5b0e62fdc7ae98212e148c177 hr-invisible  avia-builder-el-47  avia-builder-el-no-sibling '><span class='hr-inner '><span class=\"hr-inner-style\"><\/span><\/span><\/div>\n<h2 id=\"3\" class=\"position\">Verkehrserziehung in der Grundschule<\/h2>\n<p>An Grundschulen geh\u00f6rt die Mobilit\u00e4ts- und Verkehrserziehung <strong>ab Klasse 1 <\/strong>zu den \u00fcbergreifenden Bildungs- und Erziehungsaufgaben. Im Mittelpunkt der Klassen 1 \u2013 4 stehen <strong>Schulwegtraining und Radfahrausbildung<\/strong>. Die Umsetzung passt sich stufenweise der kindlichen Entwicklung an. In Klasse 4 steht meist der \u201eFahrradf\u00fchrerschein\u201c auf dem Lehrplan.<\/p>\n<h3>Schulanf\u00e4nger sind Verkehrsanf\u00e4nger<\/h3>\n<p>Auf ihrem t\u00e4glichen Schulweg und auch in ihrer Freizeit nehmen Schulkinder verst\u00e4rkt am Stra\u00dfenverkehr teil. F\u00fcr viele Erstkl\u00e4ssler sind nicht nur der Ranzen auf dem R\u00fccken und die festen Zeiten im Klassenzimmer ungewohnt, auch der Weg zur Schule ist eine neue Herausforderung.<\/p>\n<p>Allein schon durch ihre K\u00f6rpergr\u00f6\u00dfe sind Kinder im Stra\u00dfenverkehr gef\u00e4hrdet. Autofahrer \u00fcbersehen sie leicht und auch der richtige \u00dcberblick fehlt den Kindern. In komplizierten Verkehrssituationen sind sie daher schnell \u00fcberfordert.<\/p>\n<p><strong>Erstkl\u00e4ssler k\u00f6nnen noch nicht so gut<\/strong><\/p>\n<ul>\n<li>\u00fcber geparkte Autos hinweg die Stra\u00dfe sehen.<\/li>\n<li>Geschwindigkeiten und Abst\u00e4nde einsch\u00e4tzen.<\/li>\n<li>Fahrzeuge wahrnehmen, die von der Seite kommen.<\/li>\n<li>Ger\u00e4usche unterscheiden und deren Richtung orten.<\/li>\n<li>Bewegungen kontrollieren und spontan stoppen.<\/li>\n<\/ul>\n<\/div><\/section><\/div>\n\n<style type=\"text\/css\" data-created_by=\"avia_inline_auto\" id=\"style-css-av-jlnt0i5o-21-67dd4e9f34fd2a02e1fb92c8050836bf\">\n.flex_column.av-jlnt0i5o-21-67dd4e9f34fd2a02e1fb92c8050836bf{\nborder-radius:0px 0px 0px 0px;\npadding:10px 10px 10px 10px;\nbackground-color:#e0f1b4;\n}\n<\/style>\n<div  class='flex_column av-jlnt0i5o-21-67dd4e9f34fd2a02e1fb92c8050836bf av_one_full  avia-builder-el-48  el_after_av_one_full  el_before_av_one_full  first flex_column_div  column-top-margin'     ><style type=\"text\/css\" data-created_by=\"avia_inline_auto\" id=\"style-css-av-jkuvcso3-24-73821ac1e44eb8a4d05c415a8c6e7bac\">\n#top .av_textblock_section.av-jkuvcso3-24-73821ac1e44eb8a4d05c415a8c6e7bac .avia_textblock{\nfont-size:22px;\n}\n<\/style>\n<section  class='av_textblock_section av-jkuvcso3-24-73821ac1e44eb8a4d05c415a8c6e7bac '  ><div class='avia_textblock' ><p><strong>Tipp:<\/strong> Die Schulwegsicherheit sollte bei der ersten Elternveranstaltung thematisiert werden. Die Verkehrserziehung der Grundschule kann die Anleitung im Elternhaus immer nur erg\u00e4nzen. Weisen Sie darauf hin, wie wichtig ein Schulwegtraining durch die Eltern ist.<\/p>\n<\/div><\/section><\/div>\n\n<style type=\"text\/css\" data-created_by=\"avia_inline_auto\" id=\"style-css-av-hh5al-18-8d44ed9080475bc333e749da47b5d0c8\">\n.flex_column.av-hh5al-18-8d44ed9080475bc333e749da47b5d0c8{\nborder-radius:0px 0px 0px 0px;\npadding:0px 0px 0px 0px;\n}\n<\/style>\n<div  class='flex_column av-hh5al-18-8d44ed9080475bc333e749da47b5d0c8 av_one_full  avia-builder-el-50  el_after_av_one_full  el_before_av_one_full  first flex_column_div av-zero-column-padding  column-top-margin'     ><section  class='av_textblock_section av-jkuul0eg-17-8a9fdee787471a4f86e5bb013a32544e '  ><div class='avia_textblock' ><h3>Fit auf dem Fahrrad<\/h3>\n<p>Auch wenn viele Kinder bereits im Kindergartenalter das Radfahren gelernt haben, sind ihre F\u00e4higkeiten f\u00fcr die sichere Beherrschung des Fahrrads noch \u00fcber Jahre nicht gen\u00fcgend ausgepr\u00e4gt. Nur durch gezieltes \u00dcben werden die Kinder zu sicheren Verkehrsteilnehmern.<\/p>\n<p><strong>Fahr\u00fcbungen sollten bereits in Klasse 2 beginnen<\/strong> und nicht erst kurz vor der Radfahrausbildung. Gute M\u00f6glichkeiten zur Verbesserung der Mobilit\u00e4t bietet der Sportunterricht, in den meisten Lehrpl\u00e4nen unter dem Thema \u201eRollen, Gleiten, Fahren\u201c. Hier kommen Rollbrett, Pedalo und Fahrrad zum Einsatz. Der richtige Sitz des Fahrradhelms geh\u00f6rt selbstverst\u00e4ndlich dazu.<\/p>\n<p>Im Rahmen der bundesweit durchgef\u00fchrten <strong>Radfahrausbildung ab Klasse 3<\/strong> lernen die Kinder die Vorfahrtsregeln kennen und vertiefen ihr Wissen zu Verkehrszeichen und Verhalten im Stra\u00dfenverkehr. Sie lernen und \u00fcberpr\u00fcfen am eigenen Rad, wie ein <strong>verkehrssicheres Fahrrad<\/strong> ausgestattet sein muss.<\/p>\n<p>Die praktische Ausbildung erfolgt auf \u00dcbungsfl\u00e4chen, die realen Verkehrsfl\u00e4chen entsprechen, wie an den Jugendverkehrsschulen der Deutschen Verkehrswacht. Bei Vorbereitung und Durchf\u00fchrung der <strong>Radfahrpr\u00fcfung in Klasse 4<\/strong> ist die Schule auf Unterst\u00fctzung von Eltern und Polizei angewiesen. \u00dcbungsfahrten im realen Stra\u00dfenverkehr sind ohne polizeiliche Begleitung nicht denkbar.<\/p>\n<\/div><\/section><\/div>\n\n<style type=\"text\/css\" data-created_by=\"avia_inline_auto\" id=\"style-css-av-jlnt0i5o-15-0ad5300471ecdcb0fe633c0fbab96de6\">\n.flex_column.av-jlnt0i5o-15-0ad5300471ecdcb0fe633c0fbab96de6{\nborder-radius:0px 0px 0px 0px;\npadding:10px 10px 10px 10px;\nbackground-color:#e0f1b4;\n}\n<\/style>\n<div  class='flex_column av-jlnt0i5o-15-0ad5300471ecdcb0fe633c0fbab96de6 av_one_full  avia-builder-el-52  el_after_av_one_full  el_before_av_one_full  first flex_column_div  column-top-margin'     ><style type=\"text\/css\" data-created_by=\"avia_inline_auto\" id=\"style-css-av-jkuvcso3-14-f05a10b83946944d1d3a0844c62cbe29\">\n#top .av_textblock_section.av-jkuvcso3-14-f05a10b83946944d1d3a0844c62cbe29 .avia_textblock{\nfont-size:22px;\n}\n<\/style>\n<section  class='av_textblock_section av-jkuvcso3-14-f05a10b83946944d1d3a0844c62cbe29 '  ><div class='avia_textblock' ><p><strong>Tipp:<\/strong> F\u00fcr die Mobilit\u00e4tsbildung in der Grundschule ist die Erstellung von <strong>Schulwegpl\u00e4nen<\/strong> eine bew\u00e4hrte Methode, um \u2013 zusammen mit den Eltern \u2013 einen \u201esch\u00fclerfreundlichen\u201c Schulweg zu finden. Denn der k\u00fcrzeste Schulweg ist nicht immer auch der sicherste!<\/p>\n<\/div><\/section><\/div>\n\n<style type=\"text\/css\" data-created_by=\"avia_inline_auto\" id=\"style-css-av-hh5al-13-e21e960e9e28fb772abd7b1cb346790c\">\n.flex_column.av-hh5al-13-e21e960e9e28fb772abd7b1cb346790c{\nborder-radius:0px 0px 0px 0px;\npadding:0px 0px 0px 0px;\n}\n<\/style>\n<div  class='flex_column av-hh5al-13-e21e960e9e28fb772abd7b1cb346790c av_one_full  avia-builder-el-54  el_after_av_one_full  el_before_av_one_full  first flex_column_div av-zero-column-padding  column-top-margin'     ><section  class='av_textblock_section av-jkuul0eg-12-a79dfa3db91f7541725a98eb3197a1fb '  ><div class='avia_textblock' ><h3>Absolut praxistauglich: Verkehrssicherheitsprogramme inklusive Linktipps<\/h3>\n<ul>\n<li>Die Radfahrausbildung der <strong>Deutschen Verkehrswacht<\/strong> ist fast schon ein Synonym f\u00fcr Verkehrserziehung in Deutschland. \u00dcber 95 % aller Viertkl\u00e4ssler nehmen jedes Jahr an diesem Programm teil. <a href=\"https:\/\/www.verkehrswacht-medien-service.de\/grundschule\/\">https:\/\/www.verkehrswacht-medien-service.de\/grundschule.html<\/a><\/li>\n<li>\u201eAufgepasst mit ADACUS\u201c hei\u00dft das Programm des <strong>ADAC<\/strong>, durchgef\u00fchrt von den Regionalclubs, das Vorschulkinder und Erstkl\u00e4ssler spielerisch an ihre Rolle als Fu\u00dfg\u00e4nger im Stra\u00dfenverkehr heranf\u00fchrt. Dauer: ca. 45 Minuten.<\/li>\n<li>Der <strong>Deutsche Verkehrssicherheitsrat<\/strong> (DVR) stellt zahlreiche Verkehrssicherheitsprogramme in Deutschland vor: <a href=\"https:\/\/www.dvr.de\/mensch-im-verkehr\/kinder-junges-fahren\/kinder\">https:\/\/www.dvr.de\/mensch-im-verkehr\/kinder-junges-fahren\/kinder<\/a><\/li>\n<\/ul>\n<p><strong>Medien und Unterrichtsmaterialien <\/strong>sind f\u00fcr die Vermittlung unverzichtbar. Die folgenden Quellen bieten reichlich Informationen + Lernmaterial zum Download. Materialien f\u00fcr Vorschulkinder finden Sie auch in unserem Onlineshop in der Kategorie\u00a0<a href=\"https:\/\/www.backwinkel.de\/cat\/lehrmittel-verkehrserziehung\/\" target=\"_blank\" rel=\"noopener\">Verkehrserziehung<\/a>.<\/p>\n<ul>\n<li>Die <strong>Deutsche Gesetzliche Unfallversicherung<\/strong> (DGUV) bietet auf ihrem <strong>Schulportal<\/strong> sehr breitgef\u00e4chertes Material zur Verkehrserziehung an Grundschulen. Dazu gibt es didaktisch-methodische Hinweise f\u00fcr die Lehrkraft, Unterrichtsmaterial und Medientipps:<br \/>\n<a href=\"https:\/\/pluspunkt.dguv.de\/?s=verkehrssicherheit\">https:\/\/pluspunkt.dguv.de\/<\/a><\/li>\n<li>\u201eFLUX \u2013 Die pfiffige Verkehrserziehung\u201c ist ein <strong>Unterrichtsprojekt der Deutschen Verkehrswacht<\/strong>. Es bietet Ansatzpunkte f\u00fcr alle F\u00e4cher der Grundschule sowie Impulse f\u00fcr Freiarbeit, Wochenplan und Projekte. <a href=\"https:\/\/www.verkehrswacht-medien-service.de\/\">https:\/\/www.verkehrswacht-medien-service.de\/<\/a><\/li>\n<li><strong>Jede Menge Material-Tipps<\/strong> zu Themen der Verkehrserziehung in der Grundschule finden Sie hier: <a href=\"https:\/\/www.bildungsserver.de\/Verkehrserziehung-710-de.html\">https:\/\/www.bildungsserver.de\/Verkehrserziehung-710-de.html<\/a><\/li>\n<li><a href=\"https:\/\/www.bussgeld-info.de\/verkehrserziehung\/\">Verkehrserziehung: Grundlagen f\u00fcr Kinder im Stra\u00dfenverkehr\u00a0<\/a><\/li>\n<\/ul>\n<\/div><\/section><\/div>\n\n<style type=\"text\/css\" data-created_by=\"avia_inline_auto\" id=\"style-css-av-hh5al-10-0fad02707e4106bf16cfcfe39cb789eb\">\n.flex_column.av-hh5al-10-0fad02707e4106bf16cfcfe39cb789eb{\nborder-radius:0px 0px 0px 0px;\npadding:0px 0px 0px 0px;\n}\n<\/style>\n<div  class='flex_column av-hh5al-10-0fad02707e4106bf16cfcfe39cb789eb av_one_full  avia-builder-el-56  el_after_av_one_full  el_before_av_one_third  first flex_column_div av-zero-column-padding  column-top-margin'     ><section  class='av_textblock_section av-jkuul0eg-9-2d0d3a96a87d255e313738486b3d1c74 '  ><div class='avia_textblock' >\n<style type=\"text\/css\" data-created_by=\"avia_inline_auto\" id=\"style-css-av-7c7r8-16-c30c4c7d83524c6c0d801deb089bba54\">\n#top .hr.hr-invisible.av-7c7r8-16-c30c4c7d83524c6c0d801deb089bba54{\nheight:20px;\n}\n<\/style>\n<div  class='hr av-7c7r8-16-c30c4c7d83524c6c0d801deb089bba54 hr-invisible  avia-builder-el-58  avia-builder-el-no-sibling '><span class='hr-inner '><span class=\"hr-inner-style\"><\/span><\/span><\/div>\n<h2 id=\"4\" class=\"position\">Diese Verkehrsschilder sollten Kinder in der Grundschule (kennen)lernen<\/h2>\n<p>Zur Sicherheit im Stra\u00dfenverkehr geh\u00f6rt es f\u00fcr Kinder auch, sich mit Verkehrszeichen auszukennen. Besonders als Radfahrer m\u00fcssen sie Schilder <strong>schnell und richtig deuten<\/strong> k\u00f6nnen. Welche Verkehrsschilder die Kinder unbedingt kennen sollten und was sie bedeuten, zeigt die folgende \u00dcbersicht.<\/p>\n<p><strong>Diese 9 Verkehrszeichen sind f\u00fcr Schulkinder wichtig: <\/strong><\/p>\n<\/div><\/section><\/div>\n\n<style type=\"text\/css\" data-created_by=\"avia_inline_auto\" id=\"style-css-av-urao8j-7edbe64e8ad8b90335950f2ae0f09143\">\n.flex_column.av-urao8j-7edbe64e8ad8b90335950f2ae0f09143{\nborder-radius:0px 0px 0px 0px;\npadding:0px 0px 0px 0px;\n}\n<\/style>\n<div  class='flex_column av-urao8j-7edbe64e8ad8b90335950f2ae0f09143 av_one_third  avia-builder-el-59  el_after_av_one_full  el_before_av_one_third  first flex_column_div av-zero-column-padding  column-top-margin'     ><p>\n<style type=\"text\/css\" data-created_by=\"avia_inline_auto\" id=\"style-css-av-td19cj-3896ba82d66e149e0ffcfec4b8320e0b\">\n.avia-image-container.av-td19cj-3896ba82d66e149e0ffcfec4b8320e0b img.avia_image{\nbox-shadow:none;\n}\n.avia-image-container.av-td19cj-3896ba82d66e149e0ffcfec4b8320e0b .av-image-caption-overlay-center{\ncolor:#ffffff;\n}\n<\/style>\n<div  class='avia-image-container av-td19cj-3896ba82d66e149e0ffcfec4b8320e0b av-styling- avia-align-center  avia-builder-el-60  el_before_av_textblock  avia-builder-el-first '  ><div class=\"avia-image-container-inner\"><div class=\"avia-image-overlay-wrap\"><img decoding=\"async\" fetchpriority=\"high\" class='wp-image-2917 avia-img-lazy-loading-not-2917 avia_image ' src=\"https:\/\/www.backwinkel.de\/blog\/wp-content\/uploads\/2019\/03\/backwinkel-blog-verkehrserziehung-vorfahrt-gewaehren.png\" alt='' title='backwinkel-blog-verkehrserziehung-vorfahrt-gewaehren'  height=\"253\" width=\"288\"  \/><\/div><\/div><\/div><br \/>\n<section  class='av_textblock_section av-jtjxxsxx-6430cd457a5690df8998bcd8771e0cb3 '  ><div class='avia_textblock' ><p style=\"text-align: center;\"><strong>Vorfahrt gew\u00e4hren<\/strong><\/p>\n<\/div><\/section><\/p><\/div>\n\n<style type=\"text\/css\" data-created_by=\"avia_inline_auto\" id=\"style-css-av-rdyykz-fe2b32c88bb3c734bae42cddc4650961\">\n.flex_column.av-rdyykz-fe2b32c88bb3c734bae42cddc4650961{\nborder-radius:0px 0px 0px 0px;\npadding:0px 0px 0px 0px;\n}\n<\/style>\n<div  class='flex_column av-rdyykz-fe2b32c88bb3c734bae42cddc4650961 av_one_third  avia-builder-el-62  el_after_av_one_third  el_before_av_one_third  flex_column_div av-zero-column-padding  column-top-margin'     ><p>\n<style type=\"text\/css\" data-created_by=\"avia_inline_auto\" id=\"style-css-av-psqk77-545fad125fa87903eea21520c7042da1\">\n.avia-image-container.av-psqk77-545fad125fa87903eea21520c7042da1 img.avia_image{\nbox-shadow:none;\n}\n.avia-image-container.av-psqk77-545fad125fa87903eea21520c7042da1 .av-image-caption-overlay-center{\ncolor:#ffffff;\n}\n<\/style>\n<div  class='avia-image-container av-psqk77-545fad125fa87903eea21520c7042da1 av-styling- avia-align-center  avia-builder-el-63  el_before_av_textblock  avia-builder-el-first '  ><div class=\"avia-image-container-inner\"><div class=\"avia-image-overlay-wrap\"><img decoding=\"async\" fetchpriority=\"high\" class='wp-image-2915 avia-img-lazy-loading-not-2915 avia_image ' src=\"https:\/\/www.backwinkel.de\/blog\/wp-content\/uploads\/2019\/03\/backwinkel-blog-verkehrserziehung-stop.png\" alt='' title='backwinkel-blog-verkehrserziehung-stop'  height=\"253\" width=\"253\" srcset=\"https:\/\/www.backwinkel.de\/blog\/wp-content\/uploads\/2019\/03\/backwinkel-blog-verkehrserziehung-stop.png 253w, https:\/\/www.backwinkel.de\/blog\/wp-content\/uploads\/2019\/03\/backwinkel-blog-verkehrserziehung-stop-36x36.png 36w, https:\/\/www.backwinkel.de\/blog\/wp-content\/uploads\/2019\/03\/backwinkel-blog-verkehrserziehung-stop-180x180.png 180w, https:\/\/www.backwinkel.de\/blog\/wp-content\/uploads\/2019\/03\/backwinkel-blog-verkehrserziehung-stop-120x120.png 120w\" sizes=\"(max-width: 253px) 100vw, 253px\" \/><\/div><\/div><\/div><br \/>\n<section  class='av_textblock_section av-jtjxy0ci-7477cf61db04a88cdfca0bf12ed1180a '  ><div class='avia_textblock' ><p style=\"text-align: center;\"><strong>Halt! Vorfahrt gew\u00e4hren<\/strong><\/p>\n<\/div><\/section><\/p><\/div>\n\n<style type=\"text\/css\" data-created_by=\"avia_inline_auto\" id=\"style-css-av-o6dv77-57008480ae2bf973f47a4287cb2b26ce\">\n.flex_column.av-o6dv77-57008480ae2bf973f47a4287cb2b26ce{\nborder-radius:0px 0px 0px 0px;\npadding:0px 0px 0px 0px;\n}\n<\/style>\n<div  class='flex_column av-o6dv77-57008480ae2bf973f47a4287cb2b26ce av_one_third  avia-builder-el-65  el_after_av_one_third  el_before_av_one_third  flex_column_div av-zero-column-padding  column-top-margin'     ><p>\n<style type=\"text\/css\" data-created_by=\"avia_inline_auto\" id=\"style-css-av-2ab8lv-c2a84582163201ea24c51c1001ea0ca0\">\n.avia-image-container.av-2ab8lv-c2a84582163201ea24c51c1001ea0ca0 img.avia_image{\nbox-shadow:none;\n}\n.avia-image-container.av-2ab8lv-c2a84582163201ea24c51c1001ea0ca0 .av-image-caption-overlay-center{\ncolor:#ffffff;\n}\n<\/style>\n<div  class='avia-image-container av-2ab8lv-c2a84582163201ea24c51c1001ea0ca0 av-styling- avia-align-center  avia-builder-el-66  el_before_av_textblock  avia-builder-el-first '  ><div class=\"avia-image-container-inner\"><div class=\"avia-image-overlay-wrap\"><img decoding=\"async\" fetchpriority=\"high\" class='wp-image-2916 avia-img-lazy-loading-not-2916 avia_image ' src=\"https:\/\/www.backwinkel.de\/blog\/wp-content\/uploads\/2019\/03\/backwinkel-blog-verkehrserziehung-verbot-der-einfahrt.png\" alt='' title='backwinkel-blog-verkehrserziehung-verbot-der-einfahrt'  height=\"253\" width=\"253\" srcset=\"https:\/\/www.backwinkel.de\/blog\/wp-content\/uploads\/2019\/03\/backwinkel-blog-verkehrserziehung-verbot-der-einfahrt.png 253w, https:\/\/www.backwinkel.de\/blog\/wp-content\/uploads\/2019\/03\/backwinkel-blog-verkehrserziehung-verbot-der-einfahrt-36x36.png 36w, https:\/\/www.backwinkel.de\/blog\/wp-content\/uploads\/2019\/03\/backwinkel-blog-verkehrserziehung-verbot-der-einfahrt-180x180.png 180w, https:\/\/www.backwinkel.de\/blog\/wp-content\/uploads\/2019\/03\/backwinkel-blog-verkehrserziehung-verbot-der-einfahrt-120x120.png 120w\" sizes=\"(max-width: 253px) 100vw, 253px\" \/><\/div><\/div><\/div><br \/>\n<section  class='av_textblock_section av-jtjxyaon-b0e823191b13ae93daa0d3f4cac42203 '  ><div class='avia_textblock' ><p style=\"text-align: center;\"><strong>Verbot der Einfahrt<\/strong><\/p>\n<\/div><\/section><\/p><\/div>\n\n<style type=\"text\/css\" data-created_by=\"avia_inline_auto\" id=\"style-css-av-20hsub-f5337ccadb847eb0f25cad1a3683cce8\">\n.flex_column.av-20hsub-f5337ccadb847eb0f25cad1a3683cce8{\nborder-radius:0px 0px 0px 0px;\npadding:0px 0px 0px 0px;\n}\n<\/style>\n<div  class='flex_column av-20hsub-f5337ccadb847eb0f25cad1a3683cce8 av_one_third  avia-builder-el-68  el_after_av_one_third  el_before_av_one_third  first flex_column_div av-zero-column-padding  column-top-margin'     ><p>\n<style type=\"text\/css\" data-created_by=\"avia_inline_auto\" id=\"style-css-av-jtd7tv-c43c704c14e1c4f7f14b35f573132041\">\n.avia-image-container.av-jtd7tv-c43c704c14e1c4f7f14b35f573132041 img.avia_image{\nbox-shadow:none;\n}\n.avia-image-container.av-jtd7tv-c43c704c14e1c4f7f14b35f573132041 .av-image-caption-overlay-center{\ncolor:#ffffff;\n}\n<\/style>\n<div  class='avia-image-container av-jtd7tv-c43c704c14e1c4f7f14b35f573132041 av-styling- avia-align-center  avia-builder-el-69  el_before_av_textblock  avia-builder-el-first '  ><div class=\"avia-image-container-inner\"><div class=\"avia-image-overlay-wrap\"><img decoding=\"async\" fetchpriority=\"high\" class='wp-image-2913 avia-img-lazy-loading-not-2913 avia_image ' src=\"https:\/\/www.backwinkel.de\/blog\/wp-content\/uploads\/2019\/03\/backwinkel-blog-verkehrserziehung-getrennter-rad-gehweg.png\" alt='' title='backwinkel-blog-verkehrserziehung-getrennter-rad-gehweg'  height=\"253\" width=\"253\" srcset=\"https:\/\/www.backwinkel.de\/blog\/wp-content\/uploads\/2019\/03\/backwinkel-blog-verkehrserziehung-getrennter-rad-gehweg.png 253w, https:\/\/www.backwinkel.de\/blog\/wp-content\/uploads\/2019\/03\/backwinkel-blog-verkehrserziehung-getrennter-rad-gehweg-36x36.png 36w, https:\/\/www.backwinkel.de\/blog\/wp-content\/uploads\/2019\/03\/backwinkel-blog-verkehrserziehung-getrennter-rad-gehweg-180x180.png 180w, https:\/\/www.backwinkel.de\/blog\/wp-content\/uploads\/2019\/03\/backwinkel-blog-verkehrserziehung-getrennter-rad-gehweg-120x120.png 120w\" sizes=\"(max-width: 253px) 100vw, 253px\" \/><\/div><\/div><\/div><br \/>\n<section  class='av_textblock_section av-jtjxyhz7-44909a9a785c65676e8da2dadef757f4 '  ><div class='avia_textblock' ><p style=\"text-align: center;\"><strong>getrennter Rad- und Gehweg<\/strong><\/p>\n<\/div><\/section><\/p><\/div>\n\n<style type=\"text\/css\" data-created_by=\"avia_inline_auto\" id=\"style-css-av-hmmfcz-1efe8411ae17bf774543ecb9ae0206cf\">\n.flex_column.av-hmmfcz-1efe8411ae17bf774543ecb9ae0206cf{\nborder-radius:0px 0px 0px 0px;\npadding:0px 0px 0px 0px;\n}\n<\/style>\n<div  class='flex_column av-hmmfcz-1efe8411ae17bf774543ecb9ae0206cf av_one_third  avia-builder-el-71  el_after_av_one_third  el_before_av_one_third  flex_column_div av-zero-column-padding  column-top-margin'     ><p>\n<style type=\"text\/css\" data-created_by=\"avia_inline_auto\" id=\"style-css-av-g3cjk3-95e2518bbb290489f265048659752e35\">\n.avia-image-container.av-g3cjk3-95e2518bbb290489f265048659752e35 img.avia_image{\nbox-shadow:none;\n}\n.avia-image-container.av-g3cjk3-95e2518bbb290489f265048659752e35 .av-image-caption-overlay-center{\ncolor:#ffffff;\n}\n<\/style>\n<div  class='avia-image-container av-g3cjk3-95e2518bbb290489f265048659752e35 av-styling- avia-align-center  avia-builder-el-72  el_before_av_textblock  avia-builder-el-first '  ><div class=\"avia-image-container-inner\"><div class=\"avia-image-overlay-wrap\"><img decoding=\"async\" fetchpriority=\"high\" class='wp-image-2918 avia-img-lazy-loading-not-2918 avia_image ' src=\"https:\/\/www.backwinkel.de\/blog\/wp-content\/uploads\/2019\/03\/backwinkel-blog-verkehrserziehung-vorfahrtsstrasse.png\" alt='' title='backwinkel-blog-verkehrserziehung-vorfahrtsstrasse'  height=\"253\" width=\"253\" srcset=\"https:\/\/www.backwinkel.de\/blog\/wp-content\/uploads\/2019\/03\/backwinkel-blog-verkehrserziehung-vorfahrtsstrasse.png 253w, https:\/\/www.backwinkel.de\/blog\/wp-content\/uploads\/2019\/03\/backwinkel-blog-verkehrserziehung-vorfahrtsstrasse-36x36.png 36w, https:\/\/www.backwinkel.de\/blog\/wp-content\/uploads\/2019\/03\/backwinkel-blog-verkehrserziehung-vorfahrtsstrasse-180x180.png 180w, https:\/\/www.backwinkel.de\/blog\/wp-content\/uploads\/2019\/03\/backwinkel-blog-verkehrserziehung-vorfahrtsstrasse-120x120.png 120w\" sizes=\"(max-width: 253px) 100vw, 253px\" \/><\/div><\/div><\/div><br \/>\n<section  class='av_textblock_section av-jtjxyox5-ef863b968a816c8489ace41c3fa63aa9 '  ><div class='avia_textblock' ><p style=\"text-align: center;\"><strong>Vorfahrtsstra\u00dfe<\/strong><\/p>\n<\/div><\/section><\/p><\/div>\n\n<style type=\"text\/css\" data-created_by=\"avia_inline_auto\" id=\"style-css-av-deutjn-0d17e688786a2ad53aad7bfdf372d339\">\n.flex_column.av-deutjn-0d17e688786a2ad53aad7bfdf372d339{\nborder-radius:0px 0px 0px 0px;\npadding:0px 0px 0px 0px;\n}\n<\/style>\n<div  class='flex_column av-deutjn-0d17e688786a2ad53aad7bfdf372d339 av_one_third  avia-builder-el-74  el_after_av_one_third  el_before_av_one_third  flex_column_div av-zero-column-padding  column-top-margin'     ><p>\n<style type=\"text\/css\" data-created_by=\"avia_inline_auto\" id=\"style-css-av-d10a0j-2a591aef0f62924fd770c7ca5bda8205\">\n.avia-image-container.av-d10a0j-2a591aef0f62924fd770c7ca5bda8205 img.avia_image{\nbox-shadow:none;\n}\n.avia-image-container.av-d10a0j-2a591aef0f62924fd770c7ca5bda8205 .av-image-caption-overlay-center{\ncolor:#ffffff;\n}\n<\/style>\n<div  class='avia-image-container av-d10a0j-2a591aef0f62924fd770c7ca5bda8205 av-styling- avia-align-center  avia-builder-el-75  el_before_av_textblock  avia-builder-el-first '  ><div class=\"avia-image-container-inner\"><div class=\"avia-image-overlay-wrap\"><img decoding=\"async\" fetchpriority=\"high\" class='wp-image-2914 avia-img-lazy-loading-not-2914 avia_image ' src=\"https:\/\/www.backwinkel.de\/blog\/wp-content\/uploads\/2019\/03\/backwinkel-blog-verkehrserziehung-sonderweg-fuer-radfahrer.png\" alt='' title='backwinkel-blog-verkehrserziehung-sonderweg-fuer-radfahrer'  height=\"253\" width=\"253\" srcset=\"https:\/\/www.backwinkel.de\/blog\/wp-content\/uploads\/2019\/03\/backwinkel-blog-verkehrserziehung-sonderweg-fuer-radfahrer.png 253w, https:\/\/www.backwinkel.de\/blog\/wp-content\/uploads\/2019\/03\/backwinkel-blog-verkehrserziehung-sonderweg-fuer-radfahrer-36x36.png 36w, https:\/\/www.backwinkel.de\/blog\/wp-content\/uploads\/2019\/03\/backwinkel-blog-verkehrserziehung-sonderweg-fuer-radfahrer-180x180.png 180w, https:\/\/www.backwinkel.de\/blog\/wp-content\/uploads\/2019\/03\/backwinkel-blog-verkehrserziehung-sonderweg-fuer-radfahrer-120x120.png 120w\" sizes=\"(max-width: 253px) 100vw, 253px\" \/><\/div><\/div><\/div><br \/>\n<section  class='av_textblock_section av-jtjxyw9t-3de6f5f9da089879afb9b8e93c65adb3 '  ><div class='avia_textblock' ><p style=\"text-align: center;\"><strong>Sonderweg f\u00fcr Radfahrer<\/strong><\/p>\n<\/div><\/section><\/p><\/div>\n\n<style type=\"text\/css\" data-created_by=\"avia_inline_auto\" id=\"style-css-av-bay1wz-cb7c4d7bd87126b101fce3252b464add\">\n.flex_column.av-bay1wz-cb7c4d7bd87126b101fce3252b464add{\nborder-radius:0px 0px 0px 0px;\npadding:0px 0px 0px 0px;\n}\n<\/style>\n<div  class='flex_column av-bay1wz-cb7c4d7bd87126b101fce3252b464add av_one_third  avia-builder-el-77  el_after_av_one_third  el_before_av_one_third  first flex_column_div av-zero-column-padding  column-top-margin'     ><p>\n<style type=\"text\/css\" data-created_by=\"avia_inline_auto\" id=\"style-css-av-wytzn-4b95b984c7d952c8291de614d2be1850\">\n.avia-image-container.av-wytzn-4b95b984c7d952c8291de614d2be1850 img.avia_image{\nbox-shadow:none;\n}\n.avia-image-container.av-wytzn-4b95b984c7d952c8291de614d2be1850 .av-image-caption-overlay-center{\ncolor:#ffffff;\n}\n<\/style>\n<div  class='avia-image-container av-wytzn-4b95b984c7d952c8291de614d2be1850 av-styling- avia-align-center  avia-builder-el-78  el_before_av_textblock  avia-builder-el-first '  ><div class=\"avia-image-container-inner\"><div class=\"avia-image-overlay-wrap\"><img decoding=\"async\" fetchpriority=\"high\" class='wp-image-2912 avia-img-lazy-loading-not-2912 avia_image ' src=\"https:\/\/www.backwinkel.de\/blog\/wp-content\/uploads\/2019\/03\/backwinkel-blog-verkehrserziehung-gemeinsamer-rad-gehweg.png\" alt='' title='backwinkel-blog-verkehrserziehung-gemeinsamer-rad-gehweg'  height=\"253\" width=\"253\" srcset=\"https:\/\/www.backwinkel.de\/blog\/wp-content\/uploads\/2019\/03\/backwinkel-blog-verkehrserziehung-gemeinsamer-rad-gehweg.png 253w, https:\/\/www.backwinkel.de\/blog\/wp-content\/uploads\/2019\/03\/backwinkel-blog-verkehrserziehung-gemeinsamer-rad-gehweg-36x36.png 36w, https:\/\/www.backwinkel.de\/blog\/wp-content\/uploads\/2019\/03\/backwinkel-blog-verkehrserziehung-gemeinsamer-rad-gehweg-180x180.png 180w, https:\/\/www.backwinkel.de\/blog\/wp-content\/uploads\/2019\/03\/backwinkel-blog-verkehrserziehung-gemeinsamer-rad-gehweg-120x120.png 120w\" sizes=\"(max-width: 253px) 100vw, 253px\" \/><\/div><\/div><\/div><br \/>\n<section  class='av_textblock_section av-jtjxzonq-09e0134acd993e491f3f1e892f7ecf60 '  ><div class='avia_textblock' ><p style=\"text-align: center;\"><strong>gemeinsamer Geh- und Radweg<\/strong><\/p>\n<\/div><\/section><\/p><\/div>\n\n<style type=\"text\/css\" data-created_by=\"avia_inline_auto\" id=\"style-css-av-6zd243-13c91574b8a1cc4339ddbf1d4a4bab86\">\n.flex_column.av-6zd243-13c91574b8a1cc4339ddbf1d4a4bab86{\nborder-radius:0px 0px 0px 0px;\npadding:0px 0px 0px 0px;\n}\n<\/style>\n<div  class='flex_column av-6zd243-13c91574b8a1cc4339ddbf1d4a4bab86 av_one_third  avia-builder-el-80  el_after_av_one_third  el_before_av_one_third  flex_column_div av-zero-column-padding  column-top-margin'     ><p>\n<style type=\"text\/css\" data-created_by=\"avia_inline_auto\" id=\"style-css-av-5nv3gz-e24fe6da3b959c756a00df5918dc5876\">\n.avia-image-container.av-5nv3gz-e24fe6da3b959c756a00df5918dc5876 img.avia_image{\nbox-shadow:none;\n}\n.avia-image-container.av-5nv3gz-e24fe6da3b959c756a00df5918dc5876 .av-image-caption-overlay-center{\ncolor:#ffffff;\n}\n<\/style>\n<div  class='avia-image-container av-5nv3gz-e24fe6da3b959c756a00df5918dc5876 av-styling- avia-align-center  avia-builder-el-81  el_before_av_textblock  avia-builder-el-first '  ><div class=\"avia-image-container-inner\"><div class=\"avia-image-overlay-wrap\"><img decoding=\"async\" fetchpriority=\"high\" class='wp-image-2911 avia-img-lazy-loading-not-2911 avia_image ' src=\"https:\/\/www.backwinkel.de\/blog\/wp-content\/uploads\/2019\/03\/backwinkel-blog-verkehrserziehung-gegenverkehr-hat-vorfahrt.png\" alt='' title='backwinkel-blog-verkehrserziehung-gegenverkehr-hat-vorfahrt'  height=\"253\" width=\"253\" srcset=\"https:\/\/www.backwinkel.de\/blog\/wp-content\/uploads\/2019\/03\/backwinkel-blog-verkehrserziehung-gegenverkehr-hat-vorfahrt.png 253w, https:\/\/www.backwinkel.de\/blog\/wp-content\/uploads\/2019\/03\/backwinkel-blog-verkehrserziehung-gegenverkehr-hat-vorfahrt-36x36.png 36w, https:\/\/www.backwinkel.de\/blog\/wp-content\/uploads\/2019\/03\/backwinkel-blog-verkehrserziehung-gegenverkehr-hat-vorfahrt-180x180.png 180w, https:\/\/www.backwinkel.de\/blog\/wp-content\/uploads\/2019\/03\/backwinkel-blog-verkehrserziehung-gegenverkehr-hat-vorfahrt-120x120.png 120w\" sizes=\"(max-width: 253px) 100vw, 253px\" \/><\/div><\/div><\/div><br \/>\n<section  class='av_textblock_section av-jtjxzvmp-d3e09c74b918ce9c9674b258fadfaeb7 '  ><div class='avia_textblock' ><p style=\"text-align: center;\"><strong>Gegenverkehr hat Vorfahrt<\/strong><\/p>\n<\/div><\/section><\/p><\/div>\n\n<style type=\"text\/css\" data-created_by=\"avia_inline_auto\" id=\"style-css-av-3qpt9v-c30eb9459e92e6cecccb79dbf5eafa2e\">\n.flex_column.av-3qpt9v-c30eb9459e92e6cecccb79dbf5eafa2e{\nborder-radius:0px 0px 0px 0px;\npadding:0px 0px 0px 0px;\n}\n<\/style>\n<div  class='flex_column av-3qpt9v-c30eb9459e92e6cecccb79dbf5eafa2e av_one_third  avia-builder-el-83  el_after_av_one_third  el_before_av_one_full  flex_column_div av-zero-column-padding  column-top-margin'     ><p>\n<style type=\"text\/css\" data-created_by=\"avia_inline_auto\" id=\"style-css-av-28wnmb-7ed99627994f40cc4c2eaf292a0cbb0f\">\n.avia-image-container.av-28wnmb-7ed99627994f40cc4c2eaf292a0cbb0f img.avia_image{\nbox-shadow:none;\n}\n.avia-image-container.av-28wnmb-7ed99627994f40cc4c2eaf292a0cbb0f .av-image-caption-overlay-center{\ncolor:#ffffff;\n}\n<\/style>\n<div  class='avia-image-container av-28wnmb-7ed99627994f40cc4c2eaf292a0cbb0f av-styling- avia-align-center  avia-builder-el-84  el_before_av_textblock  avia-builder-el-first '  ><div class=\"avia-image-container-inner\"><div class=\"avia-image-overlay-wrap\"><img decoding=\"async\" fetchpriority=\"high\" class='wp-image-2921 avia-img-lazy-loading-not-2921 avia_image ' src=\"https:\/\/www.backwinkel.de\/blog\/wp-content\/uploads\/2019\/03\/backwinkel-blog-verkehrserziehung-fussgaengerueberweg.png\" alt='' title='backwinkel-blog-verkehrserziehung-fussgaengerueberweg'  height=\"254\" width=\"254\" srcset=\"https:\/\/www.backwinkel.de\/blog\/wp-content\/uploads\/2019\/03\/backwinkel-blog-verkehrserziehung-fussgaengerueberweg.png 254w, https:\/\/www.backwinkel.de\/blog\/wp-content\/uploads\/2019\/03\/backwinkel-blog-verkehrserziehung-fussgaengerueberweg-36x36.png 36w, https:\/\/www.backwinkel.de\/blog\/wp-content\/uploads\/2019\/03\/backwinkel-blog-verkehrserziehung-fussgaengerueberweg-180x180.png 180w, https:\/\/www.backwinkel.de\/blog\/wp-content\/uploads\/2019\/03\/backwinkel-blog-verkehrserziehung-fussgaengerueberweg-120x120.png 120w\" sizes=\"(max-width: 254px) 100vw, 254px\" \/><\/div><\/div><\/div><br \/>\n<section  class='av_textblock_section av-jtjy03sh-a9fd577cbfbf99d1cd25971ccc4e4208 '  ><div class='avia_textblock' ><p style=\"text-align: center;\"><strong>Fu\u00dfg\u00e4nger\u00fcberweg<\/strong><\/p>\n<\/div><\/section><\/p><\/div>\n\n<style type=\"text\/css\" data-created_by=\"avia_inline_auto\" id=\"style-css-av-hh5al-8-beb333b2f72626a23d4ff8d2de4147ac\">\n.flex_column.av-hh5al-8-beb333b2f72626a23d4ff8d2de4147ac{\nborder-radius:0px 0px 0px 0px;\npadding:0px 0px 0px 0px;\n}\n<\/style>\n<div  class='flex_column av-hh5al-8-beb333b2f72626a23d4ff8d2de4147ac av_one_full  avia-builder-el-86  el_after_av_one_third  el_before_av_one_half  first flex_column_div av-zero-column-padding  column-top-margin'     ><section  class='av_textblock_section av-jkuul0eg-7-7d715f5c1958dd87003904d1e4d96ebb '  ><div class='avia_textblock' >\n<style type=\"text\/css\" data-created_by=\"avia_inline_auto\" id=\"style-css-av-7c7r8-6-bc177b11523b0b22d4ea0e60b4863ffa\">\n#top .hr.hr-invisible.av-7c7r8-6-bc177b11523b0b22d4ea0e60b4863ffa{\nheight:40px;\n}\n<\/style>\n<div  class='hr av-7c7r8-6-bc177b11523b0b22d4ea0e60b4863ffa hr-invisible  avia-builder-el-88  avia-builder-el-no-sibling '><span class='hr-inner '><span class=\"hr-inner-style\"><\/span><\/span><\/div>\n<h3>Downloaden Sie f\u00fcr Ihren Unterricht gern kostenlos die <strong>zwei \u00dcbungsbl\u00e4tter<\/strong> zum Thema <strong>Verkehrszeichen.<\/strong><\/h3>\n<\/div><\/section><\/div>\n\n<style type=\"text\/css\" data-created_by=\"avia_inline_auto\" id=\"style-css-av-jlnt0i5o-11-a44612a302ad74ab4dd4a3a93feefa82\">\n.flex_column.av-jlnt0i5o-11-a44612a302ad74ab4dd4a3a93feefa82{\nborder-radius:0px 0px 0px 0px;\npadding:10px 10px 10px 10px;\nbackground-color:#ffffff;\n}\n<\/style>\n<div  class='flex_column av-jlnt0i5o-11-a44612a302ad74ab4dd4a3a93feefa82 av_one_half  avia-builder-el-89  el_after_av_one_full  el_before_av_one_half  first flex_column_div  column-top-margin'     ><p><section  class='av_textblock_section av-jkuul0eg-5-3f6dc2eabd0b318a006ed6b099b89f89 '  ><div class='avia_textblock' ><p>Zuordnen von Verkehrszeichen-K\u00e4rtchen und den jeweiligen Bedeutungen.<\/p>\n<\/div><\/section><br \/>\n<section  class='av_textblock_section av-jkuul0eg-3-1c6e083429545a2d9ffd19a59c02ae09 '  ><div class='avia_textblock' ><p><a href=\"https:\/\/blog.backwinkel.de\/wp-content\/uploads\/2019\/03\/backwinkel-blog-verkehrserziehung-uebungsblatt_1.jpg\"><img decoding=\"async\" class=\"alignnone wp-image-2931\" title=\"BACKWINKEL \u2013 \u00dcbungsblatt zur Verkehrserziehung - Blatt 1\" src=\"https:\/\/blog.backwinkel.de\/wp-content\/uploads\/2019\/03\/backwinkel-blog-verkehrserziehung-uebungsblatt_1-728x1030.jpg\" alt=\"BACKWINKEL \u2013 \u00dcbungsblatt zur Verkehrserziehung - Blatt 1\" width=\"354\" height=\"501\" srcset=\"https:\/\/www.backwinkel.de\/blog\/wp-content\/uploads\/2019\/03\/backwinkel-blog-verkehrserziehung-uebungsblatt_1-728x1030.jpg 728w, https:\/\/www.backwinkel.de\/blog\/wp-content\/uploads\/2019\/03\/backwinkel-blog-verkehrserziehung-uebungsblatt_1-212x300.jpg 212w, https:\/\/www.backwinkel.de\/blog\/wp-content\/uploads\/2019\/03\/backwinkel-blog-verkehrserziehung-uebungsblatt_1-768x1086.jpg 768w, https:\/\/www.backwinkel.de\/blog\/wp-content\/uploads\/2019\/03\/backwinkel-blog-verkehrserziehung-uebungsblatt_1-1060x1500.jpg 1060w, https:\/\/www.backwinkel.de\/blog\/wp-content\/uploads\/2019\/03\/backwinkel-blog-verkehrserziehung-uebungsblatt_1-498x705.jpg 498w, https:\/\/www.backwinkel.de\/blog\/wp-content\/uploads\/2019\/03\/backwinkel-blog-verkehrserziehung-uebungsblatt_1-450x637.jpg 450w, https:\/\/www.backwinkel.de\/blog\/wp-content\/uploads\/2019\/03\/backwinkel-blog-verkehrserziehung-uebungsblatt_1.jpg 1240w\" sizes=\"(max-width: 354px) 100vw, 354px\" \/><\/a><\/p>\n<div  class='avia-button-wrap av-2s0gf7-2edad5f1a221d4359bbc3403056aeafd-wrap avia-button-center  avia-builder-el-92  avia-builder-el-no-sibling '><a href='https:\/\/www.backwinkel.de\/downloads\/backwinkel-blog-verkehrserziehung-uebungsblatt_1.pdf'  class='avia-button av-2s0gf7-2edad5f1a221d4359bbc3403056aeafd av-link-btn avia-icon_select-no avia-size-large avia-position-center avia-color-theme-color'  target=\"_blank\"  rel=\"noopener noreferrer\"  aria-label=\"Download \u00dcbungsblatt\"><span class='avia_iconbox_title' >Download \u00dcbungsblatt<\/span><\/a><\/div>\n<\/div><\/section><\/p><\/div>\n\n<style type=\"text\/css\" data-created_by=\"avia_inline_auto\" id=\"style-css-av-jlnt0i5o-4-8c0b1287e99757c677a3c3e441b54637\">\n.flex_column.av-jlnt0i5o-4-8c0b1287e99757c677a3c3e441b54637{\nborder-radius:0px 0px 0px 0px;\npadding:10px 10px 10px 10px;\nbackground-color:#ffffff;\n}\n<\/style>\n<div  class='flex_column av-jlnt0i5o-4-8c0b1287e99757c677a3c3e441b54637 av_one_half  avia-builder-el-93  el_after_av_one_half  el_before_av_one_full  flex_column_div  column-top-margin'     ><p><section  class='av_textblock_section av-jkuul0eg-2-904056bc3fabb343bbebf7c8126e91f7 '  ><div class='avia_textblock' ><p>Verkehrszeichen ausmalen und Bedeutung aufschreiben.<\/p>\n<\/div><\/section><br \/>\n<section  class='av_textblock_section av-jkuul0eg-1-274a5e96bb0bdd5ca00adf14b8e88299 '  ><div class='avia_textblock' ><p><a href=\"https:\/\/blog.backwinkel.de\/wp-content\/uploads\/2019\/03\/backwinkel-blog-verkehrserziehung-uebungsblatt_2.jpg\"><img decoding=\"async\" class=\"alignnone wp-image-2932\" title=\"BACKWINKEL \u2013 \u00dcbungsblatt zur Verkehrserziehung - Blatt 2\" src=\"https:\/\/blog.backwinkel.de\/wp-content\/uploads\/2019\/03\/backwinkel-blog-verkehrserziehung-uebungsblatt_2-728x1030.jpg\" alt=\"BACKWINKEL \u2013 \u00dcbungsblatt zur Verkehrserziehung - Blatt 2\" width=\"354\" height=\"501\" srcset=\"https:\/\/www.backwinkel.de\/blog\/wp-content\/uploads\/2019\/03\/backwinkel-blog-verkehrserziehung-uebungsblatt_2-728x1030.jpg 728w, https:\/\/www.backwinkel.de\/blog\/wp-content\/uploads\/2019\/03\/backwinkel-blog-verkehrserziehung-uebungsblatt_2-212x300.jpg 212w, https:\/\/www.backwinkel.de\/blog\/wp-content\/uploads\/2019\/03\/backwinkel-blog-verkehrserziehung-uebungsblatt_2-768x1086.jpg 768w, https:\/\/www.backwinkel.de\/blog\/wp-content\/uploads\/2019\/03\/backwinkel-blog-verkehrserziehung-uebungsblatt_2-1060x1500.jpg 1060w, https:\/\/www.backwinkel.de\/blog\/wp-content\/uploads\/2019\/03\/backwinkel-blog-verkehrserziehung-uebungsblatt_2-498x705.jpg 498w, https:\/\/www.backwinkel.de\/blog\/wp-content\/uploads\/2019\/03\/backwinkel-blog-verkehrserziehung-uebungsblatt_2-450x637.jpg 450w, https:\/\/www.backwinkel.de\/blog\/wp-content\/uploads\/2019\/03\/backwinkel-blog-verkehrserziehung-uebungsblatt_2.jpg 1240w\" sizes=\"(max-width: 354px) 100vw, 354px\" \/><\/a><\/p>\n<div  class='avia-button-wrap av-29z0hl-19-17057255982e72c09e0f3eee4455a41e-wrap avia-button-left  avia-builder-el-96  avia-builder-el-no-sibling '><a href='https:\/\/www.backwinkel.de\/downloads\/backwinkel-blog-verkehrserziehung-uebungsblatt_2.pdf'  class='avia-button av-29z0hl-19-17057255982e72c09e0f3eee4455a41e av-link-btn avia-icon_select-no avia-size-large avia-position-left avia-color-theme-color'  target=\"_blank\"  rel=\"noopener noreferrer\"  aria-label=\"Download \u00dcbungsblatt\"><span class='avia_iconbox_title' >Download \u00dcbungsblatt<\/span><\/a><\/div>\n<\/div><\/section><\/p><\/div>\n\n<style type=\"text\/css\" data-created_by=\"avia_inline_auto\" id=\"style-css-av-1p82t-b0e9719fe6c67aa5c6d1abf813961e55\">\n.flex_column.av-1p82t-b0e9719fe6c67aa5c6d1abf813961e55{\nborder-radius:0px 0px 0px 0px;\npadding:0px 0px 0px 0px;\n}\n<\/style>\n<div  class='flex_column av-1p82t-b0e9719fe6c67aa5c6d1abf813961e55 av_one_full  avia-builder-el-97  el_after_av_one_half  avia-builder-el-last  first flex_column_div av-zero-column-padding  column-top-margin'     ><p><section  class='av_textblock_section av-jlp4hxqo-91baaad30cd61f89630d15f8561d1750 '  ><div class='avia_textblock' ><div class=\"shariff shariff-align-left shariff-widget-align-left\"><ul class=\"shariff-buttons theme-color orientation-horizontal buttonsize-medium\"><li class=\"shariff-button whatsapp shariff-nocustomcolor\" style=\"background-color:#5cbe4a\"><a href=\"https:\/\/api.whatsapp.com\/send?text=https%3A%2F%2Fwww.backwinkel.de%2Fblog%2Fverkehrserziehung%2F%20Verkehrserziehung%20in%20Kindergarten%20und%20Schule%3A\" title=\"Bei Whatsapp teilen\" aria-label=\"Bei Whatsapp teilen\" role=\"button\" rel=\"noopener nofollow\" class=\"shariff-link\" style=\"; background-color:#34af23; color:#fff\" target=\"_blank\"><span class=\"shariff-icon\" style=\"\"><svg width=\"32px\" height=\"20px\" xmlns=\"http:\/\/www.w3.org\/2000\/svg\" viewBox=\"0 0 32 32\"><path fill=\"#34af23\" d=\"M17.6 17.4q0.2 0 1.7 0.8t1.6 0.9q0 0.1 0 0.3 0 0.6-0.3 1.4-0.3 0.7-1.3 1.2t-1.8 0.5q-1 0-3.4-1.1-1.7-0.8-3-2.1t-2.6-3.3q-1.3-1.9-1.3-3.5v-0.1q0.1-1.6 1.3-2.8 0.4-0.4 0.9-0.4 0.1 0 0.3 0t0.3 0q0.3 0 0.5 0.1t0.3 0.5q0.1 0.4 0.6 1.6t0.4 1.3q0 0.4-0.6 1t-0.6 0.8q0 0.1 0.1 0.3 0.6 1.3 1.8 2.4 1 0.9 2.7 1.8 0.2 0.1 0.4 0.1 0.3 0 1-0.9t0.9-0.9zM14 26.9q2.3 0 4.3-0.9t3.6-2.4 2.4-3.6 0.9-4.3-0.9-4.3-2.4-3.6-3.6-2.4-4.3-0.9-4.3 0.9-3.6 2.4-2.4 3.6-0.9 4.3q0 3.6 2.1 6.6l-1.4 4.2 4.3-1.4q2.8 1.9 6.2 1.9zM14 2.2q2.7 0 5.2 1.1t4.3 2.9 2.9 4.3 1.1 5.2-1.1 5.2-2.9 4.3-4.3 2.9-5.2 1.1q-3.5 0-6.5-1.7l-7.4 2.4 2.4-7.2q-1.9-3.2-1.9-6.9 0-2.7 1.1-5.2t2.9-4.3 4.3-2.9 5.2-1.1z\"\/><\/svg><\/span><span class=\"shariff-text\">teilen<\/span>&nbsp;<\/a><\/li><li class=\"shariff-button facebook shariff-nocustomcolor\" style=\"background-color:#4273c8\"><a href=\"https:\/\/www.facebook.com\/sharer\/sharer.php?u=https%3A%2F%2Fwww.backwinkel.de%2Fblog%2Fverkehrserziehung%2F\" title=\"Bei Facebook teilen\" aria-label=\"Bei Facebook teilen\" role=\"button\" rel=\"nofollow\" class=\"shariff-link\" style=\"; background-color:#3b5998; color:#fff\" target=\"_blank\"><span class=\"shariff-icon\" style=\"\"><svg width=\"32px\" height=\"20px\" xmlns=\"http:\/\/www.w3.org\/2000\/svg\" viewBox=\"0 0 18 32\"><path fill=\"#3b5998\" d=\"M17.1 0.2v4.7h-2.8q-1.5 0-2.1 0.6t-0.5 1.9v3.4h5.2l-0.7 5.3h-4.5v13.6h-5.5v-13.6h-4.5v-5.3h4.5v-3.9q0-3.3 1.9-5.2t5-1.8q2.6 0 4.1 0.2z\"\/><\/svg><\/span><span class=\"shariff-text\">teilen<\/span>&nbsp;<\/a><\/li><li class=\"shariff-button twitter shariff-nocustomcolor\" style=\"background-color:#595959\"><a href=\"https:\/\/twitter.com\/share?url=https%3A%2F%2Fwww.backwinkel.de%2Fblog%2Fverkehrserziehung%2F&text=Verkehrserziehung%20in%20Kindergarten%20und%20Schule%3A\" title=\"Bei X teilen\" aria-label=\"Bei X teilen\" role=\"button\" rel=\"noopener nofollow\" class=\"shariff-link\" style=\"; background-color:#000; color:#fff\" target=\"_blank\"><span class=\"shariff-icon\" style=\"\"><svg width=\"32px\" height=\"20px\" xmlns=\"http:\/\/www.w3.org\/2000\/svg\" viewBox=\"0 0 24 24\"><path fill=\"#000\" d=\"M14.258 10.152L23.176 0h-2.113l-7.747 8.813L7.133 0H0l9.352 13.328L0 23.973h2.113l8.176-9.309 6.531 9.309h7.133zm-2.895 3.293l-.949-1.328L2.875 1.56h3.246l6.086 8.523.945 1.328 7.91 11.078h-3.246zm0 0\"\/><\/svg><\/span><span class=\"shariff-text\">teilen<\/span>&nbsp;<\/a><\/li><li class=\"shariff-button pinterest shariff-nocustomcolor\" style=\"background-color:#e70f18\"><a href=\"https:\/\/www.pinterest.com\/pin\/create\/link\/?url=https%3A%2F%2Fwww.backwinkel.de%2Fblog%2Fverkehrserziehung%2F&media=https%3A%2F%2Fwww.backwinkel.de%2Fblog%2Fwp-content%2Fuploads%2F2019%2F03%2Fbackwinkel-blog-verkehrserziehung-heroimage.jpg&description=Verkehrserziehung%20in%20Kindergarten%20und%20Schule%3A\" title=\"Bei Pinterest pinnen\" aria-label=\"Bei Pinterest pinnen\" role=\"button\" rel=\"noopener nofollow\" class=\"shariff-link\" style=\"; background-color:#cb2027; color:#fff\" target=\"_blank\"><span class=\"shariff-icon\" style=\"\"><svg width=\"32px\" height=\"20px\" xmlns=\"http:\/\/www.w3.org\/2000\/svg\" viewBox=\"0 0 27 32\"><path fill=\"#cb2027\" d=\"M27.4 16q0 3.7-1.8 6.9t-5 5-6.9 1.9q-2 0-3.9-0.6 1.1-1.7 1.4-2.9 0.2-0.6 1-3.8 0.4 0.7 1.3 1.2t2 0.5q2.1 0 3.8-1.2t2.7-3.4 0.9-4.8q0-2-1.1-3.8t-3.1-2.9-4.5-1.2q-1.9 0-3.5 0.5t-2.8 1.4-2 2-1.2 2.3-0.4 2.4q0 1.9 0.7 3.3t2.1 2q0.5 0.2 0.7-0.4 0-0.1 0.1-0.5t0.2-0.5q0.1-0.4-0.2-0.8-0.9-1.1-0.9-2.7 0-2.7 1.9-4.6t4.9-2q2.7 0 4.2 1.5t1.5 3.8q0 3-1.2 5.2t-3.1 2.1q-1.1 0-1.7-0.8t-0.4-1.9q0.1-0.6 0.5-1.7t0.5-1.8 0.2-1.4q0-0.9-0.5-1.5t-1.4-0.6q-1.1 0-1.9 1t-0.8 2.6q0 1.3 0.4 2.2l-1.8 7.5q-0.3 1.2-0.2 3.2-3.7-1.6-6-5t-2.3-7.6q0-3.7 1.9-6.9t5-5 6.9-1.9 6.9 1.9 5 5 1.8 6.9z\"\/><\/svg><\/span><span class=\"shariff-text\">merken<\/span>&nbsp;<\/a><\/li><li class=\"shariff-button mailto shariff-nocustomcolor\" style=\"background-color:#a8a8a8\"><a href=\"mailto:?body=https%3A%2F%2Fwww.backwinkel.de%2Fblog%2Fverkehrserziehung%2F&subject=Verkehrserziehung%20in%20Kindergarten%20und%20Schule%3A\" title=\"Per E-Mail versenden\" aria-label=\"Per E-Mail versenden\" role=\"button\" rel=\"noopener nofollow\" class=\"shariff-link\" style=\"; background-color:#999; color:#fff\"><span class=\"shariff-icon\" style=\"\"><svg width=\"32px\" height=\"20px\" xmlns=\"http:\/\/www.w3.org\/2000\/svg\" viewBox=\"0 0 32 32\"><path fill=\"#999\" d=\"M32 12.7v14.2q0 1.2-0.8 2t-2 0.9h-26.3q-1.2 0-2-0.9t-0.8-2v-14.2q0.8 0.9 1.8 1.6 6.5 4.4 8.9 6.1 1 0.8 1.6 1.2t1.7 0.9 2 0.4h0.1q0.9 0 2-0.4t1.7-0.9 1.6-1.2q3-2.2 8.9-6.1 1-0.7 1.8-1.6zM32 7.4q0 1.4-0.9 2.7t-2.2 2.2q-6.7 4.7-8.4 5.8-0.2 0.1-0.7 0.5t-1 0.7-0.9 0.6-1.1 0.5-0.9 0.2h-0.1q-0.4 0-0.9-0.2t-1.1-0.5-0.9-0.6-1-0.7-0.7-0.5q-1.6-1.1-4.7-3.2t-3.6-2.6q-1.1-0.7-2.1-2t-1-2.5q0-1.4 0.7-2.3t2.1-0.9h26.3q1.2 0 2 0.8t0.9 2z\"\/><\/svg><\/span><span class=\"shariff-text\">E-Mail<\/span>&nbsp;<\/a><\/li><\/ul><\/div>\n<\/div><\/section><br \/>\n<div  class='tabcontainer av-jlq8shhr-b676e11701d9718d755b04dc68ac4c10 top_tab  avia-builder-el-99  el_after_av_textblock  el_before_av_hr '>\n<section class='av_tab_section av_tab_section av-4w8jsn-17d4c89754803ac141d68451b8b1d1a6' ><div id='tab-id-1-tab' class='tab active_tab' role='tab' aria-selected=\"true\" tabindex=\"0\" data-fake-id='#tab-id-1' aria-controls='tab-id-1-content' >Das BACKWINKEL-Blog-Team:<\/div><div id='tab-id-1-content' class='tab_content active_tab_content' role='tabpanel' aria-labelledby='tab-id-1-tab' aria-hidden=\"false\"><div class='tab_inner_content invers-color' ><p><img decoding=\"async\" class=\"wp-image-1768 alignleft\" title=\"BACKWINKEL-Blog \u2013 Das Team\" src=\"https:\/\/blog.backwinkel.de\/wp-content\/uploads\/2018\/10\/backwinkel-blog-autorenbox-intern_preview-300x198.jpg\" alt=\"\" width=\"300\" height=\"198\" \/>Gibts auch ein Gesicht hinter dem BACKWINKEL-Blog? Ja. Vier ?. Drei davon sogar mit Foto.<\/p>\n<p><span style=\"font-style: inherit !important; font-weight: inherit !important;\">Wir \u2013 Lukas, Tatjana, Stefan und Christine \u2013 bespielen unseren Blog unter dem Motto LACHEN LESEN LERNEN. <\/span><\/p>\n<p><span style=\"font-style: inherit !important; font-weight: inherit !important;\">Lukas kennt sich online so gut aus wie in seiner Westentasche und findet immer spannende Themen, w\u00e4hrend Stefan unseren Beitr\u00e4gen den passenden gestalterischen Rahmen gibt und Tatjana mit dem gr\u00fcnen Korrekturstift alles pr\u00fcfend be\u00e4ugt, was unsere Autorin Christine (und gern auch Gastautoren) f\u00fcr den BACKWINKEL-Blog nach ordentlicher Recherche schreibt.<\/span><\/p>\n<p>Gemeinsam suchen wir st\u00e4ndig nach neuen, aufregenden Themen rund um das Thema Bildung im Kiga, der Schule und zu Hause. Und weil Sie da an der Quelle sitzen, freuen wir uns auf Ihre konstruktiven R\u00fcckmeldungen und Anregungen an <a href=\"mailto:blog@backwinkel.de\">blog@backwinkel.de<\/a><\/p>\n<p>Viel Spa\u00df beim LACHEN LESEN LERNEN!<\/p>\n<\/div><\/div><\/section>\n<\/div><br \/>\n\n<style type=\"text\/css\" data-created_by=\"avia_inline_auto\" id=\"style-css-av-jkuvdh82-b6ea5d9aca5d02d0d62bf300de93e492\">\n#top .hr.av-jkuvdh82-b6ea5d9aca5d02d0d62bf300de93e492{\nmargin-top:10px;\nmargin-bottom:10px;\n}\n.hr.av-jkuvdh82-b6ea5d9aca5d02d0d62bf300de93e492 .hr-inner{\nwidth:500;\n}\n<\/style>\n<div  class='hr av-jkuvdh82-b6ea5d9aca5d02d0d62bf300de93e492 hr-custom  avia-builder-el-100  el_after_av_tab_container  el_before_av_heading  hr-left hr-icon-no'><span class='hr-inner inner-border-av-border-thin'><span class=\"hr-inner-style\"><\/span><\/span><\/div><br \/>\n\n<style type=\"text\/css\" data-created_by=\"avia_inline_auto\" id=\"style-css-av-1v1onn-3a924189e50eb4e91f80cb1ea714d4f8\">\n#top .av-special-heading.av-1v1onn-3a924189e50eb4e91f80cb1ea714d4f8{\npadding-bottom:10px;\n}\nbody .av-special-heading.av-1v1onn-3a924189e50eb4e91f80cb1ea714d4f8 .av-special-heading-tag .heading-char{\nfont-size:25px;\n}\n.av-special-heading.av-1v1onn-3a924189e50eb4e91f80cb1ea714d4f8 .av-subheading{\nfont-size:15px;\n}\n<\/style>\n<div  class='av-special-heading av-1v1onn-3a924189e50eb4e91f80cb1ea714d4f8 av-special-heading-h3 blockquote modern-quote  avia-builder-el-101  el_after_av_hr  el_before_av_blog '><h3 class='av-special-heading-tag '  >PASSENDE BEITR\u00c4GE<\/h3><div class=\"special-heading-border\"><div class=\"special-heading-inner-border\"><\/div><\/div><\/div><br \/>\n<div  data-slideshow-options=\"{&quot;animation&quot;:&quot;fade&quot;,&quot;autoplay&quot;:false,&quot;loop_autoplay&quot;:&quot;once&quot;,&quot;interval&quot;:5,&quot;loop_manual&quot;:&quot;manual-endless&quot;,&quot;autoplay_stopper&quot;:false,&quot;noNavigation&quot;:false,&quot;show_slide_delay&quot;:90}\" class='avia-content-slider avia-content-grid-active avia-content-slider1 avia-content-slider-odd  avia-builder-el-102  el_after_av_heading  avia-builder-el-last  av-slideshow-ui av-control-default   av-no-slider-navigation av-slideshow-manual av-loop-once av-loop-manual-endless ' ><div class=\"avia-content-slider-inner\"><div class=\"slide-entry-wrap\"><article class='slide-entry flex_column  post-entry post-entry-18633 slide-entry-overview slide-loop-1 slide-parity-odd  av_one_third first real-thumbnail posttype-post post-format-standard' ><a href='https:\/\/www.backwinkel.de\/blog\/plastik-recyceln\/' data-rel='slide-1' class='slide-image' title='Plastik recyceln'><img decoding=\"async\" fetchpriority=\"high\" width=\"1200\" height=\"628\" src=\"https:\/\/www.backwinkel.de\/blog\/wp-content\/uploads\/2026\/04\/04_Kiga_Plastik_nachhaltig_nutzen.jpg\" class=\"wp-image-18713 avia-img-lazy-loading-not-18713 attachment-no scaling size-no scaling wp-post-image\" alt=\"\" \/><\/a><div class=\"slide-content\"><header class=\"entry-content-header\" aria-label=\"Slide: Plastik recyceln\"><h3 class='slide-entry-title entry-title ' ><a href='https:\/\/www.backwinkel.de\/blog\/plastik-recyceln\/' title='Plastik recyceln'>Plastik recyceln<\/a><\/h3><span class=\"blog-categories minor-meta\"><a href=\"https:\/\/www.backwinkel.de\/blog\/category\/kindergarten-kita\/\" rel=\"tag\">Kindergarten<\/a> <\/span><span class=\"av-vertical-delimiter\"><\/span><\/header><div class='slide-entry-excerpt entry-content' >Biokunststoff f\u00fcr St\u00fchle, Materialboxen, Spielzeug und Rucks\u00e4cke<\/div><\/div><footer class=\"entry-footer\"><div class=\"slide-meta\"><time class='slide-meta-time updated' >14. April 2026<\/time><\/div><\/footer><\/article><article class='slide-entry flex_column  post-entry post-entry-18716 slide-entry-overview slide-loop-2 slide-parity-even  av_one_third  real-thumbnail posttype-post post-format-standard' ><a href='https:\/\/www.backwinkel.de\/blog\/rechnen-im-anfangsunterricht\/' data-rel='slide-1' class='slide-image' title='Rechnen im Anfangsunterricht'><img decoding=\"async\" fetchpriority=\"high\" width=\"1200\" height=\"628\" src=\"https:\/\/www.backwinkel.de\/blog\/wp-content\/uploads\/2026\/04\/04_Schule_Rechnen_anfangsunterricht.jpg\" class=\"wp-image-18748 avia-img-lazy-loading-not-18748 attachment-no scaling size-no scaling wp-post-image\" alt=\"\" \/><\/a><div class=\"slide-content\"><header class=\"entry-content-header\" aria-label=\"Slide: Rechnen im Anfangsunterricht\"><h3 class='slide-entry-title entry-title ' ><a href='https:\/\/www.backwinkel.de\/blog\/rechnen-im-anfangsunterricht\/' title='Rechnen im Anfangsunterricht'>Rechnen im Anfangsunterricht<\/a><\/h3><span class=\"blog-categories minor-meta\"><a href=\"https:\/\/www.backwinkel.de\/blog\/category\/schule-grundschule\/\" rel=\"tag\">Schule<\/a> <\/span><span class=\"av-vertical-delimiter\"><\/span><\/header><div class='slide-entry-excerpt entry-content' >Das Klassenzimmer als Lernlandschaft<\/div><\/div><footer class=\"entry-footer\"><div class=\"slide-meta\"><time class='slide-meta-time updated' >14. April 2026<\/time><\/div><\/footer><\/article><article class='slide-entry flex_column  post-entry post-entry-18372 slide-entry-overview slide-loop-3 slide-parity-odd  post-entry-last  av_one_third  real-thumbnail posttype-post post-format-standard' ><a href='https:\/\/www.backwinkel.de\/blog\/kranke-kinder-im-kindergarten\/' data-rel='slide-1' class='slide-image' title='Kranke Kinder im Kindergarten'><img decoding=\"async\" fetchpriority=\"high\" width=\"1200\" height=\"628\" src=\"https:\/\/www.backwinkel.de\/blog\/wp-content\/uploads\/2026\/03\/03_Kiga_Kranke_Kinder.jpg\" class=\"wp-image-18451 avia-img-lazy-loading-not-18451 attachment-no scaling size-no scaling wp-post-image\" alt=\"Thema: Kranke Kinder. Auf dem Bild ist ein krankes kleines M\u00e4dchen zu sehen. Eine Frau mit einem Fieberthermometer in der Hand sitzt neben ihr und hat die Hand auf der Stirn des M\u00e4dchens.\" \/><\/a><div class=\"slide-content\"><header class=\"entry-content-header\" aria-label=\"Slide: Kranke Kinder im Kindergarten\"><h3 class='slide-entry-title entry-title ' ><a href='https:\/\/www.backwinkel.de\/blog\/kranke-kinder-im-kindergarten\/' title='Kranke Kinder im Kindergarten'>Kranke Kinder im Kindergarten<\/a><\/h3><span class=\"blog-categories minor-meta\"><a href=\"https:\/\/www.backwinkel.de\/blog\/category\/kindergarten-kita\/\" rel=\"tag\">Kindergarten<\/a> <\/span><span class=\"av-vertical-delimiter\"><\/span><\/header><div class='slide-entry-excerpt entry-content' >Auswirkungen f\u00fcr Kinder, Eltern und Fachkr\u00e4fte<\/div><\/div><footer class=\"entry-footer\"><div class=\"slide-meta\"><time class='slide-meta-time updated' >9. M\u00e4rz 2026<\/time><\/div><\/footer><\/article><\/div><\/div><\/div><\/p><\/div>\n","protected":false},"excerpt":{"rendered":"<p>So machen Sie Ihre Kinder sicher f\u00fcr den Stra\u00dfenverkehr<\/p>\n","protected":false},"author":3,"featured_media":2829,"comment_status":"closed","ping_status":"closed","sticky":false,"template":"","format":"standard","meta":{"inline_featured_image":false,"footnotes":""},"categories":[5,6],"tags":[],"class_list":["post-2883","post","type-post","status-publish","format-standard","has-post-thumbnail","hentry","category-kindergarten-kita","category-schule-grundschule"],"yoast_head":"<!-- This site is optimized with the Yoast SEO plugin v27.5 - https:\/\/yoast.com\/product\/yoast-seo-wordpress\/ -->\n<title>Verkehrserziehung: Alles Wissenswerte f\u00fcr Kinderg\u00e4rten und Grundschulen | BACKWINKEL Blog<\/title>\n<meta name=\"description\" content=\"Verkehrserziehung in Kinderg\u00e4rten und Grundschulen: Ideen f\u00fcr Projekte und Kooperationen \u2713 Kostenlose Arbeitsbl\u00e4tter \u2713 Praxis-Tipps \u2713 Verkehrsschilder \u2713 uvm \u2713\" \/>\n<meta name=\"robots\" content=\"index, follow, max-snippet:-1, max-image-preview:large, max-video-preview:-1\" \/>\n<link rel=\"canonical\" href=\"https:\/\/www.backwinkel.de\/blog\/verkehrserziehung\/\" \/>\n<meta property=\"og:locale\" content=\"de_DE\" \/>\n<meta property=\"og:type\" content=\"article\" \/>\n<meta property=\"og:title\" content=\"Verkehrserziehung: Alles Wissenswerte f\u00fcr Kinderg\u00e4rten und Grundschulen | BACKWINKEL Blog\" \/>\n<meta property=\"og:description\" content=\"Verkehrserziehung in Kinderg\u00e4rten und Grundschulen: Ideen f\u00fcr Projekte und Kooperationen \u2713 Kostenlose Arbeitsbl\u00e4tter \u2713 Praxis-Tipps \u2713 Verkehrsschilder \u2713 uvm \u2713\" \/>\n<meta property=\"og:url\" content=\"https:\/\/www.backwinkel.de\/blog\/verkehrserziehung\/\" \/>\n<meta property=\"og:site_name\" content=\"BACKWINKEL Blog\" \/>\n<meta property=\"article:published_time\" content=\"2019-04-01T08:06:52+00:00\" \/>\n<meta property=\"article:modified_time\" content=\"2026-04-22T07:31:48+00:00\" \/>\n<meta property=\"og:image\" content=\"https:\/\/www.backwinkel.de\/blog\/wp-content\/uploads\/2019\/03\/backwinkel-blog-verkehrserziehung-heroimage.jpg\" \/>\n\t<meta property=\"og:image:width\" content=\"1200\" \/>\n\t<meta property=\"og:image:height\" content=\"628\" \/>\n\t<meta property=\"og:image:type\" content=\"image\/jpeg\" \/>\n<meta name=\"author\" content=\"BACKWINKEL\" \/>\n<meta name=\"twitter:card\" content=\"summary_large_image\" \/>\n<meta name=\"twitter:label1\" content=\"Verfasst von\" \/>\n\t<meta name=\"twitter:data1\" content=\"BACKWINKEL\" \/>\n\t<meta name=\"twitter:label2\" content=\"Gesch\u00e4tzte Lesezeit\" \/>\n\t<meta name=\"twitter:data2\" content=\"17\u00a0Minuten\" \/>\n<script type=\"application\/ld+json\" class=\"yoast-schema-graph\">{\"@context\":\"https:\\\/\\\/schema.org\",\"@graph\":[{\"@type\":\"Article\",\"@id\":\"https:\\\/\\\/www.backwinkel.de\\\/blog\\\/verkehrserziehung\\\/#article\",\"isPartOf\":{\"@id\":\"https:\\\/\\\/www.backwinkel.de\\\/blog\\\/verkehrserziehung\\\/\"},\"author\":{\"name\":\"BACKWINKEL\",\"@id\":\"https:\\\/\\\/www.backwinkel.de\\\/blog\\\/#\\\/schema\\\/person\\\/3d64575316540d25f7866264a4b7cd24\"},\"headline\":\"Verkehrserziehung in Kindergarten und Schule:\",\"datePublished\":\"2019-04-01T08:06:52+00:00\",\"dateModified\":\"2026-04-22T07:31:48+00:00\",\"mainEntityOfPage\":{\"@id\":\"https:\\\/\\\/www.backwinkel.de\\\/blog\\\/verkehrserziehung\\\/\"},\"wordCount\":8447,\"image\":{\"@id\":\"https:\\\/\\\/www.backwinkel.de\\\/blog\\\/verkehrserziehung\\\/#primaryimage\"},\"thumbnailUrl\":\"https:\\\/\\\/www.backwinkel.de\\\/blog\\\/wp-content\\\/uploads\\\/2019\\\/03\\\/backwinkel-blog-verkehrserziehung-heroimage.jpg\",\"articleSection\":[\"Kindergarten\",\"Schule\"],\"inLanguage\":\"de\"},{\"@type\":\"WebPage\",\"@id\":\"https:\\\/\\\/www.backwinkel.de\\\/blog\\\/verkehrserziehung\\\/\",\"url\":\"https:\\\/\\\/www.backwinkel.de\\\/blog\\\/verkehrserziehung\\\/\",\"name\":\"Verkehrserziehung: Alles Wissenswerte f\u00fcr Kinderg\u00e4rten und Grundschulen | BACKWINKEL Blog\",\"isPartOf\":{\"@id\":\"https:\\\/\\\/www.backwinkel.de\\\/blog\\\/#website\"},\"primaryImageOfPage\":{\"@id\":\"https:\\\/\\\/www.backwinkel.de\\\/blog\\\/verkehrserziehung\\\/#primaryimage\"},\"image\":{\"@id\":\"https:\\\/\\\/www.backwinkel.de\\\/blog\\\/verkehrserziehung\\\/#primaryimage\"},\"thumbnailUrl\":\"https:\\\/\\\/www.backwinkel.de\\\/blog\\\/wp-content\\\/uploads\\\/2019\\\/03\\\/backwinkel-blog-verkehrserziehung-heroimage.jpg\",\"datePublished\":\"2019-04-01T08:06:52+00:00\",\"dateModified\":\"2026-04-22T07:31:48+00:00\",\"author\":{\"@id\":\"https:\\\/\\\/www.backwinkel.de\\\/blog\\\/#\\\/schema\\\/person\\\/3d64575316540d25f7866264a4b7cd24\"},\"description\":\"Verkehrserziehung in Kinderg\u00e4rten und Grundschulen: Ideen f\u00fcr Projekte und Kooperationen \u2713 Kostenlose Arbeitsbl\u00e4tter \u2713 Praxis-Tipps \u2713 Verkehrsschilder \u2713 uvm \u2713\",\"breadcrumb\":{\"@id\":\"https:\\\/\\\/www.backwinkel.de\\\/blog\\\/verkehrserziehung\\\/#breadcrumb\"},\"inLanguage\":\"de\",\"potentialAction\":[{\"@type\":\"ReadAction\",\"target\":[\"https:\\\/\\\/www.backwinkel.de\\\/blog\\\/verkehrserziehung\\\/\"]}]},{\"@type\":\"ImageObject\",\"inLanguage\":\"de\",\"@id\":\"https:\\\/\\\/www.backwinkel.de\\\/blog\\\/verkehrserziehung\\\/#primaryimage\",\"url\":\"https:\\\/\\\/www.backwinkel.de\\\/blog\\\/wp-content\\\/uploads\\\/2019\\\/03\\\/backwinkel-blog-verkehrserziehung-heroimage.jpg\",\"contentUrl\":\"https:\\\/\\\/www.backwinkel.de\\\/blog\\\/wp-content\\\/uploads\\\/2019\\\/03\\\/backwinkel-blog-verkehrserziehung-heroimage.jpg\",\"width\":1200,\"height\":628,\"caption\":\"BACKWINKEL-Blog \u2013 Beitrag zum Thema Verkehrserziehung in Kindergarten und Grundschule\"},{\"@type\":\"BreadcrumbList\",\"@id\":\"https:\\\/\\\/www.backwinkel.de\\\/blog\\\/verkehrserziehung\\\/#breadcrumb\",\"itemListElement\":[{\"@type\":\"ListItem\",\"position\":1,\"name\":\"Startseite\",\"item\":\"https:\\\/\\\/blog.backwinkel.de\\\/aktuelles\\\/\"},{\"@type\":\"ListItem\",\"position\":2,\"name\":\"Verkehrserziehung in Kindergarten und Schule:\"}]},{\"@type\":\"WebSite\",\"@id\":\"https:\\\/\\\/www.backwinkel.de\\\/blog\\\/#website\",\"url\":\"https:\\\/\\\/www.backwinkel.de\\\/blog\\\/\",\"name\":\"BACKWINKEL Blog\",\"description\":\"f\u00fcr Lehrer, Erzieher und Eltern\",\"potentialAction\":[{\"@type\":\"SearchAction\",\"target\":{\"@type\":\"EntryPoint\",\"urlTemplate\":\"https:\\\/\\\/www.backwinkel.de\\\/blog\\\/?s={search_term_string}\"},\"query-input\":{\"@type\":\"PropertyValueSpecification\",\"valueRequired\":true,\"valueName\":\"search_term_string\"}}],\"inLanguage\":\"de\"},{\"@type\":\"Person\",\"@id\":\"https:\\\/\\\/www.backwinkel.de\\\/blog\\\/#\\\/schema\\\/person\\\/3d64575316540d25f7866264a4b7cd24\",\"name\":\"BACKWINKEL\",\"sameAs\":[\"http:\\\/\\\/www.backwinkel.de\"],\"url\":\"https:\\\/\\\/www.backwinkel.de\\\/blog\\\/author\\\/backwinkel\\\/\"}]}<\/script>\n<!-- \/ Yoast SEO plugin. -->","yoast_head_json":{"title":"Verkehrserziehung: Alles Wissenswerte f\u00fcr Kinderg\u00e4rten und Grundschulen | BACKWINKEL Blog","description":"Verkehrserziehung in Kinderg\u00e4rten und Grundschulen: Ideen f\u00fcr Projekte und Kooperationen \u2713 Kostenlose Arbeitsbl\u00e4tter \u2713 Praxis-Tipps \u2713 Verkehrsschilder \u2713 uvm \u2713","robots":{"index":"index","follow":"follow","max-snippet":"max-snippet:-1","max-image-preview":"max-image-preview:large","max-video-preview":"max-video-preview:-1"},"canonical":"https:\/\/www.backwinkel.de\/blog\/verkehrserziehung\/","og_locale":"de_DE","og_type":"article","og_title":"Verkehrserziehung: Alles Wissenswerte f\u00fcr Kinderg\u00e4rten und Grundschulen | BACKWINKEL Blog","og_description":"Verkehrserziehung in Kinderg\u00e4rten und Grundschulen: Ideen f\u00fcr Projekte und Kooperationen \u2713 Kostenlose Arbeitsbl\u00e4tter \u2713 Praxis-Tipps \u2713 Verkehrsschilder \u2713 uvm \u2713","og_url":"https:\/\/www.backwinkel.de\/blog\/verkehrserziehung\/","og_site_name":"BACKWINKEL Blog","article_published_time":"2019-04-01T08:06:52+00:00","article_modified_time":"2026-04-22T07:31:48+00:00","og_image":[{"width":1200,"height":628,"url":"https:\/\/www.backwinkel.de\/blog\/wp-content\/uploads\/2019\/03\/backwinkel-blog-verkehrserziehung-heroimage.jpg","type":"image\/jpeg"}],"author":"BACKWINKEL","twitter_card":"summary_large_image","twitter_misc":{"Verfasst von":"BACKWINKEL","Gesch\u00e4tzte Lesezeit":"17\u00a0Minuten"},"schema":{"@context":"https:\/\/schema.org","@graph":[{"@type":"Article","@id":"https:\/\/www.backwinkel.de\/blog\/verkehrserziehung\/#article","isPartOf":{"@id":"https:\/\/www.backwinkel.de\/blog\/verkehrserziehung\/"},"author":{"name":"BACKWINKEL","@id":"https:\/\/www.backwinkel.de\/blog\/#\/schema\/person\/3d64575316540d25f7866264a4b7cd24"},"headline":"Verkehrserziehung in Kindergarten und Schule:","datePublished":"2019-04-01T08:06:52+00:00","dateModified":"2026-04-22T07:31:48+00:00","mainEntityOfPage":{"@id":"https:\/\/www.backwinkel.de\/blog\/verkehrserziehung\/"},"wordCount":8447,"image":{"@id":"https:\/\/www.backwinkel.de\/blog\/verkehrserziehung\/#primaryimage"},"thumbnailUrl":"https:\/\/www.backwinkel.de\/blog\/wp-content\/uploads\/2019\/03\/backwinkel-blog-verkehrserziehung-heroimage.jpg","articleSection":["Kindergarten","Schule"],"inLanguage":"de"},{"@type":"WebPage","@id":"https:\/\/www.backwinkel.de\/blog\/verkehrserziehung\/","url":"https:\/\/www.backwinkel.de\/blog\/verkehrserziehung\/","name":"Verkehrserziehung: Alles Wissenswerte f\u00fcr Kinderg\u00e4rten und Grundschulen | BACKWINKEL Blog","isPartOf":{"@id":"https:\/\/www.backwinkel.de\/blog\/#website"},"primaryImageOfPage":{"@id":"https:\/\/www.backwinkel.de\/blog\/verkehrserziehung\/#primaryimage"},"image":{"@id":"https:\/\/www.backwinkel.de\/blog\/verkehrserziehung\/#primaryimage"},"thumbnailUrl":"https:\/\/www.backwinkel.de\/blog\/wp-content\/uploads\/2019\/03\/backwinkel-blog-verkehrserziehung-heroimage.jpg","datePublished":"2019-04-01T08:06:52+00:00","dateModified":"2026-04-22T07:31:48+00:00","author":{"@id":"https:\/\/www.backwinkel.de\/blog\/#\/schema\/person\/3d64575316540d25f7866264a4b7cd24"},"description":"Verkehrserziehung in Kinderg\u00e4rten und Grundschulen: Ideen f\u00fcr Projekte und Kooperationen \u2713 Kostenlose Arbeitsbl\u00e4tter \u2713 Praxis-Tipps \u2713 Verkehrsschilder \u2713 uvm \u2713","breadcrumb":{"@id":"https:\/\/www.backwinkel.de\/blog\/verkehrserziehung\/#breadcrumb"},"inLanguage":"de","potentialAction":[{"@type":"ReadAction","target":["https:\/\/www.backwinkel.de\/blog\/verkehrserziehung\/"]}]},{"@type":"ImageObject","inLanguage":"de","@id":"https:\/\/www.backwinkel.de\/blog\/verkehrserziehung\/#primaryimage","url":"https:\/\/www.backwinkel.de\/blog\/wp-content\/uploads\/2019\/03\/backwinkel-blog-verkehrserziehung-heroimage.jpg","contentUrl":"https:\/\/www.backwinkel.de\/blog\/wp-content\/uploads\/2019\/03\/backwinkel-blog-verkehrserziehung-heroimage.jpg","width":1200,"height":628,"caption":"BACKWINKEL-Blog \u2013 Beitrag zum Thema Verkehrserziehung in Kindergarten und Grundschule"},{"@type":"BreadcrumbList","@id":"https:\/\/www.backwinkel.de\/blog\/verkehrserziehung\/#breadcrumb","itemListElement":[{"@type":"ListItem","position":1,"name":"Startseite","item":"https:\/\/blog.backwinkel.de\/aktuelles\/"},{"@type":"ListItem","position":2,"name":"Verkehrserziehung in Kindergarten und Schule:"}]},{"@type":"WebSite","@id":"https:\/\/www.backwinkel.de\/blog\/#website","url":"https:\/\/www.backwinkel.de\/blog\/","name":"BACKWINKEL Blog","description":"f\u00fcr Lehrer, Erzieher und Eltern","potentialAction":[{"@type":"SearchAction","target":{"@type":"EntryPoint","urlTemplate":"https:\/\/www.backwinkel.de\/blog\/?s={search_term_string}"},"query-input":{"@type":"PropertyValueSpecification","valueRequired":true,"valueName":"search_term_string"}}],"inLanguage":"de"},{"@type":"Person","@id":"https:\/\/www.backwinkel.de\/blog\/#\/schema\/person\/3d64575316540d25f7866264a4b7cd24","name":"BACKWINKEL","sameAs":["http:\/\/www.backwinkel.de"],"url":"https:\/\/www.backwinkel.de\/blog\/author\/backwinkel\/"}]}},"_links":{"self":[{"href":"https:\/\/www.backwinkel.de\/blog\/wp-json\/wp\/v2\/posts\/2883","targetHints":{"allow":["GET"]}}],"collection":[{"href":"https:\/\/www.backwinkel.de\/blog\/wp-json\/wp\/v2\/posts"}],"about":[{"href":"https:\/\/www.backwinkel.de\/blog\/wp-json\/wp\/v2\/types\/post"}],"author":[{"embeddable":true,"href":"https:\/\/www.backwinkel.de\/blog\/wp-json\/wp\/v2\/users\/3"}],"replies":[{"embeddable":true,"href":"https:\/\/www.backwinkel.de\/blog\/wp-json\/wp\/v2\/comments?post=2883"}],"version-history":[{"count":4,"href":"https:\/\/www.backwinkel.de\/blog\/wp-json\/wp\/v2\/posts\/2883\/revisions"}],"predecessor-version":[{"id":18853,"href":"https:\/\/www.backwinkel.de\/blog\/wp-json\/wp\/v2\/posts\/2883\/revisions\/18853"}],"wp:featuredmedia":[{"embeddable":true,"href":"https:\/\/www.backwinkel.de\/blog\/wp-json\/wp\/v2\/media\/2829"}],"wp:attachment":[{"href":"https:\/\/www.backwinkel.de\/blog\/wp-json\/wp\/v2\/media?parent=2883"}],"wp:term":[{"taxonomy":"category","embeddable":true,"href":"https:\/\/www.backwinkel.de\/blog\/wp-json\/wp\/v2\/categories?post=2883"},{"taxonomy":"post_tag","embeddable":true,"href":"https:\/\/www.backwinkel.de\/blog\/wp-json\/wp\/v2\/tags?post=2883"}],"curies":[{"name":"wp","href":"https:\/\/api.w.org\/{rel}","templated":true}]}}