{"id":2823,"date":"2019-04-01T09:32:24","date_gmt":"2019-04-01T07:32:24","guid":{"rendered":"https:\/\/blog.backwinkel.de\/?p=2823"},"modified":"2026-04-22T09:27:47","modified_gmt":"2026-04-22T07:27:47","slug":"sommerfest-kindergarten","status":"publish","type":"post","link":"https:\/\/www.backwinkel.de\/blog\/sommerfest-kindergarten\/","title":{"rendered":"Sommerfest im Kindergarten:"},"content":{"rendered":"\n<style type=\"text\/css\" data-created_by=\"avia_inline_auto\" id=\"style-css-av-8vdv8-f7e0dae999cc49bc529a70f67b346526\">\n.flex_column.av-8vdv8-f7e0dae999cc49bc529a70f67b346526{\nborder-radius:0px 0px 0px 0px;\npadding:0px 0px 0px 0px;\n}\n<\/style>\n<div  class='flex_column av-8vdv8-f7e0dae999cc49bc529a70f67b346526 av_one_full  avia-builder-el-0  el_before_av_three_fifth  avia-builder-el-first  first flex_column_div av-zero-column-padding  '     ><p>\n<style type=\"text\/css\" data-created_by=\"avia_inline_auto\" id=\"style-css-av-jl6mo8rj-605eccf9df0dce9c3ffb6a57636da99d\">\n#top .hr.hr-invisible.av-jl6mo8rj-605eccf9df0dce9c3ffb6a57636da99d{\nmargin-top:0px;\nheight:1px;\n}\n<\/style>\n<div  class='hr av-jl6mo8rj-605eccf9df0dce9c3ffb6a57636da99d hr-invisible  avia-builder-el-1  el_before_av_heading  avia-builder-el-first '><span class='hr-inner '><span class=\"hr-inner-style\"><\/span><\/span><\/div><br \/>\n\n<style type=\"text\/css\" data-created_by=\"avia_inline_auto\" id=\"style-css-av-2fjuon-3941999293b78514b2d036d369c9a587\">\n#top .av-special-heading.av-2fjuon-3941999293b78514b2d036d369c9a587{\npadding-bottom:10px;\n}\nbody .av-special-heading.av-2fjuon-3941999293b78514b2d036d369c9a587 .av-special-heading-tag .heading-char{\nfont-size:25px;\n}\n.av-special-heading.av-2fjuon-3941999293b78514b2d036d369c9a587 .av-subheading{\nfont-size:15px;\n}\n<\/style>\n<div  class='av-special-heading av-2fjuon-3941999293b78514b2d036d369c9a587 av-special-heading-h1 blockquote modern-quote  avia-builder-el-2  el_after_av_hr  el_before_av_post_metadata '><h1 class='av-special-heading-tag '  >Sommerfest im Kindergarten: Geschickt planen mit der Checkliste und diesen Tipps<\/h1><div class='av-subheading av-subheading_below'><p class=\"autorenname\">Christine Hagemann<\/p>\n<\/div><div class=\"special-heading-border\"><div class=\"special-heading-inner-border\"><\/div><\/div><\/div><br \/>\n\n<style type=\"text\/css\" data-created_by=\"avia_inline_auto\" id=\"style-css-av-55zvk7-e89dcfcca9022f4470bda6d42cc50fab\">\n#top .av-post-metadata-container.av-55zvk7-e89dcfcca9022f4470bda6d42cc50fab{\nfont-size:12px;\n}\n#top .av-post-metadata-container.av-55zvk7-e89dcfcca9022f4470bda6d42cc50fab .av-post-metadata-container-inner{\nfont-size:12px;\n}\n<\/style>\n<div  class='av-post-metadata-container av-55zvk7-e89dcfcca9022f4470bda6d42cc50fab av-metadata-container-align-left  avia-builder-el-3  el_after_av_heading  el_before_av_textblock  av-metadata-container-1'><div class='av-post-metadata-container-inner'><span class=\"av-post-metadata-content av-post-metadata-meta-content\"><span class=\"av-post-metadata-content av-post-metadata-modified\"><span class=\"av-metadata-before av-metadata-before-modified\">Aktualisiert:<\/span><span class=\"av-post-metadata-modified-date\" >22. April 2026<\/span><\/span><span class=\"av-post-metadata-content av-post-metadata-separator\">\/<\/span><span class=\"av-post-metadata-content av-post-metadata-modified\"><span class=\"av-metadata-before av-metadata-before-modified\">Zuletzt aktualisiert:<\/span><span class=\"av-post-metadata-modified-date\" >22. April 2026<\/span><\/span><\/span><\/div><\/div><br \/>\n\n<style type=\"text\/css\" data-created_by=\"avia_inline_auto\" id=\"style-css-av-jkuubohz-5bd5902bdafe42e29df3f39e76d87d31\">\n#top .av_textblock_section.av-jkuubohz-5bd5902bdafe42e29df3f39e76d87d31 .avia_textblock{\nfont-size:20px;\n}\n<\/style>\n<section  class='av_textblock_section av-jkuubohz-5bd5902bdafe42e29df3f39e76d87d31 '  ><div class='avia_textblock' ><p class=\"einleitungstext-beitrag\">Sommer, Sonne, Sommerfest! Viele Kinderg\u00e4rten laden zum allj\u00e4hrlichen Sommerfest ein, um das Kindergartenjahr festlich abzuschlie\u00dfen und die hellen Tage gemeinsam zu feiern.<\/p>\n<\/div><\/section><br \/>\n\n<style type=\"text\/css\" data-created_by=\"avia_inline_auto\" id=\"style-css-av-jkuuo5h6-01130bd9b44e8824f2644165dfee906c\">\n.avia-image-container.av-jkuuo5h6-01130bd9b44e8824f2644165dfee906c img.avia_image{\nbox-shadow:none;\n}\n.avia-image-container.av-jkuuo5h6-01130bd9b44e8824f2644165dfee906c .av-image-caption-overlay-center{\ncolor:#ffffff;\n}\n<\/style>\n<div  class='avia-image-container av-jkuuo5h6-01130bd9b44e8824f2644165dfee906c av-styling- avia-align-center  avia-builder-el-5  el_after_av_textblock  el_before_av_hr '  ><div class=\"avia-image-container-inner\"><div class=\"avia-image-overlay-wrap\"><img decoding=\"async\" fetchpriority=\"high\" class='wp-image-2828 avia-img-lazy-loading-not-2828 avia_image ' src=\"https:\/\/www.backwinkel.de\/blog\/wp-content\/uploads\/2019\/03\/backwinkel-blog-sommerfest-im-kindergarten-heroimage.jpg\" alt='Sommerfest im Kindergarten: 27 Spiele, Mottos, Ideen und Tipps im BACKWINKEL Blog' title='Sommerfest im Kindergarten: 27 Spiele, Mottos, Ideen und Tipps'  height=\"628\" width=\"1200\" srcset=\"https:\/\/www.backwinkel.de\/blog\/wp-content\/uploads\/2019\/03\/backwinkel-blog-sommerfest-im-kindergarten-heroimage.jpg 1200w, https:\/\/www.backwinkel.de\/blog\/wp-content\/uploads\/2019\/03\/backwinkel-blog-sommerfest-im-kindergarten-heroimage-300x157.jpg 300w, https:\/\/www.backwinkel.de\/blog\/wp-content\/uploads\/2019\/03\/backwinkel-blog-sommerfest-im-kindergarten-heroimage-768x402.jpg 768w, https:\/\/www.backwinkel.de\/blog\/wp-content\/uploads\/2019\/03\/backwinkel-blog-sommerfest-im-kindergarten-heroimage-1030x539.jpg 1030w, https:\/\/www.backwinkel.de\/blog\/wp-content\/uploads\/2019\/03\/backwinkel-blog-sommerfest-im-kindergarten-heroimage-705x369.jpg 705w, https:\/\/www.backwinkel.de\/blog\/wp-content\/uploads\/2019\/03\/backwinkel-blog-sommerfest-im-kindergarten-heroimage-450x236.jpg 450w\" sizes=\"(max-width: 1200px) 100vw, 1200px\" \/><\/div><\/div><\/div><br \/>\n\n<style type=\"text\/css\" data-created_by=\"avia_inline_auto\" id=\"style-css-av-jl6mo8rj-37-8ac9c9022ded18bc1b051b7178df4d4c\">\n#top .hr.hr-invisible.av-jl6mo8rj-37-8ac9c9022ded18bc1b051b7178df4d4c{\nheight:5px;\n}\n<\/style>\n<div  class='hr av-jl6mo8rj-37-8ac9c9022ded18bc1b051b7178df4d4c hr-invisible  avia-builder-el-6  el_after_av_image  el_before_av_textblock '><span class='hr-inner '><span class=\"hr-inner-style\"><\/span><\/span><\/div><br \/>\n\n<style type=\"text\/css\" data-created_by=\"avia_inline_auto\" id=\"style-css-av-jl7ql86y-e4dbe662e227d6e3ed63d4a5d145fa64\">\n#top .av_textblock_section.av-jl7ql86y-e4dbe662e227d6e3ed63d4a5d145fa64 .avia_textblock{\nfont-size:10px;\n}\n<\/style>\n<section  class='av_textblock_section av-jl7ql86y-e4dbe662e227d6e3ed63d4a5d145fa64 '  ><div class='avia_textblock' ><p class=\"bildnennung-beitrag\" style=\"text-align: left;\">\u00a9 sewcream, AdobeStock.com<\/p>\n<\/div><\/section><br \/>\n\n<style type=\"text\/css\" data-created_by=\"avia_inline_auto\" id=\"style-css-av-jl6mo8rj-35-ea5e85dbeace183a5819b24349c1fcb6\">\n#top .hr.hr-invisible.av-jl6mo8rj-35-ea5e85dbeace183a5819b24349c1fcb6{\nheight:20px;\n}\n<\/style>\n<div  class='hr av-jl6mo8rj-35-ea5e85dbeace183a5819b24349c1fcb6 hr-invisible  avia-builder-el-8  el_after_av_textblock  el_before_av_textblock '><span class='hr-inner '><span class=\"hr-inner-style\"><\/span><\/span><\/div><br \/>\n<section  class='av_textblock_section av-jkuubohz-36-2b569894d3c8b323f138ffc649d5b854 '  ><div class='avia_textblock' ><p>Mit dem Sommer kommt auch jedes Jahr das Sommerfest im Kindergarten. Daf\u00fcr ben\u00f6tigen Sie gute Ideen, tolle Spiele und etwas Organisationsgeschick. Was f\u00fcr die Planung wichtig ist und wie Sie f\u00fcr Abwechslung sorgen, erfahren Sie beim Weiterlesen.<\/p>\n<\/div><\/section><\/p><\/div>\n<style type=\"text\/css\" data-created_by=\"avia_inline_auto\" id=\"style-css-av-swqf9-6bb490ea0cbb171c9d159bb967226129\">\n.flex_column.av-swqf9-6bb490ea0cbb171c9d159bb967226129{\nborder-radius:0px 0px 0px 0px;\npadding:20px 20px 20px 20px;\nbackground-color:#f2f2f2;\n}\n<\/style>\n<div  class='flex_column av-swqf9-6bb490ea0cbb171c9d159bb967226129 av_three_fifth  avia-builder-el-10  el_after_av_one_full  el_before_av_two_fifth  first flex_column_div  column-top-margin'     ><style type=\"text\/css\" data-created_by=\"avia_inline_auto\" id=\"style-css-av-jkuua5r2-26aacafcf32943ff9bfc4af71f6ef736\">\n#top .av_textblock_section.av-jkuua5r2-26aacafcf32943ff9bfc4af71f6ef736 .avia_textblock{\nfont-size:14px;\n}\n<\/style>\n<section  class='av_textblock_section av-jkuua5r2-26aacafcf32943ff9bfc4af71f6ef736 '  ><div class='avia_textblock' ><p><strong>Inhalt<\/strong><\/p>\n<p><strong><a href=\"#1\">1. Sommerfest im Kindergarten: Ein Highlight im Jahreskreis <\/a><\/strong><\/p>\n<p><strong><a href=\"#2\">2. 27 Spiele &amp; Aktionen f\u00fcr ein gelungenes Sommerfest<\/a><\/strong><\/p>\n<p><strong><a href=\"#3\">3. Motto-Ideen f\u00fcr das Sommerfest<\/a><\/strong><\/p>\n<p><strong><a href=\"#4\">4. Das B\u00fcfett ruft: Essen und Trinken<\/a><\/strong><\/p>\n<p><strong><a href=\"#5\">5. Checkliste: Diese Punkte sollten Sie bei der Planung abhaken<\/a><\/strong><\/p>\n<\/div><\/section><\/div><\/p>\n\n<style type=\"text\/css\" data-created_by=\"avia_inline_auto\" id=\"style-css-av-2532d-6e1ea05e25305745634c0a02c87dc827\">\n.flex_column.av-2532d-6e1ea05e25305745634c0a02c87dc827{\nborder-radius:0px 0px 0px 0px;\npadding:0 0 0 0;\n}\n<\/style>\n<div  class='flex_column av-2532d-6e1ea05e25305745634c0a02c87dc827 av_two_fifth  avia-builder-el-12  el_after_av_three_fifth  el_before_av_sidebar  flex_column_div av-zero-column-padding  column-top-margin'     ><\/div>\n<div  class='avia-builder-widget-area clearfix  avia-builder-el-13  el_after_av_two_fifth  el_before_av_one_full '><div id=\"text-33\" class=\"widget clearfix widget_text\">\t\t\t<div class=\"textwidget\"><p><a href=\"https:\/\/www.backwinkel.de\/nachhaltig-denken\/\" target=\"\\_blank\" rel=\"noopener\"><br \/>\n<img decoding=\"async\" class=\"werbung-desktop alignnone wp-image-4186 size-full\" src=\"https:\/\/www.backwinkel.de\/blog\/wp-content\/uploads\/2026\/04\/Backwinkel-blog-werbebanner-shop-kita-schule_desktop.jpg\" alt=\"\" width=\"1251\" height=\"201\" \/><br \/>\n<\/a><br \/>\n<a href=\"https:\/\/www.backwinkel.de\/nachhaltig-denken\/\" target=\"\\_blank\" rel=\"noopener\"><br \/>\n<img decoding=\"async\" class=\"werbung-mobile alignnone wp-image-4187 size-full\" src=\"https:\/\/www.backwinkel.de\/blog\/wp-content\/uploads\/2026\/04\/Backwinkel-blog-werbebanner-shop-kiga-schule_mobile.jpg\" alt=\"\" width=\"550\" height=\"500\" \/><br \/>\n<\/a><\/p>\n<\/div>\n\t\t<\/div><\/div>\n\n<style type=\"text\/css\" data-created_by=\"avia_inline_auto\" id=\"style-css-av-hh5al-9c53459d093ff912fcc98cf97e19d753\">\n.flex_column.av-hh5al-9c53459d093ff912fcc98cf97e19d753{\nborder-radius:0px 0px 0px 0px;\npadding:0px 0px 0px 0px;\n}\n<\/style>\n<div  class='flex_column av-hh5al-9c53459d093ff912fcc98cf97e19d753 av_one_full  avia-builder-el-14  el_after_av_sidebar  el_before_av_one_full  first flex_column_div av-zero-column-padding  '     ><section  class='av_textblock_section av-jkuul0eg-c00477a45633ba2b4da6d6a6ea3aa3db '  ><div class='avia_textblock' >\n<style type=\"text\/css\" data-created_by=\"avia_inline_auto\" id=\"style-css-av-7c7r8-1ad3209b7b9ea9c60cc97e362d76ea5e\">\n#top .hr.hr-invisible.av-7c7r8-1ad3209b7b9ea9c60cc97e362d76ea5e{\nheight:20px;\n}\n<\/style>\n<div  class='hr av-7c7r8-1ad3209b7b9ea9c60cc97e362d76ea5e hr-invisible  avia-builder-el-16  avia-builder-el-no-sibling '><span class='hr-inner '><span class=\"hr-inner-style\"><\/span><\/span><\/div>\n<h2 id=\"1\" class=\"position\">Sommerfest im Kindergarten: Ein Highlight im Jahreskreis<\/h2>\n<p>Erinnern Sie sich, wann Sie Ihr erstes Stockbrot gegessen haben? Das war doch bestimmt auf dem Kindergarten-Sommerfest und sicherlich ein tolles Erlebnis. Auch f\u00fcr Ihre Kinder geh\u00f6rt dieses Fest sicher zu den absoluten Highlights im Jahr. Die Eltern sind eingeladen und alle feiern gemeinsam. Zudem ist so ein Sommerfest auch eine tolle Gelegenheit, sich gegenseitig kennenzulernen.<\/p>\n<p>Der Jahreskreis im Kindergartenjahr schlie\u00dft sich im Sommer mit dem Sommerfest. Die Ferienzeit steht an, und dann starten die Vorschulkinder in einen neuen Lebensabschnitt. Ein sch\u00f6nes Fest pr\u00e4gt die Erinnerung der Kinder an ihre Kindergartenzeit. Deshalb ist das Sommerfest im Kindergarten f\u00fcr alle ein besonderes Ereignis.<\/p>\n<\/div><\/section><\/div>\n\n<style type=\"text\/css\" data-created_by=\"avia_inline_auto\" id=\"style-css-av-hh5al-33-f0fb9cb2548a3400a117d71e0f43c4a7\">\n.flex_column.av-hh5al-33-f0fb9cb2548a3400a117d71e0f43c4a7{\nborder-radius:0px 0px 0px 0px;\npadding:0px 0px 0px 0px;\n}\n<\/style>\n<div  class='flex_column av-hh5al-33-f0fb9cb2548a3400a117d71e0f43c4a7 av_one_full  avia-builder-el-17  el_after_av_one_full  el_before_av_hr  first flex_column_div av-zero-column-padding  column-top-margin'     ><style type=\"text\/css\" data-created_by=\"avia_inline_auto\" id=\"style-css-av-jqz83eqo-f253f701a8e55fa58e88113f09661bf3\">\n.av_promobox.av-jqz83eqo-f253f701a8e55fa58e88113f09661bf3{\ncolor:#575757;\nbackground:#ffffff;\nborder-color:#575757;\n}\n<\/style>\n<div  class='av_promobox av-jqz83eqo-f253f701a8e55fa58e88113f09661bf3 avia-button-no  avia-builder-el-18  avia-builder-el-no-sibling '><div class='avia-promocontent'><p>\n<strong>Das Kindergarten-Sommerfest in der Waldorfp\u00e4dagogik<\/strong>:<br \/>\nDas Sommerfest wird in Waldorf-Einrichtungen \u00fcblicherweise am Johannistag, dem Tag der Sommersonnenwende am 24. Juni gefeiert. Mit diesem Sonnenfest am hellsten Tag des Jahres feiern Menschen von alters her das belebende und kraftspendende Licht. Die Johannisbeere und das Johanniskraut gelten als Symbole f\u00fcr diesen Festtag. Als H\u00f6hepunkt der Johanni-Zeit wird das Sommerfest im Kindergarten gemeinsam mit den Familien im Garten gefeiert. Die Kinder kommen mit Blumenkr\u00e4nzen geschm\u00fcckt zum Fest.<\/p>\n<\/div><\/div><\/div>\n\n<style type=\"text\/css\" data-created_by=\"avia_inline_auto\" id=\"style-css-av-jl6mo8rj-34-0132e3d1f260af6a843df2ab2fab2497\">\n#top .hr.hr-invisible.av-jl6mo8rj-34-0132e3d1f260af6a843df2ab2fab2497{\nheight:40px;\n}\n<\/style>\n<div  class='hr av-jl6mo8rj-34-0132e3d1f260af6a843df2ab2fab2497 hr-invisible  avia-builder-el-19  el_after_av_one_full  el_before_av_textblock '><span class='hr-inner '><span class=\"hr-inner-style\"><\/span><\/span><\/div>\n<section  class='av_textblock_section av-jkuul0eg-32-7ba8de6db9e4d8172b7dc76ef32ea5b2 '  ><div class='avia_textblock' >\n<style type=\"text\/css\" data-created_by=\"avia_inline_auto\" id=\"style-css-av-7c7r8-31-29c5359869adade04410c26c3d9a7c1a\">\n#top .hr.hr-invisible.av-7c7r8-31-29c5359869adade04410c26c3d9a7c1a{\nheight:20px;\n}\n<\/style>\n<div  class='hr av-7c7r8-31-29c5359869adade04410c26c3d9a7c1a hr-invisible  avia-builder-el-21  el_before_av_hr  avia-builder-el-first '><span class='hr-inner '><span class=\"hr-inner-style\"><\/span><\/span><\/div>\n<h2 id=\"2\" class=\"position\">27 Spiele &amp; Aktionen f\u00fcr ein gelungenes Sommerfest im Kindergarten<\/h2>\n<p>Ein besonderer Tag braucht nat\u00fcrlich besondere Erlebnisse. Eine gute Vorbereitung ist dabei das Wichtigste. <strong>Zuerst sammeln Sie Ideen f\u00fcr Spiele und Besch\u00e4ftigungen.<\/strong> Dabei k\u00f6nnen Sie auf die Erfahrungen fr\u00fcherer Jahre zur\u00fcckgreifen, denn was f\u00fcr Sie altbekannt ist, spielen Ihre Kinder vielleicht zum ersten Mal. Gr\u00f6\u00dften Spa\u00df bringen Spiele und Wettbewerbe, bei denen auch die Erwachsenen mitmachen k\u00f6nnen.<\/p>\n<p><strong>Diese Spiele begeistern Kleine und Gro\u00dfe:<\/strong><\/p>\n<ul>\n<li><a href=\"https:\/\/www.backwinkel.de\/soft-dosenwerfen.html\" target=\"_blank\" rel=\"noopener\">Dosenwerfen<\/a><\/li>\n<li>Torwandschie\u00dfen<\/li>\n<li><a href=\"https:\/\/www.backwinkel.de\/huepfsack.html\" target=\"_blank\" rel=\"noopener\">Sackh\u00fcpfen<\/a><\/li>\n<li>Eierlauf<\/li>\n<li>Schubkarren-Geschicklichkeitslauf<\/li>\n<li><a href=\"https:\/\/www.backwinkel.de\/multifunktions-tau.html\" target=\"_blank\" rel=\"noopener\">Tauziehen<\/a><\/li>\n<li><a href=\"https:\/\/www.backwinkel.de\/leitergolf.html\" target=\"_blank\" rel=\"noopener\">Leitergolf<\/a><\/li>\n<li>Papierschmetterlinge fangen<\/li>\n<li>Wattepusten<\/li>\n<li><a href=\"https:\/\/www.backwinkel.de\/dreibein-gurt.html\" target=\"_blank\" rel=\"noopener\">Dreibein-Lauf<\/a><\/li>\n<li>Kissenweitwurf<\/li>\n<li>Labyrinthbegehung<\/li>\n<li>Angelspiele mit Wasser<\/li>\n<li>Bobby-Car-Parcours<\/li>\n<\/ul>\n<p>Das Sommerfest im Kindergarten sollte immer auch etwas Sensationelles bieten. Das k\u00f6nnen neue Wett- und Bewegungsspiele sein, die Ihre Kinder selten oder vielleicht noch nie gespielt haben. Oder Sie bereiten gemeinsame Aktionen vor, die unvergessliche Erlebnisse schaffen.<\/p>\n\n<style type=\"text\/css\" data-created_by=\"avia_inline_auto\" id=\"style-css-av-2j0dpj-be1f6851a699c0d222727a3b30d1d9cd\">\n#top .hr.hr-invisible.av-2j0dpj-be1f6851a699c0d222727a3b30d1d9cd{\nheight:10px;\n}\n<\/style>\n<div  class='hr av-2j0dpj-be1f6851a699c0d222727a3b30d1d9cd hr-invisible  avia-builder-el-22  el_after_av_hr  avia-builder-el-last '><span class='hr-inner '><span class=\"hr-inner-style\"><\/span><\/span><\/div>\n<p><strong>Diese Aktionen kommen richtig gut an:<\/strong><\/p>\n<ul>\n<li><a href=\"https:\/\/www.backwinkel.de\/komplett-schmink-set.html\" target=\"_blank\" rel=\"noopener\">Kinderschminken<\/a><\/li>\n<li>Stockbrot backen am Lagerfeuer<\/li>\n<li>ein Clown, der jonglieren kann<\/li>\n<li>aus Luftballons Tierfiguren knoten<\/li>\n<li>eine H\u00fcpfburg<\/li>\n<li>ein (geschenktes) altes Auto bemalen<\/li>\n<li>Wasserballons<\/li>\n<li>Trampolinspringen<\/li>\n<li>gro\u00dfe Seifenblasenringe<\/li>\n<li><a href=\"https:\/\/www.backwinkel.de\/barfusspfade\/\" target=\"_blank\" rel=\"noopener\">Barfu\u00df-Pfad<\/a><\/li>\n<li>versteckte Edelsteine im Sand finden<\/li>\n<li>Gl\u00fccksrad mit Tombola<\/li>\n<li>Kinderflohmarkt<\/li>\n<li><a href=\"https:\/\/www.backwinkel.de\/strassenmalkreide.html\" target=\"_blank\" rel=\"noopener\">Stra\u00dfenmalkreide<\/a><\/li>\n<\/ul>\n<\/div><\/section>\n\n<style type=\"text\/css\" data-created_by=\"avia_inline_auto\" id=\"style-css-av-hh5al-30-6140df062ea49b25dfca8d66a042de90\">\n.flex_column.av-hh5al-30-6140df062ea49b25dfca8d66a042de90{\nborder-radius:0px 0px 0px 0px;\npadding:0px 0px 0px 0px;\n}\n<\/style>\n<div  class='flex_column av-hh5al-30-6140df062ea49b25dfca8d66a042de90 av_one_full  avia-builder-el-23  el_after_av_textblock  el_before_av_one_full  first flex_column_div av-zero-column-padding  column-top-margin'     ><section  class='av_textblock_section av-jkuul0eg-29-62a7ed2b8ee6d71de7afc06542d3afe7 '  ><div class='avia_textblock' >\n<style type=\"text\/css\" data-created_by=\"avia_inline_auto\" id=\"style-css-av-7c7r8-28-5f61972ed3b25a432a11b1c86633b29c\">\n#top .hr.hr-invisible.av-7c7r8-28-5f61972ed3b25a432a11b1c86633b29c{\nheight:20px;\n}\n<\/style>\n<div  class='hr av-7c7r8-28-5f61972ed3b25a432a11b1c86633b29c hr-invisible  avia-builder-el-25  avia-builder-el-no-sibling '><span class='hr-inner '><span class=\"hr-inner-style\"><\/span><\/span><\/div>\n<h2 id=\"3\" class=\"position\">Motto-Ideen f\u00fcr das Sommerfest im Kindergarten<\/h2>\n<p>Am besten w\u00e4hlen Sie ein thematisches Motto f\u00fcr Ihr Sommerfest. Mottofeste geben einen guten Rahmen und sorgen f\u00fcr Abwechslung. Wenn Sie ein Jahresthema im Kindergarten haben, ist das Mottofest daf\u00fcr der kr\u00f6nende Abschluss. Die folgenden <strong>5 Motto-Ideen<\/strong> haben sich in vielen Kinderg\u00e4rten bew\u00e4hrt.<\/p>\n<ol>\n<li><strong> Zirkus:<\/strong> Ein Motto, das die Herzen kleiner Akrobaten h\u00f6herschlagen l\u00e4sst. Schm\u00fccken Sie die \u201eZirkusarena\u201c in Ihren Au\u00dfenbereich mit bunten Wimpeln, F\u00e4hnchen und Lichterketten. Die Kinder k\u00f6nnen sich verkleiden und tolle Kunstst\u00fccke vorf\u00fchren. Mit Reifen und Seilen gestalten Sie einen Parcours zum Balancieren. Laden Sie auch einen Clown ein, der die G\u00e4ste zum Lachen bringt, oder einen Zauberer, der mit seinen Tricks f\u00fcr gro\u00dfes Staunen sorgt.<\/li>\n<li><strong> Handwerker:<\/strong> Tauchen Sie mit den Kindern und allen G\u00e4sten in die Welt der Handwerker ein. Das Motto bietet einen guten Rahmen f\u00fcr viele Ideen, die bei Klein und Gro\u00df f\u00fcr Spa\u00df sorgen. Bauen Sie Stationen auf, an denen man h\u00e4mmern, s\u00e4gen, anstreichen oder T\u00fcrme aufstapeln kann. Das Lied \u201eWer will flei\u00dfige Handwerker sehn?\u201c passt super dazu.<\/li>\n<li><strong> Reise um die Welt:<\/strong> Bestimmt sind auch in Ihrem Kindergarten Kinder aus verschieden Kulturen. Mit einem internationalen Fest dr\u00fccken Sie ihnen und ihren Familien besondere Wertsch\u00e4tzung aus. Bitten Sie die Eltern um Mithilfe, sei es f\u00fcr das B\u00fcfett mit vielf\u00e4ltigen K\u00f6stlichkeiten, f\u00fcr landestypische Spiele oder kleine musikalische Beitr\u00e4ge.<\/li>\n<li><strong> Kinder-Olympiade:<\/strong> Was w\u00e4re ein Sommerfest im Kindergarten ohne Bewegungsspiele, bei denen kleine Preise winken? Hier kommen die klassischen Wettspiele super an. Bauen Sie Stationen auf f\u00fcr verschiedene Bewegungsarten wie z. B. Sackh\u00fcpfen, Dreibein-Partnerlauf, Balancier-Parcours, Tauziehen, Slalom-Dribbeln, Dosenwerfen \u2013 ein gro\u00dfer Spa\u00df f\u00fcr Kinder und Eltern. F\u00fcr die Gewinner sollten Sie kleine Geschenke bereithalten. <strong>Tipp:<\/strong> Weitere tolle Ideen finden Sie in unserem Blogartikel zum Thema <a href=\"https:\/\/blog.backwinkel.de\/bewegungsspiele\/\" target=\"_blank\" rel=\"noopener\">Bewegungsspiele<\/a>.<\/li>\n<li><strong> Sommer-Hip-Hop:<\/strong> Ein Motto, das den Sommer und den Sonnenschein feiert, mit Spielen, Tanz und Musik. Schm\u00fccken Sie beispielsweise einen Baum mit bunten B\u00e4ndern. An einem hei\u00dfen Sommertag kommen alle G\u00e4ste im luftigen Strand-Outfit zum Fest. Ein Eisstand und jede Menge Luftballons (nat\u00fcrlich aus nachhaltigem Material wie Naturkautschuk) geh\u00f6ren selbstverst\u00e4ndlich dazu. Es gibt viele Lieder, die zum Motto passen, nat\u00fcrlich der Klassiker \u201eTrarira, der Sommer, der ist da\u201c, aber auch moderne Lieder wie z. B. \u201eHallo Sonne, alles klar?\u201c, das Kinderlied \u201eSonnenkind\u201c von Nico Bizer oder das Tanzlied \u201eSommer-Hip-Hop\u201c der Kitakiste \u2013 wie gemacht f\u00fcrs Gute-Laune-Feeling.<\/li>\n<\/ol>\n<p><strong>Weitere Ideen f\u00fcr gelungene Mottofeste: <\/strong><\/p>\n<ul>\n<li>Welt der Ritter<\/li>\n<li>M\u00e4rchen und Zauberwald<\/li>\n<li>Fit for Fun<\/li>\n<li>Regenbogen<\/li>\n<li>Bauernhof<\/li>\n<li>Sommerfest der Sinne<\/li>\n<\/ul>\n<p>F\u00fcr die Kleinsten ist ein <strong>Sommerfest der Sinne<\/strong> ideal. Gestalten Sie einen Sinnesparcours, bei dem Kinder und Erwachsene Sinneserfahrungen bewusst wahrnehmen.<\/p>\n<p>1. Station: \u201eF\u00fchlen\u201c mit Materialien, die Lust aufs Anfassen machen, z. B. Heu, Watte, Holzwolle, Rasierschaum, Handt\u00fccher.<br \/>\n2. Station: \u201eSchnuppern\u201c mit blickdichten Schraubdeckelgl\u00e4sern, die mit verschiedenem Inhalt, z. B. Banane, Minze, Vanille, Orange zum D\u00fcfte-Raten einladen.<br \/>\n3. Station: \u201eBalancieren\u201c, z. B. auf einem Wackelbrett, im Slalompfad oder mit Tennisb\u00e4llen auf einem gro\u00dfen L\u00f6ffel.<br \/>\n4. Station: \u201eSchauen\u201c mit Dingen, die visuell faszinieren, z. B. Seifenblasen, Spiegel, Lupen, Farbfilter, Kaleidoskop.<br \/>\n5. Station: \u201eLauschen\u201c mit Dosentelefon, sanfter Musik, Vogelgezwitscher, Ger\u00e4uschen und Tierstimmen zum Raten.<\/p>\n<\/div><\/section><\/div>\n\n<style type=\"text\/css\" data-created_by=\"avia_inline_auto\" id=\"style-css-av-jlnt0i5o-f236c614a826fac7ad43fe988a87cef0\">\n.flex_column.av-jlnt0i5o-f236c614a826fac7ad43fe988a87cef0{\nborder-radius:0px 0px 0px 0px;\npadding:10px 10px 10px 10px;\nbackground-color:#e0f1b4;\n}\n<\/style>\n<div  class='flex_column av-jlnt0i5o-f236c614a826fac7ad43fe988a87cef0 av_one_full  avia-builder-el-26  el_after_av_one_full  el_before_av_one_full  first flex_column_div av-animated-generic fade-in  column-top-margin'     ><style type=\"text\/css\" data-created_by=\"avia_inline_auto\" id=\"style-css-av-jkuvcso3-08620656ce896494583871f637affeaa\">\n#top .av_textblock_section.av-jkuvcso3-08620656ce896494583871f637affeaa .avia_textblock{\nfont-size:18px;\n}\n<\/style>\n<section  class='av_textblock_section av-jkuvcso3-08620656ce896494583871f637affeaa '  ><div class='avia_textblock' ><p><strong>Tipp:<\/strong> Lassen Sie sich von unseren vielen tollen Produkten zum Thema <a href=\"https:\/\/www.backwinkel.de\/sinneswahrnehmung\/\" target=\"_blank\" rel=\"noopener\">Sinneswahrnehmung<\/a> inspirieren.<\/p>\n<\/div><\/section><\/div>\n\n<style type=\"text\/css\" data-created_by=\"avia_inline_auto\" id=\"style-css-av-hh5al-27-92890c9f1131781ce682f676d0bbca76\">\n.flex_column.av-hh5al-27-92890c9f1131781ce682f676d0bbca76{\nborder-radius:0px 0px 0px 0px;\npadding:0px 0px 0px 0px;\n}\n<\/style>\n<div  class='flex_column av-hh5al-27-92890c9f1131781ce682f676d0bbca76 av_one_full  avia-builder-el-28  el_after_av_one_full  el_before_av_one_full  first flex_column_div av-zero-column-padding  column-top-margin'     ><section  class='av_textblock_section av-jkuul0eg-26-47e11e7fa189ea6c70fb6ac2993af16a '  ><div class='avia_textblock' >\n<style type=\"text\/css\" data-created_by=\"avia_inline_auto\" id=\"style-css-av-7c7r8-25-9e3476f5ee29a11fc8f82e0d3fa6da41\">\n#top .hr.hr-invisible.av-7c7r8-25-9e3476f5ee29a11fc8f82e0d3fa6da41{\nheight:20px;\n}\n<\/style>\n<div  class='hr av-7c7r8-25-9e3476f5ee29a11fc8f82e0d3fa6da41 hr-invisible  avia-builder-el-30  avia-builder-el-no-sibling '><span class='hr-inner '><span class=\"hr-inner-style\"><\/span><\/span><\/div>\n<h2 id=\"4\" class=\"position\">Das B\u00fcfett ruft: Essen und Trinken<\/h2>\n<p>Kulinarisches geh\u00f6rt nat\u00fcrlich zu jedem Sommerfest im Kindergarten. Grillen ist der Klassiker, aber auch ein buntes internationales B\u00fcfett kommt immer gut an. Fingerfood ist dabei sehr praktisch. Vor allem sind ausreichend Getr\u00e4nke wichtig, damit bei Sommerhitze alle gut versorgt sind.<\/p>\n<p>Die Eltern k\u00f6nnen selbst gemachte Salate oder Kuchen stiften. H\u00e4ngen Sie rechtzeitig Listen an den Gruppen aus, in die jeder eintr\u00e4gt, was er oder sie zum B\u00fcfett beisteuern m\u00f6chte. Sie k\u00f6nnen auch St\u00e4nde aufbauen, an denen Waffeln oder Cr\u00eapes frisch zubereitet werden. Und der Abwasch? Organisieren Sie ihn vorher gruppenweise oder greifen Sie auf nachhaltiges, kompostierbares Einweggeschirr zur\u00fcck. Am umweltschonendsten ist es, wenn jede Familie einfach ihr eigenes Geschirr und Besteck mitbringt, das sie schlie\u00dflich wieder mit nach Hause nimmt.<\/p>\n<\/div><\/section><\/div>\n\n<style type=\"text\/css\" data-created_by=\"avia_inline_auto\" id=\"style-css-av-jlnt0i5o-24-138f9a0b4cd20d859506631e6edc8788\">\n.flex_column.av-jlnt0i5o-24-138f9a0b4cd20d859506631e6edc8788{\nborder-radius:0px 0px 0px 0px;\npadding:10px 10px 10px 10px;\nbackground-color:#e0f1b4;\n}\n<\/style>\n<div  class='flex_column av-jlnt0i5o-24-138f9a0b4cd20d859506631e6edc8788 av_one_full  avia-builder-el-31  el_after_av_one_full  el_before_av_one_full  first flex_column_div  column-top-margin'     ><style type=\"text\/css\" data-created_by=\"avia_inline_auto\" id=\"style-css-av-jkuvcso3-23-3cfbb986e76229fee51cb6b552638756\">\n#top .av_textblock_section.av-jkuvcso3-23-3cfbb986e76229fee51cb6b552638756 .avia_textblock{\nfont-size:18px;\n}\n<\/style>\n<section  class='av_textblock_section av-jkuvcso3-23-3cfbb986e76229fee51cb6b552638756 '  ><div class='avia_textblock' ><p><strong>Wichtig: <\/strong>Nach der Lebensmittelinformationsverordnung (LMIV) von 2014 m\u00fcssen auch bei Gemeinschaftsveranstaltungen wie Kita-Feiern die m\u00f6glichen 14 Allergene sowie die Fleischarten gekennzeichnet werden. Halten Sie am besten mit der Kita-Leitung R\u00fccksprache.<\/p>\n<\/div><\/section><\/div>\n\n<style type=\"text\/css\" data-created_by=\"avia_inline_auto\" id=\"style-css-av-hh5al-22-ffcfec0658e823b2fde141e642541932\">\n.flex_column.av-hh5al-22-ffcfec0658e823b2fde141e642541932{\nborder-radius:0px 0px 0px 0px;\npadding:0px 0px 0px 0px;\n}\n<\/style>\n<div  class='flex_column av-hh5al-22-ffcfec0658e823b2fde141e642541932 av_one_full  avia-builder-el-33  el_after_av_one_full  el_before_av_one_full  first flex_column_div av-zero-column-padding  column-top-margin'     ><section  class='av_textblock_section av-jkuul0eg-21-af1585334fb319b6126edc5813bdf889 '  ><div class='avia_textblock' >\n<style type=\"text\/css\" data-created_by=\"avia_inline_auto\" id=\"style-css-av-7c7r8-20-6cefff928e3d31e56e1b251e62e29591\">\n#top .hr.hr-invisible.av-7c7r8-20-6cefff928e3d31e56e1b251e62e29591{\nheight:20px;\n}\n<\/style>\n<div  class='hr av-7c7r8-20-6cefff928e3d31e56e1b251e62e29591 hr-invisible  avia-builder-el-35  avia-builder-el-no-sibling '><span class='hr-inner '><span class=\"hr-inner-style\"><\/span><\/span><\/div>\n<h2 id=\"5\" class=\"position\">Checkliste: Diese Punkte sollten Sie bei der Planung abhaken<\/h2>\n<p>Eine wichtige Frage der Organisation ist: <strong>Wo gibt es Unterst\u00fctzung?<\/strong> Aktive Hilfe von Eltern ist f\u00fcr ein gelungenes Sommerfest mehr als willkommen. Viele Eltern sind sehr gerne dazu bereit. Idealerweise bildet sich ein Festkomitee, das die Aktivit\u00e4ten mit Rat und Tat bereits im Vorfeld koordiniert.<\/p>\n<p>Bei gr\u00f6\u00dferen Aktionen stellt sich nat\u00fcrlich auch die finanzielle Frage: Passt das in unser Budget? <strong>Sprechen Sie Firmen in der Umgebung an.<\/strong> Viele stiften gerne nette Geschenke f\u00fcr das Sommerfest im Kindergarten. Auch \u00f6rtliche Vereine, die Sparkasse oder die Tageszeitung beteiligen sich oft bereitwillig, sei es durch kleine Geschenke oder Ausleihen von Spielger\u00e4ten.<\/p>\n<p>Hier einige Beispiele f\u00fcr tatkr\u00e4ftige Unterst\u00fctzung:<\/p>\n<ul>\n<li>Die \u00f6rtliche Feuerwehr stellt Biertischgarnituren zur Verf\u00fcgung.<\/li>\n<li>Der Elternbeirat organisiert die Verk\u00f6stigung vom Grill, das Kuchenb\u00fcfett und ein Sp\u00fclmobil.<\/li>\n<li>Handwerklich versierte Eltern bauen selbst ein Gl\u00fccksrad nach Anleitung aus dem Internet.<\/li>\n<li>Eine Firma stiftet kleine Geschenke als Preise f\u00fcr die Tombola.<\/li>\n<li>Der Fu\u00dfballverein leiht Fu\u00dfb\u00e4lle und eine Torwand aus.<\/li>\n<\/ul>\n<\/div><\/section><\/div>\n\n<style type=\"text\/css\" data-created_by=\"avia_inline_auto\" id=\"style-css-av-hh5al-18-8d44ed9080475bc333e749da47b5d0c8\">\n.flex_column.av-hh5al-18-8d44ed9080475bc333e749da47b5d0c8{\nborder-radius:0px 0px 0px 0px;\npadding:0px 0px 0px 0px;\n}\n<\/style>\n<div  class='flex_column av-hh5al-18-8d44ed9080475bc333e749da47b5d0c8 av_one_full  avia-builder-el-36  el_after_av_one_full  el_before_av_one_full  first flex_column_div av-zero-column-padding  column-top-margin'     ><section  class='av_textblock_section av-jkuul0eg-17-3e7163a435a01b6f5ef12ed98583b0d5 '  ><div class='avia_textblock' ><p>Die Checkliste hilft Ihnen, den \u00dcberblick zu behalten, damit bei der Planung dieses besonderen Tages nichts vergessen wird. Hier k\u00f6nnen Sie fortlaufend eintragen, was bei der Vorbereitung ansteht und wie der Ablauf gestaltet werden soll \u2013 f\u00fcr ein rundum sch\u00f6nen Sommerfest, das alle gemeinsam genie\u00dfen.<\/p>\n<p><a href=\"https:\/\/blog.backwinkel.de\/wp-content\/uploads\/2019\/03\/backwinkel-blog-checkliste-sommerfest.jpg\"><img decoding=\"async\" class=\"alignnone wp-image-2841\" title=\"BACKWINKEL-Wasserkreislauf-\u00dcbungsblatt-5\" src=\"https:\/\/blog.backwinkel.de\/wp-content\/uploads\/2019\/03\/backwinkel-blog-checkliste-sommerfest.jpg\" alt=\"\" width=\"354\" height=\"501\" srcset=\"https:\/\/www.backwinkel.de\/blog\/wp-content\/uploads\/2019\/03\/backwinkel-blog-checkliste-sommerfest.jpg 595w, https:\/\/www.backwinkel.de\/blog\/wp-content\/uploads\/2019\/03\/backwinkel-blog-checkliste-sommerfest-212x300.jpg 212w, https:\/\/www.backwinkel.de\/blog\/wp-content\/uploads\/2019\/03\/backwinkel-blog-checkliste-sommerfest-498x705.jpg 498w, https:\/\/www.backwinkel.de\/blog\/wp-content\/uploads\/2019\/03\/backwinkel-blog-checkliste-sommerfest-450x637.jpg 450w\" sizes=\"(max-width: 354px) 100vw, 354px\" \/><\/a><\/p>\n<div  class='avia-button-wrap av-2lejax-5b340e0fcfcd415a63a7db5a0c5415f1-wrap avia-button-left  avia-builder-el-38  avia-builder-el-no-sibling '><a href='https:\/\/www.backwinkel.de\/downloads\/backwinkel-blog-checkliste-kiga-sommerfest.pdf'  class='avia-button av-2lejax-5b340e0fcfcd415a63a7db5a0c5415f1 av-link-btn avia-icon_select-no avia-size-large avia-position-left avia-color-theme-color'  target=\"_blank\"  rel=\"noopener noreferrer\"  aria-label=\"Download Checkliste \u201eKindergarten-Sommerfest\u201c\"><span class='avia_iconbox_title' >Download Checkliste \u201eKindergarten-Sommerfest\u201c<\/span><\/a><\/div>\n<\/div><\/section><\/div>\n\n<style type=\"text\/css\" data-created_by=\"avia_inline_auto\" id=\"style-css-av-2v5uhn-020e4117f71e46fc62c685221cd472f4\">\n.flex_column.av-2v5uhn-020e4117f71e46fc62c685221cd472f4{\nborder-radius:0px 0px 0px 0px;\npadding:0px 0px 0px 0px;\n}\n<\/style>\n<div  class='flex_column av-2v5uhn-020e4117f71e46fc62c685221cd472f4 av_one_full  avia-builder-el-39  el_after_av_one_full  el_before_av_one_fourth  first flex_column_div av-zero-column-padding  column-top-margin'     ><section  class='av_textblock_section av-jxcz48fa-e7ea4121fd10eaf4138072747e05618a '  ><div class='avia_textblock' >\n<style type=\"text\/css\" data-created_by=\"avia_inline_auto\" id=\"style-css-av-7c7r8-16-c30c4c7d83524c6c0d801deb089bba54\">\n#top .hr.hr-invisible.av-7c7r8-16-c30c4c7d83524c6c0d801deb089bba54{\nheight:20px;\n}\n<\/style>\n<div  class='hr av-7c7r8-16-c30c4c7d83524c6c0d801deb089bba54 hr-invisible  avia-builder-el-41  avia-builder-el-no-sibling '><span class='hr-inner '><span class=\"hr-inner-style\"><\/span><\/span><\/div>\n<h2>Empfehlungen:<\/h2>\n<\/div><\/section><\/div>\n<div class='flex_column_table av-jxcy3x4s-0e424f4b5ba52398abbfdaf530dfadad sc-av_one_fourth av-equal-height-column-flextable'>\n<style type=\"text\/css\" data-created_by=\"avia_inline_auto\" id=\"style-css-av-jxcy3x4s-0e424f4b5ba52398abbfdaf530dfadad\">\n.flex_column.av-jxcy3x4s-0e424f4b5ba52398abbfdaf530dfadad{\nborder-width:1px;\nborder-color:#ebebeb;\nborder-style:solid;\nborder-radius:0px 0px 0px 0px;\npadding:0px 0px 0px 0px;\nbackground-color:#eff6ff;\n}\n<\/style>\n<div  class='flex_column av-jxcy3x4s-0e424f4b5ba52398abbfdaf530dfadad av_one_fourth  avia-builder-el-42  el_after_av_one_full  el_before_av_one_fourth  first no_margin flex_column_table_cell av-equal-height-column av-align-top av-zero-column-padding  column-top-margin'     ><p><section  class='av_textblock_section av-jxcz48fa-15-31e46ef42e387752de78d257a0eaa44f '  ><div class='avia_textblock' ><p><a href=\"https:\/\/www.backwinkel.de\/komplett-schmink-set.html\"><img decoding=\"async\" class=\"wp-image-3484 size-full aligncenter\" src=\"https:\/\/blog.backwinkel.de\/wp-content\/uploads\/2019\/04\/schminkset.jpg\" alt=\"\" width=\"300\" height=\"220\" \/><\/a><\/p>\n<p style=\"font-size: 20px; font-family: urw_grotesk_extra_narrowrg;\">Komplett-Schmink-Set<\/p>\n<div  class='avia-button-wrap av-8ssthn-0bd3ff9815c849bd2f0a00aa1509da45-wrap avia-button-center  avia-builder-el-44  avia-builder-el-no-sibling '><a href='https:\/\/www.backwinkel.de\/komplett-schmink-set.html'  class='avia-button av-8ssthn-0bd3ff9815c849bd2f0a00aa1509da45 av-link-btn avia-icon_select-no avia-size-medium avia-position-center avia-color-theme-color'  target=\"_blank\"  rel=\"noopener noreferrer\"  aria-label=\"zum Produkt\"><span class='avia_iconbox_title' >zum Produkt<\/span><\/a><\/div>\n<\/div><\/section><br \/>\n\n<style type=\"text\/css\" data-created_by=\"avia_inline_auto\" id=\"style-css-av-jkuvdh82-5f294865d8dd1615da086c9fbef042e7\">\n#top .hr.hr-invisible.av-jkuvdh82-5f294865d8dd1615da086c9fbef042e7{\nheight:20px;\n}\n<\/style>\n<div  class='hr av-jkuvdh82-5f294865d8dd1615da086c9fbef042e7 hr-invisible  avia-builder-el-45  el_after_av_textblock  avia-builder-el-last '><span class='hr-inner '><span class=\"hr-inner-style\"><\/span><\/span><\/div><\/p><\/div>\n\n<style type=\"text\/css\" data-created_by=\"avia_inline_auto\" id=\"style-css-av-jxcy3x4s-14-c55cff716eb1efb64980bb092998d3d2\">\n.flex_column.av-jxcy3x4s-14-c55cff716eb1efb64980bb092998d3d2{\nborder-width:1px;\nborder-color:#ebebeb;\nborder-style:solid;\nborder-radius:0px 0px 0px 0px;\npadding:0px 0px 0px 0px;\nbackground-color:#eff6ff;\n}\n<\/style>\n<div  class='flex_column av-jxcy3x4s-14-c55cff716eb1efb64980bb092998d3d2 av_one_fourth  avia-builder-el-46  el_after_av_one_fourth  el_before_av_one_fourth  no_margin flex_column_table_cell av-equal-height-column av-align-top av-zero-column-padding  column-top-margin'     ><p><section  class='av_textblock_section av-jxcz48fa-13-824ef416d0828c886b42a39545a006e6 '  ><div class='avia_textblock' ><p><a href=\"https:\/\/www.backwinkel.de\/getraenkespender-27-liter.html\"><img decoding=\"async\" class=\"wp-image-3485 size-full aligncenter\" src=\"https:\/\/blog.backwinkel.de\/wp-content\/uploads\/2019\/04\/getraenkespender.jpg\" alt=\"\" width=\"300\" height=\"220\" \/><\/a><\/p>\n<p style=\"font-size: 20px; font-family: urw_grotesk_extra_narrowrg;\">Getr\u00e4nkespender, 27 Liter<\/p>\n<div  class='avia-button-wrap av-8ssthn-12-a5e691e4cd2dc2ed0ae6c31e5c4f9f30-wrap avia-button-center  avia-builder-el-48  avia-builder-el-no-sibling '><a href='https:\/\/www.backwinkel.de\/getraenkespender-27-liter.html'  class='avia-button av-8ssthn-12-a5e691e4cd2dc2ed0ae6c31e5c4f9f30 av-link-btn avia-icon_select-no avia-size-medium avia-position-center avia-color-theme-color'  target=\"_blank\"  rel=\"noopener noreferrer\"  aria-label=\"zum Produkt\"><span class='avia_iconbox_title' >zum Produkt<\/span><\/a><\/div>\n<\/div><\/section><br \/>\n\n<style type=\"text\/css\" data-created_by=\"avia_inline_auto\" id=\"style-css-av-jkuvdh82-11-bdef7d4d9f2f8c604e6c63fc0947a54b\">\n#top .hr.hr-invisible.av-jkuvdh82-11-bdef7d4d9f2f8c604e6c63fc0947a54b{\nheight:20px;\n}\n<\/style>\n<div  class='hr av-jkuvdh82-11-bdef7d4d9f2f8c604e6c63fc0947a54b hr-invisible  avia-builder-el-49  el_after_av_textblock  avia-builder-el-last '><span class='hr-inner '><span class=\"hr-inner-style\"><\/span><\/span><\/div><\/p><\/div>\n\n<style type=\"text\/css\" data-created_by=\"avia_inline_auto\" id=\"style-css-av-jxcy3x4s-10-fd3cce19997a32cfa8a3c1c528b10abd\">\n.flex_column.av-jxcy3x4s-10-fd3cce19997a32cfa8a3c1c528b10abd{\nborder-width:1px;\nborder-color:#ebebeb;\nborder-style:solid;\nborder-radius:0px 0px 0px 0px;\npadding:0px 0px 0px 0px;\nbackground-color:#eff6ff;\n}\n<\/style>\n<div  class='flex_column av-jxcy3x4s-10-fd3cce19997a32cfa8a3c1c528b10abd av_one_fourth  avia-builder-el-50  el_after_av_one_fourth  el_before_av_one_fourth  no_margin flex_column_table_cell av-equal-height-column av-align-top av-zero-column-padding  column-top-margin'     ><p><section  class='av_textblock_section av-jxcz48fa-9-763a2ed4ba6406fa3f72f7faf95c1af9 '  ><div class='avia_textblock' ><p><a href=\"https:\/\/www.backwinkel.de\/leitergolf.html\"><img decoding=\"async\" class=\"wp-image-3486 size-full aligncenter\" src=\"https:\/\/blog.backwinkel.de\/wp-content\/uploads\/2019\/04\/leitergolf.jpg\" alt=\"\" width=\"300\" height=\"220\" \/><\/a><\/p>\n<p style=\"font-size: 20px; font-family: urw_grotesk_extra_narrowrg;\">Leitergolf<\/p>\n<div  class='avia-button-wrap av-8ssthn-8-ee1bbca42063c38905f81d9505d67026-wrap avia-button-center  avia-builder-el-52  avia-builder-el-no-sibling '><a href='https:\/\/www.backwinkel.de\/leitergolf.html'  class='avia-button av-8ssthn-8-ee1bbca42063c38905f81d9505d67026 av-link-btn avia-icon_select-no avia-size-medium avia-position-center avia-color-theme-color'  target=\"_blank\"  rel=\"noopener noreferrer\"  aria-label=\"zum Produkt\"><span class='avia_iconbox_title' >zum Produkt<\/span><\/a><\/div>\n<\/div><\/section><br \/>\n\n<style type=\"text\/css\" data-created_by=\"avia_inline_auto\" id=\"style-css-av-jkuvdh82-7-53844eaee9dd915dfee2dce492bc6ef8\">\n#top .hr.hr-invisible.av-jkuvdh82-7-53844eaee9dd915dfee2dce492bc6ef8{\nheight:20px;\n}\n<\/style>\n<div  class='hr av-jkuvdh82-7-53844eaee9dd915dfee2dce492bc6ef8 hr-invisible  avia-builder-el-53  el_after_av_textblock  avia-builder-el-last '><span class='hr-inner '><span class=\"hr-inner-style\"><\/span><\/span><\/div><\/p><\/div>\n\n<style type=\"text\/css\" data-created_by=\"avia_inline_auto\" id=\"style-css-av-jxcy3x4s-6-ffe19efec9144737e2ece30bb2b869fd\">\n.flex_column.av-jxcy3x4s-6-ffe19efec9144737e2ece30bb2b869fd{\nborder-width:1px;\nborder-color:#ebebeb;\nborder-style:solid;\nborder-radius:0px 0px 0px 0px;\npadding:0px 0px 0px 0px;\nbackground-color:#eff6ff;\n}\n<\/style>\n<div  class='flex_column av-jxcy3x4s-6-ffe19efec9144737e2ece30bb2b869fd av_one_fourth  avia-builder-el-54  el_after_av_one_fourth  el_before_av_hr  no_margin flex_column_table_cell av-equal-height-column av-align-top av-zero-column-padding  column-top-margin'     ><p><section  class='av_textblock_section av-jxcz48fa-5-aae8dbb1ad9108e44c30b138db354738 '  ><div class='avia_textblock' ><p><a href=\"https:\/\/www.backwinkel.de\/huepfsack.html\"><img decoding=\"async\" class=\"wp-image-3487 size-full aligncenter\" src=\"https:\/\/blog.backwinkel.de\/wp-content\/uploads\/2019\/04\/huepfsack.jpg\" alt=\"\" width=\"300\" height=\"220\" \/><\/a><\/p>\n<p style=\"font-size: 20px; font-family: urw_grotesk_extra_narrowrg;\">H\u00fcpfsack<\/p>\n<div  class='avia-button-wrap av-8ssthn-4-e1ec6a3d80e5350bcbda1ede7eb7fb4c-wrap avia-button-center  avia-builder-el-56  avia-builder-el-no-sibling '><a href='https:\/\/www.backwinkel.de\/huepfsack.html'  class='avia-button av-8ssthn-4-e1ec6a3d80e5350bcbda1ede7eb7fb4c av-link-btn avia-icon_select-no avia-size-medium avia-position-center avia-color-theme-color'  target=\"_blank\"  rel=\"noopener noreferrer\"  aria-label=\"zum Produkt\"><span class='avia_iconbox_title' >zum Produkt<\/span><\/a><\/div>\n<\/div><\/section><br \/>\n\n<style type=\"text\/css\" data-created_by=\"avia_inline_auto\" id=\"style-css-av-jkuvdh82-3-d477559a1a9a376ca24f2fdb8a5dd9a5\">\n#top .hr.hr-invisible.av-jkuvdh82-3-d477559a1a9a376ca24f2fdb8a5dd9a5{\nheight:20px;\n}\n<\/style>\n<div  class='hr av-jkuvdh82-3-d477559a1a9a376ca24f2fdb8a5dd9a5 hr-invisible  avia-builder-el-57  el_after_av_textblock  avia-builder-el-last '><span class='hr-inner '><span class=\"hr-inner-style\"><\/span><\/span><\/div><\/p><\/div><\/div><!--close column table wrapper. Autoclose: 1 -->\n\n<style type=\"text\/css\" data-created_by=\"avia_inline_auto\" id=\"style-css-av-jskfj9bq-b54155d7ab1b67db19372c17ea24466a\">\n#top .hr.hr-invisible.av-jskfj9bq-b54155d7ab1b67db19372c17ea24466a{\nheight:60px;\n}\n<\/style>\n<div  class='hr av-jskfj9bq-b54155d7ab1b67db19372c17ea24466a hr-invisible  avia-builder-el-58  el_after_av_one_fourth  el_before_av_one_full '><span class='hr-inner '><span class=\"hr-inner-style\"><\/span><\/span><\/div>\n\n<style type=\"text\/css\" data-created_by=\"avia_inline_auto\" id=\"style-css-av-jley1l06-be8863a15e87d33f314fbd4b76b14014\">\n.flex_column.av-jley1l06-be8863a15e87d33f314fbd4b76b14014{\nborder-radius:0px 0px 0px 0px;\npadding:10px 10px 10px 10px;\nbackground-color:#f2f2f2;\n}\n<\/style>\n<div  class='flex_column av-jley1l06-be8863a15e87d33f314fbd4b76b14014 av_one_full  avia-builder-el-59  el_after_av_hr  el_before_av_one_full  first flex_column_div  '     ><section  class='av_textblock_section av-jkuvcso3-19-e5659fd5f05141cfd52494ddc266ac3b '  ><div class='avia_textblock' ><p><strong>Zum Weiterlesen<\/strong>:<\/p>\n<p>Edith G\u00e4tjen: Essensspa\u00df f\u00fcr kleine Kinder. Stuttgart (Trias) 2012.<\/p>\n<p>Petra Gutsmuths-Dietrich: Sommerfest der Sinne. Ideen f\u00fcr eine Feier in der Kita. In: Kleinstkinder in Kita und Tagespflege, Heft 3\/2011.<\/p>\n<p>Jenny H\u00fctter: Feste feiern im Kindergartenjahr. Kempen (BVK) 2015.<\/p>\n<p>Cordula Pertler, Eva Reuys: Kinder feiern Sommerfest. M\u00fcnchen (Don Bosco) 2004.<\/p>\n<\/div><\/section><\/div>\n\n<style type=\"text\/css\" data-created_by=\"avia_inline_auto\" id=\"style-css-av-1p82t-b0e9719fe6c67aa5c6d1abf813961e55\">\n.flex_column.av-1p82t-b0e9719fe6c67aa5c6d1abf813961e55{\nborder-radius:0px 0px 0px 0px;\npadding:0px 0px 0px 0px;\n}\n<\/style>\n<div  class='flex_column av-1p82t-b0e9719fe6c67aa5c6d1abf813961e55 av_one_full  avia-builder-el-61  el_after_av_one_full  avia-builder-el-last  first flex_column_div av-zero-column-padding  column-top-margin'     ><p><section  class='av_textblock_section av-jlp4hxqo-91baaad30cd61f89630d15f8561d1750 '  ><div class='avia_textblock' ><div class=\"shariff shariff-align-left shariff-widget-align-left\"><ul class=\"shariff-buttons theme-color orientation-horizontal buttonsize-medium\"><li class=\"shariff-button whatsapp shariff-nocustomcolor\" style=\"background-color:#5cbe4a\"><a href=\"https:\/\/api.whatsapp.com\/send?text=https%3A%2F%2Fwww.backwinkel.de%2Fblog%2Fsommerfest-kindergarten%2F%20Sommerfest%20im%20Kindergarten%3A\" title=\"Bei Whatsapp teilen\" aria-label=\"Bei Whatsapp teilen\" role=\"button\" rel=\"noopener nofollow\" class=\"shariff-link\" style=\"; background-color:#34af23; color:#fff\" target=\"_blank\"><span class=\"shariff-icon\" style=\"\"><svg width=\"32px\" height=\"20px\" xmlns=\"http:\/\/www.w3.org\/2000\/svg\" viewBox=\"0 0 32 32\"><path fill=\"#34af23\" d=\"M17.6 17.4q0.2 0 1.7 0.8t1.6 0.9q0 0.1 0 0.3 0 0.6-0.3 1.4-0.3 0.7-1.3 1.2t-1.8 0.5q-1 0-3.4-1.1-1.7-0.8-3-2.1t-2.6-3.3q-1.3-1.9-1.3-3.5v-0.1q0.1-1.6 1.3-2.8 0.4-0.4 0.9-0.4 0.1 0 0.3 0t0.3 0q0.3 0 0.5 0.1t0.3 0.5q0.1 0.4 0.6 1.6t0.4 1.3q0 0.4-0.6 1t-0.6 0.8q0 0.1 0.1 0.3 0.6 1.3 1.8 2.4 1 0.9 2.7 1.8 0.2 0.1 0.4 0.1 0.3 0 1-0.9t0.9-0.9zM14 26.9q2.3 0 4.3-0.9t3.6-2.4 2.4-3.6 0.9-4.3-0.9-4.3-2.4-3.6-3.6-2.4-4.3-0.9-4.3 0.9-3.6 2.4-2.4 3.6-0.9 4.3q0 3.6 2.1 6.6l-1.4 4.2 4.3-1.4q2.8 1.9 6.2 1.9zM14 2.2q2.7 0 5.2 1.1t4.3 2.9 2.9 4.3 1.1 5.2-1.1 5.2-2.9 4.3-4.3 2.9-5.2 1.1q-3.5 0-6.5-1.7l-7.4 2.4 2.4-7.2q-1.9-3.2-1.9-6.9 0-2.7 1.1-5.2t2.9-4.3 4.3-2.9 5.2-1.1z\"\/><\/svg><\/span><span class=\"shariff-text\">teilen<\/span>&nbsp;<\/a><\/li><li class=\"shariff-button facebook shariff-nocustomcolor\" style=\"background-color:#4273c8\"><a href=\"https:\/\/www.facebook.com\/sharer\/sharer.php?u=https%3A%2F%2Fwww.backwinkel.de%2Fblog%2Fsommerfest-kindergarten%2F\" title=\"Bei Facebook teilen\" aria-label=\"Bei Facebook teilen\" role=\"button\" rel=\"nofollow\" class=\"shariff-link\" style=\"; background-color:#3b5998; color:#fff\" target=\"_blank\"><span class=\"shariff-icon\" style=\"\"><svg width=\"32px\" height=\"20px\" xmlns=\"http:\/\/www.w3.org\/2000\/svg\" viewBox=\"0 0 18 32\"><path fill=\"#3b5998\" d=\"M17.1 0.2v4.7h-2.8q-1.5 0-2.1 0.6t-0.5 1.9v3.4h5.2l-0.7 5.3h-4.5v13.6h-5.5v-13.6h-4.5v-5.3h4.5v-3.9q0-3.3 1.9-5.2t5-1.8q2.6 0 4.1 0.2z\"\/><\/svg><\/span><span class=\"shariff-text\">teilen<\/span>&nbsp;<\/a><\/li><li class=\"shariff-button twitter shariff-nocustomcolor\" style=\"background-color:#595959\"><a href=\"https:\/\/twitter.com\/share?url=https%3A%2F%2Fwww.backwinkel.de%2Fblog%2Fsommerfest-kindergarten%2F&text=Sommerfest%20im%20Kindergarten%3A\" title=\"Bei X teilen\" aria-label=\"Bei X teilen\" role=\"button\" rel=\"noopener nofollow\" class=\"shariff-link\" style=\"; background-color:#000; color:#fff\" target=\"_blank\"><span class=\"shariff-icon\" style=\"\"><svg width=\"32px\" height=\"20px\" xmlns=\"http:\/\/www.w3.org\/2000\/svg\" viewBox=\"0 0 24 24\"><path fill=\"#000\" d=\"M14.258 10.152L23.176 0h-2.113l-7.747 8.813L7.133 0H0l9.352 13.328L0 23.973h2.113l8.176-9.309 6.531 9.309h7.133zm-2.895 3.293l-.949-1.328L2.875 1.56h3.246l6.086 8.523.945 1.328 7.91 11.078h-3.246zm0 0\"\/><\/svg><\/span><span class=\"shariff-text\">teilen<\/span>&nbsp;<\/a><\/li><li class=\"shariff-button pinterest shariff-nocustomcolor\" style=\"background-color:#e70f18\"><a href=\"https:\/\/www.pinterest.com\/pin\/create\/link\/?url=https%3A%2F%2Fwww.backwinkel.de%2Fblog%2Fsommerfest-kindergarten%2F&media=https%3A%2F%2Fwww.backwinkel.de%2Fblog%2Fwp-content%2Fuploads%2F2019%2F03%2Fbackwinkel-blog-sommerfest-im-kindergarten-heroimage.jpg&description=Sommerfest%20im%20Kindergarten%3A\" title=\"Bei Pinterest pinnen\" aria-label=\"Bei Pinterest pinnen\" role=\"button\" rel=\"noopener nofollow\" class=\"shariff-link\" style=\"; background-color:#cb2027; color:#fff\" target=\"_blank\"><span class=\"shariff-icon\" style=\"\"><svg width=\"32px\" height=\"20px\" xmlns=\"http:\/\/www.w3.org\/2000\/svg\" viewBox=\"0 0 27 32\"><path fill=\"#cb2027\" d=\"M27.4 16q0 3.7-1.8 6.9t-5 5-6.9 1.9q-2 0-3.9-0.6 1.1-1.7 1.4-2.9 0.2-0.6 1-3.8 0.4 0.7 1.3 1.2t2 0.5q2.1 0 3.8-1.2t2.7-3.4 0.9-4.8q0-2-1.1-3.8t-3.1-2.9-4.5-1.2q-1.9 0-3.5 0.5t-2.8 1.4-2 2-1.2 2.3-0.4 2.4q0 1.9 0.7 3.3t2.1 2q0.5 0.2 0.7-0.4 0-0.1 0.1-0.5t0.2-0.5q0.1-0.4-0.2-0.8-0.9-1.1-0.9-2.7 0-2.7 1.9-4.6t4.9-2q2.7 0 4.2 1.5t1.5 3.8q0 3-1.2 5.2t-3.1 2.1q-1.1 0-1.7-0.8t-0.4-1.9q0.1-0.6 0.5-1.7t0.5-1.8 0.2-1.4q0-0.9-0.5-1.5t-1.4-0.6q-1.1 0-1.9 1t-0.8 2.6q0 1.3 0.4 2.2l-1.8 7.5q-0.3 1.2-0.2 3.2-3.7-1.6-6-5t-2.3-7.6q0-3.7 1.9-6.9t5-5 6.9-1.9 6.9 1.9 5 5 1.8 6.9z\"\/><\/svg><\/span><span class=\"shariff-text\">merken<\/span>&nbsp;<\/a><\/li><li class=\"shariff-button mailto shariff-nocustomcolor\" style=\"background-color:#a8a8a8\"><a href=\"mailto:?body=https%3A%2F%2Fwww.backwinkel.de%2Fblog%2Fsommerfest-kindergarten%2F&subject=Sommerfest%20im%20Kindergarten%3A\" title=\"Per E-Mail versenden\" aria-label=\"Per E-Mail versenden\" role=\"button\" rel=\"noopener nofollow\" class=\"shariff-link\" style=\"; background-color:#999; color:#fff\"><span class=\"shariff-icon\" style=\"\"><svg width=\"32px\" height=\"20px\" xmlns=\"http:\/\/www.w3.org\/2000\/svg\" viewBox=\"0 0 32 32\"><path fill=\"#999\" d=\"M32 12.7v14.2q0 1.2-0.8 2t-2 0.9h-26.3q-1.2 0-2-0.9t-0.8-2v-14.2q0.8 0.9 1.8 1.6 6.5 4.4 8.9 6.1 1 0.8 1.6 1.2t1.7 0.9 2 0.4h0.1q0.9 0 2-0.4t1.7-0.9 1.6-1.2q3-2.2 8.9-6.1 1-0.7 1.8-1.6zM32 7.4q0 1.4-0.9 2.7t-2.2 2.2q-6.7 4.7-8.4 5.8-0.2 0.1-0.7 0.5t-1 0.7-0.9 0.6-1.1 0.5-0.9 0.2h-0.1q-0.4 0-0.9-0.2t-1.1-0.5-0.9-0.6-1-0.7-0.7-0.5q-1.6-1.1-4.7-3.2t-3.6-2.6q-1.1-0.7-2.1-2t-1-2.5q0-1.4 0.7-2.3t2.1-0.9h26.3q1.2 0 2 0.8t0.9 2z\"\/><\/svg><\/span><span class=\"shariff-text\">E-Mail<\/span>&nbsp;<\/a><\/li><\/ul><\/div>\n<\/div><\/section><br \/>\n<div  class='tabcontainer av-jlq8shhr-b676e11701d9718d755b04dc68ac4c10 top_tab  avia-builder-el-63  el_after_av_textblock  el_before_av_hr '>\n<section class='av_tab_section av_tab_section av-4w8jsn-17d4c89754803ac141d68451b8b1d1a6' ><div id='tab-id-1-tab' class='tab active_tab' role='tab' aria-selected=\"true\" tabindex=\"0\" data-fake-id='#tab-id-1' aria-controls='tab-id-1-content' >Das BACKWINKEL-Blog-Team:<\/div><div id='tab-id-1-content' class='tab_content active_tab_content' role='tabpanel' aria-labelledby='tab-id-1-tab' aria-hidden=\"false\"><div class='tab_inner_content invers-color' ><p><img decoding=\"async\" class=\"wp-image-1768 alignleft\" title=\"BACKWINKEL-Blog \u2013 Das Team\" src=\"https:\/\/blog.backwinkel.de\/wp-content\/uploads\/2018\/10\/backwinkel-blog-autorenbox-intern_preview-300x198.jpg\" alt=\"\" width=\"300\" height=\"198\" \/>Gibts auch ein Gesicht hinter dem BACKWINKEL-Blog? Ja. Vier ?. Drei davon sogar mit Foto.<\/p>\n<p><span style=\"font-style: inherit !important; font-weight: inherit !important;\">Wir \u2013 Lukas, Tatjana, Stefan und Christine \u2013 bespielen unseren Blog unter dem Motto LACHEN LESEN LERNEN. <\/span><\/p>\n<p><span style=\"font-style: inherit !important; font-weight: inherit !important;\">Lukas kennt sich online so gut aus wie in seiner Westentasche und findet immer spannende Themen, w\u00e4hrend Stefan unseren Beitr\u00e4gen den passenden gestalterischen Rahmen gibt und Tatjana mit dem gr\u00fcnen Korrekturstift alles pr\u00fcfend be\u00e4ugt, was unsere Autorin Christine (und gern auch Gastautoren) f\u00fcr den BACKWINKEL-Blog nach ordentlicher Recherche schreibt.<\/span><\/p>\n<p>Gemeinsam suchen wir st\u00e4ndig nach neuen, aufregenden Themen rund um das Thema Bildung im Kiga, der Schule und zu Hause. Und weil Sie da an der Quelle sitzen, freuen wir uns auf Ihre konstruktiven R\u00fcckmeldungen und Anregungen an <a href=\"mailto:blog@backwinkel.de\">blog@backwinkel.de<\/a><\/p>\n<p>Viel Spa\u00df beim LACHEN LESEN LERNEN!<\/p>\n<\/div><\/div><\/section>\n<\/div><br \/>\n\n<style type=\"text\/css\" data-created_by=\"avia_inline_auto\" id=\"style-css-av-jkuvdh82-2-f6870c81fc586f22aacddfd7f5cd8253\">\n#top .hr.av-jkuvdh82-2-f6870c81fc586f22aacddfd7f5cd8253{\nmargin-top:10px;\nmargin-bottom:10px;\n}\n.hr.av-jkuvdh82-2-f6870c81fc586f22aacddfd7f5cd8253 .hr-inner{\nwidth:500;\n}\n<\/style>\n<div  class='hr av-jkuvdh82-2-f6870c81fc586f22aacddfd7f5cd8253 hr-custom  avia-builder-el-64  el_after_av_tab_container  el_before_av_heading  hr-left hr-icon-no'><span class='hr-inner inner-border-av-border-thin'><span class=\"hr-inner-style\"><\/span><\/span><\/div><br \/>\n\n<style type=\"text\/css\" data-created_by=\"avia_inline_auto\" id=\"style-css-av-2rgq8p-eea5960d1a3bca7958b11dcc59b35b67\">\n#top .av-special-heading.av-2rgq8p-eea5960d1a3bca7958b11dcc59b35b67{\npadding-bottom:10px;\n}\nbody .av-special-heading.av-2rgq8p-eea5960d1a3bca7958b11dcc59b35b67 .av-special-heading-tag .heading-char{\nfont-size:25px;\n}\n.av-special-heading.av-2rgq8p-eea5960d1a3bca7958b11dcc59b35b67 .av-subheading{\nfont-size:15px;\n}\n<\/style>\n<div  class='av-special-heading av-2rgq8p-eea5960d1a3bca7958b11dcc59b35b67 av-special-heading-h3 blockquote modern-quote  avia-builder-el-65  el_after_av_hr  el_before_av_blog '><h3 class='av-special-heading-tag '  >PASSENDE BEITR\u00c4GE<\/h3><div class=\"special-heading-border\"><div class=\"special-heading-inner-border\"><\/div><\/div><\/div><br \/>\n<div  data-slideshow-options=\"{&quot;animation&quot;:&quot;fade&quot;,&quot;autoplay&quot;:false,&quot;loop_autoplay&quot;:&quot;once&quot;,&quot;interval&quot;:5,&quot;loop_manual&quot;:&quot;manual-endless&quot;,&quot;autoplay_stopper&quot;:false,&quot;noNavigation&quot;:false,&quot;show_slide_delay&quot;:90}\" class='avia-content-slider avia-content-grid-active avia-content-slider1 avia-content-slider-odd  avia-builder-el-66  el_after_av_heading  avia-builder-el-last  av-slideshow-ui av-control-default   av-no-slider-navigation av-slideshow-manual av-loop-once av-loop-manual-endless ' ><div class=\"avia-content-slider-inner\"><div class=\"slide-entry-wrap\"><article class='slide-entry flex_column  post-entry post-entry-18633 slide-entry-overview slide-loop-1 slide-parity-odd  av_one_third first real-thumbnail posttype-post post-format-standard' ><a href='https:\/\/www.backwinkel.de\/blog\/plastik-recyceln\/' data-rel='slide-1' class='slide-image' title='Plastik recyceln'><img decoding=\"async\" fetchpriority=\"high\" width=\"1200\" height=\"628\" src=\"https:\/\/www.backwinkel.de\/blog\/wp-content\/uploads\/2026\/04\/04_Kiga_Plastik_nachhaltig_nutzen.jpg\" class=\"wp-image-18713 avia-img-lazy-loading-not-18713 attachment-no scaling size-no scaling wp-post-image\" alt=\"\" \/><\/a><div class=\"slide-content\"><header class=\"entry-content-header\" aria-label=\"Slide: Plastik recyceln\"><h3 class='slide-entry-title entry-title ' ><a href='https:\/\/www.backwinkel.de\/blog\/plastik-recyceln\/' title='Plastik recyceln'>Plastik recyceln<\/a><\/h3><span class=\"blog-categories minor-meta\"><a href=\"https:\/\/www.backwinkel.de\/blog\/category\/kindergarten-kita\/\" rel=\"tag\">Kindergarten<\/a> <\/span><span class=\"av-vertical-delimiter\"><\/span><\/header><div class='slide-entry-excerpt entry-content' >Biokunststoff f\u00fcr St\u00fchle, Materialboxen, Spielzeug und Rucks\u00e4cke<\/div><\/div><footer class=\"entry-footer\"><div class=\"slide-meta\"><time class='slide-meta-time updated' >14. April 2026<\/time><\/div><\/footer><\/article><article class='slide-entry flex_column  post-entry post-entry-18716 slide-entry-overview slide-loop-2 slide-parity-even  av_one_third  real-thumbnail posttype-post post-format-standard' ><a href='https:\/\/www.backwinkel.de\/blog\/rechnen-im-anfangsunterricht\/' data-rel='slide-1' class='slide-image' title='Rechnen im Anfangsunterricht'><img decoding=\"async\" fetchpriority=\"high\" width=\"1200\" height=\"628\" src=\"https:\/\/www.backwinkel.de\/blog\/wp-content\/uploads\/2026\/04\/04_Schule_Rechnen_anfangsunterricht.jpg\" class=\"wp-image-18748 avia-img-lazy-loading-not-18748 attachment-no scaling size-no scaling wp-post-image\" alt=\"\" \/><\/a><div class=\"slide-content\"><header class=\"entry-content-header\" aria-label=\"Slide: Rechnen im Anfangsunterricht\"><h3 class='slide-entry-title entry-title ' ><a href='https:\/\/www.backwinkel.de\/blog\/rechnen-im-anfangsunterricht\/' title='Rechnen im Anfangsunterricht'>Rechnen im Anfangsunterricht<\/a><\/h3><span class=\"blog-categories minor-meta\"><a href=\"https:\/\/www.backwinkel.de\/blog\/category\/schule-grundschule\/\" rel=\"tag\">Schule<\/a> <\/span><span class=\"av-vertical-delimiter\"><\/span><\/header><div class='slide-entry-excerpt entry-content' >Das Klassenzimmer als Lernlandschaft<\/div><\/div><footer class=\"entry-footer\"><div class=\"slide-meta\"><time class='slide-meta-time updated' >14. April 2026<\/time><\/div><\/footer><\/article><article class='slide-entry flex_column  post-entry post-entry-18372 slide-entry-overview slide-loop-3 slide-parity-odd  post-entry-last  av_one_third  real-thumbnail posttype-post post-format-standard' ><a href='https:\/\/www.backwinkel.de\/blog\/kranke-kinder-im-kindergarten\/' data-rel='slide-1' class='slide-image' title='Kranke Kinder im Kindergarten'><img decoding=\"async\" fetchpriority=\"high\" width=\"1200\" height=\"628\" src=\"https:\/\/www.backwinkel.de\/blog\/wp-content\/uploads\/2026\/03\/03_Kiga_Kranke_Kinder.jpg\" class=\"wp-image-18451 avia-img-lazy-loading-not-18451 attachment-no scaling size-no scaling wp-post-image\" alt=\"Thema: Kranke Kinder. Auf dem Bild ist ein krankes kleines M\u00e4dchen zu sehen. Eine Frau mit einem Fieberthermometer in der Hand sitzt neben ihr und hat die Hand auf der Stirn des M\u00e4dchens.\" \/><\/a><div class=\"slide-content\"><header class=\"entry-content-header\" aria-label=\"Slide: Kranke Kinder im Kindergarten\"><h3 class='slide-entry-title entry-title ' ><a href='https:\/\/www.backwinkel.de\/blog\/kranke-kinder-im-kindergarten\/' title='Kranke Kinder im Kindergarten'>Kranke Kinder im Kindergarten<\/a><\/h3><span class=\"blog-categories minor-meta\"><a href=\"https:\/\/www.backwinkel.de\/blog\/category\/kindergarten-kita\/\" rel=\"tag\">Kindergarten<\/a> <\/span><span class=\"av-vertical-delimiter\"><\/span><\/header><div class='slide-entry-excerpt entry-content' >Auswirkungen f\u00fcr Kinder, Eltern und Fachkr\u00e4fte<\/div><\/div><footer class=\"entry-footer\"><div class=\"slide-meta\"><time class='slide-meta-time updated' >9. M\u00e4rz 2026<\/time><\/div><\/footer><\/article><\/div><\/div><\/div><\/p><\/div>\n","protected":false},"excerpt":{"rendered":"<p>Geschickt planen mit der Checkliste und diesen Tipps <\/p>\n","protected":false},"author":3,"featured_media":2828,"comment_status":"closed","ping_status":"closed","sticky":false,"template":"","format":"standard","meta":{"inline_featured_image":false,"footnotes":""},"categories":[5],"tags":[],"class_list":["post-2823","post","type-post","status-publish","format-standard","has-post-thumbnail","hentry","category-kindergarten-kita"],"yoast_head":"<!-- This site is optimized with the Yoast SEO plugin v27.5 - https:\/\/yoast.com\/product\/yoast-seo-wordpress\/ -->\n<title>Sommerfest im Kindergarten: 27 Spiele, Mottos, Ideen und Tipps | BACKWINKEL Blog<\/title>\n<meta name=\"description\" content=\"Sie planen ein Sommerfest in Ihrem Kindergarten? Klasse! \u2713 In unseren Blogartikel finden Sie 27 Spiele &amp; Aktionen, 5 Motto-Ideen und Tipps, die Sie bei der Planung beachten sollten. \u2713\" \/>\n<meta name=\"robots\" content=\"index, follow, max-snippet:-1, max-image-preview:large, max-video-preview:-1\" \/>\n<link rel=\"canonical\" href=\"https:\/\/www.backwinkel.de\/blog\/sommerfest-kindergarten\/\" \/>\n<meta property=\"og:locale\" content=\"de_DE\" \/>\n<meta property=\"og:type\" content=\"article\" \/>\n<meta property=\"og:title\" content=\"Sommerfest im Kindergarten: 27 Spiele, Mottos, Ideen und Tipps | BACKWINKEL Blog\" \/>\n<meta property=\"og:description\" content=\"Sie planen ein Sommerfest in Ihrem Kindergarten? Klasse! \u2713 In unseren Blogartikel finden Sie 27 Spiele &amp; Aktionen, 5 Motto-Ideen und Tipps, die Sie bei der Planung beachten sollten. \u2713\" \/>\n<meta property=\"og:url\" content=\"https:\/\/www.backwinkel.de\/blog\/sommerfest-kindergarten\/\" \/>\n<meta property=\"og:site_name\" content=\"BACKWINKEL Blog\" \/>\n<meta property=\"article:published_time\" content=\"2019-04-01T07:32:24+00:00\" \/>\n<meta property=\"article:modified_time\" content=\"2026-04-22T07:27:47+00:00\" \/>\n<meta property=\"og:image\" content=\"https:\/\/www.backwinkel.de\/blog\/wp-content\/uploads\/2019\/03\/backwinkel-blog-sommerfest-im-kindergarten-heroimage.jpg\" \/>\n\t<meta property=\"og:image:width\" content=\"1200\" \/>\n\t<meta property=\"og:image:height\" content=\"628\" \/>\n\t<meta property=\"og:image:type\" content=\"image\/jpeg\" \/>\n<meta name=\"author\" content=\"BACKWINKEL\" \/>\n<meta name=\"twitter:card\" content=\"summary_large_image\" \/>\n<meta name=\"twitter:label1\" content=\"Verfasst von\" \/>\n\t<meta name=\"twitter:data1\" content=\"BACKWINKEL\" \/>\n\t<meta name=\"twitter:label2\" content=\"Gesch\u00e4tzte Lesezeit\" \/>\n\t<meta name=\"twitter:data2\" content=\"12\u00a0Minuten\" \/>\n<script type=\"application\/ld+json\" class=\"yoast-schema-graph\">{\"@context\":\"https:\\\/\\\/schema.org\",\"@graph\":[{\"@type\":\"Article\",\"@id\":\"https:\\\/\\\/www.backwinkel.de\\\/blog\\\/sommerfest-kindergarten\\\/#article\",\"isPartOf\":{\"@id\":\"https:\\\/\\\/www.backwinkel.de\\\/blog\\\/sommerfest-kindergarten\\\/\"},\"author\":{\"name\":\"BACKWINKEL\",\"@id\":\"https:\\\/\\\/www.backwinkel.de\\\/blog\\\/#\\\/schema\\\/person\\\/3d64575316540d25f7866264a4b7cd24\"},\"headline\":\"Sommerfest im Kindergarten:\",\"datePublished\":\"2019-04-01T07:32:24+00:00\",\"dateModified\":\"2026-04-22T07:27:47+00:00\",\"mainEntityOfPage\":{\"@id\":\"https:\\\/\\\/www.backwinkel.de\\\/blog\\\/sommerfest-kindergarten\\\/\"},\"wordCount\":5256,\"image\":{\"@id\":\"https:\\\/\\\/www.backwinkel.de\\\/blog\\\/sommerfest-kindergarten\\\/#primaryimage\"},\"thumbnailUrl\":\"https:\\\/\\\/www.backwinkel.de\\\/blog\\\/wp-content\\\/uploads\\\/2019\\\/03\\\/backwinkel-blog-sommerfest-im-kindergarten-heroimage.jpg\",\"articleSection\":[\"Kindergarten\"],\"inLanguage\":\"de\"},{\"@type\":\"WebPage\",\"@id\":\"https:\\\/\\\/www.backwinkel.de\\\/blog\\\/sommerfest-kindergarten\\\/\",\"url\":\"https:\\\/\\\/www.backwinkel.de\\\/blog\\\/sommerfest-kindergarten\\\/\",\"name\":\"Sommerfest im Kindergarten: 27 Spiele, Mottos, Ideen und Tipps | BACKWINKEL Blog\",\"isPartOf\":{\"@id\":\"https:\\\/\\\/www.backwinkel.de\\\/blog\\\/#website\"},\"primaryImageOfPage\":{\"@id\":\"https:\\\/\\\/www.backwinkel.de\\\/blog\\\/sommerfest-kindergarten\\\/#primaryimage\"},\"image\":{\"@id\":\"https:\\\/\\\/www.backwinkel.de\\\/blog\\\/sommerfest-kindergarten\\\/#primaryimage\"},\"thumbnailUrl\":\"https:\\\/\\\/www.backwinkel.de\\\/blog\\\/wp-content\\\/uploads\\\/2019\\\/03\\\/backwinkel-blog-sommerfest-im-kindergarten-heroimage.jpg\",\"datePublished\":\"2019-04-01T07:32:24+00:00\",\"dateModified\":\"2026-04-22T07:27:47+00:00\",\"author\":{\"@id\":\"https:\\\/\\\/www.backwinkel.de\\\/blog\\\/#\\\/schema\\\/person\\\/3d64575316540d25f7866264a4b7cd24\"},\"description\":\"Sie planen ein Sommerfest in Ihrem Kindergarten? Klasse! \u2713 In unseren Blogartikel finden Sie 27 Spiele & Aktionen, 5 Motto-Ideen und Tipps, die Sie bei der Planung beachten sollten. \u2713\",\"breadcrumb\":{\"@id\":\"https:\\\/\\\/www.backwinkel.de\\\/blog\\\/sommerfest-kindergarten\\\/#breadcrumb\"},\"inLanguage\":\"de\",\"potentialAction\":[{\"@type\":\"ReadAction\",\"target\":[\"https:\\\/\\\/www.backwinkel.de\\\/blog\\\/sommerfest-kindergarten\\\/\"]}]},{\"@type\":\"ImageObject\",\"inLanguage\":\"de\",\"@id\":\"https:\\\/\\\/www.backwinkel.de\\\/blog\\\/sommerfest-kindergarten\\\/#primaryimage\",\"url\":\"https:\\\/\\\/www.backwinkel.de\\\/blog\\\/wp-content\\\/uploads\\\/2019\\\/03\\\/backwinkel-blog-sommerfest-im-kindergarten-heroimage.jpg\",\"contentUrl\":\"https:\\\/\\\/www.backwinkel.de\\\/blog\\\/wp-content\\\/uploads\\\/2019\\\/03\\\/backwinkel-blog-sommerfest-im-kindergarten-heroimage.jpg\",\"width\":1200,\"height\":628,\"caption\":\"Sommerfest im Kindergarten: 27 Spiele, Mottos, Ideen und Tipps im BACKWINKEL Blog\"},{\"@type\":\"BreadcrumbList\",\"@id\":\"https:\\\/\\\/www.backwinkel.de\\\/blog\\\/sommerfest-kindergarten\\\/#breadcrumb\",\"itemListElement\":[{\"@type\":\"ListItem\",\"position\":1,\"name\":\"Startseite\",\"item\":\"https:\\\/\\\/blog.backwinkel.de\\\/aktuelles\\\/\"},{\"@type\":\"ListItem\",\"position\":2,\"name\":\"Sommerfest im Kindergarten:\"}]},{\"@type\":\"WebSite\",\"@id\":\"https:\\\/\\\/www.backwinkel.de\\\/blog\\\/#website\",\"url\":\"https:\\\/\\\/www.backwinkel.de\\\/blog\\\/\",\"name\":\"BACKWINKEL Blog\",\"description\":\"f\u00fcr Lehrer, Erzieher und Eltern\",\"potentialAction\":[{\"@type\":\"SearchAction\",\"target\":{\"@type\":\"EntryPoint\",\"urlTemplate\":\"https:\\\/\\\/www.backwinkel.de\\\/blog\\\/?s={search_term_string}\"},\"query-input\":{\"@type\":\"PropertyValueSpecification\",\"valueRequired\":true,\"valueName\":\"search_term_string\"}}],\"inLanguage\":\"de\"},{\"@type\":\"Person\",\"@id\":\"https:\\\/\\\/www.backwinkel.de\\\/blog\\\/#\\\/schema\\\/person\\\/3d64575316540d25f7866264a4b7cd24\",\"name\":\"BACKWINKEL\",\"sameAs\":[\"http:\\\/\\\/www.backwinkel.de\"],\"url\":\"https:\\\/\\\/www.backwinkel.de\\\/blog\\\/author\\\/backwinkel\\\/\"}]}<\/script>\n<!-- \/ Yoast SEO plugin. -->","yoast_head_json":{"title":"Sommerfest im Kindergarten: 27 Spiele, Mottos, Ideen und Tipps | BACKWINKEL Blog","description":"Sie planen ein Sommerfest in Ihrem Kindergarten? Klasse! \u2713 In unseren Blogartikel finden Sie 27 Spiele & Aktionen, 5 Motto-Ideen und Tipps, die Sie bei der Planung beachten sollten. \u2713","robots":{"index":"index","follow":"follow","max-snippet":"max-snippet:-1","max-image-preview":"max-image-preview:large","max-video-preview":"max-video-preview:-1"},"canonical":"https:\/\/www.backwinkel.de\/blog\/sommerfest-kindergarten\/","og_locale":"de_DE","og_type":"article","og_title":"Sommerfest im Kindergarten: 27 Spiele, Mottos, Ideen und Tipps | BACKWINKEL Blog","og_description":"Sie planen ein Sommerfest in Ihrem Kindergarten? Klasse! \u2713 In unseren Blogartikel finden Sie 27 Spiele & Aktionen, 5 Motto-Ideen und Tipps, die Sie bei der Planung beachten sollten. \u2713","og_url":"https:\/\/www.backwinkel.de\/blog\/sommerfest-kindergarten\/","og_site_name":"BACKWINKEL Blog","article_published_time":"2019-04-01T07:32:24+00:00","article_modified_time":"2026-04-22T07:27:47+00:00","og_image":[{"width":1200,"height":628,"url":"https:\/\/www.backwinkel.de\/blog\/wp-content\/uploads\/2019\/03\/backwinkel-blog-sommerfest-im-kindergarten-heroimage.jpg","type":"image\/jpeg"}],"author":"BACKWINKEL","twitter_card":"summary_large_image","twitter_misc":{"Verfasst von":"BACKWINKEL","Gesch\u00e4tzte Lesezeit":"12\u00a0Minuten"},"schema":{"@context":"https:\/\/schema.org","@graph":[{"@type":"Article","@id":"https:\/\/www.backwinkel.de\/blog\/sommerfest-kindergarten\/#article","isPartOf":{"@id":"https:\/\/www.backwinkel.de\/blog\/sommerfest-kindergarten\/"},"author":{"name":"BACKWINKEL","@id":"https:\/\/www.backwinkel.de\/blog\/#\/schema\/person\/3d64575316540d25f7866264a4b7cd24"},"headline":"Sommerfest im Kindergarten:","datePublished":"2019-04-01T07:32:24+00:00","dateModified":"2026-04-22T07:27:47+00:00","mainEntityOfPage":{"@id":"https:\/\/www.backwinkel.de\/blog\/sommerfest-kindergarten\/"},"wordCount":5256,"image":{"@id":"https:\/\/www.backwinkel.de\/blog\/sommerfest-kindergarten\/#primaryimage"},"thumbnailUrl":"https:\/\/www.backwinkel.de\/blog\/wp-content\/uploads\/2019\/03\/backwinkel-blog-sommerfest-im-kindergarten-heroimage.jpg","articleSection":["Kindergarten"],"inLanguage":"de"},{"@type":"WebPage","@id":"https:\/\/www.backwinkel.de\/blog\/sommerfest-kindergarten\/","url":"https:\/\/www.backwinkel.de\/blog\/sommerfest-kindergarten\/","name":"Sommerfest im Kindergarten: 27 Spiele, Mottos, Ideen und Tipps | BACKWINKEL Blog","isPartOf":{"@id":"https:\/\/www.backwinkel.de\/blog\/#website"},"primaryImageOfPage":{"@id":"https:\/\/www.backwinkel.de\/blog\/sommerfest-kindergarten\/#primaryimage"},"image":{"@id":"https:\/\/www.backwinkel.de\/blog\/sommerfest-kindergarten\/#primaryimage"},"thumbnailUrl":"https:\/\/www.backwinkel.de\/blog\/wp-content\/uploads\/2019\/03\/backwinkel-blog-sommerfest-im-kindergarten-heroimage.jpg","datePublished":"2019-04-01T07:32:24+00:00","dateModified":"2026-04-22T07:27:47+00:00","author":{"@id":"https:\/\/www.backwinkel.de\/blog\/#\/schema\/person\/3d64575316540d25f7866264a4b7cd24"},"description":"Sie planen ein Sommerfest in Ihrem Kindergarten? Klasse! \u2713 In unseren Blogartikel finden Sie 27 Spiele & Aktionen, 5 Motto-Ideen und Tipps, die Sie bei der Planung beachten sollten. \u2713","breadcrumb":{"@id":"https:\/\/www.backwinkel.de\/blog\/sommerfest-kindergarten\/#breadcrumb"},"inLanguage":"de","potentialAction":[{"@type":"ReadAction","target":["https:\/\/www.backwinkel.de\/blog\/sommerfest-kindergarten\/"]}]},{"@type":"ImageObject","inLanguage":"de","@id":"https:\/\/www.backwinkel.de\/blog\/sommerfest-kindergarten\/#primaryimage","url":"https:\/\/www.backwinkel.de\/blog\/wp-content\/uploads\/2019\/03\/backwinkel-blog-sommerfest-im-kindergarten-heroimage.jpg","contentUrl":"https:\/\/www.backwinkel.de\/blog\/wp-content\/uploads\/2019\/03\/backwinkel-blog-sommerfest-im-kindergarten-heroimage.jpg","width":1200,"height":628,"caption":"Sommerfest im Kindergarten: 27 Spiele, Mottos, Ideen und Tipps im BACKWINKEL Blog"},{"@type":"BreadcrumbList","@id":"https:\/\/www.backwinkel.de\/blog\/sommerfest-kindergarten\/#breadcrumb","itemListElement":[{"@type":"ListItem","position":1,"name":"Startseite","item":"https:\/\/blog.backwinkel.de\/aktuelles\/"},{"@type":"ListItem","position":2,"name":"Sommerfest im Kindergarten:"}]},{"@type":"WebSite","@id":"https:\/\/www.backwinkel.de\/blog\/#website","url":"https:\/\/www.backwinkel.de\/blog\/","name":"BACKWINKEL Blog","description":"f\u00fcr Lehrer, Erzieher und Eltern","potentialAction":[{"@type":"SearchAction","target":{"@type":"EntryPoint","urlTemplate":"https:\/\/www.backwinkel.de\/blog\/?s={search_term_string}"},"query-input":{"@type":"PropertyValueSpecification","valueRequired":true,"valueName":"search_term_string"}}],"inLanguage":"de"},{"@type":"Person","@id":"https:\/\/www.backwinkel.de\/blog\/#\/schema\/person\/3d64575316540d25f7866264a4b7cd24","name":"BACKWINKEL","sameAs":["http:\/\/www.backwinkel.de"],"url":"https:\/\/www.backwinkel.de\/blog\/author\/backwinkel\/"}]}},"_links":{"self":[{"href":"https:\/\/www.backwinkel.de\/blog\/wp-json\/wp\/v2\/posts\/2823","targetHints":{"allow":["GET"]}}],"collection":[{"href":"https:\/\/www.backwinkel.de\/blog\/wp-json\/wp\/v2\/posts"}],"about":[{"href":"https:\/\/www.backwinkel.de\/blog\/wp-json\/wp\/v2\/types\/post"}],"author":[{"embeddable":true,"href":"https:\/\/www.backwinkel.de\/blog\/wp-json\/wp\/v2\/users\/3"}],"replies":[{"embeddable":true,"href":"https:\/\/www.backwinkel.de\/blog\/wp-json\/wp\/v2\/comments?post=2823"}],"version-history":[{"count":5,"href":"https:\/\/www.backwinkel.de\/blog\/wp-json\/wp\/v2\/posts\/2823\/revisions"}],"predecessor-version":[{"id":18852,"href":"https:\/\/www.backwinkel.de\/blog\/wp-json\/wp\/v2\/posts\/2823\/revisions\/18852"}],"wp:featuredmedia":[{"embeddable":true,"href":"https:\/\/www.backwinkel.de\/blog\/wp-json\/wp\/v2\/media\/2828"}],"wp:attachment":[{"href":"https:\/\/www.backwinkel.de\/blog\/wp-json\/wp\/v2\/media?parent=2823"}],"wp:term":[{"taxonomy":"category","embeddable":true,"href":"https:\/\/www.backwinkel.de\/blog\/wp-json\/wp\/v2\/categories?post=2823"},{"taxonomy":"post_tag","embeddable":true,"href":"https:\/\/www.backwinkel.de\/blog\/wp-json\/wp\/v2\/tags?post=2823"}],"curies":[{"name":"wp","href":"https:\/\/api.w.org\/{rel}","templated":true}]}}