{"id":2620,"date":"2019-03-04T11:06:50","date_gmt":"2019-03-04T10:06:50","guid":{"rendered":"https:\/\/blog.backwinkel.de\/?p=2620"},"modified":"2026-04-22T08:50:56","modified_gmt":"2026-04-22T06:50:56","slug":"ostern-im-kindergarten","status":"publish","type":"post","link":"https:\/\/www.backwinkel.de\/blog\/ostern-im-kindergarten\/","title":{"rendered":"Ostern im Kindergarten:"},"content":{"rendered":"\n<style type=\"text\/css\" data-created_by=\"avia_inline_auto\" id=\"style-css-av-8vdv8-f7e0dae999cc49bc529a70f67b346526\">\n.flex_column.av-8vdv8-f7e0dae999cc49bc529a70f67b346526{\nborder-radius:0px 0px 0px 0px;\npadding:0px 0px 0px 0px;\n}\n<\/style>\n<div  class='flex_column av-8vdv8-f7e0dae999cc49bc529a70f67b346526 av_one_full  avia-builder-el-0  el_before_av_three_fifth  avia-builder-el-first  first flex_column_div av-zero-column-padding  '     ><p>\n<style type=\"text\/css\" data-created_by=\"avia_inline_auto\" id=\"style-css-av-jl6mo8rj-605eccf9df0dce9c3ffb6a57636da99d\">\n#top .hr.hr-invisible.av-jl6mo8rj-605eccf9df0dce9c3ffb6a57636da99d{\nmargin-top:0px;\nheight:1px;\n}\n<\/style>\n<div  class='hr av-jl6mo8rj-605eccf9df0dce9c3ffb6a57636da99d hr-invisible  avia-builder-el-1  el_before_av_heading  avia-builder-el-first '><span class='hr-inner '><span class=\"hr-inner-style\"><\/span><\/span><\/div><br \/>\n\n<style type=\"text\/css\" data-created_by=\"avia_inline_auto\" id=\"style-css-av-1yiumk-df8a11572f5acce15395c5bf3dd839cb\">\n#top .av-special-heading.av-1yiumk-df8a11572f5acce15395c5bf3dd839cb{\npadding-bottom:10px;\n}\nbody .av-special-heading.av-1yiumk-df8a11572f5acce15395c5bf3dd839cb .av-special-heading-tag .heading-char{\nfont-size:25px;\n}\n.av-special-heading.av-1yiumk-df8a11572f5acce15395c5bf3dd839cb .av-subheading{\nfont-size:15px;\n}\n<\/style>\n<div  class='av-special-heading av-1yiumk-df8a11572f5acce15395c5bf3dd839cb av-special-heading-h1 blockquote modern-quote  avia-builder-el-2  el_after_av_hr  el_before_av_post_metadata '><h1 class='av-special-heading-tag '  >Ostern im Kindergarten: Bei diesen Geschichten und kreativen Ideen stellt sogar der Osterhase die L\u00f6ffel auf <\/h1><div class='av-subheading av-subheading_below'><p class=\"autorenname\">Christine Hagemann<\/p>\n<\/div><div class=\"special-heading-border\"><div class=\"special-heading-inner-border\"><\/div><\/div><\/div><br \/>\n\n<style type=\"text\/css\" data-created_by=\"avia_inline_auto\" id=\"style-css-av-5eyg24-1881632d366656d5dc6e37d4f0228c49\">\n#top .av-post-metadata-container.av-5eyg24-1881632d366656d5dc6e37d4f0228c49{\nfont-size:12px;\n}\n#top .av-post-metadata-container.av-5eyg24-1881632d366656d5dc6e37d4f0228c49 .av-post-metadata-container-inner{\nfont-size:12px;\n}\n<\/style>\n<div  class='av-post-metadata-container av-5eyg24-1881632d366656d5dc6e37d4f0228c49 av-metadata-container-align-left  avia-builder-el-3  el_after_av_heading  el_before_av_textblock  av-metadata-container-1'><div class='av-post-metadata-container-inner'><span class=\"av-post-metadata-content av-post-metadata-meta-content\"><span class=\"av-post-metadata-content av-post-metadata-published\"><span class=\"av-metadata-before av-metadata-before-published\">Ver\u00f6ffentlicht:<\/span><span class=\"av-post-metadata-published-date\" >4. M\u00e4rz 2019<\/span><\/span><span class=\"av-post-metadata-content av-post-metadata-separator\">\/<\/span><span class=\"av-post-metadata-content av-post-metadata-modified\"><span class=\"av-metadata-before av-metadata-before-modified\">Zuletzt aktualisiert:<\/span><span class=\"av-post-metadata-modified-date\" >22. April 2026<\/span><\/span><\/span><\/div><\/div><br \/>\n\n<style type=\"text\/css\" data-created_by=\"avia_inline_auto\" id=\"style-css-av-jkuubohz-5bd5902bdafe42e29df3f39e76d87d31\">\n#top .av_textblock_section.av-jkuubohz-5bd5902bdafe42e29df3f39e76d87d31 .avia_textblock{\nfont-size:20px;\n}\n<\/style>\n<section  class='av_textblock_section av-jkuubohz-5bd5902bdafe42e29df3f39e76d87d31 '  ><div class='avia_textblock' ><p class=\"einleitungstext-beitrag\">Basteln, Fr\u00fchling, Kindergarten \u2013 diese drei geh\u00f6ren einfach zusammen, wenn Ostern vor der T\u00fcr steht. Doch warum ist es ausgerechnet ein Hase, der die bunten Eier in die Osternester legt?<\/p>\n<\/div><\/section><br \/>\n\n<style type=\"text\/css\" data-created_by=\"avia_inline_auto\" id=\"style-css-av-jkuuo5h6-8e8e8e788e3620647b44d1c50200cff7\">\n.avia-image-container.av-jkuuo5h6-8e8e8e788e3620647b44d1c50200cff7 img.avia_image{\nbox-shadow:none;\n}\n.avia-image-container.av-jkuuo5h6-8e8e8e788e3620647b44d1c50200cff7 .av-image-caption-overlay-center{\ncolor:#ffffff;\n}\n<\/style>\n<div  class='avia-image-container av-jkuuo5h6-8e8e8e788e3620647b44d1c50200cff7 av-styling- avia-align-center  avia-builder-el-5  el_after_av_textblock  el_before_av_hr '  ><div class=\"avia-image-container-inner\"><div class=\"avia-image-overlay-wrap\"><img decoding=\"async\" fetchpriority=\"high\" class='wp-image-2623 avia-img-lazy-loading-not-2623 avia_image ' src=\"https:\/\/www.backwinkel.de\/blog\/wp-content\/uploads\/2019\/02\/backwinkel-blog-ostern-heroimage.jpg\" alt='Ostern im Kindergarten: Bastelideen, Spiele-Ideen &amp; Tipps' title='Ostern im Kindergarten: Bei diesen Geschichten und kreativen Ideen stellt sogar der Osterhase die L\u00f6ffel auf'  height=\"628\" width=\"1200\" srcset=\"https:\/\/www.backwinkel.de\/blog\/wp-content\/uploads\/2019\/02\/backwinkel-blog-ostern-heroimage.jpg 1200w, https:\/\/www.backwinkel.de\/blog\/wp-content\/uploads\/2019\/02\/backwinkel-blog-ostern-heroimage-300x157.jpg 300w, https:\/\/www.backwinkel.de\/blog\/wp-content\/uploads\/2019\/02\/backwinkel-blog-ostern-heroimage-768x402.jpg 768w, https:\/\/www.backwinkel.de\/blog\/wp-content\/uploads\/2019\/02\/backwinkel-blog-ostern-heroimage-1030x539.jpg 1030w, https:\/\/www.backwinkel.de\/blog\/wp-content\/uploads\/2019\/02\/backwinkel-blog-ostern-heroimage-705x369.jpg 705w, https:\/\/www.backwinkel.de\/blog\/wp-content\/uploads\/2019\/02\/backwinkel-blog-ostern-heroimage-450x236.jpg 450w\" sizes=\"(max-width: 1200px) 100vw, 1200px\" \/><\/div><\/div><\/div><br \/>\n\n<style type=\"text\/css\" data-created_by=\"avia_inline_auto\" id=\"style-css-av-jl6mo8rj-41-7169f138a66717034cfc1c1d978e38a8\">\n#top .hr.hr-invisible.av-jl6mo8rj-41-7169f138a66717034cfc1c1d978e38a8{\nheight:5px;\n}\n<\/style>\n<div  class='hr av-jl6mo8rj-41-7169f138a66717034cfc1c1d978e38a8 hr-invisible  avia-builder-el-6  el_after_av_image  el_before_av_textblock '><span class='hr-inner '><span class=\"hr-inner-style\"><\/span><\/span><\/div><br \/>\n\n<style type=\"text\/css\" data-created_by=\"avia_inline_auto\" id=\"style-css-av-jl7ql86y-e4dbe662e227d6e3ed63d4a5d145fa64\">\n#top .av_textblock_section.av-jl7ql86y-e4dbe662e227d6e3ed63d4a5d145fa64 .avia_textblock{\nfont-size:10px;\n}\n<\/style>\n<section  class='av_textblock_section av-jl7ql86y-e4dbe662e227d6e3ed63d4a5d145fa64 '  ><div class='avia_textblock' ><p class=\"bildnennung-beitrag\" style=\"text-align: left;\">\u00a9 BACKWINKEL GmbH<\/p>\n<\/div><\/section><br \/>\n\n<style type=\"text\/css\" data-created_by=\"avia_inline_auto\" id=\"style-css-av-jl6mo8rj-39-7f26a7fbbbc6dad1bf1afdec1957147d\">\n#top .hr.hr-invisible.av-jl6mo8rj-39-7f26a7fbbbc6dad1bf1afdec1957147d{\nheight:20px;\n}\n<\/style>\n<div  class='hr av-jl6mo8rj-39-7f26a7fbbbc6dad1bf1afdec1957147d hr-invisible  avia-builder-el-8  el_after_av_textblock  el_before_av_textblock '><span class='hr-inner '><span class=\"hr-inner-style\"><\/span><\/span><\/div><br \/>\n<section  class='av_textblock_section av-jkuubohz-40-b042098edadb7e70cb65e5fe6a7a0c0f '  ><div class='avia_textblock' ><p>Bewahren auch Sie noch Ostereier auf, die Sie als Kind bemalt haben? Selbst gebastelte Sch\u00e4tze erfreuen Kleine und Gro\u00dfe, und das gemeinsame Osterbasteln macht besonders Spa\u00df. Mit bunten B\u00e4ndern, Farbe und Kleber entstehen einmalige Kunstwerke, ob als Osterdeko oder nette Geschenke.<\/p>\n<p>Ostern im Kindergarten, da sind lustige Osterhasen und farbenfrohe Fr\u00fchlingsbilder gar nicht wegzudenken. Warum feiern wir eigentlich Ostern? Das interessiert schon die Kleinsten. Entdecken Sie Ostergeschichten, Spiele und kreative Dekotipps, die Sie mit Ihren Kindern ganz leicht umsetzen.<\/p>\n<\/div><\/section><\/p><\/div>\n\n<style type=\"text\/css\" data-created_by=\"avia_inline_auto\" id=\"style-css-av-swqf9-6bb490ea0cbb171c9d159bb967226129\">\n.flex_column.av-swqf9-6bb490ea0cbb171c9d159bb967226129{\nborder-radius:0px 0px 0px 0px;\npadding:20px 20px 20px 20px;\nbackground-color:#f2f2f2;\n}\n<\/style>\n<div  class='flex_column av-swqf9-6bb490ea0cbb171c9d159bb967226129 av_three_fifth  avia-builder-el-10  el_after_av_one_full  el_before_av_two_fifth  first flex_column_div  column-top-margin'     ><style type=\"text\/css\" data-created_by=\"avia_inline_auto\" id=\"style-css-av-jkuua5r2-26aacafcf32943ff9bfc4af71f6ef736\">\n#top .av_textblock_section.av-jkuua5r2-26aacafcf32943ff9bfc4af71f6ef736 .avia_textblock{\nfont-size:14px;\n}\n<\/style>\n<section  class='av_textblock_section av-jkuua5r2-26aacafcf32943ff9bfc4af71f6ef736 '  ><div class='avia_textblock' ><p><strong>Inhalt<\/strong><\/p>\n<p><strong><a href=\"#1\">1. Basteln f\u00fcr Ostern mit Kindern \u2013 Tipps und Ideen<\/a><\/strong><br \/>\n1.1 Lustige Klammerhasen basteln<br \/>\n1.2 Ostereier bemalen<br \/>\n1.3 Kunterbunte Papierblumen basteln<\/p>\n<p><strong><a href=\"#2\">2. Was gibt es an Ostern zu feiern? So erkl\u00e4ren Sie Kindern Ostern<\/a><\/strong><br \/>\n2.1 Wieso feiern wir eigentlich Ostern?<br \/>\n2.2 Weshalb gibt es zu Ostern bunte Eier?<br \/>\n2.3 Warum bringt ausgerechnet ein Hase die Ostereier?<\/p>\n<p><strong><a href=\"#3\">3. Eieiei Osterei \u2013 Bewegungsspiele zu Ostern in Krippe und Kindergarten<\/a><\/strong><br \/>\n3.1 H\u00e4schen in der Grube<br \/>\n3.2 Die Osterhasenspiele sind er\u00f6ffnet<\/p>\n<\/div><\/section><\/div>\n\n<style type=\"text\/css\" data-created_by=\"avia_inline_auto\" id=\"style-css-av-2532d-6e1ea05e25305745634c0a02c87dc827\">\n.flex_column.av-2532d-6e1ea05e25305745634c0a02c87dc827{\nborder-radius:0px 0px 0px 0px;\npadding:0 0 0 0;\n}\n<\/style>\n<div  class='flex_column av-2532d-6e1ea05e25305745634c0a02c87dc827 av_two_fifth  avia-builder-el-12  el_after_av_three_fifth  el_before_av_sidebar  flex_column_div av-zero-column-padding  column-top-margin'     ><\/div>\n<div  class='avia-builder-widget-area clearfix  avia-builder-el-13  el_after_av_two_fifth  el_before_av_one_full '><div id=\"text-33\" class=\"widget clearfix widget_text\">\t\t\t<div class=\"textwidget\"><p><a href=\"https:\/\/www.backwinkel.de\/nachhaltig-denken\/\" target=\"\\_blank\" rel=\"noopener\"><br \/>\n<img decoding=\"async\" class=\"werbung-desktop alignnone wp-image-4186 size-full\" src=\"https:\/\/www.backwinkel.de\/blog\/wp-content\/uploads\/2026\/04\/Backwinkel-blog-werbebanner-shop-kita-schule_desktop.jpg\" alt=\"\" width=\"1251\" height=\"201\" \/><br \/>\n<\/a><br \/>\n<a href=\"https:\/\/www.backwinkel.de\/nachhaltig-denken\/\" target=\"\\_blank\" rel=\"noopener\"><br \/>\n<img decoding=\"async\" class=\"werbung-mobile alignnone wp-image-4187 size-full\" src=\"https:\/\/www.backwinkel.de\/blog\/wp-content\/uploads\/2026\/04\/Backwinkel-blog-werbebanner-shop-kiga-schule_mobile.jpg\" alt=\"\" width=\"550\" height=\"500\" \/><br \/>\n<\/a><\/p>\n<\/div>\n\t\t<\/div><\/div>\n\n<style type=\"text\/css\" data-created_by=\"avia_inline_auto\" id=\"style-css-av-hh5al-9c53459d093ff912fcc98cf97e19d753\">\n.flex_column.av-hh5al-9c53459d093ff912fcc98cf97e19d753{\nborder-radius:0px 0px 0px 0px;\npadding:0px 0px 0px 0px;\n}\n<\/style>\n<div  class='flex_column av-hh5al-9c53459d093ff912fcc98cf97e19d753 av_one_full  avia-builder-el-14  el_after_av_sidebar  el_before_av_two_third  first flex_column_div av-zero-column-padding  '     ><section  class='av_textblock_section av-jkuul0eg-c00477a45633ba2b4da6d6a6ea3aa3db '  ><div class='avia_textblock' >\n<style type=\"text\/css\" data-created_by=\"avia_inline_auto\" id=\"style-css-av-7c7r8-1ad3209b7b9ea9c60cc97e362d76ea5e\">\n#top .hr.hr-invisible.av-7c7r8-1ad3209b7b9ea9c60cc97e362d76ea5e{\nheight:20px;\n}\n<\/style>\n<div  class='hr av-7c7r8-1ad3209b7b9ea9c60cc97e362d76ea5e hr-invisible  avia-builder-el-16  avia-builder-el-no-sibling '><span class='hr-inner '><span class=\"hr-inner-style\"><\/span><\/span><\/div>\n<h2 id=\"1\" class=\"position\">Basteln f\u00fcr Ostern mit Kindern \u2013 Tipps und Ideen<\/h2>\n<p>Sind Ihre Kinder auch schon im Osterbastelfieber? Wenn drau\u00dfen alles wieder gr\u00fcnt und bl\u00fcht, kommt auch der eigene Schaffensdrang so richtig in Schwung. Und in der Osterzeit d\u00fcrfen Fr\u00fchlingsblumen nat\u00fcrlich nicht fehlen, genauso wie bunte Eier, Osterhase &amp; Co. Unsere Basteltipps lassen sich super variieren und auch mit kleinen Kindern leicht nachbasteln.<\/p>\n<\/div><\/section><\/div>\n\n<style type=\"text\/css\" data-created_by=\"avia_inline_auto\" id=\"style-css-av-3q1svg-f47cfbf1363755b32bf074e803af8499\">\n.flex_column.av-3q1svg-f47cfbf1363755b32bf074e803af8499{\nborder-radius:0px 0px 0px 0px;\npadding:0px 0px 0px 0px;\n}\n<\/style>\n<div  class='flex_column av-3q1svg-f47cfbf1363755b32bf074e803af8499 av_two_third  avia-builder-el-17  el_after_av_one_full  el_before_av_one_third  first flex_column_div av-zero-column-padding  column-top-margin'     ><section  class='av_textblock_section av-jkuul0eg-36-6987f58fe49d66836142a601b87349ab '  ><div class='avia_textblock' ><h3>Lustige Klammerhasen basteln<\/h3>\n<p>H\u00fcpf, h\u00fcpf, hier hoppeln die kleinen Osterhasen! Diese fr\u00f6hlichen Gesellen verbreiten sofort gute Laune. Basteln Sie mit Ihren Kindern gleich eine ganze Osterhasenfamilie.<\/p>\n<p><strong>Dieses Material brauchen Sie:<\/strong><\/p>\n<ul>\n<li><a href=\"https:\/\/www.backwinkel.de\/prod\/waescheklammern.html\" target=\"_blank\" rel=\"noopener\">W\u00e4scheklammern<\/a><\/li>\n<li><a href=\"https:\/\/www.backwinkel.de\/prod\/tonkarton-einzelfarben-rehbraun.html\" target=\"_blank\" rel=\"noopener\">Tonkarton in Braun<\/a><\/li>\n<li><a href=\"https:\/\/www.backwinkel.de\/prod\/giotto-fasermaler.html\" target=\"_blank\" rel=\"noopener\">Filzstifte<\/a><\/li>\n<li><a href=\"https:\/\/www.backwinkel.de\/cat\/schneiden-und-stanzen-kindergarten\/\" target=\"_blank\" rel=\"noopener\">Schere<\/a><\/li>\n<li><a href=\"https:\/\/www.backwinkel.de\/cat\/kindergarten-kleben\/\" target=\"_blank\" rel=\"noopener\">Bastelkleber<\/a><\/li>\n<\/ul>\n<p><strong>So geht&#8217;s:<br \/>\n<\/strong>Aus dem Tonkarton schneiden Sie ovale Formen von ca. 3 x 5 cm aus. Darauf zeichnen Sie die Hasengesichter. Auf die W\u00e4scheklammern malen Sie keilf\u00f6rmige Fl\u00e4chen in Rosa, f\u00fcr die Ohren. Nun kleben Sie das Hasengesicht so auf die Klammer, dass die Drahtspirale verdeckt ist.<\/p>\n<\/div><\/section><\/div>\n<style type=\"text\/css\" data-created_by=\"avia_inline_auto\" id=\"style-css-av-2ucomk-c46ff4034ac5674c16d56f8d81888f54\">\n.flex_column.av-2ucomk-c46ff4034ac5674c16d56f8d81888f54{\nborder-radius:0px 0px 0px 0px;\npadding:0px 0px 0px 0px;\n}\n<\/style>\n<div  class='flex_column av-2ucomk-c46ff4034ac5674c16d56f8d81888f54 av_one_third  avia-builder-el-19  el_after_av_two_third  el_before_av_one_full  flex_column_div av-zero-column-padding  column-top-margin'     ><style type=\"text\/css\" data-created_by=\"avia_inline_auto\" id=\"style-css-av-jsk0u2sb-bb6a592193c866375bf6ebb58fc08bd6\">\n.avia-image-container.av-jsk0u2sb-bb6a592193c866375bf6ebb58fc08bd6 img.avia_image{\nbox-shadow:none;\n}\n.avia-image-container.av-jsk0u2sb-bb6a592193c866375bf6ebb58fc08bd6 .av-image-caption-overlay-center{\ncolor:#ffffff;\n}\n<\/style>\n<div  class='avia-image-container av-jsk0u2sb-bb6a592193c866375bf6ebb58fc08bd6 av-styling- avia-align-left  avia-builder-el-20  avia-builder-el-no-sibling '  ><div class=\"avia-image-container-inner\"><div class=\"avia-image-overlay-wrap\"><img decoding=\"async\" fetchpriority=\"high\" class='wp-image-2712 avia-img-lazy-loading-not-2712 avia_image ' src=\"https:\/\/www.backwinkel.de\/blog\/wp-content\/uploads\/2019\/02\/backwinkel-blog-ostern-bastelbeispiel-waescheklammer-hase.png\" alt='' title='backwinkel-blog-ostern-bastelbeispiel-waescheklammer-hase'  height=\"1200\" width=\"1200\" srcset=\"https:\/\/www.backwinkel.de\/blog\/wp-content\/uploads\/2019\/02\/backwinkel-blog-ostern-bastelbeispiel-waescheklammer-hase.png 1200w, https:\/\/www.backwinkel.de\/blog\/wp-content\/uploads\/2019\/02\/backwinkel-blog-ostern-bastelbeispiel-waescheklammer-hase-300x300.png 300w, https:\/\/www.backwinkel.de\/blog\/wp-content\/uploads\/2019\/02\/backwinkel-blog-ostern-bastelbeispiel-waescheklammer-hase-768x768.png 768w, https:\/\/www.backwinkel.de\/blog\/wp-content\/uploads\/2019\/02\/backwinkel-blog-ostern-bastelbeispiel-waescheklammer-hase-1030x1030.png 1030w, https:\/\/www.backwinkel.de\/blog\/wp-content\/uploads\/2019\/02\/backwinkel-blog-ostern-bastelbeispiel-waescheklammer-hase-36x36.png 36w, https:\/\/www.backwinkel.de\/blog\/wp-content\/uploads\/2019\/02\/backwinkel-blog-ostern-bastelbeispiel-waescheklammer-hase-180x180.png 180w, https:\/\/www.backwinkel.de\/blog\/wp-content\/uploads\/2019\/02\/backwinkel-blog-ostern-bastelbeispiel-waescheklammer-hase-705x705.png 705w, https:\/\/www.backwinkel.de\/blog\/wp-content\/uploads\/2019\/02\/backwinkel-blog-ostern-bastelbeispiel-waescheklammer-hase-120x120.png 120w, https:\/\/www.backwinkel.de\/blog\/wp-content\/uploads\/2019\/02\/backwinkel-blog-ostern-bastelbeispiel-waescheklammer-hase-450x450.png 450w\" sizes=\"(max-width: 1200px) 100vw, 1200px\" \/><\/div><\/div><\/div><\/div><\/p>\n\n<style type=\"text\/css\" data-created_by=\"avia_inline_auto\" id=\"style-css-av-jlnt0i5o-61dc6b9bd7c7520b1f06ca379b435cd8\">\n.flex_column.av-jlnt0i5o-61dc6b9bd7c7520b1f06ca379b435cd8{\nborder-radius:0px 0px 0px 0px;\npadding:10px 10px 10px 10px;\nbackground-color:#e0f1b4;\n}\n<\/style>\n<div  class='flex_column av-jlnt0i5o-61dc6b9bd7c7520b1f06ca379b435cd8 av_one_full  avia-builder-el-21  el_after_av_one_third  el_before_av_hr  textboxfarbig first flex_column_div  column-top-margin'     ><style type=\"text\/css\" data-created_by=\"avia_inline_auto\" id=\"style-css-av-jkuvcso3-3cdfce01aa17cd7f93f77bd0f3cd869c\">\n#top .av_textblock_section.av-jkuvcso3-3cdfce01aa17cd7f93f77bd0f3cd869c .avia_textblock{\nfont-size:22px;\n}\n<\/style>\n<section  class='av_textblock_section av-jkuvcso3-3cdfce01aa17cd7f93f77bd0f3cd869c '  ><div class='avia_textblock' ><p><strong>Tipp:<\/strong> Geben Sie den Kleber nur auf eine Klammerseite. So l\u00e4sst sich der lustige Hase \u00fcberall aufstecken, zum Beispiel an einen Zweig im Osterstrau\u00df<\/p>\n<\/div><\/section><\/div>\n<style type=\"text\/css\" data-created_by=\"avia_inline_auto\" id=\"style-css-av-jl6mo8rj-38-163c4a5ee375cc70275859dd77d0b7a4\">\n#top .hr.hr-invisible.av-jl6mo8rj-38-163c4a5ee375cc70275859dd77d0b7a4{\nheight:40px;\n}\n<\/style>\n<div  class='hr av-jl6mo8rj-38-163c4a5ee375cc70275859dd77d0b7a4 hr-invisible  avia-builder-el-23  el_after_av_one_full  el_before_av_two_third '><span class='hr-inner '><span class=\"hr-inner-style\"><\/span><\/span><\/div><\/p>\n\n<style type=\"text\/css\" data-created_by=\"avia_inline_auto\" id=\"style-css-av-hh5al-37-2f2df4ad0c71babeae24831e77d54b8e\">\n.flex_column.av-hh5al-37-2f2df4ad0c71babeae24831e77d54b8e{\nborder-radius:0px 0px 0px 0px;\npadding:0px 0px 0px 0px;\n}\n<\/style>\n<div  class='flex_column av-hh5al-37-2f2df4ad0c71babeae24831e77d54b8e av_two_third  avia-builder-el-24  el_after_av_hr  el_before_av_one_third  first flex_column_div av-zero-column-padding  '     ><section  class='av_textblock_section av-jkuul0eg-34-5d73c75fd10b54d82d8a77b13a21588b '  ><div class='avia_textblock' ><h3>Ostereier bemalen<\/h3>\n<p>Buntbemalte Eier sind der Klassiker zu Ostern. Kinder lieben es, dem Osterhasen zu assistieren und selber mit Pinsel und Farbe einfache H\u00fchnereier in echte Kunstwerke zu verwandeln. Ausgeblasene Eier sind allerdings fragile Dinger, die schnell zu Bruch gehen. Damit auch die Kleinen mitmachen k\u00f6nnen, empfiehlt sich die <strong>bruchsichere Variante <\/strong>in Form von Styroporeiern. Styroporeier haben noch einen Vorteil: <strong>Die Farbe trocknet sehr schnell<\/strong>. Im Handumdrehen entstehen ganz individuelle Prachtst\u00fccke. Bemalen, bekleben, mit Glitzersteinchen, Pailletten, M\u00e4rchenwolle oder Schmuckb\u00e4ndern verzieren \u2013 alles ist m\u00f6glich.<\/p>\n<p>Besonders effektvoll sind <strong>marmorierte Eier<\/strong>, bei denen leuchtende Farben ineinanderflie\u00dfen. Wie durch Zauberei entsteht das Muster ganz von selbst. Jedes Ei ist eine neue \u00dcberraschung.<\/p>\n<p><strong>Dieses Material brauchen Sie: <\/strong><\/p>\n<ul>\n<li><a href=\"https:\/\/www.backwinkel.de\/prod\/styropor-eier-8er-set.html\" target=\"_blank\" rel=\"noopener\">Styropor-Eier<\/a><\/li>\n<li>Styropor-Grundierung<\/li>\n<li><a href=\"https:\/\/www.backwinkel.de\/prod\/marmorierfarbe-marabu-easy-marble.html\" target=\"_blank\" rel=\"noopener\">Marmorierfarben<\/a><\/li>\n<li><a href=\"https:\/\/www.backwinkel.de\/prod\/500-holzstaebchen.html\" target=\" blank\" rel=\"noopener\"> Holzspie\u00dfe<\/a><\/li>\n<li>Schale mit Wasser<\/li>\n<\/ul>\n<p><a href=\"https:\/\/www.backwinkel.de\/prod\/500-holzstaebchen.html\" target=\" blank\" rel=\"noopener\"><strong>TIPP:<\/strong> In unserem Onlineshop erhalten Sie das komplette Bastelmaterial als <\/a><a href=\"https:\/\/www.backwinkel.de\/prod\/ostereier-marmorier-set.html\" target=\"_blank\" rel=\"noopener\">Ostereier-Marmorier-Set f\u00fcr 30 Ostereier<\/a>\u00a0zum Sparpreis.<\/p>\n<p><strong>So geht&#8217;s:<br \/>\n<\/strong>Die Styroporeier stecken Sie auf Holzspie\u00dfe und bespr\u00fchen sie mit Styropor-Grundierung. F\u00fcllen Sie eine Schale mit Wasser. Geben Sie von jeder ausgew\u00e4hlten Farbe ein paar Tropfen hinein und ziehen Sie mit einem St\u00e4bchen Muster auf der Wasseroberfl\u00e4che. Nun tauchen Sie und Ihre Kinder die Eier in die Farbe und ziehen sie dann mit einer leichten Drehbewegung wieder heraus. Nach dem Trocknen nur noch in gr\u00fcnes Dekogras legen und fertig ist das Osternest.<\/p>\n<\/div><\/section><\/div>\n<style type=\"text\/css\" data-created_by=\"avia_inline_auto\" id=\"style-css-av-2ucomk-33-b54bdb04330a670213a47a53a8aa8ef2\">\n.flex_column.av-2ucomk-33-b54bdb04330a670213a47a53a8aa8ef2{\nborder-radius:0px 0px 0px 0px;\npadding:0px 0px 0px 0px;\n}\n<\/style>\n<div  class='flex_column av-2ucomk-33-b54bdb04330a670213a47a53a8aa8ef2 av_one_third  avia-builder-el-26  el_after_av_two_third  el_before_av_two_third  flex_column_div av-zero-column-padding  '     ><style type=\"text\/css\" data-created_by=\"avia_inline_auto\" id=\"style-css-av-jsk0u2sb-32-88f13fcfe9bf67b9693dd0a6fa812ee5\">\n.avia-image-container.av-jsk0u2sb-32-88f13fcfe9bf67b9693dd0a6fa812ee5 img.avia_image{\nbox-shadow:none;\n}\n.avia-image-container.av-jsk0u2sb-32-88f13fcfe9bf67b9693dd0a6fa812ee5 .av-image-caption-overlay-center{\ncolor:#ffffff;\n}\n<\/style>\n<div  class='avia-image-container av-jsk0u2sb-32-88f13fcfe9bf67b9693dd0a6fa812ee5 av-styling- avia-align-left  avia-builder-el-27  avia-builder-el-no-sibling '  ><div class=\"avia-image-container-inner\"><div class=\"avia-image-overlay-wrap\"><img decoding=\"async\" fetchpriority=\"high\" class='wp-image-2715 avia-img-lazy-loading-not-2715 avia_image ' src=\"https:\/\/www.backwinkel.de\/blog\/wp-content\/uploads\/2019\/02\/backwinkel-blog-ostern-bastelbeispiel-marmor-eier.jpg\" alt='' title='backwinkel-blog-ostern-bastelbeispiel-marmor-eier'  height=\"1200\" width=\"1200\" srcset=\"https:\/\/www.backwinkel.de\/blog\/wp-content\/uploads\/2019\/02\/backwinkel-blog-ostern-bastelbeispiel-marmor-eier.jpg 1200w, https:\/\/www.backwinkel.de\/blog\/wp-content\/uploads\/2019\/02\/backwinkel-blog-ostern-bastelbeispiel-marmor-eier-300x300.jpg 300w, https:\/\/www.backwinkel.de\/blog\/wp-content\/uploads\/2019\/02\/backwinkel-blog-ostern-bastelbeispiel-marmor-eier-768x768.jpg 768w, https:\/\/www.backwinkel.de\/blog\/wp-content\/uploads\/2019\/02\/backwinkel-blog-ostern-bastelbeispiel-marmor-eier-1030x1030.jpg 1030w, https:\/\/www.backwinkel.de\/blog\/wp-content\/uploads\/2019\/02\/backwinkel-blog-ostern-bastelbeispiel-marmor-eier-36x36.jpg 36w, https:\/\/www.backwinkel.de\/blog\/wp-content\/uploads\/2019\/02\/backwinkel-blog-ostern-bastelbeispiel-marmor-eier-180x180.jpg 180w, https:\/\/www.backwinkel.de\/blog\/wp-content\/uploads\/2019\/02\/backwinkel-blog-ostern-bastelbeispiel-marmor-eier-705x705.jpg 705w, https:\/\/www.backwinkel.de\/blog\/wp-content\/uploads\/2019\/02\/backwinkel-blog-ostern-bastelbeispiel-marmor-eier-120x120.jpg 120w, https:\/\/www.backwinkel.de\/blog\/wp-content\/uploads\/2019\/02\/backwinkel-blog-ostern-bastelbeispiel-marmor-eier-450x450.jpg 450w\" sizes=\"(max-width: 1200px) 100vw, 1200px\" \/><\/div><\/div><\/div><\/div><\/p>\n\n<style type=\"text\/css\" data-created_by=\"avia_inline_auto\" id=\"style-css-av-hh5al-28-4e8c25af6590706a6d906e8f1648b663\">\n.flex_column.av-hh5al-28-4e8c25af6590706a6d906e8f1648b663{\nborder-radius:0px 0px 0px 0px;\npadding:0px 0px 0px 0px;\n}\n<\/style>\n<div  class='flex_column av-hh5al-28-4e8c25af6590706a6d906e8f1648b663 av_two_third  avia-builder-el-28  el_after_av_one_third  el_before_av_one_third  first flex_column_div av-zero-column-padding  column-top-margin'     ><section  class='av_textblock_section av-jkuul0eg-27-5c0903221f283b9d6dd86915048346bc '  ><div class='avia_textblock' ><h3><strong>Kunterbunte Papierblumen basteln <\/strong><\/h3>\n<p>Fr\u00fchlingsblumen aus Papier sind immer willkommen, ob als kleines Geschenk, bunte Tischdeko oder Girlanden. Ganz zauberhaft sehen <strong><span style=\"color: #000000;\">Bl\u00fcten aus Butterbrotpapier <\/span><\/strong>aus. Eine bunte Bl\u00fctenpracht entsteht, wenn wei\u00dfe Butterbrott\u00fcten bemalt werden, z. B. mit Wassermalfarben. Da Wasserfarben allerdings eine l\u00e4ngere Trocknungszeit haben und das Papier sich leicht wellt, sollten die Bl\u00fcten nach dem Trocknen geb\u00fcgelt werden. Dazu einfach Backpapier zwischen B\u00fcgeleisen und Bl\u00fcte legen. Besonders sch\u00f6n und dekorativ sind Bl\u00fctengirlanden. Nutzen Sie zum Auff\u00e4deln eine d\u00fcnne Kordel.<\/p>\n<p><strong>Dieses Material brauchen Sie:<\/strong><\/p>\n<ul>\n<li><a href=\"https:\/\/www.backwinkel.de\/prod\/butterbrottueten.html\" target=\"_blank\" rel=\"noopener\">Butterbrott\u00fcten<\/a><\/li>\n<li><a href=\"https:\/\/www.backwinkel.de\/cat\/schneiden-und-stanzen-kindergarten\/\" target=\"_blank\" rel=\"noopener\">Schere<\/a><\/li>\n<li><a href=\"https:\/\/www.backwinkel.de\/cat\/kindergarten-kleben\/\" target=\"_blank\" rel=\"noopener\">Klebestift<\/a><\/li>\n<li>ggf. zum Auff\u00e4deln: Kordel oder Lichterkette aus ihrem Bestand<\/li>\n<\/ul>\n<p><strong>So gehts: <\/strong><\/p>\n<ol>\n<li>F\u00fcr <strong>eine<\/strong> Bl\u00fcte brauchen Sie 7 Butterbrott\u00fcten.<\/li>\n<li>Kleben Sie alle 7 Butterbrott\u00fcten zusammen. Dazu legen Sie jede T\u00fcte mit der \u00d6ffnung nach oben auf den Tisch und malen mit dem Klebestift ein umgedrehtes T auf jede einzelne T\u00fcte. Mittig mit dem Klebestift die T\u00fcte hinunterfahren und dasselbe waagerecht auf der geschlossenen Seite.<\/li>\n<li>7 zusammengeklebte Butterbrott\u00fcten liegen nun mit der offenen Seite nach oben zeigend vor Ihnen. Nehmen Sie jetzt einen Stift und ziehen Sie eine gewellte, gezackte oder sonst wie fantastisch geformte Linie von oben links bis unten rechts.<\/li>\n<li>Schneiden Sie nun mit einer Schere an der Linie entlang.<br \/>\n<strong>Hinweis<\/strong>: Um mehrere Bl\u00fcten auff\u00e4deln zu k\u00f6nnen, schneiden Sie zus\u00e4tzlich mittig in den T\u00fctenboden noch ein entsprechend kleines oder gro\u00dfes Dreieck.<\/li>\n<li>Danach falten Sie die Bl\u00fcte auseinander.<\/li>\n<\/ol>\n<\/div><\/section><\/div>\n\n<style type=\"text\/css\" data-created_by=\"avia_inline_auto\" id=\"style-css-av-2ucomk-26-7fb01f07370e39e7e963eb9ad6dbc045\">\n.flex_column.av-2ucomk-26-7fb01f07370e39e7e963eb9ad6dbc045{\nborder-radius:0px 0px 0px 0px;\npadding:0px 0px 0px 0px;\n}\n<\/style>\n<div  class='flex_column av-2ucomk-26-7fb01f07370e39e7e963eb9ad6dbc045 av_one_third  avia-builder-el-30  el_after_av_two_third  el_before_av_one_full  flex_column_div av-zero-column-padding  column-top-margin'     ><style type=\"text\/css\" data-created_by=\"avia_inline_auto\" id=\"style-css-av-jsk0u2sb-25-3e0ea3e43f03c7caa793494544b011ab\">\n.avia-image-container.av-jsk0u2sb-25-3e0ea3e43f03c7caa793494544b011ab img.avia_image{\nbox-shadow:none;\n}\n.avia-image-container.av-jsk0u2sb-25-3e0ea3e43f03c7caa793494544b011ab .av-image-caption-overlay-center{\ncolor:#ffffff;\n}\n<\/style>\n<div  class='avia-image-container av-jsk0u2sb-25-3e0ea3e43f03c7caa793494544b011ab av-styling- avia-align-left  avia-builder-el-31  avia-builder-el-no-sibling '  ><div class=\"avia-image-container-inner\"><div class=\"avia-image-overlay-wrap\"><img decoding=\"async\" fetchpriority=\"high\" class='wp-image-2743 avia-img-lazy-loading-not-2743 avia_image ' src=\"https:\/\/www.backwinkel.de\/blog\/wp-content\/uploads\/2019\/02\/backwinkel-blog-ostern-bastelbeispiel-papierblume.png\" alt='' title='backwinkel-blog-ostern-bastelbeispiel-papierblume'  height=\"1200\" width=\"1200\" srcset=\"https:\/\/www.backwinkel.de\/blog\/wp-content\/uploads\/2019\/02\/backwinkel-blog-ostern-bastelbeispiel-papierblume.png 1200w, https:\/\/www.backwinkel.de\/blog\/wp-content\/uploads\/2019\/02\/backwinkel-blog-ostern-bastelbeispiel-papierblume-300x300.png 300w, https:\/\/www.backwinkel.de\/blog\/wp-content\/uploads\/2019\/02\/backwinkel-blog-ostern-bastelbeispiel-papierblume-768x768.png 768w, https:\/\/www.backwinkel.de\/blog\/wp-content\/uploads\/2019\/02\/backwinkel-blog-ostern-bastelbeispiel-papierblume-1030x1030.png 1030w, https:\/\/www.backwinkel.de\/blog\/wp-content\/uploads\/2019\/02\/backwinkel-blog-ostern-bastelbeispiel-papierblume-36x36.png 36w, https:\/\/www.backwinkel.de\/blog\/wp-content\/uploads\/2019\/02\/backwinkel-blog-ostern-bastelbeispiel-papierblume-180x180.png 180w, https:\/\/www.backwinkel.de\/blog\/wp-content\/uploads\/2019\/02\/backwinkel-blog-ostern-bastelbeispiel-papierblume-705x705.png 705w, https:\/\/www.backwinkel.de\/blog\/wp-content\/uploads\/2019\/02\/backwinkel-blog-ostern-bastelbeispiel-papierblume-120x120.png 120w, https:\/\/www.backwinkel.de\/blog\/wp-content\/uploads\/2019\/02\/backwinkel-blog-ostern-bastelbeispiel-papierblume-450x450.png 450w\" sizes=\"(max-width: 1200px) 100vw, 1200px\" \/><\/div><\/div><\/div><\/div>\n\n<style type=\"text\/css\" data-created_by=\"avia_inline_auto\" id=\"style-css-av-jlnt0i5o-31-d8478412b573f67ef4d41ca514c81471\">\n.flex_column.av-jlnt0i5o-31-d8478412b573f67ef4d41ca514c81471{\nborder-radius:0px 0px 0px 0px;\npadding:10px 10px 10px 10px;\nbackground-color:#e0f1b4;\n}\n<\/style>\n<div  class='flex_column av-jlnt0i5o-31-d8478412b573f67ef4d41ca514c81471 av_one_full  avia-builder-el-32  el_after_av_one_third  el_before_av_one_full  textboxfarbig first flex_column_div  column-top-margin'     ><style type=\"text\/css\" data-created_by=\"avia_inline_auto\" id=\"style-css-av-jkuvcso3-30-d5df7d805c60cebc1b497d012c746ae3\">\n#top .av_textblock_section.av-jkuvcso3-30-d5df7d805c60cebc1b497d012c746ae3 .avia_textblock{\nfont-size:22px;\n}\n<\/style>\n<section  class='av_textblock_section av-jkuvcso3-30-d5df7d805c60cebc1b497d012c746ae3 '  ><div class='avia_textblock' ><p><strong>Tipp:<\/strong> Zum leuchtenden Hingucker wird die neu gebastelte Bl\u00fctenpracht, wenn Sie sie auf eine Lichterkette aufziehen.<\/p>\n<\/div><\/section><\/div>\n\n<style type=\"text\/css\" data-created_by=\"avia_inline_auto\" id=\"style-css-av-hh5al-24-cbfce2d643d4610ab418744b93a85976\">\n.flex_column.av-hh5al-24-cbfce2d643d4610ab418744b93a85976{\nborder-radius:0px 0px 0px 0px;\npadding:0px 0px 0px 0px;\n}\n<\/style>\n<div  class='flex_column av-hh5al-24-cbfce2d643d4610ab418744b93a85976 av_one_full  avia-builder-el-34  el_after_av_one_full  el_before_av_hr  first flex_column_div av-zero-column-padding  column-top-margin'     ><section  class='av_textblock_section av-jkuul0eg-23-8036b95472395567bdecb5ecba98d86d '  ><div class='avia_textblock' >\n<style type=\"text\/css\" data-created_by=\"avia_inline_auto\" id=\"style-css-av-7c7r8-35-94d523d6dfdac16f621742660bce513a\">\n#top .hr.hr-invisible.av-7c7r8-35-94d523d6dfdac16f621742660bce513a{\nheight:20px;\n}\n<\/style>\n<div  class='hr av-7c7r8-35-94d523d6dfdac16f621742660bce513a hr-invisible  avia-builder-el-36  avia-builder-el-no-sibling '><span class='hr-inner '><span class=\"hr-inner-style\"><\/span><\/span><\/div>\n<h2 id=\"2\" class=\"position\">Was gibt es an Ostern zu feiern? So erkl\u00e4ren Sie Kindern Ostern<\/h2>\n<p>Ostern im Kindergarten ist auch Erz\u00e4hlzeit. Mit spannenden Geschichten macht die Vorfreude aufs Osterfest gleich noch mehr Spa\u00df. Was feiern wir an Ostern eigentlich? Dreht sich alles ums Eiersuchen und den Osterhasen? Schon die Kleinsten wollen wissen, was hinter dem Fest steckt.<\/p>\n<p>Hier kommt <strong>das Kamishibai Erz\u00e4hltheater<\/strong> ins Spiel. Die magische B\u00fchne ist das ideale Medium, wenn es ums Erkl\u00e4ren geht \u2013 anschaulich, mit klaren Bildern und altersgerechten Texten. Da gibt es schon f\u00fcr unter 3-J\u00e4hrige viel zu entdecken, wie in den Geschichten mit Emma und Paul, die Ihre Kinder vielleicht schon kennen. Die <a href=\"https:\/\/www.backwinkel.de\/prod\/kamishibai-bildkarten-ostern-feiern-mit-emma-und-paul.html\" target=\"_blank\" rel=\"noopener\">Bildkarten \u201eOstern feiern mit Emma und Paul\u201c<\/a> bringen den Fr\u00fchling, die Ostervorbereitungen und das Geheimnis vom Osterhasen insbesondere kleinen Kindern anschaulich nahe.<\/p>\n<p><strong>TIPP:<\/strong> Entdecken Sie die Auswahl aller\u00a0<a href=\"https:\/\/www.backwinkel.de\/cat\/kamishibai-fruehling-ostern\/\" target=\"_blank\" rel=\"noopener\">Bildkarten zu Ostern<\/a>\u00a0in unserem Onlineshop. Sie m\u00f6chten mehr \u00fcber das Erz\u00e4hltheater erfahren? Dann lesen Sie unseren <a href=\"https:\/\/blog.backwinkel.de\/kamishibai\/\" target=\"_blank\" rel=\"noopener\">Kamishibai-Blogartikel<\/a>.<\/p>\n<h3>Wieso feiern wir eigentlich Ostern?<\/h3>\n<p>Ostern ist die wichtigste Feier im christlichen Kirchenjahr. Gefeiert wird die Auferstehung von Jesus Christus, dem Sohn Gottes. Zu Ostern geh\u00f6rt gleich eine ganze Woche, die sogenannte Karwoche, auch Stille Woche oder Trauerwoche genannt. Diese besondere Woche beginnt mit dem Palmsonntag, dem Sonntag vor Ostern. Der Palmsonntag erinnert an Jesu Einzug in Jerusalem. Dazu geh\u00f6ren auch die stillen Tage von Montag bis Mittwoch. Am f\u00fcnften Tag der Karwoche, dem Gr\u00fcndonnerstag, gedenken die Christen des letzten Abendmahls von Jesus und seinen J\u00fcngern, bevor am Karfreitag seines Leidens und Sterbens gedacht wird. Am Karsamstag ist f\u00fcr die Christen der Tag der Grabesruhe von Jesus und mit der Osterfeier am Sonntag gedenken sie seiner Auferstehung.<\/p>\n<p>Die christliche Bedeutung von Ostern wird f\u00fcr Kinder sehr gut in den Geschichten \u201eUnser Osterkalender f\u00fcrs Kamishibai\u201c nachvollziehbar. Gemeinsam mit den Geschwistern Paula und Otto erfahren sie alles rund um die Vorbereitungen zu Ostern. Sie lernen Fastenbr\u00e4uche kennen und h\u00f6ren in Bibelgeschichten von Jesu Kreuzweg und seiner Auferstehung.<\/p>\n<\/div><\/section><\/div>\n<style type=\"text\/css\" data-created_by=\"avia_inline_auto\" id=\"style-css-av-jl6mo8rj-29-2a81b86ab4e452c602703b6e715593eb\">\n#top .hr.hr-invisible.av-jl6mo8rj-29-2a81b86ab4e452c602703b6e715593eb{\nheight:40px;\n}\n<\/style>\n<div  class='hr av-jl6mo8rj-29-2a81b86ab4e452c602703b6e715593eb hr-invisible  avia-builder-el-37  el_after_av_one_full  el_before_av_one_full '><span class='hr-inner '><span class=\"hr-inner-style\"><\/span><\/span><\/div><\/p>\n\n<style type=\"text\/css\" data-created_by=\"avia_inline_auto\" id=\"style-css-av-hh5al-20-a8a7d34941dc0cf94195a02ab63dcdf0\">\n.flex_column.av-hh5al-20-a8a7d34941dc0cf94195a02ab63dcdf0{\nborder-radius:0px 0px 0px 0px;\npadding:0px 0px 0px 0px;\n}\n<\/style>\n<div  class='flex_column av-hh5al-20-a8a7d34941dc0cf94195a02ab63dcdf0 av_one_full  avia-builder-el-38  el_after_av_hr  el_before_av_one_full  first flex_column_div av-zero-column-padding  '     ><section  class='av_textblock_section av-jkuul0eg-19-a5a03efaabaf842b02bd2c925a2bfb5f '  ><div class='avia_textblock' ><h3>Weshalb gibt es zu Ostern bunte Eier?<\/h3>\n<p>Das Eierf\u00e4rben ist ein sehr alter Brauch, der auch etwas mit der Religion zu tun hat. Fr\u00fcher verzichtete man in der Fastenzeit auf Fleisch und Eier. Weil die H\u00fchner im Fr\u00fchjahr aber flei\u00dfig legten, wurden die Eier gekocht und zur Unterscheidung von den rohen gef\u00e4rbt. Zu Ostern durfte man wieder Eier essen, und aus Freude dar\u00fcber verteilten die Leute gef\u00e4rbte Eier als Geschenke.<\/p>\n<\/div><\/section><\/div>\n\n<style type=\"text\/css\" data-created_by=\"avia_inline_auto\" id=\"style-css-av-jlnt0i5o-22-5b276d6a27c80f07056fe4309f139eae\">\n.flex_column.av-jlnt0i5o-22-5b276d6a27c80f07056fe4309f139eae{\nborder-radius:0px 0px 0px 0px;\npadding:10px 10px 10px 10px;\nbackground-color:#e0f1b4;\n}\n<\/style>\n<div  class='flex_column av-jlnt0i5o-22-5b276d6a27c80f07056fe4309f139eae av_one_full  avia-builder-el-40  el_after_av_one_full  el_before_av_hr  first flex_column_div  column-top-margin'     ><style type=\"text\/css\" data-created_by=\"avia_inline_auto\" id=\"style-css-av-jkuvcso3-21-6cd5b299de739e9428ecc972a2bfd36f\">\n#top .av_textblock_section.av-jkuvcso3-21-6cd5b299de739e9428ecc972a2bfd36f .avia_textblock{\nfont-size:22px;\n}\n<\/style>\n<section  class='av_textblock_section av-jkuvcso3-21-6cd5b299de739e9428ecc972a2bfd36f '  ><div class='avia_textblock' ><p><strong>Tipp:<\/strong> Ostern ist nicht \u00fcberall gleich. Die Kinder erz\u00e4hlen, welche Br\u00e4uche f\u00fcr sie zu Ostern geh\u00f6ren, zum Beispiel das \u201eOstereiertitschen\u201c. In Griechenland werden Ostereier traditionell nur rot gef\u00e4rbt. Und in England streicht man sich gegenseitig mit Weidenzweigen, um einander mit Gl\u00fcck zu segnen.<\/p>\n<\/div><\/section><\/div>\n\n<style type=\"text\/css\" data-created_by=\"avia_inline_auto\" id=\"style-css-av-jl6mo8rj-17-931c0047c11fc65305cf933a76d2cbe8\">\n#top .hr.hr-invisible.av-jl6mo8rj-17-931c0047c11fc65305cf933a76d2cbe8{\nheight:40px;\n}\n<\/style>\n<div  class='hr av-jl6mo8rj-17-931c0047c11fc65305cf933a76d2cbe8 hr-invisible  avia-builder-el-42  el_after_av_one_full  el_before_av_one_full '><span class='hr-inner '><span class=\"hr-inner-style\"><\/span><\/span><\/div>\n\n<style type=\"text\/css\" data-created_by=\"avia_inline_auto\" id=\"style-css-av-hh5al-16-7a012b3a873b5b13808576eb318017d8\">\n.flex_column.av-hh5al-16-7a012b3a873b5b13808576eb318017d8{\nborder-radius:0px 0px 0px 0px;\npadding:0px 0px 0px 0px;\n}\n<\/style>\n<div  class='flex_column av-hh5al-16-7a012b3a873b5b13808576eb318017d8 av_one_full  avia-builder-el-43  el_after_av_hr  el_before_av_one_full  first flex_column_div av-zero-column-padding  '     ><section  class='av_textblock_section av-jkuul0eg-15-e6bcf16ccde929d4f94e5b7a09152c68 '  ><div class='avia_textblock' ><h3>Warum bringt ausgerechnet ein Hase die Ostereier?<\/h3>\n<p>Der Hase gilt von alters her, genauso wie das Ei, als Symbol f\u00fcr Fruchtbarkeit. Beide wurden als Symbole des neuen Lebens auch mit dem christlichen Osterglauben verbunden. Daher sagten die Erwachsenen den Kindern, der Osterhase habe die Eier gelegt, bunt bemalt und zum Osterfest im Gras, im Geb\u00fcsch und in Nestern versteckt.<\/p>\n<p>Es gibt noch andere Erkl\u00e4rungen, woher der Brauch mit dem Osterhasen stammen k\u00f6nnte. Eine Version ist, dass im Mittelalter manche B\u00e4cker, die zu Ostern L\u00e4mmer aus Teig backten, beim Formen die Ohren viel zu lang machten. Die Leute lachten, weil diese Osterl\u00e4mmer wie Hasen aussahen.<\/p>\n<\/div><\/section><\/div>\n\n<style type=\"text\/css\" data-created_by=\"avia_inline_auto\" id=\"style-css-av-jlnt0i5o-14-d7e47cb99e4f9c3b10087d5aa3647a53\">\n.flex_column.av-jlnt0i5o-14-d7e47cb99e4f9c3b10087d5aa3647a53{\nborder-radius:0px 0px 0px 0px;\npadding:10px 10px 10px 10px;\nbackground-color:#eddcbb;\n}\n<\/style>\n<div  class='flex_column av-jlnt0i5o-14-d7e47cb99e4f9c3b10087d5aa3647a53 av_one_full  avia-builder-el-45  el_after_av_one_full  el_before_av_one_full  first flex_column_div  column-top-margin'     ><style type=\"text\/css\" data-created_by=\"avia_inline_auto\" id=\"style-css-av-jkuvcso3-13-52617949d43d49f9a9b5f10ca45d4e2e\">\n#top .av_textblock_section.av-jkuvcso3-13-52617949d43d49f9a9b5f10ca45d4e2e .avia_textblock{\nfont-size:22px;\n}\n<\/style>\n<section  class='av_textblock_section av-jkuvcso3-13-52617949d43d49f9a9b5f10ca45d4e2e '  ><div class='avia_textblock' ><p><strong>\u00dcbrigens:<\/strong> Fr\u00fcher waren es gar nicht \u00fcberall die Hasen, die Ostereier bemalten und versteckten. Je nach Region erz\u00e4hlten die Erwachsenen den Kindern andere Geschichten. So galt der Kuckuck als Eierlieferant oder es war der Osterfuchs, der Hahn oder der Storch, der die Ostereier brachte.<\/p>\n<\/div><\/section><\/div>\n\n<style type=\"text\/css\" data-created_by=\"avia_inline_auto\" id=\"style-css-av-hh5al-11-bc7508ed50e051006636c4691a817b9f\">\n.flex_column.av-hh5al-11-bc7508ed50e051006636c4691a817b9f{\nborder-radius:0px 0px 0px 0px;\npadding:0px 0px 0px 0px;\n}\n<\/style>\n<div  class='flex_column av-hh5al-11-bc7508ed50e051006636c4691a817b9f av_one_full  avia-builder-el-47  el_after_av_one_full  el_before_av_one_full  first flex_column_div av-zero-column-padding  column-top-margin'     ><section  class='av_textblock_section av-jkuul0eg-10-87e5504f32196622ddb513665366f7ed '  ><div class='avia_textblock' >\n<style type=\"text\/css\" data-created_by=\"avia_inline_auto\" id=\"style-css-av-7c7r8-18-c33a22b3e9e86dc45c4d2f671b9583d1\">\n#top .hr.hr-invisible.av-7c7r8-18-c33a22b3e9e86dc45c4d2f671b9583d1{\nheight:20px;\n}\n<\/style>\n<div  class='hr av-7c7r8-18-c33a22b3e9e86dc45c4d2f671b9583d1 hr-invisible  avia-builder-el-49  avia-builder-el-no-sibling '><span class='hr-inner '><span class=\"hr-inner-style\"><\/span><\/span><\/div>\n<h2 id=\"3\" class=\"position\">Eieiei Osterei \u2013 Bewegungsspiele zu Ostern in Krippe und Kindergarten<\/h2>\n<p>Die Vorbereitung auf Ostern bietet gute Gelegenheiten f\u00fcr thematische Spiele und Lieder. Mit den folgenden Spielideen regen Sie Ihre Kinder vom Krippen- bis ins Vorschulalter zum Mitmachen an.<\/p>\n<h3>H\u00e4schen in der Grube<\/h3>\n<p>Bewegungsspiele und Ostern im Kindergarten \u2013 wem f\u00e4llt da nicht das \u201eH\u00e4schen in der Grube\u201c ein? Wahrscheinlich haben auch Sie dieses Kreisspiel in Ihrer Kindheit gerne gespielt. Genau wie schon Ihre Eltern, als sie klein waren.<\/p>\n<\/div><\/section><\/div>\n\n<style type=\"text\/css\" data-created_by=\"avia_inline_auto\" id=\"style-css-av-hh5al-7-3d8f67f3fe030a9a9db8010470dfdf23\">\n.flex_column.av-hh5al-7-3d8f67f3fe030a9a9db8010470dfdf23{\nborder-radius:0px 0px 0px 0px;\npadding:0px 0px 0px 0px;\n}\n<\/style>\n<div  class='flex_column av-hh5al-7-3d8f67f3fe030a9a9db8010470dfdf23 av_one_full  avia-builder-el-50  el_after_av_one_full  el_before_av_hr  first flex_column_div av-zero-column-padding  column-top-margin'     ><style type=\"text\/css\" data-created_by=\"avia_inline_auto\" id=\"style-css-av-jqz83eqo-488d032161b0dfbe1d989bf7937d51da\">\n.av_promobox.av-jqz83eqo-488d032161b0dfbe1d989bf7937d51da{\ncolor:#575757;\nbackground:#ffffff;\nborder-color:#575757;\n}\n<\/style>\n<div  class='av_promobox av-jqz83eqo-488d032161b0dfbe1d989bf7937d51da avia-button-no  avia-builder-el-51  avia-builder-el-no-sibling '><div class='avia-promocontent'><p>\nDas Lied \u201eH\u00e4schen in der Grube\u201c gibt es seit 1840. Der Text stammt vom P\u00e4dagogen Friedrich Fr\u00f6bel (1782 \u2013 1875), dem Gr\u00fcnder der Kinderg\u00e4rten.<\/p>\n<p>Von den drei Strophen wurde nur die erste popul\u00e4r \u2013 mit der Melodie von Karl Enslin (1819 \u2013 1875).<\/p>\n<\/div><\/div><\/div>\n\n<style type=\"text\/css\" data-created_by=\"avia_inline_auto\" id=\"style-css-av-jl6mo8rj-12-970b0d8a219161851bc000f785e81beb\">\n#top .hr.hr-invisible.av-jl6mo8rj-12-970b0d8a219161851bc000f785e81beb{\nheight:40px;\n}\n<\/style>\n<div  class='hr av-jl6mo8rj-12-970b0d8a219161851bc000f785e81beb hr-invisible  avia-builder-el-52  el_after_av_one_full  el_before_av_one_full '><span class='hr-inner '><span class=\"hr-inner-style\"><\/span><\/span><\/div>\n\n<style type=\"text\/css\" data-created_by=\"avia_inline_auto\" id=\"style-css-av-hh5al-5-7159e31d4755d9cdb55d398d90b3009a\">\n.flex_column.av-hh5al-5-7159e31d4755d9cdb55d398d90b3009a{\nborder-radius:0px 0px 0px 0px;\npadding:0px 0px 0px 0px;\n}\n<\/style>\n<div  class='flex_column av-hh5al-5-7159e31d4755d9cdb55d398d90b3009a av_one_full  avia-builder-el-53  el_after_av_hr  el_before_av_one_full  first flex_column_div av-zero-column-padding  '     ><section  class='av_textblock_section av-jkuul0eg-6-7f2a98cea3a9725b2e43602d2c271bc8 '  ><div class='avia_textblock' ><p><strong>So geht der Liedtext<\/strong>:<\/p>\n<p>H\u00e4schen in der Grube sa\u00df und schlief, sa\u00df und schlief.<br \/>\nArmes H\u00e4schen, bist du krank,<br \/>\ndass du nicht mehr h\u00fcpfen kannst?<br \/>\nH\u00e4schen, h\u00fcpf! H\u00e4schen, h\u00fcpf! H\u00e4schen, h\u00fcpf!<\/p>\n<p>Zum Spiel bilden die Kinder einen Kreis und fassen sich an den H\u00e4nden. W\u00e4hrend sie das Lied singen, umrunden sie das H\u00e4schenkind, das in der Kreismitte geduckt am Boden hockt und sich die Augen zuh\u00e4lt. Bei der letzten Liedzeile springt das H\u00e4schenkind auf und h\u00fcpft ein paarmal, wobei es die H\u00e4nde als Hasenohren anlegt.<\/p>\n<p>Wenn das Fr\u00fchlingswetter mitspielt, sorgt folgende <strong>Variante<\/strong> f\u00fcr noch mehr Bewegung drau\u00dfen an der frischen Luft: Die Kinder hocken sich im Kreis um das H\u00e4schenkind, das sich mit den H\u00e4nden die Augen bedeckt, und singen. Bei den Worten \u201eH\u00e4schen h\u00fcpf\u201c springen alle auf und das Kind in der Mitte verfolgt die Fliehenden. Das Kind, das eingefangen wird, ist nun das H\u00e4schen.<\/p>\n<\/div><\/section><\/div>\n<style type=\"text\/css\" data-created_by=\"avia_inline_auto\" id=\"style-css-av-jlnt0i5o-9-a927d8a23781432d5e8fbc7929f4d687\">\n.flex_column.av-jlnt0i5o-9-a927d8a23781432d5e8fbc7929f4d687{\nborder-radius:0px 0px 0px 0px;\npadding:10px 10px 10px 10px;\nbackground-color:#e0f1b4;\n}\n<\/style>\n<div  class='flex_column av-jlnt0i5o-9-a927d8a23781432d5e8fbc7929f4d687 av_one_full  avia-builder-el-55  el_after_av_one_full  el_before_av_hr  first flex_column_div  column-top-margin'     ><style type=\"text\/css\" data-created_by=\"avia_inline_auto\" id=\"style-css-av-jkuvcso3-8-def3ed4df83f6206993d4e293354564f\">\n#top .av_textblock_section.av-jkuvcso3-8-def3ed4df83f6206993d4e293354564f .avia_textblock{\nfont-size:22px;\n}\n<\/style>\n<section  class='av_textblock_section av-jkuvcso3-8-def3ed4df83f6206993d4e293354564f '  ><div class='avia_textblock' ><p><strong>Tipp:<\/strong> Kinder lieben Spiele, bei denen sie sich verkleiden. Vielleicht gibt es ja in Ihrem Fundus ein tolles Hasenkost\u00fcm (wie <a href=\"https:\/\/www.backwinkel.de\/prod\/kinder-kostuem-set-13-stueck.html\">dieses hier<\/a>), mit dem die Kleinen in die Rolle des Osterhasen schl\u00fcpfen. F\u00fcr die ganze Hasenschar k\u00f6nnen Sie einfach Hasenohren aus Tonkarton ausschneiden und an ein Stirnband heften.<\/p>\n<\/div><\/section><\/div><\/p>\n\n<style type=\"text\/css\" data-created_by=\"avia_inline_auto\" id=\"style-css-av-jl6mo8rj-4-e214593da733f09dfee630fd2eb8571c\">\n#top .hr.hr-invisible.av-jl6mo8rj-4-e214593da733f09dfee630fd2eb8571c{\nheight:40px;\n}\n<\/style>\n<div  class='hr av-jl6mo8rj-4-e214593da733f09dfee630fd2eb8571c hr-invisible  avia-builder-el-57  el_after_av_one_full  el_before_av_one_full '><span class='hr-inner '><span class=\"hr-inner-style\"><\/span><\/span><\/div>\n\n<style type=\"text\/css\" data-created_by=\"avia_inline_auto\" id=\"style-css-av-hh5al-3-97678c1b79a1ac72c89d2e3ece7fdaff\">\n.flex_column.av-hh5al-3-97678c1b79a1ac72c89d2e3ece7fdaff{\nborder-radius:0px 0px 0px 0px;\npadding:0px 0px 0px 0px;\n}\n<\/style>\n<div  class='flex_column av-hh5al-3-97678c1b79a1ac72c89d2e3ece7fdaff av_one_full  avia-builder-el-58  el_after_av_hr  el_before_av_one_full  first flex_column_div av-zero-column-padding  '     ><section  class='av_textblock_section av-jkuul0eg-2-bec8b811281b143bd361f0f16bb53a74 '  ><div class='avia_textblock' ><h3>Die Osterhasenspiele sind er\u00f6ffnet: 5 Spielideen zu Ostern im Kindergarten<\/h3>\n<p>Lustige Hasenlieder, zum Beispiel \u201eStups, der kleine Osterhase\u201c von Rolf Zuckowski oder \u201eHoppelhase Hans\u201c von Volker Rosin, laden zum Mitmachen ein. Dazu passen diese <strong>5 Spielideen<\/strong>:<\/p>\n<h4>Osterm\u00fctzen-Tanz<\/h4>\n<p>Alle Kinder setzen eine M\u00fctze so auf, dass Sie oben eine kleine Mulde formen k\u00f6nnen, in die Sie ein Osterei legen. Das Ei d\u00fcrfen die Kinder nicht mit den H\u00e4nden festhalten. Die Kinder bewegen sich so lange zur Musik, bis Sie die Stopptaste am CD-Player dr\u00fccken. Dann setzen sich alle auf einen Stuhl oder den Boden, wobei das Ei in der M\u00fctzenmulde liegen bleiben sollte. Denn wer das Osterei verliert, scheidet aus.<\/p>\n<h4>Wer stibitzt die Ostereier?<\/h4>\n<p>Auf den Boden legen Sie oder Ihre Kinder einen Kreis aus 20 Ostereiern. Ein Kind setzt sich mit einer Tr\u00f6te oder Pfeife in den Kreis und bewacht die Eier. Die anderen Spieler versuchen nun, die Eier heimlich zu stibitzen. Sobald ein Eierdieb erwischt wird, wird er ausgepfiffen und spielt nicht mehr mit. Wenn nur noch zwei Eier \u00fcbrig sind, ist das Spiel beendet. Gewonnen hat das Kind mit den meisten stibitzen Eiern.<\/p>\n<h4>Stibitzte Ostereier als Wahrnehmungsspiel<\/h4>\n<p>In einem Nest liegen unterschiedlich gemusterte Ostereier. Je nach Alter der Kinder k\u00f6nnen es 5 bis 10 Eier sein. Die Kinder pr\u00e4gen sich die Muster gut ein. Dann legen Sie ein Tuch \u00fcber das Nest und entfernen, f\u00fcr die Kinder verdeckt, zwei der Eier. Welche Ostereier fehlen?<\/p>\n<h4>Vorsicht, der Fuchs kommt<\/h4>\n<p>Im Raum liegen viele Ostereier verteilt. Jedes Kind erh\u00e4lt einen Eierkarton und stellt ihn an einer beliebigen Stelle ab, dort ist das Hasenhaus. Die Hasenkinder h\u00fcpfen nun zur Musik durch den Raum, sammeln Ostereier ein \u2013 immer nur ein Ei \u2013 und legen sie in ihren Eierkarton. Wenn die Musik stoppt, legen die Hasen das Ei dort ab, wo sie gerade sind, und h\u00fcpfen schnell zu ihrem Hasenhaus. Erst wenn die Musik wieder einsetzt, sammeln sie weiter. Welcher Hase schafft es, seinen Eierkarton zu f\u00fcllen?<\/p>\n<h4>Ostereier-Staffellauf<\/h4>\n<p>Die Kinder stellen sich in zwei oder drei Gruppen hinter einer Startlinie auf. Jeder Gruppenerste bekommt ein leeres K\u00f6rbchen. In einiger Entfernung liegen bunte Plastikeier verteilt.<br \/>\nUnd los geht&#8217;s: Aus jeder Gruppe l\u00e4uft das erste Kind zu den Eiern, legt ein Ei in den Korb, l\u00e4uft damit zur\u00fcck und \u00fcbergibt ihn dem n\u00e4chsten Spieler. Geht unterwegs ein Ei verloren, muss es sofort wieder ins K\u00f6rbchen gelegt werden. Welche Gruppe sammelt am schnellsten alle Ostereier ein?<\/p>\n<\/div><\/section><\/div>\n<style type=\"text\/css\" data-created_by=\"avia_inline_auto\" id=\"style-css-av-jley1l06-be8863a15e87d33f314fbd4b76b14014\">\n.flex_column.av-jley1l06-be8863a15e87d33f314fbd4b76b14014{\nborder-radius:0px 0px 0px 0px;\npadding:10px 10px 10px 10px;\nbackground-color:#f2f2f2;\n}\n<\/style>\n<div  class='flex_column av-jley1l06-be8863a15e87d33f314fbd4b76b14014 av_one_full  avia-builder-el-60  el_after_av_one_full  el_before_av_one_full  first flex_column_div  column-top-margin'     ><section  class='av_textblock_section av-jkuvcso3-1-752a428351bd5cad8144cc5f83788fe5 '  ><div class='avia_textblock' ><p><strong>Oster-Fundgrube zum Weiterlesen: <\/strong><\/p>\n<p>Angelika Albrecht-Schaffer: Die Ostergeschichte. Eine Geschichte f\u00fcr unser Schattentheater. Mit Textvorlage und Figuren zum Ausschneiden. M\u00fcnchen (Don Bosco) 2017.<\/p>\n<p>Monika Burger, Wolfgang Slawski: Die Osterbotschaft. 6 Bildkarten f\u00fcr das Erz\u00e4hltheater. M\u00fcnchen (Hase und Igel) 2017.<\/p>\n<p>Helga Fell, Antje Bohnstedt: Da dr\u00fcben sitzt ein Osterhas\u2019: Bilderbuchgeschichten f\u00fcr unser Erz\u00e4hltheater. M\u00fcnchen (Don Bosco) 2016.<\/p>\n<p>Esther Hebert, Gesa Rensmann, Petra Lefin: Unser Osterkalender f\u00fcrs Kamishibai. Geschichten, Brauchtum und Bastelideen f\u00fcr die Fastenzeit von Aschermittwoch bis Ostern. M\u00fcnchen (Don Bosco) 2017.<\/p>\n<\/div><\/section><\/div><\/p>\n\n<style type=\"text\/css\" data-created_by=\"avia_inline_auto\" id=\"style-css-av-1p82t-b0e9719fe6c67aa5c6d1abf813961e55\">\n.flex_column.av-1p82t-b0e9719fe6c67aa5c6d1abf813961e55{\nborder-radius:0px 0px 0px 0px;\npadding:0px 0px 0px 0px;\n}\n<\/style>\n<div  class='flex_column av-1p82t-b0e9719fe6c67aa5c6d1abf813961e55 av_one_full  avia-builder-el-62  el_after_av_one_full  avia-builder-el-last  first flex_column_div av-zero-column-padding  column-top-margin'     ><p><section  class='av_textblock_section av-jlp4hxqo-91baaad30cd61f89630d15f8561d1750 '  ><div class='avia_textblock' ><div class=\"shariff shariff-align-left shariff-widget-align-left\"><ul class=\"shariff-buttons theme-color orientation-horizontal buttonsize-medium\"><li class=\"shariff-button whatsapp shariff-nocustomcolor\" style=\"background-color:#5cbe4a\"><a href=\"https:\/\/api.whatsapp.com\/send?text=https%3A%2F%2Fwww.backwinkel.de%2Fblog%2Fostern-im-kindergarten%2F%20Ostern%20im%20Kindergarten%3A\" title=\"Bei Whatsapp teilen\" aria-label=\"Bei Whatsapp teilen\" role=\"button\" rel=\"noopener nofollow\" class=\"shariff-link\" style=\"; background-color:#34af23; color:#fff\" target=\"_blank\"><span class=\"shariff-icon\" style=\"\"><svg width=\"32px\" height=\"20px\" xmlns=\"http:\/\/www.w3.org\/2000\/svg\" viewBox=\"0 0 32 32\"><path fill=\"#34af23\" d=\"M17.6 17.4q0.2 0 1.7 0.8t1.6 0.9q0 0.1 0 0.3 0 0.6-0.3 1.4-0.3 0.7-1.3 1.2t-1.8 0.5q-1 0-3.4-1.1-1.7-0.8-3-2.1t-2.6-3.3q-1.3-1.9-1.3-3.5v-0.1q0.1-1.6 1.3-2.8 0.4-0.4 0.9-0.4 0.1 0 0.3 0t0.3 0q0.3 0 0.5 0.1t0.3 0.5q0.1 0.4 0.6 1.6t0.4 1.3q0 0.4-0.6 1t-0.6 0.8q0 0.1 0.1 0.3 0.6 1.3 1.8 2.4 1 0.9 2.7 1.8 0.2 0.1 0.4 0.1 0.3 0 1-0.9t0.9-0.9zM14 26.9q2.3 0 4.3-0.9t3.6-2.4 2.4-3.6 0.9-4.3-0.9-4.3-2.4-3.6-3.6-2.4-4.3-0.9-4.3 0.9-3.6 2.4-2.4 3.6-0.9 4.3q0 3.6 2.1 6.6l-1.4 4.2 4.3-1.4q2.8 1.9 6.2 1.9zM14 2.2q2.7 0 5.2 1.1t4.3 2.9 2.9 4.3 1.1 5.2-1.1 5.2-2.9 4.3-4.3 2.9-5.2 1.1q-3.5 0-6.5-1.7l-7.4 2.4 2.4-7.2q-1.9-3.2-1.9-6.9 0-2.7 1.1-5.2t2.9-4.3 4.3-2.9 5.2-1.1z\"\/><\/svg><\/span><span class=\"shariff-text\">teilen<\/span>&nbsp;<\/a><\/li><li class=\"shariff-button facebook shariff-nocustomcolor\" style=\"background-color:#4273c8\"><a href=\"https:\/\/www.facebook.com\/sharer\/sharer.php?u=https%3A%2F%2Fwww.backwinkel.de%2Fblog%2Fostern-im-kindergarten%2F\" title=\"Bei Facebook teilen\" aria-label=\"Bei Facebook teilen\" role=\"button\" rel=\"nofollow\" class=\"shariff-link\" style=\"; background-color:#3b5998; color:#fff\" target=\"_blank\"><span class=\"shariff-icon\" style=\"\"><svg width=\"32px\" height=\"20px\" xmlns=\"http:\/\/www.w3.org\/2000\/svg\" viewBox=\"0 0 18 32\"><path fill=\"#3b5998\" d=\"M17.1 0.2v4.7h-2.8q-1.5 0-2.1 0.6t-0.5 1.9v3.4h5.2l-0.7 5.3h-4.5v13.6h-5.5v-13.6h-4.5v-5.3h4.5v-3.9q0-3.3 1.9-5.2t5-1.8q2.6 0 4.1 0.2z\"\/><\/svg><\/span><span class=\"shariff-text\">teilen<\/span>&nbsp;<\/a><\/li><li class=\"shariff-button twitter shariff-nocustomcolor\" style=\"background-color:#595959\"><a href=\"https:\/\/twitter.com\/share?url=https%3A%2F%2Fwww.backwinkel.de%2Fblog%2Fostern-im-kindergarten%2F&text=Ostern%20im%20Kindergarten%3A\" title=\"Bei X teilen\" aria-label=\"Bei X teilen\" role=\"button\" rel=\"noopener nofollow\" class=\"shariff-link\" style=\"; background-color:#000; color:#fff\" target=\"_blank\"><span class=\"shariff-icon\" style=\"\"><svg width=\"32px\" height=\"20px\" xmlns=\"http:\/\/www.w3.org\/2000\/svg\" viewBox=\"0 0 24 24\"><path fill=\"#000\" d=\"M14.258 10.152L23.176 0h-2.113l-7.747 8.813L7.133 0H0l9.352 13.328L0 23.973h2.113l8.176-9.309 6.531 9.309h7.133zm-2.895 3.293l-.949-1.328L2.875 1.56h3.246l6.086 8.523.945 1.328 7.91 11.078h-3.246zm0 0\"\/><\/svg><\/span><span class=\"shariff-text\">teilen<\/span>&nbsp;<\/a><\/li><li class=\"shariff-button pinterest shariff-nocustomcolor\" style=\"background-color:#e70f18\"><a href=\"https:\/\/www.pinterest.com\/pin\/create\/link\/?url=https%3A%2F%2Fwww.backwinkel.de%2Fblog%2Fostern-im-kindergarten%2F&media=https%3A%2F%2Fwww.backwinkel.de%2Fblog%2Fwp-content%2Fuploads%2F2019%2F02%2Fbackwinkel-blog-ostern-heroimage.jpg&description=Ostern%20im%20Kindergarten%3A\" title=\"Bei Pinterest pinnen\" aria-label=\"Bei Pinterest pinnen\" role=\"button\" rel=\"noopener nofollow\" class=\"shariff-link\" style=\"; background-color:#cb2027; color:#fff\" target=\"_blank\"><span class=\"shariff-icon\" style=\"\"><svg width=\"32px\" height=\"20px\" xmlns=\"http:\/\/www.w3.org\/2000\/svg\" viewBox=\"0 0 27 32\"><path fill=\"#cb2027\" d=\"M27.4 16q0 3.7-1.8 6.9t-5 5-6.9 1.9q-2 0-3.9-0.6 1.1-1.7 1.4-2.9 0.2-0.6 1-3.8 0.4 0.7 1.3 1.2t2 0.5q2.1 0 3.8-1.2t2.7-3.4 0.9-4.8q0-2-1.1-3.8t-3.1-2.9-4.5-1.2q-1.9 0-3.5 0.5t-2.8 1.4-2 2-1.2 2.3-0.4 2.4q0 1.9 0.7 3.3t2.1 2q0.5 0.2 0.7-0.4 0-0.1 0.1-0.5t0.2-0.5q0.1-0.4-0.2-0.8-0.9-1.1-0.9-2.7 0-2.7 1.9-4.6t4.9-2q2.7 0 4.2 1.5t1.5 3.8q0 3-1.2 5.2t-3.1 2.1q-1.1 0-1.7-0.8t-0.4-1.9q0.1-0.6 0.5-1.7t0.5-1.8 0.2-1.4q0-0.9-0.5-1.5t-1.4-0.6q-1.1 0-1.9 1t-0.8 2.6q0 1.3 0.4 2.2l-1.8 7.5q-0.3 1.2-0.2 3.2-3.7-1.6-6-5t-2.3-7.6q0-3.7 1.9-6.9t5-5 6.9-1.9 6.9 1.9 5 5 1.8 6.9z\"\/><\/svg><\/span><span class=\"shariff-text\">merken<\/span>&nbsp;<\/a><\/li><li class=\"shariff-button mailto shariff-nocustomcolor\" style=\"background-color:#a8a8a8\"><a href=\"mailto:?body=https%3A%2F%2Fwww.backwinkel.de%2Fblog%2Fostern-im-kindergarten%2F&subject=Ostern%20im%20Kindergarten%3A\" title=\"Per E-Mail versenden\" aria-label=\"Per E-Mail versenden\" role=\"button\" rel=\"noopener nofollow\" class=\"shariff-link\" style=\"; background-color:#999; color:#fff\"><span class=\"shariff-icon\" style=\"\"><svg width=\"32px\" height=\"20px\" xmlns=\"http:\/\/www.w3.org\/2000\/svg\" viewBox=\"0 0 32 32\"><path fill=\"#999\" d=\"M32 12.7v14.2q0 1.2-0.8 2t-2 0.9h-26.3q-1.2 0-2-0.9t-0.8-2v-14.2q0.8 0.9 1.8 1.6 6.5 4.4 8.9 6.1 1 0.8 1.6 1.2t1.7 0.9 2 0.4h0.1q0.9 0 2-0.4t1.7-0.9 1.6-1.2q3-2.2 8.9-6.1 1-0.7 1.8-1.6zM32 7.4q0 1.4-0.9 2.7t-2.2 2.2q-6.7 4.7-8.4 5.8-0.2 0.1-0.7 0.5t-1 0.7-0.9 0.6-1.1 0.5-0.9 0.2h-0.1q-0.4 0-0.9-0.2t-1.1-0.5-0.9-0.6-1-0.7-0.7-0.5q-1.6-1.1-4.7-3.2t-3.6-2.6q-1.1-0.7-2.1-2t-1-2.5q0-1.4 0.7-2.3t2.1-0.9h26.3q1.2 0 2 0.8t0.9 2z\"\/><\/svg><\/span><span class=\"shariff-text\">E-Mail<\/span>&nbsp;<\/a><\/li><\/ul><\/div>\n<\/div><\/section><br \/>\n<div  class='tabcontainer av-jlq8shhr-b676e11701d9718d755b04dc68ac4c10 top_tab  avia-builder-el-64  el_after_av_textblock  el_before_av_hr '>\n<section class='av_tab_section av_tab_section av-4w8jsn-17d4c89754803ac141d68451b8b1d1a6' ><div id='tab-id-1-tab' class='tab active_tab' role='tab' aria-selected=\"true\" tabindex=\"0\" data-fake-id='#tab-id-1' aria-controls='tab-id-1-content' >Das BACKWINKEL-Blog-Team:<\/div><div id='tab-id-1-content' class='tab_content active_tab_content' role='tabpanel' aria-labelledby='tab-id-1-tab' aria-hidden=\"false\"><div class='tab_inner_content invers-color' ><p><img decoding=\"async\" class=\"wp-image-1768 alignleft\" title=\"BACKWINKEL-Blog \u2013 Das Team\" src=\"https:\/\/blog.backwinkel.de\/wp-content\/uploads\/2018\/10\/backwinkel-blog-autorenbox-intern_preview-300x198.jpg\" alt=\"\" width=\"300\" height=\"198\" \/>Gibts auch ein Gesicht hinter dem BACKWINKEL-Blog? Ja. Vier ?. Drei davon sogar mit Foto.<\/p>\n<p><span style=\"font-style: inherit !important; font-weight: inherit !important;\">Wir \u2013 Lukas, Tatjana, Stefan und Christine \u2013 bespielen unseren Blog unter dem Motto LACHEN LESEN LERNEN. <\/span><\/p>\n<p><span style=\"font-style: inherit !important; font-weight: inherit !important;\">Lukas kennt sich online so gut aus wie in seiner Westentasche und findet immer spannende Themen, w\u00e4hrend Stefan unseren Beitr\u00e4gen den passenden gestalterischen Rahmen gibt und Tatjana mit dem gr\u00fcnen Korrekturstift alles pr\u00fcfend be\u00e4ugt, was unsere Autorin Christine (und gern auch Gastautoren) f\u00fcr den BACKWINKEL-Blog nach ordentlicher Recherche schreibt.<\/span><\/p>\n<p>Gemeinsam suchen wir st\u00e4ndig nach neuen, aufregenden Themen rund um das Thema Bildung im Kiga, der Schule und zu Hause. Und weil Sie da an der Quelle sitzen, freuen wir uns auf Ihre konstruktiven R\u00fcckmeldungen und Anregungen an <a href=\"mailto:blog@backwinkel.de\">blog@backwinkel.de<\/a><\/p>\n<p>Viel Spa\u00df beim LACHEN LESEN LERNEN!<\/p>\n<\/div><\/div><\/section>\n<\/div><br \/>\n\n<style type=\"text\/css\" data-created_by=\"avia_inline_auto\" id=\"style-css-av-jkuvdh82-b6ea5d9aca5d02d0d62bf300de93e492\">\n#top .hr.av-jkuvdh82-b6ea5d9aca5d02d0d62bf300de93e492{\nmargin-top:10px;\nmargin-bottom:10px;\n}\n.hr.av-jkuvdh82-b6ea5d9aca5d02d0d62bf300de93e492 .hr-inner{\nwidth:500;\n}\n<\/style>\n<div  class='hr av-jkuvdh82-b6ea5d9aca5d02d0d62bf300de93e492 hr-custom  avia-builder-el-65  el_after_av_tab_container  el_before_av_heading  hr-left hr-icon-no'><span class='hr-inner inner-border-av-border-thin'><span class=\"hr-inner-style\"><\/span><\/span><\/div><br \/>\n\n<style type=\"text\/css\" data-created_by=\"avia_inline_auto\" id=\"style-css-av-2tk6e4-bdaf5759cb28cf843f0a6a0faea2c99f\">\n#top .av-special-heading.av-2tk6e4-bdaf5759cb28cf843f0a6a0faea2c99f{\npadding-bottom:10px;\n}\nbody .av-special-heading.av-2tk6e4-bdaf5759cb28cf843f0a6a0faea2c99f .av-special-heading-tag .heading-char{\nfont-size:25px;\n}\n.av-special-heading.av-2tk6e4-bdaf5759cb28cf843f0a6a0faea2c99f .av-subheading{\nfont-size:15px;\n}\n<\/style>\n<div  class='av-special-heading av-2tk6e4-bdaf5759cb28cf843f0a6a0faea2c99f av-special-heading-h3 blockquote modern-quote  avia-builder-el-66  el_after_av_hr  el_before_av_blog '><h3 class='av-special-heading-tag '  >PASSENDE BEITR\u00c4GE<\/h3><div class=\"special-heading-border\"><div class=\"special-heading-inner-border\"><\/div><\/div><\/div><br \/>\n<div  data-slideshow-options=\"{&quot;animation&quot;:&quot;fade&quot;,&quot;autoplay&quot;:false,&quot;loop_autoplay&quot;:&quot;once&quot;,&quot;interval&quot;:5,&quot;loop_manual&quot;:&quot;manual-endless&quot;,&quot;autoplay_stopper&quot;:false,&quot;noNavigation&quot;:false,&quot;show_slide_delay&quot;:90}\" class='avia-content-slider avia-content-grid-active avia-content-slider1 avia-content-slider-odd  avia-builder-el-67  el_after_av_heading  avia-builder-el-last  av-slideshow-ui av-control-default   av-no-slider-navigation av-slideshow-manual av-loop-once av-loop-manual-endless ' ><div class=\"avia-content-slider-inner\"><div class=\"slide-entry-wrap\"><article class='slide-entry flex_column  post-entry post-entry-18633 slide-entry-overview slide-loop-1 slide-parity-odd  av_one_third first real-thumbnail posttype-post post-format-standard' ><a href='https:\/\/www.backwinkel.de\/blog\/plastik-recyceln\/' data-rel='slide-1' class='slide-image' title='Plastik recyceln'><img decoding=\"async\" fetchpriority=\"high\" width=\"1200\" height=\"628\" src=\"https:\/\/www.backwinkel.de\/blog\/wp-content\/uploads\/2026\/04\/04_Kiga_Plastik_nachhaltig_nutzen.jpg\" class=\"wp-image-18713 avia-img-lazy-loading-not-18713 attachment-no scaling size-no scaling wp-post-image\" alt=\"\" \/><\/a><div class=\"slide-content\"><header class=\"entry-content-header\" aria-label=\"Slide: Plastik recyceln\"><h3 class='slide-entry-title entry-title ' ><a href='https:\/\/www.backwinkel.de\/blog\/plastik-recyceln\/' title='Plastik recyceln'>Plastik recyceln<\/a><\/h3><span class=\"blog-categories minor-meta\"><a href=\"https:\/\/www.backwinkel.de\/blog\/category\/kindergarten-kita\/\" rel=\"tag\">Kindergarten<\/a> <\/span><span class=\"av-vertical-delimiter\"><\/span><\/header><div class='slide-entry-excerpt entry-content' >Biokunststoff f\u00fcr St\u00fchle, Materialboxen, Spielzeug und Rucks\u00e4cke<\/div><\/div><footer class=\"entry-footer\"><div class=\"slide-meta\"><time class='slide-meta-time updated' >14. April 2026<\/time><\/div><\/footer><\/article><article class='slide-entry flex_column  post-entry post-entry-18716 slide-entry-overview slide-loop-2 slide-parity-even  av_one_third  real-thumbnail posttype-post post-format-standard' ><a href='https:\/\/www.backwinkel.de\/blog\/rechnen-im-anfangsunterricht\/' data-rel='slide-1' class='slide-image' title='Rechnen im Anfangsunterricht'><img decoding=\"async\" fetchpriority=\"high\" width=\"1200\" height=\"628\" src=\"https:\/\/www.backwinkel.de\/blog\/wp-content\/uploads\/2026\/04\/04_Schule_Rechnen_anfangsunterricht.jpg\" class=\"wp-image-18748 avia-img-lazy-loading-not-18748 attachment-no scaling size-no scaling wp-post-image\" alt=\"\" \/><\/a><div class=\"slide-content\"><header class=\"entry-content-header\" aria-label=\"Slide: Rechnen im Anfangsunterricht\"><h3 class='slide-entry-title entry-title ' ><a href='https:\/\/www.backwinkel.de\/blog\/rechnen-im-anfangsunterricht\/' title='Rechnen im Anfangsunterricht'>Rechnen im Anfangsunterricht<\/a><\/h3><span class=\"blog-categories minor-meta\"><a href=\"https:\/\/www.backwinkel.de\/blog\/category\/schule-grundschule\/\" rel=\"tag\">Schule<\/a> <\/span><span class=\"av-vertical-delimiter\"><\/span><\/header><div class='slide-entry-excerpt entry-content' >Das Klassenzimmer als Lernlandschaft<\/div><\/div><footer class=\"entry-footer\"><div class=\"slide-meta\"><time class='slide-meta-time updated' >14. April 2026<\/time><\/div><\/footer><\/article><article class='slide-entry flex_column  post-entry post-entry-18372 slide-entry-overview slide-loop-3 slide-parity-odd  post-entry-last  av_one_third  real-thumbnail posttype-post post-format-standard' ><a href='https:\/\/www.backwinkel.de\/blog\/kranke-kinder-im-kindergarten\/' data-rel='slide-1' class='slide-image' title='Kranke Kinder im Kindergarten'><img decoding=\"async\" fetchpriority=\"high\" width=\"1200\" height=\"628\" src=\"https:\/\/www.backwinkel.de\/blog\/wp-content\/uploads\/2026\/03\/03_Kiga_Kranke_Kinder.jpg\" class=\"wp-image-18451 avia-img-lazy-loading-not-18451 attachment-no scaling size-no scaling wp-post-image\" alt=\"Thema: Kranke Kinder. Auf dem Bild ist ein krankes kleines M\u00e4dchen zu sehen. Eine Frau mit einem Fieberthermometer in der Hand sitzt neben ihr und hat die Hand auf der Stirn des M\u00e4dchens.\" \/><\/a><div class=\"slide-content\"><header class=\"entry-content-header\" aria-label=\"Slide: Kranke Kinder im Kindergarten\"><h3 class='slide-entry-title entry-title ' ><a href='https:\/\/www.backwinkel.de\/blog\/kranke-kinder-im-kindergarten\/' title='Kranke Kinder im Kindergarten'>Kranke Kinder im Kindergarten<\/a><\/h3><span class=\"blog-categories minor-meta\"><a href=\"https:\/\/www.backwinkel.de\/blog\/category\/kindergarten-kita\/\" rel=\"tag\">Kindergarten<\/a> <\/span><span class=\"av-vertical-delimiter\"><\/span><\/header><div class='slide-entry-excerpt entry-content' >Auswirkungen f\u00fcr Kinder, Eltern und Fachkr\u00e4fte<\/div><\/div><footer class=\"entry-footer\"><div class=\"slide-meta\"><time class='slide-meta-time updated' >9. M\u00e4rz 2026<\/time><\/div><\/footer><\/article><\/div><\/div><\/div><\/p><\/div>\n","protected":false},"excerpt":{"rendered":"<p>Bei diesen Geschichten und kreativen Ideen stellt sogar der Osterhase die L\u00f6ffel auf<\/p>\n","protected":false},"author":3,"featured_media":2623,"comment_status":"closed","ping_status":"closed","sticky":false,"template":"","format":"standard","meta":{"inline_featured_image":false,"footnotes":""},"categories":[5],"tags":[],"class_list":["post-2620","post","type-post","status-publish","format-standard","has-post-thumbnail","hentry","category-kindergarten-kita"],"yoast_head":"<!-- This site is optimized with the Yoast SEO plugin v27.5 - https:\/\/yoast.com\/product\/yoast-seo-wordpress\/ -->\n<title>Ostern im Kindergarten: Bastelideen, Spiele-Ideen &amp; Tipps | backwinkel.de<\/title>\n<meta name=\"description\" content=\"Wieso sind die Eier bunt und warum bringt sie ein Hase? Antworten auf diese spannende Fragen, inspirierende Bastelanleitungen und Spielideen zu Ostern im Kindergarten finden Sie in unserem Blogartikel.\" \/>\n<meta name=\"robots\" content=\"index, follow, max-snippet:-1, max-image-preview:large, max-video-preview:-1\" \/>\n<link rel=\"canonical\" href=\"https:\/\/www.backwinkel.de\/blog\/ostern-im-kindergarten\/\" \/>\n<meta property=\"og:locale\" content=\"de_DE\" \/>\n<meta property=\"og:type\" content=\"article\" \/>\n<meta property=\"og:title\" content=\"Ostern im Kindergarten: Bastelideen, Spiele-Ideen &amp; Tipps | backwinkel.de\" \/>\n<meta property=\"og:description\" content=\"Wieso sind die Eier bunt und warum bringt sie ein Hase? Antworten auf diese spannende Fragen, inspirierende Bastelanleitungen und Spielideen zu Ostern im Kindergarten finden Sie in unserem Blogartikel.\" \/>\n<meta property=\"og:url\" content=\"https:\/\/www.backwinkel.de\/blog\/ostern-im-kindergarten\/\" \/>\n<meta property=\"og:site_name\" content=\"BACKWINKEL Blog\" \/>\n<meta property=\"article:published_time\" content=\"2019-03-04T10:06:50+00:00\" \/>\n<meta property=\"article:modified_time\" content=\"2026-04-22T06:50:56+00:00\" \/>\n<meta property=\"og:image\" content=\"https:\/\/www.backwinkel.de\/blog\/wp-content\/uploads\/2019\/02\/backwinkel-blog-ostern-heroimage.jpg\" \/>\n\t<meta property=\"og:image:width\" content=\"1200\" \/>\n\t<meta property=\"og:image:height\" content=\"628\" \/>\n\t<meta property=\"og:image:type\" content=\"image\/jpeg\" \/>\n<meta name=\"author\" content=\"BACKWINKEL\" \/>\n<meta name=\"twitter:card\" content=\"summary_large_image\" \/>\n<meta name=\"twitter:label1\" content=\"Verfasst von\" \/>\n\t<meta name=\"twitter:data1\" content=\"BACKWINKEL\" \/>\n\t<meta name=\"twitter:label2\" content=\"Gesch\u00e4tzte Lesezeit\" \/>\n\t<meta name=\"twitter:data2\" content=\"16\u00a0Minuten\" \/>\n<script type=\"application\/ld+json\" class=\"yoast-schema-graph\">{\"@context\":\"https:\\\/\\\/schema.org\",\"@graph\":[{\"@type\":\"Article\",\"@id\":\"https:\\\/\\\/www.backwinkel.de\\\/blog\\\/ostern-im-kindergarten\\\/#article\",\"isPartOf\":{\"@id\":\"https:\\\/\\\/www.backwinkel.de\\\/blog\\\/ostern-im-kindergarten\\\/\"},\"author\":{\"name\":\"BACKWINKEL\",\"@id\":\"https:\\\/\\\/www.backwinkel.de\\\/blog\\\/#\\\/schema\\\/person\\\/3d64575316540d25f7866264a4b7cd24\"},\"headline\":\"Ostern im Kindergarten:\",\"datePublished\":\"2019-03-04T10:06:50+00:00\",\"dateModified\":\"2026-04-22T06:50:56+00:00\",\"mainEntityOfPage\":{\"@id\":\"https:\\\/\\\/www.backwinkel.de\\\/blog\\\/ostern-im-kindergarten\\\/\"},\"wordCount\":6428,\"image\":{\"@id\":\"https:\\\/\\\/www.backwinkel.de\\\/blog\\\/ostern-im-kindergarten\\\/#primaryimage\"},\"thumbnailUrl\":\"https:\\\/\\\/www.backwinkel.de\\\/blog\\\/wp-content\\\/uploads\\\/2019\\\/02\\\/backwinkel-blog-ostern-heroimage.jpg\",\"articleSection\":[\"Kindergarten\"],\"inLanguage\":\"de\"},{\"@type\":\"WebPage\",\"@id\":\"https:\\\/\\\/www.backwinkel.de\\\/blog\\\/ostern-im-kindergarten\\\/\",\"url\":\"https:\\\/\\\/www.backwinkel.de\\\/blog\\\/ostern-im-kindergarten\\\/\",\"name\":\"Ostern im Kindergarten: Bastelideen, Spiele-Ideen & Tipps | backwinkel.de\",\"isPartOf\":{\"@id\":\"https:\\\/\\\/www.backwinkel.de\\\/blog\\\/#website\"},\"primaryImageOfPage\":{\"@id\":\"https:\\\/\\\/www.backwinkel.de\\\/blog\\\/ostern-im-kindergarten\\\/#primaryimage\"},\"image\":{\"@id\":\"https:\\\/\\\/www.backwinkel.de\\\/blog\\\/ostern-im-kindergarten\\\/#primaryimage\"},\"thumbnailUrl\":\"https:\\\/\\\/www.backwinkel.de\\\/blog\\\/wp-content\\\/uploads\\\/2019\\\/02\\\/backwinkel-blog-ostern-heroimage.jpg\",\"datePublished\":\"2019-03-04T10:06:50+00:00\",\"dateModified\":\"2026-04-22T06:50:56+00:00\",\"author\":{\"@id\":\"https:\\\/\\\/www.backwinkel.de\\\/blog\\\/#\\\/schema\\\/person\\\/3d64575316540d25f7866264a4b7cd24\"},\"description\":\"Wieso sind die Eier bunt und warum bringt sie ein Hase? Antworten auf diese spannende Fragen, inspirierende Bastelanleitungen und Spielideen zu Ostern im Kindergarten finden Sie in unserem Blogartikel.\",\"breadcrumb\":{\"@id\":\"https:\\\/\\\/www.backwinkel.de\\\/blog\\\/ostern-im-kindergarten\\\/#breadcrumb\"},\"inLanguage\":\"de\",\"potentialAction\":[{\"@type\":\"ReadAction\",\"target\":[\"https:\\\/\\\/www.backwinkel.de\\\/blog\\\/ostern-im-kindergarten\\\/\"]}]},{\"@type\":\"ImageObject\",\"inLanguage\":\"de\",\"@id\":\"https:\\\/\\\/www.backwinkel.de\\\/blog\\\/ostern-im-kindergarten\\\/#primaryimage\",\"url\":\"https:\\\/\\\/www.backwinkel.de\\\/blog\\\/wp-content\\\/uploads\\\/2019\\\/02\\\/backwinkel-blog-ostern-heroimage.jpg\",\"contentUrl\":\"https:\\\/\\\/www.backwinkel.de\\\/blog\\\/wp-content\\\/uploads\\\/2019\\\/02\\\/backwinkel-blog-ostern-heroimage.jpg\",\"width\":1200,\"height\":628,\"caption\":\"Ostern im Kindergarten: Bastelideen, Spiele-Ideen & Tipps\"},{\"@type\":\"BreadcrumbList\",\"@id\":\"https:\\\/\\\/www.backwinkel.de\\\/blog\\\/ostern-im-kindergarten\\\/#breadcrumb\",\"itemListElement\":[{\"@type\":\"ListItem\",\"position\":1,\"name\":\"Startseite\",\"item\":\"https:\\\/\\\/blog.backwinkel.de\\\/aktuelles\\\/\"},{\"@type\":\"ListItem\",\"position\":2,\"name\":\"Ostern im Kindergarten:\"}]},{\"@type\":\"WebSite\",\"@id\":\"https:\\\/\\\/www.backwinkel.de\\\/blog\\\/#website\",\"url\":\"https:\\\/\\\/www.backwinkel.de\\\/blog\\\/\",\"name\":\"BACKWINKEL Blog\",\"description\":\"f\u00fcr Lehrer, Erzieher und Eltern\",\"potentialAction\":[{\"@type\":\"SearchAction\",\"target\":{\"@type\":\"EntryPoint\",\"urlTemplate\":\"https:\\\/\\\/www.backwinkel.de\\\/blog\\\/?s={search_term_string}\"},\"query-input\":{\"@type\":\"PropertyValueSpecification\",\"valueRequired\":true,\"valueName\":\"search_term_string\"}}],\"inLanguage\":\"de\"},{\"@type\":\"Person\",\"@id\":\"https:\\\/\\\/www.backwinkel.de\\\/blog\\\/#\\\/schema\\\/person\\\/3d64575316540d25f7866264a4b7cd24\",\"name\":\"BACKWINKEL\",\"sameAs\":[\"http:\\\/\\\/www.backwinkel.de\"],\"url\":\"https:\\\/\\\/www.backwinkel.de\\\/blog\\\/author\\\/backwinkel\\\/\"}]}<\/script>\n<!-- \/ Yoast SEO plugin. -->","yoast_head_json":{"title":"Ostern im Kindergarten: Bastelideen, Spiele-Ideen & Tipps | backwinkel.de","description":"Wieso sind die Eier bunt und warum bringt sie ein Hase? Antworten auf diese spannende Fragen, inspirierende Bastelanleitungen und Spielideen zu Ostern im Kindergarten finden Sie in unserem Blogartikel.","robots":{"index":"index","follow":"follow","max-snippet":"max-snippet:-1","max-image-preview":"max-image-preview:large","max-video-preview":"max-video-preview:-1"},"canonical":"https:\/\/www.backwinkel.de\/blog\/ostern-im-kindergarten\/","og_locale":"de_DE","og_type":"article","og_title":"Ostern im Kindergarten: Bastelideen, Spiele-Ideen & Tipps | backwinkel.de","og_description":"Wieso sind die Eier bunt und warum bringt sie ein Hase? Antworten auf diese spannende Fragen, inspirierende Bastelanleitungen und Spielideen zu Ostern im Kindergarten finden Sie in unserem Blogartikel.","og_url":"https:\/\/www.backwinkel.de\/blog\/ostern-im-kindergarten\/","og_site_name":"BACKWINKEL Blog","article_published_time":"2019-03-04T10:06:50+00:00","article_modified_time":"2026-04-22T06:50:56+00:00","og_image":[{"width":1200,"height":628,"url":"https:\/\/www.backwinkel.de\/blog\/wp-content\/uploads\/2019\/02\/backwinkel-blog-ostern-heroimage.jpg","type":"image\/jpeg"}],"author":"BACKWINKEL","twitter_card":"summary_large_image","twitter_misc":{"Verfasst von":"BACKWINKEL","Gesch\u00e4tzte Lesezeit":"16\u00a0Minuten"},"schema":{"@context":"https:\/\/schema.org","@graph":[{"@type":"Article","@id":"https:\/\/www.backwinkel.de\/blog\/ostern-im-kindergarten\/#article","isPartOf":{"@id":"https:\/\/www.backwinkel.de\/blog\/ostern-im-kindergarten\/"},"author":{"name":"BACKWINKEL","@id":"https:\/\/www.backwinkel.de\/blog\/#\/schema\/person\/3d64575316540d25f7866264a4b7cd24"},"headline":"Ostern im Kindergarten:","datePublished":"2019-03-04T10:06:50+00:00","dateModified":"2026-04-22T06:50:56+00:00","mainEntityOfPage":{"@id":"https:\/\/www.backwinkel.de\/blog\/ostern-im-kindergarten\/"},"wordCount":6428,"image":{"@id":"https:\/\/www.backwinkel.de\/blog\/ostern-im-kindergarten\/#primaryimage"},"thumbnailUrl":"https:\/\/www.backwinkel.de\/blog\/wp-content\/uploads\/2019\/02\/backwinkel-blog-ostern-heroimage.jpg","articleSection":["Kindergarten"],"inLanguage":"de"},{"@type":"WebPage","@id":"https:\/\/www.backwinkel.de\/blog\/ostern-im-kindergarten\/","url":"https:\/\/www.backwinkel.de\/blog\/ostern-im-kindergarten\/","name":"Ostern im Kindergarten: Bastelideen, Spiele-Ideen & Tipps | backwinkel.de","isPartOf":{"@id":"https:\/\/www.backwinkel.de\/blog\/#website"},"primaryImageOfPage":{"@id":"https:\/\/www.backwinkel.de\/blog\/ostern-im-kindergarten\/#primaryimage"},"image":{"@id":"https:\/\/www.backwinkel.de\/blog\/ostern-im-kindergarten\/#primaryimage"},"thumbnailUrl":"https:\/\/www.backwinkel.de\/blog\/wp-content\/uploads\/2019\/02\/backwinkel-blog-ostern-heroimage.jpg","datePublished":"2019-03-04T10:06:50+00:00","dateModified":"2026-04-22T06:50:56+00:00","author":{"@id":"https:\/\/www.backwinkel.de\/blog\/#\/schema\/person\/3d64575316540d25f7866264a4b7cd24"},"description":"Wieso sind die Eier bunt und warum bringt sie ein Hase? Antworten auf diese spannende Fragen, inspirierende Bastelanleitungen und Spielideen zu Ostern im Kindergarten finden Sie in unserem Blogartikel.","breadcrumb":{"@id":"https:\/\/www.backwinkel.de\/blog\/ostern-im-kindergarten\/#breadcrumb"},"inLanguage":"de","potentialAction":[{"@type":"ReadAction","target":["https:\/\/www.backwinkel.de\/blog\/ostern-im-kindergarten\/"]}]},{"@type":"ImageObject","inLanguage":"de","@id":"https:\/\/www.backwinkel.de\/blog\/ostern-im-kindergarten\/#primaryimage","url":"https:\/\/www.backwinkel.de\/blog\/wp-content\/uploads\/2019\/02\/backwinkel-blog-ostern-heroimage.jpg","contentUrl":"https:\/\/www.backwinkel.de\/blog\/wp-content\/uploads\/2019\/02\/backwinkel-blog-ostern-heroimage.jpg","width":1200,"height":628,"caption":"Ostern im Kindergarten: Bastelideen, Spiele-Ideen & Tipps"},{"@type":"BreadcrumbList","@id":"https:\/\/www.backwinkel.de\/blog\/ostern-im-kindergarten\/#breadcrumb","itemListElement":[{"@type":"ListItem","position":1,"name":"Startseite","item":"https:\/\/blog.backwinkel.de\/aktuelles\/"},{"@type":"ListItem","position":2,"name":"Ostern im Kindergarten:"}]},{"@type":"WebSite","@id":"https:\/\/www.backwinkel.de\/blog\/#website","url":"https:\/\/www.backwinkel.de\/blog\/","name":"BACKWINKEL Blog","description":"f\u00fcr Lehrer, Erzieher und Eltern","potentialAction":[{"@type":"SearchAction","target":{"@type":"EntryPoint","urlTemplate":"https:\/\/www.backwinkel.de\/blog\/?s={search_term_string}"},"query-input":{"@type":"PropertyValueSpecification","valueRequired":true,"valueName":"search_term_string"}}],"inLanguage":"de"},{"@type":"Person","@id":"https:\/\/www.backwinkel.de\/blog\/#\/schema\/person\/3d64575316540d25f7866264a4b7cd24","name":"BACKWINKEL","sameAs":["http:\/\/www.backwinkel.de"],"url":"https:\/\/www.backwinkel.de\/blog\/author\/backwinkel\/"}]}},"_links":{"self":[{"href":"https:\/\/www.backwinkel.de\/blog\/wp-json\/wp\/v2\/posts\/2620","targetHints":{"allow":["GET"]}}],"collection":[{"href":"https:\/\/www.backwinkel.de\/blog\/wp-json\/wp\/v2\/posts"}],"about":[{"href":"https:\/\/www.backwinkel.de\/blog\/wp-json\/wp\/v2\/types\/post"}],"author":[{"embeddable":true,"href":"https:\/\/www.backwinkel.de\/blog\/wp-json\/wp\/v2\/users\/3"}],"replies":[{"embeddable":true,"href":"https:\/\/www.backwinkel.de\/blog\/wp-json\/wp\/v2\/comments?post=2620"}],"version-history":[{"count":4,"href":"https:\/\/www.backwinkel.de\/blog\/wp-json\/wp\/v2\/posts\/2620\/revisions"}],"predecessor-version":[{"id":18495,"href":"https:\/\/www.backwinkel.de\/blog\/wp-json\/wp\/v2\/posts\/2620\/revisions\/18495"}],"wp:featuredmedia":[{"embeddable":true,"href":"https:\/\/www.backwinkel.de\/blog\/wp-json\/wp\/v2\/media\/2623"}],"wp:attachment":[{"href":"https:\/\/www.backwinkel.de\/blog\/wp-json\/wp\/v2\/media?parent=2620"}],"wp:term":[{"taxonomy":"category","embeddable":true,"href":"https:\/\/www.backwinkel.de\/blog\/wp-json\/wp\/v2\/categories?post=2620"},{"taxonomy":"post_tag","embeddable":true,"href":"https:\/\/www.backwinkel.de\/blog\/wp-json\/wp\/v2\/tags?post=2620"}],"curies":[{"name":"wp","href":"https:\/\/api.w.org\/{rel}","templated":true}]}}