{"id":2489,"date":"2019-02-01T13:42:17","date_gmt":"2019-02-01T12:42:17","guid":{"rendered":"https:\/\/blog.backwinkel.de\/?p=2489"},"modified":"2026-04-22T08:42:39","modified_gmt":"2026-04-22T06:42:39","slug":"personenbeschreibung-grundschule","status":"publish","type":"post","link":"https:\/\/www.backwinkel.de\/blog\/personenbeschreibung-grundschule\/","title":{"rendered":"Personenbeschreibung in der Grundschule:"},"content":{"rendered":"\n<style type=\"text\/css\" data-created_by=\"avia_inline_auto\" id=\"style-css-av-8vdv8-f7e0dae999cc49bc529a70f67b346526\">\n.flex_column.av-8vdv8-f7e0dae999cc49bc529a70f67b346526{\nborder-radius:0px 0px 0px 0px;\npadding:0px 0px 0px 0px;\n}\n<\/style>\n<div  class='flex_column av-8vdv8-f7e0dae999cc49bc529a70f67b346526 av_one_full  avia-builder-el-0  el_before_av_three_fifth  avia-builder-el-first  first flex_column_div av-zero-column-padding  '     ><p>\n<style type=\"text\/css\" data-created_by=\"avia_inline_auto\" id=\"style-css-av-jl6mo8rj-605eccf9df0dce9c3ffb6a57636da99d\">\n#top .hr.hr-invisible.av-jl6mo8rj-605eccf9df0dce9c3ffb6a57636da99d{\nmargin-top:0px;\nheight:1px;\n}\n<\/style>\n<div  class='hr av-jl6mo8rj-605eccf9df0dce9c3ffb6a57636da99d hr-invisible  avia-builder-el-1  el_before_av_heading  avia-builder-el-first '><span class='hr-inner '><span class=\"hr-inner-style\"><\/span><\/span><\/div><br \/>\n\n<style type=\"text\/css\" data-created_by=\"avia_inline_auto\" id=\"style-css-av-jr7j5p03-300b7d0772275e60a98e0be301b40d02\">\n#top .av-special-heading.av-jr7j5p03-300b7d0772275e60a98e0be301b40d02{\npadding-bottom:10px;\n}\nbody .av-special-heading.av-jr7j5p03-300b7d0772275e60a98e0be301b40d02 .av-special-heading-tag .heading-char{\nfont-size:25px;\n}\n.av-special-heading.av-jr7j5p03-300b7d0772275e60a98e0be301b40d02 .av-subheading{\nfont-size:15px;\n}\n<\/style>\n<div  class='av-special-heading av-jr7j5p03-300b7d0772275e60a98e0be301b40d02 av-special-heading-h1 blockquote modern-quote  avia-builder-el-2  el_after_av_hr  el_before_av_post_metadata '><h1 class='av-special-heading-tag '  >Personenbeschreibung in der Grundschule: So wird aus kniffelig pr\u00e4zise <\/h1><div class='av-subheading av-subheading_below'><p class=\"autorenname\">Christine Hagemann<\/p>\n<\/div><div class=\"special-heading-border\"><div class=\"special-heading-inner-border\"><\/div><\/div><\/div><br \/>\n\n<style type=\"text\/css\" data-created_by=\"avia_inline_auto\" id=\"style-css-av-66y13t-2725f33986c6dcce27837d0f2be0d134\">\n#top .av-post-metadata-container.av-66y13t-2725f33986c6dcce27837d0f2be0d134{\nfont-size:12px;\n}\n#top .av-post-metadata-container.av-66y13t-2725f33986c6dcce27837d0f2be0d134 .av-post-metadata-container-inner{\nfont-size:12px;\n}\n<\/style>\n<div  class='av-post-metadata-container av-66y13t-2725f33986c6dcce27837d0f2be0d134 av-metadata-container-align-left  avia-builder-el-3  el_after_av_heading  el_before_av_textblock  av-metadata-container-1'><div class='av-post-metadata-container-inner'><span class=\"av-post-metadata-content av-post-metadata-meta-content\"><span class=\"av-post-metadata-content av-post-metadata-modified\"><span class=\"av-metadata-before av-metadata-before-modified\">Aktualisiert:<\/span><span class=\"av-post-metadata-modified-date\" >22. April 2026<\/span><\/span><span class=\"av-post-metadata-content av-post-metadata-separator\">\/<\/span><span class=\"av-post-metadata-content av-post-metadata-modified\"><span class=\"av-metadata-before av-metadata-before-modified\">Zuletzt aktualisiert:<\/span><span class=\"av-post-metadata-modified-date\" >22. April 2026<\/span><\/span><\/span><\/div><\/div><br \/>\n\n<style type=\"text\/css\" data-created_by=\"avia_inline_auto\" id=\"style-css-av-jkuubohz-af99e64d94ff8266fb7b03eeb92b6bb7\">\n#top .av_textblock_section.av-jkuubohz-af99e64d94ff8266fb7b03eeb92b6bb7 .avia_textblock{\nfont-size:20px;\n}\n<\/style>\n<section  class='av_textblock_section av-jkuubohz-af99e64d94ff8266fb7b03eeb92b6bb7 '  ><div class='avia_textblock' ><p>In der Grundschule lernen Kinder die verschiedenen Formen des Aufsatzes kennen; dazu geh\u00f6rt die Personenbeschreibung. Damit das Schreiben gelingt, brauchen die Kinder Ihre Unterst\u00fctzung.<\/p>\n<\/div><\/section><br \/>\n\n<style type=\"text\/css\" data-created_by=\"avia_inline_auto\" id=\"style-css-av-jkuuo5h6-1d7824c56613472af9534b91a91f6cf6\">\n.avia-image-container.av-jkuuo5h6-1d7824c56613472af9534b91a91f6cf6 img.avia_image{\nbox-shadow:none;\n}\n.avia-image-container.av-jkuuo5h6-1d7824c56613472af9534b91a91f6cf6 .av-image-caption-overlay-center{\ncolor:#ffffff;\n}\n<\/style>\n<div  class='avia-image-container av-jkuuo5h6-1d7824c56613472af9534b91a91f6cf6 av-styling- avia-align-center  avia-builder-el-5  el_after_av_textblock  el_before_av_hr '  ><div class=\"avia-image-container-inner\"><div class=\"avia-image-overlay-wrap\"><img decoding=\"async\" fetchpriority=\"high\" class='wp-image-2487 avia-img-lazy-loading-not-2487 avia_image ' src=\"https:\/\/www.backwinkel.de\/blog\/wp-content\/uploads\/2019\/01\/backwinkel-blog-personenbeschreibung-heroimage.jpg\" alt='Personenbeschreibung: Arbeitsbl\u00e4tter, Tipps und \u00dcbungen f\u00fcr die Grundschule' title='Personenbeschreibung in der Grundschule: So wird aus kniffelig pr\u00e4zise'  height=\"628\" width=\"1200\" srcset=\"https:\/\/www.backwinkel.de\/blog\/wp-content\/uploads\/2019\/01\/backwinkel-blog-personenbeschreibung-heroimage.jpg 1200w, https:\/\/www.backwinkel.de\/blog\/wp-content\/uploads\/2019\/01\/backwinkel-blog-personenbeschreibung-heroimage-300x157.jpg 300w, https:\/\/www.backwinkel.de\/blog\/wp-content\/uploads\/2019\/01\/backwinkel-blog-personenbeschreibung-heroimage-768x402.jpg 768w, https:\/\/www.backwinkel.de\/blog\/wp-content\/uploads\/2019\/01\/backwinkel-blog-personenbeschreibung-heroimage-1030x539.jpg 1030w, https:\/\/www.backwinkel.de\/blog\/wp-content\/uploads\/2019\/01\/backwinkel-blog-personenbeschreibung-heroimage-705x369.jpg 705w, https:\/\/www.backwinkel.de\/blog\/wp-content\/uploads\/2019\/01\/backwinkel-blog-personenbeschreibung-heroimage-450x236.jpg 450w\" sizes=\"(max-width: 1200px) 100vw, 1200px\" \/><\/div><\/div><\/div><br \/>\n\n<style type=\"text\/css\" data-created_by=\"avia_inline_auto\" id=\"style-css-av-jl6mo8rj-67-eabf224145291f96709183994f3a3e49\">\n#top .hr.hr-invisible.av-jl6mo8rj-67-eabf224145291f96709183994f3a3e49{\nheight:5px;\n}\n<\/style>\n<div  class='hr av-jl6mo8rj-67-eabf224145291f96709183994f3a3e49 hr-invisible  avia-builder-el-6  el_after_av_image  el_before_av_textblock '><span class='hr-inner '><span class=\"hr-inner-style\"><\/span><\/span><\/div><br \/>\n\n<style type=\"text\/css\" data-created_by=\"avia_inline_auto\" id=\"style-css-av-jl7ql86y-e4dbe662e227d6e3ed63d4a5d145fa64\">\n#top .av_textblock_section.av-jl7ql86y-e4dbe662e227d6e3ed63d4a5d145fa64 .avia_textblock{\nfont-size:10px;\n}\n<\/style>\n<section  class='av_textblock_section av-jl7ql86y-e4dbe662e227d6e3ed63d4a5d145fa64 '  ><div class='avia_textblock' ><p class=\"bildnennung-beitrag\" style=\"text-align: left;\">\u00a9 Natallia Vintsik, Adobestock.com<\/p>\n<\/div><\/section><br \/>\n\n<style type=\"text\/css\" data-created_by=\"avia_inline_auto\" id=\"style-css-av-jl6mo8rj-65-14c2f93a7e032fd191c097d9d581dad1\">\n#top .hr.hr-invisible.av-jl6mo8rj-65-14c2f93a7e032fd191c097d9d581dad1{\nheight:20px;\n}\n<\/style>\n<div  class='hr av-jl6mo8rj-65-14c2f93a7e032fd191c097d9d581dad1 hr-invisible  avia-builder-el-8  el_after_av_textblock  el_before_av_textblock '><span class='hr-inner '><span class=\"hr-inner-style\"><\/span><\/span><\/div><br \/>\n<section  class='av_textblock_section av-jkuubohz-66-abd64e9c3bfd74d780d17fd1ec9a80f3 '  ><div class='avia_textblock' ><p>Eine zutreffende Personenbeschreibung zu verfassen ist f\u00fcr Grundsch\u00fcler gar nicht so leicht, wie Erwachsene denken. Denn beim Beschreiben sind pr\u00e4zises Hinsehen, strategisches Vorgehen und ein gro\u00dfer Wortschatz gefragt. Um das alles zu lernen, ben\u00f6tigen Kinder Anleitung und Hilfestellung.<\/p>\n<p>Um das Lernen zu unterst\u00fctzen, enth\u00e4lt dieser Beitrag zur Personenbeschreibung \u00dcbungen, praktische Schreibtipps und <strong>5 Arbeitsbl\u00e4tter zum Ausdrucken<\/strong>. Wie Sie mit Ihren Kindern Schritt f\u00fcr Schritt eine Lerneinheit zur Personenbeschreibung umsetzen k\u00f6nnen, lesen Sie im Folgenden.<\/p>\n<\/div><\/section><\/p><\/div>\n<style type=\"text\/css\" data-created_by=\"avia_inline_auto\" id=\"style-css-av-swqf9-6bb490ea0cbb171c9d159bb967226129\">\n.flex_column.av-swqf9-6bb490ea0cbb171c9d159bb967226129{\nborder-radius:0px 0px 0px 0px;\npadding:20px 20px 20px 20px;\nbackground-color:#f2f2f2;\n}\n<\/style>\n<div  class='flex_column av-swqf9-6bb490ea0cbb171c9d159bb967226129 av_three_fifth  avia-builder-el-10  el_after_av_one_full  el_before_av_two_fifth  first flex_column_div  column-top-margin'     ><style type=\"text\/css\" data-created_by=\"avia_inline_auto\" id=\"style-css-av-jkuua5r2-26aacafcf32943ff9bfc4af71f6ef736\">\n#top .av_textblock_section.av-jkuua5r2-26aacafcf32943ff9bfc4af71f6ef736 .avia_textblock{\nfont-size:14px;\n}\n<\/style>\n<section  class='av_textblock_section av-jkuua5r2-26aacafcf32943ff9bfc4af71f6ef736 '  ><div class='avia_textblock' ><p><strong>Inhalt<\/strong><\/p>\n<p><strong><a href=\"#1\">1. Einordnung in den Lehrplan und methodische Tipps<\/a><\/strong><\/p>\n<p><strong><a href=\"#2\">2. Eine Personenbeschreibung verfassen<\/a><\/strong><br \/>\n2.1 Suchmeldung und Steckbrief \u2013 Welche Merkmale sind wichtig?<br \/>\n2.2 Personenbeschreibung vorbereiten \u2013 Wie fange ich an?<br \/>\n2.3 Personenbeschreibung schreiben \u2013 Welche Reihenfolge ist sinnvoll?<br \/>\n2.4 W\u00f6rtersammlung zur Personenbeschreibung<\/p>\n<p><strong><a href=\"#3\">3. So unterst\u00fctzen Sie Ihre Kinder beim Aufsatzschreiben<\/a><\/strong><\/p>\n<\/div><\/section><\/div><\/p>\n\n<style type=\"text\/css\" data-created_by=\"avia_inline_auto\" id=\"style-css-av-2532d-6e1ea05e25305745634c0a02c87dc827\">\n.flex_column.av-2532d-6e1ea05e25305745634c0a02c87dc827{\nborder-radius:0px 0px 0px 0px;\npadding:0 0 0 0;\n}\n<\/style>\n<div  class='flex_column av-2532d-6e1ea05e25305745634c0a02c87dc827 av_two_fifth  avia-builder-el-12  el_after_av_three_fifth  el_before_av_sidebar  flex_column_div av-zero-column-padding  column-top-margin'     ><\/div>\n<div  class='avia-builder-widget-area clearfix  avia-builder-el-13  el_after_av_two_fifth  el_before_av_one_full '><div id=\"text-34\" class=\"widget clearfix widget_text\">\t\t\t<div class=\"textwidget\"><p><a href=\"https:\/\/www.backwinkel.de\/nachhaltig-denken\/\" target=\"\\_blank\" rel=\"noopener\"><br \/>\n<img decoding=\"async\" class=\"werbung-desktop alignnone wp-image-4186 size-full\" src=\"https:\/\/www.backwinkel.de\/blog\/wp-content\/uploads\/2026\/04\/Backwinkel-blog-werbebanner-shop-schule_desktop.jpg\" alt=\"\" width=\"1251\" height=\"201\" \/><br \/>\n<\/a><br \/>\n<a href=\"https:\/\/www.backwinkel.de\/nachhaltig-denken\/\" target=\"\\_blank\" rel=\"noopener\"><br \/>\n<img decoding=\"async\" class=\"werbung-mobile alignnone wp-image-4187 size-full\" src=\"https:\/\/www.backwinkel.de\/blog\/wp-content\/uploads\/2026\/04\/Backwinkel-blog-werbebanner-shop-schule_mobile.jpg\" alt=\"\" width=\"550\" height=\"500\" \/><br \/>\n<\/a><\/p>\n<\/div>\n\t\t<\/div><\/div>\n\n<style type=\"text\/css\" data-created_by=\"avia_inline_auto\" id=\"style-css-av-hh5al-9c53459d093ff912fcc98cf97e19d753\">\n.flex_column.av-hh5al-9c53459d093ff912fcc98cf97e19d753{\nborder-radius:0px 0px 0px 0px;\npadding:0px 0px 0px 0px;\n}\n<\/style>\n<div  class='flex_column av-hh5al-9c53459d093ff912fcc98cf97e19d753 av_one_full  avia-builder-el-14  el_after_av_sidebar  el_before_av_one_half  first flex_column_div av-zero-column-padding  '     ><section  class='av_textblock_section av-jkuul0eg-c8007ced910eec869d85a4d2f40b896b '  ><div class='avia_textblock' >\n<style type=\"text\/css\" data-created_by=\"avia_inline_auto\" id=\"style-css-av-7c7r8-1ad3209b7b9ea9c60cc97e362d76ea5e\">\n#top .hr.hr-invisible.av-7c7r8-1ad3209b7b9ea9c60cc97e362d76ea5e{\nheight:20px;\n}\n<\/style>\n<div  class='hr av-7c7r8-1ad3209b7b9ea9c60cc97e362d76ea5e hr-invisible  avia-builder-el-16  avia-builder-el-no-sibling '><span class='hr-inner '><span class=\"hr-inner-style\"><\/span><\/span><\/div>\n<h2 id=\"1\" class=\"position\">Einordnung in den Lehrplan und methodische Tipps<\/h2>\n<p>In den Bildungsstandards im Fach Deutsch f\u00fcr die Grundschule z\u00e4hlt der Punkt \u201eTexte planen\u201c zu den wichtigen Kompetenzen beim Schreiben. Entsprechende Kompetenzerwartungen formulieren die meisten Lehrpl\u00e4ne im Bereich \u201eTexte verfassen\u201c f\u00fcr die 3. und 4. Klasse.<\/p>\n<p>Bei einer Personenbeschreibung kommt es auf sprachliche Klarheit und<strong> Ausdrucksvielfalt<\/strong> an. Der Schwerpunkt liegt in der detaillierten Ausf\u00fchrung. Durch \u00dcben von Personenbeschreibungen wird der <strong>Wortschatz <\/strong>erweitert, insbesondere im Gebrauch von Adjektiven, auch zusammengesetzten Adjektiven und Partizipien. (<strong>Tipp:<\/strong> Entdecken Sie unsere Auswahl an hilfreichen <a href=\"https:\/\/www.backwinkel.de\/cat\/lehrmittel-wortschatztraining\/\" target=\"_blank\" rel=\"noopener\">Lehrmitteln zum Wortschatztraining<\/a> in unserem Onlineshop.)<\/p>\n<p>Bei der Personenbeschreibung geht es darum, eine Person nicht nur oberfl\u00e4chlich zu beschreiben, sondern dabei sehr in die Tiefe zu gehen. <strong>Selbst das kleinste Detail<\/strong> muss ber\u00fccksichtigt werden. Dadurch werden die Kompetenzen \u201egenau hinsehen\u201c und \u201estrukturiert darstellen\u201c gef\u00f6rdert.<\/p>\n<p><strong>Einstieg<\/strong>: Um an die Lebenswelt der Kinder anzukn\u00fcpfen, empfiehlt sich ein Einstieg \u00fcber Personen oder literarische Figuren, die Ihre Kinder interessieren. Zun\u00e4chst sollten Sie mit Ihren Sch\u00fclern \u00fcberlegen, in welchen Situationen pr\u00e4zise Personenbeschreibungen eine Rolle spielen.<\/p>\n<\/div><\/section><\/div>\n\n<style type=\"text\/css\" data-created_by=\"avia_inline_auto\" id=\"style-css-av-jlnt0i5o-bb7add78905a631372a9b84084889246\">\n.flex_column.av-jlnt0i5o-bb7add78905a631372a9b84084889246{\nborder-radius:0px 0px 0px 0px;\npadding:10px 10px 10px 10px;\nbackground-color:#f0f9fe;\n}\n<\/style>\n<div  class='flex_column av-jlnt0i5o-bb7add78905a631372a9b84084889246 av_one_half  avia-builder-el-17  el_after_av_one_full  el_before_av_one_half  textboxfarbig first flex_column_div  column-top-margin'     ><style type=\"text\/css\" data-created_by=\"avia_inline_auto\" id=\"style-css-av-jkuvcso3-f3ce5576930e09933c40415039df932c\">\n#top .av_textblock_section.av-jkuvcso3-f3ce5576930e09933c40415039df932c .avia_textblock{\nfont-size:22px;\n}\n<\/style>\n<section  class='av_textblock_section av-jkuvcso3-f3ce5576930e09933c40415039df932c '  ><div class='avia_textblock' ><p>Impuls: Wof\u00fcr ist eine ganz genaue Personenbeschreibung wichtig?<\/p>\n<\/div><\/section><\/div>\n\n<style type=\"text\/css\" data-created_by=\"avia_inline_auto\" id=\"style-css-av-33stw9-fd94908ff7df9f8bf2a617c579a0e576\">\n.flex_column.av-33stw9-fd94908ff7df9f8bf2a617c579a0e576{\nborder-radius:0px 0px 0px 0px;\npadding:0px 0px 0px 0px;\n}\n<\/style>\n<div  class='flex_column av-33stw9-fd94908ff7df9f8bf2a617c579a0e576 av_one_half  avia-builder-el-19  el_after_av_one_half  el_before_av_one_full  flex_column_div av-hide-on-mobile av-zero-column-padding  column-top-margin'     ><\/div>\n\n<style type=\"text\/css\" data-created_by=\"avia_inline_auto\" id=\"style-css-av-hh5al-62-f631564749645a5273da9aff24b2ec05\">\n.flex_column.av-hh5al-62-f631564749645a5273da9aff24b2ec05{\nborder-radius:0px 0px 0px 0px;\npadding:0px 0px 0px 0px;\n}\n<\/style>\n<div  class='flex_column av-hh5al-62-f631564749645a5273da9aff24b2ec05 av_one_full  avia-builder-el-20  el_after_av_one_half  el_before_av_one_full  first flex_column_div av-zero-column-padding  column-top-margin'     ><section  class='av_textblock_section av-jkuul0eg-61-d1c3c437e467b66b6ca94b8af3684d87 '  ><div class='avia_textblock' ><ul>\n<li>In konkreten Situationen: F\u00fcr eine Suchmeldung, Vermisstenanzeige oder eine Zeugenaussage. Oder zur Beschreibung einer unbekannten Person, die man gerne wiedersehen m\u00f6chte.<\/li>\n<li>In literarischen Texten: Man bekommt eine bildliche Vorstellung von der Person, die in der Geschichte vorkommt.<\/li>\n<\/ul>\n<\/div><\/section><\/div>\n\n<style type=\"text\/css\" data-created_by=\"avia_inline_auto\" id=\"style-css-av-hh5al-57-927d70df44d4956ac2e4d90a6af309e7\">\n.flex_column.av-hh5al-57-927d70df44d4956ac2e4d90a6af309e7{\nborder-radius:0px 0px 0px 0px;\npadding:0px 0px 0px 0px;\n}\n<\/style>\n<div  class='flex_column av-hh5al-57-927d70df44d4956ac2e4d90a6af309e7 av_one_full  avia-builder-el-22  el_after_av_one_full  el_before_av_one_full  first flex_column_div av-zero-column-padding  column-top-margin'     ><style type=\"text\/css\" data-created_by=\"avia_inline_auto\" id=\"style-css-av-jqz83eqo-488d032161b0dfbe1d989bf7937d51da\">\n.av_promobox.av-jqz83eqo-488d032161b0dfbe1d989bf7937d51da{\ncolor:#575757;\nbackground:#ffffff;\nborder-color:#575757;\n}\n<\/style>\n<div  class='av_promobox av-jqz83eqo-488d032161b0dfbe1d989bf7937d51da avia-button-no  avia-builder-el-23  avia-builder-el-no-sibling '><div class='avia-promocontent'><p>\nDie Personenbeschreibung ist eine <strong>sachliche<\/strong> Beschreibung in klaren Aussages\u00e4tzen. Der Stil soll fl\u00fcssig und <strong>anschaulich<\/strong> sein, daf\u00fcr sind <strong>Eigenschaftsw\u00f6rter<\/strong> wichtig. Eine Personenbeschreibung wird immer im <strong>Pr\u00e4sens<\/strong> verfasst, denn mit ihr wird der Ist-Zustand einer Person beschrieben.<\/p>\n<\/div><\/div><\/div>\n\n<style type=\"text\/css\" data-created_by=\"avia_inline_auto\" id=\"style-css-av-hh5al-55-f1ddc29a24c3854ef42c9eb186576342\">\n.flex_column.av-hh5al-55-f1ddc29a24c3854ef42c9eb186576342{\nborder-radius:0px 0px 0px 0px;\npadding:0px 0px 0px 0px;\n}\n<\/style>\n<div  class='flex_column av-hh5al-55-f1ddc29a24c3854ef42c9eb186576342 av_one_full  avia-builder-el-24  el_after_av_one_full  el_before_av_one_full  first flex_column_div av-zero-column-padding  column-top-margin'     ><section  class='av_textblock_section av-jkuul0eg-56-fc5413a9e38d5a66b062b3200f0fdd87 '  ><div class='avia_textblock' ><p>F\u00fcr die Einf\u00fchrung der Personenbeschreibung in der Grundschule ist es entscheidend, die \u00e4u\u00dfere <strong>Personenbeschreibung klar von der Charakterisierung<\/strong> zu <strong>trennen<\/strong>.<br \/>\nDie Personenbeschreibung soll sich ausschlie\u00dflich auf die <strong>\u00e4u\u00dferen Merkmale einer Person<\/strong> beziehen und nicht versuchen, diese zu interpretieren.<\/p>\n<\/div><\/section><\/div>\n\n<style type=\"text\/css\" data-created_by=\"avia_inline_auto\" id=\"style-css-av-hh5al-53-0e09bb9a5bde9848406efc0e8d51edea\">\n.flex_column.av-hh5al-53-0e09bb9a5bde9848406efc0e8d51edea{\nborder-radius:0px 0px 0px 0px;\npadding:0px 0px 0px 0px;\n}\n<\/style>\n<div  class='flex_column av-hh5al-53-0e09bb9a5bde9848406efc0e8d51edea av_one_full  avia-builder-el-26  el_after_av_one_full  el_before_av_one_full  first flex_column_div av-zero-column-padding  column-top-margin'     ><style type=\"text\/css\" data-created_by=\"avia_inline_auto\" id=\"style-css-av-jqz83eqo-54-bc3bb8b070fe6f48cc4366d5af43ecbe\">\n.av_promobox.av-jqz83eqo-54-bc3bb8b070fe6f48cc4366d5af43ecbe{\ncolor:#575757;\nbackground:#ffffff;\nborder-color:#575757;\n}\n<\/style>\n<div  class='av_promobox av-jqz83eqo-54-bc3bb8b070fe6f48cc4366d5af43ecbe avia-button-no  avia-builder-el-27  avia-builder-el-no-sibling '><div class='avia-promocontent'><p>\nDie Personenbeschreibung ist ein Bild, das der Schreiber mit seinen Worten schafft. Sie muss m\u00f6glichst genau die \u00e4u\u00dferen Merkmale einer Person wiedergeben. Denn die Personenbeschreibung dient der Erkennung oder Wiedererkennung einer Person.<\/p>\n<\/div><\/div><\/div>\n\n<style type=\"text\/css\" data-created_by=\"avia_inline_auto\" id=\"style-css-av-hh5al-51-c578d8a124c970eda3b33ddcf4cfbdcd\">\n.flex_column.av-hh5al-51-c578d8a124c970eda3b33ddcf4cfbdcd{\nborder-radius:0px 0px 0px 0px;\npadding:0px 0px 0px 0px;\n}\n<\/style>\n<div  class='flex_column av-hh5al-51-c578d8a124c970eda3b33ddcf4cfbdcd av_one_full  avia-builder-el-28  el_after_av_one_full  el_before_av_one_full  first flex_column_div av-zero-column-padding  column-top-margin'     ><section  class='av_textblock_section av-jkuul0eg-52-e36845b8d5e8d403c57f43045ac5237a '  ><div class='avia_textblock' ><p><strong>Strukturierungshilfen: <\/strong>Es ist sinnvoll, die Reihenfolge der Personenbeschreibung genau festzulegen. Dieses Raster zur Personenbeschreibung kann teilweise gemeinsam erarbeitet werden. Um die Reihenfolge zu verankern, k\u00f6nnen visuelle Hilfen sinnvoll sein, wie etwa eine feste Abfolge von Farben (siehe Arbeitsblatt 2). Dies erleichtert auch die \u00dcberpr\u00fcfung, ob alle besprochenen Aspekte ber\u00fccksichtigt wurden.<\/p>\n<\/div><\/section><\/div>\n\n<style type=\"text\/css\" data-created_by=\"avia_inline_auto\" id=\"style-css-av-hh5al-49-b16f30907ade614fca25b1dfcfbb6df0\">\n.flex_column.av-hh5al-49-b16f30907ade614fca25b1dfcfbb6df0{\nborder-radius:0px 0px 0px 0px;\npadding:0px 0px 0px 0px;\n}\n<\/style>\n<div  class='flex_column av-hh5al-49-b16f30907ade614fca25b1dfcfbb6df0 av_one_full  avia-builder-el-30  el_after_av_one_full  el_before_av_one_full  first flex_column_div av-zero-column-padding  column-top-margin'     ><section  class='av_textblock_section av-jkuul0eg-48-91102b9f1098f8d91b836b050eababe9 '  ><div class='avia_textblock' >\n<style type=\"text\/css\" data-created_by=\"avia_inline_auto\" id=\"style-css-av-7c7r8-60-a1e747ff1b54c011065f230b26c30da3\">\n#top .hr.hr-invisible.av-7c7r8-60-a1e747ff1b54c011065f230b26c30da3{\nheight:20px;\n}\n<\/style>\n<div  class='hr av-7c7r8-60-a1e747ff1b54c011065f230b26c30da3 hr-invisible  avia-builder-el-32  avia-builder-el-no-sibling '><span class='hr-inner '><span class=\"hr-inner-style\"><\/span><\/span><\/div>\n<h2 id=\"2\" class=\"position\">Eine Personenbeschreibung verfassen<\/h2>\n<p>Kompetenzerwartung: Die Sch\u00fcler verfassen eigene informierende, beschreibende Texte \u2013 z. B. zu fiktionalen Figuren aus Kinderb\u00fcchern oder realen Personen \u2013 und achten dabei auf eine logische Anordnung der Informationen.<\/p>\n<h3>Suchmeldung und Steckbrief \u2013 Welche Merkmale sind wichtig?<\/h3>\n<p>Die Einf\u00fchrung beginnt m\u00fcndlich in der Gruppe: Die Kinder erarbeiten spielerisch die relevanten Merkmale f\u00fcr eine Personenbeschreibung. Aus diesen Merkmalen entwickeln sie einen Schreibplan. Dazu eignet sich z. B. eine Detektiv-Thematik.<\/p>\n<\/div><\/section><\/div>\n\n<style type=\"text\/css\" data-created_by=\"avia_inline_auto\" id=\"style-css-av-jlnt0i5o-59-ac2795e4fd4989fe069f2d7a1640a852\">\n.flex_column.av-jlnt0i5o-59-ac2795e4fd4989fe069f2d7a1640a852{\nborder-radius:0px 0px 0px 0px;\npadding:10px 10px 10px 10px;\nbackground-color:#f0f9fe;\n}\n<\/style>\n<div  class='flex_column av-jlnt0i5o-59-ac2795e4fd4989fe069f2d7a1640a852 av_one_full  avia-builder-el-33  el_after_av_one_full  el_before_av_one_full  first flex_column_div  column-top-margin'     ><style type=\"text\/css\" data-created_by=\"avia_inline_auto\" id=\"style-css-av-jkuvcso3-58-0b52d0a3129913f34f44cac878906cc3\">\n#top .av_textblock_section.av-jkuvcso3-58-0b52d0a3129913f34f44cac878906cc3 .avia_textblock{\nfont-size:22px;\n}\n<\/style>\n<section  class='av_textblock_section av-jkuvcso3-58-0b52d0a3129913f34f44cac878906cc3 '  ><div class='avia_textblock' ><p>Impuls: Stell dir vor, du bist ein Detektiv und willst eine verschwundene Person ausfindig machen. Welche Detektivfragen w\u00fcrdest du stellen?<\/p>\n<\/div><\/section><\/div>\n\n<style type=\"text\/css\" data-created_by=\"avia_inline_auto\" id=\"style-css-av-hh5al-47-db173fc512d2cb0abae2998cfae07142\">\n.flex_column.av-hh5al-47-db173fc512d2cb0abae2998cfae07142{\nborder-radius:0px 0px 0px 0px;\npadding:0px 0px 0px 0px;\n}\n<\/style>\n<div  class='flex_column av-hh5al-47-db173fc512d2cb0abae2998cfae07142 av_one_full  avia-builder-el-35  el_after_av_one_full  el_before_av_one_fourth  first flex_column_div av-zero-column-padding  column-top-margin'     ><section  class='av_textblock_section av-jkuul0eg-46-1eb73c484b727b403809f2d14809168e '  ><div class='avia_textblock' ><p>Gemeinsam oder in Gruppenarbeit wird gekl\u00e4rt, welche Kriterien f\u00fcr eine Personenbeschreibung wichtig sind. Anschlie\u00dfend einigen sich die Sch\u00fcler untereinander auf ein Kind aus der Klasse, das sie Ihnen beschreiben. Die m\u00fcndlichen Aussagen halten Sie stichwortartig an der Tafel fest und versuchen, das beschriebene Kind zu identifizieren.<\/p>\n<\/div><\/section><\/div>\n\n<style type=\"text\/css\" data-created_by=\"avia_inline_auto\" id=\"style-css-av-jlnt0i5o-44-c023d9503d7b2b6e80be428b9c666f10\">\n.flex_column.av-jlnt0i5o-44-c023d9503d7b2b6e80be428b9c666f10{\nborder-radius:0px 0px 0px 0px;\npadding:10px 10px 10px 10px;\nbackground-color:#f2d1e4;\n}\n<\/style>\n<div  class='flex_column av-jlnt0i5o-44-c023d9503d7b2b6e80be428b9c666f10 av_one_fourth  avia-builder-el-37  el_after_av_one_full  el_before_av_three_fourth  first flex_column_div  column-top-margin'     ><style type=\"text\/css\" data-created_by=\"avia_inline_auto\" id=\"style-css-av-jkuvcso3-43-aa8e3db3e31183db0e7616416f80e13f\">\n#top .av_textblock_section.av-jkuvcso3-43-aa8e3db3e31183db0e7616416f80e13f .avia_textblock{\nfont-size:22px;\n}\n<\/style>\n<section  class='av_textblock_section av-jkuvcso3-43-aa8e3db3e31183db0e7616416f80e13f '  ><div class='avia_textblock' ><p>Arbeitsblatt 1: Mein Steckbrief<\/p>\n<\/div><\/section><\/div>\n\n<style type=\"text\/css\" data-created_by=\"avia_inline_auto\" id=\"style-css-av-jlnt0i5o-40-7de3cb73382a7dba8d8204cf8156c15c\">\n.flex_column.av-jlnt0i5o-40-7de3cb73382a7dba8d8204cf8156c15c{\nborder-radius:0px 0px 0px 0px;\npadding:10px 10px 10px 10px;\nbackground-color:#ffffff;\n}\n<\/style>\n<div  class='flex_column av-jlnt0i5o-40-7de3cb73382a7dba8d8204cf8156c15c av_three_fourth  avia-builder-el-39  el_after_av_one_fourth  el_before_av_one_full  flex_column_div  column-top-margin'     ><\/div>\n\n<style type=\"text\/css\" data-created_by=\"avia_inline_auto\" id=\"style-css-av-jlnt0i5o-38-0b99700fba21efedccc06aa008adad7a\">\n.flex_column.av-jlnt0i5o-38-0b99700fba21efedccc06aa008adad7a{\nborder-radius:0px 0px 0px 0px;\npadding:10px 10px 10px 10px;\nbackground-color:#ffffff;\n}\n<\/style>\n<div  class='flex_column av-jlnt0i5o-38-0b99700fba21efedccc06aa008adad7a av_one_full  avia-builder-el-40  el_after_av_three_fourth  el_before_av_one_full  first flex_column_div  column-top-margin'     ><section  class='av_textblock_section av-jkuul0eg-41-c5df6f52587a7955567016ca44a16d31 '  ><div class='avia_textblock' ><p><a href=\"https:\/\/blog.backwinkel.de\/wp-content\/uploads\/2019\/02\/BACKWINKEL-Personenbeschreibung-Arbeitsblatt-1.jpg\"><img decoding=\"async\" class=\"alignnone wp-image-2591\" title=\"BACKWINKEL-Personenbeschreibung-Arbeitsblatt-1\" src=\"https:\/\/blog.backwinkel.de\/wp-content\/uploads\/2019\/02\/BACKWINKEL-Personenbeschreibung-Arbeitsblatt-1.jpg\" alt=\"BACKWINKEL-Personenbeschreibung-Arbeitsblatt-1\" width=\"354\" height=\"501\" srcset=\"https:\/\/www.backwinkel.de\/blog\/wp-content\/uploads\/2019\/02\/BACKWINKEL-Personenbeschreibung-Arbeitsblatt-1.jpg 595w, https:\/\/www.backwinkel.de\/blog\/wp-content\/uploads\/2019\/02\/BACKWINKEL-Personenbeschreibung-Arbeitsblatt-1-212x300.jpg 212w, https:\/\/www.backwinkel.de\/blog\/wp-content\/uploads\/2019\/02\/BACKWINKEL-Personenbeschreibung-Arbeitsblatt-1-498x705.jpg 498w, https:\/\/www.backwinkel.de\/blog\/wp-content\/uploads\/2019\/02\/BACKWINKEL-Personenbeschreibung-Arbeitsblatt-1-450x637.jpg 450w\" sizes=\"(max-width: 354px) 100vw, 354px\" \/><\/a><\/p>\n<div  class='avia-button-wrap av-29z0hl-2fc90cb7b456d0deab8e46b8d4538579-wrap avia-button-left  avia-builder-el-42  avia-builder-el-no-sibling '><a href='https:\/\/blog.backwinkel.de\/wp-content\/uploads\/2019\/02\/BACKWINKEL-Personenbeschreibung-Arbeitsblatt-1.pdf'  class='avia-button av-29z0hl-2fc90cb7b456d0deab8e46b8d4538579 av-link-btn avia-icon_select-no avia-size-large avia-position-left avia-color-theme-color'  target=\"_blank\"  rel=\"noopener noreferrer\"  aria-label=\"Arbeitsblatt 1 - Download\"><span class='avia_iconbox_title' >Arbeitsblatt 1 - Download<\/span><\/a><\/div>\n<\/div><\/section><\/div>\n\n<style type=\"text\/css\" data-created_by=\"avia_inline_auto\" id=\"style-css-av-hh5al-42-14433b7c12f86870ea49dd8a2acc2897\">\n.flex_column.av-hh5al-42-14433b7c12f86870ea49dd8a2acc2897{\nborder-radius:0px 0px 0px 0px;\npadding:0px 0px 0px 0px;\n}\n<\/style>\n<div  class='flex_column av-hh5al-42-14433b7c12f86870ea49dd8a2acc2897 av_one_full  avia-builder-el-43  el_after_av_one_full  el_before_av_one_full  first flex_column_div av-zero-column-padding  column-top-margin'     ><section  class='av_textblock_section av-jkuul0eg-36-7905c9c5cc42da63e7dbc0021eaa7455 '  ><div class='avia_textblock' ><p>Hier sind Ankreuzm\u00f6glichkeiten vorgegeben, um die Kinder mit dem Wortschatz der Personenbeschreibung vertraut zu machen.<\/p>\n<p>Aufgabe: Jedes Kind verfasst einen Steckbrief \u00fcber sich selbst, dabei schreibt es seinen Namen auf die R\u00fcckseite. Dann werden die Bl\u00e4tter eingesammelt, gemischt und wieder verteilt. Nun ist die zweite Aufgabe, durch Lesen der Merkmale den jeweiligen Verfasser herauszufinden.<\/p>\n<h3>Personenbeschreibung vorbereiten \u2013 Wie fange ich an?<\/h3>\n<p>Die Kinder erlernen und \u00fcben anhand von verschieden Beispielbildern die strukturierte Vorgehensweise, die zur Vorbereitung jeder Personenbeschreibung wichtig ist.<\/p>\n<p>So kann die Anleitung f\u00fcr die Sch\u00fcler aussehen:<br \/>\n<u>Bildbetrachtung:<\/u> Zuerst betrachten wir das Bild unserer Person ausgiebig und notieren alle Details, die uns auffallen. Hierbei geht es darum, jedes Merkmal zu erkennen. Die Bildbetrachtung darf ruhig einige Minuten dauern. Wichtig ist, dass wir auch die kleinsten Merkmale der Person notieren, damit diese anschlie\u00dfend nicht vergessen werden.<\/p>\n<p><u>Gliederung der Personenbeschreibung:<\/u> Wir sortieren die Stichw\u00f6rter und fertigen daraus eine ungef\u00e4hre Gliederung der Personenbeschreibung an, die schon alle wichtigen Merkmale unserer Person enth\u00e4lt. Dadurch k\u00f6nnen wir sicherstellen, dass wir kein Detail in der Personenbeschreibung vergessen und sp\u00e4ter keine Merkmale doppelt nennen.<\/p>\n<\/div><\/section><\/div>\n\n<style type=\"text\/css\" data-created_by=\"avia_inline_auto\" id=\"style-css-av-jlnt0i5o-37-19ea39d37866eb8b5d8162a2c62fbcc2\">\n.flex_column.av-jlnt0i5o-37-19ea39d37866eb8b5d8162a2c62fbcc2{\nborder-radius:0px 0px 0px 0px;\npadding:10px 10px 10px 10px;\nbackground-color:#e0f1b4;\n}\n<\/style>\n<div  class='flex_column av-jlnt0i5o-37-19ea39d37866eb8b5d8162a2c62fbcc2 av_one_full  avia-builder-el-45  el_after_av_one_full  el_before_av_one_full  first flex_column_div  column-top-margin'     ><style type=\"text\/css\" data-created_by=\"avia_inline_auto\" id=\"style-css-av-jkuvcso3-39-1551b941c9bcfdc8fd7f248b6eaad3d4\">\n#top .av_textblock_section.av-jkuvcso3-39-1551b941c9bcfdc8fd7f248b6eaad3d4 .avia_textblock{\nfont-size:22px;\n}\n<\/style>\n<section  class='av_textblock_section av-jkuvcso3-39-1551b941c9bcfdc8fd7f248b6eaad3d4 '  ><div class='avia_textblock' ><p><strong>Tipp:<\/strong> Die Gliederung klappt leicht, wenn die gesammelten Stichw\u00f6rter mit verschiedenen Farben markiert werden: Rot f\u00fcr allgemeine Merkmale und Statur, Orange f\u00fcr Haare und Gesicht, Gr\u00fcn f\u00fcr die Kleidung, Blau f\u00fcr besondere Merkmale. Das vereinfacht die \u00dcbersicht.<\/p>\n<\/div><\/section><\/div>\n\n<style type=\"text\/css\" data-created_by=\"avia_inline_auto\" id=\"style-css-av-hh5al-35-a49414f3ac573cd1498163fe8070052f\">\n.flex_column.av-hh5al-35-a49414f3ac573cd1498163fe8070052f{\nborder-radius:0px 0px 0px 0px;\npadding:0px 0px 0px 0px;\n}\n<\/style>\n<div  class='flex_column av-hh5al-35-a49414f3ac573cd1498163fe8070052f av_one_full  avia-builder-el-47  el_after_av_one_full  el_before_av_two_fifth  first flex_column_div av-zero-column-padding  column-top-margin'     ><section  class='av_textblock_section av-jkuul0eg-34-7dcde0368bc781e2d57a5db977e18f94 '  ><div class='avia_textblock' ><h3><strong>Personenbeschreibung schreiben \u2013 Welche Reihenfolge ist sinnvoll? <\/strong><\/h3>\n<p>Bei einer Personenbeschreibung gehen wir <strong>vom Gro\u00dfen ins Kleine<\/strong>, das hei\u00dft, wir arbeiten uns von den offensichtlichen Kennzeichen zu den unauff\u00e4lligen Details vor. Dabei ist es wichtig, eine logische Reihenfolge einzuhalten. Wir beschreiben die Person von Kopf bis Fu\u00df, also<strong> von oben nach unten<\/strong>. So kann ein Leser unseren Ausf\u00fchrungen sicher folgen und wird nicht verwirrt, weil seine Vorstellung hin- und herspringen muss.<\/p>\n<\/div><\/section><\/div>\n\n<style type=\"text\/css\" data-created_by=\"avia_inline_auto\" id=\"style-css-av-jlnt0i5o-33-77a3ef722ad9d698c2150e0cabc91198\">\n.flex_column.av-jlnt0i5o-33-77a3ef722ad9d698c2150e0cabc91198{\nborder-radius:0px 0px 0px 0px;\npadding:10px 10px 10px 10px;\nbackground-color:#f2d1e4;\n}\n<\/style>\n<div  class='flex_column av-jlnt0i5o-33-77a3ef722ad9d698c2150e0cabc91198 av_two_fifth  avia-builder-el-49  el_after_av_one_full  el_before_av_one_full  first flex_column_div  column-top-margin'     ><style type=\"text\/css\" data-created_by=\"avia_inline_auto\" id=\"style-css-av-jkuvcso3-32-a1f06eb7d740450d21992058f38fdeaf\">\n#top .av_textblock_section.av-jkuvcso3-32-a1f06eb7d740450d21992058f38fdeaf .avia_textblock{\nfont-size:22px;\n}\n<\/style>\n<section  class='av_textblock_section av-jkuvcso3-32-a1f06eb7d740450d21992058f38fdeaf '  ><div class='avia_textblock' ><p>Arbeitsblatt 2: Schreibtipps f\u00fcr die Personenbeschreibung<\/p>\n<\/div><\/section><\/div>\n\n<style type=\"text\/css\" data-created_by=\"avia_inline_auto\" id=\"style-css-av-hh5al-31-67dbe73fb71b5b7315a5fa6c6848643a\">\n.flex_column.av-hh5al-31-67dbe73fb71b5b7315a5fa6c6848643a{\nborder-radius:0px 0px 0px 0px;\npadding:0px 0px 0px 0px;\n}\n<\/style>\n<div  class='flex_column av-hh5al-31-67dbe73fb71b5b7315a5fa6c6848643a av_one_full  avia-builder-el-51  el_after_av_two_fifth  el_before_av_one_full  first flex_column_div av-zero-column-padding  '     ><section  class='av_textblock_section av-jkuul0eg-30-adcca8163ecf7f8573979228976e5639 '  ><div class='avia_textblock' ><p><a href=\"https:\/\/blog.backwinkel.de\/wp-content\/uploads\/2019\/02\/BACKWINKEL-Personenbeschreibung-Arbeitsblatt-2.jpg\"><img decoding=\"async\" class=\"alignnone wp-image-2592\" title=\"BACKWINKEL-Personenbeschreibung-Arbeitsblatt-2\" src=\"https:\/\/blog.backwinkel.de\/wp-content\/uploads\/2019\/02\/BACKWINKEL-Personenbeschreibung-Arbeitsblatt-2.jpg\" alt=\"BACKWINKEL-Personenbeschreibung-Arbeitsblatt-2\" width=\"354\" height=\"501\" srcset=\"https:\/\/www.backwinkel.de\/blog\/wp-content\/uploads\/2019\/02\/BACKWINKEL-Personenbeschreibung-Arbeitsblatt-2.jpg 595w, https:\/\/www.backwinkel.de\/blog\/wp-content\/uploads\/2019\/02\/BACKWINKEL-Personenbeschreibung-Arbeitsblatt-2-212x300.jpg 212w, https:\/\/www.backwinkel.de\/blog\/wp-content\/uploads\/2019\/02\/BACKWINKEL-Personenbeschreibung-Arbeitsblatt-2-498x705.jpg 498w, https:\/\/www.backwinkel.de\/blog\/wp-content\/uploads\/2019\/02\/BACKWINKEL-Personenbeschreibung-Arbeitsblatt-2-450x637.jpg 450w\" sizes=\"(max-width: 354px) 100vw, 354px\" \/><\/a><\/p>\n<div  class='avia-button-wrap av-7wow95-c67fd4c974b046dba7e00f5daafb6ac6-wrap avia-button-left  avia-builder-el-53  avia-builder-el-no-sibling '><a href='https:\/\/blog.backwinkel.de\/wp-content\/uploads\/2019\/02\/BACKWINKEL-Personenbeschreibung-Arbeitsblatt-2.pdf'  class='avia-button av-7wow95-c67fd4c974b046dba7e00f5daafb6ac6 av-link-btn avia-icon_select-no avia-size-large avia-position-left avia-color-theme-color'  target=\"_blank\"  rel=\"noopener noreferrer\"  aria-label=\"Arbeitsblatt 2 - Download\"><span class='avia_iconbox_title' >Arbeitsblatt 2 - Download<\/span><\/a><\/div>\n<\/div><\/section><\/div>\n\n<style type=\"text\/css\" data-created_by=\"avia_inline_auto\" id=\"style-css-av-hh5al-27-92890c9f1131781ce682f676d0bbca76\">\n.flex_column.av-hh5al-27-92890c9f1131781ce682f676d0bbca76{\nborder-radius:0px 0px 0px 0px;\npadding:0px 0px 0px 0px;\n}\n<\/style>\n<div  class='flex_column av-hh5al-27-92890c9f1131781ce682f676d0bbca76 av_one_full  avia-builder-el-54  el_after_av_one_full  el_before_av_one_third  first flex_column_div av-zero-column-padding  column-top-margin'     ><section  class='av_textblock_section av-jkuul0eg-26-47e11e7fa189ea6c70fb6ac2993af16a '  ><div class='avia_textblock' ><p>Hier werden relevante Merkmale in Gruppen zusammengefasst. Die Farben dienen zur Orientierung, damit die Kinder sich die Reihenfolge leichter einpr\u00e4gen k\u00f6nnen. Im Verlauf der Lerneinheit k\u00f6nnen Sie sich immer wieder darauf beziehen.<\/p>\n<p>Nachdem wir die \u00e4u\u00dferen Merkmale \u2013 als Stichw\u00f6rter, in einer Mindmap oder Tabelle \u2013 sortiert haben, geht&#8217;s ans Schreiben unserer Personenbeschreibung. In der Einleitung nennen wir allgemeine Merkmale wie Name, Geschlecht, Alter und Beruf, soweit wir diese Informationen (aus einem Text) haben. Danach kommen die \u00e4u\u00dferen Merkmale, angefangen bei der K\u00f6rpergr\u00f6\u00dfe und der Gestalt.<\/p>\n<p>So k\u00f6nnte der erste Satz lauten: \u201eLena ist eine Sch\u00fclerin der 4. Klasse.\u201c Hiermit ist gesagt, dass Lena ein M\u00e4dchen ist und wie alt sie ungef\u00e4hr ist.<br \/>\nDamit nicht alle S\u00e4tze gleich anfangen, mit \u201eLena ist \u2026\u201c und \u201eLena hat \u2026\u201c, versuchen wir, andere Einstiege zu finden, z. B. \u201eIhre Gestalt ist zierlich.\u201c<br \/>\nDann beginnen wir mit dem Kopf \u2013 den Haaren und dem Gesicht. Danach kommen die Kleidung und zum Schluss besondere Kennzeichen der Person.<\/p>\n<\/div><\/section><\/div>\n\n<style type=\"text\/css\" data-created_by=\"avia_inline_auto\" id=\"style-css-av-jlnt0i5o-29-ca924b9437e1933213046cdedfb855d2\">\n.flex_column.av-jlnt0i5o-29-ca924b9437e1933213046cdedfb855d2{\nborder-radius:0px 0px 0px 0px;\npadding:10px 10px 10px 10px;\nbackground-color:#f2d1e4;\n}\n<\/style>\n<div  class='flex_column av-jlnt0i5o-29-ca924b9437e1933213046cdedfb855d2 av_one_third  avia-builder-el-56  el_after_av_one_full  el_before_av_one_full  first flex_column_div  column-top-margin'     ><style type=\"text\/css\" data-created_by=\"avia_inline_auto\" id=\"style-css-av-jkuvcso3-28-0fe3032e6b1ed1260053f93e2ad93ee5\">\n#top .av_textblock_section.av-jkuvcso3-28-0fe3032e6b1ed1260053f93e2ad93ee5 .avia_textblock{\nfont-size:22px;\n}\n<\/style>\n<section  class='av_textblock_section av-jkuvcso3-28-0fe3032e6b1ed1260053f93e2ad93ee5 '  ><div class='avia_textblock' ><p>Arbeitsblatt 3: Eine Person genau beschreiben<\/p>\n<\/div><\/section><\/div>\n\n<style type=\"text\/css\" data-created_by=\"avia_inline_auto\" id=\"style-css-av-hh5al-25-c3efcb7463cbe0d5e5e75cf1ca4321b1\">\n.flex_column.av-hh5al-25-c3efcb7463cbe0d5e5e75cf1ca4321b1{\nborder-radius:0px 0px 0px 0px;\npadding:0px 0px 0px 0px;\n}\n<\/style>\n<div  class='flex_column av-hh5al-25-c3efcb7463cbe0d5e5e75cf1ca4321b1 av_one_full  avia-builder-el-58  el_after_av_one_third  el_before_av_one_full  first flex_column_div av-zero-column-padding  column-top-margin'     ><section  class='av_textblock_section av-jkuul0eg-24-c627b5db912cb54154bf9e3165e14f21 '  ><div class='avia_textblock' ><p><a href=\"https:\/\/blog.backwinkel.de\/wp-content\/uploads\/2019\/02\/BACKWINKEL-Personenbeschreibung-Arbeitsblatt-3.jpg\"><img decoding=\"async\" class=\"wp-image-2593 alignnone\" title=\"BACKWINKEL-Personenbeschreibung-Arbeitsblatt-3\" src=\"https:\/\/blog.backwinkel.de\/wp-content\/uploads\/2019\/02\/BACKWINKEL-Personenbeschreibung-Arbeitsblatt-3.jpg\" alt=\"BACKWINKEL-Personenbeschreibung-Arbeitsblatt-3\" width=\"354\" height=\"501\" srcset=\"https:\/\/www.backwinkel.de\/blog\/wp-content\/uploads\/2019\/02\/BACKWINKEL-Personenbeschreibung-Arbeitsblatt-3.jpg 595w, https:\/\/www.backwinkel.de\/blog\/wp-content\/uploads\/2019\/02\/BACKWINKEL-Personenbeschreibung-Arbeitsblatt-3-212x300.jpg 212w, https:\/\/www.backwinkel.de\/blog\/wp-content\/uploads\/2019\/02\/BACKWINKEL-Personenbeschreibung-Arbeitsblatt-3-498x705.jpg 498w, https:\/\/www.backwinkel.de\/blog\/wp-content\/uploads\/2019\/02\/BACKWINKEL-Personenbeschreibung-Arbeitsblatt-3-450x637.jpg 450w\" sizes=\"(max-width: 354px) 100vw, 354px\" \/><\/a><\/p>\n<div  class='avia-button-wrap av-63j03d-5d1b1ab8d23b8c7badcc4f4d2161842c-wrap avia-button-left  avia-builder-el-60  avia-builder-el-no-sibling '><a href='https:\/\/blog.backwinkel.de\/wp-content\/uploads\/2019\/02\/BACKWINKEL-Personenbeschreibung-Arbeitsblatt-3.pdf'  class='avia-button av-63j03d-5d1b1ab8d23b8c7badcc4f4d2161842c av-link-btn avia-icon_select-no avia-size-large avia-position-left avia-color-theme-color'  target=\"_blank\"  rel=\"noopener noreferrer\"  aria-label=\"Arbeitsblatt 3 - Download\"><span class='avia_iconbox_title' >Arbeitsblatt 3 - Download<\/span><\/a><\/div>\n<\/div><\/section><\/div>\n\n<style type=\"text\/css\" data-created_by=\"avia_inline_auto\" id=\"style-css-av-hh5al-21-2481791bc5f8912a600c61e6f8c44f00\">\n.flex_column.av-hh5al-21-2481791bc5f8912a600c61e6f8c44f00{\nborder-radius:0px 0px 0px 0px;\npadding:0px 0px 0px 0px;\n}\n<\/style>\n<div  class='flex_column av-hh5al-21-2481791bc5f8912a600c61e6f8c44f00 av_one_full  avia-builder-el-61  el_after_av_one_full  el_before_av_two_fifth  first flex_column_div av-zero-column-padding  column-top-margin'     ><section  class='av_textblock_section av-jkuul0eg-20-b1a98e7fd3afcf8955295f7129128925 '  ><div class='avia_textblock' ><p>Diese Vorlage f\u00fcr eine Personenbeschreibung k\u00f6nnen Sie mit verschiedenen Bildern ausstatten. M\u00f6glich sind Zeichnungen oder Fotos, Portr\u00e4t- oder Ganzk\u00f6rperdarstellungen \u2013 ganz nach Bedarf. Das Blatt dient zum stichwortartigen Schreiben sowie zum \u00dcben eines Aufsatzes.<\/p>\n<h3>W\u00f6rtersammlung zur Personenbeschreibung<\/h3>\n<p>Wenn die Sch\u00fcler die Reihenfolge der Personenbeschreibung kennen, sollte der Wortschatz ausgebaut werden. Vor allem das Finden von passenden und fein abgestimmten Ausdr\u00fccken f\u00fcr die Beschreibung von Gesichtern f\u00e4llt Kindern meist schwerer als die Beschreibung der Kleidung.<\/p>\n<p>Beginnen Sie mit einer gemeinsamen Wortfindungsphase. Anschlie\u00dfend erhalten die Kinder die Aufgabe, in Gruppenarbeit m\u00f6glichst vielf\u00e4ltige Adjektive zu einzelnen Bereichen der Personenbeschreibung zu sammeln: Haare und Frisuren, Gesichtsform, Augenform und Brauen, Nasenform oder Form des Mundes.<\/p>\n<\/div><\/section><\/div>\n\n<style type=\"text\/css\" data-created_by=\"avia_inline_auto\" id=\"style-css-av-jlnt0i5o-23-032852941a28d1a3f0f7bf9d0ac53253\">\n.flex_column.av-jlnt0i5o-23-032852941a28d1a3f0f7bf9d0ac53253{\nborder-radius:0px 0px 0px 0px;\npadding:10px 10px 10px 10px;\nbackground-color:#f2d1e4;\n}\n<\/style>\n<div  class='flex_column av-jlnt0i5o-23-032852941a28d1a3f0f7bf9d0ac53253 av_two_fifth  avia-builder-el-63  el_after_av_one_full  el_before_av_one_full  first flex_column_div  column-top-margin'     ><style type=\"text\/css\" data-created_by=\"avia_inline_auto\" id=\"style-css-av-jkuvcso3-22-eb6cab2800e03c818cb8c500f22894f4\">\n#top .av_textblock_section.av-jkuvcso3-22-eb6cab2800e03c818cb8c500f22894f4 .avia_textblock{\nfont-size:22px;\n}\n<\/style>\n<section  class='av_textblock_section av-jkuvcso3-22-eb6cab2800e03c818cb8c500f22894f4 '  ><div class='avia_textblock' ><p>Arbeitsblatt 4: Mit Eigenschaftsw\u00f6rtern beschreiben<\/p>\n<\/div><\/section><\/div>\n\n<style type=\"text\/css\" data-created_by=\"avia_inline_auto\" id=\"style-css-av-hh5al-19-3cb6b0c6d774d51bf1eb7d23eb264b75\">\n.flex_column.av-hh5al-19-3cb6b0c6d774d51bf1eb7d23eb264b75{\nborder-radius:0px 0px 0px 0px;\npadding:0px 0px 0px 0px;\n}\n<\/style>\n<div  class='flex_column av-hh5al-19-3cb6b0c6d774d51bf1eb7d23eb264b75 av_one_full  avia-builder-el-65  el_after_av_two_fifth  el_before_av_one_full  first flex_column_div av-zero-column-padding  '     ><section  class='av_textblock_section av-jkuul0eg-18-e116ca168fe1221366ed5cc24eda6c3e '  ><div class='avia_textblock' ><p><a href=\"https:\/\/blog.backwinkel.de\/wp-content\/uploads\/2019\/02\/BACKWINKEL-Personenbeschreibung-Arbeitsblatt-4.jpg\"><img decoding=\"async\" class=\"alignnone wp-image-2594\" title=\"BACKWINKEL-Personenbeschreibung-Arbeitsblatt-4\" src=\"https:\/\/blog.backwinkel.de\/wp-content\/uploads\/2019\/02\/BACKWINKEL-Personenbeschreibung-Arbeitsblatt-4.jpg\" alt=\"\" width=\"354\" height=\"501\" srcset=\"https:\/\/www.backwinkel.de\/blog\/wp-content\/uploads\/2019\/02\/BACKWINKEL-Personenbeschreibung-Arbeitsblatt-4.jpg 595w, https:\/\/www.backwinkel.de\/blog\/wp-content\/uploads\/2019\/02\/BACKWINKEL-Personenbeschreibung-Arbeitsblatt-4-212x300.jpg 212w, https:\/\/www.backwinkel.de\/blog\/wp-content\/uploads\/2019\/02\/BACKWINKEL-Personenbeschreibung-Arbeitsblatt-4-498x705.jpg 498w, https:\/\/www.backwinkel.de\/blog\/wp-content\/uploads\/2019\/02\/BACKWINKEL-Personenbeschreibung-Arbeitsblatt-4-450x637.jpg 450w\" sizes=\"(max-width: 354px) 100vw, 354px\" \/><\/a><\/p>\n<div  class='avia-button-wrap av-4n8xgp-a4077c1e6790b52096777421e0aa180a-wrap avia-button-left  avia-builder-el-67  avia-builder-el-no-sibling '><a href='https:\/\/blog.backwinkel.de\/wp-content\/uploads\/2019\/02\/BACKWINKEL-Personenbeschreibung-Arbeitsblatt-4.pdf'  class='avia-button av-4n8xgp-a4077c1e6790b52096777421e0aa180a av-link-btn avia-icon_select-no avia-size-large avia-position-left avia-color-theme-color'  target=\"_blank\"  rel=\"noopener noreferrer\"  aria-label=\"Arbeitsblatt 4 - Download\"><span class='avia_iconbox_title' >Arbeitsblatt 4 - Download<\/span><\/a><\/div>\n<\/div><\/section><\/div>\n\n<style type=\"text\/css\" data-created_by=\"avia_inline_auto\" id=\"style-css-av-hh5al-15-5ac0ee5e64589ee8b367389a183d6d22\">\n.flex_column.av-hh5al-15-5ac0ee5e64589ee8b367389a183d6d22{\nborder-radius:0px 0px 0px 0px;\npadding:0px 0px 0px 0px;\n}\n<\/style>\n<div  class='flex_column av-hh5al-15-5ac0ee5e64589ee8b367389a183d6d22 av_one_full  avia-builder-el-68  el_after_av_one_full  el_before_av_one_full  first flex_column_div av-zero-column-padding  column-top-margin'     ><section  class='av_textblock_section av-jkuul0eg-14-f8a673e296082386fc43b518f4d05d22 '  ><div class='avia_textblock' ><p>Aufgabe: In Stillarbeit schreibt jedes Kind in einem Brainstorming passende Begriffe in das \u00e4u\u00dfere Feld. Anschlie\u00dfend werden die Begriffe gemeinsam gefiltert und erg\u00e4nzt. Die ausgew\u00e4hlten Begriffe werden im Innenfeld eingetragen.<\/p>\n<p><u>Wichtig:<\/u> Eine Personenbeschreibung ist immer <strong>sachlich<\/strong>. Sie enth\u00e4lt keine Meinungen und Gef\u00fchle. Ungeeignet f\u00fcr eine solche Beschreibung sind wertende Adjektive wie super, sch\u00f6n, h\u00e4sslich oder bl\u00f6d. Gut geeignet sind bildhafte Adjektive wie mandelf\u00f6rmig, kastanienbraun, stachelig, buschig oder herzf\u00f6rmig.<\/p>\n<p>Im Anschluss an diese \u00dcbung sollten Sie den Kindern ein Merkblatt mit einer <strong>W\u00f6rtersammlung<\/strong> zur Personenbeschreibung an die Hand geben. Mit diesem Repertoire sollte kontinuierlich gearbeitet werden, damit der neue Wortschatz sich festigt.<\/p>\n<\/div><\/section><\/div>\n\n<style type=\"text\/css\" data-created_by=\"avia_inline_auto\" id=\"style-css-av-hh5al-13-e21e960e9e28fb772abd7b1cb346790c\">\n.flex_column.av-hh5al-13-e21e960e9e28fb772abd7b1cb346790c{\nborder-radius:0px 0px 0px 0px;\npadding:0px 0px 0px 0px;\n}\n<\/style>\n<div  class='flex_column av-hh5al-13-e21e960e9e28fb772abd7b1cb346790c av_one_full  avia-builder-el-70  el_after_av_one_full  el_before_av_one_full  first flex_column_div av-zero-column-padding  column-top-margin'     ><section  class='av_textblock_section av-jkuul0eg-12-a3e2cb6d586cfc8a1f960ae014032a9c '  ><div class='avia_textblock' >\n<style type=\"text\/css\" data-created_by=\"avia_inline_auto\" id=\"style-css-av-7c7r8-45-adda6b9263e1e18d9425e33c0047af9b\">\n#top .hr.hr-invisible.av-7c7r8-45-adda6b9263e1e18d9425e33c0047af9b{\nheight:20px;\n}\n<\/style>\n<div  class='hr av-7c7r8-45-adda6b9263e1e18d9425e33c0047af9b hr-invisible  avia-builder-el-72  avia-builder-el-no-sibling '><span class='hr-inner '><span class=\"hr-inner-style\"><\/span><\/span><\/div>\n<h2 id=\"3\" class=\"position\">So unterst\u00fctzen Sie Ihre Kinder beim Aufsatzschreiben<\/h2>\n<p>Anfangs empfiehlt es sich, wichtige Punkte kurzgefasst auf einem Plakat im Klassenraum auszuh\u00e4ngen. Nach der Methode des Scaffolding dient das <strong>Lernplakat als Orientierungshilfe<\/strong> sowie zur Selbstkontrolle, bis die Kinder sicher genug sind, Personenbeschreibungen eigenst\u00e4ndig zu verfassen.<\/p>\n<\/div><\/section><\/div>\n\n<style type=\"text\/css\" data-created_by=\"avia_inline_auto\" id=\"style-css-av-hh5al-11-bc7508ed50e051006636c4691a817b9f\">\n.flex_column.av-hh5al-11-bc7508ed50e051006636c4691a817b9f{\nborder-radius:0px 0px 0px 0px;\npadding:0px 0px 0px 0px;\n}\n<\/style>\n<div  class='flex_column av-hh5al-11-bc7508ed50e051006636c4691a817b9f av_one_full  avia-builder-el-73  el_after_av_one_full  el_before_av_hr  first flex_column_div av-zero-column-padding  column-top-margin'     ><style type=\"text\/css\" data-created_by=\"avia_inline_auto\" id=\"style-css-av-jqz83eqo-50-2ad84888f6400ab31dc65f17bf417a4a\">\n.av_promobox.av-jqz83eqo-50-2ad84888f6400ab31dc65f17bf417a4a{\ncolor:#575757;\nbackground:#ffffff;\nborder-color:#575757;\n}\n<\/style>\n<div  class='av_promobox av-jqz83eqo-50-2ad84888f6400ab31dc65f17bf417a4a avia-button-no  avia-builder-el-74  avia-builder-el-no-sibling '><div class='avia-promocontent'><p>\n<strong>Scaffolding in der P\u00e4dagogik: konstruktives Lernen <\/strong><\/p>\n<p>Der Begriff leitet sich vom englischen Wort scaffold f\u00fcr Ger\u00fcst ab. Beim Scaffolding geht es darum, Lernenden bestimmte Hilfsmittel (z. B. eine W\u00f6rterliste, Erkl\u00e4rungen, Grafiken) bereitzustellen, damit sie den n\u00e4chsth\u00f6heren Lernschritt eigenst\u00e4ndig ausf\u00fchren k\u00f6nnen. Angeboten wird aber nur so viel Hilfe, wie n\u00f6tig ist, um eine gestellte Aufgabe bearbeiten zu k\u00f6nnen. Sobald die Sch\u00fcler f\u00e4hig sind, Aufgaben eigenst\u00e4ndig zu bearbeiten, wird das \u201eGer\u00fcst\u201c schrittweise wieder entfernt.<\/p>\n<\/div><\/div><\/div>\n\n<style type=\"text\/css\" data-created_by=\"avia_inline_auto\" id=\"style-css-av-jl6mo8rj-64-8d61a80e8f3c75d02e80fc2532c84639\">\n#top .hr.hr-invisible.av-jl6mo8rj-64-8d61a80e8f3c75d02e80fc2532c84639{\nheight:60px;\n}\n<\/style>\n<div  class='hr av-jl6mo8rj-64-8d61a80e8f3c75d02e80fc2532c84639 hr-invisible  avia-builder-el-75  el_after_av_one_full  el_before_av_two_fifth '><span class='hr-inner '><span class=\"hr-inner-style\"><\/span><\/span><\/div>\n\n<style type=\"text\/css\" data-created_by=\"avia_inline_auto\" id=\"style-css-av-jlnt0i5o-17-83bc33a5f9d7853a6e8526a93c88fa90\">\n.flex_column.av-jlnt0i5o-17-83bc33a5f9d7853a6e8526a93c88fa90{\nborder-radius:0px 0px 0px 0px;\npadding:0px 10px 0px 10px;\nbackground-color:#f2d1e4;\n}\n<\/style>\n<div  class='flex_column av-jlnt0i5o-17-83bc33a5f9d7853a6e8526a93c88fa90 av_two_fifth  avia-builder-el-76  el_after_av_hr  el_before_av_one_full  first flex_column_div  '     ><style type=\"text\/css\" data-created_by=\"avia_inline_auto\" id=\"style-css-av-jkuvcso3-16-7aa45ee1c497ca754163bb20bdc40883\">\n#top .av_textblock_section.av-jkuvcso3-16-7aa45ee1c497ca754163bb20bdc40883 .avia_textblock{\nfont-size:22px;\n}\n<\/style>\n<section  class='av_textblock_section av-jkuvcso3-16-7aa45ee1c497ca754163bb20bdc40883 '  ><div class='avia_textblock' ><p>Arbeitsblatt 5: Regeln f\u00fcr eine Personenbeschreibung<\/p>\n<\/div><\/section><\/div>\n\n<style type=\"text\/css\" data-created_by=\"avia_inline_auto\" id=\"style-css-av-hh5al-8-beb333b2f72626a23d4ff8d2de4147ac\">\n.flex_column.av-hh5al-8-beb333b2f72626a23d4ff8d2de4147ac{\nborder-radius:0px 0px 0px 0px;\npadding:0px 0px 0px 0px;\n}\n<\/style>\n<div  class='flex_column av-hh5al-8-beb333b2f72626a23d4ff8d2de4147ac av_one_full  avia-builder-el-78  el_after_av_two_fifth  el_before_av_one_full  first flex_column_div av-zero-column-padding  '     ><section  class='av_textblock_section av-jkuul0eg-10-87e5504f32196622ddb513665366f7ed '  ><div class='avia_textblock' ><p><a href=\"https:\/\/blog.backwinkel.de\/wp-content\/uploads\/2019\/02\/BACKWINKEL-Personenbeschreibung-Arbeitsblatt-5.jpg\"><img decoding=\"async\" class=\"alignnone wp-image-2595\" title=\"BACKWINKEL-Personenbeschreibung-Arbeitsblatt-5\" src=\"https:\/\/blog.backwinkel.de\/wp-content\/uploads\/2019\/02\/BACKWINKEL-Personenbeschreibung-Arbeitsblatt-5.jpg\" alt=\"BACKWINKEL-Personenbeschreibung-Arbeitsblatt-5\" width=\"354\" height=\"501\" srcset=\"https:\/\/www.backwinkel.de\/blog\/wp-content\/uploads\/2019\/02\/BACKWINKEL-Personenbeschreibung-Arbeitsblatt-5.jpg 595w, https:\/\/www.backwinkel.de\/blog\/wp-content\/uploads\/2019\/02\/BACKWINKEL-Personenbeschreibung-Arbeitsblatt-5-212x300.jpg 212w, https:\/\/www.backwinkel.de\/blog\/wp-content\/uploads\/2019\/02\/BACKWINKEL-Personenbeschreibung-Arbeitsblatt-5-498x705.jpg 498w, https:\/\/www.backwinkel.de\/blog\/wp-content\/uploads\/2019\/02\/BACKWINKEL-Personenbeschreibung-Arbeitsblatt-5-450x637.jpg 450w\" sizes=\"(max-width: 354px) 100vw, 354px\" \/><\/a><\/p>\n<div  class='avia-button-wrap av-2lejax-444ebc7d65c84bb286aa4763bf2b4de2-wrap avia-button-left  avia-builder-el-80  avia-builder-el-no-sibling '><a href='https:\/\/blog.backwinkel.de\/wp-content\/uploads\/2019\/02\/BACKWINKEL-Personenbeschreibung-Arbeitsblatt-5.pdf'  class='avia-button av-2lejax-444ebc7d65c84bb286aa4763bf2b4de2 av-link-btn avia-icon_select-no avia-size-large avia-position-left avia-color-theme-color'  target=\"_blank\"  rel=\"noopener noreferrer\"  aria-label=\"Arbeitsblatt 5 - Download\"><span class='avia_iconbox_title' >Arbeitsblatt 5 - Download<\/span><\/a><\/div>\n<\/div><\/section><\/div>\n\n<style type=\"text\/css\" data-created_by=\"avia_inline_auto\" id=\"style-css-av-hh5al-6-dd8fe4bd4f3c9fec83a9ef20be699b99\">\n.flex_column.av-hh5al-6-dd8fe4bd4f3c9fec83a9ef20be699b99{\nborder-radius:0px 0px 0px 0px;\npadding:0px 0px 0px 0px;\n}\n<\/style>\n<div  class='flex_column av-hh5al-6-dd8fe4bd4f3c9fec83a9ef20be699b99 av_one_full  avia-builder-el-81  el_after_av_one_full  el_before_av_one_full  first flex_column_div av-zero-column-padding  column-top-margin'     ><section  class='av_textblock_section av-jkuul0eg-5-77c3e464607ec65fe211c801943a9b86 '  ><div class='avia_textblock' ><p>Das Blatt k\u00f6nnen Sie vergr\u00f6\u00dfern und auf Plakatkarton kleben. Bestimmt haben Ihre Kinder Spa\u00df daran, das Poster bunt zu gestalten. Dadurch wird der Inhalt zus\u00e4tzlich gefestigt. Die Personenbeschreibungsregeln werden auch ins Arbeitsheft eingetragen.<\/p>\n<p>Ihre Sch\u00fcler k\u00f6nnen nun ihr Wissen <strong>selbstst\u00e4ndig in einem Aufsatz<\/strong> anwenden. Daf\u00fcr kopieren Sie eine farbige Zeichnung oder ein Foto, oder Sie projizieren das Bild auf ein Whiteboard. Wiederholen Sie noch einmal den Aufbau einer Personenbeschreibung und die wichtigsten Regeln.<\/p>\n<p><strong>Differenzierungsm\u00f6glichkeit<\/strong>: Die Sch\u00fcler erhalten die Aufgabe, ihre <strong>Lieblingsfigur<\/strong> \u2013 aus einem Buch, Film oder Spiel \u2013 zu beschreiben. Anschlie\u00dfend werden Beispiele vorgelesen und gemeinsam besprochen. Lassen die Sch\u00fcler beim Vorlesen den Namen weg, wird daraus <strong>ein Quiz<\/strong>: Nach wie vielen S\u00e4tzen haben die anderen herausgefunden, wer hier beschrieben wird?<\/p>\n<\/div><\/section><\/div>\n\n<style type=\"text\/css\" data-created_by=\"avia_inline_auto\" id=\"style-css-av-2v5uhn-020e4117f71e46fc62c685221cd472f4\">\n.flex_column.av-2v5uhn-020e4117f71e46fc62c685221cd472f4{\nborder-radius:0px 0px 0px 0px;\npadding:0px 0px 0px 0px;\n}\n<\/style>\n<div  class='flex_column av-2v5uhn-020e4117f71e46fc62c685221cd472f4 av_one_full  avia-builder-el-83  el_after_av_one_full  el_before_av_one_third  first flex_column_div av-zero-column-padding  column-top-margin'     ><section  class='av_textblock_section av-jxcz48fa-e7ea4121fd10eaf4138072747e05618a '  ><div class='avia_textblock' >\n<style type=\"text\/css\" data-created_by=\"avia_inline_auto\" id=\"style-css-av-7c7r8-9-4a91baf0c72e14a18ff0ec76a938d17e\">\n#top .hr.hr-invisible.av-7c7r8-9-4a91baf0c72e14a18ff0ec76a938d17e{\nheight:20px;\n}\n<\/style>\n<div  class='hr av-7c7r8-9-4a91baf0c72e14a18ff0ec76a938d17e hr-invisible  avia-builder-el-85  avia-builder-el-no-sibling '><span class='hr-inner '><span class=\"hr-inner-style\"><\/span><\/span><\/div>\n<h2>Empfehlungen:<\/h2>\n<\/div><\/section><\/div>\n\n<style type=\"text\/css\" data-created_by=\"avia_inline_auto\" id=\"style-css-av-1u8i1w-260776e2dfc7f8b0b1953d397f0ab037\">\n.flex_column.av-1u8i1w-260776e2dfc7f8b0b1953d397f0ab037{\nborder-radius:0px 0px 0px 0px;\npadding:0px 0px 0px 0px;\n}\n<\/style>\n<div  class='flex_column av-1u8i1w-260776e2dfc7f8b0b1953d397f0ab037 av_one_third  avia-builder-el-86  el_after_av_one_full  el_before_av_one_third  first flex_column_div av-zero-column-padding  column-top-margin'     ><style type=\"text\/css\" data-created_by=\"avia_inline_auto\" id=\"style-css-av-jkuua5r2-63-78470469aa50aca33ee82f7f6b61744e\">\n#top .av_textblock_section.av-jkuua5r2-63-78470469aa50aca33ee82f7f6b61744e .avia_textblock{\nfont-size:14px;\n}\n<\/style>\n<section  class='av_textblock_section av-jkuua5r2-63-78470469aa50aca33ee82f7f6b61744e '  ><div class='avia_textblock' ><p><strong>Top-Kategorien:<\/strong><br \/>\n<strong><a href=\"https:\/\/www.backwinkel.de\/cat\/lehrmittel-lernmittel\/\" target=\"_blank\" rel=\"noopener\">Lehrmittel<\/a><\/strong><br \/>\n<strong><a href=\"https:\/\/www.backwinkel.de\/cat\/lehrerbedarf-lehrermaterial\/\" target=\"_blank\" rel=\"noopener\">Lehrerbedarf<\/a><\/strong><br \/>\n<strong><a href=\"https:\/\/www.backwinkel.de\/cat\/schulmoebel-ausstattung\/\" target=\"_blank\" rel=\"noopener\">Schulausstattung<\/a><\/strong><\/p>\n<\/div><\/section><\/div>\n\n<style type=\"text\/css\" data-created_by=\"avia_inline_auto\" id=\"style-css-av-1u8i1w-4-802f7b62e1741bce779d1f654d678c5d\">\n.flex_column.av-1u8i1w-4-802f7b62e1741bce779d1f654d678c5d{\nborder-radius:0px 0px 0px 0px;\npadding:0px 0px 0px 0px;\n}\n<\/style>\n<div  class='flex_column av-1u8i1w-4-802f7b62e1741bce779d1f654d678c5d av_one_third  avia-builder-el-88  el_after_av_one_third  el_before_av_one_third  flex_column_div av-zero-column-padding  column-top-margin'     ><style type=\"text\/css\" data-created_by=\"avia_inline_auto\" id=\"style-css-av-jkuua5r2-3-f1c4850f4659cebd7596585102d145a1\">\n#top .av_textblock_section.av-jkuua5r2-3-f1c4850f4659cebd7596585102d145a1 .avia_textblock{\nfont-size:14px;\n}\n<\/style>\n<section  class='av_textblock_section av-jkuua5r2-3-f1c4850f4659cebd7596585102d145a1 '  ><div class='avia_textblock' ><p><strong>Besonders beliebt:<\/strong><br \/>\n<strong><a href=\"https:\/\/www.backwinkel.de\/cat\/lehrerstempel\/\" target=\"_blank\" rel=\"noopener\">Lehrerstempel<\/a><\/strong><br \/>\n<strong><a href=\"https:\/\/www.backwinkel.de\/cat\/laermampel\/\" target=\"_blank\" rel=\"noopener\">L\u00e4rmampel<\/a><\/strong><br \/>\n<strong><a href=\"https:\/\/www.backwinkel.de\/cat\/pausenkisten-spieleboxen\/\" target=\"_blank\" rel=\"noopener\">Pausenkiste (Grundschule)<\/a><\/strong><\/p>\n<\/div><\/section><\/div>\n\n<style type=\"text\/css\" data-created_by=\"avia_inline_auto\" id=\"style-css-av-1u8i1w-2-6751602d8b4ea7a8c95cb5a1fd387471\">\n.flex_column.av-1u8i1w-2-6751602d8b4ea7a8c95cb5a1fd387471{\nborder-radius:0px 0px 0px 0px;\npadding:0px 0px 0px 0px;\n}\n<\/style>\n<div  class='flex_column av-1u8i1w-2-6751602d8b4ea7a8c95cb5a1fd387471 av_one_third  avia-builder-el-90  el_after_av_one_third  el_before_av_one_full  flex_column_div av-zero-column-padding  column-top-margin'     ><style type=\"text\/css\" data-created_by=\"avia_inline_auto\" id=\"style-css-av-jkuua5r2-1-817d16d2f7781ef879639dfc9cf8e791\">\n#top .av_textblock_section.av-jkuua5r2-1-817d16d2f7781ef879639dfc9cf8e791 .avia_textblock{\nfont-size:14px;\n}\n<\/style>\n<section  class='av_textblock_section av-jkuua5r2-1-817d16d2f7781ef879639dfc9cf8e791 '  ><div class='avia_textblock' ><p><strong>Stark nachgefragt:<\/strong><br \/>\n<strong><a href=\"https:\/\/www.backwinkel.de\/cat\/tafelkreide-schulkreide\/\" target=\"_blank\" rel=\"noopener\">Tafelkreide<\/a><\/strong><br \/>\n<strong><a href=\"https:\/\/www.backwinkel.de\/cat\/beamer-schule\/\" target=\"_blank\" rel=\"noopener\">Beamer (Schule)<\/a><\/strong><br \/>\n<strong><a href=\"https:\/\/www.backwinkel.de\/cat\/dokumentenkamera-schule\/\" target=\"_blank\" rel=\"noopener\">Dokumentenkamera<\/a><\/strong><\/p>\n<\/div><\/section><\/div>\n\n<style type=\"text\/css\" data-created_by=\"avia_inline_auto\" id=\"style-css-av-jley1l06-be8863a15e87d33f314fbd4b76b14014\">\n.flex_column.av-jley1l06-be8863a15e87d33f314fbd4b76b14014{\nborder-radius:0px 0px 0px 0px;\npadding:10px 10px 10px 10px;\nbackground-color:#f2f2f2;\n}\n<\/style>\n<div  class='flex_column av-jley1l06-be8863a15e87d33f314fbd4b76b14014 av_one_full  avia-builder-el-92  el_after_av_one_third  el_before_av_one_full  first flex_column_div  column-top-margin'     ><section  class='av_textblock_section av-jkuvcso3-7-edcf681953db788fcdd217819e109d1b '  ><div class='avia_textblock' ><p class=\"fussnoten-quellen\"><strong>Zum Weiterlesen: <\/strong><\/p>\n<p>Ursula Lassert: Wir \u00fcben Aufs\u00e4tze \u2013 Informierende Texte. 3. \/ 4. Klasse. Hamburg (Persen) 2016.<\/p>\n<p>Katrin Sahlmann: Aufs\u00e4tze planen, schreiben, \u00fcberarbeiten \u2013 3. Klasse. Systematisches Aufsatztraining mit Bewertungshilfen. Hamburg (Persen) 2018.<\/p>\n<\/div><\/section><\/div>\n\n<style type=\"text\/css\" data-created_by=\"avia_inline_auto\" id=\"style-css-av-1p82t-b0e9719fe6c67aa5c6d1abf813961e55\">\n.flex_column.av-1p82t-b0e9719fe6c67aa5c6d1abf813961e55{\nborder-radius:0px 0px 0px 0px;\npadding:0px 0px 0px 0px;\n}\n<\/style>\n<div  class='flex_column av-1p82t-b0e9719fe6c67aa5c6d1abf813961e55 av_one_full  avia-builder-el-94  el_after_av_one_full  avia-builder-el-last  first flex_column_div av-zero-column-padding  column-top-margin'     ><p><section  class='av_textblock_section av-jlp4hxqo-91baaad30cd61f89630d15f8561d1750 '  ><div class='avia_textblock' ><div class=\"shariff shariff-align-left shariff-widget-align-left\"><ul class=\"shariff-buttons theme-color orientation-horizontal buttonsize-medium\"><li class=\"shariff-button whatsapp shariff-nocustomcolor\" style=\"background-color:#5cbe4a\"><a href=\"https:\/\/api.whatsapp.com\/send?text=https%3A%2F%2Fwww.backwinkel.de%2Fblog%2Fpersonenbeschreibung-grundschule%2F%20Personenbeschreibung%20in%20der%20Grundschule%3A\" title=\"Bei Whatsapp teilen\" aria-label=\"Bei Whatsapp teilen\" role=\"button\" rel=\"noopener nofollow\" class=\"shariff-link\" style=\"; background-color:#34af23; color:#fff\" target=\"_blank\"><span class=\"shariff-icon\" style=\"\"><svg width=\"32px\" height=\"20px\" xmlns=\"http:\/\/www.w3.org\/2000\/svg\" viewBox=\"0 0 32 32\"><path fill=\"#34af23\" d=\"M17.6 17.4q0.2 0 1.7 0.8t1.6 0.9q0 0.1 0 0.3 0 0.6-0.3 1.4-0.3 0.7-1.3 1.2t-1.8 0.5q-1 0-3.4-1.1-1.7-0.8-3-2.1t-2.6-3.3q-1.3-1.9-1.3-3.5v-0.1q0.1-1.6 1.3-2.8 0.4-0.4 0.9-0.4 0.1 0 0.3 0t0.3 0q0.3 0 0.5 0.1t0.3 0.5q0.1 0.4 0.6 1.6t0.4 1.3q0 0.4-0.6 1t-0.6 0.8q0 0.1 0.1 0.3 0.6 1.3 1.8 2.4 1 0.9 2.7 1.8 0.2 0.1 0.4 0.1 0.3 0 1-0.9t0.9-0.9zM14 26.9q2.3 0 4.3-0.9t3.6-2.4 2.4-3.6 0.9-4.3-0.9-4.3-2.4-3.6-3.6-2.4-4.3-0.9-4.3 0.9-3.6 2.4-2.4 3.6-0.9 4.3q0 3.6 2.1 6.6l-1.4 4.2 4.3-1.4q2.8 1.9 6.2 1.9zM14 2.2q2.7 0 5.2 1.1t4.3 2.9 2.9 4.3 1.1 5.2-1.1 5.2-2.9 4.3-4.3 2.9-5.2 1.1q-3.5 0-6.5-1.7l-7.4 2.4 2.4-7.2q-1.9-3.2-1.9-6.9 0-2.7 1.1-5.2t2.9-4.3 4.3-2.9 5.2-1.1z\"\/><\/svg><\/span><span class=\"shariff-text\">teilen<\/span>&nbsp;<\/a><\/li><li class=\"shariff-button facebook shariff-nocustomcolor\" style=\"background-color:#4273c8\"><a href=\"https:\/\/www.facebook.com\/sharer\/sharer.php?u=https%3A%2F%2Fwww.backwinkel.de%2Fblog%2Fpersonenbeschreibung-grundschule%2F\" title=\"Bei Facebook teilen\" aria-label=\"Bei Facebook teilen\" role=\"button\" rel=\"nofollow\" class=\"shariff-link\" style=\"; background-color:#3b5998; color:#fff\" target=\"_blank\"><span class=\"shariff-icon\" style=\"\"><svg width=\"32px\" height=\"20px\" xmlns=\"http:\/\/www.w3.org\/2000\/svg\" viewBox=\"0 0 18 32\"><path fill=\"#3b5998\" d=\"M17.1 0.2v4.7h-2.8q-1.5 0-2.1 0.6t-0.5 1.9v3.4h5.2l-0.7 5.3h-4.5v13.6h-5.5v-13.6h-4.5v-5.3h4.5v-3.9q0-3.3 1.9-5.2t5-1.8q2.6 0 4.1 0.2z\"\/><\/svg><\/span><span class=\"shariff-text\">teilen<\/span>&nbsp;<\/a><\/li><li class=\"shariff-button twitter shariff-nocustomcolor\" style=\"background-color:#595959\"><a href=\"https:\/\/twitter.com\/share?url=https%3A%2F%2Fwww.backwinkel.de%2Fblog%2Fpersonenbeschreibung-grundschule%2F&text=Personenbeschreibung%20in%20der%20Grundschule%3A\" title=\"Bei X teilen\" aria-label=\"Bei X teilen\" role=\"button\" rel=\"noopener nofollow\" class=\"shariff-link\" style=\"; background-color:#000; color:#fff\" target=\"_blank\"><span class=\"shariff-icon\" style=\"\"><svg width=\"32px\" height=\"20px\" xmlns=\"http:\/\/www.w3.org\/2000\/svg\" viewBox=\"0 0 24 24\"><path fill=\"#000\" d=\"M14.258 10.152L23.176 0h-2.113l-7.747 8.813L7.133 0H0l9.352 13.328L0 23.973h2.113l8.176-9.309 6.531 9.309h7.133zm-2.895 3.293l-.949-1.328L2.875 1.56h3.246l6.086 8.523.945 1.328 7.91 11.078h-3.246zm0 0\"\/><\/svg><\/span><span class=\"shariff-text\">teilen<\/span>&nbsp;<\/a><\/li><li class=\"shariff-button pinterest shariff-nocustomcolor\" style=\"background-color:#e70f18\"><a href=\"https:\/\/www.pinterest.com\/pin\/create\/link\/?url=https%3A%2F%2Fwww.backwinkel.de%2Fblog%2Fpersonenbeschreibung-grundschule%2F&media=https%3A%2F%2Fwww.backwinkel.de%2Fblog%2Fwp-content%2Fuploads%2F2019%2F01%2Fbackwinkel-blog-personenbeschreibung-heroimage.jpg&description=Personenbeschreibung%20in%20der%20Grundschule%3A\" title=\"Bei Pinterest pinnen\" aria-label=\"Bei Pinterest pinnen\" role=\"button\" rel=\"noopener nofollow\" class=\"shariff-link\" style=\"; background-color:#cb2027; color:#fff\" target=\"_blank\"><span class=\"shariff-icon\" style=\"\"><svg width=\"32px\" height=\"20px\" xmlns=\"http:\/\/www.w3.org\/2000\/svg\" viewBox=\"0 0 27 32\"><path fill=\"#cb2027\" d=\"M27.4 16q0 3.7-1.8 6.9t-5 5-6.9 1.9q-2 0-3.9-0.6 1.1-1.7 1.4-2.9 0.2-0.6 1-3.8 0.4 0.7 1.3 1.2t2 0.5q2.1 0 3.8-1.2t2.7-3.4 0.9-4.8q0-2-1.1-3.8t-3.1-2.9-4.5-1.2q-1.9 0-3.5 0.5t-2.8 1.4-2 2-1.2 2.3-0.4 2.4q0 1.9 0.7 3.3t2.1 2q0.5 0.2 0.7-0.4 0-0.1 0.1-0.5t0.2-0.5q0.1-0.4-0.2-0.8-0.9-1.1-0.9-2.7 0-2.7 1.9-4.6t4.9-2q2.7 0 4.2 1.5t1.5 3.8q0 3-1.2 5.2t-3.1 2.1q-1.1 0-1.7-0.8t-0.4-1.9q0.1-0.6 0.5-1.7t0.5-1.8 0.2-1.4q0-0.9-0.5-1.5t-1.4-0.6q-1.1 0-1.9 1t-0.8 2.6q0 1.3 0.4 2.2l-1.8 7.5q-0.3 1.2-0.2 3.2-3.7-1.6-6-5t-2.3-7.6q0-3.7 1.9-6.9t5-5 6.9-1.9 6.9 1.9 5 5 1.8 6.9z\"\/><\/svg><\/span><span class=\"shariff-text\">merken<\/span>&nbsp;<\/a><\/li><li class=\"shariff-button mailto shariff-nocustomcolor\" style=\"background-color:#a8a8a8\"><a href=\"mailto:?body=https%3A%2F%2Fwww.backwinkel.de%2Fblog%2Fpersonenbeschreibung-grundschule%2F&subject=Personenbeschreibung%20in%20der%20Grundschule%3A\" title=\"Per E-Mail versenden\" aria-label=\"Per E-Mail versenden\" role=\"button\" rel=\"noopener nofollow\" class=\"shariff-link\" style=\"; background-color:#999; color:#fff\"><span class=\"shariff-icon\" style=\"\"><svg width=\"32px\" height=\"20px\" xmlns=\"http:\/\/www.w3.org\/2000\/svg\" viewBox=\"0 0 32 32\"><path fill=\"#999\" d=\"M32 12.7v14.2q0 1.2-0.8 2t-2 0.9h-26.3q-1.2 0-2-0.9t-0.8-2v-14.2q0.8 0.9 1.8 1.6 6.5 4.4 8.9 6.1 1 0.8 1.6 1.2t1.7 0.9 2 0.4h0.1q0.9 0 2-0.4t1.7-0.9 1.6-1.2q3-2.2 8.9-6.1 1-0.7 1.8-1.6zM32 7.4q0 1.4-0.9 2.7t-2.2 2.2q-6.7 4.7-8.4 5.8-0.2 0.1-0.7 0.5t-1 0.7-0.9 0.6-1.1 0.5-0.9 0.2h-0.1q-0.4 0-0.9-0.2t-1.1-0.5-0.9-0.6-1-0.7-0.7-0.5q-1.6-1.1-4.7-3.2t-3.6-2.6q-1.1-0.7-2.1-2t-1-2.5q0-1.4 0.7-2.3t2.1-0.9h26.3q1.2 0 2 0.8t0.9 2z\"\/><\/svg><\/span><span class=\"shariff-text\">E-Mail<\/span>&nbsp;<\/a><\/li><\/ul><\/div>\n<\/div><\/section><br \/>\n<div  class='tabcontainer av-jlq8shhr-b676e11701d9718d755b04dc68ac4c10 top_tab  avia-builder-el-96  el_after_av_textblock  el_before_av_hr '>\n<section class='av_tab_section av_tab_section av-4w8jsn-17d4c89754803ac141d68451b8b1d1a6' ><div id='tab-id-1-tab' class='tab active_tab' role='tab' aria-selected=\"true\" tabindex=\"0\" data-fake-id='#tab-id-1' aria-controls='tab-id-1-content' >Das BACKWINKEL-Blog-Team:<\/div><div id='tab-id-1-content' class='tab_content active_tab_content' role='tabpanel' aria-labelledby='tab-id-1-tab' aria-hidden=\"false\"><div class='tab_inner_content invers-color' ><p><img decoding=\"async\" class=\"wp-image-1768 alignleft\" title=\"BACKWINKEL-Blog \u2013 Das Team\" src=\"https:\/\/blog.backwinkel.de\/wp-content\/uploads\/2018\/10\/backwinkel-blog-autorenbox-intern_preview-300x198.jpg\" alt=\"\" width=\"300\" height=\"198\" \/>Gibts auch ein Gesicht hinter dem BACKWINKEL-Blog? Ja. Vier ?. Drei davon sogar mit Foto.<\/p>\n<p><span style=\"font-style: inherit !important; font-weight: inherit !important;\">Wir \u2013 Lukas, Tatjana, Stefan und Christine \u2013 bespielen unseren Blog unter dem Motto LACHEN LESEN LERNEN. <\/span><\/p>\n<p><span style=\"font-style: inherit !important; font-weight: inherit !important;\">Lukas kennt sich online so gut aus wie in seiner Westentasche und findet immer spannende Themen, w\u00e4hrend Stefan unseren Beitr\u00e4gen den passenden gestalterischen Rahmen gibt und Tatjana mit dem gr\u00fcnen Korrekturstift alles pr\u00fcfend be\u00e4ugt, was unsere Autorin Christine (und gern auch Gastautoren) f\u00fcr den BACKWINKEL-Blog nach ordentlicher Recherche schreibt.<\/span><\/p>\n<p>Gemeinsam suchen wir st\u00e4ndig nach neuen, aufregenden Themen rund um das Thema Bildung im Kiga, der Schule und zu Hause. Und weil Sie da an der Quelle sitzen, freuen wir uns auf Ihre konstruktiven R\u00fcckmeldungen und Anregungen an <a href=\"mailto:blog@backwinkel.de\">blog@backwinkel.de<\/a><\/p>\n<p>Viel Spa\u00df beim LACHEN LESEN LERNEN!<\/p>\n<\/div><\/div><\/section>\n<\/div><br \/>\n\n<style type=\"text\/css\" data-created_by=\"avia_inline_auto\" id=\"style-css-av-jkuvdh82-b6ea5d9aca5d02d0d62bf300de93e492\">\n#top .hr.av-jkuvdh82-b6ea5d9aca5d02d0d62bf300de93e492{\nmargin-top:10px;\nmargin-bottom:10px;\n}\n.hr.av-jkuvdh82-b6ea5d9aca5d02d0d62bf300de93e492 .hr-inner{\nwidth:500;\n}\n<\/style>\n<div  class='hr av-jkuvdh82-b6ea5d9aca5d02d0d62bf300de93e492 hr-custom  avia-builder-el-97  el_after_av_tab_container  el_before_av_heading  hr-left hr-icon-no'><span class='hr-inner inner-border-av-border-thin'><span class=\"hr-inner-style\"><\/span><\/span><\/div><br \/>\n\n<style type=\"text\/css\" data-created_by=\"avia_inline_auto\" id=\"style-css-av-2rgq8p-eea5960d1a3bca7958b11dcc59b35b67\">\n#top .av-special-heading.av-2rgq8p-eea5960d1a3bca7958b11dcc59b35b67{\npadding-bottom:10px;\n}\nbody .av-special-heading.av-2rgq8p-eea5960d1a3bca7958b11dcc59b35b67 .av-special-heading-tag .heading-char{\nfont-size:25px;\n}\n.av-special-heading.av-2rgq8p-eea5960d1a3bca7958b11dcc59b35b67 .av-subheading{\nfont-size:15px;\n}\n<\/style>\n<div  class='av-special-heading av-2rgq8p-eea5960d1a3bca7958b11dcc59b35b67 av-special-heading-h3 blockquote modern-quote  avia-builder-el-98  el_after_av_hr  el_before_av_blog '><h3 class='av-special-heading-tag '  >PASSENDE BEITR\u00c4GE<\/h3><div class=\"special-heading-border\"><div class=\"special-heading-inner-border\"><\/div><\/div><\/div><br \/>\n<div  data-slideshow-options=\"{&quot;animation&quot;:&quot;fade&quot;,&quot;autoplay&quot;:false,&quot;loop_autoplay&quot;:&quot;once&quot;,&quot;interval&quot;:5,&quot;loop_manual&quot;:&quot;manual-endless&quot;,&quot;autoplay_stopper&quot;:false,&quot;noNavigation&quot;:false,&quot;show_slide_delay&quot;:90}\" class='avia-content-slider avia-content-grid-active avia-content-slider1 avia-content-slider-odd  avia-builder-el-99  el_after_av_heading  avia-builder-el-last  av-slideshow-ui av-control-default   av-no-slider-navigation av-slideshow-manual av-loop-once av-loop-manual-endless ' ><div class=\"avia-content-slider-inner\"><div class=\"slide-entry-wrap\"><article class='slide-entry flex_column  post-entry post-entry-18633 slide-entry-overview slide-loop-1 slide-parity-odd  av_one_third first real-thumbnail posttype-post post-format-standard' ><a href='https:\/\/www.backwinkel.de\/blog\/plastik-recyceln\/' data-rel='slide-1' class='slide-image' title='Plastik recyceln'><img decoding=\"async\" fetchpriority=\"high\" width=\"1200\" height=\"628\" src=\"https:\/\/www.backwinkel.de\/blog\/wp-content\/uploads\/2026\/04\/04_Kiga_Plastik_nachhaltig_nutzen.jpg\" class=\"wp-image-18713 avia-img-lazy-loading-not-18713 attachment-no scaling size-no scaling wp-post-image\" alt=\"\" \/><\/a><div class=\"slide-content\"><header class=\"entry-content-header\" aria-label=\"Slide: Plastik recyceln\"><h3 class='slide-entry-title entry-title ' ><a href='https:\/\/www.backwinkel.de\/blog\/plastik-recyceln\/' title='Plastik recyceln'>Plastik recyceln<\/a><\/h3><span class=\"blog-categories minor-meta\"><a href=\"https:\/\/www.backwinkel.de\/blog\/category\/kindergarten-kita\/\" rel=\"tag\">Kindergarten<\/a> <\/span><span class=\"av-vertical-delimiter\"><\/span><\/header><div class='slide-entry-excerpt entry-content' >Biokunststoff f\u00fcr St\u00fchle, Materialboxen, Spielzeug und Rucks\u00e4cke<\/div><\/div><footer class=\"entry-footer\"><div class=\"slide-meta\"><time class='slide-meta-time updated' >14. April 2026<\/time><\/div><\/footer><\/article><article class='slide-entry flex_column  post-entry post-entry-18716 slide-entry-overview slide-loop-2 slide-parity-even  av_one_third  real-thumbnail posttype-post post-format-standard' ><a href='https:\/\/www.backwinkel.de\/blog\/rechnen-im-anfangsunterricht\/' data-rel='slide-1' class='slide-image' title='Rechnen im Anfangsunterricht'><img decoding=\"async\" fetchpriority=\"high\" width=\"1200\" height=\"628\" src=\"https:\/\/www.backwinkel.de\/blog\/wp-content\/uploads\/2026\/04\/04_Schule_Rechnen_anfangsunterricht.jpg\" class=\"wp-image-18748 avia-img-lazy-loading-not-18748 attachment-no scaling size-no scaling wp-post-image\" alt=\"\" \/><\/a><div class=\"slide-content\"><header class=\"entry-content-header\" aria-label=\"Slide: Rechnen im Anfangsunterricht\"><h3 class='slide-entry-title entry-title ' ><a href='https:\/\/www.backwinkel.de\/blog\/rechnen-im-anfangsunterricht\/' title='Rechnen im Anfangsunterricht'>Rechnen im Anfangsunterricht<\/a><\/h3><span class=\"blog-categories minor-meta\"><a href=\"https:\/\/www.backwinkel.de\/blog\/category\/schule-grundschule\/\" rel=\"tag\">Schule<\/a> <\/span><span class=\"av-vertical-delimiter\"><\/span><\/header><div class='slide-entry-excerpt entry-content' >Das Klassenzimmer als Lernlandschaft<\/div><\/div><footer class=\"entry-footer\"><div class=\"slide-meta\"><time class='slide-meta-time updated' >14. April 2026<\/time><\/div><\/footer><\/article><article class='slide-entry flex_column  post-entry post-entry-18372 slide-entry-overview slide-loop-3 slide-parity-odd  post-entry-last  av_one_third  real-thumbnail posttype-post post-format-standard' ><a href='https:\/\/www.backwinkel.de\/blog\/kranke-kinder-im-kindergarten\/' data-rel='slide-1' class='slide-image' title='Kranke Kinder im Kindergarten'><img decoding=\"async\" fetchpriority=\"high\" width=\"1200\" height=\"628\" src=\"https:\/\/www.backwinkel.de\/blog\/wp-content\/uploads\/2026\/03\/03_Kiga_Kranke_Kinder.jpg\" class=\"wp-image-18451 avia-img-lazy-loading-not-18451 attachment-no scaling size-no scaling wp-post-image\" alt=\"Thema: Kranke Kinder. Auf dem Bild ist ein krankes kleines M\u00e4dchen zu sehen. Eine Frau mit einem Fieberthermometer in der Hand sitzt neben ihr und hat die Hand auf der Stirn des M\u00e4dchens.\" \/><\/a><div class=\"slide-content\"><header class=\"entry-content-header\" aria-label=\"Slide: Kranke Kinder im Kindergarten\"><h3 class='slide-entry-title entry-title ' ><a href='https:\/\/www.backwinkel.de\/blog\/kranke-kinder-im-kindergarten\/' title='Kranke Kinder im Kindergarten'>Kranke Kinder im Kindergarten<\/a><\/h3><span class=\"blog-categories minor-meta\"><a href=\"https:\/\/www.backwinkel.de\/blog\/category\/kindergarten-kita\/\" rel=\"tag\">Kindergarten<\/a> <\/span><span class=\"av-vertical-delimiter\"><\/span><\/header><div class='slide-entry-excerpt entry-content' >Auswirkungen f\u00fcr Kinder, Eltern und Fachkr\u00e4fte<\/div><\/div><footer class=\"entry-footer\"><div class=\"slide-meta\"><time class='slide-meta-time updated' >9. M\u00e4rz 2026<\/time><\/div><\/footer><\/article><\/div><\/div><\/div><\/p><\/div>\n","protected":false},"excerpt":{"rendered":"<p>So wird aus kniffelig pr\u00e4zise<\/p>\n","protected":false},"author":3,"featured_media":2487,"comment_status":"closed","ping_status":"closed","sticky":false,"template":"","format":"standard","meta":{"inline_featured_image":false,"footnotes":""},"categories":[6],"tags":[],"class_list":["post-2489","post","type-post","status-publish","format-standard","has-post-thumbnail","hentry","category-schule-grundschule"],"yoast_head":"<!-- This site is optimized with the Yoast SEO plugin v27.4 - https:\/\/yoast.com\/product\/yoast-seo-wordpress\/ -->\n<title>Personenbeschreibung: Arbeitsbl\u00e4tter, Tipps und \u00dcbungen f\u00fcr die Grundschule | BACKWINKEL-Blog<\/title>\n<meta name=\"description\" content=\"Alles zur Personenbeschreibung in der Grundschule (3. \/ 4. Klasse): Methodische Tipps \u2713 Kostenlose Arbeitsbl\u00e4tter zum Ausdrucken \u2713 Praktische \u00dcbungen \u2713 und einiges mehr \u2713\" \/>\n<meta name=\"robots\" content=\"index, follow, max-snippet:-1, max-image-preview:large, max-video-preview:-1\" \/>\n<link rel=\"canonical\" href=\"https:\/\/www.backwinkel.de\/blog\/personenbeschreibung-grundschule\/\" \/>\n<meta property=\"og:locale\" content=\"de_DE\" \/>\n<meta property=\"og:type\" content=\"article\" \/>\n<meta property=\"og:title\" content=\"Personenbeschreibung: Arbeitsbl\u00e4tter, Tipps und \u00dcbungen f\u00fcr die Grundschule | BACKWINKEL-Blog\" \/>\n<meta property=\"og:description\" content=\"Alles zur Personenbeschreibung in der Grundschule (3. \/ 4. Klasse): Methodische Tipps \u2713 Kostenlose Arbeitsbl\u00e4tter zum Ausdrucken \u2713 Praktische \u00dcbungen \u2713 und einiges mehr \u2713\" \/>\n<meta property=\"og:url\" content=\"https:\/\/www.backwinkel.de\/blog\/personenbeschreibung-grundschule\/\" \/>\n<meta property=\"og:site_name\" content=\"BACKWINKEL Blog\" \/>\n<meta property=\"article:published_time\" content=\"2019-02-01T12:42:17+00:00\" \/>\n<meta property=\"article:modified_time\" content=\"2026-04-22T06:42:39+00:00\" \/>\n<meta property=\"og:image\" content=\"https:\/\/www.backwinkel.de\/blog\/wp-content\/uploads\/2019\/01\/backwinkel-blog-personenbeschreibung-heroimage.jpg\" \/>\n\t<meta property=\"og:image:width\" content=\"1200\" \/>\n\t<meta property=\"og:image:height\" content=\"628\" \/>\n\t<meta property=\"og:image:type\" content=\"image\/jpeg\" \/>\n<meta name=\"author\" content=\"BACKWINKEL\" \/>\n<meta name=\"twitter:card\" content=\"summary_large_image\" \/>\n<meta name=\"twitter:label1\" content=\"Verfasst von\" \/>\n\t<meta name=\"twitter:data1\" content=\"BACKWINKEL\" \/>\n\t<meta name=\"twitter:label2\" content=\"Gesch\u00e4tzte Lesezeit\" \/>\n\t<meta name=\"twitter:data2\" content=\"13\u00a0Minuten\" \/>\n<script type=\"application\/ld+json\" class=\"yoast-schema-graph\">{\"@context\":\"https:\\\/\\\/schema.org\",\"@graph\":[{\"@type\":\"Article\",\"@id\":\"https:\\\/\\\/www.backwinkel.de\\\/blog\\\/personenbeschreibung-grundschule\\\/#article\",\"isPartOf\":{\"@id\":\"https:\\\/\\\/www.backwinkel.de\\\/blog\\\/personenbeschreibung-grundschule\\\/\"},\"author\":{\"name\":\"BACKWINKEL\",\"@id\":\"https:\\\/\\\/www.backwinkel.de\\\/blog\\\/#\\\/schema\\\/person\\\/3d64575316540d25f7866264a4b7cd24\"},\"headline\":\"Personenbeschreibung in der Grundschule:\",\"datePublished\":\"2019-02-01T12:42:17+00:00\",\"dateModified\":\"2026-04-22T06:42:39+00:00\",\"mainEntityOfPage\":{\"@id\":\"https:\\\/\\\/www.backwinkel.de\\\/blog\\\/personenbeschreibung-grundschule\\\/\"},\"wordCount\":7249,\"image\":{\"@id\":\"https:\\\/\\\/www.backwinkel.de\\\/blog\\\/personenbeschreibung-grundschule\\\/#primaryimage\"},\"thumbnailUrl\":\"https:\\\/\\\/www.backwinkel.de\\\/blog\\\/wp-content\\\/uploads\\\/2019\\\/01\\\/backwinkel-blog-personenbeschreibung-heroimage.jpg\",\"articleSection\":[\"Schule\"],\"inLanguage\":\"de\"},{\"@type\":\"WebPage\",\"@id\":\"https:\\\/\\\/www.backwinkel.de\\\/blog\\\/personenbeschreibung-grundschule\\\/\",\"url\":\"https:\\\/\\\/www.backwinkel.de\\\/blog\\\/personenbeschreibung-grundschule\\\/\",\"name\":\"Personenbeschreibung: Arbeitsbl\u00e4tter, Tipps und \u00dcbungen f\u00fcr die Grundschule | BACKWINKEL-Blog\",\"isPartOf\":{\"@id\":\"https:\\\/\\\/www.backwinkel.de\\\/blog\\\/#website\"},\"primaryImageOfPage\":{\"@id\":\"https:\\\/\\\/www.backwinkel.de\\\/blog\\\/personenbeschreibung-grundschule\\\/#primaryimage\"},\"image\":{\"@id\":\"https:\\\/\\\/www.backwinkel.de\\\/blog\\\/personenbeschreibung-grundschule\\\/#primaryimage\"},\"thumbnailUrl\":\"https:\\\/\\\/www.backwinkel.de\\\/blog\\\/wp-content\\\/uploads\\\/2019\\\/01\\\/backwinkel-blog-personenbeschreibung-heroimage.jpg\",\"datePublished\":\"2019-02-01T12:42:17+00:00\",\"dateModified\":\"2026-04-22T06:42:39+00:00\",\"author\":{\"@id\":\"https:\\\/\\\/www.backwinkel.de\\\/blog\\\/#\\\/schema\\\/person\\\/3d64575316540d25f7866264a4b7cd24\"},\"description\":\"Alles zur Personenbeschreibung in der Grundschule (3. \\\/ 4. Klasse): Methodische Tipps \u2713 Kostenlose Arbeitsbl\u00e4tter zum Ausdrucken \u2713 Praktische \u00dcbungen \u2713 und einiges mehr \u2713\",\"breadcrumb\":{\"@id\":\"https:\\\/\\\/www.backwinkel.de\\\/blog\\\/personenbeschreibung-grundschule\\\/#breadcrumb\"},\"inLanguage\":\"de\",\"potentialAction\":[{\"@type\":\"ReadAction\",\"target\":[\"https:\\\/\\\/www.backwinkel.de\\\/blog\\\/personenbeschreibung-grundschule\\\/\"]}]},{\"@type\":\"ImageObject\",\"inLanguage\":\"de\",\"@id\":\"https:\\\/\\\/www.backwinkel.de\\\/blog\\\/personenbeschreibung-grundschule\\\/#primaryimage\",\"url\":\"https:\\\/\\\/www.backwinkel.de\\\/blog\\\/wp-content\\\/uploads\\\/2019\\\/01\\\/backwinkel-blog-personenbeschreibung-heroimage.jpg\",\"contentUrl\":\"https:\\\/\\\/www.backwinkel.de\\\/blog\\\/wp-content\\\/uploads\\\/2019\\\/01\\\/backwinkel-blog-personenbeschreibung-heroimage.jpg\",\"width\":1200,\"height\":628,\"caption\":\"Personenbeschreibung: Arbeitsbl\u00e4tter, Tipps und \u00dcbungen f\u00fcr die Grundschule\"},{\"@type\":\"BreadcrumbList\",\"@id\":\"https:\\\/\\\/www.backwinkel.de\\\/blog\\\/personenbeschreibung-grundschule\\\/#breadcrumb\",\"itemListElement\":[{\"@type\":\"ListItem\",\"position\":1,\"name\":\"Startseite\",\"item\":\"https:\\\/\\\/blog.backwinkel.de\\\/aktuelles\\\/\"},{\"@type\":\"ListItem\",\"position\":2,\"name\":\"Personenbeschreibung in der Grundschule:\"}]},{\"@type\":\"WebSite\",\"@id\":\"https:\\\/\\\/www.backwinkel.de\\\/blog\\\/#website\",\"url\":\"https:\\\/\\\/www.backwinkel.de\\\/blog\\\/\",\"name\":\"BACKWINKEL Blog\",\"description\":\"f\u00fcr Lehrer, Erzieher und Eltern\",\"potentialAction\":[{\"@type\":\"SearchAction\",\"target\":{\"@type\":\"EntryPoint\",\"urlTemplate\":\"https:\\\/\\\/www.backwinkel.de\\\/blog\\\/?s={search_term_string}\"},\"query-input\":{\"@type\":\"PropertyValueSpecification\",\"valueRequired\":true,\"valueName\":\"search_term_string\"}}],\"inLanguage\":\"de\"},{\"@type\":\"Person\",\"@id\":\"https:\\\/\\\/www.backwinkel.de\\\/blog\\\/#\\\/schema\\\/person\\\/3d64575316540d25f7866264a4b7cd24\",\"name\":\"BACKWINKEL\",\"sameAs\":[\"http:\\\/\\\/www.backwinkel.de\"],\"url\":\"https:\\\/\\\/www.backwinkel.de\\\/blog\\\/author\\\/backwinkel\\\/\"}]}<\/script>\n<!-- \/ Yoast SEO plugin. -->","yoast_head_json":{"title":"Personenbeschreibung: Arbeitsbl\u00e4tter, Tipps und \u00dcbungen f\u00fcr die Grundschule | BACKWINKEL-Blog","description":"Alles zur Personenbeschreibung in der Grundschule (3. \/ 4. Klasse): Methodische Tipps \u2713 Kostenlose Arbeitsbl\u00e4tter zum Ausdrucken \u2713 Praktische \u00dcbungen \u2713 und einiges mehr \u2713","robots":{"index":"index","follow":"follow","max-snippet":"max-snippet:-1","max-image-preview":"max-image-preview:large","max-video-preview":"max-video-preview:-1"},"canonical":"https:\/\/www.backwinkel.de\/blog\/personenbeschreibung-grundschule\/","og_locale":"de_DE","og_type":"article","og_title":"Personenbeschreibung: Arbeitsbl\u00e4tter, Tipps und \u00dcbungen f\u00fcr die Grundschule | BACKWINKEL-Blog","og_description":"Alles zur Personenbeschreibung in der Grundschule (3. \/ 4. Klasse): Methodische Tipps \u2713 Kostenlose Arbeitsbl\u00e4tter zum Ausdrucken \u2713 Praktische \u00dcbungen \u2713 und einiges mehr \u2713","og_url":"https:\/\/www.backwinkel.de\/blog\/personenbeschreibung-grundschule\/","og_site_name":"BACKWINKEL Blog","article_published_time":"2019-02-01T12:42:17+00:00","article_modified_time":"2026-04-22T06:42:39+00:00","og_image":[{"width":1200,"height":628,"url":"https:\/\/www.backwinkel.de\/blog\/wp-content\/uploads\/2019\/01\/backwinkel-blog-personenbeschreibung-heroimage.jpg","type":"image\/jpeg"}],"author":"BACKWINKEL","twitter_card":"summary_large_image","twitter_misc":{"Verfasst von":"BACKWINKEL","Gesch\u00e4tzte Lesezeit":"13\u00a0Minuten"},"schema":{"@context":"https:\/\/schema.org","@graph":[{"@type":"Article","@id":"https:\/\/www.backwinkel.de\/blog\/personenbeschreibung-grundschule\/#article","isPartOf":{"@id":"https:\/\/www.backwinkel.de\/blog\/personenbeschreibung-grundschule\/"},"author":{"name":"BACKWINKEL","@id":"https:\/\/www.backwinkel.de\/blog\/#\/schema\/person\/3d64575316540d25f7866264a4b7cd24"},"headline":"Personenbeschreibung in der Grundschule:","datePublished":"2019-02-01T12:42:17+00:00","dateModified":"2026-04-22T06:42:39+00:00","mainEntityOfPage":{"@id":"https:\/\/www.backwinkel.de\/blog\/personenbeschreibung-grundschule\/"},"wordCount":7249,"image":{"@id":"https:\/\/www.backwinkel.de\/blog\/personenbeschreibung-grundschule\/#primaryimage"},"thumbnailUrl":"https:\/\/www.backwinkel.de\/blog\/wp-content\/uploads\/2019\/01\/backwinkel-blog-personenbeschreibung-heroimage.jpg","articleSection":["Schule"],"inLanguage":"de"},{"@type":"WebPage","@id":"https:\/\/www.backwinkel.de\/blog\/personenbeschreibung-grundschule\/","url":"https:\/\/www.backwinkel.de\/blog\/personenbeschreibung-grundschule\/","name":"Personenbeschreibung: Arbeitsbl\u00e4tter, Tipps und \u00dcbungen f\u00fcr die Grundschule | BACKWINKEL-Blog","isPartOf":{"@id":"https:\/\/www.backwinkel.de\/blog\/#website"},"primaryImageOfPage":{"@id":"https:\/\/www.backwinkel.de\/blog\/personenbeschreibung-grundschule\/#primaryimage"},"image":{"@id":"https:\/\/www.backwinkel.de\/blog\/personenbeschreibung-grundschule\/#primaryimage"},"thumbnailUrl":"https:\/\/www.backwinkel.de\/blog\/wp-content\/uploads\/2019\/01\/backwinkel-blog-personenbeschreibung-heroimage.jpg","datePublished":"2019-02-01T12:42:17+00:00","dateModified":"2026-04-22T06:42:39+00:00","author":{"@id":"https:\/\/www.backwinkel.de\/blog\/#\/schema\/person\/3d64575316540d25f7866264a4b7cd24"},"description":"Alles zur Personenbeschreibung in der Grundschule (3. \/ 4. Klasse): Methodische Tipps \u2713 Kostenlose Arbeitsbl\u00e4tter zum Ausdrucken \u2713 Praktische \u00dcbungen \u2713 und einiges mehr \u2713","breadcrumb":{"@id":"https:\/\/www.backwinkel.de\/blog\/personenbeschreibung-grundschule\/#breadcrumb"},"inLanguage":"de","potentialAction":[{"@type":"ReadAction","target":["https:\/\/www.backwinkel.de\/blog\/personenbeschreibung-grundschule\/"]}]},{"@type":"ImageObject","inLanguage":"de","@id":"https:\/\/www.backwinkel.de\/blog\/personenbeschreibung-grundschule\/#primaryimage","url":"https:\/\/www.backwinkel.de\/blog\/wp-content\/uploads\/2019\/01\/backwinkel-blog-personenbeschreibung-heroimage.jpg","contentUrl":"https:\/\/www.backwinkel.de\/blog\/wp-content\/uploads\/2019\/01\/backwinkel-blog-personenbeschreibung-heroimage.jpg","width":1200,"height":628,"caption":"Personenbeschreibung: Arbeitsbl\u00e4tter, Tipps und \u00dcbungen f\u00fcr die Grundschule"},{"@type":"BreadcrumbList","@id":"https:\/\/www.backwinkel.de\/blog\/personenbeschreibung-grundschule\/#breadcrumb","itemListElement":[{"@type":"ListItem","position":1,"name":"Startseite","item":"https:\/\/blog.backwinkel.de\/aktuelles\/"},{"@type":"ListItem","position":2,"name":"Personenbeschreibung in der Grundschule:"}]},{"@type":"WebSite","@id":"https:\/\/www.backwinkel.de\/blog\/#website","url":"https:\/\/www.backwinkel.de\/blog\/","name":"BACKWINKEL Blog","description":"f\u00fcr Lehrer, Erzieher und Eltern","potentialAction":[{"@type":"SearchAction","target":{"@type":"EntryPoint","urlTemplate":"https:\/\/www.backwinkel.de\/blog\/?s={search_term_string}"},"query-input":{"@type":"PropertyValueSpecification","valueRequired":true,"valueName":"search_term_string"}}],"inLanguage":"de"},{"@type":"Person","@id":"https:\/\/www.backwinkel.de\/blog\/#\/schema\/person\/3d64575316540d25f7866264a4b7cd24","name":"BACKWINKEL","sameAs":["http:\/\/www.backwinkel.de"],"url":"https:\/\/www.backwinkel.de\/blog\/author\/backwinkel\/"}]}},"_links":{"self":[{"href":"https:\/\/www.backwinkel.de\/blog\/wp-json\/wp\/v2\/posts\/2489","targetHints":{"allow":["GET"]}}],"collection":[{"href":"https:\/\/www.backwinkel.de\/blog\/wp-json\/wp\/v2\/posts"}],"about":[{"href":"https:\/\/www.backwinkel.de\/blog\/wp-json\/wp\/v2\/types\/post"}],"author":[{"embeddable":true,"href":"https:\/\/www.backwinkel.de\/blog\/wp-json\/wp\/v2\/users\/3"}],"replies":[{"embeddable":true,"href":"https:\/\/www.backwinkel.de\/blog\/wp-json\/wp\/v2\/comments?post=2489"}],"version-history":[{"count":5,"href":"https:\/\/www.backwinkel.de\/blog\/wp-json\/wp\/v2\/posts\/2489\/revisions"}],"predecessor-version":[{"id":18832,"href":"https:\/\/www.backwinkel.de\/blog\/wp-json\/wp\/v2\/posts\/2489\/revisions\/18832"}],"wp:featuredmedia":[{"embeddable":true,"href":"https:\/\/www.backwinkel.de\/blog\/wp-json\/wp\/v2\/media\/2487"}],"wp:attachment":[{"href":"https:\/\/www.backwinkel.de\/blog\/wp-json\/wp\/v2\/media?parent=2489"}],"wp:term":[{"taxonomy":"category","embeddable":true,"href":"https:\/\/www.backwinkel.de\/blog\/wp-json\/wp\/v2\/categories?post=2489"},{"taxonomy":"post_tag","embeddable":true,"href":"https:\/\/www.backwinkel.de\/blog\/wp-json\/wp\/v2\/tags?post=2489"}],"curies":[{"name":"wp","href":"https:\/\/api.w.org\/{rel}","templated":true}]}}