{"id":2105,"date":"2018-11-09T13:27:19","date_gmt":"2018-11-09T12:27:19","guid":{"rendered":"https:\/\/blog.backwinkel.de\/?p=2105"},"modified":"2026-02-24T14:22:31","modified_gmt":"2026-02-24T13:22:31","slug":"neutralitaetsgebot-schule","status":"publish","type":"post","link":"https:\/\/www.backwinkel.de\/blog\/neutralitaetsgebot-schule\/","title":{"rendered":"Mund auf, sachliche Meinung raus"},"content":{"rendered":"\n<style type=\"text\/css\" data-created_by=\"avia_inline_auto\" id=\"style-css-av-8vdv8-f7e0dae999cc49bc529a70f67b346526\">\n.flex_column.av-8vdv8-f7e0dae999cc49bc529a70f67b346526{\nborder-radius:0px 0px 0px 0px;\npadding:0px 0px 0px 0px;\n}\n<\/style>\n<div  class='flex_column av-8vdv8-f7e0dae999cc49bc529a70f67b346526 av_one_full  avia-builder-el-0  el_before_av_three_fifth  avia-builder-el-first  first flex_column_div av-zero-column-padding  '     ><p>\n<style type=\"text\/css\" data-created_by=\"avia_inline_auto\" id=\"style-css-av-jl6mo8rj-605eccf9df0dce9c3ffb6a57636da99d\">\n#top .hr.hr-invisible.av-jl6mo8rj-605eccf9df0dce9c3ffb6a57636da99d{\nmargin-top:0px;\nheight:1px;\n}\n<\/style>\n<div  class='hr av-jl6mo8rj-605eccf9df0dce9c3ffb6a57636da99d hr-invisible  avia-builder-el-1  el_before_av_heading  avia-builder-el-first '><span class='hr-inner '><span class=\"hr-inner-style\"><\/span><\/span><\/div><br \/>\n\n<style type=\"text\/css\" data-created_by=\"avia_inline_auto\" id=\"style-css-av-32n0yx-9bc4f4bf95b442b68f7d9017246a1969\">\n#top .av-special-heading.av-32n0yx-9bc4f4bf95b442b68f7d9017246a1969{\npadding-bottom:10px;\n}\nbody .av-special-heading.av-32n0yx-9bc4f4bf95b442b68f7d9017246a1969 .av-special-heading-tag .heading-char{\nfont-size:25px;\n}\n.av-special-heading.av-32n0yx-9bc4f4bf95b442b68f7d9017246a1969 .av-subheading{\nfont-size:15px;\n}\n<\/style>\n<div  class='av-special-heading av-32n0yx-9bc4f4bf95b442b68f7d9017246a1969 av-special-heading-h1 blockquote modern-quote  avia-builder-el-2  el_after_av_hr  el_before_av_post_metadata '><h1 class='av-special-heading-tag '  >Mund auf, sachliche Meinung raus \u2013 warum das Neutralit\u00e4tsgebot und politische Statements in der Schule sehr gut unter einen Hut passen<\/h1><div class='av-subheading av-subheading_below'><p class=\"autorenname\">Christine Hagemann<\/p>\n<\/div><div class=\"special-heading-border\"><div class=\"special-heading-inner-border\"><\/div><\/div><\/div><br \/>\n\n<style type=\"text\/css\" data-created_by=\"avia_inline_auto\" id=\"style-css-av-5mshzd-0fbeaffaf9f84a8eff02165feb03f23c\">\n#top .av-post-metadata-container.av-5mshzd-0fbeaffaf9f84a8eff02165feb03f23c{\nfont-size:12px;\n}\n#top .av-post-metadata-container.av-5mshzd-0fbeaffaf9f84a8eff02165feb03f23c .av-post-metadata-container-inner{\nfont-size:12px;\n}\n<\/style>\n<div  class='av-post-metadata-container av-5mshzd-0fbeaffaf9f84a8eff02165feb03f23c av-metadata-container-align-left  avia-builder-el-3  el_after_av_heading  el_before_av_textblock  av-metadata-container-1'><div class='av-post-metadata-container-inner'><span class=\"av-post-metadata-content av-post-metadata-meta-content\"><span class=\"av-post-metadata-content av-post-metadata-published\"><span class=\"av-metadata-before av-metadata-before-published\">Ver\u00f6ffentlicht:<\/span><span class=\"av-post-metadata-published-date\" >9. November 2018<\/span><\/span><span class=\"av-post-metadata-content av-post-metadata-separator\">\/<\/span><span class=\"av-post-metadata-content av-post-metadata-modified\"><span class=\"av-metadata-before av-metadata-before-modified\">Zuletzt aktualisiert:<\/span><span class=\"av-post-metadata-modified-date\" >24. Februar 2026<\/span><\/span><\/span><\/div><\/div><br \/>\n\n<style type=\"text\/css\" data-created_by=\"avia_inline_auto\" id=\"style-css-av-jkuubohz-5a003d203f1fb0e692a1929a76d5045b\">\n#top .av_textblock_section.av-jkuubohz-5a003d203f1fb0e692a1929a76d5045b .avia_textblock{\nfont-size:20px;\n}\n<\/style>\n<section  class='av_textblock_section av-jkuubohz-5a003d203f1fb0e692a1929a76d5045b '  ><div class='avia_textblock' ><p>Demokratie lehren und leben \u2013 f\u00fcr die Schule gilt das Neutralit\u00e4tsgebot. Demnach d\u00fcrfen Lehrer ihre Sch\u00fcler <strong>nicht<\/strong> einseitig beeinflussen. Doch Neutralit\u00e4t hei\u00dft nicht, demokratiefeindliche Positionen zuzulassen. Wann d\u00fcrfen Lehrer im Unterricht ihre Meinung \u00e4u\u00dfern? Und wann m\u00fcssen sie das sogar?<\/p>\n<\/div><\/section><br \/>\n\n<style type=\"text\/css\" data-created_by=\"avia_inline_auto\" id=\"style-css-av-jkuuo5h6-f76076766cdae3f8b346d2d0298844fb\">\n.avia-image-container.av-jkuuo5h6-f76076766cdae3f8b346d2d0298844fb img.avia_image{\nbox-shadow:none;\n}\n.avia-image-container.av-jkuuo5h6-f76076766cdae3f8b346d2d0298844fb .av-image-caption-overlay-center{\ncolor:#ffffff;\n}\n<\/style>\n<div  class='avia-image-container av-jkuuo5h6-f76076766cdae3f8b346d2d0298844fb av-styling- avia-align-center  avia-builder-el-5  el_after_av_textblock  el_before_av_hr '  ><div class=\"avia-image-container-inner\"><div class=\"avia-image-overlay-wrap\"><img decoding=\"async\" fetchpriority=\"high\" class='wp-image-2134 avia-img-lazy-loading-not-2134 avia_image ' src=\"https:\/\/www.backwinkel.de\/blog\/wp-content\/uploads\/2018\/11\/backwinkel-blog-politsche-verantwortung-heroimage.jpg\" alt='BACKWINKEL-Blog: Neutralit\u00e4tsgebot in der Schule' title='BACKWINKEL-Blog: Neutralit\u00e4tsgebot in der Schule'  height=\"628\" width=\"1200\" srcset=\"https:\/\/www.backwinkel.de\/blog\/wp-content\/uploads\/2018\/11\/backwinkel-blog-politsche-verantwortung-heroimage.jpg 1200w, https:\/\/www.backwinkel.de\/blog\/wp-content\/uploads\/2018\/11\/backwinkel-blog-politsche-verantwortung-heroimage-300x157.jpg 300w, https:\/\/www.backwinkel.de\/blog\/wp-content\/uploads\/2018\/11\/backwinkel-blog-politsche-verantwortung-heroimage-768x402.jpg 768w, https:\/\/www.backwinkel.de\/blog\/wp-content\/uploads\/2018\/11\/backwinkel-blog-politsche-verantwortung-heroimage-1030x539.jpg 1030w, https:\/\/www.backwinkel.de\/blog\/wp-content\/uploads\/2018\/11\/backwinkel-blog-politsche-verantwortung-heroimage-705x369.jpg 705w, https:\/\/www.backwinkel.de\/blog\/wp-content\/uploads\/2018\/11\/backwinkel-blog-politsche-verantwortung-heroimage-450x236.jpg 450w\" sizes=\"(max-width: 1200px) 100vw, 1200px\" \/><\/div><\/div><\/div><br \/>\n\n<style type=\"text\/css\" data-created_by=\"avia_inline_auto\" id=\"style-css-av-jl6mo8rj-25-a9e2f7964d44cd14255f01b9a98051a7\">\n#top .hr.hr-invisible.av-jl6mo8rj-25-a9e2f7964d44cd14255f01b9a98051a7{\nheight:5px;\n}\n<\/style>\n<div  class='hr av-jl6mo8rj-25-a9e2f7964d44cd14255f01b9a98051a7 hr-invisible  avia-builder-el-6  el_after_av_image  el_before_av_textblock '><span class='hr-inner '><span class=\"hr-inner-style\"><\/span><\/span><\/div><br \/>\n\n<style type=\"text\/css\" data-created_by=\"avia_inline_auto\" id=\"style-css-av-jl7ql86y-e4dbe662e227d6e3ed63d4a5d145fa64\">\n#top .av_textblock_section.av-jl7ql86y-e4dbe662e227d6e3ed63d4a5d145fa64 .avia_textblock{\nfont-size:10px;\n}\n<\/style>\n<section  class='av_textblock_section av-jl7ql86y-e4dbe662e227d6e3ed63d4a5d145fa64 '  ><div class='avia_textblock' ><p class=\"bildnennung-beitrag\" style=\"text-align: left;\">\u00a9\u00a0Thomas Reimer, Fotolia.com<\/p>\n<\/div><\/section><br \/>\n\n<style type=\"text\/css\" data-created_by=\"avia_inline_auto\" id=\"style-css-av-jl6mo8rj-23-ea8d22a3e9d4f58037829b44fea87593\">\n#top .hr.hr-invisible.av-jl6mo8rj-23-ea8d22a3e9d4f58037829b44fea87593{\nheight:20px;\n}\n<\/style>\n<div  class='hr av-jl6mo8rj-23-ea8d22a3e9d4f58037829b44fea87593 hr-invisible  avia-builder-el-8  el_after_av_textblock  el_before_av_textblock '><span class='hr-inner '><span class=\"hr-inner-style\"><\/span><\/span><\/div><br \/>\n<section  class='av_textblock_section av-jkuubohz-24-d8d597483111d5134f4f9143da1a02c3 '  ><div class='avia_textblock' ><p>Im Jahr 2018 will die Partei Alternative f\u00fcr Deutschland in mehreren Bundesl\u00e4ndern Online-Portale einrichten, \u00fcber die Sch\u00fcler und Eltern parteikritische Lehrer melden sollen. Die Partei beh\u00e4lt sich vor, die \u00fcbermittelten Daten an die Schulbeh\u00f6rde weiterzugeben.<br \/>\nF\u00fcrchten Sie, \u00fcber ein solches Portal \u201egemeldet\u201c worden zu sein? Was ist zu tun?<\/p>\n<\/div><\/section><\/p><\/div>\n<style type=\"text\/css\" data-created_by=\"avia_inline_auto\" id=\"style-css-av-swqf9-6bb490ea0cbb171c9d159bb967226129\">\n.flex_column.av-swqf9-6bb490ea0cbb171c9d159bb967226129{\nborder-radius:0px 0px 0px 0px;\npadding:20px 20px 20px 20px;\nbackground-color:#f2f2f2;\n}\n<\/style>\n<div  class='flex_column av-swqf9-6bb490ea0cbb171c9d159bb967226129 av_three_fifth  avia-builder-el-10  el_after_av_one_full  el_before_av_two_fifth  first flex_column_div  column-top-margin'     ><style type=\"text\/css\" data-created_by=\"avia_inline_auto\" id=\"style-css-av-jkuua5r2-26aacafcf32943ff9bfc4af71f6ef736\">\n#top .av_textblock_section.av-jkuua5r2-26aacafcf32943ff9bfc4af71f6ef736 .avia_textblock{\nfont-size:14px;\n}\n<\/style>\n<section  class='av_textblock_section av-jkuua5r2-26aacafcf32943ff9bfc4af71f6ef736 '  ><div class='avia_textblock' ><p><strong>Inhalt<\/strong><\/p>\n<p><strong><a href=\"#1\">1. Was Lehrer im Unterricht d\u00fcrfen und was nicht<\/a><\/strong><br \/>\n1.1 Worauf zielt das Neutralit\u00e4tsgebot?<br \/>\n1.2 Wo beginnt Indoktrination?<br \/>\n1.3 Was besagt der Beutelsbacher Konsens?<\/p>\n<p><strong><a href=\"#2\">2. Darum d\u00fcrfen Lehrer nicht neutral sein<\/a><\/strong><\/p>\n<p><strong><a href=\"#3\">3. Das sollten Sie \u00fcber das AfD-Meldeportal wissen<\/a><\/strong><br \/>\n3.1 Dort finden Lehrer Unterst\u00fctzung<br \/>\n3.2 Das k\u00f6nnen Sie tun, falls Sie unter Druck gesetzt werden<br \/>\n3.3 Sind solche Meldeportale \u00fcberhaupt zul\u00e4ssig?<\/p>\n<p><strong><a href=\"#4\">4. Der Staat ist gefragt<\/a><\/strong><\/p>\n<\/div><\/section><\/div><\/p>\n\n<style type=\"text\/css\" data-created_by=\"avia_inline_auto\" id=\"style-css-av-2532d-6e1ea05e25305745634c0a02c87dc827\">\n.flex_column.av-2532d-6e1ea05e25305745634c0a02c87dc827{\nborder-radius:0px 0px 0px 0px;\npadding:0 0 0 0;\n}\n<\/style>\n<div  class='flex_column av-2532d-6e1ea05e25305745634c0a02c87dc827 av_two_fifth  avia-builder-el-12  el_after_av_three_fifth  el_before_av_sidebar  flex_column_div av-zero-column-padding  column-top-margin'     ><\/div>\n<div  class='avia-builder-widget-area clearfix  avia-builder-el-13  el_after_av_two_fifth  el_before_av_one_full '><div id=\"text-34\" class=\"widget clearfix widget_text\">\t\t\t<div class=\"textwidget\"><p><a href=\"https:\/\/www.backwinkel.de\/nachhaltig-denken\/\" target=\"\\_blank\" rel=\"noopener\"><br \/>\n<img decoding=\"async\" class=\"werbung-desktop alignnone wp-image-4186 size-full\" src=\"https:\/\/www.backwinkel.de\/blog\/wp-content\/uploads\/2026\/04\/Backwinkel-blog-werbebanner-shop-schule_desktop.jpg\" alt=\"\" width=\"1251\" height=\"201\" \/><br \/>\n<\/a><br \/>\n<a href=\"https:\/\/www.backwinkel.de\/nachhaltig-denken\/\" target=\"\\_blank\" rel=\"noopener\"><br \/>\n<img decoding=\"async\" class=\"werbung-mobile alignnone wp-image-4187 size-full\" src=\"https:\/\/www.backwinkel.de\/blog\/wp-content\/uploads\/2026\/04\/Backwinkel-blog-werbebanner-shop-schule_mobile.jpg\" alt=\"\" width=\"550\" height=\"500\" \/><br \/>\n<\/a><\/p>\n<\/div>\n\t\t<\/div><\/div>\n\n<style type=\"text\/css\" data-created_by=\"avia_inline_auto\" id=\"style-css-av-hh5al-9c53459d093ff912fcc98cf97e19d753\">\n.flex_column.av-hh5al-9c53459d093ff912fcc98cf97e19d753{\nborder-radius:0px 0px 0px 0px;\npadding:0px 0px 0px 0px;\n}\n<\/style>\n<div  class='flex_column av-hh5al-9c53459d093ff912fcc98cf97e19d753 av_one_full  avia-builder-el-14  el_after_av_sidebar  el_before_av_one_full  first flex_column_div av-zero-column-padding  '     ><section  class='av_textblock_section av-jkuul0eg-47aa45f9d704d9c8972e1ddf4c471077 '  ><div class='avia_textblock' >\n<style type=\"text\/css\" data-created_by=\"avia_inline_auto\" id=\"style-css-av-7c7r8-1ad3209b7b9ea9c60cc97e362d76ea5e\">\n#top .hr.hr-invisible.av-7c7r8-1ad3209b7b9ea9c60cc97e362d76ea5e{\nheight:20px;\n}\n<\/style>\n<div  class='hr av-7c7r8-1ad3209b7b9ea9c60cc97e362d76ea5e hr-invisible  avia-builder-el-16  avia-builder-el-no-sibling '><span class='hr-inner '><span class=\"hr-inner-style\"><\/span><\/span><\/div>\n<h2 id=\"1\" class=\"position\">Was Lehrer im Unterricht d\u00fcrfen und was nicht<\/h2>\n<p>Die Schule muss politisch und weltanschaulich neutral sein. Nun haben auch Lehrer eine politische Meinung, und die d\u00fcrfen sie nat\u00fcrlich auch \u00e4u\u00dfern. F\u00fcr alle Lehrer gilt erst einmal das Recht auf Meinungsfreifeit. Im Unterricht m\u00fcssen sie sich allerdings zur\u00fcckhalten.<\/p>\n<h3><strong>Worauf zielt das Neutralit\u00e4tsgebot? <\/strong><\/h3>\n<p>In der Demokratie ist die <strong>freie Meinungsbildung<\/strong> besonders gesch\u00fctzt, vor allem im Hinblick auf Wahlen. Denn im Wettbewerb um die Gunst der W\u00e4hler m\u00fcssen die Parteien gleiche Chancen haben. Das verpflichtet staatliche Organe, so auch das Schulwesen, sich im politischen Meinungskampf neutral zu verhalten.<\/p>\n<p>Lehrer d\u00fcrfen <strong>in ihrer Freizeit<\/strong> politisch aktiv werden, Mitglied einer Partei sein und ein Parteiamt \u00fcbernehmen. Ihr parteipolitisches Engagement d\u00fcrfen sie jedoch nicht in den Unterricht tragen. Parteienwerbung ist streng verboten. Wenn ein Lehrer beispielsweise im Unterricht Wahlflyer f\u00fcr seine Partei verteilt \u2013 egal f\u00fcr welche Partei \u2013 w\u00fcrde ihm ein Disziplinarverfahren drohen. Dar\u00fcber wacht die Schulaufsicht. Alle Lehrer m\u00fcssen ihre <strong>schulischen Aufgaben unparteilich<\/strong> wahrnehmen.<\/p>\n<p>Zu Themen, die in der \u00d6ffentlichkeit diskutiert werden, d\u00fcrfen Lehrer im Unterricht nat\u00fcrlich Stellung beziehen, auch wertend, jedenfalls sachlich und nicht schm\u00e4hend. Als Beamte \u2013 das sind laut Mikrozensus 2024 gut zwei Drittel der Lehrer in Deutschland \u2013 sind sie bei politischer Bet\u00e4tigung zur M\u00e4\u00dfigung und Zur\u00fcckhaltung verpflichtet. Die Sch\u00fcler d\u00fcrfen nicht einseitig beeinflusst werden.<\/p>\n<\/div><\/section><\/div>\n<style type=\"text\/css\" data-created_by=\"avia_inline_auto\" id=\"style-css-av-jlnt0i5o-9e8f91020b864531f76c8938a0322d86\">\n.flex_column.av-jlnt0i5o-9e8f91020b864531f76c8938a0322d86{\nborder-radius:0px 0px 0px 0px;\npadding:10px 10px 10px 10px;\nbackground-color:#e0f1b4;\n}\n<\/style>\n<div  class='flex_column av-jlnt0i5o-9e8f91020b864531f76c8938a0322d86 av_one_full  avia-builder-el-17  el_after_av_one_full  el_before_av_one_full  first flex_column_div  column-top-margin'     ><style type=\"text\/css\" data-created_by=\"avia_inline_auto\" id=\"style-css-av-jkuvcso3-08620656ce896494583871f637affeaa\">\n#top .av_textblock_section.av-jkuvcso3-08620656ce896494583871f637affeaa .avia_textblock{\nfont-size:18px;\n}\n<\/style>\n<section  class='av_textblock_section av-jkuvcso3-08620656ce896494583871f637affeaa '  ><div class='avia_textblock' ><p><strong>Das Neutralit\u00e4tsgebot<\/strong> gilt f\u00fcr alle Staatsorgane. Sein Sinn ist, die Chancengleichheit der Parteien und die freie politische Willensbildung in der Demokratie zu sichern. Die (zuk\u00fcnftigen) W\u00e4hler sollen ihr Urteil in einem freien und offenen Prozess der Meinungsbildung f\u00e4llen k\u00f6nnen.<\/p>\n<\/div><\/section><\/div><\/p>\n\n<style type=\"text\/css\" data-created_by=\"avia_inline_auto\" id=\"style-css-av-hh5al-22-ffcfec0658e823b2fde141e642541932\">\n.flex_column.av-hh5al-22-ffcfec0658e823b2fde141e642541932{\nborder-radius:0px 0px 0px 0px;\npadding:0px 0px 0px 0px;\n}\n<\/style>\n<div  class='flex_column av-hh5al-22-ffcfec0658e823b2fde141e642541932 av_one_full  avia-builder-el-19  el_after_av_one_full  el_before_av_one_full  first flex_column_div av-zero-column-padding  column-top-margin'     ><section  class='av_textblock_section av-jkuul0eg-21-c8650d517a2871048ebc48fa100dbcc6 '  ><div class='avia_textblock' >\n<style type=\"text\/css\" data-created_by=\"avia_inline_auto\" id=\"style-css-av-7c7r8-20-6cefff928e3d31e56e1b251e62e29591\">\n#top .hr.hr-invisible.av-7c7r8-20-6cefff928e3d31e56e1b251e62e29591{\nheight:20px;\n}\n<\/style>\n<div  class='hr av-7c7r8-20-6cefff928e3d31e56e1b251e62e29591 hr-invisible  avia-builder-el-21  avia-builder-el-no-sibling '><span class='hr-inner '><span class=\"hr-inner-style\"><\/span><\/span><\/div>\n<h3><strong>Wo beginnt Indoktrination?<\/strong><\/h3>\n<p>Ein oberstes Ziel schulischer Bildung ist es, Kinder und Jugendliche zu bef\u00e4higen, politische und gesellschaftliche Fragen kompetent zu beurteilen. Den <strong>politischen Diskurs ein\u00fcben<\/strong>, das geht nicht ohne die Behandlung politischer Parteien und die Diskussion gesellschaftlicher Entwicklungen. Mit Sch\u00fclern diskutieren, aber nicht beeinflussen \u2013 wo verl\u00e4uft die Grenze? Wo beginnt Indoktrination?<\/p>\n<p>Diese Frage ist nicht neu. Seit Jahrzehnten gelten f\u00fcr Lehrer feste didaktische Grunds\u00e4tze: der Beutelsbacher Konsens, entstanden in den 1970er-Jahren, als Folge heftiger Richtungsk\u00e4mpfe zwischen Konservativen und Linken. Obschon nicht vertraglich festgelegt, wurde er zum <strong>Leitprinzip politischer Bildung<\/strong>: Lehrer d\u00fcrfen Sch\u00fclern ihre eigene Meinung <strong>nicht<\/strong> aufdr\u00fccken, sie m\u00fcssen <strong>unterschiedliche<\/strong> <strong>Positionen<\/strong> aufzeigen, damit die Sch\u00fcler selbstst\u00e4ndig politisch entscheiden.<\/p>\n<p>Politischer Unterricht lebt von kontroversen Diskussionen. Im Klassenzimmer m\u00fcssen pointierte Thesen m\u00f6glich sein. Wann etwas von sachlicher Information zur Beeinflussung wird, l\u00e4sst sich nicht verallgemeinern. Ma\u00dfgebend sind immer die Umst\u00e4nde des jeweiligen Einzelfalls.<\/p>\n<h3><strong>Was besagt der Beutelsbacher Konsens? <\/strong><\/h3>\n<p>Der Beutelsbacher Konsens, benannt nach dem Tagungsort der Landeszentrale f\u00fcr politische Bildung Baden-W\u00fcrttemberg, wurde 1976 zusammen mit Politikdidaktikern verschiedener politischer Richtungen erarbeitet.<sup><a href=\"#fussnote1\">1<\/a><\/sup> Bis heute ist er geltender <strong>Standard f\u00fcr den politisch-historischen Unterricht an allen Schulen<\/strong>.<\/p>\n<\/div><\/section><\/div>\n<style type=\"text\/css\" data-created_by=\"avia_inline_auto\" id=\"style-css-av-jlnt0i5o-19-e0f47726c48024e9acd0b20e6d571ef0\">\n.flex_column.av-jlnt0i5o-19-e0f47726c48024e9acd0b20e6d571ef0{\nborder-radius:0px 0px 0px 0px;\npadding:10px 10px 10px 10px;\nbackground-color:#e0f1b4;\n}\n<\/style>\n<div  class='flex_column av-jlnt0i5o-19-e0f47726c48024e9acd0b20e6d571ef0 av_one_full  avia-builder-el-22  el_after_av_one_full  el_before_av_one_full  first flex_column_div  column-top-margin'     ><style type=\"text\/css\" data-created_by=\"avia_inline_auto\" id=\"style-css-av-jkuvcso3-18-3a18ed452de1a9f858887958688aab42\">\n#top .av_textblock_section.av-jkuvcso3-18-3a18ed452de1a9f858887958688aab42 .avia_textblock{\nfont-size:18px;\n}\n<\/style>\n<section  class='av_textblock_section av-jkuvcso3-18-3a18ed452de1a9f858887958688aab42 '  ><div class='avia_textblock' ><p><strong>Der Beutelsbacher Konsens<\/strong> legt drei Grunds\u00e4tze f\u00fcr politische Bildung fest:<\/p>\n<ol>\n<li>\u00dcberw\u00e4ltigungsverbot. Es ist nicht erlaubt, den Sch\u00fcler \u2013 mit welchen Mitteln auch immer \u2013 im Sinne erw\u00fcnschter Meinungen zu \u00fcberrumpeln. (Indoktrinationsverbot)<\/li>\n<li>Was in Wissenschaft und Politik kontrovers ist, muss auch im Unterricht kontrovers erscheinen. Der Lehrer soll unterschiedliche Standpunkte er\u00f6rtern. Seine eigene Ansicht darf nicht als einzig richtige erscheinen, andere Ansichten sollen zum Zuge kommen. (Kontroversit\u00e4tsgebot)<\/li>\n<li>Der Sch\u00fcler muss in die Lage versetzt werden, eine politische Situation und die eigene Interessenlage zu analysieren, um selbstbestimmt politisch zu handeln. (Sch\u00fclerorientierung)<\/li>\n<\/ol>\n<\/div><\/section><\/div><\/p>\n\n<style type=\"text\/css\" data-created_by=\"avia_inline_auto\" id=\"style-css-av-hh5al-17-ea51103b770e526b92ecd626a7f37254\">\n.flex_column.av-hh5al-17-ea51103b770e526b92ecd626a7f37254{\nborder-radius:0px 0px 0px 0px;\npadding:0px 0px 0px 0px;\n}\n<\/style>\n<div  class='flex_column av-hh5al-17-ea51103b770e526b92ecd626a7f37254 av_one_full  avia-builder-el-24  el_after_av_one_full  el_before_av_one_full  first flex_column_div av-zero-column-padding  column-top-margin'     ><section  class='av_textblock_section av-jkuul0eg-16-7f82287cc1cd517715b30f7e576efd51 '  ><div class='avia_textblock' ><p>Politische Bildung braucht politische Meinungen. Der Lehrer muss seinen eigenen Standpunkt den Sch\u00fclern nicht verschweigen. Doch er sollte dabei sachlich bleiben und seine pers\u00f6nliche Meinung deutlich als solche kennzeichnen. Engagierte Pers\u00f6nlichkeiten pr\u00e4gen junge Menschen. Von ihnen lernen Kinder, wie demokratisch gestritten, gelebt und gelehrt werden kann.<\/p>\n<\/div><\/section><\/div>\n\n<style type=\"text\/css\" data-created_by=\"avia_inline_auto\" id=\"style-css-av-hh5al-12-a1bf4bcd187f4a58d377294e15306b2a\">\n.flex_column.av-hh5al-12-a1bf4bcd187f4a58d377294e15306b2a{\nborder-radius:0px 0px 0px 0px;\npadding:0px 0px 0px 0px;\n}\n<\/style>\n<div  class='flex_column av-hh5al-12-a1bf4bcd187f4a58d377294e15306b2a av_one_full  avia-builder-el-26  el_after_av_one_full  el_before_av_one_full  first flex_column_div av-zero-column-padding  column-top-margin'     ><section  class='av_textblock_section av-jkuul0eg-11-42d7f3ff2363bbd11074dfa7bc63f37e '  ><div class='avia_textblock' >\n<style type=\"text\/css\" data-created_by=\"avia_inline_auto\" id=\"style-css-av-7c7r8-15-7db28fb72cbc5e3c2026b370be3ebfba\">\n#top .hr.hr-invisible.av-7c7r8-15-7db28fb72cbc5e3c2026b370be3ebfba{\nheight:20px;\n}\n<\/style>\n<div  class='hr av-7c7r8-15-7db28fb72cbc5e3c2026b370be3ebfba hr-invisible  avia-builder-el-28  avia-builder-el-no-sibling '><span class='hr-inner '><span class=\"hr-inner-style\"><\/span><\/span><\/div>\n<h2 id=\"2\" class=\"position\">Darum d\u00fcrfen Lehrer <u>nicht<\/u> neutral sein<\/h2>\n<p>Schule hat den klaren Auftrag, Kindern und Jugendlichen die freiheitlichen und demokratischen Grund- und Menschenrechte zu vermitteln. Das gesamte Bildungswesen basiert auf den Werten des Grundgesetzes. <strong>Neutralit\u00e4t hei\u00dft nicht, demokratiefeindliche Positionen zu dulden<\/strong>. Im Gegenteil: Lehrer sind verpflichtet, die Verletzungen von Demokratie und Menschenrechten deutlich zu benennen und dagegen Stellung zu beziehen.<\/p>\n<\/div><\/section><\/div>\n\n<style type=\"text\/css\" data-created_by=\"avia_inline_auto\" id=\"style-css-av-jlnt0i5o-14-8acfe6d5a4d64a67222f4636635256d5\">\n.flex_column.av-jlnt0i5o-14-8acfe6d5a4d64a67222f4636635256d5{\nborder-radius:0px 0px 0px 0px;\npadding:10px 10px 10px 10px;\nbackground-color:#e0f1b4;\n}\n<\/style>\n<div  class='flex_column av-jlnt0i5o-14-8acfe6d5a4d64a67222f4636635256d5 av_one_full  avia-builder-el-29  el_after_av_one_full  el_before_av_one_full  first flex_column_div  column-top-margin'     ><style type=\"text\/css\" data-created_by=\"avia_inline_auto\" id=\"style-css-av-jkuvcso3-13-bc558a770d1a2f6ae4af3618c412407a\">\n#top .av_textblock_section.av-jkuvcso3-13-bc558a770d1a2f6ae4af3618c412407a .avia_textblock{\nfont-size:18px;\n}\n<\/style>\n<section  class='av_textblock_section av-jkuvcso3-13-bc558a770d1a2f6ae4af3618c412407a '  ><div class='avia_textblock' ><p><strong>Die freiheitliche demokratische Grundordnung<\/strong> bezeichnet die obersten Werte der Demokratie in Deutschland. Dies sind laut Bundesverfassungsgericht: die Menschenw\u00fcrde, das Demokratieprinzip und die Rechtsstaatlichkeit. Ziele und Ideen, die sich dagegen richten, gelten als verfassungsfeindlich.<\/p>\n<\/div><\/section><\/div>\n\n<style type=\"text\/css\" data-created_by=\"avia_inline_auto\" id=\"style-css-av-hh5al-10-0fad02707e4106bf16cfcfe39cb789eb\">\n.flex_column.av-hh5al-10-0fad02707e4106bf16cfcfe39cb789eb{\nborder-radius:0px 0px 0px 0px;\npadding:0px 0px 0px 0px;\n}\n<\/style>\n<div  class='flex_column av-hh5al-10-0fad02707e4106bf16cfcfe39cb789eb av_one_full  avia-builder-el-31  el_after_av_one_full  el_before_av_one_full  first flex_column_div av-zero-column-padding  column-top-margin'     ><section  class='av_textblock_section av-jkuul0eg-9-2d0d3a96a87d255e313738486b3d1c74 '  ><div class='avia_textblock' ><p>Dass Lehrer und Erzieher unbedingt f\u00fcr die Werte des Grundgesetzes eintreten m\u00fcssen, ist selbstverst\u00e4ndlich. Zudem haben sie die Aufgabe, Sch\u00fcler im Geist der Demokratie, Menschenw\u00fcrde und Gleichberechtigung zu erziehen. Die daf\u00fcr notwendige <strong>\u00dcberparteilichkeit ist nicht mit Wertneutralit\u00e4t zu verwechseln<\/strong>.<\/p>\n<p>Wenn politische Parteien einzelne Bev\u00f6lkerungsgruppen pauschal diffamieren, Kontakte zu neorechten Gruppen pflegen oder Rechtsextreme in ihren Reihen dulden, wenn deren Abgeordnete den Holocaust relativieren oder an Demonstrationen teilnehmen, bei denen offen der Hitlergru\u00df gezeigt wird \u2013 dann kann dies nicht nur, dann <strong>muss<\/strong> dies im politischen Unterricht kritisch angesprochen werden.<\/p>\n<\/div><\/section><\/div>\n\n<style type=\"text\/css\" data-created_by=\"avia_inline_auto\" id=\"style-css-av-hh5al-6-dd8fe4bd4f3c9fec83a9ef20be699b99\">\n.flex_column.av-hh5al-6-dd8fe4bd4f3c9fec83a9ef20be699b99{\nborder-radius:0px 0px 0px 0px;\npadding:0px 0px 0px 0px;\n}\n<\/style>\n<div  class='flex_column av-hh5al-6-dd8fe4bd4f3c9fec83a9ef20be699b99 av_one_full  avia-builder-el-33  el_after_av_one_full  el_before_av_one_full  first flex_column_div av-zero-column-padding  column-top-margin'     ><section  class='av_textblock_section av-jkuul0eg-5-3f6dc2eabd0b318a006ed6b099b89f89 '  ><div class='avia_textblock' >\n<style type=\"text\/css\" data-created_by=\"avia_inline_auto\" id=\"style-css-av-7c7r8-8-01d39837607e43060d8f1662326cce70\">\n#top .hr.hr-invisible.av-7c7r8-8-01d39837607e43060d8f1662326cce70{\nheight:20px;\n}\n<\/style>\n<div  class='hr av-7c7r8-8-01d39837607e43060d8f1662326cce70 hr-invisible  avia-builder-el-35  el_before_av_hr  avia-builder-el-first '><span class='hr-inner '><span class=\"hr-inner-style\"><\/span><\/span><\/div>\n<h2 id=\"3\" class=\"position\">Das sollten Sie \u00fcber das AfD-Meldeportal wissen<\/h2>\n<p>\u201eInformationsportal Neutrale Schulen\u201c \u2013 das klingt nach Aufkl\u00e4rung, ist aber alles andere als neutral. \u00dcber dieses Portal k\u00f6nnen Sch\u00fcler und Eltern Beschwerden schicken, wenn ein Lehrer sich kritisch hinsichtlich dieser Partei \u00e4u\u00dfert. Der Betrieb solcher Meldeportale in Hamburg und Baden-W\u00fcrttemberg hat bei Lehrerverb\u00e4nden nicht nur gro\u00dfe Emp\u00f6rung ausgel\u00f6st, sondern auch Besorgnis.<\/p>\n<p>Nat\u00fcrlich haben Sch\u00fcler und Eltern ein Beschwerderecht. Hierf\u00fcr gibt es bereits Stellen, an die sie sich wenden k\u00f6nnen: Schulelternbeirat, Landeselternausschuss, Schulbeh\u00f6rde. Vorw\u00fcrfe m\u00fcssen zuerst gepr\u00fcft werden. Ein Meldeportal einer Partei ist sicher <strong>nicht<\/strong> der Weg zu einer Kl\u00e4rung. Vielmehr sch\u00fcrt es eine Stimmung des Misstrauens und vergiftet den Schulfrieden.<\/p>\n<h3>Dort finden Lehrer Unterst\u00fctzung<\/h3>\n<p>Die Einrichtung von Meldeportalen, mit denen die AfD gegen Kritiker mobil machen will, ist quer durch das politische Spektrum und bei allen Lehrerverb\u00e4nden auf gro\u00dfen Widerstand gesto\u00dfen. Die Gewerkschaft Erziehung und Wissenschaft (GEW) beobachtet schon seit einiger Zeit, dass diese Partei konkret gegen einzelne Lehrer vorgeht. Sie empfiehlt Lehrkr\u00e4ften, Haltung und Engagement zu zeigen, statt Zur\u00fcckhaltung zu \u00fcben.<\/p>\n<p>Der Philologenverband<sup><a href=\"#fussnote2\">2<\/a><\/sup> Baden-W\u00fcrttemberg ermutigt die Lehrer und tritt dem Vorwurf, sie w\u00fcrden das Neutralit\u00e4tsgebot missachten, entschieden entgegen. Er betrachtet die von der Partei angezettelte Debatte als blo\u00dfe Publicity-Ma\u00dfnahme, als Einsch\u00fcchterungsversuch gegen die Lehrkr\u00e4fte.<\/p>\n<p>Die Kultusministerkonferenz<sup><a href=\"#fussnote3\">3<\/a><\/sup> (KMK) hat diese Portale deutlich verurteilt und st\u00e4rkt Lehrkr\u00e4ften den R\u00fccken. Mit zwei grundlegend \u00fcberarbeiteten Beschl\u00fcssen zur Demokratieerziehung<sup><a href=\"#fussnote4\">4<\/a><\/sup> und Menschenrechtsbildung<sup><a href=\"#fussnote5\">5<\/a><\/sup> reagiert die KMK auf aktuelle gesellschaftliche Entwicklungen.<\/p>\n<h3><strong>Das k\u00f6nnen Sie tun, falls Sie unter Druck gesetzt werden <\/strong><\/h3>\n<ul>\n<li>Werden Lehrer im Internet an den Pranger gestellt oder beleidigt, k\u00f6nnen sie <strong>zivilrechtlich<\/strong> dagegen vorgehen.<\/li>\n<li>Personenbezogene Daten sind nach der Europ\u00e4ischen Datenschutzgrundverordnung (EU-DSGVO) grunds\u00e4tzlich sch\u00fctzenswert. Betroffene k\u00f6nnen auf Einhaltung des Datenschutzes nach EU-DSGVO bestehen und bei der jeweiligen AfD-Fraktion eine Auskunft \u00fcber gespeicherte personenbezogene Daten verlangen.<\/li>\n<li>Ebenfalls nach EU-DSGVO kann veranlasst werden, gespeicherte Daten l\u00f6schen zu lassen. Betroffene k\u00f6nnen sich zudem beim Datenschutzbeauftragten beschweren, wenn der Datenschutz nicht eingehalten wird.<\/li>\n<li>Die GEW steht ihren Mitgliedern mit Beratung und Rechtschutz zur Seite.<\/li>\n<\/ul>\n<h3><strong>Sind solche Meldeportale \u00fcberhaupt zul\u00e4ssig? <\/strong><\/h3>\n<p>Juristische Schritte werden gegenw\u00e4rtig gepr\u00fcft, d\u00fcrften aber schwierig sein. Denn bisher sind solche Portale rechtlich zul\u00e4ssig, solange <strong>keine<\/strong> Pers\u00f6nlichkeitsrechte verletzt werden. Die Kultusministerkonferenz hat die Aktionen politisch verurteilt, sieht jedoch keine M\u00f6glichkeit, sie gerichtlich zu unterbinden. Sprecher der Schulbeh\u00f6rde erkl\u00e4ren, gegen Ehrverletzung eines Lehrers k\u00f6nne nicht die Beh\u00f6rde, sondern nur die Lehrkraft selbst klagen.<\/p>\n<p>Rechtsexperten finden es jedoch voreilig, wenn der Eindruck geweckt wird, der Staat k\u00f6nne hier juristisch nichts tun. So beurteilt der Jurist Josef Franz Lindner, Experte f\u00fcr \u00d6ffentliches Recht, den Betrieb eines solchen Portals als rechtswidrig, weil er mit tragenden Grundlagen des Schulrechts nicht vereinbar ist.<\/p>\n\n<style type=\"text\/css\" data-created_by=\"avia_inline_auto\" id=\"style-css-av-7c7r8-4-910f91dc58ec6cf789472bad25417d04\">\n#top .hr.hr-invisible.av-7c7r8-4-910f91dc58ec6cf789472bad25417d04{\nheight:20px;\n}\n<\/style>\n<div  class='hr av-7c7r8-4-910f91dc58ec6cf789472bad25417d04 hr-invisible  avia-builder-el-36  el_after_av_hr  avia-builder-el-last '><span class='hr-inner '><span class=\"hr-inner-style\"><\/span><\/span><\/div>\n<h2 id=\"4\" class=\"position\">Der Staat ist gefragt<\/h2>\n<p>\u201eDas gesamte Schulwesen steht unter der Aufsicht des Staates.\u201c So steht es in Art. 7 des Deutschen Grundgesetzes. Die L\u00e4nder-Schulgesetze verpflichten Sch\u00fcler, Eltern und Lehrer, gegenseitig R\u00fccksichtnahme zu \u00fcben. Alle Beteiligten haben sich so zu verhalten, dass ein gedeihlicher Unterricht und ein ordnungsgem\u00e4\u00dfer Schulbetrieb m\u00f6glich sind. Zu dem Bildungsziel <strong>Diskursf\u00e4higkeit<\/strong> geh\u00f6ren Meinungsstreit, offene Rede und Gegenrede. Der Ort daf\u00fcr ist das Klassenzimmer, nicht das Internet.<\/p>\n<p>\u00d6ffentliche \u201eMeldungen\u201c an Dritte sind <strong>mit den schulrechtlichen Grundregeln nicht vereinbar<\/strong>, erkl\u00e4rt Professor Josef Franz Lindner von der Uni Augsburg.<a href=\"#_ftn5\" name=\"_ftnref5\"><\/a><a href=\"#fussnote5\">5<\/a> Sch\u00fcler und Eltern zu Handlungen aufzufordern, die gegen die R\u00fccksichtnahmepflicht und die Bildungsziele versto\u00dfen, ist daher rechtswidrig \u2013 unabh\u00e4ngig davon, ob Pers\u00f6nlichkeitsrechte verletzt werden. Der Jurist regt dazu an, entsprechende Normen in den Landesgesetzen zu verankern. Eine politische Partei untersteht <strong>nicht<\/strong> der Schulaufsicht. Dennoch darf sie nicht in einer Weise einwirken, die den Schul- und Klassenfrieden zerst\u00f6rt und das Erreichen der Bildungsziele gef\u00e4hrdet. Genau das t\u00e4te eine Lehrermeldeplattform ganz erheblich.<\/p>\n<\/div><\/section><\/div>\n<style type=\"text\/css\" data-created_by=\"avia_inline_auto\" id=\"style-css-av-jley1l06-be8863a15e87d33f314fbd4b76b14014\">\n.flex_column.av-jley1l06-be8863a15e87d33f314fbd4b76b14014{\nborder-radius:0px 0px 0px 0px;\npadding:10px 10px 10px 10px;\nbackground-color:#f2f2f2;\n}\n<\/style>\n<div  class='flex_column av-jley1l06-be8863a15e87d33f314fbd4b76b14014 av_one_full  avia-builder-el-37  el_after_av_one_full  el_before_av_one_full  first flex_column_div  column-top-margin'     ><style type=\"text\/css\" data-created_by=\"avia_inline_auto\" id=\"style-css-av-jkuvcso3-7-1fa7ab60db5b69471667edfc30d44483\">\n#top .av_textblock_section.av-jkuvcso3-7-1fa7ab60db5b69471667edfc30d44483 .avia_textblock{\nfont-size:18px;\n}\n<\/style>\n<section  class='av_textblock_section av-jkuvcso3-7-1fa7ab60db5b69471667edfc30d44483 '  ><div class='avia_textblock' ><p class=\"fussnoten-quellen\"><strong>Fu\u00dfnoten: <\/strong><\/p>\n<p class=\"fussnoten-quellen\"><sup id=\"fussnote1\">1<\/sup>Hintergrundinformationen und den Beutelsbacher Konsens im Wortlaut finden Sie hier. http:\/\/www.bpb.de\/die-bpb\/51310\/beutelsbacher-konsens<\/p>\n<p class=\"fussnoten-quellen\"><sup id=\"fussnote2\">2<\/sup>https:\/\/www.phv-bw.de\/joomla\/presse-info\/pressearchiv\/204-2018\/1917-pressemitteilung-des-philologenverbandes-baden-wuerttemberg-phv-bw-zur-geplanten-meldeplattform-der-afd-gegen-lehrkraefte<\/p>\n<p class=\"fussnoten-quellen\"><sup id=\"fussnote3\">3<\/sup>https:\/\/www.kmk.org\/presse\/pressearchiv\/mitteilung\/demokratie-braucht-ueberzeugte-und-engagierte-demokraten-empfehlungen-zur-demokratie-und-menschenr.html<\/p>\n<p class=\"fussnoten-quellen\"><sup id=\"fussnote4\">4<\/sup>https:\/\/www.kmk.org\/fileadmin\/Dateien\/pdf\/PresseUndAktuelles\/2018\/Beschluss_Demokratieerziehung.pdf<\/p>\n<p class=\"fussnoten-quellen\"><sup id=\"fussnote5\">5<\/sup>https:\/\/www.kmk.org\/fileadmin\/Dateien\/pdf\/PresseUndAktuelles\/2018\/Beschluss_Menschenrechtserziehung.pdf<\/p>\n<\/div><\/section><\/div><\/p>\n\n<style type=\"text\/css\" data-created_by=\"avia_inline_auto\" id=\"style-css-av-jley1l06-3-94a7726cb9f275428c731c8e677422a1\">\n.flex_column.av-jley1l06-3-94a7726cb9f275428c731c8e677422a1{\nborder-radius:0px 0px 0px 0px;\npadding:10px 10px 10px 10px;\nbackground-color:#f2f2f2;\n}\n<\/style>\n<div  class='flex_column av-jley1l06-3-94a7726cb9f275428c731c8e677422a1 av_one_full  avia-builder-el-39  el_after_av_one_full  el_before_av_one_full  first flex_column_div  column-top-margin'     ><section  class='av_textblock_section av-jkuvcso3-2-341b444da07497ca66603924943056fb '  ><div class='avia_textblock' ><p class=\"fussnoten-quellen\"><strong>Quellen \/ Literatur zur Vertiefung: <\/strong><\/p>\n<p>Andreas Fisahn; Martin Kutscha: Verfassungsrecht konkret. Die Grundrechte. Berlin 2018.<\/p>\n<p>Gerd Lautner: Die freiheitliche demokratische Grundordnung. Heidelberg 1982.<\/p>\n<p>Sibylle Reinhardt: Politik-Didaktik. Praxishandbuch f\u00fcr die Sekundarstufe I und II. Berlin 2012.<\/p>\n<p>Siegfried Schiele; Herbert Schneider (Hrsg.): Das Konsensproblem in der politischen Bildung. Stuttgart 1977.<\/p>\n<p>www.verfassungsblog.de<\/p>\n<\/div><\/section><\/div>\n\n<style type=\"text\/css\" data-created_by=\"avia_inline_auto\" id=\"style-css-av-1p82t-b0e9719fe6c67aa5c6d1abf813961e55\">\n.flex_column.av-1p82t-b0e9719fe6c67aa5c6d1abf813961e55{\nborder-radius:0px 0px 0px 0px;\npadding:0px 0px 0px 0px;\n}\n<\/style>\n<div  class='flex_column av-1p82t-b0e9719fe6c67aa5c6d1abf813961e55 av_one_full  avia-builder-el-41  el_after_av_one_full  avia-builder-el-last  first flex_column_div av-zero-column-padding  column-top-margin'     ><p><section  class='av_textblock_section av-jlp4hxqo-91baaad30cd61f89630d15f8561d1750 '  ><div class='avia_textblock' ><div class=\"shariff shariff-align-left shariff-widget-align-left\"><ul class=\"shariff-buttons theme-color orientation-horizontal buttonsize-medium\"><li class=\"shariff-button whatsapp shariff-nocustomcolor\" style=\"background-color:#5cbe4a\"><a href=\"https:\/\/api.whatsapp.com\/send?text=https%3A%2F%2Fwww.backwinkel.de%2Fblog%2Fneutralitaetsgebot-schule%2F%20Mund%20auf%2C%20sachliche%20Meinung%20raus\" title=\"Bei Whatsapp teilen\" aria-label=\"Bei Whatsapp teilen\" role=\"button\" rel=\"noopener nofollow\" class=\"shariff-link\" style=\"; background-color:#34af23; color:#fff\" target=\"_blank\"><span class=\"shariff-icon\" style=\"\"><svg width=\"32px\" height=\"20px\" xmlns=\"http:\/\/www.w3.org\/2000\/svg\" viewBox=\"0 0 32 32\"><path fill=\"#34af23\" d=\"M17.6 17.4q0.2 0 1.7 0.8t1.6 0.9q0 0.1 0 0.3 0 0.6-0.3 1.4-0.3 0.7-1.3 1.2t-1.8 0.5q-1 0-3.4-1.1-1.7-0.8-3-2.1t-2.6-3.3q-1.3-1.9-1.3-3.5v-0.1q0.1-1.6 1.3-2.8 0.4-0.4 0.9-0.4 0.1 0 0.3 0t0.3 0q0.3 0 0.5 0.1t0.3 0.5q0.1 0.4 0.6 1.6t0.4 1.3q0 0.4-0.6 1t-0.6 0.8q0 0.1 0.1 0.3 0.6 1.3 1.8 2.4 1 0.9 2.7 1.8 0.2 0.1 0.4 0.1 0.3 0 1-0.9t0.9-0.9zM14 26.9q2.3 0 4.3-0.9t3.6-2.4 2.4-3.6 0.9-4.3-0.9-4.3-2.4-3.6-3.6-2.4-4.3-0.9-4.3 0.9-3.6 2.4-2.4 3.6-0.9 4.3q0 3.6 2.1 6.6l-1.4 4.2 4.3-1.4q2.8 1.9 6.2 1.9zM14 2.2q2.7 0 5.2 1.1t4.3 2.9 2.9 4.3 1.1 5.2-1.1 5.2-2.9 4.3-4.3 2.9-5.2 1.1q-3.5 0-6.5-1.7l-7.4 2.4 2.4-7.2q-1.9-3.2-1.9-6.9 0-2.7 1.1-5.2t2.9-4.3 4.3-2.9 5.2-1.1z\"\/><\/svg><\/span><span class=\"shariff-text\">teilen<\/span>&nbsp;<\/a><\/li><li class=\"shariff-button facebook shariff-nocustomcolor\" style=\"background-color:#4273c8\"><a href=\"https:\/\/www.facebook.com\/sharer\/sharer.php?u=https%3A%2F%2Fwww.backwinkel.de%2Fblog%2Fneutralitaetsgebot-schule%2F\" title=\"Bei Facebook teilen\" aria-label=\"Bei Facebook teilen\" role=\"button\" rel=\"nofollow\" class=\"shariff-link\" style=\"; background-color:#3b5998; color:#fff\" target=\"_blank\"><span class=\"shariff-icon\" style=\"\"><svg width=\"32px\" height=\"20px\" xmlns=\"http:\/\/www.w3.org\/2000\/svg\" viewBox=\"0 0 18 32\"><path fill=\"#3b5998\" d=\"M17.1 0.2v4.7h-2.8q-1.5 0-2.1 0.6t-0.5 1.9v3.4h5.2l-0.7 5.3h-4.5v13.6h-5.5v-13.6h-4.5v-5.3h4.5v-3.9q0-3.3 1.9-5.2t5-1.8q2.6 0 4.1 0.2z\"\/><\/svg><\/span><span class=\"shariff-text\">teilen<\/span>&nbsp;<\/a><\/li><li class=\"shariff-button twitter shariff-nocustomcolor\" style=\"background-color:#595959\"><a href=\"https:\/\/twitter.com\/share?url=https%3A%2F%2Fwww.backwinkel.de%2Fblog%2Fneutralitaetsgebot-schule%2F&text=Mund%20auf%2C%20sachliche%20Meinung%20raus\" title=\"Bei X teilen\" aria-label=\"Bei X teilen\" role=\"button\" rel=\"noopener nofollow\" class=\"shariff-link\" style=\"; background-color:#000; color:#fff\" target=\"_blank\"><span class=\"shariff-icon\" style=\"\"><svg width=\"32px\" height=\"20px\" xmlns=\"http:\/\/www.w3.org\/2000\/svg\" viewBox=\"0 0 24 24\"><path fill=\"#000\" d=\"M14.258 10.152L23.176 0h-2.113l-7.747 8.813L7.133 0H0l9.352 13.328L0 23.973h2.113l8.176-9.309 6.531 9.309h7.133zm-2.895 3.293l-.949-1.328L2.875 1.56h3.246l6.086 8.523.945 1.328 7.91 11.078h-3.246zm0 0\"\/><\/svg><\/span><span class=\"shariff-text\">teilen<\/span>&nbsp;<\/a><\/li><li class=\"shariff-button pinterest shariff-nocustomcolor\" style=\"background-color:#e70f18\"><a href=\"https:\/\/www.pinterest.com\/pin\/create\/link\/?url=https%3A%2F%2Fwww.backwinkel.de%2Fblog%2Fneutralitaetsgebot-schule%2F&media=https%3A%2F%2Fwww.backwinkel.de%2Fblog%2Fwp-content%2Fuploads%2F2018%2F11%2Fbackwinkel-blog-politsche-verantwortung-heroimage.jpg&description=Mund%20auf%2C%20sachliche%20Meinung%20raus\" title=\"Bei Pinterest pinnen\" aria-label=\"Bei Pinterest pinnen\" role=\"button\" rel=\"noopener nofollow\" class=\"shariff-link\" style=\"; background-color:#cb2027; color:#fff\" target=\"_blank\"><span class=\"shariff-icon\" style=\"\"><svg width=\"32px\" height=\"20px\" xmlns=\"http:\/\/www.w3.org\/2000\/svg\" viewBox=\"0 0 27 32\"><path fill=\"#cb2027\" d=\"M27.4 16q0 3.7-1.8 6.9t-5 5-6.9 1.9q-2 0-3.9-0.6 1.1-1.7 1.4-2.9 0.2-0.6 1-3.8 0.4 0.7 1.3 1.2t2 0.5q2.1 0 3.8-1.2t2.7-3.4 0.9-4.8q0-2-1.1-3.8t-3.1-2.9-4.5-1.2q-1.9 0-3.5 0.5t-2.8 1.4-2 2-1.2 2.3-0.4 2.4q0 1.9 0.7 3.3t2.1 2q0.5 0.2 0.7-0.4 0-0.1 0.1-0.5t0.2-0.5q0.1-0.4-0.2-0.8-0.9-1.1-0.9-2.7 0-2.7 1.9-4.6t4.9-2q2.7 0 4.2 1.5t1.5 3.8q0 3-1.2 5.2t-3.1 2.1q-1.1 0-1.7-0.8t-0.4-1.9q0.1-0.6 0.5-1.7t0.5-1.8 0.2-1.4q0-0.9-0.5-1.5t-1.4-0.6q-1.1 0-1.9 1t-0.8 2.6q0 1.3 0.4 2.2l-1.8 7.5q-0.3 1.2-0.2 3.2-3.7-1.6-6-5t-2.3-7.6q0-3.7 1.9-6.9t5-5 6.9-1.9 6.9 1.9 5 5 1.8 6.9z\"\/><\/svg><\/span><span class=\"shariff-text\">merken<\/span>&nbsp;<\/a><\/li><li class=\"shariff-button mailto shariff-nocustomcolor\" style=\"background-color:#a8a8a8\"><a href=\"mailto:?body=https%3A%2F%2Fwww.backwinkel.de%2Fblog%2Fneutralitaetsgebot-schule%2F&subject=Mund%20auf%2C%20sachliche%20Meinung%20raus\" title=\"Per E-Mail versenden\" aria-label=\"Per E-Mail versenden\" role=\"button\" rel=\"noopener nofollow\" class=\"shariff-link\" style=\"; background-color:#999; color:#fff\"><span class=\"shariff-icon\" style=\"\"><svg width=\"32px\" height=\"20px\" xmlns=\"http:\/\/www.w3.org\/2000\/svg\" viewBox=\"0 0 32 32\"><path fill=\"#999\" d=\"M32 12.7v14.2q0 1.2-0.8 2t-2 0.9h-26.3q-1.2 0-2-0.9t-0.8-2v-14.2q0.8 0.9 1.8 1.6 6.5 4.4 8.9 6.1 1 0.8 1.6 1.2t1.7 0.9 2 0.4h0.1q0.9 0 2-0.4t1.7-0.9 1.6-1.2q3-2.2 8.9-6.1 1-0.7 1.8-1.6zM32 7.4q0 1.4-0.9 2.7t-2.2 2.2q-6.7 4.7-8.4 5.8-0.2 0.1-0.7 0.5t-1 0.7-0.9 0.6-1.1 0.5-0.9 0.2h-0.1q-0.4 0-0.9-0.2t-1.1-0.5-0.9-0.6-1-0.7-0.7-0.5q-1.6-1.1-4.7-3.2t-3.6-2.6q-1.1-0.7-2.1-2t-1-2.5q0-1.4 0.7-2.3t2.1-0.9h26.3q1.2 0 2 0.8t0.9 2z\"\/><\/svg><\/span><span class=\"shariff-text\">E-Mail<\/span>&nbsp;<\/a><\/li><\/ul><\/div>\n<\/div><\/section><br \/>\n<div  class='tabcontainer av-jlq8shhr-b676e11701d9718d755b04dc68ac4c10 top_tab  avia-builder-el-43  el_after_av_textblock  el_before_av_hr '>\n<section class='av_tab_section av_tab_section av-d6262-d81f18d363dbb1426d20e72e360680cd' ><div id='tab-id-1-tab' class='tab active_tab' role='tab' aria-selected=\"true\" tabindex=\"0\" data-fake-id='#tab-id-1' aria-controls='tab-id-1-content' >Das BACKWINKEL-Blog-Team:<\/div><div id='tab-id-1-content' class='tab_content active_tab_content' role='tabpanel' aria-labelledby='tab-id-1-tab' aria-hidden=\"false\"><div class='tab_inner_content invers-color' ><p><img decoding=\"async\" class=\"wp-image-1768 alignleft\" title=\"BACKWINKEL-Blog \u2013 Das Team\" src=\"https:\/\/blog.backwinkel.de\/wp-content\/uploads\/2018\/10\/backwinkel-blog-autorenbox-intern_preview-300x198.jpg\" alt=\"\" width=\"300\" height=\"198\" \/><br \/>\nGibts auch ein Gesicht hinter dem BACKWINKEL-Blog? Nein. Es gibt vier ?. Drei davon sogar mit Foto.<br \/>\nWir \u2013 Lukas, Stefan und Tatjana \u2013 bespielen unseren Blog im LACHEN LEBEN LERNEN-Firmensitz in Hattingen.<\/p>\n<p>Lukas kennt Social Media wie seine Westentasche und findet immer spannende Themen, w\u00e4hrend Stefan unseren Beitr\u00e4gen den passenden gestalterischen Rahmen gibt und Tatjana mit dem gr\u00fcnen Korrekturstift alles pr\u00fcfend be\u00e4ugt, was unsere Freelancerautorin Christine (und gern auch Gastautoren) f\u00fcr den BACKWINKEL-Blog nach ordentlicher Recherche schreibt.<\/p>\n<p>Gemeinsam suchen wir st\u00e4ndig nach neuen, aufregenden Themen rund um das Thema Bildung im Kiga, der Schule und zu Hause. Und weil Sie da an der Quelle sitzen, freuen wir uns auf Ihre konstruktiven R\u00fcckmeldungen und Anregungen an <a href=\"mailto:blog@backwinkel.de\">blog@backwinkel.de<\/a><\/p>\n<p>Viel Spa\u00df beim LACHEN LESEN LERNEN!<\/p>\n<\/div><\/div><\/section>\n<\/div><br \/>\n\n<style type=\"text\/css\" data-created_by=\"avia_inline_auto\" id=\"style-css-av-jkuvdh82-b6ea5d9aca5d02d0d62bf300de93e492\">\n#top .hr.av-jkuvdh82-b6ea5d9aca5d02d0d62bf300de93e492{\nmargin-top:10px;\nmargin-bottom:10px;\n}\n.hr.av-jkuvdh82-b6ea5d9aca5d02d0d62bf300de93e492 .hr-inner{\nwidth:500;\n}\n<\/style>\n<div  class='hr av-jkuvdh82-b6ea5d9aca5d02d0d62bf300de93e492 hr-custom  avia-builder-el-44  el_after_av_tab_container  el_before_av_heading  hr-left hr-icon-no'><span class='hr-inner inner-border-av-border-thin'><span class=\"hr-inner-style\"><\/span><\/span><\/div><br \/>\n\n<style type=\"text\/css\" data-created_by=\"avia_inline_auto\" id=\"style-css-av-34koop-f04b6c3ee023f16c08b4cedbbc6f8d9c\">\n#top .av-special-heading.av-34koop-f04b6c3ee023f16c08b4cedbbc6f8d9c{\npadding-bottom:10px;\n}\nbody .av-special-heading.av-34koop-f04b6c3ee023f16c08b4cedbbc6f8d9c .av-special-heading-tag .heading-char{\nfont-size:25px;\n}\n.av-special-heading.av-34koop-f04b6c3ee023f16c08b4cedbbc6f8d9c .av-subheading{\nfont-size:15px;\n}\n<\/style>\n<div  class='av-special-heading av-34koop-f04b6c3ee023f16c08b4cedbbc6f8d9c av-special-heading-h3 blockquote modern-quote  avia-builder-el-45  el_after_av_hr  el_before_av_blog '><h3 class='av-special-heading-tag '  >PASSENDE BEITR\u00c4GE<\/h3><div class=\"special-heading-border\"><div class=\"special-heading-inner-border\"><\/div><\/div><\/div><br \/>\n<div  data-slideshow-options=\"{&quot;animation&quot;:&quot;fade&quot;,&quot;autoplay&quot;:false,&quot;loop_autoplay&quot;:&quot;once&quot;,&quot;interval&quot;:5,&quot;loop_manual&quot;:&quot;manual-endless&quot;,&quot;autoplay_stopper&quot;:false,&quot;noNavigation&quot;:false,&quot;show_slide_delay&quot;:90}\" class='avia-content-slider avia-content-grid-active avia-content-slider1 avia-content-slider-odd  avia-builder-el-46  el_after_av_heading  avia-builder-el-last  av-slideshow-ui av-control-default   av-no-slider-navigation av-slideshow-manual av-loop-once av-loop-manual-endless ' ><div class=\"avia-content-slider-inner\"><div class=\"slide-entry-wrap\"><article class='slide-entry flex_column  post-entry post-entry-18633 slide-entry-overview slide-loop-1 slide-parity-odd  av_one_third first real-thumbnail posttype-post post-format-standard' ><a href='https:\/\/www.backwinkel.de\/blog\/plastik-recyceln\/' data-rel='slide-1' class='slide-image' title='Plastik recyceln'><img decoding=\"async\" fetchpriority=\"high\" width=\"1200\" height=\"628\" src=\"https:\/\/www.backwinkel.de\/blog\/wp-content\/uploads\/2026\/04\/04_Kiga_Plastik_nachhaltig_nutzen.jpg\" class=\"wp-image-18713 avia-img-lazy-loading-not-18713 attachment-no scaling size-no scaling wp-post-image\" alt=\"\" \/><\/a><div class=\"slide-content\"><header class=\"entry-content-header\" aria-label=\"Slide: Plastik recyceln\"><h3 class='slide-entry-title entry-title ' ><a href='https:\/\/www.backwinkel.de\/blog\/plastik-recyceln\/' title='Plastik recyceln'>Plastik recyceln<\/a><\/h3><span class=\"blog-categories minor-meta\"><a href=\"https:\/\/www.backwinkel.de\/blog\/category\/kindergarten-kita\/\" rel=\"tag\">Kindergarten<\/a> <\/span><span class=\"av-vertical-delimiter\"><\/span><\/header><div class='slide-entry-excerpt entry-content' >Biokunststoff f\u00fcr St\u00fchle, Materialboxen, Spielzeug und Rucks\u00e4cke<\/div><\/div><footer class=\"entry-footer\"><div class=\"slide-meta\"><time class='slide-meta-time updated' >14. April 2026<\/time><\/div><\/footer><\/article><article class='slide-entry flex_column  post-entry post-entry-18716 slide-entry-overview slide-loop-2 slide-parity-even  av_one_third  real-thumbnail posttype-post post-format-standard' ><a href='https:\/\/www.backwinkel.de\/blog\/rechnen-im-anfangsunterricht\/' data-rel='slide-1' class='slide-image' title='Rechnen im Anfangsunterricht'><img decoding=\"async\" fetchpriority=\"high\" width=\"1200\" height=\"628\" src=\"https:\/\/www.backwinkel.de\/blog\/wp-content\/uploads\/2026\/04\/04_Schule_Rechnen_anfangsunterricht.jpg\" class=\"wp-image-18748 avia-img-lazy-loading-not-18748 attachment-no scaling size-no scaling wp-post-image\" alt=\"\" \/><\/a><div class=\"slide-content\"><header class=\"entry-content-header\" aria-label=\"Slide: Rechnen im Anfangsunterricht\"><h3 class='slide-entry-title entry-title ' ><a href='https:\/\/www.backwinkel.de\/blog\/rechnen-im-anfangsunterricht\/' title='Rechnen im Anfangsunterricht'>Rechnen im Anfangsunterricht<\/a><\/h3><span class=\"blog-categories minor-meta\"><a href=\"https:\/\/www.backwinkel.de\/blog\/category\/schule-grundschule\/\" rel=\"tag\">Schule<\/a> <\/span><span class=\"av-vertical-delimiter\"><\/span><\/header><div class='slide-entry-excerpt entry-content' >Das Klassenzimmer als Lernlandschaft<\/div><\/div><footer class=\"entry-footer\"><div class=\"slide-meta\"><time class='slide-meta-time updated' >14. April 2026<\/time><\/div><\/footer><\/article><article class='slide-entry flex_column  post-entry post-entry-18372 slide-entry-overview slide-loop-3 slide-parity-odd  post-entry-last  av_one_third  real-thumbnail posttype-post post-format-standard' ><a href='https:\/\/www.backwinkel.de\/blog\/kranke-kinder-im-kindergarten\/' data-rel='slide-1' class='slide-image' title='Kranke Kinder im Kindergarten'><img decoding=\"async\" fetchpriority=\"high\" width=\"1200\" height=\"628\" src=\"https:\/\/www.backwinkel.de\/blog\/wp-content\/uploads\/2026\/03\/03_Kiga_Kranke_Kinder.jpg\" class=\"wp-image-18451 avia-img-lazy-loading-not-18451 attachment-no scaling size-no scaling wp-post-image\" alt=\"Thema: Kranke Kinder. Auf dem Bild ist ein krankes kleines M\u00e4dchen zu sehen. Eine Frau mit einem Fieberthermometer in der Hand sitzt neben ihr und hat die Hand auf der Stirn des M\u00e4dchens.\" \/><\/a><div class=\"slide-content\"><header class=\"entry-content-header\" aria-label=\"Slide: Kranke Kinder im Kindergarten\"><h3 class='slide-entry-title entry-title ' ><a href='https:\/\/www.backwinkel.de\/blog\/kranke-kinder-im-kindergarten\/' title='Kranke Kinder im Kindergarten'>Kranke Kinder im Kindergarten<\/a><\/h3><span class=\"blog-categories minor-meta\"><a href=\"https:\/\/www.backwinkel.de\/blog\/category\/kindergarten-kita\/\" rel=\"tag\">Kindergarten<\/a> <\/span><span class=\"av-vertical-delimiter\"><\/span><\/header><div class='slide-entry-excerpt entry-content' >Auswirkungen f\u00fcr Kinder, Eltern und Fachkr\u00e4fte<\/div><\/div><footer class=\"entry-footer\"><div class=\"slide-meta\"><time class='slide-meta-time updated' >9. M\u00e4rz 2026<\/time><\/div><\/footer><\/article><\/div><\/div><\/div><\/p><\/div>\n","protected":false},"excerpt":{"rendered":"<p>Warum das Neutralit\u00e4tsgebot und politische Statements in der Schule sehr gut unter einen Hut passen <\/p>\n","protected":false},"author":3,"featured_media":2134,"comment_status":"closed","ping_status":"closed","sticky":false,"template":"","format":"standard","meta":{"inline_featured_image":false,"footnotes":""},"categories":[6],"tags":[],"class_list":["post-2105","post","type-post","status-publish","format-standard","has-post-thumbnail","hentry","category-schule-grundschule"],"yoast_head":"<!-- This site is optimized with the Yoast SEO plugin v27.4 - https:\/\/yoast.com\/product\/yoast-seo-wordpress\/ -->\n<title>Neutralit\u00e4tsgebot in der Schule: Wann Lehrer was sagen sollten | BACKWINKEL Blog<\/title>\n<meta name=\"description\" content=\"Demokratie lehren und leben \u2013 f\u00fcr die Schule gilt das Neutralit\u00e4tsgebot. Doch Neutralit\u00e4t hei\u00dft nicht, demokratiefeindliche Positionen zuzulassen. Wann d\u00fcrfen Lehrer im Unterricht ihre Meinung \u00e4u\u00dfern? Und wann m\u00fcssen sie das sogar?\" \/>\n<meta name=\"robots\" content=\"index, follow, max-snippet:-1, max-image-preview:large, max-video-preview:-1\" \/>\n<link rel=\"canonical\" href=\"https:\/\/www.backwinkel.de\/blog\/neutralitaetsgebot-schule\/\" \/>\n<meta property=\"og:locale\" content=\"de_DE\" \/>\n<meta property=\"og:type\" content=\"article\" \/>\n<meta property=\"og:title\" content=\"Neutralit\u00e4tsgebot in der Schule: Passt sehr gut unter einen Hut mit politischen Statements | BACKWINKEL Blog\" \/>\n<meta property=\"og:description\" content=\"Demokratie lehren und leben \u2013 f\u00fcr die Schule gilt das Neutralit\u00e4tsgebot. Doch Neutralit\u00e4t hei\u00dft nicht, demokratiefeindliche Positionen zuzulassen. Wann d\u00fcrfen Lehrer im Unterricht ihre Meinung \u00e4u\u00dfern? Und wann m\u00fcssen sie das sogar?\" \/>\n<meta property=\"og:url\" content=\"https:\/\/blog.backwinkel.de\/neutralitaetsgebot-schule\/\" \/>\n<meta property=\"og:site_name\" content=\"BACKWINKEL Blog\" \/>\n<meta property=\"article:published_time\" content=\"2018-11-09T12:27:19+00:00\" \/>\n<meta property=\"article:modified_time\" content=\"2026-02-24T13:22:31+00:00\" \/>\n<meta property=\"og:image\" content=\"https:\/\/blog.backwinkel.de\/wp-content\/uploads\/2018\/11\/backwinkel-blog-politsche-verantwortung-heroimage.jpg\" \/>\n\t<meta property=\"og:image:width\" content=\"1200\" \/>\n\t<meta property=\"og:image:height\" content=\"628\" \/>\n\t<meta property=\"og:image:type\" content=\"image\/jpeg\" \/>\n<meta name=\"author\" content=\"BACKWINKEL\" \/>\n<meta name=\"twitter:card\" content=\"summary_large_image\" \/>\n<meta name=\"twitter:label1\" content=\"Verfasst von\" \/>\n\t<meta name=\"twitter:data1\" content=\"BACKWINKEL\" \/>\n\t<meta name=\"twitter:label2\" content=\"Gesch\u00e4tzte Lesezeit\" \/>\n\t<meta name=\"twitter:data2\" content=\"12\u00a0Minuten\" \/>\n<script type=\"application\/ld+json\" class=\"yoast-schema-graph\">{\"@context\":\"https:\\\/\\\/schema.org\",\"@graph\":[{\"@type\":\"Article\",\"@id\":\"https:\\\/\\\/blog.backwinkel.de\\\/neutralitaetsgebot-schule\\\/#article\",\"isPartOf\":{\"@id\":\"https:\\\/\\\/blog.backwinkel.de\\\/neutralitaetsgebot-schule\\\/\"},\"author\":{\"name\":\"BACKWINKEL\",\"@id\":\"https:\\\/\\\/www.backwinkel.de\\\/blog\\\/#\\\/schema\\\/person\\\/3d64575316540d25f7866264a4b7cd24\"},\"headline\":\"Mund auf, sachliche Meinung raus\",\"datePublished\":\"2018-11-09T12:27:19+00:00\",\"dateModified\":\"2026-02-24T13:22:31+00:00\",\"mainEntityOfPage\":{\"@id\":\"https:\\\/\\\/blog.backwinkel.de\\\/neutralitaetsgebot-schule\\\/\"},\"wordCount\":4431,\"image\":{\"@id\":\"https:\\\/\\\/blog.backwinkel.de\\\/neutralitaetsgebot-schule\\\/#primaryimage\"},\"thumbnailUrl\":\"https:\\\/\\\/www.backwinkel.de\\\/blog\\\/wp-content\\\/uploads\\\/2018\\\/11\\\/backwinkel-blog-politsche-verantwortung-heroimage.jpg\",\"articleSection\":[\"Schule\"],\"inLanguage\":\"de\"},{\"@type\":\"WebPage\",\"@id\":\"https:\\\/\\\/blog.backwinkel.de\\\/neutralitaetsgebot-schule\\\/\",\"url\":\"https:\\\/\\\/blog.backwinkel.de\\\/neutralitaetsgebot-schule\\\/\",\"name\":\"Neutralit\u00e4tsgebot in der Schule: Wann Lehrer was sagen sollten | BACKWINKEL Blog\",\"isPartOf\":{\"@id\":\"https:\\\/\\\/www.backwinkel.de\\\/blog\\\/#website\"},\"primaryImageOfPage\":{\"@id\":\"https:\\\/\\\/blog.backwinkel.de\\\/neutralitaetsgebot-schule\\\/#primaryimage\"},\"image\":{\"@id\":\"https:\\\/\\\/blog.backwinkel.de\\\/neutralitaetsgebot-schule\\\/#primaryimage\"},\"thumbnailUrl\":\"https:\\\/\\\/www.backwinkel.de\\\/blog\\\/wp-content\\\/uploads\\\/2018\\\/11\\\/backwinkel-blog-politsche-verantwortung-heroimage.jpg\",\"datePublished\":\"2018-11-09T12:27:19+00:00\",\"dateModified\":\"2026-02-24T13:22:31+00:00\",\"author\":{\"@id\":\"https:\\\/\\\/www.backwinkel.de\\\/blog\\\/#\\\/schema\\\/person\\\/3d64575316540d25f7866264a4b7cd24\"},\"description\":\"Demokratie lehren und leben \u2013 f\u00fcr die Schule gilt das Neutralit\u00e4tsgebot. Doch Neutralit\u00e4t hei\u00dft nicht, demokratiefeindliche Positionen zuzulassen. Wann d\u00fcrfen Lehrer im Unterricht ihre Meinung \u00e4u\u00dfern? Und wann m\u00fcssen sie das sogar?\",\"breadcrumb\":{\"@id\":\"https:\\\/\\\/blog.backwinkel.de\\\/neutralitaetsgebot-schule\\\/#breadcrumb\"},\"inLanguage\":\"de\",\"potentialAction\":[{\"@type\":\"ReadAction\",\"target\":[\"https:\\\/\\\/blog.backwinkel.de\\\/neutralitaetsgebot-schule\\\/\"]}]},{\"@type\":\"ImageObject\",\"inLanguage\":\"de\",\"@id\":\"https:\\\/\\\/blog.backwinkel.de\\\/neutralitaetsgebot-schule\\\/#primaryimage\",\"url\":\"https:\\\/\\\/www.backwinkel.de\\\/blog\\\/wp-content\\\/uploads\\\/2018\\\/11\\\/backwinkel-blog-politsche-verantwortung-heroimage.jpg\",\"contentUrl\":\"https:\\\/\\\/www.backwinkel.de\\\/blog\\\/wp-content\\\/uploads\\\/2018\\\/11\\\/backwinkel-blog-politsche-verantwortung-heroimage.jpg\",\"width\":1200,\"height\":628,\"caption\":\"anderes Bild\"},{\"@type\":\"BreadcrumbList\",\"@id\":\"https:\\\/\\\/blog.backwinkel.de\\\/neutralitaetsgebot-schule\\\/#breadcrumb\",\"itemListElement\":[{\"@type\":\"ListItem\",\"position\":1,\"name\":\"Startseite\",\"item\":\"https:\\\/\\\/blog.backwinkel.de\\\/aktuelles\\\/\"},{\"@type\":\"ListItem\",\"position\":2,\"name\":\"Mund auf, sachliche Meinung raus\"}]},{\"@type\":\"WebSite\",\"@id\":\"https:\\\/\\\/www.backwinkel.de\\\/blog\\\/#website\",\"url\":\"https:\\\/\\\/www.backwinkel.de\\\/blog\\\/\",\"name\":\"BACKWINKEL Blog\",\"description\":\"f\u00fcr Lehrer, Erzieher und Eltern\",\"potentialAction\":[{\"@type\":\"SearchAction\",\"target\":{\"@type\":\"EntryPoint\",\"urlTemplate\":\"https:\\\/\\\/www.backwinkel.de\\\/blog\\\/?s={search_term_string}\"},\"query-input\":{\"@type\":\"PropertyValueSpecification\",\"valueRequired\":true,\"valueName\":\"search_term_string\"}}],\"inLanguage\":\"de\"},{\"@type\":\"Person\",\"@id\":\"https:\\\/\\\/www.backwinkel.de\\\/blog\\\/#\\\/schema\\\/person\\\/3d64575316540d25f7866264a4b7cd24\",\"name\":\"BACKWINKEL\",\"sameAs\":[\"http:\\\/\\\/www.backwinkel.de\"],\"url\":\"https:\\\/\\\/www.backwinkel.de\\\/blog\\\/author\\\/backwinkel\\\/\"}]}<\/script>\n<!-- \/ Yoast SEO plugin. -->","yoast_head_json":{"title":"Neutralit\u00e4tsgebot in der Schule: Wann Lehrer was sagen sollten | BACKWINKEL Blog","description":"Demokratie lehren und leben \u2013 f\u00fcr die Schule gilt das Neutralit\u00e4tsgebot. Doch Neutralit\u00e4t hei\u00dft nicht, demokratiefeindliche Positionen zuzulassen. Wann d\u00fcrfen Lehrer im Unterricht ihre Meinung \u00e4u\u00dfern? Und wann m\u00fcssen sie das sogar?","robots":{"index":"index","follow":"follow","max-snippet":"max-snippet:-1","max-image-preview":"max-image-preview:large","max-video-preview":"max-video-preview:-1"},"canonical":"https:\/\/www.backwinkel.de\/blog\/neutralitaetsgebot-schule\/","og_locale":"de_DE","og_type":"article","og_title":"Neutralit\u00e4tsgebot in der Schule: Passt sehr gut unter einen Hut mit politischen Statements | BACKWINKEL Blog","og_description":"Demokratie lehren und leben \u2013 f\u00fcr die Schule gilt das Neutralit\u00e4tsgebot. Doch Neutralit\u00e4t hei\u00dft nicht, demokratiefeindliche Positionen zuzulassen. Wann d\u00fcrfen Lehrer im Unterricht ihre Meinung \u00e4u\u00dfern? Und wann m\u00fcssen sie das sogar?","og_url":"https:\/\/blog.backwinkel.de\/neutralitaetsgebot-schule\/","og_site_name":"BACKWINKEL Blog","article_published_time":"2018-11-09T12:27:19+00:00","article_modified_time":"2026-02-24T13:22:31+00:00","og_image":[{"width":1200,"height":628,"url":"https:\/\/blog.backwinkel.de\/wp-content\/uploads\/2018\/11\/backwinkel-blog-politsche-verantwortung-heroimage.jpg","type":"image\/jpeg"}],"author":"BACKWINKEL","twitter_card":"summary_large_image","twitter_misc":{"Verfasst von":"BACKWINKEL","Gesch\u00e4tzte Lesezeit":"12\u00a0Minuten"},"schema":{"@context":"https:\/\/schema.org","@graph":[{"@type":"Article","@id":"https:\/\/blog.backwinkel.de\/neutralitaetsgebot-schule\/#article","isPartOf":{"@id":"https:\/\/blog.backwinkel.de\/neutralitaetsgebot-schule\/"},"author":{"name":"BACKWINKEL","@id":"https:\/\/www.backwinkel.de\/blog\/#\/schema\/person\/3d64575316540d25f7866264a4b7cd24"},"headline":"Mund auf, sachliche Meinung raus","datePublished":"2018-11-09T12:27:19+00:00","dateModified":"2026-02-24T13:22:31+00:00","mainEntityOfPage":{"@id":"https:\/\/blog.backwinkel.de\/neutralitaetsgebot-schule\/"},"wordCount":4431,"image":{"@id":"https:\/\/blog.backwinkel.de\/neutralitaetsgebot-schule\/#primaryimage"},"thumbnailUrl":"https:\/\/www.backwinkel.de\/blog\/wp-content\/uploads\/2018\/11\/backwinkel-blog-politsche-verantwortung-heroimage.jpg","articleSection":["Schule"],"inLanguage":"de"},{"@type":"WebPage","@id":"https:\/\/blog.backwinkel.de\/neutralitaetsgebot-schule\/","url":"https:\/\/blog.backwinkel.de\/neutralitaetsgebot-schule\/","name":"Neutralit\u00e4tsgebot in der Schule: Wann Lehrer was sagen sollten | BACKWINKEL Blog","isPartOf":{"@id":"https:\/\/www.backwinkel.de\/blog\/#website"},"primaryImageOfPage":{"@id":"https:\/\/blog.backwinkel.de\/neutralitaetsgebot-schule\/#primaryimage"},"image":{"@id":"https:\/\/blog.backwinkel.de\/neutralitaetsgebot-schule\/#primaryimage"},"thumbnailUrl":"https:\/\/www.backwinkel.de\/blog\/wp-content\/uploads\/2018\/11\/backwinkel-blog-politsche-verantwortung-heroimage.jpg","datePublished":"2018-11-09T12:27:19+00:00","dateModified":"2026-02-24T13:22:31+00:00","author":{"@id":"https:\/\/www.backwinkel.de\/blog\/#\/schema\/person\/3d64575316540d25f7866264a4b7cd24"},"description":"Demokratie lehren und leben \u2013 f\u00fcr die Schule gilt das Neutralit\u00e4tsgebot. Doch Neutralit\u00e4t hei\u00dft nicht, demokratiefeindliche Positionen zuzulassen. Wann d\u00fcrfen Lehrer im Unterricht ihre Meinung \u00e4u\u00dfern? Und wann m\u00fcssen sie das sogar?","breadcrumb":{"@id":"https:\/\/blog.backwinkel.de\/neutralitaetsgebot-schule\/#breadcrumb"},"inLanguage":"de","potentialAction":[{"@type":"ReadAction","target":["https:\/\/blog.backwinkel.de\/neutralitaetsgebot-schule\/"]}]},{"@type":"ImageObject","inLanguage":"de","@id":"https:\/\/blog.backwinkel.de\/neutralitaetsgebot-schule\/#primaryimage","url":"https:\/\/www.backwinkel.de\/blog\/wp-content\/uploads\/2018\/11\/backwinkel-blog-politsche-verantwortung-heroimage.jpg","contentUrl":"https:\/\/www.backwinkel.de\/blog\/wp-content\/uploads\/2018\/11\/backwinkel-blog-politsche-verantwortung-heroimage.jpg","width":1200,"height":628,"caption":"anderes Bild"},{"@type":"BreadcrumbList","@id":"https:\/\/blog.backwinkel.de\/neutralitaetsgebot-schule\/#breadcrumb","itemListElement":[{"@type":"ListItem","position":1,"name":"Startseite","item":"https:\/\/blog.backwinkel.de\/aktuelles\/"},{"@type":"ListItem","position":2,"name":"Mund auf, sachliche Meinung raus"}]},{"@type":"WebSite","@id":"https:\/\/www.backwinkel.de\/blog\/#website","url":"https:\/\/www.backwinkel.de\/blog\/","name":"BACKWINKEL Blog","description":"f\u00fcr Lehrer, Erzieher und Eltern","potentialAction":[{"@type":"SearchAction","target":{"@type":"EntryPoint","urlTemplate":"https:\/\/www.backwinkel.de\/blog\/?s={search_term_string}"},"query-input":{"@type":"PropertyValueSpecification","valueRequired":true,"valueName":"search_term_string"}}],"inLanguage":"de"},{"@type":"Person","@id":"https:\/\/www.backwinkel.de\/blog\/#\/schema\/person\/3d64575316540d25f7866264a4b7cd24","name":"BACKWINKEL","sameAs":["http:\/\/www.backwinkel.de"],"url":"https:\/\/www.backwinkel.de\/blog\/author\/backwinkel\/"}]}},"_links":{"self":[{"href":"https:\/\/www.backwinkel.de\/blog\/wp-json\/wp\/v2\/posts\/2105","targetHints":{"allow":["GET"]}}],"collection":[{"href":"https:\/\/www.backwinkel.de\/blog\/wp-json\/wp\/v2\/posts"}],"about":[{"href":"https:\/\/www.backwinkel.de\/blog\/wp-json\/wp\/v2\/types\/post"}],"author":[{"embeddable":true,"href":"https:\/\/www.backwinkel.de\/blog\/wp-json\/wp\/v2\/users\/3"}],"replies":[{"embeddable":true,"href":"https:\/\/www.backwinkel.de\/blog\/wp-json\/wp\/v2\/comments?post=2105"}],"version-history":[{"count":2,"href":"https:\/\/www.backwinkel.de\/blog\/wp-json\/wp\/v2\/posts\/2105\/revisions"}],"predecessor-version":[{"id":18477,"href":"https:\/\/www.backwinkel.de\/blog\/wp-json\/wp\/v2\/posts\/2105\/revisions\/18477"}],"wp:featuredmedia":[{"embeddable":true,"href":"https:\/\/www.backwinkel.de\/blog\/wp-json\/wp\/v2\/media\/2134"}],"wp:attachment":[{"href":"https:\/\/www.backwinkel.de\/blog\/wp-json\/wp\/v2\/media?parent=2105"}],"wp:term":[{"taxonomy":"category","embeddable":true,"href":"https:\/\/www.backwinkel.de\/blog\/wp-json\/wp\/v2\/categories?post=2105"},{"taxonomy":"post_tag","embeddable":true,"href":"https:\/\/www.backwinkel.de\/blog\/wp-json\/wp\/v2\/tags?post=2105"}],"curies":[{"name":"wp","href":"https:\/\/api.w.org\/{rel}","templated":true}]}}