{"id":17242,"date":"2025-11-10T09:15:05","date_gmt":"2025-11-10T08:15:05","guid":{"rendered":"https:\/\/www.backwinkel.de\/blog\/?p=17242"},"modified":"2026-04-22T09:01:34","modified_gmt":"2026-04-22T07:01:34","slug":"depressive-kinder","status":"publish","type":"post","link":"https:\/\/www.backwinkel.de\/blog\/depressive-kinder\/","title":{"rendered":"Depressive Kinder"},"content":{"rendered":"\n<style type=\"text\/css\" data-created_by=\"avia_inline_auto\" id=\"style-css-av-8vdv8-f7e0dae999cc49bc529a70f67b346526\">\n.flex_column.av-8vdv8-f7e0dae999cc49bc529a70f67b346526{\nborder-radius:0px 0px 0px 0px;\npadding:0px 0px 0px 0px;\n}\n<\/style>\n<div  class='flex_column av-8vdv8-f7e0dae999cc49bc529a70f67b346526 av_one_full  avia-builder-el-0  el_before_av_three_fifth  avia-builder-el-first  first flex_column_div av-zero-column-padding  '     ><p>\n<style type=\"text\/css\" data-created_by=\"avia_inline_auto\" id=\"style-css-av-jl6mo8rj-605eccf9df0dce9c3ffb6a57636da99d\">\n#top .hr.hr-invisible.av-jl6mo8rj-605eccf9df0dce9c3ffb6a57636da99d{\nmargin-top:0px;\nheight:1px;\n}\n<\/style>\n<div  class='hr av-jl6mo8rj-605eccf9df0dce9c3ffb6a57636da99d hr-invisible  avia-builder-el-1  el_before_av_heading  avia-builder-el-first '><span class='hr-inner '><span class=\"hr-inner-style\"><\/span><\/span><\/div><br \/>\n\n<style type=\"text\/css\" data-created_by=\"avia_inline_auto\" id=\"style-css-av-27gdg7-c31fe31ea10a24531912f8be92382d47\">\n#top .av-special-heading.av-27gdg7-c31fe31ea10a24531912f8be92382d47{\npadding-bottom:10px;\n}\nbody .av-special-heading.av-27gdg7-c31fe31ea10a24531912f8be92382d47 .av-special-heading-tag .heading-char{\nfont-size:25px;\n}\n.av-special-heading.av-27gdg7-c31fe31ea10a24531912f8be92382d47 .av-subheading{\nfont-size:15px;\n}\n<\/style>\n<div  class='av-special-heading av-27gdg7-c31fe31ea10a24531912f8be92382d47 av-special-heading-h1 blockquote modern-quote  avia-builder-el-2  el_after_av_hr  el_before_av_post_metadata  av-linked-heading'><h1 class='av-special-heading-tag '  >Depressive Kinder. Symptome erkennen und handeln <\/h1><div class='av-subheading av-subheading_below'><p class=\"autorenname\">Elisa Morel<\/p>\n<\/div><div class=\"special-heading-border\"><div class=\"special-heading-inner-border\"><\/div><\/div><\/div><br \/>\n\n<style type=\"text\/css\" data-created_by=\"avia_inline_auto\" id=\"style-css-av-136qz7e-1b931e892216775ae38ca8f9413f4ef2\">\n#top .av-post-metadata-container.av-136qz7e-1b931e892216775ae38ca8f9413f4ef2{\nfont-size:12px;\n}\n#top .av-post-metadata-container.av-136qz7e-1b931e892216775ae38ca8f9413f4ef2 .av-post-metadata-container-inner{\nfont-size:12px;\n}\n<\/style>\n<div  class='av-post-metadata-container av-136qz7e-1b931e892216775ae38ca8f9413f4ef2 av-metadata-container-align-left  avia-builder-el-3  el_after_av_heading  el_before_av_textblock  av-metadata-container-1'><div class='av-post-metadata-container-inner'><span class=\"av-post-metadata-content av-post-metadata-meta-content\"><span class=\"av-post-metadata-content av-post-metadata-modified\"><span class=\"av-metadata-before av-metadata-before-modified\">Aktualisiert:<\/span><span class=\"av-post-metadata-modified-date\" >22. April 2026<\/span><\/span><\/span><\/div><\/div><br \/>\n\n<style type=\"text\/css\" data-created_by=\"avia_inline_auto\" id=\"style-css-av-jkuubohz-7d2014c5f7ce8ae870a85f20ec3491b3\">\n#top .av_textblock_section.av-jkuubohz-7d2014c5f7ce8ae870a85f20ec3491b3 .avia_textblock{\nfont-size:20px;\n}\n<\/style>\n<section  class='av_textblock_section av-jkuubohz-7d2014c5f7ce8ae870a85f20ec3491b3 '  ><div class='avia_textblock' ><p>Psychische Krankheiten nehmen seit Jahren zu, auch und vor allem bei Kindern und Jugendlichen. Die mit Covid19 einhergehenden Lockdowns haben diese Krise noch versch\u00e4rft.<br \/>\nSind Kinder im Vorschulalter von Depressionen betroffen, sind diese schwieriger festzustellen als bei \u00e4lteren Kindern und Jugendlichen. Dabei brauchen gerade kleine Kinder unbedingt Hilfe von Erwachsenen, damit es ihnen wieder besser geht.<\/p>\n<\/div><\/section><br \/>\n\n<style type=\"text\/css\" data-created_by=\"avia_inline_auto\" id=\"style-css-av-jkuuo5h6-c3a7004b35862ec3bbcef6de2987c83c\">\n.avia-image-container.av-jkuuo5h6-c3a7004b35862ec3bbcef6de2987c83c img.avia_image{\nbox-shadow:none;\n}\n.avia-image-container.av-jkuuo5h6-c3a7004b35862ec3bbcef6de2987c83c .av-image-caption-overlay-center{\ncolor:#ffffff;\n}\n<\/style>\n<div  class='avia-image-container av-jkuuo5h6-c3a7004b35862ec3bbcef6de2987c83c av-styling- avia-align-center  avia-builder-el-5  el_after_av_textblock  el_before_av_hr '  ><div class=\"avia-image-container-inner\"><div class=\"avia-image-overlay-wrap\"><img decoding=\"async\" fetchpriority=\"high\" class='wp-image-17286 avia-img-lazy-loading-not-17286 avia_image ' src=\"https:\/\/www.backwinkel.de\/blog\/wp-content\/uploads\/2025\/11\/11_Kiga_Depressionen_bei_kindern_heroimage.jpg\" alt='' title='11_Kiga_Depressionen_bei_kindern_heroimage'  height=\"628\" width=\"1200\"  \/><\/div><\/div><\/div><br \/>\n\n<style type=\"text\/css\" data-created_by=\"avia_inline_auto\" id=\"style-css-av-jl6mo8rj-22-7487f0754a981739ab003e89aabaa170\">\n#top .hr.hr-invisible.av-jl6mo8rj-22-7487f0754a981739ab003e89aabaa170{\nheight:5px;\n}\n<\/style>\n<div  class='hr av-jl6mo8rj-22-7487f0754a981739ab003e89aabaa170 hr-invisible  avia-builder-el-6  el_after_av_image  el_before_av_textblock '><span class='hr-inner '><span class=\"hr-inner-style\"><\/span><\/span><\/div><br \/>\n\n<style type=\"text\/css\" data-created_by=\"avia_inline_auto\" id=\"style-css-av-jl7ql86y-0004168ca5c1e8188cabe38926610bb2\">\n#top .av_textblock_section.av-jl7ql86y-0004168ca5c1e8188cabe38926610bb2 .avia_textblock{\nfont-size:10px;\n}\n<\/style>\n<section  class='av_textblock_section av-jl7ql86y-0004168ca5c1e8188cabe38926610bb2 '  ><div class='avia_textblock' ><p class=\"bildnennung-beitrag\" style=\"text-align: left;\">\u00a9 Adobe Stock<\/p>\n<\/div><\/section><br \/>\n\n<style type=\"text\/css\" data-created_by=\"avia_inline_auto\" id=\"style-css-av-jl6mo8rj-20-0a5ac640218ac986cc09276001136948\">\n#top .hr.hr-invisible.av-jl6mo8rj-20-0a5ac640218ac986cc09276001136948{\nheight:20px;\n}\n<\/style>\n<div  class='hr av-jl6mo8rj-20-0a5ac640218ac986cc09276001136948 hr-invisible  avia-builder-el-8  el_after_av_textblock  el_before_av_textblock '><span class='hr-inner '><span class=\"hr-inner-style\"><\/span><\/span><\/div><br \/>\n<section  class='av_textblock_section av-jkuubohz-21-8a03553e957d5063f4a4f41dd59869fd '  ><div class='avia_textblock' ><p>Wie sich Depressionen bei Kindern \u00e4u\u00dfern, welche Faktoren sie beg\u00fcnstigen und vor allem, was Sie tun k\u00f6nnen, um Betroffenen zu helfen, erfahren Sie in diesem Beitrag.<\/p>\n<\/div><\/section><\/p><\/div>\n<style type=\"text\/css\" data-created_by=\"avia_inline_auto\" id=\"style-css-av-swqf9-6bb490ea0cbb171c9d159bb967226129\">\n.flex_column.av-swqf9-6bb490ea0cbb171c9d159bb967226129{\nborder-radius:0px 0px 0px 0px;\npadding:20px 20px 20px 20px;\nbackground-color:#f2f2f2;\n}\n<\/style>\n<div  class='flex_column av-swqf9-6bb490ea0cbb171c9d159bb967226129 av_three_fifth  avia-builder-el-10  el_after_av_one_full  el_before_av_two_fifth  first flex_column_div  column-top-margin'     ><style type=\"text\/css\" data-created_by=\"avia_inline_auto\" id=\"style-css-av-jkuua5r2-d1baa9020b60f0b8929049cd70142866\">\n#top .av_textblock_section.av-jkuua5r2-d1baa9020b60f0b8929049cd70142866 .avia_textblock{\nfont-size:14px;\n}\n<\/style>\n<section  class='av_textblock_section av-jkuua5r2-d1baa9020b60f0b8929049cd70142866 '  ><div class='avia_textblock' ><p><strong>Inhalt:<\/strong><\/p>\n<p><strong><a href=\"#1\">1. Depressionen bei Kindern \u2013 Zahlen, Daten, Fakten<\/a><br \/>\n<\/strong><\/p>\n<p><strong><a href=\"#2\">2. Symptome von Depressionen bei Kindern<\/a><br \/>\n<\/strong>2.1. Depression bei Kindern vs. Depression bei Erwachsenen3<br \/>\n2.2. Typische Symptome f\u00fcr kindliche die Depression<\/p>\n<p><strong><a href=\"#3\">3. Ursachen von Depressionen bei Kindern<\/a><\/strong><\/p>\n<p><strong><a href=\"#4\">4. Wie hilft man depressiven Kindern?<\/a><br \/>\n<\/strong>4.1. Genau hinschauen und zuh\u00f6ren<br \/>\n4.2. Anlaufstellen f\u00fcr Hilfe bei Depressionen<\/p>\n<\/div><\/section><\/div><\/p>\n\n<style type=\"text\/css\" data-created_by=\"avia_inline_auto\" id=\"style-css-av-2532d-6e1ea05e25305745634c0a02c87dc827\">\n.flex_column.av-2532d-6e1ea05e25305745634c0a02c87dc827{\nborder-radius:0px 0px 0px 0px;\npadding:0 0 0 0;\n}\n<\/style>\n<div  class='flex_column av-2532d-6e1ea05e25305745634c0a02c87dc827 av_two_fifth  avia-builder-el-12  el_after_av_three_fifth  el_before_av_sidebar  flex_column_div av-zero-column-padding  column-top-margin'     ><\/div>\n<div  class='avia-builder-widget-area clearfix  avia-builder-el-13  el_after_av_two_fifth  el_before_av_one_full '><div id=\"text-33\" class=\"widget clearfix widget_text\">\t\t\t<div class=\"textwidget\"><p><a href=\"https:\/\/www.backwinkel.de\/nachhaltig-denken\/\" target=\"\\_blank\" rel=\"noopener\"><br \/>\n<img decoding=\"async\" class=\"werbung-desktop alignnone wp-image-4186 size-full\" src=\"https:\/\/www.backwinkel.de\/blog\/wp-content\/uploads\/2026\/04\/Backwinkel-blog-werbebanner-shop-kita-schule_desktop.jpg\" alt=\"\" width=\"1251\" height=\"201\" \/><br \/>\n<\/a><br \/>\n<a href=\"https:\/\/www.backwinkel.de\/nachhaltig-denken\/\" target=\"\\_blank\" rel=\"noopener\"><br \/>\n<img decoding=\"async\" class=\"werbung-mobile alignnone wp-image-4187 size-full\" src=\"https:\/\/www.backwinkel.de\/blog\/wp-content\/uploads\/2026\/04\/Backwinkel-blog-werbebanner-shop-kiga-schule_mobile.jpg\" alt=\"\" width=\"550\" height=\"500\" \/><br \/>\n<\/a><\/p>\n<\/div>\n\t\t<\/div><\/div>\n\n<style type=\"text\/css\" data-created_by=\"avia_inline_auto\" id=\"style-css-av-hh5al-9c53459d093ff912fcc98cf97e19d753\">\n.flex_column.av-hh5al-9c53459d093ff912fcc98cf97e19d753{\nborder-radius:0px 0px 0px 0px;\npadding:0px 0px 0px 0px;\n}\n<\/style>\n<div  class='flex_column av-hh5al-9c53459d093ff912fcc98cf97e19d753 av_one_full  avia-builder-el-14  el_after_av_sidebar  el_before_av_one_full  first flex_column_div av-zero-column-padding  '     ><section  class='av_textblock_section av-jkuul0eg-e9854c92fe69d423d63f3e4d0e40a0f9 '  ><div class='avia_textblock' >\n<style type=\"text\/css\" data-created_by=\"avia_inline_auto\" id=\"style-css-av-7c7r8-1ad3209b7b9ea9c60cc97e362d76ea5e\">\n#top .hr.hr-invisible.av-7c7r8-1ad3209b7b9ea9c60cc97e362d76ea5e{\nheight:20px;\n}\n<\/style>\n<div  class='hr av-7c7r8-1ad3209b7b9ea9c60cc97e362d76ea5e hr-invisible  avia-builder-el-16  avia-builder-el-no-sibling '><span class='hr-inner '><span class=\"hr-inner-style\"><\/span><\/span><\/div>\n<h2 id=\"1\" class=\"position\"><strong>Depressionen bei Kindern \u2013 Zahlen, Daten, Fakten <\/strong><\/h2>\n<p>Laut der Stiftung Deutsche Depressionshilfe und Suizidpr\u00e4vention betreffen depressive Verstimmungen und St\u00f6rungen ca. <strong>1 % der Vorschulkinder<\/strong>. Dieser Wert verdoppelt sich im Grundschulalter, w\u00e4hrend bei Jugendlichen zwischen 12 und 17 Jahren der Anteil bei 3 \u2013 10 % liegt.<\/p>\n<p>Wie bei vielen Statistiken kann man davon ausgehen, dass die <strong>Dunkelziffer<\/strong> h\u00f6her liegt, denn nicht jede Depression wird erkannt oder behandelt und somit statistisch erfasst \u2013 vor allem, weil Depressionen bei Kindern im Vorschulalter deutlich <strong>schwieriger zu diagnostizieren<\/strong> sind als im Jugendalter.<\/p>\n<\/div><\/section><\/div>\n\n<style type=\"text\/css\" data-created_by=\"avia_inline_auto\" id=\"style-css-av-1a6alhq-d39b41157a75fc91d6c25d95a1cc6571\">\n.flex_column.av-1a6alhq-d39b41157a75fc91d6c25d95a1cc6571{\nborder-radius:0px 0px 0px 0px;\npadding:0px 0px 0px 0px;\n}\n<\/style>\n<div  class='flex_column av-1a6alhq-d39b41157a75fc91d6c25d95a1cc6571 av_one_full  avia-builder-el-17  el_after_av_one_full  el_before_av_one_full  first flex_column_div av-zero-column-padding  column-top-margin'     ><style type=\"text\/css\" data-created_by=\"avia_inline_auto\" id=\"style-css-av-m92ism6t-baf39fddccfdcbde35b0b2fe46337f54\">\n#top .av_textblock_section.av-m92ism6t-baf39fddccfdcbde35b0b2fe46337f54 .avia_textblock{\npadding:0 0 0 0;\n}\n<\/style>\n<section  class='av_textblock_section av-m92ism6t-baf39fddccfdcbde35b0b2fe46337f54 '  ><div class='avia_textblock' >\n<style type=\"text\/css\" data-created_by=\"avia_inline_auto\" id=\"style-css-av-ro6tvy-2fa4129419cdb3e5a0891a307acac5d5\">\n#top .hr.hr-invisible.av-ro6tvy-2fa4129419cdb3e5a0891a307acac5d5{\nheight:20px;\n}\n<\/style>\n<div  class='hr av-ro6tvy-2fa4129419cdb3e5a0891a307acac5d5 hr-invisible  avia-builder-el-19  avia-builder-el-no-sibling '><span class='hr-inner '><span class=\"hr-inner-style\"><\/span><\/span><\/div>\n<h2 id=\"2\" class=\"position\"><strong>Symptome von Depressionen bei Kindern <\/strong><\/h2>\n<p>Depression \u00e4u\u00dfert sich bei Kindern anders als bei Jugendlichen und Erwachsenen. Wer als Teenager depressiv ist, zeigt oft \u00e4hnliche Symptome wie erwachsene Depressive, w\u00e4hrend man bei depressiven Kindern in erster Linie <strong>Verhaltens\u00e4nderungen bei allt\u00e4glichen Vorg\u00e4ngen<\/strong> wie Spielen, Schlafen oder Essen feststellt. Auch <strong>psychosomatische Symptome<\/strong> wie Bauch- oder Kopfschmerzen kommen bei betroffenen Kindern vor.<\/p>\n<p>Beobachten Sie also bei einem Kind eine Verhaltens- oder Wesensver\u00e4nderung, behalten Sie es im Blick und bitten Sie auch Ihre Kollegen um Feedback. Denn durch Ihren Alltag kennen Sie die Kinder gut und k\u00f6nnen sie einsch\u00e4tzen \u2013 manchmal vielleicht sogar besser als beispielsweise ein \u00fcberforderter Vater, eine alkoholkranke Mutter oder ein auf Montage arbeitender Elternteil.<\/p>\n<p><strong>Depression bei Kindern vs. Depression bei Erwachsenen <\/strong><\/p>\n<p>Eine Depression im <strong>Erwachsenenalter<\/strong> zeigt sich oft durch <strong>sozialen R\u00fcckzug<\/strong>, <strong>generelle Freud- und Hoffnungslosigkeit <\/strong>und <strong>negative Gedankenspiralen<\/strong>. Doch viele Erwachsene entwickeln <strong>Strategien<\/strong>, um mit ihrer Erkrankung klarzukommen, k\u00f6nnen sich \u00fcber ihre Krankheit <strong>informieren<\/strong> und haben auch die M\u00f6glichkeit, ihre Gef\u00fchle und ihr Verhalten zu reflektieren und in Worte zu fassen \u2013 ob f\u00fcr sich selbst in Schriftform oder im Gespr\u00e4ch mit Vertrauten.<\/p>\n<p>Kinder k\u00f6nnen sich selbst schlechter helfen \u2013 auch, weil sie auf Erwachsene angewiesen sind, um <strong>professionelle Hilfe<\/strong> zu erhalten. Kein Vierj\u00e4hriger wird selbstst\u00e4ndig die \u00bbNummer gegen Kummer\u00ab w\u00e4hlen oder an die T\u00fcr einer psychologischen Praxis klopfen.<\/p>\n<p>Erschwerend kommt bei <strong>Kindern im Vorschulalter<\/strong> hinzu, dass sie ihre Gef\u00fchle noch nicht (so gut) <strong>wahrnehmen<\/strong>, <strong>verstehen<\/strong> und <strong>verbalisieren<\/strong> k\u00f6nnen. Sie merken, dass sie sich nicht gut f\u00fchlen, wissen aber wahrscheinlich nicht, woran es liegt oder wie sie ihren Zustand verbessern k\u00f6nnen.<\/p>\n<p>Somit zeigen sich Trauer oder Aggression eher im <strong>Verhalten<\/strong>, z. B. durch Verweigerung von Essen bzw. vermehrter Essensaufnahme, dem Zerst\u00f6ren von Dingen, Spielunlust oder Konzentrationsschwierigkeiten oder Schlafproblemen.<\/p>\n<p><strong>Typische Symptome f\u00fcr die kindliche Depression <\/strong><\/p>\n<p>Bei Kindern sind Verhaltensver\u00e4nderungen ein Indikator f\u00fcr Depressionen: Wenn sich ein fr\u00fcher lebhaftes Kind pl\u00f6tzlich zur\u00fcckzieht oder ein stilles Kind aggressives Verhalten zeigt, sollten Sie wie immer genauer hinschauen. Und jedes einzelne f\u00fcr eine Depression typisches Symptom ist f\u00fcr sich ein Zeichen daf\u00fcr, dass es jemandem schlecht geht \u2013 das sagt uns der gesunde Menschenverstand. Gl\u00fcck sieht ganz anders aus.<\/p>\n<p>Die Stiftung Deutsche Depressionshilfe und Suizidpr\u00e4vention nennt f\u00fcr Kinder im <strong>Alter von einem bis drei Jahren <\/strong>folgende Symptome:<br \/>\n\u2022 das Kind wirkt traurig<br \/>\n\u2022 es hat ein ausdrucksarmes Gesicht<br \/>\n\u2022 es ist reizbar oder teilnahmslos<br \/>\n\u2022 das Kind zeigt selbststimulierendes Verhalten<br \/>\n\u2022 es hat keine Lust zu spielen oder zeigt beim Spielen weniger Kreativit\u00e4t und Ausdauer<br \/>\n\u2022 Ess- oder Schlafverhalten sind gest\u00f6rt<\/p>\n<p>Bei Kindern zwischen <strong>drei und sechs Jahren<\/strong> zeigen sich folgende Symptome:<br \/>\n\u2022 trauriges Gesicht<br \/>\n\u2022 verminderte Mimik und Gestik<br \/>\n\u2022 Stimmungsschwankungen<br \/>\n\u2022 Unf\u00e4higkeit zur Freude<br \/>\n\u2022 vermindertes Interesse an Bewegung<br \/>\n\u2022 Zur\u00fcckgezogenheit oder Aggression<br \/>\n\u2022 Gewichtszunahme oder -verlust durch ein ver\u00e4ndertes Essverhalten<br \/>\n\u2022 Probleme beim Ein- oder Durchschlafen oder Albtr\u00e4ume<\/p>\n<\/div><\/section><\/div>\n\n<style type=\"text\/css\" data-created_by=\"avia_inline_auto\" id=\"style-css-av-3m5lrug-3bc43533ea7fd59fd29d96093227c6bd\">\n#top .flex_column.av-3m5lrug-3bc43533ea7fd59fd29d96093227c6bd{\nmargin-top:20px;\nmargin-bottom:0px;\n}\n.flex_column.av-3m5lrug-3bc43533ea7fd59fd29d96093227c6bd{\nborder-radius:0px 0px 0px 0px;\npadding:0px 0px 0px 0px;\n}\n.responsive #top #wrap_all .flex_column.av-3m5lrug-3bc43533ea7fd59fd29d96093227c6bd{\nmargin-top:20px;\nmargin-bottom:0px;\n}\n<\/style>\n<div  class='flex_column av-3m5lrug-3bc43533ea7fd59fd29d96093227c6bd av_one_full  avia-builder-el-20  el_after_av_one_full  el_before_av_one_full  first flex_column_div av-zero-column-padding  column-top-margin'     ><section  class='av_textblock_section av-mf5gz5vh-c3b71166460c05fc16a92151c1a53464 '  ><div class='avia_textblock' >\n<style type=\"text\/css\" data-created_by=\"avia_inline_auto\" id=\"style-css-av-ro6tvy-3-6406070e6ee0e200712737212c27ac34\">\n#top .hr.hr-invisible.av-ro6tvy-3-6406070e6ee0e200712737212c27ac34{\nheight:20px;\n}\n<\/style>\n<div  class='hr av-ro6tvy-3-6406070e6ee0e200712737212c27ac34 hr-invisible  avia-builder-el-22  avia-builder-el-no-sibling '><span class='hr-inner '><span class=\"hr-inner-style\"><\/span><\/span><\/div>\n<h2 id=\"3\" class=\"position\"><strong>Ursachen von Depressionen bei Kindern <\/strong><\/h2>\n<p>Die Ursachen und Ausl\u00f6ser von Depressionen bei Kindern k\u00f6nnen vielf\u00e4ltig sein. Wer von <strong>Ausgrenzung<\/strong> oder <strong>Armut<\/strong> betroffen ist oder an einer St\u00f6rung wie ADHS leidet, ist per se gef\u00e4hrdeter f\u00fcr psychische Erkrankungen. In <strong>neurobiologischer Hinsicht<\/strong> k\u00f6nnen auch ein Ungleichgewicht der <strong>Botenstoffe<\/strong> im Organismus oder eine Ver\u00e4nderung der <strong>Stresshormone<\/strong> vorliegen. <strong>Stoffwechselst\u00f6rungen<\/strong> wie Diabetes, Adipositas oder eine Schilddr\u00fcsenunterfunktion k\u00f6nnen die Entstehung einer Depression ebenfalls beg\u00fcnstigen.<\/p>\n<p>Treten depressive Erkrankungen in der Familie auf, steigt das Risiko ebenfalls. Kommen dann noch Stressfaktoren wie die Trennung der Eltern oder Gewalt und Trauma hinzu, sind psychische Auff\u00e4lligkeiten und seelisches Leid oft unvermeidlich. Oft greifen <strong>mehrere Faktoren<\/strong> ineinander. Ein gl\u00fcckliches, gesundes und ausgeglichenes Kind wird nicht durch einen Streit mit dem besten Freund in eine Depression rutschen, durch den <strong>Tod eines geliebten Menschen <\/strong>m\u00f6glicherweise schon.<\/p>\n<p>Wer allerdings z. B. einen <strong>depressiven Vater<\/strong> hat, <strong>hochsensibel<\/strong> ist und bereits <strong>Gewalterfahrungen<\/strong> machen musste, wird vielleicht durch einen kleinen Streit mit einem Freund oder Geschwister so aus der Bahn geworfen, dass er eine Depression entwickelt. Kinder mit <strong>Kriegs- und Fluchterfahrung<\/strong> haben nat\u00fcrlich auch h\u00e4ufig <strong>Traumata<\/strong> erlebt, die eine Depression ausl\u00f6sen k\u00f6nnen.<\/p>\n<p>Unsere Grafik gibt Ihnen einen kurzen \u00dcberblick \u00fcber h\u00e4ufige Ursachen f\u00fcr Depressionen bei Kindern.<\/p>\n<\/div><\/section><\/div>\n\n<style type=\"text\/css\" data-created_by=\"avia_inline_auto\" id=\"style-css-av-ky1uyi-6adbca801346b303d060b5490487138a\">\n#top .flex_column.av-ky1uyi-6adbca801346b303d060b5490487138a{\nmargin-top:20px;\nmargin-bottom:0px;\n}\n.flex_column.av-ky1uyi-6adbca801346b303d060b5490487138a{\nborder-radius:0px 0px 0px 0px;\npadding:0px 0px 0px 0px;\n}\n.responsive #top #wrap_all .flex_column.av-ky1uyi-6adbca801346b303d060b5490487138a{\nmargin-top:20px;\nmargin-bottom:0px;\n}\n<\/style>\n<div  class='flex_column av-ky1uyi-6adbca801346b303d060b5490487138a av_one_full  avia-builder-el-23  el_after_av_one_full  el_before_av_one_full  first flex_column_div av-zero-column-padding  column-top-margin'     ><section  class='av_textblock_section av-mhlq18wr-5a1c4c01eb2a49865690e472e1b1eefb '  ><div class='avia_textblock' ><p><a href=\"https:\/\/blog.backwinkel.de\/wp-content\/uploads\/2025\/11\/Depri_Blog-Beitrag.jpeg\"><img decoding=\"async\" class=\"alignnone wp-image-17296\" src=\"https:\/\/blog.backwinkel.de\/wp-content\/uploads\/2025\/11\/Depri_Blog-Beitrag.jpeg\" alt=\"\" width=\"526\" height=\"731\" \/><\/a><\/p>\n<\/div><\/section><\/div>\n\n<style type=\"text\/css\" data-created_by=\"avia_inline_auto\" id=\"style-css-av-1lkdzru-44eb09c5135042357928f3229a4d5f2f\">\n#top .flex_column.av-1lkdzru-44eb09c5135042357928f3229a4d5f2f{\nmargin-top:20px;\nmargin-bottom:0px;\n}\n.flex_column.av-1lkdzru-44eb09c5135042357928f3229a4d5f2f{\nborder-radius:0px 0px 0px 0px;\npadding:0px 0px 0px 0px;\n}\n.responsive #top #wrap_all .flex_column.av-1lkdzru-44eb09c5135042357928f3229a4d5f2f{\nmargin-top:20px;\nmargin-bottom:0px;\n}\n<\/style>\n<div  class='flex_column av-1lkdzru-44eb09c5135042357928f3229a4d5f2f av_one_full  avia-builder-el-25  el_after_av_one_full  el_before_av_one_full  first flex_column_div av-zero-column-padding  column-top-margin'     ><section  class='av_textblock_section av-mhkqd9kj-ef6f78af8a37e3681c8f856f91825123 '  ><div class='avia_textblock' >\n<style type=\"text\/css\" data-created_by=\"avia_inline_auto\" id=\"style-css-av-133tyca-de392196cf16dbac1df7743f7e1db43b\">\n#top .hr.hr-invisible.av-133tyca-de392196cf16dbac1df7743f7e1db43b{\nheight:20px;\n}\n<\/style>\n<div  class='hr av-133tyca-de392196cf16dbac1df7743f7e1db43b hr-invisible  avia-builder-el-27  avia-builder-el-no-sibling '><span class='hr-inner '><span class=\"hr-inner-style\"><\/span><\/span><\/div>\n<h2 id=\"4\" class=\"position\"><strong>Wie hilft man depressiven Kindern? <\/strong><\/h2>\n<p>Auf <strong>psychischen Krankheiten<\/strong> lastet leider noch immer ein <strong>Tabu<\/strong>. Das mag einer der Gr\u00fcnde sein, warum es Betroffenen schwerf\u00e4llt, dar\u00fcber zu sprechen oder auch nur zuzugeben, an einer Depression zu leiden \u2013 vor allem, wenn man bei <strong>Traurigkeit<\/strong> oder <strong>Aggression<\/strong> Spr\u00fcche h\u00f6rt wie \u201eRei\u00df dich mal zusammen\u201c, \u201eBenimm dich\u201c, \u201eIch verstehe dich einfach nicht\u201c oder \u201eDu bist undankbar\/schrecklich\u201c.<\/p>\n<p>Psychische Erkrankungen sind nie leicht zu verstehen, auch f\u00fcr erwachsene Betroffene nicht. Umso schwieriger ist es f\u00fcr Kinder, die ihre Gef\u00fchle noch nicht so gut kennen, weniger Coping-Strategien haben und sich sowieso noch in ihrer <strong>Pers\u00f6nlichkeitsentwicklung<\/strong> befinden, die nat\u00fcrlicherweise auch mit Ver\u00e4nderungen im F\u00fchlen und Wahrnehmen einhergeht.<\/p>\n<p>Daher sind <strong>Empathie<\/strong>, <strong>Aufmerksamkeit<\/strong>, <strong>Einf\u00fchlungsverm\u00f6gen<\/strong>, <strong>Verst\u00e4ndnis<\/strong> und eine <strong>Vertrauensbasis<\/strong> unerl\u00e4sslich im Umgang mit depressiven Kindern (und selbstredend auch Jugendlichen und Erwachsenen). Und diese Werte sind auch in der Interaktion mit psychisch gesunden Menschen oder Tieren immer die richtige Wahl, auch wenn die Realit\u00e4t oft anders aussieht.<\/p>\n<p>Ein guter erster Schritt f\u00fcr <strong>Aufkl\u00e4rung<\/strong> und <strong>Pr\u00e4vention<\/strong> ist es, Wut, Trauer und <strong>Depression<\/strong> in der Kita <strong>kindheitsgerecht<\/strong> zu <strong>thematisieren<\/strong>. Bestimmt sind Sie bereits im Besitz vieler wundervoller <strong>B\u00fccher<\/strong>, die Sie mit Ihren Kleinen lesen und besprechen. So lernen die Kinder, dass es okay ist, sich schlecht zu f\u00fchlen, und dass es immer die M\u00f6glichkeit gibt, \u00fcber die eigenen <strong>Gef\u00fchle<\/strong>, <strong>\u00c4ngste<\/strong> und <strong>Probleme<\/strong> zu reden. Denn es ist schlimm, zu denken, man sei mit seinen Sorgen alleine oder als Einziger davon betroffen. Der erste Schritt auf dem Weg zu einer Besserung ist oft das Sich-\u00d6ffnen.<\/p>\n<\/div><\/section><\/div>\n\n<style type=\"text\/css\" data-created_by=\"avia_inline_auto\" id=\"style-css-av-s9kbay-06492d1a983927f024390930697818f6\">\n#top .flex_column.av-s9kbay-06492d1a983927f024390930697818f6{\nmargin-top:20px;\nmargin-bottom:0px;\n}\n.flex_column.av-s9kbay-06492d1a983927f024390930697818f6{\nborder-radius:0px 0px 0px 0px;\npadding:0px 0px 0px 0px;\n}\n.responsive #top #wrap_all .flex_column.av-s9kbay-06492d1a983927f024390930697818f6{\nmargin-top:20px;\nmargin-bottom:0px;\n}\n<\/style>\n<div  class='flex_column av-s9kbay-06492d1a983927f024390930697818f6 av_one_full  avia-builder-el-28  el_after_av_one_full  el_before_av_one_full  first flex_column_div av-zero-column-padding  column-top-margin'     ><section  class='av_textblock_section av-mhkqe0lw-62d971ce74a0071fc3c2221189f4a203 '  ><div class='avia_textblock infoboxBlue' ><p><strong>Tipp<\/strong>: Auch von der Sendung mit der Maus gibt es eine sehr sensible Folge zum Thema Depression: Die unsichtbare Krankheit. Um einen Einblick in das Thema zu bekommen, bietet sich also auch das gemeinsame Schauen dieser Ausgabe an.<\/p>\n<\/div><\/section><\/div>\n\n<style type=\"text\/css\" data-created_by=\"avia_inline_auto\" id=\"style-css-av-8z00ze-bd037636211a96111f2aba6303d464e6\">\n#top .flex_column.av-8z00ze-bd037636211a96111f2aba6303d464e6{\nmargin-top:20px;\nmargin-bottom:0px;\n}\n.flex_column.av-8z00ze-bd037636211a96111f2aba6303d464e6{\nborder-radius:0px 0px 0px 0px;\npadding:0px 0px 0px 0px;\n}\n.responsive #top #wrap_all .flex_column.av-8z00ze-bd037636211a96111f2aba6303d464e6{\nmargin-top:20px;\nmargin-bottom:0px;\n}\n<\/style>\n<div  class='flex_column av-8z00ze-bd037636211a96111f2aba6303d464e6 av_one_full  avia-builder-el-30  el_after_av_one_full  el_before_av_one_full  first flex_column_div av-zero-column-padding  column-top-margin'     ><section  class='av_textblock_section av-mhkqmxw0-76657c65b6e07e8c5fcff7738b551491 '  ><div class='avia_textblock' >\n<style type=\"text\/css\" data-created_by=\"avia_inline_auto\" id=\"style-css-av-23wnpne-bb569db9092de14a25751145cfc3bcd2\">\n#top .hr.hr-invisible.av-23wnpne-bb569db9092de14a25751145cfc3bcd2{\nheight:20px;\n}\n<\/style>\n<div  class='hr av-23wnpne-bb569db9092de14a25751145cfc3bcd2 hr-invisible  avia-builder-el-32  avia-builder-el-no-sibling '><span class='hr-inner '><span class=\"hr-inner-style\"><\/span><\/span><\/div>\n<h3 id=\"3\" class=\"position\"><strong>Genau hinschauen und zuh\u00f6ren <\/strong><\/h3>\n<p>Wenn Sie das Gef\u00fchl haben, eines Ihrer Kinder zeige Symptome f\u00fcr Depression, tauschen Sie sich im Team aus. So gewinnen Sie nicht nur ein <strong>differenzierteres Bild<\/strong>, sondern sind auch als Fachkraft nicht alleine mit der Situation. Bestenfalls kennen Sie auch den mutma\u00dflichen <strong>Ausl\u00f6ser<\/strong> f\u00fcr die Depression des Kindes, etwa wenn es einen Todesfall im n\u00e4heren Umfeld gab.<\/p>\n<p>Versuchen Sie dann, in einer ruhigen Minute <strong>unter vier Augen<\/strong> mit dem Kind zu sprechen \u2013 vielleicht auch beim gemeinsamen Malen oder Basteln. Sollte einer Ihrer Kollegen einen engeren Draht zu dem Kind haben, bitten Sie um Hilfe. Im Idealfall \u00f6ffnet sich das Kind und erz\u00e4hlt. Bei dieser Gelegenheit versprechen Sie ihm, dass Sie immer ein <strong>offenes Ohr<\/strong> haben und ihm <strong>helfen<\/strong> werden, damit es sich wieder besser f\u00fchlt \u2013 das muss immer das Ziel sein. Anschlie\u00dfend k\u00f6nnen Sie \u00fcberlegen, wie der n\u00e4chste Schritt aussieht:<\/p>\n<ul>\n<li>Kennt das Kind die <strong>Gr\u00fcnde<\/strong> f\u00fcr seine Gef\u00fchle oder wei\u00df, seit wann es sich so f\u00fchlt?<\/li>\n<li>Hat das Kind selbst eine <strong>Idee<\/strong>, was ihm <strong>helfen<\/strong> w\u00fcrde?<\/li>\n<li>Ist das Kind bereit, auch mit einem anderen Erwachsenen \u00fcber seine Probleme zu sprechen, z. B. mit einem <strong>Sozialarbeiter<\/strong> oder <strong>Psychologen<\/strong>?<\/li>\n<li>Ist es sinnvoll, mit den <strong>Erziehungsberechtigten<\/strong> zu reden, oder sind diese vielleicht die Ursache f\u00fcr die Depression (Stichwort <strong>Kindeswohlgef\u00e4hrdung<\/strong>) und es k\u00f6nnte die Lage des Kindes verschlimmern, wenn die Familie erf\u00e4hrt, dass es sich Ihnen anvertraut hat?<\/li>\n<\/ul>\n<p>Leugnet das Kind, dass es ihm schlecht geht, oder weigert es sich, dar\u00fcber zu sprechen, suchen Sie sich <strong>professionellen Beistand<\/strong>, um die Situation zu l\u00f6sen. Denn auch, wenn es logisch erscheint, sich in diesem Fall erst einmal an die Eltern zu wenden, kann das aus dem oben genannten Grund genau die falsche Entscheidung sein<\/p>\n<\/div><\/section><\/div>\n\n<style type=\"text\/css\" data-created_by=\"avia_inline_auto\" id=\"style-css-av-1mcfid6-1915d6389a3daef5ece416532942721f\">\n#top .flex_column.av-1mcfid6-1915d6389a3daef5ece416532942721f{\nmargin-top:20px;\nmargin-bottom:0px;\n}\n.flex_column.av-1mcfid6-1915d6389a3daef5ece416532942721f{\nborder-radius:0px 0px 0px 0px;\npadding:0px 0px 0px 0px;\n}\n.responsive #top #wrap_all .flex_column.av-1mcfid6-1915d6389a3daef5ece416532942721f{\nmargin-top:20px;\nmargin-bottom:0px;\n}\n<\/style>\n<div  class='flex_column av-1mcfid6-1915d6389a3daef5ece416532942721f av_one_full  avia-builder-el-33  el_after_av_one_full  el_before_av_one_full  first flex_column_div av-zero-column-padding  column-top-margin'     ><section  class='av_textblock_section av-mhkqnjr6-7db32d0e5062026de491963c73878a0c '  ><div class='avia_textblock infoboxGreen' ><p>Mehr Informationen finden Sie auch in unseren Beitrag <a href=\"https:\/\/www.backwinkel.de\/blog\/kindeswohlgefaehrdung\/\" target=\"_blank\" rel=\"noopener\">Kindeswohlgef\u00e4hrdung erkennen und richtig handeln<\/a>.<\/p>\n<\/div><\/section><\/div>\n\n<style type=\"text\/css\" data-created_by=\"avia_inline_auto\" id=\"style-css-av-12gbby2-887f8388215ac90c7fc4ddc260fd56da\">\n#top .flex_column.av-12gbby2-887f8388215ac90c7fc4ddc260fd56da{\nmargin-top:20px;\nmargin-bottom:0px;\n}\n.flex_column.av-12gbby2-887f8388215ac90c7fc4ddc260fd56da{\nborder-radius:0px 0px 0px 0px;\npadding:0px 0px 0px 0px;\n}\n.responsive #top #wrap_all .flex_column.av-12gbby2-887f8388215ac90c7fc4ddc260fd56da{\nmargin-top:20px;\nmargin-bottom:0px;\n}\n<\/style>\n<div  class='flex_column av-12gbby2-887f8388215ac90c7fc4ddc260fd56da av_one_full  avia-builder-el-35  el_after_av_one_full  el_before_av_one_full  first flex_column_div av-zero-column-padding  column-top-margin'     ><section  class='av_textblock_section av-mhkqo0su-a210cfd1537d632245953f9688cc34c4 '  ><div class='avia_textblock' ><h3><strong>Anlaufstellen f\u00fcr Hilfe bei Depressionen <\/strong><\/h3>\n<p>Viele <strong>Hilfsangebote<\/strong> richten sich an Kinder und Jugendliche, die zumindest schon selbst lesen k\u00f6nnen. Im Vorschulalter sind die Kinder auf Erwachsene angewiesen, um Unterst\u00fctzung zu bekommen. Sollte sich die <strong>Familie des Kindes<\/strong> darum bisher nicht gek\u00fcmmert haben, laden Sie sie zu einem <strong>Gespr\u00e4ch<\/strong> ein und berichten Sie von Ihrem Eindruck.<\/p>\n<p>Eine Diagnose muss immer von einem <strong>Psychotherapeuten<\/strong> gestellt werden, der auch immer Alter und <strong>Entwicklungsstand<\/strong> des Kindes einbezieht. Die Medizin hat in den letzten Jahren Fortschritte bei der <strong>Diagnose<\/strong> und <strong>Behandlung<\/strong> von Depression im Kleinkindalter gemacht, doch detaillierte Informationen dar\u00fcber sind deutlich rarer ges\u00e4t als \u00fcber Depressionen bei \u00e4lteren Kindern. Daher brauchen die Kleinen immer die Hilfe eines Experten.<\/p>\n<p>Ihre Aufgabe ist es, daf\u00fcr zu sorgen, dass jedes Kind mit Symptomen einer Depression diese Hilfe auch bekommt. Wenn ein Kind so deutliche Symptome einer Depression an den Tag legt, dass es Ihnen im Alltag auff\u00e4llt, ist eine psychologische Untersuchung auf jeden Fall ratsam. Tauschen Sie sich also mit den Eltern des betroffenen Kindes aus und \u00fcberlegen Sie gemeinsam, wie Sie ihm am besten helfen.<\/p>\n<\/div><\/section><\/div>\n\n<style type=\"text\/css\" data-created_by=\"avia_inline_auto\" id=\"style-css-av-2g8t5m-3a417a42ea6edde7dc05ba229774641d\">\n#top .flex_column.av-2g8t5m-3a417a42ea6edde7dc05ba229774641d{\nmargin-top:20px;\nmargin-bottom:0px;\n}\n.flex_column.av-2g8t5m-3a417a42ea6edde7dc05ba229774641d{\nborder-radius:0px 0px 0px 0px;\npadding:0px 0px 0px 0px;\n}\n.responsive #top #wrap_all .flex_column.av-2g8t5m-3a417a42ea6edde7dc05ba229774641d{\nmargin-top:20px;\nmargin-bottom:0px;\n}\n<\/style>\n<div  class='flex_column av-2g8t5m-3a417a42ea6edde7dc05ba229774641d av_one_full  avia-builder-el-37  el_after_av_one_full  el_before_av_one_third  first flex_column_div av-zero-column-padding  column-top-margin'     ><section  class='av_textblock_section av-mhkqofvx-68b7b1d2a58dbe0afbb3dbda66f5cb85 '  ><div class='avia_textblock infoboxRed' ><p><strong>Achtung<\/strong>: Sollten die Angeh\u00f6rigen die Symptome kleinreden oder kein Interesse an einem Arztbesuch und einer Diagnose zeigen, m\u00fcssen Sie handeln. Nicht nur braucht jedes depressive Kind Hilfe, sondern es ist nat\u00fcrlich auch ein Alarmsignal, wenn die Eltern die Erkrankung leugnen \u2013 und ein m\u00f6glicher Hinweis darauf, dass ggf. Kindeswohlgef\u00e4hrdung vorliegt.<\/p>\n<\/div><\/section><\/div>\n<div class='flex_column_table av-4h4mdko-a11d555bc9a88ea9a6038cc5a0caba07 sc-av_one_third av-equal-height-column-flextable'>\n<style type=\"text\/css\" data-created_by=\"avia_inline_auto\" id=\"style-css-av-4h4mdko-a11d555bc9a88ea9a6038cc5a0caba07\">\n.flex_column.av-4h4mdko-a11d555bc9a88ea9a6038cc5a0caba07{\nborder-width:1px;\nborder-color:#ebebeb;\nborder-style:solid;\nborder-radius:0px 0px 0px 0px;\npadding:10px 10px 10px 10px;\n}\n<\/style>\n<div  class='flex_column av-4h4mdko-a11d555bc9a88ea9a6038cc5a0caba07 av_one_third  avia-builder-el-39  el_after_av_one_full  el_before_av_one_third  first flex_column_table_cell av-equal-height-column av-align-top  column-top-margin'     ><p><section  class='av_textblock_section av-mf5hvr7h-93dccc285ea4b93cf87fef67fa95a119 '  ><div class='avia_textblock' ><p><img decoding=\"async\" class=\"alignnone wp-image-17305 \" src=\"https:\/\/blog.backwinkel.de\/wp-content\/uploads\/2025\/11\/30027-wie-fuehlst-du-dich-wenn-neu-akros-3.jpg\" alt=\"\" width=\"708\" height=\"708\" srcset=\"https:\/\/www.backwinkel.de\/blog\/wp-content\/uploads\/2025\/11\/30027-wie-fuehlst-du-dich-wenn-neu-akros-3.jpg 2048w, https:\/\/www.backwinkel.de\/blog\/wp-content\/uploads\/2025\/11\/30027-wie-fuehlst-du-dich-wenn-neu-akros-3-1536x1536.jpg 1536w, https:\/\/www.backwinkel.de\/blog\/wp-content\/uploads\/2025\/11\/30027-wie-fuehlst-du-dich-wenn-neu-akros-3-36x36.jpg 36w, https:\/\/www.backwinkel.de\/blog\/wp-content\/uploads\/2025\/11\/30027-wie-fuehlst-du-dich-wenn-neu-akros-3-180x180.jpg 180w\" sizes=\"(max-width: 708px) 100vw, 708px\" \/><\/p>\n<p style=\"font-size: 20px; font-family: urw_grotesk_extra_narrowrg; text-align: left;\">Legespiel zu Gef\u00fchlssituation<\/p>\n<p style=\"text-align: left;\"><div  class='avia-button-wrap av-3z59riw-fe47a3f79a4cee064f73d92043458565-wrap avia-button-center  avia-builder-el-41  avia-builder-el-no-sibling '><a href='https:\/\/www.backwinkel.de\/prod\/legespiel-zu-gefuehlssituationen.html'  class='avia-button av-3z59riw-fe47a3f79a4cee064f73d92043458565 av-link-btn avia-icon_select-no avia-size-medium avia-position-center avia-color-theme-color'  target=\"_blank\"  rel=\"noopener noreferrer\"  aria-label=\"zum Produkt\"><span class='avia_iconbox_title' >zum Produkt<\/span><\/a><\/div><\/p>\n<\/div><\/section><br \/>\n\n<style type=\"text\/css\" data-created_by=\"avia_inline_auto\" id=\"style-css-av-3d58th4-f537efe447191968fcd05eee083277ad\">\n#top .hr.hr-invisible.av-3d58th4-f537efe447191968fcd05eee083277ad{\nheight:20px;\n}\n<\/style>\n<div  class='hr av-3d58th4-f537efe447191968fcd05eee083277ad hr-invisible  avia-builder-el-42  el_after_av_textblock  avia-builder-el-last '><span class='hr-inner '><span class=\"hr-inner-style\"><\/span><\/span><\/div><\/p><\/div>\n<div class='av-flex-placeholder'><\/div>\n<style type=\"text\/css\" data-created_by=\"avia_inline_auto\" id=\"style-css-av-2t5obqw-0d849d707f3bda7df75990c11bb44493\">\n.flex_column.av-2t5obqw-0d849d707f3bda7df75990c11bb44493{\nborder-width:1px;\nborder-color:#ebebeb;\nborder-style:solid;\nborder-radius:0px 0px 0px 0px;\npadding:10px 10px 10px 10px;\n}\n<\/style>\n<div  class='flex_column av-2t5obqw-0d849d707f3bda7df75990c11bb44493 av_one_third  avia-builder-el-43  el_after_av_one_third  el_before_av_one_third  flex_column_table_cell av-equal-height-column av-align-top  column-top-margin'     ><p><section  class='av_textblock_section av-mf5hvznb-e19fe2c167a370fc0fd1d14aada8481c '  ><div class='avia_textblock' ><p><img decoding=\"async\" class=\"alignnone wp-image-17306 \" src=\"https:\/\/blog.backwinkel.de\/wp-content\/uploads\/2025\/11\/30055-eddie-6.jpg\" alt=\"\" width=\"706\" height=\"706\" srcset=\"https:\/\/www.backwinkel.de\/blog\/wp-content\/uploads\/2025\/11\/30055-eddie-6.jpg 2048w, https:\/\/www.backwinkel.de\/blog\/wp-content\/uploads\/2025\/11\/30055-eddie-6-1536x1536.jpg 1536w, https:\/\/www.backwinkel.de\/blog\/wp-content\/uploads\/2025\/11\/30055-eddie-6-36x36.jpg 36w, https:\/\/www.backwinkel.de\/blog\/wp-content\/uploads\/2025\/11\/30055-eddie-6-180x180.jpg 180w\" sizes=\"(max-width: 706px) 100vw, 706px\" \/><\/p>\n<p style=\"font-size: 20px; font-family: urw_grotesk_extra_narrowrg; text-align: left;\">Kamishibai-Bildkarten, Eddie. Gef\u00fchle wahrnehmen, &#8230;<\/p>\n<p style=\"text-align: left;\"><div  class='avia-button-wrap av-2dlluzc-3357063d5040cebbe36d852030b7d5d8-wrap avia-button-center  avia-builder-el-45  avia-builder-el-no-sibling '><a href='https:\/\/www.backwinkel.de\/prod\/kamishibai-bildkarten-eddie-gefuehle-wahrnehmen-erkennen-und-benennen.html'  class='avia-button av-2dlluzc-3357063d5040cebbe36d852030b7d5d8 av-link-btn avia-icon_select-no avia-size-medium avia-position-center avia-color-theme-color'  target=\"_blank\"  rel=\"noopener noreferrer\"  aria-label=\"zum Produkt\"><span class='avia_iconbox_title' >zum Produkt<\/span><\/a><\/div><\/p>\n<\/div><\/section><br \/>\n\n<style type=\"text\/css\" data-created_by=\"avia_inline_auto\" id=\"style-css-av-24wfus8-d557e4f7dc517b70279b8f7ea6f3685a\">\n#top .hr.hr-invisible.av-24wfus8-d557e4f7dc517b70279b8f7ea6f3685a{\nheight:20px;\n}\n<\/style>\n<div  class='hr av-24wfus8-d557e4f7dc517b70279b8f7ea6f3685a hr-invisible  avia-builder-el-46  el_after_av_textblock  avia-builder-el-last '><span class='hr-inner '><span class=\"hr-inner-style\"><\/span><\/span><\/div><\/p><\/div>\n<div class='av-flex-placeholder'><\/div>\n<style type=\"text\/css\" data-created_by=\"avia_inline_auto\" id=\"style-css-av-1qiab08-d83f0671631bcc86cf508185a70c28ec\">\n.flex_column.av-1qiab08-d83f0671631bcc86cf508185a70c28ec{\nborder-width:1px;\nborder-color:#ebebeb;\nborder-style:solid;\nborder-radius:0px 0px 0px 0px;\npadding:10px 10px 10px 10px;\n}\n<\/style>\n<div  class='flex_column av-1qiab08-d83f0671631bcc86cf508185a70c28ec av_one_third  avia-builder-el-47  el_after_av_one_third  el_before_av_one_full  flex_column_table_cell av-equal-height-column av-align-top  column-top-margin'     ><p><section  class='av_textblock_section av-mf5hwedv-2abd0a1df66eb1834e3e36c9a918b89f '  ><div class='avia_textblock' ><p><img decoding=\"async\" class=\"alignnone wp-image-17307 \" src=\"https:\/\/blog.backwinkel.de\/wp-content\/uploads\/2025\/11\/66135-leo-2.jpg\" alt=\"\" width=\"877\" height=\"877\" srcset=\"https:\/\/www.backwinkel.de\/blog\/wp-content\/uploads\/2025\/11\/66135-leo-2.jpg 2048w, https:\/\/www.backwinkel.de\/blog\/wp-content\/uploads\/2025\/11\/66135-leo-2-1536x1536.jpg 1536w, https:\/\/www.backwinkel.de\/blog\/wp-content\/uploads\/2025\/11\/66135-leo-2-36x36.jpg 36w, https:\/\/www.backwinkel.de\/blog\/wp-content\/uploads\/2025\/11\/66135-leo-2-180x180.jpg 180w\" sizes=\"(max-width: 877px) 100vw, 877px\" \/><\/p>\n<p style=\"font-size: 20px; font-family: urw_grotesk_extra_narrowrg; text-align: left;\">EDURINO Figur Leo &#8220;Meine Gef\u00fchle&#8220;<\/p>\n<p style=\"text-align: left;\"><div  class='avia-button-wrap av-199wmns-fc4de760404134c83034488f11bbfea8-wrap avia-button-center  avia-builder-el-49  avia-builder-el-no-sibling '><a href='https:\/\/www.backwinkel.de\/prod\/edurino-figur-leo-meine-gefuehle.html'  class='avia-button av-199wmns-fc4de760404134c83034488f11bbfea8 av-link-btn avia-icon_select-no avia-size-medium avia-position-center avia-color-theme-color'  target=\"_blank\"  rel=\"noopener noreferrer\"  aria-label=\"zum Produkt\"><span class='avia_iconbox_title' >zum Produkt<\/span><\/a><\/div><\/p>\n<\/div><\/section><br \/>\n\n<style type=\"text\/css\" data-created_by=\"avia_inline_auto\" id=\"style-css-av-k7z2c8-af9709d704bd5fbf45ea3baacbea14b8\">\n#top .hr.hr-invisible.av-k7z2c8-af9709d704bd5fbf45ea3baacbea14b8{\nheight:20px;\n}\n<\/style>\n<div  class='hr av-k7z2c8-af9709d704bd5fbf45ea3baacbea14b8 hr-invisible  avia-builder-el-50  el_after_av_textblock  avia-builder-el-last '><span class='hr-inner '><span class=\"hr-inner-style\"><\/span><\/span><\/div><\/p><\/div><\/div><!--close column table wrapper. Autoclose: 1 -->\n\n<style type=\"text\/css\" data-created_by=\"avia_inline_auto\" id=\"style-css-av-1bxvnic-c2d0ba649d3598582792c9d7be25608d\">\n.flex_column.av-1bxvnic-c2d0ba649d3598582792c9d7be25608d{\nborder-radius:0px 0px 0px 0px;\npadding:10px 10px 10px 10px;\nbackground-color:#f2f2f2;\n}\n<\/style>\n<div  class='flex_column av-1bxvnic-c2d0ba649d3598582792c9d7be25608d av_one_full  avia-builder-el-51  el_after_av_one_third  el_before_av_one_full  first flex_column_div  column-top-margin'     ><section  class='av_textblock_section av-ozk50k-6367423cdefa49ec012f63dc048b052c '  ><div class='avia_textblock' ><p class=\"fussnoten-quellen\"><strong>Lesen Sie mehr<\/strong>:<\/p>\n<ul>\n<li>Berk, Susanne: Die besten Kinderb\u00fccher \u00fcber Depressionen 2025 (mit vielen weiteren Listen von B\u00fcchern zu spezifischen \u00c4ngsten, psychischen Erkrankungen und Emotionen):<br \/>\n<a href=\"https:\/\/kinderbuch-fee.de\/die-besten-kinderbuecher-zum-thema-depressionen\" target=\"_blank\" rel=\"noopener\">https:\/\/kinderbuch-fee.de\/die-besten-kinderbuecher-zum-thema-depressionen<\/a><\/li>\n<li>HR: Phil und das Traurigsein, 2017:<br \/>\n<a href=\"https:\/\/www.kika.de\/schau-in-meine-welt\/videos\/phil-und-das-traurigsein-112\" target=\"_blank\" rel=\"noopener\">https:\/\/www.kika.de\/schau-in-meine-welt\/videos\/phil-und-das-traurigsein-112<\/a><\/li>\n<li>Stiftung Deutsche Depressionshilfe und Suizidpr\u00e4vention: Depression im Kindes- und Jugendalter (mit vielen weiterf\u00fchrenden Links und Informationen):<br \/>\n<a href=\"https:\/\/www.deutsche-depressionshilfe.de\/depression-infos-und-hilfe\/depression-in-verschiedenen-facetten\/depression-im-kindes-und-jugendalter\" target=\"_blank\" rel=\"noopener\">https:\/\/www.deutsche-depressionshilfe.de\/depression-infos-und-hilfe\/depression-in-verschiedenen-facetten\/depression-im-kindes-und-jugendalter<\/a><\/li>\n<li>WDR \u2013 Die Sendung mit der Maus Spezial: Die unsichtbare Krankheit, 2018 (einf\u00fchlsame Folge, die Depressionen bei Kindern gut verst\u00e4ndlich erkl\u00e4rt):<br \/>\n<a href=\"https:\/\/www.wdrmaus.de\/extras\/mausthemen\/unsichtbare_krankheit\/index.php5\" target=\"_blank\" rel=\"noopener\">https:\/\/www.wdrmaus.de\/extras\/mausthemen\/unsichtbare_krankheit\/index.php5<\/a><\/li>\n<\/ul>\n<\/div><\/section><\/div>\n\n<style type=\"text\/css\" data-created_by=\"avia_inline_auto\" id=\"style-css-av-4a8f13-8282735e1a69d4252a8ab107757df204\">\n.flex_column.av-4a8f13-8282735e1a69d4252a8ab107757df204{\nborder-radius:0px 0px 0px 0px;\npadding:10px 10px 10px 10px;\n}\n<\/style>\n<div  class='flex_column av-4a8f13-8282735e1a69d4252a8ab107757df204 av_one_full  avia-builder-el-53  el_after_av_one_full  el_before_av_one_full  first flex_column_div  column-top-margin'     ><section  class='av_textblock_section av-2ibyo7-105f90c883c0b4406936f8076e5ba294 '  ><div class='avia_textblock' ><p class=\"copyright\"><strong>\u00a9 Copyright \u2013 Urheberrechtshinweis<\/strong><br \/>\nAlle Inhalte auf www.backwinkel.de sowie www.backwinkel.de\/blog, insbesondere Texte, Fotografien und Grafiken, sind urheberrechtlich gesch\u00fctzt.<br \/>\nDas Urheberrecht liegt, soweit nicht ausdr\u00fccklich anders gekennzeichnet, bei der BACKWINKEL GmbH. Bitte fragen Sie uns, falls Sie die Inhalte dieses Internetangebotes verwenden m\u00f6chten.<br \/>\nWer gegen das Urheberrecht verst\u00f6\u00dft (z. B. Bilder oder Texte unerlaubt kopiert), macht sich gem. \u00a7\u00a7 106 ff UrhG strafbar, wird zudem kostenpflichtig abgemahnt und muss Schadensersatz leisten (\u00a7 97 UrhG).<\/p>\n<\/div><\/section><\/div>\n\n<style type=\"text\/css\" data-created_by=\"avia_inline_auto\" id=\"style-css-av-1p82t-b0e9719fe6c67aa5c6d1abf813961e55\">\n.flex_column.av-1p82t-b0e9719fe6c67aa5c6d1abf813961e55{\nborder-radius:0px 0px 0px 0px;\npadding:0px 0px 0px 0px;\n}\n<\/style>\n<div  class='flex_column av-1p82t-b0e9719fe6c67aa5c6d1abf813961e55 av_one_full  avia-builder-el-55  el_after_av_one_full  avia-builder-el-last  first flex_column_div av-zero-column-padding  column-top-margin'     ><p><section  class='av_textblock_section av-jlp4hxqo-91baaad30cd61f89630d15f8561d1750 '  ><div class='avia_textblock' ><div class=\"shariff shariff-align-left shariff-widget-align-left\"><ul class=\"shariff-buttons theme-color orientation-horizontal buttonsize-medium\"><li class=\"shariff-button whatsapp shariff-nocustomcolor\" style=\"background-color:#5cbe4a\"><a href=\"https:\/\/api.whatsapp.com\/send?text=https%3A%2F%2Fwww.backwinkel.de%2Fblog%2Fdepressive-kinder%2F%20Depressive%20Kinder\" title=\"Bei Whatsapp teilen\" aria-label=\"Bei Whatsapp teilen\" role=\"button\" rel=\"noopener nofollow\" class=\"shariff-link\" style=\"; background-color:#34af23; color:#fff\" target=\"_blank\"><span class=\"shariff-icon\" style=\"\"><svg width=\"32px\" height=\"20px\" xmlns=\"http:\/\/www.w3.org\/2000\/svg\" viewBox=\"0 0 32 32\"><path fill=\"#34af23\" d=\"M17.6 17.4q0.2 0 1.7 0.8t1.6 0.9q0 0.1 0 0.3 0 0.6-0.3 1.4-0.3 0.7-1.3 1.2t-1.8 0.5q-1 0-3.4-1.1-1.7-0.8-3-2.1t-2.6-3.3q-1.3-1.9-1.3-3.5v-0.1q0.1-1.6 1.3-2.8 0.4-0.4 0.9-0.4 0.1 0 0.3 0t0.3 0q0.3 0 0.5 0.1t0.3 0.5q0.1 0.4 0.6 1.6t0.4 1.3q0 0.4-0.6 1t-0.6 0.8q0 0.1 0.1 0.3 0.6 1.3 1.8 2.4 1 0.9 2.7 1.8 0.2 0.1 0.4 0.1 0.3 0 1-0.9t0.9-0.9zM14 26.9q2.3 0 4.3-0.9t3.6-2.4 2.4-3.6 0.9-4.3-0.9-4.3-2.4-3.6-3.6-2.4-4.3-0.9-4.3 0.9-3.6 2.4-2.4 3.6-0.9 4.3q0 3.6 2.1 6.6l-1.4 4.2 4.3-1.4q2.8 1.9 6.2 1.9zM14 2.2q2.7 0 5.2 1.1t4.3 2.9 2.9 4.3 1.1 5.2-1.1 5.2-2.9 4.3-4.3 2.9-5.2 1.1q-3.5 0-6.5-1.7l-7.4 2.4 2.4-7.2q-1.9-3.2-1.9-6.9 0-2.7 1.1-5.2t2.9-4.3 4.3-2.9 5.2-1.1z\"\/><\/svg><\/span><span class=\"shariff-text\">teilen<\/span>&nbsp;<\/a><\/li><li class=\"shariff-button facebook shariff-nocustomcolor\" style=\"background-color:#4273c8\"><a href=\"https:\/\/www.facebook.com\/sharer\/sharer.php?u=https%3A%2F%2Fwww.backwinkel.de%2Fblog%2Fdepressive-kinder%2F\" title=\"Bei Facebook teilen\" aria-label=\"Bei Facebook teilen\" role=\"button\" rel=\"nofollow\" class=\"shariff-link\" style=\"; background-color:#3b5998; color:#fff\" target=\"_blank\"><span class=\"shariff-icon\" style=\"\"><svg width=\"32px\" height=\"20px\" xmlns=\"http:\/\/www.w3.org\/2000\/svg\" viewBox=\"0 0 18 32\"><path fill=\"#3b5998\" d=\"M17.1 0.2v4.7h-2.8q-1.5 0-2.1 0.6t-0.5 1.9v3.4h5.2l-0.7 5.3h-4.5v13.6h-5.5v-13.6h-4.5v-5.3h4.5v-3.9q0-3.3 1.9-5.2t5-1.8q2.6 0 4.1 0.2z\"\/><\/svg><\/span><span class=\"shariff-text\">teilen<\/span>&nbsp;<\/a><\/li><li class=\"shariff-button twitter shariff-nocustomcolor\" style=\"background-color:#595959\"><a href=\"https:\/\/twitter.com\/share?url=https%3A%2F%2Fwww.backwinkel.de%2Fblog%2Fdepressive-kinder%2F&text=Depressive%20Kinder\" title=\"Bei X teilen\" aria-label=\"Bei X teilen\" role=\"button\" rel=\"noopener nofollow\" class=\"shariff-link\" style=\"; background-color:#000; color:#fff\" target=\"_blank\"><span class=\"shariff-icon\" style=\"\"><svg width=\"32px\" height=\"20px\" xmlns=\"http:\/\/www.w3.org\/2000\/svg\" viewBox=\"0 0 24 24\"><path fill=\"#000\" d=\"M14.258 10.152L23.176 0h-2.113l-7.747 8.813L7.133 0H0l9.352 13.328L0 23.973h2.113l8.176-9.309 6.531 9.309h7.133zm-2.895 3.293l-.949-1.328L2.875 1.56h3.246l6.086 8.523.945 1.328 7.91 11.078h-3.246zm0 0\"\/><\/svg><\/span><span class=\"shariff-text\">teilen<\/span>&nbsp;<\/a><\/li><li class=\"shariff-button pinterest shariff-nocustomcolor\" style=\"background-color:#e70f18\"><a href=\"https:\/\/www.pinterest.com\/pin\/create\/link\/?url=https%3A%2F%2Fwww.backwinkel.de%2Fblog%2Fdepressive-kinder%2F&media=https%3A%2F%2Fwww.backwinkel.de%2Fblog%2Fwp-content%2Fuploads%2F2025%2F11%2F11_Kiga_Depressionen_bei_kindern_heroimage.jpg&description=Depressive%20Kinder\" title=\"Bei Pinterest pinnen\" aria-label=\"Bei Pinterest pinnen\" role=\"button\" rel=\"noopener nofollow\" class=\"shariff-link\" style=\"; background-color:#cb2027; color:#fff\" target=\"_blank\"><span class=\"shariff-icon\" style=\"\"><svg width=\"32px\" height=\"20px\" xmlns=\"http:\/\/www.w3.org\/2000\/svg\" viewBox=\"0 0 27 32\"><path fill=\"#cb2027\" d=\"M27.4 16q0 3.7-1.8 6.9t-5 5-6.9 1.9q-2 0-3.9-0.6 1.1-1.7 1.4-2.9 0.2-0.6 1-3.8 0.4 0.7 1.3 1.2t2 0.5q2.1 0 3.8-1.2t2.7-3.4 0.9-4.8q0-2-1.1-3.8t-3.1-2.9-4.5-1.2q-1.9 0-3.5 0.5t-2.8 1.4-2 2-1.2 2.3-0.4 2.4q0 1.9 0.7 3.3t2.1 2q0.5 0.2 0.7-0.4 0-0.1 0.1-0.5t0.2-0.5q0.1-0.4-0.2-0.8-0.9-1.1-0.9-2.7 0-2.7 1.9-4.6t4.9-2q2.7 0 4.2 1.5t1.5 3.8q0 3-1.2 5.2t-3.1 2.1q-1.1 0-1.7-0.8t-0.4-1.9q0.1-0.6 0.5-1.7t0.5-1.8 0.2-1.4q0-0.9-0.5-1.5t-1.4-0.6q-1.1 0-1.9 1t-0.8 2.6q0 1.3 0.4 2.2l-1.8 7.5q-0.3 1.2-0.2 3.2-3.7-1.6-6-5t-2.3-7.6q0-3.7 1.9-6.9t5-5 6.9-1.9 6.9 1.9 5 5 1.8 6.9z\"\/><\/svg><\/span><span class=\"shariff-text\">merken<\/span>&nbsp;<\/a><\/li><li class=\"shariff-button mailto shariff-nocustomcolor\" style=\"background-color:#a8a8a8\"><a href=\"mailto:?body=https%3A%2F%2Fwww.backwinkel.de%2Fblog%2Fdepressive-kinder%2F&subject=Depressive%20Kinder\" title=\"Per E-Mail versenden\" aria-label=\"Per E-Mail versenden\" role=\"button\" rel=\"noopener nofollow\" class=\"shariff-link\" style=\"; background-color:#999; color:#fff\"><span class=\"shariff-icon\" style=\"\"><svg width=\"32px\" height=\"20px\" xmlns=\"http:\/\/www.w3.org\/2000\/svg\" viewBox=\"0 0 32 32\"><path fill=\"#999\" d=\"M32 12.7v14.2q0 1.2-0.8 2t-2 0.9h-26.3q-1.2 0-2-0.9t-0.8-2v-14.2q0.8 0.9 1.8 1.6 6.5 4.4 8.9 6.1 1 0.8 1.6 1.2t1.7 0.9 2 0.4h0.1q0.9 0 2-0.4t1.7-0.9 1.6-1.2q3-2.2 8.9-6.1 1-0.7 1.8-1.6zM32 7.4q0 1.4-0.9 2.7t-2.2 2.2q-6.7 4.7-8.4 5.8-0.2 0.1-0.7 0.5t-1 0.7-0.9 0.6-1.1 0.5-0.9 0.2h-0.1q-0.4 0-0.9-0.2t-1.1-0.5-0.9-0.6-1-0.7-0.7-0.5q-1.6-1.1-4.7-3.2t-3.6-2.6q-1.1-0.7-2.1-2t-1-2.5q0-1.4 0.7-2.3t2.1-0.9h26.3q1.2 0 2 0.8t0.9 2z\"\/><\/svg><\/span><span class=\"shariff-text\">E-Mail<\/span>&nbsp;<\/a><\/li><\/ul><\/div>\n<\/div><\/section><br \/>\n<div  class='tabcontainer av-jlq8shhr-81242121e684ca07ed7e4b689c7d9116 top_tab  avia-builder-el-57  el_after_av_textblock  el_before_av_hr '>\n<section class='av_tab_section av_tab_section av-4w8jsn-bbdf9e923dedb1db49ad7c5dc47ef632' ><div id='tab-id-1-tab' class='tab active_tab' role='tab' aria-selected=\"true\" tabindex=\"0\" data-fake-id='#tab-id-1' aria-controls='tab-id-1-content' >Das BACKWINKEL-Blog-Team:<\/div><div id='tab-id-1-content' class='tab_content active_tab_content' role='tabpanel' aria-labelledby='tab-id-1-tab' aria-hidden=\"false\"><div class='tab_inner_content invers-color' ><p>Gibts auch ein Gesicht hinter dem BACKWINKEL-Blog? Nat\u00fcrlich. Sogar f\u00fcnf \ud83d\ude0a. Wir \u2013 Lukas, Marvin und Tatjana \u2013 bespielen unseren Blog im LACHEN LEBEN LERNEN-Firmensitz in Hattingen.<br \/>\nLukas kennt Onlinemarketing wie seine Westentasche, w\u00e4hrend Marvin unseren Beitr\u00e4gen den passenden gestalterischen Rahmen gibt und Tatjana mit dem gr\u00fcnen Korrekturstift alles pr\u00fcfend be\u00e4ugt, was unsere Freelancerautorinnen Elisa und Christine (und gern auch Gastautoren) aus der Ferne f\u00fcr den BACKWINKEL-Blog nach ordentlicher Recherche schreiben.<br \/>\nGemeinsam suchen wir st\u00e4ndig nach neuen, aufregenden Themen rund um das Thema Bildung im Kiga, der Schule und zu Hause. Und weil Sie da an der Quelle sitzen, freuen wir uns auf Ihre konstruktiven R\u00fcckmeldungen und Anregungen an blog[@]backwinkel.de<br \/>\nViel Spa\u00df beim LACHEN LESEN LERNEN!<\/p>\n<\/div><\/div><\/section>\n<\/div><br \/>\n\n<style type=\"text\/css\" data-created_by=\"avia_inline_auto\" id=\"style-css-av-jkuvdh82-b6ea5d9aca5d02d0d62bf300de93e492\">\n#top .hr.av-jkuvdh82-b6ea5d9aca5d02d0d62bf300de93e492{\nmargin-top:10px;\nmargin-bottom:10px;\n}\n.hr.av-jkuvdh82-b6ea5d9aca5d02d0d62bf300de93e492 .hr-inner{\nwidth:500;\n}\n<\/style>\n<div  class='hr av-jkuvdh82-b6ea5d9aca5d02d0d62bf300de93e492 hr-custom  avia-builder-el-58  el_after_av_tab_container  el_before_av_heading  hr-left hr-icon-no'><span class='hr-inner inner-border-av-border-thin'><span class=\"hr-inner-style\"><\/span><\/span><\/div><br \/>\n\n<style type=\"text\/css\" data-created_by=\"avia_inline_auto\" id=\"style-css-av-2rgq8p-eea5960d1a3bca7958b11dcc59b35b67\">\n#top .av-special-heading.av-2rgq8p-eea5960d1a3bca7958b11dcc59b35b67{\npadding-bottom:10px;\n}\nbody .av-special-heading.av-2rgq8p-eea5960d1a3bca7958b11dcc59b35b67 .av-special-heading-tag .heading-char{\nfont-size:25px;\n}\n.av-special-heading.av-2rgq8p-eea5960d1a3bca7958b11dcc59b35b67 .av-subheading{\nfont-size:15px;\n}\n<\/style>\n<div  class='av-special-heading av-2rgq8p-eea5960d1a3bca7958b11dcc59b35b67 av-special-heading-h3 blockquote modern-quote  avia-builder-el-59  el_after_av_hr  el_before_av_blog '><h3 class='av-special-heading-tag '  >PASSENDE BEITR\u00c4GE<\/h3><div class=\"special-heading-border\"><div class=\"special-heading-inner-border\"><\/div><\/div><\/div><br \/>\n<div  data-slideshow-options=\"{&quot;animation&quot;:&quot;fade&quot;,&quot;autoplay&quot;:false,&quot;loop_autoplay&quot;:&quot;once&quot;,&quot;interval&quot;:5,&quot;loop_manual&quot;:&quot;manual-endless&quot;,&quot;autoplay_stopper&quot;:false,&quot;noNavigation&quot;:false,&quot;show_slide_delay&quot;:90}\" class='avia-content-slider avia-content-grid-active avia-content-slider1 avia-content-slider-odd  avia-builder-el-60  el_after_av_heading  avia-builder-el-last  av-slideshow-ui av-control-default   av-no-slider-navigation av-slideshow-manual av-loop-once av-loop-manual-endless ' ><div class=\"avia-content-slider-inner\"><div class=\"slide-entry-wrap\"><article class='slide-entry flex_column  post-entry post-entry-14404 slide-entry-overview slide-loop-1 slide-parity-odd  av_one_third first real-thumbnail posttype-post post-format-standard' ><a href='https:\/\/www.backwinkel.de\/blog\/europa-und-wir\/' data-rel='slide-1' class='slide-image' title='Europa und wir'><img decoding=\"async\" fetchpriority=\"high\" width=\"1200\" height=\"628\" src=\"https:\/\/www.backwinkel.de\/blog\/wp-content\/uploads\/2024\/07\/Europa-heroimage.jpg\" class=\"wp-image-14445 avia-img-lazy-loading-not-14445 attachment-no scaling size-no scaling wp-post-image\" alt=\"\" \/><\/a><div class=\"slide-content\"><header class=\"entry-content-header\" aria-label=\"Slide: Europa und wir\"><h3 class='slide-entry-title entry-title ' ><a href='https:\/\/www.backwinkel.de\/blog\/europa-und-wir\/' title='Europa und wir'>Europa und wir<\/a><\/h3><span class=\"blog-categories minor-meta\"><a href=\"https:\/\/www.backwinkel.de\/blog\/category\/demokratie-beitrag-bvk\/\" rel=\"tag\">Demokratie Beitrag BVK<\/a>, <a href=\"https:\/\/www.backwinkel.de\/blog\/category\/schule-grundschule\/\" rel=\"tag\">Schule<\/a> <\/span><span class=\"av-vertical-delimiter\"><\/span><\/header><div class='slide-entry-excerpt entry-content' >Wer sind eigentlich unsere Nachbarn? Eine Projektidee<\/div><\/div><footer class=\"entry-footer\"><div class=\"slide-meta\"><time class='slide-meta-time updated' >9. Juli 2024<\/time><\/div><\/footer><\/article><article class='slide-entry flex_column  post-entry post-entry-13939 slide-entry-overview slide-loop-2 slide-parity-even  av_one_third  real-thumbnail posttype-post post-format-standard' ><a href='https:\/\/www.backwinkel.de\/blog\/startchancen-programm\/' data-rel='slide-1' class='slide-image' title='Startchancen-Programm'><img decoding=\"async\" fetchpriority=\"high\" width=\"1200\" height=\"628\" src=\"https:\/\/www.backwinkel.de\/blog\/wp-content\/uploads\/2024\/05\/Startchancen-programm_Hero_2024_kor.jpg\" class=\"wp-image-14520 avia-img-lazy-loading-not-14520 attachment-no scaling size-no scaling wp-post-image\" alt=\"\" \/><\/a><div class=\"slide-content\"><header class=\"entry-content-header\" aria-label=\"Slide: Startchancen-Programm\"><h3 class='slide-entry-title entry-title ' ><a href='https:\/\/www.backwinkel.de\/blog\/startchancen-programm\/' title='Startchancen-Programm'>Startchancen-Programm<\/a><\/h3><span class=\"blog-categories minor-meta\"><a href=\"https:\/\/www.backwinkel.de\/blog\/category\/demokratie-beitrag-bvk\/\" rel=\"tag\">Demokratie Beitrag BVK<\/a>, <a href=\"https:\/\/www.backwinkel.de\/blog\/category\/schule-grundschule\/\" rel=\"tag\">Schule<\/a> <\/span><span class=\"av-vertical-delimiter\"><\/span><\/header><div class='slide-entry-excerpt entry-content' >Jetzt gehts los!<\/div><\/div><footer class=\"entry-footer\"><div class=\"slide-meta\"><time class='slide-meta-time updated' >29. Mai 2024<\/time><\/div><\/footer><\/article><article class='slide-entry flex_column  post-entry post-entry-7255 slide-entry-overview slide-loop-3 slide-parity-odd  post-entry-last  av_one_third  real-thumbnail posttype-post post-format-standard' ><a href='https:\/\/www.backwinkel.de\/blog\/demokratiebildung\/' data-rel='slide-1' class='slide-image' title='Miteinander lernen:'><img decoding=\"async\" fetchpriority=\"high\" width=\"1200\" height=\"628\" src=\"https:\/\/www.backwinkel.de\/blog\/wp-content\/uploads\/2021\/05\/backwinkel-blog-demokratiebildung-schule-heroimage.jpg\" class=\"wp-image-7258 avia-img-lazy-loading-not-7258 attachment-no scaling size-no scaling wp-post-image\" alt=\"\" \/><\/a><div class=\"slide-content\"><header class=\"entry-content-header\" aria-label=\"Slide: Miteinander lernen:\"><h3 class='slide-entry-title entry-title ' ><a href='https:\/\/www.backwinkel.de\/blog\/demokratiebildung\/' title='Miteinander lernen:'>Miteinander lernen:<\/a><\/h3><span class=\"blog-categories minor-meta\"><a href=\"https:\/\/www.backwinkel.de\/blog\/category\/demokratie-beitrag-bvk\/\" rel=\"tag\">Demokratie Beitrag BVK<\/a>, <a href=\"https:\/\/www.backwinkel.de\/blog\/category\/schule-grundschule\/\" rel=\"tag\">Schule<\/a> <\/span><span class=\"av-vertical-delimiter\"><\/span><\/header><div class='slide-entry-excerpt entry-content' >So geht Demokratiebildung in der Grundschule<\/div><\/div><footer class=\"entry-footer\"><div class=\"slide-meta\"><time class='slide-meta-time updated' >7. Juni 2021<\/time><\/div><\/footer><\/article><\/div><\/div><\/div><\/p><\/div>\n","protected":false},"excerpt":{"rendered":"<p>Symptome erkennen und handeln <\/p>\n","protected":false},"author":1,"featured_media":17286,"comment_status":"closed","ping_status":"closed","sticky":false,"template":"","format":"standard","meta":{"inline_featured_image":false,"footnotes":""},"categories":[5],"tags":[],"class_list":["post-17242","post","type-post","status-publish","format-standard","has-post-thumbnail","hentry","category-kindergarten-kita"],"yoast_head":"<!-- This site is optimized with the Yoast SEO plugin v27.4 - https:\/\/yoast.com\/product\/yoast-seo-wordpress\/ -->\n<title>Depression bei Kindern \u2013 BACKWINKEL<\/title>\n<meta name=\"description\" content=\"Welche Symptome auf eine Depression bei Kindern hinweisen und wie Sie Betroffenen am besten helfen, ihr Lachen wiederzufinden \u00bb Jetzt lesen\" \/>\n<meta name=\"robots\" content=\"index, follow, max-snippet:-1, max-image-preview:large, max-video-preview:-1\" \/>\n<link rel=\"canonical\" href=\"https:\/\/www.backwinkel.de\/blog\/depressive-kinder\/\" \/>\n<meta property=\"og:locale\" content=\"de_DE\" \/>\n<meta property=\"og:type\" content=\"article\" \/>\n<meta property=\"og:title\" content=\"Depression bei Kindern \u2013 BACKWINKEL\" \/>\n<meta property=\"og:description\" content=\"Welche Symptome auf eine Depression bei Kindern hinweisen und wie Sie Betroffenen am besten helfen, ihr Lachen wiederzufinden \u00bb Jetzt lesen\" \/>\n<meta property=\"og:url\" content=\"https:\/\/www.backwinkel.de\/blog\/depressive-kinder\/\" \/>\n<meta property=\"og:site_name\" content=\"BACKWINKEL Blog\" \/>\n<meta property=\"article:published_time\" content=\"2025-11-10T08:15:05+00:00\" \/>\n<meta property=\"article:modified_time\" content=\"2026-04-22T07:01:34+00:00\" \/>\n<meta property=\"og:image\" content=\"https:\/\/www.backwinkel.de\/blog\/wp-content\/uploads\/2025\/11\/11_Kiga_Depressionen_bei_kindern_heroimage.jpg\" \/>\n\t<meta property=\"og:image:width\" content=\"1200\" \/>\n\t<meta property=\"og:image:height\" content=\"628\" \/>\n\t<meta property=\"og:image:type\" content=\"image\/jpeg\" \/>\n<meta name=\"author\" content=\"admin_backwinkel\" \/>\n<meta name=\"twitter:card\" content=\"summary_large_image\" \/>\n<meta name=\"twitter:label1\" content=\"Verfasst von\" \/>\n\t<meta name=\"twitter:data1\" content=\"admin_backwinkel\" \/>\n\t<meta name=\"twitter:label2\" content=\"Gesch\u00e4tzte Lesezeit\" \/>\n\t<meta name=\"twitter:data2\" content=\"14\u00a0Minuten\" \/>\n<script type=\"application\/ld+json\" class=\"yoast-schema-graph\">{\"@context\":\"https:\\\/\\\/schema.org\",\"@graph\":[{\"@type\":\"Article\",\"@id\":\"https:\\\/\\\/www.backwinkel.de\\\/blog\\\/depressive-kinder\\\/#article\",\"isPartOf\":{\"@id\":\"https:\\\/\\\/www.backwinkel.de\\\/blog\\\/depressive-kinder\\\/\"},\"author\":{\"name\":\"admin_backwinkel\",\"@id\":\"https:\\\/\\\/www.backwinkel.de\\\/blog\\\/#\\\/schema\\\/person\\\/88b842297c0e471020a66f4476633cf2\"},\"headline\":\"Depressive Kinder\",\"datePublished\":\"2025-11-10T08:15:05+00:00\",\"dateModified\":\"2026-04-22T07:01:34+00:00\",\"mainEntityOfPage\":{\"@id\":\"https:\\\/\\\/www.backwinkel.de\\\/blog\\\/depressive-kinder\\\/\"},\"wordCount\":9112,\"image\":{\"@id\":\"https:\\\/\\\/www.backwinkel.de\\\/blog\\\/depressive-kinder\\\/#primaryimage\"},\"thumbnailUrl\":\"https:\\\/\\\/www.backwinkel.de\\\/blog\\\/wp-content\\\/uploads\\\/2025\\\/11\\\/11_Kiga_Depressionen_bei_kindern_heroimage.jpg\",\"articleSection\":[\"Kindergarten\"],\"inLanguage\":\"de\"},{\"@type\":\"WebPage\",\"@id\":\"https:\\\/\\\/www.backwinkel.de\\\/blog\\\/depressive-kinder\\\/\",\"url\":\"https:\\\/\\\/www.backwinkel.de\\\/blog\\\/depressive-kinder\\\/\",\"name\":\"Depression bei Kindern \u2013 BACKWINKEL\",\"isPartOf\":{\"@id\":\"https:\\\/\\\/www.backwinkel.de\\\/blog\\\/#website\"},\"primaryImageOfPage\":{\"@id\":\"https:\\\/\\\/www.backwinkel.de\\\/blog\\\/depressive-kinder\\\/#primaryimage\"},\"image\":{\"@id\":\"https:\\\/\\\/www.backwinkel.de\\\/blog\\\/depressive-kinder\\\/#primaryimage\"},\"thumbnailUrl\":\"https:\\\/\\\/www.backwinkel.de\\\/blog\\\/wp-content\\\/uploads\\\/2025\\\/11\\\/11_Kiga_Depressionen_bei_kindern_heroimage.jpg\",\"datePublished\":\"2025-11-10T08:15:05+00:00\",\"dateModified\":\"2026-04-22T07:01:34+00:00\",\"author\":{\"@id\":\"https:\\\/\\\/www.backwinkel.de\\\/blog\\\/#\\\/schema\\\/person\\\/88b842297c0e471020a66f4476633cf2\"},\"description\":\"Welche Symptome auf eine Depression bei Kindern hinweisen und wie Sie Betroffenen am besten helfen, ihr Lachen wiederzufinden \u00bb Jetzt lesen\",\"breadcrumb\":{\"@id\":\"https:\\\/\\\/www.backwinkel.de\\\/blog\\\/depressive-kinder\\\/#breadcrumb\"},\"inLanguage\":\"de\",\"potentialAction\":[{\"@type\":\"ReadAction\",\"target\":[\"https:\\\/\\\/www.backwinkel.de\\\/blog\\\/depressive-kinder\\\/\"]}]},{\"@type\":\"ImageObject\",\"inLanguage\":\"de\",\"@id\":\"https:\\\/\\\/www.backwinkel.de\\\/blog\\\/depressive-kinder\\\/#primaryimage\",\"url\":\"https:\\\/\\\/www.backwinkel.de\\\/blog\\\/wp-content\\\/uploads\\\/2025\\\/11\\\/11_Kiga_Depressionen_bei_kindern_heroimage.jpg\",\"contentUrl\":\"https:\\\/\\\/www.backwinkel.de\\\/blog\\\/wp-content\\\/uploads\\\/2025\\\/11\\\/11_Kiga_Depressionen_bei_kindern_heroimage.jpg\",\"width\":1200,\"height\":628},{\"@type\":\"BreadcrumbList\",\"@id\":\"https:\\\/\\\/www.backwinkel.de\\\/blog\\\/depressive-kinder\\\/#breadcrumb\",\"itemListElement\":[{\"@type\":\"ListItem\",\"position\":1,\"name\":\"Startseite\",\"item\":\"https:\\\/\\\/blog.backwinkel.de\\\/aktuelles\\\/\"},{\"@type\":\"ListItem\",\"position\":2,\"name\":\"Depressive Kinder\"}]},{\"@type\":\"WebSite\",\"@id\":\"https:\\\/\\\/www.backwinkel.de\\\/blog\\\/#website\",\"url\":\"https:\\\/\\\/www.backwinkel.de\\\/blog\\\/\",\"name\":\"BACKWINKEL Blog\",\"description\":\"f\u00fcr Lehrer, Erzieher und Eltern\",\"potentialAction\":[{\"@type\":\"SearchAction\",\"target\":{\"@type\":\"EntryPoint\",\"urlTemplate\":\"https:\\\/\\\/www.backwinkel.de\\\/blog\\\/?s={search_term_string}\"},\"query-input\":{\"@type\":\"PropertyValueSpecification\",\"valueRequired\":true,\"valueName\":\"search_term_string\"}}],\"inLanguage\":\"de\"},{\"@type\":\"Person\",\"@id\":\"https:\\\/\\\/www.backwinkel.de\\\/blog\\\/#\\\/schema\\\/person\\\/88b842297c0e471020a66f4476633cf2\",\"name\":\"admin_backwinkel\",\"url\":\"https:\\\/\\\/www.backwinkel.de\\\/blog\\\/author\\\/admin_backwinkel\\\/\"}]}<\/script>\n<!-- \/ Yoast SEO plugin. -->","yoast_head_json":{"title":"Depression bei Kindern \u2013 BACKWINKEL","description":"Welche Symptome auf eine Depression bei Kindern hinweisen und wie Sie Betroffenen am besten helfen, ihr Lachen wiederzufinden \u00bb Jetzt lesen","robots":{"index":"index","follow":"follow","max-snippet":"max-snippet:-1","max-image-preview":"max-image-preview:large","max-video-preview":"max-video-preview:-1"},"canonical":"https:\/\/www.backwinkel.de\/blog\/depressive-kinder\/","og_locale":"de_DE","og_type":"article","og_title":"Depression bei Kindern \u2013 BACKWINKEL","og_description":"Welche Symptome auf eine Depression bei Kindern hinweisen und wie Sie Betroffenen am besten helfen, ihr Lachen wiederzufinden \u00bb Jetzt lesen","og_url":"https:\/\/www.backwinkel.de\/blog\/depressive-kinder\/","og_site_name":"BACKWINKEL Blog","article_published_time":"2025-11-10T08:15:05+00:00","article_modified_time":"2026-04-22T07:01:34+00:00","og_image":[{"width":1200,"height":628,"url":"https:\/\/www.backwinkel.de\/blog\/wp-content\/uploads\/2025\/11\/11_Kiga_Depressionen_bei_kindern_heroimage.jpg","type":"image\/jpeg"}],"author":"admin_backwinkel","twitter_card":"summary_large_image","twitter_misc":{"Verfasst von":"admin_backwinkel","Gesch\u00e4tzte Lesezeit":"14\u00a0Minuten"},"schema":{"@context":"https:\/\/schema.org","@graph":[{"@type":"Article","@id":"https:\/\/www.backwinkel.de\/blog\/depressive-kinder\/#article","isPartOf":{"@id":"https:\/\/www.backwinkel.de\/blog\/depressive-kinder\/"},"author":{"name":"admin_backwinkel","@id":"https:\/\/www.backwinkel.de\/blog\/#\/schema\/person\/88b842297c0e471020a66f4476633cf2"},"headline":"Depressive Kinder","datePublished":"2025-11-10T08:15:05+00:00","dateModified":"2026-04-22T07:01:34+00:00","mainEntityOfPage":{"@id":"https:\/\/www.backwinkel.de\/blog\/depressive-kinder\/"},"wordCount":9112,"image":{"@id":"https:\/\/www.backwinkel.de\/blog\/depressive-kinder\/#primaryimage"},"thumbnailUrl":"https:\/\/www.backwinkel.de\/blog\/wp-content\/uploads\/2025\/11\/11_Kiga_Depressionen_bei_kindern_heroimage.jpg","articleSection":["Kindergarten"],"inLanguage":"de"},{"@type":"WebPage","@id":"https:\/\/www.backwinkel.de\/blog\/depressive-kinder\/","url":"https:\/\/www.backwinkel.de\/blog\/depressive-kinder\/","name":"Depression bei Kindern \u2013 BACKWINKEL","isPartOf":{"@id":"https:\/\/www.backwinkel.de\/blog\/#website"},"primaryImageOfPage":{"@id":"https:\/\/www.backwinkel.de\/blog\/depressive-kinder\/#primaryimage"},"image":{"@id":"https:\/\/www.backwinkel.de\/blog\/depressive-kinder\/#primaryimage"},"thumbnailUrl":"https:\/\/www.backwinkel.de\/blog\/wp-content\/uploads\/2025\/11\/11_Kiga_Depressionen_bei_kindern_heroimage.jpg","datePublished":"2025-11-10T08:15:05+00:00","dateModified":"2026-04-22T07:01:34+00:00","author":{"@id":"https:\/\/www.backwinkel.de\/blog\/#\/schema\/person\/88b842297c0e471020a66f4476633cf2"},"description":"Welche Symptome auf eine Depression bei Kindern hinweisen und wie Sie Betroffenen am besten helfen, ihr Lachen wiederzufinden \u00bb Jetzt lesen","breadcrumb":{"@id":"https:\/\/www.backwinkel.de\/blog\/depressive-kinder\/#breadcrumb"},"inLanguage":"de","potentialAction":[{"@type":"ReadAction","target":["https:\/\/www.backwinkel.de\/blog\/depressive-kinder\/"]}]},{"@type":"ImageObject","inLanguage":"de","@id":"https:\/\/www.backwinkel.de\/blog\/depressive-kinder\/#primaryimage","url":"https:\/\/www.backwinkel.de\/blog\/wp-content\/uploads\/2025\/11\/11_Kiga_Depressionen_bei_kindern_heroimage.jpg","contentUrl":"https:\/\/www.backwinkel.de\/blog\/wp-content\/uploads\/2025\/11\/11_Kiga_Depressionen_bei_kindern_heroimage.jpg","width":1200,"height":628},{"@type":"BreadcrumbList","@id":"https:\/\/www.backwinkel.de\/blog\/depressive-kinder\/#breadcrumb","itemListElement":[{"@type":"ListItem","position":1,"name":"Startseite","item":"https:\/\/blog.backwinkel.de\/aktuelles\/"},{"@type":"ListItem","position":2,"name":"Depressive Kinder"}]},{"@type":"WebSite","@id":"https:\/\/www.backwinkel.de\/blog\/#website","url":"https:\/\/www.backwinkel.de\/blog\/","name":"BACKWINKEL Blog","description":"f\u00fcr Lehrer, Erzieher und Eltern","potentialAction":[{"@type":"SearchAction","target":{"@type":"EntryPoint","urlTemplate":"https:\/\/www.backwinkel.de\/blog\/?s={search_term_string}"},"query-input":{"@type":"PropertyValueSpecification","valueRequired":true,"valueName":"search_term_string"}}],"inLanguage":"de"},{"@type":"Person","@id":"https:\/\/www.backwinkel.de\/blog\/#\/schema\/person\/88b842297c0e471020a66f4476633cf2","name":"admin_backwinkel","url":"https:\/\/www.backwinkel.de\/blog\/author\/admin_backwinkel\/"}]}},"_links":{"self":[{"href":"https:\/\/www.backwinkel.de\/blog\/wp-json\/wp\/v2\/posts\/17242","targetHints":{"allow":["GET"]}}],"collection":[{"href":"https:\/\/www.backwinkel.de\/blog\/wp-json\/wp\/v2\/posts"}],"about":[{"href":"https:\/\/www.backwinkel.de\/blog\/wp-json\/wp\/v2\/types\/post"}],"author":[{"embeddable":true,"href":"https:\/\/www.backwinkel.de\/blog\/wp-json\/wp\/v2\/users\/1"}],"replies":[{"embeddable":true,"href":"https:\/\/www.backwinkel.de\/blog\/wp-json\/wp\/v2\/comments?post=17242"}],"version-history":[{"count":23,"href":"https:\/\/www.backwinkel.de\/blog\/wp-json\/wp\/v2\/posts\/17242\/revisions"}],"predecessor-version":[{"id":18840,"href":"https:\/\/www.backwinkel.de\/blog\/wp-json\/wp\/v2\/posts\/17242\/revisions\/18840"}],"wp:featuredmedia":[{"embeddable":true,"href":"https:\/\/www.backwinkel.de\/blog\/wp-json\/wp\/v2\/media\/17286"}],"wp:attachment":[{"href":"https:\/\/www.backwinkel.de\/blog\/wp-json\/wp\/v2\/media?parent=17242"}],"wp:term":[{"taxonomy":"category","embeddable":true,"href":"https:\/\/www.backwinkel.de\/blog\/wp-json\/wp\/v2\/categories?post=17242"},{"taxonomy":"post_tag","embeddable":true,"href":"https:\/\/www.backwinkel.de\/blog\/wp-json\/wp\/v2\/tags?post=17242"}],"curies":[{"name":"wp","href":"https:\/\/api.w.org\/{rel}","templated":true}]}}