{"id":17048,"date":"2025-10-06T09:13:17","date_gmt":"2025-10-06T07:13:17","guid":{"rendered":"https:\/\/www.backwinkel.de\/blog\/?p=17048"},"modified":"2026-04-22T08:58:18","modified_gmt":"2026-04-22T06:58:18","slug":"kinderkonferenz","status":"publish","type":"post","link":"https:\/\/www.backwinkel.de\/blog\/kinderkonferenz\/","title":{"rendered":"Kinderkonferenz, Kinderrat, Kinderparlament"},"content":{"rendered":"\n<style type=\"text\/css\" data-created_by=\"avia_inline_auto\" id=\"style-css-av-8vdv8-f7e0dae999cc49bc529a70f67b346526\">\n.flex_column.av-8vdv8-f7e0dae999cc49bc529a70f67b346526{\nborder-radius:0px 0px 0px 0px;\npadding:0px 0px 0px 0px;\n}\n<\/style>\n<div  class='flex_column av-8vdv8-f7e0dae999cc49bc529a70f67b346526 av_one_full  avia-builder-el-0  el_before_av_three_fifth  avia-builder-el-first  first flex_column_div av-zero-column-padding  '     ><p>\n<style type=\"text\/css\" data-created_by=\"avia_inline_auto\" id=\"style-css-av-jl6mo8rj-605eccf9df0dce9c3ffb6a57636da99d\">\n#top .hr.hr-invisible.av-jl6mo8rj-605eccf9df0dce9c3ffb6a57636da99d{\nmargin-top:0px;\nheight:1px;\n}\n<\/style>\n<div  class='hr av-jl6mo8rj-605eccf9df0dce9c3ffb6a57636da99d hr-invisible  avia-builder-el-1  el_before_av_heading  avia-builder-el-first '><span class='hr-inner '><span class=\"hr-inner-style\"><\/span><\/span><\/div><br \/>\n\n<style type=\"text\/css\" data-created_by=\"avia_inline_auto\" id=\"style-css-av-27gdg7-f522535f0fb1225760292e9f1543e661\">\n#top .av-special-heading.av-27gdg7-f522535f0fb1225760292e9f1543e661{\npadding-bottom:10px;\n}\nbody .av-special-heading.av-27gdg7-f522535f0fb1225760292e9f1543e661 .av-special-heading-tag .heading-char{\nfont-size:25px;\n}\n.av-special-heading.av-27gdg7-f522535f0fb1225760292e9f1543e661 .av-subheading{\nfont-size:15px;\n}\n<\/style>\n<div  class='av-special-heading av-27gdg7-f522535f0fb1225760292e9f1543e661 av-special-heading-h1 blockquote modern-quote  avia-builder-el-2  el_after_av_hr  el_before_av_post_metadata  av-linked-heading'><h1 class='av-special-heading-tag '  >Kinderkonferenz, Kinderrat, Kinderparlament \u2013 Demokratie zum Mitmachen<\/h1><div class='av-subheading av-subheading_below'><p class=\"autorenname\">Elisa Morel<\/p>\n<\/div><div class=\"special-heading-border\"><div class=\"special-heading-inner-border\"><\/div><\/div><\/div><br \/>\n\n<style type=\"text\/css\" data-created_by=\"avia_inline_auto\" id=\"style-css-av-z31bvc-88b17bd897d1db89ae7fa54fdd650e70\">\n#top .av-post-metadata-container.av-z31bvc-88b17bd897d1db89ae7fa54fdd650e70{\nfont-size:12px;\n}\n#top .av-post-metadata-container.av-z31bvc-88b17bd897d1db89ae7fa54fdd650e70 .av-post-metadata-container-inner{\nfont-size:12px;\n}\n<\/style>\n<div  class='av-post-metadata-container av-z31bvc-88b17bd897d1db89ae7fa54fdd650e70 av-metadata-container-align-left  avia-builder-el-3  el_after_av_heading  el_before_av_textblock  av-metadata-container-1'><div class='av-post-metadata-container-inner'><span class=\"av-post-metadata-content av-post-metadata-meta-content\"><span class=\"av-post-metadata-content av-post-metadata-modified\"><span class=\"av-metadata-before av-metadata-before-modified\">Aktualisiert:<\/span><span class=\"av-post-metadata-modified-date\" >22. April 2026<\/span><\/span><\/span><\/div><\/div><br \/>\n\n<style type=\"text\/css\" data-created_by=\"avia_inline_auto\" id=\"style-css-av-jkuubohz-7d2014c5f7ce8ae870a85f20ec3491b3\">\n#top .av_textblock_section.av-jkuubohz-7d2014c5f7ce8ae870a85f20ec3491b3 .avia_textblock{\nfont-size:20px;\n}\n<\/style>\n<section  class='av_textblock_section av-jkuubohz-7d2014c5f7ce8ae870a85f20ec3491b3 '  ><div class='avia_textblock' ><p>Demokratiebildung und Partizipation geh\u00f6ren wahrscheinlich auch in Ihrer Kita schon lange zum Alltag. Und das ist auch gut so, denn Demokratie geht schon die Kleinsten an und muss geu\u0308bt werden, damit sie gelingt.<\/p>\n<p>Kindergremien sind ideale Instrumente fu\u0308r die Demokratiebildung, weil die Kinder im Kleinen erproben k\u00f6nnen, wie ein harmonisches Miteinander durch eigenes Bemu\u0308hen gelingt \u2013 auch wenn der Weg dorthin bestimmt nicht immer einfach ist.<\/p>\n<\/div><\/section><br \/>\n\n<style type=\"text\/css\" data-created_by=\"avia_inline_auto\" id=\"style-css-av-jkuuo5h6-cfad7f44d1e4450469c79f26076c4dd2\">\n.avia-image-container.av-jkuuo5h6-cfad7f44d1e4450469c79f26076c4dd2 img.avia_image{\nbox-shadow:none;\n}\n.avia-image-container.av-jkuuo5h6-cfad7f44d1e4450469c79f26076c4dd2 .av-image-caption-overlay-center{\ncolor:#ffffff;\n}\n<\/style>\n<div  class='avia-image-container av-jkuuo5h6-cfad7f44d1e4450469c79f26076c4dd2 av-styling- avia-align-center  avia-builder-el-5  el_after_av_textblock  el_before_av_hr '  ><div class=\"avia-image-container-inner\"><div class=\"avia-image-overlay-wrap\"><img decoding=\"async\" fetchpriority=\"high\" class='wp-image-17065 avia-img-lazy-loading-not-17065 avia_image ' src=\"https:\/\/www.backwinkel.de\/blog\/wp-content\/uploads\/2025\/09\/10_Kiga_Kinderparlament_heroimage.jpg\" alt='' title='10_Kiga_Kinderparlament_heroimage'  height=\"628\" width=\"1200\"  \/><\/div><\/div><\/div><br \/>\n\n<style type=\"text\/css\" data-created_by=\"avia_inline_auto\" id=\"style-css-av-jl6mo8rj-22-7487f0754a981739ab003e89aabaa170\">\n#top .hr.hr-invisible.av-jl6mo8rj-22-7487f0754a981739ab003e89aabaa170{\nheight:5px;\n}\n<\/style>\n<div  class='hr av-jl6mo8rj-22-7487f0754a981739ab003e89aabaa170 hr-invisible  avia-builder-el-6  el_after_av_image  el_before_av_textblock '><span class='hr-inner '><span class=\"hr-inner-style\"><\/span><\/span><\/div><br \/>\n\n<style type=\"text\/css\" data-created_by=\"avia_inline_auto\" id=\"style-css-av-jl7ql86y-0004168ca5c1e8188cabe38926610bb2\">\n#top .av_textblock_section.av-jl7ql86y-0004168ca5c1e8188cabe38926610bb2 .avia_textblock{\nfont-size:10px;\n}\n<\/style>\n<section  class='av_textblock_section av-jl7ql86y-0004168ca5c1e8188cabe38926610bb2 '  ><div class='avia_textblock' ><p class=\"bildnennung-beitrag\" style=\"text-align: left;\">\u00a9 ADOBE Stock<\/p>\n<\/div><\/section><br \/>\n\n<style type=\"text\/css\" data-created_by=\"avia_inline_auto\" id=\"style-css-av-jl6mo8rj-20-0a5ac640218ac986cc09276001136948\">\n#top .hr.hr-invisible.av-jl6mo8rj-20-0a5ac640218ac986cc09276001136948{\nheight:20px;\n}\n<\/style>\n<div  class='hr av-jl6mo8rj-20-0a5ac640218ac986cc09276001136948 hr-invisible  avia-builder-el-8  el_after_av_textblock  el_before_av_textblock '><span class='hr-inner '><span class=\"hr-inner-style\"><\/span><\/span><\/div><br \/>\n<section  class='av_textblock_section av-jkuubohz-21-8a03553e957d5063f4a4f41dd59869fd '  ><div class='avia_textblock' ><p>In diesem Beitrag erfahren Sie, welche Arten von Kindergremien es gibt, wie Sie sie in Ihrer Einrichtung planen und umsetzen und was Ihre Kinder von der praktischen demokratischen Zusammenarbeit lernen.<\/p>\n<\/div><\/section><\/p><\/div>\n<style type=\"text\/css\" data-created_by=\"avia_inline_auto\" id=\"style-css-av-swqf9-6bb490ea0cbb171c9d159bb967226129\">\n.flex_column.av-swqf9-6bb490ea0cbb171c9d159bb967226129{\nborder-radius:0px 0px 0px 0px;\npadding:20px 20px 20px 20px;\nbackground-color:#f2f2f2;\n}\n<\/style>\n<div  class='flex_column av-swqf9-6bb490ea0cbb171c9d159bb967226129 av_three_fifth  avia-builder-el-10  el_after_av_one_full  el_before_av_two_fifth  first flex_column_div  column-top-margin'     ><style type=\"text\/css\" data-created_by=\"avia_inline_auto\" id=\"style-css-av-jkuua5r2-f377622d690956edbdb30903c89a2625\">\n#top .av_textblock_section.av-jkuua5r2-f377622d690956edbdb30903c89a2625 .avia_textblock{\nfont-size:14px;\n}\n<\/style>\n<section  class='av_textblock_section av-jkuua5r2-f377622d690956edbdb30903c89a2625 '  ><div class='avia_textblock' ><p><strong>Inhalt<\/strong><\/p>\n<p><strong><a href=\"#1\">1. Demokratiebildung im Kindergarten<\/a><\/strong><\/p>\n<p><strong><a href=\"#2\">2. Die Bedeutung der Partizipation im Kindergarten<\/a><\/strong><\/p>\n<p><strong><a href=\"#3\">3. Instrumente der Demokratiebildung<\/a><br \/>\n<\/strong>3.1. Die Kinderkonferenz<br \/>\n3.2. Der Kinderrat oder das Kinderparlament<\/p>\n<p><strong><a href=\"#4\">4. Wie profitieren Kinder von Kinderrat &amp; Co.?<\/a><\/strong><\/p>\n<p><strong><a href=\"#5\">5. Praktische Tipps fu\u0308r die Einfu\u0308hrung von Kinderkonferenz, -rat und -parlament<\/a><\/strong><\/p>\n<\/div><\/section><\/div><\/p>\n\n<style type=\"text\/css\" data-created_by=\"avia_inline_auto\" id=\"style-css-av-2532d-6e1ea05e25305745634c0a02c87dc827\">\n.flex_column.av-2532d-6e1ea05e25305745634c0a02c87dc827{\nborder-radius:0px 0px 0px 0px;\npadding:0 0 0 0;\n}\n<\/style>\n<div  class='flex_column av-2532d-6e1ea05e25305745634c0a02c87dc827 av_two_fifth  avia-builder-el-12  el_after_av_three_fifth  el_before_av_sidebar  flex_column_div av-zero-column-padding  column-top-margin'     ><\/div>\n<div  class='avia-builder-widget-area clearfix  avia-builder-el-13  el_after_av_two_fifth  el_before_av_one_full '><div id=\"text-33\" class=\"widget clearfix widget_text\">\t\t\t<div class=\"textwidget\"><p><a href=\"https:\/\/www.backwinkel.de\/nachhaltig-denken\/\" target=\"\\_blank\" rel=\"noopener\"><br \/>\n<img decoding=\"async\" class=\"werbung-desktop alignnone wp-image-4186 size-full\" src=\"https:\/\/www.backwinkel.de\/blog\/wp-content\/uploads\/2026\/04\/Backwinkel-blog-werbebanner-shop-kita-schule_desktop.jpg\" alt=\"\" width=\"1251\" height=\"201\" \/><br \/>\n<\/a><br \/>\n<a href=\"https:\/\/www.backwinkel.de\/nachhaltig-denken\/\" target=\"\\_blank\" rel=\"noopener\"><br \/>\n<img decoding=\"async\" class=\"werbung-mobile alignnone wp-image-4187 size-full\" src=\"https:\/\/www.backwinkel.de\/blog\/wp-content\/uploads\/2026\/04\/Backwinkel-blog-werbebanner-shop-kiga-schule_mobile.jpg\" alt=\"\" width=\"550\" height=\"500\" \/><br \/>\n<\/a><\/p>\n<\/div>\n\t\t<\/div><\/div>\n\n<style type=\"text\/css\" data-created_by=\"avia_inline_auto\" id=\"style-css-av-hh5al-9c53459d093ff912fcc98cf97e19d753\">\n.flex_column.av-hh5al-9c53459d093ff912fcc98cf97e19d753{\nborder-radius:0px 0px 0px 0px;\npadding:0px 0px 0px 0px;\n}\n<\/style>\n<div  class='flex_column av-hh5al-9c53459d093ff912fcc98cf97e19d753 av_one_full  avia-builder-el-14  el_after_av_sidebar  el_before_av_one_full  first flex_column_div av-zero-column-padding  '     ><section  class='av_textblock_section av-jkuul0eg-e9854c92fe69d423d63f3e4d0e40a0f9 '  ><div class='avia_textblock' ><h2 id=\"1\" class=\"position\"><strong>Demokratiebildung im Kindergarten<\/strong><\/h2>\n<p>Im Kindergarten bewegen sich die Kinder zum ersten Mal au\u00dferhalb ihrer vertrauten Umgebung und begegnen Menschen, die bisher nicht zu ihrem Alltag geh\u00f6rten. Daher ist die Wahrscheinlichkeit gro\u00df, dass sie auf Verhaltensweisen, Gewohnheiten, Meinungen und Werte treffen, die ihnen fremd sind. Somit ist der Kita-Besuch der erste Schritt in unsere pluralistische Gesellschaft \u2013 und konsequenterweise auch eine geeignete Umgebung, um sich in Demokratie zu u\u0308ben.<\/p>\n<p>Wichtig fu\u0308r ein angenehmes Miteinander sind ein <strong>respektvoller Umgang<\/strong> und <strong>Wertsch\u00e4tzung<\/strong> der eigenen Bedu\u0308rfnisse und Wu\u0308nsche. Nur, wer sich ernst genommen und verstanden fu\u0308hlt, identifiziert sich mit einer Gruppe oder der Gesellschaft. Damit man sich selbst und andere versteht, muss man miteinander ins Gespr\u00e4ch kommen. Dafu\u0308r eignen sich Kindergremien hervorragend, da sie nicht nur dem <strong>Austausch<\/strong>, sondern auch der <strong>Entscheidungs- und Kompromissfindung<\/strong> dienen \u2013 und im besten Fall auch den Kita-Alltag verbessern.<\/p>\n<\/div><\/section><br \/>\n<section  class='av_textblock_section av-m910fb6c-2cdf73d9d8892847d0b7ea250452c624 '  ><div class='avia_textblock infoboxGreen' ><p><strong>Tipp:<\/strong> Weitere Impulse zur fru\u0308hen Demokratiebildung in unserem Beitrag <a href=\"https:\/\/www.backwinkel.de\/blog\/demokratiebildung-kita\/\" target=\"_blank\" rel=\"noopener\">Demokratiebildung in der Kita. So fu\u0308hlen sich Kinder einbezogen und bestimmen mit<\/a>.<\/p>\n<\/div><\/section><\/p><\/div>\n\n<style type=\"text\/css\" data-created_by=\"avia_inline_auto\" id=\"style-css-av-243svy7-ad398a517331911eb07f8233b41e32a7\">\n.flex_column.av-243svy7-ad398a517331911eb07f8233b41e32a7{\nborder-radius:0px 0px 0px 0px;\npadding:0px 0px 0px 0px;\n}\n<\/style>\n<div  class='flex_column av-243svy7-ad398a517331911eb07f8233b41e32a7 av_one_full  avia-builder-el-17  el_after_av_one_full  el_before_av_one_full  first flex_column_div av-zero-column-padding  column-top-margin'     ><p><section  class='av_textblock_section av-m71mztul-fce167390bfc6b8d9145aef61fecc62a '  ><div class='avia_textblock' >\n<style type=\"text\/css\" data-created_by=\"avia_inline_auto\" id=\"style-css-av-1hecqdb-438f8aaf6804ad8f0ce4c7fe19f70d02\">\n#top .hr.hr-invisible.av-1hecqdb-438f8aaf6804ad8f0ce4c7fe19f70d02{\nheight:20px;\n}\n<\/style>\n<div  class='hr av-1hecqdb-438f8aaf6804ad8f0ce4c7fe19f70d02 hr-invisible  avia-builder-el-19  avia-builder-el-no-sibling '><span class='hr-inner '><span class=\"hr-inner-style\"><\/span><\/span><\/div>\n<h2 id=\"2\" class=\"position\"><strong>Die Bedeutung der Partizipation im Kindergarten<\/strong><\/h2>\n<p>Kinder haben ein Recht auf Partizipation und diese sollte gelebt werden und im Alltag stattfinden, also die Haltung der Erziehenden und deren Handlungen pr\u00e4gen. Es ist also selbstverst\u00e4ndlich, dass Kinder ihre Bedu\u0308rfnisse \u00e4u\u00dfern und diese Beru\u0308cksichtigung finden: Wer eine bestimmte Aktivit\u00e4t ablehnt, muss nicht an ihr teilnehmen. Und wer etwas weder essen noch probieren will, weil ihm vielleicht Geruch oder Optik schon unangenehm genug ist, der isst eben etwas anderes.<\/p>\n<\/div><\/section><br \/>\n<section  class='av_textblock_section av-mfy1rjnd-551698ad818574344a44e2751b45c9a0 '  ><div class='avia_textblock infoboxGreen' ><p><strong>Tipp<\/strong>: Am besten fahren Sie mit der Frage, was Sie selbst in der betreffenden Situation tun w\u00fcrden \u2013 und dann handeln Sie auch bei Ihren Kindern danach. Wenn Sie keine Krimis m\u00f6gen, kann Ihnen Ihr Bekanntenkreis wahrscheinlich stundenlang davon vorschw\u00e4rmen, ohne dass Sie freiwillig einen Krimi-Abend einlegen. Warum sollten Sie auch. Jeder Mensch ist eben anders, und Unterschiede muss man akzeptieren, denn auch das ist Demokratie.<\/p>\n<\/div><\/section><br \/>\n\n<style type=\"text\/css\" data-created_by=\"avia_inline_auto\" id=\"style-css-av-mfy1q92m-3aac2de5dfc3c4b0672668506bcf68c7\">\n#top .av_textblock_section.av-mfy1q92m-3aac2de5dfc3c4b0672668506bcf68c7 .avia_textblock{\npadding:20px 0 0 0;\n}\n<\/style>\n<section  class='av_textblock_section av-mfy1q92m-3aac2de5dfc3c4b0672668506bcf68c7 '  ><div class='avia_textblock' ><p id=\"1\" class=\"position\">Da Partizipation eben auch bedeutet, den <strong>Kita-Alltag aktiv mitzugestalten<\/strong>, sind Kindergremien eine super Sache, um sich auszutauschen, Entscheidungen zu treffen oder \u00c4nderungen vorzunehmen. Wenn die Kinder <strong>Einfluss<\/strong> auf die Wahl von Ausflugszielen, Projekten, Raumgestaltung und Essensplan haben, werden sie nicht nur gl\u00fccklicher sein, sondern sich wahrscheinlich auch mehr einbringen.<\/p>\n<\/div><\/section><br \/>\n<section  class='av_textblock_section av-mfy1rxt3-83e1341918cb8f201a7076b19a27b09a '  ><div class='avia_textblock infoboxGreen' ><p><strong>Tipp<\/strong>: Mehr Wissenswertes zum Thema Partizipation lesen Sie in unserem Beitrag <a href=\"https:\/\/www.backwinkel.de\/blog\/partizipation-in-kindergarten-und-kita\/\" target=\"_blank\" rel=\"noopener\">Partizipation in Kindergarten und Kita: Methoden zur Umsetzung des Kinderrechts auf Beteiligung<\/a>.<\/p>\n<\/div><\/section><\/p><\/div>\n\n<style type=\"text\/css\" data-created_by=\"avia_inline_auto\" id=\"style-css-av-3rxg73q-4083ec0db92bb7315975bc28db4c2149\">\n.flex_column.av-3rxg73q-4083ec0db92bb7315975bc28db4c2149{\nborder-radius:0px 0px 0px 0px;\npadding:0px 0px 0px 0px;\n}\n<\/style>\n<div  class='flex_column av-3rxg73q-4083ec0db92bb7315975bc28db4c2149 av_one_full  avia-builder-el-23  el_after_av_one_full  el_before_av_one_full  first flex_column_div av-zero-column-padding  column-top-margin'     ><p><section  class='av_textblock_section av-mf5c7wwt-d72062ab0d56b454e7e32426bff10735 '  ><div class='avia_textblock' >\n<style type=\"text\/css\" data-created_by=\"avia_inline_auto\" id=\"style-css-av-3hsuc8m-6748f3375e304b3d1d155a7b45056943\">\n#top .hr.hr-invisible.av-3hsuc8m-6748f3375e304b3d1d155a7b45056943{\nheight:20px;\n}\n<\/style>\n<div  class='hr av-3hsuc8m-6748f3375e304b3d1d155a7b45056943 hr-invisible  avia-builder-el-25  avia-builder-el-no-sibling '><span class='hr-inner '><span class=\"hr-inner-style\"><\/span><\/span><\/div>\n<h2 id=\"3\" class=\"position\"><strong>Instrumente der Demokratiebildung<\/strong><\/h2>\n<p><strong>Kindergremien<\/strong> sind eine gute M\u00f6glichkeit, um das gemeinsame Treffen von Entscheidungen zu lernen. Damit einher geht die Erfahrung, andere Meinungen nicht nur kennenzulernen, sondern auch auszuhalten und zu akzeptieren. Auch das Finden von <strong>Kompromissen<\/strong> ist eine wichtige Lernerfahrung, denn man muss nicht zwangsl\u00e4ufig dasselbe wollen und denken, um eine L\u00f6sung zu finden, mit der alle Beteiligten gut leben k\u00f6nnen.<\/p>\n<p>Gleichzeitig erleben die Kinder unmittelbar, dass ihre W\u00fcnsche und Meinungen Gewicht haben. Sie flie\u00dfen in den Kita-Alltag ein und entscheiden beispielsweise \u00fcber Speiseplan, Neuanschaffungen, Projekte oder Ausfl\u00fcge. So wird Partizipation konkret erfahrbar.<\/p>\n<p>Damit Kindergremien in der Praxis funktionieren, braucht es einige <strong>Regeln<\/strong> \u2013 denn auch das richtige <strong>Kommunizieren<\/strong> will gelernt sein. Wie die Gespr\u00e4chsregeln aussehen k\u00f6nnten, sehen Sie in der Grafik.<\/p>\n<\/div><\/section><br \/>\n\n<style type=\"text\/css\" data-created_by=\"avia_inline_auto\" id=\"style-css-av-mfy3n2r6-f30dac04af4e0c03bc8ba1cef78a1f4f\">\n.avia-image-container.av-mfy3n2r6-f30dac04af4e0c03bc8ba1cef78a1f4f img.avia_image{\nbox-shadow:none;\n}\n.avia-image-container.av-mfy3n2r6-f30dac04af4e0c03bc8ba1cef78a1f4f .av-image-caption-overlay-center{\ncolor:#ffffff;\n}\n<\/style>\n<div  class='avia-image-container av-mfy3n2r6-f30dac04af4e0c03bc8ba1cef78a1f4f av-styling- av-img-linked avia-align-center  avia-builder-el-26  el_after_av_textblock  el_before_av_textblock '  ><div class=\"avia-image-container-inner\"><div class=\"avia-image-overlay-wrap\"><a href=\"https:\/\/www.backwinkel.de\/blog\/wp-content\/uploads\/2025\/09\/backwinkel-blog-gespraechsregeln-kindergremien.webp\" data-srcset=\"https:\/\/www.backwinkel.de\/blog\/wp-content\/uploads\/2025\/09\/backwinkel-blog-gespraechsregeln-kindergremien.webp 1920w, https:\/\/www.backwinkel.de\/blog\/wp-content\/uploads\/2025\/09\/backwinkel-blog-gespraechsregeln-kindergremien-1536x1086.webp 1536w\" data-sizes=\"(max-width: 1030px) 100vw, 1030px\" class='avia_image '  aria-label='backwinkel-blog-gespraechsregeln-kindergremien'><img decoding=\"async\" fetchpriority=\"high\" class='wp-image-17078 avia-img-lazy-loading-not-17078 avia_image ' src=\"https:\/\/www.backwinkel.de\/blog\/wp-content\/uploads\/2025\/09\/backwinkel-blog-gespraechsregeln-kindergremien.webp\" alt='' title='backwinkel-blog-gespraechsregeln-kindergremien'  height=\"1357\" width=\"1920\" srcset=\"https:\/\/www.backwinkel.de\/blog\/wp-content\/uploads\/2025\/09\/backwinkel-blog-gespraechsregeln-kindergremien.webp 1920w, https:\/\/www.backwinkel.de\/blog\/wp-content\/uploads\/2025\/09\/backwinkel-blog-gespraechsregeln-kindergremien-1536x1086.webp 1536w\" sizes=\"(max-width: 1920px) 100vw, 1920px\" \/><\/a><\/div><\/div><\/div><br \/>\n<section  class='av_textblock_section av-m910hcbh-e192780a98cb7fc7ba3fdd64c8f8ffcd '  ><div class='avia_textblock infoboxGreen' ><p><strong>Tipp<\/strong>: Wenn die Kinder sich im Dialog gemeinsam auf die Regeln einigen, steigt die Wahrscheinlichkeit, dass sie die Regeln verstehen und sich daran halten. Au\u00dferdem ist die Aufstellung eines Regelwerks eine gute Einstiegs\u00fcbung in die Gremienarbeit.<\/p>\n<\/div><\/section><br \/>\n<section  class='av_textblock_section av-m910ezpv-27a2ac32568a38e16059216c31ce6638 '  ><div class='avia_textblock' >\n<style type=\"text\/css\" data-created_by=\"avia_inline_auto\" id=\"style-css-av-5fv7d96-702ca362f81f511c88a70c39eecb1634\">\n#top .hr.hr-invisible.av-5fv7d96-702ca362f81f511c88a70c39eecb1634{\nheight:20px;\n}\n<\/style>\n<div  class='hr av-5fv7d96-702ca362f81f511c88a70c39eecb1634 hr-invisible  avia-builder-el-29  avia-builder-el-no-sibling '><span class='hr-inner '><span class=\"hr-inner-style\"><\/span><\/span><\/div>\n<p>In jedem Fall sollte ein Erwachsener w\u00e4hrend der Tagungen <strong>Protokoll<\/strong> f\u00fchren, damit anschlie\u00dfend f\u00fcr alle ersichtlich ist, welche Themen besprochen wurden, welche Einigungen noch ausstehen und welche weiteren Aspekte zuk\u00fcnftig noch zur Debatte stehen. Das hilft nicht nur den Kindern, sondern ist auch f\u00fcr Ihre Kollegen und die Eltern interessant. Auch das Festhalten der Ergebnisse auf einem <a href=\"https:\/\/www.backwinkel.de\/prod\/whiteboard.html\" target=\"_blank\" rel=\"noopener\">Whiteboard<\/a> ist sinnvoll, damit alle Teilnehmer verfolgen k\u00f6nnen, was besprochen wird.<\/p>\n<p>Wahrscheinlich m\u00fcssen Sie am Anfang auch die <strong>Moderation<\/strong> \u00fcbernehmen, solange die Kinder mit der Gremienarbeit noch nicht vertraut genug sind. Nach ein paar Monaten findet sich vielleicht auch ein Moderator oder eine Moderatorin unter den Kindern.<\/p>\n<h3><strong>Die Kinderkonferenz <\/strong><\/h3>\n<p>Kinderkonferenzen beziehen alle Kinder der Gruppe ein; im Gegensatz zum Kinderrat werden also keine Vertreter gew\u00e4hlt, die im Namen der anderen Kinder Entscheidungen treffen und ein Stimmrecht haben. Somit ist eine Kinderkonferenz das Kindergremium, das am wenigsten Vorbereitung braucht. Ein wenig Planung ist trotzdem unerl\u00e4sslich. Stellen Sie sich z. B. folgende Fragen:<\/p>\n<ul>\n<li>\u00dcber welche Themenfelder soll in den Konferenzen entschieden werden?<\/li>\n<li>Bei welchen Themen haben die Kinder volle Entscheidungsfreiheit?<\/li>\n<li>Sollen die Konferenzen regelm\u00e4\u00dfig oder anlassbezogen stattfinden?<\/li>\n<li>Wie sind die Abstimmungen organisiert? (geheim oder offen, Stimmkarten, Muggelsteine, Handzeichen?)<\/li>\n<li>Welche Unterst\u00fctzung brauchen j\u00fcngere Kinder, um mitzumachen? (Bildkarten, zus\u00e4tzliche Erkl\u00e4rungen?)<\/li>\n<\/ul>\n<p>Diese Themen diskutieren Sie am besten mit den Kindern in der ersten Konferenz. Versuchen Sie, ihnen m\u00f6glichst viel <strong>Freiheit<\/strong> zu geben: In einer Diskussion finden sie wahrscheinlich selbst heraus, in welchen F\u00e4llen sie geheim abstimmen wollen oder \u00fcber welche Themen, wie z. B. Finanzen sie nicht entscheiden k\u00f6nnen. Dass nicht jeden Tag Schokopudding als Hauptspeise auf dem Plan stehen kann, werden die meisten auch herausfinden.<\/p>\n<h3><strong>Der Kinderrat oder das Kinderparlament <\/strong><\/h3>\n<p>Wenn Sie einen Kinderrat ins Leben rufen m\u00f6chten, m\u00fcssen die Kinder Ihrer Gruppe oder auch der gesamten Einrichtung Vertreter w\u00e4hlen. Das erfolgt in einer geheimen Abstimmung, beispielsweise durch Murmeln, die in einer <strong>Wahlkabine<\/strong> in Boxen mit den Namen der Kandidaten gelegt werden.<\/p>\n<p>Die gew\u00e4hlten Vertreter \u2013 sofern sie die Wahl annehmen \u2013 sind schlie\u00dflich Mitglieder des Rats und besprechen relevante Themen. Auch im Kinderrat sind also Abstimmungen wichtig und m\u00fcssen vorbereitet bzw. ihr Ablauf festgelegt werden. Da nicht alle Kinder am Kinderrat teilnehmen, ist <strong>Transparenz<\/strong> wichtig. \u00dcberlegen Sie, ob es eine Option ist, die anderen als Publikum teilhaben zu lassen.<\/p>\n<p>Wenn das nicht klappt, weil vielleicht immer wieder jemand dazwischenruft und auch etwas beisteuern will oder vor allem j\u00fcngere Kinder wenig Geduld oder Verst\u00e4ndnis haben, eignet sich ein <strong>Aushang<\/strong> oder auch eine <strong>Kita-Zeitung<\/strong> besser, um die anderen zu informieren. So k\u00f6nnen sich auch die Eltern einen Eindruck von der Arbeit des Kinderrats machen.<\/p>\n<\/div><\/section><br \/>\n<section  class='av_textblock_section av-mfy3saib-184561b4ec61627bfc7c49575787d552 '  ><div class='avia_textblock infoboxGreen' ><p><strong>Tipp<\/strong>: Die Heterogenit\u00e4t des Parlaments wird noch realistischer, wenn auch Sie als Erziehungsfachkr\u00e4fte oder auch die Eltern Vertreter w\u00e4hlen, die teilnehmen. Das ist nat\u00fcrlich alles eine Frage der zeitlichen Verf\u00fcgbarkeit und Organisation.<\/p>\n<\/div><\/section><br \/>\n<section  class='av_textblock_section av-mfy3svh3-25aca5f627ca9fd06396b00bd8d7a1d0 '  ><div class='avia_textblock' >\n<style type=\"text\/css\" data-created_by=\"avia_inline_auto\" id=\"style-css-av-6wa4ew-b640407466c5cb4f01e7ef2e7d282692\">\n#top .hr.hr-invisible.av-6wa4ew-b640407466c5cb4f01e7ef2e7d282692{\nheight:20px;\n}\n<\/style>\n<div  class='hr av-6wa4ew-b640407466c5cb4f01e7ef2e7d282692 hr-invisible  avia-builder-el-32  avia-builder-el-no-sibling '><span class='hr-inner '><span class=\"hr-inner-style\"><\/span><\/span><\/div>\n<p>Fakt ist, dass es keine festen Regeln f\u00fcr die Umsetzung eines Kinderparlaments gibt. \u00dcberlegen Sie also in Ruhe, welche Form f\u00fcr Sie am sinnvollsten ist. Es kann auch eine gute Idee sein, zu bestimmten Themen und Terminen <strong>Experten <\/strong>einzuladen, z. B. den Hausmeister oder einen Garten- und Landschaftsbauer.<\/p>\n<p>Eine andere M\u00f6glichkeit ist die Bildung von<strong> Aussch\u00fcssen<\/strong>, wenn im Kinderrat ein komplexeres Thema aufkommt. So k\u00f6nnen sich die Aussch\u00fcsse in eigenen Sitzungen in die Projekte einarbeiten und dabei auf Ihre Unterst\u00fctzung z\u00e4hlen. M\u00f6gliche Gebiete sind:<\/p>\n<ul>\n<li>Vergleichen verschiedener Essenslieferanten oder Erstellung eines <a href=\"https:\/\/www.backwinkel.de\/blog\/fruehstueck-kita\/\" target=\"_blank\" rel=\"noopener\">Speiseplans<\/a><\/li>\n<li>Umgestaltung des Au\u00dfenbereichs<\/li>\n<li>Anlegen eines <a href=\"https:\/\/www.backwinkel.de\/blog\/kita-garten\/\" target=\"_blank\" rel=\"noopener\">Gartens<\/a> oder Schulzoos<\/li>\n<li>Einrichten einer eigenen K\u00fcche<\/li>\n<li>Informieren \u00fcber verschiedene <a href=\"https:\/\/www.backwinkel.de\/blog\/umgang-mit-tieren\/\" target=\"_blank\" rel=\"noopener\">Ausflugsziele<\/a>, <a href=\"https:\/\/www.backwinkel.de\/blog\/mint-kindergarten\/\" target=\"_blank\" rel=\"noopener\">Projekte<\/a> oder <a href=\"https:\/\/www.backwinkel.de\/blog\/experimente\/\" target=\"_blank\" rel=\"noopener\">Experimente<\/a><\/li>\n<li>Anschaffung von neuem Spielzeug<\/li>\n<li>Gestaltung eines Maker Spaces oder <a href=\"https:\/\/www.backwinkel.de\/blog\/eigenes-hoerspiel\/\" target=\"_blank\" rel=\"noopener\">Audio-Labors<\/a><\/li>\n<\/ul>\n<p>In einer der n\u00e4chsten Sitzungen des Rats stellen die Mitglieder des Ausschusses ihre Ergebnisse vor. Anschlie\u00dfend wird im Plenum diskutiert, ob man bereits eine Entscheidung trifft, ob weitere Informationen n\u00f6tig sind oder die Idee gar g\u00e4nzlich verworfen wird.<\/p>\n<\/div><\/section><\/p><\/div>\n\n<style type=\"text\/css\" data-created_by=\"avia_inline_auto\" id=\"style-css-av-2wlt6vu-3570704dc924868f1e3cced162dcddbb\">\n.flex_column.av-2wlt6vu-3570704dc924868f1e3cced162dcddbb{\nborder-radius:0px 0px 0px 0px;\npadding:0px 0px 0px 0px;\n}\n<\/style>\n<div  class='flex_column av-2wlt6vu-3570704dc924868f1e3cced162dcddbb av_one_full  avia-builder-el-33  el_after_av_one_full  el_before_av_one_full  first flex_column_div av-zero-column-padding  column-top-margin'     ><p><section  class='av_textblock_section av-m910gzg0-cfe43f286157cdca493fbecb36688a92 '  ><div class='avia_textblock' >\n<style type=\"text\/css\" data-created_by=\"avia_inline_auto\" id=\"style-css-av-2e2gewq-e444edffd2a14b7dcea9f762de5e4bfb\">\n#top .hr.hr-invisible.av-2e2gewq-e444edffd2a14b7dcea9f762de5e4bfb{\nheight:20px;\n}\n<\/style>\n<div  class='hr av-2e2gewq-e444edffd2a14b7dcea9f762de5e4bfb hr-invisible  avia-builder-el-35  avia-builder-el-no-sibling '><span class='hr-inner '><span class=\"hr-inner-style\"><\/span><\/span><\/div>\n<h2 id=\"4\" class=\"position\"><strong>Wie profitieren Kinder von Kinderrat &amp; Co.? <\/strong><\/h2>\n<p>Die Mitwirkung in einem Kindergremium birgt viele Vorteile f\u00fcr die Kinder, auch wenn sie erst lernen m\u00fcssen, damit umzugehen. Innerhalb einer Kinderkonferenz oder einem Kinderrat erleben schon die Kleinsten, wie Demokratie funktioniert und f\u00fchlen sich als gleichwertiger Teil der<strong> Gemeinschaft<\/strong>. Gleichzeitig st\u00e4rken Kindergremien auch das <strong>soziale Klima<\/strong>, weil die Kinder sich miteinander auseinandersetzen, Vertreter w\u00e4hlen und gemeinschaftlich Entscheidungen herbeif\u00fchren. So lernen sie sich selbst und ihre unterschiedlichen W\u00fcnsche und Vorstellungen besser kennen.<\/p>\n<p>Nicht zuletzt <strong>teilen<\/strong> die Kinder viele Erfahrungen, Bed\u00fcrfnisse und Wahrnehmungen, die wir als Erwachsene nicht (mehr) nachvollziehen k\u00f6nnen. Somit kommen automatisch Themen zur Sprache, die Sie vielleicht gar nicht als relevant auf dem Schirm hatten, und auch die L\u00f6sungsvorschl\u00e4ge der Kinder werden Sie an mancher Stelle \u00fcberraschen, weil sie eben innerhalb einer <strong>Peergroup<\/strong> entstehen, zu der Sie nicht geh\u00f6ren. Unsere Grafik zeigt weitere Vorteile von Kindergremien.<\/p>\n<\/div><\/section><br \/>\n\n<style type=\"text\/css\" data-created_by=\"avia_inline_auto\" id=\"style-css-av-1g6aoew-72c2221da62f585fd1110df4da7df2be\">\n.avia-image-container.av-1g6aoew-72c2221da62f585fd1110df4da7df2be img.avia_image{\nbox-shadow:none;\n}\n.avia-image-container.av-1g6aoew-72c2221da62f585fd1110df4da7df2be .av-image-caption-overlay-center{\ncolor:#ffffff;\n}\n<\/style>\n<div  class='avia-image-container av-1g6aoew-72c2221da62f585fd1110df4da7df2be av-styling- av-img-linked avia-align-center  avia-builder-el-36  el_after_av_textblock  avia-builder-el-last '  ><div class=\"avia-image-container-inner\"><div class=\"avia-image-overlay-wrap\"><a href=\"https:\/\/www.backwinkel.de\/blog\/wp-content\/uploads\/2025\/09\/backwinkel-blog-lernerfolge-kindergremien.webp\" data-srcset=\"https:\/\/www.backwinkel.de\/blog\/wp-content\/uploads\/2025\/09\/backwinkel-blog-lernerfolge-kindergremien.webp 1920w, https:\/\/www.backwinkel.de\/blog\/wp-content\/uploads\/2025\/09\/backwinkel-blog-lernerfolge-kindergremien-1536x1086.webp 1536w\" data-sizes=\"(max-width: 1030px) 100vw, 1030px\" class='avia_image '  aria-label='backwinkel-blog-lernerfolge-kindergremien'><img decoding=\"async\" fetchpriority=\"high\" class='wp-image-17072 avia-img-lazy-loading-not-17072 avia_image ' src=\"https:\/\/www.backwinkel.de\/blog\/wp-content\/uploads\/2025\/09\/backwinkel-blog-lernerfolge-kindergremien.webp\" alt='' title='backwinkel-blog-lernerfolge-kindergremien'  height=\"1357\" width=\"1920\" srcset=\"https:\/\/www.backwinkel.de\/blog\/wp-content\/uploads\/2025\/09\/backwinkel-blog-lernerfolge-kindergremien.webp 1920w, https:\/\/www.backwinkel.de\/blog\/wp-content\/uploads\/2025\/09\/backwinkel-blog-lernerfolge-kindergremien-1536x1086.webp 1536w\" sizes=\"(max-width: 1920px) 100vw, 1920px\" \/><\/a><\/div><\/div><\/div><\/p><\/div>\n\n<style type=\"text\/css\" data-created_by=\"avia_inline_auto\" id=\"style-css-av-12gwreg-c2b1999ab197de5e29532892b7a0bfcd\">\n.flex_column.av-12gwreg-c2b1999ab197de5e29532892b7a0bfcd{\nborder-radius:0px 0px 0px 0px;\npadding:0px 0px 0px 0px;\n}\n<\/style>\n<div  class='flex_column av-12gwreg-c2b1999ab197de5e29532892b7a0bfcd av_one_full  avia-builder-el-37  el_after_av_one_full  el_before_av_one_third  first flex_column_div av-zero-column-padding  column-top-margin'     ><section  class='av_textblock_section av-mfy3wzcs-68895286e7b014fb9508b7914b3c028e '  ><div class='avia_textblock' >\n<style type=\"text\/css\" data-created_by=\"avia_inline_auto\" id=\"style-css-av-n7m8oo-017e7aa7d321ade0857bce51d9134b80\">\n#top .hr.hr-invisible.av-n7m8oo-017e7aa7d321ade0857bce51d9134b80{\nheight:20px;\n}\n<\/style>\n<div  class='hr av-n7m8oo-017e7aa7d321ade0857bce51d9134b80 hr-invisible  avia-builder-el-39  avia-builder-el-no-sibling '><span class='hr-inner '><span class=\"hr-inner-style\"><\/span><\/span><\/div>\n<h2 id=\"5\" class=\"position\"><strong>Praktische Tipps f\u00fcr die Einf\u00fchrung von Kinderkonferenz, -rat und -parlament <\/strong><\/h2>\n<p>Wenn Sie sich noch unsicher sind, wie Ihnen die Einf\u00fchrung eines Kindergremiums am besten gelingt, stehen Ihnen wie immer mehrere M\u00f6glichkeiten zur Verf\u00fcgung:<\/p>\n<ul>\n<li>Tauschen Sie sich mit <strong>Kollegen<\/strong>, Familie und Bekannten \u00fcber Ihre Ideen aus.<\/li>\n<li>Recherchieren Sie <strong>online<\/strong> nach Einrichtungen, in denen die Implementierung bereits gelungen ist.<\/li>\n<li>Halten Sie R\u00fccksprache mit <strong>Einrichtungen<\/strong>, die Kindergremien haben \u2013 vielleicht besuchen Sie sie einfach mal und holen sich wertvolle Eindr\u00fccke und Tipps vor Ort.<\/li>\n<li>Fragen Sie Ihre <strong>Kinder<\/strong> und entwickeln Sie das Konzept gemeinsam.<\/li>\n<\/ul>\n<p>Allgemein gilt auch hier: Nichts ist in Stein gemei\u00dfelt. Sie m\u00fcssen also nicht jeden Ablauf vorab bis ins kleinste Detail ausarbeiten oder einen Sitzungskalender f\u00fcr die n\u00e4chsten 6 Monate erstellen. Vieles wird sich ergeben, wenn Sie schon dabei sind, und Raum f\u00fcr Verbesserungen gibt es sowieso fast immer. Vielleicht machen Sie wider Erwarten die Erfahrung, dass Ihre Kinder sich selbst super organisieren k\u00f6nnen \u2013 oder der Ablauf am Anfang so laut und chaotisch ist, dass Sie die Sitzung unterbrechen m\u00fcssen. Vielleicht funktioniert das geordnete Reden erst einmal nur mithilfe eines <strong>Sprechsteins<\/strong>, auf den die Kinder sp\u00e4ter verzichten k\u00f6nnen.<\/p>\n<p>Vielleicht stellt sich auch heraus, dass die geplante halbe Stunde alle zwei Wochen nicht ausreicht, sodass der Kinderrat w\u00f6chentlich tagt. Oder aber die 30 Minuten sind zu lang f\u00fcr die Aufmerksamkeitsspanne der Kinder, sodass k\u00fcnftig k\u00fcrzere, daf\u00fcr aber h\u00e4ufigere Sitzungen stattfinden. Vielleicht gibt es auch mal einen Monat, in dem es einfach nichts zu besprechen gibt.<\/p>\n<p>Idealerweise finden Ihre Kinder selbst heraus, welche Dauer und Taktung f\u00fcr sie passt, ob sie Hilfsmittel oder Unterst\u00fctzung brauchen oder welche Themen sie noch nicht allein beurteilen k\u00f6nnen. Probieren geht \u00fcber Studieren. Haben Sie ein <strong>offenes Ohr<\/strong> f\u00fcr Ihre Kinder und helfen Sie Ihnen dabei, die besten L\u00f6sungen f\u00fcr die jeweiligen Abl\u00e4ufe und Probleme zu finden. Wahrscheinlich werden Sie alle immer erfahrener und besser, sodass mit der Zeit die L\u00e4nge der Sitzungen w\u00e4chst oder die Komplexit\u00e4t der Themen zunimmt. Wer fr\u00fcher nicht still sitzen konnte oder \u00f6fter unterbrochen hat, mausert sich \u00fcber die Monate vielleicht zum n\u00e4chsten Moderator.<\/p>\n<p>Trauen Sie sich also einfach ans Thema heran und lernen Sie gemeinsam mit Ihren Kindern. Behalten Sie im Hinterkopf, dass auch in der gro\u00dfen Politik immer wieder <strong>unvorhergesehene Dinge<\/strong> passieren. Das mag nicht immer angenehm sein, geh\u00f6rt aber dazu und wird nicht dazu f\u00fchren, dass Ihre Einrichtung ins Chaos st\u00fcrzt.<\/p>\n<\/div><\/section><\/div>\n<div class='flex_column_table av-4hnjxtg-da049fbc04ec8ddb6acdfe94ef457107 sc-av_one_third av-equal-height-column-flextable'>\n<style type=\"text\/css\" data-created_by=\"avia_inline_auto\" id=\"style-css-av-4hnjxtg-da049fbc04ec8ddb6acdfe94ef457107\">\n.flex_column.av-4hnjxtg-da049fbc04ec8ddb6acdfe94ef457107{\nborder-width:1px;\nborder-color:#ebebeb;\nborder-style:solid;\nborder-radius:0px 0px 0px 0px;\npadding:10px 10px 10px 10px;\n}\n<\/style>\n<div  class='flex_column av-4hnjxtg-da049fbc04ec8ddb6acdfe94ef457107 av_one_third  avia-builder-el-40  el_after_av_one_full  el_before_av_one_third  first flex_column_table_cell av-equal-height-column av-align-top  column-top-margin'     ><p><section  class='av_textblock_section av-m5p1czus-a52188a22de9199764738c01bb302c77 '  ><div class='avia_textblock' ><p><img decoding=\"async\" class=\"alignnone wp-image-16807 \" src=\"https:\/\/blog.backwinkel.de\/wp-content\/uploads\/2025\/09\/51072-muggelsteine-aus-treenside-material-gemischte-farben.webp\" alt=\"\" width=\"586\" height=\"586\" \/><\/p>\n<p style=\"font-size: 20px; font-family: urw_grotesk_extra_narrowrg; text-align: left;\">250 Muggelsteine aus treeNside-Biokunststoff<\/p>\n<p style=\"text-align: left;\"><div  class='avia-button-wrap av-3tobjtg-7-bb487e5a88506b731e277b1bef6b84f2-wrap avia-button-center  avia-builder-el-42  avia-builder-el-no-sibling '><a href='https:\/\/www.backwinkel.de\/prod\/250-muggelsteine-aus-treenside-biokunststoff.html'  class='avia-button av-3tobjtg-7-bb487e5a88506b731e277b1bef6b84f2 av-link-btn avia-icon_select-no avia-size-medium avia-position-center avia-color-theme-color'  target=\"_blank\"  rel=\"noopener noreferrer\"  aria-label=\"zum Produkt\"><span class='avia_iconbox_title' >zum Produkt<\/span><\/a><\/div><\/p>\n<\/div><\/section><br \/>\n\n<style type=\"text\/css\" data-created_by=\"avia_inline_auto\" id=\"style-css-av-3d6jy7o-dc8e8f1fc0f2fda9432f2d568a218226\">\n#top .hr.hr-invisible.av-3d6jy7o-dc8e8f1fc0f2fda9432f2d568a218226{\nheight:20px;\n}\n<\/style>\n<div  class='hr av-3d6jy7o-dc8e8f1fc0f2fda9432f2d568a218226 hr-invisible  avia-builder-el-43  el_after_av_textblock  avia-builder-el-last '><span class='hr-inner '><span class=\"hr-inner-style\"><\/span><\/span><\/div><\/p><\/div>\n<div class='av-flex-placeholder'><\/div>\n<style type=\"text\/css\" data-created_by=\"avia_inline_auto\" id=\"style-css-av-33ozkgk-b90c71d5894459128acf98d297958fb9\">\n.flex_column.av-33ozkgk-b90c71d5894459128acf98d297958fb9{\nborder-width:1px;\nborder-color:#ebebeb;\nborder-style:solid;\nborder-radius:0px 0px 0px 0px;\npadding:10px 10px 10px 10px;\n}\n<\/style>\n<div  class='flex_column av-33ozkgk-b90c71d5894459128acf98d297958fb9 av_one_third  avia-builder-el-44  el_after_av_one_third  el_before_av_one_third  flex_column_table_cell av-equal-height-column av-align-top  column-top-margin'     ><p><section  class='av_textblock_section av-m5p1hu5k-fec8af70158e7f2cecbcc4e6a77b25d2 '  ><div class='avia_textblock' ><p><img decoding=\"async\" class=\"alignnone wp-image-16808 size-full\" src=\"https:\/\/blog.backwinkel.de\/wp-content\/uploads\/2025\/09\/30704-30707-whiteboard-denkblase.webp\" alt=\"\" width=\"700\" height=\"700\" \/><\/p>\n<p style=\"font-size: 20px; font-family: urw_grotesk_extra_narrowrg; text-align: left;\">Whiteboard, Denkblase<\/p>\n<p style=\"text-align: left;\"><div  class='avia-button-wrap av-8xe4j8-bf75d3ce6c91f1d8ed5d42026ec7e4f0-wrap avia-button-center  avia-builder-el-46  avia-builder-el-no-sibling '><a href='https:\/\/www.backwinkel.de\/prod\/whiteboard-denkblase-88-x-118-cm.html'  class='avia-button av-8xe4j8-bf75d3ce6c91f1d8ed5d42026ec7e4f0 av-link-btn avia-icon_select-no avia-size-medium avia-position-center avia-color-theme-color'  target=\"_blank\"  rel=\"noopener noreferrer\"  aria-label=\"zum Produkt\"><span class='avia_iconbox_title' >zum Produkt<\/span><\/a><\/div><\/p>\n<\/div><\/section><br \/>\n\n<style type=\"text\/css\" data-created_by=\"avia_inline_auto\" id=\"style-css-av-1x7eu7o-c2d49c24eb7957ffeae70dd042788bb6\">\n#top .hr.hr-invisible.av-1x7eu7o-c2d49c24eb7957ffeae70dd042788bb6{\nheight:20px;\n}\n<\/style>\n<div  class='hr av-1x7eu7o-c2d49c24eb7957ffeae70dd042788bb6 hr-invisible  avia-builder-el-47  el_after_av_textblock  avia-builder-el-last '><span class='hr-inner '><span class=\"hr-inner-style\"><\/span><\/span><\/div><\/p><\/div>\n<div class='av-flex-placeholder'><\/div>\n<style type=\"text\/css\" data-created_by=\"avia_inline_auto\" id=\"style-css-av-1lfdx6c-c176241bb96a41cb139b55fc7b112d3d\">\n.flex_column.av-1lfdx6c-c176241bb96a41cb139b55fc7b112d3d{\nborder-width:1px;\nborder-color:#ebebeb;\nborder-style:solid;\nborder-radius:0px 0px 0px 0px;\npadding:10px 10px 10px 10px;\n}\n<\/style>\n<div  class='flex_column av-1lfdx6c-c176241bb96a41cb139b55fc7b112d3d av_one_third  avia-builder-el-48  el_after_av_one_third  el_before_av_one_full  flex_column_table_cell av-equal-height-column av-align-top  column-top-margin'     ><p><section  class='av_textblock_section av-m5p1mms7-63de85921700d0b9afed5fe3c41f8852 '  ><div class='avia_textblock' ><p><img decoding=\"async\" class=\"alignnone wp-image-16809 size-full\" src=\"https:\/\/blog.backwinkel.de\/wp-content\/uploads\/2025\/09\/9611-whiteboard-marker.webp\" alt=\"\" width=\"700\" height=\"700\" \/><\/p>\n<p style=\"font-size: 20px; font-family: urw_grotesk_extra_narrowrg; text-align: left;\">STAEDTLER Whiteboardmarker<\/p>\n<p style=\"text-align: left;\"><div  class='avia-button-wrap av-12x1kxg-6ac18e9ecd3b29e46a24960db5d752bf-wrap avia-button-center  avia-builder-el-50  avia-builder-el-no-sibling '><a href='https:\/\/www.backwinkel.de\/prod\/whiteboard-marker-runde-spitze.html'  class='avia-button av-12x1kxg-6ac18e9ecd3b29e46a24960db5d752bf av-link-btn avia-icon_select-no avia-size-medium avia-position-center avia-color-theme-color'  target=\"_blank\"  rel=\"noopener noreferrer\"  aria-label=\"zum Produkt\"><span class='avia_iconbox_title' >zum Produkt<\/span><\/a><\/div><\/p>\n<\/div><\/section><br \/>\n\n<style type=\"text\/css\" data-created_by=\"avia_inline_auto\" id=\"style-css-av-umxuc4-28389ba6763cc9b635c79dea6ee155c3\">\n#top .hr.hr-invisible.av-umxuc4-28389ba6763cc9b635c79dea6ee155c3{\nheight:20px;\n}\n<\/style>\n<div  class='hr av-umxuc4-28389ba6763cc9b635c79dea6ee155c3 hr-invisible  avia-builder-el-51  el_after_av_textblock  avia-builder-el-last '><span class='hr-inner '><span class=\"hr-inner-style\"><\/span><\/span><\/div><\/p><\/div><\/div><!--close column table wrapper. Autoclose: 1 -->\n\n<style type=\"text\/css\" data-created_by=\"avia_inline_auto\" id=\"style-css-av-s6peoy-3d8e6ba51cb73b0b95068f0e5c8c5bc3\">\n.flex_column.av-s6peoy-3d8e6ba51cb73b0b95068f0e5c8c5bc3{\nborder-radius:0px 0px 0px 0px;\npadding:10px 10px 10px 10px;\nbackground-color:#f2f2f2;\n}\n<\/style>\n<div  class='flex_column av-s6peoy-3d8e6ba51cb73b0b95068f0e5c8c5bc3 av_one_full  avia-builder-el-52  el_after_av_one_third  el_before_av_one_full  first flex_column_div  column-top-margin'     ><section  class='av_textblock_section av-m7x9d8z9-e1e349826468fe1001d31027428d721d '  ><div class='avia_textblock' ><p><strong>Lesen Sie mehr:<\/strong><\/p>\n<ul>\n<li>kindergarten heute \u2013 Das Fachmagazin f\u00fcr Fr\u00fchp\u00e4dagogik: Kinderkonferenz im Kindergarten:<br \/>\n<a href=\"https:\/\/www.herder.de\/kiga-heute\/fachbegriffe\/kinderkonferenz\/#head-accordion-2\" target=\"_blank\" rel=\"noopener\">https:\/\/www.herder.de\/kiga-heute\/fachbegriffe\/kinderkonferenz\/#head-accordion-2<\/a><\/li>\n<li>Kinderzentren Kunterbunt gGmbH: Wir haben jetzt einen Kinderrat:<br \/>\n<a href=\"https:\/\/kinderzentren.de\/wir-haben-jetzt-einen-kinderrat\/\" target=\"_blank\" rel=\"noopener\">https:\/\/kinderzentren.de\/wir-haben-jetzt-einen-kinderrat\/<\/a><\/li>\n<li>N\u00f6ll, Imke: Kinder beteiligen \u2013 Ich bin daf\u00fcr!, Ausgabe 5_2019, 49 Jahrgang, S. 14 \u2013 17:<br \/>\n<a href=\"https:\/\/www.herder.de\/kiga-heute\/fachmagazin\/archiv\/2019-49-jg\/5-2019\/ich-bin-dafuer-kinder-beteiligen\/\" target=\"_blank\" rel=\"noopener\">https:\/\/www.herder.de\/kiga-heute\/fachmagazin\/archiv\/2019-49-jg\/5-2019\/ich-bin-dafuer-kinder-beteiligen\/<\/a><\/li>\n<li>S., Ralf-Ingo: Kinderkonferenz in der Kita: Partizipation der J\u00fcngsten, 22.07.2025:<br \/>\n<a href=\"https:\/\/www.kita.de\/wissen\/kinderkonferenz\/\" target=\"_blank\" rel=\"noopener\">https:\/\/www.kita.de\/wissen\/kinderkonferenz\/<\/a><\/li>\n<li>Z\u00fchlke, Eckehard: Kinderkonferenzen: \u201eKinder h\u00f6ren mehr auf andere Kinder als auf Erwachsene\u201c, 17.08.2015:<br \/>\n<a href=\"https:\/\/www.kindergartenpaedagogik.de\/fachartikel\/gruppenleitung-erzieherin-kind-beziehung-partizipation\/mitbestimmung-der-kinder-partizipation\/kinderkonferenzen\/\" target=\"_blank\" rel=\"noopener\">https:\/\/www.kindergartenpaedagogik.de\/fachartikel\/gruppenleitung-erzieherin-kind-beziehung-partizipation\/mitbestimmung-der-kinder-partizipation\/kinderkonferenzen\/<\/a><\/li>\n<li>Protokollvorlage:<br \/>\n<a href=\"https:\/\/www.partizipation-kita.de\/fileadmin\/partizipation-kita\/protokoll_kinderkonferenz.pdf\" target=\"_blank\" rel=\"noopener\">https:\/\/www.partizipation-kita.de\/fileadmin\/partizipation-kita\/protokoll_kinderkonferenz.pdf<\/a><\/li>\n<\/ul>\n<\/div><\/section><\/div>\n\n<style type=\"text\/css\" data-created_by=\"avia_inline_auto\" id=\"style-css-av-4a8f13-8282735e1a69d4252a8ab107757df204\">\n.flex_column.av-4a8f13-8282735e1a69d4252a8ab107757df204{\nborder-radius:0px 0px 0px 0px;\npadding:10px 10px 10px 10px;\n}\n<\/style>\n<div  class='flex_column av-4a8f13-8282735e1a69d4252a8ab107757df204 av_one_full  avia-builder-el-54  el_after_av_one_full  el_before_av_one_full  first flex_column_div  column-top-margin'     ><section  class='av_textblock_section av-2ibyo7-105f90c883c0b4406936f8076e5ba294 '  ><div class='avia_textblock' ><p class=\"copyright\"><strong>\u00a9 Copyright \u2013 Urheberrechtshinweis<\/strong><br \/>\nAlle Inhalte auf www.backwinkel.de sowie www.backwinkel.de\/blog, insbesondere Texte, Fotografien und Grafiken, sind urheberrechtlich gesch\u00fctzt.<br \/>\nDas Urheberrecht liegt, soweit nicht ausdr\u00fccklich anders gekennzeichnet, bei der BACKWINKEL GmbH. Bitte fragen Sie uns, falls Sie die Inhalte dieses Internetangebotes verwenden m\u00f6chten.<br \/>\nWer gegen das Urheberrecht verst\u00f6\u00dft (z. B. Bilder oder Texte unerlaubt kopiert), macht sich gem. \u00a7\u00a7 106 ff UrhG strafbar, wird zudem kostenpflichtig abgemahnt und muss Schadensersatz leisten (\u00a7 97 UrhG).<\/p>\n<\/div><\/section><\/div>\n\n<style type=\"text\/css\" data-created_by=\"avia_inline_auto\" id=\"style-css-av-1p82t-b0e9719fe6c67aa5c6d1abf813961e55\">\n.flex_column.av-1p82t-b0e9719fe6c67aa5c6d1abf813961e55{\nborder-radius:0px 0px 0px 0px;\npadding:0px 0px 0px 0px;\n}\n<\/style>\n<div  class='flex_column av-1p82t-b0e9719fe6c67aa5c6d1abf813961e55 av_one_full  avia-builder-el-56  el_after_av_one_full  avia-builder-el-last  first flex_column_div av-zero-column-padding  column-top-margin'     ><p><section  class='av_textblock_section av-jlp4hxqo-91baaad30cd61f89630d15f8561d1750 '  ><div class='avia_textblock' ><div class=\"shariff shariff-align-left shariff-widget-align-left\"><ul class=\"shariff-buttons theme-color orientation-horizontal buttonsize-medium\"><li class=\"shariff-button whatsapp shariff-nocustomcolor\" style=\"background-color:#5cbe4a\"><a href=\"https:\/\/api.whatsapp.com\/send?text=https%3A%2F%2Fwww.backwinkel.de%2Fblog%2Fkinderkonferenz%2F%20Kinderkonferenz%2C%20Kinderrat%2C%20Kinderparlament\" title=\"Bei Whatsapp teilen\" aria-label=\"Bei Whatsapp teilen\" role=\"button\" rel=\"noopener nofollow\" class=\"shariff-link\" style=\"; background-color:#34af23; color:#fff\" target=\"_blank\"><span class=\"shariff-icon\" style=\"\"><svg width=\"32px\" height=\"20px\" xmlns=\"http:\/\/www.w3.org\/2000\/svg\" viewBox=\"0 0 32 32\"><path fill=\"#34af23\" d=\"M17.6 17.4q0.2 0 1.7 0.8t1.6 0.9q0 0.1 0 0.3 0 0.6-0.3 1.4-0.3 0.7-1.3 1.2t-1.8 0.5q-1 0-3.4-1.1-1.7-0.8-3-2.1t-2.6-3.3q-1.3-1.9-1.3-3.5v-0.1q0.1-1.6 1.3-2.8 0.4-0.4 0.9-0.4 0.1 0 0.3 0t0.3 0q0.3 0 0.5 0.1t0.3 0.5q0.1 0.4 0.6 1.6t0.4 1.3q0 0.4-0.6 1t-0.6 0.8q0 0.1 0.1 0.3 0.6 1.3 1.8 2.4 1 0.9 2.7 1.8 0.2 0.1 0.4 0.1 0.3 0 1-0.9t0.9-0.9zM14 26.9q2.3 0 4.3-0.9t3.6-2.4 2.4-3.6 0.9-4.3-0.9-4.3-2.4-3.6-3.6-2.4-4.3-0.9-4.3 0.9-3.6 2.4-2.4 3.6-0.9 4.3q0 3.6 2.1 6.6l-1.4 4.2 4.3-1.4q2.8 1.9 6.2 1.9zM14 2.2q2.7 0 5.2 1.1t4.3 2.9 2.9 4.3 1.1 5.2-1.1 5.2-2.9 4.3-4.3 2.9-5.2 1.1q-3.5 0-6.5-1.7l-7.4 2.4 2.4-7.2q-1.9-3.2-1.9-6.9 0-2.7 1.1-5.2t2.9-4.3 4.3-2.9 5.2-1.1z\"\/><\/svg><\/span><span class=\"shariff-text\">teilen<\/span>&nbsp;<\/a><\/li><li class=\"shariff-button facebook shariff-nocustomcolor\" style=\"background-color:#4273c8\"><a href=\"https:\/\/www.facebook.com\/sharer\/sharer.php?u=https%3A%2F%2Fwww.backwinkel.de%2Fblog%2Fkinderkonferenz%2F\" title=\"Bei Facebook teilen\" aria-label=\"Bei Facebook teilen\" role=\"button\" rel=\"nofollow\" class=\"shariff-link\" style=\"; background-color:#3b5998; color:#fff\" target=\"_blank\"><span class=\"shariff-icon\" style=\"\"><svg width=\"32px\" height=\"20px\" xmlns=\"http:\/\/www.w3.org\/2000\/svg\" viewBox=\"0 0 18 32\"><path fill=\"#3b5998\" d=\"M17.1 0.2v4.7h-2.8q-1.5 0-2.1 0.6t-0.5 1.9v3.4h5.2l-0.7 5.3h-4.5v13.6h-5.5v-13.6h-4.5v-5.3h4.5v-3.9q0-3.3 1.9-5.2t5-1.8q2.6 0 4.1 0.2z\"\/><\/svg><\/span><span class=\"shariff-text\">teilen<\/span>&nbsp;<\/a><\/li><li class=\"shariff-button twitter shariff-nocustomcolor\" style=\"background-color:#595959\"><a href=\"https:\/\/twitter.com\/share?url=https%3A%2F%2Fwww.backwinkel.de%2Fblog%2Fkinderkonferenz%2F&text=Kinderkonferenz%2C%20Kinderrat%2C%20Kinderparlament\" title=\"Bei X teilen\" aria-label=\"Bei X teilen\" role=\"button\" rel=\"noopener nofollow\" class=\"shariff-link\" style=\"; background-color:#000; color:#fff\" target=\"_blank\"><span class=\"shariff-icon\" style=\"\"><svg width=\"32px\" height=\"20px\" xmlns=\"http:\/\/www.w3.org\/2000\/svg\" viewBox=\"0 0 24 24\"><path fill=\"#000\" d=\"M14.258 10.152L23.176 0h-2.113l-7.747 8.813L7.133 0H0l9.352 13.328L0 23.973h2.113l8.176-9.309 6.531 9.309h7.133zm-2.895 3.293l-.949-1.328L2.875 1.56h3.246l6.086 8.523.945 1.328 7.91 11.078h-3.246zm0 0\"\/><\/svg><\/span><span class=\"shariff-text\">teilen<\/span>&nbsp;<\/a><\/li><li class=\"shariff-button pinterest shariff-nocustomcolor\" style=\"background-color:#e70f18\"><a href=\"https:\/\/www.pinterest.com\/pin\/create\/link\/?url=https%3A%2F%2Fwww.backwinkel.de%2Fblog%2Fkinderkonferenz%2F&media=https%3A%2F%2Fwww.backwinkel.de%2Fblog%2Fwp-content%2Fuploads%2F2025%2F09%2F10_Kiga_Kinderparlament_heroimage.jpg&description=Kinderkonferenz%2C%20Kinderrat%2C%20Kinderparlament\" title=\"Bei Pinterest pinnen\" aria-label=\"Bei Pinterest pinnen\" role=\"button\" rel=\"noopener nofollow\" class=\"shariff-link\" style=\"; background-color:#cb2027; color:#fff\" target=\"_blank\"><span class=\"shariff-icon\" style=\"\"><svg width=\"32px\" height=\"20px\" xmlns=\"http:\/\/www.w3.org\/2000\/svg\" viewBox=\"0 0 27 32\"><path fill=\"#cb2027\" d=\"M27.4 16q0 3.7-1.8 6.9t-5 5-6.9 1.9q-2 0-3.9-0.6 1.1-1.7 1.4-2.9 0.2-0.6 1-3.8 0.4 0.7 1.3 1.2t2 0.5q2.1 0 3.8-1.2t2.7-3.4 0.9-4.8q0-2-1.1-3.8t-3.1-2.9-4.5-1.2q-1.9 0-3.5 0.5t-2.8 1.4-2 2-1.2 2.3-0.4 2.4q0 1.9 0.7 3.3t2.1 2q0.5 0.2 0.7-0.4 0-0.1 0.1-0.5t0.2-0.5q0.1-0.4-0.2-0.8-0.9-1.1-0.9-2.7 0-2.7 1.9-4.6t4.9-2q2.7 0 4.2 1.5t1.5 3.8q0 3-1.2 5.2t-3.1 2.1q-1.1 0-1.7-0.8t-0.4-1.9q0.1-0.6 0.5-1.7t0.5-1.8 0.2-1.4q0-0.9-0.5-1.5t-1.4-0.6q-1.1 0-1.9 1t-0.8 2.6q0 1.3 0.4 2.2l-1.8 7.5q-0.3 1.2-0.2 3.2-3.7-1.6-6-5t-2.3-7.6q0-3.7 1.9-6.9t5-5 6.9-1.9 6.9 1.9 5 5 1.8 6.9z\"\/><\/svg><\/span><span class=\"shariff-text\">merken<\/span>&nbsp;<\/a><\/li><li class=\"shariff-button mailto shariff-nocustomcolor\" style=\"background-color:#a8a8a8\"><a href=\"mailto:?body=https%3A%2F%2Fwww.backwinkel.de%2Fblog%2Fkinderkonferenz%2F&subject=Kinderkonferenz%2C%20Kinderrat%2C%20Kinderparlament\" title=\"Per E-Mail versenden\" aria-label=\"Per E-Mail versenden\" role=\"button\" rel=\"noopener nofollow\" class=\"shariff-link\" style=\"; background-color:#999; color:#fff\"><span class=\"shariff-icon\" style=\"\"><svg width=\"32px\" height=\"20px\" xmlns=\"http:\/\/www.w3.org\/2000\/svg\" viewBox=\"0 0 32 32\"><path fill=\"#999\" d=\"M32 12.7v14.2q0 1.2-0.8 2t-2 0.9h-26.3q-1.2 0-2-0.9t-0.8-2v-14.2q0.8 0.9 1.8 1.6 6.5 4.4 8.9 6.1 1 0.8 1.6 1.2t1.7 0.9 2 0.4h0.1q0.9 0 2-0.4t1.7-0.9 1.6-1.2q3-2.2 8.9-6.1 1-0.7 1.8-1.6zM32 7.4q0 1.4-0.9 2.7t-2.2 2.2q-6.7 4.7-8.4 5.8-0.2 0.1-0.7 0.5t-1 0.7-0.9 0.6-1.1 0.5-0.9 0.2h-0.1q-0.4 0-0.9-0.2t-1.1-0.5-0.9-0.6-1-0.7-0.7-0.5q-1.6-1.1-4.7-3.2t-3.6-2.6q-1.1-0.7-2.1-2t-1-2.5q0-1.4 0.7-2.3t2.1-0.9h26.3q1.2 0 2 0.8t0.9 2z\"\/><\/svg><\/span><span class=\"shariff-text\">E-Mail<\/span>&nbsp;<\/a><\/li><\/ul><\/div>\n<\/div><\/section><br \/>\n<div  class='tabcontainer av-jlq8shhr-81242121e684ca07ed7e4b689c7d9116 top_tab  avia-builder-el-58  el_after_av_textblock  el_before_av_hr '>\n<section class='av_tab_section av_tab_section av-4w8jsn-bbdf9e923dedb1db49ad7c5dc47ef632' ><div id='tab-id-1-tab' class='tab active_tab' role='tab' aria-selected=\"true\" tabindex=\"0\" data-fake-id='#tab-id-1' aria-controls='tab-id-1-content' >Das BACKWINKEL-Blog-Team:<\/div><div id='tab-id-1-content' class='tab_content active_tab_content' role='tabpanel' aria-labelledby='tab-id-1-tab' aria-hidden=\"false\"><div class='tab_inner_content invers-color' ><p>Gibts auch ein Gesicht hinter dem BACKWINKEL-Blog? Nat\u00fcrlich. Sogar f\u00fcnf \ud83d\ude0a. Wir \u2013 Lukas, Marvin und Tatjana \u2013 bespielen unseren Blog im LACHEN LEBEN LERNEN-Firmensitz in Hattingen.<br \/>\nLukas kennt Onlinemarketing wie seine Westentasche, w\u00e4hrend Marvin unseren Beitr\u00e4gen den passenden gestalterischen Rahmen gibt und Tatjana mit dem gr\u00fcnen Korrekturstift alles pr\u00fcfend be\u00e4ugt, was unsere Freelancerautorinnen Elisa und Christine (und gern auch Gastautoren) aus der Ferne f\u00fcr den BACKWINKEL-Blog nach ordentlicher Recherche schreiben.<br \/>\nGemeinsam suchen wir st\u00e4ndig nach neuen, aufregenden Themen rund um das Thema Bildung im Kiga, der Schule und zu Hause. Und weil Sie da an der Quelle sitzen, freuen wir uns auf Ihre konstruktiven R\u00fcckmeldungen und Anregungen an blog[@]backwinkel.de<br \/>\nViel Spa\u00df beim LACHEN LESEN LERNEN!<\/p>\n<\/div><\/div><\/section>\n<\/div><br \/>\n\n<style type=\"text\/css\" data-created_by=\"avia_inline_auto\" id=\"style-css-av-jkuvdh82-b6ea5d9aca5d02d0d62bf300de93e492\">\n#top .hr.av-jkuvdh82-b6ea5d9aca5d02d0d62bf300de93e492{\nmargin-top:10px;\nmargin-bottom:10px;\n}\n.hr.av-jkuvdh82-b6ea5d9aca5d02d0d62bf300de93e492 .hr-inner{\nwidth:500;\n}\n<\/style>\n<div  class='hr av-jkuvdh82-b6ea5d9aca5d02d0d62bf300de93e492 hr-custom  avia-builder-el-59  el_after_av_tab_container  el_before_av_heading  hr-left hr-icon-no'><span class='hr-inner inner-border-av-border-thin'><span class=\"hr-inner-style\"><\/span><\/span><\/div><br \/>\n\n<style type=\"text\/css\" data-created_by=\"avia_inline_auto\" id=\"style-css-av-2rgq8p-eea5960d1a3bca7958b11dcc59b35b67\">\n#top .av-special-heading.av-2rgq8p-eea5960d1a3bca7958b11dcc59b35b67{\npadding-bottom:10px;\n}\nbody .av-special-heading.av-2rgq8p-eea5960d1a3bca7958b11dcc59b35b67 .av-special-heading-tag .heading-char{\nfont-size:25px;\n}\n.av-special-heading.av-2rgq8p-eea5960d1a3bca7958b11dcc59b35b67 .av-subheading{\nfont-size:15px;\n}\n<\/style>\n<div  class='av-special-heading av-2rgq8p-eea5960d1a3bca7958b11dcc59b35b67 av-special-heading-h3 blockquote modern-quote  avia-builder-el-60  el_after_av_hr  el_before_av_blog '><h3 class='av-special-heading-tag '  >PASSENDE BEITR\u00c4GE<\/h3><div class=\"special-heading-border\"><div class=\"special-heading-inner-border\"><\/div><\/div><\/div><br \/>\n<div  data-slideshow-options=\"{&quot;animation&quot;:&quot;fade&quot;,&quot;autoplay&quot;:false,&quot;loop_autoplay&quot;:&quot;once&quot;,&quot;interval&quot;:5,&quot;loop_manual&quot;:&quot;manual-endless&quot;,&quot;autoplay_stopper&quot;:false,&quot;noNavigation&quot;:false,&quot;show_slide_delay&quot;:90}\" class='avia-content-slider avia-content-grid-active avia-content-slider1 avia-content-slider-odd  avia-builder-el-61  el_after_av_heading  avia-builder-el-last  av-slideshow-ui av-control-default   av-no-slider-navigation av-slideshow-manual av-loop-once av-loop-manual-endless ' ><div class=\"avia-content-slider-inner\"><div class=\"slide-entry-wrap\"><article class='slide-entry flex_column  post-entry post-entry-18633 slide-entry-overview slide-loop-1 slide-parity-odd  av_one_third first real-thumbnail posttype-post post-format-standard' ><a href='https:\/\/www.backwinkel.de\/blog\/plastik-recyceln\/' data-rel='slide-1' class='slide-image' title='Plastik recyceln'><img decoding=\"async\" fetchpriority=\"high\" width=\"1200\" height=\"628\" src=\"https:\/\/www.backwinkel.de\/blog\/wp-content\/uploads\/2026\/04\/04_Kiga_Plastik_nachhaltig_nutzen.jpg\" class=\"wp-image-18713 avia-img-lazy-loading-not-18713 attachment-no scaling size-no scaling wp-post-image\" alt=\"\" \/><\/a><div class=\"slide-content\"><header class=\"entry-content-header\" aria-label=\"Slide: Plastik recyceln\"><h3 class='slide-entry-title entry-title ' ><a href='https:\/\/www.backwinkel.de\/blog\/plastik-recyceln\/' title='Plastik recyceln'>Plastik recyceln<\/a><\/h3><span class=\"blog-categories minor-meta\"><a href=\"https:\/\/www.backwinkel.de\/blog\/category\/kindergarten-kita\/\" rel=\"tag\">Kindergarten<\/a> <\/span><span class=\"av-vertical-delimiter\"><\/span><\/header><div class='slide-entry-excerpt entry-content' >Biokunststoff f\u00fcr St\u00fchle, Materialboxen, Spielzeug und Rucks\u00e4cke<\/div><\/div><footer class=\"entry-footer\"><div class=\"slide-meta\"><time class='slide-meta-time updated' >14. April 2026<\/time><\/div><\/footer><\/article><article class='slide-entry flex_column  post-entry post-entry-18716 slide-entry-overview slide-loop-2 slide-parity-even  av_one_third  real-thumbnail posttype-post post-format-standard' ><a href='https:\/\/www.backwinkel.de\/blog\/rechnen-im-anfangsunterricht\/' data-rel='slide-1' class='slide-image' title='Rechnen im Anfangsunterricht'><img decoding=\"async\" fetchpriority=\"high\" width=\"1200\" height=\"628\" src=\"https:\/\/www.backwinkel.de\/blog\/wp-content\/uploads\/2026\/04\/04_Schule_Rechnen_anfangsunterricht.jpg\" class=\"wp-image-18748 avia-img-lazy-loading-not-18748 attachment-no scaling size-no scaling wp-post-image\" alt=\"\" \/><\/a><div class=\"slide-content\"><header class=\"entry-content-header\" aria-label=\"Slide: Rechnen im Anfangsunterricht\"><h3 class='slide-entry-title entry-title ' ><a href='https:\/\/www.backwinkel.de\/blog\/rechnen-im-anfangsunterricht\/' title='Rechnen im Anfangsunterricht'>Rechnen im Anfangsunterricht<\/a><\/h3><span class=\"blog-categories minor-meta\"><a href=\"https:\/\/www.backwinkel.de\/blog\/category\/schule-grundschule\/\" rel=\"tag\">Schule<\/a> <\/span><span class=\"av-vertical-delimiter\"><\/span><\/header><div class='slide-entry-excerpt entry-content' >Das Klassenzimmer als Lernlandschaft<\/div><\/div><footer class=\"entry-footer\"><div class=\"slide-meta\"><time class='slide-meta-time updated' >14. April 2026<\/time><\/div><\/footer><\/article><article class='slide-entry flex_column  post-entry post-entry-18372 slide-entry-overview slide-loop-3 slide-parity-odd  post-entry-last  av_one_third  real-thumbnail posttype-post post-format-standard' ><a href='https:\/\/www.backwinkel.de\/blog\/kranke-kinder-im-kindergarten\/' data-rel='slide-1' class='slide-image' title='Kranke Kinder im Kindergarten'><img decoding=\"async\" fetchpriority=\"high\" width=\"1200\" height=\"628\" src=\"https:\/\/www.backwinkel.de\/blog\/wp-content\/uploads\/2026\/03\/03_Kiga_Kranke_Kinder.jpg\" class=\"wp-image-18451 avia-img-lazy-loading-not-18451 attachment-no scaling size-no scaling wp-post-image\" alt=\"Thema: Kranke Kinder. Auf dem Bild ist ein krankes kleines M\u00e4dchen zu sehen. Eine Frau mit einem Fieberthermometer in der Hand sitzt neben ihr und hat die Hand auf der Stirn des M\u00e4dchens.\" \/><\/a><div class=\"slide-content\"><header class=\"entry-content-header\" aria-label=\"Slide: Kranke Kinder im Kindergarten\"><h3 class='slide-entry-title entry-title ' ><a href='https:\/\/www.backwinkel.de\/blog\/kranke-kinder-im-kindergarten\/' title='Kranke Kinder im Kindergarten'>Kranke Kinder im Kindergarten<\/a><\/h3><span class=\"blog-categories minor-meta\"><a href=\"https:\/\/www.backwinkel.de\/blog\/category\/kindergarten-kita\/\" rel=\"tag\">Kindergarten<\/a> <\/span><span class=\"av-vertical-delimiter\"><\/span><\/header><div class='slide-entry-excerpt entry-content' >Auswirkungen f\u00fcr Kinder, Eltern und Fachkr\u00e4fte<\/div><\/div><footer class=\"entry-footer\"><div class=\"slide-meta\"><time class='slide-meta-time updated' >9. M\u00e4rz 2026<\/time><\/div><\/footer><\/article><\/div><\/div><\/div><\/p><\/div>\n","protected":false},"excerpt":{"rendered":"<p>Demokratie zum Mitmachen<\/p>\n","protected":false},"author":1,"featured_media":17065,"comment_status":"closed","ping_status":"closed","sticky":false,"template":"","format":"standard","meta":{"inline_featured_image":false,"footnotes":""},"categories":[5],"tags":[],"class_list":["post-17048","post","type-post","status-publish","format-standard","has-post-thumbnail","hentry","category-kindergarten-kita"],"yoast_head":"<!-- This site is optimized with the Yoast SEO plugin v27.4 - https:\/\/yoast.com\/product\/yoast-seo-wordpress\/ -->\n<title>Kindergremien in der Kita \u2013 BACKWINKEL<\/title>\n<meta name=\"description\" content=\"Werkzeuge der Demokratiebildung in der Kita: So implementieren Sie Kinderkonferenzen und Kinderrat und f\u00f6rdern die Partizipation Ihrer Kinder \u00bb Jetzt lesen\" \/>\n<meta name=\"robots\" content=\"index, follow, max-snippet:-1, max-image-preview:large, max-video-preview:-1\" \/>\n<link rel=\"canonical\" href=\"https:\/\/www.backwinkel.de\/blog\/kinderkonferenz\/\" \/>\n<meta property=\"og:locale\" content=\"de_DE\" \/>\n<meta property=\"og:type\" content=\"article\" \/>\n<meta property=\"og:title\" content=\"Kindergremien in der Kita \u2013 BACKWINKEL\" \/>\n<meta property=\"og:description\" content=\"Werkzeuge der Demokratiebildung in der Kita: So implementieren Sie Kinderkonferenzen und Kinderrat und f\u00f6rdern die Partizipation Ihrer Kinder \u00bb Jetzt lesen\" \/>\n<meta property=\"og:url\" content=\"https:\/\/www.backwinkel.de\/blog\/kinderkonferenz\/\" \/>\n<meta property=\"og:site_name\" content=\"BACKWINKEL Blog\" \/>\n<meta property=\"article:published_time\" content=\"2025-10-06T07:13:17+00:00\" \/>\n<meta property=\"article:modified_time\" content=\"2026-04-22T06:58:18+00:00\" \/>\n<meta property=\"og:image\" content=\"https:\/\/www.backwinkel.de\/blog\/wp-content\/uploads\/2025\/09\/10_Kiga_Kinderparlament_heroimage.jpg\" \/>\n\t<meta property=\"og:image:width\" content=\"1200\" \/>\n\t<meta property=\"og:image:height\" content=\"628\" \/>\n\t<meta property=\"og:image:type\" content=\"image\/jpeg\" \/>\n<meta name=\"author\" content=\"admin_backwinkel\" \/>\n<meta name=\"twitter:card\" content=\"summary_large_image\" \/>\n<meta name=\"twitter:label1\" content=\"Verfasst von\" \/>\n\t<meta name=\"twitter:data1\" content=\"admin_backwinkel\" \/>\n\t<meta name=\"twitter:label2\" content=\"Gesch\u00e4tzte Lesezeit\" \/>\n\t<meta name=\"twitter:data2\" content=\"15\u00a0Minuten\" \/>\n<script type=\"application\/ld+json\" class=\"yoast-schema-graph\">{\"@context\":\"https:\\\/\\\/schema.org\",\"@graph\":[{\"@type\":\"Article\",\"@id\":\"https:\\\/\\\/www.backwinkel.de\\\/blog\\\/kinderkonferenz\\\/#article\",\"isPartOf\":{\"@id\":\"https:\\\/\\\/www.backwinkel.de\\\/blog\\\/kinderkonferenz\\\/\"},\"author\":{\"name\":\"admin_backwinkel\",\"@id\":\"https:\\\/\\\/www.backwinkel.de\\\/blog\\\/#\\\/schema\\\/person\\\/88b842297c0e471020a66f4476633cf2\"},\"headline\":\"Kinderkonferenz, Kinderrat, Kinderparlament\",\"datePublished\":\"2025-10-06T07:13:17+00:00\",\"dateModified\":\"2026-04-22T06:58:18+00:00\",\"mainEntityOfPage\":{\"@id\":\"https:\\\/\\\/www.backwinkel.de\\\/blog\\\/kinderkonferenz\\\/\"},\"wordCount\":7739,\"image\":{\"@id\":\"https:\\\/\\\/www.backwinkel.de\\\/blog\\\/kinderkonferenz\\\/#primaryimage\"},\"thumbnailUrl\":\"https:\\\/\\\/www.backwinkel.de\\\/blog\\\/wp-content\\\/uploads\\\/2025\\\/09\\\/10_Kiga_Kinderparlament_heroimage.jpg\",\"articleSection\":[\"Kindergarten\"],\"inLanguage\":\"de\"},{\"@type\":\"WebPage\",\"@id\":\"https:\\\/\\\/www.backwinkel.de\\\/blog\\\/kinderkonferenz\\\/\",\"url\":\"https:\\\/\\\/www.backwinkel.de\\\/blog\\\/kinderkonferenz\\\/\",\"name\":\"Kindergremien in der Kita \u2013 BACKWINKEL\",\"isPartOf\":{\"@id\":\"https:\\\/\\\/www.backwinkel.de\\\/blog\\\/#website\"},\"primaryImageOfPage\":{\"@id\":\"https:\\\/\\\/www.backwinkel.de\\\/blog\\\/kinderkonferenz\\\/#primaryimage\"},\"image\":{\"@id\":\"https:\\\/\\\/www.backwinkel.de\\\/blog\\\/kinderkonferenz\\\/#primaryimage\"},\"thumbnailUrl\":\"https:\\\/\\\/www.backwinkel.de\\\/blog\\\/wp-content\\\/uploads\\\/2025\\\/09\\\/10_Kiga_Kinderparlament_heroimage.jpg\",\"datePublished\":\"2025-10-06T07:13:17+00:00\",\"dateModified\":\"2026-04-22T06:58:18+00:00\",\"author\":{\"@id\":\"https:\\\/\\\/www.backwinkel.de\\\/blog\\\/#\\\/schema\\\/person\\\/88b842297c0e471020a66f4476633cf2\"},\"description\":\"Werkzeuge der Demokratiebildung in der Kita: So implementieren Sie Kinderkonferenzen und Kinderrat und f\u00f6rdern die Partizipation Ihrer Kinder \u00bb Jetzt lesen\",\"breadcrumb\":{\"@id\":\"https:\\\/\\\/www.backwinkel.de\\\/blog\\\/kinderkonferenz\\\/#breadcrumb\"},\"inLanguage\":\"de\",\"potentialAction\":[{\"@type\":\"ReadAction\",\"target\":[\"https:\\\/\\\/www.backwinkel.de\\\/blog\\\/kinderkonferenz\\\/\"]}]},{\"@type\":\"ImageObject\",\"inLanguage\":\"de\",\"@id\":\"https:\\\/\\\/www.backwinkel.de\\\/blog\\\/kinderkonferenz\\\/#primaryimage\",\"url\":\"https:\\\/\\\/www.backwinkel.de\\\/blog\\\/wp-content\\\/uploads\\\/2025\\\/09\\\/10_Kiga_Kinderparlament_heroimage.jpg\",\"contentUrl\":\"https:\\\/\\\/www.backwinkel.de\\\/blog\\\/wp-content\\\/uploads\\\/2025\\\/09\\\/10_Kiga_Kinderparlament_heroimage.jpg\",\"width\":1200,\"height\":628},{\"@type\":\"BreadcrumbList\",\"@id\":\"https:\\\/\\\/www.backwinkel.de\\\/blog\\\/kinderkonferenz\\\/#breadcrumb\",\"itemListElement\":[{\"@type\":\"ListItem\",\"position\":1,\"name\":\"Startseite\",\"item\":\"https:\\\/\\\/blog.backwinkel.de\\\/aktuelles\\\/\"},{\"@type\":\"ListItem\",\"position\":2,\"name\":\"Kinderkonferenz, Kinderrat, Kinderparlament\"}]},{\"@type\":\"WebSite\",\"@id\":\"https:\\\/\\\/www.backwinkel.de\\\/blog\\\/#website\",\"url\":\"https:\\\/\\\/www.backwinkel.de\\\/blog\\\/\",\"name\":\"BACKWINKEL Blog\",\"description\":\"f\u00fcr Lehrer, Erzieher und Eltern\",\"potentialAction\":[{\"@type\":\"SearchAction\",\"target\":{\"@type\":\"EntryPoint\",\"urlTemplate\":\"https:\\\/\\\/www.backwinkel.de\\\/blog\\\/?s={search_term_string}\"},\"query-input\":{\"@type\":\"PropertyValueSpecification\",\"valueRequired\":true,\"valueName\":\"search_term_string\"}}],\"inLanguage\":\"de\"},{\"@type\":\"Person\",\"@id\":\"https:\\\/\\\/www.backwinkel.de\\\/blog\\\/#\\\/schema\\\/person\\\/88b842297c0e471020a66f4476633cf2\",\"name\":\"admin_backwinkel\",\"url\":\"https:\\\/\\\/www.backwinkel.de\\\/blog\\\/author\\\/admin_backwinkel\\\/\"}]}<\/script>\n<!-- \/ Yoast SEO plugin. -->","yoast_head_json":{"title":"Kindergremien in der Kita \u2013 BACKWINKEL","description":"Werkzeuge der Demokratiebildung in der Kita: So implementieren Sie Kinderkonferenzen und Kinderrat und f\u00f6rdern die Partizipation Ihrer Kinder \u00bb Jetzt lesen","robots":{"index":"index","follow":"follow","max-snippet":"max-snippet:-1","max-image-preview":"max-image-preview:large","max-video-preview":"max-video-preview:-1"},"canonical":"https:\/\/www.backwinkel.de\/blog\/kinderkonferenz\/","og_locale":"de_DE","og_type":"article","og_title":"Kindergremien in der Kita \u2013 BACKWINKEL","og_description":"Werkzeuge der Demokratiebildung in der Kita: So implementieren Sie Kinderkonferenzen und Kinderrat und f\u00f6rdern die Partizipation Ihrer Kinder \u00bb Jetzt lesen","og_url":"https:\/\/www.backwinkel.de\/blog\/kinderkonferenz\/","og_site_name":"BACKWINKEL Blog","article_published_time":"2025-10-06T07:13:17+00:00","article_modified_time":"2026-04-22T06:58:18+00:00","og_image":[{"width":1200,"height":628,"url":"https:\/\/www.backwinkel.de\/blog\/wp-content\/uploads\/2025\/09\/10_Kiga_Kinderparlament_heroimage.jpg","type":"image\/jpeg"}],"author":"admin_backwinkel","twitter_card":"summary_large_image","twitter_misc":{"Verfasst von":"admin_backwinkel","Gesch\u00e4tzte Lesezeit":"15\u00a0Minuten"},"schema":{"@context":"https:\/\/schema.org","@graph":[{"@type":"Article","@id":"https:\/\/www.backwinkel.de\/blog\/kinderkonferenz\/#article","isPartOf":{"@id":"https:\/\/www.backwinkel.de\/blog\/kinderkonferenz\/"},"author":{"name":"admin_backwinkel","@id":"https:\/\/www.backwinkel.de\/blog\/#\/schema\/person\/88b842297c0e471020a66f4476633cf2"},"headline":"Kinderkonferenz, Kinderrat, Kinderparlament","datePublished":"2025-10-06T07:13:17+00:00","dateModified":"2026-04-22T06:58:18+00:00","mainEntityOfPage":{"@id":"https:\/\/www.backwinkel.de\/blog\/kinderkonferenz\/"},"wordCount":7739,"image":{"@id":"https:\/\/www.backwinkel.de\/blog\/kinderkonferenz\/#primaryimage"},"thumbnailUrl":"https:\/\/www.backwinkel.de\/blog\/wp-content\/uploads\/2025\/09\/10_Kiga_Kinderparlament_heroimage.jpg","articleSection":["Kindergarten"],"inLanguage":"de"},{"@type":"WebPage","@id":"https:\/\/www.backwinkel.de\/blog\/kinderkonferenz\/","url":"https:\/\/www.backwinkel.de\/blog\/kinderkonferenz\/","name":"Kindergremien in der Kita \u2013 BACKWINKEL","isPartOf":{"@id":"https:\/\/www.backwinkel.de\/blog\/#website"},"primaryImageOfPage":{"@id":"https:\/\/www.backwinkel.de\/blog\/kinderkonferenz\/#primaryimage"},"image":{"@id":"https:\/\/www.backwinkel.de\/blog\/kinderkonferenz\/#primaryimage"},"thumbnailUrl":"https:\/\/www.backwinkel.de\/blog\/wp-content\/uploads\/2025\/09\/10_Kiga_Kinderparlament_heroimage.jpg","datePublished":"2025-10-06T07:13:17+00:00","dateModified":"2026-04-22T06:58:18+00:00","author":{"@id":"https:\/\/www.backwinkel.de\/blog\/#\/schema\/person\/88b842297c0e471020a66f4476633cf2"},"description":"Werkzeuge der Demokratiebildung in der Kita: So implementieren Sie Kinderkonferenzen und Kinderrat und f\u00f6rdern die Partizipation Ihrer Kinder \u00bb Jetzt lesen","breadcrumb":{"@id":"https:\/\/www.backwinkel.de\/blog\/kinderkonferenz\/#breadcrumb"},"inLanguage":"de","potentialAction":[{"@type":"ReadAction","target":["https:\/\/www.backwinkel.de\/blog\/kinderkonferenz\/"]}]},{"@type":"ImageObject","inLanguage":"de","@id":"https:\/\/www.backwinkel.de\/blog\/kinderkonferenz\/#primaryimage","url":"https:\/\/www.backwinkel.de\/blog\/wp-content\/uploads\/2025\/09\/10_Kiga_Kinderparlament_heroimage.jpg","contentUrl":"https:\/\/www.backwinkel.de\/blog\/wp-content\/uploads\/2025\/09\/10_Kiga_Kinderparlament_heroimage.jpg","width":1200,"height":628},{"@type":"BreadcrumbList","@id":"https:\/\/www.backwinkel.de\/blog\/kinderkonferenz\/#breadcrumb","itemListElement":[{"@type":"ListItem","position":1,"name":"Startseite","item":"https:\/\/blog.backwinkel.de\/aktuelles\/"},{"@type":"ListItem","position":2,"name":"Kinderkonferenz, Kinderrat, Kinderparlament"}]},{"@type":"WebSite","@id":"https:\/\/www.backwinkel.de\/blog\/#website","url":"https:\/\/www.backwinkel.de\/blog\/","name":"BACKWINKEL Blog","description":"f\u00fcr Lehrer, Erzieher und Eltern","potentialAction":[{"@type":"SearchAction","target":{"@type":"EntryPoint","urlTemplate":"https:\/\/www.backwinkel.de\/blog\/?s={search_term_string}"},"query-input":{"@type":"PropertyValueSpecification","valueRequired":true,"valueName":"search_term_string"}}],"inLanguage":"de"},{"@type":"Person","@id":"https:\/\/www.backwinkel.de\/blog\/#\/schema\/person\/88b842297c0e471020a66f4476633cf2","name":"admin_backwinkel","url":"https:\/\/www.backwinkel.de\/blog\/author\/admin_backwinkel\/"}]}},"_links":{"self":[{"href":"https:\/\/www.backwinkel.de\/blog\/wp-json\/wp\/v2\/posts\/17048","targetHints":{"allow":["GET"]}}],"collection":[{"href":"https:\/\/www.backwinkel.de\/blog\/wp-json\/wp\/v2\/posts"}],"about":[{"href":"https:\/\/www.backwinkel.de\/blog\/wp-json\/wp\/v2\/types\/post"}],"author":[{"embeddable":true,"href":"https:\/\/www.backwinkel.de\/blog\/wp-json\/wp\/v2\/users\/1"}],"replies":[{"embeddable":true,"href":"https:\/\/www.backwinkel.de\/blog\/wp-json\/wp\/v2\/comments?post=17048"}],"version-history":[{"count":13,"href":"https:\/\/www.backwinkel.de\/blog\/wp-json\/wp\/v2\/posts\/17048\/revisions"}],"predecessor-version":[{"id":18838,"href":"https:\/\/www.backwinkel.de\/blog\/wp-json\/wp\/v2\/posts\/17048\/revisions\/18838"}],"wp:featuredmedia":[{"embeddable":true,"href":"https:\/\/www.backwinkel.de\/blog\/wp-json\/wp\/v2\/media\/17065"}],"wp:attachment":[{"href":"https:\/\/www.backwinkel.de\/blog\/wp-json\/wp\/v2\/media?parent=17048"}],"wp:term":[{"taxonomy":"category","embeddable":true,"href":"https:\/\/www.backwinkel.de\/blog\/wp-json\/wp\/v2\/categories?post=17048"},{"taxonomy":"post_tag","embeddable":true,"href":"https:\/\/www.backwinkel.de\/blog\/wp-json\/wp\/v2\/tags?post=17048"}],"curies":[{"name":"wp","href":"https:\/\/api.w.org\/{rel}","templated":true}]}}