{"id":16948,"date":"2018-10-22T09:38:44","date_gmt":"2018-10-22T07:38:44","guid":{"rendered":"https:\/\/www.backwinkel.de\/blog\/?p=16948"},"modified":"2026-04-22T08:21:32","modified_gmt":"2026-04-22T06:21:32","slug":"sprachfoerderung-und-sprachbildung-in-krippe-kindergarten-kita-und-schule","status":"publish","type":"post","link":"https:\/\/www.backwinkel.de\/blog\/sprachfoerderung-und-sprachbildung-in-krippe-kindergarten-kita-und-schule\/","title":{"rendered":"Spielen ist Silber, Reden ist Gold"},"content":{"rendered":"\n<style type=\"text\/css\" data-created_by=\"avia_inline_auto\" id=\"style-css-av-8vdv8-f7e0dae999cc49bc529a70f67b346526\">\n.flex_column.av-8vdv8-f7e0dae999cc49bc529a70f67b346526{\nborder-radius:0px 0px 0px 0px;\npadding:0px 0px 0px 0px;\n}\n<\/style>\n<div  class='flex_column av-8vdv8-f7e0dae999cc49bc529a70f67b346526 av_one_full  avia-builder-el-0  el_before_av_two_third  avia-builder-el-first  first flex_column_div av-zero-column-padding  '     ><p>\n<style type=\"text\/css\" data-created_by=\"avia_inline_auto\" id=\"style-css-av-jlp037mg-7e929a8ff0e76acaa056111da99b4476\">\n#top .hr.hr-invisible.av-jlp037mg-7e929a8ff0e76acaa056111da99b4476{\nmargin-top:0px;\nheight:1px;\n}\n<\/style>\n<div  class='hr av-jlp037mg-7e929a8ff0e76acaa056111da99b4476 hr-invisible  avia-builder-el-1  el_before_av_heading  avia-builder-el-first '><span class='hr-inner '><span class=\"hr-inner-style\"><\/span><\/span><\/div><br \/>\n\n<style type=\"text\/css\" data-created_by=\"avia_inline_auto\" id=\"style-css-av-6we15-1650f093580d9923c127918a02fd9b7f\">\n#top .av-special-heading.av-6we15-1650f093580d9923c127918a02fd9b7f{\npadding-bottom:10px;\n}\nbody .av-special-heading.av-6we15-1650f093580d9923c127918a02fd9b7f .av-special-heading-tag .heading-char{\nfont-size:25px;\n}\n.av-special-heading.av-6we15-1650f093580d9923c127918a02fd9b7f .av-subheading{\nfont-size:14px;\n}\n<\/style>\n<div  class='av-special-heading av-6we15-1650f093580d9923c127918a02fd9b7f av-special-heading-h1 blockquote modern-quote  avia-builder-el-2  el_after_av_hr  el_before_av_post_metadata '><h1 class='av-special-heading-tag '  >Sprachf\u00f6rderung und Sprachbildung in Krippe, Kindergarten, Kita und Schule <\/h1><div class='av-subheading av-subheading_below'><p class=\"autorenname\">Ein Gastbeitrag von <a href=\"http:\/\/www.stefanie-salomon.de\/\" target=\"_blank\" rel=\"noopener\">Stefanie Salomon<\/a><\/p>\n<\/div><div class=\"special-heading-border\"><div class=\"special-heading-inner-border\"><\/div><\/div><\/div><br \/>\n\n<style type=\"text\/css\" data-created_by=\"avia_inline_auto\" id=\"style-css-av-5jxq0k-9f51218142c7b07a291ea9f787fe596d\">\n#top .av-post-metadata-container.av-5jxq0k-9f51218142c7b07a291ea9f787fe596d{\nfont-size:12px;\n}\n#top .av-post-metadata-container.av-5jxq0k-9f51218142c7b07a291ea9f787fe596d .av-post-metadata-container-inner{\nfont-size:12px;\n}\n<\/style>\n<div  class='av-post-metadata-container av-5jxq0k-9f51218142c7b07a291ea9f787fe596d av-metadata-container-align-left  avia-builder-el-3  el_after_av_heading  el_before_av_textblock  av-metadata-container-1'><div class='av-post-metadata-container-inner'><span class=\"av-post-metadata-content av-post-metadata-meta-content\"><span class=\"av-post-metadata-content av-post-metadata-modified time\"><span class=\"av-metadata-before av-metadata-before-modified time\">Aktualisiert:<\/span><span class=\"av-post-metadata-modified time-date\" >22. April 2026 8:21<\/span><\/span><span class=\"av-post-metadata-content av-post-metadata-separator\">\/<\/span><span class=\"av-post-metadata-content av-post-metadata-modified\"><span class=\"av-metadata-before av-metadata-before-modified\">Zuletzt aktualisiert:<\/span><span class=\"av-post-metadata-modified-date\" >22. April 2026<\/span><\/span><\/span><\/div><\/div><br \/>\n\n<style type=\"text\/css\" data-created_by=\"avia_inline_auto\" id=\"style-css-av-jkuubohz-5e213d7eafafb70a6261f4be3fa65ce0\">\n#top .av_textblock_section.av-jkuubohz-5e213d7eafafb70a6261f4be3fa65ce0 .avia_textblock{\nfont-size:20px;\n}\n<\/style>\n<section  class='av_textblock_section av-jkuubohz-5e213d7eafafb70a6261f4be3fa65ce0 '  ><div class='avia_textblock' ><p class=\"einleitungstext-beitrag\">Sprach<strong>f\u00f6rderung<\/strong> und Sprach<strong>bildung<a href=\"#fussnote1\" name=\"fussnote1\"><sup>1<\/sup><\/a><\/strong> \u2013 diese Begriffe sind zurzeit aus kaum einer p\u00e4dagogischen Diskussion in Bezug auf die Sprachentwicklung von Kindern wegzudenken. Vom Krippenalter bis zur Grundschule &#8211; und mittlerweile auch dar\u00fcber hinaus \u2013 wird \u00fcberlegt, welche Methoden und welches Material sich eignen, um Kinder im Spracherwerb zu unterst\u00fctzen.<\/p>\n<\/div><\/section><br \/>\n\n<style type=\"text\/css\" data-created_by=\"avia_inline_auto\" id=\"style-css-av-jkuuo5h6-83058fde2452af674878cdd59bab53f9\">\n.avia-image-container.av-jkuuo5h6-83058fde2452af674878cdd59bab53f9 img.avia_image{\nbox-shadow:none;\n}\n.avia-image-container.av-jkuuo5h6-83058fde2452af674878cdd59bab53f9 .av-image-caption-overlay-center{\ncolor:#ffffff;\n}\n<\/style>\n<div  class='avia-image-container av-jkuuo5h6-83058fde2452af674878cdd59bab53f9 av-styling- avia-align-center  avia-builder-el-5  el_after_av_textblock  el_before_av_hr '  ><div class=\"avia-image-container-inner\"><div class=\"avia-image-overlay-wrap\"><img decoding=\"async\" fetchpriority=\"high\" class='wp-image-1218 avia-img-lazy-loading-not-1218 avia_image ' src=\"https:\/\/www.backwinkel.de\/blog\/wp-content\/uploads\/2018\/09\/backwinkel-blog-sprachfoerderung-heroimage.jpg\" alt='BACKWINKEL-Blog: Sprachf\u00f6rderung in Kita und Kindergarten' title=''  height=\"628\" width=\"1200\" srcset=\"https:\/\/www.backwinkel.de\/blog\/wp-content\/uploads\/2018\/09\/backwinkel-blog-sprachfoerderung-heroimage.jpg 1200w, https:\/\/www.backwinkel.de\/blog\/wp-content\/uploads\/2018\/09\/backwinkel-blog-sprachfoerderung-heroimage-300x157.jpg 300w, https:\/\/www.backwinkel.de\/blog\/wp-content\/uploads\/2018\/09\/backwinkel-blog-sprachfoerderung-heroimage-768x402.jpg 768w, https:\/\/www.backwinkel.de\/blog\/wp-content\/uploads\/2018\/09\/backwinkel-blog-sprachfoerderung-heroimage-1030x539.jpg 1030w, https:\/\/www.backwinkel.de\/blog\/wp-content\/uploads\/2018\/09\/backwinkel-blog-sprachfoerderung-heroimage-705x369.jpg 705w, https:\/\/www.backwinkel.de\/blog\/wp-content\/uploads\/2018\/09\/backwinkel-blog-sprachfoerderung-heroimage-450x236.jpg 450w\" sizes=\"(max-width: 1200px) 100vw, 1200px\" \/><\/div><\/div><\/div><br \/>\n\n<style type=\"text\/css\" data-created_by=\"avia_inline_auto\" id=\"style-css-av-jl6mo8rj-ab50791fb32fea5756c601f0614fc264\">\n#top .hr.hr-invisible.av-jl6mo8rj-ab50791fb32fea5756c601f0614fc264{\nheight:5px;\n}\n<\/style>\n<div  class='hr av-jl6mo8rj-ab50791fb32fea5756c601f0614fc264 hr-invisible  avia-builder-el-6  el_after_av_image  el_before_av_textblock '><span class='hr-inner '><span class=\"hr-inner-style\"><\/span><\/span><\/div><br \/>\n\n<style type=\"text\/css\" data-created_by=\"avia_inline_auto\" id=\"style-css-av-jl7ql86y-f0dc4c9ae07539a705b23fa9162e65fa\">\n#top .av_textblock_section.av-jl7ql86y-f0dc4c9ae07539a705b23fa9162e65fa .avia_textblock{\nfont-size:10px;\n}\n<\/style>\n<section  class='av_textblock_section av-jl7ql86y-f0dc4c9ae07539a705b23fa9162e65fa '  ><div class='avia_textblock' ><p class=\"bildnennung-beitrag\" style=\"text-align: left;\">\u00a9 Alex, Fotolia.com<\/p>\n<\/div><\/section><br \/>\n\n<style type=\"text\/css\" data-created_by=\"avia_inline_auto\" id=\"style-css-av-jl6mo8rj-38-6988f66f8a402ce85fd2eb14d4852de1\">\n#top .hr.hr-invisible.av-jl6mo8rj-38-6988f66f8a402ce85fd2eb14d4852de1{\nheight:20px;\n}\n<\/style>\n<div  class='hr av-jl6mo8rj-38-6988f66f8a402ce85fd2eb14d4852de1 hr-invisible  avia-builder-el-8  el_after_av_textblock  el_before_av_textblock '><span class='hr-inner '><span class=\"hr-inner-style\"><\/span><\/span><\/div><br \/>\n<section  class='av_textblock_section av-jkuubohz-39-546862d79fdf7ed166094fe415f47302 '  ><div class='avia_textblock' ><p>Doch was genau ist eigentlich der <strong>Unterschied zwischen Sprachf\u00f6rderung<\/strong> und (alltagsintegrierter) <strong>Sprachbildung<\/strong>? Denn laut zahlreicher Fachb\u00fccher und Fachartikel ist nicht exakt das Gleiche darunter zu verstehen. Auch wenn die beiden Begriffe in der Praxis oft noch synonym verwendet werden.<\/p>\n<\/div><\/section><\/p><\/div>\n<style type=\"text\/css\" data-created_by=\"avia_inline_auto\" id=\"style-css-av-swqf9-62a8d7f0840f767c6bb2ba56c3e42b09\">\n.flex_column.av-swqf9-62a8d7f0840f767c6bb2ba56c3e42b09{\nborder-radius:0px 0px 0px 0px;\npadding:20px 20px 20px 20px;\nbackground-color:#f2f2f2;\n}\n<\/style>\n<div  class='flex_column av-swqf9-62a8d7f0840f767c6bb2ba56c3e42b09 av_two_third  avia-builder-el-10  el_after_av_one_full  el_before_av_one_third  first flex_column_div  column-top-margin'     ><style type=\"text\/css\" data-created_by=\"avia_inline_auto\" id=\"style-css-av-jkuua5r2-26aacafcf32943ff9bfc4af71f6ef736\">\n#top .av_textblock_section.av-jkuua5r2-26aacafcf32943ff9bfc4af71f6ef736 .avia_textblock{\nfont-size:14px;\n}\n<\/style>\n<section  class='av_textblock_section av-jkuua5r2-26aacafcf32943ff9bfc4af71f6ef736 '  ><div class='avia_textblock' ><p><strong>Inhalt<\/strong><\/p>\n<p><strong><a href=\"#1\">1. Was ist Sprachf\u00f6rderung?<\/a><\/strong><\/p>\n<p><strong><a href=\"#2\">2. Was ist (alltagsintegrierte) Sprachbildung? Und wie unterscheidet sie sich von der Sprachf\u00f6rderung?<\/a><\/strong><\/p>\n<p><strong><a href=\"#3\">3. Wer braucht Sprachf\u00f6rderung?<\/a><\/strong><\/p>\n<p><strong><a href=\"#4\">4. Wie man Kinder mit Sprachf\u00f6rderbedarf erkennt \u2013 Bauchgef\u00fchl und Beobachtungsverfahren<\/a><\/strong><br \/>\n4.1 Welche Faktoren eine wichtige Rolle spielen<br \/>\n4.2 Wie sich Einsch\u00e4tzungsfehler vermeiden lassen<\/p>\n<p><strong><a href=\"#5\">5. Was Sprachf\u00f6rderung kann \u2013 und was nicht<\/a><\/strong><br \/>\n5.1 Wann Sie einen Experten hinzuziehen sollten<\/p>\n<p><strong><a href=\"#6\">6. 3 Materialtipps zur Sprachf\u00f6rderung<\/a><\/strong><br \/>\n6.1 Tipp 1: Bilderb\u00fccher in den Alltag integrieren<br \/>\n6.2 Tipp 2: Gesellschaftsspiele und Brettspiele<br \/>\n6.3 Tipp 3: Vorgeplante Sprachf\u00f6rdereinheiten<\/p>\n<p><strong><a href=\"#7\">7. Methoden der Sprachbildung im p\u00e4dagogischen Alltag<\/a><\/strong><br \/>\n7.1 Handlungsbegleitendes Sprechen<br \/>\n7.2 Bilderbuchbetrachtung<br \/>\n7.3 Kreative Erz\u00e4hltechniken<\/p>\n<\/div><\/section><\/div><\/p>\n\n<style type=\"text\/css\" data-created_by=\"avia_inline_auto\" id=\"style-css-av-2532d-6e1ea05e25305745634c0a02c87dc827\">\n.flex_column.av-2532d-6e1ea05e25305745634c0a02c87dc827{\nborder-radius:0px 0px 0px 0px;\npadding:0 0 0 0;\n}\n<\/style>\n<div  class='flex_column av-2532d-6e1ea05e25305745634c0a02c87dc827 av_one_third  avia-builder-el-12  el_after_av_two_third  el_before_av_sidebar  flex_column_div av-zero-column-padding  column-top-margin'     ><\/div>\n<div  class='avia-builder-widget-area clearfix  avia-builder-el-13  el_after_av_one_third  el_before_av_one_full '><div id=\"text-33\" class=\"widget clearfix widget_text\">\t\t\t<div class=\"textwidget\"><p><a href=\"https:\/\/www.backwinkel.de\/nachhaltig-denken\/\" target=\"\\_blank\" rel=\"noopener\"><br \/>\n<img decoding=\"async\" class=\"werbung-desktop alignnone wp-image-4186 size-full\" src=\"https:\/\/www.backwinkel.de\/blog\/wp-content\/uploads\/2026\/04\/Backwinkel-blog-werbebanner-shop-kita-schule_desktop.jpg\" alt=\"\" width=\"1251\" height=\"201\" \/><br \/>\n<\/a><br \/>\n<a href=\"https:\/\/www.backwinkel.de\/nachhaltig-denken\/\" target=\"\\_blank\" rel=\"noopener\"><br \/>\n<img decoding=\"async\" class=\"werbung-mobile alignnone wp-image-4187 size-full\" src=\"https:\/\/www.backwinkel.de\/blog\/wp-content\/uploads\/2026\/04\/Backwinkel-blog-werbebanner-shop-kiga-schule_mobile.jpg\" alt=\"\" width=\"550\" height=\"500\" \/><br \/>\n<\/a><\/p>\n<\/div>\n\t\t<\/div><\/div>\n\n<style type=\"text\/css\" data-created_by=\"avia_inline_auto\" id=\"style-css-av-jley1l06-8d005b7d5da6775e7b8e38578e089faf\">\n.flex_column.av-jley1l06-8d005b7d5da6775e7b8e38578e089faf{\nborder-radius:0px 0px 0px 0px;\npadding:0px 0px 0px 0px;\n}\n<\/style>\n<div  class='flex_column av-jley1l06-8d005b7d5da6775e7b8e38578e089faf av_one_full  avia-builder-el-14  el_after_av_sidebar  el_before_av_one_full  first flex_column_div av-zero-column-padding  '     ><article  class='iconbox iconbox_top av-jlezc7nr-2101cf1df96f108578b5af6af5aa24bc  avia-builder-el-15  avia-builder-el-no-sibling  main_color' ><div class=\"iconbox_content\"><header class=\"entry-content-header\" aria-label=\"Icon: &lt;\/p&gt;\n&lt;h2 id=&quot;1&quot; class=&quot;position&quot;&gt;Was ist Sprachf\u00f6rderung?&lt;\/h2&gt;\n&lt;p&gt;\"><div class='iconbox_icon heading-color avia-iconfont avia-font-entypo-fontello' data-av_icon='\ue81e' data-av_iconfont='entypo-fontello'  ><\/div><h3 class='iconbox_content_title ' ><\/p>\n<h2 id=\"1\" class=\"position\">Was ist Sprachf\u00f6rderung?<\/h2>\n<p><\/h3><\/header><div class='iconbox_content_container ' ><p>Sprachf\u00f6rderung ist die gezielte F\u00f6rderung der Sprachentwicklung von einzelnen Kindern und Jugendlichen mit einem sprachlichen Defizit bzw. Verz\u00f6gerungen.<\/p>\n<p>Ziel ist es, die Kinder in ihrer individuellen Entwicklung zu unterst\u00fctzen und ihre sprachlichen F\u00e4higkeiten zu erweitern.*<\/p>\n<p class=\"bildnennung-beitrag\" style=\"text-align: left;\">*Anm. d. Redaktion<\/p>\n<\/div><\/div><footer class=\"entry-footer\"><\/footer><\/article><\/div>\n\n<style type=\"text\/css\" data-created_by=\"avia_inline_auto\" id=\"style-css-av-hh5al-9c53459d093ff912fcc98cf97e19d753\">\n.flex_column.av-hh5al-9c53459d093ff912fcc98cf97e19d753{\nborder-radius:0px 0px 0px 0px;\npadding:0px 0px 0px 0px;\n}\n<\/style>\n<div  class='flex_column av-hh5al-9c53459d093ff912fcc98cf97e19d753 av_one_full  avia-builder-el-16  el_after_av_one_full  el_before_av_one_full  first flex_column_div av-zero-column-padding  column-top-margin'     ><section  class='av_textblock_section av-jkuul0eg-47aa45f9d704d9c8972e1ddf4c471077 '  ><div class='avia_textblock' >\n<style type=\"text\/css\" data-created_by=\"avia_inline_auto\" id=\"style-css-av-7c7r8-1ad3209b7b9ea9c60cc97e362d76ea5e\">\n#top .hr.hr-invisible.av-7c7r8-1ad3209b7b9ea9c60cc97e362d76ea5e{\nheight:20px;\n}\n<\/style>\n<div  class='hr av-7c7r8-1ad3209b7b9ea9c60cc97e362d76ea5e hr-invisible  avia-builder-el-18  avia-builder-el-no-sibling '><span class='hr-inner '><span class=\"hr-inner-style\"><\/span><\/span><\/div>\n<h2 id=\"2\" class=\"position\">Was ist (alltagsintegrierte) Sprachbildung? Und wie unterscheidet sie sich von der Sprachf\u00f6rderung?<\/h2>\n<p><strong>Sprachbildung<\/strong> erfolgt quasi \u201epr\u00e4ventiv\u201c, also bei grunds\u00e4tzlich allen Kindern und jederzeit, w\u00e4hrend sich die <strong>Sprachf\u00f6rderung<\/strong> dadurch kennzeichnet, dass sie sich nur an einen Teil der Kinder einer Gruppe bzw. Klasse oder Einzelne richtet. Und zwar an jene, die zus\u00e4tzliche Unterst\u00fctzung ben\u00f6tigen.<\/p>\n<p>Zun\u00e4chst gilt es zu verdeutlichen, dass die allermeisten Kinder mit den notwendigen Voraussetzungen zum Sprechenlernen auf die Welt kommen, zum Beispiel mit einem funktionierenden Geh\u00f6r und dem Wunsch nach Kommunikation. Und die allermeisten Kinder haben Eltern oder auch andere Bezugspersonen, die ihnen bewusst oder unbewusst die n\u00f6tigen Anregungen und Hilfestellungen geben, um zu einer guten Sprache zu gelangen. Sprach<strong>f\u00f6rderung<\/strong> ben\u00f6tigen diese Kinder also eigentlich gar nicht \u2013 weder zu Hause noch in Kindergarten, Kita oder Schule. Wohl aber: Sprach<strong>bildung<\/strong>.<\/p>\n<p>Jedes Kind, ob ein- oder mehrsprachig, ob sprachlich schnell entwickelt oder nicht, ben\u00f6tigt sprachliche Vorbilder, die ihm Wortschatz, Grammatik und Aussprache durch das eigene Sprechverhalten spielerisch im Alltag vermitteln. Vorbilder, die die kindlichen \u00c4u\u00dferungen sensibel aufgreifen, mit ihnen in den Dialog treten und immer wieder neue sprachliche Anreize bieten, um auf diese Weise das Kommunikationsverhalten und die Sprechfreude der Kinder zu st\u00e4rken.<\/p>\n<\/div><\/section><\/div>\n\n<style type=\"text\/css\" data-created_by=\"avia_inline_auto\" id=\"style-css-av-hh5al-36-4e6f2187db3548b7652b4d5084deeeda\">\n.flex_column.av-hh5al-36-4e6f2187db3548b7652b4d5084deeeda{\nborder-radius:0px 0px 0px 0px;\npadding:0px 0px 0px 0px;\n}\n<\/style>\n<div  class='flex_column av-hh5al-36-4e6f2187db3548b7652b4d5084deeeda av_one_full  avia-builder-el-19  el_after_av_one_full  el_before_av_one_full  first flex_column_div av-zero-column-padding  column-top-margin'     ><section  class='av_textblock_section av-jkuul0eg-35-6ddaf0e3422c6e41beff2fde008ff3c2 '  ><div class='avia_textblock' >\n<style type=\"text\/css\" data-created_by=\"avia_inline_auto\" id=\"style-css-av-7c7r8-34-5edbad3ff0c9aaec230d1b7052571981\">\n#top .hr.hr-invisible.av-7c7r8-34-5edbad3ff0c9aaec230d1b7052571981{\nheight:20px;\n}\n<\/style>\n<div  class='hr av-7c7r8-34-5edbad3ff0c9aaec230d1b7052571981 hr-invisible  avia-builder-el-21  avia-builder-el-no-sibling '><span class='hr-inner '><span class=\"hr-inner-style\"><\/span><\/span><\/div>\n<h2 id=\"3\" class=\"position\">Wer braucht Sprachf\u00f6rderung?<\/h2>\n<p>Somit grenzt sich die Sprachf\u00f6rderung klar von der (alltagsintegrierten) Sprachbildung ab. Gr\u00fcnde f\u00fcr einen erh\u00f6hten Bedarf an Unterst\u00fctzung k\u00f6nnten sein: eine stark verz\u00f6gerte Sprachentwicklung, deutliche Auff\u00e4lligkeiten in Teilbereichen der Sprache wie zum Beispiel der Grammatik. Oder Kinder, die aufgrund von Mehrsprachigkeit weniger Gelegenheit haben, die \u2013 in unserem Fall deutsche \u2013 (Umgebungs-)Sprache zu h\u00f6ren und zu sprechen. Mehrsprachigkeit, dies sei hier ganz klar betont, ist nicht zwingend ein Grund f\u00fcr Sprachf\u00f6rderung. Viele Kinder erwerben problemlos und ohne Zeitverz\u00f6gerung zwei oder mehrere Sprachen.<\/p>\n<\/div><\/section><\/div>\n\n<style type=\"text\/css\" data-created_by=\"avia_inline_auto\" id=\"style-css-av-hh5al-33-f0fb9cb2548a3400a117d71e0f43c4a7\">\n.flex_column.av-hh5al-33-f0fb9cb2548a3400a117d71e0f43c4a7{\nborder-radius:0px 0px 0px 0px;\npadding:0px 0px 0px 0px;\n}\n<\/style>\n<div  class='flex_column av-hh5al-33-f0fb9cb2548a3400a117d71e0f43c4a7 av_one_full  avia-builder-el-22  el_after_av_one_full  el_before_av_one_full  first flex_column_div av-zero-column-padding  column-top-margin'     ><section  class='av_textblock_section av-jkuul0eg-32-7ba8de6db9e4d8172b7dc76ef32ea5b2 '  ><div class='avia_textblock' >\n<style type=\"text\/css\" data-created_by=\"avia_inline_auto\" id=\"style-css-av-7c7r8-31-29c5359869adade04410c26c3d9a7c1a\">\n#top .hr.hr-invisible.av-7c7r8-31-29c5359869adade04410c26c3d9a7c1a{\nheight:20px;\n}\n<\/style>\n<div  class='hr av-7c7r8-31-29c5359869adade04410c26c3d9a7c1a hr-invisible  avia-builder-el-24  avia-builder-el-no-sibling '><span class='hr-inner '><span class=\"hr-inner-style\"><\/span><\/span><\/div>\n<h2 id=\"4\" class=\"position\">Wie man Kinder mit Sprachf\u00f6rderbedarf erkennt \u2013 Bauchgef\u00fchl und Beobachtungsverfahren<\/h2>\n<p>Gelingende Sprachf\u00f6rderung setzt voraus, dass sie den Kindern zugutekommt, die sie besonders dringend ben\u00f6tigen. Das hei\u00dft, dass innerhalb einer Gruppe oder Klasse jene Kinder, die davon profitieren sollten, auch gefunden werden m\u00fcssen. Meist gibt es recht schnell einen ersten Eindruck oder ein Bauchgef\u00fchl, welches einer Bezugsperson signalisiert, hier k\u00f6nnte etwas nicht stimmen. Auf sein Bauchgef\u00fchl zu h\u00f6ren \u2013 dagegen ist erst einmal nichts einzuwenden, denn oft liegt eine erfahrene Fachkraft oder ein Elternteil damit richtig. Allerdings muss man auch wissen, dass es viele Faktoren gibt, die diesen intuitiven Eindruck tr\u00fcgen k\u00f6nnen.<\/p>\n<h3>Welche Faktoren eine wichtige Rolle spielen<\/h3>\n<p>Ist das Kind f\u00fcr sein Alter zum Beispiel besonders gro\u00df oder in anderen Bereichen wie der Motorik sehr weit entwickelt, entsteht m\u00f6glicherweise das Gef\u00fchl, das Kind m\u00fcsse schon mehr \u201ek\u00f6nnen\u201c. Es kann auch eine Rolle spielen, wie intensiv die Beziehung zu dem Kind ist. Jemanden, den ich sehr gern habe und gut kenne, verstehe ich automatisch besser. Und gerade Eltern verstehen ihr Kind naturgem\u00e4\u00df immer, auch wenn es f\u00fcr neutrale Personen schwer verst\u00e4ndlich spricht. Nicht zuletzt verhalten sich Kinder verschiedenen Personen gegen\u00fcber auch sehr unterschiedlich. Vielleicht spricht es mit der einen p\u00e4dagogischen Fachkraft wirklich wenig, zeigt bei einer anderen aber ganz andere F\u00e4higkeiten?<\/p>\n<h3>Wie sich Einsch\u00e4tzungsfehler vermeiden lassen<\/h3>\n<p>Um diese Einsch\u00e4tzungsfehler zumindest teilweise minimieren zu k\u00f6nnen, ist es immer sinnvoll, seinen Eindruck mit mindestens einer Kollegin abzugleichen, wenn m\u00f6glich auch in Form einer Fallbesprechung im ganzen Team. Hier werden alle Eindr\u00fccke gesammelt und zusammengef\u00fchrt und es entsteht oft ein klareres Bild von den (sprachlichen) F\u00e4higkeiten des Kindes. Eine weitere M\u00f6glichkeit, sich einen detaillierteren Blick auf die Sprache zu verschaffen, ist es, mit Beobachtungs- und Dokumentationsverfahren zu arbeiten, zum Beispiel \u201eDer Beobachtungsbogen Sprachentwicklung von 1 \u2013 6 Jahren\u201c von Kornelia Schlaaf-Kirschner und Uta Fege-Scholz aus dem Verlag an der Ruhr.<\/p>\n<\/div><\/section><\/div>\n\n<style type=\"text\/css\" data-created_by=\"avia_inline_auto\" id=\"style-css-av-hh5al-30-6140df062ea49b25dfca8d66a042de90\">\n.flex_column.av-hh5al-30-6140df062ea49b25dfca8d66a042de90{\nborder-radius:0px 0px 0px 0px;\npadding:0px 0px 0px 0px;\n}\n<\/style>\n<div  class='flex_column av-hh5al-30-6140df062ea49b25dfca8d66a042de90 av_one_full  avia-builder-el-25  el_after_av_one_full  el_before_av_one_full  first flex_column_div av-zero-column-padding  column-top-margin'     ><section  class='av_textblock_section av-jkuul0eg-29-62a7ed2b8ee6d71de7afc06542d3afe7 '  ><div class='avia_textblock' >\n<style type=\"text\/css\" data-created_by=\"avia_inline_auto\" id=\"style-css-av-7c7r8-28-5f61972ed3b25a432a11b1c86633b29c\">\n#top .hr.hr-invisible.av-7c7r8-28-5f61972ed3b25a432a11b1c86633b29c{\nheight:20px;\n}\n<\/style>\n<div  class='hr av-7c7r8-28-5f61972ed3b25a432a11b1c86633b29c hr-invisible  avia-builder-el-27  avia-builder-el-no-sibling '><span class='hr-inner '><span class=\"hr-inner-style\"><\/span><\/span><\/div>\n<h2 id=\"5\" class=\"position\">Was Sprachf\u00f6rderung kann \u2013 und was nicht<\/h2>\n<p>Welche Methode Sie auch verwenden: Sobald ein klares Bild vom sprachlichen Entwicklungsstand des Kindes aufgezeigt wurde, k\u00f6nnen Sie feststellen, wo die Sprachf\u00f6rderung ansetzen muss. Zeigt das Kind einen noch sehr kleinen Wortschatz? Hat es \u2013 was meiner Erfahrung nach h\u00e4ufiger bei mehrsprachigen Kindern der Fall ist \u2013 Probleme mit der Verwendung von korrekten Artikeln oder Pr\u00e4positionen? Spricht das Kind grunds\u00e4tzlich nur in Einzelsituationen, aber nicht mit mehreren Kindern oder im Morgenkreis bzw. vor der Klasse oder Gruppe? Die Art der Sprachf\u00f6rderung sollte sich nach diesen Beobachtungen richten und dort ansetzen. Allerdings gilt es auch, die Grenzen der P\u00e4dagogik zu beachten.<\/p>\n<h3>Wann Sie einen Experten hinzuziehen sollten<\/h3>\n<p>Nicht alle sprachlichen Auff\u00e4lligkeiten kann man mit p\u00e4dagogischen Ma\u00dfnahmen verbessern. Probleme mit der Aussprache oder Mundmotorik geh\u00f6ren beispielsweise immer in die H\u00e4nde von Logop\u00e4dinnen und Logop\u00e4den. Kinder, die trotz intensiver Sprachf\u00f6rderung nicht altersgem\u00e4\u00df entwickelt sind und keinerlei Fortschritte zeigen, m\u00fcssen ebenfalls dringend vom Kinderarzt untersucht und ggf. logop\u00e4disch behandelt werden. Genau wie bei dem Verdacht, dass mit dem Geh\u00f6r etwas nicht in Ordnung sein k\u00f6nnte \u2013 eine h\u00e4ufige Ursache bei Sprachproblemen.<\/p>\n<\/div><\/section><\/div>\n\n<style type=\"text\/css\" data-created_by=\"avia_inline_auto\" id=\"style-css-av-hh5al-27-92890c9f1131781ce682f676d0bbca76\">\n.flex_column.av-hh5al-27-92890c9f1131781ce682f676d0bbca76{\nborder-radius:0px 0px 0px 0px;\npadding:0px 0px 0px 0px;\n}\n<\/style>\n<div  class='flex_column av-hh5al-27-92890c9f1131781ce682f676d0bbca76 av_one_full  avia-builder-el-28  el_after_av_one_full  el_before_av_one_full  first flex_column_div av-zero-column-padding  column-top-margin'     ><section  class='av_textblock_section av-jkuul0eg-26-47e11e7fa189ea6c70fb6ac2993af16a '  ><div class='avia_textblock' >\n<style type=\"text\/css\" data-created_by=\"avia_inline_auto\" id=\"style-css-av-7c7r8-25-9e3476f5ee29a11fc8f82e0d3fa6da41\">\n#top .hr.hr-invisible.av-7c7r8-25-9e3476f5ee29a11fc8f82e0d3fa6da41{\nheight:20px;\n}\n<\/style>\n<div  class='hr av-7c7r8-25-9e3476f5ee29a11fc8f82e0d3fa6da41 hr-invisible  avia-builder-el-30  avia-builder-el-no-sibling '><span class='hr-inner '><span class=\"hr-inner-style\"><\/span><\/span><\/div>\n<h2 id=\"6\" class=\"position\">3 Materialtipps zur Sprachf\u00f6rderung<\/h2>\n<p>Als Material f\u00fcr Sprachf\u00f6rderung eignet sich vieles, was in Krippen, Kinderg\u00e4rten und Kitas meist ohnehin vorhanden ist.<\/p>\n<h3>Tipp 1: Bilderb\u00fccher in den Alltag integrieren<\/h3>\n<p>So kann man wunderbar mit Bilderb\u00fcchern arbeiten, die man um zum Thema passende Aktivit\u00e4ten erg\u00e4nzt. Zum Beispiel kann man nach dem Vorlesen der \u201eRaupe Nimmersatt\u201c gemeinsam einen Obstsalat schnippeln und essen oder ein Schmetterlings-Mobile basteln. Das Sprachf\u00f6rderziel k\u00f6nnte hier lauten: Wortschatzerweiterung im Bereich \u201eLebensmittel\u201c.<\/p>\n<h3>Tipp 2: Gesellschaftsspiele und Brettspiele<\/h3>\n<p>Auch Brettspiele haben Sprachf\u00f6rderpotenzial. Es gibt eine sehr gro\u00dfe Auswahl an Spielen, die sogar speziell daf\u00fcr konzipiert wurden, zum Beispiel Find Monty zur \u00dcbung der Pr\u00e4positionen oder Bildkarten-Sets zur F\u00f6rderung des Grundwortschatzes. Es eignet sich aber auch ein einfaches Memory, um beispielsweise die Artikelbildung zu unterst\u00fctzen. In diesem Fall werden die Kinder aufgefordert, die Bilder auf den K\u00e4rtchen zu benennen und dabei die Artikel zu verwenden. Oft \u00fcbernehmen die Kinder diese Sprechweise, wenn man selbst als gutes Beispiel vorangeht. Fehlerhafte Artikel werden durch <strong>korrektives Feedback<\/strong><strong>\u00a0<\/strong>korrigiert, also durch die Wiederholung der kindlichen Aussagen mit dem richtigen Artikel.<\/p>\n<h3>Tipp 3: Vorgeplante Sprachf\u00f6rdereinheiten<\/h3>\n<p>Nat\u00fcrlich gibt es auch zahlreiche Materialsammlungen mit vorgeplanten Sprachf\u00f6rdereinheiten, an denen man Ma\u00dfnahmen orientieren kann. \u201eSprachf\u00f6rderung f\u00fcr 3 \u2013 7-J\u00e4hrige\u201c von Uta Oezo\u011ful aus dem Verlag an der Ruhr ist ein gutes Beispiel.<\/p>\n<\/div><\/section><\/div>\n\n<style type=\"text\/css\" data-created_by=\"avia_inline_auto\" id=\"style-css-av-jlnt0i5o-ac1ebb56f4ddd4fc8a47ef32bd658e22\">\n.flex_column.av-jlnt0i5o-ac1ebb56f4ddd4fc8a47ef32bd658e22{\nborder-width:1px;\nborder-color:#575757;\nborder-style:solid;\nborder-radius:0px 0px 0px 0px;\npadding:10px 10px 10px 10px;\nbackground-color:rgba(174,206,106,0.74);\n}\n<\/style>\n<div  class='flex_column av-jlnt0i5o-ac1ebb56f4ddd4fc8a47ef32bd658e22 av_one_full  avia-builder-el-31  el_after_av_one_full  el_before_av_one_full  first flex_column_div av-animated-generic fade-in  column-top-margin'     ><style type=\"text\/css\" data-created_by=\"avia_inline_auto\" id=\"style-css-av-jkuvcso3-fc6625d371896099b6d8205d361db095\">\n#top .av_textblock_section.av-jkuvcso3-fc6625d371896099b6d8205d361db095 .avia_textblock{\nfont-size:18px;\n}\n<\/style>\n<section  class='av_textblock_section av-jkuvcso3-fc6625d371896099b6d8205d361db095 '  ><div class='avia_textblock' ><p><strong>Bonus-Tipp:<\/strong> Wie auch immer Sie vorgehen und welches Material Sie verwenden: Auch gezielte Sprachf\u00f6rderung darf keinen Nachhilfecharakter haben und sollte die Sprechfreude der Kinder wecken oder erweitern. Denn Kinder, die gerne sprechen, sprechen (meistens) irgendwann auch gut.<\/p>\n<\/div><\/section><\/div>\n\n<style type=\"text\/css\" data-created_by=\"avia_inline_auto\" id=\"style-css-av-hh5al-24-cbfce2d643d4610ab418744b93a85976\">\n.flex_column.av-hh5al-24-cbfce2d643d4610ab418744b93a85976{\nborder-radius:0px 0px 0px 0px;\npadding:0px 0px 0px 0px;\n}\n<\/style>\n<div  class='flex_column av-hh5al-24-cbfce2d643d4610ab418744b93a85976 av_one_full  avia-builder-el-33  el_after_av_one_full  el_before_av_one_full  first flex_column_div av-zero-column-padding  column-top-margin'     ><section  class='av_textblock_section av-jkuul0eg-23-8036b95472395567bdecb5ecba98d86d '  ><div class='avia_textblock' >\n<style type=\"text\/css\" data-created_by=\"avia_inline_auto\" id=\"style-css-av-7c7r8-22-3a50aaccc7efb6897f6e25f9696a5e1e\">\n#top .hr.hr-invisible.av-7c7r8-22-3a50aaccc7efb6897f6e25f9696a5e1e{\nheight:20px;\n}\n<\/style>\n<div  class='hr av-7c7r8-22-3a50aaccc7efb6897f6e25f9696a5e1e hr-invisible  avia-builder-el-35  avia-builder-el-no-sibling '><span class='hr-inner '><span class=\"hr-inner-style\"><\/span><\/span><\/div>\n<h2 id=\"7\" class=\"position\">Methoden der Sprachbildung im p\u00e4dagogischen Alltag<\/h2>\n<p>F\u00fcr den p\u00e4dagogischen Alltag bei Tagespflegepersonen, in Kindertageseinrichtung und in Schulen bedeutet dies, dass Sprache in allen Situationen und bei allen Handlungen pr\u00e4sent sein sollte. Das hei\u00dft aber nicht, dass die p\u00e4dagogischen Fachkr\u00e4fte oder LehrerInnen permanent reden m\u00fcssen. Vielmehr geht es auch darum, das Kind sprechen zu lassen, es zu \u00c4u\u00dferungen, Geschichten und der Auseinandersetzung mit Sprache anzuregen.<\/p>\n<p>Methoden der alltagsintegrierten Sprachbildung in Kindergarten, Kita und Schule sind zum Beispiel:<\/p>\n<h3>1. Handlungsbegleitendes Sprechen<\/h3>\n<p>Beim handlungsbegleitenden Sprechen werden die eigenen Handlungen und \/ oder die der Kinder sprachlich untermalt. Das Beschreiben der T\u00e4tigkeiten erweitert den Wortschatz und festigt die Grammatik der Kinder. Gleichzeitig werden so logisches Denken, logische Abfolgen und Konzentration gef\u00f6rdert. Beispiel: \u201eIch hole die Erde und du f\u00fcllst sie in den Blumentopf.\u201c<\/p>\n<h3>2. Bilderbuchbetrachtung<\/h3>\n<p>Die Bilderbuchbetrachtung, die im Gegensatz zum klassischen Vorlesen den Dialog forciert und unter anderem zum Ziel hat, dass die Kinder Parallelen zwischen den Inhalten des Textes oder Bildes und ihren eigenen Erlebnissen erfassen und beschreiben.<\/p>\n<h3>3. Kreative Erz\u00e4hltechniken<\/h3>\n<p>Auch Erz\u00e4hltechniken wie das Erz\u00e4hltheater <a href=\"https:\/\/blog.backwinkel.de\/kamishibai\/\">Kamishibai<\/a> oder die Geschichtens\u00e4ckchen sind tolle Methoden, mit denen der Sprachaufbau im Alltag kreativ und vielseitig unterst\u00fctzt werden kann.<\/p>\n<p>Letztlich eignen sich alle Alltagssituationen, von der Begr\u00fc\u00dfung bis zum <a href=\"https:\/\/blog.backwinkel.de\/rollenspiele-kindergarten\/\" target=\"_blank\" rel=\"noopener\">Rollenspiel<\/a> \u00fcber das Zubereiten einer Mahlzeit. Sprachbildung hat nicht den Ansatz, Defizite in der kindlichen Sprachentwicklung aufzusp\u00fcren und gegebenenfalls zu beheben. Sprachbildende Aktivit\u00e4ten orientieren sich eher daran, was das Kind bereits kann und nehmen dies als Basis f\u00fcr die Erweiterung der Kenntnisse.<\/p>\n<\/div><\/section><\/div>\n\n<style type=\"text\/css\" data-created_by=\"avia_inline_auto\" id=\"style-css-av-2v5uhn-020e4117f71e46fc62c685221cd472f4\">\n.flex_column.av-2v5uhn-020e4117f71e46fc62c685221cd472f4{\nborder-radius:0px 0px 0px 0px;\npadding:0px 0px 0px 0px;\n}\n<\/style>\n<div  class='flex_column av-2v5uhn-020e4117f71e46fc62c685221cd472f4 av_one_full  avia-builder-el-36  el_after_av_one_full  el_before_av_one_fourth  first flex_column_div av-zero-column-padding  column-top-margin'     ><section  class='av_textblock_section av-jxcz48fa-e7ea4121fd10eaf4138072747e05618a '  ><div class='avia_textblock' >\n<style type=\"text\/css\" data-created_by=\"avia_inline_auto\" id=\"style-css-av-7c7r8-20-6cefff928e3d31e56e1b251e62e29591\">\n#top .hr.hr-invisible.av-7c7r8-20-6cefff928e3d31e56e1b251e62e29591{\nheight:20px;\n}\n<\/style>\n<div  class='hr av-7c7r8-20-6cefff928e3d31e56e1b251e62e29591 hr-invisible  avia-builder-el-38  avia-builder-el-no-sibling '><span class='hr-inner '><span class=\"hr-inner-style\"><\/span><\/span><\/div>\n<h2>Passende Produkte:<\/h2>\n<\/div><\/section><\/div>\n<div class='flex_column_table av-jxcy3x4s-0e424f4b5ba52398abbfdaf530dfadad sc-av_one_fourth av-equal-height-column-flextable'>\n<style type=\"text\/css\" data-created_by=\"avia_inline_auto\" id=\"style-css-av-jxcy3x4s-0e424f4b5ba52398abbfdaf530dfadad\">\n.flex_column.av-jxcy3x4s-0e424f4b5ba52398abbfdaf530dfadad{\nborder-width:1px;\nborder-color:#ebebeb;\nborder-style:solid;\nborder-radius:0px 0px 0px 0px;\npadding:0px 0px 0px 0px;\nbackground-color:#eff6ff;\n}\n<\/style>\n<div  class='flex_column av-jxcy3x4s-0e424f4b5ba52398abbfdaf530dfadad av_one_fourth  avia-builder-el-39  el_after_av_one_full  el_before_av_one_fourth  first no_margin flex_column_table_cell av-equal-height-column av-align-top av-zero-column-padding  column-top-margin'     ><p><section  class='av_textblock_section av-jxcz48fa-19-4e1a65c0940cd8de85c989a58e20cd3d '  ><div class='avia_textblock' ><p><a href=\"https:\/\/www.backwinkel.de\/kamishibai-erzaehltheater.html\"><img decoding=\"async\" class=\"wp-image-3490 size-full aligncenter\" src=\"https:\/\/blog.backwinkel.de\/wp-content\/uploads\/2018\/10\/kamishibai.jpg\" alt=\"\" width=\"300\" height=\"220\" \/><\/a><\/p>\n<p style=\"font-size: 20px; font-family: urw_grotesk_extra_narrowrg;\">Kamishibai-Erz\u00e4hltheater<\/p>\n<div  class='avia-button-wrap av-8ssthn-15e6eae1583a1a21947c8dfcd7b1e01f-wrap avia-button-center  avia-builder-el-41  avia-builder-el-no-sibling '><a href='https:\/\/www.backwinkel.de\/kamishibai-erzaehltheater.html'  class='avia-button av-8ssthn-15e6eae1583a1a21947c8dfcd7b1e01f av-link-btn avia-icon_select-no avia-size-medium avia-position-center avia-color-theme-color'  target=\"_blank\"  rel=\"noopener noreferrer\"  aria-label=\"zum Produkt\"><span class='avia_iconbox_title' >zum Produkt<\/span><\/a><\/div>\n<\/div><\/section><br \/>\n\n<style type=\"text\/css\" data-created_by=\"avia_inline_auto\" id=\"style-css-av-jkuvdh82-5f294865d8dd1615da086c9fbef042e7\">\n#top .hr.hr-invisible.av-jkuvdh82-5f294865d8dd1615da086c9fbef042e7{\nheight:20px;\n}\n<\/style>\n<div  class='hr av-jkuvdh82-5f294865d8dd1615da086c9fbef042e7 hr-invisible  avia-builder-el-42  el_after_av_textblock  avia-builder-el-last '><span class='hr-inner '><span class=\"hr-inner-style\"><\/span><\/span><\/div><\/p><\/div>\n\n<style type=\"text\/css\" data-created_by=\"avia_inline_auto\" id=\"style-css-av-jxcy3x4s-18-0edb2263cabf4ca1d8a2d6e1dfac8022\">\n.flex_column.av-jxcy3x4s-18-0edb2263cabf4ca1d8a2d6e1dfac8022{\nborder-width:1px;\nborder-color:#ebebeb;\nborder-style:solid;\nborder-radius:0px 0px 0px 0px;\npadding:0px 0px 0px 0px;\nbackground-color:#eff6ff;\n}\n<\/style>\n<div  class='flex_column av-jxcy3x4s-18-0edb2263cabf4ca1d8a2d6e1dfac8022 av_one_fourth  avia-builder-el-43  el_after_av_one_fourth  el_before_av_one_fourth  no_margin flex_column_table_cell av-equal-height-column av-align-top av-zero-column-padding  column-top-margin'     ><p><section  class='av_textblock_section av-jxcz48fa-17-9cdb027f526f0d394effa7f520413244 '  ><div class='avia_textblock' ><p><a href=\"https:\/\/www.backwinkel.de\/prod\/tellimero.html\"><img decoding=\"async\" class=\"wp-image-3491 size-full aligncenter\" src=\"https:\/\/blog.backwinkel.de\/wp-content\/uploads\/2018\/10\/tellimero.jpg\" alt=\"\" width=\"300\" height=\"220\" \/><\/a><\/p>\n<p style=\"font-size: 20px; font-family: urw_grotesk_extra_narrowrg;\">Tellimero, Der sprechende Stift<\/p>\n<div  class='avia-button-wrap av-8ssthn-16-923ed342de730db06cb02da62ad61224-wrap avia-button-center  avia-builder-el-45  avia-builder-el-no-sibling '><a href='https:\/\/www.backwinkel.de\/prod\/tellimero.html'  class='avia-button av-8ssthn-16-923ed342de730db06cb02da62ad61224 av-link-btn avia-icon_select-no avia-size-medium avia-position-center avia-color-theme-color'  target=\"_blank\"  rel=\"noopener noreferrer\"  aria-label=\"zum Produkt\"><span class='avia_iconbox_title' >zum Produkt<\/span><\/a><\/div>\n<\/div><\/section><br \/>\n\n<style type=\"text\/css\" data-created_by=\"avia_inline_auto\" id=\"style-css-av-jkuvdh82-15-53f79dac033204aea0a24472c0fcf0d1\">\n#top .hr.hr-invisible.av-jkuvdh82-15-53f79dac033204aea0a24472c0fcf0d1{\nheight:20px;\n}\n<\/style>\n<div  class='hr av-jkuvdh82-15-53f79dac033204aea0a24472c0fcf0d1 hr-invisible  avia-builder-el-46  el_after_av_textblock  avia-builder-el-last '><span class='hr-inner '><span class=\"hr-inner-style\"><\/span><\/span><\/div><\/p><\/div>\n\n<style type=\"text\/css\" data-created_by=\"avia_inline_auto\" id=\"style-css-av-jxcy3x4s-14-c55cff716eb1efb64980bb092998d3d2\">\n.flex_column.av-jxcy3x4s-14-c55cff716eb1efb64980bb092998d3d2{\nborder-width:1px;\nborder-color:#ebebeb;\nborder-style:solid;\nborder-radius:0px 0px 0px 0px;\npadding:0px 0px 0px 0px;\nbackground-color:#eff6ff;\n}\n<\/style>\n<div  class='flex_column av-jxcy3x4s-14-c55cff716eb1efb64980bb092998d3d2 av_one_fourth  avia-builder-el-47  el_after_av_one_fourth  el_before_av_one_fourth  no_margin flex_column_table_cell av-equal-height-column av-align-top av-zero-column-padding  column-top-margin'     ><p><section  class='av_textblock_section av-jxcz48fa-13-e80adfb14f5b44f744a2c06b6706b8ad '  ><div class='avia_textblock' ><p><a href=\"https:\/\/www.backwinkel.de\/prod\/handpuppe-schnecke.html\"><img decoding=\"async\" class=\"wp-image-3492 size-full aligncenter\" src=\"https:\/\/blog.backwinkel.de\/wp-content\/uploads\/2018\/10\/handpuppe-schnecke.jpg\" alt=\"\" width=\"300\" height=\"220\" \/><\/a><\/p>\n<p style=\"font-size: 20px; font-family: urw_grotesk_extra_narrowrg;\">Handpuppe &#8222;Schnecke&#8220;<\/p>\n<div  class='avia-button-wrap av-8ssthn-12-c62bd93d1311eb111fd7ade6964bc4c0-wrap avia-button-center  avia-builder-el-49  avia-builder-el-no-sibling '><a href='https:\/\/www.backwinkel.de\/prod\/handpuppe-schnecke.html'  class='avia-button av-8ssthn-12-c62bd93d1311eb111fd7ade6964bc4c0 av-link-btn avia-icon_select-no avia-size-medium avia-position-center avia-color-theme-color'  target=\"_blank\"  rel=\"noopener noreferrer\"  aria-label=\"zum Produkt\"><span class='avia_iconbox_title' >zum Produkt<\/span><\/a><\/div>\n<\/div><\/section><br \/>\n\n<style type=\"text\/css\" data-created_by=\"avia_inline_auto\" id=\"style-css-av-jkuvdh82-11-bdef7d4d9f2f8c604e6c63fc0947a54b\">\n#top .hr.hr-invisible.av-jkuvdh82-11-bdef7d4d9f2f8c604e6c63fc0947a54b{\nheight:20px;\n}\n<\/style>\n<div  class='hr av-jkuvdh82-11-bdef7d4d9f2f8c604e6c63fc0947a54b hr-invisible  avia-builder-el-50  el_after_av_textblock  avia-builder-el-last '><span class='hr-inner '><span class=\"hr-inner-style\"><\/span><\/span><\/div><\/p><\/div>\n\n<style type=\"text\/css\" data-created_by=\"avia_inline_auto\" id=\"style-css-av-jxcy3x4s-10-fd3cce19997a32cfa8a3c1c528b10abd\">\n.flex_column.av-jxcy3x4s-10-fd3cce19997a32cfa8a3c1c528b10abd{\nborder-width:1px;\nborder-color:#ebebeb;\nborder-style:solid;\nborder-radius:0px 0px 0px 0px;\npadding:0px 0px 0px 0px;\nbackground-color:#eff6ff;\n}\n<\/style>\n<div  class='flex_column av-jxcy3x4s-10-fd3cce19997a32cfa8a3c1c528b10abd av_one_fourth  avia-builder-el-51  el_after_av_one_fourth  el_before_av_one_full  no_margin flex_column_table_cell av-equal-height-column av-align-top av-zero-column-padding  column-top-margin'     ><p><section  class='av_textblock_section av-jxcz48fa-9-c8679a1374746333356425eb035b8f63 '  ><div class='avia_textblock' ><p><a href=\"https:\/\/www.backwinkel.de\/prod\/buch-mobil.html\"><img decoding=\"async\" class=\"wp-image-3493 size-full aligncenter\" src=\"https:\/\/blog.backwinkel.de\/wp-content\/uploads\/2018\/10\/buch-mobil.jpg\" alt=\"\" width=\"300\" height=\"220\" \/><\/a><\/p>\n<p style=\"font-size: 20px; font-family: urw_grotesk_extra_narrowrg;\">Buch-Mobil<\/p>\n<div  class='avia-button-wrap av-8ssthn-8-e15be04bc44f053770d22a8d98baf9c0-wrap avia-button-center  avia-builder-el-53  avia-builder-el-no-sibling '><a href='https:\/\/www.backwinkel.de\/prod\/buch-mobil.html'  class='avia-button av-8ssthn-8-e15be04bc44f053770d22a8d98baf9c0 av-link-btn avia-icon_select-no avia-size-medium avia-position-center avia-color-theme-color'  target=\"_blank\"  rel=\"noopener noreferrer\"  aria-label=\"zum Produkt\"><span class='avia_iconbox_title' >zum Produkt<\/span><\/a><\/div>\n<\/div><\/section><br \/>\n\n<style type=\"text\/css\" data-created_by=\"avia_inline_auto\" id=\"style-css-av-jkuvdh82-7-53844eaee9dd915dfee2dce492bc6ef8\">\n#top .hr.hr-invisible.av-jkuvdh82-7-53844eaee9dd915dfee2dce492bc6ef8{\nheight:20px;\n}\n<\/style>\n<div  class='hr av-jkuvdh82-7-53844eaee9dd915dfee2dce492bc6ef8 hr-invisible  avia-builder-el-54  el_after_av_textblock  avia-builder-el-last '><span class='hr-inner '><span class=\"hr-inner-style\"><\/span><\/span><\/div><\/p><\/div><\/div><!--close column table wrapper. Autoclose: 1 -->\n\n<style type=\"text\/css\" data-created_by=\"avia_inline_auto\" id=\"style-css-av-jley1l06-37-98df8f78707cc761ed6879ab1247300f\">\n.flex_column.av-jley1l06-37-98df8f78707cc761ed6879ab1247300f{\nborder-radius:0px 0px 0px 0px;\npadding:10px 10px 10px 10px;\nbackground-color:#f2f2f2;\n}\n<\/style>\n<div  class='flex_column av-jley1l06-37-98df8f78707cc761ed6879ab1247300f av_one_full  avia-builder-el-55  el_after_av_one_fourth  el_before_av_one_full  first flex_column_div  column-top-margin'     ><style type=\"text\/css\" data-created_by=\"avia_inline_auto\" id=\"style-css-av-jkuvcso3-21-198dca784520802ff82d23a6164b0e9a\">\n#top .av_textblock_section.av-jkuvcso3-21-198dca784520802ff82d23a6164b0e9a .avia_textblock{\nfont-size:18px;\n}\n<\/style>\n<section  class='av_textblock_section av-jkuvcso3-21-198dca784520802ff82d23a6164b0e9a '  ><div class='avia_textblock' ><p class=\"fussnoten-quellen\"><strong>Fu\u00dfnoten: <\/strong><\/p>\n<p class=\"fussnoten-quellen\"><sup id=\"fussnote1\">1<\/sup> Die Definition von Sprachbildung und Sprachf\u00f6rderung fu\u00dft hier auf einem Vortrag zu Sprache als Schl\u00fcsselkompetenz vom 26.03.2015 von Prof. Dr. Timm Albers.<\/p>\n<\/div><\/section><\/div>\n\n<style type=\"text\/css\" data-created_by=\"avia_inline_auto\" id=\"style-css-av-jley1l06-6-9e6f90fadbbe4d039cdb6abc95a475ec\">\n.flex_column.av-jley1l06-6-9e6f90fadbbe4d039cdb6abc95a475ec{\nborder-radius:0px 0px 0px 0px;\npadding:10px 10px 10px 10px;\nbackground-color:#f2f2f2;\n}\n<\/style>\n<div  class='flex_column av-jley1l06-6-9e6f90fadbbe4d039cdb6abc95a475ec av_one_full  avia-builder-el-57  el_after_av_one_full  el_before_av_one_full  first flex_column_div  column-top-margin'     ><style type=\"text\/css\" data-created_by=\"avia_inline_auto\" id=\"style-css-av-jkuvcso3-5-c1dec3a851b26dc5afd9cd0aa97e003b\">\n#top .av_textblock_section.av-jkuvcso3-5-c1dec3a851b26dc5afd9cd0aa97e003b .avia_textblock{\nfont-size:18px;\n}\n<\/style>\n<section  class='av_textblock_section av-jkuvcso3-5-c1dec3a851b26dc5afd9cd0aa97e003b '  ><div class='avia_textblock' ><p class=\"fussnoten-quellen\"><strong>Literaturempfehlungen:<\/strong><\/p>\n<p class=\"fussnoten-quellen\">Jungmann, Tanja und Albers, Timm: Fr\u00fche sprachliche Bildung und F\u00f6rderung, M\u00fcnchen 2013<\/p>\n<p class=\"fussnoten-quellen\">Szagun, Gisela: Das Wunder des Spracherwerbs, Weinheim 2007<\/p>\n<\/div><\/section><\/div>\n\n<style type=\"text\/css\" data-created_by=\"avia_inline_auto\" id=\"style-css-av-jley1l06-4-52029ff6461d670273498190c3ebb312\">\n.flex_column.av-jley1l06-4-52029ff6461d670273498190c3ebb312{\nborder-radius:0px 0px 0px 0px;\npadding:10px 10px 10px 10px;\n}\n<\/style>\n<div  class='flex_column av-jley1l06-4-52029ff6461d670273498190c3ebb312 av_one_full  avia-builder-el-59  el_after_av_one_full  el_before_av_one_full  first flex_column_div  column-top-margin'     ><section  class='av_textblock_section av-jkuvcso3-3-fffe9190fee9b899fe0f6973363f15bf '  ><div class='avia_textblock' ><p class=\"copyright\"><strong>\u00a9 Copyright \u2013 Urheberrechtshinweis<\/strong><br \/>\nAlle Inhalte auf www.backwinkel.de sowie www.backwinkel.de\/blog, insbesondere Texte, Fotografien und Grafiken, sind urheberrechtlich gesch\u00fctzt.<br \/>\nDas Urheberrecht liegt, soweit nicht ausdr\u00fccklich anders gekennzeichnet, bei der BACKWINKEL GmbH. Bitte fragen Sie uns, falls Sie die Inhalte dieses Internetangebotes verwenden m\u00f6chten.<br \/>\nWer gegen das Urheberrecht verst\u00f6\u00dft (z. B. Bilder oder Texte unerlaubt kopiert), macht sich gem. \u00a7\u00a7 106 ff UrhG strafbar, wird zudem kostenpflichtig abgemahnt und muss Schadensersatz leisten (\u00a7 97 UrhG).<\/p>\n<\/div><\/section><\/div>\n\n<style type=\"text\/css\" data-created_by=\"avia_inline_auto\" id=\"style-css-av-jley1l06-2-9498a67ddb2e6b6aa154a38a2ff953e7\">\n.flex_column.av-jley1l06-2-9498a67ddb2e6b6aa154a38a2ff953e7{\nborder-radius:0px 0px 0px 0px;\npadding:0px 0px 0px 0px;\n}\n<\/style>\n<div  class='flex_column av-jley1l06-2-9498a67ddb2e6b6aa154a38a2ff953e7 av_one_full  avia-builder-el-61  el_after_av_one_full  el_before_av_one_full  first flex_column_div av-zero-column-padding  column-top-margin'     ><section  class='av_textblock_section av-jkuvcso3-1-73f8938660733f9718afe371145b664b '  ><div class='avia_textblock' ><div class=\"shariff shariff-align-left shariff-widget-align-left\"><ul class=\"shariff-buttons theme-color orientation-horizontal buttonsize-medium\"><li class=\"shariff-button whatsapp shariff-nocustomcolor\" style=\"background-color:#5cbe4a\"><a href=\"https:\/\/api.whatsapp.com\/send?text=https%3A%2F%2Fwww.backwinkel.de%2Fblog%2Fsprachfoerderung-und-sprachbildung-in-krippe-kindergarten-kita-und-schule%2F%20Spielen%20ist%20Silber%2C%20Reden%20ist%20Gold\" title=\"Bei Whatsapp teilen\" aria-label=\"Bei Whatsapp teilen\" role=\"button\" rel=\"noopener nofollow\" class=\"shariff-link\" style=\"; background-color:#34af23; color:#fff\" target=\"_blank\"><span class=\"shariff-icon\" style=\"\"><svg width=\"32px\" height=\"20px\" xmlns=\"http:\/\/www.w3.org\/2000\/svg\" viewBox=\"0 0 32 32\"><path fill=\"#34af23\" d=\"M17.6 17.4q0.2 0 1.7 0.8t1.6 0.9q0 0.1 0 0.3 0 0.6-0.3 1.4-0.3 0.7-1.3 1.2t-1.8 0.5q-1 0-3.4-1.1-1.7-0.8-3-2.1t-2.6-3.3q-1.3-1.9-1.3-3.5v-0.1q0.1-1.6 1.3-2.8 0.4-0.4 0.9-0.4 0.1 0 0.3 0t0.3 0q0.3 0 0.5 0.1t0.3 0.5q0.1 0.4 0.6 1.6t0.4 1.3q0 0.4-0.6 1t-0.6 0.8q0 0.1 0.1 0.3 0.6 1.3 1.8 2.4 1 0.9 2.7 1.8 0.2 0.1 0.4 0.1 0.3 0 1-0.9t0.9-0.9zM14 26.9q2.3 0 4.3-0.9t3.6-2.4 2.4-3.6 0.9-4.3-0.9-4.3-2.4-3.6-3.6-2.4-4.3-0.9-4.3 0.9-3.6 2.4-2.4 3.6-0.9 4.3q0 3.6 2.1 6.6l-1.4 4.2 4.3-1.4q2.8 1.9 6.2 1.9zM14 2.2q2.7 0 5.2 1.1t4.3 2.9 2.9 4.3 1.1 5.2-1.1 5.2-2.9 4.3-4.3 2.9-5.2 1.1q-3.5 0-6.5-1.7l-7.4 2.4 2.4-7.2q-1.9-3.2-1.9-6.9 0-2.7 1.1-5.2t2.9-4.3 4.3-2.9 5.2-1.1z\"\/><\/svg><\/span><span class=\"shariff-text\">teilen<\/span>&nbsp;<\/a><\/li><li class=\"shariff-button facebook shariff-nocustomcolor\" style=\"background-color:#4273c8\"><a href=\"https:\/\/www.facebook.com\/sharer\/sharer.php?u=https%3A%2F%2Fwww.backwinkel.de%2Fblog%2Fsprachfoerderung-und-sprachbildung-in-krippe-kindergarten-kita-und-schule%2F\" title=\"Bei Facebook teilen\" aria-label=\"Bei Facebook teilen\" role=\"button\" rel=\"nofollow\" class=\"shariff-link\" style=\"; background-color:#3b5998; color:#fff\" target=\"_blank\"><span class=\"shariff-icon\" style=\"\"><svg width=\"32px\" height=\"20px\" xmlns=\"http:\/\/www.w3.org\/2000\/svg\" viewBox=\"0 0 18 32\"><path fill=\"#3b5998\" d=\"M17.1 0.2v4.7h-2.8q-1.5 0-2.1 0.6t-0.5 1.9v3.4h5.2l-0.7 5.3h-4.5v13.6h-5.5v-13.6h-4.5v-5.3h4.5v-3.9q0-3.3 1.9-5.2t5-1.8q2.6 0 4.1 0.2z\"\/><\/svg><\/span><span class=\"shariff-text\">teilen<\/span>&nbsp;<\/a><\/li><li class=\"shariff-button twitter shariff-nocustomcolor\" style=\"background-color:#595959\"><a href=\"https:\/\/twitter.com\/share?url=https%3A%2F%2Fwww.backwinkel.de%2Fblog%2Fsprachfoerderung-und-sprachbildung-in-krippe-kindergarten-kita-und-schule%2F&text=Spielen%20ist%20Silber%2C%20Reden%20ist%20Gold\" title=\"Bei X teilen\" aria-label=\"Bei X teilen\" role=\"button\" rel=\"noopener nofollow\" class=\"shariff-link\" style=\"; background-color:#000; color:#fff\" target=\"_blank\"><span class=\"shariff-icon\" style=\"\"><svg width=\"32px\" height=\"20px\" xmlns=\"http:\/\/www.w3.org\/2000\/svg\" viewBox=\"0 0 24 24\"><path fill=\"#000\" d=\"M14.258 10.152L23.176 0h-2.113l-7.747 8.813L7.133 0H0l9.352 13.328L0 23.973h2.113l8.176-9.309 6.531 9.309h7.133zm-2.895 3.293l-.949-1.328L2.875 1.56h3.246l6.086 8.523.945 1.328 7.91 11.078h-3.246zm0 0\"\/><\/svg><\/span><span class=\"shariff-text\">teilen<\/span>&nbsp;<\/a><\/li><li class=\"shariff-button pinterest shariff-nocustomcolor\" style=\"background-color:#e70f18\"><a href=\"https:\/\/www.pinterest.com\/pin\/create\/link\/?url=https%3A%2F%2Fwww.backwinkel.de%2Fblog%2Fsprachfoerderung-und-sprachbildung-in-krippe-kindergarten-kita-und-schule%2F&media=https%3A%2F%2Fwww.backwinkel.de%2Fblog%2Fwp-content%2Fuploads%2F2018%2F09%2Fbackwinkel-blog-sprachfoerderung-heroimage.jpg&description=Spielen%20ist%20Silber%2C%20Reden%20ist%20Gold\" title=\"Bei Pinterest pinnen\" aria-label=\"Bei Pinterest pinnen\" role=\"button\" rel=\"noopener nofollow\" class=\"shariff-link\" style=\"; background-color:#cb2027; color:#fff\" target=\"_blank\"><span class=\"shariff-icon\" style=\"\"><svg width=\"32px\" height=\"20px\" xmlns=\"http:\/\/www.w3.org\/2000\/svg\" viewBox=\"0 0 27 32\"><path fill=\"#cb2027\" d=\"M27.4 16q0 3.7-1.8 6.9t-5 5-6.9 1.9q-2 0-3.9-0.6 1.1-1.7 1.4-2.9 0.2-0.6 1-3.8 0.4 0.7 1.3 1.2t2 0.5q2.1 0 3.8-1.2t2.7-3.4 0.9-4.8q0-2-1.1-3.8t-3.1-2.9-4.5-1.2q-1.9 0-3.5 0.5t-2.8 1.4-2 2-1.2 2.3-0.4 2.4q0 1.9 0.7 3.3t2.1 2q0.5 0.2 0.7-0.4 0-0.1 0.1-0.5t0.2-0.5q0.1-0.4-0.2-0.8-0.9-1.1-0.9-2.7 0-2.7 1.9-4.6t4.9-2q2.7 0 4.2 1.5t1.5 3.8q0 3-1.2 5.2t-3.1 2.1q-1.1 0-1.7-0.8t-0.4-1.9q0.1-0.6 0.5-1.7t0.5-1.8 0.2-1.4q0-0.9-0.5-1.5t-1.4-0.6q-1.1 0-1.9 1t-0.8 2.6q0 1.3 0.4 2.2l-1.8 7.5q-0.3 1.2-0.2 3.2-3.7-1.6-6-5t-2.3-7.6q0-3.7 1.9-6.9t5-5 6.9-1.9 6.9 1.9 5 5 1.8 6.9z\"\/><\/svg><\/span><span class=\"shariff-text\">merken<\/span>&nbsp;<\/a><\/li><li class=\"shariff-button mailto shariff-nocustomcolor\" style=\"background-color:#a8a8a8\"><a href=\"mailto:?body=https%3A%2F%2Fwww.backwinkel.de%2Fblog%2Fsprachfoerderung-und-sprachbildung-in-krippe-kindergarten-kita-und-schule%2F&subject=Spielen%20ist%20Silber%2C%20Reden%20ist%20Gold\" title=\"Per E-Mail versenden\" aria-label=\"Per E-Mail versenden\" role=\"button\" rel=\"noopener nofollow\" class=\"shariff-link\" style=\"; background-color:#999; color:#fff\"><span class=\"shariff-icon\" style=\"\"><svg width=\"32px\" height=\"20px\" xmlns=\"http:\/\/www.w3.org\/2000\/svg\" viewBox=\"0 0 32 32\"><path fill=\"#999\" d=\"M32 12.7v14.2q0 1.2-0.8 2t-2 0.9h-26.3q-1.2 0-2-0.9t-0.8-2v-14.2q0.8 0.9 1.8 1.6 6.5 4.4 8.9 6.1 1 0.8 1.6 1.2t1.7 0.9 2 0.4h0.1q0.9 0 2-0.4t1.7-0.9 1.6-1.2q3-2.2 8.9-6.1 1-0.7 1.8-1.6zM32 7.4q0 1.4-0.9 2.7t-2.2 2.2q-6.7 4.7-8.4 5.8-0.2 0.1-0.7 0.5t-1 0.7-0.9 0.6-1.1 0.5-0.9 0.2h-0.1q-0.4 0-0.9-0.2t-1.1-0.5-0.9-0.6-1-0.7-0.7-0.5q-1.6-1.1-4.7-3.2t-3.6-2.6q-1.1-0.7-2.1-2t-1-2.5q0-1.4 0.7-2.3t2.1-0.9h26.3q1.2 0 2 0.8t0.9 2z\"\/><\/svg><\/span><span class=\"shariff-text\">E-Mail<\/span>&nbsp;<\/a><\/li><\/ul><\/div>\n<\/div><\/section><\/div>\n\n<style type=\"text\/css\" data-created_by=\"avia_inline_auto\" id=\"style-css-av-4bbdcu-a13413e4b9798455210ac3e8019f77bc\">\n.flex_column.av-4bbdcu-a13413e4b9798455210ac3e8019f77bc{\nborder-radius:0px 0px 0px 0px;\npadding:0px 0px 0px 0px;\n}\n<\/style>\n<div  class='flex_column av-4bbdcu-a13413e4b9798455210ac3e8019f77bc av_one_full  avia-builder-el-63  el_after_av_one_full  el_before_av_one_full  first flex_column_div av-zero-column-padding  column-top-margin'     ><div  class='tabcontainer av-jlq8shhr-81242121e684ca07ed7e4b689c7d9116 top_tab  avia-builder-el-64  avia-builder-el-no-sibling '>\n<section class='av_tab_section av_tab_section av-adyv5-3107ad7c2ff27860f84cd2298fefe1d5' ><div id='tab-id-1-tab' class='tab active_tab' role='tab' aria-selected=\"true\" tabindex=\"0\" data-fake-id='#tab-id-1' aria-controls='tab-id-1-content' >Zur Autorin:<\/div><div id='tab-id-1-content' class='tab_content active_tab_content' role='tabpanel' aria-labelledby='tab-id-1-tab' aria-hidden=\"false\"><div class='tab_inner_content invers-color' ><div class='content-column one_fifth'><p><img decoding=\"async\" class=\"alignnone wp-image-912\" src=\"https:\/\/blog.backwinkel.de\/wp-content\/uploads\/2018\/09\/Stefanie-Salomon_f.jpg\" alt=\"\" width=\"150\" height=\"193\" srcset=\"https:\/\/www.backwinkel.de\/blog\/wp-content\/uploads\/2018\/09\/Stefanie-Salomon_f.jpg 413w, https:\/\/www.backwinkel.de\/blog\/wp-content\/uploads\/2018\/09\/Stefanie-Salomon_f-233x300.jpg 233w\" sizes=\"(max-width: 150px) 100vw, 150px\" \/><\/p>\n<p>\u00a9 Denise Ehlert, Rodgau<\/p><\/div><br \/>\n<div class='content-column four_fifth last_column'><p>Stefanie Salomon hat Germanistik und Psychologie in Frankfurt studiert. Seit 2006 ist sie freiberuflich als Fachreferentin f\u00fcr Sprache t\u00e4tig und leitet bundesweit Seminare zur Weiterbildung von p\u00e4dagogischen Fachkr\u00e4ften. Zudem h\u00e4lt sie Vortr\u00e4ge, gestaltet Elternabende und bildet ehrenamtliche Vorlesepaten aus. <span data-teams=\"true\">Hier finden Sie die Internetpr\u00e4senz von <a id=\"menur4v2\" class=\"fui-Link ___1q1shib f2hkw1w f3rmtva f1ewtqcl fyind8e f1k6fduh f1w7gpdv fk6fouc fjoy568 figsok6 f1s184ao f1mk8lai fnbmjn9 f1o700av f13mvf36 f1cmlufx f9n3di6 f1ids18y f1tx3yz7 f1deo86v f1eh06m1 f1iescvh fhgqx19 f1olyrje f1p93eir f1nev41a f1h8hb77 f1lqvz6u f10aw75t fsle3fq f17ae5zn\" title=\"https:\/\/stefanie-salomon.de\/\" href=\"https:\/\/stefanie-salomon.de\/\" target=\"_blank\" rel=\"noreferrer noopener\" aria-label=\"Link Stefanie Salomon\">Stefanie Salomon<\/a>.\u00a0<\/span><\/p><\/div><div class='clear_column'><\/div><\/p>\n<\/div><\/div><\/section>\n<\/div><\/div>\n\n<style type=\"text\/css\" data-created_by=\"avia_inline_auto\" id=\"style-css-av-f09hz-cceb083dcca2f5bb90e11f9d12492973\">\n.flex_column.av-f09hz-cceb083dcca2f5bb90e11f9d12492973{\nborder-radius:0px 0px 0px 0px;\npadding:0px 0px 0px 0px;\n}\n<\/style>\n<div  class='flex_column av-f09hz-cceb083dcca2f5bb90e11f9d12492973 av_one_full  avia-builder-el-65  el_after_av_one_full  avia-builder-el-last  first flex_column_div av-zero-column-padding  column-top-margin'     ><p>\n<style type=\"text\/css\" data-created_by=\"avia_inline_auto\" id=\"style-css-av-jlqp6hgd-f5048b589e865b9802c23d8c39c4ec08\">\n#top .hr.av-jlqp6hgd-f5048b589e865b9802c23d8c39c4ec08{\nmargin-top:10px;\nmargin-bottom:10px;\n}\n.hr.av-jlqp6hgd-f5048b589e865b9802c23d8c39c4ec08 .hr-inner{\nwidth:500;\n}\n<\/style>\n<div  class='hr av-jlqp6hgd-f5048b589e865b9802c23d8c39c4ec08 hr-custom  avia-builder-el-66  el_before_av_heading  avia-builder-el-first  hr-left hr-icon-no'><span class='hr-inner inner-border-av-border-thin'><span class=\"hr-inner-style\"><\/span><\/span><\/div><br \/>\n\n<style type=\"text\/css\" data-created_by=\"avia_inline_auto\" id=\"style-css-av-b47b5-7722675a64e621637412478fee2128db\">\n#top .av-special-heading.av-b47b5-7722675a64e621637412478fee2128db{\npadding-bottom:10px;\n}\nbody .av-special-heading.av-b47b5-7722675a64e621637412478fee2128db .av-special-heading-tag .heading-char{\nfont-size:25px;\n}\n.av-special-heading.av-b47b5-7722675a64e621637412478fee2128db .av-subheading{\nfont-size:15px;\n}\n<\/style>\n<div  class='av-special-heading av-b47b5-7722675a64e621637412478fee2128db av-special-heading-h3 blockquote modern-quote  avia-builder-el-67  el_after_av_hr  el_before_av_blog '><h3 class='av-special-heading-tag '  >PASSENDE BEITR\u00c4GE<\/h3><div class=\"special-heading-border\"><div class=\"special-heading-inner-border\"><\/div><\/div><\/div><br \/>\n<div  data-slideshow-options=\"{&quot;animation&quot;:&quot;fade&quot;,&quot;autoplay&quot;:false,&quot;loop_autoplay&quot;:&quot;once&quot;,&quot;interval&quot;:5,&quot;loop_manual&quot;:&quot;manual-endless&quot;,&quot;autoplay_stopper&quot;:false,&quot;noNavigation&quot;:false,&quot;show_slide_delay&quot;:90}\" class='avia-content-slider avia-content-grid-active avia-content-slider1 avia-content-slider-odd  avia-builder-el-68  el_after_av_heading  avia-builder-el-last  av-slideshow-ui av-control-default   av-no-slider-navigation av-slideshow-manual av-loop-once av-loop-manual-endless ' ><div class=\"avia-content-slider-inner\"><div class=\"slide-entry-wrap\"><article class='slide-entry flex_column  post-entry post-entry-18633 slide-entry-overview slide-loop-1 slide-parity-odd  av_one_third first real-thumbnail posttype-post post-format-standard' ><a href='https:\/\/www.backwinkel.de\/blog\/plastik-recyceln\/' data-rel='slide-1' class='slide-image' title='Plastik recyceln'><img decoding=\"async\" fetchpriority=\"high\" width=\"1200\" height=\"628\" src=\"https:\/\/www.backwinkel.de\/blog\/wp-content\/uploads\/2026\/04\/04_Kiga_Plastik_nachhaltig_nutzen.jpg\" class=\"wp-image-18713 avia-img-lazy-loading-not-18713 attachment-no scaling size-no scaling wp-post-image\" alt=\"\" \/><\/a><div class=\"slide-content\"><header class=\"entry-content-header\" aria-label=\"Slide: Plastik recyceln\"><h3 class='slide-entry-title entry-title ' ><a href='https:\/\/www.backwinkel.de\/blog\/plastik-recyceln\/' title='Plastik recyceln'>Plastik recyceln<\/a><\/h3><span class=\"blog-categories minor-meta\"><a href=\"https:\/\/www.backwinkel.de\/blog\/category\/kindergarten-kita\/\" rel=\"tag\">Kindergarten<\/a> <\/span><span class=\"av-vertical-delimiter\"><\/span><\/header><div class='slide-entry-excerpt entry-content' >Biokunststoff f\u00fcr St\u00fchle, Materialboxen, Spielzeug und Rucks\u00e4cke<\/div><\/div><footer class=\"entry-footer\"><div class=\"slide-meta\"><time class='slide-meta-time updated' >14. April 2026<\/time><\/div><\/footer><\/article><article class='slide-entry flex_column  post-entry post-entry-18716 slide-entry-overview slide-loop-2 slide-parity-even  av_one_third  real-thumbnail posttype-post post-format-standard' ><a href='https:\/\/www.backwinkel.de\/blog\/rechnen-im-anfangsunterricht\/' data-rel='slide-1' class='slide-image' title='Rechnen im Anfangsunterricht'><img decoding=\"async\" fetchpriority=\"high\" width=\"1200\" height=\"628\" src=\"https:\/\/www.backwinkel.de\/blog\/wp-content\/uploads\/2026\/04\/04_Schule_Rechnen_anfangsunterricht.jpg\" class=\"wp-image-18748 avia-img-lazy-loading-not-18748 attachment-no scaling size-no scaling wp-post-image\" alt=\"\" \/><\/a><div class=\"slide-content\"><header class=\"entry-content-header\" aria-label=\"Slide: Rechnen im Anfangsunterricht\"><h3 class='slide-entry-title entry-title ' ><a href='https:\/\/www.backwinkel.de\/blog\/rechnen-im-anfangsunterricht\/' title='Rechnen im Anfangsunterricht'>Rechnen im Anfangsunterricht<\/a><\/h3><span class=\"blog-categories minor-meta\"><a href=\"https:\/\/www.backwinkel.de\/blog\/category\/schule-grundschule\/\" rel=\"tag\">Schule<\/a> <\/span><span class=\"av-vertical-delimiter\"><\/span><\/header><div class='slide-entry-excerpt entry-content' >Das Klassenzimmer als Lernlandschaft<\/div><\/div><footer class=\"entry-footer\"><div class=\"slide-meta\"><time class='slide-meta-time updated' >14. April 2026<\/time><\/div><\/footer><\/article><article class='slide-entry flex_column  post-entry post-entry-18372 slide-entry-overview slide-loop-3 slide-parity-odd  post-entry-last  av_one_third  real-thumbnail posttype-post post-format-standard' ><a href='https:\/\/www.backwinkel.de\/blog\/kranke-kinder-im-kindergarten\/' data-rel='slide-1' class='slide-image' title='Kranke Kinder im Kindergarten'><img decoding=\"async\" fetchpriority=\"high\" width=\"1200\" height=\"628\" src=\"https:\/\/www.backwinkel.de\/blog\/wp-content\/uploads\/2026\/03\/03_Kiga_Kranke_Kinder.jpg\" class=\"wp-image-18451 avia-img-lazy-loading-not-18451 attachment-no scaling size-no scaling wp-post-image\" alt=\"Thema: Kranke Kinder. Auf dem Bild ist ein krankes kleines M\u00e4dchen zu sehen. Eine Frau mit einem Fieberthermometer in der Hand sitzt neben ihr und hat die Hand auf der Stirn des M\u00e4dchens.\" \/><\/a><div class=\"slide-content\"><header class=\"entry-content-header\" aria-label=\"Slide: Kranke Kinder im Kindergarten\"><h3 class='slide-entry-title entry-title ' ><a href='https:\/\/www.backwinkel.de\/blog\/kranke-kinder-im-kindergarten\/' title='Kranke Kinder im Kindergarten'>Kranke Kinder im Kindergarten<\/a><\/h3><span class=\"blog-categories minor-meta\"><a href=\"https:\/\/www.backwinkel.de\/blog\/category\/kindergarten-kita\/\" rel=\"tag\">Kindergarten<\/a> <\/span><span class=\"av-vertical-delimiter\"><\/span><\/header><div class='slide-entry-excerpt entry-content' >Auswirkungen f\u00fcr Kinder, Eltern und Fachkr\u00e4fte<\/div><\/div><footer class=\"entry-footer\"><div class=\"slide-meta\"><time class='slide-meta-time updated' >9. M\u00e4rz 2026<\/time><\/div><\/footer><\/article><\/div><\/div><\/div><\/p><\/div>\n","protected":false},"excerpt":{"rendered":"<p>Sprachf\u00f6rderung und Sprachbildung: Materialtipps und Methoden f\u00fcr den p\u00e4dagogischen Alltag<\/p>\n","protected":false},"author":1,"featured_media":1218,"comment_status":"closed","ping_status":"closed","sticky":false,"template":"","format":"standard","meta":{"inline_featured_image":false,"footnotes":""},"categories":[5],"tags":[],"class_list":["post-16948","post","type-post","status-publish","format-standard","has-post-thumbnail","hentry","category-kindergarten-kita"],"yoast_head":"<!-- This site is optimized with the Yoast SEO plugin v27.5 - https:\/\/yoast.com\/product\/yoast-seo-wordpress\/ -->\n<title>Sprachf\u00f6rderung &amp; Sprachbildung: Definition und Tipps f\u00fcr Kindergarten und Kita | BACKWINKEL-Blog<\/title>\n<meta name=\"description\" content=\"Sprachf\u00f6rderung und Sprachbildung sind aus kaum einer p\u00e4dagogischen Diskussion in Bezug auf die Sprachentwicklung von Kindern wegzudenken. Erfahren Sie alles Wissenswerte in unserem Blog.\" \/>\n<meta name=\"robots\" content=\"index, follow, max-snippet:-1, max-image-preview:large, max-video-preview:-1\" \/>\n<link rel=\"canonical\" href=\"https:\/\/www.backwinkel.de\/blog\/sprachfoerderung-und-sprachbildung-in-krippe-kindergarten-kita-und-schule\/\" \/>\n<meta property=\"og:locale\" content=\"de_DE\" \/>\n<meta property=\"og:type\" content=\"article\" \/>\n<meta property=\"og:title\" content=\"Sprachf\u00f6rderung &amp; Sprachbildung: Materialtipps und Methoden f\u00fcr den p\u00e4dagogischen Alltag | BACKWINKEL-Blog\" \/>\n<meta property=\"og:description\" content=\"Sprachf\u00f6rderung und Sprachbildung sind aus kaum einer p\u00e4dagogischen Diskussion in Bezug auf die Sprachentwicklung von Kindern wegzudenken. Erfahren Sie alles Wissenswerte in unserem Blog.\" \/>\n<meta property=\"og:url\" content=\"https:\/\/www.backwinkel.de\/blog\/sprachfoerderung-und-sprachbildung-in-krippe-kindergarten-kita-und-schule\/\" \/>\n<meta property=\"og:site_name\" content=\"BACKWINKEL Blog\" \/>\n<meta property=\"article:published_time\" content=\"2018-10-22T07:38:44+00:00\" \/>\n<meta property=\"article:modified_time\" content=\"2026-04-22T06:21:32+00:00\" \/>\n<meta property=\"og:image\" content=\"https:\/\/www.backwinkel.de\/blog\/wp-content\/uploads\/2018\/09\/backwinkel-blog-sprachfoerderung-heroimage.jpg\" \/>\n\t<meta property=\"og:image:width\" content=\"1200\" \/>\n\t<meta property=\"og:image:height\" content=\"628\" \/>\n\t<meta property=\"og:image:type\" content=\"image\/jpeg\" \/>\n<meta name=\"author\" content=\"admin_backwinkel\" \/>\n<meta name=\"twitter:card\" content=\"summary_large_image\" \/>\n<meta name=\"twitter:label1\" content=\"Verfasst von\" \/>\n\t<meta name=\"twitter:data1\" content=\"admin_backwinkel\" \/>\n\t<meta name=\"twitter:label2\" content=\"Gesch\u00e4tzte Lesezeit\" \/>\n\t<meta name=\"twitter:data2\" content=\"12\u00a0Minuten\" \/>\n<script type=\"application\/ld+json\" class=\"yoast-schema-graph\">{\"@context\":\"https:\\\/\\\/schema.org\",\"@graph\":[{\"@type\":\"Article\",\"@id\":\"https:\\\/\\\/www.backwinkel.de\\\/blog\\\/sprachfoerderung-und-sprachbildung-in-krippe-kindergarten-kita-und-schule\\\/#article\",\"isPartOf\":{\"@id\":\"https:\\\/\\\/www.backwinkel.de\\\/blog\\\/sprachfoerderung-und-sprachbildung-in-krippe-kindergarten-kita-und-schule\\\/\"},\"author\":{\"name\":\"admin_backwinkel\",\"@id\":\"https:\\\/\\\/www.backwinkel.de\\\/blog\\\/#\\\/schema\\\/person\\\/88b842297c0e471020a66f4476633cf2\"},\"headline\":\"Spielen ist Silber, Reden ist Gold\",\"datePublished\":\"2018-10-22T07:38:44+00:00\",\"dateModified\":\"2026-04-22T06:21:32+00:00\",\"mainEntityOfPage\":{\"@id\":\"https:\\\/\\\/www.backwinkel.de\\\/blog\\\/sprachfoerderung-und-sprachbildung-in-krippe-kindergarten-kita-und-schule\\\/\"},\"wordCount\":6091,\"image\":{\"@id\":\"https:\\\/\\\/www.backwinkel.de\\\/blog\\\/sprachfoerderung-und-sprachbildung-in-krippe-kindergarten-kita-und-schule\\\/#primaryimage\"},\"thumbnailUrl\":\"https:\\\/\\\/www.backwinkel.de\\\/blog\\\/wp-content\\\/uploads\\\/2018\\\/09\\\/backwinkel-blog-sprachfoerderung-heroimage.jpg\",\"articleSection\":[\"Kindergarten\"],\"inLanguage\":\"de\"},{\"@type\":\"WebPage\",\"@id\":\"https:\\\/\\\/www.backwinkel.de\\\/blog\\\/sprachfoerderung-und-sprachbildung-in-krippe-kindergarten-kita-und-schule\\\/\",\"url\":\"https:\\\/\\\/www.backwinkel.de\\\/blog\\\/sprachfoerderung-und-sprachbildung-in-krippe-kindergarten-kita-und-schule\\\/\",\"name\":\"Sprachf\u00f6rderung & Sprachbildung: Definition und Tipps f\u00fcr Kindergarten und Kita | BACKWINKEL-Blog\",\"isPartOf\":{\"@id\":\"https:\\\/\\\/www.backwinkel.de\\\/blog\\\/#website\"},\"primaryImageOfPage\":{\"@id\":\"https:\\\/\\\/www.backwinkel.de\\\/blog\\\/sprachfoerderung-und-sprachbildung-in-krippe-kindergarten-kita-und-schule\\\/#primaryimage\"},\"image\":{\"@id\":\"https:\\\/\\\/www.backwinkel.de\\\/blog\\\/sprachfoerderung-und-sprachbildung-in-krippe-kindergarten-kita-und-schule\\\/#primaryimage\"},\"thumbnailUrl\":\"https:\\\/\\\/www.backwinkel.de\\\/blog\\\/wp-content\\\/uploads\\\/2018\\\/09\\\/backwinkel-blog-sprachfoerderung-heroimage.jpg\",\"datePublished\":\"2018-10-22T07:38:44+00:00\",\"dateModified\":\"2026-04-22T06:21:32+00:00\",\"author\":{\"@id\":\"https:\\\/\\\/www.backwinkel.de\\\/blog\\\/#\\\/schema\\\/person\\\/88b842297c0e471020a66f4476633cf2\"},\"description\":\"Sprachf\u00f6rderung und Sprachbildung sind aus kaum einer p\u00e4dagogischen Diskussion in Bezug auf die Sprachentwicklung von Kindern wegzudenken. Erfahren Sie alles Wissenswerte in unserem Blog.\",\"breadcrumb\":{\"@id\":\"https:\\\/\\\/www.backwinkel.de\\\/blog\\\/sprachfoerderung-und-sprachbildung-in-krippe-kindergarten-kita-und-schule\\\/#breadcrumb\"},\"inLanguage\":\"de\",\"potentialAction\":[{\"@type\":\"ReadAction\",\"target\":[\"https:\\\/\\\/www.backwinkel.de\\\/blog\\\/sprachfoerderung-und-sprachbildung-in-krippe-kindergarten-kita-und-schule\\\/\"]}]},{\"@type\":\"ImageObject\",\"inLanguage\":\"de\",\"@id\":\"https:\\\/\\\/www.backwinkel.de\\\/blog\\\/sprachfoerderung-und-sprachbildung-in-krippe-kindergarten-kita-und-schule\\\/#primaryimage\",\"url\":\"https:\\\/\\\/www.backwinkel.de\\\/blog\\\/wp-content\\\/uploads\\\/2018\\\/09\\\/backwinkel-blog-sprachfoerderung-heroimage.jpg\",\"contentUrl\":\"https:\\\/\\\/www.backwinkel.de\\\/blog\\\/wp-content\\\/uploads\\\/2018\\\/09\\\/backwinkel-blog-sprachfoerderung-heroimage.jpg\",\"width\":1200,\"height\":628,\"caption\":\"BACKWINKEL-Blog: Sprachf\u00f6rderung in Kita und Kindergarten\"},{\"@type\":\"BreadcrumbList\",\"@id\":\"https:\\\/\\\/www.backwinkel.de\\\/blog\\\/sprachfoerderung-und-sprachbildung-in-krippe-kindergarten-kita-und-schule\\\/#breadcrumb\",\"itemListElement\":[{\"@type\":\"ListItem\",\"position\":1,\"name\":\"Startseite\",\"item\":\"https:\\\/\\\/blog.backwinkel.de\\\/aktuelles\\\/\"},{\"@type\":\"ListItem\",\"position\":2,\"name\":\"Spielen ist Silber, Reden ist Gold\"}]},{\"@type\":\"WebSite\",\"@id\":\"https:\\\/\\\/www.backwinkel.de\\\/blog\\\/#website\",\"url\":\"https:\\\/\\\/www.backwinkel.de\\\/blog\\\/\",\"name\":\"BACKWINKEL Blog\",\"description\":\"f\u00fcr Lehrer, Erzieher und Eltern\",\"potentialAction\":[{\"@type\":\"SearchAction\",\"target\":{\"@type\":\"EntryPoint\",\"urlTemplate\":\"https:\\\/\\\/www.backwinkel.de\\\/blog\\\/?s={search_term_string}\"},\"query-input\":{\"@type\":\"PropertyValueSpecification\",\"valueRequired\":true,\"valueName\":\"search_term_string\"}}],\"inLanguage\":\"de\"},{\"@type\":\"Person\",\"@id\":\"https:\\\/\\\/www.backwinkel.de\\\/blog\\\/#\\\/schema\\\/person\\\/88b842297c0e471020a66f4476633cf2\",\"name\":\"admin_backwinkel\",\"url\":\"https:\\\/\\\/www.backwinkel.de\\\/blog\\\/author\\\/admin_backwinkel\\\/\"}]}<\/script>\n<!-- \/ Yoast SEO plugin. -->","yoast_head_json":{"title":"Sprachf\u00f6rderung & Sprachbildung: Definition und Tipps f\u00fcr Kindergarten und Kita | BACKWINKEL-Blog","description":"Sprachf\u00f6rderung und Sprachbildung sind aus kaum einer p\u00e4dagogischen Diskussion in Bezug auf die Sprachentwicklung von Kindern wegzudenken. Erfahren Sie alles Wissenswerte in unserem Blog.","robots":{"index":"index","follow":"follow","max-snippet":"max-snippet:-1","max-image-preview":"max-image-preview:large","max-video-preview":"max-video-preview:-1"},"canonical":"https:\/\/www.backwinkel.de\/blog\/sprachfoerderung-und-sprachbildung-in-krippe-kindergarten-kita-und-schule\/","og_locale":"de_DE","og_type":"article","og_title":"Sprachf\u00f6rderung & Sprachbildung: Materialtipps und Methoden f\u00fcr den p\u00e4dagogischen Alltag | BACKWINKEL-Blog","og_description":"Sprachf\u00f6rderung und Sprachbildung sind aus kaum einer p\u00e4dagogischen Diskussion in Bezug auf die Sprachentwicklung von Kindern wegzudenken. Erfahren Sie alles Wissenswerte in unserem Blog.","og_url":"https:\/\/www.backwinkel.de\/blog\/sprachfoerderung-und-sprachbildung-in-krippe-kindergarten-kita-und-schule\/","og_site_name":"BACKWINKEL Blog","article_published_time":"2018-10-22T07:38:44+00:00","article_modified_time":"2026-04-22T06:21:32+00:00","og_image":[{"width":1200,"height":628,"url":"https:\/\/www.backwinkel.de\/blog\/wp-content\/uploads\/2018\/09\/backwinkel-blog-sprachfoerderung-heroimage.jpg","type":"image\/jpeg"}],"author":"admin_backwinkel","twitter_card":"summary_large_image","twitter_misc":{"Verfasst von":"admin_backwinkel","Gesch\u00e4tzte Lesezeit":"12\u00a0Minuten"},"schema":{"@context":"https:\/\/schema.org","@graph":[{"@type":"Article","@id":"https:\/\/www.backwinkel.de\/blog\/sprachfoerderung-und-sprachbildung-in-krippe-kindergarten-kita-und-schule\/#article","isPartOf":{"@id":"https:\/\/www.backwinkel.de\/blog\/sprachfoerderung-und-sprachbildung-in-krippe-kindergarten-kita-und-schule\/"},"author":{"name":"admin_backwinkel","@id":"https:\/\/www.backwinkel.de\/blog\/#\/schema\/person\/88b842297c0e471020a66f4476633cf2"},"headline":"Spielen ist Silber, Reden ist Gold","datePublished":"2018-10-22T07:38:44+00:00","dateModified":"2026-04-22T06:21:32+00:00","mainEntityOfPage":{"@id":"https:\/\/www.backwinkel.de\/blog\/sprachfoerderung-und-sprachbildung-in-krippe-kindergarten-kita-und-schule\/"},"wordCount":6091,"image":{"@id":"https:\/\/www.backwinkel.de\/blog\/sprachfoerderung-und-sprachbildung-in-krippe-kindergarten-kita-und-schule\/#primaryimage"},"thumbnailUrl":"https:\/\/www.backwinkel.de\/blog\/wp-content\/uploads\/2018\/09\/backwinkel-blog-sprachfoerderung-heroimage.jpg","articleSection":["Kindergarten"],"inLanguage":"de"},{"@type":"WebPage","@id":"https:\/\/www.backwinkel.de\/blog\/sprachfoerderung-und-sprachbildung-in-krippe-kindergarten-kita-und-schule\/","url":"https:\/\/www.backwinkel.de\/blog\/sprachfoerderung-und-sprachbildung-in-krippe-kindergarten-kita-und-schule\/","name":"Sprachf\u00f6rderung & Sprachbildung: Definition und Tipps f\u00fcr Kindergarten und Kita | BACKWINKEL-Blog","isPartOf":{"@id":"https:\/\/www.backwinkel.de\/blog\/#website"},"primaryImageOfPage":{"@id":"https:\/\/www.backwinkel.de\/blog\/sprachfoerderung-und-sprachbildung-in-krippe-kindergarten-kita-und-schule\/#primaryimage"},"image":{"@id":"https:\/\/www.backwinkel.de\/blog\/sprachfoerderung-und-sprachbildung-in-krippe-kindergarten-kita-und-schule\/#primaryimage"},"thumbnailUrl":"https:\/\/www.backwinkel.de\/blog\/wp-content\/uploads\/2018\/09\/backwinkel-blog-sprachfoerderung-heroimage.jpg","datePublished":"2018-10-22T07:38:44+00:00","dateModified":"2026-04-22T06:21:32+00:00","author":{"@id":"https:\/\/www.backwinkel.de\/blog\/#\/schema\/person\/88b842297c0e471020a66f4476633cf2"},"description":"Sprachf\u00f6rderung und Sprachbildung sind aus kaum einer p\u00e4dagogischen Diskussion in Bezug auf die Sprachentwicklung von Kindern wegzudenken. Erfahren Sie alles Wissenswerte in unserem Blog.","breadcrumb":{"@id":"https:\/\/www.backwinkel.de\/blog\/sprachfoerderung-und-sprachbildung-in-krippe-kindergarten-kita-und-schule\/#breadcrumb"},"inLanguage":"de","potentialAction":[{"@type":"ReadAction","target":["https:\/\/www.backwinkel.de\/blog\/sprachfoerderung-und-sprachbildung-in-krippe-kindergarten-kita-und-schule\/"]}]},{"@type":"ImageObject","inLanguage":"de","@id":"https:\/\/www.backwinkel.de\/blog\/sprachfoerderung-und-sprachbildung-in-krippe-kindergarten-kita-und-schule\/#primaryimage","url":"https:\/\/www.backwinkel.de\/blog\/wp-content\/uploads\/2018\/09\/backwinkel-blog-sprachfoerderung-heroimage.jpg","contentUrl":"https:\/\/www.backwinkel.de\/blog\/wp-content\/uploads\/2018\/09\/backwinkel-blog-sprachfoerderung-heroimage.jpg","width":1200,"height":628,"caption":"BACKWINKEL-Blog: Sprachf\u00f6rderung in Kita und Kindergarten"},{"@type":"BreadcrumbList","@id":"https:\/\/www.backwinkel.de\/blog\/sprachfoerderung-und-sprachbildung-in-krippe-kindergarten-kita-und-schule\/#breadcrumb","itemListElement":[{"@type":"ListItem","position":1,"name":"Startseite","item":"https:\/\/blog.backwinkel.de\/aktuelles\/"},{"@type":"ListItem","position":2,"name":"Spielen ist Silber, Reden ist Gold"}]},{"@type":"WebSite","@id":"https:\/\/www.backwinkel.de\/blog\/#website","url":"https:\/\/www.backwinkel.de\/blog\/","name":"BACKWINKEL Blog","description":"f\u00fcr Lehrer, Erzieher und Eltern","potentialAction":[{"@type":"SearchAction","target":{"@type":"EntryPoint","urlTemplate":"https:\/\/www.backwinkel.de\/blog\/?s={search_term_string}"},"query-input":{"@type":"PropertyValueSpecification","valueRequired":true,"valueName":"search_term_string"}}],"inLanguage":"de"},{"@type":"Person","@id":"https:\/\/www.backwinkel.de\/blog\/#\/schema\/person\/88b842297c0e471020a66f4476633cf2","name":"admin_backwinkel","url":"https:\/\/www.backwinkel.de\/blog\/author\/admin_backwinkel\/"}]}},"_links":{"self":[{"href":"https:\/\/www.backwinkel.de\/blog\/wp-json\/wp\/v2\/posts\/16948","targetHints":{"allow":["GET"]}}],"collection":[{"href":"https:\/\/www.backwinkel.de\/blog\/wp-json\/wp\/v2\/posts"}],"about":[{"href":"https:\/\/www.backwinkel.de\/blog\/wp-json\/wp\/v2\/types\/post"}],"author":[{"embeddable":true,"href":"https:\/\/www.backwinkel.de\/blog\/wp-json\/wp\/v2\/users\/1"}],"replies":[{"embeddable":true,"href":"https:\/\/www.backwinkel.de\/blog\/wp-json\/wp\/v2\/comments?post=16948"}],"version-history":[{"count":8,"href":"https:\/\/www.backwinkel.de\/blog\/wp-json\/wp\/v2\/posts\/16948\/revisions"}],"predecessor-version":[{"id":18828,"href":"https:\/\/www.backwinkel.de\/blog\/wp-json\/wp\/v2\/posts\/16948\/revisions\/18828"}],"wp:featuredmedia":[{"embeddable":true,"href":"https:\/\/www.backwinkel.de\/blog\/wp-json\/wp\/v2\/media\/1218"}],"wp:attachment":[{"href":"https:\/\/www.backwinkel.de\/blog\/wp-json\/wp\/v2\/media?parent=16948"}],"wp:term":[{"taxonomy":"category","embeddable":true,"href":"https:\/\/www.backwinkel.de\/blog\/wp-json\/wp\/v2\/categories?post=16948"},{"taxonomy":"post_tag","embeddable":true,"href":"https:\/\/www.backwinkel.de\/blog\/wp-json\/wp\/v2\/tags?post=16948"}],"curies":[{"name":"wp","href":"https:\/\/api.w.org\/{rel}","templated":true}]}}