{"id":16790,"date":"2025-09-08T09:04:17","date_gmt":"2025-09-08T07:04:17","guid":{"rendered":"https:\/\/www.backwinkel.de\/blog\/?p=16790"},"modified":"2026-01-13T13:58:49","modified_gmt":"2026-01-13T12:58:49","slug":"basteln-mit-blaettern-und-blumen","status":"publish","type":"post","link":"https:\/\/www.backwinkel.de\/blog\/basteln-mit-blaettern-und-blumen\/","title":{"rendered":"Basteln mit Bl\u00e4ttern und Wald-Sch\u00e4tzen"},"content":{"rendered":"\n<style type=\"text\/css\" data-created_by=\"avia_inline_auto\" id=\"style-css-av-8vdv8-f7e0dae999cc49bc529a70f67b346526\">\n.flex_column.av-8vdv8-f7e0dae999cc49bc529a70f67b346526{\nborder-radius:0px 0px 0px 0px;\npadding:0px 0px 0px 0px;\n}\n<\/style>\n<div  class='flex_column av-8vdv8-f7e0dae999cc49bc529a70f67b346526 av_one_full  avia-builder-el-0  el_before_av_three_fifth  avia-builder-el-first  first flex_column_div av-zero-column-padding  '     ><p>\n<style type=\"text\/css\" data-created_by=\"avia_inline_auto\" id=\"style-css-av-jl6mo8rj-605eccf9df0dce9c3ffb6a57636da99d\">\n#top .hr.hr-invisible.av-jl6mo8rj-605eccf9df0dce9c3ffb6a57636da99d{\nmargin-top:0px;\nheight:1px;\n}\n<\/style>\n<div  class='hr av-jl6mo8rj-605eccf9df0dce9c3ffb6a57636da99d hr-invisible  avia-builder-el-1  el_before_av_heading  avia-builder-el-first '><span class='hr-inner '><span class=\"hr-inner-style\"><\/span><\/span><\/div><br \/>\n\n<style type=\"text\/css\" data-created_by=\"avia_inline_auto\" id=\"style-css-av-27gdg7-664410f45ad36058395b18720f5130ef\">\n#top .av-special-heading.av-27gdg7-664410f45ad36058395b18720f5130ef{\npadding-bottom:10px;\n}\nbody .av-special-heading.av-27gdg7-664410f45ad36058395b18720f5130ef .av-special-heading-tag .heading-char{\nfont-size:25px;\n}\n.av-special-heading.av-27gdg7-664410f45ad36058395b18720f5130ef .av-subheading{\nfont-size:15px;\n}\n<\/style>\n<div  class='av-special-heading av-27gdg7-664410f45ad36058395b18720f5130ef av-special-heading-h1 blockquote modern-quote  avia-builder-el-2  el_after_av_hr  el_before_av_post_metadata  av-linked-heading'><h1 class='av-special-heading-tag '  >Basteln mit Bl\u00e4ttern und Wald-Sch\u00e4tzen \u2013 10 kreative Ideen rund um Herbst und Halloween <\/h1><div class='av-subheading av-subheading_below'><p class=\"autorenname\">Elisa Morel<\/p>\n<\/div><div class=\"special-heading-border\"><div class=\"special-heading-inner-border\"><\/div><\/div><\/div><br \/>\n\n<style type=\"text\/css\" data-created_by=\"avia_inline_auto\" id=\"style-css-av-av_post_metadata-1259ba8e4f0236bf7b58ae0dfcdf0388\">\n#top .av-post-metadata-container.av-av_post_metadata-1259ba8e4f0236bf7b58ae0dfcdf0388{\nfont-size:12px;\n}\n#top .av-post-metadata-container.av-av_post_metadata-1259ba8e4f0236bf7b58ae0dfcdf0388 .av-post-metadata-container-inner{\nfont-size:12px;\n}\n<\/style>\n<div  class='av-post-metadata-container av-av_post_metadata-1259ba8e4f0236bf7b58ae0dfcdf0388 av-metadata-container-align-left  avia-builder-el-3  el_after_av_heading  el_before_av_textblock  av-metadata-container-1'><div class='av-post-metadata-container-inner'><span class=\"av-post-metadata-content av-post-metadata-meta-content\"><span class=\"av-post-metadata-content av-post-metadata-published\"><span class=\"av-metadata-before av-metadata-before-published\">Ver\u00f6ffentlicht:<\/span><span class=\"av-post-metadata-published-date\" >8. September 2025<\/span><\/span><\/span><\/div><\/div><br \/>\n\n<style type=\"text\/css\" data-created_by=\"avia_inline_auto\" id=\"style-css-av-jkuubohz-bbd292769511b836e32d8da8e9450d9c\">\n#top .av_textblock_section.av-jkuubohz-bbd292769511b836e32d8da8e9450d9c .avia_textblock{\nfont-size:20px;\n}\n<\/style>\n<section  class='av_textblock_section av-jkuubohz-bbd292769511b836e32d8da8e9450d9c '  ><div class='avia_textblock' ><p>Wenn die Tage k\u00fcrzer werden und es drau\u00dfen manchmal nicht mehr ganz so behaglich ist, sind Bastelstunden im Warmen eine super Idee. F\u00fcr Kinder ist der Herbst eine spannende Zeit: Nicht nur das Wetter, sondern auch die Natur ver\u00e4ndert sich, und in Parks und W\u00e4ldern findet man viele tolle Sch\u00e4tze, die man bewundern und zum Basteln nutzen kann.<\/p>\n<\/div><\/section><br \/>\n\n<style type=\"text\/css\" data-created_by=\"avia_inline_auto\" id=\"style-css-av-jkuuo5h6-fccae5a778ee4570d61524d8f3f895a9\">\n.avia-image-container.av-jkuuo5h6-fccae5a778ee4570d61524d8f3f895a9 img.avia_image{\nbox-shadow:none;\n}\n.avia-image-container.av-jkuuo5h6-fccae5a778ee4570d61524d8f3f895a9 .av-image-caption-overlay-center{\ncolor:#ffffff;\n}\n<\/style>\n<div  class='avia-image-container av-jkuuo5h6-fccae5a778ee4570d61524d8f3f895a9 av-styling- avia-align-center  avia-builder-el-5  el_after_av_textblock  el_before_av_hr '  ><div class=\"avia-image-container-inner\"><div class=\"avia-image-overlay-wrap\"><img decoding=\"async\" fetchpriority=\"high\" class='wp-image-16802 avia-img-lazy-loading-not-16802 avia_image ' src=\"https:\/\/www.backwinkel.de\/blog\/wp-content\/uploads\/2025\/05\/09_Kiga_Basteln_heroimage.jpg\" alt='' title='09_Kiga_Basteln_heroimage'  height=\"628\" width=\"1200\"  \/><\/div><\/div><\/div><br \/>\n\n<style type=\"text\/css\" data-created_by=\"avia_inline_auto\" id=\"style-css-av-jl6mo8rj-22-7487f0754a981739ab003e89aabaa170\">\n#top .hr.hr-invisible.av-jl6mo8rj-22-7487f0754a981739ab003e89aabaa170{\nheight:5px;\n}\n<\/style>\n<div  class='hr av-jl6mo8rj-22-7487f0754a981739ab003e89aabaa170 hr-invisible  avia-builder-el-6  el_after_av_image  el_before_av_textblock '><span class='hr-inner '><span class=\"hr-inner-style\"><\/span><\/span><\/div><br \/>\n\n<style type=\"text\/css\" data-created_by=\"avia_inline_auto\" id=\"style-css-av-jl7ql86y-0004168ca5c1e8188cabe38926610bb2\">\n#top .av_textblock_section.av-jl7ql86y-0004168ca5c1e8188cabe38926610bb2 .avia_textblock{\nfont-size:10px;\n}\n<\/style>\n<section  class='av_textblock_section av-jl7ql86y-0004168ca5c1e8188cabe38926610bb2 '  ><div class='avia_textblock' ><p class=\"bildnennung-beitrag\" style=\"text-align: left;\">\u00a9 ADOBE Stock<\/p>\n<\/div><\/section><br \/>\n\n<style type=\"text\/css\" data-created_by=\"avia_inline_auto\" id=\"style-css-av-jl6mo8rj-20-0a5ac640218ac986cc09276001136948\">\n#top .hr.hr-invisible.av-jl6mo8rj-20-0a5ac640218ac986cc09276001136948{\nheight:20px;\n}\n<\/style>\n<div  class='hr av-jl6mo8rj-20-0a5ac640218ac986cc09276001136948 hr-invisible  avia-builder-el-8  el_after_av_textblock  el_before_av_textblock '><span class='hr-inner '><span class=\"hr-inner-style\"><\/span><\/span><\/div><br \/>\n<section  class='av_textblock_section av-jkuubohz-21-75c91343a207bf8690976a030a515e24 '  ><div class='avia_textblock' ><p>Damit Sie mit Ihren Kindern die k\u00fchlere Jahreszeit in vollen Z\u00fcgen genie\u00dfen k\u00f6nnen, stellen wir Ihnen in diesem Beitrag einige witzige, einfache und niedliche Bastelideen rund um die Themen Herbst und Halloween vor.<\/p>\n<\/div><\/section><\/p><\/div>\n<style type=\"text\/css\" data-created_by=\"avia_inline_auto\" id=\"style-css-av-swqf9-6bb490ea0cbb171c9d159bb967226129\">\n.flex_column.av-swqf9-6bb490ea0cbb171c9d159bb967226129{\nborder-radius:0px 0px 0px 0px;\npadding:20px 20px 20px 20px;\nbackground-color:#f2f2f2;\n}\n<\/style>\n<div  class='flex_column av-swqf9-6bb490ea0cbb171c9d159bb967226129 av_three_fifth  avia-builder-el-10  el_after_av_one_full  el_before_av_two_fifth  first flex_column_div  column-top-margin'     ><style type=\"text\/css\" data-created_by=\"avia_inline_auto\" id=\"style-css-av-jkuua5r2-f1beb4b164a3aefc9a751750d41d5b8e\">\n#top .av_textblock_section.av-jkuua5r2-f1beb4b164a3aefc9a751750d41d5b8e .avia_textblock{\nfont-size:14px;\n}\n<\/style>\n<section  class='av_textblock_section av-jkuua5r2-f1beb4b164a3aefc9a751750d41d5b8e '  ><div class='avia_textblock' ><p><strong>Inhalt<\/strong><\/p>\n<p><strong><a href=\"#1\">1. Die Jahreszeit Herbst in der Kita<\/a><\/strong><\/p>\n<p><strong><a href=\"#2\">2. Naturmaterialien f\u00fcr herbstliches Basteln<\/a><\/strong><\/p>\n<p><strong><a href=\"#3\">3. Bunte Bastelideen f\u00fcr den Kindergarten<\/a><br \/>\n<\/strong>3.1. 6 Bastelideen f\u00fcr den Herbst<br \/>\n3.2. 4x Bastelspa\u00df f\u00fcr Halloween<\/p>\n<p><strong><a href=\"#4\">4. Bastel-Inspiration durch Lieder, Gedichte und Geschichten<\/a><\/strong><\/p>\n<\/div><\/section><\/div><\/p>\n\n<style type=\"text\/css\" data-created_by=\"avia_inline_auto\" id=\"style-css-av-2532d-6e1ea05e25305745634c0a02c87dc827\">\n.flex_column.av-2532d-6e1ea05e25305745634c0a02c87dc827{\nborder-radius:0px 0px 0px 0px;\npadding:0 0 0 0;\n}\n<\/style>\n<div  class='flex_column av-2532d-6e1ea05e25305745634c0a02c87dc827 av_two_fifth  avia-builder-el-12  el_after_av_three_fifth  el_before_av_sidebar  flex_column_div av-zero-column-padding  column-top-margin'     ><\/div>\n<div  class='avia-builder-widget-area clearfix  avia-builder-el-13  el_after_av_two_fifth  el_before_av_one_full '><div id=\"text-33\" class=\"widget clearfix widget_text\">\t\t\t<div class=\"textwidget\"><p><a href=\"https:\/\/www.backwinkel.de\/nachhaltig-denken\/\" target=\"\\_blank\" rel=\"noopener\"><br \/>\n<img decoding=\"async\" class=\"werbung-desktop alignnone wp-image-4186 size-full\" src=\"https:\/\/www.backwinkel.de\/blog\/wp-content\/uploads\/2026\/04\/Backwinkel-blog-werbebanner-shop-kita-schule_desktop.jpg\" alt=\"\" width=\"1251\" height=\"201\" \/><br \/>\n<\/a><br \/>\n<a href=\"https:\/\/www.backwinkel.de\/nachhaltig-denken\/\" target=\"\\_blank\" rel=\"noopener\"><br \/>\n<img decoding=\"async\" class=\"werbung-mobile alignnone wp-image-4187 size-full\" src=\"https:\/\/www.backwinkel.de\/blog\/wp-content\/uploads\/2026\/04\/Backwinkel-blog-werbebanner-shop-kiga-schule_mobile.jpg\" alt=\"\" width=\"550\" height=\"500\" \/><br \/>\n<\/a><\/p>\n<\/div>\n\t\t<\/div><\/div>\n\n<style type=\"text\/css\" data-created_by=\"avia_inline_auto\" id=\"style-css-av-hh5al-9c53459d093ff912fcc98cf97e19d753\">\n.flex_column.av-hh5al-9c53459d093ff912fcc98cf97e19d753{\nborder-radius:0px 0px 0px 0px;\npadding:0px 0px 0px 0px;\n}\n<\/style>\n<div  class='flex_column av-hh5al-9c53459d093ff912fcc98cf97e19d753 av_one_full  avia-builder-el-14  el_after_av_sidebar  el_before_av_one_full  first flex_column_div av-zero-column-padding  '     ><section  class='av_textblock_section av-jkuul0eg-c8007ced910eec869d85a4d2f40b896b '  ><div class='avia_textblock' ><h2 id=\"1\" class=\"position\"><strong>Die Jahreszeit Herbst in der Kita <\/strong><\/h2>\n<p>Hurra, Hurra, der Herbst ist da \u2013 und f\u00fcr die meisten Kinder ist diese Jahreszeit wirklich sch\u00f6n, w\u00e4hrend wir als Erwachsene gelegentlich mit den dunkleren Tagen zu k\u00e4mpfen haben. Daher ist es ein guter Ansatz, die Welt im Herbst mal wieder durch Kinderaugen zu entdecken. Denn leuchtendes Herbstlaub, w\u00fcrzige Waldluft, Herbstwind und Kastaniensammeln sind schon wirklich toll.<\/p>\n<p>Au\u00dferdem ist der Herbst wie jede Jahreszeit etwas, auf das man sich verlassen kann: Er kehrt zuverl\u00e4ssig jedes Jahr wieder und bietet den Kindern so Orientierung. Anhand von Festen wie <strong>Erntedank<\/strong> und Ritualen wie <strong>Drachenbasteln<\/strong> machen Sie den Herbst f\u00fcr Ihre Kleinen nicht nur erlebbar, sondern auch zu einer Zeit, auf die man sich gemeinsam freut.<\/p>\n<\/div><\/section><\/div>\n\n<style type=\"text\/css\" data-created_by=\"avia_inline_auto\" id=\"style-css-av-243svy7-ad398a517331911eb07f8233b41e32a7\">\n.flex_column.av-243svy7-ad398a517331911eb07f8233b41e32a7{\nborder-radius:0px 0px 0px 0px;\npadding:0px 0px 0px 0px;\n}\n<\/style>\n<div  class='flex_column av-243svy7-ad398a517331911eb07f8233b41e32a7 av_one_full  avia-builder-el-16  el_after_av_one_full  el_before_av_one_full  first flex_column_div av-zero-column-padding  column-top-margin'     ><section  class='av_textblock_section av-m71mztul-be2f6d506eb80cd9dd3e0c1ecca971b3 '  ><div class='avia_textblock' >\n<style type=\"text\/css\" data-created_by=\"avia_inline_auto\" id=\"style-css-av-1hecqdb-438f8aaf6804ad8f0ce4c7fe19f70d02\">\n#top .hr.hr-invisible.av-1hecqdb-438f8aaf6804ad8f0ce4c7fe19f70d02{\nheight:20px;\n}\n<\/style>\n<div  class='hr av-1hecqdb-438f8aaf6804ad8f0ce4c7fe19f70d02 hr-invisible  avia-builder-el-18  avia-builder-el-no-sibling '><span class='hr-inner '><span class=\"hr-inner-style\"><\/span><\/span><\/div>\n<h2 id=\"2\" class=\"position\"><strong>Naturmaterialien f\u00fcr herbstliches Basteln <\/strong><\/h2>\n<p>Vor allem im Herbst reicht ein kleiner Spaziergang, um eine ganze Tasche voller toller Materialien zu sammeln, die sich super f\u00fcrs Basteln eignen. Daf\u00fcr m\u00fcssen Sie nicht unbedingt einen Waldtag einlegen; bestimmt gibt es in der Nachbarschaft Ihrer Einrichtung auch ein paar Kastanienb\u00e4ume, und bunte Bl\u00e4tter findet man auch nahezu \u00fcberall.<\/p>\n<p><strong>Geeignete Naturmaterialien sind z. B.: <\/strong><\/p>\n<ul>\n<li>Tannenzapfen<\/li>\n<li>Kastanien<\/li>\n<li>Eicheln und ihre H\u00fcllen<\/li>\n<li>Bucheckern und ihre H\u00fcllen<\/li>\n<li>Ahornsamen in ihren H\u00fcllen<\/li>\n<li>getrocknete Bl\u00e4tter, Gr\u00e4ser, Blumen<\/li>\n<li>Getreide\u00e4hren<\/li>\n<li>\u00c4ste und Zweige<\/li>\n<li>Federn<\/li>\n<\/ul>\n<p>Noch mehr Inspirationen zum kreativen Einsatz von Naturmaterialien finden Sie in unserem Beitrag <a href=\"https:\/\/www.backwinkel.de\/blog\/naturmaterialien\/\" target=\"_blank\" rel=\"noopener\">12 Ideen rund ums Malen und Basteln mit Naturmaterialien<\/a>.<\/p>\n<\/div><\/section><\/div>\n\n<style type=\"text\/css\" data-created_by=\"avia_inline_auto\" id=\"style-css-av-3rxg73q-4083ec0db92bb7315975bc28db4c2149\">\n.flex_column.av-3rxg73q-4083ec0db92bb7315975bc28db4c2149{\nborder-radius:0px 0px 0px 0px;\npadding:0px 0px 0px 0px;\n}\n<\/style>\n<div  class='flex_column av-3rxg73q-4083ec0db92bb7315975bc28db4c2149 av_one_full  avia-builder-el-19  el_after_av_one_full  el_before_av_one_full  first flex_column_div av-zero-column-padding  column-top-margin'     ><section  class='av_textblock_section av-mf5c7wwt-648aeba50953bce378e48209f07f2acc '  ><div class='avia_textblock' >\n<style type=\"text\/css\" data-created_by=\"avia_inline_auto\" id=\"style-css-av-3hsuc8m-6748f3375e304b3d1d155a7b45056943\">\n#top .hr.hr-invisible.av-3hsuc8m-6748f3375e304b3d1d155a7b45056943{\nheight:20px;\n}\n<\/style>\n<div  class='hr av-3hsuc8m-6748f3375e304b3d1d155a7b45056943 hr-invisible  avia-builder-el-21  avia-builder-el-no-sibling '><span class='hr-inner '><span class=\"hr-inner-style\"><\/span><\/span><\/div>\n<h2 id=\"3\" class=\"position\"><strong>Bunte Bastelideen f\u00fcr den Kindergarten <\/strong><\/h2>\n<p>Gebastelt wird in der Kita das ganze Jahr \u00fcber, und jede Saison bietet eine Unmenge toller Anl\u00e4sse. Die gebastelten Werke versch\u00f6nern die R\u00e4ume, machen sich toll als Geschenke oder vielleicht auch auf einem kleinen Basar \u2013 egal ob der Erl\u00f6s einem guten Zweck oder eigenen Anschaffungen dient.<\/p>\n<p>Wie keine andere Jahreszeit bietet sich der Herbst zum Sammeln kostenloser Materialien an. Dabei ist das Finden und Sammeln an sich schon ein Spa\u00df f\u00fcr die Kinder. Gleichzeitig machen sie Naturerfahrungen und lernen eine Menge \u00fcber verschiedene Pflanzen und deren Ver\u00e4nderungen im<strong> Jahreszyklus<\/strong>. Nutzen Sie gern den Anlass, um gemeinsam Antworten auf folgende Fragen der Kinder zu finden:<\/p>\n<ul>\n<li>Warum f\u00e4rbt sich das Laub im Herbst bunt?<\/li>\n<li>Woher wissen die B\u00e4ume, wann sie ihr Laub abwerfen m\u00fcssen?<\/li>\n<li>Verlieren alle Pflanzen ihre Bl\u00e4tter?<\/li>\n<li>Warum liegt das Laub nach Jahren nicht meterhoch auf dem Boden?<\/li>\n<li>Wie sehen die Samen der verschiedenen B\u00e4ume aus und welchen Zweck haben ihre H\u00fcllen?<\/li>\n<\/ul>\n<p><strong>6 Bastelideen f\u00fcr den Herbst <\/strong><\/p>\n<p>Gepresste Bl\u00e4tter laden zu vielen inspirierenden Kunstwerden ein. Nat\u00fcrlich braucht es daf\u00fcr etwas Vorlauf, denn die Bl\u00e4tter wollen gefunden, gesammelt und gepresst werden, was einige Zeit dauert. Doch die M\u00fche lohnt sich, denn dann verf\u00fcgen die Kinder \u00fcber einen gro\u00dfen Fundus Bastelmaterial, um kreativ zu werden.<\/p>\n<p>Wenn Sie Lust haben, mit Ihren kleinen Naturforschern ein <strong>Herbarium<\/strong> anzulegen, finden Sie N\u00e4heres dazu in unserem Beitrag <a href=\"https:\/\/www.backwinkel.de\/blog\/herbarium\/\" target=\"_blank\" rel=\"noopener\">Ein eigenes Herbarium anlegen \u2013 Lernen in der Natur<\/a>. Laden Sie sich auch gern kostenlos unsere Vorlagen f\u00fcr eigene Herbarien \u2013 je Jahreszeit \u2013 herunter.<\/p>\n<\/div><\/section><\/div>\n\n<style type=\"text\/css\" data-created_by=\"avia_inline_auto\" id=\"style-css-av-2s1673-f4f861604851ddde5121d68e4a6701f5\">\n.flex_column.av-2s1673-f4f861604851ddde5121d68e4a6701f5{\nborder-radius:0px 0px 0px 0px;\npadding:0px 0px 0px 0px;\n}\n<\/style>\n<div  class='flex_column av-2s1673-f4f861604851ddde5121d68e4a6701f5 av_one_full  avia-builder-el-22  el_after_av_one_full  el_before_av_one_full  first flex_column_div av-zero-column-padding  column-top-margin'     ><section  class='av_textblock_section av-mafh23ct-bf9ab428f6a8f53642f62951562514e8 '  ><div class='avia_textblock' ><p><a href=\"https:\/\/www.backwinkel.de\/downloads\/Herbarium-Vorlagen.pdf\" target=\"_blank\" rel=\"noopener\"><img decoding=\"async\" class=\"alignnone wp-image-16885 \" src=\"https:\/\/blog.backwinkel.de\/wp-content\/uploads\/2025\/09\/Bildschirmfoto-2025-09-05-um-11.11.20.jpg\" alt=\"\" width=\"787\" height=\"332\" \/><\/a><\/p>\n<\/div><\/section><\/div>\n\n<style type=\"text\/css\" data-created_by=\"avia_inline_auto\" id=\"style-css-av-4y077x6-1a26042d7c8656655e8590f6505439b9\">\n.flex_column.av-4y077x6-1a26042d7c8656655e8590f6505439b9{\nborder-radius:0px 0px 0px 0px;\npadding:0px 0px 0px 0px;\n}\n<\/style>\n<div  class='flex_column av-4y077x6-1a26042d7c8656655e8590f6505439b9 av_one_full  avia-builder-el-24  el_after_av_one_full  el_before_av_one_full  first flex_column_div av-zero-column-padding  column-top-margin'     ><section  class='av_textblock_section av-m910fb6c-11e87edf0e72a89495bdd3a3b1646c8b '  ><div class='avia_textblock infoboxGreen' ><p><strong>Tipp<\/strong>: Wenn Ihnen das Sammeln und Pressen zu umst\u00e4ndlich oder zeitaufwendig ist, gestalten Sie einfach Ihre eigenen Bl\u00e4tter. Mit unseren <a href=\"https:\/\/www.backwinkel.de\/prod\/blaetter-rubbel-platten.html\" target=\"_blank\" rel=\"noopener\">Bl\u00e4tter-Rubbel-Platten<\/a> und Wachsstiften gelingt das schon den Kleinsten, und die farbenfrohen Ergebnisse werden alle begeistern.<\/p>\n<\/div><\/section><\/div>\n\n<style type=\"text\/css\" data-created_by=\"avia_inline_auto\" id=\"style-css-av-5yq1t7e-c416165d1c6b68f5ac58ad29cf9d4c3c\">\n.flex_column.av-5yq1t7e-c416165d1c6b68f5ac58ad29cf9d4c3c{\nborder-radius:0px 0px 0px 0px;\npadding:0px 0px 0px 0px;\n}\n<\/style>\n<div  class='flex_column av-5yq1t7e-c416165d1c6b68f5ac58ad29cf9d4c3c av_one_full  avia-builder-el-26  el_after_av_one_full  el_before_av_one_full  first flex_column_div av-zero-column-padding  column-top-margin'     ><section  class='av_textblock_section av-m910ezpv-8a4c7f129c43899082060cd8ce96deba '  ><div class='avia_textblock' >\n<style type=\"text\/css\" data-created_by=\"avia_inline_auto\" id=\"style-css-av-5fv7d96-702ca362f81f511c88a70c39eecb1634\">\n#top .hr.hr-invisible.av-5fv7d96-702ca362f81f511c88a70c39eecb1634{\nheight:20px;\n}\n<\/style>\n<div  class='hr av-5fv7d96-702ca362f81f511c88a70c39eecb1634 hr-invisible  avia-builder-el-28  avia-builder-el-no-sibling '><span class='hr-inner '><span class=\"hr-inner-style\"><\/span><\/span><\/div>\n<p>Als Alternative finden Sie in unserem Onlineshop auch die <a href=\"https:\/\/www.backwinkel.de\/prod\/prickel-vorlagen-blaetter-mobile.html\" target=\"_blank\" rel=\"noopener\">Prickel-Vorlagen Bl\u00e4tter-Mobile<\/a> sowie die <a href=\"https:\/\/www.backwinkel.de\/prod\/prickel-vorlagen-waldfruechte-mobile.html\" target=\"_blank\" rel=\"noopener\">Prickel-Vorlagen Waldfr\u00fcchte-Mobile<\/a>. Beide Produkte eignen sich au\u00dferdem super, um den Kindern verschiedene Baumarten n\u00e4herzubringen, bevor Sie dann gemeinsam die Natur erkunden und die lebenden Exemplare bestimmen. Auch N\u00fcsse, Samen und Zapfen bieten viele unterschiedliche Einsatzm\u00f6glichkeiten beim Basteln. Im Folgenden finden Sie ein paar Inspirationen f\u00fcr gem\u00fctliche kreative Stunden im Herbst.<\/p>\n<p><strong>Mobile aus Herbstbl\u00e4ttern <\/strong><\/p>\n<p>Mithilfe von ein paar Zweigen und etwas Kordel entsteht im Handumdrehen ein Bl\u00e4ttermobile, das Ihre R\u00e4umlichkeiten versch\u00f6nert. Besonders im Ruheraum machen sich Mobiles super. Bei der Herstellung eines Mobiles bekommen die Kinder au\u00dferdem ein Gef\u00fchl f\u00fcr Gewicht und Gleichgewicht, denn wenn die Objekte nicht gleichm\u00e4\u00dfig verteilt sind oder die Gewichte sich nicht ausgleichen, bekommt das Mobile Schlagseite. Das Gute ist allerdings, dass nach Belieben Bl\u00e4tter hinzugef\u00fcgt oder verschoben werden k\u00f6nnen, bis sich das Gebilde die Waage h\u00e4lt.<\/p>\n<p><strong>Bl\u00e4tterschmuck <\/strong><\/p>\n<p>Gewundene <strong>Kr\u00e4nze<\/strong> und <strong>Kronen<\/strong> f\u00fcr kleine Waldprinzessinnen und -prinzen laden zum Nachspielen von M\u00e4rchen und Geschichten ein. Nutzen Sie z. B. biegsame Zweige oder Draht als Ger\u00fcst, an dem die Kinder anschlie\u00dfend Bl\u00e4tter, Eicheln oder Moos befestigen. Vielleicht bringen Ihre Kinder auch ein Herbstm\u00e4rchen auf die B\u00fchne? Eine passende Kulisse ist schnell gezaubert.<\/p>\n<p><strong>Bl\u00e4tterbilder<\/strong><\/p>\n<p>Mit gepressten, gemalten oder ausgeschnittenen Bl\u00e4ttern kleben Ihre Kinder fantasievolle Bilder. Daraus entstehen Tiere oder Fabelwesen \u2013 kleine Details f\u00fcgen die kleinen K\u00fcnstler mit Stiften hinzu. Sie k\u00f6nnen sich auch f\u00fcr ein gro\u00dfes Plakat entscheiden oder eine Tapetenrolle benutzen, um einen bunten Herbstwald zu kleben. So haben Sie eine sch\u00f6ne Dekoration f\u00fcr Ihre Leseecke oder auch eine Kulisse f\u00fcr ein kleines Theaterst\u00fcck.<\/p>\n<\/div><\/section><\/div>\n\n<style type=\"text\/css\" data-created_by=\"avia_inline_auto\" id=\"style-css-av-2t5z1iu-b1262f75c8a9bf8f04becc81dd94ed3e\">\n.flex_column.av-2t5z1iu-b1262f75c8a9bf8f04becc81dd94ed3e{\nborder-radius:0px 0px 0px 0px;\npadding:0px 0px 0px 0px;\n}\n<\/style>\n<div  class='flex_column av-2t5z1iu-b1262f75c8a9bf8f04becc81dd94ed3e av_one_full  avia-builder-el-29  el_after_av_one_full  el_before_av_one_full  first flex_column_div av-zero-column-padding  column-top-margin'     ><section  class='av_textblock_section av-mf5cgppt-ca9227068f841530290e7de79602f2e2 '  ><div class='avia_textblock infoboxGreen' ><p><strong>Tipp<\/strong>: Mit ein wenig Fingerspitzengef\u00fchl eignen sich getrocknete Bl\u00e4tter auch zum Drucken. So entstehen bunte Muster aus Wasserfarbe, die Bildern Struktur geben und super aussehen. Daf\u00fcr nutzen die Kinder am besten kleine Schw\u00e4mmchen, mit denen sie Farbe auf die Bl\u00e4tter tupfen.<\/p>\n<\/div><\/section><\/div>\n\n<style type=\"text\/css\" data-created_by=\"avia_inline_auto\" id=\"style-css-av-g32jga-9d8c9248b6471dfaf5a695896939a5c3\">\n.flex_column.av-g32jga-9d8c9248b6471dfaf5a695896939a5c3{\nborder-radius:0px 0px 0px 0px;\npadding:0px 0px 0px 0px;\n}\n<\/style>\n<div  class='flex_column av-g32jga-9d8c9248b6471dfaf5a695896939a5c3 av_one_full  avia-builder-el-31  el_after_av_one_full  el_before_av_one_full  first flex_column_div av-zero-column-padding  column-top-margin'     ><section  class='av_textblock_section av-m910ftnp-d3cf3355f6125e58d3a9a6cabe69af21 '  ><div class='avia_textblock' ><p><strong>Herbstkranz<\/strong><\/p>\n<p>Ein Herbstkranz macht sich super auf dem <strong>Jahreszeitentisch<\/strong>, genau wie ein Adventskranz. Als Basis eignen sich z. B. Styroporringe, die die Kleinen bemalen und bekleben. Als umweltfreundlichere Alternative ist auch eine Basis aus Pappe geeignet. Die Bl\u00e4tter kleben die Kinder einfach auf das Ger\u00fcst. Wenn der Kranz aufgeh\u00e4ngt werden soll, k\u00f6nnen Sie auch gemeinsam weitere Bl\u00e4tter, Zapfen weitere Baumsamen mit einem Faden am Rahmen befestigen.<\/p>\n<\/div><\/section><\/div>\n\n<style type=\"text\/css\" data-created_by=\"avia_inline_auto\" id=\"style-css-av-1x3ayfu-ad1baec195c5e2a0b6285826be122fab\">\n.flex_column.av-1x3ayfu-ad1baec195c5e2a0b6285826be122fab{\nborder-radius:0px 0px 0px 0px;\npadding:0px 0px 0px 0px;\n}\n<\/style>\n<div  class='flex_column av-1x3ayfu-ad1baec195c5e2a0b6285826be122fab av_one_full  avia-builder-el-33  el_after_av_one_full  el_before_av_one_full  first flex_column_div av-zero-column-padding  column-top-margin'     ><section  class='av_textblock_section av-m910hcbh-1f5b96769a4822f24967fa8749d08454 '  ><div class='avia_textblock infoboxGreen' ><p><strong>Tipp<\/strong>: Vielleicht lohnt sich ein Besuch bei \u00f6rtlichen Floristen. So k\u00f6nnen Sie die Materialauswahl ein wenig aufpeppen oder sich n\u00fctzliche Tipps holen; eventuell k\u00f6nnen die Experten auch ein paar Pflanzen entbehren, die sie sonst als Verschnitt sowieso entsorgt h\u00e4tten.<\/p>\n<\/div><\/section><\/div>\n\n<style type=\"text\/css\" data-created_by=\"avia_inline_auto\" id=\"style-css-av-1rj9b6i-55b5edf16b234bb7f68544cba65384a2\">\n.flex_column.av-1rj9b6i-55b5edf16b234bb7f68544cba65384a2{\nborder-radius:0px 0px 0px 0px;\npadding:0px 0px 0px 0px;\n}\n<\/style>\n<div  class='flex_column av-1rj9b6i-55b5edf16b234bb7f68544cba65384a2 av_one_full  avia-builder-el-35  el_after_av_one_full  el_before_av_one_full  first flex_column_div av-zero-column-padding  column-top-margin'     ><section  class='av_textblock_section av-m910hw42-241ea1600b8cbcaf85709f1747c84fcc '  ><div class='avia_textblock' ><p><strong>Kerzen gestalten <\/strong><\/p>\n<p>Diese Idee ist leicht umsetzbar und bezaubert durch das Ergebnis: Wenn Ihre Kinder Blumen, Gr\u00e4ser und Bl\u00e4tter getrocknet haben, k\u00f6nnen sie diese mit einem Pinsel und hei\u00dfem Wachs auf dicken Kerzen anbringen. Die Kleineren brauchen dabei Ihre Hilfe. So haben Sie auch gleich wundersch\u00f6ne Kerzen f\u00fcr gem\u00fctliche Nachmittage \u2013 oder aber tolle Geschenke f\u00fcr Familien und Freunde Ihrer Kinder.<\/p>\n<p><strong>Kastanientiere<\/strong><\/p>\n<p>Der Klassiker: In Kombination mit Zahnstochern oder Draht zaubern die Kinder Tiere und Figuren aus Kastanien und Eicheln. Die L\u00f6cher bohren Sie ggf. vor. Besonders einfach sind folgende Motive:<\/p>\n<ul>\n<li>Igel: eine Kastanie gespickt mit Zahnstochern als Stacheln<\/li>\n<li>Schlange: mehrere zum Ende der Schlange kleiner werdende Kastanien an einer Schnur<\/li>\n<li>Sch\u00e4fchen: zwei unterschiedlich gro\u00dfe Kastanien oder als Kopf eine Eichel mit Zahnstocher-Beinen, abschlie\u00dfend beklebt mit Watt<\/li>\n<li>Vogel: zwei kleine Kastanien, einen Schnabel aus Papier und Bl\u00e4tter als Fl\u00fcgel<\/li>\n<\/ul>\n<\/div><\/section><\/div>\n\n<style type=\"text\/css\" data-created_by=\"avia_inline_auto\" id=\"style-css-av-2gtn8ra-51fc245086f3512cbe77bd6c1c21ca2d\">\n.flex_column.av-2gtn8ra-51fc245086f3512cbe77bd6c1c21ca2d{\nborder-radius:0px 0px 0px 0px;\npadding:0px 0px 0px 0px;\n}\n<\/style>\n<div  class='flex_column av-2gtn8ra-51fc245086f3512cbe77bd6c1c21ca2d av_one_full  avia-builder-el-37  el_after_av_one_full  el_before_av_one_full  first flex_column_div av-zero-column-padding  column-top-margin'     ><section  class='av_textblock_section av-mf5ciaoc-7b75f9775ab88e42ca64cca4c8f21966 '  ><div class='avia_textblock infoboxGreen' ><p><strong>Tipp<\/strong>: Nutzen Sie <a href=\"https:\/\/www.backwinkel.de\/prod\/selbstklebende-wackelaugen.html\" target=\"_blank\" rel=\"noopener\">selbstklebende Wackelaugen<\/a>, um den Tierchen Leben einzuhauchen.<\/p>\n<\/div><\/section><\/div>\n\n<style type=\"text\/css\" data-created_by=\"avia_inline_auto\" id=\"style-css-av-2a0l85y-038966adeaa2bf56cf18df7fce11d653\">\n.flex_column.av-2a0l85y-038966adeaa2bf56cf18df7fce11d653{\nborder-radius:0px 0px 0px 0px;\npadding:0px 0px 0px 0px;\n}\n<\/style>\n<div  class='flex_column av-2a0l85y-038966adeaa2bf56cf18df7fce11d653 av_one_full  avia-builder-el-39  el_after_av_one_full  el_before_av_one_full  first flex_column_div av-zero-column-padding  column-top-margin'     ><section  class='av_textblock_section av-mf5cjdkc-54b8bd9b151dda1f5189c9052d23c0a6 '  ><div class='avia_textblock' ><p><strong>Zapfenstreich<\/strong><\/p>\n<p>So sch\u00f6n Tannenzapfen auch sind: Es ist gar nicht so einfach, die gesammelten Exemplare richtig zu s\u00e4ubern. Machen Sie es sich also gern einfach und nutzen Sie unser <a href=\"https:\/\/www.backwinkel.de\/prod\/kiefernzapfen-set.html\" target=\"_blank\" rel=\"noopener\">Kiefernzapfen-Set<\/a>, bestehend aus 125 Zapfen. So haben Sie die Grundlage f\u00fcr fantastische Bastelideen sofort griffbereit und die Kinder k\u00f6nnen loslegen.<\/p>\n<p><strong>Folgende drei Ideen haben wir f\u00fcr Sie gesammelt<\/strong>:<\/p>\n<ul>\n<li>Zapfenwichtel: eine <a href=\"https:\/\/www.backwinkel.de\/prod\/holzkugeln-30-mm.html\" target=\"_blank\" rel=\"noopener\">Holzkugel<\/a> als Kopf, ein Zapfen als K\u00f6rper und ein wenig <a href=\"https:\/\/www.backwinkel.de\/prod\/54-filzboegen.html\" target=\"_blank\" rel=\"noopener\">Filz<\/a> f\u00fcr M\u00fctze und Kleidung \u2013 mehr brauchen Ihre Kinder nicht, um eine gro\u00dfe Wichtelfamilie zu erschaffen<\/li>\n<li>Tannenb\u00e4umchen: ein wenig gr\u00fcne Acrylfarbe und aufgeklebte Sternchen, vielleicht noch ein angeklebter Korken als Stamm und schon haben die Kinder eine simple und h\u00fcbsche Dekoration gezaubert<\/li>\n<li>Zapfenspinne: mit Wackelaugen sowie Pfeifenreinigern als Beinchen ist das Krabbeltier im Handumdrehen fertig<\/li>\n<\/ul>\n<p>Die Kinder k\u00f6nnen die Zapfen selbstverst\u00e4ndlich auch einfach nur bunt anmalen oder mit Glitzer verzieren. Ein Hingucker ist diese Deko auf jeden Fall \u2013 und sp\u00e4ter auch ein toller Schmuck f\u00fcr den Weihnachtsbaum.<\/p>\n<p>Mehr Ideen zu Aktivit\u00e4ten und Basteln im Herbst lesen Sie auch in unserem Beitrag <a href=\"https:\/\/www.backwinkel.de\/blog\/traditionen-im-herbst\/\" target=\"_blank\" rel=\"noopener\">Traditionen im Herbst. Erntedank, Martinisingen und Basteltipps<\/a>.<\/p>\n<p><strong>4x Bastelspa\u00df f\u00fcr Halloween <\/strong><\/p>\n<p>Was w\u00e4re Halloween ohne einen K\u00fcrbis? Mit unserem f\u00fcnfteiligen <a href=\"https:\/\/www.backwinkel.de\/prod\/kuerbis-schnitzset.html\" target=\"_blank\" rel=\"noopener\">K\u00fcrbis-Schnitzset<\/a> zaubern Sie jedem K\u00fcrbiskerlchen im Handumdrehen ein Grinsen ins Gesicht. Den Ausschaber benutzen auch j\u00fcngere Kinder gefahrlos alleine, auch wenn sie bei den anderen Werkzeugen Hilfe ben\u00f6tigen. Nat\u00fcrlich ist es ein besonderes Vergn\u00fcgen, das Fruchtfleisch anschlie\u00dfend gemeinsam zu genie\u00dfen, z. B. als Suppe, Auflauf oder Kuchen.<\/p>\n<\/div><\/section><\/div>\n\n<style type=\"text\/css\" data-created_by=\"avia_inline_auto\" id=\"style-css-av-1gh4r1b-a6851741d3dec5dbc59d4da4d6e988e3\">\n.flex_column.av-1gh4r1b-a6851741d3dec5dbc59d4da4d6e988e3{\nborder-radius:0px 0px 0px 0px;\npadding:0px 0px 0px 0px;\n}\n<\/style>\n<div  class='flex_column av-1gh4r1b-a6851741d3dec5dbc59d4da4d6e988e3 av_one_full  avia-builder-el-41  el_after_av_one_full  el_before_av_one_full  first flex_column_div av-zero-column-padding  column-top-margin'     ><section  class='av_textblock_section av-maf4mcha-b92709edf62fbfc1844877b5116e24a8 '  ><div class='avia_textblock infoboxGreen' ><p><strong>Tipp<\/strong>: Wenn Sie es einfacher und ungef\u00e4hrlicher m\u00f6gen, verwandeln die Kinder einfach Mandarinen mithilfe eines schwarzen Stiftes in lustige oder gruselige K\u00fcrbisgesichter.<\/p>\n<\/div><\/section><\/div>\n\n<style type=\"text\/css\" data-created_by=\"avia_inline_auto\" id=\"style-css-av-1hoj9fa-09b443eb3d5359eca8c2de0daa30cc31\">\n.flex_column.av-1hoj9fa-09b443eb3d5359eca8c2de0daa30cc31{\nborder-radius:0px 0px 0px 0px;\npadding:0px 0px 0px 0px;\n}\n<\/style>\n<div  class='flex_column av-1hoj9fa-09b443eb3d5359eca8c2de0daa30cc31 av_one_full  avia-builder-el-43  el_after_av_one_full  el_before_av_one_full  first flex_column_div av-zero-column-padding  column-top-margin'     ><section  class='av_textblock_section av-mf5ckdqf-b4ec2ffd1426d305ee9bce219dde8f3d '  ><div class='avia_textblock infoboxBlue' ><p><strong>WARUM FEIERN WIR HALLOWEEN <\/strong><\/p>\n<p>Der Name Halloween entstammt dem Englischen: All Hallows\u2019 Eve bezeichnet die Nacht vor Allerheiligen. Vermutlich hat das Fest seinen Ursprung bei den Kelten, die an diesem Tag das <strong>Samhainfest<\/strong> begingen. Dem Glauben nach standen an diesem Tag die Tore zur Geisterwelt offen.<\/p>\n<p>Halloween wurde lange Zeit nur von der katholischen Bev\u00f6lkerung Gro\u00dfbritanniens gefeiert, bis <strong>irische Auswanderer<\/strong> den Brauch im 19. Jahrhundert auch in die USA brachten. Seitdem verbreitete er sich immer weiter, und seit vielen Jahren ist Halloween auch im deutschsprachigen Raum bekannt und mehr oder weniger beliebt.<\/p>\n<p>Auch das K\u00fcrbisschnitzen stammt aus Irland und beruht auf der Legende von Jack Oldfield, der den Teufel \u00fcberlistete und daher nach seinem Tod weder in den Himmel noch in die H\u00f6lle durfte. Der Teufel hatte allerdings Mitleid mit Jack und schenkte ihm eine R\u00fcbe sowie ein gl\u00fchendes Kohlenst\u00fcck, damit er seinen Weg in der Dunkelheit finden konnte. Daher r\u00fchrt der Name <strong>Jack O\u2019Lantern<\/strong> f\u00fcr einen geschnitzten K\u00fcrbis.<\/p>\n<\/div><\/section><\/div>\n\n<style type=\"text\/css\" data-created_by=\"avia_inline_auto\" id=\"style-css-av-savg0q-b6378d251b0f184dae2b7fa7e5d6f903\">\n.flex_column.av-savg0q-b6378d251b0f184dae2b7fa7e5d6f903{\nborder-radius:0px 0px 0px 0px;\npadding:0px 0px 0px 0px;\n}\n<\/style>\n<div  class='flex_column av-savg0q-b6378d251b0f184dae2b7fa7e5d6f903 av_one_full  avia-builder-el-45  el_after_av_one_full  el_before_av_one_full  first flex_column_div av-zero-column-padding  column-top-margin'     ><section  class='av_textblock_section av-m910i94w-5202500022172935ba2e0acd8f61eb32 '  ><div class='avia_textblock' ><p><strong>Masken gestalten <\/strong><\/p>\n<p>S\u00fc\u00dfes oder Saures? Buntes! Wer an Halloween auf die Jagd nach S\u00fc\u00dfigkeiten geht, braucht eine Verkleidung \u2013 und die muss auch nicht unbedingt gruselig sein, solange sie gef\u00e4llt. \u00dcbrigens gehen das Verkleiden und Anlegen einer Maske darauf zur\u00fcck, dass die Kelten unerkannt unter den Geistern wandeln wollten, wenn das Tor zu deren Welt sich am 31. Oktober \u00f6ffnete. Sp\u00e4ter stand vor allem im Vordergrund, dass man nicht erkannt werden wollte, wenn man jemandem einen Streich spielte, der vielleicht keine S\u00fc\u00dfigkeiten herausr\u00fcckte.<\/p>\n<p>Mit unseren <a href=\"https:\/\/www.backwinkel.de\/prod\/40-blanko-masken.html\" target=\"_blank\" rel=\"noopener\">40 Blanko-Masken<\/a> zum Selbstgestalten toben Ihre Kinder sich nach Herzenslust aus. \u00dcberlegen Sie sich vorher, welche Materialien Sie zum Verzieren bereitstellen: Bunte Herbstbl\u00e4tter m\u00fcssen zuerst gepresst werden, und Glitzer ist in einer unruhigen Gruppe oder f\u00fcr die Kleinsten vielleicht weniger geeignet als Watte, Federn und Farbe.<\/p>\n<p><strong>Monster basteln <\/strong><\/p>\n<p>Bei diesem Thema ist alles m\u00f6glich: Ob die Kinder <a href=\"https:\/\/www.backwinkel.de\/prod\/1-kg-naturholzscheiben-oval.html\" target=\"_blank\" rel=\"noopener\">Naturholzscheiben<\/a> bekleben, Steine bemalen oder Klorollen als Grundlage f\u00fcr Mini-Monster verwenden \u2013 Hauptsache, es macht Spa\u00df. Zum Gestalten der Monster eignen sich beispielsweise bunte Wollf\u00e4den, Filz, Perlen und buntes Papier. Und bestimmt haben die Kinder schon einen Favoriten im Kopf, wenn sie an ihre Lieblingsb\u00fccher oder Serien denken. Falls nicht, finden Sie nat\u00fcrlich wie immer zuhauf Ideen im Internet.<\/p>\n<p><strong>Grusel-Girlande gestalten <\/strong><\/p>\n<p>Eine weitere lustige Dekorationsm\u00f6glichkeit f\u00fcr Ihre Kita sind selbstgemachte Girlanden. Die Kinder zeichnen die klassischen Halloween-Motive wie z. B. Flederm\u00e4use, K\u00fcrbisse, Hexen, Spinnen, Katzen oder Gespenster auf bunten Karton, schneiden oder prickeln sie aus und befestigen sie anschlie\u00dfend an einer langen Kordel. Nat\u00fcrlich eignen sich auch getrocknete Bl\u00e4tter, Eicheln oder Kastanien als zus\u00e4tzliche Deko. Ob Sie sich f\u00fcr die Faltschnitt-Technik oder eine andere Vorgehensweise entscheiden, ist Ihnen \u00fcberlassen.<\/p>\n<\/div><\/section><\/div>\n\n<style type=\"text\/css\" data-created_by=\"avia_inline_auto\" id=\"style-css-av-2wlt6vu-3570704dc924868f1e3cced162dcddbb\">\n.flex_column.av-2wlt6vu-3570704dc924868f1e3cced162dcddbb{\nborder-radius:0px 0px 0px 0px;\npadding:0px 0px 0px 0px;\n}\n<\/style>\n<div  class='flex_column av-2wlt6vu-3570704dc924868f1e3cced162dcddbb av_one_full  avia-builder-el-47  el_after_av_one_full  el_before_av_one_full  first flex_column_div av-zero-column-padding  column-top-margin'     ><section  class='av_textblock_section av-m910gzg0-d536787c42adf317f797a76370e4198f '  ><div class='avia_textblock' >\n<style type=\"text\/css\" data-created_by=\"avia_inline_auto\" id=\"style-css-av-2e2gewq-e444edffd2a14b7dcea9f762de5e4bfb\">\n#top .hr.hr-invisible.av-2e2gewq-e444edffd2a14b7dcea9f762de5e4bfb{\nheight:20px;\n}\n<\/style>\n<div  class='hr av-2e2gewq-e444edffd2a14b7dcea9f762de5e4bfb hr-invisible  avia-builder-el-49  avia-builder-el-no-sibling '><span class='hr-inner '><span class=\"hr-inner-style\"><\/span><\/span><\/div>\n<h2 id=\"4\" class=\"position\"><strong>Bastel-Inspiration durch Lieder, Gedichte und Geschichten <\/strong><\/h2>\n<p>Viele Lieder, Gedichte und Geschichten laden dazu ein, einzelne Szenen, Assoziationen oder auch eigene Erlebnisse zu malen und zu gestalten, z. B. in Form einer Collage. Davon abgesehen ist es auch gem\u00fctlich, sich mit Decken, Kissen und Kerzenschein in die Leseecke zu kuscheln und beim Vorlesen vor sich hinzutr\u00e4umen \u2013 vor allem, wenn es drau\u00dfen eher regnerisch und tr\u00fcb ist.<\/p>\n<\/div><\/section><\/div>\n\n<style type=\"text\/css\" data-created_by=\"avia_inline_auto\" id=\"style-css-av-13c85me-ed2e3d76139e2760978591d370c76c58\">\n.flex_column.av-13c85me-ed2e3d76139e2760978591d370c76c58{\nborder-radius:0px 0px 0px 0px;\npadding:0px 0px 0px 0px;\n}\n<\/style>\n<div  class='flex_column av-13c85me-ed2e3d76139e2760978591d370c76c58 av_one_full  avia-builder-el-50  el_after_av_one_full  el_before_av_one_full  first flex_column_div av-zero-column-padding  column-top-margin'     ><section  class='av_textblock_section av-mf5cmax1-f2b885f25cebeb6c1fb476c84318e2ac '  ><div class='avia_textblock infoboxGreen' ><p><strong>Tipp<\/strong>: Gerade \u00e4lteres deutsches Kulturgut wie Lieder und Gedichte leisten einen wichtigen Beitrag zu Bildung und Spracherwerb, genau wie M\u00e4rchen. Vor allem Kinder, die in ihrem Elternhaus nicht mit diesen Medien in Ber\u00fchrung kommen, haben so die Gelegenheit, weitere und neue Erfahrungen mit der deutschen Sprache zu sammeln. Und das wird sp\u00e4ter von Nutzen sein, wenn in der Schule Klassiker wie Goethe und Schiller gelesen werden, die sich demselben Wortschatz bedienen.<\/p>\n<\/div><\/section><\/div>\n\n<style type=\"text\/css\" data-created_by=\"avia_inline_auto\" id=\"style-css-av-vhs48m-d3c9946dbca48d6fa77b72e2b41149c7\">\n.flex_column.av-vhs48m-d3c9946dbca48d6fa77b72e2b41149c7{\nborder-radius:0px 0px 0px 0px;\npadding:0px 0px 0px 0px;\n}\n<\/style>\n<div  class='flex_column av-vhs48m-d3c9946dbca48d6fa77b72e2b41149c7 av_one_full  avia-builder-el-52  el_after_av_one_full  el_before_av_one_third  first flex_column_div av-zero-column-padding  column-top-margin'     ><section  class='av_textblock_section av-mf5d6lg4-9b26e35f366cd58ed5edf50c62e4d9d8 '  ><div class='avia_textblock' ><p>Die folgende kleine Auswahl an herbstlichen Werken l\u00e4dt zum Kreativwerden ein und bietet dar\u00fcber hinaus auch Gespr\u00e4chsanl\u00e4sse.<\/p>\n<p><strong>Herbstliche Gedichte <\/strong><\/p>\n<p>In der Lyrik steht der Herbst oft als Metapher f\u00fcr Tod und Verfall, weswegen viele Gedichte eher nicht f\u00fcr Kinder geeignet sind. Ein paar Ausnahmen haben wir hier gesammelt, und vielleicht m\u00f6chten Sie ja auch selbst dichten:<\/p>\n<ul>\n<li>\u00c4pfellese \u2013 Hoffmann von Fallersleben<\/li>\n<li>Herbstlied \u2013 Hoffmann von Fallersleben<\/li>\n<li>Septembermorgen \u2013 Eduard M\u00f6rike<\/li>\n<li>In trauter Verborgenheit \u2013 Wilhelm Busch<\/li>\n<\/ul>\n<p><strong>Herbstgeschichten<\/strong><\/p>\n<p>Bestimmt besitzen Sie schon zahlreiche B\u00fccher mit Klanggeschichten, Wimmelbildern, Traumreisen, Gedichten oder kleinen Erz\u00e4hlungen \u00fcber die verschiedenen Jahreszeiten. \u00dcberlegen Sie, welche Geschichten oder Szenen sich besonders gut zum Malen oder Basteln eignen. Haben die Kinder eine Lieblingsgeschichte?<\/p>\n<p>Ein Klassiker zu den Jahreszeiten ist nat\u00fcrlich Frederick von Leo Lionni, doch nat\u00fcrlich gibt es Hunderte von weiteren tollen B\u00fcchern \u00fcber die Herbstzeit. Vielleicht haben Ihre Kinder ja auch schon bald eine Idee f\u00fcr die erste eigene Herbstgeschichte.<\/p>\n<p><strong>Lieder \u00fcber den Herbst <\/strong><\/p>\n<p>Wenn Sie zu den \u00e4lteren Semestern geh\u00f6ren, hatten Sie in der (Grund-)Schule vielleicht das Vergn\u00fcgen, ein Exemplar der Mundorgel zu besitzen und regelm\u00e4\u00dfig gemeinsam Lieder aus dieser Sammlung zu singen. Wer auf der Suche nach Naturlyrik und Werken zu verschiedenen Jahreszeiten ist, wird dort auf jeden Fall f\u00fcndig.<\/p>\n<p><strong>Hier sind vier sch\u00f6ne Herbstlieder f\u00fcr den Einstieg: <\/strong><\/p>\n<ul>\n<li>Bunt sind schon die W\u00e4lder<\/li>\n<li>Der Herbst ist da<\/li>\n<li>Hejo, spann den Wagen an<\/li>\n<li>Langsam zieht der Herbst ins Land<\/li>\n<\/ul>\n<\/div><\/section><\/div>\n<div class='flex_column_table av-4hnjxtg-da049fbc04ec8ddb6acdfe94ef457107 sc-av_one_third av-equal-height-column-flextable'>\n<style type=\"text\/css\" data-created_by=\"avia_inline_auto\" id=\"style-css-av-4hnjxtg-da049fbc04ec8ddb6acdfe94ef457107\">\n.flex_column.av-4hnjxtg-da049fbc04ec8ddb6acdfe94ef457107{\nborder-width:1px;\nborder-color:#ebebeb;\nborder-style:solid;\nborder-radius:0px 0px 0px 0px;\npadding:10px 10px 10px 10px;\n}\n<\/style>\n<div  class='flex_column av-4hnjxtg-da049fbc04ec8ddb6acdfe94ef457107 av_one_third  avia-builder-el-54  el_after_av_one_full  el_before_av_one_third  first flex_column_table_cell av-equal-height-column av-align-top  column-top-margin'     ><p><section  class='av_textblock_section av-m5p1czus-5fb14119c1a275fa887a3c102c29e360 '  ><div class='avia_textblock' ><p><img decoding=\"async\" class=\"alignnone wp-image-16807 \" src=\"https:\/\/blog.backwinkel.de\/wp-content\/uploads\/2025\/09\/50395-guenther-anspitzer-3.jpg\" alt=\"\" width=\"586\" height=\"586\" srcset=\"https:\/\/www.backwinkel.de\/blog\/wp-content\/uploads\/2025\/09\/50395-guenther-anspitzer-3.jpg 2048w, https:\/\/www.backwinkel.de\/blog\/wp-content\/uploads\/2025\/09\/50395-guenther-anspitzer-3-1536x1536.jpg 1536w, https:\/\/www.backwinkel.de\/blog\/wp-content\/uploads\/2025\/09\/50395-guenther-anspitzer-3-36x36.jpg 36w, https:\/\/www.backwinkel.de\/blog\/wp-content\/uploads\/2025\/09\/50395-guenther-anspitzer-3-180x180.jpg 180w\" sizes=\"(max-width: 586px) 100vw, 586px\" \/><\/p>\n<p style=\"font-size: 20px; font-family: urw_grotesk_extra_narrowrg; text-align: left;\">G\u00fcnther \u2013 der Elektrospitzer<\/p>\n<p style=\"text-align: left;\"><div  class='avia-button-wrap av-3tobjtg-7-6b73ba5016dcea6b41641719ae7155d0-wrap avia-button-center  avia-builder-el-56  avia-builder-el-no-sibling '><a href='https:\/\/www.backwinkel.de\/prod\/guenther-der-elektrospitzer.html'  class='avia-button av-3tobjtg-7-6b73ba5016dcea6b41641719ae7155d0 av-link-btn avia-icon_select-no avia-size-medium avia-position-center avia-color-theme-color'  target=\"_blank\"  rel=\"noopener noreferrer\"  aria-label=\"zum Produkt\"><span class='avia_iconbox_title' >zum Produkt<\/span><\/a><\/div><\/p>\n<\/div><\/section><br \/>\n\n<style type=\"text\/css\" data-created_by=\"avia_inline_auto\" id=\"style-css-av-3d6jy7o-dc8e8f1fc0f2fda9432f2d568a218226\">\n#top .hr.hr-invisible.av-3d6jy7o-dc8e8f1fc0f2fda9432f2d568a218226{\nheight:20px;\n}\n<\/style>\n<div  class='hr av-3d6jy7o-dc8e8f1fc0f2fda9432f2d568a218226 hr-invisible  avia-builder-el-57  el_after_av_textblock  avia-builder-el-last '><span class='hr-inner '><span class=\"hr-inner-style\"><\/span><\/span><\/div><\/p><\/div>\n<div class='av-flex-placeholder'><\/div>\n<style type=\"text\/css\" data-created_by=\"avia_inline_auto\" id=\"style-css-av-33ozkgk-b90c71d5894459128acf98d297958fb9\">\n.flex_column.av-33ozkgk-b90c71d5894459128acf98d297958fb9{\nborder-width:1px;\nborder-color:#ebebeb;\nborder-style:solid;\nborder-radius:0px 0px 0px 0px;\npadding:10px 10px 10px 10px;\n}\n<\/style>\n<div  class='flex_column av-33ozkgk-b90c71d5894459128acf98d297958fb9 av_one_third  avia-builder-el-58  el_after_av_one_third  el_before_av_one_third  flex_column_table_cell av-equal-height-column av-align-top  column-top-margin'     ><p><section  class='av_textblock_section av-m5p1hu5k-4ab4993477b268c382f10df6af263d0a '  ><div class='avia_textblock' ><p><img decoding=\"async\" class=\"alignnone wp-image-16808 size-full\" src=\"https:\/\/blog.backwinkel.de\/wp-content\/uploads\/2025\/09\/66053_masken-zum-selbstgestalten_a.jpg\" alt=\"\" width=\"700\" height=\"700\" srcset=\"https:\/\/www.backwinkel.de\/blog\/wp-content\/uploads\/2025\/09\/66053_masken-zum-selbstgestalten_a.jpg 700w, https:\/\/www.backwinkel.de\/blog\/wp-content\/uploads\/2025\/09\/66053_masken-zum-selbstgestalten_a-36x36.jpg 36w, https:\/\/www.backwinkel.de\/blog\/wp-content\/uploads\/2025\/09\/66053_masken-zum-selbstgestalten_a-180x180.jpg 180w\" sizes=\"(max-width: 700px) 100vw, 700px\" \/><\/p>\n<p style=\"font-size: 20px; font-family: urw_grotesk_extra_narrowrg; text-align: left;\">Masken zum Selbstgestalten<\/p>\n<p style=\"text-align: left;\"><div  class='avia-button-wrap av-8xe4j8-2ce553c4aa3704090b06ba381e0605c7-wrap avia-button-center  avia-builder-el-60  avia-builder-el-no-sibling '><a href='https:\/\/www.backwinkel.de\/prod\/masken.html'  class='avia-button av-8xe4j8-2ce553c4aa3704090b06ba381e0605c7 av-link-btn avia-icon_select-no avia-size-medium avia-position-center avia-color-theme-color'  target=\"_blank\"  rel=\"noopener noreferrer\"  aria-label=\"zum Produkt\"><span class='avia_iconbox_title' >zum Produkt<\/span><\/a><\/div><\/p>\n<\/div><\/section><br \/>\n\n<style type=\"text\/css\" data-created_by=\"avia_inline_auto\" id=\"style-css-av-1x7eu7o-c2d49c24eb7957ffeae70dd042788bb6\">\n#top .hr.hr-invisible.av-1x7eu7o-c2d49c24eb7957ffeae70dd042788bb6{\nheight:20px;\n}\n<\/style>\n<div  class='hr av-1x7eu7o-c2d49c24eb7957ffeae70dd042788bb6 hr-invisible  avia-builder-el-61  el_after_av_textblock  avia-builder-el-last '><span class='hr-inner '><span class=\"hr-inner-style\"><\/span><\/span><\/div><\/p><\/div>\n<div class='av-flex-placeholder'><\/div>\n<style type=\"text\/css\" data-created_by=\"avia_inline_auto\" id=\"style-css-av-1lfdx6c-c176241bb96a41cb139b55fc7b112d3d\">\n.flex_column.av-1lfdx6c-c176241bb96a41cb139b55fc7b112d3d{\nborder-width:1px;\nborder-color:#ebebeb;\nborder-style:solid;\nborder-radius:0px 0px 0px 0px;\npadding:10px 10px 10px 10px;\n}\n<\/style>\n<div  class='flex_column av-1lfdx6c-c176241bb96a41cb139b55fc7b112d3d av_one_third  avia-builder-el-62  el_after_av_one_third  el_before_av_one_full  flex_column_table_cell av-equal-height-column av-align-top  column-top-margin'     ><p><section  class='av_textblock_section av-m5p1mms7-288bd3fda85b19c1ddc8d364467e185b '  ><div class='avia_textblock' ><p><img decoding=\"async\" class=\"alignnone wp-image-16809 size-full\" src=\"https:\/\/blog.backwinkel.de\/wp-content\/uploads\/2025\/09\/23331_sechskant-jolly-stifte_in_box.jpg\" alt=\"\" width=\"700\" height=\"700\" srcset=\"https:\/\/www.backwinkel.de\/blog\/wp-content\/uploads\/2025\/09\/23331_sechskant-jolly-stifte_in_box.jpg 700w, https:\/\/www.backwinkel.de\/blog\/wp-content\/uploads\/2025\/09\/23331_sechskant-jolly-stifte_in_box-36x36.jpg 36w, https:\/\/www.backwinkel.de\/blog\/wp-content\/uploads\/2025\/09\/23331_sechskant-jolly-stifte_in_box-180x180.jpg 180w\" sizes=\"(max-width: 700px) 100vw, 700px\" \/><\/p>\n<p style=\"font-size: 20px; font-family: urw_grotesk_extra_narrowrg; text-align: left;\">96 Sechskant-Buntstifte<\/p>\n<p style=\"text-align: left;\"><div  class='avia-button-wrap av-12x1kxg-015f4f257102967c57d87c41058df559-wrap avia-button-center  avia-builder-el-64  avia-builder-el-no-sibling '><a href='https:\/\/www.backwinkel.de\/prod\/jolly-sechskant-buntstifte-96-stueck.html'  class='avia-button av-12x1kxg-015f4f257102967c57d87c41058df559 av-link-btn avia-icon_select-no avia-size-medium avia-position-center avia-color-theme-color'  target=\"_blank\"  rel=\"noopener noreferrer\"  aria-label=\"zum Produkt\"><span class='avia_iconbox_title' >zum Produkt<\/span><\/a><\/div><\/p>\n<\/div><\/section><br \/>\n\n<style type=\"text\/css\" data-created_by=\"avia_inline_auto\" id=\"style-css-av-umxuc4-28389ba6763cc9b635c79dea6ee155c3\">\n#top .hr.hr-invisible.av-umxuc4-28389ba6763cc9b635c79dea6ee155c3{\nheight:20px;\n}\n<\/style>\n<div  class='hr av-umxuc4-28389ba6763cc9b635c79dea6ee155c3 hr-invisible  avia-builder-el-65  el_after_av_textblock  avia-builder-el-last '><span class='hr-inner '><span class=\"hr-inner-style\"><\/span><\/span><\/div><\/p><\/div><\/div><!--close column table wrapper. Autoclose: 1 -->\n\n<style type=\"text\/css\" data-created_by=\"avia_inline_auto\" id=\"style-css-av-s6peoy-3d8e6ba51cb73b0b95068f0e5c8c5bc3\">\n.flex_column.av-s6peoy-3d8e6ba51cb73b0b95068f0e5c8c5bc3{\nborder-radius:0px 0px 0px 0px;\npadding:10px 10px 10px 10px;\nbackground-color:#f2f2f2;\n}\n<\/style>\n<div  class='flex_column av-s6peoy-3d8e6ba51cb73b0b95068f0e5c8c5bc3 av_one_full  avia-builder-el-66  el_after_av_one_third  el_before_av_one_full  first flex_column_div  column-top-margin'     ><section  class='av_textblock_section av-m7x9d8z9-6a8b1d4eeac9e2b6cf944e31ad77e119 '  ><div class='avia_textblock' ><p><strong>Lesen Sie mehr:<\/strong><\/p>\n<ul>\n<li>Baldwin, Christiane: Kastanienm\u00e4nnchen basteln: 10 kreative Ideen f\u00fcr niedliche Kastanientiere<br \/>\n<a href=\"https:\/\/www.heimwerker.de\/kastanienmaennchen-basteln\/\" target=\"_blank\" rel=\"noopener\">https:\/\/www.heimwerker.de\/kastanienmaennchen-basteln\/<\/a><\/li>\n<\/ul>\n<ul>\n<li>D\u00fcring, Riccardo: Girlanden basteln: \u00dcber 50 einfallsreiche Anleitungen und Ideen:<br \/>\n<a href=\"https:\/\/www.heimwerker.de\/girlanden-basteln\/\" target=\"_blank\" rel=\"noopener\">https:\/\/www.heimwerker.de\/girlanden-basteln\/<\/a><\/li>\n<\/ul>\n<ul>\n<li>Herbstbasteln mit Kindern:<br \/>\n<a href=\"https:\/\/www.kribbelbunt.de\/herbstbasteln-mit-kindern\/\" target=\"_blank\" rel=\"noopener\">https:\/\/www.kribbelbunt.de\/herbstbasteln-mit-kindern\/<\/a><\/li>\n<\/ul>\n<ul>\n<li>Bastelideen f\u00fcr Halloween:<br \/>\n<a href=\"https:\/\/www.kribbelbunt.de\/artikel\/news\/bastelideen-fuer-halloween\/\" target=\"_blank\" rel=\"noopener\">https:\/\/www.kribbelbunt.de\/artikel\/news\/bastelideen-fuer-halloween\/<\/a><\/li>\n<\/ul>\n<ul>\n<li>Lich, Barbara: Warum sich die Bl\u00e4tter verf\u00e4rben:<br \/>\n<a href=\"https:\/\/www.geo.de\/geolino\/natur-und-umwelt\/herbst-laub-warum-sich-blaetter-verfaerben\" target=\"_blank\" rel=\"noopener\">https:\/\/www.geo.de\/geolino\/natur-und-umwelt\/herbst-laub-warum-sich-blaetter-verfaerben<\/a><\/li>\n<\/ul>\n<ul>\n<li>Susanne: Basteln mit Tannenzapfen \u2013 Die 15 sch\u00f6nsten DIY Bastelideen, 03.10.2017:<br \/>\n<a href=\"https:\/\/diydekoideen.com\/basteln-mit-tannenzapfen-die-15-schonsten-diy-bastelideen\/\" target=\"_blank\" rel=\"noopener\">https:\/\/diydekoideen.com\/basteln-mit-tannenzapfen-die-15-schonsten-diy-bastelideen\/<\/a><\/li>\n<\/ul>\n<p><strong>\u00a0 \u00a0Kinderlieder \u00fcber den Herbst<\/strong>:<\/p>\n<ul>\n<li>Kindermusikwelt: Langsam zieht der Herbst ins Land | Kinderlied zum Mitsingen | Kindermusikwelt, 04.11.2019:<br \/>\n<a href=\"https:\/\/www.youtube.com\/watch?v=aK9_GEDfyEk&amp;list=RDaK9_GEDfyEk&amp;start_radio=1&amp;ab_channel=Kindermusikwelt\" target=\"_blank\" rel=\"noopener\">https:\/\/www.youtube.com\/watch?v=aK9_GEDfyEk&amp;list=RDaK9_GEDfyEk&amp;start_radio=1&amp;ab_channel=Kindermusikwelt<\/a><\/li>\n<\/ul>\n<ul>\n<li>Sing mit mir \u2013 Kinderlieder: Herbstlieder-Mix \u2013 10 sch\u00f6ne Herbstlieder | Kinderlieder zum Mitsingen | Sing Kinderlieder, 07.10.2022:<br \/>\n<a href=\"https:\/\/www.youtube.com\/watch?v=xGJ4CzwbRV0&amp;list=RDxGJ4CzwbRV0&amp;start_radio=1&amp;ab_channel=Singmitmir-Kinderlieder\" target=\"_blank\" rel=\"noopener\">https:\/\/www.youtube.com\/watch?v=xGJ4CzwbRV0&amp;list=RDxGJ4CzwbRV0&amp;start_radio=1&amp;ab_channel=Singmitmir-Kinderlieder<\/a><\/li>\n<\/ul>\n<p><strong>\u00a0 \u00a0Herbstgeschichten f\u00fcr Kinder<\/strong><\/p>\n<ul>\n<li><a href=\"https:\/\/www.elkeskindergeschichten.de\/inhalt-4\/herbstgeschichten\/\" target=\"_blank\" rel=\"noopener\">https:\/\/www.elkeskindergeschichten.de\/inhalt-4\/herbstgeschichten\/<\/a><\/li>\n<li><a href=\"https:\/\/erzaehlgeschichten.de\/herbstgeschichten-fuer-kinder\/\" target=\"_blank\" rel=\"noopener\">https:\/\/erzaehlgeschichten.de\/herbstgeschichten-fuer-kinder\/<\/a><\/li>\n<li><a href=\"https:\/\/geschichtenseiten.de\/herbstgeschichten\/\" target=\"_blank\" rel=\"noopener\">https:\/\/geschichtenseiten.de\/herbstgeschichten\/<\/a><\/li>\n<\/ul>\n<ul>\n<li>Maike: Die besten Kinderb\u00fccher f\u00fcr den Herbst, 13.09.2021:<br \/>\n<a href=\"https:\/\/www.kribbelbunt.de\/artikel\/news\/bastelideen-fuer-halloween\/\" target=\"_blank\" rel=\"noopener\">https:\/\/www.kribbelbunt.de\/artikel\/news\/bastelideen-fuer-halloween\/<\/a><\/li>\n<\/ul>\n<ul>\n<li>M\u00f6ller-Andres, Susanne: Unsere 9 Kinderbuchlieblinge f\u00fcr die Herbstzeit, 17.10.2024:<br \/>\n<a href=\"https:\/\/www.eltern.de\/familie-urlaub\/die-schoensten-kinderbuecher-fuer-den-herbst-13704912.html\" target=\"_blank\" rel=\"noopener\">https:\/\/www.eltern.de\/familie-urlaub\/die-schoensten-kinderbuecher-fuer-den-herbst-13704912.html<\/a><\/li>\n<\/ul>\n<ul>\n<li><a href=\"https:\/\/www.xn--geschichtenfrkinder-hbc.de\/herbstgeschichten\/\" target=\"_blank\" rel=\"noopener\">https:\/\/www.xn--geschichtenfrkinder-hbc.de\/herbstgeschichten\/<\/a><\/li>\n<\/ul>\n<\/div><\/section><\/div>\n\n<style type=\"text\/css\" data-created_by=\"avia_inline_auto\" id=\"style-css-av-4a8f13-8282735e1a69d4252a8ab107757df204\">\n.flex_column.av-4a8f13-8282735e1a69d4252a8ab107757df204{\nborder-radius:0px 0px 0px 0px;\npadding:10px 10px 10px 10px;\n}\n<\/style>\n<div  class='flex_column av-4a8f13-8282735e1a69d4252a8ab107757df204 av_one_full  avia-builder-el-68  el_after_av_one_full  el_before_av_one_full  first flex_column_div  column-top-margin'     ><section  class='av_textblock_section av-2ibyo7-105f90c883c0b4406936f8076e5ba294 '  ><div class='avia_textblock' ><p class=\"copyright\"><strong>\u00a9 Copyright \u2013 Urheberrechtshinweis<\/strong><br \/>\nAlle Inhalte auf www.backwinkel.de sowie www.backwinkel.de\/blog, insbesondere Texte, Fotografien und Grafiken, sind urheberrechtlich gesch\u00fctzt.<br \/>\nDas Urheberrecht liegt, soweit nicht ausdr\u00fccklich anders gekennzeichnet, bei der BACKWINKEL GmbH. Bitte fragen Sie uns, falls Sie die Inhalte dieses Internetangebotes verwenden m\u00f6chten.<br \/>\nWer gegen das Urheberrecht verst\u00f6\u00dft (z. B. Bilder oder Texte unerlaubt kopiert), macht sich gem. \u00a7\u00a7 106 ff UrhG strafbar, wird zudem kostenpflichtig abgemahnt und muss Schadensersatz leisten (\u00a7 97 UrhG).<\/p>\n<\/div><\/section><\/div>\n\n<style type=\"text\/css\" data-created_by=\"avia_inline_auto\" id=\"style-css-av-1p82t-b0e9719fe6c67aa5c6d1abf813961e55\">\n.flex_column.av-1p82t-b0e9719fe6c67aa5c6d1abf813961e55{\nborder-radius:0px 0px 0px 0px;\npadding:0px 0px 0px 0px;\n}\n<\/style>\n<div  class='flex_column av-1p82t-b0e9719fe6c67aa5c6d1abf813961e55 av_one_full  avia-builder-el-70  el_after_av_one_full  avia-builder-el-last  first flex_column_div av-zero-column-padding  column-top-margin'     ><p><section  class='av_textblock_section av-jlp4hxqo-91baaad30cd61f89630d15f8561d1750 '  ><div class='avia_textblock' ><div class=\"shariff shariff-align-left shariff-widget-align-left\"><ul class=\"shariff-buttons theme-color orientation-horizontal buttonsize-medium\"><li class=\"shariff-button whatsapp shariff-nocustomcolor\" style=\"background-color:#5cbe4a\"><a href=\"https:\/\/api.whatsapp.com\/send?text=https%3A%2F%2Fwww.backwinkel.de%2Fblog%2Fbasteln-mit-blaettern-und-blumen%2F%20Basteln%20mit%20Bl%C3%A4ttern%20und%20Wald-Sch%C3%A4tzen\" title=\"Bei Whatsapp teilen\" aria-label=\"Bei Whatsapp teilen\" role=\"button\" rel=\"noopener nofollow\" class=\"shariff-link\" style=\"; background-color:#34af23; color:#fff\" target=\"_blank\"><span class=\"shariff-icon\" style=\"\"><svg width=\"32px\" height=\"20px\" xmlns=\"http:\/\/www.w3.org\/2000\/svg\" viewBox=\"0 0 32 32\"><path fill=\"#34af23\" d=\"M17.6 17.4q0.2 0 1.7 0.8t1.6 0.9q0 0.1 0 0.3 0 0.6-0.3 1.4-0.3 0.7-1.3 1.2t-1.8 0.5q-1 0-3.4-1.1-1.7-0.8-3-2.1t-2.6-3.3q-1.3-1.9-1.3-3.5v-0.1q0.1-1.6 1.3-2.8 0.4-0.4 0.9-0.4 0.1 0 0.3 0t0.3 0q0.3 0 0.5 0.1t0.3 0.5q0.1 0.4 0.6 1.6t0.4 1.3q0 0.4-0.6 1t-0.6 0.8q0 0.1 0.1 0.3 0.6 1.3 1.8 2.4 1 0.9 2.7 1.8 0.2 0.1 0.4 0.1 0.3 0 1-0.9t0.9-0.9zM14 26.9q2.3 0 4.3-0.9t3.6-2.4 2.4-3.6 0.9-4.3-0.9-4.3-2.4-3.6-3.6-2.4-4.3-0.9-4.3 0.9-3.6 2.4-2.4 3.6-0.9 4.3q0 3.6 2.1 6.6l-1.4 4.2 4.3-1.4q2.8 1.9 6.2 1.9zM14 2.2q2.7 0 5.2 1.1t4.3 2.9 2.9 4.3 1.1 5.2-1.1 5.2-2.9 4.3-4.3 2.9-5.2 1.1q-3.5 0-6.5-1.7l-7.4 2.4 2.4-7.2q-1.9-3.2-1.9-6.9 0-2.7 1.1-5.2t2.9-4.3 4.3-2.9 5.2-1.1z\"\/><\/svg><\/span><span class=\"shariff-text\">teilen<\/span>&nbsp;<\/a><\/li><li class=\"shariff-button facebook shariff-nocustomcolor\" style=\"background-color:#4273c8\"><a href=\"https:\/\/www.facebook.com\/sharer\/sharer.php?u=https%3A%2F%2Fwww.backwinkel.de%2Fblog%2Fbasteln-mit-blaettern-und-blumen%2F\" title=\"Bei Facebook teilen\" aria-label=\"Bei Facebook teilen\" role=\"button\" rel=\"nofollow\" class=\"shariff-link\" style=\"; background-color:#3b5998; color:#fff\" target=\"_blank\"><span class=\"shariff-icon\" style=\"\"><svg width=\"32px\" height=\"20px\" xmlns=\"http:\/\/www.w3.org\/2000\/svg\" viewBox=\"0 0 18 32\"><path fill=\"#3b5998\" d=\"M17.1 0.2v4.7h-2.8q-1.5 0-2.1 0.6t-0.5 1.9v3.4h5.2l-0.7 5.3h-4.5v13.6h-5.5v-13.6h-4.5v-5.3h4.5v-3.9q0-3.3 1.9-5.2t5-1.8q2.6 0 4.1 0.2z\"\/><\/svg><\/span><span class=\"shariff-text\">teilen<\/span>&nbsp;<\/a><\/li><li class=\"shariff-button twitter shariff-nocustomcolor\" style=\"background-color:#595959\"><a href=\"https:\/\/twitter.com\/share?url=https%3A%2F%2Fwww.backwinkel.de%2Fblog%2Fbasteln-mit-blaettern-und-blumen%2F&text=Basteln%20mit%20Bl%C3%A4ttern%20und%20Wald-Sch%C3%A4tzen\" title=\"Bei X teilen\" aria-label=\"Bei X teilen\" role=\"button\" rel=\"noopener nofollow\" class=\"shariff-link\" style=\"; background-color:#000; color:#fff\" target=\"_blank\"><span class=\"shariff-icon\" style=\"\"><svg width=\"32px\" height=\"20px\" xmlns=\"http:\/\/www.w3.org\/2000\/svg\" viewBox=\"0 0 24 24\"><path fill=\"#000\" d=\"M14.258 10.152L23.176 0h-2.113l-7.747 8.813L7.133 0H0l9.352 13.328L0 23.973h2.113l8.176-9.309 6.531 9.309h7.133zm-2.895 3.293l-.949-1.328L2.875 1.56h3.246l6.086 8.523.945 1.328 7.91 11.078h-3.246zm0 0\"\/><\/svg><\/span><span class=\"shariff-text\">teilen<\/span>&nbsp;<\/a><\/li><li class=\"shariff-button pinterest shariff-nocustomcolor\" style=\"background-color:#e70f18\"><a href=\"https:\/\/www.pinterest.com\/pin\/create\/link\/?url=https%3A%2F%2Fwww.backwinkel.de%2Fblog%2Fbasteln-mit-blaettern-und-blumen%2F&media=https%3A%2F%2Fwww.backwinkel.de%2Fblog%2Fwp-content%2Fuploads%2F2025%2F05%2F09_Kiga_Basteln_heroimage.jpg&description=Basteln%20mit%20Bl%C3%A4ttern%20und%20Wald-Sch%C3%A4tzen\" title=\"Bei Pinterest pinnen\" aria-label=\"Bei Pinterest pinnen\" role=\"button\" rel=\"noopener nofollow\" class=\"shariff-link\" style=\"; background-color:#cb2027; color:#fff\" target=\"_blank\"><span class=\"shariff-icon\" style=\"\"><svg width=\"32px\" height=\"20px\" xmlns=\"http:\/\/www.w3.org\/2000\/svg\" viewBox=\"0 0 27 32\"><path fill=\"#cb2027\" d=\"M27.4 16q0 3.7-1.8 6.9t-5 5-6.9 1.9q-2 0-3.9-0.6 1.1-1.7 1.4-2.9 0.2-0.6 1-3.8 0.4 0.7 1.3 1.2t2 0.5q2.1 0 3.8-1.2t2.7-3.4 0.9-4.8q0-2-1.1-3.8t-3.1-2.9-4.5-1.2q-1.9 0-3.5 0.5t-2.8 1.4-2 2-1.2 2.3-0.4 2.4q0 1.9 0.7 3.3t2.1 2q0.5 0.2 0.7-0.4 0-0.1 0.1-0.5t0.2-0.5q0.1-0.4-0.2-0.8-0.9-1.1-0.9-2.7 0-2.7 1.9-4.6t4.9-2q2.7 0 4.2 1.5t1.5 3.8q0 3-1.2 5.2t-3.1 2.1q-1.1 0-1.7-0.8t-0.4-1.9q0.1-0.6 0.5-1.7t0.5-1.8 0.2-1.4q0-0.9-0.5-1.5t-1.4-0.6q-1.1 0-1.9 1t-0.8 2.6q0 1.3 0.4 2.2l-1.8 7.5q-0.3 1.2-0.2 3.2-3.7-1.6-6-5t-2.3-7.6q0-3.7 1.9-6.9t5-5 6.9-1.9 6.9 1.9 5 5 1.8 6.9z\"\/><\/svg><\/span><span class=\"shariff-text\">merken<\/span>&nbsp;<\/a><\/li><li class=\"shariff-button mailto shariff-nocustomcolor\" style=\"background-color:#a8a8a8\"><a href=\"mailto:?body=https%3A%2F%2Fwww.backwinkel.de%2Fblog%2Fbasteln-mit-blaettern-und-blumen%2F&subject=Basteln%20mit%20Bl%C3%A4ttern%20und%20Wald-Sch%C3%A4tzen\" title=\"Per E-Mail versenden\" aria-label=\"Per E-Mail versenden\" role=\"button\" rel=\"noopener nofollow\" class=\"shariff-link\" style=\"; background-color:#999; color:#fff\"><span class=\"shariff-icon\" style=\"\"><svg width=\"32px\" height=\"20px\" xmlns=\"http:\/\/www.w3.org\/2000\/svg\" viewBox=\"0 0 32 32\"><path fill=\"#999\" d=\"M32 12.7v14.2q0 1.2-0.8 2t-2 0.9h-26.3q-1.2 0-2-0.9t-0.8-2v-14.2q0.8 0.9 1.8 1.6 6.5 4.4 8.9 6.1 1 0.8 1.6 1.2t1.7 0.9 2 0.4h0.1q0.9 0 2-0.4t1.7-0.9 1.6-1.2q3-2.2 8.9-6.1 1-0.7 1.8-1.6zM32 7.4q0 1.4-0.9 2.7t-2.2 2.2q-6.7 4.7-8.4 5.8-0.2 0.1-0.7 0.5t-1 0.7-0.9 0.6-1.1 0.5-0.9 0.2h-0.1q-0.4 0-0.9-0.2t-1.1-0.5-0.9-0.6-1-0.7-0.7-0.5q-1.6-1.1-4.7-3.2t-3.6-2.6q-1.1-0.7-2.1-2t-1-2.5q0-1.4 0.7-2.3t2.1-0.9h26.3q1.2 0 2 0.8t0.9 2z\"\/><\/svg><\/span><span class=\"shariff-text\">E-Mail<\/span>&nbsp;<\/a><\/li><\/ul><\/div>\n<\/div><\/section><br \/>\n<div  class='tabcontainer av-jlq8shhr-81242121e684ca07ed7e4b689c7d9116 top_tab  avia-builder-el-72  el_after_av_textblock  el_before_av_hr '>\n<section class='av_tab_section av_tab_section av-4w8jsn-bbdf9e923dedb1db49ad7c5dc47ef632' ><div id='tab-id-1-tab' class='tab active_tab' role='tab' aria-selected=\"true\" tabindex=\"0\" data-fake-id='#tab-id-1' aria-controls='tab-id-1-content' >Das BACKWINKEL-Blog-Team:<\/div><div id='tab-id-1-content' class='tab_content active_tab_content' role='tabpanel' aria-labelledby='tab-id-1-tab' aria-hidden=\"false\"><div class='tab_inner_content invers-color' ><p>Gibts auch ein Gesicht hinter dem BACKWINKEL-Blog? Nat\u00fcrlich. Sogar f\u00fcnf \ud83d\ude0a. Wir \u2013 Lukas, Marvin und Tatjana \u2013 bespielen unseren Blog im LACHEN LEBEN LERNEN-Firmensitz in Hattingen.<br \/>\nLukas kennt Onlinemarketing wie seine Westentasche, w\u00e4hrend Marvin unseren Beitr\u00e4gen den passenden gestalterischen Rahmen gibt und Tatjana mit dem gr\u00fcnen Korrekturstift alles pr\u00fcfend be\u00e4ugt, was unsere Freelancerautorinnen Elisa und Christine (und gern auch Gastautoren) aus der Ferne f\u00fcr den BACKWINKEL-Blog nach ordentlicher Recherche schreiben.<br \/>\nGemeinsam suchen wir st\u00e4ndig nach neuen, aufregenden Themen rund um das Thema Bildung im Kiga, der Schule und zu Hause. Und weil Sie da an der Quelle sitzen, freuen wir uns auf Ihre konstruktiven R\u00fcckmeldungen und Anregungen an blog[@]backwinkel.de<br \/>\nViel Spa\u00df beim LACHEN LESEN LERNEN!<\/p>\n<\/div><\/div><\/section>\n<\/div><br \/>\n\n<style type=\"text\/css\" data-created_by=\"avia_inline_auto\" id=\"style-css-av-jkuvdh82-b6ea5d9aca5d02d0d62bf300de93e492\">\n#top .hr.av-jkuvdh82-b6ea5d9aca5d02d0d62bf300de93e492{\nmargin-top:10px;\nmargin-bottom:10px;\n}\n.hr.av-jkuvdh82-b6ea5d9aca5d02d0d62bf300de93e492 .hr-inner{\nwidth:500;\n}\n<\/style>\n<div  class='hr av-jkuvdh82-b6ea5d9aca5d02d0d62bf300de93e492 hr-custom  avia-builder-el-73  el_after_av_tab_container  el_before_av_heading  hr-left hr-icon-no'><span class='hr-inner inner-border-av-border-thin'><span class=\"hr-inner-style\"><\/span><\/span><\/div><br \/>\n\n<style type=\"text\/css\" data-created_by=\"avia_inline_auto\" id=\"style-css-av-2rgq8p-eea5960d1a3bca7958b11dcc59b35b67\">\n#top .av-special-heading.av-2rgq8p-eea5960d1a3bca7958b11dcc59b35b67{\npadding-bottom:10px;\n}\nbody .av-special-heading.av-2rgq8p-eea5960d1a3bca7958b11dcc59b35b67 .av-special-heading-tag .heading-char{\nfont-size:25px;\n}\n.av-special-heading.av-2rgq8p-eea5960d1a3bca7958b11dcc59b35b67 .av-subheading{\nfont-size:15px;\n}\n<\/style>\n<div  class='av-special-heading av-2rgq8p-eea5960d1a3bca7958b11dcc59b35b67 av-special-heading-h3 blockquote modern-quote  avia-builder-el-74  el_after_av_hr  el_before_av_blog '><h3 class='av-special-heading-tag '  >PASSENDE BEITR\u00c4GE<\/h3><div class=\"special-heading-border\"><div class=\"special-heading-inner-border\"><\/div><\/div><\/div><br \/>\n<div  data-slideshow-options=\"{&quot;animation&quot;:&quot;fade&quot;,&quot;autoplay&quot;:false,&quot;loop_autoplay&quot;:&quot;once&quot;,&quot;interval&quot;:5,&quot;loop_manual&quot;:&quot;manual-endless&quot;,&quot;autoplay_stopper&quot;:false,&quot;noNavigation&quot;:false,&quot;show_slide_delay&quot;:90}\" class='avia-content-slider avia-content-grid-active avia-content-slider1 avia-content-slider-odd  avia-builder-el-75  el_after_av_heading  avia-builder-el-last  av-slideshow-ui av-control-default   av-no-slider-navigation av-slideshow-manual av-loop-once av-loop-manual-endless ' ><div class=\"avia-content-slider-inner\"><div class=\"slide-entry-wrap\"><article class='slide-entry flex_column  post-entry post-entry-18633 slide-entry-overview slide-loop-1 slide-parity-odd  av_one_third first real-thumbnail posttype-post post-format-standard' ><a href='https:\/\/www.backwinkel.de\/blog\/plastik-recyceln\/' data-rel='slide-1' class='slide-image' title='Plastik recyceln'><img decoding=\"async\" fetchpriority=\"high\" width=\"1200\" height=\"628\" src=\"https:\/\/www.backwinkel.de\/blog\/wp-content\/uploads\/2026\/04\/04_Kiga_Plastik_nachhaltig_nutzen.jpg\" class=\"wp-image-18713 avia-img-lazy-loading-not-18713 attachment-no scaling size-no scaling wp-post-image\" alt=\"\" \/><\/a><div class=\"slide-content\"><header class=\"entry-content-header\" aria-label=\"Slide: Plastik recyceln\"><h3 class='slide-entry-title entry-title ' ><a href='https:\/\/www.backwinkel.de\/blog\/plastik-recyceln\/' title='Plastik recyceln'>Plastik recyceln<\/a><\/h3><span class=\"blog-categories minor-meta\"><a href=\"https:\/\/www.backwinkel.de\/blog\/category\/kindergarten-kita\/\" rel=\"tag\">Kindergarten<\/a> <\/span><span class=\"av-vertical-delimiter\"><\/span><\/header><div class='slide-entry-excerpt entry-content' >Biokunststoff f\u00fcr St\u00fchle, Materialboxen, Spielzeug und Rucks\u00e4cke<\/div><\/div><footer class=\"entry-footer\"><div class=\"slide-meta\"><time class='slide-meta-time updated' >14. April 2026<\/time><\/div><\/footer><\/article><article class='slide-entry flex_column  post-entry post-entry-18716 slide-entry-overview slide-loop-2 slide-parity-even  av_one_third  real-thumbnail posttype-post post-format-standard' ><a href='https:\/\/www.backwinkel.de\/blog\/rechnen-im-anfangsunterricht\/' data-rel='slide-1' class='slide-image' title='Rechnen im Anfangsunterricht'><img decoding=\"async\" fetchpriority=\"high\" width=\"1200\" height=\"628\" src=\"https:\/\/www.backwinkel.de\/blog\/wp-content\/uploads\/2026\/04\/04_Schule_Rechnen_anfangsunterricht.jpg\" class=\"wp-image-18748 avia-img-lazy-loading-not-18748 attachment-no scaling size-no scaling wp-post-image\" alt=\"\" \/><\/a><div class=\"slide-content\"><header class=\"entry-content-header\" aria-label=\"Slide: Rechnen im Anfangsunterricht\"><h3 class='slide-entry-title entry-title ' ><a href='https:\/\/www.backwinkel.de\/blog\/rechnen-im-anfangsunterricht\/' title='Rechnen im Anfangsunterricht'>Rechnen im Anfangsunterricht<\/a><\/h3><span class=\"blog-categories minor-meta\"><a href=\"https:\/\/www.backwinkel.de\/blog\/category\/schule-grundschule\/\" rel=\"tag\">Schule<\/a> <\/span><span class=\"av-vertical-delimiter\"><\/span><\/header><div class='slide-entry-excerpt entry-content' >Das Klassenzimmer als Lernlandschaft<\/div><\/div><footer class=\"entry-footer\"><div class=\"slide-meta\"><time class='slide-meta-time updated' >14. April 2026<\/time><\/div><\/footer><\/article><article class='slide-entry flex_column  post-entry post-entry-18372 slide-entry-overview slide-loop-3 slide-parity-odd  post-entry-last  av_one_third  real-thumbnail posttype-post post-format-standard' ><a href='https:\/\/www.backwinkel.de\/blog\/kranke-kinder-im-kindergarten\/' data-rel='slide-1' class='slide-image' title='Kranke Kinder im Kindergarten'><img decoding=\"async\" fetchpriority=\"high\" width=\"1200\" height=\"628\" src=\"https:\/\/www.backwinkel.de\/blog\/wp-content\/uploads\/2026\/03\/03_Kiga_Kranke_Kinder.jpg\" class=\"wp-image-18451 avia-img-lazy-loading-not-18451 attachment-no scaling size-no scaling wp-post-image\" alt=\"Thema: Kranke Kinder. Auf dem Bild ist ein krankes kleines M\u00e4dchen zu sehen. Eine Frau mit einem Fieberthermometer in der Hand sitzt neben ihr und hat die Hand auf der Stirn des M\u00e4dchens.\" \/><\/a><div class=\"slide-content\"><header class=\"entry-content-header\" aria-label=\"Slide: Kranke Kinder im Kindergarten\"><h3 class='slide-entry-title entry-title ' ><a href='https:\/\/www.backwinkel.de\/blog\/kranke-kinder-im-kindergarten\/' title='Kranke Kinder im Kindergarten'>Kranke Kinder im Kindergarten<\/a><\/h3><span class=\"blog-categories minor-meta\"><a href=\"https:\/\/www.backwinkel.de\/blog\/category\/kindergarten-kita\/\" rel=\"tag\">Kindergarten<\/a> <\/span><span class=\"av-vertical-delimiter\"><\/span><\/header><div class='slide-entry-excerpt entry-content' >Auswirkungen f\u00fcr Kinder, Eltern und Fachkr\u00e4fte<\/div><\/div><footer class=\"entry-footer\"><div class=\"slide-meta\"><time class='slide-meta-time updated' >9. M\u00e4rz 2026<\/time><\/div><\/footer><\/article><\/div><\/div><\/div><\/p><\/div>\n","protected":false},"excerpt":{"rendered":"<p>10 kreative Ideen rund um Herbst und Halloween <\/p>\n","protected":false},"author":1,"featured_media":16802,"comment_status":"closed","ping_status":"closed","sticky":false,"template":"","format":"standard","meta":{"inline_featured_image":false,"footnotes":""},"categories":[5],"tags":[],"class_list":["post-16790","post","type-post","status-publish","format-standard","has-post-thumbnail","hentry","category-kindergarten-kita"],"yoast_head":"<!-- This site is optimized with the Yoast SEO plugin v27.4 - https:\/\/yoast.com\/product\/yoast-seo-wordpress\/ -->\n<title>Bastelideen f\u00fcr den Herbst | BACKWINKEL Blog<\/title>\n<meta name=\"description\" content=\"Von Herbstbl\u00e4ttern und Halloween: 10 bunte Bastelideen mit Wald-Sch\u00e4tzen f\u00fcr die Herbstzeit \u00bb Jetzt lesen\" \/>\n<meta name=\"robots\" content=\"index, follow, max-snippet:-1, max-image-preview:large, max-video-preview:-1\" \/>\n<link rel=\"canonical\" href=\"https:\/\/www.backwinkel.de\/blog\/basteln-mit-blaettern-und-blumen\/\" \/>\n<meta property=\"og:locale\" content=\"de_DE\" \/>\n<meta property=\"og:type\" content=\"article\" \/>\n<meta property=\"og:title\" content=\"Bastelideen f\u00fcr den Herbst | BACKWINKEL Blog\" \/>\n<meta property=\"og:description\" content=\"Von Herbstbl\u00e4ttern und Halloween: 10 bunte Bastelideen mit Wald-Sch\u00e4tzen f\u00fcr die Herbstzeit \u00bb Jetzt lesen\" \/>\n<meta property=\"og:url\" content=\"https:\/\/www.backwinkel.de\/blog\/basteln-mit-blaettern-und-blumen\/\" \/>\n<meta property=\"og:site_name\" content=\"BACKWINKEL Blog\" \/>\n<meta property=\"article:published_time\" content=\"2025-09-08T07:04:17+00:00\" \/>\n<meta property=\"article:modified_time\" content=\"2026-01-13T12:58:49+00:00\" \/>\n<meta property=\"og:image\" content=\"https:\/\/www.backwinkel.de\/blog\/wp-content\/uploads\/2025\/05\/09_Kiga_Basteln_heroimage.jpg\" \/>\n\t<meta property=\"og:image:width\" content=\"1200\" \/>\n\t<meta property=\"og:image:height\" content=\"628\" \/>\n\t<meta property=\"og:image:type\" content=\"image\/jpeg\" \/>\n<meta name=\"author\" content=\"admin_backwinkel\" \/>\n<meta name=\"twitter:card\" content=\"summary_large_image\" \/>\n<meta name=\"twitter:label1\" content=\"Verfasst von\" \/>\n\t<meta name=\"twitter:data1\" content=\"admin_backwinkel\" \/>\n\t<meta name=\"twitter:label2\" content=\"Gesch\u00e4tzte Lesezeit\" \/>\n\t<meta name=\"twitter:data2\" content=\"17\u00a0Minuten\" \/>\n<script type=\"application\/ld+json\" class=\"yoast-schema-graph\">{\"@context\":\"https:\\\/\\\/schema.org\",\"@graph\":[{\"@type\":\"Article\",\"@id\":\"https:\\\/\\\/www.backwinkel.de\\\/blog\\\/basteln-mit-blaettern-und-blumen\\\/#article\",\"isPartOf\":{\"@id\":\"https:\\\/\\\/www.backwinkel.de\\\/blog\\\/basteln-mit-blaettern-und-blumen\\\/\"},\"author\":{\"name\":\"admin_backwinkel\",\"@id\":\"https:\\\/\\\/www.backwinkel.de\\\/blog\\\/#\\\/schema\\\/person\\\/88b842297c0e471020a66f4476633cf2\"},\"headline\":\"Basteln mit Bl\u00e4ttern und Wald-Sch\u00e4tzen\",\"datePublished\":\"2025-09-08T07:04:17+00:00\",\"dateModified\":\"2026-01-13T12:58:49+00:00\",\"mainEntityOfPage\":{\"@id\":\"https:\\\/\\\/www.backwinkel.de\\\/blog\\\/basteln-mit-blaettern-und-blumen\\\/\"},\"wordCount\":8149,\"image\":{\"@id\":\"https:\\\/\\\/www.backwinkel.de\\\/blog\\\/basteln-mit-blaettern-und-blumen\\\/#primaryimage\"},\"thumbnailUrl\":\"https:\\\/\\\/www.backwinkel.de\\\/blog\\\/wp-content\\\/uploads\\\/2025\\\/05\\\/09_Kiga_Basteln_heroimage.jpg\",\"articleSection\":[\"Kindergarten\"],\"inLanguage\":\"de\"},{\"@type\":\"WebPage\",\"@id\":\"https:\\\/\\\/www.backwinkel.de\\\/blog\\\/basteln-mit-blaettern-und-blumen\\\/\",\"url\":\"https:\\\/\\\/www.backwinkel.de\\\/blog\\\/basteln-mit-blaettern-und-blumen\\\/\",\"name\":\"Bastelideen f\u00fcr den Herbst | BACKWINKEL Blog\",\"isPartOf\":{\"@id\":\"https:\\\/\\\/www.backwinkel.de\\\/blog\\\/#website\"},\"primaryImageOfPage\":{\"@id\":\"https:\\\/\\\/www.backwinkel.de\\\/blog\\\/basteln-mit-blaettern-und-blumen\\\/#primaryimage\"},\"image\":{\"@id\":\"https:\\\/\\\/www.backwinkel.de\\\/blog\\\/basteln-mit-blaettern-und-blumen\\\/#primaryimage\"},\"thumbnailUrl\":\"https:\\\/\\\/www.backwinkel.de\\\/blog\\\/wp-content\\\/uploads\\\/2025\\\/05\\\/09_Kiga_Basteln_heroimage.jpg\",\"datePublished\":\"2025-09-08T07:04:17+00:00\",\"dateModified\":\"2026-01-13T12:58:49+00:00\",\"author\":{\"@id\":\"https:\\\/\\\/www.backwinkel.de\\\/blog\\\/#\\\/schema\\\/person\\\/88b842297c0e471020a66f4476633cf2\"},\"description\":\"Von Herbstbl\u00e4ttern und Halloween: 10 bunte Bastelideen mit Wald-Sch\u00e4tzen f\u00fcr die Herbstzeit \u00bb Jetzt lesen\",\"breadcrumb\":{\"@id\":\"https:\\\/\\\/www.backwinkel.de\\\/blog\\\/basteln-mit-blaettern-und-blumen\\\/#breadcrumb\"},\"inLanguage\":\"de\",\"potentialAction\":[{\"@type\":\"ReadAction\",\"target\":[\"https:\\\/\\\/www.backwinkel.de\\\/blog\\\/basteln-mit-blaettern-und-blumen\\\/\"]}]},{\"@type\":\"ImageObject\",\"inLanguage\":\"de\",\"@id\":\"https:\\\/\\\/www.backwinkel.de\\\/blog\\\/basteln-mit-blaettern-und-blumen\\\/#primaryimage\",\"url\":\"https:\\\/\\\/www.backwinkel.de\\\/blog\\\/wp-content\\\/uploads\\\/2025\\\/05\\\/09_Kiga_Basteln_heroimage.jpg\",\"contentUrl\":\"https:\\\/\\\/www.backwinkel.de\\\/blog\\\/wp-content\\\/uploads\\\/2025\\\/05\\\/09_Kiga_Basteln_heroimage.jpg\",\"width\":1200,\"height\":628},{\"@type\":\"BreadcrumbList\",\"@id\":\"https:\\\/\\\/www.backwinkel.de\\\/blog\\\/basteln-mit-blaettern-und-blumen\\\/#breadcrumb\",\"itemListElement\":[{\"@type\":\"ListItem\",\"position\":1,\"name\":\"Startseite\",\"item\":\"https:\\\/\\\/blog.backwinkel.de\\\/aktuelles\\\/\"},{\"@type\":\"ListItem\",\"position\":2,\"name\":\"Basteln mit Bl\u00e4ttern und Wald-Sch\u00e4tzen\"}]},{\"@type\":\"WebSite\",\"@id\":\"https:\\\/\\\/www.backwinkel.de\\\/blog\\\/#website\",\"url\":\"https:\\\/\\\/www.backwinkel.de\\\/blog\\\/\",\"name\":\"BACKWINKEL Blog\",\"description\":\"f\u00fcr Lehrer, Erzieher und Eltern\",\"potentialAction\":[{\"@type\":\"SearchAction\",\"target\":{\"@type\":\"EntryPoint\",\"urlTemplate\":\"https:\\\/\\\/www.backwinkel.de\\\/blog\\\/?s={search_term_string}\"},\"query-input\":{\"@type\":\"PropertyValueSpecification\",\"valueRequired\":true,\"valueName\":\"search_term_string\"}}],\"inLanguage\":\"de\"},{\"@type\":\"Person\",\"@id\":\"https:\\\/\\\/www.backwinkel.de\\\/blog\\\/#\\\/schema\\\/person\\\/88b842297c0e471020a66f4476633cf2\",\"name\":\"admin_backwinkel\",\"url\":\"https:\\\/\\\/www.backwinkel.de\\\/blog\\\/author\\\/admin_backwinkel\\\/\"}]}<\/script>\n<!-- \/ Yoast SEO plugin. -->","yoast_head_json":{"title":"Bastelideen f\u00fcr den Herbst | BACKWINKEL Blog","description":"Von Herbstbl\u00e4ttern und Halloween: 10 bunte Bastelideen mit Wald-Sch\u00e4tzen f\u00fcr die Herbstzeit \u00bb Jetzt lesen","robots":{"index":"index","follow":"follow","max-snippet":"max-snippet:-1","max-image-preview":"max-image-preview:large","max-video-preview":"max-video-preview:-1"},"canonical":"https:\/\/www.backwinkel.de\/blog\/basteln-mit-blaettern-und-blumen\/","og_locale":"de_DE","og_type":"article","og_title":"Bastelideen f\u00fcr den Herbst | BACKWINKEL Blog","og_description":"Von Herbstbl\u00e4ttern und Halloween: 10 bunte Bastelideen mit Wald-Sch\u00e4tzen f\u00fcr die Herbstzeit \u00bb Jetzt lesen","og_url":"https:\/\/www.backwinkel.de\/blog\/basteln-mit-blaettern-und-blumen\/","og_site_name":"BACKWINKEL Blog","article_published_time":"2025-09-08T07:04:17+00:00","article_modified_time":"2026-01-13T12:58:49+00:00","og_image":[{"width":1200,"height":628,"url":"https:\/\/www.backwinkel.de\/blog\/wp-content\/uploads\/2025\/05\/09_Kiga_Basteln_heroimage.jpg","type":"image\/jpeg"}],"author":"admin_backwinkel","twitter_card":"summary_large_image","twitter_misc":{"Verfasst von":"admin_backwinkel","Gesch\u00e4tzte Lesezeit":"17\u00a0Minuten"},"schema":{"@context":"https:\/\/schema.org","@graph":[{"@type":"Article","@id":"https:\/\/www.backwinkel.de\/blog\/basteln-mit-blaettern-und-blumen\/#article","isPartOf":{"@id":"https:\/\/www.backwinkel.de\/blog\/basteln-mit-blaettern-und-blumen\/"},"author":{"name":"admin_backwinkel","@id":"https:\/\/www.backwinkel.de\/blog\/#\/schema\/person\/88b842297c0e471020a66f4476633cf2"},"headline":"Basteln mit Bl\u00e4ttern und Wald-Sch\u00e4tzen","datePublished":"2025-09-08T07:04:17+00:00","dateModified":"2026-01-13T12:58:49+00:00","mainEntityOfPage":{"@id":"https:\/\/www.backwinkel.de\/blog\/basteln-mit-blaettern-und-blumen\/"},"wordCount":8149,"image":{"@id":"https:\/\/www.backwinkel.de\/blog\/basteln-mit-blaettern-und-blumen\/#primaryimage"},"thumbnailUrl":"https:\/\/www.backwinkel.de\/blog\/wp-content\/uploads\/2025\/05\/09_Kiga_Basteln_heroimage.jpg","articleSection":["Kindergarten"],"inLanguage":"de"},{"@type":"WebPage","@id":"https:\/\/www.backwinkel.de\/blog\/basteln-mit-blaettern-und-blumen\/","url":"https:\/\/www.backwinkel.de\/blog\/basteln-mit-blaettern-und-blumen\/","name":"Bastelideen f\u00fcr den Herbst | BACKWINKEL Blog","isPartOf":{"@id":"https:\/\/www.backwinkel.de\/blog\/#website"},"primaryImageOfPage":{"@id":"https:\/\/www.backwinkel.de\/blog\/basteln-mit-blaettern-und-blumen\/#primaryimage"},"image":{"@id":"https:\/\/www.backwinkel.de\/blog\/basteln-mit-blaettern-und-blumen\/#primaryimage"},"thumbnailUrl":"https:\/\/www.backwinkel.de\/blog\/wp-content\/uploads\/2025\/05\/09_Kiga_Basteln_heroimage.jpg","datePublished":"2025-09-08T07:04:17+00:00","dateModified":"2026-01-13T12:58:49+00:00","author":{"@id":"https:\/\/www.backwinkel.de\/blog\/#\/schema\/person\/88b842297c0e471020a66f4476633cf2"},"description":"Von Herbstbl\u00e4ttern und Halloween: 10 bunte Bastelideen mit Wald-Sch\u00e4tzen f\u00fcr die Herbstzeit \u00bb Jetzt lesen","breadcrumb":{"@id":"https:\/\/www.backwinkel.de\/blog\/basteln-mit-blaettern-und-blumen\/#breadcrumb"},"inLanguage":"de","potentialAction":[{"@type":"ReadAction","target":["https:\/\/www.backwinkel.de\/blog\/basteln-mit-blaettern-und-blumen\/"]}]},{"@type":"ImageObject","inLanguage":"de","@id":"https:\/\/www.backwinkel.de\/blog\/basteln-mit-blaettern-und-blumen\/#primaryimage","url":"https:\/\/www.backwinkel.de\/blog\/wp-content\/uploads\/2025\/05\/09_Kiga_Basteln_heroimage.jpg","contentUrl":"https:\/\/www.backwinkel.de\/blog\/wp-content\/uploads\/2025\/05\/09_Kiga_Basteln_heroimage.jpg","width":1200,"height":628},{"@type":"BreadcrumbList","@id":"https:\/\/www.backwinkel.de\/blog\/basteln-mit-blaettern-und-blumen\/#breadcrumb","itemListElement":[{"@type":"ListItem","position":1,"name":"Startseite","item":"https:\/\/blog.backwinkel.de\/aktuelles\/"},{"@type":"ListItem","position":2,"name":"Basteln mit Bl\u00e4ttern und Wald-Sch\u00e4tzen"}]},{"@type":"WebSite","@id":"https:\/\/www.backwinkel.de\/blog\/#website","url":"https:\/\/www.backwinkel.de\/blog\/","name":"BACKWINKEL Blog","description":"f\u00fcr Lehrer, Erzieher und Eltern","potentialAction":[{"@type":"SearchAction","target":{"@type":"EntryPoint","urlTemplate":"https:\/\/www.backwinkel.de\/blog\/?s={search_term_string}"},"query-input":{"@type":"PropertyValueSpecification","valueRequired":true,"valueName":"search_term_string"}}],"inLanguage":"de"},{"@type":"Person","@id":"https:\/\/www.backwinkel.de\/blog\/#\/schema\/person\/88b842297c0e471020a66f4476633cf2","name":"admin_backwinkel","url":"https:\/\/www.backwinkel.de\/blog\/author\/admin_backwinkel\/"}]}},"_links":{"self":[{"href":"https:\/\/www.backwinkel.de\/blog\/wp-json\/wp\/v2\/posts\/16790","targetHints":{"allow":["GET"]}}],"collection":[{"href":"https:\/\/www.backwinkel.de\/blog\/wp-json\/wp\/v2\/posts"}],"about":[{"href":"https:\/\/www.backwinkel.de\/blog\/wp-json\/wp\/v2\/types\/post"}],"author":[{"embeddable":true,"href":"https:\/\/www.backwinkel.de\/blog\/wp-json\/wp\/v2\/users\/1"}],"replies":[{"embeddable":true,"href":"https:\/\/www.backwinkel.de\/blog\/wp-json\/wp\/v2\/comments?post=16790"}],"version-history":[{"count":19,"href":"https:\/\/www.backwinkel.de\/blog\/wp-json\/wp\/v2\/posts\/16790\/revisions"}],"predecessor-version":[{"id":17904,"href":"https:\/\/www.backwinkel.de\/blog\/wp-json\/wp\/v2\/posts\/16790\/revisions\/17904"}],"wp:featuredmedia":[{"embeddable":true,"href":"https:\/\/www.backwinkel.de\/blog\/wp-json\/wp\/v2\/media\/16802"}],"wp:attachment":[{"href":"https:\/\/www.backwinkel.de\/blog\/wp-json\/wp\/v2\/media?parent=16790"}],"wp:term":[{"taxonomy":"category","embeddable":true,"href":"https:\/\/www.backwinkel.de\/blog\/wp-json\/wp\/v2\/categories?post=16790"},{"taxonomy":"post_tag","embeddable":true,"href":"https:\/\/www.backwinkel.de\/blog\/wp-json\/wp\/v2\/tags?post=16790"}],"curies":[{"name":"wp","href":"https:\/\/api.w.org\/{rel}","templated":true}]}}