{"id":16669,"date":"2025-08-11T09:14:17","date_gmt":"2025-08-11T07:14:17","guid":{"rendered":"https:\/\/www.backwinkel.de\/blog\/?p=16669"},"modified":"2026-01-13T13:59:16","modified_gmt":"2026-01-13T12:59:16","slug":"tastsinn-foerdern","status":"publish","type":"post","link":"https:\/\/www.backwinkel.de\/blog\/tastsinn-foerdern\/","title":{"rendered":"Tastsinn f\u00f6rdern"},"content":{"rendered":"\n<style type=\"text\/css\" data-created_by=\"avia_inline_auto\" id=\"style-css-av-8vdv8-f7e0dae999cc49bc529a70f67b346526\">\n.flex_column.av-8vdv8-f7e0dae999cc49bc529a70f67b346526{\nborder-radius:0px 0px 0px 0px;\npadding:0px 0px 0px 0px;\n}\n<\/style>\n<div  class='flex_column av-8vdv8-f7e0dae999cc49bc529a70f67b346526 av_one_full  avia-builder-el-0  el_before_av_three_fifth  avia-builder-el-first  first flex_column_div av-zero-column-padding  '     ><p>\n<style type=\"text\/css\" data-created_by=\"avia_inline_auto\" id=\"style-css-av-jl6mo8rj-605eccf9df0dce9c3ffb6a57636da99d\">\n#top .hr.hr-invisible.av-jl6mo8rj-605eccf9df0dce9c3ffb6a57636da99d{\nmargin-top:0px;\nheight:1px;\n}\n<\/style>\n<div  class='hr av-jl6mo8rj-605eccf9df0dce9c3ffb6a57636da99d hr-invisible  avia-builder-el-1  el_before_av_heading  avia-builder-el-first '><span class='hr-inner '><span class=\"hr-inner-style\"><\/span><\/span><\/div><br \/>\n\n<style type=\"text\/css\" data-created_by=\"avia_inline_auto\" id=\"style-css-av-27gdg7-cf4d1ef2e5496a59edaccdd82cb2b765\">\n#top .av-special-heading.av-27gdg7-cf4d1ef2e5496a59edaccdd82cb2b765{\npadding-bottom:10px;\n}\nbody .av-special-heading.av-27gdg7-cf4d1ef2e5496a59edaccdd82cb2b765 .av-special-heading-tag .heading-char{\nfont-size:25px;\n}\n.av-special-heading.av-27gdg7-cf4d1ef2e5496a59edaccdd82cb2b765 .av-subheading{\nfont-size:15px;\n}\n<\/style>\n<div  class='av-special-heading av-27gdg7-cf4d1ef2e5496a59edaccdd82cb2b765 av-special-heading-h1 blockquote modern-quote  avia-builder-el-2  el_after_av_hr  el_before_av_post_metadata  av-linked-heading'><h1 class='av-special-heading-tag '  >Tastsinn f\u00f6rdern: Darum ist taktile Wahrnehmung so wichtig f\u00fcr Kinder <\/h1><div class='av-subheading av-subheading_below'><p class=\"autorenname\">Elisa Morel<\/p>\n<\/div><div class=\"special-heading-border\"><div class=\"special-heading-inner-border\"><\/div><\/div><\/div><br \/>\n\n<style type=\"text\/css\" data-created_by=\"avia_inline_auto\" id=\"style-css-av-av_post_metadata-1259ba8e4f0236bf7b58ae0dfcdf0388\">\n#top .av-post-metadata-container.av-av_post_metadata-1259ba8e4f0236bf7b58ae0dfcdf0388{\nfont-size:12px;\n}\n#top .av-post-metadata-container.av-av_post_metadata-1259ba8e4f0236bf7b58ae0dfcdf0388 .av-post-metadata-container-inner{\nfont-size:12px;\n}\n<\/style>\n<div  class='av-post-metadata-container av-av_post_metadata-1259ba8e4f0236bf7b58ae0dfcdf0388 av-metadata-container-align-left  avia-builder-el-3  el_after_av_heading  el_before_av_textblock  av-metadata-container-1'><div class='av-post-metadata-container-inner'><span class=\"av-post-metadata-content av-post-metadata-meta-content\"><span class=\"av-post-metadata-content av-post-metadata-published\"><span class=\"av-metadata-before av-metadata-before-published\">Ver\u00f6ffentlicht:<\/span><span class=\"av-post-metadata-published-date\" >11. August 2025<\/span><\/span><\/span><\/div><\/div><br \/>\n\n<style type=\"text\/css\" data-created_by=\"avia_inline_auto\" id=\"style-css-av-jkuubohz-bbd292769511b836e32d8da8e9450d9c\">\n#top .av_textblock_section.av-jkuubohz-bbd292769511b836e32d8da8e9450d9c .avia_textblock{\nfont-size:20px;\n}\n<\/style>\n<section  class='av_textblock_section av-jkuubohz-bbd292769511b836e32d8da8e9450d9c '  ><div class='avia_textblock' ><p>Unser Tastsinn kann Erstaunliches leisten, doch da die meisten Menschen gut sehen k\u00f6nnen, ist uns das gar nicht bewusst. Babys verlassen sich von Anfang an auf ihre taktile Wahrnehmung, und taktile Erlebnisse tragen positiv zur Entwicklung bei.<\/p>\n<\/div><\/section><br \/>\n\n<style type=\"text\/css\" data-created_by=\"avia_inline_auto\" id=\"style-css-av-jkuuo5h6-262581fce9e50ec211c4c4b53388a685\">\n.avia-image-container.av-jkuuo5h6-262581fce9e50ec211c4c4b53388a685 img.avia_image{\nbox-shadow:none;\n}\n.avia-image-container.av-jkuuo5h6-262581fce9e50ec211c4c4b53388a685 .av-image-caption-overlay-center{\ncolor:#ffffff;\n}\n<\/style>\n<div  class='avia-image-container av-jkuuo5h6-262581fce9e50ec211c4c4b53388a685 av-styling- avia-align-center  avia-builder-el-5  el_after_av_textblock  el_before_av_hr '  ><div class=\"avia-image-container-inner\"><div class=\"avia-image-overlay-wrap\"><img decoding=\"async\" fetchpriority=\"high\" class='wp-image-16697 avia-img-lazy-loading-not-16697 avia_image ' src=\"https:\/\/www.backwinkel.de\/blog\/wp-content\/uploads\/2025\/08\/08_Kiga_Tastsinn_heroimage.jpg\" alt='' title='08_Kiga_Tastsinn_heroimage'  height=\"628\" width=\"1200\"  \/><\/div><\/div><\/div><br \/>\n\n<style type=\"text\/css\" data-created_by=\"avia_inline_auto\" id=\"style-css-av-jl6mo8rj-22-7487f0754a981739ab003e89aabaa170\">\n#top .hr.hr-invisible.av-jl6mo8rj-22-7487f0754a981739ab003e89aabaa170{\nheight:5px;\n}\n<\/style>\n<div  class='hr av-jl6mo8rj-22-7487f0754a981739ab003e89aabaa170 hr-invisible  avia-builder-el-6  el_after_av_image  el_before_av_textblock '><span class='hr-inner '><span class=\"hr-inner-style\"><\/span><\/span><\/div><br \/>\n\n<style type=\"text\/css\" data-created_by=\"avia_inline_auto\" id=\"style-css-av-jl7ql86y-0004168ca5c1e8188cabe38926610bb2\">\n#top .av_textblock_section.av-jl7ql86y-0004168ca5c1e8188cabe38926610bb2 .avia_textblock{\nfont-size:10px;\n}\n<\/style>\n<section  class='av_textblock_section av-jl7ql86y-0004168ca5c1e8188cabe38926610bb2 '  ><div class='avia_textblock' ><p class=\"bildnennung-beitrag\" style=\"text-align: left;\">\u00a9 ADOBE Stock<\/p>\n<\/div><\/section><br \/>\n\n<style type=\"text\/css\" data-created_by=\"avia_inline_auto\" id=\"style-css-av-jl6mo8rj-20-0a5ac640218ac986cc09276001136948\">\n#top .hr.hr-invisible.av-jl6mo8rj-20-0a5ac640218ac986cc09276001136948{\nheight:20px;\n}\n<\/style>\n<div  class='hr av-jl6mo8rj-20-0a5ac640218ac986cc09276001136948 hr-invisible  avia-builder-el-8  el_after_av_textblock  el_before_av_textblock '><span class='hr-inner '><span class=\"hr-inner-style\"><\/span><\/span><\/div><br \/>\n<section  class='av_textblock_section av-jkuubohz-21-75c91343a207bf8690976a030a515e24 '  ><div class='avia_textblock' ><p>In diesem Beitrag erfahren Sie, was unseren Tastsinn von anderen Sinnen unterscheidet und wie Sie Ihren Kindern zu gelungenen taktilen Erfahrungen verhelfen, um sie optimal zu f\u00f6rdern.<\/p>\n<\/div><\/section><\/p><\/div>\n<style type=\"text\/css\" data-created_by=\"avia_inline_auto\" id=\"style-css-av-swqf9-6bb490ea0cbb171c9d159bb967226129\">\n.flex_column.av-swqf9-6bb490ea0cbb171c9d159bb967226129{\nborder-radius:0px 0px 0px 0px;\npadding:20px 20px 20px 20px;\nbackground-color:#f2f2f2;\n}\n<\/style>\n<div  class='flex_column av-swqf9-6bb490ea0cbb171c9d159bb967226129 av_three_fifth  avia-builder-el-10  el_after_av_one_full  el_before_av_two_fifth  first flex_column_div  column-top-margin'     ><style type=\"text\/css\" data-created_by=\"avia_inline_auto\" id=\"style-css-av-jkuua5r2-f1beb4b164a3aefc9a751750d41d5b8e\">\n#top .av_textblock_section.av-jkuua5r2-f1beb4b164a3aefc9a751750d41d5b8e .avia_textblock{\nfont-size:14px;\n}\n<\/style>\n<section  class='av_textblock_section av-jkuua5r2-f1beb4b164a3aefc9a751750d41d5b8e '  ><div class='avia_textblock' ><p><strong>Inhalt<\/strong><\/p>\n<p><strong><a href=\"#1\">1. Was genau ist taktile Wahrnehmung?<\/a><br \/>\n<\/strong>1.1. Was ist das Besondere an taktiler Wahrnehmung?<br \/>\n1.2. Warum ist taktile Wahrnehmung wichtig?<\/p>\n<p><strong><a href=\"#2\">2. Wie f\u00f6rdern Sie die taktile Wahrnehmung von Kindern? <\/a><\/strong><\/p>\n<p><strong><a href=\"#3\">3. 4 praktische Spielideen zur taktilen Wahrnehmung<\/a><\/strong><\/p>\n<p><strong><a href=\"#4\">4. Sinnvolle Produkte f\u00fcr den Tastsinn<\/a><\/strong><\/p>\n<\/div><\/section><\/div><\/p>\n\n<style type=\"text\/css\" data-created_by=\"avia_inline_auto\" id=\"style-css-av-2532d-6e1ea05e25305745634c0a02c87dc827\">\n.flex_column.av-2532d-6e1ea05e25305745634c0a02c87dc827{\nborder-radius:0px 0px 0px 0px;\npadding:0 0 0 0;\n}\n<\/style>\n<div  class='flex_column av-2532d-6e1ea05e25305745634c0a02c87dc827 av_two_fifth  avia-builder-el-12  el_after_av_three_fifth  el_before_av_sidebar  flex_column_div av-zero-column-padding  column-top-margin'     ><\/div>\n<div  class='avia-builder-widget-area clearfix  avia-builder-el-13  el_after_av_two_fifth  el_before_av_one_full '><div id=\"text-33\" class=\"widget clearfix widget_text\">\t\t\t<div class=\"textwidget\"><p><a href=\"https:\/\/www.backwinkel.de\/nachhaltig-denken\/\" target=\"\\_blank\" rel=\"noopener\"><br \/>\n<img decoding=\"async\" class=\"werbung-desktop alignnone wp-image-4186 size-full\" src=\"https:\/\/www.backwinkel.de\/blog\/wp-content\/uploads\/2026\/04\/Backwinkel-blog-werbebanner-shop-kita-schule_desktop.jpg\" alt=\"\" width=\"1251\" height=\"201\" \/><br \/>\n<\/a><br \/>\n<a href=\"https:\/\/www.backwinkel.de\/nachhaltig-denken\/\" target=\"\\_blank\" rel=\"noopener\"><br \/>\n<img decoding=\"async\" class=\"werbung-mobile alignnone wp-image-4187 size-full\" src=\"https:\/\/www.backwinkel.de\/blog\/wp-content\/uploads\/2026\/04\/Backwinkel-blog-werbebanner-shop-kiga-schule_mobile.jpg\" alt=\"\" width=\"550\" height=\"500\" \/><br \/>\n<\/a><\/p>\n<\/div>\n\t\t<\/div><\/div>\n\n<style type=\"text\/css\" data-created_by=\"avia_inline_auto\" id=\"style-css-av-hh5al-9c53459d093ff912fcc98cf97e19d753\">\n.flex_column.av-hh5al-9c53459d093ff912fcc98cf97e19d753{\nborder-radius:0px 0px 0px 0px;\npadding:0px 0px 0px 0px;\n}\n<\/style>\n<div  class='flex_column av-hh5al-9c53459d093ff912fcc98cf97e19d753 av_one_full  avia-builder-el-14  el_after_av_sidebar  el_before_av_one_full  first flex_column_div av-zero-column-padding  '     ><section  class='av_textblock_section av-jkuul0eg-c8007ced910eec869d85a4d2f40b896b '  ><div class='avia_textblock' ><h2 id=\"1\" class=\"position\"><strong>Was genau ist taktile Wahrnehmung? <\/strong><\/h2>\n<p>Taktile Wahrnehmung bezeichnet, was wir passiv \u00fcber Rezeptoren auf der Haut und auf der Zunge wahrnehmen, beispielsweise die Ber\u00fchrung der Kleidung oder die W\u00e4rme der Sonne, aber auch die Konsistenz oder Temperatur von Nahrung im Mund.<\/p>\n<p>Haptische Wahrnehmung bezeichnet hingegen einen aktiven Vorgang, wenn wir z. B. nach einem Gegenstand greifen und ihn bef\u00fchlen. Beide Arten der Wahrnehmung grenzen nah aneinander, doch der Vollst\u00e4ndigkeit halber sei an dieser Stelle erw\u00e4hnt, dass es einen Unterschied gibt.<\/p>\n<p><strong>Was ist das Besondere an taktiler Wahrnehmung? <\/strong><\/p>\n<p>Unsere Haut ist das <strong>gr\u00f6\u00dfte Sinnesorgan<\/strong>, und taktile Reize werden sp\u00e4testens von Geburt an von Menschen wahrgenommen \u2013 anfangs oft \u00fcber den Mund, z. B. beim Finden der m\u00fctterlichen Brust. Erstaunlich ist, dass die Wichtigkeit taktiler Wahrnehmung mit zunehmendem Alter zu schwinden scheint: Wir k\u00f6nnen uns auf unsere Augen verlassen, anstatt Dinge zu f\u00fchlen oder in den Mund zu nehmen.<\/p>\n<p>Dabei bleiben laut dem Psychologen Martin Grunwald taktile Reize wichtig, gerade auch als Abgrenzung zwischen dem eigenen Ich und der \u00e4u\u00dferen Welt. \u00dcber rein visuelle oder auditive Reize gelingt die <strong>Versicherung \u00fcber die eigene Existenz<\/strong> nicht. Auch als Erwachsene nutzen wir Hunderte Male am Tag <strong>Selbstber\u00fchrungen<\/strong>, um uns zu konzentrieren, zu beruhigen oder zu orientieren.<\/p>\n<p>Auch wenn unser Auge nicht in der Lage ist, feinste Oberfl\u00e4chenstrukturen zu erkennen, sind wir in der Lage, sie \u00fcber die Fingerkuppen zu ersp\u00fcren. Nat\u00fcrlich brauchen Menschen taktile Reize, gerade auch von Mitmenschen wie z. B. durch eine <strong>Umarmung<\/strong> oder ein Streicheln, um sich <strong>gesund<\/strong> und <strong>gl\u00fccklich<\/strong> zu entwickeln. Martin Grunwald, <strong>Tastsinnforscher<\/strong> und Leiter des <strong>Haptik-Forschungslabors<\/strong> der Universit\u00e4t Leipzig, geht so weit zu sagen, dass Ber\u00fchrungen Nahrung f\u00fcr unser Gehirn ist, und zwar in jedem Alter.<\/p>\n<p><strong>Warum ist taktile Wahrnehmung wichtig? <\/strong><\/p>\n<p>Die F\u00f6rderung taktiler Wahrnehmung ist vor allem im Kindesalter wichtig, da sie die Entwicklung f\u00f6rdert und Kindern das Lernen \u00fcber den Tastsinn erm\u00f6glicht. Gleichzeitig kommt die taktile Wahrnehmung im Alltag oft zu kurz. Und das nicht nur, weil unsere Augen den Tastsinn ersetzen, sondern auch aus mangelnder Gelegenheit oder Bequemlichkeit. Wann sind Sie zuletzt barfu\u00df durch eine taufeuchte Wiese oder \u00fcber einen moosigen Waldboden gelaufen?<\/p>\n<p>Viele Kinder machen generell <strong>wenige Naturerfahrungen<\/strong> und kennen somit vielleicht nicht das Gef\u00fchl, in der Erde zu matschen oder durch ein Bachbett zu waten. So bleiben ihnen auch viele Chancen verwehrt: Sie wissen z. B. nicht, dass Steine k\u00e4lter und schwerer sind als Holz und dass Kork h\u00e4rter ist als Muscheln. Auch davon abgesehen sind taktile Reize wichtig, denn sie f\u00f6rdern gleichsam das <strong>Bewusstsein des eigenen K\u00f6rpers <\/strong>und die <strong>Motorik<\/strong>.<\/p>\n<\/div><\/section><\/div>\n\n<style type=\"text\/css\" data-created_by=\"avia_inline_auto\" id=\"style-css-av-243svy7-ad398a517331911eb07f8233b41e32a7\">\n.flex_column.av-243svy7-ad398a517331911eb07f8233b41e32a7{\nborder-radius:0px 0px 0px 0px;\npadding:0px 0px 0px 0px;\n}\n<\/style>\n<div  class='flex_column av-243svy7-ad398a517331911eb07f8233b41e32a7 av_one_full  avia-builder-el-16  el_after_av_one_full  el_before_av_one_full  first flex_column_div av-zero-column-padding  column-top-margin'     ><section  class='av_textblock_section av-m71mztul-be2f6d506eb80cd9dd3e0c1ecca971b3 '  ><div class='avia_textblock' >\n<style type=\"text\/css\" data-created_by=\"avia_inline_auto\" id=\"style-css-av-1hecqdb-438f8aaf6804ad8f0ce4c7fe19f70d02\">\n#top .hr.hr-invisible.av-1hecqdb-438f8aaf6804ad8f0ce4c7fe19f70d02{\nheight:20px;\n}\n<\/style>\n<div  class='hr av-1hecqdb-438f8aaf6804ad8f0ce4c7fe19f70d02 hr-invisible  avia-builder-el-18  avia-builder-el-no-sibling '><span class='hr-inner '><span class=\"hr-inner-style\"><\/span><\/span><\/div>\n<h2 id=\"2\" class=\"position\"><strong>Wie f\u00f6rdern Sie die taktile Wahrnehmung von Kindern? <\/strong><\/h2>\n<p>Die gute Nachricht ist, dass es viele M\u00f6glichkeiten gibt, um die taktile Wahrnehmung ganz nebenbei zu schulen und Ihren Kleinen neue oder aufregende Erfahrungen zu schenken. Dazu geh\u00f6ren u. a.:<\/p>\n<ul>\n<li>gemeinsames Kochen und Backen<\/li>\n<li>Gartenarbeit<\/li>\n<li>W\u00e4sche falten<\/li>\n<li>Basteln mit verschiedenen Materialien<\/li>\n<li>Spielen am Matsch- und Wassertisch<\/li>\n<\/ul>\n<p>Integrieren Sie also diese Aktivit\u00e4ten gern in den Kita-Alltag und erm\u00f6glichen Sie den Kindern das Erfahren von <strong>Temperatur<\/strong>, <strong>Druck<\/strong>, <strong>Oberfl\u00e4chenbeschaffenheit<\/strong> und <strong>Konsistenz<\/strong> bei verschiedenen Gelegenheiten.<\/p>\n<p>Greifen Sie dabei immer wieder eigene Ideen und Impulse auf, wenn die Gelegenheit sich bietet: K\u00f6nnen die Kinder per Tastsinn beim Backen Mehl und Zucker unterscheiden? Gelingt das auch bei Zucker und Salz, oder bei Milch und Wasser? Warum (nicht)?<\/p>\n<p>Damit legen Sie bereits den Grundstein f\u00fcr sp\u00e4tere <strong>MINT-Kompetenz<\/strong>. Und nat\u00fcrlich ist auch das <strong>Experimentieren<\/strong> eine gro\u00dfartige Gelegenheit, um die Sinneswahrnehmung zu verbessern. Mehr zum Thema sowie 12 spannende Experimente f\u00fcr den Kindergarten finden Sie in unserem Beitrag <a href=\"https:\/\/www.backwinkel.de\/blog\/experimente\/\" target=\"_blank\" rel=\"noopener\">Experimente f\u00fcr kleine Forscher \u2013 anschaulich erkl\u00e4rt und kindgerecht umgesetzt<\/a>.<\/p>\n<\/div><\/section><\/div>\n\n<style type=\"text\/css\" data-created_by=\"avia_inline_auto\" id=\"style-css-av-1x3ayfu-ad1baec195c5e2a0b6285826be122fab\">\n.flex_column.av-1x3ayfu-ad1baec195c5e2a0b6285826be122fab{\nborder-radius:0px 0px 0px 0px;\npadding:0px 0px 0px 0px;\n}\n<\/style>\n<div  class='flex_column av-1x3ayfu-ad1baec195c5e2a0b6285826be122fab av_one_full  avia-builder-el-19  el_after_av_one_full  el_before_av_one_full  first flex_column_div av-zero-column-padding  column-top-margin'     ><section  class='av_textblock_section av-m910hcbh-397623786786fdb9de9cba7697c00b16 '  ><div class='avia_textblock infoboxBlue' ><p><strong>Achtung<\/strong>: Kinder mit <strong>taktiler Hypersensibilit\u00e4t<\/strong> empfinden viele taktile Reize oder Ber\u00fchrungen als unangenehm bis unertr\u00e4glich. Tasten Sie sich also im w\u00f6rtlichen Sinne heran, wenn Sie diese Vermutung haben, und respektieren Sie die Grenzen der Kinder. Wer etwas nicht will, der muss es nicht! Mehr zum Thema <strong>Hochsensibilit\u00e4t<\/strong> erfahren Sie in unserem Beitrag <a href=\"https:\/\/www.backwinkel.de\/blog\/zartbesaitet\/\" target=\"_blank\" rel=\"noopener\">Zartbesaitet: Hochsensibilit\u00e4t erkennen und verstehen<\/a>.<\/p>\n<\/div><\/section><\/div>\n\n<style type=\"text\/css\" data-created_by=\"avia_inline_auto\" id=\"style-css-av-1rj9b6i-55b5edf16b234bb7f68544cba65384a2\">\n.flex_column.av-1rj9b6i-55b5edf16b234bb7f68544cba65384a2{\nborder-radius:0px 0px 0px 0px;\npadding:0px 0px 0px 0px;\n}\n<\/style>\n<div  class='flex_column av-1rj9b6i-55b5edf16b234bb7f68544cba65384a2 av_one_full  avia-builder-el-21  el_after_av_one_full  el_before_av_one_full  first flex_column_div av-zero-column-padding  column-top-margin'     ><section  class='av_textblock_section av-m910hw42-241ea1600b8cbcaf85709f1747c84fcc '  ><div class='avia_textblock' ><h2 id=\"3\" class=\"position\"><strong>4 praktische Spielideen zur taktilen Wahrnehmung <\/strong><\/h2>\n<p>Mit den folgenden sechs Spielideen begeistern Sie Ihre Kleinen und liefern Ihnen im besten Fall neue Anregungen.<\/p>\n<ol>\n<li><strong> Russisch Brot \u2013 Buchstaben mit der Zunge ersp\u00fcren <\/strong><\/li>\n<\/ol>\n<p>Aus <strong>hygienischen Gr\u00fcnden<\/strong> bietet es sich an, dass die Kinder etwas in den Mund nehmen, was sie danach einfach aufessen k\u00f6nnen. Allerdings ist jede Runde zeitlich begrenzt, da das Geb\u00e4ck sich durch den Speichel schnell aufl\u00f6st. Auch sollten Sie diese Variante eher mit Kindern ab vier Jahren spielen, einerseits wegen der <strong>Erstickungsgefahr<\/strong> und andererseits wegen der simplen Tatsache, dass die Buchstaben f\u00fcr einen kleinen Mund recht gro\u00df sind.<\/p>\n<p>Alternativ ertasten die Kinder die Buchstaben mit geschlossenen oder verbundenen Augen \u2013 oder Sie backen gemeinsam eigene <strong>geometrische kleine Kekse<\/strong>, falls die Kinder noch nicht so viele Buchstaben kennen.<\/p>\n<ol start=\"2\">\n<li><strong> Gestalten eines eigenen F\u00fchl-Memorys <\/strong><\/li>\n<\/ol>\n<p>Machen Sie einen kleinen <strong>Ausflug in die Natur<\/strong> und sammeln Sie unterschiedliche Materialien, z. B. Baumsamen und -fr\u00fcchte oder Rindenst\u00fccke, Muscheln, Bl\u00e4tter und Steine. Je nach Beschaffenheit stellen die Kinder dann entweder eigene <strong>F\u00fchls\u00e4ckchen<\/strong> her, von denen immer zwei die gleichen Materialien enthalten, oder kleben die Fundst\u00fccke auf ein St\u00fcck <strong>Pappe<\/strong>, sodass sie durch <strong>Ber\u00fchren mit den<\/strong> <strong>Fingerkuppen<\/strong> erkannt werden k\u00f6nnen, um die passenden P\u00e4rchen zu finden.<\/p>\n<ol start=\"3\">\n<li><strong> Bekanntes neu entdecken <\/strong><\/li>\n<\/ol>\n<p>Was erkennen wir rein durch unseren Tastsinn, wenn wir uns nicht auf unsere Augen verlassen k\u00f6nnen? Starten Sie gemeinsam einen <strong>Blindflug<\/strong> durch vermeintlich bekanntes Terrain. Geeignet sind beispielsweise:<\/p>\n<ul>\n<li>Spielfiguren<\/li>\n<li>Lieblingsspielzeuge<\/li>\n<li>verschiedene Mal- und Bastelutensilien (Pinsel, Wachs-, Bunt- und Filzstifte, Lineal, Radiergummi)<\/li>\n<li>Fr\u00fchst\u00fcckszutaten \u2013 idealerweise je Kind diejenigen, die es auch gerne isst und das im Anschluss auch tut, z. B. verschiedene St\u00fcckchen eines Aufschnitts, Obst oder einzelne Bestandteile des M\u00fcslis<\/li>\n<\/ul>\n<ol start=\"4\">\n<li><strong> R\u00fcckenmalerei <\/strong><\/li>\n<\/ol>\n<p>Bitten Sie die Kinder, sich entspannt auf den Bauch zu legen. Bei kleineren Kindern \u00fcbernehmen Sie das Malen, bei gr\u00f6\u00dferen finden die Kinder sich in Paaren zusammen. Der Partner malt nun langsam und mit leichtem Druck ein <strong>Muster<\/strong>, eine geometrische <strong>Form<\/strong>, eine <strong>Zahl<\/strong> oder einen <strong>Buchstaben<\/strong> auf den R\u00fccken des Liegenden, der die Form err\u00e4t.<\/p>\n<p>Da diese Aktivit\u00e4t auch sehr <strong>entspannend<\/strong> ist, empfiehlt es sich, eine gem\u00fctliche <strong>ruhige Atmosph\u00e4re<\/strong> zu schaffen, z. B. mit gedimmtem Licht, leiser Musik und <strong>bequemen Liegem\u00f6glichkeiten<\/strong>. Noch mehr gute Ideen finden Sie in unserem Beitrag <a href=\"https:\/\/www.backwinkel.de\/blog\/lernen-mit-allen-sinnen\/\" target=\"_blank\" rel=\"noopener\">Lernen mit allen Sinnen: Mit diesen Materialien ein Kinderspiel!<\/a><\/p>\n<\/div><\/section><\/div>\n\n<style type=\"text\/css\" data-created_by=\"avia_inline_auto\" id=\"style-css-av-ol5hx9-775ee0e047e62425ab4ae2742446ac35\">\n.flex_column.av-ol5hx9-775ee0e047e62425ab4ae2742446ac35{\nborder-radius:0px 0px 0px 0px;\npadding:0px 0px 0px 0px;\n}\n<\/style>\n<div  class='flex_column av-ol5hx9-775ee0e047e62425ab4ae2742446ac35 av_one_full  avia-builder-el-23  el_after_av_one_full  el_before_av_one_third  first flex_column_div av-zero-column-padding  column-top-margin'     ><section  class='av_textblock_section av-mdycqb3j-6e0576d0ae57f34c36889bd0d468a10d '  ><div class='avia_textblock' ><h2 id=\"4\" class=\"position\"><strong>Sinnvolle Produkte f\u00fcr den Tastsinn <\/strong><\/h2>\n<p>Bestimmt sind Sie bereits im Besitz vieler toller Spiele zur F\u00f6rderung der Sinneswahrnehmung. Nachfolgend haben wir Ihnen eine kleine Auswahl aus unserem Onlineshop zusammengestellt.<\/p>\n<ol>\n<li><strong> F\u00fchlmemo und Geheimnisvoller Beutel <\/strong><\/li>\n<\/ol>\n<p>Anhand von 16 verschiedenen F\u00fchlsteinpaaren schulen schon die Kleinsten ihren Tastsinn mit unserem <a href=\"https:\/\/www.backwinkel.de\/prod\/fuehlmemo.html\" target=\"_blank\" rel=\"noopener\">F\u00fchlmemo<\/a>. Die kleinen Holzzylinder im S\u00e4ckchen weisen <strong>unterschiedliche Oberfl\u00e4chen<\/strong> auf, die die Spieler richtig zuordnen. Aufgrund des S\u00e4ckchens ist keine Augenbinde n\u00f6tig.<\/p>\n<p>\u00c4hnlich funktioniert der <a href=\"https:\/\/www.backwinkel.de\/prod\/geheimnisvoller-beutel.html\" target=\"_blank\" rel=\"noopener\">Geheimnisvolle Beutel<\/a>: Er beinhaltet 9 Paare <strong>geometrischer Holzfiguren<\/strong>, die es zu ertasten gilt.<\/p>\n<ol start=\"2\">\n<li><strong> Fl\u00fcssigkeitsformen <\/strong><\/li>\n<\/ol>\n<p>Diese <strong>geometrischen Kissen<\/strong> regen die Sinne der Kleinen gleich mehrfach an: Sie sind mit bunter Fl\u00fcssigkeit und Glitzer gef\u00fcllt, k\u00f6nnen in verschiedene Formen geknetet und bef\u00fchlt werden. So bieten die <a href=\"https:\/\/www.backwinkel.de\/prod\/fluessigkeitsformen.html\" target=\"_blank\" rel=\"noopener\">Fl\u00fcssigkeitsformen<\/a> haptische und visuelle Reize und f\u00f6rdern sowohl <strong>Feinmotorik<\/strong> als auch <strong>Konzentration<\/strong>.<\/p>\n<ol start=\"3\">\n<li><strong> Sandpapier-Buchstaben und -Ziffern <\/strong><\/li>\n<\/ol>\n<p>Das <a href=\"https:\/\/www.backwinkel.de\/prod\/sandpapier-buchstaben-set-mit-29-grossbuchstaben.html\" target=\"_blank\" rel=\"noopener\">Sandpapier-Set bestehend aus 29 Gro\u00dfbuchstaben<\/a> l\u00e4dt dazu ein, Oberfl\u00e4che und Form mit den Fingerspitzen zu erkunden. Das klappt am besten mit verbundenen Augen. Die erhabenen Buchstaben befinden sich auf lackierten Holzplatten und sind somit leicht zu handhaben. Gleiches gilt f\u00fcr die <a href=\"https:\/\/www.backwinkel.de\/prod\/sandpapier-ziffern.html\" target=\"_blank\" rel=\"noopener\">10 Sandpapier-Ziffern<\/a> (0 \u2013 9).<\/p>\n<ol start=\"4\">\n<li><strong> Sensorik-Set, Sensorik-Puzzlematten und Barfu\u00df-Insel <\/strong><\/li>\n<\/ol>\n<p>Ein Allrounder ist das <a href=\"https:\/\/www.backwinkel.de\/prod\/sensorik-set.html\" target=\"_blank\" rel=\"noopener\">18teilige Sensorik-Set<\/a> mit Aufbewahrungstasche. Mithilfe der Ringe, Kissen, S\u00e4ckchen und B\u00e4lle sorgen Sie f\u00fcr Entspannung im trubeligen Alltag und f\u00f6rdern gleichzeitig die <strong>taktile und haptische Wahrnehmung<\/strong>.<\/p>\n<p>Mit unseren <a href=\"https:\/\/www.backwinkel.de\/prod\/sensorik-puzzlematten.html\" target=\"_blank\" rel=\"noopener\">Sensorik-Puzzlematten<\/a> zaubern Sie im Handumdrehen einen kleinen <strong>Barfu\u00df-Pfad<\/strong>, auf dem die Kinder dank imitierter Oberfl\u00e4chen verschiedene nat\u00fcrliche Untergr\u00fcnde hautnah erleben, z. B. Gras, Muscheln und Kieselsteine. Vor allem bei <strong>schlechtem Wetter<\/strong> sind die Puzzlematten eine tolle <strong>Indoor-Alternative<\/strong> zu echten Naturerlebnissen.<\/p>\n<p>Sie m\u00f6gen es individueller? Dann empfehlen wir Ihnen die <a href=\"https:\/\/www.backwinkel.de\/prod\/barfuss-insel.html\" target=\"_blank\" rel=\"noopener\">Barfu\u00df-Insel<\/a>, z. B. bestehend aus <strong>vier Holzwaben<\/strong>, die Sie mit verschiedensten Materialien bef\u00fcllen. Daf\u00fcr eignen sich Sand, Bl\u00e4tter, Federn, Schaum, Styropor und mehr. Die Kinder erkunden die Waben entweder mit nackten F\u00fc\u00dfen oder auch mit verbundenen Augen per Hand. In diesem Fall k\u00f6nnen Sie auch h\u00e4rtere Materialien wie Murmeln, Kastanien oder Kieselsteine nutzen.<\/p>\n<\/div><\/section><\/div>\n<div class='flex_column_table av-4hnjxtg-da049fbc04ec8ddb6acdfe94ef457107 sc-av_one_third av-equal-height-column-flextable'>\n<style type=\"text\/css\" data-created_by=\"avia_inline_auto\" id=\"style-css-av-4hnjxtg-da049fbc04ec8ddb6acdfe94ef457107\">\n.flex_column.av-4hnjxtg-da049fbc04ec8ddb6acdfe94ef457107{\nborder-width:1px;\nborder-color:#ebebeb;\nborder-style:solid;\nborder-radius:0px 0px 0px 0px;\npadding:10px 10px 10px 10px;\n}\n<\/style>\n<div  class='flex_column av-4hnjxtg-da049fbc04ec8ddb6acdfe94ef457107 av_one_third  avia-builder-el-25  el_after_av_one_full  el_before_av_one_third  first flex_column_table_cell av-equal-height-column av-align-top  column-top-margin'     ><p><section  class='av_textblock_section av-m5p1czus-5fb14119c1a275fa887a3c102c29e360 '  ><div class='avia_textblock' ><p><img decoding=\"async\" class=\"alignnone wp-image-16700 size-full\" src=\"https:\/\/blog.backwinkel.de\/wp-content\/uploads\/2025\/08\/Bildschirmfoto-2025-08-05-um-14.27.27.jpg\" alt=\"\" width=\"1324\" height=\"1230\" \/><\/p>\n<p style=\"font-size: 20px; font-family: urw_grotesk_extra_narrowrg; text-align: left;\">Kuschelecke Quadrat Cord<\/p>\n<p style=\"text-align: left;\"><div  class='avia-button-wrap av-3tobjtg-7-8d7664c6da2dfa2f35089a94dc35ce1d-wrap avia-button-center  avia-builder-el-27  avia-builder-el-no-sibling '><a href='https:\/\/www.backwinkel.de\/prod\/kuschelecke-quadrat-cord-160-x-160-x-30-cm.html'  class='avia-button av-3tobjtg-7-8d7664c6da2dfa2f35089a94dc35ce1d av-link-btn avia-icon_select-no avia-size-medium avia-position-center avia-color-theme-color'  target=\"_blank\"  rel=\"noopener noreferrer\"  aria-label=\"zum Produkt\"><span class='avia_iconbox_title' >zum Produkt<\/span><\/a><\/div><\/p>\n<\/div><\/section><br \/>\n\n<style type=\"text\/css\" data-created_by=\"avia_inline_auto\" id=\"style-css-av-3d6jy7o-dc8e8f1fc0f2fda9432f2d568a218226\">\n#top .hr.hr-invisible.av-3d6jy7o-dc8e8f1fc0f2fda9432f2d568a218226{\nheight:20px;\n}\n<\/style>\n<div  class='hr av-3d6jy7o-dc8e8f1fc0f2fda9432f2d568a218226 hr-invisible  avia-builder-el-28  el_after_av_textblock  avia-builder-el-last '><span class='hr-inner '><span class=\"hr-inner-style\"><\/span><\/span><\/div><\/p><\/div>\n<div class='av-flex-placeholder'><\/div>\n<style type=\"text\/css\" data-created_by=\"avia_inline_auto\" id=\"style-css-av-33ozkgk-b90c71d5894459128acf98d297958fb9\">\n.flex_column.av-33ozkgk-b90c71d5894459128acf98d297958fb9{\nborder-width:1px;\nborder-color:#ebebeb;\nborder-style:solid;\nborder-radius:0px 0px 0px 0px;\npadding:10px 10px 10px 10px;\n}\n<\/style>\n<div  class='flex_column av-33ozkgk-b90c71d5894459128acf98d297958fb9 av_one_third  avia-builder-el-29  el_after_av_one_third  el_before_av_one_third  flex_column_table_cell av-equal-height-column av-align-top  column-top-margin'     ><p><section  class='av_textblock_section av-m5p1hu5k-588d7a08be032b3f09f6697c57332e34 '  ><div class='avia_textblock' ><p><img decoding=\"async\" class=\"alignnone wp-image-16701 size-full\" src=\"https:\/\/blog.backwinkel.de\/wp-content\/uploads\/2025\/08\/33260_krippenset_educo_zoom.jpg\" alt=\"\" width=\"2048\" height=\"2048\" srcset=\"https:\/\/www.backwinkel.de\/blog\/wp-content\/uploads\/2025\/08\/33260_krippenset_educo_zoom.jpg 2048w, https:\/\/www.backwinkel.de\/blog\/wp-content\/uploads\/2025\/08\/33260_krippenset_educo_zoom-1536x1536.jpg 1536w, https:\/\/www.backwinkel.de\/blog\/wp-content\/uploads\/2025\/08\/33260_krippenset_educo_zoom-36x36.jpg 36w, https:\/\/www.backwinkel.de\/blog\/wp-content\/uploads\/2025\/08\/33260_krippenset_educo_zoom-180x180.jpg 180w\" sizes=\"(max-width: 2048px) 100vw, 2048px\" \/><\/p>\n<p style=\"font-size: 20px; font-family: urw_grotesk_extra_narrowrg; text-align: left;\">Krippen-Set mit 24 Konzentrationsspielen<\/p>\n<p style=\"text-align: left;\"><div  class='avia-button-wrap av-8xe4j8-79684d96857b821bd47bab68770d2c13-wrap avia-button-center  avia-builder-el-31  avia-builder-el-no-sibling '><a href='https:\/\/www.backwinkel.de\/prod\/grosses-krippen-set-mit-24-konzeptspielzeugen-aus-holz.html'  class='avia-button av-8xe4j8-79684d96857b821bd47bab68770d2c13 av-link-btn avia-icon_select-no avia-size-medium avia-position-center avia-color-theme-color'  target=\"_blank\"  rel=\"noopener noreferrer\"  aria-label=\"zum Produkt\"><span class='avia_iconbox_title' >zum Produkt<\/span><\/a><\/div><\/p>\n<\/div><\/section><br \/>\n\n<style type=\"text\/css\" data-created_by=\"avia_inline_auto\" id=\"style-css-av-1x7eu7o-c2d49c24eb7957ffeae70dd042788bb6\">\n#top .hr.hr-invisible.av-1x7eu7o-c2d49c24eb7957ffeae70dd042788bb6{\nheight:20px;\n}\n<\/style>\n<div  class='hr av-1x7eu7o-c2d49c24eb7957ffeae70dd042788bb6 hr-invisible  avia-builder-el-32  el_after_av_textblock  avia-builder-el-last '><span class='hr-inner '><span class=\"hr-inner-style\"><\/span><\/span><\/div><\/p><\/div>\n<div class='av-flex-placeholder'><\/div>\n<style type=\"text\/css\" data-created_by=\"avia_inline_auto\" id=\"style-css-av-1lfdx6c-c176241bb96a41cb139b55fc7b112d3d\">\n.flex_column.av-1lfdx6c-c176241bb96a41cb139b55fc7b112d3d{\nborder-width:1px;\nborder-color:#ebebeb;\nborder-style:solid;\nborder-radius:0px 0px 0px 0px;\npadding:10px 10px 10px 10px;\n}\n<\/style>\n<div  class='flex_column av-1lfdx6c-c176241bb96a41cb139b55fc7b112d3d av_one_third  avia-builder-el-33  el_after_av_one_third  el_before_av_one_full  flex_column_table_cell av-equal-height-column av-align-top  column-top-margin'     ><p><section  class='av_textblock_section av-m5p1mms7-288bd3fda85b19c1ddc8d364467e185b '  ><div class='avia_textblock' ><p><img decoding=\"async\" class=\"alignnone wp-image-16703 size-full\" src=\"https:\/\/blog.backwinkel.de\/wp-content\/uploads\/2025\/08\/40557-leuchtkiesel-3.jpg\" alt=\"\" width=\"2048\" height=\"2048\" srcset=\"https:\/\/www.backwinkel.de\/blog\/wp-content\/uploads\/2025\/08\/40557-leuchtkiesel-3.jpg 2048w, https:\/\/www.backwinkel.de\/blog\/wp-content\/uploads\/2025\/08\/40557-leuchtkiesel-3-1536x1536.jpg 1536w, https:\/\/www.backwinkel.de\/blog\/wp-content\/uploads\/2025\/08\/40557-leuchtkiesel-3-36x36.jpg 36w, https:\/\/www.backwinkel.de\/blog\/wp-content\/uploads\/2025\/08\/40557-leuchtkiesel-3-180x180.jpg 180w\" sizes=\"(max-width: 2048px) 100vw, 2048px\" \/><\/p>\n<p style=\"font-size: 20px; font-family: urw_grotesk_extra_narrowrg; text-align: left;\">Leucht-Kiesel<\/p>\n<p style=\"text-align: left;\"><div  class='avia-button-wrap av-12x1kxg-6f9561ecfe3641b0444f0b9e5cb5121f-wrap avia-button-center  avia-builder-el-35  avia-builder-el-no-sibling '><a href='https:\/\/www.backwinkel.de\/prod\/leucht-kiesel.html'  class='avia-button av-12x1kxg-6f9561ecfe3641b0444f0b9e5cb5121f av-link-btn avia-icon_select-no avia-size-medium avia-position-center avia-color-theme-color'  target=\"_blank\"  rel=\"noopener noreferrer\"  aria-label=\"zum Produkt\"><span class='avia_iconbox_title' >zum Produkt<\/span><\/a><\/div><\/p>\n<\/div><\/section><br \/>\n\n<style type=\"text\/css\" data-created_by=\"avia_inline_auto\" id=\"style-css-av-umxuc4-28389ba6763cc9b635c79dea6ee155c3\">\n#top .hr.hr-invisible.av-umxuc4-28389ba6763cc9b635c79dea6ee155c3{\nheight:20px;\n}\n<\/style>\n<div  class='hr av-umxuc4-28389ba6763cc9b635c79dea6ee155c3 hr-invisible  avia-builder-el-36  el_after_av_textblock  avia-builder-el-last '><span class='hr-inner '><span class=\"hr-inner-style\"><\/span><\/span><\/div><\/p><\/div><\/div><!--close column table wrapper. Autoclose: 1 -->\n\n<style type=\"text\/css\" data-created_by=\"avia_inline_auto\" id=\"style-css-av-s6peoy-3d8e6ba51cb73b0b95068f0e5c8c5bc3\">\n.flex_column.av-s6peoy-3d8e6ba51cb73b0b95068f0e5c8c5bc3{\nborder-radius:0px 0px 0px 0px;\npadding:10px 10px 10px 10px;\nbackground-color:#f2f2f2;\n}\n<\/style>\n<div  class='flex_column av-s6peoy-3d8e6ba51cb73b0b95068f0e5c8c5bc3 av_one_full  avia-builder-el-37  el_after_av_one_third  el_before_av_one_full  first flex_column_div  column-top-margin'     ><section  class='av_textblock_section av-m7x9d8z9-6a8b1d4eeac9e2b6cf944e31ad77e119 '  ><div class='avia_textblock' ><p><strong>Lesen Sie mehr:<\/strong><\/p>\n<ul>\n<li>Die Welt begreifen und ersp\u00fcren:<br \/>\n<a href=\"https:\/\/www.energie-bkk.de\/lifestyle\/die-welt-begreifen-und-erspueren-7890_7186.html\" target=\"_blank\" rel=\"noopener\">https:\/\/www.energie-bkk.de\/lifestyle\/die-welt-begreifen-und-erspueren-7890_7186.html<\/a><\/li>\n<\/ul>\n<ul>\n<li>Engels-Krone, Gesine: Taktile Wahrnehmungsst\u00f6rung: Wenn Kinder manche Ber\u00fchrungen nicht ertragen k\u00f6nnen, 25.03.2025:<br \/>\n<a href=\"https:\/\/www.familie.de\/kleinkind\/taktile-wahrnehmungsstoerung-wenn-kinder-manche-beruehrungen-nicht-ertragen-koennen--01JQ6HQ4K7BY07AQR69FYW0JN3\" target=\"_blank\" rel=\"noopener\">https:\/\/www.familie.de\/kleinkind\/taktile-wahrnehmungsstoerung-wenn-kinder-manche-beruehrungen-nicht-ertragen-koennen&#8211;01JQ6HQ4K7BY07AQR69FYW0JN3<\/a><\/li>\n<\/ul>\n<ul>\n<li>Laschitz, Marie: Sichere taktile Wahrnehmung lernen:<br \/>\n<a href=\"https:\/\/www.montessori-material.de\/blog\/sonstiges\/taktile-wahrnehmung\" target=\"_blank\" rel=\"noopener\">https:\/\/www.montessori-material.de\/blog\/sonstiges\/taktile-wahrnehmung<\/a><\/li>\n<\/ul>\n<ul>\n<li>S., Ralf-Ingo: Taktile Wahrnehmung: So f\u00f6rdern Sie den Tastsinn bei Kindern, 13.07.2025 (mit interessantem Video):<br \/>\n<a href=\"https:\/\/www.kita.de\/wissen\/taktile-wahrnehmung\/\" target=\"_blank\" rel=\"noopener\">https:\/\/www.kita.de\/wissen\/taktile-wahrnehmung\/<\/a><\/li>\n<\/ul>\n<\/div><\/section><\/div>\n\n<style type=\"text\/css\" data-created_by=\"avia_inline_auto\" id=\"style-css-av-4a8f13-8282735e1a69d4252a8ab107757df204\">\n.flex_column.av-4a8f13-8282735e1a69d4252a8ab107757df204{\nborder-radius:0px 0px 0px 0px;\npadding:10px 10px 10px 10px;\n}\n<\/style>\n<div  class='flex_column av-4a8f13-8282735e1a69d4252a8ab107757df204 av_one_full  avia-builder-el-39  el_after_av_one_full  el_before_av_one_full  first flex_column_div  column-top-margin'     ><section  class='av_textblock_section av-2ibyo7-105f90c883c0b4406936f8076e5ba294 '  ><div class='avia_textblock' ><p class=\"copyright\"><strong>\u00a9 Copyright \u2013 Urheberrechtshinweis<\/strong><br \/>\nAlle Inhalte auf www.backwinkel.de sowie www.backwinkel.de\/blog, insbesondere Texte, Fotografien und Grafiken, sind urheberrechtlich gesch\u00fctzt.<br \/>\nDas Urheberrecht liegt, soweit nicht ausdr\u00fccklich anders gekennzeichnet, bei der BACKWINKEL GmbH. Bitte fragen Sie uns, falls Sie die Inhalte dieses Internetangebotes verwenden m\u00f6chten.<br \/>\nWer gegen das Urheberrecht verst\u00f6\u00dft (z. B. Bilder oder Texte unerlaubt kopiert), macht sich gem. \u00a7\u00a7 106 ff UrhG strafbar, wird zudem kostenpflichtig abgemahnt und muss Schadensersatz leisten (\u00a7 97 UrhG).<\/p>\n<\/div><\/section><\/div>\n\n<style type=\"text\/css\" data-created_by=\"avia_inline_auto\" id=\"style-css-av-1p82t-b0e9719fe6c67aa5c6d1abf813961e55\">\n.flex_column.av-1p82t-b0e9719fe6c67aa5c6d1abf813961e55{\nborder-radius:0px 0px 0px 0px;\npadding:0px 0px 0px 0px;\n}\n<\/style>\n<div  class='flex_column av-1p82t-b0e9719fe6c67aa5c6d1abf813961e55 av_one_full  avia-builder-el-41  el_after_av_one_full  avia-builder-el-last  first flex_column_div av-zero-column-padding  column-top-margin'     ><p><section  class='av_textblock_section av-jlp4hxqo-91baaad30cd61f89630d15f8561d1750 '  ><div class='avia_textblock' ><div class=\"shariff shariff-align-left shariff-widget-align-left\"><ul class=\"shariff-buttons theme-color orientation-horizontal buttonsize-medium\"><li class=\"shariff-button whatsapp shariff-nocustomcolor\" style=\"background-color:#5cbe4a\"><a href=\"https:\/\/api.whatsapp.com\/send?text=https%3A%2F%2Fwww.backwinkel.de%2Fblog%2Ftastsinn-foerdern%2F%20Tastsinn%20f%C3%B6rdern\" title=\"Bei Whatsapp teilen\" aria-label=\"Bei Whatsapp teilen\" role=\"button\" rel=\"noopener nofollow\" class=\"shariff-link\" style=\"; background-color:#34af23; color:#fff\" target=\"_blank\"><span class=\"shariff-icon\" style=\"\"><svg width=\"32px\" height=\"20px\" xmlns=\"http:\/\/www.w3.org\/2000\/svg\" viewBox=\"0 0 32 32\"><path fill=\"#34af23\" d=\"M17.6 17.4q0.2 0 1.7 0.8t1.6 0.9q0 0.1 0 0.3 0 0.6-0.3 1.4-0.3 0.7-1.3 1.2t-1.8 0.5q-1 0-3.4-1.1-1.7-0.8-3-2.1t-2.6-3.3q-1.3-1.9-1.3-3.5v-0.1q0.1-1.6 1.3-2.8 0.4-0.4 0.9-0.4 0.1 0 0.3 0t0.3 0q0.3 0 0.5 0.1t0.3 0.5q0.1 0.4 0.6 1.6t0.4 1.3q0 0.4-0.6 1t-0.6 0.8q0 0.1 0.1 0.3 0.6 1.3 1.8 2.4 1 0.9 2.7 1.8 0.2 0.1 0.4 0.1 0.3 0 1-0.9t0.9-0.9zM14 26.9q2.3 0 4.3-0.9t3.6-2.4 2.4-3.6 0.9-4.3-0.9-4.3-2.4-3.6-3.6-2.4-4.3-0.9-4.3 0.9-3.6 2.4-2.4 3.6-0.9 4.3q0 3.6 2.1 6.6l-1.4 4.2 4.3-1.4q2.8 1.9 6.2 1.9zM14 2.2q2.7 0 5.2 1.1t4.3 2.9 2.9 4.3 1.1 5.2-1.1 5.2-2.9 4.3-4.3 2.9-5.2 1.1q-3.5 0-6.5-1.7l-7.4 2.4 2.4-7.2q-1.9-3.2-1.9-6.9 0-2.7 1.1-5.2t2.9-4.3 4.3-2.9 5.2-1.1z\"\/><\/svg><\/span><span class=\"shariff-text\">teilen<\/span>&nbsp;<\/a><\/li><li class=\"shariff-button facebook shariff-nocustomcolor\" style=\"background-color:#4273c8\"><a href=\"https:\/\/www.facebook.com\/sharer\/sharer.php?u=https%3A%2F%2Fwww.backwinkel.de%2Fblog%2Ftastsinn-foerdern%2F\" title=\"Bei Facebook teilen\" aria-label=\"Bei Facebook teilen\" role=\"button\" rel=\"nofollow\" class=\"shariff-link\" style=\"; background-color:#3b5998; color:#fff\" target=\"_blank\"><span class=\"shariff-icon\" style=\"\"><svg width=\"32px\" height=\"20px\" xmlns=\"http:\/\/www.w3.org\/2000\/svg\" viewBox=\"0 0 18 32\"><path fill=\"#3b5998\" d=\"M17.1 0.2v4.7h-2.8q-1.5 0-2.1 0.6t-0.5 1.9v3.4h5.2l-0.7 5.3h-4.5v13.6h-5.5v-13.6h-4.5v-5.3h4.5v-3.9q0-3.3 1.9-5.2t5-1.8q2.6 0 4.1 0.2z\"\/><\/svg><\/span><span class=\"shariff-text\">teilen<\/span>&nbsp;<\/a><\/li><li class=\"shariff-button twitter shariff-nocustomcolor\" style=\"background-color:#595959\"><a href=\"https:\/\/twitter.com\/share?url=https%3A%2F%2Fwww.backwinkel.de%2Fblog%2Ftastsinn-foerdern%2F&text=Tastsinn%20f%C3%B6rdern\" title=\"Bei X teilen\" aria-label=\"Bei X teilen\" role=\"button\" rel=\"noopener nofollow\" class=\"shariff-link\" style=\"; background-color:#000; color:#fff\" target=\"_blank\"><span class=\"shariff-icon\" style=\"\"><svg width=\"32px\" height=\"20px\" xmlns=\"http:\/\/www.w3.org\/2000\/svg\" viewBox=\"0 0 24 24\"><path fill=\"#000\" d=\"M14.258 10.152L23.176 0h-2.113l-7.747 8.813L7.133 0H0l9.352 13.328L0 23.973h2.113l8.176-9.309 6.531 9.309h7.133zm-2.895 3.293l-.949-1.328L2.875 1.56h3.246l6.086 8.523.945 1.328 7.91 11.078h-3.246zm0 0\"\/><\/svg><\/span><span class=\"shariff-text\">teilen<\/span>&nbsp;<\/a><\/li><li class=\"shariff-button pinterest shariff-nocustomcolor\" style=\"background-color:#e70f18\"><a href=\"https:\/\/www.pinterest.com\/pin\/create\/link\/?url=https%3A%2F%2Fwww.backwinkel.de%2Fblog%2Ftastsinn-foerdern%2F&media=https%3A%2F%2Fwww.backwinkel.de%2Fblog%2Fwp-content%2Fuploads%2F2025%2F08%2F08_Kiga_Tastsinn_heroimage.jpg&description=Tastsinn%20f%C3%B6rdern\" title=\"Bei Pinterest pinnen\" aria-label=\"Bei Pinterest pinnen\" role=\"button\" rel=\"noopener nofollow\" class=\"shariff-link\" style=\"; background-color:#cb2027; color:#fff\" target=\"_blank\"><span class=\"shariff-icon\" style=\"\"><svg width=\"32px\" height=\"20px\" xmlns=\"http:\/\/www.w3.org\/2000\/svg\" viewBox=\"0 0 27 32\"><path fill=\"#cb2027\" d=\"M27.4 16q0 3.7-1.8 6.9t-5 5-6.9 1.9q-2 0-3.9-0.6 1.1-1.7 1.4-2.9 0.2-0.6 1-3.8 0.4 0.7 1.3 1.2t2 0.5q2.1 0 3.8-1.2t2.7-3.4 0.9-4.8q0-2-1.1-3.8t-3.1-2.9-4.5-1.2q-1.9 0-3.5 0.5t-2.8 1.4-2 2-1.2 2.3-0.4 2.4q0 1.9 0.7 3.3t2.1 2q0.5 0.2 0.7-0.4 0-0.1 0.1-0.5t0.2-0.5q0.1-0.4-0.2-0.8-0.9-1.1-0.9-2.7 0-2.7 1.9-4.6t4.9-2q2.7 0 4.2 1.5t1.5 3.8q0 3-1.2 5.2t-3.1 2.1q-1.1 0-1.7-0.8t-0.4-1.9q0.1-0.6 0.5-1.7t0.5-1.8 0.2-1.4q0-0.9-0.5-1.5t-1.4-0.6q-1.1 0-1.9 1t-0.8 2.6q0 1.3 0.4 2.2l-1.8 7.5q-0.3 1.2-0.2 3.2-3.7-1.6-6-5t-2.3-7.6q0-3.7 1.9-6.9t5-5 6.9-1.9 6.9 1.9 5 5 1.8 6.9z\"\/><\/svg><\/span><span class=\"shariff-text\">merken<\/span>&nbsp;<\/a><\/li><li class=\"shariff-button mailto shariff-nocustomcolor\" style=\"background-color:#a8a8a8\"><a href=\"mailto:?body=https%3A%2F%2Fwww.backwinkel.de%2Fblog%2Ftastsinn-foerdern%2F&subject=Tastsinn%20f%C3%B6rdern\" title=\"Per E-Mail versenden\" aria-label=\"Per E-Mail versenden\" role=\"button\" rel=\"noopener nofollow\" class=\"shariff-link\" style=\"; background-color:#999; color:#fff\"><span class=\"shariff-icon\" style=\"\"><svg width=\"32px\" height=\"20px\" xmlns=\"http:\/\/www.w3.org\/2000\/svg\" viewBox=\"0 0 32 32\"><path fill=\"#999\" d=\"M32 12.7v14.2q0 1.2-0.8 2t-2 0.9h-26.3q-1.2 0-2-0.9t-0.8-2v-14.2q0.8 0.9 1.8 1.6 6.5 4.4 8.9 6.1 1 0.8 1.6 1.2t1.7 0.9 2 0.4h0.1q0.9 0 2-0.4t1.7-0.9 1.6-1.2q3-2.2 8.9-6.1 1-0.7 1.8-1.6zM32 7.4q0 1.4-0.9 2.7t-2.2 2.2q-6.7 4.7-8.4 5.8-0.2 0.1-0.7 0.5t-1 0.7-0.9 0.6-1.1 0.5-0.9 0.2h-0.1q-0.4 0-0.9-0.2t-1.1-0.5-0.9-0.6-1-0.7-0.7-0.5q-1.6-1.1-4.7-3.2t-3.6-2.6q-1.1-0.7-2.1-2t-1-2.5q0-1.4 0.7-2.3t2.1-0.9h26.3q1.2 0 2 0.8t0.9 2z\"\/><\/svg><\/span><span class=\"shariff-text\">E-Mail<\/span>&nbsp;<\/a><\/li><\/ul><\/div>\n<\/div><\/section><br \/>\n<div  class='tabcontainer av-jlq8shhr-81242121e684ca07ed7e4b689c7d9116 top_tab  avia-builder-el-43  el_after_av_textblock  el_before_av_hr '>\n<section class='av_tab_section av_tab_section av-4w8jsn-bbdf9e923dedb1db49ad7c5dc47ef632' ><div id='tab-id-1-tab' class='tab active_tab' role='tab' aria-selected=\"true\" tabindex=\"0\" data-fake-id='#tab-id-1' aria-controls='tab-id-1-content' >Das BACKWINKEL-Blog-Team:<\/div><div id='tab-id-1-content' class='tab_content active_tab_content' role='tabpanel' aria-labelledby='tab-id-1-tab' aria-hidden=\"false\"><div class='tab_inner_content invers-color' ><p>Gibts auch ein Gesicht hinter dem BACKWINKEL-Blog? Nat\u00fcrlich. Sogar f\u00fcnf \ud83d\ude0a. Wir \u2013 Lukas, Marvin und Tatjana \u2013 bespielen unseren Blog im LACHEN LEBEN LERNEN-Firmensitz in Hattingen.<br \/>\nLukas kennt Onlinemarketing wie seine Westentasche, w\u00e4hrend Marvin unseren Beitr\u00e4gen den passenden gestalterischen Rahmen gibt und Tatjana mit dem gr\u00fcnen Korrekturstift alles pr\u00fcfend be\u00e4ugt, was unsere Freelancerautorinnen Elisa und Christine (und gern auch Gastautoren) aus der Ferne f\u00fcr den BACKWINKEL-Blog nach ordentlicher Recherche schreiben.<br \/>\nGemeinsam suchen wir st\u00e4ndig nach neuen, aufregenden Themen rund um das Thema Bildung im Kiga, der Schule und zu Hause. Und weil Sie da an der Quelle sitzen, freuen wir uns auf Ihre konstruktiven R\u00fcckmeldungen und Anregungen an blog[@]backwinkel.de<br \/>\nViel Spa\u00df beim LACHEN LESEN LERNEN!<\/p>\n<\/div><\/div><\/section>\n<\/div><br \/>\n\n<style type=\"text\/css\" data-created_by=\"avia_inline_auto\" id=\"style-css-av-jkuvdh82-b6ea5d9aca5d02d0d62bf300de93e492\">\n#top .hr.av-jkuvdh82-b6ea5d9aca5d02d0d62bf300de93e492{\nmargin-top:10px;\nmargin-bottom:10px;\n}\n.hr.av-jkuvdh82-b6ea5d9aca5d02d0d62bf300de93e492 .hr-inner{\nwidth:500;\n}\n<\/style>\n<div  class='hr av-jkuvdh82-b6ea5d9aca5d02d0d62bf300de93e492 hr-custom  avia-builder-el-44  el_after_av_tab_container  el_before_av_heading  hr-left hr-icon-no'><span class='hr-inner inner-border-av-border-thin'><span class=\"hr-inner-style\"><\/span><\/span><\/div><br \/>\n\n<style type=\"text\/css\" data-created_by=\"avia_inline_auto\" id=\"style-css-av-2rgq8p-eea5960d1a3bca7958b11dcc59b35b67\">\n#top .av-special-heading.av-2rgq8p-eea5960d1a3bca7958b11dcc59b35b67{\npadding-bottom:10px;\n}\nbody .av-special-heading.av-2rgq8p-eea5960d1a3bca7958b11dcc59b35b67 .av-special-heading-tag .heading-char{\nfont-size:25px;\n}\n.av-special-heading.av-2rgq8p-eea5960d1a3bca7958b11dcc59b35b67 .av-subheading{\nfont-size:15px;\n}\n<\/style>\n<div  class='av-special-heading av-2rgq8p-eea5960d1a3bca7958b11dcc59b35b67 av-special-heading-h3 blockquote modern-quote  avia-builder-el-45  el_after_av_hr  el_before_av_blog '><h3 class='av-special-heading-tag '  >PASSENDE BEITR\u00c4GE<\/h3><div class=\"special-heading-border\"><div class=\"special-heading-inner-border\"><\/div><\/div><\/div><br \/>\n<div  data-slideshow-options=\"{&quot;animation&quot;:&quot;fade&quot;,&quot;autoplay&quot;:false,&quot;loop_autoplay&quot;:&quot;once&quot;,&quot;interval&quot;:5,&quot;loop_manual&quot;:&quot;manual-endless&quot;,&quot;autoplay_stopper&quot;:false,&quot;noNavigation&quot;:false,&quot;show_slide_delay&quot;:90}\" class='avia-content-slider avia-content-grid-active avia-content-slider1 avia-content-slider-odd  avia-builder-el-46  el_after_av_heading  avia-builder-el-last  av-slideshow-ui av-control-default   av-no-slider-navigation av-slideshow-manual av-loop-once av-loop-manual-endless ' ><div class=\"avia-content-slider-inner\"><div class=\"slide-entry-wrap\"><article class='slide-entry flex_column  post-entry post-entry-18633 slide-entry-overview slide-loop-1 slide-parity-odd  av_one_third first real-thumbnail posttype-post post-format-standard' ><a href='https:\/\/www.backwinkel.de\/blog\/plastik-recyceln\/' data-rel='slide-1' class='slide-image' title='Plastik recyceln'><img decoding=\"async\" fetchpriority=\"high\" width=\"1200\" height=\"628\" src=\"https:\/\/www.backwinkel.de\/blog\/wp-content\/uploads\/2026\/04\/04_Kiga_Plastik_nachhaltig_nutzen.jpg\" class=\"wp-image-18713 avia-img-lazy-loading-not-18713 attachment-no scaling size-no scaling wp-post-image\" alt=\"\" \/><\/a><div class=\"slide-content\"><header class=\"entry-content-header\" aria-label=\"Slide: Plastik recyceln\"><h3 class='slide-entry-title entry-title ' ><a href='https:\/\/www.backwinkel.de\/blog\/plastik-recyceln\/' title='Plastik recyceln'>Plastik recyceln<\/a><\/h3><span class=\"blog-categories minor-meta\"><a href=\"https:\/\/www.backwinkel.de\/blog\/category\/kindergarten-kita\/\" rel=\"tag\">Kindergarten<\/a> <\/span><span class=\"av-vertical-delimiter\"><\/span><\/header><div class='slide-entry-excerpt entry-content' >Biokunststoff f\u00fcr St\u00fchle, Materialboxen, Spielzeug und Rucks\u00e4cke<\/div><\/div><footer class=\"entry-footer\"><div class=\"slide-meta\"><time class='slide-meta-time updated' >14. April 2026<\/time><\/div><\/footer><\/article><article class='slide-entry flex_column  post-entry post-entry-18716 slide-entry-overview slide-loop-2 slide-parity-even  av_one_third  real-thumbnail posttype-post post-format-standard' ><a href='https:\/\/www.backwinkel.de\/blog\/rechnen-im-anfangsunterricht\/' data-rel='slide-1' class='slide-image' title='Rechnen im Anfangsunterricht'><img decoding=\"async\" fetchpriority=\"high\" width=\"1200\" height=\"628\" src=\"https:\/\/www.backwinkel.de\/blog\/wp-content\/uploads\/2026\/04\/04_Schule_Rechnen_anfangsunterricht.jpg\" class=\"wp-image-18748 avia-img-lazy-loading-not-18748 attachment-no scaling size-no scaling wp-post-image\" alt=\"\" \/><\/a><div class=\"slide-content\"><header class=\"entry-content-header\" aria-label=\"Slide: Rechnen im Anfangsunterricht\"><h3 class='slide-entry-title entry-title ' ><a href='https:\/\/www.backwinkel.de\/blog\/rechnen-im-anfangsunterricht\/' title='Rechnen im Anfangsunterricht'>Rechnen im Anfangsunterricht<\/a><\/h3><span class=\"blog-categories minor-meta\"><a href=\"https:\/\/www.backwinkel.de\/blog\/category\/schule-grundschule\/\" rel=\"tag\">Schule<\/a> <\/span><span class=\"av-vertical-delimiter\"><\/span><\/header><div class='slide-entry-excerpt entry-content' >Das Klassenzimmer als Lernlandschaft<\/div><\/div><footer class=\"entry-footer\"><div class=\"slide-meta\"><time class='slide-meta-time updated' >14. April 2026<\/time><\/div><\/footer><\/article><article class='slide-entry flex_column  post-entry post-entry-18372 slide-entry-overview slide-loop-3 slide-parity-odd  post-entry-last  av_one_third  real-thumbnail posttype-post post-format-standard' ><a href='https:\/\/www.backwinkel.de\/blog\/kranke-kinder-im-kindergarten\/' data-rel='slide-1' class='slide-image' title='Kranke Kinder im Kindergarten'><img decoding=\"async\" fetchpriority=\"high\" width=\"1200\" height=\"628\" src=\"https:\/\/www.backwinkel.de\/blog\/wp-content\/uploads\/2026\/03\/03_Kiga_Kranke_Kinder.jpg\" class=\"wp-image-18451 avia-img-lazy-loading-not-18451 attachment-no scaling size-no scaling wp-post-image\" alt=\"Thema: Kranke Kinder. Auf dem Bild ist ein krankes kleines M\u00e4dchen zu sehen. Eine Frau mit einem Fieberthermometer in der Hand sitzt neben ihr und hat die Hand auf der Stirn des M\u00e4dchens.\" \/><\/a><div class=\"slide-content\"><header class=\"entry-content-header\" aria-label=\"Slide: Kranke Kinder im Kindergarten\"><h3 class='slide-entry-title entry-title ' ><a href='https:\/\/www.backwinkel.de\/blog\/kranke-kinder-im-kindergarten\/' title='Kranke Kinder im Kindergarten'>Kranke Kinder im Kindergarten<\/a><\/h3><span class=\"blog-categories minor-meta\"><a href=\"https:\/\/www.backwinkel.de\/blog\/category\/kindergarten-kita\/\" rel=\"tag\">Kindergarten<\/a> <\/span><span class=\"av-vertical-delimiter\"><\/span><\/header><div class='slide-entry-excerpt entry-content' >Auswirkungen f\u00fcr Kinder, Eltern und Fachkr\u00e4fte<\/div><\/div><footer class=\"entry-footer\"><div class=\"slide-meta\"><time class='slide-meta-time updated' >9. M\u00e4rz 2026<\/time><\/div><\/footer><\/article><\/div><\/div><\/div><\/p><\/div>\n","protected":false},"excerpt":{"rendered":"<p>Darum ist taktile Wahrnehmung so wichtig f\u00fcr Kinder<\/p>\n","protected":false},"author":1,"featured_media":16697,"comment_status":"closed","ping_status":"closed","sticky":false,"template":"","format":"standard","meta":{"inline_featured_image":false,"footnotes":""},"categories":[5],"tags":[],"class_list":["post-16669","post","type-post","status-publish","format-standard","has-post-thumbnail","hentry","category-kindergarten-kita"],"yoast_head":"<!-- This site is optimized with the Yoast SEO plugin v27.4 - https:\/\/yoast.com\/product\/yoast-seo-wordpress\/ -->\n<title>Taktile Wahrnehmung f\u00f6rdern \u2013 BACKWINKEL<\/title>\n<meta name=\"description\" content=\"Wie taktile Wahrnehmung die Entwicklung beeinflusst und wie Sie Ihren Kindern passende Anreize im Alltag bieten \u00bb Jetzt lesen\" \/>\n<meta name=\"robots\" content=\"index, follow, max-snippet:-1, max-image-preview:large, max-video-preview:-1\" \/>\n<link rel=\"canonical\" href=\"https:\/\/www.backwinkel.de\/blog\/tastsinn-foerdern\/\" \/>\n<meta property=\"og:locale\" content=\"de_DE\" \/>\n<meta property=\"og:type\" content=\"article\" \/>\n<meta property=\"og:title\" content=\"Taktile Wahrnehmung f\u00f6rdern \u2013 BACKWINKEL\" \/>\n<meta property=\"og:description\" content=\"Wie taktile Wahrnehmung die Entwicklung beeinflusst und wie Sie Ihren Kindern passende Anreize im Alltag bieten \u00bb Jetzt lesen\" \/>\n<meta property=\"og:url\" content=\"https:\/\/www.backwinkel.de\/blog\/tastsinn-foerdern\/\" \/>\n<meta property=\"og:site_name\" content=\"BACKWINKEL Blog\" \/>\n<meta property=\"article:published_time\" content=\"2025-08-11T07:14:17+00:00\" \/>\n<meta property=\"article:modified_time\" content=\"2026-01-13T12:59:16+00:00\" \/>\n<meta property=\"og:image\" content=\"https:\/\/www.backwinkel.de\/blog\/wp-content\/uploads\/2025\/08\/08_Kiga_Tastsinn_heroimage.jpg\" \/>\n\t<meta property=\"og:image:width\" content=\"1200\" \/>\n\t<meta property=\"og:image:height\" content=\"628\" \/>\n\t<meta property=\"og:image:type\" content=\"image\/jpeg\" \/>\n<meta name=\"author\" content=\"admin_backwinkel\" \/>\n<meta name=\"twitter:card\" content=\"summary_large_image\" \/>\n<meta name=\"twitter:label1\" content=\"Verfasst von\" \/>\n\t<meta name=\"twitter:data1\" content=\"admin_backwinkel\" \/>\n\t<meta name=\"twitter:label2\" content=\"Gesch\u00e4tzte Lesezeit\" \/>\n\t<meta name=\"twitter:data2\" content=\"12\u00a0Minuten\" \/>\n<script type=\"application\/ld+json\" class=\"yoast-schema-graph\">{\"@context\":\"https:\\\/\\\/schema.org\",\"@graph\":[{\"@type\":\"Article\",\"@id\":\"https:\\\/\\\/www.backwinkel.de\\\/blog\\\/tastsinn-foerdern\\\/#article\",\"isPartOf\":{\"@id\":\"https:\\\/\\\/www.backwinkel.de\\\/blog\\\/tastsinn-foerdern\\\/\"},\"author\":{\"name\":\"admin_backwinkel\",\"@id\":\"https:\\\/\\\/www.backwinkel.de\\\/blog\\\/#\\\/schema\\\/person\\\/88b842297c0e471020a66f4476633cf2\"},\"headline\":\"Tastsinn f\u00f6rdern\",\"datePublished\":\"2025-08-11T07:14:17+00:00\",\"dateModified\":\"2026-01-13T12:59:16+00:00\",\"mainEntityOfPage\":{\"@id\":\"https:\\\/\\\/www.backwinkel.de\\\/blog\\\/tastsinn-foerdern\\\/\"},\"wordCount\":5115,\"image\":{\"@id\":\"https:\\\/\\\/www.backwinkel.de\\\/blog\\\/tastsinn-foerdern\\\/#primaryimage\"},\"thumbnailUrl\":\"https:\\\/\\\/www.backwinkel.de\\\/blog\\\/wp-content\\\/uploads\\\/2025\\\/08\\\/08_Kiga_Tastsinn_heroimage.jpg\",\"articleSection\":[\"Kindergarten\"],\"inLanguage\":\"de\"},{\"@type\":\"WebPage\",\"@id\":\"https:\\\/\\\/www.backwinkel.de\\\/blog\\\/tastsinn-foerdern\\\/\",\"url\":\"https:\\\/\\\/www.backwinkel.de\\\/blog\\\/tastsinn-foerdern\\\/\",\"name\":\"Taktile Wahrnehmung f\u00f6rdern \u2013 BACKWINKEL\",\"isPartOf\":{\"@id\":\"https:\\\/\\\/www.backwinkel.de\\\/blog\\\/#website\"},\"primaryImageOfPage\":{\"@id\":\"https:\\\/\\\/www.backwinkel.de\\\/blog\\\/tastsinn-foerdern\\\/#primaryimage\"},\"image\":{\"@id\":\"https:\\\/\\\/www.backwinkel.de\\\/blog\\\/tastsinn-foerdern\\\/#primaryimage\"},\"thumbnailUrl\":\"https:\\\/\\\/www.backwinkel.de\\\/blog\\\/wp-content\\\/uploads\\\/2025\\\/08\\\/08_Kiga_Tastsinn_heroimage.jpg\",\"datePublished\":\"2025-08-11T07:14:17+00:00\",\"dateModified\":\"2026-01-13T12:59:16+00:00\",\"author\":{\"@id\":\"https:\\\/\\\/www.backwinkel.de\\\/blog\\\/#\\\/schema\\\/person\\\/88b842297c0e471020a66f4476633cf2\"},\"description\":\"Wie taktile Wahrnehmung die Entwicklung beeinflusst und wie Sie Ihren Kindern passende Anreize im Alltag bieten \u00bb Jetzt lesen\",\"breadcrumb\":{\"@id\":\"https:\\\/\\\/www.backwinkel.de\\\/blog\\\/tastsinn-foerdern\\\/#breadcrumb\"},\"inLanguage\":\"de\",\"potentialAction\":[{\"@type\":\"ReadAction\",\"target\":[\"https:\\\/\\\/www.backwinkel.de\\\/blog\\\/tastsinn-foerdern\\\/\"]}]},{\"@type\":\"ImageObject\",\"inLanguage\":\"de\",\"@id\":\"https:\\\/\\\/www.backwinkel.de\\\/blog\\\/tastsinn-foerdern\\\/#primaryimage\",\"url\":\"https:\\\/\\\/www.backwinkel.de\\\/blog\\\/wp-content\\\/uploads\\\/2025\\\/08\\\/08_Kiga_Tastsinn_heroimage.jpg\",\"contentUrl\":\"https:\\\/\\\/www.backwinkel.de\\\/blog\\\/wp-content\\\/uploads\\\/2025\\\/08\\\/08_Kiga_Tastsinn_heroimage.jpg\",\"width\":1200,\"height\":628},{\"@type\":\"BreadcrumbList\",\"@id\":\"https:\\\/\\\/www.backwinkel.de\\\/blog\\\/tastsinn-foerdern\\\/#breadcrumb\",\"itemListElement\":[{\"@type\":\"ListItem\",\"position\":1,\"name\":\"Startseite\",\"item\":\"https:\\\/\\\/blog.backwinkel.de\\\/aktuelles\\\/\"},{\"@type\":\"ListItem\",\"position\":2,\"name\":\"Tastsinn f\u00f6rdern\"}]},{\"@type\":\"WebSite\",\"@id\":\"https:\\\/\\\/www.backwinkel.de\\\/blog\\\/#website\",\"url\":\"https:\\\/\\\/www.backwinkel.de\\\/blog\\\/\",\"name\":\"BACKWINKEL Blog\",\"description\":\"f\u00fcr Lehrer, Erzieher und Eltern\",\"potentialAction\":[{\"@type\":\"SearchAction\",\"target\":{\"@type\":\"EntryPoint\",\"urlTemplate\":\"https:\\\/\\\/www.backwinkel.de\\\/blog\\\/?s={search_term_string}\"},\"query-input\":{\"@type\":\"PropertyValueSpecification\",\"valueRequired\":true,\"valueName\":\"search_term_string\"}}],\"inLanguage\":\"de\"},{\"@type\":\"Person\",\"@id\":\"https:\\\/\\\/www.backwinkel.de\\\/blog\\\/#\\\/schema\\\/person\\\/88b842297c0e471020a66f4476633cf2\",\"name\":\"admin_backwinkel\",\"url\":\"https:\\\/\\\/www.backwinkel.de\\\/blog\\\/author\\\/admin_backwinkel\\\/\"}]}<\/script>\n<!-- \/ Yoast SEO plugin. -->","yoast_head_json":{"title":"Taktile Wahrnehmung f\u00f6rdern \u2013 BACKWINKEL","description":"Wie taktile Wahrnehmung die Entwicklung beeinflusst und wie Sie Ihren Kindern passende Anreize im Alltag bieten \u00bb Jetzt lesen","robots":{"index":"index","follow":"follow","max-snippet":"max-snippet:-1","max-image-preview":"max-image-preview:large","max-video-preview":"max-video-preview:-1"},"canonical":"https:\/\/www.backwinkel.de\/blog\/tastsinn-foerdern\/","og_locale":"de_DE","og_type":"article","og_title":"Taktile Wahrnehmung f\u00f6rdern \u2013 BACKWINKEL","og_description":"Wie taktile Wahrnehmung die Entwicklung beeinflusst und wie Sie Ihren Kindern passende Anreize im Alltag bieten \u00bb Jetzt lesen","og_url":"https:\/\/www.backwinkel.de\/blog\/tastsinn-foerdern\/","og_site_name":"BACKWINKEL Blog","article_published_time":"2025-08-11T07:14:17+00:00","article_modified_time":"2026-01-13T12:59:16+00:00","og_image":[{"width":1200,"height":628,"url":"https:\/\/www.backwinkel.de\/blog\/wp-content\/uploads\/2025\/08\/08_Kiga_Tastsinn_heroimage.jpg","type":"image\/jpeg"}],"author":"admin_backwinkel","twitter_card":"summary_large_image","twitter_misc":{"Verfasst von":"admin_backwinkel","Gesch\u00e4tzte Lesezeit":"12\u00a0Minuten"},"schema":{"@context":"https:\/\/schema.org","@graph":[{"@type":"Article","@id":"https:\/\/www.backwinkel.de\/blog\/tastsinn-foerdern\/#article","isPartOf":{"@id":"https:\/\/www.backwinkel.de\/blog\/tastsinn-foerdern\/"},"author":{"name":"admin_backwinkel","@id":"https:\/\/www.backwinkel.de\/blog\/#\/schema\/person\/88b842297c0e471020a66f4476633cf2"},"headline":"Tastsinn f\u00f6rdern","datePublished":"2025-08-11T07:14:17+00:00","dateModified":"2026-01-13T12:59:16+00:00","mainEntityOfPage":{"@id":"https:\/\/www.backwinkel.de\/blog\/tastsinn-foerdern\/"},"wordCount":5115,"image":{"@id":"https:\/\/www.backwinkel.de\/blog\/tastsinn-foerdern\/#primaryimage"},"thumbnailUrl":"https:\/\/www.backwinkel.de\/blog\/wp-content\/uploads\/2025\/08\/08_Kiga_Tastsinn_heroimage.jpg","articleSection":["Kindergarten"],"inLanguage":"de"},{"@type":"WebPage","@id":"https:\/\/www.backwinkel.de\/blog\/tastsinn-foerdern\/","url":"https:\/\/www.backwinkel.de\/blog\/tastsinn-foerdern\/","name":"Taktile Wahrnehmung f\u00f6rdern \u2013 BACKWINKEL","isPartOf":{"@id":"https:\/\/www.backwinkel.de\/blog\/#website"},"primaryImageOfPage":{"@id":"https:\/\/www.backwinkel.de\/blog\/tastsinn-foerdern\/#primaryimage"},"image":{"@id":"https:\/\/www.backwinkel.de\/blog\/tastsinn-foerdern\/#primaryimage"},"thumbnailUrl":"https:\/\/www.backwinkel.de\/blog\/wp-content\/uploads\/2025\/08\/08_Kiga_Tastsinn_heroimage.jpg","datePublished":"2025-08-11T07:14:17+00:00","dateModified":"2026-01-13T12:59:16+00:00","author":{"@id":"https:\/\/www.backwinkel.de\/blog\/#\/schema\/person\/88b842297c0e471020a66f4476633cf2"},"description":"Wie taktile Wahrnehmung die Entwicklung beeinflusst und wie Sie Ihren Kindern passende Anreize im Alltag bieten \u00bb Jetzt lesen","breadcrumb":{"@id":"https:\/\/www.backwinkel.de\/blog\/tastsinn-foerdern\/#breadcrumb"},"inLanguage":"de","potentialAction":[{"@type":"ReadAction","target":["https:\/\/www.backwinkel.de\/blog\/tastsinn-foerdern\/"]}]},{"@type":"ImageObject","inLanguage":"de","@id":"https:\/\/www.backwinkel.de\/blog\/tastsinn-foerdern\/#primaryimage","url":"https:\/\/www.backwinkel.de\/blog\/wp-content\/uploads\/2025\/08\/08_Kiga_Tastsinn_heroimage.jpg","contentUrl":"https:\/\/www.backwinkel.de\/blog\/wp-content\/uploads\/2025\/08\/08_Kiga_Tastsinn_heroimage.jpg","width":1200,"height":628},{"@type":"BreadcrumbList","@id":"https:\/\/www.backwinkel.de\/blog\/tastsinn-foerdern\/#breadcrumb","itemListElement":[{"@type":"ListItem","position":1,"name":"Startseite","item":"https:\/\/blog.backwinkel.de\/aktuelles\/"},{"@type":"ListItem","position":2,"name":"Tastsinn f\u00f6rdern"}]},{"@type":"WebSite","@id":"https:\/\/www.backwinkel.de\/blog\/#website","url":"https:\/\/www.backwinkel.de\/blog\/","name":"BACKWINKEL Blog","description":"f\u00fcr Lehrer, Erzieher und Eltern","potentialAction":[{"@type":"SearchAction","target":{"@type":"EntryPoint","urlTemplate":"https:\/\/www.backwinkel.de\/blog\/?s={search_term_string}"},"query-input":{"@type":"PropertyValueSpecification","valueRequired":true,"valueName":"search_term_string"}}],"inLanguage":"de"},{"@type":"Person","@id":"https:\/\/www.backwinkel.de\/blog\/#\/schema\/person\/88b842297c0e471020a66f4476633cf2","name":"admin_backwinkel","url":"https:\/\/www.backwinkel.de\/blog\/author\/admin_backwinkel\/"}]}},"_links":{"self":[{"href":"https:\/\/www.backwinkel.de\/blog\/wp-json\/wp\/v2\/posts\/16669","targetHints":{"allow":["GET"]}}],"collection":[{"href":"https:\/\/www.backwinkel.de\/blog\/wp-json\/wp\/v2\/posts"}],"about":[{"href":"https:\/\/www.backwinkel.de\/blog\/wp-json\/wp\/v2\/types\/post"}],"author":[{"embeddable":true,"href":"https:\/\/www.backwinkel.de\/blog\/wp-json\/wp\/v2\/users\/1"}],"replies":[{"embeddable":true,"href":"https:\/\/www.backwinkel.de\/blog\/wp-json\/wp\/v2\/comments?post=16669"}],"version-history":[{"count":17,"href":"https:\/\/www.backwinkel.de\/blog\/wp-json\/wp\/v2\/posts\/16669\/revisions"}],"predecessor-version":[{"id":17905,"href":"https:\/\/www.backwinkel.de\/blog\/wp-json\/wp\/v2\/posts\/16669\/revisions\/17905"}],"wp:featuredmedia":[{"embeddable":true,"href":"https:\/\/www.backwinkel.de\/blog\/wp-json\/wp\/v2\/media\/16697"}],"wp:attachment":[{"href":"https:\/\/www.backwinkel.de\/blog\/wp-json\/wp\/v2\/media?parent=16669"}],"wp:term":[{"taxonomy":"category","embeddable":true,"href":"https:\/\/www.backwinkel.de\/blog\/wp-json\/wp\/v2\/categories?post=16669"},{"taxonomy":"post_tag","embeddable":true,"href":"https:\/\/www.backwinkel.de\/blog\/wp-json\/wp\/v2\/tags?post=16669"}],"curies":[{"name":"wp","href":"https:\/\/api.w.org\/{rel}","templated":true}]}}