{"id":16287,"date":"2025-05-12T09:04:17","date_gmt":"2025-05-12T07:04:17","guid":{"rendered":"https:\/\/www.backwinkel.de\/blog\/?p=16287"},"modified":"2026-04-27T08:00:35","modified_gmt":"2026-04-27T06:00:35","slug":"der-jahreszeitentisch","status":"publish","type":"post","link":"https:\/\/www.backwinkel.de\/blog\/der-jahreszeitentisch\/","title":{"rendered":"Der Jahreszeitentisch"},"content":{"rendered":"\n<style type=\"text\/css\" data-created_by=\"avia_inline_auto\" id=\"style-css-av-8vdv8-f7e0dae999cc49bc529a70f67b346526\">\n.flex_column.av-8vdv8-f7e0dae999cc49bc529a70f67b346526{\nborder-radius:0px 0px 0px 0px;\npadding:0px 0px 0px 0px;\n}\n<\/style>\n<div  class='flex_column av-8vdv8-f7e0dae999cc49bc529a70f67b346526 av_one_full  avia-builder-el-0  el_before_av_three_fifth  avia-builder-el-first  first flex_column_div av-zero-column-padding  '     ><p>\n<style type=\"text\/css\" data-created_by=\"avia_inline_auto\" id=\"style-css-av-jl6mo8rj-605eccf9df0dce9c3ffb6a57636da99d\">\n#top .hr.hr-invisible.av-jl6mo8rj-605eccf9df0dce9c3ffb6a57636da99d{\nmargin-top:0px;\nheight:1px;\n}\n<\/style>\n<div  class='hr av-jl6mo8rj-605eccf9df0dce9c3ffb6a57636da99d hr-invisible  avia-builder-el-1  el_before_av_heading  avia-builder-el-first '><span class='hr-inner '><span class=\"hr-inner-style\"><\/span><\/span><\/div><br \/>\n\n<style type=\"text\/css\" data-created_by=\"avia_inline_auto\" id=\"style-css-av-27gdg7-9e940720bfe72e265ea6758264d33ba8\">\n#top .av-special-heading.av-27gdg7-9e940720bfe72e265ea6758264d33ba8{\npadding-bottom:10px;\n}\nbody .av-special-heading.av-27gdg7-9e940720bfe72e265ea6758264d33ba8 .av-special-heading-tag .heading-char{\nfont-size:25px;\n}\n.av-special-heading.av-27gdg7-9e940720bfe72e265ea6758264d33ba8 .av-subheading{\nfont-size:15px;\n}\n<\/style>\n<div  class='av-special-heading av-27gdg7-9e940720bfe72e265ea6758264d33ba8 av-special-heading-h1 blockquote modern-quote  avia-builder-el-2  el_after_av_hr  el_before_av_post_metadata  av-linked-heading'><h1 class='av-special-heading-tag '  >Der Jahreszeitentisch. Mit diesen Tipps machen Sie den Jahresablauf, seine Feste und die Natur sichtbar <\/h1><div class='av-subheading av-subheading_below'><p class=\"autorenname\">Elisa Morel<\/p>\n<\/div><div class=\"special-heading-border\"><div class=\"special-heading-inner-border\"><\/div><\/div><\/div><br \/>\n\n<style type=\"text\/css\" data-created_by=\"avia_inline_auto\" id=\"style-css-av-zic5j3-7c8cf54cca24d7fce3146a6bb984f8b3\">\n#top .av-post-metadata-container.av-zic5j3-7c8cf54cca24d7fce3146a6bb984f8b3{\nfont-size:12px;\n}\n#top .av-post-metadata-container.av-zic5j3-7c8cf54cca24d7fce3146a6bb984f8b3 .av-post-metadata-container-inner{\nfont-size:12px;\n}\n<\/style>\n<div  class='av-post-metadata-container av-zic5j3-7c8cf54cca24d7fce3146a6bb984f8b3 av-metadata-container-align-left  avia-builder-el-3  el_after_av_heading  el_before_av_textblock  av-metadata-container-1'><div class='av-post-metadata-container-inner'><span class=\"av-post-metadata-content av-post-metadata-meta-content\"><span class=\"av-post-metadata-content av-post-metadata-modified\"><span class=\"av-metadata-before av-metadata-before-modified\">Aktualisiert:<\/span><span class=\"av-post-metadata-modified-date\" >27. April 2026<\/span><\/span><\/span><\/div><\/div><br \/>\n\n<style type=\"text\/css\" data-created_by=\"avia_inline_auto\" id=\"style-css-av-jkuubohz-bbd292769511b836e32d8da8e9450d9c\">\n#top .av_textblock_section.av-jkuubohz-bbd292769511b836e32d8da8e9450d9c .avia_textblock{\nfont-size:20px;\n}\n<\/style>\n<section  class='av_textblock_section av-jkuubohz-bbd292769511b836e32d8da8e9450d9c '  ><div class='avia_textblock' ><p>Fr\u00fchling, Sommer, Herbst und Winter kehren jedes Jahr verl\u00e4sslich wieder und bieten Ihren Kindern Orientierung. Gleichzeitig haben die Jahreszeiten gro\u00dfen Einfluss auf unser Leben, auch wenn es uns oft gar nicht bewusst ist.<\/p>\n<\/div><\/section><br \/>\n\n<style type=\"text\/css\" data-created_by=\"avia_inline_auto\" id=\"style-css-av-jkuuo5h6-b726c92f009db55cdb70e72090c700ce\">\n.avia-image-container.av-jkuuo5h6-b726c92f009db55cdb70e72090c700ce img.avia_image{\nbox-shadow:none;\n}\n.avia-image-container.av-jkuuo5h6-b726c92f009db55cdb70e72090c700ce .av-image-caption-overlay-center{\ncolor:#ffffff;\n}\n<\/style>\n<div  class='avia-image-container av-jkuuo5h6-b726c92f009db55cdb70e72090c700ce av-styling- avia-align-center  avia-builder-el-5  el_after_av_textblock  el_before_av_hr '  ><div class=\"avia-image-container-inner\"><div class=\"avia-image-overlay-wrap\"><img decoding=\"async\" fetchpriority=\"high\" class='wp-image-16293 avia-img-lazy-loading-not-16293 avia_image ' src=\"https:\/\/www.backwinkel.de\/blog\/wp-content\/uploads\/2025\/04\/05_Kiga_Jahreszeitentisch_heroimage.jpg\" alt='' title='05_Kiga_Jahreszeitentisch_heroimage'  height=\"628\" width=\"1200\"  \/><\/div><\/div><\/div><br \/>\n\n<style type=\"text\/css\" data-created_by=\"avia_inline_auto\" id=\"style-css-av-jl6mo8rj-22-7487f0754a981739ab003e89aabaa170\">\n#top .hr.hr-invisible.av-jl6mo8rj-22-7487f0754a981739ab003e89aabaa170{\nheight:5px;\n}\n<\/style>\n<div  class='hr av-jl6mo8rj-22-7487f0754a981739ab003e89aabaa170 hr-invisible  avia-builder-el-6  el_after_av_image  el_before_av_textblock '><span class='hr-inner '><span class=\"hr-inner-style\"><\/span><\/span><\/div><br \/>\n\n<style type=\"text\/css\" data-created_by=\"avia_inline_auto\" id=\"style-css-av-jl7ql86y-0004168ca5c1e8188cabe38926610bb2\">\n#top .av_textblock_section.av-jl7ql86y-0004168ca5c1e8188cabe38926610bb2 .avia_textblock{\nfont-size:10px;\n}\n<\/style>\n<section  class='av_textblock_section av-jl7ql86y-0004168ca5c1e8188cabe38926610bb2 '  ><div class='avia_textblock' ><p class=\"bildnennung-beitrag\" style=\"text-align: left;\">\u00a9 ADOBE Stock<\/p>\n<\/div><\/section><br \/>\n\n<style type=\"text\/css\" data-created_by=\"avia_inline_auto\" id=\"style-css-av-jl6mo8rj-20-0a5ac640218ac986cc09276001136948\">\n#top .hr.hr-invisible.av-jl6mo8rj-20-0a5ac640218ac986cc09276001136948{\nheight:20px;\n}\n<\/style>\n<div  class='hr av-jl6mo8rj-20-0a5ac640218ac986cc09276001136948 hr-invisible  avia-builder-el-8  el_after_av_textblock  el_before_av_textblock '><span class='hr-inner '><span class=\"hr-inner-style\"><\/span><\/span><\/div><br \/>\n<section  class='av_textblock_section av-jkuubohz-21-75c91343a207bf8690976a030a515e24 '  ><div class='avia_textblock' ><p>In diesem Beitrag erfahren Sie, wie Sie Ihre Kleinen mithilfe eines Jahreszeitentisches f\u00fcr die unterschiedlichen Jahreszeiten und die mit ihnen einhergehenden Ver\u00e4nderungen sensibilisieren und wie die gemeinsame Gestaltung am besten gelingt.<\/p>\n<\/div><\/section><\/p><\/div>\n<style type=\"text\/css\" data-created_by=\"avia_inline_auto\" id=\"style-css-av-swqf9-6bb490ea0cbb171c9d159bb967226129\">\n.flex_column.av-swqf9-6bb490ea0cbb171c9d159bb967226129{\nborder-radius:0px 0px 0px 0px;\npadding:20px 20px 20px 20px;\nbackground-color:#f2f2f2;\n}\n<\/style>\n<div  class='flex_column av-swqf9-6bb490ea0cbb171c9d159bb967226129 av_three_fifth  avia-builder-el-10  el_after_av_one_full  el_before_av_two_fifth  first flex_column_div  column-top-margin'     ><style type=\"text\/css\" data-created_by=\"avia_inline_auto\" id=\"style-css-av-jkuua5r2-f1beb4b164a3aefc9a751750d41d5b8e\">\n#top .av_textblock_section.av-jkuua5r2-f1beb4b164a3aefc9a751750d41d5b8e .avia_textblock{\nfont-size:14px;\n}\n<\/style>\n<section  class='av_textblock_section av-jkuua5r2-f1beb4b164a3aefc9a751750d41d5b8e '  ><div class='avia_textblock' ><p><strong>Inhalt<\/strong><\/p>\n<p><strong><a href=\"#1\">1. Was ist ein Jahreszeitentisch?<\/a><\/strong><\/p>\n<p><strong><a href=\"#2\">2. Der Jahreszeitentisch in der Kita<\/a><\/strong><br \/>\n2.1 Wie gestaltet man einen Jahreszeitentisch?<br \/>\n2.1.1. Grundausstattung f\u00fcr den Jahreszeitentisch<br \/>\n2.1.2. Individuelle Gestaltungsm\u00f6glichkeiten<br \/>\n2.2. Was lernen Kinder durch Jahreszeitentische?<\/p>\n<p><strong><a href=\"#3\">3. Praktische Ideen f\u00fcr Jahreszeitentische nach Saison<\/a><\/strong><\/p>\n<p><strong><a href=\"#4\">4. Weitere Ideen f\u00fcr Jahreszeitentische<\/a><\/strong><\/p>\n<\/div><\/section><\/div><\/p>\n\n<style type=\"text\/css\" data-created_by=\"avia_inline_auto\" id=\"style-css-av-2532d-6e1ea05e25305745634c0a02c87dc827\">\n.flex_column.av-2532d-6e1ea05e25305745634c0a02c87dc827{\nborder-radius:0px 0px 0px 0px;\npadding:0 0 0 0;\n}\n<\/style>\n<div  class='flex_column av-2532d-6e1ea05e25305745634c0a02c87dc827 av_two_fifth  avia-builder-el-12  el_after_av_three_fifth  el_before_av_sidebar  flex_column_div av-zero-column-padding  column-top-margin'     ><\/div>\n<div  class='avia-builder-widget-area clearfix  avia-builder-el-13  el_after_av_two_fifth  el_before_av_one_full '><div id=\"text-33\" class=\"widget clearfix widget_text\">\t\t\t<div class=\"textwidget\"><p><a href=\"https:\/\/www.backwinkel.de\/nachhaltig-denken\/\" target=\"\\_blank\" rel=\"noopener\"><br \/>\n<img decoding=\"async\" class=\"werbung-desktop alignnone wp-image-4186 size-full\" src=\"https:\/\/www.backwinkel.de\/blog\/wp-content\/uploads\/2026\/04\/Backwinkel-blog-werbebanner-shop-kita-schule_desktop.jpg\" alt=\"\" width=\"1251\" height=\"201\" \/><br \/>\n<\/a><br \/>\n<a href=\"https:\/\/www.backwinkel.de\/nachhaltig-denken\/\" target=\"\\_blank\" rel=\"noopener\"><br \/>\n<img decoding=\"async\" class=\"werbung-mobile alignnone wp-image-4187 size-full\" src=\"https:\/\/www.backwinkel.de\/blog\/wp-content\/uploads\/2026\/04\/Backwinkel-blog-werbebanner-shop-kiga-schule_mobile.jpg\" alt=\"\" width=\"550\" height=\"500\" \/><br \/>\n<\/a><\/p>\n<\/div>\n\t\t<\/div><\/div>\n\n<style type=\"text\/css\" data-created_by=\"avia_inline_auto\" id=\"style-css-av-hh5al-9c53459d093ff912fcc98cf97e19d753\">\n.flex_column.av-hh5al-9c53459d093ff912fcc98cf97e19d753{\nborder-radius:0px 0px 0px 0px;\npadding:0px 0px 0px 0px;\n}\n<\/style>\n<div  class='flex_column av-hh5al-9c53459d093ff912fcc98cf97e19d753 av_one_full  avia-builder-el-14  el_after_av_sidebar  el_before_av_one_full  first flex_column_div av-zero-column-padding  '     ><section  class='av_textblock_section av-jkuul0eg-c8007ced910eec869d85a4d2f40b896b '  ><div class='avia_textblock' ><h2 id=\"1\" class=\"position\"><strong>Was ist ein Jahreszeitentisch? <\/strong><\/h2>\n<p>Ein Jahreszeitentisch ist ein gestaltendes Raumelement, das Kindern den <strong>Wechsel der Jahreszeiten<\/strong> und ihre Charakteristika veranschaulicht. Daf\u00fcr eignet sich beispielsweise ein kleines Tischchen, das je nach Saison oder auch Monat neu dekoriert wird: mit Dingen, die die Kinder selbst gesammelt oder gebastelt haben, aber auch mit Bildern und <strong>Fotos<\/strong>, <strong>B\u00fcchern<\/strong> oder kleinen Figuren.<\/p>\n<p>Wichtig ist, dass die Kinder durch den Jahreszeitentisch angeregt werden, selbst zur Gestaltung beizutragen und auch ins <strong>Gespr\u00e4ch<\/strong> zu kommen. So erleben sie die Jahreszeiten mit allen Sinnen, verinnerlichen den <strong>Rhythmus der Natur<\/strong> und verbessern ihre <strong>zeitliche Orientierung<\/strong> und Wahrnehmung.<\/p>\n<\/div><\/section><\/div>\n\n<style type=\"text\/css\" data-created_by=\"avia_inline_auto\" id=\"style-css-av-5vgein6-110eca1722cb2d5ee508fc6852af404a\">\n.flex_column.av-5vgein6-110eca1722cb2d5ee508fc6852af404a{\nborder-radius:0px 0px 0px 0px;\npadding:0px 0px 0px 0px;\n}\n<\/style>\n<div  class='flex_column av-5vgein6-110eca1722cb2d5ee508fc6852af404a av_one_full  avia-builder-el-16  el_after_av_one_full  el_before_av_one_full  first flex_column_div av-zero-column-padding  column-top-margin'     ><section  class='av_textblock_section av-ly73056a-f96e928595e24ee1d25cae643769d943 '  ><div class='avia_textblock infoboxBlue' >\n<style type=\"text\/css\" data-created_by=\"avia_inline_auto\" id=\"style-css-av-irxq5e-919e4ce30dbe918866e0082c260aa414\">\n#top .hr.hr-invisible.av-irxq5e-919e4ce30dbe918866e0082c260aa414{\nheight:20px;\n}\n<\/style>\n<div  class='hr av-irxq5e-919e4ce30dbe918866e0082c260aa414 hr-invisible  avia-builder-el-18  avia-builder-el-no-sibling '><span class='hr-inner '><span class=\"hr-inner-style\"><\/span><\/span><\/div>\n<h3 id=\"2\" class=\"position\"><strong>DER JAHRESZEITENKREIS<\/strong><\/h3>\n<p>Der Jahreszeitenkreis stammt aus der <strong>Montessori-P\u00e4dagogik<\/strong> und ist wesentlich komplexer als ein Jahreszeitentisch. Er vereint nicht nur alle vier Jahreszeiten in sich, sondern bietet auch Platz f\u00fcr jeden einzelnen Monat, was wiederum viele verschiedene Schwerpunkte erm\u00f6glicht. Somit nimmt er auch mehr Platz ein und ist dadurch ggf. weniger geeignet, ein st\u00e4ndiges Element des Gruppenraums zu sein.<\/p>\n<p>Im Zentrum des Kreises befindet sich meistens die <strong>Sonne<\/strong>, den n\u00e4chsten Kreis bilden die vier <strong>Jahreszeiten<\/strong>, der \u00e4u\u00dfere Kreis besteht aus den 12 <strong>Monaten<\/strong>. Die verschiedenen Bereiche sind farblich voneinander abgegrenzt.<\/p>\n<p>Es gibt Jahreszeitenkreise als Bastelset, aus Papier, Holz oder Filz, oft auch mit zus\u00e4tzlichen Bildkarten f\u00fcr Feste. Au\u00dferdem sind sie mit weiteren Elementen wie der <strong>Jahreskette<\/strong>, bestehend aus 365 Perlen in 12 verschiedenen Farben, kombinierbar, sodass auch die Geburtstage der Kinder und andere wichtige Ereignisse (Feiertage, Ausfl\u00fcge, Jahreszeitenanf\u00e4nge \u2026) tagesgenau markiert werden k\u00f6nnen.<\/p>\n<\/div><\/section><\/div>\n\n<style type=\"text\/css\" data-created_by=\"avia_inline_auto\" id=\"style-css-av-243svy7-ad398a517331911eb07f8233b41e32a7\">\n.flex_column.av-243svy7-ad398a517331911eb07f8233b41e32a7{\nborder-radius:0px 0px 0px 0px;\npadding:0px 0px 0px 0px;\n}\n<\/style>\n<div  class='flex_column av-243svy7-ad398a517331911eb07f8233b41e32a7 av_one_full  avia-builder-el-19  el_after_av_one_full  el_before_av_one_full  first flex_column_div av-zero-column-padding  column-top-margin'     ><section  class='av_textblock_section av-m71mztul-be2f6d506eb80cd9dd3e0c1ecca971b3 '  ><div class='avia_textblock' >\n<style type=\"text\/css\" data-created_by=\"avia_inline_auto\" id=\"style-css-av-1hecqdb-438f8aaf6804ad8f0ce4c7fe19f70d02\">\n#top .hr.hr-invisible.av-1hecqdb-438f8aaf6804ad8f0ce4c7fe19f70d02{\nheight:20px;\n}\n<\/style>\n<div  class='hr av-1hecqdb-438f8aaf6804ad8f0ce4c7fe19f70d02 hr-invisible  avia-builder-el-21  avia-builder-el-no-sibling '><span class='hr-inner '><span class=\"hr-inner-style\"><\/span><\/span><\/div>\n<h2 id=\"2\" class=\"position\"><strong>Der Jahreszeitentisch in der Kita <\/strong><\/h2>\n<p>Der <strong>Kita-Besuch ist<\/strong> f\u00fcr Kinder eine <strong>Alltagskonstante<\/strong>. Da sie einen Gro\u00dfteil ihrer Zeit in der Einrichtung und mit Ihnen zusammen verbringen, ist die Kita ein guter Rahmen, um die Kinder mit dem Jahresrhythmus vertraut zu machen, ihnen eine zeitliche Orientierung zu bieten und gemeinsam zu entdecken, inwieweit Jahreszeit und <strong>Wetter<\/strong> die Flora und Fauna beeinflussen \u2013 und nat\u00fcrlich auch uns Menschen.<\/p>\n<p>Wenn Sie bisher keinen Jahreszeitentisch gestalten, sind wir sicher, dass Sie nach diesem Beitrag richtig Lust darauf bekommen: Die Gestaltung ist nicht nur recht simpel, sondern macht auch eine Menge Spa\u00df und bietet viele <strong>Ansatzpunkte<\/strong> f\u00fcr weitere spannende <strong>Projekte<\/strong> und <strong>Experimente<\/strong>.<\/p>\n<p><strong>Wie gestaltet man einen Jahreszeitentisch? <\/strong><\/p>\n<p>Grunds\u00e4tzlich haben Sie einen bunten Blumenstrau\u00df an Gestaltungsm\u00f6glichkeiten f\u00fcr Jahreszeitentische \u2013 sowohl thematisch als auch optisch. Richtig und Falsch gibt es also nicht. Trotzdem sollten Sie einige Dinge beachten, damit Ihre Kleinen auch m\u00f6glichst viel Freude an diesem <strong>Raumelement<\/strong> haben und es aktiv nutzen k\u00f6nnen und wollen:<\/p>\n<ul>\n<li>Sichtbarkeit: Der Jahreszeitentisch sollte sich an einem Platz befinden, der f\u00fcr die Kinder leicht zug\u00e4nglich ist, ohne dass er im Alltag st\u00f6rt. Ein Ecktischchen mit eigener <strong>Beleuchtung<\/strong> oder eine breite <strong>Fensterbank<\/strong> eignen sich ideal als Standort.<\/li>\n<li>\u00dcbersichtlichkeit: \u00dcberladen Sie den Tisch nicht mit zu vielen Elementen auf einmal. Es ist sinnvoll, f\u00fcr jede Jahreszeit <strong>Schwerpunkte<\/strong> zu setzen, z. B. gemeinsame Erlebnisse und Projekte wie Waldspazierg\u00e4nge, das Anlegen eines Gartens oder das aktuelle <strong>Lieblingsbuch<\/strong>. So \u00fcberfordern Sie die Kinder nicht und k\u00f6nnen anhand der Dekoration das Erlebte noch einmal Revue passieren lassen.<\/li>\n<li>Alltagsbezug: Achten Sie darauf, dass alle Elemente f\u00fcr die Kinder <strong>verst\u00e4ndlich<\/strong> sind. Wer noch nie Weihnachten erlebt hat oder den Zyklus einer Pflanze noch nicht kennt, wird mit der Darstellung dieser Themen nicht viel anfangen k\u00f6nnen.<\/li>\n<li>Umweltfreundliche und kindgerechte Materialien: <strong>Holz<\/strong>, <strong>Stoff<\/strong>, <strong>Gesammeltes<\/strong> und <strong>Gemaltes<\/strong> sind prima f\u00fcr die Gestaltung geeignet. Bei kleinen Elementen wie Glasperlen besteht Erstickungsgefahr, und Chemikalien haben nat\u00fcrlich in der Kita nichts zu suchen. Vermeiden Sie nach M\u00f6glichkeit Kunststoff und suchen Sie gemeinsam nach Alternativen wie z. B. Salzteig oder Modelliermasse.<\/li>\n<\/ul>\n<p><strong>Grundausstattung f\u00fcr den Jahreszeitentisch <\/strong><\/p>\n<p>Bei der Grundausstattung w\u00e4hlen Sie frei, welche Variante am besten f\u00fcr Sie geeignet ist. Als Ort kommen z. B. diese M\u00f6glichkeiten infrage:<\/p>\n<ul>\n<li>ein Tisch oder Regalfach<\/li>\n<li>eine breite Fensterbank<\/li>\n<li>ein gr\u00f6\u00dferer Karton<\/li>\n<li>ein Tablett<\/li>\n<li>eine Holzplatte oder Baumscheibe<\/li>\n<li>ein Jahreszeitenhaus oder -st\u00e4nder<\/li>\n<\/ul>\n<p>F\u00fcr die Dekoration nutzen Sie am besten bunte T\u00fccher aus Naturfasern, die Sie auf dem Boden und ggf. an den W\u00e4nden drapieren. Weiterhin sind kleine Figuren praktische Elemente \u2013 sollten Sie noch keine besitzen, k\u00f6nnen Sie sie auch gemeinsam basteln oder modellieren. Wie das am besten klappt, lesen Sie \u00fcbrigens in unseren Beitr\u00e4gen <a href=\"https:\/\/www.backwinkel.de\/blog\/modellieren\/\" target=\"_blank\" rel=\"noopener\">Packen Sie es an! Inspirationen rund ums Thema Modellieren im Kindergarten<\/a> und <a href=\"https:\/\/www.backwinkel.de\/blog\/handarbeit-fuer-kinderhaende\/\" target=\"_blank\" rel=\"noopener\">Handarbeit f\u00fcr Kinderh\u00e4nde: Tolle Ideen f\u00fcr Wolle, Faden und Perlen<\/a>. Als Hintergrund ist auch ein selbst gemaltes Bild eine tolle Idee \u2013 oder auch Hintergrundbilder eines <a href=\"https:\/\/www.backwinkel.de\/prod\/kamishibai-bildkarten-die-jahreszeiten-erleben-mit-emma-und-paul.html\" target=\"_blank\" rel=\"noopener\">Kamishibais<\/a>.<\/p>\n<\/div><\/section><\/div>\n\n<style type=\"text\/css\" data-created_by=\"avia_inline_auto\" id=\"style-css-av-6c4yhyy-320374f553dc7dedada2a21c3948598c\">\n.flex_column.av-6c4yhyy-320374f553dc7dedada2a21c3948598c{\nborder-radius:0px 0px 0px 0px;\npadding:0px 0px 0px 0px;\n}\n<\/style>\n<div  class='flex_column av-6c4yhyy-320374f553dc7dedada2a21c3948598c av_one_full  avia-builder-el-22  el_after_av_one_full  el_before_av_one_full  first flex_column_div av-zero-column-padding  column-top-margin'     ><section  class='av_textblock_section av-m910eih8-e41d87fbde8533a200de27ca1b441d67 '  ><div class='avia_textblock infoboxGreen' ><p><strong>Tipp<\/strong>: Einzelne Elemente k\u00f6nnen auch <strong>jahreszeiten\u00fcbergreifend<\/strong> Teil der Gestaltung sein. Wenn Sie z. B. einen sch\u00f6nen, stabilen <strong>Zweig<\/strong> finden, dekorieren die Kinder ihn passend zu den Ver\u00e4nderungen, die sie in der Natur beobachten, mit <strong>Knospen<\/strong>, <strong>Bl\u00e4ttern<\/strong> und <strong>Fr\u00fcchten<\/strong>, bis er im Winter ganz kahl ist. Auch eine <strong>Figur<\/strong> aus Filz oder Holz, die je nach Jahreszeit die <strong>Kleidung<\/strong> und <strong>Aktivit\u00e4t<\/strong> wechselt, ist eine ansprechende Variante, die zum Erz\u00e4hlen und Erfinden einl\u00e4dt. Oder Sie begleiten ein <strong>Eichh\u00f6rnchen<\/strong> durch das Jahr: von der <strong>Partnersuche<\/strong> im Fr\u00fchling \u00fcber die <strong>Aufzucht des Nachwuchses<\/strong> bis hin zum <strong>Verstecken der Nahrung<\/strong> und der <strong>Winterruhe<\/strong>.<\/p>\n<\/div><\/section><\/div>\n\n<style type=\"text\/css\" data-created_by=\"avia_inline_auto\" id=\"style-css-av-5yq1t7e-c416165d1c6b68f5ac58ad29cf9d4c3c\">\n.flex_column.av-5yq1t7e-c416165d1c6b68f5ac58ad29cf9d4c3c{\nborder-radius:0px 0px 0px 0px;\npadding:0px 0px 0px 0px;\n}\n<\/style>\n<div  class='flex_column av-5yq1t7e-c416165d1c6b68f5ac58ad29cf9d4c3c av_one_full  avia-builder-el-24  el_after_av_one_full  el_before_av_one_full  first flex_column_div av-zero-column-padding  column-top-margin'     ><section  class='av_textblock_section av-m910ezpv-8a4c7f129c43899082060cd8ce96deba '  ><div class='avia_textblock' >\n<style type=\"text\/css\" data-created_by=\"avia_inline_auto\" id=\"style-css-av-5fv7d96-702ca362f81f511c88a70c39eecb1634\">\n#top .hr.hr-invisible.av-5fv7d96-702ca362f81f511c88a70c39eecb1634{\nheight:20px;\n}\n<\/style>\n<div  class='hr av-5fv7d96-702ca362f81f511c88a70c39eecb1634 hr-invisible  avia-builder-el-26  avia-builder-el-no-sibling '><span class='hr-inner '><span class=\"hr-inner-style\"><\/span><\/span><\/div>\n<p><strong>Jahreszeitenkreise als Erg\u00e4nzung zum Thementisch <\/strong><\/p>\n<p>Wenn Sie (zus\u00e4tzlich) auch die einzelnen Monate darstellen wollen, finden Sie in unserem Onlineshop optimales Material. Anhand der Direktverlinkung k\u00f6nnen Sie sich im Handumdrehen ein Bild machen.<\/p>\n<p>Eine <a href=\"https:\/\/www.backwinkel.de\/prod\/regenbogen-filzmatte.html\" target=\"_blank\" rel=\"noopener\">Regenbogenmatte aus Filz<\/a> ist die einfachste Alternative, zumal Sie diese auch noch mit weiteren Elementen wie K\u00e4rtchen oder Glassteinen erg\u00e4nzen k\u00f6nnen. Das <a href=\"https:\/\/www.backwinkel.de\/prod\/regenbogen-filzmatte-set.html\" target=\"_blank\" rel=\"noopener\">Regenbogen-Filzmatte-Set<\/a> liefert Ihnen auch gleich farbig passende Schmucksteine und bunte Blumen, mit denen Ihre Kinder die <strong>Farbwahrnehmung<\/strong> verbessern.<\/p>\n<p>Auch ein <a href=\"https:\/\/www.backwinkel.de\/prod\/jahreszeitenkreis-aus-buche.html\" target=\"_blank\" rel=\"noopener\">Jahreszeitenkreis<\/a> aus Holz ist eine minimalistische Variante, um nicht nur das Datum und die Monate darzustellen, sondern auch jeder Saison ihre typischen Merkmale zuzuordnen.<\/p>\n<p><strong>Individuelle Gestaltungsm\u00f6glichkeiten<\/strong><\/p>\n<p>Auch hier ist alles erlaubt, was gef\u00e4llt. Wenn Sie es solider m\u00f6gen, eignen sich Gegenst\u00e4nde aus Holz, z. B. mit aufgedruckten Bildern, oder von den Kindern <strong>bemalte Steine<\/strong>. Wird der Jahreszeitentisch von den Kindern nur angesehen und nicht angefasst, brauchen Sie weniger Vorsicht walten lassen.<\/p>\n<p>Sch\u00f6ne Elemente f\u00fcr die Gestaltung des Jahreszeitentisches bietet BACKWINKEL Ihnen \u00fcbrigens mit den Produkten GRIMM\u2019S, z. B. das <a href=\"https:\/\/www.backwinkel.de\/prod\/grimms-wasserwelle.html\" target=\"_blank\" rel=\"noopener\">sechsteilige Wasserwellen-Set<\/a> oder die <a href=\"https:\/\/www.backwinkel.de\/prod\/grimms-gruene-mooskiesel.html\" target=\"_blank\" rel=\"noopener\">vier gr\u00fcnen Mooskiesel<\/a>.<\/p>\n<p>Besonders sch\u00f6n sind nat\u00fcrlich von den Kindern gefundene <strong>Sch\u00e4tze der Natur<\/strong> wie Schneckenh\u00e4user, Muscheln oder Kastanien. Kleine <strong>Sch\u00e4lchen<\/strong> oder <strong>Gl\u00e4ser<\/strong> eignen sich hervorragend, um das Gesammelte auf dem Tisch zu pr\u00e4sentieren.<\/p>\n<p>Wenn Sie die M\u00f6glichkeit haben, regelm\u00e4\u00dfige <strong>Ausfl\u00fcge in die Natur <\/strong>zu unternehmen, werden Ihre Kleinen viele spannende Entdeckungen machen und entweder flei\u00dfig sammeln oder das Gesehene anschlie\u00dfend malen oder basteln. In unserem Beitrag <a href=\"https:\/\/www.backwinkel.de\/blog\/ausfluege-kita\/\" target=\"_blank\" rel=\"noopener\">Ausfl\u00fcge mit Kita-Kindern: So gestalten Sie Naturtage rechtssicher<\/a> finden Sie hilfreiche Tipps f\u00fcr gelungene Exkursionen.<\/p>\n<p>Mithilfe einer <strong>Schnur<\/strong> und kleiner <strong>Klammern<\/strong> k\u00f6nnen Sie <strong>Fotos<\/strong>, Bilder, Bl\u00e4tter, <strong>Federn<\/strong> oder sch\u00f6ne<strong> Motive aus Zeitschriften <\/strong>befestigen und auf dem Jahreszeitentisch aufh\u00e4ngen. Auch <strong>Pflanzt\u00f6pfchen<\/strong> im Miniaturformat sind dekorativ und bieten den Kindern wertvolle Lernerfahrungen \u2013 oder Sie bepflanzen direkt ein kleines <strong>Gew\u00e4chshaus<\/strong> je nach Saison.<\/p>\n<\/div><\/section><\/div>\n\n<style type=\"text\/css\" data-created_by=\"avia_inline_auto\" id=\"style-css-av-4y077x6-1a26042d7c8656655e8590f6505439b9\">\n.flex_column.av-4y077x6-1a26042d7c8656655e8590f6505439b9{\nborder-radius:0px 0px 0px 0px;\npadding:0px 0px 0px 0px;\n}\n<\/style>\n<div  class='flex_column av-4y077x6-1a26042d7c8656655e8590f6505439b9 av_one_full  avia-builder-el-27  el_after_av_one_full  el_before_av_one_full  first flex_column_div av-zero-column-padding  column-top-margin'     ><section  class='av_textblock_section av-m910fb6c-11e87edf0e72a89495bdd3a3b1646c8b '  ><div class='avia_textblock infoboxGreen' ><p><strong>Tipp<\/strong>: Wenn Sie <strong>jahreszeitenbezogene Projekte<\/strong> wie den Bau eines Insektenhotels umsetzen, k\u00f6nnen Sie diese in die Gestaltung des Tisches einbeziehen: Entweder zu Beginn des Projektes mit der Darstellung des bereits erworbenen Wissens und offener Fragen oder auch <strong>projektbegleitend<\/strong>, indem Sie neue Erfahrungen und Erkenntnisse darstellen. Auch im n\u00e4chsten Jahr k\u00f6nnen Sie das Thema dann noch einmal r\u00fcckblickend aufgreifen.<\/p>\n<\/div><\/section><\/div>\n\n<style type=\"text\/css\" data-created_by=\"avia_inline_auto\" id=\"style-css-av-g32jga-9d8c9248b6471dfaf5a695896939a5c3\">\n.flex_column.av-g32jga-9d8c9248b6471dfaf5a695896939a5c3{\nborder-radius:0px 0px 0px 0px;\npadding:0px 0px 0px 0px;\n}\n<\/style>\n<div  class='flex_column av-g32jga-9d8c9248b6471dfaf5a695896939a5c3 av_one_full  avia-builder-el-29  el_after_av_one_full  el_before_av_one_full  first flex_column_div av-zero-column-padding  column-top-margin'     ><section  class='av_textblock_section av-m910ftnp-d3cf3355f6125e58d3a9a6cabe69af21 '  ><div class='avia_textblock' >\n<style type=\"text\/css\" data-created_by=\"avia_inline_auto\" id=\"style-css-av-3uezs0q-0cce9fc9ec1d3a388742c7b69c3a5e84\">\n#top .hr.hr-invisible.av-3uezs0q-0cce9fc9ec1d3a388742c7b69c3a5e84{\nheight:20px;\n}\n<\/style>\n<div  class='hr av-3uezs0q-0cce9fc9ec1d3a388742c7b69c3a5e84 hr-invisible  avia-builder-el-31  avia-builder-el-no-sibling '><span class='hr-inner '><span class=\"hr-inner-style\"><\/span><\/span><\/div>\n<p>Wenn Sie an dieser Stelle etwas Gr\u00f6\u00dferes planen, empfehlen wir z. B. das <strong>Imkern<\/strong> mit Ihren Kindern:<\/p>\n<p>\u201eUnd auch der Jahresrhythmus mit allen saisonalen Unterschieden l\u00e4sst sich gut anhand eines Bienenvolks verfolgen: Wenn die Bienen fliegen, ist der Fr\u00fchling gekommen. Wenn der Honig fertig ist, haben wir Sommer. Wenn weniger Bienen fliegen, wird es Herbst. Und wenn man keine Bienen mehr fliegen sieht, ist es Winter, denn dann sind alle drinnen und kuscheln.\u201c \u2013 Sebastian, p\u00e4dagogische Fachkraft<\/p>\n<p>Das komplette Interview lesen Sie in unserem Beitrag <a href=\"https:\/\/www.backwinkel.de\/blog\/kita-garten\/#4\" target=\"_blank\" rel=\"noopener\">Ein Garten f\u00fcr den Kindergarten: So machen Sie Ihre Kinder zu kleinen G\u00e4rtnern<\/a> \u2013 Tipps zum Bau eines <strong>Insektenhotels<\/strong> inklusive.<\/p>\n<p><strong>Was lernen Kinder durch Jahreszeitentische? <\/strong><\/p>\n<p>Jahreszeitentische bieten viele Anregungen und Anreize, damit die Kinder sich aktiv mit dem Wechsel der Jahreszeiten auseinandersetzen (Ver\u00e4nderungen in der Natur, Feste usw.). Davon abgesehen lernen sie auch noch eine Menge anderer Dinge:<\/p>\n<ul>\n<li><strong>Hand-Auge-Koordination<\/strong> und <strong>Feinmotorik<\/strong> beim gemeinsamen Umgestalten<\/li>\n<li><strong>Fantasie<\/strong> und <strong>Kreativit\u00e4t<\/strong> beim Entwickeln der Dekoration<\/li>\n<li>verbesserte <strong>Wahrnehmung<\/strong> durch sensorische Erfahrungen<\/li>\n<li><strong>soziale Interaktion<\/strong> durch gemeinsames Gestalten und den Austausch dar\u00fcber<\/li>\n<li>F\u00f6rderung der <strong>Farb- und Formwahrnehmung<\/strong><\/li>\n<\/ul>\n<\/div><\/section><\/div>\n\n<style type=\"text\/css\" data-created_by=\"avia_inline_auto\" id=\"style-css-av-2wlt6vu-3570704dc924868f1e3cced162dcddbb\">\n.flex_column.av-2wlt6vu-3570704dc924868f1e3cced162dcddbb{\nborder-radius:0px 0px 0px 0px;\npadding:0px 0px 0px 0px;\n}\n<\/style>\n<div  class='flex_column av-2wlt6vu-3570704dc924868f1e3cced162dcddbb av_one_full  avia-builder-el-32  el_after_av_one_full  el_before_av_one_full  first flex_column_div av-zero-column-padding  column-top-margin'     ><section  class='av_textblock_section av-m910gzg0-d536787c42adf317f797a76370e4198f '  ><div class='avia_textblock' >\n<style type=\"text\/css\" data-created_by=\"avia_inline_auto\" id=\"style-css-av-2e2gewq-e444edffd2a14b7dcea9f762de5e4bfb\">\n#top .hr.hr-invisible.av-2e2gewq-e444edffd2a14b7dcea9f762de5e4bfb{\nheight:20px;\n}\n<\/style>\n<div  class='hr av-2e2gewq-e444edffd2a14b7dcea9f762de5e4bfb hr-invisible  avia-builder-el-34  avia-builder-el-no-sibling '><span class='hr-inner '><span class=\"hr-inner-style\"><\/span><\/span><\/div>\n<h2 id=\"3\" class=\"position\"><strong>Praktische Ideen f\u00fcr Jahreszeitentische nach Saison <\/strong><\/h2>\n<p>Wenn Sie sich f\u00fcr einen Jahreszeitentisch entscheiden, der<strong> viermal j\u00e4hrlich <\/strong>sein Aussehen \u00e4ndern soll, bietet es sich an, f\u00fcr die Umgestaltung <strong>feste Tage<\/strong> einzuplanen, z. B. den 20. M\u00e4rz f\u00fcr die <strong>Fr\u00fchlings-Tagundnachtgleiche<\/strong>. Eine Woche zuvor k\u00f6nnen Sie mit den Kindern bereits \u00fcberlegen, wie die Fr\u00fchlingsdekoration aussehen soll:<\/p>\n<ul>\n<li>Was verbinden die Kinder mit der kommenden Jahreszeit?<\/li>\n<li>M\u00f6chten die Kinder noch etwas malen, basteln oder sammeln?<\/li>\n<li>Planen Sie ein saisonales Projekt, das in die Gestaltung einflie\u00dfen kann?<\/li>\n<li>Soll die Dekoration ein bestimmtes Thema haben, z. B. Ern\u00e4hrung, Ostern oder Wald?<\/li>\n<\/ul>\n<p>Durch ein wenig <strong>Vorlauf<\/strong> und <strong>Planung<\/strong> stellen Ihre Kleinen sich besser auf die anstehende Ver\u00e4nderung ein, was nat\u00fcrlich auch f\u00f6rderlich f\u00fcr die zeitliche Orientierung und die <strong>Entwicklung von<\/strong> <strong>Ritualen<\/strong> ist.<\/p>\n<\/div><\/section><\/div>\n\n<style type=\"text\/css\" data-created_by=\"avia_inline_auto\" id=\"style-css-av-1x3ayfu-ad1baec195c5e2a0b6285826be122fab\">\n.flex_column.av-1x3ayfu-ad1baec195c5e2a0b6285826be122fab{\nborder-radius:0px 0px 0px 0px;\npadding:0px 0px 0px 0px;\n}\n<\/style>\n<div  class='flex_column av-1x3ayfu-ad1baec195c5e2a0b6285826be122fab av_one_full  avia-builder-el-35  el_after_av_one_full  el_before_av_one_full  first flex_column_div av-zero-column-padding  column-top-margin'     ><section  class='av_textblock_section av-m910hcbh-1f5b96769a4822f24967fa8749d08454 '  ><div class='avia_textblock infoboxGreen' ><p><strong>Tipp<\/strong>: Es ist spannend, die Kinder nach ihren Assoziationen und Erlebnissen zu fragen. Im Gegensatz zu \u00e4lteren Generationen kennen J\u00fcngere z. B. keinen winterlich zugefrorenen See mehr oder erleben durch ihren <strong>Migrationshintergrund<\/strong> deutsche Jahreszeiten anders als in ihrer Heimat. Auch Feiertage und Feste unterscheiden sich je nach <strong>kulturellem Hintergrund<\/strong>. All das sind perfekte Anl\u00e4sse, um ins Gespr\u00e4ch zu kommen und von- und \u00fcbereinander zu lernen.<\/p>\n<\/div><\/section><\/div>\n\n<style type=\"text\/css\" data-created_by=\"avia_inline_auto\" id=\"style-css-av-1rj9b6i-55b5edf16b234bb7f68544cba65384a2\">\n.flex_column.av-1rj9b6i-55b5edf16b234bb7f68544cba65384a2{\nborder-radius:0px 0px 0px 0px;\npadding:0px 0px 0px 0px;\n}\n<\/style>\n<div  class='flex_column av-1rj9b6i-55b5edf16b234bb7f68544cba65384a2 av_one_full  avia-builder-el-37  el_after_av_one_full  el_before_av_one_full  first flex_column_div av-zero-column-padding  column-top-margin'     ><section  class='av_textblock_section av-m910hw42-241ea1600b8cbcaf85709f1747c84fcc '  ><div class='avia_textblock' >\n<style type=\"text\/css\" data-created_by=\"avia_inline_auto\" id=\"style-css-av-19efid6-605ee9e540543516d450a9568509bbf8\">\n#top .hr.hr-invisible.av-19efid6-605ee9e540543516d450a9568509bbf8{\nheight:20px;\n}\n<\/style>\n<div  class='hr av-19efid6-605ee9e540543516d450a9568509bbf8 hr-invisible  avia-builder-el-39  avia-builder-el-no-sibling '><span class='hr-inner '><span class=\"hr-inner-style\"><\/span><\/span><\/div>\n<p><strong>Nur gucken, nicht anfassen? <\/strong><\/p>\n<p>Ob der Jahreszeitentisch nach der gemeinsamen (Um-)Gestaltung nur bewundert, aber nicht bespielt werden soll, k\u00f6nnen Sie individuell entscheiden. Besteht er z. B. aus gr\u00f6\u00dferen, unempfindlichen Elementen wie <strong>Holzfiguren<\/strong> und <strong>Tannenzapfen<\/strong>, spricht nichts dagegen, wenn die Kinder ihn f\u00fcr ein kleines <strong>Theaterst\u00fcck<\/strong> oder Rollenspiel nutzen.<\/p>\n<p>Dekorieren Sie mit gepressten Bl\u00fcten und Glitzer, ist das Bestaunen aus der Ferne vielleicht die bessere Alternative. \u00dcberlegen Sie nach der Fertigstellung zusammen mit den Kindern, ob die aktuelle Gestaltung zum Spielen geeignet ist \u2013 oder treffen Sie im Vorfeld die Entscheidung einmalig f\u00fcr alle Jahreszeiten, sodass die Kinder dies auch bei ihren Ideen f\u00fcr die Gestaltung ber\u00fccksichtigen.<\/p>\n<\/div><\/section><\/div>\n\n<style type=\"text\/css\" data-created_by=\"avia_inline_auto\" id=\"style-css-av-1gh4r1b-a6851741d3dec5dbc59d4da4d6e988e3\">\n.flex_column.av-1gh4r1b-a6851741d3dec5dbc59d4da4d6e988e3{\nborder-radius:0px 0px 0px 0px;\npadding:0px 0px 0px 0px;\n}\n<\/style>\n<div  class='flex_column av-1gh4r1b-a6851741d3dec5dbc59d4da4d6e988e3 av_one_full  avia-builder-el-40  el_after_av_one_full  el_before_av_one_full  first flex_column_div av-zero-column-padding  column-top-margin'     ><section  class='av_textblock_section av-maf4mcha-b92709edf62fbfc1844877b5116e24a8 '  ><div class='avia_textblock infoboxGreen' ><p><strong>Tipp<\/strong>: Falls es Ihren Kindern schwerf\u00e4llt, den Jahreszeitentisch nicht anzufassen, kann die Unterbringung in einer <strong>Vitrine<\/strong> eine gute L\u00f6sung sein.<\/p>\n<\/div><\/section><\/div>\n\n<style type=\"text\/css\" data-created_by=\"avia_inline_auto\" id=\"style-css-av-savg0q-b6378d251b0f184dae2b7fa7e5d6f903\">\n.flex_column.av-savg0q-b6378d251b0f184dae2b7fa7e5d6f903{\nborder-radius:0px 0px 0px 0px;\npadding:0px 0px 0px 0px;\n}\n<\/style>\n<div  class='flex_column av-savg0q-b6378d251b0f184dae2b7fa7e5d6f903 av_one_full  avia-builder-el-42  el_after_av_one_full  el_before_av_one_full  first flex_column_div av-zero-column-padding  column-top-margin'     ><section  class='av_textblock_section av-m910i94w-5f9fdf9fadd461c8cad55dfe49740456 '  ><div class='avia_textblock infoboxBlue' ><p><strong>DER ERWEITERTE JAHRESZEITENTISCH<\/strong><\/p>\n<p>Ein toller Kompromiss zwischen Bestaunen und Bespielen ist die Erg\u00e4nzung eines erweiterten Jahreszeitentischs, z. B. auf einem <strong>Regalbrett<\/strong> in der N\u00e4he oder in einem <strong>Schuhkarton<\/strong>.<\/p>\n<p>Je nach Jahreszeit \u00e4ndern sich auch hier die (meisten) Materialien. M\u00f6gliche Ideen sind:<\/p>\n<ul>\n<li>(Bilder-)B\u00fccher und Spiele, z. B. <a href=\"https:\/\/www.backwinkel.de\/prod\/rund-um-den-kalender.html\" target=\"_blank\" rel=\"noopener\">Rund um den Kalender<\/a> oder das <a href=\"https:\/\/www.backwinkel.de\/prod\/lagenpuzzle-4-jahreszeiten.html\" target=\"_blank\" rel=\"noopener\">Lagenpuzzle 4 Jahreszeiten<\/a><\/li>\n<li>Bildkarten mit saisonalen Rezepten zum Nachkochen<\/li>\n<li>(selbst gemachte) F\u00fchls\u00e4ckchen<\/li>\n<li>Schraubgl\u00e4ser mit duftenden Dingen (\u00d6le, Bl\u00fcten)<\/li>\n<li>Schraubgl\u00e4ser mit gesammelten Natursch\u00e4tzen<\/li>\n<\/ul>\n<p>So bleibt der Jahreszeitentisch unber\u00fchrt, w\u00e4hrend die Kinder sich mit Aktivit\u00e4ten rund um die Jahreszeiten besch\u00e4ftigen und Neues entdecken.<\/p>\n<\/div><\/section><\/div>\n\n<style type=\"text\/css\" data-created_by=\"avia_inline_auto\" id=\"style-css-av-2s1673-f4f861604851ddde5121d68e4a6701f5\">\n.flex_column.av-2s1673-f4f861604851ddde5121d68e4a6701f5{\nborder-radius:0px 0px 0px 0px;\npadding:0px 0px 0px 0px;\n}\n<\/style>\n<div  class='flex_column av-2s1673-f4f861604851ddde5121d68e4a6701f5 av_one_full  avia-builder-el-44  el_after_av_one_full  el_before_av_one_full  first flex_column_div av-zero-column-padding  column-top-margin'     ><section  class='av_textblock_section av-mafh23ct-bf9ab428f6a8f53642f62951562514e8 '  ><div class='avia_textblock' ><p><img decoding=\"async\" class=\"alignnone wp-image-16317 \" src=\"https:\/\/blog.backwinkel.de\/wp-content\/uploads\/2025\/05\/Jahreszeitentisch_BLOG-1.jpg\" alt=\"\" width=\"841\" height=\"595\" srcset=\"https:\/\/www.backwinkel.de\/blog\/wp-content\/uploads\/2025\/05\/Jahreszeitentisch_BLOG-1.jpg 3508w, https:\/\/www.backwinkel.de\/blog\/wp-content\/uploads\/2025\/05\/Jahreszeitentisch_BLOG-1-1536x1086.jpg 1536w\" sizes=\"(max-width: 841px) 100vw, 841px\" \/><\/p>\n<\/div><\/section><\/div>\n\n<style type=\"text\/css\" data-created_by=\"avia_inline_auto\" id=\"style-css-av-12t8f1b-db35e9cb53829fab395eedf171578f99\">\n.flex_column.av-12t8f1b-db35e9cb53829fab395eedf171578f99{\nborder-radius:0px 0px 0px 0px;\npadding:0px 0px 0px 0px;\n}\n<\/style>\n<div  class='flex_column av-12t8f1b-db35e9cb53829fab395eedf171578f99 av_one_full  avia-builder-el-46  el_after_av_one_full  el_before_av_one_third  first flex_column_div av-zero-column-padding  column-top-margin'     ><section  class='av_textblock_section av-maf4oswm-74cb571b3dbc9c89ea095446bbb21baf '  ><div class='avia_textblock' >\n<style type=\"text\/css\" data-created_by=\"avia_inline_auto\" id=\"style-css-av-25gudb-37bd2873fa9c79047de90c6f2c8511bf\">\n#top .hr.hr-invisible.av-25gudb-37bd2873fa9c79047de90c6f2c8511bf{\nheight:20px;\n}\n<\/style>\n<div  class='hr av-25gudb-37bd2873fa9c79047de90c6f2c8511bf hr-invisible  avia-builder-el-48  avia-builder-el-no-sibling '><span class='hr-inner '><span class=\"hr-inner-style\"><\/span><\/span><\/div>\n<h2 id=\"4\" class=\"position\"><strong>Weitere Ideen f\u00fcr Jahreszeitentische <\/strong><\/h2>\n<p>Je nachdem, wie die Grundidee Ihres Jahreszeitentisches ausf\u00e4llt, k\u00f6nnen Sie ihn beliebig erweitern und thematisch variieren. Ein paar Ideen haben wir hier f\u00fcr Sie gesammelt \u2013 und bestimmt haben Sie und Ihre Kinder noch einige mehr.<\/p>\n<ul>\n<li>Inspiration durch B\u00fccher und M\u00e4rchen<\/li>\n<\/ul>\n<p>Die kleine Raupe Nimmersatt von Eric Carle, Frederick von Leo Lionni, Frau Holle und viele weitere Geschichten und B\u00fccher laden dazu ein, die Jahreszeiten zu entdecken. Auch Wimmel- und R\u00e4tselb\u00fccher gibt es zuhauf, in unserem Onlineshop finden Sie auch das <a href=\"https:\/\/www.backwinkel.de\/prod\/sach-und-mach-buch-6er-set.html\" target=\"_blank\" rel=\"noopener\">Sach- und Mach-Buch im 6er-Set<\/a>.<\/p>\n<ul>\n<li>thematisch passende Lieder<\/li>\n<\/ul>\n<p>\u201eIm M\u00e4rzen der Bauer \u2026\u201c, \u201eIch lieb\u2019 den Fr\u00fchling\u201c oder \u201eBunt sind schon die W\u00e4lder\u201c \u2013 Haben Sie es auch direkt im Ohr?<\/p>\n<p>Zu jeder Jahreszeit gibt es wundervolle Lieder, die vor dem inneren Auge bunte Bilder hervorrufen und Lust auf mehr machen. H\u00f6ren Sie also gemeinsam Musik, singen und tanzen Sie \u2013 und anschlie\u00dfend haben die Kinder bestimmt Lust, ihre Eindr\u00fccke zu malen, etwas zu basteln oder den nahegelegenen Park unsicher zu machen, um Blumen oder bunte Bl\u00e4tter zu sammeln. Auf Youtube finden sie eine <a href=\"https:\/\/music.youtube.com\/watch?v=282aLxQ8YtE&amp;list=OLAK5uy_m_j2YogDOlLNrdAe6x41Xs1UQst5AfaLc\" target=\"_blank\" rel=\"noopener\">Playlist<\/a> mit 30 Liedern zum Einstieg.<\/p>\n<ul>\n<li>Feste und Feiertage<\/li>\n<\/ul>\n<p>Auch Feste und Feiertage liefern viele Inspirationen f\u00fcr die Gestaltung eines Jahreszeitentischs. Dabei sollten Sie sich nicht nur auf die Feiertage einer <strong>Glaubensrichtung<\/strong> beschr\u00e4nken, sondern mit Ihren Kindern ins Gespr\u00e4ch kommen und die Gelegenheit nutzen, um ihnen <strong>interkulturelle Kompetenz<\/strong> zu vermitteln.<\/p>\n<p>Mehr dazu finden Sie z. B. in unseren Beitr\u00e4gen <a href=\"https:\/\/www.backwinkel.de\/blog\/lichterfeste-der-kulturen\/\" target=\"_blank\" rel=\"noopener\">Lichterfeste der Kulturen: Hanukkah, Diwali, Weihnachten<\/a> sowie <a href=\"https:\/\/www.backwinkel.de\/blog\/traditionen-im-herbst\/\" target=\"_blank\" rel=\"noopener\">Traditionen im Herbst. Erntedank, Martinisingen und Basteltipps<\/a>.<\/p>\n<p><strong>Erntedankfeste<\/strong> gab es \u00fcbrigens schon vor Christus und das Judentum kennt sogar zwei Erntedankfeste. Regional gibt es viele Unterschiede, und auch die Hintergr\u00fcnde des Festes sind spannend \u2013 warum war eine gute Ernte fr\u00fcher so wichtig, und warum ist sie es heute immer noch? Wovon h\u00e4ngt ab, ob die Ernte gut oder schlecht ist? Und schon sind Sie mittendrin in spannenden Fragen zu <strong>Klima<\/strong>, <strong>Geschichte<\/strong>, <strong>Religion<\/strong> und <strong>Ern\u00e4hrung<\/strong>.<\/p>\n<p>Einen <strong>Erntedanktisch<\/strong> gestalten Ihre Kleinen aber auch ohne das ganze Hintergrundwissen. Falls Sie mehr wissen wollen, lesen Sie gern unseren Beitrag <a href=\"https:\/\/www.backwinkel.de\/blog\/klimabewusst-essen\/\" target=\"_blank\" rel=\"noopener\">Klimabewusstsein und Globalisierung: Woher kommt eigentlich unser Essen?<\/a><\/p>\n<\/div><\/section><\/div>\n<div class='flex_column_table av-4hnjxtg-da049fbc04ec8ddb6acdfe94ef457107 sc-av_one_third av-equal-height-column-flextable'>\n<style type=\"text\/css\" data-created_by=\"avia_inline_auto\" id=\"style-css-av-4hnjxtg-da049fbc04ec8ddb6acdfe94ef457107\">\n.flex_column.av-4hnjxtg-da049fbc04ec8ddb6acdfe94ef457107{\nborder-width:1px;\nborder-color:#ebebeb;\nborder-style:solid;\nborder-radius:0px 0px 0px 0px;\npadding:10px 10px 10px 10px;\n}\n<\/style>\n<div  class='flex_column av-4hnjxtg-da049fbc04ec8ddb6acdfe94ef457107 av_one_third  avia-builder-el-49  el_after_av_one_full  el_before_av_one_third  first flex_column_table_cell av-equal-height-column av-align-top  column-top-margin'     ><p><section  class='av_textblock_section av-m5p1czus-5fb14119c1a275fa887a3c102c29e360 '  ><div class='avia_textblock' ><p><img decoding=\"async\" class=\"alignnone wp-image-16299 size-full\" src=\"https:\/\/blog.backwinkel.de\/wp-content\/uploads\/2025\/05\/55373_filzkreis-jahreskreis.jpg\" alt=\"\" width=\"700\" height=\"700\" srcset=\"https:\/\/www.backwinkel.de\/blog\/wp-content\/uploads\/2025\/05\/55373_filzkreis-jahreskreis.jpg 700w, https:\/\/www.backwinkel.de\/blog\/wp-content\/uploads\/2025\/05\/55373_filzkreis-jahreskreis-36x36.jpg 36w, https:\/\/www.backwinkel.de\/blog\/wp-content\/uploads\/2025\/05\/55373_filzkreis-jahreskreis-180x180.jpg 180w\" sizes=\"(max-width: 700px) 100vw, 700px\" \/><\/p>\n<p style=\"font-size: 20px; font-family: urw_grotesk_extra_narrowrg; text-align: left;\">Regenbogen Filzmatte<\/p>\n<p style=\"text-align: left;\"><div  class='avia-button-wrap av-3tobjtg-7-bf47401fec54d4870a5fd8d8e6c8163c-wrap avia-button-center  avia-builder-el-51  avia-builder-el-no-sibling '><a href='https:\/\/www.backwinkel.de\/prod\/regenbogen-filzmatte-150-cm.html'  class='avia-button av-3tobjtg-7-bf47401fec54d4870a5fd8d8e6c8163c av-link-btn avia-icon_select-no avia-size-medium avia-position-center avia-color-theme-color'  target=\"_blank\"  rel=\"noopener noreferrer\"  aria-label=\"zum Produkt\"><span class='avia_iconbox_title' >zum Produkt<\/span><\/a><\/div><\/p>\n<\/div><\/section><br \/>\n\n<style type=\"text\/css\" data-created_by=\"avia_inline_auto\" id=\"style-css-av-3d6jy7o-dc8e8f1fc0f2fda9432f2d568a218226\">\n#top .hr.hr-invisible.av-3d6jy7o-dc8e8f1fc0f2fda9432f2d568a218226{\nheight:20px;\n}\n<\/style>\n<div  class='hr av-3d6jy7o-dc8e8f1fc0f2fda9432f2d568a218226 hr-invisible  avia-builder-el-52  el_after_av_textblock  avia-builder-el-last '><span class='hr-inner '><span class=\"hr-inner-style\"><\/span><\/span><\/div><\/p><\/div>\n<div class='av-flex-placeholder'><\/div>\n<style type=\"text\/css\" data-created_by=\"avia_inline_auto\" id=\"style-css-av-33ozkgk-b90c71d5894459128acf98d297958fb9\">\n.flex_column.av-33ozkgk-b90c71d5894459128acf98d297958fb9{\nborder-width:1px;\nborder-color:#ebebeb;\nborder-style:solid;\nborder-radius:0px 0px 0px 0px;\npadding:10px 10px 10px 10px;\n}\n<\/style>\n<div  class='flex_column av-33ozkgk-b90c71d5894459128acf98d297958fb9 av_one_third  avia-builder-el-53  el_after_av_one_third  el_before_av_one_third  flex_column_table_cell av-equal-height-column av-align-top  column-top-margin'     ><p><section  class='av_textblock_section av-m5p1hu5k-4ab4993477b268c382f10df6af263d0a '  ><div class='avia_textblock' ><p><img decoding=\"async\" class=\"alignnone wp-image-16300 \" src=\"https:\/\/blog.backwinkel.de\/wp-content\/uploads\/2025\/05\/30054-jahreszeitenkreis-buche-4.jpg\" alt=\"\" width=\"638\" height=\"638\" srcset=\"https:\/\/www.backwinkel.de\/blog\/wp-content\/uploads\/2025\/05\/30054-jahreszeitenkreis-buche-4.jpg 2048w, https:\/\/www.backwinkel.de\/blog\/wp-content\/uploads\/2025\/05\/30054-jahreszeitenkreis-buche-4-1536x1536.jpg 1536w, https:\/\/www.backwinkel.de\/blog\/wp-content\/uploads\/2025\/05\/30054-jahreszeitenkreis-buche-4-36x36.jpg 36w, https:\/\/www.backwinkel.de\/blog\/wp-content\/uploads\/2025\/05\/30054-jahreszeitenkreis-buche-4-180x180.jpg 180w\" sizes=\"(max-width: 638px) 100vw, 638px\" \/><\/p>\n<p style=\"font-size: 20px; font-family: urw_grotesk_extra_narrowrg; text-align: left;\">Jahreszeitenkreis aus Buche<\/p>\n<p style=\"text-align: left;\"><div  class='avia-button-wrap av-8xe4j8-eba85f8d51adfd026238d0128c36154f-wrap avia-button-center  avia-builder-el-55  avia-builder-el-no-sibling '><a href='https:\/\/www.backwinkel.de\/prod\/jahreszeitenkreis-aus-buche.html'  class='avia-button av-8xe4j8-eba85f8d51adfd026238d0128c36154f av-link-btn avia-icon_select-no avia-size-medium avia-position-center avia-color-theme-color'  target=\"_blank\"  rel=\"noopener noreferrer\"  aria-label=\"zum Produkt\"><span class='avia_iconbox_title' >zum Produkt<\/span><\/a><\/div><\/p>\n<\/div><\/section><br \/>\n\n<style type=\"text\/css\" data-created_by=\"avia_inline_auto\" id=\"style-css-av-1x7eu7o-c2d49c24eb7957ffeae70dd042788bb6\">\n#top .hr.hr-invisible.av-1x7eu7o-c2d49c24eb7957ffeae70dd042788bb6{\nheight:20px;\n}\n<\/style>\n<div  class='hr av-1x7eu7o-c2d49c24eb7957ffeae70dd042788bb6 hr-invisible  avia-builder-el-56  el_after_av_textblock  avia-builder-el-last '><span class='hr-inner '><span class=\"hr-inner-style\"><\/span><\/span><\/div><\/p><\/div>\n<div class='av-flex-placeholder'><\/div>\n<style type=\"text\/css\" data-created_by=\"avia_inline_auto\" id=\"style-css-av-1lfdx6c-c176241bb96a41cb139b55fc7b112d3d\">\n.flex_column.av-1lfdx6c-c176241bb96a41cb139b55fc7b112d3d{\nborder-width:1px;\nborder-color:#ebebeb;\nborder-style:solid;\nborder-radius:0px 0px 0px 0px;\npadding:10px 10px 10px 10px;\n}\n<\/style>\n<div  class='flex_column av-1lfdx6c-c176241bb96a41cb139b55fc7b112d3d av_one_third  avia-builder-el-57  el_after_av_one_third  el_before_av_one_full  flex_column_table_cell av-equal-height-column av-align-top  column-top-margin'     ><p><section  class='av_textblock_section av-m5p1mms7-288bd3fda85b19c1ddc8d364467e185b '  ><div class='avia_textblock' ><p><img decoding=\"async\" class=\"alignnone wp-image-16301 \" src=\"https:\/\/blog.backwinkel.de\/wp-content\/uploads\/2025\/05\/7239-sammelbild.jpg\" alt=\"\" width=\"704\" height=\"704\" srcset=\"https:\/\/www.backwinkel.de\/blog\/wp-content\/uploads\/2025\/05\/7239-sammelbild.jpg 2048w, https:\/\/www.backwinkel.de\/blog\/wp-content\/uploads\/2025\/05\/7239-sammelbild-1536x1536.jpg 1536w, https:\/\/www.backwinkel.de\/blog\/wp-content\/uploads\/2025\/05\/7239-sammelbild-36x36.jpg 36w, https:\/\/www.backwinkel.de\/blog\/wp-content\/uploads\/2025\/05\/7239-sammelbild-180x180.jpg 180w\" sizes=\"(max-width: 704px) 100vw, 704px\" \/><\/p>\n<p style=\"font-size: 20px; font-family: urw_grotesk_extra_narrowrg; text-align: left;\">GRIMMS Gro\u00dfer Regenbogen<\/p>\n<p style=\"text-align: left;\"><div  class='avia-button-wrap av-12x1kxg-de29dcad6d014970e8ea7a95dcf1f270-wrap avia-button-center  avia-builder-el-59  avia-builder-el-no-sibling '><a href='https:\/\/www.backwinkel.de\/prod\/grimms-grosser-regenbogen.html'  class='avia-button av-12x1kxg-de29dcad6d014970e8ea7a95dcf1f270 av-link-btn avia-icon_select-no avia-size-medium avia-position-center avia-color-theme-color'  target=\"_blank\"  rel=\"noopener noreferrer\"  aria-label=\"zum Produkt\"><span class='avia_iconbox_title' >zum Produkt<\/span><\/a><\/div><\/p>\n<\/div><\/section><br \/>\n\n<style type=\"text\/css\" data-created_by=\"avia_inline_auto\" id=\"style-css-av-umxuc4-28389ba6763cc9b635c79dea6ee155c3\">\n#top .hr.hr-invisible.av-umxuc4-28389ba6763cc9b635c79dea6ee155c3{\nheight:20px;\n}\n<\/style>\n<div  class='hr av-umxuc4-28389ba6763cc9b635c79dea6ee155c3 hr-invisible  avia-builder-el-60  el_after_av_textblock  avia-builder-el-last '><span class='hr-inner '><span class=\"hr-inner-style\"><\/span><\/span><\/div><\/p><\/div><\/div><!--close column table wrapper. Autoclose: 1 -->\n\n<style type=\"text\/css\" data-created_by=\"avia_inline_auto\" id=\"style-css-av-s6peoy-3d8e6ba51cb73b0b95068f0e5c8c5bc3\">\n.flex_column.av-s6peoy-3d8e6ba51cb73b0b95068f0e5c8c5bc3{\nborder-radius:0px 0px 0px 0px;\npadding:10px 10px 10px 10px;\nbackground-color:#f2f2f2;\n}\n<\/style>\n<div  class='flex_column av-s6peoy-3d8e6ba51cb73b0b95068f0e5c8c5bc3 av_one_full  avia-builder-el-61  el_after_av_one_third  el_before_av_one_full  first flex_column_div  column-top-margin'     ><section  class='av_textblock_section av-m7x9d8z9-6a8b1d4eeac9e2b6cf944e31ad77e119 '  ><div class='avia_textblock' ><p><strong>Lesen Sie mehr:<\/strong><\/p>\n<ul>\n<li>Blesene, Stephanie: Jahreszeitentisch:<br \/>\n<a href=\"https:\/\/kindergarten-ideen.de\/jahreszeitentisch\/\" target=\"_blank\" rel=\"noopener\">https:\/\/kindergarten-ideen.de\/jahreszeitentisch\/<\/a><\/li>\n<\/ul>\n<ul>\n<li>Clignett, Eveline: Jahreszeitentische f\u00fcr Anf\u00e4nger, 01.04.2021 (Ideen und Videos):<br \/>\n<a href=\"https:\/\/waldorfinspiration.com\/de\/jahreszeitentische-fuer-anfaenger\" target=\"_blank\" rel=\"noopener\">https:\/\/waldorfinspiration.com\/de\/jahreszeitentische-fuer-anfaenger<\/a><\/li>\n<\/ul>\n<ul>\n<li>Eriks, Thea: Jahreszeitentische gestalten, 01.03.2022:<br \/>\n<a href=\"https:\/\/www.spielundlern.de\/wissen\/jahreszeitentische-gestalten\/\" target=\"_blank\" rel=\"noopener\">https:\/\/www.spielundlern.de\/wissen\/jahreszeitentische-gestalten\/<\/a><\/li>\n<\/ul>\n<ul>\n<li>Klapper, Carolin: Jahreszeitentisch, 2019:<br \/>\n<a href=\"https:\/\/www.littlegreenie.de\/blog\/alltag-mit-kindern\/jahreszeitentisch\" target=\"_blank\" rel=\"noopener\">https:\/\/www.littlegreenie.de\/blog\/alltag-mit-kindern\/jahreszeitentisch<\/a><\/li>\n<\/ul>\n<ul>\n<li>Marie: Wir feiern die Natur: Jahreszeitentisch leicht gemacht (Anleitung, Ideen und Fotos):<br \/>\n<a href=\"https:\/\/www.grimms.eu\/de\/magazin\/wir-feiern-die-natur-jahreszeitentisch-leicht-gemacht\" target=\"_blank\" rel=\"noopener\">https:\/\/www.grimms.eu\/de\/magazin\/wir-feiern-die-natur-jahreszeitentisch-leicht-gemacht<\/a><\/li>\n<\/ul>\n<ul>\n<li>Mikosch, Sophie: Wie du einen Jahreszeitentisch mit deinen Kindern gestaltest, 02.12.2021 (mit vielen inspirierenden Fotos):<br \/>\n<a href=\"https:\/\/www.muetterimpulse.de\/jahreszeitentisch-mit-kindern-gestalten-ideen-tipps\/\" target=\"_blank\" rel=\"noopener\">https:\/\/www.muetterimpulse.de\/jahreszeitentisch-mit-kindern-gestalten-ideen-tipps\/<\/a><\/li>\n<\/ul>\n<ul>\n<li>Sch\u00e4chter-Heil, Susanne: Der Jahreszeitentisch (Schwerpunkt DIY mit Filz, viele tolle Fotos):<br \/>\n<a href=\"https:\/\/wollwerkerin.de\/jahreszeitentisch\/\" target=\"_blank\" rel=\"noopener\">https:\/\/wollwerkerin.de\/jahreszeitentisch\/<\/a><\/li>\n<\/ul>\n<ul>\n<li>Susannah: Ideen f\u00fcr Jahreszeitentische + Figuren &amp; Zubeh\u00f6r, 29.08.2022:<br \/>\n<a href=\"https:\/\/montessori-kinder.de\/material\/jahreszeitentisch\/\" target=\"_blank\" rel=\"noopener\">https:\/\/montessori-kinder.de\/material\/jahreszeitentisch\/<\/a><\/li>\n<\/ul>\n<\/div><\/section><\/div>\n\n<style type=\"text\/css\" data-created_by=\"avia_inline_auto\" id=\"style-css-av-4a8f13-8282735e1a69d4252a8ab107757df204\">\n.flex_column.av-4a8f13-8282735e1a69d4252a8ab107757df204{\nborder-radius:0px 0px 0px 0px;\npadding:10px 10px 10px 10px;\n}\n<\/style>\n<div  class='flex_column av-4a8f13-8282735e1a69d4252a8ab107757df204 av_one_full  avia-builder-el-63  el_after_av_one_full  el_before_av_one_full  first flex_column_div  column-top-margin'     ><section  class='av_textblock_section av-2ibyo7-105f90c883c0b4406936f8076e5ba294 '  ><div class='avia_textblock' ><p class=\"copyright\"><strong>\u00a9 Copyright \u2013 Urheberrechtshinweis<\/strong><br \/>\nAlle Inhalte auf www.backwinkel.de sowie www.backwinkel.de\/blog, insbesondere Texte, Fotografien und Grafiken, sind urheberrechtlich gesch\u00fctzt.<br \/>\nDas Urheberrecht liegt, soweit nicht ausdr\u00fccklich anders gekennzeichnet, bei der BACKWINKEL GmbH. Bitte fragen Sie uns, falls Sie die Inhalte dieses Internetangebotes verwenden m\u00f6chten.<br \/>\nWer gegen das Urheberrecht verst\u00f6\u00dft (z. B. Bilder oder Texte unerlaubt kopiert), macht sich gem. \u00a7\u00a7 106 ff UrhG strafbar, wird zudem kostenpflichtig abgemahnt und muss Schadensersatz leisten (\u00a7 97 UrhG).<\/p>\n<\/div><\/section><\/div>\n\n<style type=\"text\/css\" data-created_by=\"avia_inline_auto\" id=\"style-css-av-1p82t-b0e9719fe6c67aa5c6d1abf813961e55\">\n.flex_column.av-1p82t-b0e9719fe6c67aa5c6d1abf813961e55{\nborder-radius:0px 0px 0px 0px;\npadding:0px 0px 0px 0px;\n}\n<\/style>\n<div  class='flex_column av-1p82t-b0e9719fe6c67aa5c6d1abf813961e55 av_one_full  avia-builder-el-65  el_after_av_one_full  avia-builder-el-last  first flex_column_div av-zero-column-padding  column-top-margin'     ><p><section  class='av_textblock_section av-jlp4hxqo-91baaad30cd61f89630d15f8561d1750 '  ><div class='avia_textblock' ><div class=\"shariff shariff-align-left shariff-widget-align-left\"><ul class=\"shariff-buttons theme-color orientation-horizontal buttonsize-medium\"><li class=\"shariff-button whatsapp shariff-nocustomcolor\" style=\"background-color:#5cbe4a\"><a href=\"https:\/\/api.whatsapp.com\/send?text=https%3A%2F%2Fwww.backwinkel.de%2Fblog%2Fder-jahreszeitentisch%2F%20Der%20Jahreszeitentisch\" title=\"Bei Whatsapp teilen\" aria-label=\"Bei Whatsapp teilen\" role=\"button\" rel=\"noopener nofollow\" class=\"shariff-link\" style=\"; background-color:#34af23; color:#fff\" target=\"_blank\"><span class=\"shariff-icon\" style=\"\"><svg width=\"32px\" height=\"20px\" xmlns=\"http:\/\/www.w3.org\/2000\/svg\" viewBox=\"0 0 32 32\"><path fill=\"#34af23\" d=\"M17.6 17.4q0.2 0 1.7 0.8t1.6 0.9q0 0.1 0 0.3 0 0.6-0.3 1.4-0.3 0.7-1.3 1.2t-1.8 0.5q-1 0-3.4-1.1-1.7-0.8-3-2.1t-2.6-3.3q-1.3-1.9-1.3-3.5v-0.1q0.1-1.6 1.3-2.8 0.4-0.4 0.9-0.4 0.1 0 0.3 0t0.3 0q0.3 0 0.5 0.1t0.3 0.5q0.1 0.4 0.6 1.6t0.4 1.3q0 0.4-0.6 1t-0.6 0.8q0 0.1 0.1 0.3 0.6 1.3 1.8 2.4 1 0.9 2.7 1.8 0.2 0.1 0.4 0.1 0.3 0 1-0.9t0.9-0.9zM14 26.9q2.3 0 4.3-0.9t3.6-2.4 2.4-3.6 0.9-4.3-0.9-4.3-2.4-3.6-3.6-2.4-4.3-0.9-4.3 0.9-3.6 2.4-2.4 3.6-0.9 4.3q0 3.6 2.1 6.6l-1.4 4.2 4.3-1.4q2.8 1.9 6.2 1.9zM14 2.2q2.7 0 5.2 1.1t4.3 2.9 2.9 4.3 1.1 5.2-1.1 5.2-2.9 4.3-4.3 2.9-5.2 1.1q-3.5 0-6.5-1.7l-7.4 2.4 2.4-7.2q-1.9-3.2-1.9-6.9 0-2.7 1.1-5.2t2.9-4.3 4.3-2.9 5.2-1.1z\"\/><\/svg><\/span><span class=\"shariff-text\">teilen<\/span>&nbsp;<\/a><\/li><li class=\"shariff-button facebook shariff-nocustomcolor\" style=\"background-color:#4273c8\"><a href=\"https:\/\/www.facebook.com\/sharer\/sharer.php?u=https%3A%2F%2Fwww.backwinkel.de%2Fblog%2Fder-jahreszeitentisch%2F\" title=\"Bei Facebook teilen\" aria-label=\"Bei Facebook teilen\" role=\"button\" rel=\"nofollow\" class=\"shariff-link\" style=\"; background-color:#3b5998; color:#fff\" target=\"_blank\"><span class=\"shariff-icon\" style=\"\"><svg width=\"32px\" height=\"20px\" xmlns=\"http:\/\/www.w3.org\/2000\/svg\" viewBox=\"0 0 18 32\"><path fill=\"#3b5998\" d=\"M17.1 0.2v4.7h-2.8q-1.5 0-2.1 0.6t-0.5 1.9v3.4h5.2l-0.7 5.3h-4.5v13.6h-5.5v-13.6h-4.5v-5.3h4.5v-3.9q0-3.3 1.9-5.2t5-1.8q2.6 0 4.1 0.2z\"\/><\/svg><\/span><span class=\"shariff-text\">teilen<\/span>&nbsp;<\/a><\/li><li class=\"shariff-button twitter shariff-nocustomcolor\" style=\"background-color:#595959\"><a href=\"https:\/\/twitter.com\/share?url=https%3A%2F%2Fwww.backwinkel.de%2Fblog%2Fder-jahreszeitentisch%2F&text=Der%20Jahreszeitentisch\" title=\"Bei X teilen\" aria-label=\"Bei X teilen\" role=\"button\" rel=\"noopener nofollow\" class=\"shariff-link\" style=\"; background-color:#000; color:#fff\" target=\"_blank\"><span class=\"shariff-icon\" style=\"\"><svg width=\"32px\" height=\"20px\" xmlns=\"http:\/\/www.w3.org\/2000\/svg\" viewBox=\"0 0 24 24\"><path fill=\"#000\" d=\"M14.258 10.152L23.176 0h-2.113l-7.747 8.813L7.133 0H0l9.352 13.328L0 23.973h2.113l8.176-9.309 6.531 9.309h7.133zm-2.895 3.293l-.949-1.328L2.875 1.56h3.246l6.086 8.523.945 1.328 7.91 11.078h-3.246zm0 0\"\/><\/svg><\/span><span class=\"shariff-text\">teilen<\/span>&nbsp;<\/a><\/li><li class=\"shariff-button pinterest shariff-nocustomcolor\" style=\"background-color:#e70f18\"><a href=\"https:\/\/www.pinterest.com\/pin\/create\/link\/?url=https%3A%2F%2Fwww.backwinkel.de%2Fblog%2Fder-jahreszeitentisch%2F&media=https%3A%2F%2Fwww.backwinkel.de%2Fblog%2Fwp-content%2Fuploads%2F2025%2F04%2F05_Kiga_Jahreszeitentisch_heroimage.jpg&description=Der%20Jahreszeitentisch\" title=\"Bei Pinterest pinnen\" aria-label=\"Bei Pinterest pinnen\" role=\"button\" rel=\"noopener nofollow\" class=\"shariff-link\" style=\"; background-color:#cb2027; color:#fff\" target=\"_blank\"><span class=\"shariff-icon\" style=\"\"><svg width=\"32px\" height=\"20px\" xmlns=\"http:\/\/www.w3.org\/2000\/svg\" viewBox=\"0 0 27 32\"><path fill=\"#cb2027\" d=\"M27.4 16q0 3.7-1.8 6.9t-5 5-6.9 1.9q-2 0-3.9-0.6 1.1-1.7 1.4-2.9 0.2-0.6 1-3.8 0.4 0.7 1.3 1.2t2 0.5q2.1 0 3.8-1.2t2.7-3.4 0.9-4.8q0-2-1.1-3.8t-3.1-2.9-4.5-1.2q-1.9 0-3.5 0.5t-2.8 1.4-2 2-1.2 2.3-0.4 2.4q0 1.9 0.7 3.3t2.1 2q0.5 0.2 0.7-0.4 0-0.1 0.1-0.5t0.2-0.5q0.1-0.4-0.2-0.8-0.9-1.1-0.9-2.7 0-2.7 1.9-4.6t4.9-2q2.7 0 4.2 1.5t1.5 3.8q0 3-1.2 5.2t-3.1 2.1q-1.1 0-1.7-0.8t-0.4-1.9q0.1-0.6 0.5-1.7t0.5-1.8 0.2-1.4q0-0.9-0.5-1.5t-1.4-0.6q-1.1 0-1.9 1t-0.8 2.6q0 1.3 0.4 2.2l-1.8 7.5q-0.3 1.2-0.2 3.2-3.7-1.6-6-5t-2.3-7.6q0-3.7 1.9-6.9t5-5 6.9-1.9 6.9 1.9 5 5 1.8 6.9z\"\/><\/svg><\/span><span class=\"shariff-text\">merken<\/span>&nbsp;<\/a><\/li><li class=\"shariff-button mailto shariff-nocustomcolor\" style=\"background-color:#a8a8a8\"><a href=\"mailto:?body=https%3A%2F%2Fwww.backwinkel.de%2Fblog%2Fder-jahreszeitentisch%2F&subject=Der%20Jahreszeitentisch\" title=\"Per E-Mail versenden\" aria-label=\"Per E-Mail versenden\" role=\"button\" rel=\"noopener nofollow\" class=\"shariff-link\" style=\"; background-color:#999; color:#fff\"><span class=\"shariff-icon\" style=\"\"><svg width=\"32px\" height=\"20px\" xmlns=\"http:\/\/www.w3.org\/2000\/svg\" viewBox=\"0 0 32 32\"><path fill=\"#999\" d=\"M32 12.7v14.2q0 1.2-0.8 2t-2 0.9h-26.3q-1.2 0-2-0.9t-0.8-2v-14.2q0.8 0.9 1.8 1.6 6.5 4.4 8.9 6.1 1 0.8 1.6 1.2t1.7 0.9 2 0.4h0.1q0.9 0 2-0.4t1.7-0.9 1.6-1.2q3-2.2 8.9-6.1 1-0.7 1.8-1.6zM32 7.4q0 1.4-0.9 2.7t-2.2 2.2q-6.7 4.7-8.4 5.8-0.2 0.1-0.7 0.5t-1 0.7-0.9 0.6-1.1 0.5-0.9 0.2h-0.1q-0.4 0-0.9-0.2t-1.1-0.5-0.9-0.6-1-0.7-0.7-0.5q-1.6-1.1-4.7-3.2t-3.6-2.6q-1.1-0.7-2.1-2t-1-2.5q0-1.4 0.7-2.3t2.1-0.9h26.3q1.2 0 2 0.8t0.9 2z\"\/><\/svg><\/span><span class=\"shariff-text\">E-Mail<\/span>&nbsp;<\/a><\/li><\/ul><\/div>\n<\/div><\/section><br \/>\n<div  class='tabcontainer av-jlq8shhr-81242121e684ca07ed7e4b689c7d9116 top_tab  avia-builder-el-67  el_after_av_textblock  el_before_av_hr '>\n<section class='av_tab_section av_tab_section av-4w8jsn-bbdf9e923dedb1db49ad7c5dc47ef632' ><div id='tab-id-1-tab' class='tab active_tab' role='tab' aria-selected=\"true\" tabindex=\"0\" data-fake-id='#tab-id-1' aria-controls='tab-id-1-content' >Das BACKWINKEL-Blog-Team:<\/div><div id='tab-id-1-content' class='tab_content active_tab_content' role='tabpanel' aria-labelledby='tab-id-1-tab' aria-hidden=\"false\"><div class='tab_inner_content invers-color' ><p>Gibts auch ein Gesicht hinter dem BACKWINKEL-Blog? Nat\u00fcrlich. Sogar f\u00fcnf \ud83d\ude0a. Wir \u2013 Lukas, Marvin und Tatjana \u2013 bespielen unseren Blog im LACHEN LEBEN LERNEN-Firmensitz in Hattingen.<br \/>\nLukas kennt Onlinemarketing wie seine Westentasche, w\u00e4hrend Marvin unseren Beitr\u00e4gen den passenden gestalterischen Rahmen gibt und Tatjana mit dem gr\u00fcnen Korrekturstift alles pr\u00fcfend be\u00e4ugt, was unsere Freelancerautorinnen Elisa und Christine (und gern auch Gastautoren) aus der Ferne f\u00fcr den BACKWINKEL-Blog nach ordentlicher Recherche schreiben.<br \/>\nGemeinsam suchen wir st\u00e4ndig nach neuen, aufregenden Themen rund um das Thema Bildung im Kiga, der Schule und zu Hause. Und weil Sie da an der Quelle sitzen, freuen wir uns auf Ihre konstruktiven R\u00fcckmeldungen und Anregungen an blog[@]backwinkel.de<br \/>\nViel Spa\u00df beim LACHEN LESEN LERNEN!<\/p>\n<\/div><\/div><\/section>\n<\/div><br \/>\n\n<style type=\"text\/css\" data-created_by=\"avia_inline_auto\" id=\"style-css-av-jkuvdh82-b6ea5d9aca5d02d0d62bf300de93e492\">\n#top .hr.av-jkuvdh82-b6ea5d9aca5d02d0d62bf300de93e492{\nmargin-top:10px;\nmargin-bottom:10px;\n}\n.hr.av-jkuvdh82-b6ea5d9aca5d02d0d62bf300de93e492 .hr-inner{\nwidth:500;\n}\n<\/style>\n<div  class='hr av-jkuvdh82-b6ea5d9aca5d02d0d62bf300de93e492 hr-custom  avia-builder-el-68  el_after_av_tab_container  el_before_av_heading  hr-left hr-icon-no'><span class='hr-inner inner-border-av-border-thin'><span class=\"hr-inner-style\"><\/span><\/span><\/div><br \/>\n\n<style type=\"text\/css\" data-created_by=\"avia_inline_auto\" id=\"style-css-av-2rgq8p-eea5960d1a3bca7958b11dcc59b35b67\">\n#top .av-special-heading.av-2rgq8p-eea5960d1a3bca7958b11dcc59b35b67{\npadding-bottom:10px;\n}\nbody .av-special-heading.av-2rgq8p-eea5960d1a3bca7958b11dcc59b35b67 .av-special-heading-tag .heading-char{\nfont-size:25px;\n}\n.av-special-heading.av-2rgq8p-eea5960d1a3bca7958b11dcc59b35b67 .av-subheading{\nfont-size:15px;\n}\n<\/style>\n<div  class='av-special-heading av-2rgq8p-eea5960d1a3bca7958b11dcc59b35b67 av-special-heading-h3 blockquote modern-quote  avia-builder-el-69  el_after_av_hr  el_before_av_blog '><h3 class='av-special-heading-tag '  >PASSENDE BEITR\u00c4GE<\/h3><div class=\"special-heading-border\"><div class=\"special-heading-inner-border\"><\/div><\/div><\/div><br \/>\n<div  data-slideshow-options=\"{&quot;animation&quot;:&quot;fade&quot;,&quot;autoplay&quot;:false,&quot;loop_autoplay&quot;:&quot;once&quot;,&quot;interval&quot;:5,&quot;loop_manual&quot;:&quot;manual-endless&quot;,&quot;autoplay_stopper&quot;:false,&quot;noNavigation&quot;:false,&quot;show_slide_delay&quot;:90}\" class='avia-content-slider avia-content-grid-active avia-content-slider1 avia-content-slider-odd  avia-builder-el-70  el_after_av_heading  avia-builder-el-last  av-slideshow-ui av-control-default   av-no-slider-navigation av-slideshow-manual av-loop-once av-loop-manual-endless ' ><div class=\"avia-content-slider-inner\"><div class=\"slide-entry-wrap\"><article class='slide-entry flex_column  post-entry post-entry-18633 slide-entry-overview slide-loop-1 slide-parity-odd  av_one_third first real-thumbnail posttype-post post-format-standard' ><a href='https:\/\/www.backwinkel.de\/blog\/plastik-recyceln\/' data-rel='slide-1' class='slide-image' title='Plastik recyceln'><img decoding=\"async\" fetchpriority=\"high\" width=\"1200\" height=\"628\" src=\"https:\/\/www.backwinkel.de\/blog\/wp-content\/uploads\/2026\/04\/04_Kiga_Plastik_nachhaltig_nutzen.jpg\" class=\"wp-image-18713 avia-img-lazy-loading-not-18713 attachment-no scaling size-no scaling wp-post-image\" alt=\"\" \/><\/a><div class=\"slide-content\"><header class=\"entry-content-header\" aria-label=\"Slide: Plastik recyceln\"><h3 class='slide-entry-title entry-title ' ><a href='https:\/\/www.backwinkel.de\/blog\/plastik-recyceln\/' title='Plastik recyceln'>Plastik recyceln<\/a><\/h3><span class=\"blog-categories minor-meta\"><a href=\"https:\/\/www.backwinkel.de\/blog\/category\/kindergarten-kita\/\" rel=\"tag\">Kindergarten<\/a> <\/span><span class=\"av-vertical-delimiter\"><\/span><\/header><div class='slide-entry-excerpt entry-content' >Biokunststoff f\u00fcr St\u00fchle, Materialboxen, Spielzeug und Rucks\u00e4cke<\/div><\/div><footer class=\"entry-footer\"><div class=\"slide-meta\"><time class='slide-meta-time updated' >14. April 2026<\/time><\/div><\/footer><\/article><article class='slide-entry flex_column  post-entry post-entry-18716 slide-entry-overview slide-loop-2 slide-parity-even  av_one_third  real-thumbnail posttype-post post-format-standard' ><a href='https:\/\/www.backwinkel.de\/blog\/rechnen-im-anfangsunterricht\/' data-rel='slide-1' class='slide-image' title='Rechnen im Anfangsunterricht'><img decoding=\"async\" fetchpriority=\"high\" width=\"1200\" height=\"628\" src=\"https:\/\/www.backwinkel.de\/blog\/wp-content\/uploads\/2026\/04\/04_Schule_Rechnen_anfangsunterricht.jpg\" class=\"wp-image-18748 avia-img-lazy-loading-not-18748 attachment-no scaling size-no scaling wp-post-image\" alt=\"\" \/><\/a><div class=\"slide-content\"><header class=\"entry-content-header\" aria-label=\"Slide: Rechnen im Anfangsunterricht\"><h3 class='slide-entry-title entry-title ' ><a href='https:\/\/www.backwinkel.de\/blog\/rechnen-im-anfangsunterricht\/' title='Rechnen im Anfangsunterricht'>Rechnen im Anfangsunterricht<\/a><\/h3><span class=\"blog-categories minor-meta\"><a href=\"https:\/\/www.backwinkel.de\/blog\/category\/schule-grundschule\/\" rel=\"tag\">Schule<\/a> <\/span><span class=\"av-vertical-delimiter\"><\/span><\/header><div class='slide-entry-excerpt entry-content' >Das Klassenzimmer als Lernlandschaft<\/div><\/div><footer class=\"entry-footer\"><div class=\"slide-meta\"><time class='slide-meta-time updated' >14. April 2026<\/time><\/div><\/footer><\/article><article class='slide-entry flex_column  post-entry post-entry-18372 slide-entry-overview slide-loop-3 slide-parity-odd  post-entry-last  av_one_third  real-thumbnail posttype-post post-format-standard' ><a href='https:\/\/www.backwinkel.de\/blog\/kranke-kinder-im-kindergarten\/' data-rel='slide-1' class='slide-image' title='Kranke Kinder im Kindergarten'><img decoding=\"async\" fetchpriority=\"high\" width=\"1200\" height=\"628\" src=\"https:\/\/www.backwinkel.de\/blog\/wp-content\/uploads\/2026\/03\/03_Kiga_Kranke_Kinder.jpg\" class=\"wp-image-18451 avia-img-lazy-loading-not-18451 attachment-no scaling size-no scaling wp-post-image\" alt=\"Thema: Kranke Kinder. Auf dem Bild ist ein krankes kleines M\u00e4dchen zu sehen. Eine Frau mit einem Fieberthermometer in der Hand sitzt neben ihr und hat die Hand auf der Stirn des M\u00e4dchens.\" \/><\/a><div class=\"slide-content\"><header class=\"entry-content-header\" aria-label=\"Slide: Kranke Kinder im Kindergarten\"><h3 class='slide-entry-title entry-title ' ><a href='https:\/\/www.backwinkel.de\/blog\/kranke-kinder-im-kindergarten\/' title='Kranke Kinder im Kindergarten'>Kranke Kinder im Kindergarten<\/a><\/h3><span class=\"blog-categories minor-meta\"><a href=\"https:\/\/www.backwinkel.de\/blog\/category\/kindergarten-kita\/\" rel=\"tag\">Kindergarten<\/a> <\/span><span class=\"av-vertical-delimiter\"><\/span><\/header><div class='slide-entry-excerpt entry-content' >Auswirkungen f\u00fcr Kinder, Eltern und Fachkr\u00e4fte<\/div><\/div><footer class=\"entry-footer\"><div class=\"slide-meta\"><time class='slide-meta-time updated' >9. M\u00e4rz 2026<\/time><\/div><\/footer><\/article><\/div><\/div><\/div><\/p><\/div>\n","protected":false},"excerpt":{"rendered":"<p>Jahresablauf, seine Feste und die Natur sichtbar machen<\/p>\n","protected":false},"author":1,"featured_media":16293,"comment_status":"closed","ping_status":"closed","sticky":false,"template":"","format":"standard","meta":{"inline_featured_image":false,"footnotes":""},"categories":[5],"tags":[],"class_list":["post-16287","post","type-post","status-publish","format-standard","has-post-thumbnail","hentry","category-kindergarten-kita"],"yoast_head":"<!-- This site is optimized with the Yoast SEO plugin v27.4 - https:\/\/yoast.com\/product\/yoast-seo-wordpress\/ -->\n<title>Der Jahreszeitentisch in der Kita | BACKWINKEL Blog<\/title>\n<meta name=\"description\" content=\"Wie Sie Jahreszeitentische gemeinsam gestalten und in den Alltag integrieren, mit vielen Anregungen f\u00fcr die Praxis \u00bb Jetzt lesen\" \/>\n<meta name=\"robots\" content=\"index, follow, max-snippet:-1, max-image-preview:large, max-video-preview:-1\" \/>\n<link rel=\"canonical\" href=\"https:\/\/www.backwinkel.de\/blog\/der-jahreszeitentisch\/\" \/>\n<meta property=\"og:locale\" content=\"de_DE\" \/>\n<meta property=\"og:type\" content=\"article\" \/>\n<meta property=\"og:title\" content=\"Der Jahreszeitentisch in der Kita | BACKWINKEL Blog\" \/>\n<meta property=\"og:description\" content=\"Wie Sie Jahreszeitentische gemeinsam gestalten und in den Alltag integrieren, mit vielen Anregungen f\u00fcr die Praxis \u00bb Jetzt lesen\" \/>\n<meta property=\"og:url\" content=\"https:\/\/www.backwinkel.de\/blog\/der-jahreszeitentisch\/\" \/>\n<meta property=\"og:site_name\" content=\"BACKWINKEL Blog\" \/>\n<meta property=\"article:published_time\" content=\"2025-05-12T07:04:17+00:00\" \/>\n<meta property=\"article:modified_time\" content=\"2026-04-27T06:00:35+00:00\" \/>\n<meta property=\"og:image\" content=\"https:\/\/www.backwinkel.de\/blog\/wp-content\/uploads\/2025\/04\/05_Kiga_Jahreszeitentisch_heroimage.jpg\" \/>\n\t<meta property=\"og:image:width\" content=\"1200\" \/>\n\t<meta property=\"og:image:height\" content=\"628\" \/>\n\t<meta property=\"og:image:type\" content=\"image\/jpeg\" \/>\n<meta name=\"author\" content=\"admin_backwinkel\" \/>\n<meta name=\"twitter:card\" content=\"summary_large_image\" \/>\n<meta name=\"twitter:label1\" content=\"Verfasst von\" \/>\n\t<meta name=\"twitter:data1\" content=\"admin_backwinkel\" \/>\n\t<meta name=\"twitter:label2\" content=\"Gesch\u00e4tzte Lesezeit\" \/>\n\t<meta name=\"twitter:data2\" content=\"17\u00a0Minuten\" \/>\n<script type=\"application\/ld+json\" class=\"yoast-schema-graph\">{\"@context\":\"https:\\\/\\\/schema.org\",\"@graph\":[{\"@type\":\"Article\",\"@id\":\"https:\\\/\\\/www.backwinkel.de\\\/blog\\\/der-jahreszeitentisch\\\/#article\",\"isPartOf\":{\"@id\":\"https:\\\/\\\/www.backwinkel.de\\\/blog\\\/der-jahreszeitentisch\\\/\"},\"author\":{\"name\":\"admin_backwinkel\",\"@id\":\"https:\\\/\\\/www.backwinkel.de\\\/blog\\\/#\\\/schema\\\/person\\\/88b842297c0e471020a66f4476633cf2\"},\"headline\":\"Der Jahreszeitentisch\",\"datePublished\":\"2025-05-12T07:04:17+00:00\",\"dateModified\":\"2026-04-27T06:00:35+00:00\",\"mainEntityOfPage\":{\"@id\":\"https:\\\/\\\/www.backwinkel.de\\\/blog\\\/der-jahreszeitentisch\\\/\"},\"wordCount\":7529,\"image\":{\"@id\":\"https:\\\/\\\/www.backwinkel.de\\\/blog\\\/der-jahreszeitentisch\\\/#primaryimage\"},\"thumbnailUrl\":\"https:\\\/\\\/www.backwinkel.de\\\/blog\\\/wp-content\\\/uploads\\\/2025\\\/04\\\/05_Kiga_Jahreszeitentisch_heroimage.jpg\",\"articleSection\":[\"Kindergarten\"],\"inLanguage\":\"de\"},{\"@type\":\"WebPage\",\"@id\":\"https:\\\/\\\/www.backwinkel.de\\\/blog\\\/der-jahreszeitentisch\\\/\",\"url\":\"https:\\\/\\\/www.backwinkel.de\\\/blog\\\/der-jahreszeitentisch\\\/\",\"name\":\"Der Jahreszeitentisch in der Kita | BACKWINKEL Blog\",\"isPartOf\":{\"@id\":\"https:\\\/\\\/www.backwinkel.de\\\/blog\\\/#website\"},\"primaryImageOfPage\":{\"@id\":\"https:\\\/\\\/www.backwinkel.de\\\/blog\\\/der-jahreszeitentisch\\\/#primaryimage\"},\"image\":{\"@id\":\"https:\\\/\\\/www.backwinkel.de\\\/blog\\\/der-jahreszeitentisch\\\/#primaryimage\"},\"thumbnailUrl\":\"https:\\\/\\\/www.backwinkel.de\\\/blog\\\/wp-content\\\/uploads\\\/2025\\\/04\\\/05_Kiga_Jahreszeitentisch_heroimage.jpg\",\"datePublished\":\"2025-05-12T07:04:17+00:00\",\"dateModified\":\"2026-04-27T06:00:35+00:00\",\"author\":{\"@id\":\"https:\\\/\\\/www.backwinkel.de\\\/blog\\\/#\\\/schema\\\/person\\\/88b842297c0e471020a66f4476633cf2\"},\"description\":\"Wie Sie Jahreszeitentische gemeinsam gestalten und in den Alltag integrieren, mit vielen Anregungen f\u00fcr die Praxis \u00bb Jetzt lesen\",\"breadcrumb\":{\"@id\":\"https:\\\/\\\/www.backwinkel.de\\\/blog\\\/der-jahreszeitentisch\\\/#breadcrumb\"},\"inLanguage\":\"de\",\"potentialAction\":[{\"@type\":\"ReadAction\",\"target\":[\"https:\\\/\\\/www.backwinkel.de\\\/blog\\\/der-jahreszeitentisch\\\/\"]}]},{\"@type\":\"ImageObject\",\"inLanguage\":\"de\",\"@id\":\"https:\\\/\\\/www.backwinkel.de\\\/blog\\\/der-jahreszeitentisch\\\/#primaryimage\",\"url\":\"https:\\\/\\\/www.backwinkel.de\\\/blog\\\/wp-content\\\/uploads\\\/2025\\\/04\\\/05_Kiga_Jahreszeitentisch_heroimage.jpg\",\"contentUrl\":\"https:\\\/\\\/www.backwinkel.de\\\/blog\\\/wp-content\\\/uploads\\\/2025\\\/04\\\/05_Kiga_Jahreszeitentisch_heroimage.jpg\",\"width\":1200,\"height\":628},{\"@type\":\"BreadcrumbList\",\"@id\":\"https:\\\/\\\/www.backwinkel.de\\\/blog\\\/der-jahreszeitentisch\\\/#breadcrumb\",\"itemListElement\":[{\"@type\":\"ListItem\",\"position\":1,\"name\":\"Startseite\",\"item\":\"https:\\\/\\\/blog.backwinkel.de\\\/aktuelles\\\/\"},{\"@type\":\"ListItem\",\"position\":2,\"name\":\"Der Jahreszeitentisch\"}]},{\"@type\":\"WebSite\",\"@id\":\"https:\\\/\\\/www.backwinkel.de\\\/blog\\\/#website\",\"url\":\"https:\\\/\\\/www.backwinkel.de\\\/blog\\\/\",\"name\":\"BACKWINKEL Blog\",\"description\":\"f\u00fcr Lehrer, Erzieher und Eltern\",\"potentialAction\":[{\"@type\":\"SearchAction\",\"target\":{\"@type\":\"EntryPoint\",\"urlTemplate\":\"https:\\\/\\\/www.backwinkel.de\\\/blog\\\/?s={search_term_string}\"},\"query-input\":{\"@type\":\"PropertyValueSpecification\",\"valueRequired\":true,\"valueName\":\"search_term_string\"}}],\"inLanguage\":\"de\"},{\"@type\":\"Person\",\"@id\":\"https:\\\/\\\/www.backwinkel.de\\\/blog\\\/#\\\/schema\\\/person\\\/88b842297c0e471020a66f4476633cf2\",\"name\":\"admin_backwinkel\",\"url\":\"https:\\\/\\\/www.backwinkel.de\\\/blog\\\/author\\\/admin_backwinkel\\\/\"}]}<\/script>\n<!-- \/ Yoast SEO plugin. -->","yoast_head_json":{"title":"Der Jahreszeitentisch in der Kita | BACKWINKEL Blog","description":"Wie Sie Jahreszeitentische gemeinsam gestalten und in den Alltag integrieren, mit vielen Anregungen f\u00fcr die Praxis \u00bb Jetzt lesen","robots":{"index":"index","follow":"follow","max-snippet":"max-snippet:-1","max-image-preview":"max-image-preview:large","max-video-preview":"max-video-preview:-1"},"canonical":"https:\/\/www.backwinkel.de\/blog\/der-jahreszeitentisch\/","og_locale":"de_DE","og_type":"article","og_title":"Der Jahreszeitentisch in der Kita | BACKWINKEL Blog","og_description":"Wie Sie Jahreszeitentische gemeinsam gestalten und in den Alltag integrieren, mit vielen Anregungen f\u00fcr die Praxis \u00bb Jetzt lesen","og_url":"https:\/\/www.backwinkel.de\/blog\/der-jahreszeitentisch\/","og_site_name":"BACKWINKEL Blog","article_published_time":"2025-05-12T07:04:17+00:00","article_modified_time":"2026-04-27T06:00:35+00:00","og_image":[{"width":1200,"height":628,"url":"https:\/\/www.backwinkel.de\/blog\/wp-content\/uploads\/2025\/04\/05_Kiga_Jahreszeitentisch_heroimage.jpg","type":"image\/jpeg"}],"author":"admin_backwinkel","twitter_card":"summary_large_image","twitter_misc":{"Verfasst von":"admin_backwinkel","Gesch\u00e4tzte Lesezeit":"17\u00a0Minuten"},"schema":{"@context":"https:\/\/schema.org","@graph":[{"@type":"Article","@id":"https:\/\/www.backwinkel.de\/blog\/der-jahreszeitentisch\/#article","isPartOf":{"@id":"https:\/\/www.backwinkel.de\/blog\/der-jahreszeitentisch\/"},"author":{"name":"admin_backwinkel","@id":"https:\/\/www.backwinkel.de\/blog\/#\/schema\/person\/88b842297c0e471020a66f4476633cf2"},"headline":"Der Jahreszeitentisch","datePublished":"2025-05-12T07:04:17+00:00","dateModified":"2026-04-27T06:00:35+00:00","mainEntityOfPage":{"@id":"https:\/\/www.backwinkel.de\/blog\/der-jahreszeitentisch\/"},"wordCount":7529,"image":{"@id":"https:\/\/www.backwinkel.de\/blog\/der-jahreszeitentisch\/#primaryimage"},"thumbnailUrl":"https:\/\/www.backwinkel.de\/blog\/wp-content\/uploads\/2025\/04\/05_Kiga_Jahreszeitentisch_heroimage.jpg","articleSection":["Kindergarten"],"inLanguage":"de"},{"@type":"WebPage","@id":"https:\/\/www.backwinkel.de\/blog\/der-jahreszeitentisch\/","url":"https:\/\/www.backwinkel.de\/blog\/der-jahreszeitentisch\/","name":"Der Jahreszeitentisch in der Kita | BACKWINKEL Blog","isPartOf":{"@id":"https:\/\/www.backwinkel.de\/blog\/#website"},"primaryImageOfPage":{"@id":"https:\/\/www.backwinkel.de\/blog\/der-jahreszeitentisch\/#primaryimage"},"image":{"@id":"https:\/\/www.backwinkel.de\/blog\/der-jahreszeitentisch\/#primaryimage"},"thumbnailUrl":"https:\/\/www.backwinkel.de\/blog\/wp-content\/uploads\/2025\/04\/05_Kiga_Jahreszeitentisch_heroimage.jpg","datePublished":"2025-05-12T07:04:17+00:00","dateModified":"2026-04-27T06:00:35+00:00","author":{"@id":"https:\/\/www.backwinkel.de\/blog\/#\/schema\/person\/88b842297c0e471020a66f4476633cf2"},"description":"Wie Sie Jahreszeitentische gemeinsam gestalten und in den Alltag integrieren, mit vielen Anregungen f\u00fcr die Praxis \u00bb Jetzt lesen","breadcrumb":{"@id":"https:\/\/www.backwinkel.de\/blog\/der-jahreszeitentisch\/#breadcrumb"},"inLanguage":"de","potentialAction":[{"@type":"ReadAction","target":["https:\/\/www.backwinkel.de\/blog\/der-jahreszeitentisch\/"]}]},{"@type":"ImageObject","inLanguage":"de","@id":"https:\/\/www.backwinkel.de\/blog\/der-jahreszeitentisch\/#primaryimage","url":"https:\/\/www.backwinkel.de\/blog\/wp-content\/uploads\/2025\/04\/05_Kiga_Jahreszeitentisch_heroimage.jpg","contentUrl":"https:\/\/www.backwinkel.de\/blog\/wp-content\/uploads\/2025\/04\/05_Kiga_Jahreszeitentisch_heroimage.jpg","width":1200,"height":628},{"@type":"BreadcrumbList","@id":"https:\/\/www.backwinkel.de\/blog\/der-jahreszeitentisch\/#breadcrumb","itemListElement":[{"@type":"ListItem","position":1,"name":"Startseite","item":"https:\/\/blog.backwinkel.de\/aktuelles\/"},{"@type":"ListItem","position":2,"name":"Der Jahreszeitentisch"}]},{"@type":"WebSite","@id":"https:\/\/www.backwinkel.de\/blog\/#website","url":"https:\/\/www.backwinkel.de\/blog\/","name":"BACKWINKEL Blog","description":"f\u00fcr Lehrer, Erzieher und Eltern","potentialAction":[{"@type":"SearchAction","target":{"@type":"EntryPoint","urlTemplate":"https:\/\/www.backwinkel.de\/blog\/?s={search_term_string}"},"query-input":{"@type":"PropertyValueSpecification","valueRequired":true,"valueName":"search_term_string"}}],"inLanguage":"de"},{"@type":"Person","@id":"https:\/\/www.backwinkel.de\/blog\/#\/schema\/person\/88b842297c0e471020a66f4476633cf2","name":"admin_backwinkel","url":"https:\/\/www.backwinkel.de\/blog\/author\/admin_backwinkel\/"}]}},"_links":{"self":[{"href":"https:\/\/www.backwinkel.de\/blog\/wp-json\/wp\/v2\/posts\/16287","targetHints":{"allow":["GET"]}}],"collection":[{"href":"https:\/\/www.backwinkel.de\/blog\/wp-json\/wp\/v2\/posts"}],"about":[{"href":"https:\/\/www.backwinkel.de\/blog\/wp-json\/wp\/v2\/types\/post"}],"author":[{"embeddable":true,"href":"https:\/\/www.backwinkel.de\/blog\/wp-json\/wp\/v2\/users\/1"}],"replies":[{"embeddable":true,"href":"https:\/\/www.backwinkel.de\/blog\/wp-json\/wp\/v2\/comments?post=16287"}],"version-history":[{"count":17,"href":"https:\/\/www.backwinkel.de\/blog\/wp-json\/wp\/v2\/posts\/16287\/revisions"}],"predecessor-version":[{"id":18994,"href":"https:\/\/www.backwinkel.de\/blog\/wp-json\/wp\/v2\/posts\/16287\/revisions\/18994"}],"wp:featuredmedia":[{"embeddable":true,"href":"https:\/\/www.backwinkel.de\/blog\/wp-json\/wp\/v2\/media\/16293"}],"wp:attachment":[{"href":"https:\/\/www.backwinkel.de\/blog\/wp-json\/wp\/v2\/media?parent=16287"}],"wp:term":[{"taxonomy":"category","embeddable":true,"href":"https:\/\/www.backwinkel.de\/blog\/wp-json\/wp\/v2\/categories?post=16287"},{"taxonomy":"post_tag","embeddable":true,"href":"https:\/\/www.backwinkel.de\/blog\/wp-json\/wp\/v2\/tags?post=16287"}],"curies":[{"name":"wp","href":"https:\/\/api.w.org\/{rel}","templated":true}]}}