{"id":16121,"date":"2025-03-24T09:00:05","date_gmt":"2025-03-24T08:00:05","guid":{"rendered":"https:\/\/www.backwinkel.de\/blog\/?p=16121"},"modified":"2026-04-27T08:03:25","modified_gmt":"2026-04-27T06:03:25","slug":"demokratiebildung-unterricht","status":"publish","type":"post","link":"https:\/\/www.backwinkel.de\/blog\/demokratiebildung-unterricht\/","title":{"rendered":"Demokratiebildung im Unterricht"},"content":{"rendered":"\n<style type=\"text\/css\" data-created_by=\"avia_inline_auto\" id=\"style-css-av-8vdv8-f7e0dae999cc49bc529a70f67b346526\">\n.flex_column.av-8vdv8-f7e0dae999cc49bc529a70f67b346526{\nborder-radius:0px 0px 0px 0px;\npadding:0px 0px 0px 0px;\n}\n<\/style>\n<div  class='flex_column av-8vdv8-f7e0dae999cc49bc529a70f67b346526 av_one_full  avia-builder-el-0  el_before_av_three_fifth  avia-builder-el-first  first flex_column_div av-zero-column-padding  '     ><p>\n<style type=\"text\/css\" data-created_by=\"avia_inline_auto\" id=\"style-css-av-jl6mo8rj-605eccf9df0dce9c3ffb6a57636da99d\">\n#top .hr.hr-invisible.av-jl6mo8rj-605eccf9df0dce9c3ffb6a57636da99d{\nmargin-top:0px;\nheight:1px;\n}\n<\/style>\n<div  class='hr av-jl6mo8rj-605eccf9df0dce9c3ffb6a57636da99d hr-invisible  avia-builder-el-1  el_before_av_heading  avia-builder-el-first '><span class='hr-inner '><span class=\"hr-inner-style\"><\/span><\/span><\/div><br \/>\n\n<style type=\"text\/css\" data-created_by=\"avia_inline_auto\" id=\"style-css-av-27gdg7-9bbccdaa5f0c2eae23d63757685b9edb\">\n#top .av-special-heading.av-27gdg7-9bbccdaa5f0c2eae23d63757685b9edb{\npadding-bottom:10px;\n}\nbody .av-special-heading.av-27gdg7-9bbccdaa5f0c2eae23d63757685b9edb .av-special-heading-tag .heading-char{\nfont-size:25px;\n}\n.av-special-heading.av-27gdg7-9bbccdaa5f0c2eae23d63757685b9edb .av-subheading{\nfont-size:15px;\n}\n<\/style>\n<div  class='av-special-heading av-27gdg7-9bbccdaa5f0c2eae23d63757685b9edb av-special-heading-h1 blockquote modern-quote  avia-builder-el-2  el_after_av_hr  el_before_av_post_metadata  av-linked-heading'><h1 class='av-special-heading-tag '  >Didaktische Perspektiven auf die Demokratiebildung im Schulunterricht<br \/>\nDemokratie leben \u2013 Jetzt!<\/h1><div class='av-subheading av-subheading_below'><p class=\"autorenname\">Ein Gastbeitrag von Hans-J\u00fcrgen van der Gieth<\/p>\n<\/div><div class=\"special-heading-border\"><div class=\"special-heading-inner-border\"><\/div><\/div><\/div><br \/>\n\n<style type=\"text\/css\" data-created_by=\"avia_inline_auto\" id=\"style-css-av-17oga8p-d126f219cb63310b0357bc20029d9a6a\">\n#top .av-post-metadata-container.av-17oga8p-d126f219cb63310b0357bc20029d9a6a{\nfont-size:12px;\n}\n#top .av-post-metadata-container.av-17oga8p-d126f219cb63310b0357bc20029d9a6a .av-post-metadata-container-inner{\nfont-size:12px;\n}\n<\/style>\n<div  class='av-post-metadata-container av-17oga8p-d126f219cb63310b0357bc20029d9a6a av-metadata-container-align-left  avia-builder-el-3  el_after_av_heading  el_before_av_textblock  av-metadata-container-1'><div class='av-post-metadata-container-inner'><span class=\"av-post-metadata-content av-post-metadata-meta-content\"><span class=\"av-post-metadata-content av-post-metadata-modified\"><span class=\"av-metadata-before av-metadata-before-modified\">Aktualisiert:<\/span><span class=\"av-post-metadata-modified-date\" >27. April 2026<\/span><\/span><\/span><\/div><\/div><br \/>\n\n<style type=\"text\/css\" data-created_by=\"avia_inline_auto\" id=\"style-css-av-jkuubohz-bbd292769511b836e32d8da8e9450d9c\">\n#top .av_textblock_section.av-jkuubohz-bbd292769511b836e32d8da8e9450d9c .avia_textblock{\nfont-size:20px;\n}\n<\/style>\n<section  class='av_textblock_section av-jkuubohz-bbd292769511b836e32d8da8e9450d9c '  ><div class='avia_textblock' ><p>Zu einer Demokratie geh\u00f6ren Mitbestimmung, freie Wahlen, Grundrechte, Freiheiten, Vielfalt, Toleranz und ein gutes soziales Miteinander. Kinder werden tagt\u00e4glich damit konfrontiert, ohne so genau zu verstehen, was das konkret bedeutet. Dabei ist es ganz entscheidend, junge Menschen fr\u00fch an demokratische Merkmale heranzuf\u00fchren \u2013 denn Kinder haben ein Recht auf Mitbestimmung, wollen mitwirken und mitgestalten. Nur: Wie k\u00f6nnen Sie Demokratiebildung im Schulunterricht \u00fcberhaupt altersgerecht umsetzen?<\/p>\n<\/div><\/section><br \/>\n\n<style type=\"text\/css\" data-created_by=\"avia_inline_auto\" id=\"style-css-av-jkuuo5h6-766f4b2dffba0e30ff9471e216b4ce12\">\n.avia-image-container.av-jkuuo5h6-766f4b2dffba0e30ff9471e216b4ce12 img.avia_image{\nbox-shadow:none;\n}\n.avia-image-container.av-jkuuo5h6-766f4b2dffba0e30ff9471e216b4ce12 .av-image-caption-overlay-center{\ncolor:#ffffff;\n}\n<\/style>\n<div  class='avia-image-container av-jkuuo5h6-766f4b2dffba0e30ff9471e216b4ce12 av-styling- avia-align-center  avia-builder-el-5  el_after_av_textblock  el_before_av_hr '  ><div class=\"avia-image-container-inner\"><div class=\"avia-image-overlay-wrap\"><img decoding=\"async\" fetchpriority=\"high\" class='wp-image-16129 avia-img-lazy-loading-not-16129 avia_image ' src=\"https:\/\/www.backwinkel.de\/blog\/wp-content\/uploads\/2025\/02\/backwinkel-blog-demokratie-leben-jetzt-teil-2.webp\" alt='' title='backwinkel-blog-demokratie-leben-jetzt-teil-2'  height=\"628\" width=\"1200\"  \/><\/div><\/div><\/div><br \/>\n\n<style type=\"text\/css\" data-created_by=\"avia_inline_auto\" id=\"style-css-av-jl6mo8rj-22-7487f0754a981739ab003e89aabaa170\">\n#top .hr.hr-invisible.av-jl6mo8rj-22-7487f0754a981739ab003e89aabaa170{\nheight:5px;\n}\n<\/style>\n<div  class='hr av-jl6mo8rj-22-7487f0754a981739ab003e89aabaa170 hr-invisible  avia-builder-el-6  el_after_av_image  el_before_av_textblock '><span class='hr-inner '><span class=\"hr-inner-style\"><\/span><\/span><\/div><br \/>\n\n<style type=\"text\/css\" data-created_by=\"avia_inline_auto\" id=\"style-css-av-jl7ql86y-0004168ca5c1e8188cabe38926610bb2\">\n#top .av_textblock_section.av-jl7ql86y-0004168ca5c1e8188cabe38926610bb2 .avia_textblock{\nfont-size:10px;\n}\n<\/style>\n<section  class='av_textblock_section av-jl7ql86y-0004168ca5c1e8188cabe38926610bb2 '  ><div class='avia_textblock' ><p class=\"bildnennung-beitrag\" style=\"text-align: left;\">\u00a9 ADOBE Stock<\/p>\n<\/div><\/section><br \/>\n\n<style type=\"text\/css\" data-created_by=\"avia_inline_auto\" id=\"style-css-av-jl6mo8rj-20-0a5ac640218ac986cc09276001136948\">\n#top .hr.hr-invisible.av-jl6mo8rj-20-0a5ac640218ac986cc09276001136948{\nheight:20px;\n}\n<\/style>\n<div  class='hr av-jl6mo8rj-20-0a5ac640218ac986cc09276001136948 hr-invisible  avia-builder-el-8  el_after_av_textblock  el_before_av_textblock '><span class='hr-inner '><span class=\"hr-inner-style\"><\/span><\/span><\/div><br \/>\n<section  class='av_textblock_section av-jkuubohz-21-75c91343a207bf8690976a030a515e24 '  ><div class='avia_textblock' ><p>In diesem zweiten Beitrag rund um die Demokratiebildung lesen Sie, wie wichtig die didaktische Perspektive ist und wie Sie das Thema im f\u00e4cher\u00fcbergreifenden Schulunterricht sinnvoll realisieren. Kostenloses Unterrichtsmaterial inklusive.<\/p>\n<\/div><\/section><\/p><\/div>\n<style type=\"text\/css\" data-created_by=\"avia_inline_auto\" id=\"style-css-av-swqf9-6bb490ea0cbb171c9d159bb967226129\">\n.flex_column.av-swqf9-6bb490ea0cbb171c9d159bb967226129{\nborder-radius:0px 0px 0px 0px;\npadding:20px 20px 20px 20px;\nbackground-color:#f2f2f2;\n}\n<\/style>\n<div  class='flex_column av-swqf9-6bb490ea0cbb171c9d159bb967226129 av_three_fifth  avia-builder-el-10  el_after_av_one_full  el_before_av_two_fifth  first flex_column_div  column-top-margin'     ><style type=\"text\/css\" data-created_by=\"avia_inline_auto\" id=\"style-css-av-jkuua5r2-f1beb4b164a3aefc9a751750d41d5b8e\">\n#top .av_textblock_section.av-jkuua5r2-f1beb4b164a3aefc9a751750d41d5b8e .avia_textblock{\nfont-size:14px;\n}\n<\/style>\n<section  class='av_textblock_section av-jkuua5r2-f1beb4b164a3aefc9a751750d41d5b8e '  ><div class='avia_textblock' ><p><strong>Inhalt<\/strong><\/p>\n<p><strong><a href=\"#1\">1. Didaktische Aspekte des Demokratielernens<\/a><\/strong><br \/>\n1.1 Sch\u00fclerorientierung als politdidaktisches Konzept<br \/>\n1.2 Erziehung zur M\u00fcndigkeit. \u201eLass es mich tun \u2013 und ich verstehe!\u201c<br \/>\n1.3 Exemplarisches Lernen<br \/>\n1.4 Wissenschaftlichkeit<\/p>\n<p><strong><a href=\"#2\">2. Beutelsbacher Konsens <\/a><\/strong><\/p>\n<\/div><\/section><\/div><\/p>\n\n<style type=\"text\/css\" data-created_by=\"avia_inline_auto\" id=\"style-css-av-2532d-6e1ea05e25305745634c0a02c87dc827\">\n.flex_column.av-2532d-6e1ea05e25305745634c0a02c87dc827{\nborder-radius:0px 0px 0px 0px;\npadding:0 0 0 0;\n}\n<\/style>\n<div  class='flex_column av-2532d-6e1ea05e25305745634c0a02c87dc827 av_two_fifth  avia-builder-el-12  el_after_av_three_fifth  el_before_av_sidebar  flex_column_div av-zero-column-padding  column-top-margin'     ><\/div>\n<div  class='avia-builder-widget-area clearfix  avia-builder-el-13  el_after_av_two_fifth  el_before_av_one_full '><div id=\"text-34\" class=\"widget clearfix widget_text\">\t\t\t<div class=\"textwidget\"><p><a href=\"https:\/\/www.backwinkel.de\/nachhaltig-denken\/\" target=\"\\_blank\" rel=\"noopener\"><br \/>\n<img decoding=\"async\" class=\"werbung-desktop alignnone wp-image-4186 size-full\" src=\"https:\/\/www.backwinkel.de\/blog\/wp-content\/uploads\/2026\/04\/Backwinkel-blog-werbebanner-shop-schule_desktop.jpg\" alt=\"\" width=\"1251\" height=\"201\" \/><br \/>\n<\/a><br \/>\n<a href=\"https:\/\/www.backwinkel.de\/nachhaltig-denken\/\" target=\"\\_blank\" rel=\"noopener\"><br \/>\n<img decoding=\"async\" class=\"werbung-mobile alignnone wp-image-4187 size-full\" src=\"https:\/\/www.backwinkel.de\/blog\/wp-content\/uploads\/2026\/04\/Backwinkel-blog-werbebanner-shop-schule_mobile.jpg\" alt=\"\" width=\"550\" height=\"500\" \/><br \/>\n<\/a><\/p>\n<\/div>\n\t\t<\/div><\/div>\n\n<style type=\"text\/css\" data-created_by=\"avia_inline_auto\" id=\"style-css-av-hh5al-9c53459d093ff912fcc98cf97e19d753\">\n.flex_column.av-hh5al-9c53459d093ff912fcc98cf97e19d753{\nborder-radius:0px 0px 0px 0px;\npadding:0px 0px 0px 0px;\n}\n<\/style>\n<div  class='flex_column av-hh5al-9c53459d093ff912fcc98cf97e19d753 av_one_full  avia-builder-el-14  el_after_av_sidebar  el_before_av_one_full  first flex_column_div av-zero-column-padding  '     ><section  class='av_textblock_section av-jkuul0eg-c8007ced910eec869d85a4d2f40b896b '  ><div class='avia_textblock' >\n<style type=\"text\/css\" data-created_by=\"avia_inline_auto\" id=\"style-css-av-7c7r8-1ad3209b7b9ea9c60cc97e362d76ea5e\">\n#top .hr.hr-invisible.av-7c7r8-1ad3209b7b9ea9c60cc97e362d76ea5e{\nheight:20px;\n}\n<\/style>\n<div  class='hr av-7c7r8-1ad3209b7b9ea9c60cc97e362d76ea5e hr-invisible  avia-builder-el-16  avia-builder-el-no-sibling '><span class='hr-inner '><span class=\"hr-inner-style\"><\/span><\/span><\/div>\n<h2 id=\"1\" class=\"position\"><strong>Didaktische Aspekte des Demokratielernens <\/strong><\/h2>\n<p>Der beste Schutz f\u00fcr unsere Demokratie besteht darin, sie zu leben und zu verteidigen, unsere Widerstandsf\u00e4higkeit zu erh\u00f6hen, Solidarit\u00e4t und Mitgestaltungsbereitschaft zu f\u00f6rdern, und damit schon bei unseren Kindern anzufangen. Leider ist festzustellen, dass <strong>Demokratieerziehung<\/strong> in den letzten Jahren eine zunehmend geringere Rolle im Schulalltag gespielt hat. Ein wesentlicher Grund daf\u00fcr war, dass nicht der selbstbestimmte und m\u00fcndige B\u00fcrger im Mittelpunkt politischer Vorstellungen stand, sondern der arbeitsf\u00e4hige Mensch, der seine Arbeitskraft m\u00f6glichst genau an die wirtschaftlichen Anforderungen angepasst bereitstellen sollte.<\/p>\n<p>Bei der Demokratieerziehung sind Themen und Fragestellungen des sozialen Lernens allerdings elementar wichtig. Demokratie ist hier als Form des Zusammenlebens zu betrachten. Insofern sind die Lebensumwelt und die Alltagserfahrungen der Kinder in besonderer Weise zu ber\u00fccksichtigen. Von Bedeutung ist hier eine sogenannte wertebildende Besch\u00e4ftigung mit den \u201epolitischen\u201c Inhalten. Hierzu geh\u00f6rt die Entwicklung von moralischen \u00dcberzeugungen ebenso wie eine grundlegende Pers\u00f6nlichkeitsentwicklung.<\/p>\n<p>Demokratische Prinzipien wie Anerkennung, Wertsch\u00e4tzung, Individualit\u00e4t, Meinungsfreiheit, Dialog und Partizipation spielen eine wichtige Rolle. Es ist wichtig, dass Ihre Sch\u00fclerinnen und Sch\u00fcler lernen, politische Zusammenh\u00e4nge zu verstehen und entsprechend zu handeln. Im Unterricht f\u00f6rdern Sie dies z. B., indem Sie Themen wie Demokratiegef\u00e4hrdung, Friedenspolitik oder Umweltschutz praktisch erfahrbar machen.<\/p>\n<\/div><\/section><\/div>\n\n<style type=\"text\/css\" data-created_by=\"avia_inline_auto\" id=\"style-css-av-rkusok-4bf3662efebebf1e07db2dc99749d35d\">\n.flex_column.av-rkusok-4bf3662efebebf1e07db2dc99749d35d{\nborder-radius:0px 0px 0px 0px;\npadding:0px 0px 0px 0px;\n}\n<\/style>\n<div  class='flex_column av-rkusok-4bf3662efebebf1e07db2dc99749d35d av_one_full  avia-builder-el-17  el_after_av_one_full  el_before_av_one_full  first flex_column_div av-zero-column-padding  column-top-margin'     ><article  class='iconbox iconbox_top av-m6tdhbdx-da67a6500b265585ad12de915e1de74b  avia-builder-el-18  avia-builder-el-no-sibling  main_color' ><div class=\"iconbox_content\"><header class=\"entry-content-header\" aria-label=\"Icon: &lt;\/p&gt;\n&lt;h3&gt;&lt;strong&gt;Kostenloses Unterrichtsmaterial&lt;\/strong&gt;&lt;\/h3&gt;\n&lt;p&gt;\"><div class='iconbox_icon heading-color avia-iconfont avia-font-entypo-fontello' data-av_icon='\ue81e' data-av_iconfont='entypo-fontello'  ><\/div><h3 class='iconbox_content_title ' ><\/p>\n<h3><strong>Kostenloses Unterrichtsmaterial<\/strong><\/h3>\n<p><\/h3><\/header><div class='iconbox_content_container ' ><p>Jetzt h\u00e4tten Sie gern eine praktische Hilfe, mit der Sie Ihren Sch\u00fclerinnen und Sch\u00fclern altersgerecht und nachvollziehbar vermitteln, was Demokratie ist, was es mit unseren Grundrechten, unserer Freiheit und einer Wahl auf sich hat? Klicken Sie auf den Button und laden Sie das \u00bbKostenlose Unterrichtsmaterial f\u00fcr die 3. \u2013 6. Klasse\u00ab einfach herunter.<\/p>\n<div  class='avia-button-wrap av-29z0hl-d0231791a777b50c8232d56746c26ad1-wrap avia-button-left  avia-builder-el-19  avia-builder-el-no-sibling '><a href='https:\/\/blog.backwinkel.de\/wp-content\/uploads\/2025\/02\/BACKWINKEL-Gratisdownload-Demokratie.pdf'  class='avia-button av-29z0hl-d0231791a777b50c8232d56746c26ad1 av-link-btn avia-icon_select-no avia-size-large avia-position-left avia-color-theme-color'  target=\"_blank\"  rel=\"noopener noreferrer\"  aria-label=\"Download: kostenloses Unterrichtsmaterial\"><span class='avia_iconbox_title' >Download: kostenloses Unterrichtsmaterial<\/span><\/a><\/div>\n<\/div><\/div><footer class=\"entry-footer\"><\/footer><\/article><\/div>\n\n<style type=\"text\/css\" data-created_by=\"avia_inline_auto\" id=\"style-css-av-1dgh4tr-028017735f1109ef7ca298bbde3ea0c5\">\n.flex_column.av-1dgh4tr-028017735f1109ef7ca298bbde3ea0c5{\nborder-radius:0px 0px 0px 0px;\npadding:0px 0px 0px 0px;\n}\n<\/style>\n<div  class='flex_column av-1dgh4tr-028017735f1109ef7ca298bbde3ea0c5 av_one_full  avia-builder-el-20  el_after_av_one_full  el_before_av_one_half  first flex_column_div av-zero-column-padding  column-top-margin'     ><section  class='av_textblock_section av-m5ql3f05-19b0561321cf6408435fcd83ed64d8de '  ><div class='avia_textblock' >\n<style type=\"text\/css\" data-created_by=\"avia_inline_auto\" id=\"style-css-av-irxq5e-919e4ce30dbe918866e0082c260aa414\">\n#top .hr.hr-invisible.av-irxq5e-919e4ce30dbe918866e0082c260aa414{\nheight:20px;\n}\n<\/style>\n<div  class='hr av-irxq5e-919e4ce30dbe918866e0082c260aa414 hr-invisible  avia-builder-el-22  avia-builder-el-no-sibling '><span class='hr-inner '><span class=\"hr-inner-style\"><\/span><\/span><\/div>\n<h3><strong>Sch\u00fclerorientierung als politikdidaktisches Konzept <\/strong><\/h3>\n<p>Sch\u00fclerorientierung stellt ein politikdidaktisches Konzept der emanzipatorischen Bildung dar. Autonomie, M\u00fcndigkeit und Selbstbestimmung, gesellschaftliche Mitbestimmung sowie demokratische Partizipation charakterisieren hierbei den Anspruch dieses didaktischen Prinzips. Dabei ist es zun\u00e4chst einmal wichtig, die anthropogenen und soziokulturellen Voraussetzungen der Sch\u00fclerinnen und Sch\u00fcler, ihr Lebensumfeld, ihr Verhalten in der Schule sowie ihr Verh\u00e4ltnis zum Unterrichtsgegenstand kennenzulernen.<\/p>\n<p>Sch\u00fclerorientiert bedeutet, Sch\u00fclerinnen und Sch\u00fcler in allen Phasen der unterrichtlichen Arbeit einzubeziehen. Dies beginnt bei der Planung und Vorbereitung des Unterrichts, erstreckt sich \u00fcber den eigentlichen unterrichtlichen Prozess bis hin zur Reflexion \u00fcber den Unterricht. Die Sch\u00fclerinnen und Sch\u00fcler m\u00fcssen mit ihren Bed\u00fcrfnissen und Vorstellungen ernst genommen werden. Ihre Vorerfahrungen werden dabei in den Unterrichtsprozess integriert bzw. verst\u00e4rkt zum Ausgangspunkt f\u00fcr den Unterricht gemacht.<\/p>\n<p>Ein sch\u00fclerorientierter Unterricht zielt auf \u201emenschenw\u00fcrdige\u201c Lernprozesse zur Entfaltung des gesamten menschlichen Potenzials. Erst in einer \u201esch\u00fclerorientierten Atmosph\u00e4re\u201c, in der sich die Kinder als ganze Person entfalten k\u00f6nnen, werden sie ihre volle Leistungsf\u00e4higkeit entwickeln. Das bedeutet auch, dass ein positives Unterrichtsklima herrschen muss. Die Sch\u00fclerinnen und Sch\u00fcler m\u00fcssen sp\u00fcren, dass sie als Person in ihrer Eigenart angenommen werden.<\/p>\n<p>Als Lehrkraft sollten Sie deutlich machen, dass Sie Vertrauen haben, Ihre Sch\u00fclerinnen und Sch\u00fclern verstehen und akzeptieren. Geben Sie Ihre belehrende Rolle ruhig weitgehend auf und unterst\u00fctzen Sie selbstbestimmtes Lernen. Nur in einer \u201ewachstumsf\u00f6rdernden Beziehung\u201c zwischen dem Erwachsenen und dem Kind k\u00f6nnen Sie f\u00f6rderliche Erziehungs- und Bildungsarbeit leisten.<\/p>\n<p>Durch personenzentrierte Haltungen wie Echtheit und Aufrichtigkeit, Wertsch\u00e4tzung und einf\u00fchlendes Verstehen l\u00e4sst sich die Beziehung beschreiben. Die Meinungen der Kinder werden ernst genommen, ihnen wird ein hohes Ma\u00df an Eigenverantwortung zugestanden und auch zugemutet. Nicht Ihre Deutung als Lehrkraft steht im Vordergrund, sondern die Bedeutung einer Erfahrung f\u00fcr den anderen.<\/p>\n<\/div><\/section><\/div>\n\n<style type=\"text\/css\" data-created_by=\"avia_inline_auto\" id=\"style-css-av-1a8wwc4-895836141559e394de6842f0140348aa\">\n.flex_column.av-1a8wwc4-895836141559e394de6842f0140348aa{\nborder-radius:0px 0px 0px 0px;\npadding:10px 10px 10px 10px;\n}\n<\/style>\n<div  class='flex_column av-1a8wwc4-895836141559e394de6842f0140348aa av_one_half  avia-builder-el-23  el_after_av_one_full  el_before_av_one_full  first flex_column_div  column-top-margin'     ><section  class='av_textblock_section av-121b6mx-3c317eb2cfe97121f2178eb1f0f9305b '  ><div class='avia_textblock infoboxGreen' ><p>Den gro\u00dfen Themenblock <strong>Mitbestimmung und Wahlen<\/strong> machen Sie f\u00fcr Kinder mit diesem Heft greifbar und verst\u00e4ndlich:<\/p>\n<p style=\"text-align: center;\"><a href=\"https:\/\/www.backwinkel.de\/prod\/demokratie-heft-unsere-stimme-unsere-wahl.html\" target=\"_blank\" rel=\"noopener\"><img decoding=\"async\" class=\"alignnone wp-image-16136\" src=\"https:\/\/blog.backwinkel.de\/wp-content\/uploads\/2025\/02\/61697-unsere-stimme-unsere-wahl-demokratie-leben.webp\" alt=\"\" width=\"246\" height=\"350\" srcset=\"https:\/\/www.backwinkel.de\/blog\/wp-content\/uploads\/2025\/02\/61697-unsere-stimme-unsere-wahl-demokratie-leben.webp 1442w, https:\/\/www.backwinkel.de\/blog\/wp-content\/uploads\/2025\/02\/61697-unsere-stimme-unsere-wahl-demokratie-leben-1082x1536.webp 1082w\" sizes=\"(max-width: 246px) 100vw, 246px\" \/><\/a><\/p>\n<p style=\"font-size: 20px; font-family: urw_grotesk_extra_narrowrg; text-align: left;\">Unsere Stimme, unsere Wahl \u2022 Demokratie-Projekt f\u00fcr Kinder,<br \/>\n3. \u2013 6. Klasse<\/p>\n<p style=\"text-align: left;\"><div  class='avia-button-wrap av-jcnndl-ee54ac97a59eadc7c7217ea218bb3110-wrap avia-button-center  avia-builder-el-25  avia-builder-el-no-sibling '><a href='https:\/\/www.backwinkel.de\/prod\/demokratie-heft-unsere-stimme-unsere-wahl.html'  class='avia-button av-jcnndl-ee54ac97a59eadc7c7217ea218bb3110 av-link-btn avia-icon_select-no avia-size-medium avia-position-center avia-color-theme-color'  target=\"_blank\"  rel=\"noopener noreferrer\"  aria-label=\"zum Produkt\"><span class='avia_iconbox_title' >zum Produkt<\/span><\/a><\/div><\/p>\n<\/div><\/section><\/div>\n\n<style type=\"text\/css\" data-created_by=\"avia_inline_auto\" id=\"style-css-av-5vgein6-110eca1722cb2d5ee508fc6852af404a\">\n.flex_column.av-5vgein6-110eca1722cb2d5ee508fc6852af404a{\nborder-radius:0px 0px 0px 0px;\npadding:0px 0px 0px 0px;\n}\n<\/style>\n<div  class='flex_column av-5vgein6-110eca1722cb2d5ee508fc6852af404a av_one_full  avia-builder-el-26  el_after_av_one_half  el_before_av_one_half  first flex_column_div av-zero-column-padding  column-top-margin'     ><section  class='av_textblock_section av-ly73056a-3b6a6b8255253c9bce52b0f4964228be '  ><div class='avia_textblock' >\n<style type=\"text\/css\" data-created_by=\"avia_inline_auto\" id=\"style-css-av-irxq5e-4-ffeed04206fc41f3c519bc4f9615bd6a\">\n#top .hr.hr-invisible.av-irxq5e-4-ffeed04206fc41f3c519bc4f9615bd6a{\nheight:20px;\n}\n<\/style>\n<div  class='hr av-irxq5e-4-ffeed04206fc41f3c519bc4f9615bd6a hr-invisible  avia-builder-el-28  avia-builder-el-no-sibling '><span class='hr-inner '><span class=\"hr-inner-style\"><\/span><\/span><\/div>\n<h3><strong>Erziehung zur M\u00fcndigkeit. \u201eLass es mich tun \u2013 und ich verstehe!\u201c <\/strong><\/h3>\n<p>Ein handlungsorientierter Unterricht ist in besonderer Weise geeignet, die p\u00e4dagogischen Ziele von Demokratieerziehung zu realisieren: Erziehung zur M\u00fcndigkeit, zur selbstbestimmten Pers\u00f6nlichkeit, zu einem aktiven Gesellschaftsmitglied. Mit <strong>handlungsorientiertem Unterricht<\/strong> ist ein umfassendes unterrichtstheoretisches und -praktisches Konzept zu verstehen, das mehr als Kriterien wie Selbstst\u00e4ndigkeit und Freiheitsr\u00e4ume der Sch\u00fclerinnen und Sch\u00fcler, praktisches Tun und Sch\u00fcleraktivit\u00e4t erf\u00fcllt.<\/p>\n<p>Der p\u00e4dagogische Grundansatz eines handlungsorientierten Unterrichts liegt darin, eine Alternative zum verkopften Unterricht zu bieten, bei dem die Belehrung durch die Lehrkraft und das Reden \u00fcber die Wirklichkeit anstatt der aktiven Auseinandersetzung dominieren. Merkmale wie Erfahrungsbezug, Vermittlung von Interessen, Lernen mit Kopf und Hand, Aktivierung vieler Sinne, Zielbestimmung, Offenheit, Soziales Lernen und gesellschaftliche Relevanz kennzeichnen das handlungsorientierte Lernen.<\/p>\n<\/div><\/section><\/div>\n\n<style type=\"text\/css\" data-created_by=\"avia_inline_auto\" id=\"style-css-av-23p9wvt-bb2fcf37f6d648ed8b1419cf78a4a97a\">\n.flex_column.av-23p9wvt-bb2fcf37f6d648ed8b1419cf78a4a97a{\nborder-radius:0px 0px 0px 0px;\npadding:10px 10px 10px 10px;\n}\n<\/style>\n<div  class='flex_column av-23p9wvt-bb2fcf37f6d648ed8b1419cf78a4a97a av_one_half  avia-builder-el-29  el_after_av_one_full  el_before_av_one_full  first flex_column_div  column-top-margin'     ><section  class='av_textblock_section av-m85wsdae-63910e1294e44262faecd8b35c48017b '  ><div class='avia_textblock infoboxGreen' ><p>Grundrechte und Freiheiten in Gefahr? Die Projektmappe greift das wichtige Thema altersgerecht und mit vielen handlungsorientierten Aufgaben auf:<\/p>\n<p style=\"text-align: center;\"><a href=\"https:\/\/www.backwinkel.de\/prod\/demokratie-heft-unsere-grundrechte-unsere-freiheit.html\" target=\"_blank\" rel=\"noopener\"><img decoding=\"async\" class=\"alignnone wp-image-16140\" src=\"https:\/\/blog.backwinkel.de\/wp-content\/uploads\/2025\/02\/61696-unsere-grundrechte-unsere-freiheit-demokratie-leben.webp\" alt=\"\" width=\"248\" height=\"350\" srcset=\"https:\/\/www.backwinkel.de\/blog\/wp-content\/uploads\/2025\/02\/61696-unsere-grundrechte-unsere-freiheit-demokratie-leben.webp 1449w, https:\/\/www.backwinkel.de\/blog\/wp-content\/uploads\/2025\/02\/61696-unsere-grundrechte-unsere-freiheit-demokratie-leben-1087x1536.webp 1087w\" sizes=\"(max-width: 248px) 100vw, 248px\" \/><\/a><\/p>\n<p style=\"font-size: 20px; font-family: urw_grotesk_extra_narrowrg; text-align: left;\">Unsere Grundrechte, unsere Freiheit \u2022 Demokratie-Projekt f\u00fcr Kinder, 3. \u2013 6. Klasse<\/p>\n<p style=\"text-align: left;\"><div  class='avia-button-wrap av-2k5bcht-d051e53cb320501d0e415458ddaec88b-wrap avia-button-center  avia-builder-el-31  avia-builder-el-no-sibling '><a href='https:\/\/www.backwinkel.de\/prod\/demokratie-heft-unsere-grundrechte-unsere-freiheit.html'  class='avia-button av-2k5bcht-d051e53cb320501d0e415458ddaec88b av-link-btn avia-icon_select-no avia-size-medium avia-position-center avia-color-theme-color'  target=\"_blank\"  rel=\"noopener noreferrer\"  aria-label=\"zum Produkt\"><span class='avia_iconbox_title' >zum Produkt<\/span><\/a><\/div><\/p>\n<\/div><\/section><\/div>\n\n<style type=\"text\/css\" data-created_by=\"avia_inline_auto\" id=\"style-css-av-11fmzle-f476126a82219a77970f520c1fe2debc\">\n.flex_column.av-11fmzle-f476126a82219a77970f520c1fe2debc{\nborder-radius:0px 0px 0px 0px;\npadding:0px 0px 0px 0px;\n}\n<\/style>\n<div  class='flex_column av-11fmzle-f476126a82219a77970f520c1fe2debc av_one_full  avia-builder-el-32  el_after_av_one_half  el_before_av_one_half  first flex_column_div av-zero-column-padding  column-top-margin'     ><section  class='av_textblock_section av-m23eh6lg-017d09b2a1b4aa57efe59d67b917cd97 '  ><div class='avia_textblock' >\n<style type=\"text\/css\" data-created_by=\"avia_inline_auto\" id=\"style-css-av-irxq5e-4-2-68f35029aec6dfe62c482b6a79cb5019\">\n#top .hr.hr-invisible.av-irxq5e-4-2-68f35029aec6dfe62c482b6a79cb5019{\nheight:20px;\n}\n<\/style>\n<div  class='hr av-irxq5e-4-2-68f35029aec6dfe62c482b6a79cb5019 hr-invisible  avia-builder-el-34  avia-builder-el-no-sibling '><span class='hr-inner '><span class=\"hr-inner-style\"><\/span><\/span><\/div>\n<h3><strong>Exemplarisches Lernen <\/strong><\/h3>\n<p>Von grundlegender Bedeutung beim politischen Lernen ist das Prinzip des exemplarischen Lernens. Das exemplarische Lernen ist in besonderer Weise geeignet, der in zahlreichen Unterrichtsf\u00e4chern st\u00e4ndig anzutreffenden Stofff\u00fclle zu entgehen. Das Prinzip des exemplarischen Lernens bei der politischen Bildung zielt darauf ab, das Wissen zu vermitteln, das von allgemeiner, existenzieller Bedeutung ist.<\/p>\n<p>Konkret auf die Inhalte des politischen Unterrichts bezogen bedeutet dies die Besch\u00e4ftigung mit dem Schutz des Lebens bzw. dem \u00dcberleben des Einzelnen, der Gesellschaft, in der sich die Lernenden befinden bzw. der gesamten Menschheit. Selbstverst\u00e4ndlich geh\u00f6ren in besonderer Weise auch Fragen nach der Menschenw\u00fcrde, das hei\u00dft der Sicherung eines menschenw\u00fcrdigen Lebens, dazu. Aus dieser inhaltlichen Schwerpunktsetzung l\u00e4sst sich die Notwendigkeit des exemplarischen Prinzips ableiten, das sich bei der Themenauswahl an diesen \u00dcberlegungen orientiert.<\/p>\n<\/div><\/section><\/div>\n\n<style type=\"text\/css\" data-created_by=\"avia_inline_auto\" id=\"style-css-av-1owh3mh-571598f8aa53707a501bf5b4e6c0be67\">\n.flex_column.av-1owh3mh-571598f8aa53707a501bf5b4e6c0be67{\nborder-radius:0px 0px 0px 0px;\npadding:10px 10px 10px 10px;\n}\n<\/style>\n<div  class='flex_column av-1owh3mh-571598f8aa53707a501bf5b4e6c0be67 av_one_half  avia-builder-el-35  el_after_av_one_full  el_before_av_one_full  first flex_column_div  column-top-margin'     ><section  class='av_textblock_section av-m85x0zio-848868a5c8547e4617d50f65a7b01f1d '  ><div class='avia_textblock infoboxGreen' ><p>In den Lesetandems Demokratie 3.\/4. Klasse lesen Ihre Sch\u00fclerinnen und Sch\u00fcler alles rund um Demokratiebildung, Mitbestimmung und Engagement.<\/p>\n<p style=\"text-align: center;\"><a href=\"https:\/\/www.backwinkel.de\/prod\/demokratie-heft-lesetandems-demokratie-3-4-klasse.html\" target=\"_blank\" rel=\"noopener\"><img decoding=\"async\" class=\"alignnone wp-image-16141\" src=\"https:\/\/blog.backwinkel.de\/wp-content\/uploads\/2025\/02\/61698-lesetandems-demokratie-titelbild-demokratie-leben.webp\" alt=\"\" width=\"246\" height=\"350\" srcset=\"https:\/\/www.backwinkel.de\/blog\/wp-content\/uploads\/2025\/02\/61698-lesetandems-demokratie-titelbild-demokratie-leben.webp 1439w, https:\/\/www.backwinkel.de\/blog\/wp-content\/uploads\/2025\/02\/61698-lesetandems-demokratie-titelbild-demokratie-leben-1079x1536.webp 1079w\" sizes=\"(max-width: 246px) 100vw, 246px\" \/><\/a><\/p>\n<p style=\"font-size: 20px; font-family: urw_grotesk_extra_narrowrg; text-align: left;\">Lesetandems Demokratie 3.\/4. Klasse<\/p>\n<p style=\"text-align: left;\"><div  class='avia-button-wrap av-11m0c1t-5093320fa97ad0e0043ad3e1dd8bcbfa-wrap avia-button-center  avia-builder-el-37  avia-builder-el-no-sibling '><a href='https:\/\/www.backwinkel.de\/prod\/demokratfie-heft-lesetandems-demokratie-3-4-klasse.html'  class='avia-button av-11m0c1t-5093320fa97ad0e0043ad3e1dd8bcbfa av-link-btn avia-icon_select-no avia-size-medium avia-position-center avia-color-theme-color'  target=\"_blank\"  rel=\"noopener noreferrer\"  aria-label=\"zum Produkt\"><span class='avia_iconbox_title' >zum Produkt<\/span><\/a><\/div><\/p>\n<\/div><\/section><\/div>\n\n<style type=\"text\/css\" data-created_by=\"avia_inline_auto\" id=\"style-css-av-onj7kx-76b6f531e82de940286d1c06b7e0be67\">\n.flex_column.av-onj7kx-76b6f531e82de940286d1c06b7e0be67{\nborder-radius:0px 0px 0px 0px;\npadding:0px 0px 0px 0px;\n}\n<\/style>\n<div  class='flex_column av-onj7kx-76b6f531e82de940286d1c06b7e0be67 av_one_full  avia-builder-el-38  el_after_av_one_half  el_before_av_one_full  first flex_column_div av-zero-column-padding  column-top-margin'     ><section  class='av_textblock_section av-m4bfxggh-bdd5013ad71a5005cc3545c13f1b504b '  ><div class='avia_textblock' >\n<style type=\"text\/css\" data-created_by=\"avia_inline_auto\" id=\"style-css-av-irxq5e-4-1-4464e4c9587a1d65ff60c585d8b0f89b\">\n#top .hr.hr-invisible.av-irxq5e-4-1-4464e4c9587a1d65ff60c585d8b0f89b{\nheight:20px;\n}\n<\/style>\n<div  class='hr av-irxq5e-4-1-4464e4c9587a1d65ff60c585d8b0f89b hr-invisible  avia-builder-el-40  avia-builder-el-no-sibling '><span class='hr-inner '><span class=\"hr-inner-style\"><\/span><\/span><\/div>\n<h3><strong>Wissenschaftlichkeit <\/strong><\/h3>\n<p>Demokratieerziehung ist einer verantwortungsbewussten Sachlichkeit verpflichtet. Ohne grundlegende Informationen ist <strong>keine<\/strong> Bewusstseinsbildung m\u00f6glich. Insofern sind Lehrkr\u00e4fte der wissenschaftlichen Wahrheit verpflichtet. Sie bildet die Grundlage f\u00fcr jeden Unterricht, so nat\u00fcrlich auch des Demokratieunterrichts. In diesem Zusammenhang weise ich auf das psychologische Ph\u00e4nomen des sogenannten Best\u00e4tigungsdenkens hin. Danach favorisieren Menschen immer die Meinungen und Positionen, die der eigenen am n\u00e4chsten kommen, die sie \u201ebest\u00e4tigen\u201c. Dieses weit verbreitete Denken f\u00fchrt dazu, dass entgegengesetzte Positionen oft nicht gesehen bzw. ernst genommen werden. Es ist also wichtig, dass immer m\u00f6glichst viele, auch gegens\u00e4tzliche Positionen in der Auseinandersetzung mit politischen Themen wahrgenommen werden.<\/p>\n<\/div><\/section><\/div>\n\n<style type=\"text\/css\" data-created_by=\"avia_inline_auto\" id=\"style-css-av-3lqp5l-7f50bec883a608b42a4af18e9e653c4b\">\n.flex_column.av-3lqp5l-7f50bec883a608b42a4af18e9e653c4b{\nborder-radius:0px 0px 0px 0px;\npadding:0px 0px 0px 0px;\n}\n<\/style>\n<div  class='flex_column av-3lqp5l-7f50bec883a608b42a4af18e9e653c4b av_one_full  avia-builder-el-41  el_after_av_one_full  el_before_av_one_full  first flex_column_div av-zero-column-padding  column-top-margin'     ><section  class='av_textblock_section av-m85x3san-5bcab1fa2409aec3d83a69632ad70afc '  ><div class='avia_textblock' >\n<style type=\"text\/css\" data-created_by=\"avia_inline_auto\" id=\"style-css-av-rk2xqx-3412a3870a80ee2de74fce8c0e233673\">\n#top .hr.hr-invisible.av-rk2xqx-3412a3870a80ee2de74fce8c0e233673{\nheight:20px;\n}\n<\/style>\n<div  class='hr av-rk2xqx-3412a3870a80ee2de74fce8c0e233673 hr-invisible  avia-builder-el-43  avia-builder-el-no-sibling '><span class='hr-inner '><span class=\"hr-inner-style\"><\/span><\/span><\/div>\n<h2 id=\"2\" class=\"position\"><strong>Beutelsbacher Konsens <\/strong><\/h2>\n<p>Einen besonderen Stellenwert bei der politischen Bildung in der Schule nimmt der Beutelsbacher Konsens ein. Diese 1976 formulierte \u201eVerpflichtung\u201c der Lehrkraft f\u00fcr den politischen Unterricht bestimmt bis heute die Debatte und stellt die Lehrerinnen und Lehrer immer wieder vor Herausforderungen in ihrer p\u00e4dagogischen Arbeit. Konkret enth\u00e4lt der Beutelsbacher Konsens drei grundlegende Elemente:<\/p>\n<ol>\n<li>das \u00dcberw\u00e4ltigungsverbot, also die Forderung, im politischen Unterricht die Sch\u00fclerinnen und Sch\u00fcler nicht zu indoktrinieren<\/li>\n<li>das Kontroversit\u00e4tsgebot, also die Beachtung kontroverser Positionen in Wissenschaft und Politik<\/li>\n<li>die Teilnehmenden-Orientierung, also die Bef\u00e4higung der Sch\u00fclerinnen und Sch\u00fcler, in politischen Situationen ihre eigenen Interessen zu analysieren.<\/li>\n<\/ol>\n<p>Die Forderungen des Beutelsbacher Konsenses haben bei vielen Lehrkr\u00e4ften \u2013 gerade in letzter Zeit \u2013 zu einer gro\u00dfen Verunsicherung gef\u00fchrt. Hierbei ging es vor allem darum, in welchem Rahmen sie zu konkreten politischen Fragestellungen eine wertende Stellung beziehen d\u00fcrfen. Vor allem das \u00dcberw\u00e4ltigungsverbot des Beutelsbacher Konsenses f\u00fchrt zu der Verunsicherung, klar Position zu beziehen. Nach dem Beutelsbacher Konsens sind kontroverse Themen auch <strong>kontrovers<\/strong> zu behandeln. Innerhalb dieses Rahmens darf die Lehrkraft ihre eigene Sicht zwar ausdr\u00fccken, aber nicht als allgemeing\u00fcltig hinstellen. Sie verst\u00f6\u00dft dabei nicht gegen das Neutralit\u00e4tsgebot, wenn sie auch die eigene Betroffenheit zum Ausdruck bringt. Dies ist nicht nur erlaubt, sondern auch p\u00e4dagogisch sinnvoll.<\/p>\n<p>Die Sch\u00fclerinnen und Sch\u00fcler sollen sich selbst anhand von sicheren Quellen ein eigenes Urteil bilden. Es ist Aufgabe der Lehrerinnen und Lehrer verschiedene Perspektiven zu erm\u00f6glichen, zum Beispiel zu verfassungsfeindlichen Tendenzen einzelner Parteien sowie deren Protagonisten. Diese Frage ist \u2013 im Sinne des Schutzes unserer demokratischen Ordnung \u2013 durch entsprechende richterliche Entscheidungen gekl\u00e4rt. So d\u00fcrfen Lehrkr\u00e4fte, wenn es beispielsweise um den Angriffskrieg Russlands auf die Ukraine geht, Position beziehen \u2013 und sie m\u00fcssen dabei die Menschenrechte verteidigen.<\/p>\n<p>Lehrkr\u00e4fte haben sich f\u00fcr die Werte der Demokratie, f\u00fcr die Menschenrechte und f\u00fcr die Grunds\u00e4tze der verfassungsm\u00e4\u00dfigen Ordnung einzusetzen. Hierzu sind sie durch den rechtlichen Rahmen der Verfassung, durch das Beamtenrecht und das Schulrecht in den Bundesl\u00e4ndern verpflichtet. Andersrum: Die strikte Einhaltung eines Neutralit\u00e4tsgebotes entspr\u00e4che nicht der Verpflichtung zur F\u00f6rderung der Sch\u00fclerinnen und Sch\u00fclern zu m\u00fcndigen B\u00fcrgern.<\/p>\n<p><span style=\"font-size: 11pt; line-height: 12pt;\">Dieser Beitrag ist ein Auszug aus der Infobrosch\u00fcre f\u00fcr Lehrkr\u00e4fte \u00bbDemokratie leben \u2013 Jetzt: Gedanken und Tipps zur Demokratieerziehung in der Schule\u00ab. (BVK Buch Verlag Kempen 2025)<\/span><\/p>\n<\/div><\/section><\/div>\n\n<style type=\"text\/css\" data-created_by=\"avia_inline_auto\" id=\"style-css-av-1bxvnic-c2d0ba649d3598582792c9d7be25608d\">\n.flex_column.av-1bxvnic-c2d0ba649d3598582792c9d7be25608d{\nborder-radius:0px 0px 0px 0px;\npadding:10px 10px 10px 10px;\nbackground-color:#f2f2f2;\n}\n<\/style>\n<div  class='flex_column av-1bxvnic-c2d0ba649d3598582792c9d7be25608d av_one_full  avia-builder-el-44  el_after_av_one_full  el_before_av_one_full  first flex_column_div  column-top-margin'     ><section  class='av_textblock_section av-ozk50k-7f6c586f12cb6270d6f762c0460d7dfe '  ><div class='avia_textblock' ><p class=\"fussnoten-quellen\"><strong>Auch interessant<\/strong>:<\/p>\n<p><strong><a href=\"https:\/\/www.backwinkel.de\/blog\/demokratie-leben-jetzt\/\" target=\"_blank\" rel=\"noopener\">Demokratie leben \u2013 Jetzt!<\/a><\/strong><\/p>\n<p><strong><a href=\"https:\/\/www.backwinkel.de\/blog\/demokratie-leben-jetzt\/\" target=\"_blank\" rel=\"noopener\">Mit Fakten und hilfreichen Materialien vermitteln Sie unsere Staatsform<\/a><\/strong><\/p>\n<p><strong><a href=\"https:\/\/www.backwinkel.de\/blog\/demokratiebildung\/\" target=\"_blank\" rel=\"noopener\">Miteinander lernen: So geht Demokratiebildung in der Grundschule<\/a><\/strong><\/p>\n<p><strong><a href=\"https:\/\/www.backwinkel.de\/blog\/klassensprecher\/\" target=\"_blank\" rel=\"noopener\">Klassensprecher: Darum ist die Demokratiebildung schon in der Grundschule 1. Wahl<\/a><\/strong><\/p>\n<p><strong><a href=\"https:\/\/www.backwinkel.de\/blog\/her-mit-der-bildungswende\/\" target=\"_blank\" rel=\"noopener\">Her mit der Bildungswende \u2013 darum ist politische Bildung schon in der Primarstufe wichtig<\/a><\/strong><\/p>\n<p><strong><a href=\"https:\/\/www.backwinkel.de\/blog\/demokratie\/\" target=\"_blank\" rel=\"noopener\">Rechtsextreme Einstellungen nehmen zu \u2013 Demokratiebildung ist eine gute Idee<\/a><\/strong><\/p>\n<p><strong><a href=\"https:\/\/www.backwinkel.de\/blog\/demokratiebildung-kita\/\" target=\"_blank\" rel=\"noopener\">Demokratiebildung in der Kita. So f\u00fchlen sich Kinder einbezogen und bestimmen mit<\/a><\/strong><\/p>\n<\/div><\/section><\/div>\n\n<style type=\"text\/css\" data-created_by=\"avia_inline_auto\" id=\"style-css-av-4a8f13-8282735e1a69d4252a8ab107757df204\">\n.flex_column.av-4a8f13-8282735e1a69d4252a8ab107757df204{\nborder-radius:0px 0px 0px 0px;\npadding:10px 10px 10px 10px;\n}\n<\/style>\n<div  class='flex_column av-4a8f13-8282735e1a69d4252a8ab107757df204 av_one_full  avia-builder-el-46  el_after_av_one_full  el_before_av_one_full  first flex_column_div  column-top-margin'     ><section  class='av_textblock_section av-2ibyo7-105f90c883c0b4406936f8076e5ba294 '  ><div class='avia_textblock' ><p class=\"copyright\"><strong>\u00a9 Copyright \u2013 Urheberrechtshinweis<\/strong><br \/>\nAlle Inhalte auf www.backwinkel.de sowie www.backwinkel.de\/blog, insbesondere Texte, Fotografien und Grafiken, sind urheberrechtlich gesch\u00fctzt.<br \/>\nDas Urheberrecht liegt, soweit nicht ausdr\u00fccklich anders gekennzeichnet, bei der BACKWINKEL GmbH. Bitte fragen Sie uns, falls Sie die Inhalte dieses Internetangebotes verwenden m\u00f6chten.<br \/>\nWer gegen das Urheberrecht verst\u00f6\u00dft (z. B. Bilder oder Texte unerlaubt kopiert), macht sich gem. \u00a7\u00a7 106 ff UrhG strafbar, wird zudem kostenpflichtig abgemahnt und muss Schadensersatz leisten (\u00a7 97 UrhG).<\/p>\n<\/div><\/section><\/div>\n\n<style type=\"text\/css\" data-created_by=\"avia_inline_auto\" id=\"style-css-av-1p82t-b0e9719fe6c67aa5c6d1abf813961e55\">\n.flex_column.av-1p82t-b0e9719fe6c67aa5c6d1abf813961e55{\nborder-radius:0px 0px 0px 0px;\npadding:0px 0px 0px 0px;\n}\n<\/style>\n<div  class='flex_column av-1p82t-b0e9719fe6c67aa5c6d1abf813961e55 av_one_full  avia-builder-el-48  el_after_av_one_full  avia-builder-el-last  first flex_column_div av-zero-column-padding  column-top-margin'     ><p><section  class='av_textblock_section av-jlp4hxqo-91baaad30cd61f89630d15f8561d1750 '  ><div class='avia_textblock' ><div class=\"shariff shariff-align-left shariff-widget-align-left\"><ul class=\"shariff-buttons theme-color orientation-horizontal buttonsize-medium\"><li class=\"shariff-button whatsapp shariff-nocustomcolor\" style=\"background-color:#5cbe4a\"><a href=\"https:\/\/api.whatsapp.com\/send?text=https%3A%2F%2Fwww.backwinkel.de%2Fblog%2Fdemokratiebildung-unterricht%2F%20Demokratiebildung%20im%20Unterricht\" title=\"Bei Whatsapp teilen\" aria-label=\"Bei Whatsapp teilen\" role=\"button\" rel=\"noopener nofollow\" class=\"shariff-link\" style=\"; background-color:#34af23; color:#fff\" target=\"_blank\"><span class=\"shariff-icon\" style=\"\"><svg width=\"32px\" height=\"20px\" xmlns=\"http:\/\/www.w3.org\/2000\/svg\" viewBox=\"0 0 32 32\"><path fill=\"#34af23\" d=\"M17.6 17.4q0.2 0 1.7 0.8t1.6 0.9q0 0.1 0 0.3 0 0.6-0.3 1.4-0.3 0.7-1.3 1.2t-1.8 0.5q-1 0-3.4-1.1-1.7-0.8-3-2.1t-2.6-3.3q-1.3-1.9-1.3-3.5v-0.1q0.1-1.6 1.3-2.8 0.4-0.4 0.9-0.4 0.1 0 0.3 0t0.3 0q0.3 0 0.5 0.1t0.3 0.5q0.1 0.4 0.6 1.6t0.4 1.3q0 0.4-0.6 1t-0.6 0.8q0 0.1 0.1 0.3 0.6 1.3 1.8 2.4 1 0.9 2.7 1.8 0.2 0.1 0.4 0.1 0.3 0 1-0.9t0.9-0.9zM14 26.9q2.3 0 4.3-0.9t3.6-2.4 2.4-3.6 0.9-4.3-0.9-4.3-2.4-3.6-3.6-2.4-4.3-0.9-4.3 0.9-3.6 2.4-2.4 3.6-0.9 4.3q0 3.6 2.1 6.6l-1.4 4.2 4.3-1.4q2.8 1.9 6.2 1.9zM14 2.2q2.7 0 5.2 1.1t4.3 2.9 2.9 4.3 1.1 5.2-1.1 5.2-2.9 4.3-4.3 2.9-5.2 1.1q-3.5 0-6.5-1.7l-7.4 2.4 2.4-7.2q-1.9-3.2-1.9-6.9 0-2.7 1.1-5.2t2.9-4.3 4.3-2.9 5.2-1.1z\"\/><\/svg><\/span><span class=\"shariff-text\">teilen<\/span>&nbsp;<\/a><\/li><li class=\"shariff-button facebook shariff-nocustomcolor\" style=\"background-color:#4273c8\"><a href=\"https:\/\/www.facebook.com\/sharer\/sharer.php?u=https%3A%2F%2Fwww.backwinkel.de%2Fblog%2Fdemokratiebildung-unterricht%2F\" title=\"Bei Facebook teilen\" aria-label=\"Bei Facebook teilen\" role=\"button\" rel=\"nofollow\" class=\"shariff-link\" style=\"; background-color:#3b5998; color:#fff\" target=\"_blank\"><span class=\"shariff-icon\" style=\"\"><svg width=\"32px\" height=\"20px\" xmlns=\"http:\/\/www.w3.org\/2000\/svg\" viewBox=\"0 0 18 32\"><path fill=\"#3b5998\" d=\"M17.1 0.2v4.7h-2.8q-1.5 0-2.1 0.6t-0.5 1.9v3.4h5.2l-0.7 5.3h-4.5v13.6h-5.5v-13.6h-4.5v-5.3h4.5v-3.9q0-3.3 1.9-5.2t5-1.8q2.6 0 4.1 0.2z\"\/><\/svg><\/span><span class=\"shariff-text\">teilen<\/span>&nbsp;<\/a><\/li><li class=\"shariff-button twitter shariff-nocustomcolor\" style=\"background-color:#595959\"><a href=\"https:\/\/twitter.com\/share?url=https%3A%2F%2Fwww.backwinkel.de%2Fblog%2Fdemokratiebildung-unterricht%2F&text=Demokratiebildung%20im%20Unterricht\" title=\"Bei X teilen\" aria-label=\"Bei X teilen\" role=\"button\" rel=\"noopener nofollow\" class=\"shariff-link\" style=\"; background-color:#000; color:#fff\" target=\"_blank\"><span class=\"shariff-icon\" style=\"\"><svg width=\"32px\" height=\"20px\" xmlns=\"http:\/\/www.w3.org\/2000\/svg\" viewBox=\"0 0 24 24\"><path fill=\"#000\" d=\"M14.258 10.152L23.176 0h-2.113l-7.747 8.813L7.133 0H0l9.352 13.328L0 23.973h2.113l8.176-9.309 6.531 9.309h7.133zm-2.895 3.293l-.949-1.328L2.875 1.56h3.246l6.086 8.523.945 1.328 7.91 11.078h-3.246zm0 0\"\/><\/svg><\/span><span class=\"shariff-text\">teilen<\/span>&nbsp;<\/a><\/li><li class=\"shariff-button pinterest shariff-nocustomcolor\" style=\"background-color:#e70f18\"><a href=\"https:\/\/www.pinterest.com\/pin\/create\/link\/?url=https%3A%2F%2Fwww.backwinkel.de%2Fblog%2Fdemokratiebildung-unterricht%2F&media=https%3A%2F%2Fwww.backwinkel.de%2Fblog%2Fwp-content%2Fuploads%2F2025%2F02%2Fbackwinkel-blog-demokratie-leben-jetzt-teil-2.webp&description=Demokratiebildung%20im%20Unterricht\" title=\"Bei Pinterest pinnen\" aria-label=\"Bei Pinterest pinnen\" role=\"button\" rel=\"noopener nofollow\" class=\"shariff-link\" style=\"; background-color:#cb2027; color:#fff\" target=\"_blank\"><span class=\"shariff-icon\" style=\"\"><svg width=\"32px\" height=\"20px\" xmlns=\"http:\/\/www.w3.org\/2000\/svg\" viewBox=\"0 0 27 32\"><path fill=\"#cb2027\" d=\"M27.4 16q0 3.7-1.8 6.9t-5 5-6.9 1.9q-2 0-3.9-0.6 1.1-1.7 1.4-2.9 0.2-0.6 1-3.8 0.4 0.7 1.3 1.2t2 0.5q2.1 0 3.8-1.2t2.7-3.4 0.9-4.8q0-2-1.1-3.8t-3.1-2.9-4.5-1.2q-1.9 0-3.5 0.5t-2.8 1.4-2 2-1.2 2.3-0.4 2.4q0 1.9 0.7 3.3t2.1 2q0.5 0.2 0.7-0.4 0-0.1 0.1-0.5t0.2-0.5q0.1-0.4-0.2-0.8-0.9-1.1-0.9-2.7 0-2.7 1.9-4.6t4.9-2q2.7 0 4.2 1.5t1.5 3.8q0 3-1.2 5.2t-3.1 2.1q-1.1 0-1.7-0.8t-0.4-1.9q0.1-0.6 0.5-1.7t0.5-1.8 0.2-1.4q0-0.9-0.5-1.5t-1.4-0.6q-1.1 0-1.9 1t-0.8 2.6q0 1.3 0.4 2.2l-1.8 7.5q-0.3 1.2-0.2 3.2-3.7-1.6-6-5t-2.3-7.6q0-3.7 1.9-6.9t5-5 6.9-1.9 6.9 1.9 5 5 1.8 6.9z\"\/><\/svg><\/span><span class=\"shariff-text\">merken<\/span>&nbsp;<\/a><\/li><li class=\"shariff-button mailto shariff-nocustomcolor\" style=\"background-color:#a8a8a8\"><a href=\"mailto:?body=https%3A%2F%2Fwww.backwinkel.de%2Fblog%2Fdemokratiebildung-unterricht%2F&subject=Demokratiebildung%20im%20Unterricht\" title=\"Per E-Mail versenden\" aria-label=\"Per E-Mail versenden\" role=\"button\" rel=\"noopener nofollow\" class=\"shariff-link\" style=\"; background-color:#999; color:#fff\"><span class=\"shariff-icon\" style=\"\"><svg width=\"32px\" height=\"20px\" xmlns=\"http:\/\/www.w3.org\/2000\/svg\" viewBox=\"0 0 32 32\"><path fill=\"#999\" d=\"M32 12.7v14.2q0 1.2-0.8 2t-2 0.9h-26.3q-1.2 0-2-0.9t-0.8-2v-14.2q0.8 0.9 1.8 1.6 6.5 4.4 8.9 6.1 1 0.8 1.6 1.2t1.7 0.9 2 0.4h0.1q0.9 0 2-0.4t1.7-0.9 1.6-1.2q3-2.2 8.9-6.1 1-0.7 1.8-1.6zM32 7.4q0 1.4-0.9 2.7t-2.2 2.2q-6.7 4.7-8.4 5.8-0.2 0.1-0.7 0.5t-1 0.7-0.9 0.6-1.1 0.5-0.9 0.2h-0.1q-0.4 0-0.9-0.2t-1.1-0.5-0.9-0.6-1-0.7-0.7-0.5q-1.6-1.1-4.7-3.2t-3.6-2.6q-1.1-0.7-2.1-2t-1-2.5q0-1.4 0.7-2.3t2.1-0.9h26.3q1.2 0 2 0.8t0.9 2z\"\/><\/svg><\/span><span class=\"shariff-text\">E-Mail<\/span>&nbsp;<\/a><\/li><\/ul><\/div>\n<\/div><\/section><br \/>\n<div  class='tabcontainer av-jlq8shhr-81242121e684ca07ed7e4b689c7d9116 top_tab  avia-builder-el-50  el_after_av_textblock  el_before_av_hr '>\n<section class='av_tab_section av_tab_section av-4w8jsn-bbdf9e923dedb1db49ad7c5dc47ef632' ><div id='tab-id-1-tab' class='tab active_tab' role='tab' aria-selected=\"true\" tabindex=\"0\" data-fake-id='#tab-id-1' aria-controls='tab-id-1-content' >Das BACKWINKEL-Blog-Team:<\/div><div id='tab-id-1-content' class='tab_content active_tab_content' role='tabpanel' aria-labelledby='tab-id-1-tab' aria-hidden=\"false\"><div class='tab_inner_content invers-color' ><p>Gibts auch ein Gesicht hinter dem BACKWINKEL-Blog? Nat\u00fcrlich. Sogar f\u00fcnf \ud83d\ude0a. Wir \u2013 Lukas, Marvin und Tatjana \u2013 bespielen unseren Blog im LACHEN LEBEN LERNEN-Firmensitz in Hattingen.<br \/>\nLukas kennt Onlinemarketing wie seine Westentasche, w\u00e4hrend Marvin unseren Beitr\u00e4gen den passenden gestalterischen Rahmen gibt und Tatjana mit dem gr\u00fcnen Korrekturstift alles pr\u00fcfend be\u00e4ugt, was unsere Freelancerautorinnen Elisa und Christine (und gern auch Gastautoren) aus der Ferne f\u00fcr den BACKWINKEL-Blog nach ordentlicher Recherche schreiben.<br \/>\nGemeinsam suchen wir st\u00e4ndig nach neuen, aufregenden Themen rund um das Thema Bildung im Kiga, der Schule und zu Hause. Und weil Sie da an der Quelle sitzen, freuen wir uns auf Ihre konstruktiven R\u00fcckmeldungen und Anregungen an blog[@]backwinkel.de<br \/>\nViel Spa\u00df beim LACHEN LESEN LERNEN!<\/p>\n<\/div><\/div><\/section>\n<\/div><br \/>\n\n<style type=\"text\/css\" data-created_by=\"avia_inline_auto\" id=\"style-css-av-jkuvdh82-b6ea5d9aca5d02d0d62bf300de93e492\">\n#top .hr.av-jkuvdh82-b6ea5d9aca5d02d0d62bf300de93e492{\nmargin-top:10px;\nmargin-bottom:10px;\n}\n.hr.av-jkuvdh82-b6ea5d9aca5d02d0d62bf300de93e492 .hr-inner{\nwidth:500;\n}\n<\/style>\n<div  class='hr av-jkuvdh82-b6ea5d9aca5d02d0d62bf300de93e492 hr-custom  avia-builder-el-51  el_after_av_tab_container  el_before_av_heading  hr-left hr-icon-no'><span class='hr-inner inner-border-av-border-thin'><span class=\"hr-inner-style\"><\/span><\/span><\/div><br \/>\n\n<style type=\"text\/css\" data-created_by=\"avia_inline_auto\" id=\"style-css-av-2rgq8p-eea5960d1a3bca7958b11dcc59b35b67\">\n#top .av-special-heading.av-2rgq8p-eea5960d1a3bca7958b11dcc59b35b67{\npadding-bottom:10px;\n}\nbody .av-special-heading.av-2rgq8p-eea5960d1a3bca7958b11dcc59b35b67 .av-special-heading-tag .heading-char{\nfont-size:25px;\n}\n.av-special-heading.av-2rgq8p-eea5960d1a3bca7958b11dcc59b35b67 .av-subheading{\nfont-size:15px;\n}\n<\/style>\n<div  class='av-special-heading av-2rgq8p-eea5960d1a3bca7958b11dcc59b35b67 av-special-heading-h3 blockquote modern-quote  avia-builder-el-52  el_after_av_hr  el_before_av_blog '><h3 class='av-special-heading-tag '  >PASSENDE BEITR\u00c4GE<\/h3><div class=\"special-heading-border\"><div class=\"special-heading-inner-border\"><\/div><\/div><\/div><br \/>\n<div  data-slideshow-options=\"{&quot;animation&quot;:&quot;fade&quot;,&quot;autoplay&quot;:false,&quot;loop_autoplay&quot;:&quot;once&quot;,&quot;interval&quot;:5,&quot;loop_manual&quot;:&quot;manual-endless&quot;,&quot;autoplay_stopper&quot;:false,&quot;noNavigation&quot;:false,&quot;show_slide_delay&quot;:90}\" class='avia-content-slider avia-content-grid-active avia-content-slider1 avia-content-slider-odd  avia-builder-el-53  el_after_av_heading  avia-builder-el-last  av-slideshow-ui av-control-default   av-no-slider-navigation av-slideshow-manual av-loop-once av-loop-manual-endless ' ><div class=\"avia-content-slider-inner\"><div class=\"slide-entry-wrap\"><article class='slide-entry flex_column  post-entry post-entry-14404 slide-entry-overview slide-loop-1 slide-parity-odd  av_one_third first real-thumbnail posttype-post post-format-standard' ><a href='https:\/\/www.backwinkel.de\/blog\/europa-und-wir\/' data-rel='slide-1' class='slide-image' title='Europa und wir'><img decoding=\"async\" fetchpriority=\"high\" width=\"1200\" height=\"628\" src=\"https:\/\/www.backwinkel.de\/blog\/wp-content\/uploads\/2024\/07\/Europa-heroimage.jpg\" class=\"wp-image-14445 avia-img-lazy-loading-not-14445 attachment-no scaling size-no scaling wp-post-image\" alt=\"\" \/><\/a><div class=\"slide-content\"><header class=\"entry-content-header\" aria-label=\"Slide: Europa und wir\"><h3 class='slide-entry-title entry-title ' ><a href='https:\/\/www.backwinkel.de\/blog\/europa-und-wir\/' title='Europa und wir'>Europa und wir<\/a><\/h3><span class=\"blog-categories minor-meta\"><a href=\"https:\/\/www.backwinkel.de\/blog\/category\/demokratie-beitrag-bvk\/\" rel=\"tag\">Demokratie Beitrag BVK<\/a>, <a href=\"https:\/\/www.backwinkel.de\/blog\/category\/schule-grundschule\/\" rel=\"tag\">Schule<\/a> <\/span><span class=\"av-vertical-delimiter\"><\/span><\/header><div class='slide-entry-excerpt entry-content' >Wer sind eigentlich unsere Nachbarn? Eine Projektidee<\/div><\/div><footer class=\"entry-footer\"><div class=\"slide-meta\"><time class='slide-meta-time updated' >9. Juli 2024<\/time><\/div><\/footer><\/article><article class='slide-entry flex_column  post-entry post-entry-13939 slide-entry-overview slide-loop-2 slide-parity-even  av_one_third  real-thumbnail posttype-post post-format-standard' ><a href='https:\/\/www.backwinkel.de\/blog\/startchancen-programm\/' data-rel='slide-1' class='slide-image' title='Startchancen-Programm'><img decoding=\"async\" fetchpriority=\"high\" width=\"1200\" height=\"628\" src=\"https:\/\/www.backwinkel.de\/blog\/wp-content\/uploads\/2024\/05\/Startchancen-programm_Hero_2024_kor.jpg\" class=\"wp-image-14520 avia-img-lazy-loading-not-14520 attachment-no scaling size-no scaling wp-post-image\" alt=\"\" \/><\/a><div class=\"slide-content\"><header class=\"entry-content-header\" aria-label=\"Slide: Startchancen-Programm\"><h3 class='slide-entry-title entry-title ' ><a href='https:\/\/www.backwinkel.de\/blog\/startchancen-programm\/' title='Startchancen-Programm'>Startchancen-Programm<\/a><\/h3><span class=\"blog-categories minor-meta\"><a href=\"https:\/\/www.backwinkel.de\/blog\/category\/demokratie-beitrag-bvk\/\" rel=\"tag\">Demokratie Beitrag BVK<\/a>, <a href=\"https:\/\/www.backwinkel.de\/blog\/category\/schule-grundschule\/\" rel=\"tag\">Schule<\/a> <\/span><span class=\"av-vertical-delimiter\"><\/span><\/header><div class='slide-entry-excerpt entry-content' >Jetzt gehts los!<\/div><\/div><footer class=\"entry-footer\"><div class=\"slide-meta\"><time class='slide-meta-time updated' >29. Mai 2024<\/time><\/div><\/footer><\/article><article class='slide-entry flex_column  post-entry post-entry-7255 slide-entry-overview slide-loop-3 slide-parity-odd  post-entry-last  av_one_third  real-thumbnail posttype-post post-format-standard' ><a href='https:\/\/www.backwinkel.de\/blog\/demokratiebildung\/' data-rel='slide-1' class='slide-image' title='Miteinander lernen:'><img decoding=\"async\" fetchpriority=\"high\" width=\"1200\" height=\"628\" src=\"https:\/\/www.backwinkel.de\/blog\/wp-content\/uploads\/2021\/05\/backwinkel-blog-demokratiebildung-schule-heroimage.jpg\" class=\"wp-image-7258 avia-img-lazy-loading-not-7258 attachment-no scaling size-no scaling wp-post-image\" alt=\"\" \/><\/a><div class=\"slide-content\"><header class=\"entry-content-header\" aria-label=\"Slide: Miteinander lernen:\"><h3 class='slide-entry-title entry-title ' ><a href='https:\/\/www.backwinkel.de\/blog\/demokratiebildung\/' title='Miteinander lernen:'>Miteinander lernen:<\/a><\/h3><span class=\"blog-categories minor-meta\"><a href=\"https:\/\/www.backwinkel.de\/blog\/category\/demokratie-beitrag-bvk\/\" rel=\"tag\">Demokratie Beitrag BVK<\/a>, <a href=\"https:\/\/www.backwinkel.de\/blog\/category\/schule-grundschule\/\" rel=\"tag\">Schule<\/a> <\/span><span class=\"av-vertical-delimiter\"><\/span><\/header><div class='slide-entry-excerpt entry-content' >So geht Demokratiebildung in der Grundschule<\/div><\/div><footer class=\"entry-footer\"><div class=\"slide-meta\"><time class='slide-meta-time updated' >7. Juni 2021<\/time><\/div><\/footer><\/article><\/div><\/div><\/div><\/p><\/div>\n","protected":false},"excerpt":{"rendered":"<p>Demokratie leben \u2013 Jetzt! (Gastbeitrag)<\/p>\n","protected":false},"author":1,"featured_media":16129,"comment_status":"closed","ping_status":"closed","sticky":false,"template":"","format":"standard","meta":{"inline_featured_image":false,"footnotes":""},"categories":[6],"tags":[],"class_list":["post-16121","post","type-post","status-publish","format-standard","has-post-thumbnail","hentry","category-schule-grundschule"],"yoast_head":"<!-- This site is optimized with the Yoast SEO plugin v27.4 - https:\/\/yoast.com\/product\/yoast-seo-wordpress\/ -->\n<title>Demokratiebildung im leben - Jetzt! | BACKWINKEL Blog<\/title>\n<meta name=\"robots\" content=\"index, follow, max-snippet:-1, max-image-preview:large, max-video-preview:-1\" \/>\n<link rel=\"canonical\" href=\"https:\/\/www.backwinkel.de\/blog\/demokratiebildung-unterricht\/\" \/>\n<meta property=\"og:locale\" content=\"de_DE\" \/>\n<meta property=\"og:type\" content=\"article\" \/>\n<meta property=\"og:title\" content=\"Demokratiebildung im leben - Jetzt! | BACKWINKEL Blog\" \/>\n<meta property=\"og:description\" content=\"Demokratie leben \u2013 Jetzt! (Gastbeitrag)\" \/>\n<meta property=\"og:url\" content=\"https:\/\/www.backwinkel.de\/blog\/demokratiebildung-unterricht\/\" \/>\n<meta property=\"og:site_name\" content=\"BACKWINKEL Blog\" \/>\n<meta property=\"article:published_time\" content=\"2025-03-24T08:00:05+00:00\" \/>\n<meta property=\"article:modified_time\" content=\"2026-04-27T06:03:25+00:00\" \/>\n<meta property=\"og:image\" content=\"https:\/\/www.backwinkel.de\/blog\/wp-content\/uploads\/2025\/02\/backwinkel-blog-demokratie-leben-jetzt-teil-2.webp\" \/>\n\t<meta property=\"og:image:width\" content=\"1200\" \/>\n\t<meta property=\"og:image:height\" content=\"628\" \/>\n\t<meta property=\"og:image:type\" content=\"image\/webp\" \/>\n<meta name=\"author\" content=\"admin_backwinkel\" \/>\n<meta name=\"twitter:card\" content=\"summary_large_image\" \/>\n<meta name=\"twitter:label1\" content=\"Verfasst von\" \/>\n\t<meta name=\"twitter:data1\" content=\"admin_backwinkel\" \/>\n\t<meta name=\"twitter:label2\" content=\"Gesch\u00e4tzte Lesezeit\" \/>\n\t<meta name=\"twitter:data2\" content=\"12\u00a0Minuten\" \/>\n<script type=\"application\/ld+json\" class=\"yoast-schema-graph\">{\"@context\":\"https:\\\/\\\/schema.org\",\"@graph\":[{\"@type\":\"Article\",\"@id\":\"https:\\\/\\\/www.backwinkel.de\\\/blog\\\/demokratiebildung-unterricht\\\/#article\",\"isPartOf\":{\"@id\":\"https:\\\/\\\/www.backwinkel.de\\\/blog\\\/demokratiebildung-unterricht\\\/\"},\"author\":{\"name\":\"admin_backwinkel\",\"@id\":\"https:\\\/\\\/www.backwinkel.de\\\/blog\\\/#\\\/schema\\\/person\\\/88b842297c0e471020a66f4476633cf2\"},\"headline\":\"Demokratiebildung im Unterricht\",\"datePublished\":\"2025-03-24T08:00:05+00:00\",\"dateModified\":\"2026-04-27T06:03:25+00:00\",\"mainEntityOfPage\":{\"@id\":\"https:\\\/\\\/www.backwinkel.de\\\/blog\\\/demokratiebildung-unterricht\\\/\"},\"wordCount\":6523,\"image\":{\"@id\":\"https:\\\/\\\/www.backwinkel.de\\\/blog\\\/demokratiebildung-unterricht\\\/#primaryimage\"},\"thumbnailUrl\":\"https:\\\/\\\/www.backwinkel.de\\\/blog\\\/wp-content\\\/uploads\\\/2025\\\/02\\\/backwinkel-blog-demokratie-leben-jetzt-teil-2.webp\",\"articleSection\":[\"Schule\"],\"inLanguage\":\"de\"},{\"@type\":\"WebPage\",\"@id\":\"https:\\\/\\\/www.backwinkel.de\\\/blog\\\/demokratiebildung-unterricht\\\/\",\"url\":\"https:\\\/\\\/www.backwinkel.de\\\/blog\\\/demokratiebildung-unterricht\\\/\",\"name\":\"Demokratiebildung im leben - Jetzt! | BACKWINKEL Blog\",\"isPartOf\":{\"@id\":\"https:\\\/\\\/www.backwinkel.de\\\/blog\\\/#website\"},\"primaryImageOfPage\":{\"@id\":\"https:\\\/\\\/www.backwinkel.de\\\/blog\\\/demokratiebildung-unterricht\\\/#primaryimage\"},\"image\":{\"@id\":\"https:\\\/\\\/www.backwinkel.de\\\/blog\\\/demokratiebildung-unterricht\\\/#primaryimage\"},\"thumbnailUrl\":\"https:\\\/\\\/www.backwinkel.de\\\/blog\\\/wp-content\\\/uploads\\\/2025\\\/02\\\/backwinkel-blog-demokratie-leben-jetzt-teil-2.webp\",\"datePublished\":\"2025-03-24T08:00:05+00:00\",\"dateModified\":\"2026-04-27T06:03:25+00:00\",\"author\":{\"@id\":\"https:\\\/\\\/www.backwinkel.de\\\/blog\\\/#\\\/schema\\\/person\\\/88b842297c0e471020a66f4476633cf2\"},\"breadcrumb\":{\"@id\":\"https:\\\/\\\/www.backwinkel.de\\\/blog\\\/demokratiebildung-unterricht\\\/#breadcrumb\"},\"inLanguage\":\"de\",\"potentialAction\":[{\"@type\":\"ReadAction\",\"target\":[\"https:\\\/\\\/www.backwinkel.de\\\/blog\\\/demokratiebildung-unterricht\\\/\"]}]},{\"@type\":\"ImageObject\",\"inLanguage\":\"de\",\"@id\":\"https:\\\/\\\/www.backwinkel.de\\\/blog\\\/demokratiebildung-unterricht\\\/#primaryimage\",\"url\":\"https:\\\/\\\/www.backwinkel.de\\\/blog\\\/wp-content\\\/uploads\\\/2025\\\/02\\\/backwinkel-blog-demokratie-leben-jetzt-teil-2.webp\",\"contentUrl\":\"https:\\\/\\\/www.backwinkel.de\\\/blog\\\/wp-content\\\/uploads\\\/2025\\\/02\\\/backwinkel-blog-demokratie-leben-jetzt-teil-2.webp\",\"width\":1200,\"height\":628},{\"@type\":\"BreadcrumbList\",\"@id\":\"https:\\\/\\\/www.backwinkel.de\\\/blog\\\/demokratiebildung-unterricht\\\/#breadcrumb\",\"itemListElement\":[{\"@type\":\"ListItem\",\"position\":1,\"name\":\"Startseite\",\"item\":\"https:\\\/\\\/blog.backwinkel.de\\\/aktuelles\\\/\"},{\"@type\":\"ListItem\",\"position\":2,\"name\":\"Demokratiebildung im Unterricht\"}]},{\"@type\":\"WebSite\",\"@id\":\"https:\\\/\\\/www.backwinkel.de\\\/blog\\\/#website\",\"url\":\"https:\\\/\\\/www.backwinkel.de\\\/blog\\\/\",\"name\":\"BACKWINKEL Blog\",\"description\":\"f\u00fcr Lehrer, Erzieher und Eltern\",\"potentialAction\":[{\"@type\":\"SearchAction\",\"target\":{\"@type\":\"EntryPoint\",\"urlTemplate\":\"https:\\\/\\\/www.backwinkel.de\\\/blog\\\/?s={search_term_string}\"},\"query-input\":{\"@type\":\"PropertyValueSpecification\",\"valueRequired\":true,\"valueName\":\"search_term_string\"}}],\"inLanguage\":\"de\"},{\"@type\":\"Person\",\"@id\":\"https:\\\/\\\/www.backwinkel.de\\\/blog\\\/#\\\/schema\\\/person\\\/88b842297c0e471020a66f4476633cf2\",\"name\":\"admin_backwinkel\",\"url\":\"https:\\\/\\\/www.backwinkel.de\\\/blog\\\/author\\\/admin_backwinkel\\\/\"}]}<\/script>\n<!-- \/ Yoast SEO plugin. -->","yoast_head_json":{"title":"Demokratiebildung im leben - Jetzt! | BACKWINKEL Blog","robots":{"index":"index","follow":"follow","max-snippet":"max-snippet:-1","max-image-preview":"max-image-preview:large","max-video-preview":"max-video-preview:-1"},"canonical":"https:\/\/www.backwinkel.de\/blog\/demokratiebildung-unterricht\/","og_locale":"de_DE","og_type":"article","og_title":"Demokratiebildung im leben - Jetzt! | BACKWINKEL Blog","og_description":"Demokratie leben \u2013 Jetzt! (Gastbeitrag)","og_url":"https:\/\/www.backwinkel.de\/blog\/demokratiebildung-unterricht\/","og_site_name":"BACKWINKEL Blog","article_published_time":"2025-03-24T08:00:05+00:00","article_modified_time":"2026-04-27T06:03:25+00:00","og_image":[{"width":1200,"height":628,"url":"https:\/\/www.backwinkel.de\/blog\/wp-content\/uploads\/2025\/02\/backwinkel-blog-demokratie-leben-jetzt-teil-2.webp","type":"image\/webp"}],"author":"admin_backwinkel","twitter_card":"summary_large_image","twitter_misc":{"Verfasst von":"admin_backwinkel","Gesch\u00e4tzte Lesezeit":"12\u00a0Minuten"},"schema":{"@context":"https:\/\/schema.org","@graph":[{"@type":"Article","@id":"https:\/\/www.backwinkel.de\/blog\/demokratiebildung-unterricht\/#article","isPartOf":{"@id":"https:\/\/www.backwinkel.de\/blog\/demokratiebildung-unterricht\/"},"author":{"name":"admin_backwinkel","@id":"https:\/\/www.backwinkel.de\/blog\/#\/schema\/person\/88b842297c0e471020a66f4476633cf2"},"headline":"Demokratiebildung im Unterricht","datePublished":"2025-03-24T08:00:05+00:00","dateModified":"2026-04-27T06:03:25+00:00","mainEntityOfPage":{"@id":"https:\/\/www.backwinkel.de\/blog\/demokratiebildung-unterricht\/"},"wordCount":6523,"image":{"@id":"https:\/\/www.backwinkel.de\/blog\/demokratiebildung-unterricht\/#primaryimage"},"thumbnailUrl":"https:\/\/www.backwinkel.de\/blog\/wp-content\/uploads\/2025\/02\/backwinkel-blog-demokratie-leben-jetzt-teil-2.webp","articleSection":["Schule"],"inLanguage":"de"},{"@type":"WebPage","@id":"https:\/\/www.backwinkel.de\/blog\/demokratiebildung-unterricht\/","url":"https:\/\/www.backwinkel.de\/blog\/demokratiebildung-unterricht\/","name":"Demokratiebildung im leben - Jetzt! | BACKWINKEL Blog","isPartOf":{"@id":"https:\/\/www.backwinkel.de\/blog\/#website"},"primaryImageOfPage":{"@id":"https:\/\/www.backwinkel.de\/blog\/demokratiebildung-unterricht\/#primaryimage"},"image":{"@id":"https:\/\/www.backwinkel.de\/blog\/demokratiebildung-unterricht\/#primaryimage"},"thumbnailUrl":"https:\/\/www.backwinkel.de\/blog\/wp-content\/uploads\/2025\/02\/backwinkel-blog-demokratie-leben-jetzt-teil-2.webp","datePublished":"2025-03-24T08:00:05+00:00","dateModified":"2026-04-27T06:03:25+00:00","author":{"@id":"https:\/\/www.backwinkel.de\/blog\/#\/schema\/person\/88b842297c0e471020a66f4476633cf2"},"breadcrumb":{"@id":"https:\/\/www.backwinkel.de\/blog\/demokratiebildung-unterricht\/#breadcrumb"},"inLanguage":"de","potentialAction":[{"@type":"ReadAction","target":["https:\/\/www.backwinkel.de\/blog\/demokratiebildung-unterricht\/"]}]},{"@type":"ImageObject","inLanguage":"de","@id":"https:\/\/www.backwinkel.de\/blog\/demokratiebildung-unterricht\/#primaryimage","url":"https:\/\/www.backwinkel.de\/blog\/wp-content\/uploads\/2025\/02\/backwinkel-blog-demokratie-leben-jetzt-teil-2.webp","contentUrl":"https:\/\/www.backwinkel.de\/blog\/wp-content\/uploads\/2025\/02\/backwinkel-blog-demokratie-leben-jetzt-teil-2.webp","width":1200,"height":628},{"@type":"BreadcrumbList","@id":"https:\/\/www.backwinkel.de\/blog\/demokratiebildung-unterricht\/#breadcrumb","itemListElement":[{"@type":"ListItem","position":1,"name":"Startseite","item":"https:\/\/blog.backwinkel.de\/aktuelles\/"},{"@type":"ListItem","position":2,"name":"Demokratiebildung im Unterricht"}]},{"@type":"WebSite","@id":"https:\/\/www.backwinkel.de\/blog\/#website","url":"https:\/\/www.backwinkel.de\/blog\/","name":"BACKWINKEL Blog","description":"f\u00fcr Lehrer, Erzieher und Eltern","potentialAction":[{"@type":"SearchAction","target":{"@type":"EntryPoint","urlTemplate":"https:\/\/www.backwinkel.de\/blog\/?s={search_term_string}"},"query-input":{"@type":"PropertyValueSpecification","valueRequired":true,"valueName":"search_term_string"}}],"inLanguage":"de"},{"@type":"Person","@id":"https:\/\/www.backwinkel.de\/blog\/#\/schema\/person\/88b842297c0e471020a66f4476633cf2","name":"admin_backwinkel","url":"https:\/\/www.backwinkel.de\/blog\/author\/admin_backwinkel\/"}]}},"_links":{"self":[{"href":"https:\/\/www.backwinkel.de\/blog\/wp-json\/wp\/v2\/posts\/16121","targetHints":{"allow":["GET"]}}],"collection":[{"href":"https:\/\/www.backwinkel.de\/blog\/wp-json\/wp\/v2\/posts"}],"about":[{"href":"https:\/\/www.backwinkel.de\/blog\/wp-json\/wp\/v2\/types\/post"}],"author":[{"embeddable":true,"href":"https:\/\/www.backwinkel.de\/blog\/wp-json\/wp\/v2\/users\/1"}],"replies":[{"embeddable":true,"href":"https:\/\/www.backwinkel.de\/blog\/wp-json\/wp\/v2\/comments?post=16121"}],"version-history":[{"count":4,"href":"https:\/\/www.backwinkel.de\/blog\/wp-json\/wp\/v2\/posts\/16121\/revisions"}],"predecessor-version":[{"id":18996,"href":"https:\/\/www.backwinkel.de\/blog\/wp-json\/wp\/v2\/posts\/16121\/revisions\/18996"}],"wp:featuredmedia":[{"embeddable":true,"href":"https:\/\/www.backwinkel.de\/blog\/wp-json\/wp\/v2\/media\/16129"}],"wp:attachment":[{"href":"https:\/\/www.backwinkel.de\/blog\/wp-json\/wp\/v2\/media?parent=16121"}],"wp:term":[{"taxonomy":"category","embeddable":true,"href":"https:\/\/www.backwinkel.de\/blog\/wp-json\/wp\/v2\/categories?post=16121"},{"taxonomy":"post_tag","embeddable":true,"href":"https:\/\/www.backwinkel.de\/blog\/wp-json\/wp\/v2\/tags?post=16121"}],"curies":[{"name":"wp","href":"https:\/\/api.w.org\/{rel}","templated":true}]}}