{"id":15985,"date":"2025-02-17T09:04:05","date_gmt":"2025-02-17T08:04:05","guid":{"rendered":"https:\/\/www.backwinkel.de\/blog\/?p=15985"},"modified":"2026-04-20T13:12:29","modified_gmt":"2026-04-20T11:12:29","slug":"flexible-lernumgebung","status":"publish","type":"post","link":"https:\/\/www.backwinkel.de\/blog\/flexible-lernumgebung\/","title":{"rendered":"Flexible Lernumgebung"},"content":{"rendered":"\n<style type=\"text\/css\" data-created_by=\"avia_inline_auto\" id=\"style-css-av-8vdv8-f7e0dae999cc49bc529a70f67b346526\">\n.flex_column.av-8vdv8-f7e0dae999cc49bc529a70f67b346526{\nborder-radius:0px 0px 0px 0px;\npadding:0px 0px 0px 0px;\n}\n<\/style>\n<div  class='flex_column av-8vdv8-f7e0dae999cc49bc529a70f67b346526 av_one_full  avia-builder-el-0  el_before_av_three_fifth  avia-builder-el-first  first flex_column_div av-zero-column-padding  '     ><p>\n<style type=\"text\/css\" data-created_by=\"avia_inline_auto\" id=\"style-css-av-jl6mo8rj-605eccf9df0dce9c3ffb6a57636da99d\">\n#top .hr.hr-invisible.av-jl6mo8rj-605eccf9df0dce9c3ffb6a57636da99d{\nmargin-top:0px;\nheight:1px;\n}\n<\/style>\n<div  class='hr av-jl6mo8rj-605eccf9df0dce9c3ffb6a57636da99d hr-invisible  avia-builder-el-1  el_before_av_heading  avia-builder-el-first '><span class='hr-inner '><span class=\"hr-inner-style\"><\/span><\/span><\/div><br \/>\n\n<style type=\"text\/css\" data-created_by=\"avia_inline_auto\" id=\"style-css-av-27gdg7-c4bbfbcc4022c9ca5a041abcbd6a7410\">\n#top .av-special-heading.av-27gdg7-c4bbfbcc4022c9ca5a041abcbd6a7410{\npadding-bottom:10px;\n}\nbody .av-special-heading.av-27gdg7-c4bbfbcc4022c9ca5a041abcbd6a7410 .av-special-heading-tag .heading-char{\nfont-size:25px;\n}\n.av-special-heading.av-27gdg7-c4bbfbcc4022c9ca5a041abcbd6a7410 .av-subheading{\nfont-size:15px;\n}\n<\/style>\n<div  class='av-special-heading av-27gdg7-c4bbfbcc4022c9ca5a041abcbd6a7410 av-special-heading-h1 blockquote modern-quote  avia-builder-el-2  el_after_av_hr  el_before_av_post_metadata  av-linked-heading'><h1 class='av-special-heading-tag '  >Flexible Lernumgebung: Wie Sie Klassen- in Multifunktionsr\u00e4ume verwandeln<\/h1><div class='av-subheading av-subheading_below'><p class=\"autorenname\">Elisa Morel<\/p>\n<\/div><div class=\"special-heading-border\"><div class=\"special-heading-inner-border\"><\/div><\/div><\/div><br \/>\n\n<style type=\"text\/css\" data-created_by=\"avia_inline_auto\" id=\"style-css-av-gx1wx-816a3e5567338959de3570f9f8652c5e\">\n#top .av-post-metadata-container.av-gx1wx-816a3e5567338959de3570f9f8652c5e{\nfont-size:12px;\n}\n#top .av-post-metadata-container.av-gx1wx-816a3e5567338959de3570f9f8652c5e .av-post-metadata-container-inner{\nfont-size:12px;\n}\n<\/style>\n<div  class='av-post-metadata-container av-gx1wx-816a3e5567338959de3570f9f8652c5e av-metadata-container-align-left  avia-builder-el-3  el_after_av_heading  el_before_av_textblock  av-metadata-container-1'><div class='av-post-metadata-container-inner'><span class=\"av-post-metadata-content av-post-metadata-meta-content\"><span class=\"av-post-metadata-content av-post-metadata-modified\"><span class=\"av-metadata-before av-metadata-before-modified\">Aktualisiert:<\/span><span class=\"av-post-metadata-modified-date\" >20. April 2026<\/span><\/span><\/span><\/div><\/div><br \/>\n\n<style type=\"text\/css\" data-created_by=\"avia_inline_auto\" id=\"style-css-av-jkuubohz-bbd292769511b836e32d8da8e9450d9c\">\n#top .av_textblock_section.av-jkuubohz-bbd292769511b836e32d8da8e9450d9c .avia_textblock{\nfont-size:20px;\n}\n<\/style>\n<section  class='av_textblock_section av-jkuubohz-bbd292769511b836e32d8da8e9450d9c '  ><div class='avia_textblock' ><p>In unseren modernen Zeiten ist alles flexibler \u2013 oder sollte es zumindest werden. Da sind auch Klassenr\u00e4ume keine Ausnahme, denn die Anforderungen einzelner F\u00e4cher, Sch\u00fclergruppen oder Aktivit\u00e4ten unterscheiden sich teilweise stark voneinander.<\/p>\n<\/div><\/section><br \/>\n\n<style type=\"text\/css\" data-created_by=\"avia_inline_auto\" id=\"style-css-av-jkuuo5h6-7ca7e706f4b40190b17b33c720056d4a\">\n.avia-image-container.av-jkuuo5h6-7ca7e706f4b40190b17b33c720056d4a img.avia_image{\nbox-shadow:none;\n}\n.avia-image-container.av-jkuuo5h6-7ca7e706f4b40190b17b33c720056d4a .av-image-caption-overlay-center{\ncolor:#ffffff;\n}\n<\/style>\n<div  class='avia-image-container av-jkuuo5h6-7ca7e706f4b40190b17b33c720056d4a av-styling- avia-align-center  avia-builder-el-5  el_after_av_textblock  el_before_av_hr '  ><div class=\"avia-image-container-inner\"><div class=\"avia-image-overlay-wrap\"><img decoding=\"async\" fetchpriority=\"high\" class='wp-image-15989 avia-img-lazy-loading-not-15989 avia_image ' src=\"https:\/\/www.backwinkel.de\/blog\/wp-content\/uploads\/2025\/01\/backwinkel-blog-flexible-lernumgebung.webp\" alt='' title='backwinkel-blog-flexible-lernumgebung'  height=\"628\" width=\"1200\"  \/><\/div><\/div><\/div><br \/>\n\n<style type=\"text\/css\" data-created_by=\"avia_inline_auto\" id=\"style-css-av-jl6mo8rj-22-7487f0754a981739ab003e89aabaa170\">\n#top .hr.hr-invisible.av-jl6mo8rj-22-7487f0754a981739ab003e89aabaa170{\nheight:5px;\n}\n<\/style>\n<div  class='hr av-jl6mo8rj-22-7487f0754a981739ab003e89aabaa170 hr-invisible  avia-builder-el-6  el_after_av_image  el_before_av_textblock '><span class='hr-inner '><span class=\"hr-inner-style\"><\/span><\/span><\/div><br \/>\n\n<style type=\"text\/css\" data-created_by=\"avia_inline_auto\" id=\"style-css-av-jl7ql86y-0004168ca5c1e8188cabe38926610bb2\">\n#top .av_textblock_section.av-jl7ql86y-0004168ca5c1e8188cabe38926610bb2 .avia_textblock{\nfont-size:10px;\n}\n<\/style>\n<section  class='av_textblock_section av-jl7ql86y-0004168ca5c1e8188cabe38926610bb2 '  ><div class='avia_textblock' ><p class=\"bildnennung-beitrag\" style=\"text-align: left;\">\u00a9 ADOBE Stock<\/p>\n<\/div><\/section><br \/>\n\n<style type=\"text\/css\" data-created_by=\"avia_inline_auto\" id=\"style-css-av-jl6mo8rj-20-0a5ac640218ac986cc09276001136948\">\n#top .hr.hr-invisible.av-jl6mo8rj-20-0a5ac640218ac986cc09276001136948{\nheight:20px;\n}\n<\/style>\n<div  class='hr av-jl6mo8rj-20-0a5ac640218ac986cc09276001136948 hr-invisible  avia-builder-el-8  el_after_av_textblock  el_before_av_textblock '><span class='hr-inner '><span class=\"hr-inner-style\"><\/span><\/span><\/div><br \/>\n<section  class='av_textblock_section av-jkuubohz-21-75c91343a207bf8690976a030a515e24 '  ><div class='avia_textblock' ><p>In diesem Beitrag lesen Sie, wie Sie die Grundlage f\u00fcr vielf\u00e4ltige Nutzungsm\u00f6glichkeiten legen und inspirierende Lernumgebungen f\u00fcr Ihre Kinder schaffen, die sie beim Lernen unterst\u00fctzen.<\/p>\n<\/div><\/section><\/p><\/div>\n<style type=\"text\/css\" data-created_by=\"avia_inline_auto\" id=\"style-css-av-swqf9-6bb490ea0cbb171c9d159bb967226129\">\n.flex_column.av-swqf9-6bb490ea0cbb171c9d159bb967226129{\nborder-radius:0px 0px 0px 0px;\npadding:20px 20px 20px 20px;\nbackground-color:#f2f2f2;\n}\n<\/style>\n<div  class='flex_column av-swqf9-6bb490ea0cbb171c9d159bb967226129 av_three_fifth  avia-builder-el-10  el_after_av_one_full  el_before_av_two_fifth  first flex_column_div  column-top-margin'     ><style type=\"text\/css\" data-created_by=\"avia_inline_auto\" id=\"style-css-av-jkuua5r2-f1beb4b164a3aefc9a751750d41d5b8e\">\n#top .av_textblock_section.av-jkuua5r2-f1beb4b164a3aefc9a751750d41d5b8e .avia_textblock{\nfont-size:14px;\n}\n<\/style>\n<section  class='av_textblock_section av-jkuua5r2-f1beb4b164a3aefc9a751750d41d5b8e '  ><div class='avia_textblock' ><p><strong>Inhalt<\/strong><\/p>\n<p><strong><a href=\"#1\">1. Mehr Geld f\u00fcr Schulen: Das Startchancen-Programm<\/a><\/strong><\/p>\n<p><strong><a href=\"#2\">2. Was sind Multifunktionsr\u00e4ume?<\/a><\/strong><br \/>\n2.1. Vorteile von Multifunktionsr\u00e4umen in der Schule<br \/>\n2.2. Beispiele f\u00fcr die Nutzung von Multifunktionsr\u00e4umen<\/p>\n<p><strong><a href=\"#3\">3. Digitales Lernen in der Grundschule<\/a><\/strong><\/p>\n<p><strong><a href=\"#4\">4. Flexeo<sup>\u00ae<\/sup> \u2013 flexible M\u00f6bel f\u00fcr flexible Raumgestaltung <\/a><\/strong><\/p>\n<\/div><\/section><\/div><\/p>\n\n<style type=\"text\/css\" data-created_by=\"avia_inline_auto\" id=\"style-css-av-2532d-6e1ea05e25305745634c0a02c87dc827\">\n.flex_column.av-2532d-6e1ea05e25305745634c0a02c87dc827{\nborder-radius:0px 0px 0px 0px;\npadding:0 0 0 0;\n}\n<\/style>\n<div  class='flex_column av-2532d-6e1ea05e25305745634c0a02c87dc827 av_two_fifth  avia-builder-el-12  el_after_av_three_fifth  el_before_av_sidebar  flex_column_div av-zero-column-padding  column-top-margin'     ><\/div>\n<div  class='avia-builder-widget-area clearfix  avia-builder-el-13  el_after_av_two_fifth  el_before_av_one_full '><div id=\"text-34\" class=\"widget clearfix widget_text\">\t\t\t<div class=\"textwidget\"><p><a href=\"https:\/\/www.backwinkel.de\/nachhaltig-denken\/\" target=\"\\_blank\" rel=\"noopener\"><br \/>\n<img decoding=\"async\" class=\"werbung-desktop alignnone wp-image-4186 size-full\" src=\"https:\/\/www.backwinkel.de\/blog\/wp-content\/uploads\/2026\/04\/Backwinkel-blog-werbebanner-shop-schule_desktop.jpg\" alt=\"\" width=\"1251\" height=\"201\" \/><br \/>\n<\/a><br \/>\n<a href=\"https:\/\/www.backwinkel.de\/nachhaltig-denken\/\" target=\"\\_blank\" rel=\"noopener\"><br \/>\n<img decoding=\"async\" class=\"werbung-mobile alignnone wp-image-4187 size-full\" src=\"https:\/\/www.backwinkel.de\/blog\/wp-content\/uploads\/2026\/04\/Backwinkel-blog-werbebanner-shop-schule_mobile.jpg\" alt=\"\" width=\"550\" height=\"500\" \/><br \/>\n<\/a><\/p>\n<\/div>\n\t\t<\/div><\/div>\n\n<style type=\"text\/css\" data-created_by=\"avia_inline_auto\" id=\"style-css-av-hh5al-9c53459d093ff912fcc98cf97e19d753\">\n.flex_column.av-hh5al-9c53459d093ff912fcc98cf97e19d753{\nborder-radius:0px 0px 0px 0px;\npadding:0px 0px 0px 0px;\n}\n<\/style>\n<div  class='flex_column av-hh5al-9c53459d093ff912fcc98cf97e19d753 av_one_full  avia-builder-el-14  el_after_av_sidebar  el_before_av_one_full  first flex_column_div av-zero-column-padding  '     ><section  class='av_textblock_section av-jkuul0eg-c8007ced910eec869d85a4d2f40b896b '  ><div class='avia_textblock' ><h2 id=\"1\" class=\"position\"><strong>Mehr Geld f\u00fcr Schulen: Das Startchancen-Programm<\/strong><\/h2>\n<p>Das Startchancen-Programm startete im August 2024 und wird \u00fcber einen Zeitraum von zehn Jahren laufen. Insgesamt stehen den gef\u00f6rderten Schulen 20 Milliarden Euro zur Verf\u00fcgung. Der Fokus liegt auf Schulen mit besonderen Herausforderungen, z. B. durch Armut oder einen hohen Migrationsanteil, denn allen Sch\u00fclerinnen und Sch\u00fclern sollen dieselben Chancen auf einen guten Start ins Schulleben erm\u00f6glicht werden.<\/p>\n<p>40 % des Geldes sollen dabei in eine <strong>bessere Ausstattung der Schulen<\/strong> flie\u00dfen, w\u00e4hrend je 30 % f\u00fcr den Auf- und Ausbau multiprofessioneller Teams sowie gezielte F\u00f6rderung etc. zur Verf\u00fcgung stehen. Bestenfalls geh\u00f6rt Ihre Schule schon zu den gl\u00fccklichen 2060 Gewinnern der ersten Verteilung. Aber auch, wenn dies nicht der Fall ist: Eine <strong>lernf\u00f6rderliche Umgebung<\/strong> f\u00fcr Ihre Kinder zu gestalten, ist immer eine gute Idee.<\/p>\n<p>Genauere Informationen zum Startchancen-Programm finden Sie in unserem Beitrag <a href=\"https:\/\/www.backwinkel.de\/blog\/startchancen-programm\/\" target=\"_blank\" rel=\"noopener\">Startchancen-Programm: Jetzt gehts los, das m\u00fcssen Schulen unbedingt wissen!<\/a><\/p>\n<\/div><\/section><\/div>\n\n<style type=\"text\/css\" data-created_by=\"avia_inline_auto\" id=\"style-css-av-1dgh4tr-536bbbd3b129a16967beb4b5d8eec90a\">\n.flex_column.av-1dgh4tr-536bbbd3b129a16967beb4b5d8eec90a{\nborder-radius:0px 0px 0px 0px;\npadding:0px 0px 0px 0px;\n}\n<\/style>\n<div  class='flex_column av-1dgh4tr-536bbbd3b129a16967beb4b5d8eec90a av_one_full  avia-builder-el-16  el_after_av_one_full  el_before_av_one_full  first flex_column_div av-zero-column-padding  column-top-margin'     ><section  class='av_textblock_section av-m5ql3f05-19b0561321cf6408435fcd83ed64d8de '  ><div class='avia_textblock' >\n<style type=\"text\/css\" data-created_by=\"avia_inline_auto\" id=\"style-css-av-irxq5e-919e4ce30dbe918866e0082c260aa414\">\n#top .hr.hr-invisible.av-irxq5e-919e4ce30dbe918866e0082c260aa414{\nheight:20px;\n}\n<\/style>\n<div  class='hr av-irxq5e-919e4ce30dbe918866e0082c260aa414 hr-invisible  avia-builder-el-18  avia-builder-el-no-sibling '><span class='hr-inner '><span class=\"hr-inner-style\"><\/span><\/span><\/div>\n<h2 id=\"2\" class=\"position\"><strong>Was sind Multifunktionsr\u00e4ume?<\/strong><\/h2>\n<p>Multifunktionsr\u00e4ume zeichnen sich durch ihre <strong>Mehrfachnutzung<\/strong> aus. Je nachdem, was man in ihnen vorhat, gestaltet man sie mit wenigen Handgriffen um. Das setzt nat\u00fcrlich das richtige Mobiliar voraus, denn erstens m\u00f6chten Sie nicht t\u00e4glich schuften, zweitens m\u00fcssen die M\u00f6bel auch <strong>multifunktional einsetzbar<\/strong> sein.<\/p>\n<p>Den Begriff Multifunktionsraum findet man vor allem bezogen auf die <strong>Arbeitswelt<\/strong>. Wenn ein Unternehmen z. B. nur \u00fcber einen einzigen gr\u00f6\u00dferen Raum verf\u00fcgt, muss der eben f\u00fcr alles herhalten: Meetings, Vortr\u00e4ge, Workshops, Yoga-Kurs, Arbeitsgruppen etc. Jede Nutzung braucht andere Voraussetzungen wie eine andere Sitzordnung, (technische) Ausstattung wie Beamer oder Whiteboard oder aber auch schlicht mehr Freifl\u00e4che.<\/p>\n<blockquote>\n<p>Als Kindergarten- und Schulausstatter mit \u00fcber 65 Jahren Erfahrung bieten wir Ihnen genau die richtigen, durchdachten und alltagserprobten L\u00f6sungen, um Ihre Vorstellungen optimal umzusetzen. Im Folgenden haben wir Ihnen einige direkt verlinkt, sodass Sie sich in unserem Onlineshop von den Produkten ein Bild machen k\u00f6nnen. Alle gezeigten Produkte dienen lediglich als Inspiration und sind ggf. in anderen Varianten und Gr\u00f6\u00dfen erh\u00e4ltlich. In einem Beratungsgespr\u00e4ch l\u00e4sst sich vieles gemeinsam kl\u00e4ren.<\/p>\n<\/blockquote>\n<p>Mit der passenden mobilen Grundausstattung gelingt die jeweilige Umgestaltung im Handumdrehen: Da werden beispielsweise <a href=\"https:\/\/www.backwinkel.de\/prod\/klapptisch-4-fuss-gestell-oxid.html\" target=\"_blank\" rel=\"noopener\">Tische zusammengeklappt<\/a> oder neu gruppiert, <a href=\"https:\/\/www.backwinkel.de\/prod\/postura-stuhl-sitzhoehe-38-cm-jadegruen.html\" target=\"_blank\" rel=\"noopener\">St\u00fchle gestapelt<\/a>, <a href=\"https:\/\/www.backwinkel.de\/prod\/akustik-stellwand-mit-standfuessen-farbig.html\" target=\"_blank\" rel=\"noopener\">Stellw\u00e4nde<\/a> beiseite gerollt und als Raumtrenner genutzt.<\/p>\n<p>Bei der <strong>Planung<\/strong> von Multifunktionsr\u00e4umen ist also <strong>Sorgfalt<\/strong> wichtig. \u00dcberlegen Sie sich zuerst, welche Aktivit\u00e4ten Sie im Klassenraum regelm\u00e4\u00dfig umsetzen wollen. Im n\u00e4chsten Schritt geht es an die Auswahl geeigneter M\u00f6bel, die Sie idealerweise f\u00fcr mehrere oder sogar alle Aktivit\u00e4ten einsetzen k\u00f6nnen. Auf M\u00f6belst\u00fccke, die weder mobil noch vielseitig nutzbar sind, verzichten Sie. Oft gibt es Alternativen, z. B. <a href=\"https:\/\/www.backwinkel.de\/prod\/horizontales-buecherregal-fuer-die-wand-oxid.html\" target=\"_blank\" rel=\"noopener\">platzsparende B\u00fccherregale<\/a>.<\/p>\n<p>Bereits mit einigen mittelhohen <a href=\"https:\/\/www.backwinkel.de\/prod\/schrankwand-herkules-143-9-x-505-6-cm.html\" target=\"_blank\" rel=\"noopener\">Schrankw\u00e4nden<\/a> sowie <a href=\"https:\/\/www.backwinkel.de\/prod\/tisch-und-stuhl-set-2.html\" target=\"_blank\" rel=\"noopener\">Tisch- und Stuhl-Sets<\/a> haben Sie den Grundstock, um mehrere Raumkonzepte umzusetzen. Fangen Sie lieber klein an und erg\u00e4nzen Sie gegebenenfalls, anstatt den Raum zu \u00fcberfrachten.<\/p>\n<h3><strong>Vorteile von Multifunktionsr\u00e4umen in der Schule<\/strong><\/h3>\n<p>F\u00fcr die Unterrichtsgestaltung br\u00e4uchte man so viele verschiedene R\u00e4ume, aber oft hat man bis auf wenige Ausnahmen nur einen. Umso praktischer sind M\u00f6glichkeiten, um das vorhandene Klassenzimmer <strong>nach Bedarf umzugestalten<\/strong>.<\/p>\n<p><strong>Multifunktionsr\u00e4ume haben mehrere Vorteile<\/strong>:<\/p>\n<ul>\n<li>wechselnde Reize unterst\u00fctzen eine motivierende Lernumgebung<\/li>\n<li>bestimmte T\u00e4tigkeiten brauchen unterschiedliche Ausstattung und Voraussetzung<\/li>\n<li>sie sparen Platz<\/li>\n<li>eine flexible Lernumgebung erleichtert die Binnendifferenzierung<\/li>\n<li>sie erm\u00f6glichen R\u00fcckzugsorte und verschiedene T\u00e4tigkeiten zur gleichen Zeit<\/li>\n<li>durch das gemeinsame Umbauen integrieren Sie Bewegung in den Schulalltag<\/li>\n<li>der Wechsel zwischen verschiedenen Sitzm\u00f6beln f\u00f6rdert die R\u00fcckengesundheit<\/li>\n<\/ul>\n<\/div><\/section><\/div>\n\n<style type=\"text\/css\" data-created_by=\"avia_inline_auto\" id=\"style-css-av-1pwjypb-f6891f8b2cd65c2ba685465b165f1fc0\">\n.flex_column.av-1pwjypb-f6891f8b2cd65c2ba685465b165f1fc0{\nborder-radius:0px 0px 0px 0px;\npadding:0px 0px 0px 0px;\n}\n<\/style>\n<div  class='flex_column av-1pwjypb-f6891f8b2cd65c2ba685465b165f1fc0 av_one_full  avia-builder-el-19  el_after_av_one_full  el_before_av_hr  first flex_column_div av-zero-column-padding  column-top-margin'     ><section  class='av_textblock_section av-m5qlecq1-e07019d7526ae1c939d50a934baa7d45 '  ><div class='avia_textblock infoboxGreen' ><p><strong>Tipp<\/strong>: Ein wunderbares und vielseitig einsetzbares M\u00f6bel, das praktisch gar keinen Raum wegnimmt und somit immer an Ort und Stelle bleibt, ist unser <a href=\"https:\/\/www.backwinkel.de\/prod\/langflaechen-whiteboard.html\" target=\"_blank\" rel=\"noopener\">Langfl\u00e4chen-Whiteboard<\/a>. Es besteht aus Einzelelementen, ist also beliebig erweiterbar. Nutzen Sie es z. B. als Tafelersatz, zum gemeinsamen Brainstorming, als Ausstellungsfl\u00e4che oder zum gemeinsamen Zeichnen.<\/p>\n<\/div><\/section><\/div>\n\n<style type=\"text\/css\" data-created_by=\"avia_inline_auto\" id=\"style-css-av-jl6mo8rj-19-c6b99c38e88c4356afd3dd2078e94308\">\n#top .hr.hr-invisible.av-jl6mo8rj-19-c6b99c38e88c4356afd3dd2078e94308{\nheight:60px;\n}\n<\/style>\n<div  class='hr av-jl6mo8rj-19-c6b99c38e88c4356afd3dd2078e94308 hr-invisible  avia-builder-el-21  el_after_av_one_full  el_before_av_one_full '><span class='hr-inner '><span class=\"hr-inner-style\"><\/span><\/span><\/div>\n\n<style type=\"text\/css\" data-created_by=\"avia_inline_auto\" id=\"style-css-av-5vgein6-110eca1722cb2d5ee508fc6852af404a\">\n.flex_column.av-5vgein6-110eca1722cb2d5ee508fc6852af404a{\nborder-radius:0px 0px 0px 0px;\npadding:0px 0px 0px 0px;\n}\n<\/style>\n<div  class='flex_column av-5vgein6-110eca1722cb2d5ee508fc6852af404a av_one_full  avia-builder-el-22  el_after_av_hr  el_before_av_one_full  first flex_column_div av-zero-column-padding  '     ><section  class='av_textblock_section av-ly73056a-3b6a6b8255253c9bce52b0f4964228be '  ><div class='avia_textblock' ><h3><strong>Beispiele f\u00fcr die Nutzung von Multifunktionsr\u00e4umen<\/strong><\/h3>\n<p>Dank mobiler M\u00f6bel setzen Sie vielleicht bald Ideen um, die Sie aus <strong>Platzmangel<\/strong> bis jetzt auf die lange Bank geschoben haben. Denkbar sind u. a. folgende M\u00f6glichkeiten:<\/p>\n<ul>\n<li>eine Entspannungs- oder Leseecke, z. B. mit dem <a href=\"https:\/\/www.backwinkel.de\/prod\/lesetreff-lesenest.html\" target=\"_blank\" rel=\"noopener\">Lesetreff Lesenest<\/a><\/li>\n<li>ein Bereich zum Werken oder Malen, z. B. an der <a href=\"https:\/\/www.backwinkel.de\/prod\/gruppen-werkbank.html\" target=\"_blank\" rel=\"noopener\">Gruppen-Werkbank<\/a><\/li>\n<li><a href=\"https:\/\/www.backwinkel.de\/cat\/startchancen-kreativ-und-lernlabore\/\" target=\"_blank\" rel=\"noopener\">Kreativ- und Lernlabore<\/a><\/li>\n<li><a href=\"https:\/\/www.backwinkel.de\/cat\/startchancen-individuelle-arbeitsplaetze\/\" target=\"_blank\" rel=\"noopener\">individuelle Arbeitspl\u00e4tze<\/a><\/li>\n<\/ul>\n<p>Gleichzeitig haben Sie nat\u00fcrlich immer die Option, innerhalb von ein paar Minuten den kompletten Raum umzugestalten, wenn Sie z. B. mit den Kindern Entspannungs\u00fcbungen auf <a href=\"https:\/\/www.backwinkel.de\/prod\/mobiler-kissenwagen-mit-runden-donut-kissen.html\" target=\"_blank\" rel=\"noopener\">Sitzkissen<\/a> machen oder ein Bewegungsspiel umsetzen m\u00f6chten.<\/p>\n<\/div><\/section><\/div>\n\n<style type=\"text\/css\" data-created_by=\"avia_inline_auto\" id=\"style-css-av-2wahy8h-a05c641a8c46da2d9dd86fe874283f59\">\n.flex_column.av-2wahy8h-a05c641a8c46da2d9dd86fe874283f59{\nborder-radius:0px 0px 0px 0px;\npadding:0px 0px 0px 0px;\n}\n<\/style>\n<div  class='flex_column av-2wahy8h-a05c641a8c46da2d9dd86fe874283f59 av_one_full  avia-builder-el-24  el_after_av_one_full  el_before_av_one_full  first flex_column_div av-zero-column-padding  column-top-margin'     ><section  class='av_textblock_section av-m71lb7vj-ad4926a3155ff9635acfa6c8fe762b4e '  ><div class='avia_textblock infoboxGreen' ><p><strong>TIPP:<\/strong> Die Anschaffung mehrerer <a href=\"https:\/\/www.backwinkel.de\/prod\/klassenzimmerregal-99-1-x-108-5-x-48-mit-16-gratnells-boxen-und-2-boeden.html\" target=\"_blank\" rel=\"noopener\">rollbarer Regale<\/a> lohnt sich in jedem Fall. Diese f\u00fcllen Sie dann themenbezogen: T\u00f6pfern, Theater, Musizieren, Experimentieren usw. Bestimmt gibt es an Ihrer Schule einen Raum, in dem Sie die Schr\u00e4nke verstauen k\u00f6nnen, um sie dann bei Bedarf in den Klassenraum zu holen. Das spart nicht nur Platz, sondern auch eine Menge Vorbereitung.<\/p>\n<\/div><\/section><\/div>\n\n<style type=\"text\/css\" data-created_by=\"avia_inline_auto\" id=\"style-css-av-11fmzle-f476126a82219a77970f520c1fe2debc\">\n.flex_column.av-11fmzle-f476126a82219a77970f520c1fe2debc{\nborder-radius:0px 0px 0px 0px;\npadding:0px 0px 0px 0px;\n}\n<\/style>\n<div  class='flex_column av-11fmzle-f476126a82219a77970f520c1fe2debc av_one_full  avia-builder-el-26  el_after_av_one_full  el_before_av_one_full  first flex_column_div av-zero-column-padding  column-top-margin'     ><section  class='av_textblock_section av-m23eh6lg-017d09b2a1b4aa57efe59d67b917cd97 '  ><div class='avia_textblock' ><p>Weitere Anregungen und viele praktische Ideen rund um das Thema Raumgestaltung finden Sie in unseren Beitr\u00e4gen <a href=\"https:\/\/www.backwinkel.de\/blog\/lernumgebungen\/\" target=\"_blank\" rel=\"noopener\">Gelungene Umgebungen zum Lernen: Wie sich die Raumgestaltung auf Verhalten und Wohlbefinden auswirkt<\/a> sowie <a href=\"https:\/\/www.backwinkel.de\/blog\/bewegtes-klassenzimmer\/\" target=\"_blank\" rel=\"noopener\">Bewegtes Klassenzimmer: Darum passen Lernen und M\u00f6belr\u00fccken gut<\/a> zusammen.<\/p>\n<\/div><\/section><\/div>\n\n<style type=\"text\/css\" data-created_by=\"avia_inline_auto\" id=\"style-css-av-2d3qu6p-4d2264306997fe7781aa3e5e17ad46a2\">\n.flex_column.av-2d3qu6p-4d2264306997fe7781aa3e5e17ad46a2{\nborder-radius:0px 0px 0px 0px;\npadding:0px 0px 0px 0px;\n}\n<\/style>\n<div  class='flex_column av-2d3qu6p-4d2264306997fe7781aa3e5e17ad46a2 av_one_full  avia-builder-el-28  el_after_av_one_full  el_before_av_one_full  first flex_column_div av-zero-column-padding  column-top-margin'     ><section  class='av_textblock_section av-m71le39w-f465178ebf4c7937591e343ab49fbc87 '  ><div class='avia_textblock' >\n<style type=\"text\/css\" data-created_by=\"avia_inline_auto\" id=\"style-css-av-7mpqup-0123e49ab3b905ecfd367d3a669143e3\">\n#top .hr.hr-invisible.av-7mpqup-0123e49ab3b905ecfd367d3a669143e3{\nheight:20px;\n}\n<\/style>\n<div  class='hr av-7mpqup-0123e49ab3b905ecfd367d3a669143e3 hr-invisible  avia-builder-el-30  avia-builder-el-no-sibling '><span class='hr-inner '><span class=\"hr-inner-style\"><\/span><\/span><\/div>\n<h2 id=\"3\" class=\"position\"><strong>Digitales Lernen in der Grundschule<\/strong><\/h2>\n<p>Digitale Lehrmittel sind nicht nur zeitgem\u00e4\u00df, sondern erm\u00f6glichen auch eine <strong>optimierte Binnendifferenzierung<\/strong>. Gleichzeitig motivieren sie Kinder oft mehr, als es klassische Mathe- oder Deutschaufgaben tun, da der spielerische Aspekt im Vordergrund steht und auch das <strong>Belohnungssystem<\/strong> im Hirn auf seine Kosten kommt, wenn die SuS z. B. Troph\u00e4en einsammeln oder durch ihren Fortschritt neue Level freischalten.<\/p>\n<p>Ein tolles Beispiel f\u00fcr <strong>digitales Lernen <\/strong>in individuellem Tempo ab der ersten Klasse sind z. B. die Produkte von <a href=\"https:\/\/www.backwinkel.de\/suche\/?q=edurino\" target=\"_blank\" rel=\"noopener\">EDURINO<\/a>. Sie decken verschiedene Themengebiete und F\u00e4cher ab, f\u00f6rdern die Konzentration und laden zum Kreativwerden ein. In unserem Onlineshop finden Sie zahlreiche, hilfreiche <a href=\"https:\/\/www.backwinkel.de\/cat\/startchancen-programm-digitales\/\" target=\"_blank\" rel=\"noopener\">digitale Tools<\/a> f\u00fcr zukunftsorientiertes Lernen: von Lernrobotern zum <a href=\"https:\/\/www.backwinkel.de\/cat\/programmieren-coden\/\" target=\"_blank\" rel=\"noopener\">Programmieren &amp; Coden<\/a>, <a href=\"https:\/\/www.backwinkel.de\/cat\/medienmoebel\/\" target=\"_blank\" rel=\"noopener\">Medienm\u00f6beln<\/a>, der <a href=\"https:\/\/www.backwinkel.de\/prod\/sora-die-schueler-lese-app.html\" target=\"_blank\" rel=\"noopener\">Sch\u00fcler-Lese-App Sora<\/a> bis hin zu <a href=\"https:\/\/www.backwinkel.de\/cat\/classvr\/\" target=\"_blank\" rel=\"noopener\">VR<\/a> und <a href=\"https:\/\/www.backwinkel.de\/cat\/mergeedu\/\" target=\"_blank\" rel=\"noopener\">AR<\/a> ist alles dabei.<\/p>\n<p>Wenn Sie diese oder \u00e4hnliche Lehrmittel einsetzen, bietet sich die Gestaltung einer Lernumgebung an, in der mehrere Kinder zeitgleich f\u00fcr sich arbeiten k\u00f6nnen. Daf\u00fcr k\u00f6nnen Sie auf M\u00f6bel zur\u00fcckgreifen, die die Schaffung kleiner Nischen oder S\u00e9par\u00e9es erm\u00f6glichen, z. B. Paravents oder mobile Schr\u00e4nke, Sitzkissen oder Einzelarbeitspl\u00e4tze.<\/p>\n<\/div><\/section><\/div>\n\n<style type=\"text\/css\" data-created_by=\"avia_inline_auto\" id=\"style-css-av-1jbf0j5-417361b5c9c7b5d82184f91786917db0\">\n.flex_column.av-1jbf0j5-417361b5c9c7b5d82184f91786917db0{\nborder-radius:0px 0px 0px 0px;\npadding:0px 0px 0px 0px;\n}\n<\/style>\n<div  class='flex_column av-1jbf0j5-417361b5c9c7b5d82184f91786917db0 av_one_full  avia-builder-el-31  el_after_av_one_full  el_before_av_one_third  first flex_column_div av-zero-column-padding  column-top-margin'     ><section  class='av_textblock_section av-m71lhuk5-b72878992d85e07bc33c304f0ab62bc0 '  ><div class='avia_textblock' >\n<style type=\"text\/css\" data-created_by=\"avia_inline_auto\" id=\"style-css-av-1c7emep-68ba4ec85fbc39e671a7bfd8e9d180a4\">\n#top .hr.hr-invisible.av-1c7emep-68ba4ec85fbc39e671a7bfd8e9d180a4{\nheight:20px;\n}\n<\/style>\n<div  class='hr av-1c7emep-68ba4ec85fbc39e671a7bfd8e9d180a4 hr-invisible  avia-builder-el-33  avia-builder-el-no-sibling '><span class='hr-inner '><span class=\"hr-inner-style\"><\/span><\/span><\/div>\n<h2 id=\"4\" class=\"position\"><strong>Flexeo<sup>\u00ae<\/sup> \u2013 flexible M\u00f6bel f\u00fcr flexible Raumgestaltung <\/strong><\/h2>\n<p>Die Systemm\u00f6bel von Flexeo<sup>\u00ae<\/sup> sind eine wunderbare L\u00f6sung f\u00fcr <strong>variable Raumgestaltung<\/strong>. Damit passen Sie die Gegebenheiten blitzschnell an die Bed\u00fcrfnisse der Kinder wie auch die Lernsituation an, ohne dass Sie zus\u00e4tzliche R\u00e4umlichkeiten ben\u00f6tigen. Zudem bestehen die Flexeo<sup>\u00ae<\/sup>-Schr\u00e4nke und -Regale aus zertifiziertem Holz.<\/p>\n<p>Viele M\u00f6belst\u00fccke erf\u00fcllen <strong>mehrere Funktionen<\/strong> gleichzeitig. So dient beispielsweise der <a href=\"https:\/\/www.backwinkel.de\/prod\/materialschrank-24-flache-boxen.html\" target=\"_blank\" rel=\"noopener\">Materialschrank<\/a> nicht nur als Lagerort, sondern fungiert auch als Raumteiler. Dank seiner Rollen schieben Sie ihn einfach an die gew\u00fcnschte Stelle. Gleiches gilt f\u00fcr die <a href=\"https:\/\/www.backwinkel.de\/prod\/mobile-klapp-bibliothek-mit-boxen.html\" target=\"_blank\" rel=\"noopener\">mobile Klapp-Bibliothek<\/a> mit Boxen: Dort verstauen Sie nicht nur den Lesestoff, sondern nutzen das M\u00f6bel, um eine gem\u00fctliche Leseecke vom Rest des Raums abzutrennen.<\/p>\n<p>Auch das <a href=\"https:\/\/www.backwinkel.de\/prod\/flexeo-container-system-mit-ablage-und-8-flachen-boxen.html\" target=\"_blank\" rel=\"noopener\">Flexeo<sup>\u00ae<\/sup>-Container-System<\/a> ist multifunktional: Aufgrund seiner geringen H\u00f6he von knapp 33 cm ist es der ideale Bodentisch zum Spielen oder Lernen. In Kombination mit ein paar Sitzkissen entstehen so gleich mobile Arbeitspl\u00e4tze. Das <a href=\"https:\/\/www.backwinkel.de\/prod\/flexeo-regal-pro-143-9-x-134-x-48-cm-mit-12-boxen-und-3-regalboeden.html\" target=\"_blank\" rel=\"noopener\">Flexeo<sup>\u00ae<\/sup>-Regal PRO<\/a> ist ein echter Allrounder in der flexiblen Raumgestaltung. Erschaffen Sie damit beispielsweise eine L\u00e4rmschutz-Insel in Ihrem Klassenraum. Zus\u00e4tzliche <a href=\"https:\/\/www.backwinkel.de\/prod\/neo-wandpaneel-3-reihig.html\" target=\"_blank\" rel=\"noopener\">Wandpaneele<\/a> absorbieren den Schall, w\u00e4hrend es sich die Kinder auf dazu kombinierten <a href=\"https:\/\/www.backwinkel.de\/prod\/neo-sitzecken-set-6-teilig.html\" target=\"_blank\" rel=\"noopener\">Sitzelementen<\/a> mit guten B\u00fcchern gem\u00fctlich machen.<\/p>\n<\/div><\/section><\/div>\n<div class='flex_column_table av-4ieivfl-fe2de6cd6b69d106c0536c48aae40616 sc-av_one_third av-equal-height-column-flextable'>\n<style type=\"text\/css\" data-created_by=\"avia_inline_auto\" id=\"style-css-av-4ieivfl-fe2de6cd6b69d106c0536c48aae40616\">\n.flex_column.av-4ieivfl-fe2de6cd6b69d106c0536c48aae40616{\nborder-width:1px;\nborder-color:#ebebeb;\nborder-style:solid;\nborder-radius:0px 0px 0px 0px;\npadding:10px 10px 10px 10px;\n}\n<\/style>\n<div  class='flex_column av-4ieivfl-fe2de6cd6b69d106c0536c48aae40616 av_one_third  avia-builder-el-34  el_after_av_one_full  el_before_av_one_third  first flex_column_table_cell av-equal-height-column av-align-top  column-top-margin'     ><p><section  class='av_textblock_section av-m4bhlqlu-e417690922ed88afb8f94a1bcd59a888 '  ><div class='avia_textblock' ><p><a href=\"https:\/\/www.backwinkel.de\/prod\/flexeo-buecherwagen-breit-mit-mittelwand-2-gerade-fachboeden-und-4-schraegablagen-je-regalseite.html\" target=\"_blank\" rel=\"noopener\"><img decoding=\"async\" class=\"alignnone wp-image-15994\" src=\"https:\/\/blog.backwinkel.de\/wp-content\/uploads\/2025\/01\/86112-buecherwagen-breit-buecher.jpg\" alt=\"\" width=\"628\" height=\"628\" srcset=\"https:\/\/www.backwinkel.de\/blog\/wp-content\/uploads\/2025\/01\/86112-buecherwagen-breit-buecher.jpg 700w, https:\/\/www.backwinkel.de\/blog\/wp-content\/uploads\/2025\/01\/86112-buecherwagen-breit-buecher-36x36.jpg 36w, https:\/\/www.backwinkel.de\/blog\/wp-content\/uploads\/2025\/01\/86112-buecherwagen-breit-buecher-180x180.jpg 180w\" sizes=\"(max-width: 628px) 100vw, 628px\" \/><\/a><\/p>\n<p style=\"font-size: 20px; font-family: urw_grotesk_extra_narrowrg; text-align: left;\">Flexeo<sup>\u00ae<\/sup> B\u00fccherwagen breit<\/p>\n<p style=\"text-align: left;\"><div  class='avia-button-wrap av-3rq2ech-1073ec850f6b02e5deb6f252861eb396-wrap avia-button-center  avia-builder-el-36  avia-builder-el-no-sibling '><a href='https:\/\/www.backwinkel.de\/prod\/flexeo-buecherwagen-breit-mit-mittelwand-2-gerade-fachboeden-und-4-schraegablagen-je-regalseite.html'  class='avia-button av-3rq2ech-1073ec850f6b02e5deb6f252861eb396 av-link-btn avia-icon_select-no avia-size-medium avia-position-center avia-color-theme-color'  target=\"_blank\"  rel=\"noopener noreferrer\"  aria-label=\"zum Produkt\"><span class='avia_iconbox_title' >zum Produkt<\/span><\/a><\/div><\/p>\n<\/div><\/section><br \/>\n\n<style type=\"text\/css\" data-created_by=\"avia_inline_auto\" id=\"style-css-av-3ehah41-bea2362046bdfd599a59d8a07cd8f68c\">\n#top .hr.hr-invisible.av-3ehah41-bea2362046bdfd599a59d8a07cd8f68c{\nheight:20px;\n}\n<\/style>\n<div  class='hr av-3ehah41-bea2362046bdfd599a59d8a07cd8f68c hr-invisible  avia-builder-el-37  el_after_av_textblock  avia-builder-el-last '><span class='hr-inner '><span class=\"hr-inner-style\"><\/span><\/span><\/div><\/p><\/div>\n<div class='av-flex-placeholder'><\/div>\n<style type=\"text\/css\" data-created_by=\"avia_inline_auto\" id=\"style-css-av-2t2a4pt-931497f0803969fa2e9b84ddc4b6d3a4\">\n.flex_column.av-2t2a4pt-931497f0803969fa2e9b84ddc4b6d3a4{\nborder-width:1px;\nborder-color:#ebebeb;\nborder-style:solid;\nborder-radius:0px 0px 0px 0px;\npadding:10px 10px 10px 10px;\n}\n<\/style>\n<div  class='flex_column av-2t2a4pt-931497f0803969fa2e9b84ddc4b6d3a4 av_one_third  avia-builder-el-38  el_after_av_one_third  el_before_av_one_third  flex_column_table_cell av-equal-height-column av-align-top  column-top-margin'     ><p><section  class='av_textblock_section av-m4bhm8oh-a5e4f7b9ebfc71eff60393bb4e3b27cd '  ><div class='avia_textblock' ><p><a href=\"https:\/\/www.backwinkel.de\/prod\/agilo-corner-mobiler-dreiecktisch-oxid.html\" target=\"_blank\" rel=\"noopener\"><img decoding=\"async\" class=\"alignnone wp-image-15996\" src=\"https:\/\/blog.backwinkel.de\/wp-content\/uploads\/2025\/01\/52909_agilo-corner.jpg\" alt=\"\" width=\"628\" height=\"628\" srcset=\"https:\/\/www.backwinkel.de\/blog\/wp-content\/uploads\/2025\/01\/52909_agilo-corner.jpg 700w, https:\/\/www.backwinkel.de\/blog\/wp-content\/uploads\/2025\/01\/52909_agilo-corner-36x36.jpg 36w, https:\/\/www.backwinkel.de\/blog\/wp-content\/uploads\/2025\/01\/52909_agilo-corner-180x180.jpg 180w\" sizes=\"(max-width: 628px) 100vw, 628px\" \/><\/a><\/p>\n<p style=\"font-size: 20px; font-family: urw_grotesk_extra_narrowrg; text-align: left;\">Agilo Corner \u2013 mobiler Dreiecktisch<\/p>\n<p style=\"text-align: left;\"><div  class='avia-button-wrap av-2k5bcht-4e72f4182844794201b5442dd073225e-wrap avia-button-center  avia-builder-el-40  avia-builder-el-no-sibling '><a href='https:\/\/www.backwinkel.de\/prod\/agilo-corner-mobiler-dreiecktisch-oxid.html'  class='avia-button av-2k5bcht-4e72f4182844794201b5442dd073225e av-link-btn avia-icon_select-no avia-size-medium avia-position-center avia-color-theme-color'  target=\"_blank\"  rel=\"noopener noreferrer\"  aria-label=\"zum Produkt\"><span class='avia_iconbox_title' >zum Produkt<\/span><\/a><\/div><\/p>\n<\/div><\/section><br \/>\n\n<style type=\"text\/css\" data-created_by=\"avia_inline_auto\" id=\"style-css-av-263nwf5-77aa8c471269b37c3e1ec85949448016\">\n#top .hr.hr-invisible.av-263nwf5-77aa8c471269b37c3e1ec85949448016{\nheight:20px;\n}\n<\/style>\n<div  class='hr av-263nwf5-77aa8c471269b37c3e1ec85949448016 hr-invisible  avia-builder-el-41  el_after_av_textblock  avia-builder-el-last '><span class='hr-inner '><span class=\"hr-inner-style\"><\/span><\/span><\/div><\/p><\/div>\n<div class='av-flex-placeholder'><\/div>\n<style type=\"text\/css\" data-created_by=\"avia_inline_auto\" id=\"style-css-av-1n6z0ht-df3534d14a910db4971b44f4fd8d1869\">\n.flex_column.av-1n6z0ht-df3534d14a910db4971b44f4fd8d1869{\nborder-width:1px;\nborder-color:#ebebeb;\nborder-style:solid;\nborder-radius:0px 0px 0px 0px;\npadding:10px 10px 10px 10px;\n}\n<\/style>\n<div  class='flex_column av-1n6z0ht-df3534d14a910db4971b44f4fd8d1869 av_one_third  avia-builder-el-42  el_after_av_one_third  el_before_av_one_full  flex_column_table_cell av-equal-height-column av-align-top  column-top-margin'     ><p><section  class='av_textblock_section av-m4bhmj77-89ca23d4d4a8243376030b23ca619cbe '  ><div class='avia_textblock' ><p><a href=\"https:\/\/www.backwinkel.de\/prod\/schallschutzsofa.html\" target=\"_blank\" rel=\"noopener\"><img decoding=\"async\" class=\"alignnone wp-image-15995\" src=\"https:\/\/blog.backwinkel.de\/wp-content\/uploads\/2025\/01\/71913_schallschutzsofa.jpg\" alt=\"\" width=\"628\" height=\"628\" srcset=\"https:\/\/www.backwinkel.de\/blog\/wp-content\/uploads\/2025\/01\/71913_schallschutzsofa.jpg 700w, https:\/\/www.backwinkel.de\/blog\/wp-content\/uploads\/2025\/01\/71913_schallschutzsofa-36x36.jpg 36w, https:\/\/www.backwinkel.de\/blog\/wp-content\/uploads\/2025\/01\/71913_schallschutzsofa-180x180.jpg 180w\" sizes=\"(max-width: 628px) 100vw, 628px\" \/><\/a><\/p>\n<p style=\"font-size: 20px; font-family: urw_grotesk_extra_narrowrg; text-align: left;\">Bildkarten-Paket: Sprachf\u00f6rderung<\/p>\n<p style=\"text-align: left;\"><div  class='avia-button-wrap av-11m0c1t-d3522fe77c9de9429ad6b3edfe00dcfe-wrap avia-button-center  avia-builder-el-44  avia-builder-el-no-sibling '><a href='https:\/\/www.backwinkel.de\/prod\/schallschutzsofa.html'  class='avia-button av-11m0c1t-d3522fe77c9de9429ad6b3edfe00dcfe av-link-btn avia-icon_select-no avia-size-medium avia-position-center avia-color-theme-color'  target=\"_blank\"  rel=\"noopener noreferrer\"  aria-label=\"zum Produkt\"><span class='avia_iconbox_title' >zum Produkt<\/span><\/a><\/div><\/p>\n<\/div><\/section><br \/>\n\n<style type=\"text\/css\" data-created_by=\"avia_inline_auto\" id=\"style-css-av-mbiy4h-203f750848a40c18258160d8a601daff\">\n#top .hr.hr-invisible.av-mbiy4h-203f750848a40c18258160d8a601daff{\nheight:20px;\n}\n<\/style>\n<div  class='hr av-mbiy4h-203f750848a40c18258160d8a601daff hr-invisible  avia-builder-el-45  el_after_av_textblock  avia-builder-el-last '><span class='hr-inner '><span class=\"hr-inner-style\"><\/span><\/span><\/div><\/p><\/div><\/div><!--close column table wrapper. Autoclose: 1 -->\n\n<style type=\"text\/css\" data-created_by=\"avia_inline_auto\" id=\"style-css-av-1bxvnic-c2d0ba649d3598582792c9d7be25608d\">\n.flex_column.av-1bxvnic-c2d0ba649d3598582792c9d7be25608d{\nborder-radius:0px 0px 0px 0px;\npadding:10px 10px 10px 10px;\nbackground-color:#f2f2f2;\n}\n<\/style>\n<div  class='flex_column av-1bxvnic-c2d0ba649d3598582792c9d7be25608d av_one_full  avia-builder-el-46  el_after_av_one_third  el_before_av_one_full  first flex_column_div  column-top-margin'     ><section  class='av_textblock_section av-ozk50k-7f6c586f12cb6270d6f762c0460d7dfe '  ><div class='avia_textblock' ><p class=\"fussnoten-quellen\"><strong>Auch interessant:<\/strong><\/p>\n<p><a href=\"https:\/\/www.backwinkel.de\/cat\/startchancen-programm-lernumgebungen\/\" target=\"_blank\" rel=\"noopener\">Startchancen-Programm \u2013 Lernumgebungen<\/a><\/p>\n<p><a href=\"https:\/\/www.backwinkel.de\/cat\/startchancen-multifunktionsraeume\/\" target=\"_blank\" rel=\"noopener\">Multifunktionsr\u00e4ume<\/a><\/p>\n<p><a href=\"https:\/\/www.backwinkel.de\/cat\/startchancen-programm-digitales\/\" target=\"_blank\" rel=\"noopener\">Startchancen-Programm \u2013 Digitale Tools<\/a><\/p>\n<p><a href=\"https:\/\/www.backwinkel.de\/blog\/startchancen-programm\/\" target=\"_blank\" rel=\"noopener\">Startchancen-Programm: Jetzt gehts los, das m\u00fcssen Schulen unbedingt wissen!<\/a><\/p>\n<p><a href=\"https:\/\/www.backwinkel.de\/blog\/alles-lesen\/\" target=\"_blank\" rel=\"noopener\">Lesen, lesen, alles lesen: So f\u00f6rdern Leseecken und Bibliotheken den Lernprozess<\/a><\/p>\n<\/div><\/section><\/div>\n\n<style type=\"text\/css\" data-created_by=\"avia_inline_auto\" id=\"style-css-av-t4zz2p-8c07bf8ab06822dd76b5e1dd568aff89\">\n.flex_column.av-t4zz2p-8c07bf8ab06822dd76b5e1dd568aff89{\nborder-radius:0px 0px 0px 0px;\npadding:10px 10px 10px 10px;\nbackground-color:#f2f2f2;\n}\n<\/style>\n<div  class='flex_column av-t4zz2p-8c07bf8ab06822dd76b5e1dd568aff89 av_one_full  avia-builder-el-48  el_after_av_one_full  el_before_av_one_full  first flex_column_div  column-top-margin'     ><section  class='av_textblock_section av-m71lk2uh-ca797cc9457f0f0292932f8bfcc4b67e '  ><div class='avia_textblock' ><p><strong>Lesen Sie mehr: <\/strong><\/p>\n<ul>\n<li>Startchancen-Programm \u2013 F\u00fcr mehr Chancengerechtigkeit an Schulen, 01.08.2024:<br \/>\n<a href=\"https:\/\/www.bundesregierung.de\/breg-de\/aktuelles\/startchancen-programm-2225074\" target=\"_blank\" rel=\"noopener\">https:\/\/www.bundesregierung.de\/breg-de\/aktuelles\/startchancen-programm-2225074<\/a><\/li>\n<\/ul>\n<\/div><\/section><\/div>\n\n<style type=\"text\/css\" data-created_by=\"avia_inline_auto\" id=\"style-css-av-4a8f13-8282735e1a69d4252a8ab107757df204\">\n.flex_column.av-4a8f13-8282735e1a69d4252a8ab107757df204{\nborder-radius:0px 0px 0px 0px;\npadding:10px 10px 10px 10px;\n}\n<\/style>\n<div  class='flex_column av-4a8f13-8282735e1a69d4252a8ab107757df204 av_one_full  avia-builder-el-50  el_after_av_one_full  el_before_av_one_full  first flex_column_div  column-top-margin'     ><section  class='av_textblock_section av-2ibyo7-105f90c883c0b4406936f8076e5ba294 '  ><div class='avia_textblock' ><p class=\"copyright\"><strong>\u00a9 Copyright \u2013 Urheberrechtshinweis<\/strong><br \/>\nAlle Inhalte auf www.backwinkel.de sowie www.backwinkel.de\/blog, insbesondere Texte, Fotografien und Grafiken, sind urheberrechtlich gesch\u00fctzt.<br \/>\nDas Urheberrecht liegt, soweit nicht ausdr\u00fccklich anders gekennzeichnet, bei der BACKWINKEL GmbH. Bitte fragen Sie uns, falls Sie die Inhalte dieses Internetangebotes verwenden m\u00f6chten.<br \/>\nWer gegen das Urheberrecht verst\u00f6\u00dft (z. B. Bilder oder Texte unerlaubt kopiert), macht sich gem. \u00a7\u00a7 106 ff UrhG strafbar, wird zudem kostenpflichtig abgemahnt und muss Schadensersatz leisten (\u00a7 97 UrhG).<\/p>\n<\/div><\/section><\/div>\n\n<style type=\"text\/css\" data-created_by=\"avia_inline_auto\" id=\"style-css-av-1p82t-b0e9719fe6c67aa5c6d1abf813961e55\">\n.flex_column.av-1p82t-b0e9719fe6c67aa5c6d1abf813961e55{\nborder-radius:0px 0px 0px 0px;\npadding:0px 0px 0px 0px;\n}\n<\/style>\n<div  class='flex_column av-1p82t-b0e9719fe6c67aa5c6d1abf813961e55 av_one_full  avia-builder-el-52  el_after_av_one_full  avia-builder-el-last  first flex_column_div av-zero-column-padding  column-top-margin'     ><p><section  class='av_textblock_section av-jlp4hxqo-91baaad30cd61f89630d15f8561d1750 '  ><div class='avia_textblock' ><div class=\"shariff shariff-align-left shariff-widget-align-left\"><ul class=\"shariff-buttons theme-color orientation-horizontal buttonsize-medium\"><li class=\"shariff-button whatsapp shariff-nocustomcolor\" style=\"background-color:#5cbe4a\"><a href=\"https:\/\/api.whatsapp.com\/send?text=https%3A%2F%2Fwww.backwinkel.de%2Fblog%2Fflexible-lernumgebung%2F%20Flexible%20Lernumgebung\" title=\"Bei Whatsapp teilen\" aria-label=\"Bei Whatsapp teilen\" role=\"button\" rel=\"noopener nofollow\" class=\"shariff-link\" style=\"; background-color:#34af23; color:#fff\" target=\"_blank\"><span class=\"shariff-icon\" style=\"\"><svg width=\"32px\" height=\"20px\" xmlns=\"http:\/\/www.w3.org\/2000\/svg\" viewBox=\"0 0 32 32\"><path fill=\"#34af23\" d=\"M17.6 17.4q0.2 0 1.7 0.8t1.6 0.9q0 0.1 0 0.3 0 0.6-0.3 1.4-0.3 0.7-1.3 1.2t-1.8 0.5q-1 0-3.4-1.1-1.7-0.8-3-2.1t-2.6-3.3q-1.3-1.9-1.3-3.5v-0.1q0.1-1.6 1.3-2.8 0.4-0.4 0.9-0.4 0.1 0 0.3 0t0.3 0q0.3 0 0.5 0.1t0.3 0.5q0.1 0.4 0.6 1.6t0.4 1.3q0 0.4-0.6 1t-0.6 0.8q0 0.1 0.1 0.3 0.6 1.3 1.8 2.4 1 0.9 2.7 1.8 0.2 0.1 0.4 0.1 0.3 0 1-0.9t0.9-0.9zM14 26.9q2.3 0 4.3-0.9t3.6-2.4 2.4-3.6 0.9-4.3-0.9-4.3-2.4-3.6-3.6-2.4-4.3-0.9-4.3 0.9-3.6 2.4-2.4 3.6-0.9 4.3q0 3.6 2.1 6.6l-1.4 4.2 4.3-1.4q2.8 1.9 6.2 1.9zM14 2.2q2.7 0 5.2 1.1t4.3 2.9 2.9 4.3 1.1 5.2-1.1 5.2-2.9 4.3-4.3 2.9-5.2 1.1q-3.5 0-6.5-1.7l-7.4 2.4 2.4-7.2q-1.9-3.2-1.9-6.9 0-2.7 1.1-5.2t2.9-4.3 4.3-2.9 5.2-1.1z\"\/><\/svg><\/span><span class=\"shariff-text\">teilen<\/span>&nbsp;<\/a><\/li><li class=\"shariff-button facebook shariff-nocustomcolor\" style=\"background-color:#4273c8\"><a href=\"https:\/\/www.facebook.com\/sharer\/sharer.php?u=https%3A%2F%2Fwww.backwinkel.de%2Fblog%2Fflexible-lernumgebung%2F\" title=\"Bei Facebook teilen\" aria-label=\"Bei Facebook teilen\" role=\"button\" rel=\"nofollow\" class=\"shariff-link\" style=\"; background-color:#3b5998; color:#fff\" target=\"_blank\"><span class=\"shariff-icon\" style=\"\"><svg width=\"32px\" height=\"20px\" xmlns=\"http:\/\/www.w3.org\/2000\/svg\" viewBox=\"0 0 18 32\"><path fill=\"#3b5998\" d=\"M17.1 0.2v4.7h-2.8q-1.5 0-2.1 0.6t-0.5 1.9v3.4h5.2l-0.7 5.3h-4.5v13.6h-5.5v-13.6h-4.5v-5.3h4.5v-3.9q0-3.3 1.9-5.2t5-1.8q2.6 0 4.1 0.2z\"\/><\/svg><\/span><span class=\"shariff-text\">teilen<\/span>&nbsp;<\/a><\/li><li class=\"shariff-button twitter shariff-nocustomcolor\" style=\"background-color:#595959\"><a href=\"https:\/\/twitter.com\/share?url=https%3A%2F%2Fwww.backwinkel.de%2Fblog%2Fflexible-lernumgebung%2F&text=Flexible%20Lernumgebung\" title=\"Bei X teilen\" aria-label=\"Bei X teilen\" role=\"button\" rel=\"noopener nofollow\" class=\"shariff-link\" style=\"; background-color:#000; color:#fff\" target=\"_blank\"><span class=\"shariff-icon\" style=\"\"><svg width=\"32px\" height=\"20px\" xmlns=\"http:\/\/www.w3.org\/2000\/svg\" viewBox=\"0 0 24 24\"><path fill=\"#000\" d=\"M14.258 10.152L23.176 0h-2.113l-7.747 8.813L7.133 0H0l9.352 13.328L0 23.973h2.113l8.176-9.309 6.531 9.309h7.133zm-2.895 3.293l-.949-1.328L2.875 1.56h3.246l6.086 8.523.945 1.328 7.91 11.078h-3.246zm0 0\"\/><\/svg><\/span><span class=\"shariff-text\">teilen<\/span>&nbsp;<\/a><\/li><li class=\"shariff-button pinterest shariff-nocustomcolor\" style=\"background-color:#e70f18\"><a href=\"https:\/\/www.pinterest.com\/pin\/create\/link\/?url=https%3A%2F%2Fwww.backwinkel.de%2Fblog%2Fflexible-lernumgebung%2F&media=https%3A%2F%2Fwww.backwinkel.de%2Fblog%2Fwp-content%2Fuploads%2F2025%2F01%2Fbackwinkel-blog-flexible-lernumgebung.webp&description=Flexible%20Lernumgebung\" title=\"Bei Pinterest pinnen\" aria-label=\"Bei Pinterest pinnen\" role=\"button\" rel=\"noopener nofollow\" class=\"shariff-link\" style=\"; background-color:#cb2027; color:#fff\" target=\"_blank\"><span class=\"shariff-icon\" style=\"\"><svg width=\"32px\" height=\"20px\" xmlns=\"http:\/\/www.w3.org\/2000\/svg\" viewBox=\"0 0 27 32\"><path fill=\"#cb2027\" d=\"M27.4 16q0 3.7-1.8 6.9t-5 5-6.9 1.9q-2 0-3.9-0.6 1.1-1.7 1.4-2.9 0.2-0.6 1-3.8 0.4 0.7 1.3 1.2t2 0.5q2.1 0 3.8-1.2t2.7-3.4 0.9-4.8q0-2-1.1-3.8t-3.1-2.9-4.5-1.2q-1.9 0-3.5 0.5t-2.8 1.4-2 2-1.2 2.3-0.4 2.4q0 1.9 0.7 3.3t2.1 2q0.5 0.2 0.7-0.4 0-0.1 0.1-0.5t0.2-0.5q0.1-0.4-0.2-0.8-0.9-1.1-0.9-2.7 0-2.7 1.9-4.6t4.9-2q2.7 0 4.2 1.5t1.5 3.8q0 3-1.2 5.2t-3.1 2.1q-1.1 0-1.7-0.8t-0.4-1.9q0.1-0.6 0.5-1.7t0.5-1.8 0.2-1.4q0-0.9-0.5-1.5t-1.4-0.6q-1.1 0-1.9 1t-0.8 2.6q0 1.3 0.4 2.2l-1.8 7.5q-0.3 1.2-0.2 3.2-3.7-1.6-6-5t-2.3-7.6q0-3.7 1.9-6.9t5-5 6.9-1.9 6.9 1.9 5 5 1.8 6.9z\"\/><\/svg><\/span><span class=\"shariff-text\">merken<\/span>&nbsp;<\/a><\/li><li class=\"shariff-button mailto shariff-nocustomcolor\" style=\"background-color:#a8a8a8\"><a href=\"mailto:?body=https%3A%2F%2Fwww.backwinkel.de%2Fblog%2Fflexible-lernumgebung%2F&subject=Flexible%20Lernumgebung\" title=\"Per E-Mail versenden\" aria-label=\"Per E-Mail versenden\" role=\"button\" rel=\"noopener nofollow\" class=\"shariff-link\" style=\"; background-color:#999; color:#fff\"><span class=\"shariff-icon\" style=\"\"><svg width=\"32px\" height=\"20px\" xmlns=\"http:\/\/www.w3.org\/2000\/svg\" viewBox=\"0 0 32 32\"><path fill=\"#999\" d=\"M32 12.7v14.2q0 1.2-0.8 2t-2 0.9h-26.3q-1.2 0-2-0.9t-0.8-2v-14.2q0.8 0.9 1.8 1.6 6.5 4.4 8.9 6.1 1 0.8 1.6 1.2t1.7 0.9 2 0.4h0.1q0.9 0 2-0.4t1.7-0.9 1.6-1.2q3-2.2 8.9-6.1 1-0.7 1.8-1.6zM32 7.4q0 1.4-0.9 2.7t-2.2 2.2q-6.7 4.7-8.4 5.8-0.2 0.1-0.7 0.5t-1 0.7-0.9 0.6-1.1 0.5-0.9 0.2h-0.1q-0.4 0-0.9-0.2t-1.1-0.5-0.9-0.6-1-0.7-0.7-0.5q-1.6-1.1-4.7-3.2t-3.6-2.6q-1.1-0.7-2.1-2t-1-2.5q0-1.4 0.7-2.3t2.1-0.9h26.3q1.2 0 2 0.8t0.9 2z\"\/><\/svg><\/span><span class=\"shariff-text\">E-Mail<\/span>&nbsp;<\/a><\/li><\/ul><\/div>\n<\/div><\/section><br \/>\n<div  class='tabcontainer av-jlq8shhr-81242121e684ca07ed7e4b689c7d9116 top_tab  avia-builder-el-54  el_after_av_textblock  el_before_av_hr '>\n<section class='av_tab_section av_tab_section av-4w8jsn-bbdf9e923dedb1db49ad7c5dc47ef632' ><div id='tab-id-1-tab' class='tab active_tab' role='tab' aria-selected=\"true\" tabindex=\"0\" data-fake-id='#tab-id-1' aria-controls='tab-id-1-content' >Das BACKWINKEL-Blog-Team:<\/div><div id='tab-id-1-content' class='tab_content active_tab_content' role='tabpanel' aria-labelledby='tab-id-1-tab' aria-hidden=\"false\"><div class='tab_inner_content invers-color' ><p>Gibts auch ein Gesicht hinter dem BACKWINKEL-Blog? Nat\u00fcrlich. Sogar f\u00fcnf \ud83d\ude0a. Wir \u2013 Lukas, Marvin und Tatjana \u2013 bespielen unseren Blog im LACHEN LEBEN LERNEN-Firmensitz in Hattingen.<br \/>\nLukas kennt Onlinemarketing wie seine Westentasche, w\u00e4hrend Marvin unseren Beitr\u00e4gen den passenden gestalterischen Rahmen gibt und Tatjana mit dem gr\u00fcnen Korrekturstift alles pr\u00fcfend be\u00e4ugt, was unsere Freelancerautorinnen Elisa und Christine (und gern auch Gastautoren) aus der Ferne f\u00fcr den BACKWINKEL-Blog nach ordentlicher Recherche schreiben.<br \/>\nGemeinsam suchen wir st\u00e4ndig nach neuen, aufregenden Themen rund um das Thema Bildung im Kiga, der Schule und zu Hause. Und weil Sie da an der Quelle sitzen, freuen wir uns auf Ihre konstruktiven R\u00fcckmeldungen und Anregungen an blog[@]backwinkel.de<br \/>\nViel Spa\u00df beim LACHEN LESEN LERNEN!<\/p>\n<\/div><\/div><\/section>\n<\/div><br \/>\n\n<style type=\"text\/css\" data-created_by=\"avia_inline_auto\" id=\"style-css-av-jkuvdh82-b6ea5d9aca5d02d0d62bf300de93e492\">\n#top .hr.av-jkuvdh82-b6ea5d9aca5d02d0d62bf300de93e492{\nmargin-top:10px;\nmargin-bottom:10px;\n}\n.hr.av-jkuvdh82-b6ea5d9aca5d02d0d62bf300de93e492 .hr-inner{\nwidth:500;\n}\n<\/style>\n<div  class='hr av-jkuvdh82-b6ea5d9aca5d02d0d62bf300de93e492 hr-custom  avia-builder-el-55  el_after_av_tab_container  el_before_av_heading  hr-left hr-icon-no'><span class='hr-inner inner-border-av-border-thin'><span class=\"hr-inner-style\"><\/span><\/span><\/div><br \/>\n\n<style type=\"text\/css\" data-created_by=\"avia_inline_auto\" id=\"style-css-av-2rgq8p-eea5960d1a3bca7958b11dcc59b35b67\">\n#top .av-special-heading.av-2rgq8p-eea5960d1a3bca7958b11dcc59b35b67{\npadding-bottom:10px;\n}\nbody .av-special-heading.av-2rgq8p-eea5960d1a3bca7958b11dcc59b35b67 .av-special-heading-tag .heading-char{\nfont-size:25px;\n}\n.av-special-heading.av-2rgq8p-eea5960d1a3bca7958b11dcc59b35b67 .av-subheading{\nfont-size:15px;\n}\n<\/style>\n<div  class='av-special-heading av-2rgq8p-eea5960d1a3bca7958b11dcc59b35b67 av-special-heading-h3 blockquote modern-quote  avia-builder-el-56  el_after_av_hr  el_before_av_blog '><h3 class='av-special-heading-tag '  >PASSENDE BEITR\u00c4GE<\/h3><div class=\"special-heading-border\"><div class=\"special-heading-inner-border\"><\/div><\/div><\/div><br \/>\n<div  data-slideshow-options=\"{&quot;animation&quot;:&quot;fade&quot;,&quot;autoplay&quot;:false,&quot;loop_autoplay&quot;:&quot;once&quot;,&quot;interval&quot;:5,&quot;loop_manual&quot;:&quot;manual-endless&quot;,&quot;autoplay_stopper&quot;:false,&quot;noNavigation&quot;:false,&quot;show_slide_delay&quot;:90}\" class='avia-content-slider avia-content-grid-active avia-content-slider1 avia-content-slider-odd  avia-builder-el-57  el_after_av_heading  avia-builder-el-last  av-slideshow-ui av-control-default   av-no-slider-navigation av-slideshow-manual av-loop-once av-loop-manual-endless ' ><div class=\"avia-content-slider-inner\"><div class=\"slide-entry-wrap\"><article class='slide-entry flex_column  post-entry post-entry-18633 slide-entry-overview slide-loop-1 slide-parity-odd  av_one_third first real-thumbnail posttype-post post-format-standard' ><a href='https:\/\/www.backwinkel.de\/blog\/plastik-recyceln\/' data-rel='slide-1' class='slide-image' title='Plastik recyceln'><img decoding=\"async\" fetchpriority=\"high\" width=\"1200\" height=\"628\" src=\"https:\/\/www.backwinkel.de\/blog\/wp-content\/uploads\/2026\/04\/04_Kiga_Plastik_nachhaltig_nutzen.jpg\" class=\"wp-image-18713 avia-img-lazy-loading-not-18713 attachment-no scaling size-no scaling wp-post-image\" alt=\"\" \/><\/a><div class=\"slide-content\"><header class=\"entry-content-header\" aria-label=\"Slide: Plastik recyceln\"><h3 class='slide-entry-title entry-title ' ><a href='https:\/\/www.backwinkel.de\/blog\/plastik-recyceln\/' title='Plastik recyceln'>Plastik recyceln<\/a><\/h3><span class=\"blog-categories minor-meta\"><a href=\"https:\/\/www.backwinkel.de\/blog\/category\/kindergarten-kita\/\" rel=\"tag\">Kindergarten<\/a> <\/span><span class=\"av-vertical-delimiter\"><\/span><\/header><div class='slide-entry-excerpt entry-content' >Biokunststoff f\u00fcr St\u00fchle, Materialboxen, Spielzeug und Rucks\u00e4cke<\/div><\/div><footer class=\"entry-footer\"><div class=\"slide-meta\"><time class='slide-meta-time updated' >14. April 2026<\/time><\/div><\/footer><\/article><article class='slide-entry flex_column  post-entry post-entry-18716 slide-entry-overview slide-loop-2 slide-parity-even  av_one_third  real-thumbnail posttype-post post-format-standard' ><a href='https:\/\/www.backwinkel.de\/blog\/rechnen-im-anfangsunterricht\/' data-rel='slide-1' class='slide-image' title='Rechnen im Anfangsunterricht'><img decoding=\"async\" fetchpriority=\"high\" width=\"1200\" height=\"628\" src=\"https:\/\/www.backwinkel.de\/blog\/wp-content\/uploads\/2026\/04\/04_Schule_Rechnen_anfangsunterricht.jpg\" class=\"wp-image-18748 avia-img-lazy-loading-not-18748 attachment-no scaling size-no scaling wp-post-image\" alt=\"\" \/><\/a><div class=\"slide-content\"><header class=\"entry-content-header\" aria-label=\"Slide: Rechnen im Anfangsunterricht\"><h3 class='slide-entry-title entry-title ' ><a href='https:\/\/www.backwinkel.de\/blog\/rechnen-im-anfangsunterricht\/' title='Rechnen im Anfangsunterricht'>Rechnen im Anfangsunterricht<\/a><\/h3><span class=\"blog-categories minor-meta\"><a href=\"https:\/\/www.backwinkel.de\/blog\/category\/schule-grundschule\/\" rel=\"tag\">Schule<\/a> <\/span><span class=\"av-vertical-delimiter\"><\/span><\/header><div class='slide-entry-excerpt entry-content' >Das Klassenzimmer als Lernlandschaft<\/div><\/div><footer class=\"entry-footer\"><div class=\"slide-meta\"><time class='slide-meta-time updated' >14. April 2026<\/time><\/div><\/footer><\/article><article class='slide-entry flex_column  post-entry post-entry-18372 slide-entry-overview slide-loop-3 slide-parity-odd  post-entry-last  av_one_third  real-thumbnail posttype-post post-format-standard' ><a href='https:\/\/www.backwinkel.de\/blog\/kranke-kinder-im-kindergarten\/' data-rel='slide-1' class='slide-image' title='Kranke Kinder im Kindergarten'><img decoding=\"async\" fetchpriority=\"high\" width=\"1200\" height=\"628\" src=\"https:\/\/www.backwinkel.de\/blog\/wp-content\/uploads\/2026\/03\/03_Kiga_Kranke_Kinder.jpg\" class=\"wp-image-18451 avia-img-lazy-loading-not-18451 attachment-no scaling size-no scaling wp-post-image\" alt=\"Thema: Kranke Kinder. Auf dem Bild ist ein krankes kleines M\u00e4dchen zu sehen. Eine Frau mit einem Fieberthermometer in der Hand sitzt neben ihr und hat die Hand auf der Stirn des M\u00e4dchens.\" \/><\/a><div class=\"slide-content\"><header class=\"entry-content-header\" aria-label=\"Slide: Kranke Kinder im Kindergarten\"><h3 class='slide-entry-title entry-title ' ><a href='https:\/\/www.backwinkel.de\/blog\/kranke-kinder-im-kindergarten\/' title='Kranke Kinder im Kindergarten'>Kranke Kinder im Kindergarten<\/a><\/h3><span class=\"blog-categories minor-meta\"><a href=\"https:\/\/www.backwinkel.de\/blog\/category\/kindergarten-kita\/\" rel=\"tag\">Kindergarten<\/a> <\/span><span class=\"av-vertical-delimiter\"><\/span><\/header><div class='slide-entry-excerpt entry-content' >Auswirkungen f\u00fcr Kinder, Eltern und Fachkr\u00e4fte<\/div><\/div><footer class=\"entry-footer\"><div class=\"slide-meta\"><time class='slide-meta-time updated' >9. M\u00e4rz 2026<\/time><\/div><\/footer><\/article><\/div><\/div><\/div><\/p><\/div>\n","protected":false},"excerpt":{"rendered":"<p>Wie Sie Klassen- in Multifunktionsr\u00e4ume verwandeln<\/p>\n","protected":false},"author":1,"featured_media":15989,"comment_status":"closed","ping_status":"closed","sticky":false,"template":"","format":"standard","meta":{"inline_featured_image":false,"footnotes":""},"categories":[6],"tags":[],"class_list":["post-15985","post","type-post","status-publish","format-standard","has-post-thumbnail","hentry","category-schule-grundschule"],"yoast_head":"<!-- This site is optimized with the Yoast SEO plugin v27.4 - https:\/\/yoast.com\/product\/yoast-seo-wordpress\/ -->\n<title>Flexible Lernumgebung | BACKWINKEL Blog<\/title>\n<meta name=\"description\" content=\"Ein Raum, viele M\u00f6glichkeiten: So nutzen Sie Ihren Klassenraum vielf\u00e4ltig und schaffen optimale Lernumgebungen \u00bb Jetzt lesen im BACKWINKEL-Blog\" \/>\n<meta name=\"robots\" content=\"index, follow, max-snippet:-1, max-image-preview:large, max-video-preview:-1\" \/>\n<link rel=\"canonical\" href=\"https:\/\/www.backwinkel.de\/blog\/flexible-lernumgebung\/\" \/>\n<meta property=\"og:locale\" content=\"de_DE\" \/>\n<meta property=\"og:type\" content=\"article\" \/>\n<meta property=\"og:title\" content=\"Flexible Lernumgebung | BACKWINKEL Blog\" \/>\n<meta property=\"og:description\" content=\"Ein Raum, viele M\u00f6glichkeiten: So nutzen Sie Ihren Klassenraum vielf\u00e4ltig und schaffen optimale Lernumgebungen \u00bb Jetzt lesen im BACKWINKEL-Blog\" \/>\n<meta property=\"og:url\" content=\"https:\/\/www.backwinkel.de\/blog\/flexible-lernumgebung\/\" \/>\n<meta property=\"og:site_name\" content=\"BACKWINKEL Blog\" \/>\n<meta property=\"article:published_time\" content=\"2025-02-17T08:04:05+00:00\" \/>\n<meta property=\"article:modified_time\" content=\"2026-04-20T11:12:29+00:00\" \/>\n<meta property=\"og:image\" content=\"https:\/\/www.backwinkel.de\/blog\/wp-content\/uploads\/2025\/01\/backwinkel-blog-flexible-lernumgebung.webp\" \/>\n\t<meta property=\"og:image:width\" content=\"1200\" \/>\n\t<meta property=\"og:image:height\" content=\"628\" \/>\n\t<meta property=\"og:image:type\" content=\"image\/webp\" \/>\n<meta name=\"author\" content=\"admin_backwinkel\" \/>\n<meta name=\"twitter:card\" content=\"summary_large_image\" \/>\n<meta name=\"twitter:label1\" content=\"Verfasst von\" \/>\n\t<meta name=\"twitter:data1\" content=\"admin_backwinkel\" \/>\n\t<meta name=\"twitter:label2\" content=\"Gesch\u00e4tzte Lesezeit\" \/>\n\t<meta name=\"twitter:data2\" content=\"10\u00a0Minuten\" \/>\n<script type=\"application\/ld+json\" class=\"yoast-schema-graph\">{\"@context\":\"https:\\\/\\\/schema.org\",\"@graph\":[{\"@type\":\"Article\",\"@id\":\"https:\\\/\\\/www.backwinkel.de\\\/blog\\\/flexible-lernumgebung\\\/#article\",\"isPartOf\":{\"@id\":\"https:\\\/\\\/www.backwinkel.de\\\/blog\\\/flexible-lernumgebung\\\/\"},\"author\":{\"name\":\"admin_backwinkel\",\"@id\":\"https:\\\/\\\/www.backwinkel.de\\\/blog\\\/#\\\/schema\\\/person\\\/88b842297c0e471020a66f4476633cf2\"},\"headline\":\"Flexible Lernumgebung\",\"datePublished\":\"2025-02-17T08:04:05+00:00\",\"dateModified\":\"2026-04-20T11:12:29+00:00\",\"mainEntityOfPage\":{\"@id\":\"https:\\\/\\\/www.backwinkel.de\\\/blog\\\/flexible-lernumgebung\\\/\"},\"wordCount\":5602,\"image\":{\"@id\":\"https:\\\/\\\/www.backwinkel.de\\\/blog\\\/flexible-lernumgebung\\\/#primaryimage\"},\"thumbnailUrl\":\"https:\\\/\\\/www.backwinkel.de\\\/blog\\\/wp-content\\\/uploads\\\/2025\\\/01\\\/backwinkel-blog-flexible-lernumgebung.webp\",\"articleSection\":[\"Schule\"],\"inLanguage\":\"de\"},{\"@type\":\"WebPage\",\"@id\":\"https:\\\/\\\/www.backwinkel.de\\\/blog\\\/flexible-lernumgebung\\\/\",\"url\":\"https:\\\/\\\/www.backwinkel.de\\\/blog\\\/flexible-lernumgebung\\\/\",\"name\":\"Flexible Lernumgebung | BACKWINKEL Blog\",\"isPartOf\":{\"@id\":\"https:\\\/\\\/www.backwinkel.de\\\/blog\\\/#website\"},\"primaryImageOfPage\":{\"@id\":\"https:\\\/\\\/www.backwinkel.de\\\/blog\\\/flexible-lernumgebung\\\/#primaryimage\"},\"image\":{\"@id\":\"https:\\\/\\\/www.backwinkel.de\\\/blog\\\/flexible-lernumgebung\\\/#primaryimage\"},\"thumbnailUrl\":\"https:\\\/\\\/www.backwinkel.de\\\/blog\\\/wp-content\\\/uploads\\\/2025\\\/01\\\/backwinkel-blog-flexible-lernumgebung.webp\",\"datePublished\":\"2025-02-17T08:04:05+00:00\",\"dateModified\":\"2026-04-20T11:12:29+00:00\",\"author\":{\"@id\":\"https:\\\/\\\/www.backwinkel.de\\\/blog\\\/#\\\/schema\\\/person\\\/88b842297c0e471020a66f4476633cf2\"},\"description\":\"Ein Raum, viele M\u00f6glichkeiten: So nutzen Sie Ihren Klassenraum vielf\u00e4ltig und schaffen optimale Lernumgebungen \u00bb Jetzt lesen im BACKWINKEL-Blog\",\"breadcrumb\":{\"@id\":\"https:\\\/\\\/www.backwinkel.de\\\/blog\\\/flexible-lernumgebung\\\/#breadcrumb\"},\"inLanguage\":\"de\",\"potentialAction\":[{\"@type\":\"ReadAction\",\"target\":[\"https:\\\/\\\/www.backwinkel.de\\\/blog\\\/flexible-lernumgebung\\\/\"]}]},{\"@type\":\"ImageObject\",\"inLanguage\":\"de\",\"@id\":\"https:\\\/\\\/www.backwinkel.de\\\/blog\\\/flexible-lernumgebung\\\/#primaryimage\",\"url\":\"https:\\\/\\\/www.backwinkel.de\\\/blog\\\/wp-content\\\/uploads\\\/2025\\\/01\\\/backwinkel-blog-flexible-lernumgebung.webp\",\"contentUrl\":\"https:\\\/\\\/www.backwinkel.de\\\/blog\\\/wp-content\\\/uploads\\\/2025\\\/01\\\/backwinkel-blog-flexible-lernumgebung.webp\",\"width\":1200,\"height\":628},{\"@type\":\"BreadcrumbList\",\"@id\":\"https:\\\/\\\/www.backwinkel.de\\\/blog\\\/flexible-lernumgebung\\\/#breadcrumb\",\"itemListElement\":[{\"@type\":\"ListItem\",\"position\":1,\"name\":\"Startseite\",\"item\":\"https:\\\/\\\/blog.backwinkel.de\\\/aktuelles\\\/\"},{\"@type\":\"ListItem\",\"position\":2,\"name\":\"Flexible Lernumgebung\"}]},{\"@type\":\"WebSite\",\"@id\":\"https:\\\/\\\/www.backwinkel.de\\\/blog\\\/#website\",\"url\":\"https:\\\/\\\/www.backwinkel.de\\\/blog\\\/\",\"name\":\"BACKWINKEL Blog\",\"description\":\"f\u00fcr Lehrer, Erzieher und Eltern\",\"potentialAction\":[{\"@type\":\"SearchAction\",\"target\":{\"@type\":\"EntryPoint\",\"urlTemplate\":\"https:\\\/\\\/www.backwinkel.de\\\/blog\\\/?s={search_term_string}\"},\"query-input\":{\"@type\":\"PropertyValueSpecification\",\"valueRequired\":true,\"valueName\":\"search_term_string\"}}],\"inLanguage\":\"de\"},{\"@type\":\"Person\",\"@id\":\"https:\\\/\\\/www.backwinkel.de\\\/blog\\\/#\\\/schema\\\/person\\\/88b842297c0e471020a66f4476633cf2\",\"name\":\"admin_backwinkel\",\"url\":\"https:\\\/\\\/www.backwinkel.de\\\/blog\\\/author\\\/admin_backwinkel\\\/\"}]}<\/script>\n<!-- \/ Yoast SEO plugin. -->","yoast_head_json":{"title":"Flexible Lernumgebung | BACKWINKEL Blog","description":"Ein Raum, viele M\u00f6glichkeiten: So nutzen Sie Ihren Klassenraum vielf\u00e4ltig und schaffen optimale Lernumgebungen \u00bb Jetzt lesen im BACKWINKEL-Blog","robots":{"index":"index","follow":"follow","max-snippet":"max-snippet:-1","max-image-preview":"max-image-preview:large","max-video-preview":"max-video-preview:-1"},"canonical":"https:\/\/www.backwinkel.de\/blog\/flexible-lernumgebung\/","og_locale":"de_DE","og_type":"article","og_title":"Flexible Lernumgebung | BACKWINKEL Blog","og_description":"Ein Raum, viele M\u00f6glichkeiten: So nutzen Sie Ihren Klassenraum vielf\u00e4ltig und schaffen optimale Lernumgebungen \u00bb Jetzt lesen im BACKWINKEL-Blog","og_url":"https:\/\/www.backwinkel.de\/blog\/flexible-lernumgebung\/","og_site_name":"BACKWINKEL Blog","article_published_time":"2025-02-17T08:04:05+00:00","article_modified_time":"2026-04-20T11:12:29+00:00","og_image":[{"width":1200,"height":628,"url":"https:\/\/www.backwinkel.de\/blog\/wp-content\/uploads\/2025\/01\/backwinkel-blog-flexible-lernumgebung.webp","type":"image\/webp"}],"author":"admin_backwinkel","twitter_card":"summary_large_image","twitter_misc":{"Verfasst von":"admin_backwinkel","Gesch\u00e4tzte Lesezeit":"10\u00a0Minuten"},"schema":{"@context":"https:\/\/schema.org","@graph":[{"@type":"Article","@id":"https:\/\/www.backwinkel.de\/blog\/flexible-lernumgebung\/#article","isPartOf":{"@id":"https:\/\/www.backwinkel.de\/blog\/flexible-lernumgebung\/"},"author":{"name":"admin_backwinkel","@id":"https:\/\/www.backwinkel.de\/blog\/#\/schema\/person\/88b842297c0e471020a66f4476633cf2"},"headline":"Flexible Lernumgebung","datePublished":"2025-02-17T08:04:05+00:00","dateModified":"2026-04-20T11:12:29+00:00","mainEntityOfPage":{"@id":"https:\/\/www.backwinkel.de\/blog\/flexible-lernumgebung\/"},"wordCount":5602,"image":{"@id":"https:\/\/www.backwinkel.de\/blog\/flexible-lernumgebung\/#primaryimage"},"thumbnailUrl":"https:\/\/www.backwinkel.de\/blog\/wp-content\/uploads\/2025\/01\/backwinkel-blog-flexible-lernumgebung.webp","articleSection":["Schule"],"inLanguage":"de"},{"@type":"WebPage","@id":"https:\/\/www.backwinkel.de\/blog\/flexible-lernumgebung\/","url":"https:\/\/www.backwinkel.de\/blog\/flexible-lernumgebung\/","name":"Flexible Lernumgebung | BACKWINKEL Blog","isPartOf":{"@id":"https:\/\/www.backwinkel.de\/blog\/#website"},"primaryImageOfPage":{"@id":"https:\/\/www.backwinkel.de\/blog\/flexible-lernumgebung\/#primaryimage"},"image":{"@id":"https:\/\/www.backwinkel.de\/blog\/flexible-lernumgebung\/#primaryimage"},"thumbnailUrl":"https:\/\/www.backwinkel.de\/blog\/wp-content\/uploads\/2025\/01\/backwinkel-blog-flexible-lernumgebung.webp","datePublished":"2025-02-17T08:04:05+00:00","dateModified":"2026-04-20T11:12:29+00:00","author":{"@id":"https:\/\/www.backwinkel.de\/blog\/#\/schema\/person\/88b842297c0e471020a66f4476633cf2"},"description":"Ein Raum, viele M\u00f6glichkeiten: So nutzen Sie Ihren Klassenraum vielf\u00e4ltig und schaffen optimale Lernumgebungen \u00bb Jetzt lesen im BACKWINKEL-Blog","breadcrumb":{"@id":"https:\/\/www.backwinkel.de\/blog\/flexible-lernumgebung\/#breadcrumb"},"inLanguage":"de","potentialAction":[{"@type":"ReadAction","target":["https:\/\/www.backwinkel.de\/blog\/flexible-lernumgebung\/"]}]},{"@type":"ImageObject","inLanguage":"de","@id":"https:\/\/www.backwinkel.de\/blog\/flexible-lernumgebung\/#primaryimage","url":"https:\/\/www.backwinkel.de\/blog\/wp-content\/uploads\/2025\/01\/backwinkel-blog-flexible-lernumgebung.webp","contentUrl":"https:\/\/www.backwinkel.de\/blog\/wp-content\/uploads\/2025\/01\/backwinkel-blog-flexible-lernumgebung.webp","width":1200,"height":628},{"@type":"BreadcrumbList","@id":"https:\/\/www.backwinkel.de\/blog\/flexible-lernumgebung\/#breadcrumb","itemListElement":[{"@type":"ListItem","position":1,"name":"Startseite","item":"https:\/\/blog.backwinkel.de\/aktuelles\/"},{"@type":"ListItem","position":2,"name":"Flexible Lernumgebung"}]},{"@type":"WebSite","@id":"https:\/\/www.backwinkel.de\/blog\/#website","url":"https:\/\/www.backwinkel.de\/blog\/","name":"BACKWINKEL Blog","description":"f\u00fcr Lehrer, Erzieher und Eltern","potentialAction":[{"@type":"SearchAction","target":{"@type":"EntryPoint","urlTemplate":"https:\/\/www.backwinkel.de\/blog\/?s={search_term_string}"},"query-input":{"@type":"PropertyValueSpecification","valueRequired":true,"valueName":"search_term_string"}}],"inLanguage":"de"},{"@type":"Person","@id":"https:\/\/www.backwinkel.de\/blog\/#\/schema\/person\/88b842297c0e471020a66f4476633cf2","name":"admin_backwinkel","url":"https:\/\/www.backwinkel.de\/blog\/author\/admin_backwinkel\/"}]}},"_links":{"self":[{"href":"https:\/\/www.backwinkel.de\/blog\/wp-json\/wp\/v2\/posts\/15985","targetHints":{"allow":["GET"]}}],"collection":[{"href":"https:\/\/www.backwinkel.de\/blog\/wp-json\/wp\/v2\/posts"}],"about":[{"href":"https:\/\/www.backwinkel.de\/blog\/wp-json\/wp\/v2\/types\/post"}],"author":[{"embeddable":true,"href":"https:\/\/www.backwinkel.de\/blog\/wp-json\/wp\/v2\/users\/1"}],"replies":[{"embeddable":true,"href":"https:\/\/www.backwinkel.de\/blog\/wp-json\/wp\/v2\/comments?post=15985"}],"version-history":[{"count":4,"href":"https:\/\/www.backwinkel.de\/blog\/wp-json\/wp\/v2\/posts\/15985\/revisions"}],"predecessor-version":[{"id":18819,"href":"https:\/\/www.backwinkel.de\/blog\/wp-json\/wp\/v2\/posts\/15985\/revisions\/18819"}],"wp:featuredmedia":[{"embeddable":true,"href":"https:\/\/www.backwinkel.de\/blog\/wp-json\/wp\/v2\/media\/15989"}],"wp:attachment":[{"href":"https:\/\/www.backwinkel.de\/blog\/wp-json\/wp\/v2\/media?parent=15985"}],"wp:term":[{"taxonomy":"category","embeddable":true,"href":"https:\/\/www.backwinkel.de\/blog\/wp-json\/wp\/v2\/categories?post=15985"},{"taxonomy":"post_tag","embeddable":true,"href":"https:\/\/www.backwinkel.de\/blog\/wp-json\/wp\/v2\/tags?post=15985"}],"curies":[{"name":"wp","href":"https:\/\/api.w.org\/{rel}","templated":true}]}}