{"id":15924,"date":"2025-02-10T09:00:05","date_gmt":"2025-02-10T08:00:05","guid":{"rendered":"https:\/\/www.backwinkel.de\/blog\/?p=15924"},"modified":"2026-04-27T08:06:02","modified_gmt":"2026-04-27T06:06:02","slug":"demokratie-leben-jetzt","status":"publish","type":"post","link":"https:\/\/www.backwinkel.de\/blog\/demokratie-leben-jetzt\/","title":{"rendered":"Demokratie leben \u2013 Jetzt!"},"content":{"rendered":"\n<style type=\"text\/css\" data-created_by=\"avia_inline_auto\" id=\"style-css-av-8vdv8-f7e0dae999cc49bc529a70f67b346526\">\n.flex_column.av-8vdv8-f7e0dae999cc49bc529a70f67b346526{\nborder-radius:0px 0px 0px 0px;\npadding:0px 0px 0px 0px;\n}\n<\/style>\n<div  class='flex_column av-8vdv8-f7e0dae999cc49bc529a70f67b346526 av_one_full  avia-builder-el-0  el_before_av_three_fifth  avia-builder-el-first  first flex_column_div av-zero-column-padding  '     ><p>\n<style type=\"text\/css\" data-created_by=\"avia_inline_auto\" id=\"style-css-av-jl6mo8rj-605eccf9df0dce9c3ffb6a57636da99d\">\n#top .hr.hr-invisible.av-jl6mo8rj-605eccf9df0dce9c3ffb6a57636da99d{\nmargin-top:0px;\nheight:1px;\n}\n<\/style>\n<div  class='hr av-jl6mo8rj-605eccf9df0dce9c3ffb6a57636da99d hr-invisible  avia-builder-el-1  el_before_av_heading  avia-builder-el-first '><span class='hr-inner '><span class=\"hr-inner-style\"><\/span><\/span><\/div><br \/>\n\n<style type=\"text\/css\" data-created_by=\"avia_inline_auto\" id=\"style-css-av-27gdg7-e3bc47740c141f4e6c8af325b19bb7d7\">\n#top .av-special-heading.av-27gdg7-e3bc47740c141f4e6c8af325b19bb7d7{\npadding-bottom:10px;\n}\nbody .av-special-heading.av-27gdg7-e3bc47740c141f4e6c8af325b19bb7d7 .av-special-heading-tag .heading-char{\nfont-size:25px;\n}\n.av-special-heading.av-27gdg7-e3bc47740c141f4e6c8af325b19bb7d7 .av-subheading{\nfont-size:15px;\n}\n<\/style>\n<div  class='av-special-heading av-27gdg7-e3bc47740c141f4e6c8af325b19bb7d7 av-special-heading-h1 blockquote modern-quote  avia-builder-el-2  el_after_av_hr  el_before_av_post_metadata  av-linked-heading'><h1 class='av-special-heading-tag '  >Demokratie leben \u2013 Jetzt!<br \/>\nMit Fakten und hilfreichen Materialien vermitteln Sie unsere Staatsform<\/h1><div class='av-subheading av-subheading_below'><p class=\"autorenname\">Ein Gastbeitrag von apl. Prof. Dr. Klaus-Peter Hufer und Hans-J\u00fcrgen van der Gieth<\/p>\n<\/div><div class=\"special-heading-border\"><div class=\"special-heading-inner-border\"><\/div><\/div><\/div><br \/>\n\n<style type=\"text\/css\" data-created_by=\"avia_inline_auto\" id=\"style-css-av-59im50-3d2e3021c1f90df15140a15c6a608ab5\">\n#top .av-post-metadata-container.av-59im50-3d2e3021c1f90df15140a15c6a608ab5{\nfont-size:12px;\n}\n#top .av-post-metadata-container.av-59im50-3d2e3021c1f90df15140a15c6a608ab5 .av-post-metadata-container-inner{\nfont-size:12px;\n}\n<\/style>\n<div  class='av-post-metadata-container av-59im50-3d2e3021c1f90df15140a15c6a608ab5 av-metadata-container-align-left  avia-builder-el-3  el_after_av_heading  el_before_av_textblock  av-metadata-container-1'><div class='av-post-metadata-container-inner'><span class=\"av-post-metadata-content av-post-metadata-meta-content\"><span class=\"av-post-metadata-content av-post-metadata-modified\"><span class=\"av-metadata-before av-metadata-before-modified\">Aktualisiert:<\/span><span class=\"av-post-metadata-modified-date\" >27. April 2026<\/span><\/span><\/span><\/div><\/div><br \/>\n\n<style type=\"text\/css\" data-created_by=\"avia_inline_auto\" id=\"style-css-av-jkuubohz-bbd292769511b836e32d8da8e9450d9c\">\n#top .av_textblock_section.av-jkuubohz-bbd292769511b836e32d8da8e9450d9c .avia_textblock{\nfont-size:20px;\n}\n<\/style>\n<section  class='av_textblock_section av-jkuubohz-bbd292769511b836e32d8da8e9450d9c '  ><div class='avia_textblock' ><p>Wer heute in Deutschland nach dem Jahr 1949 geboren ist \u2013 und das sind die meisten \u2013 hat sein ganzes bisheriges Leben in einer Demokratie verbracht. Angesichts des erstarkenden Populismus und des Zulaufs rechter Parteien stellt sich die Frage, wie lange sp\u00e4ter Geborene noch das Privileg <strong>Demokratie<\/strong> erfahren d\u00fcrfen.<\/p>\n<\/div><\/section><br \/>\n\n<style type=\"text\/css\" data-created_by=\"avia_inline_auto\" id=\"style-css-av-jkuuo5h6-52f0a413c4efdf9ea1bff6f5c3df448b\">\n.avia-image-container.av-jkuuo5h6-52f0a413c4efdf9ea1bff6f5c3df448b img.avia_image{\nbox-shadow:none;\n}\n.avia-image-container.av-jkuuo5h6-52f0a413c4efdf9ea1bff6f5c3df448b .av-image-caption-overlay-center{\ncolor:#ffffff;\n}\n<\/style>\n<div  class='avia-image-container av-jkuuo5h6-52f0a413c4efdf9ea1bff6f5c3df448b av-styling- avia-align-center  avia-builder-el-5  el_after_av_textblock  el_before_av_hr '  ><div class=\"avia-image-container-inner\"><div class=\"avia-image-overlay-wrap\"><img decoding=\"async\" fetchpriority=\"high\" class='wp-image-15928 avia-img-lazy-loading-not-15928 avia_image ' src=\"https:\/\/www.backwinkel.de\/blog\/wp-content\/uploads\/2025\/01\/backwinkel-blog-demokratie-leben-jetzt.webp\" alt='' title='backwinkel-blog-demokratie-leben-jetzt'  height=\"628\" width=\"1200\"  \/><\/div><\/div><\/div><br \/>\n\n<style type=\"text\/css\" data-created_by=\"avia_inline_auto\" id=\"style-css-av-jl6mo8rj-22-7487f0754a981739ab003e89aabaa170\">\n#top .hr.hr-invisible.av-jl6mo8rj-22-7487f0754a981739ab003e89aabaa170{\nheight:5px;\n}\n<\/style>\n<div  class='hr av-jl6mo8rj-22-7487f0754a981739ab003e89aabaa170 hr-invisible  avia-builder-el-6  el_after_av_image  el_before_av_textblock '><span class='hr-inner '><span class=\"hr-inner-style\"><\/span><\/span><\/div><br \/>\n\n<style type=\"text\/css\" data-created_by=\"avia_inline_auto\" id=\"style-css-av-jl7ql86y-0004168ca5c1e8188cabe38926610bb2\">\n#top .av_textblock_section.av-jl7ql86y-0004168ca5c1e8188cabe38926610bb2 .avia_textblock{\nfont-size:10px;\n}\n<\/style>\n<section  class='av_textblock_section av-jl7ql86y-0004168ca5c1e8188cabe38926610bb2 '  ><div class='avia_textblock' ><p class=\"bildnennung-beitrag\" style=\"text-align: left;\">\u00a9 ADOBE Stock<\/p>\n<\/div><\/section><br \/>\n\n<style type=\"text\/css\" data-created_by=\"avia_inline_auto\" id=\"style-css-av-jl6mo8rj-20-0a5ac640218ac986cc09276001136948\">\n#top .hr.hr-invisible.av-jl6mo8rj-20-0a5ac640218ac986cc09276001136948{\nheight:20px;\n}\n<\/style>\n<div  class='hr av-jl6mo8rj-20-0a5ac640218ac986cc09276001136948 hr-invisible  avia-builder-el-8  el_after_av_textblock  el_before_av_textblock '><span class='hr-inner '><span class=\"hr-inner-style\"><\/span><\/span><\/div><br \/>\n<section  class='av_textblock_section av-jkuubohz-21-75c91343a207bf8690976a030a515e24 '  ><div class='avia_textblock' ><p>Was eine Demokratie ist, warum sie ganz sch\u00f6n kompliziert sein kann und darum besonders gesch\u00fctzt werden muss und wie Sie Ihren Sch\u00fclerinnen und Sch\u00fclern dies alles verst\u00e4ndlich n\u00e4herbringen, lesen Sie in diesem Gastbeitrag.<\/p>\n<\/div><\/section><\/p><\/div>\n<style type=\"text\/css\" data-created_by=\"avia_inline_auto\" id=\"style-css-av-swqf9-6bb490ea0cbb171c9d159bb967226129\">\n.flex_column.av-swqf9-6bb490ea0cbb171c9d159bb967226129{\nborder-radius:0px 0px 0px 0px;\npadding:20px 20px 20px 20px;\nbackground-color:#f2f2f2;\n}\n<\/style>\n<div  class='flex_column av-swqf9-6bb490ea0cbb171c9d159bb967226129 av_three_fifth  avia-builder-el-10  el_after_av_one_full  el_before_av_two_fifth  first flex_column_div  column-top-margin'     ><style type=\"text\/css\" data-created_by=\"avia_inline_auto\" id=\"style-css-av-jkuua5r2-f1beb4b164a3aefc9a751750d41d5b8e\">\n#top .av_textblock_section.av-jkuua5r2-f1beb4b164a3aefc9a751750d41d5b8e .avia_textblock{\nfont-size:14px;\n}\n<\/style>\n<section  class='av_textblock_section av-jkuua5r2-f1beb4b164a3aefc9a751750d41d5b8e '  ><div class='avia_textblock' ><p><strong>Inhalt<\/strong><\/p>\n<p><strong><a href=\"#1\">1. Demokratien unter Druck \u2013 und in Gefahr!<\/a><\/strong><\/p>\n<p><strong><a href=\"#2\">2. Die bittere Realit\u00e4t: Demokratien sind kompliziert und k\u00f6nnen scheitern!<\/a><\/strong><\/p>\n<p><strong><a href=\"#3\">3. Der zuversichtliche Blick nach vorn: Wir k\u00f6nnen etwas dagegen tun!<\/a><\/strong><br \/>\n3.1 Demokratiebildung von Anfang an<br \/>\n3.2 Demokratiebildung als Aufgabe aller F\u00e4cher<br \/>\n3.3 Demokratiebildung verst\u00e4ndlich gemacht<\/p>\n<\/div><\/section><\/div><\/p>\n\n<style type=\"text\/css\" data-created_by=\"avia_inline_auto\" id=\"style-css-av-2532d-6e1ea05e25305745634c0a02c87dc827\">\n.flex_column.av-2532d-6e1ea05e25305745634c0a02c87dc827{\nborder-radius:0px 0px 0px 0px;\npadding:0 0 0 0;\n}\n<\/style>\n<div  class='flex_column av-2532d-6e1ea05e25305745634c0a02c87dc827 av_two_fifth  avia-builder-el-12  el_after_av_three_fifth  el_before_av_sidebar  flex_column_div av-zero-column-padding  column-top-margin'     ><\/div>\n<div  class='avia-builder-widget-area clearfix  avia-builder-el-13  el_after_av_two_fifth  el_before_av_one_full '><div id=\"text-34\" class=\"widget clearfix widget_text\">\t\t\t<div class=\"textwidget\"><p><a href=\"https:\/\/www.backwinkel.de\/nachhaltig-denken\/\" target=\"\\_blank\" rel=\"noopener\"><br \/>\n<img decoding=\"async\" class=\"werbung-desktop alignnone wp-image-4186 size-full\" src=\"https:\/\/www.backwinkel.de\/blog\/wp-content\/uploads\/2026\/04\/Backwinkel-blog-werbebanner-shop-schule_desktop.jpg\" alt=\"\" width=\"1251\" height=\"201\" \/><br \/>\n<\/a><br \/>\n<a href=\"https:\/\/www.backwinkel.de\/nachhaltig-denken\/\" target=\"\\_blank\" rel=\"noopener\"><br \/>\n<img decoding=\"async\" class=\"werbung-mobile alignnone wp-image-4187 size-full\" src=\"https:\/\/www.backwinkel.de\/blog\/wp-content\/uploads\/2026\/04\/Backwinkel-blog-werbebanner-shop-schule_mobile.jpg\" alt=\"\" width=\"550\" height=\"500\" \/><br \/>\n<\/a><\/p>\n<\/div>\n\t\t<\/div><\/div>\n\n<style type=\"text\/css\" data-created_by=\"avia_inline_auto\" id=\"style-css-av-hh5al-9c53459d093ff912fcc98cf97e19d753\">\n.flex_column.av-hh5al-9c53459d093ff912fcc98cf97e19d753{\nborder-radius:0px 0px 0px 0px;\npadding:0px 0px 0px 0px;\n}\n<\/style>\n<div  class='flex_column av-hh5al-9c53459d093ff912fcc98cf97e19d753 av_one_full  avia-builder-el-14  el_after_av_sidebar  el_before_av_one_full  first flex_column_div av-zero-column-padding  '     ><section  class='av_textblock_section av-jkuul0eg-c8007ced910eec869d85a4d2f40b896b '  ><div class='avia_textblock' >\n<style type=\"text\/css\" data-created_by=\"avia_inline_auto\" id=\"style-css-av-7c7r8-1ad3209b7b9ea9c60cc97e362d76ea5e\">\n#top .hr.hr-invisible.av-7c7r8-1ad3209b7b9ea9c60cc97e362d76ea5e{\nheight:20px;\n}\n<\/style>\n<div  class='hr av-7c7r8-1ad3209b7b9ea9c60cc97e362d76ea5e hr-invisible  avia-builder-el-16  avia-builder-el-no-sibling '><span class='hr-inner '><span class=\"hr-inner-style\"><\/span><\/span><\/div>\n<h2 id=\"1\" class=\"position\"><strong>Demokratien unter Druck \u2013 und in Gefahr! <\/strong><\/h2>\n<p>F\u00fcr diese pessimistische Annahme spricht, dass Demokratien weltweit im R\u00fcckzug sind. Autorit\u00e4r regierte Staaten sind dagegen auf dem Vormarsch. Gro\u00dfm\u00e4chte wie China und Russland dominieren in der Weltpolitik und blockieren notwendige Entscheidungen der UNO. Auch die USA sind l\u00e4ngst nicht mehr so gefestigt, dass sie eine Garantie f\u00fcr demokratische Stabilit\u00e4t darstellen.<\/p>\n<p>In Europa hat die Zahl der Staaten zugenommen, in denen rechtsextremistische Parteien und Bewegungen in den Zentralen der politischen Macht angekommen sind: Italien, Niederlande, Polen u. a. In \u00d6sterreich wurde die FP\u00d6 bei den Nationalratswahlen zum ersten Mal die st\u00e4rkste Partei. In Deutschland hat die AfD in nahezu allen Landesparlamenten Zuwachs bekommen. Es ist Gefahr in Verzug.<\/p>\n<p>Die britische Zeitschrift The Economist erstellt seit 2006 j\u00e4hrlich einen Demokratie-Index. Bewertet werden die L\u00e4nder nach f\u00fcnf Kriterien: Wahlprozess und Pluralismus, Funktionsweise der Regierung, politische Teilhabe, politische Kultur, B\u00fcrgerrechte (vgl. Economist Intelligence 2024, 5). Aufgrund dessen werden die L\u00e4nder in vier Gruppen eingeordnet: vollst\u00e4ndige Demokratien, unvollst\u00e4ndige Demokratien, Hybridregime und autorit\u00e4re Regime (vgl. ebd., 4).<\/p>\n<p>Das im Februar 2024 ver\u00f6ffentlichte Ergebnis f\u00fcr das Jahr 2023: Die Forschenden bescheinigten nur 24 der 167 untersuchten Staaten eine vollst\u00e4ndige Demokratie. Daraus kann gefolgert werden, dass es alles andere als selbstverst\u00e4ndlich ist, in einer Demokratie zu leben. Viel mehr L\u00e4nder, 59 von 167, waren autorit\u00e4re Regime (vgl. ebd.) \u2013 ein ern\u00fcchterndes Bild vom Zustand der Demokratie!<\/p>\n<\/div><\/section><\/div>\n\n<style type=\"text\/css\" data-created_by=\"avia_inline_auto\" id=\"style-css-av-1dgh4tr-028017735f1109ef7ca298bbde3ea0c5\">\n.flex_column.av-1dgh4tr-028017735f1109ef7ca298bbde3ea0c5{\nborder-radius:0px 0px 0px 0px;\npadding:0px 0px 0px 0px;\n}\n<\/style>\n<div  class='flex_column av-1dgh4tr-028017735f1109ef7ca298bbde3ea0c5 av_one_full  avia-builder-el-17  el_after_av_one_full  el_before_av_one_full  first flex_column_div av-zero-column-padding  column-top-margin'     ><section  class='av_textblock_section av-m5ql3f05-19b0561321cf6408435fcd83ed64d8de '  ><div class='avia_textblock' >\n<style type=\"text\/css\" data-created_by=\"avia_inline_auto\" id=\"style-css-av-irxq5e-919e4ce30dbe918866e0082c260aa414\">\n#top .hr.hr-invisible.av-irxq5e-919e4ce30dbe918866e0082c260aa414{\nheight:20px;\n}\n<\/style>\n<div  class='hr av-irxq5e-919e4ce30dbe918866e0082c260aa414 hr-invisible  avia-builder-el-19  el_before_av_hr  avia-builder-el-first '><span class='hr-inner '><span class=\"hr-inner-style\"><\/span><\/span><\/div>\n<h2 id=\"2\" class=\"position\"><strong>Die bittere Realit\u00e4t: Demokratien sind kompliziert und k\u00f6nnen scheitern!<\/strong><\/h2>\n<p>Das Leben in einer Demokratie ist dynamisch und kompliziert. Die Wege, die zu einer verbindlichen Entscheidung f\u00fchren, sind lang. Dabei muss man immer Abstriche von der Vorstellung machen, dass das eigene Interesse ultimativen Vorrang hat. Das hat es nicht, denn es gibt in einer Demokratie immer auch die anderen.<\/p>\n<p>Demokratie ist eine \u201eZumutung\u201c, wie die Rechtswissenschaftlerin Sophie Sch\u00f6nberger schreibt (vgl. 2023, 55). Sie fordert die \u201eBereitschaft, \u201eden anderen auszuhalten\u201c (ebd.). Und \u2013 seien wir mal ehrlich \u2013 manche Mitmenschen sind wahrhaftig nur schwer auszuhalten.<\/p>\n<p>Das mag ein Grund daf\u00fcr sein, dass sich die Zufriedenheit der Deutschen mit ihrer Demokratie in Grenzen h\u00e4lt. Schnell laufen die Prozesse eben nicht, immer m\u00fcssen Kompromisse mit anderen gefunden werden. Hinzu kommt, dass jede nationale Politik in der globalisierten Welt an ihre Grenzen st\u00f6\u00dft. Es gibt internationale und zwischenstaatliche Regelungen, fremdbestimmte Einfl\u00fcsse aus der Ferne, die in anderen, oft weit entfernten L\u00e4ndern Probleme verursachen und dann national geregelt werden m\u00fcssen. Deswegen m\u00fcssen wir uns bewusst sein, dass es keine Garantie f\u00fcr eine fortw\u00e4hrende Existenz der Demokratie gibt.<\/p>\n\n<style type=\"text\/css\" data-created_by=\"avia_inline_auto\" id=\"style-css-av-1vzpmic-84bb3702a2a0c679fbfea47405cfb4a9\">\n#top .hr.hr-invisible.av-1vzpmic-84bb3702a2a0c679fbfea47405cfb4a9{\nheight:20px;\n}\n<\/style>\n<div  class='hr av-1vzpmic-84bb3702a2a0c679fbfea47405cfb4a9 hr-invisible  avia-builder-el-20  el_after_av_hr  el_before_av_hr '><span class='hr-inner '><span class=\"hr-inner-style\"><\/span><\/span><\/div>\n<blockquote>\n<p><span style=\"font-size: 18pt;\">\u201ePopulismus ist einfach, Demokratie ist komplex.\u201c<\/span><span style=\"font-size: 12pt;\"> (Dahrendorf 2003)<\/span><\/p>\n<\/blockquote>\n\n<style type=\"text\/css\" data-created_by=\"avia_inline_auto\" id=\"style-css-av-1nuq7pw-aa425d5ecde65aee09a2d54f8624dd22\">\n#top .hr.hr-invisible.av-1nuq7pw-aa425d5ecde65aee09a2d54f8624dd22{\nheight:20px;\n}\n<\/style>\n<div  class='hr av-1nuq7pw-aa425d5ecde65aee09a2d54f8624dd22 hr-invisible  avia-builder-el-21  el_after_av_hr  el_before_av_hr '><span class='hr-inner '><span class=\"hr-inner-style\"><\/span><\/span><\/div>\n<p>In einer Demokratie zu leben und diese aufrechtzuerhalten, ist also nicht so einfach, wie es sich zun\u00e4chst vermuten l\u00e4sst. Es ist vielmehr ein st\u00e4ndiger Lernprozess, der immer wieder neu beginnt. Simple L\u00f6sungen bieten autorit\u00e4re Parteien, Populisten und Extremisten an. Das ist f\u00fcr nicht wenige Menschen verf\u00fchrerisch. Doch diese einfach erscheinenden Angebote des Populismus f\u00fchren geradlinig in autorit\u00e4re Regime. Um das zu verhindern, sind Demokratinnen und Demokraten vor die Aufgabe gestellt, \u201emit Komplexit\u00e4t leben zu lernen\u201c (ebd.). Denn mit Populismus werden Probleme nicht gel\u00f6st, sondern nur weggeredet. Und vor allem werden sie gr\u00f6\u00dfer. Die Demokratie ist zwar \u00e4u\u00dferst kompliziert, aber es gibt keine humane, lebenswerte Alternative dazu.<\/p>\n\n<style type=\"text\/css\" data-created_by=\"avia_inline_auto\" id=\"style-css-av-1b83m6s-b5e4dad1d3cd5d493e73baee4fe2dabe\">\n#top .hr.hr-invisible.av-1b83m6s-b5e4dad1d3cd5d493e73baee4fe2dabe{\nheight:20px;\n}\n<\/style>\n<div  class='hr av-1b83m6s-b5e4dad1d3cd5d493e73baee4fe2dabe hr-invisible  avia-builder-el-22  el_after_av_hr  el_before_av_hr '><span class='hr-inner '><span class=\"hr-inner-style\"><\/span><\/span><\/div>\n<blockquote>\n<p><span style=\"font-size: 18pt;\">\u201eDie Demokratie ist nicht nur die komplizierteste, sie ist auch die gef\u00e4hrdetste aller Regierungsmethoden.\u201c<\/span> <span style=\"font-size: 12pt;\">(Fraenkel, zit. nach Massing, Breit, Buchstein 2012, 11)<\/span><\/p>\n<\/blockquote>\n\n<style type=\"text\/css\" data-created_by=\"avia_inline_auto\" id=\"style-css-av-wfu3dg-72e237c9d173f5dd48ef63c4739c60c2\">\n#top .hr.hr-invisible.av-wfu3dg-72e237c9d173f5dd48ef63c4739c60c2{\nheight:20px;\n}\n<\/style>\n<div  class='hr av-wfu3dg-72e237c9d173f5dd48ef63c4739c60c2 hr-invisible  avia-builder-el-23  el_after_av_hr  avia-builder-el-last '><span class='hr-inner '><span class=\"hr-inner-style\"><\/span><\/span><\/div>\n<p>Man sollte sich dazu auch die Warnung der preisgekr\u00f6nten US-amerikanischen Historikerin Anne Applebaum vor Augen f\u00fchren: \u201eUnter den passenden Bedingungen kann sich jede Gesellschaft von der Demokratie abwenden\u201c (Applebaum 2021, 21).<\/p>\n<\/div><\/section><\/div>\n\n<style type=\"text\/css\" data-created_by=\"avia_inline_auto\" id=\"style-css-av-5vgein6-110eca1722cb2d5ee508fc6852af404a\">\n.flex_column.av-5vgein6-110eca1722cb2d5ee508fc6852af404a{\nborder-radius:0px 0px 0px 0px;\npadding:0px 0px 0px 0px;\n}\n<\/style>\n<div  class='flex_column av-5vgein6-110eca1722cb2d5ee508fc6852af404a av_one_full  avia-builder-el-24  el_after_av_one_full  el_before_av_one_full  first flex_column_div av-zero-column-padding  column-top-margin'     ><section  class='av_textblock_section av-ly73056a-3b6a6b8255253c9bce52b0f4964228be '  ><div class='avia_textblock' >\n<style type=\"text\/css\" data-created_by=\"avia_inline_auto\" id=\"style-css-av-irxq5e-4-ffeed04206fc41f3c519bc4f9615bd6a\">\n#top .hr.hr-invisible.av-irxq5e-4-ffeed04206fc41f3c519bc4f9615bd6a{\nheight:20px;\n}\n<\/style>\n<div  class='hr av-irxq5e-4-ffeed04206fc41f3c519bc4f9615bd6a hr-invisible  avia-builder-el-26  avia-builder-el-no-sibling '><span class='hr-inner '><span class=\"hr-inner-style\"><\/span><\/span><\/div>\n<h2 id=\"3\" class=\"position\"><strong>Die positive Sicht: Wir k\u00f6nnen etwas dagegen tun!<\/strong><\/h2>\n<p>Eines vorweg: Demokratisches Engagement lohnt sich, immer! Gerechtigkeit, Freiheit und Solidarit\u00e4t sind die zentralen Werte einer Demokratie. Gerechte Gesellschaften bieten allen, die in ihnen leben, gute Lebensumst\u00e4nde. Die Menschen sind ges\u00fcnder, gl\u00fccklicher und reicher, das Vertrauen zueinander und zu den staatlichen Institutionen ist gr\u00f6\u00dfer als in autorit\u00e4ren Regimen. Das haben amerikanische Forscher in detaillierten Studien bewiesen (vgl. Wilkinson \/ Pickett 2009).<\/p>\n<p>Eine Best\u00e4tigung dieser Erkenntnis liefert die Forschungsarbeit von Daron Acemoglu, Simon Johnson und James A. Robinson. Sie stellten fest, dass Demokratien gut f\u00fcr Wachstum und Wohlstand sind, Autokratien schaden dagegen, sind wirtschaftlich schlecht. Auch mit diesem gesicherten Wissen im R\u00fccken gilt es, Demokratien zu sch\u00fctzen. Und der beste Schutz besteht darin, Demokratie zu leben und zu verteidigen, unsere Widerstandsf\u00e4higkeit zu erh\u00f6hen, Solidarit\u00e4t und Mitgestaltungsbereitschaft zu f\u00f6rdern, und damit schon bei unseren Kindern anzufangen. Hier steht die P\u00e4dagogik in der Pflicht, so wie es der Philosoph Theodor W. Adorno klar beschrieben hat:<\/p>\n<blockquote>\n<p><span style=\"font-size: 18pt;\">\u201eDie Forderung, dass Auschwitz nicht noch einmal sei, ist die allererste an Erziehung\u201c<\/span> <span style=\"font-size: 12pt;\">(Adorno 1970, 88).<\/span><\/p>\n<\/blockquote>\n<\/div><\/section><\/div>\n\n<style type=\"text\/css\" data-created_by=\"avia_inline_auto\" id=\"style-css-av-11fmzle-f476126a82219a77970f520c1fe2debc\">\n.flex_column.av-11fmzle-f476126a82219a77970f520c1fe2debc{\nborder-radius:0px 0px 0px 0px;\npadding:0px 0px 0px 0px;\n}\n<\/style>\n<div  class='flex_column av-11fmzle-f476126a82219a77970f520c1fe2debc av_one_full  avia-builder-el-27  el_after_av_one_full  el_before_av_one_full  first flex_column_div av-zero-column-padding  column-top-margin'     ><section  class='av_textblock_section av-m23eh6lg-017d09b2a1b4aa57efe59d67b917cd97 '  ><div class='avia_textblock' ><h3><strong>Demokratiebildung von Anfang an!<\/strong><\/h3>\n<p>Bereits die Kinderg\u00e4rten, vor allem aber die Schulen, haben die Aufgabe, demokratisches Bewusstsein zu schaffen. Kinder m\u00fcssen die Bef\u00e4higung zu einem demokratischen Verhalten sowie zu einem verantwortungsbewussten und selbstbestimmten Leben erlernen. Insofern ist es wichtig, dass die Kinder ihre Lebenswelt gestalten und mitbestimmen k\u00f6nnen, in ihrer Eigenverantwortlichkeit gest\u00e4rkt werden, Verantwortung f\u00fcr die Gemeinschaft \u00fcbernehmen. Sie lernen Konflikte zu l\u00f6sen und erleben durch ihre M\u00f6glichkeiten der Mitbestimmung und Mitgestaltung, dass ihre Meinung und ihr Tun wertvoll sind. Sie f\u00fchlen sich ernst genommen. So lernen sie demokratische Prozesse kennen und k\u00f6nnen sich so zu dem entwickeln, was als Ziel demokratischer Bildung und Erziehung gew\u00fcnscht wird: zu m\u00fcndigen B\u00fcrgern.<\/p>\n<p>Diese Aufgabe von Schule ist in diesen krisengesch\u00fcttelten Zeiten besonders wichtig. Denn populistische und extremistische Positionen fordern unsere Demokratie heraus. Skepsis gegen\u00fcber den demokratischen Parteien und ihren Protagonisten \u2013 h\u00e4ufig als Politik- oder Politikerverdrossenheit bezeichnet \u2013 hat sich breit gemacht. Es scheint, dass die Demokratie an Vertrauen verloren h\u00e4tte. Und das verlorene Vertrauen stellt eine ernstzunehmende Gefahr f\u00fcr unsere Gesellschaft dar. Nicht zuletzt ist in diesem Zusammenhang die Forderung \u201eNie wieder!\u201c zu einer Art Leitspruch f\u00fcr den Einsatz gegen Faschismus, Nationalismus und Rassismus geworden, mit der gleichzeitigen Aufforderung, sich f\u00fcr die zentralen Werte eines demokratischen Staates einzusetzen. F\u00fcr die Schule bedeutet das, dass einer demokratischen Erziehung ein besonders hoher Stellenwert einger\u00e4umt werden muss.<\/p>\n<\/div><\/section><\/div>\n\n<style type=\"text\/css\" data-created_by=\"avia_inline_auto\" id=\"style-css-av-rkusok-4bf3662efebebf1e07db2dc99749d35d\">\n.flex_column.av-rkusok-4bf3662efebebf1e07db2dc99749d35d{\nborder-radius:0px 0px 0px 0px;\npadding:0px 0px 0px 0px;\n}\n<\/style>\n<div  class='flex_column av-rkusok-4bf3662efebebf1e07db2dc99749d35d av_one_full  avia-builder-el-29  el_after_av_one_full  el_before_av_one_full  first flex_column_div av-zero-column-padding  column-top-margin'     ><article  class='iconbox iconbox_top av-m6tdhbdx-da67a6500b265585ad12de915e1de74b  avia-builder-el-30  avia-builder-el-no-sibling  main_color' ><div class=\"iconbox_content\"><header class=\"entry-content-header\" aria-label=\"Icon: &lt;\/p&gt;\n&lt;h3&gt;&lt;strong&gt;Kostenloses Unterrichtsmaterial&lt;\/strong&gt;&lt;\/h3&gt;\n&lt;p&gt;\"><div class='iconbox_icon heading-color avia-iconfont avia-font-entypo-fontello' data-av_icon='\ue81e' data-av_iconfont='entypo-fontello'  ><\/div><h3 class='iconbox_content_title ' ><\/p>\n<h3><strong>Kostenloses Unterrichtsmaterial<\/strong><\/h3>\n<p><\/h3><\/header><div class='iconbox_content_container ' ><p>Jetzt h\u00e4tten Sie gern eine praktische Hilfe, mit der Sie Ihren Sch\u00fclerinnen und Sch\u00fclern altersgerecht und nachvollziehbar vermitteln, was Demokratie ist, was es mit unseren Grundrechten, unserer Freiheit und einer Wahl auf sich hat? Klicken Sie auf den Button und laden Sie das \u00bbKostenlose Unterrichtsmaterial f\u00fcr die 3. \u2013 6. Klasse\u00ab einfach herunter.<\/p>\n<div  class='avia-button-wrap av-29z0hl-d0231791a777b50c8232d56746c26ad1-wrap avia-button-left  avia-builder-el-31  avia-builder-el-no-sibling '><a href='https:\/\/blog.backwinkel.de\/wp-content\/uploads\/2025\/02\/BACKWINKEL-Gratisdownload-Demokratie.pdf'  class='avia-button av-29z0hl-d0231791a777b50c8232d56746c26ad1 av-link-btn avia-icon_select-no avia-size-large avia-position-left avia-color-theme-color'  target=\"_blank\"  rel=\"noopener noreferrer\"  aria-label=\"Download: kostenloses Unterrichtsmaterial\"><span class='avia_iconbox_title' >Download: kostenloses Unterrichtsmaterial<\/span><\/a><\/div>\n<\/div><\/div><footer class=\"entry-footer\"><\/footer><\/article><\/div>\n\n<style type=\"text\/css\" data-created_by=\"avia_inline_auto\" id=\"style-css-av-onj7kx-76b6f531e82de940286d1c06b7e0be67\">\n.flex_column.av-onj7kx-76b6f531e82de940286d1c06b7e0be67{\nborder-radius:0px 0px 0px 0px;\npadding:0px 0px 0px 0px;\n}\n<\/style>\n<div  class='flex_column av-onj7kx-76b6f531e82de940286d1c06b7e0be67 av_one_full  avia-builder-el-32  el_after_av_one_full  el_before_av_one_full  first flex_column_div av-zero-column-padding  column-top-margin'     ><section  class='av_textblock_section av-m4bfxggh-bdd5013ad71a5005cc3545c13f1b504b '  ><div class='avia_textblock' >\n<style type=\"text\/css\" data-created_by=\"avia_inline_auto\" id=\"style-css-av-irxq5e-4-1-4464e4c9587a1d65ff60c585d8b0f89b\">\n#top .hr.hr-invisible.av-irxq5e-4-1-4464e4c9587a1d65ff60c585d8b0f89b{\nheight:20px;\n}\n<\/style>\n<div  class='hr av-irxq5e-4-1-4464e4c9587a1d65ff60c585d8b0f89b hr-invisible  avia-builder-el-34  avia-builder-el-no-sibling '><span class='hr-inner '><span class=\"hr-inner-style\"><\/span><\/span><\/div>\n<h3><strong>Demokratiebildung als Aufgabe aller F\u00e4cher<\/strong><\/h3>\n<p>Die Besch\u00e4ftigung mit politisch dominierten Themen ist zum grunds\u00e4tzlichen Unterrichtsprinzip zu erheben, das in allen F\u00e4chern angesiedelt werden muss. Es reicht nicht aus, dass die Sch\u00fclerinnen und Sch\u00fcler \u201enur\u201c mit dem konfrontiert werden, was allgemein als Institutionenkunde bezeichnet wird. Vielmehr muss Demokratie als eine Lebensform erfahren werden. Um Demokratie erlernbar und erfahrbar zu machen, bedarf es vielf\u00e4ltiger p\u00e4dagogischer Bem\u00fchungen. Sie reichen vom \u201etraditionellen\u201c Unterricht bis zur Verwirklichung demokratischen Lebens im Schulalltag.<\/p>\n<\/div><\/section><\/div>\n\n<style type=\"text\/css\" data-created_by=\"avia_inline_auto\" id=\"style-css-av-1a8wwc4-b5e855aa8ada2cba51ffa8135360030c\">\n.flex_column.av-1a8wwc4-b5e855aa8ada2cba51ffa8135360030c{\nborder-radius:0px 0px 0px 0px;\npadding:0px 0px 0px 0px;\n}\n<\/style>\n<div  class='flex_column av-1a8wwc4-b5e855aa8ada2cba51ffa8135360030c av_one_full  avia-builder-el-35  el_after_av_one_full  el_before_av_one_full  first flex_column_div av-zero-column-padding  column-top-margin'     ><section  class='av_textblock_section av-t16sr8-59e9f306fddb9d5e61cda68b9976bada '  ><div class='avia_textblock infoboxGreen' ><p><strong>Tipp:<\/strong> Implementieren Sie verst\u00e4rkt demokratische Handlungsprozesse im Schulalltag, erleben Sie diese mit den Kindern bewusst und sprechen Sie in der Klasse dar\u00fcber. Beispiele und M\u00f6glichkeiten gibt es viele: Klassensprecherwahlen, Klassendienste, Streitschlichter-Programme, Unterst\u00fctzungsangebote f\u00fcr Kinder mit Migrationshintergrund oder die Sch\u00fclermitverwaltung. Auch Beteiligungen an politischen Prozessen in der Heimatgemeinde k\u00f6nnen in den Fokus ger\u00fcckt werden.<\/p>\n<\/div><\/section><\/div>\n\n<style type=\"text\/css\" data-created_by=\"avia_inline_auto\" id=\"style-css-av-vl69ov-6278bcdb68e778f385ba13094dfb6c6b\">\n.flex_column.av-vl69ov-6278bcdb68e778f385ba13094dfb6c6b{\nborder-radius:0px 0px 0px 0px;\npadding:0px 0px 0px 0px;\n}\n<\/style>\n<div  class='flex_column av-vl69ov-6278bcdb68e778f385ba13094dfb6c6b av_one_full  avia-builder-el-37  el_after_av_one_full  el_before_av_one_fourth  first flex_column_div av-zero-column-padding  column-top-margin'     ><section  class='av_textblock_section av-m5qlfszv-ff248e2c966515cfee739491e98751af '  ><div class='avia_textblock' >\n<style type=\"text\/css\" data-created_by=\"avia_inline_auto\" id=\"style-css-av-irxq5e-4-1-1-be3a5ccf06eac529ac69991a6a20ca9a\">\n#top .hr.hr-invisible.av-irxq5e-4-1-1-be3a5ccf06eac529ac69991a6a20ca9a{\nheight:20px;\n}\n<\/style>\n<div  class='hr av-irxq5e-4-1-1-be3a5ccf06eac529ac69991a6a20ca9a hr-invisible  avia-builder-el-39  avia-builder-el-no-sibling '><span class='hr-inner '><span class=\"hr-inner-style\"><\/span><\/span><\/div>\n<h3><strong>Demokratiebildung verst\u00e4ndlich gemacht<\/strong><\/h3>\n<p>Den Rahmen f\u00fcr gelingendes Demokratielernen bildet das Grundgesetz mit den dort enthaltenen Grund- und Menschenrechten \u2013 in erster Linie die Bestimmung \u00fcber die \u201eW\u00fcrde des Menschen\u201c (Art. 1), aber auch das Recht auf \u201efreie Entfaltung der Pers\u00f6nlichkeit\u201c (Art. 2), das \u201eGleichheitsgebot\u201c (Art. 3), die \u201eGlaubensfreiheit\u201c (Art. 4) oder die \u201eMeinungsfreiheit\u201c (Art. 5).<\/p>\n<p>In den Landesverfassungen werden diese grundgesetzlichen Bestimmungen in der Regel noch einmal best\u00e4tigt.<\/p>\n<p>Die Bundesl\u00e4nder setzen in den Richtlinien und Lehrpl\u00e4nen bestimmte inhaltliche Schwerpunkte und geben damit den Rahmen vor. Zu den wichtigsten Inhalten des Demokratielernens, das darauf ausgerichtet ist, die Sch\u00fclerinnen und Sch\u00fcler zu aufgekl\u00e4rten, m\u00fcndigen B\u00fcrgern zu \u201eerziehen\u201c, geh\u00f6ren die folgenden Inhalte:<\/p>\n<\/div><\/section><\/div>\n\n<style type=\"text\/css\" data-created_by=\"avia_inline_auto\" id=\"style-css-av-2n52t6c-7829d7c18f2593f17f85a673d8b42067\">\n.flex_column.av-2n52t6c-7829d7c18f2593f17f85a673d8b42067{\nborder-radius:0px 0px 0px 0px;\npadding:0px 0px 0px 0px;\n}\n<\/style>\n<div  class='flex_column av-2n52t6c-7829d7c18f2593f17f85a673d8b42067 av_one_fourth  avia-builder-el-40  el_after_av_one_full  el_before_av_one_fourth  first flex_column_div av-zero-column-padding  column-top-margin'     ><section  class='av_textblock_section av-m6td76i3-fe3d80f6ccb7ad82dd30c77be9696977 '  ><div class='avia_textblock' ><ul>\n<li>Menschenrechte<\/li>\n<li>Meinungsfreiheit<\/li>\n<li>Partizipation<\/li>\n<\/ul>\n<\/div><\/section><\/div>\n\n<style type=\"text\/css\" data-created_by=\"avia_inline_auto\" id=\"style-css-av-26rlj4k-4af3f9498a80d2d64ccbcd2a94d4c18e\">\n.flex_column.av-26rlj4k-4af3f9498a80d2d64ccbcd2a94d4c18e{\nborder-radius:0px 0px 0px 0px;\npadding:0px 0px 0px 0px;\n}\n<\/style>\n<div  class='flex_column av-26rlj4k-4af3f9498a80d2d64ccbcd2a94d4c18e av_one_fourth  avia-builder-el-42  el_after_av_one_fourth  el_before_av_one_fourth  flex_column_div av-zero-column-padding  column-top-margin'     ><section  class='av_textblock_section av-m6td7an8-34460b32e42415535df774805adf89f2 '  ><div class='avia_textblock' ><ul>\n<li>Freiheit<\/li>\n<li>Gleichheitsgebot<\/li>\n<li>freie Wahlen<\/li>\n<\/ul>\n<\/div><\/section><\/div>\n\n<style type=\"text\/css\" data-created_by=\"avia_inline_auto\" id=\"style-css-av-1ilino4-50ab864f4ce6eab0b5f8822413c5c04b\">\n.flex_column.av-1ilino4-50ab864f4ce6eab0b5f8822413c5c04b{\nborder-radius:0px 0px 0px 0px;\npadding:0px 0px 0px 0px;\n}\n<\/style>\n<div  class='flex_column av-1ilino4-50ab864f4ce6eab0b5f8822413c5c04b av_one_fourth  avia-builder-el-44  el_after_av_one_fourth  el_before_av_one_fourth  flex_column_div av-zero-column-padding  column-top-margin'     ><section  class='av_textblock_section av-m6td7eeh-b529f52709d3a212bd0bb52c60f69277 '  ><div class='avia_textblock' ><ul>\n<li>Solidarit\u00e4t<\/li>\n<li>Pluralit\u00e4t<\/li>\n<li>Zugeh\u00f6rigkeit<\/li>\n<\/ul>\n<\/div><\/section><\/div>\n\n<style type=\"text\/css\" data-created_by=\"avia_inline_auto\" id=\"style-css-av-12gbaxg-11d318ad635252683692c5bb2f471861\">\n.flex_column.av-12gbaxg-11d318ad635252683692c5bb2f471861{\nborder-radius:0px 0px 0px 0px;\npadding:0px 0px 0px 0px;\n}\n<\/style>\n<div  class='flex_column av-12gbaxg-11d318ad635252683692c5bb2f471861 av_one_fourth  avia-builder-el-46  el_after_av_one_fourth  el_before_av_one_full  flex_column_div av-zero-column-padding  column-top-margin'     ><section  class='av_textblock_section av-m6td7hdl-5d0531c76ccd9d17ee30d7d36ebbe1f4 '  ><div class='avia_textblock' ><ul>\n<li>Gewaltenteilung<\/li>\n<li>Minderheitenschutz<\/li>\n<li>Vielfalt<\/li>\n<\/ul>\n<\/div><\/section><\/div>\n\n<style type=\"text\/css\" data-created_by=\"avia_inline_auto\" id=\"style-css-av-mesu50-3318f3284a8eba4b8debdaf3dc7b7a43\">\n.flex_column.av-mesu50-3318f3284a8eba4b8debdaf3dc7b7a43{\nborder-radius:0px 0px 0px 0px;\npadding:0px 0px 0px 0px;\n}\n<\/style>\n<div  class='flex_column av-mesu50-3318f3284a8eba4b8debdaf3dc7b7a43 av_one_full  avia-builder-el-48  el_after_av_one_fourth  el_before_av_one_third  first flex_column_div av-zero-column-padding  column-top-margin'     ><section  class='av_textblock_section av-m6td7pv1-5c45d6604ac1ccab28ad7f462ba9698f '  ><div class='avia_textblock' ><p>Gerade mit Blick auf die Grundschule und Unterstufe kommt die Schwierigkeit auf, wie diese doch teils schwierigen Begriffe und Konzepte verst\u00e4ndlich im Unterricht aufgehen sollen:<\/p>\n<ul>\n<li>Wie bringt man Achtj\u00e4hrigen das Konzept freier Wahlen bei?<\/li>\n<li>Was lehrt man Viertkl\u00e4sslern zum Thema Grundrechte und Freiheiten in der Bundesrepublik Deutschland? Die Schlagworte hierf\u00fcr lauten: vom Kleinen zum Gro\u00dfen vorarbeiten und ausgehend der Lebenswelt der Kinder starten.<\/li>\n<li>Wo begegnet uns Demokratie tagt\u00e4glich im Kleinen?<\/li>\n<li>Wo werden die Kinder schon mit demokratischen Handlungsprozessen konfrontiert?<\/li>\n<\/ul>\n<p>Schnell ergeben sich bereits beim Thema Mitbestimmung und Wahlen viele Ankn\u00fcpfungspunkte: Entscheidungsfindung in der Familie, Mitbestimmung bei Klassenausfl\u00fcgen, Klassensprecherwahl, Mitbestimmung bei st\u00e4dtischen Angelegenheiten wie bspw. dem Bau eines neuen Spielplatzes. \u00c4hnliches gilt f\u00fcr den gro\u00dfen Themenkomplex Grundrechte und Freiheiten:<\/p>\n<ul>\n<li>Welche Rechte und Pflichten habe ich in meiner Familie?<\/li>\n<li>Was steht in unserem Klassen-Regelheft?<\/li>\n<li>Wie diskutieren und streiten wir in der Klasse? Wie handeln wir, wenn jemand in der Schule benachteiligt wird?<\/li>\n<\/ul>\n<p>Entdecken Sie in unserem Onlineshop die Demokratieprojekte f\u00fcr Kinder.<\/p>\n<\/div><\/section><\/div>\n<div class='flex_column_table av-4ieivfl-fe2de6cd6b69d106c0536c48aae40616 sc-av_one_third av-equal-height-column-flextable'>\n<style type=\"text\/css\" data-created_by=\"avia_inline_auto\" id=\"style-css-av-4ieivfl-fe2de6cd6b69d106c0536c48aae40616\">\n.flex_column.av-4ieivfl-fe2de6cd6b69d106c0536c48aae40616{\nborder-width:1px;\nborder-color:#ebebeb;\nborder-style:solid;\nborder-radius:0px 0px 0px 0px;\npadding:10px 10px 10px 10px;\n}\n<\/style>\n<div  class='flex_column av-4ieivfl-fe2de6cd6b69d106c0536c48aae40616 av_one_third  avia-builder-el-50  el_after_av_one_full  el_before_av_one_third  first flex_column_table_cell av-equal-height-column av-align-top  column-top-margin'     ><p><section  class='av_textblock_section av-m4bhlqlu-e417690922ed88afb8f94a1bcd59a888 '  ><div class='avia_textblock' ><p><a href=\"https:\/\/www.backwinkel.de\/prod\/demokratie-heft-unsere-stimme-unsere-wahl.html\" target=\"_blank\" rel=\"noopener\"><img decoding=\"async\" class=\"alignnone wp-image-15950\" src=\"https:\/\/blog.backwinkel.de\/wp-content\/uploads\/2025\/01\/61697-unsere-stimme-unsere-wahl1.webp\" alt=\"\" width=\"628\" height=\"628\" srcset=\"https:\/\/www.backwinkel.de\/blog\/wp-content\/uploads\/2025\/01\/61697-unsere-stimme-unsere-wahl1.webp 2048w, https:\/\/www.backwinkel.de\/blog\/wp-content\/uploads\/2025\/01\/61697-unsere-stimme-unsere-wahl1-1536x1536.webp 1536w, https:\/\/www.backwinkel.de\/blog\/wp-content\/uploads\/2025\/01\/61697-unsere-stimme-unsere-wahl1-36x36.webp 36w, https:\/\/www.backwinkel.de\/blog\/wp-content\/uploads\/2025\/01\/61697-unsere-stimme-unsere-wahl1-180x180.webp 180w\" sizes=\"(max-width: 628px) 100vw, 628px\" \/><\/a><\/p>\n<p style=\"font-size: 20px; font-family: urw_grotesk_extra_narrowrg; text-align: left;\">Unsere Stimme, unsere Wahl \u2022 Demokratie-Projekt f\u00fcr Kinder, 3. \u2013 6. Klasse<\/p>\n<p style=\"text-align: left;\"><div  class='avia-button-wrap av-3rq2ech-df08e5200853f4f60a5729711b9cdb35-wrap avia-button-center  avia-builder-el-52  avia-builder-el-no-sibling '><a href='https:\/\/www.backwinkel.de\/prod\/demokratie-heft-unsere-stimme-unsere-wahl.html'  class='avia-button av-3rq2ech-df08e5200853f4f60a5729711b9cdb35 av-link-btn avia-icon_select-no avia-size-medium avia-position-center avia-color-theme-color'  target=\"_blank\"  rel=\"noopener noreferrer\"  aria-label=\"zum Produkt\"><span class='avia_iconbox_title' >zum Produkt<\/span><\/a><\/div><\/p>\n<\/div><\/section><br \/>\n\n<style type=\"text\/css\" data-created_by=\"avia_inline_auto\" id=\"style-css-av-3ehah41-bea2362046bdfd599a59d8a07cd8f68c\">\n#top .hr.hr-invisible.av-3ehah41-bea2362046bdfd599a59d8a07cd8f68c{\nheight:20px;\n}\n<\/style>\n<div  class='hr av-3ehah41-bea2362046bdfd599a59d8a07cd8f68c hr-invisible  avia-builder-el-53  el_after_av_textblock  avia-builder-el-last '><span class='hr-inner '><span class=\"hr-inner-style\"><\/span><\/span><\/div><\/p><\/div>\n<div class='av-flex-placeholder'><\/div>\n<style type=\"text\/css\" data-created_by=\"avia_inline_auto\" id=\"style-css-av-2t2a4pt-931497f0803969fa2e9b84ddc4b6d3a4\">\n.flex_column.av-2t2a4pt-931497f0803969fa2e9b84ddc4b6d3a4{\nborder-width:1px;\nborder-color:#ebebeb;\nborder-style:solid;\nborder-radius:0px 0px 0px 0px;\npadding:10px 10px 10px 10px;\n}\n<\/style>\n<div  class='flex_column av-2t2a4pt-931497f0803969fa2e9b84ddc4b6d3a4 av_one_third  avia-builder-el-54  el_after_av_one_third  el_before_av_one_third  flex_column_table_cell av-equal-height-column av-align-top  column-top-margin'     ><p><section  class='av_textblock_section av-m4bhm8oh-a5e4f7b9ebfc71eff60393bb4e3b27cd '  ><div class='avia_textblock' ><p><a href=\"https:\/\/www.backwinkel.de\/prod\/demokratie-heft-unsere-grundrechte-unsere-freiheit.html\" target=\"_blank\" rel=\"noopener\"><img decoding=\"async\" class=\"alignnone wp-image-15951\" src=\"https:\/\/blog.backwinkel.de\/wp-content\/uploads\/2025\/01\/61696-unsere-grundrechte-unsere-freiheit.jpg\" alt=\"\" width=\"628\" height=\"628\" srcset=\"https:\/\/www.backwinkel.de\/blog\/wp-content\/uploads\/2025\/01\/61696-unsere-grundrechte-unsere-freiheit.jpg 2048w, https:\/\/www.backwinkel.de\/blog\/wp-content\/uploads\/2025\/01\/61696-unsere-grundrechte-unsere-freiheit-1536x1536.jpg 1536w, https:\/\/www.backwinkel.de\/blog\/wp-content\/uploads\/2025\/01\/61696-unsere-grundrechte-unsere-freiheit-36x36.jpg 36w, https:\/\/www.backwinkel.de\/blog\/wp-content\/uploads\/2025\/01\/61696-unsere-grundrechte-unsere-freiheit-180x180.jpg 180w\" sizes=\"(max-width: 628px) 100vw, 628px\" \/><\/a><\/p>\n<p style=\"font-size: 20px; font-family: urw_grotesk_extra_narrowrg; text-align: left;\">Unsere Grundrechte, unsere Freiheit \u2022 Demokratie-Projekt f\u00fcr Kinder, 3. \u2013 6. Klasse<\/p>\n<p style=\"text-align: left;\"><div  class='avia-button-wrap av-2k5bcht-d051e53cb320501d0e415458ddaec88b-wrap avia-button-center  avia-builder-el-56  avia-builder-el-no-sibling '><a href='https:\/\/www.backwinkel.de\/prod\/demokratie-heft-unsere-grundrechte-unsere-freiheit.html'  class='avia-button av-2k5bcht-d051e53cb320501d0e415458ddaec88b av-link-btn avia-icon_select-no avia-size-medium avia-position-center avia-color-theme-color'  target=\"_blank\"  rel=\"noopener noreferrer\"  aria-label=\"zum Produkt\"><span class='avia_iconbox_title' >zum Produkt<\/span><\/a><\/div><\/p>\n<\/div><\/section><br \/>\n\n<style type=\"text\/css\" data-created_by=\"avia_inline_auto\" id=\"style-css-av-263nwf5-77aa8c471269b37c3e1ec85949448016\">\n#top .hr.hr-invisible.av-263nwf5-77aa8c471269b37c3e1ec85949448016{\nheight:20px;\n}\n<\/style>\n<div  class='hr av-263nwf5-77aa8c471269b37c3e1ec85949448016 hr-invisible  avia-builder-el-57  el_after_av_textblock  avia-builder-el-last '><span class='hr-inner '><span class=\"hr-inner-style\"><\/span><\/span><\/div><\/p><\/div>\n<div class='av-flex-placeholder'><\/div>\n<style type=\"text\/css\" data-created_by=\"avia_inline_auto\" id=\"style-css-av-1pm4vn8-86deac0ed0241b9e6b2ab470f638eaf8\">\n.flex_column.av-1pm4vn8-86deac0ed0241b9e6b2ab470f638eaf8{\nborder-radius:0px 0px 0px 0px;\npadding:10px 10px 10px 10px;\n}\n<\/style>\n<div  class='flex_column av-1pm4vn8-86deac0ed0241b9e6b2ab470f638eaf8 av_one_third  avia-builder-el-58  el_after_av_one_third  el_before_av_one_full  flex_column_table_cell av-equal-height-column av-align-top  column-top-margin'     ><\/div><\/div><!--close column table wrapper. Autoclose: 1 -->\n\n<style type=\"text\/css\" data-created_by=\"avia_inline_auto\" id=\"style-css-av-1kvmbzo-613a8734d92404f07a14fe8910ca21ec\">\n.flex_column.av-1kvmbzo-613a8734d92404f07a14fe8910ca21ec{\nborder-radius:0px 0px 0px 0px;\npadding:0px 0px 0px 0px;\n}\n<\/style>\n<div  class='flex_column av-1kvmbzo-613a8734d92404f07a14fe8910ca21ec av_one_full  avia-builder-el-59  el_after_av_one_third  el_before_av_one_third  first flex_column_div av-zero-column-padding  column-top-margin'     ><section  class='av_textblock_section av-m6t5va54-1b36d011c1637f8a09bb2ee2640e2f81 '  ><div class='avia_textblock' ><p>Dabei lohnt es sich, Wahlen in der Klasse zu simulieren oder Formen der Benachteiligung innerhalb eines Rollenspiels unmittelbar erfahrbar zu machen \u2013 inklusive der anschlie\u00dfenden Reflexion des Spiels im Klassenverband und mit \u201esoften\u201c Beispielen. Etwa: Nur Kinder mit einem Vokal als Anfangsbuchstaben d\u00fcrfen mitw\u00e4hlen. Anschlie\u00dfend kann dann \u00fcber das Empfinden der von der Wahl ausgeschlossenen Kinder und \u00fcber die Folgen der Nichtber\u00fccksichtigung gesprochen werden. So wird Schritt f\u00fcr Schritt der Weg zu Demokratie im Gro\u00dfen geebnet.<\/p>\n<p>Eine Sonderm\u00f6glichkeit, Demokratie auch f\u00fcr die Kleinen im Unterricht greifbar zu machen, sind \u00fcberdies auch Geschichten. Altersgerechte Geschichten zum Thema \u2013 beispielsweise junge Kicker, die beim Bolzplatzkick \u00fcber die Einteilung der Mannschaften streiten oder eine Freundesgruppe, die sich mutig gegen die Verschmutzung des heimischen Stadtparks engagiert \u2013 eignen sich in besonderer Weise f\u00fcr die Verkn\u00fcpfung von Lesef\u00f6rderung und Demokratiebildung.<\/p>\n<p>Das Lesetandem rund um das Thema Demokratie finden Sie in unserem Onlineshop.<\/p>\n<\/div><\/section><\/div>\n<div class='flex_column_table av-1n6z0ht-70dab5e4a2cf3ad3e576d17cb2247890 sc-av_one_third av-equal-height-column-flextable'>\n<style type=\"text\/css\" data-created_by=\"avia_inline_auto\" id=\"style-css-av-1n6z0ht-70dab5e4a2cf3ad3e576d17cb2247890\">\n.flex_column.av-1n6z0ht-70dab5e4a2cf3ad3e576d17cb2247890{\nborder-width:1px;\nborder-color:#ebebeb;\nborder-style:solid;\nborder-radius:0px 0px 0px 0px;\npadding:10px 10px 10px 10px;\n}\n<\/style>\n<div  class='flex_column av-1n6z0ht-70dab5e4a2cf3ad3e576d17cb2247890 av_one_third  avia-builder-el-61  el_after_av_one_full  el_before_av_one_third  first flex_column_table_cell av-equal-height-column av-align-top  column-top-margin'     ><p><section  class='av_textblock_section av-m4bhmj77-89ca23d4d4a8243376030b23ca619cbe '  ><div class='avia_textblock' ><p><a href=\"https:\/\/www.backwinkel.de\/prod\/demokratfie-heft-lesetandems-demokratie-3-4-klasse.html\" target=\"_blank\" rel=\"noopener\"><img decoding=\"async\" class=\"alignnone wp-image-15952\" src=\"https:\/\/blog.backwinkel.de\/wp-content\/uploads\/2025\/01\/61698-lesetandems-demokratie-titelbild.jpg\" alt=\"\" width=\"628\" height=\"628\" srcset=\"https:\/\/www.backwinkel.de\/blog\/wp-content\/uploads\/2025\/01\/61698-lesetandems-demokratie-titelbild.jpg 2048w, https:\/\/www.backwinkel.de\/blog\/wp-content\/uploads\/2025\/01\/61698-lesetandems-demokratie-titelbild-1536x1536.jpg 1536w, https:\/\/www.backwinkel.de\/blog\/wp-content\/uploads\/2025\/01\/61698-lesetandems-demokratie-titelbild-36x36.jpg 36w, https:\/\/www.backwinkel.de\/blog\/wp-content\/uploads\/2025\/01\/61698-lesetandems-demokratie-titelbild-180x180.jpg 180w\" sizes=\"(max-width: 628px) 100vw, 628px\" \/><\/a><\/p>\n<p style=\"font-size: 20px; font-family: urw_grotesk_extra_narrowrg; text-align: left;\">Lesetandems Demokratie 3.\/4. Klasse<\/p>\n<p style=\"text-align: left;\"><div  class='avia-button-wrap av-11m0c1t-5093320fa97ad0e0043ad3e1dd8bcbfa-wrap avia-button-center  avia-builder-el-63  avia-builder-el-no-sibling '><a href='https:\/\/www.backwinkel.de\/prod\/demokratfie-heft-lesetandems-demokratie-3-4-klasse.html'  class='avia-button av-11m0c1t-5093320fa97ad0e0043ad3e1dd8bcbfa av-link-btn avia-icon_select-no avia-size-medium avia-position-center avia-color-theme-color'  target=\"_blank\"  rel=\"noopener noreferrer\"  aria-label=\"zum Produkt\"><span class='avia_iconbox_title' >zum Produkt<\/span><\/a><\/div><\/p>\n<\/div><\/section><br \/>\n\n<style type=\"text\/css\" data-created_by=\"avia_inline_auto\" id=\"style-css-av-mbiy4h-203f750848a40c18258160d8a601daff\">\n#top .hr.hr-invisible.av-mbiy4h-203f750848a40c18258160d8a601daff{\nheight:20px;\n}\n<\/style>\n<div  class='hr av-mbiy4h-203f750848a40c18258160d8a601daff hr-invisible  avia-builder-el-64  el_after_av_textblock  avia-builder-el-last '><span class='hr-inner '><span class=\"hr-inner-style\"><\/span><\/span><\/div><\/p><\/div>\n<div class='av-flex-placeholder'><\/div>\n<style type=\"text\/css\" data-created_by=\"avia_inline_auto\" id=\"style-css-av-11r2ivo-6a7e76b4a76a81e62e01dc9cc973fb2a\">\n.flex_column.av-11r2ivo-6a7e76b4a76a81e62e01dc9cc973fb2a{\nborder-radius:0px 0px 0px 0px;\npadding:10px 10px 10px 10px;\n}\n<\/style>\n<div  class='flex_column av-11r2ivo-6a7e76b4a76a81e62e01dc9cc973fb2a av_one_third  avia-builder-el-65  el_after_av_one_third  el_before_av_one_third  flex_column_table_cell av-equal-height-column av-align-top  column-top-margin'     ><\/div>\n<div class='av-flex-placeholder'><\/div>\n<style type=\"text\/css\" data-created_by=\"avia_inline_auto\" id=\"style-css-av-k9vms4-65d1bfc13c8d234da4423c8edfd64c58\">\n.flex_column.av-k9vms4-65d1bfc13c8d234da4423c8edfd64c58{\nborder-radius:0px 0px 0px 0px;\npadding:10px 10px 10px 10px;\n}\n<\/style>\n<div  class='flex_column av-k9vms4-65d1bfc13c8d234da4423c8edfd64c58 av_one_third  avia-builder-el-66  el_after_av_one_third  el_before_av_one_full  flex_column_table_cell av-equal-height-column av-align-top  column-top-margin'     ><\/div><\/div><!--close column table wrapper. Autoclose: 1 -->\n\n<style type=\"text\/css\" data-created_by=\"avia_inline_auto\" id=\"style-css-av-1a0mz10-da34403c13f149566131ffcf326f2090\">\n.flex_column.av-1a0mz10-da34403c13f149566131ffcf326f2090{\nborder-radius:0px 0px 0px 0px;\npadding:0px 0px 0px 0px;\n}\n<\/style>\n<div  class='flex_column av-1a0mz10-da34403c13f149566131ffcf326f2090 av_one_full  avia-builder-el-67  el_after_av_one_third  el_before_av_one_full  first flex_column_div av-zero-column-padding  column-top-margin'     ><section  class='av_textblock_section av-m6t5wwsz-1786c01bb06abd43e4d1dbb6c9b1b818 '  ><div class='avia_textblock' ><p>Lesen Sie im n\u00e4chsten Gastbeitrag zum Thema Demokratie alles \u00fcber konkrete didaktische Aspekte des Demokratielernens.<\/p>\n<p><span style=\"font-size: 11pt; line-height: 12pt;\">Teile dieses Beitrags stammen aus der Infobrosch\u00fcre f\u00fcr Lehrkr\u00e4fte \u00bbDemokratie leben \u2013 Jetzt: Gedanken und Tipps zur Demokratieerziehung in der Schule\u00ab.\u00a0(BVK Buch Verlag Kempen 2025)<\/span><\/p>\n<\/div><\/section><\/div>\n\n<style type=\"text\/css\" data-created_by=\"avia_inline_auto\" id=\"style-css-av-1bxvnic-c2d0ba649d3598582792c9d7be25608d\">\n.flex_column.av-1bxvnic-c2d0ba649d3598582792c9d7be25608d{\nborder-radius:0px 0px 0px 0px;\npadding:10px 10px 10px 10px;\nbackground-color:#f2f2f2;\n}\n<\/style>\n<div  class='flex_column av-1bxvnic-c2d0ba649d3598582792c9d7be25608d av_one_full  avia-builder-el-69  el_after_av_one_full  el_before_av_one_full  first flex_column_div  column-top-margin'     ><section  class='av_textblock_section av-ozk50k-7f6c586f12cb6270d6f762c0460d7dfe '  ><div class='avia_textblock' ><p class=\"fussnoten-quellen\"><strong>Auch interessant<\/strong>:<\/p>\n<p><a href=\"https:\/\/www.backwinkel.de\/blog\/demokratiebildung\/\" target=\"_blank\" rel=\"noopener\">Miteinander lernen: So geht Demokratiebildung in der Grundschule<\/a><\/p>\n<p><a href=\"https:\/\/www.backwinkel.de\/blog\/klassensprecher\/\" target=\"_blank\" rel=\"noopener\">Klassensprecher: Darum ist die Demokratiebildung schon in der Grundschule 1. Wahl<\/a><\/p>\n<p><a href=\"https:\/\/www.backwinkel.de\/blog\/her-mit-der-bildungswende\/\" target=\"_blank\" rel=\"noopener\">Her mit der Bildungswende \u2013 darum ist politische Bildung schon in der Primarstufe wichtig<\/a><\/p>\n<p><a href=\"https:\/\/www.backwinkel.de\/blog\/demokratie\/\" target=\"_blank\" rel=\"noopener\">Rechtsextreme Einstellungen nehmen zu \u2013 Demokratiebildung ist eine gute Idee<\/a><\/p>\n<p><a href=\"https:\/\/www.backwinkel.de\/blog\/demokratiebildung-kita\/\" target=\"_blank\" rel=\"noopener\">Demokratiebildung in der Kita. So f\u00fchlen sich Kinder einbezogen und bestimmen mit<\/a><\/p>\n<p><a href=\"https:\/\/www.backwinkel.de\/blog\/partizipation-in-kindergarten-und-kita\/\" target=\"_blank\" rel=\"noopener\">Partizipation in Kindergarten und Kita: Methoden zur Umsetzung des Kinderrechts auf Beteiligung<\/a><\/p>\n<\/div><\/section><\/div>\n\n<style type=\"text\/css\" data-created_by=\"avia_inline_auto\" id=\"style-css-av-pozdpw-044376adb8910b4e6189b0c2c8e8184b\">\n.flex_column.av-pozdpw-044376adb8910b4e6189b0c2c8e8184b{\nborder-radius:0px 0px 0px 0px;\npadding:10px 10px 10px 10px;\nbackground-color:#f2f2f2;\n}\n<\/style>\n<div  class='flex_column av-pozdpw-044376adb8910b4e6189b0c2c8e8184b av_one_full  avia-builder-el-71  el_after_av_one_full  el_before_av_one_full  first flex_column_div  column-top-margin'     ><section  class='av_textblock_section av-m6tcbq5f-035b8817ab3985897d30e19c9f1c206b '  ><div class='avia_textblock' ><p><strong>Literaturverzeichnis: <\/strong><\/p>\n<p>Adorno, Theodor W.: Erziehung zur M\u00fcndigkeit, Frankfurt am Main 1970.<\/p>\n<p>Applebaum Anne: Die Verlockung des Autorit\u00e4ren. Warum autorit\u00e4re Herrschaft so popul\u00e4r geworden ist, 2. Aufl., M\u00fcnchen 2021.<\/p>\n<p>Dahrendorf, Ralf: Acht Anmerkungen zur Demokratie, in: Transit H. 25. 2003 (25), hier:<br \/>\n<a href=\"https:\/\/www.freiheit.org\/de\/deutschland\/dahrendorf-acht-anmerkungen-zum-populismus\" target=\"_blank\" rel=\"noopener\">https:\/\/www.freiheit.org\/de\/deutschland\/dahrendorf-acht-anmerkungen-zum-populismus<\/a><\/p>\n<p>Economist Intelligence: Democracy Index 2023, London u. a, 2024.<\/p>\n<p>Przeworski, Adam: Krisen der Demokratie, Berlin 2020.<\/p>\n<p>Sch\u00f6nberger, Sophie: Zumutung Demokratie. Ein Essay, M\u00fcnchen 2023.<\/p>\n<p>Wilkinson, Richard \/ Pickett, Kate: Gleichheit ist Gl\u00fcck. Warum gerechte Gesellschaften f\u00fcr alle besser sind, Berlin 2009.<\/p>\n<\/div><\/section><\/div>\n\n<style type=\"text\/css\" data-created_by=\"avia_inline_auto\" id=\"style-css-av-4a8f13-8282735e1a69d4252a8ab107757df204\">\n.flex_column.av-4a8f13-8282735e1a69d4252a8ab107757df204{\nborder-radius:0px 0px 0px 0px;\npadding:10px 10px 10px 10px;\n}\n<\/style>\n<div  class='flex_column av-4a8f13-8282735e1a69d4252a8ab107757df204 av_one_full  avia-builder-el-73  el_after_av_one_full  el_before_av_one_full  first flex_column_div  column-top-margin'     ><section  class='av_textblock_section av-2ibyo7-105f90c883c0b4406936f8076e5ba294 '  ><div class='avia_textblock' ><p class=\"copyright\"><strong>\u00a9 Copyright \u2013 Urheberrechtshinweis<\/strong><br \/>\nAlle Inhalte auf www.backwinkel.de sowie www.backwinkel.de\/blog, insbesondere Texte, Fotografien und Grafiken, sind urheberrechtlich gesch\u00fctzt.<br \/>\nDas Urheberrecht liegt, soweit nicht ausdr\u00fccklich anders gekennzeichnet, bei der BACKWINKEL GmbH. Bitte fragen Sie uns, falls Sie die Inhalte dieses Internetangebotes verwenden m\u00f6chten.<br \/>\nWer gegen das Urheberrecht verst\u00f6\u00dft (z. B. Bilder oder Texte unerlaubt kopiert), macht sich gem. \u00a7\u00a7 106 ff UrhG strafbar, wird zudem kostenpflichtig abgemahnt und muss Schadensersatz leisten (\u00a7 97 UrhG).<\/p>\n<\/div><\/section><\/div>\n\n<style type=\"text\/css\" data-created_by=\"avia_inline_auto\" id=\"style-css-av-1p82t-b0e9719fe6c67aa5c6d1abf813961e55\">\n.flex_column.av-1p82t-b0e9719fe6c67aa5c6d1abf813961e55{\nborder-radius:0px 0px 0px 0px;\npadding:0px 0px 0px 0px;\n}\n<\/style>\n<div  class='flex_column av-1p82t-b0e9719fe6c67aa5c6d1abf813961e55 av_one_full  avia-builder-el-75  el_after_av_one_full  avia-builder-el-last  first flex_column_div av-zero-column-padding  column-top-margin'     ><p><section  class='av_textblock_section av-jlp4hxqo-91baaad30cd61f89630d15f8561d1750 '  ><div class='avia_textblock' ><div class=\"shariff shariff-align-left shariff-widget-align-left\"><ul class=\"shariff-buttons theme-color orientation-horizontal buttonsize-medium\"><li class=\"shariff-button whatsapp shariff-nocustomcolor\" style=\"background-color:#5cbe4a\"><a href=\"https:\/\/api.whatsapp.com\/send?text=https%3A%2F%2Fwww.backwinkel.de%2Fblog%2Fdemokratie-leben-jetzt%2F%20Demokratie%20leben%20%E2%80%93%20Jetzt%21\" title=\"Bei Whatsapp teilen\" aria-label=\"Bei Whatsapp teilen\" role=\"button\" rel=\"noopener nofollow\" class=\"shariff-link\" style=\"; background-color:#34af23; color:#fff\" target=\"_blank\"><span class=\"shariff-icon\" style=\"\"><svg width=\"32px\" height=\"20px\" xmlns=\"http:\/\/www.w3.org\/2000\/svg\" viewBox=\"0 0 32 32\"><path fill=\"#34af23\" d=\"M17.6 17.4q0.2 0 1.7 0.8t1.6 0.9q0 0.1 0 0.3 0 0.6-0.3 1.4-0.3 0.7-1.3 1.2t-1.8 0.5q-1 0-3.4-1.1-1.7-0.8-3-2.1t-2.6-3.3q-1.3-1.9-1.3-3.5v-0.1q0.1-1.6 1.3-2.8 0.4-0.4 0.9-0.4 0.1 0 0.3 0t0.3 0q0.3 0 0.5 0.1t0.3 0.5q0.1 0.4 0.6 1.6t0.4 1.3q0 0.4-0.6 1t-0.6 0.8q0 0.1 0.1 0.3 0.6 1.3 1.8 2.4 1 0.9 2.7 1.8 0.2 0.1 0.4 0.1 0.3 0 1-0.9t0.9-0.9zM14 26.9q2.3 0 4.3-0.9t3.6-2.4 2.4-3.6 0.9-4.3-0.9-4.3-2.4-3.6-3.6-2.4-4.3-0.9-4.3 0.9-3.6 2.4-2.4 3.6-0.9 4.3q0 3.6 2.1 6.6l-1.4 4.2 4.3-1.4q2.8 1.9 6.2 1.9zM14 2.2q2.7 0 5.2 1.1t4.3 2.9 2.9 4.3 1.1 5.2-1.1 5.2-2.9 4.3-4.3 2.9-5.2 1.1q-3.5 0-6.5-1.7l-7.4 2.4 2.4-7.2q-1.9-3.2-1.9-6.9 0-2.7 1.1-5.2t2.9-4.3 4.3-2.9 5.2-1.1z\"\/><\/svg><\/span><span class=\"shariff-text\">teilen<\/span>&nbsp;<\/a><\/li><li class=\"shariff-button facebook shariff-nocustomcolor\" style=\"background-color:#4273c8\"><a href=\"https:\/\/www.facebook.com\/sharer\/sharer.php?u=https%3A%2F%2Fwww.backwinkel.de%2Fblog%2Fdemokratie-leben-jetzt%2F\" title=\"Bei Facebook teilen\" aria-label=\"Bei Facebook teilen\" role=\"button\" rel=\"nofollow\" class=\"shariff-link\" style=\"; background-color:#3b5998; color:#fff\" target=\"_blank\"><span class=\"shariff-icon\" style=\"\"><svg width=\"32px\" height=\"20px\" xmlns=\"http:\/\/www.w3.org\/2000\/svg\" viewBox=\"0 0 18 32\"><path fill=\"#3b5998\" d=\"M17.1 0.2v4.7h-2.8q-1.5 0-2.1 0.6t-0.5 1.9v3.4h5.2l-0.7 5.3h-4.5v13.6h-5.5v-13.6h-4.5v-5.3h4.5v-3.9q0-3.3 1.9-5.2t5-1.8q2.6 0 4.1 0.2z\"\/><\/svg><\/span><span class=\"shariff-text\">teilen<\/span>&nbsp;<\/a><\/li><li class=\"shariff-button twitter shariff-nocustomcolor\" style=\"background-color:#595959\"><a href=\"https:\/\/twitter.com\/share?url=https%3A%2F%2Fwww.backwinkel.de%2Fblog%2Fdemokratie-leben-jetzt%2F&text=Demokratie%20leben%20%E2%80%93%20Jetzt%21\" title=\"Bei X teilen\" aria-label=\"Bei X teilen\" role=\"button\" rel=\"noopener nofollow\" class=\"shariff-link\" style=\"; background-color:#000; color:#fff\" target=\"_blank\"><span class=\"shariff-icon\" style=\"\"><svg width=\"32px\" height=\"20px\" xmlns=\"http:\/\/www.w3.org\/2000\/svg\" viewBox=\"0 0 24 24\"><path fill=\"#000\" d=\"M14.258 10.152L23.176 0h-2.113l-7.747 8.813L7.133 0H0l9.352 13.328L0 23.973h2.113l8.176-9.309 6.531 9.309h7.133zm-2.895 3.293l-.949-1.328L2.875 1.56h3.246l6.086 8.523.945 1.328 7.91 11.078h-3.246zm0 0\"\/><\/svg><\/span><span class=\"shariff-text\">teilen<\/span>&nbsp;<\/a><\/li><li class=\"shariff-button pinterest shariff-nocustomcolor\" style=\"background-color:#e70f18\"><a href=\"https:\/\/www.pinterest.com\/pin\/create\/link\/?url=https%3A%2F%2Fwww.backwinkel.de%2Fblog%2Fdemokratie-leben-jetzt%2F&media=https%3A%2F%2Fwww.backwinkel.de%2Fblog%2Fwp-content%2Fuploads%2F2025%2F01%2Fbackwinkel-blog-demokratie-leben-jetzt.webp&description=Demokratie%20leben%20%E2%80%93%20Jetzt%21\" title=\"Bei Pinterest pinnen\" aria-label=\"Bei Pinterest pinnen\" role=\"button\" rel=\"noopener nofollow\" class=\"shariff-link\" style=\"; background-color:#cb2027; color:#fff\" target=\"_blank\"><span class=\"shariff-icon\" style=\"\"><svg width=\"32px\" height=\"20px\" xmlns=\"http:\/\/www.w3.org\/2000\/svg\" viewBox=\"0 0 27 32\"><path fill=\"#cb2027\" d=\"M27.4 16q0 3.7-1.8 6.9t-5 5-6.9 1.9q-2 0-3.9-0.6 1.1-1.7 1.4-2.9 0.2-0.6 1-3.8 0.4 0.7 1.3 1.2t2 0.5q2.1 0 3.8-1.2t2.7-3.4 0.9-4.8q0-2-1.1-3.8t-3.1-2.9-4.5-1.2q-1.9 0-3.5 0.5t-2.8 1.4-2 2-1.2 2.3-0.4 2.4q0 1.9 0.7 3.3t2.1 2q0.5 0.2 0.7-0.4 0-0.1 0.1-0.5t0.2-0.5q0.1-0.4-0.2-0.8-0.9-1.1-0.9-2.7 0-2.7 1.9-4.6t4.9-2q2.7 0 4.2 1.5t1.5 3.8q0 3-1.2 5.2t-3.1 2.1q-1.1 0-1.7-0.8t-0.4-1.9q0.1-0.6 0.5-1.7t0.5-1.8 0.2-1.4q0-0.9-0.5-1.5t-1.4-0.6q-1.1 0-1.9 1t-0.8 2.6q0 1.3 0.4 2.2l-1.8 7.5q-0.3 1.2-0.2 3.2-3.7-1.6-6-5t-2.3-7.6q0-3.7 1.9-6.9t5-5 6.9-1.9 6.9 1.9 5 5 1.8 6.9z\"\/><\/svg><\/span><span class=\"shariff-text\">merken<\/span>&nbsp;<\/a><\/li><li class=\"shariff-button mailto shariff-nocustomcolor\" style=\"background-color:#a8a8a8\"><a href=\"mailto:?body=https%3A%2F%2Fwww.backwinkel.de%2Fblog%2Fdemokratie-leben-jetzt%2F&subject=Demokratie%20leben%20%E2%80%93%20Jetzt%21\" title=\"Per E-Mail versenden\" aria-label=\"Per E-Mail versenden\" role=\"button\" rel=\"noopener nofollow\" class=\"shariff-link\" style=\"; background-color:#999; color:#fff\"><span class=\"shariff-icon\" style=\"\"><svg width=\"32px\" height=\"20px\" xmlns=\"http:\/\/www.w3.org\/2000\/svg\" viewBox=\"0 0 32 32\"><path fill=\"#999\" d=\"M32 12.7v14.2q0 1.2-0.8 2t-2 0.9h-26.3q-1.2 0-2-0.9t-0.8-2v-14.2q0.8 0.9 1.8 1.6 6.5 4.4 8.9 6.1 1 0.8 1.6 1.2t1.7 0.9 2 0.4h0.1q0.9 0 2-0.4t1.7-0.9 1.6-1.2q3-2.2 8.9-6.1 1-0.7 1.8-1.6zM32 7.4q0 1.4-0.9 2.7t-2.2 2.2q-6.7 4.7-8.4 5.8-0.2 0.1-0.7 0.5t-1 0.7-0.9 0.6-1.1 0.5-0.9 0.2h-0.1q-0.4 0-0.9-0.2t-1.1-0.5-0.9-0.6-1-0.7-0.7-0.5q-1.6-1.1-4.7-3.2t-3.6-2.6q-1.1-0.7-2.1-2t-1-2.5q0-1.4 0.7-2.3t2.1-0.9h26.3q1.2 0 2 0.8t0.9 2z\"\/><\/svg><\/span><span class=\"shariff-text\">E-Mail<\/span>&nbsp;<\/a><\/li><\/ul><\/div>\n<\/div><\/section><br \/>\n<div  class='tabcontainer av-jlq8shhr-81242121e684ca07ed7e4b689c7d9116 top_tab  avia-builder-el-77  el_after_av_textblock  el_before_av_hr '>\n<section class='av_tab_section av_tab_section av-4w8jsn-bbdf9e923dedb1db49ad7c5dc47ef632' ><div id='tab-id-1-tab' class='tab active_tab' role='tab' aria-selected=\"true\" tabindex=\"0\" data-fake-id='#tab-id-1' aria-controls='tab-id-1-content' >Das BACKWINKEL-Blog-Team:<\/div><div id='tab-id-1-content' class='tab_content active_tab_content' role='tabpanel' aria-labelledby='tab-id-1-tab' aria-hidden=\"false\"><div class='tab_inner_content invers-color' ><p>Gibts auch ein Gesicht hinter dem BACKWINKEL-Blog? Nat\u00fcrlich. Sogar f\u00fcnf \ud83d\ude0a. Wir \u2013 Lukas, Marvin und Tatjana \u2013 bespielen unseren Blog im LACHEN LEBEN LERNEN-Firmensitz in Hattingen.<br \/>\nLukas kennt Onlinemarketing wie seine Westentasche, w\u00e4hrend Marvin unseren Beitr\u00e4gen den passenden gestalterischen Rahmen gibt und Tatjana mit dem gr\u00fcnen Korrekturstift alles pr\u00fcfend be\u00e4ugt, was unsere Freelancerautorinnen Elisa und Christine (und gern auch Gastautoren) aus der Ferne f\u00fcr den BACKWINKEL-Blog nach ordentlicher Recherche schreiben.<br \/>\nGemeinsam suchen wir st\u00e4ndig nach neuen, aufregenden Themen rund um das Thema Bildung im Kiga, der Schule und zu Hause. Und weil Sie da an der Quelle sitzen, freuen wir uns auf Ihre konstruktiven R\u00fcckmeldungen und Anregungen an blog[@]backwinkel.de<br \/>\nViel Spa\u00df beim LACHEN LESEN LERNEN!<\/p>\n<\/div><\/div><\/section>\n<\/div><br \/>\n\n<style type=\"text\/css\" data-created_by=\"avia_inline_auto\" id=\"style-css-av-jkuvdh82-b6ea5d9aca5d02d0d62bf300de93e492\">\n#top .hr.av-jkuvdh82-b6ea5d9aca5d02d0d62bf300de93e492{\nmargin-top:10px;\nmargin-bottom:10px;\n}\n.hr.av-jkuvdh82-b6ea5d9aca5d02d0d62bf300de93e492 .hr-inner{\nwidth:500;\n}\n<\/style>\n<div  class='hr av-jkuvdh82-b6ea5d9aca5d02d0d62bf300de93e492 hr-custom  avia-builder-el-78  el_after_av_tab_container  el_before_av_heading  hr-left hr-icon-no'><span class='hr-inner inner-border-av-border-thin'><span class=\"hr-inner-style\"><\/span><\/span><\/div><br \/>\n\n<style type=\"text\/css\" data-created_by=\"avia_inline_auto\" id=\"style-css-av-2rgq8p-eea5960d1a3bca7958b11dcc59b35b67\">\n#top .av-special-heading.av-2rgq8p-eea5960d1a3bca7958b11dcc59b35b67{\npadding-bottom:10px;\n}\nbody .av-special-heading.av-2rgq8p-eea5960d1a3bca7958b11dcc59b35b67 .av-special-heading-tag .heading-char{\nfont-size:25px;\n}\n.av-special-heading.av-2rgq8p-eea5960d1a3bca7958b11dcc59b35b67 .av-subheading{\nfont-size:15px;\n}\n<\/style>\n<div  class='av-special-heading av-2rgq8p-eea5960d1a3bca7958b11dcc59b35b67 av-special-heading-h3 blockquote modern-quote  avia-builder-el-79  el_after_av_hr  el_before_av_blog '><h3 class='av-special-heading-tag '  >PASSENDE BEITR\u00c4GE<\/h3><div class=\"special-heading-border\"><div class=\"special-heading-inner-border\"><\/div><\/div><\/div><br \/>\n<div  data-slideshow-options=\"{&quot;animation&quot;:&quot;fade&quot;,&quot;autoplay&quot;:false,&quot;loop_autoplay&quot;:&quot;once&quot;,&quot;interval&quot;:5,&quot;loop_manual&quot;:&quot;manual-endless&quot;,&quot;autoplay_stopper&quot;:false,&quot;noNavigation&quot;:false,&quot;show_slide_delay&quot;:90}\" class='avia-content-slider avia-content-grid-active avia-content-slider1 avia-content-slider-odd  avia-builder-el-80  el_after_av_heading  avia-builder-el-last  av-slideshow-ui av-control-default   av-no-slider-navigation av-slideshow-manual av-loop-once av-loop-manual-endless ' ><div class=\"avia-content-slider-inner\"><div class=\"slide-entry-wrap\"><article class='slide-entry flex_column  post-entry post-entry-14404 slide-entry-overview slide-loop-1 slide-parity-odd  av_one_third first real-thumbnail posttype-post post-format-standard' ><a href='https:\/\/www.backwinkel.de\/blog\/europa-und-wir\/' data-rel='slide-1' class='slide-image' title='Europa und wir'><img decoding=\"async\" fetchpriority=\"high\" width=\"1200\" height=\"628\" src=\"https:\/\/www.backwinkel.de\/blog\/wp-content\/uploads\/2024\/07\/Europa-heroimage.jpg\" class=\"wp-image-14445 avia-img-lazy-loading-not-14445 attachment-no scaling size-no scaling wp-post-image\" alt=\"\" \/><\/a><div class=\"slide-content\"><header class=\"entry-content-header\" aria-label=\"Slide: Europa und wir\"><h3 class='slide-entry-title entry-title ' ><a href='https:\/\/www.backwinkel.de\/blog\/europa-und-wir\/' title='Europa und wir'>Europa und wir<\/a><\/h3><span class=\"blog-categories minor-meta\"><a href=\"https:\/\/www.backwinkel.de\/blog\/category\/demokratie-beitrag-bvk\/\" rel=\"tag\">Demokratie Beitrag BVK<\/a>, <a href=\"https:\/\/www.backwinkel.de\/blog\/category\/schule-grundschule\/\" rel=\"tag\">Schule<\/a> <\/span><span class=\"av-vertical-delimiter\"><\/span><\/header><div class='slide-entry-excerpt entry-content' >Wer sind eigentlich unsere Nachbarn? Eine Projektidee<\/div><\/div><footer class=\"entry-footer\"><div class=\"slide-meta\"><time class='slide-meta-time updated' >9. Juli 2024<\/time><\/div><\/footer><\/article><article class='slide-entry flex_column  post-entry post-entry-13939 slide-entry-overview slide-loop-2 slide-parity-even  av_one_third  real-thumbnail posttype-post post-format-standard' ><a href='https:\/\/www.backwinkel.de\/blog\/startchancen-programm\/' data-rel='slide-1' class='slide-image' title='Startchancen-Programm'><img decoding=\"async\" fetchpriority=\"high\" width=\"1200\" height=\"628\" src=\"https:\/\/www.backwinkel.de\/blog\/wp-content\/uploads\/2024\/05\/Startchancen-programm_Hero_2024_kor.jpg\" class=\"wp-image-14520 avia-img-lazy-loading-not-14520 attachment-no scaling size-no scaling wp-post-image\" alt=\"\" \/><\/a><div class=\"slide-content\"><header class=\"entry-content-header\" aria-label=\"Slide: Startchancen-Programm\"><h3 class='slide-entry-title entry-title ' ><a href='https:\/\/www.backwinkel.de\/blog\/startchancen-programm\/' title='Startchancen-Programm'>Startchancen-Programm<\/a><\/h3><span class=\"blog-categories minor-meta\"><a href=\"https:\/\/www.backwinkel.de\/blog\/category\/demokratie-beitrag-bvk\/\" rel=\"tag\">Demokratie Beitrag BVK<\/a>, <a href=\"https:\/\/www.backwinkel.de\/blog\/category\/schule-grundschule\/\" rel=\"tag\">Schule<\/a> <\/span><span class=\"av-vertical-delimiter\"><\/span><\/header><div class='slide-entry-excerpt entry-content' >Jetzt gehts los!<\/div><\/div><footer class=\"entry-footer\"><div class=\"slide-meta\"><time class='slide-meta-time updated' >29. Mai 2024<\/time><\/div><\/footer><\/article><article class='slide-entry flex_column  post-entry post-entry-7255 slide-entry-overview slide-loop-3 slide-parity-odd  post-entry-last  av_one_third  real-thumbnail posttype-post post-format-standard' ><a href='https:\/\/www.backwinkel.de\/blog\/demokratiebildung\/' data-rel='slide-1' class='slide-image' title='Miteinander lernen:'><img decoding=\"async\" fetchpriority=\"high\" width=\"1200\" height=\"628\" src=\"https:\/\/www.backwinkel.de\/blog\/wp-content\/uploads\/2021\/05\/backwinkel-blog-demokratiebildung-schule-heroimage.jpg\" class=\"wp-image-7258 avia-img-lazy-loading-not-7258 attachment-no scaling size-no scaling wp-post-image\" alt=\"\" \/><\/a><div class=\"slide-content\"><header class=\"entry-content-header\" aria-label=\"Slide: Miteinander lernen:\"><h3 class='slide-entry-title entry-title ' ><a href='https:\/\/www.backwinkel.de\/blog\/demokratiebildung\/' title='Miteinander lernen:'>Miteinander lernen:<\/a><\/h3><span class=\"blog-categories minor-meta\"><a href=\"https:\/\/www.backwinkel.de\/blog\/category\/demokratie-beitrag-bvk\/\" rel=\"tag\">Demokratie Beitrag BVK<\/a>, <a href=\"https:\/\/www.backwinkel.de\/blog\/category\/schule-grundschule\/\" rel=\"tag\">Schule<\/a> <\/span><span class=\"av-vertical-delimiter\"><\/span><\/header><div class='slide-entry-excerpt entry-content' >So geht Demokratiebildung in der Grundschule<\/div><\/div><footer class=\"entry-footer\"><div class=\"slide-meta\"><time class='slide-meta-time updated' >7. Juni 2021<\/time><\/div><\/footer><\/article><\/div><\/div><\/div><\/p><\/div>\n","protected":false},"excerpt":{"rendered":"<p>Materialien zur Staatsformvermittlung (Gastbeitrag)<\/p>\n","protected":false},"author":1,"featured_media":15928,"comment_status":"closed","ping_status":"closed","sticky":false,"template":"","format":"standard","meta":{"inline_featured_image":false,"footnotes":""},"categories":[6],"tags":[35],"class_list":["post-15924","post","type-post","status-publish","format-standard","has-post-thumbnail","hentry","category-schule-grundschule","tag-demokratie"],"yoast_head":"<!-- This site is optimized with the Yoast SEO plugin v27.4 - https:\/\/yoast.com\/product\/yoast-seo-wordpress\/ -->\n<title>Demokratie leben \u2013 Jetzt! | BACKWINKEL Blog<\/title>\n<meta name=\"description\" content=\"Zahlen und Fakten, praktische Tipps und umfangreiche Materialsammlungen f\u00fcr DaZ im Unterricht an dMit Fakten und hilfreichen Materialien vermitteln Sie unsere StaatsformEin Gastbeitrag von apl. Prof. Dr. Klaus-Peter Hufer und Hans-J\u00fcrgen van der Giether Grundschule \u00bb Jetzt lesen\" \/>\n<meta name=\"robots\" content=\"index, follow, max-snippet:-1, max-image-preview:large, max-video-preview:-1\" \/>\n<link rel=\"canonical\" href=\"https:\/\/www.backwinkel.de\/blog\/demokratie-leben-jetzt\/\" \/>\n<meta property=\"og:locale\" content=\"de_DE\" \/>\n<meta property=\"og:type\" content=\"article\" \/>\n<meta property=\"og:title\" content=\"Demokratie leben \u2013 Jetzt! | BACKWINKEL Blog\" \/>\n<meta property=\"og:description\" content=\"Zahlen und Fakten, praktische Tipps und umfangreiche Materialsammlungen f\u00fcr DaZ im Unterricht an dMit Fakten und hilfreichen Materialien vermitteln Sie unsere StaatsformEin Gastbeitrag von apl. Prof. Dr. Klaus-Peter Hufer und Hans-J\u00fcrgen van der Giether Grundschule \u00bb Jetzt lesen\" \/>\n<meta property=\"og:url\" content=\"https:\/\/www.backwinkel.de\/blog\/demokratie-leben-jetzt\/\" \/>\n<meta property=\"og:site_name\" content=\"BACKWINKEL Blog\" \/>\n<meta property=\"article:published_time\" content=\"2025-02-10T08:00:05+00:00\" \/>\n<meta property=\"article:modified_time\" content=\"2026-04-27T06:06:02+00:00\" \/>\n<meta property=\"og:image\" content=\"https:\/\/www.backwinkel.de\/blog\/wp-content\/uploads\/2025\/01\/backwinkel-blog-demokratie-leben-jetzt.webp\" \/>\n\t<meta property=\"og:image:width\" content=\"1200\" \/>\n\t<meta property=\"og:image:height\" content=\"628\" \/>\n\t<meta property=\"og:image:type\" content=\"image\/webp\" \/>\n<meta name=\"author\" content=\"admin_backwinkel\" \/>\n<meta name=\"twitter:card\" content=\"summary_large_image\" \/>\n<meta name=\"twitter:label1\" content=\"Verfasst von\" \/>\n\t<meta name=\"twitter:data1\" content=\"admin_backwinkel\" \/>\n\t<meta name=\"twitter:label2\" content=\"Gesch\u00e4tzte Lesezeit\" \/>\n\t<meta name=\"twitter:data2\" content=\"14\u00a0Minuten\" \/>\n<script type=\"application\/ld+json\" class=\"yoast-schema-graph\">{\"@context\":\"https:\\\/\\\/schema.org\",\"@graph\":[{\"@type\":\"Article\",\"@id\":\"https:\\\/\\\/www.backwinkel.de\\\/blog\\\/demokratie-leben-jetzt\\\/#article\",\"isPartOf\":{\"@id\":\"https:\\\/\\\/www.backwinkel.de\\\/blog\\\/demokratie-leben-jetzt\\\/\"},\"author\":{\"name\":\"admin_backwinkel\",\"@id\":\"https:\\\/\\\/www.backwinkel.de\\\/blog\\\/#\\\/schema\\\/person\\\/88b842297c0e471020a66f4476633cf2\"},\"headline\":\"Demokratie leben \u2013 Jetzt!\",\"datePublished\":\"2025-02-10T08:00:05+00:00\",\"dateModified\":\"2026-04-27T06:06:02+00:00\",\"mainEntityOfPage\":{\"@id\":\"https:\\\/\\\/www.backwinkel.de\\\/blog\\\/demokratie-leben-jetzt\\\/\"},\"wordCount\":8831,\"image\":{\"@id\":\"https:\\\/\\\/www.backwinkel.de\\\/blog\\\/demokratie-leben-jetzt\\\/#primaryimage\"},\"thumbnailUrl\":\"https:\\\/\\\/www.backwinkel.de\\\/blog\\\/wp-content\\\/uploads\\\/2025\\\/01\\\/backwinkel-blog-demokratie-leben-jetzt.webp\",\"keywords\":[\"Demokratie\"],\"articleSection\":[\"Schule\"],\"inLanguage\":\"de\"},{\"@type\":\"WebPage\",\"@id\":\"https:\\\/\\\/www.backwinkel.de\\\/blog\\\/demokratie-leben-jetzt\\\/\",\"url\":\"https:\\\/\\\/www.backwinkel.de\\\/blog\\\/demokratie-leben-jetzt\\\/\",\"name\":\"Demokratie leben \u2013 Jetzt! | BACKWINKEL Blog\",\"isPartOf\":{\"@id\":\"https:\\\/\\\/www.backwinkel.de\\\/blog\\\/#website\"},\"primaryImageOfPage\":{\"@id\":\"https:\\\/\\\/www.backwinkel.de\\\/blog\\\/demokratie-leben-jetzt\\\/#primaryimage\"},\"image\":{\"@id\":\"https:\\\/\\\/www.backwinkel.de\\\/blog\\\/demokratie-leben-jetzt\\\/#primaryimage\"},\"thumbnailUrl\":\"https:\\\/\\\/www.backwinkel.de\\\/blog\\\/wp-content\\\/uploads\\\/2025\\\/01\\\/backwinkel-blog-demokratie-leben-jetzt.webp\",\"datePublished\":\"2025-02-10T08:00:05+00:00\",\"dateModified\":\"2026-04-27T06:06:02+00:00\",\"author\":{\"@id\":\"https:\\\/\\\/www.backwinkel.de\\\/blog\\\/#\\\/schema\\\/person\\\/88b842297c0e471020a66f4476633cf2\"},\"description\":\"Zahlen und Fakten, praktische Tipps und umfangreiche Materialsammlungen f\u00fcr DaZ im Unterricht an dMit Fakten und hilfreichen Materialien vermitteln Sie unsere StaatsformEin Gastbeitrag von apl. Prof. Dr. Klaus-Peter Hufer und Hans-J\u00fcrgen van der Giether Grundschule \u00bb Jetzt lesen\",\"breadcrumb\":{\"@id\":\"https:\\\/\\\/www.backwinkel.de\\\/blog\\\/demokratie-leben-jetzt\\\/#breadcrumb\"},\"inLanguage\":\"de\",\"potentialAction\":[{\"@type\":\"ReadAction\",\"target\":[\"https:\\\/\\\/www.backwinkel.de\\\/blog\\\/demokratie-leben-jetzt\\\/\"]}]},{\"@type\":\"ImageObject\",\"inLanguage\":\"de\",\"@id\":\"https:\\\/\\\/www.backwinkel.de\\\/blog\\\/demokratie-leben-jetzt\\\/#primaryimage\",\"url\":\"https:\\\/\\\/www.backwinkel.de\\\/blog\\\/wp-content\\\/uploads\\\/2025\\\/01\\\/backwinkel-blog-demokratie-leben-jetzt.webp\",\"contentUrl\":\"https:\\\/\\\/www.backwinkel.de\\\/blog\\\/wp-content\\\/uploads\\\/2025\\\/01\\\/backwinkel-blog-demokratie-leben-jetzt.webp\",\"width\":1200,\"height\":628},{\"@type\":\"BreadcrumbList\",\"@id\":\"https:\\\/\\\/www.backwinkel.de\\\/blog\\\/demokratie-leben-jetzt\\\/#breadcrumb\",\"itemListElement\":[{\"@type\":\"ListItem\",\"position\":1,\"name\":\"Startseite\",\"item\":\"https:\\\/\\\/blog.backwinkel.de\\\/aktuelles\\\/\"},{\"@type\":\"ListItem\",\"position\":2,\"name\":\"Demokratie leben \u2013 Jetzt!\"}]},{\"@type\":\"WebSite\",\"@id\":\"https:\\\/\\\/www.backwinkel.de\\\/blog\\\/#website\",\"url\":\"https:\\\/\\\/www.backwinkel.de\\\/blog\\\/\",\"name\":\"BACKWINKEL Blog\",\"description\":\"f\u00fcr Lehrer, Erzieher und Eltern\",\"potentialAction\":[{\"@type\":\"SearchAction\",\"target\":{\"@type\":\"EntryPoint\",\"urlTemplate\":\"https:\\\/\\\/www.backwinkel.de\\\/blog\\\/?s={search_term_string}\"},\"query-input\":{\"@type\":\"PropertyValueSpecification\",\"valueRequired\":true,\"valueName\":\"search_term_string\"}}],\"inLanguage\":\"de\"},{\"@type\":\"Person\",\"@id\":\"https:\\\/\\\/www.backwinkel.de\\\/blog\\\/#\\\/schema\\\/person\\\/88b842297c0e471020a66f4476633cf2\",\"name\":\"admin_backwinkel\",\"url\":\"https:\\\/\\\/www.backwinkel.de\\\/blog\\\/author\\\/admin_backwinkel\\\/\"}]}<\/script>\n<!-- \/ Yoast SEO plugin. -->","yoast_head_json":{"title":"Demokratie leben \u2013 Jetzt! | BACKWINKEL Blog","description":"Zahlen und Fakten, praktische Tipps und umfangreiche Materialsammlungen f\u00fcr DaZ im Unterricht an dMit Fakten und hilfreichen Materialien vermitteln Sie unsere StaatsformEin Gastbeitrag von apl. Prof. Dr. Klaus-Peter Hufer und Hans-J\u00fcrgen van der Giether Grundschule \u00bb Jetzt lesen","robots":{"index":"index","follow":"follow","max-snippet":"max-snippet:-1","max-image-preview":"max-image-preview:large","max-video-preview":"max-video-preview:-1"},"canonical":"https:\/\/www.backwinkel.de\/blog\/demokratie-leben-jetzt\/","og_locale":"de_DE","og_type":"article","og_title":"Demokratie leben \u2013 Jetzt! | BACKWINKEL Blog","og_description":"Zahlen und Fakten, praktische Tipps und umfangreiche Materialsammlungen f\u00fcr DaZ im Unterricht an dMit Fakten und hilfreichen Materialien vermitteln Sie unsere StaatsformEin Gastbeitrag von apl. Prof. Dr. Klaus-Peter Hufer und Hans-J\u00fcrgen van der Giether Grundschule \u00bb Jetzt lesen","og_url":"https:\/\/www.backwinkel.de\/blog\/demokratie-leben-jetzt\/","og_site_name":"BACKWINKEL Blog","article_published_time":"2025-02-10T08:00:05+00:00","article_modified_time":"2026-04-27T06:06:02+00:00","og_image":[{"width":1200,"height":628,"url":"https:\/\/www.backwinkel.de\/blog\/wp-content\/uploads\/2025\/01\/backwinkel-blog-demokratie-leben-jetzt.webp","type":"image\/webp"}],"author":"admin_backwinkel","twitter_card":"summary_large_image","twitter_misc":{"Verfasst von":"admin_backwinkel","Gesch\u00e4tzte Lesezeit":"14\u00a0Minuten"},"schema":{"@context":"https:\/\/schema.org","@graph":[{"@type":"Article","@id":"https:\/\/www.backwinkel.de\/blog\/demokratie-leben-jetzt\/#article","isPartOf":{"@id":"https:\/\/www.backwinkel.de\/blog\/demokratie-leben-jetzt\/"},"author":{"name":"admin_backwinkel","@id":"https:\/\/www.backwinkel.de\/blog\/#\/schema\/person\/88b842297c0e471020a66f4476633cf2"},"headline":"Demokratie leben \u2013 Jetzt!","datePublished":"2025-02-10T08:00:05+00:00","dateModified":"2026-04-27T06:06:02+00:00","mainEntityOfPage":{"@id":"https:\/\/www.backwinkel.de\/blog\/demokratie-leben-jetzt\/"},"wordCount":8831,"image":{"@id":"https:\/\/www.backwinkel.de\/blog\/demokratie-leben-jetzt\/#primaryimage"},"thumbnailUrl":"https:\/\/www.backwinkel.de\/blog\/wp-content\/uploads\/2025\/01\/backwinkel-blog-demokratie-leben-jetzt.webp","keywords":["Demokratie"],"articleSection":["Schule"],"inLanguage":"de"},{"@type":"WebPage","@id":"https:\/\/www.backwinkel.de\/blog\/demokratie-leben-jetzt\/","url":"https:\/\/www.backwinkel.de\/blog\/demokratie-leben-jetzt\/","name":"Demokratie leben \u2013 Jetzt! | BACKWINKEL Blog","isPartOf":{"@id":"https:\/\/www.backwinkel.de\/blog\/#website"},"primaryImageOfPage":{"@id":"https:\/\/www.backwinkel.de\/blog\/demokratie-leben-jetzt\/#primaryimage"},"image":{"@id":"https:\/\/www.backwinkel.de\/blog\/demokratie-leben-jetzt\/#primaryimage"},"thumbnailUrl":"https:\/\/www.backwinkel.de\/blog\/wp-content\/uploads\/2025\/01\/backwinkel-blog-demokratie-leben-jetzt.webp","datePublished":"2025-02-10T08:00:05+00:00","dateModified":"2026-04-27T06:06:02+00:00","author":{"@id":"https:\/\/www.backwinkel.de\/blog\/#\/schema\/person\/88b842297c0e471020a66f4476633cf2"},"description":"Zahlen und Fakten, praktische Tipps und umfangreiche Materialsammlungen f\u00fcr DaZ im Unterricht an dMit Fakten und hilfreichen Materialien vermitteln Sie unsere StaatsformEin Gastbeitrag von apl. Prof. Dr. Klaus-Peter Hufer und Hans-J\u00fcrgen van der Giether Grundschule \u00bb Jetzt lesen","breadcrumb":{"@id":"https:\/\/www.backwinkel.de\/blog\/demokratie-leben-jetzt\/#breadcrumb"},"inLanguage":"de","potentialAction":[{"@type":"ReadAction","target":["https:\/\/www.backwinkel.de\/blog\/demokratie-leben-jetzt\/"]}]},{"@type":"ImageObject","inLanguage":"de","@id":"https:\/\/www.backwinkel.de\/blog\/demokratie-leben-jetzt\/#primaryimage","url":"https:\/\/www.backwinkel.de\/blog\/wp-content\/uploads\/2025\/01\/backwinkel-blog-demokratie-leben-jetzt.webp","contentUrl":"https:\/\/www.backwinkel.de\/blog\/wp-content\/uploads\/2025\/01\/backwinkel-blog-demokratie-leben-jetzt.webp","width":1200,"height":628},{"@type":"BreadcrumbList","@id":"https:\/\/www.backwinkel.de\/blog\/demokratie-leben-jetzt\/#breadcrumb","itemListElement":[{"@type":"ListItem","position":1,"name":"Startseite","item":"https:\/\/blog.backwinkel.de\/aktuelles\/"},{"@type":"ListItem","position":2,"name":"Demokratie leben \u2013 Jetzt!"}]},{"@type":"WebSite","@id":"https:\/\/www.backwinkel.de\/blog\/#website","url":"https:\/\/www.backwinkel.de\/blog\/","name":"BACKWINKEL Blog","description":"f\u00fcr Lehrer, Erzieher und Eltern","potentialAction":[{"@type":"SearchAction","target":{"@type":"EntryPoint","urlTemplate":"https:\/\/www.backwinkel.de\/blog\/?s={search_term_string}"},"query-input":{"@type":"PropertyValueSpecification","valueRequired":true,"valueName":"search_term_string"}}],"inLanguage":"de"},{"@type":"Person","@id":"https:\/\/www.backwinkel.de\/blog\/#\/schema\/person\/88b842297c0e471020a66f4476633cf2","name":"admin_backwinkel","url":"https:\/\/www.backwinkel.de\/blog\/author\/admin_backwinkel\/"}]}},"_links":{"self":[{"href":"https:\/\/www.backwinkel.de\/blog\/wp-json\/wp\/v2\/posts\/15924","targetHints":{"allow":["GET"]}}],"collection":[{"href":"https:\/\/www.backwinkel.de\/blog\/wp-json\/wp\/v2\/posts"}],"about":[{"href":"https:\/\/www.backwinkel.de\/blog\/wp-json\/wp\/v2\/types\/post"}],"author":[{"embeddable":true,"href":"https:\/\/www.backwinkel.de\/blog\/wp-json\/wp\/v2\/users\/1"}],"replies":[{"embeddable":true,"href":"https:\/\/www.backwinkel.de\/blog\/wp-json\/wp\/v2\/comments?post=15924"}],"version-history":[{"count":3,"href":"https:\/\/www.backwinkel.de\/blog\/wp-json\/wp\/v2\/posts\/15924\/revisions"}],"predecessor-version":[{"id":19000,"href":"https:\/\/www.backwinkel.de\/blog\/wp-json\/wp\/v2\/posts\/15924\/revisions\/19000"}],"wp:featuredmedia":[{"embeddable":true,"href":"https:\/\/www.backwinkel.de\/blog\/wp-json\/wp\/v2\/media\/15928"}],"wp:attachment":[{"href":"https:\/\/www.backwinkel.de\/blog\/wp-json\/wp\/v2\/media?parent=15924"}],"wp:term":[{"taxonomy":"category","embeddable":true,"href":"https:\/\/www.backwinkel.de\/blog\/wp-json\/wp\/v2\/categories?post=15924"},{"taxonomy":"post_tag","embeddable":true,"href":"https:\/\/www.backwinkel.de\/blog\/wp-json\/wp\/v2\/tags?post=15924"}],"curies":[{"name":"wp","href":"https:\/\/api.w.org\/{rel}","templated":true}]}}