{"id":15615,"date":"2024-12-10T09:15:42","date_gmt":"2024-12-10T08:15:42","guid":{"rendered":"https:\/\/www.backwinkel.de\/blog\/?p=15615"},"modified":"2026-04-27T08:13:36","modified_gmt":"2026-04-27T06:13:36","slug":"armutssensibles-handeln","status":"publish","type":"post","link":"https:\/\/www.backwinkel.de\/blog\/armutssensibles-handeln\/","title":{"rendered":"Armutssensibles Handeln"},"content":{"rendered":"\n<style type=\"text\/css\" data-created_by=\"avia_inline_auto\" id=\"style-css-av-8vdv8-f7e0dae999cc49bc529a70f67b346526\">\n.flex_column.av-8vdv8-f7e0dae999cc49bc529a70f67b346526{\nborder-radius:0px 0px 0px 0px;\npadding:0px 0px 0px 0px;\n}\n<\/style>\n<div  class='flex_column av-8vdv8-f7e0dae999cc49bc529a70f67b346526 av_one_full  avia-builder-el-0  el_before_av_three_fifth  avia-builder-el-first  first flex_column_div av-zero-column-padding  '     ><p>\n<style type=\"text\/css\" data-created_by=\"avia_inline_auto\" id=\"style-css-av-jl6mo8rj-605eccf9df0dce9c3ffb6a57636da99d\">\n#top .hr.hr-invisible.av-jl6mo8rj-605eccf9df0dce9c3ffb6a57636da99d{\nmargin-top:0px;\nheight:1px;\n}\n<\/style>\n<div  class='hr av-jl6mo8rj-605eccf9df0dce9c3ffb6a57636da99d hr-invisible  avia-builder-el-1  el_before_av_heading  avia-builder-el-first '><span class='hr-inner '><span class=\"hr-inner-style\"><\/span><\/span><\/div><br \/>\n\n<style type=\"text\/css\" data-created_by=\"avia_inline_auto\" id=\"style-css-av-27gdg7-133b13a61c16e33f76ee3ca695220e8f\">\n#top .av-special-heading.av-27gdg7-133b13a61c16e33f76ee3ca695220e8f{\npadding-bottom:10px;\n}\nbody .av-special-heading.av-27gdg7-133b13a61c16e33f76ee3ca695220e8f .av-special-heading-tag .heading-char{\nfont-size:25px;\n}\n.av-special-heading.av-27gdg7-133b13a61c16e33f76ee3ca695220e8f .av-subheading{\nfont-size:15px;\n}\n<\/style>\n<div  class='av-special-heading av-27gdg7-133b13a61c16e33f76ee3ca695220e8f av-special-heading-h1 blockquote modern-quote  avia-builder-el-2  el_after_av_hr  el_before_av_post_metadata  av-linked-heading'><h1 class='av-special-heading-tag '  >Armutssensibles Handeln: Mit diesen Tipps erm\u00f6glichen Sie allen Kindern Teilhabe <\/h1><div class='av-subheading av-subheading_below'><p class=\"autorenname\">Elisa Morel<\/p>\n<\/div><div class=\"special-heading-border\"><div class=\"special-heading-inner-border\"><\/div><\/div><\/div><br \/>\n\n<style type=\"text\/css\" data-created_by=\"avia_inline_auto\" id=\"style-css-av-1qub8hr-4310aacbdbee912114a5d732cedba2ad\">\n#top .av-post-metadata-container.av-1qub8hr-4310aacbdbee912114a5d732cedba2ad{\nfont-size:12px;\n}\n#top .av-post-metadata-container.av-1qub8hr-4310aacbdbee912114a5d732cedba2ad .av-post-metadata-container-inner{\nfont-size:12px;\n}\n<\/style>\n<div  class='av-post-metadata-container av-1qub8hr-4310aacbdbee912114a5d732cedba2ad av-metadata-container-align-left  avia-builder-el-3  el_after_av_heading  el_before_av_textblock  av-metadata-container-1'><div class='av-post-metadata-container-inner'><span class=\"av-post-metadata-content av-post-metadata-meta-content\"><span class=\"av-post-metadata-content av-post-metadata-modified\"><span class=\"av-metadata-before av-metadata-before-modified\">Aktualisiert:<\/span><span class=\"av-post-metadata-modified-date\" >27. April 2026<\/span><\/span><span class=\"av-post-metadata-content av-post-metadata-separator\">\/<\/span><span class=\"av-post-metadata-content av-post-metadata-modified\"><span class=\"av-metadata-before av-metadata-before-modified\">Zuletzt aktualisiert:<\/span><span class=\"av-post-metadata-modified-date\" >27. April 2026<\/span><\/span><\/span><\/div><\/div><br \/>\n\n<style type=\"text\/css\" data-created_by=\"avia_inline_auto\" id=\"style-css-av-jkuubohz-bbd292769511b836e32d8da8e9450d9c\">\n#top .av_textblock_section.av-jkuubohz-bbd292769511b836e32d8da8e9450d9c .avia_textblock{\nfont-size:20px;\n}\n<\/style>\n<section  class='av_textblock_section av-jkuubohz-bbd292769511b836e32d8da8e9450d9c '  ><div class='avia_textblock' ><p>Fast 14 Millionen Menschen in Deutschland gelten als arm, und sowohl Alleinerziehende als auch Familien mit drei und mehr Kindern sind besonders h\u00e4ufig betroffen. Folglich gibt es in (fast) jeder Kita armutsbetroffene Kinder, die t\u00e4glich vor einer Menge Herausforderungen stehen.<\/p>\n<\/div><\/section><br \/>\n\n<style type=\"text\/css\" data-created_by=\"avia_inline_auto\" id=\"style-css-av-jkuuo5h6-6eeca5e693bfb1366bca0c47b0e7aba3\">\n.avia-image-container.av-jkuuo5h6-6eeca5e693bfb1366bca0c47b0e7aba3 img.avia_image{\nbox-shadow:none;\n}\n.avia-image-container.av-jkuuo5h6-6eeca5e693bfb1366bca0c47b0e7aba3 .av-image-caption-overlay-center{\ncolor:#ffffff;\n}\n<\/style>\n<div  class='avia-image-container av-jkuuo5h6-6eeca5e693bfb1366bca0c47b0e7aba3 av-styling- avia-align-center  avia-builder-el-5  el_after_av_textblock  el_before_av_hr '  ><div class=\"avia-image-container-inner\"><div class=\"avia-image-overlay-wrap\"><img decoding=\"async\" fetchpriority=\"high\" class='wp-image-15676 avia-img-lazy-loading-not-15676 avia_image ' src=\"https:\/\/www.backwinkel.de\/blog\/wp-content\/uploads\/2024\/12\/Alle_gehhoeren_dazu.jpg\" alt='' title='Alle_gehhoeren_dazu'  height=\"628\" width=\"1200\"  \/><\/div><\/div><\/div><br \/>\n\n<style type=\"text\/css\" data-created_by=\"avia_inline_auto\" id=\"style-css-av-jl6mo8rj-22-7487f0754a981739ab003e89aabaa170\">\n#top .hr.hr-invisible.av-jl6mo8rj-22-7487f0754a981739ab003e89aabaa170{\nheight:5px;\n}\n<\/style>\n<div  class='hr av-jl6mo8rj-22-7487f0754a981739ab003e89aabaa170 hr-invisible  avia-builder-el-6  el_after_av_image  el_before_av_textblock '><span class='hr-inner '><span class=\"hr-inner-style\"><\/span><\/span><\/div><br \/>\n\n<style type=\"text\/css\" data-created_by=\"avia_inline_auto\" id=\"style-css-av-jl7ql86y-0004168ca5c1e8188cabe38926610bb2\">\n#top .av_textblock_section.av-jl7ql86y-0004168ca5c1e8188cabe38926610bb2 .avia_textblock{\nfont-size:10px;\n}\n<\/style>\n<section  class='av_textblock_section av-jl7ql86y-0004168ca5c1e8188cabe38926610bb2 '  ><div class='avia_textblock' ><p class=\"bildnennung-beitrag\" style=\"text-align: left;\">\u00a9 ADOBE Stock<\/p>\n<\/div><\/section><br \/>\n\n<style type=\"text\/css\" data-created_by=\"avia_inline_auto\" id=\"style-css-av-jl6mo8rj-20-0a5ac640218ac986cc09276001136948\">\n#top .hr.hr-invisible.av-jl6mo8rj-20-0a5ac640218ac986cc09276001136948{\nheight:20px;\n}\n<\/style>\n<div  class='hr av-jl6mo8rj-20-0a5ac640218ac986cc09276001136948 hr-invisible  avia-builder-el-8  el_after_av_textblock  el_before_av_textblock '><span class='hr-inner '><span class=\"hr-inner-style\"><\/span><\/span><\/div><br \/>\n<section  class='av_textblock_section av-jkuubohz-21-75c91343a207bf8690976a030a515e24 '  ><div class='avia_textblock' ><p>In diesem Beitrag erfahren Sie, wie vielschichtig Armut in Deutschland daherkommt, wie Sie armutssensibles Handeln in Ihrer Einrichtung praktisch umsetzen und was Sie unternehmen k\u00f6nnen, um benachteiligten Kindern zu mehr Teilhabe zu verhelfen.<\/p>\n<\/div><\/section><\/p><\/div>\n<style type=\"text\/css\" data-created_by=\"avia_inline_auto\" id=\"style-css-av-swqf9-6bb490ea0cbb171c9d159bb967226129\">\n.flex_column.av-swqf9-6bb490ea0cbb171c9d159bb967226129{\nborder-radius:0px 0px 0px 0px;\npadding:20px 20px 20px 20px;\nbackground-color:#f2f2f2;\n}\n<\/style>\n<div  class='flex_column av-swqf9-6bb490ea0cbb171c9d159bb967226129 av_three_fifth  avia-builder-el-10  el_after_av_one_full  el_before_av_two_fifth  first flex_column_div  column-top-margin'     ><style type=\"text\/css\" data-created_by=\"avia_inline_auto\" id=\"style-css-av-jkuua5r2-f1beb4b164a3aefc9a751750d41d5b8e\">\n#top .av_textblock_section.av-jkuua5r2-f1beb4b164a3aefc9a751750d41d5b8e .avia_textblock{\nfont-size:14px;\n}\n<\/style>\n<section  class='av_textblock_section av-jkuua5r2-f1beb4b164a3aefc9a751750d41d5b8e '  ><div class='avia_textblock' ><p><strong>Inhalt<\/strong><\/p>\n<p><strong><a href=\"#1\">1. Armut und Kinderarmut in Deutschland<\/a><\/strong><\/p>\n<p><strong><a href=\"#2\">2. 6 Grunds\u00e4tze f\u00fcr armutssensibles Handeln<\/a><br \/>\n<\/strong>2.1. (Kinder-)Armut und Vorurteile<br \/>\n2.2. (Kinder-)Armut und Benachteiligung<br \/>\n2.3. (Kinder-)Armut und ihre Folgen<\/p>\n<p><strong><a href=\"#3\">3. Armutssensibles Handeln im Kita-Alltag<\/a><br \/>\n<\/strong>3.1. Wo Geld in der Kita eine Rolle spielt<br \/>\n3.2. Praktische Tipps f\u00fcr armutssensibles Handeln in der Kita<br \/>\n3.3. Best practice: Zukunft fr\u00fch sichern aus Gelsenkirchen<\/p>\n<\/div><\/section><\/div><\/p>\n\n<style type=\"text\/css\" data-created_by=\"avia_inline_auto\" id=\"style-css-av-2532d-6e1ea05e25305745634c0a02c87dc827\">\n.flex_column.av-2532d-6e1ea05e25305745634c0a02c87dc827{\nborder-radius:0px 0px 0px 0px;\npadding:0 0 0 0;\n}\n<\/style>\n<div  class='flex_column av-2532d-6e1ea05e25305745634c0a02c87dc827 av_two_fifth  avia-builder-el-12  el_after_av_three_fifth  el_before_av_sidebar  flex_column_div av-zero-column-padding  column-top-margin'     ><\/div>\n<div  class='avia-builder-widget-area clearfix  avia-builder-el-13  el_after_av_two_fifth  el_before_av_one_full '><div id=\"text-33\" class=\"widget clearfix widget_text\">\t\t\t<div class=\"textwidget\"><p><a href=\"https:\/\/www.backwinkel.de\/nachhaltig-denken\/\" target=\"\\_blank\" rel=\"noopener\"><br \/>\n<img decoding=\"async\" class=\"werbung-desktop alignnone wp-image-4186 size-full\" src=\"https:\/\/www.backwinkel.de\/blog\/wp-content\/uploads\/2026\/04\/Backwinkel-blog-werbebanner-shop-kita-schule_desktop.jpg\" alt=\"\" width=\"1251\" height=\"201\" \/><br \/>\n<\/a><br \/>\n<a href=\"https:\/\/www.backwinkel.de\/nachhaltig-denken\/\" target=\"\\_blank\" rel=\"noopener\"><br \/>\n<img decoding=\"async\" class=\"werbung-mobile alignnone wp-image-4187 size-full\" src=\"https:\/\/www.backwinkel.de\/blog\/wp-content\/uploads\/2026\/04\/Backwinkel-blog-werbebanner-shop-kiga-schule_mobile.jpg\" alt=\"\" width=\"550\" height=\"500\" \/><br \/>\n<\/a><\/p>\n<\/div>\n\t\t<\/div><\/div>\n\n<style type=\"text\/css\" data-created_by=\"avia_inline_auto\" id=\"style-css-av-hh5al-9c53459d093ff912fcc98cf97e19d753\">\n.flex_column.av-hh5al-9c53459d093ff912fcc98cf97e19d753{\nborder-radius:0px 0px 0px 0px;\npadding:0px 0px 0px 0px;\n}\n<\/style>\n<div  class='flex_column av-hh5al-9c53459d093ff912fcc98cf97e19d753 av_one_full  avia-builder-el-14  el_after_av_sidebar  el_before_av_one_full  first flex_column_div av-zero-column-padding  '     ><section  class='av_textblock_section av-jkuul0eg-c8007ced910eec869d85a4d2f40b896b '  ><div class='avia_textblock' >\n<style type=\"text\/css\" data-created_by=\"avia_inline_auto\" id=\"style-css-av-7c7r8-1ad3209b7b9ea9c60cc97e362d76ea5e\">\n#top .hr.hr-invisible.av-7c7r8-1ad3209b7b9ea9c60cc97e362d76ea5e{\nheight:20px;\n}\n<\/style>\n<div  class='hr av-7c7r8-1ad3209b7b9ea9c60cc97e362d76ea5e hr-invisible  avia-builder-el-16  avia-builder-el-no-sibling '><span class='hr-inner '><span class=\"hr-inner-style\"><\/span><\/span><\/div>\n<h2 id=\"1\" class=\"position\"><strong>Armut und Kinderarmut in Deutschland <\/strong><\/h2>\n<p>In Deutschland sind <strong>13,7 Millionen Menschen<\/strong> von Armut betroffen \u2013 und <strong>jedes f\u00fcnfte Kind<\/strong>. Damit liegt die <strong>Armutsquote<\/strong> in Deutschland bei <strong>knapp 17 %.<\/strong> Diese sowie die nun folgenden Zahlen gehen aus dem <strong>Armutsbericht 2018 des Parit\u00e4tischen<\/strong> hervor.<\/p>\n<p><strong>Am h\u00e4ufigsten trifft Armut folgende Personengruppen<\/strong>:<\/p>\n<ul>\n<li>Erwerbslose (62,9 %)<\/li>\n<li>Alleinerziehende (40,2 %)<\/li>\n<li>Menschen mit geringem Qualifikationsniveau (29,8 %)<\/li>\n<li>Menschen mit Migrationshintergrund (27,5 %)<\/li>\n<\/ul>\n<p>Interessanterweise ergibt sich ein anderes Bild, wenn man die <strong>Gesamtheit<\/strong> der armutsbetroffenen Menschen betrachtet:<\/p>\n<ul>\n<li>gut 33 % geh\u00f6ren zur <strong>arbeitenden Bev\u00f6lkerung <\/strong><\/li>\n<\/ul>\n<p>Knapp 70 % davon sind mehr als geringf\u00fcgig t\u00e4tig, gut 41 % arbeiten in Vollzeit. Besonders h\u00e4ufig von Armut betroffen sind hier befristet Besch\u00e4ftigte (31,3 %) sowie \u00fcber Zeit- oder Leiharbeit Besch\u00e4ftigte (7,9 %), w\u00e4hrend ca. 25 % der erwerbst\u00e4tigen Armutsbetroffenen Minijobs aus\u00fcben.<\/p>\n<ul>\n<li>knapp 25 % beziehen <strong>Rente oder Pension <\/strong><\/li>\n<li>gut 12 % befinden sich in einem <strong>Ausbildungsverh\u00e4ltnis <\/strong><\/li>\n<li>gut 20 % gehen <strong>keinem Erwerb<\/strong> nach<\/li>\n<li>die Mehrheit der Armutsbetroffenen in Deutschland hat ein <strong>mittleres <\/strong>(56 %)<strong> bis hohes <\/strong>(17,1 %)<strong> Qualifikationsniveau <\/strong>und<strong> keinen Migrationshintergrund <\/strong>(58,2 %)<\/li>\n<li>knapp 30 % aller Armutsbetroffenen <strong>leben zur Miete<\/strong>, w\u00e4hrend nur 4 % der Eigent\u00fcmer arm sind<\/li>\n<li>zwei Drittel aller Armutsbetroffenen haben <strong>keinen Notgroschen<\/strong>, gut ein Viertel verf\u00fcgt \u00fcber <strong>keinen eigenen w\u00f6chentlichen Geldbetrag<\/strong>, knapp 80 % haben nicht die M\u00f6glichkeit, zu sparen<\/li>\n<li>drei Viertel der Armutsbetroffenen k\u00f6nnen sich pro Jahr <strong>keinen einw\u00f6chigen Urlaub<\/strong> leisten, knapp 60 % haben kein Geld f\u00fcr <strong>Freizeitvergn\u00fcgen<\/strong> wie Kino, Konzerte oder Sportveranstaltungen<\/li>\n<li>auch knapp 27 % der <strong>Alleinlebenden<\/strong> sind armutsbetroffen<\/li>\n<\/ul>\n<p>In Bezug auf <strong>Kinderarmut<\/strong> machen Haushalte von Alleinerziehenden knapp 15 % der Armen aus, w\u00e4hrend knapp 14 % Haushalte mit mindestens drei Kindern sind und deren Armutsquote mit 30 % gut 10 Prozentpunkte unter der Quote Alleinerziehender liegt. Das <strong>Armutsrisiko<\/strong> ist umso <strong>h\u00f6her<\/strong>, je <strong>j\u00fcnger<\/strong> die <strong>Kinder<\/strong> sind.<\/p>\n<\/div><\/section><\/div>\n\n<style type=\"text\/css\" data-created_by=\"avia_inline_auto\" id=\"style-css-av-p3wkyi-f0d4e08c671c142b004e5f807ce5c1be\">\n.flex_column.av-p3wkyi-f0d4e08c671c142b004e5f807ce5c1be{\nborder-radius:0px 0px 0px 0px;\npadding:0 0 0 0;\n}\n<\/style>\n<div  class='flex_column av-p3wkyi-f0d4e08c671c142b004e5f807ce5c1be av_one_full  avia-builder-el-17  el_after_av_one_full  el_before_av_one_full  first flex_column_div av-zero-column-padding  column-top-margin'     ><style type=\"text\/css\" data-created_by=\"avia_inline_auto\" id=\"style-css-av-ltmuo20b-b7cbb21bbea5aecfea69f9dbdc8e32a0\">\n#top .avia-gallery.av-ltmuo20b-b7cbb21bbea5aecfea69f9dbdc8e32a0 .avia-gallery-thumb a{\nwidth:20%;\n}\n<\/style>\n<div  class='avia-gallery av-ltmuo20b-b7cbb21bbea5aecfea69f9dbdc8e32a0 avia_animate_when_visible  avia-builder-el-18  avia-builder-el-no-sibling  avia_lazyload avia-gallery-animate avia-gallery-1' ><meta itemprop=\"contentURL\" content=\"https:\/\/www.backwinkel.de\/blog\/armutssensibles-handeln\/\"><div class='avia-gallery-thumb'><a href=\"https:\/\/www.backwinkel.de\/blog\/wp-content\/uploads\/2024\/12\/Armut_haushaltstypen-scaled.jpg\" data-srcset=\"https:\/\/www.backwinkel.de\/blog\/wp-content\/uploads\/2024\/12\/Armut_haushaltstypen-scaled.jpg 2560w, https:\/\/www.backwinkel.de\/blog\/wp-content\/uploads\/2024\/12\/Armut_haushaltstypen-1536x1086.jpg 1536w\" data-sizes=\"(max-width: 1030px) 100vw, 1030px\" data-rel='gallery-1' data-prev-img='https:\/\/www.backwinkel.de\/blog\/wp-content\/uploads\/2024\/12\/Armut_haushaltstypen-scaled.jpg' class='first_thumb lightbox ' data-onclick='1' title='Armut_haushaltstypen'  ><img decoding=\"async\" fetchpriority=\"high\" class=\"wp-image-15775 avia-img-lazy-loading-not-15775\"   src=\"https:\/\/www.backwinkel.de\/blog\/wp-content\/uploads\/2024\/12\/Armut_haushaltstypen-scaled.jpg\" width=\"495\" height=\"350\"  title='Armut_haushaltstypen' alt='' srcset=\"https:\/\/www.backwinkel.de\/blog\/wp-content\/uploads\/2024\/12\/Armut_haushaltstypen-scaled.jpg 2560w, https:\/\/www.backwinkel.de\/blog\/wp-content\/uploads\/2024\/12\/Armut_haushaltstypen-1536x1086.jpg 1536w\" sizes=\"(max-width: 495px) 100vw, 495px\" \/><div class='big-prev-fake'><img decoding=\"async\" loading=\"lazy\" class=\"wp-image-15775 avia-img-lazy-loading-15775\"  width=\"495\" height=\"350\" src=\"https:\/\/www.backwinkel.de\/blog\/wp-content\/uploads\/2024\/12\/Armut_haushaltstypen-scaled.jpg\" title='Armut_haushaltstypen' alt='' srcset=\"https:\/\/www.backwinkel.de\/blog\/wp-content\/uploads\/2024\/12\/Armut_haushaltstypen-scaled.jpg 2560w, https:\/\/www.backwinkel.de\/blog\/wp-content\/uploads\/2024\/12\/Armut_haushaltstypen-1536x1086.jpg 1536w\" sizes=\"auto, (max-width: 495px) 100vw, 495px\" \/><\/div><\/a><\/div><\/div><\/div>\n\n<style type=\"text\/css\" data-created_by=\"avia_inline_auto\" id=\"style-css-av-4czjehl-0f67ec373a78a57b2a106aca2669721b\">\n.flex_column.av-4czjehl-0f67ec373a78a57b2a106aca2669721b{\nborder-radius:0px 0px 0px 0px;\npadding:0px 0px 0px 0px;\n}\n<\/style>\n<div  class='flex_column av-4czjehl-0f67ec373a78a57b2a106aca2669721b av_one_full  avia-builder-el-19  el_after_av_one_full  el_before_av_one_full  first flex_column_div av-zero-column-padding  column-top-margin'     ><section  class='av_textblock_section av-m23b8h90-6a14c37c7e2fced0ab643d7dc36216a3 '  ><div class='avia_textblock infoboxBlue' ><p><strong>Info<\/strong>: F\u00fcr das <strong>Jahr 2023<\/strong> gibt <strong>Statista<\/strong> \u00fcbrigens f\u00fcr Deutschland eine <strong>Armutsgef\u00e4hrdungsquote<\/strong> von 14,4 % an. Der Durchschnitt der EU liegt bei 16,2 %. Trauriger Spitzenreiter ist Estland mit 22,5 %, fr\u00f6hliches Schlusslicht Tschechien mit 9,8 %.<\/p>\n<\/div><\/section><\/div>\n\n<style type=\"text\/css\" data-created_by=\"avia_inline_auto\" id=\"style-css-av-2o1jxb-e3a0e73d1a02d2516a96ed7c486c5b63\">\n.flex_column.av-2o1jxb-e3a0e73d1a02d2516a96ed7c486c5b63{\nborder-radius:0px 0px 0px 0px;\npadding:0px 0px 0px 0px;\n}\n<\/style>\n<div  class='flex_column av-2o1jxb-e3a0e73d1a02d2516a96ed7c486c5b63 av_one_full  avia-builder-el-21  el_after_av_one_full  el_before_av_hr  first flex_column_div av-zero-column-padding  column-top-margin'     ><section  class='av_textblock_section av-m4h1gvz7-fc24bea237afe9856aa0079ab8e90f97 '  ><div class='avia_textblock infoboxGreen' ><p><strong>Absolute vs. relative Armut<\/strong><\/p>\n<p><strong>Absolute Armut<\/strong> bedeutet, maximal <strong>1,90 Dollar t\u00e4glich<\/strong> zur Verf\u00fcgung zu haben. 1,2 Milliarden Menschen weltweit leben in absoluter Armut, besitzen oft kein Bargeld und schlagen sich mit mageren Feldertr\u00e4gen, M\u00fcllsammeln etc. durch.<\/p>\n<p>In Deutschland ist niemand von absoluter Armut betroffen.<\/p>\n<p><strong>Relative Armut<\/strong> existiert auch in Wohlstandsgesellschaften wie Deutschland. Wer \u00fcber weniger Geld als <strong>60 % des monatlichen Durchschnittseinkommens<\/strong> verf\u00fcgt, gilt laut EU als armutsgef\u00e4hrdet. Bezogen auf zwei Erwachsene mit zwei Kindern unter 14 Jahren bedeutet das, von monatlich weniger als 2.035 \u20ac zu leben (Mikrozensus 2016).<\/p>\n<p>Aus diesem Umstand resultiert <strong>soziale Ungleichheit<\/strong>. Armutsgef\u00e4hrdete oder -betroffene Personen haben <strong>weniger Teilhabe<\/strong>: kein Auto, kein Geld f\u00fcr Kultur, Vereine oder Urlaub, Internetanschluss oder neuwertige Kleidung. Daf\u00fcr haben sie <strong>mehr<\/strong> <strong>Sorgen<\/strong>.<\/p>\n<p>F\u00fcr die meisten armutsbetroffenen Menschen ist nicht unbedingt die Armut selbst die gr\u00f6\u00dfte Belastung, sondern die <strong>finanzielle Unsicherheit<\/strong>: Wann kommt die n\u00e4chste Rechnung, die n\u00e4chste <strong>unvorhergesehene Ausgabe<\/strong>? Wie kann ich diesen Betrag stemmen, welche unangenehmen Gespr\u00e4che stehen mir bevor, auf welche Vorurteile treffe ich? F\u00fcr <strong>R\u00fccklagen<\/strong> fehlt den meisten armutsbetroffenen Menschen das Geld.<\/p>\n<p>Neben <strong>Scham<\/strong> und <strong>Ohnmacht<\/strong> leiden Armutsbetroffene auch h\u00e4ufiger an <strong>\u00c4ngsten<\/strong> und erfahren <strong>soziale Isolation<\/strong>. Somit wirkt sich Armut negativ auf die <strong>(psychische) Gesundheit<\/strong> aus.<\/p>\n<\/div><\/section><\/div>\n\n<style type=\"text\/css\" data-created_by=\"avia_inline_auto\" id=\"style-css-av-jl6mo8rj-19-c6b99c38e88c4356afd3dd2078e94308\">\n#top .hr.hr-invisible.av-jl6mo8rj-19-c6b99c38e88c4356afd3dd2078e94308{\nheight:60px;\n}\n<\/style>\n<div  class='hr av-jl6mo8rj-19-c6b99c38e88c4356afd3dd2078e94308 hr-invisible  avia-builder-el-23  el_after_av_one_full  el_before_av_one_full '><span class='hr-inner '><span class=\"hr-inner-style\"><\/span><\/span><\/div>\n\n<style type=\"text\/css\" data-created_by=\"avia_inline_auto\" id=\"style-css-av-5vgein6-110eca1722cb2d5ee508fc6852af404a\">\n.flex_column.av-5vgein6-110eca1722cb2d5ee508fc6852af404a{\nborder-radius:0px 0px 0px 0px;\npadding:0px 0px 0px 0px;\n}\n<\/style>\n<div  class='flex_column av-5vgein6-110eca1722cb2d5ee508fc6852af404a av_one_full  avia-builder-el-24  el_after_av_hr  el_before_av_one_full  first flex_column_div av-zero-column-padding  '     ><section  class='av_textblock_section av-ly73056a-3b6a6b8255253c9bce52b0f4964228be '  ><div class='avia_textblock' >\n<style type=\"text\/css\" data-created_by=\"avia_inline_auto\" id=\"style-css-av-irxq5e-919e4ce30dbe918866e0082c260aa414\">\n#top .hr.hr-invisible.av-irxq5e-919e4ce30dbe918866e0082c260aa414{\nheight:20px;\n}\n<\/style>\n<div  class='hr av-irxq5e-919e4ce30dbe918866e0082c260aa414 hr-invisible  avia-builder-el-26  avia-builder-el-no-sibling '><span class='hr-inner '><span class=\"hr-inner-style\"><\/span><\/span><\/div>\n<h2 id=\"2\" class=\"position\"><strong>6 Grunds\u00e4tze f\u00fcr armutssensibles Handeln <\/strong><\/h2>\n<p>Armutssensibles Handeln beginnt bei Ihnen selbst \u2013 in Ihrem Kopf. Denn um sensibel auf Armutsbetroffenheit zu reagieren, braucht man zuerst einmal Wissen, Empathie und Reflexion.<\/p>\n<p>Die folgenden <strong>sechs Tipps<\/strong> helfen Ihnen dabei, armutssensibel zu agieren:<\/p>\n<ol>\n<li><strong>Informieren<\/strong> Sie sich \u00fcber Armut<br \/>\nWie entsteht sie, wer sind die Armen, welche Symptome und Folgen hat Armut?<\/li>\n<\/ol>\n<ol start=\"2\">\n<li><strong>Reflektieren<\/strong> Sie Ihre eigenen (Vor-)Urteile<br \/>\nDeckt sich Ihre Meinung zu Armutsbetroffenheit mit den Fakten oder denken Sie in Schubladen? Mit Vorurteilen ist niemandem geholfen \u2013 erst recht nicht armutsbetroffenen Kindern.<\/li>\n<\/ol>\n<ol start=\"3\">\n<li>Bleiben Sie <strong>empathisch<\/strong> und <strong>wertsch\u00e4tzend<br \/>\n<\/strong>Es geht nicht um Schuld oder falsches Verhalten. Versetzen Sie sich in die Lage Armutsbetroffener und finden Sie einen Weg, um die Kinder und ihre Familien in ihrer angespannten finanziellen Lage zu unterst\u00fctzen, indem Sie Geld eben nicht thematisieren oder voraussetzen, dass jeder schon ein paar Euro f\u00fcr einen selbst gebackenen Geburtstagskuchen und eine Matschhose \u00fcbrig hat. Machen Sie stattdessen kostenlose Angebote, die allen mehr Teilhabe und neue Erfahrungen erm\u00f6glichen.<\/li>\n<\/ol>\n<ol start=\"4\">\n<li>Konzentrieren Sie sich auf das <strong>Positive<br \/>\n<\/strong>Welche Interessen und Talente haben die Kinder? Wie k\u00f6nnen Sie sie am effektivsten individuell f\u00f6rdern und dazu ermutigen, die eigenen St\u00e4rken zu entdecken?<\/li>\n<\/ol>\n<ol start=\"5\">\n<li>Identifizieren Sie <strong>Mechanismen<\/strong> von <strong>Stigmatisierung<\/strong> und <strong>Ausgrenzung<\/strong> und steuern Sie gegen<br \/>\nAuf welche Barrieren und Herausforderungen sto\u00dfen armutsbetroffene Menschen in ihrem Alltag? Wie k\u00f6nnen Sie ihnen dabei helfen, dass Armut in bestimmten Situationen keine Rolle spielt? Bemerken Sie abwertendes Verhalten anderer Kinder gegen\u00fcber armutsbetroffenen Kindern, m\u00fcssen Sie selbstverst\u00e4ndlich auch einschreiten und die Kleinen zu einem wertsch\u00e4tzenden Umgang miteinander anleiten. Denn wer selbst armutssensibel handelt, kann auch anderen dabei helfen, es zu lernen.<\/li>\n<\/ol>\n<ol start=\"6\">\n<li>Bleiben Sie aufmerksam f\u00fcr die <strong>Bed\u00fcrfnisse<\/strong> der Eltern und Kinder<br \/>\n<strong>Hinterfragen<\/strong> Sie, warum die Eltern z. B. ein kostenloses Angebot nicht annehmen. Sch\u00e4men sie sich, steckt Stolz oder eine Sprachbarriere dahinter, f\u00fcrchten sie Stigmatisierung \u2013 oder hat die Mutter schlicht keine Zeit, weil sie zum Zeitpunkt des Elterncaf\u00e9s arbeiten muss? Nachdem Sie den Grund identifiziert haben, ist es nur noch ein kleiner Schritt zur L\u00f6sung.Auch <strong>auff\u00e4lliges Verhalten<\/strong> der Kinder hat immer einen Grund. Wer bei den Mahlzeiten schlingt, hat wahrscheinlich gro\u00dfen <strong>Hunger<\/strong>. Und wenn er oder sie daf\u00fcr verspottet wird, verweigert das Kind vielleicht anschlie\u00dfend gemeinsame Mahlzeiten, isst heimlich oder steckt sich was f\u00fcr sp\u00e4ter ein \u2013 f\u00fcr sich selbst oder auch f\u00fcr Geschwistern und Eltern. Wenn ein Kind einen Gegenstand wie ein Spiel oder Kuscheltier \u201emitgehen\u201c l\u00e4sst, besitzt es vielleicht zu Hause kein (tolles) Spielzeug und sch\u00e4mt sich, um Erlaubnis zu bitten, es \u00fcbers Wochenende auszuleihen. In diesen Konflikt kommen Kinder nicht, wenn Sie in Ihrer Einrichtung einen <strong>Leih- oder Tauschschrank<\/strong> mit Spielen anbieten.<\/li>\n<\/ol>\n<p><strong>(Kinder-)Armut und Vorurteile <\/strong><\/p>\n<p>Wir Menschen sind schnell im F\u00e4llen von Urteilen \u00fcber andere, wenn sie sich in einer Lebenssituation befinden, die nicht unserer eigenen entspricht. Wie die oben genannten Zahlen belegen, stimmen viele bekannte <strong>Armutsklischees<\/strong> nicht. Die Eltern von armen Kindern geben zumeist ihr B\u00fcrgergeld nicht f\u00fcr Alkohol und eigenes Vergn\u00fcgen aus, essen am Monatsanfang nicht t\u00e4glich in teuren Fastfoodketten und besitzen auch nicht die neuste Playstation, sondern sind <strong>alleinerziehend<\/strong> und oft in <strong>mehreren Jobs<\/strong> t\u00e4tig, um \u00fcber die Runden zu kommen.<\/p>\n<p>Ganz plakativ: Arme Menschen sind weder <strong>faul<\/strong> noch <strong>dumm<\/strong> noch <strong>asozial<\/strong>. Sie haben schlicht zu wenig Geld, um ihren Kindern und sich selbst volle <strong>gesellschaftliche Teilhabe<\/strong> zu erm\u00f6glichen. Den einen Typus armutsbetroffener Menschen gibt es sowieso nicht. Die Gr\u00fcnde f\u00fcr Armut sind vielf\u00e4ltig, die Auspr\u00e4gungen und der Umgang damit individuell.<\/p>\n<p>Oft sagt es sich au\u00dferdem in einer finanziell entspannten Situation leicht, dass die schlechter Gestellten \u201eselbst schuld\u201c seien und man an deren Stelle ganz anders handeln, vielleicht gar nicht arm sein w\u00fcrde. Das kann sogar stimmen \u2013 auch wenn Dinge wie <strong>Rezession<\/strong>, <strong>Inflation<\/strong> und erh\u00f6hte <strong>Strompreise<\/strong> an niemandem von uns vorbeigehen. Mal ehrlich: Ein <strong>Zoo-, Restaurant- oder Kinobesuch<\/strong> mit zwei Kindern und zwei Erwachsenen ist wahrscheinlich finanziell den wenigsten Familien jedes Wochenende m\u00f6glich, und auch die <strong>Mitgliedsbeitr\u00e4ge f\u00fcr Sportvereine<\/strong> und damit verbundene sonstige Anschaffungen k\u00f6nnen sich viele Eltern nicht leisten.<\/p>\n<p>Doch das z\u00e4hlt eben u. a. zu gesellschaftlicher Teilhabe: Die Abwesenheit von Armut definiert sich nicht allein dar\u00fcber, dass man satt, gebettet und gekleidet ist. Auch der <strong>kostenlose Museums- oder B\u00fcchereibesuch <\/strong>f\u00e4llt vielleicht aus <strong>Zeitgr\u00fcnden<\/strong> flach, wenn die Eltern sich zwischen mehreren Jobs aufreiben.<\/p>\n<p>Dar\u00fcber hinaus ist jeder Mensch anders, und wir alle haben das <strong>Recht auf Selbstbestimmung<\/strong>. Wenn Sie also in Ihrer Einrichtung ein Kind haben, das z. B. noch nie im Kino war und kein Fahrrad besitzt, dessen Familie aber daf\u00fcr drei Katzen hat, dann ist das v\u00f6llig in Ordnung. Denn wir wissen ja, wie f\u00f6rderlich der Umgang mit Tieren f\u00fcr die kindliche Entwicklung ist. Falls nicht, lesen Sie gern unseren Beitrag <a href=\"https:\/\/www.backwinkel.de\/blog\/umgang-mit-tieren\/\" target=\"_blank\" rel=\"noopener\">Haustiere, Erlebnisbauernh\u00f6fe, Zoobesuch: Warum der Umgang mit Tieren f\u00fcr Kinder wichtig ist<\/a>.<\/p>\n<p>Schlie\u00dfen Sie generell nicht von sich auf andere. Eltern, die nicht viel Geld zur Verf\u00fcgung haben, m\u00fcssen trotzdem nicht auf das eigene bisschen Luxus verzichten, solange die <strong>Grundversorgung<\/strong> <strong>des Kindes<\/strong> <strong>gew\u00e4hrleistet<\/strong> ist. Wenn eine alleinerziehende Mutter sich ab und zu eine Behandlung beim Fris\u00f6r oder Kosmetiker g\u00f6nnt, ist das ihr gutes Recht \u2013 auch wenn sie das Geld aus p\u00e4dagogischer Sicht besser in Bildung investiert h\u00e4tte.<\/p>\n<p>Nehmen Sie die Gegebenheiten hin, solange das <strong>Kindeswohl<\/strong> nicht gef\u00e4hrdet ist. Sie werden die finanzielle Situation der Erziehungsberechtigten in keinem Fall \u00e4ndern k\u00f6nnen.<\/p>\n<p>Nat\u00fcrlich steht es Ihnen trotzdem frei, alle (!) Eltern \u00fcber die Vorteile einer <strong>gesunden Ern\u00e4hrung<\/strong> und <strong>ausreichend Bewegung<\/strong> f\u00fcr die Kinder zu informieren und <strong>Angebote<\/strong> zu entwickeln, an denen Eltern und Kinder kostenlos teilnehmen k\u00f6nnen, z. B. <strong>Turnnachmittage<\/strong> oder <strong>gemeinsames Kochen<\/strong>.<\/p>\n<p><strong>(Kinder-)Armut und Benachteiligung <\/strong><\/p>\n<p>Aufgrund beschr\u00e4nkter finanzieller Mittel haben Kinder vielleicht in ihrer Wohnung keine <strong>R\u00fcckzugsm\u00f6glichkeit<\/strong> oder <strong>mangelnde Spielm\u00f6glichkeiten<\/strong>, was zulasten der kindlichen Entwicklung geht. Diese Umst\u00e4nde k\u00f6nnen auch zu einer <strong>sozialen Benachteiligung<\/strong> f\u00fchren, wenn die Kinder beispielsweise keine Freunde zum Spielen oder zu einer Geburtstagsfeier zu sich nach Hause einladen (wollen\/d\u00fcrfen).<\/p>\n<p>Au\u00dferdem bedeutet Armut auch immer <strong>Verzicht<\/strong> und somit <strong>weniger<\/strong> <strong>Teilhabe<\/strong>. Armutsbetroffene Kinder machen <strong>weniger<\/strong> <strong>kulturelle Erfahrungen<\/strong> und erleben so oft auch weniger neue (An-)Reize. Vielleicht sind sie daran gew\u00f6hnt, ausschlie\u00dflich in der eigenen Wohnung oder auf der angrenzenden Wiese zu spielen, kennen keine Sportger\u00e4te, besitzen kein Fahrrad, besuchen keine Feste, Kinovorstellungen oder Sportveranstaltungen, sind nicht Mitglied in einem Verein.<\/p>\n<p>Sie sehen allgemein wenig Neues au\u00dferhalb ihres Wohnumfelds. Manche verlassen ihren Stadtteil oder ihre Stadt selten bis gar nicht. Diese <strong>Reizarmut<\/strong> ist nat\u00fcrlich nicht f\u00f6rderlich f\u00fcr die <strong>kindliche Entwicklung <\/strong>und kann erneut zu <strong>Ausgrenzung<\/strong> f\u00fchren, wenn andere Kinder bemerken und abf\u00e4llig kommentieren, was der\/die andere alles nicht hat oder kennt.<\/p>\n<p>Auch die <strong>k\u00f6rperliche Gesundheit<\/strong> kann unter Armut leiden. Wer ungesund isst, sich nicht ausreichend bewegt oder selten an die frische Luft geht, neigt vielleicht zu \u00dcbergewicht, hat ein schlechteres Immunsystem oder ist in seiner <strong>motorischen Entwicklung<\/strong> beeintr\u00e4chtigt.<\/p>\n<p>Gleichzeitig sp\u00fcren armutsbetroffene Kinder nat\u00fcrlich auch, dass ihre Eltern Sorgen oder generell wenig Zeit f\u00fcr sie haben, was sich negativ auf die <strong>psychische Gesundheit<\/strong> auswirkt. Die folgende Grafik gibt einen groben \u00dcberblick \u00fcber die vier Ebenen des <strong>Lebenslagenansatzes<\/strong> f\u00fcr armutsbetroffene Kinder.<\/p>\n<\/div><\/section><\/div>\n\n<style type=\"text\/css\" data-created_by=\"avia_inline_auto\" id=\"style-css-av-13y4vrz-ea581c15f2fd808ce6491cf4a402be69\">\n.flex_column.av-13y4vrz-ea581c15f2fd808ce6491cf4a402be69{\nborder-radius:0px 0px 0px 0px;\npadding:0 0 0 0;\n}\n<\/style>\n<div  class='flex_column av-13y4vrz-ea581c15f2fd808ce6491cf4a402be69 av_one_full  avia-builder-el-27  el_after_av_one_full  el_before_av_one_full  first flex_column_div av-zero-column-padding  column-top-margin'     ><style type=\"text\/css\" data-created_by=\"avia_inline_auto\" id=\"style-css-av-mr8sfz-1fa1a2965cc36fe736fc96a580f188dc\">\n#top .avia-gallery.av-mr8sfz-1fa1a2965cc36fe736fc96a580f188dc .avia-gallery-thumb a{\nwidth:20%;\n}\n<\/style>\n<div  class='avia-gallery av-mr8sfz-1fa1a2965cc36fe736fc96a580f188dc avia_animate_when_visible  avia-builder-el-28  avia-builder-el-no-sibling  avia_lazyload avia-gallery-animate avia-gallery-2' ><meta itemprop=\"contentURL\" content=\"https:\/\/www.backwinkel.de\/blog\/armutssensibles-handeln\/\"><div class='avia-gallery-thumb'><a href=\"https:\/\/www.backwinkel.de\/blog\/wp-content\/uploads\/2024\/12\/Lebenslagen_Armut-1-scaled.jpg\" data-srcset=\"https:\/\/www.backwinkel.de\/blog\/wp-content\/uploads\/2024\/12\/Lebenslagen_Armut-1-scaled.jpg 2560w, https:\/\/www.backwinkel.de\/blog\/wp-content\/uploads\/2024\/12\/Lebenslagen_Armut-1-1536x1086.jpg 1536w\" data-sizes=\"(max-width: 1030px) 100vw, 1030px\" data-rel='gallery-2' data-prev-img='https:\/\/www.backwinkel.de\/blog\/wp-content\/uploads\/2024\/12\/Lebenslagen_Armut-1-scaled.jpg' class='first_thumb lightbox ' data-onclick='1' title='Lebenslagen_Armut'  ><img decoding=\"async\" fetchpriority=\"high\" class=\"wp-image-15773 avia-img-lazy-loading-not-15773\"   src=\"https:\/\/www.backwinkel.de\/blog\/wp-content\/uploads\/2024\/12\/Lebenslagen_Armut-1-scaled.jpg\" width=\"495\" height=\"350\"  title='Lebenslagen_Armut' alt='' srcset=\"https:\/\/www.backwinkel.de\/blog\/wp-content\/uploads\/2024\/12\/Lebenslagen_Armut-1-scaled.jpg 2560w, https:\/\/www.backwinkel.de\/blog\/wp-content\/uploads\/2024\/12\/Lebenslagen_Armut-1-1536x1086.jpg 1536w\" sizes=\"(max-width: 495px) 100vw, 495px\" \/><div class='big-prev-fake'><img decoding=\"async\" loading=\"lazy\" class=\"wp-image-15773 avia-img-lazy-loading-15773\"  width=\"495\" height=\"350\" src=\"https:\/\/www.backwinkel.de\/blog\/wp-content\/uploads\/2024\/12\/Lebenslagen_Armut-1-scaled.jpg\" title='Lebenslagen_Armut' alt='' srcset=\"https:\/\/www.backwinkel.de\/blog\/wp-content\/uploads\/2024\/12\/Lebenslagen_Armut-1-scaled.jpg 2560w, https:\/\/www.backwinkel.de\/blog\/wp-content\/uploads\/2024\/12\/Lebenslagen_Armut-1-1536x1086.jpg 1536w\" sizes=\"auto, (max-width: 495px) 100vw, 495px\" \/><\/div><\/a><\/div><\/div><\/div>\n\n<style type=\"text\/css\" data-created_by=\"avia_inline_auto\" id=\"style-css-av-j3d9o9-f5933900d4e4cdf6123959d8f43991aa\">\n.flex_column.av-j3d9o9-f5933900d4e4cdf6123959d8f43991aa{\nborder-radius:0px 0px 0px 0px;\npadding:0px 0px 0px 0px;\n}\n<\/style>\n<div  class='flex_column av-j3d9o9-f5933900d4e4cdf6123959d8f43991aa av_one_full  avia-builder-el-29  el_after_av_one_full  el_before_av_one_full  first flex_column_div av-zero-column-padding  column-top-margin'     ><section  class='av_textblock_section av-m23b3naj-35b3b7132be5ed5091f3cc7fef2089bd '  ><div class='avia_textblock' ><p>Aus der <strong>Beurteilung<\/strong> der vier <strong>Dimensionen<\/strong> ergibt sich eine von drei <strong>Lebenslagen<\/strong>:<\/p>\n<ol>\n<li><strong>Wohlergehen<\/strong>: Dem Kind geht es in allen Bereichen gut, das Kindeswohl ist nicht gef\u00e4hrdet.<\/li>\n<li><strong>Benachteiligung<\/strong>: Das Kind ist in einigen Bereichen in seiner Entwicklung benachteiligt\/eingeschr\u00e4nkt.<\/li>\n<li><strong>Multiple Deprivation<\/strong>: Dem Kind fehlen in mehreren fundamentalen Bereichen die notwendigen Ressourcen, sodass eine positive Entwicklung nicht wahrscheinlich ist.<\/li>\n<\/ol>\n<p>Wenn anhand der Lebenslagenanalyse Auff\u00e4lligkeiten festgestellt werden, definiert man im n\u00e4chsten Schritt <strong>Ma\u00dfnahmen<\/strong>, um den Benachteiligungen entgegenzuwirken. Daf\u00fcr ist es hilfreich, auch die pers\u00f6nlichen <strong>Interessen<\/strong>, <strong>F\u00e4higkeiten<\/strong> und <strong>St\u00e4rken<\/strong> des Kindes zu ber\u00fccksichtigen.<\/p>\n<p>Hat ein Kind beispielsweise keine kulturellen Erfahrungen und aufgrund seiner \u00c4ngstlichkeit kaum soziale Kontakte, daf\u00fcr aber eine musikalische Affinit\u00e4t, kann das Erlernen eines Instruments beide Defizite mildern, w\u00e4hrend die neu erlernten F\u00e4higkeiten und <strong>Erfolgserlebnisse<\/strong> au\u00dferdem dem Interesse und der Begabung des Kindes entsprechen.<\/p>\n<p>Generell lohnt es sich, vor allem armutsbetroffene Kinder zu <strong>ermutigen<\/strong>, ihren Horizont zu erweitern. Wer keinen Abenteuerspielplatz kennt, kann sich nun mal nichts darunter vorstellen \u2013 und wird auf die Frage, was er am liebsten spielen oder machen m\u00f6chte, wahrscheinlich eher bekannte Optionen nennen und Neues ablehnen. Das hei\u00dft aber nicht, dass die Kinder die neuen Erfahrungen nicht genie\u00dfen und von ihnen profitieren \u2013 im Gegenteil.<\/p>\n<p><strong>(Kinder-)Armut und ihre Folgen <\/strong><\/p>\n<p>Je fr\u00fcher und umf\u00e4nglicher die armutsbedingten Benachteiligungen ausgeglichen werden, desto besser \u2013 umso h\u00f6her ist die Chance, dass die Kinder den <strong>Teufelskreis<\/strong> aus vererbter Armut, Stigmatisierung und Benachteiligung durchbrechen k\u00f6nnen.<\/p>\n<p>Schon die <strong>Schwangerschaftsbegleitung<\/strong> wirkt sich positiv auf armutsbetroffene Kinder aus, da ihre Eltern so gest\u00e4rkt werden: Sie haben einen Ansprechpartner f\u00fcr Fragen, bekommen Informationen \u00fcber weitere <strong>Hilfsangebote<\/strong> und erfahren, dass sie Probleme \u2013 entgegen ihrer Meinung oder Erfahrung \u2013 bew\u00e4ltigen k\u00f6nnen. Im besten Fall haben sie also eine empathische, wertsch\u00e4tzende Begleitung, der sie vertrauen und sich \u00f6ffnen. So erleben (werdende) Eltern <strong>Selbstwirksamkeit<\/strong>, st\u00e4rken ihre <strong>Resilienz<\/strong> und schauen vielleicht hoffnungsvoller in die Zukunft.<\/p>\n<p>Sp\u00e4testens in der Kita muss die <strong>Armutspr\u00e4vention<\/strong> einsetzen, deswegen ist es auch so wichtig, dass gerade armutsbetroffene Kinder einen Kita-Platz bekommen und die Kita regelm\u00e4\u00dfig besuchen.<\/p>\n<p>Neben <strong>materiellen<\/strong> und <strong>gesundheitlichen<\/strong> <strong>Folgen<\/strong> wirkt sich Armut auch auf die <strong>Bildungschancen<\/strong> aus, beispielsweise durch <strong>Entwicklungsverz\u00f6gerungen <\/strong>oder <strong>Diskriminierung<\/strong> seitens sp\u00e4terer Mitsch\u00fcler und Lehrer, oder durch eine weiterhin bestehende und sich vielleicht noch verschlimmernde <strong>mangelnde soziale Teilhabe<\/strong>. Die Folge von schlechten Bildungschancen ist ein <strong>niedrigeres Qualifikationsniveau <\/strong>\u2013 also ein <strong>Risikofaktor f\u00fcr Armut<\/strong>. Davon abgesehen ist eine solche Vita nat\u00fcrlich nicht daf\u00fcr pr\u00e4destiniert, selbstbewusste, optimistische, tatkr\u00e4ftige Mitglieder unserer Gesellschaft hervorzubringen.<\/p>\n<p>Wenn wir den Faden weiterspinnen, resultiert Armut langfristig in <strong>Desinteresse an Politik und Demokratie<\/strong>. So korreliert Armut mit geringerer Wahlbeteiligung \u2013 was nicht verwundern mag, wenn man jahrzehntelang Ohnmacht, Frustration und Sorgen erfahren hat und nicht daran glaubt, dass sich etwas \u00e4ndern kann. Arme Eltern bekommen schlie\u00dflich wieder arme Kinder \u2013 und alles beginnt von vorn.<\/p>\n<\/div><\/section><\/div>\n\n<style type=\"text\/css\" data-created_by=\"avia_inline_auto\" id=\"style-css-av-148m31e-1274cef20952ee0b23cfd50ff66f210a\">\n.flex_column.av-148m31e-1274cef20952ee0b23cfd50ff66f210a{\nborder-radius:0px 0px 0px 0px;\npadding:0px 0px 0px 0px;\n}\n<\/style>\n<div  class='flex_column av-148m31e-1274cef20952ee0b23cfd50ff66f210a av_one_full  avia-builder-el-31  el_after_av_one_full  el_before_av_one_full  first flex_column_div av-zero-column-padding  column-top-margin'     ><section  class='av_textblock_section av-ly736p6n-394894099a12f8bcc00c513e4927157c '  ><div class='avia_textblock' >\n<style type=\"text\/css\" data-created_by=\"avia_inline_auto\" id=\"style-css-av-l65ajm-c6c683dd9580f57f7df7b21d2089f8aa\">\n#top .hr.hr-invisible.av-l65ajm-c6c683dd9580f57f7df7b21d2089f8aa{\nheight:20px;\n}\n<\/style>\n<div  class='hr av-l65ajm-c6c683dd9580f57f7df7b21d2089f8aa hr-invisible  avia-builder-el-33  avia-builder-el-no-sibling '><span class='hr-inner '><span class=\"hr-inner-style\"><\/span><\/span><\/div>\n<h2 id=\"3\" class=\"position\"><strong>Armutssensibles Handeln im Kita-Alltag<\/strong><\/h2>\n<p>Regel Nummer 1: <strong>Informieren<\/strong> Sie sich. Nicht nur \u00fcber <strong>Ursachen<\/strong>, <strong>Symptome<\/strong> und <strong>Folgen<\/strong> von Armut, sondern auch \u00fcber die Gegebenheiten Ihres <strong>Einzugsgebiets<\/strong>. Wenn Sie ein grobes Profil der herrschenden <strong>Sozialstruktur<\/strong> vor Augen haben, sehen Sie vermutlich schnell einige lohnende Ansatzpunkte, um die Lebenssituation der Kinder zu verbessern.<\/p>\n<p>Auch der <strong>Kontakt<\/strong> und <strong>Austausch<\/strong> mit armutsbetroffenen Eltern ist unerl\u00e4sslich. Machen Sie sich also auch \u00fcber <strong>Hilfsangebote<\/strong> schlau, die den Familien zugutekommen k\u00f6nnen. Viele Armutsbetroffene wissen entweder nicht, auf welche Formen von <strong>Unterst\u00fctzung<\/strong> sie Anspruch haben, oder scheuen sich davor, sie einzufordern. Greifen Sie den Familien unter die Arme, um das Kindeswohl zu sichern und auch den Eltern einige Sorgen von den Schultern zu nehmen. Je besser Sie sich diesbez\u00fcglich mit anderen <strong>Institutionen<\/strong> vernetzen, umso besser f\u00fcr alle Beteiligten.<\/p>\n<p>Entdecken Sie nachfolgend einige praktische Ans\u00e4tze f\u00fcr Sie, um Ihren Kita-Alltag im Sinne armutssensiblen Handelns zu optimieren.<\/p>\n<p><strong>Wo Geld in der Kita eine Rolle spielt <\/strong><\/p>\n<p>Ohne Geld geht es nicht. Deshalb gibt es den <strong>Kindergartenbeitrag<\/strong>, den entweder die Eltern komplett oder teilweise zahlen oder der aus \u00f6ffentlichen Geldern stammt \u2013 was nicht hei\u00dft, dass jede Familie, f\u00fcr die der Beitrag eine Belastung ist, <strong>finanzielle Unterst\u00fctzung<\/strong> bekommt. Armutsbetroffene Kinder besuchen (daher) seltener und\/oder k\u00fcrzer eine Kita als Kinder aus wohlhabenderen Familien. Und dass, obwohl der fr\u00fche und regelm\u00e4\u00dfige Kita-Besuch essenziell ist, um Benachteiligungen auszugleichen, die durch Armut entstehen.<\/p>\n<p>Doch auch jenseits der notwendigen Anschaffungen und Ausgaben in der Kita wie M\u00f6bel, Essen, Spiele oder Bau-, Bastel- und Malmaterial spielt Geld eine Rolle. Schon Kinder merken schnell, wenn jemand anders ist als sie selbst und z. B. keine moderne oder passende Kleidung tr\u00e4gt, nicht Roller fahren kann oder nie von Urlauben oder Ausfl\u00fcgen erz\u00e4hlt.<\/p>\n<p>Genauso merken armutsbetroffene Kinder, dass sie anders sind. Sie lernen fr\u00fch, sich zu <strong>sch\u00e4men<\/strong> und ihre Lebensumst\u00e4nde zu verschleiern oder zu rechtfertigen, da sie entweder <strong>Anfeindungen<\/strong> bef\u00fcrchten oder ihnen bereits ausgesetzt sind.<\/p>\n<p>Auch Kinder mit <strong>Fluchterfahrung<\/strong> mussten meistens nicht nur ihr gewohntes Umfeld, ihre Heimat und Sprache, Freunde und Verwandte hinter sich lassen, sondern auch ihren gewohnten Lebensstandard. Niemand, erst recht kein Kind, sucht sich ein Leben aus, das ihm weniger bietet, als er sich w\u00fcnscht.<\/p>\n<p><strong>Sensibilisieren<\/strong> Sie Ihre Kinder daher f\u00fcr unterschiedliche Lebensumst\u00e4nde und beugen Sie <strong>Ausgrenzung<\/strong> vor. Machen materielle Dinge gl\u00fccklich? Sagen sie etwas \u00fcber den Charakter oder die Liebensw\u00fcrdigkeit eines Menschen aus? Was ist wichtiger \u2013 eine Spielekonsole oder Gesundheit? Was braucht man wirklich zum Leben, und wie haben die Menschen fr\u00fcher gelebt, wie leben sie heute in anderen L\u00e4ndern?<\/p>\n<p><strong>Praktische Tipps f\u00fcr armutssensibles Handeln in der Kita <\/strong><\/p>\n<p>Allgemein gilt: Keine Aktivit\u00e4t im Kindergarten sollte die Kinder bzw. ihre Erziehungsberechtigten etwas kosten. Jeder Euro ist zu viel oder schlicht nicht vorhanden, wenn eine Familie Geldsorgen hat. Deswegen gibt es auch nichts zu diskutieren; weder mit den Erziehungsberechtigten, die sich bestimmt auch eine andere Lebenssituation w\u00fcnschen und sich vielleicht ihrer beschr\u00e4nkten Mittel sch\u00e4men, und nat\u00fcrlich erst recht nicht mit den Kindern.<\/p>\n<p>Analysieren Sie also gern im Team Ihre geplanten (Jahres-)Aktivit\u00e4ten wie <strong>Feste<\/strong>, <strong>Projekte<\/strong> und <strong>Ausfl\u00fcge<\/strong>, aber auch <strong>Anschaffungen<\/strong> wie Bastelmaterial und Wechselkleidung sowie <strong>Rituale<\/strong>, z. B. das gemeinsame Feiern von Kindergeburtstagen:<\/p>\n<ul>\n<li>Wo fallen Kosten an?<\/li>\n<li>Wie k\u00f6nnen die Kosten umgangen oder mindestens reduziert werden? Gibt es Alternativen zu geplanten Aktionen?<\/li>\n<li>Wer kann im Zweifel statt der Eltern f\u00fcr n\u00f6tige Kosten aufkommen? Stehen kostenlose Kooperationspartner (Sportvereine, Musikschulen \u2026), Sponsoren oder F\u00f6rdermittel zur Verf\u00fcgung?<\/li>\n<li>Kommen alternative Geldquellen infrage, z. B. ein Spendenlauf, ein Weihnachtsmarkt, ein Sommerfest?<\/li>\n<\/ul>\n<p>Manchmal sieht man ja bekanntlich den Wald vor lauter B\u00e4umen nicht. Und nur, weil man etwas \u201eschon immer so gemacht\u201c hat, bedeutet das nicht, dass Sie ausgetretene Pfade nicht auch verlassen k\u00f6nnen!<\/p>\n<p>Lassen Sie sich gern durch die folgenden <strong>Tipps<\/strong> inspirieren, die viele Kitas bereits umsetzen:<\/p>\n<ul>\n<li><strong>Sensibilisierung<\/strong> aller Kinder f\u00fcr einen <strong>respektvollen und empathischen Umgang mit Armutsbetroffenheit<\/strong>, z. B. anhand von Kinderb\u00fcchern oder einem Blick in andere L\u00e4nder und Zeiten<\/li>\n<li>Einrichtung einer <strong>Tauschb\u00f6rse<\/strong>\/eines <strong>Tauschschranks<\/strong> f\u00fcr Kleidung, Spiele, B\u00fccher<\/li>\n<li><strong>Kindergeburtstage<\/strong> organisiert komplett die Kita, z. B. durch gemeinsames Backen, Singen, Spielen, daf\u00fcr ohne Mitbringsel<\/li>\n<li><strong>Kooperationen<\/strong> mit Musik- und Erlebnisp\u00e4dagogen oder auch anderen sozialen Einrichtungen<\/li>\n<li><strong>Verzicht auf<\/strong> <strong>blo\u00dfstellende Situationen<\/strong> wie z. B. das Erz\u00e4hlen von Ferien- und Wochenenderlebnissen oder die Schilderung von W\u00fcnschen zu Weihnachten\/Geburtstag usw. Fragen Sie beispielsweise stattdessen, was die Kinder am Wochenende oder in den Ferien besonders toll fanden. Achten Sie darauf, dass Erz\u00e4hlungen wie \u201eMama hatte nach drei Monaten endlich genug Geld, um mir X zu kaufen\u201c von den anderen Kindern nicht herabgesetzt werden.<\/li>\n<\/ul>\n<p>Vielleicht entscheiden Sie sich alternativ auch daf\u00fcr, dass die Kinder Geschichten erfinden (d\u00fcrfen), um ihre Wunschvorstellungen zu verbalisieren \u2013 so bekommen Sie Einblicke in die Gef\u00fchle und Gedanken, die Ihnen vielleicht ansonsten verwehrt bleiben. Und damit es keine \u201eL\u00fcgen\u201c sind, nutzen Sie gern ein Kuscheltier als Protagonisten, z. B. das Maskottchen Ihrer Gruppe, das auch in andere Aktivit\u00e4ten eingebunden wird und die Erz\u00e4hlerrolle \u00fcbernimmt.<\/p>\n<ul>\n<li><strong>Naturtage<\/strong> etablieren, w\u00e4hrend derer die Kinder z. B. den Wald erkunden oder an einem Outdoor-Projekt arbeiten; mehr dazu finden Sie in unseren Beitr\u00e4gen <a href=\"https:\/\/www.backwinkel.de\/blog\/natur-als-entwicklungsraum\/\" target=\"_blank\" rel=\"noopener\">Natur als Entwicklungsraum<\/a> und <a href=\"https:\/\/www.backwinkel.de\/blog\/kita-garten\/\" target=\"_blank\" rel=\"noopener\">Ein Garten f\u00fcr den Kindergarten<\/a>.<\/li>\n<li>das <strong>Sammeln von kostenlosem Mal- und Bastelmaterial<\/strong> wie Stoffresten, Verpackungen, Klorollen, Schraubgl\u00e4sern etc. Ideen zum Thema <strong>Upcycling<\/strong> finden Sie auch in unserem Beitrag <a href=\"https:\/\/www.backwinkel.de\/blog\/upcycling\/\" target=\"_blank\" rel=\"noopener\">Upcycling f\u00fcr mehr Nachhaltigkeit: Basteln Sie mit Dingen, die nicht unbedingt M\u00fcll sind<\/a>.<\/li>\n<li><strong>kostenlose<\/strong> (mehrsprachige) <strong>Online-Angebote<\/strong>, z. B. das Vorlesen per Video oder Turn- und Yogakurse (vorausgesetzt, Ihre Kinder verf\u00fcgen zu Hause \u00fcber einen nutzbaren Internetanschluss)<\/li>\n<li>Angebote zur <strong>Resilienzf\u00f6rderung<\/strong>, Stressbew\u00e4ltigung und Mobbingpr\u00e4vention f\u00fcr Kinder (mehr dazu in unserem Beitrag <a href=\"https:\/\/www.backwinkel.de\/blog\/resilienz-foerdern\/\" target=\"_blank\" rel=\"noopener\">Resilienz f\u00f6rdern: Wie Sie Ihren Kindern dabei helfen, psychische Widerstandskraft zu entwickeln<\/a>)<\/li>\n<li>mehrsprachige Angebote f\u00fcr Eltern, z. B. zu Hilfsangeboten und Beratungen, und\/oder die Einrichtung eines <strong>Elterncaf\u00e9s<\/strong> o. \u00c4.<\/li>\n<li>Einrichtung eines anonymen <strong>Hilfe- oder Kummerkastens<\/strong> f\u00fcr Eltern und\/oder Kinder<\/li>\n<\/ul>\n<p>Bestimmt f\u00e4llt Ihnen noch mehr ein, denn jede Kita ist anders, hat individuelle Schwerpunkte und Herausforderungen, ein anderes Einzugsgebiet, unterschiedliche r\u00e4umliche Gegebenheiten usw. Brainstormen Sie mit Ihrem Team, und beziehen Sie auch die Eltern ein.<\/p>\n<p><strong>Best practice: Zukunft fr\u00fch sichern aus Gelsenkirchen <\/strong><\/p>\n<p>Abschlie\u00dfend noch ein kurzer Ausflug ins Ruhrgebiet, und zwar in die Stadt, die in so vielen Statistiken einen der letzten Pl\u00e4tze deutschlandweit belegt \u2013 zumindest, wenn es um positive Schlagworte geht: Gelsenkirchen.<\/p>\n<p>In \u00dcckendorf, dem in vielerlei Hinsicht problematischsten Stadtteil Gelsenkirchens (knapp 50 % der Kinder sind armutsbetroffen), startete im Fr\u00fchling 2019 das durch die RAG-Stiftung gef\u00f6rderte Projekt \u201eZUSi \u2013 Zukunft fr\u00fch sichern\u201c an sieben st\u00e4dtischen Kitas. Im Fokus steht eine <strong>armutssensible Fr\u00fchf\u00f6rderung<\/strong>, die alle Kinder individuell f\u00f6rdert und sich dabei auf die Talente der Kinder konzentriert.<\/p>\n<p>Daf\u00fcr sind <strong>multiprofessionelle Teams<\/strong> im Einsatz, die von Bildungsbegleitern in ihrer t\u00e4glichen Arbeit unterst\u00fctzt werden. Zus\u00e4tzlich gibt es <strong>Kooperationen<\/strong> mit der \u00f6rtlichen Musikschule, Grundschulen, Sportvereinen, K\u00fcnstlern, Theater, Erlebnisp\u00e4dagogen, dem Radclub NRW etc., sodass f\u00fcr jedes Kind <strong>bedarfsgerechte Angebote <\/strong>konzipiert und umgesetzt werden. ZUSi versteht sich somit als \u201eTeil der Pr\u00e4ventionskette gegen Kinderarmut\u201c und ist vom Institut f\u00fcr Sozialarbeit und Sozialp\u00e4dagogik in Frankfurt a. M. seit seinem Start umfassend evaluiert worden.<\/p>\n<p>ZUSi setzt an mehreren Ebenen an. Das Projekt setzt auf <strong>Elternarbeit<\/strong> (eigene ZUSi-App f\u00fcr die digitale Kommunikation inbegriffen) und <strong>Patenschaften<\/strong>, sensibilisiert die beteiligten Fachkr\u00e4fte und vernetzt die Kitas mit verschiedenen <strong>Bildungseinrichtungen<\/strong> und -akteuren im Umfeld.<\/p>\n<p>Ein besonderes Augenmerk liegt auf dem gelungenen \u00dcbergang von der Kita in die Grundschule \u2013 auch dadurch, dass die Kinder und Eltern die Schule vorab besuchen und n\u00e4her kennenlernen, aber auch durch \u00fcbergreifende AGs und Bildungsdokumentationen.<\/p>\n<p>ZUSi lief in \u00dcckendorf von September 2019 bis Juni 2021 und fiel folglich in die Zeit der Corona-Pandemie samt all ihrer Beschr\u00e4nkungen. Trotzdem profitierten alle teilnehmenden Kinder von dem Projekt, vor allem in F\u00e4llen multipler Deprivation. In allen Bereichen verbesserten sich fast alle Kinder signifikant. Das Entwicklungsniveau armer wie nicht armer Kinder stieg beispielsweise um 10 bzw. 11 %: von 50 % auf 60 % bei Armutsbetroffenen und von 67 % auf 78 % bei nicht von Armut Betroffenen.<\/p>\n<p>Der Vollst\u00e4ndigkeit halber sei hier erw\u00e4hnt: Die einzige Angabe, die dem positiven Trend nicht entspricht, ist die Abnahme des Entwicklungsniveaus von 73 % auf 72 % bei der Betrachtung der Kinder ohne Migrationshintergrund. Fachkr\u00e4fte nahmen au\u00dferdem eine Einsch\u00e4tzung \u00fcber die Schulbereitschaft der Kinder vor. 1 entsprach der Aussage \u201e\u00fcberhaupt nicht bereit\u201c, w\u00e4hrend 5 volle Zustimmung ausdr\u00fcckte.<\/p>\n<p>Vereinfacht l\u00e4sst sich festhalten, dass Ziel- und Vergleichsgruppe in einigen Bereichen nahezu identische Werte erzielten (gesamt: 3,95 vs. 3,94) und die Werte f\u00fcr nicht von Armut betroffene Kinder in der Vergleichsgruppe positiver ausfielen als in der Modellgruppe: 4,76 vs. 4,34 in der Kategorie \u201eWohlergehen\u201c sowie 4,54 vs. 4,15 in der Kategorie \u201enicht arm\u201c. Aufgrund des Erfolgs von ZUSi l\u00e4uft seit 2022 ZuSi 2.0 nun auch in Herne, Essen und Bochum an jeweils 14 weiteren Kitas.<\/p>\n<\/div><\/section><\/div>\n\n<style type=\"text\/css\" data-created_by=\"avia_inline_auto\" id=\"style-css-av-tm0ykb-b288173cf256ac7f8d2f8549ae0f2c98\">\n.flex_column.av-tm0ykb-b288173cf256ac7f8d2f8549ae0f2c98{\nborder-radius:0px 0px 0px 0px;\npadding:0px 0px 0px 0px;\n}\n<\/style>\n<div  class='flex_column av-tm0ykb-b288173cf256ac7f8d2f8549ae0f2c98 av_one_full  avia-builder-el-34  el_after_av_one_full  el_before_av_one_full  first flex_column_div av-zero-column-padding  column-top-margin'     ><section  class='av_textblock_section av-m35xbc0y-2e4d3027c45df17f4591148e5eab510b '  ><div class='avia_textblock' ><p><strong>Auch interessant<\/strong>:<\/p>\n<p><a href=\"https:\/\/www.backwinkel.de\/blog\/empathie\/\" target=\"_blank\" rel=\"noopener\"><span data-teams=\"true\">Entwicklungsziel Empathie: Wie Sie die emotionale Kompetenz von Kindern f\u00f6rdern<\/span><\/a><\/p>\n<p><a href=\"https:\/\/www.backwinkel.de\/blog\/demokratiebildung-kita\/\" target=\"_blank\" rel=\"noopener\"><span data-teams=\"true\">Demokratiebildung in der Kita. So f\u00fchlen sich Kinder einbezogen und bestimmen mit<\/span><\/a><\/p>\n<p><a href=\"https:\/\/www.backwinkel.de\/blog\/kindeswohlgefaehrdung\/\" target=\"_blank\" rel=\"noopener\"><span data-teams=\"true\">Kindeswohlgef\u00e4hrdung erkennen und richtig handeln<\/span><\/a><\/p>\n<p><a href=\"https:\/\/www.backwinkel.de\/blog\/gesunde-ernaehrung-im-kindergarten\/\" target=\"_blank\" rel=\"noopener\"><span data-teams=\"true\">Gesunde Ern\u00e4hrung (nicht nur) im Kindergarten: So machen Sie Kindern gesundes Essen schmackhaft<\/span><\/a><\/p>\n<p><a href=\"https:\/\/www.backwinkel.de\/cat\/werteerziehung-sozialkompetenz\/\" target=\"_blank\" rel=\"noopener\">Werteerziehung &amp; Sozialkompetenz<\/a><\/p>\n<\/div><\/section><\/div>\n\n<style type=\"text\/css\" data-created_by=\"avia_inline_auto\" id=\"style-css-av-jley1l06-be8863a15e87d33f314fbd4b76b14014\">\n.flex_column.av-jley1l06-be8863a15e87d33f314fbd4b76b14014{\nborder-radius:0px 0px 0px 0px;\npadding:10px 10px 10px 10px;\nbackground-color:#f2f2f2;\n}\n<\/style>\n<div  class='flex_column av-jley1l06-be8863a15e87d33f314fbd4b76b14014 av_one_full  avia-builder-el-36  el_after_av_one_full  el_before_av_one_full  first flex_column_div  column-top-margin'     ><section  class='av_textblock_section av-jkuvcso3-5-5c6860626657f0ec318095798effdcc6 '  ><div class='avia_textblock' ><p class=\"fussnoten-quellen\"><strong>Lesen Sie mehr:<\/strong><\/p>\n<p>37 Grad: Vererbte Armut \u2013 Kindheit mit wenig Geld, 27.02.2024:<br \/>\n<a href=\"https:\/\/www.zdf.de\/dokumentation\/37-grad\/37-vererbte-armut-100.html#startTime=835?at_specific=37Grad\" target=\"_blank\" rel=\"noopener\">https:\/\/www.zdf.de\/dokumentation\/37-grad\/37-vererbte-armut-100.html#startTime=835?at_specific=37Grad<\/a><\/p>\n<p>Arbeiterwohlfahrt Bezirksverband Mittelrhein e. V.: Schwerpunkt Kinderarmut 2019 (mit vielen anschaulichen bis plakativen Beispielen f\u00fcr Armutsbetroffenheit aus der Kita-Praxis):<br \/>\n<a href=\"https:\/\/situationsansatz.de\/wp-content\/uploads\/2020\/07\/armut_kone_AWO.pdf\" target=\"_blank\" rel=\"noopener\">https:\/\/situationsansatz.de\/wp-content\/uploads\/2020\/07\/armut_kone_AWO.pdf<\/a><\/p>\n<p>Deutscher Parit\u00e4tischer Wohlfahrtsverband Gesamtverband e. V.: Wer die Armen sind. Der Parit\u00e4tische Armutsbericht 2018, Dezember 2018:<br \/>\n<a href=\"https:\/\/www.der-paritaetische.de\/fileadmin\/user_upload\/Schwerpunkte\/Armutsbericht\/doc\/2018_armutsbericht.pdf\" target=\"_blank\" rel=\"noopener\">https:\/\/www.der-paritaetische.de\/fileadmin\/user_upload\/Schwerpunkte\/Armutsbericht\/doc\/2018_armutsbericht.pdf<\/a><\/p>\n<p>Evangelische Familienbildung: Familienbildung im Gespr\u00e4ch mit Wissenschaft und Forschung: Armutssensible Arbeit mit Familien (Online-Vortrag von Gerda Holz), 02.12.2021:<br \/>\n<a href=\"https:\/\/www.youtube.com\/watch?v=XcqYnuxBqnM\" target=\"_blank\" rel=\"noopener\">https:\/\/www.youtube.com\/watch?v=XcqYnuxBqnM<\/a><\/p>\n<p>Hock, Beate, Holz, Gerda, Kopplow, Marlies: Kinder in Armutslagen \u2013 Grundlagen f\u00fcr armutssensibles Handeln in der Kindertagesbetreuung, 2014:<br \/>\n<a href=\"https:\/\/www.pedocs.de\/volltexte\/2024\/28540\/pdf\/Hock_Holz_Kopplow_2014_Kinder.pdf\" target=\"_blank\" rel=\"noopener\">https:\/\/www.pedocs.de\/volltexte\/2024\/28540\/pdf\/Hock_Holz_Kopplow_2014_Kinder.pdf<\/a><\/p>\n<p>Institut f\u00fcr Sozialarbeit und Sozialp\u00e4dagogik e. V. (Hrsg.): Armutssensibles Handeln in Kindertageseinrichtungen \u2013 Zwischenergebnisse und Impulse aus dem Modellprojekt \u201eZukunft fr\u00fch sichern!\u201c:<br \/>\n<a href=\"https:\/\/www.iss-ffm.de\/fileadmin\/assets\/veroeffentlichungen\/downloads\/ZuSi-Armutssensibles_Handeln_in_Kindertageseinrichtungen.pdf\" target=\"_blank\" rel=\"noopener\">https:\/\/www.iss-ffm.de\/fileadmin\/assets\/veroeffentlichungen\/downloads\/ZuSi-Armutssensibles_Handeln_in_Kindertageseinrichtungen.pdf<\/a><\/p>\n<p>Institut f\u00fcr Sozialarbeit und Sozialp\u00e4dagogik e. V. (Hrsg.): Lebenslagenansatz in Kindertageseinrichtungen \u2013 Impulse zur praktischen Anwendung:<br \/>\n<a href=\"https:\/\/www.rag-stiftung.de\/fileadmin\/user_upload\/Publikationen\/Lehrmaterialien_fuer_Kita_und_Schule\/Handreichung_Lebenslagenansatz-in-Kindertageseinrichtungen.pdf\" target=\"_blank\" rel=\"noopener\">https:\/\/www.rag-stiftung.de\/fileadmin\/user_upload\/Publikationen\/Lehrmaterialien_fuer_Kita_und_Schule\/Handreichung_Lebenslagenansatz-in-Kindertageseinrichtungen.pdf<\/a><\/p>\n<p>Ke\u00dfel, Peter: Was bedeutet armutssensibles Handeln?, 24.02.2020:<br \/>\n<a href=\"https:\/\/www.nifbe.de\/component\/themensammlung?view=item&amp;id=903:was-bedeutet-armutssensibles-handeln\" target=\"_blank\" rel=\"noopener\">https:\/\/www.nifbe.de\/component\/themensammlung?view=item&amp;id=903:was-bedeutet-armutssensibles-handeln<\/a><\/p>\n<p>Kieler Netzwerk gegen Kinderarmut: Ursachen und Folgen von Kinderarmut:<br \/>\n<a href=\"https:\/\/www.kieler-gegen-kinderarmut.de\/kinderarmut-informationen\/ursachen-und-folgen-von-kinderarmut\/\" target=\"_blank\" rel=\"noopener\">https:\/\/www.kieler-gegen-kinderarmut.de\/kinderarmut-informationen\/ursachen-und-folgen-von-kinderarmut\/<\/a><\/p>\n<p>Meine Kita \u2013 Das didacta Magazin f\u00fcr die fr\u00fche Bildung, Ausgabe 4\/2022:<br \/>\n<a href=\"https:\/\/www.yumpu.com\/de\/document\/read\/67348541\/meine-kita-04-22\" target=\"_blank\" rel=\"noopener\">https:\/\/www.yumpu.com\/de\/document\/read\/67348541\/meine-kita-04-22<\/a><\/p>\n<p>Poppe, Sabine: Armut und armutssensibles Handeln in der Kita, 2019:<br \/>\n<a href=\"https:\/\/www.nifbe.de\/images\/nifbe\/Aktuelles_Global\/2019\/Armut_online.pdf\" target=\"_blank\" rel=\"noopener\">https:\/\/www.nifbe.de\/images\/nifbe\/Aktuelles_Global\/2019\/Armut_online.pdf<\/a><\/p>\n<p><a href=\"https:\/\/de.statista.com\/statistik\/daten\/studie\/1171\/umfrage\/armutsgefaehrdungsquote-in-europa\/\" target=\"_blank\" rel=\"noopener\">https:\/\/de.statista.com\/statistik\/daten\/studie\/1171\/umfrage\/armutsgefaehrdungsquote-in-europa\/<\/a><\/p>\n<p>SWR Doku: Machen Kinder arm? Was es kostet, ein Kind zu haben | SWR Doku, 17.06.2022:<br \/>\n<a href=\"https:\/\/www.youtube.com\/watch?v=bCRrRaz-CGs\" target=\"_blank\" rel=\"noopener\">https:\/\/www.youtube.com\/watch?v=bCRrRaz-CGs<\/a><\/p>\n<p>WDR Doku: Dominik und die Suche nach der verlorenen Kindheit | WDR Doku, 11.07.2023 (interessant auch unter dem Aspekt, wie sich Armut in Deutschland innerhalb der letzten Jahrzehnte ver\u00e4ndert hat \u2013 und wie wenig Staat und System dagegen tun):<br \/>\n<a href=\"https:\/\/www.youtube.com\/watch?v=I2nbns4NDYI\" target=\"_blank\" rel=\"noopener\">https:\/\/www.youtube.com\/watch?v=I2nbns4NDYI<\/a><\/p>\n<p>WDR Doku: Kinderarmut: Das gro\u00dfe Versagen der Politik | WDR Doku, 21.09.2021 (sehenswert!):<br \/>\n<a href=\"https:\/\/www.youtube.com\/watch?v=kEDfesPrx1k\" target=\"_blank\" rel=\"noopener\">https:\/\/www.youtube.com\/watch?v=kEDfesPrx1k<\/a><\/p>\n<p>Webseite des Projekts \u201eZUSi \u2013 Zukunft fr\u00fch sichern 2.0\u201c (inklusive einer Evaluation des ersten ZUSi-Projekts):<br \/>\n<a href=\"https:\/\/zusi.plattform-spi.de\/goto.php?target=cat_134148&amp;client_id=inno\" target=\"_blank\" rel=\"noopener\">https:\/\/zusi.plattform-spi.de\/goto.php?target=cat_134148&amp;client_id=inno<\/a><\/p>\n<\/div><\/section><\/div>\n\n<style type=\"text\/css\" data-created_by=\"avia_inline_auto\" id=\"style-css-av-4a8f13-8282735e1a69d4252a8ab107757df204\">\n.flex_column.av-4a8f13-8282735e1a69d4252a8ab107757df204{\nborder-radius:0px 0px 0px 0px;\npadding:10px 10px 10px 10px;\n}\n<\/style>\n<div  class='flex_column av-4a8f13-8282735e1a69d4252a8ab107757df204 av_one_full  avia-builder-el-38  el_after_av_one_full  el_before_av_one_full  first flex_column_div  column-top-margin'     ><section  class='av_textblock_section av-2ibyo7-105f90c883c0b4406936f8076e5ba294 '  ><div class='avia_textblock' ><p class=\"copyright\"><strong>\u00a9 Copyright \u2013 Urheberrechtshinweis<\/strong><br \/>\nAlle Inhalte auf www.backwinkel.de sowie www.backwinkel.de\/blog, insbesondere Texte, Fotografien und Grafiken, sind urheberrechtlich gesch\u00fctzt.<br \/>\nDas Urheberrecht liegt, soweit nicht ausdr\u00fccklich anders gekennzeichnet, bei der BACKWINKEL GmbH. Bitte fragen Sie uns, falls Sie die Inhalte dieses Internetangebotes verwenden m\u00f6chten.<br \/>\nWer gegen das Urheberrecht verst\u00f6\u00dft (z. B. Bilder oder Texte unerlaubt kopiert), macht sich gem. \u00a7\u00a7 106 ff UrhG strafbar, wird zudem kostenpflichtig abgemahnt und muss Schadensersatz leisten (\u00a7 97 UrhG).<\/p>\n<\/div><\/section><\/div>\n\n<style type=\"text\/css\" data-created_by=\"avia_inline_auto\" id=\"style-css-av-1p82t-b0e9719fe6c67aa5c6d1abf813961e55\">\n.flex_column.av-1p82t-b0e9719fe6c67aa5c6d1abf813961e55{\nborder-radius:0px 0px 0px 0px;\npadding:0px 0px 0px 0px;\n}\n<\/style>\n<div  class='flex_column av-1p82t-b0e9719fe6c67aa5c6d1abf813961e55 av_one_full  avia-builder-el-40  el_after_av_one_full  avia-builder-el-last  first flex_column_div av-zero-column-padding  column-top-margin'     ><p><section  class='av_textblock_section av-jlp4hxqo-91baaad30cd61f89630d15f8561d1750 '  ><div class='avia_textblock' ><div class=\"shariff shariff-align-left shariff-widget-align-left\"><ul class=\"shariff-buttons theme-color orientation-horizontal buttonsize-medium\"><li class=\"shariff-button whatsapp shariff-nocustomcolor\" style=\"background-color:#5cbe4a\"><a href=\"https:\/\/api.whatsapp.com\/send?text=https%3A%2F%2Fwww.backwinkel.de%2Fblog%2Farmutssensibles-handeln%2F%20Armutssensibles%20Handeln\" title=\"Bei Whatsapp teilen\" aria-label=\"Bei Whatsapp teilen\" role=\"button\" rel=\"noopener nofollow\" class=\"shariff-link\" style=\"; background-color:#34af23; color:#fff\" target=\"_blank\"><span class=\"shariff-icon\" style=\"\"><svg width=\"32px\" height=\"20px\" xmlns=\"http:\/\/www.w3.org\/2000\/svg\" viewBox=\"0 0 32 32\"><path fill=\"#34af23\" d=\"M17.6 17.4q0.2 0 1.7 0.8t1.6 0.9q0 0.1 0 0.3 0 0.6-0.3 1.4-0.3 0.7-1.3 1.2t-1.8 0.5q-1 0-3.4-1.1-1.7-0.8-3-2.1t-2.6-3.3q-1.3-1.9-1.3-3.5v-0.1q0.1-1.6 1.3-2.8 0.4-0.4 0.9-0.4 0.1 0 0.3 0t0.3 0q0.3 0 0.5 0.1t0.3 0.5q0.1 0.4 0.6 1.6t0.4 1.3q0 0.4-0.6 1t-0.6 0.8q0 0.1 0.1 0.3 0.6 1.3 1.8 2.4 1 0.9 2.7 1.8 0.2 0.1 0.4 0.1 0.3 0 1-0.9t0.9-0.9zM14 26.9q2.3 0 4.3-0.9t3.6-2.4 2.4-3.6 0.9-4.3-0.9-4.3-2.4-3.6-3.6-2.4-4.3-0.9-4.3 0.9-3.6 2.4-2.4 3.6-0.9 4.3q0 3.6 2.1 6.6l-1.4 4.2 4.3-1.4q2.8 1.9 6.2 1.9zM14 2.2q2.7 0 5.2 1.1t4.3 2.9 2.9 4.3 1.1 5.2-1.1 5.2-2.9 4.3-4.3 2.9-5.2 1.1q-3.5 0-6.5-1.7l-7.4 2.4 2.4-7.2q-1.9-3.2-1.9-6.9 0-2.7 1.1-5.2t2.9-4.3 4.3-2.9 5.2-1.1z\"\/><\/svg><\/span><span class=\"shariff-text\">teilen<\/span>&nbsp;<\/a><\/li><li class=\"shariff-button facebook shariff-nocustomcolor\" style=\"background-color:#4273c8\"><a href=\"https:\/\/www.facebook.com\/sharer\/sharer.php?u=https%3A%2F%2Fwww.backwinkel.de%2Fblog%2Farmutssensibles-handeln%2F\" title=\"Bei Facebook teilen\" aria-label=\"Bei Facebook teilen\" role=\"button\" rel=\"nofollow\" class=\"shariff-link\" style=\"; background-color:#3b5998; color:#fff\" target=\"_blank\"><span class=\"shariff-icon\" style=\"\"><svg width=\"32px\" height=\"20px\" xmlns=\"http:\/\/www.w3.org\/2000\/svg\" viewBox=\"0 0 18 32\"><path fill=\"#3b5998\" d=\"M17.1 0.2v4.7h-2.8q-1.5 0-2.1 0.6t-0.5 1.9v3.4h5.2l-0.7 5.3h-4.5v13.6h-5.5v-13.6h-4.5v-5.3h4.5v-3.9q0-3.3 1.9-5.2t5-1.8q2.6 0 4.1 0.2z\"\/><\/svg><\/span><span class=\"shariff-text\">teilen<\/span>&nbsp;<\/a><\/li><li class=\"shariff-button twitter shariff-nocustomcolor\" style=\"background-color:#595959\"><a href=\"https:\/\/twitter.com\/share?url=https%3A%2F%2Fwww.backwinkel.de%2Fblog%2Farmutssensibles-handeln%2F&text=Armutssensibles%20Handeln\" title=\"Bei X teilen\" aria-label=\"Bei X teilen\" role=\"button\" rel=\"noopener nofollow\" class=\"shariff-link\" style=\"; background-color:#000; color:#fff\" target=\"_blank\"><span class=\"shariff-icon\" style=\"\"><svg width=\"32px\" height=\"20px\" xmlns=\"http:\/\/www.w3.org\/2000\/svg\" viewBox=\"0 0 24 24\"><path fill=\"#000\" d=\"M14.258 10.152L23.176 0h-2.113l-7.747 8.813L7.133 0H0l9.352 13.328L0 23.973h2.113l8.176-9.309 6.531 9.309h7.133zm-2.895 3.293l-.949-1.328L2.875 1.56h3.246l6.086 8.523.945 1.328 7.91 11.078h-3.246zm0 0\"\/><\/svg><\/span><span class=\"shariff-text\">teilen<\/span>&nbsp;<\/a><\/li><li class=\"shariff-button pinterest shariff-nocustomcolor\" style=\"background-color:#e70f18\"><a href=\"https:\/\/www.pinterest.com\/pin\/create\/link\/?url=https%3A%2F%2Fwww.backwinkel.de%2Fblog%2Farmutssensibles-handeln%2F&media=https%3A%2F%2Fwww.backwinkel.de%2Fblog%2Fwp-content%2Fuploads%2F2024%2F12%2FAlle_gehhoeren_dazu.jpg&description=Armutssensibles%20Handeln\" title=\"Bei Pinterest pinnen\" aria-label=\"Bei Pinterest pinnen\" role=\"button\" rel=\"noopener nofollow\" class=\"shariff-link\" style=\"; background-color:#cb2027; color:#fff\" target=\"_blank\"><span class=\"shariff-icon\" style=\"\"><svg width=\"32px\" height=\"20px\" xmlns=\"http:\/\/www.w3.org\/2000\/svg\" viewBox=\"0 0 27 32\"><path fill=\"#cb2027\" d=\"M27.4 16q0 3.7-1.8 6.9t-5 5-6.9 1.9q-2 0-3.9-0.6 1.1-1.7 1.4-2.9 0.2-0.6 1-3.8 0.4 0.7 1.3 1.2t2 0.5q2.1 0 3.8-1.2t2.7-3.4 0.9-4.8q0-2-1.1-3.8t-3.1-2.9-4.5-1.2q-1.9 0-3.5 0.5t-2.8 1.4-2 2-1.2 2.3-0.4 2.4q0 1.9 0.7 3.3t2.1 2q0.5 0.2 0.7-0.4 0-0.1 0.1-0.5t0.2-0.5q0.1-0.4-0.2-0.8-0.9-1.1-0.9-2.7 0-2.7 1.9-4.6t4.9-2q2.7 0 4.2 1.5t1.5 3.8q0 3-1.2 5.2t-3.1 2.1q-1.1 0-1.7-0.8t-0.4-1.9q0.1-0.6 0.5-1.7t0.5-1.8 0.2-1.4q0-0.9-0.5-1.5t-1.4-0.6q-1.1 0-1.9 1t-0.8 2.6q0 1.3 0.4 2.2l-1.8 7.5q-0.3 1.2-0.2 3.2-3.7-1.6-6-5t-2.3-7.6q0-3.7 1.9-6.9t5-5 6.9-1.9 6.9 1.9 5 5 1.8 6.9z\"\/><\/svg><\/span><span class=\"shariff-text\">merken<\/span>&nbsp;<\/a><\/li><li class=\"shariff-button mailto shariff-nocustomcolor\" style=\"background-color:#a8a8a8\"><a href=\"mailto:?body=https%3A%2F%2Fwww.backwinkel.de%2Fblog%2Farmutssensibles-handeln%2F&subject=Armutssensibles%20Handeln\" title=\"Per E-Mail versenden\" aria-label=\"Per E-Mail versenden\" role=\"button\" rel=\"noopener nofollow\" class=\"shariff-link\" style=\"; background-color:#999; color:#fff\"><span class=\"shariff-icon\" style=\"\"><svg width=\"32px\" height=\"20px\" xmlns=\"http:\/\/www.w3.org\/2000\/svg\" viewBox=\"0 0 32 32\"><path fill=\"#999\" d=\"M32 12.7v14.2q0 1.2-0.8 2t-2 0.9h-26.3q-1.2 0-2-0.9t-0.8-2v-14.2q0.8 0.9 1.8 1.6 6.5 4.4 8.9 6.1 1 0.8 1.6 1.2t1.7 0.9 2 0.4h0.1q0.9 0 2-0.4t1.7-0.9 1.6-1.2q3-2.2 8.9-6.1 1-0.7 1.8-1.6zM32 7.4q0 1.4-0.9 2.7t-2.2 2.2q-6.7 4.7-8.4 5.8-0.2 0.1-0.7 0.5t-1 0.7-0.9 0.6-1.1 0.5-0.9 0.2h-0.1q-0.4 0-0.9-0.2t-1.1-0.5-0.9-0.6-1-0.7-0.7-0.5q-1.6-1.1-4.7-3.2t-3.6-2.6q-1.1-0.7-2.1-2t-1-2.5q0-1.4 0.7-2.3t2.1-0.9h26.3q1.2 0 2 0.8t0.9 2z\"\/><\/svg><\/span><span class=\"shariff-text\">E-Mail<\/span>&nbsp;<\/a><\/li><\/ul><\/div>\n<\/div><\/section><br \/>\n<div  class='tabcontainer av-jlq8shhr-81242121e684ca07ed7e4b689c7d9116 top_tab  avia-builder-el-42  el_after_av_textblock  el_before_av_hr '>\n<section class='av_tab_section av_tab_section av-4w8jsn-bbdf9e923dedb1db49ad7c5dc47ef632' ><div id='tab-id-1-tab' class='tab active_tab' role='tab' aria-selected=\"true\" tabindex=\"0\" data-fake-id='#tab-id-1' aria-controls='tab-id-1-content' >Das BACKWINKEL-Blog-Team:<\/div><div id='tab-id-1-content' class='tab_content active_tab_content' role='tabpanel' aria-labelledby='tab-id-1-tab' aria-hidden=\"false\"><div class='tab_inner_content invers-color' ><p>Gibts auch ein Gesicht hinter dem BACKWINKEL-Blog? Nat\u00fcrlich. Sogar f\u00fcnf \ud83d\ude0a. Wir \u2013 Lukas, Marvin und Tatjana \u2013 bespielen unseren Blog im LACHEN LEBEN LERNEN-Firmensitz in Hattingen.<br \/>\nLukas kennt Onlinemarketing wie seine Westentasche, w\u00e4hrend Marvin unseren Beitr\u00e4gen den passenden gestalterischen Rahmen gibt und Tatjana mit dem gr\u00fcnen Korrekturstift alles pr\u00fcfend be\u00e4ugt, was unsere Freelancerautorinnen Elisa und Christine (und gern auch Gastautoren) aus der Ferne f\u00fcr den BACKWINKEL-Blog nach ordentlicher Recherche schreiben.<br \/>\nGemeinsam suchen wir st\u00e4ndig nach neuen, aufregenden Themen rund um das Thema Bildung im Kiga, der Schule und zu Hause. Und weil Sie da an der Quelle sitzen, freuen wir uns auf Ihre konstruktiven R\u00fcckmeldungen und Anregungen an blog[@]backwinkel.de<br \/>\nViel Spa\u00df beim LACHEN LESEN LERNEN!<\/p>\n<\/div><\/div><\/section>\n<\/div><br \/>\n\n<style type=\"text\/css\" data-created_by=\"avia_inline_auto\" id=\"style-css-av-jkuvdh82-b6ea5d9aca5d02d0d62bf300de93e492\">\n#top .hr.av-jkuvdh82-b6ea5d9aca5d02d0d62bf300de93e492{\nmargin-top:10px;\nmargin-bottom:10px;\n}\n.hr.av-jkuvdh82-b6ea5d9aca5d02d0d62bf300de93e492 .hr-inner{\nwidth:500;\n}\n<\/style>\n<div  class='hr av-jkuvdh82-b6ea5d9aca5d02d0d62bf300de93e492 hr-custom  avia-builder-el-43  el_after_av_tab_container  el_before_av_heading  hr-left hr-icon-no'><span class='hr-inner inner-border-av-border-thin'><span class=\"hr-inner-style\"><\/span><\/span><\/div><br \/>\n\n<style type=\"text\/css\" data-created_by=\"avia_inline_auto\" id=\"style-css-av-2rgq8p-eea5960d1a3bca7958b11dcc59b35b67\">\n#top .av-special-heading.av-2rgq8p-eea5960d1a3bca7958b11dcc59b35b67{\npadding-bottom:10px;\n}\nbody .av-special-heading.av-2rgq8p-eea5960d1a3bca7958b11dcc59b35b67 .av-special-heading-tag .heading-char{\nfont-size:25px;\n}\n.av-special-heading.av-2rgq8p-eea5960d1a3bca7958b11dcc59b35b67 .av-subheading{\nfont-size:15px;\n}\n<\/style>\n<div  class='av-special-heading av-2rgq8p-eea5960d1a3bca7958b11dcc59b35b67 av-special-heading-h3 blockquote modern-quote  avia-builder-el-44  el_after_av_hr  el_before_av_blog '><h3 class='av-special-heading-tag '  >PASSENDE BEITR\u00c4GE<\/h3><div class=\"special-heading-border\"><div class=\"special-heading-inner-border\"><\/div><\/div><\/div><br \/>\n<div  data-slideshow-options=\"{&quot;animation&quot;:&quot;fade&quot;,&quot;autoplay&quot;:false,&quot;loop_autoplay&quot;:&quot;once&quot;,&quot;interval&quot;:5,&quot;loop_manual&quot;:&quot;manual-endless&quot;,&quot;autoplay_stopper&quot;:false,&quot;noNavigation&quot;:false,&quot;show_slide_delay&quot;:90}\" class='avia-content-slider avia-content-grid-active avia-content-slider1 avia-content-slider-odd  avia-builder-el-45  el_after_av_heading  avia-builder-el-last  av-slideshow-ui av-control-default   av-no-slider-navigation av-slideshow-manual av-loop-once av-loop-manual-endless ' ><div class=\"avia-content-slider-inner\"><div class=\"slide-entry-wrap\"><article class='slide-entry flex_column  post-entry post-entry-18633 slide-entry-overview slide-loop-1 slide-parity-odd  av_one_third first real-thumbnail posttype-post post-format-standard' ><a href='https:\/\/www.backwinkel.de\/blog\/plastik-recyceln\/' data-rel='slide-1' class='slide-image' title='Plastik recyceln'><img decoding=\"async\" fetchpriority=\"high\" width=\"1200\" height=\"628\" src=\"https:\/\/www.backwinkel.de\/blog\/wp-content\/uploads\/2026\/04\/04_Kiga_Plastik_nachhaltig_nutzen.jpg\" class=\"wp-image-18713 avia-img-lazy-loading-not-18713 attachment-no scaling size-no scaling wp-post-image\" alt=\"\" \/><\/a><div class=\"slide-content\"><header class=\"entry-content-header\" aria-label=\"Slide: Plastik recyceln\"><h3 class='slide-entry-title entry-title ' ><a href='https:\/\/www.backwinkel.de\/blog\/plastik-recyceln\/' title='Plastik recyceln'>Plastik recyceln<\/a><\/h3><span class=\"blog-categories minor-meta\"><a href=\"https:\/\/www.backwinkel.de\/blog\/category\/kindergarten-kita\/\" rel=\"tag\">Kindergarten<\/a> <\/span><span class=\"av-vertical-delimiter\"><\/span><\/header><div class='slide-entry-excerpt entry-content' >Biokunststoff f\u00fcr St\u00fchle, Materialboxen, Spielzeug und Rucks\u00e4cke<\/div><\/div><footer class=\"entry-footer\"><div class=\"slide-meta\"><time class='slide-meta-time updated' >14. April 2026<\/time><\/div><\/footer><\/article><article class='slide-entry flex_column  post-entry post-entry-18716 slide-entry-overview slide-loop-2 slide-parity-even  av_one_third  real-thumbnail posttype-post post-format-standard' ><a href='https:\/\/www.backwinkel.de\/blog\/rechnen-im-anfangsunterricht\/' data-rel='slide-1' class='slide-image' title='Rechnen im Anfangsunterricht'><img decoding=\"async\" fetchpriority=\"high\" width=\"1200\" height=\"628\" src=\"https:\/\/www.backwinkel.de\/blog\/wp-content\/uploads\/2026\/04\/04_Schule_Rechnen_anfangsunterricht.jpg\" class=\"wp-image-18748 avia-img-lazy-loading-not-18748 attachment-no scaling size-no scaling wp-post-image\" alt=\"\" \/><\/a><div class=\"slide-content\"><header class=\"entry-content-header\" aria-label=\"Slide: Rechnen im Anfangsunterricht\"><h3 class='slide-entry-title entry-title ' ><a href='https:\/\/www.backwinkel.de\/blog\/rechnen-im-anfangsunterricht\/' title='Rechnen im Anfangsunterricht'>Rechnen im Anfangsunterricht<\/a><\/h3><span class=\"blog-categories minor-meta\"><a href=\"https:\/\/www.backwinkel.de\/blog\/category\/schule-grundschule\/\" rel=\"tag\">Schule<\/a> <\/span><span class=\"av-vertical-delimiter\"><\/span><\/header><div class='slide-entry-excerpt entry-content' >Das Klassenzimmer als Lernlandschaft<\/div><\/div><footer class=\"entry-footer\"><div class=\"slide-meta\"><time class='slide-meta-time updated' >14. April 2026<\/time><\/div><\/footer><\/article><article class='slide-entry flex_column  post-entry post-entry-18372 slide-entry-overview slide-loop-3 slide-parity-odd  post-entry-last  av_one_third  real-thumbnail posttype-post post-format-standard' ><a href='https:\/\/www.backwinkel.de\/blog\/kranke-kinder-im-kindergarten\/' data-rel='slide-1' class='slide-image' title='Kranke Kinder im Kindergarten'><img decoding=\"async\" fetchpriority=\"high\" width=\"1200\" height=\"628\" src=\"https:\/\/www.backwinkel.de\/blog\/wp-content\/uploads\/2026\/03\/03_Kiga_Kranke_Kinder.jpg\" class=\"wp-image-18451 avia-img-lazy-loading-not-18451 attachment-no scaling size-no scaling wp-post-image\" alt=\"Thema: Kranke Kinder. Auf dem Bild ist ein krankes kleines M\u00e4dchen zu sehen. Eine Frau mit einem Fieberthermometer in der Hand sitzt neben ihr und hat die Hand auf der Stirn des M\u00e4dchens.\" \/><\/a><div class=\"slide-content\"><header class=\"entry-content-header\" aria-label=\"Slide: Kranke Kinder im Kindergarten\"><h3 class='slide-entry-title entry-title ' ><a href='https:\/\/www.backwinkel.de\/blog\/kranke-kinder-im-kindergarten\/' title='Kranke Kinder im Kindergarten'>Kranke Kinder im Kindergarten<\/a><\/h3><span class=\"blog-categories minor-meta\"><a href=\"https:\/\/www.backwinkel.de\/blog\/category\/kindergarten-kita\/\" rel=\"tag\">Kindergarten<\/a> <\/span><span class=\"av-vertical-delimiter\"><\/span><\/header><div class='slide-entry-excerpt entry-content' >Auswirkungen f\u00fcr Kinder, Eltern und Fachkr\u00e4fte<\/div><\/div><footer class=\"entry-footer\"><div class=\"slide-meta\"><time class='slide-meta-time updated' >9. M\u00e4rz 2026<\/time><\/div><\/footer><\/article><\/div><\/div><\/div><\/p><\/div>\n","protected":false},"excerpt":{"rendered":"<p>Mit diesen Tipps erm\u00f6glichen Sie allen Kindern Teilhabe <\/p>\n","protected":false},"author":1,"featured_media":15676,"comment_status":"closed","ping_status":"closed","sticky":false,"template":"","format":"standard","meta":{"inline_featured_image":false,"footnotes":""},"categories":[5],"tags":[],"class_list":["post-15615","post","type-post","status-publish","format-standard","has-post-thumbnail","hentry","category-kindergarten-kita"],"yoast_head":"<!-- This site is optimized with the Yoast SEO plugin v27.4 - https:\/\/yoast.com\/product\/yoast-seo-wordpress\/ -->\n<title>Armutssensibles Handeln | BACKWINKEL Blog<\/title>\n<meta name=\"description\" content=\"Armutssensibles Handeln: Armut erkennen, eigene Vorurteile reflektieren und betroffene Kinder f\u00f6rdern, mit erprobten Praxistipps \u00bb Jetzt lesen\" \/>\n<meta name=\"robots\" content=\"index, follow, max-snippet:-1, max-image-preview:large, max-video-preview:-1\" \/>\n<link rel=\"canonical\" href=\"https:\/\/www.backwinkel.de\/blog\/armutssensibles-handeln\/\" \/>\n<meta property=\"og:locale\" content=\"de_DE\" \/>\n<meta property=\"og:type\" content=\"article\" \/>\n<meta property=\"og:title\" content=\"Armutssensibles Handeln | BACKWINKEL Blog\" \/>\n<meta property=\"og:description\" content=\"Armutssensibles Handeln: Armut erkennen, eigene Vorurteile reflektieren und betroffene Kinder f\u00f6rdern, mit erprobten Praxistipps \u00bb Jetzt lesen\" \/>\n<meta property=\"og:url\" content=\"https:\/\/www.backwinkel.de\/blog\/armutssensibles-handeln\/\" \/>\n<meta property=\"og:site_name\" content=\"BACKWINKEL Blog\" \/>\n<meta property=\"article:published_time\" content=\"2024-12-10T08:15:42+00:00\" \/>\n<meta property=\"article:modified_time\" content=\"2026-04-27T06:13:36+00:00\" \/>\n<meta property=\"og:image\" content=\"https:\/\/www.backwinkel.de\/blog\/wp-content\/uploads\/2024\/12\/Alle_gehhoeren_dazu.jpg\" \/>\n\t<meta property=\"og:image:width\" content=\"1200\" \/>\n\t<meta property=\"og:image:height\" content=\"628\" \/>\n\t<meta property=\"og:image:type\" content=\"image\/jpeg\" \/>\n<meta name=\"author\" content=\"admin_backwinkel\" \/>\n<meta name=\"twitter:card\" content=\"summary_large_image\" \/>\n<meta name=\"twitter:label1\" content=\"Verfasst von\" \/>\n\t<meta name=\"twitter:data1\" content=\"admin_backwinkel\" \/>\n\t<meta name=\"twitter:label2\" content=\"Gesch\u00e4tzte Lesezeit\" \/>\n\t<meta name=\"twitter:data2\" content=\"26\u00a0Minuten\" \/>\n<script type=\"application\/ld+json\" class=\"yoast-schema-graph\">{\"@context\":\"https:\\\/\\\/schema.org\",\"@graph\":[{\"@type\":\"Article\",\"@id\":\"https:\\\/\\\/www.backwinkel.de\\\/blog\\\/armutssensibles-handeln\\\/#article\",\"isPartOf\":{\"@id\":\"https:\\\/\\\/www.backwinkel.de\\\/blog\\\/armutssensibles-handeln\\\/\"},\"author\":{\"name\":\"admin_backwinkel\",\"@id\":\"https:\\\/\\\/www.backwinkel.de\\\/blog\\\/#\\\/schema\\\/person\\\/88b842297c0e471020a66f4476633cf2\"},\"headline\":\"Armutssensibles Handeln\",\"datePublished\":\"2024-12-10T08:15:42+00:00\",\"dateModified\":\"2026-04-27T06:13:36+00:00\",\"mainEntityOfPage\":{\"@id\":\"https:\\\/\\\/www.backwinkel.de\\\/blog\\\/armutssensibles-handeln\\\/\"},\"wordCount\":7712,\"image\":{\"@id\":\"https:\\\/\\\/www.backwinkel.de\\\/blog\\\/armutssensibles-handeln\\\/#primaryimage\"},\"thumbnailUrl\":\"https:\\\/\\\/www.backwinkel.de\\\/blog\\\/wp-content\\\/uploads\\\/2024\\\/12\\\/Alle_gehhoeren_dazu.jpg\",\"articleSection\":[\"Kindergarten\"],\"inLanguage\":\"de\"},{\"@type\":\"WebPage\",\"@id\":\"https:\\\/\\\/www.backwinkel.de\\\/blog\\\/armutssensibles-handeln\\\/\",\"url\":\"https:\\\/\\\/www.backwinkel.de\\\/blog\\\/armutssensibles-handeln\\\/\",\"name\":\"Armutssensibles Handeln | BACKWINKEL Blog\",\"isPartOf\":{\"@id\":\"https:\\\/\\\/www.backwinkel.de\\\/blog\\\/#website\"},\"primaryImageOfPage\":{\"@id\":\"https:\\\/\\\/www.backwinkel.de\\\/blog\\\/armutssensibles-handeln\\\/#primaryimage\"},\"image\":{\"@id\":\"https:\\\/\\\/www.backwinkel.de\\\/blog\\\/armutssensibles-handeln\\\/#primaryimage\"},\"thumbnailUrl\":\"https:\\\/\\\/www.backwinkel.de\\\/blog\\\/wp-content\\\/uploads\\\/2024\\\/12\\\/Alle_gehhoeren_dazu.jpg\",\"datePublished\":\"2024-12-10T08:15:42+00:00\",\"dateModified\":\"2026-04-27T06:13:36+00:00\",\"author\":{\"@id\":\"https:\\\/\\\/www.backwinkel.de\\\/blog\\\/#\\\/schema\\\/person\\\/88b842297c0e471020a66f4476633cf2\"},\"description\":\"Armutssensibles Handeln: Armut erkennen, eigene Vorurteile reflektieren und betroffene Kinder f\u00f6rdern, mit erprobten Praxistipps \u00bb Jetzt lesen\",\"breadcrumb\":{\"@id\":\"https:\\\/\\\/www.backwinkel.de\\\/blog\\\/armutssensibles-handeln\\\/#breadcrumb\"},\"inLanguage\":\"de\",\"potentialAction\":[{\"@type\":\"ReadAction\",\"target\":[\"https:\\\/\\\/www.backwinkel.de\\\/blog\\\/armutssensibles-handeln\\\/\"]}]},{\"@type\":\"ImageObject\",\"inLanguage\":\"de\",\"@id\":\"https:\\\/\\\/www.backwinkel.de\\\/blog\\\/armutssensibles-handeln\\\/#primaryimage\",\"url\":\"https:\\\/\\\/www.backwinkel.de\\\/blog\\\/wp-content\\\/uploads\\\/2024\\\/12\\\/Alle_gehhoeren_dazu.jpg\",\"contentUrl\":\"https:\\\/\\\/www.backwinkel.de\\\/blog\\\/wp-content\\\/uploads\\\/2024\\\/12\\\/Alle_gehhoeren_dazu.jpg\",\"width\":1200,\"height\":628},{\"@type\":\"BreadcrumbList\",\"@id\":\"https:\\\/\\\/www.backwinkel.de\\\/blog\\\/armutssensibles-handeln\\\/#breadcrumb\",\"itemListElement\":[{\"@type\":\"ListItem\",\"position\":1,\"name\":\"Startseite\",\"item\":\"https:\\\/\\\/blog.backwinkel.de\\\/aktuelles\\\/\"},{\"@type\":\"ListItem\",\"position\":2,\"name\":\"Armutssensibles Handeln\"}]},{\"@type\":\"WebSite\",\"@id\":\"https:\\\/\\\/www.backwinkel.de\\\/blog\\\/#website\",\"url\":\"https:\\\/\\\/www.backwinkel.de\\\/blog\\\/\",\"name\":\"BACKWINKEL Blog\",\"description\":\"f\u00fcr Lehrer, Erzieher und Eltern\",\"potentialAction\":[{\"@type\":\"SearchAction\",\"target\":{\"@type\":\"EntryPoint\",\"urlTemplate\":\"https:\\\/\\\/www.backwinkel.de\\\/blog\\\/?s={search_term_string}\"},\"query-input\":{\"@type\":\"PropertyValueSpecification\",\"valueRequired\":true,\"valueName\":\"search_term_string\"}}],\"inLanguage\":\"de\"},{\"@type\":\"Person\",\"@id\":\"https:\\\/\\\/www.backwinkel.de\\\/blog\\\/#\\\/schema\\\/person\\\/88b842297c0e471020a66f4476633cf2\",\"name\":\"admin_backwinkel\",\"url\":\"https:\\\/\\\/www.backwinkel.de\\\/blog\\\/author\\\/admin_backwinkel\\\/\"}]}<\/script>\n<!-- \/ Yoast SEO plugin. -->","yoast_head_json":{"title":"Armutssensibles Handeln | BACKWINKEL Blog","description":"Armutssensibles Handeln: Armut erkennen, eigene Vorurteile reflektieren und betroffene Kinder f\u00f6rdern, mit erprobten Praxistipps \u00bb Jetzt lesen","robots":{"index":"index","follow":"follow","max-snippet":"max-snippet:-1","max-image-preview":"max-image-preview:large","max-video-preview":"max-video-preview:-1"},"canonical":"https:\/\/www.backwinkel.de\/blog\/armutssensibles-handeln\/","og_locale":"de_DE","og_type":"article","og_title":"Armutssensibles Handeln | BACKWINKEL Blog","og_description":"Armutssensibles Handeln: Armut erkennen, eigene Vorurteile reflektieren und betroffene Kinder f\u00f6rdern, mit erprobten Praxistipps \u00bb Jetzt lesen","og_url":"https:\/\/www.backwinkel.de\/blog\/armutssensibles-handeln\/","og_site_name":"BACKWINKEL Blog","article_published_time":"2024-12-10T08:15:42+00:00","article_modified_time":"2026-04-27T06:13:36+00:00","og_image":[{"width":1200,"height":628,"url":"https:\/\/www.backwinkel.de\/blog\/wp-content\/uploads\/2024\/12\/Alle_gehhoeren_dazu.jpg","type":"image\/jpeg"}],"author":"admin_backwinkel","twitter_card":"summary_large_image","twitter_misc":{"Verfasst von":"admin_backwinkel","Gesch\u00e4tzte Lesezeit":"26\u00a0Minuten"},"schema":{"@context":"https:\/\/schema.org","@graph":[{"@type":"Article","@id":"https:\/\/www.backwinkel.de\/blog\/armutssensibles-handeln\/#article","isPartOf":{"@id":"https:\/\/www.backwinkel.de\/blog\/armutssensibles-handeln\/"},"author":{"name":"admin_backwinkel","@id":"https:\/\/www.backwinkel.de\/blog\/#\/schema\/person\/88b842297c0e471020a66f4476633cf2"},"headline":"Armutssensibles Handeln","datePublished":"2024-12-10T08:15:42+00:00","dateModified":"2026-04-27T06:13:36+00:00","mainEntityOfPage":{"@id":"https:\/\/www.backwinkel.de\/blog\/armutssensibles-handeln\/"},"wordCount":7712,"image":{"@id":"https:\/\/www.backwinkel.de\/blog\/armutssensibles-handeln\/#primaryimage"},"thumbnailUrl":"https:\/\/www.backwinkel.de\/blog\/wp-content\/uploads\/2024\/12\/Alle_gehhoeren_dazu.jpg","articleSection":["Kindergarten"],"inLanguage":"de"},{"@type":"WebPage","@id":"https:\/\/www.backwinkel.de\/blog\/armutssensibles-handeln\/","url":"https:\/\/www.backwinkel.de\/blog\/armutssensibles-handeln\/","name":"Armutssensibles Handeln | BACKWINKEL Blog","isPartOf":{"@id":"https:\/\/www.backwinkel.de\/blog\/#website"},"primaryImageOfPage":{"@id":"https:\/\/www.backwinkel.de\/blog\/armutssensibles-handeln\/#primaryimage"},"image":{"@id":"https:\/\/www.backwinkel.de\/blog\/armutssensibles-handeln\/#primaryimage"},"thumbnailUrl":"https:\/\/www.backwinkel.de\/blog\/wp-content\/uploads\/2024\/12\/Alle_gehhoeren_dazu.jpg","datePublished":"2024-12-10T08:15:42+00:00","dateModified":"2026-04-27T06:13:36+00:00","author":{"@id":"https:\/\/www.backwinkel.de\/blog\/#\/schema\/person\/88b842297c0e471020a66f4476633cf2"},"description":"Armutssensibles Handeln: Armut erkennen, eigene Vorurteile reflektieren und betroffene Kinder f\u00f6rdern, mit erprobten Praxistipps \u00bb Jetzt lesen","breadcrumb":{"@id":"https:\/\/www.backwinkel.de\/blog\/armutssensibles-handeln\/#breadcrumb"},"inLanguage":"de","potentialAction":[{"@type":"ReadAction","target":["https:\/\/www.backwinkel.de\/blog\/armutssensibles-handeln\/"]}]},{"@type":"ImageObject","inLanguage":"de","@id":"https:\/\/www.backwinkel.de\/blog\/armutssensibles-handeln\/#primaryimage","url":"https:\/\/www.backwinkel.de\/blog\/wp-content\/uploads\/2024\/12\/Alle_gehhoeren_dazu.jpg","contentUrl":"https:\/\/www.backwinkel.de\/blog\/wp-content\/uploads\/2024\/12\/Alle_gehhoeren_dazu.jpg","width":1200,"height":628},{"@type":"BreadcrumbList","@id":"https:\/\/www.backwinkel.de\/blog\/armutssensibles-handeln\/#breadcrumb","itemListElement":[{"@type":"ListItem","position":1,"name":"Startseite","item":"https:\/\/blog.backwinkel.de\/aktuelles\/"},{"@type":"ListItem","position":2,"name":"Armutssensibles Handeln"}]},{"@type":"WebSite","@id":"https:\/\/www.backwinkel.de\/blog\/#website","url":"https:\/\/www.backwinkel.de\/blog\/","name":"BACKWINKEL Blog","description":"f\u00fcr Lehrer, Erzieher und Eltern","potentialAction":[{"@type":"SearchAction","target":{"@type":"EntryPoint","urlTemplate":"https:\/\/www.backwinkel.de\/blog\/?s={search_term_string}"},"query-input":{"@type":"PropertyValueSpecification","valueRequired":true,"valueName":"search_term_string"}}],"inLanguage":"de"},{"@type":"Person","@id":"https:\/\/www.backwinkel.de\/blog\/#\/schema\/person\/88b842297c0e471020a66f4476633cf2","name":"admin_backwinkel","url":"https:\/\/www.backwinkel.de\/blog\/author\/admin_backwinkel\/"}]}},"_links":{"self":[{"href":"https:\/\/www.backwinkel.de\/blog\/wp-json\/wp\/v2\/posts\/15615","targetHints":{"allow":["GET"]}}],"collection":[{"href":"https:\/\/www.backwinkel.de\/blog\/wp-json\/wp\/v2\/posts"}],"about":[{"href":"https:\/\/www.backwinkel.de\/blog\/wp-json\/wp\/v2\/types\/post"}],"author":[{"embeddable":true,"href":"https:\/\/www.backwinkel.de\/blog\/wp-json\/wp\/v2\/users\/1"}],"replies":[{"embeddable":true,"href":"https:\/\/www.backwinkel.de\/blog\/wp-json\/wp\/v2\/comments?post=15615"}],"version-history":[{"count":2,"href":"https:\/\/www.backwinkel.de\/blog\/wp-json\/wp\/v2\/posts\/15615\/revisions"}],"predecessor-version":[{"id":19004,"href":"https:\/\/www.backwinkel.de\/blog\/wp-json\/wp\/v2\/posts\/15615\/revisions\/19004"}],"wp:featuredmedia":[{"embeddable":true,"href":"https:\/\/www.backwinkel.de\/blog\/wp-json\/wp\/v2\/media\/15676"}],"wp:attachment":[{"href":"https:\/\/www.backwinkel.de\/blog\/wp-json\/wp\/v2\/media?parent=15615"}],"wp:term":[{"taxonomy":"category","embeddable":true,"href":"https:\/\/www.backwinkel.de\/blog\/wp-json\/wp\/v2\/categories?post=15615"},{"taxonomy":"post_tag","embeddable":true,"href":"https:\/\/www.backwinkel.de\/blog\/wp-json\/wp\/v2\/tags?post=15615"}],"curies":[{"name":"wp","href":"https:\/\/api.w.org\/{rel}","templated":true}]}}