{"id":15510,"date":"2024-11-11T09:17:42","date_gmt":"2024-11-11T08:17:42","guid":{"rendered":"https:\/\/www.backwinkel.de\/blog\/?p=15510"},"modified":"2026-04-27T08:14:10","modified_gmt":"2026-04-27T06:14:10","slug":"klimafreundliche-schule","status":"publish","type":"post","link":"https:\/\/www.backwinkel.de\/blog\/klimafreundliche-schule\/","title":{"rendered":"Klimafreundliche Schule"},"content":{"rendered":"\n<style type=\"text\/css\" data-created_by=\"avia_inline_auto\" id=\"style-css-av-8vdv8-f7e0dae999cc49bc529a70f67b346526\">\n.flex_column.av-8vdv8-f7e0dae999cc49bc529a70f67b346526{\nborder-radius:0px 0px 0px 0px;\npadding:0px 0px 0px 0px;\n}\n<\/style>\n<div  class='flex_column av-8vdv8-f7e0dae999cc49bc529a70f67b346526 av_one_full  avia-builder-el-0  el_before_av_three_fifth  avia-builder-el-first  first flex_column_div av-zero-column-padding  '     ><p>\n<style type=\"text\/css\" data-created_by=\"avia_inline_auto\" id=\"style-css-av-jl6mo8rj-605eccf9df0dce9c3ffb6a57636da99d\">\n#top .hr.hr-invisible.av-jl6mo8rj-605eccf9df0dce9c3ffb6a57636da99d{\nmargin-top:0px;\nheight:1px;\n}\n<\/style>\n<div  class='hr av-jl6mo8rj-605eccf9df0dce9c3ffb6a57636da99d hr-invisible  avia-builder-el-1  el_before_av_heading  avia-builder-el-first '><span class='hr-inner '><span class=\"hr-inner-style\"><\/span><\/span><\/div><br \/>\n\n<style type=\"text\/css\" data-created_by=\"avia_inline_auto\" id=\"style-css-av-27gdg7-fbd97370fd72b480457f4ebbe0a63f9d\">\n#top .av-special-heading.av-27gdg7-fbd97370fd72b480457f4ebbe0a63f9d{\npadding-bottom:10px;\n}\nbody .av-special-heading.av-27gdg7-fbd97370fd72b480457f4ebbe0a63f9d .av-special-heading-tag .heading-char{\nfont-size:25px;\n}\n.av-special-heading.av-27gdg7-fbd97370fd72b480457f4ebbe0a63f9d .av-subheading{\nfont-size:15px;\n}\n<\/style>\n<div  class='av-special-heading av-27gdg7-fbd97370fd72b480457f4ebbe0a63f9d av-special-heading-h1 blockquote modern-quote  avia-builder-el-2  el_after_av_hr  el_before_av_post_metadata  av-linked-heading'><h1 class='av-special-heading-tag '  >Klimafreundliche Schule: Diese Ideen und Tipps helfen dabei, selbst zum Klimaschutz beizutragen <\/h1><div class='av-subheading av-subheading_below'><p class=\"autorenname\">Elisa Morel<\/p>\n<\/div><div class=\"special-heading-border\"><div class=\"special-heading-inner-border\"><\/div><\/div><\/div><br \/>\n\n<style type=\"text\/css\" data-created_by=\"avia_inline_auto\" id=\"style-css-av-1j1w2hi-a6abee361a835011cda3668fdcdd5f56\">\n#top .av-post-metadata-container.av-1j1w2hi-a6abee361a835011cda3668fdcdd5f56{\nfont-size:12px;\n}\n#top .av-post-metadata-container.av-1j1w2hi-a6abee361a835011cda3668fdcdd5f56 .av-post-metadata-container-inner{\nfont-size:12px;\n}\n<\/style>\n<div  class='av-post-metadata-container av-1j1w2hi-a6abee361a835011cda3668fdcdd5f56 av-metadata-container-align-left  avia-builder-el-3  el_after_av_heading  el_before_av_textblock  av-metadata-container-1'><div class='av-post-metadata-container-inner'><span class=\"av-post-metadata-content av-post-metadata-meta-content\"><span class=\"av-post-metadata-content av-post-metadata-modified\"><span class=\"av-metadata-before av-metadata-before-modified\">Aktualisiert:<\/span><span class=\"av-post-metadata-modified-date\" >27. April 2026<\/span><\/span><span class=\"av-post-metadata-content av-post-metadata-separator\">\/<\/span><span class=\"av-post-metadata-content av-post-metadata-modified\"><span class=\"av-metadata-before av-metadata-before-modified\">Zuletzt aktualisiert:<\/span><span class=\"av-post-metadata-modified-date\" >27. April 2026<\/span><\/span><\/span><\/div><\/div><br \/>\n\n<style type=\"text\/css\" data-created_by=\"avia_inline_auto\" id=\"style-css-av-jkuubohz-bbd292769511b836e32d8da8e9450d9c\">\n#top .av_textblock_section.av-jkuubohz-bbd292769511b836e32d8da8e9450d9c .avia_textblock{\nfont-size:20px;\n}\n<\/style>\n<section  class='av_textblock_section av-jkuubohz-bbd292769511b836e32d8da8e9450d9c '  ><div class='avia_textblock' ><p>M\u00fclltrennung, Energiesparen, richtiges L\u00fcften und nachhaltige Materialien: In Schulen wird der Klimaschutz schon in vielen Bereichen betrieben. Trotzdem ist der CO<sub>2<\/sub>-Aussto\u00df von Schulen hoch, und nicht immer liegt es in der Macht der Lehrenden, das zu \u00e4ndern.<\/p>\n<\/div><\/section><br \/>\n\n<style type=\"text\/css\" data-created_by=\"avia_inline_auto\" id=\"style-css-av-jkuuo5h6-3fe9b5e455605ddb79d9b9440e86ee78\">\n.avia-image-container.av-jkuuo5h6-3fe9b5e455605ddb79d9b9440e86ee78 img.avia_image{\nbox-shadow:none;\n}\n.avia-image-container.av-jkuuo5h6-3fe9b5e455605ddb79d9b9440e86ee78 .av-image-caption-overlay-center{\ncolor:#ffffff;\n}\n<\/style>\n<div  class='avia-image-container av-jkuuo5h6-3fe9b5e455605ddb79d9b9440e86ee78 av-styling- avia-align-center  avia-builder-el-5  el_after_av_textblock  el_before_av_hr '  ><div class=\"avia-image-container-inner\"><div class=\"avia-image-overlay-wrap\"><img decoding=\"async\" fetchpriority=\"high\" class='wp-image-15568 avia-img-lazy-loading-not-15568 avia_image ' src=\"https:\/\/www.backwinkel.de\/blog\/wp-content\/uploads\/2024\/09\/Klimafreundliche_schule-heroimage.jpg\" alt='' title='Klimafreundliche_schule-heroimage'  height=\"628\" width=\"1200\"  \/><\/div><\/div><\/div><br \/>\n\n<style type=\"text\/css\" data-created_by=\"avia_inline_auto\" id=\"style-css-av-jl6mo8rj-22-7487f0754a981739ab003e89aabaa170\">\n#top .hr.hr-invisible.av-jl6mo8rj-22-7487f0754a981739ab003e89aabaa170{\nheight:5px;\n}\n<\/style>\n<div  class='hr av-jl6mo8rj-22-7487f0754a981739ab003e89aabaa170 hr-invisible  avia-builder-el-6  el_after_av_image  el_before_av_textblock '><span class='hr-inner '><span class=\"hr-inner-style\"><\/span><\/span><\/div><br \/>\n\n<style type=\"text\/css\" data-created_by=\"avia_inline_auto\" id=\"style-css-av-jl7ql86y-0004168ca5c1e8188cabe38926610bb2\">\n#top .av_textblock_section.av-jl7ql86y-0004168ca5c1e8188cabe38926610bb2 .avia_textblock{\nfont-size:10px;\n}\n<\/style>\n<section  class='av_textblock_section av-jl7ql86y-0004168ca5c1e8188cabe38926610bb2 '  ><div class='avia_textblock' ><p class=\"bildnennung-beitrag\" style=\"text-align: left;\">\u00a9 ADOBE Stock<\/p>\n<\/div><\/section><br \/>\n\n<style type=\"text\/css\" data-created_by=\"avia_inline_auto\" id=\"style-css-av-jl6mo8rj-20-0a5ac640218ac986cc09276001136948\">\n#top .hr.hr-invisible.av-jl6mo8rj-20-0a5ac640218ac986cc09276001136948{\nheight:20px;\n}\n<\/style>\n<div  class='hr av-jl6mo8rj-20-0a5ac640218ac986cc09276001136948 hr-invisible  avia-builder-el-8  el_after_av_textblock  el_before_av_textblock '><span class='hr-inner '><span class=\"hr-inner-style\"><\/span><\/span><\/div><br \/>\n<section  class='av_textblock_section av-jkuubohz-21-75c91343a207bf8690976a030a515e24 '  ><div class='avia_textblock' ><p>Welche einfachen M\u00f6glichkeiten es gibt, um im Schulalltag (noch) klimafreundlicher zu werden und wie Sie Ihren Kindern Klimaschutz spannend und interaktiv vermitteln, erfahren Sie in diesem Beitrag.<\/p>\n<\/div><\/section><\/p><\/div>\n<style type=\"text\/css\" data-created_by=\"avia_inline_auto\" id=\"style-css-av-swqf9-6bb490ea0cbb171c9d159bb967226129\">\n.flex_column.av-swqf9-6bb490ea0cbb171c9d159bb967226129{\nborder-radius:0px 0px 0px 0px;\npadding:20px 20px 20px 20px;\nbackground-color:#f2f2f2;\n}\n<\/style>\n<div  class='flex_column av-swqf9-6bb490ea0cbb171c9d159bb967226129 av_three_fifth  avia-builder-el-10  el_after_av_one_full  el_before_av_two_fifth  first flex_column_div  column-top-margin'     ><style type=\"text\/css\" data-created_by=\"avia_inline_auto\" id=\"style-css-av-jkuua5r2-f1beb4b164a3aefc9a751750d41d5b8e\">\n#top .av_textblock_section.av-jkuua5r2-f1beb4b164a3aefc9a751750d41d5b8e .avia_textblock{\nfont-size:14px;\n}\n<\/style>\n<section  class='av_textblock_section av-jkuua5r2-f1beb4b164a3aefc9a751750d41d5b8e '  ><div class='avia_textblock' ><p><strong>Inhalt<\/strong><\/p>\n<p><strong><a href=\"#1\">1. Zahlen, Daten und Fakten zum CO<sub>2<\/sub>-Aussto\u00df von Schulen<\/a><\/strong><\/p>\n<p><strong><a href=\"#2\">2. Aktionen und Projekte zum Klimaschutz <\/a><br \/>\n<\/strong>2.1. Klimabewusstsein durch Bildung<br \/>\n2.2. Klimafreundlichkeit durch Einsparung<br \/>\n2.3. Klimafreundlichkeit durch Kompensation<\/p>\n<p><strong><a href=\"#3\">3. Siegel, Wettbewerbe und Zertifikate f\u00fcr Klimafreundlichkeit <\/a><\/strong><\/p>\n<\/div><\/section><\/div><\/p>\n\n<style type=\"text\/css\" data-created_by=\"avia_inline_auto\" id=\"style-css-av-2532d-6e1ea05e25305745634c0a02c87dc827\">\n.flex_column.av-2532d-6e1ea05e25305745634c0a02c87dc827{\nborder-radius:0px 0px 0px 0px;\npadding:0 0 0 0;\n}\n<\/style>\n<div  class='flex_column av-2532d-6e1ea05e25305745634c0a02c87dc827 av_two_fifth  avia-builder-el-12  el_after_av_three_fifth  el_before_av_sidebar  flex_column_div av-zero-column-padding  column-top-margin'     ><\/div>\n<div  class='avia-builder-widget-area clearfix  avia-builder-el-13  el_after_av_two_fifth  el_before_av_one_full '><div id=\"text-34\" class=\"widget clearfix widget_text\">\t\t\t<div class=\"textwidget\"><p><a href=\"https:\/\/www.backwinkel.de\/nachhaltig-denken\/\" target=\"\\_blank\" rel=\"noopener\"><br \/>\n<img decoding=\"async\" class=\"werbung-desktop alignnone wp-image-4186 size-full\" src=\"https:\/\/www.backwinkel.de\/blog\/wp-content\/uploads\/2026\/04\/Backwinkel-blog-werbebanner-shop-schule_desktop.jpg\" alt=\"\" width=\"1251\" height=\"201\" \/><br \/>\n<\/a><br \/>\n<a href=\"https:\/\/www.backwinkel.de\/nachhaltig-denken\/\" target=\"\\_blank\" rel=\"noopener\"><br \/>\n<img decoding=\"async\" class=\"werbung-mobile alignnone wp-image-4187 size-full\" src=\"https:\/\/www.backwinkel.de\/blog\/wp-content\/uploads\/2026\/04\/Backwinkel-blog-werbebanner-shop-schule_mobile.jpg\" alt=\"\" width=\"550\" height=\"500\" \/><br \/>\n<\/a><\/p>\n<\/div>\n\t\t<\/div><\/div>\n\n<style type=\"text\/css\" data-created_by=\"avia_inline_auto\" id=\"style-css-av-hh5al-9c53459d093ff912fcc98cf97e19d753\">\n.flex_column.av-hh5al-9c53459d093ff912fcc98cf97e19d753{\nborder-radius:0px 0px 0px 0px;\npadding:0px 0px 0px 0px;\n}\n<\/style>\n<div  class='flex_column av-hh5al-9c53459d093ff912fcc98cf97e19d753 av_one_full  avia-builder-el-14  el_after_av_sidebar  el_before_av_hr  first flex_column_div av-zero-column-padding  '     ><section  class='av_textblock_section av-jkuul0eg-c8007ced910eec869d85a4d2f40b896b '  ><div class='avia_textblock' >\n<style type=\"text\/css\" data-created_by=\"avia_inline_auto\" id=\"style-css-av-7c7r8-1ad3209b7b9ea9c60cc97e362d76ea5e\">\n#top .hr.hr-invisible.av-7c7r8-1ad3209b7b9ea9c60cc97e362d76ea5e{\nheight:20px;\n}\n<\/style>\n<div  class='hr av-7c7r8-1ad3209b7b9ea9c60cc97e362d76ea5e hr-invisible  avia-builder-el-16  avia-builder-el-no-sibling '><span class='hr-inner '><span class=\"hr-inner-style\"><\/span><\/span><\/div>\n<h2 id=\"1\" class=\"position\"><strong>Zahlen, Daten und Fakten zum CO<sub>2<\/sub>-Aussto\u00df von Schulen <\/strong><\/h2>\n<p>Ein Drittel der CO<sub>2<\/sub>-Emissionen in Deutschland geht auf das Konto von <strong>Geb\u00e4uden<\/strong>. Neben Krankenh\u00e4usern geh\u00f6ren Schulen zu den Hauptverursachern. Eine <strong>Studie<\/strong> aus Niedersachsen erhob die Daten zu Energieverbrauch und CO<sub>2<\/sub>-Aussto\u00df von knapp 400 Gesamtschulen und Gymnasien. Im Schnitt verursachte jede Schule <strong>j\u00e4hrlich 700 Tonnen CO<sub>2<\/sub><\/strong>. Die H\u00e4lfte entsteht durch <strong>Stromverbrauch<\/strong> und <strong>Heizen<\/strong>, die andere H\u00e4lfte durch <strong>Schulessen<\/strong> und <strong>Mobilit\u00e4t<\/strong> von Sch\u00fclern und Lehrkr\u00e4ften.<\/p>\n<p>Allein durch diese Zahlen kann man schon ins Gr\u00fcbeln geraten. Und das ist eine tolle Sache. Denn so entstehen Impulse, denen man nachgehen und \u00fcber die man sprechen kann \u2013 sowohl im Kollegium als auch mit der Sch\u00fcler- und Elternschaft.<\/p>\n<p>Eine komplett emissionsfreie Schule ist fast unm\u00f6glich. Fangen Sie also klein an und picken Sie sich die Themen heraus, die z. B. besonders schnell oder durch nur geringen Aufwand Erfolge versprechen, oder aber solche, die Ihnen und den Kindern pers\u00f6nlich am Herzen liegen, z. B. <strong>Tierschutz<\/strong> oder <strong>Ern\u00e4hrung<\/strong>.<\/p>\n<p>Wenn Ihr Schulgeb\u00e4ude z. B. <strong>marode<\/strong> ist oder \u00fcber eine <strong>schlechte D\u00e4mmung<\/strong> verf\u00fcgt, werden Sie als Lehrkraft allein nichts ausrichten k\u00f6nnen. Ersparen Sie sich den Frust und packen Sie die Dinge an, die Sie gemeinsam mit Ihren Sch\u00fclerinnen und Sch\u00fclern besser machen k\u00f6nnen.<\/p>\n<\/div><\/section><\/div>\n\n<style type=\"text\/css\" data-created_by=\"avia_inline_auto\" id=\"style-css-av-jl6mo8rj-19-c6b99c38e88c4356afd3dd2078e94308\">\n#top .hr.hr-invisible.av-jl6mo8rj-19-c6b99c38e88c4356afd3dd2078e94308{\nheight:60px;\n}\n<\/style>\n<div  class='hr av-jl6mo8rj-19-c6b99c38e88c4356afd3dd2078e94308 hr-invisible  avia-builder-el-17  el_after_av_one_full  el_before_av_one_full '><span class='hr-inner '><span class=\"hr-inner-style\"><\/span><\/span><\/div>\n\n<style type=\"text\/css\" data-created_by=\"avia_inline_auto\" id=\"style-css-av-5vgein6-110eca1722cb2d5ee508fc6852af404a\">\n.flex_column.av-5vgein6-110eca1722cb2d5ee508fc6852af404a{\nborder-radius:0px 0px 0px 0px;\npadding:0px 0px 0px 0px;\n}\n<\/style>\n<div  class='flex_column av-5vgein6-110eca1722cb2d5ee508fc6852af404a av_one_full  avia-builder-el-18  el_after_av_hr  el_before_av_one_full  first flex_column_div av-zero-column-padding  '     ><section  class='av_textblock_section av-ly73056a-3b6a6b8255253c9bce52b0f4964228be '  ><div class='avia_textblock' >\n<style type=\"text\/css\" data-created_by=\"avia_inline_auto\" id=\"style-css-av-irxq5e-919e4ce30dbe918866e0082c260aa414\">\n#top .hr.hr-invisible.av-irxq5e-919e4ce30dbe918866e0082c260aa414{\nheight:20px;\n}\n<\/style>\n<div  class='hr av-irxq5e-919e4ce30dbe918866e0082c260aa414 hr-invisible  avia-builder-el-20  avia-builder-el-no-sibling '><span class='hr-inner '><span class=\"hr-inner-style\"><\/span><\/span><\/div>\n<h2 id=\"2\" class=\"position\"><strong>Aktionen und Projekte zum Klimaschutz <\/strong><\/h2>\n<p>Es gibt viele Initiativen und Projekte zum Klimaschutz f\u00fcr Schulen. Viele davon sind <strong>regional<\/strong>, manche richten sich an Schulen deutschlandweit. Bei der Suche im Internet empfiehlt es sich also, nach Aktionen in Ihrer <strong>Stadt<\/strong>, Ihrem <strong>Kreis<\/strong> oder Ihrem <strong>Bundesland<\/strong> zu suchen.<\/p>\n<p>Drei landesweite Projekte stellen wir Ihnen hier kurz vor:<\/p>\n<ol>\n<li><strong> Die MINTmachtage der Stiftung Kinder forschen <\/strong><\/li>\n<\/ol>\n<p>2025 lautet das Motto \u201eZZZAP! B\u00c4M! Mit Energie in die Zukunft\u201c. Der Aktionstag ist der 17. Juni, doch auch um diesen Termin herum k\u00f6nnen Sie mit Ihren Kindern Aktionen starten. Infos finden Sie unter folgendem Link: <a href=\"https:\/\/www.mintmachtage.de\/aktionstag\/ausblick-2025\" target=\"_blank\" rel=\"noopener\">https:\/\/www.mintmachtage.de\/aktionstag\/ausblick-2025<\/a><\/p>\n<ol start=\"2\">\n<li><strong> Gr\u00fcne Meilen f\u00fcr das Weltklima <\/strong><\/li>\n<\/ol>\n<p>Handeln statt Reden: Bei dieser Aktion sammeln Kinder \u201eGr\u00fcne Meilen\u201c, indem sie Strecken zu Fu\u00df, mit Rollschuhen, Fahrr\u00e4dern\/Rollern oder dem \u00d6PNV zur\u00fccklegen. Das gesammelte Ergebnis aller teilnehmenden Kinder in Europa wird anschlie\u00dfend der UN-Klimakonferenz vorgelegt. Mehr dazu finden Sie unter dem Link: <a href=\"https:\/\/www.kindermeilen.de\/\" target=\"_blank\" rel=\"noopener\">https:\/\/www.kindermeilen.de\/<\/a><\/p>\n<ol start=\"3\">\n<li><strong> Bildungsangebot von Bildungsserver Wald <\/strong><\/li>\n<\/ol>\n<p>Leitf\u00e4den, Brosch\u00fcren, Projektideen, Fortbildungen, waldp\u00e4dagogische Angebote und weiterf\u00fchrende Links: Die folgende Homepage versorgt Sie mit vielen praktischen Impulsen rund um das Thema Wald. <a href=\"https:\/\/www.bildungsserver-wald.de\/bildungsmaterial\" target=\"_blank\" rel=\"noopener\">https:\/\/www.bildungsserver-wald.de\/bildungsmaterial<\/a><\/p>\n<p><strong>Klimabewusstsein durch Bildung <\/strong><\/p>\n<p>Klimabewusstsein entwickeln wir nur durch <strong>Wissen<\/strong>. Deswegen ist <strong>Bildung f\u00fcr nachhaltige Entwicklung <\/strong>essenziell. Wir alle leben auf diesem Planeten und nutzen in fast jeder Minute seine <strong>Ressourcen<\/strong>. Somit gehen Themen wie <strong>Umwelt, Klima, Wasser und Energie<\/strong> jeden Menschen an!<\/p>\n<p>Bestimmt vermitteln Sie Ihren Sch\u00fclerinnen und Sch\u00fclern bereits seit Jahren eine Menge Infos rund um Nachhaltigkeit und Klimaschutz. Gl\u00fccklicherweise gibt es ja auch eine gro\u00dfe Auswahl an spannenden und ansprechend aufgearbeiteten Unterrichtsmaterialien.<\/p>\n<p>Vielleicht finden Sie durch die Ideen und Verlinkungen in diesem Beitrag noch ein bisschen mehr Inspiration f\u00fcr <strong>neue Projekte<\/strong> und <strong>interessante Forschungsfragen<\/strong>, denen Sie mit Ihren Kindern auf den Grund gehen wollen.<\/p>\n<p>Eine Menge <strong>praktische Tipps<\/strong> sowie <strong>spannende Quellen<\/strong> und Verlinkungen auf weitere unserer <strong>Blogbeitr\u00e4ge<\/strong> zum Thema Nachhaltigkeit und Klimaschutz finden Sie auch in unserem Artikel \u00bb<a href=\"https:\/\/www.backwinkel.de\/blog\/nachhaltige-projektideen\/\" target=\"_blank\" rel=\"noopener\">11 nachhaltige Projektideen f\u00fcr die Grundschule<\/a>\u00ab. So entwickeln Ihre SuS ein Bewusstsein f\u00fcr Klima, Umweltschutz, Tiere und Pflanzen<\/p>\n<p>In unserem Onlineshop finden Sie hilfreiche Produkte, die Ihnen dabei helfen, Umweltbewusstsein zu f\u00f6rdern. Mit 100 spannenden Impulsen zum Klimaschutz versorgt Sie z. B. das Spiel <a href=\"https:\/\/www.backwinkel.de\/prod\/for-future-100-impulskarten-fuer-eine-welt-im-wandel.html\" target=\"_blank\" rel=\"noopener\">For Future, 100 Impulskarten f\u00fcr eine Welt im Wandel<\/a>. F\u00fcr j\u00fcngere Kinder sind <a href=\"https:\/\/www.backwinkel.de\/prod\/natur-und-klimapuzzles.html\" target=\"_blank\" rel=\"noopener\">Natur- und Klimapuzzles<\/a> ein super Einstieg ins Thema. Das Spiel <a href=\"https:\/\/www.backwinkel.de\/prod\/spiel-muell-reduzieren.html\" target=\"_blank\" rel=\"noopener\">M\u00fcll reduzieren<\/a> sensibilisiert Ihre SuS f\u00fcr Nachhaltigkeit im Alltag. Und mit dem <a href=\"https:\/\/www.backwinkel.de\/prod\/schu-tze-das-klima-sortierspiel.html\" target=\"_blank\" rel=\"noopener\">Sch\u00fctze das Klima Sortierspiel<\/a> \u00fcberpr\u00fcfen die Kinder ihren Wissensstand vorab und noch einmal nach Abschluss der Lerneinheit oder des Projekts.<\/p>\n<p><strong>Klimafreundlichkeit durch Einsparung <\/strong><\/p>\n<p>Die meisten Menschen denken bei Klimafreundlichkeit erst einmal daran, ihren eigenen <strong>CO<sub>2<\/sub>-Fu\u00dfabdruck<\/strong> zu minimieren. Daf\u00fcr gibt es auch im Schulalltag viele Ansatzpunkte, die Sie gern nacheinander unter die Lupe nehmen k\u00f6nnen.<\/p>\n<p>Neben den eingangs genannten vier Themenfeldern (Strom, Heizung, Essen und Mobilit\u00e4t) gibt es weitere (Unter-)Punkte, bei denen Sie mit ein wenig Einfallsreichtum schnell gute Ergebnisse erzielen. Ein paar Anregungen nennen wir Ihnen hier:<\/p>\n<ul>\n<li>reparieren oder eigene Herstellung statt Neukauf<\/li>\n<li>Upcycling statt Wegwerfen<\/li>\n<li>Nutzung von nicht mehr gebrauchtem bedruckten Papier (z. B. die R\u00fcckseite zum Zeichnen und Malen)<\/li>\n<li>weniger Fotokopien<\/li>\n<li>digitalisierte Elternkommunikation<\/li>\n<li>Topfpflanzen f\u00fcr den Klassenraum<\/li>\n<li>die Nutzung nachhaltiger Materialien, von Verpackungen und Kleidung bis hin zu Spielen und Putzmitteln<\/li>\n<\/ul>\n<p>Sicherlich f\u00e4llt Ihnen noch eine ganze Menge mehr ein, wenn Sie dar\u00fcber nachdenken. Beim gemeinsamen <strong>Brainstorming<\/strong> mit Ihrer Klasse kommt bestimmt auch die eine oder andere tolle Idee heraus.<\/p>\n<p><strong>Klimafreundlichkeit durch Kompensation <\/strong><\/p>\n<p>Was auch immer Sie f\u00fcr den Klimaschutz tun k\u00f6nnen, ist eine gute Sache. Und wenn es erfolgversprechender ist, Verbesserungen an anderer Stelle zu erreichen, als den eigenen Alltag zu ver\u00e4ndern, tun Sie es. Niemand verlangt von Ihnen, Ihr Schuldach mit einer Photovoltaikanlange auszustatten, auch wenn es nat\u00fcrlich solche Leuchtturmprojekte gibt. Als Ausgleich des schuleigenen CO<sub>2<\/sub>-Abdrucks eignen sich beispielsweise:<\/p>\n<ul>\n<li>das Anlegen einer Blumenwiese oder das Pflanzen von B\u00e4umen,<\/li>\n<li>die Finanzierung von klimafreundlichen Entwicklungs- oder Umweltprojekten durch Basare, Sammelaktionen, Spendenl\u00e4ufe etc.<\/li>\n<\/ul>\n<p>Wenn Sie mit Ihrer Klasse ein solches Projekt in Angriff nehmen, setzen sich die Kinder nicht nur f\u00fcr eine gute Sache ein, sondern lernen nebenher und mit viel Spa\u00df eine ganze Menge.<\/p>\n<\/div><\/section><\/div>\n\n<style type=\"text\/css\" data-created_by=\"avia_inline_auto\" id=\"style-css-av-1s8srsf-9be3c0d2fedabe15e9f84482de3b0f00\">\n.flex_column.av-1s8srsf-9be3c0d2fedabe15e9f84482de3b0f00{\nborder-radius:0px 0px 0px 0px;\npadding:0px 0px 0px 0px;\n}\n<\/style>\n<div  class='flex_column av-1s8srsf-9be3c0d2fedabe15e9f84482de3b0f00 av_one_full  avia-builder-el-21  el_after_av_one_full  el_before_av_one_full  first flex_column_div av-zero-column-padding  column-top-margin'     ><section  class='av_textblock_section av-1btpmen-d2c112ba2430116a03ce89777fb8db3e '  ><div class='avia_textblock' >\n<style type=\"text\/css\" data-created_by=\"avia_inline_auto\" id=\"style-css-av-uw86fj-ee07b601258b8d2405bca4fb0095855f\">\n#top .hr.hr-invisible.av-uw86fj-ee07b601258b8d2405bca4fb0095855f{\nheight:20px;\n}\n<\/style>\n<div  class='hr av-uw86fj-ee07b601258b8d2405bca4fb0095855f hr-invisible  avia-builder-el-23  avia-builder-el-no-sibling '><span class='hr-inner '><span class=\"hr-inner-style\"><\/span><\/span><\/div>\n<h2 id=\"3\" class=\"position\"><strong>Siegel, Wettbewerbe und Zertifikate f\u00fcr Klimafreundlichkeit <\/strong><\/h2>\n<p>Schule ist L\u00e4ndersache. Daher gibt es auch in jedem Bundesland andere Siegel f\u00fcr klimafreundliche Schulen, und manchmal eher wenige. Auch die Initiativen, F\u00f6rderer und Ansprechpartner f\u00fcr Projekte und Zertifikate variieren nat\u00fcrlich von Bundesland zu Bundesland.<\/p>\n<p>\u00dcberlegen Sie also, ob und warum ein Siegel Ihnen wichtig ist. Vielleicht planen Sie Projekte, die die <strong>Voraussetzungen f\u00fcr ein Zertifikat<\/strong> gar nicht erf\u00fcllen, aber trotzdem effizient sind? Vielleicht k\u00f6nnen Sie auch nicht garantieren, dass an Ihrer Schule auch in den n\u00e4chsten Jahren Aktionen zum Klimaschutz laufen, die f\u00fcr die (weitere) Erhaltung eines Siegels n\u00f6tig sind, z. B. weil die betreffende Kollegin in Rente oder Mutterschutz geht?<\/p>\n<p>Das ist alles kein Problem. Kleine <strong>Ver\u00e4nderungen im eigenen Handeln<\/strong> und Alltag leisten auf Dauer oft einen gr\u00f6\u00dferen Beitrag als ein gr\u00f6\u00dferes, prestigetr\u00e4chtiges Projekt.<\/p>\n<p>Wenn Sie flexibel bleiben wollen, informieren Sie sich \u00fcber <strong>Wettbewerbe<\/strong> und holen Sie sich <strong>Experten<\/strong> ins Boot. So k\u00f6nnen Sie beispielsweise eine <strong>Klima-AG<\/strong> anbieten, in deren Rahmen viele verschiedene kleine und gro\u00dfe Aktionen m\u00f6glich sind (die dann vielleicht sogar zu einer eigenen, neuen AG werden):<\/p>\n<ul>\n<li>Ausfl\u00fcge zu einem Recyclinghof, einem Tagebau oder einem Bio-Bauernhof<\/li>\n<li>das Erstellen einer Klimazeitung<\/li>\n<li>Spendenl\u00e4ufe oder Basare f\u00fcr nachhaltige Entwicklungsprojekte<\/li>\n<li>Sammelaktionen von Materialien zum Upcycling<\/li>\n<li>Ausstellungen (auch digital) zum Thema Umwelt- und Klimaschutz<\/li>\n<li>das Anlegen eines Schulgartens oder Kr\u00e4uterbeets<\/li>\n<li>das Bauen eines Insektenhotels oder eine Bienenpatenschaft<\/li>\n<li>die Planung und Durchf\u00fchrung einer Projektwoche, z. B. zum Thema Fairtrade, Fast Fashion oder Schokolade<\/li>\n<li>die Teilnahme an Wettbewerben rund um Klimafreundlichkeit<\/li>\n<li>das gemeinsame Kochen und Essen von Mahlzeiten aus regionalen frischen Bio-Produkten<\/li>\n<li>gemeinsames M\u00fcllsammeln im Umfeld der Schule<\/li>\n<\/ul>\n<p>Um die Erfolge, Entwicklungen und Ergebnisse zu <strong>dokumentieren<\/strong>, ist eine Homepage perfekt. Falls Sie oder jemand in Ihrem Kollegium oder sonstigen Umfeld technikaffin genug ist, ist das gemeinsame <strong>Erstellen einer Klimaschutz-Webseite<\/strong> mit den Kindern optimal. So vermitteln Sie nicht nur Nachhaltigkeit, sondern auch eine gro\u00dfe Portion <strong>Medienkompetenz<\/strong>.<\/p>\n<p>Der erste Schritt ist immer der schwerste. Wenn Sie erst anfangen, werden Sie wahrscheinlich merken, dass immer mehr Ideen hinzukommen und Sie auch <strong>Unterst\u00fctzung<\/strong> von Menschen au\u00dferhalb der Schule bekommen, z. B. in Form von <strong>Eltern<\/strong>, die eine <strong>Fahrradwerkstatt<\/strong> anbieten oder einen \u201e<strong>Lauf-Bus<\/strong>\u201c zur Schule organisieren, anstatt ihren Nachwuchs weiterhin mit dem Auto zur Schule zu bringen.<\/p>\n<\/div><\/section><\/div>\n\n<style type=\"text\/css\" data-created_by=\"avia_inline_auto\" id=\"style-css-av-jley1l06-be8863a15e87d33f314fbd4b76b14014\">\n.flex_column.av-jley1l06-be8863a15e87d33f314fbd4b76b14014{\nborder-radius:0px 0px 0px 0px;\npadding:10px 10px 10px 10px;\nbackground-color:#f2f2f2;\n}\n<\/style>\n<div  class='flex_column av-jley1l06-be8863a15e87d33f314fbd4b76b14014 av_one_full  avia-builder-el-24  el_after_av_one_full  el_before_av_one_full  first flex_column_div  column-top-margin'     ><section  class='av_textblock_section av-jkuvcso3-5-5c6860626657f0ec318095798effdcc6 '  ><div class='avia_textblock' ><p class=\"fussnoten-quellen\"><strong>Auch interessant:<br \/>\n<\/strong><\/p>\n<p class=\"fussnoten-quellen\"><a href=\"https:\/\/www.backwinkel.de\/blog\/nachhaltige-schule\/\" target=\"_blank\" rel=\"noopener\">Mehr als Recycling: So integrieren Sie Nachhaltigkeit in den Schulalltag<\/a><\/p>\n<p><a href=\"https:\/\/www.backwinkel.de\/blog\/startchancen-programm\/\" target=\"_blank\" rel=\"noopener\">Startchancen-Programm<\/a><\/p>\n<p><a href=\"https:\/\/www.backwinkel.de\/blog\/klimabewusst-essen\/\" target=\"_blank\" rel=\"noopener\">Klimabewusstsein und Globalisierung: Woher kommt eigentlich unser Essen?<\/a><\/p>\n<p><a href=\"https:\/\/www.backwinkel.de\/blog\/tierschutz-schule\/\" target=\"_blank\" rel=\"noopener\">Tierschutz in der Schule: So sensibilisieren Sie Kinder und vermitteln Wertsch\u00e4tzung f\u00fcr Mitgesch\u00f6pfe<\/a><\/p>\n<p><a href=\"https:\/\/www.backwinkel.de\/cat\/umweltschutz\/\" target=\"_blank\" rel=\"noopener\">Umweltschutz<\/a><\/p>\n<\/div><\/section><\/div>\n\n<style type=\"text\/css\" data-created_by=\"avia_inline_auto\" id=\"style-css-av-1bxvnic-c2d0ba649d3598582792c9d7be25608d\">\n.flex_column.av-1bxvnic-c2d0ba649d3598582792c9d7be25608d{\nborder-radius:0px 0px 0px 0px;\npadding:10px 10px 10px 10px;\nbackground-color:#f2f2f2;\n}\n<\/style>\n<div  class='flex_column av-1bxvnic-c2d0ba649d3598582792c9d7be25608d av_one_full  avia-builder-el-26  el_after_av_one_full  el_before_av_one_full  first flex_column_div  column-top-margin'     ><section  class='av_textblock_section av-ozk50k-7f6c586f12cb6270d6f762c0460d7dfe '  ><div class='avia_textblock' ><p class=\"fussnoten-quellen\"><strong>Lesen Sie mehr:<\/strong><\/p>\n<p>Anders, Florentine: Blick ins Ausland: Wie Schulen in anderen L\u00e4ndern Klimabildung umsetzen, 31.01.2024:<br \/>\n<a href=\"https:\/\/deutsches-schulportal.de\/unterricht\/wie-schulen-in-anderen-laendern-klimabildung-umsetzen\/\" target=\"_blank\" rel=\"noopener\">https:\/\/deutsches-schulportal.de\/unterricht\/wie-schulen-in-anderen-laendern-klimabildung-umsetzen\/<\/a><\/p>\n<p>Internetpr\u00e4senz der nieders\u00e4chsischen Initiative \u201eKlimaneutrale Schule\u201c mit Fakten, Ideen und Aktionen:<br \/>\n<a href=\"https:\/\/klimaneutrale-schule.de\/\" target=\"_blank\" rel=\"noopener\">https:\/\/klimaneutrale-schule.de\/<\/a><\/p>\n<p>Initiative \u201eKlimaneutrale Schule\u201c in Niedersachsen (Infos und Praxisbeispiele):<br \/>\n<a href=\"https:\/\/www.klimaschutz-niedersachsen.de\/themen\/klimabildung\/Klimaneutrale-schule.php\" target=\"_blank\" rel=\"noopener\">https:\/\/www.klimaschutz-niedersachsen.de\/themen\/klimabildung\/Klimaneutrale-schule.php<\/a><\/p>\n<p>Klimaschutz in nieders\u00e4chsischen Schulen (Brosch\u00fcren, weiterf\u00fchrende Links, Stiftungen u. v. m., auch mit speziellen Angeboten f\u00fcr Grundschulen):<br \/>\n<a href=\"https:\/\/www.klimaschutz-niedersachsen.de\/themen\/klimabildung\/So-gelingt-Klimaschutz-in-Schulen.php\" target=\"_blank\" rel=\"noopener\">https:\/\/www.klimaschutz-niedersachsen.de\/themen\/klimabildung\/So-gelingt-Klimaschutz-in-Schulen.php<\/a><\/p>\n<p>Guide f\u00fcr Lehrkr\u00e4fte: Klimaschutz an Schulen: Bildung f\u00fcr eine nachhaltige Zukunft (Info- und Materialsammlung):<br \/>\n<a href=\"https:\/\/www.schulflix.com\/dossier\/klimaschutz-an-schulen\/\" target=\"_blank\" rel=\"noopener\">https:\/\/www.schulflix.com\/dossier\/klimaschutz-an-schulen\/<\/a><\/p>\n<p>Apps, Experimente, Unterrichtsmaterial, Aktionen und mehr:<br \/>\n<a href=\"https:\/\/www.stiftung-kinder-forschen.de\/praxisanregungen\/ideen-fuer-grundschulkinder\/\" target=\"_blank\" rel=\"noopener\">https:\/\/www.stiftung-kinder-forschen.de\/praxisanregungen\/ideen-fuer-grundschulkinder\/<\/a><\/p>\n<p>Umweltbundesamt: Ratgeber Freiwillige CO<sub>2<\/sub>-Kompensation durch Klimaschutzprojekte, Juli 2018:<br \/>\n<a href=\"https:\/\/www.umweltbundesamt.de\/sites\/default\/files\/medien\/376\/publikationen\/ratgeber_freiwillige_co2_kompensation_final_internet.pdf\" target=\"_blank\" rel=\"noopener\">https:\/\/www.umweltbundesamt.de\/sites\/default\/files\/medien\/376\/publikationen\/ratgeber_freiwillige_co2_kompensation_final_internet.pdf<\/a><\/p>\n<\/div><\/section><\/div>\n\n<style type=\"text\/css\" data-created_by=\"avia_inline_auto\" id=\"style-css-av-4a8f13-8282735e1a69d4252a8ab107757df204\">\n.flex_column.av-4a8f13-8282735e1a69d4252a8ab107757df204{\nborder-radius:0px 0px 0px 0px;\npadding:10px 10px 10px 10px;\n}\n<\/style>\n<div  class='flex_column av-4a8f13-8282735e1a69d4252a8ab107757df204 av_one_full  avia-builder-el-28  el_after_av_one_full  el_before_av_one_full  first flex_column_div  column-top-margin'     ><section  class='av_textblock_section av-2ibyo7-105f90c883c0b4406936f8076e5ba294 '  ><div class='avia_textblock' ><p class=\"copyright\"><strong>\u00a9 Copyright \u2013 Urheberrechtshinweis<\/strong><br \/>\nAlle Inhalte auf www.backwinkel.de sowie www.backwinkel.de\/blog, insbesondere Texte, Fotografien und Grafiken, sind urheberrechtlich gesch\u00fctzt.<br \/>\nDas Urheberrecht liegt, soweit nicht ausdr\u00fccklich anders gekennzeichnet, bei der BACKWINKEL GmbH. Bitte fragen Sie uns, falls Sie die Inhalte dieses Internetangebotes verwenden m\u00f6chten.<br \/>\nWer gegen das Urheberrecht verst\u00f6\u00dft (z. B. Bilder oder Texte unerlaubt kopiert), macht sich gem. \u00a7\u00a7 106 ff UrhG strafbar, wird zudem kostenpflichtig abgemahnt und muss Schadensersatz leisten (\u00a7 97 UrhG).<\/p>\n<\/div><\/section><\/div>\n\n<style type=\"text\/css\" data-created_by=\"avia_inline_auto\" id=\"style-css-av-1p82t-b0e9719fe6c67aa5c6d1abf813961e55\">\n.flex_column.av-1p82t-b0e9719fe6c67aa5c6d1abf813961e55{\nborder-radius:0px 0px 0px 0px;\npadding:0px 0px 0px 0px;\n}\n<\/style>\n<div  class='flex_column av-1p82t-b0e9719fe6c67aa5c6d1abf813961e55 av_one_full  avia-builder-el-30  el_after_av_one_full  avia-builder-el-last  first flex_column_div av-zero-column-padding  column-top-margin'     ><p><section  class='av_textblock_section av-jlp4hxqo-91baaad30cd61f89630d15f8561d1750 '  ><div class='avia_textblock' ><div class=\"shariff shariff-align-left shariff-widget-align-left\"><ul class=\"shariff-buttons theme-color orientation-horizontal buttonsize-medium\"><li class=\"shariff-button whatsapp shariff-nocustomcolor\" style=\"background-color:#5cbe4a\"><a href=\"https:\/\/api.whatsapp.com\/send?text=https%3A%2F%2Fwww.backwinkel.de%2Fblog%2Fklimafreundliche-schule%2F%20Klimafreundliche%20Schule\" title=\"Bei Whatsapp teilen\" aria-label=\"Bei Whatsapp teilen\" role=\"button\" rel=\"noopener nofollow\" class=\"shariff-link\" style=\"; background-color:#34af23; color:#fff\" target=\"_blank\"><span class=\"shariff-icon\" style=\"\"><svg width=\"32px\" height=\"20px\" xmlns=\"http:\/\/www.w3.org\/2000\/svg\" viewBox=\"0 0 32 32\"><path fill=\"#34af23\" d=\"M17.6 17.4q0.2 0 1.7 0.8t1.6 0.9q0 0.1 0 0.3 0 0.6-0.3 1.4-0.3 0.7-1.3 1.2t-1.8 0.5q-1 0-3.4-1.1-1.7-0.8-3-2.1t-2.6-3.3q-1.3-1.9-1.3-3.5v-0.1q0.1-1.6 1.3-2.8 0.4-0.4 0.9-0.4 0.1 0 0.3 0t0.3 0q0.3 0 0.5 0.1t0.3 0.5q0.1 0.4 0.6 1.6t0.4 1.3q0 0.4-0.6 1t-0.6 0.8q0 0.1 0.1 0.3 0.6 1.3 1.8 2.4 1 0.9 2.7 1.8 0.2 0.1 0.4 0.1 0.3 0 1-0.9t0.9-0.9zM14 26.9q2.3 0 4.3-0.9t3.6-2.4 2.4-3.6 0.9-4.3-0.9-4.3-2.4-3.6-3.6-2.4-4.3-0.9-4.3 0.9-3.6 2.4-2.4 3.6-0.9 4.3q0 3.6 2.1 6.6l-1.4 4.2 4.3-1.4q2.8 1.9 6.2 1.9zM14 2.2q2.7 0 5.2 1.1t4.3 2.9 2.9 4.3 1.1 5.2-1.1 5.2-2.9 4.3-4.3 2.9-5.2 1.1q-3.5 0-6.5-1.7l-7.4 2.4 2.4-7.2q-1.9-3.2-1.9-6.9 0-2.7 1.1-5.2t2.9-4.3 4.3-2.9 5.2-1.1z\"\/><\/svg><\/span><span class=\"shariff-text\">teilen<\/span>&nbsp;<\/a><\/li><li class=\"shariff-button facebook shariff-nocustomcolor\" style=\"background-color:#4273c8\"><a href=\"https:\/\/www.facebook.com\/sharer\/sharer.php?u=https%3A%2F%2Fwww.backwinkel.de%2Fblog%2Fklimafreundliche-schule%2F\" title=\"Bei Facebook teilen\" aria-label=\"Bei Facebook teilen\" role=\"button\" rel=\"nofollow\" class=\"shariff-link\" style=\"; background-color:#3b5998; color:#fff\" target=\"_blank\"><span class=\"shariff-icon\" style=\"\"><svg width=\"32px\" height=\"20px\" xmlns=\"http:\/\/www.w3.org\/2000\/svg\" viewBox=\"0 0 18 32\"><path fill=\"#3b5998\" d=\"M17.1 0.2v4.7h-2.8q-1.5 0-2.1 0.6t-0.5 1.9v3.4h5.2l-0.7 5.3h-4.5v13.6h-5.5v-13.6h-4.5v-5.3h4.5v-3.9q0-3.3 1.9-5.2t5-1.8q2.6 0 4.1 0.2z\"\/><\/svg><\/span><span class=\"shariff-text\">teilen<\/span>&nbsp;<\/a><\/li><li class=\"shariff-button twitter shariff-nocustomcolor\" style=\"background-color:#595959\"><a href=\"https:\/\/twitter.com\/share?url=https%3A%2F%2Fwww.backwinkel.de%2Fblog%2Fklimafreundliche-schule%2F&text=Klimafreundliche%20Schule\" title=\"Bei X teilen\" aria-label=\"Bei X teilen\" role=\"button\" rel=\"noopener nofollow\" class=\"shariff-link\" style=\"; background-color:#000; color:#fff\" target=\"_blank\"><span class=\"shariff-icon\" style=\"\"><svg width=\"32px\" height=\"20px\" xmlns=\"http:\/\/www.w3.org\/2000\/svg\" viewBox=\"0 0 24 24\"><path fill=\"#000\" d=\"M14.258 10.152L23.176 0h-2.113l-7.747 8.813L7.133 0H0l9.352 13.328L0 23.973h2.113l8.176-9.309 6.531 9.309h7.133zm-2.895 3.293l-.949-1.328L2.875 1.56h3.246l6.086 8.523.945 1.328 7.91 11.078h-3.246zm0 0\"\/><\/svg><\/span><span class=\"shariff-text\">teilen<\/span>&nbsp;<\/a><\/li><li class=\"shariff-button pinterest shariff-nocustomcolor\" style=\"background-color:#e70f18\"><a href=\"https:\/\/www.pinterest.com\/pin\/create\/link\/?url=https%3A%2F%2Fwww.backwinkel.de%2Fblog%2Fklimafreundliche-schule%2F&media=https%3A%2F%2Fwww.backwinkel.de%2Fblog%2Fwp-content%2Fuploads%2F2024%2F09%2FKlimafreundliche_schule-heroimage.jpg&description=Klimafreundliche%20Schule\" title=\"Bei Pinterest pinnen\" aria-label=\"Bei Pinterest pinnen\" role=\"button\" rel=\"noopener nofollow\" class=\"shariff-link\" style=\"; background-color:#cb2027; color:#fff\" target=\"_blank\"><span class=\"shariff-icon\" style=\"\"><svg width=\"32px\" height=\"20px\" xmlns=\"http:\/\/www.w3.org\/2000\/svg\" viewBox=\"0 0 27 32\"><path fill=\"#cb2027\" d=\"M27.4 16q0 3.7-1.8 6.9t-5 5-6.9 1.9q-2 0-3.9-0.6 1.1-1.7 1.4-2.9 0.2-0.6 1-3.8 0.4 0.7 1.3 1.2t2 0.5q2.1 0 3.8-1.2t2.7-3.4 0.9-4.8q0-2-1.1-3.8t-3.1-2.9-4.5-1.2q-1.9 0-3.5 0.5t-2.8 1.4-2 2-1.2 2.3-0.4 2.4q0 1.9 0.7 3.3t2.1 2q0.5 0.2 0.7-0.4 0-0.1 0.1-0.5t0.2-0.5q0.1-0.4-0.2-0.8-0.9-1.1-0.9-2.7 0-2.7 1.9-4.6t4.9-2q2.7 0 4.2 1.5t1.5 3.8q0 3-1.2 5.2t-3.1 2.1q-1.1 0-1.7-0.8t-0.4-1.9q0.1-0.6 0.5-1.7t0.5-1.8 0.2-1.4q0-0.9-0.5-1.5t-1.4-0.6q-1.1 0-1.9 1t-0.8 2.6q0 1.3 0.4 2.2l-1.8 7.5q-0.3 1.2-0.2 3.2-3.7-1.6-6-5t-2.3-7.6q0-3.7 1.9-6.9t5-5 6.9-1.9 6.9 1.9 5 5 1.8 6.9z\"\/><\/svg><\/span><span class=\"shariff-text\">merken<\/span>&nbsp;<\/a><\/li><li class=\"shariff-button mailto shariff-nocustomcolor\" style=\"background-color:#a8a8a8\"><a href=\"mailto:?body=https%3A%2F%2Fwww.backwinkel.de%2Fblog%2Fklimafreundliche-schule%2F&subject=Klimafreundliche%20Schule\" title=\"Per E-Mail versenden\" aria-label=\"Per E-Mail versenden\" role=\"button\" rel=\"noopener nofollow\" class=\"shariff-link\" style=\"; background-color:#999; color:#fff\"><span class=\"shariff-icon\" style=\"\"><svg width=\"32px\" height=\"20px\" xmlns=\"http:\/\/www.w3.org\/2000\/svg\" viewBox=\"0 0 32 32\"><path fill=\"#999\" d=\"M32 12.7v14.2q0 1.2-0.8 2t-2 0.9h-26.3q-1.2 0-2-0.9t-0.8-2v-14.2q0.8 0.9 1.8 1.6 6.5 4.4 8.9 6.1 1 0.8 1.6 1.2t1.7 0.9 2 0.4h0.1q0.9 0 2-0.4t1.7-0.9 1.6-1.2q3-2.2 8.9-6.1 1-0.7 1.8-1.6zM32 7.4q0 1.4-0.9 2.7t-2.2 2.2q-6.7 4.7-8.4 5.8-0.2 0.1-0.7 0.5t-1 0.7-0.9 0.6-1.1 0.5-0.9 0.2h-0.1q-0.4 0-0.9-0.2t-1.1-0.5-0.9-0.6-1-0.7-0.7-0.5q-1.6-1.1-4.7-3.2t-3.6-2.6q-1.1-0.7-2.1-2t-1-2.5q0-1.4 0.7-2.3t2.1-0.9h26.3q1.2 0 2 0.8t0.9 2z\"\/><\/svg><\/span><span class=\"shariff-text\">E-Mail<\/span>&nbsp;<\/a><\/li><\/ul><\/div>\n<\/div><\/section><br \/>\n<div  class='tabcontainer av-jlq8shhr-81242121e684ca07ed7e4b689c7d9116 top_tab  avia-builder-el-32  el_after_av_textblock  el_before_av_hr '>\n<section class='av_tab_section av_tab_section av-4w8jsn-bbdf9e923dedb1db49ad7c5dc47ef632' ><div id='tab-id-1-tab' class='tab active_tab' role='tab' aria-selected=\"true\" tabindex=\"0\" data-fake-id='#tab-id-1' aria-controls='tab-id-1-content' >Das BACKWINKEL-Blog-Team:<\/div><div id='tab-id-1-content' class='tab_content active_tab_content' role='tabpanel' aria-labelledby='tab-id-1-tab' aria-hidden=\"false\"><div class='tab_inner_content invers-color' ><p>Gibts auch ein Gesicht hinter dem BACKWINKEL-Blog? Nat\u00fcrlich. Sogar f\u00fcnf \ud83d\ude0a. Wir \u2013 Lukas, Marvin und Tatjana \u2013 bespielen unseren Blog im LACHEN LEBEN LERNEN-Firmensitz in Hattingen.<br \/>\nLukas kennt Onlinemarketing wie seine Westentasche, w\u00e4hrend Marvin unseren Beitr\u00e4gen den passenden gestalterischen Rahmen gibt und Tatjana mit dem gr\u00fcnen Korrekturstift alles pr\u00fcfend be\u00e4ugt, was unsere Freelancerautorinnen Elisa und Christine (und gern auch Gastautoren) aus der Ferne f\u00fcr den BACKWINKEL-Blog nach ordentlicher Recherche schreiben.<br \/>\nGemeinsam suchen wir st\u00e4ndig nach neuen, aufregenden Themen rund um das Thema Bildung im Kiga, der Schule und zu Hause. Und weil Sie da an der Quelle sitzen, freuen wir uns auf Ihre konstruktiven R\u00fcckmeldungen und Anregungen an blog[@]backwinkel.de<br \/>\nViel Spa\u00df beim LACHEN LESEN LERNEN!<\/p>\n<\/div><\/div><\/section>\n<\/div><br \/>\n\n<style type=\"text\/css\" data-created_by=\"avia_inline_auto\" id=\"style-css-av-jkuvdh82-b6ea5d9aca5d02d0d62bf300de93e492\">\n#top .hr.av-jkuvdh82-b6ea5d9aca5d02d0d62bf300de93e492{\nmargin-top:10px;\nmargin-bottom:10px;\n}\n.hr.av-jkuvdh82-b6ea5d9aca5d02d0d62bf300de93e492 .hr-inner{\nwidth:500;\n}\n<\/style>\n<div  class='hr av-jkuvdh82-b6ea5d9aca5d02d0d62bf300de93e492 hr-custom  avia-builder-el-33  el_after_av_tab_container  el_before_av_heading  hr-left hr-icon-no'><span class='hr-inner inner-border-av-border-thin'><span class=\"hr-inner-style\"><\/span><\/span><\/div><br \/>\n\n<style type=\"text\/css\" data-created_by=\"avia_inline_auto\" id=\"style-css-av-2rgq8p-eea5960d1a3bca7958b11dcc59b35b67\">\n#top .av-special-heading.av-2rgq8p-eea5960d1a3bca7958b11dcc59b35b67{\npadding-bottom:10px;\n}\nbody .av-special-heading.av-2rgq8p-eea5960d1a3bca7958b11dcc59b35b67 .av-special-heading-tag .heading-char{\nfont-size:25px;\n}\n.av-special-heading.av-2rgq8p-eea5960d1a3bca7958b11dcc59b35b67 .av-subheading{\nfont-size:15px;\n}\n<\/style>\n<div  class='av-special-heading av-2rgq8p-eea5960d1a3bca7958b11dcc59b35b67 av-special-heading-h3 blockquote modern-quote  avia-builder-el-34  el_after_av_hr  el_before_av_blog '><h3 class='av-special-heading-tag '  >PASSENDE BEITR\u00c4GE<\/h3><div class=\"special-heading-border\"><div class=\"special-heading-inner-border\"><\/div><\/div><\/div><br \/>\n<div  data-slideshow-options=\"{&quot;animation&quot;:&quot;fade&quot;,&quot;autoplay&quot;:false,&quot;loop_autoplay&quot;:&quot;once&quot;,&quot;interval&quot;:5,&quot;loop_manual&quot;:&quot;manual-endless&quot;,&quot;autoplay_stopper&quot;:false,&quot;noNavigation&quot;:false,&quot;show_slide_delay&quot;:90}\" class='avia-content-slider avia-content-grid-active avia-content-slider1 avia-content-slider-odd  avia-builder-el-35  el_after_av_heading  avia-builder-el-last  av-slideshow-ui av-control-default   av-no-slider-navigation av-slideshow-manual av-loop-once av-loop-manual-endless ' ><div class=\"avia-content-slider-inner\"><div class=\"slide-entry-wrap\"><article class='slide-entry flex_column  post-entry post-entry-18633 slide-entry-overview slide-loop-1 slide-parity-odd  av_one_third first real-thumbnail posttype-post post-format-standard' ><a href='https:\/\/www.backwinkel.de\/blog\/plastik-recyceln\/' data-rel='slide-1' class='slide-image' title='Plastik recyceln'><img decoding=\"async\" fetchpriority=\"high\" width=\"1200\" height=\"628\" src=\"https:\/\/www.backwinkel.de\/blog\/wp-content\/uploads\/2026\/04\/04_Kiga_Plastik_nachhaltig_nutzen.jpg\" class=\"wp-image-18713 avia-img-lazy-loading-not-18713 attachment-no scaling size-no scaling wp-post-image\" alt=\"\" \/><\/a><div class=\"slide-content\"><header class=\"entry-content-header\" aria-label=\"Slide: Plastik recyceln\"><h3 class='slide-entry-title entry-title ' ><a href='https:\/\/www.backwinkel.de\/blog\/plastik-recyceln\/' title='Plastik recyceln'>Plastik recyceln<\/a><\/h3><span class=\"blog-categories minor-meta\"><a href=\"https:\/\/www.backwinkel.de\/blog\/category\/kindergarten-kita\/\" rel=\"tag\">Kindergarten<\/a> <\/span><span class=\"av-vertical-delimiter\"><\/span><\/header><div class='slide-entry-excerpt entry-content' >Biokunststoff f\u00fcr St\u00fchle, Materialboxen, Spielzeug und Rucks\u00e4cke<\/div><\/div><footer class=\"entry-footer\"><div class=\"slide-meta\"><time class='slide-meta-time updated' >14. April 2026<\/time><\/div><\/footer><\/article><article class='slide-entry flex_column  post-entry post-entry-18716 slide-entry-overview slide-loop-2 slide-parity-even  av_one_third  real-thumbnail posttype-post post-format-standard' ><a href='https:\/\/www.backwinkel.de\/blog\/rechnen-im-anfangsunterricht\/' data-rel='slide-1' class='slide-image' title='Rechnen im Anfangsunterricht'><img decoding=\"async\" fetchpriority=\"high\" width=\"1200\" height=\"628\" src=\"https:\/\/www.backwinkel.de\/blog\/wp-content\/uploads\/2026\/04\/04_Schule_Rechnen_anfangsunterricht.jpg\" class=\"wp-image-18748 avia-img-lazy-loading-not-18748 attachment-no scaling size-no scaling wp-post-image\" alt=\"\" \/><\/a><div class=\"slide-content\"><header class=\"entry-content-header\" aria-label=\"Slide: Rechnen im Anfangsunterricht\"><h3 class='slide-entry-title entry-title ' ><a href='https:\/\/www.backwinkel.de\/blog\/rechnen-im-anfangsunterricht\/' title='Rechnen im Anfangsunterricht'>Rechnen im Anfangsunterricht<\/a><\/h3><span class=\"blog-categories minor-meta\"><a href=\"https:\/\/www.backwinkel.de\/blog\/category\/schule-grundschule\/\" rel=\"tag\">Schule<\/a> <\/span><span class=\"av-vertical-delimiter\"><\/span><\/header><div class='slide-entry-excerpt entry-content' >Das Klassenzimmer als Lernlandschaft<\/div><\/div><footer class=\"entry-footer\"><div class=\"slide-meta\"><time class='slide-meta-time updated' >14. April 2026<\/time><\/div><\/footer><\/article><article class='slide-entry flex_column  post-entry post-entry-18372 slide-entry-overview slide-loop-3 slide-parity-odd  post-entry-last  av_one_third  real-thumbnail posttype-post post-format-standard' ><a href='https:\/\/www.backwinkel.de\/blog\/kranke-kinder-im-kindergarten\/' data-rel='slide-1' class='slide-image' title='Kranke Kinder im Kindergarten'><img decoding=\"async\" fetchpriority=\"high\" width=\"1200\" height=\"628\" src=\"https:\/\/www.backwinkel.de\/blog\/wp-content\/uploads\/2026\/03\/03_Kiga_Kranke_Kinder.jpg\" class=\"wp-image-18451 avia-img-lazy-loading-not-18451 attachment-no scaling size-no scaling wp-post-image\" alt=\"Thema: Kranke Kinder. Auf dem Bild ist ein krankes kleines M\u00e4dchen zu sehen. Eine Frau mit einem Fieberthermometer in der Hand sitzt neben ihr und hat die Hand auf der Stirn des M\u00e4dchens.\" \/><\/a><div class=\"slide-content\"><header class=\"entry-content-header\" aria-label=\"Slide: Kranke Kinder im Kindergarten\"><h3 class='slide-entry-title entry-title ' ><a href='https:\/\/www.backwinkel.de\/blog\/kranke-kinder-im-kindergarten\/' title='Kranke Kinder im Kindergarten'>Kranke Kinder im Kindergarten<\/a><\/h3><span class=\"blog-categories minor-meta\"><a href=\"https:\/\/www.backwinkel.de\/blog\/category\/kindergarten-kita\/\" rel=\"tag\">Kindergarten<\/a> <\/span><span class=\"av-vertical-delimiter\"><\/span><\/header><div class='slide-entry-excerpt entry-content' >Auswirkungen f\u00fcr Kinder, Eltern und Fachkr\u00e4fte<\/div><\/div><footer class=\"entry-footer\"><div class=\"slide-meta\"><time class='slide-meta-time updated' >9. M\u00e4rz 2026<\/time><\/div><\/footer><\/article><\/div><\/div><\/div><\/p><\/div>\n","protected":false},"excerpt":{"rendered":"<p>Diese Ideen und Tipps helfen dabei, selbst zum Klimaschutz beizutragen<\/p>\n","protected":false},"author":1,"featured_media":15568,"comment_status":"closed","ping_status":"closed","sticky":false,"template":"","format":"standard","meta":{"inline_featured_image":false,"footnotes":""},"categories":[6],"tags":[],"class_list":["post-15510","post","type-post","status-publish","format-standard","has-post-thumbnail","hentry","category-schule-grundschule"],"yoast_head":"<!-- This site is optimized with the Yoast SEO plugin v27.4 - https:\/\/yoast.com\/product\/yoast-seo-wordpress\/ -->\n<title>Klimafreundliche Schule | BACKWINKEL Blog<\/title>\n<meta name=\"description\" content=\"Wie Sie Ihre Schule mithilfe von kleinen Ideen und interessanten Projekten noch klimafreundlicher machen \u00bb Jetzt lesen\" \/>\n<meta name=\"robots\" content=\"index, follow, max-snippet:-1, max-image-preview:large, max-video-preview:-1\" \/>\n<link rel=\"canonical\" href=\"https:\/\/www.backwinkel.de\/blog\/klimafreundliche-schule\/\" \/>\n<meta property=\"og:locale\" content=\"de_DE\" \/>\n<meta property=\"og:type\" content=\"article\" \/>\n<meta property=\"og:title\" content=\"Klimafreundliche Schule | BACKWINKEL Blog\" \/>\n<meta property=\"og:description\" content=\"Wie Sie Ihre Schule mithilfe von kleinen Ideen und interessanten Projekten noch klimafreundlicher machen \u00bb Jetzt lesen\" \/>\n<meta property=\"og:url\" content=\"https:\/\/www.backwinkel.de\/blog\/klimafreundliche-schule\/\" \/>\n<meta property=\"og:site_name\" content=\"BACKWINKEL Blog\" \/>\n<meta property=\"article:published_time\" content=\"2024-11-11T08:17:42+00:00\" \/>\n<meta property=\"article:modified_time\" content=\"2026-04-27T06:14:10+00:00\" \/>\n<meta property=\"og:image\" content=\"https:\/\/www.backwinkel.de\/blog\/wp-content\/uploads\/2024\/09\/Klimafreundliche_schule-heroimage.jpg\" \/>\n\t<meta property=\"og:image:width\" content=\"1200\" \/>\n\t<meta property=\"og:image:height\" content=\"628\" \/>\n\t<meta property=\"og:image:type\" content=\"image\/jpeg\" \/>\n<meta name=\"author\" content=\"admin_backwinkel\" \/>\n<meta name=\"twitter:card\" content=\"summary_large_image\" \/>\n<meta name=\"twitter:label1\" content=\"Verfasst von\" \/>\n\t<meta name=\"twitter:data1\" content=\"admin_backwinkel\" \/>\n\t<meta name=\"twitter:label2\" content=\"Gesch\u00e4tzte Lesezeit\" \/>\n\t<meta name=\"twitter:data2\" content=\"11\u00a0Minuten\" \/>\n<script type=\"application\/ld+json\" class=\"yoast-schema-graph\">{\"@context\":\"https:\\\/\\\/schema.org\",\"@graph\":[{\"@type\":\"Article\",\"@id\":\"https:\\\/\\\/www.backwinkel.de\\\/blog\\\/klimafreundliche-schule\\\/#article\",\"isPartOf\":{\"@id\":\"https:\\\/\\\/www.backwinkel.de\\\/blog\\\/klimafreundliche-schule\\\/\"},\"author\":{\"name\":\"admin_backwinkel\",\"@id\":\"https:\\\/\\\/www.backwinkel.de\\\/blog\\\/#\\\/schema\\\/person\\\/88b842297c0e471020a66f4476633cf2\"},\"headline\":\"Klimafreundliche Schule\",\"datePublished\":\"2024-11-11T08:17:42+00:00\",\"dateModified\":\"2026-04-27T06:14:10+00:00\",\"mainEntityOfPage\":{\"@id\":\"https:\\\/\\\/www.backwinkel.de\\\/blog\\\/klimafreundliche-schule\\\/\"},\"wordCount\":4312,\"image\":{\"@id\":\"https:\\\/\\\/www.backwinkel.de\\\/blog\\\/klimafreundliche-schule\\\/#primaryimage\"},\"thumbnailUrl\":\"https:\\\/\\\/www.backwinkel.de\\\/blog\\\/wp-content\\\/uploads\\\/2024\\\/09\\\/Klimafreundliche_schule-heroimage.jpg\",\"articleSection\":[\"Schule\"],\"inLanguage\":\"de\"},{\"@type\":\"WebPage\",\"@id\":\"https:\\\/\\\/www.backwinkel.de\\\/blog\\\/klimafreundliche-schule\\\/\",\"url\":\"https:\\\/\\\/www.backwinkel.de\\\/blog\\\/klimafreundliche-schule\\\/\",\"name\":\"Klimafreundliche Schule | BACKWINKEL Blog\",\"isPartOf\":{\"@id\":\"https:\\\/\\\/www.backwinkel.de\\\/blog\\\/#website\"},\"primaryImageOfPage\":{\"@id\":\"https:\\\/\\\/www.backwinkel.de\\\/blog\\\/klimafreundliche-schule\\\/#primaryimage\"},\"image\":{\"@id\":\"https:\\\/\\\/www.backwinkel.de\\\/blog\\\/klimafreundliche-schule\\\/#primaryimage\"},\"thumbnailUrl\":\"https:\\\/\\\/www.backwinkel.de\\\/blog\\\/wp-content\\\/uploads\\\/2024\\\/09\\\/Klimafreundliche_schule-heroimage.jpg\",\"datePublished\":\"2024-11-11T08:17:42+00:00\",\"dateModified\":\"2026-04-27T06:14:10+00:00\",\"author\":{\"@id\":\"https:\\\/\\\/www.backwinkel.de\\\/blog\\\/#\\\/schema\\\/person\\\/88b842297c0e471020a66f4476633cf2\"},\"description\":\"Wie Sie Ihre Schule mithilfe von kleinen Ideen und interessanten Projekten noch klimafreundlicher machen \u00bb Jetzt lesen\",\"breadcrumb\":{\"@id\":\"https:\\\/\\\/www.backwinkel.de\\\/blog\\\/klimafreundliche-schule\\\/#breadcrumb\"},\"inLanguage\":\"de\",\"potentialAction\":[{\"@type\":\"ReadAction\",\"target\":[\"https:\\\/\\\/www.backwinkel.de\\\/blog\\\/klimafreundliche-schule\\\/\"]}]},{\"@type\":\"ImageObject\",\"inLanguage\":\"de\",\"@id\":\"https:\\\/\\\/www.backwinkel.de\\\/blog\\\/klimafreundliche-schule\\\/#primaryimage\",\"url\":\"https:\\\/\\\/www.backwinkel.de\\\/blog\\\/wp-content\\\/uploads\\\/2024\\\/09\\\/Klimafreundliche_schule-heroimage.jpg\",\"contentUrl\":\"https:\\\/\\\/www.backwinkel.de\\\/blog\\\/wp-content\\\/uploads\\\/2024\\\/09\\\/Klimafreundliche_schule-heroimage.jpg\",\"width\":1200,\"height\":628},{\"@type\":\"BreadcrumbList\",\"@id\":\"https:\\\/\\\/www.backwinkel.de\\\/blog\\\/klimafreundliche-schule\\\/#breadcrumb\",\"itemListElement\":[{\"@type\":\"ListItem\",\"position\":1,\"name\":\"Startseite\",\"item\":\"https:\\\/\\\/blog.backwinkel.de\\\/aktuelles\\\/\"},{\"@type\":\"ListItem\",\"position\":2,\"name\":\"Klimafreundliche Schule\"}]},{\"@type\":\"WebSite\",\"@id\":\"https:\\\/\\\/www.backwinkel.de\\\/blog\\\/#website\",\"url\":\"https:\\\/\\\/www.backwinkel.de\\\/blog\\\/\",\"name\":\"BACKWINKEL Blog\",\"description\":\"f\u00fcr Lehrer, Erzieher und Eltern\",\"potentialAction\":[{\"@type\":\"SearchAction\",\"target\":{\"@type\":\"EntryPoint\",\"urlTemplate\":\"https:\\\/\\\/www.backwinkel.de\\\/blog\\\/?s={search_term_string}\"},\"query-input\":{\"@type\":\"PropertyValueSpecification\",\"valueRequired\":true,\"valueName\":\"search_term_string\"}}],\"inLanguage\":\"de\"},{\"@type\":\"Person\",\"@id\":\"https:\\\/\\\/www.backwinkel.de\\\/blog\\\/#\\\/schema\\\/person\\\/88b842297c0e471020a66f4476633cf2\",\"name\":\"admin_backwinkel\",\"url\":\"https:\\\/\\\/www.backwinkel.de\\\/blog\\\/author\\\/admin_backwinkel\\\/\"}]}<\/script>\n<!-- \/ Yoast SEO plugin. -->","yoast_head_json":{"title":"Klimafreundliche Schule | BACKWINKEL Blog","description":"Wie Sie Ihre Schule mithilfe von kleinen Ideen und interessanten Projekten noch klimafreundlicher machen \u00bb Jetzt lesen","robots":{"index":"index","follow":"follow","max-snippet":"max-snippet:-1","max-image-preview":"max-image-preview:large","max-video-preview":"max-video-preview:-1"},"canonical":"https:\/\/www.backwinkel.de\/blog\/klimafreundliche-schule\/","og_locale":"de_DE","og_type":"article","og_title":"Klimafreundliche Schule | BACKWINKEL Blog","og_description":"Wie Sie Ihre Schule mithilfe von kleinen Ideen und interessanten Projekten noch klimafreundlicher machen \u00bb Jetzt lesen","og_url":"https:\/\/www.backwinkel.de\/blog\/klimafreundliche-schule\/","og_site_name":"BACKWINKEL Blog","article_published_time":"2024-11-11T08:17:42+00:00","article_modified_time":"2026-04-27T06:14:10+00:00","og_image":[{"width":1200,"height":628,"url":"https:\/\/www.backwinkel.de\/blog\/wp-content\/uploads\/2024\/09\/Klimafreundliche_schule-heroimage.jpg","type":"image\/jpeg"}],"author":"admin_backwinkel","twitter_card":"summary_large_image","twitter_misc":{"Verfasst von":"admin_backwinkel","Gesch\u00e4tzte Lesezeit":"11\u00a0Minuten"},"schema":{"@context":"https:\/\/schema.org","@graph":[{"@type":"Article","@id":"https:\/\/www.backwinkel.de\/blog\/klimafreundliche-schule\/#article","isPartOf":{"@id":"https:\/\/www.backwinkel.de\/blog\/klimafreundliche-schule\/"},"author":{"name":"admin_backwinkel","@id":"https:\/\/www.backwinkel.de\/blog\/#\/schema\/person\/88b842297c0e471020a66f4476633cf2"},"headline":"Klimafreundliche Schule","datePublished":"2024-11-11T08:17:42+00:00","dateModified":"2026-04-27T06:14:10+00:00","mainEntityOfPage":{"@id":"https:\/\/www.backwinkel.de\/blog\/klimafreundliche-schule\/"},"wordCount":4312,"image":{"@id":"https:\/\/www.backwinkel.de\/blog\/klimafreundliche-schule\/#primaryimage"},"thumbnailUrl":"https:\/\/www.backwinkel.de\/blog\/wp-content\/uploads\/2024\/09\/Klimafreundliche_schule-heroimage.jpg","articleSection":["Schule"],"inLanguage":"de"},{"@type":"WebPage","@id":"https:\/\/www.backwinkel.de\/blog\/klimafreundliche-schule\/","url":"https:\/\/www.backwinkel.de\/blog\/klimafreundliche-schule\/","name":"Klimafreundliche Schule | BACKWINKEL Blog","isPartOf":{"@id":"https:\/\/www.backwinkel.de\/blog\/#website"},"primaryImageOfPage":{"@id":"https:\/\/www.backwinkel.de\/blog\/klimafreundliche-schule\/#primaryimage"},"image":{"@id":"https:\/\/www.backwinkel.de\/blog\/klimafreundliche-schule\/#primaryimage"},"thumbnailUrl":"https:\/\/www.backwinkel.de\/blog\/wp-content\/uploads\/2024\/09\/Klimafreundliche_schule-heroimage.jpg","datePublished":"2024-11-11T08:17:42+00:00","dateModified":"2026-04-27T06:14:10+00:00","author":{"@id":"https:\/\/www.backwinkel.de\/blog\/#\/schema\/person\/88b842297c0e471020a66f4476633cf2"},"description":"Wie Sie Ihre Schule mithilfe von kleinen Ideen und interessanten Projekten noch klimafreundlicher machen \u00bb Jetzt lesen","breadcrumb":{"@id":"https:\/\/www.backwinkel.de\/blog\/klimafreundliche-schule\/#breadcrumb"},"inLanguage":"de","potentialAction":[{"@type":"ReadAction","target":["https:\/\/www.backwinkel.de\/blog\/klimafreundliche-schule\/"]}]},{"@type":"ImageObject","inLanguage":"de","@id":"https:\/\/www.backwinkel.de\/blog\/klimafreundliche-schule\/#primaryimage","url":"https:\/\/www.backwinkel.de\/blog\/wp-content\/uploads\/2024\/09\/Klimafreundliche_schule-heroimage.jpg","contentUrl":"https:\/\/www.backwinkel.de\/blog\/wp-content\/uploads\/2024\/09\/Klimafreundliche_schule-heroimage.jpg","width":1200,"height":628},{"@type":"BreadcrumbList","@id":"https:\/\/www.backwinkel.de\/blog\/klimafreundliche-schule\/#breadcrumb","itemListElement":[{"@type":"ListItem","position":1,"name":"Startseite","item":"https:\/\/blog.backwinkel.de\/aktuelles\/"},{"@type":"ListItem","position":2,"name":"Klimafreundliche Schule"}]},{"@type":"WebSite","@id":"https:\/\/www.backwinkel.de\/blog\/#website","url":"https:\/\/www.backwinkel.de\/blog\/","name":"BACKWINKEL Blog","description":"f\u00fcr Lehrer, Erzieher und Eltern","potentialAction":[{"@type":"SearchAction","target":{"@type":"EntryPoint","urlTemplate":"https:\/\/www.backwinkel.de\/blog\/?s={search_term_string}"},"query-input":{"@type":"PropertyValueSpecification","valueRequired":true,"valueName":"search_term_string"}}],"inLanguage":"de"},{"@type":"Person","@id":"https:\/\/www.backwinkel.de\/blog\/#\/schema\/person\/88b842297c0e471020a66f4476633cf2","name":"admin_backwinkel","url":"https:\/\/www.backwinkel.de\/blog\/author\/admin_backwinkel\/"}]}},"_links":{"self":[{"href":"https:\/\/www.backwinkel.de\/blog\/wp-json\/wp\/v2\/posts\/15510","targetHints":{"allow":["GET"]}}],"collection":[{"href":"https:\/\/www.backwinkel.de\/blog\/wp-json\/wp\/v2\/posts"}],"about":[{"href":"https:\/\/www.backwinkel.de\/blog\/wp-json\/wp\/v2\/types\/post"}],"author":[{"embeddable":true,"href":"https:\/\/www.backwinkel.de\/blog\/wp-json\/wp\/v2\/users\/1"}],"replies":[{"embeddable":true,"href":"https:\/\/www.backwinkel.de\/blog\/wp-json\/wp\/v2\/comments?post=15510"}],"version-history":[{"count":3,"href":"https:\/\/www.backwinkel.de\/blog\/wp-json\/wp\/v2\/posts\/15510\/revisions"}],"predecessor-version":[{"id":19005,"href":"https:\/\/www.backwinkel.de\/blog\/wp-json\/wp\/v2\/posts\/15510\/revisions\/19005"}],"wp:featuredmedia":[{"embeddable":true,"href":"https:\/\/www.backwinkel.de\/blog\/wp-json\/wp\/v2\/media\/15568"}],"wp:attachment":[{"href":"https:\/\/www.backwinkel.de\/blog\/wp-json\/wp\/v2\/media?parent=15510"}],"wp:term":[{"taxonomy":"category","embeddable":true,"href":"https:\/\/www.backwinkel.de\/blog\/wp-json\/wp\/v2\/categories?post=15510"},{"taxonomy":"post_tag","embeddable":true,"href":"https:\/\/www.backwinkel.de\/blog\/wp-json\/wp\/v2\/tags?post=15510"}],"curies":[{"name":"wp","href":"https:\/\/api.w.org\/{rel}","templated":true}]}}